{"id":17256,"date":"2010-10-03T00:00:00","date_gmt":"2010-10-03T00:00:00","guid":{"rendered":"https:\/\/tunisnews.net\/3-octobre-2010\/"},"modified":"2010-10-03T00:00:00","modified_gmt":"2010-10-03T00:00:00","slug":"3-octobre-2010","status":"publish","type":"post","link":"https:\/\/tunisnews.net\/ar\/3-octobre-2010\/","title":{"rendered":"3 octobre 2010"},"content":{"rendered":"<p><html><head><meta content=\"text\/html\" description=\"Les autorit\u00e9s marocaines viennent de refouler M. Kamel Jendoubi, \n\t\tpr\u00e9sident du R\u00e9seau eurom\u00e9diterran\u00e9en des droits de l\u2019Homme sans aucun \n\t\tmotif officiel. Militant tunisien des droits de l\u2019homme de longue date, \n\t\tKamel Jendoubi, ancien r\u00e9fugi\u00e9 politique en France est d\u00e9j\u00e0 interdit de \n\t\ts\u00e9jour dans son pays natal.\" http-equiv=\"Content-Type\"\/><\/head><body><body><\/p>\n<p align=\"center\" dir=\"ltr\"><font face=\"Arial\" size=\"2\"><b><a href=\"http:\/\/www.tunisnews.net\/\"><span>Home<\/span><span lang=\"FR-CH\"> &#8211; Accuei<\/span><\/a><span lang=\"FR-CH\">l<\/span><\/b><\/font><\/p>\n<div>\n<div><font face=\"Arial\" size=\"2\"><\/p>\n<div>\n<div>\n<div>\n<div align=\"center\" dir=\"ltr\"><font face=\"Bookman Old Style\" size=\"7\"><strong>TUNISNEWS <\/strong><\/font><\/div>\n<div align=\"center\" dir=\"ltr\">\n<div><strong><font>10\u00a0\u00e8me ann\u00e9e,<span lang=\"FR\">N\u00b0\u00a03785 du 03.10.2010<\/span><\/font><\/strong><\/div>\n<\/div>\n<div align=\"center\"><span><font><strong>\u00a0archives : <\/strong><\/font><a target=\"_blank\" rel=\"noopener\"><font><strong>www.tunisnews.net<\/strong><\/font><\/a><\/span><span lang=\"FR\">\u00a0<\/span><\/div>\n<p><font><\/p>\n<div>\n<hr\/>\n<\/div>\n<p><\/font><\/div>\n<\/div>\n<\/div>\n<p><\/font><\/div>\n<div><span lang=\"EN-GB\"><font face=\"Times New Roman\"><span><strong>LADDH: Kamel Jendoubi interdit de s\u00e9jour au Maghreb <font>Moudhafer Labidi: De Kebili \u00e0 Mornaguia (seconde partie)<\/font> Luiza Toscane: Tunisie : victoire de la population \u00e0 Ben Guerdane <font>Pierre Coopman: Censures douces et dures du Maghreb<\/font> Tunivision: Ramadan 2011 : Viol, drogue, violence, escroquerie\u2026Verra-t-on toujours les m\u00eames recettes ? <font>Bassam Bounenni: Monde arabe : des moments charni\u00e8res\u2026<\/font> Reuters: Le pr\u00e9sident allemand salue le r\u00f4le de l&rsquo;islam en Allemagne<\/strong><\/span><\/font><\/span><\/div>\n<div>\n<hr\/>\n<\/div>\n<div align=\"center\"><strong><font face=\"Arial\" size=\"2\">Ligue alg\u00e9rienne pour la d\u00e9fense des droits de l&rsquo;homme (LADDH)<\/font><\/strong><\/div>\n<p><font face=\"Arial\" size=\"2\"><\/p>\n<div align=\"center\"><strong><\/p>\n<h2 style=\"color: red;\"><font size=\"3\">Kamel Jendoubi interdit de s\u00e9jour au Maghreb<\/font><\/h2>\n<p><\/strong><\/div>\n<div>\n<hr\/>\n<p> Les autorit\u00e9s marocaines viennent de refouler M. Kamel Jendoubi, pr\u00e9sident du R\u00e9seau eurom\u00e9diterran\u00e9en des droits de l\u2019Homme sans aucun motif officiel. Militant tunisien des droits de l\u2019homme de longue date, Kamel Jendoubi, ancien r\u00e9fugi\u00e9 politique en France est d\u00e9j\u00e0 interdit de s\u00e9jour dans son pays natal.  Tout laisse croire que le gouvernement marocain a\u00a0 r\u00e9pondu \u00e0 des injonctions du r\u00e9gime\u00a0 tunisien pour interdire l\u2019entr\u00e9e au Maroc de Kamel Jendoubi.  La LADDH exprime son indignation face \u00e0 une mesure injustifi\u00e9e et injustifiable\u00a0 qui d\u00e9montre les liens policiers qui existent entre les gouvernements du Maghreb au m\u00e9pris des droits les plus fondamentaux. Elle estime que Kamel Jendoubi a droit \u00e0\u00a0 des excuses\u00a0 de la part des autorit\u00e9s marocaines qui doivent revenir sur cette mesure arbitraire. &#8211;\u00a0\u00a0\u00a0\u00a0\u00a0\u00a0\u00a0\u00a0  Elle exprime sa totale solidarit\u00e9 avec Kamel JENDOUBI, le REMDH et le CRLDHT et appelle la Coordination Maghr\u00e9bine des Organisations des Droits Humains \u00e0 r\u00e9agir vigoureusement, tout en \u00e9tant dispos\u00e9e \u00e0 \u0153uvrer avec l\u2019ensemble des composantes du mouvement des droits humains au Maroc et ailleurs pour d\u00e9noncer le refoulement de JENDOUBI et d\u00e9fendre les libert\u00e9s et les droits humains au Maroc dont le respect connait une v\u00e9ritable r\u00e9gression. \u00a0La LADDH consid\u00e8re que le refoulement de JENDOUBI est \u00e9galement une mesure r\u00e9pressive contre les d\u00e9fenseurs tunisiens des droits humains et exprime sa totale solidarit\u00e9 avec l\u2019ensemble des d\u00e9mocrates tunisiens dans leur combat contre la dictature et pour le respect des droits humains en Tunisie. La LADDH rappelle \u00e0 cette occasion que les ONG internationales des droits de l\u2019homme sont interdites d\u2019entr\u00e9e en Alg\u00e9rie depuis de nombreuses ann\u00e9es ainsi que d\u2019honorables militants tunisiens des droits de l\u2019homme, Sihem Bensedrine et Khema\u00efs Chemari,qui ont \u00e9t\u00e9 refoul\u00e9s \u00e0 leur entr\u00e9e en Alg\u00e9rie. Le autoritaire hostile aux droits de l\u2019homme La LADDH interpelle l\u2019opinion nationale et internationale\u00a0 sur cette situation qui devient insupportable pour le citoyen maghr\u00e9bin.  <strong><font>Le Comit\u00e9 Directeur de la LADDH<\/font><\/strong> 3 octobre 2010<\/div>\n<div>\n<hr\/>\n<\/div>\n<div>\n<div align=\"center\">\n<h2 style=\"color: red;\"><font face=\"Arial\" size=\"3\"><strong>Jendoubi : le militant des droits de l&rsquo;Homme refoul\u00e9 du Maroc<\/strong><\/font><\/h2>\n<\/div>\n<div align=\"center\">\n<hr\/>\n<\/div>\n<div><font size=\"2\">Le franco-tunisien Kamel Jendoubi a \u00e9t\u00e9 interdit de d\u00e9barquer de son avion \u00e0 son arriv\u00e9e. Plusieurs ONG soup\u00e7onnent l&rsquo;intervention du r\u00e9gime tunisien, vis-\u00e0-vis duquel le militant est tr\u00e8s critique.<\/font><\/div>\n<div>\n<div>Le <strong>militant des droits de l&rsquo;Homme<\/strong> franco-tunisien <strong>Kamel Jendoubi<\/strong> a \u00e9t\u00e9 refoul\u00e9 du<strong> Maroc<\/strong> \u00ab\u00a0sans aucun motif officiel\u00a0\u00bb, ont annonc\u00e9 vendredi 1er octobre \u00e0 Paris plusieurs organisations non gouvernementales, qui soup\u00e7onnent Rabat d&rsquo;avoir agi \u00e0 la demande de la Tunisie. Kamel Jendoubi, pr\u00e9sident du R\u00e9seau eurom\u00e9diterran\u00e9en des droits de l&rsquo;Homme, a \u00e9t\u00e9 emp\u00each\u00e9 de d\u00e9barquer de l&rsquo;avion qui l&rsquo;avait amen\u00e9 jeudi au Maroc, o\u00f9 il venait recevoir, avec d&rsquo;autres militants du monde arabe, \u00ab\u00a0un hommage \u00e0 son action en faveur des droits de l&rsquo;Homme\u00a0\u00bb, expliquent dans un communiqu\u00e9 commun six associations, dont la F\u00e9d\u00e9ration internationale des ligues des droits de l&rsquo;Homme (FIDH). Le militant, tr\u00e8s critique vis-\u00e0-vis du r\u00e9gime tunisien, a \u00e9t\u00e9 contraint de passer la nuit dans l&rsquo;avion avant de repartir pour Paris o\u00f9 il est arriv\u00e9 vendredi. \u00ab\u00a0Tout laisse \u00e0 croire que le gouvernement marocain a ainsi r\u00e9pondu aux <strong>injonctions<\/strong> du r\u00e9gime tunisien\u00a0\u00bb, accusent les ONG. \u00a0 <strong>\u00ab\u00a0Pression tr\u00e8s forte de la Tunisie\u00a0\u00bb<\/strong> Elles \u00ab\u00a0expriment leur indignation face \u00e0 une mesure injustifi\u00e9e et injustifiable et qui d\u00e9montre les liens policiers qui existent entre les Etats de la r\u00e9gion, au m\u00e9pris des droits les plus fondamentaux\u00a0\u00bb. Joint \u00e0 son arriv\u00e9e \u00e0 Paris, o\u00f9 il r\u00e9side depuis 1972, Kamel Jendoubi affirme avoir \u00e9t\u00e9 \u00ab\u00a0tr\u00e8s surpris\u00a0\u00bb par son refoulement, alors qu&rsquo;il dit entretenir des rapports r\u00e9guliers avec les autorit\u00e9s de Rabat, o\u00f9 il se rend r\u00e9guli\u00e8rement. \u00ab\u00a0Je ne peux que supposer qu&rsquo;il y a eu une pression tr\u00e8s forte de la Tunisie\u00a0\u00bb, a ajout\u00e9 Kamel Jendoubi, 58 ans, rappelant que les autorit\u00e9s tunisiennes lui refusaient depuis mars 2000 le renouvellement de son passeport. \u00a0 (Nouvelobs.com avec AFP)<\/div>\n<div>\u00a0<\/div>\n<div><strong><font><span>(Source: Nouvelobs.com\u00a0 \u00a003\/10\/10<\/span> <span>12:11)<\/span><\/font><\/strong><\/div>\n<\/div>\n<\/div>\n<p><\/font><\/p>\n<div>\n<hr\/>\n<\/div>\n<div><font face=\"Arial\" size=\"2\"><\/p>\n<div align=\"center\">\n<h2 style=\"color: red;\"><font face=\"Arial\"><strong>De Kebili \u00e0 Mornaguia (seconde partie)<\/strong><\/font><\/h2>\n<\/div>\n<p><font face=\"Arial\"><\/p>\n<div align=\"justify\">\n<hr\/>\n<p> <font size=\"2\">Par Moudhafer Labidi, vendredi 14 mai 2010 Nous \u00e9tions quinze prisonniers dans la fourgonnette et nous avions beaucoup de bagages. Nous \u00e9tions entass\u00e9s comme une marchandise p\u00e9rim\u00e9e dont le propri\u00e9taire voudrait se d\u00e9barrasser. Le temps s\u2019\u00e9coulait avec lenteur. Nous transpirions. Des prisonniers discutaient. Chacun pensait \u00e0 ce qui l\u2019attendait, se demandait dans quelle prison il allait \u00eatre transf\u00e9r\u00e9. Je laissais aller mon imagination et je me rem\u00e9morais les jours o\u00f9 nous nous r\u00e9unissions au local de l\u2019Union locale de Redeyef. Chaque dimanche, nous sortions en grand nombre et nous parcourions les rues de la ville en scandant nos slogans habituels \u00ab\u00a0<i>Travail, libert\u00e9, dignit\u00e9 nationale<\/i>\u00a0\u00bb, \u00ab\u00a0<i>Nous ne mourrons pas, mais nous extirperons la r\u00e9pression de notre terre<\/i>\u00a0\u00bb \u00ab\u00a0<i>Fermet\u00e9, fermet\u00e9 contre l\u2019ordre des mafias<\/i>\u00a0\u00bb \u00ab\u00a0<i>Citoyen, victime, sors, parle de l\u2019affaire<\/i>\u00a0\u00bb. Soudain, la fourgonnette stoppe, le moteur se tait et la porte s\u2019ouvre. Les cris des brutaux agents s\u2019\u00e9l\u00e8vent. \u00ab\u00a0Descends, descends, c\u2019est la prison de Gab\u00e8s\u00a0\u00bb dit l\u2019un des prisonniers. Nous avons \u00e9t\u00e9 tri\u00e9s dans le hangar. Des prisonniers ont pris leurs bagages et j\u2019attendais mon tour mais j\u2019ai \u00e9t\u00e9 reconduit \u00e0 la maudite fourgonnette. De nouveaux prisonniers sont arriv\u00e9s et sont mont\u00e9s dans la fourgonnette. Quelques minutes plus tard, les portes se sont referm\u00e9es. Le moteur de la maudite fourgonnette a vrombi de nouveau. Les nouveaux venus me demandent o\u00f9 on les emm\u00e8ne, je leur r\u00e9ponds que je l\u2019ignore puis une longue conversation s\u2019amorce \u00e0 propos de mon affaire. C\u2019est que nous \u00e9tions connus et ils m\u2019ont exprim\u00e9 leur sympathie au vu de ce que nous avions endur\u00e9, de la part des tortionnaires, dans et hors la prison. Cette fois-ci, le trajet \u00e9tait long. Tous se sont tus. Mon esprit vagabondait dans les montagnes de Redeyef o\u00f9 nous nous \u00e9tions mis \u00e0 l\u2019abri des escouades de la police qui nous avaient contraints \u00e0 quitter la ville en faisant intrusion dans nos domiciles et en kidnappant ceux qui restaient dans les zones civilis\u00e9es, pour finir par tirer \u00e0 balles r\u00e9elles sur des milliers de manifestants. Nous allions \u00e0 tour de r\u00f4le chercher de l\u2019eau et de la nourriture, risquant \u00e0 tout moment d\u2019\u00eatre embarqu\u00e9s. La \u00ab\u00a0maudite\u00a0\u00bb a stopp\u00e9 une seconde fois, et une seconde fois le moteur s\u2019est tu et la porte s\u2019est ouverte. Oui, j\u2019\u00e9tais d\u00e9j\u00e0 pass\u00e9 par l\u00e0, \u00e0 Haouareb, la prison de Kairouan, J\u2019ai descendu mes affaires et j\u2019ai attendu. Est-ce que je devrai rentrer dans cette prison\u00a0? Un gardien a appel\u00e9 mon nom, je me suis approch\u00e9 mais il m\u2019a indiqu\u00e9 du doigt la \u00ab\u00a0maudite\u00a0\u00bb, pardon, une autre fourgonnette qui m\u2019emm\u00e8nerait dans une autre prison et je n\u2019avais qu\u2019\u00e0 obtemp\u00e9rer. Je me suis assis, toujours menott\u00e9. La maudite fourgonnette a red\u00e9marr\u00e9. Une autre fourgonnette, une autre prison, d\u2019autres prisonniers mais je me demandais bien o\u00f9 cette fois-ci\u00a0? De fa\u00e7on obsessionnelle, je me replongeais dans mes souvenirs pas si lointains, mais de beaux souvenirs, qui ne reviendront pas malheureusement. Le jour o\u00f9 le camarade Adnane a vu son activit\u00e9 syndicale gel\u00e9e. Nous avons alors annonc\u00e9 \u00e0 la maison des syndicats que la ville rentrerait en gr\u00e8ve g\u00e9n\u00e9rale pour la lev\u00e9e de ce gel et la satisfaction de nos revendications de d\u00e9veloppement, de distribution juste des richesses, de travail et de dignit\u00e9\u2026 Les forces de police mobilis\u00e9es \u00e9taient telles qu\u2019on imaginait que tout Redeyef serait bombard\u00e9. La maudite s\u2019arr\u00eate et la porte s\u2019ouvre. Je descends et me retrouve \u00e0 la prison de Borj El Amri. Etais-je arriv\u00e9\u00a0? Un prisonnier a pris ses affaires puis nous sommes revenus \u00e0 la fourgonnette qui a red\u00e9marr\u00e9 avec nous \u00e0 l\u2019int\u00e9rieur. Cette fois-ci je n\u2019en pouvais plus d\u2019attendre. Ma patience \u00e9tait \u00e0 bout, depuis cinq heures du matin je voyageais sans savoir pour quelle destination. Mais je n\u2019ai pas eu le temps de me replonger dans mes r\u00e9flexions. Le moteur s\u2019est arr\u00eat\u00e9 et la porte s\u2019est ouverte. L\u2019agent nous a inform\u00e9s que nous \u00e9tions arriv\u00e9s, cette fois-ci \u00e0 la prison de Mornaguia. Je faillis m\u2019envoler, de joie car j\u2019allai voir mon p\u00e8re et ma m\u00e8re n\u2019aurait pas \u00e0 subir la fatigue du trajet.<\/font><\/div>\n<div align=\"justify\"><span lang=\"FR\"><font size=\"2\">Merci d\u2019avoir suivi ce p\u00e9riple. Vous pouvez le commenter.  <strong><font>Moudhafer Labidi<\/font><\/strong><\/font><\/span><\/div>\n<div align=\"justify\"><span lang=\"FR\"><font size=\"2\">(traduction ni revue ni corrig\u00e9e par l\u2019auteur de la version en arabe, LT)<\/font><\/span><\/div>\n<p><\/font><\/font><\/div>\n<div>\u00a0<\/div>\n<div align=\"center\">\n<hr\/>\n<\/div>\n<p><font face=\"Arial\" size=\"2\"><\/p>\n<div align=\"justify\">\u00a0<\/div>\n<div align=\"center\"><b><span lang=\"FR\"><font size=\"3\">Victoire de la population \u00e0 Ben Guerdane<\/font><\/span><\/b><\/div>\n<div>\n<hr\/>\n<\/div>\n<div>\n<p><b><span lang=\"FR\">La population de la r\u00e9gion de Ben Guerdane, frontali\u00e8re de la Libye, a manifest\u00e9 le 9 ao\u00fbt dernier pour protester contre la fermeture brutale du poste fronti\u00e8re de Ras Jdir. Les affrontements ont repris le 15 ao\u00fbt et ont dur\u00e9 toute la semaine. R\u00e9gion enclav\u00e9e entre la mer et le d\u00e9sert, priv\u00e9e d\u2019infrastructures \u00e9conomiques, c\u2019est vers le commerce ou l\u2019\u00e9migration que se tournent ses habitants. Chaleur et ramadan obligent, c\u2019est la nuit que les manifestants ont protest\u00e9 contre une mesure les privant de leur unique source de revenu, le commerce transfrontalier. La r\u00e9ponse des autorit\u00e9s ne s\u2019est pas faite attendre\u00a0: d\u00e9ploiement de forces de police amen\u00e9es en renfort d\u2019autres r\u00e9gions du pays, r\u00e9quisition de b\u00e2timents et de transports publics, brutalit\u00e9s inou\u00efes, arrestations massives, torture et incarc\u00e9rations de centaines de personnes.<\/span><\/b><\/p>\n<p><span lang=\"FR\">Le mouvement de Ben Guerdane n\u2019est que la derni\u00e8re en date des manifestations de populations laiss\u00e9es pour compte\u00a0: en effet, l\u2019ann\u00e9e 2010 a vu, dans la foul\u00e9e du soul\u00e8vement du bassin minier de 2008, celui des ch\u00f4meurs et de la population de la Skhira. Pour autant le mouvement de Ben Guerdane se distingue des pr\u00e9c\u00e9dents par la nature sociale des manifestants, pour l\u2019essentiel des commer\u00e7ants, ou des employ\u00e9s de petits commerces, ou des jeunes n\u2019ayant pour unique perspective que de rejoindre les premiers, dans un secteur largement informel, et par l\u2019objectif \u00e0 court terme de la mobilisation, l\u2019ouverture de la fronti\u00e8re. Tertio, les manifestants ont gagn\u00e9, le pouvoir a c\u00e9d\u00e9\u00a0! La fronti\u00e8re a \u00e9t\u00e9 r\u00e9-ouverte au passage des marchandises et des centaines de d\u00e9tenus ont \u00e9t\u00e9 lib\u00e9r\u00e9s. <\/span><\/p>\n<p><span lang=\"FR\">Si la raison de la fermeture est rest\u00e9e opaque,-probablement due au pr\u00e9judice que l\u2019importation de Libye de marchandises \u00e0 des prix d\u00e9fiant toute concurrence faisait subir \u00e0 des commer\u00e7ants proches du pouvoir,-c\u2019est sans explication, mais au lendemain du voyage \u00e0 Tripoli de responsables tunisiens qu\u2019elle a \u00e9t\u00e9 r\u00e9-ouverte. Le parti au pouvoir, actuellement en campagne pour que la Constitution tunisienne soit amend\u00e9e pour permettre \u00e0 l\u2019actuel pr\u00e9sident de briguer un sixi\u00e8me mandat, a tent\u00e9 de r\u00e9cup\u00e9rer \u00e0 son profit les manifestations de joie et de victoire qui ont \u00e9clat\u00e9 aussi spontan\u00e9ment que les celles, de protestation, des jours pr\u00e9c\u00e9dents. <\/span><\/p>\n<p><span lang=\"FR\">N\u00e9anmoins la taxe exorbitante sur l\u2019entr\u00e9e en Libye de 150 dinars tunisiens que les autorit\u00e9s avaient promis de supprimer a \u00e9t\u00e9 maintenue, et a cr\u00e9\u00e9 des diff\u00e9renciations, seule une minorit\u00e9 de commer\u00e7ants pouvant s\u2019en acquitter. Enfin dans une volont\u00e9 de clore le dossier, \u00ab\u00a0<i>toutes les personnes incarc\u00e9r\u00e9es ont \u00e9t\u00e9 finalement lib\u00e9r\u00e9es, sans<\/i> charges\u00a0\u00bb<a target=\"_blank\" title=\"\" rel=\"noopener\"><span><font>[1]<\/font><\/span><\/a>, selon Houssine Bettaieb, un syndicaliste de l\u2019union locale de l\u2019Union G\u00e9n\u00e9rale Tunisienne du Travail (UGTT) de Ben Guerdane.<\/span><\/p>\n<p><span lang=\"FR\">Largement spontan\u00e9, ce mouvement est \u00e0 mettre \u00e0 l\u2019actif de la jeunesse de Ben Guerdane,-de nombreux mineurs ont \u00e9t\u00e9 incarc\u00e9r\u00e9s-un mouvement conjugu\u00e9 au masculin. Quant aux femmes, \u00ab\u00a0<i>elles ont \u00e9t\u00e9 aux premi\u00e8res loges<\/i>\u00a0\u00bb, selon Houssine Bettaieb, \u00ab\u00a0<i>de la r\u00e9sistance lors des descentes de police dans les domiciles et les quartiers et ont alors pris leur part de la violence polici\u00e8re<\/i>\u00a0\u00bb. Une population isol\u00e9e\u00a0? Les manifestations de Ben Guerdane, nocturnes, n\u2019ont pas \u00e9t\u00e9 film\u00e9es ni enregistr\u00e9es et n\u2019ont b\u00e9n\u00e9fici\u00e9 que d\u2019une faible couverture m\u00e9diatique. Des plaintes ont \u00e9t\u00e9 d\u00e9pos\u00e9es par des victimes de tortures, et les commer\u00e7ants, dont les locaux ont \u00e9t\u00e9 saccag\u00e9s par la police, ont fait \u00e9galement appel \u00e0 un huissier notaire pour obtenir r\u00e9paration des pr\u00e9judices subis.<\/span><\/p>\n<p><span lang=\"FR\">La seule manifestation diurne, le 17 ao\u00fbt, devant la d\u00e9l\u00e9gation de Ben Guerdane, un rassemblement des familles des personnes arr\u00eat\u00e9es, a vu la participation de dipl\u00f4m\u00e9s ch\u00f4meurs. Ils r\u00e9clamaient la v\u00e9rit\u00e9 sur les arrestations et la lib\u00e9ration des leurs.<\/span><\/p>\n<p><span lang=\"FR\">C\u2019est du c\u00f4t\u00e9 syndical qu\u2019est venu le soutien, de la F\u00e9d\u00e9ration de l\u2019enseignement secondaire de l\u2019UGTT, d\u2019une part, et au plan local, s\u2019ils n\u2019ont pas particip\u00e9 aux manifestations, des syndicalistes de l\u2019UGTT ont constitu\u00e9 un \u00ab\u00a0<i>comit\u00e9 de\u00a0suivi des \u00e9v\u00e9nements de Ben Guerdane<\/i>\u00a0\u00bb. Houssine Bettaieb d\u00e9crit le r\u00f4le de la centrale syndicale qui \u00ab\u00a0<i>a suivi au plus au niveau, jour apr\u00e8s jour, les \u00e9v\u00e9nements, le Bureau Ex\u00e9cutif ayant mandat\u00e9 une d\u00e9l\u00e9gation de trois personnes pour rencontrer le gouverneur de M\u00e9denine et se rendre \u00e0 Ben Guerdane le 20 ao\u00fbt s\u2019entretenir avec la population et \u00e9valuer les d\u00e9g\u00e2ts mat\u00e9riels<\/i>\u00a0\u00bb. Un r\u00f4le de m\u00e9diation pour l\u2019UGTT\u00a0? Houssine Betta\u00efeb r\u00e9cuse le terme\u00a0:<i>\u00ab\u00a0Nous n\u2019avons pas jou\u00e9 les m\u00e9diateurs, nous sommes partie au conflit, la centrale syndicale \u00e9tudie et propose des solutions pour le d\u00e9veloppement de la r\u00e9gion<\/i>\u00a0\u00bb. A la question de savoir pourquoi le pouvoir a c\u00e9d\u00e9, il n\u2019a aucun doute \u00ab\u00a0<i>il ne voulait pas de R\u00e9deyef bis\u00a0!<\/i>\u00a0\u00bb, mais, tient-il a pr\u00e9ciser \u00ab\u00a0<i>il n\u2019y a pas eu d\u2019Intifadha \u00e0 Ben Guerdane, c\u2019\u00e9taient des mouvements de protestations nocturnes, dans certaines localit\u00e9s seulement, la journ\u00e9e, la vie reprenait son cours normal<\/i>\u00a0\u00bb.<\/span><\/p>\n<p><span lang=\"FR\">Quel que soit le terme que l\u2019histoire retiendra, \u00a0\u00abBen Guerdane\u00a0\u00bb vient confirmer apr\u00e8s Redeyef, F\u00e9riana ou la Skhira, que l\u2019\u00e8re de la peur est bel et bien r\u00e9volue. \u00a0A Ben Guerdane, la premi\u00e8re victoire remport\u00e9e laisse irr\u00e9solus le probl\u00e8me de fonds de l\u2019emploi. La population ne se satisfait pas de cette situation, ce qu\u2019elle a exprim\u00e9 par une p\u00e9tition r\u00e9clamant notamment <i>\u00ab\u00a0le d\u00e9veloppement du secteur de l\u2019agriculture et de la p\u00eache maritime, le lancement de projets de d\u00e9veloppement et de zones industrielles et touristiques int\u00e9grant la jeunesse au ch\u00f4mage<\/i>\u00a0<a target=\"_blank\" title=\"\" rel=\"noopener\"><span><font>[2]<\/font><\/span><\/a>\u00bb.<\/span><\/p>\n<p><span lang=\"FR\">Ce mouvement permanent de protestation depuis deux ans en Tunisie rompt avec une d\u00e9cennie de stabilit\u00e9 apparente que le r\u00e9gime avait voulu vendre au niveau international. Les populations des r\u00e9gions d\u00e9laiss\u00e9es sont pr\u00eates \u00e0 se battre. D\u00e9sormais, dans toute br\u00e8che ouverte, s\u2019engouffre le rejet d\u2019une dictature corrompue et tortionnaire. <\/span><\/p>\n<p><b><span lang=\"FR\">Luiza Toscane<\/span><\/b><br clear=\"all\"\/>\u00a0<\/p>\n<hr align=\"left\" size=\"1\" width=\"33%\"\/> \u00a0<\/p>\n<div>\n<div>\n<p><a target=\"_blank\" title=\"\" rel=\"noopener\"><span><span lang=\"FR\"><font>[1]<\/font><\/span><\/span><\/a><span lang=\"FR\"> Propos recueillis le 8 septembre. Houssine Betta\u00efeb est \u00e9galement membre du comit\u00e9 de suivi des \u00e9v\u00e9nements de Ben Guerdane.<\/span><\/p>\n<\/div>\n<div>\n<p><a target=\"_blank\" title=\"\" rel=\"noopener\"><span><span lang=\"FR\"><font>[2]<\/font><\/span><\/span><\/a><span lang=\"FR\"> 3 septembre 2010, Ben Guerdane, p\u00e9tition de la population. Traduction de l\u2019arabe.<\/span><\/p>\n<\/div>\n<\/div>\n<\/div>\n<div align=\"center\">\n<hr\/>\n<p><font face=\"Arial\" size=\"2\"><\/p>\n<h2 style=\"color: red;\"><font size=\"3\"><strong>Censures douces et dures du Maghreb<\/strong><\/font><\/h2>\n<p><\/font><\/div>\n<div>\n<div align=\"center\">\n<hr\/>\n<\/div>\n<p><strong><font>Par Pierre Coopman<\/font><\/strong><\/p>\n<p align=\"justify\"><strong>Juin 2010<\/strong><\/p>\n<p align=\"justify\">\u00a0La question de la censure au Maghreb a anim\u00e9 les d\u00e9bats du Forum de la presse arabe, organis\u00e9 par l\u2019Association mondiale des journaux, les 6 et 7 juin 2010, \u00e0 Beyrouth, au Liban. La Tunisie en a pris pour son grade, se voyant class\u00e9e parmi les Etats aux pratiques dures envers les m\u00e9dias.\u00a0<\/p>\n<p align=\"justify\">Au moment de boucler cet article, le 22 juin 2010, le groupe des Verts au Parlement europ\u00e9en vient de convoquer une conf\u00e9rence de presse \u00e0 Bruxelles, pour d\u00e9noncer un amendement au code p\u00e9nal en Tunisie, susceptible d\u2019accentuer les entraves \u00e0 la libert\u00e9 d&rsquo;expression\u2026 Le ministre tunisien de la Justice a expliqu\u00e9 sans d\u00e9tours que l\u2019addendum vise ceux qui voudraient saboter l\u2019octroi par l\u2019Union europ\u00e9enne du \u00ab statut avanc\u00e9 \u00bb \u00e0 la Tunisie. Cette crispation de l\u2019appareil r\u00e9pressif tunisien intervient un mois apr\u00e8s la tenue du Conseil d&rsquo;association, qui a d\u00e9cid\u00e9 d&rsquo;explorer la possibilit\u00e9 d&rsquo;accorder ce statut, tout en demandant \u00e0 Tunis d&rsquo;intensifier ses efforts en mati\u00e8res de protection des d\u00e9fenseurs des droits de l\u2019homme et de respect de la libert\u00e9 d&rsquo;expression (<a target=\"_blank\" rel=\"noopener\"><font>Voir article de Tunisiawatch &#8211; Le Soir<\/font><\/a>) .<\/p>\n<p align=\"justify\">Le Maroc et l\u2019Alg\u00e9rie seraient moins r\u00e9pressifs que la Tunisie, mais n\u00e9anmoins tent\u00e9s de suivre son exemple. Le Marocain Aboubakr Jamai l\u2019a admis d\u2019embl\u00e9e lors de son intervention \u00e0 Beyrouth, le 6 juin : <em>\u00ab Je suis presque g\u00ean\u00e9 de me plaindre de la censure dans mon pays lorsque je dois soutenir la comparaison avec ce qui se passe en Tunisie. \u00bb<\/em>\u00a0<\/p>\n<p align=\"justify\"><strong>La \u00ab douceur \u00bb du contr\u00f4le des m\u00e9dias au Maroc\u00a0<\/strong><\/p>\n<p align=\"justify\"><em>Aboubakr Jamai<\/em><\/p>\n<p align=\"justify\">\u00a0\u00a0Ancien directeur du d\u00e9funt Journal Hebdomadaire, Aboubakr Jamai a relat\u00e9 son parcours professionnel au Maroc. Apr\u00e8s des \u00e9tudes de commerce et d\u2019administration, son exp\u00e9rience journalistique proprement dite commence en 1997, lorsqu\u2019il fonde \u00ab Le Journal \u00bb (1). Trois ans plus tard, cette publication est interdite \u00e0 cause de la parution d\u2019un dossier impliquant le premier ministre en fonction (Abderrahmane Youssoufi)\u00a0dans la tentative de coup d\u2019Etat, en 1972, contre le roi Hassan II. Aboubakr Jamai ne se laisse pas d\u00e9monter et refonde imm\u00e9diatement la m\u00eame publication sous un autre nom : \u00ab Le Journal Hebdomadaire \u00bb. Mais les ennuis continuent : en 2001, Aboubakr Jamai est condamn\u00e9 pour diffamation du ministre des Affaires \u00e9trang\u00e8res Mohammed Benaissa (qu\u2019il accuse de corruption). En 2006, suite \u00e0 une plainte d\u00e9pos\u00e9e par un consultant belge, Claude Moniquet, devant la justice marocaine, Aboubakr Jamai et l\u2019un de ses confr\u00e8res sont condamn\u00e9s \u00e0 payer un d\u00e9dommagement de 300 000 euros pour avoir mis en doute l\u2019impartialit\u00e9 d\u2019un rapport de Claude Moniquet accusant la Front Polisario d\u2019accointances avec Al-Qa\u00efda. Face \u00e0 l\u2019incapacit\u00e9 de payer dettes et amendes, le Journal Hebdomadaire met la clef sous le paillasson et son directeur quitte le Maroc\u2026 La censure se d\u00e9cline, selon Aboubakr Jamai, sous au moins deux formes compl\u00e9mentaires : le harc\u00e8lement judiciaire et l\u2019asphyxie \u00e9conomique (2). Mais la violence ou l\u2019intimidation physique, telles qu\u2019elles se pratiquent en Tunisie, seraient rares. Aboubakr Jamai parle de \u00abcensure douce\u00bb au royaume ch\u00e9rifien.\u00a0<\/p>\n<p align=\"justify\"><em>Ali Anouzla<\/em><\/p>\n<p align=\"justify\">\u00a0\u00a0Ali Anouzla, le r\u00e9dacteur en chef de \u00ab \u00a0Al-Jarida Al-Oula \u00bb, identifie une troisi\u00e8me forme de contrainte au Maroc : l\u2019auto-censure ou la surench\u00e8re loyaliste. Il cite l\u2019incident qui s\u2019est d\u00e9roul\u00e9 le 31 mai 2010 sur les ondes de Radio Mars, une station ind\u00e9pendante de Casablanca. Le cin\u00e9aste Hicham Ayouch, invit\u00e9 de l&rsquo;\u00e9mission \u00ab Mag Mars \u00bb, y a exprim\u00e9 son d\u00e9sir de \u00abdevenir pr\u00e9sident de la r\u00e9publique marocaine \u00bb. D\u00e8s surlendemain, le Conseil sup\u00e9rieur de la communication audiovisuelle (CSCA) d\u00e9cr\u00e9tait une suspension totale des \u00e9missions de Radio Mars pendant 48 heures pour \u00ab manquement aux obligations l\u00e9gales \u00bb. Le communiqu\u00e9 du CSCA constatait que <em>\u00ab les propos d&rsquo;un invit\u00e9 comportaient une atteinte aux constantes du royaume du Maroc telles que d\u00e9finies par la Constitution, notamment celles relatives \u00e0 la monarchie \u00bb<\/em>. Mais au-del\u00e0 de ce retour de b\u00e2ton pr\u00e9visible, c\u2019est la r\u00e9action rapide de l\u2019op\u00e9rateur qui d\u00e9note une surench\u00e8re loyaliste, puisqu\u2019il a d\u00e9cid\u00e9 d&rsquo;arr\u00eater l&rsquo;\u00e9mission \u00ab Mag Mars \u00bb avant m\u00eame que le CSCA ne s\u00e9visse.<\/p>\n<p align=\"justify\">Al-Jarida Al-Oula ne para\u00eet plus. Le journal est mort d\u2019asphyxie, croulant sous les amendes inflig\u00e9es pour publication d\u2019articles s\u2019interrogeant sur l\u2019\u00e9tat de sant\u00e9 du roi. Le jugement fatidique tomba le 29 juin 2009. Al-Jarida Al-Oula et deux autres quotidiens marocains, \u00abAl Massae\u00bb et \u00abAl Ahdath Al Maghribiya\u00bb, furent condamn\u00e9s chacun \u00e0 1 million dirhams (un peu plus de 90 000 euros) de dommages et int\u00e9r\u00eats et 100 000 dirhams d\u2019amende, pour atteinte \u00e0 la dignit\u00e9 d&rsquo;un chef d&rsquo;Etat \u00e9tranger, en la personne du guide libyen Mouammar Kadhafi. <em>\u00ab Dans un papier d\u2019opinion du 18 novembre 2008, intitul\u00e9 \u201cNous et le Maghreb arabe\u201d, j\u2019avais \u00e9crit que Kadhafi est arriv\u00e9 au pourvoir sur un char d\u2019assaut et j\u2019avais critiqu\u00e9 l\u2019absence de d\u00e9mocratie au Maghreb \u00bb<\/em> explique Ali Anouzla. D\u00e9but mai 2010, l\u2019\u00e9quipe d\u2019Al-Jarida Al-Oula a annonc\u00e9 un \u00ab arr\u00eat provisoire \u00bb de la parution, pour des \u00ab raisons \u00e9conomiques \u00bb. Le journal est dans l\u2019incapacit\u00e9 de payer ses amendes \u00e0 la justice et de rembourser ses dettes aux imprimeurs.<\/p>\n<p align=\"justify\"><strong>D\u00e9rive \u00e0 la tunisienne\u00a0<\/strong><\/p>\n<p align=\"justify\"><em>Taoufic Bouachrine<\/em><strong>\u00a0<\/strong><\/p>\n<p><em><span><\/p>\n<p align=\"justify\">\u00a0<\/p>\n<p><\/span>\u00ab Allah et l\u2019\u00e9mir sont pr\u00e9sents dans toute chose, comment ne pourraient-ils pas \u00eatre pr\u00e9sents dans la presse ? \u00bb<\/em>, ironise Taoufic Bouachrine, directeur g\u00e9n\u00e9ral d\u2019Akhbar Al-Youm, en commentant ses relations tumultueuses avec le pouvoir royal marocain. <em>\u00ab Le probl\u00e8me<\/em>, poursuit-t-il, <em>c\u2019est que l\u2019\u00e9mir aimerait pr\u00e9sider les conf\u00e9rences de r\u00e9daction \u00bb<\/em>. Taoufic Bouachrine fait r\u00e9f\u00e9rence \u00e0 l\u2019affaire qui a oppos\u00e9 son journal \u00e0 la justice marocaine, lors de la parution, le 27 septembre 2009, d\u2019une caricature du prince Moulay Ismail. Selon le minist\u00e8re de l\u2019Int\u00e9rieur marocain, \u00ab\u00a0<em>l\u2019utilisation de l\u2019\u00e9toile de David dans la caricature suscite des interrogations sur les insinuations de ses auteurs et d\u00e9note des penchants d\u2019antis\u00e9mitisme flagrant \u00bb.<\/em> Le go\u00fbt du dessin incrimin\u00e9 peut en effet para\u00eetre douteux\u2026\u00a0<\/p>\n<p align=\"justify\">\u00a0Sur le fond rouge d\u2019une banni\u00e8re \u00e9toil\u00e9e (le drapeau marocain), perch\u00e9 dans une \u00ab imariya \u00bb (la chaise \u00e0 porteurs dans laquelle s\u2019installe normalement la mari\u00e9e), le prince fait clairement un salut fasciste &#8211; malgr\u00e9 les d\u00e9n\u00e9gations de Toufic Bouachrine et du dessinateur Khaled Gueddar. Moins \u00e9vidente est l\u2019accusation d\u2019antis\u00e9mitisme. Le corps du prince cache l\u2019\u00e9toile marocaine de telle sorte que l\u2019on peut, \u00e0 la limite, y voir une repr\u00e9sentation de l\u2019\u00e9toile de David. Il s\u2019agirait d\u2019une allusion tendancieuse au mariage du prince Moulay Ismail avec la ressortissante allemande Anissa Lehmkukl. Mais Taoufic Bouachrine a d\u00e9clar\u00e9 que ces interpr\u00e9tations sont d\u00e9lirantes et que le dessin s\u2019ins\u00e9rait innocemment dans un dossier sur les traditions du mariage au Maroc. Il a ajout\u00e9 que<em>\u00ab l\u2019\u00e9pouse allemande du prince est de confession musulmane et pas du tout juive \u00bb<\/em>\u2026 Qui croire dans cette affaire ? L\u2019occasion de museler un m\u00e9dia ind\u00e9pendant semblait en tout cas trop belle pour les autorit\u00e9s marocaines. En octobre 2009, le tribunal de premi\u00e8re instance de Casablanca condamnait Taoufic Bouachrine et le caricaturiste Khalid Gueddar \u00e0 un an de prison avec sursis et \u00e0 100 000 dirhams d\u2019amende. La justice ordonnait \u00e9galement la fermeture d\u00e9finitive des bureaux du quotidien, ce qui n\u2019emp\u00eachait pas sa parution mais l\u2019obligeait \u00e0 d\u00e9m\u00e9nager. Taoufic Bouachrine a relanc\u00e9 le journal sous le nom l\u00e9g\u00e8rement diff\u00e9rent d&rsquo;Akhbar Al Youm Al-Maghribiya. Le prince a accept\u00e9 les excuses du journaliste et du caricaturiste. Mais les ennuis de Taoufic Bouachrine ne se sont pas arr\u00eat\u00e9s. Le 14 juin 2010, apr\u00e8s son retour du Forum de la presse arabe \u00e0 Beyrouth, il a \u00e9t\u00e9 condamn\u00e9 \u00e0 six mois de prison ferme pour une obscure affaire d\u2019escroquerie. Le journaliste est accus\u00e9 de ne pas avoir respect\u00e9 le montant des versements pr\u00e9vus au moment de l\u2019achat d&rsquo;une maison. Il est convaincu que cette affaire est un pr\u00e9texte :<em> \u00ab Je paie aujourd\u2019hui la ligne \u00e9ditoriale de mon journal. D\u00e9sormais, le pouvoir ne veut plus condamner les journalistes pour leurs \u00e9crits. Il les traite comme des gangsters, des malfaiteurs \u00bb.<\/em> Taoufic Bouachrine, qui a d\u00e9cid\u00e9 d&rsquo;aller en appel et de ne plus \u00e9crire, d\u00e9nonce une d\u00e9rive \u00e0 la tunisienne. Il craint une machination similaire \u00e0 celle qui envoya le journaliste tunisien Taoufic Ben Brik derri\u00e8re les barreaux durant six mois, pour un cas non \u00e9lucid\u00e9 de viol et d\u2019atteintes aux bonnes m\u0153urs.\u00a0<\/p>\n<p align=\"justify\"><strong>Tunisie : le partenaire avanc\u00e9\u00a0<\/strong><\/p>\n<p align=\"justify\"><em>Sihem Bensedrine<\/em><\/p>\n<p align=\"justify\">\u00a0\u00a0Au Forum de la presse arabe, les exemples de violations graves de la libert\u00e9 des m\u00e9dias en Tunisie ont fus\u00e9s de toutes parts. Sihem Bensedrine, une journaliste tunisienne connue pour ses nombreux d\u00e9boires avec les autorit\u00e9s de son pays, \u00e9tait pr\u00e9sente \u00e0 Beyrouth. En 2008, elle avait lanc\u00e9 Radio Kalima. Deux r\u00e9dactions, alg\u00e9rienne et tunisienne, se partageaient cette antenne ind\u00e9pendante avant que les pressions des autorit\u00e9s alg\u00e9riennes et tunisiennes ne la neutralisent. Depuis plus d\u2019un an, les locaux de la radio \u00e0 Tunis sont sous scell\u00e9s. Sihem Bensedrine, menac\u00e9e de poursuites judiciaires, vit en exil. Et depuis mars 2010, la soci\u00e9t\u00e9 Eutelsat a cess\u00e9 de diffuser les programmes de Radio Kalima sur son satellite Hotbird. Eutelsat a annonc\u00e9 au provider bas\u00e9 \u00e0 Chypre que Radio Kalima ne disposait pas des licences n\u00e9cessaires aupr\u00e8s des autorit\u00e9s alg\u00e9riennes et tunisiennes. <em>\u00ab Nous avons \u00e9t\u00e9 censur\u00e9s \u00e0 la demande des autorit\u00e9s alg\u00e9riennes \u00bb<\/em>, d\u00e9nonce Yahia Bounouar, le directeur de l\u2019antenne alg\u00e9rienne.\u00a0<\/p>\n<p align=\"justify\">Sihem Bensedrine se pose une question inqui\u00e9tante : <em>\u00ab La Tunisie devient-elle un mod\u00e8le pour l\u2019Alg\u00e9rie ? \u00bb<\/em>. Elle n\u2019exclut pas que ce soit la Tunisie qui ait demand\u00e9 \u00e0 l\u2019Alg\u00e9rie de contacter Eutelsat. Dans une interview r\u00e9cente accord\u00e9e au site Afrik.com (3), Yahia Bounouar affirmait m\u00eame que <em>\u00ab l\u2019Alg\u00e9rie a envoy\u00e9 des agents en formation en Tunisie \u00bb<\/em>, afin qu\u2019ils y apprennent les techniques de la censure sur Internet\u2026 Un participant \u00e0 la conf\u00e9rence de Beyrouth a ironis\u00e9 \u00e0 ce sujet : <em>\u00abPourquoi le Maroc et l\u2019Alg\u00e9rie ne s\u2019inspireraient-ils pas des m\u00e9thodes tunisiennes, puisqu\u2019ils constatent bien que celles-ci, particuli\u00e8rement efficaces, n\u2019emp\u00eachent pas la Tunisie d\u2019\u00eatre sur le point d\u2019obtenir le statut de partenaire avanc\u00e9 de l\u2019Union europ\u00e9enne ? \u00bb<\/em><\/p>\n<p align=\"justify\"><strong>R\u00e9gression et innovation juridiques\u00a0<\/strong><\/p>\n<p align=\"justify\"><em>Mohamed Krichen<\/em><\/p>\n<p align=\"justify\"><em><span>\u00a0\u00a0<\/span>\u00ab Mon pays est un exemple de r\u00e9gression des libert\u00e9s de la presse \u00bb<\/em>, a affirm\u00e9 le Tunisien Mohamed Krichen, journaliste et pr\u00e9sentateur c\u00e9l\u00e8bre des infos sur la t\u00e9l\u00e9vision qatarie Al-Jazeera. Intervenant le second jour du Forum, il a compar\u00e9 les d\u00e9buts de sa carri\u00e8re en Tunisie avec ses exp\u00e9riences ult\u00e9rieures au service arabe de la BBC et au Qatar. Puis il a exhib\u00e9 une tr\u00e8s ancienne caricature parue dans le journal tunisien Ar-Ra\u00ef en juillet 1978, o\u00f9 l\u2019on repr\u00e9sentait un ministre tout puissant \u00e0 l\u2019\u00e9poque, occupant la place du pr\u00e9sident Bourghuiba sur une statue \u00e9questre\u2026 Mohamed Krichen a regrett\u00e9 que ce type de caricatures irrespectueuses du pouvoir soit devenu tout \u00e0 fait inimaginable dans la Tunisie du pr\u00e9sident Ben Ali.\u00a0<\/p>\n<p align=\"justify\"><em>Yousef Ahmed (gauche) et Ali Anouzla (droite)<\/em><\/p>\n<p align=\"justify\">\u00a0Le Palestinien Yousef Ahmed, consultant aupr\u00e8s de l\u2019Index on Censorship, est venu pr\u00e9senter le nouveau rapport du \u00ab Tunisia Monitoring Group \u00bb (TMG), le groupe d\u2019observation de la Tunisie mis en place par une vingtaine d\u2019associations de d\u00e9fense de la libert\u00e9 d\u2019expression (4). Ce rapport montre non seulement comment la justice tunisienne est manipul\u00e9e par l\u2019ex\u00e9cutif afin d\u2019\u00e9touffer les opinions divergentes, mais recense \u00e9galement de nombreuses affaires de harc\u00e8lements moral et physique d\u2019une perversit\u00e9 sans pareille. Le Hollandais Peter Noorlander, directeur au Media Legal Defence Initiative (Londres), a m\u00eame d\u00e9cel\u00e9 une innovation juridique dans les m\u00e9thodes utilis\u00e9es par la justice tunisienne pour intimider les opposants et leurs familles : le pr\u00e9texte d\u2019une infraction au code de la route. C\u2019est ainsi que Mohamed Nouri, ancien avocat, actuellement responsable de l\u2019association Libert\u00e9 et Equit\u00e9, a expliqu\u00e9 aux enqu\u00eateurs du TMG que son fils, un soir, roulant au volant de sa voiture, fut arr\u00eat\u00e9 par des policiers qui lui demand\u00e8rent de descendre de son v\u00e9hicule. Comme il refusa d\u2019obtemp\u00e9rer, les policiers bris\u00e8rent sa vitre. Le fils de Mohamed Nouri d\u00e9marra en trombe. Il fut poursuivi pour \u00ab d\u00e9lit de fuite apr\u00e8s avoir provoqu\u00e9 un accident de voiture \u00bb. Condamn\u00e9 \u00e0 quatre ans de prison <em>in abstentia<\/em>, il a demand\u00e9 l\u2019asile politique \u00e0 l\u2019\u00e9tranger et n\u2019ose plus rentrer en Tunisie.<\/p>\n<p align=\"justify\">Une autre m\u00e9thode fr\u00e9quemment utilis\u00e9e est la confiscation de la carte d\u2019identit\u00e9. Le journaliste freelance et bloggeur Samir Boukhdir en a fait les frais. Au lendemain d\u2019une interview qu\u2019il avait accord\u00e9e \u00e0 la BBC, en octobre 2009, des policiers en civil l\u2019ont kidnapp\u00e9 et lui ont vol\u00e9 tous ses papiers. L\u2019ennui est que le journaliste freelance, d\u00e9j\u00e0 emp\u00each\u00e9 d\u2019activer une connexion internet \u00e0 domicile, ne peut d\u00e8s lors plus fr\u00e9quenter les cybercaf\u00e9s, pour la simple raison que l\u2019acc\u00e8s de ces \u00e9tablissements, en Tunisie, est soumis au d\u00e9p\u00f4t d\u2019une pi\u00e8ce d\u2019identit\u00e9 aupr\u00e8s du g\u00e9rant\u2026<\/p>\n<p align=\"justify\"><strong>Tous des menteurs ?<\/strong><\/p>\n<p align=\"justify\">A Beyrouth, apr\u00e8s l\u2019intervention de Yousef Ahmad sur la Tunisie, le Norv\u00e9gien Carl Morten Iversen, secr\u00e9taire g\u00e9n\u00e9ral de l\u2019association Norsk pen, s\u2019est lev\u00e9 pour insister sur la v\u00e9racit\u00e9 des t\u00e9moignages contenus dans le rapport du TMG : <em>\u00ab Ne vous \u00e9tonnez si quelqu\u2019un va demander la parole dans cette salle pour dire que nous sommes tous des menteurs. Mais ne le croyez pas, ce rapport est s\u00e9rieux \u00bb\u2026<\/em> Il ne pensait pas si bien dire, car un agent de l\u2019ambassade de Tunis \u00e0 Beyrouth ne tarda pas \u00e0 s&#8217;emparer du micro pour d\u00e9clarer qu\u2019il n\u2019avait jamais eu connaissance d\u2019une obligation de soumettre une pi\u00e8ce d\u2019identit\u00e9 dans les cybercaf\u00e9s de Tunisie ! Yousef Ahmad se f\u00e2cha : <em>\u00ab Monsieur, soyez honn\u00eate. Peut-\u00eatre ne faut-il pas tout le temps montrer patte-blanche, mais seulement quand vous connaissez bien le g\u00e9rant du cybercaf\u00e9 \u00bb<\/em> ! C\u2019est qu\u2019en mati\u00e8re de mesure de la r\u00e9pression et de la censure, tout serait relatif (sic)\u2026<\/p>\n<p align=\"justify\"><a target=\"_blank\" rel=\"noopener\"><font>Retour \u00e0 la page d&rsquo;accueil<\/font><\/a> <\/p>\n<div align=\"justify\">(1) L\u2019hisoire de cette publication est tr\u00e8s bien relat\u00e9e sur\u00a0<a target=\"_blank\" rel=\"noopener\"><font>le lien suivant<\/font><\/a> \u00a0<\/div>\n<p align=\"justify\">(2) Aboubakr Jamai \u00a0a expliqu\u00e9 comment son hebdomadaire a d\u00fb subir un boycott publicitaire des soci\u00e9t\u00e9s publiques et des grandes entreprises priv\u00e9es : \u201cNous avons perdu 80% de nos recettes publicitaires, les autorit\u00e9s ont tout fait pour nous acculer (\u2026) Nous \u00e9tions d\u00e9sormais consid\u00e9r\u00e9s comme un journal \u00e0 probl\u00e8mes pour les annonceurs\u201d.<\/p>\n<p align=\"justify\">(3)L&rsquo;article d&rsquo;Afrik.com sur\u00a0<a target=\"_blank\" rel=\"noopener\"><font>le lien suivant<\/font><\/a> \u00a0<\/p>\n<p align=\"justify\">(4) \u201cBehind the fa\u00e7ade : how a politicised judiciary and administrative sanctions undermine tunisian human rights\u201d, report from the seventh TMG mission to Tunisia \u00a0 \u00a0 (6 June 2010).<\/p>\n<p align=\"justify\"><strong><font>(Source: Arab press juin 2010) Lien: <\/font><\/strong><a target=\"_blank\" rel=\"noopener\"><strong><font>http:\/\/arabpress.typepad.com\/arab_press\/censures-douces-et-dures-du-maghreb.html<\/font><\/strong><\/a><\/p>\n<\/div>\n<div>\n<hr\/>\n<\/div>\n<div><font face=\"Arial\" size=\"2\"><\/p>\n<div align=\"center\"><strong><\/p>\n<h2 style=\"color: red;\"><font size=\"3\">Ramadan 2011 : Viol, drogue, violence, escroquerie\u2026 Verra-t-on toujours les m\u00eames recettes ?<\/font><\/h2>\n<p><\/strong><\/div>\n<div align=\"justify\">\n<hr\/>\n<p> Face \u00e0 l\u2019indigestion de presque la totalit\u00e9 des feuilletons diffus\u00e9s lors des soir\u00e9es ramadanesques 2010, allons-nous pouvoir d\u00e9licieusement dig\u00e9rer ceux de l\u2019an prochain ?  Qu\u2019aurons-nous l\u2019ann\u00e9e prochaine ? A quoi pensent d\u00e9j\u00e0 nos sc\u00e9naristes pour Ramadan 2011 ? A Combien de feuilletons aurions-nous droit (sachant qu\u2019en 2010 on en a eu une bonne dizaine) ?\u00a0 Qui seront les heureux r\u00e9alisateurs et les chanceux Top-affiche des premiers r\u00f4les ? Qui, que, quoi souhaite voir le t\u00e9l\u00e9spectateur ? Et si on lui demandait de participer \u00e0 un r\u00e9f\u00e9rendum (chose impensable) pour faire valoir son choix ?  \u00a0 Vous allez certainement vous demander \u2018\u2019Pourquoi\u2019\u2019 avons-nous abord\u00e9 ce sujet et pos\u00e9 ces questions si t\u00f4t ? Et bien, il n\u2019est jamais t\u00f4t d\u2019attirer l\u2019attention des responsables du minist\u00e8re de la culture et de la sauvegarde du patrimoine, des d\u00e9cideurs des chaines TV, des sc\u00e9naristes, r\u00e9alisateurs et producteurs, afin de rectifier le tir et insister sur le fond. Entre nous, toutes ces questions ont commenc\u00e9 d\u00e9j\u00e0 \u00e0 se poser\u2026 Bient\u00f4t commencera le compte \u00e0 rebours pour la planification\u2026 \u00a0 On reproche aux r\u00e9alisateurs et producteurs tunisiens qui se relayent pour introduire leurs feuilletons dans le circuit des chaines de t\u00e9l\u00e9visions, de s\u2019orienter depuis quelques ann\u00e9es vers des histoires calqu\u00e9es sur la r\u00e9alit\u00e9, mais qui partent toutes d\u2019un m\u00eame point de d\u00e9part et m\u00e8nent \u00e0 une m\u00eame ligne d\u2019arriv\u00e9e.  \u00a0 Au-del\u00e0 d&rsquo;un simple succ\u00e8s, ou d\u2019un simple \u00e9chec, les feuilletons font d\u00e9sormais partie int\u00e9grante de notre quotidien. Outre la th\u00e9matique de la d\u00e9linquance, qui est constamment rappel\u00e9e, les personnages l\u00e8vent aussi le voile sur des sujets comme l&rsquo;homosexualit\u00e9, l&rsquo;alcoolisme, l&rsquo;addiction \u00e0 la drogue et m\u00eame le crime. \u00a0 Les t\u00e9l\u00e9spectateurs s\u2019attendent \u00e0 voir une r\u00e9action de la part des producteurs de s\u00e9ries TV, en les voyant aller vers d\u2019autres sujets plus convaincants, plus attachants, plus constructifs et surtout proposant des solutions. \u00a0 Question audimat, j\u2019aimerai revenir sur la diffusion par Nessma TV de Youssef Asseddik. Sans aller chercher midi \u00e0 14h, j\u2019affirmerai que le feuilleton a \u00e9t\u00e9 suivi avec int\u00e9r\u00eat et assiduit\u00e9 et m\u00eame visionn\u00e9 de nouveau le lendemain, par la plus part des tunisiens pratiquant la pri\u00e8re. Que ce soit par curiosit\u00e9 ou pour confrontation avec ce qui a \u00e9t\u00e9 \u00e9crit dans le Coran, le fait y est, les t\u00e9l\u00e9spectateurs l\u2019ont vu, revu et sont rest\u00e9s \u00e9blouis par le sujet et la qualit\u00e9 de cette production.  <strong><font>(Source: Tunivision le 3 octobre 2010 Lien: http:\/\/www.tunivisions.net\/ramadan-2011-viol-drogue-violence-escroquerie,10343.html<\/font><\/strong> \u00a0<\/div>\n<p><\/font><\/div>\n<div>\n<hr\/>\n<\/div>\n<div align=\"center\"><font face=\"Arial\" size=\"2\"><span lang=\"FR\"><font size=\"2\">\u00a0<\/p>\n<h2 style=\"color: red;\"><font size=\"3\"><strong>Monde arabe : des moments charni\u00e8res\u2026<\/strong><\/font><\/h2>\n<p><\/font><\/span><\/font><\/div>\n<p><font face=\"Arial\" size=\"2\"><span lang=\"FR\"><\/p>\n<div>\n<hr\/>\n<\/div>\n<p><\/span><\/font><\/p>\n<div><font face=\"Arial\" size=\"2\"><span lang=\"FR\"><font size=\"2\"><strong><font>Par Bassam Bounenni<\/font><\/strong>\u00a0 \u00a0<\/font><\/span><\/font><\/div>\n<p align=\"justify\">\u00a0<\/p>\n<p align=\"justify\"><strong>S\u2019il y a bien une r\u00e9gion au monde qui retient son souffle, c\u2019est le monde arabe. Du Maroc au Bahre\u00efn, cette aire g\u00e9ographique qui occupe une place importante dans l\u2019actualit\u00e9 internationale vit au rythme d\u2019une kyrielle presque sans fin de soubresauts. Au plan interne, dans la plupart des pays, des appels pour une politique en faveur du changement se font entendre et se font de plus en plus pressants. Au plan r\u00e9gional, les menaces de guerre contre l\u2019Iran, le blocage du processus de paix entre Palestiniens et Isra\u00e9liens, l\u2019instabilit\u00e9 en Irak, au Liban, au Y\u00e9men et au Soudan alimentent toujours un profond d\u00e9bat sur l\u2019identit\u00e9 de cette r\u00e9gion, \u00e0 bien des \u00e9gards \u00e9clat\u00e9e, notamment dans un domaine aussi sensible que la politique internationale.<\/strong><\/p>\n<p align=\"justify\">Dans les antichambres et dans la rue des r\u00e9publiques comme des monarchies, le mot qui s\u2019invite \u00e0 toutes les conversations est le changement. Tous les pays arabes, sans exception aucune, font face \u00e0 un terrible blocage politique et institutionnel, suite \u00e0 plus d\u2019un demi-si\u00e8cle de faillite dans la gouvernance d\u00e9mocratique. Intol\u00e9rance politique, droits de l\u2019homme bafou\u00e9s, injustice sociale etc. constituent, en effet, le quotidien de ces pays.<\/p>\n<p align=\"justify\"><strong>Transition, dites-vous ?<\/strong><\/p>\n<p align=\"justify\">En Egypte, tout comme en Tunisie, en Alg\u00e9rie, en Libye, au Y\u00e9men et au Soudan, l\u2019alternance politique est un d\u00e9bat de plus en plus r\u00e9current. Les leaderships de ces r\u00e9gimes ayant failli \u00e0 leur mission d\u2019asseoir un vrai syst\u00e8me r\u00e9publicain bas\u00e9 sur de solides pratiques d\u00e9mocratiques \u2013 bien que certains soient \u00e0 leur poste depuis plus de 40 ans, comme dans le cas libyen, ils sont aujourd\u2019hui interpell\u00e9s par de larges franges de leurs opinions publiques, avides d\u2019ouverture ou au moins de d\u00e9crispation.<\/p>\n<p align=\"justify\">Cependant, la tendance g\u00e9n\u00e9rale est, si ce n\u2019est de maintenir le statu quo, de l\u00e9guer le pouvoir \u00e0 un membre de la famille ou \u00e0 un proche. Pour ce faire, la pratique commune est celle-ci\u00a0: d\u2019un c\u00f4t\u00e9 cr\u00e9er un semblant de d\u00e9mocratie et de l\u2019autre, par l\u2019amendement des codes \u00e9lectoraux, \u00ab\u00a0r\u00e9adapter\u00a0\u00bb les textes fondamentaux. Les crit\u00e8res d\u2019\u00e9ligibilit\u00e9 sont ainsi revus et\u2026 corrig\u00e9s. En Tunisie, par exemple, le pr\u00e9sident Zine El Abidine Ben Ali, a d\u00fb abroger en 2002 l\u2019article portant sur le nombre de mandats \u00e9lectifs autoris\u00e9s par la constitution pour \u00eatre en mesure de se maintenir au pouvoir. Il n\u2019est pas exclu que le pr\u00e9sident tunisien opte enfin pour la suppression pure et simple du \u00abverrou\u00bb de la limit\u00e9 d\u2019\u00e2ge, qui l\u2019emp\u00eache de se pr\u00e9senter aux prochaines \u00e9lections de 2014. Plusieurs journaux en Tunisie ont d\u00e9j\u00e0 lanc\u00e9 une campagne appelant Zine El Abidine Ben Ali \u00e0 se porter candidat pour un 6\u00e8me mandat.<\/p>\n<p align=\"justify\">L\u2019Egypte, v\u00e9ritable poids lourd sur l\u2019\u00e9chiquier arabe, connait le m\u00eame blocage. Plusieurs options sont possibles : soit le Pr\u00e9sident Hosni Moubarak, pourtant souffrant, continue \u00e0 diriger le pays, soit il passe les r\u00eanes du pouvoir \u00e0 Gamal, son fils. Une autre option favorise la piste Omar Suleyman, chef des services de renseignement. Les deux derniers sc\u00e9narios constitueraient un pr\u00e9c\u00e9dent, dans la mesure o\u00f9 le pouvoir n\u2019a jamais \u00e9chapp\u00e9 \u00e0 l\u2019appareil militaire, depuis l\u2019abolition de la monarchie, en 1952. Ce qui pourrait \u00eatre l\u00e0, du moins en partie, le cas.<\/p>\n<p align=\"justify\"><strong>Des monarchies en qu\u00eate de changement<\/strong><\/p>\n<p align=\"justify\">Les monarchies arabes, quoique traditionnellement plus stables et moins sujettes \u00e0 de tels sch\u00e9mas, sont elles aussi en butte au blocage politique. Au Maroc et en Jordanie, l\u2019embellie de la fin des ann\u00e9es 1990 est de plus en plus per\u00e7ue comme un vieux souvenir. Les organisations de d\u00e9fense des droits de l\u2019homme enregistrent, non sans amertume, la fin de la \u00ab\u00a0r\u00e9cr\u00e9ation\u00a0\u00bb, avec un retour \u00e0 la r\u00e9pression de l\u2019opposition, notamment islamiste bien que reconnue, et une attaque sans pr\u00e9c\u00e9dent contre les journalistes.<\/p>\n<p align=\"justify\">En Arabie Saoudite, autre poids lourd du monde arabe, l\u2019heure est au changement. Mais lequel ? Les crit\u00e8res saoudiens ne sont en aucun cas ceux \u00abr\u00e9pertori\u00e9s\u00bb dans les d\u00e9mocraties occidentales, ni m\u00eame dans les pays voisins. La centralisation excessive du pouvoir, dans les coulisses des Saouds, p\u00e8se durablement sur la vie du pays. Ajoutons \u00e0 cela l\u2019observance de traditions et de coutumes politico-religieuses qui freinent toute mutation r\u00e9elle\u2026 Les indices m\u00eames \u00e9conomiques refl\u00e8tent l\u2019\u00e9chec cuisant des politiques de d\u00e9veloppement. En d\u00e9pit d\u2019un PIB d\u00e9passant les 400 milliards de dollars, le taux de ch\u00f4mage est de 15%, tandis que le taux d\u2019alphab\u00e9tisation demeure des plus faibles dans la r\u00e9gion, d\u00e9passant la barre des 80%.<\/p>\n<p align=\"justify\">Pour les voisins de l\u2019Arabie Saoudite, les dimensions g\u00e9ographique et d\u00e9mographique ainsi que la pr\u00e9sence chiite, notamment pour le cas du Bahre\u00efn, servent toujours d\u2019alibi pour expliquer le peu d\u2019engouement pour l\u2019ouverture politique. Du Qatar au Kowe\u00eft, en passant par le Sultanat d\u2019Oman, les Emirats Arabes Unis et le Bahre\u00efn, la sc\u00e8ne publique para\u00eet comme sur ses gardes, \u00e0 cause du r\u00e9tr\u00e9cissement des espaces de libert\u00e9 et l\u2019absence de vie associative et syndicale.<\/p>\n<p align=\"justify\"><strong>Vers une multiplication de conflits locaux ?<\/strong><\/p>\n<p align=\"justify\">Cet \u00e9tat des lieux politiques et les perspectives qu\u2019il pose voire impose, dans certains cas, est de surcro\u00eet aggrav\u00e9 par les menaces s\u00e9curitaires, tant\u00f4t r\u00e9elles, tant\u00f4t phantasm\u00e9es.<\/p>\n<p align=\"justify\">Au Soudan, le r\u00e9f\u00e9rendum sur l\u2019ind\u00e9pendance du Sud aura-t-il bien lieu\u00a0? Omar Al Bashir se laissera-t-il \u00abamput\u00e9\u00bb d\u2019une partie du vaste pays qu\u2019il contr\u00f4le\u00a0? Ne sommes-nous pas \u00e0 veille d\u2019un nouveau conflit, le \u00abcas\u00bb du Darfour une fois r\u00e9gl\u00e9 par Khartoum\u2026 Le tra\u00e7age des fronti\u00e8res entre les futurs Etats constitue en soi un casus belli, puisqu\u2019il pose le probl\u00e8me \u00e9pineux du partage des ressources p\u00e9troli\u00e8res et ne prend pas en compte les flux migratoires des tribus concentr\u00e9es sur la fronti\u00e8re, de part et d\u2019autre.<\/p>\n<p align=\"justify\">L\u2019acharnement du r\u00e9gime y\u00e9m\u00e9nite Ali Abdallah Saleh menace, \u00e0 son tour, l\u2019int\u00e9grit\u00e9 territoriale du pays, r\u00e9unifi\u00e9 en 1990, mais toujours en qu\u00eate de stabilit\u00e9. Sanaa est occup\u00e9 sur plusieurs fronts\u00a0: la r\u00e9bellion chiite houthie au Nord et le mouvement pour la s\u00e9cession au Sud. Sur ces deux fronts, les fondements de la protestation sont identiques : plus de justice et plus d\u2019\u00e9quit\u00e9.<\/p>\n<p align=\"justify\">La menace d\u2019une intervention d\u2019une partie de la communaut\u00e9 internationale contre l\u2019Iran est comme une \u00e9p\u00e9e de Damocl\u00e8s au-dessus de la t\u00eate des dirigeants arabes. Source de divisions entre capitales arabes\u2026 Les blocs se forment. Le premier comprend l\u2019Arabie Saoudite, l\u2019Egypte et la Jordanie, avec des relais d\u00e9centr\u00e9s tels une partie des parlementaires libanais et le Fatah dans les Territoires palestiniens. Le second bloc est tout aussi clairement d\u00e9fini, avec bien s\u00fbr en t\u00eate l\u2019Iran, la Syrie et \u00e9galement ce qu\u2019on pourrait appeler des antennes locales, le Hezbollah au Liban et le Hamas dans les Territoires palestiniens. Cette \u00e9quation n\u2019a pas que des inconnues\u2026 Cette tension pourrait rejaillir sur le Liban qui a, de tout temps, subi sur son territoire les contre-coups des conflits r\u00e9gionaux et s\u2019est lui-m\u00eame transform\u00e9 en terrain de guerre.<\/p>\n<p align=\"justify\">En outre, ces alliances r\u00e9gionales emp\u00eachent tout r\u00e8glement du conflit entre Palestiniens et Isra\u00e9liens. La fracture Hamas-Fatah est comme un \u00ab\u00e9cho\u00bb de cette g\u00e9opolitique. Le mouvement islamiste refuse toute reprise de n\u00e9gociation avec l\u2019Etat h\u00e9breu, tandis que son rival joue la carte des pourparlers, quoique sans enthousiasme. Mais, aux yeux d\u2019une large frange des Palestiniens, ni l\u2019un ni l\u2019autre ne portent la l\u00e9gitimit\u00e9 et la cr\u00e9dibilit\u00e9 pour n\u00e9gocier en leur nom.<\/p>\n<p align=\"justify\">Les populations irakiennes font aussi les \u00abfrais\u00bb d\u2019\u00e9v\u00e9nements tragiques et aujourd\u2019hui, au moment o\u00f9 le processus de retrait des Am\u00e9ricains est enclench\u00e9 et au moment o\u00f9 une solution purement irakienne fait douter, la promesse de jours meilleurs ne suffira plus. Une grande partie de la classe politique irakienne s\u2019est d\u00e9cr\u00e9dibilis\u00e9e et les Irakiens de la rue n\u2019y cro\u00eet plus.<\/p>\n<p align=\"justify\">En partie, l\u2019instabilit\u00e9 int\u00e9rieure et le durcissement des r\u00e9gimes arabes sont \u00abaliment\u00e9s\u00bb par les multiples et complexes dimensions r\u00e9gionales de conflit ouverts ou latents. Les opinions publiques, elles, se font entendre, de plus en plus. Dans l\u2019\u00e9tat actuel des choses, ces opinions, ces voix d\u00e9rangent, qu\u2019elles trouvent une expression civile dans certains m\u00e9dias nationaux ou internationaux, notamment gr\u00e2ce aux nouvelles technologies (cha\u00eenes satellitaires, internet etc.). Les oppositions, la\u00efque ou religieuse, se r\u00e9organisent et leur champ d\u2019action et d\u2019interpellation s\u2019ouvre \u00e0 l\u2019ensemble de la soci\u00e9t\u00e9.<\/p>\n<p align=\"justify\"><strong><font>(Source: grotius.fr\/ le 3 octobre 2010) Lien: <\/font><\/strong><a target=\"_blank\" rel=\"noopener\"><strong><font>http:\/\/www.grotius.fr\/monde-arabe-des-moments-charnieres%e2%80%a6\/<\/font><\/strong><\/a><\/p>\n<p><\/font><\/p>\n<p align=\"justify\">\u00a0<\/p>\n<hr\/>\n<p>\u00a0<\/p>\n<p align=\"center\"><span><strong>Le pr\u00e9sident allemand salue le r\u00f4le de l&rsquo;islam en Allemagne<\/strong><\/span><\/p>\n<p align=\"justify\">\u00a0<\/p>\n<hr\/>\n<p>\u00a0<\/p>\n<p><span> \u00a0Par Reuters, publi\u00e9 le 03\/10\/2010 \u00e0 17:16<\/span><\/p>\n<p><span>Le pr\u00e9sident allemand Christian Wulff a profit\u00e9 dimanche de son discours \u00e0 l&rsquo;occasion du 20e anniversaire de la r\u00e9unification pour inviter les Allemands \u00e0 plus de respect et de solidarit\u00e9 envers les \u00e9trangers.<\/span><\/p>\n<p><span>Il a \u00e9galement soulign\u00e9 que l&rsquo;islam avait sa place en Allemagne.<\/span><\/p>\n<p><span>\u00ab\u00a0<\/span><i><span>Nous sommes un peuple. Cet appel \u00e0 l&rsquo;unit\u00e9 doit aujourd&rsquo;hui \u00eatre une invitation adress\u00e9e \u00e0 tous ceux qui vivent chez nous<\/span><\/i><span>\u00ab\u00a0, a-t-il d\u00e9clar\u00e9 \u00e0 Br\u00eame, dans le nord de l&rsquo;Allemagne.<\/span><\/p>\n<p><span>\u00ab\u00a0<\/span><i><span>Le christianisme et la juda\u00eft\u00e9 appartiennent sans nulle doute \u00e0 l&rsquo;Allemagne. C&rsquo;est notre histoire jud\u00e9o-chr\u00e9tienne. Mais d\u00e9sormais, l&rsquo;islam aussi fait partie de l&rsquo;Allemagne<\/span><\/i><span>\u00ab\u00a0, a-t-il ajout\u00e9.<\/span><\/p>\n<p><span>Le chef de l&rsquo;Etat, qui joue essentiellement un r\u00f4le honorifique, a rappel\u00e9 que dans le m\u00eame temps, l&rsquo;Allemagne exigeait de ses \u00e9migr\u00e9s le respect des valeurs inscrites dans sa Constitution. Etre chez soi en Allemagne signifie ainsi, \u00e0 ses yeux, respecter la Loi fondamentale et s&rsquo;en tenir \u00e0 ses r\u00e8gles.<\/span><\/p>\n<p><span>\u00ab\u00a0<\/span><i><span>Celui qui ne le fait pas, celui qui m\u00e9prise notre pays et ses valeurs, s&rsquo;expose \u00e0 une r\u00e9sistance r\u00e9solue de nous tous, dans notre pays<\/span><\/i><span>\u00ab\u00a0, a-t-il continu\u00e9. Wulff a ajout\u00e9 que la soci\u00e9t\u00e9 restait vigilante face \u00e0 ceux qui abusent de la collectivit\u00e9. L&rsquo;Etat social, a-t-il ainsi soulign\u00e9, n&rsquo;est pas \u00ab\u00a0<\/span><i><span>un magasin en libre service<\/span><\/i><span>\u00ab\u00a0.<\/span><\/p>\n<p><span>L&rsquo;Allemagne, qui compte sur son sol quatre millions de musulmans, essentiellement d&rsquo;origine turque, a \u00e9t\u00e9 agit\u00e9e ces derni\u00e8res semaines par un houleux d\u00e9bat sur le r\u00f4le de l&rsquo;immigration.<\/span><\/p>\n<p><span>Apr\u00e8s avoir publi\u00e9 un livre devenu un best-seller et d\u00e9fendu des positions particuli\u00e8rement hostiles aux musulmans, Thilo Sarrazin a \u00e9t\u00e9 contraint \u00e0 la fin de l&rsquo;\u00e9t\u00e9 de d\u00e9missionner du directoire de la Bundesbank.<\/span><\/p>\n<p><span>Christian Wulff, qui est n\u00e9 \u00e0 l&rsquo;Ouest, a tenu par ailleurs dans son discours \u00e0 saluer les Allemands originaires de l&rsquo;ex-RDA, qui, selon lui, ont d\u00fb faire d&rsquo;\u00e9normes efforts pour s&rsquo;adapter \u00e0 une soci\u00e9t\u00e9 nouvelle apr\u00e8s l&rsquo;effondrement de leur pays.<\/span><\/p>\n<p><span>\u00ab\u00a0<\/span><i><span>Dans une certaine mesure, ils ont d\u00fb entamer une nouvelle vie, r\u00e9organiser leur vie quotidienne et saisir les occasions qui se pr\u00e9sentaient<\/span><\/i><span>\u00ab\u00a0, a-t-il dit.<\/span><\/p>\n<p><span>\u00ab\u00a0<\/span><i><span>Cela, ils l&rsquo;ont fait dans un \u00e9tat d&rsquo;esprit incroyablement ouvert aux changements. Cela, on ne le reconna\u00eet pas encore assez aujourd&rsquo;hui<\/span><\/i><span>\u00ab\u00a0, a dit le pr\u00e9sident allemand, qui f\u00eatera bient\u00f4t ses 100 premiers jours au ch\u00e2teau de Bellevue, la r\u00e9sidence du chef de l&rsquo;Etat.<\/span><\/p>\n<p><span><strong><font>Eric Faye pour le service fran\u00e7ais<\/font><\/strong><\/span><span>\u00a0<\/span><\/p>\n<\/div>\n<p align=\"center\" dir=\"ltr\">\n<h2 style=\"color: red;\"><font face=\"Arial\" size=\"2\"><strong><b><a href=\"http:\/\/www.tunisnews.net\/\"><font face=\"Arial\"><span><font size=\"2\">Home<\/font><\/span><font size=\"2\"><span lang=\"FR-CH\"> &#8211; Accueil <\/span><span>&#8211; <\/span><\/font><\/font><span dir=\"rtl\" lang=\"AR-SA\"><font size=\"2\">\u0627\u0644\u0631\u0626\u064a\u0633\u064a\u0629<\/font><\/span><\/a><\/b><\/strong><\/font><\/h2>\n<\/p>\n<p align=\"center\" dir=\"ltr\">\u00a0<\/p>\n<p><\/body><\/body><\/html><\/p>\n","protected":false},"excerpt":{"rendered":"<p>Home &#8211; Accueil TUNISNEWS 10\u00a0\u00e8me ann\u00e9e,N\u00b0\u00a03785 du 03.10.2010 \u00a0archives : www.tunisnews.net\u00a0 LADDH: Kamel Jendoubi interdit de s\u00e9jour au Maghreb Moudhafer Labidi: De Kebili \u00e0 Mornaguia (seconde partie) Luiza Toscane: Tunisie : victoire de la population \u00e0 Ben Guerdane Pierre Coopman: Censures douces et dures du Maghreb Tunivision: Ramadan 2011 : Viol, drogue, violence, escroquerie\u2026Verra-t-on toujours [&hellip;]<\/p>\n","protected":false},"author":1,"featured_media":22040,"comment_status":"open","ping_status":"open","sticky":false,"template":"","format":"standard","meta":{"inline_featured_image":false,"site-sidebar-layout":"default","site-content-layout":"","ast-site-content-layout":"default","site-content-style":"default","site-sidebar-style":"default","ast-global-header-display":"","ast-banner-title-visibility":"","ast-main-header-display":"","ast-hfb-above-header-display":"","ast-hfb-below-header-display":"","ast-hfb-mobile-header-display":"","site-post-title":"","ast-breadcrumbs-content":"","ast-featured-img":"","footer-sml-layout":"","ast-disable-related-posts":"","theme-transparent-header-meta":"","adv-header-id-meta":"","stick-header-meta":"","header-above-stick-meta":"","header-main-stick-meta":"","header-below-stick-meta":"","astra-migrate-meta-layouts":"default","ast-page-background-enabled":"default","ast-page-background-meta":{"desktop":{"background-color":"","background-image":"","background-repeat":"repeat","background-position":"center center","background-size":"auto","background-attachment":"scroll","background-type":"","background-media":"","overlay-type":"","overlay-color":"","overlay-opacity":"","overlay-gradient":""},"tablet":{"background-color":"","background-image":"","background-repeat":"repeat","background-position":"center center","background-size":"auto","background-attachment":"scroll","background-type":"","background-media":"","overlay-type":"","overlay-color":"","overlay-opacity":"","overlay-gradient":""},"mobile":{"background-color":"","background-image":"","background-repeat":"repeat","background-position":"center center","background-size":"auto","background-attachment":"scroll","background-type":"","background-media":"","overlay-type":"","overlay-color":"","overlay-opacity":"","overlay-gradient":""}},"ast-content-background-meta":{"desktop":{"background-color":"var(--ast-global-color-5)","background-image":"","background-repeat":"repeat","background-position":"center center","background-size":"auto","background-attachment":"scroll","background-type":"","background-media":"","overlay-type":"","overlay-color":"","overlay-opacity":"","overlay-gradient":""},"tablet":{"background-color":"var(--ast-global-color-5)","background-image":"","background-repeat":"repeat","background-position":"center center","background-size":"auto","background-attachment":"scroll","background-type":"","background-media":"","overlay-type":"","overlay-color":"","overlay-opacity":"","overlay-gradient":""},"mobile":{"background-color":"var(--ast-global-color-5)","background-image":"","background-repeat":"repeat","background-position":"center center","background-size":"auto","background-attachment":"scroll","background-type":"","background-media":"","overlay-type":"","overlay-color":"","overlay-opacity":"","overlay-gradient":""}},"footnotes":""},"categories":[],"tags":[62,41,29],"class_list":["post-17256","post","type-post","status-publish","format-standard","has-post-thumbnail","hentry","tag-62","tag-41","tag-fr"],"_links":{"self":[{"href":"https:\/\/tunisnews.net\/ar\/wp-json\/wp\/v2\/posts\/17256","targetHints":{"allow":["GET"]}}],"collection":[{"href":"https:\/\/tunisnews.net\/ar\/wp-json\/wp\/v2\/posts"}],"about":[{"href":"https:\/\/tunisnews.net\/ar\/wp-json\/wp\/v2\/types\/post"}],"author":[{"embeddable":true,"href":"https:\/\/tunisnews.net\/ar\/wp-json\/wp\/v2\/users\/1"}],"replies":[{"embeddable":true,"href":"https:\/\/tunisnews.net\/ar\/wp-json\/wp\/v2\/comments?post=17256"}],"version-history":[{"count":0,"href":"https:\/\/tunisnews.net\/ar\/wp-json\/wp\/v2\/posts\/17256\/revisions"}],"wp:featuredmedia":[{"embeddable":true,"href":"https:\/\/tunisnews.net\/ar\/wp-json\/wp\/v2\/media\/22040"}],"wp:attachment":[{"href":"https:\/\/tunisnews.net\/ar\/wp-json\/wp\/v2\/media?parent=17256"}],"wp:term":[{"taxonomy":"category","embeddable":true,"href":"https:\/\/tunisnews.net\/ar\/wp-json\/wp\/v2\/categories?post=17256"},{"taxonomy":"post_tag","embeddable":true,"href":"https:\/\/tunisnews.net\/ar\/wp-json\/wp\/v2\/tags?post=17256"}],"curies":[{"name":"wp","href":"https:\/\/api.w.org\/{rel}","templated":true}]}}