{"id":17247,"date":"2010-06-17T00:00:00","date_gmt":"2010-06-17T00:00:00","guid":{"rendered":"https:\/\/tunisnews.net\/17-juin-2010\/"},"modified":"2010-06-17T00:00:00","modified_gmt":"2010-06-17T00:00:00","slug":"17-juin-2010","status":"publish","type":"post","link":"https:\/\/tunisnews.net\/ar\/17-juin-2010\/","title":{"rendered":"17 juin 2010"},"content":{"rendered":"<p><html><head><meta content=\"text\/html\" description=\"Sans surprise, aucune, le Parlement tunisien s\u2019est fait, comme \u00e0 \n\t\t\t\tl\u2019accoutum\u00e9, l\u2019\u00e9cho et la bo\u00eete de r\u00e9sonance servile de la \n\t\t\t\tvolont\u00e9 gouvernementale (Conseil des ministres du 19 mai 2010) \n\t\t\t\ttendant \u00e0 incriminer les critiques qui lui sont adress\u00e9es, par \n\t\t\t\tla soci\u00e9t\u00e9 civile tunisienne, au sujet des libert\u00e9s \n\t\t\t\tfondamentales, des droits de l\u2019homme et de sa nature \n\t\t\t\tfonci\u00e8rement anti-d\u00e9mocratique.\" http-equiv=\"Content-Type\"\/><\/head><body><body><\/p>\n<p align=\"center\" dir=\"rtl\"><font face=\"Arial\" size=\"2\"><b><a href=\"http:\/\/www.tunisnews.net\/\"><span>Home<\/span><span lang=\"FR-CH\"> &#8211; Accuei<\/span><\/a><span lang=\"FR-CH\">l<\/span><\/b><\/font><\/p>\n<p><font face=\"Arial\" size=\"2\"><\/p>\n<div>\n<div>\n<div onclick=\"return Control.invoke('ReadingPane', '_onBodyClick', event);\">\n<div><meta content=\"Microsoft SafeHTML\"\/><\/p>\n<style>.ExternalClass .ecxhmmessage P{padding:0px;}.ExternalClass body.ecxhmmessage{font-size:10pt;font-family:Verdana;}<\/style>\n<div><font face=\"Arial\" size=\"2\"><\/p>\n<div align=\"center\" dir=\"ltr\"><font size=\"7\"><strong>TUNISNEWS <\/strong><\/font><\/div>\n<div align=\"center\" dir=\"ltr\">\n<div><strong><font>10\u00a0\u00e8me ann\u00e9e,<span lang=\"FR\">N\u00b0\u00a03677 du 17.06.2010<\/span><\/font><\/strong><\/div>\n<\/div>\n<div align=\"center\"><span><font><strong>\u00a0archives : <\/strong><\/font><a target=\"_blank\" rel=\"noopener\"><font><strong>www.tunisnews.net<\/strong><\/font><\/a><\/span><font><strong>\u00a0<\/strong><\/font><span lang=\"FR\"><strong><\/strong><font><span lang=\"FR-CH\"><\/span><\/font><\/span><\/div>\n<p><\/font><span><font><span lang=\"FR\"><\/p>\n<div><strong><font size=\"2\"><\/p>\n<hr\/>\n<p><\/font><\/strong><span lang=\"FR\"><font size=\"2\"><strong><\/p>\n<p><font>C.R.L.D.H. Tunisie: Tunsie &#8211; La critique (du r\u00e9gime) est, d\u00e9sormais, passible de 5 \u00e0 12 ans d\u2019emprisonnement <font>Communiqu\u00e9 commun: TUNISIE : Adoption d&rsquo;un amendement visant \u00e0 renforcer la criminalisation de la d\u00e9fense des droits de l&rsquo;Homme<\/font> Nouvelobs: Pol\u00e9mique sur une loi sur les \u00ab\u00a0int\u00e9r\u00eats vitaux\u00a0\u00bb de la Tunisie <font>AFP: Tunisie: un parti d&rsquo;opposition d\u00e9nonce une loi sur la s\u00e9curit\u00e9 \u00e9conomique<\/font> AP: Tunisie: le gouvernement r\u00e9fute les interpr\u00e9tations de la loi sur la s\u00e9curit\u00e9 \u00e9conomique <font>Hend Harouni: Claiming The Police Siege Lift for My Brother Abdelkarim Harouni<\/font>  Mizaanoun: Piraterie ou crime contre l\u2019humanit\u00e9 ?<\/font><\/p>\n<p><\/strong><\/font><\/span><\/div>\n<p><span lang=\"FR\"><strong><font size=\"2\"><\/p>\n<div><font><\/p>\n<hr\/>\n<p><\/font><\/div>\n<p><\/font><\/strong><\/span><\/span><\/font><\/span><\/div>\n<div>\n<div align=\"center\"><font face=\"Arial\"><strong>\u00a0Invitation<\/strong><\/font><\/div>\n<div align=\"justify\"> <font face=\"Arial\" size=\"2\">Le Bureau National de l\u2019Association des Tunisiens en France (ATF) a le plaisir de vous inviter \u00e0 participer  \u00e0 la conf\u00e9rence \u2013 d\u00e9bat\u00a0 au tour du th\u00e8me:<\/font><\/div>\n<div align=\"justify\">\u00a0<\/div>\n<div align=\"justify\"><font face=\"Arial\" size=\"2\"><strong><\/p>\n<p><font>\u00ab\u00a0Libert\u00e9 artistique et de cr\u00e9ation, libert\u00e9 d&rsquo;expression et droit \u00e0 la critique des syst\u00e8mes religieux:  Cas de la convention internationale sur l&rsquo;\u00e9limination de toutes les formes de discriminations raciales (CIEDR)\u00a0\u00bb<\/font><\/p>\n<p><\/strong> \u00a0 Intervenant : Monsieur <strong><font>Kh\u00e9ma\u00efs CHAMARI,<\/font><\/strong> ancien vice-Pr\u00e9sident de la Ligue tunisienne de D\u00e9fense des droits de l\u2019Homme et ancien Vice-Pr\u00e9sident de la FIDH. \u00a0 <strong>\u00a0Le 24 juin 2010 \u00e0 partir 19h00<\/strong><\/font><\/div>\n<div align=\"justify\">\u00a0<\/div>\n<div align=\"justify\"><font face=\"Arial\" size=\"2\"><strong>A l\u2019Espace Farabi 3, rue Louis Blanc, 75010 Paris, M\u00b0 Colonel Fabien<\/strong><\/font><\/div>\n<\/div>\n<p><font face=\"Arial\" size=\"2\"><strong><\/p>\n<div>\n<hr\/>\n<\/div>\n<p><\/strong><\/p>\n<div> \u00a0<\/div>\n<p align=\"center\"><strong>C.R.L.D.H.\u00a0Tunisie<\/strong><\/p>\n<p align=\"center\"><strong>Comit\u00e9 pour le Respect des Libert\u00e9s et des Droits de l\u2019Homme en Tunisie<\/strong><\/p>\n<p align=\"center\"><strong>Membre du R\u00e9seau Euro-m\u00e9diterran\u00e9en des Droits de l\u2019Homme<\/strong><\/p>\n<p align=\"center\"><strong>21ter rue Voltaire\u00a0\u2013 FR-75011 PARIS\u00a0\u00a0&#8211; Tel\/Fax : 00.33.(0)1.43.72.97.34<\/strong><\/p>\n<p align=\"center\"><strong><span>crldht<\/span>@<\/strong><a target=\"_blank\" rel=\"noopener\"><span><strong>gmail.com<\/strong><\/span><\/a><strong>\u00a0\/\u00a0<\/strong><span><a target=\"_blank\" rel=\"noopener\"><span><font><strong>www.crldht. org<\/strong><\/font><\/span><\/a><\/span><\/p>\n<p align=\"center\"><strong>TUNSIE\u00a0:<\/strong><\/p>\n<p align=\"center\"><strong><\/p>\n<h2 style=\"color: red;\"><font size=\"3\">LA CRITIQUE (DU R\u00c9GIME) EST, D\u00c9SORMAIS, PASSIBLE DE 5 \u00c0 12 ANS D\u2019EMPRISONNEMENT<\/font><\/h2>\n<p><\/strong><\/p>\n<hr\/>\n<p>\u00a0<\/p>\n<p align=\"center\"><strong>Le parlement tunisien a vot\u00e9 (le 15\/06\/2010), comme pr\u00e9vu, l\u2019incrimination de la libert\u00e9 d\u2019expression<\/strong><\/p>\n<p><span>Sans surprise, aucune, le Parlement tunisien s\u2019est fait, comme \u00e0 l\u2019accoutum\u00e9, l\u2019\u00e9cho et la bo\u00eete de r\u00e9sonance servile de la volont\u00e9 gouvernementale (Conseil des ministres du 19 mai 2010) tendant \u00e0 incriminer les critiques qui lui sont adress\u00e9es, par la soci\u00e9t\u00e9 civile tunisienne, au sujet des libert\u00e9s fondamentales, des droits de l\u2019homme et de sa nature fonci\u00e8rement anti-d\u00e9mocratique.<\/span><\/p>\n<p><span>Ceci ne nous \u00e9tonne gu\u00e8re, au sein du CRLDHT, de la part d\u2019une assembl\u00e9e parlementaire faussement plurielle (les UDU, MDS, PUP et autre PSL jouant le r\u00f4le d\u2019accompagnateurs dociles du Parti au pouvoir), qui n\u2019a jamais brill\u00e9 ni par son ind\u00e9pendance ni par ses d\u00e9bats contradictoires\u00a0!<\/span><\/p>\n<p><span>Par deux voix CONTRE (ATTAJDID) et tout le reste POUR, l\u2019unanimisme autoritariste \u00ab\u00a0\u00e0 la tunisienne\u00a0\u00bb appara\u00eet dans toute sa flagrance pitoyable.<\/span><\/p>\n<p><span>Ce dont nous nous satisfaisons, cependant, c\u2019est qu\u2019\u00e0 l\u2019occasion du vote de cette loi sc\u00e9l\u00e9rate, nous avions modestement contribu\u00e9 \u00e0 r\u00e9v\u00e9ler au monde entier\u00a0que\u00a0:<\/span><\/p>\n<p><span>1)\u00a0\u00a0\u00a0<span>\u00a0<\/span>En Tunisie, les lois de r\u00e9forme du Code p\u00e9nal (qui est l\u2019indicateur par excellence et le \u00ab\u00a0thermom\u00e8tre\u00a0\u00bb du niveau des libert\u00e9s dans n\u2019importe quelle soci\u00e9t\u00e9) battent les records mondiaux de la vitesse\u00a0; en moins de quatre semaines, la loi est \u00ab\u00a0projet\u00e9e\u00a0\u00bb, \u00ab\u00a0d\u00e9battue\u00a0\u00bb, soumise au \u00ab\u00a0contr\u00f4le de constitutionnalit\u00e9\u00a0\u00bb, enregistr\u00e9e au r\u00f4le du Parlement, \u00ab\u00a0vot\u00e9e\u00a0\u00bb par celui-ci et promulgu\u00e9e. M\u00eame le \u00ab\u00a0<em><span>Patriot act<\/span><\/em>\u00a0\u00bb am\u00e9ricain promulgu\u00e9 au lendemain des attentats du 11 novembre 2001 n\u2019a pas \u00e9t\u00e9 vot\u00e9 avec cette rapidit\u00e9\u00a0!<\/span><\/p>\n<p><span>2)\u00a0\u00a0\u00a0<span>\u00a0<\/span>La preuve est d\u00e9sormais juridiquement faite, qu\u2019en Tunisie, la critique du gouvernement, de ses choix autoritaires et de sa politique liberticide et anti-d\u00e9mocratique,<span>\u00a0<\/span><em><span><strong>est<\/strong><\/span><\/em><span>\u00a0<\/span>un d\u00e9lit, voire-m\u00eame un crime sanctionn\u00e9 \u00ab\u00a0en temps de paix de 5 ans d\u2019emprisonnement\u00a0\u00bb.<\/span><\/p>\n<p><span>Les critiques faites par les organisations nationales et internationales de d\u00e9fense des droits humains, quant au pi\u00e9tinement syst\u00e9matique des libert\u00e9s fondamentales, par les autorit\u00e9s tunisiennes, gagnent en l\u00e9gitimit\u00e9, et leur bien-fond\u00e9 appara\u00eet, avec cette loi liberticide, plus que jamais au grand jour\u00a0!<\/span><\/p>\n<p>\u00a0<\/p>\n<p><span>Selon le compte rendu, fait par la Presse gouvernementale, de la \u00ab\u00a0s\u00e9ance parlementaire pl\u00e9ni\u00e8re\u00a0\u00bb au cours de laquelle cette loi a \u00e9t\u00e9 vot\u00e9e, le ministre de la justice et des droits de l\u2019homme (sic\u00a0!) s\u2019est employ\u00e9 \u00e0 souligner l\u2019absence d\u2019interf\u00e9rence entre l\u2019incrimination nouvelle et le droit \u00e0 la libert\u00e9 d\u2019expression garanti par la Constitution. Monsieur le ministre fait, cependant, semblant d\u2019ignorer, que la Tunisie a \u00e9t\u00e9 syst\u00e9matiquement \u00e9pingl\u00e9e par les instances onusiennes, quant \u00e0 l\u2019\u00e9cart non moins syst\u00e9matique qu\u2019accuse la pratique \u00e9tatique (non-respectueuse des droits, notamment constitutionnels) par rapport aux textes. De quelle \u00ab\u00a0jurisprudence\u00a0\u00bb et de \u00ab\u00a0quels garde-fous\u00a0\u00bb\u00a0nous parle-t-il\u00a0? quand, par ailleurs, il indique lui-m\u00eame que la loi dont il s\u2019agit \u00ab\u00a0<em><span>stipule notamment que toute personne ayant \u00e9tabli intentionnellement des contacts explicites ou<\/span><\/em><span><i>\u00a0<\/i><\/span><i><span><strong>implicites<\/strong><\/span><\/i><span><i>\u00a0<\/i><\/span><em><span>avec des agents d&rsquo;un Etat \u00e9tranger, une<\/span><\/em><span><i>\u00a0<\/i><\/span><i><span><strong>institution<\/strong><\/span><\/i><span><i>\u00a0<\/i><\/span><em><span>ou une<\/span><\/em><span><i>\u00a0<\/i><\/span><i><span><strong>organisation<\/strong><\/span><\/i><span><i>\u00a0<\/i><\/span><em><span>\u00e9trang\u00e8re, dans l&rsquo;objectif de les inciter \u00e0 porter atteinte aux int\u00e9r\u00eats vitaux de la Tunisie, est passible d&rsquo;une sanction p\u00e9nale.<\/span><\/em>\u00a0\u00bb<\/span><\/p>\n<p>\u00a0<\/p>\n<p><span>Les termes\u00a0\u00ab\u00a0implicites\u00a0\u00bb et \u00ab\u00a0(directement ou) indirectement\u00a0\u00bb, tout autant que \u00ab\u00a0institution\u00a0\u00bb et \u00ab\u00a0organisation\u00a0\u00bb visent \u00e0 introduire dans l\u2019article 61<span>\u00a0<\/span><em><span>bis<\/span><\/em><span>\u00a0<\/span>du Code p\u00e9nal tunisien, des notions totalement \u00e9trang\u00e8res \u00e0 l\u2019esprit et \u00e0 la lettre dudit texte. Elles contreviennent en outre au principe universel de \u00ab\u00a0la personnalit\u00e9 de la responsabilit\u00e9 p\u00e9nale \u00bb, et visent, n\u2019en d\u00e9plaise \u00e0 ceux qui s\u2019en d\u00e9fendent avec une fausse pudeur, \u00e0 criminaliser la libert\u00e9 d\u2019expression telle que reconnue par l\u2019article 8 de la Constitution tunisienne et l\u2019article 19 du Pacte International relatif aux Droits Civils et Politiques\u00a0!<\/span><\/p>\n<p>\u00a0<\/p>\n<p><span>Le CRLDH, tout en d\u00e9non\u00e7ant vigoureusement cette loi liberticide\u00a0:<\/span><\/p>\n<p><span>1)\u00a0\u00a0\u00a0<span>\u00a0<\/span>S\u2019engage, plus que jamais, \u00e0 poursuivre, et sans la moindre rel\u00e2che, sa d\u00e9nonciation de la politique r\u00e9pressive m\u00e9thodique de l\u2019Etat tunisien\u00a0;<\/span><\/p>\n<p><span>2)\u00a0\u00a0\u00a0<span>\u00a0<\/span>Prend acte de ce que les autorit\u00e9s tunisiennes, en faisant voter cette loi liberticide, lui fournissent un argument suppl\u00e9mentaire renfor\u00e7ant la l\u00e9gitimit\u00e9 et le bien-fond\u00e9 de son combat pour la d\u00e9fense des libert\u00e9s fondamentales, des droits de l\u2019homme et de la d\u00e9mocratie\u00a0;<\/span><\/p>\n<p><span>3)\u00a0\u00a0\u00a0<span>\u00a0<\/span>Invite toutes les organisations nationales et internationales de d\u00e9fense des droits de l\u2019homme \u00e0 constituer, sans plus tarder, un front civil international se fixant pour objectif l\u2019abrogation de cette loi sc\u00e9l\u00e9rate (et de toutes celles inconstitutionnelles dont regorge la Tunisie\u2026)\u00a0;<\/span><\/p>\n<p><span>4)\u00a0\u00a0\u00a0<span>\u00a0<\/span>R\u00e9it\u00e8re les termes de son communiqu\u00e9 du 21 mai 2010, entre autres concernant le refus de donner un \u00ab\u00a0blanc-seing\u00a0\u00bb au r\u00e9gime autoritariste tunisien, ou de lui octroyer une \u00ab\u00a0prime \u00e0 l\u2019oppression\u00a0\u00bb (pas de \u00ab\u00a0statut avanc\u00e9\u00a0\u00bb, sans d\u00e9mocratisation du syst\u00e8me politique, et sans avanc\u00e9es notables dans le respect concret des droits humain\u00a0!)\u00a0;<\/span><\/p>\n<p><span>5)\u00a0\u00a0\u00a0<span>\u00a0<\/span>Rappelle que le seul et unique responsable dans l\u2019atteinte aux int\u00e9r\u00eats vitaux de la Tunisie est le pouvoir despotique en place qui refuse d\u2019engager les r\u00e9formes (politiques, judiciaires, sociales et administratives) indispensables \u00e0 la modernisation v\u00e9ritable de la Tunisie.<\/span><\/p>\n<p><strong>Paris le 16 juin 2010<\/strong><\/p>\n<div>\n<div onclick=\"return Control.invoke('ReadingPane', '_onBodyClick', event);\">\n<div>\n<div><font face=\"Arial\" size=\"2\"><span><font><span lang=\"FR\"><\/p>\n<div><strong><font size=\"2\"><\/p>\n<hr\/>\n<p><\/font><\/strong><\/div>\n<p><\/span><\/font><\/span><\/font><\/div>\n<\/div>\n<\/div>\n<\/div>\n<p><font face=\"Arial\" size=\"2\"><\/p>\n<div align=\"center\"><font face=\"Arial\" size=\"2\"><font size=\"3\"><strong><font size=\"2\">COMMUNIQUE DE PRESSE<\/font><\/strong><font face=\"Times New Roman\"> <\/font><font face=\"Arial\"><\/p>\n<p><font size=\"2\"><strong>TUNISIE : Adoption d&rsquo;un amendement visant \u00e0 renforcer la criminalisation de la d\u00e9fense des droits de l&rsquo;Homme dans le contexte de la n\u00e9gociation d&rsquo;un statut avanc\u00e9 avec l&rsquo;Union europ\u00e9enne<\/strong><\/font><\/p>\n<p><\/font><\/font><\/font><\/div>\n<p><font size=\"2\"><\/p>\n<div>\n<hr\/>\n<\/div>\n<p><\/font><\/font><\/font><\/p>\n<div> \u00a0<\/div>\n<div align=\"justify\"><font face=\"Arial\"><b>Paris-Gen\u00e8ve-Copenhague-Londres-New York, le 17 juin 2010. <i>L&rsquo;Observatoire pour la protection des d\u00e9fenseurs des droits de l&rsquo;Homme, un programme conjoint de la F\u00e9d\u00e9ration internationale des ligues des droits de l&rsquo;Homme (FIDH) et de l&rsquo;Organisation mondiale contre la torture (OMCT), le R\u00e9seau Euro-m\u00e9diterran\u00e9en des droits de l&rsquo;Homme (REMDH), Reporters sans fronti\u00e8res (RSF), Amnesty International et Human Rights Watch condamnent l&rsquo;adoption par le Parlement, le 15 juin 2010, d&rsquo;un projet de loi visant \u00e0 criminaliser directement les activit\u00e9s de sensibilisation men\u00e9es par les d\u00e9fenseurs des droits de l&rsquo;Homme tunisiens.<\/i><\/b><\/font> <font face=\"Arial\">Cette loi vise \u00e0 compl\u00e9ter les dispositions de l&rsquo;article 61 bis du Code p\u00e9nal en y ajoutant l&rsquo;incrimination \u201c<i>des personnes qui \u00e9tablissent, de mani\u00e8re directe ou indirecte, des contacts avec des agents d&rsquo;un Etat \u00e9tranger, d&rsquo;une institution ou d&rsquo;une organisation \u00e9trang\u00e8re dans le but de les inciter \u00e0 porter atteinte aux int\u00e9r\u00eats vitaux de la Tunisie et \u00e0 sa s\u00e9curit\u00e9 \u00e9conomique\u201d.<\/i>Les personnes incrimin\u00e9es pourront \u00eatre condamn\u00e9es \u00e0 des peines allant de cinq \u00e0 vingt ans de prison ferme (article 62 du Code p\u00e9nal relatif \u00e0 la s\u00e9curit\u00e9 int\u00e9rieure). L&rsquo;adoption de cet amendement pourrait permettre de poursuivre et d&#8217;emprisonner des d\u00e9fenseurs des droits de l&rsquo;homme soutenus par des organisations \u00e9trang\u00e8res et multilat\u00e9rales. <\/font> <font face=\"Times New Roman\">Dans sa r\u00e9ponse aux interventions des d\u00e9put\u00e9s, M. Lazhar Bououni, ministre de la Justice et des droits de l&rsquo;Homme, a en effet pr\u00e9cis\u00e9 que \u201c<i>l&rsquo;atteinte aux int\u00e9r\u00eats vitaux\u201d<\/i> incluait le fait \u201c<i>d&rsquo;inciter des parties \u00e9trang\u00e8res \u00e0 ne pas accorder des cr\u00e9dits \u00e0 la Tunisie, \u00e0 ne pas investir dans le pays, \u00e0 boycotter le tourisme ou \u00e0 saboter les efforts de la Tunisie visant \u00e0 obtenir le statut de partenaire avanc\u00e9 avec l&rsquo;Union europ\u00e9enne<\/i>\u201d<\/font><font face=\"Arial\"> Cf. articles de l&rsquo;<i>Agence Tunis Afrique Presse<\/i>, 15 juin 2010 et de <i>La Presse de Tunisie<\/i>, 16 juin 2010, <\/font><font face=\"Times New Roman\">. Le vote d&rsquo;une telle disposition intervient un mois apr\u00e8s la tenue, le 11 mai 2010, du Conseil d&rsquo;association entre l&rsquo;Union europ\u00e9enne (UE) et la Tunisie, et alors m\u00eame que la Tunisie a engag\u00e9 des n\u00e9gociations en vue d&rsquo;obtenir le statut de partenaire avanc\u00e9.<\/font> <font face=\"Arial\"><i>\u201cCette d\u00e9cision liberticide constitue une atteinte flagrante \u00e0 la libert\u00e9 d&rsquo;expression, et s&rsquo;av\u00e8re indiscutablement destin\u00e9e \u00e0 criminaliser les activit\u00e9s de sensibilisation \u00e0 la situation des droits de l&rsquo;Homme en Tunisie aupr\u00e8s des organisations \u00e9trang\u00e8res\u201d,<\/i> a d\u00e9plor\u00e9 Souhayr Belhassen, Pr\u00e9sidente de la FIDH. \u201c<i>Il s&rsquo;agit d&rsquo;un nouveau coup port\u00e9 \u00e0 la soci\u00e9t\u00e9 civile tunisienne, dans le but d&rsquo;\u00e9viter que les voix dissidentes trouvent \u00e9cho sur la sc\u00e8ne internationale\u201d<\/i>, a ajout\u00e9 Eric Sottas, Secr\u00e9taire g\u00e9n\u00e9ral de l&rsquo;OMCT. \u201c<i>Avec cette disposition, le Gouvernement tunisien compl\u00e8te son arsenal r\u00e9pressif \u00e0 l&rsquo;encontre des personnalit\u00e9s qui osent remettre en question, \u00e0 l&rsquo;\u00e9tranger, la politique men\u00e9e par le r\u00e9gime. C&rsquo;est la porte ouverte \u00e0 tous les abus. Tant que le pouvoir tunisien cherchera \u00e0 faire taire toutes voix dissidentes, tant qu&rsquo;il aura recours de mani\u00e8re syst\u00e9matique au harc\u00e8lement, \u00e0 l&rsquo;intimidation et \u00e0 la censure, tant que le Code p\u00e9nal lui servira \u00e0 punir toute opinion contraire, l&rsquo;UE ne saurait accorder \u00e0 la Tunisie un statut avanc\u00e9<\/i>\u201d, a d\u00e9clar\u00e9 Jean-Fran\u00e7ois Julliard, secr\u00e9taire g\u00e9n\u00e9ral de RSF.<\/font> <font face=\"Arial\"><i>\u201cLes d\u00e9fenseurs de droits humains sont la cible directe de la nouvelle loi. Avant m\u00eame son adoption, des articles publi\u00e9s dans les journaux Al-Hadath, Koll Ennass, As Sarih, As Sabah, La Presse et Ach-Chourouk traitaient de \u201ctra\u00eetres\u201d, \u201cagents\u201d et \u201cmercenaires\u201d \u201cqu\u2019il convient de juger\u201d<\/i> Cf. articles d&rsquo;<i>Al-Hadath<\/i>, 19 et 26 mai 2010.<i> certains d\u00e9fenseurs tunisiens<\/i> M. <b>Kamel Jendoubi<\/b>, Pr\u00e9sident du REMDH et membre du Conseil ex\u00e9cutif de l\u2019OMCT, Mme <b>Sihem Bensedrine<\/b>, porte-parole du Conseil national pour les libert\u00e9s en Tunisie (CNLT), M. <b>Kh\u00e9ma\u00efs Chammari<\/b>, membre du Conseil d\u2019administration de la Fondation euro-m\u00e9diterran\u00e9enne de soutien aux d\u00e9fenseurs des droits de l\u2019Homme (FEMDH) et ancien vice-pr\u00e9sident de la FIDH. M. <b>Omar Mestiri<\/b>, directeur de la r\u00e9daction du journal <i>Kalima<\/i>.<i> pour avoir \u00e9t\u00e9 en contact avec l\u2019UE. Mais la loi vise aussi \u00e0 b\u00e2illonner toute expression critique des Tunisiens en relation avec l\u2019ext\u00e9rieur du pays\u201d<\/i> a par ailleurs rappel\u00e9 Kamel Jendoubi, Pr\u00e9sident du REMDH. Ces attaques se sont amplifi\u00e9es au cours des derni\u00e8res semaines, mettant ouvertement l&rsquo;accent sur leur soi-disant responsabilit\u00e9 dans l&rsquo;\u201c<i>\u00e9chec des n\u00e9gociations concernant le statut avanc\u00e9 avec l&rsquo;UE<\/i>\u201d<\/font><font face=\"Times New Roman\"> \u00a0 \u00a0 \u00a0 \u00a0 <\/font><font face=\"Arial\">Cf. article d<i>e La Presse<\/i>, 31 mai 2010.. De surcro\u00eet, le 15 juin 2010, \u00e0 l&rsquo;a\u00e9roport de Tunis, lorsqu&rsquo;il revenait de Paris, M. Kh\u00e9ma\u00efs Chammari a \u00e9t\u00e9 soumis pendant plus de 65 minutes \u00e0 un contr\u00f4le douanier abusif et vexatoire, qui a conduit notamment \u00e0 la confiscation d&rsquo;un de ces livres. <\/font> <font face=\"Arial\">\u201c<i>Apr\u00e8s avoir essay\u00e9 d\u2019\u00e9touffer toutes les voix ind\u00e9pendantes en Tunisie, les autorit\u00e9s cherchent par cette mesure \u00e0 \u00e9tendre leur emprise \u00e0 l\u2019\u00e9tranger pour contr\u00f4ler les d\u00e9fenseurs et emp\u00eacher que les violations commises quotidiennement en Tunisie soient d\u00e9nonc\u00e9es<\/i>\u201d, a d\u00e9clar\u00e9 Hassiba Hadj Sahraoui d&rsquo;Amnesty International.<\/font> <font face=\"Arial\">L&rsquo;Observatoire, le REMDH, RSF, Amnesty International et Human Rights Watch redoutent que l&rsquo;adoption de cette loi ne permette la recrudescence des actes de harc\u00e8lement \u00e0 l&rsquo;encontre des d\u00e9fenseurs des droits de l&rsquo;Homme en Tunisie et qu&rsquo;elle n&rsquo;autorise, en particulier, l&rsquo;ouverture de poursuites judiciaires arbitraires \u00e0 l&rsquo;encontre des personnes cit\u00e9es, ainsi que de tous ceux qui interpellent la communaut\u00e9 internationale en lui enjoignant de prendre les mesures n\u00e9cessaires en faveur de l&rsquo;am\u00e9lioration de la situation des droits de l&rsquo;Homme en Tunisie. <\/font> <font face=\"Arial\">Nos organisations appellent de ce fait les autorit\u00e9s tunisiennes \u00e0 abroger sans d\u00e9lai cette \u00a0loi, dans la mesure o\u00f9 de telles dispositions sont manifestement contraires \u00e0 l\u2019esprit et \u00e0 la lettre du Pacte international relatif aux droits civils et politiques, ratifi\u00e9 par la Tunisie le 23 mars 1976, et \u00e0 se conformer aux dispositions de la D\u00e9claration sur les d\u00e9fenseurs des droits de l\u2019Homme adopt\u00e9e par l\u2019Assembl\u00e9e g\u00e9n\u00e9rale des Nations unies le 9 d\u00e9cembre 1998 et aux instruments r\u00e9gionaux et internationaux relatifs aux droits de l\u2019Homme ratifi\u00e9s par la Tunisie.<\/font> <font face=\"Arial\">En outre, nos organisations appellent les institutions de l\u2019UE \u00e0 \u00e9valuer tout rehaussement des relations avec la Tunisie \u00e0 l&rsquo;aune d&rsquo;un progr\u00e8s notable et mesurable en mati\u00e8re de respect des standards internationaux des droits de l\u2019Homme, et \u00e0 imm\u00e9diatement mettre en \u0153uvre les Lignes directrices de l\u2019UE sur les d\u00e9fenseurs des droits de l\u2019Homme. <\/font> <font face=\"Arial\"><b>Pour plus d\u2019informations, merci de contacter :<\/b><\/font> <font face=\"Arial\"><b>\u00a0FIDH : Karine Appy \/ Fabien Ma\u00eetre : + 33 1 43 55 25 18 (fran\u00e7ais et anglais)<\/b><\/font> <font face=\"Arial\"><b>\u00a0OMCT : Delphine Reculeau : + 41 22 809 49 39 (fran\u00e7ais et anglais)<\/b><\/font> <font face=\"Arial\"><b>\u00a0REMDH : Shaimaa Abou Elkhir : +45 32 64 17 16 (arabe, fran\u00e7ais et anglais)<\/b><\/font> <font face=\"Arial\"><b>\u00a0RSF : Soazig Dollet : + 33 1 44 83 84 78 (arabe, fran\u00e7ais et anglais)<\/b><\/font> <font face=\"Arial\"><b>\u00a0Amnesty International : Hassiba Hadj Sahraoui : +44 20 7413 5643 (arabe, fran\u00e7ais et anglais)<\/b><\/font> <font face=\"Arial\"><b>\u00a0Human Rights Watch : Rasha Moumneh :+961 71 323 484 (arabe et anglais)<\/b><\/font><\/div>\n<p><span><font><\/p>\n<div>\n<hr\/>\n<\/div>\n<div>\u00a0<\/div>\n<div align=\"center\"><font face=\"Arial\" size=\"2\"><strong><\/p>\n<h2 style=\"color: red;\"><font size=\"3\">Pol\u00e9mique sur une loi sur les \u00ab\u00a0int\u00e9r\u00eats vitaux\u00a0\u00bb de la Tunisie<\/font><\/h2>\n<p><\/strong><\/font><\/div>\n<div align=\"center\"><font face=\"Arial\" size=\"2\"><\/p>\n<hr\/>\n<p><\/font><\/div>\n<div>\u00a0<\/div>\n<div align=\"justify\">17\/06\/10 10:56<\/div>\n<div align=\"justify\">Le texte controvers\u00e9 criminalise les \u00ab\u00a0atteintes aux int\u00e9r\u00eats vitaux\u00a0\u00bb du pays et \u00e0 \u00ab\u00a0sa s\u00e9curit\u00e9 \u00e9conomique\u00a0\u00bb. \u00a0Le pr\u00e9sident tunisien Zine El Abidine Ben Ali a d\u00e9cid\u00e9 \u00ab\u00a0l&rsquo;organisation de rencontres p\u00e9riodiques r\u00e9unissant les ministres (&#8230;) dans des d\u00e9bats francs et ouverts qui seront diffus\u00e9s par la t\u00e9l\u00e9vision nationale\u00a0\u00bb. (AFP)  Une pol\u00e9mique s&rsquo;est instaur\u00e9e en Tunisie autour d&rsquo;une loi controvers\u00e9e qui criminalise les \u00ab\u00a0atteintes aux int\u00e9r\u00eats vitaux\u00a0\u00bb du pays et \u00e0 \u00ab\u00a0sa s\u00e9curit\u00e9 \u00e9conomique\u00a0\u00bb. Selon certaines ONG, cette mesure est destin\u00e9e \u00e0 faire taire les voix critiques de la politique du gouvernement, des all\u00e9gations r\u00e9fut\u00e9es par les autorit\u00e9s.  Elle a \u00e9t\u00e9 adopt\u00e9e, mardi 15 juin, par la quasi-totalit\u00e9 des 214 membres de la chambre des d\u00e9put\u00e9s domin\u00e9e par le parti au pouvoir, le Rassemblement constitutionnel d\u00e9mocratique (RCD) du pr\u00e9sident Zine El Abidine Ben Ali. Seuls deux d\u00e9put\u00e9s du mouvement Ettajdid (Le Renouveau), l&rsquo;un des six partis d&rsquo;opposition repr\u00e9sent\u00e9s au Parlement, ont vot\u00e9 contre. Pour l&rsquo;agence officielle TAP, la loi dont l&rsquo;objectif est d&rsquo;\u00eatre \u00ab\u00a0en phase avec les l\u00e9gislations en vigueur dans plusieurs pays avanc\u00e9s\u00a0\u00bb, vient \u00ab\u00a0combler un vide juridique\u00a0\u00bb. Le Code p\u00e9nal tunisien limitait jusque-l\u00e0 l&rsquo;incrimination des atteintes \u00e0 la s\u00fbret\u00e9 ext\u00e9rieure de l&rsquo;Etat aux plans militaire et diplomatique, passibles de cinq \u00e0 20 ans d&#8217;emprisonnement, sans englober le domaine \u00e9conomique. Elle vise \u00e0 \u00ab\u00a0r\u00e9primer quiconque s&rsquo;avise intentionnellement de porter pr\u00e9judice aux int\u00e9r\u00eats vitaux de la Tunisie\u00a0\u00bb, en \u00e9tablissant \u00e0 cet effet \u00ab\u00a0de mani\u00e8re directe ou indirecte, des contacts avec les agents d&rsquo;une puissance \u00e9trang\u00e8re ou d&rsquo;une institution ou organisation \u00e9trang\u00e8re\u00a0\u00bb.  \u00ab\u00a0Un danger pour les libert\u00e9s publiques\u00a0\u00bb L&rsquo;allusion est manifeste aux opposants et militants des droits humains qui pressent l&rsquo;Union europ\u00e9enne de conditionner l&rsquo;octroi, en cours de n\u00e9gociation, d&rsquo;un statut avanc\u00e9 \u00e0 la Tunisie \u00e0 des avanc\u00e9es d\u00e9mocratiques. Le projet de loi a suscit\u00e9 un mouvement de protestation parmi nombre d&rsquo;organisations en Tunisie et \u00e0 l&rsquo;\u00e9tranger et les partis d&rsquo;opposition radicaux. Premi\u00e8re \u00e0 r\u00e9agir, la Ligue tunisienne de d\u00e9fense des droits de l&rsquo;Homme (LTDH) a tir\u00e9 la sonnette d&rsquo;alarme sur ce qu&rsquo;elle consid\u00e8re comme \u00ab\u00a0un danger pour les libert\u00e9s publiques\u00a0\u00bb. Dans un communiqu\u00e9, la LTDH d\u00e9plore \u00ab\u00a0le flou\u00a0\u00bb qui entoure le texte et qui \u00ab\u00a0ouvre la voie \u00e0 la criminalisation de faits qui peuvent n&rsquo;\u00eatre simplement que l&rsquo;expression d&rsquo;une opinion dans des m\u00e9dias \u00e9trangers ou lors de tribunes organis\u00e9es \u00e0 l&rsquo;\u00e9tranger\u00a0\u00bb. \u00ab\u00a0Au lieu d&rsquo;une ouverture que tout le monde attendait, on nous gratifie de l&rsquo;inverse: une loi faite pour faire peur et terroriser l&rsquo;opposition\u00a0\u00bb, s&rsquo;est d\u00e9sol\u00e9 le chef du Forum d\u00e9mocratique pour le travail et les libert\u00e9s (FDTL\/opposition), le Dr Mustapha Ben Ja\u00e2far. Au centre d&rsquo;une campagne de d\u00e9nigrement lanc\u00e9e par des journaux proches du pouvoir \u00e0 l&rsquo;instar de plusieurs figures de la soci\u00e9t\u00e9 civile, le militant Kh\u00e9ma\u00efs Chammari se dit \u00ab\u00a0persuad\u00e9 que la nouvelle loi cible les d\u00e9fenseurs des droits de l&rsquo;Homme et les opposants\u00a0\u00bb. Plusieurs de ces activistes sont qualifi\u00e9s de \u00ab\u00a0tra\u00eetres\u00a0\u00bb et de \u00ab\u00a0mercenaires \u00e0 la solde de l&rsquo;\u00e9tranger\u00a0\u00bb.  \u00ab\u00a0La patrie ne tol\u00e8re aucun chantage\u00a0\u00bb Le ministre tunisien de la justice et des droits de l&rsquo;Homme Lazhar Bououni assure, lui, qu&rsquo;il n&rsquo;existe \u00ab\u00a0aucune relation entre ce projet de loi et les libert\u00e9s publiques qui sont garanties par la Constitution\u00a0\u00bb. Selon lui, \u00ab\u00a0la formulation d&rsquo;une opinion, m\u00eame si elle entra\u00eene un pr\u00e9judice, ne saurait \u00eatre criminalis\u00e9e\u00a0\u00bb. Il a cependant admis que \u00ab\u00a0les crimes vis\u00e9s concernent exclusivement la s\u00e9curit\u00e9 \u00e9conomique\u00a0\u00bb. Le responsable a cit\u00e9 notamment l&rsquo;incitation de parties \u00e9trang\u00e8res \u00e0 ne pas accorder de cr\u00e9dits \u00e0 la Tunisie, \u00e0 ne pas investir dans le pays et \u00e0 boycotter le tourisme. Il a \u00e9galement point\u00e9 du doigt les tentatives de \u00ab\u00a0saboter les efforts de la Tunisie visant \u00e0 obtenir le statut de partenaire avanc\u00e9 avec l&rsquo;UE\u00a0\u00bb. \u00ab\u00a0La patrie ne tol\u00e8re aucun chantage\u00a0\u00bb, a-t-il lanc\u00e9 en avertissant que \u00ab\u00a0le pari sur l&rsquo;\u00e9tranger est sans issue et ne m\u00e8ne qu&rsquo;\u00e0 la criminalisation des actes nuisibles aux int\u00e9r\u00eats de la nation\u00a0\u00bb.<\/div>\n<div align=\"justify\"> <font><strong>(Nouvelobs.com avec AP)<\/strong><\/font><\/div>\n<div align=\"justify\"><strong><\/p>\n<hr\/>\n<p><\/strong><\/div>\n<div align=\"justify\">\n<div align=\"center\">\n<h2 style=\"color: red;\"><font face=\"Arial\" size=\"3\"><strong>Tunisie: un parti d&rsquo;opposition d\u00e9nonce une loi sur la s\u00e9curit\u00e9 \u00e9conomique<\/strong><\/font><\/h2>\n<\/div>\n<div align=\"center\">\n<hr\/>\n<\/div>\n<div align=\"justify\">AFP | 17.06.10 | 19h40  <font>\u00a0Le Parti d\u00e9mocratique progressiste (PDP, opposition l\u00e9gale) a d\u00e9nonc\u00e9 jeudi comme une \u00ab\u00a0nouvelle menace \u00e0 la libert\u00e9 d&rsquo;expression\u00a0\u00bb en Tunisie, une disposition de loi adopt\u00e9e dans le cadre de la s\u00e9curit\u00e9 \u00e9conomique. \u00ab\u00a0Sous le faux pr\u00e9texte de la s\u00e9curit\u00e9 \u00e9conomique, cette loi vise \u00e0 priver les citoyens de leur droit de s&rsquo;exprimer librement dans les m\u00e9dias \u00e9trangers et menace tous ceux qui critiquent le gouvernement ou n&rsquo;adh\u00e9rent pas \u00e0 ses choix\u00a0\u00bb, a indiqu\u00e9 le PDP dans un communiqu\u00e9 transmis \u00e0 l&rsquo;AFP Le parlement tunisien a adopt\u00e9 mardi un amendement du code p\u00e9nal pr\u00e9voyant d\u00e9sormais jusqu&rsquo;\u00e0 cinq ans de prison pour r\u00e9primer les actes contraires aux int\u00e9r\u00eats \u00e9conomiques de la Tunisie \u00e0 l&rsquo;\u00e9tranger. Selon le ministre de la Justice, la loi s&rsquo;appliquera notamment \u00e0 ceux qui inciteraient des parties \u00e9trang\u00e8res \u00e0 ne pas accorder des cr\u00e9dits \u00e0 la Tunisie, \u00e0 ne pas investir dans le pays, \u00e0 boycotter le tourisme ou \u00e0 saboter les efforts de la Tunisie pour le obtenir le statut de partenaire avanc\u00e9 avec l&rsquo;UE. Son adoption a lieu au moment o\u00f9 Tunis n\u00e9gocie avec l&rsquo;Union europ\u00e9enne l&rsquo;obtention d&rsquo;un \u00ab\u00a0statut avanc\u00e9\u00a0\u00bb qui implique un dialogue sur les droits de l&rsquo;Homme et les libert\u00e9s, deux dossiers sur lesquels la Tunisie est critiqu\u00e9e. S&rsquo;affirmant hostile \u00e0 des pressions \u00e9conomiques sur la Tunisie, le PDP d\u00e9nonce cependant \u00ab\u00a0la censure et l&rsquo;absence de libert\u00e9s qui obligent les Tunisiens \u00e0 s&rsquo;exprimer et \u00e0 s&rsquo;informer \u00e0 l&rsquo;\u00e9tranger\u00a0\u00bb, dit-il. \u00ab\u00a0La nouvelle loi ne fera qu&rsquo;attiser le feu des campagnes internationales contre le r\u00e9gime\u00a0\u00bb, avertit la formation l\u00e9gale la plus radicale.<\/font>\u00a0 <strong>\u00a0<\/strong><\/p>\n<hr\/>\n<\/div>\n<\/div>\n<p><\/font><\/span><\/p>\n<div align=\"center\"><span><font><font face=\"Arial\" size=\"2\"><strong><\/p>\n<h2 style=\"color: red;\"><font size=\"3\">Tunisie: le gouvernement r\u00e9fute les interpr\u00e9tations de la loi sur la s\u00e9curit\u00e9 \u00e9conomique<\/font><\/h2>\n<p><\/strong><\/font><\/font><\/span><\/div>\n<div align=\"justify\">\n<hr\/>\n<\/div>\n<div align=\"justify\"> AP 17\/06\/10 21:09   TUNIS (AP) \u2014 Le gouvernement tunisien a r\u00e9fut\u00e9 jeudi les interpr\u00e9tations auxquelles a donn\u00e9 lieu la loi adopt\u00e9e la veille par le Parlement visant \u00e0 r\u00e9primer les atteintes \u00e0 la s\u00e9curit\u00e9 \u00e9conomique du pays. Depuis plusieurs semaines, le projet de loi en question a suscit\u00e9 une vague de protestations aupr\u00e8s de nombres d&rsquo;ONG et de partis d&rsquo;opposition dont la Ligue tunisienne de d\u00e9fense des droits de l&rsquo;Homme (LTDH) qui y voyait \u00ab\u00a0un danger pour les libert\u00e9s publiques\u00a0\u00bb. \u00ab\u00a0Sous le faux pr\u00e9texte de la s\u00e9curit\u00e9 \u00e9conomique, cette loi vise \u00e0 priver les citoyens de leur droit de s&rsquo;exprimer librement dans les m\u00e9dias \u00e9trangers et menace tous ceux qui critiquent le gouvernement ou n&rsquo;adh\u00e9rent pas \u00e0 ses choix\u00a0\u00bb, d\u00e9plore de son c\u00f4t\u00e9, le parti d\u00e9mocratique progressiste (PDP), principale formation de l&rsquo;opposition. Dans un communiqu\u00e9 transmis \u00e0 l&rsquo;AP, le minist\u00e8re de la justice et des droits de l&rsquo;homme r\u00e9affirme que l&rsquo;amendement introduit au Code p\u00e9nal \u00ab\u00a0n&rsquo;a nullement trait \u00e0 la libert\u00e9 d&rsquo;opinion et d&rsquo;expression ni ne criminalise la d\u00e9fense des droits de l&rsquo;Homme\u00a0\u00bb. \u00ab\u00a0Il criminalise en fait les contacts avec des parties \u00e9trang\u00e8res dans le but de les inciter \u00e0 porter atteinte aux int\u00e9r\u00eats vitaux de la Tunisie, s&rsquo;agissant de sa s\u00e9curit\u00e9 \u00e9conomique\u00a0\u00bb, pr\u00e9cise le communiqu\u00e9. AP<\/div>\n<p>\u00a0<\/p>\n<hr\/>\n<p align=\"center\"><span><b><span lang=\"EN-US\"><font size=\"3\">\u00a0\u00a0\u00a0\u00a0\u00a0\u00a0\u00a0\u00a0\u00a0\u00a0\u00a0\u00a0\u00a0\u00a0\u00a0\u00a0\u00a0\u00a0\u00a0\u00a0\u00a0\u00a0\u00a0\u00a0\u00a0\u00a0\u00a0\u00a0\u00a0\u00a0\u00a0\u00a0\u00a0 Claiming The Police Siege Lift for My Brother Abdelkarim Harouni<\/font><\/span><\/b><\/span><\/p>\n<hr\/>\n<p>\u00a0<\/p>\n<p><span><b><span lang=\"EN-US\">Hend Harouni &#8211; Tunisia <\/span><\/b><\/span><\/p>\n<p><span><b><span lang=\"EN-US\">Tel. : 216-71.971.180<\/span><\/b><\/span><\/p>\n<p><span><span lang=\"EN-US\">In the Name of Allah The Merciful, The Beneficent and Prayer and Peace be upon our Loyal and Sincere Muhammad Prophet<\/span><\/span><\/p>\n<p><span><span lang=\"EN-US\">Tunis on 14 Juin 2010-3 Rajab 1431 <\/span><\/span><\/p>\n<p><span><span lang=\"EN-US\">Despite our repeated calls regarding the request for lifting the siege imposed by the civil police on my brother Abdelkarim Harouni, <span>the ex- political prisoner, the former Secretary General of the Tunisian General Union of Students (U.G.T.E.) and the present Secretary General of the NGO, \u201c Libert\u00e9 &amp; Equit\u00e9 \u00ab\u00a0, <\/span>this siege is still continuing, even intensifying day by day until the close surveillance became day and night and 24\/24 and in front of the citizens wherever he can be: at home, at work, in our house, in the mosque, in the cemetery and in all his movements, including movement within his work schedule or with the family members.<\/span><\/span><span lang=\"EN-US\"> <span>Indeed, such too tense<span>surveillance is made by replacements of civilian police agents<\/span> using the same white car- brand : Partner &#8211; registered under No. 15-341969 of the Ministry of Transport. <\/span><\/span><\/p>\n<p><span><span lang=\"EN-US\">The \u00a0police siege in question is considered as a flagrant violation of freedom of movement and personal freedom in close relation with freedom of opinion and expression guaranteed to all without any distinction by the Constitution of the country and the international conventions. <\/span><\/span><\/p>\n<p><span><span lang=\"EN-US\">Accordingly and to sum up, this siege is an infringement of citizenship. <\/span><\/span><\/p>\n<p><span><span lang=\"EN-US\">The demand for lifting the siege practiced on my brother Abdelkarim is in itself the defense of freedom and equality.<\/span><\/span><\/p>\n<p><span><span lang=\"EN-US\">Therefore, I appeal to all the free consciences in Tunisia and in the world to act to lift the illegal and inhuman siege imposed on my brother Abdelkarim.<\/span><\/span><\/p>\n<div>\u00a0<\/div>\n<div>\n<hr\/>\n<\/div>\n<div align=\"center\"><font face=\"Arial\" size=\"2\"><b><span lang=\"FR\"><font>Jos\u00e9 Steinsleger<\/font>\u00a0<font>: \u00ab\u00a0Isra\u00ebl, le danger qui menace l\u2019humanit\u00e9 enti\u00e8re\u00a0\u00bb.<\/font><\/span><\/b><\/font><\/div>\n<div align=\"center\"><font face=\"Arial\" size=\"2\"><b><span lang=\"FR\">Piraterie ou crime contre l\u2019humanit\u00e9<\/span><\/b><span lang=\"FR\">\u00a0?<\/span><\/font><\/div>\n<div align=\"center\">\n<hr\/>\n<\/div>\n<p><b><span lang=\"FR\">Mizaanoun<\/span><\/b><\/p>\n<p><span lang=\"FR\">L\u2019arraisonnement et la prise d\u2019assaut, par plus de quatorze navires de guerres et plusieurs h\u00e9licopt\u00e8res, de \u00ab\u00a0la flottille de la libert\u00e9\u00a0\u00bb dans les eaux internationales et en pleine nuit le 31 mai dernier, suivie du massacre \u00e0 bord du bateau turc, \u00ab\u00a0Mavi Marmara\u00a0\u00bb, avec un bilan de 9 morts et plus de 40 bless\u00e9s. Les six bateaux transportant plusieurs milliers de tonnes d\u2019aide, de toute sorte, dont des aliments, des m\u00e9dicaments et du ciment pour Gaza, ont \u00e9t\u00e9 s\u00e9questr\u00e9s ainsi que tous les biens des plus de 600 solidaires internationaux qui \u00e9taient de la tragique travers\u00e9e m\u00e9diterran\u00e9enne dont des cam\u00e9ras et de moyens de transmission appartenant aux journalistes et aux passagers ainsi qu\u2019une tr\u00e8s grande quantit\u00e9 d\u2019argent en esp\u00e8ce. Bref ce n\u2019est pas la premi\u00e8re fois que les dirigeants de cet \u00e9tat colonial, se comportent de la mani\u00e8re la plus criminelle et faisant fi de toutes les r\u00e8gles et droits internationaux. \u00ab\u00a0<i>Contrairement \u00e0 ce qui a \u00e9t\u00e9 largement divulgu\u00e9<\/i>, \u00e9crivent L. Brayer et A. Wimmer<a target=\"_blank\" title=\"\" rel=\"noopener\"><span>[1]<\/span><\/a>,<i>il ne s\u2019agit point de piraterie. Car l\u2019article 101 de la Convention des Nations Unies sur le Droit de la Mer (CONUDM) qui d\u00e9finie la piraterie comme \u00ab\u00a0n\u2019importe quel acte ill\u00e9gal de violence, de d\u00e9tention ou de n\u2019importe quel acte de d\u00e9pr\u00e9dation, commis par l\u2019\u00e9quipage ou les passagers d\u2019un navire priv\u00e9 en pleine mer contre un autre bateau ou contre les personnes \u00e0 son bord. Selon le dictionnaire anglais d\u2019Oxford, le terme \u00ab\u00a0pirate\u00a0\u00bb vient du verbe grec peiran qui\u00a0 signifie \u00ab\u00a0attenter, attaquer ou assaillir\u00a0\u00bb, en tant que pirate, pour voler ou piller en mer. Autrement dit quelqu\u2019un qui s\u2019adonne \u00e0 la piraterie signifie tout simplement un cambrioleur en pleine mer. Hors dans l\u2019affaire qui nous concerne, il s\u2019agit bien de commandos et non d\u2019individus particuliers qui font partie d\u2019une organisation de malfaiteurs. Au contraire il s\u2019agit de membres des forces arm\u00e9es d\u2019un \u00e9tat et identifi\u00e9s comme tels, de par leurs uniformes, insignes ainsi que par les embl\u00e8mes de leurs h\u00e9licopt\u00e8res, leurs navires de guerre et leurs planeurs. Ils n\u2019ont pas attaqu\u00e9 pour leur propre compte, mais pour le compte de ceux qui les ont envoy\u00e9s, les dirigeants politiques et militaires de l\u2019\u00c9tat d\u2019Isra\u00ebl, dans une mission officiellement et publiquement d\u00e9clar\u00e9e. Il n\u2019y a aucun doute sur les raisons de l\u2019attaque et la capture des bateaux suivie de la d\u00e9tention et interrogatoires des passagers. \u00c7a n\u2019a rien \u00e0 voir avec les intentions et les activit\u00e9s associ\u00e9es \u00e0 la piraterie\u2026<\/i><\/span><\/p>\n<p><i><span lang=\"FR\">L\u2019article 88 du Trait\u00e9 de la Loi de la Mer affirme\u00a0que les eaux internationales constituent un espace pour des activit\u00e9s pacifiques <u>et \u00e9tablit,<\/u> <u>\u00e0 travers l\u2019article 89, \u00ab\u00a0qu\u2019aucun \u00c9tat ne peut pr\u00e9tendre l\u00e9galement la soumission de n\u2019importe quelle zone maritime en haute mer comme faisant partie de sa souverainet\u00e9.<\/u> <\/span><\/i><\/p>\n<p><i><span lang=\"FR\">Donc le d\u00e9lit commis par Isra\u00ebl durant l\u2019arraisonnement des bateaux et des passagers civils de la Flottille de la Libert\u00e9 de Gaza tombe en plein dans la cat\u00e9gorie des \u00ab\u00a0d\u00e9lits graves\u00a0\u00bb.<\/span><\/i><span lang=\"FR\"><i>En fonction de ce qui a pr\u00e9c\u00e9d\u00e9, l\u2019assaut doit \u00eatre d\u00e9fini comme <b><u>un \u00ab\u00a0crime contre la paix\u00a0\u00bb et un \u00ab\u00a0crime contre l\u2019humanit\u00e9.\u00a0\u00bb <\/u><\/b>Et ce \u00e0 partir du moment o\u00f9 cet \u00e9tat soumet une partie des eaux internationales ou une partie de la mer \u00e0 sa souverainet\u00e9\u00a0\u00bb en attaquant et en assassinant des civils d\u00e9sarm\u00e9s. La gravit\u00e9 de ces crimes prend encore plus d\u2019ampleur criminelle, quand on sait que l\u2019auteur n\u2019est pas un particulier, sinon un \u00e9tat hautement militaris\u00e9 et dont la puissance\u00a0 exponentielle, d\u00e9passe en des ann\u00e9es lumi\u00e8res, celle d\u2019une personne ou d\u2019un groupe d\u2019individus\u2026\u00a0\u00bb<\/i><\/span><\/p>\n<p><span lang=\"FR\">Et pour terminer \u00a0les auteurs \u00e9crivent encore\u00a0:<i>\u00a0\u00ab\u00a0Il nous faut faire bien attention au langage et aux expressions que nous utilisons afin de comprendre la r\u00e9alit\u00e9 dans laquelle nous vivons\u00a0\u00bb.\u00a0 \u00a0\u00a0\u00a0<\/i><\/span><\/p>\n<p><span lang=\"FR\">D\u2019ailleurs en 2006, au vu et au su du monde entier les m\u00eames dirigeants ont donn\u00e9 l\u2019ordre de bombarder et d\u2019envahir le Liban durant 33 jours par air, mer et terre. Une destruction presque totale du pays avec un millier de morts et de dizaines de milliers de bless\u00e9s. Et deux ann\u00e9es plus tard, ils ont donn\u00e9 les m\u00eames ordres et leurs forces arm\u00e9es, tous azimuts, se sont prises, pr\u00e9cis\u00e9ment, au million et demi d\u2019habitants de Gaza assi\u00e9g\u00e9s, durant 22 jours et 22 nuits d\u00e9versant sur eux des milliers de tonnes de bombes et surtout celles interdites par toutes les conventions internationales dont les bombes au phosphore. Le bilan\u00a0: plus de 1400 morts, dont plus du tiers sont des enfants, plus de cinq mille bless\u00e9s, beaucoup d\u2019entre eux gravement, \u00a0plus de soixante mille maisons totalement d\u00e9truites et de centaines de milliers d\u2019autres partiellement endommag\u00e9es. Et l\u00e0 aussi le terme \u00ab\u00a0guerre\u00a0\u00bb \u00e9tait largement utilis\u00e9 par les m\u00e9dias nationaux et internationaux. Ce qui convenait parfaitement aux \u00ab\u00a0isra\u00e9liens\u00a0\u00bb. Hors il ne peut s\u2019agir de guerre ni dans le premier cas ni dans le deuxi\u00e8me. Car une guerre exige la pr\u00e9sence de deux arm\u00e9es qui s\u2019affrontent. Ni au Liban le Hizbollah ne peut \u00eatre consid\u00e9r\u00e9 comme des forces arm\u00e9es au vrai sens du terme, ni encore beaucoup moins \u00e0 Gaza. Dans les deux cas il s\u2019est agi d\u2019agression de forces arm\u00e9es d\u2019un \u00e9tat contre des populations civiles. Dans les deux cas il y a eu r\u00e9sistance que l\u2019article 51 des Nations Unies conf\u00e8re \u00e0 tout peuple pour faire face aux agresseurs. \u00a0Le rapport Goldstone est arriv\u00e9e \u00e0 la conclusion, au moins dans le cas de Gaza, qu\u2019il s\u2019est agi d\u00e9lib\u00e9r\u00e9ment <b><u>de crime de guerre ou de crime contre l\u2019humanit\u00e9<\/u><\/b>. Il n\u2019y a pas eu d\u2019enqu\u00eate dans le cas du Liban, mais la nature du crime est la m\u00eame. Le fameux rapport Vinograd rel\u00e8ve plut\u00f4t d\u2019une enqu\u00eate interne pour signifier que malgr\u00e9 toutes les destructions et les morts, les dirigeants politiques et militaires isra\u00e9liens n\u2019avaient pas atteint leur objectif et que les 33 jours de bombardements se sont termin\u00e9 par une d\u00e9faite. Ce qui signifie que pour atteindre cet objectif, la prochaine fois, ils doivent recourir aux moyens militaires encore plus sophistiqu\u00e9s et les plus meurtriers, comme par exemple, l\u2019usage de leur arsenal nucl\u00e9aire et probablement raser tout le Liban. D\u2019ailleurs c\u2019est ce qu\u2019on peut comprendre \u00e0 travers les propos venus de la bouche de personnages proches des dirigeants de cet \u00e9tat, diffus\u00e9s largement sur des innombrables sites d\u2019internet ainsi que d\u2019autres m\u00e9dias les plus divers. Dans le chapitre qui suit on peut lire un r\u00e9sum\u00e9 assez succinct de cette d\u00e9mence. <\/span><\/p>\n<p><b><u><span lang=\"FR\">Nous sommes en mesure de d\u00e9truire le monde entier<\/span><\/u><\/b><\/p>\n<p><span lang=\"FR\">En effet lors d\u2019une interview sur la cha\u00eene de radio isra\u00e9lienne 7, au mois de mars dernier<a target=\"_blank\" title=\"\" rel=\"noopener\"><span>[2]<\/span><\/a> le professeur et historien militaire \u00e0 l\u2019universit\u00e9 h\u00e9bra\u00efque de J\u00e9rusalem, Martin Van Creveld, a d\u00e9clar\u00e9\u00a0: <i>\u00abLes palestiniens doivent \u00eatre tous expuls\u00e9s. Ceux qui luttent pour atteindre ce but attendent simplement la venue de \u00ab\u00a0la bonne personne au bon moment.\u00a0<\/i>\u00bb(Il veut dire la venue de dirigeants comp\u00e9tents. Certainement des dirigeants de la nature sanguinaire de Liebermann et de Netanyahu)<\/span><\/p>\n<p><span lang=\"FR\">Par ailleurs durant les diff\u00e9rents sondages d\u2019opinion, il s\u2019est r\u00e9v\u00e9l\u00e9 que deux ans auparavant 7 \u00e0 8% \u00ab\u00a0d\u2019isra\u00e9liens\u00a0\u00bb \u00e9taient favorables \u00e0 cette expulsion massive comme solution d\u00e9finitive. Le pourcentage a grimp\u00e9 d\u2019une mani\u00e8re vertigineuse, \u00e0 33 puis \u00e0 44 et finalement, selon Gallup, \u00e0 55% ou plus \u00e0 pr\u00e9sent. Revenons aux propos du professeur et historien\u00a0: \u00c0 la question de savoir s\u2019il s\u2019inqui\u00e9tait du fait qu\u2019Isra\u00ebl deviendrait un \u00e9tat voyou s\u2019il mettait en \u0153uvre une d\u00e9portation g\u00e9nocidaire \u00e0 l\u2019encontre des palestiniens, Creveld a cit\u00e9 les propos de l\u2019ancien ministre isra\u00e9lien de la guerre, Moshe Dayan qui avait d\u00e9clar\u00e9\u00a0:\u00a0<i>\u00ab\u00a0Isra\u00ebl doit \u00eatre comme un chien\u00a0enrag\u00e9, tr\u00e8s dangereux pour \u00eatre contr\u00f4l\u00e9\u00a0\u00bb et par cons\u00e9quent, <\/i>soutient-il<i>, Isra\u00ebl ne se fait aucun souci quant au fait d\u2019\u00eatre consid\u00e9r\u00e9 un \u00e9tat voyou.\u00bb <\/i>Et si on pense que ce sont les propos les plus graves venus de la part du professeur, eh bien on se trompe lourdement. Sinon lisons bien ce qui suit\u00a0:\u00a0<i>\u00ab. Nos arm\u00e9es ne sont pas au trenti\u00e8me rang, mais au deuxi\u00e8me ou troisi\u00e8me rang mondial. Isra\u00ebl poss\u00e8de des centaines de t\u00eates et fus\u00e9es nucl\u00e9aires. Toutes les capitales europ\u00e9ennes sont \u00e0 la port\u00e9e de l\u2019aviation militaire isra\u00e9lienne. Si jamais il arrive que le gouvernement pressente un effondrement d\u00e9cisif ou proche des fronti\u00e8res d\u2019Isra\u00ebl, nous serons en mesure d\u2019utiliser nos capacit\u00e9s pour d\u00e9truire le monde entier. Et je puis vous assurer que cela arrivera avant qu\u2019Isra\u00ebl ne disparaisse.\u00a0\u00bb<\/i><\/span><\/p>\n<p><span lang=\"FR\">Quand on analyse ce qui se passe quotidiennement, les agissements criminels, les assassinats quotidiens et la d\u00e9sinvolture totale avec laquelle ils font face au monde entier, en toute impunit\u00e9, on est bien oblig\u00e9 de croire les propos du professeur et historien et les siens dirigeants et colons. D\u2019ailleurs c\u2019est de la m\u00eame alarmante appr\u00e9hension qu\u2019a d\u00e9velopp\u00e9e, dans le \u00a0quotidien de la capitale du Mexique, \u00ab\u00a0La Jornada\u00a0\u00bb, du 09 juin2010, le \u00a0journaliste et chroniqueur Jos\u00e9 Steinsleger dans son analyse sous le titre\u00a0: <b><i><u>\u00ab\u00a0Isra\u00ebl, le danger qui menace l\u2019humanit\u00e9 enti\u00e8re\u00a0\u00bb<\/u><\/i><\/b><i>\u00a0: <\/i><\/span><\/p>\n<p><i><span lang=\"FR\">\u00a0\u00ab\u00a0Seuls les juifs humanitaires, progressistes et r\u00e9volutionnaires pourraient freiner la d\u00e9mence homicide de l\u2019\u00e9tat d\u2019Isra\u00ebl. D\u2019autres forces pourraient\u00a0 y aider\u00a0comme \u00a0Hamas \u00e0 Gaza, Hizbollah au Liban ou des pays comme l\u2019Iran, la Syrie ou m\u00eame\u00a0 la corrompue ANP en Cisjordanie. Ensemble tous peuvent encore r\u00e9sister \u00e0 l\u2019assaut du <b><u>peuple \u00e9lu<\/u><\/b>.<\/span><\/i><\/p>\n<p><i><span lang=\"FR\">N\u00e9anmoins, c\u2019est bien sur les juifs conscients et particuli\u00e8rement ceux des \u00c9tats-Unis que retombe le poids le plus important pour ma\u00eetriser la brute gav\u00e9e par Washington. Les effets grandissants du mouvement antisioniste international posent la question\u00a0: Que pr\u00e9vaut\u00a0: <b><u>\u00eatre juif ou humanitaire, progressiste et r\u00e9volutionnaire\u00a0?<\/u><\/b><\/span><\/i><\/p>\n<p><i><span lang=\"FR\">\u00catre ou ne pas \u00eatre. \u00catre quoi\u00a0? Ne pas \u00eatre quoi\u00a0?- Notre \u00e9chelle des valeurs co\u00efncide avec celle enseign\u00e9e par Arnulfo Romero<a target=\"_blank\" title=\"\" rel=\"noopener\"><b><span>[3]<\/span><\/b><\/a>, Samuel Ruiz ou, sans aller trop loin, avec celle du P\u00e8re Miguel Concha, tous ont exalt\u00e9 les convictions et la foi des personnes, ont surtout consacr\u00e9 au-dessus des cr\u00e9dos, les valeurs de la dignit\u00e9 et de la d\u00e9cence. <\/span><\/i><\/p>\n<p><i><span lang=\"FR\">Toute logique nous autorise de r\u00e9it\u00e9rer que <b><u>les gouvernants d\u2019Isra\u00ebl ne sont pas des juifs, mais des assassins<\/u><\/b>. Des assassins qui sont loin de veiller \u00e0 la s\u00e9curit\u00e9 d\u2019un \u00e9tat ou de transmettre la philosophie de tol\u00e9rance du juda\u00efsme, <b><u>ob\u00e9issent au m\u00e9canisme financier de Wall Street et \u00e0 l\u2019agenda\u00a0 imp\u00e9rial des \u00c9tats-Unis dans le monde<\/u><\/b>.\u00a0 <\/span><\/i><\/p>\n<p><i><span lang=\"FR\">Durant la dictature d\u2019Hitler, ne pas \u00eatre nazi c\u2019\u00e9tait s\u2019exposer \u00e0 \u00eatre consid\u00e9r\u00e9 allemand \u00e0 moiti\u00e9. Et progressivement en Isra\u00ebl s\u2019est impos\u00e9e l\u2019id\u00e9e qu\u2019un bon juif ne peut l\u2019\u00eatre sans \u00eatre sioniste. Il est bon temps de finir avec la doctrine qui associe le juda\u00efsme au sionisme pour justifier les atrocit\u00e9s d\u2019un \u00e9tat terroriste. <\/span><\/i><\/p>\n<p><i><span lang=\"FR\">Il y a 65 ans, quand l\u2019ex Union Sovi\u00e9tique avait pulv\u00e9ris\u00e9 les invincibles forces arm\u00e9es allemandes, les d\u00e9mocraties du monde, dit libre, avaient consenti et accompli l\u2019impensable\u00a0: Dissoudre et mettre sur les bancs du tribunal de la justice l\u2019\u00e9tat nazi pour g\u00e9nocide et crimes de guerre. <\/span><\/i><\/p>\n<p><b><i><span lang=\"FR\">Eh bien aujourd\u2019hui, l\u2019impensable est imaginer que l\u2019\u00e9tat sioniste sera dissout et jug\u00e9 pour les m\u00eames crimes. Ou est-ce qu\u2019il y a une autre solution\u00a0? \u2013 Depuis sa cr\u00e9ation Isra\u00ebl a fait vider de leur substance toutes les initiatives de paix en les utilisant comme la carotte qui lui a servi de couverture dans l\u2019acheminement de sa politique annexionniste.<\/span><\/i><\/b><i><span lang=\"FR\"><\/span><\/i><\/p>\n<p><i><span lang=\"FR\">Deux \u00e9tats dit-on&#8230; Eh bien observons la carte de la Palestine et demandons-nous si une telle proposition a la moindre viabilit\u00e9. Afin de gagner du temps et occuper de plus en plus des territoires, Isra\u00ebl a forg\u00e9 une peau de gu\u00e9pard cartographique dans laquelle il est impossible \u00a0de pr\u00e9ciser \u00e0 qui correspond quoi de chacun des minuscules morceaux de terre, \u00e0 un \u00e9tat ou \u00e0 l\u2019autre. Avec inqui\u00e9tude certaines \u00e2mes nobles appuient un tel projet de deux \u00e9tats. Mais on oublie l\u2019exigence d\u2019Isra\u00ebl\u00a0: <b><u>Que l\u2019autre \u00e9tat soit d\u00e9sarm\u00e9, sans a\u00e9roports, sans contr\u00f4le sur son territoire et sans partis politiques jug\u00e9 int\u00e9gristes<\/u><\/b>.<\/span><\/i><\/p>\n<p><i><span lang=\"FR\">Les nouvelles g\u00e9n\u00e9rations d\u2019isra\u00e9liens (palestiniens et arabes compris) exigent une cohabitation au sein d\u2019un \u00e9tat s\u00fbr. Autrement dit, lib\u00e9r\u00e9 du sionisme. <b>Parce que l\u2019ennemi principal ne se trouve pas en dehors des fronti\u00e8res impr\u00e9cises d\u2019Isra\u00ebl, mais dans l\u2019id\u00e9ologie perverse qui a fait de Dieu, leur Dieu, le premier soldat de la s\u00e9curit\u00e9 nationale et du peuple \u00e9lu.<\/b> <\/span><\/i><\/p>\n<p><b><i><u><span lang=\"FR\">L\u2019id\u00e9e du peuple \u00e9lu exige in\u00e9vitablement la n\u00e9gation de l\u2019autre<\/span><\/u><\/i><\/b><i><span lang=\"FR\">. Bien s\u00fbr que tout au long de l\u2019histoire il y a eu des empires, qui en manipulant les cr\u00e9dos religieux, se sont sentis des \u00e9lus. C\u2019est Dieu qui le veut\u00a0! En effet. <b><u>Seulement voil\u00e0 qu\u2019Isra\u00ebl poss\u00e8de aujourd\u2019hui tout un arsenal de bombes nucl\u00e9aires qui leur permet de le d\u00e9montrer.<\/u><\/b> <\/span><\/i><\/p>\n<p><i><span lang=\"FR\">En ao\u00fbt 1945, les images des champignons nucl\u00e9aires sur les villes d\u2019Hiroshima et Nagasaki on boulevers\u00e9 l\u2019humanit\u00e9 et lui ont coup\u00e9 le souffle. Les documents film\u00e9s sur cette question et les rapports sont l\u00e0 et d\u00e9crivent les cons\u00e9quences du jour d\u2019apr\u00e8s. Ils sont largement divulgu\u00e9s. <b><u>Mais en comparaison avec ce qui nous concerne aujourd\u2019hui, ces images remontent \u00e0 l\u2019\u00e9poque pal\u00e9olithique de la technologie belliqueuse moderne<\/u><\/b>.<\/span><\/i><\/p>\n<p><i><span lang=\"FR\">Les grandes puissances ont utilis\u00e9 leurs arsenaux nucl\u00e9aires pour n\u00e9gocier leurs positions g\u00e9opolitiques. Un jeu irrationnel et d\u00e9mentiel qui, malgr\u00e9 tout, comporte des nuances rationnelles. Mais on n\u2019est plus en 1945 o\u00f9 un seul pays disposait de la bombe. <\/span><\/i><\/p>\n<p><i><span lang=\"FR\">Qui doute sur ce qu\u2019Hitler (une autre incarnation du peuple \u00e9lu) aurait fait si jamais il avait pu avoir la bombe\u00a0? Donc si les responsables qui se trouvent\u00a0 aux commandes du navire global continuent \u00e0 pratiquer la politique de l\u2019autruche, on peut \u00eatre s\u00fbr de deux choses\u00a0: <b><u>1- Qu\u2019Isra\u00ebl fera bien usage de ses armes nucl\u00e9aires sans le moindre regret ni repentir. 2- Que Washington d\u00e9clarera qu\u2019Isra\u00ebl avait le droit de se d\u00e9fendre.<\/u><\/b><\/span><\/i><\/p>\n<p><i><span lang=\"FR\">Et on ne parle pas \u00a0d\u2019une hypoth\u00e8se lointaine ou de la haine entre arabes et juifs comme le soutiennent des esprits malades, d\u00e9sinform\u00e9s ou complices \u2013 par omission- de tous les crimes du sionisme. Non \u00a0pas du tout. Isra\u00ebl est pr\u00eat \u00e0 tout moment de faire usage de ses armes nucl\u00e9aires contre ses ennemis. Et \u00e0 partir de ce moment on commencera \u00e0 regarder avec nostalgie ce monde qu\u2019aujourd\u2019hui nous para\u00eet irrationnel. <\/span><\/i><\/p>\n<p><i><span lang=\"FR\">La d\u00e9faite du sionisme sera possible quand les juifs des \u00c9tats-Unis enjoignent aux\u00a0 politiciens guerriers qui les repr\u00e9sentent, en mettant un point final aux impunit\u00e9s du terrorisme isra\u00e9lien. Ce n\u2019est pas ce qui est impossible. Par contre il est impossible d\u2019en discuter avec Dieu<b><u>. Et encore moins quand, malgr\u00e9 sa \u00a0puissance, il se pr\u00e9sente comme la victime, le d\u00e9bile et l\u2019agress\u00e9. <\/u><\/b><\/span><\/i><\/p>\n<p><span lang=\"FR\">(A suivre)<\/span><\/p>\n<div><span><\/p>\n<hr align=\"left\" size=\"1\" width=\"33%\"\/><\/span><\/div>\n<p><a target=\"_blank\" title=\"\" rel=\"noopener\"><span>[1]<\/span><\/a><span><a target=\"_blank\" rel=\"noopener\"><span lang=\"FR\">http:\/\/www.counterpunch.org<\/span><\/a> <\/span><span lang=\"FR\">\/brayer06092010.html<\/span><\/p>\n<p><a target=\"_blank\" title=\"\" rel=\"noopener\"><span>[2]<\/span><\/a><span lang=\"FR\"> La date pr\u00e9cise de cette \u00e9mission serait le 8 mars 2010<\/span><\/p>\n<p><a target=\"_blank\" title=\"\" rel=\"noopener\"><span>[3]<\/span><\/a><span><\/span><b><span lang=\"FR\">\u00d3scar Romero<\/span><\/b><span lang=\"FR\">\u00a0(de son nom complet\u00a0<i>\u00d3scar Arnulfo Romero y Gald\u00e1mez<\/i>), n\u00e9 le\u00a0<\/span><span><a target=\"_blank\" title=\"15 ao\u00fbt\" rel=\"noopener\"><span lang=\"FR\">15<\/span><\/a><\/span><span lang=\"FR\">\u00a0<\/span><span><a target=\"_blank\" title=\"Ao\u00fbt\" rel=\"noopener\"><span lang=\"FR\">ao\u00fbt<\/span><\/a><\/span><span lang=\"FR\">\u00a0<\/span><span><a target=\"_blank\" title=\"1917\" rel=\"noopener\"><span lang=\"FR\">1917<\/span><\/a><\/span><span lang=\"FR\">\u00a0\u00e0\u00a0<\/span><span><a target=\"_blank\" title=\"Ciudad Barrios (page inexistante)\" rel=\"noopener\"><span lang=\"FR\">Ciudad Barrios<\/span><\/a><\/span><span lang=\"FR\">\u00a0au\u00a0<\/span><span><a target=\"_blank\" title=\"Salvador\" rel=\"noopener\"><span lang=\"FR\">Salvador<\/span><\/a><\/span><span lang=\"FR\">\u00a0<u>et assassin\u00e9 le\u00a0<\/u><\/span><span><a target=\"_blank\" title=\"24 mars\" rel=\"noopener\"><span lang=\"FR\">24<\/span><\/a><\/span><u><span lang=\"FR\">\u00a0<\/span><\/u><span><a target=\"_blank\" title=\"Mars (mois)\" rel=\"noopener\"><span lang=\"FR\">mars<\/span><\/a><\/span><u><span lang=\"FR\">\u00a0<\/span><\/u><span><a target=\"_blank\" title=\"1980\" rel=\"noopener\"><span lang=\"FR\">1980<\/span><\/a><\/span><span lang=\"FR\">, \u00e9tait l&rsquo;<\/span><span><a target=\"_blank\" title=\"Archev\u00eaque\" rel=\"noopener\"><span lang=\"FR\">archev\u00eaque<\/span><\/a><\/span><span lang=\"FR\">\u00a0catholique de\u00a0<\/span><span><a target=\"_blank\" title=\"San Salvador (Salvador)\" rel=\"noopener\"><span lang=\"FR\">San Salvador<\/span><\/a><\/span><span lang=\"FR\">\u00a0(<\/span><span><a target=\"_blank\" title=\"Salvador\" rel=\"noopener\"><span lang=\"FR\">Salvador<\/span><\/a><\/span><span lang=\"FR\">). D\u00e9fenseur des droits de l&rsquo;homme et particuli\u00e8rement des paysans de son dioc\u00e8se il fut assassin\u00e9 en 1980.<\/span><\/p>\n<\/div>\n<\/div>\n<\/div>\n<p>\u00a0<\/p>\n<\/div>\n<p><\/font><\/p>\n<p align=\"center\" dir=\"ltr\">\n<h2 style=\"color: red;\"><font face=\"Arial\" size=\"2\"><strong><b><a href=\"http:\/\/www.tunisnews.net\/\"><font face=\"Arial\"><span><font size=\"2\">Home<\/font><\/span><font size=\"2\"><span lang=\"FR-CH\"> &#8211; Accueil <\/span><span>&#8211; <\/span><\/font><\/font><span dir=\"rtl\" lang=\"AR-SA\"><font size=\"2\">\u0627\u0644\u0631\u0626\u064a\u0633\u064a\u0629<\/font><\/span><\/a><\/b><\/strong><\/font><\/h2>\n<\/p>\n<p align=\"center\" dir=\"ltr\">\u00a0<\/p>\n<p><\/body><\/body><\/html><\/p>\n","protected":false},"excerpt":{"rendered":"<p>Home &#8211; Accueil TUNISNEWS 10\u00a0\u00e8me ann\u00e9e,N\u00b0\u00a03677 du 17.06.2010 \u00a0archives : www.tunisnews.net\u00a0 C.R.L.D.H. Tunisie: Tunsie &#8211; La critique (du r\u00e9gime) est, d\u00e9sormais, passible de 5 \u00e0 12 ans d\u2019emprisonnement Communiqu\u00e9 commun: TUNISIE : Adoption d&rsquo;un amendement visant \u00e0 renforcer la criminalisation de la d\u00e9fense des droits de l&rsquo;Homme Nouvelobs: Pol\u00e9mique sur une loi sur les \u00ab\u00a0int\u00e9r\u00eats [&hellip;]<\/p>\n","protected":false},"author":1,"featured_media":22040,"comment_status":"open","ping_status":"open","sticky":false,"template":"","format":"standard","meta":{"inline_featured_image":false,"site-sidebar-layout":"default","site-content-layout":"","ast-site-content-layout":"default","site-content-style":"default","site-sidebar-style":"default","ast-global-header-display":"","ast-banner-title-visibility":"","ast-main-header-display":"","ast-hfb-above-header-display":"","ast-hfb-below-header-display":"","ast-hfb-mobile-header-display":"","site-post-title":"","ast-breadcrumbs-content":"","ast-featured-img":"","footer-sml-layout":"","ast-disable-related-posts":"","theme-transparent-header-meta":"","adv-header-id-meta":"","stick-header-meta":"","header-above-stick-meta":"","header-main-stick-meta":"","header-below-stick-meta":"","astra-migrate-meta-layouts":"default","ast-page-background-enabled":"default","ast-page-background-meta":{"desktop":{"background-color":"","background-image":"","background-repeat":"repeat","background-position":"center center","background-size":"auto","background-attachment":"scroll","background-type":"","background-media":"","overlay-type":"","overlay-color":"","overlay-opacity":"","overlay-gradient":""},"tablet":{"background-color":"","background-image":"","background-repeat":"repeat","background-position":"center center","background-size":"auto","background-attachment":"scroll","background-type":"","background-media":"","overlay-type":"","overlay-color":"","overlay-opacity":"","overlay-gradient":""},"mobile":{"background-color":"","background-image":"","background-repeat":"repeat","background-position":"center center","background-size":"auto","background-attachment":"scroll","background-type":"","background-media":"","overlay-type":"","overlay-color":"","overlay-opacity":"","overlay-gradient":""}},"ast-content-background-meta":{"desktop":{"background-color":"var(--ast-global-color-5)","background-image":"","background-repeat":"repeat","background-position":"center center","background-size":"auto","background-attachment":"scroll","background-type":"","background-media":"","overlay-type":"","overlay-color":"","overlay-opacity":"","overlay-gradient":""},"tablet":{"background-color":"var(--ast-global-color-5)","background-image":"","background-repeat":"repeat","background-position":"center center","background-size":"auto","background-attachment":"scroll","background-type":"","background-media":"","overlay-type":"","overlay-color":"","overlay-opacity":"","overlay-gradient":""},"mobile":{"background-color":"var(--ast-global-color-5)","background-image":"","background-repeat":"repeat","background-position":"center center","background-size":"auto","background-attachment":"scroll","background-type":"","background-media":"","overlay-type":"","overlay-color":"","overlay-opacity":"","overlay-gradient":""}},"footnotes":""},"categories":[],"tags":[58,41,29],"class_list":["post-17247","post","type-post","status-publish","format-standard","has-post-thumbnail","hentry","tag-58","tag-41","tag-fr"],"_links":{"self":[{"href":"https:\/\/tunisnews.net\/ar\/wp-json\/wp\/v2\/posts\/17247","targetHints":{"allow":["GET"]}}],"collection":[{"href":"https:\/\/tunisnews.net\/ar\/wp-json\/wp\/v2\/posts"}],"about":[{"href":"https:\/\/tunisnews.net\/ar\/wp-json\/wp\/v2\/types\/post"}],"author":[{"embeddable":true,"href":"https:\/\/tunisnews.net\/ar\/wp-json\/wp\/v2\/users\/1"}],"replies":[{"embeddable":true,"href":"https:\/\/tunisnews.net\/ar\/wp-json\/wp\/v2\/comments?post=17247"}],"version-history":[{"count":0,"href":"https:\/\/tunisnews.net\/ar\/wp-json\/wp\/v2\/posts\/17247\/revisions"}],"wp:featuredmedia":[{"embeddable":true,"href":"https:\/\/tunisnews.net\/ar\/wp-json\/wp\/v2\/media\/22040"}],"wp:attachment":[{"href":"https:\/\/tunisnews.net\/ar\/wp-json\/wp\/v2\/media?parent=17247"}],"wp:term":[{"taxonomy":"category","embeddable":true,"href":"https:\/\/tunisnews.net\/ar\/wp-json\/wp\/v2\/categories?post=17247"},{"taxonomy":"post_tag","embeddable":true,"href":"https:\/\/tunisnews.net\/ar\/wp-json\/wp\/v2\/tags?post=17247"}],"curies":[{"name":"wp","href":"https:\/\/api.w.org\/{rel}","templated":true}]}}