{"id":17194,"date":"2006-09-03T00:00:00","date_gmt":"2006-09-03T00:00:00","guid":{"rendered":"https:\/\/tunisnews.net\/3-septembre-2006\/"},"modified":"2006-09-03T00:00:00","modified_gmt":"2006-09-03T00:00:00","slug":"3-septembre-2006","status":"publish","type":"post","link":"https:\/\/tunisnews.net\/ar\/3-septembre-2006\/","title":{"rendered":"3 septembre 2006"},"content":{"rendered":"<p><html><head><meta content=\"text\/html\" description=\" est mari\u00e9 en Bosnie avec une \n    ressortissante bosniaque et p\u00e8re de quatre enfants dont le plus jeune est\u00a0 \n    \u00e2g\u00e9 de six mois. Il a demand\u00e9 l\u2019asile en Bosnie. Sa demande a \u00e9t\u00e9 rejet\u00e9e. \n    Il a port\u00e9 un recours contre ce rejet, recours non suspensif. \" http-equiv=\"Content-Type\"\/><\/head><body><body style=\"text-align: justify\"><\/p>\n<p align=\"center\"><b><a href=\"http:\/\/www.tunisnews.net\/\"><span>Home<\/span><span lang=\"FR-CH\"> &#8211; Accueil <\/span><span>&#8211; <\/span><span dir=\"rtl\" lang=\"AR-SA\">\u0627\u0644\u0631\u0626\u064a\u0633\u064a\u0629<\/span><\/a><\/b><\/p>\n<p><font face=\"Arial\" size=\"2\"><\/p>\n<div align=\"justify\">\n<div>\n<div>\n<div>\n<table border=\"1\" width=\"100%\">\n<tr>\n<td bgcolor=\"#efefef\" width=\"100%\"> <span lang=\"AR-SA\"> <\/p>\n<div align=\"left\">  <\/div>\n<div> <span lang=\"FR\"> <\/p>\n<div align=\"center\" dir=\"ltr\"> <font face=\"Arial\"><font size=\"2\"> <span lang=\"SV\"> <strong>TUNISNEWS<\/strong><\/span> <\/font><\/font> <\/div>\n<div align=\"center\" dir=\"ltr\"> <strong><font face=\"Arial\"><font size=\"2\">                7\u00a0\u00e8me\u00a0ann\u00e9e, <span lang=\"FR\">N\u00b0\u00a022956 du 03.09.2006<\/span><\/font><\/font><\/strong><\/div>\n<div align=\"center\" dir=\"ltr\"> <strong> <\/p>\n<div align=\"center\"> <b><span><blink> <font face=\"Arial\" size=\"2\">\u00a0archives : <\/font> <a href=\"http:\/\/www.tunisnews.net\/\" target=\"_blank\" rel=\"noopener\"> <font face=\"Arial\" size=\"2\" target=\"_blank\">                  www.tunisnews.net<\/font><\/a><\/blink><\/span><\/b><font face=\"Arial\" size=\"2\"> <\/font> <\/div>\n<p> <\/strong><\/div>\n<p> <\/span><\/div>\n<p> <font face=\"Arial\"> <\/p>\n<div align=\"left\" dir=\"ltr\"> <font size=\"2\"> <\/p>\n<hr noshade=\"\" size=\"8\"\/><\/font> <\/div>\n<div>\n<div> <font size=\"2\"> <\/p>\n<div> <font face=\"Arial\" size=\"2\"> <\/p>\n<div>\n<div>\n<h2 style=\"color: red;\"><font face=\"Arial\"><strong>Luiza                       Toscane:\u00a0O\u00f9 est Badreddine Ferchichi ???<\/strong><\/font><\/h2>\n<\/div>\n<div> <font face=\"Arial\"><strong>Proposez des                       blogs qui d\u00e9fendent la libert\u00e9 d&rsquo;expression<\/strong><\/font><\/div>\n<div>\n<h2 style=\"color: red;\"><font face=\"Arial\"><strong>Omar Khayy\u00e2m:                       Confessions d\u2019un dictateur<\/strong><\/font><\/h2>\n<p><font face=\"Arial\"><\/p>\n<p> <strong><\/p>\n<p><font> <span lang=\"FR\"> <font>Balha Boujadi: Vive la r\u00e9ligion des                       islamistes !<\/font>\u00a0<\/span>                       Le Temps: Assurance maladie: Positions, \u00e0 la fois                       irr\u00e9ductibles et fig\u00e9es                       <font>Oumma: \u00ab TELAVIVISION \u00bb : DANGER !<\/font>                       Franck Biancheri\u00a0 : 20-26 mars 2006 : Iran-USA &#8211;                       D\u00e9clenchement d\u2019une crise mondiale majeure<\/font><\/p>\n<p><\/strong><\/p>\n<p><\/font><\/div>\n<\/p><\/div>\n<p> <\/font> <\/div>\n<p> <\/font> <\/div>\n<\/p><\/div>\n<p> <\/font><\/span><\/td>\n<\/tr>\n<\/table><\/div>\n<div> <font><\/font>\u00a0<\/div>\n<div align=\"center\" dir=\"ltr\">        \u00a0<\/p>\n<p><font><a href=\"http:\/\/www.nawaat.org\/forums\/index.php?showtopic=11741\" target=\"_blank\" rel=\"noopener\"><strong>Cliquez         ici<\/strong><\/a><strong> pour acc\u00e9der au reportage exceptionnel de         l&rsquo;AISPP sur la catastrophe humanitaire         des prisonniers politiques Tunisiens<\/strong>\u00a0 <\/font><\/p>\n<\/p><\/div>\n<p> <font> <\/p>\n<div align=\"center\" dir=\"ltr\">\n<hr\/><\/div>\n<p> <\/font> <\/div>\n<\/p><\/div>\n<p><font face=\"Arial\"> <\/p>\n<div>\n<div align=\"center\">\n<h2 style=\"color: red;\"><font face=\"Arial\"><strong>O\u00f9 est Badreddine Ferchichi       ???<\/strong><\/font><\/h2>\n<\/div>\n<p><font face=\"Arial\" size=\"2\"> <\/p>\n<p>     \u00a0<font face=\"Arial\" size=\"2\"><font>Les autorit\u00e9s bosniaques     ont expuls\u00e9 mardi (29 ao\u00fbt 2006, NDLR) un ressortissant tunisien     \u00a0     <\/font>\u00a0On est toujours sans nouvelles de<strong><font>     Badreddine Ferchichi<\/font><\/strong>, ressortissant\u00a0 tunisien, n\u00e9 le 29     janvier 1964, vivant en Bosnie depuis huit ans et qui a \u00e9t\u00e9 renvoy\u00e9 en     Tunisie mardi 29 ao\u00fbt.     <\/font><font face=\"Arial\" size=\"2\"><font>\u00a0     <strong>Badreddine Ferchichi<\/strong><\/font> est mari\u00e9 en Bosnie avec une     ressortissante bosniaque et p\u00e8re de quatre enfants dont le plus jeune est\u00a0     \u00e2g\u00e9 de six mois. Il a demand\u00e9 l\u2019asile en Bosnie. Sa demande a \u00e9t\u00e9 rejet\u00e9e.     Il a port\u00e9 un recours contre ce rejet, recours non suspensif.      \u00a0     Mardi soir \u00e0 20 heures, il a \u00e9t\u00e9 renvoy\u00e9 par avion depuis Sarajevo en     Tunisie. Il\u00a0 serait arriv\u00e9 \u00e0 22 heures et 15 minutes \u00e0 l\u2019a\u00e9roport de\u00a0     Tunis-Carthage. Or on ne sache que des vols directs relient Sarajevo \u00e0     Tunis&#8230; Alors, avion sp\u00e9cial ? Depuis lors plus aucune nouvelle n\u2019a\u00a0 filtr\u00e9.    <strong><font>Badreddine Ferchichi<\/font><\/strong> est donc     d\u00e9tenu au secret en garde \u00e0 vue.     \u00a0     Ce renvoi s\u2019inscrit dans une politique r\u00e9pressive de l\u2019Etat bosniaque     vis-\u00e0-vis de ressortissants \u00e9trangers, essentiellement arabes : d\u00e9ch\u00e9ance de     la nationalit\u00e9 bosniaque (1), difficult\u00e9 \u00e0 obtenir des papiers de s\u00e9jour     pour ceux qui comme Badreddine Ferchichi ont fond\u00e9 des familles en Bosnie et     ont des enfants bosniaques, et pour finir renvoi vers des pays pratiquant la     torture au m\u00e9pris des engagements internationaux par la Bosnie, pays membre     du Conseil de l\u2019Europe et Etat partie \u00e0 la Convention contre la torture,     sans oublier les discriminations dont sont victimes les femmes bosniaques     ayant \u00e9pous\u00e9 des \u00e9trangers d\u2019origine arabe.     \u00a0     Il est \u00e0 craindre que la Bosnie ne s\u2019embarrasse gu\u00e8re de tels consid\u00e9rants :     le cas d\u2019un ressortissant marocain, Sa\u00efd Atmani, renvoy\u00e9 le 8 f\u00e9vrier 2006     vers son pays d\u2019origine, o\u00f9 il est actuellement incarc\u00e9r\u00e9, laisse planer les     plus grandes inqui\u00e9tudes sur les conditions (2) dans lesquelles s\u2019est     d\u00e9roul\u00e9 le renvoi de <strong><font>Badreddine Ferchichi<\/font><\/strong>,     qui risque en Tunisie d\u2019\u00eatre tortur\u00e9 et emprisonn\u00e9, \u00e0 l\u2019instar d\u2019un Taoufik     Salimi.     \u00a0     Inqui\u00e9tudes dont il faut faire part, de toute urgence, aux autorit\u00e9s     tunisiennes et bosniaques. Il y va de l&rsquo;int\u00e9grit\u00e9 physique de <strong> <font>Badreddine Ferchichi<\/font><\/strong>.     \u00a0     <font><strong>Luiza Toscane<\/strong><\/font>     \u00a0     <\/font><font face=\"Arial\" size=\"2\">(1) Se reporter \u00e0 la     d\u00e9claration d\u2019Amnesty International : \u00ab Bosnie-Herz\u00e9govine, le retrait de     citoyennet\u00e9 ne doit pas entra\u00eener de violations des droits humains\u00bb,     EUR63\/011\/2006, du 16 juin 2006     (2) Se reporter \u00e0 l\u2019article publi\u00e9 dans Al Sharq al awsat du 1er septembre     2006 : \u00ab Mounaddhamat houqouqia ted\u2019ou lihimayati abna\u2019 elarab     elmouhaddadine bittordi min elbosnia \u00bb<\/font> <\/p>\n<p><\/font><\/div>\n<div>    \u00a0<\/div>\n<div>\n<hr\/><\/div>\n<p><\/font><font face=\"Arial\"> <\/p>\n<div>\n<p align=\"center\"><b> <span lang=\"FR-CH\">Proposez des blogs     qui d\u00e9fendent la libert\u00e9 d&rsquo;expression<\/span><\/b><\/p>\n<p><font face=\"Arial\" size=\"2\"> <\/p>\n<p align=\"justify\"><b> <span lang=\"FR-CH\">Comme l&rsquo;an     dernier, Reporters sans fronti\u00e8res s&rsquo;associe au concours de blogs (les Bobs)     organis\u00e9 par le m\u00e9dia public allemand Deutsche Welle. <\/span><\/b><\/p>\n<p align=\"justify\"> <span lang=\"FR-CH\">    L&rsquo;organisation appelle les internautes \u00e0 lui sugg\u00e9rer des blogs qui     d\u00e9fendent la libert\u00e9 d&rsquo;_expression (toutes les langues sont accept\u00e9es).    <\/span><\/p>\n<p align=\"justify\"> <span lang=\"FR-CH\">L&rsquo;an dernier,     le prix \u00ab\u00a0Reporters sans fronti\u00e8res\u00a0\u00bb avait \u00e9t\u00e9 d\u00e9cern\u00e9 \u00e0 l&rsquo;\u00c9gyptien Manal     Alaa&rsquo;s Bit Bucket (<a href=\"javascript:ol('http:\/\/www.manalaa.net\/');\">http:\/\/www.manalaa.net<\/a>     ). Le Chinois Wang Yi&rsquo;s (ferm\u00e9 depuis par les autorit\u00e9s) et le Tunisien     Mokhtar Yahyaoui (provisoirement indisponible (*)) avaient \u00e9galement \u00e9t\u00e9     r\u00e9compens\u00e9s.<\/span><\/p>\n<p align=\"justify\"> <span lang=\"FR-CH\">Pour proposer     un blog, \u00e9crivez, jusqu&rsquo;au 30 septembre, \u00e0 [internet at rsf.org] en incluant     un court descriptif de la publication.<\/span><\/p>\n<p align=\"justify\"><b> <span lang=\"FR-CH\">    Plus d&rsquo;informations sur ce concours :<span> <a href=\"javascript:ol('http:\/\/www.thebobs.de\/');\">www.thebobs.de<\/a><\/span><\/span><span lang=\"FR-CH\"> <\/span><\/b><\/p>\n<p align=\"justify\"><b> <span lang=\"FR-CH\">    (*) Remarque de TUNISNEWS<\/span><\/b><\/p>\n<p align=\"justify\"> <span lang=\"FR-CH\">L\u2019ancien blog     de M. Yahyaoui (<a href=\"javascript:ol('http:\/\/yahyaoui.blogspot.com\/');\">http:\/\/yahyaoui.blogspot.com<\/a>     ) \u00e0 \u00e9t\u00e9 hack\u00e9 par des criminels le 5 ao\u00fbt 2006, il est d\u00e9sormais disponible     de nouveau \u00e0 l\u2019adresse suivante\u00a0:<b><span> <a href=\"javascript:ol('http:\/\/yahyaouimokhtar.blogspot.com\/');\">    http:\/\/yahyaouimokhtar.blogspot.com<\/a> <\/span><\/b><\/span><\/p>\n<hr\/>\n<p align=\"justify\"><b> <span lang=\"FR\">A     propos de Premi\u00e8re (*) habilitation \u00e0 l\u2019IPSI<\/span><\/b><\/p>\n<p align=\"justify\"><b> <span lang=\"FR\">Mise au point<\/span><\/b><\/p>\n<p align=\"justify\"><b> <span lang=\"FR\">Saloua charfi et     Larbi Chouikha sont d\u00e9j\u00e0 ma\u00eetres de conf\u00e9rence \u00e0 l\u2019IPSI. La premi\u00e8re depuis     2002 et la seconde en 2005.<\/span><\/b><\/p>\n<p align=\"justify\"><b> <span lang=\"FR\">Bien entendu aucun     journal de la place n\u2019avait consacr\u00e9 un article \u00e0 ces deux enseignants.<\/span><\/b><\/p>\n<p align=\"justify\"><b> <span lang=\"FR\">Saloua Charfi<\/span><\/b><\/p>\n<p align=\"justify\"><b> <span lang=\"FR\">Ma\u00eetre de     conf\u00e9rence \u00e0 l\u2019IPSI<\/span><\/b><\/p>\n<p><\/font> <font face=\"Arial\"> <\/p>\n<p align=\"center\"><b> <span lang=\"FR\">(*) Premi\u00e8re     habilitation \u00e0 l\u2019IPSI<\/span><\/b><\/p>\n<p> <\/font><font face=\"Arial\" size=\"2\"> <\/p>\n<p align=\"justify\"> <span lang=\"FR\">         Le m\u00e9rite revient \u00e0 M. Ridha Methnani, ex-directeur et enseignant-chercheur     de l\u2019IPSI, et actuellement directeur de cabinet du ministre de     l\u2019Enseignement sup\u00e9rieur, pour avoir soutenu mercredi 30 ao\u00fbt 2006 la     premi\u00e8re habilitation dans l\u2019histoire de l\u2019Institut de presse et des     sciences de l\u2019information, devant un jury totalement tunisien.          Le dossier scientifique de M. Methnani porte th\u00e9matiquement sur la mise en     contexte globale de la communication, tenant compte aussi bien de la     composante g\u00e9ographique que des variables socio-\u00e9conomiques. La pi\u00e8ce     ma\u00eetresse de ce dossier est un ouvrage de plus de 400 pages, r\u00e9cemment paru,     traitant du lien de la soci\u00e9t\u00e9 de l\u2019information et du d\u00e9veloppement.          La soutenance a \u00e9t\u00e9 en particulier marqu\u00e9e par un \u00abPowerPoint\u00bb du candidat,     o\u00f9 il a mis en valeur les principaux moments et les grands apports de sa     qu\u00eate scientifique. Une enqu\u00eate qui se veut pluridisciplinaire, nourrissant     sa connaissance approfondie des th\u00e9ories de la communication et de     l\u2019information d\u2019une r\u00e9flexion sur l\u2019histoire et les civilisations.          Le jury est compos\u00e9 de MM. Chafik Sa\u00efed, Mohamed Hamdane, Ridha Najjar,     Youssef Ben Romdhane et Moncef Achour.          Selon les textes r\u00e9gissant l\u2019habilitation universitaire, celle-ci doit \u00eatre     avalis\u00e9e par le Rectorat.          <\/span><b> <span lang=\"FR\">    (Source : \u00ab La Presse \u00bb du 2 septembre 2006)<\/span><\/b><\/p>\n<hr\/>\n<p align=\"justify\"><b> <span lang=\"FR-CH\">Lefrancq     s&rsquo;installe en Tunisie<\/span><\/b><\/p>\n<p align=\"justify\"> <span lang=\"FR-CH\">Eric     Lefrancq, PDG de l&rsquo;imprimerie francaise Lefrancq a d\u00e9cid\u00e9 de d\u00e9localiser une     partie de son activit\u00e9 en Tunisie. Une soci\u00e9t\u00e9 offshore a \u00e9t\u00e9 cr\u00e9\u00e9e \u00e0 Tunis     et des salari\u00e9s recrut\u00e9s.<\/span><\/p>\n<p align=\"justify\"> <span lang=\"FR-CH\">Le num\u00e9ro 3     fran\u00e7ais de la notice pharmaceutique a d\u00e9cid\u00e9 de d\u00e9localiser une partie de     sa production, le pliage des notices pharmaceutiques, en Tunisie.<\/span><\/p>\n<p align=\"justify\"> <span lang=\"FR-CH\">\u00ab C&rsquo;est un     passage oblig\u00e9 si l&rsquo;on veut rester dans la course et ne pas perdre de parts     de march\u00e9. Agir autrement consisterait \u00e0 adopter une strat\u00e9gie de repli. T\u00f4t     ou tard, la crainte serait de voir nos clients se tourner vers d&rsquo;autres pays     \u00bb , a expliqu\u00e9 Eric Lefrancq.<\/span><\/p>\n<p align=\"justify\"><b> <span lang=\"FR-CH\">\u00a0Indice de     satisfaction<\/span><\/b><\/p>\n<p align=\"justify\"> <span lang=\"FR-CH\">Environ les     2\/3 des entreprises exportatrices allemandes install\u00e9es en Tunisie trouvent\u00a0     le d\u00e9veloppement de leurs affaires de bon ou de satisfaisant, selon\u00a0 une     enqu\u00eate de la Chambre tuniso-allemande de l&rsquo;industrie et du commerce     (CTAIC).<\/span><\/p>\n<p align=\"justify\"> <span lang=\"FR-CH\">44% des     entreprises s&rsquo;attendent \u00e0 une augmentation de leurs chiffres d&rsquo;affaires \u00e0     l&rsquo;exportation , et\u00a0 30% des\u00a0 entreprises du secteur de l&rsquo;\u00e9lectrotechnique\u00a0     envisagent d\u00e9j\u00e0 une augmentation de leurs effectifs.<\/span><\/p>\n<p align=\"justify\"><b> <span lang=\"FR-CH\">Investissements     touristiques<\/span><\/b><\/p>\n<p align=\"justify\"> <span lang=\"FR-CH\">Durant le     premier trimestre de l&rsquo;ann\u00e9e en cours, les investissements touristiques     \u00e9trangers en Tunisie ont enregistr\u00e9 une augmentation de 404 pour cent     atteignant 11,6 millions de dinars contre 2,3 mdt au cours de la p\u00e9riode     correspondante de 2005.<\/span><\/p>\n<p align=\"justify\"> <span lang=\"FR-CH\">La part des     investisseurs arabes dans le flux de capitaux destin\u00e9s au tourisme s&rsquo;\u00e9l\u00e8vent     237 mdt depuis les ann\u00e9es 80.<\/span><\/p>\n<p align=\"justify\"><b> <span lang=\"FR-CH\">    (Source\u00a0: \u00ab\u00a0Le Temps\u00a0\u00bb (Tunisie), le 2 septembre 2006)<\/span><\/b><\/p>\n<p><\/font><\/div>\n<div>\n<hr\/><\/div>\n<div>\n<p align=\"center\"><b> <span lang=\"FR\">Ce     texte a circul\u00e9 sur le web ces derni\u00e9res semaines\u2026<\/span><\/b><\/p>\n<p> <font face=\"Arial\"> <\/p>\n<p align=\"center\"><b> <span lang=\"FR\">\u00ab\u00a0Quelques    <span>r\u00e8gles<\/span> pour bien comprendre l&rsquo;actualit\u00e9&#8230;.\u00a0\u00bb<\/span><\/b><\/p>\n<p><\/font><font face=\"Arial\" size=\"2\"> <\/p>\n<p align=\"justify\"> <span lang=\"FR\">    Voici, en exclusivit\u00e9, ces r\u00e8gles que tout le monde doit avoir \u00e0\u00a0 l&rsquo;esprit     lorsqu&rsquo;il regarde le JT (journal t\u00e9l\u00e9vis\u00e9) le soir, ou quand il lit son     journal le matin. Tout deviendra simple et comme cela, vous n<span>\u2019aurez<\/span>     plus a avoir honte d,<span>\u00eatre<\/span> si&#8230;. mettez     l,adjectif que vous voulez&#8230;          Richard          <strong><span>R\u00e8gle num\u00e9ro 1<\/span><\/strong> : Au     Proche Orient, ce sont toujours les arabes qui<span>attaquent<\/span>     les premiers et c&rsquo;est toujours Isra\u00ebl qui se d\u00e9fend. Cela<span>s&rsquo;appelle<\/span>     des repr\u00e9sailles.          <strong><span>R\u00e8gle num\u00e9ro 2<\/span><\/strong> :     Les arabes, Palestiniens ou Libanais n&rsquo;ont pas le <span>droit<\/span>     de tuer des civils de l&rsquo;autre camp. Cela s&rsquo;appelle du terrorisme.          <strong><span>R\u00e8gle num\u00e9ro 3 <\/span><\/strong>:     Isra\u00ebl a le droit de tuer les civils arabes. Cela <span>    s&rsquo;appelle<\/span> de la l\u00e9gitime d\u00e9fense.          <strong><span>R\u00e8gle num\u00e9ro 4<\/span><\/strong> :     Quand Isra\u00ebl tue trop de civils, les puissances <span>    occidentales<\/span> l&rsquo;appellent \u00e0 la retenue. Cela s&rsquo;appelle la r\u00e9action    <span>de<\/span> la communaut\u00e9 internationale.          <strong><span>R\u00e8gle num\u00e9ro 5<\/span><\/strong> :     Les Palestiniens et les libanais n&rsquo;ont pas le <span>droit<\/span>     de capturer des militaires isra\u00e9liens, m\u00eame si leur nombre est tr\u00e8s    <span>limit\u00e9<\/span> et ne d\u00e9passe pas trois    <span>soldats<\/span>.          <strong><span>R\u00e8gle num\u00e9ro 6<\/span><\/strong> :     Les isra\u00e9liens ont le droit d&rsquo;enlever autant de palestiniens qu&rsquo;ils le     souhaitent (environ 10,000 prisonniers \u00e0 ce jour dont pr\u00e8s de 300 enfants).     Il n&rsquo;y a aucune limite et n&rsquo;ont besoin d&rsquo;apporter aucune preuve de la     culpabilit\u00e9 des personnes enlev\u00e9es. Il suffit juste de dire le mot magique     \u00ab\u00a0terroriste\u00a0\u00bb.          <strong><span>R\u00e8gle num\u00e9ro 7 :<\/span><\/strong>     Quand vous dites \u00ab\u00a0Hezbollah\u00a0\u00bb, il faut toujours <span>rajouter<\/span>     l&rsquo;expression \u00ab soutenu par la Syrie et l&rsquo;Iran \u00bb.          <strong><span>R\u00e8gle num\u00e9ro 8<\/span><\/strong> :     Quand vous dites \u00ab\u00a0Isra\u00ebl\u00a0\u00bb, Il ne faut surtout pas <span>    rajouter<\/span> apr\u00e8s : \u00ab soutenu par les Etats-Unis, la France et\u00a0 l&rsquo;Europe     \u00bb, car <span>on<\/span> pourrait croire qu&rsquo;il s&rsquo;agit d&rsquo;un     conflit d\u00e9s\u00e9quilibr\u00e9.          <strong><span>R\u00e8gle num\u00e9ro 9<\/span><\/strong> : Ne     jamais parler de \u00ab\u00a0Territoires occup\u00e9s \u00ab\u00a0, ni de <span>    r\u00e9solutions<\/span> de l&rsquo;ONU, ni de violations du droit international,    <span>ni des<\/span> conventions de Gen\u00e8ve. Cela risque de     perturber le\u00a0 t\u00e9l\u00e9spectateur <span>et<\/span> l&rsquo;auditeur.          <strong><span>R\u00e8gle num\u00e9ro 10<\/span><\/strong> :     Les isra\u00e9liens parlent mieux le fran\u00e7ais et l&rsquo;anglais <span>    que<\/span> les arabes.          C&rsquo;est ce qui explique qu&rsquo;on leur donne, ainsi qu&rsquo;\u00e0 leurs partisans,    <span>aussi<\/span> souvent que possible la parole. Ainsi, ils     peuvent nous expliquer <span>les<\/span> r\u00e8gles pr\u00e9c\u00e9dentes (de     1 \u00e0 9). Cela s&rsquo;appelle de la neutralit\u00e9 <span>journalistique<\/span>.               <strong><span>R\u00e8gle num\u00e9ro 11<\/span><\/strong> :     Si vous n&rsquo;\u00eates pas d&rsquo;accord avec ses r\u00e8gles ou si <span>vous<\/span>     trouvez qu&rsquo;elles favorisent une partie dans le conflit contre\u00a0 une    <span>autre<\/span>, c&rsquo;est que vous \u00eates un dangereux     antis\u00e9mite.<\/span><\/p>\n<p><\/font><\/div>\n<div>\n<hr\/><\/div>\n<div>    \u00a0<\/div>\n<div> <strong><\/p>\n<h2 style=\"color: red;\"><font>Bon et heureux anniversaire Monsieur le     Pr\u00e9sident<\/font><\/h2>\n<p><\/strong> <\/p>\n<div>      \u00a0<\/div>\n<div>      Aujourd\u2019hui, 3 septembre, est l\u2019anniversaire du Pr\u00e9sident Zine El Abidine       Ben Ali.       Un jour d\u2019anniversaire qui, dans la pens\u00e9e de notre Pr\u00e9sident, est un jour       comme les autres qu\u2019il consacrera au service du pays et \u00e0 l\u2019oeuvre de       progr\u00e8s et de prosp\u00e9rit\u00e9 de la nation.       <font>\u00a0       <strong>(Source : le site du journal gouvernemental \u00ab La Presse \u00bb, l e3       septembre 2006)<\/strong><\/font><\/div>\n<\/p><\/div>\n<div>\n<hr\/><\/div>\n<p><\/font><font face=\"Arial\"> <\/p>\n<div>\n<p align=\"center\"><b> <span lang=\"FR-CH\">Confessions d\u2019un     dictateur<\/span><\/b><\/p>\n<p><font face=\"Arial\" size=\"2\"> <\/p>\n<p align=\"justify\"><b> <span lang=\"FR-CH\">    Omar Khayy\u00e2m<\/span><\/b><\/p>\n<p align=\"justify\"><i> <span lang=\"FR-CH\">    \u00ab\u00a0Sophie se rappela soudain que sa grand-m\u00e8re avait dit quelque chose du m\u00eame     genre le jour o\u00f9 elle avait appris par le m\u00e9decin qu\u2019elle \u00e9tait gravement     malade. \u2018Ce n\u2019est que maintenant que je me rends compte \u00e0 quel point la vie     est belle\u2019, avait-elle dit<b>.\u00a0\u00bb<\/b><\/span><\/i><b><i><span lang=\"FR-CH\">\u00a0     (Jostein Gaarder; Le monde de Sophie)<\/span><\/i><\/b><\/p>\n<p align=\"justify\"> <span lang=\"FR-CH\">Je m\u2019appelle     Zine el-Abidine Ben Ali. J\u2019ai aujourd\u2019hui, le 3 septembre 2006, exactement     soixante-dix ans. Je suis le dictateur d\u2019un petit pays d\u2019Afrique qui     s\u2019appelle la Tunisie et je gouverne cette contr\u00e9e sans partage depuis 1987.     Jusqu\u2019en 2003, je n\u2019ai jamais eu de s\u00e9rieux probl\u00e8mes de sant\u00e9. Mon m\u00e9decin     personnel, qui me c\u00f4toie plus assid\u00fbment que ma propre femme, n\u2019a rien vu     venir. Soudain, les m\u00e9decins m\u2019annoncent une tr\u00e8s mauvaise nouvelle : je     suis atteint d\u2019un cancer des glandes s\u00e9minales avec m\u00e9tastases. Les m\u00e9decins     se voulaient rassurants, mais je sais que qu\u2019il ne me reste plus que     quelques ann\u00e9es \u00e0 vivre. Que vais-je faire de ma vie ?<\/span><\/p>\n<p align=\"justify\"> <span lang=\"FR-CH\">Aujourd\u2019hui     j\u2019ai tout simplement d\u00e9cid\u00e9 de pr\u00e9senter ma d\u00e9mission et de quitter toutes     mes charges officielles. Avec cette mort qui m\u2019attend au tournant, ma vie a     acquis une qualit\u00e9 rare et pr\u00e9cieuse. C\u2019est pourquoi j\u2019ai d\u00e9cid\u00e9 de changer     de vie. Je veux me lib\u00e9rer du stress du pouvoir, du fastidieux protocole et     surtout de ces hypocrites qui m\u2019entourent jour et nuit.<\/span><\/p>\n<p align=\"justify\"> <span lang=\"FR-CH\">D\u00e8s     aujourd\u2019hui je me consacrerai enti\u00e8rement \u00e0 ma famille et surtout \u00e0 mes     petits-enfants. Je m\u2019occuperai de mes plantes et de mes fleurs et je     red\u00e9couvrirai les plaisirs du jardinage. Je viens d\u2019adopter quelques chiots     et chatons orphelins, \u00e0 qui je donnerai \u00e0 manger et \u00e0 boire. Je trouve un     grand plaisir \u00e0 nourrir non seulement mes pigeons, mais aussi les oiseaux     sauvages. Ah ! Qu\u2019elle est belle la vie en dehors de mon bunker de Carthage     ! J\u2019\u00e9tais, en quelque sorte, prisonnier du b\u00e9ton. Maintenant je me re-plonge     dans la nature, je fais le plein d\u2019air frais et la nuit je contemple les     \u00e9toiles pendant des heures et des heures.<\/span><\/p>\n<p align=\"justify\"> <span lang=\"FR-CH\">1987-2006,     dix-neuf ans perdus pour rien ! Je n\u2019ai jamais eu une vraie vie. Je suis     devenu un automate, un esclave des formalit\u00e9s et du protocole et l\u2019amour du     pouvoir m\u2019a tellement aveugl\u00e9 que j\u2019ai oubli\u00e9 la substance m\u00eame de la vie :     l\u2019amour. Je pense maintenant surtout \u00e0 maman. Il y a treize ans, maman est     morte \u00e0 l\u2019h\u00f4pital Farhat Hachad de Sousse. Je n\u2019ai pas eu le temps de rester     \u00e0 son chevet, de l\u2019accompagner dans sa souffrance, ni m\u00eame de partager le     deuil avec ma famille.<\/span><\/p>\n<p align=\"justify\"> <span lang=\"FR-CH\">Je pense     aussi \u00e0 mon fr\u00e8re Moncef, mort dans des conditions tragiques. Je n\u2019ai pas     fait son deuil, car je n\u2019avais pas le temps. J\u2019\u00e9tais toujours l\u2019Absent     num\u00e9ro un lors de ces tristes occasions o\u00f9 ma famille avait besoin d\u2019amour     et de sympathie. J\u2019\u00e9tais un drogu\u00e9 de pouvoir, la drogue la plus dure que     j\u2019aie jamais consomm\u00e9e !<\/span><\/p>\n<p align=\"justify\"> <span lang=\"FR-CH\">Je me rends     compte maintenant de la futilit\u00e9 des richesses, de la d\u00e9mesure de l\u2019orgueil     humain. Ces palais que j\u2019ai construits, vont-ils m\u2019accompagner dans     l\u2019au-del\u00e0 ? Et mes cheveux vont-ils rester noirs pour l\u2019\u00e9ternit\u00e9 ? Je ne     peux que m\u2019esclaffer en pensant aux rires \u00e9clatants des petits vers, qui     d\u00e9voreront mon corps, lorsqu\u2019ils verront cette chevelure plus noire que la     nuit. Oh, mon Dieu ! Que je suis ridicule ! J\u2019\u00e9tais aveugle et cette maladie     m\u2019a gu\u00e9ri de ma c\u00e9cit\u00e9. J\u2019\u00e9tais drogu\u00e9 et le cancer m\u2019a gu\u00e9ri de mon     addiction.<\/span><\/p>\n<p align=\"justify\"> <span lang=\"FR-CH\">Je d\u00e9couvre     aussi un autre plaisir que j\u2019ai oubli\u00e9 pendant des d\u00e9cennies : la lecture.     Plus jamais sans mon livre ! Pendant mes longues randonn\u00e9es \u00e0 la campagne du     Kef et de B\u00e9ja, j\u2019ai toujours comme unique compagnon un livre de po\u00e9sie ou     de m\u00e9ditations. Je n\u2019ai jamais d\u00e9vor\u00e9 autant de livres que pendant ce temps     bref qui me reste \u00e0 vivre. En lisant \u00ab l\u2019\u00e9tranger \u00bb de Camus, je suis tomb\u00e9     sur cette phrase, que seuls les gens qui se trouvent dans ma situation     peuvent comprendre : \u00ab Si pr\u00e8s de la mort, maman devait s\u2019y sentir lib\u00e9r\u00e9e     et \u00e9tait pr\u00eate \u00e0 tout revivre \u00bb<\/span><\/p>\n<p align=\"justify\"> <span lang=\"FR-CH\">Ma femme     Leila n\u2019a jamais compris le sens de ma d\u00e9cision. Ses capacit\u00e9s mentales ne     lui permettent pas de comprendre. Elle voulait que je m\u2019accroche au pouvoir,     que je continue \u00e0 gouverner comme si rien n\u2019\u00e9tait. Elle n\u2019a jamais esp\u00e9r\u00e9,     m\u00eame dans ses r\u00eaves, d\u00e9tenir autant de richesses et autant de pouvoir. Ma     d\u00e9mission a d\u00e9jou\u00e9 ses plans, an\u00e9anti ses espoirs, d\u00e9voil\u00e9 ses faiblesses.     Sa petite cervelle ne pouvait admettre que l\u2019ancien Zine soit mort et     enterr\u00e9 et qu\u2019un autre Zine puisse rena\u00eetre.<\/span><\/p>\n<p align=\"justify\"> <span lang=\"FR-CH\">Lorsqu\u2019une     fois elle m\u2019a vu en train de lire \u00ab Etre ou avoir \u00bb d\u2019Erich Fromm, elle, qui     n\u2019a jamais lu un seul livre de toute sa vie, a arrach\u00e9 le livre de ma main     et m\u2019a dit en criant comme une hyst\u00e9rique : \u00abTu nous as tous ruin\u00e9s, sale     \u00e9go\u00efste ! \u00bb Je me suis content\u00e9 de r\u00e9pondre, sans perdre mon sang froid: \u00ab     Etre ou ne pas \u00eatre, c\u2019est \u00e7a la question. \u00bb<\/span><\/p>\n<p align=\"justify\"><b> <span lang=\"FR-CH\">    (Source\u00a0: rubrique \u00ab\u00a0Fiction\u00a0\u00bb sur le blog d\u2019O. Khayyam, le 3 septembre     2006)<\/span><\/b><\/p>\n<p align=\"justify\"><b> <span lang=\"FR-CH\">    Lien\u00a0:    <a href=\"javascript:ol('http:\/\/omarkhayyam.blogsome.com\/2006\/09\/03\/confessions-dun-dictateur\/');\">    http:\/\/omarkhayyam.blogsome.com\/2006\/09\/03\/confessions-dun-dictateur\/<\/a><\/span><\/b><\/p>\n<hr\/>\n<p><\/font> <font face=\"Arial\"> <\/p>\n<p align=\"center\"><b> <span lang=\"FR\">VIVE LA R\u00c9LIGION DES     ISLAMISTES\u00a0!<\/span><\/b><\/p>\n<p> <\/font><font face=\"Arial\" size=\"2\"> <\/p>\n<p align=\"justify\"><b> <span lang=\"FR\">    BALHA BOUJADI <\/span><\/b><\/p>\n<p align=\"justify\"> <span lang=\"FR\">Ces jours-ci je     n\u2019arrive pas \u00e0 comprendre dans quel si\u00e8cle nous vivons, je hallucine, je lis     et je vois des trucs surr\u00e9alistes partout.<\/span><\/p>\n<p align=\"justify\"> <span lang=\"FR\">Je lis Tunisnews     et je vois le petit \u00e9cran, tout est guerre, mis\u00e8re, attentats, discours     fanatiques, islamophobie, x\u00e9nophobie, occidentphobie, et des mots racistes,     des insultes des outrages, des menaces\u2026 <\/span><\/p>\n<p align=\"justify\"> <span lang=\"FR\">Les Khaled     Chouket, Seloua Charfi, Raja Ben Slama, minoritaires, se font insulter par     des pseudo intellectuels qui se disent chantres de la culture de la victoire     contre ceux de la culture de la d\u00e9faite\u2026 Entre d\u00e9faite et victoire il n\u2019y a     qu\u2019un petit fil de rien de tout, \u00e7a d\u00e9pend, simplement, de la couleur des     lunettes qu\u2019on porte (noires ou bien roses).<\/span><\/p>\n<p align=\"justify\"> <span lang=\"FR\">Cet alg\u00e9rien     solitaire Ben Hadid qui parle des excr\u00e9ments et d\u2019autres ordures s\u2019attaque \u00e0     cet occident sanguinaire qui a massacr\u00e9 les alg\u00e9riens sans faire aucune     r\u00e9f\u00e9rences \u00e0 ces 200.000 cadavres r\u00e9cemment enterr\u00e9s fruit de fanatisme     alg\u00e9ro-alg\u00e9rien. Sans faire aucune r\u00e9f\u00e9rence non plus aux g\u00e9nocides     perp\u00e9tr\u00e9s par les ottomans musulmans en Arm\u00e9nie et la tour des 5.000 cr\u00e2nes     espagnoles \u00e0 Djerba construite par les turcs devant leur forteresse. Les     musulmans n\u2019ont jamais \u00e9t\u00e9 des anges non plus, soyons honn\u00eates.<\/span><\/p>\n<p align=\"justify\"> <span lang=\"FR\">Le probl\u00e8mes des     islamistes est qu\u2019ils sont habit\u00e9s par le pass\u00e9, ils sont gouvern\u00e9s par les     morts, ils r\u00eavent de mourir, et souhaitent la mort \u00e0 tout le monde\u2026 une     r\u00e9alit\u00e9 cauchemardesque et macabre. Ils sont incapables de voir ni     d\u2019analyser le pr\u00e9sent et le futur, tout est pass\u00e9 et rien que le pass\u00e9.<\/span><\/p>\n<p align=\"justify\"> <span lang=\"FR\">Pour cet     alg\u00e9rien la France d\u2019aujourd\u2019hui est la m\u00eame que celle de 1930. Rien n\u2019a     chang\u00e9, il n\u2019y a pas eu de d\u00e9claration des Droits de l\u2019Homme, ni la     r\u00e9volution du mai 68, ni la chute de mur de Berlin, ni le 11 septembre, ni     le 7 juillet\u2026 il n\u2019y a que vengeance, sang et guerre pour effacer les     offenses.<\/span><\/p>\n<p align=\"justify\"> <span lang=\"FR\">Je m\u2019inscris \u00e0     la culture de la d\u00e9faite, d\u2019apr\u00e8s ses analyses, car cette culture de     soi-disant de victoire, ne nous a rendu ni un millim\u00e8tre de territoire     occup\u00e9, malgr\u00e9 les s\u00e9questration d\u2019avion, les otages de Munich, les Intifada     I et II, les kamikazes\u2026 seulement et uniquement gr\u00e2ce aux n\u00e9gociations et \u00e0     la culture de la paix l\u2019Egypte a r\u00e9cup\u00e9r\u00e9 la Sina\u00ef entre autres.<\/span><\/p>\n<p align=\"justify\"> <span lang=\"FR\">Je vois ce barbu     m\u00e9prisable de Daouahiri sur le petit \u00e9cran qui demande b\u00eatement aux     occidentaux de se convertir \u00e0 l\u2019Islam sinon ils subiront les cons\u00e9quences.     C\u2019est dingue, est-ce qu\u2019il existe une stupidit\u00e9 aussi monstrueuse\u00a0? Se     convertir ou mourir, vive la religion\u00a0des islamistes!<\/span><\/p>\n<p align=\"justify\"> <span lang=\"FR\">L\u2019autre jour les     journalistes kidnapp\u00e9s par les boys de Hamas racontaient qu\u2019ils \u00e9taient     oblig\u00e9s \u00e0 lire le Coran tout le temps et \u00e0 se convertir \u00e0 l\u2019Islam sous la     menace des mitraillettes, vive la religion\u00a0des islamistes!\u00a0\u00a0\u00a0 <\/span><\/p>\n<p align=\"justify\"> <span lang=\"FR\">Je lis \u00e0     Tunisnews que la petite cantatrice palestinienne, Mais Chelch, a d\u00fb arracher     une fetoua de Al Karadhaoui pour pouvoir chanter au Maroc devant un public     mixte, car le ma\u00eetre \u00e0 penser des int\u00e9gristes du royaume alaouite, Lamine     Boukhobza, lui a interdit de chanter \u00e0 Mekhn\u00e8s devant les hommes car sa voix     est une honte \u00ab\u00a0aoura\u00a0\u00bb, elle ne peut chanter que devant les femmes, entre     femmes la honte est multiple, mais les hommes seront saints et sauf. D\u2019apr\u00e8s     ce mis\u00e9rable ma m\u00e8re, ma femme, mes s\u0153urs et mes professeurs sont des     \u00abhontes\u00bb, la honte n\u2019est que sa pitoyable existence. Ceci augure le futur de     la soci\u00e9t\u00e9 musulmane dans le concept int\u00e9griste\u00a0: les hommes avec les     hommes, les femmes avec les femmes. En Iran il y\u2019a des bus pour les hommes     et des bus pour les femmes, un couple ne peut pas voyager ensemble. En     Alg\u00e9rie de Ben Hadid il y\u2019a des plages pour les hommes et des plages pour     les femmes, des \u00e9coles pour les gar\u00e7ons et des \u00e9coles pour les jeunes     filles\u2026 Vive la religion\u00a0des islamistes! <\/span><\/p>\n<p align=\"justify\"> <span lang=\"FR\">Quand Les femmes     d\u00e9mocrates ont soulev\u00e9 le probl\u00e8me de l\u2019h\u00e9ritage en Islam, les th\u00e9oriciens     et strat\u00e8ges de l\u2019int\u00e9grisme leur ont somm\u00e9 par le verset de Coran qui dit     que le m\u00e2le re\u00e7oit le m\u00eame part que deux femelles. La vache\u00a0! Point \u00e0 la     ligne. Fini la discussion. En Islam des int\u00e9gristes on n\u2019a pas le droit de     penser, ni d\u2019analyser, ni de reformer, ni de m\u00e9diter, ni de cr\u00e9er, ni de     juger, ni de critiquer\u2026 Tout y\u2019 est, depuis des si\u00e8cles et il est valable     pour le reste de l\u2019existence\u2026 Le monde peut changer comme il veut, les     mentalit\u00e9s peuvent\u00a0 se m\u00e9tamorphoser autant qu\u2019elles veulent, les     interrogations peuvent d\u00e9filer jour et nuit\u2026 Rien \u00e0 faire tout y\u2019est, tout     est sacr\u00e9. On peut rester \u00e0 la marge de l\u2019histoire, la ris\u00e9e des autres     cultures, les champions du monde de ridicule\u2026 \u00c7a ne fait rien, tant que nous     d\u00e9fendons nos reliques et nos a\u00efeux, le reste est d\u00e9risoire\u2026 Vive la     religion des islamistes.\u00a0\u00a0\u00a0 <\/span><\/p>\n<p align=\"justify\"> <span lang=\"FR\">Ils ont gagn\u00e9     une bataille mais jamais ils ne gagneront la guerre, leur futur est aussi     noir que leurs turbans. D\u00e9j\u00e0 les palestiniens en ont assez des discours, ils     n\u2019ont pas \u00e9t\u00e9 pay\u00e9s depuis six mois, ils ont d\u00e9clar\u00e9 la gr\u00e8ve pour exiger     leur droit \u00e0 la subsistance. Les\u00a0 libanais ont v\u00e9cu les cons\u00e9quences des     agissements guerriers des fous d\u2019Allah, les iraniens se pr\u00e9parent \u00e0 souffrir     le m\u00eame sort, les anglais ont d\u00e9clar\u00e9 la tol\u00e9rance z\u00e9ro avec les islamistes,     rien ne va plus\u2026 Vive la religion des islamistes\u00a0! <\/span><\/p>\n<p align=\"justify\"><b> <span lang=\"FR\">    BALHA BOUJADI<\/span><\/b><font><span lang=\"FR\">,\u00a0     le 3 sept.06<\/span><\/font><\/p>\n<p align=\"justify\"><b> <span lang=\"FR\"> <a href=\"mailto:balhaboujadi@yahoo.es\">balhaboujadi@yahoo.es<\/a> <\/span><\/b> <\/p>\n<p><\/font><\/div>\n<div>\n<hr\/><\/div>\n<div>\u00a0<\/div>\n<div>    \u00a0<\/div>\n<p><\/font><font face=\"Arial\"> <\/p>\n<div>\n<p align=\"center\"><b> <span lang=\"FR\">\u00ab\u00a0TELAVIVISION\u00a0\u00bb\u00a0:     DANGER\u00a0!<\/span><\/b><\/p>\n<p><font face=\"Arial\" size=\"2\"> <\/p>\n<p align=\"justify\"><b> <span lang=\"FR\"> <font>Par <\/font> <a href=\"javascript:ol('http:\/\/oumma.com\/spip.php?auteur627');\"> <font>Fran\u00e7ois Burgat<\/font><\/a><font>,    <\/font><a href=\"javascript:ol('http:\/\/oumma.com\/spip.php?auteur794');\"> <font>Fran\u00e7ois G\u00e8ze<\/font><\/a><\/span><\/b><\/p>\n<p align=\"justify\"> <span lang=\"FR\">Depuis le     d\u00e9clenchement des \u00ab\u00a0repr\u00e9sailles\u00a0\u00bb isra\u00e9liennes contre les territoires de     l\u2019Autorit\u00e9 palestinienne puis contre le Liban, le spectacle des journaux     t\u00e9l\u00e9vis\u00e9s des cha\u00eenes fran\u00e7aises, publiques comme priv\u00e9es, nourrit un     malaise croissant.<\/span><\/p>\n<p align=\"justify\"> <span lang=\"FR\">Une rh\u00e9torique     sectaire et simplificatrice criminalise toute r\u00e9sistance &#8211; libanaise ou     palestinienne &#8211; \u00ab\u00a0justifiant\u00a0\u00bb ainsi plus ou moins explicitement, outre     l\u2019assassinat de centaines de civils, la destruction sous les bombes de     toutes les infrastructures de ces soci\u00e9t\u00e9s. En comparaison avec les autres     m\u00e9dias europ\u00e9ens, en particulier la BBC, ces cha\u00eenes fran\u00e7aises apparaissent     d\u00e9sormais \u00e0 une bonne partie du monde francophone &#8211; qui s\u2019en d\u00e9tourne     irr\u00e9sistiblement &#8211; comme l\u2019instrument d\u2019une d\u00e9sinformation dont la     cr\u00e9dibilit\u00e9 politique de la France paiera in\u00e9vitablement le prix.<\/span><\/p>\n<p align=\"justify\"> <span lang=\"FR\">Aux rois des     non-dits du 20 heures et des \u00ab\u00a0plateaux\u00a0\u00bb qui penchent sous le poids des     \u00ab\u00a0philosophes \u00e0 gages\u00a0\u00bb et autres \u00ab\u00a0experts\u00a0\u00bb auto-proclam\u00e9s, aux princes     des d\u00e9bats \u00e0 sens inique, aux reines des enqu\u00eates \u00e0 \u0153ill\u00e8res et des docus     menteurs, aux montages qui trichent et qui truquent, aux mages du \u00ab\u00a050-50\u00a0\u00bb     (une minute pour les crat\u00e8res et&#8230; une pour les canons) comment dire la     rage ressentie devant de telles \u00ab\u00a0informations\u00a0\u00bb\u00a0? Comment vous dire\u00a0:     \u00ab\u00a0Assez\u00a0\u00bb\u00a0! L\u2019arme des mots nous forge un nouveau nom\u00a0: vous serez d\u00e9sormais     la \u00ab\u00a0TELAVIVISION\u00a0\u00bb\u00a0!<\/span><\/p>\n<p align=\"justify\"> <span lang=\"FR\">A la     t\u00e9lavivision, on creuse le vieux sillon du sens commun de la haine     ordinaire\u00a0: de Gaza \u00e0 la banlieue sud de Beyrouth, on stigmatise     indistinctement- et aussi aveugl\u00e9ment qu\u2019en leur temps ses p\u00e8res     nationalistes &#8211; l\u2019enti\u00e8re g\u00e9n\u00e9ration politique dite \u00ab\u00a0islamiste\u00a0\u00bb tout     enti\u00e8re identifi\u00e9e au \u00ab\u00a0terrorisme\u00a0\u00bb.<\/span><\/p>\n<p align=\"justify\"> <span lang=\"FR\">\u00c0 la     t\u00e9lavivision, l\u2019histoire religieuse des uns est pourtant la bienvenue \u00e0     cimenter l\u2019unit\u00e9 d\u2019une nation et de son arm\u00e9e. Mais celle des autres ne     produit qu\u2019un \u00ab\u00a0int\u00e9grisme\u00a0\u00bb r\u00e9voltant.<\/span><\/p>\n<p align=\"justify\"> <span lang=\"FR\">A la     t\u00e9lavivision, un homme politique fr\u00e9quentable n\u2019est donc pas celui qui a su     m\u00e9riter le respect des siens et se faire \u00e9lire d\u00e9mocratiquement\u00a0: c\u2019est     celui qui se laisse d\u00e9sarmer et se soumet docilement au diktat du pays     voisin\u00a0!<\/span><\/p>\n<p align=\"justify\"> <span lang=\"FR\">A la     t\u00e9lavivision, les centaines de tonnes de bombes am\u00e9ricaines qui alimentent     les arsenaux isra\u00e9liens ou la longue tradition europ\u00e9enne de soutien     s\u00e9lectif \u00e0 certaines \u00ab\u00a0forces libanaises\u00a0\u00bb sont myst\u00e9rieusement oubli\u00e9es et     les \u00ab\u00a0ing\u00e9rences \u00e9trang\u00e8res\u00a0\u00bb ne sont plus que \u00ab\u00a0syrienne\u00a0\u00bb ou     \u00ab\u00a0iranienne\u00a0\u00bb\u00a0!<\/span><\/p>\n<p align=\"justify\"> <span lang=\"FR\">\u00c0 la     t\u00e9lavivision, la nucl\u00e9arisation parfaitement hypoth\u00e9tique de l\u2019Iran est la     \u00ab\u00a0grande menace\u00a0\u00bb de l\u2019heure, mais les kilotonnes, bien r\u00e9elles, que     l\u2019arsenal isra\u00e9lien pointe sur tous ses voisins n\u2019existent pas.<\/span><\/p>\n<p align=\"justify\"> <span lang=\"FR\">A la     t\u00e9lavivision, seuls les guerriers d\u2019un des deux camps ont une famille qui     s\u2019inqui\u00e8te pour eux\u00a0! Etc.<\/span><\/p>\n<p align=\"justify\"> <span lang=\"FR\">En minimisant     l\u2019ampleur des crat\u00e8res creus\u00e9s par l\u2019autisme guerrier isra\u00e9lien, la     t\u00e9lavivision en creuse d\u2019autres, plus profonds encore. Elle les creuse non     seulement dans le tissu de nos relations avec le monde mais \u00e9galement au     c\u0153ur de notre propre soci\u00e9t\u00e9\u00a0: lorsque l\u2019un des pieds d\u2019une table est     autoris\u00e9 \u00e0 \u00eatre insolemment plus haut que les autres, c\u2019est tout le \u00ab\u00a0vivre     ensemble\u00a0\u00bb de la communaut\u00e9 internationale, ou nationale, qui peut s\u2019en     trouver, \u00e0 terme, d\u00e9stabilis\u00e9.<\/span><\/p>\n<p align=\"justify\"> <span lang=\"FR\">Au fur et \u00e0     mesure que \u00ab\u00a0la seule d\u00e9mocratie du Proche Orient\u00a0\u00bb, apr\u00e8s avoir jet\u00e9 en     prison ministres et parlementaires de son adversaire, met en \u0153uvre son droit     \u00e0 la \u00ab\u00a0l\u00e9gitime d\u00e9fense\u00a0\u00bb avec le soutien aveugle du pays o\u00f9 tr\u00f4ne la statue     de \u00ab\u00a0la libert\u00e9\u00a0\u00bb, les mots piliers sur lesquels reposaient notre monde     s\u2019\u00e9croulent un \u00e0 un. Quand comprendra-t-on enfin l\u2019urgence de d\u00e9passer cette     pernicieuse \u00ab\u00a0t\u00e9lavivision\u00a0\u00bb\u00a0?<\/span><\/p>\n<p align=\"justify\"><b> <span lang=\"FR\">Fran\u00e7ois Burgat<\/span><\/b><\/p>\n<p align=\"justify\"> <span lang=\"FR\">Politologue,     (auteur de L\u2019Islamisme \u00e0 l\u2019heure d\u2019Al-Qa\u00efda, La D\u00e9couverte, 2005)<\/span><\/p>\n<p align=\"justify\"> <span lang=\"FR\">Auteur de <i>\u00a0:<\/i><\/span><\/p>\n<p align=\"justify\"><i> <span lang=\"FR\">L\u2019Islamisme \u00e0     l\u2019heure d\u2019Al-Qaida (<a href=\"javascript:ol('http:\/\/www.amazon.fr\/exec\/obidos\/ASIN\/2707136131\/oummacom-21');\">cliquez     ici pour vous procurer ce livre sur Amazon<\/a>),<\/span><\/i><span lang=\"FR\">     La D\u00e9couverte, 2005<\/span><\/p>\n<p align=\"justify\"><i> <span lang=\"FR\">L\u2019islamisme en     face (<a href=\"javascript:ol('http:\/\/www.amazon.fr\/exec\/obidos\/ASIN\/2707136131\/oummacom-21');\">cliquez     ici pour vous procurer ce livre sur Amazon<\/a>),<\/span><\/i><span lang=\"FR\">     La D\u00e9couverte, 2002<\/span><\/p>\n<p align=\"justify\"> <span lang=\"FR\">L\u2019islamisme au     Maghreb <i>(<a href=\"javascript:ol('http:\/\/www.amazon.fr\/exec\/obidos\/ASIN\/2228889148\/oummacom-21');\">cliquez     ici pour vous procurer ce livre sur Amazon<\/a>),<\/i> Petite biblioth\u00e8que     Payot, 1995<\/span><\/p>\n<p align=\"justify\"><b> <span lang=\"FR\">    (Source\u00a0: le site fran\u00e7ais \u00ab\u00a0Oumma.com\u00a0\u00bb, le 7 ao\u00fbt 2006)<\/span><\/b><\/p>\n<p align=\"justify\"><b> <span lang=\"FR\">    Lien\u00a0:<\/span><span lang=\"FR\"> <a href=\"http:\/\/oumma.com\/spip.php?article2128\" target=\"_blank\" rel=\"noopener\">    http:\/\/oumma.com\/spip.php?article2128<\/a><\/span><\/b><\/p>\n<hr\/>\n<p align=\"center\"><span> <b><span lang=\"FR\">    20-26 mars 2006\u00a0: <\/span><\/b><\/span><\/p>\n<p><\/font> <font face=\"Arial\"> <\/p>\n<p align=\"center\"><span> <b><span lang=\"FR\">Iran-USA &#8211;     D\u00e9clenchement d\u2019une crise mondiale majeure<\/span><\/b><\/span><\/p>\n<p> <\/font><font face=\"Arial\" size=\"2\"> <\/p>\n<p align=\"justify\"><b> <span lang=\"FR\">    Franck Biancheri\u00a0 (Paris)<\/span><\/b><\/p>\n<p align=\"justify\"> <span lang=\"FR\">    Franck Biancheri, 44 ans, est Pr\u00e9sident de Newropeans,    <a href=\"javascript:ol('http:\/\/www.newropeans.org\/');\">www.newropeans.org<\/a>     , le premier mouvement politique trans-europ\u00e9en qui pr\u00e9sentera des listes     dans tous les Etats membres de l\u2019Union Europ\u00e9enne lors des \u00e9lections au     Parlement Europ\u00e9en de 2009. Il est par ailleurs l\u2019un des responsables du     think-tank Europe 2020, \u00e9ditorialiste \u00e0    <a href=\"javascript:ol('http:\/\/www.newropeans-magazine.org\/');\">    www.newropeans-magazine.org<\/a> \u00a0, et l\u2019un des p\u00e8res du programme Erasmus.<\/span><\/p>\n<p align=\"justify\"><b> <span lang=\"FR\">Dans les cadres     des travaux dont j\u2019ai assur\u00e9 la coordination, le Laboratoire europ\u00e9en     d\u2019anticipation politique Europe 2020 (LEAP\/E2020) estime d\u00e9sormais \u00e0 plus de     80% la probabilit\u00e9 que la semaine du 20 au 26 mars 2006 voie se d\u00e9clencher     la principale crise politique mondiale depuis la chute du Rideau de fer en     1989, accompagn\u00e9e d\u2019une crise \u00e9conomique et financi\u00e8re d\u2019une ampleur     comparable \u00e0 celle de 1929.<\/span><\/b><\/p>\n<p align=\"justify\"> <span lang=\"FR\">Cette semaine de     la fin mars 2006 marquera le point d\u2019inflexion d\u2019\u00e9volutions critiques,     entra\u00eenant une acc\u00e9l\u00e9ration de tous les facteurs conduisant \u00e0 une crise     majeure, m\u00eame sans intervention militaire am\u00e9ricaine ou isra\u00e9lienne contre     l\u2019Iran. Dans le cas d\u2019une telle intervention, les probabilit\u00e9s d\u2019une crise     majeure, selon LEAP\/E2020, atteignent 100%<a href=\"javascript:ol('http:\/\/www.agoravox.fr\/article.php3?id_article%3d7187%23_ftn1');\">[1]<\/a>.<\/span><\/p>\n<p align=\"justify\"> <span lang=\"FR\">L\u2019annonce de cet     \u00e9v\u00e9nement r\u00e9sulte de l\u2019analyse de d\u00e9cisions prises par les deux acteurs-cl\u00e9s     de la crise internationale principale actuelle que sont les Etats-Unis et     l\u2019Iran\u00a0:<\/span><\/p>\n<p align=\"justify\"> <span lang=\"FR\">. il s\u2019agit     d\u2019une part de la d\u00e9cision iranienne d\u2019ouvrir \u00e0 T\u00e9h\u00e9ran le 20 Mars 2006 la     premi\u00e8re bourse p\u00e9troli\u00e8re en euros, ouverte \u00e0 tous les producteurs de     p\u00e9trole de la r\u00e9gion <\/span><\/p>\n<p align=\"justify\"> <span lang=\"FR\">. et d\u2019autre     part, de la d\u00e9cision de R\u00e9serve f\u00e9d\u00e9rale am\u00e9ricaine d\u2019arr\u00eater \u00e0 partir du 23     Mars 2006 de publier les chiffres de M3 (l\u2019indicateur le plus fiable sur la     quantit\u00e9 de dollars circulant dans le monde<a href=\"javascript:ol('http:\/\/www.agoravox.fr\/article.php3?id_article%3d7187%23_ftn2');\">[2]<\/a>).<\/span><\/p>\n<p align=\"justify\"> <span lang=\"FR\">Ces deux     d\u00e9cisions constituent \u00e0 la fois les indices, les causes et les cons\u00e9quences     de la transition historique en cours entre l\u2019ordre cr\u00e9\u00e9 apr\u00e8s la 2e Guerre     mondiale et le nouvel \u00e9tat d\u2019\u00e9quilibre international en gestation depuis     l\u2019effondrement de l\u2019URSS. Leur magnitude comme leur simultan\u00e9it\u00e9 vont agir     comme un ph\u00e9nom\u00e8ne catalyseur de toutes les tensions, faiblesses et     d\u00e9s\u00e9quilibres accumul\u00e9s depuis plus d\u2019une d\u00e9cennie dans le syst\u00e8me     international.<\/span><\/p>\n<p align=\"justify\"> <span lang=\"FR\">Les chercheurs     et analystes de LEAP\/E2020 ont ainsi identifi\u00e9 7 crises convergentes, que     les d\u00e9cisions, am\u00e9ricaine et iranienne, de la semaine du 20 au 26 Mars 2006     vont catalyser en crise globale, affectant toute la plan\u00e8te dans les     domaines politique, \u00e9conomique et financier, et probablement militaire\u00a0:<\/span><\/p>\n<ol type=\"1\">\n<li>\n<p align=\"justify\"> <span lang=\"FR\">Crise de       confiance dans le dollar<\/span> <\/p>\n<\/li>\n<li>\n<p align=\"justify\"> <span lang=\"FR\">Crise des       d\u00e9s\u00e9quilibres financiers am\u00e9ricains<\/span> <\/p>\n<\/li>\n<li>\n<p align=\"justify\"> <span lang=\"FR\">Crise       p\u00e9troli\u00e8re<\/span> <\/p>\n<\/li>\n<li>\n<p align=\"justify\"> <span lang=\"FR\">Crise du       leadership am\u00e9ricain<\/span> <\/p>\n<\/li>\n<li>\n<p align=\"justify\"> <span lang=\"FR\">Crise du monde       arabo-musulman<\/span> <\/p>\n<\/li>\n<li>\n<p align=\"justify\"> <span lang=\"FR\">Crise de la       gouvernance mondiale<\/span> <\/p>\n<\/li>\n<li>\n<p align=\"justify\"> <span lang=\"FR\">Crise de la       gouvernance europ\u00e9enne<\/span> <\/p>\n<\/li>\n<\/ol>\n<p align=\"justify\"> <span lang=\"FR\">L\u2019ouverture par     l\u2019Iran d\u2019une bourse p\u00e9troli\u00e8re libell\u00e9e en euros \u00e0 la fin de mars 2006     marquera la fin du monopole du dollar sur le march\u00e9 mondial du p\u00e9trole. Le     r\u00e9sultat imm\u00e9diat sera de nature \u00e0 bouleverser le march\u00e9 mondial des     devises, puisque les pays producteurs pourront d\u00e9sormais utiliser l\u2019euro     \u00e9galement pour facturer leur production. Parall\u00e8lement, les pays europ\u00e9ens     en particulier pourront acheter le p\u00e9trole directement dans leur devise sans     passer par le relais du dollar. Concr\u00e8tement, dans les deux cas, cela     signifie qu\u2019un moins grand nombre d\u2019acteurs \u00e9conomiques auront besoin d\u2019un     moins grand nombre de dollars<a href=\"javascript:ol('http:\/\/www.agoravox.fr\/article.php3?id_article%3d7187%23_ftn3');\">[3]<\/a>.     Cette double \u00e9volution s\u2019exercera donc dans le m\u00eame sens, \u00e0 savoir celui     d\u2019une r\u00e9duction tr\u00e8s significative de l\u2019importance du dollar comme monnaie     internationale de r\u00e9serve, et donc d\u2019un fort affaiblissement, durable, de la     devise am\u00e9ricaine, en particulier par rapport \u00e0 l\u2019euro. Les \u00e9valuations les     plus conservatrices placent l\u2019euro \u00e0 1,30 dollar \u00e0 la fin 2006. Mais si la     crise est de l\u2019ampleur qu\u2019anticipe LEAP\/E2020, les estimations donnant     l\u2019euro \u00e0 1,70 dollar en 2007 ne paraissent plus irr\u00e9alistes.<\/span><\/p>\n<p align=\"justify\"> <span lang=\"FR\">La suppression     de la parution de l\u2019indicateur M3<a href=\"javascript:ol('http:\/\/www.agoravox.fr\/article.php3?id_article%3d7187%23_ftn4');\">[4]<\/a>     (ainsi que d\u2019autres indicateurs connexes) par la R\u00e9serve f\u00e9d\u00e9rale     am\u00e9ricaine, d\u00e9cision fortement critiqu\u00e9e par la communaut\u00e9 des \u00e9conomistes     et analystes financiers, aura pour cons\u00e9quence, \u00e0 la m\u00eame date, de rendre     invisibles les \u00e9volutions du nombre de dollars en circulation dans le monde.     On assiste, d\u00e9j\u00e0 depuis quelques mois, aux Etats-Unis, \u00e0 une forte     augmentation de M3 (ce qui indique que la \u00ab\u00a0planche \u00e0 billets\u00a0\u00bb tourne d\u00e9j\u00e0     \u00e0 un r\u00e9gime \u00e9lev\u00e9 \u00e0 Washington)\u00a0; or, le nouveau pr\u00e9sident de la R\u00e9serve     f\u00e9d\u00e9rale, Matt Bernanke, est un adepte d\u00e9clar\u00e9 de la \u00ab\u00a0planche \u00e0 billets\u00a0\u00bb<a href=\"javascript:ol('http:\/\/www.agoravox.fr\/article.php3?id_article%3d7187%23_ftn5');\">[5]<\/a>.     Comme une forte baisse du dollar se traduira probablement par une vente     massive de bons du Tr\u00e9sor am\u00e9ricain d\u00e9tenus en Asie, en Europe ou dans les     pays producteurs de p\u00e9trole, LEAP\/E2020 estime que la d\u00e9cision am\u00e9ricaine de     ne plus publier M3 vise uniquement \u00e0 cacher le plus longtemps possible deux     d\u00e9cisions am\u00e9ricaines, en partie impos\u00e9es par les choix politiques et     \u00e9conomiques de ces derni\u00e8res ann\u00e9es<a href=\"javascript:ol('http:\/\/www.agoravox.fr\/article.php3?id_article%3d7187%23_ftn6');\">[6]<\/a>\u00a0:<\/span><\/p>\n<p align=\"justify\"> <span lang=\"FR\">. la     mon\u00e9tarisation de la dette US<\/span><\/p>\n<p align=\"justify\"> <span lang=\"FR\">. le soutien     mon\u00e9taire \u00e0 l\u2019activit\u00e9 \u00e9conomique am\u00e9ricaine.<\/span><\/p>\n<p align=\"justify\"> <span lang=\"FR\">&#8230; et ceci au     moins jusqu\u2019aux \u00e9lections \u00ab\u00a0mid-term\u00a0\u00bb d\u2019octobre 2006, afin d\u2019\u00e9viter une     d\u00e9route du Parti r\u00e9publicain.<\/span><\/p>\n<p align=\"justify\"> <span lang=\"FR\">Cette d\u00e9cision     illustre \u00e9galement l\u2019impuissance des autorit\u00e9s mon\u00e9taires et financi\u00e8res     am\u00e9ricaines et internationales face \u00e0 une situation qui les conduit \u00e0     pr\u00e9f\u00e9rer supprimer les indicateurs, plut\u00f4t que d\u2019agir sur la r\u00e9alit\u00e9.<\/span><\/p>\n<p align=\"justify\"> <span lang=\"FR\">Outre les atouts     g\u00e9ostrat\u00e9giques de l\u2019Iran dans la crise actuelle, qui notamment lui     permettent d\u2019intervenir ais\u00e9ment et avec un impact majeur sur     l\u2019approvisionnement p\u00e9trolier de l\u2019Asie et de l\u2019Europe (en bloquant le     D\u00e9troit d\u2019Ormuz), sur les conflits en cours en Irak et en Afghanistan, sans     m\u00eame mentionner le recours \u00e9ventuel au terrorisme international, le contexte     global de d\u00e9fiance envers Washington cr\u00e9e une situation particuli\u00e8rement     probl\u00e9matique. Loin de calmer les craintes \u00e9ventuelles concernant     l\u2019accession de l\u2019Iran au statut de puissance nucl\u00e9aire, tant en Asie qu\u2019en     Europe<a href=\"javascript:ol('http:\/\/www.agoravox.fr\/article.php3?id_article%3d7187%23_ftn7');\">[7]<\/a>,     une intervention militaire contre l\u2019Iran entra\u00eenerait une d\u00e9solidarisation     quasi imm\u00e9diate des opinions publiques europ\u00e9ennes, dans un contexte     d\u2019absence quasi compl\u00e8te de cr\u00e9dibilit\u00e9 de Washington sur ce type de     dossiers depuis l\u2019invasion de l\u2019Irak, qui emp\u00eacherait les gouvernements     europ\u00e9ens de faire autre chose que suivre leurs opinions publiques.     Parall\u00e8lement, le risque de flamb\u00e9e des cours du p\u00e9trole, qui suivrait une     telle intervention, conduirait les pays asiatiques, Chine en t\u00eate, \u00e0     s\u2019opposer \u00e0 une telle option, obligeant dans ce cas les Etats-Unis (ou     Isra\u00ebl) \u00e0 intervenir seuls, sans caution de l\u2019ONU, et ajoutant donc une     grave crise militaire et diplomatique \u00e0 la crise \u00e9conomique et financi\u00e8re.<\/span><\/p>\n<p align=\"justify\"> <span lang=\"FR\">LEAP\/E2020     estime \u00e9galement que ces deux d\u00e9cisions, non officielles, vont entra\u00eener les     Etats-Unis et le monde dans une crise mon\u00e9taire et financi\u00e8re, puis     \u00e9conomique, sans pr\u00e9c\u00e9dent \u00e0 l\u2019\u00e9chelle plan\u00e9taire. La mon\u00e9tarisation de la     dette am\u00e9ricaine est en effet un terme tr\u00e8s technique pour d\u00e9crire une     r\u00e9alit\u00e9 d\u2019une simplicit\u00e9 catastrophique\u00a0: les Etats-Unis entreprennent de ne     pas rembourser leur dette, ou plus exactement de la rembourser en \u00ab\u00a0monnaie     de singe\u00a0\u00bb. Et ils anticipent une acc\u00e9l\u00e9ration du processus fin mars en     co\u00efncidence avec le lancement de la Bourse iranienne du p\u00e9trole, qui ne peut     que pr\u00e9cipiter les ventes de bons du Tr\u00e9sor US par leurs d\u00e9tenteurs non     am\u00e9ricains.<\/span><\/p>\n<p align=\"justify\"> <span lang=\"FR\">A ce propos, il     est utile de m\u00e9diter l\u2019information suivante<a href=\"javascript:ol('http:\/\/www.agoravox.fr\/article.php3?id_article%3d7187%23_ftn8');\">[8]<\/a>\u00a0:     la part de la dette du gouvernement am\u00e9ricain poss\u00e9d\u00e9e par les banques     am\u00e9ricaines est tomb\u00e9e \u00e0 1,7% en 2004, alors qu\u2019elle \u00e9tait de 18% en 1982.     Parall\u00e8lement, la part de cette m\u00eame dette d\u00e9tenue par les op\u00e9rateurs     \u00e9trangers est pass\u00e9e de 17% en 1982 \u00e0 49%. Question\u00a0: comment se fait-il     qu\u2019au cours des derni\u00e8res ann\u00e9es, les banques am\u00e9ricaines se soient     d\u00e9barrass\u00e9es de presque toute leur part de la dette publique am\u00e9ricaine\u00a0?<\/span><\/p>\n<p align=\"justify\"> <span lang=\"FR\">Parall\u00e8lement,     afin d\u2019essayer d\u2019\u00e9viter en interne l\u2019explosion de la \u00ab\u00a0bulle immobili\u00e8re\u00a0\u00bb,     sur laquelle repose l\u2019essentiel de la consommation des m\u00e9nages am\u00e9ricains,     et \u00e0 un moment o\u00f9 le taux d\u2019\u00e9pargne am\u00e9ricain est devenu n\u00e9gatif pour la     premi\u00e8re fois depuis 1932 et 1933 (au creux de la \u00ab\u00a0Grande d\u00e9pression\u00a0\u00bb),     l\u2019administration Bush, en partenariat avec le nouveau patron de la Fed,     adepte de cette approche mon\u00e9taire, va inonder le march\u00e9 am\u00e9ricain de     liquidit\u00e9s.<\/span><\/p>\n<p align=\"justify\"> <span lang=\"FR\">Pour LEAP\/E2020,     la conjonction, non accidentelle, des d\u00e9cisions iranienne et am\u00e9ricaine     marque donc une \u00e9tape d\u00e9cisive dans le d\u00e9clenchement d\u2019une crise syst\u00e9mique     marquant la fin de l\u2019ordre international tel que constitu\u00e9 apr\u00e8s la 2e     Guerre mondiale, et se caract\u00e9risera notamment d\u2019ici fin 2006 par une chute     brutale de la valeur du dollar US (pouvant conduire \u00e0 1 euro = 1,70 dollar     en 2007) et par une pression \u00e0 la hausse immense sur l\u2019euro, une hausse     importante du prix du p\u00e9trole (plus de 100$ le baril), une aggravation de la     situation militaire am\u00e9ricaine et britannique au Moyen-Orient, une crise     budg\u00e9taire, financi\u00e8re et \u00e9conomique am\u00e9ricaine comparable par son ampleur \u00e0     celle de 1929, des cons\u00e9quences \u00e9conomiques et financi\u00e8res tr\u00e8s graves pour     l\u2019Asie en particulier (et notamment la Chine) mais aussi pour le Royaume-Uni<a href=\"javascript:ol('http:\/\/www.agoravox.fr\/article.php3?id_article%3d7187%23_ftn9');\">[9]<\/a>,     un arr\u00eat brutal du processus \u00e9conomique de globalisation, un effondrement de     l\u2019axe transatlantique, et une mont\u00e9e g\u00e9n\u00e9rale connexe de tous les dangers     politiques int\u00e9rieurs et ext\u00e9rieurs sur l\u2019ensemble du globe.<\/span><\/p>\n<p align=\"justify\"> <span lang=\"FR\">Pour le     particulier d\u00e9tenteur de dollars, comme pour l\u2019entreprise transnationale ou     les d\u00e9cideurs politiques et administratifs, les cons\u00e9quences de cette     semaine de la fin mars 2006 seront cruciales. Ils impliquent d\u00e8s aujourd\u2019hui     de prendre des d\u00e9cisions difficiles (anticiper une crise est toujours un     acte complexe, puisque cela se fonde sur un pari) mais urgentes, car une     fois la crise d\u00e9clench\u00e9e, c\u2019est le \u00ab\u00a0sauve-qui-peut\u00a0\u00bb g\u00e9n\u00e9ral, et l\u2019\u00e9chec     assur\u00e9 pour ceux qui auront choisi d\u2019attendre.<\/span><\/p>\n<p align=\"justify\"> <span lang=\"FR\">Pour les     particuliers, le choix s\u2019impose de lui-m\u00eame\u00a0: le dollar n\u2019est plus une     valeur refuge. La mont\u00e9e vertigineuse de l\u2019or depuis un an prouve d\u2019ailleurs     que nombreux sont ceux qui ont anticip\u00e9 cette \u00e9volution de la monnaie     am\u00e9ricaine.<\/span><\/p>\n<p align=\"justify\"> <span lang=\"FR\">Pour les     entreprises et les gouvernements, en particulier europ\u00e9ens, il est d\u00e9sormais     urgent d\u2019anticiper cette crise et de mettre en \u0153uvre les mesures     strat\u00e9giques et op\u00e9rationnelles qui, si elles sont int\u00e9gr\u00e9es dans le     processus d\u00e9cisionnel d\u00e8s aujourd\u2019hui, peuvent permettre d\u2019amortir     consid\u00e9rablement le \u00ab\u00a0tsunami mon\u00e9taire, financier et \u00e9conomique\u00a0\u00bb qui va     commencer \u00e0 d\u00e9ferler sur la plan\u00e8te \u00e0 la fin du mois prochain. Pour prendre     une image simple, qui est d\u2019ailleurs directement issue du sc\u00e9nario     d\u2019anticipation politique \u00ab\u00a0USA 2010\u00a0\u00bb<a href=\"javascript:ol('http:\/\/www.agoravox.fr\/article.php3?id_article%3d7187%23_ftn10');\">[10]<\/a>,     les \u00e9v\u00e8nements de la semaine du 20 au 26 mars 2006 vont d\u00e9clencher une     \u00e9volution comparable en termes d\u2019impact sur l\u2019 \u00ab\u00a0Occident\u00a0\u00bb tel qu\u2019on le     conna\u00eet depuis 1945, \u00e0 celui de la chute du Rideau de fer en 1989 sur le     \u00ab\u00a0bloc sovi\u00e9tique\u00a0\u00bb.<\/span><\/p>\n<p align=\"justify\"> <span lang=\"FR\">Si cette     anticipation est si pr\u00e9cise, c\u2019est qu\u2019\u00e0 ce stade des analyses, nous estimons     d\u00e9sormais que tous les sc\u00e9narios envisageables conduisent \u00e0 une seule et     m\u00eame conclusion\u00a0: nous approchons collectivement d\u2019un \u00ab\u00a0n\u0153ud historique\u00a0\u00bb     qui est dor\u00e9navant in\u00e9vitable, quelle que soit l\u2019action des acteurs     internationaux ou nationaux. A ce stade, seule une action directe et     imm\u00e9diate de l\u2019administration am\u00e9ricaine visant d\u2019une part \u00e0 emp\u00eacher une     confrontation militaire avec l\u2019Iran, et d\u2019autre part, \u00e0 ne pas     \u00ab\u00a0mon\u00e9tariser\u00a0\u00bb la dette ext\u00e9rieure des Etats-Unis, pourrait changer le     cours des \u00e9v\u00e8nements. Pour LEAP\/E2020 il est \u00e9vident que non seulement une     telle action ne sera pas entam\u00e9e par les dirigeants actuels \u00e0 Washington,     mais qu\u2019au contraire ils ont d\u00e9j\u00e0 choisi de \u00ab\u00a0forcer le destin\u00a0\u00bb en se     d\u00e9faussant de leurs probl\u00e8mes \u00e9conomiques et financiers sur le reste du     monde. Les gouvernements europ\u00e9ens, et en particulier ceux de l\u2019Euroland,     doivent en tirer tr\u00e8s rapidement les cons\u00e9quences.<\/span><\/p>\n<div> <span lang=\"FR\"> <\/p>\n<hr align=\"justify\" size=\"1\" width=\"33%\"\/><\/span> <\/div>\n<p align=\"justify\"> <a href=\"javascript:ol('http:\/\/www.agoravox.fr\/article.php3?id_article%3d7187%23_ftnref1');\"> <span lang=\"FR\">[1]<\/span><\/a><span lang=\"FR\">     Pour information, la m\u00e9thode d\u2019anticipation politique de LEAP\/E2020 a     notamment permis \u00e0 plusieurs de ses experts d\u2019anticiper (et de publier)\u00a0:     d\u00e8s 1988, la prochaine fin du Rideau de fer\u00a0; d\u00e8s 1997, l\u2019effondrement     progressif de la capacit\u00e9 d\u2019action et la l\u00e9gitimit\u00e9 d\u00e9mocratique du syst\u00e8me     communautaire\u00a0; d\u00e8s 2002, de pr\u00e9voir l\u2019enlisement US en Irak et surtout     l\u2019effondrement durable de la cr\u00e9dibilit\u00e9 internationale am\u00e9ricaine\u00a0; d\u00e8s     2003, d\u2019anticiper l\u2019\u00e9chec des r\u00e9f\u00e9rendums sur la Constitution europ\u00e9enne. Sa     m\u00e9thodologie d\u2019anticipation des \u00ab\u00a0ruptures syst\u00e9miques\u00a0\u00bb \u00e9tant d\u00e9sormais     bien \u00e9tablie, il appara\u00eet de notre devoir de chercheurs et de citoyens d\u2019en     faire part aux citoyens et aux d\u00e9cideurs europ\u00e9ens en particulier\u00a0; surtout     que pour beaucoup d\u2019acteurs individuels ou collectifs, priv\u00e9s ou publics, il     est encore temps d\u2019agir afin de r\u00e9duire de mani\u00e8re significative l\u2019impact de     cette crise sur leurs positions, qu\u2019elles soient \u00e9conomiques, politiques ou     financi\u00e8res.<\/span><\/p>\n<p align=\"justify\"> <a href=\"javascript:ol('http:\/\/www.agoravox.fr\/article.php3?id_article%3d7187%23_ftnref2');\"> <span lang=\"FR\">[2]<\/span><\/a><span lang=\"FR\">     Ces d\u00e9cisions ont \u00e9t\u00e9 prises il y a d\u00e9j\u00e0 plusieurs mois\u00a0:<\/span><\/p>\n<p align=\"left\"> <span lang=\"FR\">. les     informations sur la cr\u00e9ation par le gouvernement iranien d\u2019une bourse     p\u00e9troli\u00e8re en euros (<a href=\"javascript:ol('http:\/\/www.mehrnews.com\/en\/NewsDetail.aspx?NewsID%3d260851');\">http:\/\/www.mehrnews.com\/en\/NewsDetail.aspx\u00a0?NewsID=260851<\/a>     ) ont commenc\u00e9 \u00e0 \u00eatre cit\u00e9es par la presse sp\u00e9cialis\u00e9e d\u00e8s l\u2019\u00e9t\u00e9 2004.<\/span><\/p>\n<p align=\"justify\"> <span lang=\"FR\">. la R\u00e9serve     f\u00e9d\u00e9rale a annonc\u00e9 le 10 novembre 2005 qu\u2019elle cesserait de publier les     informations concernant M3 \u00e0 partir du 23 Mars 2006\u00a0:    <a href=\"javascript:ol('http:\/\/www.federalreserve.gov\/releases\/h6\/discm3.htm');\">    http:\/\/www.federalreserve.gov\/releases\/h6\/discm3.htm<\/a><\/span><\/p>\n<p align=\"justify\"> <a href=\"javascript:ol('http:\/\/www.agoravox.fr\/article.php3?id_article%3d7187%23_ftnref3');\"> <span lang=\"FR\">[3]<\/span><\/a><span lang=\"FR\">     Il est int\u00e9ressant de noter en consultant le tableau 13B des statistiques     financi\u00e8res de d\u00e9cembre 2005 de la Banque des r\u00e8glements internationaux     intitul\u00e9    <a href=\"javascript:ol('http:\/\/www.bis.org\/statistics\/secstats.htm');\">    International Bonds and Notes (in billions of US dollars), by currency<\/a>,     qu\u2019\u00e0 la fin de 2004 (hors Chine), 37,0% des actifs financiers internationaux     \u00e9taient labell\u00e9s en dollars US contre 46,8% en euros\u00a0; alors qu\u2019en 2000, la     proportion \u00e9tait inverse avec 49,6% labell\u00e9s en dollars US et seulement     30,1% en euros. Cela indique que les d\u00e9cisions de fin mars 2006 ne vont     faire qu\u2019acc\u00e9l\u00e9rer une tendance de fuite hors du dollar qui est d\u00e9j\u00e0 en     cours.<\/span><\/p>\n<p align=\"justify\"> <a href=\"javascript:ol('http:\/\/www.agoravox.fr\/article.php3?id_article%3d7187%23_ftnref4');\"> <span lang=\"FR\">[4]<\/span><\/a><span lang=\"FR\">     Les agr\u00e9gats mon\u00e9taires (M1, M2, M3, M4) sont des indicateurs statistiques     \u00e9conomiques. M0 est la valeur d\u2019une monnaie, en l\u2019occurrence le Dollar, qui     existe sous forme de billets et de pi\u00e8ces. M1 repr\u00e9sente M0 plus les comptes     bancaires dans cette monnaie. M2 est constitu\u00e9 de M1 plus les d\u00e9p\u00f4ts     d\u2019\u00e9pargne et les certificats de d\u00e9p\u00f4ts (CD) inf\u00e9rieur \u00e0 100.000$. M3     comprend M2 plus les d\u00e9p\u00f4ts \u00e0 terme au sens large (r\u00e9serves d\u2019eurodollars,     instruments financiers plus importants ainsi que la plupart des r\u00e9serves des     pays non-europ\u00e9ens) de 100 000 dollars ou plus. L\u2019\u00e9l\u00e9ment d\u00e9cisif, c\u2019est     donc qu\u2019avec la fin de la publication de M3 par la R\u00e9serve f\u00e9d\u00e9rale     am\u00e9ricaine, le monde entier perdra toute visibilit\u00e9 sur la valeur des     r\u00e9serves en dollars par les autres pays et les institutions financi\u00e8res     majeures.<\/span><\/p>\n<p align=\"left\"> <a href=\"javascript:ol('http:\/\/www.agoravox.fr\/article.php3?id_article%3d7187%23_ftnref5');\"> <span lang=\"FR\">[5]<\/span><\/a><span lang=\"FR\">     Voir son discours \u00e9loquent sur ce sujet devant le Club des \u00e9conomistes \u00e0     Washington DC en Novembre 2002 (<a href=\"javascript:ol('http:\/\/www.federalreserve.gov\/boarddocs\/speeches\/2002\/20021121\/default.htm');\">http:\/\/www.federalreserve.gov\/boarddocs\/speeches\/2002\/20021121\/default.htm<\/a>     )<\/span><\/p>\n<p align=\"justify\"> <a href=\"javascript:ol('http:\/\/www.agoravox.fr\/article.php3?id_article%3d7187%23_ftnref6');\"> <span lang=\"FR\">[6]<\/span><\/a><span lang=\"FR\">     L\u2019\u00e9volution pr\u00e9visible des taux d\u2019int\u00e9r\u00eats aux Etats-Unis et dans la zone     Euro indique d\u2019ailleurs que la hausse des taux d\u2019int\u00e9r\u00eats am\u00e9ricains est en     phase finale alors qu\u2019elle commence dans la zone Euro. Cela r\u00e9duira d\u2019autant     l\u2019attractivit\u00e9 du dollar par rapport \u00e0 l\u2019euro. Il faut noter que l\u2019\u00e9volution     \u00e0 la hausse du dollar en 2005 a \u00e9t\u00e9 essentiellement nourrie par ce     diff\u00e9rentiel de taux d\u2019int\u00e9r\u00eats favorable au dollar, et par la loi de     rapatriement des avoirs am\u00e9ricains \u00e0 l\u2019\u00e9tranger (valable uniquement pour une     ann\u00e9e) qui a fait revenir plus de 200 milliards $ aux Etats-Unis au cours de     l\u2019ann\u00e9e 2005 (source\u00a0: CNNmoney.com    <a href=\"javascript:ol('http:\/\/money.cnn.com\/2005\/10\/05\/news\/economy\/jobs_overseas_profits');\">    http:\/\/money.cnn.com\/2005\/10\/05\/news\/economy\/jobs_overseas_profits<\/a> ).<\/span><\/p>\n<p align=\"justify\"> <a href=\"javascript:ol('http:\/\/www.agoravox.fr\/article.php3?id_article%3d7187%23_ftnref7');\"> <span lang=\"FR\">[7]<\/span><\/a><span lang=\"FR\">     Et en ce qui concerne l\u2019Europe, LEAP\/E2020 souligne que les gouvernements     europ\u00e9ens ne sont plus en phase avec leurs opinions publiques sur les grands     sujets, en particulier concernant l\u2019int\u00e9r\u00eat collectif europ\u00e9en. Le     GlobalEurom\u00e8tre de janvier 2006 souligne d\u2019ailleurs tr\u00e8s bien cette     situation avec un indice TIDE-L\u00e9gitimit\u00e9 \u00e0 8% (qui indique que pour 92% des     sond\u00e9s les dirigeants de l\u2019UE ne repr\u00e9sentent pas leurs int\u00e9r\u00eats collectifs)     et un indice TIDE-Action \u00e0 24% (qui indique que moins d\u2019un sond\u00e9 sur quatre     pense que les dirigeants europ\u00e9ens sont capables de traduire leurs d\u00e9cisions     en actions concr\u00e8tes). Selon LEAP\/E2020, les d\u00e9clarations publiques de     soutien \u00e0 Washington venues de Paris, Berlin ou Londres ne doivent pas     cacher le fait que les Europ\u00e9ens se d\u00e9solidariseront tr\u00e8s vite des     Etats-Unis en cas d\u2019attaque militaire.<\/span><\/p>\n<p align=\"left\"> <a href=\"javascript:ol('http:\/\/www.agoravox.fr\/article.php3?id_article%3d7187%23_ftnref8');\"> <span lang=\"EN-GB\">[8]<\/span><\/a><span lang=\"EN-GB\">     (source \u00a0: Bond Market Association, <\/span> <span lang=\"FR\"> <a href=\"javascript:ol('http:\/\/www.bondmarkets.com\/story.asp?id%3d1215');\"> <span lang=\"EN-GB\">Holders of Treasury Securities\u00a0: Estimated Ownership of     U.S. Public Debt Securities<\/span><\/a><\/span><span lang=\"EN-GB\">\u00a0;    <\/span><span lang=\"FR\"> <a href=\"javascript:ol('http:\/\/www.dailykos.com\/story\/2006\/1\/28\/122315\/558');\"> <span lang=\"EN-GB\">http:\/\/www.dailykos.com\/story\/2006\/1\/28\/122315\/558<\/span><\/a><\/span><span lang=\"EN-GB\">     )<\/span><\/p>\n<p align=\"justify\"> <a href=\"javascript:ol('http:\/\/www.agoravox.fr\/article.php3?id_article%3d7187%23_ftnref9');\"> <span lang=\"FR\">[9]<\/span><\/a><span lang=\"FR\">     Le Royaume-Uni est en effet d\u00e9tenteur de pr\u00e8s de 3000 milliards de cr\u00e9ances     en $, soit pr\u00e8s du triple de pays comme la France ou le Japon. <\/span> <span lang=\"EN-GB\">(source     Banque des R\u00e8glements Internationaux, <\/span> <span lang=\"FR\"> <a href=\"javascript:ol('http:\/\/www.bis.org\/statistics\/secstats.htm');\"> <span lang=\"EN-GB\">Table 9A, Consolidated Claims of Reporting Banks on     Individual Countries<\/span><\/a><\/span><span lang=\"EN-GB\">     )<\/span><\/p>\n<p align=\"justify\"> <a href=\"javascript:ol('http:\/\/www.agoravox.fr\/article.php3?id_article%3d7187%23_ftnref10');\"> <span lang=\"FR\">[10]<\/span><\/a><span lang=\"FR\">     Cf.    <a href=\"javascript:ol('http:\/\/www.europe2020.org\/fr\/abonnement_global_eu_bulletin.php3');\">    GlobalEurope Anticipation Bulletin N\u00b01 (Janvier 2006)<\/a><\/span><\/p>\n<p align=\"justify\"><b> <span lang=\"FR\">    (Source\u00a0: Article publi\u00e9 sur \u00ab\u00a0Agoravox.com\u00a0\u00bb le 20 f\u00e9vrier 2006)<\/span><\/b><\/p>\n<p align=\"justify\"><b> <span lang=\"FR\">    Lien\u00a0:<\/span><span lang=\"FR\"> <a href=\"javascript:ol('http:\/\/www.agoravox.fr\/article.php3?id_article%3d7187');\">    http:\/\/www.agoravox.fr\/article.php3?id_article=7187<\/a> <\/span><\/b> <\/p>\n<p><\/font><\/div>\n<p><\/font><\/div>\n<p><\/font><\/p>\n<hr\/>\n<p align=\"center\"><b><a href=\"http:\/\/www.tunisnews.net\"><span>Home<\/span><span lang=\"FR-CH\"> &#8211; Accueil <\/span><span>&#8211; <\/span><span dir=\"rtl\" lang=\"AR-SA\">\u0627\u0644\u0631\u0626\u064a\u0633\u064a\u0629<\/span><\/a><\/b><\/p>\n<p align=\"center\">\u00a0<\/p>\n<p><\/body><\/body><\/html><\/p>\n","protected":false},"excerpt":{"rendered":"<p>Home &#8211; Accueil &#8211; \u0627\u0644\u0631\u0626\u064a\u0633\u064a\u0629 TUNISNEWS 7\u00a0\u00e8me\u00a0ann\u00e9e, N\u00b0\u00a022956 du 03.09.2006 \u00a0archives : www.tunisnews.net Luiza Toscane:\u00a0O\u00f9 est Badreddine Ferchichi ??? Proposez des blogs qui d\u00e9fendent la libert\u00e9 d&rsquo;expression Omar Khayy\u00e2m: Confessions d\u2019un dictateur Balha Boujadi: Vive la r\u00e9ligion des islamistes !\u00a0 Le Temps: Assurance maladie: Positions, \u00e0 la fois irr\u00e9ductibles et fig\u00e9es Oumma: \u00ab TELAVIVISION \u00bb [&hellip;]<\/p>\n","protected":false},"author":1,"featured_media":22040,"comment_status":"open","ping_status":"open","sticky":false,"template":"","format":"standard","meta":{"inline_featured_image":false,"site-sidebar-layout":"default","site-content-layout":"","ast-site-content-layout":"default","site-content-style":"default","site-sidebar-style":"default","ast-global-header-display":"","ast-banner-title-visibility":"","ast-main-header-display":"","ast-hfb-above-header-display":"","ast-hfb-below-header-display":"","ast-hfb-mobile-header-display":"","site-post-title":"","ast-breadcrumbs-content":"","ast-featured-img":"","footer-sml-layout":"","ast-disable-related-posts":"","theme-transparent-header-meta":"","adv-header-id-meta":"","stick-header-meta":"","header-above-stick-meta":"","header-main-stick-meta":"","header-below-stick-meta":"","astra-migrate-meta-layouts":"default","ast-page-background-enabled":"default","ast-page-background-meta":{"desktop":{"background-color":"","background-image":"","background-repeat":"repeat","background-position":"center center","background-size":"auto","background-attachment":"scroll","background-type":"","background-media":"","overlay-type":"","overlay-color":"","overlay-opacity":"","overlay-gradient":""},"tablet":{"background-color":"","background-image":"","background-repeat":"repeat","background-position":"center center","background-size":"auto","background-attachment":"scroll","background-type":"","background-media":"","overlay-type":"","overlay-color":"","overlay-opacity":"","overlay-gradient":""},"mobile":{"background-color":"","background-image":"","background-repeat":"repeat","background-position":"center center","background-size":"auto","background-attachment":"scroll","background-type":"","background-media":"","overlay-type":"","overlay-color":"","overlay-opacity":"","overlay-gradient":""}},"ast-content-background-meta":{"desktop":{"background-color":"var(--ast-global-color-5)","background-image":"","background-repeat":"repeat","background-position":"center center","background-size":"auto","background-attachment":"scroll","background-type":"","background-media":"","overlay-type":"","overlay-color":"","overlay-opacity":"","overlay-gradient":""},"tablet":{"background-color":"var(--ast-global-color-5)","background-image":"","background-repeat":"repeat","background-position":"center center","background-size":"auto","background-attachment":"scroll","background-type":"","background-media":"","overlay-type":"","overlay-color":"","overlay-opacity":"","overlay-gradient":""},"mobile":{"background-color":"var(--ast-global-color-5)","background-image":"","background-repeat":"repeat","background-position":"center center","background-size":"auto","background-attachment":"scroll","background-type":"","background-media":"","overlay-type":"","overlay-color":"","overlay-opacity":"","overlay-gradient":""}},"footnotes":""},"categories":[],"tags":[61,37,29],"class_list":["post-17194","post","type-post","status-publish","format-standard","has-post-thumbnail","hentry","tag-61","tag-37","tag-fr"],"_links":{"self":[{"href":"https:\/\/tunisnews.net\/ar\/wp-json\/wp\/v2\/posts\/17194","targetHints":{"allow":["GET"]}}],"collection":[{"href":"https:\/\/tunisnews.net\/ar\/wp-json\/wp\/v2\/posts"}],"about":[{"href":"https:\/\/tunisnews.net\/ar\/wp-json\/wp\/v2\/types\/post"}],"author":[{"embeddable":true,"href":"https:\/\/tunisnews.net\/ar\/wp-json\/wp\/v2\/users\/1"}],"replies":[{"embeddable":true,"href":"https:\/\/tunisnews.net\/ar\/wp-json\/wp\/v2\/comments?post=17194"}],"version-history":[{"count":0,"href":"https:\/\/tunisnews.net\/ar\/wp-json\/wp\/v2\/posts\/17194\/revisions"}],"wp:featuredmedia":[{"embeddable":true,"href":"https:\/\/tunisnews.net\/ar\/wp-json\/wp\/v2\/media\/22040"}],"wp:attachment":[{"href":"https:\/\/tunisnews.net\/ar\/wp-json\/wp\/v2\/media?parent=17194"}],"wp:term":[{"taxonomy":"category","embeddable":true,"href":"https:\/\/tunisnews.net\/ar\/wp-json\/wp\/v2\/categories?post=17194"},{"taxonomy":"post_tag","embeddable":true,"href":"https:\/\/tunisnews.net\/ar\/wp-json\/wp\/v2\/tags?post=17194"}],"curies":[{"name":"wp","href":"https:\/\/api.w.org\/{rel}","templated":true}]}}