{"id":17167,"date":"2006-06-26T00:00:00","date_gmt":"2006-06-26T00:00:00","guid":{"rendered":"https:\/\/tunisnews.net\/26-juin-2006\/"},"modified":"2006-06-26T00:00:00","modified_gmt":"2006-06-26T00:00:00","slug":"26-juin-2006","status":"publish","type":"post","link":"https:\/\/tunisnews.net\/ar\/26-juin-2006\/","title":{"rendered":"26 juin 2006"},"content":{"rendered":"<p><html><head><meta content=\"text\/html\" description=\"    Un des invit\u00e9s, Zyed Krichene, journaliste \u00e0 R\u00e9alit\u00e9s, a outrageusement     menti en disant qu'il y a 5 journaux d'opposition libres et qui publient     librement, et les num\u00e9ros d'El Mawqif&quot; sont vendus librement dans &quot;tous les     kiosques de Tunis&quot;.\" http-equiv=\"Content-Type\"\/><\/head><body><body style=\"text-align: justify\"><\/p>\n<p align=\"center\"><b><a href=\"\/ar\/25juin06f.htm\/\"><span>Home<\/span><span lang=\"FR-CH\"> &#8211; Accueil <\/span><span>&#8211; <\/span><span dir=\"rtl\" lang=\"AR-SA\">\u0627\u0644\u0631\u0626\u064a\u0633\u064a\u0629<\/span><\/a><\/b><\/p>\n<div> <font face=\"Arial\" size=\"2\"> <\/p>\n<div>\n<table border=\"1\" width=\"100%\">\n<tr>\n<td bgcolor=\"#efefef\" width=\"100%\"> <span lang=\"AR-SA\"> <\/p>\n<div align=\"left\">  <\/div>\n<div> <span lang=\"FR\"> <\/p>\n<div align=\"center\" dir=\"ltr\"> <font face=\"Arial\"><font size=\"2\"> <span lang=\"SV\"> <strong>TUNISNEWS<\/strong><\/span> <\/font><\/font> <\/div>\n<div align=\"center\" dir=\"ltr\"> <strong><font face=\"Arial\"><font size=\"2\">            7\u00a0\u00e8me\u00a0ann\u00e9e, <span lang=\"FR\">N\u00b0\u00a02226 du 26.06.2006<\/span><\/font><\/font><\/strong><\/div>\n<div align=\"center\" dir=\"ltr\"> <strong> <\/p>\n<div align=\"center\"> <b><span><blink> <font face=\"Arial\" size=\"2\">\u00a0archives : <\/font> <a href=\"https:\/\/tunisnews.net\/ar\/\" target=\"_blank\" rel=\"noopener\"> <font face=\"Arial\" size=\"2\" target=\"_blank\">              www.tunisnews.net<\/font><\/a><\/blink><\/span><\/b><font face=\"Arial\" size=\"2\"> <\/font> <\/div>\n<p> <\/strong><\/div>\n<p> <\/span><\/div>\n<div align=\"left\" dir=\"ltr\"> <font face=\"Arial\" size=\"2\"> <\/p>\n<hr noshade=\"\" size=\"8\"\/><\/font> <\/div>\n<div>\n<p><font> <\/p>\n<div align=\"left\">\n<div>\n<div> <font> <\/p>\n<div>\n<div>\n<div>\n<div> <span lang=\"FR-CH\"> <\/p>\n<div>\n<div>\n<div> <font face=\"Arial\"> <\/p>\n<p> <span lang=\"FR\"> <span lang=\"FR\"> <font size=\"3\"> <span lang=\"FR\"> <\/p>\n<p><font size=\"2\"><strong>AP:                               Ouverture \u00e0 Tunis de la r\u00e9union des ministres                               euro-m\u00e9diterran\u00e9ens de l&rsquo;Economie                               <font>AFP: R\u00e9union \u00e0 Tunis des                               ministres de l&rsquo;Economie de la zone                               euro-m\u00e9diterran\u00e9enne<\/font><\/strong><\/font><\/p>\n<p><\/span><\/font><\/span><\/span><\/p>\n<p> <span lang=\"FR\"> <span lang=\"FR\"> <font size=\"3\"> <span lang=\"FR\"> <\/p>\n<p><font size=\"2\"><strong> <font size=\"3\"> <span lang=\"FR\"> <\/p>\n<p><font size=\"2\">AFP: Vagues de                               d\u00e9barquements de candidats \u00e0 l&rsquo;immigration en                               Italie et \u00e0 Malte<\/font><\/p>\n<p><\/span><\/font> <font>La Presse: Les avocats                               tunisiens : des \u00ab vandales \u00bb ?                               <\/font>Le Temps: L&rsquo;Am\u00e9rique sous pression met de                               l&rsquo;eau dans son vin unilat\u00e9ral<\/strong><\/font><\/p>\n<p><\/span><\/font><\/span><\/span><span lang=\"FR\"><font><span lang=\"FR\"><font size=\"3\"><span lang=\"FR\"><\/span><\/font><\/span><\/font><\/span><\/p>\n<p><\/font><\/div>\n<\/p><\/div>\n<\/p><\/div>\n<p> <\/span><\/div>\n<\/p><\/div>\n<\/p><\/div>\n<\/p><\/div>\n<p> <\/font><\/div>\n<\/p><\/div>\n<\/p><\/div>\n<p> <\/font><\/p>\n<\/div>\n<p> <\/span><\/td>\n<\/tr>\n<\/table><\/div>\n<p> <\/font><\/div>\n<div>  \u00a0<\/div>\n<div>  \u00a0<\/div>\n<div> <font face=\"Arial\" size=\"2\"> <\/p>\n<div align=\"center\"> <span lang=\"FR-CH\"> <font size=\"3\"><strong>LA VIDEO DE L\u2019EMISSION \u00ab\u00a0Kiosque\u00a0\u00bb sur TV5<o:p><\/o:p><\/strong><\/font><\/span><\/div>\n<div align=\"center\"> <span><font><strong>L&rsquo;\u00e9mission     Kiosque, diffus\u00e9e dimanche 25 juin 2006 sur TV5 et consacr\u00e9e \u00e0 la libert\u00e9 de     la presse au Maghreb est en ligne sur le lien suivant\u00a0:<\/strong><\/font><\/span><\/div>\n<div align=\"center\"> <span><font size=\"4\">\u00a0<b><a href=\"http:\/\/www.pdpinfo.org\/sommaire.php3\" target=\"_blank\" rel=\"noopener\">http:\/\/www.pdpinfo.org\/sommaire.php3<\/a><o:p><\/o:p><\/b><\/font><\/span><\/div>\n<div> <span><font size=\"4\">. <\/p>\n<hr\/>\n<p> <\/font><\/span> <\/div>\n<p> <\/font><\/div>\n<div>  \u00a0<\/div>\n<div> <font face=\"Arial\" size=\"2\"> <\/p>\n<div align=\"center\">\n<h2 style=\"color: red;\"><font><strong>Zyed Krichene, De Realit\u00e9s, Est Un Menteur<\/strong><\/font><\/h2>\n<\/div>\n<div> <font>Par: <strong>Libre penseur<\/strong><\/font>     \u00a0     Hier 25 Juin, j&rsquo;ai suivi le programme \u00e9mis \u00e0 1700, heure fran\u00e7aise, sue la     presse en Afrique du Nord.     Un des invit\u00e9s, Zyed Krichene, journaliste \u00e0 R\u00e9alit\u00e9s, a outrageusement     menti en disant qu&rsquo;il y a 5 journaux d&rsquo;opposition libres et qui publient     librement, et les num\u00e9ros d&rsquo;El Mawqif\u00a0\u00bb sont vendus librement dans \u00ab\u00a0tous les     kiosques de Tunis\u00a0\u00bb.     \u00a0     L&rsquo;autre invit\u00e9, Limam, de Jeune Afrique, dit qu&rsquo;il est d&rsquo;accord pour     lib\u00e9ralisation tr\u00e8s progressive du secteur de la presse, r\u00e9p\u00e9tant les th\u00e8ses     fallacieuses des sbires du r\u00e9gime.     \u00a0     Clairement timor\u00e9s, ayant peur de f\u00e2cher Abdelwahab Abdallah, les deux     personnages n&rsquo;ont pas os\u00e9 parler de la mis\u00e8re de la presse chez nous. C&rsquo;est     honteux.     \u00a0     C&rsquo;est la premi\u00e8re fois que je vois le visage de Zyed Krichene: un chat gras,     content de son sort et qui s&rsquo;en fout \u00e9perdument de Slim Boukhdir, Sihem Ben     Sedrine, Nasraoui et autres militants du droit \u00e0 une presse libre.      \u00a0     Compl\u00e8tement l&rsquo;antith\u00e8se de Mohamed Krichene, d&rsquo;Al Jazira. Soubhan Allah.         \u00a0     <font>(Source : Forum \u00ab Taht Essour \u00bb de nawaat.org, le 26     juin 2006 \u00e0 09h13)<\/font> <font>URL: <a href=\"http:\/\/www.nawaat.org\/forums\" target=\"_blank\" rel=\"noopener\">    http:\/\/www.nawaat.org\/forums<\/a> <\/font><\/div>\n<div>\n<hr\/><\/div>\n<div>\n<div> <b><span> <font size=\"2\">Tunisie : Les Am\u00e9ricains contre-attaquent !<o:p><\/o:p><\/font><\/span><\/b><\/div>\n<div> <span> <o:p>\u00a0<\/o:p><\/span><\/div>\n<div> <span><font>Alerte rouge au       D\u00e9partement d&rsquo;Etat am\u00e9ricain ! Selon le dernier rapport commercial \u00ab\u00a0Tunisie\u00a0\u00bb,       achev\u00e9 d\u00e9but juin, par l&rsquo;administration am\u00e9ricaine et dont Maghreb       Confidentiel s&rsquo;est procur\u00e9 une copie, \u00ab\u00a0les Etats-Unis ne font plus partie       des principaux fournisseurs de la Tunisie\u00a0\u00bb ! (&#8230;)<o:p><\/o:p><\/font><\/span><\/div>\n<div> <span> <o:p>\u00a0<\/o:p><\/span><\/div>\n<div> <b> <span>      Lire la suite sur le lien suivant\u00a0:      <a href=\"http:\/\/www.africaintelligence.fr\/mc-\/default.asp\" target=\"_blank\" rel=\"noopener\">      http:\/\/www.africaintelligence.fr\/mc-\/default.asp<\/a><\/span><span><o:p><\/o:p><\/span><\/b><\/div>\n<div> <o:p><span>\u00a0<\/span><\/o:p><\/div>\n<\/p><\/div>\n<div>\n<hr\/><\/div>\n<p> <\/font> <\/p>\n<div align=\"center\"> <strong><\/p>\n<h2 style=\"color: red;\"><font size=\"3\">Ouverture \u00e0 Tunis de la r\u00e9union des     ministres euro-m\u00e9diterran\u00e9ens de l&rsquo;Economie<\/font><\/h2>\n<p><\/strong><\/div>\n<div> <font>Associated Press, le 25 juin 2006 \u00e0 20h10<\/font> <font>par Bouazza ben Bouazza<\/font>     \u00a0     <font>TUNIS (AP) &#8212;<\/font> La deuxi\u00e8me r\u00e9union     euro-m\u00e9diterran\u00e9enne des ministres de l&rsquo;Economie et des Finances (Ecofin)     s&rsquo;est ouverte dimanche apr\u00e8s-midi \u00e0 Tunis pour d\u00e9battre de l&rsquo;avenir du     partenariat dans ces domaines entre les pays de la r\u00e9gion.     \u00a0     Dix pays parmi les 25 pays de l&rsquo;Union europ\u00e9enne et sept pays sur les dix de     l&rsquo;Est et du Sud de la M\u00e9diterran\u00e9e sont repr\u00e9sent\u00e9s \u00e0 un niveau minist\u00e9riel.     \u00a0     La r\u00e9union de l&rsquo;Ecofin, qui se d\u00e9roule parall\u00e8lement \u00e0 celle de la Facilit\u00e9     euro-m\u00e9diterran\u00e9enne pour l&rsquo;investissement et le partenariat (FEMIP), un     m\u00e9canisme cr\u00e9\u00e9 par la BEI (Banque europ\u00e9enne d&rsquo;investissement), se tient     dans un contexte marqu\u00e9 par     les appr\u00e9hensions des pays sud-m\u00e9diterran\u00e9ens.     \u00a0     Ceux-ci, dont plusieurs sont li\u00e9s par des accords d&rsquo;association avec     l&rsquo;entit\u00e9 europ\u00e9enne, se plaignent de voir le flux des investissements     europ\u00e9ens s&rsquo;orienter massivement, \u00e0 leurs d\u00e9triments, vers les pays de     l&rsquo;Europe de l&rsquo;Est et centrale depuis     l&rsquo;\u00e9largissement de l&rsquo;UE.     \u00a0     C&rsquo;est le sens du message adress\u00e9 par le Premier ministre tunisien \u00e0     l&rsquo;ouverture de la r\u00e9union. Mohamed Ghannouchi a not\u00e9 que, dix ans apr\u00e8s son     lancement, le bilan du processus de Barcelone \u00ab\u00a0est encore loin de r\u00e9pondre     aux attentes des pays de lar\u00e9gion\u00a0\u00bb.     \u00a0     Il a cit\u00e9 le volume des investissements directs \u00e9trangers (IDE) \u00ab\u00a0encore     modeste\u00a0\u00bb dans la r\u00e9gion et qui repr\u00e9sente \u00e0 peine 3% des flux des IDE     mondiaux et 2% des investissements r\u00e9alis\u00e9s par les pays de l&rsquo;UE \u00e0     l&rsquo;\u00e9tranger.     \u00a0     Le dirigeant tunisien a plaid\u00e9 pour \u00ab\u00a0une nouvelle vision des relations     futures entre les deux rives de la M\u00e9diterran\u00e9e fond\u00e9e sur la solidarit\u00e9 et     la prosp\u00e9rit\u00e9 partag\u00e9e\u00a0\u00bb. Selon lui, le \u00ab\u00a0d\u00e9fi majeur\u00a0\u00bb pour les pays tiers     m\u00e9diterran\u00e9ens demeure l&rsquo;intensification des cr\u00e9ations d&#8217;emploi, notamment     au profit des jeunes dipl\u00f4m\u00e9s.     \u00a0     Ce d\u00e9fi est d&rsquo;autant plus pressant que, selon une \u00e9tude r\u00e9alis\u00e9e par le     r\u00e9seau euro-m\u00e9diterran\u00e9en des instituts de recherche \u00e9conomique, les besoins     de cr\u00e9ations d&#8217;emploi dans la r\u00e9gion se situent \u00e0 quelque 40 millions pour     les 15 prochaines ann\u00e9es.     \u00a0     Selon le vice-pr\u00e9sident de la BEI, Philipe De Fontaine Vive, la pr\u00e9sence \u00e0     Tunis du commissaire europ\u00e9en Aux Affaires \u00e9conomiques et mon\u00e9taires Joaquim     Almunia et du ministre autrichien des Finances, Karl-Heinz Grasser, dont le     pays assure la pr\u00e9sidence de l&rsquo;UE, d\u00e9note une \u00ab\u00a0prise de conscience\u00a0\u00bb et \u00ab\u00a0un     engagement claire\u00a0\u00bb de l&rsquo;Europe \u00e0 r\u00e9pondre aux attentes de ses partenaires     m\u00e9diterran\u00e9ens.     \u00a0     <font>Associated Press  <\/font><\/div>\n<div>\n<hr\/><\/div>\n<div align=\"center\">\n<h2 style=\"color: red;\"><font> <strong><font size=\"3\">R\u00e9union \u00e0 Tunis des ministres de l&rsquo;Economie de la     zone euro-m\u00e9diterran\u00e9enne<\/font><\/strong><\/font><\/h2>\n<\/div>\n<div>    \u00a0<\/div>\n<div> <font>AFP, le 26 juin 2006 \u00e0 08h11<\/font>     \u00a0     GAMMARTH\u00a0 (Tunisie), 25 juin 2006 (AFP) &#8211; Les ministres de l&rsquo;Economie et des     Finances ou leurs repr\u00e9sentants des trente-cinqpays de la zone     euro-m\u00e9diterran\u00e9enne se sont r\u00e9unis dimanche \u00e0 Gammarth, pr\u00e8s de Tunis, pour     d\u00e9battre de l&rsquo;avenir de la coop\u00e9ration r\u00e9gionale.  <\/div>\n<div>    \u00a0<\/div>\n<div>    \u00ab\u00a0Malgr\u00e9 les efforts d\u00e9ploy\u00e9s, le bilan de ce processus est encore loin de     r\u00e9pondre aux attentes des pays de la r\u00e9gion\u00a0\u00bb, a d\u00e9plor\u00e9 le Premier ministre     tunisien, Mohamed Ghannouchi, \u00e0 l&rsquo;ouverture de la r\u00e9union.<\/div>\n<div>         Il a soulign\u00e9 que les investissements europ\u00e9ens au sud de la M\u00e9diterran\u00e9e     demeuraient \u00ab\u00a0fort modestes\u00a0\u00bb, repr\u00e9sentant \u00e0 peine 3%des flux     d&rsquo;investissements directs \u00e9trangers mondiaux et 2% des investissements de     l&rsquo;UE \u00e0 l&rsquo;\u00e9tranger.<\/div>\n<div>         Onze des vingt-cinq ministres de l&rsquo;Union europ\u00e9enne (UE) et sept des dix     pays m\u00e9diterran\u00e9ens, dont Isra\u00ebl, participent \u00e0 cettedeuxi\u00e8me r\u00e9union du     conseil des ministres \u00ab\u00a0Ecofin\u00a0\u00bb euro-m\u00e9diterran\u00e9en.<\/div>\n<div>    \u00a0<\/div>\n<div>    Faisant le bilan de dix ans de coop\u00e9ration de l&rsquo;UE avec la Tunisie, premier     pays m\u00e9diterran\u00e9en signataire d&rsquo;un accord, M.Ghannouchi a regrett\u00e9 que les     \u00e9changes demeurent \u00ab\u00a0d\u00e9s\u00e9quilibr\u00e9s\u00a0\u00bb au profit de l&rsquo;UE. Il a soulign\u00e9 que les     exportations concernaient toujours essentiellement les produits agricoles et     \u00e9nerg\u00e9tiques et les productions industrielles \u00e0 faible valeur ajout\u00e9e.<\/div>\n<div>         Il a donc plaid\u00e9 pour \u00ab\u00a0une vision plus ambitieuse, \u00e0 l&rsquo;instar de celle mise     en oeuvre par l&rsquo;UE pour les pays de l&rsquo;Est de l&rsquo;Europe.     La r\u00e9gion m\u00e9diterran\u00e9enne, a-t-il ajout\u00e9, reste confront\u00e9e \u00e0 un important     ch\u00f4mage des jeunes et \u00e0 des pressions migratoires \u00e9lev\u00e9es.<\/div>\n<div>         Les migrations, a-t-il dit, demeurent \u00ab\u00a0soumises \u00e0 des proc\u00e9dures     contraignantes et complexes, ce qui n&rsquo;est pas de nature \u00e0 faciliter les     \u00e9changes humains et culturels, pourtant n\u00e9cessaires \u00e0 la construction de la     zone de paix et de prosp\u00e9rit\u00e9\u00a0\u00bb pr\u00e9vue par le processus euro-m\u00e9diterran\u00e9en de     Barcelone. Pour r\u00e9duire le ch\u00f4mage, le \u00ab\u00a0d\u00e9fi majeur\u00a0\u00bb demeure     l&rsquo;intensification des cr\u00e9ations d&#8217;emplois au profit des jeunes dipl\u00f4m\u00e9s. M.     Ghannouchi a fait \u00e9tat d&rsquo;une \u00e9tude chiffrant \u00e0 quarante millions le nombre     d&#8217;emplois devant \u00eatre cr\u00e9\u00e9s sur le pourtour m\u00e9diterran\u00e9en dans les quinze     prochaines ann\u00e9es, ce qui n\u00e9cessite un rythme annuel de croissance de 6 \u00e0 7     % contre 5% en moyenne actuellement.<\/div>\n<div>         Les ministres et le commissaire europ\u00e9en pour les Affaires \u00e9conomiques et     mon\u00e9taires, Joaquin Almunia, doivent s&rsquo;entretenir d&rsquo;un avant-projet sur la     coop\u00e9ration euro-m\u00e9diterran\u00e9enne \u00e0 soumettre au prochain sommet des chefs     d&rsquo;Etat de l&rsquo;UE en Finlande.     La r\u00e9union devait s&rsquo;ach\u00e8ver dimanche soir mais les ministres poursuivront     leurs travaux lundi \u00e0 la faveur de la 6e r\u00e9union de la     Facilit\u00e9 euro-m\u00e9diterran\u00e9enne de financement et de partenariat (FEMIP).<\/div>\n<div>         La Banque europ\u00e9enne d&rsquo;investissements (BEI) a sign\u00e9, dans ce cadre, samedi     la cr\u00e9ation d&rsquo;un fonds d&rsquo;investissement en faveur du     Maghreb central (Tunisie, Alg\u00e9rie, Maroc) de dix millions d&rsquo;euros destin\u00e9 \u00e0     des entreprises moyennes, a indiqu\u00e9 le vice-pr\u00e9sident de la BEI, Philippe de     Fontaine Vive.     \u00a0     <font>AFP<\/font><\/div>\n<div>\n<hr\/><\/div>\n<div align=\"center\"> <strong><\/p>\n<h2 style=\"color: red;\"><font size=\"3\">Vagues de d\u00e9barquements de candidats     \u00e0 l&rsquo;immigration en Italie et \u00e0 Malte<\/font><\/h2>\n<p><\/strong><\/div>\n<div>    \u00a0<\/div>\n<div>    AFP, le 25 juin 2006 \u00e0 16h52     \u00a0     <font>ROME, 25 juin 2006 (AFP)<\/font> &#8211; Quatre embarcations     charg\u00e9es de candidats \u00e0 l&rsquo;immigration ont \u00e9t\u00e9 prises en charge dimanche par     les garde-c\u00f4tes italiens au large de l&rsquo;\u00eele de Lampedusa et une autre est     arriv\u00e9e \u00e0 Malte, ont annonc\u00e9 les autorit\u00e9s des deux pays.     \u00a0     Plus de 600 immigrants clandestins sont arriv\u00e9s depuis samedi dans la petite     \u00eele de Lampedusa, au large de la Sicile, et les     autorit\u00e9s italiennes ont \u00e9t\u00e9 contraintes d&rsquo;organiser un pont a\u00e9rien pour     transporter une partie des immigrants sur le continent, car le     centre d&rsquo;accueil temporaire est d\u00e9bord\u00e9.     \u00a0     Il h\u00e9bergeait encore 300 personnes dimanche en fin d&rsquo;apr\u00e8s-midi, alors     qu&rsquo;une embarcation avec une centaine de personnes \u00e0 son bord \u00e9tait annonc\u00e9e.     \u00a0     Trois autres barques avaient \u00e9t\u00e9 prises en charge au cours de la journ\u00e9e par     les garde-c\u00f4tes et escort\u00e9es jusqu&rsquo;\u00e0 Lampedusa. La premi\u00e8re transportait 34     passagers, la seconde 29, dont 3 femmes et la troisi\u00e8me 41, dont 7 femmes,     six enfants et deux invalides, ont indiqu\u00e9 les autorit\u00e9s.     \u00a0     Une autre embarcation a \u00e9t\u00e9 secourue au large de Malte. A son bord avaient     pris place 25 personnes, dont cinq femmes et l&rsquo;une d&rsquo;elles, enceinte, a     accouch\u00e9 peu apr\u00e8s avoir \u00e9t\u00e9 secourue.     \u00a0     Pr\u00e8s de 400 immigrants ont \u00e9t\u00e9 pris en charge \u00e0 Malte depuis le d\u00e9but de     l&rsquo;ann\u00e9e 2006, ont indiqu\u00e9 les autorit\u00e9s.     \u00a0     L&rsquo;Italie et Malte sont r\u00e9guli\u00e8rement confront\u00e9es aux arriv\u00e9es d&rsquo;immigrants     clandestins venus par la mer d&rsquo;Afrique.     \u00a0     Embarqu\u00e9s sur les c\u00f4tes de la Tunisie et de la Libye o\u00f9 s\u00e9vissent des bandes     de trafiquants d&rsquo;\u00eatres humains, ils tentent de rejoindre l&rsquo;\u00eele de     Lampedusa,\u00a0 premi\u00e8re terre italienne sur le chemin. D&rsquo;autres d\u00e9rivent vers     Malte.     \u00a0     En 2005, 207 embarcations ont \u00e9t\u00e9 intercept\u00e9es pr\u00e8s des c\u00f4tes italiennes     avec \u00e0 leur bord pr\u00e8s de 22.000 immigr\u00e9s clandestins. 70 cadavres de     migrants ont \u00e9t\u00e9 \u00e9galement d\u00e9couverts par les garde-c\u00f4tes et les douaniers     durant la m\u00eame p\u00e9riode.<font><\/font><\/div>\n<div>\n<hr\/><\/div>\n<div align=\"center\">    \u00a0<\/div>\n<div align=\"left\">\n<div align=\"center\"> <b> <span lang=\"FR-CH\"> <font size=\"3\">Les avocats tunisiens : des \u00ab\u00a0vandales\u00a0\u00bb ?<o:p><\/o:p><\/font><\/span><\/b><\/div>\n<div> <span lang=\"FR-CH\"> <o:p>\u00a0<\/o:p><\/span><\/div>\n<div> <b> <span lang=\"FR-CH\">      Tunisie:<\/span><span lang=\"FR-CH\"> <o:p><\/o:p> <\/span><\/b> <\/div>\n<div> <b><span lang=\"FR-CH\">Communiqu\u00e9       de presse de la f\u00e9d\u00e9ration tunisienne de l&rsquo;h\u00f4tellerie<o:p><\/o:p><\/span><\/b><\/div>\n<div> <span lang=\"FR-CH\"> <o:p>\u00a0<\/o:p><\/span><\/div>\n<div> <span lang=\"FR-CH\">Les actes       de certains participants aux r\u00e9unions de l&rsquo;Ordre des avocats ont eu des       r\u00e9percussions n\u00e9gatives sur les activit\u00e9s des h\u00f4teliers<o:p><\/o:p><\/span><\/div>\n<div> <span lang=\"FR-CH\"> <o:p>\u00a0<\/o:p><\/span><\/div>\n<div> <span lang=\"FR-CH\">La       F\u00e9d\u00e9ration tunisienne de l&rsquo;h\u00f4tellerie a publi\u00e9 un communiqu\u00e9 dans lequel       elle indique que \u00abdes membres de l&rsquo;Ordre des avocats viennent de se       plaindre de l&rsquo;attitude de certains responsables des h\u00f4tels de la capitale       qui, \u00e0 leurs dires, refuseraient de mettre \u00e0 leur disposition des salles       pour leurs r\u00e9unions. Afin d&rsquo;\u00e9clairer l&rsquo;opinion g\u00e9n\u00e9rale, la F\u00e9d\u00e9ration       tunisienne de l&rsquo;h\u00f4tellerie a voulu apporter les pr\u00e9cisions suivantes\u00bb.<o:p><\/o:p><\/span><\/div>\n<div> <span lang=\"FR-CH\"> <o:p>\u00a0<\/o:p><\/span><\/div>\n<div> <span lang=\"FR-CH\">\u00abLa       F\u00e9d\u00e9ration qui, par ailleurs, a beaucoup de respect et de consid\u00e9ration       pour l&rsquo;Ordre des avocats, ajoute le communiqu\u00e9, pr\u00e9cise que, dans le       pass\u00e9, et \u00e0 maintes occasions, des membres de l&rsquo;Ordre ont pu louer des       salles dans les h\u00f4tels pour tenir leurs r\u00e9unions.<o:p><\/o:p><\/span><\/div>\n<div> <span lang=\"FR-CH\"> <o:p>\u00a0<\/o:p><\/span><\/div>\n<div> <span lang=\"FR-CH\">Mais au       cours de ces r\u00e9unions, certains membres ont fait preuve d&rsquo;actes       irr\u00e9v\u00e9rencieux, causant des dommages aux \u00e9quipements, portant, notamment,       atteinte \u00e0 la s\u00e9curit\u00e9 et \u00e0 la qui\u00e9tude des h\u00f4tels en question. Ces       agissements ont, par ailleurs, terni la r\u00e9putation des h\u00f4tels et ont eu       des r\u00e9percussions n\u00e9gatives sur leurs activit\u00e9s. D\u00e8s lors, les       responsables des h\u00f4tels s&rsquo;abstiennent de louer leurs salles \u00e0 l&rsquo;Ordre pour       abriter ce genre de r\u00e9unions\u00bb.<o:p><\/o:p><\/span><\/div>\n<div> <span lang=\"FR-CH\"> <o:p>\u00a0<\/o:p><\/span><\/div>\n<div> <b> <span lang=\"FR-CH\">      (Source\u00a0: La Presse (Tunis), du 24 Juin 2006)<o:p><\/o:p><\/span><\/b><\/div>\n<\/p><\/div>\n<div align=\"center\">\n<hr\/><\/div>\n<div align=\"center\">\n<h2 style=\"color: red;\"><font size=\"3\"><strong>L&rsquo;Am\u00e9rique sous pression met de l&rsquo;eau     dans son vin unilat\u00e9ral<\/strong><\/font><\/h2>\n<\/div>\n<div>    \u00a0<\/div>\n<div>         \u00a0     <font>ETATS-UNIS.<\/font> La Cour p\u00e9nale internationale,     contre laquelle Washington s&rsquo;est oppos\u00e9, est proche de la reconnaissance.     Humili\u00e9s en Somalie, les Am\u00e9ricains acceptent une offre de la Norv\u00e8ge.     \u00a0     <font><font>Alain Campiotti, New York<\/font> <\/font>\u00a0     Philippe Burrin n&rsquo;\u00e9tait pas \u00e0 New York pour faire la le\u00e7on aux Am\u00e9ricains.     Le directeur de l&rsquo;Institut de hautes \u00e9tudes internationale de Gen\u00e8ve     pr\u00e9sidait jeudi un d\u00e9jeuner-d\u00e9bat sur l&rsquo;imminent Conseil des droits de     l&rsquo;homme &#8211; auquel les Etats-Unis se sont oppos\u00e9s. C&rsquo;\u00e9tait aussi pour lui     l&rsquo;occasion de pr\u00e9senter son \u00e9cole en transformation. \u00abA Washington, le vent     tourne, remarquait cependant une participante am\u00e9ricaine \u00e0 la discussion.     C&rsquo;est le moment de leur faire entendre un autre discours sur les relations     internationales.\u00bb     \u00a0     Ce \u00ableur\u00bb, bien s\u00fbr, d\u00e9signe l&rsquo;administration r\u00e9publicaine, qui a commenc\u00e9 \u00e0     mettre de l&rsquo;eau dans son vin unilat\u00e9ral. La d\u00e9cision de rejoindre les     Europ\u00e9ens dans leur n\u00e9gociation avec l&rsquo;Iran est le plus clair effet de cette     correction de trajectoire. Mais le virage \u00e9tait aussi apparent dans deux     r\u00e9unions cette semaine, sur le Soudan et sur la Somalie.     \u00a0     Luis Moreno-Ocampo, le procureur de la Cour p\u00e9nale internationale (CPI), a     pr\u00e9sent\u00e9 mercredi devant le Conseil de s\u00e9curit\u00e9 un rapport accablant sur les     crimes contre l&rsquo;humanit\u00e9 commis au Darfour. L&rsquo;enjeu est de faire juger les     auteurs de ces atrocit\u00e9s par la jeune CPI. John Bolton, l&rsquo;ambassadeur des     Etats-Unis \u00e0 l&rsquo;ONU, n&rsquo;\u00e9tait pas pr\u00e9sent: il avait ses raisons. Mais un     diplomate am\u00e9ricain \u00e9coutait Ocampo, et c&rsquo;\u00e9tait un \u00e9v\u00e9nement: Washington     entrouvre la porte de la Cour p\u00e9nale, contre laquelle l&rsquo;administration Bush     a men\u00e9 une campagne acharn\u00e9e avant m\u00eame sa cr\u00e9ation.     \u00a0     Juste avant de quitter la Maison-Blanche, Bill Clinton avait sign\u00e9 le     \u00abStatut de Rome\u00bb qui cr\u00e9e la CPI. Sa signature a \u00e9t\u00e9 annul\u00e9e par un     secr\u00e9taire d&rsquo;Etat adjoint deux ans plus tard: c&rsquo;\u00e9tait John Bolton, qui ne     voulait pas se renier en assistant mercredi au Conseil de s\u00e9curit\u00e9. Bolton a     aussi \u00e9t\u00e9 le ma\u00eetre d&rsquo;\u0153uvre de la campagne d\u00e9clench\u00e9e pour saper la Cour.     \u00a0     Les Am\u00e9ricains disaient que t\u00f4t ou tard la nouvelle institution serait     utilis\u00e9e comme un instrument politique contre les Etats-Unis, en poursuivant     ses diplomates et ses soldats. Ils ont contraint plusieurs dizaines de pays,     sous la menace d&rsquo;une suppression d&rsquo;aide, \u00e0 signer des accords d&rsquo;immunit\u00e9.     Washington promettait aussi de lib\u00e9rer par la force un de ses ressortissants     qui viendrait \u00e0 \u00eatre arr\u00eat\u00e9.     \u00a0     La trag\u00e9die du Darfour a calm\u00e9 cette hyst\u00e9rie. L&rsquo;an pass\u00e9, les Etats-Unis     ont propos\u00e9 de cr\u00e9er un tribunal ad hoc pour juger les auteurs de crimes     contre l&rsquo;humanit\u00e9 commis dans la province soudanaise. Les Europ\u00e9ens ont     ouvert de grands yeux: la Cour p\u00e9nale internationale existe pour \u00e7a! Les     Am\u00e9ricains se sont inclin\u00e9s. \u00abNous reconnaissons, dit dans le Wall Street     Journal John Bellinger, adjoint de Condoleezza Rice, que la CPI a un r\u00f4le \u00e0     jouer dans le syst\u00e8me de la justice internationale.\u00bb C&rsquo;est un renversement,     et un d\u00e9saveu de la ligne d\u00e9fendue par John Bolton, dont la carri\u00e8re \u00e0 l&rsquo;ONU     pourrait \u00eatre courte.     \u00a0     L&rsquo;autre infl\u00e9chissement am\u00e9ricain est intervenu jeudi \u00e0 propos de la     Somalie. Les Etats-Unis viennent d&rsquo;essuyer dans ce pays \u00e0 l&rsquo;abandon un \u00e9chec     cuisant: les chefs de guerre locaux, que la CIA finan\u00e7ait pour obtenir la     capture de cadres d&rsquo;Al-Qaida, ont \u00e9t\u00e9 balay\u00e9s par la milice de l&rsquo;Union des     tribunaux islamiques. A la recherche d&rsquo;une politique de rechange, le     D\u00e9partement d&rsquo;Etat a accept\u00e9 une offre &#8211; d&rsquo;abord \u00e9cart\u00e9e &#8211; que lui avait     faite il y a deux mois la tr\u00e8s active diplomatie norv\u00e9gienne: la cr\u00e9ation     d&rsquo;un Groupe de contact (Su\u00e8de, Norv\u00e8ge, Tanzanie, Grande-Bretagne,     Etats-Unis) pour travailler \u00e0 la stabilisation de la Somalie. Washington,     qui commen\u00e7ait \u00e0 d\u00e9crire l&rsquo;Union islamique comme une nouvelle mouture de     taliban, a d\u00e9j\u00e0 re\u00e7u deux lettres conciliantes de son chef, Cheikh Charif     Ahmed.     \u00a0     La souplesse que Condi Rice donne \u00e0 la diplomatie am\u00e9ricaine coupe le     souffle des partisans d&rsquo;une politique radicale. Le Weekly Standard, organe     n\u00e9o-conservateur, vient de publier une d\u00e9nonciation passionn\u00e9e de la     nouvelle ligne: affaibli par les difficult\u00e9s en Irak, par sa popularit\u00e9 en     baisse, George Bush choisit la voie de moindre r\u00e9sistance, celle des     compromis; \u00abil est tent\u00e9 par le chant des sir\u00e8nes multilat\u00e9rales\u00bb.     \u00a0     Cette correction de la politique \u00e9trang\u00e8re va en fait dans le sens de ce     qu&rsquo;attendent une partie des d\u00e9mocrates. L&rsquo;essayiste Peter Beinart, dans The     Good Fight, leur donne une voix et d\u00e9clenche un s\u00e9rieux d\u00e9bat dans le parti.     Le pays, dit Beinart, ne peut pas baisser les bras et s&rsquo;isoler devant     l&rsquo;extr\u00e9misme violent et le danger de prolif\u00e9ration. Il doit s&rsquo;inspirer de la     politique de Truman au d\u00e9but de la guerre froide: containment, alliances,     coop\u00e9ration. Seule et sans l\u00e9gitimit\u00e9 &#8211; l&rsquo;Irak le d\u00e9montre &#8211; la puissance     est impuissante.     \u00a0     <font>(Source : \u00ab Le Temps \u00bb du 17 juin 2006)<\/font><\/div>\n<\/p><\/div>\n<p align=\"center\">\u00a0<\/p>\n<hr\/>\n<p align=\"center\"><b><a href=\"https:\/\/tunisnews.net\/ar\/\"><span>Home<\/span><span lang=\"FR-CH\"> &#8211; Accueil <\/span><span>&#8211; <\/span><span dir=\"rtl\" lang=\"AR-SA\">\u0627\u0644\u0631\u0626\u064a\u0633\u064a\u0629<\/span><\/a><\/b><\/p>\n<p align=\"center\">\u00a0<\/p>\n<p><\/body><\/body><\/html><\/p>","protected":false},"excerpt":{"rendered":"<p>Home &#8211; Accueil &#8211; \u0627\u0644\u0631\u0626\u064a\u0633\u064a\u0629 TUNISNEWS 7\u00a0\u00e8me\u00a0ann\u00e9e, N\u00b0\u00a02226 du 26.06.2006 \u00a0archives : www.tunisnews.net AP: Ouverture \u00e0 Tunis de la r\u00e9union des ministres euro-m\u00e9diterran\u00e9ens de l&rsquo;Economie AFP: R\u00e9union \u00e0 Tunis des ministres de l&rsquo;Economie de la zone euro-m\u00e9diterran\u00e9enne AFP: Vagues de d\u00e9barquements de candidats \u00e0 l&rsquo;immigration en Italie et \u00e0 Malte La Presse: Les avocats tunisiens [&hellip;]<\/p>\n","protected":false},"author":1,"featured_media":22040,"comment_status":"open","ping_status":"open","sticky":false,"template":"","format":"standard","meta":{"inline_featured_image":false,"site-sidebar-layout":"default","site-content-layout":"","ast-site-content-layout":"default","site-content-style":"default","site-sidebar-style":"default","ast-global-header-display":"","ast-banner-title-visibility":"","ast-main-header-display":"","ast-hfb-above-header-display":"","ast-hfb-below-header-display":"","ast-hfb-mobile-header-display":"","site-post-title":"","ast-breadcrumbs-content":"","ast-featured-img":"","footer-sml-layout":"","ast-disable-related-posts":"","theme-transparent-header-meta":"","adv-header-id-meta":"","stick-header-meta":"","header-above-stick-meta":"","header-main-stick-meta":"","header-below-stick-meta":"","astra-migrate-meta-layouts":"default","ast-page-background-enabled":"default","ast-page-background-meta":{"desktop":{"background-color":"","background-image":"","background-repeat":"repeat","background-position":"center center","background-size":"auto","background-attachment":"scroll","background-type":"","background-media":"","overlay-type":"","overlay-color":"","overlay-opacity":"","overlay-gradient":""},"tablet":{"background-color":"","background-image":"","background-repeat":"repeat","background-position":"center center","background-size":"auto","background-attachment":"scroll","background-type":"","background-media":"","overlay-type":"","overlay-color":"","overlay-opacity":"","overlay-gradient":""},"mobile":{"background-color":"","background-image":"","background-repeat":"repeat","background-position":"center center","background-size":"auto","background-attachment":"scroll","background-type":"","background-media":"","overlay-type":"","overlay-color":"","overlay-opacity":"","overlay-gradient":""}},"ast-content-background-meta":{"desktop":{"background-color":"var(--ast-global-color-5)","background-image":"","background-repeat":"repeat","background-position":"center center","background-size":"auto","background-attachment":"scroll","background-type":"","background-media":"","overlay-type":"","overlay-color":"","overlay-opacity":"","overlay-gradient":""},"tablet":{"background-color":"var(--ast-global-color-5)","background-image":"","background-repeat":"repeat","background-position":"center center","background-size":"auto","background-attachment":"scroll","background-type":"","background-media":"","overlay-type":"","overlay-color":"","overlay-opacity":"","overlay-gradient":""},"mobile":{"background-color":"var(--ast-global-color-5)","background-image":"","background-repeat":"repeat","background-position":"center center","background-size":"auto","background-attachment":"scroll","background-type":"","background-media":"","overlay-type":"","overlay-color":"","overlay-opacity":"","overlay-gradient":""}},"footnotes":""},"categories":[],"tags":[58,37,29],"class_list":["post-17167","post","type-post","status-publish","format-standard","has-post-thumbnail","hentry","tag-58","tag-37","tag-fr"],"_links":{"self":[{"href":"https:\/\/tunisnews.net\/ar\/wp-json\/wp\/v2\/posts\/17167","targetHints":{"allow":["GET"]}}],"collection":[{"href":"https:\/\/tunisnews.net\/ar\/wp-json\/wp\/v2\/posts"}],"about":[{"href":"https:\/\/tunisnews.net\/ar\/wp-json\/wp\/v2\/types\/post"}],"author":[{"embeddable":true,"href":"https:\/\/tunisnews.net\/ar\/wp-json\/wp\/v2\/users\/1"}],"replies":[{"embeddable":true,"href":"https:\/\/tunisnews.net\/ar\/wp-json\/wp\/v2\/comments?post=17167"}],"version-history":[{"count":0,"href":"https:\/\/tunisnews.net\/ar\/wp-json\/wp\/v2\/posts\/17167\/revisions"}],"wp:featuredmedia":[{"embeddable":true,"href":"https:\/\/tunisnews.net\/ar\/wp-json\/wp\/v2\/media\/22040"}],"wp:attachment":[{"href":"https:\/\/tunisnews.net\/ar\/wp-json\/wp\/v2\/media?parent=17167"}],"wp:term":[{"taxonomy":"category","embeddable":true,"href":"https:\/\/tunisnews.net\/ar\/wp-json\/wp\/v2\/categories?post=17167"},{"taxonomy":"post_tag","embeddable":true,"href":"https:\/\/tunisnews.net\/ar\/wp-json\/wp\/v2\/tags?post=17167"}],"curies":[{"name":"wp","href":"https:\/\/api.w.org\/{rel}","templated":true}]}}