{"id":17153,"date":"2008-03-14T00:00:00","date_gmt":"2008-03-14T00:00:00","guid":{"rendered":"https:\/\/tunisnews.net\/14-mars-2008\/"},"modified":"2008-03-14T00:00:00","modified_gmt":"2008-03-14T00:00:00","slug":"14-mars-2008","status":"publish","type":"post","link":"https:\/\/tunisnews.net\/ar\/14-mars-2008\/","title":{"rendered":"14 mars 2008"},"content":{"rendered":"<p><html><head><meta content=\"text\/html\" description=\"Lors de la visite qu'elle           a rendu jeudi 13 mars \u00e0 son mari, Slim Boukhdhir, journaliste           incarc\u00e9r\u00e9 \u00e0 la prison de Sfax, Dalenda Boukhdhir a pu constater que           l'acharnement des autorit\u00e9s p\u00e9nitentiaires \u00e0 l'endroit de son mari ne\u00a0connaissait           pas de r\u00e9pit\u00a0: ce dernier lui a dit que non seulement il vivait           toujours dans sa cellule infecte et exigu\u00eb, mais aussi que depuis           trois jours, il n'avait plus acc\u00e8s \u00e0 un point d'eau. Les autorit\u00e9s           p\u00e9nitentiaires ont fait couper l'eau, et \u00e0 la diff\u00e9rence de ses co           d\u00e9tenus, il ne peut sortir pour se laver ailleurs.\" http-equiv=\"Content-Type\"\/><\/head><body><body><\/p>\n<p align=\"center\" dir=\"ltr\"><b><a href=\"https:\/\/tunisnews.net\/ar\/\"><span>Home<\/span><span lang=\"FR-CH\"> &#8211; Accueil <\/span><span>&#8211;<\/span><\/a><\/b><\/p>\n<p><font face=\"Arial\" size=\"2\"><span lang=\"FR\"><font><span lang=\"FR\"> <\/p>\n<p><font size=\"3\"> <span lang=\"SV\"><font><\/p>\n<div> <font face=\"Arial\" size=\"2\"> <\/p>\n<div align=\"justify\">     \u00a0<\/p>\n<div>\n<div>  <\/div>\n<p> <span lang=\"FR\"> <\/p>\n<div align=\"center\" dir=\"ltr\"> <font face=\"Arial\"><font size=\"7\"> <span lang=\"SV\"> <strong>TUNISNEWS<\/strong><\/span> <\/font><\/font> <\/div>\n<div align=\"center\" dir=\"ltr\"> <strong><font face=\"Arial\"><font size=\"2\">\u00a08\u00a0\u00e8me\u00a0ann\u00e9e,        <span lang=\"FR\">N\u00b0 \u00a02851 du 14.03.2008<\/span><\/font><\/font><\/strong><\/div>\n<p> <strong> <\/p>\n<div align=\"center\" dir=\"ltr\"> <b><span><blink> <font face=\"Arial\" size=\"2\">\u00a0archives : <\/font> <a href=\"\" target=\"_blank\" rel=\"noopener\"> <font face=\"Arial\" size=\"2\" target=\"_blank\">        www.tunisnews.net<\/font><\/a><\/blink><\/span><\/b><font face=\"Arial\" size=\"2\"> <\/font><font> <span lang=\"FR\"> <span lang=\"FR-CH\"> <font size=\"2\"><font> <font size=\"2\"> <\/font><\/font><\/font><\/span><\/span><\/font><\/div>\n<p> <\/strong><\/span> <span lang=\"FR\"> <span lang=\"FR-CH\"> <span lang=\"FR\"> <\/p>\n<p align=\"left\" dir=\"ltr\">\u00a0<\/p>\n<div> <font><\/p>\n<hr\/>\n<p><\/font> <\/div>\n<p> <font> <span lang=\"FR-CH\"> <span lang=\"FR\"> <span lang=\"FR\"> <span lang=\"FR\"> <font> <\/p>\n<div> <\/div>\n<div> <font size=\"3\"> <span lang=\"EN-US\"> <span lang=\"FR-CH\"> <span lang=\"FR\"><\/p>\n<p><font size=\"3\"><strong> <\/p>\n<div> <font face=\"Arial\" size=\"2\"> <\/p>\n<div>\n<p><font>Luiza Toscane: Acharnement contre Slim             Boukhdhir             <font>Citoyennes des Deux Rives:\u00a0 D\u00e9g\u00e2ts collat\u00e9raux             de la lutte contre le terrorisme<\/font>             AFP: Autriche: la presse sp\u00e9cule sur les exigences des ravisseurs             des touristes              <font>AFP: Enl\u00e8vement dans le Sahara: la Tunisie est             un pays s\u00fbr (ministre du Tourisme)<\/font>              AP: Les ravisseurs des deux touristes autrichiens lancent un             ultimatum \u00e0 Vienne             <font>AFP: L&rsquo;Autriche refuse de n\u00e9gocier pour la             lib\u00e9ration de ses otages au Maghreb<\/font>              Reuters: Sahara &#8211; AQMI lance un ultimatum de 3 jours \u00e0 l&rsquo;Autriche                         <font>Reuters: Vienne rejette les demandes d&rsquo;Al             Qa\u00efda au Maghreb<\/font>             AFP: L&rsquo;Autriche refuse de n\u00e9gocier pour la lib\u00e9ration de ses otages             au Maghre             <font>AFP : L&rsquo;Autriche compte sur ses alli\u00e9s pour             r\u00e9soudre la crise des otages<\/font>             AFP: L&rsquo;Autriche compte sur ses alli\u00e9s pour r\u00e9soudre la crise des             otages              <font>Kalima :L\u2019humoriste H\u00e9di Ouled Baballah             renonce \u00e0 son recours en Cassation apr\u00e8s la confirmation de sa peine             en Appel<\/font>             Kalima: Mohamed Lejmi au Tribunal Sp\u00e9cial pour le Liban             <font>Mouatinoun: Vers une refonte des negociations             sociales<\/font>             Azzouna Jalloul: Le r\u00f4le des intellectuels dans la lutte contre             l\u2019imp\u00e9rialisme am\u00e9ricain au Moyen Orient             <font>Nasreddine Ben Hadid: Un Maghreb, pas si grand             que \u00e7a !!! Ou le d\u00e9sespoir qui d\u00e9senchante<\/font>             Reuters:\u00a0 CIA- Amnesty \u00e9voque le cas d&rsquo;un Y\u00e9m\u00e9nite d\u00e9tenu deux ans             et demi              <font>AFP:Union M\u00e9diterran\u00e9e: Sarkozy se r\u00e9jouit,             reconna\u00eet qu&rsquo;il y a eu \u00ab\u00a0compromis\u00a0\u00bb<\/font>              Reuters: Corrig\u00e9e, l&rsquo;Union m\u00e9diterran\u00e9enne passe le cap europ\u00e9en              <\/font><\/p>\n<p><font>AFP:Union M\u00e9diterran\u00e9e: \u00ab\u00a0pas une             alternative\u00a0\u00bb \u00e0 l&rsquo;entr\u00e9e de la Turquie dans l&rsquo;UE (Barroso)<\/font><font face=\"Arial\" size=\"2\"><\/font><\/div>\n<p> <\/font><\/div>\n<p> <\/strong><\/font><\/p>\n<p><\/span><\/span><\/span><\/font> <\/div>\n<div> <font size=\"3\"> <span lang=\"SV\"> <font><span lang=\"FR-CH\"> <span lang=\"FR-CH\"> <\/span><\/span><\/font><\/span><\/font><\/div>\n<p> <\/font><\/span><\/span><strong> <\/p>\n<div>\n<hr\/><\/div>\n<p> <\/strong><\/span><\/span><\/font><\/span><\/span><\/span> <\/div>\n<div>\n<p><font face=\"Arial\" size=\"2\"> <\/p>\n<div>\n<div align=\"center\"> <font face=\"Arial\" size=\"2\"><strong> <\/p>\n<h2 style=\"color: red;\"><font size=\"3\">Acharnement contre Slim Boukhdhir<\/font><\/h2>\n<p><\/strong> <\/font> <\/div>\n<div>          \u00a0<\/div>\n<div> <font face=\"Arial\" size=\"2\">Lors de la visite qu&rsquo;elle           a rendu jeudi 13 mars \u00e0 son mari, Slim Boukhdhir, journaliste           incarc\u00e9r\u00e9 \u00e0 la prison de Sfax, Dalenda Boukhdhir a pu constater que           l&rsquo;acharnement des autorit\u00e9s p\u00e9nitentiaires \u00e0 l&rsquo;endroit de son mari ne\u00a0connaissait           pas de r\u00e9pit\u00a0: ce dernier lui a dit que non seulement il vivait           toujours dans sa cellule infecte et exigu\u00eb, mais aussi que depuis           trois jours, il n&rsquo;avait plus acc\u00e8s \u00e0 un point d&rsquo;eau. Les autorit\u00e9s           p\u00e9nitentiaires ont fait couper l&rsquo;eau, et \u00e0 la diff\u00e9rence de ses co           d\u00e9tenus, il ne peut sortir pour se laver ailleurs.<\/font><\/div>\n<div> <font face=\"Arial\" size=\"2\">Slim Boukhdhir a alors           envisag\u00e9 une nouvelle gr\u00e8ve de la faim pour protester contre cette           nouvelle atteinte \u00e0 ses droits \u00e9l\u00e9mentaires, projet que ses proches           lui ont propos\u00e9 d&rsquo;abandonner. Et aujourd&rsquo;hui, le couffin de nourriture           qui lui a \u00e9t\u00e9 apport\u00e9 par sa m\u00e8re a \u00e9t\u00e9 accept\u00e9 par l&rsquo;administration           p\u00e9nitentiaire, signe que le d\u00e9tenu aurait consenti \u00e0 renoncer \u00e0 sa           gr\u00e8ve, signe aussi que Slim Boukhdhir renvoie la balle dans le camp           des d\u00e9fenseurs des droits de l&rsquo;homme : \u00e0 nous d&rsquo;exiger que soit mis un           terme \u00e0 ses conditions infra humaines d&rsquo;incarc\u00e9ration, \u00e0 nous de tout           mettre en oeuvre pour sa lib\u00e9ration.           <strong><font>Luiza Toscane<\/font><\/strong><\/font><\/div>\n<div> <font face=\"Arial\" size=\"2\">Ecrivez \u00e0 Slim Boukhdhir<\/font><\/div>\n<div> <font face=\"Arial\" size=\"2\">Num\u00e9ro d&rsquo;\u00e9crou : 27312<\/font><\/div>\n<div> <font face=\"Arial\" size=\"2\">Prison civile de Sfax<\/font><\/div>\n<div> <font face=\"Arial\" size=\"2\">Tunisie<\/font><\/div>\n<\/p><\/div>\n<p> <\/font><\/p>\n<\/div>\n<div>\n<hr\/><\/div>\n<div>\n<div align=\"center\"> <strong><\/p>\n<h2 style=\"color: red;\"><font face=\"Arial\" size=\"3\">D\u00e9g\u00e2ts collat\u00e9raux         de la lutte contre le terrorisme<\/font><\/h2>\n<p><\/strong><\/div>\n<div align=\"justify\">        cher(e)s ami(e)s                  Le 8 mars dernier , nous avons d\u00e9cid\u00e9 d\u2019organiser une rencontre en         solidarit\u00e9\u00a0 avec notre amie Fatma Ksila, secr\u00e9taire g\u00e9n\u00e9rale du Comit\u00e9         pour le\u00a0 Respect des Libert\u00e9s et des Droits de l&rsquo;Homme en Tunisie.         L agression qu&rsquo;elle a subie lors de son r\u00e9cent voyage en Tunisie, ainsi\u00a0         que Madame Samia Abbou, dans le cadre d\u2019une enqu\u00eate sur les affaires de\u00a0         \u00ab terrorisme \u00bb que toutes deux menaient pour le compte du CRLDHT, s&rsquo;est\u00a0         traduite par une gr\u00e8ve de la faim de la part des deux militantes en\u00a0         r\u00e9action et protestation, une gr\u00e8ve de la faim solidaire a \u00e9t\u00e9 aussit\u00f4t\u00a0         suivie par quinze autres militantes tunisiennes.         Nous souhaitons aujourd&rsquo;hui t\u00e9moigner \u00e0 notre tour ici \u00e0 Paris notre\u00a0         solidarit\u00e9 et notre amiti\u00e9 \u00e0 Fatma. Nous avons envie d&rsquo;exprimer notre\u00a0         respect pour cette militante et notre bonheur de la voir de retour parmi\u00a0         nous. Les pressions physiques mais aussi psychologiques exerc\u00e9es sur\u00a0         elle et sur son entourage familial, profond\u00e9ment affect\u00e9 par cette\u00a0         histoire, nous touchent et nous horrifient. Son courage et son          engagement nous \u00e9meuvent.         Au nom de toutes celles qui subissent ce type de harc\u00e8lement, au nom de\u00a0         leurs familles, au nom de Fatma, nous vous proposons de nous r\u00e9unir ce\u00a0         lundi 17 mars en un moment festif et chaleureux qui sera aussi\u00a0         l&rsquo;occasion de discuter avec elle et de l&rsquo;\u00e9couter, de planifier enfin un\u00a0         \u00e9v\u00e8nement ult\u00e9rieur, ensemble avec d&rsquo;autres organisations.<\/div>\n<div align=\"justify\"> <strong><font>Lundi 17 mars \u00e0 18H00         3 rue de Nantes, Paris 19e         M\u00e9tro Crim\u00e9e<\/font><\/strong><\/div>\n<div align=\"justify\"> <font face=\"Arial\" size=\"2\"><strong>Citoyennes des Deux         Rives<\/strong><\/font><\/div>\n<\/p><\/div>\n<div>      \u00a0<\/div>\n<div>\n<hr\/><\/div>\n<div>      \u00a0<\/div>\n<div align=\"center\"> <font><strong>Jeudi 13 mars 2008<\/strong><\/font><font><strong>\u00a0       <\/strong><\/font><strong><font>AFP \u00e0 11h07       <\/font><\/p>\n<h2 style=\"color: red;\"><font size=\"3\">Autriche: la presse sp\u00e9cule sur les       exigences des ravisseurs des touristes<\/font><\/h2>\n<p><\/strong><\/div>\n<div>      \u00a0<\/div>\n<div> <font><strong>VIENNE, 13 mars 2008 (AFP) &#8211;<\/strong><\/font>       La presse autrichienne s&rsquo;interrogeait jeudi sur les exigences des       ravisseurs de deux touristes autrichiens, disparus en Tunisie depuis la       mi-f\u00e9vrier et dont le groupe terroriste Al-Qa\u00efda au Maghreb a revendiqu\u00e9       l&rsquo;enl\u00e8vement.       Se r\u00e9f\u00e9rant \u00e0 l&rsquo;institut am\u00e9ricain Site intelligence group qui analyse des       sites internet li\u00e9s \u00e0 la mouvance islamique, le quotidien \u00d6sterreich       avance qu&rsquo;un \u00ab\u00a0\u00e9change de prisonniers\u00a0\u00bb avec un couple d&rsquo;islamistes       autrichiens condamn\u00e9 mercredi \u00e0 Vienne pourrait \u00eatre propos\u00e9 \u00e0 l&rsquo;Etat       autrichien. Mohamed M. et Mona S. ont \u00e9t\u00e9 condamn\u00e9s respectivement \u00e0 4 ans       et 22 mois de prison pour avoir diffus\u00e9 sur internet une vid\u00e9o       appelant \u00e0 des attentats en Autriche et en Allemagne si ces pays ne       retiraient pas leurs troupes d&rsquo;Afghanistan. \u00ab\u00a0Une ran\u00e7on de cinq millions       de dollars par otage est courante dans de tels cas d&rsquo;enl\u00e8vement\u00a0\u00bb, rapporte       \u00e9galement un expert allemand en s\u00e9curit\u00e9 interrog\u00e9 par le quotidien Krone       Zeitung. Le ministre autrichien de l&rsquo;Int\u00e9rieur, G\u00fcnther Platter, avait       indiqu\u00e9 mardi ne pas avoir re\u00e7u de revendication.       Le minist\u00e8re des Affaires \u00e9trang\u00e8res parle lui \u00ab\u00a0d&rsquo;enl\u00e8vement pr\u00e9sum\u00e9\u00a0\u00bb. Il       a n\u00e9anmoins renforc\u00e9 les effectifs de son ambassade \u00e0 Tunis.       Les diplomates autrichiens \u00e9tudient aussi la piste malienne, apr\u00e8s des       r\u00e9v\u00e9lations de la presse alg\u00e9rienne mardi indiquant que les ravisseurs       avaient pris le chemin de ce pays.       Le Krone Zeitung indique qu&rsquo;un membre du Service de protection de la       Constitution et de lutte contre le terrorisme (BVT) a \u00e9t\u00e9 envoy\u00e9 en       Tunisie, le quotidien gratuit Heute parlant m\u00eame de       plusieurs membres du BVT sur place.       Wolfgang Ebner, 51 ans, et Andrea Kloiber, 44 ans, n&rsquo;ont plus donn\u00e9 signe       de vie depuis le 18 f\u00e9vrier. Ils circulaient alors dans le sud de la       Tunisie \u00e0 bord d&rsquo;un 4&#215;4. Le 10 mars, dans un enregistrement diffus\u00e9 par la       cha\u00eene de t\u00e9l\u00e9vision du Qatar Al-Jazira, un porte-parole d&rsquo;Al-Qa\u00efda au       Maghreb, Salah Abou Mohammad, avait affirm\u00e9 que son groupe avait \u00ab\u00a0enlev\u00e9       le 22 f\u00e9vrier en Tunisie un couple autrichien\u00a0\u00bb.       Les deux touristes, qu&rsquo;il avait identifi\u00e9s comme \u00e9tant Wolfgang Ebner et       Andrea Kloiber, \u00ab\u00a0sont en bonne sant\u00e9 et sont bien trait\u00e9s\u00a0\u00bb, avait-il       assur\u00e9.       <font><strong>\u00a0       AFP<\/strong><\/font><\/div>\n<div>\n<hr\/><\/div>\n<div align=\"center\"> <strong><\/p>\n<p><font><font>AFP \u00e0 19h07       <\/font>Enl\u00e8vement dans le Sahara: la Tunisie est un pays s\u00fbr (ministre du       Tourisme)<\/font><\/p>\n<p><\/strong><\/div>\n<div>      \u00a0<\/div>\n<div>             \u00a0<font><strong>PARIS, 13 mars 2008 (AFP) &#8211;<\/strong><\/font>       Les touristes sont \u00ab\u00a0en s\u00e9curit\u00e9 en Tunisie\u00a0\u00bb o\u00f9 ils peuvent voyager sans       crainte, a assur\u00e9 jeudi \u00e0 l&rsquo;AFP le ministre tunisien du Tourisme Khelil       Lajimi, faisant \u00e9tat d'\u00a0\u00bbaucune annulation\u00a0\u00bb \u00e0 la suite de l&rsquo;enl\u00e8vement dans       le Sahara de deux touristes autrichiens. \u00ab\u00a0Nous n&rsquo;avons aucune inqui\u00e9tude       pour l&rsquo;avenir du tourisme en Tunisie et n&rsquo;avons re\u00e7u aucune demande       d&rsquo;annulation de la part des       tour-op\u00e9rateurs de nos principaux march\u00e9s\u00a0\u00bb, a-t-il d\u00e9clar\u00e9 en marge du       Salon international du tourisme MAP &#8211; Le Monde \u00e0 Paris. Avec plus de 1,3       million de visiteurs, les Fran\u00e7ais constituent le plus gros contingent des       6,8 millions de touristes accueillis en Tunisie en 2007, suivis des       Allemands, Italiens, Espagnols et Britanniques.       \u00ab\u00a0Nous sommes en contact avec les tour-op\u00e9rateurs, et il n&rsquo;y a eu aucune       annulation sur le march\u00e9 germanophone ou en France\u00a0\u00bb, a-t-il relev\u00e9.       Le couple autrichien, parti en 4X4 pour explorer le Sahara, a \u00e9t\u00e9 enlev\u00e9       le 22 f\u00e9vrier sur le sol tunisien, selon une revendication d&rsquo;Al-Qa\u00efda,       affirmation mise en doute par le gouvernement tunisien.       \u00ab\u00a0Nous avons entam\u00e9 des recherches, avec des brigades sur dromadaires et       des patrouilles a\u00e9riennes, ils ne sont pas sur le sol tunisien\u00a0\u00bb, a d\u00e9clar\u00e9       le ministre. \u00ab\u00a0Les touristes autrichiens sont partis \u00e0 l&rsquo;aventure, tout       seuls, sans guide, et sans informer les autorit\u00e9s tunisiennes de leur       itin\u00e9raire\u00a0\u00bb, a-t-il fait valoir. \u00ab\u00a0Les conditions d&rsquo;entr\u00e9e au Sahara sont       tr\u00e8s pr\u00e9cises: il faut se d\u00e9clarer au commissariat r\u00e9gional du tourisme,       avoir des \u00e9quipements sp\u00e9cifiques et se doter d&rsquo;un guide. Malheureusement,       les Autrichiens sont entr\u00e9s dans le Sahara sans demander l&rsquo;autorisation\u00a0\u00bb,       a-t-il poursuivi.       \u00ab\u00a0Les consignes de s\u00e9curit\u00e9 pour le Sahara ont \u00e9t\u00e9 renforc\u00e9es\u00a0\u00bb, \u00e0 savoir il       faudra d\u00e9sormais \u00ab\u00a0des guides certifi\u00e9s et sp\u00e9cialis\u00e9s dans le Sahara, des       GPS et de t\u00e9l\u00e9phones satellitaires pour \u00e9viter que des touristes ne se       perdent dans le d\u00e9sert\u00a0\u00bb, a relev\u00e9 M. Lajimi.       Selon des donn\u00e9es arr\u00eat\u00e9es le 10 mars, le nombre de visiteurs en Tunisie a       augment\u00e9 de 5,5% depuis le d\u00e9but de l&rsquo;ann\u00e9e, selon le ministre.       \u00a0       <font><strong>AFP<\/strong><\/font><\/div>\n<div>\n<hr\/><\/div>\n<div align=\"center\"> <strong><\/p>\n<p><font><font>Associated Press \u00e0       22h12       <\/font>Les ravisseurs des deux touristes autrichiens lancent un ultimatum       \u00e0 Vienne<\/font><\/p>\n<p><\/strong><\/div>\n<div>      \u00a0<\/div>\n<div> <font><strong>LE CAIRE (AP) &#8212;<\/strong><\/font> Le groupe       arm\u00e9 relevant de la branche d&rsquo;Al-Qa\u00efda au Maghreb islamique (AQMI) qui a       revendiqu\u00e9 l&rsquo;enl\u00e8vement de deux touristes autrichiens dans le sud tunisien       a pos\u00e9 jeudi des conditions \u00e0 leur lib\u00e9ration et fix\u00e9 un ultimatum de       trois pour \u00e0 Vienne pour leur satisfaction.       Dans un communiqu\u00e9 mis en ligne sur Internet comportant six photographies       apparemment de Wolfgang Ebner et Andrea Kloiber, le groupe arm\u00e9, qui se       pr\u00e9sente sous le nom \u00ab\u00a0Yahya Abou Ammar\u00a0\u00bb, affirme que les deux touristes       seront lib\u00e9r\u00e9s si tous les membres de l&rsquo;organisation d\u00e9tenus dans les       prisons tunisiennes et alg\u00e9riennes retrouvent la libert\u00e9. Il fixe aux       autorit\u00e9s autrichiennes un ultimatum de trois jours \u00e0       partir de minuit jeudi.       \u00ab\u00a0L&rsquo;Autriche est responsable de la vie des deux otages au cas o\u00f9       l&rsquo;ultimatum expirerait et o\u00f9 elle ne satisferait pas \u00e0 nos exigences\u00a0\u00bb,       affirme le mouvement, invitant les familles des otages \u00e0 faire pression       sur le gouvernement de Vienne.       Les deux ressortissants autrichiens, un couple originaire de Salsbourg,       sont port\u00e9s disparus depuis la mi-f\u00e9vrier, date de leur dernier contact       t\u00e9l\u00e9phonique, alors qu&rsquo;ils effectuaient une randonn\u00e9e dans le sud tunisien,       limitrophe des fronti\u00e8res alg\u00e9rienne et libyenne.       Le quotidien alg\u00e9rien \u00ab\u00a0Ennahar\u00a0\u00bb sur son site Internet (www.ennaharonline.com).       a rapport\u00e9 mardi que les ravisseurs avaient pu regagner leur base arri\u00e8re       dans le Sahel, en territoire malien, apr\u00e8s avoir travers\u00e9 pendant quatre       jours les territoires alg\u00e9riens.       L&rsquo;authenticit\u00e9 du message restait \u00e0 confirmer, m\u00eame s&rsquo;il a \u00e9t\u00e9 mis en       ligne sur un site li\u00e9 au groupe. \u00ab\u00a0Yahya Abou Ammar\u00a0\u00bb y indique avoir       inform\u00e9 le gouvernement autrichien de ses exigences et avoir       remis \u00e0 des \u00ab\u00a0n\u00e9gociateurs\u00a0\u00bb la liste de ses membres emprisonn\u00e9s en Alg\u00e9rie       et en Tunisie. Il invite \u00e9galement les touristes occidentaux \u00e0 \u00e9viter le       Maghreb. La femme figurant sur les photographies, dont les ravisseurs       affirment qu&rsquo;il s&rsquo;agit d&rsquo;Andrea Kloiber bien que son visage soit cach\u00e9,       porte un foulard bleu. Les deux otages sont entour\u00e9s par des militants,       certains masqu\u00e9s, portant des lance-grenades. Ils sont       assis au sol dans un paysage de d\u00e9sert.\u00a0<font><strong><\/strong><\/font><\/div>\n<div>\n<hr\/><\/div>\n<div align=\"center\"> <strong><\/p>\n<h2 style=\"color: red;\"><font><font>AFP \u00e0 11h17       <\/font>L&rsquo;Autriche refuse de n\u00e9gocier pour la lib\u00e9ration de ses otages au       Maghreb<\/font><\/h2>\n<p><\/strong><\/div>\n<div>      \u00a0<\/div>\n<div> <font><strong>\u00a0BRUXELLES, 14 mars 2008 (AFP) &#8211;<\/strong><\/font>       Le chancelier autrichien Alfre Gusenbauer a rejet\u00e9 vendredi toute id\u00e9e de       n\u00e9gociation avec la branche d&rsquo;Al-Qa\u00efda au Maghreb sur la lib\u00e9ration de ses       deux ressortissants enlev\u00e9s en Tunisie, r\u00e9clamant leur lib\u00e9ration       imm\u00e9diate et \u00ab\u00a0sans condition\u00a0\u00bb.       \u00a0       \u00ab\u00a0L&rsquo;Autriche ne n\u00e9gocie pas avec des terroristes\u00a0\u00bb, a-t-il d\u00e9clar\u00e9 \u00e0 la       presse en arrivant \u00e0 un sommet des dirigeants europ\u00e9ens \u00e0 Bruxelles.       \u00a0       \u00ab\u00a0Nous n&rsquo;avons pas l&rsquo;intention de r\u00e9pondre aux exigences\u00a0\u00bb des ravisseurs,       a-t-il ajout\u00e9, soulignant que de toutes fa\u00e7ons elles \u00ab\u00a0ne pouvaient pas       \u00eatre remplies\u00a0\u00bb par l&rsquo;Autriche.       \u00a0       La branche nord-africaine du r\u00e9seau Al-Qa\u00efda a exig\u00e9 jeudi la lib\u00e9ration       de prisonniers en Tunisie et en Alg\u00e9rie en \u00e9change de celle de deux       touristes autrichiens qu&rsquo;elle d\u00e9tient, fixant un d\u00e9lai de trois jours et       mena\u00e7ant la vie des otages si elle n&rsquo;obtient pas satisfaction.       \u00a0       \u00ab\u00a0Nous demandons la lib\u00e9ration imm\u00e9diate et sans condition de ces otages\u00a0\u00bb,       a ajout\u00e9 le chef du gouvernement autrichien, pr\u00e9cisant qu&rsquo;il allait       demander le soutien de ses partenaires de l&rsquo;UE lors du sommet.       \u00a0       Il a \u00e9galement rejet\u00e9 l&rsquo;id\u00e9e de verser une ran\u00e7on aux ravisseurs, se       disant oppos\u00e9 \u00e0 l&rsquo;utilisation \u00ab\u00a0de fonds publics autrichiens\u00a0\u00bb dans cette       affaire.       \u00a0       L&rsquo;ultimatum des ravisseurs, qui court depuis jeudi minuit, expire dimanche       \u00e0 minuit. Al-Qa\u00efda au Maghreb a revendiqu\u00e9 l&rsquo;enl\u00e8vement de deux touristes       autrichiens le 22 f\u00e9vrier en Tunisie et a lanc\u00e9 un avertissement aux       touristes occidentaux pour qu&rsquo;ils ne se rendent pas dans ce pays.       \u00a0       Les deux otages autrichiens sont, selon le message d&rsquo;Al-Qa\u00efda et la presse       autrichienne, Wolfgang Ebner, 51 ans et Andrea Kloiber, 44 ans. \u00ab\u00a0Nous       condamnons l&rsquo;enl\u00e8vement des otages autrichiens\u00a0\u00bb, a ajout\u00e9 M. Gusenbauer,       soulignant que \u00ab\u00a0pour nous leur vie et leur sant\u00e9 sont de la plus haute       importance\u00a0\u00bb.<font><strong><\/strong><\/font><\/div>\n<div>\n<hr\/><\/div>\n<div align=\"center\">\n<p><font><strong><font>Vendredi 14 mars 2008<\/font>             \u00a0       <font>REUTERS \u00e0 01h51       <\/font><font size=\"3\">Sahara &#8211; AQMI lance un ultimatum de 3 jours \u00e0       l&rsquo;Autriche<\/font><\/strong><\/font><\/p>\n<\/div>\n<div>      \u00a0<\/div>\n<div> <font><strong>par Inal Ersan<\/strong><\/font>       \u00a0       DOUBAI, 13 mars (Reuters) &#8211; Al Qa\u00efda au Maghreb islamique (AQMI) annonce       jeudi, dans un message diffus\u00e9 sur internet, avoir donn\u00e9 trois jours \u00e0       l&rsquo;Autriche pour lib\u00e9rer certains de ses militants en Alg\u00e9rie et en Tunisie       en \u00e9change de la lib\u00e9ration de deux randonneurs autrichiens captur\u00e9s au       Sahara. Dans ce message diffus\u00e9 sur un site islamiste, AQMI d\u00e9clare avoir       inform\u00e9 le gouvernement de Vienne de cet ultimatum qui       d\u00e9butera jeudi \u00e0 minuit. Aucun fuseau horaire n&rsquo;est pr\u00e9cis\u00e9. La ministre       autrichienne des Affaires \u00e9trang\u00e8res, Ursula Plassnik, a d\u00e9clar\u00e9 que \u00ab\u00a0les       ravisseurs avaient formul\u00e9 des demandes politiques dont la satisfaction ne       tombe pas dans le domaine de responsabilit\u00e9 de l&rsquo;Autriche\u00a0\u00bb. \u00ab\u00a0N\u00e9anmoins,       nous avons pris les mesures appropri\u00e9es afin de pr\u00e9server les vies, le       bien-\u00eatre physique des otages. C&rsquo;est tout       ce que je peux dire pour le moment\u00a0\u00bb, a-t-elle dit \u00e0 la t\u00e9l\u00e9vision       autrichienne \u00e0 Bruxelles.       L&rsquo;organisation islamiste d\u00e9clare dans son communiqu\u00e9 que \u00ab\u00a0l&rsquo;Autriche       serait responsable de la vie de ces deux otages si le d\u00e9lai passe sans que       nos revendications soient satisfaites\u00a0\u00bb. \u00ab\u00a0De la m\u00eame mani\u00e8re que vous avez       \u00e0 coeur la s\u00e9curit\u00e9 de vos citoyens, nous avons \u00e0 coeur de lib\u00e9rer nos       fr\u00e8res qui subissent les formes les plus abjectes de tortures dans les       prisons de Tunisie (&#8230;) et d&rsquo;Alg\u00e9rie\u00a0\u00bb, poursuit-elle.       \u00a0       <font><strong>MISE EN GARDE AUX TOURISTES POUR TOUT LE       MAGHREB<\/strong><\/font>       \u00a0       \u00ab\u00a0Nous demandons aux familles des otages et \u00e0 l&rsquo;opinion publique       autrichienne de faire pression sur (le gouvernement) de leur pays pour       qu&rsquo;il satisfasse les demandes des moudjahidine afin de pr\u00e9server les vies       des deux touristes.\u00a0\u00bb       Elle pr\u00e9cise que ses demandes, ainsi qu&rsquo;une liste des noms des prisonniers       qu&rsquo;elle veut voir rel\u00e2ch\u00e9s, a \u00e9t\u00e9 transmise aux autorit\u00e9s autrichiennes       via des interm\u00e9diaires non identifi\u00e9s. Le groupe a diffus\u00e9 les images de       ce couple de touristes qu&rsquo;il dit avoir enlev\u00e9 le 22 f\u00e9vrier en Tunisie.       Selon les m\u00e9dias autrichiens, il s&rsquo;agit d&rsquo;Andrea Kloiber, 43 ans, et       d&rsquo;Aolfgang Ebner, 51 ans.       Le visage de la femme, qui porte sur les cheveux un foulard bleu, a \u00e9t\u00e9 \u00ab\u00a0flout\u00e9\u00a0\u00bb       par ordinateur, sans doute pour se conformer \u00e0 une interpr\u00e9tation aust\u00e8re       de l&rsquo;islam imposant aux femmes de cacher leur visage.       L&rsquo;organisation islamiste, qui m\u00e8ne une violente campagne contre les forces       gouvernementales et les int\u00e9r\u00eats \u00e9trangers en Afrique du Nord, a dit que       ses membres avaient \u00e9t\u00e9 emprisonn\u00e9s pour s&rsquo;\u00eatre oppos\u00e9s \u00e0 \u00ab\u00a0la nouvelle       croisade contre l&rsquo;islam\u00a0\u00bb.       Al Qa\u00efda a dit avoir captur\u00e9 les deux otages le 22 f\u00e9vrier et a recommand\u00e9       aux touristes occidentaux de ne pas se rendre en Tunisie. Le nouveau       communiqu\u00e9 \u00e9tend cette mise en garde au reste du Maghreb: Maroc,       Mauritanie et Alg\u00e9rie.       Un journal alg\u00e9rien rapportait mardi que les touristes autrichiens avaient       peut-\u00eatre \u00e9t\u00e9 transf\u00e9r\u00e9s par leurs ravisseurs au Mali, via le d\u00e9sert du       Sahara.    <\/div>\n<div> <font>\u00a0<\/font><\/div>\n<div align=\"center\"> <\/div>\n<div>\n<hr\/><\/div>\n<div align=\"center\">\n<h3 style=\"color: blue;\"><font size=\"3\"><strong> <font size=\"2\">REUTERS \u00e0 10h31       <\/font><font size=\"3\">Vienne rejette les demandes d&rsquo;Al Qa\u00efda au Maghreb<\/font><\/strong><\/font><\/h3>\n<\/div>\n<div>      \u00a0<\/div>\n<div align=\"justify\"> <font><strong>BRUXELLES, 14 mars (Reuters) &#8211;<\/strong><\/font>       Le chancelier autrichien Alfred Gusenbauer a exhort\u00e9 vendredi la branche       d&rsquo;Al Qa\u00efda au Maghreb \u00e0 rel\u00e2cher deux touristes autrichiens sans condition       et il a rejet\u00e9 leurs demandes de lib\u00e9ration d&rsquo;activistes       emprisonn\u00e9s en Alg\u00e9rie et en Tunisie.\u00a0\u00a0\u00ab\u00a0Notre priorit\u00e9 est la sant\u00e9 de ces       otages. Nous lan\u00e7ons donc un appel aux ravisseurs pour qu&rsquo;ils lib\u00e8rent les       otages sans condition\u00a0\u00bb, a d\u00e9clar\u00e9 le chef du gouvernement en marge du       conseil europ\u00e9en de Bruxelles.        L&rsquo;Autriche est en contact avec les autorit\u00e9s de la r\u00e9gion mais \u00ab\u00a0n&rsquo;a pas       l&rsquo;intention de r\u00e9pondre aux demandes\u00a0\u00bb des ravisseurs, a-t-il ajout\u00e9.        Dans un message transmis sur internet, Al Qa\u00efda au Maghreb islamique a       donn\u00e9 trois jours \u00e0 l&rsquo;Autriche, \u00e0 partir de jeudi minuit, pour lib\u00e9rer       plusieurs activistes dont il dit avoir fourni la liste.<\/div>\n<div>\n<hr\/><\/div>\n<div align=\"center\">\n<h3 style=\"color: blue;\"><font><strong><font>AFP \u00e0 11h17       <\/font><font size=\"3\">L&rsquo;Autriche refuse de n\u00e9gocier pour la lib\u00e9ration de       ses otages au Maghreb<\/font><\/strong><\/font><\/h3>\n<\/div>\n<div>      \u00a0<\/div>\n<div align=\"justify\"> <font><strong>\u00a0BRUXELLES, 14 mars 2008 (AFP)<\/strong><\/font>       &#8211; Le chancelier autrichien Alfred Gusenbauer a rejet\u00e9 vendredi toute id\u00e9e       de n\u00e9gociation avec la branche d&rsquo;Al-Qa\u00efda au Maghreb sur la lib\u00e9ration de       ses deux ressortissants enlev\u00e9s en Tunisie, r\u00e9clamant leur lib\u00e9ration       imm\u00e9diate et \u00ab\u00a0sans condition\u00a0\u00bb.       \u00ab\u00a0L&rsquo;Autriche ne n\u00e9gocie pas avec des terroristes\u00a0\u00bb, a-t-il d\u00e9clar\u00e9 \u00e0 la       presse en arrivant \u00e0 un sommet des dirigeants europ\u00e9ens \u00e0 Bruxelles.       \u00ab\u00a0Nous n&rsquo;avons pas l&rsquo;intention de r\u00e9pondre aux exigences\u00a0\u00bb des ravisseurs,       a-t-il ajout\u00e9, soulignant que de toutes fa\u00e7ons elles \u00ab\u00a0ne pouvaient pas       \u00eatre remplies\u00a0\u00bb par l&rsquo;Autriche. La branche nord-africaine du r\u00e9seau       Al-Qa\u00efda a exig\u00e9 jeudi la lib\u00e9ration de prisonniers en Tunisie et en       Alg\u00e9rie en \u00e9change de celle de deux touristes autrichiens qu&rsquo;elle d\u00e9tient,       fixant un d\u00e9lai de trois jours et mena\u00e7ant la vie des otages si elle       n&rsquo;obtient pas satisfaction.       \u00ab\u00a0Nous demandons la lib\u00e9ration imm\u00e9diate et sans condition de ces otages\u00a0\u00bb,       a ajout\u00e9 le chef du gouvernement autrichien, pr\u00e9cisant qu&rsquo;il allait       demander le soutien de ses partenaires de l&rsquo;UE lors du sommet.       Il a \u00e9galement rejet\u00e9 l&rsquo;id\u00e9e de verser une ran\u00e7on aux ravisseurs, se       disant oppos\u00e9 \u00e0 l&rsquo;utilisation \u00ab\u00a0de fonds publics autrichiens\u00a0\u00bb dans cette       affaire. L&rsquo;ultimatum des ravisseurs, qui court depuis jeudi minuit,       expire dimanche \u00e0 minuit.       Al-Qa\u00efda au Maghreb a revendiqu\u00e9 l&rsquo;enl\u00e8vement de deux touristes       autrichiens le 22 f\u00e9vrier en Tunisie et a lanc\u00e9 un avertissement aux       touristes occidentaux pour qu&rsquo;ils ne se rendent pas dans ce pays.       Les deux otages autrichiens sont, selon le message d&rsquo;Al-Qa\u00efda et la presse       autrichienne, Wolfgang Ebner, 51 ans et Andrea Kloiber, 44 ans.       \u00ab\u00a0Nous condamnons l&rsquo;enl\u00e8vement des otages autrichiens\u00a0\u00bb, a ajout\u00e9 M.       Gusenbauer, soulignant que \u00ab\u00a0pour nous leur vie et leur sant\u00e9 sont de la       plus haute importance\u00a0\u00bb. <\/p>\n<hr\/><\/div>\n<div align=\"justify\">\n<div align=\"center\" dir=\"ltr\"> <strong><font>\u00a0AFP \u00e0 11h49<\/font><\/strong> <\/p>\n<h3 style=\"color: blue;\"><font size=\"3\"><strong>L&rsquo;Autriche compte sur ses alli\u00e9s         pour r\u00e9soudre la crise des otages<\/strong><\/font><\/h3>\n<p> \u00a0<\/p><\/div>\n<div dir=\"ltr\">        L&rsquo;Autriche refuse de n\u00e9gocier pour obtenir la lib\u00e9ration de ses deux         ressortissants d\u00e9tenus par la branche de l&rsquo;organisation islamiste         Al-Qa\u00efda au Maghreb et compte, comme pour une autre prise d&rsquo;otage en         Irak, sur les services de renseignement de ses alli\u00e9s pour l&rsquo;aider \u00e0         r\u00e9soudre cette crise.         A cet effet, le chancelier autrichien Alfred Gusenbauer a demand\u00e9         vendredi l&rsquo;aide des services secrets des autres pays de l&rsquo;Union         europ\u00e9enne (UE) en marge du sommet de Bruxelles, a annonc\u00e9 le pr\u00e9sident         fran\u00e7ais Nicolas Sarkozy au cours d&rsquo;une conf\u00e9rence de presse. Ce dernier         a assur\u00e9 l&rsquo;Autriche du \u00ab\u00a0soutien plein et entier\u00a0\u00bb de la France, notamment         \u00ab\u00a0par le biais de la DGSE\u00a0\u00bb (ndlr: service d&rsquo;espionnage fran\u00e7ais), bien         implant\u00e9e en Afrique du Nord.         Le matin, Alfred Gusenbauer avait exig\u00e9 \u00ab\u00a0la lib\u00e9ration imm\u00e9diate et sans         condition de ces otages\u00a0\u00bb, soulignant que \u00ab\u00a0l&rsquo;Autriche ne n\u00e9gocie pas avec         des terroristes\u00a0\u00bb.         Le 13 mars, la branche d&rsquo;Al-Qa\u00efda au Maghreb avait fix\u00e9 un ultimatum aux         autorit\u00e9s autrichiennes: la lib\u00e9ration d&rsquo;ici \u00e0 dimanche minuit de         militants li\u00e9s \u00e0 la mouvance d\u00e9tenus en Alg\u00e9rie et en Tunisie en \u00e9change         du couple d&rsquo;Autrichiens, disparu depuis la mi-f\u00e9vrier en Tunisie. Le         groupe indiquait \u00e9galement que \u00ab\u00a0l&rsquo;Autriche \u00e9tait responsable de la vie         des deux otages si les revendications n&rsquo;\u00e9taient pas satisfaites\u00a0\u00bb.         De source proche de l&rsquo;\u00e9tat-major de crise constitu\u00e9 \u00e0 Vienne par les         autorit\u00e9s autrichiennes, on indique vendredi soir que les ravisseurs ont         aussi exig\u00e9 le versement d&rsquo;une ran\u00e7on, dont le montant n&rsquo;a pas \u00e9t\u00e9         pr\u00e9cis\u00e9.         Pour sa part, le chef de la police antiterroriste de la r\u00e9gion de         Salzbourg, d&rsquo;o\u00f9 sont originaires les otages, Burkhard Vouk, a indiqu\u00e9 \u00e0         la radio publique ORF que des \u00ab\u00a0contacts avaient \u00e9t\u00e9 \u00e9tablis\u00a0\u00bb avec les         ravisseurs, sans autre pr\u00e9cision.         Les photos de Wolfgang Ebner, 51 ans, un sp\u00e9cialiste du d\u00e9sert, et de sa         compagne, Andrea Kloiber, 44 ans, diffus\u00e9es sur Internet comme preuve         par le groupe islamiste, s&rsquo;\u00e9talaient vendredi dans la presse         autrichienne. Les deux otages apparaissent sur fond de d\u00e9sert en habits         traditionnels arabes et entour\u00e9s de militants arm\u00e9s.         Le lieu de d\u00e9tention des deux touristes reste une des incertitudes.         L&rsquo;Alg\u00e9rie et la Tunisie contestent la pr\u00e9sence des otages sur leur         territoire respectif et se renvoient la balle, l&rsquo;Alg\u00e9rie accusant         notamment la Tunisie de vouloir pr\u00e9server son secteur touristique. Selon         d&rsquo;autres informations, le groupe terroriste se serait d\u00e9plac\u00e9 jusqu&rsquo;au         Mali. Selon le chef de la police antiterroriste de Salzbourg, des         enqu\u00eateurs s&rsquo;efforcent de localiser les otages \u00e0 partir de leurs         t\u00e9l\u00e9phones portables.         Afin de r\u00e9soudre la crise, l&rsquo;Autriche a renforc\u00e9 cette semaine son         r\u00e9seau diplomatique en Tunisie et envoy\u00e9 un membre du Service de         protection de la Constitution et de lutte contre le terrorisme \u00ab\u00a0dans la         r\u00e9gion, mais pas \u00e0 Tunis\u00a0\u00bb, a pr\u00e9cis\u00e9 \u00e0 l&rsquo;AFP un porte-parole du         minist\u00e8re de l&rsquo;Int\u00e9rieur, Rudolf Gollia.         Non dot\u00e9e de service secret d&rsquo;envergure, l&rsquo;Autriche est largement         tributaire en la mati\u00e8re de ses alli\u00e9s: \u00ab\u00a0Nous sommes int\u00e9ress\u00e9s par tout         \u00e9change d&rsquo;informations\u00a0\u00bb, a indiqu\u00e9 Rudolf Gollia.         Vendredi, le porte-parole du minist\u00e8re des Affaires \u00e9trang\u00e8res, Peter         Launsky-Tieffenthal, \u00e9voquait \u00ab\u00a0des \u00e9changes d&rsquo;exp\u00e9riences\u00a0\u00bb entre les         responsables autrichiens et leurs homologues fran\u00e7ais et allemand, en         marge du sommet europ\u00e9en de Bruxelles.         La d\u00e9pendance autrichienne par rapport aux services de renseignement de         ses alli\u00e9s est flagrante dans un autre cas de prise d&rsquo;otage, en Irak:         Bert Nussbaumer, un salari\u00e9 autrichien d&rsquo;une soci\u00e9t\u00e9 de s\u00e9curit\u00e9, a \u00e9t\u00e9         enlev\u00e9 en 2006 avec quatre coll\u00e8gues am\u00e9ricains dans le sud du pays et         les autorit\u00e9s autrichiennes sont pour ce cas en \u00e9troite relation avec         les autorit\u00e9s am\u00e9ricaines et britanniques.         AFP\/SITE \u00a6 Capture d&rsquo;\u00e9cran transmise par SITE montrant Wolfgang Ebner         (c) et une femme dont le visage est cach\u00e9 mais qui pourrait \u00eatre Andrea         Kloiber         \u00a0<\/div>\n<\/p><\/div>\n<div>\n<hr\/><\/div>\n<div align=\"center\"> <strong><\/p>\n<h3 style=\"color: blue;\"><font><font>AFP \u00e0 15h27       <\/font><font size=\"3\">L&rsquo;Autriche compte sur ses alli\u00e9s pour r\u00e9soudre la       crise des otages<\/font><\/font><\/h3>\n<p><\/strong><\/div>\n<div>      \u00a0<\/div>\n<div align=\"justify\"> <font><strong>Par Luc ANDRE       <\/strong><\/font>\u00a0       VIENNE, 14 mars 2008 (AFP) &#8211; L&rsquo;Autriche refuse de n\u00e9gocier pour obtenir la       lib\u00e9ration de ses deux ressortissants d\u00e9tenus par la branche d&rsquo;Al-Qa\u00efda au       Maghreb et compte, comme pour une autre prise       d&rsquo;otage en Irak, sur les services de renseignement de ses alli\u00e9s pour       l&rsquo;aider \u00e0 r\u00e9soudre cette crise.       A cet effet, le chancelier autrichien Alfred Gusenbauer a demand\u00e9 vendredi       l&rsquo;aide des services secrets des autres pays de l&rsquo;Union europ\u00e9enne en marge       du sommet de Bruxelles, a annonc\u00e9 le pr\u00e9sident fran\u00e7ais Nicolas Sarkozy au       cours d&rsquo;une conf\u00e9rence de presse.       Ce dernier a assur\u00e9 l&rsquo;Autriche du \u00ab\u00a0soutien plein et entier\u00a0\u00bb de la France,       notamment \u00ab\u00a0par le biais de la DGSE\u00a0\u00bb (ndlr: service d&rsquo;espionnage fran\u00e7ais),       bien implant\u00e9e en Afrique du Nord. Le matin, Alfred Gusenbauer avait exig\u00e9       \u00ab\u00a0la lib\u00e9ration imm\u00e9diate et sans condition de ces otages\u00a0\u00bb, soulignant que       \u00ab\u00a0l&rsquo;Autriche ne n\u00e9gocie pas avec des terroristes\u00a0\u00bb. Jeudi, la branche       d&rsquo;Al-Qa\u00efda au Maghreb avait fix\u00e9 un ultimatum       aux autorit\u00e9s autrichiennes: la lib\u00e9ration d&rsquo;ici dimanche minuit de       militants li\u00e9s \u00e0 la mouvance d\u00e9tenus en Alg\u00e9rie et en Tunisie en \u00e9change       du couple d&rsquo;Autrichiens, disparu depuis mi-f\u00e9vrier en Tunisie.       Le groupe indiquait \u00e9galement que \u00ab\u00a0l&rsquo;Autriche est responsable pour la vie       des deux otages si les revendications n&rsquo;\u00e9taient pas satisfaites\u00a0\u00bb.       Les photos de Wolfgang Ebner, 51 ans, et Andrea Kloiber, 44 ans, diffus\u00e9es       sur internet comme preuve par le groupe islamiste, s&rsquo;\u00e9talaient vendredi       dans la presse autrichienne. Les deux otages apparaissent sur fond de       d\u00e9sert en habits traditionnels arabes et entour\u00e9s de militants arm\u00e9s.       Vendredi matin, le fils de Wolfgang Ebner, qui aurait pr\u00e9f\u00e9r\u00e9 une simple       demande de ran\u00e7on, a appel\u00e9 le gouvernement autrichien \u00ab\u00a0\u00e0 tout faire pour       ramener les deux otages en Autriche sains et saufs\u00a0\u00bb.       Le lieu de d\u00e9tention des deux touristes, originaires de la r\u00e9gion de       Salzbourg, reste une des incertitudes. L&rsquo;Alg\u00e9rie et la Tunisie contestent       la pr\u00e9sence des otages sur leur territoire respectif et se renvoient la       balle. L&rsquo;Alg\u00e9rie accuse notamment la Tunisie de vouloir pr\u00e9server son       lucratif secteur touristique. Afin de r\u00e9soudre la crise, l&rsquo;Autriche,       petite r\u00e9publique alpine de huit millions d&rsquo;habitants, a renforc\u00e9 cette       semaine son r\u00e9seau diplomatique en Tunisie et envoy\u00e9 un membre du Service       de protection de la Constitution et de lutte contre le terrorisme \u00ab\u00a0dans la       r\u00e9gion mais pas \u00e0 Tunis\u00a0\u00bb, a pr\u00e9cis\u00e9 \u00e0 l&rsquo;AFP un porte-parole du minist\u00e8re       de       l&rsquo;Int\u00e9rieur, Rudolf Gollia. D\u00e9munie de service secret d&rsquo;envergure,       l&rsquo;Autriche est largement tributaire en la mati\u00e8re de ses alli\u00e9s: \u00ab\u00a0Nous       sommes int\u00e9ress\u00e9s par tout \u00e9change d&rsquo;informations\u00a0\u00bb, a indiqu\u00e9 Rudolf       Gollia.       Vendredi matin, le porte-parole du minist\u00e8re des Affaires \u00e9trang\u00e8res,       Peter Launsky-Tieffenthal, \u00e9voquait \u00ab\u00a0des \u00e9changes d&rsquo;exp\u00e9riences\u00a0\u00bb entre les       responsables autrichiens et leurs homologues fran\u00e7ais et allemands, pays       disposant de r\u00e9seaux de renseignement bien implant\u00e9s en Afrique du Nord,       en marge du sommet europ\u00e9en de Bruxelles.       La d\u00e9pendance autrichienne par rapport aux services de renseignement de       ses alli\u00e9s est flagrante dans un autre cas de prise d&rsquo;otage, en Irak: Bert       Nussbaumer, un salari\u00e9 autrichien d&rsquo;une soci\u00e9t\u00e9 de s\u00e9curit\u00e9, a \u00e9t\u00e9 enlev\u00e9       en 2006 avec quatre coll\u00e8gues am\u00e9ricains dans le sud du pays et les       autorit\u00e9s autrichiennes sont pour ce cas en \u00e9troite relation avec les       autorit\u00e9s am\u00e9ricaines et britanniques.       Derni\u00e8rement, les Etats-Unis ont transmis \u00e0 l&rsquo;Autriche des \u00ab\u00a0empreintes et       des traces ADN\u00a0\u00bb pouvant \u00ab\u00a0correspondre\u00a0\u00bb \u00e0 celles de Nussbaumer. Le magazine       autrichien News a rapport\u00e9 que cinq doigts       amput\u00e9s, appartenant \u00e0 l&rsquo;Autrichien et \u00e0 ses quatre coll\u00e8gues am\u00e9ricains,       avaient \u00e9t\u00e9 retrouv\u00e9s.       \u00a0       <font><strong>AFP<\/strong><\/font> <\/div>\n<div> <strong><font><\/p>\n<hr\/>\n<p><\/font><\/strong> <\/div>\n<div align=\"center\"> <strong><\/p>\n<p><font size=\"3\">L\u2019humoriste H\u00e9di Ouled Baballah       renonce \u00e0 son recours en Cassation apr\u00e8s la confirmation de sa peine en       Appel<\/font><\/p>\n<p><\/strong><\/div>\n<div>      \u00a0<\/div>\n<div>      La cour d\u2019appel de Tunis vient de confirmer la peine d\u2019un an de prison       pour \u00ab\u00a0d\u00e9tention de drogue\u00a0\u00bb prononc\u00e9e en premi\u00e8re instance contre       l\u2019humoriste tunisien H\u00e9di Ouled Baballah en f\u00e9vrier dernier.       Mais le parquet a class\u00e9 l\u2019affaire de d\u00e9tention de fausses devises dont le       com\u00e9dien avait \u00e9t\u00e9 accus\u00e9 et qui avait \u00e9t\u00e9 confirm\u00e9e par la chambre       d\u2019accusation.       Suite \u00e0 cela, l\u2019humoriste tunisien a d\u00e9cid\u00e9 de renoncer \u00e0 son droit de       pourvoi en cassation et de se r\u00e9signer \u00e0 purger la peine d\u2019un an \u00e0       laquelle il avait \u00e9t\u00e9 condamn\u00e9 !       Certains de ses proches assurent qu\u2019il subirait des pressions pour       l\u2019amener \u00e0 demander la gr\u00e2ce du pr\u00e9sident. Ce qui constituerait une issue       aux moindres frais pour les autorit\u00e9s, particuli\u00e8rement lorsque l\u2019on sait       que l\u2019humoriste a protest\u00e9 de son innocence devant la cour pour ce d\u00e9lit       et qu\u2019il paye pour un sketch o\u00f9 il a imit\u00e9 Ben Ali.       \u00a0       <font><strong>(Source : \u00ab Kalima \u00bb (mensuel \u00e9lectronique),       N\u00b061 &#8211; mars 2008)<\/strong><\/font><\/div>\n<div>\n<hr\/><\/div>\n<div align=\"center\"> <strong><\/p>\n<h3 style=\"color: blue;\"><font size=\"3\">Mohamed Lejmi au Tribunal Sp\u00e9cial       pour le Liban<\/font><\/h3>\n<p><\/strong><\/div>\n<div>      \u00a0<\/div>\n<div> <font><strong>Sihem Bensedrine<\/strong><\/font>       \u00a0       Mohamed Lejmi, premier pr\u00e9sident de la cour de Cassation, vient de       multiplier les aller-retours au Liban. Il serait propos\u00e9 par la Tunisie       pour faire partie du Tribunal Sp\u00e9cial pour le Liban (TSL) qui a \u00e9t\u00e9 cr\u00e9\u00e9       par la r\u00e9solution 1757 du Conseil de S\u00e9curit\u00e9 du 30 mai 2007.       \u00a0       Ce qui surprend surtout, c\u2019est que monsieur Lejri a un cursus       professionnel plut\u00f4t faible comme magistrat. Homme fort de l\u2019appareil       judiciaire depuis les ann\u00e9es 90, il est consid\u00e9r\u00e9 dans le milieu       judiciaire davantage comme un \u00ab politique \u00bb.       \u00a0       Il a \u00e9t\u00e9 la terreur de ses pairs alors qu\u2019il pr\u00e9sidait les commissions de       recrutement des magistrats ; En tant que rapporteur du Conseil sup\u00e9rieur       de la magistrature, c\u2019est lui qui pr\u00e9pare le mouvement de rotation des       juges (promotions, mutations\u2026), sur la carri\u00e8re desquels il a la haute       main. On lui attribue les sanctions qui ont vis\u00e9 les magistrats       ind\u00e9pendants tunisiens. Il supervise \u00e9galement les relations avec les       professions para-judiciaires comme les avocats, les huissiers, les       notaires ou les experts judiciaires.       \u00a0       Mohamed Lejri a d\u00e9marr\u00e9 sa carri\u00e8re comme substitut du procureur de la       r\u00e9publique \u00e0 Grombalia, puis assesseur au tribunal de 1e instance ; Tr\u00e8s       vite il a rejoint le minist\u00e8re de la justice pour occuper des fonctions       administratives. Il est charg\u00e9 de la direction de l\u2019Institut sup\u00e9rieur de       la magistrature et rejoint le cabinet du ministre de la Justice en 1991,       poste qu\u2019il occupe jusqu\u2019\u00e0 1995. A cette date, il est nomm\u00e9 directeur       g\u00e9n\u00e9ral des affaires judiciaires, avec rang de secr\u00e9taire d\u2019\u00c9tat. En 2006,       Il est nomm\u00e9 premier pr\u00e9sident de la cour de cassation. Plusieurs fois       d\u00e9cor\u00e9 par Ben Ali, il re\u00e7oit en juillet 2007 l\u2019insigne de grand officier       de l&rsquo;Ordre de la R\u00e9publique, pour services rendus au despotisme.       \u00a0       Le TSL, tribunal international charg\u00e9 de juger les responsables de       l&rsquo;assassinat de Rafic Hariri commencera \u00e0 fonctionner en juin prochain \u00e0       La Haye et son mandat s\u2019\u00e9talera sur 3 ans. La composition du tribunal n\u2019a       pas encore \u00e9t\u00e9 d\u00e9finitivement arr\u00eat\u00e9e. Seul le greffier, Robin Vincent ,       un juge britannique a \u00e9t\u00e9 nomm\u00e9 le 10 mars dernier par Ban Ki Moon, le       Secr\u00e9taire g\u00e9n\u00e9ral de l&rsquo;ONU. Ce dernier a exerc\u00e9 les fonctions de Greffier       du Tribunal sp\u00e9cial pour la Sierra Leone de 2002 \u00e0 2005. Il a \u00e9galement       assur\u00e9 l&rsquo;int\u00e9rim au poste de Greffier adjoint du Tribunal p\u00e9nal       international pour l&rsquo;ex-Yougoslavie. Et il a \u00e9t\u00e9 consultant pour la mise       en place d&rsquo;autres tribunaux internationaux, notamment les Chambres       extraordinaires des juridictions du Cambodge et le Tribunal sp\u00e9cial pour       le Liban.       \u00a0       Notons que les statuts de ce tribunal \u00ab sui generis \u00bb (c&rsquo;est-\u00e0-dire qu\u2019il       rel\u00e8ve d\u2019une cat\u00e9gorie juridique singuli\u00e8re, non classable dans une       cat\u00e9gorie d\u00e9j\u00e0 r\u00e9pertori\u00e9e) pr\u00e9voient qu\u2019il se basera sur le code p\u00e9nal       libanais uniquement, mais ne pourra pas prononcer de peine de mort. Le TSL       sera financ\u00e9 par l\u2019Arabie saoudite, le Kowe\u00eft, les \u00c9mirats arabes unis, la       France et les \u00c9tats-Unis.       \u00a0       Le chef de la commission d\u2019enqu\u00eate, Daniel Bellemare, va occuper le poste       de procureur g\u00e9n\u00e9ral du tribunal.       \u00a0       <font><strong>(Source : \u00ab Kalima \u00bb (mensuel \u00e9lectronique),       N\u00b061 &#8211; mars 2008) <\/p>\n<hr\/>\n<p><\/strong><\/font> <\/div>\n<div> <font> <\/p>\n<p align=\"center\"> <font><strong>Edito<\/strong><\/font><\/p>\n<p align=\"center\"> <span lang=\"FR\"> <font><strong>\u00a0<\/strong><\/font><\/span><\/p>\n<p align=\"center\"> <span lang=\"FR\"><strong> <\/p>\n<h3 style=\"color: blue;\"><font>VERS UNE REFONTE DES NEGOCIATIONS SOCIALES<\/font><\/h3>\n<p><\/strong><\/span><\/p>\n<p> <span lang=\"FR\"> <font>\u00a0<\/font><\/span><\/p>\n<p> <span lang=\"FR\"> <font>Le 8<sup>\u00e8me<\/sup> round des n\u00e9gociations sociales       vient d\u2019\u00eatre entam\u00e9 par la signature de l\u2019accord cadre entre l\u2019UGTT et       l\u2019UTICA. Le m\u00eame accord est en cours de n\u00e9gociations entre la centrale       syndicale et le gouvernement concernant la fonction publique et les       entreprises nationales.<\/font><\/span><\/p>\n<p> <font> <span lang=\"FR\">Le contexte de       ces n\u00e9gociations a chang\u00e9 de mani\u00e8re significative \u00e0 plus d\u2019un titre par       rapport \u00e0 la situation ant\u00e9rieure. En effet le pouvoir d\u2019achat des       salari\u00e9s a subi depuis deux ans une nette d\u00e9t\u00e9rioration par le       rench\u00e9rissement du co\u00fbt des produits alimentaires, du carburant et des       mati\u00e8res premi\u00e8res en particulier dans le b\u00e2timent. La controverse sur le       taux d\u2019inflation a d\u00e9j\u00e0 commenc\u00e9 entre les experts de l\u2019UGTT et ceux du       gouvernement. Cette controverse touche aussi le<\/span><span dir=\"rtl\" lang=\"AR-SA\">\u00a0\u00bb      <\/span><span lang=\"FR\">contenu       du panier de consommation du tunisien<\/span><span dir=\"rtl\" lang=\"AR-SA\">\u00ab\u00a0<\/span><span lang=\"FR\">.       Les autorit\u00e9s s\u2019obstinent \u00e0 ne prendre en compte que les \u00e9l\u00e9ments de base       des ann\u00e9es 70 voire 60 alors que les besoins du tunisien moyen sont       devenus plus diversifi\u00e9s (voiture populaire\u00a0! t\u00e9l\u00e9phone portable,       ordinateur, loisirs,\u2026). Cependant elles clament haut et fort que le       tunisien est en train de rejoindre le niveau de vie des pays d\u00e9velopp\u00e9s,       que l\u2019Internet est presque g\u00e9n\u00e9ralis\u00e9 et que la r\u00e9ussite \u00e9conomique de la       Tunisie est un exemple dans le monde.<\/span><\/font><\/p>\n<p> <span lang=\"FR\"> <font>Il y a l\u00e0 un foss\u00e9 entre la propagande officielle et       le discours des n\u00e9gociants qui insiste sur les difficult\u00e9s dues au       contexte international (flamb\u00e9e du prix du p\u00e9trole, du fer, du ciment, du       lait, des c\u00e9r\u00e9ales, \u2026), sur le devoir de patriotisme et sur la n\u00e9cessit\u00e9       de privil\u00e9gier l\u2019investissement et l\u2019emploi.<\/font><\/span><\/p>\n<p> <font> <span lang=\"FR\">\u00a0L\u2019autre       nouveaut\u00e9 est le contexte de la mondialisation et du d\u00e9sengagement de       l\u2019\u00e9tat qui privatise \u00e0 tour de bras m\u00eame les entreprises b\u00e9n\u00e9ficiaires.<\/span><\/font><\/p>\n<p> <span lang=\"FR\"> <font>Face \u00e0 cela, le salari\u00e9 n\u2019accepte plus ces miettes       qu\u2019on lui accorde tous les trois ans et qu\u2019il qualifie       ironiquement\u00ab\u00a0l\u2019augmentation du pouvoir\u00a0\u00bb (ziedet el hakem). L\u2019UGTT ne       peut plus et ne semble plus dispos\u00e9e \u00e0 assumer cette situation de \u00ab\u00a0<strong>paix       sociale<\/strong>\u00a0\u00bb pendant trois ans alors que l\u2019inflation galope tous les       ans. Ces n\u00e9gociations qui paraissent uniquement sociales ont cette fois,       et \u00e0 la veille des \u00e9ch\u00e9ances de 200<\/font><span>,.<\/span><font>un       caract\u00e8re hautement politique vu le contexte g\u00e9n\u00e9ral de d\u00e9senchantement,       de perte de confiance, de recul de l\u2019investissement, de ch\u00f4mage sur un       fond de r\u00e9volte sociale \u00e0 Gafsa, sans oublier les \u00e9v\u00e9nements sanglants de       Slimane.<\/font><span> <\/span><\/span><\/p>\n<p> <font> <span lang=\"FR\">Le pacte       social entre les partenaires sociaux et notamment entre l\u2019UGTT et le       gouvernement doit \u00eatre r\u00e9vis\u00e9 \u00e0 la lumi\u00e8re de la nouvelle donne       \u00e9conomique. Depuis la mise en place du programme d\u2019ajustement structurel       en 1986 et la fin de l\u2019\u00e9tat providence, r\u00e9gulateur de l\u2019\u00e9conomie et avec       l\u2019entr\u00e9e du pays dans l\u2019\u00e8re du march\u00e9 contr\u00f4l\u00e9 par l\u2019OMC, le FMI et la       banque mondiale et l\u2019ouverture des fronti\u00e8res, les choses ont chang\u00e9. A       cette nouvelle situation doivent correspondre de nouvelles r\u00e8gles       r\u00e9gissant les relations entre les partenaires sociaux. Ces r\u00e8gles doivent       \u00eatre bas\u00e9es sur une clarification nette des relations du travail       r\u00e9glementant r\u00e9ellement la sous traitance et luttant contre la pr\u00e9carit\u00e9       de l\u2019emploi. D\u2019autre part le partenariat doit signifier une mise \u00e0 jour       annuelle des salaires en fonction des chiffres r\u00e9els de l\u2019inflation et en       tenant compte d\u2019un panier de consommation conforme aux nouveaux besoins et       aux sp\u00e9cificit\u00e9s des diff\u00e9rentes cat\u00e9gories sociales. La stabilit\u00e9 et       surtout la clairvoyance politique n\u00e9cessitent cette fois un nouveau pacte       contractuel faute de quoi ce nouveau round ressemblera \u00e0 un rituel       archa\u00efque et inop\u00e9rant.\u00a0\u00a0\u00a0\u00a0\u00a0\u00a0\u00a0\u00a0\u00a0\u00a0\u00a0\u00a0\u00a0 <\/span><\/font><\/p>\n<p> <span lang=\"FR\"> <font>\u00a0<\/font><\/span><\/p>\n<p> <span lang=\"FR\"> <font>\u00a0<\/font><\/span><\/p>\n<p> <span lang=\"FR\"><strong> <font>Mouatinoun<\/font><\/strong><\/span><\/p>\n<p> <span lang=\"FR\">\u00a0<\/span><\/p>\n<p> <span lang=\"FR\"> <strong>(Source: \u00ab\u00a0<span lang=\"FR\">Mouatinoun\u00a0\u00bb       (Hebdomadaire\u00a0&#8211; Tunis) organe du <\/span>\u00a0Forum democratique pour le       travail et les libertes (FDTL) le 5 mars 2008)<\/strong><\/span><\/p>\n<p>      \u00a0<\/p>\n<p> <span lang=\"FR\"> <\/p>\n<p>\u00a0<\/p>\n<hr\/>\n<p>\u00a0<\/p>\n<p> <span lang=\"FR\"> <font><strong>\u00a0<\/strong><\/font><\/span><\/p>\n<p align=\"center\"> <span lang=\"FR\"> <font><strong>Opinion<\/strong><\/font><\/span><\/p>\n<p align=\"center\"> <span lang=\"FR\"><font size=\"3\"> <strong>Le r\u00f4le des intellectuels dans la lutte contre l\u2019imp\u00e9rialisme       am\u00e9ricain au Moyen Orient<\/strong><\/font><\/span><\/p>\n<p align=\"center\"> <span lang=\"FR\"> <font><strong>\u00a0<\/strong><\/font><\/span><\/p>\n<p> <span lang=\"FR\"> <strong>Par\u00a0: Azzouna Jalloul<\/strong><\/span><\/p>\n<p> <span lang=\"FR\"> <font>Pr\u00e9sident de la Ligue des \u00e9crivains Libres_ Tunisie<\/font><\/span><\/p>\n<p> <span lang=\"FR\"> <font>Participation \u00e0 l\u2019effort de prise de conscience de       la gravit\u00e9 de l\u2019imp\u00e9rialisme et aux mouvements internationaux contre ce       danger.<\/font><\/span><\/p>\n<p> <span lang=\"FR\"> <font>\u00a01_\u00a0\u00a0\u00a0\u00a0 nous ne pouvons oublier la mise \u00e0 sac du       Mus\u00e9e National Irakien tel que l\u2019ont montr\u00e9e les cha\u00eenes de t\u00e9l\u00e9vision       pendant que les soldats am\u00e9ricains montent la garde, prot\u00e9geant les       pillards. Ces images ont \u00e9t\u00e9 pour nous et le sont toujours, un v\u00e9ritable       choc inoubliable pour tout \u00eatre humain libre de par le monde et passionn\u00e9       de libert\u00e9. Ces images \u00e9branlent \u00e0 jamais toute la propagande sur la       d\u00e9mocratie que les U.S.A veulent implanter dans la r\u00e9gion.<\/font><\/span><\/p>\n<p> <span lang=\"FR\"> <font>* nous ne pouvons non plus gober le mensonge de la       cr\u00e9ation en Irak d\u2019unions et de groupes d\u2019\u00e9crivains, avec des journaux et       des revues de luxe \u00e0 l\u2019appui, alors qu\u2019aucune mention de l\u2019occupation du       pays par les forces \u00e9trang\u00e8res n\u2019y figure nulle part, ni aucune exigence       de leur d\u00e9part n\u2019est signal\u00e9e dans cette pr\u00e9tendue litt\u00e9rature.<\/font><\/span><\/p>\n<p> <span lang=\"FR\"> <font>* de m\u00eame, nous ne pouvons accorder aucune confiance       \u00e0 ceux qui appellent \u00e0 cor et \u00e0 cri \u00e0 la paix entre Isra\u00ebl et les Arabes       sans insister sur la n\u00e9cessit\u00e9 du retour des r\u00e9fugi\u00e9s palestiniens \u00e0 leurs       foyers.<\/font><\/span><\/p>\n<p> <span lang=\"FR\"> <font>* nous n\u2019accordons aucune foi aux appels r\u00e9p\u00e9t\u00e9s de       L\u2019union (officielle) des \u00c9crivains Tunisiens \u00e0 la n\u00e9cessit\u00e9 de commencer       une nouvelle \u00e9tape en rupture avec le pass\u00e9 contest\u00e9 de cette association,       alors que les nouveaux responsables se comportent toujours en sourds-muets       et semblent \u00eatre frapp\u00e9s de c\u00e9cit\u00e9 absolue devant l\u2019activit\u00e9 d\u00e9cha\u00een\u00e9e de       la censure et la multiplication des saisies des livres et la fermeture des       sites d\u2019Internet, b\u00e2illonnant ainsi toutes les voix libres et oppos\u00e9es au       r\u00e9gime en place.<\/font><\/span><\/p>\n<p> <span lang=\"FR\"> <font>2- Arm\u00e9 d\u2019une telle conviction et assur\u00e9 par ce       degr\u00e9 de prise de conscience, nous ne pouvons qu\u2019agir en cons\u00e9quence\u00a0:<\/font><\/span><\/p>\n<p> <span lang=\"FR\"> <font>* D\u2019abord, d\u00e9noncer les agissements am\u00e9ricains au       Proche Orient et en Afrique du Nord et avertir certains \u00abna\u00effs et pseudo       ignorants\u00bb des \u00ab\u00a0bonnes paroles\u00a0\u00bb de la propagande am\u00e9ricaine qui font       semblant, par certaines mises en sc\u00e8ne isol\u00e9es, de\u00a0\u00ab\u00a0juger\u00a0\u00bb quelques       rares soldats et sous-officiers pour actes condamnables en Irak ou bien en       restituant quelques pi\u00e8ces historiques au Mus\u00e9e de Bagdad alors que le       nombre de pi\u00e8ces vol\u00e9es d\u00e9passe les 15.000!!<\/font><\/span><\/p>\n<p> <span lang=\"FR\"> <font>\u00a0\u00a0\u00a0\u00a0\u00a0\u00a0\u00a0\u00a0 Comment ne pas d\u00e9noncer la politique       am\u00e9ricaine alors qu\u2019elle est derri\u00e8re la liquidation physique de centaines       de scientifiques et d\u2019universitaires Irakiens\u00a0? Et qu\u2019elle est la premi\u00e8re       force responsable de la spoliation des richesses p\u00e9troli\u00e8res du pays\u00a0?<\/font><\/span><\/p>\n<p> <span lang=\"FR\"> <font>\u00a0\u00a0\u00a0\u00a0\u00a0\u00a0\u00a0\u00a0\u00a0 Comment ne pas condamner les U.S.A alors       qu\u2019ils soutiennent inconditionnellement la barbarie isra\u00e9lienne\u00a0 en       Palestine, au Liban et au Golan\u00a0?<\/font><\/span><\/p>\n<p> <span lang=\"FR\"> <font>\u00a0\u00a0\u00a0\u00a0\u00a0\u00a0\u00a0\u00a0\u00a0\u00a0 Comment ne pas se m\u00e9fier des U.S.A qui se       cessent de soutenir les r\u00e9gimes dictatoriaux et r\u00e9trogrades dans tous les       pays arabes, ignorant toutes les atteintes aux droits de\u00a0l\u2019Homme dans ces       territoires\u00a0?!<\/font><\/span><\/p>\n<p> <span lang=\"FR\"> <font>\u00a0\u00a0\u00a0\u00a0\u00a0\u00a0\u00a0\u00a0\u00a0\u00a0\u00a0\u00a0\u00a0 En second lien, il faut serrer les       rangs et rassembler tous les efforts en vue de la cr\u00e9ation d\u2019un large       front de tous les progressistes et tous les hommes \u00e9pris de libert\u00e9 pour       s\u2019opposer \u00e0 l\u2019imp\u00e9rialisme, \u00e0 son h\u00e9g\u00e9monie et \u00e0 son envie \u00e0 vouloir       s\u2019emparer de toutes les richesses des pays.<\/font><\/span><\/p>\n<p> <span lang=\"FR\"> <font>Ceci n\u2019est possible qu\u2019\u00e0 travers des fronts \u00e0 tous       les niveaux, \u00e0 la fois \u00e0 l\u2019\u00e9chelle locale, r\u00e9gionale et mondiale.<\/font><\/span><\/p>\n<p> <span lang=\"FR\"> <font>Dans le domaine intellectuel d\u2019abord, par       l\u2019organisation de rencontres et s\u00e9minaires d\u2019\u00e9crivains et de penseurs.<\/font><\/span><\/p>\n<p> <span lang=\"FR\"> <font>\u00a0\u00a0\u00a0\u00a0\u00a0\u00a0\u00a0\u00a0\u00a0\u00a0 Dans le domaine social ensuite, en       renfor\u00e7ant Le Forum Social International qui doit \u00eatre r\u00e9organiser afin       qu\u2019il ne reste pas uniquement un simple rassemblement de protestation, se       contentant d\u2019exprimer son refus et sa r\u00e9probation du lib\u00e9ralisme sauvage.<\/font><\/span><\/p>\n<p> <span lang=\"FR\"> <font>Ce large mouvement g\u00e9n\u00e9reux doit se transformer en       un outil efficace qui prenne des initiatives fructueuses en vue de cr\u00e9er       une nouvelle dynamique qui participera aux changements n\u00e9cessaires et       vitaux aux trois quarts de l\u2019Humanit\u00e9.<\/font><\/span><\/p>\n<p> <span lang=\"FR\"> <font>\u00a0\u00a0\u00a0\u00a0\u00a0\u00a0\u00a0\u00a0\u00a0\u00a0\u00a0 Ce futur mouvement pourrait ne pas       rassembler au d\u00e9part toutes les sensibilit\u00e9s et toutes les composantes du       mouvement actuel\u00a0; on pourrait se limiter \u00e0 un noyau initial solide,       n\u00e9cessaire \u00e0 la cr\u00e9ation d\u2019un nouvel \u00e9quilibre strat\u00e9gique capable de       freiner les destructions sauvages caus\u00e9es par l\u2019imp\u00e9rialisme sauvage \u00e0       l\u2019\u00e9conomie mondiale, \u00e0 l\u2019\u00e9quilibre \u00e9cologique plan\u00e9taire et qui sont \u00e0       l\u2019origine de la prol\u00e9tarisation et l\u2019appauvrissement de millions d\u2019\u00eatres       humains, avant de passer \u00e0 une seconde phase de contre-attaque des forces       laborieuses et \u00e0 la concr\u00e9tisation d\u2019une nouvelle strat\u00e9gie plus juste et       plus humaniste. Ce qui se passe actuellement au niveau de l\u2019Am\u00e9rique       latine pourrait constituer une base valable pour la concr\u00e9tisation de       notre r\u00eave et de l\u2019intuition juste des \u00e9crivains \u00e0 l\u2019av\u00e8nement d\u2019un monde       meilleur pour tous\u00a0; ce sera l\u00e0 le d\u00e9fi des d\u00e9laiss\u00e9s pour compte, des       d\u00e9sh\u00e9rit\u00e9s et des masses \u00e9cras\u00e9es \u00e0 la fois par les imp\u00e9rialistes, par les       marchands de canons et les pilleurs des richesses des peuples.<\/font><\/span><\/p>\n<p> <span lang=\"FR\"> <font>\u00a0\u00a0\u00a0\u00a0\u00a0\u00a0\u00a0\u00a0\u00a0\u00a0\u00a0\u00a0\u00a0\u00a0\u00a0\u00a0\u00a0\u00a0\u00a0\u00a0 La r\u00e9alisation de ces premiers       pas du programme militant contre l\u2019imp\u00e9rialisme ne pourrait voir le jour       sans une culture de r\u00e9sistance \u00e0 tous les niveaux et dans tous les       domaines parce qu\u2019il n\u2019y aura d\u2019avenir possible et digne, ni de vie libre       sans cette philosophie du refus de l\u2019imp\u00e9rialisme et sans cette volont\u00e9 de       proposer de nouvelles alternatives.<\/font><\/span><\/p>\n<p> <span lang=\"FR\"> <font>Nous sommes profond\u00e9ment convaincus que       l\u2019imp\u00e9rialisme am\u00e9ricain est v\u00e9ritable mal, un cancer dangereux qu\u2019il faut       combattre sans r\u00e9pit et avec tous les moyens disponibles, gr\u00e2ce \u00e0 la       science et au savoir mais surtout gr\u00e2ce \u00e0 une attitude ferme et une       d\u00e9termination sans faille. Il faut \u00eatre arm\u00e9 d\u2019une volont\u00e9 infaillible de       vaincre.<\/font><\/span><\/p>\n<p> <span lang=\"FR\"> <font>\u00a0\u00a0\u00a0\u00a0\u00a0\u00a0\u00a0\u00a0\u00a0 A ce propos, il nous faut revoir nos       discours, nos m\u00e9thodes en vue d\u2019am\u00e9liorer, partout dans le monde, notre       syst\u00e8me immunitaire contre toutes les facettes du discours imp\u00e9rialiste,       contre ses acolytes et ses poins.<\/font><\/span><\/p>\n<p> <span lang=\"FR\"> <font>Pour cela il faut\u00a0:<\/font><\/span><\/p>\n<p> <font> <span lang=\"FR\">1-<span>\u00a0\u00a0\u00a0\u00a0\u00a0\u00a0      <\/span><\/span> <span dir=\"ltr\" lang=\"FR\">      R\u00e9pandre la culture de la r\u00e9sistance \u00e0 tous les niveaux\u00a0; ici le r\u00f4le des       intellectuels, des penseurs et des \u00e9crivains est primordial.<\/span><\/font><\/p>\n<p> <span lang=\"FR\"> <font>Rassembler toutes les forces et potentialit\u00e9s \u00e0       l\u2019\u00e9chelle r\u00e9gionale et plan\u00e9taire<\/font><\/span><\/p>\n<p>      \u00a0<\/p>\n<p> <strong>(Source: \u00ab\u00a0<span lang=\"FR\">Mouatinoun\u00a0\u00bb       (Hebdomadaire\u00a0&#8211; Tunis) organe du <\/span>\u00a0Forum democratique pour le       travail et les libertes (FDTL) le 5 mars 2008)<\/strong><\/p>\n<p>\u00a0<\/p>\n<hr\/>\n<p>\u00a0<\/p>\n<p align=\"center\"> <span lang=\"FR\"><font size=\"3\"> <strong>Un Maghreb, pas si grand que \u00e7a\u00a0!!!<\/strong><\/font><\/span><\/p>\n<p align=\"center\"> <span lang=\"FR\"><font size=\"3\"> <strong>Ou le d\u00e9sespoir qui d\u00e9senchante<\/strong><\/font><\/span><\/p>\n<p> <span lang=\"FR\"> <font><strong>\u00a0<\/strong><\/font><\/span><\/p>\n<p> <span lang=\"FR\"> <font>Nous connaissons tous, m\u00eame s\u2019il faut rafra\u00eechir les       m\u00e9moires, la fable \u2013 bien locale \u2013 de ce loup qui poursuivi par des       paysans, n\u2019a trouv\u00e9 mieux que de chercher\u00a0 \u00e0 battre tous les records de       vitesse, mais les candides paysans lui ont cri\u00e9 qu\u2019ils ont beau cherch\u00e9 un       berger pour leurs troupeaux\u2026 En vain, ils n\u2019ont trouv\u00e9 que le gentil et       respectable loup pour occuper \u00abce poste\u00bb\u2026<\/font><\/span><\/p>\n<p> <span lang=\"FR\"> <font>Nul besoin de chercher \u00e0 savoir la suite de cette       fable, et surtout toutes les variantes possibles qu\u2019un imaginaire f\u00e9cond       et fertile \u2013 comme le notre \u2013 ne peut bien trouver ou inventer\u2026<\/font><\/span><\/p>\n<p> <span lang=\"FR\"> <font>Le Grand Maghreb, parait m\u00eame \u00e0 l\u2019image de ce       troupeau, avec une potentialit\u00e9 certaine et un avenir douteux. Nul besoin       de rechanter les m\u00eames refrains et revenir sur l\u2019histoire commune et le       destin unique. Nul besoin aussi, de s\u2019attarder concernant cette       mondialisation galopante et cette logique internationale, qui fait \u2013       r\u00e9ellement \u2013, \u00e9ternuer les \u00e9conomies de ces pays en attente d\u2019aides       urgentes\u2026<\/font><\/span><\/p>\n<p> <span lang=\"FR\"> <font>Le Grand Maghreb, \u00e0 l\u2019image de ces traces de pas sur       une plage, \u00e9tait bien apparent chez ses initiateurs, la premi\u00e8re vague a       gomm\u00e9 certains conteurs, la seconde encore plus, en attente de ce Tsunami       qui effacerait toutes les traces\u2026<\/font><\/span><\/p>\n<p> <span lang=\"FR\"> <font>Les discours les plus optimistes reviennent toujours       \u00e0 la charge, afin de nous signifier que la morosit\u00e9 ambiante ne peut en       rien toucher ou m\u00eame effleurer cette \u00e9ternelle ambition. Reste \u00e0 se       demander \u2013 ou plut\u00f4t \u00e0 de demander \u00e0 ces \u00abchanteurs\u00bb &#8211; si le temps qui       passent et l\u2019espoir qui d\u00e9clinent, ne finiront pas un jour, par \u00e9teindre       ce grand songe\u00a0???<\/font><\/span><\/p>\n<p> <span lang=\"FR\"> <font>Les \u00e9conomistes attestent avec gravit\u00e9 et certitude       que le non-Maghreb nous co\u00fbte environ un milliard quatre cents millions       d\u2019euros par ans (chiffre report\u00e9 par notre confr\u00e8re L\u2019Economiste, 27       f\u00e9vrier, page 21). Le chiffre est colossal, il fait r\u00eaver ou plut\u00f4t fait       pleurer\u00a0!!!!<\/font><\/span><\/p>\n<p> <span lang=\"FR\"> <font>Certains entre joie et amertume, et surtout attente       et espoir, nous parlent avec \u00abGlamour\u00bb de l\u2019Union M\u00e9diterran\u00e9enne, comme       si ce projet \u00abnon-Maghr\u00e9bin\u00bb pouvait ou surtout devait corriger les fautes       des uns et rectifier le \u2013 mauvais \u2013 tir des autres\u00a0!!!<\/font><\/span><\/p>\n<p> <span lang=\"FR\"> <font>La \u00abGrande Union M\u00e9diterran\u00e9enne\u00bb, ne pose gu\u00e8re en       premi\u00e8re r\u00e9flexion les int\u00e9r\u00eats\u00a0 du \u00abGrand Maghreb\u00bb et ne cherche       nullement \u00e0 unir ces \u00abfr\u00e8res ennemis\u00bb qui ne veulent s\u2019unir. Certes, nous       pouvons ou plut\u00f4t esp\u00e9rer \u00abun miracle\u00bb, mais il ne faut nullement       confondre le marchand de sable et bonimenteur de circonstance\u2026<\/font><\/span><\/p>\n<p> <span lang=\"FR\"> <font>Au-del\u00e0 des mots et au-de\u00e7\u00e0 des bonnes esp\u00e9rances,       le commun des citoyens est bien pris entre ce r\u00eave \u00abfantasmeur\u00bb et ce       \u00abchauvinisme\u00bb de circonstance. Nul politicien ne peut d\u00e9passer les belles       paroles et les espoirs de coutume, et chercher \u00e0 enraciner une vraie et       r\u00e9elle culture \u00abunioniste\u00bb, qui se mettrait t\u00f4t ou tard en contradiction       \u00abexistentialiste\u00a0\u00bb avec l\u2019essence m\u00eame de cette \u00abfameuse Etat-Nation\u00bb\u2026<\/font><\/span><\/p>\n<p> <span lang=\"FR\"> <font>L\u2019UMA joue bien son r\u00f4le de point de mire, mais nous       fait miroiter \u2013 encore et toujours \u2013 toutes les couleuvres, que nous avons       jadis aval\u00e9es avec un app\u00e9tit qui nous manque\u2026 \u00abParoles, Paroles\u00bb, a bien       chant\u00e9 cette cantatrice n\u00e9e sur les bords du Nil. Sans \u00e9galer sa voix d\u2019or       ou pr\u00e9tendre \u00e0 enchanter l\u2019assistance, nos politicards doivent bien former       un ch\u0153ur et nous chanter \u00abEncore, Encore\u00bb, tellement ils nous ont fait       chanter tous les refrains inutiles\u00a0!!!<\/font><\/span><\/p>\n<p> <span lang=\"FR\"> <font>En occasions et sans m\u00eames, les \u00abglorificateurs\u00bb ne       d\u00e9chroment gu\u00e8re, ils continuent, tels ces \u00abmarionnettistes\u00a0\u00bb \u00e0 nous faire       voir les m\u00eame sc\u00e8nes, avec les m\u00eames paroles\u00a0!!!! Faut-il changer quelques       choses, tant que le langage est de mauvais bois et la r\u00e9sonnance       \u00e9clabousse la plus rationnelle des raisons\u00a0???<\/font><\/span><\/p>\n<p> <span lang=\"FR\"> <font>\u00a0<\/font><\/span><\/p>\n<p> <span lang=\"FR\"> <font>\u00abIl suffit de visiter l\u2019Europe, qui \u00e9largie ses       fronti\u00e8re avec un app\u00e9tit qui nous fait rougir de jalousie\u00bb, a dit plus       d\u2019un intello. Reste \u00e0 dire ou plut\u00f4t \u00e0 se demander si \u00e0 force de \u00abjouer       les voyeurs\u00bb, nous ne finissons pas par \u00eatre non vus\u00a0???<\/font><\/span><\/p>\n<p> <span lang=\"FR\"> <font>La Banque Mondiale, le FMI, l\u2019UE ou encore le Forum       de Davos, exigent des Maghr\u00e9bins de d\u00e9passer la sc\u00e8ne des \u00abchiens de       fa\u00efence\u00bb et jouer plut\u00f4t \u00able Maghr\u00e9bin Gentilhomme\u00bb\u2026 Il est vrai que       Moli\u00e8re a bel et bien disparu, qui aurait le courage d\u2019\u00e9crire cette       dramaturgie, que Sarkozy veut bien parrainer\u00a0??? Avec des acteurs       nonchalants et un d\u00e9cor qui pr\u00eate plus \u00e0 l\u2019absurde et au surr\u00e9aliste plus       qu\u2019\u00e0 une pi\u00e8ce r\u00e9aliste et r\u00e9alisable\u00a0???<\/font><\/span><\/p>\n<p> <span lang=\"FR\"> <font>Brel a bien chant\u00e9 l\u2019ombre de quelque chose, et a       m\u00eame choisi entre ces ombres, nous devons \u00abplagier\u00bb son \u0153uvre et nous       demander concernant l\u2019ombre de ce Grand Maghreb que nous pouvons       amplifier, \u00e0 condition de faire appel \u00e0 un expert chinois\u2026<\/font><\/span><\/p>\n<p> <span lang=\"FR\"> <font>La carte du monde se refait, des fronti\u00e8res       disparaissent et d\u2019autres \u2013 telles des champignons \u2013 poussent, le Grand       Maghreb, aussi grand dans le r\u00eave, doit subir l\u2019action de l\u2019histoire.       Reste \u00e0 se demander entre le statique et le dynamique, nos \u00abphysiciens\u00bb       choisiront quoi\u00a0???<\/font><\/span><\/p>\n<p> <span lang=\"FR\"> <strong>\u00a0<\/strong><\/span><\/p>\n<p> <strong>Nasreddine Ben Hadid<\/strong><\/p>\n<p> <font><strong><font>(Source: \u00ab\u00a0<span lang=\"FR\">Mouatinoun\u00a0\u00bb       (Hebdomadaire\u00a0&#8211; Tunis) organe du <\/span>\u00a0Forum democratique pour le       travail et les libertes (FDTL) le 5 mars 2008)<\/font><\/strong><\/font><\/p>\n<p><\/font><\/font><\/span><\/font><\/div>\n<div>\n<hr\/><\/div>\n<div align=\"center\"> <strong><font>REUTERS, le 14 mars 2008 \u00e0 01h45       <\/font><\/p>\n<h3 style=\"color: blue;\"><font size=\"3\">Corrig\u00e9e, l&rsquo;Union m\u00e9diterran\u00e9enne       passe le cap europ\u00e9en<\/font><\/h3>\n<p><\/strong><\/div>\n<div>      \u00a0<\/div>\n<div align=\"justify\"> <font><strong>par Elizabeth Pineau et Yves Clarisse<\/strong><\/font>       \u00a0       BRUXELLES, 14 mars (Reuters) &#8211; Le projet fran\u00e7ais d&rsquo;Union pour la       M\u00e9diterran\u00e9e (UPM) a pass\u00e9 jeudi le cap des dirigeants europ\u00e9ens apr\u00e8s       avoir \u00e9t\u00e9 s\u00e9v\u00e8rement \u00e9lagu\u00e9 par l&rsquo;Allemagne, m\u00eame si des doutes subsistent       sur sa mise en oeuvre concr\u00e8te. Angela Merkel et Nicolas Sarkozy ont       trouv\u00e9 mardi dernier un terrain d&rsquo;entente au prix d&rsquo;une r\u00e9vision \u00e0 la       baisse des ambitions initiales du pr\u00e9sident fran\u00e7ais et ont pr\u00e9sent\u00e9       ensemble la nouvelle version au sommet europ\u00e9en de Bruxelles. \u00ab\u00a0Cette       initiative a obtenu le soutien du Conseil et le travail va maintenant       commencer (&#8230;) pour pr\u00e9parer tout ce qui       est n\u00e9cessaire\u00a0\u00bb, a d\u00e9clar\u00e9 le Premier ministre slov\u00e8ne Janez Jansa, dont       le pays pr\u00e9side actuellement l&rsquo;UE.       \u00ab\u00a0Pour moi c&rsquo;est une grande \u00e9motion de voir que cette id\u00e9e (&#8230;) voit le       jour puisque la totalit\u00e9 des pays europ\u00e9ens l&rsquo;a accueillie avec       enthousiasme\u00a0\u00bb, a d\u00e9clar\u00e9 le pr\u00e9sident fran\u00e7ais. \u00ab\u00a0On est tous conscients       qu&rsquo;en M\u00e9diterran\u00e9e on aura la paix ou la guerre et que c&rsquo;est l\u00e0 o\u00f9       beaucoup de choses se jouent.\u00a0\u00bb La Commission europ\u00e9enne, qui avait       beaucoup \u00e0 perdre dans le projet originel qui pr\u00e9voyait de n&rsquo;associer que       les pays       riverains de la M\u00e9diterran\u00e9e, ce qui aurait r\u00e9duit son r\u00f4le dans le       pilotage, a donn\u00e9 le signe du ralliement apr\u00e8s avoir eu l&rsquo;assurance que       tous les Vingt-Sept en feraient partie. \u00ab\u00a0En ce qui concerne l&rsquo;Union       m\u00e9diterran\u00e9enne, nous la soutenons pleinement\u00a0\u00bb, a d\u00e9clar\u00e9 son pr\u00e9sident,       Jos\u00e9 Manuel Barroso, tout en soulignant qu&rsquo;il restait du travail \u00e0 faire.       L&rsquo;un apr\u00e8s l&rsquo;autre, les chefs d&rsquo;Etat et de gouvernement de       l&rsquo;UE, qui se sont retrouv\u00e9s \u00e0 Bruxelles pour d\u00e9battre de la situation       \u00e9conomique et de la lutte contre le r\u00e9chauffement climatique, se sont       prononc\u00e9s en faveur du projet r\u00e9vis\u00e9.       \u00a0       <font><strong>PROJET EUROP\u00c9EN       <\/strong><\/font>\u00ab\u00a0Ce qui est important, c&rsquo;est que c&rsquo;est un projet       europ\u00e9en\u00a0\u00bb, a soulign\u00e9 le chancelier autrichien Alfred Gusenbauer. \u00ab\u00a0Nous ne       ferons pas un barbecue pour quelques Etats membres seulement. La France       voulait initialement limiter le p\u00e9rim\u00e8tre de l&rsquo;UPM aux seuls 22 pays       strictement riverains de la M\u00e9diterran\u00e9e, plus le Portugal, la Jordanie et       la Mauritanie, ce qui avait suscit\u00e9 la col\u00e8re d&rsquo;Angela Merkel, qui       \u00e9voquait une division de l&rsquo;UE. Le \u00ab\u00a0processus de Barcelone\u00a0\u00bb entam\u00e9 en 1995       entre l&rsquo;UE et les pays de la M\u00e9diterran\u00e9e aurait \u00e9t\u00e9 affaibli par ce       projet qui pr\u00e9voyait aussi de siphonner les fonds communautaires, ce qui       \u00e9tait inacceptable pour de nombreux pays nordiques. L&rsquo;accord s&rsquo;est fait       selon cinq axes: relance du processus de Barcelone rebaptis\u00e9 parit\u00e9       Nord-Sud, participation de tous, coop\u00e9ration r\u00e9gionale et appel \u00e0 des       fonds priv\u00e9s. Sarkozy a \u00e9galement d\u00fb modifier son projet de lancer l&rsquo;UPM       le 13 juillet lors d&rsquo;un sommet r\u00e9unissant uniquement les pays riverains,       avant une r\u00e9union plus large le 14 juillet. D\u00e9sormais, il n&rsquo;est plus       question que d&rsquo;un seul sommet r\u00e9unissant le 13 juillet les Vingt-Sept, les       pays du Sud de la M\u00e9diterran\u00e9e et la Commission europ\u00e9enne. Le principal       m\u00e9rite reconnu \u00e0 l&rsquo;initiative fran\u00e7aise est l&rsquo;ambition de redonner du       tonus \u00e0 une processus jug\u00e9 peu productif et qui, selon Gusenbauer, \u00e9tait       \u00ab\u00a0dormant\u00a0\u00bb. Mais il reste toutefois des probl\u00e8mes \u00e0 r\u00e9gler avant le       lancement officiel de l&rsquo;UPM le 13 juillet prochain.       <font><strong>\u00a0       LE PROBL\u00c8ME DE LA COPR\u00c9SIDENCE<\/strong><\/font>       \u00a0       L&rsquo;architecture institutionnelle, la principale novation du projet avec       l&rsquo;accent mis sur la coop\u00e9ration r\u00e9gionale &#8211; l&rsquo;objectif est de pr\u00e9senter       quelques projets embl\u00e9matiques, comme la d\u00e9pollution de la M\u00e9diterran\u00e9e ou       la lutte contre les feux de for\u00eat\u00a0 &#8211; ne sera pas ais\u00e9e \u00e0 mettre en oeuvre.       L&rsquo;UPM sera copr\u00e9sid\u00e9e pour deux ans par un tandem compos\u00e9 d&rsquo;un pays de       l&rsquo;Union europ\u00e9enne et d&rsquo;un pays du sud de la M\u00e9diterran\u00e9e qui pr\u00e9pareront       des sommets ayant lieu tous les deux ans ainsi que des r\u00e9unions       minist\u00e9rielles. Le poste de copr\u00e9sident du c\u00f4t\u00e9 de l&rsquo;Union serait r\u00e9serv\u00e9       \u00ab\u00a0dans un premier temps\u00a0\u00bb aux pays riverains, ce qui fait d\u00e9bat.       La copr\u00e9sidence posera probl\u00e8me \u00e0 cause du conflit isra\u00e9lo-palestinien,       Isra\u00ebl faisant partie du processus de Barcelone depuis le d\u00e9but. Les pays       arabes n&rsquo;acceptent pas l&rsquo;id\u00e9e que l&rsquo;Etat h\u00e9breu puisse les repr\u00e9senter.       Mais Jansa a estim\u00e9 que ce conflit n&rsquo;\u00e9tait pas une raison pour ne pas       aller de l&rsquo;avant dans la coop\u00e9ration. \u00ab\u00a0L&rsquo;objectif n&rsquo;est pas de r\u00e9soudre       les probl\u00e8mes du Moyen-Orient ou le conflit isra\u00e9lo-palestinien\u00a0\u00bb, a-t-il       dit.       \u00a0       <font><strong>REUTERS<\/strong><\/font><\/div>\n<div>\n<hr\/><\/div>\n<div align=\"center\"> <strong><\/p>\n<p><font><font>AFP, le 14 mars 2008 \u00e0       02h07       <\/font><font size=\"3\">Union M\u00e9diterran\u00e9e: Sarkozy se r\u00e9jouit, reconna\u00eet       qu&rsquo;il y a eu \u00ab\u00a0compromis\u00a0\u00bb<\/font><\/font><\/p>\n<p><\/strong><\/div>\n<div>      \u00a0<\/div>\n<div align=\"justify\"> <font><strong>\u00a0BRUXELLES, 14 mars 2008 (AFP)<\/strong><\/font>       &#8211; Le pr\u00e9sident fran\u00e7ais Nicolas Sarkozy s&rsquo;est r\u00e9joui de la d\u00e9cision des 27       pays de l&rsquo;Union europ\u00e9enne d&rsquo;approuver jeudi soir, lors du sommet de       Bruxelles, son projet d&rsquo;Union pour la M\u00e9diterran\u00e9e, tout en reconnaissant       qu&rsquo;il avait fait l&rsquo;objet d&rsquo;un \u00ab\u00a0compromis\u00a0\u00bb. \u00ab\u00a0J&rsquo;ai le plaisir de vous       informer que demain matin sera formellement prise la d\u00e9cision de       transformer le processus de       Barcelone en Union pour la M\u00e9diterran\u00e9e. La d\u00e9cision a \u00e9t\u00e9 prise ce soir,       \u00e0 l&rsquo;unanimit\u00e9, avec un grand enthousiasme\u00a0\u00bb, a affirm\u00e9 M. Sarkozy lors       d&rsquo;une conf\u00e9rence de presse suivant le d\u00eener des chefs d&rsquo;Etat et de       gouvernement de l&rsquo;UE.       \u00ab\u00a0Tous les probl\u00e8mes ne sont pas r\u00e9gl\u00e9s ce soir\u00a0\u00bb, a toutefois conc\u00e9d\u00e9 le       chef de l&rsquo;Etat fran\u00e7ais. \u00ab\u00a0Il reste encore du travail, mais formellement la       d\u00e9cision est prise (&#8230;) laissez-moi franchir les \u00e9tapes les unes apr\u00e8s       les autres, cette \u00e9tape manifeste une volont\u00e9 de l&rsquo;Europe de ne plus       tourner le dos \u00e0 la M\u00e9diterran\u00e9e\u00a0\u00bb, a-t-il ajout\u00e9.       \u00ab\u00a0Je suis quand m\u00eame heureux que, pour toute l&rsquo;Europe, (la relance de la       coop\u00e9ration avec le sud de la M\u00e9diterran\u00e9e) soit une priorit\u00e9, ce n&rsquo;\u00e9tait       pas si \u00e9vident qu&rsquo;on obtienne tout \u00e7a ce soir (&#8230;) on n&rsquo;est pas pass\u00e9 en       force\u00a0\u00bb, a-t-il insist\u00e9.       \u00ab\u00a0C&rsquo;est un compromis, c&rsquo;est incontestable, c&rsquo;est difficile de faire       l&rsquo;Europe sans compromis mais je ne pense pas qu&rsquo;on puisse dire qu&rsquo;on a       renonc\u00e9 \u00e0 l&rsquo;ambition du projet\u00a0\u00bb, a jug\u00e9 M. Sarkozy. Le chef de l&rsquo;Etat       fran\u00e7ais a n\u00e9anmoins balay\u00e9 les r\u00e9ticences exprim\u00e9es par certains pays sur       l&rsquo;utilisation par l&rsquo;Union pour la M\u00e9diterran\u00e9e de fonds europ\u00e9ens,       promettant que \u00ab\u00a0c&rsquo;est la commission qui doit g\u00e9rer les fonds\u00a0\u00bb.       \u00ab\u00a0Des fonds, il y en a beaucoup, pour une fois, ce n&rsquo;est pas un probl\u00e8me       financier\u00a0\u00bb, a-t-il ajout\u00e9, chiffrant leur montant \u00ab\u00a0de l&rsquo;ordre de 13 \u00e0 14       milliards d&rsquo;euros\u00a0\u00bb. Selon le chef de l&rsquo;Etat fran\u00e7ais, l&rsquo;accord s&rsquo;est fait       \u00ab\u00a0sur la       base du papier franco-allemand\u00a0\u00bb, mis au point apr\u00e8s le compromis annonc\u00e9       par Paris et Berlin \u00e0 Hanovre le 3 mars. Les pays de l&rsquo;UE ont \u00e9galement       \u00ab\u00a0valid\u00e9\u00a0\u00bb l&rsquo;id\u00e9e d&rsquo;un sommet \u00e0 Paris le 13 juillet r\u00e9unissant les 27 pays       de l&rsquo;UE et les pays du Sud de la M\u00e9diterran\u00e9e \u00ab\u00a0sous pr\u00e9sidence fran\u00e7aise\u00a0\u00bb       pour lancer officiellement l&rsquo;Union pour la M\u00e9diterran\u00e9e, a indiqu\u00e9 M.       Sarkozy. C&rsquo;est la troisi\u00e8me initiative fran\u00e7aise apr\u00e8s le trait\u00e9       simplifi\u00e9, apr\u00e8s le groupe des Sages, qui rassemble un tr\u00e8s large       consensus en Europe (&#8230;) c&rsquo;est une tr\u00e8s bonne nouvelle\u00a0\u00bb, s&rsquo;est \u00e9galement       f\u00e9licit\u00e9 Nicolas Sarkozy.       \u00a0       <font><strong>AFP<\/strong><\/font><\/div>\n<div>      \u00a0<\/div>\n<div>\n<hr\/><\/div>\n<div align=\"center\"> <font><strong><font>AFP, le 14 mars 2008 \u00e0       16h08       <\/font><\/p>\n<h3 style=\"color: blue;\"><font size=\"3\">Union M\u00e9diterran\u00e9e: \u00ab\u00a0pas une       alternative\u00a0\u00bb \u00e0 l&rsquo;entr\u00e9e de la Turquie dans l&rsquo;UE (Barroso)<\/font><\/h3>\n<p><\/strong><\/font><\/div>\n<div>      \u00a0<\/div>\n<div align=\"justify\"> <font>BRUXELLES, 14 mars 2008 (AFP) &#8211; La cr\u00e9ation d&rsquo;une       Union pour la M\u00e9diterran\u00e9e approuv\u00e9e par les Europ\u00e9ens pour relancer leur       partenariat avec les pays du sud de la M\u00e9diterran\u00e9e, n&rsquo;est \u00ab\u00a0pas une       alternative\u00a0\u00bb \u00e0 l&rsquo;adh\u00e9sion de la Turquie \u00e0 l&rsquo;UE, a assur\u00e9 vendredi le       pr\u00e9sident de la Commission europ\u00e9enne. \u00ab\u00a0Pour \u00eatre clair, ce n&rsquo;est pas une       alternative\u00a0\u00bb, a d\u00e9clar\u00e9 Jos\u00e9 Manuel Barroso lors d&rsquo;une conf\u00e9rence de       presse \u00e0 l&rsquo;issue du sommet europ\u00e9en de Bruxelles.       Lorsque le pr\u00e9sident fran\u00e7ais Nicolas Sarkozy l&rsquo;avait lanc\u00e9e lors de la       campagne pr\u00e9sidentielle en mai dernier, cette id\u00e9e avait \u00e9t\u00e9 interpr\u00e9t\u00e9e,       en premier lieu par Ankara, comme une volont\u00e9 d&rsquo;imposer une alternative \u00e0       l&rsquo;adh\u00e9sion de la Turquie, \u00e0 laquelle M. Sarkozy s&rsquo;est toujours oppos\u00e9e.       \u00ab\u00a0Nous avons eu hier et aujourd&rsquo;hui une discussion tr\u00e8s franche (sur       l&rsquo;Union pour la M\u00e9diterran\u00e9e), et nous n&rsquo;avons jamais utilis\u00e9 le mot       +Turquie+\u00a0\u00bb, a assur\u00e9 le Premier ministre slov\u00e8ne Janez Jansa, dont le pays       assure la pr\u00e9sidence de l&rsquo;UE.       \u00ab\u00a0Cela ne veut pas dire que nous n&rsquo;attendons pas que la Turquie participe \u00e0       l&rsquo;Union pour la M\u00e9diterran\u00e9e (&#8230;) La Turquie est un pays tr\u00e8s important       pour les questions m\u00e9diterran\u00e9ennes et nous serions ravis si elle       participait au projet\u00a0\u00bb, a pr\u00e9cis\u00e9 M. Barroso.       Les 27 se sont mis d&rsquo;accord vendredi pour le lancement d&rsquo;une Union pour la       M\u00e9diterran\u00e9e qui se r\u00e9duit largement \u00e0 une relance du processus de       Barcelone initi\u00e9 en 1995 par l&rsquo;UE pour cr\u00e9er un partenariat avec les pays       du sud de la M\u00e9diterran\u00e9e.       D&rsquo;ailleurs le nom de processus de Barcelone ne sera pas abandonn\u00e9 et le       projet fran\u00e7ais largement vid\u00e9 de sa substance s&rsquo;appellera finalement       \u00ab\u00a0Processus de Barcelone: Union pour la       M\u00e9diterran\u00e9e\u00a0\u00bb, selon le texte adopt\u00e9 vendredi par les dirigeants       europ\u00e9ens.       Pour pr\u00e9ciser le contenu de cette Union, la Commission europ\u00e9enne a \u00e9t\u00e9       charg\u00e9e par les dirigeants europ\u00e9ens de \u00ab\u00a0pr\u00e9senter les propositions       n\u00e9cessaires pour d\u00e9finir les modalit\u00e9s de ce qu sera appel\u00e9 +processus de       Barcelone: Union pour la M\u00e9diterran\u00e9e+ dans l&rsquo;optique du sommet de Paris       le 13 juillet\u00a0\u00bb, ajoute le texte. Ce sommet initi\u00e9 par la France doit       permettre de lancer cette Union avec les pays du sud de la M\u00e9diterran\u00e9e.       <\/font>\u00a0       <strong>AFP <\/strong> <\/div>\n<\/p><\/div>\n<p> <\/font><\/div>\n<p><\/font><\/span><\/font><\/p>\n<p><\/span><\/font><\/span><\/font><\/p>\n<p align=\"center\">\u00a0<\/p>\n<p align=\"center\"><b><a href=\"https:\/\/tunisnews.net\/ar\/\"><span>Home<\/span><span lang=\"FR-CH\"> &#8211; Accueil <\/span><span>&#8211; <\/span><span dir=\"rtl\" lang=\"AR-SA\">\u0627\u0644\u0631\u0626\u064a\u0633\u064a\u0629<\/span><\/a><\/b><\/p>\n<p><\/body><\/body><\/html><\/p>","protected":false},"excerpt":{"rendered":"<p>Home &#8211; Accueil &#8211; \u00a0 TUNISNEWS \u00a08\u00a0\u00e8me\u00a0ann\u00e9e, N\u00b0 \u00a02851 du 14.03.2008 \u00a0archives : www.tunisnews.net \u00a0 Luiza Toscane: Acharnement contre Slim Boukhdhir Citoyennes des Deux Rives:\u00a0 D\u00e9g\u00e2ts collat\u00e9raux de la lutte contre le terrorisme AFP: Autriche: la presse sp\u00e9cule sur les exigences des ravisseurs des touristes AFP: Enl\u00e8vement dans le Sahara: la Tunisie est un pays [&hellip;]<\/p>\n","protected":false},"author":1,"featured_media":22040,"comment_status":"open","ping_status":"open","sticky":false,"template":"","format":"standard","meta":{"inline_featured_image":false,"site-sidebar-layout":"default","site-content-layout":"","ast-site-content-layout":"default","site-content-style":"default","site-sidebar-style":"default","ast-global-header-display":"","ast-banner-title-visibility":"","ast-main-header-display":"","ast-hfb-above-header-display":"","ast-hfb-below-header-display":"","ast-hfb-mobile-header-display":"","site-post-title":"","ast-breadcrumbs-content":"","ast-featured-img":"","footer-sml-layout":"","ast-disable-related-posts":"","theme-transparent-header-meta":"","adv-header-id-meta":"","stick-header-meta":"","header-above-stick-meta":"","header-main-stick-meta":"","header-below-stick-meta":"","astra-migrate-meta-layouts":"default","ast-page-background-enabled":"default","ast-page-background-meta":{"desktop":{"background-color":"","background-image":"","background-repeat":"repeat","background-position":"center center","background-size":"auto","background-attachment":"scroll","background-type":"","background-media":"","overlay-type":"","overlay-color":"","overlay-opacity":"","overlay-gradient":""},"tablet":{"background-color":"","background-image":"","background-repeat":"repeat","background-position":"center center","background-size":"auto","background-attachment":"scroll","background-type":"","background-media":"","overlay-type":"","overlay-color":"","overlay-opacity":"","overlay-gradient":""},"mobile":{"background-color":"","background-image":"","background-repeat":"repeat","background-position":"center center","background-size":"auto","background-attachment":"scroll","background-type":"","background-media":"","overlay-type":"","overlay-color":"","overlay-opacity":"","overlay-gradient":""}},"ast-content-background-meta":{"desktop":{"background-color":"var(--ast-global-color-5)","background-image":"","background-repeat":"repeat","background-position":"center center","background-size":"auto","background-attachment":"scroll","background-type":"","background-media":"","overlay-type":"","overlay-color":"","overlay-opacity":"","overlay-gradient":""},"tablet":{"background-color":"var(--ast-global-color-5)","background-image":"","background-repeat":"repeat","background-position":"center center","background-size":"auto","background-attachment":"scroll","background-type":"","background-media":"","overlay-type":"","overlay-color":"","overlay-opacity":"","overlay-gradient":""},"mobile":{"background-color":"var(--ast-global-color-5)","background-image":"","background-repeat":"repeat","background-position":"center center","background-size":"auto","background-attachment":"scroll","background-type":"","background-media":"","overlay-type":"","overlay-color":"","overlay-opacity":"","overlay-gradient":""}},"footnotes":""},"categories":[],"tags":[55,39,29],"class_list":["post-17153","post","type-post","status-publish","format-standard","has-post-thumbnail","hentry","tag-55","tag-39","tag-fr"],"_links":{"self":[{"href":"https:\/\/tunisnews.net\/ar\/wp-json\/wp\/v2\/posts\/17153","targetHints":{"allow":["GET"]}}],"collection":[{"href":"https:\/\/tunisnews.net\/ar\/wp-json\/wp\/v2\/posts"}],"about":[{"href":"https:\/\/tunisnews.net\/ar\/wp-json\/wp\/v2\/types\/post"}],"author":[{"embeddable":true,"href":"https:\/\/tunisnews.net\/ar\/wp-json\/wp\/v2\/users\/1"}],"replies":[{"embeddable":true,"href":"https:\/\/tunisnews.net\/ar\/wp-json\/wp\/v2\/comments?post=17153"}],"version-history":[{"count":0,"href":"https:\/\/tunisnews.net\/ar\/wp-json\/wp\/v2\/posts\/17153\/revisions"}],"wp:featuredmedia":[{"embeddable":true,"href":"https:\/\/tunisnews.net\/ar\/wp-json\/wp\/v2\/media\/22040"}],"wp:attachment":[{"href":"https:\/\/tunisnews.net\/ar\/wp-json\/wp\/v2\/media?parent=17153"}],"wp:term":[{"taxonomy":"category","embeddable":true,"href":"https:\/\/tunisnews.net\/ar\/wp-json\/wp\/v2\/categories?post=17153"},{"taxonomy":"post_tag","embeddable":true,"href":"https:\/\/tunisnews.net\/ar\/wp-json\/wp\/v2\/tags?post=17153"}],"curies":[{"name":"wp","href":"https:\/\/api.w.org\/{rel}","templated":true}]}}