{"id":17120,"date":"2011-03-18T00:00:00","date_gmt":"2011-03-18T00:00:00","guid":{"rendered":"https:\/\/tunisnews.net\/18-mars-2011\/"},"modified":"2011-03-18T00:00:00","modified_gmt":"2011-03-18T00:00:00","slug":"18-mars-2011","status":"publish","type":"post","link":"https:\/\/tunisnews.net\/ar\/18-mars-2011\/","title":{"rendered":"18 mars 2011"},"content":{"rendered":"<p><html><head><meta content=\"text\/html\" description=\"Au cours de sa visite, elle \nrencontrera des responsables officiels, politiques, diplomatiques, fran\u00e7ais et \ntunisiens. Outre des r\u00e9unions de travail et entretiens au Consulat de France \u00e0 \nTunis et \u00e0 l\u2019Institut Fran\u00e7ais de Coop\u00e9ration, la visite du lyc\u00e9e Pierre \nMend\u00e8s-France et de la m\u00e9diath\u00e8que Charles de Gaulle, elle rencontrera des \nresponsables des associations de parents d\u2019\u00e9l\u00e8ves, des syndicats d\u2019enseignants \net de personnels administratifs fran\u00e7ais, ceux de l\u2019association \u00ab\u00a0Fran\u00e7ais de \nTunisie\u00a0\u00bb, ainsi que la section locale du Parti Socialiste fran\u00e7ais.\" http-equiv=\"Content-Type\"\/><\/head><body><body><\/p>\n<div><\/div>\n<div align=\"center\" dir=\"ltr\"><font face=\"Bookman Old Style\" size=\"7\"><strong>TUNISNEWS <\/strong><\/font><\/div>\n<div align=\"center\" dir=\"ltr\"><strong><font face=\"Arial\" size=\"2\">10 \u00e8me ann\u00e9e,\u00a0 N\u00b03951 du 18.03.2011<\/font><\/strong><\/div>\n<div align=\"center\" dir=\"ltr\"><font face=\"Arial\" size=\"2\"><strong>archives : <\/strong><\/font><a target=\"_blank\" rel=\"noopener\"><font face=\"Arial\" size=\"2\"><strong>www.tunisnews.net<\/strong><\/font><\/a><span lang=\"FR\"><strong><font face=\"Arial\" size=\"2\">\u00a0<\/font><\/strong><\/span><\/div>\n<p><span lang=\"FR\"><\/p>\n<div align=\"center\" dir=\"ltr\">\n<hr\/>\n<\/div>\n<div align=\"left\" dir=\"ltr\"><font face=\"Arial\"><span lang=\"FR\"><strong><b><span lang=\"FR\"><\/p>\n<h2 style=\"color: red;\"><font face=\"Arial\" size=\"2\">Communiqu\u00e9 de l\u2019association \u00ab\u00a0Fran\u00e7ais-du-Monde \u2013 ADFE \u2013 Tunisie\u00a0\u00bb<\/font><\/h2>\n<p><\/span><\/b><\/strong><\/span><\/font><\/div>\n<div align=\"left\" dir=\"ltr\"><font face=\"Arial\" size=\"2\"><strong>AP: Hillary Clinton appelle \u00e0 concr\u00e9tiser \u00ab\u00a0les grands espoirs\u00a0\u00bb suscit\u00e9s par la r\u00e9volution par des r\u00e9formes<\/strong><\/font><font face=\"Arial\"><span lang=\"FR\"><strong><b><span lang=\"FR\"><font face=\"Arial\"> <\/p>\n<p><font face=\"Arial\" size=\"2\"><strong>AP: Aucune dictature ne pourra r\u00e9sister au \u00ab\u00a0vent du changement\u00a0\u00bb dans le monde arabe, selon Jerzy Buzek<\/strong><\/font><\/p>\n<p><\/font><\/span><\/b><\/strong><\/span><\/font><\/div>\n<div align=\"left\" dir=\"ltr\"><font face=\"Arial\"><span lang=\"FR\"><strong><b><span lang=\"FR\"><font size=\"2\">AFP:<font face=\"Arial\"><strong>Pierre Lellouche en Tunisie pour renforcer le commerce bilat\u00e9ral<\/strong><\/font><\/font><\/span><\/b><\/strong><\/span><\/font><\/div>\n<div align=\"left\" dir=\"ltr\">\n<h2 style=\"color: red;\"><font size=\"2\"><font face=\"Arial\"><strong><font>Dr Soumeya Laarif: <\/font><\/strong><\/font><font face=\"Arial\"><strong>Retournez a Alkasbah sauvez votre revolution<\/strong><\/font><\/font><\/h2>\n<\/div>\n<div align=\"left\" dir=\"ltr\">\n<h2 style=\"color: red;\"><font face=\"Arial\"><span lang=\"FR\"><font><strong><\/p>\n<hr\/>\n<p><\/strong><\/font><strong><font face=\"Arial\">REVUE DE PRESSE<\/font><\/strong><\/span><\/font><\/h2>\n<\/div>\n<div>\n<hr\/>\n<\/div>\n<div align=\"center\"><b><span lang=\"FR\"><font face=\"Arial\">18 mars 2011<\/font><\/span><\/b><\/div>\n<div align=\"center\"><b><span lang=\"FR\"><\/p>\n<h2 style=\"color: red;\"><font face=\"Arial\">Communiqu\u00e9 de l\u2019association \u00ab\u00a0Fran\u00e7ais-du-Monde \u2013 ADFE \u2013 Tunisie\u00a0\u00bb<\/font><\/h2>\n<p><\/span><\/b><\/div>\n<div align=\"center\"><span lang=\"FR\"><font face=\"Arial\">Visite en Tunisie de Monique Cerisier Ben Guiga<\/font><font face=\"Arial\"><\/font><\/span><\/div>\n<div align=\"center\">\n<hr\/>\n<\/div>\n<p><\/span><\/p>\n<p align=\"justify\">\u00a0<\/p>\n<p align=\"justify\"><font face=\"Arial\"><b><span lang=\"FR\"><font>Monique Cerisier Ben Guiga,<\/font><\/span><\/b><font><span lang=\"FR\"> s\u00e9natrice fran\u00e7aise, pr\u00e9sidente de l\u2019association \u00abFran\u00e7ais-du-Monde \u2013 ADFE\u00bb<\/span><\/font><span lang=\"FR\"><font>, sera en visite officielle en Tunisie \u00e0 partir du 22 mars. <\/font><\/span><\/font><\/p>\n<p align=\"justify\"><span lang=\"FR\"><font face=\"Arial\"><font>Le<b> Vendredi 25 mars \u00e0 19h<\/b>elle donnera une conf\u00e9rence publique sur le th\u00e8me\u00a0: <\/font><b><font>\u00ab Fran\u00e7ais-du-Monde \u2013 ADFE : une association mondiale face aux bouleversements du monde \u00bb <\/font><\/b><\/font><\/span><\/p>\n<p align=\"justify\"><span lang=\"FR\"><font face=\"Arial\">\u00e0 <b>La Marsa<\/b>, au <b>lyc\u00e9e fran\u00e7ais Gustave Flaubert,<\/b> 16 rue Othman Kaak (pr\u00e8s de la station du TGM).<\/font><\/span><\/p>\n<p align=\"justify\"><span lang=\"FR\"><font face=\"Arial\"><font>En raison des obligations de s\u00e9curit\u00e9 auxquelles sont soumis les lyc\u00e9es, une pi\u00e8ce d\u2019identit\u00e9 sera demand\u00e9e \u00e0 l\u2019entr\u00e9e. <\/font><b><font>Entr\u00e9e libre.<\/font><\/b><\/font><\/span><\/p>\n<p align=\"justify\"><span lang=\"FR\"><font face=\"Arial\">Au cours de sa visite, elle rencontrera des responsables officiels, politiques, diplomatiques, fran\u00e7ais et tunisiens. Outre des r\u00e9unions de travail et entretiens au Consulat de France \u00e0 Tunis et \u00e0 l\u2019Institut Fran\u00e7ais de Coop\u00e9ration, la visite du lyc\u00e9e Pierre Mend\u00e8s-France et de la m\u00e9diath\u00e8que Charles de Gaulle, elle rencontrera des responsables des associations de parents d\u2019\u00e9l\u00e8ves, des syndicats d\u2019enseignants et de personnels administratifs fran\u00e7ais, ceux de l\u2019association \u00ab\u00a0Fran\u00e7ais de Tunisie\u00a0\u00bb, ainsi que la section locale du Parti Socialiste fran\u00e7ais.<\/font><\/span><\/p>\n<p align=\"justify\"><font face=\"Arial\"><span lang=\"FR\"><font>Le Samedi 26 mars \u00e0 partir de 15h, elle rencontrera les<b> adh\u00e9rents <\/b>de \u00ab\u00a0Fran\u00e7ais-du-Monde \u2013 ADFE\u00a0\u00bb <b>de toutes les r\u00e9gions de Tunisie <\/b>qui pourront se d\u00e9placer pour une rencontre conviviale \u00e0 l&rsquo;\u00e9cole fran\u00e7aise George Sand de Nabeul.<\/font><\/span><\/font><\/p>\n<p align=\"justify\"><span lang=\"FR\"><font face=\"Arial\">C\u00f4t\u00e9 tunisien, elle rencontrera notamment les pr\u00e9sidents et secr\u00e9taires g\u00e9n\u00e9raux de l\u2019Association Tunisienne des Femmes D\u00e9mocrates (<b>ATFD<\/b>), des partis <b>Ettajdid<\/b>, Parti D\u00e9mocrate Progressiste (<b>PDP<\/b>), Forum D\u00e9mocratique du Travail et des Libert\u00e9s (<b>FDTL<\/b>).<\/font><\/span><\/p>\n<p align=\"justify\"><font face=\"Arial\"><span lang=\"FR\"><font>Le lundi 28 mars, accompagn\u00e9e d\u2019une d\u00e9l\u00e9gation de \u00ab\u00a0Fran\u00e7ais-du-Monde &#8211; ADFE \u2013 Tunisie\u00a0\u00bb, elle se rendra \u00e0 <b>Sidi Bouzid<\/b> et \u00e0 <b>Kasserine<\/b> pour se recueillir sur la tombe de Mohamed Bouazizi et visiter le \u00ab\u00a0Club des Martyrs\u00a0\u00bb \u00e0 Kasserine. Elle rencontrera deux nouvelles associations de la soci\u00e9t\u00e9 civile tunisienne\u00a0: l\u2019\u00a0\u00ab\u00a0Association Mohamed Bouazizi pour le d\u00e9veloppement et la lutte contre la marginalisation\u00a0\u00bb \u00e0 Sidi Bouzid et l\u2019\u00a0\u00ab\u00a0Association \u00ab\u00a0Amal\u00a0\u00bb pour la solidarit\u00e9 et le d\u00e9veloppement \u00e0 Kasserine\u00a0\u00bb afin de leur apporter amiti\u00e9 et soutien, et d\u2019\u00e9changer des points de vue sur la collaboration entres les soci\u00e9t\u00e9s civiles, tunisienne et fran\u00e7aise. <\/font><\/span><\/font><\/p>\n<div>\n<hr\/>\n<\/div>\n<div align=\"center\">\n<p><font face=\"Arial\"><strong>Hillary Clinton appelle \u00e0 concr\u00e9tiser \u00ab\u00a0les grands espoirs\u00a0\u00bb suscit\u00e9s par la r\u00e9volution par des r\u00e9formes<\/strong><\/font><\/p>\n<\/div>\n<div>\n<hr\/>\n<\/div>\n<div>\u00a0<\/div>\n<div><font face=\"Arial\" size=\"2\">AP: 17\/03\/11 18:45 <\/font><\/div>\n<div>\u00a0<\/div>\n<div><font face=\"Arial\" size=\"2\">TUNIS (AP) \u2014 En visite \u00e0 Tunis, la secr\u00e9taire d&rsquo;Etat am\u00e9ricaine Hillary Clinton a plaid\u00e9 jeudi pour la concr\u00e9tisation des \u00ab\u00a0grands espoirs\u00a0\u00bb suscit\u00e9s par la r\u00e9volution tunisienne par des r\u00e9formes.<\/font><\/div>\n<div>\u00a0<\/div>\n<div><font face=\"Arial\" size=\"2\">Mme Clinton effectuait son premier voyage en Tunisie depuis la chute du r\u00e9gime totalitaire de l&rsquo;ancien pr\u00e9sident Ben Ali.<\/font><\/div>\n<div>\u00a0<\/div>\n<div><font face=\"Arial\" size=\"2\">\u00ab\u00a0Cette r\u00e9volution a suscit\u00e9 de grands espoirs et nous devons la soutenir pour transformer ces espoirs en r\u00e9sultats \u00e0 travers des r\u00e9formes politiques, \u00e9conomiques et sociales engag\u00e9es par les Tunisiens\u00a0\u00bb, a d\u00e9clar\u00e9 la cheffe de la diplomatie am\u00e9ricaine lors d&rsquo;une visite \u00e0 un centre de formation de volontaires relevant du Croissant Rouge tunisien (CRT).<\/font><\/div>\n<div>\u00a0<\/div>\n<div><font face=\"Arial\" size=\"2\">Elle a exprim\u00e9 sa consid\u00e9ration pour \u00ab\u00a0l&rsquo;action remarquable\u00a0\u00bb assum\u00e9e par le CRT pour apporter des aides humanitaires aux dizaines de milliers de r\u00e9fugi\u00e9s de diverses nationalit\u00e9s qui ont fui l&rsquo;ins\u00e9curit\u00e9 en Libye vers la fronti\u00e8re tunisienne.<\/font><\/div>\n<div>\u00a0<\/div>\n<div><font face=\"Arial\" size=\"2\">Elle a fait don \u00e0 cette association dirig\u00e9e par le Dr Brahim Gharbi d&rsquo;une ambulance dot\u00e9e d&rsquo;\u00e9quipements m\u00e9dicaux, \u00e0 titre de \u00ab\u00a0cadeau du peuple am\u00e9ricain\u00a0\u00bb.<\/font><\/div>\n<div>\u00a0<\/div>\n<div><font face=\"Arial\" size=\"2\">Cr\u00e9\u00e9 en 2008 \u00e0 la faveur d&rsquo;un don am\u00e9ricain, ce centre organise des sessions de formation dans le domaine des aides humanitaires \u00e0 l&rsquo;\u00e9chelle nationale, maghr\u00e9bine et internationale.<\/font><\/div>\n<div>\u00a0<\/div>\n<div><font face=\"Arial\" size=\"2\">A l&rsquo;issue de cette visite, Mme Clinton a entam\u00e9 ses rencontres officielles par un entretien avec le pr\u00e9sident tunisien par int\u00e9rim Foued Mebaza\u00e2 avec lequel elle a examin\u00e9 \u00ab\u00a0les moyens de renforcer les relations de coop\u00e9ration et de partenariat et d&rsquo;en diversifier les domaines, au service des int\u00e9r\u00eats communs\u00a0\u00bb.<\/font><\/div>\n<div>\u00a0<\/div>\n<div><font face=\"Arial\" size=\"2\">Cit\u00e9e par l&rsquo;agence officielle TAP, Mme Clinton a qualifi\u00e9 la r\u00e9volution tunisienne d'\u00a0\u00bb\u00e9v\u00e8nement historique majeur\u00a0\u00bb et d'\u00a0\u00bbexemple \u00e0 suivre\u00a0\u00bb.<\/font><\/div>\n<div>\u00a0<\/div>\n<div><font face=\"Arial\" size=\"2\">Elle a, dans ce contexte, fait part de la disposition des Etats-Unis \u00e0 apporter son soutien \u00e0 la Tunisie, au cours de \u00ab\u00a0cette \u00e9tape importante et d\u00e9licate, afin de r\u00e9ussir sa transition et de r\u00e9aliser les aspirations du peuple tunisien \u00e0 un lendemain meilleur\u00a0\u00bb.<\/font><\/div>\n<div>\u00a0<\/div>\n<div><font face=\"Arial\" size=\"2\">Elle a assur\u00e9 de la volont\u00e9 de Washington de raffermir la coop\u00e9ration bilat\u00e9rale dans le domaine \u00e9conomique et de renforcer l&rsquo;investissement dans les r\u00e9gions prioritaires.<\/font><\/div>\n<div>\u00a0<\/div>\n<div><font face=\"Arial\" size=\"2\">De son c\u00f4t\u00e9, le pr\u00e9sident tunisien a donn\u00e9 un aper\u00e7u \u00e0 son interlocutrice des \u00ab\u00a0pas importants franchis par la Tunisie sur la voie de la transition d\u00e9mocratique\u00a0\u00bb.<\/font><\/div>\n<div>\u00a0<\/div>\n<div><font face=\"Arial\" size=\"2\">Il a mis l&rsquo;accent sur \u00ab\u00a0les priorit\u00e9s de la p\u00e9riode \u00e0 venir, s&rsquo;agissant notamment du d\u00e9veloppement des r\u00e9gions d\u00e9favoris\u00e9es de la multiplication des postes d&#8217;emploi et de l&rsquo;am\u00e9lioration des conditions de vie des habitants\u00a0\u00bb.<\/font><\/div>\n<div>\u00a0<\/div>\n<div><font face=\"Arial\" size=\"2\">C&rsquo;est de ces r\u00e9gions d\u00e9munies, notamment Sidi Bouzid, dans le centre-ouest tunisien, qu&rsquo;est partie l&rsquo;\u00e9tincelle de la r\u00e9volution qui a conduit \u00e0 la chute du r\u00e9gime totalitaire de l&rsquo;ancien pr\u00e9sident Ben Ali qui a fui le 14 janvier dernier en Arabie Saoudite apr\u00e8s avoir r\u00e9gn\u00e9 d&rsquo;une main de fer sur la Tunisie pendant 23 ans. AP<\/font><\/div>\n<div>\n<hr\/>\n<\/div>\n<div align=\"center\">\n<h2 style=\"color: red;\"><font face=\"Arial\"><strong>Aucune dictature ne pourra r\u00e9sister au \u00ab\u00a0vent du changement\u00a0\u00bb dans le monde arabe, selon Jerzy Buzek<\/strong><\/font><\/h2>\n<\/div>\n<div>\n<hr\/>\n<\/div>\n<div>\u00a0<\/div>\n<div><font face=\"Arial\" size=\"2\">AP: 18\/03\/11 19:55<\/font><\/div>\n<div>\u00a0<\/div>\n<div><font face=\"Arial\" size=\"2\">TUNIS (AP) \u2014 \u00ab\u00a0Aucune dictature ne pourra, sur le long terme, r\u00e9sister au vent du changement qui souffle de la Tunisie vers le monde arabe\u00a0\u00bb, a d\u00e9clar\u00e9 vendredi \u00e0 Tunis le pr\u00e9sident du Parlement europ\u00e9en (PE) Jerzy Buzek.<\/font><\/div>\n<div>\u00a0<\/div>\n<div><font face=\"Arial\" size=\"2\">Lors d&rsquo;une conf\u00e9rence de presse tenue au terme d&rsquo;une visite de deux jours en Tunisie, M. Buzek s&rsquo;est f\u00e9licit\u00e9 de l&rsquo;imposition d&rsquo;une zone d&rsquo;exclusion a\u00e9rienne en Libye d\u00e9cid\u00e9e dans la nuit de jeudi \u00e0 vendredi par le Conseil de s\u00e9curit\u00e9 de l&rsquo;ONU.<\/font><\/div>\n<div>\u00a0<\/div>\n<div><font face=\"Arial\" size=\"2\">\u00ab\u00a0Kadhafi devrait savoir que ses voisins arabes et europ\u00e9ens ne le laisseront pas tuer son propre peuple\u00a0\u00bb, a assur\u00e9 le pr\u00e9sident du PE.<\/font><\/div>\n<div>\u00a0<\/div>\n<div><font face=\"Arial\" size=\"2\">Selon lui, le cessez-le-feu annonc\u00e9 par Tripoli \u00ab\u00a0est une premi\u00e8re \u00e9tape, mais ne peut \u00eatre que le d\u00e9but de la transition du pouvoir\u00a0\u00bb. \u00ab\u00a0Le r\u00e9gime de Kadhafi a perdu toute l\u00e9gitimit\u00e9 et il doit s&rsquo;en aller.\u00a0\u00bb<\/font><\/div>\n<div>\u00a0<\/div>\n<div><font face=\"Arial\" size=\"2\">M. Buzek a par ailleurs fait \u00e9tat de \u00ab\u00a0la disposition de l&rsquo;Union Europ\u00e9enne \u00e0 apporter son soutien \u00e0 la Tunisie dans tous les domaines en vue de parvenir \u00e0 la r\u00e9alisation de la transition d\u00e9mocratique\u00a0\u00bb dans ce pays.<\/font><\/div>\n<div>\u00a0<\/div>\n<div><font face=\"Arial\" size=\"2\">\u00ab\u00a0L&rsquo;aide de l&rsquo;Europe sera adapt\u00e9e aux besoins de la Tunisie\u00a0\u00bb, a assur\u00e9 le pr\u00e9sident du PE, qualifiant d'\u00a0\u00bbinstructifs\u00a0\u00bb ses entretiens avec les membres du gouvernement tunisien et les repr\u00e9sentants de la soci\u00e9t\u00e9 civile.<\/font><\/div>\n<div>\u00a0<\/div>\n<div><font face=\"Arial\" size=\"2\">Il a annonc\u00e9 l&rsquo;octroi par l&rsquo;Union europ\u00e9enne de six millions d&rsquo;euros pour aider au \u00ab\u00a0bon d\u00e9roulement des \u00e9lections de l&rsquo;assembl\u00e9e constituante\u00a0\u00bb pr\u00e9vues le 24 juillet prochain en Tunisie. AP<\/font><\/div>\n<div>\n<hr\/>\n<\/div>\n<div align=\"center\">\n<p><font face=\"Arial\"><strong>Hillary Clinton appelle \u00e0 concr\u00e9tiser \u00ab\u00a0les grands espoirs\u00a0\u00bb suscit\u00e9s par la r\u00e9volution par des r\u00e9formes<\/strong><\/font><\/p>\n<\/div>\n<div>\n<hr\/>\n<\/div>\n<div>\u00a0<\/div>\n<div><font face=\"Arial\" size=\"2\">AP: 17\/03\/11 18:45 <\/font><\/div>\n<div>\u00a0<\/div>\n<div><font face=\"Arial\" size=\"2\">TUNIS (AP) \u2014 En visite \u00e0 Tunis, la secr\u00e9taire d&rsquo;Etat am\u00e9ricaine Hillary Clinton a plaid\u00e9 jeudi pour la concr\u00e9tisation des \u00ab\u00a0grands espoirs\u00a0\u00bb suscit\u00e9s par la r\u00e9volution tunisienne par des r\u00e9formes.<\/font><\/div>\n<div>\u00a0<\/div>\n<div><font face=\"Arial\" size=\"2\">Mme Clinton effectuait son premier voyage en Tunisie depuis la chute du r\u00e9gime totalitaire de l&rsquo;ancien pr\u00e9sident Ben Ali.<\/font><\/div>\n<div>\u00a0<\/div>\n<div><font face=\"Arial\" size=\"2\">\u00ab\u00a0Cette r\u00e9volution a suscit\u00e9 de grands espoirs et nous devons la soutenir pour transformer ces espoirs en r\u00e9sultats \u00e0 travers des r\u00e9formes politiques, \u00e9conomiques et sociales engag\u00e9es par les Tunisiens\u00a0\u00bb, a d\u00e9clar\u00e9 la cheffe de la diplomatie am\u00e9ricaine lors d&rsquo;une visite \u00e0 un centre de formation de volontaires relevant du Croissant Rouge tunisien (CRT).<\/font><\/div>\n<div>\u00a0<\/div>\n<div><font face=\"Arial\" size=\"2\">Elle a exprim\u00e9 sa consid\u00e9ration pour \u00ab\u00a0l&rsquo;action remarquable\u00a0\u00bb assum\u00e9e par le CRT pour apporter des aides humanitaires aux dizaines de milliers de r\u00e9fugi\u00e9s de diverses nationalit\u00e9s qui ont fui l&rsquo;ins\u00e9curit\u00e9 en Libye vers la fronti\u00e8re tunisienne.<\/font><\/div>\n<div>\u00a0<\/div>\n<div><font face=\"Arial\" size=\"2\">Elle a fait don \u00e0 cette association dirig\u00e9e par le Dr Brahim Gharbi d&rsquo;une ambulance dot\u00e9e d&rsquo;\u00e9quipements m\u00e9dicaux, \u00e0 titre de \u00ab\u00a0cadeau du peuple am\u00e9ricain\u00a0\u00bb.<\/font><\/div>\n<div>\u00a0<\/div>\n<div><font face=\"Arial\" size=\"2\">Cr\u00e9\u00e9 en 2008 \u00e0 la faveur d&rsquo;un don am\u00e9ricain, ce centre organise des sessions de formation dans le domaine des aides humanitaires \u00e0 l&rsquo;\u00e9chelle nationale, maghr\u00e9bine et internationale.<\/font><\/div>\n<div>\u00a0<\/div>\n<div><font face=\"Arial\" size=\"2\">A l&rsquo;issue de cette visite, Mme Clinton a entam\u00e9 ses rencontres officielles par un entretien avec le pr\u00e9sident tunisien par int\u00e9rim Foued Mebaza\u00e2 avec lequel elle a examin\u00e9 \u00ab\u00a0les moyens de renforcer les relations de coop\u00e9ration et de partenariat et d&rsquo;en diversifier les domaines, au service des int\u00e9r\u00eats communs\u00a0\u00bb.<\/font><\/div>\n<div>\u00a0<\/div>\n<div><font face=\"Arial\" size=\"2\">Cit\u00e9e par l&rsquo;agence officielle TAP, Mme Clinton a qualifi\u00e9 la r\u00e9volution tunisienne d'\u00a0\u00bb\u00e9v\u00e8nement historique majeur\u00a0\u00bb et d'\u00a0\u00bbexemple \u00e0 suivre\u00a0\u00bb.<\/font><\/div>\n<div>\u00a0<\/div>\n<div><font face=\"Arial\" size=\"2\">Elle a, dans ce contexte, fait part de la disposition des Etats-Unis \u00e0 apporter son soutien \u00e0 la Tunisie, au cours de \u00ab\u00a0cette \u00e9tape importante et d\u00e9licate, afin de r\u00e9ussir sa transition et de r\u00e9aliser les aspirations du peuple tunisien \u00e0 un lendemain meilleur\u00a0\u00bb.<\/font><\/div>\n<div>\u00a0<\/div>\n<div><font face=\"Arial\" size=\"2\">Elle a assur\u00e9 de la volont\u00e9 de Washington de raffermir la coop\u00e9ration bilat\u00e9rale dans le domaine \u00e9conomique et de renforcer l&rsquo;investissement dans les r\u00e9gions prioritaires.<\/font><\/div>\n<div>\u00a0<\/div>\n<div><font face=\"Arial\" size=\"2\">De son c\u00f4t\u00e9, le pr\u00e9sident tunisien a donn\u00e9 un aper\u00e7u \u00e0 son interlocutrice des \u00ab\u00a0pas importants franchis par la Tunisie sur la voie de la transition d\u00e9mocratique\u00a0\u00bb.<\/font><\/div>\n<div>\u00a0<\/div>\n<div><font face=\"Arial\" size=\"2\">Il a mis l&rsquo;accent sur \u00ab\u00a0les priorit\u00e9s de la p\u00e9riode \u00e0 venir, s&rsquo;agissant notamment du d\u00e9veloppement des r\u00e9gions d\u00e9favoris\u00e9es de la multiplication des postes d&#8217;emploi et de l&rsquo;am\u00e9lioration des conditions de vie des habitants\u00a0\u00bb.<\/font><\/div>\n<div>\u00a0<\/div>\n<div><font face=\"Arial\" size=\"2\">C&rsquo;est de ces r\u00e9gions d\u00e9munies, notamment Sidi Bouzid, dans le centre-ouest tunisien, qu&rsquo;est partie l&rsquo;\u00e9tincelle de la r\u00e9volution qui a conduit \u00e0 la chute du r\u00e9gime totalitaire de l&rsquo;ancien pr\u00e9sident Ben Ali qui a fui le 14 janvier dernier en Arabie Saoudite apr\u00e8s avoir r\u00e9gn\u00e9 d&rsquo;une main de fer sur la Tunisie pendant 23 ans. AP<\/font><\/div>\n<div>\n<hr\/>\n<\/div>\n<div>\u00a0<\/div>\n<div align=\"center\">\n<h2 style=\"color: red;\"><font face=\"Arial\"><strong>Pierre Lellouche en Tunisie pour renforcer le commerce bilat\u00e9ral<\/strong><\/font><\/h2>\n<\/div>\n<div><font face=\"Arial\" size=\"2\"><\/p>\n<hr\/>\n<p><\/font><\/div>\n<div align=\"justify\"><font face=\"Arial\" size=\"2\">AFP 18\/03\/11 | 09:22<\/font><\/div>\n<div align=\"justify\">\u00a0<\/div>\n<div align=\"justify\"><font face=\"Arial\" size=\"2\">Le secr\u00e9taire d&rsquo;Etat fran\u00e7ais au Commerce ext\u00e9rieur Pierre Lellouche a plaid\u00e9 jeudi soir pour des \u00ab\u00a0relations politiques et \u00e9conomiques les plus \u00e9troites possibles avec la Tunisie\u00a0\u00bb.<\/font><\/div>\n<div align=\"justify\"><font face=\"Arial\" size=\"2\">Arriv\u00e9 jeudi avec une dizaine de chefs d&rsquo;entreprise, M. Lellouche a indiqu\u00e9 \u00e0 l&rsquo;AFP \u00eatre venu apporter \u00ab\u00a0le soutien de la France\u00a0\u00bb qui est \u00ab\u00a0le premier avocat de la Tunisie dans l&rsquo;Union europ\u00e9enne\u00a0\u00bb.<\/font><\/div>\n<div align=\"justify\"><font face=\"Arial\" size=\"2\">La France est le premier partenaire de la Tunisie, 1.250 entreprises y sont implant\u00e9es, qui emploient environ 110.000 personnes. \u00ab\u00a0Le climat est bon, nos entreprises veulent rester\u00a0\u00bb, a-t-il poursuivi.<\/font><\/div>\n<div align=\"justify\"><font face=\"Arial\" size=\"2\">Pour lui, l&rsquo;instauration d&rsquo;un \u00e9tat de droit est favorable aux affaires et est \u00ab\u00a0dans l&rsquo;int\u00e9r\u00eat de la transition\u00a0\u00bb, une allusion au syst\u00e8me mafieux mis en place du temps du r\u00e9gime du pr\u00e9sident Ben Ali et du clan de son \u00e9pouse.<\/font><\/div>\n<div align=\"justify\"><font face=\"Arial\" size=\"2\">Outre des visites de quelques soci\u00e9t\u00e9s fran\u00e7aises, le secr\u00e9taire d&rsquo;Etat devait avoir un entretien vendredi avec le Premier ministre de transition B\u00e9ji Ca\u00efd Essebsi.<\/font><\/div>\n<div align=\"justify\"><font face=\"Arial\" size=\"2\">La veille il avait rencontr\u00e9 les ministres du D\u00e9veloppement \u00e9conomique, de l&rsquo;Industrie et des Finances.<\/font><\/div>\n<div align=\"justify\"><font face=\"Arial\" size=\"2\">\u00ab\u00a0Il s&rsquo;agit de d\u00e9terminer les moyens les plus concrets et imm\u00e9diats d&rsquo;accompagner la transition d\u00e9mocratique en cours\u00a0\u00bb depuis la chute du pr\u00e9sident Ben Ali le 14 janvier, a-t-il expliqu\u00e9.<\/font><\/div>\n<div align=\"justify\"><font face=\"Arial\" size=\"2\">Interrog\u00e9 sur la position dominante de la France comme premier partenaire de la Tunisie, le secr\u00e9taire d&rsquo;Etat a estim\u00e9 que la relation commerciale bilat\u00e9rale \u00e9tait \u00ab\u00a0d&rsquo;\u00e9gal \u00e0 \u00e9gal\u00a0\u00bb.<\/font><\/div>\n<div align=\"justify\"><font face=\"Arial\" size=\"2\">\u00ab\u00a0Notre dispositif d&rsquo;accompagnement doit coller aux choix du gouvernement de transition\u00a0\u00bb, a encore dit Pierre Lellouche, qui dit \u00eatre aussi venu \u00ab\u00a0pour solder les probl\u00e8mes qu&rsquo;il y a pu avoir pendant la transition\u00a0\u00bb.<\/font><\/div>\n<div align=\"justify\"><font face=\"Arial\" size=\"2\">Alors que l&rsquo;Italie est confront\u00e9e \u00e0 un afflux tr\u00e8s important de migrants tunisiens vers l&rsquo;\u00eele de Lampedusa, Pierre Lellouche a par ailleurs estim\u00e9 que \u00ab\u00a0c&rsquo;est en d\u00e9veloppant ce pays que l&rsquo;on contr\u00f4lera les flux migratoires\u00a0\u00bb.<\/font><\/div>\n<div align=\"justify\"><font face=\"Arial\" size=\"2\">Il a de ce point de vue plaid\u00e9 \u00ab\u00a0pour un maximum de coop\u00e9ration en mati\u00e8re d&rsquo;immigration l\u00e9gale et un maximum de fermet\u00e9 concernant l&rsquo;immigration ill\u00e9gale\u00a0\u00bb.<\/font><\/div>\n<div align=\"justify\"><font face=\"Arial\" size=\"2\">Concernant l&rsquo;impact sur la Tunisie de la crise en Libye voisine, il a parl\u00e9 de \u00ab\u00a0r\u00e9percussions immenses\u00a0\u00bb.<\/font><\/div>\n<div align=\"justify\"><font face=\"Arial\" size=\"2\">Sur le conflit lui-m\u00eame et l&rsquo;attitude de la communaut\u00e9 internationale face au r\u00e9gime du colonel Kadhafi, il a estim\u00e9 que la France, tr\u00e8s en pointe sur ce dossier, a eu \u00ab\u00a0une attitude et une position plus morales que d&rsquo;autres\u00a0\u00bb.<\/font><\/div>\n<div>\n<hr\/>\n<\/div>\n<div align=\"center\">\n<h2 style=\"color: red;\"><font face=\"Arial\"><strong>Retournez a Alkasbah sauvez votre revolution<\/strong><\/font><\/h2>\n<\/div>\n<div align=\"center\">\n<hr\/>\n<\/div>\n<p><font face=\"Arial\"><\/p>\n<div align=\"justify\"> <font size=\"2\">par <font><strong>Dr Soumeya Laarif<\/strong><\/font> . old san stephan Hospital Canada  Rien n&rsquo;est fait. Ce gouvernement sois disant provisoire s&rsquo;inscrit dans la duree, il multiplie nominations de gouverneurs, pdg, motamdins, diplomates, directeurs generaux&#8230;etc Mr Sebsi nous dicte deja les lignes rouges que lui seul trace avec sa plume d&rsquo;ancien ministre de l&rsquo;interieur et d&rsquo;ancien chef de la securite de Bourguiba et d&rsquo;ancien president du parlement de Benali !!\u00a0 des chiens americains ont deja humilie nos journalistes au sein de notre ministere des affaires etrangeres !\u00a0 le conseil annonce pour poser les fondations de l&rsquo;avenir de notre TUNISIE est deja forme de leurs copains, aucune victime du regime de la mafia n&rsquo;y siege ? aucun opposant de sensibilite islamique n&rsquo;y siege? ou allons nous avec un president et un premier ministre qui repetent le fameux slogan du dictateur| : bikolli hazm\u00a0 bikolli hazm\u00a0mais autrement ?<\/font><\/div>\n<div>\n<hr\/>\n<\/div>\n<h2 align=\"center\" style=\"color: red;\"><span lang=\"EN-US\"><\/p>\n<h3 style=\"color: blue;\"><font face=\"Arial\">Tunisie &#8211; USA: Pourquoi n&rsquo;a-t-on pas pos\u00e9 les bonnes questions \u00e0 Hillary Clinton ?<\/font><\/h3>\n<p><\/span><span lang=\"EN-US\"><font face=\"Arial\"><\/font><\/span><\/h2>\n<hr\/>\n<p><\/font><\/p>\n<p align=\"justify\"><font face=\"Arial\"><span lang=\"FR\"><font>NessmaTV nous \u00e9tonnera toujours, elle re\u00e7oit l&rsquo;une des personnalit\u00e9s les plus puissantes de la plan\u00e8te (peut-\u00eatre un peu gr\u00e2ce \u00e0 Silvio Belusconi, l&rsquo;un de ses plus gros actionnaires) et la rencontre se passe en platitudes, en sentiers battus comme si on avait juste voulu se faire plaisir et&#8230; faire plaisir \u00e0 Hillary Clinton! <\/font><\/span><span lang=\"NO-BOK\"><font>Celle-ci ne s&rsquo;en est d&rsquo;ailleurs pas priv\u00e9e en d\u00e9bitant des propos qu&rsquo;on lit partout dans les journaux \u00e0 propos de la Tunisie, de l&rsquo;Alg\u00e9rie, du Maroc, du Sahara Occidental, de la Libye&#8230;<\/font><\/span><\/font><\/p>\n<p align=\"justify\"><span lang=\"EN-US\"><font face=\"Arial\">Pourtant, une question qui \u00e9tait sur toutes les l\u00e8vres aurait d\u00fb \u00eatre pos\u00e9e&#8230; pour secouer tout cela et mettre tout de suite la diplomate-en-Chef des USA devant les devoirs de la toute-puissance de sa position; le devoir d&rsquo;engagement: \u201cAlors que nous sommes \u00e0 quelques heures de la d\u00e9cision du Conseil de s\u00e9curit\u00e9 de l&rsquo;ONU, si celui-ci vote l&rsquo;intervention militaire cintre la Libye (ce qu&rsquo;il a fait en bout de compte), le contre-amiral Harris, patron de la 6\u00e8me Flotte US, a-t-il des ordres pour des attaques imm\u00e9diates contre les d\u00e9fenses a\u00e9riennes libyennes?\u201c<\/font><\/span><\/p>\n<p align=\"justify\"><font face=\"Arial\"><span lang=\"EN-US\"><font>La Libye, actualit\u00e9 oblige!<\/font><\/span><\/font><\/p>\n<p align=\"justify\"><span lang=\"EN-US\"><font face=\"Arial\">Pourquoi justement commencer par cette question? C&rsquo;est tout simple, ce m\u00eame 17 mars, des dizaines de citoyens tunisiens se sont rassembl\u00e9s devant le si\u00e8ge du minist\u00e8re des Affaires \u00e9trang\u00e8res pour crier haut et fort leur opposition \u00e0 la visite de la secr\u00e9taire d&rsquo;Etat am\u00e9ricaine, g\u00e9n\u00e9riquement, \u00e0 cause des \u201cpositions am\u00e9ricaines n\u00e9gatives vis-\u00e0-vis des causes arabes et particuli\u00e8rement la cause palestinienne\u201c et du soutien \u201cinconditionnel des Etats-Unis \u00e0 Isra\u00ebl\u201c mais, sp\u00e9cifiquement, \u00e0 cause de l&rsquo;absence de \u201cposition ferme soutenant le peuple libyen\u201c.<\/font><\/span><\/p>\n<p align=\"justify\"><span lang=\"EN-US\"><font face=\"Arial\">Ces manifestants disaient tout haut ce que pensent tous les Tunisiens, et Hillary Clinton le sait. Dans sa conf\u00e9rence de presse en compagnie de notre ministre des Affaires \u00e9trang\u00e8res, elle a pourtant \u00e9t\u00e9 \u00e9vasive en parlant d&rsquo;efforts internationaux visant \u00e0 prot\u00e9ger les civils et \u00e0 mettre fin aux exactions de Gueddafi et des d\u00e9cisions de la Communaut\u00e9 internationale en nous laissant sur notre faim quant \u00e0 l&rsquo;attitude des Etats-Unis qui, selon elle, soutiendront les d\u00e9cisions du Conseil de s\u00e9curit\u00e9 et tiendront \u00e0 une large participation qui inclut les pays arabes.<\/font><\/span><\/p>\n<p align=\"justify\"><span lang=\"EN-US\"><font face=\"Arial\">Un alli\u00e9 strat\u00e9gique!<\/font><\/span><\/p>\n<p align=\"justify\"><span lang=\"EN-US\"><font face=\"Arial\">Les officiels tunisiens avaient la t\u00eate ailleurs pour \u00eatre en mesure de demander une attitude plus tranchante de Mrs Clinton. Ils ont tous parl\u00e9 de l&rsquo;amiti\u00e9 s\u00e9culaire et du caract\u00e8re strat\u00e9gique qui caract\u00e9risent les relations tuniso-am\u00e9ricaines en tenant \u00e0 souligner clairement la volont\u00e9 de la Tunisie d&rsquo;ouvrir un nouveau chapitre avec les USA, plus diversifi\u00e9, plus fort, plus clair&#8230;<\/font><\/span><\/p>\n<p align=\"justify\">\u00a0<\/p>\n<p align=\"justify\"><span lang=\"EN-US\"><font face=\"Arial\">Foued Mebazaa a m\u00eame demand\u00e9 de l&rsquo;aide \u00e0 mots couverts en parlant juste des \u201cpriorit\u00e9s de la p\u00e9riode \u00e0 venir\u201c, c&rsquo;est-\u00e0-dire le d\u00e9veloppement \u00e9quitable entre toutes les r\u00e9gions, le d\u00e9veloppement des plus d\u00e9favoris\u00e9es, l&#8217;emploi, l&rsquo;am\u00e9lioration des conditions de vie&#8230;<\/font><\/span><\/p>\n<p align=\"justify\"><span lang=\"EN-US\"><font face=\"Arial\">D\u00e9mocratie<\/font><\/span><\/p>\n<p align=\"justify\"><span lang=\"EN-US\"><font face=\"Arial\">Hillary Clinton a jou\u00e9 \u00e0 fond le jeu \u201camiti\u00e9\u201c et \u201cstrat\u00e9gie\u201c&#8230; souriant \u00e0 \u201cla transition d\u00e9mocratique\u201c et aux \u201c\u00e9lections libres et transparentes\u201c pour une \u201cAssembl\u00e9e constituante\u201c, \u00e0 la formation des partis politiques, au \u201cpotentiel de construction d\u00e9mocratique et de d\u00e9veloppement \u00e9conomique\u201c en Tunisie et promettant le soutien des USA dans sa transition vers la d\u00e9mocratie&#8230;<\/font><\/span><\/p>\n<p align=\"justify\"><span lang=\"EN-US\"><font face=\"Arial\">Economie, le gros dossier<\/font><\/span><\/p>\n<p align=\"justify\"><span lang=\"EN-US\"><font face=\"Arial\">Hillary Clinton sait \u00e9galement que l&rsquo;\u00e9conomie a toujours \u00e9t\u00e9 la tasse de th\u00e9 des Tunisiens et elle a eu des mots dans ce sens qui font la promesse de programmes pour de nouvelles opportunit\u00e9s d&#8217;emploi o\u00f9 l&rsquo;Overseas Private Investment Corporation donnera de l&rsquo;argent frais et des garanties qui ont valeur d&rsquo;argent et encouragera les visites d&rsquo;investisseurs am\u00e9ricains en Tunisie. <\/font><\/span><\/p>\n<p align=\"justify\"><span lang=\"EN-US\"><font face=\"Arial\">Le Congr\u00e8s cr\u00e9era un Fonds pour les projets tuniso-am\u00e9ricains pour \u00e9pauler les priv\u00e9s qui se lancent dans l&rsquo;Atlantique. Le gouvernement US serait aussi en train de penser \u00e0 activer des m\u00e9canismes relevant de l&rsquo;USAID. \u201cLa Tunisie est aussi \u00e9ligible pour contracter des pr\u00eats aupr\u00e8s du Fonds pour les d\u00e9fis du mill\u00e9naire\u201c, a soulign\u00e9 H. Clinton.<\/font><\/span><\/p>\n<p align=\"justify\"><span lang=\"EN-US\"><font face=\"Arial\">Soci\u00e9t\u00e9 civile<\/font><\/span><\/p>\n<p align=\"justify\"><span lang=\"EN-US\"><font face=\"Arial\">Un point qu&rsquo;il faut mettre en \u00e9vidence car les Etats-Unis en sont particuli\u00e8rement friands: un nouveau partenariat entre la soci\u00e9t\u00e9 civile tunisienne et des soci\u00e9t\u00e9s de technologie am\u00e9ricaines, comme Microsoft qui soutiendra des associations des droits de l&rsquo;Homme, de la d\u00e9mocratie et de l&rsquo;\u00e9ducation civique avec des ordinateurs, des logiciels, de la formation&#8230;<\/font><\/span><\/p>\n<p align=\"justify\"><span lang=\"EN-US\"><font face=\"Arial\">Sur tout cela, sur le sens et l&rsquo;avenir du concept d&rsquo;un alli\u00e9 strat\u00e9gique des Etats-Unis aussi bien que sur les d\u00e9tails de la pratique de la D\u00e9mocratie, mais \u00e9galement \u00e0 propos de tr\u00e8s gros dossiers comme l&rsquo;est de fait l&rsquo;\u00e9conomie dans la Tunisie de l&rsquo;apr\u00e8s-14 janvier 2011 et m\u00eame sur l&rsquo;avenir de la Soci\u00e9t\u00e9 civile avec les nouvelles r\u00e8gles issues de la l\u00e9gitimit\u00e9 de la R\u00e9volution (un concept qui existe bel et bien dans les jurisprudences internationales)&#8230; <\/font><\/span><\/p>\n<p align=\"justify\"><span lang=\"EN-US\"><font face=\"Arial\">Sur tout cela donc, des questions auraient d\u00fb \u00eatre pos\u00e9es clairement \u00e0 Mrs Clinton car pour nous tous, ce n&rsquo;\u00e9tait certainement pas le moment d&rsquo;avoir une si haute personnalit\u00e9 \u00e0 port\u00e9e de la main et de ne pas \u00eatre all\u00e9s au bout de la logique de la R\u00e9volution. Pas ce fameux \u201cD\u00e9gage!\u201c qui a fait le tour de la plan\u00e8te mais un appel clair \u00e0 l&rsquo;adresse des grands de ce monde pour un \u201cEngage-toi!\u201c sans r\u00e9serves.<\/font><\/span><\/p>\n<p align=\"justify\"><span lang=\"EN-US\"><font face=\"Arial\">Source: \u201cwmc\u201d Le 18-03-2011<\/font><\/span><\/p>\n<div>\n<p align=\"justify\"><font face=\"Arial\"><span lang=\"NO-BOK\"><font>Lien: <\/font><\/span><span lang=\"EN-US\"><a href=\"http:\/\/www.webmanagercenter.com\/management\/article-103456-tunisie-usa-pourquoi-n-a-t-on-pas-pose-les-bonnes-questions-a-hillary-clinton\" target=\"_blank\" rel=\"noopener\"><span lang=\"NO-BOK\"><font>http:\/\/www.webmanagercenter.com\/management\/article-103456-tunisie-usa-pourquoi-n-a-t-on-pas-pose-les-bonnes-questions-a-hillary-clinton<\/font><\/span><\/a><\/span><\/font><\/p>\n<\/div>\n<p align=\"center\"><b><span lang=\"EN-US\"><\/p>\n<h3 style=\"color: blue;\"><font face=\"Arial\">Hillary Clinton divise les Tunisiens<\/font><\/h3>\n<p><\/span><\/b><\/p>\n<hr\/>\n<p>\u00a0<\/p>\n<p align=\"justify\"><span lang=\"FR\"><font face=\"Arial\">La visite en Tunisie de la secr\u00e9taire d\u2019Etat am\u00e9ricaine, Hillary Clinton, jeudi, a \u00e9t\u00e9 marqu\u00e9e, comme attendu, par un succ\u00e8s officiel et un rejet populaire, l\u2019un et l\u2019autre tr\u00e8s compr\u00e9hensible.<\/font><\/span><\/p>\n<p align=\"justify\"><span lang=\"FR\"><font face=\"Arial\">Arriv\u00e9e \u00e0 Tunis tard mercredi soir, en provenance du Caire apr\u00e8s avoir particip\u00e9 \u00e0 la r\u00e9union du G8 \u00e0 Paris, l\u2019h\u00f4te am\u00e9ricaine a \u00e9t\u00e9 re\u00e7ue, mercredi matin, au palais de Carthage, par Foued Mebazaa. Le pr\u00e9sident de la r\u00e9publique par int\u00e9rim a r\u00e9affirm\u00e9, \u00e0 cette occasion, les \u00e9troites relations historiques \u00e9tablies entre les deux pays amis et la n\u00e9cessit\u00e9 de les renforcer dans tous les domaines. Il a mis l\u2019accent aussi sur les pas importants franchis par la Tunisie, apr\u00e8s la r\u00e9volution du 14 janvier, sur la voie de la transition d\u00e9mocratique. M. Mebazaa a pass\u00e9 en revue \u00e9galement les efforts d\u00e9ploy\u00e9s pour consolider les fondements de l\u2019Etat de droit et des institutions, renforcer les droits de l\u2019Homme et favoriser les libert\u00e9s fondamentales. Il n\u2019a pas omis de souligner les priorit\u00e9s de la p\u00e9riode \u00e0 venir, notamment le d\u00e9veloppement des r\u00e9gions d\u00e9favoris\u00e9es, la cr\u00e9ation de postes d\u2019emploi et l\u2019am\u00e9lioration des conditions de vie des habitants.<\/font><\/span><\/p>\n<p align=\"justify\"><b><span lang=\"FR\"><font face=\"Arial\">\u00abUn exemple \u00e0 suivre\u00bb <\/font><\/span><\/b><span lang=\"FR\"><font face=\"Arial\">De son c\u00f4t\u00e9, Mme Clinton a exprim\u00e9 sa grande admiration pour la r\u00e9volution tunisienne qui, a-t-elle dit, constitue \u00abun \u00e9v\u00e8nement historique majeur\u00bb et \u00abun exemple \u00e0 suivre\u00bb, formant l\u2019espoir de voir les objectifs de cette r\u00e9volution se r\u00e9aliser, notamment \u00e0 la lumi\u00e8re des r\u00e9formes engag\u00e9es par les Tunisiens \u00e0 tous les niveaux. Elle a, dans ce contexte, fait part de la disposition des Etats Unis \u00e0 apporter son soutien \u00e0 la Tunisie, au cours de cette \u00e9tape importante et d\u00e9licate, afin de r\u00e9ussir sa transition et de r\u00e9aliser les aspirations du peuple tunisien \u00e0 un lendemain meilleur, r\u00e9affirmant la volont\u00e9 des Etats-Unis d\u2019Am\u00e9rique de raffermir la coop\u00e9ration bilat\u00e9rale dans le domaine \u00e9conomique et de renforcer l\u2019investissement dans les r\u00e9gions prioritaires. Mme Clinton, qui a eu des entretiens avec le Premier ministre, B\u00e9ji Ca\u00efd Essebsi, et le ministre des Affaires \u00e9trang\u00e8res, Mouldi K\u00e9fi, a effectu\u00e9 une visite au si\u00e8ge du Centre national de formation des volontaires relevant du Croissant rouge tunisien (Crt), \u00e0 Megrine. Elle a lou\u00e9 l\u2019action remarquable de cet organisme (et de tous les Tunisiens) en mati\u00e8re d\u2019aides humanitaires sur la fronti\u00e8re tuniso-libyenne.  Ce centre a \u00e9t\u00e9 cr\u00e9\u00e9 \u00e0 la faveur d\u2019un don am\u00e9ricain et est entr\u00e9 en activit\u00e9 au mois de mars 2008. Il organise des sessions de formation dans le domaine des aides humanitaires \u00e0 l\u2019\u00e9chelle nationale, maghr\u00e9bine et internationale.<\/font><\/span><\/p>\n<p align=\"justify\"><b><span lang=\"FR\"><font face=\"Arial\">Hommage aux jeunes tunisiens <\/font><\/span><\/b><span lang=\"FR\"><font face=\"Arial\">La responsable am\u00e9ricaine, qui voulait visiblement rendre hommage aux jeunes tunisiens qui ont fait la r\u00e9volution, a particip\u00e9 \u00e0 un talk-show sur le plateau de la cha\u00eene priv\u00e9e Nessma TV, en pr\u00e9sence d\u2019un groupe de jeunes tri\u00e9s sur le volet, en majorit\u00e9 des jeunes femmes parlant anglais. Par-del\u00e0 la pol\u00e9mique suscit\u00e9e par cette exclusivit\u00e9 accord\u00e9e aux fr\u00e8res Karoui (ou plut\u00f4t \u00e0 leur coactionnaire Tarak Ben Ammar), l\u2019id\u00e9e n\u2019\u00e9tait pas mauvaise. Au contraire, Mme Clinton a jou\u00e9 le jeu et a r\u00e9pondu \u00e0 toutes les questions avec une grande aisance. \u00abLa difficile t\u00e2che de b\u00e2tir une d\u00e9mocratie n&rsquo;est pas aussi spectaculaire qu&rsquo;une r\u00e9volution. On la m\u00e8ne dans les bureaux, les maisons, les \u00e9coles, les \u00e9difices publics. C&rsquo;est souvent frustrant (&#8230;) mais c&rsquo;est ce qui reste \u00e0 faire\u00bb, a-t-elle dit. Une le\u00e7on de simplicit\u00e9, de spontan\u00e9it\u00e9 et de professionnalisme que nos hommes politiques \u2013 souvent si mornes et tristes \u00e0 en mourir \u2013 seraient bien inspir\u00e9s de retenir. Rien que pour cela, le talk-show de Nessma TV \u00e9tait utile.<\/font><\/span><\/p>\n<p align=\"justify\"><b><span lang=\"FR\"><font face=\"Arial\">Rejet de l\u2019h\u00e9g\u00e9monie am\u00e9ricaine <\/font><\/span><\/b><span lang=\"FR\"><font face=\"Arial\">Reste que, comme il fallait s\u2019y attendre, la visite de la secr\u00e9taire d\u2019Etat am\u00e9ricaine ne s\u2019est pas pass\u00e9es sans anicroches. Au registre des rat\u00e9s, le comportement fruste et hautain des charg\u00e9s de la s\u00e9curit\u00e9 de Mme Clinton. La faute incombe au gouvernement tunisien, qui ne s\u2019est pas montr\u00e9 ferme en ce qui concerne ses pr\u00e9rogatives, laissant l\u2019initiative aux h\u00f4tes qui se sont comport\u00e9s sans m\u00e9nagement. Autre fausse note: les journalistes trimbal\u00e9s entre le si\u00e8ge du minist\u00e8re des Affaires \u00e9trang\u00e8res et la Kasbah, o\u00f9 la conf\u00e9rence a finalement eu lieu dans des circonstances moyennement agit\u00e9es.   Dire que les Am\u00e9ricains continuent de tra\u00eener comme un boulet de fer leurs aventures militaires en Irak et en Afghanistan est un euph\u00e9misme. Les Tunisiens, qui n\u2019ont pas oubli\u00e9 le sang vers\u00e9 de leurs fr\u00e8res irakiens, n\u2019ont pas rat\u00e9 l\u2019occasion pour crier leur rejet de la visite de la secr\u00e9taire d\u2019Etat am\u00e9ricaine. Des manifestations anti-am\u00e9ricaines ont ainsi \u00e9t\u00e9 organis\u00e9es qui ont perturb\u00e9 le programme de la visite. Entam\u00e9es deux jours auparavant \u00e0 l\u2019appel de Facebookers, ces manifestations hostiles ont \u00e9t\u00e9 relay\u00e9es jeudi dans le centre-ville de Tunis, notamment par des partisans du Hizb Ettahrir, formation islamiste radicale dont la l\u00e9galisation a \u00e9t\u00e9 du reste refus\u00e9e ces derniers jours par les autorit\u00e9s tunisiennes. Les manifestants ont cri\u00e9 leur refus de \u00abbases militaires\u00bb et du \u00abcolonialisme \u00e9conomique\u00bb des Am\u00e9ricains, voyant dans la multiplication des visites des responsables \u00e9tats-uniens en Tunisie le signe d\u2019une volont\u00e9 d\u2019influence h\u00e9g\u00e9monique.<\/font><\/span><\/p>\n<p align=\"justify\"><b><span lang=\"FR\"><font face=\"Arial\">Des soup\u00e7ons l\u00e9gitimes <\/font><\/span><\/b><span lang=\"FR\"><font face=\"Arial\">On notera, \u00e0 ce propos, que neuf jours seulement apr\u00e8s la fuite de l\u2019ex-pr\u00e9sident Ben Ali en Arabie saoudite, Washington a d\u00e9p\u00each\u00e9 \u00e0 Tunis un haut fonctionnaire du d\u00e9partement d\u2019Etat, Jeffrey Feltman. Le 23 f\u00e9vrier, le secr\u00e9taire d\u2019Etat adjoint am\u00e9ricain charg\u00e9 des Affaires politiques, William Burns, a d\u00e9barqu\u00e9 \u00e0 son tour \u00e0 Tunis, pour encourager les nouvelles autorit\u00e9s \u00e0 \u00abassurer la stabilit\u00e9\u00bb et \u00aborganiser des \u00e9lections libres et transparentes dans les meilleurs d\u00e9lais\u00bb. Quelques jours auparavant, deux s\u00e9nateurs John McCain et Joseph Lieberman, avaient effectu\u00e9 le voyage en Tunisie. \u00abLe gouvernement am\u00e9ricain et le Congr\u00e8s sont aujourd\u2019hui d\u00e9termin\u00e9s \u00e0 soutenir la Tunisie durant cette importante p\u00e9riode de transition. Notre r\u00f4le est de fournir une assistance urgente. La Tunisie constitue un exemple, pas seulement dans la r\u00e9gion, mais dans le monde\u00bb, avait dit le s\u00e9nateur Mc Cain. S\u2019il est compr\u00e9hensible \u2013 les Am\u00e9ricains veulent comprendre ce qui se passe en Tunisie et prendre langue avec ses nouveaux dirigeants \u2013, un tel empressement, au moment o\u00f9 toute la r\u00e9gion est en \u00e9bullition, notamment la Libye voisine, a de quoi susciter des soup\u00e7ons l\u00e9gitimes. Il incombe aux Am\u00e9ricains de les dissiper par des gestes forts\u2026<\/font><\/span><\/p>\n<p align=\"justify\"><span lang=\"FR\"><font face=\"Arial\">Source\u00a0: \u00ab\u00a0Kapitalis\u00a0\u00bb Le 18-03-2011<\/font><\/span><\/p>\n<div>\n<p align=\"justify\"><span lang=\"FR\"><font face=\"Arial\">Lien\u00a0: <\/font><a href=\"http:\/\/kapitalis.com\/fokus\/62-national\/3133-hillary-clinton-divise-les-tunisiens.html\" target=\"_blank\" rel=\"noopener\"><font face=\"Arial\">http:\/\/kapitalis.com\/fokus\/62-national\/3133-hillary-clinton-divise-les-tunisiens.html<\/font><\/a><\/span><\/p>\n<\/div>\n<h3 align=\"center\" style=\"color: blue;\"><span lang=\"FR\"><\/p>\n<h3 style=\"color: blue;\"><font face=\"Arial\">L&rsquo;Am\u00e9rique n&rsquo;impressionne plus les Tunisiens<\/font><\/h3>\n<p> <\/span><\/h3>\n<hr\/>\n<p align=\"justify\"><strong><span lang=\"FR\"><font face=\"Arial\">La visite d&rsquo;Hillary Clinton \u00e0 Tunis le 17 mars, a \u00e9t\u00e9 marqu\u00e9e par un rejet populaire. La pr\u00e9sence en force et peu discr\u00e8te des officiers am\u00e9ricains de s\u00e9curit\u00e9 n&rsquo;\u00e9tait pas non plus pour plaire \u00e0 la population.<\/font><\/span><\/strong><\/p>\n<p align=\"justify\"><span lang=\"FR\"><font face=\"Arial\">Sale temps pour la diplomatie occidentale en cette \u00e8re de R\u00e9volution en Tunisie. A la question pos\u00e9e par une consoeur \u00e0 l&rsquo;ambassadeur de France : \u00ab\u00a0Quelle le\u00e7on la France ne nous donnera pas maintenant\u00a0\u00bb (et qui l&rsquo;a mis en rogne !). L&rsquo;un de nous aurait pu, le 17 mars, si la conf\u00e9rence de presse avait eu lieu au minist\u00e8re des Affaires \u00e9trang\u00e8res, poser cette question \u00e0 Madame Clinton : \u00ab\u00a0Quelle menace nouvelle inventera l&rsquo;Am\u00e9rique pour tenir la Tunisie en laisse ?\u00a0\u00bb [Une centaine de personnes oppos\u00e9es \u00e0 la venue d&rsquo;Hillary Clinton en Tunisie avait organis\u00e9 un sit-in devant le si\u00e8ge du minist\u00e8re des Affaires \u00e9trang\u00e8res o\u00f9 des mesures de s\u00e9curit\u00e9 draconiennes avaient \u00e9t\u00e9 mises en place, donnant lieu \u00e0 des tensions entre les \u00e9quipes de s\u00e9curit\u00e9 tunisiennes et am\u00e9ricaines. La conf\u00e9rence a finalement eu lieu au si\u00e8ge du Premier ministre \u00e0 la Kasbah apr\u00e8s plus de trois heures de retard]. <\/font><\/span><\/p>\n<p align=\"justify\"><span lang=\"FR\"><font face=\"Arial\">L&rsquo;Oncle Sam a fabriqu\u00e9 Ben Laden et \u00e0 ses yeux, Ben Ali \u00ab\u00a0se justifiait\u00a0\u00bb parce qu&rsquo;il repr\u00e9sentait \u00ab\u00a0un rempart contre la mouvance int\u00e9griste ou ce qu&rsquo;il\u00a0 appelle le terrorisme\u00a0\u00bb. Et puis, les Tunisiens n&rsquo;oublieront pas que Washington a pris son temps pour applaudir \u00e0 la R\u00e9volution tunisienne. Et maintenant, que les choses se clarifient aux yeux de la Maison Blanche, Madame Clinton affirme \u00ab\u00a0l&rsquo;engagement am\u00e9ricain \u00e0 soutenir la transition d\u00e9mocratique tunisienne, politiquement et financi\u00e8rement\u00a0\u00bb. <\/font><\/span><\/p>\n<p align=\"justify\"><span lang=\"FR\"><font face=\"Arial\">Politiquement, on sait que l&rsquo;Am\u00e9rique, pays d&rsquo;un bipartisme de fait, serait tr\u00e8s \u00e0 l&rsquo;aise\u00a0 si une bonne centaine de partis politiques s&rsquo;installaient sur l&rsquo;\u00e9chiquier au nom du respect des sensibilit\u00e9s. Et gare \u00e0 \u00e9corcher les sensibilit\u00e9s religieuses ! Mais sur le plan financier, on ne sait pas vraiment comment vont s&rsquo;y prendre les Am\u00e9ricains.<\/font><\/span><\/p>\n<p align=\"justify\"><span lang=\"FR\"><font face=\"Arial\">Cela dit, la d\u00e9marche am\u00e9ricaine reste la m\u00eame : sa diplomatie consiste immanquablement \u00e0 faire brandir des menaces. Apr\u00e8s Al-Qa\u00efda, voil\u00e0 que Hillary Clinton agite celle de Kadhafi. \u00ab\u00a0La Tunisie sait tr\u00e8s bien que si Kadhafi ne s&rsquo;en va pas, il va tr\u00e8s probablement cr\u00e9er des ennuis chez vous, en Egypte et \u00e0 n&rsquo;importe qui d&rsquo;autre, c&rsquo;est dans sa nature\u00a0\u00bb, a-t-elle d\u00e9clar\u00e9 sur Nessma TV. Cela ressemble a du chantage. C&rsquo;est comme si elle demandait \u00e0 la Tunisie &#8211; comme elle y avait fait allusion en Egypte [o\u00f9 Hillary Clinton s&rsquo;est rendue le 15 et 16 mars]\u00a0 &#8211; \u00e0 aider \u00e0 renverser Kadhafi. Et alors, on ne sait pas vraiment ce qu&rsquo;est venue faire Madame Clinton. Que nous a-t-elle apport\u00e9 ? A moins qu&rsquo;elle ne soit venue prendre, chez nous, la temp\u00e9rature de la Libye. Quant \u00e0 la parodie de sa conf\u00e9rence de presse, elle restera dans les annales. Bel \u00e9chantillonnage de libert\u00e9 d&rsquo;expression. Il est vrai qu&rsquo;elle ne pouvait pas bouger \u00e0 son aise, comme quelques ann\u00e9es en arri\u00e8re, \u00e0 Sidi Bousa\u00efd, au centre Ettadhamen et \u00e0 travers les associations mafieuses d&rsquo;une certaine&#8230; Le\u00efla Ben Ali.<\/font><\/span><\/p>\n<p align=\"justify\"><span lang=\"FR\"><font face=\"Arial\">Source\u00a0: \u00ab\u00a0Courrier international\u00a0\u00bb Le 18-03-2011<\/font><\/span><\/p>\n<div>\n<p align=\"justify\"><span lang=\"FR\"><font face=\"Arial\">Lien\u00a0: <\/font><a href=\"http:\/\/www.courrierinternational.com\/article\/2011\/03\/18\/l-amerique-n-impressionne-plus-les-tunisiens\" target=\"_blank\" rel=\"noopener\"><font face=\"Arial\">http:\/\/www.courrierinternational.com\/article\/2011\/03\/18\/l-amerique-n-impressionne-plus-les-tunisiens<\/font><\/a><\/span><\/p>\n<\/div>\n<p align=\"center\"><b><span lang=\"FR\"><\/p>\n<h3 style=\"color: blue;\"><font face=\"Arial\">Tunisie\u00a0: Microsoft complice de la censure num\u00e9rique par Ben Ali<\/font><\/h3>\n<p><\/span><\/b><span lang=\"FR\"><font face=\"Arial\"><\/font><\/span><\/p>\n<hr\/>\n<p>\u00a0<\/p>\n<p align=\"justify\"><span lang=\"FR\"><font face=\"Arial\">\u00a0\u00ab\u00a0Business is business\u00a0\u00bb, et la responsabilit\u00e9 sociale des entreprises (RSE), chez <\/font><font><a href=\"http:\/\/www.rue89.com\/tag\/microsoft\" target=\"_blank\" rel=\"noopener\"><font face=\"Arial\">Microsoft<\/font><\/a><\/font><font face=\"Arial\">, semble \u00eatre une notion exog\u00e8ne, comme chez beaucoup d&rsquo;entreprises du secteur high-tech.<\/font><\/span><\/p>\n<p align=\"justify\"><span lang=\"FR\"><font face=\"Arial\">Tout est bon chez Redmond, la ville qui accueille le si\u00e8ge social de Microsoft, pour faire barrage \u00e0 l&rsquo;<\/font><font><a href=\"http:\/\/fr.wikipedia.org\/wiki\/Open_source\" target=\"_blank\" rel=\"noopener\"><font face=\"Arial\">open source <\/font><\/a><\/font><font face=\"Arial\">et surtout pour faire du business, y compris aider les pires r\u00e9gimes de la plan\u00e8te \u00e0 op\u00e9rer de vastes op\u00e9rations de r\u00e9pression sur leurs populations.<\/font><\/span><\/p>\n<p align=\"justify\"><span lang=\"FR\"><a href=\"http:\/\/fr.readwriteweb.com\/2010\/06\/29\/nouveautes\/opration-massive-de-phising-sur-gmail-en-tunisie\/\" target=\"_blank\" rel=\"noopener\"><font face=\"Arial\">ReadWriteWeb avait r\u00e9v\u00e9l\u00e9<\/font><\/a><font><font face=\"Arial\"> en juin dernier, sous la plume de Slim Amamou, <\/font><a href=\"http:\/\/www.rue89.com\/2011\/02\/19\/amamou-et-amami-sont-dans-un-bateau-ben-ali-tombe-a-leau-191157\" target=\"_blank\" rel=\"noopener\"><font face=\"Arial\">le blogueur devenu secr\u00e9taire d&rsquo;Etat<\/font><\/a><font face=\"Arial\">, une vaste op\u00e9ration de<\/font><a href=\"http:\/\/fr.wikipedia.org\/wiki\/Phising\" target=\"_blank\" rel=\"noopener\"><font face=\"Arial\">\u00ab\u00a0phishing\u00a0\u00bb<\/font><\/a><font face=\"Arial\"> (hame\u00e7onnage) op\u00e9r\u00e9e par la cyberpolice tunisienne. Parce que cette derni\u00e8re contr\u00f4lait les infrastructures techniques du pays, notamment les serveurs de noms de domaines (<\/font><a href=\"http:\/\/fr.wikipedia.org\/wiki\/Domain_Name_System\" target=\"_blank\" rel=\"noopener\"><font face=\"Arial\">DNS<\/font><\/a><\/font><font face=\"Arial\">), l&rsquo;\u00e9quivalent des panneaux routiers sur les autoroutes de l&rsquo;information, la cyberpolice de Ben Ali avait \u00e0 l&rsquo;\u00e9poque mis en place de fausses pages d&rsquo;accueil Gmail et Facebook destin\u00e9es \u00e0 voler les mots de passe de la population afin de prendre le contr\u00f4le de leur profil ou de lire leur correspondance.<\/font><\/span><\/p>\n<p align=\"justify\"><span lang=\"FR\"><font face=\"Arial\">Contact\u00e9 en urgence, <\/font><font><a href=\"http:\/\/www.rue89.com\/tag\/google\" target=\"_blank\" rel=\"noopener\"><font face=\"Arial\">Google<\/font><\/a><font face=\"Arial\"> avait \u00e0 l&rsquo;\u00e9poque promptement r\u00e9agit (en moins de 24 heures) en imposant \u00e0 la totalit\u00e9 des connexions en provenance de Tunisie l&rsquo;utilisation du protocole s\u00e9curis\u00e9 <\/font><a href=\"http:\/\/fr.wikipedia.org\/wiki\/HTTPS#HTTPS\" target=\"_blank\" rel=\"noopener\"><font face=\"Arial\">HTTPS<\/font><\/a><\/font><font face=\"Arial\">, assurant ainsi \u00e0 leurs clients que le site auquel ils se connectaient \u00e9tait bel et bien le v\u00e9ritable Gmail. <\/font><\/span><\/p>\n<p align=\"justify\"><span lang=\"FR\"><font face=\"Arial\">Google, mis au courant r\u00e9guli\u00e8rement des d\u00e9m\u00eal\u00e9es et des divers accrochages que nous avions \u00e0 l&rsquo;\u00e9poque <\/font><font><a href=\"http:\/\/www.readwriteweb.com\/archives\/revolution_20_rebooting_tunisia.php\" target=\"_blank\" rel=\"noopener\"><font face=\"Arial\">chez ReadWriteWeb<\/font><\/a><font face=\"Arial\">, avec la cyberpolice tunisienne, avait, bien avant <\/font><a href=\"http:\/\/www.rue89.com\/tag\/revolutions-arabes\" target=\"_blank\" rel=\"noopener\"><font face=\"Arial\">les r\u00e9volutions tunisiennes et \u00e9gyptiennes<\/font><\/a><\/font><font face=\"Arial\">, un \u0153il sur cette r\u00e9gion du monde et la ferme volont\u00e9 de venir en aide aux populations opprim\u00e9es.<\/font><\/span><\/p>\n<p align=\"justify\"><span lang=\"FR\"><font face=\"Arial\">Mais toutes les soci\u00e9t\u00e9s de high-tech n&rsquo;ont pas adopt\u00e9 une telle conduite. Microsoft, de son cot\u00e9, a fait pr\u00e9cis\u00e9ment l&rsquo;inverse.<\/font><\/span><\/p>\n<h3 align=\"justify\" style=\"color: blue;\"><span lang=\"FR\"><font face=\"Arial\">Un probl\u00e8me de s\u00e9curit\u00e9 soulev\u00e9 par Mozilla<\/font><\/span><\/h3>\n<p align=\"justify\"><span lang=\"FR\"><font face=\"Arial\">Les certificats de s\u00e9curit\u00e9 qui permettent de telles connexions s\u00e9curis\u00e9es sont tr\u00e8s difficiles \u00e0 fausser\u2026 Sauf avec quelques complicit\u00e9s en haut lieu. C&rsquo;est clairement ce que semble avoir fait Microsoft.<\/font><\/span><\/p>\n<p align=\"justify\"><span lang=\"FR\"><a href=\"http:\/\/www.certification.tn\/index.php?id=323\" target=\"_blank\" rel=\"noopener\"><font face=\"Arial\">En incluant au sein du navigateur Microsoft Internet Explorer<\/font><\/a><font face=\"Arial\"> la gestion de ces certificats de s\u00e9curit\u00e9, le g\u00e9ant de l&rsquo;informatique a endoss\u00e9 une responsabilit\u00e9 consid\u00e9rable. En donnant \u00e0 l&rsquo;Etat tunisien, qui poss\u00e8de sa propre autorit\u00e9 de certification, la possibilit\u00e9 de \u00ab\u00a0labelliser\u00a0\u00bb tous les domaines possibles et non ses seuls domaines gouvernementaux en .tn, il donnait \u00e0 la cyberpolice une m\u00e9thode infaillible pour se faire passer, \u00e0 nouveau, pour Google et Gmail, sans d\u00e9clencher, pour peu que l&rsquo;on utilise Explorer et Windows, la moindre alerte de s\u00e9curit\u00e9 pr\u00e9venant l&rsquo;internaute d&rsquo;un probl\u00e8me potentiel.<\/font><\/span><\/p>\n<p align=\"justify\"><span lang=\"FR\"><font face=\"Arial\">Un probl\u00e8me de s\u00e9curit\u00e9 pour les populations soulev\u00e9 depuis quelques temps par des organisations open source <\/font><font><a href=\"https:\/\/wiki.mozilla.org\/CA:Problematic_Practices#Restrict_government_roots_to_their_TLDs\" target=\"_blank\" rel=\"noopener\"><font face=\"Arial\">comme Mozilla<\/font><\/a><\/font><font face=\"Arial\"> \u2013 et un bel exemple de l&rsquo;int\u00e9r\u00eat de l&rsquo;open gouvernance pour les libert\u00e9s fondamentales et les droits de l&rsquo;homme.<\/font><\/span><\/p>\n<p align=\"justify\"><span lang=\"FR\"><font face=\"Arial\">Les gouvernements peuvent ainsi, sur simple d\u00e9claration et <\/font><font><a href=\"http:\/\/technet.microsoft.com\/en-us\/library\/cc751157.aspx#EGAA\" target=\"_blank\" rel=\"noopener\"><font face=\"Arial\">sans contr\u00f4le de la part de Microsoft<\/font><\/a><\/font><font face=\"Arial\">, obtenir la possibilit\u00e9 pour leurs services ou des entreprises d\u00fbment mandat\u00e9es, d&rsquo;utiliser de tels certificats de s\u00e9curit\u00e9 et de les voir inclus dans Microsoft Explorer. <\/font><\/span><\/p>\n<h3 align=\"justify\" style=\"color: blue;\"><span lang=\"FR\"><font face=\"Arial\">Le geek Ben Ali, troph\u00e9e Microsoft<\/font><\/span><\/h3>\n<p align=\"justify\"><span lang=\"FR\"><font face=\"Arial\">Mais le programme de certification offert \u00e0 la Tunisie va bien plus loin, puisqu&rsquo;il ne se limite pas aux seuls noms de domaines nationaux en .tn, mais s&rsquo;\u00e9tend \u00e0 tous les noms de domaines (.com, .org, etc) et permet ainsi \u00e0 Ben Ali et sa cyberpolice de r\u00e9aliser des attaques informatiques \u00e9volu\u00e9es, comme celle qui a pris place en janvier durant la r\u00e9volution (attaques du type <\/font><font><a href=\"http:\/\/www.schneier.com\/blog\/archives\/2010\/09\/uae_man-in-the-.html\" target=\"_blank\" rel=\"noopener\"><font face=\"Arial\">\u00ab\u00a0Man in the middle\u00a0\u00bb<\/font><\/a><\/font><font face=\"Arial\">), et qui a permis de priver bon nombre de cyber-r\u00e9sistants de leurs compte Facebook, indispensables \u00e0 l&rsquo;organisation d&rsquo;actions de terrain, ainsi que d&rsquo;acc\u00e9der \u00e0 leur correspondance, afin de d\u00e9jouer des actions en cours (un auteur tunisien de ReadWriteWeb a \u00e9t\u00e9 victime d&rsquo;une telle attaque d\u00e9but janvier).<\/font><\/span><\/p>\n<p align=\"justify\"><span lang=\"FR\"><font face=\"Arial\">N\u00e9gligence caract\u00e9ris\u00e9e ou inconscience de la part de Microsoft\u00a0? On est en droit d&rsquo;en douter. <\/font><font><a href=\"http:\/\/www.espacemanager.com\/macro\/steve-ballmer-pdg-de-microsoft-impressione-par-le-president-ben-ali.html\" target=\"_blank\" rel=\"noopener\"><font face=\"Arial\">Les \u00e9loges de Steve Ballmer vis \u00e0 vis de Ben Ali<\/font><\/a><\/font><font face=\"Arial\">, a qui il a remis en octobre 2007 le troph\u00e9e Microsoft pour le leadership mondial en technologies de l&rsquo;information, laissent peu de doutes sur le fait que le PDG de Microsoft ait \u00e9t\u00e9 parfaitement conscient de l&rsquo;usage que l&rsquo;ex-dictateur tunisien allait faire d&rsquo;un tel cadeau. Ben Ali est un geek, et de son cot\u00e9, il \u00e9tait tout a fait capable de saisir les b\u00e9n\u00e9fices qu&rsquo;il pouvait tirer du coup de pouce offert par Microsoft.<\/font><\/span><\/p>\n<p align=\"justify\"><span lang=\"FR\"><font face=\"Arial\">Accuser Microsoft d&rsquo;avoir r\u00e9alis\u00e9 l\u00e0 un acte politique serait cependant aller un peu vite en besogne, l&rsquo;accord \u00e9tait en r\u00e9alit\u00e9 plus d&rsquo;ordre commercial\u00a0: pour acc\u00e9der aux sites gouvernementaux de fa\u00e7on s\u00e9curis\u00e9e, les Tunisiens n&rsquo;avaient pas d&rsquo;autre choix que d&rsquo;utiliser Windows et Explorer, seul \u00e0 int\u00e9grer les certificats de s\u00e9curit\u00e9 des sites de l&rsquo;e-administration tunisienne. Un march\u00e9 gagnant-gagnat, en quelque sorte. Le logiciel libre n&rsquo;a qu&rsquo;\u00e0 bien se tenir.<\/font><\/span><\/p>\n<h3 align=\"justify\" style=\"color: blue;\"><span lang=\"FR\"><font face=\"Arial\">\u00ab\u00a0Ce que sait faire Microsoft\u00a0\u00bb<\/font><\/span><\/h3>\n<p align=\"justify\"><span lang=\"FR\"><font face=\"Arial\">Une chose encore\u00a0: n&rsquo;allez pas croire que le probl\u00e8me se limite \u00e0 la Tunisie.<a href=\"http:\/\/download.microsoft.com\/download\/1\/4\/f\/14f7067b-69d3-473a-ba5e-70d04aea5929\/windows%20root%20certificate%20program%20members%20november%202009.pdf\" target=\"_blank\" rel=\"noopener\"><font>Des certificats similaires sont ainsi inclus dans Explorer<\/font><\/a> pour le compte des gouvernements chinois, isra\u00e9lien, turc\u2026 Et la moindre mise \u00e0 jour est susceptible d&rsquo;allonger la liste.<\/font><\/span><\/p>\n<p align=\"justify\"><span lang=\"FR\"><font face=\"Arial\">Surfer sur Internet avec Explorer\u00a0? Une pratique \u00e0 risque si vous habitez ou si vous voyagez dans un pays o\u00f9 le gouvernement est <\/font><font><a href=\"http:\/\/fr.readwriteweb.com\/2011\/03\/12\/a-la-une\/cyber-censure-france-entre-dans-rouge-tunisie-sort-du-noir\/\" target=\"_blank\" rel=\"noopener\"><font face=\"Arial\">port\u00e9 sur la surveillance des citoyens<\/font><\/a><\/font><font face=\"Arial\"><font> \u00e0 qui Microsoft vend\u2026 \u00ab\u00a0ce qu&rsquo;ils savent faire\u00a0\u00bb\u2026<\/font><em><span><font><\/font><\/span><\/em><\/font><\/span><\/p>\n<p align=\"justify\"><span lang=\"FR\"><font face=\"Arial\">Source\u00a0: \u00ab\u00a0Rue89\u00a0\u00bb Le 18-03-2011<\/font><\/span><\/p>\n<p align=\"justify\"><span lang=\"FR\"><font face=\"Arial\">Lien\u00a0: <\/font><a href=\"http:\/\/www.rue89.com\/2011\/03\/18\/tunisie-microsoft-complice-de-la-censure-numerique-par-ben-ali-195693\" target=\"_blank\" rel=\"noopener\"><font face=\"Arial\">http:\/\/www.rue89.com\/2011\/03\/18\/tunisie-microsoft-complice-de-la-censure-numerique-par-ben-ali-195693<\/font><\/a><\/span><\/p>\n<p align=\"justify\"><span lang=\"FR\"><\/span><\/p>\n<hr\/>\n<p>\u00a0<\/p>\n<h3 align=\"center\" style=\"color: blue;\"><span lang=\"FR\"><\/p>\n<h3 style=\"color: blue;\"><font face=\"Arial\">Tunisie : le CAPES \u00b4nouvelle mani\u00e8re\u00b4<\/font><\/h3>\n<p> <\/span><\/h3>\n<hr\/>\n<p align=\"justify\"><span lang=\"FR\"><font face=\"Arial\">M. Taieb Baccouche, ministre de l&rsquo;Education nationale, a annonc\u00e9 qu\u2019il faut passer un concours mais avec une nouvelle mani\u00e8re. Il r\u00e9pondait \u00e0 une question sur la possibilit\u00e9 d\u2019annuler le CAPES (certificat d&rsquo;aptitude au professorat de l&rsquo;enseignement secondaire), annulation revendiqu\u00e9e par le syndicat de l\u2019enseignement secondaire.<\/font><\/span><\/p>\n<p align=\"justify\"><span lang=\"FR\"><font face=\"Arial\">Le ministre a pr\u00e9cis\u00e9 qu\u2019il y aura des \u00e9preuves mais d&rsquo;autres points seront pris en consid\u00e9ration dont l\u2019anciennet\u00e9, la situation familiale, la situation sociale, l\u2019\u00e2ge\u2026et les r\u00e9sultats de tous les concours seront publi\u00e9s dans les m\u00e9dias et sur Internet.<\/font><\/span><\/p>\n<p align=\"justify\"><span lang=\"FR\"><font face=\"Arial\">Il a \u00e9galement not\u00e9 que l&rsquo;annonce de ces nouvelles proc\u00e9dures de recrutement se ferait au cours des prochains jours.<\/font><\/span><\/p>\n<p align=\"justify\"><span lang=\"FR\"><font face=\"Arial\">Source\u00a0: \u00ab\u00a0Investir en Tunisie\u00a0\u00bb Le 18-03-2011<\/font><\/span><\/p>\n<div>\n<p align=\"justify\"><span lang=\"FR\"><font face=\"Arial\">Lien\u00a0: <\/font><a href=\"http:\/\/www.investir-en-tunisie.net\/index.php?option=com_content&amp;view=article&amp;id=9303\" target=\"_blank\" rel=\"noopener\"><font face=\"Arial\">http:\/\/www.investir-en-tunisie.net\/index.php?option=com_content&amp;view=article&amp;id=9303<\/font><\/a><\/span><\/p>\n<\/div>\n<h3 align=\"center\" style=\"color: blue;\"><span lang=\"FR\"><\/p>\n<h4 style=\"color: blue;\"><font face=\"Arial\">Tunisie: entre la\u00efcit\u00e9 et islam, le d\u00e9bat fait rage<\/font><\/h4>\n<p> <\/span><\/h3>\n<hr\/>\n<p align=\"justify\"><span lang=\"FR\"><font face=\"Arial\">En Tunisie, l\u2019islam est la religion d\u2019Etat, c&rsquo;est-\u00e0-dire que l\u2019Islam jouit d\u2019un statut privil\u00e9gi\u00e9. Mais en pratique, les dirigeants politiques ont toujours fait preuve de mod\u00e9ration en mati\u00e8re de religion.\u00a0 A la suite de la r\u00e9volution tunisienne, un d\u00e9bat commence \u00e0 s\u2019instaurer entre les partisans de la la\u00efcit\u00e9 et ceux de l\u2019islam politique ou l\u2019islamisme.\u00a0 Mais quelles sont donc les divergences qui existent entre ces deux courants de pens\u00e9e ?<\/font><\/span><\/p>\n<p align=\"justify\"><span lang=\"FR\"><font face=\"Arial\">Le mot \u00ab la\u00efc \u00bb d\u00e9signe tout individu qui ne soit pas religieux. De l\u00e0, apparait la notion de la\u00efcit\u00e9 qui implique la s\u00e9paration entre l\u2019Etat et la religion. Cette s\u00e9paration a connu sa forme la plus rigoureuse en France par la loi de s\u00e9paration de l\u2019\u00e9glise et de l\u2019Etat de 1905 qui avait pour but d\u2019emp\u00eacher le clerg\u00e9 catholique d\u2019interf\u00e9rer dans les affaires de l\u2019Etat Fran\u00e7ais.<\/font><\/span><\/p>\n<p align=\"justify\"><span lang=\"FR\"><font face=\"Arial\">Cependant, un \u00e9tat la\u00efc n\u2019est pas un Etat ath\u00e9e. Croire en un Dieu est un droit pour chacun mais la religion devient une affaire propre \u00e0 la sph\u00e8re priv\u00e9e du citoyen La la\u00efcit\u00e9 implique que l\u2019Etat se tient \u00e0 \u00e9gale distance de toutes les religions et qu\u2019il n\u2019en encourage aucune officiellement.<\/font><\/span><\/p>\n<p align=\"justify\"><span lang=\"FR\"><font face=\"Arial\">Sur le plan l\u00e9gislatif, la loi d\u2019un \u00e9tat la\u00efc peut s\u2019inspirer de certains pr\u00e9ceptes ou principes moraux de la religion\u00a0 sans pour autant tirer sa l\u00e9gitimit\u00e9 d\u2019une religion en particulier.<\/font><\/span><\/p>\n<p align=\"justify\"><span lang=\"FR\"><font face=\"Arial\">En Tunisie, on peut dire que le mouvement la\u00efc est relativement r\u00e9cent. On a vu apr\u00e8s la r\u00e9volution plusieurs manifestations dans les grandes villes (essentiellement comme Tunis ou Sousse). Appelant \u00e0 l\u2019instauration d\u2019un Etat la\u00efque. Hormis les pays la\u00efques comme les Etats-Unis ou la Turquie, il existe \u00e9galement des pays dits \u00ab s\u00e9culiers \u00bb, dont la constitution fait r\u00e9f\u00e9rence \u00e0 Dieu.<\/font><\/span><\/p>\n<p align=\"justify\"><span lang=\"FR\"><font face=\"Arial\">Par ailleurs, l\u2019islam politique ou islamisme est un courant politique n\u00e9 au 20\u00e9me si\u00e8cle avec l\u2019apparition en Egypte des fr\u00e8res musulmans, groupe fond\u00e9 en 1928 par Hassan Al-Banna.\u00a0 Ce courant est n\u00e9 du choc colonial qu\u2019ont v\u00e9cu les pays musulmans et de leur rencontre avec la modernit\u00e9 occidentale. La solution pour les islamistes r\u00e9side dans un retour aux sources de l\u2019Islam, qui s\u2019est d\u00e9natur\u00e9 au fil du temps.<\/font><\/span><\/p>\n<p align=\"justify\"><span lang=\"FR\"><font face=\"Arial\">Les islamistes r\u00e9clament une application rigoriste de la Chariaa comme unique source de loi. La Chariaa contr\u00f4le les deux sph\u00e8res\u00a0 de la vie du citoyen : publique et priv\u00e9e. Une telle approche existe dans deux \u00e9tats du Moyen-Orient que sont : L\u2019Arabie Saoudite et L\u2019Iran.\u00a0 Deux pays, dont il faut rappeler qu\u2019ils sont en queue de liste en mati\u00e8re des droits de l\u2019Homme.<\/font><\/span><\/p>\n<p align=\"justify\"><span lang=\"FR\"><font face=\"Arial\">En Tunisie, deux mouvements revendiquent une identit\u00e9 islamiste \u00e0 savoir Ennahdha\u00a0 et\u00a0 Ettahrir (parti non autoris\u00e9).\u00a0 Le premier, cr\u00e9\u00e9 en 1981, vise l\u2019instauration d\u2019un \u00e9tat islamique en Tunisie et se dit proche du parti islamo-conservateur turc AKP. Le deuxi\u00e8me est un petit parti salafiste qui pr\u00f4ne\u00a0 l\u2019adoption du califat comme syst\u00e8me politique et la dissolution des partis politiques.<\/font><\/span><\/p>\n<p align=\"justify\"><span lang=\"FR\"><font face=\"Arial\">Enfin, le d\u00e9bat entre islamistes et la\u00efques consacre la diff\u00e9rence entre deux visions de la soci\u00e9t\u00e9 totalement antagonistes. Un \u00e9tat la\u00efc est clairement plus en phase avec les droits de l\u2019homme et les libert\u00e9s individuelles, contrairement \u00e0 un \u00e9tat islamiste o\u00f9 la situation des droits de l\u2019Homme pourrait connaitre une r\u00e9gression \u00e9norme,\u00a0 non en raison du coran en soi mais surtout \u00e0 cause de l\u2019interpr\u00e9tation que l\u2019on fait de ce livre saint.<\/font><\/span><\/p>\n<p align=\"justify\"><span lang=\"FR\"><font face=\"Arial\">Bref, un parti islamiste peut exister dans un pays la\u00efc (exemple le parti AKP de Tayep Erdogan en Turquie) mais un parti la\u00efc a peu de chance de voir le jour dans un \u00e9tat islamiste. C\u2019est l\u00e0 peut \u00eatre la principale diff\u00e9rence.<\/font><\/span><\/p>\n<h5 align=\"justify\" style=\"color: blue;\"><span lang=\"FR\"><font face=\"Arial\">Source\u00a0: \u00ab\u00a0Espace Manager\u00a0\u00bb Le 18-03-2011<\/font><\/span><\/h5>\n<div>\n<p align=\"justify\"><span lang=\"FR\"><font face=\"Arial\">Lien\u00a0: <\/font><a href=\"http:\/\/www.espacemanager.com\/politique\/tunisie-entre-laicite-et-islam-le-debat-fait-rage.html\" target=\"_blank\" rel=\"noopener\"><font face=\"Arial\">http:\/\/www.espacemanager.com\/politique\/tunisie-entre-laicite-et-islam-le-debat-fait-rage.html<\/font><\/a><\/span><\/p>\n<\/div>\n<h5 align=\"center\" style=\"color: blue;\"><span lang=\"FR\"><\/p>\n<h5 style=\"color: blue;\"><font face=\"Arial\">Ce soir \u00e0 la t\u00e9l\u00e9: \u00ab Du sida et des hommes \u00bb, la Tunisie d\u2019avant la r\u00e9volution face au virus<\/font><\/h5>\n<p><\/span><\/h5>\n<hr\/>\n<p align=\"justify\"><span lang=\"FR\"><font face=\"Arial\">Tourn\u00e9 avant la r\u00e9volution qui a conduit \u00e0 la chute du dictateur Ben Ali,<strong><i><span>Du sida et des hommes<\/span><\/i><\/strong><em><span>,<\/span><\/em>diffus\u00e9 ce <strong><span>vendredi<\/span><\/strong>,<strong><span>\u00e0 22h<\/span><\/strong>, en clair, <strong><span>sur PinkTV<\/span><\/strong>,<em><span><\/span><\/em>est le portrait passionnant d\u2019une jeunesse tunisienne en manque de travail et d\u2019information sur la sant\u00e9 et celui d\u2019un pays qui refuse de voir la r\u00e9alit\u00e9 du sida en face.<\/font><\/span><\/p>\n<p align=\"justify\"><span lang=\"FR\"><font face=\"Arial\">Au fil du documentaire, la r\u00e9alisatrice \u00c9lodie Colomar interviewe des personnes atteintes, des m\u00e9decins ou des responsables d\u2019association. Elle suit longuement Jimmy, s\u00e9ropositif depuis les ann\u00e9es 80 et qui met toute son \u00e9nergie \u00e0 informer et \u00e0 \u00e9duquer \u00e0 la pr\u00e9vention.<\/font><\/span><\/p>\n<p align=\"justify\"><strong><span lang=\"FR\"><font face=\"Arial\">LE D\u00c9SENCHANTEMENT DES JEUNES<\/font><\/span><\/strong><span lang=\"FR\"><font> <\/font><font face=\"Arial\">M\u00eame si ce n\u2019est pas le sujet du film, le d\u00e9senchantement des jeunes, leur demande d\u2019informations dans un pays o\u00f9 celle-ci est censur\u00e9e, le poids des coutumes et de la religion, font mieux comprendre ce qui a pu se passer durant les \u00e9v\u00e9nements du d\u00e9but d\u2019ann\u00e9e.<\/font><\/span><\/p>\n<p align=\"justify\"><span lang=\"FR\"><font face=\"Arial\">Tourn\u00e9e entre 2007 et 2010, ce documentaire permet aussi de voir des actions de pr\u00e9vention et donne la parole \u00e0 des hommes gays qui parlent \u00e0 visage d\u00e9couvert. Dans un pays arabe, c\u2019\u00e9tait d\u00e9j\u00e0 une gageure de r\u00e9ussir \u00e0 les faire t\u00e9moigner. Autre s\u00e9quence poignante, celle durant laquelle des \u00e9l\u00e8ves d\u2019une \u00e9cole expliquent que les responsables ne souhaitent pas qu\u2019un s\u00e9ropositif vienne t\u00e9moigner de sa vie avec le sida.<\/font><\/span><\/p>\n<p align=\"justify\"><span lang=\"FR\"><font face=\"Arial\">Le tourisme sexuel semble jouer un r\u00f4le non n\u00e9gligeable dans la propagation du virus et Onusida estime que la prostitution, f\u00e9minine et masculine, est responsable de 20% des contaminations. Onusida estime \u00e9galement que 8700 personnes vivent avec le VIH en Tunisie alors que les chiffres officiels sont de 3000 s\u00e9ropositifs d\u00e9clar\u00e9s.<\/font><\/span><\/p>\n<h5 align=\"justify\" style=\"color: blue;\"><span lang=\"FR\"><font face=\"Arial\">Source\u00a0: \u00ab\u00a0yagg\u00a0\u00bb Le 18-03-2011<\/font><\/span><\/h5>\n<div>\n<p align=\"justify\"><span lang=\"FR\"><font face=\"Arial\">Lien\u00a0: <\/font><a href=\"http:\/\/yagg.com\/2011\/03\/18\/ce-soir-a-la-tele-du-sida-et-des-hommes-la-tunisie-davant-la-revolution-face-au-virus\/\" target=\"_blank\" rel=\"noopener\"><font face=\"Arial\">http:\/\/yagg.com\/2011\/03\/18\/ce-soir-a-la-tele-du-sida-et-des-hommes-la-tunisie-davant-la-revolution-face-au-virus\/<\/font><\/a><\/span><\/p>\n<\/div>\n<h5 align=\"center\" style=\"color: blue;\"><span lang=\"NO-BOK\"><\/p>\n<h5 style=\"color: blue;\"><font face=\"Arial\">Libert\u00e9 des m\u00e9dias : la Tunisie en bonne voie<\/font><\/h5>\n<p> <\/span><\/h5>\n<hr\/>\n<p align=\"justify\"><span lang=\"NO-BOK\"><font face=\"Arial\">Deux mois apr\u00e8s la r\u00e9volution qui a provoqu\u00e9 la chute du dictateur Zine El Abidine Ben Ali, les Am\u00e9ricains d\u2019origine tunisienne utilisent tous les outils m\u00e9diatiques \u00e0 leur disposition, les nouveaux comme les classiques, pour faire aller la Tunisie de l\u2019avant.<\/font><\/span><\/p>\n<p align=\"justify\"><span lang=\"EN-US\"><font face=\"Arial\">Douja Mamelouk, professeur auxiliaire \u00e0 l\u2019universit\u00e9 de Georgetown de Washington, note l\u2019apparition d\u2019une presse libre aujourd\u2019hui en Tunisie. Les cha\u00eenes de t\u00e9l\u00e9vision Hannibal TV et Neesma TV ont une programmation audacieuse depuis d\u00e9cembre 2010 et elles continuent de proposer des forums de discussion aux t\u00e9l\u00e9spectateurs.<\/font><\/span><\/p>\n<p align=\"justify\"><span lang=\"EN-US\"><font face=\"Arial\">\u00ab Comme on l\u2019entend souvent dire en Tunisie, dit l\u2019enseignante, si vous avez une opinion, faites-la conna\u00eetre au grand jour maintenant qu\u2019on a une presse libre. On a l\u2019impression qu\u2019apr\u00e8s 50 ann\u00e9es pass\u00e9es \u00e0 vivre en silence plus personne ne se tait. \u00bb<\/font><\/span><\/p>\n<p align=\"justify\"><span lang=\"EN-US\"><font face=\"Arial\">L\u2019existence d\u2019une presse libre en Tunisie offre aux Am\u00e9ricains d\u2019origine tunisienne des occasions d\u2019ajouter leur voix au d\u00e9bat. \u00ab Les Am\u00e9ricains d\u2019origine tunisienne peuvent jouer un r\u00f4le dans la mesure o\u00f9 ils peuvent exprimer leur opinion (\u2026), dire ce qui leur para\u00eet n\u00e9cessaire, ce qu\u2019ils souhaitent voir se produire en Tunisie \u00bb, ajoute Douja Mamelouk.<\/font><\/span><\/p>\n<p align=\"justify\"><span lang=\"EN-US\"><font face=\"Arial\">H\u00e9di Jaouad, professeur de langue et de litt\u00e9rature fran\u00e7aises au Skidmore College dans l\u2019\u00c9tat de New York, convient que les Am\u00e9ricains d\u2019origine tunisienne doivent s\u2019exprimer dans les m\u00e9dias.<\/font><\/span><\/p>\n<p align=\"justify\"><span lang=\"EN-US\"><font face=\"Arial\">\u00ab Parfois, dit-il, il est bon d\u2019avoir un point de vue objectif de la part de quelqu\u2019un qui n\u2019est pas sur place. \u00bb<\/font><\/span><\/p>\n<p align=\"justify\"><span lang=\"EN-US\"><font face=\"Arial\">Les r\u00e9seaux sociaux, tels Facebook et Twitter, dont on sait le r\u00f4le important qu\u2019ils ont jou\u00e9 dans l\u2019organisation du soul\u00e8vement contre le gouvernement du pr\u00e9sident d\u00e9chu Ben Ali, continuent de connecter les gens. \u00ab Sur Facebook, les d\u00e9bats sont constants. Le d\u00e9bat n\u2019a pas cess\u00e9 depuis avant la r\u00e9volution, ils vont toujours bon train \u00bb, ajoute Douja Mamelouk.<\/font><\/span><\/p>\n<p align=\"justify\"><span lang=\"EN-US\"><font face=\"Arial\">Il est temps que les entreprises et les services publics soient remis sur les rails, fait-elle encore observer. \u00ab Les Tunisiens avec lesquels je suis en contact me disent que le pays doit renouer avec la stabilit\u00e9 pour que le travail puisse reprendre. Il y a eu beaucoup de d\u00e9g\u00e2ts, un grand nombre de locaux publics ont \u00e9t\u00e9 br\u00fbl\u00e9s, la scolarit\u00e9 des \u00e9l\u00e8ves et des \u00e9tudiants s\u2019est trouv\u00e9e perturb\u00e9e, etc. \u00bb, constate ce professeur.<\/font><\/span><\/p>\n<p align=\"justify\"><span lang=\"EN-US\"><font face=\"Arial\">Pour sa part, Mokhtar Sadok, ing\u00e9nieur a\u00e9rospatial dans l\u2019Iowa, estime que les Am\u00e9ricains d\u2019origine tunisienne peuvent jouer un r\u00f4le vital dans la cr\u00e9ation de d\u00e9bouch\u00e9s \u00e9conomiques<\/font><\/span><\/p>\n<p align=\"justify\"><span lang=\"EN-US\"><font face=\"Arial\">\u00ab Les Am\u00e9ricains d\u2019origine tunisienne peuvent contribuer \u00e0 resserrer les liens \u00e9conomiques et culturels entre nos deux pays en encourageant la mise en route de nouvelles entreprises capables de cr\u00e9er des emplois de part et d\u2019autre de l\u2019Atlantique \u00bb, explique-t-il.<\/font><\/span><\/p>\n<p align=\"justify\"><span lang=\"EN-US\"><font face=\"Arial\">Malgr\u00e9 les d\u00e9fis qu\u2019elle doit encore relever, la Tunisie est engag\u00e9e dans la bonne voie alors qu\u2019elle dessine les contours d\u2019un nouveau gouvernement, estiment les Am\u00e9ricains d\u2019origine tunisienne.<\/font><\/span><\/p>\n<p align=\"justify\"><span lang=\"EN-US\"><font face=\"Arial\">\u00ab Je sais sans l\u2019ombre d\u2019un doute, affirme Douja Mamelouk, que les personnes responsables de la constitution sont extr\u00eamement professionnelles et qu\u2019elles connaissent bien leur travail. Je fais confiance aux futurs agents du pouvoir. \u00bb<\/font><\/span><\/p>\n<p align=\"justify\"><span lang=\"EN-US\"><font face=\"Arial\">Pour sa part, H\u00e9di Jaouad compte bien contacter ses repr\u00e9sentants \u00e9lus aux \u00c9tats-Unis pour leur faire part de ses vues sur la situation en Tunisie.<\/font><\/span><\/p>\n<p align=\"justify\"><span lang=\"NO-BOK\"><font face=\"Arial\">\u00ab J\u2019ai l\u2019intention d\u2019\u00e9crire \u00e0 mes \u00e9lus, dit-il, et de leur demander de se rendre en Tunisie ou d\u2019exhorter le gouvernement \u00e0 soutenir la Tunisie. Il faut que l\u2019\u00e9conomie retrouve son niveau d\u2019avant la r\u00e9volution et qu\u2019ensuite elle d\u00e9passe largement ce stade. \u00bb<\/font><\/span><\/p>\n<p align=\"justify\"><font face=\"Arial\"><span lang=\"NO-BOK\"><font>H\u00e9di Jaouad entend apporter son concours \u00e0 la formation d\u2019un nouveau gouvernement par les Tunisiens. <\/font><\/span><span lang=\"EN-US\"><font>Si le gouvernement provisoire a besoin d\u2019observateurs \u00e9lectoraux, par exemple, il est pr\u00eat \u00e0 offrir ses services.<\/font><\/span><\/font><\/p>\n<p align=\"justify\"><span lang=\"EN-US\"><font face=\"Arial\">\u00ab Je tiens \u00e0 me porter volontaire pour une mission internationale d\u2019observateurs \u00e9lectoraux, insiste-t-il. Il serait tr\u00e8s utile que des Am\u00e9ricains d\u2019origine tunisienne fassent partie d\u2019\u00e9quipes internationales pour que les \u00e9lections puissent se d\u00e9rouler dans un climat de libert\u00e9 et d\u00e9pourvu d\u2019intimidation. \u00bb<\/font><\/span><\/p>\n<h6 align=\"justify\" style=\"color: blue;\"><span lang=\"EN-US\"><font face=\"Arial\">Source: \u201cTop medias\u201d Le 18-03-2011<\/font><\/span><\/h6>\n<div>\n<p align=\"justify\"><span lang=\"NO-BOK\"><font face=\"Arial\">Lien: <\/font><a href=\"http:\/\/topmedias.org\/liberte-de-la-presse\/liberte-des-medias-la-tunisie-en-bonne-voie-626.html\" target=\"_blank\" rel=\"noopener\"><font face=\"Arial\">http:\/\/topmedias.org\/liberte-de-la-presse\/liberte-des-medias-la-tunisie-en-bonne-voie-626.html<\/font><\/a><\/span><\/p>\n<\/div>\n<h6 align=\"center\" style=\"color: blue;\"><span lang=\"NO-BOK\"><\/p>\n<h6 style=\"color: blue;\"><font face=\"Arial\">Les Tunisiens seront-ils pr\u00eats pour le 24 juillet ?<\/font><\/h6>\n<p> <\/span><\/h6>\n<hr\/>\n<p align=\"justify\"><span lang=\"NO-BOK\"><font face=\"Arial\">Les propos du Premier ministre, B\u00e9ji Ca\u00efd Essebsi, et du pr\u00e9sident du Conseil de l&rsquo;instance sup\u00e9rieure pour la r\u00e9alisation des objectifs de la R\u00e9volution, de la r\u00e9forme politique et de la transition d\u00e9mocratique, Iyadh Ben Achour, lors de l\u2019ouverture, jeudi 17 mars, du s\u00e9minaire de transition d\u00e9mocratique, montrent bien que la pr\u00e9paration des \u00e9lections du 24 juillet constitue la t\u00e2che essentielle du moment.<\/font><\/span><\/p>\n<p align=\"justify\"><span lang=\"EN-US\"><font face=\"Arial\">Les m\u00eames propos montrent \u00e9galement que la Tunisie est d\u00e9j\u00e0 parvenue \u00e0 des acquis civilisationnels sous lesquels on ne saurait descendre lors de l\u2019\u00e9criture de notre nouvelle constitution. MM. Ca\u00efd Essebsi et Ben Achour ont \u00e9t\u00e9 tr\u00e8s clairs l\u00e0-dessus et trac\u00e9 des lignes rouges.<\/font><\/span><\/p>\n<p align=\"justify\"><span lang=\"EN-US\"><font face=\"Arial\">Pour le Premier ministre, l\u2019article premier de la Constitution qui affirme que \u2018La Tunisie est un Etat libre, ind\u00e9pendant et souverain: sa religion est l&rsquo;Islam, sa langue l&rsquo;arabe et son r\u00e9gime la r\u00e9publique\u2019 ne devrait pas \u00eatre touch\u00e9. M. Ca\u00efd Essebsi affirme \u00e9galement que \u2018les acquis de la femme en Tunisie sont intouchables\u2019. \u2018Il est possible d\u2019y ajouter. Mais point de recul\u2019, explique-t-il.<\/font><\/span><\/p>\n<p align=\"justify\"><span lang=\"EN-US\"><font face=\"Arial\">Par ailleurs, le Premier ministre a mis l\u2019accent sur d\u2019autres principes associ\u00e9s \u00e0 la mise sur pied d\u2019un Etat de droit comme l\u2019ind\u00e9pendance de la justice, le respect des droits de l\u2019Homme et la libert\u00e9 de la presse. \u2018Il est n\u00e9cessaire que les m\u00e9dias diminuent leurs congratulations\u2019, a-t-il expliqu\u00e9. \u2018Leurs propos doivent s\u2019assimiler \u00e0 des m\u00e9dicaments. Juste ce qu\u2019il faut, ni plus, ni moins\u2019, a-t-il nuanc\u00e9.<\/font><\/span><\/p>\n<p align=\"justify\"><span lang=\"EN-US\"><font face=\"Arial\">Le professeur Iyadh Ben Achour a rappel\u00e9, lui aussi, que \u2018l\u2019importance n\u2019est pas dans le changement en soi mais, plut\u00f4t, dans l\u2019installation de nouvelles m\u00e9thodes et styles de r\u00e9flexion qui doivent nous mener vers les objectifs proclam\u00e9s par la r\u00e9volution comme la dignit\u00e9, la libert\u00e9, la justice sociale, la transparence des \u00e9lections, le respect des minorit\u00e9s, la volont\u00e9 populaire, etc.\u2026<\/font><\/span><\/p>\n<p align=\"justify\"><span lang=\"EN-US\"><font face=\"Arial\">MM. Ca\u00efd Essebsi et Ben Achour ont soulign\u00e9 qu\u2019ils \u2018ne sont que de passage et que leur mission se terminera quelques jours apr\u00e8s les \u00e9lections de juillet prochain\u2019. Mais, comment vont se d\u00e9rouler ces \u00e9lections ?<\/font><\/span><\/p>\n<p align=\"justify\"><span lang=\"EN-US\"><font face=\"Arial\">M. Ben Achour a expliqu\u00e9 que \u2018la tendance \u00e9tait orient\u00e9e vers une \u00e9lection pr\u00e9sidentielle\u2019 et \u2018c\u2019est la volont\u00e9 du peuple qui l\u2019a renvoy\u00e9e vers une Constituante\u2019. Il a pr\u00e9cis\u00e9 que \u2018sa commission technique pour la pr\u00e9paration des \u00e9lections est pass\u00e9e donc sous l\u2019autorit\u00e9 du Conseil de l&rsquo;instance sup\u00e9rieure pour la r\u00e9alisation des objectifs de la R\u00e9volution, de la r\u00e9forme politique et de la transition d\u00e9mocratique qui est actuellement form\u00e9e par 12 partis politiques, 15 organisations de la soci\u00e9t\u00e9 civile et 42 personnalit\u00e9s nationales\u2019.<\/font><\/span><\/p>\n<p align=\"justify\"><span lang=\"EN-US\"><font face=\"Arial\">Le Professeur Ben Achour a soulign\u00e9 que \u2018des militants de la gauche ont attir\u00e9 son attention sur la pr\u00e9sence de beaucoup d\u2019islamistes dans la composition du Conseil\u2019 et que \u2018Cheikh Abdelfattah Mourou a d\u00e9clar\u00e9 dans une \u00e9mission sur Hannibal TV que les islamistes \u00e9taient sous-repr\u00e9sent\u00e9s\u2019. Il a affirm\u00e9 que \u2018la composition du conseil n\u2019est pas d\u00e9finitive\u2019 et qu\u2019il va faire de fa\u00e7on \u00e0 ce qu\u2019elle \u2018soit la plus consensuelle possible\u2019.<\/font><\/span><\/p>\n<p align=\"justify\"><span lang=\"EN-US\"><font face=\"Arial\">Concernant les \u00e9ch\u00e9ances \u00e9lectorales, Iyadh Ben Achour a rappel\u00e9 que \u2018pour r\u00e9aliser des \u00e9lections le 24 juillet prochain, le Code \u00e9lectoral doit \u00eatre fin pr\u00eat d\u2019ici la fin du mois de mars\u2019. \u2018Il faudrait travailler inlassablement pour respecter cette \u00e9ch\u00e9ance et ne pas trop s\u2019attarder sur les d\u00e9tails\u2019.<\/font><\/span><\/p>\n<h6 align=\"justify\" style=\"color: blue;\"><span lang=\"EN-US\"><font face=\"Arial\">Pour ce qui est du mode de scrutin, le professeur Ben Achour a certes reconnu \u2018<\/font><\/span><\/h6>\n<p align=\"justify\"><span lang=\"EN-US\"><font face=\"Arial\">l\u2019existence de plusieurs mod\u00e8les qui seront soumis au conseil comme l\u2019uninominal \u00e0 deux tours ou le scrutin de listes\u2019. Il a pr\u00e9cis\u00e9 que la commission d\u2019experts n\u2019a pas une position unifi\u00e9e concernant cette probl\u00e9matique. Chacun a ses propres arguments. Mais il pense que \u2018le scrutin de listes avec un mode de d\u00e9compte proportionnel respectant les plus fortes moyennes serait le plus indiqu\u00e9 pour la situation en Tunisie\u2019.<\/font><\/span><\/p>\n<p align=\"justify\"><span lang=\"EN-US\"><font face=\"Arial\">Le professeur Ben Achour affirme toutefois que \u2018la commission technique est l\u00e0 pour appliquer les choix du Conseil de l&rsquo;instance sup\u00e9rieure pour la r\u00e9alisation des objectifs de la R\u00e9volution, de la r\u00e9forme politique et de la transition d\u00e9mocratique\u2019.<\/font><\/span><\/p>\n<p align=\"justify\"><span lang=\"EN-US\"><font face=\"Arial\">Pour ce qui est de l\u2019op\u00e9ration \u00e9lectorale, il a confirm\u00e9 le fait que les prochaines \u00e9lections \u2018se feront sur pr\u00e9sentation de sa carte d\u2019identit\u00e9 nationale\u2019 et que \u2018les bases de donn\u00e9es existantes vont servir pour dresser les listes \u00e9lectorales\u2019.<\/font><\/span><\/p>\n<p align=\"justify\"><span lang=\"EN-US\"><font face=\"Arial\">L\u2019op\u00e9ration \u00e9lectorale du 24 juillet prochain n\u00e9cessite donc des \u00e9tapes pr\u00e9alables pour les pr\u00e9paratifs de sa tenue. Il est imp\u00e9ratif de trouver le moyen le plus efficace pour d\u00e9limiter les listes d\u2019\u00e9lecteurs selon des crit\u00e8res pr\u00e9-\u00e9tablis, d\u2019opter pour un mode de scrutin consensuel et d\u2019\u00e9tablir un calendrier englobant les phases de d\u00e9p\u00f4t des candidatures, des r\u00e9clamations, de la campagne \u00e9lectorale, du jour d\u2019\u00e9lection et des m\u00e9canismes de d\u00e9pouillement.<\/font><\/span><\/p>\n<p align=\"justify\"><font face=\"Arial\"><span lang=\"EN-US\"><font>La premi\u00e8re phase comporte l\u2019adoption du Code \u00e9lectoral que le Conseil de l&rsquo;instance sup\u00e9rieure pour la r\u00e9alisation des objectifs de la R\u00e9volution, de la r\u00e9forme politique et de la transition d\u00e9mocratique doit adopter le plus rapidement possible pour \u00eatre dans les temps le 24 juillet. <\/font><\/span><span lang=\"NO-BOK\"><font>Mais, est-ce vraiment r\u00e9alisable ?<\/font><\/span><\/font><\/p>\n<h6 align=\"justify\" style=\"color: blue;\"><span lang=\"EN-US\"><font face=\"Arial\">Source: \u201dBusiness News\u201d Le 17-03-2011<\/font><\/span><\/h6>\n<div>\n<p align=\"justify\"><span lang=\"NO-BOK\"><font face=\"Arial\">Lien: <\/font><a href=\"http:\/\/www.businessnews.com.tn\/Les-Tunisiens-seront-ils-pr\u00eats-pour-le-24-juillet-,519,23978,1\" target=\"_blank\" rel=\"noopener\"><font face=\"Arial\">http:\/\/www.businessnews.com.tn\/Les-Tunisiens-seront-ils-pr%C3%AAts-pour-le-24-juillet-,519,23978,1<\/font><\/a><\/span><\/p>\n<\/div>\n<h6 align=\"center\" style=\"color: blue;\"><span lang=\"NO-BOK\"><\/p>\n<h6 style=\"color: blue;\"><font face=\"Arial\">\u00ab\u00a0J&rsquo;\u00e9cris dans un sentiment partag\u00e9 de libert\u00e9 et de crainte\u00a0\u00bb<\/font><\/h6>\n<p> <\/span><\/h6>\n<hr\/>\n<p align=\"justify\"><font face=\"Arial\"><span lang=\"EN-US\"><font>Jonas <\/font><\/span><font><span lang=\"NO-BOK\"><a href=\"http:\/\/www.lemonde.fr\/sujet\/5b92\/hassen-khemiri.html\" target=\"_blank\" rel=\"noopener\"><span lang=\"EN-US\"><font>Hassen Khemiri<\/font><\/span><\/a><\/span><span lang=\"EN-US\"> secoue une Su\u00e8de qui ne sait plus vraiment comment elle doit se reconna\u00eetre.<\/span><span lang=\"NO-BOK\">Ce jeune \u00e9crivain de 32 ans, n\u00e9 \u00e0 Stockholm de p\u00e8re tunisien et de m\u00e8re su\u00e9doise, passe au shaker les langues, les origines, les identit\u00e9s. <\/span><span lang=\"EN-US\">En France, on ne conna\u00eet encore que son deuxi\u00e8me roman, <i>Montecore, un tigre unique<\/i> (Le Serpent \u00e0 plumes, 2008) et sa pi\u00e8ce de th\u00e9\u00e2tre <i>Invasion !<\/i> (Ed. th\u00e9\u00e2trales, 2008), mise en sc\u00e8ne par <\/span><span lang=\"NO-BOK\"><a href=\"http:\/\/www.lemonde.fr\/sujet\/a656\/michel-didym.html\" target=\"_blank\" rel=\"noopener\"><span lang=\"EN-US\"><font>Michel Didym<\/font><\/span><\/a><\/span><\/font><span lang=\"EN-US\"><font>. Des textes o\u00f9 l&rsquo;humour grin\u00e7ant bouscule le racisme, les peurs, les pr\u00e9jug\u00e9s. Et o\u00f9 les mots m\u00eal\u00e9s donnent \u00e0 <\/font><\/span><\/font><\/p>\n<p align=\"justify\"><span lang=\"EN-US\"><font face=\"Arial\">ceux qui s&rsquo;en emparent un pouvoir inesp\u00e9r\u00e9.<\/font><\/span><\/p>\n<p align=\"justify\"><span lang=\"EN-US\"><font face=\"Arial\">Vous avez \u00e9t\u00e9 \u00e9lev\u00e9 dans des langues diff\u00e9rentes. Comment vous en \u00eates-vous servi ?<\/font><\/span><\/p>\n<p align=\"justify\"><font face=\"Arial\"><span lang=\"EN-US\"><font>Chez nous, on parlait le su\u00e9dois, le fran\u00e7ais, l&rsquo;anglais et l&rsquo;arabe. A l&rsquo;\u00e9cole, j&rsquo;ai suivi des cours de fran\u00e7ais et d&rsquo;anglais. Aujourd&rsquo;hui, je parle un peu fran\u00e7ais, mais plut\u00f4t comme un enfant. <\/font><\/span><font><span lang=\"NO-BOK\">Je suis all\u00e9 plusieurs fois en Tunisie, le pays de mon p\u00e8re, pour tenter de m&rsquo;approprier davantage l&rsquo;arabe. Je le ma\u00eetrise mal&#8230; <\/span><span lang=\"EN-US\">Ce qui m&rsquo;est apparu t\u00f4t, c&rsquo;est qu&rsquo;\u00e0 la maison mes parents utilisaient une langue ou une autre en fonction des situations. Pour la vie de tous les jours, c&rsquo;\u00e9tait d&#8217;embl\u00e9e le su\u00e9dois. Mais lorsque ma m\u00e8re et mon p\u00e8re \u00e9taient dans une relation plus intime, plus tendre, ils s&rsquo;exprimaient en fran\u00e7ais. J&rsquo;ai compris qu&rsquo;il existait un lien entre les moments et les langues. <\/span><\/font><span lang=\"NO-BOK\"><font>Entre une langue et l&rsquo;identit\u00e9 d&rsquo;un moment. <\/font><\/span><\/font><\/p>\n<p align=\"justify\"><font face=\"Arial\"><span lang=\"NO-BOK\"><font>Je suis l&rsquo;a\u00een\u00e9 d&rsquo;une famille de trois gar\u00e7ons. Mes fr\u00e8res ont 6 et 8 ans de moins que moi. <\/font><\/span><font><span lang=\"EN-US\">Lorsqu&rsquo;ils sont n\u00e9s, mon p\u00e8re \u00e9tait devenu bien plus \u00e0 l&rsquo;aise avec le su\u00e9dois. <\/span><span lang=\"NO-BOK\">\u00c7a avait chang\u00e9. Si la langue permet de s&rsquo;exprimer, celui qui la ma\u00eetrise mal peut se sentir d\u00e9muni, bless\u00e9. J&rsquo;\u00e9tais \u00e9tonn\u00e9 de voir \u00e0 quel point les gens attachaient de la valeur \u00e0 la puret\u00e9 de la grammaire, de la syntaxe. <\/span><\/font><span lang=\"EN-US\"><font>La diff\u00e9rence des langues pose le probl\u00e8me de la diff\u00e9rence tout court. Quand j&rsquo;\u00e9tais petit, je trouvais bizarre que les mots ne soient pas les m\u00eames. Et normal de jouer avec eux. C&rsquo;est ce qui m&rsquo;a conduit \u00e0 l&rsquo;\u00e9criture.<\/font><\/span><\/font><\/p>\n<p align=\"justify\"><span lang=\"EN-US\"><font face=\"Arial\">Comment cela a-t-il commenc\u00e9 ?<\/font><\/span><\/p>\n<p align=\"justify\"><font face=\"Arial\"><span lang=\"EN-US\"><font>Je tenais mon journal intime vers l&rsquo;\u00e2ge de 7 ans. Je me contentais des faits, de la r\u00e9alit\u00e9 quotidienne. Puis je me suis rendu compte qu&rsquo;il \u00e9tait possible de la changer. D&rsquo;en faire autre chose. De modifier mes souvenirs. De recr\u00e9er un monde. <\/font><\/span><font><span lang=\"NO-BOK\">J&rsquo;ai v\u00e9cu cela dans un sentiment partag\u00e9 d&rsquo;immense libert\u00e9 et de crainte. <\/span><span lang=\"EN-US\">La langue et les mots avaient une importance parce que leur mise en oeuvre amenait une foule de cons\u00e9quences. Mes d\u00e9couvertes, mes \u00e9motions litt\u00e9raires ont \u00e9t\u00e9 d&rsquo;abord su\u00e9doises : Selma Lagerl\u00f6f, Hjalmar S\u00f6derberg, et ce fou de Carl Jonas Love Almqvist. <\/span><\/font><span lang=\"NO-BOK\"><font>Les pi\u00e8ces de Strindberg, bien s\u00fbr. Puis Per Olov Enquist, et, ailleurs, Vladimir Nabokov, Marguerite Duras&#8230; J&rsquo;ai toujours \u00e9crit en su\u00e9dois. M\u00eame si, \u00e0 un moment, j&rsquo;ai essay\u00e9 de faire des chansons de rap en anglais.<\/font><\/span><\/font><\/p>\n<p align=\"justify\">\u00a0<\/p>\n<p align=\"justify\"><span lang=\"EN-US\"><font face=\"Arial\">Vos textes ont \u00e9t\u00e9 beaucoup traduits \u00e0 l&rsquo;\u00e9tranger&#8230;<\/font><\/span><\/p>\n<p align=\"justify\"><font face=\"Arial\"><span lang=\"NO-BOK\"><font>J&rsquo;ai publi\u00e9 deux romans, un recueil de nouvelles, quatre pi\u00e8ces de th\u00e9\u00e2tre. <\/font><\/span><font><span lang=\"EN-US\">Montecore, un tigre unique est maintenant \u00e9dit\u00e9 dans une dizaine de pays. <\/span><\/font><span lang=\"NO-BOK\"><font>Invasion !, ma premi\u00e8re pi\u00e8ce, a \u00e9t\u00e9 mont\u00e9e en Allemagne, en Norv\u00e8ge, en France, en Grande-Bretagne, aux Etats-Unis. J&rsquo;en reste assez \u00e9berlu\u00e9 et je rends gr\u00e2ce, vraiment, \u00e0 mes traducteurs. Je m&rsquo;en sens d\u00e9pendant et, \u00e0 chaque fois, tr\u00e8s proche. Leur travail est comme un nouveau livre. Une interpr\u00e9tation. Je suis responsable de la version su\u00e9doise et puis les mots se transforment. Je perds le contr\u00f4le de mes personnages. <\/font><\/span><\/font><\/p>\n<p align=\"justify\"><font face=\"Arial\"><span lang=\"NO-BOK\"><font>Kadir, l&rsquo;interlocuteur ambigu du fils dans Montecore, utilise la langue un peu comme un masque. <\/font><\/span><font><span lang=\"EN-US\">Il se cache. Je voulais que ce qu&rsquo;il dise soit difficile \u00e0 cerner. Que cela laisse perplexe. Dans le texte original, j&rsquo;ai bombard\u00e9 son su\u00e9dois de formules, de consonances fran\u00e7aises. <\/span><span lang=\"NO-BOK\">J&rsquo;ai invent\u00e9 des mots. Et voil\u00e0 qu&rsquo;avec la traduction, Kadir se met \u00e0 parler fran\u00e7ais ou am\u00e9ricain. <\/span><\/font><span lang=\"EN-US\"><font>Comment ? C&rsquo;est fou. \u00c7a me pla\u00eet bien. Qui est manipul\u00e9 ? A la perplexit\u00e9 du lecteur s&rsquo;ajoute ainsi la mienne.<\/font><\/span><\/font><\/p>\n<p align=\"justify\"><span lang=\"EN-US\"><font face=\"Arial\">Source: \u201cLe Monde.fr\u201d Le 17-03-2011<\/font><\/span><\/p>\n<div>\n<p align=\"justify\"><span lang=\"NO-BOK\"><font face=\"Arial\">Lien: <\/font><a href=\"http:\/\/www.lemonde.fr\/livres\/article\/2011\/03\/17\/jonas-hassen-khemiri-j-ecris-dans-un-sentiment-partage-de-liberte-et-de-crainte_1494369_3260.html\" target=\"_blank\" rel=\"noopener\"><font face=\"Arial\">http:\/\/www.lemonde.fr\/livres\/article\/2011\/03\/17\/jonas-hassen-khemiri-j-ecris-dans-un-sentiment-partage-de-liberte-et-de-crainte_1494369_3260.html<\/font><\/a><\/span><\/p>\n<\/div>\n<p align=\"center\"><b><span lang=\"EN-US\"><\/p>\n<h6 style=\"color: blue;\"><font face=\"Arial\">Universit\u00e9 &#8211; Qu\u2019est-ce qui doit changer Grandes Ecoles\/ Grandes Facult\u00e9s \/ Syst\u00e8me LMD<\/font><\/h6>\n<p><\/span><\/b><\/p>\n<p align=\"center\"><b><span lang=\"EN-US\"><\/p>\n<h6 style=\"color: blue;\"><font face=\"Arial\">\u201c Le fourre-tout \u201d<\/font><\/h6>\n<p><\/span><\/b><\/p>\n<p align=\"center\"><b><span lang=\"EN-US\"><\/span><\/b><\/p>\n<hr\/>\n<p>\u00a0<\/p>\n<p align=\"justify\"><span lang=\"EN-US\"><font face=\"Arial\">Interview de Tahar Gallali, universitaire, ancien directeur de la Cit\u00e9 des Sciences \u00e0 Tunis et ancien pr\u00e9sident de l\u2019Universit\u00e9 de la Manouba &#8211; Dans l\u2019entretien suivant, Tahar Gallali, professeur \u00e0 la Facult\u00e9 des sciences de Tunis, ancien directeur de la Cit\u00e9 des sciences de Tunis et ancien pr\u00e9sident de l\u2019Universit\u00e9 de la Manouba, analyse, de son point\u00a0 de vue, quelques uns des d\u00e9fis \u00e0 relever dans cette \u00e9tape r\u00e9volutionnaire dans les domaines universitaires et scientifiques, en particulier<\/font><\/span><\/p>\n<p align=\"justify\"><span lang=\"EN-US\"><font face=\"Arial\">*Le Temps : vous avez \u00e9t\u00e9 directement associ\u00e9, au cours de ces derni\u00e8res d\u00e9cades, au d\u00e9veloppement des syst\u00e8mes universitaires et scientifiques en Tunisie, en qualit\u00e9 de professeur \u00e0 la Facult\u00e9 des sciences de Tunis, directeur de la Cit\u00e9 des sciences de Tunis et pr\u00e9sident de l\u2019Universit\u00e9 de la Manouba, et ce, parfois, aux c\u00f4t\u00e9s d\u2019hommes de grande loyaut\u00e9 comme feu le professeur Mohamed Charfi. A votre avis, quelles le\u00e7ons, les Tunisiens sont-ils en mesure de tirer, aujourd\u2019hui, de la riche et longue exp\u00e9rience qu\u2019ils ont acquise, depuis l\u2019ind\u00e9pendance, durant ces 55 derni\u00e8res ann\u00e9es, en vue de reb\u00e2tir leur\u00a0 nouvel avenir, comme il se doit, \u00e0 la lumi\u00e8re des principes de la R\u00e9volution du 14 janvier ?<\/font><\/span><\/p>\n<p align=\"justify\"><font face=\"Arial\"><span lang=\"NO-BOK\"><font>-Tahar Gallali &#8211; La r\u00e9ponse \u00e0 votre question revient \u00e0 dire sous quel angle juste faut-il voir et analyser les \u00e9tapes pr\u00e9c\u00e9dentes de l\u2019histoire r\u00e9cente de la Tunisie. En ce qui me concerne, je pense que maintenant que la R\u00e9volution a triomph\u00e9 et que ses principes sont en voie d\u2019\u00eatre institutionnalis\u00e9s, il est temps de faire l\u2019\u00e9tat\u00a0 des lieux, s\u2019agissant des nombreuses et grandes r\u00e9alisations que l\u2019Etat tunisien libre et ind\u00e9pendant et le peuple tunisien ont accomplies durant les 55 derni\u00e8res ann\u00e9es. <\/font><\/span><span lang=\"EN-US\"><font>J\u2019estime m\u00eame que la Tunisie a accompli des surplus de r\u00e9alisations, dans plusieurs domaines, comme l\u2019enseignement, la sant\u00e9, le tourisme et l\u2019infrastructure. Le r\u00e9seau des \u00e9tablissements universitaires en Tunisie est l\u2019un des plus denses dans le monde. Il existe des p\u00f4les universitaires, pratiquement, dans chaque r\u00e9gion du pays. Il en va de m\u00eame dans le domaine du tourisme, et sur le plan de l\u2019infrastructure a\u00e9roportuaire, nous avons un r\u00e9seau tr\u00e8s dense d\u2019a\u00e9roports dans tout le pays. La Capitale Tunis est remplie de ponts et d\u2019\u00e9changeurs. Cependant, tout cela n\u2019a pas emp\u00each\u00e9 la Tunisie de conna\u00eetre d\u2019\u00e9normes probl\u00e8mes de tout ordre. <\/font><\/span><\/font><\/p>\n<p align=\"justify\"><span lang=\"EN-US\"><font face=\"Arial\">\u00a0\u00a0 D\u00e9j\u00e0, en 2000, il y a plus de dix ans, j\u2019avais \u00e9crit un article dans le journal \u2018\u2019Assabah\u2019\u2019 o\u00f9 j\u2019avais mis en garde contre la bombe \u00e0 retardement repr\u00e9sent\u00e9e par le ch\u00f4mage grandissant des dipl\u00f4m\u00e9s du sup\u00e9rieur. Aussi, j\u2019estime que cette \u00e9tape r\u00e9volutionnaire offre au peuple tunisien une occasion des plus propices pour r\u00e9cup\u00e9rer et s\u2019approprier les r\u00e9alisations consid\u00e9rables qu\u2019il a accomplies aussi bien avant l\u2019ind\u00e9pendance, durant la lutte de lib\u00e9ration nationale, qu\u2019apr\u00e8s l\u2019ind\u00e9pendance en mati\u00e8re de d\u00e9veloppement, et qui ont \u00e9t\u00e9 spoli\u00e9es et injustement attribu\u00e9es aux deux hommes plac\u00e9s aux commandes de l\u2019Etat, pendant ces 55 derni\u00e8res ann\u00e9es.<\/font><\/span><\/p>\n<p align=\"justify\"><span lang=\"EN-US\"><font face=\"Arial\">*Pour revenir \u00e0 la situation universitaire et scientifique, quel r\u00f4le revient-il, aujourd\u2019hui, \u00e0 l\u2019Universit\u00e9 tunisienne dans l\u2019\u0153uvre de reconstruction de la Tunisie dans cette \u00e9tape, en particulier ? <\/font><\/span><\/p>\n<p align=\"justify\"><font face=\"Arial\"><span lang=\"NO-BOK\"><font>-Quoi qu\u2019elle soit une fiert\u00e9 de la Tunisie libre et ind\u00e9pendante, l\u2019Universit\u00e9 tunisienne est, \u00e0 mon avis, en crise, pour ne pas dire en panne, et je dirais, \u00e0 cours d\u2019imagination et de cr\u00e9ation. Ses dysfonctionnements sont\u00a0 aussi nombreux que vari\u00e9s allant de la neutralisation de toute forme de contestation et\u00a0 de l\u2019asservissement de la pens\u00e9e, \u00e0\u00a0\u00a0 l\u2019incapacit\u00e9\u00a0 du mod\u00e8le actuel\u00a0 d\u2019inventer par lui -m\u00eame des nouvelles professions et \u00e0 sa cons\u00e9quence directe, l\u2019accumulation des frustrations. <\/font><\/span><font><span lang=\"EN-US\">Ce mod\u00e8le\u00a0 a v\u00e9cu .Une universit\u00e9 qui g\u00e9n\u00e8re autant de dipl\u00f4m\u00e9s ch\u00f4meurs, ne peut plus perdurer. <\/span><\/font><span lang=\"NO-BOK\"><font>Il faut la refonder pour qu\u2019\u00e0 nouveau, elle devienne un des moteurs essentiels du d\u00e9veloppement du pays. <\/font><\/span><\/font><\/p>\n<p align=\"justify\"><span lang=\"NO-BOK\"><font face=\"Arial\">\u00a0\u00a0 A\u00a0 pr\u00e9sent, le d\u00e9fi est double : r\u00e9pondre aux attentes du moment &#8211; et elles sont \u00e9normes- et se donner\u00a0 le temps de la r\u00e9flexion pour\u00a0 reconstruire\u00a0 le projet de demain. <\/font><\/span><\/p>\n<p align=\"justify\"><font face=\"Arial\"><span lang=\"NO-BOK\"><font>\u00a0\u00a0 <\/font><\/span><font><span lang=\"EN-US\">Dans l\u2019imm\u00e9diat, l\u2019une des urgences\u00a0 est\u00a0 d\u2019instaurer\u00a0\u00a0 au sein de\u00a0 l\u2019enceinte universitaire ce qui lui\u00a0\u00a0 a souvent fait d\u00e9faut : la confiance. <\/span><\/font><span lang=\"NO-BOK\"><font>Le\u00a0 gouvernement de transition s\u2019y attelle et l\u2019institution universitaire se d\u00e9grippe. Sa priorit\u00e9, \u00e0 elle aussi, est de\u00a0 rassurer en assurant les \u00e9tudiants\u00a0 de\u00a0 la r\u00e9ussite\u00a0 de l\u2019ann\u00e9e en cours.<\/font><\/span><\/font><\/p>\n<p align=\"justify\"><font face=\"Arial\"><span lang=\"NO-BOK\"><font>\u00a0\u00a0 <\/font><\/span><span lang=\"EN-US\"><font>Quant au projet qui engage, il nous faudra\u00a0 apprendre \u00e0 discuter d\u2019abord, pour r\u00e9former ensuite. <\/font><\/span><\/font><\/p>\n<p align=\"justify\"><span lang=\"EN-US\"><font face=\"Arial\">\u00a0\u00a0 Parce qu\u2019il s\u2019agit d\u2019une r\u00e9forme profonde, qui va bien au-del\u00e0 de\u00a0 la revendication\u00a0 de d\u00e9mocratisation\u00a0 dans le fonctionnement des structures\u00a0 universitaires, elle ne saurait \u00eatre du\u00a0 seul ressort des universitaires eux-m\u00eames. Le d\u00e9bat doit \u00eatre ouvert aux autres acteurs de la soci\u00e9t\u00e9, critique et contradictoire. Trois\u00a0 questions au moins, m\u00e9ritent d\u2019\u00eatre discut\u00e9es en pr\u00e9ambule \u00e0 ce\u00a0 d\u00e9bat : Quelle nouvelle\u00a0\u00a0 mission ? Quoi pr\u00e9server du\u00a0 mod\u00e8le actuel ? Avec quelle gouvernance ? <\/font><\/span><\/p>\n<p align=\"justify\"><span lang=\"EN-US\"><font face=\"Arial\">\u00a0*Concernant la mission, en particulier, s\u2019agira-t-il de refondation ou de r\u00e9novation ?<\/font><\/span><\/p>\n<p align=\"justify\"><span lang=\"EN-US\"><font face=\"Arial\">-De refondation ou de\u00a0 r\u00e9novation, la question n\u2019est pas que de pure s\u00e9mantique, le nouveau chantier universitaire\u00a0 ne peut faire\u00a0 \u00abdu pass\u00e9, table rase\u00bb. Quoi pr\u00e9server, alors ? Quid de la derni\u00e8re r\u00e9forme en date qui a\u00a0 instaur\u00e9 le fameux \u00abLMD\u00bb. Ambivalente est cette refonte du cursus. Si son annonce\u00a0 n\u2019a pas soulev\u00e9 de\u00a0 fronts de refus, sa mise en application continue par contre\u00a0 de soulever bien d\u2019interrogations. La\u00a0 formation\u00a0 \u00abGrandes \u00e9coles\/ Grandes facult\u00e9s fourre-tout que le cursus LMD a rendu encore plus duale, est-elle encore d\u2019actualit\u00e9 ? La mobilit\u00e9 et\u00a0 l\u2019optimisation annonc\u00e9es des moyens sont-elles compatibles avec\u00a0 la carte universitaire dans sa configuration actuelle ? La d\u00e9connexion structurelle institutions de recherche \/institutions d\u2019enseignement\u00a0 comme la\u00a0 multiplicit\u00e9 de leur tutelle permettent-elles\u00a0 de valoriser toutes les comp\u00e9tences et les moyens en pr\u00e9sence ? Autant de questions qui renvoient en d\u00e9finitive \u00e0 un\u00a0 droit d\u2019inventaire. A pr\u00e9sent que le gouvernement de transition affirme jouer la carte de la transparence, un\u00a0 \u00e9tat des lieux, faisant la part des choses, l\u2019acquis \u00e0 pr\u00e9server, de l\u2019anachronique \u00e0 corriger ou\u00a0 \u00e0 supprimer, aiderait certainement\u00a0 les\u00a0 citoyens \u00e0 s\u2019immiscer dans ce\u00a0 \u00abchantier\u00bb\u00a0 pour\u00a0 en\u00a0 d\u00e9battre en connaissance de cause. <\/font><\/span><\/p>\n<p align=\"justify\"><span lang=\"EN-US\"><font face=\"Arial\">*Beaucoup reprochent, en effet, \u00e0 l\u2019Universit\u00e9 tunisienne d\u2019avoir accept\u00e9 d\u2019\u00eatre transform\u00e9e en un appareil de formation de cadres et techniciens au service des besoins du march\u00e9 et de l\u2019\u00e9conomie, c\u2019est-\u00e0-dire d\u2019\u00eatre \u00e0 la tra\u00eene, au lieu d\u2019\u00eatre une locomotive. Qu\u2019en pensez-vous <\/font><\/span><\/p>\n<p align=\"justify\"><span lang=\"EN-US\"><font face=\"Arial\">-En effet, outre la production du savoir, l\u2019ouverture sur l\u2019universel et la comparaison \u00e0 plus performant que soi, l\u2019Universit\u00e9 tunisienne se doit \u00e9galement d\u2019anticiper\u00a0 sur les besoins r\u00e9els\u00a0 de la soci\u00e9t\u00e9 en cr\u00e9ant la demande et g\u00e9n\u00e9rer des emplois qu\u2019on ne connaissait pas auparavant. Elle ne peut \u00eatre que locomotive, \u00e0 l\u2019amont de l\u2019entreprise\u00a0 et non l\u2019inverse, comme vous l\u2019avez dit. C\u2019est le sens et l\u2019unique sens d\u2019une universit\u00e9 au service de la soci\u00e9t\u00e9. Alors comment faire de l\u2019Universit\u00e9 cette institution qui tire vers le haut, un ascenseur social, performant et accueillant ?<\/font><\/span><\/p>\n<p align=\"justify\"><span lang=\"EN-US\"><font face=\"Arial\">\u00a0Parce que les savoirs se cr\u00e9ent d\u00e9sormais partout, aussi bien \u00e0 l\u2019universit\u00e9 qu\u2019\u00e0 l\u2019entreprise, l\u2019Universit\u00e9 de demain se doit\u00a0 d\u2019aller chercher les comp\u00e9tences ailleurs, en dehors d\u2019elle-m\u00eame. Saura-t-elle devenir\u00a0 suffisamment attractive\u00a0\u00a0 pour drainer des personnalit\u00e9s\u00a0 de renom, recruter les\u00a0 jeunes chercheurs les plus dou\u00e9s de leur g\u00e9n\u00e9ration, tenir \u00e0 fr\u00e9quence r\u00e9guli\u00e8re des grandes manifestations culturelles et\u00a0 scientifiques,\u00a0 et int\u00e9rioriser au passage le changement radical de p\u00e9dagogie qu\u2019impose l\u2019explosion des nouvelles technologies de l\u2019information ?Un tel saut qualitatif ne peut avoir le jour sans un retour critique de l\u2019Universit\u00e9 sur son articulation avec le socle qui la porte, le syst\u00e8me \u00e9ducatif. C\u2019est assez t\u00f4t que la connaissance s\u2019acquiert, bien avant que l\u2019\u00e9l\u00e8ve ne devienne \u00e9tudiant, que les esprits ne commencent \u00e0 se former et que l\u2019aptitude, \u00e0 son tour, ne commence \u00e0 s\u2019organiser.<\/font><\/span><\/p>\n<p align=\"justify\"><span lang=\"EN-US\"><font face=\"Arial\">Parce que personne ne peut\u00a0 continuer \u00e0\u00a0 vivre professionnellement au rythme de son temps en s\u2019appuyant uniquement sur sa formation de base, la formation continue tout au long de la vie devient imp\u00e9rative et une composante constitutive de toutes les universit\u00e9s qui ont fait ce choix,\u00a0 leur\u00a0 taux de fr\u00e9quentation est bien sup\u00e9rieur le soir ou pendant les cong\u00e9s que durant les jours ouvrables<\/font><\/span><\/p>\n<p align=\"justify\"><span lang=\"EN-US\"><font face=\"Arial\">*Il y a aussi le probl\u00e8me \u00e9pineux du financement et de la gestion des universit\u00e9s. Qu\u2019en dites-vous ?<\/font><\/span><\/p>\n<p align=\"justify\"><span lang=\"EN-US\"><font face=\"Arial\">-La capacit\u00e9 des universit\u00e9s de s\u2019administrer elles-m\u00eames est un principe souvent invoqu\u00e9\u00a0 sauf que ses d\u00e9fenseurs acharn\u00e9s, les bailleurs de fonds, la Banque Mondiale en t\u00eate, omettent de souligner que l\u2019une des cons\u00e9quences de ce principe est qu\u2019il\u00a0 n\u2019y ait de salut\u00a0 pour\u00a0 les universit\u00e9s publiques dans leur sortie de crise de financement\u00a0 que\u00a0\u00a0 dans\u00a0 leur alignement\u00a0 sur le mod\u00e8le entrepreunarial. Dans cet\u00a0 \u00e9tranglement,\u00a0 fortement inspir\u00e9 par la vieille th\u00e9orie du capital humain, l\u2019enseignement sup\u00e9rieur\u00a0 cesse d\u2019\u00eatre un bien public fondamental\u00a0 et devient un investissement dont les b\u00e9n\u00e9ficiaires doivent supporter partiellement ou totalement la charge. Si nous\u00a0 tenons \u00e0 ce bien public,\u00a0 quelle\u00a0 gouvernance alors pour que \u00a0l\u2019Universit\u00e9\u00a0 ne se remette \u00e0 reproduire les frustrations\u00a0 et\u00a0 les exasp\u00e9rations d\u2019hier ?\u00a0\u00a0\u00a0 <\/font><\/span><\/p>\n<p align=\"justify\"><font face=\"Arial\"><span lang=\"EN-US\"><font>\u00a0\u00a0 <\/font><\/span><font><span lang=\"NO-BOK\">Autre question et non des moindres\u00a0\u00a0 : aujourd\u2019hui \u00abl\u2019aura de l\u2019universitaire et de l\u2019universit\u00e9\u00bb n\u2019est plus ce qu\u2019elle \u00e9tait et la profession ne fait plus autant r\u00eaver, en t\u00e9moigne l\u2019allongement dans\u00a0 l\u2019\u00e2ge des candidats \u00e0 leur premier recrutement. L\u2019Universit\u00e9 de demain saura-t-elle faire r\u00eaver la jeunesse, persuader les meilleurs d\u2019embrasser cette carri\u00e8re et de\u00a0 permettre ainsi\u00a0 \u00e0 l\u2019excellence de s\u2019installer en priorit\u00e9 chez elle? <\/span><\/font><span lang=\"EN-US\"><font>Comment\u00a0 la\u00a0 rendre\u00a0 plus attrayante qu\u2019elle ne l\u2019est \u00e0 pr\u00e9sent ? La\u00a0 revalorisation des statuts et des plans de carri\u00e8re y contribuera certainement. Sommes-nous pr\u00eats \u00e0\u00a0 mettre les moyens ? <\/font><\/span><\/font><\/p>\n<p align=\"justify\"><span lang=\"EN-US\"><font face=\"Arial\">Source: \u201dLe Temps\u201d Le 18-03-2011<\/font><\/span><\/p>\n<div>\n<p align=\"justify\"><font face=\"Arial\"><span lang=\"FR\"><font>Lien: <\/font><\/span><span lang=\"NO-BOK\"><a href=\"http:\/\/www.letemps.com.tn\/article-54150.html\" target=\"_blank\" rel=\"noopener\"><span lang=\"FR\"><font>http:\/\/www.letemps.com.tn\/article-54150.html<\/font><\/span><\/a><\/span><\/font><\/p>\n<\/div>\n<p align=\"center\"><b><span lang=\"EN-US\"><\/p>\n<h6 style=\"color: blue;\"><font face=\"Arial\">Conseil de r\u00e9alisation des objectifs de la r\u00e9volution : Controverses sur la composition<\/font><\/h6>\n<p><\/span><\/b><\/p>\n<p align=\"center\"><b><span lang=\"EN-US\"><\/span><\/b><\/p>\n<hr\/>\n<p>\u00a0<\/p>\n<p align=\"justify\"><span lang=\"EN-US\"><font face=\"Arial\">Le Conseil de l\u2019instance sup\u00e9rieure pour la r\u00e9alisation des objectifs de la R\u00e9volution, de la r\u00e9forme politique et de la transition d\u00e9mocratique a tenu hier sa premi\u00e8re r\u00e9union au si\u00e8ge de l\u2019ancien Conseil \u00e9conomique et social et en pr\u00e9sence du Pr\u00e9sident de la R\u00e9publique par int\u00e9rim, Foued Mebaza\u00e2, et sous la pr\u00e9sidence du Professeur Iyadh Ben Achour.<\/font><\/span><\/p>\n<p align=\"justify\"><span lang=\"EN-US\"><font face=\"Arial\">M. Mebaza\u00e2 a rappel\u00e9 dans son allocution que ce \u00abConseil est ind\u00e9pendant\u00bb et qu\u2019il a pour objectif de \u00abl\u00e9gif\u00e9rer en mati\u00e8re de transition d\u00e9mocratique dans un esprit consensuel fid\u00e8le \u00e0 la r\u00e9volution\u00bb.<\/font><\/span><\/p>\n<p align=\"justify\"><span lang=\"EN-US\"><font face=\"Arial\">Contestations<\/font><\/span><\/p>\n<p align=\"justify\"><span lang=\"EN-US\"><font face=\"Arial\">Des controverses ont marqu\u00e9 les d\u00e9bats lors de cette s\u00e9ance inaugurale. Le repr\u00e9sentant du Mouvement des patriotes d\u00e9mocrates a quitt\u00e9 la r\u00e9union en r\u00e9action au \u00abmode de d\u00e9signation des membres de ce Conseil, non conforme selon lui avec les accords pass\u00e9s avec M. Ca\u00efd Essebsi\u00bb. Il a reproch\u00e9 \u00e0 cette composition \u00abl\u2019absence de repr\u00e9sentants de la jeunesse et des r\u00e9gions\u00bb.<\/font><\/span><\/p>\n<p align=\"justify\"><span lang=\"EN-US\"><font face=\"Arial\">Quant au repr\u00e9sentant d\u2019Ennahdha, M. Noureddine Bhiri, il a contest\u00e9 \u00abl\u2019absence de consensus dans la d\u00e9signation de ce Conseil d\u2019o\u00f9 certaines associations ont \u00e9t\u00e9 exclues\u00bb. <\/font><\/span><\/p>\n<p align=\"justify\"><span lang=\"EN-US\"><font face=\"Arial\">Le repr\u00e9sentant du Parti d\u00e9mocratique progressiste, Mongi Ellouze, reproche, quant \u00e0 lui, \u00able nombre r\u00e9duit des membres issus des partis (12) comparativement \u00e0 ceux des ONG (15) et des personnalit\u00e9s ind\u00e9pendantes (42), ce qui r\u00e9duit l\u2019impact des partis lors de cette phase\u00bb.<\/font><\/span><\/p>\n<p align=\"justify\"><span lang=\"EN-US\"><font face=\"Arial\">L\u2019avocat ind\u00e9pendant, Abdelaziz Mzoughi, a rappel\u00e9 l\u2019analyse faite de la r\u00e9volution tunisienne qui souligne qu\u2019\u00abaucun parti ne peut se vanter d\u2019avoir dirig\u00e9 cette r\u00e9volution\u00bb et que \u00abce sont des jeunes et des citoyens ind\u00e9pendants qui l\u2019ont fait\u00bb. M. Mzoughi a rappel\u00e9 au repr\u00e9sentant d\u2019Ennahdha \u00ableur signature du pacte national avec Ben Ali en 1992\u00bb et affirm\u00e9 que \u00ables ind\u00e9pendants peuvent eux aussi faire d\u2019autres manifestations pour d\u00e9fendre leur r\u00e9volution et lui \u00e9viter le dictat des partis\u00bb. Il a appel\u00e9 \u00e0 un consensus \u00abau service de la Tunisie\u00bb.<\/font><\/span><\/p>\n<p align=\"justify\"><span lang=\"EN-US\"><font face=\"Arial\">Nouvelles tractations?<\/font><\/span><\/p>\n<p align=\"justify\"><span lang=\"EN-US\"><font face=\"Arial\">Une vingtaine d\u2019interventions sont pr\u00e9vues pour cette entr\u00e9e en mati\u00e8re du Conseil de l\u2019instance sup\u00e9rieure pour la r\u00e9alisation des objectifs de la R\u00e9volution, de la r\u00e9forme politique et de la transition d\u00e9mocratique. La s\u00e9ance se poursuivait alors que le journal \u00e9tait mis sous presse. <\/font><\/span><\/p>\n<p align=\"justify\"><span lang=\"EN-US\"><font face=\"Arial\">Il est fort probable que, comme l\u2019ont propos\u00e9 quelques intervenants, \u00abde nouveaux pourparlers seraient entam\u00e9s pour renforcer la composition du Conseil\u00bb, surtout que M. Ben Achour a insist\u00e9 sur \u00abl\u2019ouverture sur toutes les propositions, notamment pour int\u00e9grer les jeunes et les repr\u00e9sentants des r\u00e9gions\u00bb. Il faudrait \u00abpr\u00e9senter des demandes au Premier ministre\u00bb, a-t-il expliqu\u00e9.<\/font><\/span><\/p>\n<p align=\"justify\"><span lang=\"EN-US\"><font face=\"Arial\">Une vingtaine de contestataires se sont rassembl\u00e9s devant le lieu de la r\u00e9union pour exprimer leur refus de \u00abcertaines figures d\u00e9sign\u00e9es au sein du Conseil qui sont en connivence avec l\u2019ancien r\u00e9gime\u00bb et leur condamnation de \u00abl\u2019absence des jeunes et des r\u00e9gions\u00bb.<\/font><\/span><\/p>\n<p align=\"justify\"><span lang=\"EN-US\"><font face=\"Arial\">Source: \u201cLe Quotidien\u201d Le 18-03-2011<\/font><\/span><\/p>\n<div>\n<p align=\"justify\"><span lang=\"NO-BOK\"><font face=\"Arial\">Lien: <\/font><a href=\"http:\/\/www.lequotidien-tn.com\/detailarticle.asp\" target=\"_blank\" rel=\"noopener\"><font face=\"Arial\">http:\/\/www.lequotidien-tn.com\/detailarticle.asp<\/font><\/a><\/span><\/p>\n<\/div>\n<p align=\"center\"><b><span lang=\"NO-BOK\"><\/p>\n<h6 style=\"color: blue;\"><font face=\"Arial\">Thank you Tunisia<\/font><\/h6>\n<p><\/span><\/b><\/p>\n<p align=\"center\"><b><span lang=\"NO-BOK\"><\/span><\/b><\/p>\n<hr\/>\n<p>\u00a0<\/p>\n<p align=\"justify\"><span lang=\"EN\"><font face=\"Arial\">As the flow of migrant workers from Libya started to roll into Tunisia from the Ras Jdir border late February, there was hardly anyone there other than the Tunisian border guards and its army to receive them. <\/font><\/span><\/p>\n<p align=\"justify\"><span lang=\"EN\"><font face=\"Arial\">The dramatic uprising of the people in Libya to oust the Gaddafi regime, ruling for 42 years with iron hands, sent a wave of shock and fear among the estimated 200,000 migrant workers there. They fled towards the borders of Egypt, Tunisia and Niger. How most of these workers were subjected to torture, robbery and rape while travelling through Libya to reach the borders is a different story. <\/font><\/span><\/p>\n<p align=\"justify\"><span lang=\"EN\"><font face=\"Arial\">First wave of people to cross the Ras Jdir border were the Egyptians, then came the Chinese and in the third wave came the Bangladeshis in their thousands.<\/font><\/span><\/p>\n<p align=\"justify\"><span lang=\"EN\"><font face=\"Arial\">Tunisia, recovering from a stunning popular uprising in December, 2010, that ousted the 23-year-old corrupt regime of president Zin el Abedin Ben Ali on January 14, 2011, had never experienced anything like this in its history. When thousands walked into its soil to flee Gaddafi&rsquo;s atrocities, the hard working and hospitable Tunisians were busy picking up from the scratches of the \u201crevolution\u201d that claimed the lives of nearly 250 people. <\/font><\/span><\/p>\n<p align=\"justify\"><span lang=\"EN\"><font face=\"Arial\">The news of thousands of workers arriving on their soil spread throughout the Tunisian territory of 165 square kilometres and to its 12 million people. <\/font><\/span><\/p>\n<p align=\"justify\"><span lang=\"EN\"><font face=\"Arial\">The spirit of the just-ended revolution rose again among the people. This time for the welfare of others who are in need of food and shelter. Before the international aid workers reached the crisis area, about 60,000 displaced people were there in Ras Jdir under the open sky. <\/font><\/span><\/p>\n<p align=\"justify\"><span lang=\"EN\"><font face=\"Arial\">From every corner of Tunisia, men and women rose to the need of the moment. They raised money, food, clothes, tents, water and rushed there to help. Thousands of families in the two adjacent districts, Medenine and Tataouine, cooked food at home and drove their own transports over a 100 kilometres to the border to feed the Bangladeshis, Egyptians, Chinese, Somalis and others. In Zirzas, under Medenine district, 100 kilometres away from Ras Jdir border, people opened up schools, youth centres and doors of their own homes to the fleeing thousands.<\/font><\/span><\/p>\n<p align=\"justify\"><span lang=\"EN\"><font face=\"Arial\">Gilbert Greenall, leader of the United Nations Disaster Assessment Coordination Team in Choucha camp, arrived on March 2. When he arrived, up to 15,000 people of different countries were crossing into Tunisia every day through Ras Jdir.<\/font><\/span><\/p>\n<p align=\"justify\">\u00a0<\/p>\n<p align=\"justify\"><span lang=\"EN\"><font face=\"Arial\">\u201cIn my 30 years of experience in different countries of the world, I have never seen a public response as generous as the Tunisians towards the displaced people,\u201d said Greenhall. \u201cIt was definitely the spirit of their revolution that raised the entire people to start an amazing gesture of generosity.\u201d<\/font><\/span><\/p>\n<p align=\"justify\"><span lang=\"EN\"><font face=\"Arial\">Aida Boulsene, an IT expert working at a hotel at the tourist town of Zarzis, narrated how the Tunisian people reacted to the events in Libya.<\/font><\/span><\/p>\n<p align=\"justify\"><span lang=\"EN\"><font face=\"Arial\">There are instances during the first days of the exodus from Libya when every shop in Tunisia asked its clients for donation for the displaced people. Then they arrived in Choucha in trucks and other vehicles with relief, Aida said.<\/font><\/span><\/p>\n<p align=\"justify\"><span lang=\"EN\"><font face=\"Arial\">\u201cOne of my maternal uncles works as a chef. He took leave from his job to open a kitchen in Choucha to feed the hungry people arriving there,\u201d Aida said. \u201cWe knew we had to help, we did not hesitate despite our own struggles in day to day life.\u201d <\/font><\/span><\/p>\n<p align=\"justify\"><span lang=\"EN\"><font face=\"Arial\">The Tunisian revolution that ended on January 14 with the departure of president Ben Ali, triggered uprising throughout the Arab world ruled by dictators decade after decade. Tunisians had to wait for 23 years for the ignition that set off the revolution. <\/font><\/span><\/p>\n<p align=\"justify\"><span lang=\"EN\"><font face=\"Arial\">The story of the revolution goes back to a small town called Sidi Bouzid where Bou&rsquo;aziz, a university graduate, discovered that his degree was not enough to secure a decent employment. Bou&rsquo;aziz turned to selling fruit and vegetables for a living but when security forces confiscated his vending cart, on December 7, 2010 he torched himself with gasoline in public in front of the local government building. Bou&rsquo;azizi&rsquo;s death ignited a series of protests across Tunisia and brought down the government at an incredible speed. <\/font><\/span><\/p>\n<p align=\"justify\"><span lang=\"EN\"><font face=\"Arial\">At the Choucha camp yesterday, where currently 15,000 displaced people, including 6,200 Bangladeshis, are sheltered, the number of Tunisian volunteers working long shifts is simply overwhelming. Different Tunisian private organisations have joined the 80 aid organisations here with anything from portable toilets, rubbish bins, tents, and food and water. On the main road between Zarzis and Choucha, convoys of relief materials were seen yesterday heading for the camp.<\/font><\/span><\/p>\n<p align=\"justify\"><span lang=\"EN\"><font face=\"Arial\">Mona Alouane, a third-year student at the Tunis University of Fine Arts came to Choucha, 700 kilometres from home with seven of her friends to help the Bangladeshis, for what she thought, the most helpless people of the lot in Choucha camp.<\/font><\/span><\/p>\n<p align=\"justify\"><span lang=\"EN\"><font face=\"Arial\">\u201cWhen I asked for a shift to work at the camp, the authorities told me I could work from 8:00pm to 2:00am which I accepted with pleasure,\u201d said Mona. \u201cThis experience has taught me that there are more desperate people in this world than I.\u201d<\/font><\/span><\/p>\n<p align=\"justify\"><span lang=\"EN\"><font face=\"Arial\">Firas Kayal, the UNHCR spokesperson at Choucha camp, said during the eight years that he has been working with UNHCR at different places, he has never seen such generosity from the locals. <\/font><\/span><\/p>\n<p align=\"justify\"><span lang=\"EN\"><font face=\"Arial\">\u201cIn the beginning of the crisis had the Tunisian people not come forward to help, there would have been a humanitarian catastrophe,\u201d said Kayal.<\/font><\/span><\/p>\n<p align=\"justify\"><span lang=\"EN\"><font face=\"Arial\">A Tunisian telecommunication company called Etisalat along with a French company Telecoms Sans Frontieres opened up booths for the displaced people at the Choucha camp so that they can call toll-free to their countries.<\/font><\/span><\/p>\n<p align=\"justify\">\u00a0<\/p>\n<p align=\"justify\"><span lang=\"EN\"><font face=\"Arial\">\u201cYou have to thank the Tunisian government first that allowed in these thousands of people many of whom without any travel documents,\u201d Kayal said, \u201cThe Tunisian army has been doing the magic job of maintaining law and order in the camp as well,\u201d Kayal added. <\/font><\/span><\/p>\n<p align=\"justify\">\u00a0<\/p>\n<p align=\"justify\"><span lang=\"EN\"><font face=\"Arial\">There are others too in the unprecedented race to help in this part of the world. The Muslim Hands, a charity organisation from UK, has opened a kitchen for the hundreds of stranded workers who have to spend up to 24 hours at the Djerba International Airport before boarding flights for their countries. They are serving 10,000 meals a day at the airport, Aslan Nursat of the Muslim Hands said.<\/font><\/span><\/p>\n<p align=\"justify\">\u00a0<\/p>\n<p align=\"justify\"><span lang=\"EN\"><font face=\"Arial\">For the Tunisians, hope had been a rare commodity before Bou&rsquo;aziz&rsquo;s revolution. Bou&rsquo;aziz&rsquo;s sacrifice has brought back hope not only for Tunisians alone but also for many people, including the distressed Bangladeshis here. But just as the power of hope should not be underestimated, neither the danger of hope unfulfilled<\/font><\/span><\/p>\n<p align=\"justify\"><span lang=\"EN\"><font face=\"Arial\">Source: \u201cThe Daily star\u201d Le 19-03-2011<\/font><\/span><\/p>\n<div>\n<p align=\"justify\"><span lang=\"NO-BOK\"><font face=\"Arial\">Lien: <\/font><a href=\"http:\/\/www.thedailystar.net\/newDesign\/news-details.php?nid=178300\" target=\"_blank\" rel=\"noopener\"><font face=\"Arial\">http:\/\/www.thedailystar.net\/newDesign\/news-details.php?nid=178300<\/font><\/a><\/span><\/p>\n<\/div>\n<p align=\"center\"><b><span lang=\"EN-US\"><\/p>\n<h6 style=\"color: blue;\"><font face=\"Arial\">What Next in North Africa?<\/font><\/h6>\n<p><\/span><\/b><\/p>\n<p align=\"center\"><b><span lang=\"EN-US\"><\/span><\/b><\/p>\n<hr\/>\n<p>\u00a0<\/p>\n<p align=\"justify\"><span lang=\"EN-US\"><font face=\"Arial\">Sometimes the toughest question in world politics is: \u201cAnd then what?\u201d It is the question I shall be asking \u2014 and starting to answer \u2014 at Saturday\u2019s summit in Paris to discuss Libya. <\/font><\/span><\/p>\n<p align=\"justify\"><span lang=\"EN-US\"><font face=\"Arial\">History is littered with examples of wars won, only for the subsequent peace to be lost. In Europe, terrible mistakes made after the First World War paved the way for the Second World War. We were more successful after 1945, despite the Cold War, because we understood that we needed to do more than defeat Hitler. We had to rebuild a shattered continent.<\/font><\/span><\/p>\n<p align=\"justify\"><span lang=\"EN-US\"><font face=\"Arial\">With Libya, success means not just protecting civilians in the days ahead, or even securing the end of Colonel Muammar el-Qaddafi\u2019s regime. Success requires a strategy for what we do afterwards. I intend to focus my discussions on how we rise to that challenge.<\/font><\/span><\/p>\n<p align=\"justify\"><span lang=\"EN-US\"><font face=\"Arial\">We know in principle what needs to be done to lay the foundations of deep democracy \u2014 the kind that lasts and does not get blown away. We need the rule of law, administered by honest police forces and independent judges. We need national and local government to be efficient and transparent. We need enforceable property rights, freedom of speech and free trade unions. Above all, we need prosperity to spread fast enough and wide enough for the whole society to feel it has a stake in democratic reform. <\/font><\/span><\/p>\n<p align=\"justify\"><span lang=\"EN-US\"><font face=\"Arial\">These are not simply Western liberal ideas. In recent weeks, I have personally found that they inspire reformers in Tunis and Cairo, and my staff has found a great appetite for them on the streets of Benghazi and even Tripoli. <\/font><\/span><\/p>\n<p align=\"justify\"><span lang=\"EN-US\"><font face=\"Arial\">I shall set out what the European Union can do, and how we want to work with the rest of the Western world \u2014 and, vitally, the Arab League \u2014 to achieve just that. Some people have called for a new Marshall Plan. The sentiment is surely right. However, 21st century North Africa is not the same as 1940s Europe. We need to fashion a new and targeted strategy for the task at hand. This is precisely what we have been working on in the E.U. At its heart are three M\u2019s \u2014 <i>money<\/i> , <i>market access<\/i> and <i>mobility<\/i> . <\/font><\/span><\/p>\n<p align=\"justify\"><span lang=\"EN-US\"><font face=\"Arial\">Regarding <i>money<\/i> , I want Europe to contribute billions of euros to develop the economies of Libya, Egypt and Tunisia. Part of this will come from the E.U.\u2019s own funds; I hope E.U. member states and parliamentarians will join with me in seeking the rest from the European Investment Bank and the European Bank for Reconstruction and Development. <\/font><\/span><\/p>\n<p align=\"justify\"><span lang=\"EN-US\"><font face=\"Arial\">Earlier this week I met Egypt\u2019s planning minister, Fayza Aboulnaga. She told me that her most urgent need was to build one million more houses. I want Europe, working with others, to help her do so \u2014 and to help fund infrastructure projects across in Tunisia and post-Qaddafi Libya, too. We also have the resources, expertise and determination to help build the institutions of a healthy civil society, and have already started discussing specific projects with the new governments in Tunis and Cairo. And we can help to arrange and oversee free elections. <\/font><\/span><\/p>\n<p align=\"justify\"><span lang=\"EN-US\"><font face=\"Arial\">However, we know that in the end aid can play only a limited role. Countries must work and trade their way to prosperity. This is why <i>market access<\/i> matters so much: the ability to sell goods to better-off countries. <\/font><\/span><\/p>\n<p align=\"justify\"><span lang=\"EN-US\"><font face=\"Arial\">As North Africa\u2019s nearest wealthy neighbor, Europe has a crucial role. In formal terms, there are already few trade barriers. But there are other obstacles. We rightly insist that imports, ranging from food to manufactured products, meet the highest standards. So we need both to remove the remaining tariff barriers over time, and also work with North Africa\u2019s new democracies to help them in practice to sell goods and services into Europe. <\/font><\/span><\/p>\n<p align=\"justify\"><span lang=\"EN-US\"><font face=\"Arial\">One specific measure I am asking E.U. member states to adopt is a program to support rural development in North Africa, so that Egypt, Tunisia and, in due course, Libya will be able to grow food to the quality that European consumers demand. All these measures should help to attract the private investment that will be vital to achieve prosperity.<\/font><\/span><\/p>\n<p align=\"justify\"><font face=\"Arial\"><i><span lang=\"EN-US\"><font>Greater mobility<\/font><\/span><\/i><span lang=\"EN-US\"><font> also needs a range of measures. The E.U. already has a number of scholarship programs such as Erasmus Mundus, EuroMed Youth and Tempus. These can be enhanced to bring more students to Europe and so help to enhance the skills base of the new democracies. We should also review our visa arrangements, so that business men and women, and those with professional skills, are able to travel between Europe and North Africa more easily. <\/font><\/span><\/font><\/p>\n<p align=\"justify\"><span lang=\"EN-US\"><font face=\"Arial\">I readily concede that this agenda lacks glamour. But it does not lack ambition. In recent weeks, many have said that the events of North Africa pose a special challenge to which the E.U. must rise. I agree. It is important for the world that Libya, Egypt, Tunisia and other countries in the region become stable democracies. It is especially important to Europe, for these countries are our neighbors. Failure would be bad for our citizens, not just horrific for theirs. <\/font><\/span><\/p>\n<p align=\"justify\"><span lang=\"EN-US\"><font face=\"Arial\">The test for us is not just what happens in the days ahead, but what happens in the months and years after peace returns and the media\u2019s attention has switched to crises elsewhere. Saturday\u2019s meeting in Paris gives us the chance, which we must seize, to plan for peace.<\/font><\/span><\/p>\n<p align=\"justify\"><b><span lang=\"EN-US\"><font face=\"Arial\">Source: \u201cThe New York Times\u201d Le 18-03-2011<\/font><\/span><\/b><\/p>\n<p align=\"justify\"><b><span lang=\"NO-BOK\"><font face=\"Arial\">Lien: <\/font><a href=\"http:\/\/www.nytimes.com\/2011\/03\/19\/opinion\/19iht-edashton19.html\" target=\"_blank\" rel=\"noopener\"><font face=\"Arial\">http:\/\/www.nytimes.com\/2011\/03\/19\/opinion\/19iht-edashton19.html<\/font><\/a><\/span><\/b><\/p>\n<p><\/body><\/body><\/html><\/p>\n","protected":false},"excerpt":{"rendered":"<p>TUNISNEWS 10 \u00e8me ann\u00e9e,\u00a0 N\u00b03951 du 18.03.2011 archives : www.tunisnews.net\u00a0 Communiqu\u00e9 de l\u2019association \u00ab\u00a0Fran\u00e7ais-du-Monde \u2013 ADFE \u2013 Tunisie\u00a0\u00bb AP: Hillary Clinton appelle \u00e0 concr\u00e9tiser \u00ab\u00a0les grands espoirs\u00a0\u00bb suscit\u00e9s par la r\u00e9volution par des r\u00e9formes AP: Aucune dictature ne pourra r\u00e9sister au \u00ab\u00a0vent du changement\u00a0\u00bb dans le monde arabe, selon Jerzy Buzek AFP:Pierre Lellouche en Tunisie [&hellip;]<\/p>\n","protected":false},"author":1,"featured_media":22040,"comment_status":"open","ping_status":"open","sticky":false,"template":"","format":"standard","meta":{"inline_featured_image":false,"site-sidebar-layout":"default","site-content-layout":"","ast-site-content-layout":"default","site-content-style":"default","site-sidebar-style":"default","ast-global-header-display":"","ast-banner-title-visibility":"","ast-main-header-display":"","ast-hfb-above-header-display":"","ast-hfb-below-header-display":"","ast-hfb-mobile-header-display":"","site-post-title":"","ast-breadcrumbs-content":"","ast-featured-img":"","footer-sml-layout":"","ast-disable-related-posts":"","theme-transparent-header-meta":"","adv-header-id-meta":"","stick-header-meta":"","header-above-stick-meta":"","header-main-stick-meta":"","header-below-stick-meta":"","astra-migrate-meta-layouts":"default","ast-page-background-enabled":"default","ast-page-background-meta":{"desktop":{"background-color":"","background-image":"","background-repeat":"repeat","background-position":"center center","background-size":"auto","background-attachment":"scroll","background-type":"","background-media":"","overlay-type":"","overlay-color":"","overlay-opacity":"","overlay-gradient":""},"tablet":{"background-color":"","background-image":"","background-repeat":"repeat","background-position":"center center","background-size":"auto","background-attachment":"scroll","background-type":"","background-media":"","overlay-type":"","overlay-color":"","overlay-opacity":"","overlay-gradient":""},"mobile":{"background-color":"","background-image":"","background-repeat":"repeat","background-position":"center center","background-size":"auto","background-attachment":"scroll","background-type":"","background-media":"","overlay-type":"","overlay-color":"","overlay-opacity":"","overlay-gradient":""}},"ast-content-background-meta":{"desktop":{"background-color":"var(--ast-global-color-5)","background-image":"","background-repeat":"repeat","background-position":"center center","background-size":"auto","background-attachment":"scroll","background-type":"","background-media":"","overlay-type":"","overlay-color":"","overlay-opacity":"","overlay-gradient":""},"tablet":{"background-color":"var(--ast-global-color-5)","background-image":"","background-repeat":"repeat","background-position":"center center","background-size":"auto","background-attachment":"scroll","background-type":"","background-media":"","overlay-type":"","overlay-color":"","overlay-opacity":"","overlay-gradient":""},"mobile":{"background-color":"var(--ast-global-color-5)","background-image":"","background-repeat":"repeat","background-position":"center center","background-size":"auto","background-attachment":"scroll","background-type":"","background-media":"","overlay-type":"","overlay-color":"","overlay-opacity":"","overlay-gradient":""}},"footnotes":""},"categories":[],"tags":[55,42,29],"class_list":["post-17120","post","type-post","status-publish","format-standard","has-post-thumbnail","hentry","tag-55","tag-42","tag-fr"],"_links":{"self":[{"href":"https:\/\/tunisnews.net\/ar\/wp-json\/wp\/v2\/posts\/17120","targetHints":{"allow":["GET"]}}],"collection":[{"href":"https:\/\/tunisnews.net\/ar\/wp-json\/wp\/v2\/posts"}],"about":[{"href":"https:\/\/tunisnews.net\/ar\/wp-json\/wp\/v2\/types\/post"}],"author":[{"embeddable":true,"href":"https:\/\/tunisnews.net\/ar\/wp-json\/wp\/v2\/users\/1"}],"replies":[{"embeddable":true,"href":"https:\/\/tunisnews.net\/ar\/wp-json\/wp\/v2\/comments?post=17120"}],"version-history":[{"count":0,"href":"https:\/\/tunisnews.net\/ar\/wp-json\/wp\/v2\/posts\/17120\/revisions"}],"wp:featuredmedia":[{"embeddable":true,"href":"https:\/\/tunisnews.net\/ar\/wp-json\/wp\/v2\/media\/22040"}],"wp:attachment":[{"href":"https:\/\/tunisnews.net\/ar\/wp-json\/wp\/v2\/media?parent=17120"}],"wp:term":[{"taxonomy":"category","embeddable":true,"href":"https:\/\/tunisnews.net\/ar\/wp-json\/wp\/v2\/categories?post=17120"},{"taxonomy":"post_tag","embeddable":true,"href":"https:\/\/tunisnews.net\/ar\/wp-json\/wp\/v2\/tags?post=17120"}],"curies":[{"name":"wp","href":"https:\/\/api.w.org\/{rel}","templated":true}]}}