{"id":17095,"date":"2010-09-27T00:00:00","date_gmt":"2010-09-27T00:00:00","guid":{"rendered":"https:\/\/tunisnews.net\/27-septembre-2010\/"},"modified":"2010-09-27T00:00:00","modified_gmt":"2010-09-27T00:00:00","slug":"27-septembre-2010","status":"publish","type":"post","link":"https:\/\/tunisnews.net\/ar\/27-septembre-2010\/","title":{"rendered":"27 septembre 2010"},"content":{"rendered":"<p><html><head><meta content=\"text\/html\" description=\"Suite \u00e0 des sur la livraison du journal Al \n\t\t\t\tMawkef tel que convenu et annonc\u00e9 hier, les responsables du \n\t\t\t\tjournal et du PDP ont d\u00e9cid\u00e9 de reprendre la GR\u00c8VE DE LA FAIM \n\t\t\t\tsuspendu hier pour protester protester contre la-non parution du \n\t\t\t\tnum\u00e9ro 561 et des entraves que subi Al Mawkef visant \u00e0 faire \n\t\t\t\ttaire toute voix libre en Tunisie.\" http-equiv=\"Content-Type\"\/><\/head><body><body><\/p>\n<p align=\"center\" dir=\"ltr\"><font face=\"Arial\" size=\"2\"><b><a href=\"http:\/\/www.tunisnews.net\/\"><span>Home<\/span><span lang=\"FR-CH\"> &#8211; Accuei<\/span><\/a><span lang=\"FR-CH\">l<\/span><\/b><\/font><\/p>\n<div><font face=\"Arial\" size=\"2\"><\/p>\n<div align=\"justify\">\n<div><\/div>\n<p><font size=\"2\"><\/p>\n<div align=\"center\" dir=\"ltr\"><font face=\"Bookman Old Style\" size=\"7\"><strong>TUNISNEWS <\/strong><\/font><\/div>\n<p><\/font><font face=\"Arial\" size=\"2\"><\/p>\n<div align=\"center\" dir=\"ltr\">\n<div><strong><font>10\u00a0\u00e8me ann\u00e9e, <span lang=\"FR\">N\u00b0\u00a03779 du 27.09.2010<\/span><\/font><\/strong><\/div>\n<\/div>\n<div align=\"center\"><span><font><strong>\u00a0archives : <\/strong><\/font><a target=\"_blank\" rel=\"noopener\"><font><strong>www.tunisnews.net<\/strong><\/font><\/a><\/span><span lang=\"FR\">\u00a0<\/span><\/div>\n<p><font><\/p>\n<div>\n<hr\/>\n<\/div>\n<p><span lang=\"FR\"><span><font face=\"Arial\"><span><\/p>\n<div>\n<div align=\"justify\">\n<p><font><font size=\"2\"><strong>PDP Info: Urgent: Reprise de la Gr\u00e8ve de la faim  <font>FIDH: Condamnation en appel d\u2019un diplomate tortionnaire tunisien<\/font> La Lettre Med: Un ancien diplomate tunisien condamn\u00e9 en France pour torture  <font>Libert\u00e9 et Equit\u00e9: Nouvelles des libert\u00e9s en Tunisie<\/font> Luiza Toscane: Paris-Dakar <font>Amor Harouni: Dinosaures des Temps Modernes En Voie de Disparition<\/font> France24: Le Parti pirate s&rsquo;implante en Tunisie, une premi\u00e8re au Maghreb <font>Kapitalis: Tunisie. L\u2019information, victime collat\u00e9rale de l\u2019accident de Bir El Bey<\/font>  Kapitalis: Tunisie. Du nouveau dans l\u2019affaire \u2018\u2018El Moussamih Karim\u2019\u2019  <font>Alarabiya: Tunisian play broaches Arab world schizophrenia<\/font><\/strong><\/font><\/font><\/p>\n<\/div>\n<p><font size=\"2\"><\/p>\n<div align=\"justify\"><strong><\/p>\n<hr\/>\n<p><\/strong><\/div>\n<p><\/font><\/div>\n<p><\/span><\/font><\/span><\/span><\/font><\/p>\n<div>\n<table border=\"0\" cellpadding=\"0\" cellspacing=\"0\">\n<tr>\n<td valign=\"top\">\n<p>\u00a0<\/p>\n<\/td>\n<\/tr>\n<\/table>\n<p><font size=\"2\"><\/p>\n<div align=\"center\"><font face=\"Arial\" size=\"2\"><strong><\/p>\n<h2 style=\"color: red;\"><font size=\"3\">Urgent: Reprise de la Gr\u00e8ve de la faim<\/font><\/h2>\n<p> <\/strong><\/font><\/div>\n<div align=\"center\"><font face=\"Arial\" size=\"2\"><\/p>\n<hr\/>\n<p><\/font><\/div>\n<div align=\"justify\"> <font>Suite \u00e0 des sur la livraison du journal Al Mawkef tel que convenu et annonc\u00e9 hier, les responsables du journal et du PDP ont d\u00e9cid\u00e9 de reprendre la GR\u00c8VE DE LA FAIM suspendu hier pour protester protester contre la-non parution du num\u00e9ro 561 et des entraves que subi Al Mawkef visant \u00e0 faire taire toute voix libre en Tunisie. Cette deuxi\u00e8me gr\u00e9ve sera entam\u00e9 par Mme Myay Jribi SG du PDP qui accompagnera Me Ahmed N\u00e9jib Chebbi le Directeur d&rsquo;Al Mawkef.<\/font> <\/div>\n<div align=\"justify\"><font> (Source: La Liste de diffusion pdpinfo.org le 27 septembre 2010 19h38)<\/font><\/div>\n<p><strong><font size=\"2\"><font><\/p>\n<div align=\"center\">\n<hr\/>\n<\/div>\n<div align=\"center\">F\u00e9d\u00e9ration internationale des ligues des droits de l&rsquo;Homme Ligue des droits de l&rsquo;Homme (LDH)  \u00a0<\/div>\n<p><\/font><\/font><\/strong><\/p>\n<div align=\"center\"><strong><font size=\"2\"><font>Tunisie \/ France <\/font> <\/p>\n<h2 style=\"color: red;\"><font size=\"3\">Condamnation en appel d&rsquo;un diplomate tortionnaire tunisien<\/font><\/h2>\n<p> <em>Peine aggrav\u00e9e \u00e0\u00a0 l&rsquo;encontre de l&rsquo;ancien Vice Consul tunisien<\/em><\/font><\/strong><\/div>\n<div align=\"center\">\n<hr\/>\n<\/div>\n<p align=\"justify\">Dans une d\u00e9cision historique rendue le 24 septembre, la Cour d&rsquo;assises de Meurthe et Moselle a condamn\u00e9 en appel Khaled Ben Sa\u00efd \u00e0 12 ann\u00e9es de r\u00e9clusion criminelle pour avoir ordonn\u00e9 des actes de torture \u00e0 l&rsquo;encontre de Mme Gharbi, les 11 et 12 octobre 1996, dans le commissariat de Jendouba, en Tunisie. Elle a aggrav\u00e9 ainsi la peine prononc\u00e9e en premi\u00e8re instance par la Cour d&rsquo;assises du Bas-Rhin, le 15 d\u00e9cembre 2008. \u00a0<\/p>\n<div align=\"justify\">\u00a0<\/div>\n<div align=\"justify\">\u00ab<i>Cette condamnation embl\u00e9matique vient rompre le cercle de l&rsquo;impunit\u00e9 pour les crimes de torture commis en Tunisie. Les tortionnaires tunisiens ne sont d\u00e9sormais plus \u00e0 l&rsquo;abri de poursuites judiciaires. Cette d\u00e9cision des juges fran\u00e7ais \u00e9tablissant la culpabilit\u00e9 de Ben Sa\u00efd d\u00e9montre que la raison d&rsquo;Etat ne peut l&#8217;emporter sur le droit des victimes \u00e0 obtenir justice<\/i>\u00bb, a d\u00e9clar\u00e9 Souhayr Belhassen, Pr\u00e9sidente de la F\u00e9d\u00e9ration internationale des ligues des droits de l&rsquo;Homme (FIDH).<a rel=\"nofollow noopener\" target=\"_blank\"><font>1<\/font><\/a>  Zoulaikha Gharbi, qui vit aujourd&rsquo;hui&rsquo;hui en France aux c\u00f4t\u00e9s de son \u00e9poux, r\u00e9fugi\u00e9 politique, avait port\u00e9 plainte en mai 2001 contre le diplomate, qu&rsquo;elle avait reconnu comme le chef du commissariat de Jendouba o\u00f9 elle avait \u00e9t\u00e9 tortur\u00e9e sous ses ordres, en octobre 1996. Inform\u00e9 de la proc\u00e9dure ouverte \u00e0 son encontre, Khaled Ben Sa\u00efd s&rsquo;\u00e9tait aussit\u00f4t enfui en Tunisie, o\u00f9 il continuerait aujourd&rsquo;hui encore de travailler pour le Minist\u00e8re de l&rsquo;int\u00e9rieur. <\/div>\n<div align=\"justify\">\u00a0<\/div>\n<div align=\"justify\"> \u00abLe proc\u00e8s a mis en exergue l&rsquo;institutionnalisation de la torture comme moyen de r\u00e9pression \u00e0 l&rsquo;encontre de toute voix dissidente et comme instrument de terreur\u00bb a d\u00e9clar\u00e9 Omar Mestiri, du Comit\u00e9 national des libert\u00e9s en Tunisie (CNLT). \u00a0<\/div>\n<div align=\"justify\">\u00a0<\/div>\n<div align=\"justify\">\u00ab<i>Dans la p\u00e9riode de restriction des libert\u00e9s que traverse la France, ce verdict vient d\u00e9montrer qu&rsquo;il existe aussi une justice ind\u00e9pendante<\/i>\u00bb, a d\u00e9clar\u00e9 Me Eric Plouvier, avocat de Mme Gharbi  \u00ab<i>Apr\u00e8s avoir accus\u00e9 les parties civiles de manipuler le dossier \u00e0 des fins politiques, cet argument s&rsquo;est retourn\u00e9 comme un boomerang contre la d\u00e9fense dont la strat\u00e9gie a \u00e9t\u00e9 mise en \u00e9chec par une peine aggrav\u00e9e<\/i>\u00bb a d\u00e9clar\u00e9 Me Patrick Baudouin, avocat de la FIDH et de la Ligue des droits de l&rsquo;homme et du citoyen (LDH), qui s&rsquo;\u00e9taient constitu\u00e9es parties civiles aux c\u00f4t\u00e9s de la partie civiles, et pr\u00e9sident d&rsquo;honneur de la FIDH.  Cette d\u00e9cision vient rendre hommage au courage de Mme Gharbi qui pendant neuf ann\u00e9es de proc\u00e9dure s&rsquo;est battue pour enfin faire entendre la v\u00e9rit\u00e9.   \u00ab\u00a0<i>Alors que la France a adopt\u00e9 r\u00e9cemment une loi controvers\u00e9e restreignant les possibilit\u00e9s de poursuites pour crimes de guerre, crimes contre l&rsquo;humanit\u00e9 et g\u00e9nocide, les juges ont ainsi r\u00e9affirm\u00e9 l&rsquo;importance de la comp\u00e9tence universelle comme instrument indispensable de la lutte contre l&rsquo;impunit\u00e9<\/i>\u00bb a d\u00e9clar\u00e9 Jean-Pierre Dubois, pr\u00e9sident de la LDH.<a rel=\"nofollow noopener\" target=\"_blank\"><font>2<\/font><\/a> \u00a0<\/div>\n<p align=\"justify\"><b><small><font size=\"2\">Contacts presse : Fabien Maitre\/Karine Appy + 33 1 43 55 14 12 \/ + 33 1 43 55 25 18  \u00a0<\/font><\/small><\/b><\/p>\n<p align=\"justify\"><a rel=\"nofollow noopener\" target=\"_blank\"><font>1<\/font><\/a>Pour plus d&rsquo;information :<a rel=\"nofollow noopener\" target=\"_blank\"><font>http:\/\/www.fidh.org\/-Affaire-Ben-Said-<\/font><\/a><\/p>\n<p align=\"justify\"><a rel=\"nofollow noopener\" target=\"_blank\"><font>2<\/font><\/a><a rel=\"nofollow noopener\" target=\"_blank\"><font>http:\/\/www.fidh.org\/Justice-internationale-La-CFCPI-consternee-par-le<\/font><\/a><\/p>\n<p><\/font><\/div>\n<div><font><\/p>\n<hr\/>\n<p><\/font><\/div>\n<div>\n<div align=\"center\"><strong><\/p>\n<h2 style=\"color: red;\"><font size=\"3\">Un ancien diplomate tunisien condamn\u00e9 en France pour torture<\/font><\/h2>\n<p><\/strong> <\/div>\n<div align=\"center\">\n<hr\/>\n<\/div>\n<div align=\"justify\">Lundi, 27 Septembre 2010 16:23 Alain Cohen-Krawcyk  \u00a0\u00a0  Parfois m\u00eame chez les grandes d\u00e9mocraties, les int\u00e9r\u00eats \u00e9conomiques passent avant la justice. Bien qu\u2019un mandat d&rsquo;arr\u00eat international ait \u00e9t\u00e9 lanc\u00e9 depuis 2002, par la justice fran\u00e7aise contre un ancien diplomate tunisien, la commission rogatoire internationale n&rsquo;a jamais \u00e9t\u00e9 mise \u00e0 ex\u00e9cution. Ayant \u00e9t\u00e9 d\u00e9j\u00e0 condamn\u00e9 par d\u00e9faut en 2008, \u00e0 8 ans d\u2019emprisonnement en premi\u00e8re instance, Khaled Ben Sa\u00efd, ancien vice-consul tunisien \u00e0 Strasbourg, vient d\u2019\u00e9coper 12 ans de r\u00e9clusion pour torture. En fuite depuis 2002, Khaled Ben Sa\u00efd n\u2019\u00e9tait pas pr\u00e9sent \u00e0 l\u2019audience. Il est accus\u00e9 par Zoulaikha Gharbi, une Tunisienne m\u00e8re de cinq enfants, aujourd&rsquo;hui \u00e2g\u00e9e de 46 ans, de l\u2019avoir tortur\u00e9e en 1996, \u00e0 l\u2019\u00e9poque o\u00f9 il \u00e9tait commissaire de police \u00e0 Jendouba (Nord-ouest de la Tunisie). En apprenant en 2001, que son tortionnaire occupait le poste de vice-consul \u00e0 Strasbourg, elle a engag\u00e9 une action judiciaire contre lui, en vertu d&rsquo;une Convention des Nations unies de 1984 qui permet de juger un r\u00e9sident fran\u00e7ais du crime de torture, m\u00eame lorsque les faits se sont d\u00e9roul\u00e9s \u00e0 l&rsquo;\u00e9tranger. Les faits remontent \u00e0 octobre 1996, lorsque la victime Zoulaikha Gharbi, install\u00e9e actuellement en France, a \u00e9t\u00e9 convoqu\u00e9e au commissariat de police \u00e0 Jendouba, pour une affaire concernant son \u00e9poux. Elle raconte que les agents sous les ordres de Khaled Ben Sa\u00efd, alors chef du poste de police surnomm\u00e9 le \u00ab\u00a0commissariat de la torture\u00a0\u00bb, l&rsquo;auraient tortur\u00e9e, insult\u00e9e et humili\u00e9e pendant pr\u00e8s de 24 heures. Ils voulaient lui extorquer des renseignements sur son mari, r\u00e9fugi\u00e9 en France et soup\u00e7onn\u00e9 d\u2019appartenir \u00e0 El Nahdha, une mouvance islamiste hostile au pr\u00e9sident tunisien, Zine El Abedine Ben Ali. La plaignante affirme avoir \u00e9t\u00e9 d\u00e9v\u00eatue, suspendue \u00e0 une barre m\u00e9tallique par les mains et les pieds, pinc\u00e9e et griff\u00e9e sur tout le corps par ses tortionnaires. Ben Sa\u00efd, a alors \u00e9t\u00e9 jug\u00e9 et condamn\u00e9 par contumace en 2008 par la Cour d\u2019Assises \u00e0 Strasbourg, pour complicit\u00e9 de torture et actes de barbarie. Il avait fui la France d\u00e8s l\u2019ouverture de l\u2019information judiciaire. Apr\u00e8s cette nouvelle condamnation l\u2019ancien diplomate va-t-il continuer \u00e0 mener son train de vie sans avoir \u00e0 s\u2019inqui\u00e9ter ?  <strong><font>(Source: La Lettre Med le 27 septembre 2010)<\/font><\/strong><\/div>\n<div align=\"justify\"><strong><font>Lien:http:\/\/www.lalettremed.com\/analyses\/154-un-ancien-diplomate-tunisien-condamne-en-france-pour-torture<\/font><\/strong><\/div>\n<\/div>\n<div>\n<hr\/>\n<\/div>\n<div>\n<div align=\"center\">Libert\u00e9 pour le Docteur Sadok Chourou, le prisonnier des deux d\u00e9cennies Libert\u00e9 pour tous les prisonniers politiques <strong><font>Libert\u00e9 et Equit\u00e9, <\/font><\/strong>Organisation de droits humains ind\u00e9pendante 33 rue Mokhtar Atya, 1001, Tunis Tel\/fax : 71 340 860 Liberte.equite@gmail.com Tunis, le 26 septembre 2010 <strong><\/p>\n<h2 style=\"color: red;\"><font size=\"3\">Nouvelles des libert\u00e9s en Tunisie<\/font><\/h2>\n<p><\/strong><\/div>\n<div align=\"center\">\n<hr\/>\n<\/div>\n<div align=\"justify\"> <strong>1)\u00a0\u00a0 Les prisonniers d\u2019opinion de Borj Er Roumi en gr\u00e8ve de la faim illimit\u00e9e<\/strong> Des dizaines de prisonniers d\u2019opinion, victimes de la loi sur le terrorisme, non constitutionnelle, ont d\u00e9clench\u00e9 \u00e0 la prison de Borj Er Roumi (nord de la Tunisie) une gr\u00e8ve illimit\u00e9e de la faim, le jeudi 23 septembre 2010, pour protester contre les mauvais traitements et leurs p\u00e9nibles conditions d\u2019incarc\u00e9ration, ainsi que pour exiger leur lib\u00e9ration. Les prisonniers p\u00e2tissent du surpeuplement des cellules, du d\u00e9faut d\u2019a\u00e9ration et d\u2019\u00e9clairage, de la mauvaise nourriture, de l\u2019absence de vigilance et de suivi sanitaire, sans parler de ce que leur r\u00e9servent les prisonniers de droit commun, soutenus en cela par l\u2019administration de la prison, en termes de harc\u00e8lement et d\u2019oppression. Les prisonniers d\u2019opinion de Borj Er Roumi avaient observ\u00e9 une gr\u00e8ve de la faim au d\u00e9but de l\u2019ann\u00e9e 2009 pour exiger ces m\u00eames droits, garantis par la loi, mais ils avaient \u00e9t\u00e9 sanctionn\u00e9s et ventil\u00e9s vers d\u2019autres prisons \u00e9loign\u00e9es de leurs domiciles. [\u2026] Organisation Libert\u00e9 et Equit\u00e9 <font>(traduction d\u2019extraits ni revue ni corrig\u00e9e par les auteurs de la version en arabe, LT)<\/font><\/div>\n<\/div>\n<div>\u00a0<\/div>\n<div>\n<hr\/>\n<\/div>\n<div align=\"center\"><font size=\"3\"><strong>Paris-Dakar<\/strong><\/font><\/div>\n<div>\n<div align=\"center\">\n<hr\/>\n<\/div>\n<p align=\"justify\"><strong><font>Luiza Toscane<\/font><\/strong> dimanche 26 septembre 2010 <\/p>\n<p align=\"justify\">Le 24 d\u00e9cembre 2009, Yassine Ferchichi, de nationalit\u00e9 tunisienne, \u00e9tait embarqu\u00e9 contre sa volont\u00e9 \u00e0 bord d\u2019un vol assurant la liaison Roissy-Charles de Gaulle\/L\u00e9opold S\u00e9dar Senghor \u00e0 Dakar. \u00c0 son arriv\u00e9e, il disparaissait dans les locaux de la police pour \u00eatre remis en libert\u00e9 quelques jours plus tard sur le sol s\u00e9n\u00e9galais. Il n\u2019en est jamais revenu.<\/p>\n<p align=\"justify\"><span><\/span><\/p>\n<p align=\"justify\">Titulaire d\u2019un brevet de cuisine, Yassine Ferchichi, originaire de la cit\u00e9 Tadhamoun pr\u00e8s de Tunis, avait vainement tent\u00e9 de trouver un emploi stable. Harcel\u00e9 par la police politique, il fut interpell\u00e9, convoqu\u00e9 et finalement arr\u00eat\u00e9 \u00e0 plusieurs reprises. Tortur\u00e9 gravement, notamment \u00e0 l\u2019\u00e9lectricit\u00e9, dans les locaux du minist\u00e8re de l\u2019Int\u00e9rieur au d\u00e9but des ann\u00e9es 2000 et devinant que ce harc\u00e8lement ne prendrait pas fin de sit\u00f4t, il quitte le pays en 2004, sans charges ni poursuites, le plus l\u00e9galement du monde, pour l\u2019Europe.<\/p>\n<p align=\"justify\">\u00c0 29 ans, Yassine Ferchichi achevait \u00e0 la maison d\u2019arr\u00eat de Fresnes en France, une peine d\u2019emprisonnement de six ans dans le cadre d\u2019une affaire en relation avec le terrorisme et une peine de six mois pour usurpation d\u2019identit\u00e9\u00a0[<a href=\"http:\/\/\/\" rel=\"footnote noopener\" target=\"_blank\" title=\"Tribunal de  Grande Instance de Paris, 23 octobre 2008.\">1<\/a>]. Il avait \u00e9t\u00e9 arr\u00eat\u00e9 en juillet 2005, mais avait b\u00e9n\u00e9fici\u00e9 de quelques remises de peine. Sa condamnation \u00e0 l\u2019emprisonnement avait \u00e9t\u00e9 assortie d\u2019une interdiction d\u00e9finitive du territoire fran\u00e7ais, contre laquelle il a d\u00e9pos\u00e9 une requ\u00eate aux fins de rel\u00e8vement, rejet\u00e9e par le Tribunal de Grande Instance de Paris le 3 juin 2010.<\/p>\n<p align=\"justify\">Quelques mois plus tard, il a \u00e9t\u00e9 condamn\u00e9 par contumace en Tunisie\u00a0: dans une premi\u00e8re affaire \u00e0 huit ans d\u2019emprisonnement et cinq ans de contr\u00f4le administratif\u00a0[<a href=\"http:\/\/\/\" rel=\"footnote noopener\" target=\"_blank\" title=\"Cour d\u2019Appel de Tunis, affaire n\u00b011320\/&amp;3 du 9 juillet 2008.\">2<\/a>], et dans une seconde affaire, \u00e0 vingt-quatre ans d\u2019emprisonnement et dix ans de contr\u00f4le administratif\u00a0[<a href=\"http:\/\/\/\" rel=\"footnote noopener\" target=\"_blank\" title=\"Tribunal de Premi\u00e8re Instance de Tunis, affaire n\u00b011187 du 11 novembre\u00a0(...)\">3<\/a>], en vertu des dispositions de la loi antiterroriste du 10 d\u00e9cembre 2003. Il totalisait donc trente-deux ans et six mois d\u2019emprisonnement et quinze ans de contr\u00f4le administratif.<\/p>\n<p align=\"justify\">Craignant d\u2019\u00eatre soumis \u00e0 nouveau \u00e0 la torture en Tunisie\u00a0[<a href=\"http:\/\/\/\" rel=\"footnote noopener\" target=\"_blank\" title=\"\u00ab Le risque de la torture pour un Tunisien expulsable \u00bb, Lib\u00e9ration, d\u00e9cembre\u00a0(...)\">4<\/a>], il a demand\u00e9 l\u2019asile en France aupr\u00e8s de l\u2019Office Fran\u00e7ais de Protection des R\u00e9fugi\u00e9s et Apatrides (OFPRA), qui le convoquera \u00e0 deux reprises \u00e0 la fin de l\u2019ann\u00e9e 2009 pour un entretien. Yassine Ferchichi \u00e9tait emprisonn\u00e9 \u00e0 Fresnes (94) et l\u2019entretien devait se d\u00e9rouler \u00e0 Fontenay (94). Par deux fois, le juge charg\u00e9 de l\u2019application des peines lui refusera l\u2019autorisation de sortie pour se rendre \u00e0 l\u2019OFPRA, jugeant les risques d\u2019\u00e9vasion trop grands. Quant \u00e0 le faire escorter, l\u2019administration p\u00e9nitentiaire ne veut pas l\u2019envisager. Ne pouvant honorer ses rendez-vous, l\u2019int\u00e9ress\u00e9 s\u2019en excuse, et re\u00e7oit une troisi\u00e8me convocation de l\u2019Office pour le 4 janvier 2010, soit deux semaines apr\u00e8s sa sortie de prison pr\u00e9vue pour le 24 d\u00e9cembre.<\/p>\n<p align=\"justify\">Le 21 d\u00e9cembre, la situation bascule\u00a0: il est extrait de prison. Une escorte l\u2019attend et il est conduit \u00e0 l\u2019OFPRA, les mains menott\u00e9es dans le dos et pieds entrav\u00e9s, sans rendez-vous, sans pr\u00e9avis, pour le fameux entretien. Soudainement, tous les obstacles soulev\u00e9s par le juge d\u2019application des peines et l\u2019administration p\u00e9nitentiaire sont lev\u00e9s\u00a0: une escorte est d\u00e9p\u00each\u00e9e. Manifestement, l\u2019entretien ne pouvait avoir lieu apr\u00e8s la sortie de prison\u00a0! L\u2019\u00c9tat fran\u00e7ais ne pouvait tol\u00e9rer quelques jours de plus Yassine Ferchichi sur son territoire. Cette soudaine pr\u00e9cipitation ne pouvant venir de l\u2019OFPRA qui n\u2019a pas d\u2019\u00ab\u00a0int\u00e9r\u00eat\u00a0\u00bb particulier \u00e0 avancer un entretien, il devient \u00e9vident que l\u2019Office a \u00e9t\u00e9 somm\u00e9 en haut lieu de convoquer Yassine Ferchichi, pour pouvoir donner sa r\u00e9ponse avant qu\u2019il ne sorte de prison. En quelque sorte, tout doit \u00eatre \u00ab\u00a0boucl\u00e9\u00a0\u00bb avant le 24.<\/p>\n<p align=\"justify\">Redoutant le pire\u00a0[<a href=\"http:\/\/\/\" rel=\"footnote noopener\" target=\"_blank\" title=\"\u00ab Chronique d\u2019un r\u00e9fugi\u00e9 en sursis \u00bb, Yassine Ferchichi, 18 d\u00e9cembre 2009,\u00a0(...)\">5<\/a>], Yassine Ferchichi saisit la Cour Europ\u00e9enne des Droits de l\u2019Homme (CEDH), via son Conseil, le cabinet Bourdon, le 22 d\u00e9cembre, tandis que des organisations de d\u00e9fense de droits humains tirent la sonnette d\u2019alarme\u00a0[<a href=\"http:\/\/\/\" rel=\"footnote noopener\" target=\"_blank\" title=\"\u00ab Risque de renvoi dangereux : la France doit respecter ses engagements \u00bb\u00a0(...)\">6<\/a>]. Et le 23, la CEDH enjoint \u00e0 la France de ne pas renvoyer Yassine Ferchichi en Tunisie\u00a0[<a href=\"http:\/\/\/\" rel=\"footnote noopener\" target=\"_blank\" title=\"Article 39 du r\u00e8glement.\">7<\/a>].<\/p>\n<p align=\"justify\">Le 24 d\u00e9cembre, au moment de sa sortie de la maison d\u2019arr\u00eat de Fresnes, Yassine Ferchichi re\u00e7oit simultan\u00e9ment notification de la d\u00e9cision de l\u2019OFPRA et notification de son renvoi au S\u00e9n\u00e9gal. Il est exclu du b\u00e9n\u00e9fice de l\u2019asile en vertu des dispositions de la convention de Gen\u00e8ve. L\u2019OFPRA n\u2019a fait que respecter les textes et cette r\u00e9ponse \u00e9tait pr\u00e9visible\u00a0[<a href=\"http:\/\/\/\" rel=\"footnote noopener\" target=\"_blank\" title=\"L\u2019OFPRA a respect\u00e9 les cas d\u2019exclusion pr\u00e9vus par la Convention, notamment par\u00a0(...)\">8<\/a>]. Il refuse de signer son renvoi au S\u00e9n\u00e9gal, mais il est imm\u00e9diatement emmen\u00e9 par la police en direction de Roissy, tandis que son avocat saisit une seconde fois la CEDH, qui enjoint \u00e0 la France de ne pas le renvoyer au S\u00e9n\u00e9gal, compte tenu de l\u2019absence de garanties que ce dernier pays ne le renvoie en Tunisie. Il s\u2019agit d\u2019une mesure provisoire, la CEDH devant encore statuer sur le fonds.<\/p>\n<p align=\"justify\">L\u2019avion part avec une demi-heure de retard, mais avec Yassine Ferchichi\u00a0[<a href=\"http:\/\/\/\" rel=\"footnote noopener\" target=\"_blank\" title=\"\u00ab M\u00e9pris des autorit\u00e9s fran\u00e7aises pour les d\u00e9cisions du juge europ\u00e9en \u00bb Maitre\u00a0(...)\">9<\/a>]. Jusqu\u2019au mardi suivant, il est en d\u00e9tention au secret dans un commissariat de Dakar, pour des raisons inconnues, puisqu\u2019il est arriv\u00e9 l\u00e9galement dans ce pays, muni d\u2019un sauf conduit s\u00e9n\u00e9galais et qu\u2019un ministre dira qu\u2019il a \u00e9t\u00e9 accueilli pour des raisons humanitaires\u2026\u00a0[<a href=\"http:\/\/\/\" rel=\"footnote noopener\" target=\"_blank\" title=\"\u00ab Notre pays a \u00e9t\u00e9 choisi pour des raisons li\u00e9es \u00e0 la libert\u00e9 et \u00e0 la s\u00e9curit\u00e9\u00a0(...)\">10<\/a>] Les autorit\u00e9s tunisiennes d\u00e9noncent le renvoi de Yassine Ferchichi au S\u00e9n\u00e9gal, niant une fois de plus la pratique de la torture en Tunisie\u00a0[<a href=\"http:\/\/\/\" rel=\"footnote noopener\" target=\"_blank\" title=\"\u00ab Tunis d\u00e9nonce la d\u00e9cision d\u2019expulser Yassine Ferchichi au S\u00e9n\u00e9gal \u00bb, AFP,\u00a0(...)\">11<\/a>]. Le 28, il est abandonn\u00e9 \u00e0 son sort sur le sol s\u00e9n\u00e9galais. Il n\u2019a sur lui aucun papier d\u2019identit\u00e9, pas de ressources, pas de logement. Les quelques jours pass\u00e9s au commissariat ne lui ont rien appris sur le sort qui l\u2019attend, et qui se r\u00e9v\u00e8lera au quotidien celui d\u2019un paria.<\/p>\n<p align=\"justify\">Ne pouvant se loger ni travailler ni se soigner sans papiers d\u2019identit\u00e9 ni statut, il erre \u00e0 la recherche d\u2019un logement, se bat par des gr\u00e8ves de la faim\u00a0[<a href=\"http:\/\/\/\" rel=\"footnote noopener\" target=\"_blank\" title=\"\u00ab Yassine Ferchichi menace d\u2019entamer une gr\u00e8ve de la faim, le S\u00e9n\u00e9gal a d\u00e9cid\u00e9\u00a0(...)\">12<\/a>] ou des sit-in\u00a0[<a href=\"http:\/\/\/\" rel=\"footnote noopener\" target=\"_blank\" title=\"\u00ab Ferchichi dort devant le minist\u00e8re des Affaires Etrang\u00e8res \u00bb, Nettali.net,\u00a0(...)\">13<\/a>] pour arracher un h\u00e9bergement, qui s\u2019av\u00e8re pr\u00e9caire, ne subsiste que gr\u00e2ce \u00e0 des gestes ponctuels et au soutien d\u2019associations de droits humains\u00a0[<a href=\"http:\/\/\/\" rel=\"footnote noopener\" target=\"_blank\" title=\"\u00ab Affaire Yacine Ferchichi : les ONG exigent la prise en charge du Tunisie\u00a0(...)\">14<\/a>], de militants ou de m\u00e9dias solidaires\u00a0[<a href=\"http:\/\/\/\" rel=\"footnote noopener\" target=\"_blank\" title=\"\u00ab Ouf de soulagement \u00bb, http:\/\/makaila.over-blog.com\/articl\u2026\">15<\/a>]. Il passe ainsi deux semaines \u00e0 la rue, devant le minist\u00e8re des Affaires \u00c9trang\u00e8res \u00e0 Dakar, jusqu\u2019\u00e0 ce qu\u2019un logement lui soit offert par les autorit\u00e9s, sans le consentement du propri\u00e9taire des lieux qui harc\u00e8le Yassine Ferchichi pour qu\u2019il parte\u2026 Il a appris aussi \u00e0 ses d\u00e9pens qu\u2019il n\u2019avait pas droit aux soins et tra\u00eene depuis le mois de mars une fracture non soign\u00e9e\u2026 Une trag\u00e9die qui n\u2019a pas de nom\u00a0: la d\u00e9portation n\u2019existe plus en droit fran\u00e7ais, l\u2019\u00ab\u00a0expulsion dans un pays tiers\u00a0\u00bb est, quant \u00e0 elle, pr\u00e9vue par la loi. Il reste que l\u2019\u00c9tat fran\u00e7ais aurait pu faire un autre choix\u00a0: celui de l\u2019assignation \u00e0 r\u00e9sidence sur le sol fran\u00e7ais. C\u2019est ce qu\u2019avait demand\u00e9 l\u2019Association <i>Human Rights Watch<\/i> dans un courrier\u00a0[<a href=\"http:\/\/\/\" rel=\"footnote noopener\" target=\"_blank\" title=\"\u00ab Risque d\u2019expulsion vers la Tunisie de M. Yassine Ferchichi, Human Rights\u00a0(...)\">16<\/a>] adress\u00e9 \u00e0 Brice Hortefeux, ministre de l\u2019Int\u00e9rieur, c\u2019est ce qu\u2019\u00e9tait en droit d\u2019attendre un d\u00e9tenu qui avait pr\u00e9par\u00e9 sa sortie de prison, par des \u00e9tudes et des projets. C\u2019est ce que lui a d\u00e9ni\u00e9 l\u2019\u00c9tat fran\u00e7ais, mu par des consid\u00e9rants inavou\u00e9s et un acharnement incompr\u00e9hensible.<\/p>\n<p>[<a href=\"http:\/\/\/\" rev=\"footnote\" target=\"_blank\" title=\"Notes 1\" rel=\"noopener\">1<\/a>] Tribunal de Grande Instance de Paris, 23 octobre 2008.<\/p>\n<p>[<a href=\"http:\/\/\/\" rev=\"footnote\" target=\"_blank\" title=\"Notes 2\" rel=\"noopener\">2<\/a>] Cour d\u2019Appel de Tunis, affaire n\u00b011320\/&amp;3 du 9 juillet 2008.<\/p>\n<p>[<a href=\"http:\/\/\/\" rev=\"footnote\" target=\"_blank\" title=\"Notes 3\" rel=\"noopener\">3<\/a>] Tribunal de Premi\u00e8re Instance de Tunis, affaire n\u00b011187 du 11 novembre 2006.<\/p>\n<p>[<a href=\"http:\/\/\/\" rev=\"footnote\" target=\"_blank\" title=\"Notes 4\" rel=\"noopener\">4<\/a>] \u00ab\u00a0Le risque de la torture pour un Tunisien expulsable\u00a0\u00bb, Lib\u00e9ration, d\u00e9cembre 2009.<a href=\"http:\/\/\/\" target=\"_blank\" rel=\"noopener\">http:\/\/www.liberation.fr\/societe\/0101609948-le-risque-de-la-torture-pour-un-tunisien-expulsable<\/a><\/p>\n<p>[<a href=\"http:\/\/\/\" rev=\"footnote\" target=\"_blank\" title=\"Notes 5\" rel=\"noopener\">5<\/a>] \u00ab\u00a0Chronique d\u2019un r\u00e9fugi\u00e9 en sursis\u00a0\u00bb, Yassine Ferchichi, 18 d\u00e9cembre 2009,<a href=\"http:\/\/\/\" rel=\"nofollow noopener\" target=\"_blank\">http:\/\/www.lepost.fr\/article\/2009\/1\u2026<\/a><\/p>\n<p>[<a href=\"http:\/\/\/\" rev=\"footnote\" target=\"_blank\" title=\"Notes 6\" rel=\"noopener\">6<\/a>] \u00ab\u00a0Risque de renvoi dangereux\u00a0: la France doit respecter ses engagements\u00a0\u00bb Action des Chr\u00e9tiens pour l\u2019Abolition de la Torture (ACAT), F\u00e9d\u00e9ration Internationale des Ligues des Droits de l\u2019Homme (FIDH), Ligue des Droits de l\u2019Homme (LDH), Cabinet de Me William Bourdon, Communiqu\u00e9 de presse du 23 d\u00e9cembre 2009.<a href=\"http:\/\/\/\" rel=\"nofollow noopener\" target=\"_blank\">http:\/\/www.fidh.org\/Risque-de-renvo\u2026<\/a> \u00ab\u00a0L\u2019avocat d\u2019un d\u00e9tenu tunisien enjoint la France de ne pas l\u2019expulser\u00a0\u00bb, AFP, 23 d\u00e9cembre 2009.<a href=\"http:\/\/\/\" rel=\"nofollow noopener\" target=\"_blank\">http:\/\/www.tunisnews.net\/25Decembre\u2026<\/a><\/p>\n<p>[<a href=\"http:\/\/\/\" rev=\"footnote\" target=\"_blank\" title=\"Notes 7\" rel=\"noopener\">7<\/a>] Article 39 du r\u00e8glement.<\/p>\n<p>[<a href=\"http:\/\/\/\" rev=\"footnote\" target=\"_blank\" title=\"Notes 8\" rel=\"noopener\">8<\/a>] L\u2019OFPRA a respect\u00e9 les cas d\u2019exclusion pr\u00e9vus par la Convention, notamment par l\u2019article 1F, aucune protection ne pouvant \u00eatre accord\u00e9e aux personnes dont on aura des raisons de penser s\u00e9rieuses qu\u2019elles se sont rendues coupables d\u2019agissements contraires aux buts et principes des Nations Unies.<\/p>\n<p>[<a href=\"http:\/\/\/\" rev=\"footnote\" target=\"_blank\" title=\"Notes 9\" rel=\"noopener\">9<\/a>] \u00ab\u00a0M\u00e9pris des autorit\u00e9s fran\u00e7aises pour les d\u00e9cisions du juge europ\u00e9en\u00a0\u00bb Maitre William Bourdon, ACAT France, Amnesty International, Ligue des Droits de l\u2019Homme, 24 d\u00e9cembre 2009.<a href=\"http:\/\/\/\" rel=\"nofollow noopener\" target=\"_blank\">http:\/\/www.amnesty.fr\/index.php\/amn\u2026<\/a>. \u00ab\u00a0Un d\u00e9tenu tunisien, menac\u00e9 dans son pays, expuls\u00e9 vers le S\u00e9n\u00e9gal\u00a0\u00bb, AFP, 25 d\u00e9cembre 2009.<a href=\"http:\/\/\/\" rel=\"nofollow noopener\" target=\"_blank\">http:\/\/www.lesoleil.sn\/article.php3\u2026<\/a><\/p>\n<p>[<a href=\"http:\/\/\/\" rev=\"footnote\" target=\"_blank\" title=\"Notes 10\" rel=\"noopener\">10<\/a>] \u00ab\u00a0Notre pays a \u00e9t\u00e9 choisi pour des raisons li\u00e9es \u00e0 la libert\u00e9 et \u00e0 la s\u00e9curit\u00e9 de l\u2019int\u00e9ress\u00e9 [\u2026] pour des raisons purement humanitaires\u00a0\u00bb, in \u00ab\u00a0Yassine Ferchichi n\u2019est pas retenu contre son gr\u00e9 au S\u00e9n\u00e9gal\u00a0\u00bb, Agence de Presse s\u00e9n\u00e9galaise, 29\/12\/2009.<a href=\"http:\/\/\/\" rel=\"nofollow noopener\" target=\"_blank\">http:\/\/www.rewmi.com\/Yassine-Ferchi\u2026<\/a><\/p>\n<p>[<a href=\"http:\/\/\/\" rev=\"footnote\" target=\"_blank\" title=\"Notes 11\" rel=\"noopener\">11<\/a>] \u00ab\u00a0Tunis d\u00e9nonce la d\u00e9cision d\u2019expulser Yassine Ferchichi au S\u00e9n\u00e9gal\u00a0\u00bb, AFP, 26\/12\/09.<\/p>\n<p>[<a href=\"http:\/\/\/\" rev=\"footnote\" target=\"_blank\" title=\"Notes 12\" rel=\"noopener\">12<\/a>] \u00ab\u00a0Yassine Ferchichi menace d\u2019entamer une gr\u00e8ve de la faim, le S\u00e9n\u00e9gal a d\u00e9cid\u00e9 d\u2019arr\u00eater sa prise en charge\u00a0\u00bb, Pressafrik.com, 27 mars 2010.<a href=\"http:\/\/\/\" rel=\"nofollow noopener\" target=\"_blank\">http:\/\/www.pressafrik.com\/Yassine-F\u2026<\/a> \u00ab\u00a0Yassine Ferchichi entame une gr\u00e8ve de la faim\u00a0\u00bb, <i>L\u2019Observateur<\/i>, 30 mars 2010.<a href=\"http:\/\/\/\" rel=\"nofollow noopener\" target=\"_blank\">http:\/\/www.lobservateur.sn\/index.ph\u2026<\/a><\/p>\n<p>[<a href=\"http:\/\/\/\" rev=\"footnote\" target=\"_blank\" title=\"Notes 13\" rel=\"noopener\">13<\/a>] \u00ab\u00a0Ferchichi dort devant le minist\u00e8re des Affaires Etrang\u00e8res\u00a0\u00bb, Nettali.net, 22 mai 2010.<a href=\"http:\/\/\/\" rel=\"nofollow noopener\" target=\"_blank\">http:\/\/www.nettali.net\/Ferchichi-do\u2026<\/a><\/p>\n<p>[<a href=\"http:\/\/\/\" rev=\"footnote\" target=\"_blank\" title=\"Notes 14\" rel=\"noopener\">14<\/a>] \u00ab\u00a0Affaire Yacine Ferchichi\u00a0: les ONG exigent la prise en charge du Tunisie\u00a0\u00bb, Wal Fadjri, 13 janvier 2010.<a href=\"http:\/\/\/\" rel=\"nofollow noopener\" target=\"_blank\">http:\/\/fr.allafrica.com\/stories\/201\u2026<\/a><\/p>\n<p>Communiqu\u00e9 de presse\u00a0: Amnesty, ONDH, RADDHO \u00e0 propos de Yassine Ferchichi, 26 Mars 2010.<a href=\"http:\/\/\/\" rel=\"nofollow noopener\" target=\"_blank\">http:\/\/www.leral.net\/Communique-de-\u2026<\/a><\/p>\n<p>\u00ab\u00a0Affaire Ferchichi\u00a0: Nous n\u2019accepterons pas qu\u2019il soit clochardis\u00e9 dixit Me Dima Ndiaye\u00a0\u00bb, Pressafrik.com, 30 mars 2010.<a href=\"http:\/\/\/\" rel=\"nofollow noopener\" target=\"_blank\">http:\/\/www.pressafrik.com\/Affaire-F\u2026<\/a><\/p>\n<p>\u00ab\u00a0L\u2019ONDH appelle la communaut\u00e9 nationale et internationale \u00e0 ne pas oublier Yassine Ferchichi\u00a0\u00bb, Agence de presse s\u00e9n\u00e9galaise, 1er avril 2010.<a href=\"http:\/\/\/\" rel=\"nofollow noopener\" target=\"_blank\">http:\/\/www.aps.sn\/aps.php\/img-fr\/di\u2026<\/a><\/p>\n<p>[<a href=\"http:\/\/\/\" rev=\"footnote\" target=\"_blank\" title=\"Notes 15\" rel=\"noopener\">15<\/a>] \u00ab\u00a0Ouf de soulagement\u00a0\u00bb,<a href=\"http:\/\/\/\" rel=\"nofollow noopener\" target=\"_blank\">http:\/\/makaila.over-blog.com\/articl\u2026<\/a><\/p>\n<p>[<a href=\"http:\/\/\/\" rev=\"footnote\" target=\"_blank\" title=\"Notes 16\" rel=\"noopener\">16<\/a>] \u00ab\u00a0Risque d\u2019expulsion vers la Tunisie de M.\u00a0Yassine Ferchichi, <i>Human Rights Watch<\/i>, 8 d\u00e9cembre 2009.<a href=\"http:\/\/\/\" rel=\"nofollow noopener\" target=\"_blank\">http:\/\/www.hrw.org\/fr\/news\/2009\/12\/\u2026<\/a><\/p>\n<\/div>\n<div>\n<hr\/>\n<\/div>\n<div align=\"center\"><b><span lang=\"FR\"><\/p>\n<h2 style=\"color: red;\"><font>Dinosaures des Temps Modernes En Voie de Disparition<\/font><\/h2>\n<p><\/span><\/b><\/div>\n<div>\n<hr\/>\n<\/div>\n<p><b><span lang=\"FR\"><font>Amor Harouni-Tunisie<\/font><\/span><\/b><\/p>\n<p><span lang=\"FR\">Tunis le 26 Septembre 2010<\/span><\/p>\n<p><span lang=\"FR\">Le sort a voulu que leurs noms commencent\u00a0 par la lettre H et dont la politique pratiqu\u00e9e est comparable aux d\u00e9g\u00e2ts caus\u00e9s par la bombe H (bombe hydrog\u00e8ne). <\/span><\/p>\n<p><span lang=\"FR\">Commen\u00e7ons par le premier, il s\u2019agit d\u2019Adolf \u00a0Hitler hyst\u00e9rique ayant pour strat\u00e9gie la domination du monde en d\u00e9clenchant la deuxi\u00e8me guerre mondiale 1939-1945 et d\u00e9truisant certains pays, semant la terreur et la d\u00e9solation, tuant des millions d\u2019innocents allant jusqu\u2019\u00e0 la pratique impitoyable de l\u2019holocauste (ghettos et fours cr\u00e9matoires) mais comme toute chose a une fin, il a subi le sort qu\u2019il m\u00e9ritait amplement et que personne n\u2019est sens\u00e9 ignorer.<\/span><\/p>\n<p><span lang=\"FR\">Le second, c\u2019est Saddam Hussein, dictateur inv\u00e9t\u00e9r\u00e9 et sadique dont les crimes perp\u00e9tr\u00e9s envers le vaillant peuple Irakien, osant m\u00eame utiliser des armes chimiques en aspergeant les villageois de Halabcha, mais comme pour tout dictateur, il a connu une fin dramatique puis pendu le jour sacr\u00e9 de A\u00efd El Idha, d\u00e9fiant et humiliant le monde Arabo-musulman.<\/span><\/p>\n<p><span lang=\"FR\">Le 3<sup>\u00e8me<\/sup> s\u2019appelle Hosni Moubarak, Pr\u00e9sident en exercice qui a plong\u00e9 le peuple Egyptien dans une mis\u00e8re noire et se plait actuellement \u00e0 isoler les habitants de Gaza, allant jusqu\u2019\u00e0 poursuivre derni\u00e8rement un haut responsable des Services de S\u00e9curit\u00e9 du Hamas l\u2019accusant d\u2019\u00eatre responsable du blocage des efforts de r\u00e9conciliation avec l\u2019autorit\u00e9 Palestinienne dirig\u00e9e par Mahmoud Abbas et \u00e0 l\u2019origine d\u2019un tir de roquette vers Isra\u00ebl depuis le Sina\u00ef Egyptien et semble soucieux de la s\u00e9curit\u00e9 des sionistes et proc\u00e8de \u00e0 la finition de son macabre projet de construction d\u2019une s\u00e9paration souterraine en t\u00f4les en acier sur une longueur de 14 kms. <\/span><\/p>\n<p><span lang=\"FR\">En somme, c\u2019est la politique de la mort lente de tout un peuple. Puis, coup de th\u00e9\u00e2tre il ordonne l\u2019ouverture du terminal de Rafah et ce suite aux pressions exerc\u00e9es apr\u00e8s l\u2019abordage sanglant de la flottille de la libert\u00e9 par l\u2019arm\u00e9e sioniste dans les eaux internationales et\u00a0 se contredit en disant qu\u2019il \u00e9tait temps de penser \u00e0 la lev\u00e9e du blocus sur Gaza, alors qu\u2019il \u00e9tait l\u2019instigateur en premier lieu et sans aucun doute avec la complicit\u00e9 d\u2019Isra\u00ebl. N\u2019ayant pas le choix, et pour se disculper, il donna l\u2019ordre d\u2019ouvrir le terminal de Rafah simplement pour sauver la face. Il a autoris\u00e9 le passage des denr\u00e9es alimentaires, mat\u00e9riel sanitaire et m\u00e9dicaments n\u00e9anmoins, il se permet d\u2019interdire l\u2019entr\u00e9e des mat\u00e9riaux de constructions (fer et ciment) et semble en d\u00e9finitive qu\u2019il ne se sent pas concern\u00e9 par la reconstruction des habitations endommag\u00e9es par les bombardements de l\u2019arm\u00e9e sioniste mais par contre, il autorise l\u2019exportation du ciment et du gaz \u00e0 Isra\u00ebl surement \u00e0 bas prix pour la construction ill\u00e9gale des colonies juives.<\/span><\/p>\n<p><span lang=\"FR\">Par ailleurs, et pour faire taire les critiques sur la gravit\u00e9 de son acte, il avance l\u2019argument du trait\u00e9 de paix conclu avec Isra\u00ebl, mais il s\u2019av\u00e8re que le descendant de Rams\u00e8s ne se pr\u00e9occupe que de la s\u00e9curit\u00e9 de l\u2019\u00e9tat sioniste et ferme les yeux sur l\u2019oppression inhumaine exerc\u00e9e contre les Palestiniens et se d\u00e9lecte \u00a0de voir les habitants de Gaza sans abris et coucher \u00e0 la belle \u00e9toile en p\u00e9riodes de froid ou de chaleur.<\/span><\/p>\n<p><span lang=\"FR\">Le quatri\u00e8me, il s\u2019agit tout naturellement du Pr\u00e9sident de la grande puissance (de la terreur) de l\u2019oncle Sam Barack Houssein Obama. Celui-ci s\u2019est av\u00e9r\u00e9 un bon orateur (paroles mielleuses) mais pratiquement inefficace pour ne pas dire autre chose (se r\u00e9f\u00e9rer \u00e0 son discours) tant attendu au Caire et dans le monde Arabo-musulman mais leurs espoirs s\u2019av\u00e9r\u00e8rent utopiques, n\u00e9anmoins il faut l\u2019excuser du fait que le lobby sioniste est aux commandes des USA et ma\u00eetre de la situation d\u2019une part et sans oublier l\u2019inertie de la position Arabo-musulmane qui d\u2019autre part laisse \u00e9norm\u00e9ment \u00e0 d\u00e9sirer. <\/span><\/p>\n<p><span lang=\"FR\">Quant aux pays europ\u00e9ens, ceux-ci suivent \u00e0 la lettre les directives du gendarme du monde. En ce qui concerne la Russie et la Chine, celles-ci pratiquent une politique d\u2019alternative essayant de contenter tout le monde et ce par int\u00e9r\u00eat \u00e9galement. Partant de ce principe, les occidentaux en g\u00e9n\u00e9ral et Yankees en particulier se lamentent et ne semblent pas comprendre pourquoi les Arabes et les Musulmans les d\u00e9testent. <\/span><\/p>\n<p><span lang=\"FR\">A mon humble avis, il ne faut pas \u00eatre sorcier pour comprendre que les imp\u00e9rialistes ne sont uniquement pr\u00e9occup\u00e9s que par leurs int\u00e9r\u00eats, fussent-ils acquits sur le compte des peuples opprim\u00e9s par la majorit\u00e9 de leurs gouvernants qui ne persistent qu\u2019\u00e0 vouloir s\u2019\u00e9terniser sur leurs tr\u00f4nes ou pr\u00e9sidences \u00e0 vies et aux fins d\u2019h\u00e9ritages. <\/span><\/p>\n<p><span lang=\"FR\">En conclusion, et pour tout dire maintenant ce qui nous reste \u00e0 esp\u00e9rer, c\u2019est qu\u2019il se pointera le jour o\u00f9 atterrira le ballon d\u2019oxyg\u00e8ne tant d\u00e9sir\u00e9 en vue d\u2019assainir l\u2019atmosph\u00e8re afin de nous permettre de vivre librement comme il est pr\u00e9dit \u00e0 la naissance de chaque individu de la plan\u00e8te.<\/span><\/p>\n<p><span lang=\"FR\">\u00a0Il ne nous reste plus qu\u2019\u00e0 se rendre \u00e0 l\u2019\u00e9vidence.<\/span><\/p>\n<p><span lang=\"FR\">\u00ab\u00a0Nous sommes \u00e0 Allah et \u00e0 Lui nous retournons\u00a0\u00bb.<\/span><\/p>\n<p>\u00a0<\/p>\n<div>\n<hr\/>\n<\/div>\n<div align=\"center\">\n<h2 style=\"color: red;\"><font size=\"3\"><strong>Le Parti pirate s&rsquo;implante en Tunisie, une premi\u00e8re au Maghreb<\/strong><\/font><\/h2>\n<\/div>\n<div>\n<hr\/>\n<\/div>\n<div align=\"left\"><strong>Par S\u00e9bastian SEIBT <\/strong><\/div>\n<p><strong><\/p>\n<div align=\"justify\"> \u00a0<\/div>\n<p><\/strong><\/p>\n<div align=\"justify\"><font>Alors que la population tunisienne s\u2019oppose de plus en plus ouvertement \u00e0 la censure sur Internet exerc\u00e9e par le r\u00e9gime de Ben Ali, le pays est devenu le premier du Maghreb \u00e0 accueillir le Parti pirate sur \u00ab\u00a0sa\u00a0\u00bb Toile.<\/font><\/div>\n<div align=\"justify\">\n<div>\n<div><font>La Tunisie est devenue lundi le premier pays du Maghreb \u00e0 assister \u00e0 la mise en ligne du \u00ab\u00a0Parti pirate\u00a0\u00bb (PP) sur son r\u00e9seau Internet. Elle devient ainsi le 23e pays de cette \u00ab\u00a0internationale\u00a0\u00bb des partis pr\u00f4nant un acc\u00e8s libre et sans contr\u00f4le au Web. \u00ab\u00a0Tunisie : c&rsquo;est avec beaucoup d&rsquo;espoir et d&rsquo;\u00e9motion que nous accueillons le Parti pirate tunisien, longue vie \u00e0 lui\u00a0\u00bb, peut-on lire <\/font><a target=\"_blank\" rel=\"noopener\"><font>sur la page Twitter officielle de la branche fran\u00e7aise<\/font><\/a><font> de l&rsquo;internationale. Auparavant, ce mouvement a pr\u00e9sent\u00e9 des candidats \u00e0 diverses \u00e9lections, notamment en Su\u00e8de et en France.<\/font> <font>\u00ab\u00a0On ne fonde pas un parti comme \u00e7a en Tunisie\u00a0\u00bb<\/font> <font>Le PP tunisien a publi\u00e9, ce lundi,<\/font><a target=\"_blank\" rel=\"noopener\"><font> un communiqu\u00e9<\/font><\/a><font> pour f\u00eater sa naissance. Il y d\u00e9fend le droit pour tous de b\u00e9n\u00e9ficier d&rsquo;un acc\u00e8s au \u00ab\u00a0r\u00e9seau des r\u00e9seaux\u00a0\u00bb et d\u00e9nonce toute forme de censure. Contrairement \u00e0 ses homologues \u00e0 l&rsquo;\u00e9tranger, le Parti Pirate tunisien n&rsquo;existe pas d&rsquo;un point de vue l\u00e9gal. \u00ab\u00a0On ne fonde pas un parti politique comme \u00e7a en Tunisie\u00a0\u00bb, souligne Iyed Dahmani, journaliste et opposant au pr\u00e9sident Zine el-Abidine Ben Ali. Il s&rsquo;agirait donc davantage d&rsquo;un mouvement de protestation virtuel, capable de s&rsquo;attirer les sympathies d\u2019une partie non n\u00e9gligeable de la (jeune) population tunisienne.<\/font> <font>Car ce n\u2019est pas un hasard si cette initiative, in\u00e9dite au Maghreb, voit le jour sur la Toile tunisienne. En effet, Internet y est particuli\u00e8rement d\u00e9velopp\u00e9. Avec 3,5 millions d\u2019internautes, pour 10,5 millions d\u2019habitants, <\/font><a target=\"_blank\" rel=\"noopener\"><font>le r\u00e9seau est la star num\u00e9rique<\/font><\/a><font> de la r\u00e9gion, devant le Maroc.<\/font> <font>\u00ab\u00a0Laissez-nous tranquilles\u00a0\u00bb <\/font> <font>\u00ab\u00a0C\u2019est une initiative in\u00e9dite\u00a0\u00bb, confirme Iyed Dahmani. Le r\u00e9gime tunisien a en effet \u00e9t\u00e9 class\u00e9 par <\/font><a target=\"_blank\" rel=\"noopener\"><font>Reporters sans fronti\u00e8re<\/font><\/a><font> comme un \u00ab\u00a0ennemi d&rsquo;Internet\u00a0\u00bb. La censure y est qualifi\u00e9e \u00ab\u00a0d\u00a0\u00bbimportante et de pernicieuse\u00a0\u00bb par l\u2019organisation de d\u00e9fense de la libert\u00e9 de la presse. Depuis avril dernier, de plus en plus de sites et de blogs ont \u00e9t\u00e9 bloqu\u00e9s par les autorit\u00e9s : une situation d\u00e9nonc\u00e9e par diff\u00e9rents sites internationaux, dont<\/font><a target=\"_blank\" rel=\"noopener\"><font> ReadWriteWeb<\/font><\/a><font>. A la suite d&rsquo;un article, ce site sp\u00e9cialis\u00e9 dans les nouveaux m\u00e9dias est d\u2019ailleurs devenu \u00ab\u00a0indisponible\u00a0\u00bb en Tunisie.<\/font> <font>Surtout, les Tunisiens se r\u00e9v\u00e8lent de plus en plus engag\u00e9s en faveur d&rsquo;un libre-acc\u00e8s au Web. En fait, la mise en ligne de la version tunisienne du site du PP n\u2019est que la derni\u00e8re manifestation en date de cette tendance. \u00c0 titre d&rsquo;exemple, le mouvement en ligne \u00ab\u00a0<\/font><a target=\"_blank\" rel=\"noopener\"><font>Sayeb Salah (ou Sala7<\/font><\/a><font>)\u00a0\u00bb (une expression populaire qui pourrait se traduire par \u00ab\u00a0laissez-nous tranquilles\u00a0\u00bb) est l\u2019un des plus actifs en Afrique du Nord. \u00c0 \u00ab\u00a0coups\u00a0\u00bb de vid\u00e9os virales, d&rsquo;appels sur Facebook et Twitter, ces cyber-activistes tentent d\u2019alerter la Communaut\u00e9 internationale sur l\u2019ampleur de la censure en Tunisie. Plusieurs membres dudit mouvement ont ainsi r\u00e9cemment organis\u00e9 des manifestations en France.<\/font> \u00a0<\/div>\n<\/div>\n<\/div>\n<div align=\"justify\">\u00a0<\/div>\n<div align=\"justify\">\u00a0<\/div>\n<div align=\"justify\">\u00a0<\/div>\n<div align=\"justify\"><strong><font>(Source: France24.com le 27\/09\/2010 &#8211; 17:55) Lien: <\/font><\/strong><a target=\"_blank\" rel=\"noopener\"><strong><font>http:\/\/www.france24.com\/fr\/20100927-parti-pirate-tunisie-internet-censure-ben-ali-naissance-sayeb-salah<\/font><\/strong><\/a><\/div>\n<p><font><\/font><\/p>\n<div>\n<hr\/>\n<\/div>\n<p><\/font><\/p>\n<div> \u00a0<\/div>\n<div>\n<div align=\"center\"><font size=\"2\"><\/p>\n<h2 style=\"color: red;\"><font size=\"3\"><strong>Tunisie. L\u2019information, victime collat\u00e9rale de l\u2019accident de Bir El Bey<\/strong><\/font><\/h2>\n<p> <\/font><\/div>\n<div>\n<hr\/>\n<\/div>\n<div align=\"justify\">27\/09\/2010 Durant les premi\u00e8res heures qui ont suivi la collision des deux trains, vendredi apr\u00e8s-midi \u00e0 Bir El bey, le comportement des m\u00e9dias nationaux a \u00e9t\u00e9, encore une fois, en-de\u00e7\u00e0 du minimum requis dans de pareilles circonstances.   Comme tous les Tunisiens, je me pose toujours cette question: sommes- nous un pays d\u00e9velopp\u00e9, en voie de d\u00e9veloppement ou sous-d\u00e9velopp\u00e9? La r\u00e9ponse varie selon l\u2019endroit ou l\u2019on se trouve, le dernier voyage que l\u2019on a effectu\u00e9, l\u2019humeur du moment et le temps qu\u2019il fait dehors.  Pour moi, comme pour la plupart des Tunisiens, la r\u00e9ponse importe finalement peu, et personnellement, je pr\u00e9f\u00e8re toujours positiver.   <strong>Le service minimum de Mosa\u00efque Fm<\/strong>  Vendredi 24 septembre, peu apr\u00e8s 15heures, un grave accident s\u2019est produit \u00e0 Bir El Bey, \u00e0 24 kilom\u00e8tres au sud de Tunis: une collision entre deux trains. Quel qu\u2019en soit le nombre des morts et des bless\u00e9s, une collision entre deux trains est toujours un accident grave. C\u2019est aussi un fait tr\u00e8s rare, qui suscite beaucoup de curiosit\u00e9, et, surtout, une soif d\u2019information, car, en pareille circonstance, les gens craignent d\u2019avoir un parent ou un proche parmi les victimes. Or, force est de constater que le traitement m\u00e9diatique de cette catastrophe, car c\u2019en est une, a \u00e9t\u00e9, encore une fois, catastrophique.  En effet, et \u00e0 la notable exception de Mosa\u00efque Fm, qui a interrompu aussit\u00f4t ses programmes pour diffuser l\u2019information, avant de d\u00e9p\u00eacher deux envoy\u00e9s sp\u00e9ciaux sur place, les autres m\u00e9dias audiovisuels nationaux, aussi bien publics que priv\u00e9s, ont fait comme si de rien n\u2019\u00e9tait. C\u2019\u00e9tait, pour ainsi dire, path\u00e9tique d\u2019incomp\u00e9tence et de manque de professionnalisme. Les auditeurs et t\u00e9l\u00e9spectateurs scotch\u00e9s \u00e0 leurs postes radios et t\u00e9l\u00e9visions, \u00e0 l\u2019affut de la moindre information, ont \u00e9t\u00e9, encore une fois, priv\u00e9s d\u2019information, frustr\u00e9s et r\u00e9volt\u00e9s.  Heureusement que Mosa\u00efque Fm a fait le service minimum. Ainsi, vers\u00a0 17h30, ses deux envoy\u00e9s sp\u00e9ciaux essayent de donner une description sommaire de l\u2019accident, mais \u2013 chassez le naturel il revient au galop ! \u2013, il n\u2019ont trouv\u00e9 mieux que d\u2019insister lourdement, dans tous les sens du terme, sur la pr\u00e9sence sur place du ministre du Transport et du Pdg de la Sncft et autres repr\u00e9sentants officiels, comme si l\u2019information \u00e9tait de savoir que ces derniers font bien leur boulot.  Mais l\u00e0 aussi, les choses se sont d\u00e9roul\u00e9es \u00e0 l\u2019envers. Au lieu de raconter ce qui se passe, de nous dire ce qu\u2019ils voient et de rapporter les r\u00e9cits de t\u00e9moins oculaires, ces chers envoy\u00e9s sp\u00e9ciaux n\u2019avaient qu\u2019une seule information \u00e0 nous livrer: ils\u00a0 attendent, disaient-ils, aussi impatients qu\u2019impuissants, la d\u00e9claration officielle de l\u2019attach\u00e9 de presse du minist\u00e8re du Transport, la star du jour, devenu aussi invisible que Leonardo Di Caprio avec une flop\u00e9e de paparazzis \u00e0 ses trousses.  <strong>Merci pour votre attention !<\/strong> La radio nationale va-t-elle enfin nous informer de ce qui s\u2019est r\u00e9ellement pass\u00e9 \u00e0 Bir El Bey? L\u2019espoir est permis. Mais il a vite \u00e9t\u00e9 d\u00e9\u00e7u. Ainsi, vers 18h, le pr\u00e9sentateur du journal complet de l\u2019information sur Radio Tunis a d\u00e9bit\u00e9 quinze informations, nationales et internationales. Les auditeurs ont d\u00fb attendre la fin du journal pour avoir droit \u00e0 la lecture d\u2019un communiqu\u00e9 de la Sncft o\u00f9 celle-ci\u00abannonce qu\u2019en raison des travaux de l\u2019\u00e9lectrification de la ligne de la banlieue sud, des voyages seront supprim\u00e9s entre 9h30 et 12h du matin entre Borj Cedria et Cit\u00e9 Riadh du 25\u00a0 au 29 septembre 2010\u00bb. Le journal est termin\u00e9. Merci pour votre attention. Mais alors, l\u2019accident de Bir El Bey? Comment cela s\u2019est-il pass\u00e9? Quelles en sont les causes? Combien de morts et de bless\u00e9s? (voir ci-dessous les sommaires des deux journaux)*. Circulez, il n\u2019y a rien \u00e0 voir! Tant qu\u2019il n\u2019y a pas d\u2019annonce officielle, il ne s\u2019est pass\u00e9 strictement rien. Et comme le ridicule n\u2019a pas de limite: tout en se gardant d\u2019annoncer l\u2019accident, dont les auditeurs ont eu les premi\u00e8res informations sur Mosa\u00efque Fm, on a diffus\u00e9 un communiqu\u00e9 de la Sncft qui a ajout\u00e9 \u00e0 la confusion g\u00e9n\u00e9rale. Et si les animateurs de Mosa\u00efque Fm s\u2019amusaient \u00e0 faire peur \u00e0 leurs auditeurs, comme l\u2019avait fait en son temps le cin\u00e9aste am\u00e9ricain Orson Wells en annon\u00e7ant un grave tremblement de terre \u00e0 Los Angeles, un \u00e9v\u00e9nement parfaitement sorti de son imagination morbide?  <strong>Ce n\u2019\u00e9tait pas un mauvais r\u00eave <\/strong>Il a donc fallu attendre encore de longues et insupportables minutes avant que son altesse s\u00e9r\u00e9nissime l\u2019attach\u00e9 de presse du minist\u00e8re du Transport \u2013 bien attach\u00e9 celui-l\u00e0 \u2013, ne daigne confirmer l\u2019information. Ouf, ce n\u2019\u00e9tait donc pas un mauvais r\u00eave!  Cependant, ce monsieur, dont on louera au passage volont\u00e9 de bien faire, nous a donn\u00e9 l\u2019impression de vouloir expliquer \u2013 au cas o\u00f9 on l\u2019aurait b\u00eatement cru \u2013 que les autorit\u00e9s n\u2019\u00e9taient pour rien dans la temp\u00eate ayant caus\u00e9 l\u2019accident. Pis: celui qui \u00e9tait devenu, le temps d\u2019un apr\u00e8s-midi, le porte-voix de l\u2019Etat, a cherch\u00e9 \u00e0 banaliser l\u2019accident, en r\u00e9p\u00e9tant que ces choses arrivent souvent et un peu partout dans le monde. Les victimes et leurs familles ont d\u00fb moyennement go\u00fbter\u2026 Que penser de tout cela? Qui est responsable des rat\u00e9s enregistr\u00e9s cet apr\u00e8s-midi l\u00e0, et qui ont mis \u00e0 nue les carences et les dysfonctionnements de nos m\u00e9dias?  Il suffit de voir comment ce genre d\u2019\u00e9v\u00e9nement est trait\u00e9 par les m\u00e9dias dans les pays d\u00e9velopp\u00e9s pour comprendre ce qui nous reste \u00e0 faire pour esp\u00e9rer rejoindre un jour le rang de ces pays.  A bon entendeur, salut !\u00a0 <\/div>\n<div align=\"justify\">\u00a0<\/div>\n<div align=\"justify\"><strong><font>(Source: Kapitalis.com le 27 septembre 2010) Lien: <\/font><\/strong><a target=\"_blank\" rel=\"noopener\"><strong><font>http:\/\/kapitalis.com\/polemik\/55-debat\/1327-tunisie-linformation-victime-collaterale-de-laccident-de-bir-el-bey-.html<\/font><\/strong><\/a><\/div>\n<\/div>\n<div>\n<hr\/>\n<\/div>\n<div><font><\/p>\n<div align=\"center\">\n<h2 style=\"color: red;\"><font><strong><font size=\"3\">Tunisie. Du nouveau dans l\u2019affaire \u2018\u2018El Moussamih Karim\u2019\u2019<\/font> <\/strong><\/font><\/h2>\n<\/div>\n<div>\n<hr\/>\n<\/div>\n<div align=\"justify\"><font>Suite \u00e0 notre article \u2018\u2018Tunisie. Hannibal TV accus\u00e9e de plagiat?\u2019\u2019, nous avons contact\u00e9 M. Skander Khelil, qui revendique la paternit\u00e9 d\u2019\u2018\u2018El Moussamih Karim\u2019\u2019, l\u2019\u00e9mission phare de la cha\u00eene priv\u00e9e tunisienne, pour avoir sa version des faits. R\u00e9v\u00e9lations int\u00e9ressantes, documents \u00e0 l\u2019appui\u2026   \u00abL\u2019id\u00e9e de l\u2019\u00e9mission \u2018\u2018El Moussamih Karim\u2019\u2019 m\u2019est venue en 1998. Je l\u2019ai alors soumise, au nom de ma bo\u00eete de production Musidol, \u00e0 la direction de l\u2019Etablissement de radio-t\u00e9l\u00e9vision tunisienne (Ertt), dirig\u00e9e \u00e0 l\u2019\u00e9poque par M. Fathi Houidi\u00bb, raconte Skander Khelil. Il ajoute : \u00abJe d\u00e9tiens une r\u00e9ponse \u00e9crite de l\u2019Ertt, sign\u00e9e par ce dernier, o\u00f9 le projet de l\u2019\u00e9mission est clairement et nomm\u00e9ment indiqu\u00e9. On a eu m\u00eame une discussion sur le nom de l\u2019\u00e9mission, que M. Houidi aurait voulu intituler \u2018\u2018El Moutassamih Karim\u2019\u2019. Je lui ai alors expliqu\u00e9 que le nom de l\u2019\u00e9mission a d\u00e9j\u00e0 \u00e9t\u00e9 d\u00e9pos\u00e9 dans sa version initiale.\u00bb  Dans l\u2019interview qu\u2019il a accord\u00e9e au journal \u2018\u2018El Moussawir\u2019\u2019, parue le 2 octobre 2000, M. Khelil dit express\u00e9ment qu\u2019il \u00e9tait en train de pr\u00e9parer une \u00e9mission appel\u00e9e \u2018\u2018El Moussamih Karim\u2019\u2019. Un fac simili de l\u2019interview est d\u2019ailleurs reproduit sur son blog http:\/\/skander-khelil.over-blog.com\/.\u00a0  La direction de l\u2019Ertt ayant chang\u00e9 entre-temps, le producteur affirme avoir remis son projet dans les cartons, avant de l\u2019en ressortir et de le proposer, vers la fin de 2006, \u00e0 Larbi Nasra, fondateur et directeur de la cha\u00eene Hannibal Tv, qui \u00e9tait de passage \u00e0 Paris.<\/font><\/div>\n<div align=\"justify\">\u00a0<\/div>\n<div align=\"justify\"><strong>(Source: Kapitalis.com le 27 septembre 2010) Lien: <\/strong><a target=\"_blank\" rel=\"noopener\"><strong><font>http:\/\/www.kapitalis.com\/kanal\/61-medias\/1326-tunisie-du-nouveau-dans-laffaire-el-moussamih-karim-.html<\/font><\/strong><\/a><\/div>\n<p><\/font><\/div>\n<div><font><\/p>\n<hr\/>\n<p><\/font><\/div>\n<div align=\"justify\">\u00a0<\/div>\n<div align=\"center\"><strong><\/p>\n<h2 style=\"color: red;\"><font size=\"3\">Tunisian play broaches Arab world schizophrenia<\/font><\/h2>\n<p><\/strong><\/div>\n<div align=\"justify\">\n<hr\/>\n<p> A controversial Tunisian play that tackles love and sexual relationships in the Arab world has made a sounding success both locally and in several European countries.   \u00ab\u00a0Hobb Story\u2026 Ouvrir par ici\u00a0\u00bb, which means \u201cLove Story\u2026 Opens here,\u201d has witnessed an unprecedented turnout and has so far attracted more than 20,000 viewers for its daring approach to issues regarded as taboos in the Arab world, on top of which is the relationship between men and women with a special focus on the sexual dimension. The play offers a mixture of theatre, music, documentary cinema and sex education as well as live testimonies of men and women (one of them veiled) about their love life and sexual experiences.   One of the women is an adaptation of a character from the novel Banat al-Riyadh (Girls of Riyadh) by Saudi writer Rajaa al-Sanea.  Performers in the play recite a variety of texts that deal with marriage and sexual relations like sayings by prophet Mohammed and his companions as well as articles from the law and police reports that document sexual crimes.  Tackling taboos Hobb Story\u00a0\u00bb tackles sensitive issues that are generally considered taboo in the Arab world Director of the play Lotfi Achour.  \u201cThe play does so in a very daring manner without any sugarcoating,\u201d he told Al Arabiya. \u201cI do not agree with critiques that said the play was shocking or that sexual insinuations were too intense.\u201d In response to critics that slammed the play\u2019s explicit approach to relationships regarded as illicit in the Muslim world, Achour stated that sex outside marriage has become a reality in Tunisia and other Arab countries and that is why it cannot be overlooked.  \u201cThe problem with Arabs is that they do not face their reality. Arab and Muslim societies suffer from schizophrenia because they look like they are liberated from sex issues while the exact opposite is true.\u201d  Regarding the fact that he tackled sex in countries other than Tunisia like Lebanon, Egypt, Algeria, and Saudi Arabia, Achour said that this was his duty.  \u201cAs an artist, I can\u2019t only tackle problems of my country, but I have to include other Arab countries as well as the entire world.\u201d   <strong>Politicization of religion<\/strong> Actress Anissa Daoud, who wrote the play, denied allegations that the topic of the play was chosen for commercial reasons.  \u201cWe did not discuss taboos because they attract more people,\u201d she told Al Arabiya. \u201cThe play also tackles several other issues that are not of less importance.\u201d  For example, Daoud pointed out, the play talks about the recent emergence of reality shows in the Arab world and the politicization of religion.   In previous statements, Daoud explained that it was important for the play to tour cities like London and Paris, which are homes to large Arab and Muslim communities.   The play premiered in the 2009 Carthage Theatre Festival then toured several European countries. In March 2010, the play was performed in Paris and in July it was staged in the UK as part of the London International Festival of Theatre.  <strong><font>(Source: alarabiya.net le 27 septembre 2010) Lien: http:\/\/www.alarabiya.net\/articles\/2010\/09\/27\/120458.html<\/font><\/strong> \u00a0<\/div>\n<p>\u00a0<\/p><\/div>\n<p><\/font><\/div>\n<p align=\"center\" dir=\"ltr\">\n<h2 style=\"color: red;\"><font face=\"Arial\" size=\"2\"><strong><b><a href=\"http:\/\/www.tunisnews.net\/\"><font face=\"Arial\"><span><font size=\"2\">Home<\/font><\/span><font size=\"2\"><span lang=\"FR-CH\"> &#8211; Accueil <\/span><span>&#8211; <\/span><\/font><\/font><span dir=\"rtl\" lang=\"AR-SA\"><font size=\"2\">\u0627\u0644\u0631\u0626\u064a\u0633\u064a\u0629<\/font><\/span><\/a><\/b><\/strong><\/font><\/h2>\n<\/p>\n<p align=\"center\" dir=\"ltr\">\u00a0<\/p>\n<p><\/body><\/body><\/html><\/p>\n","protected":false},"excerpt":{"rendered":"<p>Home &#8211; Accueil TUNISNEWS 10\u00a0\u00e8me ann\u00e9e, N\u00b0\u00a03779 du 27.09.2010 \u00a0archives : www.tunisnews.net\u00a0 PDP Info: Urgent: Reprise de la Gr\u00e8ve de la faim FIDH: Condamnation en appel d\u2019un diplomate tortionnaire tunisien La Lettre Med: Un ancien diplomate tunisien condamn\u00e9 en France pour torture Libert\u00e9 et Equit\u00e9: Nouvelles des libert\u00e9s en Tunisie Luiza Toscane: Paris-Dakar Amor Harouni: [&hellip;]<\/p>\n","protected":false},"author":1,"featured_media":22040,"comment_status":"open","ping_status":"open","sticky":false,"template":"","format":"standard","meta":{"inline_featured_image":false,"site-sidebar-layout":"default","site-content-layout":"","ast-site-content-layout":"default","site-content-style":"default","site-sidebar-style":"default","ast-global-header-display":"","ast-banner-title-visibility":"","ast-main-header-display":"","ast-hfb-above-header-display":"","ast-hfb-below-header-display":"","ast-hfb-mobile-header-display":"","site-post-title":"","ast-breadcrumbs-content":"","ast-featured-img":"","footer-sml-layout":"","ast-disable-related-posts":"","theme-transparent-header-meta":"","adv-header-id-meta":"","stick-header-meta":"","header-above-stick-meta":"","header-main-stick-meta":"","header-below-stick-meta":"","astra-migrate-meta-layouts":"default","ast-page-background-enabled":"default","ast-page-background-meta":{"desktop":{"background-color":"","background-image":"","background-repeat":"repeat","background-position":"center center","background-size":"auto","background-attachment":"scroll","background-type":"","background-media":"","overlay-type":"","overlay-color":"","overlay-opacity":"","overlay-gradient":""},"tablet":{"background-color":"","background-image":"","background-repeat":"repeat","background-position":"center center","background-size":"auto","background-attachment":"scroll","background-type":"","background-media":"","overlay-type":"","overlay-color":"","overlay-opacity":"","overlay-gradient":""},"mobile":{"background-color":"","background-image":"","background-repeat":"repeat","background-position":"center center","background-size":"auto","background-attachment":"scroll","background-type":"","background-media":"","overlay-type":"","overlay-color":"","overlay-opacity":"","overlay-gradient":""}},"ast-content-background-meta":{"desktop":{"background-color":"var(--ast-global-color-5)","background-image":"","background-repeat":"repeat","background-position":"center center","background-size":"auto","background-attachment":"scroll","background-type":"","background-media":"","overlay-type":"","overlay-color":"","overlay-opacity":"","overlay-gradient":""},"tablet":{"background-color":"var(--ast-global-color-5)","background-image":"","background-repeat":"repeat","background-position":"center center","background-size":"auto","background-attachment":"scroll","background-type":"","background-media":"","overlay-type":"","overlay-color":"","overlay-opacity":"","overlay-gradient":""},"mobile":{"background-color":"var(--ast-global-color-5)","background-image":"","background-repeat":"repeat","background-position":"center center","background-size":"auto","background-attachment":"scroll","background-type":"","background-media":"","overlay-type":"","overlay-color":"","overlay-opacity":"","overlay-gradient":""}},"footnotes":""},"categories":[],"tags":[61,41,29],"class_list":["post-17095","post","type-post","status-publish","format-standard","has-post-thumbnail","hentry","tag-61","tag-41","tag-fr"],"_links":{"self":[{"href":"https:\/\/tunisnews.net\/ar\/wp-json\/wp\/v2\/posts\/17095","targetHints":{"allow":["GET"]}}],"collection":[{"href":"https:\/\/tunisnews.net\/ar\/wp-json\/wp\/v2\/posts"}],"about":[{"href":"https:\/\/tunisnews.net\/ar\/wp-json\/wp\/v2\/types\/post"}],"author":[{"embeddable":true,"href":"https:\/\/tunisnews.net\/ar\/wp-json\/wp\/v2\/users\/1"}],"replies":[{"embeddable":true,"href":"https:\/\/tunisnews.net\/ar\/wp-json\/wp\/v2\/comments?post=17095"}],"version-history":[{"count":0,"href":"https:\/\/tunisnews.net\/ar\/wp-json\/wp\/v2\/posts\/17095\/revisions"}],"wp:featuredmedia":[{"embeddable":true,"href":"https:\/\/tunisnews.net\/ar\/wp-json\/wp\/v2\/media\/22040"}],"wp:attachment":[{"href":"https:\/\/tunisnews.net\/ar\/wp-json\/wp\/v2\/media?parent=17095"}],"wp:term":[{"taxonomy":"category","embeddable":true,"href":"https:\/\/tunisnews.net\/ar\/wp-json\/wp\/v2\/categories?post=17095"},{"taxonomy":"post_tag","embeddable":true,"href":"https:\/\/tunisnews.net\/ar\/wp-json\/wp\/v2\/tags?post=17095"}],"curies":[{"name":"wp","href":"https:\/\/api.w.org\/{rel}","templated":true}]}}