{"id":17090,"date":"2011-05-25T00:00:00","date_gmt":"2011-05-25T00:00:00","guid":{"rendered":"https:\/\/tunisnews.net\/25-mai-2011\/"},"modified":"2011-05-25T00:00:00","modified_gmt":"2011-05-25T00:00:00","slug":"25-mai-2011","status":"publish","type":"post","link":"https:\/\/tunisnews.net\/ar\/25-mai-2011\/","title":{"rendered":"25 mai 2011"},"content":{"rendered":"<p><html><head><meta content=\"text\/html\" description=\"Comment garantir en moins de 2 mois \n\t\tseulement des \u00e9lections pluralistes, transparentes, cr\u00e9dibles et \n\t\td\u00e9mocratiques et dans toutes les circonscriptions y compris pour les \n\t\tTunisiens r\u00e9sidant \u00e0 l'\u00e9tranger ? \" http-equiv=\"Content-Type\"\/><\/head><body><body><\/p>\n<div>\n<div align=\"center\" dir=\"ltr\"><font face=\"Bookman Old Style\" size=\"7\"><strong>TUNISNEWS <\/strong><\/font><\/div>\n<div align=\"center\" dir=\"ltr\"><strong><font face=\"Arial\" size=\"2\">11 \u00e8me ann\u00e9e, N\u00b04019 du 25.05.2011<\/font><\/strong><\/div>\n<div align=\"center\" dir=\"ltr\"><font face=\"Arial\" size=\"2\"><strong>archives : <\/strong><\/font><a target=\"_blank\" rel=\"noopener\"><font face=\"Arial\" size=\"2\"><strong>www.tunisnews.net<\/strong><\/font><\/a><span lang=\"FR\"><strong><font face=\"Arial\" size=\"2\"><\/font><\/strong><\/span><\/div>\n<p><span lang=\"FR\"><\/p>\n<p><font><font face=\"Arial\" size=\"2\"><\/p>\n<div align=\"center\" dir=\"ltr\">\n<hr\/>\n<\/div>\n<div align=\"left\" dir=\"ltr\">\n<h2 style=\"color: red;\"><font face=\"Arial\" size=\"2\"><strong>FTCR: le report des \u00e9lections est pr\u00e9f\u00e9rable a des \u00e9lections exp\u00e9ditives<\/strong><\/font><\/h2>\n<\/div>\n<div><font face=\"Arial\" size=\"2\"><strong>An-NahdhaMovement: Statementon the Constituent Assembly Elections<\/strong><\/font><\/div>\n<div>\n<h2 style=\"color: red;\"><font face=\"Arial\" size=\"2\"><strong>AFP: Tunisie: un \u00e9missaire de la r\u00e9bellion libyenne re\u00e7u par le Premier ministre<\/strong><\/font><\/h2>\n<\/div>\n<div><font face=\"Arial\" size=\"2\"><strong>AFP: Sommet de Deauville: le G8 et son argent au chevet des r\u00e9volutions arabes<\/strong><\/font><\/div>\n<div>\n<h2 style=\"color: red;\"><font face=\"Arial\" size=\"2\"><strong>AFP: Aide: l&rsquo;UE donnera une prime aux pays qui se d\u00e9mocratisent<\/strong><\/font><\/h2>\n<\/div>\n<div>\n<h2 style=\"color: red;\"><font face=\"Arial\" size=\"2\"><strong><font>AFP: Le Sud-Africain Zuma en Libye lundi pour discuter avec Kadhafi de son d\u00e9part<\/font> <\/strong><\/font><\/h2>\n<\/div>\n<div>\n<h2 style=\"color: red;\"><font face=\"Arial\" size=\"2\"><strong>AFP: Le proc\u00e8s de Moubarak, un d\u00e9fi de taille pour la justice \u00e9gyptienne<\/strong><\/font><\/h2>\n<\/div>\n<div><font face=\"Arial\" size=\"2\"><strong>AFP: \u00ab\u00a0Ce n&rsquo;est que justice\u00a0\u00bb: des Egyptiens se r\u00e9jouissent du proc\u00e8s de Moubarak<\/strong><\/font><\/div>\n<div>\n<h2 style=\"color: red;\"><font face=\"Arial\" size=\"2\"><strong>AFP: Alg\u00e9rie:les autorit\u00e9s ordonnent la fermeture de sept \u00e9glises \u00ab\u00a0non conformes\u00a0\u00bb (pasteur)<\/strong><\/font><\/h2>\n<hr\/>\n<p><font face=\"Arial\" size=\"4\"><strong>REVUE DE PRESSE<\/strong><\/font> <\/div>\n<div>\n<hr\/>\n<\/div>\n<div align=\"center\">\n<h2 style=\"color: red;\"><font face=\"Arial\"><strong>LE REPORT DES \u00c9LECTIONS EST PR\u00c9F\u00c9RABLE A DES \u00c9LECTIONS EXP\u00c9DITIVES.<\/strong><\/font><\/h2>\n<\/div>\n<div align=\"center\">\n<hr\/>\n<\/div>\n<div align=\"justify\">\u00a0<\/div>\n<div align=\"justify\"><font face=\"Arial\" size=\"2\">Paris le 24 mai 2011<\/font><\/div>\n<div align=\"justify\">\u00a0<\/div>\n<div align=\"justify\"><font face=\"Arial\" size=\"2\">Le gouvernement provisoire a mis pr\u00e8s d\u2019un mois avant de publier la loi \u00e9lectorale et d\u2019accepter les dispositions de l&rsquo;article 15 relatif aux conditions d&rsquo;\u00e9ligibilit\u00e9 <\/font><\/div>\n<div align=\"justify\">\u00a0<\/div>\n<div align=\"justify\"><font face=\"Arial\" size=\"2\">Comment garantir en moins de 2 mois seulement des \u00e9lections pluralistes, transparentes, cr\u00e9dibles et d\u00e9mocratiques et dans toutes les circonscriptions y compris pour les Tunisiens r\u00e9sidant \u00e0 l&rsquo;\u00e9tranger ? <\/font><\/div>\n<div align=\"justify\">\u00a0<\/div>\n<div align=\"justify\"><font face=\"Arial\" size=\"2\">Comment \u00e9tablir une liste \u00e9lectorale \u00e0 partir des \u00ab listes \u00bb ant\u00e9rieures Comment peut- on embaucher 150 agents et cadres ? Acheter des milliers d&rsquo;ordinateurs les programmer et les relier en r\u00e9seaux ? Cr\u00e9er une trentaine de sections de l\u2019instance ? Comment cr\u00e9er les circonscriptions \u00e9lectorales ? Comment d\u00e9livrer 700 000 cartes d\u2019identit\u00e9s nationales? <\/font><\/div>\n<div align=\"justify\">\u00a0<\/div>\n<div align=\"justify\"><font face=\"Arial\" size=\"2\">Comment inscrire 3 000 000 de nouveaux \u00e9lecteurs ?<\/font><\/div>\n<div align=\"justify\">\u00a0<\/div>\n<div align=\"justify\"><font face=\"Arial\" size=\"2\">Comment mettre en place toutes les conditions n\u00e9cessaires \u00e0 la surveillance de toutes les op\u00e9rations et les contentieux possible ? Comment organiser l\u2019accueil des observateurs nationaux et \u00e9trangers ? Comment former des dizaines de milliers de membres de bureaux de vote t de scrutateurs? <\/font><\/div>\n<div align=\"justify\">\u00a0<\/div>\n<div align=\"justify\"><font face=\"Arial\" size=\"2\">Garantir la transparence des \u00e9lections et la s\u00e9curisation du processus \u00e9lectoral, sont des priorit\u00e9s et des exigences d\u00e9mocratiques. <\/font><\/div>\n<div align=\"justify\">\u00a0<\/div>\n<div align=\"justify\"><font face=\"Arial\" size=\"2\">Si de telles mesures ne sont pas prises, les \u00e9lections \u00e0 venir seraient une nouvelle cause de rejet du futur gouvernement. D&rsquo;autant que le pays n&rsquo;est toujours pas stabilis\u00e9. <\/font><\/div>\n<div align=\"justify\">\u00a0<\/div>\n<div align=\"justify\"><font face=\"Arial\" size=\"2\">Nous avons subi une dictature, durant plus d\u2019un demi-si\u00e8cle, nous pouvons patienter quelques semaines pour participer \u00e0 de v\u00e9ritables \u00e9lections, <\/font><\/div>\n<div align=\"justify\">\u00a0<\/div>\n<div align=\"justify\"><font face=\"Arial\" size=\"2\">La proposition de l\u2019instance sup\u00e9rieure qui est op\u00e9rationnelle seulement depuis le 19 mai n\u2019est donc pas responsable des lenteurs du gouvernement provisoire. Ces lenteurs ont engendr\u00e9 une impossibilit\u00e9 de tenir le calendrier des \u00e9lections d\u00e9mocratiques et transparentes selon les normes internationales. C\u2019est donc les v\u00e9ritables motivations du report au 16 octobre 201. <\/font><\/div>\n<div align=\"justify\">\u00a0<\/div>\n<div align=\"justify\"><font face=\"Arial\" size=\"2\">Il n\u2019y a pas de complot mais des vraies questions qui ne peuvent \u00eatre r\u00e9solues en 59 jours. <\/font><\/div>\n<div align=\"justify\">\u00a0<\/div>\n<div align=\"justify\"><font face=\"Arial\" size=\"2\">Les premi\u00e8res \u00e9lections libres en Tunisie depuis son existence comme \u00e9tat doivent \u00eatre organis\u00e9es dans des conditions dignes, transparentes et d\u00e9mocratiques hors des mains du minist\u00e8re de l\u2019int\u00e9rieur et loin de la surench\u00e8re d\u00e9magogiques de certains. <\/font><\/div>\n<div align=\"justify\">\u00a0<\/div>\n<div align=\"justify\"><font face=\"Arial\" size=\"2\">LA F.T.C.R. APPELLE LES FEMMES ET HOMMES, ASSOCIATIONS, SYNDICATS, PARTIS ET ORGANISATIONS POLITIQUES LIBRES ET D\u00c9MOCRATES A D\u00c9FENDRE L&rsquo;IND\u00c9PENDANCE DE L\u2019INSTANCE SUP\u00c9RIEURE DES \u00c9LECTIONS CONTRE LES D\u00c9MAGOGUES DE TOUS BORDS.<\/font><\/div>\n<div align=\"justify\">\u00a0<\/div>\n<div align=\"justify\"><font face=\"Arial\" size=\"2\">POUR LA GARANTIE DE NOTRE D\u00c9MOCRATIE DEMANDONS AU GOUVERNEMENT PROVISOIRE DE REPORTER LES \u00c9LECTIONS AU 16 OCTOBRE.<\/font><\/div>\n<div align=\"justify\">\u00a0<\/div>\n<div align=\"justify\"><font face=\"Arial\" size=\"2\">Tarek BEN HIBA, pr\u00e9sident<\/font><\/div>\n<hr\/>\n<div align=\"center\"><font face=\"Arial\" size=\"2\"><strong>An-NahdhaMovement<\/strong><\/font><\/div>\n<div align=\"center\">\n<h2 style=\"color: red;\"><font face=\"Arial\"><strong>Statementon the Constituent Assembly Elections<\/strong><\/font><\/h2>\n<\/div>\n<div align=\"center\">\n<hr\/>\n<\/div>\n<div align=\"center\"><font face=\"Arial\" size=\"2\">Inthe Name of God, Most Beneficent, Most Merciful<\/font><\/div>\n<div><font face=\"Arial\" size=\"2\">Following the interimgovernment&rsquo;s announcement of its commitment to the 24th of July as the date forholding the elections for the national Constituent Assembly and its pledge todedicate all the necessary human and material resources to hold them in thebest possible conditions, an-Nahdha Movement, on the basis of its nationalresponsibility, reaffirms:<\/font><\/div>\n<div><font face=\"Arial\" size=\"2\">1. That the interimgovernment&rsquo;s commitment to hold the Constituent Assembly elections on theagreed date is a praiseworthy and positive response to the popular will and towhat has been agreed by the majority of the constituents of Tunisian politicaland civil society.<\/font><\/div>\n<div><font face=\"Arial\" size=\"2\">2. Its commitment to makeevery possible effort to contribute to providing the most conducive atmospherefor holding free and fair transparent elections and to support the IndependentHigh Election Commission in order for the latter to fulfil its duties in aharmonious spirit that places the country&rsquo;s interests above all otherconsiderations.<\/font><\/div>\n<div><font face=\"Arial\" size=\"2\">3. Its call upon the membersof the Election Commission to positively engage and build upon what has beenagreed in order to achieve the aims of the revolution and protect the countryfrom a dangerous vacuum.<\/font><\/div>\n<div><font face=\"Arial\" size=\"2\">4. Its call upon all the sonsand daughters of our people and its active forces, including parties,organisations and national figures, towards further vigilance and mobilisationin order to protect their revolution and unite their efforts to buildlegitimacy as soon as possible so as to contribute to putting an end tosecurity disorder. This is crucial in order to enable our national economy toregain the necessary conditions for prosperity and stability.<\/font><\/div>\n<div><font face=\"Arial\" size=\"2\">An-NahdhaMovement<\/font><\/div>\n<div><font face=\"Arial\" size=\"2\">24 May 2011<\/font><\/div>\n<div><font face=\"Arial\" size=\"2\"><strong>Rached Ghannouchi<\/strong><\/font><\/div>\n<hr\/>\n<div align=\"justify\"><i><u><span lang=\"FR-CH\"><font face=\"Arial\" size=\"2\">AFP, le 25 mai 2011 \u00e0 11h39 GMT<\/font><\/span><\/u><\/i><\/div>\n<div align=\"center\"><b><span lang=\"FR-CH\"><\/p>\n<h2 style=\"color: red;\"><font face=\"Arial\">Tunisie: un \u00e9missaire de la r\u00e9bellion libyenne re\u00e7u par le Premier ministre<\/font><\/h2>\n<p><\/span><\/b><\/div>\n<div align=\"center\"><b><span lang=\"FR-CH\"><\/p>\n<hr\/>\n<p><\/span><\/b><\/div>\n<div align=\"justify\"><span lang=\"FR-CH\"><font face=\"Arial\" size=\"2\">TUNIS, 25 Mai 2011 (AFP) &#8211; Le Premier ministre tunisien, B\u00e9ji Ca\u00efd Essebsi, a re\u00e7u mercredi \u00e0 Tunis un repr\u00e9sentant du Conseil national de transition (CNT), l&rsquo;instance dirigeante des rebelles libyens, a constat\u00e9 un photographe de l&rsquo;AFP.<\/font><\/span><\/div>\n<div align=\"justify\"><span lang=\"FR-CH\"><font face=\"Arial\" size=\"2\">M. Essebsi s&rsquo;est entretenu mercredi matin avec Abdel Rahman Shalgam, un ancien ministre des Affaires \u00e9trang\u00e8res et ambassadeur de la Libye \u00e0 l&rsquo;ONU, qui avait fait d\u00e9fection au r\u00e9gime de Mouammar Kadhafi en f\u00e9vrier, en d\u00e9non\u00e7ant devant le Conseil de s\u00e9curit\u00e9 les \u00ab\u00a0exactions\u00a0\u00bb commises dans son pays.<\/font><\/span><\/div>\n<div align=\"justify\"><span lang=\"FR-CH\"><font face=\"Arial\" size=\"2\">La visite \u00e0 Tunis de M. Shalgam n&rsquo;avait pas \u00e9t\u00e9 annonc\u00e9e et aucune information n&rsquo;avait \u00e9t\u00e9 communiqu\u00e9e en milieu de journ\u00e9e sur la teneur de ces entretiens.<\/font><\/span><\/div>\n<hr\/>\n<div align=\"justify\">\u00a0<\/div>\n<div align=\"justify\">\u00a0<\/div>\n<div align=\"justify\">\u00a0<\/div>\n<div align=\"justify\"><i><u><span lang=\"FR-CH\"><font face=\"Arial\" size=\"2\">AFP, le 25 mai 2011 \u00e0 11h46 GMT<\/font><\/span><\/u><\/i><\/div>\n<div align=\"center\"><b><span lang=\"FR-CH\"><\/p>\n<h2 style=\"color: red;\"><font face=\"Arial\">Sommet de Deauville: le G8 et son argent au chevet des r\u00e9volutions arabes<\/font><\/h2>\n<p><\/span><\/b><\/div>\n<div align=\"center\"><b><span lang=\"FR-CH\"><\/p>\n<hr\/>\n<p><\/span><\/b><\/div>\n<div align=\"justify\"><span lang=\"FR-CH\"><font face=\"Arial\" size=\"2\">Par Sofia BOUDERBALA <\/font><\/span><\/div>\n<div align=\"justify\"><span lang=\"FR-CH\"><font face=\"Arial\" size=\"2\">DEAUVILLE, 25 Mai 2011 (AFP) &#8211; Pour leur premi\u00e8re r\u00e9union depuis le d\u00e9but du printemps arabe, les dirigeants du G8 comptent apporter un appui massif aux transitions d\u00e9mocratiques et chercheront \u00e0 s&rsquo;entendre sur des pistes de sortie de crise pour la Libye et la Syrie.<\/font><\/span><\/div>\n<div align=\"justify\"><span lang=\"FR-CH\"><font face=\"Arial\" size=\"2\">Le sommet pr\u00e9vu jeudi et vendredi \u00e0 Deauville (nord-ouest de la France) sera aussi l&rsquo;occasion d&rsquo;exprimer leur solidarit\u00e9 avec le Japon, deux mois apr\u00e8s l&rsquo;accident de la centrale de Fukushima, et d&rsquo;en tirer les le\u00e7ons en envisageant \u00ab\u00a0une norme internationale de s\u00fbret\u00e9\u00a0\u00bb.<\/font><\/span><\/div>\n<div align=\"justify\"><span lang=\"FR-CH\"><font face=\"Arial\" size=\"2\">D&rsquo;autres grands th\u00e8mes, comme le Proche-Orient, l&rsquo;\u00e9conomie mondiale ou l&rsquo;internet &#8211; pour la premi\u00e8re fois \u00e0 l&rsquo;ordre du jour d&rsquo;un tel sommet &#8211; seront abord\u00e9s mais les r\u00e9voltes arabes se sont impos\u00e9es en haut de l&rsquo;agenda.<\/font><\/span><\/div>\n<div align=\"justify\"><span lang=\"FR-CH\"><font face=\"Arial\" size=\"2\">Apr\u00e8s les soul\u00e8vements populaires qui ont balay\u00e9 les r\u00e9gimes tunisien et \u00e9gyptien, la r\u00e9bellion menace toujours le dirigeant libyen Mouammar Kadhafi et la contestation, s\u00e9v\u00e8rement r\u00e9prim\u00e9e, bat son plein en Syrie.<\/font><\/span><\/div>\n<div align=\"justify\"><span lang=\"FR-CH\"><font face=\"Arial\" size=\"2\">Le pr\u00e9sident fran\u00e7ais Nicolas Sarkozy a choisi de faire de Deauville le \u00ab\u00a0moment fondateur\u00a0\u00bb d&rsquo;un nouveau \u00ab\u00a0partenariat de longue dur\u00e9e\u00a0\u00bb entre les pays arabes qui soutiennent la d\u00e9mocratie et le G8 (Etats-Unis, Russie, Japon, Allemagne, France, Royaume Uni, Italie, Canada), selon l&rsquo;Elys\u00e9e.<\/font><\/span><\/div>\n<div align=\"justify\"><span lang=\"FR-CH\"><font face=\"Arial\" size=\"2\">Sur le mod\u00e8le de l&rsquo;aide \u00e0 l&rsquo;Europe de l&rsquo;Est apr\u00e8s la chute du mur de Berlin, le savoir-faire de la Banque europ\u00e9enne pour la reconstruction et le d\u00e9veloppement (Berd) sera d\u00e9ploy\u00e9 sur les rives sud de la M\u00e9diterran\u00e9e.<\/font><\/span><\/div>\n<div align=\"justify\"><span lang=\"FR-CH\"><font face=\"Arial\" size=\"2\">L&rsquo;Egypte et la Tunisie, dont les saisons touristiques s&rsquo;annoncent d\u00e9sastreuses, ont chiffr\u00e9 leurs besoins: 10 \u00e0 12 milliards de dollars pour Le Caire jusqu&rsquo;\u00e0 la mi-2012, tandis que Tunis demande 25 milliards de dollars sur cinq ans.<\/font><\/span><\/div>\n<div align=\"justify\"><span lang=\"FR-CH\"><font face=\"Arial\" size=\"2\">Si Paris ou Berlin soulignent que Deauville ne sera pas une \u00ab\u00a0conf\u00e9rence des donateurs\u00a0\u00bb, les annonces de soutien chiffr\u00e9es ont d\u00e9j\u00e0 commenc\u00e9, concernant des all\u00e8gements de dette ou des aides \u00e0 l&rsquo;investissement.<\/font><\/span><\/div>\n<div align=\"justify\"><span lang=\"FR-CH\"><font face=\"Arial\" size=\"2\">Le pr\u00e9sident am\u00e9ricain Barack Obama a d\u00e9voil\u00e9 la semaine derni\u00e8re son propre plan d&rsquo;aide de plusieurs milliards de dollars pour encourager la d\u00e9mocratisation des pays arabes.<\/font><\/span><\/div>\n<div align=\"justify\"><span lang=\"FR-CH\"><font face=\"Arial\" size=\"2\">La Banque mondiale s&rsquo;appr\u00eate \u00e0 d\u00e9bloquer jusqu&rsquo;\u00e0 six milliards de dollars de financements pour l&rsquo;Egypte et la Tunisie, sous r\u00e9serve d&rsquo;une poursuite des r\u00e9formes.<\/font><\/span><\/div>\n<div align=\"justify\"><span lang=\"FR-CH\"><font face=\"Arial\" size=\"2\">Le soutien du G8 \u00e0 Tunis et au Caire, ainsi que l&rsquo;invitation exceptionnelle de trois dirigeants africains (C\u00f4te d&rsquo;Ivoire, Guin\u00e9e, Niger) aux \u00ab\u00a0parcours d\u00e9mocratiques exemplaires\u00a0\u00bb selon Paris, est cens\u00e9 envoyer un message aux pays o\u00f9, comme en Syrie ou en Libye, les revendications populaires se heurtent \u00e0 une r\u00e9pression brutale.<\/font><\/span><\/div>\n<div align=\"justify\"><span lang=\"FR-CH\"><font face=\"Arial\" size=\"2\">Paris cherche le consensus sur ces dossiers, notamment avec la Russie, critique face \u00e0 l&rsquo;intervention en Libye, et qui reste un fid\u00e8le soutien de la Syrie de Bachar al-Assad, sous sanctions am\u00e9ricaines et europ\u00e9ennes.<\/font><\/span><\/div>\n<div align=\"justify\"><span lang=\"FR-CH\"><font face=\"Arial\" size=\"2\">Le G8 \u00ab\u00a0ne doit pas se transformer en un organe proposant des mesures de pression et des sanctions\u00a0\u00bb, a averti mercredi la pr\u00e9sidence russe, alors que Moscou d\u00e9nonce en parall\u00e8le l&rsquo;intensification des bombardements en Libye.<\/font><\/span><\/div>\n<div align=\"justify\"><span lang=\"FR-CH\"><font face=\"Arial\" size=\"2\">Enfin, Am\u00e9ricains, Europ\u00e9ens et Russes \u00e9voqueront le blocage du processus de paix entre Isra\u00e9liens et Palestiniens, \u00e0 l&rsquo;approche en septembre de l&rsquo;Assembl\u00e9e g\u00e9n\u00e9rale annuelle de l&rsquo;ONU. Lass\u00e9s, les Palestiniens comptent y faire d\u00e9clarer la cr\u00e9ation de leur Etat, contre l&rsquo;avis des Etats-Unis et d&rsquo;Isra\u00ebl.<\/font><\/span><\/div>\n<div align=\"justify\"><span lang=\"FR-CH\"><font face=\"Arial\" size=\"2\">Deauville, qui prendra des allures de camp retranch\u00e9 sous la surveillance de plus de 12.000 policiers et gendarmes, permettra aussi d&rsquo;\u00e9voquer la succession de Dominique Strauss-Kahn \u00e0 la t\u00eate du Fonds mon\u00e9taire international (FMI), pour laquelle la ministre fran\u00e7aise des Finances Christine Lagarde, favorite, vient de d\u00e9clarer sa candidature.<\/font><\/span><\/div>\n<hr\/>\n<div align=\"justify\">\u00a0<\/div>\n<div align=\"justify\">\u00a0<\/div>\n<div align=\"justify\">\u00a0<\/div>\n<div align=\"justify\"><i><u><span lang=\"FR-CH\"><font face=\"Arial\" size=\"2\">AFP, le 25 mai 2011 \u00e0 15h12 GMT<\/font><\/span><\/u><\/i><\/div>\n<div align=\"center\"><b><span lang=\"FR-CH\"><\/p>\n<h3 style=\"color: blue;\"><font face=\"Arial\">Aide: l&rsquo;UE donnera une prime aux pays qui se d\u00e9mocratisent<\/font><\/h3>\n<p><\/span><\/b><\/div>\n<div align=\"center\"><b><span lang=\"FR-CH\"><\/p>\n<hr\/>\n<p><\/span><\/b><\/div>\n<div align=\"justify\"><span lang=\"FR-CH\"><font face=\"Arial\" size=\"2\">BRUXELLES, 25 Mai 2011 (AFP) &#8211; L&rsquo;Union europ\u00e9enne a promis mercredi de donner \u00e0 l&rsquo;avenir plus d&rsquo;argent aux pays qui se d\u00e9mocratisent, dans sa politique d&rsquo;aide, sans pour autant remettre en cause totalement la r\u00e9partition traditionnelle de ses fonds entre l&rsquo;Est et le Sud.<\/font><\/span><\/div>\n<div align=\"justify\"><span lang=\"FR-CH\"><font face=\"Arial\" size=\"2\">\u00ab\u00a0Nous prenons au s\u00e9rieux le soutien aux pays qui souhaitent s&#8217;embarquer dans des r\u00e9formes d\u00e9mocratiques profondes et nous donnerons plus \u00e0 ceux qui en font plus, c&rsquo;est l\u00e0 que nous devons mettre l&rsquo;argent. Nous ne serons pas guid\u00e9s par la g\u00e9ographie\u00a0\u00bb, a insist\u00e9 le commissaire charg\u00e9 du dossier, Stefan F\u00fcle.<\/font><\/span><\/div>\n<div align=\"justify\"><span lang=\"FR-CH\"><font face=\"Arial\" size=\"2\">Cette remarque vaut pour les 1,242 milliard d&rsquo;euros d\u00e9bloqu\u00e9s mercredi dans le cadre de la r\u00e9vision de la politique de voisinage, mais pas pour les 5,7 milliards d&rsquo;euros pr\u00e9vus de longue date sur la m\u00eame p\u00e9riode, a-t-il toutefois pr\u00e9cis\u00e9.<\/font><\/span><\/div>\n<div align=\"justify\"><span lang=\"FR-CH\"><font face=\"Arial\" size=\"2\">Ces 5,7 milliards sont r\u00e9partis selon une proportion d&rsquo;un tiers en faveur des six pays du voisinage oriental (Arm\u00e9nie, Azerba\u00efdjan, B\u00e9larus, G\u00e9orgie, Moldavie, Ukraine), et de deux tiers en faveur du Sud m\u00e9diterran\u00e9en (Alg\u00e9rie, Egypte, Isra\u00ebl, Jordanie, Liban, Libye, Maroc, Syrie, Tunisie, Palestiniens).<\/font><\/span><\/div>\n<div align=\"justify\"><span lang=\"FR-CH\"><font face=\"Arial\" size=\"2\">Concernant cette r\u00e9partition, \u00ab\u00a0nous n&rsquo;avons aucune intention de proc\u00e9der \u00e0 des changements bouleversants dans la p\u00e9riode 2011-2013\u00a0\u00bb, a dit M. F\u00fcle.<\/font><\/span><\/div>\n<div align=\"justify\"><span lang=\"FR-CH\"><font face=\"Arial\" size=\"2\">Ce ratio est critiqu\u00e9, notamment par les pays m\u00e9diterran\u00e9ens, car, compte tenu de la population des pays concern\u00e9s, il \u00e9quivaut \u00e0 donner le double par habitant aux pays du voisinage oriental par rapport \u00e0 ceux des pays du Sud.<\/font><\/span><\/div>\n<div align=\"justify\"><span lang=\"FR-CH\"><font face=\"Arial\" size=\"2\">Le chef de la diplomatie de l&rsquo;UE, Catherine Ashton, a soulign\u00e9 qu&rsquo;il \u00e9tait \u00ab\u00a0extr\u00eamement important (&#8230;) de ne pas donner l&rsquo;impression que nous oublions la valeur et l&rsquo;importance du travail que nous effectuons avec nos partenaires de l&rsquo;Est\u00a0\u00bb.<\/font><\/span><\/div>\n<div align=\"justify\"><span lang=\"FR-CH\"><font face=\"Arial\" size=\"2\">Un sommet avec les pays du \u00ab\u00a0partenariat oriental\u00a0\u00bb devrait \u00eatre organis\u00e9 en septembre \u00e0 Varsovie, apr\u00e8s l&rsquo;annulation d&rsquo;un premier sommet pr\u00e9vu \u00e0 Budapest en mai.<\/font><\/span><\/div>\n<div align=\"justify\"><span lang=\"FR-CH\"><font face=\"Arial\" size=\"2\">Les 1,2 milliard d&rsquo;euros suppl\u00e9mentaires sont principalement tir\u00e9s du red\u00e9ploiement de fonds europ\u00e9ens qui n&rsquo;ont pas \u00e9t\u00e9 mis en oeuvre jusqu&rsquo;ici, ou de r\u00e9investissements suite \u00e0 d&rsquo;anciennes op\u00e9rations de la Banque europ\u00e9enne d&rsquo;investissement, a pr\u00e9cis\u00e9 la porte-parole de Stefan F\u00fcle Natasha Butler.<\/font><\/span><\/div>\n<div align=\"justify\"><span lang=\"FR-CH\"><font face=\"Arial\" size=\"2\">Le d\u00e9blocage de cet argent n&rsquo;aura \u00ab\u00a0pas de cons\u00e9quence sur l&rsquo;action humanitaire de l&rsquo;UE\u00a0\u00bb, a pr\u00e9cis\u00e9 Natasha Butler, r\u00e9pondant \u00e0 des craintes exprim\u00e9es au Parlement europ\u00e9en sur la capacit\u00e9 de r\u00e9action de l&rsquo;UE \u00e0 une catastrophe humanitaire impr\u00e9vue de grande ampleur.<\/font><\/span><\/div>\n<div align=\"justify\"><span lang=\"FR-CH\"><font face=\"Arial\" size=\"2\">Outre ce milliard d&rsquo;euros suppl\u00e9mentaire, Mme Ashton a rappel\u00e9 avoir obtenu une augmentation d&rsquo;un milliard d&rsquo;euros sur trois ans de la capacit\u00e9 de pr\u00eats de la Banque europ\u00e9enne d&rsquo;investissement (BEI), ce qui porte \u00e0 6 milliards d&rsquo;euros les sommes qu&rsquo;elles pourra pr\u00eater aux pays du Sud d&rsquo;ici 2013, avec 3 milliards pour les pays de l&rsquo;Est.<\/font><\/span><\/div>\n<div align=\"justify\"><span lang=\"FR-CH\"><font face=\"Arial\" size=\"2\">Quant \u00e0 la Banque europ\u00e9enne pour la reconstruction et le d\u00e9veloppement (BERD), elle a accept\u00e9 d&rsquo;\u00e9tendre son action progressivement aux pays du sud, et devrait \u00eatre en mesure d&rsquo;ici la fin 2013 de leur pr\u00eater 2,5 milliards d&rsquo;euros par an, a pr\u00e9cis\u00e9 Mme Ashton.<\/font><\/span><\/div>\n<div align=\"justify\"><span lang=\"FR-CH\"><font face=\"Arial\" size=\"2\">M. F\u00fcle et Mme Ashton ont pr\u00e9sent\u00e9 les grandes lignes d&rsquo;un projet de r\u00e9forme de la \u00ab\u00a0politique de voisinage\u00a0\u00bb, d\u00e9j\u00e0 d\u00e9voil\u00e9 par l&rsquo;AFP la veille, dont l&rsquo;une des grandes id\u00e9es est de conditionner plus \u00e9troitement l&rsquo;aide europ\u00e9enne \u00e0 l&rsquo;engagement des pays partenaires d&rsquo;effectuer des r\u00e9formes d\u00e9mocratiques.<\/font><\/span><\/div>\n<div align=\"justify\"><span lang=\"FR-CH\"><font face=\"Arial\" size=\"2\">Des rapports annuels \u00e9valueront ces progr\u00e8s. \u00ab\u00a0Pour les pays o\u00f9 les r\u00e9formes n&rsquo;auront pas eu lieu, l&rsquo;UE va reconsid\u00e9rer et \u00e9ventuellement r\u00e9duire ses aides\u00a0\u00bb, pr\u00e9cise le document. A l&rsquo;exception toutefois des aides en faveur de la soci\u00e9t\u00e9 civile, qui seront renforc\u00e9es quand des sanctions europ\u00e9ennes sont d\u00e9cid\u00e9es en cas de violations des droits de l&rsquo;Homme.<\/font><\/span><\/div>\n<hr\/>\n<div align=\"justify\">\u00a0<\/div>\n<div align=\"justify\">\u00a0<\/div>\n<div align=\"justify\">\u00a0<\/div>\n<div align=\"justify\"><i><u><span lang=\"FR-CH\"><font face=\"Arial\" size=\"2\">AFP, le 25 mai 2011 \u00e0 12h49 GMT<\/font><\/span><\/u><\/i><\/div>\n<div align=\"center\"><b><span lang=\"FR-CH\"><\/p>\n<h3 style=\"color: blue;\"><font face=\"Arial\" size=\"2\"><font size=\"3\">Le Sud-Africain Zuma en Libye lundi pour discuter avec Kadhafi de son d\u00e9part<\/font> <\/font><\/h3>\n<p><\/span><\/b><\/div>\n<div align=\"center\"><b><span lang=\"FR-CH\"><\/p>\n<hr\/>\n<p><\/span><\/b><\/div>\n<div align=\"justify\"><span lang=\"FR-CH\"><font face=\"Arial\" size=\"2\">PRETORIA, 25 Mai 2011 (AFP) &#8211; Le chef de l&rsquo;Etat sud-africain Jacob Zuma se rendra lundi en Libye pour discuter avec le colonel Mouammar Kadhafi d&rsquo;une strat\u00e9gie qui lui permettrait de quitter le pouvoir, a indiqu\u00e9 mercredi la pr\u00e9sidence sud-africaine.<\/font><\/span><\/div>\n<div align=\"justify\"><span lang=\"FR-CH\"><font face=\"Arial\" size=\"2\">\u00ab\u00a0Le pr\u00e9sident Zuma s&rsquo;arr\u00eatera le 30 mai \u00e0 Tripoli pour discuter avec le leader libyen Mouammar Kadhafi, en tant que membre du Panel de haut niveau de l&rsquo;Union africaine pour la r\u00e9solution du conflit libyen\u00a0\u00bb, selon un communiqu\u00e9 de ses services.<\/font><\/span><\/div>\n<div align=\"justify\"><span lang=\"FR-CH\"><font face=\"Arial\" size=\"2\">\u00ab\u00a0Le but est de discuter d&rsquo;une strat\u00e9gie de sortie pour Mouammar Kadhafi\u00a0\u00bb, a pr\u00e9cis\u00e9 \u00e0 l&rsquo;AFP une source anonyme au sein de la pr\u00e9sidence.<\/font><\/span><\/div>\n<div align=\"justify\"><span lang=\"FR-CH\"><font face=\"Arial\" size=\"2\">\u00ab\u00a0Nous travaillons avec le gouvernement turc \u00e0 ce sujet\u00a0\u00bb, a pr\u00e9cis\u00e9 une seconde source anonyme au sein de la pr\u00e9sidence.<\/font><\/span><\/div>\n<div align=\"justify\"><span lang=\"FR-CH\"><font face=\"Arial\" size=\"2\">La Turquie, seul pays musulman del&rsquo;Otan, n&rsquo;a pas encore \u00e9t\u00e9 contact\u00e9e par les Sud-Africains, a toutefois d\u00e9clar\u00e9 \u00e0 l&rsquo;AFP un responsable gouvernemental turc sous couvert d&rsquo;anonymat.<\/font><\/span><\/div>\n<div align=\"justify\"><span lang=\"FR-CH\"><font face=\"Arial\" size=\"2\">\u00ab\u00a0Pour l&rsquo;instant il n&rsquo;y a pas eu de dialogue sp\u00e9cifique\u00a0\u00bb entre Ankara et Pretoria, a indiqu\u00e9 cette source, sans exclure un contact d&rsquo;ici la visite du pr\u00e9sident sud-africain \u00e0 Tripoli.<\/font><\/span><\/div>\n<div align=\"justify\"><span lang=\"FR-CH\"><font face=\"Arial\" size=\"2\">\u00ab\u00a0Nous sommes pr\u00eats \u00e0 contribuer \u00e0 toute initiative en vue de la paix\u00a0\u00bb en Libye, a-t-elle cependant ajout\u00e9.<\/font><\/span><\/div>\n<div align=\"justify\"><span lang=\"FR-CH\"><font face=\"Arial\" size=\"2\">La Turquie, qui avait publi\u00e9 en avril une \u00ab\u00a0feuille de route\u00a0\u00bb pour guider la Libye vers des \u00e9lections libres, a appel\u00e9 le 3 mai au d\u00e9part de Mouammar Kadhafi pour mettre fin au bain de sang dans son pays.<\/font><\/span><\/div>\n<div align=\"justify\"><span lang=\"FR-CH\"><font face=\"Arial\" size=\"2\">Inspir\u00e9e des r\u00e9voltes en Tunisie et Egypte, une insurrection arm\u00e9e s&rsquo;est d\u00e9clench\u00e9e en f\u00e9vrier en Libye pour r\u00e9clamer le d\u00e9part de Mouammar Kadhafi, au pouvoir depuis 1969. Son r\u00e9gime a r\u00e9torqu\u00e9 par une r\u00e9pression f\u00e9roce.<\/font><\/span><\/div>\n<div align=\"justify\"><span lang=\"FR-CH\"><font face=\"Arial\" size=\"2\">Le 17 mars, le Conseil de s\u00e9curit\u00e9 de l&rsquo;ONU a adopt\u00e9 une r\u00e9solution qui a autoris\u00e9 l&rsquo;usage de la force pour prot\u00e9ger les civils libyens. La coalition men\u00e9e par l&rsquo;Otan a reconnu depuis vouloir pr\u00e9cipiter la chute de Mouammar Kadhafi. <\/font><\/span><\/div>\n<div align=\"justify\"><span lang=\"FR-CH\"><font face=\"Arial\" size=\"2\">L&rsquo;Afrique du Sud, membre non permanent du conseil de s\u00e9curit\u00e9, avait vot\u00e9 en faveur de la r\u00e9solution, avant de regretter la mani\u00e8re dont elle est mise en oeuvre et s&rsquo;opposer \u00ab\u00a0\u00e0 la doctrine du changement de r\u00e9gime\u00a0\u00bb.<\/font><\/span><\/div>\n<div align=\"justify\"><span lang=\"FR-CH\"><font face=\"Arial\" size=\"2\">Jacob Zuma s&rsquo;\u00e9tait d\u00e9j\u00e0 rendu \u00e0 Tripoli le 10 avril avec une d\u00e9l\u00e9gation de haut niveau de l&rsquo;Union africaine pour n\u00e9gocier une tr\u00eave entre le colonel Kadhafi et les rebelles libyens. Ces derniers ont refus\u00e9 la tr\u00eave, r\u00e9clamant avant toute chose le d\u00e9part du dirigeant libyen.<\/font><\/span><\/div>\n<div align=\"justify\"><span lang=\"FR-CH\"><font face=\"Arial\" size=\"2\">La nouvelle initiative diplomatique de Pretoria intervient alors que l&rsquo;Otan a intensifi\u00e9 ses bombardements sur Tripoli dans le but de porter le coup d\u00e9cisif au r\u00e9gime.<\/font><\/span><\/div>\n<hr\/>\n<div align=\"justify\">\u00a0<\/div>\n<div align=\"justify\">\u00a0<\/div>\n<div align=\"justify\">\u00a0<\/div>\n<div align=\"justify\"><i><u><span lang=\"FR-CH\"><font face=\"Arial\" size=\"2\">AFP, le 25 mai 2011 \u00e0 12h12 GMT<\/font><\/span><\/u><\/i><\/div>\n<div align=\"center\"><b><span lang=\"FR-CH\"><\/p>\n<h3 style=\"color: blue;\"><font face=\"Arial\">Le proc\u00e8s de Moubarak, un d\u00e9fi de taille pour la justice \u00e9gyptienne<\/font><\/h3>\n<p><\/span><\/b><\/div>\n<div align=\"center\"><b><span lang=\"FR-CH\"><\/p>\n<hr\/>\n<p><\/span><\/b><\/div>\n<div align=\"justify\"><span lang=\"FR-CH\"><font face=\"Arial\" size=\"2\">Par Samer AL-ATRUSH<\/font><\/span><\/div>\n<div align=\"justify\"><span lang=\"FR-CH\"><font face=\"Arial\" size=\"2\">LE CAIRE, 25 Mai 2011 (AFP) &#8211; L&rsquo;organisation d&rsquo;un proc\u00e8s ouvert et cr\u00e9dible pour l&rsquo;ex-pr\u00e9sident Hosni Moubarak, qui a dirig\u00e9 l&rsquo;Egypte sans partage pendant trois d\u00e9cennies, pose des d\u00e9fis consid\u00e9rables \u00e0 la justice dans un pays travers\u00e9 de tensions et dirig\u00e9 par l&rsquo;arm\u00e9e, soulignent magistrats et juristes.<\/font><\/span><\/div>\n<div align=\"justify\"><span lang=\"FR-CH\"><font face=\"Arial\" size=\"2\">\u00ab\u00a0Ce proc\u00e8s d&rsquo;un ancien pr\u00e9sident sera le premier du genre en Egypte, et c&rsquo;est une source d&rsquo;appr\u00e9hension. Peut-il \u00eatre juste? Ce sera assur\u00e9ment un test\u00a0\u00bb, estime Ahmed Mekki, vice-pr\u00e9sident de la Cour d&rsquo;appel du Caire.<\/font><\/span><\/div>\n<div align=\"justify\"><span lang=\"FR-CH\"><font face=\"Arial\" size=\"2\">Depuis l&rsquo;ouverture d&rsquo;une enqu\u00eate contre lui, puis sa mise en d\u00e9tention pr\u00e9ventive mi-avril, le sort de l&rsquo;ancien pr\u00e9sident a donn\u00e9 le sentiment de fluctuer au gr\u00e9 de rapports de force entre le pouvoir et l&rsquo;opinion.<\/font><\/span><\/div>\n<div align=\"justify\"><span lang=\"FR-CH\"><font face=\"Arial\" size=\"2\">Malgr\u00e9 l&rsquo;annonce mardi qu&rsquo;il allait \u00eatre d\u00e9f\u00e9r\u00e9, ainsi que ses fils Alaa et Gamal, devant une cour criminelle, certains pensent que la mobilisation populaire doit rester forte pour \u00e9viter toute tentation d&rsquo;escamoter le proc\u00e8s.<\/font><\/span><\/div>\n<div align=\"justify\"><span lang=\"FR-CH\"><font face=\"Arial\" size=\"2\">\u00ab\u00a0Le probl\u00e8me, c&rsquo;est que dans cette affaire la justice n&rsquo;avance pas gr\u00e2ce \u00e0 la loi, mais en raison de la pression populaire\u00a0\u00bb, affirme Gamal Eid, un avocat sp\u00e9cialis\u00e9 dans la d\u00e9fense des droits fondamentaux.<\/font><\/span><\/div>\n<div align=\"justify\"><span lang=\"FR-CH\"><font face=\"Arial\" size=\"2\">\u00ab\u00a0Cela renforce le sentiment que si les gens ne restent pas en alerte, il n&rsquo;y aura pas de justice\u00a0\u00bb, ajoute M. Eid.<\/font><\/span><\/div>\n<div align=\"justify\"><span lang=\"FR-CH\"><font face=\"Arial\" size=\"2\">L&rsquo;annonce d&rsquo;un futur proc\u00e8s survient dans un climat politique domin\u00e9 par des appels \u00e0 une grande manifestation vendredi place Tahrir au Caire pour que soient jug\u00e9s \u00ab\u00a0les symboles de l&rsquo;ancien r\u00e9gime\u00a0\u00bb, en premier lieu M. Moubarak, lui m\u00eame issu de l&rsquo;arm\u00e9e.<\/font><\/span><\/div>\n<div align=\"justify\"><span lang=\"FR-CH\"><font face=\"Arial\" size=\"2\">La participation \u00e0 cette manifestation pourrait permettre de mesurer le degr\u00e9 de mobilisation sur ce sujet, et voir si l&rsquo;annonce d&rsquo;un proc\u00e8s de l&rsquo;ancien ra\u00efs a permis ou non de calmer les esprits.<\/font><\/span><\/div>\n<div align=\"justify\"><span lang=\"FR-CH\"><font face=\"Arial\" size=\"2\">M. Moubarak et ses fils sont accus\u00e9s d&rsquo;enrichissement illicite, et mis en cause dans les violences contre les manifestations anti-r\u00e9gime de janvier et f\u00e9vrier, qui ont fait officiellement plus de 800 morts.<\/font><\/span><\/div>\n<div align=\"justify\"><span lang=\"FR-CH\"><font face=\"Arial\" size=\"2\">La date de l&rsquo;ouverture de leur proc\u00e8s n&rsquo;a pas encore \u00e9t\u00e9 annonc\u00e9e, et le lieu fait aussi l&rsquo;objet de sp\u00e9culations.<\/font><\/span><\/div>\n<div align=\"justify\"><span lang=\"FR-CH\"><font face=\"Arial\" size=\"2\">Selon l&rsquo;agence officielle Mena, il devrait se tenir au Caire, mais la cour pourrait aussi se d\u00e9placer \u00e0 Charm el-Cheikh, sur la mer Rouge, o\u00f9 M. Moubarak, 83 ans, est plac\u00e9 en d\u00e9tention pr\u00e9ventive dans un h\u00f4pital o\u00f9 il est soign\u00e9 \u00e0 la suite d&rsquo;un malaise cardiaque.<\/font><\/span><\/div>\n<div align=\"justify\"><span lang=\"FR-CH\"><font face=\"Arial\" size=\"2\">Pour Ahmed Mekki, un tel d\u00e9placement du tribunal serait sans pr\u00e9c\u00e9dent, mais \u00ab\u00a0cela reste permis par la loi, par exemple pour des raisons de s\u00e9curit\u00e9\u00a0\u00bb.<\/font><\/span><\/div>\n<div align=\"justify\"><span lang=\"FR-CH\"><font face=\"Arial\" size=\"2\">\u00ab\u00a0On va peut-\u00eatre dire que M. Moubarak doit \u00eatre jug\u00e9, mais seulement quand sa sant\u00e9 le permettra\u00a0\u00bb, s&rsquo;inqui\u00e8te pour sa part Gamal Eid.<\/font><\/span><\/div>\n<div align=\"justify\"><span lang=\"FR-CH\"><font face=\"Arial\" size=\"2\">La justice \u00e9gyptienne, \u00e0 l&rsquo;inverse de la police, a plut\u00f4t bien travers\u00e9 la p\u00e9riode du renversement de r\u00e9gime et des purges du d\u00e9but de l&rsquo;ann\u00e9e, et a conserv\u00e9 une certaine estime parmi la population.<\/font><\/span><\/div>\n<div align=\"justify\"><span lang=\"FR-CH\"><font face=\"Arial\" size=\"2\">Mais elle a aussi ses d\u00e9tracteurs qui mettent en avant les jugements s\u00e9v\u00e8res prononc\u00e9s contre des opposants au r\u00e9gime, et son r\u00f4le de maillon dans un appareil autoritaire autrefois d\u00e9vou\u00e9 au ra\u00efs.<\/font><\/span><\/div>\n<div align=\"justify\"><span lang=\"FR-CH\"><font face=\"Arial\" size=\"2\">La justice \u00e9gyptienne n&rsquo;a \u00e9galement jamais \u00e9t\u00e9 confront\u00e9e dans son histoire \u00e0 la perspective d&rsquo;un proc\u00e8s d&rsquo;une telle ampleur, au cours duquel trente ans de pouvoir absolu pourraient \u00eatre diss\u00e9qu\u00e9s.<\/font><\/span><\/div>\n<div align=\"justify\"><span lang=\"FR-CH\"><font face=\"Arial\" size=\"2\">Pour Mahmoud el-Khodeiry, un haut magistrat r\u00e9put\u00e9 r\u00e9formateur, le caract\u00e8re historique de ce proc\u00e8s tout comme les tensions auxquelles il risque de donner lieu plaident pour qu&rsquo;il soit film\u00e9 et retransmis.<\/font><\/span><\/div>\n<div align=\"justify\"><span lang=\"FR-CH\"><font face=\"Arial\" size=\"2\">\u00ab\u00a0Il est n\u00e9cessaire qu&rsquo;il soit diffus\u00e9, parce que s&rsquo;il reste secret, la population ne croira pas \u00e0 l&rsquo;int\u00e9grit\u00e9 de la proc\u00e9dure\u00a0\u00bb, souligne-t-il.<\/font><\/span><\/div>\n<div align=\"justify\"><span lang=\"FR-CH\"><font face=\"Arial\" size=\"2\">Selon M. el-Khodeiry, le proc\u00e8s pourrait durer un an, \u00ab\u00a0mais ce qui compte ce n&rsquo;est pas le temps, c&rsquo;est que les gens voient que la proc\u00e9dure est irr\u00e9prochable\u00a0\u00bb.<\/font><\/span><\/div>\n<div align=\"justify\">\u00a0<\/div>\n<div align=\"justify\">\u00a0<\/div>\n<div align=\"justify\">\u00a0<\/div>\n<div align=\"justify\">\u00a0<\/div>\n<div align=\"justify\"><span lang=\"DE-CH\"><font face=\"Arial\" size=\"2\">AFP 164959 GMT Mar 24<\/font><\/span><\/div>\n<hr\/>\n<div align=\"justify\">\u00a0<\/div>\n<div align=\"justify\"><i><u><span lang=\"FR-CH\"><font face=\"Arial\" size=\"2\">AFP, le 25 mai 2011 \u00e0 09h52 GMT<\/font><\/span><\/u><\/i><\/div>\n<div align=\"center\"><b><span lang=\"FR-CH\"><\/p>\n<h3 style=\"color: blue;\"><font face=\"Arial\">\u00ab\u00a0Ce n&rsquo;est que justice\u00a0\u00bb: des Egyptiens se r\u00e9jouissent du proc\u00e8s de Moubarak<\/font><\/h3>\n<p><\/span><\/b><\/div>\n<div align=\"center\"><b><span lang=\"FR-CH\"><\/p>\n<hr\/>\n<p><\/span><\/b><\/div>\n<div align=\"justify\"><span lang=\"FR-CH\"><font face=\"Arial\" size=\"2\">Par In\u00e8s BEL A\u00efBA<\/font><\/span><\/div>\n<div align=\"justify\"><span lang=\"FR-CH\"><font face=\"Arial\" size=\"2\">LE CAIRE, 25 Mai 2011 (AFP) &#8211; \u00ab\u00a0Ce n&rsquo;est que justice\u00a0\u00bb: de nombreux Egyptiens se r\u00e9jouissent de l&rsquo;annonce d&rsquo;un futur proc\u00e8s de l&rsquo;ex-pr\u00e9sident Hosni Moubarak, renvers\u00e9 par un soul\u00e8vement populaire il y a un peu plus de trois mois, mais certains regrettent de voir l&rsquo;ancien homme fort du pays \u00ab\u00a0humili\u00e9\u00a0\u00bb.<\/font><\/span><\/div>\n<div align=\"justify\"><span lang=\"FR-CH\"><font face=\"Arial\" size=\"2\">\u00ab\u00a0Je suis tr\u00e8s heureux de cette nouvelle. D&rsquo;abord, c&rsquo;est une le\u00e7on pour ceux qui viendront apr\u00e8s lui: +le pays ne vous appartient pas, vous ne pouvez pas en faire ce que vous voulez impun\u00e9ment+\u00a0\u00bb, affirme Mohammed Gouda, un employ\u00e9 de 31 ans qui n&rsquo;a connu que Hosni Moubarak, 83 ans dont trois d\u00e9cennies au pouvoir.<\/font><\/span><\/div>\n<div align=\"justify\"><span lang=\"FR-CH\"><font face=\"Arial\" size=\"2\">\u00ab\u00a0Ensuite, il a beau \u00eatre vieux, c&rsquo;est un voleur. Toute ma vie, je n&rsquo;ai connu que les pots-de-vin et le piston\u00a0\u00bb, poursuit-il.<\/font><\/span><\/div>\n<div align=\"justify\"><span lang=\"FR-CH\"><font face=\"Arial\" size=\"2\">La lutte contre la corruption, end\u00e9mique en Egypte, \u00e9tait et reste l&rsquo;une des principales exigences des militants qui ont lanc\u00e9 la r\u00e9volte le 25 janvier, contraignant Hosni Moubarak \u00e0 d\u00e9missionner le 11 f\u00e9vrier.<\/font><\/span><\/div>\n<div align=\"justify\"><span lang=\"FR-CH\"><font face=\"Arial\" size=\"2\">Le Parquet \u00e9gyptien a annonc\u00e9 que l&rsquo;ancien pr\u00e9sident et ses deux fils, Alaa et Gamal, accus\u00e9s de s&rsquo;\u00eatre ill\u00e9galement enrichis et d&rsquo;\u00eatre responsables de la mort de manifestants pendant la r\u00e9volte, allaient \u00eatre jug\u00e9s, une premi\u00e8re en Egypte.<\/font><\/span><\/div>\n<div align=\"justify\"><span lang=\"FR-CH\"><font face=\"Arial\" size=\"2\">M. Moubarak se trouve actuellement \u00e0 l&rsquo;h\u00f4pital de Charm el-Cheikh, o\u00f9 il a \u00e9t\u00e9 admis le 13 avril apr\u00e8s un malaise cardiaque pendant un interrogatoire.<\/font><\/span><\/div>\n<div align=\"justify\"><span lang=\"FR-CH\"><font face=\"Arial\" size=\"2\">\u00ab\u00a0Il est malade, et alors? Nous aussi on est malades, psychologiquement, de ce qu&rsquo;il a fait pendant 30 ans\u00a0\u00bb, lance Neamat Salaheddine, une photographe qui arbore un badge avec l&rsquo;inscription \u00ab\u00a0Egyptiens contre la corruption\u00a0\u00bb.<\/font><\/span><\/div>\n<div align=\"justify\"><span lang=\"FR-CH\"><font face=\"Arial\" size=\"2\">\u00ab\u00a0Ce n&rsquo;est que justice. Il doit rendre des comptes et \u00eatre puni comme le pr\u00e9voit la loi pour n&rsquo;importe quel Egyptien. Malade ou pas, ce qu&rsquo;il a fait au peuple, ce n&rsquo;\u00e9tait pas rien\u00a0\u00bb, estime Mohammed Fawzi, 25 ans, un vendeur de fruits.<\/font><\/span><\/div>\n<div align=\"justify\"><span lang=\"FR-CH\"><font face=\"Arial\" size=\"2\">Beaucoup disent leur profonde rancoeur envers l&rsquo;ex-pr\u00e9sident et ses fils, d\u00e9crits comme \u00ab\u00a0arrogants\u00a0\u00bb et \u00ab\u00a0compl\u00e8tement coup\u00e9s du peuple\u00a0\u00bb, en d\u00e9non\u00e7ant la pauvret\u00e9 dans laquelle vivent des millions d&rsquo;Egyptiens et la tr\u00e8s in\u00e9gale r\u00e9partition des richesses du pays.<\/font><\/span><\/div>\n<div align=\"justify\"><span lang=\"FR-CH\"><font face=\"Arial\" size=\"2\">\u00ab\u00a0S&rsquo;il doit \u00eatre ex\u00e9cut\u00e9, eh bien qu&rsquo;il le soit. La loi et la justice doivent \u00eatre les m\u00eames pour tous\u00a0\u00bb, soutient Ahmed al-Sayyed, le visage ferm\u00e9. M. Moubarak risque la peine de mort s&rsquo;il est reconnu coupable.<\/font><\/span><\/div>\n<div align=\"justify\"><span lang=\"FR-CH\"><font face=\"Arial\" size=\"2\">Dalia Fawzi et Aya Magdi, fonctionnaires de 24 et 22 ans, se disent \u00ab\u00a0ravies\u00a0\u00bb qu&rsquo;il soit jug\u00e9. Mais leur avis n&rsquo;a pas toujours \u00e9t\u00e9 aussi tranch\u00e9: apr\u00e8s le discours qu&rsquo;il a adress\u00e9 \u00e0 la nation le 10 f\u00e9vrier, dans lequel, visiblement affect\u00e9, il disait vouloir mourir en Egypte et avoir fait de son mieux pour servir le pays, leur coeur avait flanch\u00e9.<\/font><\/span><\/div>\n<div align=\"justify\"><span lang=\"FR-CH\"><font face=\"Arial\" size=\"2\">\u00ab\u00a0Il s&rsquo;\u00e9tait montr\u00e9 intelligent et avait su utiliser des expressions qui nous sont all\u00e9es droit au coeur\u00a0\u00bb, explique Aya.<\/font><\/span><\/div>\n<div align=\"justify\"><span lang=\"FR-CH\"><font face=\"Arial\" size=\"2\">\u00ab\u00a0Mais depuis, on a su la v\u00e9rit\u00e9. En fait, il a d\u00e9truit le pays, nos voix et nos r\u00eaves. C&rsquo;est \u00e0 cause de lui qu&rsquo;on est sous-d\u00e9velopp\u00e9s\u00a0\u00bb, affirme Dalia.<\/font><\/span><\/div>\n<div align=\"justify\"><span lang=\"FR-CH\"><font face=\"Arial\" size=\"2\">Malgr\u00e9 tout, certains se disent pein\u00e9s de la d\u00e9ch\u00e9ance de l&rsquo;ancien chef d&rsquo;Etat.<\/font><\/span><\/div>\n<div align=\"justify\"><span lang=\"FR-CH\"><font face=\"Arial\" size=\"2\">\u00ab\u00a0C&rsquo;est une telle humiliation pour lui. C&rsquo;est un vieil homme, tout de m\u00eame\u00a0\u00bb, regrette Sally Ahmed, une lyc\u00e9enne de 17 ans.<\/font><\/span><\/div>\n<div align=\"justify\"><span lang=\"FR-CH\"><font face=\"Arial\" size=\"2\">\u00ab\u00a0Qu&rsquo;il rende l&rsquo;argent, apr\u00e8s il peut \u00eatre lib\u00e9r\u00e9. Qu&rsquo;est-ce que \u00e7a va faire aux familles des martyrs s&rsquo;il va en prison?\u00a0\u00bb, demande Ahmed Mohammed, un \u00e9lectricien, oppos\u00e9 \u00e0 \u00ab\u00a0l&rsquo;affront\u00a0\u00bb que serait le proc\u00e8s pour M. Moubarak.<\/font><\/span><\/div>\n<div align=\"justify\"><span lang=\"FR-CH\"><font face=\"Arial\" size=\"2\">Selon un bilan officiel, 846 personnes ont \u00e9t\u00e9 tu\u00e9es et plusieurs milliers bless\u00e9es pendant la r\u00e9volte. La date du proc\u00e8s pourrait \u00eatre fix\u00e9e dans les prochains jours.<\/font><\/span><\/div>\n<hr\/>\n<div align=\"justify\">\u00a0<\/div>\n<div align=\"justify\" dir=\"rtl\">\u00a0<\/div>\n<div align=\"justify\" dir=\"rtl\">\u00a0<\/div>\n<div align=\"justify\"><i><u><span lang=\"FR-CH\"><font face=\"Arial\" size=\"2\">AFP, le 25 mai 2011 \u00e0 10h53 GMT<\/font><\/span><\/u><\/i><\/div>\n<div align=\"center\"><b><span lang=\"FR-CH\"><\/p>\n<h3 style=\"color: blue;\"><font face=\"Arial\">Alg\u00e9rie:les autorit\u00e9s ordonnent la fermeture de sept \u00e9glises \u00ab\u00a0non conformes\u00a0\u00bb (pasteur)<\/font><\/h3>\n<p><\/span><\/b><\/div>\n<div align=\"center\"><b><span lang=\"FR-CH\"><\/p>\n<hr\/>\n<p><\/span><\/b><\/div>\n<div align=\"justify\">\u00a0<\/div>\n<div align=\"justify\"><span lang=\"FR-CH\"><font face=\"Arial\" size=\"2\">ALGER, 24 Mar 2008 (AFP) &#8211; Les autorit\u00e9s alg\u00e9riennes ont ordonn\u00e9 la fermeture de sept temples protestants, dans la r\u00e9gion de Bejaia, en Kabylie (est), car ils ne r\u00e9pondent pas aux conditions fix\u00e9es par la loi sur l&rsquo;exercice d&rsquo;un culte dans ce pays, a indiqu\u00e9 mercredi \u00e0 l&rsquo;AFP le chef de l&rsquo;Eglise protestante d&rsquo;Alg\u00e9rie.<\/font><\/span><\/div>\n<div align=\"justify\"><span lang=\"FR-CH\"><font face=\"Arial\" size=\"2\">\u00ab\u00a0Nous avons re\u00e7u le 8 mai une notification du wali (pr\u00e9fet) de Bejaia nous demandant de fermer les sept \u00e9glises situ\u00e9s dans la r\u00e9gion\u00a0\u00bb, a d\u00e9clar\u00e9<span> <\/span>le pasteur, Mustapha Krim Krim.<\/font><\/span><\/div>\n<div align=\"justify\"><span lang=\"FR-CH\"><font face=\"Arial\" size=\"2\">\u00ab\u00a0Aucun motif ne nous \u00e9t\u00e9 donn\u00e9. Mais il semble que cette d\u00e9cision a \u00e9t\u00e9 prise dans le cadre de loi de f\u00e9vrier 2006\u00a0\u00bb exigeant une autorisation pr\u00e9fectorale pour l&rsquo;exercise du culte des non-musulmans, a-t-il ajout\u00e9.<\/font><\/span><\/div>\n<div align=\"justify\"><span lang=\"FR-CH\"><font face=\"Arial\" size=\"2\">\u00ab\u00a0Nous poursuivrons nos activit\u00e9s car nos \u00e9glises existent bien avant cette loi. Nous avons entrepris des d\u00e9marches aupr\u00e8s des autorit\u00e9s pour nos conformer \u00e0 cette loi mais nous nous heurtons \u00e0 des blocages\u00a0\u00bb, a pr\u00e9cis\u00e9 le pr\u00e9sident de l&rsquo;EPA.<\/font><\/span><\/div>\n<div align=\"justify\"><span lang=\"FR-CH\"><font face=\"Arial\" size=\"2\">L&rsquo;exercice d&rsquo;un culte, musulman on non musulman, est conditionn\u00e9 en Alg\u00e9rie \u00e0 l&rsquo;obtention d&rsquo;un agr\u00e9ment fixant le lieu du culte et d&rsquo;un autre pour le pr\u00e9dicateur, selon une loi promulgu\u00e9e en f\u00e9vrier 2006.<\/font><\/span><\/div>\n<div align=\"justify\"><span lang=\"FR-CH\"><font face=\"Arial\" size=\"2\">L&rsquo;exercice du culte non-musulman est reconnu par la Constitution alg\u00e9rienne qui reconna\u00eet \u00e9galement la libert\u00e9 de conscience.<\/font><\/span><\/div>\n<div align=\"justify\"><span lang=\"FR-CH\"><font face=\"Arial\" size=\"2\">\u00ab\u00a0Nous ne sommes pas contre l&rsquo;exercice des cultes autres que musulmans. Nous n&rsquo;avons fait qu&rsquo;inviter les religieuses autres que musulmanes \u00e0 respecter la loi\u00a0\u00bb a expliqu\u00e9 le wali de Bejaia Hammou Touhami, cit\u00e9 par le quotidien francophone El Watan de mercredi.<\/font><\/span><\/div>\n<div align=\"justify\"><span lang=\"FR-CH\"><font face=\"Arial\" size=\"2\">\u00ab\u00a0Nous leur demandons de se conformer \u00e0 la loi. Certains exercent leurs cultes dans des garages\u00a0\u00bb, a dit le pr\u00e9fet.<\/font><\/span><\/div>\n<div align=\"justify\"><span lang=\"FR-CH\"><font face=\"Arial\" size=\"2\">L&rsquo;\u00e9glise \u00e9vang\u00e9liste progresse en Alg\u00e9rie, notamment en Kabylie, et ses fid\u00e8les atteindraient selon Mustapha Krim, quelque 30.000 fid\u00e8les.<\/font><\/span><\/div>\n<div align=\"justify\"><span lang=\"FR-CH\"><font face=\"Arial\" size=\"2\">Des dignitaires religieux alg\u00e9riens avaient d\u00e9nonc\u00e9 \u00e0 maintes reprises des activit\u00e9s \u00e9vang\u00e9liques clandestines contre l&rsquo;islam, religion d&rsquo;Etat et religion de la majorit\u00e9 des Alg\u00e9riens.<\/font><\/span><\/div>\n<hr\/>\n<div align=\"center\"><strong><font face=\"Times New Roman\" size=\"5\"><\/p>\n<h3 style=\"color: blue;\"><font face=\"Arial\" size=\"3\">Les \u00e9lections en Tunisie confirm\u00e9es au 24 juillet<\/font><\/h3>\n<p> <\/font><\/strong><\/div>\n<div align=\"center\">\n<hr\/>\n<\/div>\n<p align=\"justify\"><font face=\"Arial\" size=\"2\">L e verdict du gouvernement tunisien transitoire est tomb\u00e9 mardi midi : les \u00e9lections pour une assembl\u00e9e constituante, pr\u00e9vues le 24 juillet, auront bien lieu \u00e0 la date pr\u00e9vue et il s\u2019agit en fait\u2026 d\u2019une surprise. La plupart des observateurs pensaient en effet qu\u2019un report serait d\u00e9cid\u00e9 par le gouvernement, surtout apr\u00e8s l\u2019avis rendu ce lundi par le pr\u00e9sident de la toute nouvelle \u00ab Haute instance ind\u00e9pendante pour les \u00e9lections \u00bb, Kamel Jendoubi, qui avait convoqu\u00e9 la presse \u00e0 Tunis pour expliquer pourquoi il recommandait avec beaucoup de conviction le report des \u00e9lections au 16 octobre.<\/font><\/p>\n<p align=\"justify\"><font face=\"Arial\" size=\"2\">Toute la Tunisie \u00e9tait suspendue \u00e0 la d\u00e9cision du gouvernement. Chacun avait son avis, souvent tranch\u00e9. Plusieurs partis politiques avaient indiqu\u00e9 qu\u2019ils insistaient pour le maintien du scrutin \u00e0 la date pr\u00e9vue en juillet. Ainsi en \u00e9tait-il des islamistes d\u2019Ennahda, mais aussi des la\u00efques du Congr\u00e8s pour la r\u00e9publique, de Moncef Marzouki, ou du Parti d\u00e9mocratique progressiste, de Nejib Chebbi.<\/font><\/p>\n<p align=\"justify\"><font face=\"Arial\" size=\"2\">Ils ne manquaient pas d\u2019arguments. <i>\u00ab La prolongation de la p\u00e9riode transitoire aurait des impacts sur les domaines \u00e9conomique, social et s\u00e9curitaire,<\/i> affirmait par exemple lundi \u00e0 l\u2019AFP Ali Laraydh, le porte-parole d\u2019Ennahda, un mouvement durement r\u00e9prim\u00e9 par le r\u00e9gime Ben Ali mais devenu la formation favorite pour arriver largement en t\u00eate aux \u00e9lections, selon des sondages.<i> Mais certains veulent ce report pour des consid\u00e9rations purement politiques voulant gagner encore du temps. \u00bb<\/i><\/font><\/p>\n<p align=\"justify\"><font face=\"Arial\" size=\"2\">Contact\u00e9 \u00e0 Tunis, Mokhtar Trifi, pr\u00e9sident de la Ligue tunisienne des droits de l\u2019homme, une instance qui revit depuis la fuite du tyran le 16 janvier, nous a confi\u00e9 sa <i>\u00ab perplexit\u00e9 \u00bb<\/i> : <i>\u00ab Comment va-t-on organiser ces \u00e9lections ? Je m\u2019en r\u00e9f\u00e8re aux arguments logistiques, techniques, donn\u00e9s par Kamel Jendoubi \u00e0 propos des listes d\u2019\u00e9lecteurs qui ne sont pas \u00e0 jour, du personnel \u00e0 former (1), etc. A des \u00e9lections b\u00e2cl\u00e9es j\u2019aurais pr\u00e9f\u00e9r\u00e9 un scrutin report\u00e9 mais d\u00e9mocratique, loyal et transparent \u00bb<\/i>.<\/font><\/p>\n<p align=\"justify\"><font face=\"Arial\" size=\"2\">Un avis que nous confirme avec vigueur Neji Baccouche, professeur de droit \u00e0 l\u2019Universit\u00e9 de Sfax : <i>\u00ab M\u00eame le d\u00e9lai du 16 octobre propos\u00e9 par Kamel Jendoubi e\u00fbt \u00e9t\u00e9 difficile \u00e0 tenir. Tout reste \u00e0 faire et il faut trouver les dizaines de milliers de personnes comp\u00e9tentes et neutres pour tenir les bureaux de vote, rafra\u00eechir les listes d\u2019\u00e9lecteurs dont on sait dans quelles conditions elles avaient \u00e9t\u00e9 mises sur pied par le r\u00e9gime d\u00e9funt. J\u2019estime que le gouvernement prend un grand risque, je dirais m\u00eame qu\u2019il s\u2019agit d\u2019une mission impossible ! \u00bb<\/i>.<\/font><\/p>\n<p align=\"justify\"><font face=\"Arial\" size=\"2\">Ces avis pessimistes n\u2019impressionnent pas les tenants d\u2019un scrutin en juillet. Parmi eux, Mokhtar Yahyaoui, un juge r\u00e9voqu\u00e9 de la magistrature tunisienne en 2004 par le r\u00e9gime Ben Ali pour avoir os\u00e9 r\u00e9clamer publiquement l\u2019ind\u00e9pendance de la justice. <i>\u00ab Dans le climat actuel de m\u00e9contentement g\u00e9n\u00e9ral, il n\u2019est pas question de remettre le scrutin,<\/i> nous dit celui qui sera d\u2019ailleurs candidat sur une liste ind\u00e9pendante. <i>Cette requ\u00eate du pr\u00e9sident de la Haute instance ind\u00e9pendante pour les \u00e9lections me para\u00eet inspir\u00e9e par une certaine gauche. La Tunisie dispose d\u2019assez de cadres dipl\u00f4m\u00e9s au ch\u00f4mage, d\u2019avocats et de juges comp\u00e9tents pour mener cette t\u00e2che \u00e0 bien. Pour un premier essai, ce ne sera peut-\u00eatre pas parfait, on fera de notre mieux mais tout serait remis en question en cas de report. \u00bb<\/i><\/font><\/p>\n<p align=\"justify\"><font face=\"Arial\" size=\"2\">Il est vrai que de nombreux Tunisiens, singuli\u00e8rement parmi la jeunesse qui a port\u00e9 la r\u00e9volution de l\u2019hiver dernier, se m\u00e9fient beaucoup du gouvernement de transition dirig\u00e9 par le v\u00e9t\u00e9ran Beji Ca\u00efd <span>Essebsi<\/span>, soup\u00e7onn\u00e9 de vouloir garder un pouvoir qu\u2019il d\u00e9tient sans disposer de l\u00e9gitimit\u00e9 populaire.<\/font><\/p>\n<p align=\"justify\"><font face=\"Arial\" size=\"2\">Il reste \u00e0 voir si les seize membres de la Haute instance ind\u00e9pendante pour les \u00e9lections, qui se r\u00e9unissaient hier soir, voudront mener leur mission \u00e0 bien alors que leur recommandation de report a \u00e9t\u00e9 ignor\u00e9e par <strong><font>les autorit\u00e9s. BAUDOUIN LOOS<\/font><\/strong><\/font><\/p>\n<p align=\"justify\"><font face=\"Arial\" size=\"2\">(1) Il faut notamment 1.500 centres d\u2019inscription, 8.000 bureaux de vote, 40.000 agents scrutateurs, etc.<\/font><\/p>\n<p align=\"justify\"><font face=\"Arial\" size=\"2\"><strong>(Source: \u201cLe Soir\u201d (Quotidien \u2013 Belgique) le25 mai 2011)<\/strong><\/font><\/p>\n<p align=\"justify\">\u00a0<\/p>\n<div>\n<hr\/>\n<\/div>\n<p align=\"center\"><b><span lang=\"FR\"><\/p>\n<h3 style=\"color: blue;\"><font face=\"Arial\">Gouvernement Provisoire tunisien: o\u00f9 est notre droit de savoir<\/font><\/h3>\n<p> <\/span><\/b><\/p>\n<hr\/>\n<p><\/font><\/font><\/p>\n<p><\/span>\u00a0<\/p>\n<p align=\"justify\"><span lang=\"FR\"><font face=\"Arial\"><font>Par <\/font><strong><span><font>Dr Farouk Ben Ammar<\/font><\/span><\/strong><\/font><\/span><\/p>\n<p align=\"justify\"><span lang=\"FR\"><font face=\"Arial\">Le 14 Janvier 2011, la Tunisie basculait de l&rsquo;actualit\u00e9 \u00e0 l&rsquo;histoire : Ben Ali a pris la poudre d\u2019escampette et le vocable \u00abd\u00e9gage\u00bb est l\u00e9gion : dans les municipalit\u00e9s, les si\u00e8ges des gouvernorats, les minist\u00e8res, les institutions publiques et m\u00eame dans les institutions priv\u00e9es parfois (tellement le peuple n\u2019en saisissait pas le vrai sens), etc.\u2026  Il s\u2019ensuit une hyperm\u00e9diatisation du clan de Ben Ali et de sa p\u00e8gre, de ses faits et m\u00e9faits qui a abouti \u00e0 la banalisation de leurs crimes et rendu les poursuites \u00e0 leur encontre au bas des priorit\u00e9s, tellement de personnes \u00e9taient impliqu\u00e9es, \u00e0 part le proc\u00e8s tumultueux d\u2019un des leurs pour apaiser la population, calmer la rue et museler la presse \u00e0 sensations !  Dans la m\u00eal\u00e9e, des remaniements \u00e0 la diable ont \u00e9t\u00e9 men\u00e9s suite aux revendications des contestataires de la Kasbah pour former un gouvernement dit \u00abprovisoire\u00bb constitu\u00e9 de \u00abtechnocrates\u00bb auxquels incombe la mission d\u2019assurer la continuit\u00e9 des services administratifs, r\u00e9tablir l&rsquo;ordre dans la rue, assurer la s\u00e9curit\u00e9 des citoyens et des institutions, tout en adh\u00e9rant \u00e0 l&rsquo;enthousiasme pour la r\u00e9volution qui vient de d\u00e9tr\u00f4ner un r\u00e9gime despotique et kleptocrate.  Ces technocrates providentiels \u00e0 qui le pouvoir a \u00e9chu sans qu&rsquo;ils en comprennent les rouages, pouvaient, \u00e0 leur insu, \u00eatre ais\u00e9ment manipul\u00e9s par les caciques de l\u2019ancien r\u00e9gime qui feraient feu de tout bois afin de conserver leurs privil\u00e8ges et ne pas \u00eatre inqui\u00e9t\u00e9s par la myriade de commissions ad hoc, qui devaient prot\u00e9ger et consolider les acquis, encore incertains, de la r\u00e9volution, et se prononcer, avec force loi, sur les abus de la fratrie \u00e9largie du r\u00e9gime d\u00e9chu qui, sans vergogne, a d\u00e9pouill\u00e9 le pays et cannibalis\u00e9 son patrimoine et ses richesses.  Le premier ministre et le pr\u00e9sident provisoires, dont la marge de man\u0153uvre r\u00e9tr\u00e9cissait comme une peau de chagrin, c\u00e9dant sous la pression montante de la rue tout en m\u00e9nageant ses susceptibilit\u00e9s, ont nomm\u00e9 des ministres, d\u2019illustres inconnus, disposants pr\u00e9tendument d\u2019une longue exp\u00e9rience dans la gestion !!!   Nul en \u00e9tait le besoin, il fallait s\u2019inspirer de l\u2019exp\u00e9rience de 1954, plus pr\u00e9cis\u00e9ment le 15 Juillet lors de la grande crise du gouvernement autonome tunisien, des personnalit\u00e9s connues pour leur probit\u00e9 et attachement aux valeurs de la r\u00e9publique ont \u00e9t\u00e9 choisis parmi les cadres des minist\u00e8res afin d\u2019assurer l\u2019int\u00e9rim administratif de leurs propres d\u00e9partements ! Je citerais : M. Ali Ben Abdallah (Minist\u00e8re du commerce), M. Hachemi Sebai (Minist\u00e8re de l\u2019Agriculture), M. Mohammed Ben Ammar (Minist\u00e8re de la Justice), etc.   Quelle brochette d\u2019\u00e9rudits ! Ces grandes figures nationales, ont accompli leur mission, avec d\u00e9vouement et abn\u00e9gation, jusqu\u2019\u00e0 la formation d\u2019un gouvernement l\u00e9gitime et repr\u00e9sentatif dans une p\u00e9riode ou\u2019 le mouvement national pour l\u2019ind\u00e9pendance \u00e9tait \u00e0 son apog\u00e9e et ralliait \u00e0 sa cause de grandes et illustres personnalit\u00e9s.  Plus r\u00e9cemment, le 22 avril 2010, en Belgique, un conseil des ministres actait la d\u00e9mission du gouvernement, et depuis plus d\u2019une ann\u00e9e, la Belgique fonctionne sans gouvernement, preuve de bonne gouvernance et de la solidit\u00e9 des institutions belges.  Bref, le gouvernement provisoire actuel, jouant le grand \u00e9cart entre les demandes du peuple et les moyens dont dispose l\u2019Etat exsangue, \u00e9tait contraint \u00e0 faire des promesses quelque peu incantatoires et difficile \u00e0 r\u00e9aliser, qu\u2019\u00e0 cela ne tienne l\u2019Etat a hauss\u00e9 les prix des denr\u00e9es alimentaires pour pourvoir aux indemnit\u00e9s allou\u00e9es aux dipl\u00f4m\u00e9s ch\u00f4meurs, r\u00e9duisant ainsi le pouvoir d\u2019achat de la classe moyenne, dont se vantait la Tunisie, classe \u00e0 la limite du paup\u00e9risme, mais qui accepte ce sacrifice quitte \u00e0 r\u00e9tablir l\u2019ordre, la s\u00e9curit\u00e9 et consolider les acquis de la r\u00e9volution dont le plus ch\u00e9ri est \u00ab La Libert\u00e9 d\u2019Expression \u00bb.  Derechef, l&rsquo;\u0153il toujours riv\u00e9 sur l&rsquo;\u00e9ch\u00e9ance des \u00e9lections du 24 Juillet 2011, le gouvernement provisoire s\u2019est attel\u00e9 \u00e0 la tache d\u2019assurer l\u2019aboutissement des contrats commerciaux concoct\u00e9s avec des pays de l\u2019union europ\u00e9enne et leurs puissants consortiums industriels, et ce dans plusieurs secteurs strat\u00e9giques : Transport, Energie, Nouvelles Technologies, etc.\u2026afin d\u2019assurer le soutien et s\u2019accorder les faveurs de l\u2019historique \u00abprotecteur\u00bb de la Tunisie et \u00e9carter, de facto, les USA qui dans sa politique de mondialisation a d\u00e9class\u00e9 l\u2019Europe !  A titre d\u2019exemple, le pays a-t-il vraiment besoin de faire rena\u00eetre de ses cendres le programme des logiciels libres, programme national initi\u00e9 en 2000 et qui a enregistr\u00e9 un cuisant fiasco. Apr\u00e8s que l\u2019Etat ait d\u00e9pens\u00e9 des millions de dinars, on s\u2019est rendu compte, que les logiciels dit \u00ab libre \u00bb revenaient plus chers que les logiciels dits \u00abpropri\u00e9taire\u00bb en termes de maintenance, de d\u00e9veloppement et de formation ! De quoi se poser la question l\u00e9gitime : A qui profite ce programme ?  En Mai 2008, lors de sa derni\u00e8re visite officielle, tant controvers\u00e9e par les associations humanitaires, le pr\u00e9sident fran\u00e7ais a bien conclu un tr\u00e8s juteux contrat avec la Tunisie pour la vente de seize (16) appareils \u00ab Airbus \u00bb pour la mirobolante somme de 2 000 000 000 TND : En bonus, l\u2019implantation d\u2019une usine de pi\u00e8ces \u00ab Airbus \u00bb dans la zone de Mghira sens\u00e9 pourvoir 2 000 emplois, ou sont ces 2 000 emplois ! Les commissions \u00e9taient d\u00e9j\u00e0 vers\u00e9es \u00e0 la famille de Ben Ali ! Le contrat devait aboutir, sinon on pourrait vivre le probl\u00e8me \u00e9pineux des r\u00e9trocommisions pay\u00e9es par la France vers le Pakistan au titre d&rsquo;un important contrat militaire Franco-pakistanais : Quand m\u00eame les premiers avions moyen courrier \u00abA-320\u00bb sont livr\u00e9s, pour la compagnie nationale Tunis-Air, dont la moiti\u00e9 de la flotte est entrain de rouiller dans des hangars poussi\u00e9reux. Le G8 nous soutient, \u00e9videmment, nul n\u2019a besoin d\u2019un client pauvre qui n\u2019honore pas ses engagements financiers !  Le tourisme, qui bat des ailes, avait besoin d\u2019\u00eatre promu, mais \u00e0 quel prix : 60 000 000 TND pour une campagne publicitaire, avec une connotation d\u2019humour noir, pour la promotion de ce secteur vital, j\u2019aimerais bien savoir qui est l\u2019heureux prestataire \u00e0 qui a \u00e9chu ce juteux march\u00e9, sans oublier les 700 000 TND pour la promotion du tourisme alg\u00e9rien dans notre pays. Pourquoi n\u2019a-t-on pas sollicit\u00e9 les tunisiens r\u00e9sidents \u00e0 l\u2019\u00e9tranger, dont le nombre en 2009 est \u00e9valu\u00e9 \u00e0 1 100 000, et les exhorter \u00e0 contribuer \u00e0 sauver ce qui reste de la saison touristique et faire montre de leur ind\u00e9niable patriotisme ?  Ce qui est peut-\u00eatre mati\u00e8re \u00e0 inqui\u00e9tude, c\u2019est la mainmise du gouvernement provisoire, acte l\u00e9gitime diriez-vous, sur la quasi-totalit\u00e9 des institutions de l\u2019Etat, par le biais de la nomination de responsables \u00e0 leurs t\u00eates choisis plut\u00f4t pour leur all\u00e9geance et appartenances sociopolitiques que pour leurs comp\u00e9tences prouv\u00e9es et d\u00e9vouement d\u00e9sint\u00e9ress\u00e9 \u00e0 la patrie. R\u00e9sultat : un r\u00e9seau administratif et \u00e9conomique contr\u00f4l\u00e9 par une gigantesque pieuvre qui assurerait la p\u00e9rennit\u00e9 des int\u00e9r\u00eats de pays dits \u00ab amis \u00bb et de quelques groupuscules apr\u00e8s le pr\u00e9sum\u00e9 d\u00e9part du gouvernement provisoire, si toutefois d\u00e9part il\u2013y-a : N\u2019a-t-on pas annonc\u00e9 le report des \u00e9lections de l\u2019assembl\u00e9e constituante au 16 Octobre 2011, annonce qui correspond avec le retour du premier ministre provisoire d\u2019une visite \u00e9clair \u00e0 l\u2019\u00c9lys\u00e9e !  Dans ce paysage politique, et n\u2019ayant aucunement l\u2019intention d\u2019ajouter \u00e0 la d\u00e9prime ambiante, je demeure optimiste, et je m\u2019attache \u00e0 cette lueur d\u2019espoir et le r\u00e9confort que m\u2019apporte notre Arm\u00e9e Nationale, \u00e0 laquelle je fais chapeau bas, qui a pay\u00e9 son tribut \u00e0 la r\u00e9volution et continue de le faire avec magnifique courage.  L\u2019arm\u00e9e est la seule institution garante des valeurs immuables de la r\u00e9publique et ce depuis 1953 lors de la cr\u00e9ation du premier noyau de l\u2019arm\u00e9e de lib\u00e9ration nationale, suite \u00e0 l\u2019assassinat de M. Farhat Hached figure de proue, alors, du syndicalisme tunisien, et \u00e0 l\u2019initiative de braves militants dont : M. Salah Bouderbala, M. Ridha Ben Ammar, M. Hedi Ouertani, M. Naceur Bey etc., qui ayant pr\u00eat\u00e9 serment \u00e0 la mosqu\u00e9e d\u2019El Omrane, ont sacralis\u00e9 la lutte arm\u00e9e. Puisse Dieu les agr\u00e9er parmi les siens ainsi que les derniers martyres de l\u2019arm\u00e9e.  Ces actes sont riches d\u2019enseignements \u00e0 l\u2019aune desquels on jugera, in fin\u00e9, dans les ann\u00e9es \u00e0 venir nos actions et celles des gouvernements \u00e0 venir.  En l\u2019absence d\u2019une Assembl\u00e9e Nationale \u00e9lue et de fait repr\u00e9sentative du peuple, il est imp\u00e9ratif, transparence oblige, que ce gouvernement, r\u00e9ponde de ses actes et faits durant la p\u00e9riode de son mandat, provisoire soit-il, afin que le prochain gouvernement l\u00e9gitime sache \u00e0 quoi s\u2019en tenir quant aux engagements entam\u00e9s par le gouvernement provisoire sur le court et moyen termes et d\u2019en \u00e9valuer la pertinence nationale.  Maintes institutions r\u00e9publicaines peuvent assurer cette mission, le peuple ne peut \u00eatre laiss\u00e9-pour-compte : il a le droit de savoir. Nous avons tous le droit de savoir.  Aujourd\u2019hui, la dignit\u00e9 du citoyen tunisien risque de choir dans la d\u00e9sh\u00e9rence : il nous incombe \u00e0 tous et toutes de la pr\u00e9server, en rendant justice et surtout des comptes au peuple avec toutes ses strates et convictions politiques.<\/font><\/span><\/p>\n<p align=\"justify\"><span lang=\"FR\"><font face=\"Arial\">Source : \u00ab Espace Manager \u00bb 25-05-2011<\/font><\/span><\/p>\n<div>\n<p align=\"justify\"><span lang=\"FR\"><font face=\"Arial\">Lien : <\/font><a href=\"http:\/\/www.espacemanager.com\/chroniques\/gouvernement-provisoire-tunisien-ou-est-notre-droit-de-savoir.html\" target=\"_blank\" rel=\"noopener\"><font face=\"Arial\">http:\/\/www.espacemanager.com\/chroniques\/gouvernement-provisoire-tunisien-ou-est-notre-droit-de-savoir.html<\/font><\/a><\/span><\/p>\n<\/div>\n<h3 align=\"center\" style=\"color: blue;\"><span lang=\"FR\"><a href=\"http:\/\/www.jeuneafrique.com\/Article\/ARTJAWEB20110525100456\/egypte-tunisie-tourisme-fmibanque-mondiale-6-milliards-de-dollars-pour-l-egypte-et-la-tunisie.html\" target=\"_blank\" rel=\"noopener\"><span><\/p>\n<h3 style=\"color: blue;\"><font face=\"Arial\">Banque mondiale : 6 milliards de dollars pour l&rsquo;\u00c9gypte et la Tunisie<\/font><\/h3>\n<p><\/span><\/a> <\/span><\/h3>\n<hr\/>\n<p align=\"justify\"><span lang=\"FR\"><font face=\"Arial\">La Banque mondiale a annonc\u00e9 mardi qu\u2019elle allait octroyer 6 milliards de dollars \u00e0 l\u2019\u00c9gypte et \u00e0 la Tunisie. Des financements que les deux pays pourront percevoir \u00e0 condition de mener des r\u00e9formes politiques et \u00e9conomiques.<\/font><\/span><\/p>\n<p align=\"justify\"><span lang=\"FR\"><a href=\"http:\/\/www.jeuneafrique.com\/Article\/ARTJAWEB20110523123530\/algerie-france-zimbabwe-soudansommet-du-g8-trois-chefs-d-etat-africains-en-invites-exceptionnels.html\" target=\"_blank\" rel=\"noopener\"><font face=\"Arial\">Le sommet du G8<\/font><\/a><font face=\"Arial\"> qui aura lieu \u00e0 Deauville en France les 26 et 27 mai sera l\u2019occasion pour la Banque mondiale d\u2019annoncer officiellement les financements qu\u2019elle va allouer \u00e0 l\u2019\u00c9gypte et \u00e0 la Tunisie.<\/font><\/span><\/p>\n<p align=\"justify\"><span lang=\"FR\"><a href=\"http:\/\/www.jeuneafrique.com\/pays\/egypte\/egypte.asp\" target=\"_blank\" rel=\"noopener\"><font face=\"Arial\">L\u2019\u00c9gypte<\/font><\/a><font face=\"Arial\"> devrait recevoir 4,5 milliards de dollars (environ 3,20 milliards d\u2019euros). Cette somme est ainsi r\u00e9partie : en sus du montant de 1,3 milliard de dollars d\u00e9j\u00e0 allou\u00e9, Le Caire b\u00e9n\u00e9ficiera d\u2019un milliard de dollars par an pendant deux ann\u00e9es pour renforcer son budget, 200 millions pour les infrastructures et un milliard de dollars de plus pour des projets d\u00e9j\u00e0 financ\u00e9s par l\u2019institution financi\u00e8re internationale.<\/font><\/span><\/p>\n<p align=\"justify\"><span lang=\"FR\"><a href=\"http:\/\/www.jeuneafrique.com\/pays\/tunisie\/tunisie.asp\" target=\"_blank\" rel=\"noopener\"><font face=\"Arial\">La Tunisie<\/font><\/a><font face=\"Arial\"> quant \u00e0 elle recevra en tout 1,5 milliard de dollars (environ 1,06 milliard d\u2019euros). Un milliard de dollars \u00ab en soutien de son budget et de ses projets d\u2019investissements \u00bb, 400 millions de dollars de la Soci\u00e9t\u00e9 financi\u00e8re internationale (la SFI qui aide le secteur priv\u00e9) et des garanties de 100 millions de dollars de l\u2019Agence multilat\u00e9rale de garantie des investissements.<\/font><\/span><\/p>\n<p align=\"justify\"><strong><span lang=\"FR\"><font face=\"Arial\">R\u00e9formes n\u00e9cessaires<\/font><\/span><\/strong><\/p>\n<p align=\"justify\"><span lang=\"FR\"><font face=\"Arial\">\u00ab Nous travaillons en \u00e9troite collaboration avec le FMI [Fonds mon\u00e9taire international] et les autres banques multilat\u00e9rales de d\u00e9veloppement sur une approche int\u00e9gr\u00e9e pour essayer de stabiliser puis moderniser les \u00e9conomies de la r\u00e9gion \u00bb, a expliqu\u00e9 le pr\u00e9sident de la Banque mondiale <\/font><font><a href=\"http:\/\/www.jeuneafrique.com\/Article\/ARTJAJA2561p0008-009.xml1\/investissement-election-banque-mondiale-visite-officiellezoellick-pose-ses-conditions.html\" target=\"_blank\" rel=\"noopener\"><font face=\"Arial\">Robert Zoellick<\/font><\/a><\/font><font face=\"Arial\"> dans un communiqu\u00e9.<\/font><\/span><\/p>\n<p align=\"justify\"><span lang=\"FR\"><font face=\"Arial\">La Banque mondiale a en effet demand\u00e9 \u00e0 l\u2019\u00c9gypte et \u00e0 la Tunisie de poursuivre un certain nombre de r\u00e9formes en contrepartie des financements accord\u00e9s. Les deux pays devront adopter des mesures pour le march\u00e9 du travail et pour encourager \u00ab l\u2019acc\u00e9l\u00e9ration de la croissance du secteur priv\u00e9, principal moteur de la cr\u00e9ation d\u2019emplois et de l\u2019innovation \u00bb.<\/font><\/span><\/p>\n<p align=\"justify\"><span lang=\"FR\"><a href=\"http:\/\/www.jeuneafrique.com\/Article\/ARTJAJA2627p050-051.xml0\/libye-egypte-tunisie-democratiemonde-arabe-ils-ont-fait-un-reve.html\" target=\"_blank\" rel=\"noopener\"><font face=\"Arial\">Les deux pays qui ont renvers\u00e9 d\u00e9but 2011 leurs pr\u00e9sidents respectifs<\/font><\/a><font face=\"Arial\"> sont \u00e9galement encourag\u00e9s \u00e0 poursuivre des r\u00e9formes politiques visant \u00e0 d\u00e9mocratiser leur syst\u00e8me politique, \u00e0 construire un appareil d\u2019\u00c9tat plus transparent et \u00e0 garantir un partage \u00e9quitable des richesses produites par la croissance \u00e9conomique.<\/font><\/span><\/p>\n<p align=\"justify\"><strong><span lang=\"FR\"><font face=\"Arial\">Secteurs cl\u00e9s du tourisme en berne <\/font><\/span><\/strong><\/p>\n<p align=\"justify\"><span lang=\"FR\"><font face=\"Arial\">\u00ab Nous reconnaissons qu\u2019il y a un processus de transition \u00bb, a \u00e9galement expliqu\u00e9 le pr\u00e9sident de la Banque mondiale. Pour cette raison, l\u2019institution de Bretton Woods veut travailler \u00ab avec souplesse \u00bb dans ces deux pays.<\/font><\/span><\/p>\n<p align=\"justify\"><span lang=\"FR\"><font face=\"Arial\">Industrie gripp\u00e9e, tourisme au ralenti, inflation en hausse\u2026 trois mois apr\u00e8s la chute du pr\u00e9sident Moubarak, <\/font><font><a href=\"http:\/\/www.jeuneafrique.com\/Article\/ARTJAWEB20110517102950\/\" target=\"_blank\" rel=\"noopener\"><font face=\"Arial\">l\u2019\u00e9conomie \u00e9gyptienne semble tourner au ralenti<\/font><\/a><\/font><font face=\"Arial\">. Le pays ne marche qu\u2019\u00e0 50 % de ses capacit\u00e9s, les exportations ont chut\u00e9 de 40 % depuis janvier et l\u2019inflation a subi une hausse vertigineuse de 12,1 %. Les manifestations qui continuent de secouer le pays auraient co\u00fbt\u00e9 1, 1 milliard de dollars au gouvernement. Le tourisme, secteur cl\u00e9 de l\u2019\u00e9conomie nationale, a connu une perte de 2,27 milliards de dollars depuis le d\u00e9but de l\u2019ann\u00e9e.<\/font><\/span><\/p>\n<p align=\"justify\"><span lang=\"FR\"><font face=\"Arial\">La Tunisie se trouve \u00e9galement dans <\/font><font><a href=\"http:\/\/www.jeuneafrique.com\/Article\/ARTJAWEB20110120113451\/\" target=\"_blank\" rel=\"noopener\"><font face=\"Arial\">une situation d\u00e9licate<\/font><\/a><\/font><font face=\"Arial\">. Le tourisme, premier pourvoyeur de devises \u00e9trang\u00e8res qui repr\u00e9sente 7 % du PIB avec 400 000 emplois a chut\u00e9 d\u2019environ 45 % en janvier et en f\u00e9vrier. D\u00e9but f\u00e9vrier, les pertes \u00e9conomiques durant la r\u00e9volution \u00e9taient estim\u00e9es \u00e0 2 milliards de dollars.<\/font><\/span><\/p>\n<p align=\"justify\"><span lang=\"FR\"><font face=\"Arial\">Source : \u00ab Jeune Afrique \u00bb Le 25-05-2011<\/font><\/span><\/p>\n<div>\n<p align=\"justify\"><span lang=\"FR\"><font face=\"Arial\">Lien : <\/font><a href=\"http:\/\/www.jeuneafrique.com\/Article\/ARTJAWEB20110525100456\/egypte-tunisie-tourisme-fmibanque-mondiale-6-milliards-de-dollars-pour-l-egypte-et-la-tunisie.html\" target=\"_blank\" rel=\"noopener\"><font face=\"Arial\">http:\/\/www.jeuneafrique.com\/Article\/ARTJAWEB20110525100456\/egypte-tunisie-tourisme-fmibanque-mondiale-6-milliards-de-dollars-pour-l-egypte-et-la-tunisie.html<\/font><\/a><\/span><\/p>\n<\/div>\n<p align=\"center\"><b><span lang=\"NO-BOK\"><\/p>\n<h3 style=\"color: blue;\"><font face=\"Arial\">Les Tunisiens se sentent arabo-musulmans, mais s\u2019opposent \u00e0 l\u2019ing\u00e9rence du religieux dans leur vie<\/font><\/h3>\n<p> <\/span><\/b><\/p>\n<hr\/>\n<p>\u00a0<\/p>\n<p align=\"justify\"><span lang=\"NO-BOK\"><font face=\"Arial\">En attendant la tenue des premi\u00e8res \u00e9lections v\u00e9ritablement libres de l\u2019histoire de la Tunisie \u2013en l\u2019occurrence de <\/font><font><a href=\"http:\/\/www.webmanagercenter.com\/management\/management\/article-102874-tunisie-assemblee-constituante-qu-est-ce-que-ca-veut-dire\" target=\"_blank\" rel=\"noopener\"><span><font face=\"Arial\">l\u2019Assembl\u00e9e constituante<\/font><\/span><\/a><font face=\"Arial\">-, c\u2019est par petites touches successives que les Tunisiens d\u00e9couvrent leur profil politique et leurs intentions dans ce domaine. <\/font><\/font><\/span><span lang=\"EN-US\"><font face=\"Arial\">Les sondages men\u00e9s depuis le 14 janvier 2011 y contribuent beaucoup \u2013malgr\u00e9 leurs limites et imperfections. Le dernier en date, r\u00e9alis\u00e9 par Sigma Conseil, le cabinet d\u2019\u00e9tudes dirig\u00e9 par Hassen Zargouni, verse des \u00e9l\u00e9ments importants au d\u00e9bat sur la politique, la religion et le rapport des Tunisiens \u00e0 ces deux facteurs.<\/font><\/span><\/p>\n<p align=\"justify\"><span lang=\"EN-US\"><font face=\"Arial\">A faire la synth\u00e8se des r\u00e9ponses aux six ou sept questions ayant trait \u00e0 ces th\u00e8mes, on r\u00e9alise que les Tunisiens se sentent ancr\u00e9s dans la culture arabo-musulmane mais s\u2019opposent \u00e0 l\u2019interf\u00e9rence du facteur religieux dans leur vie de tous les jours, et en particulier dans le rapport \u00e0 Dieu. <\/font><\/span><\/p>\n<p align=\"justify\"><span lang=\"EN-US\"><font face=\"Arial\">Certes, plus de 90% des Tunisiens soutiennent que \u00abla Tunisie doit renforcer son appartenance au monde arabo-musulman\u00bb -ce qui refl\u00e8te \u00abun grand sentiment d\u2019ancrage identitaire\u00bb, note Sigma Conseil. Mais cela n\u2019emp\u00eache pas 70% des sond\u00e9s de consid\u00e9rer que le gouvernement doit \u00abl\u00e9gif\u00e9rer en Tunisie en se r\u00e9f\u00e9rant \u00e0 un droit civil\u00bb et pensent \u2013en plus grand nombre (92,3%)- que \u00abla Chariaa pourrait \u00eatre appliqu\u00e9e sur certains sujets et rejettent un droit bas\u00e9 uniquement \u00bb sur la loi islamique. Seulement 8,7% des Tunisiens (notamment dans le Centre-ouest, avec 20,6%) sont favorables \u00e0 l\u2019application de la Chariaa. Pr\u00e8s des deux tiers (69,5%) consid\u00e8rent que \u00able gouvernement doit \u00e9mettre des lois selon le souhait des gens dans certains sujets et selon la Chariaa sur d\u2019autres\u00bb.<\/font><\/span><\/p>\n<p align=\"justify\"><font face=\"Arial\"><span lang=\"EN-US\"><font>Les Tunisiens sont encore plus clairs sur le rapport \u00e0 la religion et plus nombreux \u00e0 consid\u00e9rer que \u00ables <\/font><\/span><font><span lang=\"NO-BOK\"><a href=\"http:\/\/www.webmanagercenter.com\/management\/management\/article-106194-les-tunisiens-sont-assez-tolerants-en-religion-selon-un-sondage-de-sigma\" target=\"_blank\" rel=\"noopener\"><span lang=\"EN-US\"><font>pratiques religieuses<\/font><\/span><\/a><\/span><span lang=\"EN-US\"> constituent une affaire personnelle et ne doivent en aucun cas \u00eatre impos\u00e9es\u00bb. <\/span><\/font><span lang=\"NO-BOK\"><font>Minoritaire dans le Nord-ouest (19,05%) et de la frange populaire de la population (43,5%), ce point de vue est largement majoritaire (58,8%) au sein de la classe ais\u00e9e. <\/font><\/span><\/font><\/p>\n<p align=\"justify\"><span lang=\"EN-US\"><font face=\"Arial\">De ce fait, il n\u2019est gu\u00e8re \u00e9tonnant que les deux tiers des Tunisiens s\u2019opposent \u00e9galement \u00e0 l\u2019usage des mosqu\u00e9es comme tribunes \u00e9lectorales. Et l\u00e0 aussi le clivage est net entre classe ais\u00e9e (60,8%) et populaire (37,7%). D\u2019ailleurs, la majorit\u00e9 des Tunisiens \u2013pr\u00e8s de la moiti\u00e9 des femmes (52,4%) et pr\u00e8s de 5% ne savent pas ou refusent de r\u00e9pondre, seulement 26,4% d\u00e9clarent aller une fois par semaine ou plus \u00e0 la mosqu\u00e9e. <\/font><\/span><\/p>\n<p align=\"justify\"><span lang=\"EN-US\"><font face=\"Arial\">Et quand on les invite \u00e0 mentionner par ordre d\u2019importance les priorit\u00e9s que le gouvernement devrait se fixer dans son action, les Tunisiens citent en premier les domaines \u00e9conomique (bien g\u00e9rer l\u2019\u00e9conomie), social (fournir plus de soins gratuits, de pensions et aides financi\u00e8res aux personnes modestes), et en mati\u00e8re de gouvernance (r\u00e9duire la corruption dans le gouvernement et prot\u00e9ger les droits des citoyens contre la police ou les autres autorit\u00e9s gouvernementales), devant les questions religieuses (enseignement des valeurs de la Chariaa dans les \u00e9coles, protection des droits des chr\u00e9tiens, \u00e9galit\u00e9 entre la femme et l\u2019homme, etc.).<\/font><\/span><\/p>\n<p align=\"justify\"><span lang=\"EN-US\"><font face=\"Arial\">Source: \u201cwmc\u201d Le 25-05-2011<\/font><\/span><\/p>\n<div>\n<p align=\"justify\"><font face=\"Arial\"><span lang=\"NO-BOK\"><font>Lien: <\/font><\/span><span lang=\"EN-US\"><a href=\"http:\/\/www.webmanagercenter.com\/management\/article-106268-les-tunisiens-se-sentent-arabo-musulmans-mais-s-opposent-a-l-ingerence-du-religieux-dans-leur-vie\" target=\"_blank\" rel=\"noopener\"><span lang=\"NO-BOK\"><font>http:\/\/www.webmanagercenter.com\/management\/article-106268-les-tunisiens-se-sentent-arabo-musulmans-mais-s-opposent-a-l-ingerence-du-religieux-dans-leur-vie<\/font><\/span><\/a><\/span><\/font><\/p>\n<\/div>\n<p align=\"center\"><span lang=\"FR\"><a href=\"http:\/\/www.kapitalis.com\/fokus\/62-national\/4073-tunisie-quand-le-gouvernement-parle-les-journalistes-se-taisent.html\" target=\"_blank\" rel=\"noopener\"><b><span><\/p>\n<h3 style=\"color: blue;\"><font face=\"Arial\">Tunisie. Quand le gouvernement parle, les journalistes se taisent\u2026<\/font><\/h3>\n<p><\/span><\/b><\/a> <\/span><\/p>\n<hr\/>\n<p>\u00a0<\/p>\n<p align=\"justify\"><span lang=\"FR\"><font face=\"Arial\">Par Zohra Abid<\/font><\/span><\/p>\n<p align=\"justify\"><span lang=\"FR\"><font face=\"Arial\">La plupart des informations annonc\u00e9es tournaient partout en boucle depuis la veille et l\u2019avant-veille. Les journalistes qui se sont d\u00e9p\u00each\u00e9s pour recueillir les derni\u00e8res actualit\u00e9s \u00e0 bonne source ont donc \u00e9t\u00e9 d\u00e9\u00e7us. Pourtant, la sc\u00e8ne politique et sociale grouille d\u2019actualit\u00e9s et les d\u00e9p\u00eaches tombent \u00e0 flot \u00e0 toute heure et de toutes parts.<\/font><\/span><\/p>\n<p align=\"justify\"><span lang=\"FR\"><font face=\"Arial\">Ambiance, ambiance\u2026  <\/font><font face=\"Arial\">La s\u00e9ance, un peu b\u00e2cl\u00e9e, n\u2019a finalement dur\u00e9 qu\u2019un tout petit quart d\u2019heure. Pour dire quoi? Pas grand-chose!  Cinq repr\u00e9sentants des minist\u00e8res de la Justice, de l\u2019Int\u00e9rieur, de la D\u00e9fense nationale, du D\u00e9veloppement r\u00e9gional et de la Formation professionnelle et du l\u2019Emploi ont r\u00e9pondu \u00e0 l\u2019appel. Chacun a dispos\u00e9 de trois minutes \u00e0 peine pour annoncer ce qui se passait dans son d\u00e9partement devant une salle archi-comble, qui ressemble plus \u00e0 une boite de sardines qu\u2019\u00e0 une salle de conf\u00e9rence.  Est-ce que la rencontre m\u00e9ritait vraiment le d\u00e9placement? Les lecteurs jugeront&#8230;  \u00abNous sommes vraiment d\u00e9bord\u00e9s et cette rencontre va \u00eatre courte. Je vous annonce quand m\u00eame une bonne nouvelle. La prochaine aura lieu dans une salle plus spacieuse. Nous allons changer aussi les horaires. Ce sera le mardi \u00e0 15 heures et le vendredi \u00e0 midi\u00bb, a annonc\u00e9 aux journalistes, Moez Sinaoui, porte-parole du Premier ministre provisoire, avant de c\u00e9der le micro aux repr\u00e9sentants de l\u2019Etat.<\/font><\/span><\/p>\n<p align=\"justify\"><span lang=\"FR\"><font face=\"Arial\">L\u2019affaire Marouane Ben Zineb  <\/font><font face=\"Arial\">Kadhem Zine El Abidine, du minist\u00e8re de la Justice, est revenu sur la visite, la semaine derni\u00e8re, en Tunisie, de Juan M\u00e9ndez. \u00abL\u2019expert argentin (et rapporteur sp\u00e9cial de l\u2019Onu sur la torture) a d\u00e9clar\u00e9 que la torture continue encore en Tunisie. Nous r\u00e9pondons qu\u2019il n\u2019en est plus question. Toute personne auteur d\u2019un mauvais traitement dans les postes de police ou dans les prisons sera jug\u00e9e et les victimes peuvent d\u00e9poser leur plainte aupr\u00e8s du juge d\u2019instruction\u00bb, a-t-il dit. Et d\u2019ajouter qu\u2019actuellement, il y a des plaintes en ce sens.  Le responsable a \u00e9voqu\u00e9 ensuite le cas de l\u2019ing\u00e9nieur Marouane Ben Zineb, qui avait d\u00e9couvert, par inadvertance, au d\u00e9but des ann\u00e9es 1990, en p\u00e9n\u00e9trant dans le syst\u00e8me d\u2019information de l\u2019ex-pr\u00e9sident, un r\u00e9seau de renseignements. Cons\u00e9quence: il a \u00e9t\u00e9 kidnapp\u00e9 et tortur\u00e9 \u00e0 mort avant d\u2019\u00eatre jet\u00e9 sur les rails \u00e0 la gare d\u2019Ezzahra (banlieue sud de Tunis). \u00abIl va y avoir une autopsie pour savoir les raisons exactes de sa mort\u00bb, a annonc\u00e9 M Zine El Abidine.  Le responsable a \u00e9galement annonc\u00e9 que son d\u00e9partement \u00e9tudie les moyens d\u2019activer les commissions rogatoires \u00e9mises par le juge d\u2019instruction de Tunis \u00e0 l\u2019encontre du pr\u00e9sident d\u00e9chu, les membres de sa famille et le reste des accus\u00e9s en \u00e9tat de fuite. Est-ce \u00e0 dire que les processus d\u2019extradition vont \u00eatre acc\u00e9l\u00e9r\u00e9s et que les avoirs et biens \u00e0 l\u2019\u00e9tranger des Ben Ali, Trabelsi, Chiboub et consorts vont \u00eatre enfin rapatri\u00e9s? On peut toujours esp\u00e9rer\u2026<\/font><\/span><\/p>\n<p align=\"justify\"><span lang=\"FR\"><font face=\"Arial\">La famille de Kadhafi  <\/font><font face=\"Arial\">Samir Toumi, du minist\u00e8re de l\u2019Int\u00e9rieur, a rejet\u00e9 cat\u00e9goriquement la rumeur relative \u00e0 la pr\u00e9sence des membres de la famille de Kadhafi sur le territoire tunisien. \u00abNous respectons \u00e0 la lettre les d\u00e9cisions onusiennes et les articles 1970 et 1973 du 26 f\u00e9vrier et du 16 mars 2011: 18 membres de la famille n\u2019ont pas le droit de quitter les fronti\u00e8res de leur pays et ils ne sont pas en Tunisie\u00bb, a-t-il pr\u00e9cis\u00e9. Quant au passage de certaines personnalit\u00e9s libyennes par le territoire tunisien, M. Toumi a affirm\u00e9 que tant qu\u2019il n\u2019y a rien \u00e0 l\u2019encontre de ces personnes, qui disposent d\u2019un passeport officiel, ils peuvent se d\u00e9placer comme tout le monde.  Mokhtar Ben Nasr, du minist\u00e8re de la D\u00e9fense, s\u2019est content\u00e9 de dire que le pays est relativement calme. \u00abAvec les unit\u00e9s de la Garde nationale et celles de la S\u00e9curit\u00e9, les militaires veillent sur le littoral, la terre et toutes les fronti\u00e8res. Il y a eu ces derniers jours quelques obus tomb\u00e9s pr\u00e8s de la fronti\u00e8re avec la Libye tir\u00e9s par les troupes de Kadhafi. Heureusement qu\u2019ils sont tomb\u00e9s dans un p\u00e9rim\u00e8tre d\u00e9sert et qu\u2019il n\u2019y a pas eu de d\u00e9g\u00e2t\u00bb, a-t-il rassur\u00e9. Et d\u2019ajouter que quelques heurts ont \u00e9t\u00e9 d\u00e9clench\u00e9s entre les r\u00e9fugi\u00e9s, originaires du Soudan, de Somalie ou des Erythr\u00e9ens, qui ne peuvent pas rentrer chez eux et qui attendent d\u2019\u00eatre \u00e9vacu\u00e9s par l\u2019Onu.<\/font><\/span><\/p>\n<p align=\"justify\"><span lang=\"FR\"><font face=\"Arial\">420.620 r\u00e9fugi\u00e9s dont 215.000 Libyens <\/font><font face=\"Arial\">\u00abIl y a eu 21 tentes br\u00fbl\u00e9es et nous avons signal\u00e9 la mort de deux personnes\u00bb, a-t-il dit apr\u00e8s avoir rappel\u00e9 que depuis le 23 f\u00e9vrier, la Tunisie a accueilli 420.620 r\u00e9fugi\u00e9s dont 215.000 Libyens. Aujourd\u2019hui, 8.000 ont trouv\u00e9 refuge en Tunisie dont 2.440 Libyens. Parmi ces Libyens, 420 familles et leurs enfants viennent d\u2019\u00eatre scolaris\u00e9s dans les \u00e9coles. Avec l\u2019aide du Maroc, du Qatar, des Emirats arabes unis et des organisations humanitaires internationales, la Tunisie a mis \u00e0 la disposition de ces r\u00e9fugi\u00e9s des h\u00f4pitaux et des m\u00e9decins.  Samir Laz\u00e2ar, du minist\u00e8re du D\u00e9veloppement r\u00e9gional, est revenu sur la visite, lundi, de pas moins de 7 ministres \u00e0 Sidi Bouzid. \u00abCe n\u2019est qu\u2019un premier pas. Les visites vont continuer dans les r\u00e9gions pour mettre en ex\u00e9cution les plans et les propositions du gouvernement pour impulser le d\u00e9veloppement r\u00e9gional\u00bb, a-t-il annonc\u00e9. Mais il n\u2019a pas souffl\u00e9 un mot sur les manifestations de col\u00e8re que ces visites ont provoqu\u00e9es dans certaines villes de la r\u00e9gion, notamment \u00e0 Regueb.  Les trois derni\u00e8res minutes sont revenues \u00e0 Karim Mejri, du minist\u00e8re de la Formation professionnelle et de l\u2019Emploi. Selon lui, on trouve tout sur le site du minist\u00e8re http:\/\/www.concour.gove.tn. C\u2019est \u00e0 se demander pourquoi on nous a d\u00e9rang\u00e9s. Mais passons !  M. Mejri a rappel\u00e9, par la m\u00eame occasion, qu\u2019apr\u00e8s la premi\u00e8re vague de recrutements qui vient d\u2019avoir lieu dans les minist\u00e8res de l\u2019Agriculture, de l\u2019Education et de l\u2019Environnement, les minist\u00e8res de la Femme, de l\u2019Enseignement sup\u00e9rieur et\u2026 vont communiquer bient\u00f4t des circulaires pour recruter des jeunes.  La s\u00e9ance a ensuite \u00e9t\u00e9 lev\u00e9e. Pas un mot de plus. Ni la moindre question. Les journalistes, rest\u00e9s sur leur faim, sont pri\u00e9s de se disperser! Ils avaient pourtant tant d\u2019interrogations sur la situation dans le pays.<\/font><\/span><\/p>\n<p align=\"justify\"><span lang=\"FR\"><font face=\"Arial\">Source : \u00ab Kapitalis \u00bb Le 25-05-2011<\/font><\/span><\/p>\n<div>\n<p align=\"justify\"><span lang=\"FR\"><font face=\"Arial\">Lien : <\/font><a href=\"http:\/\/www.kapitalis.com\/fokus\/62-national\/4073-tunisie-quand-le-gouvernement-parle-les-journalistes-se-taisent.html\" target=\"_blank\" rel=\"noopener\"><font face=\"Arial\">http:\/\/www.kapitalis.com\/fokus\/62-national\/4073-tunisie-quand-le-gouvernement-parle-les-journalistes-se-taisent.html<\/font><\/a><\/span><\/p>\n<\/div>\n<h4 align=\"center\" style=\"color: blue;\"><span lang=\"FR\"><\/p>\n<h4 style=\"color: blue;\"><font face=\"Arial\">Les m\u00e9dias publics tunisiens cherchent \u00e0 rompre avec le pass\u00e9<\/font><\/h4>\n<p> <\/span><\/h4>\n<hr\/>\n<p align=\"justify\"><span lang=\"FR\"><font face=\"Arial\">Par Houda Trabelsi<\/font><\/span><\/p>\n<p align=\"justify\"><span lang=\"FR\"><font face=\"Arial\">Les journalistes tunisiens sont d\u00e9termin\u00e9s \u00e0 transformer les organisations publiques des m\u00e9dias, pour les faire passer d&rsquo;un outil qui servait autrefois un autocrate \u00e0 une forme de m\u00e9dias qui servent tout le monde. Pour assurer cette transition, ils b\u00e9n\u00e9ficient d&rsquo;une aide de leurs coll\u00e8gues internationaux. <\/font><\/span><\/p>\n<p align=\"justify\"><span lang=\"FR\"><font face=\"Arial\">\u00ab\u00a0Le changement \u00e9mane des individus, et il n\u00e9cessite beaucoup d&rsquo;efforts et de sacrifices\u00a0\u00bb, a expliqu\u00e9 Lennart Sten, journaliste \u00e0 la t\u00e9l\u00e9vision danoise, le jeudi 19 mai \u00e0 Tunis. Le Syndicat national des journalistes tunisiens (<\/font><font><a href=\"http:\/\/www.magharebia.com\/cocoon\/awi\/xhtml1\/ar\/features\/awi\/features\/2011\/02\/11\/feature-03\" target=\"_blank\" rel=\"noopener\"><font face=\"Arial\">SNJT<\/font><\/a><font face=\"Arial\">) et la F\u00e9d\u00e9ration internationale des journalistes (<\/font><a href=\"http:\/\/www.magharebia.com\/cocoon\/awi\/xhtml1\/ar\/features\/awi\/features\/2007\/01\/29\/feature-01\" target=\"_blank\" rel=\"noopener\"><font face=\"Arial\">FIJ<\/font><\/a><\/font><font face=\"Arial\">) ont organis\u00e9 cette rencontre pour \u00e9tudier la mani\u00e8re dont les organisations m\u00e9diatiques de l&rsquo;Etat peuvent aider \u00e0 soutenir la transition d\u00e9mocratique.<\/font><\/span><\/p>\n<p align=\"justify\"><span lang=\"FR\"><font face=\"Arial\">\u00ab\u00a0Chacun attend nerveusement de voir ce qui se passera en Tunisie, et comment cette r\u00e9volution atteindra ses objectifs, ce qui se refl\u00e8tera dans les m\u00e9dias publics s&rsquo;ils r\u00e9ussissent\u00a0\u00bb, a d\u00e9clar\u00e9 Sten. <\/font><\/span><\/p>\n<p align=\"justify\"><span lang=\"FR\"><font face=\"Arial\">Cette rencontre de Tunis a \u00e9t\u00e9 \u00ab\u00a0une bonne occasion offerte aux journalistes et aux sp\u00e9cialistes des m\u00e9dias tunisiens de mettre en place l&rsquo;ind\u00e9pendance des m\u00e9dias, notamment des m\u00e9dias publics, qui \u00e9taient soumis auparavant aux ordres des autorit\u00e9s\u00a0\u00bb, a indiqu\u00e9 Francisco Audije Vega, journaliste \u00e0 la t\u00e9l\u00e9vision espagnole et repr\u00e9sentant de la FIJ. \u00ab\u00a0Toutes les parties doivent comprendre que les m\u00e9dias publics sont par principe destin\u00e9s au peuple, qui a le droit de b\u00e9n\u00e9ficier d&rsquo;informations r\u00e9elles et non de la propagande gouvernementale\u00a0\u00bb. <\/font><\/span><\/p>\n<p align=\"justify\"><span lang=\"FR\"><font face=\"Arial\">Cette conf\u00e9rence a r\u00e9uni un certain nombre de journalistes europ\u00e9ens et tunisiens, et s&rsquo;est attach\u00e9e \u00e0 traiter des sujets relatifs au financement des institutions de m\u00e9dias publics et \u00e0 l&rsquo;utilisation des m\u00e9dias comme un outil culturel. <\/font><\/span><\/p>\n<p align=\"justify\"><span lang=\"FR\"><font face=\"Arial\">\u00ab\u00a0Dans le pass\u00e9, le syst\u00e8me public a jou\u00e9 un r\u00f4le important pour la propagande du parti au pouvoir\u00a0\u00bb, a comment\u00e9 Hichem Snoussi, membre de la Commission nationale pour la r\u00e9forme des m\u00e9dias et de la communication. Il a soulign\u00e9 la n\u00e9cessit\u00e9 de s\u00e9parer l&rsquo;administration de la politique, un principe fondamental et essentiel permettant d&rsquo;am\u00e9liorer le contenu des m\u00e9dias publics et d&rsquo;en faire un espace qui refl\u00e8te un v\u00e9ritable pluralisme politique. <\/font><\/span><\/p>\n<p align=\"justify\"><span lang=\"FR\"><font face=\"Arial\">Les m\u00e9dias d&rsquo;Etat sont face \u00e0 une \u00ab\u00a0crise de cr\u00e9dibilit\u00e9\u00a0\u00bb, selon le sp\u00e9cialiste de l&rsquo;audiovisuel et professeur Ridha Najjar. Il a expliqu\u00e9 que ce manque de cr\u00e9dibilit\u00e9 r\u00e9sulte de leur utilisation par le pass\u00e9 par le pouvoir ex\u00e9cutif. \u00ab\u00a0Il doit y avoir de nouvelles lois, tr\u00e8s claires, qui d\u00e9finissent le concept de m\u00e9dias publics\u00a0\u00bb, a-t-il ajout\u00e9. <\/font><\/span><\/p>\n<p align=\"justify\"><span lang=\"FR\"><font face=\"Arial\">\u00ab\u00a0Nous devons rendre au syst\u00e8me des m\u00e9dias publics leur importance, \u00e0 plusieurs niveaux, notamment leur importance structurelle et culturelle, afin d&rsquo;am\u00e9liorer les m\u00e9dias tunisiens dans cette p\u00e9riode de transition, que je consid\u00e8re comme ultra-sensible\u00a0\u00bb, a poursuivi Najjar. <\/font><\/span><\/p>\n<p align=\"justify\"><span lang=\"FR\"><font face=\"Arial\">Lors de ce s\u00e9minaire, des professionels des m\u00e9dias tunisiens ont soulign\u00e9 l&rsquo;importance d&rsquo;une adh\u00e9sion \u00e0 des r\u00e8glements professionnels, au premier rang desquels l&rsquo;objectivit\u00e9 et l&rsquo;impartialit\u00e9, ainsi que l&rsquo;adoption de conseils \u00e9ditoriaux ind\u00e9pendant dans les institutions contr\u00f4l\u00e9es par l&rsquo;Etat. <\/font><\/span><\/p>\n<p align=\"justify\"><span lang=\"FR\"><font face=\"Arial\">\u00ab\u00a0Jusqu&rsquo;\u00e0 maintenant, nous travaillons encore sans ligne \u00e9ditoriale claire\u00a0\u00bb, a expliqu\u00e9 Farah Chendoul, journaliste \u00e0 Radio Tataouine. \u00ab\u00a0Quatre mois apr\u00e8s la r\u00e9volution, nous commen\u00e7ons \u00e0 souffrir d&rsquo;une dictature d&rsquo;un genre nouveau, celle des partis, de la soci\u00e9t\u00e9 civile et du peuple.\u00a0\u00bb <\/font><\/span><\/p>\n<p align=\"justify\"><span lang=\"FR\"><font face=\"Arial\">Mohamed Bechikh, professionnel des m\u00e9dias \u00e0 Radio Monastir, explique que \u00ab\u00a0le concept de radiodiffusion n&rsquo;est pas encore clair pour les autorit\u00e9s, dans la mesure o\u00f9 certains pensent que pour remporter les \u00e9lections, il leur faut un outil de propagande, comme ce fut le cas durant l&rsquo;\u00e8re de Ben Ali, et nous devons donc mettre en place des structures d&rsquo;\u00e9dition tr\u00e8s fermes qui soient responsables de la ligne \u00e9ditoriale.\u00a0\u00bb <\/font><\/span><\/p>\n<p align=\"justify\"><span lang=\"FR\"><font face=\"Arial\">Le sp\u00e9cialiste des m\u00e9dias Nasreddine Ben Hadid reprend ces pr\u00e9occupations, expliquant que tant que les agences de presse ne pratiqueront pas l&rsquo;autocritique, \u00ab\u00a0rien ne changera\u00a0\u00bb. Et d&rsquo;ajouter : \u00ab\u00a0Trouver une ligne \u00e9ditoriale claire est de la responsabilit\u00e9 de chacun au sein des institutions des m\u00e9dias publics, pour leur permettre de passer d&rsquo;un service destin\u00e9 \u00e0 une seule personne \u00e0 un service pour tous.\u00a0\u00bb<\/font><\/span><\/p>\n<p align=\"justify\"><span lang=\"FR\"><font face=\"Arial\">Source : \u00ab Maghrebia \u00bb Le 25-05-2011<\/font><\/span><\/p>\n<div>\n<p align=\"justify\"><span lang=\"FR\"><font face=\"Arial\">Lien : <\/font><a href=\"http:\/\/www.magharebia.com\/cocoon\/awi\/xhtml1\/fr\/features\/awi\/features\/2011\/05\/24\/feature-04\" target=\"_blank\" rel=\"noopener\"><font face=\"Arial\">http:\/\/www.magharebia.com\/cocoon\/awi\/xhtml1\/fr\/features\/awi\/features\/2011\/05\/24\/feature-04<\/font><\/a><\/span><\/p>\n<\/div>\n<h4 align=\"center\" style=\"color: blue;\"><span lang=\"FR\"><\/p>\n<h4 style=\"color: blue;\"><font face=\"Arial\">Le responsable de la communaut\u00e9 juive de Tunisie parle des craintes li\u00e9es \u00e0 la s\u00e9curit\u00e9<\/font><\/h4>\n<p><\/span><\/h4>\n<hr\/>\n<p align=\"justify\"><span lang=\"FR\"><font face=\"Arial\">Avec l&rsquo;annulation des c\u00e9l\u00e9brations et la forte r\u00e9duction du p\u00e8lerinage annuel \u00e0 Djerba, nombreux sont ceux qui s&rsquo;interrogent sur le futur de la communaut\u00e9 juive de Tunisie, certes petite, mais ancienne. Les pr\u00e9occupations s\u00e9curitaires entourant les r\u00e9cents \u00e9v\u00e8nements en Tunisie et dans la Libye voisine ont conduit les autorit\u00e9s \u00e0 annuler les c\u00e9l\u00e9brations religieuses de cette ann\u00e9e, pour la premi\u00e8re fois depuis vingt ans. <\/font><\/span><\/p>\n<p align=\"justify\"><span lang=\"FR\"><font face=\"Arial\">Pour tenter d&rsquo;expliquer les cons\u00e9quences \u00e9ventuelles d&rsquo;une telle d\u00e9cision, Magharebia a rencontr\u00e9 Perez Trabelsi, le pr\u00e9sident de la <\/font><font><a href=\"http:\/\/www.magharebia.com\/cocoon\/awi\/xhtml1\/ar\/features\/awi\/features\/2011\/05\/19\/feature-04\" target=\"_blank\" rel=\"noopener\"><font face=\"Arial\">synagogue de Ghriba<\/font><\/a><\/font><font face=\"Arial\"> et responsable de la communaut\u00e9 juive de Tunisie. <\/font><\/span><\/p>\n<p align=\"justify\"><font face=\"Arial\"><b><span lang=\"FR\"><font>M<\/font><\/span><\/b><span lang=\"FR\"><font><b>agharebia : <\/b>Comment jugez-vous la d\u00e9cision prise par le gouvernement d&rsquo;annuler les c\u00e9l\u00e9brations religieuses annuelles ? <\/font><\/span><\/font><\/p>\n<p align=\"justify\"><font face=\"Arial\"><b><span lang=\"FR\"><font>Perez Trabelsi : <\/font><\/span><\/b><span lang=\"FR\"><font>Nous la jugeons avec un esprit ouvert, avec respect et compr\u00e9hension, parce qu&rsquo;il s&rsquo;agit d&rsquo;une bonne d\u00e9cision et d&rsquo;une bonne garantie, dans la mesure o\u00f9 la situation s\u00e9curitaire fragile dans la r\u00e9gion, notamment dans le sud de la Tunisie, et les probl\u00e8mes sociaux que conna\u00eet le pays, sont des conditions qui ne permettent honn\u00eatement pas d&rsquo;organiser ce rassemblement juif et des c\u00e9l\u00e9brations de chants et de rites religieux en cette p\u00e9riode cruciale que traverse la Tunisie. <\/font><\/span><\/font><\/p>\n<p align=\"justify\"><span lang=\"FR\"><font face=\"Arial\">J&rsquo;estime \u00e9galement que cette d\u00e9cision vient de la volont\u00e9 des autorit\u00e9s tunisiennes de vouloir \u00e9viter tout risque et probl\u00e8me susceptible de survenir et de d\u00e9t\u00e9riorer l&rsquo;image de la Tunisie comme \u00e9tant un pays ouvert aux cultures et aux religions et un exemple de coexistence pacifique et de coop\u00e9ration culturelle entre toutes les religions. <\/font><\/span><\/p>\n<p align=\"justify\"><font face=\"Arial\"><b><span lang=\"FR\"><font>Magharebia : <\/font><\/span><\/b><span lang=\"FR\"><font>Pensez-vous que cette annulation aura \u00e0 l&rsquo;avenir un effet n\u00e9gatif sur le nombre de touristes et de fid\u00e8les ? <\/font><\/span><\/font><\/p>\n<p align=\"justify\"><font face=\"Arial\"><b><span lang=\"FR\"><font>Trabelsi :<\/font><\/span><\/b><span lang=\"FR\"><font> Elle pourrait avoir une incidence relative pendant une ou deux saisons, mas je pense que la synagogue de Ghriba retrouvera sa place de v\u00e9ritable Mecque pour des milliers de Juifs d\u00e8s que possible, en particulier si la s\u00e9curit\u00e9 et la situation politique se stabilisent dans le pays. <\/font><\/span><\/font><\/p>\n<p align=\"justify\"><span lang=\"FR\"><font face=\"Arial\">Il est vrai qu&rsquo;apr\u00e8s 2002, date de l&rsquo;attentat terroriste qui avait ravag\u00e9 la synagogue, le nombre d&rsquo;arriv\u00e9es avait consid\u00e9rablement diminu\u00e9, et que cette baisse s&rsquo;\u00e9tait ressentie durant les quatre ann\u00e9es suivantes, mais la d\u00e9cision d&rsquo;annuler les c\u00e9l\u00e9brations de cette ann\u00e9e, bien qu&rsquo;elle soit \u00e9galement li\u00e9e \u00e0 des consid\u00e9rations s\u00e9curitaires, n&rsquo;est pas \u00e9quivalente. En r\u00e9alit\u00e9, elle montre que la Tunisie cherche \u00e0 pr\u00e9server les acquis des Juifs de Tunisie et \u00e0 prot\u00e9ger leurs int\u00e9r\u00eats. <\/font><\/span><\/p>\n<p align=\"justify\"><font face=\"Arial\"><b><span lang=\"FR\"><font>Magharebia : <\/font><\/span><\/b><span lang=\"FR\"><font>Apr\u00e8s la mort d&rsquo;<a href=\"http:\/\/www.magharebia.com\/cocoon\/awi\/xhtml1\/ar\/features\/awi\/features\/2011\/05\/04\/feature-01\" target=\"_blank\" rel=\"noopener\"><font>Oussama ben Laden<\/font><\/a>, craignez-vous une r\u00e9p\u00e9tition de l&rsquo;attentat suicide d&rsquo;al-Qaida en 2002 qui avait vis\u00e9 la synagogue ? <\/font><\/span><\/font><\/p>\n<p align=\"justify\"><font face=\"Arial\"><b><span lang=\"FR\"><font>Trabelsi : <\/font><\/span><\/b><span lang=\"FR\"><font>Non. Cet attentat ne se r\u00e9p\u00e9tera pas. Il est fort improbable, parce que depuis 2002, la Tunisie est devenue extr\u00eamement vigilante et ne peut laisser se reproduire de tels \u00e9v\u00e8nements sur son territoire visant ses ressortissants et ses visiteurs. La r\u00e9gion est s\u00e9curis\u00e9e et sera surveill\u00e9e pendant un certain temps, des entr\u00e9es sur l&rsquo;\u00eele de Djerba \u00e0 la proximit\u00e9 de la synagogue de Ghriba, que nous consid\u00e9rons comme l&rsquo;un des endroits les plus s\u00fbrs en Tunisie. <\/font><\/span><\/font><\/p>\n<p align=\"justify\"><font face=\"Arial\"><b><span lang=\"FR\"><font>Magharebia : <\/font><\/span><\/b><span lang=\"FR\"><font>Comment la communaut\u00e9 juive a-t-elle v\u00e9cu la r\u00e9volution tunisienne, et comment voit-elle son avenir en Tunisie ? <\/font><\/span><\/font><\/p>\n<p align=\"justify\"><font face=\"Arial\"><b><span lang=\"FR\"><font>Trabelsi : <\/font><\/span><\/b><span lang=\"FR\"><font>Nous y avons pris part, comme le reste du pays, et nous sommes heureux du changement. Parce que nous sommes des citoyens tunisiens, et partageons notre destin avec le reste des habitants de ce pays, auquel nous sommes fiers d&rsquo;appartenir. La r\u00e9volution tunisienne ne changera rien au statut des Juifs tunisiens, parce qu&rsquo;ils vivent dans le respect et la compr\u00e9hension des autres segments de la soci\u00e9t\u00e9 tunisienne qui diff\u00e8rent de nous par la religion, et parce qu&rsquo;ils sont int\u00e9gr\u00e9s dans la soci\u00e9t\u00e9 dans la vie quotidienne, sans aucun probl\u00e8me ni aucune difficult\u00e9 d&rsquo;interaction. <\/font><\/span><\/font><\/p>\n<p align=\"justify\"><span lang=\"FR\"><font face=\"Arial\">Nous n&rsquo;envisageons donc nullement de partir, et aucun Juif tunisien n&rsquo;envisage d&rsquo;abandonner son pays, en d\u00e9pit de l&rsquo;invitation faite par Isra\u00ebl d&rsquo;y \u00e9migrer, tout simplement parce que nous vivons en paix et en harmonie avec le reste de la Tunisie. Nous ne quitterons pas notre pays, notre lieu de naissance, quoi qu&rsquo;il arrive, parce que nous en faisons partie int\u00e9grante.<\/font><\/span><\/p>\n<p align=\"justify\"><span lang=\"FR\"><font face=\"Arial\">Source : \u00ab Maghrebia \u00bb Le 25-05-2011<\/font><\/span><\/p>\n<div>\n<p align=\"justify\"><span lang=\"FR\"><font face=\"Arial\">Lien : <\/font><a href=\"http:\/\/www.magharebia.com\/cocoon\/awi\/xhtml1\/fr\/features\/awi\/features\/2011\/05\/24\/feature-02\" target=\"_blank\" rel=\"noopener\"><font face=\"Arial\">http:\/\/www.magharebia.com\/cocoon\/awi\/xhtml1\/fr\/features\/awi\/features\/2011\/05\/24\/feature-02<\/font><\/a><\/span><\/p>\n<\/div>\n<p align=\"center\"><b><span lang=\"NO-BOK\"><\/p>\n<h4 style=\"color: blue;\"><font face=\"Arial\">Se h\u00e2ter avec lenteur&#8230; pour le 24 juillet<\/font><\/h4>\n<p> <\/span><\/b><\/p>\n<hr\/>\n<p>\u00a0<\/p>\n<p align=\"justify\">\u00a0<\/p>\n<p align=\"justify\"><span lang=\"NO-BOK\"><font face=\"Arial\">Par Ahmed NEMLAGHI<\/font><\/span><\/p>\n<p align=\"justify\">\u00a0<\/p>\n<p align=\"justify\"><span lang=\"NO-BOK\"><font face=\"Arial\">La Haute Instance ind\u00e9pendante pour les Elections a propos\u00e9 le report des \u00e9lections de la Constituante pour le 16 octobre.<\/font><\/span><\/p>\n<p align=\"justify\"><span lang=\"EN-US\"><font face=\"Arial\">Le pr\u00e9sident de ladite instance a motiv\u00e9 cette suggestion par l\u2019absence des conditions ad\u00e9quates pour l\u2019organisation des \u00e9lections \u00e0 la date fix\u00e9e initialement, soit le 24 juillet. <\/font><\/span><\/p>\n<p align=\"justify\"><font face=\"Arial\"><span lang=\"EN-US\"><font>Soumise au Gouvernement provisoire, cette suggestion a \u00e9t\u00e9 rejet\u00e9e, et il a \u00e9t\u00e9 d\u00e9cid\u00e9 de maintenir la date du 24 juillet, fix\u00e9e au d\u00e9part par <\/font><\/span><font><span lang=\"EN-US\">la Haute Instance<\/span><span lang=\"EN-US\"> pour la r\u00e9alisation des objectifs de <\/span><\/font><span lang=\"EN-US\"><font>la R\u00e9volution.<\/font><\/span><\/font><\/p>\n<p align=\"justify\">\u00a0<\/p>\n<p align=\"justify\"><font face=\"Arial\"><span lang=\"EN-US\"><font>En fait qu\u2019est-ce que <\/font><\/span><font><span lang=\"EN-US\">la Haute Instance<\/span><span lang=\"EN-US\"> pour les \u00e9lections : C\u2019est un organe dont les membres ont \u00e9t\u00e9 choisis par <\/span><span lang=\"EN-US\">la Haute Instance<\/span><span lang=\"EN-US\"> pour la r\u00e9alisation des objectifs de <\/span><span lang=\"EN-US\">la R\u00e9volution<\/span><\/font><span lang=\"EN-US\"><font>, parmi des juristes constitutionnalistes et des intellectuels qui sont bien vers\u00e9s dans ce domaine. Ce choix en lui-m\u00eame, a fait l\u2019objet de contestation de la part de ceux qui estiment que tout choix doit passer par le peuple. Cependant il faut que r\u00e8gne un climat de confiance afin de commencer \u00e0 faire asseoir les nouvelles institutions, dont la constituante qui sera charg\u00e9e d\u2019\u00e9laborer une nouvelle constitution. <\/font><\/span><\/font><\/p>\n<p align=\"justify\"><span lang=\"EN-US\"><font face=\"Arial\">Celle-ci sera de toutes les fa\u00e7ons soumise \u00e0 r\u00e9f\u00e9rendum.<\/font><\/span><\/p>\n<p align=\"justify\"><span lang=\"EN-US\"><font face=\"Arial\">C\u2019est la raison pour laquelle, il faut d\u00e9passer ce point, pour avancer et ne pas se bloquer dans des probl\u00e8mes sans fin, autrement rien ne pourra aboutir.<\/font><\/span><\/p>\n<p align=\"justify\"><font face=\"Arial\"><span lang=\"EN-US\"><font>Cette Haute Instance, constitu\u00e9e, il fallait passer sans attendre aux choses s\u00e9rieuses, \u00e0 savoir fixer une fois pour toute une date pour l\u2019\u00e9lection de <\/font><\/span><font><span lang=\"EN-US\">la Constituante.<\/span><\/font><span lang=\"EN-US\"><font><\/font><\/span><\/font><\/p>\n<p align=\"justify\"><span lang=\"EN-US\"><font face=\"Arial\">Une date a \u00e9t\u00e9 fix\u00e9e, \u00e0 savoir le 24 juillet prochain. Qu\u2019est-ce qui a motiv\u00e9 ce choix ?<\/font><\/span><\/p>\n<p align=\"justify\"><span lang=\"EN-US\"><font face=\"Arial\">Il fallait mettre fin \u00e0 cet \u00e9tat d\u2019instabilit\u00e9 face \u00e0 un gouvernement provisoire et dont la l\u00e9gitimit\u00e9 est contest\u00e9e. <\/font><\/span><\/p>\n<p align=\"justify\"><font face=\"Arial\"><span lang=\"EN-US\"><font>Cependant <\/font><\/span><font><span lang=\"EN-US\">la Haute Instance<\/span><\/font><span lang=\"EN-US\"><font> ind\u00e9pendante pour les Elections qui a propos\u00e9 le report de cette date au 16 octobre prochain a argu\u00e9 qu\u2019il y a absence de conditions ad\u00e9quates pour l\u2019organisation des \u00e9lections \u00e0 la date pr\u00e9vue du 24 juillet.<\/font><\/span><\/font><\/p>\n<p align=\"justify\"><span lang=\"EN-US\"><font face=\"Arial\">Le gouvernement pour sa part a \u00e9t\u00e9 pour le maintien de cette date.<\/font><\/span><\/p>\n<p align=\"justify\"><font face=\"Arial\"><span lang=\"NO-BOK\"><font>C\u2019est irr\u00e9versible et c\u2019est tant mieux. <\/font><\/span><span lang=\"EN-US\"><font>On commence \u00e0 voir le bout du tunnel. Afin d\u2019\u00e9clairer l\u2019opinion publique, nous nous sommes adress\u00e9s \u00e0 certains membres des composantes sociales, afin de requ\u00e9rir leurs avis sur cette d\u00e9cision.<\/font><\/span><\/font><\/p>\n<p align=\"justify\"><span lang=\"EN-US\"><font face=\"Arial\">Selon ceux qui sont pour le maintien, il importe de sortir de cet \u00e9tat de pr\u00e9carit\u00e9 avec un gouvernement provisoire et une situation de d\u00e9rive s\u00e9curitaire.<\/font><\/span><\/p>\n<p align=\"justify\"><font face=\"Arial\"><span lang=\"EN-US\"><font>*Abdeljelil Dahri,juriste et pr\u00e9sident du r\u00e9seau tunisien des droits de l\u2019Homme, des Libert\u00e9s et de la dignit\u00e9: \u00abIl faut agir au plus vite afin de sortir de cette situation de pr\u00e9carit\u00e9, que peuvent exploiter ceux qui sont contre <\/font><\/span><span lang=\"EN-US\"><font>la R\u00e9volution.<\/font><\/span><\/font><\/p>\n<p align=\"justify\"><span lang=\"EN-US\"><font face=\"Arial\">Dans cet amalgame de r\u00e9actions il est n\u00e9cessaire de donner le pouvoir de d\u00e9cision au peuple et ce, par le biais du r\u00e9f\u00e9rendum.<\/font><\/span><\/p>\n<p align=\"justify\"><span lang=\"EN-US\"><font face=\"Arial\">Le maintien de la date du 24 juillet, mettra fin aux d\u00e9passements de certains \u00e9l\u00e9ments appartenant \u00e0 l\u2019ancien r\u00e9gime, et qui font encore partie des institutions administratives actuelles. Ces \u00e9l\u00e9ments ne cessent de saboter l\u2019action r\u00e9volutionnaire par tous les moyens, cependant que chez d\u2019autres de vieilles rancunes se r\u00e9veillent et ils profitent de cette situation de pr\u00e9carit\u00e9 pour proc\u00e9der \u00e0 des r\u00e8glements de compte personnels, sans tenir compte de l\u2019int\u00e9r\u00eat g\u00e9n\u00e9ral.<\/font><\/span><\/p>\n<p align=\"justify\"><span lang=\"EN-US\"><font face=\"Arial\">Cette situation est aggrav\u00e9e par le manque d\u2019exp\u00e9rience de certains nouveaux ministres qui ne connaissent pas parfaitement les r\u00e9alit\u00e9s des secteurs qu\u2019ils dirigent.<\/font><\/span><\/p>\n<p align=\"justify\"><span lang=\"EN-US\"><font face=\"Arial\">Et dans tout cela le peuple n\u2019est pas au courant de ce qui se passe en conseil des ministres, sur lesquels d\u2019ailleurs il y a peu d\u2019information.<\/font><\/span><\/p>\n<p align=\"justify\"><span lang=\"EN-US\"><font face=\"Arial\">Cette d\u00e9cision de maintien est donc la bienvenue \u00bb<\/font><\/span><\/p>\n<p align=\"justify\"><span lang=\"EN-US\"><font face=\"Arial\">*Pour Abdelwahab El Heni, chef du parti Al Majd,qui est pour le maintien de la date du 24 juillet, il d\u00e9plore cependant qu\u2019il n\u2019y ait aucune transparence des m\u00e9canismes des \u00e9lections, et appelle \u00e0 un congr\u00e8s national auquel participeront tous les partis et les forces vives de la nation, afin de tirer au clair ce point important.<\/font><\/span><\/p>\n<p align=\"justify\"><span lang=\"NO-BOK\"><font face=\"Arial\">Il faut comme la tortue de La Fontaine, se h\u00e2ter avec lenteur.<\/font><\/span><\/p>\n<p align=\"justify\"><span lang=\"EN-US\"><font face=\"Arial\">Dans cette fable cependant, l\u2019arriv\u00e9e \u00e9tait bien visible et connue d\u2019avance.<\/font><\/span><\/p>\n<p align=\"justify\"><span lang=\"EN-US\"><font face=\"Arial\">Mais concernant les \u00e9lections de la constituante, la date est fix\u00e9e, mais tous le monde a pour le moment l\u2019attitude du li\u00e8vre, adversaire de la tortue :<\/font><\/span><\/p>\n<p align=\"justify\"><span lang=\"NO-BOK\"><font face=\"Arial\">Il \u00e9coute d\u2019o\u00f9 vient le vent !<\/font><\/span><\/p>\n<p align=\"justify\"><span lang=\"EN-US\"><font face=\"Arial\">Source: \u201dLe Temps\u201d Le 25-05-2011<\/font><\/span><\/p>\n<div>\n<p align=\"justify\"><span lang=\"NO-BOK\"><font face=\"Arial\">Lien: <\/font><a href=\"http:\/\/www.letemps.com.tn\/article-56131.html\" target=\"_blank\" rel=\"noopener\"><font face=\"Arial\">http:\/\/www.letemps.com.tn\/article-56131.html<\/font><\/a><\/span><\/p>\n<\/div>\n<p align=\"center\"><b><span lang=\"NO-BOK\"><\/p>\n<h4 style=\"color: blue;\"><font face=\"Arial\">Le Kef \u2014 Projet minier de Sra Ouertane<\/font><\/h4>\n<p><\/span><\/b><\/p>\n<p align=\"center\"><b><span lang=\"EN-US\"><\/p>\n<h4 style=\"color: blue;\"><font face=\"Arial\">Enfin un vieux r\u00eave concr\u00e9tis\u00e9 !<\/font><\/h4>\n<p><\/span><\/b><\/p>\n<hr\/>\n<p>\u00a0<\/p>\n<p align=\"justify\"><em><span lang=\"EN-US\"><font face=\"Arial\">Le gouvernement donne son feu vert pour l\u2019exploitation du gisement de phosphate de Sra Ouertane dans le sud du gouvernorat du Kef, mettant fin \u00e0 un blocage qui a longtemps fait mal \u00e0 une r\u00e9gion o\u00f9 le ch\u00f4mage a toujours \u00e9t\u00e9 \u00e9lev\u00e9<\/font><\/span><\/em><font><i><span lang=\"EN-US\"> <\/span><\/i><\/font><font face=\"Arial\"><font><span lang=\"EN-US\">Enfin les habitants du sud du gouvernorat du Kef viennent d\u2019obtenir gain de cause apr\u00e8s la r\u00e9ponse favorable donn\u00e9e par le gouvernement de transition pour l\u2019exploitation du gisement de phosphate de Sra Ouertane, un projet qui a toujours \u00e9t\u00e9 bloqu\u00e9 par l\u2019ancien r\u00e9gime qui a tout fait pour appauvrir \u00e0 dessein toutes les r\u00e9gions de l\u2019int\u00e9rieur en ne leur accordant que des miettes du budget de l\u2019Etat, entra\u00eenant de la sorte une r\u00e9elle marginalisation des gouvernorats du nord-ouest pendant plus d\u2019un demi-si\u00e8cle. Le projet de Sra Ouertane devait d\u2019ailleurs d\u00e9marrer dans les ann\u00e9es 80, mais h\u00e9las ! Des raisons politiques assorties de mensonges \u00e9conomiques ont fait tomber \u00e0 l\u2019eau le projet dont les r\u00e9percussions sur l\u2019emploi sont tr\u00e8s cons\u00e9quentes. Avec des r\u00e9serves estim\u00e9es \u00e0 20 milliards de tonnes de phosphate \u00e0 exploiter \u00e0 ciel ouvert, la mine de Sra Ouertane pourrait fournir un minimum de deux mille postes d\u2019emploi, selon plusieurs \u00e9tudes \u00e9conomiques men\u00e9es par des experts en la mati\u00e8re, d\u2019autant que les co\u00fbts de production sont aussi tr\u00e8s all\u00e9chants eu \u00e9gard \u00e0 la nature du gisement dont la teneur en minerai est significative. D\u2019ailleurs, l\u2019ancien r\u00e9gime a cherch\u00e9, dans un premier temps, \u00e0 mettre en place un projet d\u2019exploitation de la mine dans le cadre d\u2019un appel d\u2019offres international tr\u00e8s contraignant pour les soci\u00e9t\u00e9s participantes qui ont d\u00e9clin\u00e9 l\u2019offre et pr\u00e9f\u00e9r\u00e9 renoncer \u00e0 l\u2019exploitation de ce gisement qui devrait se d\u00e9rouler selon une cadence de 20 millions de tonnes par an \u00e0 m\u00eame de d\u00e9gager pr\u00e8s de 4,5 millions de tonnes de minerai trait\u00e9. Une aubaine pour la r\u00e9gion qui esp\u00e8re aussi que le traitement du phosphate se passera en Tunisie de fa\u00e7on \u00e0 favoriser une plus-value suppl\u00e9mentaire pour l\u2019emploi dans la r\u00e9gion. Actuellement, les prix du phosphate suivent une courbe ascendante qui devrait continuer sur sa lanc\u00e9e, suite \u00e0 la hausse des prix des mati\u00e8res premi\u00e8res (c\u00e9r\u00e9ales surtout) et aux perspectives internationales qui tablent sur une hausse de la demande du march\u00e9 international en bl\u00e9 et en farine et qui requiert donc une hausse de la production et donc de l\u2019usage des intrants, comme le super phosphate et le dia ammonium phosphat\u00e9 (DAP) utilis\u00e9s tous deux de fa\u00e7on courante dans l\u2019agriculture intensive (bl\u00e9 dur, bl\u00e9 tendre, orge, tritical et fourrages). Auquel cas l\u2019on peut parler de bout du tunnel pour une affaire qui n\u2019a que trop dur\u00e9 et fait souffrir une population en mal d\u2019emploi. Dans la foul\u00e9e, un autre projet est lui aussi venu raviver l\u2019espoir chez les habitants de la bande frontali\u00e8re, apr\u00e8s l\u2019accord donn\u00e9 par le gouvernement de transition pour la cr\u00e9ation d\u2019une zone industrielle \u00e0 Sakiet Sidi Youssef qui va permettre de mettre en place une zone de libre-\u00e9change avec un noyau \u00e0 Kala\u00e2t Senan. <\/span><\/font><span lang=\"NO-BOK\"><font>Peut-on donc parler d\u2019un r\u00e9veil de la r\u00e9gion et d\u2019un essor industriel en perspective ? Tous les feux sont verts et le r\u00eave est permis<\/font><\/span><\/font><\/p>\n<p align=\"justify\"><span lang=\"NO-BOK\"><font face=\"Arial\">Source: \u201cLa Presse\u201d Le 25-05-2011<\/font><\/span><\/p>\n<div>\n<p align=\"justify\"><font face=\"Arial\"><span lang=\"NO-BOK\"><font>Lien: <\/font><\/span><span lang=\"EN-US\"><a href=\"http:\/\/www.lapresse.tn\/25052011\/29917\/enfin-un-vieux-reve-concretise.html\" target=\"_blank\" rel=\"noopener\"><span lang=\"NO-BOK\"><font>http:\/\/www.lapresse.tn\/25052011\/29917\/enfin-un-vieux-reve-concretise.html<\/font><\/span><\/a><\/span><\/font><\/p>\n<\/div>\n<p align=\"center\"><b><span lang=\"FR\"><\/p>\n<h4 style=\"color: blue;\"><font face=\"Arial\">2011 en Tunisie: le printemps de l\u2019action citoyenne<\/font><\/h4>\n<p> <\/span><\/b><\/p>\n<hr\/>\n<p>\u00a0<\/p>\n<p align=\"justify\"><span lang=\"FR\"><font face=\"Arial\"><font>Par <\/font><strong><span><font>Emmanuelle Houerbi<\/font><\/span><\/strong><\/font><\/span><\/p>\n<p align=\"justify\"><span lang=\"FR\"><font face=\"Arial\">S\u2019il y avait une le\u00e7on \u00e0 tirer du premier Forum Tuniso-fran\u00e7ais de la soci\u00e9t\u00e9 civile, qui a eu lieu ce weekend \u00e0 Tunis, c\u2019est s\u00fbrement le r\u00f4le majeur jou\u00e9 par l\u2019action associative sur la vie de la cit\u00e9, condition sine qua non d\u2019une d\u00e9mocratie digne de ce nom. Tout le monde peut participer\u2026 chacun \u00e0 son niveau.<\/font><\/span><\/p>\n<p align=\"justify\"><strong><span lang=\"FR\"><font face=\"Arial\">Des participants de tous horizons<\/font><\/span><\/strong><font><b><span lang=\"FR\"> <\/span><\/b><\/font><span lang=\"FR\"><font face=\"Arial\">L\u2019affluence inesp\u00e9r\u00e9e \u00e0 ce Forum (plus de 500 personnes) a confirm\u00e9 la vitalit\u00e9 du sentiment citoyen post-14 janvier. Impossible de donner une image fid\u00e8le de la diversit\u00e9 du public pr\u00e9sent: des associations, Ong ou fondations, tunisiennes, fran\u00e7aises ou internationales, petites ou grandes, anciennes ou nouvellement cr\u00e9\u00e9es\u2026 avec toutes en commun la volont\u00e9 d\u2019\u0153uvrer en faveur de l\u2019int\u00e9r\u00eat g\u00e9n\u00e9ral. Etaient pr\u00e9sents aussi des intellectuels, des entreprises et des responsables politiques; rien que du beau monde, confirmant s\u2019il en \u00e9tait besoin que la Tunisie est une destination en vogue et que le d\u00e9sir de contribuer au succ\u00e8s de la transition d\u00e9mocratique est bien r\u00e9el, en Tunisie comme ailleurs.<\/font><\/span><\/p>\n<p align=\"justify\"><strong><span lang=\"FR\"><font face=\"Arial\">Il y en a pour tous les go\u00fbts<\/font><\/span><\/strong><font><b><span lang=\"FR\"> <\/span><\/b><\/font><span lang=\"FR\"><font face=\"Arial\">S\u2019il y a une vie \u00e0 c\u00f4t\u00e9 de la politique, c\u2019est bien l\u2019action associative. En cette p\u00e9riode d\u00e9licate o\u00f9 bon nombre de Tunisiens se m\u00e9fient despartis politiques et des syndicats, ce n\u2019estpas un hasard si beaucoup se tournent vers le milieu associatif. Premi\u00e8re \u00e9tape avant de s\u2019engager: se demander ce qu\u2019on voudrait changer dans le pays, s\u2019indigner m\u00eame parfois comme le pr\u00e9conise le si m\u00e9diatique St\u00e9phane Hessel et enfin imaginer les moyens d\u2019agir concr\u00e8tement. A ce stade, tout naturellement, l\u2019id\u00e9e d\u2019une association peut germer, et les possibilit\u00e9s sont infinies, puisqu\u2019un tel projet peut viser aussi bien la pr\u00e9servation de l\u2019environnement en g\u00e9n\u00e9ral que la sauvegarde d\u2019un site naturel bien pr\u00e9cis, concerner les jeunes, les moins jeunes, les handicap\u00e9s, la d\u00e9fense du droit \u00e0 l\u2019\u00e9ducation, \u00e0 la sant\u00e9, \u00e0 l\u2019\u00e9galit\u00e9&#8230; A chacun de faire son choix, en fonction de ses comp\u00e9tences et de ses aspirations.<\/font><\/span><\/p>\n<p align=\"justify\"><strong><span lang=\"FR\"><font face=\"Arial\">Agir, oui, mais efficacement<\/font><\/span><\/strong><font><b><span lang=\"FR\"> <\/span><\/b><\/font><span lang=\"FR\"><font face=\"Arial\">Sur les quelques 10.000 associations existant aujourd\u2019hui en Tunisie, combien sont r\u00e9ellement cr\u00e9dibles, ind\u00e9pendantes, auto-suffisantes, capables de r\u00e9aliser leurs objectifs et de peser sur la vie publique et sur les d\u00e9bats locaux, nationaux et m\u00eame internationaux?  Alors qu\u2019on ne passe pas du jour au lendemain du statut d\u2019outil au service de l\u2019Etat ou de \u00ab hors-la-loi \u00bb sans visibilit\u00e9 \u00e0 un r\u00f4le d\u2019aiguillon, de garde-fou et de force de proposition et d\u2019action, combien peuvent se r\u00e9former, se moderniser, obtenir les financements n\u00e9cessaires pour, en fin de compte, relever les d\u00e9fis de l\u2019apr\u00e8s-r\u00e9volution?  Pour r\u00e9ussir cette mutation de la soci\u00e9t\u00e9 civile tunisienne, le Forum a fait ressortir l\u2019obligation pour tous les acteurs de partager leurs exp\u00e9riences, leurs comp\u00e9tences et leurs moyens, de s\u2019unir, et de cr\u00e9er des fronts, comme le font de leur c\u00f4t\u00e9 les partis politiques.<\/font><\/span><\/p>\n<p align=\"justify\"><strong><span lang=\"FR\"><font face=\"Arial\">Un forum, et apr\u00e8s?<\/font><\/span><\/strong><font><b><span lang=\"FR\"> <\/span><\/b><\/font><span lang=\"FR\"><font><font face=\"Arial\">Parce que l\u2019action associative offre une grande souplesse et permet d\u2019agir rapidement sur le terrain, le Forum a d\u00e9j\u00e0 permis de d\u00e9finir des projets concrets. S\u2019il est impossible de les citer tous, nous \u00e9voqueronspar exemple l\u2019accord entre le collectif tunisien Randet et \u00abFrance nature environnement\u00bb, des projets visant \u00e0 inciter les jeunes \u00e0 voter lors des prochaines \u00e9lections (comme un bus citoyen sillonnant la Tunisie ou une action de sensibilisation via le web et les m\u00e9dias sociaux propos\u00e9e par l\u2019Unesco), la cr\u00e9ation avec \u00abFrance volontaires\u00bb d\u2019une plateforme tunisienne de volontariat citoyen comme il en existe d\u00e9j\u00e0 en Alg\u00e9rie et au Maroc, ou encore un projet de formation des formateurs en \u00e9ducation \u00e0 l\u2019environnement.  L\u2019ambassade de France, initiatrice et co-organisatrice du Forum, a d\u2019ailleurs d\u00e9taill\u00e9 sur son site les diff\u00e9rents <\/font><a href=\"http:\/\/www.ambassadefrance-tn.org\/spip.php?article1045#Conclusions-du-Forum-tuniso\" target=\"_blank\" rel=\"noopener\"><font face=\"Arial\">projets concrets<\/font><\/a><font face=\"Arial\"> n\u00e9s du forum et la liste, aussi exhaustive que possible, des <\/font><a href=\"http:\/\/www.ambassadefrance-tn.org\/spip.php?article1045#Liste-des-participants\" target=\"_blank\" rel=\"noopener\"><font face=\"Arial\">associations pr\u00e9sentes<\/font><\/a><\/font><font face=\"Arial\">. Tout en exprimant sa volont\u00e9 de mettre en place un comit\u00e9 de suivi, des r\u00e9unions r\u00e9guli\u00e8res et de futurs forums, aussi bien en France qu\u2019en Tunisie. Avec, car c\u2019est essentiel, l\u2019appui des pouvoirs publics, des entreprises et de l\u2019ensemble des citoyens et de la soci\u00e9t\u00e9.<\/font><\/span><\/p>\n<p align=\"justify\"><span lang=\"FR\"><font face=\"Arial\">Source : \u00ab Kapitalis \u00bb Le 25-05-2011<\/font><\/span><\/p>\n<div>\n<p align=\"justify\"><span lang=\"FR\"><font face=\"Arial\">Lien : <\/font><a href=\"http:\/\/www.kapitalis.com\/fokus\/62-national\/4072-2011-en-tunisie-le-printemps-de-laction-citoyenne.html\" target=\"_blank\" rel=\"noopener\"><font face=\"Arial\">http:\/\/www.kapitalis.com\/fokus\/62-national\/4072-2011-en-tunisie-le-printemps-de-laction-citoyenne.html<\/font><\/a><\/span><\/p>\n<\/div>\n<h4 align=\"center\" style=\"color: blue;\"><span lang=\"EN-US\"><\/p>\n<h4 style=\"color: blue;\"><font face=\"Arial\">Tunisie &#8211; Elections : une date, deux dates et \u00e7a red\u00e9marre<\/font><\/h4>\n<p> <\/span><\/h4>\n<hr\/>\n<p align=\"justify\"><span lang=\"EN-US\"><font face=\"Arial\">Le conseil des ministres a exprim\u00e9 son soutien au d\u00e9roulement des \u00e9lections \u00e0 sa date initiale du 24 juillet 2011. Il rejette de fait la proposition de la Commission sup\u00e9rieure ind\u00e9pendante des \u00e9lections qui avait sugg\u00e9r\u00e9 de reporter les \u00e9lections pour le 16 octobre prochain.<\/font><\/span><font> <font face=\"Arial\">Le pr\u00e9sident de la Commission, Kamel Jendoubi, avait affirm\u00e9 en effet, lors d\u2019une conf\u00e9rence de presse tenue dimanche 22 mai, que techniquement, il \u00e9tait impossible d\u2019organiser des \u00e9lections libres, d\u00e9mocratiques et sans failles dans un d\u00e9lai aussi court. <\/font> <font face=\"Arial\">Le conseil des ministres a affirm\u00e9 mardi qu\u2019au contraire, ces \u00e9lections peuvent se tenir \u00e0 la date pr\u00e9vue et qu\u2019il mettait \u00e0 la disposition de la Commission sup\u00e9rieure ind\u00e9pendante des \u00e9lections toute la logistique n\u00e9cessaire pour faire son travail. Le m\u00eame jour, le Pr\u00e9sident de la r\u00e9publique par int\u00e9rim Foued Mebaza\u00e2 annonce qu\u2019il avait sign\u00e9 depuis le 20 mai le d\u00e9cret appelant les \u00e9lecteurs aux urnes pour choisir les membres de la future Assembl\u00e9e constituante le 24 juillet prochain. Ce d\u00e9cret publi\u00e9 dans le journal officiel du 24 mai 2011 devrait en principe clore le d\u00e9bat autour de la date de ces \u00e9lections. Rien n\u2019est moins certain. <\/font><span lang=\"EN-US\"> <font face=\"Arial\"><font>Depuis quelques semaines d\u00e9j\u00e0, on avait senti que la date des \u00e9lections de la Constituante \u00e9tait devenue un enjeu politique et que le dossier \u00e9tait devenu la boule de feu que les actants politiques se lan\u00e7aient les uns les autres. Mais tous ceux qui sont pour, autant que ceux qui sont contre, sont convaincus, \u00e0 des degr\u00e9s divers, que les d\u00e9lais \u00e9taient r\u00e9ellement serr\u00e9s. Pour cause les tergiversations du gouvernement d\u2019une part, l\u2019administration approximative des d\u00e9bats au sein de la Haute instance pour la r\u00e9alisation des objectifs de la R\u00e9volution, de la r\u00e9forme politique et de la transition d\u00e9mocratique d\u2019autre part, mais surtout les d\u00e9bats houleux, interminables et futiles que se sont livr\u00e9s les partenaires politiques, ont fini par rendre la question du report de la date du 24 juillet in\u00e9luctable. <\/font> <font>Tous ont attendu que le pr\u00e9sident de la Commission sup\u00e9rieure ind\u00e9pendante propose le report pour se positionner tout en se disculpant de toute responsabilit\u00e9 dans ce report. <\/font><\/font><\/span><span lang=\"NO-BOK\"><font face=\"Arial\"><font>La contrainte inavouable dans cela, \u00e9tant de ne pas froisser le sentiment de la large majorit\u00e9 qui se dessine au sein de l\u2019opinion publique tunisienne, lass\u00e9e par les petites querelles politiciennes, en faveur du maintien de la date initiale du 24 juillet.<\/font> <font>D\u2019ailleurs le dernier sondage, r\u00e9alis\u00e9 \u00e0 ce propos, a fait ressortir que 67% des Tunisiens \u00e9taient pour le maintien de la fameuse date du 24 juillet.<\/font> <\/font><\/span><span lang=\"EN-US\"><font face=\"Arial\"><font>Le gouvernement, de son c\u00f4t\u00e9, \u00e9tait certainement convaincu que la tenue de ces \u00e9lections dans huit semaines n\u2019\u00e9tait pas r\u00e9aliste. Mais il ne pouvait pas le dire et prendre les devants sur une question aussi d\u00e9licate au risque de se voir accuser de chercher \u00e0 rallonger sa long\u00e9vit\u00e9 et dans ces temps de colique verbale, pourquoi pas de complot contre-r\u00e9volutionnaire. <\/font> <\/font><\/span><span lang=\"NO-BOK\"><font face=\"Arial\"><font>Il \u00e9tait imp\u00e9ratif donc pour le Premier ministre et son gouvernement que la d\u00e9cision du report ne vienne pas du c\u00f4t\u00e9 de la Kasbah. <\/font> <font>Le report des \u00e9lections \u00e9tait envisageable donc. Mais, politique inv\u00e9t\u00e9r\u00e9 comme il est, B\u00e9ji Ca\u00efd Essebsi a d\u00fb prendre tr\u00e8s mal le fait que Kamel Jendoubi ne l\u2019informe pas de la date propos\u00e9e pour le report, lui qu\u2019il avait pourtant re\u00e7u, dimanche matin, soit quelques heures avant que ce dernier ne tienne sa conf\u00e9rence de presse. <\/font> <font>Entre deux personnalit\u00e9s tremp\u00e9es, l\u2019une ne faisant aucune concession sur ses pr\u00e9rogatives et l\u2019autre jalouse de son ind\u00e9pendance et de son autonomie, la partie \u00e9tait exaltante et le sc\u00e9nario d\u2019arriv\u00e9e risquait fort de ne pas \u00eatre conforme \u00e0 l\u2019intrigue de d\u00e9part.<\/font> <font>De toute fa\u00e7on, la loi \u00e9lectorale pr\u00e9voyant un d\u00e9lai de soixante jours pour cette phase, le pr\u00e9sident de la R\u00e9publique Foued Mebaza\u00e2, en promulguant le d\u00e9cret appelant les \u00e9lecteurs pour le 24 juillet prochain, donne l\u2019avantage \u00e0 son Premier ministre qui, m\u00eame en ayant marqu\u00e9 un point, n\u2019aura pas la t\u00e2che ais\u00e9e durant les prochaines semaines. <\/font><\/font><\/span><\/font><span lang=\"EN-US\"><font face=\"Arial\"><font><font>Il devra d\u2019abord faire face aux exigences de la Commission sup\u00e9rieure ind\u00e9pendante pour les \u00e9lections et lui accorder tous les moyens mat\u00e9riels, financiers, techniques et humains qu\u2019elle r\u00e9clame.<\/font> <font>Il devra ensuite entrer en n\u00e9gociation avec les partenaires politiques. Pas ceux qui soutiennent la date du 24 juillet uniquement, qui ont \u00e9t\u00e9 malmen\u00e9s dans tous les sens depuis le d\u00e9clenchement de cette affaire et qui risquent de mal dig\u00e9rer cette nouvelle couleuvre, mais surtout ceux qui \u00e9taient r\u00e9ticents depuis le d\u00e9part et qui vont profiter de la situation pour remettre sur le tapis leurs propositions notamment celles d\u2019\u00e9lections pr\u00e9sidentielles pour certains et pourquoi pas de r\u00e9f\u00e9rendum pour d\u2019autres. Autant dire que la r\u00e9volution n\u2019est pas au bout de ses peines.<\/font><\/font><\/font><\/span><\/p>\n<p align=\"justify\"><span lang=\"EN-US\"><font face=\"Arial\">Source: \u201cBusiness News\u201d Le 25-05-2011<\/font><\/span><\/p>\n<div>\n<p align=\"justify\"><span lang=\"NO-BOK\"><font face=\"Arial\">Lien: <\/font><a href=\"http:\/\/www.businessnews.com.tn\/Tunisie---Elections--une-date,-deux-dates-et-\u00e7a-red\u00e9marre,519,24946,1\" target=\"_blank\" rel=\"noopener\"><font face=\"Arial\">http:\/\/www.businessnews.com.tn\/Tunisie&#8212;Elections&#8211;une-date,-deux-dates-et-\u00e7a-red\u00e9marre,519,24946,1<\/font><\/a><\/span><\/p>\n<\/div>\n<p align=\"center\"><b><span lang=\"EN-US\"><\/p>\n<h5 style=\"color: blue;\"><font face=\"Arial\">Ennahdha encourage la FGPT \u00e0 bloquer Tunisie Telecom<\/font><\/h5>\n<p> <\/span><\/b><\/p>\n<hr\/>\n<p>\u00a0<\/p>\n<p align=\"justify\"><span lang=\"FR\"><font face=\"Arial\">La branche du parti Ennahdha \u00e0 Sfax a publi\u00e9 sur Facebook un fac-simil\u00e9 d\u2019une lettre envoy\u00e9e \u00e0 Mongi Ben Mbarek, le Secr\u00e9taire g\u00e9n\u00e9ral du syndicat FGPT. Dans cette lettre, le parti d\u00e9clare ouvertement soutenir l\u2019action sociale du syndicat et l\u2019encourage m\u00eame \u00e0 continuer le sit-in et les gr\u00e8ves qui bloquent la soci\u00e9t\u00e9 Tunisie Telecom depuis presque trois mois.<\/font><\/span><\/p>\n<p align=\"justify\"><span lang=\"FR\"><font face=\"Arial\">De source interne, plusieurs directions r\u00e9gionales de l\u2019op\u00e9rateur historique affichent un taux d\u2019absent\u00e9isme de 100% et, en particulier, les actels, les call-centers et les services techniques. Mises \u00e0 part les pertes \u00e9normes et les pr\u00e9judices que subit l\u2019entreprise, c\u2019est \u00e9galement les clients qui se trouvent pi\u00e9g\u00e9s par un syndicat qui ne voit pas plus loin que son nombril. Sans parler du pr\u00e9judice que cela cause aux clients, comme TunisieNumerique vous le signalait dans son article <\/font><font><a href=\"http:\/\/www.tunisienumerique.com\/2011\/05\/tunisie-telecom-des-lignes-coupees-ou-en-derangement\/\" target=\"_blank\" rel=\"noopener\"><font face=\"Arial\">tunisie-telecom-des-lignes-coupees-ou-en-derangement<\/font><\/a><\/font><font face=\"Arial\">.<\/font><\/span><\/p>\n<p align=\"justify\"><span lang=\"FR\"><font face=\"Arial\">L\u2019activation des lignes ainsi que les r\u00e9parations sont en effet au point mort depuis le d\u00e9but du mouvement. Reste \u00e0 savoir maintenant si le Parti du Travail Tunisien (PTT), parti issu de l\u2019UGTT, va appr\u00e9cier le geste, d\u2019autant plus qu\u2019il s\u2019est gr\u00e9ff\u00e9 sur ce mouvement social pour mener sa campagne \u00e9l\u00e9ctorale.<\/font><\/span><\/p>\n<p align=\"justify\"><span lang=\"EN-US\"><font face=\"Arial\">Source: \u201cTunisie Numerique\u201d Le 25-05-2011<\/font><\/span><\/p>\n<div>\n<p align=\"justify\"><span lang=\"NO-BOK\"><font face=\"Arial\">Lien: <\/font><a href=\"http:\/\/www.tunisienumerique.com\/2011\/05\/ennahdha-encourage-la-fgpt-a-bloquer-tunisie-telecom\/\" target=\"_blank\" rel=\"noopener\"><font face=\"Arial\">http:\/\/www.tunisienumerique.com\/2011\/05\/ennahdha-encourage-la-fgpt-a-bloquer-tunisie-telecom\/<\/font><\/a><\/span><\/p>\n<\/div>\n<p align=\"center\"><b><span lang=\"EN-US\"><\/p>\n<h5 style=\"color: blue;\"><font face=\"Arial\">Soudain La R\u00e9volution ! G\u00e9o-psychanalyse d\u2019un soul\u00e8vement<\/font><\/h5>\n<p><\/span><\/b><\/p>\n<p align=\"center\"><b><span lang=\"EN-US\"><\/p>\n<h5 style=\"color: blue;\"><font face=\"Arial\">\u201cNouveau livre de Fethi Ben Slama chez C\u00e9r\u00e8s Editions\u201d<\/font><\/h5>\n<p><\/span><\/b><\/p>\n<p><b><span lang=\"EN-US\"><\/p>\n<hr\/>\n<p><\/span><\/b>\u00a0<\/p>\n<p align=\"justify\"><span lang=\"EN-US\"><font face=\"Arial\">Soudain, le peuple tunisien s&rsquo;est soulev\u00e9 ! Nul n&rsquo;avait pr\u00e9vu cet \u00e9v\u00e8nement. Pourquoi ce peuple, r\u00e9put\u00e9 pour sa mod\u00e9ration, a-t-il invent\u00e9 la premi\u00e8re r\u00e9volution du XXIe si\u00e8cle? Quelles en ont \u00e9t\u00e9 les causes profondes, au-del\u00e0 des explications socio-\u00e9conomiques, insuffisantes pour penser \u00e0 ce moment o\u00f9 des femmes et des hommes se sont lev\u00e9s ensemble pour s&rsquo;\u00e9manciper ? Il faut s&rsquo;interroger sur les dimensions, \u00e0 la fois politique et subjective, de ce bouleversement pour pouvoir en rendre compte.  C&rsquo;est cette double approche que privil\u00e9gie Fethi Benslama, qui a suivi ce processus r\u00e9volutionnaire avec passion. Pour l&rsquo;\u00e9clairer, il use des ressources de la psychanalyse et de la philosophie.  Fethi Benslama, psychanalyste tunisien, est Professeur \u00e0 l&rsquo;Universit\u00e9 de Paris VII o\u00f9 il dirige l&rsquo;UFR \u00ab Sciences humaines cliniques \u00bb. Il est l&rsquo;auteur de plusieurs remarquables essais, dont \u2018\u2019La Psychanalyse \u00e0 l&rsquo;\u00e9preuve de l&rsquo;Islam (2002)\u2019\u2019 et \u2018\u2019D\u00e9claration d&rsquo;insoumission \u00e0 l&rsquo;usage des musulmans et de ceux qui ne le sont pas (2006)\u2019\u2019.  Auteur proph\u00e9tique d&rsquo;une D\u00e9claration d&rsquo;insoumission, publi\u00e9e en 2006, fort de son engagement de longue date pour la d\u00e9fense de la d\u00e9mocratie et des libert\u00e9s, il livre aussi dans cet ouvrage le fruit de ses r\u00e9flexions sur l&rsquo;\u00e9tat du monde arabe. Il met l&rsquo;accent sur la mutation inaper\u00e7ue qui a conduit ses sujets \u00e0 sortir de la double entrave qu&rsquo;ils subissaient, entre pouvoirs autoritaires et r\u00e9gimes islamistes, afin de ne plus sacrifier leur d\u00e9sir de libert\u00e9 \u00e0 la qu\u00eate d&rsquo;identit\u00e9.<\/font><\/span><\/p>\n<p align=\"justify\"><span lang=\"EN-US\"><font face=\"Arial\">Source: \u201cTunivisions\u201d Le 25-05-2011<\/font><\/span><\/p>\n<div>\n<p align=\"justify\"><font face=\"Arial\"><span lang=\"NO-BOK\"><font>Lien: <\/font><\/span><span lang=\"EN-US\"><a href=\"http:\/\/www.tunivisions.net\/soudain-la-revolution-geo-psychanalyse-d-un-soulevement,12326.html\" target=\"_blank\" rel=\"noopener\"><span lang=\"NO-BOK\"><font>http:\/\/www.tunivisions.net\/soudain-la-revolution-geo-psychanalyse-d-un-soulevement,12326.html<\/font><\/span><\/a><\/span><\/font><\/p>\n<\/div>\n<h5 align=\"center\" style=\"color: blue;\"><span lang=\"EN\"><\/p>\n<h5 style=\"color: blue;\"><font face=\"Arial\">LEBANON: Did Tunisia&rsquo;s tyrant buy off Hezbollah TV?<\/font><\/h5>\n<p> <\/span><\/h5>\n<hr\/>\n<p align=\"justify\"><span lang=\"EN\"><font face=\"Arial\">The Tunisian newspaper <\/font><font><a href=\"http:\/\/www.assabah.com.tn\/article-53497.html\" target=\"_blank\" rel=\"noopener\"><span><font face=\"Arial\">Sabah<\/font><\/span><\/a><\/font><font face=\"Arial\"> (link in Arabic) reported Monday that Hezbollah&rsquo;s Al-Manar television was allegedly paid $100,000 to polish up the image of deposed Tunisian dictator Zine el Abidine ben Ali. <\/font><\/span><\/p>\n<p align=\"justify\"><span lang=\"EN\"><font face=\"Arial\">In addition to bribing Al-Manar, the former president also paid other international news agencies to portray him as a \u00ab\u00a0promoter of human rights\u00a0\u00bb and a leader of a country that respected the rule of law, Sabah reported, cited documents it had obtained from a secretive Tunisian propaganda arm.<\/font><\/span><\/p>\n<p align=\"justify\"><span lang=\"EN\"><font face=\"Arial\">According to the Tunisian newspaper, Ben Ali was purportedly successful in suppressing national media by portraying them as mouthpieces of local mafias.<\/font><\/span><\/p>\n<p align=\"justify\"><span lang=\"EN\"><font face=\"Arial\">The autocratic regime was less creative with it came to foreign news agencies, and opted to instead to pay them to put Ben Ali in a positive light, the paper said.<\/font><\/span><\/p>\n<p align=\"justify\"><span lang=\"EN\"><font face=\"Arial\">To this end, the regime established ACTE, the Tunisian Agency for External Communications, to collect money from state organizations, including state-owned radio and television, and dole it out to foreign journalists, the paper said. <\/font><\/span><\/p>\n<p align=\"justify\"><span lang=\"EN\"><font face=\"Arial\">According to Sabah, records kept by ACTE dealt exclusively with \u00ab\u00a0a project to develop a media relationship between ACTE and Lebanese news stations.\u00a0\u00bb The files allegedly date back to January 2010. <\/font><\/span><\/p>\n<p align=\"justify\"><span lang=\"EN\"><font face=\"Arial\">The director of the Beirut office for ACTE proposed that Tunisia increase the annual amount it had been paying Nahar, a Lebanese anti-Syrian\/pro-American newspaper, from $50,000 to $75,000 in order to brighten Ben Ali&rsquo;s international image.<\/font><\/span><\/p>\n<p align=\"justify\"><span lang=\"EN\"><font face=\"Arial\">In addition it was also suggested that the pan-Arab, left-leaning Lebanese newspaper Safir be bought off with another $50,000, Sabah reported.<\/font><\/span><\/p>\n<p align=\"justify\"><span lang=\"EN\"><font face=\"Arial\">Lebanese television stations were reportedly even more voracious. One, parliamentary speaker Nabih Berri&rsquo;s NBN, \u00ab\u00a0demanded that payments double in order to increase promotional support,\u00a0\u00bb Sabah said. <\/font><\/span><\/p>\n<p align=\"justify\"><span lang=\"EN\"><font face=\"Arial\">The newspaper said Al-Manar, which used to receive $150,000 a year to support the Ben Ali regime, asked for an extra $50,000 annually if ACTE wished to raise the profile of the ruler, who now resides in Jeddah with his wife. <\/font><\/span><\/p>\n<p align=\"justify\"><span lang=\"EN\"><font face=\"Arial\">Source: \u201cLos Angeles Times\u201d Le 24-05-2011<\/font><\/span><\/p>\n<div>\n<p align=\"justify\"><span lang=\"NO-BOK\"><font face=\"Arial\">Lien: <\/font><a href=\"http:\/\/latimesblogs.latimes.com\/babylonbeyond\/2011\/05\/lebanon-did-tunisian-tyrant-give-hezbollah-one-hundred-thousand-dollars-to-clean-up-his-image.html\" target=\"_blank\" rel=\"noopener\"><font face=\"Arial\">http:\/\/latimesblogs.latimes.com\/babylonbeyond\/2011\/05\/lebanon-did-tunisian-tyrant-give-hezbollah-one-hundred-thousand-dollars-to-clean-up-his-image.html<\/font><\/a><\/span><\/p>\n<p align=\"justify\">\u00a0<\/p>\n<\/div>\n<p align=\"justify\">\u00a0<\/p>\n<p> \u00a0<\/p><\/div>\n<p><\/body><\/body><\/html><\/p>\n","protected":false},"excerpt":{"rendered":"<p>TUNISNEWS 11 \u00e8me ann\u00e9e, N\u00b04019 du 25.05.2011 archives : www.tunisnews.net FTCR: le report des \u00e9lections est pr\u00e9f\u00e9rable a des \u00e9lections exp\u00e9ditives An-NahdhaMovement: Statementon the Constituent Assembly Elections AFP: Tunisie: un \u00e9missaire de la r\u00e9bellion libyenne re\u00e7u par le Premier ministre AFP: Sommet de Deauville: le G8 et son argent au chevet des r\u00e9volutions arabes AFP: [&hellip;]<\/p>\n","protected":false},"author":1,"featured_media":22040,"comment_status":"open","ping_status":"open","sticky":false,"template":"","format":"standard","meta":{"inline_featured_image":false,"site-sidebar-layout":"default","site-content-layout":"","ast-site-content-layout":"default","site-content-style":"default","site-sidebar-style":"default","ast-global-header-display":"","ast-banner-title-visibility":"","ast-main-header-display":"","ast-hfb-above-header-display":"","ast-hfb-below-header-display":"","ast-hfb-mobile-header-display":"","site-post-title":"","ast-breadcrumbs-content":"","ast-featured-img":"","footer-sml-layout":"","ast-disable-related-posts":"","theme-transparent-header-meta":"","adv-header-id-meta":"","stick-header-meta":"","header-above-stick-meta":"","header-main-stick-meta":"","header-below-stick-meta":"","astra-migrate-meta-layouts":"default","ast-page-background-enabled":"default","ast-page-background-meta":{"desktop":{"background-color":"","background-image":"","background-repeat":"repeat","background-position":"center center","background-size":"auto","background-attachment":"scroll","background-type":"","background-media":"","overlay-type":"","overlay-color":"","overlay-opacity":"","overlay-gradient":""},"tablet":{"background-color":"","background-image":"","background-repeat":"repeat","background-position":"center center","background-size":"auto","background-attachment":"scroll","background-type":"","background-media":"","overlay-type":"","overlay-color":"","overlay-opacity":"","overlay-gradient":""},"mobile":{"background-color":"","background-image":"","background-repeat":"repeat","background-position":"center center","background-size":"auto","background-attachment":"scroll","background-type":"","background-media":"","overlay-type":"","overlay-color":"","overlay-opacity":"","overlay-gradient":""}},"ast-content-background-meta":{"desktop":{"background-color":"var(--ast-global-color-5)","background-image":"","background-repeat":"repeat","background-position":"center center","background-size":"auto","background-attachment":"scroll","background-type":"","background-media":"","overlay-type":"","overlay-color":"","overlay-opacity":"","overlay-gradient":""},"tablet":{"background-color":"var(--ast-global-color-5)","background-image":"","background-repeat":"repeat","background-position":"center center","background-size":"auto","background-attachment":"scroll","background-type":"","background-media":"","overlay-type":"","overlay-color":"","overlay-opacity":"","overlay-gradient":""},"mobile":{"background-color":"var(--ast-global-color-5)","background-image":"","background-repeat":"repeat","background-position":"center center","background-size":"auto","background-attachment":"scroll","background-type":"","background-media":"","overlay-type":"","overlay-color":"","overlay-opacity":"","overlay-gradient":""}},"footnotes":""},"categories":[],"tags":[57,42,29],"class_list":["post-17090","post","type-post","status-publish","format-standard","has-post-thumbnail","hentry","tag-57","tag-42","tag-fr"],"_links":{"self":[{"href":"https:\/\/tunisnews.net\/ar\/wp-json\/wp\/v2\/posts\/17090","targetHints":{"allow":["GET"]}}],"collection":[{"href":"https:\/\/tunisnews.net\/ar\/wp-json\/wp\/v2\/posts"}],"about":[{"href":"https:\/\/tunisnews.net\/ar\/wp-json\/wp\/v2\/types\/post"}],"author":[{"embeddable":true,"href":"https:\/\/tunisnews.net\/ar\/wp-json\/wp\/v2\/users\/1"}],"replies":[{"embeddable":true,"href":"https:\/\/tunisnews.net\/ar\/wp-json\/wp\/v2\/comments?post=17090"}],"version-history":[{"count":0,"href":"https:\/\/tunisnews.net\/ar\/wp-json\/wp\/v2\/posts\/17090\/revisions"}],"wp:featuredmedia":[{"embeddable":true,"href":"https:\/\/tunisnews.net\/ar\/wp-json\/wp\/v2\/media\/22040"}],"wp:attachment":[{"href":"https:\/\/tunisnews.net\/ar\/wp-json\/wp\/v2\/media?parent=17090"}],"wp:term":[{"taxonomy":"category","embeddable":true,"href":"https:\/\/tunisnews.net\/ar\/wp-json\/wp\/v2\/categories?post=17090"},{"taxonomy":"post_tag","embeddable":true,"href":"https:\/\/tunisnews.net\/ar\/wp-json\/wp\/v2\/tags?post=17090"}],"curies":[{"name":"wp","href":"https:\/\/api.w.org\/{rel}","templated":true}]}}