{"id":17079,"date":"2007-07-06T00:00:00","date_gmt":"2007-07-06T00:00:00","guid":{"rendered":"https:\/\/tunisnews.net\/6-juillet-2007\/"},"modified":"2007-07-06T00:00:00","modified_gmt":"2007-07-06T00:00:00","slug":"6-juillet-2007","status":"publish","type":"post","link":"https:\/\/tunisnews.net\/ar\/6-juillet-2007\/","title":{"rendered":"6 juillet 2007"},"content":{"rendered":"<p><html><head><meta content=\"text\/html\" description=\"Elle avait dix-neuf ans, travaillait, venait de se marier et           \u00e9tait enceinte. Le 7 novembre 2006, Sameh Harakati a \u00e9t\u00e9 arr\u00eat\u00e9e et           \u00e9crou\u00e9e \u00e0 la prison des femmes de Manouba dans l\u2019attente de son           proc\u00e8s. Ce dernier, d\u00e9j\u00e0 report\u00e9 \u00e0 maintes reprises, devrait se tenir           dans quelques jours, le 9 juillet prochain. \" http-equiv=\"Content-Type\"\/><\/head><body><body><\/p>\n<p align=\"center\"><b><a href=\"https:\/\/tunisnews.net\/ar\/\"><span>Home<\/span><span lang=\"FR-CH\"> &#8211; Accueil <\/span><span>&#8211; <\/span><span dir=\"RTL\" lang=\"AR-SA\">\u0627\u0644\u0631\u0626\u064a\u0633\u064a\u0629<\/span><\/a><\/b><\/p>\n<div> <font face=\"Arial\" size=\"2\">\u00a0  <\/p>\n<div>  <\/div>\n<p> <span lang=\"FR\"> <\/p>\n<div align=\"center\" dir=\"ltr\"> <font size=\"2\"> <span lang=\"SV\"> <strong>TUNISNEWS<\/strong><\/span> <\/font> <\/div>\n<div align=\"center\" dir=\"ltr\"> <strong><font size=\"2\">8\u00a0\u00e8me\u00a0ann\u00e9e, <span lang=\"FR\">    N\u00b0\u00a02600\u00a0du 06.07.2007<\/span><\/font><\/strong><\/div>\n<p> <strong> <\/p>\n<div align=\"center\" dir=\"ltr\"> <b><span><blink> <font size=\"2\">\u00a0archives : <\/font><a href=\"\" target=\"_blank\" rel=\"noopener\"> <font size=\"2\" target=\"_blank\">www.tunisnews.net<\/font><\/a><\/blink><\/span><\/b><font size=\"2\"> <\/font><font> <span lang=\"FR\"><strong> <\/strong><\/span><\/font><\/div>\n<p> <\/strong><\/span><\/font><font face=\"Times New Roman\"> <span lang=\"FR\"> <font><\/font><span> <font> <o:p><\/o:p> <\/font><\/span><\/span><\/font> <\/p>\n<div align=\"left\" dir=\"ltr\">\n<hr\/>\n<p><font><font><font> <span lang=\"FR\"><font> <span lang=\"FR-CH\"> <font> <span lang=\"FR\"> <font face=\"Arial\"> <span lang=\"FR-CH\"> <\/span><\/font><\/span><\/font><\/span><\/font><\/span><\/font><\/font><\/font><\/div>\n<p> <font face=\"Arial\"> <\/p>\n<div>\n<div>\n<div> <font face=\"Arial\"> <\/p>\n<div> <span lang=\"FR\"> <font face=\"Arial\"><font> <\/p>\n<div align=\"justify\"> <font face=\"Arial\"> <\/p>\n<div>\n<p><font size=\"2\"><span lang=\"FR-CH\"><strong>Entrevue               avec Farid Ben Taieb, l\u2019\u00e9poux de Mme Sameh Harakati emprisonn\u00e9e \u00e0               Tunis               <font>Reuters: Vingt candidats \u00e0 l&rsquo;\u00e9migration se               noient au large de la Tunisie<\/font>               Reuters: Twenty African migrants bound for Italy drown               <font>Le Monde: La libert\u00e9 de la presse marocaine               est en \u00ab\u00a0r\u00e9gression notable\u00a0\u00bb, selon le CPJ<\/font>               AFP: L&rsquo;attentat de Glasgow improvis\u00e9 par \u00ab\u00a0pur d\u00e9sespoir\u00a0\u00bb (source               s\u00e9curit\u00e9)               <font>AFP: Attentats manqu\u00e9s: les liens entre les               membres du r\u00e9seau se pr\u00e9cisent<\/font>               AFP: Les huit suspects dans les attentats de Londres et Glasgow<\/strong><\/span><\/font><\/p>\n<\/div>\n<p> <\/font> <\/div>\n<p> <\/font><\/font><\/span> <\/p>\n<div align=\"justify\"> <font face=\"Arial\" size=\"2\"><font> <\/font><\/font><\/div>\n<p> <strong> <\/p>\n<div align=\"justify\">\n<hr\/><\/div>\n<p> <\/strong> <\/div>\n<div>\n<p><font>  <\/p>\n<p align=\"center\"> <b><span lang=\"FR\">Entrevue           avec Farid Ben Taieb<\/span><span lang=\"FR-CH\">,           l\u2019\u00e9poux de Mme Sameh Harakati emprisonn\u00e9e \u00e0 Tunis<\/span><\/b><\/p>\n<p> <\/font><\/p>\n<p> <span lang=\"FR\"> <font>\u00a0<\/font><\/span><\/p>\n<p> <i> <span lang=\"FR\"> <strong>Elle avait dix-neuf ans, travaillait, venait de se marier et           \u00e9tait enceinte. Le 7 novembre 2006, Sameh Harakati a \u00e9t\u00e9 arr\u00eat\u00e9e et           \u00e9crou\u00e9e \u00e0 la prison des femmes de Manouba dans l\u2019attente de son           proc\u00e8s. Ce dernier, d\u00e9j\u00e0 report\u00e9 \u00e0 maintes reprises, devrait se tenir           dans quelques jours, le 9 juillet prochain. <\/strong><\/span><\/i><\/p>\n<p> <i> <span lang=\"FR\"> <strong>\u00a0<\/strong><\/span><\/i><\/p>\n<p> <i> <span lang=\"FR\"> <strong>Sameh a v\u00e9cu un garde \u00e0 vue \u00e9prouvante, au terme de laquelle           elle a fait une fausse couche, et une d\u00e9tention pr\u00e9ventive           particuli\u00e8rement longue, si l\u2019on ne s\u2019en tient qu\u2019\u00e0 son jeune \u00e2ge, son           absence d\u2019ant\u00e9c\u00e9dent, et enfin, le caract\u00e8re controvers\u00e9 des charges           qui p\u00e8sent contre elle. <\/strong><\/span><\/i><\/p>\n<p> <i> <span lang=\"FR\"> <strong>\u00a0<\/strong><\/span><\/i><\/p>\n<p> <i><strong> <span lang=\"FR\">          Son mari, de nationalit\u00e9 fran\u00e7aise, revient sur ces huit mois de           combat qu\u2019il a men\u00e9s pour sauver sa femme, son couple et leur dignit\u00e9.<\/span><\/strong><\/i><\/p>\n<p> <span lang=\"FR\"> <font>\u00a0<\/font><\/span><\/p>\n<p> <span lang=\"FR\"><strong> <font>1)\u00a0\u00a0\u00a0\u00a0\u00a0\u00a0 Monsieur Ben Taieb, vous menez une           lutte inlassable pour arracher la libert\u00e9 de votre femme, et au-del\u00e0,           la preuve de son innocence, dont vous \u00eates intimement persuad\u00e9.           Pouvez-vous revenir sur les sentiments qui vous ont habit\u00e9 lors de son           arrestation, soit quelques semaines apr\u00e8s votre mariage ?<\/font><\/strong><\/span><\/p>\n<p> <span lang=\"FR\"> <font>Farid Ben Taieb :\u00a0 Sur le coup j\u2019ai \u00e9t\u00e9 choqu\u00e9,           je me suis dit que cela ne pouvait \u00eatre qu\u2019une erreur et que ma femme           serait vite lib\u00e9r\u00e9e. J\u2019\u00e9tais tout juste fier d\u2019avoir \u00e9pous\u00e9 ma perle           rare, ma Sameh Harakati. Il \u00e9tait impossible \u00e0 mes yeux que la femme           que j\u2019avais \u00e9pous\u00e9e et surtout que je connaissais bien ait pu nuire \u00e0           une tierce personne. Mon \u00e9pouse a un trop grand c\u0153ur pour faire du mal           \u00e0 qui que se soit ; je ne pouvais pas concevoir que l\u2019on puisse la           sanctionner pour rien. J\u2019en ai voulu progressivement \u00e0 cet individu           qui avait entra\u00een\u00e9 ma femme dans cette prison par son faux t\u00e9moignage.           Puis j\u2019ai d\u00fb me rendre \u00e0 l\u2019\u00e9vidence, j\u2019ai \u00e9t\u00e9 submerg\u00e9 de col\u00e8re et de           d\u00e9go\u00fbt face \u00e0 cette injustice. Aujourd\u2019hui, je peux avouer que j\u2019ai           une toute autre image de la Tunisie. Seulement au fond de moi persiste           l\u2019espoir que la justice ne peut condamner une innocente. Nous n\u2019avons           m\u00eame pas eu le temps de partir en lune de miel mais ma Sameh a eu le           temps de faire une fausse couche en d\u00e9tention suite au choc de son           interpellation.<\/font><\/span><\/p>\n<p> <span lang=\"FR\"> <font>\u00a0<\/font><\/span><\/p>\n<p> <span lang=\"FR\"><strong> <font>2)\u00a0\u00a0\u00a0\u00a0\u00a0\u00a0 Vous vivez et travaillez en France,           avez-vous eu l\u2019occasion de lui rendre visite en prison ? Combien de           temps a dur\u00e9 la visite ? Avez-vous pu obtenir une prolongation           d\u00e9rogatoire du fait que vous ne pouvez lui rendre visite chaque           semaine ?<\/font><\/strong><\/span><\/p>\n<p> <span lang=\"FR\"> <font>\u00a0<\/font><\/span><\/p>\n<p> <span lang=\"FR\"> <font>FBT : Je me suis pr\u00e9cipit\u00e9 en Tunisie apr\u00e8s son           interpellation afin de conna\u00eetre les conditions de sa d\u00e9tention mais           surtout la rassurer de mon total soutien et de ma solidarit\u00e9 \u00e0 sa           cause.<\/font><\/span><\/p>\n<p> <span lang=\"FR\"> <font>Il y a deux types de visite, la visite normale,           avec une vitrine qui nous s\u00e9pare qui dure environ quinze minutes ; on           communique par t\u00e9l\u00e9phone. Puis la seconde visite commun\u00e9ment appel\u00e9e \u00ab           visite exceptionnelle \u00bb est autoris\u00e9e par le tribunal qui vous donne           un document de passage que vous remettez \u00e0 l\u2019entr\u00e9e de la prison.           Cette visite dite \u00ab exceptionnelle \u00bb vous donne le droit de pouvoir           \u00eatre assis aupr\u00e8s de votre conjointe, de l\u2019embrasser \u00e0 son arriv\u00e9e et           de pouvoir lui tenir la main. Cette visite est beaucoup plus           appr\u00e9ciable et agr\u00e9able que la pr\u00e9c\u00e9dente, elle dure environ trente           minutes en g\u00e9n\u00e9ral.<\/font><\/span><\/p>\n<p> <span lang=\"FR\"> <font>Il est vrai que pour les prolongations           d\u00e9rogatoires, l\u2019administration du tribunal tunisien est un exemple, je           n\u2019ai rencontr\u00e9 aucune difficult\u00e9 pour rendre visite \u00e0 mon \u00e9pouse,           toutes mes demandes ont toujours \u00e9t\u00e9 accept\u00e9es.<\/font><\/span><\/p>\n<p> <span lang=\"FR\"> <font>\u00a0<\/font><\/span><\/p>\n<p> <span lang=\"FR\"><strong> <font>3)\u00a0\u00a0\u00a0\u00a0\u00a0\u00a0 Sameh vous a-t-elle fait part de ses           conditions d\u2019emprisonnement ? De ses relations avec les co-d\u00e9tenues,           avec l\u2019administration p\u00e9nitentiaire ? Que souhaite-t-elle ?<\/font><\/strong><\/span><\/p>\n<p> <span lang=\"FR\"> <font>FBT : En effet ma femme Sameh m\u2019a expliqu\u00e9           qu\u2019elles \u00e9taient toutes d\u00e9tenues dans une grande chambr\u00e9e, que sa           chambr\u00e9e se compose de vingt trois filles et que la chaleur est           insupportable, la t\u00e9l\u00e9vision allum\u00e9e toute la journ\u00e9e avec un son trop           fort.<\/font><\/span><\/p>\n<p> <span lang=\"FR\"> <font>J\u2019avais demand\u00e9 \u00e0 l\u2019administration p\u00e9nitentiaire           de ne pas mettre ma femme avec des graves d\u00e9linquantes ou des           r\u00e9cidivistes. Ils avaient anticip\u00e9 ma demande car ils partent du           principe qu\u2019ils doivent prot\u00e9ger des autres d\u00e9linquantes les filles           qui rentrent en prison pour la premi\u00e8re fois.<\/font><\/span><\/p>\n<p> <span lang=\"FR\"> <font>Ses relations avec les d\u00e9tenues sont moyennes,           Sameh est une femme qui par nature fuit les probl\u00e8mes et les filles \u00e0           histoires. Ma femme passe son temps dans son coin.<\/font><\/span><\/p>\n<p> <span lang=\"FR\"> <font>De par son caract\u00e8re gentil et son temp\u00e9rament           ne cherchant \u00e0 nuire \u00e0 personne, elle est appr\u00e9ci\u00e9e par           l\u2019administration de la prison. Elle n\u2019est pas privil\u00e9gi\u00e9e m\u00eame si elle           avait voulu que cela soit le cas.<\/font><\/span><\/p>\n<p> <span lang=\"FR\"> <font>Ma femme souhaite passer son temps en d\u00e9tention           sans avoir aucun probl\u00e8me.<\/font><\/span><\/p>\n<p> <span lang=\"FR\"> <font>\u00a0<\/font><\/span><\/p>\n<p> <span lang=\"FR\"><strong> <font>4)\u00a0\u00a0\u00a0\u00a0\u00a0\u00a0 De quoi votre femme est-elle accus\u00e9e ?<\/font><\/strong><\/span><\/p>\n<p> <span lang=\"FR\"> <font>FBT : Ma femme est accus\u00e9e de complicit\u00e9 de vol           avec violence grave et de trafic de v\u00e9hicule vol\u00e9 en r\u00e9union et           d\u2019affiliation \u00e0 une bande dans l\u2019intention de commettre des attentats.<\/font><\/span><\/p>\n<p> <span lang=\"FR\"> <font>Les accusations sont abusives et non fond\u00e9es, la           principale victime du vol avec violence reconna\u00eet la pr\u00e9sence de mon           \u00e9pouse sur les lieux mais certifie de sa totale passivit\u00e9. Concernant           l\u2019autre accusation, seul le t\u00e9moignage mensonger de Monsieur Slim           Arfaoui, un criminel multi-r\u00e9cidiviste reste \u00e0 la charge de ma femme.<\/font><\/span><\/p>\n<p> <span lang=\"FR\"> <font>Monsieur Slim Arfaoui est toujours en d\u00e9tention           pour au moins une dizaine de crimes, il se trouve \u00eatre juste un voisin           de quartier d\u2019enfance de mon \u00e9pouse. Il a d\u00e9nonc\u00e9 mon \u00e9pouse, le jour           de son interpellation pour se venger, en croyant que ma femme avait           t\u00e9moign\u00e9 contre lui. Sa vengeance s\u2019est transform\u00e9e par la suite en           jalousie et m\u00e9chancet\u00e9 gratuite.<\/font><\/span><\/p>\n<p> <span lang=\"FR\"> <font>\u00a0<\/font><\/span><\/p>\n<p> <span lang=\"FR\"><strong> <font>5)\u00a0\u00a0\u00a0\u00a0\u00a0\u00a0 Vous \u00eates convaincu de son innocence,           de sa na\u00efvet\u00e9, de son incapacit\u00e9 \u00e0 commettre le moindre d\u00e9lit \u2026.<\/font><\/strong><\/span><\/p>\n<p> <span lang=\"FR\"> <font>FBT : Je suis plus que convaincu de son           innocence. Lors de son interpellation, je suis rentr\u00e9 imm\u00e9diatement en           Tunisie. La premi\u00e8re des choses que j\u2019ai faite est d\u2019avoir contact\u00e9 la           brigade criminelle qui s\u2019est occup\u00e9 de l\u2019interpellation de ma femme           puis de l\u2019enqu\u00eate. Les policiers m\u2019ont tous certifi\u00e9 et confirm\u00e9 que           mon \u00e9pouse \u00e9tait innocente par les faits mais coupable juridiquement.<\/font><\/span><\/p>\n<p> <span lang=\"FR\"> <font>Ils m\u2019ont en effet expliqu\u00e9 que Monsieur           Ben-Jafer Mondher, le juge qui s\u2019est occup\u00e9 de cette affaire, l\u2019avait           mise en examen avant m\u00eame son interpellation, et que donc la proc\u00e9dure           voulait que la brigade criminelle la mette en d\u00e9tention pour qu\u2019elle           soit jug\u00e9e.<\/font><\/span><\/p>\n<p> <span lang=\"FR\"> <font>\u00a0<\/font><\/span><\/p>\n<h5 style=\"color: blue;\"> <span lang=\"FR\"><font>Comment peut-on cl\u00f4turer un           dossier sans avoir interrog\u00e9 chaque partie ?<\/font><\/span><\/h5>\n<p> <span lang=\"FR\"> <font>FBT\u00a0: Des aberrations se sont manifest\u00e9es dans           le dossier de ma femme, effectivement, la victime du vol a confirm\u00e9           avoir fait connaissance de la part de ma propre \u00e9pouse de son vrai           nom, de son num\u00e9ro de portable et du lieu de son emploi.\u00a0 Si ma femme           avait \u00e9t\u00e9 complice de ce vol, aurait elle donn\u00e9 ses r\u00e9elles\u00a0           coordonn\u00e9es ? <\/font><\/span><\/p>\n<p> <span lang=\"FR\"> <font>Les policiers tous r\u00e9unis avaient ajout\u00e9 de           leurs propres bouches que mon \u00e9pouse n\u2019\u00e9tait pas \u00e0 sa place en prison           et qu\u2019elle n\u2019avait rien \u00e0 y faire et que cela leur faisait de la peine           d\u2019aller \u00e0 l\u2019encontre de leurs certitudes.<\/font><\/span><\/p>\n<p> <span lang=\"FR\"> <font>De plus, le jour de la confrontation devant ce           m\u00eame juge, le principal accusateur, Monsieur Slim Arfaoui a assur\u00e9           vouloir maintenir sa version par jalousie et qu\u2019il ne souhaitait pas           la changer en sachant qu\u2019elle pourrait \u00eatre libre et heureuse et lui           en prison. Plusieurs t\u00e9moins de la sc\u00e8ne m\u2019ont rapport\u00e9 les faits, il           est scandaleux et \u00e9tonnant que le juge n\u2019en est pas tenu compte pour           imm\u00e9diatement abandonner les charges contre ma femme.<\/font><\/span><\/p>\n<p> <span lang=\"FR\"> <font>Comment peut-on accepter les propos d\u2019un           criminel et ignorer l\u2019\u00e9vidence sans prendre en compte la version de la           victime et les paroles de ma femme qui n\u2019a aucun casier judiciaire ?<\/font><\/span><\/p>\n<p> <span lang=\"FR\"> <font>Il faut en effet conna\u00eetre Sameh pour \u00eatre           convaincu de son innocence, sa na\u00efvet\u00e9 est son plus grand danger, elle           ne voit pas le mal.<\/font><\/span><\/p>\n<p> <span lang=\"FR\"> <font>\u00a0<\/font><\/span><\/p>\n<p> <span lang=\"FR\"><strong> <font>6)\u00a0\u00a0\u00a0\u00a0\u00a0\u00a0 Vous avez tent\u00e9 diverses d\u00e9marches,           d\u2019abord vous avez tenu \u00e0 ce que sa d\u00e9fense soit assur\u00e9e par le biais           de plusieurs avocats. Qu\u2019ont-ils obtenu ?<\/font><\/strong><\/span><\/p>\n<p> <span lang=\"FR\"> <font>FBT :\u00a0 J\u2019ai voulu que ma femme soit d\u00e9fendue au           mieux, j\u2019ai commenc\u00e9 par lui prendre sept avocats mais ils se sont           r\u00e9v\u00e9l\u00e9s gourmands financi\u00e8rement sans aucun r\u00e9sultat. J\u2019ai conserv\u00e9           donc les deux meilleurs d\u2019entre eux puis j\u2019ai \u00e9galement fait appel \u00e0           un cabinet d\u2019avocats en France pour aider ceux en Tunisie. Mes avocats           n\u2019ont rien obtenu pour l\u2019instant, toutes les demandes de libert\u00e9           conditionnelle ont \u00e9t\u00e9s refus\u00e9s. Je n\u2019y comprends rien, ma femme n\u2019est           pas une criminelle.<\/font><\/span><\/p>\n<p> <span lang=\"FR\"> <font>\u00a0<\/font><\/span><\/p>\n<p> <span lang=\"FR\"><strong> <font>7)\u00a0\u00a0\u00a0\u00a0\u00a0\u00a0 Puis, en tant que ressortissant           fran\u00e7ais, vous vous \u00eates adress\u00e9 aux institutions de votre pays. Vous           \u00eates-vous senti soutenu dans vos d\u00e9marches ?<\/font><\/strong><\/span><\/p>\n<p> <span lang=\"FR\"> <font>FBT : J\u2019ai re\u00e7u des courriers de soutien de           notre gouvernement fran\u00e7ais. Seul le consul de France \u00e0 Tunis refuse           de m\u2019aider sinc\u00e8rement \u00e0 lib\u00e9rer ma femme bien qu\u2019il ait re\u00e7u des           demandes officielles du minist\u00e8re fran\u00e7ais des Affaires Etrang\u00e8res et           du minist\u00e8re europ\u00e9en des Affaires Etrang\u00e8res. <\/font><\/span><\/p>\n<p> <span lang=\"FR\"> <font>Le minist\u00e8re des Affaires Etrang\u00e8res Fran\u00e7ais           m\u2019a contact\u00e9 au t\u00e9l\u00e9phone pour me poser de nombreuses questions en me           garantissant d\u2019intervenir. Le Premier Ministre fran\u00e7ais, monsieur           Fran\u00e7ois Fillon, m\u2019a r\u00e9pondu par courrier en me disant qu\u2019il faisait           suivre l\u2019affaire aupr\u00e8s de madame le Ministre de la Justice, madame           Rachida Dati.<\/font><\/span><\/p>\n<p> <span lang=\"FR\"> <font>\u00a0<\/font><\/span><\/p>\n<p> <span lang=\"FR\"><strong> <font>8)\u00a0\u00a0\u00a0\u00a0\u00a0\u00a0 Vous avez mis \u00e0 profit la campagne           \u00e9lectorale pour vous adresser aux candidats\u2026<\/font><\/strong><\/span><\/p>\n<p> <span lang=\"FR\"> <font>FBT : J\u2019ai mis \u00e0 profit la campagne \u00e9lectorale,           j\u2019ai contact\u00e9 \u00e0 plusieurs reprises par courriers, fax et e-mails           monsieur Nicolas Sarkozy, afin de le mettre en face de ses           engagements, de ses promesses et de ses convictions mais j\u2019attends           toujours qu\u2019il se d\u00e9cide \u00e0 me contacter ou \u00e0 me rencontrer. Il serait           temps qu\u2019il arr\u00eate d\u2019urgence la souffrance gratuite de mon \u00e9pouse en           intervenant pour sa cause, je pense qu\u2019il devrait respecter ses           paroles.<\/font><\/span><\/p>\n<p> <span lang=\"FR\"> <font>\u00a0<\/font><\/span><\/p>\n<p> <span lang=\"FR\"><strong> <font>9)\u00a0\u00a0\u00a0\u00a0\u00a0\u00a0 Sameh est tunisienne. Avez-vous re\u00e7u           des r\u00e9ponses encourageantes du c\u00f4t\u00e9 de l\u2019Etat tunisien ?<\/font><\/strong><\/span><\/p>\n<p> <span lang=\"FR\"> <font>FBT : L\u2019Etat tunisien reste silencieux face \u00e0           mes relances. Le Palais Pr\u00e9sidentiel tunisien que j\u2019ai contact\u00e9 \u00e0           plusieurs reprises par courriers, fax et t\u00e9l\u00e9phones m\u2019a assur\u00e9 avoir           fait suivre le dossier de ma femme au minist\u00e8re des Affaires           Etrang\u00e8res tunisien. Le minist\u00e8re des Affaires Etrang\u00e8res tunisien m\u2019a           exp\u00e9di\u00e9 une simple lettre pour m\u2019informer que ma demande de lib\u00e9ration           de mon \u00e9pouse avait bien \u00e9t\u00e9 enregistr\u00e9e. Monsieur Zine El Abidine Ben           Ali ne peut ignorer \u00e9galement mes nombreux courriers de demande de           libert\u00e9 pour ma femme. Je souhaiterais de la part de la pr\u00e9sidence une           intervention favorable dans le dossier de mon \u00e9pouse afin qu\u2019une           justice soit r\u00e9tablie. <\/font><\/span><\/p>\n<p> <span lang=\"FR\"> <font>\u00a0<\/font><\/span><\/p>\n<p> <span lang=\"FR\"><strong> <font>10)\u00a0\u00a0 Enfin, vous avez m\u00e9diatis\u00e9 son calvaire,           et votre combat ? La solidarit\u00e9 est-elle au rendez-vous ?<\/font><\/strong><\/span><\/p>\n<p> <span lang=\"FR\"> <font>FBT : Je m\u00e9diatise avec des amies l\u2019affaire de           ma femme. La machine est dure \u00e0 mettre en route, ce n\u2019est pas \u00e9vident           de capter l\u2019attention des gens mais progressivement on y arrive, nous           avons de plus en plus de soutien. L\u2019espoir c\u2019est la vie et je veux           continuer \u00e0 en avoir. Je profite de cette interview pour lancer un           nouvel appel aupr\u00e8s de toutes les personnes qui voudront bien nous           aider \u00e0 sortir ma femme de prison. Le moindre soutien sera le           bienvenu, la toute petite aide tr\u00e8s appr\u00e9ci\u00e9e.<\/font><\/span><\/p>\n<p> <span lang=\"FR\"> <font>Je relance tout sp\u00e9cialement un appel aux           gouvernements tunisien et fran\u00e7ais pour que la situation ne perdure           pas inutilement. J\u2019insiste aupr\u00e8s des dirigeants de ces deux nations           pour ne pas qu\u2019ils ne cautionnent pas avec leurs silences les           mensonges d\u2019un grand criminel.<\/font><\/span><\/p>\n<p> <span lang=\"FR\"> <font>\u00a0<\/font><\/span><\/p>\n<p> <strong>Propos recueillis par Luiza Toscane le 2 juillet \u200f2007\u200f\u200f<\/strong><\/p>\n<p> <span lang=\"FR\"> <strong>\u00a0<\/strong><\/span><\/p>\n<p align=\"center\"> <span lang=\"FR-CH\"> <font face=\"Times New Roman\">\u00a0<\/font><\/span><\/p>\n<p align=\"center\"> <strong>ARTICLE 19 (*)<\/strong><\/p>\n<p align=\"center\"> <strong> <span lang=\"EN-GB\">          Around Africa<\/span>, June 2007<o:p><\/o:p><\/strong><\/p>\n<p> <strong><u> <span lang=\"EN-GB\">          Tunisia<\/span><\/u><\/strong><\/p>\n<p> <span lang=\"EN-GB\"> <\/span><span lang=\"EN-GB\"> <font>Tunisia is a fervent example of the problems the           media has faced against repressive governments. Journalists are           consistently being harassed by government security forces, forcing           many into exile, and physically assaulting, destroying and           confiscating equipment.                       Journalist and former deputy editor-in-chief of Al-Fajr newspaper           Abdallah Al-Zawary was put under house arrest by the Tunisian           governments Interior Ministry immediately after he was released from           prison having served a nearly 12 year sentence. Al-Zawary dubbed by as           the \u2018Nelson Mandela of the Arab World\u2019. His arrest has been prompted           by his membership of the Islamic Renaissance Movement alone and not           from any violent acts.<\/font><\/span><\/p>\n<p> <span lang=\"EN-GB\"> <font>It is not just the media that has been subject           to harassment; civil society groups such as the Tunisian Allians for           Defending Human Rights and the Democratic Women\u2019s Association have had           their activities restricted and censored.                      Meanwhile, the headquarters of the Tunisian newspaper Kalima were           surrounded by the security forces and journalists prevented from           entering the building. This activity has lasted over two weeks. Kalima           has consistently had to fight government attempts to censor its           publications.                      <strong>Around Africa<\/strong> is compiled of news alerts from various           sources.<\/font><\/span><\/p>\n<p> <span lang=\"EN-GB\"> <font>\u00a0<\/font><\/span><\/p>\n<p> <span lang=\"EN-GB\"> <strong><font>(*) ARTICLE 19 is an independent human           rights organisation that works around the world to protect and promote           the right to freedom of expression. It takes its name from Article 19           of the Universal Declaration of Human Rights, which guarantees free           speech.<\/font><\/strong><\/span><\/p>\n<p> <span lang=\"EN-GB\"> <strong><font>ARTICLE <\/font><\/strong><\/span><strong> <font> <span lang=\"EN-GB\">19           6-8 Amwell Street London EC1R 1UQ United Kingdom<\/span><\/font><\/strong><span lang=\"EN-GB\"> <strong><font>Tel: +44 20 7278 9292 &#8211; Fax: +44 20 7278           7660 &#8211; <\/font><span> <a href=\"http:\/\/fr.f265.mail.yahoo.com\/ym\/Compose?To=info@article19.org\" target=\"_blank\" rel=\"noopener\">          info@article19.org<\/a><font> &#8211; <\/font> <a href=\"http:\/\/www.article19.org\" target=\"_blank\" rel=\"noopener\">www.article19.org<\/a><\/span><\/strong><\/span><\/p>\n<p> <span lang=\"FR-CH\"> <strong>(Source: \u201cAround Africa\u201d de juin 2007, une publication           mensuelle de l\u2019ONG britannique Article 19 qui d\u00e9fend la libert\u00e9 de           presse et d\u2019expression)<\/strong><\/span><\/p>\n<p> <span dir=\"rtl\" lang=\"AR-SA\"> <strong>\u00a0<\/strong><\/span><\/p>\n<p> <span dir=\"rtl\" lang=\"AR-SA\"> <strong><\/strong><\/span><\/p>\n<hr\/>\n<p>\u00a0<\/p>\n<h6 align=\"center\" style=\"color: blue;\"><span lang=\"FR\"> <font size=\"3\">Vingt candidats \u00e0 l&rsquo;\u00e9migration se noient au large de la           Tunisie<\/font><\/span><\/h6>\n<p> <font> <span lang=\"FR-CH\">          Reuters, le 5 juillet 2007 \u00e0 <\/span> <span dir=\"rtl\" lang=\"AR-SA\">          15<\/span><span lang=\"FR\">h<\/span><span dir=\"rtl\" lang=\"AR-SA\">18<\/span><\/font><\/p>\n<p> <span lang=\"FR\"> <font face=\"Times New Roman\">\u00a0<\/font><\/span><\/p>\n<p> <span lang=\"FR\"> <font>TUNIS, 5 juillet (Reuters) &#8211; Vingt personnes           originaires de l&rsquo;Afrique subsaharienne sont mortes noy\u00e9es au large des           c\u00f4tes tunisiennes alors qu&rsquo;elles tentaient de gagner l&rsquo;\u00eele italienne           de Lampedusa \u00e0 bord d&rsquo;une petite embarcation, a-t-on appris jeudi de           source proche des services de s\u00e9curit\u00e9 tunisiens.<\/font><\/span><\/p>\n<p> <span lang=\"FR\"> <font>\u00a0<\/font><\/span><\/p>\n<p> <span lang=\"FR\"> <font>Quinze autres candidats \u00e0 l&rsquo;\u00e9migration qui           \u00e9taient \u00e0 bord de ce bateau parti de Libye ont pu \u00eatre secourus par           les gardes-c\u00f4tes tunisiens. Deux femmes figurent parmi les rescap\u00e9s.<\/font><\/span><\/p>\n<p> <span lang=\"FR\"> <font>\u00a0<\/font><\/span><\/p>\n<p> <span lang=\"FR\"> <font>Les corps des victimes ont \u00e9t\u00e9 d\u00e9couverts ces           quatre derniers jours sur la c\u00f4te tunisienne pr\u00e8s de la ville de Ben           Guerdane, dans le sud du pays. <\/font><\/span><\/p>\n<p> <span lang=\"FR\"> <font>\u00a0<\/font><\/span><\/p>\n<p> <span dir=\"rtl\" lang=\"AR-SA\"> <font><\/font><\/span><\/p>\n<hr\/>\n<p>\u00a0<\/p>\n<h6 align=\"center\" style=\"color: blue;\"><font size=\"3\">Twenty           African migrants bound for Italy drown<\/font><\/h6>\n<p> <span> <font face=\"Times New Roman\">\u00a0<\/font><\/span><\/p>\n<p> <font> <span lang=\"FR-CH\">          Reuters, le 5 juillet 2007 \u00e0 <\/span> <span dir=\"rtl\" lang=\"AR-SA\">          14<\/span><span lang=\"FR\">h<\/span><span dir=\"rtl\" lang=\"AR-SA\">40<\/span><\/font><\/p>\n<p> <span> <font face=\"Times New Roman\">\u00a0<\/font><\/span><\/p>\n<p> <span> <font>TUNIS, July 5 (Reuters) &#8211; Twenty African illegal           migrants trying to sail to Italy drowned off the north African coast           but 15 others travelling with them were rescued by the Tunisian           coastguard, a security source said on Thursday.<\/font><\/span><\/p>\n<p> <span> <font>\u00a0<\/font><\/span><\/p>\n<p> <font> <span>The 35 migrants,           from sub-Saharan Africa, had set sail from Libya in a small boat and           were trying to reach the Italian island of Lampedusa but ran into           difficulties when the motor broke down and the boat began drifting,           the source said.<\/span><\/font><\/p>\n<p> <span> <font>\u00a0<\/font><\/span><\/p>\n<p> <font> <span>\u00ab\u00a0Over four days the           coastguard recovered the bodies of 20 illegal migrants washed up &#8230;           near the southern town of Ben Guerdne and saved 15 others included two           women,\u00a0\u00bb the source said.<\/span><\/font><\/p>\n<p> <span> <font>\u00a0<\/font><\/span><\/p>\n<p> <font> <span>Europe has urged           North African countries to step up efforts to stop the flow of illegal           migrants trying to reach Europe via Italy and Spain, the two countries           most migrants see as their preferred entry point into the continent.<\/span><\/font><\/p>\n<p> <span> <font>\u00a0<\/font><\/span><\/p>\n<p> <font> <span>Migrants who reach           Libya generally try to go in small and rickety boats to Italy. Further           west along the north African coast the preferred destination is Spain.<\/span><\/font><\/p>\n<p>\u00a0<\/p>\n<p>\u00a0<\/p>\n<hr\/>\n<h6 align=\"center\" style=\"color: blue;\">La libert\u00e9 de la presse           marocaine est en \u00ab\u00a0r\u00e9gression notable\u00a0\u00bb, selon le CPJ<\/h6>\n<p> <span lang=\"FR\"> <strong>Florence Beaug\u00e9<\/strong><\/span><\/p>\n<p> <span lang=\"FR\"> <font>\u00a0<\/font><\/span><\/p>\n<p> <span lang=\"FR\"> <font>Dans un rapport intitul\u00e9 \u00ab\u00a0Un Maroc de fa\u00e7ade\u00a0\u00bb,           publi\u00e9 mardi 3 juillet, le Comit\u00e9 pour la protection des journalistes           (CPJ), organisation non gouvernementale bas\u00e9e \u00e0 New York, accuse les           autorit\u00e9s marocaines d&rsquo;exercer des pressions \u00ab\u00a0impr\u00e9visibles et de plus           en plus sophistiqu\u00e9es\u00a0\u00bb sur les journalistes marocains.<\/font><\/span><\/p>\n<p> <span lang=\"FR\"> <font>\u00a0<\/font><\/span><\/p>\n<p> <span lang=\"FR\"> <font>Depuis 2005, souligne le CPJ, au moins cinq           journalistes ont \u00e9t\u00e9 frapp\u00e9s par des amendes disproportionn\u00e9es. Cinq           se sont vu infliger des peines de prison avec sursis, et un a \u00e9t\u00e9           frapp\u00e9 de l&rsquo;interdiction pure et simple d&rsquo;exercer son m\u00e9tier. Cette           situation conduit un nombre grandissant de journalistes marocains \u00e0           pratiquer l&rsquo;autocensure.<\/font><\/span><\/p>\n<p> <span lang=\"FR\"> <font>\u00a0<\/font><\/span><\/p>\n<p> <span lang=\"FR\"> <font>Le pouvoir marocain ne r\u00e9prime pas de fa\u00e7on           frontale comme le font d&rsquo;autres pays arabes, souligne le CPJ, mais           pr\u00e9f\u00e8re s&rsquo;appuyer sur une instrumentalisation de la justice, ou           exercer des pressions sur la manne publicitaire distribu\u00e9e (ou           retir\u00e9e) aux journaux en fonction de leur degr\u00e9 d&rsquo;all\u00e9geance. Il           organise \u00e9galement, via les m\u00e9dias d&rsquo;Etat, des campagnes de           d\u00e9nigrement des voix ind\u00e9pendantes ou critiques \u00e0 l&rsquo;\u00e9gard de la           monarchie ou de la question du Sahara occidental. Il lui arrive aussi           d&rsquo;orchestrer des \u00ab\u00a0manifestations\u00a0\u00bb contre des journaux connus pour leur           franc-parler.<\/font><\/span><\/p>\n<p> <span lang=\"FR\"> <font>\u00a0<\/font><\/span><\/p>\n<p> <span lang=\"FR\"><strong><font>DOUBLE LANGAGE<\/font><\/strong><\/span><\/p>\n<p> <span lang=\"FR\"> <font>\u00a0<\/font><\/span><\/p>\n<p> <span lang=\"FR\"> <font>Si la presse \u00e9crite marocaine a fait de grandes           avanc\u00e9es depuis les ann\u00e9es 1990 et se range encore aujourd&rsquo;hui parmi           les plus critiques du monde arabe, reconna\u00eet le CPJ, la libert\u00e9 de la           presse dans le royaume \u00ab\u00a0a r\u00e9gress\u00e9 notablement\u00a0\u00bb au cours de ces           derni\u00e8res ann\u00e9es. Deux publications, Le Journal hebdomadaire et Tel           Quel, font particuli\u00e8rement les frais de ce tour de vis.<\/font><\/span><\/p>\n<p> <span lang=\"FR\"> <font>\u00a0<\/font><\/span><\/p>\n<p> <span lang=\"FR\"> <font>Le CPJ d\u00e9nonce le double langage des autorit\u00e9s           marocaines, qui, en public, \u00ab\u00a0se disent favorables \u00e0 une presse libre\u00a0\u00bb           et, en priv\u00e9, comptent \u00ab\u00a0sur un syst\u00e8me feutr\u00e9\u00a0\u00bb de contr\u00f4le judiciaire           et financier pour continuer \u00e0 \u00ab\u00a0tenir sous surveillance les           journalistes entreprenants\u00a0\u00bb.<\/font><\/span><\/p>\n<p> <span lang=\"FR\"> <font>\u00a0<\/font><\/span><\/p>\n<p> <span lang=\"FR\"> <strong>(Source\u00a0: \u00ab\u00a0Le Monde\u00a0\u00bb (Quotidien \u2013 France), le 5 juillet           2007)<\/strong><\/span><\/p>\n<p> <strong><\/strong><\/p>\n<hr\/>\n<p>\u00a0<\/p>\n<p> <font> <\/p>\n<p align=\"center\"> <span lang=\"FR-CH\"><strong><\/p>\n<h2 style=\"color: red;\"><font size=\"3\">L&rsquo;attentat           de Glasgow improvis\u00e9 par \u00ab\u00a0pur d\u00e9sespoir\u00a0\u00bb (source s\u00e9curit\u00e9)<\/font><\/h2>\n<p><\/strong><\/span><\/p>\n<p> <span lang=\"FR-CH\">AFP, le           6 juillet 2007 \u00e0 <\/span> <span dir=\"rtl\" lang=\"AR-SA\">          13<\/span><span lang=\"FR-CH\">h<\/span><span dir=\"rtl\" lang=\"AR-SA\">51<\/span><\/p>\n<p> <span lang=\"FR-CH\"><strong> <font>\u00a0<\/font><\/strong><\/span><\/p>\n<p> <span lang=\"FR-CH\">\u00a0<\/span><\/p>\n<p> <span lang=\"FR-CH\">          LONDRES, 5 juil 2007 (AFP) &#8211; L&rsquo;attentat rat\u00e9 de Glasgow n&rsquo;\u00e9tait           initialement pas pr\u00e9vu et aurait \u00e9t\u00e9 improvis\u00e9 par \u00ab\u00a0pur d\u00e9sespoir\u00a0\u00bb,           alors que la police s&rsquo;appr\u00eatait \u00e0 interpeller les conducteurs des           voitures pi\u00e9g\u00e9es retrouv\u00e9es la veille \u00e0 Londres, a indiqu\u00e9 jeudi \u00e0           l&rsquo;AFP un haut responsable des services de s\u00e9curit\u00e9.<\/span><\/p>\n<p> <span lang=\"FR-CH\">\u00a0<\/span><\/p>\n<p> <span lang=\"FR-CH\">Les           deux auteurs de l&rsquo;attentat manqu\u00e9 contre l&rsquo;a\u00e9roport de Glasgow samedi           \u00e9taient si d\u00e9sorganis\u00e9s \u00ab\u00a0qu&rsquo;ils avaient achet\u00e9 la plupart des           mat\u00e9riaux seulement quelques heures avant de les utiliser\u00a0\u00bb, a pr\u00e9cis\u00e9           cette source sous couvert d&rsquo;anonymat.<\/span><\/p>\n<p> <span lang=\"FR-CH\">\u00a0<\/span><\/p>\n<p> <span lang=\"FR-CH\">Les           deux hommes avaient projet\u00e9 leur Jeep Cherokee, remplie d&rsquo;au moins           quatre bonbonnes de gaz, contre l&rsquo;entr\u00e9e de l&rsquo;a\u00e9roport, provoquant un           incendie dans lequel le conducteur avait \u00e9t\u00e9<\/span><\/p>\n<p> <span lang=\"FR-CH\">          gri\u00e8vement bless\u00e9.<\/span><\/p>\n<p> <span lang=\"FR-CH\">\u00a0<\/span><\/p>\n<p> <span lang=\"FR-CH\">\u00ab\u00a0C&rsquo;est           pour cela que (l&rsquo;op\u00e9ration) a \u00e9t\u00e9 aussi foireuse\u00a0\u00bb, a-t-il soulign\u00e9.<\/span><\/p>\n<p> <span lang=\"FR-CH\">\u00a0<\/span><\/p>\n<p> <span lang=\"FR-CH\">\u00ab\u00a0Ils           pensaient que leurs jours \u00e9taient compt\u00e9s parce que les services de           s\u00e9curit\u00e9 \u00e9taient \u00e0 leurs trousses et les reconna\u00eetraient \u00e0 partir des           enregistrements des cam\u00e9ras de surveillance. Donc ils<\/span><\/p>\n<p> <span lang=\"FR-CH\">sont           partis (\u00e0 l&rsquo;a\u00e9roport de Glasgow) en pur d\u00e9sespoir de cause\u00a0\u00bb, a-t-il           expliqu\u00e9.<\/span><\/p>\n<p> <span lang=\"FR-CH\">\u00a0<\/span><\/p>\n<p> <span lang=\"FR-CH\">La           veille, la police avait retrouv\u00e9 deux Mercedes pi\u00e9g\u00e9es, en plein coeur           de Londres, qui n&rsquo;avaient pas explos\u00e9, donnant aux enqu\u00eateurs une           foule d&rsquo;indices.<\/span><\/p>\n<p> <span lang=\"FR-CH\">\u00a0<\/span><\/p>\n<p> <span lang=\"FR-CH\">Selon           cette source, les mati\u00e8res explosives et d\u00e9tonateurs pour ces trois           attentats avaient \u00e9t\u00e9 rassembl\u00e9s dans un seul lieu, \u00e0 une adresse pr\u00e8s           de Glasgow (Ecosse), sans autre pr\u00e9cision.<\/span><b><span lang=\"FR-CH\">\u00a0<\/span><span dir=\"rtl\" lang=\"AR-SA\">\u00a0<\/span><\/b><\/p>\n<hr\/>\n<h6 align=\"center\" style=\"color: blue;\">Attentats manqu\u00e9s: les           liens entre les membres du r\u00e9seau se pr\u00e9cisent<\/h6>\n<p><\/font> <\/p>\n<p> <span lang=\"FR-CH\">AFP, le           5 juin 2007 \u00e0 <\/span> <span dir=\"rtl\" lang=\"AR-SA\">          18<\/span><span lang=\"FR-CH\">h<\/span><span dir=\"rtl\" lang=\"AR-SA\">41<\/span><\/p>\n<p> <span lang=\"FR-CH\"><font face=\"Times New Roman\" size=\"3\">\u00a0<\/font><\/span><\/p>\n<p> <b> <span lang=\"FR-CH\">          Par Cyril BELAUD<\/span><\/b><\/p>\n<p> <span lang=\"FR-CH\">\u00a0<\/span><\/p>\n<p> <span lang=\"FR-CH\">          LONDRES, 5 juil 2007 (AFP) &#8211; La police britannique semblait penser           jeudi avoir arr\u00eat\u00e9 les principaux suspects, m\u00e9decins pour la plupart,           dans les attentats manqu\u00e9s de Londres et Glasgow, alors que<\/span><\/p>\n<p> <span lang=\"FR-CH\">les           liens familiaux, professionnels ou amicaux des personnes appr\u00e9hend\u00e9es           se pr\u00e9cisent peu \u00e0 peu.<\/span><\/p>\n<p> <span lang=\"FR-CH\">\u00a0<\/span><\/p>\n<p> <span lang=\"FR-CH\">La           derni\u00e8re arrestation, op\u00e9r\u00e9e \u00e0 l&rsquo;a\u00e9roport de Brisbane en Australie,           remonte maintenant \u00e0 lundi soir. Et le niveau d&rsquo;alerte terroriste a           \u00e9t\u00e9 abaiss\u00e9 d&rsquo;un cran mercredi, m\u00eame si la ministre de l&rsquo;Int\u00e9rieur           Jacqui Smith a pr\u00e9venu que la menace restait \u00ab\u00a0r\u00e9elle et s\u00e9rieuse\u00a0\u00bb.<\/span><\/p>\n<p> <span lang=\"FR-CH\">\u00a0<\/span><\/p>\n<p> <span lang=\"FR-CH\">Une           inspectrice de Scotland Yard est arriv\u00e9e jeudi en Australie pour y           interroger Mohammed Haneef, un m\u00e9decin indien de 27 ans, interpell\u00e9 \u00e0           Brisbane en possession d&rsquo;un aller simple pour l&rsquo;Inde.<\/span><\/p>\n<p> <span lang=\"FR-CH\">Londres           n&rsquo;a pas encore fait de demande d&rsquo;extradition, selon les autorit\u00e9s           australiennes.<\/span><\/p>\n<p> <span lang=\"FR-CH\">\u00a0<\/span><\/p>\n<p> <span lang=\"FR-CH\">En           quelques jours, huit suspects, sept hommes -m\u00e9decins ou internes&#8211; et           une femme, laborantine, ont \u00e9t\u00e9 arr\u00eat\u00e9s. Six d&rsquo;entre eux sont en garde           \u00e0 vue au commissariat de Paddington Green, sp\u00e9cialis\u00e9 dans les           affaires de terrorisme. Un autre reste hospitalis\u00e9, dans un \u00e9tat           grave, au Royal Hospital de Paisley (Ecosse).<\/span><\/p>\n<p> <span lang=\"FR-CH\">\u00a0<\/span><\/p>\n<p> <span lang=\"FR-CH\">          Scotland Yard a refus\u00e9 jeudi de commenter des informations de la           cha\u00eene am\u00e9ricaine CNN selon lesquelles aurait \u00e9t\u00e9 retrouv\u00e9e une lettre           \u00e9crite par les auteurs de l&rsquo;attentat rat\u00e9 \u00e0 l&rsquo;a\u00e9roport de Glasgow           (Ecosse), dans laquelle ils expliquent les motivations de leur geste.<\/span><\/p>\n<p> <span lang=\"FR-CH\">\u00a0<\/span><\/p>\n<p> <span lang=\"FR-CH\">Les           m\u00e9dias britanniques ont commenc\u00e9 \u00e0 reconstituer les liens unissant les           membres du r\u00e9seau. L&rsquo;un des auteurs pr\u00e9sum\u00e9s de l&rsquo;attentat de Glasgow,           Kafeel Ahmed, un Indien de 27 ans, serait le fr\u00e8re d&rsquo;un autre suspect,           le Dr Sabeel Ahmed, 26 ans, arr\u00eat\u00e9 dimanche \u00e0 Liverpool.<\/span><\/p>\n<p> <span lang=\"FR-CH\">\u00a0<\/span><\/p>\n<p> <span lang=\"FR-CH\">Les           deux hommes seraient originaires de Bangalore en Inde, comme Mohammed           Haneef. Kafeel Ahmed, gri\u00e8vement br\u00fbl\u00e9 dans l&rsquo;attaque, aurait           rencontr\u00e9 en 2005 \u00e0 Cambridge (nord de Londres) un autre suspect,           Mohammed Asha, 26 ans, un neuro-chirurgien jordanien, pr\u00e9sent\u00e9 comme           le cerveau du complot.<\/span><\/p>\n<p> <span lang=\"FR-CH\">\u00a0<\/span><\/p>\n<p> <span lang=\"FR-CH\">La           femme de ce dernier, Marwa Asha, 27 ans, a \u00e9galement \u00e9t\u00e9 arr\u00eat\u00e9e.           Mohammed Asha conna\u00eetrait de longue date un autre suspect, Bilal           Abdullah, a rapport\u00e9 le Daily Telegraph. Ils se seraient connus en           Jordanie, o\u00f9 leurs p\u00e8res, de vieux amis, les auraient pr\u00e9sent\u00e9s l&rsquo;un \u00e0           l&rsquo;autre.<\/span><\/p>\n<p> <span lang=\"FR-CH\">\u00a0<\/span><\/p>\n<p> <span lang=\"FR-CH\">Le Dr           Bilal Abdullah, un Irakien de 27 ans, autre auteur pr\u00e9sum\u00e9 de           l&rsquo;attentat manqu\u00e9 de Glasgow, aurait \u00e9galement effectu\u00e9 de courts           s\u00e9jours \u00e0 Cambridge (nord de Londres) en 2001 et 2004, d&rsquo;apr\u00e8s le           Times. A cette \u00e9poque, il aurait notamment fr\u00e9quent\u00e9 le groupe radical           Hizb-ut-Tahrir, selon le Telegraph.<\/span><\/p>\n<p> <span lang=\"FR-CH\">\u00a0<\/span><\/p>\n<p> <span lang=\"FR-CH\">Hicham           Kwieder, secr\u00e9taire d&rsquo;une association musulmane de Cambridge, l&rsquo;a           rencontr\u00e9 pour la derni\u00e8re fois en 2006. \u00ab\u00a0Il souffrait de voir son           pays (l&rsquo;Irak) divis\u00e9 et les gens se battre\u00a0\u00bb, a-t-il d\u00e9clar\u00e9. Mais           \u00ab\u00a0c&rsquo;est difficile de croire que quelqu&rsquo;un comme \u00e7a pourrait devenir une           personne violente\u00a0\u00bb.<\/span><\/p>\n<p> <span lang=\"FR-CH\">\u00a0<\/span><\/p>\n<p> <span lang=\"FR-CH\">Un haut           responsable des services de s\u00e9curit\u00e9 a indiqu\u00e9 \u00e0 l&rsquo;AFP que l&rsquo;attentat           rat\u00e9 de Glasgow n&rsquo;\u00e9tait initialement pas pr\u00e9vu et aurait \u00e9t\u00e9 improvis\u00e9           par \u00ab\u00a0pur d\u00e9sespoir\u00a0\u00bb, les deux hommes sachant la police sur leurs           traces.<\/span><\/p>\n<p> <span lang=\"FR-CH\">\u00a0<\/span><\/p>\n<p> <span lang=\"FR-CH\">Ils           \u00e9taient si d\u00e9sorganis\u00e9s \u00ab\u00a0qu&rsquo;ils avaient achet\u00e9 la plupart des           mat\u00e9riaux seulement quelques heures avant de les utiliser\u00a0\u00bb, a estim\u00e9           cette source.<\/span><\/p>\n<p> <span lang=\"FR-CH\">\u00a0<\/span><\/p>\n<p> <span lang=\"FR-CH\">Dans ce           contexte tendu, une rame du m\u00e9tro de Londres a d\u00e9raill\u00e9 jeudi matin,           mais la police a rapidement \u00e9cart\u00e9 une piste terroriste. Trente sept           personnes ont \u00e9t\u00e9 l\u00e9g\u00e8rement bless\u00e9es, dont<\/span><\/p>\n<p> <span lang=\"FR-CH\">11 ont           \u00e9t\u00e9 hospitalis\u00e9es pour des blessures mineures.<\/span><\/p>\n<p> <span lang=\"FR-CH\">\u00a0<\/span><\/p>\n<p> <span lang=\"FR-CH\">La           Grande-Bretagne se pr\u00e9pare \u00e0 marquer discr\u00e8tement samedi le deuxi\u00e8me           anniversaire des attentats-suicide du 7 juillet \u00e0 Londres, qui avaient           fait 56 morts dont les quatre kamikazes.<\/span><\/p>\n<p> <span lang=\"FR-CH\">\u00a0<\/span><\/p>\n<p> <span lang=\"FR-CH\">Ce m\u00eame           samedi sera donn\u00e9 \u00e0 Londres le coup d&rsquo;envoi du Tour de France           cycliste, plac\u00e9 sous tr\u00e8s haute surveillance avec notamment 5.000           policiers d\u00e9ploy\u00e9s \u00e0 Londres.<\/span><\/p>\n<p> <span lang=\"FR-CH\">\u00a0<\/span><\/p>\n<p> <span lang=\"FR-CH\">\u00a0<\/span><\/p>\n<hr\/>\n<h6 align=\"center\" style=\"color: blue;\">Les huit suspects dans           les attentats de Londres et Glasgow<\/h6>\n<p> <span lang=\"FR-CH\">AFP, le           6 juillet 2007 \u00e0 <\/span> <span dir=\"rtl\" lang=\"AR-SA\">          16<\/span><span lang=\"FR-CH\">h<\/span><span dir=\"rtl\" lang=\"AR-SA\">34<\/span><\/p>\n<p> <span lang=\"FR-CH\">\u00a0<\/span><\/p>\n<p> <i><span lang=\"FR-CH\">          LONDRES, 6 juil 2007 (AFP) &#8211; Huit suspects ont \u00e9t\u00e9 interpell\u00e9s dans le           cadre de l&rsquo;enqu\u00eate sur les attentats de Londres et de Glasgow           (Ecosse).<\/span><\/i><\/p>\n<p> <i><span lang=\"FR-CH\">\u00a0<\/span><\/i><\/p>\n<p> <i><span lang=\"FR-CH\">Sept           d&rsquo;entre eux exercent des professions m\u00e9dicales, d&rsquo;apr\u00e8s les m\u00e9dias. Le           dernier serait soit m\u00e9decin, soit ing\u00e9nieur, selon les sources.<\/span><\/i><\/p>\n<p> <i><span lang=\"FR-CH\">\u00a0<\/span><\/i><\/p>\n<p> <i><span lang=\"FR-CH\">Leur           identification et leurs ant\u00e9c\u00e9dents n&rsquo;ont jamais \u00e9t\u00e9 confirm\u00e9s           officiellement et reposent essentiellement sur des informations de           presse.<\/span><\/i><\/p>\n<p> <span lang=\"FR-CH\">\u00a0<\/span><\/p>\n<p> <b><span lang=\"FR-CH\">&#8211; Dr           Mohammed Asha, 26 ans, jordanien.<\/span><\/b><\/p>\n<p> <span lang=\"FR-CH\">Dipl\u00f4m\u00e9           en m\u00e9decine en 2004 de l&rsquo;Universit\u00e9 jordanienne, s&rsquo;est sp\u00e9cialis\u00e9 en           neurochirurgie en Angleterre (\u00e0 Birmingham). Exer\u00e7ait \u00e0 l&rsquo;h\u00f4pital du           Nord-Staffordshire \u00e0 Stoke-on-Trent (nord-ouest de<\/span><\/p>\n<p> <span lang=\"FR-CH\">          l&rsquo;Angleterre). Interpell\u00e9 le 30 juin avec son \u00e9pouse sur l&rsquo;autoroute           M6 dans le centre du pays. A un fils de 18 mois. Il est en garde \u00e0 vue           au commissariat de haute-s\u00e9curit\u00e9 de Paddington Green, \u00e0<\/span><\/p>\n<p> <span lang=\"FR-CH\">          Londres.<\/span><\/p>\n<p> <span lang=\"FR-CH\">\u00a0<\/span><\/p>\n<p> <b><span lang=\"FR-CH\">&#8211;           Maroua Daana, 27 ans, jordanienne.<\/span><\/b><\/p>\n<p> <span lang=\"FR-CH\">Epouse           du Dr Mohammed Asha. Laborantine au m\u00eame h\u00f4pital que son mari et           interpell\u00e9e en m\u00eame temps que lui. Est \u00e9galement interrog\u00e9e au           commissariat de Paddington Green.<\/span><\/p>\n<p> <span lang=\"FR-CH\">\u00a0<\/span><\/p>\n<p> <b><span lang=\"FR-CH\">&#8211; Dr           Bilal Abdulla, 27 ans, irakien.<\/span><\/b><\/p>\n<p> <span lang=\"FR-CH\">Dipl\u00f4m\u00e9           en m\u00e9decine \u00e0 Bagdad en 2004. Exer\u00e7ait \u00e0 l&rsquo;h\u00f4pital Royal Alexandra de           Paisley, pr\u00e8s de Glasgow (Ecosse). Passager de la Jeep, la           voiture-b\u00e9lier qui s&rsquo;est encastr\u00e9e le 30 juin dans le<\/span><\/p>\n<p> <span lang=\"FR-CH\">          terminal de l&rsquo;a\u00e9roport de Glasgow. Interpell\u00e9 sur les lieux de           l&rsquo;attentat. Transf\u00e9r\u00e9 et interrog\u00e9 \u00e0 Paddington Green.<\/span><\/p>\n<p> <span lang=\"FR-CH\">\u00a0<\/span><\/p>\n<p> <b><span lang=\"FR-CH\">&#8211; Dr           Sabeel Ahmed, 26 ans, indien.<\/span><\/b><\/p>\n<p> <span lang=\"FR-CH\">M\u00e9decin           originaire de Bangalore, exer\u00e7ant \u00e0 l&rsquo;h\u00f4pital Halton de Runcon           (Cheshire, nord-ouest de l&rsquo;Angleterre). Arr\u00eat\u00e9 \u00e0 Liverpool<\/span><\/p>\n<p> <span lang=\"FR-CH\">dans la           soir\u00e9e du 30 juin. D\u00e9tenu et interrog\u00e9 au commissariat de Paddington           Green.<\/span><\/p>\n<p> <span lang=\"FR-CH\">\u00a0<\/span><\/p>\n<p> <b><span lang=\"FR-CH\">&#8211;           Kafeel Ahmed, 27 ans, indien, fr\u00e8re a\u00een\u00e9 de Sabeel. Sa profession           reste incertaine.<\/span><\/b><\/p>\n<p> <span lang=\"FR-CH\">          Originaire de Bangalore (Inde), il aurait exerc\u00e9 comme rempla\u00e7ant \u00e0           l&rsquo;h\u00f4pital Royal Alexandra, selon la presse britannique.<\/span><\/p>\n<p> <span lang=\"FR-CH\">          L&rsquo;association m\u00e9dicale australienne a pour sa part indiqu\u00e9 qu&rsquo;elle           avait rejet\u00e9 ces derni\u00e8res ann\u00e9es, pour manque de comp\u00e9tences, ses           demandes et celles de son fr\u00e8re pour travailler dans des h\u00f4pitaux de           l&rsquo;ouest de l&rsquo;Australie.<\/span><\/p>\n<p> <span lang=\"FR-CH\">Selon           les journaux indien Times of India et britannique Daily Telegraph, il           serait en fait ing\u00e9nieur en a\u00e9ronautique et poss\u00e8derait un doctorat.<\/span><\/p>\n<p> <span lang=\"FR-CH\">Il           conduisait la voiture-b\u00e9lier et a \u00e9t\u00e9 vu s&rsquo;aspergeant d&rsquo;essence avant           d&rsquo;\u00eatre interpell\u00e9. Gri\u00e8vement br\u00fbl\u00e9, il a \u00e9t\u00e9 hospitalis\u00e9 dans ce m\u00eame           h\u00f4pital sous surveillance arm\u00e9e, sans \u00eatre formellement plac\u00e9 en garde           \u00e0 vue. Il a \u00e9t\u00e9 transf\u00e9r\u00e9 vendredi dans une unit\u00e9 sp\u00e9cialis\u00e9e pour les           grands br\u00fbl\u00e9s de la Royal Infirmary de Glasgow.<\/span><\/p>\n<p> <span lang=\"FR-CH\">\u00a0<\/span><\/p>\n<p> <b><span lang=\"FR-CH\">&#8211; Dr           Mohammed Haneef, 27 ans, indien, cousin de Kafeel et Sabeel Ahmed.<\/span><\/b><\/p>\n<p> <span lang=\"FR-CH\">M\u00e9decin           dipl\u00f4m\u00e9 de l&rsquo;universit\u00e9 Rajiv Ghandi de Bangalore. A exerc\u00e9 en 2005 \u00e0           l&rsquo;h\u00f4pital Halton, o\u00f9 a aussi travaill\u00e9 Sabeel Ahmed. Il exer\u00e7ait           r\u00e9cemment \u00e0 l&rsquo;h\u00f4pital de la Gold Coast au sud de<\/span><\/p>\n<p> <span lang=\"FR-CH\">          Brisbane (est de l&rsquo;Australie). A \u00e9t\u00e9 interpell\u00e9 le 2 juillet \u00e0           l&rsquo;a\u00e9roport de Brisbane, alors qu&rsquo;il s&rsquo;appr\u00eatait \u00e0 s&rsquo;envoler pour           l&rsquo;Inde. D\u00e9tenu et interrog\u00e9 en Australie.<\/span><\/p>\n<p> <span lang=\"FR-CH\">\u00a0<\/span><\/p>\n<p> <b><span lang=\"FR-CH\">&#8211;           Deux m\u00e9decins stagiaires, encore non identifi\u00e9s, de 25 et 28 ans, qui           seraient de nationalit\u00e9 saoudienne.<\/span><\/b><\/p>\n<p> <span lang=\"FR-CH\">Ils           exer\u00e7aient \u00e0 l&rsquo;h\u00f4pital Royal Alexandra et ont \u00e9t\u00e9 arr\u00eat\u00e9s lundi pr\u00e8s           de l&rsquo;h\u00f4pital pour \u00ab\u00a0infraction \u00e0 la l\u00e9gislation antiterroriste\u00a0\u00bb.           Transf\u00e9r\u00e9s et interrog\u00e9s \u00e0 Paddington Green.<\/span><\/p>\n<p> <span lang=\"FR-CH\">\u00a0<\/span><\/p>\n<\/p><\/div>\n<p> <\/font><\/div>\n<\/p><\/div>\n<\/p><\/div>\n<p> <\/font><\/div>\n<hr\/>\n<p align=\"center\">\u00a0<\/p>\n<p><!-- |**|end egp html banner|**| --><\/p>\n<p align=\"center\"><b><a href=\"https:\/\/tunisnews.net\/ar\/\"><span>Home<\/span><span lang=\"FR-CH\"> &#8211; Accueil <\/span><span>&#8211; <\/span><span dir=\"RTL\" lang=\"AR-SA\">\u0627\u0644\u0631\u0626\u064a\u0633\u064a\u0629<\/span><\/a><\/b><\/p>\n<p align=\"center\"><b><span dir=\"RTL\" lang=\"AR-SA\">\u00a0<\/span><\/b><\/p>\n<p><\/body><\/body><\/html><\/p>","protected":false},"excerpt":{"rendered":"<p>Home &#8211; Accueil &#8211; \u0627\u0644\u0631\u0626\u064a\u0633\u064a\u0629 \u00a0 TUNISNEWS 8\u00a0\u00e8me\u00a0ann\u00e9e, N\u00b0\u00a02600\u00a0du 06.07.2007 \u00a0archives : www.tunisnews.net Entrevue avec Farid Ben Taieb, l\u2019\u00e9poux de Mme Sameh Harakati emprisonn\u00e9e \u00e0 Tunis Reuters: Vingt candidats \u00e0 l&rsquo;\u00e9migration se noient au large de la Tunisie Reuters: Twenty African migrants bound for Italy drown Le Monde: La libert\u00e9 de la presse marocaine est [&hellip;]<\/p>\n","protected":false},"author":1,"featured_media":22040,"comment_status":"open","ping_status":"open","sticky":false,"template":"","format":"standard","meta":{"inline_featured_image":false,"site-sidebar-layout":"default","site-content-layout":"","ast-site-content-layout":"default","site-content-style":"default","site-sidebar-style":"default","ast-global-header-display":"","ast-banner-title-visibility":"","ast-main-header-display":"","ast-hfb-above-header-display":"","ast-hfb-below-header-display":"","ast-hfb-mobile-header-display":"","site-post-title":"","ast-breadcrumbs-content":"","ast-featured-img":"","footer-sml-layout":"","ast-disable-related-posts":"","theme-transparent-header-meta":"","adv-header-id-meta":"","stick-header-meta":"","header-above-stick-meta":"","header-main-stick-meta":"","header-below-stick-meta":"","astra-migrate-meta-layouts":"default","ast-page-background-enabled":"default","ast-page-background-meta":{"desktop":{"background-color":"","background-image":"","background-repeat":"repeat","background-position":"center center","background-size":"auto","background-attachment":"scroll","background-type":"","background-media":"","overlay-type":"","overlay-color":"","overlay-opacity":"","overlay-gradient":""},"tablet":{"background-color":"","background-image":"","background-repeat":"repeat","background-position":"center center","background-size":"auto","background-attachment":"scroll","background-type":"","background-media":"","overlay-type":"","overlay-color":"","overlay-opacity":"","overlay-gradient":""},"mobile":{"background-color":"","background-image":"","background-repeat":"repeat","background-position":"center center","background-size":"auto","background-attachment":"scroll","background-type":"","background-media":"","overlay-type":"","overlay-color":"","overlay-opacity":"","overlay-gradient":""}},"ast-content-background-meta":{"desktop":{"background-color":"var(--ast-global-color-5)","background-image":"","background-repeat":"repeat","background-position":"center center","background-size":"auto","background-attachment":"scroll","background-type":"","background-media":"","overlay-type":"","overlay-color":"","overlay-opacity":"","overlay-gradient":""},"tablet":{"background-color":"var(--ast-global-color-5)","background-image":"","background-repeat":"repeat","background-position":"center center","background-size":"auto","background-attachment":"scroll","background-type":"","background-media":"","overlay-type":"","overlay-color":"","overlay-opacity":"","overlay-gradient":""},"mobile":{"background-color":"var(--ast-global-color-5)","background-image":"","background-repeat":"repeat","background-position":"center center","background-size":"auto","background-attachment":"scroll","background-type":"","background-media":"","overlay-type":"","overlay-color":"","overlay-opacity":"","overlay-gradient":""}},"footnotes":""},"categories":[],"tags":[59,38,29],"class_list":["post-17079","post","type-post","status-publish","format-standard","has-post-thumbnail","hentry","tag-59","tag-38","tag-fr"],"_links":{"self":[{"href":"https:\/\/tunisnews.net\/ar\/wp-json\/wp\/v2\/posts\/17079","targetHints":{"allow":["GET"]}}],"collection":[{"href":"https:\/\/tunisnews.net\/ar\/wp-json\/wp\/v2\/posts"}],"about":[{"href":"https:\/\/tunisnews.net\/ar\/wp-json\/wp\/v2\/types\/post"}],"author":[{"embeddable":true,"href":"https:\/\/tunisnews.net\/ar\/wp-json\/wp\/v2\/users\/1"}],"replies":[{"embeddable":true,"href":"https:\/\/tunisnews.net\/ar\/wp-json\/wp\/v2\/comments?post=17079"}],"version-history":[{"count":0,"href":"https:\/\/tunisnews.net\/ar\/wp-json\/wp\/v2\/posts\/17079\/revisions"}],"wp:featuredmedia":[{"embeddable":true,"href":"https:\/\/tunisnews.net\/ar\/wp-json\/wp\/v2\/media\/22040"}],"wp:attachment":[{"href":"https:\/\/tunisnews.net\/ar\/wp-json\/wp\/v2\/media?parent=17079"}],"wp:term":[{"taxonomy":"category","embeddable":true,"href":"https:\/\/tunisnews.net\/ar\/wp-json\/wp\/v2\/categories?post=17079"},{"taxonomy":"post_tag","embeddable":true,"href":"https:\/\/tunisnews.net\/ar\/wp-json\/wp\/v2\/tags?post=17079"}],"curies":[{"name":"wp","href":"https:\/\/api.w.org\/{rel}","templated":true}]}}