{"id":17072,"date":"2009-01-26T00:00:00","date_gmt":"2009-01-26T00:00:00","guid":{"rendered":"https:\/\/tunisnews.net\/26-janvier-2009\/"},"modified":"2009-01-26T00:00:00","modified_gmt":"2009-01-26T00:00:00","slug":"26-janvier-2009","status":"publish","type":"post","link":"https:\/\/tunisnews.net\/ar\/26-janvier-2009\/","title":{"rendered":"26 janvier 2009"},"content":{"rendered":"<p><html><head><meta content=\"text\/html\" description=\"Celles et Ceux qui veulent signer cet \n\t\t\t\t\t\t\t\t\t\tappel sont invit\u00e9s \u00e0 envoyer leur: Nom, \n\t\t\t\t\t\t\t\t\t\tPays de r\u00e9sidence et Ann\u00e9e de sortie de \n\t\t\t\t\t\t\t\t\t\tla Tunisie sur le m\u00e9l de l'initiative :\" http-equiv=\"Content-Type\"\/><\/head><body><body><\/p>\n<p align=\"center\" dir=\"ltr\"><font face=\"Arial\" size=\"2\"><b><a href=\"http:\/\/www.tunisnews.net\/\"><span>Home<\/span><span lang=\"FR-CH\"> &#8211; Accuei<\/span><\/a><span lang=\"FR-CH\">l<\/span><\/b><\/font><\/p>\n<p><font face=\"Arial\" size=\"2\"><\/p>\n<div>\n<div>\n<div>\n<div>\n<div>\n<div>\n<div>\n<div><\/div>\n<p><font><span lang=\"FR\"><\/p>\n<div align=\"center\" dir=\"ltr\"><span lang=\"SV\"><strong>TUNISNEWS<\/strong><\/span> <\/div>\n<div align=\"center\" dir=\"ltr\"><font><\/p>\n<div><strong>8\u00a0\u00e8me ann\u00e9e, <span lang=\"FR\">N\u00b0\u00a03170 du 26.01.2009<\/span><\/strong><\/div>\n<p><\/font><\/div>\n<div align=\"center\" dir=\"ltr\"><span><font><strong><font>\u00a0archives<\/font> :<\/strong><\/font><a target=\"_blank\" rel=\"noopener\"><font face=\"Arial\" size=\"2\"><strong>www.tunisnews.net<\/strong><\/font><\/a><\/span><font>\u00a0<\/font>\u00a0 <\/div>\n<div align=\"center\" dir=\"ltr\">\n<hr\/>\n<\/div>\n<p><span><span lang=\"FR\"><font><span lang=\"FR\"><\/p>\n<p><font size=\"3\"><strong><font size=\"2\"><\/p>\n<div>\n<p><font>Collectif nantais de soutien aux Tunisiens de Redeyef : Conference de presse <font>AFP: A Lampedusa, la br\u00e8ve mais spectaculaire r\u00e9volte de centaines de clandestins<\/font> AFP: Lampedusa: situation calme dimanche apr\u00e8s l&rsquo;escapade massive de samedi (24 janvier) <font>Le Temps Lundi: Emigration clandestine : Chronique d&rsquo;un \u00e9chec collectif<\/font> Le Temps Lundi: Wa\u00eal, un \u00e9migr\u00e9 clandestin expuls\u00e9 d&rsquo;Italie: \u00ab Je regrette mon lopin de terre vendu pour des projets chim\u00e9riques \u00bb <font>Reuters: Bangkok mis en cause apr\u00e8s la disparition de boat-people birmans (de minorit\u00e9 musulmane, NDLR)<\/font> Le Temps Suisse:\u00a0 Boat people birmans: l\u2019arm\u00e9e tha\u00eflandaise accus\u00e9e <font>Reuters: L&rsquo;offensive isra\u00e9lienne \u00e0 Gaza a \u00ab\u00a0tu\u00e9\u00a0\u00bb l&rsquo;UPM, estime la Libye<\/font>  AFP: La guerre de Gaza a \u00ab\u00a0port\u00e9 un coup\u00a0\u00bb \u00e0 l&rsquo;Union pour la M\u00e9diterran\u00e9e (Kadhafi) <font>AFP: Trois ex-diplomates occidentaux devenus avocats du dialogue avec le Hamas<\/font>  Reuters: Toll\u00e9 autour d&rsquo;une directive rabbinique durant la guerre de Gaza  <\/font><\/p>\n<p><font>AP: Sky News refuse de diffuser une appel aux dons en faveur de Gaza<\/font><\/div>\n<div>\n<p><font>Pr. Sa\u00efd Mestiri: A propos des nouvelles armes utilis\u00e9es par Isra\u00ebl \u00e0 Gaza : Des interrogations l\u00e9gitimes<\/font><\/p>\n<\/div>\n<div>\n<p><font><font>Sihem Bensedrine: L\u2019\u00e9preuve de Gaza et la faillite de la \u00ab communaut\u00e9 internationale \u00bb<\/font> Le Temps Lundi: Bombardez- moi : je suis arabe <font>AP: The former Cat Stevens performs song for Gaza<\/font> AFP: Albanie: les musulmanes pourront garder le foulard sur les photos d&rsquo;identit\u00e9 <\/font><\/p>\n<p><font>Nour el Hoda: L\u2019important c\u2019est d\u2019exister, l\u2019important<\/font><\/div>\n<div><font face=\"Arial\"><\/p>\n<div align=\"left\" dir=\"ltr\">\n<hr\/>\n<\/div>\n<p><\/font><\/p>\n<div>\n<div align=\"center\"><b><span lang=\"FR\">Liste actualis\u00e9e des signataires de l&rsquo;initiative du Droit de Retour : <\/span><span lang=\"FR\"><font><a>http:\/\/www.manfiyoun.net\/fr\/listfr.html<\/a><\/font><\/span><\/b><span lang=\"FR\"><strong> Celles et Ceux qui veulent signer cet appel sont invit\u00e9s \u00e0 envoyer leur: Nom, Pays de r\u00e9sidence et Ann\u00e9e de sortie de la Tunisie sur le m\u00e9l de l&rsquo;initiative : <\/strong><a><font><strong>manfiyoun@gmail.com<\/strong><\/font><\/a><\/span><font face=\"Arial\"><\/font><\/div>\n<\/div>\n<\/div>\n<p><\/font><\/strong><\/font><\/p>\n<p><\/span><\/font><\/span><\/span><\/span><\/font><\/div>\n<\/div>\n<\/div>\n<p><font face=\"Arial\"><\/p>\n<div>\u00a0<\/div>\n<div>\n<hr\/>\n<\/div>\n<div>\n<p align=\"center\"><span><strong><font size=\"2\">Le Collectif nantais de soutien aux Tunisiens de Redeyef vous invite \u00e0 une <\/font><\/strong><\/span><\/p>\n<p align=\"center\"><strong><span><font size=\"2\"><\/p>\n<h2 style=\"color: red;\"><font>CONFERENCE de PRESSE<\/font><\/h2>\n<p><\/font><\/span><\/strong><\/p>\n<p align=\"center\"><strong><span><font size=\"2\">ce mardi 27 janvier \u00e0 18h <\/font><\/span><\/strong><\/p>\n<p align=\"center\"><span><font size=\"2\">Maison des associations &#8211;\u00a021, all\u00e9e\u00a0Baco &#8211; Nantes<\/font><\/span><\/p>\n<div>\n<p><span><font size=\"2\">33 tunisiens, syndicalistes,\u00a0enseignants,\u00a0ouvriers,\u00a0jeunes ch\u00f4meurs ont \u00e9t\u00e9 condamn\u00e9s, le 11 d\u00e9cembre dernier, par le tribunal de Gafsa (sud-ouest de la Tunisie) \u00e0 des peines allant de\u00a01\u00a0an \u00e0&#8230; 10 ans de prison. Ils\u00a0avaient\u00a0manifest\u00e9\u00a0pacifiquement contre le ch\u00f4mage, l\u2019injustice et la vie ch\u00e8re et ont \u00e9t\u00e9\u00a0accus\u00e9s de\u00a0<em>\u00a0\u00bb\u00a0participation \u00e0 une entente criminelle en vue de commettre des attentats contre les personnes et les biens, r\u00e9bellion arm\u00e9e et troubles \u00e0 l\u2019ordre public\u00a0\u00bb<\/em>.\u00a0 Le proc\u00e8s du 11 d\u00e9cembre s&rsquo;est\u00a0affranchi du respect de la l\u00e9galit\u00e9\u00a0: pas d\u2019audience des pr\u00e9venus, pas de plaidoirie d&rsquo;avocats malgr\u00e9 la pr\u00e9sence de plus de 70 avocats, pas d\u2019\u00e9nonc\u00e9 public des verdicts. Le pr\u00e9sident du tribunal\u00a0a d\u00e9clar\u00e9 la s\u00e9ance ouverte, a annonc\u00e9 que les verdicts avaient \u00e9t\u00e9 d\u00e9cid\u00e9s et clos aussit\u00f4t la s\u00e9ance, invitant les avocats \u00e0 prendre connaissance des d\u00e9cisions du tribunal aupr\u00e8s du secr\u00e9tariat. Du jamais vu !<\/font><\/span><\/p>\n<\/div>\n<div>\n<p><span><font size=\"2\">Tous les inculp\u00e9s\u00a0ont \u00e9t\u00e9 condamn\u00e9s\u00a0pour avoir seulement exprim\u00e9 leurs demandes\u00a0l\u00e9gitimes de travail, de pain et de justice. <strong>Leur proc\u00e8s en appel se tient le 3 f\u00e9vrier prochain.\u00a0<\/strong><\/font><\/span><\/p>\n<\/div>\n<p><span><font size=\"2\">Dans le m\u00eame temps, \u00e0 Nantes, plusieurs tunisiens originaires de Redeyef sont arr\u00eat\u00e9s et enferm\u00e9s au centre de r\u00e9tention de Rennes (celui de Nantes \u00e9tant ferm\u00e9) pour \u00eatre reconduits \u00e0 la fronti\u00e8re. Les tunisiens arr\u00eat\u00e9s sont\u00a0des\u00a0personnes qui veulent \u00e9chapper \u00e0 la r\u00e9pression en Tunisie. La ville de Redeyef subit\u00a0un contr\u00f4le renforc\u00e9 du d\u00e9placement des habitants aboutissant \u00e0 un v\u00e9ritable \u00e9tat de si\u00e8ge,\u00a0des\u00a0perquisitions, les pressions sur les familles, la chasse aux jeunes&#8230; Il faut rappeler le bilan du mouvement :\u00a0trois personnes\u00a0mortes dont deux manifestants tu\u00e9s par des balles polici\u00e8res, de\u00a0tr\u00e8s nombreux bless\u00e9s, plus de 200 personnes poursuivies, des dizaines d\u2019entre elles tortur\u00e9es dans les prisons&#8230; <\/font><\/span><\/p>\n<p><span><font size=\"2\">Le Collectif appelle \u00e0 un rassemblement devant la Pr\u00e9fecture de Nantes ce samedi 31 janvier \u00e0 15h pour demander :<\/font><\/span><\/p>\n<p><span><font size=\"2\">&#8211; la relaxe\u00a0de tous les pr\u00e9venus, justice et libert\u00e9 pour les Tunisiens en Tunisie,<\/font><\/span><\/p>\n<p><span><font size=\"2\">&#8211; le respect du droit d&rsquo;asile des Tunisiens en France, notamment de ceux de Redeyef.<\/font><\/span><\/p>\n<p><font size=\"2\"><strong><span>Cette conf\u00e9rence de presse sera principalement anim\u00e9epar :\u00a0<\/span><\/strong><\/font><\/p>\n<p><font size=\"2\"><strong><span>&#8211; deux tunisiens originaires de Redeyef et r\u00e9sidantdans la m\u00e9tropole nantaise\u00a0dont des tr\u00e8s proches sont aujourd&rsquo;hui condamn\u00e9es \u00e0\u00a06 ou 10 ans de prison et qui font partie des\u00a033 personnes condamn\u00e9es le 11 d\u00e9cembre\u00a0dont le proc\u00e8s en appel aura lieu le 3 f\u00e9vrier et<\/span><\/strong><\/font><\/p>\n<p><strong><span><font size=\"2\">&#8211; deux autrestunisiens de Redeyef qui ont particip\u00e9 au mouvement social dans le bassin minier de Gafsa, ont quitt\u00e9 tr\u00e8s r\u00e9cemment la Tunisie pour \u00e9chapper \u00e0 la r\u00e9pression, sont aujourd&rsquo;hui sans papier et\u00a0demandent leur r\u00e9gularisation dans notre pays \u00e0 Nantes.\u00a0\u00a0<\/font><\/span><\/strong><\/p>\n<\/div>\n<div>\n<hr\/>\n<\/div>\n<div>\n<div align=\"center\"> <font face=\"Arial\" size=\"2\"><strong><\/p>\n<h2 style=\"color: red;\"><font size=\"3\">A Lampedusa, la br\u00e8ve mais spectaculaire r\u00e9volte de centaines de clandestins<\/font><\/h2>\n<p><\/strong><\/font><\/div>\n<div align=\"justify\"> AFP Samedi 24 janvier, 17h07 \u00a0Katia DOLMADJIAN  Quelque 700 immigr\u00e9s, selon les estimations du maire Bernardino De Rubeis &#8211; 1.300 selon certains m\u00e9dias &#8211; ont forc\u00e9 dans la matin\u00e9e les grilles du centre ferm\u00e9 pour aller manifester pendant plusieurs heures devant la mairie de Lampedusa, aux cris de \u00ab\u00a0libert\u00e9, aidez-nous!\u00a0\u00bb. Ils entendaient protester contre la mise en place sur l&rsquo;\u00eele d&rsquo;un nouveau Centre d&rsquo;identification et d&rsquo;expulsion (CEI), op\u00e9rationnel depuis vendredi et qui permet des rapatriements plus rapides, et \u00e9galement d\u00e9noncer leurs conditions de d\u00e9tention dans un centre surpeupl\u00e9. Les clandestins, majoritairement des Africains partis des c\u00f4tes libyennes pour gagner l&rsquo;Europe, s&rsquo;entassaient encore vendredi \u00e0 plus de 1.600 dans une structure pr\u00e9vue pour 850, avant le transfert d&rsquo;urgence le m\u00eame jour de pr\u00e8s de 300 d&rsquo;entre eux dans d&rsquo;autres r\u00e9gions italiennes. Apr\u00e8s leur manifestation la totalit\u00e9 des migrants a regagn\u00e9 dans le calme le centre de r\u00e9tention, a constat\u00e9 un photographe de l&rsquo;AFP, mais leur action coup-de-poing a suscit\u00e9 une controverse entre le gouvernement et des associations humanitaires. \u00ab\u00a0Il n&rsquo;y a pas de probl\u00e8me \u00e0 Lampedusa. Ceux qui arrivent l\u00e0-bas sont libres de leurs mouvements. Ce n&rsquo;est pas du tout un camp de concentration, ils sont libres d&rsquo;aller se boire une bi\u00e8re. (Samedi) ils sont all\u00e9s en ville comme ils le font d&rsquo;habitude\u00a0\u00bb, a d\u00e9clar\u00e9 le chef du gouvernement Silvio Berlusconi, cit\u00e9 par l&rsquo;agence Ansa. Le minist\u00e8re de l&rsquo;Int\u00e9rieur a rench\u00e9ri en affirmant dans un communiqu\u00e9 que le centre \u00ab\u00a0d&rsquo;accueil\u00a0\u00bb pour clandestins, \u00e0 la diff\u00e9rence du nouveau Centre d&rsquo;identification et d&rsquo;expulsion, ne pr\u00e9voyait pas \u00ab\u00a0l&rsquo;obligation de s\u00e9jour\u00a0\u00bb et qu&rsquo;il n&rsquo;y avait donc pas eu de \u00ab\u00a0fuite\u00a0\u00bb de clandestins \u00e0 proprement parler. \u00ab\u00a0Toutes les organisations qui travaillent \u00e0 Lampedusa pourront le confirmer, c&rsquo;est un centre gard\u00e9 par les forces de l&rsquo;ordre, et personne ne peut sortir pour aller prendre un caf\u00e9\u00a0\u00bb, a d\u00e9clar\u00e9 \u00e0 l&rsquo;AFP Antonio Virgilio, responsable en Italie de M\u00e9decins sans fronti\u00e8res (MSF). \u00ab\u00a0Je ne comprends pas ce qui se passe car jusqu&rsquo;\u00e0 hier, il n&rsquo;y avait aucune libert\u00e9 de mouvement pour les demandeurs d&rsquo;asile du centre et personne ne peut entrer ou sortir librement. Alors y a-t-il eu un changement de politique depuis vendredi? Nous ne sommes pas au courant!\u00a0\u00bb, a r\u00e9agi Laura Boldrini, porte-parole en Italie du Haut commissariat des Nations unies pour les r\u00e9fugi\u00e9s (HCR). Pour la seule ann\u00e9e 2008, pr\u00e8s de 31.700 immigrants ont d\u00e9barqu\u00e9 \u00e0 Lampedusa, une augmentation de 75% par rapport \u00e0 l&rsquo;ann\u00e9e pr\u00e9c\u00e9dente selon des chiffres du minist\u00e8re de l&rsquo;Int\u00e9rieur. Jusqu&rsquo;\u00e0 pr\u00e9sent, les immigr\u00e9s d\u00e9barqu\u00e9s \u00e0 Lampedusa n&rsquo;y restaient que quelques jours avant d&rsquo;\u00eatre dirig\u00e9s vers d&rsquo;autres centres en Italie pour qu&rsquo;il soit statu\u00e9 sur leur sort. Mais devant les arriv\u00e9es massives de ces derni\u00e8res semaines, le gouvernement a d\u00e9cid\u00e9 d&rsquo;expulser au plus vite les candidats \u00e0 l&rsquo;immigration ne r\u00e9pondant pas aux crit\u00e8res pour obtenir l&rsquo;asile. Ainsi, depuis le 1er janvier, 150 clandestins &#8211; principalement des Egyptiens et des Nig\u00e9rians &#8211; ont \u00e9t\u00e9 renvoy\u00e9s dans leur pays d&rsquo;origine, en vertu d&rsquo;accords de coop\u00e9ration entre l&rsquo;Italie et ces pays, avait indiqu\u00e9 vendredi le ministre de l&rsquo;Int\u00e9rieur, Roberto Maroni.<\/div>\n<\/div>\n<div>\n<hr\/>\n<\/div>\n<div>\n<div align=\"center\">\n<h2 style=\"color: red;\"><font face=\"Arial\" size=\"3\"><strong>Lampedusa: situation calme dimanche apr\u00e8s l&rsquo;escapade massive de samedi (24 janvier)<\/strong><\/font><\/h2>\n<\/div>\n<div align=\"justify\"> <font face=\"Arial\" size=\"2\">AFP, le 25 janvier 2009 \u00e0 11h42  ROME, 25 jan 2009 (AFP) &#8211; La situation \u00e9tait calme dimanche dans le centre de r\u00e9tention de Lampedusa (sud de l&rsquo;Italie), d&rsquo;o\u00f9 se sont \u00e9chapp\u00e9s samedi plusieurs centaines de clandestins, a indiqu\u00e9 \u00e0 l&rsquo;AFP une responsable. \u00ab\u00a0Tout est calme. Les immigr\u00e9s qui s&rsquo;\u00e9taient enfuis sont tous rentr\u00e9s\u00a0\u00bb, a d\u00e9clar\u00e9 par t\u00e9l\u00e9phone \u00e0 l&rsquo;AFP Paola Silvina. Quelque 700 immigr\u00e9s, selon les estimations du maire de Lampedusa, Bernardino De Rubeis, ont forc\u00e9 samedi matin les grilles du centre pour aller manifester pendant plusieurs heures devant la mairie, aux cris de \u00ab\u00a0libert\u00e9, aidez-nous!\u00a0\u00bb. Ils entendaient protester contre les conditions de vie dans le \u00ab\u00a0centre de premier accueil\u00a0\u00bb de l&rsquo;\u00eele et l&rsquo;ouverture vendredi d&rsquo;un nouveau Centre d&rsquo;identification et d&rsquo;expulsion (CEI) qui doit permettre des rapatriements plus rapides. La population de l&rsquo;\u00eele, d\u00e9j\u00e0 hostile au premier centre, a manifest\u00e9 \u00e0 plusieurs reprises contre l&rsquo;ouverture de la nouvelle structure, estimant que la pr\u00e9sence massive de clandestins sur l&rsquo;\u00eele nuit \u00e0 son image touristique. Jusqu&rsquo;\u00e0 pr\u00e9sent, les clandestins d\u00e9barqu\u00e9s \u00e0 Lampedusa n&rsquo;y restaient que quelques jours pour une identification rapide avant d&rsquo;\u00eatre achemin\u00e9s vers des centres de r\u00e9tention sur le continent o\u00f9 il \u00e9tait statu\u00e9 sur leur sort. Quelque 1.300 clandestins se trouvaient dimanche dans le centre d&rsquo;accueil, qui a une capacit\u00e9 th\u00e9orique de 850 places. Le ministre de l&rsquo;Int\u00e9rieur Roberto Maroni a r\u00e9affirm\u00e9 dimanche sa volont\u00e9 d&rsquo;une acc\u00e9l\u00e9ration des expulsions. \u00ab\u00a0Ceux qui pensent pouvoir entrer clandestinement en Italie et y circuler librement se trompent. Ceux qui arrivent \u00e0 Lampedusa y resteront en attente de leur rapatriement\u00a0\u00bb, a-t-il d\u00e9clar\u00e9 dans une interview au Corriere della Sera. Pour la seule ann\u00e9e 2008, pr\u00e8s de 31.700 immigrants ont d\u00e9barqu\u00e9 \u00e0 Lampedusa, une augmentation de 75% par rapport \u00e0 l&rsquo;ann\u00e9e pr\u00e9c\u00e9dente, selon le minist\u00e8re de l&rsquo;Int\u00e9rieur. Ces clandestins ne repr\u00e9sentent cependant qu&rsquo;une faible part &#8211; de l&rsquo;ordre de 15\/20 % &#8211; du nombre total des immigr\u00e9s ill\u00e9gaux pr\u00e9sents en Italie, selon la presse.  AFP<\/font><\/div>\n<\/div>\n<div>\n<hr\/>\n<\/div>\n<div>\u00a0<\/div>\n<div align=\"center\"><font face=\"Arial\" size=\"2\"><strong><\/p>\n<h2 style=\"color: red;\"><font size=\"3\">Emigration clandestine : Chronique d&rsquo;un \u00e9chec collectif<\/font><\/h2>\n<p><\/strong><\/font><\/div>\n<div align=\"justify\"> Par Mourad SELLAMI  170 millions de migrants l\u00e9gaux dans le monde. Sans doute 20 ou 30 millions d&rsquo;ill\u00e9gaux, dont 4 millions dans l&rsquo;Europe des vingt-sept. Un trafic humain estim\u00e9 par les experts \u00e0 quelque 15 milliards de dollars par an, organis\u00e9 par d&rsquo;habiles passeurs et de cyniques parrains.  Avec, pour principales destinations, les Etats-Unis, qui n&rsquo;ont jamais accueilli autant d&rsquo;\u00e9trangers depuis la vague d&rsquo;immigration du d\u00e9but du si\u00e8cle, et l&rsquo;Union europ\u00e9enne, une forteresse dont l&rsquo;id\u00e9al semble \u00eatre la \u00ab\u00a0tol\u00e9rance z\u00e9ro\u00a0\u00bb. Derri\u00e8re ces chiffres, il y a la trag\u00e9die de ces clandestins noy\u00e9s en mer ou morts sur les sentiers de l&rsquo;Eldorado. Tout le monde se rappelle le drame de ces travailleurs philippins battus, celui de ces enfants mexicains travaillant en Am\u00e9rique du Nord et de ces filles russes faisant partie des r\u00e9seaux de traite des blanches&#8230;En Tunisie, on se rappelle des multiples \u00e9pisodes de probl\u00e8mes avec la Libye et des diff\u00e9rentes tentatives de passer clandestinement en Italie. La derni\u00e8re en date, se produisant il y a une semaine \u00e0 la Marsa, n&rsquo;a pas encore livr\u00e9 tous ses secrets.  Immigr\u00e9, une profession ? Une profession de foi en un avenir meilleur assur\u00e9ment. Mais, \u00e9migrer, n&rsquo;est-ce pas une pr\u00e9tention vaine ? Quel est le prix \u00e0 payer pour tous ceux qui, malgr\u00e9 des barri\u00e8res quasi infranchissables entre les deux zones du monde (Nord\/Sud) osent braver le franchissement de tous les remparts ? Quelles sont les raisons imp\u00e9rieuses qui poussent tant d&rsquo;individus, citoyens des pays du Sud ou de l&rsquo;Est \u00e0 se jeter sur les routes de l&rsquo;\u00e9migration ?   Pour mettre un terme \u00e0 ces drames devenus quotidiens au Sud de la M\u00e9diterran\u00e9e ou ailleurs dans d&rsquo;autres contr\u00e9es de notre plan\u00e8te, il faut envisager un d\u00e9veloppement global soucieux d&rsquo;\u00e9tablir, sur toute la terre, le plus d&rsquo;\u00e9quilibre possible entre les croissances \u00e9conomiques et les responsabilit\u00e9s sociales. Un autre monde humain est possible si on le veut : un monde plus juste, plus \u00e9quitable, plus durable, plus solidaire ; dont l&rsquo;\u00e9conomie serait davantage compl\u00e9mentaire que concurrentielle. Sans l&rsquo;engagement de l&rsquo;humanit\u00e9 future dans la perspective de l&rsquo;\u00e9conomie compl\u00e9mentaire, on sera toujours dans la logique de la concurrence commerciale qui est, par nature injuste, selon les lois de la nature et non de la raison ou de l&rsquo;humanit\u00e9. D\u00e8s lors ce sont toujours les forts de fait qui gagnent. On comprend ais\u00e9ment qu&rsquo;encourager les pays du Sud, par exemple les pays africains, \u00e0 se d\u00e9velopper suivant la logique de l&rsquo;\u00e9conomie occidentale actuelle, n&rsquo;a aucun sens.  Plus que l&rsquo;aide publique au d\u00e9veloppement des pays pauvres, des investissements de pays \u00e0 pays ou priv\u00e9s, les micros projets des ONG et des Associations sont de nature plus efficaces. Celles-ci travaillent de concert avec les populations locales, t\u00e2chant de les impliquer dans l&rsquo;acheminement \u00e0 leur terme des projets, en ce que ceux-ci les concernent en tout premier lieu. C&rsquo;est ainsi que, sans l&rsquo;action remarquable des ONG et des Associations, les populations auraient certainement plus de difficult\u00e9s de survie. Ces organisations souvent philanthropiques s&rsquo;activent dans les divers secteurs de la r\u00e9alit\u00e9 de leur vie : des m\u00e9thodes nouvelles culturales et de r\u00e9tention des sols, de la rentabilisation de ceux-ci, des investissements, des centres d&rsquo;apprentissage des techniques utiles sur place, des structures sanitaires et de loisir, etc.   Toutefois, les hommes des pays du Sud n&rsquo;attendent pas toutes les initiatives de ceux du Nord. Dans l&rsquo;ensemble des pays du Sud, en Am\u00e9rique latine, en Asie, en Afrique etc., l&rsquo;\u00e9conomie informelle s&rsquo;organise pour viser \u00e0 plus de rentabilit\u00e9 par une organisation qu&rsquo;on pourrait qualifier des plus rationnelles. Cette n\u00e9cessit\u00e9 r\u00e9pond \u00e0 des donn\u00e9es nouvelles, cons\u00e9quences de l&rsquo;\u00e9conomie lib\u00e9rale. Outre l&rsquo;exode massif qui se poursuit dans ces pays, on sait que, depuis une quinzaine d&rsquo;ann\u00e9es environ, les institutions financi\u00e8res internationales (FMI et Banque mondiale), en voulant g\u00e9rer l&rsquo;\u00e9conomie mondiale selon des sch\u00e8mes r\u00e9gulateurs g\u00e9n\u00e9raux et simplistes impos\u00e9s par les technocrates de l&rsquo;\u00c9cole de Chicago, entre autres, ont contraint les pays du Sud \u00e0 des mesures draconiennes sans nuance aucune pour des situations particuli\u00e8res. Ces mesures de privations des soci\u00e9t\u00e9s publiques les plus rentables en faveur des Fonds de pension occidentaux ont eu pour effet des licenciements massifs, des coupes claires dans les budgets sociaux. D\u00e8s lors, des millions de citoyens de ces pays d\u00e9sh\u00e9rit\u00e9s, pour survivre, n&rsquo;ont pas eu d&rsquo;autres solutions que s&rsquo;adonner au travail informel, lot quotidien d&rsquo;une vie de \u00ab d\u00e9brouille \u00bb ; d&rsquo;autant plus que le secteur formel n&rsquo;a pu absorber le surplus de salari\u00e9s licenci\u00e9s. Ainsi, dans les ann\u00e9es 1990, on a estim\u00e9 que les revenus du travail informel \u00e9taient sup\u00e9rieurs au taux du salaire minimum dans beaucoup de pays du Sud. Et ce travail informel est g\u00e9n\u00e9rateur de potentiels \u00e9migr\u00e9s clandestins car il permet \u00e0 ses adeptes suffisamment d&rsquo;argent pour penser \u00e0 l&rsquo;\u00e9migration.  <strong>Courir \u00e0 sa perte<\/strong>  Malgr\u00e9 le froid et la r\u00e9pression, les candidats \u00e0 l&rsquo;\u00e9migration clandestine ne se d\u00e9couragent pas. Ils continuent d&#8217;emprunter les embarcations de fortune. Les derniers en date en Tunisie, sont les 35 jeunes qui se sont aventur\u00e9s en mer \u00e0 partir de la Marsa (Nord de Tunis). Leur aventure continue encore \u00e0 d\u00e9frayer la chronique et \u00e0 tenir en haleine leurs parents. D&rsquo;apr\u00e8s les chiffres donn\u00e9s dans un communiqu\u00e9 officiel, six rescap\u00e9s sont aux arr\u00eats, deux sont en fuite et le corps d&rsquo;un \u00e9migr\u00e9 clandestin a \u00e9t\u00e9 rep\u00each\u00e9. Aucune nouvelle n&rsquo;a \u00e9t\u00e9 obtenue \u00e0 propos des 26 disparus. Selon les informations disponibles, la felouque vol\u00e9e, \u00e0 bord de laquelle se trouvaient ces candidats \u00e0 l&rsquo;\u00e9migration clandestine, a chavir\u00e9 aux larges de la Marsa. Ce sont les rescap\u00e9s revenus \u00e0 la nage qui ont donn\u00e9 l&rsquo;alerte. La felouque a \u00e9t\u00e9 ramen\u00e9e mais pas de traces des 26 disparus.  Ces flux migratoires soul\u00e8vent avec acuit\u00e9 l&rsquo;\u00e9chec des politiques \u00e9conomiques et sociales jusque-l\u00e0 men\u00e9es par les pays du Sud. Des politiques qui sont loin de faire sortir du sous-d\u00e9veloppement une bonne partie des populations. C&rsquo;est vrai que les clandestins sont eux-m\u00eames des hors-la-loi. Mais cela ne doit pas d\u00e9gager la responsabilit\u00e9 qui incombe aux autorit\u00e9s en pareille circonstance, \u00e0 savoir le devoir d&rsquo;assistance \u00e0 ses ressortissants partout o\u00f9 ils se trouvent en situation de pr\u00e9carit\u00e9 dans le monde. On admet cependant qu&rsquo;il est plus ais\u00e9 d&rsquo;assister ceux de ses ressortissants qui vont ou s&rsquo;\u00e9tablissent l\u00e9galement \u00e0 l&rsquo;\u00e9tranger. C&rsquo;est dire que les clandestins ne facilitent pas la t\u00e2che \u00e0 leur Etat.  On peut tout de m\u00eame dire que c&rsquo;est bien fait pour ces clandestins qui, aussi paradoxal que cela puisse para\u00eetre, ne sont pas les plus mal lotis des masses de leurs pays respectifs, \u00e0 juger seulement par les sommes qu&rsquo;ils engagent dans leur aventure. Ainsi, des biens meubles et immeubles sont vendus, et le produit, remis \u00e0 l&rsquo;aventurier qui quitte son pays avec pas moins de trois mille dinars (2500 $). Avec cette m\u00eame somme, en restant au pays, on peut ais\u00e9ment entreprendre une activit\u00e9 porteuse avec, en sus, le bonheur d&rsquo;\u00eatre chez soi, de jouir de la chaleur familiale.   La responsabilit\u00e9 de l&rsquo;Europe est pareillement engag\u00e9e dans ce drame humain qui se joue aux abords de ce continent. La nature est ainsi faite, l&rsquo;homme se dirige toujours l\u00e0 o\u00f9 il croit qu&rsquo;il aura de quoi manger. C&rsquo;est donc normal que l&rsquo;Europe prosp\u00e8re attire les Africains en qu\u00eate de mieux-\u00eatre. Cette Europe qui refuse de pratiquer \u00e0 fond la solidarit\u00e9 avec le berceau de l&rsquo;humanit\u00e9, qu&rsquo;elle a pourtant exploit\u00e9 honteusement des si\u00e8cles durant depuis la traite n\u00e9gri\u00e8re en passant par la colonisation jusqu&rsquo;au n\u00e9ocolonialisme politique et \u00e9conomique qu&rsquo;elle exerce aujourd&rsquo;hui. L&rsquo;injustice a souvent caract\u00e9ris\u00e9 le rapport avec l&rsquo;Occident surtout en mati\u00e8re de commerce international qui s&rsquo;effectue au d\u00e9triment de l&rsquo;Afrique. Il y a aussi l&rsquo;insignifiance, voire la raret\u00e9 de l&rsquo;aide publique au d\u00e9veloppement et de l&rsquo;aide budg\u00e9taire qui sont deux appuis d\u00e9terminants dans les finances de nombre d&rsquo;Etats du Sud.  <strong>\u00a0Les raisons profondes de l&rsquo;\u00e9migration<\/strong>  L&rsquo;\u00e9migration est un ph\u00e9nom\u00e8ne socio-\u00e9conomique li\u00e9 \u00e0 plusieurs facteurs d&rsquo;ordre d\u00e9mographique, \u00e9conomique, socio-culturel et politique. Elle touche une bonne partie des pays du Sud et n&rsquo;\u00e9pargne pas le Maghreb. Plusieurs raisons se trouvent \u00e0 l&rsquo;origine de ce ph\u00e9nom\u00e8ne socio\u00e9conomique. Tout d&rsquo;abord, la croissance d\u00e9mographique \u00e9lev\u00e9e agit directement sur le march\u00e9 du travail o\u00f9 la demande additionnelle d&#8217;emploi devient de plus en plus difficile \u00e0 satisfaire. La population active est de plus en plus instruite et le ch\u00f4mage atteint \u00e9galement les dipl\u00f4m\u00e9s. L&rsquo;afflux croissant des femmes sur le march\u00e9 du travail, s&rsquo;accompagne d&rsquo;une augmentation des demandes f\u00e9minines d&#8217;emploi non satisfaites. Les secteurs porteurs et \u00e0 haute valeur ajout\u00e9e demeurent peu cr\u00e9ateurs d&#8217;emplois. La r\u00e9glementation du travail n&rsquo;arrive pas \u00e0 concilier les entrepreneurs et les travailleurs. Les politiques actives de l&#8217;emploi restent peu efficaces et mal \u00e9valu\u00e9es malgr\u00e9 les multiples programmes. Ceci sans occulter les disparit\u00e9s \u00e9conomiques entre les deux rives de la M\u00e9diterran\u00e9e qui\u00a0 constituent l&rsquo;un des principaux facteurs g\u00e9n\u00e9rateurs d&rsquo;\u00e9migration. Le revenu national par habitant, dans les pays maghr\u00e9bins, est beaucoup plus faible que celui des pays de destination des flux migratoires.  Tous les rapports sont \u00e0 revoir et \u00e0 corriger si vraiment on veut r\u00e9duire comme peau de chagrin ces importants flux migratoires d&rsquo;Afrique vers l&rsquo;Europe. Il faudrait aussi encourager, voire contraindre les pays africains \u00e0 pratiquer la bonne gouvernance \u00e0 tous les niveaux ainsi qu&rsquo;une v\u00e9ritable d\u00e9mocratie. Toute initiative qui ne s&rsquo;inscrira pas dans ces sch\u00e9mas ne sera que de la diversion et dans ce cas, rien ne pourra arr\u00eater les flux migratoires pas m\u00eame les barbel\u00e9s ou les risques divers que courent les clandestins. C&rsquo;est un probl\u00e8me global auquel il faut une solution int\u00e9grale. Il est donc n\u00e9cessaire que s&rsquo;ouvre un d\u00e9bat, mais un vrai d\u00e9bat entre Occidentaux et Africains pour discuter franchement de ces questions.  <font><strong>(Source : \u00ab Le Temps Lundi \u00bb (Hebdomadaire &#8211; Tunis), le 26 janvier 2009)<\/strong><\/font><\/div>\n<div align=\"justify\"><strong><\/p>\n<hr\/>\n<p><\/strong><\/div>\n<div align=\"center\"><font><strong><font>T\u00e9moignages:<\/font><\/strong> <strong><\/p>\n<p><font size=\"3\">Wa\u00eal, un \u00e9migr\u00e9 clandestin expuls\u00e9 d&rsquo;Italie: \u00ab Je regrette mon lopin de terre vendu pour des projets chim\u00e9riques \u00bb<\/font><\/p>\n<p><\/strong><\/font><\/div>\n<div align=\"justify\"> Si l&rsquo;\u00e9migration clandestine est une solution de d\u00e9sespoir, il n&#8217;emp\u00eache qu&rsquo;elle ne soit pas \u00e0 la port\u00e9e de tout le monde. Les \u00ab passeurs \u00bb professionnels sont exigeants. Le montant diff\u00e8re suivant les fili\u00e8res mais il ne descend pas sous la barre de deux mille dinars. La fili\u00e8re libyenne d\u00e9passe m\u00eame les trois mille dinars.   Ces r\u00e9seaux sont certes opaques et il n&rsquo;est pas facile de les approcher ni d&rsquo;en avoir les d\u00e9tails. Mais le hasard a plac\u00e9 un \u00e9migr\u00e9 clandestin sur notre chemin et il a accept\u00e9 de raconter son histoire. Interview :   <strong>Le Temps : Comment t&rsquo;es-tu r\u00e9sign\u00e9 \u00e0 \u00e9migrer clandestinement ?<\/strong>  Wa\u00eal : C&rsquo;est une longue histoire qui a commenc\u00e9 avec ma s\u00e9paration de mon ex-fianc\u00e9e parce que je ne parvenais pas \u00e0 obtenir un emploi stable. Je gagnais ma vie en travaillant \u00e7a et l\u00e0 : dans une huilerie en hiver, man\u0153uvre de b\u00e2timent en \u00e9t\u00e9, commer\u00e7ant itin\u00e9rant, etc. Je n&rsquo;arr\u00eate pas de bouger. Mais ce n&rsquo;\u00e9tait pas du tout rassurant et je n&rsquo;avais pas de v\u00e9ritable statut social. Je m&rsquo;occupais de travaux subalternes et je suis ch\u00f4meur aux yeux des autres. C&rsquo;est pourquoi mon ex-fianc\u00e9e m&rsquo;a laiss\u00e9 tomber et a forc\u00e9 ma d\u00e9cision pour quitter le pays et partir \u00e0 l&rsquo;aventure.  <strong>. Est-ce que c&rsquo;est simple de prendre une telle d\u00e9cision ?<\/strong>  &#8211; Pas du tout, les \u00e9migr\u00e9s clandestins sont conscients des risques encourus. Ils savent pertinemment que les embarcations sont surcharg\u00e9es et qu&rsquo;il y a le risque de finir au fond de la mer en cas d&rsquo;accident, ou entre les mains des patrouilles tunisiennes ou italiennes. Et puis, ce n&rsquo;est pas \u00e9vident de trouver rapidement une situation stable en Sicile. Sans parler des risques de tomber entre les mains des \u00ab carabinieri \u00bb. C&rsquo;est une d\u00e9cision de lassitude, de d\u00e9sespoir et pr\u00e9tention \u00e0 un avenir meilleur. L&rsquo;\u00e9migr\u00e9 clandestin veut en finir avec une situation qui le bloque et ne lui permet pas d&rsquo;avancer.   Il est vrai qu&rsquo;avec l&rsquo;argent de l&rsquo;\u00e9migration, on peut monter une petite affaire. Mais, on va vivre dans la mis\u00e8re durant toute sa vie. Donc, \u00e9migrer clandestinement, c&rsquo;est courir le risque. La solution n&rsquo;est pas rose dans tous les cas de figure. Mais il y a une chance sur deux pour que \u00e7a marche. J&rsquo;ai d\u00fb vendre mon lopin de terre pour payer le passeur et emmener de l&rsquo;argent avec moi en Italie. C&rsquo;est avec un grand regret que je me rappelle de cette histoire.  <strong>. Est-ce que votre travers\u00e9e a \u00e9t\u00e9 dangereuse ?<\/strong>  &#8211; Il n&rsquo;y a pas de travers\u00e9e clandestine qui n&rsquo;est pas dangereuse. Il est vrai que la m\u00e9t\u00e9o \u00e9tait cl\u00e9mente lors de notre passage. La mer n&rsquo;\u00e9tait pas agit\u00e9e et on a eu \u00e9galement la chance de ne pas tomber sur les patrouilles marines et d&rsquo;\u00eatre re\u00e7us par des copains en terre italienne. Mais, ceci n&rsquo;est pas le cas pour toutes les travers\u00e9es qui comportent des risques \u00e9vidents et entra\u00eenent d&rsquo;innombrables catastrophes. Il suffit de voir le nombre de victimes d\u00e9clar\u00e9es sans parler de ceux qui ne le sont m\u00eame pas. Une travers\u00e9e clandestine, c&rsquo;est un danger de mort. La chance peut sourire pour quelques uns et c&rsquo;est la richesse au bout de l&rsquo;aventure.  <strong>. Mais, vous voil\u00e0 de nouveau en Tunisie et en ch\u00f4mage par-dessus le march\u00e9 !<\/strong>  &#8211; Je regrette d&rsquo;avoir d\u00e9vi\u00e9 du droit chemin et d&rsquo;avoir cherch\u00e9 \u00e0 m&rsquo;enrichir rapidement. Pourtant, j&rsquo;avais une situation stable comme travailleur agricole et j&rsquo;avais m\u00eame la chance de r\u00e9gulariser ma situation au bout de deux ans. Le gain facile m&rsquo;a attir\u00e9 et je m&rsquo;\u00e9tais associ\u00e9 \u00e0 des r\u00e9seaux ill\u00e9gaux de trafic. Heureusement que ma sanction se soit limit\u00e9e \u00e0 l&#8217;emprisonnement durant deux ans. Mon ami a \u00e9t\u00e9 abattu par une bande rivale pendant un r\u00e8glement de comptes.  <font><strong>M.S.  (Source : \u00ab Le Temps Lundi \u00bb (Hebdomadaire &#8211; Tunis), le 26 janvier 2009)<\/strong><\/font><\/div>\n<div align=\"justify\"><strong><\/p>\n<hr\/>\n<p><\/strong><\/div>\n<div align=\"justify\"><font><\/p>\n<div align=\"center\"> <strong><\/p>\n<h2 style=\"color: red;\"><font size=\"3\">Bangkok mis en cause apr\u00e8s la disparition de boat-people birmans (de minorit\u00e9 musulmane, NDLR)<\/font><\/h2>\n<p><\/strong><\/div>\n<div>\u00a0<\/div>\n<div>Reuters, le 26 janvier 2009 \u00e0 10h10 BANGKOK, 26 janvier (Reuters) &#8211; Les demandes d&rsquo;explications se multiplient aupr\u00e8s des autorit\u00e9s tha\u00eflandaises apr\u00e8s la d\u00e9couverte ces derni\u00e8res semaines de r\u00e9fugi\u00e9s birmans de l&rsquo;ethnie Rohingya \u00e9chou\u00e9s sur l&rsquo;\u00eele indon\u00e9sienne d&rsquo;Aceh et dans une \u00eele indienne de l&rsquo;archipel des Andaman. Ces r\u00e9fugi\u00e9s, certains pris en charge par l&rsquo;arm\u00e9e indon\u00e9sienne, ont d\u00e9clar\u00e9 qu&rsquo;ils avaient fui par centaines le nord-ouest de la Birmanie d\u00e9but d\u00e9cembre \u00e0 bord de six bateaux et avaient d&rsquo;abord accost\u00e9 en Tha\u00eflande. L\u00e0, des soldats tha\u00eflandais les auraient arr\u00eat\u00e9s, et parfois battus, avant de les faire remonter dans les embarcations, sans moteurs, et de les remorquer au large o\u00f9 ils ont \u00e9t\u00e9 abandonn\u00e9s \u00e0 la d\u00e9rive. Cinq des six bateaux auraient ensuite coul\u00e9. La cha\u00eene de t\u00e9l\u00e9vision am\u00e9ricaine CNN a diffus\u00e9 des images de rescap\u00e9s racontant leur calvaire. Des groupes de d\u00e9fense des Rohingya, une minorit\u00e9 musulmane de Birmanie, et plusieurs rescap\u00e9s ont affirm\u00e9 que pr\u00e8s d&rsquo;un millier d&rsquo;immigrants avaient \u00e9t\u00e9 remorqu\u00e9s en pleine mer par les Tha\u00eflandais, en deux fois le mois dernier. Plus de la moiti\u00e9 sont port\u00e9s disparus, ont-ils ajout\u00e9. Le gouvernement tha\u00eflandais n&rsquo;a pas comment\u00e9 ces informations mais le colonel Manat Kongpan, mis en cause par les rescap\u00e9s, a rejet\u00e9 les accusations et a d\u00e9nonc\u00e9 une campagne de diffamation contre son pays. Selon lui, les r\u00e9fugi\u00e9s ont \u00e9t\u00e9 ravitaill\u00e9s, leurs bateaux ont \u00e9t\u00e9 r\u00e9par\u00e9s par la population et ils ont pu ensuite reprendre leur voyage. Le Premier ministre Abhisit Vejjajiva a promis une enqu\u00eate tout en appuyant la version donn\u00e9e par les militaires. Le Haut Commissariat des Nations unies pour les r\u00e9fugi\u00e9s (HCR) a d\u00e9clar\u00e9 la semaine derni\u00e8re que 126 autres Rohingyas pourraient \u00eatre encore d\u00e9tenus par les militaires en Tha\u00eflande et a demand\u00e9 \u00e0 les voir, sans recevoir de r\u00e9ponse. \u00ab\u00a0Nous ne savons pas o\u00f9 ils sont\u00a0\u00bb, a dit la porte-parole du HCR, Kitty McKinsey.<\/div>\n<p><\/font><\/div>\n<p><\/font><\/p>\n<div>\n<hr\/>\n<\/div>\n<div>\u00a0<\/div>\n<div>\n<div align=\"center\"><font face=\"Arial\" size=\"2\"><\/p>\n<h2 style=\"color: red;\"><font size=\"3\"><strong>Boat people birmans: l\u2019arm\u00e9e tha\u00eflandaise accus\u00e9e<\/strong><\/font><\/h2>\n<p><\/font><\/div>\n<div align=\"justify\"> Par Sylvie Kauffmann, Le Monde  Des r\u00e9fugi\u00e9s \u00e9chou\u00e9s sur la c\u00f4te sont maltrait\u00e9s par les militaires tha\u00eflandais avant d\u2019\u00eatre rejet\u00e9s sur leurs bateaux, livr\u00e9s \u00e0 eux-m\u00eames sans vivres ni moteur Le 26 d\u00e9cembre 2008, un clandestin est interpell\u00e9 par la police indienne sur l\u2019une des \u00eeles Andaman, dans le golfe du Bengale. Il vient du Bangladesh et faisait partie, dit-il, d\u2019un groupe de 412 hommes partis sur un bateau pour \u00e9migrer. Leur barge a d\u00e9riv\u00e9, ils n\u2019avaient plus de vivres et lorsqu\u2019ils ont vu la lumi\u00e8re d\u2019un phare, ils ont saut\u00e9 \u00e0 l\u2019eau.  L\u2019histoire n\u2019\u00e9tonne pas les policiers qui, chaque ann\u00e9e apr\u00e8s la mousson, voient s\u2019\u00e9chouer des bateaux de malheureux pouss\u00e9s par la mis\u00e8re vers la Tha\u00eflande, d\u2019o\u00f9 ils esp\u00e8rent gagner la Malaisie et l\u2019Indon\u00e9sie. Beaucoup sont des Rohingyas, minorit\u00e9 ethnique musulmane pers\u00e9cut\u00e9e en Birmanie, qui ont d\u2019abord fui au Bangladesh.  <strong>Moteur d\u00e9truit, vivres jet\u00e9s<\/strong>  Les garde-c\u00f4tes indiens se mettent \u00e0 la recherche des 411 autres. Le lendemain, dix hommes sont retrouv\u00e9s et hospitalis\u00e9s, \u00e9puis\u00e9s et d\u00e9shydrat\u00e9s. Le plus jeune a 15 ans. Les jours suivants, des dizaines d\u2019autres sont secourus. Le 1er janvier, les garde-c\u00f4tes font les comptes: 105 survivants, 307 disparus. Les survivants commencent \u00e0 parler. Certains racontent que, en route vers la Malaisie, ils ont \u00e9t\u00e9 intercept\u00e9s par des Tha\u00eflandais, puis forc\u00e9s de repartir en mer dans la barge sans moteur. Les policiers indiens, sceptiques, rel\u00e8vent beaucoup d\u2019incoh\u00e9rences dans leurs r\u00e9cits.  A 800 km de l\u00e0, le 7 janvier, 193\u2009boat people, rep\u00e9r\u00e9s par des p\u00eacheurs sur une embarcation, sont secourus pr\u00e8s de l\u2019\u00eele de Sabang, \u00e0 la pointe nord de l\u2019archipel indon\u00e9sien, pr\u00e8s de Banda Aceh. Ceux-l\u00e0 disent \u00eatre partis de Birmanie beaucoup plus nombreux, le 23 d\u00e9cembre, dans quatre petits bateaux. Tous Rohingyas, ils voulaient rejoindre des pays musulmans. Mais, parvenus \u00e0 la c\u00f4te tha\u00eflandaise, ils ont \u00e9t\u00e9 intercept\u00e9s par des militaires, qui les ont brutalis\u00e9s et remis dans leurs bateaux. Ils les ont remorqu\u00e9s hors des eaux territoriales, ont d\u00e9truit leurs moteurs, jet\u00e9 leurs vivres. Puis les ont abandonn\u00e9s.  <strong>Rumeurs de d\u00e9tention<\/strong>  Ces informations, relay\u00e9es par le Andaman Chronicle et le Jakarta Post, passent d\u2019abord inaper\u00e7ues. Mais lorsque, de l\u2019autre c\u00f4t\u00e9 de la mer de Chine, Ian Young, chef du service international au South China Morning Post, le grand journal de Hongkong, re\u00e7oit un courriel de son correspondant \u00e0 Phuket, \u00e9voquant des \u00abrumeurs sur la d\u00e9tention secr\u00e8te de r\u00e9fugi\u00e9s Rohingyas sur une \u00eele par des paramilitaires\u00bb, il lui conseille de s\u2019y rendre avec un coll\u00e8gue. Le 12 janvier, le South China Morning Post tire sa premi\u00e8re salve.  Les deux journalistes n\u2019ont pas vu de r\u00e9fugi\u00e9s sur l\u2019\u00eele de Sai Daeng, mais leurs bateaux, et ont interrog\u00e9 des gens enr\u00f4l\u00e9s par l\u2019arm\u00e9e tha\u00eflandaise pour participer aux op\u00e9rations de \u00abrapatriement\u00bb des Rohingyas. L\u2019un de ces civils affirme que, le 18 d\u00e9cembre, un groupe de 412 clandestins a \u00e9t\u00e9 remorqu\u00e9 vers le nord dans les eaux internationales. Co\u00efncidence? 412, c\u2019est aussi le nombre cit\u00e9 par les survivants \u00e9chou\u00e9s sur les plages des \u00eeles Andaman. Et les dates correspondent. Mais, surtout, le South China Morning Post a parl\u00e9 au gouverneur de la province, qui a dit que \u00abtous les Rohingyas arrivant le long de cette c\u00f4te sont remis \u00e0 la s\u00e9curit\u00e9 int\u00e9rieure. Allez donc en parler au colonel Manat!\u00bb lance-t-il.  Le colonel Manat est le chef r\u00e9gional d\u2019une unit\u00e9 de l\u2019arm\u00e9e charg\u00e9e de la s\u00e9curit\u00e9 int\u00e9rieure. Tous les autres services interrog\u00e9s, y compris la marine, r\u00e9pondent que les instructions sont de remettre les boat people rohingyas non pas aux services de l\u2019immigration mais \u00e0 l\u2019arm\u00e9e. Le colonel Manat d\u00e9ment, lui, d\u00e9tenir des Rohingyas. Depuis, chaque jour apporte un nouvel \u00e9l\u00e9ment, une photo, un t\u00e9moignage accablant. Tous convergent vers la m\u00eame hypoth\u00e8se: l\u2019existence d\u2019un programme secret de l\u2019arm\u00e9e tha\u00eflandaise visant \u00e0 intercepter les Rohingyas pour les ramener en mer et les y abandonner.  <strong>Ex\u00e9cutions sommaires<\/strong>  Un jour, c\u2019est un touriste qui appelle le Morning Post pour raconter une sc\u00e8ne observ\u00e9e avec d\u2019autres le 23 d\u00e9cembre sur une \u00eele en Tha\u00eflande, sc\u00e8ne qu\u2019il a photographi\u00e9e, o\u00f9 l\u2019on voit des rang\u00e9es de r\u00e9fugi\u00e9s \u00e0 plat ventre sur le sable, en plein soleil, gard\u00e9s par des militaires arm\u00e9s de M16. Selon les t\u00e9moins, ils sont rest\u00e9s l\u00e0 plusieurs heures et recevaient des coups sur la t\u00eate s\u2019ils tentaient de bouger.  Un autre, c\u2019est la police indienne qui rend publics les interrogatoires des rescap\u00e9s des \u00eeles Andaman; ceux-l\u00e0 parlent d\u2019ex\u00e9cutions sommaires pour les forcer \u00e0 reprendre la mer. Ils d\u00e9crivent comment, apr\u00e8s avoir \u00e9t\u00e9 l\u00e2ch\u00e9s au large par l\u2019arm\u00e9e tha\u00eflandaise avec deux sacs de riz cuit et huit litres d\u2019eau pour plus de 400 hommes, la barge a d\u00e9riv\u00e9 tandis que ses occupants commen\u00e7aient \u00e0 mourir de faim et de soif. Puis comment ils ont plong\u00e9 en voyant un phare, mais, \u00e0 bout de forces, n\u2019ont pas pu surnager. Un autre jour, c\u2019est une photo du colonel Manat, qui disait n\u2019avoir rien \u00e0 voir avec cette affaire, debout sur la plage de Koh Sai Daeng, entour\u00e9 d\u2019officiers, devant des r\u00e9fugi\u00e9s rohingyas accroupis. Si cela ne suffit pas, il y a aussi une vid\u00e9o\u2026  Le South China Morning Post affirme que, au total, un millier de Rohingyas ont \u00e9t\u00e9 d\u00e9laiss\u00e9s en mer depuis d\u00e9cembre et que la moiti\u00e9 d\u2019entre eux (538 au 18 janvier) sont morts ou disparus. Le journal a remis son dossier, sources comprises, au Haut-Commissariat pour les r\u00e9fugi\u00e9s de l\u2019ONU, qui, le 20 janvier, a demand\u00e9 \u00e0 Bangkok de lui donner acc\u00e8s \u00e0 un groupe de 126 boat people rohingyas r\u00e9cemment intercept\u00e9s, puis aux autorit\u00e9s indon\u00e9siennes de lui donner acc\u00e8s aux 193 d\u00e9tenus sur la base navale de Sabang. Un responsable militaire tha\u00eflandais a fini par admettre que l\u2019arm\u00e9e finan\u00e7ait un programme visant \u00e0 \u00abaider\u00bb les Rohingyas \u00e0 repartir vers la Malaisie et l\u2019Indon\u00e9sie, mais a ni\u00e9 qu\u2019ils soient maltrait\u00e9s ou remis en mer. A Bangkok, le nouveau premier ministre, Abhisit Vejjajiva, a annonc\u00e9 une enqu\u00eate et s\u2019est engag\u00e9 \u00e0 faire punir les \u00e9ventuels coupables. Mais il a aussi promis de \u00abrenvoyer les immigrants clandestins\u00bb et a expliqu\u00e9 la pr\u00e9occupation de l\u2019arm\u00e9e \u00e0 l\u2019\u00e9gard de l\u2019afflux de Rohingyas: \u00abC\u2019est une question de s\u00e9curit\u00e9 nationale\u00bb, a-t-il dit, confirmant la crainte qu\u2019ils n\u2019aillent renforcer les insurg\u00e9s musulmans au sud de la Tha\u00eflande, o\u00f9 le conflit a fait plus de 3300 morts depuis 2004. C\u2019est aussi dans cette r\u00e9gion que, selon Amnesty International, l\u2019arm\u00e9e tha\u00eflandaise a fait un usage syst\u00e9matique de la torture \u00e0 l\u2019\u00e9gard des s\u00e9paratistes musulmans.  <strong><font>(Source : \u00ab Le Temps \u00bb (Quotidien &#8211; Suisse), le 26 janvier 2009)<\/font><\/strong> Lien :<\/div>\n<div align=\"justify\"><a href=\"http:\/\/www.letemps.ch\/Page\/Uuid\/62e4fdcc-eb28-11dd-b87c-1c3fffea55dc\/Boat_people_birmans_larm\u00e9e_tha\u00eflandaise_accus\u00e9e\" target=\"_blank\" rel=\"noopener\">http:\/\/www.letemps.ch\/Page\/Uuid\/62e4fdcc-eb28-11dd-b87c-1c3fffea55dc\/Boat_people_birmans_larm\u00e9e_tha\u00eflandaise_accus\u00e9e<\/a> <\/p>\n<hr\/>\n<\/div>\n<div align=\"justify\">\n<div align=\"center\">\n<h3 style=\"color: blue;\"><font size=\"3\"><strong>L&rsquo;offensive isra\u00e9lienne \u00e0 Gaza a \u00ab\u00a0tu\u00e9\u00a0\u00bb l&rsquo;UPM, estime la Libye<\/strong><\/font><\/h3>\n<\/p><\/div>\n<div align=\"justify\"> Reuters 25.01.09 | 18h58   L&rsquo;offensive isra\u00e9lienne \u00e0 Gaza a sign\u00e9 l&rsquo;arr\u00eat de mort de l&rsquo;Union pour la M\u00e9diterran\u00e9e (UPM), a estim\u00e9 dimanche la Libye, qui, contrairement \u00e0 Isra\u00ebl et \u00e0 la Syrie, a boycott\u00e9 cet \u00e9t\u00e9 \u00e0 Paris le sommet de lancement de cet ambitieux projet de coop\u00e9ration r\u00e9gionale cher au pr\u00e9sident fran\u00e7ais Nicolas Sarkozy. Aux yeux de la pr\u00e9sidence libyenne de l&rsquo;Union du Maghreb arabe (UMA), autre projet ambitieux paralys\u00e9 par la persistance du conflit du Sahara occidental, la seule r\u00e9alisation concr\u00e8te \u00ab\u00a0visible\u00a0\u00bb de l&rsquo;UPM auront \u00e9t\u00e9 \u00ab\u00a0le bruit des bombes, les flammes et la fum\u00e9e\u00a0\u00bb \u00e0 Gaza. \u00ab\u00a0Les victimes, elles, sont tangibles et ont \u00e9t\u00e9 inhum\u00e9es par milliers\u00a0\u00bb, ajoute le communiqu\u00e9 libyen. L&rsquo;UPM \u00ab\u00a0a \u00e9t\u00e9 tu\u00e9e par les bombes isra\u00e9liennes ainsi que les missiles palestiniens (&#8230;) Elle est consum\u00e9e et n&rsquo;est plus qu&rsquo;un corps sans vie. <\/p>\n<hr\/>\n<\/div>\n<div align=\"justify\">\n<div align=\"center\">\n<h3 style=\"color: blue;\"><font face=\"Arial\" size=\"3\"><strong>La guerre de Gaza a \u00ab\u00a0port\u00e9 un coup\u00a0\u00bb \u00e0 l&rsquo;Union pour la M\u00e9diterran\u00e9e (Kadhafi)<\/strong><\/font><\/h3>\n<p> \u00a0<\/p><\/div>\n<div align=\"center\">\u00a0<\/div>\n<div align=\"justify\">AFP, le 24 janvier 2009 \u00e0 12h26  TRIPOLI, 24 jan 2009 (AFP) &#8211; Le num\u00e9ro un libyen Mouammar Kadhafi a estim\u00e9 que l&rsquo;offensive isra\u00e9lienne dans la bande \u00e0 Gaza avait \u00ab\u00a0port\u00e9 un coup \u00e0 l&rsquo;Union pour la M\u00e9diterran\u00e9e\u00a0\u00bb (UPM), dans un discours publi\u00e9 samedi par l&rsquo;agence libyenne Jana. \u00ab\u00a0Nous regrettons ce coup port\u00e9 \u00e0 l&rsquo;UPM alors qu&rsquo;il \u00e9tait \u00e0 ses d\u00e9buts\u00a0\u00bb, a assur\u00e9 le colonel Kadhafi, pourtant un fervent opposant au projet, lors d&rsquo;un d\u00eener vendredi soir \u00e0 Tripoli en l&rsquo;honneur du roi d&rsquo;Espagne Juan Carlos. Le num\u00e9ro un libyen n&rsquo;a toutefois pas tard\u00e9 \u00e0 reprendre un ton plus coutumier sur la question. \u00ab\u00a0Est-ce que la destruction de Gaza et le meurtre d&rsquo;enfants sont parmi les projets concrets promis par l&rsquo;UPM?\u00a0\u00bb, s&rsquo;est-t-il interrog\u00e9. \u00ab\u00a0Je pense que les partenaires du sud (de la M\u00e9diterran\u00e9e) vont r\u00e9viser leur adh\u00e9sion \u00e0 l&rsquo;UPM\u00a0\u00bb, dont fait partie Isra\u00ebl, a-t-il ajout\u00e9. Oppos\u00e9 \u00e0 l&rsquo;UPM, Kadhafi a propos\u00e9 que cette Union se limite aux pays nord-africains et du sud de l&rsquo;Europe occidentale. \u00ab\u00a0La partie asiatique doit \u00eatre exclue de la coop\u00e9ration euro-africaine\u00a0\u00bb, a-t-il d\u00e9clar\u00e9, affirmant qu&rsquo;il tenait au dialogue \u00ab\u00a05+5\u00a0\u00bb, qui regroupe cinq pays du sud de l&rsquo;Europe (Espagne, France, Italie, Malte et Portugal) et les cinq Etats de l&rsquo;Union du Maghreb arabe (UMA). Se f\u00e9licitant des liens \u00ab\u00a0d&rsquo;amiti\u00e9s et de partenariat\u00a0\u00bb entre la Libye et l&rsquo;Espagne, le roi Juan Carlos a affirm\u00e9 que son pays souhaitait \u00ab\u00a0continuer \u00e0 participer aux c\u00f4t\u00e9s de la Libye \u00e0 d&rsquo;autres cadres de dialogue et de partenariat, comme celui de la M\u00e9diterran\u00e9e occidentale\u00a0\u00bb (5+5). Un porte-parole de la pr\u00e9sidence libyenne de l&rsquo;UMA (Alg\u00e9rie, Libye, Mauritanie, Maroc et Tunisie) avait affirm\u00e9 mercredi que les pays du Maghreb avaient \u00ab\u00a0commenc\u00e9 \u00e0 revoir\u00a0\u00bb leur participation \u00e0 l&rsquo;UPM. Depuis le 27 d\u00e9cembre, date du lancement de l&rsquo;offensive isra\u00e9lienne meurtri\u00e8re dans la bande de Gaza, les m\u00e9dias officiels libyens m\u00e8nent une campagne virulente quasi-quotidienne contre l&rsquo;UPM, estimant que la guerre de Gaza \u00e9tait le \u00ab\u00a0r\u00e9sultat\u00a0\u00bb de cette union. Ils ont d\u00e9nonc\u00e9 notamment la position des pays europ\u00e9ens membres de l&rsquo;UPM, qui soutiennent selon eux l&rsquo;Etat h\u00e9breu. \u00a0<\/div>\n<\/div>\n<\/div>\n<div align=\"justify\">\u00a0<\/div>\n<div align=\"justify\">\n<hr\/>\n<\/div>\n<div align=\"justify\">\n<div align=\"center\">\n<h3 style=\"color: blue;\"><font size=\"3\"><strong>Trois ex-diplomates occidentaux devenus avocats du dialogue avec le Hamas<\/strong><\/font><\/h3>\n<\/p><\/div>\n<div align=\"justify\"> <span lang=\"FR-CH\">AFP, le 26 janvier 2009 \u00e0 <\/span>11h41  Trois anciens diplomates, un Am\u00e9ricain, un Fran\u00e7ais et un Britannique, sont devenus des avocats, avec leurs nuances, d&rsquo;un dialogue Occident-Hamas apr\u00e8s la guerre de Gaza. Ayant, eux, d\u00e9j\u00e0 franchi le pas, l&rsquo;am\u00e9ricain Robert Malley, le fran\u00e7ais Yves Aubin de la Messuzi\u00e8re et le britannique Jeremy Greenstock ont eu plusieurs contacts avec des chefs du mouvement islamiste palestinien. \u00ab\u00a0Nous ne formons pas un trio, mais partageons ce constat: le Hamas existe. Il faut cesser la politique de l&rsquo;autruche\u00a0\u00bb, note Malley, un ancien de l&rsquo;\u00e9quipe de Bill Clinton, devenu un analyste r\u00e9put\u00e9. Directeur Moyen-Orient du centre de r\u00e9flexion International Crisis group (ICG), il avait du se distancier de la campagne de Barack Obama, une fois r\u00e9v\u00e9l\u00e9s ses contacts avec un groupe class\u00e9 \u00ab\u00a0terroriste\u00a0\u00bb par Washington. D\u00e9fenseur d&rsquo;une approche \u00ab\u00a0pragmatique\u00a0\u00bb, il consid\u00e8re que les politiques mises en oeuvre pour isoler ou \u00e9liminer depuis trois ans le Hamas, au profit de son rival, le Fatah de Mahmoud Abbas, ont \u00e9t\u00e9 \u00ab\u00a0un \u00e9chec cuisant\u00a0\u00bb. Pour lui, la guerre meurtri\u00e8re de 22 jours men\u00e9e par Isra\u00ebl dans la bande de Gaza, fief du Hamas, n&rsquo;a fait que le renforcer \u00ab\u00a0politiquement aux yeux de l&rsquo;opinion palestinienne et arabe\u00a0\u00bb. \u00ab\u00a0Ce qui ne signifie pas n\u00e9cessairement un dialogue direct avec le Hamas mais une r\u00e9flexion sur comment traiter cette question de mani\u00e8re plus intelligente\u00a0\u00bb, sans croire \u00ab\u00a0qu&rsquo;il faut \u00eatre plus gentil et que tout ira bien\u00a0\u00bb. Lancer des passerelles avec le Hamas est aussi plaid\u00e9 par un ex-patron du Moyen-Orient au minist\u00e8re fran\u00e7ais des Affaires \u00e9trang\u00e8res, Aubin de la Messuzi\u00e8re, qui estime incontournable le mouvement islamiste dans un processus de paix. Mais lui soutient que le Hamas, issu du creuset des Fr\u00e8res Musulmans \u00e9gyptiens, a fait sa mue id\u00e9ologique et que sa charte, un br\u00fblot antis\u00e9mite, ne serait qu&rsquo;un vieux document sans valeur. Devenu chercheur, il a nou\u00e9 des contacts avec le Hamas jusqu&rsquo;a se faire s\u00e9v\u00e8rement d\u00e9savou\u00e9 \u00e0 l&rsquo;\u00e9t\u00e9 par le Quai d&rsquo;Orsay. \u00ab\u00a0C&rsquo;\u00e9tait une fatwa, je leur ai fait des notes, mais je n&rsquo;ai jamais dit que j&rsquo;\u00e9tais en mission\u00a0\u00bb. La France s&rsquo;orienterait vers un assouplissement des exigences pos\u00e9es au Hamas par le Quartette sur le Moyen-Orient (USA, UE, ONU et Russie) insistant davantage sur l&rsquo;abandon de la violence que sur la reconnaissance d&rsquo;Isra\u00ebl. \u00ab\u00a0C&rsquo;est un bon pas. Exiger la reconnaissance d&rsquo;Isra\u00ebl n&rsquo;a aucun sens, cela serait l&rsquo;aboutissement d&rsquo;un \u00e9ventuel dialogue\u00a0\u00bb, a-t-il dit. Pour Malley il est illusoire d&rsquo;attendre cela du Hamas pour des raisons politiques et id\u00e9ologiques. Mais il faut \u00ab\u00a0traduire\u00a0\u00bb ces exigences \u00ab\u00a0en termes concrets et digestibles\u00a0\u00bb, comme une tr\u00eave illimit\u00e9e des violences et l&rsquo;engagement d&rsquo;accepter un accord de paix avec Isra\u00ebl qui serait pl\u00e9biscit\u00e9 par le peuple palestinien. Sur un mode engag\u00e9, Jeremy Greenstock, ex-ambassadeur britannique aux Nations unies, milite en faveur d&rsquo;un dialogue sans conditions avec le Hamas, l&rsquo;estimant mod\u00e9r\u00e9 et d\u00e9nu\u00e9 de liens politiques avec l&rsquo;Iran. Consultant pour l&rsquo;ONG Forward Thinking, il a \u00e9t\u00e9 sur la BBC jusqu&rsquo;\u00e0 d\u00e9douaner le Hamas de violences et \u00e0 accuser ses rivaux, dont le Fatah, d&rsquo;\u00eatre responsables des tirs de roquettes vers le sud d&rsquo;Isra\u00ebl. Si leurs vues diff\u00e8rent sur la nature r\u00e9elle du Hamas, les trois hommes sont fustig\u00e9s sur des blogs o\u00f9 ils sont accus\u00e9s de naivet\u00e9 ou de faire le jeu du Hamas. \u00ab\u00a0Obama peut entendre mon opinion, mais il ne la partage pas\u00a0\u00bb, note Robert Malley, pour qui \u00ab\u00a0le paradoxe est qu&rsquo;il est plus facile de parler du Hamas en Isra\u00ebl, y compris avec les faucons, qu&rsquo;aux Etats-Unis\u00a0\u00bb. <\/div>\n<\/div>\n<div align=\"justify\">\n<hr\/>\n<\/div>\n<div align=\"justify\">\u00a0<\/div>\n<div align=\"justify\">\n<div align=\"center\">\n<h3 style=\"color: blue;\"><font size=\"3\"><strong>Toll\u00e9 autour d&rsquo;une directive rabbinique durant la guerre de Gaza<\/strong><\/font><\/h3>\n<\/p><\/div>\n<div align=\"justify\"> Reuters 26.01.09 | 14h46\u00a0  L &lsquo;aum\u00f4nier principal de l&rsquo;arm\u00e9e isra\u00e9lienne, le rabbin Avicha\u00ef Rontzki, a distribu\u00e9 aux militaires participant \u00e0 l&rsquo;offensive contre le Hamas \u00e0 Gaza un texte les incitant se montrer sans piti\u00e9 avec l&rsquo;ennemi, a r\u00e9v\u00e9l\u00e9 lundi l&rsquo;ONG Yesh Din. Ce groupe de d\u00e9fense des droits de l&rsquo;homme dans les territoires occup\u00e9s par Isra\u00ebl a invit\u00e9 le ministre de la D\u00e9fense, Ehud Barak, a d\u00e9mettre de ses fonctions Rontzki, qui a rang de g\u00e9n\u00e9ral de brigade. Le texte distribu\u00e9 par Rontzki contenait une directive du rabbin Shlomo Aviner, figure du mouvement des colons, affirmant que les soldats combattent des \u00ab\u00a0meurtriers\u00a0\u00bb et qu&rsquo;il serait \u00ab\u00a0terriblement immoral\u00a0\u00bb de faire preuve de piti\u00e9 envers ce \u00ab\u00a0cruel ennemi\u00a0\u00bb. Selon Yesh Din, cette directive pourrait avoir \u00e9t\u00e9 interpr\u00e9t\u00e9e par certains soldats comme les invitant \u00e0 d\u00e9passer les limites fix\u00e9es par le droit international en temps de guerre. L&rsquo;arm\u00e9e isra\u00e9lienne a \u00e9t\u00e9 accus\u00e9e \u00e0 l&rsquo;\u00e9tranger de crimes de guerre durant son offensive de 22 jours \u00e0 Gaza et le Premier ministre Ehud Olmert a promis dimanche aux officiers et soldats y ayant particip\u00e9 l&rsquo;assistance juridique de l&rsquo;Etat d&rsquo;Isra\u00ebl face \u00e0 ces accusations. <\/div>\n<div align=\"justify\">\n<hr\/>\n<\/div>\n<div align=\"justify\">\n<div align=\"center\"><strong><\/p>\n<h3 style=\"color: blue;\"><font size=\"3\">Sky News refuse de diffuser une appel aux dons en faveur de Gaza<\/font><\/h3>\n<p><\/strong><\/div>\n<div align=\"justify\"> Associated Press, le 26 janvier 2009 \u00e0 14h35  La cha\u00eene britannique Sky News a embo\u00eet\u00e9 le pas \u00e0 la BBC lundi en refusant de diffuser un spot publicitaire d&rsquo;un groupe d&rsquo;ONG appelant \u00e0 envoyer d&rsquo;urgence des dons pour les habitants de la bande de Gaza. Les responsables de la cha\u00eene, qui ont pris la d\u00e9cision apr\u00e8s un week-end de d\u00e9lib\u00e9rations, invoquent un souci d&rsquo;impartialit\u00e9. \u00ab\u00a0Notre engagement en tant que journalistes est de couvrir tous les aspects de ce sujet avec une objectivit\u00e9 sans compromis\u00a0\u00bb, a expliqu\u00e9 John Ryley, directeur de Sky News. L&rsquo;appel avait \u00e9t\u00e9 soumis \u00e0 la cha\u00eene par le Comit\u00e9 d&rsquo;urgence pour les catastrophes, un groupe d&rsquo;ONG comprenant la Croix-Rouge, Oxfam et Save the Children. Selon ses partisans, ce message devrait \u00eatre diffus\u00e9 pour aider les Palestiniens \u00e0 recueillir une aide humanitaire dont ils ont grand besoin apr\u00e8s trois semaines de bombardements dans la bande de Gaza. Des cha\u00eenes britanniques craignent en diffusant le spot d&rsquo;\u00eatre vues comme prenant partie dans le conflit entre Isra\u00ebl et le Hamas. La question a d\u00e9cha\u00een\u00e9 les passions dans toute la Grande-Bretagne. La BBC a re\u00e7u plus de 10.000 plaintes et a \u00e9t\u00e9 l&rsquo;objet de manifestations ce week-end apr\u00e8s le refus de la cha\u00eene de diffuser l&rsquo;appel. La d\u00e9cision de la BBC a \u00e9t\u00e9 critiqu\u00e9e par des d\u00e9put\u00e9s et des dignitaires religieux, dont l&rsquo;archev\u00eaque de Cantorb\u00e9ry, Rowan Williams. D&rsquo;autres cha\u00eenes britanniques, dont Channel 4, ITV, et Five, ont annonc\u00e9 qu&rsquo;elles diffuseraient le spot. AP<\/div>\n<div align=\"justify\">\n<hr\/>\n<\/div>\n<div align=\"justify\">\n<h3 align=\"center\" id=\"article\" style=\"color: blue;\">\n<h3 style=\"color: blue;\"><font size=\"3\">A propos des nouvelles armes utilis\u00e9es par Isra\u00ebl \u00e0 Gaza : Des interrogations l\u00e9gitimes<\/font><\/h3>\n<\/h3>\n<p>Publi\u00e9 par <strong><font>Pr. Sa\u00efd Mestiri<\/font><\/strong> dans<a href=\"http:\/\/www.kalimatunisie.com\/fr\/14\/actuel\/\" target=\"_blank\" rel=\"noopener\">Actuel<\/a>, Janvier 25, 2009<\/p>\n<p>\u00a0A mesure que se poursuivent les massacres perp\u00e9tr\u00e9s par l\u2019arm\u00e9e isra\u00e9lienne \u00e0 Gaza, les interrogations au sujet de l\u2019armement utilis\u00e9 deviennent plus pressantes et plus l\u00e9gitimes. On conna\u00eet d\u00e9j\u00e0 les horribles effets imm\u00e9diats et tardifs des bombes \u00e0 fractionnement (<strong><em>cluster munitions<\/em><\/strong>) largement utilis\u00e9es par l\u2019arm\u00e9e isra\u00e9lienne lors de la guerre du Liban, contre le Hesbollah. Leur usage fut alors vigoureusement d\u00e9nonc\u00e9 par de larges secteurs de la presse am\u00e9ricaine et par l\u2019ensemble de l\u2019opinion internationale (voir <em>Kalima<\/em> f\u00e9vrier 2007). On n\u2019a pas encore suffisamment d\u2019informations pour savoir si ce type de bombes a \u00e9t\u00e9 repris \u00e0 Gaza, mais on dispose d\u00e9j\u00e0 de tr\u00e8s s\u00e9rieuses donn\u00e9es qui r\u00e9v\u00e8lent l\u2019horreur de l\u2019escalade atteinte par l\u2019usage d\u2019autres types d\u2019engins de mort encore plus \u00ab\u00a0perfectionn\u00e9s\u00a0\u00bb.<\/p>\n<p>Rappelons, sans entrer dans les d\u00e9tails techniques, que la bombe \u00e0 fractionnement lib\u00e8re en explosant une quantit\u00e9 tr\u00e8s consid\u00e9rable de bombelettes qui vont exploser \u00e0 leur tour soit imm\u00e9diatement soit apr\u00e8s un intervalle de temps plus ou moins long. Cristopher Clark responsable de <strong><em>Mine action service<\/em><\/strong>, d\u00e9pendant des Nations-Unies, d\u00e9clare en avoir localis\u00e9 et d\u00e9truit 800 bombes et pr\u00e8s de 95 000 bombelettes, au cours de la guerre du Liban. Ce qui appara\u00eet maintenant nettement plus pr\u00e9occupant est que\u00a0 l\u2019on sait depuis peu que les isra\u00e9liens auraient adjoint un perfectionnement technique suppl\u00e9mentaire, \u00e0 ce type ce bombe, en y incorporant peut-\u00eatre un composant nucl\u00e9aire. Il se trouve, par ailleurs, que les observations\u00a0 m\u00e9dicales op\u00e9ratoires \u00e9manant des diff\u00e9rentes \u00e9quipes op\u00e9rant sur le terrain \u00e0 Gaza (m\u00e9decins du C.I.CR, m\u00e9decins palestiniens et \u00e9trangers)\u00a0 aboutissent \u00e0 des constatations nombreuses, concordantes et pr\u00e9cises, relatives \u00e0 certaines l\u00e9sions complexes et graves dues \u00e0 des bombes \u00e0 composants phosphor\u00e9s. <em>(Rendons hommage, \u00e0 cette occasion,\u00a0 \u00e0 l\u2019abn\u00e9gation et au professionnalisme de ces m\u00e9decins, palestiniens et \u00e9trangers, et aux \u00e9quipes sanitaires\u00a0; Six m\u00e9decins sont morts \u00e0 Gaza, victimes des tirs ennemis )<\/em>.\u00a0  \u00a0 Ces constatations se r\u00e9sument \u00e0 deux points essentiels\u00a0: \u00a01\u00b0 Sous des effractions cutan\u00e9es tr\u00e8s minimes et des plaies punctiformes et lin\u00e9aires des t\u00e9guments, peu apparentes, on trouve dans la plupart des cas, des l\u00e9sions visc\u00e9rales profondes, complexes et \u00e9tendues, si bien que souvent un examen rapide de ces bless\u00e9s risque de les assimiler \u00e0 des cas apparemment b\u00e9nins . 2\u00b0 On a observ\u00e9 tr\u00e8s fr\u00e9quemment, en plus de br\u00fblures \u00e9tendues, une diffusion rapide des l\u00e9sions phosphor\u00e9es \u00e0 l\u2019ensemble de\u00a0 l\u2019organisme, se situant parfois tr\u00e8s loin du point d\u2019impact. Ces types de l\u00e9sions, \u00e0 une plus petite \u00e9chelle, ont des caract\u00e8res\u00a0 tr\u00e8s similaires\u00a0 \u00e0 celles d\u00e9termin\u00e9es\u00a0 par un engin nucl\u00e9aire, \u00e0 une \u00e9chelle plus consid\u00e9rable. En effet, l\u2019analyse au plus pr\u00e8s des l\u00e9sions provoqu\u00e9es par un engin nucl\u00e9aire montrent qu\u2019elles sont sch\u00e9matiquement dues \u00e0 deux ph\u00e9nom\u00e8nes, d\u2019une part celui d\u00e9termin\u00e9 par le contact physique et l\u2019effet de souffle plus ou moins violents, et celui d\u2019autre part provoqu\u00e9 par la diffusion locale et \u00e0 plus ou moins longue distance de rayonnement de lethal et de substances radioactives extr\u00eamement nocives\u00a0; ces\u00a0 deux effets sont \u00e9videmment dou\u00e9s d\u2019une intensit\u00e9\u00a0 variable,\u00a0 selon la puissance de la bombe\u00a0.  Peut-on donc, en l\u2019occurrence, \u00e0 propos des l\u00e9sions par corps phosphor\u00e9s observ\u00e9s sur les morts et bless\u00e9s de Gaza parler\u00a0 de bombes nucl\u00e9aires miniaturis\u00e9es\u00a0? Il convient, sans doute, pour gagner en cr\u00e9dibilit\u00e9 d\u2019attendre d\u2019autres documents et des\u00a0 \u00e9tudes qui doivent\u00a0 s\u2019attacher surtout \u00e0 d\u00e9montrer la nature et l\u2019intensit\u00e9 radioactive des engins \u00e0 composants phosphor\u00e9s\u00a0. En toute logique, il appartient\u00a0 \u00e0 la cour p\u00e9nale internationale de La Haye, compte tenu des r\u00e9solutions des Nations-Unies, de prendre en charge ce dossier de crimes de guerre et d\u2019instituer une commission internationale charg\u00e9e d\u2019\u00e9valuer les armes utilis\u00e9es . Le fera-t-elle\u00a0? \u00a0<\/p>\n<p>Mais d\u2019ores et d\u00e9j\u00e0, par contre, avec les \u00e9l\u00e9ments en notre possession, on peut l\u00e9gitimement affirmer qu\u2019il s\u2019agit d\u2019armes de destruction massive. Selon la pr\u00e9sidente de l\u2019O.N.G.italienne ,Un Ponter, Martina Pignatti , \u00ab\u00a0l<em>es images sont les m\u00eames qu\u2019\u00e0 Fallouja, le phosphore blanc utilis\u00e9 comme arme chimique est incontestablement une arme\u00a0 de destruction massive .\u00a0\u00bb <\/em> Pour Raji Sourani,directeur de l\u2019O.N.G.\u00a0:\u00a0\u00ab\u00a0<em>des bombes incandescentes \u00e0 phosphore blanc ont \u00e9t\u00e9 utilis\u00e9es \u00e0 Khan Youn\u00e8s contre des civils\u00a0\u00bb <\/em>.  \u00a0 Le pr\u00e9sident Bush, revenant sur certaines erreurs, dans son ultime conf\u00e9rence de presse, a cit\u00e9 sa d\u00e9ception\u00a0 &#8211; d\u00e9ception, sans plus\u00a0!- de ne pas avoir trouv\u00e9 d\u2019armes de destruction massive en Irak. Le voil\u00e0 donc servi\u00a0! \u00a0 Faudrait-il maintenant de nouveau, comme le dit le <em>New York Times<\/em> cit\u00e9 plus haut\u00a0 que\u00a0:<strong><em>\u2018\u2019Some officials\u00a0 are trying to find a way to not have to call this a substancial violation of the agreement \u2018\u2019(<\/em><\/strong>Certains responsables tentent de trouver un moyen de ne pas avoir \u00e0 appeler cela une violation substantielle de l&rsquo;accord\u00a0\u00bb)<strong><em>,<\/em><\/strong> et que derechef avec la nouvelle administration:<strong><em>\u2019\u2019Any sanction against Isra\u00ebl would be an extraordinary<\/em><\/strong> <strong><em>move<\/em><\/strong>\u2019\u2019(\u00a0\u00bbToute sanction contre Isra\u00ebl serait une extraordinaire r\u00e9volution\u00a0\u00bb) . \u00a0Attendons\u00a0.\u00a0\u00a0 <\/p>\n<p><strong><font>(Source: Le site de Kalima le 25 janvier 2009)<\/font><\/strong><\/p>\n<\/div>\n<\/div>\n<\/div>\n<div align=\"justify\">\n<hr\/>\n<\/div>\n<div align=\"center\">\n<h3 style=\"color: blue;\"><font size=\"3\"><strong>L\u2019\u00e9preuve de Gaza et la faillite de la \u00ab communaut\u00e9 internationale \u00bb<\/strong><\/font><\/h3>\n<\/div>\n<p align=\"justify\">Publi\u00e9 par <strong><font>Sihem Bensedrine<\/font><\/strong> dans<a href=\"http:\/\/www.kalimatunisie.com\/fr\/14\/actuel\/\" target=\"_blank\" rel=\"noopener\">Actuel<\/a>, Janvier 25, 2009<\/p>\n<p align=\"justify\">Il est de ces conflits arm\u00e9s dont la particularit\u00e9 est d\u2019emporter avec eux non seulement des vies humaines et des espoirs d\u00e9\u00e7us, mais aussi l\u2019honneur de communaut\u00e9s ou d\u2019institutions qui s\u2019y sont compromises. Celui qui oppose aujourd\u2019hui les Palestiniens de Gaza \u00e0 la machine de guerre isra\u00e9lienne qui a transform\u00e9, depuis maintenant 7 jours, le ciel de Gaza en couvercle de projectiles crachant la mort, est de cette nature. Dans cette \u00e9preuve \u00e0 laquelle est soumis un peuple spoli\u00e9 de sa terre et de tous ses droits \u00e9l\u00e9mentaires depuis maintenant 60 ans, on ne peut que constater la d\u00e9confiture de ce que l\u2019on nomme commun\u00e9ment la \u00ab communaut\u00e9 internationale\u00a0\u00bb, un concept suppos\u00e9 recouvrir l\u2019ensemble des Etats influents de la plan\u00e8te sens\u00e9s repr\u00e9senter la \u00ab\u00a0conscience\u00a0\u00bb du monde\u00a0; une \u00ab\u00a0communaut\u00e9 internationale\u00a0\u00bb qui a tourn\u00e9 le dos \u00e0 son r\u00e9f\u00e9rentiel, la d\u00e9claration universelle des droits de l\u2019homme, qui, ironie de l\u2019histoire, a elle aussi 60 ans.<\/p>\n<p align=\"justify\">&lt;!&#8211;[endif]&#8211;&gt; <font><strong>Un Etat voyou face \u00e0 l\u2019impuissance collective<\/strong><\/font> Apr\u00e8s avoir reni\u00e9 les<a href=\"http:\/\/www.medea.be\/index.html?doc=155\" target=\"_blank\" rel=\"noopener\">Accords d\u2019Oslo<\/a> et bloqu\u00e9 toute issue \u00e0 une n\u00e9gociation de paix juste, Isra\u00ebl n\u2019a eu de cesse d\u2019\u00e9tendre ses colonies, de multiplier les provocations et de grignoter la maigre bande de territoire qu\u2019il conc\u00e9dait \u00e0 une \u00ab Autorit\u00e9 palestinienne\u00a0\u00bb (AP) priv\u00e9e de tout attribut de souverainet\u00e9 et dont les dirigeants \u00e9taient r\u00e9duits \u00e0 qu\u00e9mander des laissez-passer aux militaires isra\u00e9liens pour se d\u00e9placer en dehors de leur \u00ab\u00a0Bantoustan\u00a0\u00bb.\u00a0 Ce faisant, il balisait la route \u00e0 la mont\u00e9e des radicalismes, l&rsquo;extr\u00e9misme appelant l&rsquo;extr\u00e9misme, et ne laissait d\u2019autre choix \u00e0 une population exc\u00e9d\u00e9e par les humiliations r\u00e9p\u00e9t\u00e9es que de s\u2019en remettre \u00e0 ceux qui savaient exprimer ses ressentiments.  C\u2019est ainsi que le mouvement islamiste du Hamas arrive au pouvoir \u00e0 l\u2019issue d\u2019\u00e9lections d\u00e9mocratiques en janvier 2006\u00a0; \u00e9lections dont la r\u00e9gularit\u00e9 avait \u00e9t\u00e9 supervis\u00e9e par l\u2019Union Europ\u00e9enne, faut-il le pr\u00e9ciser. \u00a0Mais Isra\u00ebl n\u2019assume pas les cons\u00e9quences de sa politique de la terre br\u00fbl\u00e9e\u00a0et ne se remet pas de l\u2019arriv\u00e9e au pouvoir du Hamas\u00a0; il parvient \u00e0 imposer sa politique \u00e0 l\u2019UE comme aux USA qui s\u2019alignent sur sa politique sans \u00e9tats d\u2019\u00e2mes\u00a0; A leur tour ils ne reconnaissent pas les r\u00e9sultats du scrutin et coupent brutalement les vivres \u00e0 l\u2019AP vivant \u00a0sous perfusion europ\u00e9enne. Ici la d\u00e9mocratie n\u2019a plus cours et l\u2019Etat \u00ab\u00a0voyou\u00a0\u00bb impose sa loi. Isra\u00ebl serre encore plus l\u2019\u00e9tau sur les Palestiniens et soumet La Cisjordanie et Gaza &#8211; cette bande longue de 45km et profonde de 10 km et dont plus du tiers est confisqu\u00e9 par les colonies isra\u00e9liennes &#8211; \u00e0 un r\u00e9gime de bouclage le plus s\u00e9v\u00e8re qu\u2019ait connu l\u2019histoire contemporaine.  Apr\u00e8s avoir presque achev\u00e9 la construction d\u2019un mur trois fois plus haut et deux fois plus large que le mur de Berlin (pr\u00e8s de 700 km), Isra\u00ebl annexe une partie substantielle de la Cisjordanie, proc\u00e8de \u00e0 un \u00e9ni\u00e8me d\u00e9placement de palestiniens (28\u00a0000 en 3 ans), apr\u00e8s avoir d\u00e9truit les maisons et arrach\u00e9 les oliveraies\u00a0; tout cela en violation de l&rsquo;arr\u00eat de la<a href=\"http:\/\/www.un.org\/apps\/newsFr\/storyFAr.asp?NewsID=8404&amp;Cr=Isra&amp;Cr1=CIJ&amp;Kw1=CIJ&amp;Kw2=mur+&amp;Kw3=\" target=\"_blank\" rel=\"noopener\">Cour internationale de justice<\/a> (CIJ) \u00e9mis le 9 juillet 2004, qui a jug\u00e9 ce mur ill\u00e9gal et \u00ab\u00a0contraire au droit international\u00a0\u00bb.  Non seulement Isra\u00ebl ne d\u00e9mant\u00e8le pas le mur, mais il va resserrer davantage les barrages militaires autour des villes palestiniennes, y enfermant efficacement ses habitants et les transformant en autant de prisons \u00e0 ciel ouvert, dont les prisonniers purgent une peine ind\u00e9finie pour un crime d\u00e9fini, celui d\u2019\u00eatre Palestiniens.  \u00a0Selon l\u2019Office des Nations unies pour les Affaires humanitaires dans les territoires occup\u00e9s (OCHA) il existe en mars 2008 pas moins de 546 obstacles physiques\u00a0 entre check points, barrages routiers et portails. Faut-il pr\u00e9ciser que ce bouclage des territoires an\u00e9antit l\u2019\u00e9conomie palestinienne et r\u00e9duit 50% de la population \u00e0 vivre en dessous du seuil de pauvret\u00e9, selon les estimations de la Banque Mondiale.  Gaza ne cesse de payer le prix fort pour avoir vot\u00e9 pour un gouvernement qui n\u2019a pas les faveurs de la \u00ab\u00a0communaut\u00e9 internationale\u00a0\u00bb\u00a0; Isra\u00ebl opte pour la politique de la mort lente en emp\u00eachant tout ravitaillement\u00a0de Gaza\u00a0en biens essentiels, ne laissant d\u2019autre choix \u00e0 la population que l\u2019insurrection. Etouff\u00e9s, les Gazaouis franchissent en juillet 2008 la fronti\u00e8re avec l&rsquo;Egypte au poste de Rafah pour se ravitailler. Au plus fort des bombardements sur Gaza \u00e0 la fin d\u00e9cembre, ce poste restera d\u00e9sesp\u00e9r\u00e9ment ferm\u00e9 par l\u2019\u00c9gypte, qui a achev\u00e9 ainsi de se d\u00e9shonorer, ajoutant \u00e0 l\u2019impuissance, la<a href=\"http:\/\/www.liberation.fr\/monde\/0101308401-l-egypte-sous-le-feu-des-critiques\" target=\"_blank\" rel=\"noopener\">complicit\u00e9<\/a> avec la puissance occupante isra\u00e9lienne.   Quant \u00e0 l\u2019attitude de la Ligue des Etats arabes, il est tout simplement superflu de l\u2019\u00e9voquer\u00a0; avait-elle besoin de cette guerre pour achever de se discr\u00e9diter, ne parvenant m\u00eame pas \u00e0 convoquer un sommet? \u00a0L\u2019occupation de l\u2019Irak l\u2019avait d\u00e9j\u00e0 rel\u00e9gu\u00e9e au statut de pi\u00e8ce de mus\u00e9e dont le r\u00f4le est de t\u00e9moigner du degr\u00e9 de soumission \u00e0 la volont\u00e9 imp\u00e9riale. <strong>\u00a0<\/strong> <font><strong>D\u00e9b\u00e2cle diplomatique et complicit\u00e9 ouverte<\/strong><\/font> \u00a0<\/p>\n<p align=\"justify\">\u00a0<\/p>\n<table align=\"right\" border=\"0\" cellpadding=\"0\" cellspacing=\"0\">\n<tr>\n<td align=\"middle\">\u00a0<\/td>\n<\/tr>\n<tr>\n<td align=\"middle\">\u00a0<\/td>\n<\/tr>\n<\/table>\n<p>\u00a0<\/p>\n<p align=\"justify\">A la catastrophe humanitaire, r\u00e9pond la d\u00e9b\u00e2cle diplomatique de ce qu\u2019il est convenu d\u2019appeler la \u00ab\u00a0communaut\u00e9 internationale\u00a0\u00bb qui s\u2019\u00e9tait donn\u00e9 pour t\u00e2che, rappelons-le, de r\u00e9soudre le conflit isra\u00e9lo palestinien\u00a0!  Sans surprise, l\u2019administration Bush condamne les tirs de roquette du Hamas, oubliant jusqu\u2019\u00e0 l\u2019existence m\u00eame des bombardements isra\u00e9liens. Le pr\u00e9sident am\u00e9ricain , dans une<a href=\"http:\/\/www.20minutes.fr\/article\/285241\/Monde-Septieme-jour-d-offensive-Bush-appelle-a-faire-pression-sur-le-Hamas-Qui-menace-Israel-d-un-destin-sombre-en-cas-d-attaque-au-sol.php\" target=\"_blank\" rel=\"noopener\">allocution<\/a> diffus\u00e9e samedi 3 janvier, \u00ab\u00a0<em>impute au Hamas l&rsquo;enti\u00e8re responsabilit\u00e9 de la situation actuelle et refuse un \u00abcessez-le-feu unilat\u00e9ral\u00bb qui ne serait pas assorti de m\u00e9canismes de contr\u00f4le et qui permettrait au Hamas de continuer ses tirs de roquettes sur Isra\u00ebl \u00e0 partir de la bande de Gaza<\/em>\u00a0\u00bb. Comment appeler ce comportement irresponsable de la part de la premi\u00e8re puissance mondiale, sinon un blanc seing donn\u00e9 \u00e0 Isra\u00ebl pour qu\u2019il poursuive ses massacres\u00a0!  Plus lisse, la<a href=\"http:\/\/www.ue2008.fr\/PFUE\/cache\/offonce\/lang\/fr\/accueil\/PFUE-12_2008\/PFUE-27.12.2008\/PESC_Gaza_27_decembre_2008;jsessionid=1964B6FAF7BDBC61A651BCDB1C091657\" target=\"_blank\" rel=\"noopener\">pr\u00e9sidence de l\u2019Union Europ\u00e9enne<\/a> renvoie dos \u00e0 dos bourreau et victime\u00a0; elle commencera par d\u00e9noncer \u00ab\u00a0<em>la poursuite des tirs de roquettes visant le territoire isra\u00e9lien \u00e0 partir de Gaza<\/em>\u00a0\u00bb tout en d\u00e9plorant \u00ab\u00a0<em>le tr\u00e8s grand nombre de victimes civiles. Se bornant \u00e0 condamner \u00ab\u00a0l\u2019usage disproportionn\u00e9 de la force<\/em>\u00a0\u00bb. Jamais autant que sous la pr\u00e9sidence fran\u00e7aise, Isra\u00ebl n\u2019a eu de tels privil\u00e8ges avec l\u2019UE qui vient d\u2019accorder le<a href=\"http:\/\/www.delisr.ec.europa.eu\/English\/whatsnew.asp?id=1049\" target=\"_blank\" rel=\"noopener\">statut avanc\u00e9 \u00e0 Isra\u00ebl<\/a> dans le cadre de la politique europ\u00e9enne de voisinage (PEV). Le 9\u00a0d\u00e9cembre dernier et sous l\u2019impulsion de la pr\u00e9sidence fran\u00e7aise, le principe de \u00ab\u00a0rehausser\u00a0\u00bb les relations entre Isra\u00ebl et l\u2019Union europ\u00e9enne a \u00e9t\u00e9 accept\u00e9.   Ce statut place Isra\u00ebl au niveau de quasi membre de l\u2019UE. Il est d\u00e9sormais associ\u00e9 aux consultations de l\u2019UE sur les probl\u00e8mes strat\u00e9giques\u00a0; Il participe aux r\u00e9unions des chefs d\u2019Etat et de gouvernement de l\u2019Union europ\u00e9enne\u00a0; les responsables du minist\u00e8re des affaires \u00e9trang\u00e8res isra\u00e9liens seront invit\u00e9s r\u00e9guli\u00e8rement aux comit\u00e9s pour la politique et la s\u00e9curit\u00e9 de l\u2019Union. Les experts isra\u00e9liens seront invit\u00e9s syst\u00e9matiquement dans les comit\u00e9s travaillant notamment sur le processus de paix, les droits humains, l\u2019antis\u00e9mitisme, la lutte contre le terrorisme et le crime organis\u00e9\u00a0; \u00a0les responsables isra\u00e9liens seront \u00e9galement associ\u00e9s \u00e0 la politique \u00e9trang\u00e8re et de s\u00e9curit\u00e9 de l\u2019Union europ\u00e9enne\u00a0et participeront aux r\u00e9unions du conseil de l\u2019Europe sur l\u2019\u00e9conomie, les finances, les transports, la s\u00e9curit\u00e9, l\u2019\u00e9nergie et l\u2019\u00e9ducation.  Ce statut privil\u00e9gi\u00e9 \u00e9tait suppos\u00e9 donner \u00e0 l\u2019UE les moyens d\u2019agir sur le conflit isra\u00e9lo-palestinien, c\u2019est du moins ainsi qu\u2019il avait \u00e9t\u00e9 vendu. On sait aujourd\u2019hui qui influe sur qui et combien l\u2019Union europ\u00e9enne est impuissante \u00e0 agir sur la politique isra\u00e9lienne qui ne lui laisse que le r\u00f4le de pompier charg\u00e9 de reconstruire laborieusement ce que l\u2019arm\u00e9e isra\u00e9lienne aura d\u00e9truit pour la \u00e9ni\u00e8me fois.  Faut-il noter que ce \u00ab\u00a0statut avanc\u00e9\u00a0\u00bb a \u00e9t\u00e9 accord\u00e9 le m\u00eame jour o\u00f9 l\u2019expert de l\u2019ONU sur les droits humains dans les territoires palestiniens,<a href=\"http:\/\/www.un.org\/apps\/newsFr\/storyF.asp?NewsID=17944&amp;Cr=Gaza&amp;Cr1=humanitaire\" target=\"_blank\" rel=\"noopener\">Richard Falk<\/a>, D\u00e9clarait \u00ab <em>Au minimum, un effort urgent devrait \u00eatre mis en \u0153uvre par les Nations Unies pour appliquer la norme de la &lsquo;responsabilit\u00e9 de prot\u00e9ger&rsquo; une population civile soumise \u00e0 une punition collective \u00e9quivalent \u00e0 un crime contre l&rsquo;humanit\u00e9<\/em> \u00bb, estimant que \u00ab\u00a0<em>la CPI devrait enqu\u00eater sur cette situation afin de d\u00e9terminer si les dirigeants civils et militaires isra\u00e9liens responsables du si\u00e8ge de Gaza ne devraient pas \u00eatre inculp\u00e9s et poursuivis pour violation du droit p\u00e9nal international<\/em>.\u00a0\u00bb  Quant \u00e0 l\u2019ONU qui a collectionn\u00e9 le plus grand nombre de r\u00e9solutions sur la Palestine rest\u00e9es lettres mortes et dont les b\u00e2timents \u00e0 Gaza avaient \u00e9t\u00e9 la cible des bombardements isra\u00e9liens, elle ne sera m\u00eame pas capable d\u2019adopter une r\u00e9solution du Conseil de s\u00e9curit\u00e9 pr\u00e9sent\u00e9e par le groupe arabe condamnant les violences des deux c\u00f4t\u00e9s\u00a0! Le secr\u00e9taire g\u00e9n\u00e9ral de l&rsquo;ONU<a href=\"http:\/\/www.un.org\/News\/fr-press\/docs\/2008\/SGSM12027.doc.htm\" target=\"_blank\" rel=\"noopener\">Ban Ki-moon<\/a> d\u00e9clarera \u00ab <em>J&rsquo;ai condamn\u00e9, \u00e0 mainte reprises les tirs de roquettes du Hamas visant Isra\u00ebl. Tout en admettant le droit \u00e0 l&rsquo;auto-d\u00e9fense d&rsquo;Isra\u00ebl, je condamne aussi Isra\u00ebl pour avoir recouru \u00e0 la force de mani\u00e8re excessive dans la bande de Gaza<\/em> \u00bb. On est loin de la fermet\u00e9 des propos du rapporteur sp\u00e9cial sur les droits humains dans les territoires palestiniens et gageons que rien ne sera entrepris avant l\u2019extermination d\u2019une grande partie de ce qui reste de population \u00e0 Gaza avec l\u2019attaque terrestre.   Aujourd\u2018hui la \u00ab\u00a0communaut\u00e9 internationale\u00a0\u00bb a achev\u00e9 de se d\u00e9shonorer et ne peut plus pr\u00e9tendre \u00e0 repr\u00e9senter la conscience du monde\u00a0; Heureusement que cette conscience existe encore et s\u2019est exprim\u00e9e \u00e0 travers les manifestations d\u2019hommes et de femmes libres, qui sont sortis ce samedi 3 janvier dans les rues des principales villes du monde, pour dire non \u00e0 ce crime contre l\u2019humanit\u00e9.   Les peuples n\u2019ont plus foi dans les institutions officielles qui r\u00e9gissent la plan\u00e8te et cette situation est extr\u00eamement dangereuse pour la stabilit\u00e9 et la paix dans le monde. Est-ce que ceux qui pr\u00e9sident aux destin\u00e9es de l\u2019Europe et des USA sont conscients qu\u2019ils ne sont pas en train de d\u00e9fendre leurs int\u00e9r\u00eats, ni ceux de la \u00abcommunaut\u00e9 internationale\u00bb, mais ceux d\u2019une poign\u00e9e d\u2019extr\u00e9mistes du Likoud\u00a0?<\/p>\n<div align=\"justify\"><strong><font>(Source: Le site de Kalima le 25 janvier 2009)<\/font><\/strong> <\/p>\n<hr\/>\n<\/div>\n<div align=\"justify\">\n<div align=\"center\">\n<h3 style=\"color: blue;\"><font size=\"3\"><strong>Bombardez- moi : je suis arabe<\/strong><\/font><\/h3>\n<\/div>\n<div align=\"justify\"> <strong><font>Par Hechmi GHACHEM<\/font><\/strong>  Maintenant que la guerre est finie, qu&rsquo;allons- nous faire de tous ces jours, de toutes ses nuits o\u00f9 nous n&rsquo;existions plus, o\u00f9 nous sommes retomb\u00e9s dans l&rsquo;oubli ? Cela fait des si\u00e8cles que nous n&rsquo;existons que par la guerre. Combien de croisades avons-nous subies ?   Combien de repr\u00e9sailles, de ratissages, de liquidations en masse, ou de tentatives d&rsquo;\u00e9radications toujours avort\u00e9es, m\u00eame si le prix \u00e0 payer a souvent \u00e9t\u00e9 celui du sang vers\u00e9, de la torture, de villages et de douars ras\u00e9s, des villes nouvellement construites, rapidement d\u00e9truites et toujours ressuscit\u00e9es.  Qu&rsquo;allons- nous faire apr\u00e8s la guerre ? Attendre la suivante. Car nous la demandons de toutes nos forces. Si le monde nous hait \u00e0 ce point, c&rsquo;est que nous sommes ha\u00efssables. Si les Fran\u00e7ais, les Anglais, les Am\u00e9ricains, les \u00ab Tsah\u00e9liens \u00bb nous bombardent, c&rsquo;est que nous sommes bombardables. Alors, s&rsquo;il vous pla\u00eet, ne prolongez pas trop longtemps cette tr\u00eave factice, et pressez-vous de me bombarder, o\u00f9 que je sois. A Rabat, \u00e0 Alger, \u00e0 Tunis, \u00e0 Tripoli, au Caire, \u00e0 Beyrouth, ou dans n&rsquo;importe quelle autre capitale de ce corps, mille fois mutil\u00e9, mille fois br\u00fbl\u00e9, et mille fois gu\u00e9ri de ses blessures et sorti de ses cendres. Ce monde qu&rsquo;on appelle le monde arabe, qui existe sans exister, qui subit les guerres sans les d\u00e9clarer, et qui r\u00e9siste, malgr\u00e9 ses ennemis ancestraux et surtout malgr\u00e9 ses faux fr\u00e8res.  Alors que, les cha\u00eenes publiques fran\u00e7aises font de leur mieux, pour se disculper, de la prise de position honteuse et irr\u00e9cup\u00e9rable qui fut la leur tout au long des terribles \u00e9v\u00e8nements de Gaza, en tentant de m\u00e9nager et le loup et l&rsquo;agneau. Alors que Tsahal fanfaronne en d\u00e9clarant qu&rsquo;elle avait atteint ses buts, et que Hamas d\u00e9clare, \u00e0 tue-t\u00eate qu&rsquo;il avait gagn\u00e9 la guerre, nous affirmons que les seuls \u00e0 avoir gagn\u00e9 la guerre sont les morts. Parce que les morts n&rsquo;ont plus besoin de mots, plus besoin de sang, plus besoin de maisons, plus besoin de le\u00e7ons, et surtout parce qu&rsquo;ils sont au-dessus de toute manipulation. Les morts ne sont pas sous les d\u00e9combres, ne sont pas sous terre. Ils voguent dans le ciel, \u00e0 des ann\u00e9es-lumi\u00e8re au-dessus des faucons, des aigles, et des avions militaires.  Les morts ne disent rien. Et ne donnent pas leurs avis lors des d\u00e9bats t\u00e9l\u00e9vis\u00e9s ou sur les ondes radiophoniques. Les morts voguent au-dessus de nous pour nous pr\u00e9server des bombes et du soleil. Et quelque fois, ils pleurent comme on pleure, quand on a perdu sa maman. Car, une maman n&rsquo;a pas d&rsquo;\u00e2ge, n&rsquo;est-ce pas ? La patrie non plus.  Alors, ne tardez pas s&rsquo;il vous pla\u00eet. Sortez de votre r\u00e9serve. Et bombardez-moi, rien qu&rsquo;une fois&#8230; encore une fois. Car, ce n&rsquo;est qu&rsquo;en \u00e9tant mort que je peux, encore une fois, me mettre debout, et vous balancer en pleine tronche : JE SUIS LE MAURE&#8230; Je suis Arabe. Et m\u00eame si j&rsquo;ai perdu toutes les guerres, je vous ai toujours vaincus.  Je marche de travers, \u00e0 contre-sens de l&rsquo;Histoire, \u00e0 contre-courant de toutes les vagues, de toutes les mers. Je suis le fant\u00f4me du vide, le prince du d\u00e9sert ; celui qui n&rsquo;ob\u00e9it qu&rsquo;aux douceurs de la nuit, parce que toutes les nuits sont belles, hormis celles que vous souillez, de vos bombes phosphorig\u00e8nes.  Ce n&rsquo;est ni Hamas, ni Tsahal qui ont gagn\u00e9 cette guerre. Cette guerre qui n&rsquo;est m\u00eame pas une guerre. Mais une mani\u00e8re exceptionnelle de mater une prison, herm\u00e9tiquement verrouill\u00e9e, peupl\u00e9e de cr\u00e9atures, prisonni\u00e8res de leur destin, prisonni\u00e8res de leurs ma\u00eetres, prisonni\u00e8res de leurs voisins, prisonni\u00e8res de leurs fr\u00e8res, et prisonni\u00e8res de leurs ennemis : voisins, et lointains.  C&rsquo;est connu, depuis la nuit des temps : l&rsquo;Histoire a toujours \u00e9t\u00e9 \u00e9crite par ceux qui gagnent la guerre. Les perdants en sont absents. Ils n&rsquo;ont donc aucun mot \u00e0 dire. Que les Turcs se rel\u00e8vent et parlent de la Grande Porte Sublime, en rappelant aux juifs, que l&#8217;empire Ottoman les a toujours sauvegard\u00e9s. Que les Perses menacent d&rsquo;un chaos total, Olmert et ses coreligionnaires, ne peut que r\u00e9veiller et fortifier la conviction qu&rsquo;ont les peuples arabes, de ne pouvoir sortir des sous-sols naus\u00e9abonds de l&rsquo;Histoire, qu&rsquo;en comptant sur eux-m\u00eames. Car ce n&rsquo;est ni Tsahal, ni Hamas qui ont gagn\u00e9 la guerre. Cette guerre a r\u00e9veill\u00e9 les peuples qui \u00e9taient, non seulement \u00e9cras\u00e9s par leurs ennemis, mais surtout par ceux qui les commandent.  Depuis la chute de Grenade, les Arabes n&rsquo;ont plus jamais \u00e9t\u00e9 command\u00e9s par des Arabes. M\u00eame si les r\u00e9gimes qui ont \u00e9merg\u00e9 apr\u00e8s les mouvements de lib\u00e9ration nationale, donnent la f\u00e2cheuse impression, dans leur majorit\u00e9, d&rsquo;\u00eatre des r\u00e9gimes arabes, alors qu&rsquo;ils ne sont en r\u00e9alit\u00e9, que des r\u00e9gimes contre les Arabes, cautionn\u00e9s par les puissances qui ne tol\u00e8rent l&rsquo;existence arabe, que parce que cette existence est tenace. Non, ce n&rsquo;est ni Tsahal, ni Hamas qui ont gagn\u00e9 cette guerre. Ce sont les peuples arabes.  Alors, s&rsquo;il vous pla\u00eet, bombardez-moi encore une fois. Rien qu&rsquo;une fois. Car, c&rsquo;est ma mort qui enfante ma vie.  Aucun enfant n&rsquo;est mort \u00e0 Gaza, aucune maison n&rsquo;a \u00e9t\u00e9 d\u00e9truite \u00e0 Gaza. Il n&rsquo;y a eu aucun drame \u00e0 Gaza. Il n&rsquo;y a pas de Palestiniens \u00e0 Gaza. Il y a pire que tout cela. Il y a le c\u0153ur de ce grand corps malade, qui bat, qui rebondit, et qui combat.  Le peuple arabe est encore appel\u00e9 \u00e0 combattre, pour sauvegarder son existence. Comment, avec quelles armes et contre qui ? Maintenant qu&rsquo;il n&rsquo;a plus aucun ennemi. Ou du moins, aucun ennemi valable. Car tous les masques sont tomb\u00e9s, le peuple arabe est appel\u00e9 \u00e0 combattre tous les d\u00e9mons qui l&rsquo;habitent. Il est appel\u00e9 \u00e0 s&rsquo;auto-\u00e9radiquer, pour se lever et jeter ses vielles babouches, \u00e0 la face d&rsquo;un monde scl\u00e9ros\u00e9.  Alors, bombardez-moi, bombardez-moi encore une fois. Je n&rsquo;attends que cela.  <strong><font>H.G  (Source : \u00ab Le Temps Lundi \u00bb (Hebdomadaire &#8211; Tunis), le 26 janvier 2009)<\/font><\/strong><\/div>\n<\/div>\n<\/div>\n<div>\n<hr\/>\n<\/div>\n<div>\u00a0<\/div>\n<div>\n<div align=\"center\">\n<h3 style=\"color: blue;\"><font face=\"Arial\" size=\"3\"><strong>The former Cat Stevens performs song for Gaza<\/strong><\/font><\/h3>\n<\/div>\n<div align=\"center\"><font face=\"Arial\" size=\"2\">\u00a0<\/font><\/div>\n<div align=\"justify\"><span lang=\"FR-CH\">Associated Press, le 26 janvier 2009 \u00e0 <\/span>16h01  By ARON HELLER, Associated Press Writer Aron Heller, Associated Press Writer \u2013 7 mins ago  JERUSALEM \u2013 The musician formerly known as Cat Stevens released a charity song on Monday to help the children of Gaza. The United Nations said the London-born Yusuf Islam recorded a rendition of the George Harrison song \u00ab\u00a0The Day the World Gets Round,\u00a0\u00bb along with the German bassist and former Beatles collaborator Klaus Voorman. All proceeds from the song will be donated to the U.N. agency in charge of Palestinian refugees, UNRWA, and to the nonprofit group Save the Children to be directed to aiding Gaza residents. Gaza officials say 280 of the 1,285 Palestinians killed in the three-week Israeli offensive were children. Children make up 56 percent of Gaza&rsquo;s 1.4 million people. The offensive aimed at stopping rocket fire by Gaza&rsquo;s Hamas rulers into southern Israel. Islam explained on his Web site that he hoped the song would \u00ab\u00a0help remind people of the immense legacy of love, peace and happiness we can share when we get round to looking at mankind&rsquo;s futile wars and prejudices, and start to change our foolish ways.\u00a0\u00bb UNRWA said the donation would help it continue its vital work in the Gaza Strip. \u00ab\u00a0This is a fantastically generous act and we hope to reach new audiences in bringing a message of hope at a time when Gaza so badly needs it,\u00a0\u00bb said Christopher Gunness, an UNRWA spokesman. Cat Stevens sold 60 million albums in a prolific musical career that included the hit songs \u00ab\u00a0Wild World,\u00a0\u00bb \u00ab\u00a0The First Cut is the Deepest\u00a0\u00bb and \u00ab\u00a0Peace Train.\u00a0\u00bb In 1977, he converted to Islam, changed his name and largely distanced himself from popular music. Israeli authorities have barred Islam twice from entering the country on suspicion he gave money to charity groups linked to Islamic militants. He has denied the accusation. He raised controversy in 1989 by making comments construed as supporting Iran&rsquo;s Islamic edict calling for the death of author Salman Rushdie. He said later he was misunderstood. Throughout the years, Islam recorded a handful of spoken word records on Islamic topics, some with percussion. In 2006, he made a mini-comeback to pop music recording his first album since his conversion titled \u00ab\u00a0An Other Cup.\u00a0\u00bb<\/div>\n<div align=\"justify\">\n<p><b><span>On the Net:<\/span><\/b><\/p>\n<p><span><a target=\"_blank\" rel=\"noopener\"><font>http:\/\/www.jamalrecords.com\/cgi-bin\/commerce.cgi?display=home<\/font><\/a><\/span><\/p>\n<p><span><a target=\"_blank\" rel=\"noopener\"><font>http:\/\/www.yusufislam.com<\/font><\/a><\/span><\/p>\n<p><span>Associated Press<\/span><\/p>\n<\/div>\n<\/div>\n<div>\n<hr\/>\n<\/div>\n<div>\n<div align=\"center\">\n<h3 style=\"color: blue;\"><font face=\"Arial\" size=\"3\"><strong>Albanie: les musulmanes pourront garder le foulard sur les photos d&rsquo;identit\u00e9<\/strong><\/font><\/h3>\n<\/div>\n<div>\u00a0<\/div>\n<div align=\"justify\"><font face=\"Arial\" size=\"2\">AFP, le 23 janvier 2009 \u00e0 18h32 TIRANA, 23 jan 2009 (AFP) -Les autorit\u00e9s albanaises ont d\u00e9cid\u00e9 de permettre aux musulmanes de garder le foulard sur les photos destin\u00e9es aux cartes d\u2019identit\u00e9 et aux passeports biom\u00e9triques, a annonc\u00e9 vendredi le minist\u00e8re albanais de l\u2019Int\u00e9rieur. \u201cLes femmes musulmanes auront le droit d\u2019\u00eatre photographi\u00e9es avec leur foulard pour la carte d\u2019identit\u00e9 et le passeport biom\u00e9triques\u201d, a d\u00e9clar\u00e9 le ministre albanais de l\u2019Int\u00e9rieur, Ferdinand Poni, \u00e0 l\u2019issue d\u2019un entretien avec des repr\u00e9sentants de la communaut\u00e9 musulmane d\u2019Albanie. Ces repr\u00e9sentants avaient protest\u00e9 jeudi contre le refus initial des autorit\u00e9s de permettre aux femmes de porter le foulard sur les photos de leurs pi\u00e8ces d\u2019identit\u00e9. \u201cLes autorit\u00e9s albanaises et les repr\u00e9sentants de la communaut\u00e9 musulmane se sont mis d\u2019accord que le foulard ne cache pas le visage et le front\u201d, a d\u00e9clar\u00e9 \u00e0 l\u2019AFP le porte-parole du minist\u00e8re de l\u2019Int\u00e9rieur Fatmir Konja. Les lois appliqu\u00e9es dans certains pays, dont la France, exigent que sur les cartes d\u2019identit\u00e9 le visage soit photographi\u00e9 de face et que la t\u00eate soit d\u00e9gag\u00e9e, sans aucun objet qui en dissimulerait la totalit\u00e9 ou une partie. L\u2019Albanie est un pays majoritairement musulman avec d\u2019importantes minorit\u00e9s orthodoxe et catholique. La soci\u00e9t\u00e9 fran\u00e7aise Sagem S\u00e9curit\u00e9 avait \u00e9t\u00e9 s\u00e9lectionn\u00e9e en septembre dernier par le minist\u00e8re albanais de l\u2019Int\u00e9rieur, \u00e0 l\u2019issue d\u2019un appel d\u2019offres international, pour r\u00e9aliser ces cartes d\u2019identit\u00e9 et passeports biom\u00e9triques.<\/font><\/div>\n<\/div>\n<div>\u00a0<\/div>\n<div>\n<hr\/>\n<\/div>\n<\/div>\n<\/div>\n<p><span lang=\"FR-CH\"><\/p>\n<p align=\"center\"><span><strong><\/p>\n<h4 style=\"color: blue;\"><font size=\"3\">L\u2019important c\u2019est d\u2019exister, l\u2019important.<\/font><\/h4>\n<p><\/strong><\/span><\/p>\n<p><span><\/p>\n<p align=\"justify\"><strong><font>Par Nour el Hoda<\/font><\/strong> Beaucoup de tunisiens encore\u00a0 , coup\u00e9s des r\u00e9alit\u00e9s\u00a0 du monde par la violence et les censures de la dictature ,croient , que la d\u00e9mocratie est mauvaise pour la vie morale dans notre pays, pour son quotidien tout court , et c\u2019est ainsi , comble\u00a0 de l\u2019ignominie, que les opposants d\u00e9mocratiques tunisiens,\u00a0 sont d\u00e9sign\u00e9s par les services de ben Ali,\u00a0 comme\u00a0 des aigris qui ternissent l\u2019image de la Tunisie , et par une certaine r\u00e9action revancharde comme des aventuriers , alors qu\u2019ils sont l\u2019honneur \u00e9vident de la Tunisie\u00a0 ,leur engagement est salutaire , c\u2019est\u00a0\u00a0 une opposition cr\u00e9dible par les diff\u00e9rences et les statures de ses animateurs, esp\u00e9rons que cette dynamique perdure, esp\u00e9rons qu&rsquo;elle s&rsquo;am\u00e9liore, esp\u00e9rons qu&rsquo;elle s&rsquo;unisse, du moins sur l&rsquo;essentiel , et ne rend pas les armes \u00e0 cause des \u00e9ternels\u00a0 bisbilles\u00a0 et autres ego d\u00e9mesur\u00e9s qui \u00e9touffent\u00a0 quelques uns , \u00e0 cause aussi des nuisances de quelques uns et de quelques unes qui s&rsquo;imaginent qu&rsquo;\u00eatre opposant \u00e0 une dictature, c&rsquo;est un acquis confortable, qui ignore le travail politique en ce qu&rsquo;il a de plus contraignant et plus lourd , ces gens\u00a0 \u00e0 qui trop facilement on \u00e0 permis dans le premier cercle de l&rsquo;opposition d\u00e9mocratique \u00e0 parler en son nom , d&rsquo;une fa\u00e7on unilat\u00e9rale et sans la moindre concertation \u00e0 en \u00eatre les porte-parole\u00a0 \u00ab officiel \u00bb et \u00ab officieux \u00bb , comme si c\u2019\u00e9tait\u00a0 une mission \u00e0 donner \u00e0 n\u2019importe qui , et malheureusement elle fut donn\u00e9e, quelques fois,\u00a0 \u00e0 n\u2019importe qui\u00a0 , initiative irresponsable qui par la r\u00e9putation de ces personnes, ainsi nomm\u00e9es ,\u00a0\u00a0 salira le mouvement dans son ensemble et fera fuir plus qu\u2019un , \u00e7a c\u2019est s\u00fbr. Les permissivit\u00e9s dont usent certains\u00a0 sans aucun consensus ,\u00a0 imposent \u00e0 la longue un prix\u00a0 exorbitant \u00e0 nous tous , il n\u2019est pas question, sous le fallacieux pr\u00e9texte\u00a0 de la gravit\u00e9 de la situation , d\u2019oublier les nuisances mortelles de certains et certaines impostures,en tant que d\u00e9mocrates, nous devons donner l&rsquo;exemple \u00e0 l&rsquo;opinion publique tunisienne et internationale, c&rsquo;est le sens m\u00eame des responsabilisassions politiques et sociales , qui doivent clairement se formuler, pour esp\u00e9rer une v\u00e9ritable mobilisation des tunisiens . et pire, ne pas \u00eatre clair,\u00a0 c\u2019est faire fuir beaucoup de bonnes volont\u00e9s ,c\u2019est aussi\u00a0 faire le jeu de la dictature qui excelle dans le pourrissement , et c\u2019est tout simplement anti-d\u00e9mocratique.Ce genre de pratique, le choix\u00a0 unilat\u00e9ral de l&rsquo;action individuelle, le clanisme,\u00a0 \u00e0 l\u2019\u00e9chelle profane,\u00a0 ravalent les relations\u00a0 publiques , humaines , naturelles au degr\u00e9 z\u00e9ro de la conscience politique\u00a0 , ce fut souvent\u00a0 le cas\u00a0\u00a0 dans les fa\u00e7ons de faire\u00a0 de l\u2019opposition tunisienne , ou du moins de certains\u00a0 de ses membres, il est temps que cela change sous peine de p\u00e9ricliter dans les sales habitudes\u00a0 de la rh\u00e9torique et de la d\u00e9magogie. Dans une autre\u00a0 perspective, pour parler de choses plus importantes, mais personne n\u2019est dupe du cirque qui se trame \u00e0 Tunis depuis toujours, on ne peut qu\u2019esp\u00e9rer que les \u00ab \u00e9lites \u00bb de l&rsquo;opposition d\u00e9mocratique tunisienne et leur entourage ne soient pas na\u00effs, et ne tombent pas\u00a0 dans ce genre de pi\u00e8ges\u00a0 grossiers , des faux compromis et autres compromissions, en vue des \u00e9lections truqu\u00e9es de 2009 organis\u00e9es par la dictature et le RCD,\u00a0 dans un tel cas,\u00a0 ils ne doivent plus s\u2019\u00e9tonner\u00a0 du pourquoi de l\u2019attentisme et de l\u2019indiff\u00e9rence des tunisiens . Une d\u00e9mocratie \u00e0 l\u2019\u00e9chelle de notre minuscule pays , ne peut-\u00eatre que dans une soci\u00e9t\u00e9 lib\u00e9rale , sociale et\u00a0 lib\u00e9rale, parce que la culture et l\u2019histoire , une soci\u00e9t\u00e9 tunisienne moderne , d\u00e9barrass\u00e9 de la dictature , ne devra pas tomber vers\u00a0 le\u00a0 consommer davantage de capital social qu\u2019elle n\u2019en produit , pour r\u00e9f\u00e9rence \u00e0 FUKUYAMA,\u00a0 qui a sur cette question un point de vue assez juste , mais aussi il s\u2019agit\u00a0 pour l\u2019opposition d\u00e9mocratique\u00a0 de donner \u00e0 la future d\u00e9mocratie tunisienne telle qu\u2019il l\u2019a con\u00e7oivent\u00a0 dans leurs diff\u00e9rents projet ,un visage transparent ; sans jamais perdre de vue\u00a0 qu\u2019il ne faut pas donner aux tunisiens de fausses illusions . Ne pas leur dire la v\u00e9rit\u00e9 et leurs v\u00e9rit\u00e9s ,\u00a0\u00a0 qui seront les seules v\u00e9rit\u00e9s\u00a0 qui tiendront \u00e0 bout de bras une Tunisie sinistr\u00e9e par les m\u00e9faits de la dictature , ne pas leurs dire la r\u00e9alit\u00e9 des sacrifices qu\u2019ils auront encore \u00e0 faire\u00a0 pour redresser le pays et ainsi p\u00e9renniser la d\u00e9mocratie , la d\u00e9mocratie qui se m\u00e9rite bien s\u00fbr ,\u00a0 mais qui co\u00fbte ch\u00e8re aussi sur tous les plans , surtout quand comme dans notre cas , nous devons r\u00e9pondre \u00e0 un incroyable d\u00e9ficit moral et mat\u00e9riel , et un endettement\u00a0 diabolique\u00a0 qui r\u00e9sulte de la gabegie et du pillage syst\u00e9matique de la Tunisie\u00a0 , et ce depuis l\u2019ind\u00e9pendance , Bourguiba\u00a0 comme ben Ali sont liberticides et irresponsables , nous payons et nous continuerons encore \u00e0 payer leurs crimes sur le plan humain , ainsi que sur le plan mat\u00e9riel, ne pas \u00eatre\u00a0 honn\u00eate \u00e0 ce niveau avec le peuple tunisien, c&rsquo;est\u00a0 lui pr\u00e9parer un avenir de fureurs et de tumultes, \u00e0 c\u00f4t\u00e9 du quel, la dictature\u00a0 ne serait qu&rsquo;un moindre mal\u00a0 . Il faut \u00eatre pragmatique,\u00a0 et ne pas pour des calculs politiciens , tromper les citoyens, notre consommation\u00a0 dans une future d\u00e9mocratie , il faut le dire et insister l\u00e0-dessus, doit \u00eatre bas\u00e9e sur un capital \u00e9conomique r\u00e9el pour sauvegarder sur le long terme\u00a0 le capital social , ceci passera bien s\u00fbr par des d\u00e9cisions impopulaires et restrictives , mais la transparence d\u00e9s maintenant des programmes et des projets \u00e9vitera certainement au bloc d\u00e9mocratique dans son ensemble\u00a0 les d\u00e9chirements futures. Aujourd\u2019hui en Tunisie , des\u00a0 r\u00e9alit\u00e9s catastrophiques tels que la passivit\u00e9 , la perte de confiance en soi , le m\u00e9pris\u00a0 des institutions\u00a0 vid\u00e9es de leurs s\u00e8ves et leurs sens par la dictature , cette r\u00e9duction flagrante depuis cinquante ans du p\u00e9rim\u00e8tre de confiance\u00a0 g\u00e9n\u00e9rale dans le pays , l\u2019augmentation de l\u2019indigence , de la mis\u00e8re , de la solitude et bien \u00e9videmment de la criminalit\u00e9 , l\u2019\u00e9clatement des familles et des liens de parent\u00e9s ,\u00a0 l\u2019affaiblissement des rep\u00e8res culturels et citoyens\u00a0 , qui existaient sous le protectorat fran\u00e7ais ,en ces temps l\u00e0 ,\u00a0 nous \u00e9tions un peuple occup\u00e9s par une puissance \u00e9trang\u00e8re et nous n\u2019acceptions pas ses normalisations , tous ces \u00e9piph\u00e9nom\u00e8nes\u00a0 sugg\u00e8rent\u00a0 des \u00e9ventualit\u00e9s d\u00e9rangeantes pour la dictature arriv\u00e9e \u00e0 ses limites , mais pas pour elle seulement. Une chose qui me semble bien difficile,pour nous tous\u00a0 , mis devant\u00a0 les r\u00e9alit\u00e9s\u00a0 de notre pays ,\u00a0 c\u2019est d\u2019arriver \u00e0 comprendre et m\u00eame voir les liens entre les situations, les causes, les cons\u00e9quences, les m\u00e9thodes utilis\u00e9es et leur sens par la dictature tunisienne\u00a0 ,cela est frappant autant que notre c\u00e9cit\u00e9 et se v\u00e9rifie tous les jours , cette dictature est plus que faible , sa seule et grande force\u00a0 elle la puise \u00e0 sati\u00e9t\u00e9\u00a0 dans nos errements et nos suffisances . Si on n\u2019arrive pas \u00e0 mettre de l\u2019ordre dans nos rangs et \u00e0 clarifier les positions,\u00a0 \u00e9tablir les priorit\u00e9s et les logiques, d\u00e9finir une ligne de conduite et une strat\u00e9gie, l\u00e0 maintenant, pendant\u00a0\u00a0 que le fer est dans le feu , oui penser tout de suite et illico presto\u00a0 \u00e0 l\u2019apr\u00e8s dictature,\u00a0 et comment bonifier et les mouvements sociaux, la plus art spontan\u00e9s, comme ceux du bassin minier par exemple ,on peut dire qu\u2019on aura plut\u00f4t r\u00e9gress\u00e9. L\u00e0 , nous sommes entr\u00e9s dans la perspective d\u2019un combat de longue haleine avec la dictature , maintenant que nous avons r\u00e9ussi plus ou moins \u00e0 faire tomber certains masques , \u00e0 avoir quelques atouts , ils nous faut assumer\u00a0 jusqu\u2019\u00e0 la d\u00e9faite totale de\u00a0 r\u00e9gime horrible et abject.\u00a0 Ce nouveau visage et statut de l\u2019opposition d\u00e9mocratique , du bloc d\u00e9mocratique, ne pourra \u00eatre que par\u00a0 la bonne volont\u00e9 de TOUTES se composantes, et assumer le combat pour la libert\u00e9s de TOUS les tunisiens . Comment en effet \u00eatre un tant soit peu efficace, si l\u2019on n\u2019arrive m\u00eame pas \u00e0 cerner la machine qui nous \u00e9crase, impossible de trouver\/cr\u00e9er le grain de sable, sans conna\u00eetre les rouages de cette machine, sans savoir et reconna\u00eetre\u00a0 d\u00e9j\u00e0 qu\u2019il existe une machine organis\u00e9e ,\u00a0 structur\u00e9e,\u00a0 qu\u2019il faut obliger \u00e0 sa propre recomposition par la multiplication des fronts\u00a0 et des revendications. De plus en plus, il semble \u00e9vident que le fameux \u00ab miracle tunisien \u00ab\u00a0 est une de ces machines qui a \u00e9t\u00e9 savamment construite de toutes pi\u00e8ces&#8230; Demandez au tunisien\u00a0 de vous le\u00a0 d\u00e9crire ce miracle\u00a0 et il\u00a0 vous r\u00e9pondra : \u00ab\u00a0dessine-moi un mouton&#8230; non, un Dinosaure\u00a0\u00bb !!! Ils ont\u00a0 beau se tourner de tous les c\u00f4t\u00e9s, se prendre des maux de t\u00eate pas possible, des torticolis existentialistes, personne en Tunisie n\u2019est capable de dessiner ce \u00ab miracle tunisien \u00bb !!!!C\u2019est un grand vide sid\u00e9ral\u00a0 qui pompe l\u2019oxyg\u00e8ne de tout un pays , et lui donne des cauchemars suicidaires. En tous les cas, il est clair qu\u2019une partie des rouages est visible ,dans la fa\u00e7on de g\u00e9rer et d\u2019appauvrir sur tous les plans la grande\u00a0 majorit\u00e9 des tunisiens ,dans cette soci\u00e9t\u00e9s tunisienne dites \u00e9mergente.Les failles\u00a0 sont \u00e9normes dans le syst\u00e8me , l\u2019opposition pour une fois unie les a dr\u00f4lement accentu\u00e9es pendant le drame du bassin minier, et son lot habituel d&rsquo;injustices et de crimes, s\u2019arr\u00eater en si bon chemin , c\u2019est donner du caviar pour les porcs. La d\u00e9mocratie des partis\u00a0 , la presque , qui semble exister aujourd\u2019hui\u00a0 au sein des courants qui forment le bloc d\u00e9mocratique , doit absolument en ces temps d&rsquo;incertitude, pour avoir une grande chance de nous d\u00e9barrasser de ben Ali, devenir la D\u00e9mocratie du peuple\u00a0 tunisien.Exit cette d\u00e9mocratie branlante des notables , celles plus ou moins versatiles des partis , notre fid\u00e9lit\u00e9\u00a0 et notre vision d\u00e9mocratique , du moins \u00e0 cette \u00e9tape, ne doit \u00eatre fid\u00e8le qu\u2019au peuple tunisien , avec la d\u00e9mocratie du peuple,\u00a0 une volatilit\u00e9 nouvelle doit absolument appara\u00eetre pour p\u00e9renniser la cr\u00e9dibilit\u00e9 des revendications , et\u00a0 donner une autre dimension au bloc\u00a0 d\u00e9mocratique unifi\u00e9.<\/p>\n<p><\/span><\/span>\u00a0<\/div>\n<\/div>\n<p><\/font><\/p>\n<p align=\"center\" dir=\"ltr\">\u00a0<\/p>\n<p align=\"center\" dir=\"ltr\">\n<h4 style=\"color: blue;\"><font face=\"Arial\" size=\"2\"><strong><b><a href=\"http:\/\/www.tunisnews.net\/\"><font face=\"Arial\"><span><font size=\"2\">Home<\/font><\/span><font size=\"2\"><span lang=\"FR-CH\"> &#8211; Accueil <\/span><span>&#8211; <\/span><\/font><\/font><span dir=\"rtl\" lang=\"AR-SA\"><font size=\"2\">\u0627\u0644\u0631\u0626\u064a\u0633\u064a\u0629<\/font><\/span><\/a><\/b><\/strong><\/font><\/h4>\n<\/p>\n<p><\/body><\/body><\/html><\/p>\n","protected":false},"excerpt":{"rendered":"<p>Home &#8211; Accueil TUNISNEWS 8\u00a0\u00e8me ann\u00e9e, N\u00b0\u00a03170 du 26.01.2009 \u00a0archives :www.tunisnews.net\u00a0\u00a0 Collectif nantais de soutien aux Tunisiens de Redeyef : Conference de presse AFP: A Lampedusa, la br\u00e8ve mais spectaculaire r\u00e9volte de centaines de clandestins AFP: Lampedusa: situation calme dimanche apr\u00e8s l&rsquo;escapade massive de samedi (24 janvier) Le Temps Lundi: Emigration clandestine : Chronique d&rsquo;un [&hellip;]<\/p>\n","protected":false},"author":1,"featured_media":22040,"comment_status":"open","ping_status":"open","sticky":false,"template":"","format":"standard","meta":{"inline_featured_image":false,"site-sidebar-layout":"default","site-content-layout":"","ast-site-content-layout":"default","site-content-style":"default","site-sidebar-style":"default","ast-global-header-display":"","ast-banner-title-visibility":"","ast-main-header-display":"","ast-hfb-above-header-display":"","ast-hfb-below-header-display":"","ast-hfb-mobile-header-display":"","site-post-title":"","ast-breadcrumbs-content":"","ast-featured-img":"","footer-sml-layout":"","ast-disable-related-posts":"","theme-transparent-header-meta":"","adv-header-id-meta":"","stick-header-meta":"","header-above-stick-meta":"","header-main-stick-meta":"","header-below-stick-meta":"","astra-migrate-meta-layouts":"default","ast-page-background-enabled":"default","ast-page-background-meta":{"desktop":{"background-color":"","background-image":"","background-repeat":"repeat","background-position":"center center","background-size":"auto","background-attachment":"scroll","background-type":"","background-media":"","overlay-type":"","overlay-color":"","overlay-opacity":"","overlay-gradient":""},"tablet":{"background-color":"","background-image":"","background-repeat":"repeat","background-position":"center center","background-size":"auto","background-attachment":"scroll","background-type":"","background-media":"","overlay-type":"","overlay-color":"","overlay-opacity":"","overlay-gradient":""},"mobile":{"background-color":"","background-image":"","background-repeat":"repeat","background-position":"center center","background-size":"auto","background-attachment":"scroll","background-type":"","background-media":"","overlay-type":"","overlay-color":"","overlay-opacity":"","overlay-gradient":""}},"ast-content-background-meta":{"desktop":{"background-color":"var(--ast-global-color-5)","background-image":"","background-repeat":"repeat","background-position":"center center","background-size":"auto","background-attachment":"scroll","background-type":"","background-media":"","overlay-type":"","overlay-color":"","overlay-opacity":"","overlay-gradient":""},"tablet":{"background-color":"var(--ast-global-color-5)","background-image":"","background-repeat":"repeat","background-position":"center center","background-size":"auto","background-attachment":"scroll","background-type":"","background-media":"","overlay-type":"","overlay-color":"","overlay-opacity":"","overlay-gradient":""},"mobile":{"background-color":"var(--ast-global-color-5)","background-image":"","background-repeat":"repeat","background-position":"center center","background-size":"auto","background-attachment":"scroll","background-type":"","background-media":"","overlay-type":"","overlay-color":"","overlay-opacity":"","overlay-gradient":""}},"footnotes":""},"categories":[],"tags":[53,40,29],"class_list":["post-17072","post","type-post","status-publish","format-standard","has-post-thumbnail","hentry","tag-53","tag-40","tag-fr"],"_links":{"self":[{"href":"https:\/\/tunisnews.net\/ar\/wp-json\/wp\/v2\/posts\/17072","targetHints":{"allow":["GET"]}}],"collection":[{"href":"https:\/\/tunisnews.net\/ar\/wp-json\/wp\/v2\/posts"}],"about":[{"href":"https:\/\/tunisnews.net\/ar\/wp-json\/wp\/v2\/types\/post"}],"author":[{"embeddable":true,"href":"https:\/\/tunisnews.net\/ar\/wp-json\/wp\/v2\/users\/1"}],"replies":[{"embeddable":true,"href":"https:\/\/tunisnews.net\/ar\/wp-json\/wp\/v2\/comments?post=17072"}],"version-history":[{"count":0,"href":"https:\/\/tunisnews.net\/ar\/wp-json\/wp\/v2\/posts\/17072\/revisions"}],"wp:featuredmedia":[{"embeddable":true,"href":"https:\/\/tunisnews.net\/ar\/wp-json\/wp\/v2\/media\/22040"}],"wp:attachment":[{"href":"https:\/\/tunisnews.net\/ar\/wp-json\/wp\/v2\/media?parent=17072"}],"wp:term":[{"taxonomy":"category","embeddable":true,"href":"https:\/\/tunisnews.net\/ar\/wp-json\/wp\/v2\/categories?post=17072"},{"taxonomy":"post_tag","embeddable":true,"href":"https:\/\/tunisnews.net\/ar\/wp-json\/wp\/v2\/tags?post=17072"}],"curies":[{"name":"wp","href":"https:\/\/api.w.org\/{rel}","templated":true}]}}