{"id":17055,"date":"2008-01-24T00:00:00","date_gmt":"2008-01-24T00:00:00","guid":{"rendered":"https:\/\/tunisnews.net\/24-janvier-2008\/"},"modified":"2008-01-24T00:00:00","modified_gmt":"2008-01-24T00:00:00","slug":"24-janvier-2008","status":"publish","type":"post","link":"https:\/\/tunisnews.net\/ar\/24-janvier-2008\/","title":{"rendered":"24 janvier 2008"},"content":{"rendered":"<p><html><head><meta content=\"text\/html\" description=\"        La cinqui\u00e8me chambre criminelle du Tribunal de Premi\u00e8re Instance de \n        Tunis, pr\u00e9sid\u00e9e par le juge Touhami Elhafi, a examin\u00e9 aujourd\u2019hui, jeudi \n        24 janvier 2008, l\u2019affaire n\u00b014661 dans laquelle sont d\u00e9f\u00e9r\u00e9s Mourad \n        Abdessalam, Mohammed Dhifallah, Aymen Limam, Sofiane Ben Romdhane, \n        accus\u00e9s d\u2019adh\u00e9sion sur le territoire de la R\u00e9publique \u00e0 une entente \n        ayant fait du terrorisme un moyen de r\u00e9aliser ses objectifs, d\u2019appel \u00e0 \n        adh\u00e9rer \u00e0 une organisation terroriste, de fourniture d\u2019armes, \n        d\u2019explosifs, de munitions et autres mati\u00e8res, mat\u00e9riels et \u00e9quipements \n        de m\u00eame nature \u00e0 une organisation terroriste, ainsi que d\u2019informations \u00e0 \n        une organisation terroriste. La commission de la d\u00e9fense \u00e9tait compos\u00e9e \n        de Ma\u00eetres Abdelfattah Mourou, Samir Ben Amor, Abderraouf Ayadi et \n        Radhia Nasraoui. [\u2026]\" http-equiv=\"Content-Type\"\/><\/head><body><body><\/p>\n<p align=\"center\" dir=\"ltr\"><b><a href=\"http:\/\/www.tunisnews.net\"><span>Home<\/span><span lang=\"FR-CH\"> &#8211; Accueil <\/span><span>&#8211;<\/span><\/a><\/b><\/p>\n<div> <font face=\"Arial\" size=\"2\"> <span lang=\"FR\"> <font size=\"3\"> <span lang=\"FR-CH\"> <font><span lang=\"FR\"> <\/p>\n<div> <font> <\/p>\n<div> <font face=\"Arial\" size=\"2\">  <span lang=\"FR\"> <\/p>\n<div align=\"center\" dir=\"ltr\"> <font size=\"7\"><font face=\"Arial\"> <span lang=\"SV\"> <strong>TUNISNEWS<\/strong><\/span> <\/font><\/font> <\/div>\n<div align=\"center\" dir=\"ltr\"> <strong><font size=\"2\"><font face=\"Arial\">8\u00a0\u00e8me\u00a0ann\u00e9e,           N\u00b0 \u00a02801 du 24.01.2008<\/font><\/font><\/strong><\/div>\n<p> <strong> <\/p>\n<div align=\"center\" dir=\"ltr\"> <b><span><blink> <font face=\"Arial\" size=\"2\">\u00a0archives : <\/font> <a href=\"\" target=\"_blank\" rel=\"noopener\"> <font face=\"Arial\" size=\"2\" target=\"_blank\">          www.tunisnews.net<\/font><\/a><\/blink><\/span><\/b><font face=\"Arial\" size=\"2\"> <\/font> <span lang=\"FR-CH\"> <span lang=\"FR\"> <span dir=\"rtl\" lang=\"FR\"> <span lang=\"FR-CH\"><font><font> <font><font> <\/font><\/font><\/font><\/font><\/span><\/span><\/span><\/span><\/div>\n<p> <\/strong><\/span><\/font> <\/p>\n<div align=\"center\" dir=\"ltr\"> <strong><font face=\"Arial\"><\/p>\n<hr\/>\n<p><\/font><\/strong> <\/div>\n<p> <span lang=\"FR\"> <font size=\"3\"> <span lang=\"FR-CH\"> <\/p>\n<div> <span lang=\"FR-CH\"><strong>          AISPP: Un an avec sursis pour \u00ab non signalement \u00bb           <font>AISPP: Nous sommes tous responsables !<\/font>           AISPP: Lib\u00e9ration d\u2019Ali Zouaghi           <font>AISPP: Lib\u00e9ration de prisonniers d\u00e9tenus en           vertu de la loi \u00ab antiterroriste \u00bb<\/font>           Libert\u00e9 et Equit\u00e9: Communiqu\u00e9           <font>L\u2019Ambassade des Etats-Unis: Programme des           Subventions Locales de MEPI &#8211; Soutenir la Soci\u00e9t\u00e9 Civile Tunisienne &#8211;           Appel a Candidature<\/font>           AFP: Tunisie: un opposant emprisonn\u00e9 en gr\u00e8ve de la faim, les           autorit\u00e9s d\u00e9mentent           <font>Abdo Maalaoui: S.O.S un m\u00e9ga arnaque financi\u00e8re           et blanchissement d\u2019argent sale italien \u00e0 Sejnane (Bizerte)<\/font>            Le Temps:M. Charles Milhaud\u00a0 \u00ab Nous avons l&rsquo;ambition d&rsquo;\u00eatre un acteur           engag\u00e9 dans le d\u00e9veloppement du pays \u00bb           <font>Reuters: Le Hamas montre l&rsquo;incapacit\u00e9 d&rsquo;Isra\u00ebl \u00e0           dompter Gaza<\/font>           AFP: Message cod\u00e9 contre la junte birmane dans un po\u00e8me d&rsquo;amour<\/strong><\/span><\/div>\n<p> <\/span><\/font><\/span><\/div>\n<div>\n<hr\/><\/div>\n<div align=\"center\"> <font face=\"Arial\" size=\"2\">Libert\u00e9 pour tous les prisonniers politiques         Libert\u00e9 pour Abdallah Zouari, le journaliste exil\u00e9 dans son propre pays                  <strong><font>Association Internationale de Soutien aux         prisonniers politiques<\/font><\/strong>         43 rue Eldjazira, tunis         e-mail : aispptunisie@yahoo.fr                  Tunis, le 24 janvier 2008                  <strong><\/p>\n<h2 style=\"color: red;\"><font size=\"3\">Un an avec sursis pour \u00ab non         signalement \u00bb<\/font><\/h2>\n<p><\/strong><\/font><\/div>\n<div align=\"justify\">        \u00a0<\/div>\n<div align=\"justify\">        La cinqui\u00e8me chambre criminelle du Tribunal de Premi\u00e8re Instance de         Tunis, pr\u00e9sid\u00e9e par le juge Touhami Elhafi, a examin\u00e9 aujourd\u2019hui, jeudi         24 janvier 2008, l\u2019affaire n\u00b014661 dans laquelle sont d\u00e9f\u00e9r\u00e9s Mourad         Abdessalam, Mohammed Dhifallah, Aymen Limam, Sofiane Ben Romdhane,         accus\u00e9s d\u2019adh\u00e9sion sur le territoire de la R\u00e9publique \u00e0 une entente         ayant fait du terrorisme un moyen de r\u00e9aliser ses objectifs, d\u2019appel \u00e0         adh\u00e9rer \u00e0 une organisation terroriste, de fourniture d\u2019armes,         d\u2019explosifs, de munitions et autres mati\u00e8res, mat\u00e9riels et \u00e9quipements         de m\u00eame nature \u00e0 une organisation terroriste, ainsi que d\u2019informations \u00e0         une organisation terroriste. La commission de la d\u00e9fense \u00e9tait compos\u00e9e         de Ma\u00eetres Abdelfattah Mourou, Samir Ben Amor, Abderraouf Ayadi et         Radhia Nasraoui. [\u2026]                  La deuxi\u00e8me chambre criminelle du Tribunal de Premi\u00e8re Instance de         Tunis, pr\u00e9sid\u00e9e par le juge Abderrazak Ben Mena, a examin\u00e9 aujourd\u2019hui         jeudi 24 janvier 2008, l\u2019affaire n\u00b014659 dans laquelle sont d\u00e9f\u00e9r\u00e9s         Houssine Khlifi, Anouar Mselmani, Abdallah Hamrouni et Slim Ben Youssef         en vertu de la loi du 10 d\u00e9cembre 2003 \u00ab anti terroriste \u00bb. [\u2026]                  La huiti\u00e8me chambre criminelle du Tribunal de Premi\u00e8re Instance de         Tunis, pr\u00e9sid\u00e9e par le juge Mohammed Ali Chouikha, a rendu son jugement         tard dans la soir\u00e9e d\u2019hier, mercredi 23 janvier 2008, condamnant dans         l\u2019affaire 296 \u00e0 un an avec sursis Mekki Hilal et Lazhar Hilali.                  Pour la commission de suivi des proc\u00e8s         Le secr\u00e9taire g\u00e9n\u00e9ral de l\u2019Association         <strong><font>Ma\u00eetre Samir Dilou<\/font><\/strong> <font>(traduction d\u2019extraits ni revue ni corrig\u00e9e par         les auteurs de la version en arabe, LT)<\/font><\/div>\n<div align=\"justify\">\n<hr\/><\/div>\n<div align=\"center\">        Libert\u00e9 pour tous les prisonniers politiques         Libert\u00e9 pour Abdallah Zouari, le journaliste exil\u00e9 dans son propre pays                  <strong><font>Association Internationale de Soutien aux         prisonniers politiques<\/font><\/strong>         43 rue Eldjazira, tunis         e-mail : aispptunisie@yahoo.fr                  Tunis, le 24 janvier 2008                  <strong><\/p>\n<h2 style=\"color: red;\"><font size=\"3\">Nous sommes tous responsables !<\/font><\/h2>\n<p><\/strong><\/div>\n<div align=\"justify\">        \u00a0<\/div>\n<div align=\"justify\">        Mongi Ayari affronte toujours la maladie avec courage et patience. Il a         quitt\u00e9 le service de chirurgie de l\u2019h\u00f4pital Charles Nicolle dans l\u2019apr\u00e8s         midi du jeudi 24 janvier. Il y avait \u00e9t\u00e9 admis mardi 22 janvier \u00e0 la         suite d\u2019une thrombose des membres du c\u00f4t\u00e9 droit ayant entra\u00een\u00e9         gonflements et bleus; [\u2026]         Pour l\u2019association         Le pr\u00e9sident         <strong><font>Ma\u00eetre Sa\u00efda Akrami<\/font><\/strong> <font>(traduction d\u2019extraits ni revue ni corrig\u00e9e par         les auteurs de la version en arabe, LT)<\/font>          \u00a0<\/div>\n<div align=\"justify\">\n<hr\/><\/div>\n<div align=\"center\">                          Libert\u00e9 pour Slim Boukhdir, la plume libre         <strong><font>Libert\u00e9 et Equit\u00e9<\/font><\/strong>                  URGENT : sauvez la vie de l\u2019ex-prisonnier Monji Ayari                  33 rue Mokhtar Atya, 1001 Tunis         Tel\/fax: 71 340 860         Email : Liberte_\u00e9quite@yahoo.fr                  Tunis, le 22 janvier 2008                  <strong><font size=\"3\">Communiqu\u00e9<\/font><\/strong><\/div>\n<div align=\"justify\">        \u00a0<\/div>\n<div align=\"justify\">        Mardi 22 janvier 2008 dans la matin\u00e9e l\u2019ex prisonnier politique Ali         Zouaghi a \u00e9t\u00e9 arr\u00eat\u00e9 alors qu\u2019il s\u2019\u00e9tait pr\u00e9sent\u00e9 au poste de police de         la cit\u00e9 Zouhour apr\u00e8s y avoir \u00e9t\u00e9 convoqu\u00e9, au pr\u00e9texte de l\u2019\u00e9mission         d\u2019un mandat de recherche pris contre lui au d\u00e9but des ann\u00e9es 90. Il a         \u00e9t\u00e9 inform\u00e9 qu\u2019il \u00e9tait en garde \u00e0 vue sous la responsabilit\u00e9 du         district de Gorjani. A l\u2019heure o\u00f9 nous \u00e9crivons ces lignes, sa famille         ne sait pas ce qui lui est arriv\u00e9 ni o\u00f9 il se trouve. Ali Zouaghi, un         dirigeant du mouvement En Nahdha, a \u00e9t\u00e9 condamn\u00e9 en 1991 par le tribunal         militaire \u00e0 une peine d\u2019emprisonnement de plus de vingt ans, dont il a         effectu\u00e9 dix-sept avant d\u2019\u00eatre lib\u00e9r\u00e9 \u00e0 titre conditionnel le 24 juillet         2007.         [\u2026]         Pour le bureau ex\u00e9cutif de l\u2019organisation         <strong><font>Ma\u00eetre Mohammed Nouri<\/font><\/strong> <font>(traduction d\u2019extraits ni revue ni corrig\u00e9e par         les auteurs de la version en arabe, LT)<\/font><\/div>\n<div align=\"justify\">\n<hr\/><\/div>\n<div align=\"center\">        Libert\u00e9 pour tous les prisonniers politiques         Libert\u00e9 pour Abdallah Zouari, le journaliste exil\u00e9 dans son propre pays                  <strong><font>Association Internationale de Soutien aux         prisonniers politiques<\/font><\/strong>         43 rue Eldjazira, tunis         e-mail : aispptunisie@yahoo.fr                  Tunis, le 23 janvier 2008                  <strong><\/p>\n<h2 style=\"color: red;\"><font size=\"3\">Lib\u00e9ration d\u2019Ali Zouaghi<\/font><\/h2>\n<p><\/strong><\/div>\n<div align=\"justify\">        \u00a0<\/div>\n<div align=\"justify\">        Le procureur de la R\u00e9publique du tribunal de premi\u00e8re instance de Tunis         a d\u00e9cid\u00e9 de remettre en libert\u00e9 l\u2019ex prisonnier politique Ali Zouaghi,         apr\u00e8s qu\u2019il lui ait \u00e9t\u00e9 pr\u00e9sent\u00e9 ce matin. Il avait \u00e9t\u00e9 arr\u00eat\u00e9 hier         matin, lundi 22 janvier 2008, alors qu\u2019il \u00e9tait convoqu\u00e9 au poste de         police d\u2019Hara\u00efria, au pr\u00e9texte d\u2019un mandat de recherche dans une affaire         le concernant. Bien qu\u2019il ait montr\u00e9 sa carte de sortie de prison,         attestant qu\u2019il avait effectu\u00e9 une peine dans l\u2019affaire n\u00b018377         prononc\u00e9e en 1994 par la chambre criminelle de la Cour d\u2019Appel de Tunis,         il avait \u00e9t\u00e9 gard\u00e9 \u00e0 vue au district de Gorjani, de sinistre r\u00e9putation,         o\u00f9 il affirme avoir \u00e9t\u00e9 maltrait\u00e9, et d\u00e9tenu dans des conditions         inhumaines; [\u2026]         Pour la commission de suivi des personnes lib\u00e9r\u00e9es         Le vice Pr\u00e9sident de l\u2019Association         <strong><font>Ma\u00eetre Abdelwahab Maatar<\/font><\/strong> <font>(traduction d\u2019extraits ni revue ni corrig\u00e9e par         les auteurs de la version en arabe, LT)<\/font> \u00a0<\/div>\n<div align=\"justify\">\n<hr\/><\/div>\n<div align=\"center\">                          \u00a0         Libert\u00e9 pour Slim Boukhdir, la plume libre                  <strong><\/p>\n<h2 style=\"color: red;\"><font>Libert\u00e9 et Equit\u00e9<\/font><\/h2>\n<p><\/strong>                  URGENT : sauvez la vie de l\u2019ex-prisonnier Monji Ayari                  33 rue Mokhtar Atya, 1001 Tunis         Tel\/fax: 71 340 860         Email : Liberte_\u00e9quite@yahoo.fr                  Tunis, le 23 janvier 2008<\/div>\n<div align=\"justify\">                 Vendredi 11 janvier 2008, Ka\u00efs Ben Hassen Mehiri (26 ans), ouvrier dans         un chantier, demeurant \u00e0 Hammam Sousse dans le gouvernorat de Sousse, a         \u00e9t\u00e9 arr\u00eat\u00e9 et emmen\u00e9 vers une direction inconnue. Son avocat, ma\u00eetre         Habib Chelbi, a envoy\u00e9 un t\u00e9l\u00e9gramme au ministre de l\u2019Int\u00e9rieur et au         secr\u00e9taire d\u2019Etat \u00e0 la S\u00e9curit\u00e9 Nationale ainsi qu\u2019aux procureurs pr\u00e8s         des tribunaux de premi\u00e8re instance de Sousse et Tunis.         [\u2026]         Pour le bureau ex\u00e9cutif de l\u2019Organisation         <strong><font>Ma\u00eetre Mohammed Nouri<\/font><\/strong> <font>(traduction d\u2019extraits ni revue ni corrig\u00e9e par         les auteurs de la version en arabe, LT)<\/font><\/div>\n<div align=\"justify\">\n<hr\/><\/div>\n<div align=\"center\">        Libert\u00e9 pour tous les prisonniers politiques         Libert\u00e9 pour Abdallah Zouari, le journaliste exil\u00e9 dans son propre pays                  <strong><font>Association Internationale de Soutien aux         prisonniers politiques<\/font><\/strong>         43 rue Eldjazira, tunis         e-mail : aispptunisie@yahoo.fr                  Tunis, le 23 janvier 2008                  <strong><\/p>\n<h2 style=\"color: red;\"><font size=\"3\">Lib\u00e9ration de prisonniers d\u00e9tenus         en vertu de la loi \u00ab antiterroriste \u00bb<\/font><\/h2>\n<p><\/strong><\/div>\n<div align=\"justify\">        \u00a0<\/div>\n<div align=\"justify\">        Le sixi\u00e8me juge d\u2019instruction du tribunal de premi\u00e8re instance de Tunis         a remis en libert\u00e9 Mekki Mzah, Ahmed Alej (d\u00e9tenus dans l\u2019affaire 9511),         Hassam Lakhal, Dhaker Zokrani, Sami Mrog, Mohammed Ali Harbach et Yahya         Chenini (d\u00e9tenus dans l\u2019affaire 11066), Hamza Sfaxi (d\u00e9tenu dans         l\u2019affaire 10121) et Nacir Mamlouk.         La chambre d\u2019accusation pr\u00e8s de la Cour d\u2019Appel de Tunis a remis en         libert\u00e9 Rjeb Mediouni, Oualid Bennour, Oussama Bennour, Anouar Ferjani         et Abdellatif Chenini.          Ils ont quitt\u00e9 la prison de Mornaguia tard dans la soir\u00e9e hier et ce         matin. L\u2019association fait le point avec les familles des d\u00e9tenus pour         v\u00e9rifier s\u2019il y a d\u2019autres noms \u00e0 rajouter \u00e0 cette liste.                  La Cour d\u2019Appel commue une peine de cinq ans en une peine de \u2026 deux ans         avec sursis !                  La vingt-septi\u00e8me chambre criminelle de la Cour d\u2019Appel de Tunis,         pr\u00e9sid\u00e9e par le juge Mannoubi Hamidane a rendu tard dans la soir\u00e9e hier         22 janvier 2008 son jugement dans         * l\u2019affaire n\u00b010175, condamnant Lotfi El May \u00e0 une peine de deux ans         avec sursis. Il avait \u00e9t\u00e9 condamn\u00e9 \u00e0 une peine de cinq ans en premi\u00e8re         instance [\u2026]         * la huiti\u00e8me chambre criminelle du Tribunal de Premi\u00e8re instance de         Tunis, pr\u00e9sid\u00e9e par le juge Mohammed Ali Chouikha, a examin\u00e9 l\u2019affaire         n\u00b0296 dans laquelle sont d\u00e9f\u00e9r\u00e9s Mekki Hilal et Lazhar Hilali. Pour leur         d\u00e9fense Ma\u00eetres Ouahid Aouled Ali et Samir Ben Amor se sont pr\u00e9sent\u00e9s,         et \u00e0 l\u2019issue des plaidoiries, le juge a d\u00e9cid\u00e9 de prononcer le jugement.                  Poursuite de la campagne contre les syndicalistes estudiantins                  La chambre criminelle du Tribunal de Premi\u00e8re Instance de Bizerte a         rendu son jugement hier mardi 22 janvier dans l\u2019affaire 8736, condamnant         \u00e0 l\u2019emprisonnement l\u2019\u00e9tudiant Rabi\u2019i Ouerghi \u00e0 une peine de mois et         seize jours [\u2026] La d\u00e9fense \u00e9tait compos\u00e9e de Anouar Kousri, Afef         Bourouina et Fa\u00ef\u00e7al Jadlaoui [\u2026]                  Pour la commission de suivi des proc\u00e8s         Le secr\u00e9taire g\u00e9n\u00e9ral de l\u2019association         <strong><font>Ma\u00eetre Samir Dilou<\/font><\/strong> <font>(traduction d\u2019extraits ni revue ni corrig\u00e9e par         les auteurs de la version en arabe, LT)<\/font> <\/div>\n<p> <\/font> <\/p>\n<div>\n<hr\/><\/div>\n<div>        \u00a0<\/div>\n<div>\n<p><font face=\"Arial\" size=\"2\"> <\/p>\n<p align=\"center\">        \u00a0<\/p>\n<p align=\"center\"> <font><strong>Programme des Subventions Locales de MEPI         &#8211; <\/strong><\/font><\/p>\n<p align=\"center\"> <font><strong>Soutenir la Soci\u00e9t\u00e9 Civile Tunisienne<\/strong><\/font><span lang=\"FR\">\u00a0<\/span><\/p>\n<p align=\"center\"> <strong><font size=\"3\">Appel a Candidature<\/font><\/strong><\/p>\n<p align=\"center\">        \u00a0<\/p>\n<p> <span lang=\"FR\"> <font>\u00a0L\u2019Ambassade des Etats-Unis d\u2019Amerique a le         plaisir d\u2019annoncer l\u2019ouverture du programme de subventions locales g\u00e9r\u00e9         par l\u2019Initiative de Partenariat avec le Moyen-Orient (MEPI)\u00a0; ce         programme repr\u00e9sente un soutien fourni par le Gouvernement des         Etats-Unis d\u2019Am\u00e9rique \u00e0 la soci\u00e9t\u00e9 civile tunisienne \u2013 dont notamment         les organisations non gouvernementales, les universit\u00e9s, les         organisations professionnelles, les groupes de femmes et de jeunes.        <\/font><\/span><\/p>\n<p> <span lang=\"FR\"> <font>\u00a0<\/font><\/span><\/p>\n<p> <span lang=\"FR\"> <font>Les subventions sont destin\u00e9es \u00e0 soutenir des         projets visant \u00e0 promouvoir la participation politique, \u00e0 augmenter les         investissements, \u00e0 consolider l\u2019esprit d\u2019entreprise et la transparence,         \u00e0 am\u00e9liorer la qualit\u00e9 de l\u2019education et \u00e0 renforcer le r\u00f4le de la femme         dans la soci\u00e9t\u00e9. Les candidats doivent soumettre la description de leurs         projets sur une seule page, indiquant les r\u00e9sultats escompt\u00e9s, le budget         pr\u00e9vu ainsi que le calendrier des activit\u00e9s. Les propositions peuvent         \u00eatre d\u00e9pos\u00e9es \u00e0 partir d\u2019aujourd\u2019hui.<\/font><\/span><\/p>\n<p> <span lang=\"FR\"> <font>\u00a0<\/font><\/span><\/p>\n<p> <span lang=\"FR\"> <font>Lanc\u00e9e en 2002, MEPI a consacr\u00e9 plus de 430         millions de dollars \u00e0 quelques 350 projets dans 17 pays et territoires         de la r\u00e9gion afin d\u2019aider \u00e0 soutenir la progression de la d\u00e9mocratie, la         croissance \u00e9conomique, l\u2019acc\u00e8s \u00e0 une meilleure \u00e9ducation ainsi que le         renforcement du r\u00f4le des femmes.<\/font><\/span><\/p>\n<p> <span lang=\"FR\"> <font>\u00a0<\/font><\/span><\/p>\n<p> <span lang=\"FR\"> <font>\u00a0<\/font><\/span><\/p>\n<p> <strong><font>Les subventions locales de MEPI en Tunisie<\/font><\/strong><\/p>\n<p> <span lang=\"FR\"> <font>\u00a0<\/font><\/span><\/p>\n<p> <span lang=\"FR\"> <font>Les subventions locales de MEPI constituent des         r\u00e9ponses uniques, appropri\u00e9es et efficaces aux demandes formul\u00e9es par         les entit\u00e9s locales. Cette ann\u00e9e, MEPI compte allouer 3 millions de         dollars pour financer le programme des subventions locales \u00e0 travers les         pays du Moyen-Orient et d\u2019Afrique du Nord. Le montant des subventions         individuelles varie g\u00e9n\u00e9ralement entre 15.000 et 25.000 dollars pour des         projets \u00e9tal\u00e9s sur une ann\u00e9e. <\/font><\/span><\/p>\n<p> <span lang=\"FR\"> <font>\u00a0<\/font><\/span><\/p>\n<p> <span lang=\"FR\"> <font>En Tunisie, MEPI a collabor\u00e9 avec de nombreuses         organisations locales, notamment la Chambre de Commerce         Tuniso-Am\u00e9ricaine (TACC), qui a organis\u00e9 une conf\u00e9rence r\u00e9gionale sur le         libre \u00e9change et travaille \u00e0 promouvoir les accords de libre \u00e9change         avec les Etats-Unis\u00a0; une autre subventiona permis \u00e0 la Jeune Chambre         Internationale (JCI) de renforcer les comp\u00e9tences des femmes rurales et         ainsi engendrer le changement positif dans leurs communaut\u00e9e sah\u00e9lienne         du Gouvernorat de Monastir en dispensant une formation sur les         techniques de commercialisation, de comptabilit\u00e9 et de gestion\u00a0; de         m\u00eame, l\u2019Institut de Presse et des Sciences de l\u2019Information (IPSI) a         fait bon usage d\u2019une subvention de MEPI pour cr\u00e9\u00e9r un journal pour         \u00e9tudiants \u00e0 l\u2019Institut de Presse.<\/font><\/span><\/p>\n<p> <span lang=\"FR\"> <font>\u00a0<\/font><\/span><\/p>\n<p> <span lang=\"FR\"> <font>On peut aussi citer quelques exemples de         subventions locales accord\u00e9es l\u2019ann\u00e9e derni\u00e8re dans d\u2019autres pays de la         r\u00e9gion, et notamment, le financement accord\u00e9 \u00e0 une organisation         marocaine pour mener des \u00e9tudes d\u2019\u00e9valuation de l\u2019opinion publique sur         les conditions sociales, \u00e9conomiques et politiques du pays\u00a0; \u00e0 une ONG         libanaise pour publier un manuel destin\u00e9 \u00e0 sensibiliser le public aux         verdicts courageux \u00e9nonc\u00e9s par des juges libanais\u00a0; et enfin, \u00e0 un         groupe \u00e9gyptien qui a utilis\u00e9 une subvention locale pour r\u00e9v\u00e9ler la         corruption et les fraudes commises par de grands groupes commerciaux.<\/font><\/span><\/p>\n<p>\u00a0<\/p>\n<p> <span lang=\"FR\"> <font>\u00a0<\/font><\/span><\/p>\n<p> <span lang=\"FR\"> <font>Renseignements compl\u00e9mentaires <\/font><\/span><\/p>\n<p> <span lang=\"FR\"> <font>\u00a0<\/font><\/span><\/p>\n<p> <span lang=\"FR\"> <font>Pour plus d\u2019informations concernant le programme         de subventions locales de MEPI, consulter le site web du Bureau R\u00e9gional         du MEPI \u00e0 l\u2019adresse suivante\u00a0: <\/font><span> <a href=\"http:\/\/www.medregion.mepi.state.gov\/\" target=\"_blank\" rel=\"noopener\">        http:\/\/www.medregion.mepi.state.gov<\/a><\/span><font>.         Pour soumettre votre proposition, veuillez contacter Ms. Prakah Dickey         au 71.107.406 ou \u00e0 l\u2019adresse suivante\u00a0: <\/font> <span> <a href=\"http:\/\/fr.f265.mail.yahoo.com\/ym\/Compose?To=Dickeyp@state.gov\" target=\"_blank\" rel=\"noopener\">        Dickeyp@state.gov<\/a><\/span><font>. <\/font><\/span><\/p>\n<p> <span lang=\"FR\">        \u00a0<\/span><\/p>\n<p>\u00a0<\/p>\n<p> <span>        &#8212;&#8212;&#8212;&#8212;&#8212;&#8212;&#8212;&#8212;&#8212;&#8212;&#8212;&#8212;&#8212;&#8212;&#8212;&#8212;&#8212;&#8212;&#8212;&#8212;&#8212;&#8212;&#8211;<\/span><\/p>\n<p> <strong><font>\u0648\u062d\u064a\u062f \u0627\u0644\u0639\u0628\u064a\u062f\u064a\u00a0 <\/font>Wahid LABIDI<span dir=\"rtl\"> <\/span><\/strong><\/p>\n<p> <span>Political<\/span><span dir=\"rtl\" lang=\"AR-SA\">         &amp; <\/span><span>        Economic Specialist<\/span><\/p>\n<p> <span>Middle         East Partnership Initiative (MEPI)\/ Regional Office.<\/span><span dir=\"rtl\"> <\/span><\/p>\n<p> <span lang=\"EN-GB\">        US<\/span><span dir=\"rtl\" lang=\"EN-GB\"> <\/span> <span lang=\"EN-GB\">        EMBASSY TUNIS, TUNISIA<\/span><\/p>\n<p> <span lang=\"FR\">        Tel: +216- 71 107 120<\/span><\/p>\n<p> <span lang=\"FR\">        Fax: +216- 71 107 436<\/span><\/p>\n<p> <span lang=\"FR\">        Mobile: +216 98 434 970<\/span><\/p>\n<p> <span lang=\"EN-GB\"> <a href=\"http:\/\/www.medregion.mepi.state.gov\/\" target=\"_blank\" rel=\"noopener\">        www.medregion.mepi.state.gov<\/a><\/span><\/p>\n<p><\/font><\/p>\n<\/div>\n<div>\n<hr\/><\/div>\n<p><font face=\"Arial\" size=\"2\"> <\/p>\n<p align=\"center\"> <font size=\"3\"><strong>Tunisie: un opposant emprisonn\u00e9 en gr\u00e8ve de la       faim, les<span dir=\"rtl\"> <\/span>autorit\u00e9s d\u00e9mentent<\/strong><\/font><\/p>\n<p> <span lang=\"FR\"> <font>\u00a0<\/font><\/span><\/p>\n<p> <font> <span lang=\"FR-CH\">AFP, le 23       janvier 2008 \u00e0 <\/span> <span dir=\"rtl\" lang=\"AR-SA\">      19<\/span><span lang=\"FR\">h<\/span><span dir=\"rtl\" lang=\"AR-SA\">57<\/span><\/font><\/p>\n<p> <span dir=\"rtl\" lang=\"AR-SA\"> <font>\u00a0<\/font><\/span><\/p>\n<p> <font> <span lang=\"FR\">TUNIS, 23 jan       2008 (AFP) &#8211; Un opposant et ancien candidat \u00e0 l&rsquo;\u00e9lection pr\u00e9sidentielle en       Tunisie, emprisonn\u00e9 depuis 2003<\/span><span dir=\"rtl\" lang=\"AR-SA\">,<\/span><span lang=\"AR-SA\"> <\/span><span lang=\"FR\">      Aderrahmane Tlili, a entam\u00e9 une gr\u00e8ve de la faim \u00ab\u00a0illimit\u00e9e\u00a0\u00bb pour<\/span><\/font><\/p>\n<p> <font> <span lang=\"FR\">d\u00e9noncer ses       conditions de d\u00e9tention, selon un communiqu\u00e9 transmis mercredi \u00e0 l&rsquo;AFP par       sa famille<\/span><span dir=\"rtl\" lang=\"AR-SA\">       .<\/span><\/font><\/p>\n<p> <span dir=\"rtl\" lang=\"AR-SA\"> <font>\u00a0<\/font><\/span><\/p>\n<p> <font> <span lang=\"FR\">Abderrahmane       Tlili, 63 ans, fondateur de l&rsquo;Union d\u00e9mocratique unioniste (l\u00e9gale) a       commenc\u00e9 le 16 janvier \u00ab\u00a0une gr\u00e8ve de la faim illimit\u00e9e\u00a0\u00bb selon ce qu&rsquo;il a       d\u00e9clar\u00e9 aux membres de sa famille qui lui ont rendu visite \u00e0 la prison de       Mornaguia (pr\u00e8s de Tunis<\/span><span dir=\"rtl\" lang=\"AR-SA\">).<\/span><\/font><\/p>\n<p> <span lang=\"FR\"> <font>\u00a0<\/font><\/span><\/p>\n<p> <font> <span lang=\"FR\">Le d\u00e9tenu, qui       a \u00e9t\u00e9 condamn\u00e9 pour abus de pouvoir et profit illicite alors qu&rsquo;il \u00e9tait       Pdg de l&rsquo;Aviation civile et des A\u00e9roports, entend protester contre \u00ab\u00a0les       atteintes constantes \u00e0 ses droits de d\u00e9tenu\u00a0\u00bb et \u00ab\u00a0les mauvais traitements       inflig\u00e9s en g\u00e9n\u00e9ral aux prisonniers politiques\u00a0\u00bb, ajoute le communiqu\u00e9<\/span><span dir=\"rtl\" lang=\"AR-SA\">.<\/span><\/font><\/p>\n<p> <span dir=\"rtl\" lang=\"AR-SA\"> <font>\u00a0<\/font><\/span><\/p>\n<p> <font> <span lang=\"FR\">Selon la m\u00eame       source, M. Tlili estime qu&rsquo;il a \u00e9t\u00e9 jug\u00e9 lors d&rsquo;un proc\u00e8s fictif\u00a0\u00bb visant \u00e0       \u00ab\u00a0l&rsquo;\u00e9liminer de la sc\u00e8ne politique\u00a0\u00bb et veut protester contre \u00ab\u00a0les       violations permanentes des libert\u00e9s\u00a0\u00bb en<\/span><\/font><\/p>\n<p> <font> <span lang=\"FR\">Tunisie<\/span><span dir=\"rtl\" lang=\"AR-SA\">.<\/span><\/font><\/p>\n<p> <span dir=\"rtl\" lang=\"AR-SA\"> <font>\u00a0<\/font><\/span><\/p>\n<p> <font> <span lang=\"FR\">Le communiqu\u00e9       annonce la cr\u00e9ation d&rsquo;un \u00ab\u00a0comit\u00e9 international de solidarit\u00e9\u00a0\u00bb avec       Abderrahmane Tlili et sa m\u00e8re octog\u00e9naire a exprim\u00e9 par t\u00e9l\u00e9phone \u00e0 l&rsquo;AFP       le souhait de voir son fils lib\u00e9r\u00e9 apr\u00e8s quatre ans d&rsquo;incarc\u00e9ration dans       des conditions physiques et carc\u00e9rales \u00ab\u00a0p\u00e9nibles<\/span><span dir=\"rtl\" lang=\"AR-SA\">\u00ab\u00a0.<\/span><\/font><\/p>\n<p> <span dir=\"rtl\" lang=\"AR-SA\"> <font>\u00a0<\/font><\/span><\/p>\n<p> <font> <span lang=\"FR\">Ce d\u00e9tenu       souffrant de diab\u00e8te avait annonc\u00e9 en juillet 2006 \u00a0\u00bbune gr\u00e8ve de la faim       illimit\u00e9e\u00a0\u00bb, en protestation contre la privation de soins m\u00e9dicaux<\/span><span dir=\"rtl\" lang=\"AR-SA\">.<\/span><\/font><\/p>\n<p> <span dir=\"rtl\" lang=\"AR-SA\"> <font>\u00a0<\/font><\/span><\/p>\n<p> <font> <span lang=\"FR\">Les autorit\u00e9s       tunisiennes ont d\u00e9menti que M. Tlili soit en gr\u00e8ve de la faim<\/span><span dir=\"rtl\" lang=\"AR-SA\">.<\/span><\/font><\/p>\n<p> <span dir=\"rtl\" lang=\"AR-SA\"> <font>\u00a0<\/font><\/span><\/p>\n<p> <font> <span dir=\"rtl\" lang=\"AR-SA\">\u00ab\u00a0<\/span><span lang=\"FR\">Abderrahmane       Tlili n&rsquo;est pas en gr\u00e8ve de la faim. Il continue de recevoir des aliments       de la part de sa famille, en plus des repas qui lui sont servis trois fois       par jour\u00a0\u00bb par la prison, a indiqu\u00e9 une source du minist\u00e8re de la Justice<\/span><span dir=\"rtl\" lang=\"AR-SA\">.<\/span><\/font><\/p>\n<p> <span dir=\"rtl\" lang=\"AR-SA\"> <font>\u00a0<\/font><\/span><\/p>\n<p> <font> <span lang=\"FR\">Pour le       minist\u00e8re, il s&rsquo;agit \u00ab\u00a0d&rsquo;une man\u0153uvre visant \u00e0 d\u00e9tourner l&rsquo;opinion publique       sur le v\u00e9ritable statut de M. Tlili\u00a0\u00bb, qui revendique le statut de       \u00ab\u00a0prisonnier politique<\/span><span dir=\"rtl\" lang=\"AR-SA\">\u00ab\u00a0.<\/span><\/font><\/p>\n<p> <span dir=\"rtl\" lang=\"AR-SA\"> <font>\u00a0<\/font><\/span><\/p>\n<p> <font> <span lang=\"FR\">M. Tlili avait       \u00e9t\u00e9 l&rsquo;un de deux opposants candidats \u00e0 la pr\u00e9sidence \u00e0 la premi\u00e8re       \u00e9lection pluraliste en Tunisie et son parti continue de si\u00e9ger au       Parlement<\/span><span dir=\"rtl\" lang=\"AR-SA\">.      <\/span><\/font><\/p>\n<hr\/>\n<p><\/font><\/p>\n<p><font> <span dir=\"rtl\" lang=\"AR-SA\"> <span lang=\"SV\"> <\/p>\n<p align=\"center\" dir=\"ltr\"> <b><span lang=\"SV\"><font size=\"3\">      S.O.S un m\u00e9ga arnaque financi\u00e8re et blanchissement d\u2019argent sale italien \u00e0       Sejnane (Bizerte)<\/font><\/span><\/b><\/p>\n<p> <\/span> <\/p>\n<p dir=\"ltr\"> <b> <span lang=\"SV\">      Abdo Maalaoui, Citoyen de Sejnane<\/span><\/b><\/p>\n<p dir=\"ltr\"> <span lang=\"SV\">      Montr\u00e9al, Canada<\/span><\/p>\n<p dir=\"ltr\"> <span lang=\"SV\">      \u00a0<\/span><\/p>\n<p dir=\"ltr\"> <span lang=\"SV\">      Comment aucun journaliste tunisien n\u2019a fait une enqu\u00eate approfondie sur le       groupe d\u2019investissement italien Pr\u00e9atoni avant d\u2019annoncer le m\u00e9ga projet       de tourisme \u00e9cologique dans notre r\u00e9gion de Sejnane\u00a0(Bizerte) ? Comment la       Brigade \u00e9conomique tunisienne n\u2019a pas consult\u00e9 <\/span><\/p>\n<p dir=\"ltr\"> <span lang=\"SV\">      \u00a0<\/span><\/p>\n<div align=\"center\" dir=\"ltr\">\n<table border=\"1\" cellpadding=\"0\" cellspacing=\"0\" width=\"594\">\n<tr>\n<td width=\"594\">\n<p> <span lang=\"SV\">            LE RAPPORT DE L&rsquo;INSPECTEUR GENERAL ET CHEF DE LA DIVISION NATIONALE             ANTI-TERRORISTE AU JUGE JEAN-LOUIS BRUGUIERE.            <script><!--D([\"mb\",\"\\u003c\/tbody\\u003e\\u003c\/table\\u003e\\u003c\/div\\u003e  \\u003cdiv style\\u003d\\\"margin:0cm 0cm 0pt;line-height:14.4pt\\\"\\u003e\\u003cb\\u003e\\u003cspan style\\u003d\\\"color:black\\\"\\u003e\\u003cfont size\\u003d\\\"3\\\"\\u003e\u00a0\\u003c\/font\\u003e\\u003c\/span\\u003e\\u003c\/b\\u003e\\u003c\/div\\u003e  \\u003cdiv style\\u003d\\\"margin:0cm 0cm 0pt;line-height:14.4pt\\\"\\u003e\\u003cb\\u003e\\u003cspan style\\u003d\\\"color:black\\\"\\u003e\\u003cfont size\\u003d\\\"3\\\"\\u003ePour quoi veut-on faire la m\u00eame d\u00e9mence que celle qu\u2019on a r\u00e9alis\u00e9e \u00e0 Tabarka\u00a0? Personne n\u2019ignore que le tourisme \u00e0 Tabarka est enrhum\u00e9 depuis des ann\u00e9es. Il n\u2019a jamais d\u00e9coul\u00e9 \u00e0 part son maintien en \u00abrespiration artificielle\u00bb. \\u003c\/font\\u003e\\u003c\/span\\u003e\\u003c\/b\\u003e\\u003c\/div\\u003e  \\u003cdiv style\\u003d\\\"margin:0cm 0cm 0pt;line-height:14.4pt\\\"\\u003e\\u003cb\\u003e\\u003cspan style\\u003d\\\"color:black\\\"\\u003e\\u003cfont size\\u003d\\\"3\\\"\\u003e\u00a0\\u003c\/font\\u003e\\u003c\/span\\u003e\\u003c\/b\\u003e\\u003c\/div\\u003e  \\u003cdiv style\\u003d\\\"margin:0cm 0cm 0pt;line-height:14.4pt\\\"\\u003e\\u003cb\\u003e\\u003cspan style\\u003d\\\"color:black\\\"\\u003e\\u003cfont size\\u003d\\\"3\\\"\\u003eD\u2019autres ripoux ont essay\u00e9 \u00e0 Zeouaraa (Nefza) et voil\u00e0 maintenant la mafia italienne pour blanchir son argent sale, elle a cibl\u00e9 mon village natal Sejnane. Pourquoi ne consulte-t-on pas la population locale\u00a0? Pourquoi sont-ils \\u003cspan\\u003e\u00a0\\u003c\/span\\u003epress\u00e9s d\u2019annoncer l\u2019\u00e9v\u00e9nement\u00a0\u00e0 travers les m\u00e9dias tunisiens et \u00e9trangers ? \\u003c\/font\\u003e\\u003c\/span\\u003e\\u003c\/b\\u003e\\u003c\/div\\u003e  \\u003cdiv style\\u003d\\\"margin:0cm 0cm 0pt;line-height:14.4pt\\\"\\u003e\\u003cb\\u003e\\u003cspan style\\u003d\\\"color:black\\\"\\u003e\\u003cfont size\\u003d\\\"3\\\"\\u003e\u00a0\\u003c\/font\\u003e\\u003c\/span\\u003e\\u003c\/b\\u003e\\u003c\/div\\u003e  \\u003cdiv style\\u003d\\\"margin:0cm 0cm 0pt;line-height:14.4pt\\\"\\u003e\\u003cb\\u003e\\u003cspan style\\u003d\\\"color:black\\\"\\u003e\\u003cfont size\\u003d\\\"3\\\"\\u003ePourquoi \\u003cspan\\u003e\u00a0\\u003c\/span\\u003en\u2019a-t-on pas consult\u00e9 les citoyens de Sejnane\u00a0? Pourquoi nos fr\u00e8res dirigeants tunisiens veulent-ils nous vendre \u00e0 la mafia pour un dollar symbolique, qui sont-ils les tunisiens complices de ce crime\u00a0? \\u003c\/font\\u003e\\u003c\/span\\u003e\\u003c\/b\\u003e\\u003c\/div\\u003e  \\u003cdiv style\\u003d\\\"margin:0cm 0cm 0pt;line-height:14.4pt\\\"\\u003e\\u003cb\\u003e\\u003cspan style\\u003d\\\"color:black\\\"\\u003e\\u003cfont size\\u003d\\\"3\\\"\\u003e\u00a0\\u003c\/font\\u003e\\u003c\/span\\u003e\\u003c\/b\\u003e\\u003c\/div\\u003e  \\u003cdiv style\\u003d\\\"margin:0cm 0cm 0pt;line-height:14.4pt\\\"\\u003e\\u003cb\\u003e\\u003cspan style\\u003d\\\"color:black\\\"\\u003e\\u003cfont size\\u003d\\\"3\\\"\\u003ePourquoi veulent-ils nous condamnent \u00e0 rester des ouvriers sur la terre de nos anc\u00eatres\u00a0? Pourquoi refuse-t-on le m\u00eame projet \u00e0 un jeune immigr\u00e9 de Sejnane et on ose donner des milliers d\u2019hectares aux \u00e9trangers\u00a0? Pourquoi\u00a0?\\u003c\/font\\u003e\\u003c\/span\\u003e\\u003c\/b\\u003e\\u003c\/div\\u003e  \\u003cdiv style\\u003d\\\"margin:0cm 0cm 0pt;line-height:14.4pt\\\"\\u003e\\u003cb\\u003e\\u003cspan style\\u003d\\\"color:black\\\"\\u003e\",1]);\/\/-->            <\/script> <\/span><\/p>\n<\/td>\n<\/tr>\n<\/table><\/div>\n<p dir=\"ltr\"> <span lang=\"SV\">      \u00a0<\/span><\/p>\n<p dir=\"ltr\"> <span>Pour quoi       veut-on faire la m\u00eame d\u00e9mence que celle qu\u2019on a r\u00e9alis\u00e9e \u00e0 Tabarka\u00a0?       Personne n\u2019ignore que le tourisme \u00e0 Tabarka est enrhum\u00e9 depuis des ann\u00e9es.       Il n\u2019a jamais d\u00e9coul\u00e9 \u00e0 part son maintien en \u00abrespiration artificielle\u00bb.      <\/span><\/p>\n<p dir=\"ltr\"> <span>\u00a0<\/span><\/p>\n<p dir=\"ltr\"> <span>D\u2019autres       ripoux ont essay\u00e9 \u00e0 Zeouaraa (Nefza) et voil\u00e0 maintenant la mafia       italienne pour blanchir son argent sale, elle a cibl\u00e9 mon village natal       Sejnane. Pourquoi ne consulte-t-on pas la population locale\u00a0? Pourquoi       sont-ils \u00a0press\u00e9s d\u2019annoncer l\u2019\u00e9v\u00e9nement\u00a0\u00e0 travers les m\u00e9dias tunisiens et       \u00e9trangers ? <\/span><\/p>\n<p dir=\"ltr\"> <span>\u00a0<\/span><\/p>\n<p dir=\"ltr\"> <span>Pourquoi       \u00a0n\u2019a-t-on pas consult\u00e9 les citoyens de Sejnane\u00a0? Pourquoi nos fr\u00e8res       dirigeants tunisiens veulent-ils nous vendre \u00e0 la mafia pour un dollar       symbolique, qui sont-ils les tunisiens complices de ce crime\u00a0? <\/span><\/p>\n<p dir=\"ltr\"> <span>\u00a0<\/span><\/p>\n<p dir=\"ltr\"> <span>Pourquoi       veulent-ils nous condamnent \u00e0 rester des ouvriers sur la terre de nos       anc\u00eatres\u00a0? Pourquoi refuse-t-on le m\u00eame projet \u00e0 un jeune immigr\u00e9 de       Sejnane et on ose donner des milliers d\u2019hectares aux \u00e9trangers\u00a0?       Pourquoi\u00a0?<\/span><\/p>\n<p dir=\"ltr\"> <span lang=\"SV\"> <script><!--D([\"mb\",\"\\u003cfont size\\u003d\\\"3\\\"\\u003e\u00a0\\u003c\/font\\u003e\\u003c\/span\\u003e\\u003c\/b\\u003e\\u003c\/div\\u003e  \\u003cdiv style\\u003d\\\"margin:0cm 0cm 0pt;line-height:14.4pt\\\"\\u003e\\u003cb\\u003e\\u003cspan style\\u003d\\\"color:black\\\"\\u003e\\u003cfont size\\u003d\\\"3\\\"\\u003eEst-ce qu\u2019on a besoin des \u00e9trangers pour construire des cabanes\u00a0? Est-ce qu\u2019on a besoin des Italiens pour faire des randonn\u00e9es p\u00e9destres ou du trekking\u00a0? Quelle piste cyclable vont-ils am\u00e9nager\u00a0? Quel touriste qui prendra l\u2019avion de l\u2019Europe ou de l\u2019Am\u00e9rique ou de l\u2019Asie pour faire du v\u00e9lo \u00e0 Sejnane\u00a0? Pourquoi mentir\u00a0? Pourquoi ne pas nous dire\u00a0la v\u00e9rit\u00e9\u00a0?\\u003c\/font\\u003e\\u003c\/span\\u003e\\u003c\/b\\u003e\\u003c\/div\\u003e  \\u003cdiv style\\u003d\\\"margin:0cm 0cm 0pt;line-height:14.4pt\\\"\\u003e\\u003cb\\u003e\\u003cspan style\\u003d\\\"color:black\\\"\\u003e\\u003cfont size\\u003d\\\"3\\\"\\u003e\u00a0\\u003c\/font\\u003e\\u003c\/span\\u003e\\u003c\/b\\u003e\\u003c\/div\\u003e  \\u003cdiv style\\u003d\\\"margin:0cm 0cm 0pt;line-height:14.4pt\\\"\\u003e\\u003cb\\u003e\\u003cspan style\\u003d\\\"color:black\\\"\\u003e\\u003cfont size\\u003d\\\"3\\\"\\u003ePourquoi mes fr\u00e8res tunisiens vous voulez condamner nos\\n enfants de devenir \u00e9tranger sur leur propre terre\u00a0? \\u003cspan\\u003e\u00a0\\u003c\/span\\u003eCe n\u2019est pas assez la mis\u00e8re dans laquelle nos parents et nos enfants sont\\u003cspan\\u003e\u00a0 \\u003c\/span\\u003eensevelis\u00a0? Ce n\u2019est pas assez que nos jeunes maitris\u00e8res \u00abMaitrise de la Mis\u00e8re\u00bb et docteurs ont d\u00e9sert\u00e9 vers les grandes villes ou \u00e0 l\u2019\u00e9tranger\u00a0? Ce n\u2019est pas assez que nos vieillards sont abandonn\u00e9s\u00a0? \\u003c\/font\\u003e\\u003c\/span\\u003e\\u003c\/b\\u003e\\u003c\/div\\u003e  \\u003cdiv style\\u003d\\\"margin:0cm 0cm 0pt;line-height:14.4pt\\\"\\u003e\\u003cb\\u003e\\u003cspan style\\u003d\\\"color:black\\\"\\u003e\\u003cfont size\\u003d\\\"3\\\"\\u003e\u00a0\\u003c\/font\\u003e\\u003c\/span\\u003e\\u003c\/b\\u003e\\u003c\/div\\u003e  \\u003cdiv style\\u003d\\\"margin:0cm 0cm 0pt;line-height:14.4pt\\\"\\u003e\\u003cb\\u003e\\u003cspan style\\u003d\\\"color:black\\\"\\u003e\\u003cfont size\\u003d\\\"3\\\"\\u003eQui sont les tunisiens qui se cachent derri\u00e8re le Groupe italien\u00a0?\\n Comment a-t-il d\u00e9couvert cette r\u00e9gion\u00a0\u00ab\u00a0soi-disant zone militaire\u00bb? Est-ce que le gouvernement tunisien est-il pr\u00eat d\u2019accorder par \u00e9crit les m\u00eames autorisations \u00e0 des jeunes promoteurs de la r\u00e9gion\u00a0? D\u2019avance je sais que c\u2019est faux, je l\u2019ai essay\u00e9 personnellement au moins quatre fois depuis 1987, le gouvernement tunisien a \\u003cspan\\u003e\u00a0\\u003c\/span\\u003etoujours refus\u00e9\u00a0?\\u003c\/font\\u003e\\u003c\/span\\u003e\\u003c\/b\\u003e\\u003c\/div\\u003e  \\u003cdiv style\\u003d\\\"margin:0cm 0cm 0pt;line-height:14.4pt\\\"\\u003e\\u003cb\\u003e\\u003cspan style\\u003d\\\"color:black\\\"\\u003e\\u003cfont size\\u003d\\\"3\\\"\\u003e\u00a0\\u003c\/font\\u003e\\u003c\/span\\u003e\\u003c\/b\\u003e\\u003c\/div\\u003e  \\u003cdiv style\\u003d\\\"margin:0cm 0cm 0pt;line-height:14.4pt\\\"\\u003e\\u003cb\\u003e\\u003cspan style\\u003d\\\"color:black\\\"\\u003e\",1]);\/\/-->      <\/script> <\/span><span>\u00a0<\/span><\/p>\n<p dir=\"ltr\"> <span>Est-ce       qu\u2019on a besoin des \u00e9trangers pour construire des cabanes\u00a0? Est-ce qu\u2019on a       besoin des Italiens pour faire des randonn\u00e9es p\u00e9destres ou du trekking\u00a0?       Quelle piste cyclable vont-ils am\u00e9nager\u00a0? Quel touriste qui prendra       l\u2019avion de l\u2019Europe ou de l\u2019Am\u00e9rique ou de l\u2019Asie pour faire du v\u00e9lo \u00e0       Sejnane\u00a0? Pourquoi mentir\u00a0? Pourquoi ne pas nous dire\u00a0la v\u00e9rit\u00e9\u00a0?<\/span><\/p>\n<p dir=\"ltr\"> <span>\u00a0<\/span><\/p>\n<p dir=\"ltr\"> <span>Pourquoi       mes fr\u00e8res tunisiens vous voulez condamner nos enfants de devenir \u00e9tranger       sur leur propre terre\u00a0? \u00a0Ce n\u2019est pas assez la mis\u00e8re dans laquelle nos       parents et nos enfants sont\u00a0 ensevelis\u00a0? Ce n\u2019est pas assez que nos jeunes       maitris\u00e8res \u00abMaitrise de la Mis\u00e8re\u00bb et docteurs ont d\u00e9sert\u00e9 vers les       grandes villes ou \u00e0 l\u2019\u00e9tranger\u00a0? <\/span> <span lang=\"SV\">      Ce n\u2019est pas assez que nos vieillards sont abandonn\u00e9s\u00a0? <\/span><\/p>\n<p dir=\"ltr\"> <span>\u00a0<\/span><\/p>\n<p dir=\"ltr\"> <span>Qui sont       les tunisiens qui se cachent derri\u00e8re le Groupe italien\u00a0? Comment a-t-il       d\u00e9couvert cette r\u00e9gion\u00a0\u00ab\u00a0soi-disant zone militaire\u00bb? Est-ce que le       gouvernement tunisien est-il pr\u00eat d\u2019accorder par \u00e9crit les m\u00eames       autorisations \u00e0 des jeunes promoteurs de la r\u00e9gion\u00a0? D\u2019avance je sais que       c\u2019est faux, je l\u2019ai essay\u00e9 personnellement au moins quatre fois depuis       1987, le gouvernement tunisien a \u00a0toujours refus\u00e9\u00a0?<\/span><\/p>\n<p dir=\"ltr\"> <span>\u00a0<\/span><\/p>\n<p dir=\"ltr\"> <span lang=\"SV\"> <script><!--D([\"mb\",\"\\u003cfont size\\u003d\\\"3\\\"\\u003e\\u003c\/font\\u003e\\u003c\/span\\u003e\\u003c\/b\\u003e\\u003c\/div\\u003e  \\u003cdiv style\\u003d\\\"margin:0cm 0cm 0pt;line-height:14.4pt\\\"\\u003e\\u003cb\\u003e\\u003cspan style\\u003d\\\"color:black\\\"\\u003e\\u003cfont size\\u003d\\\"3\\\"\\u003eLa Tunisie est un \u00c9tat de droit, j\u2019ai entendu, de mes propres oreilles le Pr\u00e9sident Ben Ali le r\u00e9p\u00e9tait, un samedi matin du 7 novembre 1987\u00a0! Comment on a os\u00e9 introduire en erreur le Pr\u00e9sident\u00a0? \\u003cspan\\u003e\u00a0\\u003c\/span\\u003eC\u2019est \u00e0 nous les honn\u00eates citoyens tunisiens de Sejnane \u00e0 Ben Gardenne d\u2019\u00eatre vigilants et de ne pas baisser nos bras\u00a0! Quand les loups viendront sur nos terrains, montrons-nous que nous sommes encore des LIONS et non des poussins mouill\u00e9s, bons pour s\u2019entre picoter !\\u003c\/font\\u003e\\u003c\/span\\u003e\\u003c\/b\\u003e\\u003c\/div\\u003e  \\u003cdiv style\\u003d\\\"margin:0cm 0cm 0pt;line-height:14.4pt\\\"\\u003e\\u003cb\\u003e\\u003cspan style\\u003d\\\"color:black\\\"\\u003e\\u003cfont size\\u003d\\\"3\\\"\\u003e\u00a0\\u003c\/font\\u003e\\u003c\/span\\u003e\\u003c\/b\\u003e\\u003c\/div\\u003e  \\u003cdiv style\\u003d\\\"margin:0cm 0cm 0pt;line-height:14.4pt\\\"\\u003e\\u003cb\\u003e\\u003cspan style\\u003d\\\"color:black\\\"\\u003e\\u003cfont size\\u003d\\\"3\\\"\\u003eSommes-nous capables de dire NON, nous refusons le faux d\u00e9veloppement ! Tunisiens, tunisiennes aidez-nous\u00a0? Hier Tabarka, aujourd\u2019hui Sejnane, et demain \u00e7a peut \u00eatre chez vous\u00a0? \\u003c\/font\\u003e\\u003c\/span\\u003e\\u003c\/b\\u003e\\u003c\/div\\u003e  \\u003cdiv style\\u003d\\\"margin:0cm 0cm 0pt;line-height:14.4pt\\\"\\u003e\\u003cb\\u003e\\u003cspan style\\u003d\\\"color:black\\\"\\u003e\\u003cfont size\\u003d\\\"3\\\"\\u003e\u00a0\\u003c\/font\\u003e\\u003c\/span\\u003e\\u003c\/b\\u003e\\u003c\/div\\u003e  \\u003cdiv style\\u003d\\\"margin:0cm 0cm 0pt;line-height:14.4pt\\\"\\u003e\\u003cb\\u003e\\u003cspan style\\u003d\\\"color:black\\\"\\u003e\\u003cfont size\\u003d\\\"3\\\"\\u003eNon et merci pour ce m\u00e9ga arnaque de projet de tourisme \u00e9cologique\u00a0? Allez blanchir votre argent ailleurs\u00a0? Nous ne voulons pas de votre poudre, ni de votre sale\\n argent, ni de votre faux tourisme \u00e0 rabais\u00a0? \\u003c\/font\\u003e\\u003c\/span\\u003e\\u003c\/b\\u003e\\u003c\/div\\u003e  \\u003cdiv style\\u003d\\\"margin:0cm 0cm 0pt;line-height:14.4pt\\\"\\u003e\\u003cb\\u003e\\u003cspan style\\u003d\\\"color:black\\\"\\u003e\\u003cfont size\\u003d\\\"3\\\"\\u003e\u00a0\\u003c\/font\\u003e\\u003c\/span\\u003e\\u003c\/b\\u003e\\u003c\/div\\u003e  \\u003cdiv style\\u003d\\\"margin:0cm 0cm 0pt;line-height:14.4pt\\\"\\u003e\\u003cb\\u003e\\u003cspan style\\u003d\\\"color:black\\\"\\u003e\\u003cfont size\\u003d\\\"3\\\"\\u003eAbdo Maalaoui, Citoyen de Sejnane\\u003c\/font\\u003e\\u003c\/span\\u003e\\u003c\/b\\u003e\\u003c\/div\\u003e  \\u003cdiv style\\u003d\\\"margin:0cm 0cm 0pt;line-height:14.4pt\\\"\\u003e\\u003cb\\u003e\\u003cspan style\\u003d\\\"color:black\\\"\\u003e\\u003cfont size\\u003d\\\"3\\\"\\u003eMontr\u00e9al \/ Canada\\u003c\/font\\u003e\\u003c\/span\\u003e\\u003c\/b\\u003e\\u003c\/div\\u003e  \\u003cdiv style\\u003d\\\"margin:0cm 0cm 0pt;line-height:14.4pt\\\"\\u003e\\u003cfont size\\u003d\\\"3\\\"\\u003e\\u003cb\\u003e\\u003cspan style\\u003d\\\"color:black\\\"\\u003e\\u003ca href\\u003d\\\"mailto:maalaoui@yahoo.com\\\" target\\u003d\\\"_blank\\\" onclick\\u003d\\\"return top.js.OpenExtLink(window,event,this)\\\"\\u003e\",1]);\/\/-->      <\/script> <span>La Tunisie est un \u00c9tat de droit, j\u2019ai entendu,       de mes propres oreilles le Pr\u00e9sident Ben Ali le r\u00e9p\u00e9tait, un samedi matin       du 7 novembre 1987\u00a0! Comment on a os\u00e9 introduire en erreur le Pr\u00e9sident\u00a0?       \u00a0C\u2019est \u00e0 nous les honn\u00eates citoyens tunisiens de Sejnane \u00e0 Ben Gardenne       d\u2019\u00eatre vigilants et de ne pas baisser nos bras\u00a0! <\/span><\/span> <span>Quand les       loups viendront sur nos terrains, montrons-nous que nous sommes encore des       LIONS et non des poussins mouill\u00e9s, bons pour s\u2019entre picoter !<\/span><\/p>\n<p dir=\"ltr\"> <span>\u00a0<\/span><\/p>\n<p dir=\"ltr\"> <span>      Sommes-nous capables de dire NON, nous refusons le faux d\u00e9veloppement !       Tunisiens, tunisiennes aidez-nous\u00a0? Hier Tabarka, aujourd\u2019hui Sejnane, et       demain \u00e7a peut \u00eatre chez vous\u00a0? <\/span><\/p>\n<p dir=\"ltr\"> <span>\u00a0<\/span><\/p>\n<p dir=\"ltr\"> <span>Non et       merci pour ce m\u00e9ga arnaque de projet de tourisme \u00e9cologique\u00a0? Allez       blanchir votre argent ailleurs\u00a0? Nous ne voulons pas de votre poudre, ni       de votre sale argent, ni de votre faux tourisme \u00e0 rabais\u00a0? <\/span><\/p>\n<p dir=\"ltr\"> <span>\u00a0<\/span><\/p>\n<p dir=\"ltr\"> <b><span>Abdo       Maalaoui, Citoyen de Sejnane<\/span><\/b><\/p>\n<p dir=\"ltr\"> <span>Montr\u00e9al \/       Canada<\/span><\/p>\n<p dir=\"ltr\"> <span lang=\"SV\"> <a href=\"mailto:maalaoui@yahoo.com\" onclick=\"return top.js.OpenExtLink(window,event,this)\" target=\"_blank\" rel=\"noopener\"> <span> <script><!--D([\"mb\",\"maalaoui@yahoo.com\\u003c\/a\\u003e\\u003c\/span\\u003e\\u003c\/b\\u003e\\u003cb\\u003e\\u003cspan style\\u003d\\\"color:black\\\"\\u003e\\u003c\/span\\u003e\\u003c\/b\\u003e\\u003c\/font\\u003e\\u003c\/div\\u003e\",1]);D([\"mb\",\"\\u003cspan class\\u003dad\\u003e  \\u003cdiv style\\u003d\\\"margin:0cm 0cm 0pt;line-height:14.4pt\\\"\\u003e\\u003cb\\u003e\\u003cspan style\\u003d\\\"color:navy\\\"\\u003e\\u003cfont size\\u003d\\\"3\\\"\\u003e\u00a0\\u003c\/font\\u003e\\u003c\/span\\u003e\\u003c\/b\\u003e\\u003c\/div\\u003e  \\u003cdiv style\\u003d\\\"margin:0cm 0cm 0pt\\\"\\u003e\\u003cspan\\u003e\\u003cfont size\\u003d\\\"3\\\"\\u003e\u00a0\\u003c\/font\\u003e\\u003c\/span\\u003e\\u003c\/div\\u003e\\u003cp\\u003e \\n      \\n\\n      \\u003chr size\\u003d\\\"1\\\"\\u003e \\nNe gardez plus qu\\u0026#39;une seule adresse mail ! \\u003ca href\\u003d\\\"http:\/\/fr.rd.yahoo.com\/mail\/mail_taglines\/trueswitch\/*http:\/\/www.trueswitch.com\/yahoo-fr\/\\\" target\\u003d\\\"_blank\\\" onclick\\u003d\\\"return top.js.OpenExtLink(window,event,this)\\\"\\u003eCopiez vos mails\\u003c\/a\\u003e vers Yahoo! Mail \\u003c\/p\\u003e\\u003c\/span\\u003e\",0]);D([\"ce\"]);\/\/-->      <\/script> <\/span>maalaoui@yahoo.com<\/a><\/span><\/p>\n<p dir=\"ltr\"> <span lang=\"SV\"><font face=\"Times New Roman\">\u00a0<\/font><\/span><\/p>\n<p>\u00a0<\/p>\n<hr\/>\n<p align=\"center\" dir=\"ltr\"> <font><strong>M. Charles Milhaud, pr\u00e9sident du Groupe       Caisse d&rsquo;Epargne et nouveau pr\u00e9sident du Conseil d&rsquo;administration de la       BTK au Temps<\/strong><\/font><\/p>\n<p align=\"center\" dir=\"ltr\"> <strong><\/p>\n<h2 style=\"color: red;\"><font size=\"3\">\u00ab Nous avons l&rsquo;ambition d&rsquo;\u00eatre un       acteur engag\u00e9 dans le d\u00e9veloppement du pays \u00bb<\/font><\/h2>\n<p><\/strong><\/p>\n<p dir=\"ltr\"> <span lang=\"FR\">\u00a0<\/span><\/p>\n<p dir=\"ltr\"> <span lang=\"FR\">Le Conseil       d&rsquo;Administration de la BTK, s&rsquo;est r\u00e9uni dans sa nouvelle composition qui       vient suite \u00e0 l&rsquo;acquisition du Groupe Caisse d&rsquo;Epargne (GCE) de 60% du       capital de la BTK. Les Membres ont \u00e9lu \u00e0 l&rsquo;unanimit\u00e9 Monsieur Charles       Milhaud &#8211; Pr\u00e9sident du GCE &#8211; en qualit\u00e9 de Pr\u00e9sident du Conseil       d&rsquo;Administration.<\/span><\/p>\n<p dir=\"ltr\"> <span lang=\"FR\">\u00a0<\/span><\/p>\n<p dir=\"ltr\"> <span lang=\"FR\">Ce choix n&rsquo;a       nullement surpris les observateurs, vu la stature de M. Charles Milhaud,       un personnage important de la sc\u00e8ne financi\u00e8re qui jouit d&rsquo;une tr\u00e8s bonne       r\u00e9putation que d&rsquo;une exp\u00e9rience solide. Il se fait certain que la BTK va       conna\u00eetre ses jours de gloire sous sa direction.<\/span><\/p>\n<p dir=\"ltr\"> <span lang=\"FR\">\u00a0<\/span><\/p>\n<p dir=\"ltr\"> <span lang=\"FR\">Il faut       rappeler que le GCE a vu le jour en France en 1818, pour devenir       actuellement une vraie et r\u00e9elle multinationale qui a pu s&rsquo;enraciner dans       66 pays, avec 77 mille collaborateurs, de cent nationalit\u00e9s.<\/span><\/p>\n<p dir=\"ltr\"> <span lang=\"FR\">\u00a0<\/span><\/p>\n<p dir=\"ltr\"> <span lang=\"FR\">Les chiffres       parlent d&rsquo;eux-m\u00eames, il suffit seulement d&rsquo;\u00e9voquer les 26 millions de       comptes bancaires que compte cette banque pour d\u00e9monter la dimension       internationale et le rayonnement du GCE.<\/span><\/p>\n<p dir=\"ltr\"> <span lang=\"FR\">\u00a0<\/span><\/p>\n<p dir=\"ltr\"> <span lang=\"FR\">Interviewer M.       Charles Milhaud rel\u00e8ve certainement d&rsquo;un scoop, non seulement au vu des       postes qu&rsquo;occupe notre interlocuteur ou des entreprises qu&rsquo;il g\u00e8re, mais       surtout en relation avec sa connaissance pr\u00e9cise des sujets qu&rsquo;il \u00e9voque       et sa profonde exp\u00e9rience. Sans oublier sa mani\u00e8re propre \u00e0 marier la       d\u00e9licatesse de l&rsquo;analyse \u00e0 la largesse de l&rsquo;approche.<\/span><\/p>\n<p dir=\"ltr\"> <span lang=\"FR\">\u00a0<\/span><\/p>\n<p dir=\"ltr\"> <span lang=\"FR\">Sans avoir       pris connaissance au pr\u00e9alable des questions, M. Charles Milhaud, nous a       r\u00e9pondu avec franchise et profondeur sur les questions suivantes :<\/span><\/p>\n<p dir=\"ltr\"> <span lang=\"FR\">\u00a0<\/span><\/p>\n<p> <span lang=\"FR\">\u00a0<\/span><\/p>\n<p> <span lang=\"FR\">\u00a0<\/span><\/p>\n<p dir=\"ltr\"> <b> <span lang=\"FR\">*       Quels sont les facteurs rationnels et analyses, qui ont \u00e9t\u00e9 adopt\u00e9s par le       GCE afin de pr\u00e9senter l&rsquo;offre technique et financi\u00e8re dans le but       d&rsquo;acqu\u00e9rir 60% du capital de la BTK. Quel regard porte-il sur le syst\u00e8me       financier en Tunisie ? Et sur la r\u00e9alit\u00e9 de l&rsquo;investissement dans notre       pays ?<\/span><\/b><\/p>\n<p dir=\"ltr\"> <b> <span lang=\"FR\">\u00a0<\/span><\/b><\/p>\n<p dir=\"ltr\"> <b> <span lang=\"FR\">\u00a0<\/span><\/b><\/p>\n<p dir=\"ltr\"> <span lang=\"FR\"><strong>* Quels horizons vont s&rsquo;ouvrir       devant la BTK aussi bien en Tunisie que sur le plan maghr\u00e9bin dans la       r\u00e9gion du Golfe ?<\/strong><\/span><\/p>\n<p dir=\"ltr\"> <span lang=\"FR\"> <strong>\u00a0<\/strong><\/span><\/p>\n<p dir=\"ltr\"> <b> <span lang=\"FR\">\u00a0<\/span><\/b><\/p>\n<p dir=\"ltr\"> <b> <span lang=\"FR\">*       Comment la BTK pourrait-elle constituer un outil efficace de d\u00e9veloppement       des relations franco-tunisiennes, sur la base de la place importante qui       revient au GCE en premier ? Aussi \u00e0 la position personnelle de Monsieur       Charles Milhaud et la profonde amiti\u00e9 qui le lie au Pr\u00e9sident fran\u00e7ais ?<\/span><\/b><\/p>\n<p dir=\"ltr\"> <span lang=\"FR\">\u00a0<\/span><\/p>\n<p dir=\"ltr\"> <span lang=\"FR\">\u00a0<\/span><\/p>\n<p dir=\"ltr\"> <strong>Le Temps : Quels sont les principaux facteurs qui ont motiv\u00e9 votre       ferme volont\u00e9 d&rsquo;acqu\u00e9rir 60% du capital de la BTK ?<\/strong><\/p>\n<p dir=\"ltr\"> <span lang=\"FR\">\u00a0<\/span><\/p>\n<p dir=\"ltr\"> <span lang=\"FR\">M.Charles       Milhaud : Le Groupe Caisse d&rsquo;Epargne a clairement affich\u00e9 son ambition       d&rsquo;ouverture \u00e0 l&rsquo;international dans le domaine de la banque commerciale. La       proximit\u00e9 culturelle et g\u00e9ographique du Maghreb, son dynamisme \u00e9conomique       nous ont naturellement conduits \u00e0 nous concentrer en priorit\u00e9 sur les pays       de la zone. La Tunisie est au c\u0153ur de ce d\u00e9veloppement \u00e9conomique. La       possibilit\u00e9 qui nous \u00e9tait offerte de participer, aux c\u00f4t\u00e9s des Etats       tunisien et koweitien, \u00e0 la recomposition du capital de la BTK &#8211; une       banque \u00e0 fort potentiel disposant, de surcro\u00eet, du statut de banque       universelle &#8211; constituait une r\u00e9elle opportunit\u00e9 entrant pleinement dans       notre strat\u00e9gie.<\/span><\/p>\n<p dir=\"ltr\"> <span lang=\"FR\">\u00a0\u00a0<\/span><\/p>\n<p dir=\"ltr\"> <span lang=\"FR\">\u00a0<\/span><\/p>\n<p dir=\"ltr\"> <strong>Pouvez-vous nous indiquer les principales orientations que vous       comptez introduire dans votre business plan pour les ann\u00e9es \u00e0 venir ?<\/strong><\/p>\n<p dir=\"ltr\"> <span lang=\"FR\">\u00a0<\/span><\/p>\n<p dir=\"ltr\"> <span lang=\"FR\">Il est un peu       t\u00f4t pour donner des orientations tr\u00e8s pr\u00e9cises dans la mesure o\u00f9 le       Conseil d&rsquo;Administration devra se prononcer dans les prochaines semaines       sur les options retenues. Mais il est clair que nous avons la volont\u00e9 et       l&rsquo;ambition, avec la BTK, d&rsquo;\u00eatre un acteur engag\u00e9 dans le d\u00e9veloppement de       l&rsquo;\u00e9conomie du pays. Cela passe par un positionnement de banque universelle       au service des territoires, des entreprises et de l&rsquo;ensemble de ses       clients.<\/span><\/p>\n<p dir=\"ltr\"> <span lang=\"FR\">\u00a0<\/span><\/p>\n<p dir=\"ltr\"> <span lang=\"FR\">Les domaines       prioritaires concerneront le financement des grands projets,       l&rsquo;accompagnement des entreprises, et particuli\u00e8rement des PME avec une       offre adapt\u00e9e&#8230;<\/span><\/p>\n<p dir=\"ltr\"> <span lang=\"FR\">\u00a0<\/span><\/p>\n<p dir=\"ltr\"> <span lang=\"FR\">Pour y       parvenir, nous nous appuierons pleinement sur les comp\u00e9tences des salari\u00e9s       de la BTK, qui b\u00e9n\u00e9ficieront des transferts des savoir-faire, expertises       et technologies du Groupe Caisse d&rsquo;Epargne, particuli\u00e8rement bien       positionn\u00e9 et r\u00e9f\u00e9rence dans les domaines de la banque commerciale, de la       banque d&rsquo;investissement, des financements de projet, du cr\u00e9dit bail, de       l&rsquo;immobilier&#8230; Nous allons ainsi compl\u00e9ter l&rsquo;offre de la BTK et de ses       filiales au profit de ses clients tunisiens, qu&rsquo;ils r\u00e9sident en Tunisie ou       en France.<\/span><\/p>\n<p dir=\"ltr\"> <span lang=\"FR\">\u00a0<\/span><\/p>\n<p dir=\"ltr\"> <span lang=\"FR\">Le r\u00e9seau de       la BTK sera renforc\u00e9 en cons\u00e9quence puisque nous envisageons d&rsquo;ouvrir une       vingtaine d&rsquo;agences suppl\u00e9mentaires et de recruter environ 150 nouveaux       collaborateurs au cours des cinq prochaines ann\u00e9es.<\/span><\/p>\n<p dir=\"ltr\">\u00a0<\/p>\n<p dir=\"ltr\"> <span lang=\"FR\">\u00a0<\/span><\/p>\n<p dir=\"ltr\"> <span lang=\"FR\">\u00a0<\/span><\/p>\n<p dir=\"ltr\"> <strong>Vous avez confirm\u00e9 l&rsquo;importance que repr\u00e9sentent pour vous les       comp\u00e9tences tunisiennes de la banque et son management. Cette confirmation       serait-elle une constante dans la structure humaine de la banque ?<\/strong><\/p>\n<p dir=\"ltr\"> <span lang=\"FR\">\u00a0<\/span><\/p>\n<p dir=\"ltr\"> <span lang=\"FR\">C&rsquo;est un fait       : nous nous appuierons sur les comp\u00e9tences av\u00e9r\u00e9es des personnels de la       banque, et notamment d&rsquo;Abdelghaffar Ezzeddine que nous avons confirm\u00e9 dans       son poste de directeur g\u00e9n\u00e9ral de la BTK. Et notre volont\u00e9, sur les 150       recrutements que je mentionnais, est bien de valoriser les comp\u00e9tences en       Tunisie. Cela pourra d&rsquo;ailleurs passer par des transferts de savoir-faire       l\u00e0 o\u00f9 ils seront n\u00e9cessaires, de la part des \u00e9quipes du Groupe Caisse       d&rsquo;Epargne, mais aussi par des formations aux m\u00e9tiers bancaires, le cas       \u00e9ch\u00e9ant, de jeunes dipl\u00f4m\u00e9s tunisiens.<\/span><\/p>\n<p dir=\"ltr\"> <span lang=\"FR\">\u00a0<\/span><\/p>\n<p dir=\"ltr\"> <span lang=\"FR\">\u00a0<\/span><\/p>\n<p dir=\"ltr\">\u00a0<\/p>\n<p dir=\"ltr\"> <strong>De m\u00eame vous \u00eates ravi du maintien des deux Etats comme       actionnaires \u00e0 c\u00f4t\u00e9 GCE. Est-ce que cette situation est appel\u00e9e \u00e0 durer       aussi ?<\/strong><\/p>\n<p dir=\"ltr\"> <span lang=\"FR\">\u00a0<\/span><\/p>\n<p dir=\"ltr\"> <span lang=\"FR\">C&rsquo;est bien       entendu une force suppl\u00e9mentaire pour nous et pour la BTK d&rsquo;\u00eatre associ\u00e9s       \u00e0 ces actionnaires prestigieux que sont l&rsquo;Etat tunisien et l&rsquo;Etat       koweitien. Et la gouvernance de la banque prouve, s&rsquo;il en \u00e9tait besoin, la       volont\u00e9 des partenaires \u00e0 s&rsquo;inscrire dans une relation durable : je suis       moi-m\u00eame fran\u00e7ais, le vice-pr\u00e9sident du conseil d&rsquo;administration &#8211; Mutlaq       Moubarak AL SANAA- est kowe\u00eftien et le directeur g\u00e9n\u00e9ral tunisien. Les       trois actionnaires partagent une volont\u00e9 commune de r\u00e9aliser un       d\u00e9veloppement efficace de la BTK, pour participer \u00e0 la modernisation du       syst\u00e8me bancaire et financier et plus g\u00e9n\u00e9ralement au d\u00e9veloppement de       l&rsquo;\u00e9conomie du pays.<\/span><\/p>\n<p dir=\"ltr\"> <span lang=\"FR\">\u00a0<\/span><\/p>\n<p dir=\"ltr\"> <strong>-Un pr\u00e9c\u00e9dent dans le processus de la privatisation bancaire en       Tunisie nous am\u00e8ne \u00e0 vous poser la question suivante : comment allez-vous       tirer vers le haut le syst\u00e8me bancaire tunisien et contribuer positivement       \u00e0 la promotion de l&rsquo;\u00e9conomie tunisienne,<\/strong><\/p>\n<p dir=\"ltr\">\u00a0<\/p>\n<p dir=\"ltr\"> <span lang=\"FR\">\u00a0<\/span><\/p>\n<p dir=\"ltr\"> <span lang=\"FR\">Nous avons la       volont\u00e9 d&rsquo;y participer, mais la pr\u00e9tention d&rsquo;en \u00eatre le moteur ! Ce sont       bien entendu les autorit\u00e9s tunisiennes qui sont \u00e0 l&rsquo;origine du dynamisme       \u00e9conomique du pays.<\/span><\/p>\n<p dir=\"ltr\"> <span lang=\"FR\">\u00a0<\/span><\/p>\n<p dir=\"ltr\"> <span lang=\"FR\">Mais, \u00e0 notre       mesure, par les savoir-faire qui nous sont reconnus, l&rsquo;implication de       notre Groupe dans le projet de la BTK, nous avons cette volont\u00e9 d&rsquo;en \u00eatre       un acteur. La Tunisie pr\u00e9sente de nombreux atouts de croissance et son       ouverture r\u00e9elle \u00e0 des partenaires comme nous pouvons l&rsquo;\u00eatre, sont autant       d&rsquo;\u00e9l\u00e9ments favorables \u00e0 cette dynamique de modernisation d\u00e9j\u00e0 en       mouvement.<\/span><\/p>\n<p dir=\"ltr\"> <span lang=\"FR\">\u00a0<\/span><\/p>\n<p dir=\"ltr\">\u00a0<\/p>\n<p dir=\"ltr\"> <span lang=\"FR\">\u00a0<\/span><\/p>\n<p dir=\"ltr\"> <b><span lang=\"FR\">Comment       \u00e9valuez-vous le syst\u00e8me bancaire tunisien ?<\/span><\/b><\/p>\n<p dir=\"ltr\"> <span lang=\"FR\">\u00a0<\/span><\/p>\n<p dir=\"ltr\"> <span lang=\"FR\">Je peux       r\u00e9pondre tout simplement que, s&rsquo; il ne vous avait pas paru solide,       s\u00e9rieux, dynamique, nous n&rsquo;aurions jamais tent\u00e9 l&rsquo;aventure. La proc\u00e9dure       par laquelle nous sommes entr\u00e9s au capital de la BTK, par sa rigueur, sa       transparence et son professionnalisme, ont d&rsquo;ailleurs \u00e9t\u00e9 pour nous autant       de preuves du niveau \u00e9lev\u00e9 du syst\u00e8me bancaire du pays.<\/span><\/p>\n<p dir=\"ltr\"> <span lang=\"FR\">\u00a0<\/span><\/p>\n<p dir=\"ltr\">\u00a0<\/p>\n<p dir=\"ltr\"> <span lang=\"FR\">\u00a0<\/span><\/p>\n<p dir=\"ltr\"> <strong>Nous comprenons que vos objectifs ne se limitent pas seulement \u00e0       la Tunisie, mais aussi aux pays voisins et ceux du Golfe. Quels sont vos       projets \u00e0 cet \u00e9gard ?<\/strong><\/p>\n<p dir=\"ltr\"> <span lang=\"FR\">\u00a0<\/span><\/p>\n<p dir=\"ltr\"> <span lang=\"FR\">Vous avez       personnellement instaur\u00e9 une dynamique au sein du GCE visant \u00e0 d\u00e9velopper       l&rsquo;international.\u00a0 En 2007 vous avez r\u00e9ussi le contr\u00f4le de la BTK en       Tunisie.<\/span><\/p>\n<p dir=\"ltr\"> <span lang=\"FR\">\u00a0<\/span><\/p>\n<p dir=\"ltr\"> <strong>Quels sont les projets du GCE pour la p\u00e9riode \u00e0 venir       essentiellement dans la rive sud de la M\u00e9diterran\u00e9e ?<\/strong><\/p>\n<p dir=\"ltr\"> <span lang=\"FR\">\u00a0<\/span><\/p>\n<p dir=\"ltr\"> <span lang=\"FR\">Vous n&rsquo;\u00eates       pas sans savoir que nous sommes d\u00e9j\u00e0 pr\u00e9sents au Maroc, \u00e0 travers une       participation significative au capital du Cr\u00e9dit Immobilier et H\u00f4telier,       aux c\u00f4t\u00e9s d&rsquo;un grand partenaire public : la Caisse des d\u00e9p\u00f4ts et de       gestion du Maroc. Nous commen\u00e7ons \u00e9galement \u00e0 y d\u00e9velopper les activit\u00e9s,       notamment en mati\u00e8re immobili\u00e8re et de financement de projets.<\/span><\/p>\n<p dir=\"ltr\"> <span lang=\"FR\">\u00a0<\/span><\/p>\n<p dir=\"ltr\"> <span lang=\"FR\">Au-del\u00e0 de la Tunisie et du       Maroc, nous regardons toutes les opportunit\u00e9s qui pourraient se pr\u00e9senter.       Je souhaite d&rsquo;ailleurs que la BTK puisse \u00eatre une plate-forme d&rsquo;un futur       d\u00e9veloppement en Libye.<\/span><\/p>\n<p dir=\"ltr\"> <span lang=\"FR\">\u00a0<\/span><\/p>\n<p dir=\"ltr\">\u00a0<\/p>\n<p dir=\"ltr\"> <span lang=\"FR\">\u00a0<\/span><\/p>\n<p dir=\"ltr\"> <strong>Vous \u00eates banquier, mais la politique ne vous est pas \u00e9trang\u00e8re du       tout. Partant de votre relation\u00a0 avec le Pr\u00e9sident fran\u00e7ais, M. Nicolas       SARKOZY et son projet m\u00e9diterran\u00e9en qui lui tient \u00e0 c\u0153ur, comment cette       double qualit\u00e9 pourrait contribuer concr\u00e8tement \u00e0 la r\u00e9alisation de ce       projet m\u00e9diterran\u00e9en ?<\/strong><\/p>\n<p dir=\"ltr\"> <span lang=\"FR\">\u00a0<\/span><\/p>\n<p dir=\"ltr\"> <span lang=\"FR\">Le projet du       Pr\u00e9sident de la R\u00e9publique fran\u00e7aise concernant la M\u00e9diterran\u00e9e ne peut       que nous r\u00e9jouir puisque nous travaillons depuis plusieurs ann\u00e9es \u00e0       d\u00e9velopper le Groupe Caisse d&rsquo;Epargne dans et avec le pays du Maghreb. Je       n&rsquo;ai jamais cach\u00e9 que notre strat\u00e9gie passait par cette ouverture       internationale prioritairement cibl\u00e9e sur la M\u00e9diterran\u00e9e.<\/span><\/p>\n<p dir=\"ltr\"> <span lang=\"FR\">\u00a0<\/span><\/p>\n<p dir=\"ltr\"> <span lang=\"FR\">Avec l&rsquo;entr\u00e9e       de la BTK au sein du Groupe Caisse Epargne, elle trouve aujourd&rsquo;hui une       traduction dont je suis particuli\u00e8rement fier. Mais nous avons d&rsquo;autres       engagements, qui ne passent pas tous par des prises de participation       capitalistiques.<\/span><\/p>\n<p dir=\"ltr\">\u00a0<\/p>\n<p dir=\"ltr\"> <span lang=\"FR\">\u00a0<\/span><\/p>\n<p dir=\"ltr\"> <span lang=\"FR\">\u00a0<\/span><\/p>\n<p dir=\"ltr\"> <strong>la fondation du monde m\u00e9diterran\u00e9en ?<\/strong><\/p>\n<p dir=\"ltr\"> <span lang=\"FR\">\u00a0<\/span><\/p>\n<p dir=\"ltr\"> <span lang=\"FR\">Effectivement.       Nous sommes pr\u00e9sents depuis d\u00e9j\u00e0 trois ans au sein de l&rsquo;Institut de       prospective \u00e9conomique du monde m\u00e9diterran\u00e9en (IPEMed) qui est l&#8217;embryon       de la future Fondation du Monde M\u00e9diterran\u00e9en dont j&rsquo;aurai d&rsquo;ailleurs       l&rsquo;honneur de pr\u00e9sider le conseil de surveillance durant cette ann\u00e9e.<\/span><\/p>\n<p dir=\"ltr\"> <span lang=\"FR\">\u00a0<\/span><\/p>\n<p dir=\"ltr\"> <span lang=\"FR\">Lieu d&rsquo;\u00e9tudes       et d&rsquo;\u00e9changes sur des dossiers concrets d&rsquo;int\u00e9gration r\u00e9gionale : eau,       agriculture, transports, \u00e9nergie, services financiers, elle doit permettre       de favoriser la r\u00e9alisation de projets associant financements publics et       priv\u00e9s.<\/span><\/p>\n<p dir=\"ltr\"> <span lang=\"FR\">\u00a0<\/span><\/p>\n<p dir=\"ltr\">\u00a0<\/p>\n<p dir=\"ltr\"> <span lang=\"FR\">\u00a0<\/span><\/p>\n<p dir=\"ltr\"> <strong>Alors que le Pr\u00e9sident fran\u00e7ais \u00e9tait ministre de l&rsquo;Int\u00e9rieur, il       vous a confi\u00e9 une mission d&rsquo;\u00e9tude des transferts financiers des migrants.       Aujourd&rsquo;hui l&rsquo;ex-ministre de l&rsquo;int\u00e9rieur est \u00e9lu Pr\u00e9sident de la       R\u00e9publique et vous-m\u00eame \u00eates devenu pr\u00e9sident du conseil d&rsquo;administration       d&rsquo;une banque de la rive sud. Comment les conclusions de cette \u00e9tude       peuvent \u00eatre mises en application ?<\/strong><\/p>\n<p dir=\"ltr\"> <span lang=\"FR\">\u00a0<\/span><\/p>\n<p dir=\"ltr\"> <span lang=\"FR\">Nous avons       d&rsquo;ores et d\u00e9j\u00e0 concr\u00e9tis\u00e9 plusieurs pr\u00e9conisations du rapport, tout       d&rsquo;abord en favorisant le transfert d&rsquo;\u00e9pargne productive. Nous sommes en       effet la premi\u00e8re- et la seule \u00e0 ce jour- banque fran\u00e7aise \u00e0 avoir sign\u00e9       avec l&rsquo;Etat une convention pour le compte \u00e9pargne co-d\u00e9veloppement qui       doit favoriser le transfert d&rsquo;\u00e9pargne productive pour des personnes vivant       en France, mais originaires d&rsquo;autres pays.<\/span><\/p>\n<p dir=\"ltr\"> <span lang=\"FR\">\u00a0<\/span><\/p>\n<p dir=\"ltr\"> <span lang=\"FR\">Nous avons       aussi lanc\u00e9, dans un premier temps avec le Maroc, via le CIH, des       transferts d&rsquo;argent gratuit de compte \u00e0 compte et nous avons un projet de       transfert de carte \u00e0 carte.<\/span><\/p>\n<p dir=\"ltr\"> <span lang=\"FR\">\u00a0<\/span><\/p>\n<p dir=\"ltr\"> <span lang=\"FR\">C&rsquo;est encore       un peu t\u00f4t pour en parler, mais il devrait trouver sa concr\u00e9tisation\u00a0 au       cours de cette ann\u00e9e 2008.<\/span><\/p>\n<p dir=\"ltr\"> <span lang=\"FR\">\u00a0\u00a0<\/span><\/p>\n<p dir=\"ltr\"> <span lang=\"FR\">\u00a0<\/span><\/p>\n<p dir=\"ltr\"> <strong>Permettez-moi monsieur le pr\u00e9sident de vous poser une question       tout a fait personnelle. Comment Charles MILHAUD le \u00ab\u00a0napol\u00e9on de la       finance\u00a0\u00bb peut il \u00e0 titre personnel contribuer \u00e0 promouvoir les relations       tuniso-fran\u00e7aises en \u00e9tant \u00ab\u00a0l&rsquo;ambassadeur\u00a0\u00bb de la Tunisie aupr\u00e8s du       gouvernement fran\u00e7ais et participer \u00e0 la fois \u00e0 l&rsquo;essor socio-\u00e9conomique       de la Tunisie. N&rsquo;\u00eates-vous pas un m\u00e9diterran\u00e9en par essence ?<\/strong><\/p>\n<p dir=\"ltr\"> <span lang=\"FR\">\u00a0<\/span><\/p>\n<p dir=\"ltr\"> <span lang=\"FR\">Votre       gouvernement est bien mieux qualifi\u00e9 que moi pour valoriser votre beau et       dynamique pays aupr\u00e8s des autorit\u00e9s fran\u00e7aises. Pour autant, j&rsquo;en suis un       ambassadeur convaincu : vous rappelez mon origine m\u00e9diterran\u00e9enne qui est       bien entendu une composante essentielle pour moi- mon accent du Midi       t\u00e9moigne de mes origines. Je suis du Sud de la France, mais j&rsquo;ai coutume       de rappeler que pour moi, les deux rives de la M\u00e9diterran\u00e9e sont une seule       et m\u00eame zone g\u00e9ographique, bien s\u00fbr, mais aussi et surtout \u00e9conomique et       culturelle.<\/span><\/p>\n<p dir=\"ltr\"> <span lang=\"FR\">\u00a0<\/span><\/p>\n<p dir=\"ltr\"> <b> <span lang=\"FR\">\u00a0<span>Recueillis       par Moustapha MACHAT<\/span><\/span><\/b><\/p>\n<p dir=\"ltr\"> <b> <span lang=\"FR\">\u00a0<\/span><\/b><\/p>\n<p dir=\"ltr\"> <b> <span lang=\"FR\">      (Source\u00a0: \u00ab\u00a0Le Temps\u00a0\u00bb (Quotidien \u2013 Tunis), le 24 janvier 2008)<\/span><\/b><\/p>\n<p>      \u00a0<\/p>\n<p>\u00a0<\/p>\n<hr\/>\n<h6 align=\"center\" dir=\"ltr\" style=\"color: blue;\">\n<h2 style=\"color: red;\"><font size=\"3\">Le Hamas montre l&rsquo;incapacit\u00e9 d&rsquo;Isra\u00ebl \u00e0       dompter Gaza<\/font><\/h2>\n<\/h6>\n<p dir=\"ltr\"> <b> <span lang=\"FR\">\u00a0<\/span><\/b><\/p>\n<p dir=\"ltr\"> <span lang=\"FR-CH\">Reuters, le       24 janvier 2008 \u00e0 <\/span>15<span lang=\"FR\">h<\/span>06<\/p>\n<p dir=\"ltr\"> <b> <span lang=\"FR\">\u00a0<\/span><\/b><\/p>\n<p dir=\"ltr\"> <b> <span lang=\"FR\">      \u00a0\u00a0\u00a0 par Adam Entous<\/span><\/b><\/p>\n<p dir=\"ltr\"> <b> <span lang=\"FR\">\u00a0<\/span><\/b><\/p>\n<p dir=\"ltr\"> <span lang=\"FR\">\u00a0\u00a0\u00a0 JERUSALEM,       23 juin (Reuters) &#8211; Les islamistes du Hamas ont d\u00e9montr\u00e9 l&rsquo;incapacit\u00e9       d&rsquo;Isra\u00ebl \u00e0 mettre au pas la bande de Gaza en d\u00e9verrouillant la fronti\u00e8re       avec l&rsquo;Egypte et en transformant le blocus isra\u00e9lien en d\u00e9sastre pour       l&rsquo;image de l&rsquo;Etat juif.<\/span><\/p>\n<p dir=\"ltr\"> <span lang=\"FR\">\u00a0\u00a0\u00a0 L&rsquo;objectif       affich\u00e9 d&rsquo;Isra\u00ebl en resserrant la semaine derni\u00e8re l&rsquo;\u00e9tau autour de Gaza       \u00e9tait de faire cesser les tirs de roquettes des activistes palestiniens       qui s\u00e8ment la panique parmi la population juive vivant en lisi\u00e8re du fief       du Hamas.<\/span><\/p>\n<p dir=\"ltr\"> <span lang=\"FR\">\u00a0\u00a0\u00a0 Mais       devant le toll\u00e9 international suscit\u00e9 par la crise humanitaire dans       l&rsquo;\u00e9troite bande c\u00f4ti\u00e8re o\u00f9 s&rsquo;entassent un million et demi de Palestiniens,       Isra\u00ebl a d\u00fb faire machine arri\u00e8re.<\/span><\/p>\n<p dir=\"ltr\"> <span lang=\"FR\">\u00a0\u00a0\u00a0 Dans le       m\u00eame temps, les activistes du Hamas ont fait sauter le mur m\u00e9tallique de       six m\u00e8tres de haut construit par Isra\u00ebl pour s\u00e9parer Gaza de l&rsquo;Egypte au       niveau de Rafah, offrant aux<\/span><\/p>\n<p dir=\"ltr\"> <span lang=\"FR\">Gazaouis une       bouff\u00e9e d&rsquo;oxyg\u00e8ne apr\u00e8s plus de six mois de si\u00e8ge.<\/span><\/p>\n<p dir=\"ltr\"> <span lang=\"FR\">\u00a0\u00a0\u00a0       Aujourd&rsquo;hui, l&rsquo;\u00e9lectricit\u00e9 est revenue \u00e0 Gaza, ses habitants vont et       viennent par milliers \u00e0 la fronti\u00e8re \u00e9gyptienne et le chef du Hamas en       exil jure que les tirs de roquettes se poursuivront.<\/span><\/p>\n<p dir=\"ltr\"> <span lang=\"FR\">\u00a0\u00a0\u00a0 L&rsquo;Etat       juif est tomb\u00e9 dans le pi\u00e8ge du Hamas, estime Danny<\/span><\/p>\n<p dir=\"ltr\"> <span lang=\"FR\">Ayalon, ancien       ambassadeur d&rsquo;Isra\u00ebl aux Etats-Unis. \u00ab\u00a0C&rsquo;est un \u00e9chec retentissant et une       catastrophe en termes d&rsquo;image. De plus, nous avons perdu notre pouvoir de       dissuasion pour la prochaine fois.\u00a0\u00bb<\/span><\/p>\n<p dir=\"ltr\"> <span lang=\"FR\">\u00a0\u00a0\u00a0 <\/span> <\/p>\n<p dir=\"ltr\"> <strong><font>\u00a0\u00a0\u00a0 \u00ab\u00a0LE PRETEXTE QUE LE HAMAS CHERCHAIT\u00a0\u00bb<\/font><\/strong><\/p>\n<p dir=\"ltr\"> <font face=\"Times New Roman\" size=\"3\">\u00a0<\/font><\/p>\n<p dir=\"ltr\"> <span lang=\"FR\">\u00a0\u00a0\u00a0 Alors que       l&rsquo;Occident avait jusque-l\u00e0 ferm\u00e9 les yeux sur les mesures d&rsquo;isolement       prises par Isra\u00ebl depuis le coup de force du Hamas \u00e0 Gaza, en juin, le       spectacle de ce territoire surpeupl\u00e9 plong\u00e9 dans le noir a \u00e9t\u00e9 la mesure       de trop.<\/span><\/p>\n<p dir=\"ltr\"> <span lang=\"FR\">\u00a0\u00a0\u00a0 Selon       Mouine Rabbani, de l&rsquo;International Crisis Group, Isra\u00ebl a donn\u00e9 au Hamas       \u00ab\u00a0le pr\u00e9texte qu&rsquo;il cherchait\u00a0\u00bb pour briser le si\u00e8ge.<\/span><\/p>\n<p dir=\"ltr\"> <span lang=\"FR\">\u00a0\u00a0\u00a0 Les       milieux autoris\u00e9s isra\u00e9liens minimisent les derniers d\u00e9veloppements,       soulignant que \u00ab\u00a0si la situation peut sembler avoir empir\u00e9 \u00e0 premi\u00e8re vue,       Isra\u00ebl n&rsquo;a pas perdu le contr\u00f4le de sa propre fronti\u00e8re\u00a0\u00bb.<\/span><\/p>\n<p dir=\"ltr\"> <span lang=\"FR\">\u00a0\u00a0\u00a0 Le g\u00e9n\u00e9ral       en retraite Shalom Harari, de l&rsquo;Institut de lutte antiterrorisme de       Herzliya, pr\u00e8s de Tel Aviv, assure que la victoire du Hamas est de pure       propagande et qu&rsquo;elle aura pour avantage de contraindre l&rsquo;Egypte \u00e0 agir       dans le sens souhait\u00e9 par Isra\u00ebl.<\/span><\/p>\n<p dir=\"ltr\"> <span lang=\"FR\">\u00a0\u00a0\u00a0 Isra\u00ebl a       r\u00e9cemment accus\u00e9 l&rsquo;Egypte de ne rien faire pour emp\u00eacher le trafic d&rsquo;armes       \u00e0 sa fronti\u00e8re avec Gaza et verrait avec une certaine satisfaction       l&rsquo;afflux des Gazaouis en territoire \u00e9gyptien contraindre les autorit\u00e9s du       Caire \u00e0 agir.<\/span><\/p>\n<p dir=\"ltr\"> <span lang=\"FR\">\u00a0\u00a0\u00a0 \u00ab\u00a0Depuis       des mois, Isra\u00ebl tire la sonnette d&rsquo;alarme en disant aux Egyptiens:       &lsquo;Attention, vous jouez avec le feu!&rsquo;, aussi ne suis-je pas s\u00fbr qu&rsquo;Isra\u00ebl       soit m\u00e9content de ce qui se passe\u00a0\u00bb, confie David Makovsky, charg\u00e9 du       Proche-Orient au sein d&rsquo;un institut de recherche de Washington.<\/span><\/p>\n<p dir=\"ltr\"> <span lang=\"FR\">\u00a0\u00a0\u00a0 <\/span> <\/p>\n<p dir=\"ltr\"> <strong><font>\u00a0\u00a0\u00a0 ISRAEL VEUT COUPER LES PONTS<\/font><\/strong><\/p>\n<p dir=\"ltr\"> <span lang=\"FR\">\u00a0\u00a0\u00a0 \u00ab\u00a0L&rsquo;id\u00e9e       est d&rsquo;obtenir que l&rsquo;Egypte assume un minimum de responsabilit\u00e9s pour ce       qui se passe \u00e0 sa fronti\u00e8re et peut-\u00eatre m\u00eame la responsabilit\u00e9 de Gaza\u00a0\u00bb,       estime Makovsky.<\/span><\/p>\n<p dir=\"ltr\"> <span lang=\"FR\">\u00a0\u00a0\u00a0 Un       responsable militaire isra\u00e9lien a confirm\u00e9 jeudi que l&rsquo;Etat juif       souhaitait que l&rsquo;Egypte fournisse d\u00e9sormais les services et marchandises       de base \u00e0 Gaza et accueille les organisations humanitaires qui s&rsquo;occupent       du territoire.<\/span><\/p>\n<p dir=\"ltr\"> <span lang=\"FR\">\u00a0\u00a0\u00a0 \u00ab\u00a0De facto,       les Palestiniens de Gaza d\u00e9pendent de plus en plus de l&rsquo;Egypte pour leurs       besoins et c&rsquo;est ce que nous voulons\u00a0\u00bb, a-t-il confi\u00e9 \u00e0 Reuters, en faisant       part d&rsquo;un d\u00e9sir<\/span><\/p>\n<p dir=\"ltr\"> <span lang=\"FR\">isra\u00e9lien de       couper les ponts avec le territoire.<\/span><\/p>\n<p dir=\"ltr\"> <span lang=\"FR\">\u00a0\u00a0\u00a0 La       fermeture de la fronti\u00e8re \u00e9tait cens\u00e9e miner le soutien des Gazaouis au       Hamas et pr\u00e9parer le terrain au r\u00e9tablissement de l&rsquo;autorit\u00e9 du pr\u00e9sident       Abbas \u00e0 Gaza, faisait valoir Isra\u00ebl aux responsables occidentaux. <\/span> <\/p>\n<p dir=\"ltr\"> <span lang=\"FR\">\u00a0\u00a0\u00a0 Le       mouvement islamiste est maintenant en mesure d&rsquo;utiliser la situation \u00e0 la       fronti\u00e8re pour contraindre l&rsquo;Egypte \u00e0 conclure avec lui un accord       bilat\u00e9ral sur le fonctionnement futur du point de passage de Rafah, sa       seule issue de secours face au blocus isra\u00e9lien.<\/span><\/p>\n<p dir=\"ltr\"> <span lang=\"FR\">\u00a0 Le Hamas est       probablement convaincu que, d\u00e9sormais, il va \u00eatre \u00ab\u00a0politiquement       impossible pour l&rsquo;Egypte de le refermer de force\u00a0\u00bb, estime Mouine Rabbani.<\/span><\/p>\n<p>\u00a0<\/p>\n<hr\/>\n<p>      \u00a0<\/p>\n<div align=\"center\" dir=\"ltr\"> <strong><\/p>\n<h2 style=\"color: red;\"><font size=\"3\">Message cod\u00e9 contre la junte         birmane dans un po\u00e8me d&rsquo;amour<\/font><\/h2>\n<p><\/strong><\/div>\n<div dir=\"ltr\">        \u00a0<\/div>\n<div align=\"justify\" dir=\"ltr\"> <font face=\"Arial\" size=\"2\">Le jeudi 24 janv 2008         Agence France-Presse         Rangoun         Les censeurs militaires en Birmanie ont ouvert une enqu\u00eate apr\u00e8s la         publication par un journal local d&rsquo;un po\u00e8me d&rsquo;amour contenant un message         cod\u00e9 qui d\u00e9nonce la \u00absoif de pouvoir\u00bb du num\u00e9ro un de la junte, ont         indiqu\u00e9 jeudi des responsables de la publication.         Le Love Journal, hebdomadaire priv\u00e9 consid\u00e9r\u00e9 comme proche du minist\u00e8re         de l&rsquo;Information, a publi\u00e9 dans son dernier num\u00e9ro un bref po\u00e8me li\u00e9 \u00e0         la Saint Valentin sous une image de ballons en forme de coeur o\u00f9 l&rsquo;on         pouvait lire \u00abI Love You\u00bb.                  Le texte en langue birmane, intitul\u00e9 \u00ab14 f\u00e9vrier\u00bb, se lit comme une         lettre d&rsquo;amour mais si l&rsquo;on met bout \u00e0 bout le premier caract\u00e8re de         chacun des mots, on obtient: \u00able g\u00e9n\u00e9ralissime Than Shwe est fou de         pouvoir\u00bb.                  Des responsables de l&rsquo;hebdomadaire, parlant sous couvert de l&rsquo;anonymat,         ont indiqu\u00e9 jeudi que des censeurs militaires avaient interrog\u00e9 le po\u00e8te         Saw Wai et des cadres du journal \u00e0 propos de ce texte qui a fait         sensation, sans que la direction de l&rsquo;entreprise ne s&rsquo;en aper\u00e7oive.                  \u00abDe nombreuses personnes ont voulu acheter le Love Journal\u00bb, a rapport\u00e9         un vendeur de Rangoun. \u00abNormalement, nous avons de nombreux invendus         mais, cette fois, le stock s&rsquo;est vite \u00e9puis\u00e9\u00bb, a-t-il ajout\u00e9.                  Une affaire similaire avait \u00e9t\u00e9 r\u00e9v\u00e9l\u00e9e en ao\u00fbt dernier lorsqu&rsquo;un groupe         d&rsquo;artistes danois avait diffus\u00e9 une publicit\u00e9 dans un autre hebdomadaire         birman, le Myanmar Times, qui contenait un message dissimul\u00e9 qualifiant         Than Shwe de \u00abtueur\u00bb.                  La Birmanie, qui a \u00e9t\u00e9 gouvern\u00e9e par des g\u00e9n\u00e9raux depuis pr\u00e8s d&rsquo;un         demi-si\u00e8cle, a \u00e9t\u00e9 qualifi\u00e9e de \u00abparadis pour les censeurs\u00bb par         l&rsquo;organisation Reporters sans fronti\u00e8res (RSF). Tous les journaux sont         pass\u00e9s au crible avant publication et aucun ne se permet de contester le         r\u00e9gime militaire.                  La semaine derni\u00e8re, la version en langue birmane du Myanmar Times avait         \u00e9t\u00e9 suspendue pour une semaine, sur ordre des autorit\u00e9s, apr\u00e8s         l&rsquo;apparition d&rsquo;un article sur l&rsquo;augmentation massive du prix des         licences des paraboles satellitaires permettant de capter des cha\u00eenes de         t\u00e9l\u00e9vision \u00e9trang\u00e8res.<\/font><\/div>\n<p> <\/span><\/font> <\/p>\n<p>\u00a0<\/p>\n<\/p><\/div>\n<p> <\/span><\/font><\/span><\/font><\/span><\/font><\/div>\n<hr\/>\n<p align=\"center\">\u00a0<\/p>\n<p align=\"center\"><b><a href=\"http:\/\/www.tunisnews.net\"><span>Home<\/span><span lang=\"FR-CH\"> &#8211; Accueil <\/span><span>&#8211; <\/span><span dir=\"rtl\" lang=\"AR-SA\">\u0627\u0644\u0631\u0626\u064a\u0633\u064a\u0629<\/span><\/a><\/b><\/p>\n<p align=\"center\"><b><span dir=\"rtl\" lang=\"AR-SA\">\u00a0<\/span><\/b><\/p>\n<p><\/body><\/body><\/html><\/p>\n","protected":false},"excerpt":{"rendered":"<p>Home &#8211; Accueil &#8211; TUNISNEWS 8\u00a0\u00e8me\u00a0ann\u00e9e, N\u00b0 \u00a02801 du 24.01.2008 \u00a0archives : www.tunisnews.net AISPP: Un an avec sursis pour \u00ab non signalement \u00bb AISPP: Nous sommes tous responsables ! AISPP: Lib\u00e9ration d\u2019Ali Zouaghi AISPP: Lib\u00e9ration de prisonniers d\u00e9tenus en vertu de la loi \u00ab antiterroriste \u00bb Libert\u00e9 et Equit\u00e9: Communiqu\u00e9 L\u2019Ambassade des Etats-Unis: Programme des [&hellip;]<\/p>\n","protected":false},"author":1,"featured_media":22040,"comment_status":"open","ping_status":"open","sticky":false,"template":"","format":"standard","meta":{"inline_featured_image":false,"site-sidebar-layout":"default","site-content-layout":"","ast-site-content-layout":"default","site-content-style":"default","site-sidebar-style":"default","ast-global-header-display":"","ast-banner-title-visibility":"","ast-main-header-display":"","ast-hfb-above-header-display":"","ast-hfb-below-header-display":"","ast-hfb-mobile-header-display":"","site-post-title":"","ast-breadcrumbs-content":"","ast-featured-img":"","footer-sml-layout":"","ast-disable-related-posts":"","theme-transparent-header-meta":"","adv-header-id-meta":"","stick-header-meta":"","header-above-stick-meta":"","header-main-stick-meta":"","header-below-stick-meta":"","astra-migrate-meta-layouts":"default","ast-page-background-enabled":"default","ast-page-background-meta":{"desktop":{"background-color":"","background-image":"","background-repeat":"repeat","background-position":"center center","background-size":"auto","background-attachment":"scroll","background-type":"","background-media":"","overlay-type":"","overlay-color":"","overlay-opacity":"","overlay-gradient":""},"tablet":{"background-color":"","background-image":"","background-repeat":"repeat","background-position":"center center","background-size":"auto","background-attachment":"scroll","background-type":"","background-media":"","overlay-type":"","overlay-color":"","overlay-opacity":"","overlay-gradient":""},"mobile":{"background-color":"","background-image":"","background-repeat":"repeat","background-position":"center center","background-size":"auto","background-attachment":"scroll","background-type":"","background-media":"","overlay-type":"","overlay-color":"","overlay-opacity":"","overlay-gradient":""}},"ast-content-background-meta":{"desktop":{"background-color":"var(--ast-global-color-5)","background-image":"","background-repeat":"repeat","background-position":"center center","background-size":"auto","background-attachment":"scroll","background-type":"","background-media":"","overlay-type":"","overlay-color":"","overlay-opacity":"","overlay-gradient":""},"tablet":{"background-color":"var(--ast-global-color-5)","background-image":"","background-repeat":"repeat","background-position":"center center","background-size":"auto","background-attachment":"scroll","background-type":"","background-media":"","overlay-type":"","overlay-color":"","overlay-opacity":"","overlay-gradient":""},"mobile":{"background-color":"var(--ast-global-color-5)","background-image":"","background-repeat":"repeat","background-position":"center center","background-size":"auto","background-attachment":"scroll","background-type":"","background-media":"","overlay-type":"","overlay-color":"","overlay-opacity":"","overlay-gradient":""}},"footnotes":""},"categories":[],"tags":[53,39,29],"class_list":["post-17055","post","type-post","status-publish","format-standard","has-post-thumbnail","hentry","tag-53","tag-39","tag-fr"],"_links":{"self":[{"href":"https:\/\/tunisnews.net\/ar\/wp-json\/wp\/v2\/posts\/17055","targetHints":{"allow":["GET"]}}],"collection":[{"href":"https:\/\/tunisnews.net\/ar\/wp-json\/wp\/v2\/posts"}],"about":[{"href":"https:\/\/tunisnews.net\/ar\/wp-json\/wp\/v2\/types\/post"}],"author":[{"embeddable":true,"href":"https:\/\/tunisnews.net\/ar\/wp-json\/wp\/v2\/users\/1"}],"replies":[{"embeddable":true,"href":"https:\/\/tunisnews.net\/ar\/wp-json\/wp\/v2\/comments?post=17055"}],"version-history":[{"count":0,"href":"https:\/\/tunisnews.net\/ar\/wp-json\/wp\/v2\/posts\/17055\/revisions"}],"wp:featuredmedia":[{"embeddable":true,"href":"https:\/\/tunisnews.net\/ar\/wp-json\/wp\/v2\/media\/22040"}],"wp:attachment":[{"href":"https:\/\/tunisnews.net\/ar\/wp-json\/wp\/v2\/media?parent=17055"}],"wp:term":[{"taxonomy":"category","embeddable":true,"href":"https:\/\/tunisnews.net\/ar\/wp-json\/wp\/v2\/categories?post=17055"},{"taxonomy":"post_tag","embeddable":true,"href":"https:\/\/tunisnews.net\/ar\/wp-json\/wp\/v2\/tags?post=17055"}],"curies":[{"name":"wp","href":"https:\/\/api.w.org\/{rel}","templated":true}]}}