{"id":17014,"date":"2010-06-26T00:00:00","date_gmt":"2010-06-26T00:00:00","guid":{"rendered":"https:\/\/tunisnews.net\/26-juin-2010\/"},"modified":"2010-06-26T00:00:00","modified_gmt":"2010-06-26T00:00:00","slug":"26-juin-2010","status":"publish","type":"post","link":"https:\/\/tunisnews.net\/ar\/26-juin-2010\/","title":{"rendered":"26 juin 2010"},"content":{"rendered":"<p><html><head><meta content=\"text\/html\" description=\"Une pol\u00e9mique s\u2019est engag\u00e9e en Tunisie \t\t\t\tsuite \u00e0 l\u2019adoption d\u2019une loi controvers\u00e9e qui est cens\u00e9e \t\t\t\tcriminaliser les \u00ab atteintes aux int\u00e9r\u00eats vitaux \u00bb du pays et \u00e0 \t\t\t\t\u00ab sa s\u00e9curit\u00e9 \u00e9conomique \u00bb.\" http-equiv=\"Content-Type\"\/><\/head><body><body><\/p>\n<p align=\"center\" dir=\"rtl\"><font face=\"Arial\" size=\"2\"><b><a href=\"https:\/\/tunisnews.net\/ar\/\"><span>Home<\/span><span lang=\"FR-CH\"> &#8211; Accuei<\/span><\/a><span lang=\"FR-CH\">l<\/span><\/b><\/font><\/p>\n<div>\n<div><font face=\"Arial\" size=\"2\"><\/p>\n<div>\u00a0<\/div>\n<div>\n<div><\/div>\n<div align=\"center\" dir=\"ltr\"><font size=\"7\"><strong>TUNISNEWS <\/strong><\/font><\/div>\n<div align=\"center\" dir=\"ltr\">\n<div><strong><font>10\u00a0\u00e8me ann\u00e9e, <span lang=\"FR\">N\u00b0\u00a03686 du 26.06.2010<\/span><\/font><\/strong><\/div>\n<\/div>\n<div align=\"center\"><span><font><strong>\u00a0archives : <\/strong><\/font><a target=\"_blank\" rel=\"noopener\"><font><strong>www.tunisnews.net<\/strong><\/font><\/a><\/span><font><strong>\u00a0<\/strong><\/font><span lang=\"FR\"><strong><\/strong><font><span lang=\"FR-CH\"><\/span><\/font><\/span><\/div>\n<p><span lang=\"FR\"><\/p>\n<div><strong><font size=\"2\"><\/p>\n<hr\/>\n<p><\/font><\/strong><span lang=\"EN-US\"><font face=\"Arial\"><strong><font size=\"2\">El Watan: Un vent de pol\u00e9mique souffle sur la Tunisie<\/font><\/strong><\/font><\/span><\/div>\n<div align=\"left\"><font face=\"Arial\" size=\"2\"><strong>WMC: Tunisie: Les produits bancaires Halal sont-ils reserv\u00e9s, exclusivement, aux banques islamiques? <\/strong><\/font><\/div>\n<div align=\"left\"><strong>L\u00b4Orient du jour: Hariri conclut sa visite en Tunisie : Isra\u00ebl est agac\u00e9 par la stabilit\u00e9 au Liban<\/strong><\/div>\n<div align=\"left\"><font face=\"Arial\" size=\"2\"><strong>GlobalNet: \u00a0En visite officielle, Sa\u00e2d Hariri souhaite investir en Tunisie<\/strong><\/font><\/div>\n<div align=\"left\"><font face=\"Arial\" size=\"2\"><strong><\/p>\n<h2 style=\"color: red;\"><font>June Afrique:\u00a0 Maghreb &#8211; Quand l&rsquo;UMA ouvre un \u0153il<\/font><\/h2>\n<p> AFP: Jeune homme d\u00e9c\u00e9d\u00e9 en Egypte: ElBaradei au c\u00f4t\u00e9 de manifestants \u00e0 Alexandrie  <\/p>\n<h2 style=\"color: red;\"><font>AP: Plusieurs milliers d&rsquo;Egyptiens protestent contre les violences polici\u00e8res<\/font><\/h2>\n<p><\/strong><\/font><\/div>\n<div align=\"left\"><strong><font size=\"2\">AFP: Le G8 condamne la Cor\u00e9e du Nord, exhorte l&rsquo;Iran au dialogue<\/font><\/strong><\/div>\n<div align=\"left\"><font face=\"Arial\"><font size=\"2\"><strong><\/p>\n<h2 style=\"color: red;\"><font>AFP: Le blocus de Gaza n&rsquo;est pas viable en l&rsquo;\u00e9tat et doit \u00eatre chang\u00e9: G8<\/font><\/h2>\n<p><\/strong> <\/font><\/font><\/div>\n<p><\/span><\/p>\n<div>\n<hr\/>\n<\/div>\n<\/div>\n<p><\/font><\/div>\n<div><font face=\"Arial\" size=\"2\"><\/p>\n<div>\n<p><font><\/p>\n<div align=\"center\">\n<h2 style=\"color: red;\"><font size=\"3\"><strong>Un vent de pol\u00e9mique souffle sur la Tunisie<\/strong><\/font><\/h2>\n<\/div>\n<div align=\"center\">\n<hr\/>\n<\/div>\n<div>\u00a0<\/div>\n<div align=\"justify\"><font>Une pol\u00e9mique s\u2019est engag\u00e9e en Tunisie suite \u00e0 l\u2019adoption d\u2019une loi controvers\u00e9e qui est cens\u00e9e criminaliser les \u00ab atteintes aux int\u00e9r\u00eats vitaux \u00bb du pays et \u00e0 \u00ab sa s\u00e9curit\u00e9 \u00e9conomique \u00bb. Selon certaines ONG, cette mesure est destin\u00e9e \u00e0 faire taire les voix critiques de la politique du gouvernement. Elle a \u00e9t\u00e9 adopt\u00e9e mardi par la quasi-totalit\u00e9 des 214 membres de la Chambre des d\u00e9put\u00e9s domin\u00e9e par le parti au pouvoir, le Rassemblement constitutionnel d\u00e9mocratique (RCD) du pr\u00e9sident Zine El Abidine Ben Ali. Seuls deux d\u00e9put\u00e9s du mouvement Ettajdid (Le Renouveau), l\u2019un des six partis d\u2019opposition repr\u00e9sent\u00e9s au Parlement, ont vot\u00e9 contre. Selon l\u2019agence Tunis presse (TAP), la loi vise \u00e0 \u00ab r\u00e9primer quiconque s\u2019avise intentionnellement de porter pr\u00e9judice aux int\u00e9r\u00eats vitaux de la Tunisie \u00bb, en \u00e9tablissant \u00e0 cet effet \u00ab de mani\u00e8re directe ou indirecte, des contacts avec les agents d\u2019une puissance \u00e9trang\u00e8re ou d\u2019une institution ou organisation \u00e9trang\u00e8re \u00bb. L\u2019allusion est clairement destin\u00e9e aux opposants et militants des droits de l\u2019homme qui font actuellement pression sur l\u2019Union europ\u00e9enne. Pour que celle-ci conditionne l\u2019octroi d\u2019un statut particulier \u00e0 la Tunisie, en cours de n\u00e9gociation \u00e0 Bruxelles, d\u2019une r\u00e9elle avanc\u00e9e d\u00e9mocratique pour le pays de Ben Ali. Le projet de loi a suscit\u00e9 un mouvement de protestation parmi nombre d\u2019organisations en Tunisie et \u00e0 l\u2019\u00e9tranger, et les partis d\u2019opposition radicaux.  <strong>Des r\u00e9actions rapides<\/strong> La premi\u00e8re institution \u00e0 r\u00e9agir est la Ligue tunisienne de d\u00e9fense des droits de l\u2019homme qui consid\u00e8re cette loi comme \u00ab un danger pour les libert\u00e9s publiques \u00bb. Dans un communiqu\u00e9, la LTDH d\u00e9plore \u00ab le flou \u00bb qui entoure le texte et qui \u00ab ouvre la voie \u00e0 la criminalisation de faits qui peuvent n\u2019\u00eatre simplement que l\u2019expression d\u2019une opinion dans des m\u00e9dias \u00e9trangers ou lors de tribunes organis\u00e9es \u00e0 l\u2019\u00e9tranger \u00bb. Le chef du Forum d\u00e9mocratique pour le travail et les libert\u00e9s (FDTL, opposition), le Dr Mustapha Ben Ja\u00e2far a aussi r\u00e9agi. \u00ab Au lieu d\u2019une ouverture que tout le monde attendait, on nous gratifie de l\u2019inverse : une loi faite pour faire peur et terroriser l\u2019opposition \u00bb, s\u2019est-il pein\u00e9. Le militant Kh\u00e9ma\u00efs Chammari, victime d\u2019une campagne de d\u00e9nigrement par des journaux proche du pouvoir, se dit \u00ab persuad\u00e9 que la nouvelle loi cible les d\u00e9fenseurs des droits de l\u2019homme et les opposants \u00bb. Plusieurs de ces activistes sont qualifi\u00e9s de \u00ab tra\u00eetres \u00bb et de \u00ab mercenaires \u00e0 la solde de l\u2019\u00e9tranger \u00bb par le gouvernement Tunisien. Le ministre tunisien de la Justice et des Droits de l\u2019homme, Lazhar Bououni, assure, lui, qu\u2019il n\u2019existe \u00ab aucune relation entre ce projet de loi et les libert\u00e9s publiques qui sont garanties par la Constitution \u00bb. Selon lui, \u00ab la formulation d\u2019une opinion, m\u00eame si elle entra\u00eene un pr\u00e9judice, ne saurait \u00eatre criminalis\u00e9e \u00bb.<\/font> <font><strong>Par Tarek Kacha<\/strong><\/font><\/div>\n<div align=\"justify\"><font><strong>(Source: \u00ab\u00a0El Watan\u00a0\u00bb (Quotidien &#8211; Algerie) le 20 juin 2010)<\/strong><\/font><\/div>\n<p><\/font><\/p>\n<\/div>\n<p><font><\/p>\n<div><strong><\/p>\n<hr\/>\n<p><\/strong><\/div>\n<div align=\"center\"><font><strong>\u00a0<\/strong><\/font><font><\/p>\n<h2 style=\"color: red;\"><font size=\"3\"><strong>Tunisie: Les produits bancaires Halal sont-ils reserv\u00e9s, exclusivement, aux banques islamiques?<\/strong><\/font><\/h2>\n<p> <\/font><\/div>\n<div>\n<hr\/>\n<\/div>\n<ul>\n<p align=\"justify\">\u00a0<\/p>\n<li>\n<p align=\"justify\"><font>Apr\u00e8s l&rsquo;entr\u00e9e en activit\u00e9 de la <\/font><a target=\"_blank\" rel=\"noopener\"><font>Banque Zitouna<\/font><\/a><font> fin mai 2010, le paysage bancaire tunisien s\u2019est renforc\u00e9 avec de nouveaux produits fond\u00e9s sur les principes de la finance islamique. En revanche, certains observateurs se sont demand\u00e9s si les autres banques de la place seraient tent\u00e9s de se lancer sur le march\u00e9 des<\/font><a target=\"_blank\" rel=\"noopener\"><font>produits islamiques<\/font><\/a><font> parall\u00e8lement \u00e0 leurs activit\u00e9s classiques.<\/font><\/p>\n<p align=\"justify\"><font>Le gouverneur de la<\/font><a target=\"_blank\" rel=\"noopener\"><font> Banque centrale <\/font><\/a><font>Taoufik Baccar, lors d\u2019une rencontre avec les journalistes, et en r\u00e9ponse \u00e0 une question sur la possibilit\u00e9 de l&rsquo;entr\u00e9e de nouvelles banques islamiques sur le march\u00e9 tunisien, a soulign\u00e9 que l&rsquo;octroi d&rsquo;agr\u00e9ment pour l&rsquo;exercice de l&rsquo;activit\u00e9 bancaire est r\u00e9gie par les textes r\u00e9glementant la profession et par le code des contrats et des obligations. <\/font><\/p>\n<div align=\"justify\"><font>Il a ajout\u00e9 que \u201cla Banque centrale n&rsquo;accorde pas d&rsquo;agr\u00e9ment pour l&rsquo;exercice d&rsquo;une activit\u00e9 bancaire sp\u00e9cifique,\u2026 mais que ce sont les banques qui choisissent le type de produits qu&rsquo;elles souhaitent mettre sur le march\u00e9\u201c.<\/font><\/div>\n<p align=\"justify\"><font>A noter qu\u2019il existe, en Tunisie, deux banques islamiques non r\u00e9sidentes\u00a0: la banque<\/font><a target=\"_blank\" rel=\"noopener\"><font> Noor <\/font><\/a><font>et la Banque <\/font><a target=\"_blank\" rel=\"noopener\"><font>El Baraka<\/font><\/a><font>, ainsi que la banque islamique locale <\/font><a target=\"_blank\" rel=\"noopener\"><font>Banque Zitouna<\/font><\/a><font>.<\/font><\/p>\n<\/li>\n<\/ul>\n<div align=\"justify\"><a target=\"_blank\" rel=\"noopener\"><font>B.B.K.<\/font><\/a><\/div>\n<div align=\"justify\"><strong><font>(Source: webmanagercenter.com &#8211; 26 Juin 2010 07:10:00)<\/font><\/strong><\/div>\n<div><strong><\/p>\n<hr\/>\n<p><\/strong><\/div>\n<div><strong>Obeidi de retour \u00e0 Tunis<\/strong>  Mouammar Kaddafi a nomm\u00e9 son diplomate num\u00e9ro un pour diriger le Bureau populaire libyen (ambassade) \u00e0 Tunis, poste qu\u2019il avait occup\u00e9 \u00e0 la fin des ann\u00e9es 1980. Abdelati el-Obeidi devrait prendre ses fonctions prochainement, le temps que l\u2019on mette la derni\u00e8re touche \u00e0 la spacieuse r\u00e9sidence qui l\u2019attend \u00e0 Carthage. Vice-ministre charg\u00e9 des Affaires europ\u00e9ennes avant d\u2019\u00eatre nomm\u00e9 \u00e0 Tunis, Obeidi fut Premier ministre de 1977 \u00e0 1979.<\/div>\n<div>\u00a0<\/div>\n<div><font face=\"Arial\" size=\"2\"><strong>(Source: Jeune Afrique le 25\/06\/2010 \u00e0 12h:21)<\/strong><\/font><\/div>\n<p><\/font><\/p>\n<p><\/font><\/div>\n<div>\n<hr\/>\n<\/div>\n<div align=\"center\"><font face=\"Arial\" size=\"2\"><strong><\/p>\n<h2 style=\"color: red;\"><font size=\"3\">Hariri conclut sa visite en Tunisie : Isra\u00ebl est agac\u00e9 par la stabilit\u00e9 au Liban<\/font><\/h2>\n<p><\/strong><\/font><\/div>\n<div align=\"center\">\n<hr\/>\n<\/div>\n<div align=\"center\"> \u00a0<\/div>\n<div align=\"justify\"> Visite officielle\u00a0 \u00ab Il y a un consensus interne pour soutenir le tribunal sp\u00e9cial \u00bb, a d\u00e9clar\u00e9 \u00e0 Tunis le Premier ministre, Saad Hariri, au cours d&rsquo;une visite de travail de 24 heures.  Le Premier ministre est rentr\u00e9 hier soir de Tunis, \u00e0 l&rsquo;issue d&rsquo;une visite de 24 heures. M. Hariri, qui \u00e9tait accompagn\u00e9 du ministre de l&rsquo;\u00c9ducation, Salim Wardy, de l&rsquo;ancien ministre Bassem el-Sabeh et de ses conseillers Mohammad Chatah et Hani Hammoud, a rencontr\u00e9 au palais pr\u00e9sidentiel, \u00e0 Tunis, le pr\u00e9sident Zine el-Abidine ben Ali, son homologue Mohammad Ghanouchi, ainsi qu&rsquo;un certain nombre de ministres et de hauts responsables tunisiens. Le pr\u00e9sident Hariri et les membres de la d\u00e9l\u00e9gation qui l&rsquo;accompagnent ont ensuite \u00e9t\u00e9 les h\u00f4tes \u00e0 d\u00e9jeuner du pr\u00e9sident tunisien. En quittant le palais pr\u00e9sidentiel, le pr\u00e9sident Hariri a d\u00e9clar\u00e9 a salu\u00e9 la Tunisie qui partage, avec le Liban, \u00ab les valeurs de mod\u00e9ration et de dialogue, de diversit\u00e9 et d&rsquo;ouverture \u00bb.   Il a \u00e9galement remerci\u00e9 la Tunisie pour \u00eatre toujours rest\u00e9e aux c\u00f4t\u00e9s du Liban, aux heures difficiles, en particulier lors de la guerre de 2006. \u00ab J&rsquo;ai soulign\u00e9 la n\u00e9cessit\u00e9 de consolider les relations \u00e9conomiques, commerciales et culturelles entre le Liban et la Tunisie, et nous nous sommes mis d&rsquo;accord pour activer le Haut Comit\u00e9 entre les gouvernements du Liban et de la Tunisie \u00bb, a-t-il annonc\u00e9, tout en souhaitant le renforcement de la coop\u00e9ration entre les deux secteurs priv\u00e9s libanais et tunisien, notamment dans le domaine touristique. Et de souligner que \u00ab le Liban et la Tunisie appuient le projet d&rsquo;\u00e9tablissement d&rsquo;une zone de libre-\u00e9change arabe, sont membres de l&rsquo;Union pour la M\u00e9diterran\u00e9e, et ont convenu de coordonner dans ces deux domaines, parall\u00e8lement \u00e0 la coordination en cours \u00e0 travers la repr\u00e9sentation par le Liban du groupe arabe au Conseil de s\u00e9curit\u00e9 des Nations unies \u00bb. M. Hariri a soulign\u00e9 les convergences de vues entre le Liban et la Tunisie sur la cause palestinienne, et sur \u00ab la recherche d&rsquo;une solution globale et juste sur la base de la Conf\u00e9rence de Madrid et de l&rsquo;initiative arabe pour la paix \u00bb. Il a enfin annonc\u00e9 qu&rsquo;il avait invit\u00e9 son h\u00f4te \u00e0 visiter le Liban.  <strong>Conf\u00e9rence de presse<\/strong> Avant son d\u00e9part de Tunisie, le pr\u00e9sident Hariri a \u00e9voqu\u00e9 avec les journalistes les r\u00e9sultats de sa visite en Tunisie. Il a d\u00e9clar\u00e9 qu&rsquo;il \u00ab n&rsquo;est pas normal \u00bb que la communaut\u00e9 internationale assiste passivement au drame du peuple palestinien, mais a r\u00e9affirm\u00e9 qu&rsquo;il n&rsquo;y aura pas de navire d&rsquo;aide humanitaire voguant pour Gaza, au d\u00e9part des c\u00f4tes libanaises, \u00ab car nous ne reconnaissons pas l&rsquo;entit\u00e9 isra\u00e9lienne \u00bb. \u00ab De plus, il s&rsquo;agit de la soci\u00e9t\u00e9 civile \u00bb, a-t-il ajout\u00e9. Interrog\u00e9 sur les menaces d&rsquo;intervention prof\u00e9r\u00e9es par Isra\u00ebl, en cas de prospection p\u00e9troli\u00e8re dans les eaux territoriales libanaises, M. Hariri a r\u00e9pondu que \u00ab la stabilit\u00e9 actuelle au Liban agace Isra\u00ebl, ainsi que la diversit\u00e9 et le pluralisme dans notre pays \u00bb. Au sujet de la mise en accusation du Hezbollah par le TSL et des risques de r\u00e9action violente du Hezb, M. Hariri a affirm\u00e9 : \u00ab Il y a un consensus national pour soutenir le tribunal sp\u00e9cial, \u00e0 la table de dialogue, au sein du Conseil des ministres et dans la d\u00e9claration minist\u00e9rielle. Nous devons attendre l&rsquo;acte d&rsquo;accusation et le verdict. Beaucoup de rumeurs et d&rsquo;accusations ont \u00e9t\u00e9 faites au cours des quatre derni\u00e8res ann\u00e9es, de la part de plusieurs parties contre tout le monde. Nous devons attendre, et j&rsquo;ai pleinement confiance dans le tribunal sp\u00e9cial et la d\u00e9cision qu&rsquo;il prendra. \u00bb Par ailleurs, M. Hariri a affirm\u00e9 qu&rsquo;il sera bon \u00ab de donner une chance au pr\u00e9sident Obama parce qu&rsquo;il y a une volont\u00e9 am\u00e9ricaine r\u00e9elle de trouver une solution juste et globale dans la r\u00e9gion \u00bb. \u00ab Mais nous devons rester prudents en la mati\u00e8re \u00bb, a-t-il ajout\u00e9. \u00ab Il nous faut une strat\u00e9gie claire, a-t-il soulign\u00e9. La communaut\u00e9 internationale doit constater que nous parlons de la paix alors qu&rsquo;Isra\u00ebl parle de guerre (&#8230;), savoir qu&rsquo;il y a un milliard deux cents millions de musulmans qui ont approuv\u00e9 l&rsquo;initiative de paix, tandis qu&rsquo;Isra\u00ebl veut la guerre. \u00bb Enfin, M. Hariri a affirm\u00e9 qu&rsquo;aucune divergence de vues ne l&rsquo;oppose \u00e0 Nabih Berry en ce qui concerne la prospection p\u00e9troli\u00e8re, et que ce probl\u00e8me sera r\u00e9gl\u00e9. \u00ab Il n&rsquo;y a pas de probl\u00e8me avec le pr\u00e9sident Berry au sujet de la prospection offshore. Le gouvernement a fait un travail consid\u00e9rable \u00e0 ce sujet au cours des deux derni\u00e8res ann\u00e9es, et ce sujet devrait \u00eatre abord\u00e9 d&rsquo;une mani\u00e8re qui profite aux Libanais \u00bb, a-t-il dit.   <strong><font>(Source: \u00ab\u00a0L\u00b4Orient du jour\u00a0\u00bb (Quotidien &#8211; Liban) le 26 juin 2010)<\/font><\/strong><\/div>\n<div>\n<hr\/>\n<\/div>\n<div align=\"center\"><font face=\"Arial\" size=\"2\"><strong><\/p>\n<h2 style=\"color: red;\"><font size=\"3\">En visite officielle, Sa\u00e2d Hariri souhaite investir en Tunisie<\/font><\/h2>\n<p><\/strong> <\/font><\/div>\n<div align=\"justify\">\n<hr\/>\n<p> \u00a0middle-east-online &#8211; Sa\u00e2d Hariri, Premier ministre libanais, a entam\u00e9 hier (jeudi) une visite officielle en Tunisie de deux jours. Le chef du gouvernement libanais s\u2019entretiendra avec le Pr\u00e9sident Ben Ali, ainsi qu\u2019avec son homologue tunisien, Mohamed Ghanouchi, et de hauts responsables de l\u2019Etat, selon des sources tunisiennes et libanaises. Les discussions porteront sur la situation au Moyen-Orient, et la consolidation des relations\u00a0 bilat\u00e9rales entre les deux pays.   Sa\u00e2d Hariri examinera avec les responsables tunisiens les moyens de renforcer les relations \u00e9conomiques, \u00e0 travers des projets d\u2019investissements. Le Premier ministre libanais cherche \u00e0 \u00e9tendre ses investissements en dehors\u00a0 de la r\u00e9gion du Golfe, march\u00e9 traditionnel des investissements de la famille Hariri, en mettant le cap sur les pays d\u2019Afrique du Nord, \u00e0 commencer par la Tunisie, \u00e9tant une destination d\u2019investissements pour les grandes soci\u00e9t\u00e9s arabes et \u00e9trang\u00e8res.   Au niveau politique, la visite de Sa\u00e2d Hariri s\u2019inscrit dans le cadre de la nature de la politique de la Tunisie, et ses positions envers les affaires arabes. Le pays suit, en effet,\u00a0 une diplomatie pragmatique, et b\u00e9n\u00e9ficie du respect des pays arabes qui voient en la Tunisie une voix de mod\u00e9ration.   La Tunisie accorde un grand int\u00e9r\u00eat \u00e0 instaurer des relations arabo-arabes fond\u00e9es sur l\u2019\u00e9change des int\u00e9r\u00eats communs, et \u00e0 affranchir les relations \u00e9conomiques de l\u2019emprise des diff\u00e9rends politiques.   La visite du chef du gouvernement libanais en Tunisie comprend un ordre du jour charg\u00e9, avec la signature de 13 conventions et m\u00e9morandum d\u2019entente dans diff\u00e9rents secteurs, touchant l\u2019enseignement sup\u00e9rieur, le tourisme, la sant\u00e9, l\u2019aviation, outre un projet d\u2019investissement touristique dans la r\u00e9gion de Mehdia. La visite sera couronn\u00e9e par la mise en place d\u2019une commission conjointe tuniso-libanaise pour consolider les relations entre les deux pays.   La visite de Hariri intervient dans la foul\u00e9e d\u2019une tourn\u00e9e ayant englob\u00e9 de nombreux pays dont les Etats-Unis, l\u2019Egypte et la Turquie. Cette visite est la premi\u00e8re du Premier ministre libanais en Tunisie, depuis la formation de son gouvernement en novembre dernier.   Selon des experts \u00e9conomiques, la Tunisie sera la premi\u00e8re destination pour Hariri afin qu\u2019il lance ses investissements en Afrique du Nord, ce qui est \u00e0 m\u00eame de lui ouvrir de nouveaux march\u00e9s d\u2019investissements. Hariri qui compte parmi les personnalit\u00e9s les plus riches dans le monde arabe concentre la majorit\u00e9 de ses investissements dans les pays du Golfe. Le fils du d\u00e9funt Rafik Hariri investit sp\u00e9cialement dans les domaines de l\u2019immobilier et des communications.   Au cours des derni\u00e8res ann\u00e9es, les investisseurs arabes, issus notamment des pays du Golfe, ont manifest\u00e9 un int\u00e9r\u00eat accru pour la Tunisie, en tant que destination privil\u00e9gi\u00e9e d&rsquo;investissements, qui se pr\u00e9vaut de nombreux atouts, dont la paix et la stabilit\u00e9.   <strong><font>(Source: GlobalNet\u00a0 le Vendredi 25 Juin 2010 \u00e0 16:46)<\/font><\/strong><\/div>\n<div align=\"justify\">\n<hr\/>\n<\/div>\n<div align=\"center\"><strong><font>Maghreb<\/font><\/strong> <strong><\/p>\n<h2 style=\"color: red;\"><font size=\"3\">Quand l&rsquo;UMA ouvre un \u0153il<\/font><\/h2>\n<p><\/strong><\/div>\n<div align=\"center\">\n<hr\/>\n<\/div>\n<div align=\"justify\">\u00a0<\/div>\n<div align=\"justify\">\u00a0<strong><font>Par Samir Gharbi<\/font><\/strong>  L\u2019Union du Maghreb arabe (UMA), qui existe sur le papier depuis 1989, poursuit inlassablement son travail de fourmi, en attendant d\u2019entrer dans les faits. Son secr\u00e9taire g\u00e9n\u00e9ral, le Tunisien Habib Ben Yahia, a ainsi sign\u00e9, le 16 juin, \u00e0 Rabat, un \u00ab protocole d\u2019entente \u00bb avec le Qatari Abdulrahman Ibn Hamad Al Attiyah, patron du Conseil de coop\u00e9ration du Golfe (CCG). En cette premi\u00e8re quinzaine de juin, plusieurs jalons sur le chemin de l\u2019int\u00e9gration entre les cinq pays membres de l\u2019UMA (Alg\u00e9rie, Libye, Maroc, Mauritanie, Tunisie) ont \u00e9t\u00e9 pos\u00e9s. Le 7 juin, le Conseil des ministres maghr\u00e9bins charg\u00e9s du Commerce a paraph\u00e9, \u00e0 Tripoli, un projet de convention sur la cr\u00e9ation d\u2019une zone de libre-\u00e9change qui, apr\u00e8s ratification, devrait \u00eatre mise en \u0153uvre d\u2019ici \u00e0 dix ans avec le d\u00e9mant\u00e8lement total des barri\u00e8res douani\u00e8res (les \u00e9changes intermaghr\u00e9bins ne repr\u00e9sentent actuellement que 3 % des \u00e9changes ext\u00e9rieurs de ces cinq pays). Trois jours apr\u00e8s, le 10 juin, \u00e0 Alger, le Conseil consultatif maghr\u00e9bin, qui r\u00e9unit une fois par an 150 parlementaires (30 par pays), a lanc\u00e9 un appel pour \u00ab dynamiser \u00bb la marche de l\u2019UMA. \u00ab L\u2019unit\u00e9 du Maghreb est devenue aujourd\u2019hui non seulement une n\u00e9cessit\u00e9 strat\u00e9gique, mais aussi le seul moyen de faire face aux mutations que conna\u00eet le monde \u00bb, a d\u00e9clar\u00e9 son nouveau pr\u00e9sident, l\u2019Alg\u00e9rien A\u00efssa Kheiri. En signe de bonne volont\u00e9, le gouvernement alg\u00e9rien a fait don d\u2019un terrain pour que le Conseil se dote enfin d\u2019un si\u00e8ge. Prochaine \u00e9tape\u2009: l\u2019approbation d\u2019un document sur la cr\u00e9ation d\u2019une \u00ab Communaut\u00e9 \u00e9conomique maghr\u00e9bine \u00bb lors de la r\u00e9union, en septembre prochain, \u00e0 Tunis, de la commission qui r\u00e9unira les ministres de l\u2019\u00c9conomie et des Finances. Ce document est le fruit d\u2019une \u00e9tude exhaustive qui a co\u00fbt\u00e9 450\u2009000 dollars (365\u2009000 euros), financ\u00e9e \u00e0 95 % par la Banque africaine de d\u00e9veloppement (BAD).<\/div>\n<div align=\"justify\">\u00a0<\/div>\n<div align=\"justify\"><font face=\"Arial\" size=\"2\"><strong>(Source: jeuneafrique.com le 24\/06\/2010 \u00e0 16h:53)<\/strong><\/font><\/div>\n<div align=\"justify\">\n<hr\/>\n<\/div>\n<div align=\"center\"><font face=\"Arial\" size=\"2\"><strong><\/p>\n<h2 style=\"color: red;\"><font size=\"3\">Jeune homme d\u00e9c\u00e9d\u00e9 en Egypte: ElBaradei au c\u00f4t\u00e9 de manifestants \u00e0 Alexandrie<\/font><\/h2>\n<p><\/strong><\/font><\/div>\n<div align=\"center\">\n<hr\/>\n<\/div>\n<div align=\"justify\"> <font face=\"Arial\" size=\"2\">AFP \/ 25 juin 2010 18h23 ALEXANDRIE (Egypte) &#8211; Plusieurs milliers de personnes, avec \u00e0 leur t\u00eate la principale figure de l&rsquo;opposition \u00e9gyptienne Mohamed ElBaradei, ont manifest\u00e9 vendredi \u00e0 Alexandrie (nord) contre les violences polici\u00e8res, \u00e0 leurs yeux \u00e0 l&rsquo;origine de la r\u00e9cente mort d&rsquo;un jeune homme. Accompagn\u00e9 de son \u00e9pouse, M. ElBaradei, ancien patron de l&rsquo;Agence internationale de l&rsquo;\u00e9nergie atomique (AIEA), s&rsquo;\u00e9tait auparavant rendu aupr\u00e8s de la famille de Khaled Sa\u00efd, 28 ans, mort \u00e0 Alexandrie le 6 juin apr\u00e8s son interpellation par la police, selon une journaliste de l&rsquo;AFP. Apr\u00e8s avoir particip\u00e9 \u00e0 la pri\u00e8re du vendredi, l&rsquo;opposant de 68 ans a \u00e9prouv\u00e9 le plus grand mal \u00e0 se frayer un passage dans le cort\u00e8ge de nombreux manifestants cherchant \u00e0 lui embrasser les mains ou lui donner une accolade. Dans le calme et au milieu d&rsquo;un imposant dispositif de s\u00e9curit\u00e9, la foule -qui comptait aussi en son sein des repr\u00e9sentants de partis d&rsquo;opposition et des militants des droits de l&rsquo;Homme- a scand\u00e9 \u00ab\u00a0Changement\u00a0\u00bb et brandi des portraits de Sa\u00efd. La diffusion sur internet d&rsquo;images difficilement soutenables d&rsquo;un visage sans vie couvert de plaies -pr\u00e9sent\u00e9 comme celui du jeune homme apr\u00e8s avoir \u00e9t\u00e9 violemment frapp\u00e9- a fait de ce d\u00e9c\u00e8s un symbole de la brutalit\u00e9 polici\u00e8re. Se basant sur une double autopsie pratiqu\u00e9e sur la d\u00e9pouille de Khaled Mohamed Sa\u00efd, le procureur g\u00e9n\u00e9ral Abdel-M\u00e9guid Mahmoud a r\u00e9p\u00e9t\u00e9 mercredi que celui-ci \u00e9tait mort d&rsquo;une \u00ab\u00a0asphyxie apr\u00e8s ingestion d&rsquo;un corps \u00e9tranger, un sachet plastique contenant une substance verte, (&#8230;) de la marijuana\u00a0\u00bb. Mais des t\u00e9moins et des associations ont rejet\u00e9 ces conclusions, r\u00e9affirmant que le jeune homme avait \u00e9t\u00e9 tra\u00een\u00e9 par des policiers en civil en dehors d&rsquo;un caf\u00e9 internet, puis battu \u00e0 mort dans la rue. Les Etats-Unis avaient annonc\u00e9 avoir contact\u00e9 le gouvernement \u00e9gyptien \u00e0 ce sujet, lui demandant de \u00ab\u00a0demander des comptes \u00e0 quiconque est responsable\u00a0\u00bb. Cette affaire avait d\u00e9j\u00e0 donn\u00e9 lieu \u00e0 des manifestations, notamment dimanche dernier au Caire, o\u00f9 des heurts avaient \u00e9clat\u00e9 entre la police et des manifestants. Une trentaine de personnes au moins avaient \u00e9t\u00e9 arr\u00eat\u00e9es. Lors du rassemblement de vendredi, des participants ont \u00e9galement brandi des banderoles \u00ab\u00a0Nos condol\u00e9ances \u00e0 la libert\u00e9\u00a0\u00bb, scand\u00e9 \u00ab\u00a0A bas Hosni Moubarak\u00a0\u00bb et r\u00e9clam\u00e9 le limogeage du ministre de l&rsquo;Int\u00e9rieur, Habib al-Adly, d&rsquo;apr\u00e8s une journaliste de l&rsquo;AFP. \u00ab\u00a0Nous nous sommes r\u00e9unis aujourd&rsquo;hui pour pleurer la perte de Khaled Sa\u00efd et pour pleurer le destin de cette nation\u00a0\u00bb, a expliqu\u00e9 \u00e0 l&rsquo;issue de la manifestation Hassan Nafaa, responsable de l&rsquo;Association nationale pour le changement, initi\u00e9e par M. ElBaradei afin d&rsquo;appeler \u00e0 des r\u00e9formes politiques. \u00ab\u00a0Il y avait plusieurs milliers de personnes, et encore quelques autres milliers dans les rues proches de la mosqu\u00e9e\u00a0\u00bb, s&rsquo;est-t-il n\u00e9anmoins f\u00e9licit\u00e9.<\/font><\/div>\n<div align=\"justify\">\n<hr\/>\n<\/div>\n<div align=\"center\">\n<h3 style=\"color: blue;\"><font size=\"3\"><strong>Plusieurs milliers d&rsquo;Egyptiens protestent contre les violences polici\u00e8res<\/strong><\/font><\/h3>\n<\/div>\n<div align=\"center\"><font size=\"3\"><\/p>\n<hr\/>\n<p><\/font><\/div>\n<div align=\"justify\">\u00a0<\/div>\n<div align=\"justify\"> AP 25\/06\/10 21:10  ALEXANDRIE, Egypte (AP) \u2014 Plusieurs milliers d&rsquo;Egyptiens, parmi lesquels le chef de l&rsquo;opposition Mohamed ElBaradei, ont manifest\u00e9 vendredi \u00e0 Alexandrie pour protester contre les violences polici\u00e8res, apr\u00e8s le d\u00e9c\u00e8s d&rsquo;une jeune homme qui aurait \u00e9t\u00e9 battu \u00e0 mort par la police le 6 juin. La mort de Khaled Sa\u00efd a rassembl\u00e9 des militants r\u00e9formateurs et des d\u00e9fenseurs des droits de l&rsquo;homme qui affirment que les violences polici\u00e8res sont end\u00e9miques dans leur pays. \u00ab\u00a0C&rsquo;est un message clair pour dire au r\u00e9gime que le peuple \u00e9gyptien en a assez de pratiques qui sont inhumaines\u00a0\u00bb, a d\u00e9clar\u00e9 Mohamed ElBaradei apr\u00e8s la manifestation, en qualifiant la mort de Khaled Sa\u00efd de \u00ab\u00a0crime haineux\u00a0\u00bb. Selon des t\u00e9moins, des policiers ont sorti Khaled Sa\u00efd, un homme d&rsquo;affaires de 28 ans, d&rsquo;un caf\u00e9 Internet dans lequel il se trouvait \u00e0 Alexandrie et ils l&rsquo;ont frapp\u00e9 dans la rue. Le gouvernement affirme pour sa part qu&rsquo;il est mort par asphyxie, apr\u00e8s avoir aval\u00e9 un paquet de m\u00e9dicaments. AP ALEXANDRIE, Egypte (AP) \u2014 Plusieurs milliers d&rsquo;Egyptiens, parmi lesquels le chef de l&rsquo;opposition Mohamed ElBaradei, ont manifest\u00e9 vendredi \u00e0 Alexandrie pour protester contre les violences polici\u00e8res, apr\u00e8s le d\u00e9c\u00e8s d&rsquo;une jeune homme qui aurait \u00e9t\u00e9 battu \u00e0 mort par la police le 6 juin. La mort de Khaled Sa\u00efd a rassembl\u00e9 des militants r\u00e9formateurs et des d\u00e9fenseurs des droits de l&rsquo;homme qui affirment que les violences polici\u00e8res sont end\u00e9miques dans leur pays. \u00ab\u00a0C&rsquo;est un message clair pour dire au r\u00e9gime que le peuple \u00e9gyptien en a assez de pratiques qui sont inhumaines\u00a0\u00bb, a d\u00e9clar\u00e9 Mohamed ElBaradei apr\u00e8s la manifestation, en qualifiant la mort de Khaled Sa\u00efd de \u00ab\u00a0crime haineux\u00a0\u00bb. Selon des t\u00e9moins, des policiers ont sorti Khaled Sa\u00efd, un homme d&rsquo;affaires de 28 ans, d&rsquo;un caf\u00e9 Internet dans lequel il se trouvait \u00e0 Alexandrie et ils l&rsquo;ont frapp\u00e9 dans la rue. Le gouvernement affirme pour sa part qu&rsquo;il est mort par asphyxie, apr\u00e8s avoir aval\u00e9 un paquet de m\u00e9dicaments. AP<\/div>\n<div align=\"justify\">\n<hr\/>\n<\/div>\n<div align=\"center\"><font face=\"Arial\" size=\"2\"><strong><\/p>\n<h3 style=\"color: blue;\"><font size=\"3\">Le G8 condamne la Cor\u00e9e du Nord, exhorte l&rsquo;Iran au dialogue<\/font><\/h3>\n<p><\/strong><\/font><\/div>\n<div align=\"center\"><font face=\"Arial\" size=\"2\"><\/p>\n<hr\/>\n<p><\/font><\/div>\n<div align=\"justify\"> AFP le 26 jnuin 2010 18:26 TORONTO \u2014 Les dirigeants du G8 ont condamn\u00e9 samedi la Cor\u00e9e du Nord pour le torpillage d&rsquo;une corvette sud-cor\u00e9enne en mars et exhort\u00e9 l&rsquo;Iran \u00e0 un \u00ab\u00a0dialogue transparent\u00a0\u00bb sur son programme nucl\u00e9aire. Le groupe des huit pays les plus industrialis\u00e9s a aussi appel\u00e9 T\u00e9h\u00e9ran au respect de \u00ab\u00a0l&rsquo;\u00e9tat de droit\u00a0\u00bb et de \u00ab\u00a0la libert\u00e9 d&rsquo;expression\u00a0\u00bb, dans son communiqu\u00e9 publi\u00e9 \u00e0 l&rsquo;issue de son sommet annuel \u00e0 Huntsville (Canada). Les dirigeants du G8 ont en outre affirm\u00e9 que le blocus de Gaza \u00ab\u00a0ne peut pas continuer et doit \u00eatre chang\u00e9\u00a0\u00bb. \u00a0<\/div>\n<hr\/>\n<div align=\"center\"><strong><\/p>\n<h3 style=\"color: blue;\"><font size=\"3\">Le blocus de Gaza n&rsquo;est pas viable en l&rsquo;\u00e9tat et doit \u00eatre chang\u00e9: G8<\/font><\/h3>\n<p><\/strong> <\/div>\n<div align=\"center\">\n<hr\/>\n<\/div>\n<div align=\"justify\"> AFP \/ 26 juin 2010 18h35 TORONTO (Canada) &#8211; Le blocus de Gaza n&rsquo;est pas viable en l&rsquo;\u00e9tat et doit \u00eatre chang\u00e9, ont affirm\u00e9 les dirigeants des huit pays les plus industrialis\u00e9s dans une d\u00e9claration commune publi\u00e9e samedi \u00e0 l&rsquo;issue de leur sommet annuel \u00e0 Huntsville (Canada). \u00ab\u00a0Les dispositions actuelles ne sont pas viables et doivent \u00eatre chang\u00e9es\u00a0\u00bb, indique le texte de ce communiqu\u00e9 final, au sujet du blocus impos\u00e9 \u00e0 la bande de Gaza par Isra\u00ebl. \u00ab\u00a0Nous demandons instamment \u00e0 toutes les parties de travailler ensemble pour mettre en oeuvre la r\u00e9solution 1860 du Conseil de s\u00e9curit\u00e9 des Nations unies et pour assurer l&rsquo;aide humanitaire et la circulation des biens commerciaux et des personnes, en provenance et \u00e0 destination de Gaza\u00a0\u00bb, ajoutent les dirigeants du G8. \u00ab\u00a0Nous regrettons profond\u00e9ment les morts violentes et les blessures subies au cours des \u00e9v\u00e9nements qui ont eu lieu le 31 mai au large de Gaza\u00a0\u00bb, indique encore ce texte, qui se f\u00e9licite toutefois de \u00ab\u00a0la d\u00e9cision prise par le gouvernement isra\u00e9lien de cr\u00e9er une commission publique ind\u00e9pendante pour enqu\u00eater sur ces \u00e9v\u00e9nements, avec une participation internationale\u00a0\u00bb. Cet assaut par des commandos de la marine isra\u00e9lienne contre une flottille humanitaire internationale se rendant \u00e0 Gaza avait fait neuf morts parmi les passagers.<\/div>\n<\/div>\n<p align=\"center\" dir=\"ltr\">\n<h3 style=\"color: blue;\"><font face=\"Arial\" size=\"2\"><strong><b><a href=\"https:\/\/tunisnews.net\/ar\/\"><font face=\"Arial\"><span><font size=\"2\">Home<\/font><\/span><font size=\"2\"><span lang=\"FR-CH\"> &#8211; Accueil <\/span><span>&#8211; <\/span><\/font><\/font><span dir=\"rtl\" lang=\"AR-SA\"><font size=\"2\">\u0627\u0644\u0631\u0626\u064a\u0633\u064a\u0629<\/font><\/span><\/a><\/b><\/strong><\/font><\/h3>\n<\/p>\n<p align=\"center\" dir=\"ltr\">\u00a0<\/p>\n<p><\/body><\/body><\/html><\/p>","protected":false},"excerpt":{"rendered":"<p>Home &#8211; Accueil \u00a0 TUNISNEWS 10\u00a0\u00e8me ann\u00e9e, N\u00b0\u00a03686 du 26.06.2010 \u00a0archives : www.tunisnews.net\u00a0 El Watan: Un vent de pol\u00e9mique souffle sur la Tunisie WMC: Tunisie: Les produits bancaires Halal sont-ils reserv\u00e9s, exclusivement, aux banques islamiques? L\u00b4Orient du jour: Hariri conclut sa visite en Tunisie : Isra\u00ebl est agac\u00e9 par la stabilit\u00e9 au Liban GlobalNet: \u00a0En [&hellip;]<\/p>\n","protected":false},"author":1,"featured_media":22040,"comment_status":"open","ping_status":"open","sticky":false,"template":"","format":"standard","meta":{"inline_featured_image":false,"site-sidebar-layout":"default","site-content-layout":"","ast-site-content-layout":"default","site-content-style":"default","site-sidebar-style":"default","ast-global-header-display":"","ast-banner-title-visibility":"","ast-main-header-display":"","ast-hfb-above-header-display":"","ast-hfb-below-header-display":"","ast-hfb-mobile-header-display":"","site-post-title":"","ast-breadcrumbs-content":"","ast-featured-img":"","footer-sml-layout":"","ast-disable-related-posts":"","theme-transparent-header-meta":"","adv-header-id-meta":"","stick-header-meta":"","header-above-stick-meta":"","header-main-stick-meta":"","header-below-stick-meta":"","astra-migrate-meta-layouts":"default","ast-page-background-enabled":"default","ast-page-background-meta":{"desktop":{"background-color":"","background-image":"","background-repeat":"repeat","background-position":"center center","background-size":"auto","background-attachment":"scroll","background-type":"","background-media":"","overlay-type":"","overlay-color":"","overlay-opacity":"","overlay-gradient":""},"tablet":{"background-color":"","background-image":"","background-repeat":"repeat","background-position":"center center","background-size":"auto","background-attachment":"scroll","background-type":"","background-media":"","overlay-type":"","overlay-color":"","overlay-opacity":"","overlay-gradient":""},"mobile":{"background-color":"","background-image":"","background-repeat":"repeat","background-position":"center center","background-size":"auto","background-attachment":"scroll","background-type":"","background-media":"","overlay-type":"","overlay-color":"","overlay-opacity":"","overlay-gradient":""}},"ast-content-background-meta":{"desktop":{"background-color":"var(--ast-global-color-5)","background-image":"","background-repeat":"repeat","background-position":"center center","background-size":"auto","background-attachment":"scroll","background-type":"","background-media":"","overlay-type":"","overlay-color":"","overlay-opacity":"","overlay-gradient":""},"tablet":{"background-color":"var(--ast-global-color-5)","background-image":"","background-repeat":"repeat","background-position":"center center","background-size":"auto","background-attachment":"scroll","background-type":"","background-media":"","overlay-type":"","overlay-color":"","overlay-opacity":"","overlay-gradient":""},"mobile":{"background-color":"var(--ast-global-color-5)","background-image":"","background-repeat":"repeat","background-position":"center center","background-size":"auto","background-attachment":"scroll","background-type":"","background-media":"","overlay-type":"","overlay-color":"","overlay-opacity":"","overlay-gradient":""}},"footnotes":""},"categories":[],"tags":[58,41,29],"class_list":["post-17014","post","type-post","status-publish","format-standard","has-post-thumbnail","hentry","tag-58","tag-41","tag-fr"],"_links":{"self":[{"href":"https:\/\/tunisnews.net\/ar\/wp-json\/wp\/v2\/posts\/17014","targetHints":{"allow":["GET"]}}],"collection":[{"href":"https:\/\/tunisnews.net\/ar\/wp-json\/wp\/v2\/posts"}],"about":[{"href":"https:\/\/tunisnews.net\/ar\/wp-json\/wp\/v2\/types\/post"}],"author":[{"embeddable":true,"href":"https:\/\/tunisnews.net\/ar\/wp-json\/wp\/v2\/users\/1"}],"replies":[{"embeddable":true,"href":"https:\/\/tunisnews.net\/ar\/wp-json\/wp\/v2\/comments?post=17014"}],"version-history":[{"count":0,"href":"https:\/\/tunisnews.net\/ar\/wp-json\/wp\/v2\/posts\/17014\/revisions"}],"wp:featuredmedia":[{"embeddable":true,"href":"https:\/\/tunisnews.net\/ar\/wp-json\/wp\/v2\/media\/22040"}],"wp:attachment":[{"href":"https:\/\/tunisnews.net\/ar\/wp-json\/wp\/v2\/media?parent=17014"}],"wp:term":[{"taxonomy":"category","embeddable":true,"href":"https:\/\/tunisnews.net\/ar\/wp-json\/wp\/v2\/categories?post=17014"},{"taxonomy":"post_tag","embeddable":true,"href":"https:\/\/tunisnews.net\/ar\/wp-json\/wp\/v2\/tags?post=17014"}],"curies":[{"name":"wp","href":"https:\/\/api.w.org\/{rel}","templated":true}]}}