{"id":16984,"date":"2011-04-28T00:00:00","date_gmt":"2011-04-28T00:00:00","guid":{"rendered":"https:\/\/tunisnews.net\/28-avril-2011\/"},"modified":"2011-04-28T00:00:00","modified_gmt":"2011-04-28T00:00:00","slug":"28-avril-2011","status":"publish","type":"post","link":"https:\/\/tunisnews.net\/ar\/28-avril-2011\/","title":{"rendered":"28 avril 2011"},"content":{"rendered":"<p><html><head><meta content=\"text\/html\" description=\"TUNIS - Les insurg\u00e9s oppos\u00e9s au colonel \t\tKadhafi ont repris jeudi en fin d'apr\u00e8s-midi le poste-fronti\u00e8re \t\ttuniso-libyen de Dehiba lors de violents affrontements au cours duquel \t\thuit soldats loyalistes ont \u00e9t\u00e9 tu\u00e9s, a-t-on appris de sources \t\tconcordantes.\" http-equiv=\"Content-Type\"\/><\/head><body><body><\/p>\n<div>\n<div align=\"center\" dir=\"ltr\"><font face=\"Bookman Old Style\" size=\"7\"><strong>TUNISNEWS <\/strong><\/font><\/div>\n<div align=\"center\" dir=\"ltr\"><strong><font face=\"Arial\" size=\"2\">10 \u00e8me ann\u00e9e, N\u00b03992 du 28.04.2011<\/font><\/strong><\/div>\n<div align=\"center\" dir=\"ltr\"><font face=\"Arial\" size=\"2\"><strong>archives : <\/strong><\/font><a target=\"_blank\" rel=\"noopener\"><font face=\"Arial\" size=\"2\"><strong>www.tunisnews.net<\/strong><\/font><\/a><span lang=\"FR\"><strong><font face=\"Arial\" size=\"2\"><\/font><\/strong><\/span><\/div>\n<p><span lang=\"FR\"><\/p>\n<p><font><\/p>\n<div align=\"center\" dir=\"ltr\"><font face=\"Arial\" size=\"2\"><\/p>\n<hr\/>\n<p><\/font><\/div>\n<p align=\"left\">\n<h2 style=\"color: red;\"><font face=\"Arial\" size=\"2\"><strong>AFP: Libye-Tunisie: les insurg\u00e9s ont repris le poste-fronti\u00e8re de Dehiba<\/strong><\/font><\/h2>\n<\/p>\n<p align=\"left\"><font face=\"Arial\"><strong><font face=\"Arial\" size=\"2\"><b><span lang=\"EN-US\"><font face=\"Arial\">Khaled MABROUK<font>: <\/font><\/font><\/span><span lang=\"FR\"><font face=\"Arial\">REVOLUTION, \u00e0 qui on la doit ?<\/font><font face=\"Arial\">Conduira-t-elle \u00e0 la d\u00e9mocratie ?<\/font><\/span><\/b><\/font><\/strong><\/font><\/p>\n<p><\/font><\/p>\n<p><\/span><\/p>\n<div>\n<hr\/>\n<\/div>\n<div><font face=\"Arial\" size=\"4\"><strong>REVUE DE PRESSE<\/strong><\/font><\/div>\n<div>\n<hr\/>\n<\/div>\n<div align=\"center\">\n<h2 style=\"color: red;\"><font face=\"Arial\"><strong>Libye-Tunisie: les insurg\u00e9s ont repris le poste-fronti\u00e8re de Dehiba<\/strong><\/font><\/h2>\n<\/div>\n<div align=\"center\">\n<hr\/>\n<\/div>\n<div align=\"justify\">\u00a0<\/div>\n<div align=\"justify\"><font face=\"Arial\" size=\"2\">AFP \/ 28 avril 2011 20h51<\/font><\/div>\n<div align=\"justify\">\u00a0<\/div>\n<div align=\"justify\"><font face=\"Arial\" size=\"2\">TUNIS &#8211; Les insurg\u00e9s oppos\u00e9s au colonel Kadhafi ont repris jeudi en fin d&rsquo;apr\u00e8s-midi le poste-fronti\u00e8re tuniso-libyen de Dehiba lors de violents affrontements au cours duquel huit soldats loyalistes ont \u00e9t\u00e9 tu\u00e9s, a-t-on appris de sources concordantes.<\/font><\/div>\n<div align=\"justify\">\u00a0<\/div>\n<div align=\"justify\"><font face=\"Arial\" size=\"2\">Quelques heures plus t\u00f4t, les forces fid\u00e8les au r\u00e9gime libyen avaient repris le contr\u00f4le du poste conquis par les insurg\u00e9s le 21 avril \u00e0 l&rsquo;aube.<\/font><\/div>\n<div align=\"justify\">\u00a0<\/div>\n<div align=\"justify\"><font face=\"Arial\" size=\"2\">Dehiba est situ\u00e9e \u00e0 environ 200 kilom\u00e8tres au sud de Ras Jdir, le principal point de passage entre la Libye et la Tunisie.<\/font><\/div>\n<div align=\"justify\">\u00a0<\/div>\n<div align=\"justify\"><font face=\"Arial\" size=\"2\">Du cot\u00e9 libyen du poste-fronti\u00e8re les deux camps rivaux ont \u00e9chang\u00e9 des tirs d&rsquo;artillerie, provoquant des mouvements de paniques des civils dans la zone, selon un t\u00e9moin interrog\u00e9 par l&rsquo;AFP.<\/font><\/div>\n<div align=\"justify\">\u00a0<\/div>\n<div align=\"justify\"><font face=\"Arial\" size=\"2\">Plusieurs ambulances sont pass\u00e9es de Tunisie en Libye pour \u00e9vacuer des bless\u00e9s, ont constat\u00e9 des t\u00e9moins.<\/font><\/div>\n<div align=\"justify\">\u00a0<\/div>\n<div align=\"justify\"><font face=\"Arial\" size=\"2\">Selon une source de s\u00e9curit\u00e9, cinq loyalistes bless\u00e9s ont \u00e9t\u00e9 transf\u00e9r\u00e9s \u00e0 l&rsquo;h\u00f4pital de Tataouine (Tunisie) o\u00f9 deux ont imm\u00e9diatement \u00e9t\u00e9 op\u00e9r\u00e9s.<\/font><\/div>\n<div align=\"justify\">\u00a0<\/div>\n<div align=\"justify\"><font face=\"Arial\" size=\"2\">Les combats se poursuivaient \u00e0 19H20 (18H20 GMT).<\/font><\/div>\n<div align=\"justify\">\u00a0<\/div>\n<div align=\"justify\"><font face=\"Arial\" size=\"2\">Un haut responsable militaire tunisien a qualifi\u00e9 la situation d&rsquo;extr\u00eamement tendue.<\/font><\/div>\n<div align=\"justify\">\u00a0<\/div>\n<div align=\"justify\"><font face=\"Arial\" size=\"2\">Les forces du colonel Kadhafi n&rsquo;auront tenu le poste-fronti\u00e8re que quelques heures. Depuis plusieurs jours, des sources ind\u00e9pendantes avaient fait \u00e9tat de fortes concentrations de soldats loyalistes dans cette r\u00e9gion, laissant augurer d&rsquo;une contre-offensive imminente. <\/font><\/div>\n<div align=\"justify\">\u00a0<\/div>\n<div align=\"justify\"><font face=\"Arial\" size=\"2\">Parall\u00e8lement, des renforts insurg\u00e9s avaient \u00e9galement fait mouvement depuis la r\u00e9gion de Kabaou et Nalout vers la fronti\u00e8re tunisienne en pr\u00e9vision d&rsquo;une attaque. <\/font><\/div>\n<div align=\"justify\">\u00a0<\/div>\n<div align=\"justify\"><font face=\"Arial\" size=\"2\">Jeudi apr\u00e8s-midi, les affrontements ont eu lieu des deux c\u00f4t\u00e9s de la fronti\u00e8re, ont indiqu\u00e9 \u00e0 l&rsquo;AFP plusieurs t\u00e9moins et une source militaire occidentale.<\/font><\/div>\n<div align=\"justify\">\u00a0<\/div>\n<div align=\"justify\"><font face=\"Arial\" size=\"2\">La premi\u00e8re manche avait \u00e9t\u00e9 remport\u00e9e par les hommes du colonel Kadhafi, dont certains sont entr\u00e9s en armes du c\u00f4t\u00e9 tunisien pour pourchasser des insurg\u00e9s. Selon un t\u00e9moin sur la fronti\u00e8re interrog\u00e9 par l&rsquo;AFP, ils ont p\u00e9n\u00e9tr\u00e9 sur environ 1 km de profondeur.<\/font><\/div>\n<div align=\"justify\">\u00a0<\/div>\n<div align=\"justify\"><font face=\"Arial\" size=\"2\">D&rsquo;apr\u00e8s la m\u00eame source, qui a requis l&rsquo;anonymat, certains insurg\u00e9s auraient r\u00e9ussi \u00e0 repasser c\u00f4t\u00e9 libyen, tandis que plusieurs autres ainsi que des soldats libyens arm\u00e9s auraient \u00e9t\u00e9 arr\u00eat\u00e9s par les forces tunisiennes.<\/font><\/div>\n<div align=\"justify\">\u00a0<\/div>\n<div align=\"justify\"><font face=\"Arial\" size=\"2\">Cette derni\u00e8re information \u00e9tait toutefois impossible \u00e0 confirmer de source ind\u00e9pendante, ou officielle tunisienne.<\/font><\/div>\n<div align=\"justify\">\u00a0<\/div>\n<div align=\"justify\"><font face=\"Arial\" size=\"2\">Selon des sources militaires \u00e9trang\u00e8res, l&rsquo;arm\u00e9e tunisienne a d\u00e9p\u00each\u00e9 des renforts dans la r\u00e9gion de Dehiba. Un nombre non pr\u00e9cis\u00e9 de garde nationaux et de v\u00e9hicules blind\u00e9s ont converg\u00e9 vers la zone dans l&rsquo;apr\u00e8s-midi. <\/font><\/div>\n<div align=\"justify\">\u00a0<\/div>\n<div align=\"justify\"><font face=\"Arial\" size=\"2\">On ignorait en revanche la situation \u00e0 Wezen, premi\u00e8re localit\u00e9 libyenne apr\u00e8s Dehiba et qui avait \u00e9t\u00e9 \u00e9galement reprise aux insurg\u00e9s.<\/font><\/div>\n<div align=\"justify\">\u00a0<\/div>\n<div align=\"justify\"><font face=\"Arial\" size=\"2\">Depuis une semaine les combats entre insurg\u00e9s et forces pro-Kadhafi ont redoubl\u00e9 d&rsquo;intensit\u00e9 dans l&rsquo;ouest du pays.<\/font><\/div>\n<div align=\"justify\">\u00a0<\/div>\n<div align=\"justify\"><font face=\"Arial\" size=\"2\">La r\u00e9bellion contr\u00f4le Nalout, derni\u00e8re grande ville avant le poste-fronti\u00e8re de Dehiba et une route menant de la fronti\u00e8re jusqu&rsquo;\u00e0 Zenten, pr\u00e8s de 200 km plus \u00e0 l&rsquo;est, malgr\u00e9 les efforts des forces loyalistes pour couper les communications entre ces villes acquises \u00e0 la r\u00e9bellion.<\/font><\/div>\n<div align=\"justify\">\u00a0<\/div>\n<div align=\"justify\"><font face=\"Arial\" size=\"2\">Dimanche soir, les forces pro-Kadhafi avaient tir\u00e9 des roquettes Grad sur Zenten, faisant quatre morts et neuf bless\u00e9s, selon des habitants.<\/font><\/div>\n<div align=\"justify\">\u00a0<\/div>\n<div align=\"justify\"><font face=\"Arial\" size=\"2\">Mercredi, des milliers d&rsquo;insurg\u00e9s qui d\u00e9fendent cette ville avaient r\u00e9ussi \u00e0 repousser de plusieurs kilom\u00e8tres les forces du colonel Kadhafi apr\u00e8s une journ\u00e9e enti\u00e8re de combats et de bombardements sur la ville.<\/font><\/div>\n<hr\/>\n<p align=\"center\"><b><span lang=\"FR\"><\/p>\n<h2 style=\"color: red;\"><font face=\"Arial\">REVOLUTION, \u00e0 qui on la doit ?<\/font><\/h2>\n<p><\/span><\/b><\/p>\n<p align=\"center\"><b><span lang=\"FR\"><\/p>\n<h2 style=\"color: red;\"><font face=\"Arial\">Conduira-t-elle \u00e0 la d\u00e9mocratie ?<\/font><\/h2>\n<p><\/span><\/b><\/p>\n<hr\/>\n<p>\u00a0<\/p>\n<p align=\"center\">\u00a0<\/p>\n<p><b><span lang=\"EN-US\"><font face=\"Arial\">Khaled MABROUK<\/font><\/span><\/b><\/p>\n<p align=\"center\">\u00a0<\/p>\n<p align=\"justify\"><span lang=\"FR\"><font face=\"Arial\">Dans l\u2019affaire de Mme Hamdi Fedya accus\u00e9e d\u2019avoir \u00e9t\u00e9 \u00e0 l\u2019origine du suicide de Med Bouazizi, le tribunal a prononc\u00e9 un non lieu. Le comportement du d\u00e9funt n\u2019\u00e9tait pas irr\u00e9prochable et l\u2019accus\u00e9e ne l\u2019aurait pas gifl\u00e9. <\/font><\/span><\/p>\n<p align=\"justify\"><span lang=\"FR\"><font face=\"Arial\">Le proc\u00e8s s\u2019\u00e9tait d\u00e9roul\u00e9 dans une ambiance houleuse. Les habitants de la ville avaient soutenu Fedya tout en manifestant une franche antipathie \u00e0 l\u2019adresse de la famille Bouazizi qu\u2019on qualifie d\u00e9sormais de Trabelsi 2. On leur reproche d\u2019avoir profit\u00e9 bassement du suicide de leur fils \u00e9lev\u00e9 au rang de martyr puis de symbole d\u2019une r\u00e9volution qui a fait des \u00e9mules du moyen \u00e0 l\u2019extr\u00eame orient.<\/font><\/span><\/p>\n<p align=\"justify\"><span lang=\"FR\"><font face=\"Arial\">A Sidi Bouzid, les gens avaient parfaitement connaissance des dessous de cette affaire. Le sc\u00e9nario du dipl\u00f4m\u00e9 au ch\u00f4mage accul\u00e9 \u00e0 se convertir en marchand de l\u00e9gume ambulant, harcel\u00e9 et gifl\u00e9 par un commis de l\u2019Etat, avait ses fins \u2013d\u00e9noncer l\u2019injustice et la r\u00e9pression \u00e9rig\u00e9s en syst\u00e8me\u2013, l\u2019amalgame est politiquement l\u00e9gitime, mais ne devait en aucun cas conduire au sacrifice de l\u2019agent municipal. Avec cet acquittement, on venait de jeter un pav\u00e9 dans la marre car des voix avaient timidement contest\u00e9 l\u2019attribution du m\u00e9rite de la r\u00e9volution exclusivement aux insurg\u00e9s du centre ouest ! <\/font><\/span><\/p>\n<p align=\"justify\"><span lang=\"FR\"><font face=\"Arial\">Au-del\u00e0 de la r\u00e9volution, ce m\u00e9lodrame a d\u00e9chain\u00e9 les passions. La symbolique de Bouazizi a engendr\u00e9 une fiction grisante pour une population avide de fantasmes et de h\u00e9ros. Ce ph\u00e9nom\u00e8ne a d\u00e9clench\u00e9 une vague m\u00e9diatique sans pr\u00e9c\u00e9dent et qui n\u2019avait d\u2019yeux \u00e0 travers les martyrs, que pour les protestations et les pr\u00e9tentions aussi bien l\u00e9gitimes que les plus extravagantes. Les m\u00e9dias de tout bord ont d\u2019embl\u00e9e mythifi\u00e9 et glorifi\u00e9 le peuple et notamment les jeunes pour leur spontan\u00e9it\u00e9, leur courage et leur maturit\u00e9. Cependant, on ne prononce que du bout des l\u00e8vres les sujets qui f\u00e2chent ; tels que la grande inqui\u00e9tude de l\u2019ins\u00e9curit\u00e9, l\u2019escalade de la violence, les viols, les pillages, le vandalisme, les braquages, les r\u00e8glements de compte, la spoliation, l\u2019exclusion, l\u2019extension effr\u00e9n\u00e9e de la pr\u00e9carit\u00e9, l\u2019instabilit\u00e9 politique\u2026<\/font><\/span><\/p>\n<p align=\"justify\"><span lang=\"FR\"><font face=\"Arial\">Avec l\u2019effondrement de l\u2019ordre et de la s\u00e9curit\u00e9, la population s\u2019\u00e9tait prise d\u2019une folie revendicatrice aggrav\u00e9e par une attitude d\u00e9lib\u00e9r\u00e9ment r\u00e9fractaire. L\u2019insurrection est devenue le spectre et la hantise de toute initiative de r\u00e9tablissement de l\u2019ordre, de s\u00e9curisation de l\u2019espace public et de reconstruction de l\u2019\u00e9conomie. Les m\u00e9dias locaux ont vers\u00e9 dans la complaisance en caressant les masses bruyantes dans le sens du poil. Celles-ci s\u2019\u00e9taient complu<font>,<\/font>avaient pris confiance et s\u2019\u00e9taient faites de plus en plus mena\u00e7antes. L\u2019espoir de d\u00e9mocratie \u00e9tait noy\u00e9 par le rapport de force engag\u00e9 entre ce qui restait de l\u2019autorit\u00e9 et les forces anonymes qui jaillissaient sporadiquement de nulle part. Ces masses anonymes se sont accapar\u00e9s le pouvoir durant de longues semaines. Les gouvernements provisoires successifs \u00e9voluaient sur un fil tendu. La d\u00e9rive \u00e9tait la principale perspective d\u2019avenir. L\u2019espoir \u00e9tait l\u2019unique projet cr\u00e9dible. <\/font><\/span><\/p>\n<p align=\"justify\"><span lang=\"FR\"><font face=\"Arial\">Les masses silencieuses \u00e9taient prises en otage. Le social a occult\u00e9 la reconstruction, le sport et la culture suspendus, les loisirs rel\u00e9gu\u00e9s, les irr\u00e9gularit\u00e9s devenaient la r\u00e8gle, les prisonniers lib\u00e9r\u00e9s, les d\u00e9lits amnisti\u00e9s, les violations accessibles, les escroqueries irr\u00e9pr\u00e9hensibles.<\/font><\/span><\/p>\n<p align=\"justify\"><span lang=\"FR\"><font face=\"Arial\">Les plus anxieux prirent peur pour la r\u00e9volution. Les plus t\u00e9m\u00e9raires les rassur\u00e8rent. La situation empira et ne cessait de se d\u00e9grader. Cependant, trois mois apr\u00e8s, des signes pr\u00e9curseurs laissent entrevoir une accalmie propice \u00e0 une reprise progressive. Alors on prie, on se rappelle \u00e0 la raison, on travaille quand il est possible de le faire et on attend. <\/font><\/span><\/p>\n<p align=\"justify\"><b><span lang=\"FR\"><font face=\"Arial\">Mais finalement, \u00e0 qui et \u00e0 quoi on la doit cette r\u00e9volution ?<\/font><\/span><\/b><\/p>\n<p align=\"justify\"><span lang=\"FR\"><font face=\"Arial\">Dans quelques temps les passions se seront calm\u00e9es, l\u2019ordre r\u00e9tabli et la nouvelle autorit\u00e9 constitutionnelle investie. L\u00e0, on devra \u00e9valuer notre niveau de r\u00e9ussite et la part d\u2019\u00e9chec de cette r\u00e9volution. Que retiendra l\u2019histoire ? <\/font><\/span><\/p>\n<p align=\"justify\"><span lang=\"FR\"><font face=\"Arial\">Cette page d\u2019histoire immortelle, fait honneur \u00e0 notre peuple qui a fini par relever la t\u00eate sur la seine internationale. On aime bien en ressasser le m\u00e9rite. Mais de l\u2019avoir \u00e9crite avec son propre sang et de lourds sacrifices durant une quinzaine d\u2019ann\u00e9es, nous impose tout de m\u00eame \u00e0 la r\u00e9ussir jusqu\u2019au bout. Si on la ratait, que Dieu nous en pr\u00e9munisse, une paix sans histoire aurait \u00e9t\u00e9 pr\u00e9f\u00e9rable.<\/font><\/span><\/p>\n<p align=\"justify\"><span lang=\"FR\"><font face=\"Arial\">A ce jour, tout le monde s\u2019accorde sur le fait que tout retour en arri\u00e8re est invraisemblable voire exclu. N\u2019emp\u00eache qu\u2019il nous reste encore \u00e0 franchir une \u00e9tape cruciale et \u00e0 risque. <\/font><\/span><\/p>\n<p align=\"justify\"><font face=\"Arial\"><b><span lang=\"FR\"><font>Trois mois apr\u00e8s, quelle appr\u00e9ciation porter<\/font><\/span><\/b><span lang=\"FR\"><font><b>: <\/b><\/font><\/span><\/font><\/p>\n<p align=\"justify\"><span lang=\"FR\"><font face=\"Arial\">Il est incontestable que l\u2019immolation de Bouazizi soit le ph\u00e9nom\u00e8ne d\u00e9clencheur de la phase finale. Et qu\u2019est-ce qui a fragilis\u00e9 le r\u00e9gime particuli\u00e8rement r\u00e9pressif de Ben Ali au point de s\u2019effondrer si rapidement (28 jours et environ 180 morts (hors prisonniers mutins) ?<\/font><\/span><\/p>\n<p align=\"justify\"><span lang=\"FR\"><font face=\"Arial\">Pour ce qui concerne notre m\u00e9rite, comment reconsid\u00e9rerait-on la situation ? Jugerait-on plus objectivement le sens de la citoyennet\u00e9 et le niveau de maturit\u00e9 des Tunisiens pour leurs actions pendant et apr\u00e8s l\u2019insurrection ? Revaloriserait-on l\u2019impact des actions d\u2019opposition, de d\u00e9nigrement et de revendication, ant\u00e9rieures \u00e0 l\u2019insurrection qui a emport\u00e9 l\u2019ex r\u00e9gime ?<\/font><\/span><\/p>\n<p align=\"justify\"><span lang=\"FR\"><font face=\"Arial\">Les sacrifices consentis par les opposants tout le long du r\u00e8gne de Ben Ali n\u2019ont \u00e9t\u00e9 port\u00e9s \u00e0 la connaissance du grand public ni avant ni apr\u00e8s le 14 janvier. De rares privil\u00e9gi\u00e9s \u00e9taient au parfum de certaines actions de militants gr\u00e2ce \u00e0 des r\u00e9seaux secrets et interdits. Les versions officielles des autorit\u00e9s \u00e9taient fallacieuses et tronqu\u00e9es. <\/font><\/span><\/p>\n<p align=\"justify\"><span lang=\"FR\"><font face=\"Arial\">De nombreux opposants avaient combattu le r\u00e9gime sans vergogne, avec une foi et une<font><\/font>t\u00e9nacit\u00e9 in\u00e9branlables ? Toutes les actions avaient \u00e9t\u00e9 tr\u00e8s s\u00e9v\u00e8rement sanctionn\u00e9es par une r\u00e9pression aveugle. Que d\u2019individus humili\u00e9s, emprisonn\u00e9s, exil\u00e9s, tortur\u00e9s, spoli\u00e9s de leurs biens, priv\u00e9s de leurs droits. Que de familles aient \u00e9t\u00e9 \u00e9branl\u00e9es. Que d\u2019espoirs an\u00e9antis. Que de volont\u00e9s cass\u00e9es, que de raisons perdues, que de moral sap\u00e9. Que d\u2019ambition rompue. Que d\u2019enfants d\u00e9stabilis\u00e9s dans leurs \u00e9tudes, priv\u00e9s de leur enfance\u2026<\/font><\/span><\/p>\n<p align=\"justify\"><span lang=\"FR\"><font face=\"Arial\">De nombreux opposants ont troqu\u00e9 leur tranquillit\u00e9 contre le haut risque et la pr\u00e9carit\u00e9. N\u2019est-ce pas leur militantisme qui a d\u00e9cr\u00e9dibilis\u00e9 le r\u00e9gime ? Leur pers\u00e9v\u00e9rance n\u2019avait-elle pas fini par l\u2019\u00e9limer ? L\u2019avalanche de leurs attaques r\u00e9p\u00e9t\u00e9es \u00e0 tous les niveaux et sur tous les fronts durant deux d\u00e9cades n\u2019avaient-elles pas transform\u00e9 Ben Ali en une b\u00eate f\u00e9roce vieillie, fatigu\u00e9e et \u00e9dent\u00e9e ?<\/font><\/span><\/p>\n<p align=\"justify\"><span lang=\"FR\"><font face=\"Arial\">Je me souviens encore et toujours de ceux qui ont choisi d\u2019\u00e9lever la voix et de s\u2019attaquer au monstre en prenant tous les risques (surtout parmi les \u00e9lectrons libres). Je ne citerais que les cas que j\u2019ai eu l\u2019int\u00e9r\u00eat de conna\u00eetre : <\/font><\/span><\/p>\n<p align=\"justify\"><span lang=\"FR\"><font face=\"Symbol\">\u00b7<\/font><span><font face=\"Times New Roman\"><\/font><\/span><font face=\"Arial\">M A, ce jeune avocat, p\u00e8re de 2 enfants de 5 \u2013 7 ans qu\u2019il a expos\u00e9es \u00e0 tous les dangers et en tous cas \u00e0 la privation de leur p\u00e8re jet\u00e9 en prison ; Sa carri\u00e8re qu\u2019il a compromise pourtant vou\u00e9e \u00e0 une r\u00e9ussite sans ambages (fortune et prestige). Son crime \u00e9tait de dire tout haut ce que tout le monde pensait tout bas.<\/font><\/span><\/p>\n<p align=\"justify\"><span lang=\"FR\"><font face=\"Symbol\">\u00b7<\/font><span><font face=\"Times New Roman\"><\/font><\/span><font face=\"Arial\">N R-J alias Om-Z, une professeure de langue, m\u00e8re de famille, grande dame intellectuelle et de haute culture. Elle a attaqu\u00e9 sans rel\u00e2che la famille r\u00e9gnante avec sa plume acerbe qui laissait les oppresseurs pantois. Elle avait le g\u00e9nie de mettre \u00e0 nu leurs m\u00e9faits dans un langage ch\u00e2tier mais ac\u00e9r\u00e9 et particuli\u00e8rement vexant. Elle ne demandait rien d\u2019autre que la dignit\u00e9. Rien dans son propre int\u00e9r\u00eat. Elle fut harcel\u00e9e, menac\u00e9e, tra\u00een\u00e9e devant les tribunaux, sanctionn\u00e9e mais \u00e0 aucun moment on n\u2019a r\u00e9ussi \u00e0 s\u00e9cher sa plume ni confisquer sa pens\u00e9e. <\/font><\/span><\/p>\n<p align=\"justify\"><span lang=\"FR\"><font face=\"Symbol\">\u00b7<\/font><span><font face=\"Times New Roman\"><\/font><\/span><font face=\"Arial\">Y M, un juge \u00e0 qui on enviait le confort de sa situation. Mais son int\u00e9grit\u00e9, sa morale et sa fiert\u00e9 n\u2019\u00e9taient pas monnayables. Il a \u00e9lev\u00e9 la voix pour d\u00e9nigrer Ben Ali en affirmant la servilit\u00e9 des instances judiciaires au r\u00e9gime ; Les ondes de choc de sa lettre ouverte ont \u00e9t\u00e9 ressenties \u00e0 travers tous les pays environnants et au-del\u00e0. Il a \u00e9t\u00e9 cong\u00e9di\u00e9 et mis \u00e0 l\u2019index. Et de son neveu Z. l\u2019informaticien cr\u00e9ateur du site <i>Tun\u00e9zine.<\/i> Il a pay\u00e9 trop cher son sursaut d\u2019honneur. Il n\u2019a pas surv\u00e9cu \u00e0 la prison et \u00e0 la maltraitance.<\/font><\/span><\/p>\n<p align=\"justify\"><span lang=\"FR\"><font face=\"Symbol\">\u00b7<\/font><span><font face=\"Times New Roman\"><\/font><\/span><font face=\"Arial\">O M et l\u2019infatigable S Ben S que l\u2019on reconnait plus facilement avec un visage tum\u00e9fi\u00e9 ; Jamais le pouvoir n\u2019a pas r\u00e9ussi \u00e0 la museler, elle s\u2019est accord\u00e9e une \u00e9nergie et des moyens tentaculaires (m\u00e9dias, web, actions internationales\u2026)<\/font><\/span><\/p>\n<p align=\"justify\"><span lang=\"FR\"><font face=\"Symbol\">\u00b7<\/font><span><font face=\"Times New Roman\"><\/font><\/span><font face=\"Arial\">M M, Professeur en m\u00e9decine particuli\u00e8rement actif contre les deux syst\u00e8mes totalitaires que nous avions connus. Il n\u2019\u00e0 point connu de r\u00e9pit jusqu\u2019\u00e0 son exil en France. Il a toujours donn\u00e9 du fil \u00e0 retordre au pourvoir.<\/font><\/span><\/p>\n<p align=\"justify\"><span lang=\"FR\"><font face=\"Symbol\">\u00b7<\/font><span><font face=\"Times New Roman\"><\/font><\/span><font face=\"Arial\"><font>L\u2019ardent B B \u00e0 l\u2019expression et au franc-parler virulents voire r\u00e9pulsifs. Il ne sortait de prison que pour y retourner jusqu\u2019\u00e0 son exil<\/font><font>,<\/font><\/font><\/span><\/p>\n<p align=\"justify\"><span lang=\"FR\"><font face=\"Symbol\">\u00b7<\/font><span><font face=\"Times New Roman\"><\/font><\/span><font face=\"Arial\">Les partis politiques et associations qui ont multipli\u00e9 les actions militantes et d\u2019opposition en subissant toutes les formes de r\u00e9pression revanchardes du r\u00e9gime. PDP, FDTL, ETTAJDID, POCT, LTDH, CNLT, Ass. C la Torture, Ass. pr la Lib\u00e9ration des Prisonniers\u2026 <\/font><\/span><\/p>\n<p align=\"justify\"><span lang=\"FR\"><font face=\"Symbol\">\u00b7<\/font><span><font face=\"Times New Roman\"><\/font><\/span><font face=\"Arial\">Et surtout et particuli\u00e8rement le mouvement d\u2019insurrection du bassin minier de Gafsa qui a \u00e9t\u00e9 r\u00e9prim\u00e9 dans le sang. Cette action nous a tr\u00e8s vraisemblablement fait gagner beaucoup de victimes lors de l\u2019insurrection ultime de janvier 2011.<\/font><\/span><\/p>\n<p align=\"justify\"><span lang=\"FR\"><font face=\"Arial\">Si l\u2019\u00e9lan de citoyennet\u00e9 \u00e0 haute valeur morale de ces femmes et ces hommes n\u2019est pas de l\u2019altruisme, ce serait quoi alors ? Ils n\u2019\u00e9taient ni ch\u00f4meurs ni n\u00e9cessiteux. Ils n\u2019avaient aucune revendication mat\u00e9rielle ni pr\u00e9tention \u00e0 partager le pouvoir (\u00e0 l\u2019exception des partis). Leur r\u00e9bellion n\u2019avait pour objectif que de faire acc\u00e9der le peuple \u00e0 la dignit\u00e9 humaine.<\/font><\/span><\/p>\n<p align=\"justify\"><span lang=\"FR\"><font face=\"Arial\">Ceci dit, il est incontestable que le peuple soit reconnaissant envers toutes les forces vives qui ont milit\u00e9 d\u2019une fa\u00e7on ou d\u2019une autre, \u00e0 un moment ou \u00e0 un autre, contre le r\u00e9gime de Ben Ali. Or, justement j\u2019ai regrett\u00e9 qu\u2019\u00e0 l\u2019euphorie du 14 janvier l\u2019on ait pu oublier ou rel\u00e9guer au second plan, le r\u00f4le des chevilles ouvri\u00e8res qui demeure \u00e0 ce jour m\u00e9connu du grand public. <\/font><\/span><\/p>\n<p align=\"justify\"><span lang=\"FR\"><font face=\"Arial\">Alors, saluons en particulier les militants de fond, qui se sont sacrifi\u00e9s pour l\u2019int\u00e9r\u00eat commun au prix de leurs propres int\u00e9r\u00eats. Saluons en second lieu les foules qui se sont insurg\u00e9es \u00e0 partir de la fin d\u00e9cembre 2010 pour crier leur d\u00e9sarroi, leur pr\u00e9carit\u00e9 et leur d\u00e9sespoir ; Il n\u2019y a aucune honte que des fois, le pain soit prioritaire \u00e0 la dignit\u00e9. Les ventres qui crient famine font \u00e9lever la voix. A force de nous faire croire que notre r\u00e9volution avait pour unique but la dignit\u00e9, on finit par nier que certaines couches sociales vivaient en dessous du seuil de pauvret\u00e9. Et puis, la dignit\u00e9 nous manquait depuis le d\u00e9but de l\u2019\u00e8re Ben Ali mais apr\u00e8s 23 de r\u00e8gne, l\u2019extr\u00eame pr\u00e9carit\u00e9 s\u2019y est greff\u00e9e et ce fut fatal. <\/font><\/span><\/p>\n<p align=\"justify\"><span lang=\"FR\"><font face=\"Arial\">Quant aux masses populaires qui ont rejoint le mouvement de contestation le 14 janvier\u2026 il \u00e9tait grand temps, ils ne pouvaient pas prendre davantage de temps \u00e0 la r\u00e9flexion. Ce jour l\u00e0, l\u2019ambiance avait d\u00e9j\u00e0 un parfum de victoire et les participants ne risquaient que de\u2026 gagner. <\/font><\/span><\/p>\n<p align=\"justify\"><span lang=\"FR\"><font face=\"Arial\">Finalement : A l\u2019issue de la r\u00e9volution, notre peuple a eu droit \u00e0 tous les \u00e9gards, Il a \u00e9t\u00e9 couvert de louanges. Qu\u2019\u00e0 cela ne tienne, mais aujourd\u2019hui avec le recul, ne devrions-nous pas porter une appr\u00e9ciation plus objective ? Pour progresser ne devrions-nous pas \u00eatre conscients de nos faiblesses ? On ne peut ignorer les attitudes plus que regrettables de tout un pan de la soci\u00e9t\u00e9 et dormir satisfait. Si on ne se remettait pas en question, on n\u2019identifiait pas et on n\u2019admettait pas nos faiblesses, comment pourrait-on y pallier et \u00e9voluer.<\/font><\/span><\/p>\n<p align=\"justify\"><span lang=\"FR\"><font face=\"Arial\">Alors, reconnaissons que l\u2019apr\u00e8s r\u00e9volution nous a rendus conscients de deux imp\u00e9ratifs : <\/font><\/span><\/p>\n<p align=\"justify\"><span lang=\"FR\"><font face=\"Symbol\">\u00b7<\/font><span><font face=\"Times New Roman\"><\/font><\/span><font face=\"Arial\">La s\u00e9curit\u00e9 : On est d\u2019accord ? Alors, quand les services d\u2019ordre essayent de rena\u00eetre de leur cendre, cessons de les accuser de \u00ab revenir \u00e0 leurs vieux d\u00e9mons \u00bb.<\/font><\/span><\/p>\n<p align=\"justify\"><span lang=\"FR\"><font face=\"Symbol\">\u00b7<\/font><span><font face=\"Times New Roman\"><\/font><\/span><font face=\"Arial\">Humilit\u00e9 : Tr\u00e8s rapidement, nous avons pris conscience des limites de notre maturit\u00e9 et de notre culture civique. Nous manquons de tous les rudiments des valeurs et des vertus de l\u2019autod\u00e9termination. Notre mentalit\u00e9 et nos reflexes n\u2019y avaient pas \u00e9t\u00e9 habitu\u00e9s : Libert\u00e9 \u2013 D\u00e9mocratie \u2013 Economie \u2013 Politique \u2013 Constitution \u2013 Forum \u2013 Respect de l\u2019autre. <\/font><\/span><\/p>\n<p align=\"justify\"><span lang=\"FR\"><font face=\"Arial\">De nouvelles notions ; M\u00eame si on en conna\u00eet le sens th\u00e9orique, nous n\u2019en avons pas le sens de la pratique. Ainsi, nous appr\u00e9cions les rencontres de football mais notre pratique de la libert\u00e9 \u2013en envahissant les terrains\u2013 nous emp\u00eache de jouir de leur spectacle. Nous voulons de l\u2019emploi mais notre libert\u00e9 enraye la croissance.<\/font><\/span><\/p>\n<p align=\"justify\"><span lang=\"FR\"><font face=\"Arial\">Je veux m\u2019exprimer d\u00e9mocratiquement et je fais tout afin que ce ne soit pas le cas pour l\u2019autre. Parce que je suis noble, ma sp\u00e9cificit\u00e9 doit \u00eatre reconnue et garantie par la constitution et je fais d\u2019embl\u00e9e obstruction pour que ce ne soit pas le cas de celle de l\u2019autre qui est moins illustre ou minoritaire.<\/font><\/span><\/p>\n<p align=\"justify\"><span lang=\"FR\"><font face=\"Arial\">Devant chez moi, il faut que \u00e7a reste propre alors je d\u00e9pose mon sac poubelle un peu plus loin en faisant abstraction du respect de l\u2019autre. Je veux voter mais je pr\u00e9f\u00e8re la distraction aux forums politiques. Nous manquons de tout. <\/font><\/span><\/p>\n<p align=\"justify\"><span lang=\"FR\"><font face=\"Arial\">En outre, notre enseignement pouvait s\u2019enorgueillir de tout mais certainement pas des langues et des connaissances g\u00e9n\u00e9rales. Et si les livres coutent cher, tant pis, on ne s\u2019en inspire que tr\u00e8s exceptionnellement. C\u2019\u00e9tait comme \u00e7a dans l\u2019ancien r\u00e9gime, les cin\u00e9clubs faisaient peur. Notre enseignement n\u2019encourageait ni \u00e0 la documentation ni \u00e0 l\u2019\u00e9largissement du savoir. <\/font><\/span><\/p>\n<p align=\"justify\"><span lang=\"FR\"><font face=\"Arial\">Aujourd\u2019hui, soyons-en conscients et faisons preuve de modestie. Que chaque individu cesse de se prendre pour un leader et encore moins pour le peuple. On gagnerait \u00e0 moins parler et \u00e0 \u00e9couter davantage, on a les id\u00e9es des autres en plus de nos propres id\u00e9es.<\/font><\/span><\/p>\n<p align=\"justify\">\u00a0<\/p>\n<p align=\"justify\"><span lang=\"FR\"><font face=\"Arial\">La libert\u00e9 est trop pr\u00e9cieuse, respectons-l\u00e0 sinon elle nous trahit ; Ne dit-on pas : \u00ab Trop de libert\u00e9 tue la libert\u00e9 \u00bb. Que l\u2019encadrement m\u00e9diatique se regroupe et se concerte en vue de mettre \u00e0 niveau le secteur. De la qualit\u00e9 de l\u2019information d\u00e9pendra la r\u00e9ussite de notre d\u00e9mocratie. Au lieu de chercher \u00e0 plaire et \u00e0 se complaire, plut\u00f4t que de pratiquer le client\u00e9lisme, les m\u00e9dias doivent se mettre prioritairement au service de la d\u00e9mocratie. Il leur revient de nous donner le sens de la mesure et de calmer les ardeurs notamment des politiques peu scrupuleux qui alimentent les foules en pol\u00e9miques passion.<\/font><\/span><\/p>\n<p><font face=\"Arial\"><b><span lang=\"EN-US\"><font>Khaled MABROUK : <\/font><\/span><span lang=\"FR\"><a href=\"mailto:mabrouk_kh@yahoo.fr\"><span lang=\"EN-US\"><font>mabrouk_kh@yahoo.fr<\/font><\/span><\/a><\/span><\/b><\/font><\/p>\n<p>\u00a0<\/p>\n<hr\/>\n<p align=\"center\"><b><span lang=\"FR\"><\/p>\n<h2 style=\"color: red;\"><font face=\"Arial\">Les arrestations de migrants tunisiens se multiplient<\/font><\/h2>\n<p> <\/span><\/b><\/p>\n<hr\/>\n<p>\u00a0<\/p>\n<p align=\"justify\"><b><span lang=\"FR\"><font face=\"Arial\">Paris, Nice et Marseille, des dizaines de migrants tunisiens ont \u00e9t\u00e9 interpell\u00e9s et plac\u00e9s en garde \u00e0 vue.<\/font><\/span><\/b><\/p>\n<p align=\"justify\"><span lang=\"FR\"><img decoding=\"async\" alt=\"clip_image001\" border=\"0\" height=\"1\" src=\"http:\/\/gfx2.hotmail.com\/mail\/w4\/pr04\/ltr\/i_safe.gif\" title=\"clip_image001\" width=\"1\"\/><\/span><\/p>\n<p align=\"justify\"><span lang=\"FR\"><font face=\"Arial\">\u00abNi l&rsquo;Italie, ni la France n&rsquo;ont vocation \u00e0 accueillir les migrants tunisiens.\u00bb Le message du ministre de l&rsquo;Int\u00e9rieur Claude Gu\u00e9ant <\/font><font><a href=\"http:\/\/www.lefigaro.fr\/actualite-france\/2011\/04\/08\/01016-20110408ARTFIG00487-immigration-paris-et-rome-se-mettent-d-accord.php\" target=\"_blank\" rel=\"noopener\"><b><font face=\"Arial\">d\u00e9but avril<\/font><\/b><\/a><\/font><font face=\"Arial\"> \u00e0 l&rsquo;intention des 20.000 Tunisiens ayant quitt\u00e9 leur pays depuis le d\u00e9but de la r\u00e9volution avait le m\u00e9rite d&rsquo;\u00eatre clair. Depuis plusieurs jours, les autorit\u00e9s proc\u00e8dent donc \u00e0 de nombreuses arrestations de migrants en situation ill\u00e9gale. <\/font><\/span><\/p>\n<p align=\"justify\"><span lang=\"FR\"><font face=\"Arial\">\u00c0 Paris, plusieurs dizaines d&rsquo;immigr\u00e9s, pour la plupart venus d&rsquo;Italie, ont ainsi \u00e9t\u00e9 interpell\u00e9s mercredi soir. L&rsquo;op\u00e9ration s&rsquo;est d\u00e9roul\u00e9e vers 21h porte de la Villette alors que la Croix-Rouge proc\u00e9dait \u00e0 une distribution de repas chaud. D&rsquo;apr\u00e8s Omeyya Seddik, administrateur de la F\u00e9d\u00e9ration des Tunisiens pour une citoyennet\u00e9 des deux rives (FTCR), sur les 100 ou 200 \u00abjeunes migrants\u00bb pr\u00e9sents, \u00abpresque tout le monde\u00bb a \u00e9t\u00e9 embarqu\u00e9 apr\u00e8s avoir fini de manger.<\/font><\/span><\/p>\n<p align=\"justify\"><span lang=\"FR\"><font face=\"Arial\">\u00c0 Marseille, une quinzaine de migrants qui s&rsquo;\u00e9tait r\u00e9fugi\u00e9s dans un square pr\u00e8s de la gare ont \u00e9t\u00e9 interpell\u00e9s mercredi soir et plac\u00e9s en garde \u00e0 vue pour \u00abinfraction \u00e0 la l\u00e9gislation sur les \u00e9trangers\u00bb. L&rsquo;op\u00e9ration s&rsquo;est encore une fois d\u00e9roul\u00e9e en pr\u00e9sence d&rsquo;associations qui tentaient de trouver des h\u00e9bergements aux 100 \u00e0 200 migrants r\u00e9unis dans le petit parc. \u00abOn avait pu (trouver des solutions) pour vingt-cinq migrants et on essayait (d&rsquo;en trouver) pour les autres, lorsque des CRS et des policiers de la police des fronti\u00e8res sont arriv\u00e9s pour les contr\u00f4ler\u00bb, a expliqu\u00e9 Bernard Eynaud de la F\u00e9d\u00e9ration de la Ligue des droits de l&rsquo;homme. \u00abD&rsquo;un point de vue symbolique, \u00e7a me para\u00eet tr\u00e8s fort. On nous tient un double discours: la pr\u00e9fecture annonce qu&rsquo;un \u00e9cole publique va \u00eatre ouverte ce matin pour (les loger) et en m\u00eame temps, les forces de l&rsquo;ordre interviennent\u00bb, a-t-il ajout\u00e9.<\/font><\/span><\/p>\n<p align=\"justify\"><span lang=\"FR\"><font face=\"Arial\">Des interpellations \u00abqui n&rsquo;honorent pas la France\u00bb<\/font><\/span><\/p>\n<p align=\"justify\"><span lang=\"FR\"><font face=\"Arial\">Vingt huit ressortissants tunisiens ont \u00e9t\u00e9 \u00e9galement plac\u00e9s en garde \u00e0 vue apr\u00e8s avoir manifest\u00e9 mercredi \u00e0 Nice pour r\u00e9clamer des papiers. Leur situation sera examin\u00e9e au cas par cas. Ceux qui r\u00e9pondent aux crit\u00e8res d&rsquo;admission en France seront rel\u00e2ch\u00e9s, les autres seront reconduits en Italie s&rsquo;ils en proviennent, ou en Tunisie.<\/font><\/span><\/p>\n<p align=\"justify\"><span lang=\"FR\"><font face=\"Arial\">La veille, mardi, quelque 70 personnes, \u00e0 majorit\u00e9 tunisiennes, avaient \u00e9galement \u00e9t\u00e9 arr\u00eat\u00e9es et une soixantaine d&rsquo;entre elles plac\u00e9es en garde \u00e0 vue \u00e0 Paris. D&rsquo;apr\u00e8s les autorit\u00e9s, l&rsquo;op\u00e9ration a permis d&rsquo;\u00e9tablir que toutes ces personnes ne sont \u00abpas s\u00e9dentaris\u00e9es\u00bb puisqu&rsquo;\u00abaucun campement n&rsquo;a pu \u00eatre identifi\u00e9\u00bb. \u00abLa majorit\u00e9 d&rsquo;entre eux ont ou vont faire l&rsquo;objet d&rsquo;arr\u00eat\u00e9s pr\u00e9fectoraux de reconduite \u00e0 la fronti\u00e8re\u00bb, a annonc\u00e9 mercredi soir la pr\u00e9fecture de police, sans donner de chiffre pr\u00e9cis ni de d\u00e9tails. <\/font><\/span><\/p>\n<p align=\"justify\"><span lang=\"FR\"><font face=\"Arial\">Me Samia Maktouf, qui d\u00e9fend plusieurs migrants tunisiens, a d\u00e9nonc\u00e9 ces interpellations, qui \u00abn&rsquo;honorent pas la France\u00bb. \u00abIls n&rsquo;\u00e9taient pas en train de commettre un d\u00e9lit ni de troubler l&rsquo;ordre public. Leur seule faute, c&rsquo;est qu&rsquo;on ait pu localiser l&rsquo;endroit o\u00f9 ils dorment\u00bb apr\u00e8s une petite manifestation mardi, pour demander \u00e0 \u00ab\u00eatre accueillis dans la dignit\u00e9\u00bb, a-t-elle expliqu\u00e9. <\/font><\/span><\/p>\n<p align=\"justify\"><span lang=\"FR\"><font face=\"Arial\">Le m\u00eame jour, le maire de Paris invitait l&rsquo;Europe, et la France en particulier, \u00e0 traiter avec \u00abhumanit\u00e9 et dignit\u00e9\u00bb ces Tunisiens qui ont fui leur pays. Il a par la suite d\u00e9nonc\u00e9 les op\u00e9rations de polices qu&rsquo;il a qualifi\u00e9es de \u00abchoquantes\u00bb. \u00abElles interviennent quelques heures apr\u00e8s que la ville de Paris a d\u00e9cide de missionner les associations France Terre d&rsquo;asile et Emma\u00fcs pour \u00e9valuer la situation de chaque personne migrante et proposer des solutions adapt\u00e9es\u00bb, a-t-il expliqu\u00e9 dans un communiqu\u00e9.<\/font><\/span><\/p>\n<p align=\"justify\"><span lang=\"FR\"><font face=\"Arial\">Si quelques migrants disposent d&rsquo;un <\/font><font><a href=\"http:\/\/www.lefigaro.fr\/international\/2011\/04\/05\/01003-20110405ARTFIG00741-rome-offre-la-france-aux-immigres-tunisiens.php\" target=\"_blank\" rel=\"noopener\"><b><font face=\"Arial\">permis de s\u00e9jour de six mois d\u00e9livr\u00e9 par l&rsquo;Italie<\/font><\/b><\/a><\/font><font face=\"Arial\">, Claude Gu\u00e9ant, a indiqu\u00e9 pour sa part que ce n&rsquo;\u00e9tait \u00abpas \u00e0 l&rsquo;Etat\u00bb de pourvoir au s\u00e9jour de ces Tunisiens, qui devaient \u00aben vertu des accords internationaux et de la loi (&#8230;) disposer de ressources suffisantes pour assumer leurs frais de s\u00e9jour\u00bb. <\/font><\/span><\/p>\n<p align=\"justify\"><span lang=\"FR\"><font face=\"Arial\">Source : \u00ab Le Figaro \u00bb Le 28-04-2011<\/font><\/span><\/p>\n<div>\n<p align=\"justify\"><span lang=\"FR\"><font face=\"Arial\">Lien : <\/font><a href=\"http:\/\/www.lefigaro.fr\/actualite-france\/2011\/04\/28\/01016-20110428ARTFIG00490-les-arrestations-de-migrants-tunisiens-se-multiplient.php\" target=\"_blank\" rel=\"noopener\"><font face=\"Arial\">http:\/\/www.lefigaro.fr\/actualite-france\/2011\/04\/28\/01016-20110428ARTFIG00490-les-arrestations-de-migrants-tunisiens-se-multiplient.php<\/font><\/a><\/span><\/p>\n<\/div>\n<p align=\"center\"><b><span lang=\"FR\"><\/p>\n<h2 style=\"color: red;\"><font face=\"Arial\">Protestations en France contre les arrestations de migrants<\/font><\/h2>\n<p> <\/span><\/b><\/p>\n<hr\/>\n<p>\u00a0<\/p>\n<p align=\"justify\"><span lang=\"FR\"><font face=\"Arial\">Des associations et syndicats s&rsquo;\u00e9l\u00e8vent contre les arrestations de migrants, en majorit\u00e9 tunisiens, qui se multiplient en France.<\/font><\/span><\/p>\n<p align=\"justify\"><span lang=\"FR\"><font face=\"Arial\">Des dizaines d&rsquo;immigr\u00e9s, pour la plupart arriv\u00e9s r\u00e9cemment d&rsquo;Italie, ont \u00e9t\u00e9 interpell\u00e9s au cours des derni\u00e8res 48 heures \u00e0 Paris, Pantin (Seine-Saint-Denis) et \u00e0 Marseille.<\/font><\/span><\/p>\n<p align=\"justify\"><span lang=\"FR\"><font face=\"Arial\">Ces op\u00e9rations ont eu lieu alors que les associations caritatives tentaient de trouver dans la capitale des solutions d&rsquo;h\u00e9bergement pour les clandestins, en majorit\u00e9 tunisiens mais \u00e9galement \u00e9gyptiens ou libyens.<\/font><\/span><\/p>\n<p align=\"justify\"><span lang=\"FR\"><font face=\"Arial\">Les pr\u00e9fectures concern\u00e9es soulignent que l&rsquo;objectif est de contr\u00f4ler les personnes \u00ab\u00a0arriv\u00e9es en masse\u00a0\u00bb et d&rsquo;\u00e9tablir un \u00ab\u00a0diagnostic\u00a0\u00bb de la situation de chacun avant d&rsquo;envisager un traitement au cas par cas.<\/font><\/span><\/p>\n<p align=\"justify\"><span lang=\"FR\"><font face=\"Arial\">Pour les associations, il ne fait gu\u00e8re de doute qu&rsquo;une partie des migrants interpell\u00e9s seront expuls\u00e9s.<\/font><\/span><\/p>\n<p align=\"justify\"><span lang=\"FR\"><font face=\"Arial\">Pour pouvoir rester en France, les migrants tunisiens doivent \u00eatre d\u00e9tenteurs d&rsquo;un permis de s\u00e9jour en zone Schengen octroy\u00e9 par Rome et poss\u00e9der 31 euros par jour pour justifier leur pr\u00e9sence sur le territoire fran\u00e7ais.<\/font><\/span><\/p>\n<p align=\"justify\"><span lang=\"FR\"><font face=\"Arial\">A Paris, o\u00f9 plusieurs centaines de migrants dorment en plein air dans des squares, le maire socialiste, Bertrand Delano\u00eb, s&rsquo;est \u00e9lev\u00e9 mercredi contre l&rsquo;interpellation d&rsquo;une soixantaine de migrants. Mais les op\u00e9rations ont repris le soir m\u00eame.<\/font><\/span><\/p>\n<p align=\"justify\"><span lang=\"FR\"><font face=\"Arial\">Pour France Terre d&rsquo;Asile, la r\u00e9ponse polici\u00e8re apport\u00e9e \u00e0 la situation des jeunes Tunisiens arriv\u00e9s en France \u00ab\u00a0est inacceptable parce que disproportionn\u00e9e\u00a0\u00bb.<\/font><\/span><\/p>\n<p align=\"justify\"><span lang=\"FR\"><font face=\"Arial\">\u00ab\u00a0REPLI FRILEUX\u00a0\u00bb<\/font><\/span><\/p>\n<p align=\"justify\"><span lang=\"FR\"><font face=\"Arial\">Les interpellations ont eu lieu \u00e0 proximit\u00e9 des lieux de distribution alimentaire par la Croix Rouge, \u00ab\u00a0sur des personnes en grande pr\u00e9carit\u00e9\u00a0\u00bb, souligne-t-elle dans un communiqu\u00e9.<\/font><\/span><\/p>\n<p align=\"justify\"><span lang=\"FR\"><font face=\"Arial\">\u00ab\u00a0Les droits de l&rsquo;homme et le droit d&rsquo;asile sont bafou\u00e9s par ce gouvernement. Ce dernier n&rsquo;a de cesse de mener une politique anti-immigr\u00e9s\u00a0\u00bb, estime de son c\u00f4t\u00e9 l&rsquo;Union syndicale solidaire.<\/font><\/span><\/p>\n<p align=\"justify\"><span lang=\"FR\"><font face=\"Arial\">Le Mouvement contre le racisme et pour l&rsquo;amiti\u00e9 entre les peuples (Mrap) souligne que des mineurs figurent parmi les migrants et qu&rsquo;ils devraient \u00eatre sp\u00e9cialement prot\u00e9g\u00e9s au titre des lois sur la protection de l&rsquo;enfance.<\/font><\/span><\/p>\n<p align=\"justify\"><span lang=\"FR\"><font face=\"Arial\">Les 25.000 Tunisiens d\u00e9barqu\u00e9s dans l&rsquo;\u00eele italienne de Lampedusa depuis le d\u00e9but de l&rsquo;ann\u00e9e constituent un \u00ab\u00a0bien modeste mouvement migratoire\u00a0\u00bb au regard de \u00ab\u00a0l&rsquo;exode biblique\u00a0\u00bb proph\u00e9tis\u00e9 par le pr\u00e9sident du Conseil italien, Silvio Berlusconi, \u00e9crit-il dans un communiqu\u00e9.<\/font><\/span><\/p>\n<p align=\"justify\"><span lang=\"FR\"><font face=\"Arial\">\u00ab\u00a0A l&rsquo;heure o\u00f9 la Tunisie accueille elle-m\u00eame plus de 200.000 personnes ayant fui la Libye voisine, la France, comme l&rsquo;Union europ\u00e9enne, devrait arr\u00eater de se couvrir de honte en pratiquant le repli frileux\u00a0\u00bb, ajoute le Mrap.<\/font><\/span><\/p>\n<p align=\"justify\"><span lang=\"FR\"><font face=\"Arial\">A Marseille, la pr\u00e9fecture des Bouches-du-Rh\u00f4ne a annonc\u00e9 la mise en place d&rsquo;un dispositif de retour volontaire et un renforcement des forces de l&rsquo;ordre pour \u00e9viter que la ville ne devienne une \u00ab\u00a0destination privil\u00e9gi\u00e9e\u00a0\u00bb des immigr\u00e9s clandestins.<\/font><\/span><\/p>\n<p align=\"justify\"><span lang=\"FR\"><font face=\"Arial\">Une centaine de migrants tunisiens arriv\u00e9s d&rsquo;Italie ont trouv\u00e9 refuge sur un square proche du quartier de la gare Saint-Charles avant de dispara\u00eetre dans les rues de la ville avec l&rsquo;apparition des forces de police.<\/font><\/span><\/p>\n<p align=\"justify\"><span lang=\"FR\"><font face=\"Arial\">Une quinzaine d&rsquo;entre eux ont \u00e9t\u00e9 interpell\u00e9s mercredi.<\/font><\/span><\/p>\n<p align=\"justify\"><span lang=\"FR\"><font face=\"Arial\">\u00ab\u00a0Nous avons constat\u00e9 ces derniers jours l&rsquo;arriv\u00e9e de ressortissants tunisiens. Nous avons pris les mesures pour tarir ce flux et faire en sorte que les personnes soient reconduites soit en Italie, soit fassent l&rsquo;objet d&rsquo;un retour volontaire vers la Tunisie\u00a0\u00bb, a dit jeudi \u00e0 la presse le pr\u00e9fet d\u00e9l\u00e9gu\u00e9 pour l&rsquo;\u00e9galit\u00e9 des chances, Rapha\u00ebl Le M\u00e9haut\u00e9.<\/font><\/span><\/p>\n<p align=\"justify\"><span lang=\"FR\"><font face=\"Arial\">\u00ab\u00a0On ne s&rsquo;attend pas \u00e0 un afflux massif\u00a0\u00bb, a-t-il ajout\u00e9, annon\u00e7ant toutefois l&rsquo;installation d&rsquo;un dispositif renforc\u00e9 aux endroits strat\u00e9giques de Marseille.<\/font><\/span><\/p>\n<p align=\"justify\"><span lang=\"FR\"><font face=\"Arial\">En collaboration avec le consulat de Tunisie et l&rsquo;Office fran\u00e7ais de l&rsquo;immigration et de l&rsquo;int\u00e9gration, la pr\u00e9fecture a mis en place une aide au retour pour les migrants qui se sont d\u00e9clar\u00e9s \u00ab\u00a0spontan\u00e9ment volontaires\u00a0\u00bb pour rentrer dans leur pays.<\/font><\/span><\/p>\n<p align=\"justify\"><span lang=\"FR\"><font face=\"Arial\">Source : \u00ab Le Point \u00bb Le 28-04-2011<\/font><\/span><\/p>\n<div>\n<p align=\"justify\"><span lang=\"FR\"><font face=\"Arial\">Lien : <\/font><a href=\"http:\/\/www.lepoint.fr\/fil-info-reuters\/protestations-en-france-contre-les-arrestations-de-migrants-28-04-2011-1324451_240.php\" target=\"_blank\" rel=\"noopener\"><font face=\"Arial\">http:\/\/www.lepoint.fr\/fil-info-reuters\/protestations-en-france-contre-les-arrestations-de-migrants-28-04-2011-1324451_240.php<\/font><\/a><\/span><\/p>\n<\/div>\n<p align=\"center\"><b><span lang=\"FR\"><\/p>\n<h2 style=\"color: red;\"><font face=\"Arial\">Tunisie : le gouvernement g\u00e8re l&rsquo;urgence<\/font><\/h2>\n<p> <\/span><\/b><\/p>\n<hr\/>\n<p>\u00a0<\/p>\n<p align=\"justify\"><span lang=\"FR\"><font face=\"Arial\">Mercredi 27 avril, Medef International avait convi\u00e9 quatre ministres du gouvernement provisoire en Tunisie, tous anciens chefs d\u2019entreprises appel\u00e9s aux lendemains de \u00ab la r\u00e9volution du jasmin \u00bb pour servir leur pays jusqu&rsquo;\u00e0 l&rsquo;\u00e9tablissement d&rsquo;un nouveau r\u00e9gime. Tr\u00e8s \u00e0 l\u2019aise pour pr\u00e9senter les aides d\u2019urgence en faveur des populations et des r\u00e9gions d\u00e9favoris\u00e9es, des jeunes dipl\u00f4m\u00e9s au ch\u00f4mage et des entreprises que les \u00e9v\u00e8nements ont lourdement frapp\u00e9es, leurs r\u00e9ponses \u00e9taient plus \u00e9vasives lorsqu\u2019il s\u2019agissait de dresser des perspectives \u00e0 moyen et long terme.<\/font><\/span><\/p>\n<p align=\"justify\"><font face=\"Arial\"><span lang=\"FR\"><font>Les quatre ministres &#8211; Jalloul Ayed (Finances), Mehdi Houas (Commerce, tourisme et artisanat), Sa\u00efd A\u00efdi (Formation professionnelle et emploi) et Yassine Ibrahim (Transports et \u00e9quipement) &#8211; ont cherch\u00e9 \u00e0 rassurer leurs interlocuteurs. Il n\u2019est pas certain qu\u2019ils y aient totalement r\u00e9ussi. Leurs comp\u00e9tences et leur volont\u00e9 de relancer la machine \u00e9conomique ne sauraient \u00eatre mises en doute. Le fait qu\u2019ils appartiennent \u00e0 un gouvernement provisoire n\u2019y est certainement pas \u00e9tranger. Les quatre ministres se sont en effet engag\u00e9s, comme les autres membres du gouvernement de transition, \u00e0 quitter le pouvoir apr\u00e8s l\u2019\u00e9tablissement d\u2019une nouvelle Constitution nationale. Le 24 juillet prochain, une <\/font><\/span><font><span lang=\"NO-BOK\"><a href=\"http:\/\/www.lemoci.com\/www.tunisie-presse.com\/societe\/dossier_33_elaboration+nouvelle+constitution+societe+politique.html\" target=\"_blank\" rel=\"noopener\"><span lang=\"FR\"><font>Assembl\u00e9e constituante<\/font><\/span><\/a><\/span><\/font><span lang=\"FR\"><font> sera \u00e9lue.<\/font><\/span><\/font><\/p>\n<p align=\"justify\"><span lang=\"FR\"><font face=\"Arial\">De fait, \u00ab la r\u00e9volution du 14 janvier \u00bb a affect\u00e9 l&rsquo;activit\u00e9 du pays. \u00ab L\u2019\u00e9conomie s\u2019essouffle \u00bb, reconna\u00eet Jalloud Ayed, 60 ans, ancien vice-pr\u00e9sident de BMCE Bank, filiale de la Banque marocaine du commerce ext\u00e9rieur \u00e0 Londres. La croissance de l\u2019\u00e9conomie, qui devait s\u2019\u00e9lever \u00e0 5,5 % cette ann\u00e9e, sera finalement inf\u00e9rieure \u00e0 1 % et le nombre d\u2019emplois cr\u00e9\u00e9 (85 000 pr\u00e9vus pour 2011) tomberait \u00e0 20 000 environ. Or, le taux de ch\u00f4mage est d\u00e9j\u00e0 \u00e9lev\u00e9, de l\u2019ordre de 20 %. Et sur les 500 000 demandeurs d\u2019emploi recens\u00e9s en janvier, 160 000 \u00e9taient des dipl\u00f4m\u00e9s de l\u2019enseignement sup\u00e9rieur.<\/font><\/span><\/p>\n<p align=\"justify\"><font face=\"Arial\"><span lang=\"FR\"><font>Alors que le patronat et les syndicats tunisiens entament un <\/font><\/span><font><span lang=\"NO-BOK\"><a href=\"http:\/\/www.lemoci.com\/www.lemoci.com\/011-52825-La-Tunisie-a-engage-les-reformes-sociales-et-politiques.html\" target=\"_blank\" rel=\"noopener\"><span lang=\"FR\"><font>dialogue social<\/font><\/span><\/a><\/span><span lang=\"FR\"> tout neuf, les grands projets sont rel\u00e9gu\u00e9s \u00e0 l\u2019arri\u00e8re plan. Directeur Moyen Orient-Afrique d\u2019Alstom, Paul Moneyron a fait part de \u00ab son inqui\u00e9tude \u00bb aux quatre ministres tunisiens. A l\u2019instar de l\u2019<\/span><span lang=\"NO-BOK\"><a href=\"http:\/\/www.lemoci.com\/kriks.net\/2011\/04\/07\/tunisie-2011-avancement-des-travaux-de-lautoroute-gabes-sfax-de-25-pc-cote-gabes\/\" target=\"_blank\" rel=\"noopener\"><span lang=\"FR\"><font>autoroute Sfax-Gabes<\/font><\/span><\/a><\/span><\/font><span lang=\"FR\"><font>, qui concerne 2 000 emplois directs et 5 000 indirects, \u00ab les grands projets en cours ne sont pas stopp\u00e9s \u00bb, a r\u00e9pondu Yassine Ibrahim, qui a aussi cit\u00e9 d&rsquo;autres pistes, comme le creusement d\u2019un tunnel \u00e0 Bizerte pour remplacer le pont mobile d\u00e9fectueux et des \u00e9tudes pour un train \u00e0 grande vitesse.<\/font><\/span><\/font><\/p>\n<p align=\"justify\"><font face=\"Arial\"><span lang=\"FR\"><font>Selon le ministre des Transports et de l\u2019\u00e9quipement, le projet de r\u00e9seau ferroviaire rapide (<\/font><\/span><font><span lang=\"NO-BOK\"><a href=\"http:\/\/www.lemoci.com\/www.archibat.info\/news.php?artid=258\" target=\"_blank\" rel=\"noopener\"><span lang=\"FR\"><font>RFR<\/font><\/span><\/a><\/span><\/font><span lang=\"FR\"><font>), \u00e9quivalent du RER parisien pour le Grand Tunis, \u00ab avance toujours \u00bb. Mais, reconna\u00eet-il dans le m\u00eame temps, \u00ab le pays n\u2019a pas la capacit\u00e9 de relancer des grands travaux \u00bb, ce qui va amener le gouvernement \u00e0 organiser une conf\u00e9rence sur la logistique pour exposer les diff\u00e9rents th\u00e8mes, comme le rail et les autoroutes. Les conclusions pourraient servir de base de d\u00e9cision \u00ab aux futurs gouvernements \u00bb, estime Yassine Ibrahim.<\/font><\/span><\/font><\/p>\n<p align=\"justify\"><font face=\"Arial\"><span lang=\"FR\"><font>Qu\u2019en sera-t-il du grand port dont l\u2019ancien r\u00e9gime voulait doter le pays \u00e0 <\/font><\/span><font><span lang=\"NO-BOK\"><a href=\"http:\/\/www.lemoci.com\/www.tunipages.com\/actualites\/2011\/01\/port-denfidha-une-nouvelle-generation-de-ports-en-tunisie\/\" target=\"_blank\" rel=\"noopener\"><span lang=\"FR\"><font>Enfidha<\/font><\/span><\/a><\/span><span lang=\"FR\">, pr\u00e8s de Sousse ? Yassine Ibrahim a instill\u00e9 le doute en d\u00e9clarant qu\u2019il faut \u00ab mieux utiliser les ports existants avant d\u2019aller vers un port en eau profonde \u00bb. Autre incertitude : Jalloud Ayed promet une restructuration profonde du secteur bancaire et l\u2019\u00e9tablissement d\u2019un march\u00e9 financier \u00ab pour lever des fonds pour des projets \u00e0 moyen et long terme \u00bb, mais l\u2019Etat n\u2019est toujours pas parvenu \u00e0 donner un nouveau patron \u00e0<strong> <\/strong>la Soci\u00e9t\u00e9 tunisienne d\u2019assurances et de r\u00e9assurances (<\/span><span lang=\"NO-BOK\"><a href=\"http:\/\/www.lemoci.com\/www.businessnews.com.tn\/Tunisie--Le-personnel-de-la-Star-a-r\u00e9ussi-\u00e0-emp\u00eacher-le-conseil-d\u2019administration-de-nommer-une-nouvelle-PDG-,520,24343,1\" target=\"_blank\" rel=\"noopener\"><span lang=\"FR\"><font>Star<\/font><\/span><\/a><\/span><\/font><span lang=\"FR\"><font>). L\u2019ancien pr\u00e9sident de la Star, dont Groupama d\u00e9tient 35 %, a \u00e9t\u00e9 expuls\u00e9 fin janvier.<\/font><\/span><\/font><\/p>\n<p align=\"justify\"><span lang=\"FR\"><font face=\"Arial\">Source : \u00ab lemoci \u00bb Le 28-04-2011<\/font><\/span><\/p>\n<div>\n<p align=\"justify\"><span lang=\"FR\"><font face=\"Arial\">Lien : <\/font><a href=\"http:\/\/www.lemoci.com\/011-53891-Tunisie-un-gouvernement-de-transition-gere-les-urgences.html\" target=\"_blank\" rel=\"noopener\"><font face=\"Arial\">http:\/\/www.lemoci.com\/011-53891-Tunisie-un-gouvernement-de-transition-gere-les-urgences.html<\/font><\/a><\/span><\/p>\n<\/div>\n<p align=\"center\"><b><span lang=\"FR\"><\/p>\n<h2 style=\"color: red;\"><font face=\"Arial\">La r\u00e9volution tunisienne et son histoire<\/font><\/h2>\n<p> <\/span><\/b><\/p>\n<hr\/>\n<p>\u00a0<\/p>\n<p align=\"justify\"><span lang=\"FR\"><font face=\"Arial\">Comment \u00e9crire un livre sur un ph\u00e9nom\u00e8ne qui ne semble pas encore achev\u00e9, la \u00ab\u00a0r\u00e9volution\u00a0\u00bb tunisienne, qui plus est quand on est journaliste fran\u00e7ais ? Pierre Puchot, Grand Reporter sp\u00e9cialiste du Maghreb, r\u00e9pond \u00e0 ces questions en offrant un recueil de ses articles \u00e9crits pour Mediapart de 2008 \u00e0 2011. Prenant ainsi de la distance avec les \u00e9v\u00e8nements, le journaliste parvient \u00e0 r\u00e9tablir une chronologie des \u00e9v\u00e8nements, une \u00ab\u00a0gen\u00e8se de cette r\u00e9volution populaire tunisienne\u00a0\u00bb pour tout lecteur non averti et un document riche d\u2019enqu\u00eates et de reportages. <\/font><\/span><\/p>\n<p align=\"justify\">\u00a0<\/p>\n<p align=\"justify\"><font face=\"Arial\"><span lang=\"FR\"><font>Trop t\u00f4t ? Trop rapide ? Trop risqu\u00e9 de faire un livre sur un ph\u00e9nom\u00e8ne dont on ne conna\u00eet toujours pas aujourd\u2019hui les d\u00e9bouch\u00e9s ? Non, car l\u2019ouvrage constitue avant tout un document journalistique, un recueil d\u2019informations qui peuvent aider \u00e0 comprendre les enjeux de la Tunisie actuelle. Le livre prend pour titre \u00ab\u00a0une r\u00e9volution arabe\u00a0\u00bb, soulignant l\u2019ampleur d\u2019un mouvement qui rythme encore l\u2019actualit\u00e9 m\u00e9diatique comme on peut le voir dans les r\u00e9centes r\u00e9pressions de la r\u00e9volte syrienne. \u00ab\u00a0Une\u00a0\u00bb r\u00e9volution, car il y en a eu une autre avant, celle du bassin minier de Gafsa longtemps taboue et sans images, dont le livre a le m\u00e9rite de retracer l\u2019histoire. Lanc\u00e9e par les manifestations du 5 janvier 2008 \u00e0 Redeyef suite <\/font><\/span><font><span lang=\"NO-BOK\"><a href=\"http:\/\/anneemaghreb.revues.org\/923\" target=\"_blank\" rel=\"noopener\"><span lang=\"FR\"><font>\u00e0 un concours d&#8217;emba\u00fbche compl\u00e8tement fauss\u00e9<\/font><\/span><\/a><\/span><\/font><span lang=\"FR\"><font>, cette r\u00e9volte \u00e9tait l\u2019une des premi\u00e8res \u00e0 remettre en cause l\u2019autorit\u00e9 et la corruption du syst\u00e8me Ben Ali. Le livre pose ainsi un probl\u00e8me : O\u00f9 commence la r\u00e9volution tunisienne ? A Gafsa il y a trois ans malgr\u00e9 la r\u00e9pression sanglante ou le 17 d\u00e9cembre 2011 lorsque Mohamed Bouazizi s\u2019immole en pleine rue ? Ou encore lorsque des milliers de manifestants crient le fameux \u00ab\u00a0D\u00e9gage !\u00a0\u00bb \u00e0 Tunis qui entra\u00eenera le d\u00e9part le 14 janvier de Ben Ali ? Face \u00e0 la pr\u00e9cipitation et \u00e0 la rapidit\u00e9 du mouvement, retracer une ligne chronologique via diff\u00e9rentes informations fait sens. <\/font><\/span><\/font><\/p>\n<p align=\"justify\">\u00a0<\/p>\n<p align=\"justify\"><span lang=\"FR\"><font face=\"Arial\">Le livre n\u2019est pourtant pas qu\u2019un catalogue d\u2019articles mis les uns \u00e0 la suite des autres. Les photos qui s\u00e9parent les chapitres, les mots de Moncef Marzouki (opposant au r\u00e9gime Ben Ali), Radhia Nasroui (avocate et pr\u00e9sidente de la ligue tunisienne des droits de l&rsquo;homme), Saber Mansouri (historien tunisien) sont aussi l\u00e0 pr\u00e9sents pour faire prendre la parole \u00e0 ceux qui ont \u00e9t\u00e9 longtemps mis de c\u00f4t\u00e9. M\u00ealant ainsi le travail de plusieurs ann\u00e9es et des articles r\u00e9cents sur les \u00e9v\u00e8nements en Tunisie, le journaliste offre un double regard : celui qui pointe l\u2019aveuglement total des gouvernements fran\u00e7ais de Jacques Chirac \u00e0 Nicolas Sarkozy face au mythe du \u00ab\u00a0miracle tunisien\u00a0\u00bb et celui qui analyse ann\u00e9e par ann\u00e9e le syst\u00e8me politique et social de la Tunisie laissant place aux t\u00e9moignages des opposants politiques comme Moncef Marzouki le 24 octobre 2009, Taoufik Ben Brik journaliste harcel\u00e9 par le r\u00e9gime ou encore Fahem Boukadous, rescap\u00e9 des ge\u00f4les de Ben Ali. Parmi ces figures connues, des portraits ou des citations de tunisiens ordinaires comme un Gafsien, m\u00e9canicien au ch\u00f4mage qui passe ses journ\u00e9e \u00e0 chatter sur Internet, r\u00eavant d\u2019une vie meilleure viennent compl\u00e9ter les r\u00e9cits. <\/font><\/span><\/p>\n<p align=\"justify\"><span lang=\"FR\"><font face=\"Arial\">Source : \u00ab nonfiction \u00bb Le 29-04-2011<\/font><\/span><\/p>\n<div>\n<p align=\"justify\"><span lang=\"FR\"><font face=\"Arial\">Lien : <\/font><a href=\"http:\/\/www.nonfiction.fr\/article-4549-la_revolution_tunisienne_et_son_histoire.htm\" target=\"_blank\" rel=\"noopener\"><font face=\"Arial\">http:\/\/www.nonfiction.fr\/article-4549-la_revolution_tunisienne_et_son_histoire.htm<\/font><\/a><\/span><\/p>\n<\/div>\n<p align=\"center\"><b><span lang=\"FR\"><\/p>\n<h2 style=\"color: red;\"><font face=\"Arial\">Tunisie : aucun parti politique n\u2019est appr\u00e9ci\u00e9<\/font><\/h2>\n<p> <\/span><\/b><\/p>\n<hr\/>\n<p>\u00a0<\/p>\n<p align=\"justify\"><span lang=\"FR\"><font face=\"Arial\">Aucun des partis politiques (ils sont plus de 50 actuellement) n\u2019est appr\u00e9ci\u00e9 par les Tunisiens. C\u2019est ce qui ressort du rapport \u00e9tabli par l\u2019Institut de sondage et de traitement de l\u2019information statistique (ISTIS). Selon l\u2019enqu\u00eate, 59,6% des personnes interrog\u00e9es n\u2019ont appr\u00e9ci\u00e9 aucun parti politique. <\/font><\/span><\/p>\n<p align=\"justify\"><span lang=\"FR\"><font face=\"Arial\">Les r\u00e9sultats du sondage ont r\u00e9v\u00e9l\u00e9 \u00e9galement qu\u2019aucun des partis politiques actuels ne repr\u00e9sente ou refl\u00e8te l\u2019avis des Tunisiens.  A la question : \u00ab comment consid\u00e9rez-vous la Tunisie actuellement ? \u00bb, 55,2% des sond\u00e9s ont d\u00e9clar\u00e9 que le pays est proche de la soci\u00e9t\u00e9 occidentale tandis que 44,8% ont indiqu\u00e9 que le gouvernement est proche de la soci\u00e9t\u00e9 arabo-musulmane.  En revanche, seulement 19,8% pr\u00e9f\u00e8rent que la Tunisie devienne proche de la soci\u00e9t\u00e9 occidentale. Cependant, la majorit\u00e9, soit 80,2% la pr\u00e9f\u00e8rent proche de la soci\u00e9t\u00e9 arabo-musulmane. Le sondage a \u00e9t\u00e9 r\u00e9alis\u00e9 au cours de la p\u00e9riode du 4 au 11 avril 2011 sur un \u00e9chantillon de 1 828 personnes. L\u2019\u00e9chantillon a \u00e9t\u00e9 s\u00e9lectionn\u00e9 selon la m\u00e9thode des quotas par r\u00e9gion, milieu, genre et \u00e2ge<\/font><\/span><\/p>\n<p align=\"justify\"><span lang=\"FR\"><font face=\"Arial\">Source : \u00ab Investir en Tunisie \u00bb Le 28-04-2011<\/font><\/span><\/p>\n<div>\n<p align=\"justify\"><span lang=\"FR\"><font face=\"Arial\">Lien : <\/font><a href=\"http:\/\/www.investir-en-tunisie.net\/index.php?option=com_content&amp;view=article&amp;id=9795\" target=\"_blank\" rel=\"noopener\"><font face=\"Arial\">http:\/\/www.investir-en-tunisie.net\/index.php?option=com_content&amp;view=article&amp;id=9795<\/font><\/a><\/span><\/p>\n<\/div>\n<h2 align=\"center\" style=\"color: red;\"><span lang=\"FR\"><\/p>\n<h3 style=\"color: blue;\"><font face=\"Arial\">Le syst\u00e8me lib\u00e9ral a la faveur des Tunisiens, selon un sondage d&rsquo;ISTIS<\/font><\/h3>\n<p> <\/span><\/h2>\n<hr\/>\n<p align=\"justify\"><span lang=\"FR\"><font face=\"Arial\">Alors que les sondages d\u2019opinion r\u00e9alis\u00e9s apr\u00e8s la r\u00e9volution par plusieurs bureaux sp\u00e9cialis\u00e9s dans les enqu\u00eates statistiques ont port\u00e9 principalement sur la notori\u00e9t\u00e9 des personnalit\u00e9s et partis politiques, celui r\u00e9alis\u00e9 par l\u2019Institut de sondage et de traitement de l\u2019information statistique (ISTIS), en partenariat avec Mayadine, plateforme de Market Research, ambitionne d\u2019apporter des r\u00e9ponses \u00e0 certains interrogations, entre autres sur la perception de la situation actuelle du pays au niveau de la s\u00e9curit\u00e9, des m\u00e9dias et des performances du gouvernement provisoire, les risques per\u00e7us par les Tunisiens sur l\u2019avenir du pays ainsi que leur opinion sur les revendications sociales et leur impact.<\/font><\/span><\/p>\n<p align=\"justify\">\u00a0<\/p>\n<p align=\"justify\"><span lang=\"FR\"><font face=\"Arial\">\u00abL\u2019objectif de l\u2019enqu\u00eate est d\u2019apporter un \u00e9clairage sur l\u2019\u00e9tat d\u2019esprit actuel et la perception du Tunisien concernant ces questions actuellement sujets \u00e0 d\u00e9bat et pol\u00e9mique\u00bb, a expliqu\u00e9 Hosni Nemsia, DG d\u2019ISTIS, lors d\u2019une conf\u00e9rence organis\u00e9e mercredi 27 avril 2011 \u00e0 Tunis.<\/font><\/span><\/p>\n<p align=\"justify\"><span lang=\"FR\"><font face=\"Arial\">Un \u00e9chantillon de 1.828 personnes a \u00e9t\u00e9 s\u00e9lectionn\u00e9 selon la m\u00e9thode des quotas par r\u00e9gion, milieu, genre et \u00e2ge. L\u2019enqu\u00eate a \u00e9t\u00e9 administr\u00e9e en face \u00e0 face en arabe sur la base d\u2019un questionnaire pr\u00e9\u00e9tabli.<\/font><\/span><\/p>\n<p align=\"justify\"><span lang=\"FR\"><font face=\"Arial\">Situation actuelle de la Tunisie <\/font><\/span><\/p>\n<p align=\"justify\"><span lang=\"FR\"><font face=\"Arial\">Globalement, la situation a \u00e9t\u00e9 jug\u00e9e incompr\u00e9hensible par 52,6% des personnes interrog\u00e9es, 22,7% jugent qu\u2019elle est normale apr\u00e8s une r\u00e9volution, 13,7% ne ressentent aucun changement et 11% la trouvent inqui\u00e9tante.<\/font><\/span><\/p>\n<p align=\"justify\"><span lang=\"FR\"><font face=\"Arial\">Dans un futur proche, l\u2019\u00e9volution de la situation du pays ne semble pas claire pour 66,1%; elle se complique davantage pour 19,9% et uniquement 14% d\u00e9clarent que la Tunisie est sur la bonne voie.<\/font><\/span><\/p>\n<p align=\"justify\"><span lang=\"FR\"><font face=\"Arial\">Les revendications sociales (55,4%) et la faible performance de l\u2019UGTT (55,2%) et des partis politiques (68,2%) repr\u00e9sentent des facteurs d\u2019insatisfaction de la population tunisienne.<\/font><\/span><\/p>\n<p align=\"justify\"><span lang=\"FR\"><font face=\"Arial\">Malgr\u00e9 cette situation, deux tiers (66,3%) des Tunisiens restent moyennement ou totalement confiants dans l\u2019avenir du pays vis-\u00e0-vis de l\u2019ordre, la libert\u00e9 et la justice.<\/font><\/span><\/p>\n<p align=\"justify\"><span lang=\"FR\"><font face=\"Arial\">La r\u00e9volution et les m\u00e9dias-presse<\/font><\/span><\/p>\n<p align=\"justify\"><span lang=\"FR\"><font face=\"Arial\">Le sondage a r\u00e9v\u00e9l\u00e9 qu\u2019avant la r\u00e9volution, 42,5% des Tunisiens s\u2019int\u00e9ressaient aux informations, cette proportion s\u2019\u00e9l\u00e8ve actuellement \u00e0 91,4%. Cette tendance concerne notamment l\u2019ensemble de la population toutes cat\u00e9gories confondues.<\/font><\/span><\/p>\n<p align=\"justify\"><span lang=\"FR\"><font face=\"Arial\">Ainsi, les supports m\u00e9diatiques les plus souvent utilis\u00e9s sont : <\/font><\/span><\/p>\n<p align=\"justify\">\u00a0<\/p>\n<p align=\"justify\"><span lang=\"FR\"><font face=\"Arial\">&#8211; Les cha\u00eenes de TV tunisiennes : 74,2%<\/font><\/span><\/p>\n<p align=\"justify\"><span lang=\"FR\"><font face=\"Arial\">&#8211; Les cha\u00eenes de TV \u00e9trang\u00e8res : 67,4%<\/font><\/span><\/p>\n<p align=\"justify\"><span lang=\"FR\"><font face=\"Arial\">&#8211; Les cha\u00eenes de radio : 45,5%<\/font><\/span><\/p>\n<p align=\"justify\"><span lang=\"FR\"><font face=\"Arial\">&#8211; Les journaux et magasines tunisiens : 30,8%<\/font><\/span><\/p>\n<p align=\"justify\"><span lang=\"FR\"><font face=\"Arial\">&#8211; Les journaux et magasines \u00e9trangers : 15,4%<\/font><\/span><\/p>\n<p align=\"justify\"><span lang=\"FR\"><font face=\"Arial\">&#8211; Internet (facebook, tweeter, \u2026) : 36,9%<\/font><\/span><\/p>\n<p align=\"justify\"><span lang=\"FR\"><font face=\"Arial\">&#8211; Journaux \u00e9lectroniques et sites d\u2019actualit\u00e9 : 25,9%<\/font><\/span><\/p>\n<p align=\"justify\"><span lang=\"FR\"><font face=\"Arial\">Au niveau r\u00e9gional, les r\u00e9sultats indiquent que l\u2019usage d\u2019Internet est moins fr\u00e9quent dans les r\u00e9gions de l\u2019ouest, le pourcentage de personnes qui n\u2019utilisent jamais ou qui utilisent rarement l\u2019Internet pour s\u2019informer d\u00e9passe 67% dans le Nord-est et 78% dans le Centre-ouest.<\/font><\/span><\/p>\n<p align=\"justify\"><b><span lang=\"FR\"><font face=\"Arial\">Les tendances politiques <\/font><\/span><\/b><\/p>\n<p align=\"justify\"><span lang=\"FR\"><font face=\"Arial\">Plus de 55% de la population s\u2019int\u00e9ressent \u00e0 la politique, et les sceptiques ne repr\u00e9sentent que 20%. Les franges de la population les plus concern\u00e9es sont constitu\u00e9es de ceux qui ont un niveau d\u2019instruction sup\u00e9rieur au primaire, toute activit\u00e9 confondue sauf les femmes au foyer. Au niveau r\u00e9gional et par rapport \u00e0 ce niveau global, la r\u00e9gion Nord-ouest est en d\u00e9calage avec pr\u00e8s de 35% alors que la r\u00e9gion de la capitale pr\u00e9sente un int\u00e9r\u00eat prononc\u00e9 avec pr\u00e8s de 75%.<\/font><\/span><\/p>\n<p align=\"justify\"><span lang=\"FR\"><font face=\"Arial\">La connaissance du paysage politique actuel est \u00e0 62% faible et 27% moyenne. Une personne sur dix d\u00e9clare en avoir une bonne connaissance. Le taux de m\u00e9connaissance est assez homog\u00e8ne entre les diverses r\u00e9gions et milieux, d\u00e9gressif avec le niveau d\u2019instruction.<\/font><\/span><\/p>\n<p align=\"justify\"><span lang=\"FR\"><font face=\"Arial\">Au niveau du syst\u00e8me \u00e9conomique, une personne sur trois d\u00e9clare ne pas avoir de sensibilit\u00e9 pr\u00e9cise. Pour ceux qui ont un choix, un tiers opte pour un syst\u00e8me lib\u00e9ral avec intervention de l\u2019Etat. Le syst\u00e8me socialiste n\u2019a pas la faveur et ne r\u00e9colte pas plus de 4%. Un sond\u00e9 sur 10 est favorable \u00e0 un syst\u00e8me \u00e9conomique \u00e0 consonance islamique, et un sond\u00e9 sur cinq pr\u00e9f\u00e8re le syst\u00e8me lib\u00e9ral.<\/font><\/span><\/p>\n<p align=\"justify\"><span lang=\"FR\"><font face=\"Arial\">Source : \u00ab wmc \u00bb Le 28-04-2011<\/font><\/span><\/p>\n<div>\n<p align=\"justify\"><span lang=\"FR\"><font face=\"Arial\">Lien : <\/font><a href=\"http:\/\/www.webmanagercenter.com\/management\/article-105172-le-systeme-liberal-a-la-faveur-des-tunisiens-selon-un-sondage-d-istis\" target=\"_blank\" rel=\"noopener\"><font face=\"Arial\">http:\/\/www.webmanagercenter.com\/management\/article-105172-le-systeme-liberal-a-la-faveur-des-tunisiens-selon-un-sondage-d-istis<\/font><\/a><\/span><\/p>\n<\/div>\n<p align=\"center\"><b><span lang=\"FR\"><\/p>\n<h3 style=\"color: blue;\"><font face=\"Arial\">La Tunisie cherche sa justice post-r\u00e9volutionnaire<\/font><\/h3>\n<p> <\/span><\/b><\/p>\n<hr\/>\n<p>\u00a0<\/p>\n<p align=\"justify\"><span lang=\"FR\"><font face=\"Arial\">Ils \u00e9taient plus de 300, le 15 avril, devant l\u2019ambassade d\u2019Arabie saoudite \u00e0 Tunis, pays o\u00f9 Zine El Abidine Ben Ali s\u2019est r\u00e9fugi\u00e9 le 14 janvier avec plusieurs membres de sa famille. Leurs pancartes r\u00e9clamaient le retour du pr\u00e9sident d\u00e9chu et sa traduction devant un tribunal.<\/font><\/span><\/p>\n<p align=\"justify\"><span lang=\"FR\"><font face=\"Arial\">L\u2019annonce, le jour pr\u00e9c\u00e9dent, de l\u2019arrestation de l\u2019ancien pr\u00e9sident \u00e9gyptien Hosni Moubarak avait renforc\u00e9 l\u2019exigence de justice des Tunisiens.<\/font><\/span><\/p>\n<p align=\"justify\"><span lang=\"FR\"><font face=\"Arial\">Face \u00e0 la pression, les autorit\u00e9s de transition mettent en avant les d\u00e9marches entreprises. Dans un entretien t\u00e9l\u00e9vis\u00e9, le 13 avril, le ministre de la justice, Lazhar Karoui Chebbi, a indiqu\u00e9 que 18 actions en justice \u00e9taient intent\u00e9es contre l\u2019ancien pr\u00e9sident, pour \u00ab homicides volontaires, complot contre la s\u00fbret\u00e9 de l\u2019\u00c9tat et usage et trafic de drogues \u00bb.<\/font><\/span><\/p>\n<p align=\"justify\"><span lang=\"FR\"><font face=\"Arial\">Il a assur\u00e9 faire le maximum pour obtenir l\u2019ex\u00e9cution du mandat d\u2019arr\u00eat international \u00e9mis le 26 janvier contre lui et son \u00e9pouse, Le\u00efla Trabelsi, et leur extradition.<\/font><\/span><\/p>\n<p align=\"justify\"><span lang=\"FR\"><font face=\"Arial\">Ces derni\u00e8res semaines, les mesures prises \u00e0 l\u2019encontre des cadres du r\u00e9gime se sont aussi multipli\u00e9es. Le 8 avril, les anciens ministres et conseillers de Ben Ali, et les personnes soup\u00e7onn\u00e9es de corruption, ont \u00e9t\u00e9 interdits de quitter le pays. Priv\u00e9s d\u2019activit\u00e9 politique depuis le 11 avril, les responsables du Rassemblement constitutionnel d\u00e9mocratique (RCD), l\u2019ancien parti au pouvoir dissous en mars, sont de plus en plus nombreux \u00e0 avoir affaire \u00e0 la justice.<\/font><\/span><\/p>\n<h3 align=\"justify\" style=\"color: blue;\"><span lang=\"FR\"><font face=\"Arial\">Le syst\u00e8me judiciaire fait aussi l\u2019objet de purges<\/font><\/span><\/h3>\n<p align=\"justify\"><span lang=\"FR\"><font face=\"Arial\">Le dernier secr\u00e9taire g\u00e9n\u00e9ral du RCD, Mohamed Ghariani, a \u00e9t\u00e9 arr\u00eat\u00e9 le 11 avril et l\u2019un de ses pr\u00e9d\u00e9cesseurs, Abderrahim Zouari, le 13. L\u2019ancien premier ministre Hamed Karoui a aussi \u00e9t\u00e9 entendu par la justice.<\/font><\/span><\/p>\n<p align=\"justify\"><span lang=\"FR\"><font face=\"Arial\">\u00ab Ces arrestations sont de bon augure, estime Abderrazak Kilani, b\u00e2tonnier de l\u2019Ordre des avocats. Mais elles surviennent tr\u00e8s tardivement. \u00bb Les semaines \u00e9coul\u00e9es depuis le 14 janvier \u00ab ont donn\u00e9 le temps aux responsables de cacher les traces de leurs crimes \u00bb, s\u2019inqui\u00e8te-t-il.<\/font><\/span><\/p>\n<p align=\"justify\"><span lang=\"FR\"><font face=\"Arial\">Une critique rejet\u00e9e par le premier ministre de transition, B\u00e9ji Ca\u00efd Essebsi : \u00ab Je ne crois pas \u00e0 la justice exp\u00e9ditive et collective \u00bb, a-t-il r\u00e9cemment d\u00e9clar\u00e9. Les proc\u00e9dures ne vont \u00ab pas aussi vite que nous l\u2019aurions souhait\u00e9, mais je pr\u00e9f\u00e8re cela \u00e0 l\u2019injustice \u00bb, a-t-il encore expliqu\u00e9.<\/font><\/span><\/p>\n<p align=\"justify\"><span lang=\"FR\"><font face=\"Arial\">Le gouvernement s\u2019empresse d\u2019autant moins que le syst\u00e8me judiciaire, h\u00e9rit\u00e9 de l\u2019ancien r\u00e9gime, fait lui-m\u00eame l\u2019objet de purges. Selon le ministre de la justice, une dizaine de magistrats connus pour leur \u00ab all\u00e9geance \u00bb au syst\u00e8me Ben Ali ont r\u00e9cemment \u00e9t\u00e9 d\u00e9mis.<\/font><\/span><\/p>\n<h3 align=\"justify\" style=\"color: blue;\"><span lang=\"FR\"><font face=\"Arial\">Entre chasse aux sorci\u00e8res et complaisance<\/font><\/span><\/h3>\n<p align=\"justify\"><span lang=\"FR\"><font face=\"Arial\">Apr\u00e8s vingt-trois ans d\u2019un r\u00e9gime bas\u00e9 sur la surveillance polici\u00e8re et la torture, les autorit\u00e9s de transition cherchent le juste milieu entre une chasse aux sorci\u00e8res et une mod\u00e9ration per\u00e7ue comme complaisante.<\/font><\/span><\/p>\n<p align=\"justify\"><span lang=\"FR\"><font face=\"Arial\">Deux commissions ind\u00e9pendantes ont \u00e9t\u00e9 cr\u00e9\u00e9es pour enqu\u00eater sur les exactions commises pendant les semaines de r\u00e9volte et sur la corruption qui gangrenait le syst\u00e8me, mais leur l\u00e9gitimit\u00e9 est contest\u00e9e. Le conseil de l\u2019Ordre des avocats a d\u00e9nonc\u00e9 la proximit\u00e9 de certains membres avec l\u2019ancien r\u00e9gime et l\u2019empi\u00e9tement sur le travail de la justice.<\/font><\/span><\/p>\n<p align=\"justify\"><span lang=\"FR\"><font face=\"Arial\">La commission d\u2019enqu\u00eate sur les exactions \u00ab ne peut aucunement remplacer l\u2019institution judiciaire \u00bb, a expliqu\u00e9 son pr\u00e9sident, Taoufik Bouderbala, lors d\u2019une conf\u00e9rence sur la \u00ab justice transitionnelle \u00bb qui s\u2019est tenue \u00e0 Tunis du 14 au 16 avril.<\/font><\/span><\/p>\n<p align=\"justify\"><span lang=\"FR\"><font face=\"Arial\">Son principal objectif est \u00ab la recherche de la v\u00e9rit\u00e9 \u00bb. \u00ab Nous allons prononcer des condamnations politiques, indique Bochra Belhajmida, avocate et membre de la commission. Les cadres du r\u00e9gime vont \u00eatre reconnus responsables devant les Tunisiens. \u00bb Une d\u00e9marche essentielle, souligne-t-elle, pour \u00ab \u00e9viter les haines et permettre \u00e0 la soci\u00e9t\u00e9 d\u2019acc\u00e9der \u00e0 la s\u00e9r\u00e9nit\u00e9 \u00bb.<\/font><\/span><\/p>\n<p align=\"justify\"><span lang=\"FR\"><font face=\"Arial\">Source : \u00ab La Croix \u00bb Le 28-04-2011<\/font><\/span><\/p>\n<div>\n<p align=\"justify\"><span lang=\"FR\"><font face=\"Arial\">Lien : <\/font><a href=\"http:\/\/www.la-croix.com\/Actualite\/S-informer\/Monde\/La-Tunisie-cherche-sa-justice-post-revolutionnaire-_EP_-2011-04-27-595788\/(CRX_ARTICLE_ACCESS)\/ACCESS_CONTENT\" target=\"_blank\" rel=\"noopener\"><font face=\"Arial\">http:\/\/www.la-croix.com\/Actualite\/S-informer\/Monde\/La-Tunisie-cherche-sa-justice-post-revolutionnaire-_EP_-2011-04-27-595788\/(CRX_ARTICLE_ACCESS)\/ACCESS_CONTENT<\/font><\/a><\/span><\/p>\n<\/div>\n<p align=\"justify\">\u00a0<\/p>\n<p align=\"center\"><b><span lang=\"FR\"><\/p>\n<h3 style=\"color: blue;\"><font face=\"Arial\">Jalloul Ayed, ministre tunisien des Finances :<\/font><\/h3>\n<p><\/span><\/b><\/p>\n<p align=\"center\"><b><span lang=\"FR\"><\/p>\n<h3 style=\"color: blue;\"><font face=\"Arial\">\u00ab\u00a0La Tunisie d\u00e9mocratique peut gagner deux points de croissance\u00a0\u00bb<\/font><\/h3>\n<p> <\/span><\/b><\/p>\n<hr\/>\n<p>\u00a0<\/p>\n<p align=\"justify\"><font face=\"Arial\"><b><span lang=\"FR\"><font>Dans un entretien \u00e0 La Tribune, le grand banquier devenu ministre dans le gouvernement de transition d\u00e9mocratique explique comment le pays cr\u00e9era \u00ab\u00a0des centaines de milliers d&#8217;emplois\u00a0\u00bb d&rsquo;ici cinq ans. Il revient \u00e9galement sur les cons\u00e9quences \u00e9conomiques de la r\u00e9volution de jasmin et s&rsquo;exprime sur les autres r\u00e9voltes arabes.<\/font><\/span><\/b><span lang=\"FR\"><font><\/font><\/span><\/font><\/p>\n<p align=\"justify\"><b><span lang=\"FR\"><font face=\"Arial\">Le Fonds mon\u00e9taire international (FMI) pr\u00e9voit une croissance d&rsquo;\u00e0 peine 1,3% cette ann\u00e9e apr\u00e8s 3,7% en 2010, le dernier exercice du r\u00e9gime Ben Ali. Pour l&rsquo;\u00e9conomie, mieux vaut donc une dictature qu&rsquo;une jeune d\u00e9mocratie ?<\/font><\/span><\/b><span lang=\"FR\"><font> <\/font><font face=\"Arial\">Non, c&rsquo;est un passage d\u00e9mocratique. Les r\u00e9volutions, c&rsquo;est comme une naissance : c&rsquo;est tr\u00e8s beau mais cela fait mal. Cette transition difficile donne des opportunit\u00e9s pour une croissance beaucoup plus int\u00e9ressante que par le pass\u00e9. Aujourd&rsquo;hui les Tunisiens, surtout les investisseurs, peuvent se lancer dans les projets qui les int\u00e9ressent, sans retenue aucune.  La Tunisie d\u00e9mocratique peut gagner deux points de croissance suppl\u00e9mentaires en lib\u00e9rant les \u00e9nergies qui vont permettre de d\u00e9velopper son immense potentiel.  La baisse de la croissance cette ann\u00e9e est exceptionnelle et surtout due aux troubles et aux mouvements sociaux, ce qui est tout \u00e0 fait normal apr\u00e8s une r\u00e9volution, quand le peuple r\u00e9clame qu&rsquo;une justice lui soit rendue<\/font><\/span><\/p>\n<p align=\"justify\"><b><span lang=\"FR\"><font face=\"Arial\">La r\u00e9volution tunisienne est partie du mal-\u00eatre de jeunes dipl\u00f4m\u00e9s au ch\u00f4mage. Comment leur donner du travail ?<\/font><\/span><\/b><span lang=\"FR\"><font> <\/font><font face=\"Arial\">Pour cette g\u00e9n\u00e9ration frustr\u00e9e, le gouvernement pr\u00e9pare un vrai plan Marshall pour la Tunisie. D&rsquo;ici aux \u00e9lections d&rsquo;une assembl\u00e9e constituante le 24 juillet, nous mettrons en place deux structures pour relancer l&rsquo;\u00e9conomie : une Caisse de d\u00e9p\u00f4t et de consignation (CDC), fond\u00e9e sur le mod\u00e8le fran\u00e7ais ou m\u00eame marocain, autonome mais sous supervision du minist\u00e8re des Finances, et dot\u00e9e \u00e0 terme de 3 \u00e0 4 milliards de dinars. Elle servira \u00e0 financer de grands projets d&rsquo;infrastructures publics, comme le r\u00e9seau ferr\u00e9 tunisien par exemple, qui est le m\u00eame que celui laiss\u00e9 par les Fran\u00e7ais lors de la d\u00e9colonisation ! L&rsquo;autre structure est un \u00abFonds g\u00e9n\u00e9rationnel\u00bb en grande partie financ\u00e9 par les recettes de la privatisation. Ainsi nous pourrons cr\u00e9er dans les cinq ann\u00e9es \u00e0 venir des centaines de milliers d&#8217;emplois p\u00e9rennes en Tunisie \u00e0 partir de notre main d&rsquo;\u0153uvre qualifi\u00e9e. Ces deux fonds pourront s&rsquo;associer aux capitaux \u00e9trangers, notamment fran\u00e7ais.<\/font><\/span><\/p>\n<p align=\"justify\"><b><span lang=\"FR\"><font face=\"Arial\">Vous nationalisez des entreprises d\u00e9tenues jusqu&rsquo;ici par le clan Ben Ali, \u00e0 l&rsquo;instar d&rsquo;Orange Tunisie. Qu&rsquo;en ferez-vous ?<\/font><\/span><\/b><span lang=\"FR\"><font> <\/font><font face=\"Arial\">Notre objectif est de pr\u00e9server les acquis et les int\u00e9r\u00eats des investisseurs \u00e9trangers qui ont cru en notre pays. La confiscation -il ne s&rsquo;agit pas de nationalisation- concerne une multitude d&rsquo;entreprises, dont quatre ou cinq tr\u00e8s grandes entreprises pour lesquelles nous \u00e9laborons une strat\u00e9gie rapide vu leur importance dans leur secteur. Les autres, petites, vont des concessions automobiles \u00e0 la distribution en passant par les services. Mais l&rsquo;Etat n&rsquo;a pas du tout l&rsquo;intention de garder ces actifs dans son portefeuille. Il y a trois solutions : une vente industrielle, une vente par appel d&rsquo;offre, ou l&rsquo;introduction \u00e9ventuelle en Bourse. L&rsquo;Etat n&rsquo;a pas \u00e0 se m\u00ealer de leur gestion mais il a la responsabilit\u00e9 de pr\u00e9server leur rentabilit\u00e9 pendant la p\u00e9riode transitoire.<\/font><\/span><\/p>\n<p align=\"justify\"><b><span lang=\"FR\"><font face=\"Arial\">La saison touristique est en grand danger pour 2011&#8230;<\/font><\/span><\/b><span lang=\"FR\"><font> <\/font><font face=\"Arial\">M\u00eame si nous perdons 40% de l&rsquo;activit\u00e9 cette ann\u00e9e, la situation n&rsquo;est pas catastrophique. L&rsquo;essentiel est de revenir \u00e0 un rythme normal d&rsquo;ici l&rsquo;automne prochain. Sur le court terme, les d\u00e9g\u00e2ts \u00e9conomiques sont importants, mais au final le tourisme va \u00eatre beaucoup plus porteur dans les ann\u00e9es qui viennent. La transformation de la Tunisie en d\u00e9mocratie suscite beaucoup d&rsquo;admiration dans le monde, notamment en Europe, et va attirer du monde, en plus de ceux qui viennent pour le climat et la richesse du patrimoine historique et arch\u00e9ologique.<\/font><\/span><\/p>\n<p align=\"justify\"><b><span lang=\"FR\"><font face=\"Arial\">Comment jugez-vous l&rsquo;aide internationale ?<\/font><\/span><\/b><span lang=\"FR\"><font> <\/font><font face=\"Arial\">L&rsquo;enveloppe de 350 millions d&rsquo;euros promise par Alain Jupp\u00e9 est la plus importante que nous ayons re\u00e7u sur une base bilat\u00e9rale. Cela montre l&rsquo;engagement de la France, premier investisseur, premier client et fournisseur de la Tunisie, et la qualit\u00e9 de nos rapports. Les institutions internationales comme la Banque mondiale ou la Banque africaine de d\u00e9veloppement, plut\u00f4t connues pour leur difficult\u00e9 \u00e0 r\u00e9agir vite, ont r\u00e9pondu \u00e0 la situation avec une rapidit\u00e9 remarquable. Cela montre que la Tunisie a une excellente r\u00e9putation vis-\u00e0-vis de la communaut\u00e9 internationale, y compris les Etats-Unis. Les Am\u00e9ricains se sont montr\u00e9s tout \u00e0 fait disposer \u00e0 nous aider.<\/font><\/span><\/p>\n<p align=\"justify\"><b><span lang=\"FR\"><font face=\"Arial\">Quelle est votre position vis-\u00e0-vis de l&rsquo;immigration massive de jeunes Tunisiens en Europe ?<\/font><\/span><\/b><span lang=\"FR\"><font> <\/font><font face=\"Arial\">Le probl\u00e8me, c&rsquo;est cette immigration ill\u00e9gale, informelle. Les pol\u00e9miques qu&rsquo;elle suscite en Europe ne concernent pas la Tunisie. Le peuple tunisien s&rsquo;est senti bafou\u00e9 pendant longtemps, il faut que les jeunes s&rsquo;arment de patience et prennent confiance dans leur avenir et dans celui de leur pays. Il faut leur redonner une lueur d&rsquo;espoir, leur faire comprendre qu&rsquo;ils ont leur place au soleil.<\/font><\/span><\/p>\n<p align=\"justify\"><b><span lang=\"FR\"><font face=\"Arial\">Etes-vous fier que d&rsquo;autres pays s&rsquo;inspirent de la r\u00e9volution tunisienne ?<\/font><\/span><\/b><span lang=\"FR\"><font> <\/font><font face=\"Arial\">Fier n&rsquo;est pas le mot, car nous ne sommes pas des exportateurs de r\u00e9volutions. Ce qui se passe en Libye, au Maroc ou en Alg\u00e9rie, on le vit tr\u00e8s fortement. Je ressens de la sympathie pour ces mouvements mais aussi beaucoup d&rsquo;anxi\u00e9t\u00e9, notamment pour la souffrance du peuple libyen. L&rsquo;impact de la r\u00e9volution en Libye sur notre \u00e9conomie est tr\u00e8s n\u00e9gatif : la Libye repr\u00e9sente plus d&rsquo;un milliard de dollars pour nos exportations, et 1,5 million de libyens venaient faire du tourisme en Tunisie les poches pleines. Par contre, je suis fier que cette r\u00e9volution ait eu lieu en Tunisie. Fier que le peuple tunisien ait encore une fois trac\u00e9 une ligne glorieuse dans son histoire.<\/font><\/span><\/p>\n<p align=\"justify\"><span lang=\"FR\"><font face=\"Arial\">Source : \u00ab Tribune de Geneve \u00bb Le 28-04-2011<\/font><\/span><\/p>\n<div>\n<p align=\"justify\"><span lang=\"FR\"><font face=\"Arial\">Lien : <\/font><a href=\"http:\/\/www.latribune.fr\/actualites\/economie\/international\/20110427trib000618134\/la-tunisie-democratique-peut-gagner-deux-points-de-croissance.html\" target=\"_blank\" rel=\"noopener\"><font face=\"Arial\">http:\/\/www.latribune.fr\/actualites\/economie\/international\/20110427trib000618134\/la-tunisie-democratique-peut-gagner-deux-points-de-croissance.html<\/font><\/a><\/span><\/p>\n<\/div>\n<p align=\"center\"><b><span lang=\"FR\"><\/p>\n<h3 style=\"color: blue;\"><font face=\"Arial\">Tunisie: N\u00e9jib Chebbi fait sa campagne au Maroc<\/font><\/h3>\n<p> <\/span><\/b><\/p>\n<hr\/>\n<p>\u00a0<\/p>\n<p align=\"justify\"><span lang=\"FR\"><font face=\"Arial\"><font>Ahmed Nejib Chebbi, leader du parti d\u00e9mocratique progressiste, s\u2019est d\u00e9plac\u00e9 Mardi 26 Avril au Maroc pour une visite de travail sur invitation de la fondation Bouabid. Ce voyage intervient dans un contexte de pr\u00e9-campagne \u00e9lectorale o\u00f9 les partis cherchent par tous les moyens \u00e0 se donner une stature politique et un poids n\u00e9cessaires pour la direction des affaires du pays. M. Chebbi, un avocat de 67 ans, est un candidat possible \u00e0 l&rsquo;\u00e9lection pr\u00e9sidentielle qui interviendra apr\u00e8s la constituante.  Lors de ce voyage, M. Nejib Chebbi a rencontr\u00e9 les ministres marocains des Finances et de l&rsquo;Industrie, MM. Salahedine Mezouar et Reda Chemmi, ainsi qu\u2019un parterre d&rsquo;acteurs \u00e9conomiques int\u00e9ress\u00e9s par le d\u00e9veloppement et la consolidation des liens \u00e9conomiques et financiers des deux pays.  Les discussions ont tourn\u00e9 autour des possibilit\u00e9s de renforcer les relations entre la Tunisie et le Maroc avec comme finalit\u00e9 la promotion des \u00e9changes commerciaux, du savoir faire et de l\u2019expertise, ainsi que la cr\u00e9ation d\u2019une plate-forme de coop\u00e9ration entre non seulement les deux pays fr\u00e8res.  Un \u00e9change fructueux sur des questions strat\u00e9giques d&rsquo;avenir pour les deux pays a eu lieu avec M. Mohamed Kettani (Ettijari wafa Bank), et Karim Hajji (Directeur de la Bourse de Casa), ainsi que d&rsquo;autres leaders d&rsquo;opinion marocains. Ces \u00e9changes ont port\u00e9 sur les secteurs bancaires, industriels et touristiques. De nombreuses propositions pour entamer un avenir \u00e9conomique commun au niveau du Maghreb ont \u00e9t\u00e9 discut\u00e9es lors de ces d\u00e9bats.  Confort\u00e9s par des sondages favorables, le PDP et Ahmed NEjib Chebbi s\u2019annoncent comme des challengers s\u00e9rieux pour les \u00e9lections de la constituante. Plusieurs meetings du parti ont connu un franc succ\u00e9s comme celui r\u00e9cemment de Mahdia. Mais gare \u00e0 l\u2019exc\u00e9s de confiance, les adversaires \u00e0 gauche sont plus que s\u00e9rieux et une majorit\u00e9 de tunisiens n\u2019ont pas toujours pas choisi pour qui voter le 24 Juillet.<\/font><b><font><\/font><\/b><\/font><\/span><\/p>\n<p align=\"justify\"><span lang=\"FR\"><font face=\"Arial\">Source : \u00ab Espace Manager \u00bb Le 28-04-2011<\/font><\/span><\/p>\n<div>\n<p align=\"justify\"><span lang=\"FR\"><font face=\"Arial\">Lien : <\/font><a href=\"http:\/\/www.espacemanager.com\/politique\/tunisie-nejib-chebbi-fait-sa-campagne-au-maroc.html\" target=\"_blank\" rel=\"noopener\"><font face=\"Arial\">http:\/\/www.espacemanager.com\/politique\/tunisie-nejib-chebbi-fait-sa-campagne-au-maroc.html<\/font><\/a><\/span><\/p>\n<\/div>\n<p align=\"center\"><b><span lang=\"FR\"><\/p>\n<h3 style=\"color: blue;\"><font face=\"Arial\">Tunisie. Les journalistes de Dar Al Anwar mettent le brassard rouge<\/font><\/h3>\n<p> <\/span><\/b><\/p>\n<hr\/>\n<p>\u00a0<\/p>\n<p align=\"justify\"><span lang=\"FR\"><font face=\"Arial\">Face au m\u00e9pris de leur direction qui, des ann\u00e9es durant, fait la sourde oreille \u00e0 leurs demandes, les salari\u00e9s n\u2019ont pas trouv\u00e9 d\u2019autres moyens que d\u2019observer, jeudi, un jour de protestation. <\/font><\/span><\/p>\n<p align=\"justify\"><span lang=\"FR\"><font face=\"Arial\">Selon les membres du syndicat du groupe de presse priv\u00e9 Dar Al Anwar, Sa\u00efda Amri, la Pdg de l\u2019entreprise, refuse toute n\u00e9gociation. Face aux menaces de sanctions administratives qui p\u00e8sent sur les salari\u00e9s, ces derniers affirment n\u2019avoir pas trouv\u00e9 aucun terrain d\u2019entente. Seul moyen pour faire pression sur l\u2019administration et l\u2019obliger \u00e0 \u00e9couter leurs dol\u00e9ances, avant de passer \u00e0 d\u2019autres actions dans le cadre de la loi : porter le brassard rouge. C\u2019est ce qu\u2019ils ont fait aujourd\u2019hui. Action suivie par 90% du personnel, affirme un membre du syndicat. Seuls les contractuels n\u2019ont pas pu mettre le brassard de peur de perdre leur travail.  Par ailleurs, le bureau consultatif de Dar Anwar, constitu\u00e9 de journalistes de la maison, a pr\u00e9sent\u00e9 depuis mardi sa d\u00e9mission. \u00abImpossible de continuer \u00e0 travailler dans un climat pareil\u00bb, a d\u00e9clar\u00e9 l\u2019un des membres \u00e0 Kapitalis. Un climat pesant qui a provoqu\u00e9 la d\u00e9mission de plusieurs journalistes, au cours de ces derniers mois, notamment du journal \u2018\u2018Le Quotidien\u2019\u2019, dirig\u00e9 par Abdelaj\u00e9lil Messaoudi, le second \u00e9poux de Mme Amri.<\/font><\/span><\/p>\n<p align=\"justify\"><span lang=\"FR\"><font face=\"Arial\">Source : \u00ab Kapitalis \u00bb Le 28-04-2011<\/font><\/span><\/p>\n<div>\n<p align=\"justify\"><span lang=\"FR\"><font face=\"Arial\">Lien : <\/font><a href=\"http:\/\/www.kapitalis.com\/kanal\/61-medias\/3716-tunisie-les-journalistes-de-dar-al-anwar-mettent-le-brassard-rouge.html\" target=\"_blank\" rel=\"noopener\"><font face=\"Arial\">http:\/\/www.kapitalis.com\/kanal\/61-medias\/3716-tunisie-les-journalistes-de-dar-al-anwar-mettent-le-brassard-rouge.html<\/font><\/a><\/span><\/p>\n<\/div>\n<p align=\"center\"><b><span lang=\"FR\"><\/p>\n<h3 style=\"color: blue;\"><font face=\"Arial\">Tunisie. La fuite de Imed Trabelsi: info ou intox?<\/font><\/h3>\n<p> <\/span><\/b><\/p>\n<hr\/>\n<p>\u00a0<\/p>\n<p align=\"justify\"><span lang=\"FR\"><font face=\"Arial\">Hier soir, les habitants du Grand Tunis ont \u00e9t\u00e9 surpris par un important mouvement des forces de s\u00e9curit\u00e9. Des rumeurs parlent de la fuite d\u2019Imed Trabelsi. Que s\u2019est-il r\u00e9ellement pass\u00e9? <\/font><\/span><\/p>\n<p align=\"justify\"><span lang=\"FR\"><font face=\"Arial\">Les habitants de Carthage, La Marsa, Gammarth, Boumhel, Cit\u00e9 Ezzouhour et autres quartiers du Grand Tunis ont observ\u00e9, jusqu\u2019\u00e0 une heure tardive de la nuit du mercredi \u00e0 jeudi, un important mouvement des forces de l\u2019ordre, appuy\u00e9es par des h\u00e9licopt\u00e8res survolant les maisons \u00e0 basse altitude. <\/font><\/span><\/p>\n<p align=\"justify\"><span lang=\"FR\"><font face=\"Arial\">Aussit\u00f4t, les internautes ont \u00e9chang\u00e9 sur Facebook des informations non v\u00e9rifi\u00e9es sur une improbable fuite de Imed Trabelsi, le neveu de Le\u00efla Ben Ali, accus\u00e9 dans plusieurs affaires et d\u00e9tenu \u00e0 la prison de Mornaguia, \u00e0 une vingtaine de kilom\u00e8tres \u00e0 l\u2019ouest de Tunis.<\/font><\/span><\/p>\n<p align=\"justify\"><span lang=\"FR\"><font face=\"Arial\">Facebook, on le sait, n&rsquo;est une source fiable d&rsquo;information. La rumeur reste, donc, \u00e0 v\u00e9rifier. Ou \u00e0 d\u00e9mentir par les autorit\u00e9s.<\/font><\/span><\/p>\n<p align=\"justify\"><span lang=\"FR\"><font face=\"Arial\">Contact\u00e9e par Kapitalis, une source du minist\u00e8re de l&rsquo;Int\u00e9rieur a affirm\u00e9 qu&rsquo;un d\u00e9menti va \u00eatre rendu public incessamment par&#8230; le minist\u00e8re de la D\u00e9fense!<\/font><\/span><\/p>\n<p align=\"justify\"><span lang=\"FR\"><font face=\"Arial\">Hier, les avocats du barreau de Tunis ont fait une marche \u00e0 la rue Bab Benat, devant le Palais de Justice de Tunis, accompagn\u00e9s de certains membres des familles des martyrs, pour protester contre les lenteurs de la justice dans l\u2019instruction des proc\u00e8s des anciens collaborateurs de Ben Ali. Les hommes en noir ont brandi des slogans avertissant l\u2019opinion publique ce ce qu\u2019ils appellent les man\u0153uvres de la contre-r\u00e9volution.<\/font><\/span><\/p>\n<p align=\"justify\"><span lang=\"FR\"><font face=\"Arial\">Source : \u00ab Kapitalis \u00bb Le 28-04-2011<\/font><\/span><\/p>\n<div>\n<p align=\"justify\"><span lang=\"FR\"><font face=\"Arial\">Lien : <\/font><a href=\"http:\/\/www.kapitalis.com\/fokus\/62-national\/3718-tunisie-la-fuite-de-imed-trabelsi-info-ou-intox.html\" target=\"_blank\" rel=\"noopener\"><font face=\"Arial\">http:\/\/www.kapitalis.com\/fokus\/62-national\/3718-tunisie-la-fuite-de-imed-trabelsi-info-ou-intox.html<\/font><\/a><\/span><\/p>\n<\/div>\n<p align=\"center\"><b><span lang=\"FR\"><\/p>\n<h3 style=\"color: blue;\"><font face=\"Arial\">Le minist\u00e8re de la justice a d\u00e9menti la fuite d\u2019Imed Trabelsi<\/font><\/h3>\n<p> <\/span><\/b><\/p>\n<hr\/>\n<p>\u00a0<\/p>\n<p align=\"justify\"><span lang=\"FR\"><font face=\"Arial\">Le minist\u00e8re de la justice a d\u00e9menti aujourd\u2019hui les rumeurs selon lesquelles Imed Trabelsi se serait enfui, et ce dans un communiqu\u00e9, relay\u00e9 par l&rsquo;agence TAP.<\/font><\/span><\/p>\n<p align=\"justify\">\u00a0<\/p>\n<p align=\"justify\"><span lang=\"FR\"><font face=\"Arial\">Le minist\u00e8re de la justice a d\u00e9menti aujourd\u2019hui les rumeurs selon lesquelles Imed Trabelsi se serait enfui, et ce dans un communiqu\u00e9, relay\u00e9 par l&rsquo;agence TAP. Selon la m\u00eame source, Imed Trabelsi est toujours en \u00e9tat d&rsquo;arrestation et \u00e0 la disposition de la justice.<\/font><\/span><\/p>\n<p align=\"justify\"><span lang=\"FR\"><font face=\"Arial\">Source : \u00ab Tuniscope \u00bb Le 28-04-2011<\/font><\/span><\/p>\n<div>\n<p align=\"justify\"><span lang=\"FR\"><font face=\"Arial\">Lien : <\/font><a href=\"http:\/\/www.tuniscope.com\/index.php\/categorie\/actualites\/bien-etre\/imed-trabelsi-134515\" target=\"_blank\" rel=\"noopener\"><font face=\"Arial\">http:\/\/www.tuniscope.com\/index.php\/categorie\/actualites\/bien-etre\/imed-trabelsi-134515<\/font><\/a><\/span><\/p>\n<\/div>\n<p align=\"center\"><b><span lang=\"FR\"><\/p>\n<h3 style=\"color: blue;\"><font face=\"Arial\">74% des Tunisiens pr\u00e9f\u00e8rent le r\u00e9gime parlementaire<\/font><\/h3>\n<p> <\/span><\/b><\/p>\n<hr\/>\n<p>\u00a0<\/p>\n<p align=\"justify\"><span lang=\"FR\"><font face=\"Arial\">Les r\u00e9sultats d&rsquo;un sondage d&rsquo;opinion annonc\u00e9s, mercredi, \u00e0 Tunis r\u00e9v\u00e8lent que l&rsquo;int\u00e9r\u00eat des Tunisiens, aujourd&rsquo;hui, pour la vie politique refl\u00e8te leur volont\u00e9 de mieux participer aux affaires publiques. Ils r\u00e9v\u00e8lent, d&rsquo;autre part, les attentes de la soci\u00e9t\u00e9 tunisienne de plus de transparence et de d\u00e9mocratie concernant la gestion des affaires du pays, \u00e0 travers l&rsquo;appel massif \u00e0 un r\u00e9gime parlementaire.  Ce sondage, r\u00e9alis\u00e9 par l&rsquo;Institut de sondage et de traitement de l&rsquo;information statistique (ISTIS) en partenariat avec \u00ab\u00a0Mayadine, plateforme de market research\u00a0\u00bb, a concern\u00e9 un \u00e9chantillon repr\u00e9sentatif de 1828 personnes r\u00e9parties sur l&rsquo;ensemble du territoire. Il rel\u00e8ve que 62 pc des personnes interrog\u00e9es ont une faible connaissance du paysage politique et que 27 pc en ont une connaissance moyenne. 36,5 pc indiquent qu&rsquo;ils ne connaissent aucun parti, en Tunisie, ni m\u00eame leur noms, alors que 30,3 pc connaissent un \u00e0 trois partis, contre 11,3 pc qui ont des connaissances sur moins de dix partis.  Le mouvement Ennahdha arrive au premier rang des partis les plus renomm\u00e9s chez les Tunisiens, avec 54 pc, suivi par le mouvement Ettajdid avec 35 pc, le Mouvement des d\u00e9mocrates socialistes (MDS) avec 23 pc, le Parti d\u00e9mocratique progressiste (PDP, avec 18 pc, le Parti de l&rsquo;unit\u00e9 populaire (PUP) avec 18 pc et le Front d\u00e9mocratique pour le travail et les libert\u00e9s (FDTL) avec 14 pc.  Sur l&rsquo;ensemble de l&rsquo;\u00e9chantillon interrog\u00e9, 68,2 pc ont soulign\u00e9 qu&rsquo;ils ne sont pas satisfaits du nombre des partis politiques en Tunisie, aujourd&rsquo;hui, alors que 64,6 pc ne le sont pas en ce qui concerne l&rsquo;efficacit\u00e9 de ces partis.  Les r\u00e9sultats du sondage ont \u00e9t\u00e9 r\u00e9partis sur trois axes principaux qui sont \u00ab\u00a0La situation actuelle dans le pays\u00a0\u00bb, \u00ab\u00a0La R\u00e9volution et sa relation avec la presse et les m\u00e9dias\u00a0\u00bb et \u00ab\u00a0La perception des tendances politiques des Tunisiens\u00a0\u00bb.  41,4 pc des personnes interrog\u00e9es estiment comme moyen le rendement du gouvernement provisoire, 28,8 pc le jugent limit\u00e9, alors que 46,2 pc jugent tr\u00e8s performant le Premier ministre du gouvernement provisoire.  En outre, le sondage qui a \u00e9t\u00e9 r\u00e9alis\u00e9 entre le 4 et le 11 avril 2011 montre que 43,7 pc des personnes interrog\u00e9es jugent \u00ab\u00a0faible\u00a0\u00bb la performance du pr\u00e9sident de la R\u00e9publique par int\u00e9rim, contre 36,2 pc qui le consid\u00e8rent \u00ab\u00a0moyen&rsquo; et 20,1 pc \u00ab\u00a0tr\u00e8s efficace\u00a0\u00bb.  Concernant le volet de \u00ab\u00a0la perception des tendances politiques\u00a0\u00bb, les r\u00e9sultats du sondage montrent que 56 pc de l&rsquo;\u00e9chantillon distinguent entre le r\u00e9gime pr\u00e9sidentiel et le r\u00e9gime parlementaire, contre 44 pc qui ne connaissent pas la diff\u00e9rence entre les deux.  74 pc font part de leur pr\u00e9f\u00e9rence pour le r\u00e9gime parlementaire, contre 26 pc pour le r\u00e9gime pr\u00e9sidentiel. La chute de la dictature de Ben Ali semble avoir r\u00e9concili\u00e9 les Tunisiens avec la politique. Avant la r\u00e9volution, plus de 76 pc de la population, en \u00e9taient totalement d\u00e9sint\u00e9ress\u00e9s. Ce taux a chang\u00e9, aujourd&rsquo;hui, avec 55 pc qui s&rsquo;int\u00e9resse \u00e0 la politique, apr\u00e8s la r\u00e9volution du 14 janvier 2011.  Au volet de \u00ab\u00a0la R\u00e9volution et sa relation avec la presse et les m\u00e9dias\u00a0\u00bb, les donn\u00e9es montrent que 91,4 pc des Tunisiens suivent les informations, contre 42,5 pc seulement, avant la r\u00e9volution.  Les \u00e9v\u00e9nements ont nettement am\u00e9lior\u00e9 l&rsquo;opinion du public sur la cr\u00e9dibilit\u00e9 et la qualit\u00e9 des journaux tunisiens. Les r\u00e9sultats du sondage montrent que 83,2 pc de l&rsquo;\u00e9chantillon jugent non cr\u00e9dibles les journaux, avant la R\u00e9volution, alors que 41,3 pc estiment que les informations v\u00e9hicul\u00e9es par les journaux sont, aujourd&rsquo;hui, bonnes ou excellentes, 35 pc qu&rsquo;elles sont moyennes et 23,3 pc pensent qu&rsquo;elles sont faibles.  D&rsquo;autre part, 46,4 pc des Tunisiens estiment que les programmes de d\u00e9bats t\u00e9l\u00e9vis\u00e9s sont encore en-de\u00e7\u00e0 des attentes des t\u00e9l\u00e9spectateurs, contre 29,2 pc les jugeant sans apport, \u00e0 l&rsquo;heure actuelle, alors que 24,4 pc en sont satisfaits.  En outre, 13,7 des personnes sond\u00e9es ne ressentent aucun changement dans la situation actuelle du pays, alors que 66,1 pc pensent que l&rsquo;\u00e9volution de la situation dans le pays n&rsquo;est pas claire concernant le proche avenir.  Pour 55,2 pc de ces personnes, la Tunisie est proche, aujourd&rsquo;hui, des soci\u00e9t\u00e9s occidentales, contre 44,8 pc qui consid\u00e8rent qu&rsquo;elle l&rsquo;est plut\u00f4t des soci\u00e9t\u00e9s arabo-islamiques.<\/font><\/span><\/p>\n<p align=\"justify\"><span lang=\"FR\"><font face=\"Arial\">Source : \u00ab Leaders \u00bb Le 28-04-2011<\/font><\/span><\/p>\n<div>\n<p align=\"justify\"><span lang=\"FR\"><font face=\"Arial\">Lien : <\/font><a href=\"http:\/\/www.leaders.com.tn\/article\/74-des-tunisiens-preferent-le-regime-parlementaire?id=4989\" target=\"_blank\" rel=\"noopener\"><font face=\"Arial\">http:\/\/www.leaders.com.tn\/article\/74-des-tunisiens-preferent-le-regime-parlementaire?id=4989<\/font><\/a><\/span><\/p>\n<\/div>\n<p align=\"center\"><b><span lang=\"FR\"><\/p>\n<h4 style=\"color: blue;\"><font face=\"Arial\">Le Tunisien et le pouvoir, un r\u00eave ou un cauchemar ?<\/font><\/h4>\n<p> <\/span><\/b><\/p>\n<hr\/>\n<p>\u00a0<\/p>\n<p align=\"justify\"><span lang=\"FR\"><font face=\"Arial\">Les travaux de la 14\u00e8me \u00e9dition du Forum international de R\u00e9alit\u00e9s se sont poursuivis jeudi 28 avril 2011 \u00e0 l\u2019H\u00f4tel Alhambra \u00e0 Yasmine Hammamet.  Intervenant lors du premier panel intitul\u00e9 \u00ab Le r\u00e9veil des peuples et des soci\u00e9t\u00e9s sud-m\u00e9diterran\u00e9ennes : Le cas de la Tunisie et les enseignements \u00e0 tirer de cette premi\u00e8re r\u00e9volution dans la r\u00e9gion \u00bb, l\u2019avocate et militante Bochra Belhadj Hamida a indiqu\u00e9 que Ben Ali a r\u00e9gn\u00e9 23 ans gr\u00e2ce \u00e0 la ma\u00eetrise de la s\u00e9curit\u00e9. Il est parti \u00ab gr\u00e2ce \u00bb aux probl\u00e8mes socio-\u00e9conomiques. Or aujourd\u2019hui, souligne-t-elle on n\u2019a pas de s\u00e9curit\u00e9 et les probl\u00e8mes socio-\u00e9conomiques sont encore de mise.  Elle invite, par ailleurs, \u00e0 ce que les jeunes prennent part aux activit\u00e9s politiques du pays et constate, avec regret, l\u2019absence de jeunes dans la Ligue des Droits de l\u2019Homme ou de l\u2019Association tunisienne des magistrats.  L\u2019\u00e9crivaine et philosophe H\u00e9l\u00e9 B\u00e9ji a, pour sa part, constat\u00e9 que le Tunisien refuse aujourd\u2019hui toute domination du pouvoir tout en \u00e9tant attir\u00e9 par ce pouvoir. \u00ab Ce que l\u2019on redoutait le plus est aujourd\u2019hui ce qui attire le plus ! \u00bb, souligne-t-elle avant de s\u2019\u00e9lever contre les progressistes tunisiens qui m\u00e8nent un discours violent \u00e0 l\u2019encontre des partis religieux. \u00ab Je crains fort que les progressistes deviennent plus int\u00e9gristes que les int\u00e9gristes \u00bb, dit-elle refusant cat\u00e9goriquement que le modernisme se transforme en int\u00e9grisme.   Natalie Tocci, directrice adjointe de l\u2019Institut des affaires internationales d\u2019Italie, a signal\u00e9 en toute franchise qu\u2019en d\u00e9pit des \u00e9v\u00e8nements actuels, for\u00e7ant les politiques \u00e0 repenser aux pays arabes dont la Tunisie, l\u2019Europe ne s\u2019engagera pas avec ces pays comme elle l\u2019a fait avec l\u2019Europe de l\u2019Est. D\u00e9taillant sa d\u00e9claration, Mme Tocci a pr\u00e9cis\u00e9 que cela s\u2019explique par des raisons identitaires. La directrice adjointe de l\u2019institut des affaires internationales d\u2019Italie se reprend un peu plus tard pour annoncer que l\u2019Europe ne peut pas, malgr\u00e9 ce fait, \u00e9viter de jouer un r\u00f4le dans le processus de transition tunisienne.<\/font><\/span><\/p>\n<p align=\"justify\"><span lang=\"FR\"><font face=\"Arial\">Source : \u00ab Business News \u00bb Le 28-04-2011<\/font><\/span><\/p>\n<div>\n<p align=\"justify\"><span lang=\"FR\"><font face=\"Arial\">Lien : <\/font><a href=\"http:\/\/www.businessnews.com.tn\/Le-Tunisien-et-le-pouvoir,-un-r\u00eave-ou-un-cauchemar-,520,24538,1\" target=\"_blank\" rel=\"noopener\"><font face=\"Arial\">http:\/\/www.businessnews.com.tn\/Le-Tunisien-et-le-pouvoir,-un-r%C3%AAve-ou-un-cauchemar-,520,24538,1<\/font><\/a><\/span><\/p>\n<\/div>\n<p align=\"center\"><b><span lang=\"FR\"><\/p>\n<h4 style=\"color: blue;\"><font face=\"Arial\">Tunisie. Ben Brik r\u00e8gle leurs comptes \u00e0 Mebazaa, Ca\u00efd Essebsi et Ben Achour<\/font><\/h4>\n<p> <\/span><\/b><\/p>\n<hr\/>\n<p>\u00a0<\/p>\n<p align=\"justify\">\u00a0<\/p>\n<p align=\"justify\"><span lang=\"FR\"><font face=\"Arial\">L\u2019auteur du \u2018\u2018Rire de la baleine\u2019\u2019, qui s\u2019est taill\u00e9 une notori\u00e9t\u00e9 en observant une gr\u00e8ve de la faim tr\u00e8s m\u00e9diatis\u00e9e en 2001 et en s\u2019opposant jusqu\u2019au bout \u00e0 Ben Ali, \u00e9tait l\u2019invit\u00e9 de Noureddine Chaouch.<\/font><\/span><\/p>\n<p align=\"justify\"><span lang=\"FR\"><font face=\"Arial\">A la surprise de l\u2019animateur, largement d\u00e9pass\u00e9, le journaliste rebelle, tr\u00e8s en verve voire excit\u00e9 et en col\u00e8re, s\u2019en est pris notamment \u00e0 Foued Mbaza\u00e2, pr\u00e9sident de la r\u00e9publique par int\u00e9rim, Ca\u00efd Essebsi, Premier ministre par int\u00e9rim et, surtout, \u00e0 Yadh Ben Achour, le pr\u00e9sident de la Haute commission pour la r\u00e9alisation des objectifs de la r\u00e9volution, la r\u00e9forme politique et la transition d\u00e9mocratique.<\/font><\/span><\/p>\n<p align=\"justify\">\u00a0<\/p>\n<p align=\"justify\"><span lang=\"FR\"><font face=\"Arial\">Selon l\u2019invit\u00e9 de Rtci, l\u2019homme \u00e0 qui on a confi\u00e9 l\u2019\u00e9laboration de la nouvelle constituante est un illustre inconnu. \u00abMais d\u2019o\u00f9 ils l\u2019ont tir\u00e9 ce monsieur?\u00bb, s\u2019est-il demand\u00e9.<\/font><\/span><\/p>\n<p align=\"justify\">\u00a0<\/p>\n<p align=\"justify\"><span lang=\"FR\"><font face=\"Arial\">\u00abMais pour qui se prend M. Ben Brik qui, dans un chapelet de mots d\u2019un niveau tr\u00e8s bas, a d\u00e9nigr\u00e9 notre \u00e9minent juriste?\u00bb, a d\u00e9clar\u00e9 \u00e0 Kapitalis un journaliste de la maison, non encore revenu de sa surprise.<\/font><\/span><\/p>\n<p align=\"justify\"><span lang=\"FR\"><font face=\"Arial\">\u00abComment \u00e7a se fait! Mais c\u2019est horrible d\u2019\u00e9couter Ben Brik insulter en direct sur les ondes tout le monde et s\u2019en prendre nomm\u00e9ment \u00e0 l\u2019intelligentsia du pays\u00bb, s\u2019indigne encore le confr\u00e8re. Qui ajoute: \u00abSous pr\u00e9texte qu\u2019il a souffert un quart de si\u00e8cle sous le r\u00e9gime de Ben Ali, il se permet d\u2019insulter tout le monde, qui plus est, en direct \u00e0 la radio, avec des mots \u00e0 la limite de la grossi\u00e8ret\u00e9, et \u00e0 une heure de grande \u00e9coute. C\u2019est inadmissible. Ce sont des propos diffamatoires qui pourraient conduire leur auteur devant les tribunaux\u00bb.<\/font><\/span><\/p>\n<p align=\"justify\"><span lang=\"FR\"><font face=\"Arial\">Ce qui nous \u00e9tonne, nous, c&rsquo;est l&rsquo;\u00e9tonnement des confr\u00e8res de Rtci. Quand on invite un personnage aussi original et aussi acide que Taoufik Ben Brik, qui n&rsquo;\u00e9pargne personne par ses piques assassines, \u00e0 commencer par lui-m\u00eame, on doit savoir les risques encourus.<\/font><\/span><\/p>\n<p align=\"justify\"><span lang=\"FR\"><font face=\"Arial\">Source : \u00ab Kapitalis \u00bb Le 28-04-2011<\/font><\/span><\/p>\n<div>\n<p align=\"justify\"><span lang=\"FR\"><font face=\"Arial\">Lien : <\/font><a href=\"http:\/\/www.kapitalis.com\/kanal\/61-medias\/3717-tunisie-ben-brik-regle-leurs-comptes-a-mebazaa-caid-essebsi-et-ben-achour.html\" target=\"_blank\" rel=\"noopener\"><font face=\"Arial\">http:\/\/www.kapitalis.com\/kanal\/61-medias\/3717-tunisie-ben-brik-regle-leurs-comptes-a-mebazaa-caid-essebsi-et-ben-achour.html<\/font><\/a><\/span><\/p>\n<\/div>\n<p align=\"center\"><b><span lang=\"FR\"><\/p>\n<h4 style=\"color: blue;\"><font face=\"Arial\">Tunisie: vive les snipers !<\/font><\/h4>\n<p> <\/span><\/b><\/p>\n<hr\/>\n<p>\u00a0<\/p>\n<p align=\"justify\"><span lang=\"FR\"><font face=\"Arial\">Par Zied Boumaiza<\/font><\/span><\/p>\n<p align=\"justify\"><span lang=\"FR\"><font face=\"Arial\">Je me suis rendu \u00e0 l\u2019Avenue Habib Bourguiba pour y rencontrer un ami. Il vient de d\u00e9barquer de France empreint d\u2019une fiert\u00e9 \u00e9mouvante et voulait \u00e0 tout prix se rendre \u00e0 l\u2019endroit embl\u00e9matique du 14 janvier pour se recueillir. Vu de Paris, notre r\u00e9volution n\u2019a pas encore pris une ride.<\/font><\/span><\/p>\n<p align=\"justify\"><span lang=\"FR\"><font face=\"Arial\">Nous nous rendons compte tr\u00e8s vite que cette avenue a sombr\u00e9 dans le chaos et est aujourd\u2019hui tr\u00e8s loin de renvoyer cette image vivifiante impr\u00e9gn\u00e9e dans l\u2019imaginaire des gens. Squatt\u00e9e par des \u00e9nergum\u00e8nes et des r\u00e9actionnaires de tout bord, elle s\u2019est transform\u00e9e en base avanc\u00e9e de la m\u00e9diocrit\u00e9 et du populisme de basse \u00e9chelle.<\/font><\/span><\/p>\n<p align=\"justify\"><span lang=\"FR\"><font face=\"Arial\">La place longeant le th\u00e9\u00e2tre municipal est r\u00e9duite \u00e0 un Hyde-ParK de la d\u00e9magogie et du parjure. Des discours diffamatoires, des all\u00e9gations mensong\u00e8res, des insultes et des injures y sont prof\u00e9r\u00e9es en abondance. S\u2019ensuit logiquement des menaces \u00e0 peine voil\u00e9es et des appels \u00e0 une d\u00e9sob\u00e9issance civile avec un autre round de violence en point de mire.<\/font><\/span><\/p>\n<p align=\"justify\"><span lang=\"FR\"><font face=\"Arial\">Les prenant aux mots, les d\u00e9linquants attroup\u00e9s en meute autour de ces orateurs d\u2019infortune s\u2019en sont pris \u00e0 un remorqueur municipal (Chenguel) qui a eu le malheur de faire d\u00e9gager une voiture obstruant le passage. Le chauffeur exc\u00e9d\u00e9 et la trouille au ventre, l\u00e2che prise et remet la voiture l\u00e0 ou elle \u00e9tait, c&rsquo;est-\u00e0-dire au milieu de la chauss\u00e9e. Enorgueillis par ce fait d\u2019arme, la meute s\u2019est retir\u00e9e sur le pav\u00e9 satisfaite mais aux aguets, veillant \u00e0 pr\u00e9server l\u2019anarchie ambiante.<\/font><\/span><\/p>\n<p align=\"justify\">\u00a0<\/p>\n<p align=\"justify\"><span lang=\"FR\"><font face=\"Arial\">Est-il utile de rappeler que cette sc\u00e8ne s\u2019est d\u00e9roul\u00e9e comme une routine qui s\u2019installe sous les yeux hagards des agents de maintien de l\u2019ordre et \u00e0 quelques m\u00e8tres \u00e0 peine du minist\u00e8re de l\u2019int\u00e9rieur.<\/font><\/span><\/p>\n<p align=\"justify\"><span lang=\"FR\"><font face=\"Arial\">Une envie de meurtre m\u2019envahit alors, une kalachnikov \u00e0 la main j\u2019aurais arros\u00e9 tout ce beau monde. Mais attendez, j\u2019ai peut \u00eatre mieux<\/font><\/span><font><span lang=\"ZH-TW\"><font face=\"PMingLiU\">\u3000<\/font><\/span><span lang=\"FR\"><font face=\"Arial\">: un ordi, une connexion internet qui tient la route, 250 amis sur facebook et un blog qui monte. Plut\u00f4t que de tirer sur le tas, je vise<\/font><\/span><span lang=\"ZH-TW\"><font face=\"PMingLiU\">\u3000<\/font><\/span><\/font><span lang=\"FR\"><font face=\"Arial\">:<\/font><\/span><\/p>\n<p align=\"justify\"><span lang=\"FR\"><font face=\"Arial\">Je tire d\u2019abord sur ces vauriens aux visages grima\u00e7ants ayant la parole facile et la main lourde, Nonchalants depuis toujours et tr\u00e8s r\u00e9cemment contestataires. Je tire sur ces envahisseurs des stades, d\u2019usines, des routes, d\u2019\u00e9coles et de tout endroit ou grouillent la vie et la gaiet\u00e9. Je tire sur ces casseurs d\u2019espoirs, ces rabat-joies dans un jour de f\u00eate. Je tire sur ces mendiants des temps nouveaux qui tendent la main tout haut alors qu\u2019ils devraient la baisser tout bas et au lieu d\u2019implorer osent commander.<\/font><\/span><\/p>\n<p align=\"justify\"><span lang=\"FR\"><font face=\"Arial\">Je tire sur ces vermines qui b\u00e2tissent la nuit et s\u2019emparent des espaces publics et des terrains d\u2019autrui. Je tire sur ces l\u00e2ches qui braquent les filles et volent les vieux. Je tire sur ces voyous qui pillent notre pays voyant qu\u2019il a un genou \u00e0 terre.<\/font><\/span><\/p>\n<p align=\"justify\"><span lang=\"FR\"><font face=\"Arial\">Je tire sur tous ceux qui font r\u00e9gner le d\u00e9sordre et clament l\u2019Etat de droit. Je tire sur ces th\u00e9oriciens du chaos, ces justificateurs du pire, ces manipulateurs des masses. Je tire sur ces endoctrineurs ayant la parole glissante et le verbe \u00e9quivoque, maniant mensonges et v\u00e9rit\u00e9s, m\u00e9langeant r\u00e9alit\u00e9 et fantasmes et changeant de discours au gr\u00e9 des auditoires. Je tire sur ces tunisiens qui n\u2019ont que faire de la Tunisie et n\u2019y voient qu\u2019un terrain de chasse au pouvoir, propice \u00e0 leur gloire personnel.<\/font><\/span><\/p>\n<p align=\"justify\"><span lang=\"FR\"><font face=\"Arial\">Je tire sur ces frustes sans talent bloqu\u00e9s par l\u2019ascenseur du m\u00e9rite et qui veulent s\u2019infiltrer par l\u2019ascenseur de la r\u00e9volte. Je tire sur ces tireurs vers le bas, ces boules accroch\u00e9es aux chevets de la Tunisie, ces prisonniers du pass\u00e9 et avorteurs d\u2019avenir.<\/font><\/span><\/p>\n<p align=\"justify\"><span lang=\"FR\"><font face=\"Arial\">Soyons tous des snipers\u2026mais cette fois, visons juste et au lieu des balles crachons des mots et au lieu d\u2019abattre des vies combattons pour la vie.<\/font><\/span><\/p>\n<p align=\"justify\"><span lang=\"FR\"><font face=\"Arial\">Source. \u00ab Espace Manager \u00bb Le 28-04-2011<\/font><\/span><\/p>\n<div>\n<p align=\"justify\"><span lang=\"FR\"><font face=\"Arial\">Lien : <\/font><a href=\"http:\/\/www.espacemanager.com\/chroniques\/tunisie-vive-les-snipers.html\" target=\"_blank\" rel=\"noopener\"><font face=\"Arial\">http:\/\/www.espacemanager.com\/chroniques\/tunisie-vive-les-snipers.html<\/font><\/a><\/span><\/p>\n<\/div>\n<p align=\"center\"><b><span lang=\"FR\"><\/p>\n<h4 style=\"color: blue;\"><font face=\"Arial\">Tunisie : Fhimt.com nous a compris<\/font><\/h4>\n<p><\/span><\/b><\/p>\n<hr\/>\n<p>\u00a0<\/p>\n<p align=\"justify\"><span lang=\"FR\"><font face=\"Arial\">N\u00e9 au lendemain de la r\u00e9volution tunisienne Fhimt.com est un nouveau m\u00e9dia qui se d\u00e9finit comme \u00e9tant \u00ab une plateforme communautaire ouverte \u00e0 tous pour le partage et l\u2019analyse de l\u2019information \u00bb.<\/font><\/span><\/p>\n<p align=\"justify\"><span lang=\"FR\"><font face=\"Arial\">Inspir\u00e9 de la c\u00e9l\u00e8bre phrase que zaba pronon\u00e7a juste avant de sa fuite \u00ab Ena fhmemtkom\u00bb (je vous ai compris), ce portail collaboratif est destin\u00e9 \u00e0 tout tunisien et tunisienne d\u00e9sirant exprimer sa fibre patriotique. <\/font><\/span><\/p>\n<p align=\"justify\">\u00a0<\/p>\n<p align=\"justify\"><span lang=\"FR\"><font face=\"Arial\">On y d\u00e9couvre des publications assez originales comme un diagramme g\u00e9n\u00e9ral des partis politiques tunisiens ou encore la courbe de la r\u00e9volution sur Facebook etc.<\/font><\/span><\/p>\n<p align=\"justify\"><span lang=\"FR\"><font face=\"Arial\">Source : \u00ab Tekiano \u00bb Le 28-04-2011<\/font><\/span><\/p>\n<div>\n<p align=\"justify\"><span lang=\"FR\"><font face=\"Arial\">Lien : <\/font><a href=\"http:\/\/www.tekiano.com\/net\/7-web-2-0\/3673-tunisie-fhimtcom-nous-a-compris.html\" target=\"_blank\" rel=\"noopener\"><font face=\"Arial\">http:\/\/www.tekiano.com\/net\/7-web-2-0\/3673-tunisie-fhimtcom-nous-a-compris.html<\/font><\/a><\/span><\/p>\n<\/div>\n<p align=\"center\"><b><span lang=\"FR\"><\/p>\n<h4 style=\"color: blue;\"><font face=\"Arial\">Tunisie\/FDTL : \u00ab\u00a0Nous jugerons Ennahdha s\u2019il m\u00e9lange politique et religion\u00a0\u00bb<\/font><\/h4>\n<p> <\/span><\/b><\/p>\n<hr\/>\n<p>\u00a0<\/p>\n<p align=\"justify\">\u00a0<\/p>\n<p align=\"justify\"><span lang=\"FR\"><font face=\"Arial\">Dr Abdellatif Abid, fondateur et membre du bureau politique du Forum d\u00e9mocratique pour le travail et les libert\u00e9s, FDTL, a \u00e9t\u00e9 l\u2019invit\u00e9 ce matin (jeudi) des rencontres politiques de Gnet. Dr Abid a r\u00e9pondu aux \u00e0 nos questions sur la participation du Forum dirig\u00e9 par Dr Mustapha Ben J\u00e2afar au processus de transition d\u00e9mocratique, la position du forum envers le projet d\u2019amendement du gouvernement de la loi \u00e9lectorale, les rapports entre le FDTL et le mouvement Ennadha, la pr\u00e9paration du forum aux \u00e9lections de l\u2019assembl\u00e9e constituante du 24 juillet prochain, etc. <\/font><\/span><\/p>\n<p align=\"justify\">\u00a0<\/p>\n<p align=\"justify\"><span lang=\"FR\"><font face=\"Arial\">Fond\u00e9 en 1994, le FDTL a \u00e9t\u00e9 l\u00e9galis\u00e9 en octobre 2002, mais il est demeur\u00e9 non reconnu, selon notre interlocuteur, \u00ab\u00a0et priv\u00e9 de toute subvention publique pendant 17 ans de militantisme et de r\u00e9sistance\u00a0\u00bb. Selon Dr Abid, \u00ab\u00a0la r\u00e9volution tunisienne du 14 janvier n\u2019est pas n\u00e9e ex nihilo ; le FDTL est parmi les partis s\u00e9rieux qui ont balis\u00e9 le terrain \u00e0 ce soul\u00e8vement populaire qui a \u00e9vinc\u00e9 la dictature et les symboles de corruption et de despotisme, et a permis la dissolution du RCD qui n\u2019est pas un parti politique mais un groupe de milices\u00a0\u00bb. <\/font><\/span><\/p>\n<p align=\"justify\">\u00a0<\/p>\n<p align=\"justify\"><span lang=\"FR\"><font face=\"Arial\">D\u2019apr\u00e8s ce membre-fondateur du FDTL, \u00ab\u00a0les principales revendications de la r\u00e9volution ne sont pas encore satisfaites, soit la d\u00e9mocratie, la justice sociale et la r\u00e9conciliation du peuple tunisien avec son identit\u00e9 arabo-musulmane\u00a0\u00bb. \u00ab\u00a0L\u2019\u00e9lection d\u2019une assembl\u00e9e constituante sera le premier jalon sur la voie de la d\u00e9mocratie, dans la mesure o\u00f9 on passera de la l\u00e9gitimit\u00e9 r\u00e9volutionnaire \u00e0 la l\u00e9gitim\u00e9 constitutionnelle\u00a0\u00bb, indique-t-il. <\/font><\/span><\/p>\n<p align=\"justify\">\u00a0<\/p>\n<p align=\"justify\"><span lang=\"FR\"><font face=\"Arial\">Concernant la justice sociale, elle signifie \u00e0 ses yeux, la justice et l\u2019\u00e9quit\u00e9 entre toutes les r\u00e9gions de la Tunisie, les cat\u00e9gories socio-\u00e9conomiques, les hommes et les femmes, la lutte contre le ch\u00f4mage et le d\u00e9veloppement des r\u00e9gions int\u00e9rieures qui vivent la privation et le d\u00e9nuement. <\/font><\/span><\/p>\n<p align=\"justify\">\u00a0<\/p>\n<p align=\"justify\"><span lang=\"FR\"><font face=\"Arial\">Au sujet de la r\u00e9conciliation avec l\u2019identit\u00e9 arabo-musulmane, Dr Abid consid\u00e8re que \u00ab\u00a0le peuple tunisien a \u00e9t\u00e9 touch\u00e9 dans son identit\u00e9, dans sa langue arabe qui constitue un attribut de sa culture\u00a0\u00bb. Selon son analyse, \u00ab\u00a0le peuple tunisien est musulman et cela ne n\u00e9cessite pas une id\u00e9ologie, on ne peut imposer \u00e0 la femme ni de mettre le foulard, ni de l\u2019enlever\u00a0\u00bb. Par ailleurs, \u00ab\u00a0la gestion des mosqu\u00e9es et du fait religieux doivent \u00eatre du ressort de l\u2019Etat, la religion doit \u00eatre loin de l\u2019ar\u00e8ne politique et ne doit \u00eatre instrumentalis\u00e9e par aucun parti politique\u00a0\u00bb. Il a exprim\u00e9 ses appr\u00e9hensions envers l\u00a0\u00bbes partis salafistes, wahhabites, chiites, qu\u2019ils consid\u00e8rent comme \u00e9tant des partis extr\u00e9mistes dont les principes sont contradictoires avec la nature des Tunisiens, qui forment un peuple musulman, sunnite, appartenant \u00e0 l\u2019\u00e9cole mal\u00e9kite\u00a0\u00bb. <\/font><\/span><\/p>\n<p align=\"justify\">\u00a0<\/p>\n<p align=\"justify\"><span lang=\"FR\"><font face=\"Arial\">Le FDTL entretient, selon Dr Abid, de bonnes relations avec Ennahdha, qui se dit comme \u00e9tant un parti civil et non religieux, dont les dirigeants ont affirm\u00e9 leur engagement en faveur des acquis de la femme, de l\u2019interdiction de la polygamie, etc. \u00ab\u00a0L\u2019interdiction de la polygamie est un acquis irr\u00e9versible dont personne ne conteste, except\u00e9 quelques marginaux qui appellent \u00e0 son abrogation\u00a0\u00bb, pr\u00e9cise-t-il. <\/font><\/span><\/p>\n<p align=\"justify\">\u00a0<\/p>\n<p align=\"justify\"><span lang=\"FR\"><font face=\"Arial\">Il fait part de la crainte de certains tunisiens \u00ab\u00a0d\u2019un \u00e9ventuel double-langage d\u2019Ennahdha, dans la mesure o\u00f9 ils estiment qu\u2019il y a l&rsquo;apparent et le cach\u00e9, mais au FDTL, nous ne jugeons pas les partis sur leurs intentions, mais nous les jugeons s\u2019ils d\u00e9vient par rapport \u00e0 leurs engagements, et nous serons contre eux, s\u2019ils m\u00e9langent politique et religion\u00a0\u00bb. \u00ab\u00a0Le r\u00e9f\u00e9rentiel religieux d\u2019Ennahdha pourrait rev\u00eatir un caract\u00e8re moral, c&rsquo;est-\u00e0-dire rappeler les valeurs de l\u2019islam en termes de justice, d\u2019\u00e9galit\u00e9, de tol\u00e9rance, voire une religion qui n\u2019impose rien \u00e0 personne. Il n\u2019y a donc aucune raison pour emp\u00eacher Ennahdha d\u2019\u00eatre pr\u00e9sent sur la sc\u00e8ne politique\u00a0\u00bb. <\/font><\/span><\/p>\n<p align=\"justify\">\u00a0<\/p>\n<p align=\"justify\"><span lang=\"FR\"><font face=\"Arial\">Le FDTL a contribu\u00e9 \u00e0 la r\u00e9daction du pacte r\u00e9publicain au sein de la haute instance pour la r\u00e9alisation des objectifs de la r\u00e9volution, de r\u00e9forme politique et de transition d\u00e9mocratique. La premi\u00e8re mouture sera pr\u00e9sent\u00e9e aujourd\u2019hui, mais le FDTL n\u2019est pas pour conf\u00e9rer un caract\u00e8re contraignant \u00e0 ce pacte, ni de le soumettre \u00e0 un r\u00e9f\u00e9rendum. Le pacte r\u00e9publicain doit avoir un caract\u00e8re moral, affirme-t-il. <\/font><\/span><\/p>\n<p align=\"justify\">\u00a0<\/p>\n<p align=\"justify\"><span lang=\"FR\"><font face=\"Arial\">Au sujet de l\u2019amendement du projet de la loi \u00e9lectorale qui limite l\u2019in\u00e9ligibilit\u00e9 aux prochaines \u00e9lections du 24 juillet \u00e0 ceux qui ont occup\u00e9 des responsabilit\u00e9s au sein du RCD au cours des dix derni\u00e8res ann\u00e9es, Dr Abid laisse entendre que \u00ab\u00a0le forum aurait pr\u00e9f\u00e9r\u00e9 que la p\u00e9riode de 23 ans soit maintenue, mais il ne va pas provoquer une crise avec le gouvernement \u00e0 ce sujet\u00a0\u00bb. Pour lui, \u00ab\u00a0le RCD dissous a fait beaucoup de mal au pays, et ses membres se sont rendus responsables de nombreuses d\u00e9rives\u00a0\u00bb. Et de rench\u00e9rir : \u00ab\u00a0l\u2019amendement du gouvernement a provoqu\u00e9 l\u2019irritation des membres de la haute instance, et la pol\u00e9mique autour de cet article s\u2019annonce vive ; l\u2019instance pourrait se diriger vers le refus de cet amendement. Le cas \u00e9ch\u00e9ant, le gouvernement et le pr\u00e9sident par int\u00e9rim doit trancher\u00a0\u00bb, selon Dr Abid qui rappelle que le FDTL est repr\u00e9sent\u00e9 au sein de la haute instance par trois membres. <\/font><\/span><\/p>\n<p align=\"justify\">\u00a0<\/p>\n<p align=\"justify\"><span lang=\"FR\"><font face=\"Arial\">Sur la possibilit\u00e9 que le FDTL ait recours \u00e0 des alliances avec d\u2019autres formations politiques pr\u00e9sentes sur la sc\u00e8ne, Dr Abid affirme que \u00ab\u00a0le Forum est en mesure de se repr\u00e9senter seul dans toutes les circonscriptions, m\u00eame s\u2019il n\u2019est pas contre le principe des alliances\u00a0\u00bb. Dans ce cas de figure, \u00ab\u00a0il s\u2019alliera avec les partis partageant ses orientations et ses principes. Si alliance il y a, elle sera annonc\u00e9e publiquement\u00a0\u00bb, souligne-t-il, car au sein du forum, \u00ab\u00a0nous sommes des d\u00e9mocrates jusqu\u2019\u00e0 la moelle\u00a0\u00bb. <\/font><\/span><\/p>\n<p align=\"justify\"><span lang=\"FR\"><font face=\"Arial\">Source : \u00ab GlobalNet \u00bb Le 28-04-2011<\/font><\/span><\/p>\n<div>\n<p align=\"justify\"><span lang=\"FR\"><font face=\"Arial\">Lien : <\/font><a href=\"http:\/\/www.gnet.tn\/temps-fort\/tunisie\/fdtl-nous-jugerons-ennahdha-sil-melange-politique-et-religion-video\/id-menu-325.html\" target=\"_blank\" rel=\"noopener\"><font face=\"Arial\">http:\/\/www.gnet.tn\/temps-fort\/tunisie\/fdtl-nous-jugerons-ennahdha-sil-melange-politique-et-religion-video\/id-menu-325.html<\/font><\/a><\/span><\/p>\n<\/div>\n<p align=\"center\"><b><span lang=\"FR\"><\/p>\n<h4 style=\"color: blue;\"><font face=\"Arial\">Faut-il avoir peur d\u2019Ennahdha ?<\/font><\/h4>\n<p><\/span><\/b><\/p>\n<hr\/>\n<p>\u00a0<\/p>\n<p align=\"justify\">\u00a0<\/p>\n<p align=\"justify\"><span lang=\"FR\"><font face=\"Arial\">Raouf KHALSI<\/font><\/span><\/p>\n<p align=\"justify\"><span lang=\"FR\"><font face=\"Arial\">La question religieuse passionne les Tunisiens (les Tunisiennes, aussi) et elle suscite, surtout, un d\u00e9bat passionn\u00e9. La question essentielle se pr\u00e9sente en ces termes : doit-on avoir peur d\u2019Ennahdha ? Et l\u00e0, il y a deux camps : les maximalistes qui attisent les appr\u00e9hensions et les minimalistes qui affirment qu\u2019il n\u2019y a pas le feu.<\/font><\/span><\/p>\n<p align=\"justify\"><span lang=\"FR\"><font face=\"Arial\">Il est vrai que le mouvement Ennahdha fera tout pour ne pas perdre le premier grand examen \u00e0 l\u2019\u00e9preuve de la d\u00e9mocratie.<\/font><\/span><\/p>\n<p align=\"justify\"><span lang=\"FR\"><font face=\"Arial\">Comme l\u2019affirment ses responsables, son id\u00e9ologie identitaire arabo-musulmane est, justement, taill\u00e9e pour. Ils rejettent toute pr\u00e9somption de radicalisme religieux et sont tout dispos\u00e9s \u00e0 se plier \u00e0 la loi des urnes. Ce qui veut dire, par ricochet, qu\u2019il n\u2019est gu\u00e8re dans leurs strat\u00e9gies ou dans leurs scenarii de reproduire un sc\u00e9nario \u00e0 la \u00ab FIS alg\u00e9rien \u00bb\u2026 Pourquoi les Tunisiens nourrissent-ils des appr\u00e9hensions, donc ?<\/font><\/span><\/p>\n<p align=\"justify\"><span lang=\"FR\"><font face=\"Arial\">Il y a ce qu\u2019on appelle \u00ab syndrome \u00bb. La mont\u00e9e, partout, de l\u2019islamophobie en Europe, et en Am\u00e9rique \u2013 qui nous mentaient et brandissaient la menace int\u00e9griste pour l\u00e9gitimer Ben Ali ! &#8211; a quelque part exerc\u00e9 une esp\u00e8ce de conditionnement, au point que la religion n\u2019est plus per\u00e7ue que dans l\u2019ex\u00e9g\u00e8se de la Charia\u00e2, tandis que la la\u00efcit\u00e9 va verser dans le sens oppos\u00e9, allant jusqu\u2019au libertinage. Une esp\u00e8ce de schizophr\u00e9nie entretenue par un discours officiel ambivalent avec l\u2019instrumentalisation du \u00ab concept d\u2019un Islam tol\u00e9rant \u00bb\u2026<\/font><\/span><\/p>\n<p align=\"justify\"><span lang=\"FR\"><font face=\"Arial\">Un \u00ab Islam tol\u00e9rant \u00bb, justement, cheval de bataille d\u2019un r\u00e9gime qui ne l\u2019\u00e9tait pas !<\/font><\/span><\/p>\n<p align=\"justify\"><span lang=\"FR\"><font face=\"Arial\">Maintenant il est normal que, dans cette probl\u00e9matique \u00e9quation d\u00e9mocratique \u00e0 plusieurs inconnues, Ennahdha paraisse encore suspecte aux yeux des Tunisiens, malgr\u00e9 toutes les garanties avanc\u00e9es. Il est pareillement logique que, dans cette anarchique profusion de partis, les Tunisiens aient de moins en moins de visibilit\u00e9. Or, l\u2019inconnue majeure, \u00e0 notre sens, ce n\u2019est pas Ennahdha ; ce ne sont pas non plus les partis r\u00e9els de l\u2019opposition contre Ben Ali, qui finiront, sans doute, par faire alliance\u2026<\/font><\/span><\/p>\n<p align=\"justify\"><span lang=\"FR\"><font face=\"Arial\">L\u2019inconnue c\u2019est la surench\u00e8re\u2026 Elle est, peut-\u00eatre, entre les mains de ceux qui vendront leurs voix au plus offrant.<\/font><\/span><\/p>\n<p align=\"justify\"><span lang=\"FR\"><font face=\"Arial\">Et qui sont capables de s\u2019allier \u00e0 Dieu, sinon avec son Diable\u2026 Est-on s\u00fbr de tout savoir sur le jeu de toile des obscurs \u00ab dignitaires \u00bb rc\u00e9distes ?<\/font><\/span><\/p>\n<p align=\"justify\">\u00a0<\/p>\n<p align=\"justify\"><b><span lang=\"FR\"><font face=\"Arial\">Commentaires des lecteurs :<\/font><\/span><\/b><\/p>\n<p align=\"justify\">\u00a0<\/p>\n<p align=\"justify\"><span lang=\"FR\"><font face=\"Arial\">dubitatif alinoure@yahoo.fr <\/font><\/span><\/p>\n<p align=\"justify\"><span lang=\"FR\"><font face=\"Arial\">Des faux-jetons Le: 28\/04\/2011 <\/font><\/span><\/p>\n<p align=\"justify\">\u00a0<\/p>\n<p align=\"justify\"><span lang=\"FR\"><font face=\"Arial\">Comment faire confiance \u00e0 ce parti qui nous tient tous les jours des discours diff\u00e9rents; ses ledarers nous font entendre des sons de cloche diff\u00e9rents. Sur les questions fondamentales (polygamie, code du statut personnel, libert\u00e9s individuels) ils louvoient. ?on monsieur ce ne sont pas les tunisiens des quartiers ais\u00e9s qui ne font pas confiance \u00e0 Ennahdha; ce sont qui sont attach\u00e9s \u00e0 la libert\u00e9, \u00e0 la tol\u00e9rance. Apr\u00e8s la r\u00e9volution et avant sont retour en Tunisie Ghanouchi disait que Ennahdha ne pr\u00e9senterait pas de candidats au pr\u00e9sientielles. Et voil\u00e0 qu&rsquo;elle choisit Mourou<\/font><\/span><\/p>\n<p align=\"justify\"><b><span lang=\"FR\"><font face=\"Arial\">madzotto@gmail.com madzotto@gmail.com <\/font><\/span><\/b><\/p>\n<p align=\"justify\"><span lang=\"FR\"><font face=\"Arial\">controsions Le: 28\/04\/2011 <\/font><\/span><\/p>\n<p align=\"justify\">\u00a0<\/p>\n<p align=\"justify\"><span lang=\"FR\"><font face=\"Arial\">Elles tres nombreuses les contorsions qui pretendent concilier religion et democratie, ennahda et democratie. L&rsquo;echec de ces tentatives est fatal! Ces gens sont les ennemies declares de la democratie. Comme le premier souci d&rsquo;un bonne democratie est de se proteger elle meme, elle a pour premiere obligation de ne pas s&rsquo;offrir a ses ennemies comme moyen de sa propre mort. C&rsquo;est tres simple, si ennahda gagne en influence demain, ce sera la fin fin de cette belle revolution &#8230;.<\/font><\/span><\/p>\n<p align=\"justify\"><b><span lang=\"FR\"><font face=\"Arial\">Laamari mohammedlamari@yahoo.fr <\/font><\/span><\/b><\/p>\n<p align=\"justify\"><span lang=\"FR\"><font face=\"Arial\">IL FAUT TERMINER LA PHRASE POUR QUE SOYEZ VRAIMENT HONNETE Le: 28\/04\/2011 <\/font><\/span><\/p>\n<p align=\"justify\">\u00a0<\/p>\n<p align=\"justify\"><span lang=\"FR\"><font face=\"Arial\">\u00ab\u00a0Il faut vous dire monsieur, que quiconque m\u00e9lange politique et religion, n&rsquo;est pas apte \u00e0 diriger un pays, qu&rsquo;il soit musulman ou chr\u00e9tien\u00a0\u00bb OU JUIFS <\/font><\/span><\/p>\n<p align=\"justify\">\u00a0<\/p>\n<p align=\"justify\"><span lang=\"FR\"><font face=\"Arial\">IL FAUT TERMINER LA PHRASE POUR QUE SOYEZ VRAIMENT HONNETE<\/font><\/span><\/p>\n<p align=\"justify\"><b><span lang=\"FR\"><font face=\"Arial\">daassi mich-el@hispeed.ch <\/font><\/span><\/b><\/p>\n<p align=\"justify\"><span lang=\"FR\"><font face=\"Arial\"><font>A QUI LE DITES-VOUS Le: 28\/04\/2011 <\/font><\/font><\/span><\/p>\n<p align=\"justify\"><span lang=\"FR\"><font face=\"Arial\">J&rsquo;aime bien, l&rsquo;Occident et l&rsquo;Am\u00e9rique qui nous mentaient et l&rsquo;islamophobie \u00e0 titre gratuit, comme vous semblez le croire. Sinon, nous n&rsquo;aurions ni yeux ni oreilles, pour constater de nous-m\u00eame, tous les d\u00e9g\u00e2ts caus\u00e9s partout dans le monde musulmans, par les extr\u00e9mistes, quel que soit leur grade ! A vous croire, ce seraient les occidentaux et les am\u00e9ricains qui auraient pos\u00e9 des bombes pour tuer des innocents, empruntant leur train ou leur route pour aller travailler. Ce sont aussi eux qui \u00e9gorgent nos fr\u00e8res alg\u00e9riens. Ce sont eux qui incitent au djihad et \u00e0 la haine contre le m\u00e9cr\u00e9ant. Eux aussi qui r\u00e9duisent les femmes musulmanes en esclaves et \u00e0 moins que rien, eux qui tuent parents devant leurs enfants et enfants devant leurs parents, eux qui interdisent aux femmes l&rsquo;acc\u00e8s au travail, eux qui interdisent aux enfants l&rsquo;acc\u00e8s \u00e0 l&rsquo;\u00e9cole et au savoir, eux qui font recours aux menaces et au terrorisme, pour obtenir quoi que ce soit etc&#8230; On va vous croire, parce que nous ne sortons pas de la m\u00eame marmite que ces fous d&rsquo;extr\u00e9mistes musulmans, pour mieux conna\u00eetre leur khobth (m\u00e9chancet\u00e9) que les blancs, \u00e0 qui il eut fallut du temps et des preuves, pour comprendre leur douleur. On va vous croire, parce que nos a\u00een\u00e9s n&rsquo;auraient pas combattu l&rsquo;obscurantisme dans lequel ils vivaient pendant des si\u00e8cles, \u00e0 titre d&rsquo;exp\u00e9rience et de v\u00e9cu ! <\/font><\/span><\/p>\n<p align=\"justify\">\u00a0<\/p>\n<p align=\"justify\"><span lang=\"FR\"><font face=\"Arial\"><font>Il faut vous dire monsieur, que quiconque m\u00e9lange politique et religion, n&rsquo;est pas apte \u00e0 diriger un pays, qu&rsquo;il soit musulman ou chr\u00e9tien<\/font><b><font>.<\/font><\/b><\/font><\/span><\/p>\n<p align=\"justify\"><b><span lang=\"FR\"><font face=\"Arial\">Marseillais malekbs@hotmail.com <\/font><\/span><\/b><\/p>\n<p align=\"justify\"><span lang=\"FR\"><font face=\"Arial\">Compagne \u00e9l\u00e9ectorale Le: 28\/04\/2011 <\/font><\/span><\/p>\n<p align=\"justify\">\u00a0<\/p>\n<p align=\"justify\"><span lang=\"FR\"><font face=\"Arial\">Votre interrogation est, \u00e0 juste titre, tr\u00e8s pertinente!<\/font><\/span><\/p>\n<p align=\"justify\"><span lang=\"FR\"><font face=\"Arial\">En revanche, la question que nous nous devons de se poser : est-il juste et\/ou tol\u00e9rable qu&rsquo;un parti politique puisse utiliser des lieux saints, en loccurence les mosqu\u00e9es, pour des fins politiques?<\/font><\/span><\/p>\n<p align=\"justify\"><span lang=\"FR\"><font face=\"Arial\">Je ne pense pas qu&rsquo;un autre parti politique, autre que celui d&rsquo;Ennahdha, puisse \u00ab\u00a0utiliser\u00a0\u00bb les mosqu\u00e9es pour faire compagne!<\/font><\/span><\/p>\n<p align=\"justify\"><span lang=\"FR\"><font face=\"Arial\">Alors pour l&rsquo;\u00e9quit\u00e9 des partis, posons-nous la question s\u00e9rieusement et ne laissons pas place aux futures \u00e9ventuelles querelles \u00ab\u00a0politiques\u00a0\u00bb.<\/font><\/span><\/p>\n<p align=\"justify\"><span lang=\"FR\"><font face=\"Arial\">Vive la r\u00e9volution et vive la Tunisie.<\/font><\/span><\/p>\n<p align=\"justify\">\u00a0<\/p>\n<p align=\"justify\"><b><span lang=\"FR\"><font face=\"Arial\">Tunisien lotjaff@yahoo.com <\/font><\/span><\/b><\/p>\n<p align=\"justify\"><span lang=\"FR\"><font face=\"Arial\">Malhonn\u00eatet\u00e9 intellectuelle, manipulation, ou &#8230; Le: 28\/04\/2011 <\/font><\/span><\/p>\n<p align=\"justify\">\u00a0<\/p>\n<p align=\"justify\"><span lang=\"FR\"><font face=\"Arial\">Raouf Khalsi analyse:\u00a0\u00bb&#8230;Ennahdha paraisse encore suspecte aux yeux des Tunisiens&#8230;\u00a0\u00bb. Quels tunisiens? Du Menzeh et de la Marsa? ou de Mellassine et de cit\u00e9 Intilaka? <\/font><\/span><\/p>\n<p align=\"justify\"><span lang=\"FR\"><font face=\"Arial\">Il faut arr\u00eater vos approximations et aller au fond pour informer vos lecteurs d\u00e9mocratiquement et non par la manipulation. Je peux concevoir qua la maison Assabah\/Letemps soit contre les parties \u00e0 consonance r\u00e9ligieuse et c&rsquo;est l\u00e9gitime. N\u00e9anmoins, r\u00e9diger un article de la mani\u00e8re faite par R. Khalsi fait flop! C&rsquo;est tellement m\u00e9diocre que cela frise le ridicule!<\/font><\/span><\/p>\n<p align=\"justify\"><span lang=\"FR\"><font face=\"Arial\">Source : \u00ab Le Temps \u00bb Le 28-04-2011<\/font><\/span><\/p>\n<div>\n<p align=\"justify\"><span lang=\"FR\"><font face=\"Arial\">Lien : <\/font><a href=\"http:\/\/www.letemps.com.tn\/article-55440.html\" target=\"_blank\" rel=\"noopener\"><font face=\"Arial\">http:\/\/www.letemps.com.tn\/article-55440.html<\/font><\/a><\/span><\/p>\n<\/div>\n<\/div>\n<p><\/body><\/body><\/html><\/p>","protected":false},"excerpt":{"rendered":"<p>TUNISNEWS 10 \u00e8me ann\u00e9e, N\u00b03992 du 28.04.2011 archives : www.tunisnews.net AFP: Libye-Tunisie: les insurg\u00e9s ont repris le poste-fronti\u00e8re de Dehiba Khaled MABROUK: REVOLUTION, \u00e0 qui on la doit ?Conduira-t-elle \u00e0 la d\u00e9mocratie ? REVUE DE PRESSE Libye-Tunisie: les insurg\u00e9s ont repris le poste-fronti\u00e8re de Dehiba \u00a0 AFP \/ 28 avril 2011 20h51 \u00a0 TUNIS &#8211; [&hellip;]<\/p>\n","protected":false},"author":1,"featured_media":22040,"comment_status":"open","ping_status":"open","sticky":false,"template":"","format":"standard","meta":{"inline_featured_image":false,"site-sidebar-layout":"default","site-content-layout":"","ast-site-content-layout":"default","site-content-style":"default","site-sidebar-style":"default","ast-global-header-display":"","ast-banner-title-visibility":"","ast-main-header-display":"","ast-hfb-above-header-display":"","ast-hfb-below-header-display":"","ast-hfb-mobile-header-display":"","site-post-title":"","ast-breadcrumbs-content":"","ast-featured-img":"","footer-sml-layout":"","ast-disable-related-posts":"","theme-transparent-header-meta":"","adv-header-id-meta":"","stick-header-meta":"","header-above-stick-meta":"","header-main-stick-meta":"","header-below-stick-meta":"","astra-migrate-meta-layouts":"default","ast-page-background-enabled":"default","ast-page-background-meta":{"desktop":{"background-color":"","background-image":"","background-repeat":"repeat","background-position":"center center","background-size":"auto","background-attachment":"scroll","background-type":"","background-media":"","overlay-type":"","overlay-color":"","overlay-opacity":"","overlay-gradient":""},"tablet":{"background-color":"","background-image":"","background-repeat":"repeat","background-position":"center center","background-size":"auto","background-attachment":"scroll","background-type":"","background-media":"","overlay-type":"","overlay-color":"","overlay-opacity":"","overlay-gradient":""},"mobile":{"background-color":"","background-image":"","background-repeat":"repeat","background-position":"center center","background-size":"auto","background-attachment":"scroll","background-type":"","background-media":"","overlay-type":"","overlay-color":"","overlay-opacity":"","overlay-gradient":""}},"ast-content-background-meta":{"desktop":{"background-color":"var(--ast-global-color-5)","background-image":"","background-repeat":"repeat","background-position":"center center","background-size":"auto","background-attachment":"scroll","background-type":"","background-media":"","overlay-type":"","overlay-color":"","overlay-opacity":"","overlay-gradient":""},"tablet":{"background-color":"var(--ast-global-color-5)","background-image":"","background-repeat":"repeat","background-position":"center center","background-size":"auto","background-attachment":"scroll","background-type":"","background-media":"","overlay-type":"","overlay-color":"","overlay-opacity":"","overlay-gradient":""},"mobile":{"background-color":"var(--ast-global-color-5)","background-image":"","background-repeat":"repeat","background-position":"center center","background-size":"auto","background-attachment":"scroll","background-type":"","background-media":"","overlay-type":"","overlay-color":"","overlay-opacity":"","overlay-gradient":""}},"footnotes":""},"categories":[],"tags":[56,42,29],"class_list":["post-16984","post","type-post","status-publish","format-standard","has-post-thumbnail","hentry","tag-56","tag-42","tag-fr"],"_links":{"self":[{"href":"https:\/\/tunisnews.net\/ar\/wp-json\/wp\/v2\/posts\/16984","targetHints":{"allow":["GET"]}}],"collection":[{"href":"https:\/\/tunisnews.net\/ar\/wp-json\/wp\/v2\/posts"}],"about":[{"href":"https:\/\/tunisnews.net\/ar\/wp-json\/wp\/v2\/types\/post"}],"author":[{"embeddable":true,"href":"https:\/\/tunisnews.net\/ar\/wp-json\/wp\/v2\/users\/1"}],"replies":[{"embeddable":true,"href":"https:\/\/tunisnews.net\/ar\/wp-json\/wp\/v2\/comments?post=16984"}],"version-history":[{"count":0,"href":"https:\/\/tunisnews.net\/ar\/wp-json\/wp\/v2\/posts\/16984\/revisions"}],"wp:featuredmedia":[{"embeddable":true,"href":"https:\/\/tunisnews.net\/ar\/wp-json\/wp\/v2\/media\/22040"}],"wp:attachment":[{"href":"https:\/\/tunisnews.net\/ar\/wp-json\/wp\/v2\/media?parent=16984"}],"wp:term":[{"taxonomy":"category","embeddable":true,"href":"https:\/\/tunisnews.net\/ar\/wp-json\/wp\/v2\/categories?post=16984"},{"taxonomy":"post_tag","embeddable":true,"href":"https:\/\/tunisnews.net\/ar\/wp-json\/wp\/v2\/tags?post=16984"}],"curies":[{"name":"wp","href":"https:\/\/api.w.org\/{rel}","templated":true}]}}