{"id":16919,"date":"2008-11-10T00:00:00","date_gmt":"2008-11-10T00:00:00","guid":{"rendered":"https:\/\/tunisnews.net\/10-novembre-2008\/"},"modified":"2008-11-10T00:00:00","modified_gmt":"2008-11-10T00:00:00","slug":"10-novembre-2008","status":"publish","type":"post","link":"https:\/\/tunisnews.net\/ar\/10-novembre-2008\/","title":{"rendered":"10 novembre 2008"},"content":{"rendered":"<p><html><head><meta content=\"text\/html\" description=\"A la veille du septi\u00e8me Conseil d\u2019association UE-Tunisie, la FIDH, le REMDH \n\tet l\u2019OMCT expriment leur profonde inqui\u00e9tude quant \u00e0 la faiblesse et \n\tl\u2019incoh\u00e9rence des prises de positions des institutions et Etats membres \n\teurop\u00e9ens sur la situation des droits de l\u2019Homme en Tunisie, \u00e0 l\u2019aune des \n\tenjeux de mobilisation requis. Alors que la Tunisie s\u2019enlise dans un climat \n\tde r\u00e9pression \u00e0 grande \u00e9chelle et de d\u00e9ni des libert\u00e9s et droits \n\tfondamentaux l\u2019absence de message fort \u00e0 l\u2019attention des autorit\u00e9s \n\ttunisiennes mine la cr\u00e9dibilit\u00e9 de la politique ext\u00e9rieure de l\u2019Union \n\teurop\u00e9enne. Le langage utilis\u00e9 par la pr\u00e9sidence fran\u00e7aise de l\u2019UE dans un \n\tcommuniqu\u00e9 r\u00e9cent faisant \u00e9tat de \u00ab la coop\u00e9ration tr\u00e8s forte et tr\u00e8s \n\tconfiante entre l\u2019Union et la Tunisie \u00bb quelques mois apr\u00e8s que le Pr\u00e9sident \n\tde la R\u00e9publique fran\u00e7aise ait d\u00e9clar\u00e9 \u00ab Aujourd\u2019hui, l\u2019\u00e9tat des libert\u00e9s \n\tprogresse en Tunisie \u00bb est non seulement en contradiction avec l\u2019\u00e9valuation \n\tde l\u2019ensemble des organisations de d\u00e9fense de droits de l\u2019Homme et des \n\texperts onusiens ind\u00e9pendants mais aussi incoh\u00e9rent au regard des positions \n\tprises par la Commission et le Conseil en d\u00e9but d\u2019ann\u00e9e et au printemps \n\t2008.\" http-equiv=\"Content-Type\"\/><\/head><body><body><\/p>\n<p align=\"center\" dir=\"ltr\"><font face=\"Arial\" size=\"2\"><b><a href=\"http:\/\/www.tunisnews.net\/\"><span>Home<\/span><span lang=\"FR-CH\"> &#8211; Accueil<\/span><\/a><\/b><\/font><\/p>\n<p><font face=\"Arial\"><\/p>\n<div><\/div>\n<p><font><span lang=\"FR\"><\/p>\n<div align=\"center\" dir=\"ltr\"><font size=\"2\"><span lang=\"SV\"><strong>TUNISNEWS<\/strong><\/span> <\/font><\/div>\n<div align=\"center\" dir=\"ltr\"><font><\/p>\n<div><strong><font size=\"2\">8\u00a0\u00e8me ann\u00e9e, <span lang=\"FR\">N\u00b0\u00a03093 du 10.11.2008 <\/span><\/font><\/strong><\/div>\n<p><\/font><\/div>\n<div align=\"center\" dir=\"ltr\"><span><font face=\"Arial\"><strong><font size=\"2\"><font>\u00a0archives<\/font> : <\/font><\/strong><\/font><a target=\"_blank\" rel=\"noopener\"><font face=\"Arial\" size=\"2\"><strong>www.tunisnews.net<\/strong><\/font><\/a><\/span><font size=\"2\"><font>\u00a0<\/font>\u00a0<\/font><\/div>\n<p dir=\"ltr\">\u00a0<\/p>\n<div><font size=\"2\"><\/p>\n<hr\/>\n<p><\/font><\/div>\n<div><span lang=\"FR\"><\/p>\n<div align=\"justify\">\n<div align=\"justify\"><strong><\/p>\n<div align=\"justify\"><span lang=\"FR\">La FIDH, l\u2019OMCT et le REMDH appellent l\u2019Union europ\u00e9enne \u00e0 prendre les mesures n\u00e9cessaires pour faire cesser une situation de non-droit en Tunisie<\/span><\/div>\n<div align=\"justify\"><span lang=\"FR\"><font>Rachida Fareh : Appel au president de la Repulique<\/font>\u00a0  Abdelwahab Hani: Agression du journaliste M. Hamrouni et si\u00e8ge du journal Al-Mawqif <font>AFP: Danemark\/caricatures: la Cour supr\u00eame examine le cas de deux Tunisiens<\/font>  AP: Tunisie: l&rsquo;opposant N\u00e9jib Chebbi maintient sa candidature \u00e0 la pr\u00e9sidentielle <font>Conf\u00e9rence de Presse au si\u00e8ge du PDP &#8211; Texte introductif du Candidat d\u00e9mocrate aux pr\u00e9sidentielles de 2009 A. Nejib Chebbi<\/font> Gabriele del Grande: Tunisie: la dictature \u00e0 sud de Lampedusa <font>Sami Ben Abdallah: Ahmed Manai, les prisonniers d\u2019Ennahdha, Om Zied et Rached Ghannouchi<\/font> AFP: Des op\u00e9ration secr\u00e8tes am\u00e9ricaines ont \u00e9t\u00e9 men\u00e9es pendant quatre ans (presse) <font>Rue89: Nadia Yassine, une islamiste qui dialogue et d\u00e9range<\/font><\/span><\/div>\n<p><\/strong><\/div>\n<div align=\"justify\"><span lang=\"FR-CH\"><\/p>\n<hr\/>\n<p><\/span><\/div>\n<\/div>\n<p><\/span><\/div>\n<p><font><\/p>\n<p align=\"center\"><font><strong>Le site provisoire de\u00a0KALIMA: <\/strong><font><span><a href=\"http:\/\/kal.mediaturtle.com\" target=\"_blank\" rel=\"noopener\">http:\/\/kal.mediaturtle.com<\/a> <\/span><\/font><\/font><\/p>\n<p><\/font><\/span><\/font><\/font><\/p>\n<div align=\"center\">\n<hr\/>\n<\/div>\n<div align=\"center\"><font face=\"Arial\" size=\"2\"><\/p>\n<h2 style=\"color: red;\"><font><strong><font size=\"3\">Projet de r\u00e9colte de dons en faveur des prisonniers politiques lib\u00e9r\u00e9s<\/font><\/strong><\/font><\/h2>\n<p><\/font><\/div>\n<div>\u00a0<\/div>\n<div>Apr\u00e8s la lib\u00e9ration des prisonniers politiques le 5 novembre 2008, V\u00e9rit\u00e9-Action lance une campagne de r\u00e9colte de dons en leurs faveurs, pour effectuer des contr\u00f4les m\u00e9dicaux. <strong><font>But de la campagne <\/font><\/strong>R\u00e9colte de dons pour la prise en charge m\u00e9dicale des prisonniers politiques en Tunisie.  <strong><font>Ech\u00e9ances<\/font><\/strong> Du 6 novembre au 31 d\u00e9cembre 2008 Mention et coordonn\u00e9es bancaires Un compte sp\u00e9cial est ouvert en faveur des prisonniers politiques N\u00b0 de Compte CCP: 92-430942-6 V\u00e9rit\u00e9-Action 1701 Fribourg IBAN (Saisie \u00e9lectronique): CH4509000000924309426 IBAN (Impression sur papier): CH45 0900 0000 9243 0942 6 BIC: POFICHBEXXX  <strong><font>Adresse:<\/font><\/strong> Swiss Post \u2013 PostFinance Nordring 8 3030 Bern Switzerland Service des finances<\/div>\n<div> <font>V\u00e9rit\u00e9-Action Mehdi Ben Hamida T\u00e9l. +41 78 715 96 35 Email: <a href=\"mailto:admin@verite-action.org\">admin@verite-action.org<\/a><\/font><\/div>\n<div>\n<hr\/>\n<\/div>\n<div align=\"center\"><strong><\/p>\n<p><font size=\"3\">La FIDH, l\u2019OMCT et le REMDH appellent l\u2019Union europ\u00e9enne \u00e0 prendre les mesures n\u00e9cessaires pour faire cesser une situation de non-droit en Tunisie.<\/font><\/p>\n<p><\/strong><\/div>\n<div>\u00a0<\/div>\n<div align=\"justify\">Madame la Ministre, Monsieur le Ministre, Monsieur le Haut Repr\u00e9sentant, Madame la Commissaire,  A la veille du septi\u00e8me Conseil d\u2019association UE-Tunisie, la FIDH, le REMDH et l\u2019OMCT expriment leur profonde inqui\u00e9tude quant \u00e0 la faiblesse et l\u2019incoh\u00e9rence des prises de positions des institutions et Etats membres europ\u00e9ens sur la situation des droits de l\u2019Homme en Tunisie, \u00e0 l\u2019aune des enjeux de mobilisation requis. Alors que la Tunisie s\u2019enlise dans un climat de r\u00e9pression \u00e0 grande \u00e9chelle et de d\u00e9ni des libert\u00e9s et droits fondamentaux l\u2019absence de message fort \u00e0 l\u2019attention des autorit\u00e9s tunisiennes mine la cr\u00e9dibilit\u00e9 de la politique ext\u00e9rieure de l\u2019Union europ\u00e9enne. Le langage utilis\u00e9 par la pr\u00e9sidence fran\u00e7aise de l\u2019UE dans un communiqu\u00e9 r\u00e9cent faisant \u00e9tat de \u00ab la coop\u00e9ration tr\u00e8s forte et tr\u00e8s confiante entre l\u2019Union et la Tunisie \u00bb quelques mois apr\u00e8s que le Pr\u00e9sident de la R\u00e9publique fran\u00e7aise ait d\u00e9clar\u00e9 \u00ab Aujourd\u2019hui, l\u2019\u00e9tat des libert\u00e9s progresse en Tunisie \u00bb est non seulement en contradiction avec l\u2019\u00e9valuation de l\u2019ensemble des organisations de d\u00e9fense de droits de l\u2019Homme et des experts onusiens ind\u00e9pendants mais aussi incoh\u00e9rent au regard des positions prises par la Commission et le Conseil en d\u00e9but d\u2019ann\u00e9e et au printemps 2008.  Dans le rapport annuel de l\u2019Union Europ\u00e9enne sur les droits de l\u2019Homme \u2013 2007, la pr\u00e9sidence de l\u2019UE, la Commission europ\u00e9enne et le Secr\u00e9tariat g\u00e9n\u00e9ral du Conseil estimaient en effet qu\u2019 \u00ab aucun progr\u00e8s notable n\u2019a \u00e9t\u00e9 accompli \u00bb en 2007 en ce qui concerne la mise en oeuvre des recommandations relatives aux droits de l\u2019Homme exprim\u00e9es dans la d\u00e9claration du 4\u00e8me Conseil d\u2019Association UE-Tunisie tenu il y a plus de 3 ans [1]. En avril 2008, la Commission europ\u00e9enne exprimait, en termes pourtant tr\u00e8s mesur\u00e9s, le m\u00eame constat dans son rapport de suivi sur la Tunisie en estimant qu\u2019en mati\u00e8re de d\u00e9mocratie et de droits de l\u2019Homme \u00ab l\u2019essentiel reste \u00e0 faire \u00bb et que \u00ab malgr\u00e9 les garanties pr\u00e9vues par la Constitution, on ne peut observer d\u2019avanc\u00e9es en termes de diminution du d\u00e9calage entre la l\u00e9gislation en vigueur et son application pratique \u00bb [2].  Si des \u00ab engagements \u00bb ont \u00e9t\u00e9 pris par les autorit\u00e9s tunisiennes devant le Comit\u00e9 des droits de l\u2019Homme des Nations unies en mars 2008, repris ensuite devant le Conseil des droits de l\u2019Homme \u00e0 l\u2019occasion de la revue p\u00e9riodique universelle, ils restent particuli\u00e8rement faibles, et nettement en de\u00e7a des obligations de la Tunisie au regard des instruments qu\u2019elle a ratifi\u00e9s. Le Comit\u00e9 des droits de l\u2019Homme, dans ses conclusions \u00e0 la suite de l\u2019examen de la Tunisie a ainsi pu prendre la mesure de ces d\u00e9clarations et d\u00e9plorer le manque de progr\u00e8s. De plus, ces \u00ab engagements \u00bb ne se sont traduits en aucun changement notable sur le terrain, o\u00f9 les foyers de r\u00e9pression se multiplient.  Dans ce contexte, nos organisations appellent solennellement la Pr\u00e9sidence fran\u00e7aise de l\u2019UE et l\u2019ensemble des institutions europ\u00e9ennes \u00e0 restaurer la primaut\u00e9 des droits de l\u2019Homme dans le cadre de leur relation avec la Tunisie et \u00e0 rendre un minimum de cr\u00e9dibilit\u00e9 \u00e0 la politique qu\u2019elle m\u00e8ne en mati\u00e8re de droits de l\u2019Homme en :  exprimant clairement et publiquement leur extr\u00eame pr\u00e9occupation quant \u00e0 la d\u00e9t\u00e9rioration de la situation des droits de l\u2019Homme ces derni\u00e8res ann\u00e9es en Tunisie, notamment lors du prochain Conseil d\u2019association UE-Tunisie ;  exhortant les autorit\u00e9s tunisiennes \u00e0 mettre en oeuvre les engagements pris conjointement , dans le cadre du Plan d\u2019Action UE-Tunisie de la Politique Europ\u00e9enne de Voisinage ;  respectant leurs obligations propres et internationales, ainsi que les principes fondateurs de la Politique Europ\u00e9enne de Voisinage, exigeant que le degr\u00e9 d\u2019approfondissement des relations de l\u2019UE avec ses pays partenaires ait pour objectif, et condition, de promouvoir et de respecter les droits de l\u2019Homme et les principes d\u00e9mocratiques ;  d\u00e9finissant un calendrier pr\u00e9cis de progr\u00e8s et r\u00e9formes devant \u00eatre engag\u00e9s \u00e0 court terme par la Tunisie et des indicateurs pr\u00e9cis permettant une \u00e9valuation objective et r\u00e9guli\u00e8re de la situation, dans le cadre du Sous-comit\u00e9 \u00ab Droits de l\u2019Homme \u00bb UE-Tunisie ;  consultant r\u00e9guli\u00e8rement les ONG de d\u00e9fense des droits de l\u2019Homme sur leur \u00e9valuation de la situation des Droits de l\u2019Homme en Tunisie.  Point actualis\u00e9 sur la situation des droits de l\u2019Homme en Tunisie Premier signataire parmi les pays de la rive sud de la M\u00e9diterran\u00e9e, d\u2019un accord d\u2019association avec l\u2019Union europ\u00e9enne au titre duquel la Tunisie s\u2019est engag\u00e9e \u00e0 oeuvrer \u00e0 la r\u00e9alisation effective des objectifs en mati\u00e8re de droits de l\u2019Homme, la Tunisie n\u2019a pas enregistr\u00e9 en dix ann\u00e9es de partenariat, de progr\u00e8s notables dans ce domaine. Au contraire, au cours de ces douze derniers mois, \u00e0 l\u2019exception de la ratification du protocole facultatif \u00e0 la CEDAW et d\u2019une invitation au Rapporteur sp\u00e9cial sur la promotion et la protection des droits de l\u2019Homme dans la lutte contre le terrorisme dont la date n\u2019a toujours pas \u00e9t\u00e9 fix\u00e9e, un recul sensible du respect de ces droits et libert\u00e9s et un renforcement de la politique r\u00e9pressive men\u00e9e par le pouvoir tunisien ont \u00e9t\u00e9 constat\u00e9.   Le bassin minier de Redeyef (Sud ouest de la Tunisie) a \u00e9t\u00e9 le th\u00e9\u00e2tre ces derniers mois, d\u2019une r\u00e9pression s\u00e9v\u00e8re d\u2019un large mouvement de protestation sociale qui s\u2019y est d\u00e9velopp\u00e9 \u00e0 partir du mois de janvier 2008. Les proc\u00e8s \u00e0 l\u2019encontre de manifestants et de ceux qui leur ont t\u00e9moign\u00e9 leur soutien, se comptent par dizaines, avec des peines de prison de plusieurs mois voire ann\u00e9es. En date des 5 et 6 novembre, 23 personnes ont \u00e9t\u00e9 condamn\u00e9es \u00e0 des peines de 5 ans et 6 ans et 7 mois de prison accus\u00e9s respecivement d\u2019avoir br\u00fbl\u00e9 un bus et un bureau du parti au pouvoir lors de manifestations. La majorit\u00e9 des poursuites et des condamnations qui tr\u00e8s souvent s\u2019ensuivent, visent uniquement \u00e0 sanctionner l\u2019exercice du droit \u00e0 la libert\u00e9 de r\u00e9union pacifique de ces citoyens. Parall\u00e8lement \u00e0 la tenue des proc\u00e8s qui se succ\u00e8dent depuis des semaines, des arrestations continuent d\u2019avoir lieu et des barrages policiers restent en place pour contr\u00f4ler l\u2019acc\u00e8s \u00e0 la ville de Gafsa.  A l\u2019occasion des diff\u00e9rentes missions d\u2019observations judiciaires qu\u2019elles ont mandat\u00e9es pour assister \u00e0 des proc\u00e8s intent\u00e9s \u00e0 l\u2019encontre de manifestants de la r\u00e9gion de Redeyef, nos organisations ont constat\u00e9 plusieurs violations entachant le droit \u00e0 un proc\u00e8s \u00e9quitable et notamment, le non-respect du principe de publicit\u00e9 des d\u00e9bats et l\u2019absence de prise en compte dans le d\u00e9lib\u00e9r\u00e9 de la Cour des all\u00e9gations de mauvais traitement formul\u00e9es par les pr\u00e9venus. Ces constats ne font que confirmer la poursuite de pratiques dont sont coutumi\u00e8res les autorit\u00e9s tunisiennes depuis de nombreuses ann\u00e9es.  Le recours aux mauvais traitements voire \u00e0 la torture, en particulier lors des arrestations et pendant les d\u00e9tentions continuent ainsi d\u2019\u00eatre r\u00e9guli\u00e8rement d\u00e9nonc\u00e9 par les victimes, leurs avocats ou encore les organisations de d\u00e9fense des droits de l\u2019Homme. Pas moins de trois rapports sur les pratiques de torture en Tunisie ont \u00e9t\u00e9 publi\u00e9s par des organisations de d\u00e9fense des droits de l\u2019Homme au cours des deux derni\u00e8res ann\u00e9es. Parmi les victimes, l\u2019on d\u00e9nombre majoritairement des personnes accus\u00e9es de lien avec le terrorisme, mais \u00e9galement de nombreux prisonniers d\u2019opinion et politiques. Plusieurs t\u00e9moignages concordants font \u00e9tat lors d\u2019une audience qui s\u2019est tenue \u00e0 la chambre criminelle de la cour d\u2019appel de Tunis, de coups violents port\u00e9s par un policier sur un pr\u00e9venu et ce, en pr\u00e9sence du juge qui si\u00e9geait pour cette affaire. Il a fallu l\u2019insistance des avocats pr\u00e9sents pour que ce dernier accepte finalement d\u2019enregistrer la plainte de l\u2019accus\u00e9. Les appels r\u00e9it\u00e9r\u00e9s de nos organisations \u00e0 l\u2019UE \u00e0 mettre en oeuvre les mesures d\u00e9finies dans ses Lignes Directrices contre la torture en exhortant notamment les autorit\u00e9s tunisiennes \u00e0 instaurer des mesures efficaces de pr\u00e9vention contre l\u2019usage de la torture, \u00e0 assurer une enqu\u00eate imm\u00e9diate, ind\u00e9pendante, impartiale et effective pour toute all\u00e9gation de torture et \u00e0 poursuivre en justice, le cas \u00e9ch\u00e9ant, les auteurs de tels actes, ne semblent pas avoir \u00e9t\u00e9 suivies d\u2019effet.  Bien que la Tunisie ait ratifi\u00e9 la Convention de Gen\u00e8ve relative au statut de r\u00e9fugi\u00e9 de 1951. elle ne dispose d\u2019aucun r\u00e9gime national effectif de reconnaissance du statut de r\u00e9fugi\u00e9. Par ailleurs la l\u00e9gislation tunisienne sur l\u2019entr\u00e9e, la sortie et le s\u00e9jour (loi 2004-06) pr\u00e9voit jusqu\u2019\u00e0 6 mois de prison. Les demandeurs d\u2019asile peuvent \u00e9galement tomber dans les champs d\u2019application de cette loi. Ces sanctions s\u2019appliquant \u00e9galement \u00e0 la sortie irr\u00e9guli\u00e8re du territoire, elles constituent une atteinte \u00e0 la libert\u00e9 de quitter son pays. La mise en place de mesures punitives d\u2019enfermement des migrants et demandeurs d\u2019asile pour entr\u00e9e ou s\u00e9jour irr\u00e9guliers est \u00e9galement pr\u00e9occupante en ce qu\u2019elle peut mener \u00e0 des violations des droits de l\u2019Homme des migrants [3].  La non-garantie du droit \u00e0 un proc\u00e8s \u00e9quitable et la non-ind\u00e9pendance de la justice demeurent la norme en Tunisie. La multiplication des proc\u00e9dures judiciaires \u00e0 l\u2019encontre des d\u00e9fenseurs des droits humains reste une illustration embl\u00e9matique de l\u2019instrumentalisation du judiciaire par l\u2019ex\u00e9cutif afin de faire taire toute voix dissidente. Dans ce contexte, nos organisations ne peuvent que r\u00e9it\u00e9rer leur \u00e9tonnement quant aux conditions de mise en oeuvre de l\u2019accord entre l\u2019Union europ\u00e9enne et la Tunisie sur un programme de renforcement de l\u2019institution judiciaire. Nous ne pouvons que d\u00e9noncer les concessions ainsi consenties alors qu\u2019au cours des derni\u00e8res ann\u00e9es, aucun changement substantiel de la situation du syst\u00e8me judiciaire n\u2019a \u00e9t\u00e9 enregistr\u00e9, la situation s\u2019\u00e9tant m\u00eame d\u00e9grad\u00e9e.  Enfin c\u2019est avec consternation que nos organisations constatent cette ann\u00e9e encore, une tr\u00e8s sensible d\u00e9t\u00e9rioration de la situation des d\u00e9fenseurs des droits de l\u2019homme et de l\u2019exercice des libert\u00e9s fondamentales et en particulier, les libert\u00e9s d\u2019expression, d\u2019association et de rassemblement pacifique. Blocages des locaux des associations, multiplication des intimidations de la police, emp\u00eachement des manifestations et des rassemblements y compris dans des espaces priv\u00e9s sont le quotidien des militants des droits de l\u2019Homme tunisiens. Des organisations internationales se sont vues \u00e0 nouveau emp\u00each\u00e9es d\u2019acc\u00e9der au territoire tunisien. La presse et les journalistes ind\u00e9pendants sont \u00e9galement la cible de mesures r\u00e9pressives, et le droit \u00e0 la libert\u00e9 d\u2019expression est quasi syst\u00e9matiquement bafou\u00e9 sur le territoire tunisien. Internet est sous haute surveillance, les autorit\u00e9s contr\u00f4lent la messagerie et bloquent les sites Internet \u00e0 contenu critique. Plusieurs personnalit\u00e9s et r\u00e9dactions ont \u00e9t\u00e9 particuli\u00e8rement cibl\u00e9es par les autorit\u00e9s ces derniers mois.  La d\u00e9t\u00e9rioration embl\u00e9matique de la situation des libert\u00e9s et des droits fondamentaux en Tunisie va de pair avec un d\u00e9sengagement sensible de l\u2019Union europ\u00e9enne de son r\u00f4le de garant du respect par son partenaire de ses engagements en faveur de la d\u00e9mocratie et des droits de l\u2019Homme. Nos organisations appellent donc l\u2019UE \u00e0 prendre les mesures qui s\u2019imposent afin que la Tunisie respecte les engagements qui sont les siens dans le cadre du partenariat qui les lie.  Confiants de l\u2019attention que vous porterez \u00e0 ce courrier, nous vous prions d\u2019agr\u00e9er, Madame, Monsieur, l\u2019expression de notre haute consid\u00e9ration. <strong><font>Kamel Jendoubi, pr\u00e9sident du REMDH Eric Sottas, secr\u00e9taire g\u00e9n\u00e9ral de l\u2019OMCT Souhayr Belhassen, pr\u00e9sidente de la FIDH<\/font><\/strong> Notes [1] Conseil d\u2019Association UE-Tunisie de janvier 2005. [2] Dans son \u00ab progress report \u00bb sur la Tunisie publi\u00e9 en avril 2008, la Commission europ\u00e9enne rappelle que les conclusions du quatri\u00e8me Conseil d\u2019association UE-Tunisie demandent une augmentation des efforts visant \u00e0 assurer le respect des droits de l\u2019Homme et en particulier la libert\u00e9 d\u2019expression et la libert\u00e9 d\u2019association. [3] De telles pratiques ont notamment \u00e9t\u00e9 critiqu\u00e9es par le Rapporteur sp\u00e9cial des Nations unies sur les droits de l\u2019Homme des migrants. \u00a0<\/div>\n<div align=\"justify\"><font><strong>(Source : Le blog \u00ab Tunisiawatch \u00bb de Mokhtar Yahyoui, le\u00a010 novembre 2008) <\/strong><\/font><\/div>\n<div align=\"justify\"><strong><\/p>\n<hr\/>\n<p><\/strong><\/div>\n<div align=\"justify\">\n<div align=\"center\"><strong><\/p>\n<h2 style=\"color: red;\"><font face=\"Arial\" size=\"3\">APPEL AU PRESIDENT DE LA TUNISIE MONSIEUR BEN ALI<\/font><\/h2>\n<p> \u00a0<\/strong><\/div>\n<div><font>Monsieur le pr\u00e9sident de la r\u00e9publique Tunienne Zine El Abidine Ben Ali Je suis Rachida Fareh demeurant \u00e0 Utique Nouvelle 7063 ,l&rsquo;\u00e9pouse de Hammami Belgacem r\u00e9sident en Suisse l\u00e9galement ,le 19-02-2006 j&rsquo;ai d\u00e9pos\u00e9 une demande de passeport au poste de la garde nationale de Aousdja,une localit\u00e9 de Bizerte , pour pouvoir regagner la Suisse et malgr\u00e9 mes multiples lettres au ministres de l&rsquo;interieur,de la justice ,au m\u00e9diateur administratif&#8230;je n&rsquo;ai re\u00e7u aucune r\u00e9ponse Monsieur le pr\u00e9sident ,je suis une m\u00e8re de famille et trois de mes filles sont avec leur p\u00e8re en Suisse ,trois gar\u00e7ons sont avec moi en Tunisie ,ma famille comme vous le voyez est divis\u00e9e en deux \u00e0 cause de mon passeport .je prie votre exellence de m&rsquo;accorder ce passeport qui rassemble mes enfants et unit ma famille  \u00a0Recevez,Monsieur le pr\u00e9sident, mes respects les meilleurs<\/font> <strong>\u00a0Rachida Fareh  \u00a0Utique Nouvelle \/Bizerte\/ Tunisie<\/strong><\/div>\n<\/div>\n<div align=\"justify\"> \u00a0<\/div>\n<div>\n<hr\/>\n<\/div>\n<div><font face=\"Arial\" size=\"2\"><\/p>\n<div align=\"center\">URGENT \/ TUNISIE: <strong><\/p>\n<h2 style=\"color: red;\"><font size=\"3\">Agression du journaliste M. Hamrouni et si\u00e8ge du journal Al-Mawqif<\/font><\/h2>\n<p><\/strong><\/div>\n<div> Je viens de recevoir, \u00e0 l&rsquo;instant m\u00eame, cette alerte de notre ami Mohamed Goumani, membre du Bureau directuer de la Ligue tunisienne des droits de l&rsquo;homme LTDH. Le journaliste Mohamed Hamrouni vient de se faie agresser \u00e0 l&rsquo;entr\u00e9e du journal Al-Mawqif o\u00f9 il travaille suite \u00e0 ses protesttations contre l&rsquo;interdiction d&rsquo;acc\u00e8s faite, par les flics, au journaliste Samir Sassi, \u00e9galement journaliste \u00e0 Al-Mawqif. Le local du journal est actuellement encercl\u00e9 par un grand nombre de policiers en vu de la conf\u00e9rence de presse attendue dans les minutes qui viennent. <strong><font>AW Hani<\/font><\/strong> \u00a0<\/p>\n<hr\/>\n<\/div>\n<div>\n<div align=\"center\">\n<hr\/>\n<\/div>\n<div>\n<div>\u00a0<\/div>\n<div>\n<div align=\"center\"><strong><\/p>\n<h2 style=\"color: red;\"><font size=\"3\">Danemark\/caricatures: la Cour supr\u00eame examine le cas de deux Tunisiens<\/font><\/h2>\n<p><\/strong> <\/div>\n<div align=\"justify\"> COPENHAGUE &#8211; La Cour supr\u00eame du Danemark s&rsquo;est r\u00e9unie lundi pour examiner le cas de deux ressortissants tunisiens soup\u00e7onn\u00e9s d&rsquo;avoir projet\u00e9 un attentat contre le dessinateur d&rsquo;une caricature controvers\u00e9e de Mahomet, a-t-on appris de source judiciaire.  Les deux Tunisiens ont \u00e9t\u00e9 arr\u00eat\u00e9s en f\u00e9vrier et d\u00e9tenus pendant plusieurs mois, sans avoir \u00e9t\u00e9 inculp\u00e9s, pour avoir planifi\u00e9 selon les renseignements danois un assassinat contre Kurt Westergaard, auteur de l&rsquo;un des douze dessins satiriques du proph\u00e8te Mahomet publi\u00e9s le 30 septembre 2005 dans le quotidien danois Jyllands-Posten.  Les juges de la Haute Cour doivent se prononcer uniquement sur les raisons qui ont conduit \u00e0 la privation de libert\u00e9 des deux Tunisiens, et non sur leur culpabilit\u00e9. Leur d\u00e9cision est attendue lundi prochain. Les services de renseignement PET avaient r\u00e9clam\u00e9 leur incarc\u00e9ration et recommand\u00e9 au gouvernement leur expulsion, estimant qu&rsquo;ils constituaient une menace pour la s\u00e9curit\u00e9 de l&rsquo;Etat.  Ils n&rsquo;ont pas souhait\u00e9 de proc\u00e8s afin, disent-ils, de ne pas \u00eatre oblig\u00e9s de pr\u00e9senter des preuves pouvant compromettre leur coop\u00e9ration avec des services \u00e9trangers et pour ne pas d\u00e9voiler leurs m\u00e9thodes de travail.  Les avocats des Tunisiens, Henrik Stagetorn et Frank Wenzel, ont port\u00e9 l&rsquo;affaire devant la Haute Cour, apr\u00e8s que la demande de libert\u00e9 de leurs clients eut \u00e9t\u00e9 rejet\u00e9e par le tribunal de premi\u00e8re instance et par la Cour d&rsquo;appel en juillet. Ils estiment que leur maintien en d\u00e9tention pendant des mois n&rsquo;\u00e9tait pas justifi\u00e9 au vu du peu de preuves fourni par le Pet.  L&rsquo;un des deux Tunisiens \u00e2g\u00e9 de 26 ans a pr\u00e9f\u00e9r\u00e9 en ao\u00fbt quitter volontairement le Danemark vers une destination inconnue.  Son compatriote de 37 ans, Slim Chafra, a \u00e9t\u00e9 lib\u00e9r\u00e9 en octobre apr\u00e8s avoir b\u00e9n\u00e9fici\u00e9 du droit d&rsquo;asile et d&rsquo;un statut de s\u00e9jour dit \u00ab\u00a0tol\u00e9r\u00e9\u00a0\u00bb car ne pouvant \u00eatre expuls\u00e9 vers la Tunisie o\u00f9 il risque la torture, selon la commission de recours des r\u00e9fugi\u00e9s. Son avocat, Me Wenzel, a soulign\u00e9 lundi aux journalistes, que son \u00ab\u00a0client n'(avait) pas \u00e9t\u00e9 condamn\u00e9 et (avait) toujours souhait\u00e9 un proc\u00e8s afin qu&rsquo;il soit blanchi des accusations contre lui\u00a0\u00bb. Selon lui, les services secrets \u00ab\u00a0n&rsquo;ont pas pr\u00e9sent\u00e9 une seule preuve tangible pour confondre\u00a0\u00bb son client, pr\u00e9sent lors de l&rsquo;audience. En effet, l&rsquo;accusation publique a r\u00e9it\u00e9r\u00e9 le m\u00eame r\u00e9quisitoire que dans les autres instances judiciaires, sans apporter de preuves concr\u00e8tes concernant un \u00e9ventuel attentat contre le dessinateur.  Sur la cha\u00eene TV2 News, Me Wenzel a rappel\u00e9 qu&rsquo;un troisi\u00e8me complice dans cette affaire, un Danois d&rsquo;origine marocaine de 40 ans, avait \u00e9t\u00e9 rel\u00e2ch\u00e9 juste apr\u00e8s son arrestation le 12 f\u00e9vrier et qu&rsquo;il ne pouvait pas \u00eatre expuls\u00e9, selon les autorit\u00e9s, en raison de sa nationalit\u00e9 danoise. Ce Danois a \u00e9t\u00e9 le seul parmi les trois \u00e0 \u00eatre inculp\u00e9 avant que l&rsquo;accusation publique ne renonce \u00e0 engager des poursuites contre lui en juillet.  (\u00a9AFP \/ 10 novembre 2008 15h51) <\/div>\n<\/div>\n<\/div>\n<div> \u00a0<\/div>\n<\/div>\n<p><\/font><\/div>\n<div>\n<hr\/>\n<\/div>\n<div><font face=\"Arial\" size=\"2\"><\/p>\n<div align=\"center\"><strong><\/p>\n<h2 style=\"color: red;\"><font size=\"3\">Tunisie: l&rsquo;opposant N\u00e9jib Chebbi maintient sa candidature \u00e0 la pr\u00e9sidentielle<\/font><\/h2>\n<p><\/strong><\/div>\n<div align=\"justify\"> Associated Press le 10\/11\/2008 20h07   Me N\u00e9jib Chebbi, chef historique du parti d\u00e9mocratique progressiste (PDP, formation de l&rsquo;opposition l\u00e9gale), a annonc\u00e9 lundi qu&rsquo;il maintenait sa candidature \u00e0 l&rsquo;\u00e9lection pr\u00e9sidentielle tunisienne de novembre 2009, malgr\u00e9 un r\u00e9cent amendement constitutionnel l&rsquo;\u00e9cartant automatiquement de la course. Au cours d&rsquo;une conf\u00e9rence de presse, cet avocat de 64 ans a pr\u00e9cis\u00e9 que la d\u00e9cision avait \u00e9t\u00e9 prise au cours du week-end par le comit\u00e9 central du PDP. Il a avanc\u00e9 le \u00ab\u00a0droit souverain (du PDP) de d\u00e9signer lui-m\u00eame son candidat aux prochaines pr\u00e9sidentielles\u00a0\u00bb. En juillet, le parlement tunisien, domin\u00e9 par le Rassemblement constitutionnel d\u00e9mocratique (RCD, parti au pouvoir), avait adopt\u00e9 un \u00ab\u00a0amendement exceptionnel\u00a0\u00bb de la Constitution qui, tout en ouvrant la voie \u00e0 la candidature de nombre de leaders de l&rsquo;opposition, en exclut d&rsquo;autres, dont Me Chebbi. Ce dernier avait c\u00e9d\u00e9 les commandes du PDP en 2006 \u00e0 Maya Jribi, premi\u00e8re femme \u00e0 diriger un parti politique en Tunisie qui, elle, peut en revanche se porter candidate, mais l&rsquo;a refus\u00e9, par \u00ab\u00a0respect du libre-choix\u00a0\u00bb, a-t-elle expliqu\u00e9. Les nouvelles dispositions exigent en effet notamment que le candidat soit chef du parti qu&rsquo;il repr\u00e9sente, et qu&rsquo;il ait \u00e9t\u00e9 \u00e9lu \u00e0 ce poste depuis au moins deux ann\u00e9es successives. Pour Me Chebbi, cet amendement a \u00e9t\u00e9 \u00ab\u00a0taill\u00e9 sur mesure pour exclure des opposants\u00a0\u00bb et d\u00e9signer les candidats souhait\u00e9s par le pouvoir. \u00ab\u00a0Je poursuivrai sans rel\u00e2che mon action et m\u00e8nerai une campagne de terrain pour expliquer le sens de ma d\u00e9cision (&#8230;) et obliger le pouvoir \u00e0 respecter les droits politiques du peuple tunisien\u00a0\u00bb, a martel\u00e9 Me Chebbi. Outre le pr\u00e9sident Zine El Abidine Ben Ali, qui briguera l\u00e0 son cinqui\u00e8me mandat de cinq ans, deux chefs de partis d&rsquo;opposition, consid\u00e9r\u00e9s proches du pouvoir, ont annonc\u00e9 jusqu&rsquo;\u00e0 pr\u00e9sent leur candidature. AP<\/div>\n<p><\/font><\/div>\n<div>\n<hr\/>\n<\/div>\n<p><font face=\"Arial\" size=\"2\"><\/p>\n<p align=\"center\"><span lang=\"FR\"><strong><\/p>\n<h2 style=\"color: red;\"><font size=\"3\">Conf\u00e9rence de Presse au si\u00e8ge du PDP<\/font><\/h2>\n<p><\/strong><\/span><\/p>\n<p align=\"justify\"><span lang=\"FR\">Texte introductif<\/span><\/p>\n<p align=\"justify\"><span lang=\"FR\">Mesdames et messieurs,<\/span><\/p>\n<p align=\"justify\"><span lang=\"FR\">A l&rsquo;issue d&rsquo;un long d\u00e9bat et \u00e0 une majorit\u00e9 de 69%, le Comit\u00e9 Central du PDP, a r\u00e9affirm\u00e9, samedi 8 novembre,\u00a0 son droit souverain de d\u00e9signer lui- m\u00eame son candidat aux prochaines pr\u00e9sidentielles. Il a, ainsi, maintenu ma candidature au nom du parti \u00e0 cette \u00e9ch\u00e9ance. <\/span><\/p>\n<p align=\"justify\"><span lang=\"FR\">La cr\u00e9dibilit\u00e9 des candidatures ne peut \u00eatre assur\u00e9e, \u00e0 notre avis, par des conditions qui ne sont \u00e0 la port\u00e9e que du seul parti au pouvoir, tel le parrainage par les \u00e9lus, ou au moyen de lois taill\u00e9es sur mesure en vue d&rsquo;exclure des opposants et de permettre en fin de compte au Pr\u00e9sident-candidat de d\u00e9signer lui-m\u00eame\u00a0 ses propres concurrents. <\/span><\/p>\n<p align=\"justify\"><span lang=\"FR\">L&rsquo;exclusion de ma candidature aux prochaines pr\u00e9sidentielles, en vertu du dernier amendement constitutionnel, et l&rsquo;opportunit\u00e9 ouverte en contre partie \u00e0 la Secr\u00e9taire\u00a0 G\u00e9n\u00e9rale du PDP d&rsquo;y prendre part en l&rsquo;absence de toute r\u00e9forme du syst\u00e8me \u00e9lectoral, de toute ouverture du paysage m\u00e9diatique et des espaces publics, se r\u00e9duit en fait \u00e0 une invitation \u00e0 prendre place dans le d\u00e9cor \u00e9lectoral officiel et participer \u00e0 la falsification de la volont\u00e9 populaire.<\/span><\/p>\n<p align=\"justify\"><span lang=\"FR\">Sans ces conditions, le maintien de ma candidature prend tout son sens et constitue l&rsquo;un des crit\u00e8res de libert\u00e9 et de sinc\u00e9rit\u00e9 des prochaines \u00e9lections. <\/span><\/p>\n<p align=\"justify\"><span lang=\"FR\">Confier le contr\u00f4le de l&rsquo;op\u00e9ration \u00e9lectorale \u00e0 une Commission Ind\u00e9pendante, lib\u00e9raliser les m\u00e9dias, assurer la libert\u00e9 de r\u00e9union et de propagande \u00e9lectorales, r\u00e9viser le mode de scrutin dans un sens \u00e9quitable qui garantisse le pluralisme dans les assembl\u00e9es et ouvrir les portes du pays aux missions internationales d&rsquo;observation, sont autant de conditions au d\u00e9roulement d&rsquo;\u00e9lections libres dans notre pays.<\/span><\/p>\n<p align=\"justify\"><span lang=\"FR\">Je n&rsquo;aurai cesse de r\u00e9clamer mon droit et celui de tous les Tunisiens de se porter candidat \u00e0 toutes les charges \u00e9lectives, d&rsquo;y participer librement et sur un pied d&rsquo;\u00e9galit\u00e9, c&rsquo;est le premier de mes devoirs en tant que citoyen et d\u00e9mocrate. Je poursuivrai donc sans rel\u00e2che mon action et m\u00e8nerai une campagne de terrain pour expliquer le sens de ma d\u00e9cision, mobiliser le maximum de soutien et obliger le pouvoir \u00e0 respecter les droits politiques du peuple tunisien. <\/span><\/p>\n<p align=\"justify\"><span lang=\"FR\">Pr\u00e8s d&rsquo;une ann\u00e9e nous s\u00e9pare encore de l&rsquo;\u00e9ch\u00e9ance \u00e9lectorale d&rsquo;octobre 2009\u00a0 et nous offre l&rsquo;occasion de d\u00e9ployer nos efforts au service de cette noble cause. M\u00eame s&rsquo;ils devaient ne pas donner la pl\u00e9nitude de leurs fruits, ces efforts auraient assur\u00e9ment particip\u00e9 \u00e0 la maturation du processus de transition d\u00e9mocratique dans notre pays.<\/span><\/p>\n<p align=\"justify\"><span lang=\"FR\">Mesdames et messieurs,<\/span><\/p>\n<p align=\"justify\"><span lang=\"FR\">En 2009, la Tunisie c\u00e9l\u00e8brera le cinquantenaire de la Constitution. Le pouvoir souhaite en faire l&rsquo;occasion d&rsquo;une comm\u00e9moration rituelle, j&rsquo;appelle de ma part \u00e0 nous en saisir pour proc\u00e9der \u00e0 une r\u00e9vision constitutionnelle fondamentale. La Constitution de 1959 est obsol\u00e8te. C&rsquo;est elle qui a organis\u00e9, cinquante ans durant, la confusion des pouvoirs au profit du Chef de l&rsquo;Etat. Tous les amendements qu&rsquo;elle a subis au cours du temps n&rsquo;ont fait que renforcer cette confusion, les pouvoirs l\u00e9gislatif et judiciaire sont maintenus dans un \u00e9tat de d\u00e9pendance de marginalit\u00e9 ? Le gouvernement est confin\u00e9 dans un r\u00f4le technocratique. En l&rsquo;absence d&rsquo;un syst\u00e8me effectif de contr\u00f4le de la constitutionnalit\u00e9 des lois, les garanties constitutionnelles en mati\u00e8re de libert\u00e9 sont an\u00e9anties par des lois liberticides.<\/span><\/p>\n<p align=\"justify\"><span lang=\"FR\">J&rsquo;appelle \u00e0 la r\u00e9union d&rsquo;une Convention Nationale Constitutionnelle en vue d&rsquo;adopter une nouvelle Constitution en 2009.<\/span><\/p>\n<p align=\"justify\"><span lang=\"FR\">Cette nouvelle Constitution doit garantir les principes fondamentaux suivants :<\/span><\/p>\n<p align=\"justify\"><span lang=\"FR\">Assurer la s\u00e9paration des pouvoirs par la limitation des pouvoirs du Pr\u00e9sident de la R\u00e9publique et le nombre de ses mandats et pr\u00e9munir ainsi le pays des pr\u00e9sidences \u00e0 vie.<\/span><\/p>\n<p align=\"justify\"><span lang=\"FR\">Accro\u00eetre les pouvoirs du gouvernement et instaurer sa responsabilit\u00e9 devant le Parlement, seul \u00e0 m\u00eame d&rsquo;investir et de destituer le gouvernement.<\/span><\/p>\n<p align=\"justify\"><span lang=\"FR\">Accroitre la repr\u00e9sentativit\u00e9 et les pr\u00e9rogatives\u00a0 de l&rsquo;Assembl\u00e9e en mati\u00e8re de l\u00e9gislation\u00a0 et garantir la pluralit\u00e9 en son sein par un mode de scrutin \u00e9quitable.<\/span><\/p>\n<p align=\"justify\"><span lang=\"FR\"><font>Garantir la neutralit\u00e9 politique absolue de l&rsquo;Administration et interdire toute confusion entre l&rsquo;appareil de l&rsquo;Etat et ceux des partis politiques.<\/font><\/span><\/p>\n<p align=\"justify\"><span lang=\"FR\">Garantir l&rsquo;ind\u00e9pendance de la magistrature et confier la nomination, l&rsquo;avancement et le d\u00e9placement des magistrats \u00e0 un conseil \u00e9lu, totalement ind\u00e9pendant du pouvoir ex\u00e9cutif.<\/span><\/p>\n<p align=\"justify\"><span lang=\"FR\">Garantir les libert\u00e9s et droits fondamentaux de l&rsquo;homme et du citoyen<\/span><\/p>\n<p align=\"justify\"><span lang=\"FR\">Instituer une Cour Constitutionnelle qui veille au contr\u00f4le de la constitutionnalit\u00e9 des lois et dont la saisine est ouverte aux citoyens en mati\u00e8re de libert\u00e9s fondamentales et droits de l&rsquo;homme.<\/span><\/p>\n<p align=\"justify\"><span lang=\"FR\">A la faveur d&rsquo;une telle r\u00e9vision, les lois organisant la vie publique ( code \u00e9lectoral, code de la presse, loi sur les associations et les partis, loi sur les r\u00e9unions et les rassemblements, loi sur le Conseil sup\u00e9rieur de l&rsquo;audio-visuel, l&rsquo;internet etc\u2026) doivent \u00eatre r\u00e9vis\u00e9s dans un sens conforme aux principes constitutionnels ci-dessus \u00e9nonc\u00e9s et aux conventions internationales relatives en la mati\u00e8re.<\/span><\/p>\n<p align=\"justify\"><span lang=\"FR\">Les \u00e9lections de 2009 pourraient se tenir dans ce cadre constitutionnel et l\u00e9gislatif r\u00e9nov\u00e9 et assurer ainsi leur fonction de l\u00e9gitimation des pouvoirs publics.<\/span><\/p>\n<p align=\"justify\"><span lang=\"FR\">Ce programme peut para\u00eetre maximal, il constitue en fait la condition pr\u00e9alable et la substance m\u00eame de la transition d\u00e9mocratique dans tout pays qui la souhaite. Une transition qui tarde chez nous depuis 21 ann\u00e9es au moins.<\/span><\/p>\n<p align=\"justify\"><span lang=\"FR\">Depuis 21 ann\u00e9es le pouvoir tourne le dos \u00e0 ces imp\u00e9ratifs nationaux et croit gagner du temps en leur substituant des mesures mineures et discutables, telles les deux mesures proclam\u00e9es \u00e0 l&rsquo;occasion du 21e anniversaire du 7 novembre : r\u00e9glementer la censure dans les m\u00e9dias au cours de la campagne \u00e9lectorale et allonger les d\u00e9lais d&rsquo;arbitrage des contestations \u00e9lectorales par un Conseil Constitutionnel, totalement d\u00e9pendant du chef de l&rsquo;ex\u00e9cutif dans la nomination de ses membres, leurs \u00e9moluments et leur saisine !<\/span><\/p>\n<p align=\"justify\"><span lang=\"FR\">Je fais, en tant que candidat d\u00e9mocrate de la r\u00e9union de cette Convention Nationale Constitutionnelle un point de mon programme et ferai tout ce qui est en mon pouvoir pour en faire une revendication populaire et un jour, qui ne saurait \u00eatre lointain, une r\u00e9alit\u00e9 nouvelle dans notre vie nationale.<\/span><\/p>\n<p align=\"justify\"><span lang=\"FR\">Je vous remercie pour votre attention et me mets \u00e0 votre disposition pour apporter les \u00e9claircissements que vous souhaiteriez. <\/span><\/p>\n<h6 align=\"justify\" style=\"color: blue;\"><span lang=\"FR\"><em><u><font size=\"2\">Tunis le 10 novembre 2008<\/font><\/u><\/em><\/span><\/h6>\n<p align=\"justify\"><b><span lang=\"FR\">A. Nejib Chebbi, Candidat d\u00e9mocrate<span dir=\"rtl\"> <\/span>aux pr\u00e9sidentielles de 2009 <\/span><\/b><\/p>\n<p><\/font><\/p>\n<div>\n<hr\/>\n<\/div>\n<div><font face=\"Arial\" size=\"2\"><\/p>\n<div align=\"justify\">\n<h3 align=\"center\" style=\"color: blue;\"><span lang=\"FR\"><font size=\"3\">Tunisie: la dictature \u00e0 sud de Lampedusa<\/font> <\/span><\/h3>\n<h3 align=\"justify\" style=\"color: blue;\"><span lang=\"DE-CH\">Gabriele del Grande<\/span><\/h3>\n<p align=\"justify\"><i><span lang=\"FR\">Au moins 108 morts aux portes de l&rsquo;Ue. Des victimes au Maroc (49), en Espagne (9), en Gr\u00e8ce (20), en Turquie (18) en Albanie (5), en Egypte (3), \u00e0 Malte (2) et en France (2). Reportage depuis le bassin minier de Redeyef, en Tunisie<\/span><\/i><span lang=\"FR\"> <\/span><span lang=\"FR\">TUNIS &#8211; Des syndicalistes arr\u00eat\u00e9s et tortur\u00e9s. Des manifestants abattus par la police. Des journalistes en prison. Et une vaste censure pour emp\u00eacher l\u2019\u00e9largissement des protestations et sauvegarder l&rsquo;image internationale d&rsquo;un pays qui en 2007 a accueilli 6,7 millions de touristes. Nous parlons de la Tunisie. Un pays qui est aussi connue pour son \u00e9migration. Depuis de nombreuses ann\u00e9es, des milliers de Tunisiens traversent la M\u00e9diterran\u00e9e se dirigeant vers les \u00eeles italiennes de Lampedusa et Pantelleria. Au cours de la premi\u00e8re moiti\u00e9 de 2008, quelques 1.287 tunisiens sont arriv\u00e9s sur les c\u00f4tes italiennes. Ils cherchent une vie meilleure. Mais qu\u2019est-ce qu\u2019ils laissent derri\u00e8re eux? Pour mieux comprendre ce qu\u2019est devenue la Tunisie, nous avons visit\u00e9 l&rsquo;une de ses r\u00e9gions les plus chaudes. Il s\u2019agit du bassin minier de Gafsa, 400 km au sud-ouest de Tunis. Ici a commenc\u00e9 &#8211; il y a dix mois &#8211; le plus important mouvement social du pays des 20 derni\u00e8res ann\u00e9es. Un mouvement spontan\u00e9 et populaire qui continue de lutter malgr\u00e9 la dure r\u00e9pression.  La r\u00e9gion des mines ressemble \u00e0 un paysage lunaire. Mais, au-dessous des montagnes entre Moular\u00e8s, Redeyef, Mdhilla et Metlaoui il y a un vrai tr\u00e9sor: 600 millions de tonnes de phosphate, propri\u00e9t\u00e9 de la soci\u00e9t\u00e9 publique Compagnie des phosphates de Gafsa (CPG). En 2008, le prix d&rsquo;une tonne de phosphate a doubl\u00e9 en raison de la croissante demande d&rsquo;engrais en Chine et en Inde. La Tunisie est le cinqui\u00e8me producteur au monde de ce minerai et peut compter sur des r\u00e9serves pour les 100 prochaines ann\u00e9es. Pourtant, la r\u00e9gion de Gafsa est l&rsquo;une des plus pauvres du Pays. La modernisation technique de l&rsquo;exploitation mini\u00e8re a r\u00e9duit de 55% le nombre d&#8217;employ\u00e9s, qui aujourd\u2019hui sont 5.000. Et cela a provoqu\u00e9 une grave crise \u00e9conomique dans les villes de mineurs, construites par les colons fran\u00e7ais au d\u00e9but du vingti\u00e8me si\u00e8cle pour h\u00e9berger la main d\u2019oeuvre. Aujourd&rsquo;hui, le ch\u00f4mage touche environ 40% des jeunes. Des jeunes qui souvent n&rsquo;ont pas d\u2019autre choix que de br\u00fbler les fronti\u00e8res, comme on dit en arabe. Harrag. Vers la Libye et puis Lampedusa. Ce sont eux, les jeunes, qui ont commenc\u00e9 la protestation il y a dix mois.  C\u2019\u00e9tait le 5 Janvier 2008, \u00e0 Redeyef, une ville de 37.000 habitants. Le CPG avait publi\u00e9 les r\u00e9sultats d&rsquo;un concours public pour le recrutement de 80 employ\u00e9s. Mais la liste a \u00e9t\u00e9 jug\u00e9e frauduleuse. Les jeunes ch\u00f4meurs se sont rebell\u00e9s et ont occup\u00e9 le secr\u00e9tariat du syndicat des mineurs (UGTT), consid\u00e9r\u00e9 comme impliqu\u00e9 dans le scandale. Bient\u00f4t ils ont \u00e9t\u00e9 rejoints par 11 veuves qui demandaient \u00e0 la CPG de respecter les quotas allou\u00e9s aux fils de d\u00e9c\u00e9d\u00e9s au travail. Les autres sections du syndicat ont rejoint les manifestants, pour ouvrir une n\u00e9gociation avec les autorit\u00e9s. Entre-temps, \u00e0 Tunis, a \u00e9t\u00e9 cr\u00e9\u00e9 un comit\u00e9 national de soutien au peuple du bassin minier. Le 4 avril a eu lieu une journ\u00e9e de solidarit\u00e9 \u00e0 Tunis, \u00e0 laquelle ont particip\u00e9 des syndicalistes de Redeyef. Mais \u00e0 leur retour, le matin du 7 avril, ils ont \u00e9t\u00e9 arr\u00eat\u00e9s avec des dizaines de militants. Parmi eux, il y avait aussi Adnan Hajji, le secr\u00e9taire du syndicat des enseignants de Redeyef.  Le m\u00eame jour, les enseignants de la ville ont suspendu leurs classes et lanc\u00e9 une gr\u00e8ve g\u00e9n\u00e9rale qui a dur\u00e9 trois jours. Le 9 avril une trentaine de femmes sont descendues dans la rue pour demander la remise en libert\u00e9 de leurs maris. La ville les a suivies et des centaines de personnes ont march\u00e9 jusqu\u2019\u00e0 la pr\u00e9fecture. Le lendemain, les syndicalistes ont \u00e9t\u00e9 lib\u00e9r\u00e9s. \u00c0 leur retour dans la ville, une foule de 20.000 personnes les attendait dans la rue, pr\u00eat \u00e0 acclamer leur nouveau leader, Adnan Hajji.<\/span><\/p>\n<p align=\"justify\"><span lang=\"FR\">En m\u00eame temps il y avait aussi eu des initiatives de solidarit\u00e9 en France, organis\u00e9es par les migrants tunisiens, surtout \u00e0 Nantes, o\u00f9 habite une importante communaut\u00e9 originaire de Redeyef. Dans le bassin les manifestations continuaient sans cesse. Le 6 Mai 2008, Hicham Ben Jeddou, meurt \u00e9lectrocut\u00e9 \u00e0 l\u2019int\u00e9rieur du g\u00e9n\u00e9rateur \u00e9lectrique de Tabeddit, o\u00f9 un groupe de jeunes ch\u00f4meurs avaient coup\u00e9 l\u2019\u00e9lectricit\u00e9 pour bloquer les activit\u00e9s de la CPG. Mais \u00e0 le tuer, selon des t\u00e9moins sur place, cela aurait \u00e9t\u00e9 la police qui avait d\u00e9cid\u00e9 d\u2019allumer le g\u00e9n\u00e9rateur m\u00eame s\u2019il tenait les c\u00e2bles dans ses mains en mena\u00e7ant de se suicider.  Des renforts sont envoy\u00e9s depuis Tunis. La police contr\u00f4le tous les acc\u00e8s \u00e0 Redeyef. Des agents en civil surveillent les principaux acteurs de la protestation. Le 6 Juin la police ouvre le feu sur une manifestation. Un gars, Hafnaoui Maghzaoui, est tu\u00e9 par balle. Et 27 personnes sont bless\u00e9es. L&rsquo;un d&rsquo;eux, Abdelkhaleq Aamidi, meurt apr\u00e8s trois mois d\u2019h\u00f4pital, le 14 Septembre. En quelques semaines, presque deux cent personnes sont arr\u00eat\u00e9es. Des syndicalistes comme des gens ordinaires. La nuit du 21 au 22 Juin, le leader de la protestation, Adnan Hajji, est arr\u00eat\u00e9 \u00e0 nouveau.  Le mouvement est d\u00e9capit\u00e9. Mais aucune femme n\u2019a \u00e9t\u00e9 arr\u00eat\u00e9e. Et ce sont les femmes, les \u00e9pouses des syndicalistes et des militants emprisonn\u00e9s, qui reviennent manifester dans la rue, le 27 Juillet, exigeant la lib\u00e9ration des prisonniers. Avec elles, il y a aussi Zakiya Dhifaoui. N\u00e9e en 1966, elle est journaliste et enseignante. Elle est venue depuis Kairouan pour \u00e9crire un reportage dans le journal de l&rsquo;opposition Muatinun. Son article ne sera jamais publi\u00e9. Le m\u00eame jour Dhifaoui est arr\u00eat\u00e9e. Son arrestation est un message pour tous les journalistes tunisiens: ne pas venir \u00e0 Redeyef et ne pas \u00e9crire sur le sujet. C\u2019est l&rsquo;autre versant de la r\u00e9pression: la censure de toute information sensible. Dhifaoui a \u00e9t\u00e9 condamn\u00e9e \u00e0 quatre mois et demi de prison. Mais elle n&rsquo;est pas la seule journaliste poursuivie. En fait, c&rsquo;est la libert\u00e9 d&rsquo;expression elle-m\u00eame qui est attaqu\u00e9e.  Les sites internet Dailymotion et Youtube, o\u00f9 ont \u00e9t\u00e9 mises en ligne les vid\u00e9os des manifestations de Redeyef et des violences polici\u00e8res, sont bloqu\u00e9s depuis novembre 2007. Massoud Romdhani, porte-parole du mouvement national de soutien, est agress\u00e9 par des agents en civil \u00e0 Tunis. Amor Gondher, journaliste du journal d&rsquo;opposition Tareq El Jedid, est tabass\u00e9 par deux policiers le soir du 26 Juin \u00e0 Nefta. Boulqaddous Fahim, journaliste de la t\u00e9l\u00e9vision El Hiwar &#8211; qui a publi\u00e9 la vid\u00e9o de Redeyef sur la cha\u00eene satellitaire italienne Arcoiris \u2013 a disparu depuis le 5 Juillet, pour \u00e9chapper \u00e0 son mandat d&rsquo;arr\u00eat. Le r\u00e9alisateur des vid\u00e9os, Mahmoud Raddadi, avait \u00e9t\u00e9 arr\u00eat\u00e9 le 21 Juin. Raddadi et Boulqaddous seront bient\u00f4t jug\u00e9s avec 38 autres manifestants, dont 14 syndicalistes. Ils sont accus\u00e9s d&rsquo;avoir form\u00e9 une bande de malfaiteurs. Le proc\u00e8s d\u00e9butera fin Novembre, au Tribunal de Gafsa.  Il s\u2019agit sans doute d\u2019un des plus grands proc\u00e8s politiques sous la pr\u00e9sidence de Ben Ali. Une pr\u00e9sidence qui dure sans interruption depuis 1987. En Novembre 2009, il y aura les \u00e9lections pr\u00e9sidentielles. Mais les morts de Redeyef ne seront pas suffisants pour toucher le pouvoir client\u00e9liste du Parti constitutionnel d\u00e9mocratique (RDC). Ni pour relancer l&rsquo;opposition apr\u00e8s des ann\u00e9es de r\u00e9pression de la libert\u00e9 d\u2019expression. Les avocats de la d\u00e9fense le savent bien, le jugement est d\u00e9j\u00e0 \u00e9crit. Mais dans l&rsquo;histoire il y a un cumul&#8230; dit l&rsquo;un d&rsquo;eux. En fait, le po\u00e8te tunisien Abu al Qasim Chebbi, l\u2019\u00e9crivait il y a un si\u00e8cle: \u00ab Lorsqu&rsquo;un jour le peuple veut vivre, force est pour le destin, de r\u00e9pondre, force est pour les t\u00e9n\u00e8bres de se dissiper, force est pour les cha\u00eenes de se briser\u00bb.  <b><span>PLUS D&rsquo;INFOS<\/span><\/b><\/span><\/p>\n<ul type=\"disc\">\n<li>\n<div align=\"justify\"><span lang=\"EN\"><a target=\"_blank\" rel=\"noopener\"><span lang=\"FR\"><font>VIDEO DE REDEYEF SUR YOU TUBE<\/font><\/span><\/a><\/span><span lang=\"FR\"><\/span><\/div>\n<\/li>\n<li>\n<div align=\"justify\"><span lang=\"EN\"><a target=\"_blank\" rel=\"noopener\"><span lang=\"FR\"><font>VIDEO DE REDEYEF SUR DAILY MOTION<\/font><\/span><\/a><\/span><span lang=\"FR\"><\/span><\/div>\n<\/li>\n<li>\n<div align=\"justify\"><span lang=\"EN\"><a target=\"_blank\" rel=\"noopener\"><span lang=\"FR\"><font>TUNISIE: RAPPORT AMNESTY INTERNATIONAL 2007<\/font><\/span><\/a><\/span><span lang=\"FR\"><\/span><\/div>\n<\/li>\n<li>\n<div align=\"justify\"><span lang=\"EN\"><a target=\"_blank\" rel=\"noopener\"><span lang=\"FR\"><font>TUNISIE: RAPPORT REPORTERS SANS FRONTI\u00c8RES 2008<\/font><\/span><\/a><\/span><span lang=\"FR\"><\/span><\/div>\n<\/li>\n<li>\n<div align=\"justify\"><span lang=\"EN\"><a target=\"_blank\" rel=\"noopener\"><span lang=\"FR\"><font>R\u00e9volte du \u00ab peuple des mines \u00bb en Tunisie<\/font><\/span><\/a><\/span><span lang=\"FR\">, Le Monde Diplomatique <\/span><\/div>\n<\/li>\n<li>\n<div align=\"justify\"><span lang=\"EN\"><a target=\"_blank\" rel=\"noopener\"><font>Tunisia, il golpe italiano: \u00ab\u00a0S\u00ec, scegliemmo Ben Al\u00ec\u00a0\u00bb<\/font><\/a>, Repubblica<\/span><\/div>\n<\/li>\n<\/ul>\n<p align=\"justify\">\u00a0<\/p>\n<p align=\"justify\">\u00a0<\/p>\n<p align=\"justify\"><font size=\"3\"><b><span lang=\"FR\">NOTES<\/span><\/b><\/font><\/p>\n<div align=\"justify\">\n<table border=\"0\" cellpadding=\"0\" cellspacing=\"3\">\n<tr>\n<td>\n<p align=\"center\"><b><span lang=\"FR\">Economie<\/span><\/b><\/p>\n<p><span lang=\"FR\">Le taux de croissance pour l&rsquo;exercice 2007 a atteint 6,3%. Le revenu annuel par habitant est de 2.400 euro, 4,8% plus qu&rsquo;en 2007. L&rsquo;inflation iest au 5,4%. Le ch\u00f4mage est du 14,2%, mais \u00e0 Redeyef arrive au 40% <\/span><\/p>\n<\/td>\n<td>\n<p align=\"center\"><b><span lang=\"FR\">Phosphate<\/span><\/b><\/p>\n<p><span lang=\"FR\">En 2007 la Cpg a produit 8 millions de tonnes de phosphate. Le mines furent d\u00e9couvertes par les colons fran\u00e7ais en 1897. Le prix d&rsquo;une tonne est pass\u00e9 en 2008 des 40 \u00e0 130 dollars<\/span><\/p>\n<\/td>\n<\/tr>\n<tr>\n<td>\n<p align=\"center\"><b><span lang=\"FR\">Tourisme<\/span><\/b><span lang=\"FR\"><\/span><\/p>\n<p><span lang=\"FR\">Le tourisme en 2007 a produit une richesse de 1,6 milliard d&rsquo;euro avec 6,7 millions de pr\u00e9sences. Les revenues sont augment\u00e9es du 9% dans les 9 premiers mois du 2008<\/span><\/p>\n<\/td>\n<td>\n<p align=\"center\"><b><span lang=\"FR\">Emigration<\/span><\/b><\/p>\n<p><span lang=\"FR\">Plus de 100,000 Tunisiens habite en Italie. Durant la premi\u00e8re moiti\u00e9 du 2008, 1,287 Tunisiens ont d\u00e9barqu\u00e9 en Sicile. Entre les 40 victimes du naufrage du <\/span><span><a target=\"_blank\" rel=\"noopener\"><span lang=\"FR\"><font>19 mars 2008<\/font><\/span><\/a><\/span><span lang=\"FR\"> il y avait des Tunisiens de Metlaoui<\/span><\/p>\n<\/td>\n<\/tr>\n<\/table>\n<\/div>\n<p align=\"justify\"><b><span lang=\"FR-CH\">(Source\u00a0: le blog \u00ab\u00a0Forteresse Europe\u00a0\u00bb, le 10 novembre 2008)<\/span><\/b><\/p>\n<p align=\"justify\"><b><span lang=\"FR-CH\">Lien\u00a0:<\/span><\/b><span lang=\"FR-CH\"><\/span><span lang=\"FR\"><a target=\"_blank\" rel=\"noopener\"><font>http:\/\/fortresseurope.blogspot.com\/2006\/01\/tunisie-la-dictature-sud-de-lampedusa.html<\/font><\/a><\/span><\/p>\n<\/div>\n<p><\/font><\/div>\n<div>\n<hr\/>\n<\/div>\n<div><font face=\"Arial\" size=\"2\"><\/p>\n<p align=\"center\"><span lang=\"FR\"><strong>Le Bloc-Notes de Sami Ben Abdallah:<\/strong><\/span><\/p>\n<p align=\"center\"><span lang=\"FR\"><\/p>\n<h2 style=\"color: red;\"><font><font size=\"3\"><strong>Ahmed Manai, les prisonniers d\u2019Ennahdha, Om Zied et Rached Ghannouchi<\/strong><\/font><\/font><\/h2>\n<p><\/span><\/p>\n<p><\/font><\/p>\n<p><b><span lang=\"FR\">Ahmed Manai est\u00a0 rentr\u00e9 \u00e0 Paris.<\/span><\/b><\/p>\n<p align=\"justify\"><span lang=\"FR\">Ahmed manai est finalement rentr\u00e9 \u00e0 Paris. Opposant, tr\u00e8s actif entre 1990 et 2000,Ahmed Manai a renonc\u00e9 il y a quelques mois \u00e0 son statut de r\u00e9fugi\u00e9 politique et a pu r\u00e9cup\u00e9r\u00e9 son passeport. Son s\u00e9jour \u00e0 Tunis se serait pass\u00e9 \u00abdans de bonnes conditions \u00bb. Apr\u00e8s 17 ans d\u2019exil et un parcours politique atypique d\u2019un homme qui \u00e9tait (ou consid\u00e9r\u00e9 comme) proche d\u2019Ennahdha tout en se d\u00e9clarant \u00ab pas islamiste \u00bb il semble qu\u2019il a pris sa retraite.<\/span><\/p>\n<p align=\"justify\"><span lang=\"FR\">Aux lendemains de son retour en Tunisie, certains Nahdaouis qui lui ne lui ont pas pardonn\u00e9 ses d\u00e9clarations \u00ab anti-Rached Ghannouchi \u00bb avaient laiss\u00e9 entendre qu\u2019il ne pourra plus retrouver Paris, et qu\u2019\u00e0 Tunis, il serait emprisonn\u00e9 ou tortur\u00e9 voir m\u00eame assassin\u00e9.<\/span><\/p>\n<p align=\"justify\"><span lang=\"FR\">Jusque-l\u00e0, le retour d\u2019Ahmed Manai apporte un d\u00e9menti \u00e0 ces sp\u00e9culations cauchemardesques.<\/span><\/p>\n<p align=\"justify\"><span lang=\"FR\">Il n y a pas qu\u2019Ahmed Manai, Chokri Hamrouni, le n\u00b0 : 1 et demi du CPR (Congr\u00e9s pour la R\u00e9publique, non reconnu, pr\u00e9sid\u00e9 par Moncef Marzouki) a pu rentrer aussi sans probl\u00e8mes. Morsel Kbissi (fondateur du journal en ligne Al-wassat, ancien d\u2019Ennahdha) a annonc\u00e9 sur son site que son s\u00e9jour \u00e0 Tunis s\u2019est pass\u00e9 dans de bonnes conditions. Des dizaines d\u2019autres exil\u00e9s ont pu rentr\u00e9 dans une indiff\u00e9rence g\u00e9n\u00e9rale des partis de l\u2019opposition .<\/span><\/p>\n<p align=\"justify\"><span lang=\"FR\">A propos du retour des exil\u00e9s, la seule chose claire, c\u2019est un mot d\u2019ordre du palais de Carthage pour permettre au plus grand nombre de rentrer. Mais les modalit\u00e9s du retour demeurent non pr\u00e9cis\u00e9es. Pourquoi le pr\u00e9sident ne mette pas fin \u00e0 ces sp\u00e9culations en demandant l\u2019application de la loi \u00e0 propos de ce dossier ? La question demeure pos\u00e9e.<\/span><\/p>\n<p align=\"justify\"><b><span lang=\"FR\">Abandonner\u00a0 les poursuites contre Om Zied (Neziha Rejiba)<\/span><\/b><\/p>\n<p align=\"justify\"><span lang=\"FR\">Om Zied (Neziha Rejiba) a commis un texte sur la censure et le piratage de Kalima, son mari (avocat et ancien d\u00e9put\u00e9 de l\u2019UDU, Union D\u00e9mocratique Unioniste, reconnu par le pouvoir) continue \u00e0 croupir en prison en d\u00e9pit de la d\u00e9t\u00e9rioration de son \u00e9tat de sant\u00e9. Pourquoi ? En vertu de quelles lois ? Ce genre d\u2019affaire avance-t-il les choses dans notre pays ?<\/span><\/p>\n<p align=\"justify\"><span lang=\"FR\">Om Zied n\u2019est pas la sainte Marie et ce qu\u2019elle \u00e9crit n\u2019est pas du Coran. Si Om Zied ne cumulait pas autant de statuts qui pr\u00eataient \u00e0 confusion ( secr\u00e9taire g\u00e9n\u00e9rale du CPR, pr\u00e9sid\u00e9 par Moncef Marzouki, co-R\u00e9dactrice en chef de Kalima de Sihem Bensedrine et membre du CNLT pr\u00e9sid\u00e9 par la m\u00eame Sihem Bensedrine ) personne ne trouverait rien \u00e0 dire au sujet de ses \u00e9crits furent-ils violents ou maladroits. Mais compte tenu de l\u2019\u00e9tat de choses actuel, il y a un conflit d\u2019int\u00e9r\u00eat \u00e9vident et Om zied gagnerait en clart\u00e9 si elle se d\u00e9cidait : ou le journalisme ou la politique.<\/span><\/p>\n<p align=\"justify\"><span lang=\"FR\">Il n\u2019emp\u00eache, le pouvoir gagnerait aussi en l\u00e9gitimit\u00e9 si les poursuites engag\u00e9es contre Om Zied soient abandonn\u00e9es et que son mari soit lib\u00e9r\u00e9.<\/span><\/p>\n<p align=\"justify\"><span lang=\"FR\">Il faut oser trouver des solutions pour Internet. Car qu\u2019on le veuille ou pas, il y a des sites tunisiens impolis, il y a des choses publi\u00e9es sur le web qui n\u2019ont rien \u00e0 voir avec la libert\u00e9 d\u2019expression. Mais la censure comme la politique s\u00e9curitaire ne peuvent jamais \u00eatre la solution. Et quel alin\u00e9a du chapitre du \u00abprocessus d\u00e9mocratique \u00bb autorise-t-il l\u2019interception et la lecture des mails (tout comme l\u2019interception et la lecture du courrier ordinaire ?).<\/span><\/p>\n<p align=\"justify\"><span lang=\"FR\">Il n\u2019est pas normal que notre pays passe \u00e0 cot\u00e9 de cette opportunit\u00e9 qu\u2019est le E-commerce, qui est la seule solution pour que notre pays puisse cr\u00e9er des emplois, il n\u2019est pas normal que le d\u00e9bit d\u2019Internet soit de 1 m\u00e9ga en Tunisie quand les europ\u00e9ens sont insatisfaits d\u2019un d\u00e9bit \u00e0 hauteur de 20 m\u00e9gas et d\u00e9veloppent d\u00e9sormais la fibre optique \u00e0 100 m\u00e9gas, il n\u2019est pas normal que le web tunisien soit verrouill\u00e9 car il y a des sites dissidents et le pouvoir n\u2019en veut pas d\u2019eux. Autant de g\u00e2chis dans notre pays. Trouvons des solutions ensemble.<\/span><\/p>\n<p align=\"justify\"><span lang=\"FR\">Om Zied est une femme qui m\u00e9rite du respect. Dans ses \u00e9crits, les formulations excessives n\u2019en manquent pas, mais chacun est libre d\u2019\u00e9crire ce qu\u2019il veut. Pourquoi en faire une affaire d\u2019Etat \u00e0 chaque fois ?<\/span><\/p>\n<p align=\"justify\"><span lang=\"FR\">Aujourd\u2019hui qu\u2019elle coure le risque d\u2019\u00eatre condamn\u00e9e, que son mari est emprisonn\u00e9, il ne sert \u00e0 rien de discourir : il faut la soutenir et esp\u00e9rer\/exiger\/demander (au choix) que le pouvoir abandonne les poursuites et lib\u00e8re son mari.<\/span><\/p>\n<p align=\"justify\"><span lang=\"FR\">Quant \u00e0 ceux qui ont tout fait pour \u00ab instrumentaliser \u00bb l\u2019affaire d\u2019Om Zied\u2026 ceux qui voudraient qu\u2019Om Zied soit emprisonn\u00e9e car cela leur fera un nouveau fond de commerce ( apr\u00e8s feu Zouhair Yahyaoui, qui s\u2019en rappelle encore ? ou Slim Boukdhir, ou Mohamed Abbou ou les internautes de Zarzis). Continuez \u00e0 instrumentaliser la d\u00e9tresse d\u2019Om Zied et bonne chance.<\/span><\/p>\n<p align=\"justify\"><b><span lang=\"FR\">La lib\u00e9ration des 21 dirigeants d\u2019ennahdha<\/span><\/b><\/p>\n<p align=\"justify\"><span lang=\"FR\">\u00a0Le pouvoir a fini par lib\u00e9rer le reste des partisans d\u2019Ennahdha condamn\u00e9s au d\u00e9but des ann\u00e9es 90 (certes, demeurent en prison les auteurs de l\u2019attentat terroriste de Beb Souika). A propos ces d\u00e9tenus lib\u00e9r\u00e9s, deux th\u00e8ses continuent \u00e0 diviser la classe politique tunisienne sur le pourquoi de leur condamnation:<\/span><\/p>\n<p align=\"justify\"><span lang=\"FR\">La premi\u00e8re \u00e9voque une vraie tentative de renversement du r\u00e9gime survenue en mai 1992. Les auteurs de cette tentative seraient le noyau dur du groupe s\u00e9curitaire (1) qui projetait de renverser le pouvoir le 8 novembre 1987 avant d\u2019\u00eatre court-circuit\u00e9 par la destitution de Bourguiba par M.<span dir=\"rtl\"> <\/span>Ben Ali. Le pr\u00e9sident a \u00e9voqu\u00e9 cette th\u00e8se dans une interview au journal fran\u00e7ais \u00abLe Monde\u00bb,1er juillet 1991 :<\/span><\/p>\n<p align=\"justify\"><b><em><span lang=\"FR\">Question : Un complot islamiste a \u00e9t\u00e9 d\u00e9couvert en Tunisie en mai dernier. Quelle fut l&rsquo;ampleur exacte de l&rsquo;infiltration dans l&rsquo;arm\u00e9e, la Garde nationale et la police ?<\/span><\/em><\/b><\/p>\n<p align=\"justify\"><span lang=\"FR\">R\u00e9ponse : N&rsquo;\u00e9tant pas un mouvement d\u00e9mocratique, le mouvement islamiste dit \u00ab Ennahdha \u00bb tente de prendre le pouvoir par tous les moyens. C&rsquo;est pourquoi les tentatives d&rsquo;infiltration des institutions de l&rsquo;Etat rel\u00e8vent, pour lui, de la m\u00e9thode. Notre arm\u00e9e est un corps sain, imbu des principes r\u00e9publicains. Les tentatives pour l&rsquo;infiltrer sont rest\u00e9es circonscrites \u00e0 des \u00e9l\u00e9ments fanatis\u00e9s issus de deux promotions d&rsquo;officiers qui avaient eu, comme professeur, un dirigeant int\u00e9griste.<\/span><\/p>\n<p align=\"justify\"><span lang=\"FR\">Il s&rsquo;agit de l&rsquo;individu Sadok Chourou, qui avait succ\u00e9d\u00e9 \u00e0 Rached Ghannouchi au printemps de 1989, lorsque ce dernier choisit l&rsquo;exil volontaire. Cet individu enseignait \u00e0 temps partiel \u00e0 l&rsquo;Acad\u00e9mie militaire de fondouk Jedid. Ces jeunes officiers y \u00e9taient arriv\u00e9s d\u00e9j\u00e0 endoctrin\u00e9s. Sur la centaine de militaires interrog\u00e9s \u00e0 la suite de ce complot, trente quatre jeunes officiers restent impliqu\u00e9s.<\/span><\/p>\n<p align=\"justify\"><b><span lang=\"FR\"><em>Question : Certains ont vu dans ce complot un \u00abmontage\u00bb pour justifier la r\u00e9pression contre les terroristes ?<\/em><\/span><\/b><\/p>\n<p align=\"justify\"><span lang=\"FR\">R\u00e9ponse : Il y a bel et bien eu complot. Il n&rsquo;y a ni montage, ni amalgame. La justice est saisie de l&rsquo;affaire. Elle dira son mot en toute s\u00e9r\u00e9nit\u00e9 et en toute ind\u00e9pendance. De ce complot, nous avons encore la preuve tous les jours. Ces derni\u00e8res semaines, nous avons d\u00e9couvert de nouveaux entrep\u00f4ts de cocktails molotov, de bouteilles de vitriol, et pas plus tard que lundi dernier, une station \u00e9mettrice de deux cents watts dans les environs de Tunis. Elle venait d&rsquo;\u00eatre install\u00e9e et n&rsquo;avait pas encore d&rsquo;antenne. Ses utilisateurs se proposaient sans doute de brouiller les \u00e9missions de la Radio-TV en fran\u00e7ais et en arabe, mais aussi de diffuser leurs propres messages.<\/span><\/p>\n<p align=\"justify\"><span lang=\"FR\">Dans les faits, dans cette hypoth\u00e8se, il est question d\u2019un missile Stinger qui aurait \u00e9t\u00e9 ou aurait pu \u00eatre r\u00e9cup\u00e9r\u00e9 d\u2019Afghanistan et aurait \u00e9t\u00e9 ou aurait pu \u00eatre achemin\u00e9 via les fronti\u00e8res pour abattre l\u2019avion du pr\u00e9sident.<\/span><\/p>\n<p align=\"justify\"><span lang=\"FR\">La seconde th\u00e8se \u2013comme l\u2019\u00e9voque d\u2019ailleurs la question du journal Le Monde- parle d\u2019un \u00abmontage pour justifier la r\u00e9pression contre les terroristes \u00bb. L\u00e0, les choses se compliquent car les sources sont contradictoires : Certains soutiennent que le pouvoir \u00abaurait \u00bb tout invent\u00e9 pour justifier la r\u00e9pression qui s\u2019en est suivie. D\u2019autres soutiennent qu\u2019il s\u2019agit d\u2019une \u00abfabrication \u00bb de \u00abcertains services de s\u00e9curit\u00e9 \u00bb tunisiens qui ont fait dans l\u2019exag\u00e9ration pour avoir le dessus sur les politiques du RCD (d\u2019ailleurs depuis cette date, ce sont les responsables de s\u00e9curit\u00e9 qui ont le dessus sur les politiques du RCD).<\/span><\/p>\n<p align=\"justify\"><span lang=\"FR\">Enfin, une version timide commence \u00e0 appara\u00eetre au sein d\u2019anciens partisans d\u2019Ennahdha qui ont pris leurs distances avec le parti : \u00ab il y a eu une discussion sur un possible acheminement d\u2019un missile Stinger, qui serait pos\u00e9 plus tard sur un toit d\u2019une maison \u00e0 Zarzis, mais il s\u2019agissait d\u2019une discussion entre 2 personnes. Le reste, c\u2019est de la fabrication de \u00abcertains responsables de services de s\u00e9curit\u00e9s\u00bb. Ils voulaient que le pr\u00e9sident leur soit redevable de lui avoir sauv\u00e9 la vie et ils ont tout invent\u00e9 \u00bb. Plus tard l\u2019assassinat du pr\u00e9sident alg\u00e9rien Mohamed Boudief par son garde du corps (le 29 juin 1992) aurait donn\u00e9 des id\u00e9es aux uns et aux autres.<\/span><\/p>\n<p align=\"justify\"><span lang=\"FR\">\u00a0Il appartient aux journalistes et aux historiens de dire le vrai du faux de ces hypoth\u00e8ses r\u00e9elles ou imaginaires. Mais ce qui est int\u00e9ressant, c\u2019est qu\u2019avec la lib\u00e9ration des derniers prisonniers d\u2019Ennahdha, une page de l\u2019histoire de la Tunisie est tourn\u00e9e. Ce qui est choquant, c\u2019est ce cycle politique qui se r\u00e9p\u00e8te : en 1957 et 1962, des Youssefistes ont \u00e9t\u00e9 condamn\u00e9s \u00e0 des ann\u00e9es de prison, en 1967, les membres de l\u2019extr\u00eame gauche tunisienne ont \u00e9t\u00e9 condamn\u00e9s \u00e0 des peines de plus de dix ans de prison. En 1991, c\u2019\u00e9tait e tour des islamistes.<\/span><\/p>\n<p align=\"justify\"><span lang=\"FR\">Au-del\u00e0 ce cycle, il faut aujourd\u2019hui continuer dans cette voie : amnistier les auteurs de troubles sociaux de Redeyef, revoir le contenu de la loi anti-terroriste en vertu de laquelle des jeunes tunisiens sont envoy\u00e9s en prison, et r\u00e9fl\u00e9chir \u00e0 des solutions politiques. La d\u00e9cennie 1990-2000 a montr\u00e9 les limites des solutions s\u00e9curitaires. Elle a montr\u00e9 aussi que la police ne peut pas se substituer au RCD dans le r\u00f4le politique qu\u2019il doit remplir. Ce n\u2019est pas \u00e0 la police de faire la \u00abpolitique \u00bb, c\u2019est aux politiques de recouvrer leur mission.<\/span><\/p>\n<p align=\"justify\"><span lang=\"FR\">Tourner la page ? Mais le discours d\u00e9magogique des partisans d\u2019Ennahdha cessera-t-il pour autant ? Faut-il souligner que le mythe de la force politique d\u2019Ennahdha est aliment\u00e9 par la r\u00e9pression, ensuite par le discours politique d\u2019une partie de la gauche tunisienne qui est franchement \u00ab islamophobe \u00bb et n\u2019a rien \u00e0 voir avec la gauche la\u00efque qu\u2019elle pr\u00e9tend \u00eatre. Enfin, par l\u2019\u00e9touffement des libert\u00e9s : s\u2019il y avait encore plus de libert\u00e9 et de d\u00e9mocratie en Tunisie, Ennahdha serait r\u00e9duit \u00e0 sa juste valeur : un petit parti qui ne d\u00e9passerait pas les 10% des suffrages exactement comme les partis d\u2019extr\u00eame droite en Europe.<\/span><\/p>\n<p align=\"justify\"><span lang=\"FR\">Oui, car il est fort probable que ceux qui ont vot\u00e9 pour Ennahdha, l\u2019ont fait pour \u00absanctionner \u00bb le PSD (rebaptis\u00e9 RCD). C\u2019\u00e9tait le cas en Alg\u00e9rie avec le vote sanction du FLN, ou en Palestine avec le vote pour Hamas pour sanctionner le Fatah. La corruption, l\u2019injustice, l\u2019exclusion sociale et l\u2019absence de libert\u00e9 engendrement m\u00e9caniquement le vote sanction et le d\u00e9sespoir. C\u2019est pourquoi, il faut cesser de diaboliser une grande partie des Tunisiens qui seraient devenus \u00absympathisants islamistes \u00bb car ils ont d\u00e9sesp\u00e9r\u00e9 de la R\u00e9publique et de l\u2019Etat de droit.<\/span><\/p>\n<p align=\"justify\"><span lang=\"FR\">Sanctionner la corruption du parti au pouvoir, rejeter la gauche islamophobe, d\u00e9sesp\u00e9rer de la R\u00e9publique et de l\u2019Etat du Droit\u2026 et puis, il faut aussi dire les v\u00e9rit\u00e9s qui f\u00e2chent : ils se sont fait avoir par cette d\u00e9magogie des partisans d\u2019Ennahdha qui font dans l\u2019\u00e9motionnel : \u00e0 les en croire, ils \u00e9taient pleins d\u2019ang\u00e9lisme, de pacifisme quand soudainement le pouvoir ou la gauche leur ont tendu un pi\u00e8ge.<\/span><\/p>\n<p align=\"justify\"><span lang=\"FR\">Pacifisme, ang\u00e9lisme, et quoi encore ? <\/span><span>Peuple \u00e9lu peut \u00eatre et Rached Ghannouchi s\u2019appellerait aussi Ghandi ?<\/span><\/p>\n<p align=\"justify\"><b><span lang=\"FR\">M.<span dir=\"rtl\"><\/span>Rached Ghannouchi va-t-il rentrer en Tunisie?<\/span><\/b><\/p>\n<p align=\"justify\"><span lang=\"FR\">A propos des prisonniers liber\u00e9s, les milieux d\u2019Ennahdha les classifiaient ainsi : soldat, condamn\u00e9 \u00e0 1 an, 3 ans, sergent , 5ans, capitaine, plus de 10 ans, g\u00e9n\u00e9ral, et \u00e0 perp\u00e9tuit\u00e9 \u00ab mar\u00e9chal \u00bb. Le pouvoir \u00ab aurait \u00bb donc lib\u00e9r\u00e9 \u00ab les t\u00eates br\u00fbl\u00e9es \u00bb d\u2019Ennahdha. Une des figures embl\u00e9matiques de ces prisonniers lib\u00e9r\u00e9s est incontestablement, celle de Sadok Chourou. Selon M.Ben Ali (extrait de Le Monde, voir ci-dessus) : \u00ab Il s&rsquo;agit de l&rsquo;individu Sadok Chourou, qui avait succ\u00e9d\u00e9 \u00e0 Rached Ghannouchi au printemps de 1989, lorsque ce dernier choisit l&rsquo;exil volontaire. Cet individu enseignait \u00e0 temps partiel \u00e0 l&rsquo;Acad\u00e9mie militaire de fondouk Jedid. Ces jeunes officiers y \u00e9taient arriv\u00e9s d\u00e9j\u00e0 endoctrin\u00e9s. Sur la centaine de militaires interrog\u00e9s \u00e0 la suite de ce complot, trente quatre jeunes officiers restent impliqu\u00e9s \u00bb.<\/span><\/p>\n<p align=\"justify\"><span lang=\"FR\">La lib\u00e9ration de ces prisonniers a surpris m\u00eame dans les rangs d\u2019Ennahdha qui ne s\u2019attendaient pas \u00e0 ce que le pouvoir lib\u00e8re Sadok Chourou. Les uns ont pens\u00e9 que cette lib\u00e9ration conditionnelle interviendrait en novembre 2009 (aux lendemains des pr\u00e9sidentielles), les autres ont pens\u00e9 que ces prisonniers ne sont pas \u00ablib\u00e9rables \u00bb, et les plus sceptiques ont pens\u00e9 \u00e0 2014.<\/span><\/p>\n<p align=\"justify\"><span lang=\"FR\">Toutes les hypoth\u00e8ses sur le pourquoi du comment sont l\u00e9gitimes : le pouvoir voulait-il pr\u00e9server l\u2019avenir avec la nouvelle administration am\u00e9ricaine et le pr\u00e9sident Obama ? ou voulait-il priver les uns et les autres de ce fond de commerce qu\u2019est devenu \u00ab les prisonniers d\u2019Ennahdha \u00bb ? ou compliquer la donne \u00e0 Rached Ghannouchi (en lib\u00e9rant Sadok Chourou) ? Ou compliquer la donne aux candidats aux pr\u00e9sidentielles tels Nejib Chebbi dont le soutien politique d\u2019Ennahdha \u00e0 sa candidature pourrait \u00eatre remis en question ? il est significatif \u00e0 ce sujet de voir Nejib Chebbi pr\u00e9ciser dans chacune de ses interviews qu\u2019il a rompu avec le pouvoir car il a d\u00e9fendu les islamistes.<\/span><\/p>\n<p align=\"justify\"><span lang=\"FR\">\u00a0Dans tous les cas, la lib\u00e9ration des prisonniers est un fait \u00e9tabli. Curiosit\u00e9 : les dissidents tunisiens ont l\u2019habitude de remercier tous les politiques \u00e9trangers qui interviennent pour solutionner des cas tunisiens. Mais personne n\u2019a os\u00e9 prendre son courage \u00e0 deux mains, pour dire que la d\u00e9cision de lib\u00e9ration est une d\u00e9cision courageuse et que le pr\u00e9sident, pour cette d\u00e9cision pr\u00e9cise, m\u00e9rite des remerciements. Certes, elle demeure insuffisante et il faut continuer dans cette voie.<\/span><\/p>\n<p align=\"justify\"><span lang=\"FR\">Mais cette curiosit\u00e9 des dissidents s\u2019alimente d\u2019une curiosit\u00e9 du pouvoir. Celui-ci a pris cette mauvaise habitude de r\u00e9pondre aux sollicitations des \u00e9trangers afin de d\u00e9bloquer des cas tunisiens mais rarement il a r\u00e9pondu positivement \u00e0 des sollicitations de Tunisiens.<\/span><\/p>\n<p align=\"justify\"><span lang=\"FR\">En somme, la donne politique se complique pour Rahed Ghannouchi et sa direction de l\u2019\u00e9tranger. Est-il besoin de rappeler les vieux conflits entre Rached Ghannouchi et Abdelfattah Mourou ? Ce dernier avait soutenu que les statuts du parti \u00e9taient clairs et nets : le pr\u00e9sident d\u2019Ennahdha doit r\u00e9sider en Tunisie. Ne trouvant pas de solutions \u00e0 ce point, Ennahdha signe ses communiqu\u00e9s de Londres en les paraphants de \u00ab\u00a0 Ennahdha \u00e0 Tunis \u00bb.<\/span><\/p>\n<p align=\"justify\"><span lang=\"FR\">Qui est le pr\u00e9sident d\u2019Ennahdha ? Quelle l\u00e9gitimit\u00e9 de la direction de l\u2019\u00e9tranger ? Ces questions paraissent insolubles.<\/span><\/p>\n<p align=\"justify\"><span lang=\"FR\">Par cons\u00e9quent, Rached Ghannouchi pourrait rentrer bient\u00f4t en Tunisie. Son exil volontaire \u00e0 Londres n\u2019a plus de sens politique aujourd\u2019hui (certes d\u2019un point de vue juridique, Rached Ghannouchi est condamn\u00e9 \u00e0 perp\u00e9tuit\u00e9 \u00e0 Tunis ).Mais politiquement, le choix qui s\u2019offre \u00e0 lui est difficile : s\u2019il rentre en Tunisie, sa marge de man\u0153uvre serait des plus r\u00e9duites mais il gagnera en l\u00e9gitimit\u00e9. S\u2019il reste \u00e0 l\u2019\u00e9tranger, son leadership qu\u2019il a exerc\u00e9 sur le parti va en s\u2019essoufflant.<\/span><\/p>\n<p align=\"justify\"><span lang=\"FR\">Un des points compliqu\u00e9s \u00e0 r\u00e9soudre outre le cot\u00e9 politique, est certainement le cot\u00e9 financier : Rached Ghannouchi serait un \u00ab salari\u00e9 \u00bb d\u2019Ennahdha, et gr\u00e2ce \u00e7\u00e0 ses contacts avec des donateurs des pays du golf, le parti islamiste serait des plus riches (comparativement aux autres partis. Il demeure cependant moins riche que le RCD). Des proches de Rached Ghannouchi se seraient embourgeois\u00e9s en lan\u00e7ant des projets commerciaux \u00e0 Paris ou \u00e0 Londres ( boulangeries, pizzeria, boucheries halal, sp\u00e9culation immobili\u00e8re). Le parti aurait m\u00eame fait des placements (achat et ventes d\u2019actions dans une capitale europ\u00e9enne consid\u00e9r\u00e9e comme un paradis fiscale ou presque).<\/span><\/p>\n<p align=\"justify\"><span lang=\"FR\">De la sp\u00e9culation boursi\u00e8re ? allez savoir s\u2019il y a une sp\u00e9culation halal ou une sp\u00e9culation haram.<\/span><\/p>\n<p align=\"justify\"><span lang=\"FR\">Que fera Rached Ghannouchi ? Rentrera \u2013t-il en Tunisie ? La question demeure pos\u00e9e.<\/span><\/p>\n<p><span lang=\"FR\"><a target=\"_blank\" rel=\"noopener\"><font>www.samibenabdallah.com<\/font><\/a><\/span><\/p>\n<p><span dir=\"rtl\" lang=\"AR-SA\"><\/span><\/p>\n<hr\/>\n<p>\u00a0<\/p>\n<\/div>\n<div><font face=\"Arial\" size=\"2\"><\/p>\n<div align=\"center\"><strong><\/p>\n<h2 style=\"color: red;\"><font size=\"3\">Des op\u00e9ration secr\u00e8tes am\u00e9ricaines ont \u00e9t\u00e9 men\u00e9es pendant quatre ans (presse)<\/font><\/h2>\n<p><\/strong><\/div>\n<div align=\"justify\"> AFP, le 9 novembre 2008 \u00e0 07h04 WASHINGTON, 9 nov 2008 (AFP) -Les forces sp\u00e9ciales de l&rsquo;arm\u00e9e am\u00e9ricaine ont men\u00e9 une dizaine d&rsquo;op\u00e9rations secr\u00e8tes contre Al-Qa\u00efda et d&rsquo;autres groupes islamistes au Pakistan, en Syrie, ainsi que dans d&rsquo;autres pays avec l&rsquo;accord de l&rsquo;administration du pr\u00e9sident George W. Bush, rapporte dimanche soir le New York Times sur son site internet.  La directive, class\u00e9e confidentielle, a \u00e9t\u00e9 sign\u00e9e au d\u00e9but de 2004 par Donald Rumsfeld, alors \u00e0 cette \u00e9poque secr\u00e9taire \u00e0 la D\u00e9fense, avec l&rsquo;approbation du pr\u00e9sident Bush, indique le quotidien, citant des officiers sup\u00e9rieurs am\u00e9ricains dont l&rsquo;identit\u00e9 n&rsquo;est pas mentionn\u00e9e. L&rsquo;ordre donnait la permission d&rsquo;attaquer Al-Qa\u00efda et d&rsquo;autres cibles hostiles n&rsquo;importe o\u00f9 dans le monde, y compris dans des pays n&rsquo;\u00e9tant pas en guerre avec les Etats-Unis. Une \u00e9quipe des Seals (forces sp\u00e9ciales de nageurs de combat de l&rsquo;US Navy) a ainsi effectu\u00e9 un raid contre un camp suspect\u00e9 d&rsquo;abriter un militant islamiste dans la r\u00e9gion de Bajaur au Pakistan en 2006, pr\u00e9cise le Times, citant un ancien tr\u00e8s haut responsable de la CIA. Les personnes charg\u00e9es de planifier cette op\u00e9ration ont \u00e9t\u00e9 capables de la suivre \u00ab\u00a0en direct\u00a0\u00bb depuis le si\u00e8ge de la CIA en Virginie gr\u00e2ce \u00e0 un cam\u00e9ra install\u00e9e sur un drone, un Predator, qui avait \u00e9t\u00e9 envoy\u00e9 sur zone, poursuit le journal. Un autre raid a \u00e9t\u00e9 effectu\u00e9 par des forces sp\u00e9ciales am\u00e9ricaines en Syrie le 26 octobre dernier en coop\u00e9ration avec la CIA, poursuit le rapport. Le New York Times rel\u00e8ve qu&rsquo;il n&rsquo;y a pas d&rsquo;informations sur les autres op\u00e9rations secr\u00e8tes, les responsables militaires soulignant, selon la directive de 2004, que l&rsquo;Iran ne figurait pas sur la liste des objectifs. Le journal indique toutefois que les forces am\u00e9ricains ont men\u00e9 des op\u00e9rations de reconnaissance en Iran mais en suivant cette fois-ci d&rsquo;autres directives confidentielles. Au cours de ces quatre derni\u00e8res ann\u00e9es, environ une douzaine d&rsquo;autres op\u00e9rations ont \u00e9t\u00e9 annul\u00e9es, ces derni\u00e8res \u00e9tant jug\u00e9es trop risqu\u00e9es, trop dangereuses diplomatiquement ou manquant suffisamment d&rsquo;\u00e9l\u00e9ments pour qu&rsquo;elles soient men\u00e9es \u00e0 bien, poursuit le quotidien. Avant la directive confidentielle de 2004, le Pentagone avait besoin d&rsquo;obtenir un accord pour des missions sur la base du cas par cas, ce qui pouvait prendre des jours pour obtenir le feu vert \u00e0 de telles op\u00e9rations, rappelle le Times. Toujours selon le Times, Rumsfeld, peu satisfait de cette situation, r\u00e9clama une plus grande souplesse pour que les militaires soient plus libres de leurs d\u00e9cisions, en dehors des zones de combat en Irak et en Afghanistan. La directive 2004 mentionne de 15 \u00e0 20 pays dont la Syrie, le Pakistan, le Y\u00e9men, l&rsquo;Arabie saoudite ainsi que d&rsquo;autres pays du Golfe, o\u00f9 Al-Qa\u00efda \u00e9tait cens\u00e9e op\u00e9rer ou trouver un sanctuaire, ajoute enfin le New York Times. <\/div>\n<div align=\"justify\">\n<hr\/>\n<\/div>\n<div align=\"justify\">\u00a0<\/div>\n<div align=\"center\"><strong><\/p>\n<h2 style=\"color: red;\"><font size=\"3\">Nadia Yassine, une islamiste qui dialogue et d\u00e9range<\/font><\/h2>\n<p><\/strong><\/div>\n<div align=\"justify\"> <font><strong>Par Pierre Haski<\/strong><\/font>  La porte-parole de la mouvance islamistes marocaine \u00ab\u00a0Justice et Spiritualit\u00e9\u00a0\u00bb participait aux Rencontres d\u2019Averro\u00e8s \u00e0 Marseille. Le th\u00e8me de ces Rencontres \u00e9tait cette ann\u00e9e \u00ab\u00a0entre islam et Occident, la M\u00e9diterran\u00e9e?\u00a0\u00bb, une tentative de chercher une voie entre dialogue et tensions entre les deux rives de cette mer qui concentre toutes les crises de notre \u00e9poque. Les Rencontres d\u2019Averro\u00e8s \u2013dont Marseille89, un site de Rue89, est partenaire- en sont \u00e0 leur quinzi\u00e8me \u00e9dition, tentative de \u201cpenser la M\u00e9diterran\u00e9e des deux rives\u201d. Des positions ambigu\u00ebs derri\u00e8re un discours de miel Au milieu d\u2019une liste d\u2019intervenants issus pour la plupart du monde de l\u2019universit\u00e9 et de la recherche, Nadia Yassine \u00e9tait la personnalit\u00e9 \u00ab\u00a0politique\u00a0\u00bb la plus attendue, ne serait-ce que par sa singularit\u00e9 de femme au sein du mouvement fond\u00e9 par son p\u00e8re, Cheikh Abdessalam Yassine, et f\u00e9ministe autoproclam\u00e9e autant qu\u2019islamiste. Et le th\u00e8me de la table ronde \u00e0 laquelle elle participait \u00e9tait sans d\u00e9tour: \u00ab\u00a0entre djihadisme et occidentalisme, nouvel affrontement des blocs ou renaissance m\u00e9diterran\u00e9enne?\u00a0\u00bb Nadia Yassine manie suffisamment bien les concepts pour pr\u00e9senter de mani\u00e8re nuanc\u00e9e sa position originale \u00e0 un public venu tr\u00e8s nombreux. Mais au moment des questions de la salle, pleine \u00e0 craquer, les difficult\u00e9s ont commenc\u00e9.  Un jeune homme marocain a d\u2019abord t\u00e9moign\u00e9 d\u2019avoir \u00e9t\u00e9 \u00ab\u00a0tortur\u00e9\u00a0\u00bb par des partisans de \u00ab\u00a0Justice et Spirituali\u00e9\u00a0\u00bb lors d\u2019un conflit dans une universit\u00e9 marocaine. Puis il a d\u00e9nonc\u00e9 l\u2019opposition de ce mouvement \u00e0 la r\u00e9novation du code de la famille au Maroc, avant de conclure:  \u00ab\u00a0Ce message de miel, je n\u2019y crois plus.\u00a0\u00bb Puis Nadia Yassine a \u00e9t\u00e9 prise \u00e0 partie pour son ambigu\u00eft\u00e9 dans une de ses r\u00e9ponses, alors qu\u2019elle \u00e9tait interrog\u00e9e sur le statut des non-musulmans dans une soci\u00e9t\u00e9 r\u00e9gie par les islamistes. Elle avait affirm\u00e9 qu\u2019il n\u2019y avait pas d\u2019\u00a0\u00bbanti-musulmans\u00a0\u00bb au Maroc, et que la question ne se posait donc pas.  Cette r\u00e9ponse plus qu\u2019ambigu\u00eb a suscit\u00e9 un toll\u00e9 dans la partie de la salle venue -et repartie- avec ses convictions la\u00efques, et pas convaincue par le visage souriant de la porte-parole islamiste, femme \u00e9l\u00e9gante de 50 ans, venue les cheveux couverts d\u2019un foulard de rigueur. La veille, dans un entretien avec Rue89, Nadia Yassine s\u2019\u00e9tait pourtant faite le chantre d\u2019un dialogue entre l\u2019islam et l\u2019Occident, malgr\u00e9 les r\u00e9ticences et les crispations des deux c\u00f4t\u00e9s: (Ecouter le son). Laisser une chance \u00e0 un indispensable dialogue a pourtant \u00e9t\u00e9 un des leitmotiv des trois table-rondes des Rencontres d\u2019Averro\u00e8s, le politologue marocain Mohammed Tozy trouvant des \u00ab\u00a0raisons d\u2019esp\u00e9rer\u00a0\u00bb dans la crise financi\u00e8re qui permet selon lui d\u2019envisager \u00ab\u00a0une renaissance de la pens\u00e9e\u00a0\u00bb. Ou encore dans la formule du penseur alg\u00e9rien Moustapha Ch\u00e9rif, qui vient de participer au dialogue islamo-chr\u00e9tien au Vatican, et qui a lanc\u00e9:  \u00ab\u00a0Je pr\u00e9f\u00e8re un incroyant ouvert \u00e0 un croyant ferm\u00e9\u2026\u00a0\u00bb Nadia Yassine, pour sa part, se trouve dans une position diff\u00e9rente, porte-parole d\u2019un mouvement profond\u00e9ment enracin\u00e9 dans la soci\u00e9t\u00e9 marocaine, mais plac\u00e9 dans une position inconfortable: \u00e0 l&rsquo;\u00e9cart du champs politique car il refuse le jeu du Palais qui contr\u00f4le tout, et refusant aussi le recours \u00e0 la violence d\u2019une frange islamiste radicalis\u00e9e. Dialoguer avec l\u2019Occident, une strat\u00e9gie de contournement du pouvoir marocain Son dialogue avec l\u2019Occident est aussi une strat\u00e9gie de contournement du pouvoir marocain qu\u2019elle d\u00e9nonce ouvertement. Nadia Yassine est toujours sous le coup de poursuites judiciaires pour avoir souhait\u00e9 le remplacement de la monarchie par la R\u00e9publique, et son mouvement refuse de participer aux \u00e9lections marocaines qu\u2019elle juge fauss\u00e9es: (Ecouter le son). Mais, dans le m\u00eame temps, \u00e0 l\u2019\u00e9couter, les islamistes mod\u00e9r\u00e9s qu\u2019elle dit incarner sont devenus, malgr\u00e9 eux, le rempart du pouvoir marocain face \u00e0 une frustration sociale consid\u00e9rable. Une situation \u00e9trange sur laquelle elle s\u2019exprime sans fard: (Ecouter le son). Par son refus de la violence qui a frapp\u00e9 plusieurs fois le Maroc ces derni\u00e8res ann\u00e9es, mais aussi par la pertinence de ses critiques vis-\u00e0-vis d\u2019un syst\u00e8me monarchique marocain qui n\u2019arrive pas \u00e0 se moderniser malgr\u00e9 les promesses de Mohammed VI \u00e0 son arriv\u00e9e sur le tr\u00f4ne voici bient\u00f4t dix ans, Nadia Yassine pr\u00e9sente assur\u00e9ment le visage rassurant d\u2019un courant politique qui l\u2019est moins.  Elle incarne \u00ab\u00a0une islamiste \u201cfr\u00e9quentable\u201d\u00a0\u00bb, pour reprendre la formule de Nicolas Beau et Catherine Graciet dans leur livre \u00ab\u00a0Quand le Maroc sera islamiste\u00a0\u00bb (La D\u00e9couverte, 2007), mais aussi, selon eux, \u00ab\u00a0une islamiste pure et dure\u00a0\u00bb. Pourquoi n\u2019est-elle pas parvenue \u00e0 convaincre, ou au moins \u00e0 s\u00e9duire, le public marseillais averti des Rencontres d\u2019Averro\u00e8s? Sans doute parce que le d\u00e9bat la\u00efcit\u00e9\/islam s\u2019est exacerb\u00e9 en France m\u00eame, et que les positions de d\u00e9part sont intransigeantes.  Mais les optimistes retiendront que dans cette confrontation d\u2019id\u00e9es, les deux rives de la M\u00e9diterran\u00e9e apprennent aussi \u00e0 mieux se conna\u00eetre telles qu\u2019elles sont, et c&rsquo;est tout le but de ces indispensables Rencontres d\u2019Averro\u00e8s.  <strong><font>(Source : le site \u00ab Rue89 \u00bb (France), le 9 novembre 2008) Lien : http:\/\/www.rue89.com\/marseille\/2008\/11\/09\/nadia-yassine-une-islamiste-qui-dialogue-et-derange<\/font><\/strong><\/div>\n<p><\/font><\/div>\n<p align=\"center\" dir=\"ltr\">\u00a0<\/p>\n<p align=\"center\" dir=\"ltr\">\n<h2 style=\"color: red;\"><font face=\"Arial\" size=\"2\"><strong><b><a href=\"http:\/\/www.tunisnews.net\/\"><font face=\"Arial\"><span><font size=\"2\">Home<\/font><\/span><font size=\"2\"><span lang=\"FR-CH\"> &#8211; Accueil <\/span><span>&#8211; <\/span><\/font><\/font><span dir=\"rtl\" lang=\"AR-SA\"><font size=\"2\">\u0627\u0644\u0631\u0626\u064a\u0633\u064a\u0629<\/font><\/span><\/a><\/b><\/strong><\/font><\/h2>\n<\/p>\n<p><\/body><\/body><\/html><\/p>\n","protected":false},"excerpt":{"rendered":"<p>Home &#8211; Accueil TUNISNEWS 8\u00a0\u00e8me ann\u00e9e, N\u00b0\u00a03093 du 10.11.2008 \u00a0archives : www.tunisnews.net\u00a0\u00a0 \u00a0 La FIDH, l\u2019OMCT et le REMDH appellent l\u2019Union europ\u00e9enne \u00e0 prendre les mesures n\u00e9cessaires pour faire cesser une situation de non-droit en Tunisie Rachida Fareh : Appel au president de la Repulique\u00a0 Abdelwahab Hani: Agression du journaliste M. Hamrouni et si\u00e8ge du [&hellip;]<\/p>\n","protected":false},"author":1,"featured_media":22040,"comment_status":"open","ping_status":"open","sticky":false,"template":"","format":"standard","meta":{"inline_featured_image":false,"site-sidebar-layout":"default","site-content-layout":"","ast-site-content-layout":"default","site-content-style":"default","site-sidebar-style":"default","ast-global-header-display":"","ast-banner-title-visibility":"","ast-main-header-display":"","ast-hfb-above-header-display":"","ast-hfb-below-header-display":"","ast-hfb-mobile-header-display":"","site-post-title":"","ast-breadcrumbs-content":"","ast-featured-img":"","footer-sml-layout":"","ast-disable-related-posts":"","theme-transparent-header-meta":"","adv-header-id-meta":"","stick-header-meta":"","header-above-stick-meta":"","header-main-stick-meta":"","header-below-stick-meta":"","astra-migrate-meta-layouts":"default","ast-page-background-enabled":"default","ast-page-background-meta":{"desktop":{"background-color":"","background-image":"","background-repeat":"repeat","background-position":"center center","background-size":"auto","background-attachment":"scroll","background-type":"","background-media":"","overlay-type":"","overlay-color":"","overlay-opacity":"","overlay-gradient":""},"tablet":{"background-color":"","background-image":"","background-repeat":"repeat","background-position":"center center","background-size":"auto","background-attachment":"scroll","background-type":"","background-media":"","overlay-type":"","overlay-color":"","overlay-opacity":"","overlay-gradient":""},"mobile":{"background-color":"","background-image":"","background-repeat":"repeat","background-position":"center center","background-size":"auto","background-attachment":"scroll","background-type":"","background-media":"","overlay-type":"","overlay-color":"","overlay-opacity":"","overlay-gradient":""}},"ast-content-background-meta":{"desktop":{"background-color":"var(--ast-global-color-5)","background-image":"","background-repeat":"repeat","background-position":"center center","background-size":"auto","background-attachment":"scroll","background-type":"","background-media":"","overlay-type":"","overlay-color":"","overlay-opacity":"","overlay-gradient":""},"tablet":{"background-color":"var(--ast-global-color-5)","background-image":"","background-repeat":"repeat","background-position":"center center","background-size":"auto","background-attachment":"scroll","background-type":"","background-media":"","overlay-type":"","overlay-color":"","overlay-opacity":"","overlay-gradient":""},"mobile":{"background-color":"var(--ast-global-color-5)","background-image":"","background-repeat":"repeat","background-position":"center center","background-size":"auto","background-attachment":"scroll","background-type":"","background-media":"","overlay-type":"","overlay-color":"","overlay-opacity":"","overlay-gradient":""}},"footnotes":""},"categories":[],"tags":[63,39,29],"class_list":["post-16919","post","type-post","status-publish","format-standard","has-post-thumbnail","hentry","tag-63","tag-39","tag-fr"],"_links":{"self":[{"href":"https:\/\/tunisnews.net\/ar\/wp-json\/wp\/v2\/posts\/16919","targetHints":{"allow":["GET"]}}],"collection":[{"href":"https:\/\/tunisnews.net\/ar\/wp-json\/wp\/v2\/posts"}],"about":[{"href":"https:\/\/tunisnews.net\/ar\/wp-json\/wp\/v2\/types\/post"}],"author":[{"embeddable":true,"href":"https:\/\/tunisnews.net\/ar\/wp-json\/wp\/v2\/users\/1"}],"replies":[{"embeddable":true,"href":"https:\/\/tunisnews.net\/ar\/wp-json\/wp\/v2\/comments?post=16919"}],"version-history":[{"count":0,"href":"https:\/\/tunisnews.net\/ar\/wp-json\/wp\/v2\/posts\/16919\/revisions"}],"wp:featuredmedia":[{"embeddable":true,"href":"https:\/\/tunisnews.net\/ar\/wp-json\/wp\/v2\/media\/22040"}],"wp:attachment":[{"href":"https:\/\/tunisnews.net\/ar\/wp-json\/wp\/v2\/media?parent=16919"}],"wp:term":[{"taxonomy":"category","embeddable":true,"href":"https:\/\/tunisnews.net\/ar\/wp-json\/wp\/v2\/categories?post=16919"},{"taxonomy":"post_tag","embeddable":true,"href":"https:\/\/tunisnews.net\/ar\/wp-json\/wp\/v2\/tags?post=16919"}],"curies":[{"name":"wp","href":"https:\/\/api.w.org\/{rel}","templated":true}]}}