{"id":16889,"date":"2011-06-13T00:00:00","date_gmt":"2011-06-13T00:00:00","guid":{"rendered":"https:\/\/tunisnews.net\/13-juin-2011\/"},"modified":"2011-06-13T00:00:00","modified_gmt":"2011-06-13T00:00:00","slug":"13-juin-2011","status":"publish","type":"post","link":"https:\/\/tunisnews.net\/ar\/13-juin-2011\/","title":{"rendered":"13 juin 2011"},"content":{"rendered":"<p><html><head><meta content=\"text\/html\" description=\"TUNIS - Des douaniers tunisiens, r\u00e9clamant \n\t\tle d\u00e9part de leur directeur g\u00e9n\u00e9ral, ont entam\u00e9 lundi un mouvement de \n\t\tgr\u00e8ve d\u00e9nonc\u00e9 comme ill\u00e9gal et pr\u00e9judiciable \u00e0 l'\u00e9conomie du pays par le \n\t\tminist\u00e8re des finances.\" http-equiv=\"Content-Type\"\/><\/head><body><body><\/p>\n<div>\n<div align=\"center\" dir=\"ltr\"><font face=\"Bookman Old Style\" size=\"7\"><strong>TUNISNEWS <\/strong><\/font><\/div>\n<div align=\"center\" dir=\"ltr\"><strong><font face=\"Arial\" size=\"2\">11 \u00e8me ann\u00e9e, N\u00b04038 du 13.06.2011<\/font><\/strong><\/div>\n<div align=\"center\" dir=\"ltr\"><font face=\"Arial\" size=\"2\"><strong>archives : <\/strong><\/font><a target=\"_blank\" rel=\"noopener\"><font face=\"Arial\" size=\"2\"><strong>www.tunisnews.net<\/strong><\/font><\/a><span lang=\"FR\"><strong><font face=\"Arial\" size=\"2\"><\/font><\/strong><font><\/font><\/span><\/div>\n<div><font face=\"Arial\" size=\"2\"><\/p>\n<hr\/>\n<p><\/font><\/div>\n<div>\n<h2 style=\"color: red;\"><font face=\"Arial\" size=\"2\"><strong>AFP: Tunisie: gr\u00e8ve des douaniers, d\u00e9nonc\u00e9e par le minist\u00e8re des finances<\/strong><\/font><\/h2>\n<\/div>\n<div><font face=\"Arial\" size=\"2\"><strong>AFP: Tunisie : le budget pour 2011 augment\u00e9 de 11%<\/strong><\/font><\/div>\n<div>\n<p><font face=\"Arial\" size=\"2\"><strong>AP: Abdelaziz J\u00e9ridi condamn\u00e9 \u00e0 quatre mois de prison ferme et une amende de 10.000 dinars tunisiens<\/strong><\/font><\/p>\n<\/div>\n<div><font face=\"Arial\" size=\"2\"><strong>Reuters: Tunisians demand release of jailed police critic<\/strong><\/font><\/div>\n<div>\n<h2 style=\"color: red;\"><font face=\"Arial\" size=\"2\"><strong>SIGMA &#8211; Barom\u00e8tre politique juin 2011<\/strong><\/font><\/h2>\n<\/div>\n<div><font face=\"Arial\" size=\"2\"><strong>Mouwaten Kareem: Col\u00e8res Citoyennes &#8211; Votons, enfants de la patrie\u2026<\/strong><\/font><\/div>\n<div>\n<h2 style=\"color: red;\"><font face=\"Arial\" size=\"2\"><strong>Le Temps D algerie: Rached Ghannouchi \u00abDes r\u00e9sidus du r\u00e9gime Ben Ali veulent nous d\u00e9stabiliser\u00bb<\/strong><\/font><\/h2>\n<\/div>\n<div>\n<h2 style=\"color: red;\"><font face=\"Arial\" size=\"2\"><strong><font>WMC: Tunisie: Quand B\u00e9ji Ca\u00efd Essebsi fait de la p\u00e9dagogie!<\/font> <\/strong><\/font><\/h2>\n<\/div>\n<div>\n<h2 style=\"color: red;\"><font face=\"Arial\" size=\"2\"><strong>WMC: Tunisiens&#8230;Ne nous divisons pas<\/strong><\/font><\/h2>\n<\/div>\n<div><font face=\"Arial\" size=\"2\"><strong>Kapitalis: Tunisie. Le tourisme baln\u00e9aire a besoin d\u2019un second souffle<\/strong><\/font><\/div>\n<div>\n<h2 style=\"color: red;\"><font face=\"Arial\" size=\"2\"><strong>Le Monde: Tunisie : pour fleurir, la d\u00e9mocratie a besoin d&rsquo;un cadre \u00e9conomique et social apais\u00e9<\/strong><\/font><\/h2>\n<\/div>\n<div><font face=\"Arial\" size=\"2\"><strong>Tekiano: Google ne compte pas s\u2019implanter en Tunisie<\/strong><\/font><\/div>\n<div>\n<h2 style=\"color: red;\"><font face=\"Arial\" size=\"2\"><strong>Donne Ton Avis: Maroc: Les jeunes du 20 f\u00e9vrier sur les traces des tunisiens ?<\/strong><\/font><\/h2>\n<\/div>\n<div><font face=\"Arial\" size=\"2\"><strong>Le Monde: Le roi de Jordanie promet d&rsquo;acc\u00e9l\u00e9rer les r\u00e9formes d\u00e9mocratiques<\/strong><\/font><\/div>\n<div>\n<h2 style=\"color: red;\"><font face=\"Arial\" size=\"2\"><strong>AFP: Le Premier ministre turc Erdogan devra n\u00e9gocier avec l&rsquo;opposition<\/strong><\/font><\/h2>\n<\/div>\n<div><font face=\"Arial\" size=\"2\"><strong>AFP: Sarkozy \u00ab\u00a0pas homme d&rsquo;Etat\u00a0\u00bb (PS)<\/strong><\/font><\/div>\n<p><font face=\"Arial\" size=\"2\"><\/p>\n<hr\/>\n<p><\/font><\/p>\n<div align=\"center\"><font face=\"Arial\" size=\"2\"><\/p>\n<h2 style=\"color: red;\"><font size=\"3\"><strong>Tunisie: gr\u00e8ve des douaniers, d\u00e9nonc\u00e9e par le minist\u00e8re des finances<\/strong><\/font><\/h2>\n<p><\/font><\/div>\n<div align=\"center\">\n<hr\/>\n<\/div>\n<div align=\"justify\">\u00a0<\/div>\n<div align=\"justify\"><font face=\"Arial\" size=\"2\">AFP \/ 13 juin 2011 13h44<\/font><\/div>\n<div align=\"justify\"><font face=\"Arial\" size=\"2\">TUNIS &#8211; Des douaniers tunisiens, r\u00e9clamant le d\u00e9part de leur directeur g\u00e9n\u00e9ral, ont entam\u00e9 lundi un mouvement de gr\u00e8ve d\u00e9nonc\u00e9 comme ill\u00e9gal et pr\u00e9judiciable \u00e0 l&rsquo;\u00e9conomie du pays par le minist\u00e8re des finances.<\/font><\/div>\n<div align=\"justify\">\u00a0<\/div>\n<div align=\"justify\"><font face=\"Arial\" size=\"2\">La gr\u00e8ve est suivie \u00e0 80% dans toutes les r\u00e9gions, avec des r\u00e9sistances dans certains postes frontaliers, a affirm\u00e9 \u00e0 l&rsquo;AFP Chokri Ktifi, secr\u00e9taire g\u00e9n\u00e9ral du syndicat des agents de la douane, qui n&rsquo;a pas encore \u00e9t\u00e9 l\u00e9galement constitu\u00e9.<\/font><\/div>\n<div align=\"justify\">\u00a0<\/div>\n<div align=\"justify\"><font face=\"Arial\" size=\"2\">Le Directeur g\u00e9n\u00e9ral des douanes, Tahar Htira, a pour sa part d\u00e9clar\u00e9 que le mouvement se limitait \u00e0 un simple d\u00e9brayage au port de Tunis-Rad\u00e8s. Il a pr\u00e9cis\u00e9 \u00eatre en contact avec les responsables r\u00e9gionaux pour mesurer l&rsquo;ampleur de la mobilisation.<\/font><\/div>\n<div align=\"justify\">\u00a0<\/div>\n<div align=\"justify\"><font face=\"Arial\" size=\"2\">Le mouvement avait \u00e9t\u00e9 annonc\u00e9 \u00e0 la fin de la semaine derni\u00e8re pour r\u00e9clamer la d\u00e9mission M. Htira, en affirmant que des actes de corruption avaient \u00e9t\u00e9 commis pendant son mandat.<\/font><\/div>\n<div align=\"justify\">\u00a0<\/div>\n<div align=\"justify\"><font face=\"Arial\" size=\"2\">M. Htira a assur\u00e9 \u00e0 l&rsquo;AFP n&rsquo;avoir rien \u00e0 se reprocher et a soulign\u00e9 que le syndicat n&rsquo;avait pas d&rsquo;existence l\u00e9gale pour l&rsquo;instant.<\/font><\/div>\n<div align=\"justify\">\u00a0<\/div>\n<div align=\"justify\"><font face=\"Arial\" size=\"2\">Dans un communiqu\u00e9 publi\u00e9 dimanche soir, le minist\u00e8re des finances a soulign\u00e9 que la gr\u00e8ve \u00e9tait ill\u00e9gale et de nature \u00e0 porter pr\u00e9judice \u00e0 l&rsquo;\u00e9conomie du pays.<\/font><\/div>\n<div align=\"justify\">\u00a0<\/div>\n<div align=\"justify\"><font face=\"Arial\" size=\"2\">Les douaniers n&rsquo;avaient pas droit \u00e0 une repr\u00e9sentation syndicale sous le r\u00e9gime du pr\u00e9sident Ben Ali, chass\u00e9 du pouvoir par la r\u00e9volution tunisienne.<\/font><\/div>\n<div align=\"justify\">\u00a0<\/div>\n<div align=\"justify\"><font face=\"Arial\" size=\"2\">Une assembl\u00e9e constituante du syndicat des agents de la douane s&rsquo;est tenue fin avril, mais un projet de d\u00e9cret r\u00e9glementant le droit de gr\u00e8ve n&rsquo;a pas encore \u00e9t\u00e9 promulgu\u00e9.<\/font><\/div>\n<div align=\"justify\">\u00a0<\/div>\n<div align=\"justify\"><font face=\"Arial\" size=\"2\">Le minist\u00e8re a appel\u00e9 les douaniers \u00e0 ne pas r\u00e9pondre \u00e0 l&rsquo;appel et \u00e0 faire preuve de responsabilit\u00e9 dans la p\u00e9riode d\u00e9licate que traverse le pays.<\/font><\/div>\n<div align=\"justify\">\u00a0<\/div>\n<div align=\"justify\"><font face=\"Arial\" size=\"2\">M. Ktifi a affirm\u00e9 que son mouvement tirait sa l\u00e9gitimit\u00e9 des 3.000 agents des douanes inscrits au syndicats sur 6.355 au total, un chiffre contest\u00e9 par le directeur des douanes.<\/font><\/div>\n<div align=\"justify\">\u00a0<\/div>\n<div align=\"justify\"><font face=\"Arial\" size=\"2\">Tahar Htira, avait \u00e9t\u00e9 nomm\u00e9 en janvier par le premier gouvernement de transition pr\u00e9sid\u00e9 par l&rsquo;ex-premier ministre de Ben Ali, Mohamed Ghannouchi, quelques jours apr\u00e8s la fuite, le 14 janvier 2011, de l&rsquo;ex-pr\u00e9sident Zine El Abidine Ben Ali en Arabie Saoudite.<\/font><\/div>\n<div align=\"justify\">\u00a0<\/div>\n<div align=\"justify\"><font face=\"Arial\" size=\"2\">La semaine derni\u00e8re, le Premier ministre de transition B\u00e9ji Ca\u00efd Essebsi avait jug\u00e9 imp\u00e9rieusement n\u00e9cessaire de rompre d\u00e9finitivement avec toutes les formes de gr\u00e8ves et de protestations en pr\u00e9vision des \u00e9lections qui doivent avoir lieu le 23 octobre prochain pour d\u00e9signer une assembl\u00e9e constituante.<\/font><\/div>\n<p><font face=\"Arial\" size=\"2\"><\/p>\n<hr\/>\n<p><\/font><\/p>\n<div align=\"center\">\n<h2 style=\"color: red;\"><font face=\"Arial\"><strong>Tunisie : le budget pour 2011 augment\u00e9 de 11%<\/strong><\/font><\/h2>\n<\/div>\n<div align=\"center\">\n<hr\/>\n<\/div>\n<div><font face=\"Arial\" size=\"2\">AFP 13\/06 | 19:33 <\/font><\/div>\n<div><font face=\"Arial\" size=\"2\">Le budget de l&rsquo;Etat tunisien pour l&rsquo;exercice 2011 a \u00e9t\u00e9 augment\u00e9 de 11% soit 2.138 millions de dinars (1,082 milliard d&rsquo;euros) par rapport au budget \u00e9tabli par le r\u00e9gime de l&rsquo;ex-pr\u00e9sident Ben Ali en d\u00e9cembre 2010, a indiqu\u00e9 lundi l&rsquo;agence officielle TAP.<\/font><\/div>\n<div><font face=\"Arial\" size=\"2\">Le projet de loi de finance compl\u00e9mentaire, soumis au conseil des ministres le 7 juin 2011, donne les moyens financiers \u00e0 l&rsquo;Etat pour r\u00e9pondre aux engagements et aux d\u00e9penses exceptionnelles d\u00e9cid\u00e9es apr\u00e8s la r\u00e9volution du 14 janvier.<\/font><\/div>\n<div><font face=\"Arial\" size=\"2\">Le budget total pour l&rsquo;ann\u00e9e en cours a \u00e9t\u00e9 fix\u00e9 \u00e0 21.330 millions de dinars (10.8 milliards d&rsquo;euros). <\/font><\/div>\n<div><font face=\"Arial\" size=\"2\">Ce budget est en augmentation de 11% par rapport \u00e0 la loi de finance initialement adopt\u00e9e en d\u00e9cembre 2010 pr\u00e9voyant 19.192 MD, soit 9,7 milliards d&rsquo;euros.<\/font><\/div>\n<div><font face=\"Arial\" size=\"2\">70% des ressources du budget g\u00e9n\u00e9ral de l&rsquo;Etat pour 2011, proviennent des ressources propres (14.961 milliards de dinars soit 7,08 milliards d&rsquo;euros).<\/font><\/div>\n<div><font face=\"Arial\" size=\"2\">L&#8217;emprunt int\u00e9rieur et ext\u00e9rieur (24%) fournira 5.152 milliards de dinars soit 2,6 milliards d&rsquo;euros. Les ressources des fonds sp\u00e9ciaux du Tr\u00e9sor sont \u00e9valu\u00e9es \u00e0 1.217 MD, soit 608 millions d&rsquo;euros, l&rsquo;\u00e9quivalent de 6% du budget.<\/font><\/div>\n<div><font face=\"Arial\" size=\"2\">Le taux d&rsquo;endettement ext\u00e9rieur est \u00e9valu\u00e9 \u00e0 43% du produit int\u00e9rieur brut. La Tunisie compte 700.000 ch\u00f4meurs et 24,7% des Tunisiens vivent avec moins de deux dollars par jours.<\/font><\/div>\n<div><font face=\"Arial\" size=\"2\">Apr\u00e8s 23 ans de pouvoir sans partage, Zine el Abidine Ben Ali a fui la Tunisie le 14 janvier pour l&rsquo;Arabie Saoudite, sous la pression d&rsquo;un puissant soul\u00e8vement populaire.<\/font><\/div>\n<p><font face=\"Arial\" size=\"2\"><\/p>\n<hr\/>\n<p><\/font><\/p>\n<div align=\"center\"><font face=\"Arial\" size=\"4\">Tunisie<\/font> <\/p>\n<hr\/>\n<\/div>\n<div><font face=\"Arial\" size=\"2\">De The Associated Press \u2013 il y a 1 heure<\/font><\/div>\n<div><font face=\"Arial\" size=\"2\">TUNISIA, Tunisia \u2014 Le tribunal de premi\u00e8re instance de Tunis a condamn\u00e9 lundi le directeur de deux journaux, Abdelaziz J\u00e9ridi, \u00e0 quatre mois de prison ferme et une amende de 10.000 dinars tunisiens (pr\u00e8s de 6.000 euros) pour diffamation envers un journaliste, a-t-on appris aupr\u00e8s de l&rsquo;avocat du plaignant Chawki Tabib.<\/font><\/div>\n<div><font face=\"Arial\" size=\"2\">La plainte a \u00e9t\u00e9 d\u00e9pos\u00e9e par le journaliste tunisien Mohamed Krich\u00e8ne de la cha\u00eene qatarie Al-Jazira \u00e0 la suite de plusieurs articles jug\u00e9s \u00ab\u00a0diffamatoires\u00a0\u00bb publi\u00e9s sous le r\u00e9gime Ben Ali dans les hebdomadaires \u00ab\u00a0Kol Ennass\u00a0\u00bb (Tous les gens) et \u00ab\u00a0Al Hadath\u00a0\u00bb (L&rsquo;Ev\u00e9nement). Le dernier en date \u00e9tait paru le 1er janvier dernier \u00e0 deux semaines de la fuite du pr\u00e9sident d\u00e9chu.<\/font><\/div>\n<div><font face=\"Arial\" size=\"2\">Dans ces \u00e9crits, dont plusieurs portaient la signature du patron de presse, le journaliste \u00e9tait trait\u00e9 tant\u00f4t de \u00ab\u00a0tra\u00eetre\u00a0\u00bb tant\u00f4t \u00ab\u00a0d&rsquo;agent des islamistes\u00a0\u00bb.<\/font><\/div>\n<div><font face=\"Arial\" size=\"2\">Le pr\u00e9venu menait une campagne de d\u00e9nigrement \u00e9galement contre les d\u00e9fenseurs des droits de l&rsquo;Homme et les opposants. Apr\u00e8s la chute du r\u00e9gime de Zine el Abidine ben Ali, il avait fait son mea culpa sur le plateau d&rsquo;une cha\u00eene de t\u00e9l\u00e9vision priv\u00e9e, avan\u00e7ant que les articles incrimin\u00e9s lui parvenaient directement du minist\u00e8re de l&rsquo;Int\u00e9rieur.<\/font><\/div>\n<div><font face=\"Arial\" size=\"2\">Le plaignant s&rsquo;est d\u00e9clar\u00e9 \u00ab\u00a0satisfait\u00a0\u00bb de ce jugement qu&rsquo;il consid\u00e8re comme \u00ab\u00a0un signe positif quant au recouvrement par la justice de son int\u00e9grit\u00e9\u00a0\u00bb. \u00ab\u00a0C&rsquo;est aussi un message rassurant qui signifie que nul ne pourra d\u00e9sormais b\u00e9n\u00e9ficier de l&rsquo;impunit\u00e9 en cas d&rsquo;atteinte \u00e0 l&rsquo;\u00e9thique de la profession journalistique\u00a0\u00bb, a-t-il dit l&rsquo;Associated Press.<\/font><\/div>\n<div><font face=\"Arial\" size=\"2\">L&rsquo;accus\u00e9 pourra interjeter appel, selon Me Tabib. AP<\/font><\/div>\n<p><font face=\"Arial\" size=\"2\"><\/p>\n<hr\/>\n<p><\/font><\/p>\n<div align=\"center\">\u00a0<\/div>\n<div align=\"center\"><font face=\"Arial\" size=\"2\"><strong><\/p>\n<h3 style=\"color: blue;\"><font size=\"3\">Tunisians demand release of jailed police critic<\/font><\/h3>\n<p><\/strong><\/font><\/div>\n<div>\n<hr\/>\n<p> <strong><font face=\"Arial\">TUNIS (Reuters) &#8211; <\/font><\/strong><\/div>\n<div>\u00a0<\/div>\n<div><font face=\"Arial\">About 150 people protested in the centre of the Tunisian capital on Sunday, demanding the release of Samir Feriani, a police employee who was jailed after he publicly criticised the Interior Ministry.<\/font><\/div>\n<div> <font face=\"Arial\">The protesters, who gathered outside the Interior Ministry headquarters, waved portraits of Feriani and chanted: \u00ab\u00a0We are all Samir Feriani!\u00a0\u00bb and \u00ab\u00a0Freedom for Samir!\u00a0\u00bb.<\/font><\/div>\n<div> <font face=\"Arial\">Tunisia overthrew its autocratic President Zine al-Abidine Ben Ali in a popular uprising in January that provided the inspiration for revolts elsewhere in the Arab world.<\/font><\/div>\n<div> <font face=\"Arial\">The caretaker government which took over from Ben Ali promised to allow free speech after decades of repressive rule, and Tunisians react angrily to any sign the authorities are back-tracking on that commitment.<\/font><\/div>\n<div> <font face=\"Arial\">Police detained Feriani, a senior civilian manager in the police force, last month after he criticised Interior Ministry recruitment policy in letters to a newspaper. The charges against him include revealing restricted information.<\/font><\/div>\n<div> <font face=\"Arial\">New York-based campaign group Human Rights Watch said in a statement Feriani should be freed and charges relating to his criticisms should be dropped.<\/font><\/div>\n<div> <font face=\"Arial\">\u00ab\u00a0At a time when many Tunisians believe that the officials who terrorized people under Ben Ali remain strong within the security establishment, the provisional government should be encouraging whistle-blowers, not using the ousted government&rsquo;s discredited laws to imprison them,\u00a0\u00bb said Human Rights Watch.<\/font><\/div>\n<div> <font face=\"Arial\"><font>Police deployed in large numbers to monitor the protest but there were no incidents.<\/font><font> \u00a0<\/font><\/font><\/div>\n<p><font face=\"Arial\" size=\"2\"><\/p>\n<hr\/>\n<p><\/font><\/p>\n<div align=\"center\">\u00a0<\/div>\n<div align=\"center\"><b><span><font face=\"Arial\" size=\"2\">COMMUNIQUE DE PRESSE<\/font><\/span><\/b><\/div>\n<div dir=\"ltr\">\n<div lang=\"FR\">\n<p align=\"center\"><b><span><font face=\"Arial\" size=\"2\">Barom\u00e8tre politique juin 2011 <font>par SIGMA<\/font><\/font><\/span><\/b><\/p>\n<p><b><span><\/p>\n<p><font face=\"Arial\" size=\"2\">Pr\u00e9sent\u00e9 Samedi 11 juin 2011 \u00e0 la Conf\u00e9rence organis\u00e9e par l\u2019association Nou-R (Nouvelle R\u00e9publique) \u00e0 l\u2019h\u00f4tel Diplomat \u00e0 Tunis.<\/font><\/p>\n<p><\/span><\/b><\/p>\n<p><b><span><\/p>\n<hr\/>\n<p><\/span><\/b><\/p>\n<p>\u00a0<\/p>\n<p align=\"justify\"><font face=\"Arial\" size=\"2\"><span>Le barom\u00e8tre politique SIGMA du mois de juin 2011, pr\u00e9sent\u00e9 ce samedi lors des travaux de l\u2019association Nou-R, a port\u00e9 sur le climat politique en Tunisie ainsi qu&rsquo;aux intentions de vote des tunisiens de leur repr\u00e9sentants \u00e0 l&rsquo;assembl\u00e9e constituante (partis politiques) pr\u00e9vue le 23 octobre 2011.<\/span><\/font><\/p>\n<p align=\"justify\"><span><font face=\"Arial\" size=\"2\">L\u2019enqu\u00eate a \u00e9t\u00e9 r\u00e9alis\u00e9e du 8 au 10 juin 2011, aupr\u00e8s d\u2019un \u00e9chantillon de 1014 individus de 18 ans et plus choisis de mani\u00e8re \u00e0 repr\u00e9senter les quotas d\u00e9mographiques par gouvernorats, par tranches d\u2019\u00e2ge, par cat\u00e9gories socioprofessionnelles et par sexe selon les donn\u00e9es de l\u2019INS les plus r\u00e9centes (2010). L\u2019erreur d\u2019\u00e9chantillonnage maximale (quand les ph\u00e9nom\u00e8nes mesur\u00e9s sont proches de 50%) est de l\u2019ordre de +ou-3%. Le mode d\u2019administration des questions est t\u00e9l\u00e9phonique \u00e0 travers le call center SIGMA avec la m\u00e9thode CATI (Computer Assisted Telephonical Interviewing).<\/font><\/span><\/p>\n<p align=\"justify\"><font face=\"Arial\" size=\"2\"><i><span>Pour bien lire les r\u00e9sultats de ce sondage, les statistiques obtenus refl\u00e8tent l\u2019opinion du tunisien moyen en \u00e2ge de voter, ce tunisien moyen n\u2019existe pas. Chaque lecteur de ce document per\u00e7oit l\u2019environnement politique \u00e0 travers son point de vue, qui peut se confondre avec une partie de la population tunisienne mais forc\u00e9ment pas avec l\u2019ensemble. Avec cette r\u00e9serve d\u2019usage, la lecture de ces r\u00e9sultats statistiques se trouve plus ais\u00e9e voire plus apais\u00e9e.<\/span><\/i><\/font><\/p>\n<p align=\"justify\"><font face=\"Arial\" size=\"2\"><span>Il ressort dans la premi\u00e8re partie de ce sondage que seulement 47% ont suivi le discours de M. B\u00e9ji Ca\u00efd Essebsi prononc\u00e9 mercredi dernier au Palais des Congr\u00e8s \u00e0 Tunis, dont 75% l\u2019ont trouv\u00e9 convainquant. 52,5% des tunisiens interrog\u00e9s consid\u00e8rent que la date des \u00e9lections du 23 octobre 2011 est convenable.<\/span><\/font><\/p>\n<p align=\"justify\"><font face=\"Arial\" size=\"2\"><span>Par ailleurs, 76,4% des tunisiens se consid\u00e8rent optimistes quant au sort de la Tunisie et ils sont 73,3% qui pensent que la Tunisie va vers le progr\u00e8s contre tout de m\u00eame 19,7% qui la voient aller vers le chaos.<\/span><\/font><\/p>\n<p align=\"justify\"><font face=\"Arial\" size=\"2\"><span>Cinq propositions ont \u00e9t\u00e9 pr\u00e9sent\u00e9es aux interview\u00e9s portant sur la source potentielle de leur peur pour l\u2019avenir de la Tunisie, ils \u00e9taient 29,5% \u00e0 choisir le chaos politique, 29,5%3 une crise \u00e9conomique durable, 15% le terrorisme, 11,9% le retour de la dictature et 10,4% les conflits tribaux.<\/span><\/font><\/p>\n<p align=\"justify\"><font face=\"Arial\" size=\"2\"><span>Questionn\u00e9s sur les mesures prioritaires qu\u2019un gouvernement \u00e9lu devrait entreprendre, il ressort essentiellement les 5 actions suivantes (dans l\u2019ordre de priorit\u00e9) : Mesures pour assurer la s\u00e9curit\u00e9 dans les rues, diminuer le ch\u00f4mage et la cr\u00e9ation d\u2019emplois stables, assurer l\u2019existence de structures de sant\u00e9 de proximit\u00e9, des mesures contre la corruption et l\u2019am\u00e9lioration du niveau de la formation dans les \u00e9coles, les lyc\u00e9es et les universit\u00e9s. Les mesures relatives \u00e0 la qualit\u00e9 environnementale ou l\u2019acc\u00e8s aux loisirs, \u2026 s\u2019av\u00e8rent subalternes pour une majorit\u00e9 des tunisiens en tant que mesures gouvernementales prioritaires.<\/span><\/font><\/p>\n<p align=\"justify\"><font face=\"Arial\" size=\"2\"><span>A la question sur les personnalit\u00e9s politiques pr\u00e9sentes actuellement sur la sc\u00e8ne politique et auxquelles le tunisiens fait confiance, les r\u00e9sultats ont \u00e9t\u00e9 les suivants (dans l\u2019ordre) : 36,2% ne font confiance \u00e0 personnes, 23,5% n\u2019ont pas su r\u00e9pondre, ensuite viennent MM. B\u00e9ji Ca\u00efd Essebsi 22% (1% repr\u00e9sente environ 72 000 individus), Rached Ghannouchi 8,7%, Ahmed N\u00e9jib Chebbi 5,7%, Moncef Marzouki 3,6%, Mustapha Ben Jaafar 2,3%, Abdelfattah Mourou 1,9%, Ahmed Brahim 1,7%, Foued Mebazaa 1,2%, Hamma Hammami 1,1%, Farhat Rajhi 0,9%.<\/span><\/font><\/p>\n<p align=\"justify\"><font face=\"Arial\" size=\"2\"><span>Par rapport aux intentions de vote, les abstentionnistes potentiels repr\u00e9sentent 12,7%, ils sont 20,7% dans le Centre Ouest et 17,9% dans le Sud. Ceux qui n\u2019ont pas choisi encore un parti repr\u00e9sentent 41,2%. Ceux qui ont refus\u00e9 de r\u00e9pondre \u00e0 la question ont repr\u00e9sent\u00e9 5,9%. Enfin de compte ceux qui ont d\u00e9clare choisir un parti des 84 existant ont repr\u00e9sent\u00e9 40,3% soit pr\u00e8s de 60% des tunisiens qui restent \u00e0 convaincre.<\/span><\/font><\/p>\n<p align=\"justify\"><font face=\"Arial\" size=\"2\"><span>Le mouvement Ennahdha a obtenu 16,9% d\u2019intentions de vote (notamment dans le Sud et Centre Ouest), suivi du PDP avec 9,5% (notamment dans Nord Est et le Centre Est) ; Ettakatol 3,5% (notamment dans le Grand Tunis) ; Al Watan 3,1% ; le CPR 3,0% ; le POCT 1,5% ; Ettajdid 1,0% Afek Tounes 0,9%, l\u2019Initiative 0,4%&#8230;<\/span><\/font><\/p>\n<p align=\"justify\"><font face=\"Arial\" size=\"2\"><span>Enfin, l\u2019Observatoire SIGMA qui mesure le bruit m\u00e9diatique des partis politiques indique pour le mois de mai 2011, que 5 partis sur 67 reconnus ont b\u00e9n\u00e9fici\u00e9 pr\u00e8s des 2\/3 du temps de passage dans les 4 chaines tunisiennes (Al Watanya 1&amp;2, Hannibal TV et Nessma TV). Ainsi Ennahdha a accapar\u00e9 18,6% du temps total impartis aux formations politiques, 13,3% au Ettajtid, 12,6% au PDP et 10,5% au Ettakatol. Dans les autres m\u00e9dias que ce soit la radio ou la presse \u00e9crite (papier) la pr\u00e9sence des partis politique ayant leurs racines d\u2019avant le 14 janvier 2011 sont largement plus pr\u00e9sents (129 articles de presse concernant Ennahdha, 100 articles sur le PDP, 55 sur Ettajdid, 44 sur le POCT, 35 articles sur Ettakatol et des miettes pour les autres partis notamment ceux qui \u00e9merger apr\u00e8s la r\u00e9volution.<\/span><\/font><\/p>\n<p>\u00a0<\/p>\n<p><b><font face=\"Arial\" size=\"2\">Hassen Zargouni<\/font><\/b><\/p>\n<p><b><font face=\"Arial\" size=\"2\">Tout ce qui ne se mesure pas n\u2019existe pas.<\/font><\/b><font face=\"Arial\" size=\"2\"><\/font><\/p>\n<\/div>\n<\/div>\n<div align=\"center\">\u00a0<\/div>\n<hr\/>\n<p align=\"center\"><font face=\"Arial\"><font size=\"3\"><strong><font>P\u00f4le D\u00e9mocratique Moderniste<\/font><\/strong> <\/font><strong> <\/strong><\/font><b><span lang=\"FR\"><\/p>\n<h3 style=\"color: blue;\"><font face=\"Arial\">Communiqu\u00e9 de presse<\/font><\/h3>\n<p> <\/span><\/b><\/p>\n<hr\/>\n<p><span lang=\"FR\"><font face=\"Arial\" size=\"2\">Le P\u00f4le D\u00e9mocratique Moderniste organise sa premi\u00e8re manifestation politique et culturelle et ce le samedi 18 juin 2011 \u00e0 16h au Palais des Congr\u00e8s sis \u00e0 Avenue Mohamed V, Tunis.<\/font><\/span><\/p>\n<p><span lang=\"FR\"><font face=\"Arial\" size=\"2\">Cette manifestation vise d\u2019une part \u00e0 faire connaitre les principes et les objectifs du p\u00f4le et d\u2019autre part donnera l\u2019occasion aux partis et initiatives, membres du p\u00f4le, d\u2019intervenir au cours de ce meeting :<\/font><\/span><\/p>\n<p><font face=\"Arial\" size=\"2\"><span lang=\"FR\">\u00b7<span><\/span>Mouvement Ettajdid,<\/span><\/font><\/p>\n<p><font face=\"Arial\" size=\"2\"><span lang=\"FR\">\u00b7<span><\/span>Le Parti Socialiste de Gauche<\/span><\/font><\/p>\n<p><font face=\"Arial\" size=\"2\"><span lang=\"FR\">\u00b7<span><\/span>Le Parti du Travail Patriotique et D\u00e9mocratique<\/span><\/font><\/p>\n<p><font face=\"Arial\" size=\"2\"><span lang=\"FR\">\u00b7<span><\/span>Le Mouvement des Patriotes D\u00e9mocrates<\/span><\/font><\/p>\n<p><font face=\"Arial\" size=\"2\"><span lang=\"FR\">\u00b7<span><\/span>L\u2019Alliance R\u00e9publicaine <\/span><\/font><\/p>\n<p><font face=\"Arial\" size=\"2\"><span lang=\"FR\">\u00b7<span><\/span>Le Parti Avant-Garde Arabe D\u00e9mocratique<\/span><\/font><\/p>\n<p><font face=\"Arial\" size=\"2\"><span lang=\"FR\">\u00b7<span><\/span>Le Mouvement de la Citoyennet\u00e9 et de la Justice<\/span><\/font><\/p>\n<p><font face=\"Arial\" size=\"2\"><span lang=\"FR\">\u00b7<span><\/span>La Voix du Centre<\/span><\/font><\/p>\n<p><font face=\"Arial\" size=\"2\"><span lang=\"FR\">\u00b7<span><\/span>Assez de divisions ! Allons de l&rsquo;avant<\/span><\/font><\/p>\n<p><font face=\"Arial\" size=\"2\"><span lang=\"FR\">\u00b7<span><\/span>Pour un p\u00f4le d\u00e9mocratique, culturel et progressiste<\/span><\/font><\/p>\n<p><font face=\"Arial\" size=\"2\"><span lang=\"FR\">\u00b7<span><\/span>Collectif des ind\u00e9pendants PDM<\/span><\/font><\/p>\n<p><span lang=\"FR\"><font face=\"Arial\" size=\"2\">Cette manifestation s\u2019inscrit dans le cadre de la participation du P\u00f4le D\u00e9mocratique Moderniste aux \u00e9lections de l\u2019Assembl\u00e9e Constituante pour laquelle le p\u00f4le pr\u00e9sentera des listes communes ayant pour objectif d\u2019\u00e9laborer une constitution d\u00e9mocratique moderniste.<\/font><\/span><\/p>\n<hr\/>\n<p align=\"center\"><b><span lang=\"FR\"><font>Col\u00e8res Citoyennes<\/font><\/span><\/b><\/p>\n<p align=\"center\"><b><i><span lang=\"FR\"><\/p>\n<h3 style=\"color: blue;\"><font>Votons, enfants de la patrie\u2026<\/font><\/h3>\n<p><\/span><\/i><\/b><\/p>\n<hr\/>\n<p>\u00a0<\/p>\n<p align=\"justify\">\u00a0<\/p>\n<p align=\"justify\"><span lang=\"FR\">Voil\u00e0 o\u00f9 \u00e7a m\u00e8ne, de laisser jouer avec des allumettes\u2026 Voil\u00e0 o\u00f9 m\u00e8ne votre techno-structure, messieurs ! A vouloir former des gouvernements a-politiques ; on perd sa noblesse, \u00e0 cette politique, qui consiste \u00e0 prendre les citoyen(ne)s par la main, pour aller voter\u2026 On se r\u00e9cup\u00e8re des \u00ab ministres-intellectuels \u00bb, qui nous ram\u00e8nent au temps des couvre-feux. On dilapide cette \u00e9nergie r\u00e9volutionnaire (dont on ne parle plus, tiens, tiens !) dans deux gouvernements ill\u00e9gitimes et immoraux\u2026 dont il n\u2019est nullement question de s\u2019excuser aupr\u00e8s du Peuple ! Voil\u00e0 o\u00f9 m\u00e8ne ce d\u00e9ploiement tous azimuts d\u2019intellectuels m\u00e9diatiques, donnant leur avis sur tout et son contraire, perdant de vue \u00ab l\u2019impasse qui vient au fuyard \u00bb. Voil\u00e0 o\u00f9 m\u00e8nent ces pol\u00e9miques, article par article, du Code Electoral, \u00e0 raison d\u2019un article tous les jours et demie\u2026 Sans qu\u2019il y ait un intellectuel, un vrai, qui dise : Basta ! La r\u00e9cr\u00e9 est finie. Occupez-vous du 24 juillet, enfin ! Voil\u00e0 o\u00f9 \u00e7a m\u00e8ne ! A des Citoyens qui n\u2019en peuvent plus de tels g\u00e2chis, et qui implorent votre charit\u00e9 citoyenne : faites nous voter, SVP !&#8230;<\/span><\/p>\n<p align=\"justify\"><span lang=\"FR\">Mais aussi, \u00e0 des partis qui crient \u2018\u2019Au loup !\u2019\u2019, au \u00ab d\u00e9ni de d\u00e9mocratie \u00bb de ce non-24 juillet\u2026 Attitude, somme toute compr\u00e9hensible, au vu de cette dilapidation de campagnes publicitaires color\u00e9es\u2026 Des r\u00e9cidivistes, en plus ! Les m\u00eames qui appelaient \u00e0 une \u00e9lection pr\u00e9sidentielle deux mois apr\u00e8s le 14 Janvier, qui s\u2019y voyaient d\u00e9j\u00e0 !<\/span><\/p>\n<p align=\"justify\"><span lang=\"FR\">Ou encore des partis ayant r\u00e9nov\u00e9 leurs structures vieilles de vingt ans, et ne demandaient plus qu\u2019\u00e0 en d\u00e9coudre\u2026 Patience, les enfants, pas de panique ! Cela ne fait que 12 semaines de retard pour le pouvoir\u2026 surtout que vous avez vu et attendu pendant plus de 23 ans. Alors, 12 semaines !<\/span><\/p>\n<p align=\"justify\"><span lang=\"FR\">Basta. Je vais laisser Jacques Pr\u00e9vert en parler po\u00e9tiquement\u2026<\/span><\/p>\n<p align=\"justify\"><i><span lang=\"FR\"><font>Il ne faut pas laisser les intellectuels jouer avec les allumettes Parce que Messieurs quand on le laisse seul Le monde mental Messieurs N&rsquo;est pas du tout brillant Et sit\u00f4t qu&rsquo;il est seul Travaille arbitrairement S&rsquo;\u00e9rigeant pour soi-m\u00eame Et soi-disant g\u00e9n\u00e9reusement en l&rsquo;honneur des travailleurs du b\u00e2timent Un auto-monument R\u00e9p\u00e9tons-le Messsssieurs Quand on le laisse seul Le monde mental Ment Monumentalement. <\/font><\/span><\/i><\/p>\n<p align=\"justify\">\u00a0<\/p>\n<p align=\"justify\"><b><i><span lang=\"FR\">Mouwaten kareem <\/span><\/i><\/b><\/p>\n<p align=\"justify\">\u00a0<\/p>\n<p align=\"justify\"><b><i><span lang=\"FR\">(Source: \u201cMouatinoun 150\u201d organe du FDTL<\/span><\/i><\/b><\/p>\n<div> \u00a0<\/div>\n<div>\n<hr\/>\n<\/div>\n<div align=\"center\"><strong><\/p>\n<p><font size=\"3\">Rached Ghannouchi, leader du parti tunisien Ennahdha au Temps d&rsquo;Alg\u00e9rie :  <font>\u00abDes r\u00e9sidus du r\u00e9gime Ben Ali veulent nous d\u00e9stabiliser\u00bb<\/font><\/font><\/p>\n<p><\/strong><\/div>\n<div>\n<hr\/>\n<\/div>\n<div> <font>\u00abLa r\u00e9volution tunisienne est encore loin de ses objectifs tant les relais de l&rsquo;ancien r\u00e9gime de Ben Ali sont toujours aux commandes du pays\u00bb, a estim\u00e9 Rached Ghanouchi, leader de la formation Ennahdha, consid\u00e9r\u00e9 comme l&rsquo;un des partis les plus influents en Tunisie.  Le peuple tunisien qui s&rsquo;est r\u00e9volt\u00e9 au mois de janvier dernier \u00abest parvenu \u00e0 briser le mur de la peur que le r\u00e9gime policier de Ben Ali a maintenu pendant 23 ans de r\u00e8gne sans partage\u00bb, a tenu \u00e0 relever M. Ghanouchi, rencontr\u00e9 jeudi dernier au si\u00e8ge de son parti \u00e0 Tunis. Il affirme que l&rsquo;un des acquis principaux de la r\u00e9volution reste \u00abla souverainet\u00e9 qu&rsquo;exerce pleinement la population, devenue ma\u00eetre de son destin apr\u00e8s la chute du dictateur\u00bb.  Pour autant, cette nouvelle \u00e9tape franchie n&rsquo;est pas rassurante, selon le fondateur d&rsquo;Ennahdha qui d\u00e9plore \u00abl&rsquo;influence qu&rsquo;exercent encore les relais de l&rsquo;ancien r\u00e9gime au sein du pouvoir actuel\u00bb. Du coup, Rached Ghannouchi d\u00e9duit que malgr\u00e9 la destitution de Ben Ali, \u00abc&rsquo;est toujours l&rsquo;ancien r\u00e9gime qui d\u00e9tient le pouvoir\u00bb. La seule diff\u00e9rence, selon lui, c\u2019est simplement que \u00abce m\u00eame r\u00e9gime a juste \u00e9t\u00e9 d\u00e9poss\u00e9d\u00e9 des instruments d&rsquo;intimidations et de r\u00e9pressions par lesquels il imposait,  durant les ann\u00e9es pr\u00e9c\u00e9dentes, son diktat \u00e0 la soci\u00e9t\u00e9\u00bb. Aux yeux de notre interlocuteur, \u00abla r\u00e9volution tunisienne est parvenue \u00e0 extraire la souverainet\u00e9 au r\u00e9gime politique tunisien pour l&rsquo;offrir au peuple, n\u00e9anmoins, ceci demeure encore insuffisant tant que la souverainet\u00e9 qu&rsquo;exerce la soci\u00e9t\u00e9 dans la rue ne s\u2019est pas encore traduite en termes de nouveaux m\u00e9canismes de loi et ne sert pas encore de base \u00e0 l&rsquo;\u00e9dification de nouvelles institutions politiques du pays\u00bb.   Le parti est vis\u00e9 par une \u00abpropagande de d\u00e9stabilisation\u00bb <\/font><\/div>\n<div> <font>Selon Rached Ghanouchi, ce ne sont pas les prochaines \u00e9lections de l&rsquo;Assembl\u00e9e constituante pr\u00e9vues le 23 octobre prochain qui vont marquer l&rsquo;aboutissement du processus de transition politique. \u00abCes \u00e9lections ne constituent qu&rsquo;une man\u0153uvre suppl\u00e9mentaire de l&rsquo;ancien r\u00e9gime pour se maintenir en place\u00bb, estime-t-il.<\/font><\/div>\n<div> <font>Le leader d&rsquo;Ennahdha d\u00e9nonce le fait que sa formation fait l&rsquo;objet \u00abde tentatives de d\u00e9stabilisation orchestr\u00e9es \u00e0 son encontre par les h\u00e9ritiers de Ben Ali qui sont encore au pouvoir, assist\u00e9s dans leur besogne par une meute de partis politiques qui leur servent de suppl\u00e9ants\u00bb. Il expliquera que l&rsquo;objectif de cette \u00abman\u0153uvre politicienne\u00bb est d&#8217;emp\u00eacher l&rsquo;accession d&rsquo;Ennahdha aux institutions politiques. \u00abIls veulent nous pr\u00e9senter aux yeux de la soci\u00e9t\u00e9 et de la communaut\u00e9 internationale comme une menace pour le devenir de la Tunisie, des droits de la femme, du tourisme&#8230;\u00bb, nous confie-t-il. \u00abEn v\u00e9rit\u00e9, ajoute-t-il, Ennahdha n&rsquo;est une menace pour personne. C&rsquo;est plut\u00f4t les int\u00e9r\u00eats mercantiles des r\u00e9sidus de l&rsquo;ancien r\u00e9gime occupant encore des postes de responsabilit\u00e9 qui menacent notre pays\u00bb. La formation Ennahdha qui a c\u00e9l\u00e9br\u00e9 le 6 juin dernier son 30e anniversaire  a r\u00e9it\u00e9r\u00e9 par le biais de son premier responsable sa volont\u00e9 de parvenir \u00e0 un consensus politique qui r\u00e9unira en son sein le maximum de partis tunisiens favorables \u00e0 l&rsquo;id\u00e9e d&rsquo;une meilleure convergence des visions. En attendant, Rached Ghanouhi nous informe que son nom ne sera pas inclus aux listes de candidats aux diff\u00e9rentes \u00e9l\u00e9ctions, y compris pr\u00e9sidentielle, que la Tunisie envisage d&rsquo;organiser \u00e0 l&rsquo;avenir. De notre envoy\u00e9 sp\u00e9cial  \u00e0 Tunis Karim Aoudia<\/font> <strong><font>(Source: \u201cLe Temps D algerie\u201d (Quotidien \u2013 Algerie) le 12 juin 2011)<\/font><\/strong> <a target=\"_blank\" rel=\"noopener\"><font>http:\/\/www.letempsdz.com\/content\/view\/58814\/1\/<\/font><\/a> \u00a0<\/div>\n<div>\n<hr\/>\n<\/div>\n<div align=\"center\"><strong><\/p>\n<h3 style=\"color: blue;\"><font size=\"3\">Tunisie: Quand B\u00e9ji Ca\u00efd Essebsi fait de la p\u00e9dagogie!<\/font><\/h3>\n<p><\/strong><font><\/font><\/div>\n<div>\n<hr\/>\n<\/div>\n<div> <strong><font>Par Imededdine Boula\u00e2ba <\/font><\/strong><font>Rarement une conf\u00e9rence nationale r\u00e9unissant partis politiques, repr\u00e9sentants de la soci\u00e9t\u00e9 civile et des r\u00e9gions int\u00e9rieures, personnalit\u00e9s ind\u00e9pendantes et syndicalistes de tous bords aura \u00e9t\u00e9 aussi unanime. Coh\u00e9rente. Enthousiaste. Face \u00e0 l\u2019intimidante hauteur de vue du locataire du Palais de la Kasbah. Dont l\u2019obsession, depuis la formation de son gouvernement, au mois de mars 2011, est de prendre de la hauteur. De retrouver de la profondeur strat\u00e9gique. De sortir du champ partisan. De dominer le quotidien. De s\u2019adosser aux avantages d\u2019une strat\u00e9gie de mouvement. Sans antagoniser quiconque. Sans subir l\u2019usure et les avanies du traitement des affaires courantes.   Finalement, au Palais des Congr\u00e8s, personne ne jettera la pierre au Premier ministre. Qui a l\u2019art des grands \u00e9p\u00e9istes. Qui sait des choses et sait les taire. Qui s\u2019est lanc\u00e9 dans des analyses limpides et lucides. De la situation nationale et internationale. En contraste avec la balourdise id\u00e9ologique. Des uns et des autres. Raisonnant en termes de compromis. D\u2019alliances. De realpolitik.  Eh oui\u2026! Le temps passe vite en politique. Hier encore mal-aim\u00e9 et contest\u00e9, le voici aujourd\u2019hui l\u00e9gitim\u00e9. Au c\u0153ur du consensus. Li\u00e9 \u00e0 la date du 23 octobre 2011, qui verra la faune politique faire les yeux de Chim\u00e8ne aux Tunisiens. Aller \u00e0 la p\u00eache aux votes. Aux dons. Afin d\u2019imprimer sa marque. De s\u2019affirmer dans le tournoi des id\u00e9es. De mettre le pied \u00e0 l\u2019\u00e9trier. D\u2019honorer le verbe \u201cmiliter\u201c. D\u2019encenser le verbe \u00eatre. D\u2019engager la bataille r\u00e9surrectionnelle. De prendre d\u2019assaut les si\u00e8ges de la Constituante. D\u2019amadouer les c\u0153urs des \u00e9lecteurs. Mais comme en amour, les preuves seront toujours \u00e0 faire. Car le pays, me dit un confr\u00e8re, visiblement r\u00e9confort\u00e9 devant une salle pour une fois \u00e0 l\u2019unisson, a besoin de rep\u00e8res, de retrouver un rapport au temps et de remettre de la chronologie dans une soci\u00e9t\u00e9 postr\u00e9volutionnaire marqu\u00e9e par \u00abla dictature de la transparence et du pr\u00e9sentisme\u00bb.   \u00abLe gouvernement de transition qui prend, avec une philosophie sto\u00efque, des coups que les hommes de terrain sont l\u00e0 pour prendre, entend continuer \u00e0 coop\u00e9rer et \u00e0 dialoguer avec toutes les composantes de la soci\u00e9t\u00e9 civile, les partis politiques et les instances issues de la r\u00e9volution, sans pour autant brader ses pr\u00e9rogatives ou mettre en p\u00e9ril les \u00e9quilibres macro\u00e9conomiques du pays, mis \u00e0 mal depuis des mois \u00e0 cause des gr\u00e8ves p\u00e9riodiques, des sit-in incessants, des revendications anarchiques et des cons\u00e9quences d\u00e9sastreuses des \u00e9v\u00e9nements sanglants de la Libye sur la situation s\u00e9curitaire et \u00e9conomiques du pays\u00bb, d\u00e9clare d\u2019embl\u00e9e B\u00e9ji Ca\u00efd Essebsi, qui appelle les \u00e9lites politiques, associatives et syndicales du pays pr\u00e9sentes au grand complet au Palais des Congr\u00e8s, dans un \u00e9lan de responsabilit\u00e9 et de maturit\u00e9 ind\u00e9niable, \u00e0 \u00e9viter les bras de fer verbaux, \u00e0 s\u2019abstenir \u00e0 s\u2019enfermer dans l\u2019interpellation du gouvernement comme si c\u2019\u00e9tait toujours lui qui commandait \u00e0 tout et aux astres et \u00e0 apprendre au peuple, durant les quatre mois \u00e0 venir, \u00e0 se contraindre, \u00e0 pr\u00e9voir et \u00e0 resserrer les rangs autour des int\u00e9r\u00eats vitaux de la nation dans un contexte r\u00e9gional et international de plus en plus tendu.  Tout au long de son intervention, le chef du gouvernement de transition, pour qui un homme d\u2019Etat doit se faire aimer par les pierres m\u00eames, a rappel\u00e9 le r\u00f4le avant-gardiste de la r\u00e9volution du jasmin dans le monde arabe, les atouts de la Tunisie pour devenir un p\u00f4le des droits de l\u2019homme dans la r\u00e9gion, le lieu o\u00f9 l\u2019islam politique donnera la preuve de son adh\u00e9sion aux valeurs universelles li\u00e9es \u00e0 l\u2019alternance, \u00e0 la d\u00e9mocratie et aux libert\u00e9s individuelles, l\u2019obligation de se dresser contre les d\u00e9fis inh\u00e9rents aux enjeux d\u00e9mocratiques en cours et la disponibilit\u00e9 des partenaires traditionnels du pays, exprim\u00e9e d\u2019ailleurs d\u2019une mani\u00e8re solennelle au sommet du G8 \u00e0 Deauville, de se tenir aux c\u00f4t\u00e9s des Tunisiens dans cette p\u00e9riode transitoire, g\u00e9n\u00e9ralement un champ fertile pour la soci\u00e9t\u00e9 m\u00e9diatique, les dol\u00e9ances sociales, les surench\u00e8res politiques, les lobbyistes organis\u00e9s et les agents d\u2019influence.<\/font><\/div>\n<div>\u00a0<\/div>\n<div><strong><font>(Source: \u201cwebmanagercenter\u201d le 13 juin 2011)<\/font><\/strong> \u00a0<\/div>\n<div><a target=\"_blank\" rel=\"noopener\"><font>http:\/\/www.webmanagercenter.com\/management\/article-106941-tunisie-quand-beji-caid-essebsi-fait-de-la-pedagogie<\/font><\/a>  \u00a0<\/div>\n<div>\n<hr\/>\n<\/div>\n<div align=\"center\"><strong><\/p>\n<h3 style=\"color: blue;\"><font size=\"3\">Tunisiens&#8230;Ne nous divisons pas<\/font><\/h3>\n<p><\/strong><\/div>\n<div>\n<hr\/>\n<\/div>\n<div> <font>Je me dis d\u00e9mocrate, progressiste et moderniste\u2026 Je fus conquis par l\u2019aspiration de mon peuple aux valeurs universelles. Je fus ravi par son enthousiasme et par sa spontan\u00e9it\u00e9. Je fus compr\u00e9hensif de conc\u00e9der un peu de ma s\u00e9curit\u00e9. Je fus patient pour voir mes conditions mat\u00e9rielles am\u00e9lior\u00e9es.  On s\u2019accordait sur la fin mais on se perdait dans les divisions quant aux moyens. J\u2019\u00e9tais \u00e0 la fois proche et distant de ceux avec qui je partageais les m\u00eames causes.  L\u2019identit\u00e9 de pens\u00e9e serait une condition \u00e0 l\u2019unit\u00e9, or elle est liberticide. Faute d\u2019arguments, on \u00e9changeait injures et ignominie.  Sommes-nous davantage orgueilleux que tol\u00e9rants ? Notre ego passerait-t-il avant nos aspirations. Je suis indign\u00e9 du chaos qui s\u2019installe et perdure. Je suis atteint dans l\u2019int\u00e9grit\u00e9 de mon peuple p\u00e9tri de contradictions.  Je suis domin\u00e9 par le doute et envahi d\u2019incertitudes. Je suis pein\u00e9 dans ma conscience et meurtri dans mon pays. Je suis froiss\u00e9 dans mes rapports humains et mes sentiments altruistes. Je suis d\u00e9chir\u00e9 dans mes convictions et ne sais plus \u00e0 quel saint me vouer.  Je n\u2019y suis pour rien, c\u2019est la faute \u00e0 l\u2019autre. Or l\u2019autre c\u2019est moi. Je m\u2019engage d\u00e8s lors \u00e0 me r\u00e9concilier\u2026 et tendre une main.  Plut\u00f4t que la confrontation et la discorde, unissons-nous autour du but supr\u00eame. Gardons nos valeurs comme ciment et la diversit\u00e9 des solutions comme richesse.  Ne nous injurions pas. Ne nous divisons pas. Je ne traiterais ni de Rcdiste ni d\u2019attard\u00e9 celui qui pense diff\u00e9remment. Car l\u2019injure et l\u2019ignominie sont l\u2019argument du faible. Soyons unis, ne f\u00fbt-ce que pour l\u2019essentiel. Nous en aurions bien besoin.<\/font> <strong><font>Khaled M<\/font><\/strong><font>.<\/font><\/div>\n<div>\u00a0<\/div>\n<div><strong><font>(Source: \u201cwebmanagercenter\u201d le 13 juin 2011)<\/font><\/strong><\/div>\n<div> <a target=\"_blank\" rel=\"noopener\"><font>http:\/\/www.espacemanager.com\/chroniques\/tunisiens&#8230;ne-nous-divisons-pas.html<\/font><\/a> \u00a0<\/div>\n<div>\n<hr\/>\n<\/div>\n<div align=\"center\"><strong><\/p>\n<h3 style=\"color: blue;\"><font size=\"3\">Tunisie: le p\u00e9trolier P\u00e9trofac suspend totalement ses activit\u00e9s<\/font><\/h3>\n<p><\/strong><\/div>\n<div>\n<hr\/>\n<\/div>\n<div>\u00a0<\/div>\n<div><font>La soci\u00e9t\u00e9 p\u00e9troli\u00e8re \u00ab\u00a0Petrofac\u00a0\u00bb implant\u00e9e \u00e0 l&rsquo;\u00eele de Kerkennah (gouvernorat de Sfax) a d\u00e9cid\u00e9 de fermer les puits de p\u00e9trole qu&rsquo;elle exploite et de confier l&rsquo;entreprise \u00e0 l&rsquo;arm\u00e9e nationale. Tous les employ\u00e9s de la soci\u00e9t\u00e9 ont \u00e9t\u00e9 \u00e9vacu\u00e9s.  N&rsquo;ayant pas b\u00e9n\u00e9fici\u00e9 d&rsquo;indemnisation, des marins-p\u00e9cheurs d&rsquo;El Ataya o\u00f9 se trouve le si\u00e8ge de Petrofac ont emp\u00each\u00e9 la soci\u00e9t\u00e9 de poursuivre son activit\u00e9. Ces derniers revendiquent les m\u00eames d\u00e9dommagements obtenus par les marins-p\u00eacheurs de Mellita et Ouled Kacem par La Soci\u00e9t\u00e9 TPS (Thyna petroleum services) en remplacement des activit\u00e9s de la p\u00eache interrompues suite \u00e0 une fuite de p\u00e9trole en mer, il y a un an, P\u00e9trofac s&rsquo;est engag\u00e9e, le 20 mai dernier, \u00e0 soutenir les efforts de d\u00e9veloppement \u00e0 Kerkennah et \u00e0 mobiliser, annuellement, une enveloppe de 600 mille dinars pour soutenir l&#8217;emploi.  Elle s&rsquo;est, \u00e9galement, engag\u00e9e \u00e0 \u00e9quiper l&rsquo;h\u00f4pital r\u00e9gional de Kerkennah d&rsquo;un scanner d&rsquo;une valeur de 650 mille dinars, d&rsquo;offrir un bus \u00e0 l&rsquo;association des handicap\u00e9s \u00e0 Kerkennah et de distribuer 47 ordinateurs \u00e0 des \u00e9tablissements scolaires et publics de la r\u00e9gion.  Toutefois, les revendications pressantes et irr\u00e9alistes des sitineurs devant le si\u00e8ge de P\u00e9trofac ont pouss\u00e9 la soci\u00e9t\u00e9 \u00e0 suspendre son activit\u00e9.<\/font><\/div>\n<div> <strong><font>(Source: \u201cwebmanagercenter\u201d le 13 juin 2011)<\/font><\/strong><\/div>\n<div> <a target=\"_blank\" rel=\"noopener\"><font>http:\/\/www.espacemanager.com\/infos-societes\/tunisie-le-petrolier-petrofac-suspend-totalement-ses-activites.html<\/font><\/a> \u00a0<\/div>\n<div>\u00a0<\/div>\n<div>\n<hr\/>\n<\/div>\n<div align=\"center\"><strong><\/p>\n<h3 style=\"color: blue;\"><font size=\"3\">Tunisie. Le tourisme baln\u00e9aire a besoin d\u2019un second souffle<\/font><\/h3>\n<p><\/strong><\/div>\n<div>\n<hr\/>\n<\/div>\n<div> <strong><font>Par Rachid Merdassi, Londres<\/font><\/strong> <font>Parler aujourd\u2019hui de relance de l\u2019investissement touristique le long du littoral rel\u00e8verait de la gageure et du d\u00e9fi du bon sens en l\u2019absence d\u2019une restructuration en profondeur de cette industrie et de l\u2019\u00e9bauche d\u2019une nouvelle strat\u00e9gie de d\u00e9veloppement qui s\u2019int\u00e9grerait dans une vision int\u00e9grale et int\u00e9grante de l\u2019\u00e9conomie tunisienne. C\u2019est cette vision qui dotera le secteur des outils n\u00e9cessaires au d\u00e9clenchement d\u2019une nouvelle dynamique de d\u00e9veloppement durable, \u00e0 la hauteur des enjeux de la r\u00e9volution et o\u00f9 le tourisme rural (agro-tourisme, \u00e9co-tourisme) occupera une place centrale. Une image \u00abbas de gamme\u00bb et \u00abcheap\u00bb Aujourd\u2019hui, le constat, apr\u00e8s un demi si\u00e8cle d\u2019activit\u00e9, ne laisse aucun doute sur l\u2019urgence des r\u00e9formes \u00e0 engager dans un secteur en perte de vitesse et de comp\u00e9titivit\u00e9 et d\u00e9class\u00e9 par des destinations m\u00e9diterran\u00e9ennes concurrentes, hier encore balbutiantes. Les statistiques et les diff\u00e9rents indicateurs d\u00e9gagent un taux d\u2019occupation annuel qui n\u2019a jamais d\u00e9pass\u00e9 les 50%,une moyenne de s\u00e9jour en r\u00e9gression constante de 5,4 jours et une recette moyenne\/client des plus faibles en M\u00e9diterran\u00e9e, soit \u00e0 peine 500 dinars (370 dollars US), toutes nationalit\u00e9s confondues, consacrant davantage l\u2019image \u00abbas de gamme\u00bb et \u00abcheap\u00bb de la destination Tunisie et expliquant, par l\u00e0 m\u00eame, la spirale infernale de l\u2019endettement bancaire et difficult\u00e9s de remboursements auxquels sont confront\u00e9s la plupart des promoteurs h\u00f4teliers. En comparaison, et pour souligner l\u2019\u00e9cart creus\u00e9 par la concurrence par rapport \u00e0 la Tunisie, les quelques indicateurs suivants donnent une id\u00e9e du retard \u00e0 rattraper par le tourisme tunisien durant les ann\u00e9es \u00e0 venir: La Turquie (28 millions de touristes) affiche un taux d\u2019occupation moyen de 70%, une moyenne de s\u00e9jour de 8,8 jours et une recette\/client de 550 dollars US. L\u2019Egypte (17,4 millions de touristes) affiche un taux d\u2019occupation h\u00f4telier moyen de 73%, une moyenne de s\u00e9jour de 10 jours et une recette\/client de 750 dollars US. Le Maroc (9,3 millions de touristes) affiche un taux d\u2019occupation de 55%, une moyenne de s\u00e9jour de 8 jours et une recette\/client de 950 dollars US. Marquer une pause et se donner du recul  Par ailleurs, le tourisme baln\u00e9aire a \u00e9t\u00e9 un des facteurs majeurs du d\u00e9s\u00e9quilibre social et \u00e9conomique, de l\u2019exode des jeunes et de la paup\u00e9risation lente et inexorable du monde rural. Aujourd\u2019hui, la capacit\u00e9 d\u2019h\u00e9bergement dont 90% sont concentr\u00e9s le long du littoral, se trouve confront\u00e9e \u00e0 des d\u00e9fis d\u2019ordre structurels: &#8211; v\u00e9tust\u00e9 du parc h\u00f4telier et inadaptation aux besoins sp\u00e9cifiques de la demande; &#8211; d\u00e9gradation de la qualit\u00e9 des services, corollaire de la baisse du chiffre d\u2019affaires r\u00e9alis\u00e9 par les h\u00f4teliers, du recours force a l\u2019emploi d\u2019un personnel sous qualifi\u00e9 et de la pratique des bas salaires; &#8211; politique et normes d\u2019investissements et de cr\u00e9dits p\u00e9nalisants et incompatibles avec le mod\u00e8le d\u2019h\u00f4tellerie r\u00e9serv\u00e9e au tourisme de masse, cible du tourisme tunisien; &#8211; d\u00e9pendance de notre produit des TO et r\u00e9seaux de vente \u00e9trangers pour sa promotion et commercialisation.  Pour toutes ces raisons et pour bien d\u2019autres, il serait sage de marquer une pause et de se donner le recul et le temps n\u00e9cessaires pour \u00e9valuer le chemin parcouru et trouver des r\u00e9ponses \u00e0 tous ces probl\u00e8mes en suspens. La relance du tourisme baln\u00e9aire devrait, \u00e0 mon humble avis, figurer au centre des pr\u00e9occupations de la nouvelle vision post r\u00e9volutionnaire qui reste \u00e0 d\u00e9finir et qui devrait faire preuve de grande ambition et d\u2019audace. La Tunisie poss\u00e8de tous les atouts la pr\u00e9disposant \u00e0 devenir une destination pour le tourisme haut de gamme en M\u00e9diterran\u00e9e, bien plus que d\u2019autres destinations qui revendiquent ce positionnement. Cet enjeu demeurera tributaire d\u2019un ensemble de d\u00e9fis que la r\u00e9volution se doit de relever et qui m\u2019inspirent les quelques propositions ci-apr\u00e8s: &#8211; d\u00e9barrasser la Tunisie de son image \u00abbas de gamme\u00bb, cr\u00e9\u00e9e par les TO, est un imp\u00e9ratif strat\u00e9gique pour rendre justice \u00e0 une infrastructure h\u00f4teliere unique en M\u00e9diterran\u00e9e et hisser le secteur au seuil de rentabilit\u00e9 r\u00e9alis\u00e9 par ses concurrents directs (Turquie, Egypte et Maroc); &#8211; d\u00e9senclaver la station Yasmine- Hammamet qui pourrait devenir un p\u00f4le d\u2019attraction a la mode pour le tourisme haut de gamme; &#8211; m\u00e9diter l\u2019id\u00e9e d\u2019un projet de Tunisian Riviera, qui sera l\u2019un des plus grands chantiers de la r\u00e9volution et le porte-drapeau du tourisme haut de gamme en Tunisie. S\u2019il est bien r\u00e9ussi, ce projet constituera, \u00e0 terme, une alternative \u00e0 la C\u00f4te d\u2019Azur sur la rive sud de la M\u00e9diterran\u00e9e et d\u00e9barrassera \u00e0 jamais notre pays de son image de destination \u00abbas de gamme\u00bb. Sortir la Yasmine-Hammamet de son enclavement La station Yasmine-Hammamet a \u00e9t\u00e9 cr\u00e9\u00e9e en d\u00e9pit de toutes les r\u00e8gles du bon sens et se trouve confront\u00e9e depuis son lancement \u00e0 des difficult\u00e9s de \u00abghettoisation\u00bb et de sous-commercialisation qui remettent en cause les investissements tr\u00e8s lourds consentis par la communaut\u00e9 nationale. La client\u00e8le haut de gamme vis\u00e9e par cette station, et qui n\u2019existait que dans l\u2019imaginaire de ses concepteurs, n\u2019a pas \u00e9t\u00e9 au rendez-vous et les h\u00f4teliers, press\u00e9s par les \u00e9ch\u00e9anciers bancaires et les frais de gestion courante, ont fini par succomber aux sir\u00e8nes des TO de masse, attisant ainsi le bradage et la guerre des prix entre nouveaux et anciens h\u00f4tels de la zone. Les ordonnateurs et planificateurs ont omis de prendre en consid\u00e9ration la donne sociologique et urbanistique propre \u00e0 Hammamet et pr\u00e9figurant tout projet d\u2019une telle masse et envergure. D\u2019un port de p\u00eache, d\u00e9crit nagu\u00e8re comme \u00e9tant le St-Tropez tunisien, Hammamet est devenue, avec ses prolongements au nord et au sud, une zone touristique tentaculaire du calibre des \u00abcostas espagnoles\u00bb et o\u00f9 l\u2019\u00e9quilibre sociologique et culturel entre population locale et \u00e9trang\u00e8re a \u00e9t\u00e9 rompu avec toutes les cons\u00e9quences sur le mode de vie et m\u0153urs locaux. Sur le plan commercial, la vocation de cette zone, pr\u00e9vue pour attirer une client\u00e8le haut de gamme, s\u2019est vite estomp\u00e9e au profit de la client\u00e8le de masse. Sauver Yasmine-Hammamet est une priorit\u00e9 avant d\u2019envisager toute forme de relance de l\u2019investissement dans l\u2019h\u00f4tellerie baln\u00e9aire. Le mod\u00e8le de d\u00e9veloppement qui tend \u00e0 isoler davantage le touriste de la population locale est en contradiction avec un des objectifs fondamentaux pour lesquels le tourisme a \u00e9t\u00e9 cr\u00e9\u00e9. Et ce n\u2019est pas par hasard que le tourisme a pleinement r\u00e9ussi \u00e0 Sousse et beaucoup moins ailleurs, c\u2019est parce que cette ville offre au touriste, au-del\u00e0 de l\u2019h\u00f4tel et de la plage, la possibilit\u00e9 d\u2019immersion dans la population locale, ce qui constitue l\u2019essence m\u00eame du voyage. Yasmine-Hammamet pourrait se d\u00e9velopper en tant que ville baln\u00e9aire r\u00e9sidentielle gr\u00e2ce \u00e0 sa proximit\u00e9 de la capitale. Ce positionnement privil\u00e9gi\u00e9 peut en faire la grande banlieue de Tunis et attirer une classe moyenne avide de vivre dans un tel cadre de vill\u00e9giature, tout en continuant d\u2019exercer \u00e0 Tunis. Pour ce faire, l\u2019Etat doit favoriser une politique de d\u00e9veloppement et de promotion urbaine stricte qui interdirait la sp\u00e9culation et tiendrait compte du pouvoir d\u2019achat des nouveaux habitants. Il doit aussi mettre en place une liaison ferroviaire rapide qui att\u00e9nuera la pression sur l\u2019autoroute et mettra la station \u00e0 seulement 30 minutes du centre de Tunis. Cette ligne sera rentable d\u2019autant plus qu\u2019elle se prolongera jusqu\u2019\u00e0 l\u2019a\u00e9roport d\u2019Enfidha. Ainsi, Yasmine-Hammamet pourrait devenir un p\u00f4le touristique de premier plan \u00e0 l\u2019instar de Sousse et r\u00e9conciliera le touriste avec sa motivation premi\u00e8re qui est la rencontre du Tunisien. Le projet de \u00abTunisian Riviera\u00bb Le tourisme haut de gamme est devenu une nouvelle r\u00e9alit\u00e9 dont il faudra tenir compte. Il est le seul segment \u00e0 avoir prouv\u00e9 sa grande r\u00e9sistance aux crises et \u00e0 afficher une croissance constante. Le nombre de millionnaires dans le monde est estim\u00e9 en 2011 \u00e0 38 millions. Ce nombre explose en Chine, en Inde, au Bresil et en Russie en particulier, et les pr\u00e9visions tablent sur une augmentation de 72,5% a l\u2019horizon 2020 pour atteindre 65,5 millions. Cette client\u00e8le, dont 66% fr\u00e9quente la M\u00e9diterran\u00e9e, est devenue un enjeu \u00e9conomique qui attise les convoitises aussi bien des voyagistes que des destinations touristiques par l\u2019importance de sa valeur ajout\u00e9e par rapport au tourisme bas de gamme et de moyenne gamme. Les probl\u00e8mes d\u2019ins\u00e9curit\u00e9 et de chert\u00e9 des prestations et services sur la C\u00f4te d\u2019Azur et dans certaines stations espagnoles hupp\u00e9es (Ibiza et Marbella) poussent de plus en plus la client\u00e8le riche \u00e0 les d\u00e9serter au profit de nouvelles destinations alternatives. C\u2019est ainsi que la Croatie en particulier est en train d\u2019\u00e9merger en tant que destination du tourisme de luxe en M\u00e9diterran\u00e9e et le Maroc, l\u2019Egypte et la Turquie sont bien situ\u00e9s pour revendiquer un tel positionnement.  Pour ce qui est de la Tunisie, il n\u2019est pas encore tard de miser sur ce segment de march\u00e9, eu \u00e9gard aux multiples atouts dont elle dispose et qui ne demandent qu\u2019\u00e0 \u00eatre l\u2019objet d\u2019une vision plus ambitieuse. La \u00abTunisian Riviera\u00bb n\u2019est pas \u00e0 inventer, elle existe d\u00e9j\u00e0 et elle est en train de se structurer sans qu\u2019on y prenne conscience. Il s\u2019agit de l\u2019arc de cercle compris entre Bizerte et Korbous (appel\u00e9 a devenir la Mecque du tourisme thermal et m\u00e9dical en M\u00e9diterran\u00e9e) qui devrait constituer, \u00e0 terme, le pendant \u00e0 la C\u00f4te d\u2019Azur et ferait de la Tunisie une destination captive du tourisme de luxe en M\u00e9diterran\u00e9e. Un tel projet ne doit en aucun cas \u00eatre confi\u00e9 \u00e0 une bureaucratie d\u00e9pourvue de go\u00fbt, de vision et d\u2019audace et responsable en grande partie du d\u00e9clin actuel du tourisme tunisien.<\/font><\/div>\n<div>\u00a0<\/div>\n<div>\n<div align=\"left\"><span dir=\"ltr\" lang=\"FR-CH\"><font><strong>(Source : \u00ab<\/strong><strong>kapitalis\u00bb, le 12 juin 2011)<\/strong><\/font><\/span><\/div>\n<\/div>\n<div> <a target=\"_blank\" rel=\"noopener\"><font>http:\/\/www.kapitalis.com\/kapital\/34-economie\/4357-tunisie-le-tourisme-balneaire-a-besoin-dun-second-souffle.html<\/font><\/a> \u00a0<\/div>\n<div>\n<hr\/>\n<\/div>\n<div align=\"center\"><strong><\/p>\n<h3 style=\"color: blue;\"><font size=\"3\">Tunisie : pour fleurir, la d\u00e9mocratie a besoin d&rsquo;un cadre \u00e9conomique et social apais\u00e9<\/font><\/h3>\n<p><\/strong><\/div>\n<div>\n<hr\/>\n<\/div>\n<div align=\"justify\"> <font>Il est regrettable de voir un \u00e9conomiste s&rsquo;impliquer avec autant de v\u00e9h\u00e9mence dans un d\u00e9bat lorsqu&rsquo;il ne dispose pas de tous les \u00e9l\u00e9ments. Ceci est d&rsquo;autant plus regrettable lorsque cet \u00e9conomiste est laur\u00e9at du prix Nobel et, qu&rsquo;\u00e0 ce titre, sa voix porte tout particuli\u00e8rement, et lorsque le d\u00e9bat porte sur l&rsquo;avenir d&rsquo;un pays qui montre la voie \u00e0 toute une r\u00e9gion. Ainsi, Edmund Phelps \u00e9crit-il dans Le Monde dat\u00e9 26 mai, \u00e0 propos d&rsquo;une tribune publi\u00e9e dans Le Monde dat\u00e9 18 mai sign\u00e9e par \u00ab\u00a0un groupe d&rsquo;\u00e9conomistes europ\u00e9ens proposant aux responsables du G8, un plan \u00e9conomique pour la Tunisie\u00a0\u00bb, que le \u00ab\u00a0diagnostic est erron\u00e9\u00a0\u00bb. Il laisse alors entendre que l&rsquo;aide demand\u00e9e n&rsquo;est pas justifi\u00e9e et ajoute que \u00ab\u00a0le mal commis par le r\u00e9gime Ben Ali ne provenait pas du fait qu&rsquo;il tol\u00e9rait des prix libres dans le secteur de l&rsquo;alimentation et de l&rsquo;\u00e9nergie\u00a0\u00bb. Il commet l\u00e0 un contresens profond par m\u00e9connaissance des faits. En effet, le r\u00e9gime de Ben Ali ne tol\u00e9rait absolument pas des prix libres dans le secteur de l&rsquo;alimentation et de l&rsquo;\u00e9nergie. Bien au contraire, les prix de ces denr\u00e9es de base ont toujours \u00e9t\u00e9 soutenus par le biais de la Caisse g\u00e9n\u00e9rale de compensation. Et lorsque les \u00e9conomistes signataires de l&rsquo;Appel du 18 mai \u2014 qui, soit dit en passant, ne sont pas exclusivement europ\u00e9ens puisque l&rsquo;on y compte des universitaires de Columbia, d&rsquo;Harvard ou de Tokyo et notamment Joseph Stiglitz, autre prix Nobel d&rsquo;\u00e9conomie \u2013 appellent \u00e0 soutenir les prix, ce n&rsquo;est pas pour introduire des distorsions nouvelles dans l&rsquo;\u00e9quilibre \u00e9conomique mais pour poursuivre une politique d\u00e9j\u00e0 en place et qu&rsquo;il serait explosif de suspendre en pleine p\u00e9riode r\u00e9volutionnaire, en pleine p\u00e9riode de revendications sociales. Ces subventions deviennent aujourd&rsquo;hui insoutenables pour l&rsquo;\u00e9conomie tunisienne et ce pour deux raisons : le rench\u00e9rissement des mati\u00e8res premi\u00e8res sur les march\u00e9s internationaux d&rsquo;une part et d&rsquo;autre part, le choc subi par l&rsquo;\u00e9conomie tunisienne suite \u00e0 la r\u00e9volution (baisse d&rsquo;activit\u00e9, chute des recettes touristiques\u2026) et suite \u00e9galement \u00e0 la guerre en Libye dont la Tunisie paye les dommages collat\u00e9raux (retour des travailleurs tunisiens expatri\u00e9s, accueil de dizaines de milliers r\u00e9fugi\u00e9s, chute de l&rsquo;activit\u00e9 commerciale avec ce qui \u00e9tait le deuxi\u00e8me partenaire commercial de la Tunisie\u2026). Elles sont insoutenables et pourtant les supprimer brutalement mettrait le feu aux poudres. Personne n&rsquo;a pr\u00e9conis\u00e9 \u00ab\u00a0la distribution de nourriture et de carburant\u00a0\u00bb et, heureusement, l&rsquo;\u00e9conomie tunisienne n&rsquo;en est absolument pas l\u00e0. Le soutien demand\u00e9 \u00e0 la communaut\u00e9 internationale avait notamment pour objectif de lisser la transition d&rsquo;une \u00e9conomie administr\u00e9e vers une \u00e9conomie plus libre et porteuse d&rsquo;ambitions \u00e9conomiques et sociales. Il \u00e9tait ventil\u00e9 en deux volets : une aide imm\u00e9diate et un soutien \u00e0 un plan de d\u00e9veloppement portant sur les infrastructures, les PME, les services, l&rsquo;interm\u00e9diation financi\u00e8re, etc. Car nous sommes bien s\u00fbr d&rsquo;accord pour dire que le d\u00e9veloppement \u00e9conomique ne peut se faire sans une r\u00e9forme en profondeur de la gouvernance mettant notamment fin au \u00ab\u00a0contr\u00f4le politique du secteur des affaires par une caste privil\u00e9gi\u00e9e\u00a0\u00bb, une lev\u00e9e des freins \u00e0 l&rsquo;entrepreneuriat, la suppression du \u00ab\u00a0contr\u00f4le bureaucratique de l&rsquo;auto-entrepreneuriat au travers des licences et autres obstacles\u00a0\u00bb. Nous sommes \u00e9galement d&rsquo;accord pour affirmer que le soutien au d\u00e9veloppement ne peut se r\u00e9sumer \u00e0 des aides budg\u00e9taires imm\u00e9diates. Mais les deux volets ne sont pas en opposition et sont, bien au contraire, compl\u00e9mentaires. Car pour fleurir, la d\u00e9mocratie a besoin d&rsquo;un cadre \u00e9conomique et social apais\u00e9 et d&rsquo;anticipations porteuses d&rsquo;espoir. Ely\u00e8s Jouini, professeur des universit\u00e9s, vice-pr\u00e9sident de l&rsquo;universit\u00e9 Paris-Dauphine, membre de l&rsquo;Institut universitaire de France<\/font><\/div>\n<div>\u00a0<\/div>\n<div align=\"left\"><span dir=\"ltr\" lang=\"FR-CH\"><font face=\"Arial\" size=\"2\"><strong>(Source : \u00ab lemonde.fr\u00bb, le 13 juin 2011)<\/strong><\/font><\/span> <a target=\"_blank\" rel=\"noopener\"><font>http:\/\/www.lemonde.fr\/idees\/article\/2011\/06\/13\/tunisie-pour-fleurir-la-democratie-a-besoin-d-un-cadre-economique-et-social-apaise_1534669_3232.html<\/font><\/a> \u00a0<\/div>\n<div>\n<hr\/>\n<\/div>\n<div align=\"center\"><strong><\/p>\n<h3 style=\"color: blue;\"><font size=\"3\">La France formera 100 jeunes tunisiens dans les m\u00e9tiers de l\u2019h\u00f4tellerie<\/font><\/h3>\n<p><\/strong><\/div>\n<div>\n<hr\/>\n<\/div>\n<div> <font>La France et la Tunisie ont sign\u00e9, le samedi 11 mai, une convention une convention de jumelage entre des instituts de formations touristiques tunisiens et la chambre des m\u00e9tiers de Seine-Saint-Denis. Cette convention sign\u00e9e par Fr\u00e9d\u00e9ric Lefevbre, secr\u00e9taire d&rsquo;Etat fran\u00e7ais au commerce, \u00e0 l&rsquo;artisanat et au tourisme et Medhi Houas, ministre du Tourisme tunisien, pr\u00e9voit des actions de formation destin\u00e9es \u00e0 faciliter la mont\u00e9e en gamme du tourisme tunisien. Un premier contingent de 15 tunisiens et tunisiennes s\u2019envolera, le 13 juin, pour Paris o\u00f9 ils recevront une formation dans le domaine de la boulangerie et de la p\u00e2tisserie \u00e0 Bobigny. Ils doivent \u00eatre suivis rapidement par 85 autres Tunisiens venus parfaire leur formation dans le domaine des m\u00e9tiers de l&rsquo;h\u00f4tellerie. \u00abLa nouvelle Tunisie veut retrouver ses racines, son histoire. Le tourisme tunisien veut monter en gamme, changer de nature, et la France veut l&rsquo;aider \u00e0 atteindre cet objectif\u00bb, a d\u00e9clar\u00e9, \u00e0 cette occasion, Fr\u00e9d\u00e9ric Lefevbre. Et d\u2019ajouter: \u00abNous nous sommes fix\u00e9 un objectif de 300 formateurs \u00e0 plus long terme\u00bb. Mehdi Houas a pr\u00e9cis\u00e9, quant \u00e0 lui, que \u00abces formateurs reviendront former \u00e0 leur tour des cadres et des artisans\u00bb.<\/font><\/div>\n<div>\u00a0<\/div>\n<div align=\"left\"><span dir=\"ltr\" lang=\"FR-CH\"><font face=\"Arial\" size=\"2\"><strong>(Source : \u00ab kapitalis \u00bb, le 9 juin 2011)<\/strong><\/font><\/span> <a target=\"_blank\" rel=\"noopener\"><font>http:\/\/www.kapitalis.com\/afkar\/68-tribune\/4355-les-operateurs-etrangers-ne-volent-pas-le-pain-des-tunisiens.html<\/font><\/a><\/div>\n<div>\n<hr\/>\n<\/div>\n<div align=\"center\"><strong><\/p>\n<h4 style=\"color: blue;\"><font size=\"3\">Google ne compte pas s\u2019implanter en Tunisie<\/font><\/h4>\n<p><\/strong><\/div>\n<div>\n<hr\/>\n<\/div>\n<div> <font>\u00abJ&rsquo;encourage les ing\u00e9nieurs tunisiens \u00e0 postuler aupr\u00e8s de Google, \u00e0 l&rsquo;adresse Google.com\/jobs. J&rsquo;encourage \u00e9galement les \u00e9tudiants tunisiens \u00e0 faire des stages chez Google\u00bb dixit William Kanaan, responsable de la zone MENA aupr\u00e8s du g\u00e9ant mondial du web. Mais Google ne compte pas pour autant s&rsquo;implanter en Tunisie. William Kanaan, New Business Development Manager de la r\u00e9gion du Moyen-Orient et Afrique du Nord chez Google a \u00e9t\u00e9 parmi nous, en Tunisie, jusqu&rsquo;au 9 juin. Il \u00e9tait l&rsquo;invit\u00e9 de marque de la communaut\u00e9 TunAndroid. Et durant son s\u00e9jour, il a retenu, comme il se doit, l&rsquo;attention des m\u00e9dias tunisiens. On aura ainsi retenu l&rsquo;interview qu&rsquo;il a accord\u00e9e \u00e0 une station radio r\u00e9gionale, Jawhara FM en l&rsquo;occurrence. Le responsable a \u00e9t\u00e9 dithyrambique sur la R\u00e9volution Tunisienne. Il mart\u00e8lera \u00abla libert\u00e9 d&rsquo;expression et l&rsquo;internet ouvert sont \u00e0 la base de nos croyances. Il y a plus d&rsquo;opportunit\u00e9s ouvertes \u00e0 nous depuis la R\u00e9volution. Il ya plus de produits et services qu&rsquo;on peut proposer. Vous allez voir plus de choses qui seront disponibles pour les usagers tunisiens\u00bb. Nouveaux services Google pour les Tunisiens Au cours de l&rsquo;\u00e9v\u00e9nement Tunandroid, le responsable de Google avait d\u00e9j\u00e0 \u00e9num\u00e9r\u00e9, durant son expos\u00e9, les projets qu&rsquo;a entam\u00e9s le g\u00e9ant du web pour mettre le grappin sur les internautes tunisiens. \u00abLa pierre angulaire a \u00e9t\u00e9 pos\u00e9e par le lancement du nom de domaine Google.tn, nous avons ensuite adapt\u00e9 la plateforme vid\u00e9o Youtube pour r\u00e9f\u00e9rencer son contenu relatif \u00e0 la Tunisie. Un accord a \u00e9t\u00e9 conclu \u00e9galement avec un op\u00e9rateur mobile local (Tunisiana en l&rsquo;occurrence) pour rendre possible l&rsquo;envoi des messages textes \u00e0 ses clients via la fonction Gmail SMS. Et on ne compte pas s&rsquo;arr\u00eater en si bon chemin, une \u00e9bauche de Google Map est en cours de cr\u00e9ation avec le peu d&rsquo;informations que l&rsquo;on dispose sur les donn\u00e9es g\u00e9ographiques du pays. D&rsquo;ailleurs, je vous encourage \u00e0 utiliser l&rsquo;outil de cr\u00e9ation Map Maker pour enrichir notre base de donn\u00e9es\u00bb dixit M. William Kanaan. Google lance un appel aux Tunisiens Mais Google recrutera-t-il pour autant des comp\u00e9tences tunisiennes ? Sur ce point, M. Kanaan affirme : \u00abOn continue \u00e0 s&rsquo;\u00e9tendre dans la r\u00e9gion. Je suis s\u00fbr que la Tunisie va jouer un r\u00f4le important dans un futur proche. J&rsquo;encourage les ing\u00e9nieurs tunisiens \u00e0 postuler aupr\u00e8s de Google, \u00e0 l&rsquo;adresse Google.com\/jobs. J&rsquo;encourage \u00e9galement les \u00e9tudiants tunisiens \u00e0 faire des stages chez Google\u00bb. Mais contrairement \u00e0 ce que certains ont laiss\u00e9 entendre, le mastodonte am\u00e9ricain ne compte pas s&rsquo;installer en Tunisie. Les derni\u00e8res paroles prononc\u00e9es par le responsable de la zone MENA chez Google au cours de la conf\u00e9rence Tunandroid ne laissent pas de place au doute. Avant de quitter l&rsquo;estrade, William Kanaan a r\u00e9pondu par la n\u00e9gative \u00e0 la question d&rsquo;un intervenant sur une \u00e9ventuelle ouverture d&rsquo;un bureau Google charg\u00e9, \u00e0 part enti\u00e8re, de la division tunisienne. \u00abAssurez-vous que, si \u00e7a allait arriver, tout le plaisir serait pour moi, mais ceci n&rsquo;est pas actuellement dans nos plans. Cependant, je vous encourage vivement \u00e0 adh\u00e9rer \u00e0 la communaut\u00e9 Tunis-Google Technologie User Group qui va b\u00e9n\u00e9ficier de l&rsquo;assistance et de l&rsquo;aide de notre maison m\u00e8re. Dans l&rsquo;espoir que ce premier pas incite Google \u00e0 s&rsquo;implanter en Tunisie\u00bb a-t-il affirm\u00e9. A nos questions sur les ambitions de Google en Tunisie, M. Kanaan a indiqu\u00e9 que la politique de d\u00e9clarations aux m\u00e9dias de sa soci\u00e9t\u00e9 lui interdit de parler de ce sujet.<\/font> \u00a0<\/div>\n<div><font>Mohamed Jebri<\/font><\/div>\n<div>\u00a0<\/div>\n<div align=\"left\"><span dir=\"ltr\" lang=\"FR-CH\"><font face=\"Arial\" size=\"2\"><strong>(Source : \u00abtekiano\u00bb, le 12 juin 2011)<\/strong><\/font><\/span> <a target=\"_blank\" rel=\"noopener\"><font>http:\/\/www.tekiano.com\/net\/7-web-2-0\/3892-google-ne-compte-pas-simplanter-en-tunisie.html<\/font><\/a><\/div>\n<div><font face=\"Arial\" size=\"2\"><\/p>\n<hr\/>\n<p><\/font><\/div>\n<div align=\"center\"><strong><\/p>\n<h4 style=\"color: blue;\"><font face=\"Arial\" size=\"3\">Maroc : Les jeunes du 20 f\u00e9vrier sur les traces des tunisiens ?<\/font><\/h4>\n<p><\/strong><\/div>\n<div>\n<hr\/>\n<\/div>\n<div> <font face=\"Arial\">Le mouvement du \u00ab20 f\u00e9vrier\u00bb qui r\u00e9clame des r\u00e9formes politiques \u00abprofondes\u00bb au Maroc, prend de l\u2019ampleur. Pour la \u00e9ni\u00e8me fois, son appel \u00e0 l\u2019organisation des marches, des manifestations et des sit-in pour d\u00e9noncer la corruption et l\u2019am\u00e9lioration des conditions sociales de la population, a \u00e9t\u00e9 entendu dans plusieurs villes du Royaume. M\u00eame s\u2019il fut lanc\u00e9 apr\u00e8s la remise au Roi du projet de r\u00e9forme de l\u2019actuelle Constitution et tout au plus quelques jours avant un discours de Mohamed VI o\u00f9 il annoncerait la date du r\u00e9f\u00e9rendum, probablement d\u00e9but juillet prochain. Au grand dam des jeunes du mouvement \u00abpacifique et ouvert\u00bb du 20 f\u00e9vrier et de l\u2019opposition d\u00e9mocratique, les articles 19 et 23 de l\u2019actuelle loi qui consacre la dimension religieuse du Roi en tant que \u00abcommandeur des croyants\u00bb et en qualit\u00e9 de \u00abpersonne sacr\u00e9e\u00bb et \u00absource de l\u00e9gislation\u00bb n\u2019ont pas \u00e9t\u00e9 touch\u00e9s. La r\u00e9duction de certaines pr\u00e9rogatives du Roi au profit du Premier ministre qui deviendrait \u00abpr\u00e9sident du gouvernement\u00bb avec possibilit\u00e9 de participer \u00e0 la d\u00e9signation de ministres, d\u2019ambassadeurs et de hauts fonctionnaires de l\u2019Etat, ne semble pas convaincre grand monde, car le monarque gardera, in fine, la direction du conseil des ministres. Le Roi a-t-il d\u00e9cid\u00e9 d\u2019ignorer les revendications politiques \u00abdu 20 f\u00e9vrier\u00bb : instauration d\u2019une \u00abv\u00e9ritable\u00bb monarchie parlementaire dans laquelle le Roi r\u00e8gne, mais ne gouverne pas, un gouvernement issu de la majorit\u00e9 politique et responsable devant le parlement, l\u2019ind\u00e9pendance de la justice conform\u00e9ment au principe de s\u00e9paration des pouvoirs, la libert\u00e9 de la presse, la lib\u00e9ration de tous les d\u00e9tenus et le jugement de tous les responsables de dilapidation des biens publics ? \u00abOui\u00bb \u00e0 voir les derni\u00e8res interventions des services de s\u00e9curit\u00e9 pour disperser les manifestants et les \u00abpr\u00e9occupations\u00bb d\u2019Amnesty international et de Commission europ\u00e9enne sous pr\u00e9texte qu\u2019ils sont manipul\u00e9s par les islamistes et les gauchistes. Ce mouvement, qui a pris acte le 9 mars dernier, de l\u2019intention de Mohammed VI de consacrer, dans la foul\u00e9e de la r\u00e9volution tunisienne, le principe de la s\u00e9paration des pouvoirs, semble avoir saisi que le Roi n\u2019a pas c\u00e9d\u00e9 comme le pr\u00e9tendent ses conseillers \u00ab60% de ses pouvoirs \u00e0 la primature\u00bb d\u00e8s lors qu\u2019il gardera le pouvoir religieux, militaire s\u00e9curitaire, \u00e0 travers le Conseil de s\u00e9curit\u00e9 et qu\u2019on reste dans la logique d\u2019un souverain signifiant \u00e0 ses sujets : \u00abC\u2019est moi qui fais le projet de soci\u00e9t\u00e9 et c\u2019est vous qui \u00eates en concurrence pour l\u2019ex\u00e9cuter\u00bb. Un \u00abprintemps marocain\u00bb \u00e0 l\u2019horizon ? Les \u00e9lites politiques du Royaume sont inqui\u00e8tes. Surtout quand celles-ci rappellent que le pays a aussi \u2018\u2019sa\u2019\u2019 famille Ben Ali et Trabelsi. Comme la tunisienne, la famille royale ch\u00e9rifienne est partout. Notamment dans l\u2019\u00e9olien, les banques, la grande distribution, le tourisme, les nouvelles technologies, la t\u00e9l\u00e9phonie mobile, etc. Autre bombe \u00e0 retardement, les indicateurs sociaux. Ils sont tous ou presque au rouge. Le ch\u00f4mage avoisine les 40 % et le revenu par t\u00eate culmine \u00e0 hauteur de la moiti\u00e9 de celui de la Tunisie qui est d\u00e9j\u00e0 mal loti. Les jours \u00e0 venir seront d\u00e9cisifs pour l\u2019avenir du Maroc o\u00f9 les jeunes refusent globalement et dans le d\u00e9tail une constitution programm\u00e9e pour embellir la fa\u00e7ade d\u2019une monarchie qui, pour soigner son \u00abexception\u00bb, s\u2019appr\u00eate \u00e0 normaliser \u00abgratuitement\u00bb avec Isra\u00ebl. Sur les 20 \u00abma\u00eetres en danse orientale qui participent \u00e0 la 2e \u00e9dition du Festival international de danse orientale qui se tient \u00e0 Marrakech jusqu\u2019\u00e0 aujourd\u2019hui deux sont Isra\u00e9liens.<\/font><\/div>\n<div>\u00a0<\/div>\n<div><font face=\"Arial\"><strong><font>(Source: \u201cdonnetonavis.fr\u201d le 13 juin 2011)<\/font><\/strong><font> <\/font><\/font><a href=\"http:\/\/www.donnetonavis.fr\/actu\/news\/maroc-les-jeunes-du-20-fevrier-sur-les-traces-des-tunisiens.html\" target=\"_blank\" rel=\"noopener\"><font face=\"Arial\">http:\/\/www.donnetonavis.fr\/actu\/news\/maroc-les-jeunes-du-20-fevrier-sur-les-traces-des-tunisiens.htm<\/font><\/a><\/div>\n<div align=\"left\">\u00a0<\/div>\n<div align=\"left\">\n<hr\/>\n<\/div>\n<div align=\"center\"><strong><\/p>\n<h4 style=\"color: blue;\"><font face=\"Arial\" size=\"3\">Le roi de Jordanie promet d&rsquo;acc\u00e9l\u00e9rer les r\u00e9formes d\u00e9mocratiques<\/font><\/h4>\n<p><\/strong><\/div>\n<div align=\"left\" dir=\"ltr\"><font face=\"Arial\">Abdallah II, le roi de Jordanie, s&rsquo;est engag\u00e9, dimanche 12 juin au soir, \u00e0 des r\u00e9formes menant \u00e0 un syst\u00e8me parlementaire, tout en mettant en garde contre les risques de chaos dont seraient porteuses les manifestations de rue. A l&rsquo;occasion du douzi\u00e8me anniversaire de son accession au tr\u00f4ne, le monarque a apport\u00e9 son soutien \u00e0 un projet de r\u00e9forme de la loi \u00e9lectorale dans son premier discours t\u00e9l\u00e9vis\u00e9 depuis le d\u00e9clenchement du mouvement de protestation en Jordanie mi-janvier. Celui-ci pr\u00e9voit que les membres du gouvernement ne seraient plus choisis par le roi mais \u00e9lus par le parlement. SOUS-REPR\u00c9SENTATION DES VILLES Cette r\u00e9forme a \u00e9t\u00e9 \u00e9labor\u00e9e par une commission mise en place par le gouvernement pour tenter de r\u00e9pondre aux revendications de manifestants qui se sont rassembl\u00e9s, pendant plusieurs semaines, dans la foul\u00e9e des mouvements tunisien et \u00e9gyptien. D\u00e9voil\u00e9es la semaine pr\u00e9c\u00e9dente, les propositions de la commission gouvernementale n&rsquo;ont toutefois pas satisfait l&rsquo;opposition. Le projet de r\u00e9forme maintient notamment la sous-repr\u00e9sentation parlementaire des villes du pays, aux populations majoritairement palestiniennes, et pr\u00e9serve la domination des zones rurales et tribales faiblement peupl\u00e9es. \u00ab\u00a0CHAOS ET ZIZANIE\u00a0\u00bb Dans son discours, le roi a d&rsquo;autre part d\u00e9nonc\u00e9 \u00ab\u00a0les diktats de la rue et l&rsquo;absence de la voix de la raison\u00a0\u00bb. Le souverain faisait ainsi r\u00e9f\u00e9rence au mouvement de protestation de l&rsquo;opposition, notamment islamique, qui r\u00e9clame des r\u00e9formes politiques et \u00e9conomiques ainsi que la fin de la corruption. Il a soulign\u00e9 que \u00ab\u00a0personne en Jordanie n&rsquo;a le monopole des r\u00e9formes ou leur promotion\u00a0\u00bb. \u00ab\u00a0Nous devons faire la diff\u00e9rence entre les changements d\u00e9mocratiques r\u00e9alisables et les risques de chaos et de zizanie\u00a0\u00bb, a-t-il ajout\u00e9. Tout en se disant engag\u00e9 dans la lutte contre la corruption, le roi a n\u00e9anmoins d\u00e9nonc\u00e9 \u00e0 nouveau les propos bas\u00e9s \u00ab\u00a0sur les rumeurs et les potins (\u2026) qui affecte[nt] n\u00e9gativement l&rsquo;image de la Jordanie dans le monde\u00a0\u00bb. Il a \u00e9galement \u00e9voqu\u00e9 la \u00ab\u00a0d\u00e9t\u00e9rioration de la presse\u00a0\u00bb, \u00ab\u00a0celle qui encourage la haine\u00a0\u00bb. <\/font> \u00a0<\/div>\n<div align=\"left\" dir=\"ltr\"><span dir=\"ltr\" lang=\"FR-CH\"><font face=\"Arial\" size=\"2\"><strong>(Source : \u00ab lemonde.fr\u00bb, le 9 juin 2011)<\/strong><\/font><\/span><\/div>\n<div align=\"left\" dir=\"ltr\">\u00a0<\/div>\n<div align=\"left\" dir=\"ltr\"><a target=\"_blank\" rel=\"noopener\"><font face=\"Arial\">http:\/\/www.lemonde.fr\/proche-orient\/article\/2011\/06\/13\/le-roi-de-jordanie-promet-d-accelerer-les-reformes-democratiques_1535285_3218.html<\/font><\/a> \u00a0<\/div>\n<div align=\"left\" dir=\"ltr\">\n<hr\/>\n<\/div>\n<div align=\"center\" dir=\"ltr\"><strong><\/p>\n<h4 style=\"color: blue;\"><font size=\"3\"><font face=\"Arial\">Le Premier ministre turc Erdogan devra n\u00e9gocier avec l&rsquo;opposition<\/font><\/font><\/h4>\n<p><\/strong><\/div>\n<div align=\"left\" dir=\"ltr\">\n<hr\/>\n<\/div>\n<div align=\"left\" dir=\"ltr\"><font face=\"Arial\">De Sibel UTKU (AFP) \u2013 il y a 1 heure ANKARA \u2014 Grand vainqueur des \u00e9lections l\u00e9gislatives dimanche, le Premier ministre turc Recep Tayyip Erdogan devra pourtant n\u00e9gocier avec l&rsquo;opposition et tenir compte du vote kurde, s&rsquo;il veut mener \u00e0 bien son projet de changer la constitution. Le Parti de la justice et du d\u00e9veloppement (AKP), qui est issu de la mouvance islamiste, a rassembl\u00e9 49,9 % des suffrages, selon les r\u00e9sultats encore non officialis\u00e9s, son meilleur score, et sa troisi\u00e8me victoire cons\u00e9cutive \u00e0 des l\u00e9gislatives. Mais l&rsquo;AKP, qui est au pouvoir depuis 2002, n&rsquo;a pas atteint le chiffre fatidique des 330 si\u00e8ges au Parlement qui lui aurait permis de lancer son projet de r\u00e9forme de la Constitution sans le soutien des autres partis. Il contr\u00f4le 326 si\u00e8ges. \u00ab\u00a0Le peuple&#8230; nous a adress\u00e9 le message que la nouvelle Constitution doit se faire par le compromis, la consultation et la n\u00e9gociation\u00a0\u00bb, a d\u00e9clar\u00e9 M. Erdogan, dans un discours c\u00e9l\u00e9brant sa victoire. \u00ab\u00a0Nous ne fermerons pas nos portes, nous irons vers l&rsquo;opposition\u00a0\u00bb, a-t-il dit. Durant la campagne, M. Erdogan s&rsquo;est engag\u00e9 \u00e0 changer le texte fondamental h\u00e9rit\u00e9 du coup d&rsquo;Etat militaire de 1980. Mais il n&rsquo;a pas donn\u00e9 de d\u00e9tails. Le principal parti d&rsquo;opposition, situ\u00e9 au centre-gauche, le Parti r\u00e9publicain du peuple (CHP), est venu en seconde position, avec 25,9 % des voix et 135 si\u00e8ges, suivi du Parti de l&rsquo;action nationaliste (MHP, nationaliste) avec 13 % et 53 si\u00e8ges. Outre, l&rsquo;AKP, le parti pro kurde BDP (Parti de la paix et de la d\u00e9mocratie) est lui aussi sorti vainqueur du scrutin, passant de 20 \u00e0 36 si\u00e8ges. Un soutien du BDP pourrait \u00eatre crucial pour aller de l&rsquo;avant vers une nouvelle Constitution mais ce parti pourrait poser ses conditions. Les repr\u00e9sentants des Kurdes, qui sont entre 12 et 15 millions sur une population de 73 millions, estiment que leur peuple devrait constituer un \u00e9l\u00e9ment distinct au sein de la nation turque, avec un statut d&rsquo;autonomie. La question kurde n&rsquo;est jamais loin dans la politique turque: le dirigeant emprisonn\u00e9 des rebelles kurdes, Abdullah \u00d6calan, a menac\u00e9 r\u00e9cemment Ankara d&rsquo;une guerre totale si des n\u00e9gociations s\u00e9rieuses ne s&rsquo;engagent pas entre le pouvoir et les rebelles, apr\u00e8s les \u00e9lections. La presse d&rsquo;opposition doute cependant de la volont\u00e9 r\u00e9elle de M. Erdogan de n\u00e9gocier et de tendre la main \u00e0 ses opposants.  \u00ab\u00a0Si le Premier ministre veut gouverner en paix, il devrait se rendre compte et ne jamais oublier qu&rsquo;il y a aussi 50 %\u00a0\u00bb de l&rsquo;\u00e9lectorat contre lui, \u00e9crit lundi l&rsquo;\u00e9ditorialiste Mehmet Yilmaz dans l&rsquo;\u00e9dition de lundi du journal H\u00fcrriyet. \u00ab\u00a0Est-ce que le Premier ministre est capable d&rsquo;accepter l&rsquo;existence de gens qui ne pensent pas comme lui ?\u00a0\u00bb, s&rsquo;interroge-t-il, dans une allusion aux sautes d&rsquo;humeur de M. Erdogan. Ce dernier a multipli\u00e9 les attaques, parfois personnelles, contre ses opposants, durant la campagne \u00e9lectorale. Et son projet de changement de Constitution, avec un syst\u00e8me pr\u00e9sidentiel qui serait taill\u00e9 \u00e0 sa mesure, font craindre certains pour l&rsquo;avenir de la d\u00e9mocratie turque. Des dizaines de journalistes sont en prison, et l&rsquo;opposition d\u00e9nonce des restrictions \u00e0 l&rsquo;usage de l&rsquo;internet ou sur les ventes d&rsquo;alcool. M. Erdogan a tent\u00e9 de rassurer tout le monde, dimanche soir: \u00ab\u00a0Personne ne doit douter du fait qu&rsquo;il sera pour moi une question d&rsquo;honneur que de prot\u00e9ger le style de vie, les croyances et les valeurs aussi bien de ceux qui ont vot\u00e9 pour moi que de ceux qui ont vot\u00e9 contre\u00a0\u00bb, a-t-il promis.<\/font> \u00a0<\/div>\n<div align=\"left\" dir=\"ltr\">\n<hr\/>\n<\/div>\n<div align=\"center\" dir=\"ltr\"> <font face=\"Arial\"><strong><\/p>\n<h4 style=\"color: blue;\"><font size=\"3\">Sarkozy \u00ab\u00a0pas homme d&rsquo;Etat\u00a0\u00bb (PS)<\/font><\/h4>\n<p><\/strong><font><\/font><\/font><\/div>\n<div align=\"left\" dir=\"ltr\">\n<hr\/>\n<\/div>\n<div align=\"left\" dir=\"ltr\"><strong><font face=\"Arial\">Avec AFP  <\/font><\/strong><font face=\"Arial\">13\/06\/2011 Le d\u00e9put\u00e9 PS Michel Sapin, proche de Fran\u00e7ois Hollande, a d\u00e9clar\u00e9 aujourd&rsquo;hui que \u00ab\u00a0pour Chirac, Nicolas Sarkozy n&rsquo;est pas un homme d&rsquo;Etat\u00a0\u00bb, en commentant l&rsquo;affirmation de l&rsquo;ex-pr\u00e9sident assurant qu&rsquo;il voterait pour Hollande en 2012. Dans une interview au Point.fr, Michel Sapin d\u00e9clare \u00ab\u00a0penser\u00a0\u00bb que Jacques Chirac \u00ab\u00a0\u00e9tait sur le mode provocateur\u00a0\u00bb. \u00ab\u00a0Mais, dit-il, la provocation peut \u00eatre s\u00e9rieuse\u00a0\u00bb.  \u00ab\u00a0Jacques Chirac est \u00e0 cet \u00e9gard repr\u00e9sentatif de ce que pensent beaucoup de gens (&#8230;) De nombreux Fran\u00e7ais s&rsquo;int\u00e9ressent \u00e0 la personnalit\u00e9 de celui qui va les repr\u00e9senter au nom de la France. Et ils n&rsquo;en peuvent plus de Nicolas Sarkozy\u00a0\u00bb, poursuit l&rsquo;ancien ministre.  Le d\u00e9put\u00e9 socialiste consid\u00e8re que Jacques Chirac a \u00ab\u00a0d\u00e9cern\u00e9 un brevet d&rsquo;homme d&rsquo;Etat \u00e0 Fran\u00e7ois Hollande\u00a0\u00bb, et fait valoir qu&rsquo;il n&rsquo;y en a que deux \u00ab\u00a0qui puissent le faire aujourd&rsquo;hui: Val\u00e9ry Giscard d&rsquo;Estaing et Jacques Chirac, car un ex-chef de l&rsquo;Etat est le mieux plac\u00e9 pour juger de ce genre de chose\u00a0\u00bb. \u00ab\u00a0Et d&rsquo;ailleurs, dit-il, si on interrogeait Giscard, je ne suis pas s\u00fbr que sa r\u00e9ponse soit bien diff\u00e9rente de celle de Chirac&#8230; \u00a0\u00bb  Michel Sapin \u00ab\u00a0ne voit pas en quoi\u00a0\u00bb le soutien de Jacques Chirac \u00e0 Fran\u00e7ois Hollande \u00ab\u00a0serait mal\u00a0\u00bb. \u00ab\u00a0Les camarades du PS qui seraient tent\u00e9s de jouer l\u00e0-dessus pour lui nuire, et sans doute certains ont commenc\u00e9, savent compter. En 2007, le PS a fait 47% des voix \u00e0 la pr\u00e9sidentielle. Pour l&#8217;emporter, il faut faire 51%, et pour cela, il vaut mieux engranger des voix au-del\u00e0 du PS\u00a0\u00bb, a-t-il expliqu\u00e9.  S&rsquo;agissant de la campagne de Fran\u00e7ois Hollande pour la primaire, Michel Sapin a relev\u00e9 que le d\u00e9put\u00e9 de Corr\u00e8ze \u00ab\u00a0ne stagne pas, il s&rsquo;adapte au nouveau paysage\u00a0\u00bb, apr\u00e8s la mise hors course de Dominique Strauss-Kahn<\/font><\/div>\n<div><font face=\"Arial\" size=\"2\"><\/p>\n<hr\/>\n<p><\/font><\/div>\n<\/div>\n<p><\/body><\/body><\/html><\/p>\n","protected":false},"excerpt":{"rendered":"<p>TUNISNEWS 11 \u00e8me ann\u00e9e, N\u00b04038 du 13.06.2011 archives : www.tunisnews.net AFP: Tunisie: gr\u00e8ve des douaniers, d\u00e9nonc\u00e9e par le minist\u00e8re des finances AFP: Tunisie : le budget pour 2011 augment\u00e9 de 11% AP: Abdelaziz J\u00e9ridi condamn\u00e9 \u00e0 quatre mois de prison ferme et une amende de 10.000 dinars tunisiens Reuters: Tunisians demand release of jailed police [&hellip;]<\/p>\n","protected":false},"author":1,"featured_media":22040,"comment_status":"open","ping_status":"open","sticky":false,"template":"","format":"standard","meta":{"inline_featured_image":false,"site-sidebar-layout":"default","site-content-layout":"","ast-site-content-layout":"default","site-content-style":"default","site-sidebar-style":"default","ast-global-header-display":"","ast-banner-title-visibility":"","ast-main-header-display":"","ast-hfb-above-header-display":"","ast-hfb-below-header-display":"","ast-hfb-mobile-header-display":"","site-post-title":"","ast-breadcrumbs-content":"","ast-featured-img":"","footer-sml-layout":"","ast-disable-related-posts":"","theme-transparent-header-meta":"","adv-header-id-meta":"","stick-header-meta":"","header-above-stick-meta":"","header-main-stick-meta":"","header-below-stick-meta":"","astra-migrate-meta-layouts":"default","ast-page-background-enabled":"default","ast-page-background-meta":{"desktop":{"background-color":"","background-image":"","background-repeat":"repeat","background-position":"center center","background-size":"auto","background-attachment":"scroll","background-type":"","background-media":"","overlay-type":"","overlay-color":"","overlay-opacity":"","overlay-gradient":""},"tablet":{"background-color":"","background-image":"","background-repeat":"repeat","background-position":"center center","background-size":"auto","background-attachment":"scroll","background-type":"","background-media":"","overlay-type":"","overlay-color":"","overlay-opacity":"","overlay-gradient":""},"mobile":{"background-color":"","background-image":"","background-repeat":"repeat","background-position":"center center","background-size":"auto","background-attachment":"scroll","background-type":"","background-media":"","overlay-type":"","overlay-color":"","overlay-opacity":"","overlay-gradient":""}},"ast-content-background-meta":{"desktop":{"background-color":"var(--ast-global-color-5)","background-image":"","background-repeat":"repeat","background-position":"center center","background-size":"auto","background-attachment":"scroll","background-type":"","background-media":"","overlay-type":"","overlay-color":"","overlay-opacity":"","overlay-gradient":""},"tablet":{"background-color":"var(--ast-global-color-5)","background-image":"","background-repeat":"repeat","background-position":"center center","background-size":"auto","background-attachment":"scroll","background-type":"","background-media":"","overlay-type":"","overlay-color":"","overlay-opacity":"","overlay-gradient":""},"mobile":{"background-color":"var(--ast-global-color-5)","background-image":"","background-repeat":"repeat","background-position":"center center","background-size":"auto","background-attachment":"scroll","background-type":"","background-media":"","overlay-type":"","overlay-color":"","overlay-opacity":"","overlay-gradient":""}},"footnotes":""},"categories":[],"tags":[58,42,29],"class_list":["post-16889","post","type-post","status-publish","format-standard","has-post-thumbnail","hentry","tag-58","tag-42","tag-fr"],"_links":{"self":[{"href":"https:\/\/tunisnews.net\/ar\/wp-json\/wp\/v2\/posts\/16889","targetHints":{"allow":["GET"]}}],"collection":[{"href":"https:\/\/tunisnews.net\/ar\/wp-json\/wp\/v2\/posts"}],"about":[{"href":"https:\/\/tunisnews.net\/ar\/wp-json\/wp\/v2\/types\/post"}],"author":[{"embeddable":true,"href":"https:\/\/tunisnews.net\/ar\/wp-json\/wp\/v2\/users\/1"}],"replies":[{"embeddable":true,"href":"https:\/\/tunisnews.net\/ar\/wp-json\/wp\/v2\/comments?post=16889"}],"version-history":[{"count":0,"href":"https:\/\/tunisnews.net\/ar\/wp-json\/wp\/v2\/posts\/16889\/revisions"}],"wp:featuredmedia":[{"embeddable":true,"href":"https:\/\/tunisnews.net\/ar\/wp-json\/wp\/v2\/media\/22040"}],"wp:attachment":[{"href":"https:\/\/tunisnews.net\/ar\/wp-json\/wp\/v2\/media?parent=16889"}],"wp:term":[{"taxonomy":"category","embeddable":true,"href":"https:\/\/tunisnews.net\/ar\/wp-json\/wp\/v2\/categories?post=16889"},{"taxonomy":"post_tag","embeddable":true,"href":"https:\/\/tunisnews.net\/ar\/wp-json\/wp\/v2\/tags?post=16889"}],"curies":[{"name":"wp","href":"https:\/\/api.w.org\/{rel}","templated":true}]}}