{"id":16855,"date":"2006-06-24T00:00:00","date_gmt":"2006-06-24T00:00:00","guid":{"rendered":"https:\/\/tunisnews.net\/24-juin-2006\/"},"modified":"2006-06-24T00:00:00","modified_gmt":"2006-06-24T00:00:00","slug":"24-juin-2006","status":"publish","type":"post","link":"https:\/\/tunisnews.net\/ar\/24-juin-2006\/","title":{"rendered":"24 juin 2006"},"content":{"rendered":"<p><html><head><meta content=\"text\/html\" description=\"  BRUNO ROGER, le p\u00e9d\u00e9g\u00e9 de Lazard Fr\u00e8res Paris, va r\u00e9cup\u00e9rer son yacht de 18   m\u00e8tres, vol\u00e9 le 5 mai dans le port de Bonifacio et retrouv\u00e9 vingt et un jours   plus tard dans celui de Sidi Bou Sa\u00efd, en Tunisie. Au terme d'\u00e2pres   n\u00e9gociations, les autorit\u00e9s tunisiennes ont accept\u00e9 de remettre ce luxueux   navire \u00e0 la disposition du grand banquier, afin qu'il puisse le faire   rapatrier. Les vacances en Corse de ce proche de Chirac sont sauv\u00e9es...\" http-equiv=\"Content-Type\"\/><\/head><body><body style=\"text-align: justify\"><\/p>\n<p align=\"center\"><b><a href=\"https:\/\/tunisnews.net\/ar\/\"><span>Home<\/span><span lang=\"FR-CH\"> &#8211; Accueil <\/span><span>&#8211; <\/span><span dir=\"rtl\" lang=\"AR-SA\">\u0627\u0644\u0631\u0626\u064a\u0633\u064a\u0629<\/span><\/a><\/b><\/p>\n<div> <font face=\"Arial\" size=\"2\"> <\/p>\n<div>\n<table border=\"1\" width=\"100%\">\n<tr>\n<td bgcolor=\"#efefef\" width=\"100%\"> <span lang=\"AR-SA\"> <\/p>\n<div align=\"left\">  <\/div>\n<div> <span lang=\"FR\"> <\/p>\n<div align=\"center\" dir=\"ltr\"> <font face=\"Arial\"><font size=\"2\"> <span lang=\"SV\"> <strong>TUNISNEWS<\/strong><\/span> <\/font><\/font> <\/div>\n<div align=\"center\" dir=\"ltr\"> <strong><font face=\"Arial\"><font size=\"2\">            7\u00a0\u00e8me\u00a0ann\u00e9e, <span lang=\"FR\">N\u00b0\u00a02224 du 24.06.2006<\/span><\/font><\/font><\/strong><\/div>\n<div align=\"center\" dir=\"ltr\"> <strong> <\/p>\n<div align=\"center\"> <b><span><blink> <font face=\"Arial\" size=\"2\">\u00a0archives : <\/font> <a href=\"https:\/\/tunisnews.net\/ar\/\" target=\"_blank\" rel=\"noopener\"> <font face=\"Arial\" size=\"2\" target=\"_blank\">              www.tunisnews.net<\/font><\/a><\/blink><\/span><\/b><font face=\"Arial\" size=\"2\"> <\/font> <\/div>\n<p> <\/strong><\/div>\n<p> <\/span><\/div>\n<div align=\"left\" dir=\"ltr\"> <font face=\"Arial\" size=\"2\"> <\/p>\n<hr noshade=\"\" size=\"8\"\/><\/font> <\/div>\n<div>\n<p><font> <\/p>\n<div align=\"left\">\n<div>\n<div> <font> <\/p>\n<div>\n<div>\n<div> <strong> <\/p>\n<div> <span lang=\"FR-CH\"> <\/p>\n<div>\n<div>\n<div> <font face=\"Arial\"> <\/p>\n<p> <b> <span lang=\"FR-CH\">                              Le Canard Enchain\u00e9: \u00adLa famille Ben Ali perd \u00ab\u00a0son\u00a0\u00bb                               yacht mais garde le cap<\/span><\/b><\/p>\n<p> <span lang=\"FR-CH\"> <\/p>\n<p> <b> <span lang=\"FR-CH\">                              Le site du CPR: Solidarit\u00e9 avec M. Dhaou Meskine<\/span><\/b><\/p>\n<p> <\/span> <span lang=\"FR-CH\"> <\/p>\n<p> <b> <span lang=\"FR-CH\"> <span lang=\"FR\"> <\/p>\n<h2 style=\"color: red;\"><font>D\u00e9bat autour de \u00ab\u00a0La presse                               au Maghreb\u00a0\u00bb su r TV5<\/font><\/h2>\n<p><\/span><\/span><\/b><\/p>\n<p><\/span><\/font><span lang=\"FR-CH\"><\/span><\/div>\n<\/p><\/div>\n<\/p><\/div>\n<p> <\/span><\/div>\n<p> <\/strong><\/div>\n<\/p><\/div>\n<\/p><\/div>\n<p> <\/font><\/div>\n<\/p><\/div>\n<\/p><\/div>\n<p> <\/font><\/p>\n<\/div>\n<p> <\/span><\/td>\n<\/tr>\n<\/table><\/div>\n<p> <\/font><\/div>\n<div>  \u00a0<\/div>\n<p><font face=\"Arial\" size=\"2\"><\/p>\n<div align=\"center\"> <strong><\/p>\n<h2 style=\"color: red;\"><font size=\"3\">\u00adLa famille Ben Ali perd \u00ab\u00a0son\u00a0\u00bb yacht   mais garde le cap<\/font><\/h2>\n<p><\/strong><\/div>\n<div align=\"justify\"> <strong><font>Le Canard encha\u00een\u00e9\u00bb- mercredi 21juin 2006<\/font><\/strong><\/div>\n<div align=\"justify\">     BRUNO ROGER, le p\u00e9d\u00e9g\u00e9 de Lazard Fr\u00e8res Paris, va r\u00e9cup\u00e9rer son yacht de 18   m\u00e8tres, vol\u00e9 le 5 mai dans le port de Bonifacio et retrouv\u00e9 vingt et un jours   plus tard dans celui de Sidi Bou Sa\u00efd, en Tunisie. Au terme d&rsquo;\u00e2pres   n\u00e9gociations, les autorit\u00e9s tunisiennes ont accept\u00e9 de remettre ce luxueux   navire \u00e0 la disposition du grand banquier, afin qu&rsquo;il puisse le faire   rapatrier. Les vacances en Corse de ce proche de Chirac sont sauv\u00e9es&#8230;      Les cong\u00e9s pay\u00e9s d&rsquo;un parent de Ben Ali, en revanche, sont un peu g\u00e2ch\u00e9s.   Comme l&rsquo;avait racont\u00e9 \u00ab Le Canard\u00bb (7\/6), le \u00ab receleur \u00bb du yacht n&rsquo;\u00e9tait   autre qu&rsquo;un familier du pr\u00e9si\u00addent tunisien, cit\u00e9 depuis par \u00ab Lib\u00e9\u00bb : Imad   Trabelsi, le neveu de Le\u00efla Trabelsi, \u00e9pouse de Ben Ali. Et le Tout-Sidi Bou   Sa\u00efd a pu constater que ce brave gar\u00ad\u00e7on s&rsquo;\u00e9clatait beaucoup avec son joujou.   Il organisait de petites fiestas \u00e0 bord et s&rsquo;\u00e9tait m\u00eame pay\u00e9 les services d&rsquo;un   retrait\u00e9 de la marine tunisienne pour l&rsquo;aider \u00e0 parader avec son yacht dans la   baie.<\/div>\n<div align=\"justify\">     Etonnant et dr\u00f4le: ces r\u00e9\u00adjouissances auront dur\u00e9 trois se\u00admaines,jusqu&rsquo;\u00e0 ce   qu&rsquo;lmad Tra\u00adbelsi, furibard et tr\u00e8s malheureux, soit s\u00e9par\u00e9 de son bateau.   Pilot\u00e9 par deux skippers non identifi\u00e9s, le yacht \u00e9tait en effet entr\u00e9 \u00e0 Sidi   Bou Sa\u00efd d\u00e8s le 9 mai. Et il a fallu attendre qu&rsquo;un \u00ab priv\u00e9\u00bb corse, d\u00e9p\u00each\u00e9 en   Tunisie par Generali, la com\u00adpagnie d&rsquo;assurances de Bruno Roger, retrouve   lui-m\u00eame le ba\u00adteau, repeint et maquill\u00e9, pour que Tunis confirme sa pr\u00e9sence   \u00e0 Interpol.<\/div>\n<div align=\"justify\">     Depuis, l&rsquo;affaire n&rsquo;a pas fait couler beaucoup d&rsquo;encre dans la presse locale,   mais a cr\u00e9\u00e9 quelques remous en haut lieu. De mauvaises langues pr\u00e9ten\u00addent   m\u00eame que le limogeage brutal, le 5 juin, du secr\u00e9taire d&rsquo;Etat \u00e0 la S\u00fcret\u00e9,   Mohammed Ali Ganzoui, n&rsquo;y est pas \u00e9tranger. Ce maladroit aurait tard\u00e9 \u00e0   informer le pr\u00e9sident Ben Ali&#8230;<\/div>\n<div align=\"justify\">     C\u00f4t\u00e9 justice, les choses vont encore moins vite. Les pandores de la   gendarmerie maritime de Toulon, charg\u00e9e de l&rsquo;enqu\u00eate, ne sont pas pr\u00e8s d&rsquo;y   voir clair et d&rsquo;in\u00adqui\u00e9ter Imad Trabelsi. Primo : la commission rogatoire   inter\u00adnationale qu&rsquo;ils r\u00e9clamaient au juge d&rsquo;Ajaccio David Launois n&rsquo;a,   bizarrement, toujours pas \u00e9t\u00e9 lanc\u00e9e par ce magistrat. Deuxio : ce m\u00eame juge,   comme les en\u00adqu\u00eateurs toulonnais, est uni\u00adquement saisi par le parquet   d&rsquo;Ajaccio d&rsquo;une information ju\u00addiciaire pour \u00ab vol en bande or\u00adganis\u00e9e \u00bb&#8230;   mais pas pour \u00ab recel\u00bb !<\/div>\n<div align=\"justify\">     Ce volet de l&rsquo;enqu\u00eate, qui per\u00admettrait de savoir dans quelles conditions le   neveu par alliance du pr\u00e9sident Ben Ali s&rsquo;est re\u00adtrouv\u00e9 \u00e0 la barre du yacht de   Bruno Roger, a \u00e9t\u00e9 gentiment laiss\u00e9 \u00e0 lajustice tunisienne. Et nul doute   qu&rsquo;elle va \u00e9viter de se mouiller dans cette histoire&#8230;<\/div>\n<div align=\"justify\"> <strong><font>Christophe Nobili<\/font><\/strong>   _____________________________   <font>. Selon \u00ab L&rsquo;Express\u00bb (15\/6), une Mercedes 500 vol\u00e9e le 7   mars 2005 \u00e0 un joueur de l&rsquo;Olympique de Mar\u00adseille, Habib Beye, a \u00e9t\u00e9 aper\u00e7ue   \u00e0Tunis, en novembre, avec au vo\u00adlant un membre de la famille&#8230; Ben Ali. Apr\u00e8s   les bateaux, les voitures?<\/font><\/div>\n<div align=\"justify\">  \u00a0<\/div>\n<div align=\"justify\"> <font> <\/p>\n<p><b> <span lang=\"FR-CH\">  (Source\u00a0: \u00ab\u00a0Le Canard Enchain\u00e9\u00a0\u00bb (France), du <\/span> <span lang=\"FR\">21   juin 2006)<\/span><\/b><\/p>\n<p><\/font><\/div>\n<p><\/font><\/p>\n<div>\n<hr\/>\n<\/div>\n<div>  \u00a0<\/div>\n<div> <font face=\"Arial\" size=\"2\"> <\/p>\n<p align=\"center\"> <b><span lang=\"FR-CH\"><font size=\"3\">  Solidarit\u00e9 avec M. Dhaou Meskine<\/font><\/span><\/b><\/p>\n<p> <span lang=\"FR-CH\"> <font>\u00a0<\/font><\/span><\/p>\n<p> <span lang=\"FR-CH\"> <font>Le Dr Moncef Marzouki a appel\u00e9 hier soir M. Dhaou   Meskine d\u00e9s la fin de sa garde \u00e0 vue apr\u00e9s avoir comparu devant le juge   d\u2019instruction sous l\u2019accusation rocambolesque de blanchiment d\u2019argent en   faveur du terrorisme.<\/font><\/span><\/p>\n<p> <span lang=\"FR-CH\"> <font>\u00a0<\/font><\/span><\/p>\n<p> <span lang=\"FR-CH\"> <font>\u00a0Il lui a exprim\u00e9 sa solidarit\u00e9 et celle de tous les   d\u00e9fenseurs des droits e l\u2019homme dans \u00e9preuve travers\u00e9e. Pour lui , il ne fait   aucun doute que M. Meskine islamiste mod\u00e9r\u00e9 ne peut avoir aucun lien avec le   terrorisme.<\/font><\/span><\/p>\n<p> <span lang=\"FR-CH\"> <font>\u00a0<\/font><\/span><\/p>\n<p> <span lang=\"FR-CH\"> <font>Le Dr Marzouki a r\u00e9it\u00e9r\u00e9 son enti\u00e8re confiance dans la   justice fran\u00e7aise qui a rejet\u00e9 tout lien de M.meskine avec le terrorisme.<\/font><\/span><\/p>\n<p> <span lang=\"FR-CH\"> <font>\u00a0<\/font><\/span><\/p>\n<p><b> <span lang=\"FR-CH\">  Imed Daimi Responsable du site du CPR<\/span><\/b><\/p>\n<p><b> <span lang=\"FR-CH\">  (Source\u00a0: Le site du CPR, le samedi 24 juin 2006) <\/span><\/b><\/p>\n<p><\/font><\/div>\n<div>\n<hr\/>\n<\/div>\n<div> <font face=\"Arial\" size=\"2\"> <\/p>\n<p><b> <span lang=\"FR\">\u00a0<\/span><\/b><\/p>\n<p align=\"center\"> <strong> <span lang=\"FR\">  D\u00e9bat autour de \u00ab\u00a0La presse au Maghreb\u00a0\u00bb su r TV5<\/span><\/strong><\/p>\n<p>\u00a0<\/p>\n<p align=\"center\"> <strong> <span lang=\"FR\">  Ce dimanche 25 juin 2006, 17 heures (heure fran\u00e7aise)\u00a0\/\u00a011 heures, heure de   l&rsquo;est am\u00e9ricain.<\/span><\/strong><\/p>\n<p> <span lang=\"FR\"> <font face=\"Times New Roman\">\u00a0<\/font><\/span><\/p>\n<p><b> <span lang=\"FR\"> <font>\u00a0<\/font><\/span><\/b><\/p>\n<p><span><b> <span lang=\"FR\"> <font>Chaque semaine, des journalistes \u00e9trangers d\u00e9battent   d&rsquo;un \u00e9v\u00e9nement ayant fait la Une de l&rsquo;actualit\u00e9.<\/font><\/span><\/b><\/span><b><span lang=\"FR\"> <font><span>Pr\u00e9sentation : Philippe Dessaint.<\/span> <\/font><strong><span>La presse au   Maghreb<\/span><\/strong><\/span><\/b><span lang=\"FR\"> <\/span><b><span lang=\"FR\"> <font><span>Au sommaire : <\/span> <\/font><span><span>&#8211; L&rsquo;\u00e9dito<\/span><\/span><span> <span>&#8211; Reportage dans le milieu de la presse au Maroc<\/span> <span>&#8211; Reportage sur l&rsquo;Union Europ\u00e9enne et son soutien \u00e0   une presse d\u00e9mocratique dans le Maghreb<\/span> <span>&#8211; Interview du dessinateur Ali Dilem<\/span> <\/span><span><span>&#8211;   Interview de Rachid Khechana, journaliste tunisien<\/span><\/span><span> <\/span> <font><span>Invit\u00e9s : <\/span><\/font><\/span> <\/b><\/p>\n<p> <font><span> <span lang=\"FR\">&#8211;<span>\u00a0\u00a0\u00a0\u00a0\u00a0\u00a0\u00a0\u00a0\u00a0  <\/span><\/span><\/span><span dir=\"ltr\"><span><b> <span lang=\"FR\">Faycal Metaoui,   journaliste alg\u00e9rien \u00e0 Al Watan<\/span><\/b><\/span><\/span><\/font><b><span lang=\"FR\"> <font><span>&#8211; Ghania Mouffok, journaliste   ind\u00e9pendante en Alg\u00e9rie<\/span> <span>&#8211; Baudouin Loos, journaliste au quotidien \u00ab Le Soir \u00bb   de Bruxelles<\/span> <span>&#8211; Zyad Limam, directeur d&rsquo;Afrique Magazine<\/span> <span>&#8211; Ahmed Zaki, directeur de la r\u00e9daction de Al Bayane   (Maroc)<\/span> <span>&#8211; Aboubakr Jamai, r\u00e9dacteur en chef du \u00ab Journal   Hebdomadaire \u00bb (Maroc)<\/span> <\/font><span><span>&#8211;   Zyed Krichen, r\u00e9dacteur en chef \u00e0 \u00ab R\u00e9alit\u00e9s \u00bb (Tunisie)<\/span><\/span><span> <\/span> <span><font>Pr\u00e9sentation : Paul Germain. Une   \u00e9mission r\u00e9alis\u00e9e en partenariat avec la Commission Europ\u00e9enne.<\/font><\/span><\/span><\/b><\/p>\n<p><span><b> <span lang=\"FR\"> <font>\u00a0<\/font><\/span><\/b><\/span><\/p>\n<p><span><b> <span lang=\"FR\">  (Source\u00a0: le site de TV5, le 23 juin 2006)<\/span><\/b><\/span><\/p>\n<p><span><b> <span lang=\"EN-GB\">  URL:<\/span><span lang=\"EN-GB\"><font> <\/font><\/span><\/b><\/span><b><u> <span lang=\"FR\"> <a href=\"http:\/\/www.tv5.org\/TV5Site\/kiosque\/index.php\" target=\"_blank\" rel=\"noopener\"> <span lang=\"EN-GB\">http:\/\/www.tv5.org\/TV5Site\/kiosque\/index.php<\/span><\/a><\/span><\/u><\/b><\/p>\n<p><\/font><\/div>\n<hr\/>\n<p align=\"center\"><b><a href=\"https:\/\/tunisnews.net\/ar\/\"><span>Home<\/span><span lang=\"FR-CH\"> &#8211; Accueil <\/span><span>&#8211; <\/span><span dir=\"rtl\" lang=\"AR-SA\">\u0627\u0644\u0631\u0626\u064a\u0633\u064a\u0629<\/span><\/a><\/b><\/p>\n<p align=\"center\">\u00a0<\/p>\n<p><\/body><\/body><\/html><\/p>","protected":false},"excerpt":{"rendered":"<p>Home &#8211; Accueil &#8211; \u0627\u0644\u0631\u0626\u064a\u0633\u064a\u0629 TUNISNEWS 7\u00a0\u00e8me\u00a0ann\u00e9e, N\u00b0\u00a02224 du 24.06.2006 \u00a0archives : www.tunisnews.net Le Canard Enchain\u00e9: \u00adLa famille Ben Ali perd \u00ab\u00a0son\u00a0\u00bb yacht mais garde le cap Le site du CPR: Solidarit\u00e9 avec M. Dhaou Meskine D\u00e9bat autour de \u00ab\u00a0La presse au Maghreb\u00a0\u00bb su r TV5 \u00a0 \u00adLa famille Ben Ali perd \u00ab\u00a0son\u00a0\u00bb yacht mais [&hellip;]<\/p>\n","protected":false},"author":1,"featured_media":22040,"comment_status":"open","ping_status":"open","sticky":false,"template":"","format":"standard","meta":{"inline_featured_image":false,"site-sidebar-layout":"default","site-content-layout":"","ast-site-content-layout":"default","site-content-style":"default","site-sidebar-style":"default","ast-global-header-display":"","ast-banner-title-visibility":"","ast-main-header-display":"","ast-hfb-above-header-display":"","ast-hfb-below-header-display":"","ast-hfb-mobile-header-display":"","site-post-title":"","ast-breadcrumbs-content":"","ast-featured-img":"","footer-sml-layout":"","ast-disable-related-posts":"","theme-transparent-header-meta":"","adv-header-id-meta":"","stick-header-meta":"","header-above-stick-meta":"","header-main-stick-meta":"","header-below-stick-meta":"","astra-migrate-meta-layouts":"default","ast-page-background-enabled":"default","ast-page-background-meta":{"desktop":{"background-color":"","background-image":"","background-repeat":"repeat","background-position":"center center","background-size":"auto","background-attachment":"scroll","background-type":"","background-media":"","overlay-type":"","overlay-color":"","overlay-opacity":"","overlay-gradient":""},"tablet":{"background-color":"","background-image":"","background-repeat":"repeat","background-position":"center center","background-size":"auto","background-attachment":"scroll","background-type":"","background-media":"","overlay-type":"","overlay-color":"","overlay-opacity":"","overlay-gradient":""},"mobile":{"background-color":"","background-image":"","background-repeat":"repeat","background-position":"center center","background-size":"auto","background-attachment":"scroll","background-type":"","background-media":"","overlay-type":"","overlay-color":"","overlay-opacity":"","overlay-gradient":""}},"ast-content-background-meta":{"desktop":{"background-color":"var(--ast-global-color-5)","background-image":"","background-repeat":"repeat","background-position":"center center","background-size":"auto","background-attachment":"scroll","background-type":"","background-media":"","overlay-type":"","overlay-color":"","overlay-opacity":"","overlay-gradient":""},"tablet":{"background-color":"var(--ast-global-color-5)","background-image":"","background-repeat":"repeat","background-position":"center center","background-size":"auto","background-attachment":"scroll","background-type":"","background-media":"","overlay-type":"","overlay-color":"","overlay-opacity":"","overlay-gradient":""},"mobile":{"background-color":"var(--ast-global-color-5)","background-image":"","background-repeat":"repeat","background-position":"center center","background-size":"auto","background-attachment":"scroll","background-type":"","background-media":"","overlay-type":"","overlay-color":"","overlay-opacity":"","overlay-gradient":""}},"footnotes":""},"categories":[],"tags":[58,37,29],"class_list":["post-16855","post","type-post","status-publish","format-standard","has-post-thumbnail","hentry","tag-58","tag-37","tag-fr"],"_links":{"self":[{"href":"https:\/\/tunisnews.net\/ar\/wp-json\/wp\/v2\/posts\/16855","targetHints":{"allow":["GET"]}}],"collection":[{"href":"https:\/\/tunisnews.net\/ar\/wp-json\/wp\/v2\/posts"}],"about":[{"href":"https:\/\/tunisnews.net\/ar\/wp-json\/wp\/v2\/types\/post"}],"author":[{"embeddable":true,"href":"https:\/\/tunisnews.net\/ar\/wp-json\/wp\/v2\/users\/1"}],"replies":[{"embeddable":true,"href":"https:\/\/tunisnews.net\/ar\/wp-json\/wp\/v2\/comments?post=16855"}],"version-history":[{"count":0,"href":"https:\/\/tunisnews.net\/ar\/wp-json\/wp\/v2\/posts\/16855\/revisions"}],"wp:featuredmedia":[{"embeddable":true,"href":"https:\/\/tunisnews.net\/ar\/wp-json\/wp\/v2\/media\/22040"}],"wp:attachment":[{"href":"https:\/\/tunisnews.net\/ar\/wp-json\/wp\/v2\/media?parent=16855"}],"wp:term":[{"taxonomy":"category","embeddable":true,"href":"https:\/\/tunisnews.net\/ar\/wp-json\/wp\/v2\/categories?post=16855"},{"taxonomy":"post_tag","embeddable":true,"href":"https:\/\/tunisnews.net\/ar\/wp-json\/wp\/v2\/tags?post=16855"}],"curies":[{"name":"wp","href":"https:\/\/api.w.org\/{rel}","templated":true}]}}