{"id":16788,"date":"2010-12-04T00:00:00","date_gmt":"2010-12-04T00:00:00","guid":{"rendered":"https:\/\/tunisnews.net\/4-decembre-2010\/"},"modified":"2010-12-04T00:00:00","modified_gmt":"2010-12-04T00:00:00","slug":"4-decembre-2010","status":"publish","type":"post","link":"https:\/\/tunisnews.net\/ar\/4-decembre-2010\/","title":{"rendered":"4 d\u00e9cembre 2010"},"content":{"rendered":"<p><html><head><meta content=\"text\/html\" description=\"Mohammed Mejri a rendu visite \u00e0 son fr\u00e8re jumeau \u00e0 la prison de \n\t\t\tSiliana vendredi 19 novembre 2010, lui a achet\u00e9 des cigarettes \u00e0 la \n\t\t\tcantine de la prison, lui a d\u00e9pos\u00e9 de l\u2019argent sous forme de mandat, \n\t\t\tet il lui a apport\u00e9 un couffin de nourriture. Lorsqu\u2019il a quitt\u00e9 la \n\t\t\tprison, il a \u00e9t\u00e9 conduit au poste de la S\u00fbret\u00e9 de Siliana sous \n\t\t\tpr\u00e9texte qu\u2019il \u00e9tait soup\u00e7onn\u00e9 de s\u2019adonner \u00e0 la drogue et il a \u00e9t\u00e9 \n\t\t\tarr\u00eat\u00e9.\" http-equiv=\"Content-Type\"\/><\/head><body><body><\/p>\n<p align=\"center\" dir=\"ltr\"><font face=\"Arial\" size=\"2\"><b><a href=\"http:\/\/www.tunisnews.net\/\"><span>Home<\/span><span lang=\"FR-CH\"> &#8211; Accuei<\/span><\/a><span lang=\"FR-CH\">l<\/span><\/b><\/font><\/p>\n<div>\n<div align=\"center\" dir=\"ltr\"><font face=\"Bookman Old Style\" size=\"7\"><strong>TUNISNEWS\u00a0<\/strong><\/font><strong><font> \u00a0 10 \u00e8me ann\u00e9e, <span lang=\"FR\">N\u00b0 3847 du 04.12.2010 <\/span><\/font><\/strong><span><font face=\"Arial\" size=\"2\"><strong>\u00a0archives : <\/strong><\/font><a target=\"_blank\" rel=\"noopener\"><font face=\"Arial\" size=\"2\"><strong>www.tunisnews.net<\/strong><\/font><\/a><\/span><span lang=\"FR\">\u00a0<\/span><\/div>\n<p><font face=\"Arial\" size=\"2\"><\/p>\n<div>\n<hr\/>\n<p><font face=\"Calibri\" size=\"3\"><\/p>\n<p><font><\/p>\n<div align=\"left\">\n<p><font face=\"Arial\" size=\"2\"><strong>Assabilonline: L\u2019assassinat de Mohammed Mejri par les agents de la S\u00fbret\u00e9 de la Cit\u00e9 Helal \u00e0 Tunis <font>Libert\u00e9 et Equit\u00e9: L\u2019administration de la prison de Messaadine interdit \u00e0 la famille de Ramzi Romdhani de lui rendre visite <\/font>Collectif Nantais de Soutien aux Tunisien-ne-s de Redeyef: Redeyef Info <font>Winnipeg Free Press : Tunisia tortures prisoners, Canadian envoy says in leaked diplomatic cable <\/font>Houcine BARDI: Spectre de HACHED<\/strong><\/font><\/p>\n<p><font face=\"Arial\" size=\"2\"><\/font><\/div>\n<p><\/font><\/p>\n<p><\/font><\/div>\n<div align=\"left\">\n<hr\/>\n<\/div>\n<div align=\"left\"><font face=\"Calibri\" size=\"3\"><\/p>\n<div align=\"center\">\n<h2 style=\"color: red;\"><font face=\"Arial\"><strong>L\u2019assassinat de Mohammed Mejri par les agents de la S\u00fbret\u00e9 de la Cit\u00e9 Helal \u00e0 Tunis<\/strong><\/font><\/h2>\n<\/div>\n<div align=\"center\">\n<h2 style=\"color: red;\"><font face=\"Arial\"><font size=\"2\"><strong>Vid\u00e9o : <\/strong><\/font><a target=\"_blank\" title=\"http:\/\/www.assabilonline.net\/index.php?option=com_content&amp;task=view&amp;id=9253&amp;Itemid=1F\u00f6lj l\u00e4nken genom att trycka p\u00e5 CTRL och klicka\" rel=\"noopener\"><strong><font size=\"2\" title=\"http:\/\/www.assabilonline.net\/index.php?option=com_content&amp;task=view&amp;id=9253&amp;Itemid=1F\u00f6lj l\u00e4nken genom att trycka p\u00e5 CTRL och klicka\">www.assabilonline.net\/index.php?option=com_content&amp;task=view&amp;id=9253&amp;Itemid=1<\/font><\/strong><\/a><\/font><\/h2>\n<\/div>\n<p><font face=\"Arial\"><\/p>\n<div>\n<hr\/>\n<p> <font size=\"2\"><strong><font>Assabilonline<\/font><\/strong>, sp\u00e9cial, Tunis Mohammed Mejri a rendu visite \u00e0 son fr\u00e8re jumeau \u00e0 la prison de Siliana vendredi 19 novembre 2010, lui a achet\u00e9 des cigarettes \u00e0 la cantine de la prison, lui a d\u00e9pos\u00e9 de l\u2019argent sous forme de mandat, et il lui a apport\u00e9 un couffin de nourriture. Lorsqu\u2019il a quitt\u00e9 la prison, il a \u00e9t\u00e9 conduit au poste de la S\u00fbret\u00e9 de Siliana sous pr\u00e9texte qu\u2019il \u00e9tait soup\u00e7onn\u00e9 de s\u2019adonner \u00e0 la drogue et il a \u00e9t\u00e9 arr\u00eat\u00e9. Une femme a t\u00e9l\u00e9phon\u00e9 \u00e0 sa famille disant que le mort l\u2019avait rencontr\u00e9 devant la prison et lui avait demand\u00e9 d\u2019informer sa famille en cas d\u2019arrestation par des agents de la S\u00fbret\u00e9 qui le suivaient. Il lui a donn\u00e9 le num\u00e9ro du domicile de ses parents \u00e0 Tunis. Lorsque le drame est survenu et que la victime a \u00e9t\u00e9 arr\u00eat\u00e9e par les agents, cette femme a inform\u00e9 sa famille. Son p\u00e8re a alors contact\u00e9 la prison par t\u00e9l\u00e9phone, puis le poste de la S\u00fbret\u00e9 de Siliana qui l\u2019a inform\u00e9 de l\u2019arrestation de son fils et lui a affirm\u00e9 qu\u2019il serait d\u00e9f\u00e9r\u00e9 le samedi suivant ou le lundi devant la justice, mais on ne lui a pas dit les accusations port\u00e9es contre lui. Mohammed Mejri a \u00e9t\u00e9 transport\u00e9 par des agents relevant du poste de la S\u00fbret\u00e9 de Siliana au service de r\u00e9animation de Montfleury \u00e0 Tunis pour y faire pratiquer des examens visant \u00e0 d\u00e9montrer qu\u2019il s\u2019adonnait \u00e0 la drogue. C\u2019est l\u00e0 que Mejri a pu s\u2019\u00e9chapper des mains des agents et s\u2019est enfui vers son domicile non loin de l\u2019h\u00f4pital. Mais il a \u00e9t\u00e9 pris en chasse et rattrap\u00e9 dans son quartier. Il a subi des violences \u00e0 deux reprises, la premi\u00e8re \u00e0 proximit\u00e9 de son domicile, la seconde dans le parc en face du district de la S\u00fbret\u00e9 de Gorjani. C\u2019est l\u00e0 qu\u2019il a rendu son dernier souffle, puis il a \u00e9t\u00e9 transport\u00e9 \u00e0 l\u2019h\u00f4pital sans vie. Le parquet a \u00e9t\u00e9 inform\u00e9. Le correspondant d\u2019Assabilonline, Zouah\u00efer Makhlouf, a rencontr\u00e9 la famille de Mohammed Mejri \u00e0 la cit\u00e9\u00a0 Helal \u00e0 Tunis. Sa m\u00e8re a affirm\u00e9 dans un enregistrement vid\u00e9o qu\u2019elle avait vu des traces de coups sur le corps de son fils, sous les oreilles, sur le front, son thorax, son abdomen, la vessie, sous les aisselles et elles a remarqu\u00e9 un bleu sur ses \u00e9paules. La m\u00e8re de la victime a d\u00e9clar\u00e9 que des t\u00e9moins oculaires lui avaient affirm\u00e9 que des agents l\u2019avaient frapp\u00e9 derri\u00e8re la t\u00eate, et qu\u2019ils donnaient des coups de brodequins au niveau des reins et du ventre jusqu\u2019\u00e0 ce qu\u2019il d\u00e9c\u00e8de. Son p\u00e8re a affirm\u00e9 que son fils avait \u00e9t\u00e9 violent\u00e9 jusqu\u2019\u00e0 la mort par des agents de la S\u00fbret\u00e9, ce qu\u2019ont corrobor\u00e9 des t\u00e9moins oculaires rencontr\u00e9s par notre correspondant. Ils ont dit que Mejri avait re\u00e7u des coups mortels des agents de la police qui le tenaient. Le p\u00e8re de la victime a d\u00e9pos\u00e9 une plainte, et il a envoy\u00e9 un courrier au ministre de la Justice et des Droits de l\u2019Homme dans lequel il attire l\u2019attention sur le d\u00e9passement s\u00e9curitaire qui a \u00f4t\u00e9 la vie \u00e0 son fils, et ce le 30 novembre 2010, il a \u00e9galement demand\u00e9 que les assassins soient sanctionn\u00e9s et que justice soit rendue \u00e0 son fils assassin\u00e9. [\u2026] Mohammed Mejri, n\u00e9 en 1979, travaillait dans le polissage du marbre. Il \u00e9tait rentr\u00e9 derni\u00e8rement d\u2019Italie \u00e0 l\u2019occasion de l\u2019A\u00efd pour rendre visite \u00e0 sa famille et \u00e0 son fr\u00e8re en prison [\u2026] Son fr\u00e8re Mehdi a menac\u00e9 de se suicider lors de la visite de sa m\u00e8re en prison le 29 novembre dernier.  De notre correspondant en Tunisie, Zouha\u00efer Makhlouf Vid\u00e9o : <\/font><a target=\"_blank\" title=\"http:\/\/www.assabilonline.net\/index.php?option=com_content&amp;task=view&amp;id=9253&amp;Itemid=1F\u00f6lj l\u00e4nken genom att trycka p\u00e5 CTRL och klicka\" rel=\"noopener\"><font size=\"2\" title=\"http:\/\/www.assabilonline.net\/index.php?option=com_content&amp;task=view&amp;id=9253&amp;Itemid=1F\u00f6lj l\u00e4nken genom att trycka p\u00e5 CTRL och klicka\">www.assabilonline.net\/index.php?option=com_content&amp;task=view&amp;id=9253&amp;Itemid=1<\/font><\/a><\/div>\n<div> <font size=\"2\">(traduction d\u2019extraits ni revue ni corrig\u00e9e par les auteurs de la version en arabe, LT)<\/font><\/div>\n<p><\/font><\/font><\/div>\n<div align=\"left\">\n<hr\/>\n<\/div>\n<div align=\"left\">\u00a0<\/div>\n<div align=\"left\"><font face=\"Calibri\" size=\"3\"><\/p>\n<div align=\"center\"><font face=\"Arial\" size=\"2\">Libert\u00e9 pour tous les prisonniers politiques <strong><font>Libert\u00e9 et Equit\u00e9 <\/font><\/strong>Organisation Ind\u00e9pendante de Droits Humains 33 rue Mokhtar Atya, Tunis Tunis, le 3 d\u00e9cembre 2010 <strong><\/p>\n<p><font size=\"3\">L\u2019administration de la prison de Messaadine interdit \u00e0 la famille de Ramzi Romdhani de lui rendre visite Eloignement du prisonnier et interdiction de visite pour sa famille<\/font><\/p>\n<p><\/strong><\/font><\/div>\n<p><\/font><\/p>\n<div>\n<hr\/>\n<p> <font face=\"Arial\" size=\"2\">L\u2019administration de la prison de Messaadine a emp\u00each\u00e9 vendredi 3 d\u00e9cembre \u00e0 midi la famille du prisonnier d\u2019opinion Ramzi Romdhani de rendre visite \u00e0 leur fils, sans pr\u00e9senter de justification. Son fr\u00e8re s\u2019est vu interdire de visite et il a \u00e9t\u00e9 violemment agress\u00e9 puis chass\u00e9 lorsqu\u2019il a voulu insister sur son droit \u00e0 voir son fr\u00e8re. Le prisonnier d\u2019opinion Ramzi Romdhani est en butte depuis qu\u2019il est en prison et condamn\u00e9 par des jugements totalisant 28 ans d\u2019emprisonnement \u00e0 une r\u00e9pression permanente et des agressions \u00e0 r\u00e9p\u00e9tition, la derni\u00e8re agression remontant \u00e0 l\u2019\u00e9poque o\u00f9 il \u00e9tait \u00e0 la prison de Mornaguia, perp\u00e9tr\u00e9e par un groupe d\u2019agents, et qui a entra\u00een\u00e9 une perte de l\u2019audition. Le transfert de Ramzi Romdhani de la prison de Mornaguia \u00e0 celle de Messaadine peut \u00eatre consid\u00e9r\u00e9e comme une forme de sanction, les autorit\u00e9s s\u00e9curitaires visant par l\u00e0 \u00e0 l\u2019\u00e9loigner de sa famille et \u00e0 couper ses liens avec elle. [\u2026] Pour le Bureau Ex\u00e9cutif de l\u2019Organisation Le Pr\u00e9sident <strong><font>Ma\u00eetre Mohammed Nouri <\/font><\/strong><font>(traduction d\u2019extraits ni revue ni corrig\u00e9e par les auteurs de la version en arabe, LT) <\/font><\/font> \u00a0<\/p>\n<hr\/>\n<\/div>\n<div>\n<div align=\"center\">\n<h2 style=\"color: red;\"><font face=\"Arial\"><font face=\"Times New Roman\"><strong><font face=\"Arial\">\u00a0<\/font><\/strong><\/font><strong>Tunisia tortures prisoners, Canadian envoy says in leaked diplomatic cable<\/strong><\/font><\/h2>\n<\/div>\n<div>\n<hr\/>\n<p> <font face=\"Arial\" size=\"2\">By: Jim Bronskill, The Canadian Press Posted: 2\/12\/2010 4:46 PM | Last Modified: 2\/12\/2010 9:16 PM<\/font><\/div>\n<div> <font face=\"Arial\" size=\"2\">OTTAWA &#8211; A newly released U.S. diplomatic cable says Canada&rsquo;s ambassador to Tunisia privately insisted to allies that the North African country tortures prisoners accused of terrorism. In the June 2009 cable disclosed by WikiLeaks, Bruno Picard dismissed as \u00ab\u00a0bullshit\u00a0\u00bb the Tunisian government&rsquo;s statements that it does not torture. The note says Picard made the comments during a meeting about whether detainees held by the United States at Guantanamo Bay, Cuba, could safely be returned to Tunisia. Picard, who has since left the post, said he had direct, first-hand evidence of torture of a prisoner that lasted several months. The cable reveals the Tunisian foreign affairs minister had told representatives of the United States and several European countries that Tunisia wanted its citizens in Guantanamo returned and that it does not practise torture. The U.S. Embassy subsequently convened a meeting of the Canadian, British, German, French and Italian ambassadors to Tunisia to discuss the implicit suggestion: avoid accepting any former Tunisian prisoners from Guantanamo. \u00ab\u00a0The Canadian ambassador &#8230; said he had direct, first hand evidence of torture\/mistreatment of a prisoner that lasted several months,\u00a0\u00bb says the secret U.S. cable. \u00ab\u00a0The Canadian and German ambassadors agreed that anyone in Tunisian prisons on terrorism charges is at risk of mistreatment or torture.\u00a0\u00bb WikiLeaks says there are as many as 2,648 documents mentioning Canada among the quarter-million it plans to release on its website. The RCMP is investigating the leak of a Canadian diplomatic note in which Canada&rsquo;s ambassador to Afghanistan, William Crosbie, expresses a willingness to resign over disparaging comments he fears will soon turn up in a U.S. cable on WikiLeaks. The U.S. note from Tunisia says Picard told the group that Tunisia&rsquo;s government had offered, as evidence that it does not torture, the case of Imam Said Jaziri, repatriated from Canada to the African nation despite allegations he would be mistreated. \u00ab\u00a0The Canadian ambassador said the comparison between Jaziri and the Guantanamo detainees is &lsquo;crap,&rsquo; explaining that Jaziri was a petty criminal and not accused of terrorism,\u00a0\u00bb the note says. \u00ab\u00a0The Canadian decision, Picard suggested, might well have been otherwise if Jaziri had been accused of terrorism.\u00a0\u00bb The Italian ambassador said his country had seen few problems with individuals they had transferred to Tunisia, says the cable. The Italians had been in contact with their families and lawyers, and hadn&rsquo;t heard serious complaints. \u00ab\u00a0Why, he asked, would (Tunisia) want to mistreat or torture transferred Guantanamo detainees?\u00a0\u00bb U.S. Ambassador Robert Godec noted there were credible reports of one of the first two transferees being mistreated, including information from the lawyer, the family and statements in court. \u00ab\u00a0Moreover, there are credible reports of Ministry of Interior officials mistreating detainees and prisoners in other cases.\u00a0\u00bb He added that contrary to claims, the International Committee of the Red Cross cannot visit all Tunisian prisons as it does not have access to certain Interior Ministry facilities. The British ambassador said Tunisia uses torture as a form of punishment, the cable adds. Several at the meeting noted Tunisian diplomatic assurances regarding fair treatment of prisoners was of value, but that a followup mechanism was needed to ensure those commitments are kept. The U.S. ambassador said Washington may want to consider whether to offer to return the Tunisian detainees if Tunisia agrees to permit U.S. access to the first two and ongoing access to any future transferees. \u00ab\u00a0Such an understanding would need to include a mechanism to address the problems that may arise,\u00a0\u00bb the cable adds. \u00ab\u00a0While there is no absolute guarantee against mistreatment, such an understanding would provide transferees additional protection.\u00a0\u00bb Albania and Italy have since taken Tunisian prisoners from Guantanamo.<\/font><\/div>\n<div>\u00a0<\/div>\n<div><font face=\"Arial\" size=\"2\"><strong>(Source: Winnipeg Free Press le 2 decembre 2010)<\/strong><\/font><\/div>\n<div>\u00a0<\/div>\n<div><font face=\"Arial\" size=\"2\"><font face=\"Times New Roman\"><font face=\"Arial\">Lien: <\/font><a target=\"_blank\" title=\"http:\/\/www.winnipegfreepress.com\/canada\/breakingnews\/tunisia-tortures-prisoners-canadian-envoy-says-in-leaked-diplomatic-cable-111222684.htmlF\u00f6lj l\u00e4nken genom att trycka p\u00e5 CTRL och klicka\" rel=\"noopener\"><font size=\"3\" title=\"http:\/\/www.winnipegfreepress.com\/canada\/breakingnews\/tunisia-tortures-prisoners-canadian-envoy-says-in-leaked-diplomatic-cable-111222684.htmlF\u00f6lj l\u00e4nken genom att trycka p\u00e5 CTRL och klicka\">http:\/\/www.winnipegfreepress.com\/canada\/breakingnews\/tunisia-tortures-prisoners-canadian-envoy-says-in-leaked-diplomatic-cable-111222684.html<\/font><\/a><\/font><\/font><\/div>\n<\/div>\n<\/div>\n<div align=\"left\"><font><\/p>\n<hr\/>\n<p><\/font><\/div>\n<div align=\"center\"><font face=\"Calibri\" size=\"3\"><b><span lang=\"FR\">Collectif Nantais de Soutien aux Tunisien-ne-s de Redeyef<\/span><\/b><\/font><\/div>\n<div align=\"center\"><font face=\"Calibri\" size=\"3\"><b><span lang=\"FR\">REDEYEF INFO<\/span><\/b><\/font><\/div>\n<div align=\"center\"><font face=\"Calibri\" size=\"3\"><b><span lang=\"FR\">NUM\u00c9RO 3 D\u00e9cembre 2010<\/span><\/b><span lang=\"FR\"><\/span><\/font><\/div>\n<div align=\"center\">\n<hr\/>\n<\/div>\n<p align=\"left\"><i><span lang=\"FR\">Cette petite feuille d&rsquo;information souhaite vous entretenir r\u00e9guli\u00e8rement des \u00e9v\u00e8nements, des femmes et des hommes qui, \u00e0 Redeyef et ailleurs en Tunisie et m\u00eame dans tout le Maghreb, r\u00e9sistent \u00e0 l&rsquo;oppression, s&rsquo;opposent \u00e0 l&rsquo;injustice et d\u00e9fendent la libert\u00e9. Redeyef et Nantes ont des liens tr\u00e8s anciens. Nombreux sont les Nantais originaires de Redeyef install\u00e9s depuis les ann\u00e9es 70. Ils ont \u00e9t\u00e9 recrut\u00e9s par des entreprises nantaises en Tunisie m\u00eame\u00a0! Nombreux aussi sont ceux qui, fuyant le ch\u00f4mage et la r\u00e9pression, viennent \u00e0 Nantes avec l&rsquo;espoir d&rsquo;y travailler mais se retrouvent condamn\u00e9s \u00e0 la clandestinit\u00e9&#8230;Solidaire de tous ces combats, Redeyef Info esp\u00e8re faire de ses lectrices et lecteurs des ami-e-s de Redeyef, ville embl\u00e9matique de la lutte pour les droits humains.<\/span><\/i><\/p>\n<p align=\"left\"><i><span lang=\"FR\">Pour nous \u00e9crire, nous donner votre avis, nous rejoindre\u00a0: Collectif Nantais de Soutien aux Tunisien-ne-s de Redeyef,<\/span><\/i><\/p>\n<p align=\"left\"><i><span lang=\"FR\">Maison des Associations 21 all\u00e9e Baco, 44000 Nantes<\/span><\/i><\/p>\n<p align=\"left\"><span lang=\"FR\"><a target=\"_blank\" rel=\"noopener\"><span title=\"mailto:Redeyef.nantes@yahoo.frF\u00f6lj l\u00e4nken genom att trycka p\u00e5 CTRL och klicka\">Redeyef.nantes@yahoo.<\/span><b><span title=\"mailto:Redeyef.nantes@yahoo.frF\u00f6lj l\u00e4nken genom att trycka p\u00e5 CTRL och klicka\">fr<\/span><\/b><\/a><\/span><\/p>\n<p align=\"left\"><span lang=\"FR\">&#8212;&#8212;&#8212;-<\/span><\/p>\n<p align=\"left\"><b><span lang=\"FR\">\u00ab\u00a0Derri\u00e8re le miracle \u00e9conomique tunisien\u00a0: <\/span><\/b><\/p>\n<p align=\"left\"><b><span lang=\"FR\">les in\u00e9galit\u00e9s et la criminalisation de l&rsquo;opposition.\u00a0\u00bb<\/span><\/b><\/p>\n<p align=\"left\"><b><span lang=\"FR\">Le 10 d\u00e9cembre \u00e0 Lausanne, l&rsquo;association Suisse \u00ab\u00a0P\u00f4le Sud\u00a0\u00bb et Amnesty International organisent une soir\u00e9e consacr\u00e9e \u00e0 \u00ab\u00a0la Tunisie et les droits humains\u00a0\u00bb.<\/span><\/b><\/p>\n<p align=\"left\"><b><span lang=\"FR\">&#8212;&#8212;&#8212;-<\/span><\/b><\/p>\n<p align=\"left\"><b><span lang=\"FR\">Immigration, \u00ab\u00a0en finir avec les discriminations et les in\u00e9galit\u00e9s\u00a0\u00bb<\/span><\/b><\/p>\n<p align=\"left\"><b><span lang=\"FR\">Un forum organis\u00e9 par la FTCR et soutenu par MRAP, ATMF, AMF, GISTI, FASTI et ENAR, se tiendra le 14 d\u00e9cembre, 8 rue de la Banque \u00e0 Paris.<\/span><\/b><\/p>\n<p align=\"left\"><b><span lang=\"FR\">&#8212;&#8212;&#8212;- <\/span><\/b><\/p>\n<p align=\"left\"><b><span lang=\"FR\">Eric Besson et la Tunisie\u00a0: une histoire d\u2019amour et d\u2019expulsions<\/span><\/b><\/p>\n<p align=\"left\"><span lang=\"FR\">Eric Besson, remari\u00e9 depuis peu avec une arri\u00e8re petite fille de Wassila Bourguiba, s\u2019est accord\u00e9 en octobre un repos \u00ab\u00a0bien m\u00e9rit\u00e9\u00a0\u00bben Tunisie.<\/span><\/p>\n<p align=\"left\"><span lang=\"FR\">Officiellement une \u00ab\u00a0<i>visite de travail<\/i>\u00a0\u00bb\u00a0pour la mise en oeuvre de l&rsquo;accord franco-tunisien de gestion concert\u00e9e des migrations et de d\u00e9veloppement solidaire&#8230; Accord selon lequel l\u2019aide fran\u00e7aise au d\u00e9veloppement est conditionn\u00e9e \u00e0 la r\u00e9admission par la Tunisie d\u2019immigr\u00e9s expuls\u00e9s de France. Dans les faits, Besson s\u2019est content\u00e9 de serrer quelques mains amies (diff\u00e9rents ministres de Ben Ali) et de p\u00e9rorer sur une mesure d\u00e9j\u00e0 annonc\u00e9e, la cr\u00e9ation d\u2019un Office m\u00e9diterran\u00e9en de la jeunesse, <i>r\u00e9alisation essentielle de l\u2019\u00ab\u00a0ann\u00e9e mondiale de la jeunesse 2010\u00a0\u00bb, proclam\u00e9e par l\u2019ONU \u00e0 l\u2019initiative de la Tunisie.\u00a0<\/i>\u00bb L\u2019id\u00e9e est culott\u00e9e, alors qu\u2019une grande part de la jeunesse tunisienne est marginalis\u00e9e par le r\u00e9gime et r\u00e9prim\u00e9e dans ses aspirations \u00e0 une vie meilleure.<\/span><\/p>\n<p align=\"left\"><span lang=\"FR\">Dans le m\u00eame temps, Eric Besson voyait l\u2019Assembl\u00e9e nationale adopter son projet de loi \u00ab\u00a0<i>Immigration, int\u00e9gration, nationalit\u00e9<\/i>\u00a0\u00bb. Tout entier guid\u00e9 par la volont\u00e9 de faire sortir les \u00e9trangers de l\u2019\u00c9tat de droit, ce projet r\u00e9prime les \u00ab\u00a0<i>mariages gris<\/i>\u00a0\u00bb, \u00ab\u00a0<i>obtenus par la tromperie sur ses intentions d\u2019un des contractants<\/i>\u00a0\u00bb et qui seraient sanctionn\u00e9s par 7 ans d\u2019emprisonnement et une amende de 30\u00a0000 euros. De plus, un(e) \u00e9tranger(e) mari\u00e9(e) avec un(e) Fran\u00e7ais(e) ne pourrait devenir fran\u00e7ais(e) qu\u2019au bout de 8 ans d\u2019attente et de proc\u00e9dure. La dur\u00e9e maximale de r\u00e9tention s\u2019allongerait de 32 \u00e0 45 jours, le bannissement de l\u2019Union europ\u00e9enne serait possible, de m\u00eame que serait facilit\u00e9e la d\u00e9ch\u00e9ance de nationalit\u00e9 et la cr\u00e9ation de zones d\u2019attente. Enfin, la police deviendrait le principal instrument de la politique\u00a0migratoire avec, par exemple, un enfermement sans contr\u00f4le judiciaire pendant cinq jours des sans-papiers.<\/span><\/p>\n<p align=\"left\"><span lang=\"FR\">On voit bien l\u00e0 que les liens entre les pouvoirs tunisien et fran\u00e7ais sont de plus plus \u00e9troits\u00a0et les politiques de plus plus complices !<\/span><\/p>\n<p align=\"left\"><b><span lang=\"FR\">ADNAN HAJJI la voix libre de REDEYEF.<\/span><\/b><\/p>\n<p align=\"left\"><span lang=\"FR\">N\u00e9 \u00e0 Redeyef en 1958, apr\u00e8s son baccalaur\u00e9at il rejoint la facult\u00e9 de Tunis en 1979 et adh\u00e8re \u00e0 l&rsquo;Union G\u00e9n\u00e9rale des Etudiants (UGET). Au sein de ce syndicat \u00e9tudiant, Adnan d\u00e9nonce les in\u00e9galit\u00e9s et l&rsquo;oppression que subissent 95% des Tunisiens d&rsquo;une part et les avantages et la richesse accord\u00e9s aux 5% restants d&rsquo;autre part. Il r\u00e9clame un ordre juste pour tou-te-s les Tunisien-ne-s.<\/span><\/p>\n<p align=\"left\"><span lang=\"FR\">Le pouvoir tunisien de Bourguiba a r\u00e9pondu \u00e0 sa mani\u00e8re en exp\u00e9diant Adnan et ses camarades en camp de redressement (r\u00e9giment Maatoug) situ\u00e9 en plein d\u00e9sert.<\/span><\/p>\n<p align=\"left\"><span lang=\"FR\">Devenu instituteur \u00e0 Redeyef, Adnan milite comme syndicaliste et d\u00e9fend toujours les m\u00eames principes jusqu&rsquo;au soul\u00e8vement populaire en 2008 o\u00f9 il prend la t\u00eate du mouvement et en devient le porte-parole. Il participe aux commissions de n\u00e9gociation avec le pouvoir pour tenter d&#8217;emp\u00eacher que se perp\u00e9tuent les injustices \u00e0 l&#8217;embauche et pour obtenir un plan de d\u00e9veloppement de la r\u00e9gion.<\/span><\/p>\n<p align=\"left\"><span lang=\"FR\">Sous la pression le r\u00e9gime a c\u00e9d\u00e9 sur quelques points comme l&#8217;embauche temporaire de quelques jeunes&#8230;Puis, brutalement, un nouveau sous-pr\u00e9fet a \u00e9t\u00e9 nomm\u00e9 et le pouvoir a repris ses habitudes de r\u00e9pression et d&rsquo;intimidation\u00a0; Adnan comme tous les responsables syndicaux de Redeyef a \u00e9t\u00e9 condamn\u00e9 \u00e0 de la prison. Pour lui, dix ans\u00a0!<\/span><\/p>\n<p align=\"left\"><span lang=\"FR\">Gr\u00e2ce \u00e0 la mobilisation nationale et internationale les prisonniers ont \u00e9t\u00e9 lib\u00e9r\u00e9s mais ils ont \u00e9t\u00e9 priv\u00e9s de leur emploi, de leurs passeports et de leurs droits civiques. Une lib\u00e9ration conditionnelle et non l&rsquo;amnistie que nous r\u00e9clamons <\/span><\/p>\n<p align=\"left\"><span lang=\"FR\">pour eux.<\/span><\/p>\n<p align=\"left\"><span lang=\"FR\">Malgr\u00e9 tout cela, Adnan Hajji ne c\u00e8de pas. Il continue le combat pour la justice et crie haut et fort\u00a0: nous n&rsquo;arr\u00eaterons pas notre lutte avant d&rsquo;avoir d\u00e9racin\u00e9 la dictature\u00a0!<\/span><\/p>\n<p align=\"left\"><b><span lang=\"FR\">Soutenez Adnan Hajji et ses camarades\u00a0!<\/span><\/b><\/p>\n<p align=\"left\"><span lang=\"FR\">&#8212;&#8212;&#8212;&#8212;<\/span><\/p>\n<p align=\"left\"><b><span lang=\"FR\">Le 25 novembre, \u00e0 Redeyef, les enseignants du primaire, soutenus par l&rsquo;UGTT, appelaient \u00e0 la<\/span><\/b><span lang=\"FR\"><b>gr\u00e8ve<\/b>.<\/span><\/p>\n<p align=\"left\"><i><span lang=\"FR\">Les syndicats fran\u00e7ais (CFDT, CGT, Unsa, FSU, Solidaires) qui ont entam\u00e9 une d\u00e9marche collective depuis 2008 aux c\u00f4t\u00e9s de l\u2019Union G\u00e9n\u00e9rale des Tavailleurs Tunisiens (UGTT) se d\u00e9clarent solidaires du mouvement de gr\u00e8ve des enseignants de la r\u00e9gion de Gafsa et soutiennent leur action pour\u00a0:<\/span><\/i><\/p>\n<p align=\"left\"><span lang=\"FR\">&#8211; l<b>a r\u00e9int\u00e9gration des militants syndicaux ex-prisonniers dans leurs fonctions\u00a0;<\/b><\/span><\/p>\n<p align=\"left\"><b><span lang=\"FR\">&#8211; la lib\u00e9ration de tous les prisonniers d\u00e9tenus suite au mouvement social du bassin minier\u00a0; <\/span><\/b><\/p>\n<p align=\"left\"><span lang=\"FR\">\u00b7\u00a0\u00a0\u00a0\u00a0\u00a0\u00a0\u00a0\u00a0 <b>&#8211; le droit des habitants de cette r\u00e9gion au d\u00e9veloppement et \u00e0 l\u2019emploi d\u00e9cent.<\/b><\/span><\/p>\n<p align=\"left\"><i><span lang=\"FR\">La gr\u00e8ve a \u00e9t\u00e9 massivement suivie par les enseignants du primaire, soutenus par ceux du secondaires pendant deux heures. Au cours de sa prise de parole, Adnan Hajji a lu le message de soutien adress\u00e9 par le Collectif Nantais de Soutien aux Tunisien-ne-s de Redeyef. Il a \u00e9t\u00e9 longuement applaudi par les Redeyefiens.<\/span><\/i><\/p>\n<p align=\"left\"><span lang=\"FR\">&#8212;&#8212;&#8212;&#8212;<\/span><\/p>\n<p align=\"left\"><b><span lang=\"FR\">Vieux travailleurs immigr\u00e9s.<\/span><\/b><\/p>\n<p align=\"left\"><b><span lang=\"FR\">L&rsquo;Association des Travailleurs Maghr\u00e9bins de France (ATMF) organise un s\u00e9minaire \u00e0 Gennevilliers le 11 d\u00e9cembre \u00e0 propos de leurs attentes et besoins d&rsquo;une part, du contr\u00f4le et du harc\u00e8lement qu&rsquo;ils subissent d&rsquo;autre part.<\/span><\/b><\/p>\n<p align=\"left\"><span lang=\"FR\">&#8212;&#8212;&#8212;&#8212;-<\/span><\/p>\n<p align=\"left\"><b><span lang=\"FR\">Association Internationale de Soutien aux Prisonniers Politiques (<\/span><\/b><u><span lang=\"FR\"><a target=\"_blank\" rel=\"noopener\"><b><span title=\"mailto:Aispp.free@gmail.comF\u00f6lj l\u00e4nken genom att trycka p\u00e5 CTRL och klicka\">Aispp.free@gmail.com<\/span><\/b><\/a><\/span><\/u><b><u><span lang=\"FR\">)<\/span><\/u><\/b><\/p>\n<p align=\"left\"><b><span lang=\"FR\">Appel Urgent pour sauver la vie d\u2019Abdellatif Bouhjila<\/span><\/b><\/p>\n<p align=\"left\"><span lang=\"FR\">La gr\u00e8ve de la faim illimit\u00e9e de l\u2019ex-prisonnier politique Abdellatif Bouhjila se poursuit depuis le 11 octobre 2010. Il exige son droit, garanti par la Constitution, de pouvoir voyager pour traiter des pathologies contract\u00e9es lors des ann\u00e9es d\u2019emprisonnement, de s\u00e9vices et d\u2019oppression.<\/span><\/p>\n<p align=\"left\"><span lang=\"FR\">Bouhjila a battu tous les records de gr\u00e8ves de la faim, en nombre et en longueur et il fait face \u00e0 chaque fois au silence puis \u00e0 des promesses non tenues. Au lieu de r\u00e9pondre \u00e0 ses revendications l\u00e9gitimes, qui rel\u00e8vent de la citoyennet\u00e9 \u00e9l\u00e9mentaire, les autorit\u00e9s l\u2019acculent \u00e0 des solutions extr\u00eames, et endossent la responsabilit\u00e9 des risques pour sa vie\u00a0; la d\u00e9l\u00e9gation qui lui a rendu visite aujourd\u2019hui a not\u00e9 la grave d\u00e9gradation de son \u00e9tat de sant\u00e9.<\/span><\/p>\n<p align=\"left\"><b><span lang=\"FR\">L\u2019association appelle les autorit\u00e9s \u00e0 r\u00e9pondre imm\u00e9diatement aux revendications l\u00e9gitimes de Bouhjila, \u00e0 lui accorder son passeport pour qu\u2019il puisse se soigner o\u00f9 il le souhaite.<\/span><\/b><\/p>\n<p><\/font><\/p>\n<div><font face=\"Times New Roman\" size=\"3\"><\/p>\n<hr\/>\n<p><\/font><\/div>\n<div align=\"center\"><font face=\"Arial\" size=\"2\"><span lang=\"FR\"><strong>Spectre de HACHED<\/strong><\/span><span lang=\"FR\"><\/span><\/font><\/div>\n<div>\n<hr\/>\n<\/div>\n<div>\n<p align=\"left\"><span lang=\"FR\"><font><strong>\u00ab \u2026 Les actes criminels,\u00a0\u00a0\u00a0\u00a0\u00a0\u00a0\u00a0\u00a0\u00a0\u00a0\u00a0\u00a0\u00a0\u00a0\u00a0\u00a0\u00a0\u00a0\u00a0\u00a0\u00a0\u00a0\u00a0\u00a0\u00a0\u00a0\u00a0\u00a0\u00a0\u00a0\u00a0\u00a0\u00a0\u00a0\u00a0\u00a0\u00a0\u00a0\u00a0\u00a0\u00a0\u00a0\u00a0\u00a0\u00a0\u00a0\u00a0\u00a0\u00a0\u00a0\u00a0\u00a0\u00a0\u00a0\u00a0\u00a0\u00a0\u00a0\u00a0\u00a0\u00a0\u00a0\u00a0\u00a0\u00a0\u00a0\u00a0\u00a0\u00a0\u00a0\u00a0\u00a0\u00a0\u00a0\u00a0\u00a0\u00a0\u00a0\u00a0\u00a0\u00a0\u00a0\u00a0\u00a0\u00a0\u00a0\u00a0\u00a0\u00a0\u00a0\u00a0\u00a0\u00a0\u00a0\u00a0\u00a0\u00a0\u00a0\u00a0\u00a0\u00a0\u00a0\u00a0\u00a0\u00a0\u00a0\u00a0\u00a0\u00a0\u00a0\u00a0\u00a0\u00a0\u00a0\u00a0\u00a0\u00a0\u00a0\u00a0\u00a0\u00a0\u00a0\u00a0\u00a0\u00a0\u00a0\u00a0\u00a0\u00a0\u00a0\u00a0\u00a0\u00a0\u00a0\u00a0\u00a0\u00a0\u00a0\u00a0\u00a0\u00a0\u00a0\u00a0\u00a0\u00a0\u00a0\u00a0\u00a0\u00a0\u00a0\u00a0\u00a0\u00a0\u00a0\u00a0\u00a0\u00a0\u00a0\u00a0\u00a0\u00a0\u00a0\u00a0\u00a0\u00a0\u00a0\u00a0\u00a0\u00a0\u00a0\u00a0\u00a0<\/strong><\/font><\/span><\/p>\n<p align=\"left\"><span lang=\"FR\"><font><strong>\u00a0\u00a0\u00a0\u00a0\u00a0 Seraient-ils Recouverts par la terre tout enti\u00e8re,\u00a0\u00a0\u00a0\u00a0\u00a0\u00a0\u00a0\u00a0\u00a0\u00a0\u00a0\u00a0\u00a0\u00a0\u00a0\u00a0\u00a0\u00a0\u00a0\u00a0\u00a0\u00a0\u00a0\u00a0\u00a0\u00a0\u00a0\u00a0\u00a0\u00a0\u00a0\u00a0\u00a0\u00a0\u00a0\u00a0\u00a0\u00a0\u00a0\u00a0\u00a0\u00a0\u00a0\u00a0\u00a0\u00a0\u00a0\u00a0\u00a0\u00a0\u00a0\u00a0\u00a0\u00a0\u00a0\u00a0\u00a0\u00a0\u00a0\u00a0\u00a0\u00a0\u00a0\u00a0\u00a0\u00a0\u00a0\u00a0\u00a0\u00a0\u00a0\u00a0\u00a0\u00a0\u00a0\u00a0\u00a0\u00a0\u00a0\u00a0\u00a0\u00a0\u00a0\u00a0\u00a0\u00a0\u00a0\u00a0\u00a0\u00a0\u00a0\u00a0\u00a0\u00a0\u00a0\u00a0\u00a0\u00a0\u00a0\u00a0\u00a0\u00a0\u00a0\u00a0\u00a0\u00a0\u00a0\u00a0\u00a0\u00a0\u00a0\u00a0\u00a0\u00a0\u00a0\u00a0\u00a0\u00a0\u00a0\u00a0\u00a0\u00a0\u00a0\u00a0<\/strong><\/font><\/span><\/p>\n<p align=\"left\"><font><strong>In\u00e9vitablement viendront \u00e0 la lumi\u00e8re. \u00bb\u00a0\u00a0\u00a0\u00a0\u00a0\u00a0\u00a0\u00a0\u00a0\u00a0\u00a0\u00a0\u00a0\u00a0\u00a0\u00a0\u00a0\u00a0\u00a0\u00a0\u00a0\u00a0\u00a0\u00a0\u00a0\u00a0\u00a0\u00a0\u00a0\u00a0\u00a0\u00a0\u00a0\u00a0\u00a0\u00a0\u00a0\u00a0\u00a0\u00a0\u00a0\u00a0\u00a0\u00a0\u00a0\u00a0\u00a0\u00a0\u00a0\u00a0\u00a0\u00a0\u00a0\u00a0\u00a0\u00a0\u00a0\u00a0\u00a0\u00a0\u00a0\u00a0\u00a0\u00a0\u00a0\u00a0\u00a0\u00a0\u00a0\u00a0\u00a0\u00a0\u00a0\u00a0\u00a0\u00a0\u00a0\u00a0\u00a0\u00a0\u00a0\u00a0\u00a0\u00a0\u00a0\u00a0\u00a0\u00a0\u00a0\u00a0\u00a0\u00a0\u00a0\u00a0\u00a0\u00a0\u00a0\u00a0\u00a0\u00a0\u00a0\u00a0\u00a0\u00a0\u00a0\u00a0\u00a0\u00a0\u00a0\u00a0\u00a0\u00a0\u00a0\u00a0\u00a0\u00a0\u00a0\u00a0\u00a0\u00a0\u00a0\u00a0\u00a0\u00a0\u00a0\u00a0\u00a0\u00a0\u00a0\u00a0<\/strong><\/font><\/p>\n<p align=\"right\"><i><span lang=\"FR\"><font><strong>Hamlet<\/strong><\/font><\/span><\/i><span lang=\"FR\"><font><strong>, I, 2.<\/strong><\/font>\u00a0\u00a0\u00a0\u00a0\u00a0\u00a0\u00a0\u00a0\u00a0\u00a0\u00a0\u00a0\u00a0\u00a0\u00a0\u00a0\u00a0\u00a0\u00a0\u00a0\u00a0\u00a0\u00a0\u00a0\u00a0\u00a0\u00a0\u00a0\u00a0\u00a0\u00a0\u00a0\u00a0\u00a0\u00a0\u00a0\u00a0\u00a0\u00a0\u00a0\u00a0\u00a0\u00a0\u00a0\u00a0\u00a0\u00a0\u00a0\u00a0\u00a0\u00a0\u00a0\u00a0\u00a0\u00a0\u00a0\u00a0\u00a0\u00a0\u00a0\u00a0\u00a0\u00a0\u00a0\u00a0\u00a0\u00a0\u00a0\u00a0\u00a0\u00a0\u00a0\u00a0\u00a0\u00a0\u00a0\u00a0\u00a0\u00a0\u00a0\u00a0\u00a0\u00a0\u00a0\u00a0\u00a0\u00a0\u00a0\u00a0\u00a0\u00a0\u00a0\u00a0\u00a0\u00a0\u00a0\u00a0\u00a0\u00a0\u00a0\u00a0\u00a0\u00a0\u00a0\u00a0\u00a0\u00a0\u00a0\u00a0\u00a0\u00a0\u00a0\u00a0\u00a0\u00a0\u00a0\u00a0\u00a0\u00a0\u00a0\u00a0\u00a0\u00a0\u00a0\u00a0\u00a0\u00a0\u00a0\u00a0\u00a0\u00a0\u00a0\u00a0\u00a0\u00a0\u00a0\u00a0\u00a0\u00a0\u00a0\u00a0\u00a0\u00a0\u00a0\u00a0\u00a0\u00a0\u00a0\u00a0\u00a0\u00a0\u00a0\u00a0\u00a0\u00a0\u00a0\u00a0\u00a0\u00a0\u00a0\u00a0\u00a0\u00a0\u00a0\u00a0\u00a0<\/span><\/p>\n<p align=\"right\">\u00a0<\/p>\n<p><span lang=\"FR\">\u00ab <i>Si c\u2019\u00e9tait \u00e0 refaire je le refais<\/i>\u00a0\u00bb. Phrase maudite prononc\u00e9e avec morgue, le 18 d\u00e9cembre 2009, sur une cha\u00eene satellitaire arabe, par un certain Antoine M\u00e9l\u00e9ro, ancien membre de l\u2019organisation terroriste \u00ab La main rouge \u00bb (officine des services secrets fran\u00e7ais) qui a assassin\u00e9 l\u00e2chement le leader syndicaliste et national tunisien Farhat HACHED, le 5 d\u00e9cembre 1952.<\/span><\/p>\n<p><span lang=\"FR\">\u00ab <i>Si c\u2019\u00e9tait \u00e0 refaire je le refais<\/i>\u00a0\u00bb, mots venimeux\u00a0 attestant de l\u2019absence du moindre remord et caract\u00e9risant la r\u00e9it\u00e9ration scandaleuse de l\u2019intention criminelle de leur auteur\u00a0; mots qu\u2019aucun tunisien n\u2019est pr\u00eat \u00e0 oublier, et qui ont cons\u00e9quemment justifi\u00e9 le d\u00e9p\u00f4t de deux plaintes, le 16 et 17 mars 2010, \u00a0[respectivement engag\u00e9es par la famille HACHED, la LDH et la FIDH\u00a0; et par l\u2019UGTT] pour <i>apologie de crimes de guerre<\/i>, d\u00e9lit r\u00e9prim\u00e9e de 5 ans d\u2019emprisonnement et 45\u00a0000 \u20ac d\u2019amende (article 24 \u2013 3 de la loi du 29 juillet 1881).<\/span><\/p>\n<p><span lang=\"FR\">Une confusion regrettable s\u2019est alors install\u00e9e dans l\u2019opinion publique (entretenue consciemment ou inconsciemment par la presse notamment tunisienne) qui a cru en une \u00ab r\u00e9ouverture du proc\u00e8s des assassins de HACHED\u00a0\u00bb. Lequel proc\u00e8s, pr\u00e9cisons-le au passage, n\u2019a jamais eu lieu, pour des raisons complexes que l\u2019on n\u2019\u00e9voquera pas ici. On se contentera simplement de rappeler que le droit fran\u00e7ais ne reconna\u00eet pas l\u2019imprescriptibilit\u00e9 des crimes de guerre. D\u2019o\u00f9 l\u2019impunit\u00e9 dont b\u00e9n\u00e9ficient un grand nombre de criminels de guerre\u2026 dans le pays de la D\u00e9claration des droits de l\u2019homme et du citoyen\u00a0!<\/span><\/p>\n<p><span lang=\"FR\">Les poursuites p\u00e9nales engag\u00e9es en France ne concernent donc pas l\u2019assassinat en tant que tel (lequel rentre dans la cat\u00e9gorie des <i>crimes<\/i>), mais son apologie consistant dans la justification, o\u00f9 la pr\u00e9sentation en des termes positifs, de l\u2019acte criminel dont il s\u2019agit (laquelle apologie rentre dans la cat\u00e9gorie des <i>d\u00e9lits<\/i>).<\/span><\/p>\n<p><span lang=\"FR\">Nous avions expliqu\u00e9 dans d\u2019autres articles pr\u00e9c\u00e9demment publi\u00e9s, l\u2019impossibilit\u00e9 de recourir \u00e0 des qualifications p\u00e9nales autres que le d\u00e9lit d\u2019apologie de crimes de guerre (ou le recours \u00e0 d\u2019autres juridictions tel que le TPI). C\u2019est pourquoi on n\u2019y reviendra pas dans le pr\u00e9sent papier.<\/span><\/p>\n<p><span lang=\"FR\">Ces plaintes qui ont suscit\u00e9, \u00e0 juste titre, l\u2019espoir de tout le peuple tunisien (voire de tout le monde arabe et m\u00eame au-del\u00e0) qui y a vu, non sans raison, l\u2019occasion r\u00eav\u00e9e de contourner l\u2019injuste \u00ab syst\u00e8me \u201c<i>impunitaire<\/i>\u201c\u00a0\u00bb mis en place par les l\u00e9gislateurs fran\u00e7ais successifs, se trouvent, h\u00e9las, actuellement, non pas seulement au \u00ab\u00a0point mort\u00a0\u00bb, mais, pire encore, \u00e0 la \u00ab\u00a0case d\u00e9part\u00a0\u00bb. Expliquons-nous\u00a0: les deux juges d\u2019instruction en charge des deux plaintes ci-dessus mentionn\u00e9es ont rendu deux <i>ordonnances d\u2019irrecevabilit\u00e9<\/i>. Pour le dire en des termes compr\u00e9hensibles par tout le monde\u00a0: ils ont envoy\u00e9 \u00ab\u00a0pa\u00eetre\u00a0\u00bb tous les plaignants, \u00e9pouse du d\u00e9funt HACHED comprise, en leur disant en substance \u00ab vous n\u2019aviez pas le droit de porter plainte. Seul le procureur de la R\u00e9publique est en mesure de le faire \u00bb. <\/span><\/p>\n<p><span lang=\"FR\">On ne rentrera pas ici dans les m\u00e9andres de l\u2019argumentaire juridique boiteux invoqu\u00e9 par les magistrats instructeurs fran\u00e7ais,\u00a0 lesquels, de vous \u00e0 moi, ont purement et simplement adopt\u00e9 les r\u00e9quisitions du minist\u00e8re public (c\u2019est-\u00e0-dire en dernier lieu l\u2019ex\u00e9cutif fran\u00e7ais\u2026). Nous renvoyons le lecteur, pour un expos\u00e9 d\u00e9taill\u00e9 et une d\u00e9construction syst\u00e9mique de cet argumentaire, \u00e0 notre \u00e9tude \u00e0 para\u00eetre\u00a0: \u00ab IRRECEVABILIT\u00c9, IMPUNIT\u00c9 ET PERSISTANCE DE L\u2019H\u00c9RITAGE COLONIALISTE FRAN\u00c7AIS \u00bb.<\/span><\/p>\n<p><span lang=\"FR\">Indiquons tout de m\u00eame que pas moins de 16 appels, tendant \u00e0 \u00a0infirmer lesdites ordonnances, ont \u00e9t\u00e9 enregistr\u00e9s aupr\u00e8s de la Chambre de l\u2019instruction de la Cour d\u2019appel de Paris. L\u2019appel de l\u2019UGTT a d\u2019ores et d\u00e9j\u00e0 \u00e9t\u00e9 plaid\u00e9, et le d\u00e9lib\u00e9r\u00e9 est pr\u00e9vu pour le 30 novembre 2010. Les autres sont en attente de la fixation d\u2019une audience de plaidoirie\u2026<\/span><\/p>\n<p><span lang=\"FR\">D\u2019aucuns diraient que \u00ab\u00a0le rejet\u00a0\u00bb des deux plaintes avec constitutions de parties civiles \u00e9tait, somme toute, pr\u00e9visible, compte tenu essentiellement du verrouillage l\u00e9gislatif fran\u00e7ais (il n\u2019y a pas d\u2019autre mot pour le qualifier autrement\u00a0!) qui entoure les plaintes en pareils cas de conditions \u00e9minemment restrictives\u00a0: l\u2019association doit avoir cinq ans d\u2019existence \u00e0 la date des faits poursuivis\u00a0; elle doit \u00eatre bien \u00e9videmment enregistr\u00e9e\u00a0; ses statuts doivent pr\u00e9voir explicitement la lutte contre l\u2019apologie de crimes de guerre. S\u2019agissant des personnes physiques, la jurisprudence (c\u00e0d l\u2019ensemble des d\u00e9cisions de justice, en particulier celles de la Cour de cassation, relatives \u00e0 la question) impose \u00e0 ce qu\u2019ils n\u2019introduisent pas seuls la plainte. Il leur faut n\u00e9cessairement le soutien d\u2019associations \u00ab\u00a0habilit\u00e9es par le l\u00e9gislateur\u00a0\u00bb. C\u2019est le cas dans notre affaire puisque la Ligue des Droits de l\u2019Homme (LDH) et la F\u00e9d\u00e9ration Internationale des Ligues des Droits de l\u2019Homme (FIDH) \u2014n\u2019en d\u00e9plaise aux journaux de caniveau tunisiens qui se sont grossi\u00e8rement acharn\u00e9s contre elles\u2014 sont parties prenantes <i>principales<\/i> dans la plainte du 16 mars 2010.<\/span><\/p>\n<p><span lang=\"FR\">Mais malgr\u00e9 la satisfaction cumulative de TOUTES ses conditions exag\u00e9r\u00e9ment restrictives (l\u2019UGTT \u00e9tant habilit\u00e9e sur la base d\u2019un article du Code du travail et par r\u00e9f\u00e9rence \u00e0 la jurisprudence de la Cour europ\u00e9enne des droits de l\u2019homme) tous les plaignants ont \u00e9t\u00e9 indistinctement d\u00e9clar\u00e9s irrecevables par les juges d\u2019instruction.<\/span><\/p>\n<p><span lang=\"FR\">Les raisons de cette \u00e9victions injustifi\u00e9e des parties civiles du pr\u00e9toire sont \u00e0 rechercher non seulement dans le verrouillage du champ juridique (dont le \u00ab\u00a0cou\u00a0\u00bb a \u00e9t\u00e9 litt\u00e9ralement tordu et par le parquet et par les juges instructeurs), mais surtout dans le champ <i>infra-juridique<\/i>, en l\u2019occurrence politique\u2026 <\/span><\/p>\n<p><span lang=\"FR\">L\u2019affaire HACHED n\u2019est pas pour autant \u00ab\u00a0termin\u00e9e\u00a0\u00bb, encore moins \u00ab\u00a0enterr\u00e9e\u00a0\u00bb\u2026 le spectre de HACHED y veille. Loin s\u2019en faut, puisqu\u2019apr\u00e8s l\u2019appel il y aura (le cas \u00e9ch\u00e9ant) le pourvoi en cassation devant la Chambre criminelle, lequel ouvrira \u00e0 son tour, \u00e9ventuellement, le recours devant la Cour europ\u00e9enne des droits de l\u2019homme. Autrement dit, la bataille judiciaire ne fait que commencer\u2026 et face aux \u00ab\u00a0sprinters\u00a0\u00bb nous opposerons la course de fond, avec comme \u00e9tendard les vers de <i>Shakespeare<\/i> cit\u00e9s en exergue\u00a0!<\/span><\/p>\n<p><span lang=\"FR\"><strong>Houcine BARDI<\/strong><\/span><\/p>\n<p><span lang=\"FR\">Avocat au Barreau de Paris<\/span><\/p>\n<p><span lang=\"FR\">Paris le 22 novembre 2010<\/span><\/p>\n<p><span lang=\"FR\">Article paru dans le N\u00b0 139 du journal d\u2019opposition \u00ab\u00a0<i>MOUATINOUN<\/i>\u00a0\u00bb<\/span><\/p>\n<p><span lang=\"FR\">(Organe du Forum D\u00e9mocratique pour le Travail et les Libert\u00e9s (FDTL))<\/span><\/p>\n<\/div>\n<div>\u00a0<\/div>\n<div>\u00a0<\/div>\n<\/div>\n<p align=\"center\" dir=\"ltr\">\n<h2 style=\"color: red;\"><font face=\"Arial\" size=\"2\"><strong><b><a href=\"http:\/\/www.tunisnews.net\/\"><font face=\"Arial\"><span><font size=\"2\">Home<\/font><\/span><font size=\"2\"><span lang=\"FR-CH\"> &#8211; Accueil <\/span><span>&#8211; <\/span><\/font><\/font><span dir=\"rtl\" lang=\"AR-SA\"><font size=\"2\">\u0627\u0644\u0631\u0626\u064a\u0633\u064a\u0629<\/font><\/span><\/a><\/b><\/strong><\/font><\/h2>\n<\/p>\n<p align=\"center\" dir=\"ltr\">\u00a0<\/p>\n<p><\/body><\/body><\/html><\/p>\n","protected":false},"excerpt":{"rendered":"<p>Home &#8211; Accueil TUNISNEWS\u00a0 \u00a0 10 \u00e8me ann\u00e9e, N\u00b0 3847 du 04.12.2010 \u00a0archives : www.tunisnews.net\u00a0 Assabilonline: L\u2019assassinat de Mohammed Mejri par les agents de la S\u00fbret\u00e9 de la Cit\u00e9 Helal \u00e0 Tunis Libert\u00e9 et Equit\u00e9: L\u2019administration de la prison de Messaadine interdit \u00e0 la famille de Ramzi Romdhani de lui rendre visite Collectif Nantais de [&hellip;]<\/p>\n","protected":false},"author":1,"featured_media":22040,"comment_status":"open","ping_status":"open","sticky":false,"template":"","format":"standard","meta":{"inline_featured_image":false,"site-sidebar-layout":"default","site-content-layout":"","ast-site-content-layout":"default","site-content-style":"default","site-sidebar-style":"default","ast-global-header-display":"","ast-banner-title-visibility":"","ast-main-header-display":"","ast-hfb-above-header-display":"","ast-hfb-below-header-display":"","ast-hfb-mobile-header-display":"","site-post-title":"","ast-breadcrumbs-content":"","ast-featured-img":"","footer-sml-layout":"","ast-disable-related-posts":"","theme-transparent-header-meta":"","adv-header-id-meta":"","stick-header-meta":"","header-above-stick-meta":"","header-main-stick-meta":"","header-below-stick-meta":"","astra-migrate-meta-layouts":"default","ast-page-background-enabled":"default","ast-page-background-meta":{"desktop":{"background-color":"","background-image":"","background-repeat":"repeat","background-position":"center center","background-size":"auto","background-attachment":"scroll","background-type":"","background-media":"","overlay-type":"","overlay-color":"","overlay-opacity":"","overlay-gradient":""},"tablet":{"background-color":"","background-image":"","background-repeat":"repeat","background-position":"center center","background-size":"auto","background-attachment":"scroll","background-type":"","background-media":"","overlay-type":"","overlay-color":"","overlay-opacity":"","overlay-gradient":""},"mobile":{"background-color":"","background-image":"","background-repeat":"repeat","background-position":"center center","background-size":"auto","background-attachment":"scroll","background-type":"","background-media":"","overlay-type":"","overlay-color":"","overlay-opacity":"","overlay-gradient":""}},"ast-content-background-meta":{"desktop":{"background-color":"var(--ast-global-color-5)","background-image":"","background-repeat":"repeat","background-position":"center center","background-size":"auto","background-attachment":"scroll","background-type":"","background-media":"","overlay-type":"","overlay-color":"","overlay-opacity":"","overlay-gradient":""},"tablet":{"background-color":"var(--ast-global-color-5)","background-image":"","background-repeat":"repeat","background-position":"center center","background-size":"auto","background-attachment":"scroll","background-type":"","background-media":"","overlay-type":"","overlay-color":"","overlay-opacity":"","overlay-gradient":""},"mobile":{"background-color":"var(--ast-global-color-5)","background-image":"","background-repeat":"repeat","background-position":"center center","background-size":"auto","background-attachment":"scroll","background-type":"","background-media":"","overlay-type":"","overlay-color":"","overlay-opacity":"","overlay-gradient":""}},"footnotes":""},"categories":[],"tags":[64,41,29],"class_list":["post-16788","post","type-post","status-publish","format-standard","has-post-thumbnail","hentry","tag-64","tag-41","tag-fr"],"_links":{"self":[{"href":"https:\/\/tunisnews.net\/ar\/wp-json\/wp\/v2\/posts\/16788","targetHints":{"allow":["GET"]}}],"collection":[{"href":"https:\/\/tunisnews.net\/ar\/wp-json\/wp\/v2\/posts"}],"about":[{"href":"https:\/\/tunisnews.net\/ar\/wp-json\/wp\/v2\/types\/post"}],"author":[{"embeddable":true,"href":"https:\/\/tunisnews.net\/ar\/wp-json\/wp\/v2\/users\/1"}],"replies":[{"embeddable":true,"href":"https:\/\/tunisnews.net\/ar\/wp-json\/wp\/v2\/comments?post=16788"}],"version-history":[{"count":0,"href":"https:\/\/tunisnews.net\/ar\/wp-json\/wp\/v2\/posts\/16788\/revisions"}],"wp:featuredmedia":[{"embeddable":true,"href":"https:\/\/tunisnews.net\/ar\/wp-json\/wp\/v2\/media\/22040"}],"wp:attachment":[{"href":"https:\/\/tunisnews.net\/ar\/wp-json\/wp\/v2\/media?parent=16788"}],"wp:term":[{"taxonomy":"category","embeddable":true,"href":"https:\/\/tunisnews.net\/ar\/wp-json\/wp\/v2\/categories?post=16788"},{"taxonomy":"post_tag","embeddable":true,"href":"https:\/\/tunisnews.net\/ar\/wp-json\/wp\/v2\/tags?post=16788"}],"curies":[{"name":"wp","href":"https:\/\/api.w.org\/{rel}","templated":true}]}}