{"id":16773,"date":"2011-02-10T00:00:00","date_gmt":"2011-02-10T00:00:00","guid":{"rendered":"https:\/\/tunisnews.net\/10-fevrier-2011\/"},"modified":"2011-02-10T00:00:00","modified_gmt":"2011-02-10T00:00:00","slug":"10-fevrier-2011","status":"publish","type":"post","link":"https:\/\/tunisnews.net\/ar\/10-fevrier-2011\/","title":{"rendered":"10 f\u00e9vrier 2011"},"content":{"rendered":"<p><html><head><meta content=\"text\/html\" description=\" a \u00e9t\u00e9 condamn\u00e9 \u00e0 \tdeux ans de prison ferme dans le cadre du proc\u00e8s des leaders du mouvement \tsocial du Bassin minier de Gafsa en 2008, pour son r\u00f4le de soutien en France \t\u00e0 la population de la r\u00e9gion. Il vient de faire opposition \u00e0 cette \tcondamnation. Un nouveau proc\u00e8s a \u00e9t\u00e9 fix\u00e9 pour les 15-16 f\u00e9vrier 2011 \u00e0 \tGafsa.\" http-equiv=\"Content-Type\"\/><\/head><body><body><\/p>\n<div>\n<div align=\"center\" dir=\"ltr\"><font face=\"Bookman Old Style\" size=\"7\"><strong>TUNISNEWS <\/strong><\/font><strong><font> <font face=\"Arial\">10 \u00e8me ann\u00e9e, <\/font><span lang=\"FR\"><font face=\"Arial\">N\u00b0 3915 du 10.02.2011 <\/font><\/span><\/font><\/strong><span><font face=\"Arial\"><strong>archives : <\/strong><\/font><a target=\"_blank\" rel=\"noopener\"><font face=\"Arial\"><strong>www.tunisnews.net<\/strong><\/font><\/a><\/span><span lang=\"FR\"><\/span><font face=\"Arial\"><\/font><\/div>\n<p><font><\/p>\n<div align=\"justify\"><strong><\/p>\n<hr\/>\n<p><\/strong><\/div>\n<div align=\"justify\"><font><\/p>\n<h2 style=\"color: red;\"><font size=\"2\"><strong>C.R.L.D.H. Tunisie: Pour une Justice Ind\u00e9pendante et Impartiale<\/strong><\/font><\/h2>\n<p><font size=\"2\"><strong>Amnesty International : Tunisie. Programme pour le changement en mati\u00e8re de droits humains <\/strong><\/font><\/p>\n<h2 style=\"color: red;\"><font size=\"2\"><strong>Reporters sans fronti\u00e8res en Tunisie : \u00ab Une nouvelle libert\u00e9 \u00e0 pr\u00e9server \u00bb<\/strong><\/font><\/h2>\n<p><font size=\"2\"><strong>Reporters Without Borders in Tunisia : A new freedom that needs protecting <\/strong><\/font><\/p>\n<h2 style=\"color: red;\"><font size=\"2\"><strong>Accord entre l&rsquo;UGTT et le gouvernement provisoire Vers la nomination de nouveaux gouverneurs<\/strong><\/font><\/h2>\n<p><font size=\"2\"><strong>Ahmed Ben Amor: Le mouvement Nahdha &#8211; de la dispertion au rassemblement <\/strong><\/font><\/p>\n<h2 style=\"color: red;\"><font size=\"2\"><strong>Anouar KANZARI,: Contre courant &#8211; A propos de la d\u00e9claration du Front 14 janvier<\/strong><\/font><\/h2>\n<p><font size=\"2\"><strong>TTU-Monde Arabe: Tunisie : Des protections troublantes <\/strong><\/font><\/p>\n<h2 style=\"color: red;\"><font size=\"2\"><strong>TTU-Monde Arabe: Tunisie : le RDC tente de rebondir<\/strong><\/font><\/h2>\n<p><font size=\"2\"><strong>AFP: Tunisie: le chef de la diplomatie \u00e9pingl\u00e9 pour son \u00ab\u00a0d\u00e9ni de r\u00e9volution\u00a0\u00bb  <\/strong><\/font><\/p>\n<h2 style=\"color: red;\"><font size=\"2\"><strong>AFP: Tunisie: les mains libres, le pr\u00e9sident promet des n\u00e9gociations sociales<\/strong><\/font><\/h2>\n<p><font size=\"2\"><strong>Reuters: Tunisian leader asks restive people to be patient  <\/strong><\/font><\/p>\n<h2 style=\"color: red;\"><font size=\"2\"><strong>Reuters: Le pr\u00e9sident tunisien demande au peuple d&rsquo;\u00eatre patient<\/strong><\/font><\/h2>\n<p><font size=\"2\"><strong>AFP: Vacances d&rsquo;hiver: ski ou soleil mais loin de la Tunisie et de l&rsquo;Egypte  <\/strong><\/font><\/p>\n<h2 style=\"color: red;\"><font size=\"2\"><strong>ANSA: Immigrazione: nuovo sbarco a Lampedusa, approdati altri 78<\/strong><\/font><\/h2>\n<p><font size=\"2\"><strong>ANSA: Tunisie: Le principal syndicat veut des n\u00e9gociations sociales \u00ab\u00a0rapides\u00a0\u00bb  <\/strong><\/font><\/p>\n<h2 style=\"color: red;\"><font size=\"2\"><strong>Reuters: Un commentateur arr\u00eat\u00e9 en Libye apr\u00e8s avoir appel\u00e9 \u00e0 manifester<\/strong><\/font><\/h2>\n<p><strong><font size=\"2\"><font>AFP: Les Alg\u00e9riens veulent le changement sans le chaos  <\/font><\/p>\n<h2 style=\"color: red;\"><font>AP: US intelligence director calls al-Qaida top threat<\/font><\/h2>\n<hr\/>\n<p><font>REVUE DE PRESSE<\/font><\/font><\/strong><\/font><\/div>\n<p><\/font><\/p>\n<p><font face=\"Arial\" size=\"3\"><span lang=\"FR\"><font size=\"3\"><span lang=\"FR\"><font><\/p>\n<div align=\"justify\">\n<hr\/>\n<\/div>\n<p><\/font><\/p>\n<div align=\"left\">\u00a0<\/div>\n<p align=\"center\"><strong><span>\u00a0<\/span><\/strong><span lang=\"FR\">\u00a0\u00a0\u00a0<b>C.R.L.D.H.\u00a0Tunisie<\/b><\/span><\/p>\n<p align=\"center\"><b><span dir=\"rtl\" lang=\"AR-SA\">\u0627\u0644\u0644\u062c\u0646\u0629<\/span><span lang=\"FR\">\u00a0<\/span><span dir=\"rtl\" lang=\"AR-SA\">\u0645\u0646 \u0623\u062c\u0644 \u0627\u062d\u062a\u0631\u0627\u0645 \u0627\u0644\u062d\u0631\u064a\u0627\u062a \u0648\u062d\u0642\u0648\u0642 \u0627\u0644\u0625\u0646\u0633\u0627\u0646 \u0641\u064a \u062a\u0648\u0646\u0633<\/span><\/b><\/p>\n<p align=\"center\"><b><span lang=\"FR\">Comit\u00e9 pour le Respect des Libert\u00e9s et des Droits de l\u2019Homme en Tunisie<\/span><\/b><\/p>\n<p align=\"center\"><b><span lang=\"FR\">Membre du R\u00e9seau Euro-m\u00e9diterran\u00e9en des Droits de l\u2019Homme<\/span><\/b><\/p>\n<p align=\"center\"><b><span lang=\"FR\">21ter rue Voltaire\u00a0\u2013 FR-75011 PARIS\u00a0\u00a0&#8211; Tel\/Fax : 00.33.(0)1.43.72.97.34<\/span><\/b><\/p>\n<p align=\"center\"><b><span lang=\"FR\">crldht<\/span><span lang=\"FR\">@<\/span><span lang=\"FR\"><a href=\"http:\/\/gmail.com\/\" target=\"_blank\" rel=\"noopener\"><span>gmail.com<\/span><\/a><\/span><span lang=\"FR\">\u00a0\/\u00a0<\/span><\/b><span lang=\"FR\"><a href=\"http:\/\/www.crldht.org\/\" target=\"_blank\" title=\"blocked::http:\/\/www.crldht.org\/\" rel=\"noopener\"><b><span>www.crldht.org<\/span><\/b><\/a><\/span><\/p>\n<p align=\"center\"><b><span lang=\"FR\">Notre ami Mouhieddine CHERBIB<\/span><\/b><\/p>\n<p align=\"center\"><b><span lang=\"FR\">membre fondateur du CRLDHT et ancien Pr\u00e9sident de la FTCR<\/span><\/b><\/p>\n<p align=\"center\"><b><span lang=\"FR\">rentre en Tunisie le 13 f\u00e9vrier 2011<\/span><\/b><span lang=\"FR\">.<\/span><\/p>\n<p align=\"center\">\u00a0<\/p>\n<p align=\"center\"><b><span lang=\"FR\">Pour une Justice Ind\u00e9pendante et Impartiale<\/span><\/b><\/p>\n<p align=\"center\"><span lang=\"FR\"><font><\/font><\/span><\/p>\n<hr\/>\n<p><\/span><\/font><\/span>\u00a0<\/p>\n<p align=\"left\"><span lang=\"FR\"><font>Notre ami <b>Mouhieddine Cherbib<\/b> a \u00e9t\u00e9 condamn\u00e9 \u00e0 deux ans de prison ferme dans le cadre du proc\u00e8s des leaders du mouvement social du Bassin minier de Gafsa en 2008, pour son r\u00f4le de soutien en France \u00e0 la population de la r\u00e9gion. Il vient de faire opposition \u00e0 cette condamnation. Un nouveau proc\u00e8s a \u00e9t\u00e9 fix\u00e9 pour les 15-16 f\u00e9vrier 2011 \u00e0 Gafsa.<\/font><\/span><\/p>\n<p align=\"left\">\u00a0<\/p>\n<p align=\"left\"><span lang=\"FR\"><font>Le <b>CRLDHT <\/b>veut profiter de cette occasion pour d\u00e9noncer le dysfonctionnement de la justice tunisienne sous le r\u00e9gime de\u00a0<\/font><span>B<\/span><font>en Ali et pour poser les questions de fond relatives \u00e0 <\/font><b><span>la r\u00e9forme du syst\u00e8me judiciaire tunisien afin\u00a0d&rsquo;aboutir \u00e0 une justice ind\u00e9pendante et impartiale en Tunisie.<\/span><\/b><\/span><\/p>\n<p align=\"left\"><span lang=\"FR\"><font>Une d\u00e9l\u00e9gation de personnalit\u00e9s amies du peuple tunisien accompagner notre ami Mouhieddine. Elle sera compos\u00e9e de\u00a0: <\/font><\/span><\/p>\n<p align=\"left\">\u00a0<\/p>\n<p align=\"left\"><b><span lang=\"FR\"><font>&#8211;\u00a0\u00a0\u00a0\u00a0\u00a0\u00a0\u00a0\u00a0\u00a0 Alima Boumedienne, <\/font><\/span><\/b><span lang=\"FR\"><font>s\u00e9natrice \u2013 Les Vert Europe Ecologie <b>&#8211;\u00a0\u00a0\u00a0\u00a0\u00a0\u00a0\u00a0\u00a0\u00a0 Bernard Dr\u00e9ano, <\/b>CEDETIM <b>&#8211;\u00a0\u00a0\u00a0\u00a0\u00a0\u00a0\u00a0\u00a0\u00a0 Driss El Kherchi \u2013 <\/b>Pr\u00e9sident de l\u2019ATMF  <b>&#8211;\u00a0\u00a0\u00a0\u00a0\u00a0\u00a0\u00a0\u00a0\u00a0 Gilles Monseron \u2013 <\/b>Vice Pr\u00e9sident de la Ligue des Droits de l\u2019Homme <b>&#8211;\u00a0\u00a0\u00a0\u00a0\u00a0\u00a0\u00a0\u00a0\u00a0 Jamel Jani \u2013 <\/b>Pr\u00e9sident Association Maghr\u00e9bine des Droits de la Personne au Canda. <b>&#8211;\u00a0\u00a0\u00a0\u00a0\u00a0\u00a0\u00a0\u00a0\u00a0 Kamel Jendoubi \u2013 <\/b>Pr\u00e9sident du REMDH &#8211; \u00a0 \u00a0 \u00a0 \u00a0 \u00a0<b>Philippe Le Grand <\/b>&#8211; LDH Nantes<\/font><\/span><\/p>\n<p align=\"left\"><font><b><span lang=\"FR\">&#8211;\u00a0\u00a0\u00a0\u00a0\u00a0\u00a0\u00a0\u00a0\u00a0 Michel\u00a0 Debon \u2013 <\/span><\/b><span lang=\"FR\">SGEN-CFDT \u2013 Solidarit\u00e9 laique<\/span><\/font><\/p>\n<p align=\"left\"><font><b><span lang=\"FR\">&#8211;\u00a0\u00a0\u00a0\u00a0\u00a0\u00a0\u00a0\u00a0\u00a0 Mohamed Nemri \u2013 <\/span><\/b><span lang=\"FR\">Pr\u00e9sident ATMF Argenteuil<\/span><\/font><\/p>\n<p align=\"left\"><span lang=\"FR\"><font>&#8211; \u00a0 \u00a0 \u00a0 \u00a0 \u00a0<b>Abdesslem Lahcen Omar<\/b> &#8211;\u00a0Association des Familles des Prisonniers et Disparus Sahraouis<\/font><\/span><\/p>\n<p align=\"left\"><font><b><span lang=\"FR\">&#8211; \u00a0 \u00a0 \u00a0 \u00a0 \u00a0Monseigneur Jacques Gaillot<\/span><\/b><\/font><\/p>\n<p align=\"left\"><font><b><span lang=\"FR\">&#8211;\u00a0\u00a0\u00a0\u00a0\u00a0\u00a0\u00a0\u00a0 Razzi Hammadi \u2013 <\/span><\/b><span lang=\"FR\">Secr\u00e9taire National \u2013 Parti Socialiste<\/span><\/font><\/p>\n<p align=\"left\"><font><b><span lang=\"FR\">&#8211;\u00a0\u00a0\u00a0\u00a0\u00a0\u00a0\u00a0\u00a0 Said Tahri \u2013 <\/span><\/b><span lang=\"FR\">ATMF Mantes la Jolie<\/span><\/font><\/p>\n<p align=\"left\"><font><b><span lang=\"FR\">&#8211;<\/span><\/b><span lang=\"FR\">\u00a0 \u00a0 \u00a0 \u00a0\u00a0<b>Souhayer Belhassen<\/b>, Pr\u00e9sidente de la FIDH<\/span><\/font><\/p>\n<p align=\"left\"><b><span lang=\"FR\">Le programme de la d\u00e9l\u00e9gation comportera les \u00e9tapes suivantes\u00a0: <\/span><\/b><\/p>\n<p align=\"left\"><span lang=\"FR\"><font>&#8211;\u00a0\u00a0\u00a0\u00a0\u00a0\u00a0\u00a0\u00a0\u00a0 Rencontre avec les familles des martyrs de la r\u00e9volution \u00e0 Ras El Jebel et \u00e0 Bizerte\u00a0<\/font><span><\/span><font>(Nord de la Tunisie). &#8211;\u00a0\u00a0\u00a0\u00a0\u00a0\u00a0\u00a0\u00a0\u00a0 Une visite \u00e0 M. Ali Ben Salem (Doyen des militants des droits humains), Pr\u00e9sident de la section de la LTDH \u00e0 Bizerte &#8211;\u00a0\u00a0\u00a0\u00a0\u00a0\u00a0\u00a0\u00a0\u00a0 Rencontre avec les diff\u00e9rentes composantes de la soci\u00e9t\u00e9 civile \u00e0 Tunis, au si\u00e8ge de la LTDH.<\/font><\/span><\/p>\n<p align=\"left\"><span lang=\"FR\"><font>&#8211;\u00a0\u00a0\u00a0\u00a0\u00a0\u00a0\u00a0\u00a0\u00a0 Rencontre avec la population du Bassin minier de Gafsa (Redeyef, Moulares\u2026)<\/font><\/span><\/p>\n<p align=\"left\"><span lang=\"FR\"><font>&#8211;\u00a0\u00a0\u00a0\u00a0\u00a0\u00a0\u00a0\u00a0\u00a0 Rencontre avec les familles des martyrs de la r\u00e9volution tunisienne \u00e0 Sidi Bouzid et \u00e0 Kasserine\/Thala.<\/font><\/span><\/p>\n<p align=\"left\"><b><span lang=\"FR\">Kamel Jendoubi<\/span><\/b><\/p>\n<p align=\"left\"><span lang=\"FR\"><font>Pr\u00e9sident du CRLDH<\/font><\/span><\/p>\n<p><\/font><\/p>\n<div>\n<hr\/>\n<\/div>\n<div><font face=\"Arial\" size=\"2\"><font face=\"Arial\"><\/p>\n<div align=\"center\"><font face=\"Arial\" size=\"2\"><strong><font>La R\u00e9volution Tunisienne continue ! <\/font><\/strong>Appel pour l\u2019organisation des \u00ab Assises de l\u2019immigration Tunisienne pour un cahier de dol\u00e9ances \u00bb A tous les Tunisien-nes, \u00e0 toutes les associations de Tunisiens \u00e0 l\u2019\u00e9tranger, \u00e0 tous les comit\u00e9s, collectifs et groupes de Tunisiens qui se sont constitu\u00e9s en soutien \u00e0 la R\u00e9volution Tunisienne : <strong><\/p>\n<p><font size=\"3\">Participez aux \u00ab Assises de l\u2019immigration Tunisienne \u00bb ! Par vos \u00e9crits, vos r\u00e9flexions, vos questions et vos suggestions agissez : Participez \u00e0 la r\u00e9daction du \u00ab Cahier de dol\u00e9ances \u00bb !<\/font><\/p>\n<p><\/strong><\/font><\/div>\n<div align=\"justify\">\n<hr\/>\n<p> Aujourd\u2019hui un certain nombre d\u2019associations prennent l\u2019initiative d\u2019organiser les premi\u00e8res \u00ab Assises de l\u2019immigration Tunisienne en France et dans le monde \u00bb pour la r\u00e9daction d\u2019un cahier de dol\u00e9ances des migrantes et des migrants tunisien-nes pour la d\u00e9fense de leurs int\u00e9r\u00eats. Ce cahier de dol\u00e9ances sera pr\u00e9sent\u00e9 au nouveau pouvoir ex\u00e9cutif tunisien issu de la r\u00e9volution du 14 janvier 2011. L\u2019objectif de ces assises est de collecter toutes les propositions que nous inscrirons TOUS ensemble dans le cahier de dol\u00e9ances des migrants tunisien-nes et de les adopter collectivement d&rsquo;ici la fin mars 2011 \u00e0 l&rsquo;occasion de la tenue d\u2019assises de l&rsquo;immigration tunisienne. Organisez des r\u00e9unions dans toutes les villes, dans tous les pays o\u00f9 vous r\u00e9sidez et o\u00f9 vous travaillez. Regroupez-vous, agissez par vos \u00e9crits, vos r\u00e9flexions, vos questions ou suggestions&#8230; participez \u00e0 alimenter le contenu du cahier de dol\u00e9ances. Pour tous contact : Assises2011@yahoo.fr \u00a0<\/p>\n<hr\/>\n<\/div>\n<div align=\"justify\">\n<p align=\"center\"><span lang=\"FR\"><font size=\"2\"><strong>\u00a0\u00a0\u00a0\u00a0\u00a0\u00a0\u00a0\u00a0\u00a0\u00a0\u00a0\u00a0\u00a0\u00a0\u00a0\u00a0\u00a0\u00a0\u00a0\u00a0\u00a0\u00a0\u00a0\u00a0\u00a0\u00a0\u00a0\u00a0\u00a0\u00a0\u00a0\u00a0\u00a0\u00a0\u00a0\u00a0\u00a0\u00a0\u00a0\u00a0\u00a0\u00a0\u00a0\u00a0\u00a0\u00a0\u00a0\u00a0\u00a0\u00a0\u00a0\u00a0\u00a0\u00a0\u00a0\u00a0\u00a0\u00a0\u00a0\u00a0\u00a0\u00a0\u00a0\u00a0\u00a0\u00a0\u00a0\u00a0\u00a0\u00a0\u00a0\u00a0\u00a0\u00a0\u00a0\u00a0\u00a0\u00a0\u00a0\u00a0\u00a0\u00a0\u00a0\u00a0\u00a0\u00a0\u00a0\u00a0\u00a0\u00a0\u00a0\u00a0\u00a0\u00a0\u00a0\u00a0\u00a0\u00a0\u00a0\u00a0\u00a0\u00a0\u00a0\u00a0\u00a0\u00a0\u00a0\u00a0\u00a0\u00a0\u00a0\u00a0\u00a0\u00a0\u00a0\u00a0\u00a0\u00a0\u00a0\u00a0\u00a0\u00a0\u00a0\u00a0\u00a0\u00a0\u00a0\u00a0\u00a0\u00a0\u00a0\u00a0\u00a0\u00a0\u00a0\u00a0\u00a0\u00a0\u00a0 Amnesty International\u00a0 <\/strong><\/font><\/span><b><span lang=\"FR\">\u00a0\u00a0\u00a0\u00a0\u00a0\u00a0\u00a0\u00a0\u00a0\u00a0\u00a0\u00a0\u00a0\u00a0\u00a0\u00a0\u00a0\u00a0\u00a0\u00a0\u00a0\u00a0\u00a0\u00a0\u00a0\u00a0\u00a0\u00a0\u00a0\u00a0\u00a0\u00a0\u00a0\u00a0\u00a0\u00a0\u00a0\u00a0\u00a0\u00a0\u00a0\u00a0\u00a0\u00a0\u00a0\u00a0\u00a0\u00a0\u00a0\u00a0\u00a0\u00a0\u00a0\u00a0\u00a0\u00a0\u00a0\u00a0\u00a0\u00a0\u00a0\u00a0\u00a0\u00a0\u00a0\u00a0\u00a0\u00a0\u00a0\u00a0\u00a0\u00a0\u00a0\u00a0\u00a0\u00a0\u00a0\u00a0\u00a0\u00a0 Tunisie. Programme pour le changement en mati\u00e8re de droits humains<\/span><\/b><span lang=\"FR\"><\/span><\/p>\n<hr\/>\n<p>\u00a0<\/p>\n<p><span lang=\"FR\">Apr\u00e8s les troubles qui ont agit\u00e9 la Tunisie pendant un mois et pouss\u00e9 Zine El Abidine Ben Ali \u00e0 fuir le pays et \u00e0 abandonner la pr\u00e9sidence, un gouvernement int\u00e9rimaire a \u00e9t\u00e9 form\u00e9 et des \u00e9lections sont en pr\u00e9paration.<\/span><\/p>\n<p><span lang=\"FR\">Afin de rompre avec les 23\u00a0ans de violations syst\u00e9matiques des droits humains que le pays a connus sous le r\u00e9gime de Zine El Abidine Ben Ali, les autorit\u00e9s tunisiennes devront faire preuve de vision et de d\u00e9termination, et adopter des mesures efficaces. Au fil des ann\u00e9es, les Tunisiens ont fait les frais d&rsquo;un trop grand nombre de promesses non tenues et ont perdu confiance dans les institutions du pays. Le peuple tunisien a montr\u00e9 qu&rsquo;il ne se satisfera pas de r\u00e9formes superficielles men\u00e9es au coup par coup, mais qu&rsquo;il attend au contraire des changements audacieux et de grande port\u00e9e qui moderniseront les institutions qui les ont d\u00e9\u00e7us. Deux institutions devant conna\u00eetre une refonte imm\u00e9diate sont les forces de s\u00e9curit\u00e9 et le syst\u00e8me judiciaire, les principaux outils utilis\u00e9s par les autorit\u00e9s afin d&rsquo;\u00e9craser la contestation et de museler les critiques.<\/span><\/p>\n<p><span lang=\"FR\">Les autorit\u00e9s tunisiennes doivent prendre conscience qu&rsquo;il n&rsquo;est pas possible d&rsquo;attendre que l&rsquo;\u00e9tat de droit et l&rsquo;ordre soient r\u00e9tablis dans le pays pour faire respecter les droits humains. R\u00e9tablir et garantir les droits fondamentaux doit \u00eatre une priorit\u00e9 imm\u00e9diate. Des progr\u00e8s francs et mesurables sur le terrain des droits humains serviront \u00e0 regagner la confiance de la population, et permettront aux Tunisiens d&rsquo;avoir de nouveau foi en leurs institutions.<\/span><\/p>\n<p><span lang=\"FR\">Les autorit\u00e9s doivent commencer par reconna\u00eetre l&rsquo;ampleur et la gravit\u00e9 r\u00e9elles des violations des droits humains ayant eu lieu dans le pays pendant des d\u00e9cennies. Ce travail doit \u00eatre suivi de mesures imm\u00e9diates visant \u00e0 en finir avec ces pratiques.<\/span><\/p>\n<p><span lang=\"FR\">En ce moment crucial, le nouveau gouvernement tunisien se voit offrir une occasion historique de rompre avec des ann\u00e9es de r\u00e9pression et d&rsquo;atteintes aux droits humains en prenant de toute urgence des mesures concr\u00e8tes afin de respecter \u2013\u00a0dans la loi et la pratique\u00a0\u2013 leurs obligations nationales et internationales.<\/span><\/p>\n<p><span lang=\"FR\">Amnesty International salue\u00a0: l&rsquo;engagement pris par le gouvernement de rel\u00e2cher tous les prisonniers politiques\u00a0; son annonce concernant la cr\u00e9ation d&rsquo;une commission ind\u00e9pendante qui enqu\u00eatera sur les atteintes aux droits humains commises par les forces de s\u00e9curit\u00e9 pendant les troubles r\u00e9cents, et notamment sur leur recours \u00e0 une force excessive et meurtri\u00e8re\u00a0; et la formation d&rsquo;autres commissions ind\u00e9pendantes qui travailleront sur les r\u00e9formes politiques et la corruption.<\/span><\/p>\n<p><span lang=\"FR\">D&rsquo;autres mesures sont cependant requises en urgence de la part des autorit\u00e9s tunisiennes.<\/span><\/p>\n<p><span lang=\"FR\">Elles n&rsquo;ont pas encore annonc\u00e9 si \u2013\u00a0et, le cas \u00e9ch\u00e9ant, dans quelle mesure\u00a0\u2013 les lois tunisiennes limitant gravement les libert\u00e9s d&rsquo;expression, d&rsquo;association et de r\u00e9union seront r\u00e9form\u00e9es, ni \u00e9voqu\u00e9 le cadre juridique des \u00e9lections \u00e0 venir. Amnesty International estime que cela permettra de conna\u00eetre les intentions r\u00e9elles du gouvernement. Au fil des ann\u00e9es, notamment au cours des derni\u00e8res \u00e9lections pr\u00e9sidentielle et l\u00e9gislatives en Tunisie, en octobre 2009, les autorit\u00e9s ont recouru \u00e0 des lois draconiennes pour r\u00e9primer l&rsquo;opposition politique et harceler la soci\u00e9t\u00e9 civile ind\u00e9pendante. Les partis politiques oppos\u00e9s au gouvernement sont rest\u00e9s interdits ou dans l&rsquo;incapacit\u00e9 de mener leurs activit\u00e9s librement.<\/span><\/p>\n<p><span lang=\"FR\">\u00c0 cette \u00e9poque, les d\u00e9tracteurs du gouvernement \u2013\u00a0dont des d\u00e9fenseurs des droits humains\u00a0\u2013 ont \u00e9t\u00e9 soumis par des repr\u00e9sentants de l&rsquo;\u00c9tat \u00e0 des dispositifs de surveillance oppressants, \u00e0 des menaces, des man\u0153uvres de harc\u00e8lement et des violences physiques. Les journalistes qui critiquaient le gouvernement ou d\u00e9non\u00e7aient des faits de corruption risquaient le harc\u00e8lement, les menaces et l&rsquo;incarc\u00e9ration. Il est \u00e9vident que si l&rsquo;on souhaite que les \u00e9lections de 2011 soient diff\u00e9rentes, les autorit\u00e9s tunisiennes doivent agir imm\u00e9diatement afin de lever les restrictions arbitraires pesant sur les libert\u00e9s d&rsquo;expression, d&rsquo;association et de r\u00e9union, dans le droit et la pratique.<\/span><\/p>\n<p><span lang=\"FR\">Amnesty International, s&rsquo;appuyant sur le travail qu&rsquo;elle effectue depuis des d\u00e9cennies pour recenser les violations dans ce pays, a d\u00e9gag\u00e9 les recommandations ci-apr\u00e8s comme \u00e9tapes cl\u00e9s vers le changement<\/span><\/p>\n<p><span lang=\"FR\">Dans l&rsquo;imm\u00e9diat, Amnesty International exhorte les autorit\u00e9s tunisiennes \u00e0\u00a0:<\/span><\/p>\n<p><b><span lang=\"FR\">MA\u00ceTRISER LES FORCES DE S\u00c9CURIT\u00c9<\/span><\/b><\/p>\n<p><span>\u00b7<\/span><span lang=\"FR\">\u00a0\u00a0\u00a0\u00a0\u00a0\u00a0\u00a0\u00a0 veiller \u00e0 ce qu&rsquo;aucun membre des services de s\u00e9curit\u00e9 ne soit autoris\u00e9 \u00e0 agir au-dessus des lois\u00a0;<\/span><\/p>\n<p><span lang=\"FR\">\u00b7\u00a0\u00a0\u00a0\u00a0\u00a0\u00a0\u00a0\u00a0 entreprendre une refonte compl\u00e8te de tous les organes de s\u00e9curit\u00e9 et d&rsquo;application des lois, et rendre public un organigramme clair des diff\u00e9rentes branches des forces de s\u00e9curit\u00e9, faisant appara\u00eetre la hi\u00e9rarchie de mani\u00e8re bien distincte\u00a0;<\/span><\/p>\n<p><span>\u00b7\u00a0\u00a0\u00a0\u00a0\u00a0\u00a0\u00a0\u00a0 <\/span><span lang=\"FR\">rendre publiques, de toute urgence, des instructions claires sur le recours \u00e0 la force \u2013\u00a0et notamment aux armes \u00e0 feu\u00a0\u2013 qui soient strictement conformes aux normes et au droit internationaux, en particulier le Code de conduite des Nations unies pour les responsables de l&rsquo;application des lois et les Principes de base des Nations unies sur le recours \u00e0 la force et l&rsquo;utilisation des armes \u00e0 feu par les responsables de l&rsquo;application des lois\u00a0;<\/span><\/p>\n<p><span>\u00b7\u00a0\u00a0\u00a0\u00a0\u00a0\u00a0\u00a0\u00a0 <\/span><span lang=\"FR\">cr\u00e9er un organe de surveillance qui ait l&rsquo;autorit\u00e9 requise pour obliger les forces de s\u00e9curit\u00e9 \u00e0 rendre des comptes pour les violations commises. Un tel organe doit \u00eatre dot\u00e9 d&rsquo;un m\u00e9canisme ind\u00e9pendant, efficace et impartial de traitement des plaintes concernant les fautes commises par les forces de s\u00e9curit\u00e9, notamment les atteintes aux droits humains. Ce m\u00e9canisme ind\u00e9pendant d&rsquo;enregistrement des plaintes d\u00e9pos\u00e9es contre les forces de s\u00e9curit\u00e9 doit se voir attribuer des \u00e9quipes d&rsquo;investigation ind\u00e9pendantes, afin de prendre sp\u00e9cifiquement en charge les plaintes contre ou impliquant les forces de s\u00e9curit\u00e9.<\/span><\/p>\n<p>\u00a0<\/p>\n<p><b><span lang=\"FR\">CONDAMNER LA TORTURE ET LES AUTRES MAUVAIS TRAITEMENTS<\/span><\/b><\/p>\n<p><span lang=\"FR\">\u00b7\u00a0\u00a0\u00a0\u00a0\u00a0\u00a0\u00a0\u00a0 condamner publiquement la torture et les autres formes de mauvais traitements\u00a0; veiller \u00e0 ce qu&rsquo;il soit mis fin \u00e0 ces pratiques\u00a0; faire savoir clairement \u00e0 tous les agents de l&rsquo;\u00c9tat charg\u00e9s des arrestations, de la d\u00e9tention et des interrogatoires, dont les membres de la Direction de la s\u00fbret\u00e9 de l&rsquo;\u00c9tat du minist\u00e8re de l&rsquo;Int\u00e9rieur, que la torture et les mauvais traitements ne seront tol\u00e9r\u00e9s sous aucune circonstance\u00a0;<\/span><\/p>\n<p><span lang=\"FR\">\u00b7\u00a0\u00a0\u00a0\u00a0\u00a0\u00a0\u00a0\u00a0 faire en sorte que des enqu\u00eates efficaces, ind\u00e9pendantes et impartiales soient men\u00e9es dans les meilleurs d\u00e9lais sur toutes les plaintes pour torture et autres formes de mauvais traitements, et que les auteurs de ces actes soient traduits en justice\u00a0; veiller \u00e0 ce que les victimes obtiennent des r\u00e9parations adapt\u00e9es\u00a0;<\/span><\/p>\n<p><span>\u00b7<\/span><span lang=\"FR\">\u00a0\u00a0\u00a0\u00a0\u00a0\u00a0\u00a0\u00a0 abolir imm\u00e9diatement la d\u00e9tention au secret et faire en sorte que les d\u00e9tenus puissent\u00a0: s&rsquo;entretenir avec le monde ext\u00e9rieur r\u00e9guli\u00e8rement et sans d\u00e9lai \u2013\u00a0et que cela soit inscrit dans le droit et respect\u00e9 dans la pratique\u00a0\u2013, notamment avec leur famille et avec un-des avocat-s de leur choix\u00a0; et, le cas \u00e9ch\u00e9ant, recevoir des soins m\u00e9dicaux prodigu\u00e9s par des m\u00e9decins ind\u00e9pendants\u00a0;<\/span><\/p>\n<p><span>\u00b7\u00a0\u00a0\u00a0\u00a0\u00a0\u00a0\u00a0\u00a0 <\/span><span lang=\"FR\">autoriser que des organes internationaux ind\u00e9pendants compos\u00e9s d&rsquo;experts effectuent des inspections r\u00e9guli\u00e8res mais inopin\u00e9es et sans restrictions de tous les lieux de d\u00e9tention.<\/span><\/p>\n<p><b><span lang=\"FR\">FAIRE RESPECTER LA LIBERT\u00c9 D&rsquo;EXPRESSION, D&rsquo;ASSOCIATION ET DE R\u00c9UNION<\/span><\/b><\/p>\n<p><span>\u00b7\u00a0\u00a0\u00a0\u00a0\u00a0\u00a0\u00a0\u00a0 <\/span><span lang=\"FR\">rel\u00e2cher tous les prisonniers d&rsquo;opinion, imm\u00e9diatement et sans condition, et faire le n\u00e9cessaire pour que tous les autres prisonniers politiques soient soit remis en libert\u00e9, soit rejug\u00e9s conform\u00e9ment aux normes internationales d&rsquo;\u00e9quit\u00e9 des proc\u00e8s, sans que la peine de mort ne soit requise\u00a0;<\/span><\/p>\n<p><span>\u00b7\u00a0\u00a0\u00a0\u00a0\u00a0\u00a0\u00a0\u00a0 <\/span><span lang=\"FR\">mettre fin au harc\u00e8lement et \u00e0 la condamnation morale des prisonniers politiques apr\u00e8s leur lib\u00e9ration, et abandonner le recours \u00e0 des mesures arbitraires et abusives telles que\u00a0: le placement sous contr\u00f4le administratif\u00a0; l&rsquo;interdiction de voyager\u00a0; la privation de soins m\u00e9dicaux\u00a0; et la confiscation de papiers d&rsquo;identit\u00e9 et autres documents officiels n\u00e9cessaires \u00e0 toute personne pour exercer ses droits. \u00c9laborer des programmes visant \u00e0 aider les anciens prisonniers politiques \u00e0 se r\u00e9ins\u00e9rer dans la soci\u00e9t\u00e9\u00a0;<\/span><\/p>\n<p><span>\u00b7<\/span><span lang=\"FR\">\u00a0\u00a0\u00a0\u00a0\u00a0\u00a0\u00a0\u00a0 mettre un terme aux man\u0153uvres de harc\u00e8lement et d&rsquo;intimidation visant les militants des droits humains et les d\u00e9tracteurs du gouvernement, ainsi qu&rsquo;aux mesures arbitraires prises contre les personnes et associations qui d\u00e9fendent les droits humains, l&rsquo;\u00e9tat de droit ou l&rsquo;ind\u00e9pendance de leur profession\u00a0;<\/span><\/p>\n<p><span>\u00b7<\/span><span lang=\"FR\">\u00a0\u00a0\u00a0\u00a0\u00a0\u00a0\u00a0\u00a0 lever toutes les restrictions pesant sur le droit des Tunisiens \u00e0 se r\u00e9unir librement et \u00e0 faire enregistrer des organisations ind\u00e9pendantes, dont des organisations de d\u00e9fense des droits humains. Les organisations en question doivent inclure l&rsquo;Association internationale de soutien aux prisonniers politiques, l&rsquo;Association de lutte contre la torture en Tunisie, Libert\u00e9 et \u00e9quit\u00e9, le Conseil national pour les libert\u00e9s en Tunisie, l&rsquo;Observatoire pour la libert\u00e9 de presse, d&rsquo;\u00e9dition et de cr\u00e9ation et le Centre de Tunis pour l&rsquo;ind\u00e9pendance de la justice\u00a0;<\/span><\/p>\n<p><span>\u00b7<\/span><span lang=\"FR\">\u00a0\u00a0\u00a0\u00a0\u00a0\u00a0\u00a0\u00a0 r\u00e9viser, modifier ou abolir toutes les dispositions de la loi de 1969 sur les r\u00e9unions publiques, de la loi de 1959 sur les associations, du Code p\u00e9nal et du Code de la presse qui \u00e9rigent en infraction l&rsquo;exercice des droits \u00e0 la libert\u00e9 d&rsquo;expression, d&rsquo;association et de r\u00e9union, en particulier\u00a0: les articles 48 (offense au Pr\u00e9sident de la R\u00e9publique) et 51 (qui donne une d\u00e9finition tr\u00e8s large de la diffamation) du Code de la presse\u00a0; les article 61bis et 121-122 du Code p\u00e9nal (incitation \u00e0 la r\u00e9bellion par des discours tenus dans des lieux ou r\u00e9unions publics)\u00a0; et les articles 6 et 7 de la loi r\u00e8glementant les r\u00e9unions publiques (autorisant la pr\u00e9sence de fonctionnaires des services de la S\u00fbret\u00e9 lors de r\u00e9unions et interdisant toute r\u00e9union susceptible selon les autorit\u00e9s de troubler la s\u00e9curit\u00e9 et l&rsquo;ordre public)\u00a0;<\/span><\/p>\n<p><span>\u00b7<\/span><span lang=\"FR\">\u00a0\u00a0\u00a0\u00a0\u00a0\u00a0\u00a0\u00a0 si le gouvernement a la responsabilit\u00e9 de combattre le terrorisme et de pr\u00e9server la s\u00e9curit\u00e9 publique, la lutte contre le terrorisme ne doit pas pour autant servir de pr\u00e9texte pour \u00e9touffer la contestation l\u00e9gitime, ni \u00e9riger en infraction l&rsquo;exercice pacifique des droits fondamentaux tels que le droit \u00e0 la libert\u00e9 d&rsquo;expression, d&rsquo;association et de r\u00e9union. Il faut modifier la loi de 2003 sur la lutte contre le terrorisme afin de la mettre pleinement en conformit\u00e9 avec les normes et dispositions pertinentes du droit international relatif aux droits humains, ainsi qu&rsquo;avec les recommandations des organes de d\u00e9fense de ces droits aux Nations unies. Le cas de chaque personne d\u00e9clar\u00e9e coupable et emprisonn\u00e9e au titre de cette loi doit \u00eatre r\u00e9examin\u00e9 dans les meilleurs d\u00e9lais, et les personnes condamn\u00e9es au motif de l&rsquo;exercice pacifique de leurs droits doivent \u00eatre remises en libert\u00e9.<\/span><\/p>\n<p><b><span lang=\"FR\">R\u00c9FORMER LE SYST\u00c8ME JUDICIAIRE<\/span><\/b><\/p>\n<p><span lang=\"FR\">\u00b7\u00a0\u00a0\u00a0\u00a0\u00a0\u00a0\u00a0\u00a0 veiller \u00e0 ce que le pouvoir judiciaire soit totalement ind\u00e9pendant du pouvoir ex\u00e9cutif\u00a0;<\/span><\/p>\n<p><span>\u00b7<\/span><span lang=\"FR\">\u00a0\u00a0\u00a0\u00a0\u00a0\u00a0\u00a0\u00a0 r\u00e9examiner et modifier les proc\u00e9dures de nomination des membres de l&rsquo;appareil judiciaire, afin de garantir la totale ind\u00e9pendance des juges\u00a0;<\/span><\/p>\n<p><span>\u00b7\u00a0\u00a0\u00a0\u00a0\u00a0\u00a0\u00a0\u00a0 <\/span><span lang=\"FR\">inscrire l&rsquo;inamovibilit\u00e9 des juges dans la Constitution, ainsi que des garanties contre les pressions directes et indirectes, ainsi que les influences et ing\u00e9rences indues\u00a0;<\/span><\/p>\n<p><span>\u00b7\u00a0\u00a0\u00a0\u00a0\u00a0\u00a0\u00a0\u00a0 <\/span><span lang=\"FR\">s&rsquo;assurer que chaque personne inculp\u00e9e d&rsquo;une infraction ait droit \u00e0 une proc\u00e9dure \u00e9quitable devant un tribunal comp\u00e9tent, ind\u00e9pendant et impartial \u00e9tabli en vertu du droit, et que les droits de la d\u00e9fense soient pleinement respect\u00e9s\u00a0;<\/span><\/p>\n<p><span>\u00b7\u00a0\u00a0\u00a0\u00a0\u00a0\u00a0\u00a0\u00a0 <\/span><span lang=\"FR\">mettre fin aux proc\u00e8s de civils devant des tribunaux militaires et renvoyer toute affaire en cours devant des tribunaux ordinaires, dans le cadre de proc\u00e9dures qui soient conformes aux normes internationales d&rsquo;\u00e9quit\u00e9 des proc\u00e8s et sans requ\u00e9rir la peine de mort, ou bien rel\u00e2cher les accus\u00e9s\u00a0; ordonner que tous les civils d\u00e9j\u00e0 condamn\u00e9s par un tribunal militaire soient rejug\u00e9s dans le cadre d&rsquo;une proc\u00e9dure \u00e9quitable, ou les lib\u00e9rer\u00a0;<\/span><\/p>\n<p><span lang=\"FR\">\u00b7\u00a0\u00a0\u00a0\u00a0\u00a0\u00a0\u00a0\u00a0 commuer toutes les condamnations \u00e0 mort et abolir la peine capitale.<\/span><\/p>\n<p>\u00a0<\/p>\n<p><b><span lang=\"FR\">METTRE UN TERME \u00c0 L&rsquo;IMPUNIT\u00c9<\/span><\/b><\/p>\n<p><span>\u00b7<\/span><span lang=\"FR\">\u00a0\u00a0\u00a0\u00a0\u00a0\u00a0\u00a0\u00a0 faire en sorte que l&rsquo;enqu\u00eate annonc\u00e9e par le Premier ministre, Mohamed Ghannouchi, sur les troubles r\u00e9cents soit ind\u00e9pendante, transparente, rigoureuse et impartiale. Les autorit\u00e9s tunisiennes doivent garantir qu&rsquo;aucun \u00e9l\u00e9ment prouvant l&rsquo;existence de violations des droits humains, et notamment d&rsquo;ex\u00e9cutions ill\u00e9gales, ne soit alt\u00e9r\u00e9 ni d\u00e9truit, et que les enqu\u00eates sur tous les homicides suivent les m\u00e9thodes d\u00e9crites dans les Principes des Nations unies relatifs \u00e0 la pr\u00e9vention efficace des ex\u00e9cutions extrajudiciaires, arbitraires et sommaires et aux moyens d&rsquo;enqu\u00eater efficacement sur ces ex\u00e9cutions. Les autorit\u00e9s tunisiennes doivent faire en sorte que le rapport d&rsquo;enqu\u00eate soit rendu public, et que les personnes identifi\u00e9es comme \u00e9tant les responsables pr\u00e9sum\u00e9es d&rsquo;atteintes aux droits humains soient traduites en justice dans le cadre de proc\u00e9dures \u00e9quitables, sans que la peine de mort ne soit requise\u00a0;<\/span><\/p>\n<p><span>\u00b7\u00a0\u00a0\u00a0\u00a0\u00a0\u00a0\u00a0\u00a0 <\/span><span lang=\"FR\">la commission d&rsquo;enqu\u00eate doit transmettre les \u00e9l\u00e9ments prouvant l&rsquo;existence de violations des droits humains aux autorit\u00e9s judiciaires\u00a0;<\/span><\/p>\n<p><span>\u00b7\u00a0\u00a0\u00a0\u00a0\u00a0\u00a0\u00a0\u00a0 <\/span><span lang=\"FR\">ouvrir une enqu\u00eate ind\u00e9pendante, rigoureuse et impartiale sur les atteintes aux droits humains commises pendant que Zine El Abidine Ben Ali \u00e9tait au pouvoir. Les enqu\u00eateurs doivent b\u00e9n\u00e9ficier de ressources suffisantes afin d&rsquo;accomplir toutes leurs t\u00e2ches correctement et sans d\u00e9lai, et \u00eatre habilit\u00e9s \u00e0 prendre connaissance de tous les documents et autres \u00e9l\u00e9ments de preuve pertinents, et \u00e0 entendre toutes les personnes concern\u00e9es. Les conclusions de l&rsquo;enqu\u00eate devront comporter des recommandations en vue de mettre un terme aux violations du droit international et d&#8217;emp\u00eacher le renouvellement de tels agissements, de garantir que toute la lumi\u00e8re sera faite, que justice sera rendue aux victimes et qu&rsquo;elles b\u00e9n\u00e9ficieront d&rsquo;une r\u00e9paration compl\u00e8te, comprenant la restitution, la r\u00e9insertion, la compensation, l&rsquo;indemnisation, et des garanties de non-renouvellement. Amnesty International est pr\u00eate \u00e0 mettre les archives de ses rapports sur les droits humains \u00e0 la disposition des autorit\u00e9s tunisiennes afin de les assister dans le cadre d&rsquo;enqu\u00eates de ce type\u00a0;<\/span><\/p>\n<p><span>\u00b7\u00a0\u00a0\u00a0\u00a0\u00a0\u00a0\u00a0\u00a0 <\/span><span lang=\"FR\">veiller \u00e0 ce que toutes les personnes fournissant des informations dans le cadre d&rsquo;enqu\u00eates sur des atteintes aux droits humains re\u00e7oivent une protection ad\u00e9quate contre les repr\u00e9sailles ou toute autre forme d&rsquo;intimidation\u00a0;<\/span><\/p>\n<p><span>\u00b7\u00a0\u00a0\u00a0\u00a0\u00a0\u00a0\u00a0\u00a0 <\/span><span lang=\"FR\">mettre en place un syst\u00e8me de v\u00e9rification afin d&rsquo;\u00e9viter que durant l&rsquo;enqu\u00eate, les personnes que l&rsquo;on peut raisonnablement soup\u00e7onner de graves atteintes aux droits humains ne soient maintenues ou plac\u00e9es dans une position o\u00f9 elles sont susceptibles de commettre de nouveau ce type de violations\u00a0;<\/span><\/p>\n<p><span>\u00b7\u00a0\u00a0\u00a0\u00a0\u00a0\u00a0\u00a0\u00a0 <\/span><span lang=\"FR\">ratifier le Statut de Rome de la Cour p\u00e9nale internationale, en faisant une d\u00e9claration, conform\u00e9ment \u00e0 l&rsquo;article 12(3), selon laquelle sa comp\u00e9tence s&rsquo;applique aux crimes commis depuis l&rsquo;entr\u00e9e en vigueur du Statut (juillet 2002).<\/span><\/p>\n<p>\u00a0<\/p>\n<p><b><span lang=\"FR\">ACCORDER UNE PRIORIT\u00c9 \u00c9LEV\u00c9E \u00c0 LA PLEINE R\u00c9ALISATION DES DROITS \u00c9CONOMIQUES, SOCIAUX ET CULTURELS<\/span><\/b><\/p>\n<p><span>\u00b7<\/span><span lang=\"FR\">\u00a0\u00a0\u00a0\u00a0\u00a0\u00a0\u00a0\u00a0 assurer \u00e0 un niveau minimal essentiel les droits \u00e9conomiques, sociaux et culturels, en particulier l&rsquo;acc\u00e8s \u00e0 la nourriture, \u00e0 l&rsquo;eau et \u00e0 des installations sanitaires, ainsi qu&rsquo;aux soins de sant\u00e9 et au logement pour l&rsquo;ensemble de la population, et, si n\u00e9cessaire, demander la coop\u00e9ration et l&rsquo;aide de la communaut\u00e9 internationale pour ce faire\u00a0;<\/span><\/p>\n<p><span>\u00b7\u00a0\u00a0\u00a0\u00a0\u00a0\u00a0\u00a0\u00a0 <\/span><span lang=\"FR\">garantir la non-discrimination dans l&rsquo;acc\u00e8s \u00e0 des services publics essentiels, comme l&rsquo;approvisionnement en eau, les installations sanitaires et les soins de sant\u00e9\u00a0;<\/span><\/p>\n<p><span lang=\"FR\">\u00b7\u00a0\u00a0\u00a0\u00a0\u00a0\u00a0\u00a0\u00a0 mettre fin aux ing\u00e9rences arbitraires dans le droit au travail et le droit \u00e0 la sant\u00e9 des opposants politiques et de leur famille\u00a0;<\/span><\/p>\n<p><span lang=\"FR\">\u00b7\u00a0\u00a0\u00a0\u00a0\u00a0\u00a0\u00a0\u00a0 faire respecter les droits des travailleurs et les libert\u00e9s des syndicats, conform\u00e9ment aux obligations de la Tunisie en vertu du droit international\u00a0;<\/span><\/p>\n<p><span lang=\"FR\">\u00b7\u00a0\u00a0\u00a0\u00a0\u00a0\u00a0\u00a0\u00a0 r\u00e9former les lois et institutions nationales de sorte que des recours effectifs soient \u00e0 la port\u00e9e de toutes les victimes de violations des droits \u00e9conomiques, sociaux et culturels.<\/span><\/p>\n<p>\u00a0<\/p>\n<p><b><span lang=\"FR\">LUTTER CONTRE LA DISCRIMINATION<\/span><\/b><\/p>\n<p><span>\u00b7\u00a0\u00a0\u00a0\u00a0\u00a0\u00a0\u00a0\u00a0 <\/span><span lang=\"FR\">r\u00e9former, modifier ou abolir toutes les lois qui introduisent des discriminations fond\u00e9es sur la race, la couleur de peau, la religion, l&rsquo;appartenance ethnique, la naissance, le genre, l&rsquo;orientation sexuelle, l&rsquo;identit\u00e9 de genre, les opinions politiques ou autres, l&rsquo;origine nationale ou sociale, le statut de propri\u00e9taire ou tout autre statut.<\/span><\/p>\n<p>\u00a0<\/p>\n<p><b><span lang=\"FR\">D\u00c9FENDRE LES DROITS DES FEMMES ET DES FILLES<\/span><\/b><\/p>\n<p><span>\u00b7\u00a0\u00a0\u00a0\u00a0\u00a0\u00a0\u00a0\u00a0 <\/span><span lang=\"FR\">r\u00e9former ou abolir toutes les lois, coutumes et pratiques existantes qui introduisent des discriminations \u00e0 l&rsquo;\u00e9gard des femmes et des filles. En particulier, le Code du statut personnel &#8211;\u00a0et notamment les dispositions relatives au mariage, \u00e0 la garde et \u00e0 la tutelle des enfants, ainsi qu&rsquo;\u00e0 l&rsquo;h\u00e9ritage\u00a0&#8211; et le Code p\u00e9nal doivent \u00eatre mis en conformit\u00e9 avec les obligations de la Tunisie au titre des articles 2, 3, 23 et 26 du Pacte international relatif aux droits civils et politique, ainsi qu&rsquo;avec les autres obligations internationales du pays.<\/span><\/p>\n<p><span>\u00b7\u00a0\u00a0\u00a0\u00a0\u00a0\u00a0\u00a0\u00a0 <\/span><span lang=\"FR\">adopter une loi g\u00e9n\u00e9rale sur la violence contre les femmes, en particulier sur la violence domestique et le viol conjugal. Renforcer la protection des femmes et des filles contre la violence, en abrogeant les dispositions des articles 218, 227bis et 239 du Code p\u00e9nal, qui autorisent respectivement l&rsquo;arr\u00eat des poursuites, du proc\u00e8s, ou de l&rsquo;ex\u00e9cution de la peine lorsque le conjoint victime de violences physiques retire sa plainte, et lorsque l&rsquo;auteur d&rsquo;un viol ou d&rsquo;un enl\u00e8vement \u00e9pouse sa victime\u00a0;<\/span><\/p>\n<p><span>\u00b7\u00a0\u00a0\u00a0\u00a0\u00a0\u00a0\u00a0\u00a0 <\/span><span lang=\"FR\">abroger les d\u00e9crets imposant qu&rsquo;un individu se v\u00eate ou ne se v\u00eate pas d&rsquo;une certaine fa\u00e7on, \u00e0 moins que les restrictions impos\u00e9es ne le soient que parce qu&rsquo;elles sont manifestement n\u00e9cessaires et proportionnelles \u00e0 un objectif l\u00e9gitime, ainsi que le pr\u00e9voit le droit international relatif aux droits humains, et qu&rsquo;elles ne soient pas discriminatoires.<\/span><\/p>\n<p>\u00a0<\/p>\n<p><b><span lang=\"FR\">AMNESTY INTERNATIONAL ENGAGE \u00c9GALEMENT LES AUTORIT\u00c9S TUNISIENNES \u00c0\u00a0:<\/span><\/b><\/p>\n<p><span>\u00b7<\/span><span lang=\"FR\">\u00a0\u00a0\u00a0\u00a0\u00a0\u00a0\u00a0\u00a0 adresser une invitation ouverte \u00e0 toutes les proc\u00e9dures sp\u00e9ciales des Nations unies et favoriser imm\u00e9diatement la venue en Tunisie\u00a0: du rapporteur sp\u00e9cial des Nations unies sur les ex\u00e9cutions extrajudiciaires, sommaires ou arbitraires\u00a0; du rapporteur sp\u00e9cial sur la torture et autres peines ou traitements cruels, inhumains ou d\u00e9gradants\u00a0; du rapporteur sp\u00e9cial sur l&rsquo;ind\u00e9pendance des juges et des avocats\u00a0; du rapporteur sp\u00e9cial sur la promotion et la protection du droit \u00e0 la libert\u00e9 d&rsquo;opinion et d&rsquo;expression\u00a0; du rapporteur sp\u00e9cial sur la situation des d\u00e9fenseurs des droits de l&rsquo;homme\u00a0; et du groupe de travail sur la d\u00e9tention arbitraire\u00a0;<\/span><\/p>\n<p><span lang=\"FR\">\u00b7\u00a0\u00a0\u00a0\u00a0\u00a0\u00a0\u00a0\u00a0 ratifier le Protocole facultatif se rapportant \u00e0 la Convention contre la torture et autres peines ou traitements cruels, inhumains ou d\u00e9gradants\u00a0; la Convention internationale pour la protection de toutes les personnes contre les disparitions forc\u00e9es\u00a0; et les protocoles facultatifs du Pacte international relatif aux droits civils et politiques et du Pacte international relatif aux droits \u00e9conomiques, sociaux et culturels. Amnesty International demande par ailleurs aux autorit\u00e9s tunisiennes de retirer leurs r\u00e9serves \u00e0 la Convention sur l&rsquo;\u00e9limination de toutes les formes de discrimination \u00e0 l&rsquo;\u00e9gard des femmes\u00a0;<\/span><\/p>\n<p><span>\u00b7<\/span><span lang=\"FR\">\u00a0\u00a0\u00a0\u00a0\u00a0\u00a0\u00a0\u00a0 demander l&rsquo;assistance du Haut-Commissariat aux droits de l&rsquo;homme (HCR) et des autres programmes et agences des Nations unies\u00a0; organiser avec le HCR la pr\u00e9sence d&rsquo;observateurs des droits humains sur le terrain en Tunisie.<\/span><\/p>\n<p>\u00a0<\/p>\n<\/div>\n<div align=\"justify\">\n<hr\/>\n<\/div>\n<div align=\"justify\">\n<div align=\"center\">\u00a0<font size=\"3\"> <\/p>\n<h3 style=\"color: blue;\"><font><strong>Reporters sans fronti\u00e8res en Tunisie\u00a0: \u00ab\u00a0Une nouvelle libert\u00e9 \u00e0 pr\u00e9server\u00a0\u00bb<\/strong><\/font><\/h3>\n<p><\/font><\/div>\n<div align=\"center\">\n<hr\/>\n<\/div>\n<p align=\"justify\" dir=\"ltr\">Reporters sans fronti\u00e8res s\u2019est rendue en Tunisie du 2 au 4 f\u00e9vrier 2011, afin d\u2019\u00e9valuer la situation des m\u00e9dias pr\u00e8s de deux semaines apr\u00e8s la chute du r\u00e9gime du pr\u00e9sident Ben Ali, d\u2019analyser leurs besoins et de d\u00e9finir la contribution que pourrait apporter l\u2019organisation pendant cette phase de transition.<\/p>\n<p align=\"justify\" dir=\"ltr\">Les repr\u00e9sentants de Reporters sans fronti\u00e8res ont rencontr\u00e9 de nombreux journalistes (opposants ou li\u00e9s \u00e0 l\u2019ancien r\u00e9gime, le Syndicat des journalistes tunisiens), et le nouveau secr\u00e9taire d\u2019Etat \u00e0 la Jeunesse et aux Sports. Du mat\u00e9riel technique a \u00e9galement \u00e9t\u00e9 distribu\u00e9.<\/p>\n<p align=\"justify\" dir=\"ltr\">\u00ab\u00a0La Tunisie est en plein bouillonnement. Les journalistes vivent une p\u00e9riode historique o\u00f9 leur libert\u00e9 est, pour la premi\u00e8re fois, respect\u00e9e. Il faut les encourager et les soutenir dans leur d\u00e9marche. Il faut surtout consolider les acquis de cette jeune r\u00e9volution. La censure n\u2019a pas totalement disparu et elle peut revenir en force \u00e0 tout moment. Il faut rapidement s\u2019en pr\u00e9munir en mettant en place un cadre juridique et institutionnel garantissant de mani\u00e8re durable la libert\u00e9 d\u2019expression. Ca passe notamment par des r\u00e9formes l\u00e9gislatives et la mise en place de nouvelles structures ind\u00e9pendantes de r\u00e9gulation des m\u00e9dias\u00a0\u00bb, a d\u00e9clar\u00e9 Jean-Fran\u00e7ois Julliard, secr\u00e9taire g\u00e9n\u00e9ral de Reporters sans fronti\u00e8res.<\/p>\n<p align=\"justify\" dir=\"ltr\">\u00ab\u00a0Apr\u00e8s 23 ans de censure, la libert\u00e9 de la presse est une r\u00e9alit\u00e9 en Tunisie. C\u2019est inesp\u00e9r\u00e9. Nous nous r\u00e9jouissons notamment pour tous les militants de la libert\u00e9 d\u2019expression. Pendant toutes ces ann\u00e9es, une poign\u00e9e de personnes se sont battues pour d\u00e9fendre leur libert\u00e9. Ils voient enfin leurs efforts et leur t\u00e9nacit\u00e9 enfin r\u00e9compens\u00e9s. Nous pensons \u00e0 eux et \u00e0 tous ceux qui vont d\u00e9sormais pratiquer le m\u00e9tier de journaliste dans des conditions plus favorables. Reporters sans fronti\u00e8res restera tr\u00e8s pr\u00e9sente en Tunisie et continuera de jouer son r\u00f4le de d\u00e9fenseur des libert\u00e9s\u00a0\u00bb, a-t-il ajout\u00e9.<\/p>\n<p align=\"justify\" dir=\"ltr\">Pendant vingt-trois ans, le r\u00e9gime de Ben Ali a verrouill\u00e9 l\u2019information dans les m\u00e9dias traditionnels, puis sur le Net. Le 14 janvier 2011, apr\u00e8s un mois de protestation, la r\u00e9volution populaire est parvenue \u00e0 chasser le pr\u00e9sident tunisien.<\/p>\n<p align=\"justify\" dir=\"ltr\">Le 17 janvier, le gouvernement provisoire d\u2019union nationale qui prend les r\u00eanes du pouvoir supprime le minist\u00e8re de l\u2019Information. Slim Amamou, blogueur lib\u00e9r\u00e9 quatre jours auparavant, devient secr\u00e9taire d\u2019\u00c9tat \u00e0 la Jeunesse et aux Sports. Ce gouvernement pr\u00f4ne imm\u00e9diatement la libert\u00e9 totale d\u2019information et d\u2019expression comme principe fondamental.<\/p>\n<p><strong><\/p>\n<p align=\"justify\" dir=\"ltr\"> \u00a0<\/p>\n<p><\/strong><\/p>\n<p dir=\"ltr\"><strong>Panorama des m\u00e9dias, un mois apr\u00e8s la chute de Zine el-Abidine Ben Ali\u00a0: rupture ou continuit\u00e9\u00a0?<\/strong><\/p>\n<p dir=\"ltr\"><i>Le panorama\u00a0: un nombre inchang\u00e9 de m\u00e9dias<\/i><\/p>\n<p dir=\"ltr\">Il faut s\u2019attendre \u00e0 une explosion prochaine du nombre de titres dans la presse \u00e9crite, \u00e0 la multiplication des stations de radio et des cha\u00eenes de t\u00e9l\u00e9vision.<\/p>\n<p dir=\"ltr\">Pour l\u2019heure, le nombre de m\u00e9dias reste le m\u00eame. La cha\u00eene <i>Tunisie 7<\/i> a chang\u00e9 de nom\u2026 devenant la <i>T\u00e9l\u00e9vision tunisienne nationale<\/i>. Aucune nouvelle licence n\u2019a encore \u00e9t\u00e9 accord\u00e9e, le gouvernement devant d\u2019abord \u00e9laborer un cahier des charges transparent sur l\u2019obtention des licences. En attendant, certains m\u00e9dias qui op\u00e9raient jusqu\u2019\u00e0 pr\u00e9sent sans autorisation, n\u2019ayant jamais obtenu de licence du fait de leur ligne \u00e9ditoriale, ont d\u00e9pos\u00e9 des demandes. Ils attendent.<\/p>\n<p dir=\"ltr\"><i>Le contenu de l\u2019information\u00a0: revirement \u00e0 180\u00b0, mais des lignes rouges persistent <\/i>Le ton des m\u00e9dias a clairement chang\u00e9, ainsi que leur mani\u00e8re de traiter l\u2019actualit\u00e9. Dans la presse des sujets totalement ignor\u00e9s du temps du Pr\u00e9sident Ben Ali sont abord\u00e9s. M\u00eame chose \u00e0 la t\u00e9l\u00e9vision avec des sujets traitant de probl\u00e8mes sociaux, jusqu\u2019alors absents des \u00e9crans. M\u00eame les d\u00e9p\u00eaches de la tr\u00e8s officielle agence de presse <i>TAP<\/i> ont chang\u00e9 de ton\u00a0!<\/p>\n<p dir=\"ltr\">Les Tunisiens ont \u00e9galement pu suivre, pour la premi\u00e8re fois, une interview t\u00e9l\u00e9vis\u00e9e du ministre de l\u2019Int\u00e9rieur, le 1er f\u00e9vrier dernier, fait historique.<\/p>\n<p dir=\"ltr\">Certains journaux qui avaient l\u2019habitude de faire l\u2019\u00e9loge du pr\u00e9sident et de son \u00e9pouse, n\u2019h\u00e9sitant pas \u00e0 tra\u00eener dans la boue ses opposants, demandent aujourd\u2019hui la peine de mort contre les membres de la famille du pr\u00e9sident d\u00e9chu (lu dans <i>Koul el-nas<\/i> ou <i>Al-Ahdath<\/i>).<\/p>\n<p dir=\"ltr\">De nombreuses personnalit\u00e9s de l\u2019opposition, jusque l\u00e0 bannies des m\u00e9dias nationaux font la Une des journaux et sont r\u00e9guli\u00e8rement invit\u00e9es \u00e0 des \u00e9missions de radio ou t\u00e9l\u00e9vision.<\/p>\n<p dir=\"ltr\">Les trois journaux anciennement dits \u00ab\u00a0d\u2019opposition\u00a0\u00bb, <i>Al-Maouqif, Al-Mouatinoun<\/i> et <i>Al Tariq al-Jadid<\/i>, peuvent \u00eatre imprim\u00e9s et distribu\u00e9s normalement, sans les traditionnels probl\u00e8mes \u00ab\u00a0techniques\u00a0\u00bb des imprimeurs.<\/p>\n<p dir=\"ltr\">Toutefois, si la libert\u00e9 de ton est r\u00e9elle, de nouvelles lignes rouges semblent se dessiner. Les violences commises par les forces de l\u2019ordre (police et arm\u00e9e), les dossiers de corruption concernant des proches de l\u2019ancien pr\u00e9sident, qui sont toujours pr\u00e9sents en Tunisie, ou les probl\u00e8mes rencontr\u00e9s aujourd\u2019hui par le gouvernement restent tr\u00e8s peu abord\u00e9s dans les m\u00e9dias.<\/p>\n<p dir=\"ltr\">La consigne est \u00e0 la mod\u00e9ration, afin d\u2019apaiser les tensions sociales et de \u00ab\u00a0calmer les choses\u00a0\u00bb.<\/p>\n<p dir=\"ltr\">La T\u00e9l\u00e9vision tunisienne nationale dans sa couverture des \u00e9v\u00e9nements de la Casbah, fin janvier 2011, n\u2019a montr\u00e9 qu\u2019un point de vue, celui du minist\u00e8re de l\u2019Int\u00e9rieur. D\u2019autres \u00e9v\u00e9nements ne sont pas couverts, comme la r\u00e9union organis\u00e9e le 2 f\u00e9vrier dernier par la coalition appel\u00e9e \u00ab\u00a0Front du 14 janvier\u00a0\u00bb, \u00e0 laquelle la <i>T\u00e9l\u00e9vision tunisienne nationale<\/i> n\u2019a pas assist\u00e9. Et si certaines personnalit\u00e9s sont invit\u00e9es \u00e0 s\u2019exprimer dans les m\u00e9dias, elles ne sont pas tout \u00e0 fait libres de dire ce qu\u2019elles veulent. Plusieurs d\u2019entre elles, invit\u00e9es dans les jours qui ont suivi le d\u00e9part de Ben Ali, ont depuis disparu des plateaux (ex\u00a0: l\u2019ancien ministre et leader d\u2019opposition Mostafa Ben Jaffar). La <i>T\u00e9l\u00e9vision tunisienne nationale<\/i> n\u2019a pas souhait\u00e9 organiser en direct le d\u00e9bat propos\u00e9 par un de ses reporters rassemblant sur un m\u00eame plateau des journalistes qui avaient \u00e9t\u00e9 incarc\u00e9r\u00e9s du fait de leur activit\u00e9 professionnelle du temps de Ben Ali.<\/p>\n<p dir=\"ltr\"><i>Les journalistes\u00a0: on prend les m\u00eames et on recommence<\/i><\/p>\n<p dir=\"ltr\">Certaines t\u00eates ont saut\u00e9, comme le directeur du journal <i>La Presse<\/i>, remplac\u00e9 par un nouveau PDG \u00e9lu par un comit\u00e9 de journalistes. D\u2019autres personnalit\u00e9s \u00e9cart\u00e9es pendant le r\u00e8gne de Ben Ali reviennent sur le devant de la sc\u00e8ne. Dans de nombreux cas, les journalistes ont pris le contr\u00f4le des r\u00e9dactions.<\/p>\n<p dir=\"ltr\">Mais la majorit\u00e9 de la profession est rest\u00e9e en place. Dans la plupart des m\u00e9dias, il n\u2019y a pas eu de changements des \u00e9quipes de direction et de r\u00e9daction. Les anciens d\u00e9fenseurs du r\u00e9gime Ben Ali se sont convertis en r\u00e9volutionnaires et pionniers du changement. Les caciques de la presse de l\u2019ancien syst\u00e8me n\u2019ont pas disparu.<\/p>\n<p dir=\"ltr\"><i>Internet\u00a0: lib\u00e9ralisation partielle<\/i><\/p>\n<p dir=\"ltr\">Si comme l\u2019avait promis le pr\u00e9sident Ben Ali dans son discours du 13 janvier, la censure sur Internet a \u00e9t\u00e9 imm\u00e9diatement lev\u00e9e, le contr\u00f4le de la toile n\u2019a pas \u00e9t\u00e9 totalement lev\u00e9, comme a pu le confirmer Slim Amamou, nouveau Secr\u00e9taire d\u2019Etat \u00e0 la Jeunesse et aux Sports. Reporters sans fronti\u00e8res a re\u00e7u de nombreux t\u00e9moignages d\u2019internautes et de blogueurs dans ce sens. Ainsi le blog de la Bahre\u00efnie <strong>Amira Al Hussaini<\/strong> (Global Voices) est inaccessible depuis la Tunisie (derni\u00e8re v\u00e9rification du maintien du blocage, le 5 f\u00e9vrier 2011 \u00e0 03:27 du matin), du fait de sa couverture des \u00e9v\u00e9nements en Tunisie, notamment des exactions des forces de s\u00e9curit\u00e9.<\/p>\n<p dir=\"ltr\"><strong> \u00a0<\/strong><\/p>\n<p dir=\"ltr\"><strong>Les d\u00e9fis d\u2019aujourd\u2019hui et de demain<\/strong><\/p>\n<p dir=\"ltr\"><i>Pour les autorit\u00e9s<\/i><\/p>\n<p dir=\"ltr\">D\u00e8s la constitution du gouvernement provisoire, les nouvelles autorit\u00e9s tunisiennes ont d\u00e9cid\u00e9 la suppression du minist\u00e8re de l\u2019Information. Toutefois, cette mesure qui constitue une avanc\u00e9e symbolique et ne sera pas suffisante pour r\u00e9former l\u2019ensemble du fonctionnement des m\u00e9dias en Tunisie. Elles devront faire face \u00e0 de nombreux d\u00e9fis.<\/p>\n<p dir=\"ltr\">Le gouvernement provisoire va mettre en place, dans les prochains jours, une Commission des r\u00e9formes politiques. Cette commission ind\u00e9pendante aura pour t\u00e2che d\u2019\u00e9laborer des r\u00e9formes juridiques et institutionnelles, et permettre une r\u00e9elle transition d\u00e9mocratique. Une partie de son travail sera consacr\u00e9e aux m\u00e9dias et aux changements apport\u00e9s au syst\u00e8me m\u00e9diatique.<\/p>\n<p dir=\"ltr\">Les nouvelles autorit\u00e9s tunisiennes devront notamment \u00e9laborer\u00a0:  <img decoding=\"async\" alt=\"-\" height=\"14\" src=\"http:\/\/\/\" width=\"16\"\/>\u00a0 un cadre juridique organisant les m\u00e9dias, avec la cr\u00e9ation de v\u00e9ritables instances de r\u00e9gulation ind\u00e9pendantes et autonomes (audiovisuel et presse \u00e9crite)  <img decoding=\"async\" alt=\"-\" height=\"14\" src=\"http:\/\/\/\" width=\"16\"\/>\u00a0 un cadre juridique pour l\u2019attribution des licences permettant la cr\u00e9ation de nouveaux m\u00e9dias  <img decoding=\"async\" alt=\"-\" height=\"14\" src=\"http:\/\/\/\" width=\"16\"\/>\u00a0 un nouveau code de la presse  \u00a0<\/p>\n<p dir=\"ltr\">Le 30 janvier, le pr\u00e9sident du Syndicat des journalistes, Neji Bghouri, a rencontr\u00e9 le Premier ministre par int\u00e9rim, Mohamed Ghannouchi. Le Syndicat des journalistes a entre autres demand\u00e9 la suppression de l\u2019Agence tunisienne de communication ext\u00e9rieure (ATCE), ou un changement de ses attributions. La m\u00eame demande a \u00e9t\u00e9 formul\u00e9e pour l\u2019Agence tunisienne d\u2019Internet (ATI).<\/p>\n<p dir=\"ltr\">Les autorit\u00e9s seront in\u00e9vitablement amen\u00e9es \u00e0 se pencher sur la question de l\u2019avenir des m\u00e9dias existants, notamment ceux proches du pouvoir qui avaient obtenu des facilit\u00e9s pour l\u2019obtention de leur licence. La question de la formation des journalistes, celle li\u00e9e \u00e0 la d\u00e9ontologie et \u00e0 l\u2019\u00e9thique devront \u00e9galement \u00eatre examin\u00e9es.<\/p>\n<p dir=\"ltr\">Des dispositions claires doivent mettre un terme \u00e0 la censure d\u2019Internet, emp\u00eachant le minist\u00e8re de l\u2019Int\u00e9rieur d\u2019avoir acc\u00e8s aux donn\u00e9es des internautes.<\/p>\n<p dir=\"ltr\"><i>Action de Reporters sans fronti\u00e8res<\/i><\/p>\n<p dir=\"ltr\">Reporters sans fronti\u00e8res s\u2019engage \u00e0 accompagner les autorit\u00e9s tunisiennes dans leurs efforts pour r\u00e9former l\u2019ensemble du syst\u00e8me des m\u00e9dias en Tunisie vers un objectif de pluralisme de l\u2019information des m\u00e9dias. Un nouvel espace doit na\u00eetre pour des m\u00e9dias jouant pleinement leur r\u00f4le de contre-pouvoir.<\/p>\n<p dir=\"ltr\">L\u2019organisation sera aux c\u00f4t\u00e9s du Syndicat afin de proposer ensemble des cadres juridiques nouveaux et se tient pr\u00eate \u00e0 offrir son expertise pour l\u2019\u00e9laboration d\u2019un nouveau code de la presse.<\/p>\n<p dir=\"ltr\">Pour mener \u00e0 bien ces missions, Reporters sans fronti\u00e8res souhaite ouvrir un bureau dans les mois \u00e0 venir dans la capitale tunisienne afin d\u2019accompagner les autorit\u00e9s, les journalistes et l\u2019ensemble de la soci\u00e9t\u00e9 civile dans cette marche vers une d\u00e9mocratie o\u00f9 la libert\u00e9 d\u2019expression et la libert\u00e9 de presse seront deux principes fondamentaux respect\u00e9s.<\/p>\n<div>\n<hr\/>\n<\/div>\n<h3 align=\"center\" style=\"color: blue;\">\n<h3 style=\"color: blue;\"><font size=\"3\">Reporters Without Borders in Tunisia\u00a0: A new freedom that needs protecting<\/font><\/h3>\n<\/h3>\n<hr\/>\n<p> \u00a0<\/p>\n<p align=\"justify\" dir=\"ltr\">Reporters Without Borders visited Tunisia from 2 to 4 February to evaluate the situation of the media two weeks after the fall of President Zine el-Abidine Ben Ali, to analyze their needs and to determine what contribution it could make during this transition period.<\/p>\n<p align=\"justify\" dir=\"ltr\">The organization\u2019s representatives met many journalists, including those opposed to the former regime, those linked to it, and members of the Union of Tunisian Journalists. They also met with the new secretary of state for youth and sport (who is a blogger), and distributed technical equipment.<\/p>\n<p align=\"justify\" dir=\"ltr\">\u201cTunisia is in full ferment,\u201d Reporters Without Borders secretary-general Jean-Fran\u00e7ois Julliard said. \u201cIts journalists are living a historic period in which their freedom is being respected for the first time. They must be encouraged and supported. This young revolution\u2019s gains must above all be consolidated. Censorship has not totally disappeared and could return in force at any moment. To guard against this, a legal and institutional framework with lasting guarantees for free expression must be put in place quickly. This requires legislative reforms and the creation of independent media regulatory bodies.<\/p>\n<p align=\"justify\" dir=\"ltr\">\u201cAfter 23 years of censorship, press freedom is a reality in Tunisia,\u201d Julliard added. \u201cThis was unexpected. We are thrilled for all the free speech activists. During all these years, a handful of people fought to defend their freedom. At last their efforts and their tenacity are being rewarded. We are thinking of them and all those who are now going to be able to practice journalism in more favourable conditions. Reporters Without Borders will continue to have a major presence in Tunisia and to play its role as a defender of freedoms.\u201d<\/p>\n<p align=\"justify\" dir=\"ltr\">For 23 years, the Ben Ali regime kept a tight grip on news and information in the traditional media and then online. After a month of street protests, the people\u2019s revolution succeeded in driving the president into exile on 14 January.<\/p>\n<p align=\"justify\" dir=\"ltr\">The provisional government of national unity that took over abolished the information ministry on 17 January. Slim Amamou, a blogger who had been released four days earlier, became secretary of state for youth and sport. The new government immediately proclaimed complete freedom of information and expression as a fundamental principle.<\/p>\n<p align=\"justify\" dir=\"ltr\"><strong>Tunisia\u2019s media a month after Ben Ali\u2019s fall\u00a0: new start or continuity\u00a0?<\/strong><\/p>\n<p align=\"justify\" dir=\"ltr\"><i>Overview\u00a0: number of media so far unchanged<\/i><\/p>\n<p align=\"justify\" dir=\"ltr\">An explosion can be expected soon in the number of newspapers and magazines, and the creation of new radio and TV stations.<\/p>\n<p dir=\"ltr\">But so far there has been no change in the number of media. The <i>Tunisie 7 TV<\/i> station has changed its name to <i>T\u00e9l\u00e9vision Tunisienne Nationale<\/i>. No new TV station licences have yet been issued because the government must first draft a transparent list of criteria for awarding broadcast media licences. Meanwhile, some media that have been operating without a licence (which they failed to obtain because of their editorial policies) have filed requests. They are waiting for a response.<\/p>\n<p dir=\"ltr\"><i>News content turnaround, but red lines persist<\/i><\/p>\n<p dir=\"ltr\">The tone of the media has completely changed, along with their way of covering the news. Subjects that were completely ignored by the print media in Ben Ali\u2019s time are now being tackled. It is the same with television. Tunisians never used to see reports on social issues on TV. Now they do. Even the very official news agency <i>TAP<\/i> has changed its tone.<\/p>\n<p dir=\"ltr\">In a historic development, Tunisians were also able to watch a TV interview with the interior minister for the first time on 1 February.<\/p>\n<p dir=\"ltr\">Some newspapers that used to lavish praise on Ben Ali and his wife and smear his opponents \u2013 for example, <i>Koul El-Nas<\/i> and <i>Al-Ahdath<\/i> \u2013 are now calling for the death penalty for members of the deposed president\u2019s family.<\/p>\n<p dir=\"ltr\">Many opposition figures who were banned from the national media are now on the front pages of the newspapers and are frequent guests on radio and TV programmes.<\/p>\n<p dir=\"ltr\">The three newspapers that used to be described as \u201copposition\u201d publications \u2013 <i>Al-Maouqif, Al-Mouatinoun<\/i> and <i>Al Tariq al-Jadid<\/i> \u2013 are now being printed and distributed without the \u201ctechnical\u201d problems they used to keep having with the companies that print them.<\/p>\n<p dir=\"ltr\">While the freedom is real, new red lines seem to be emerging. Violence by the police and army, alleged corruption involving the former president\u2019s friends and relatives who are still in Tunisia, and the problems that the new government is encountering continue to get little coverage in the media.<\/p>\n<p dir=\"ltr\">The watchword is moderation, to defuse social tension and \u201ccalm things down.\u201d<\/p>\n<p dir=\"ltr\"><i>T\u00e9l\u00e9vision Tunisienne Nationale<\/i>\u2019s coverage of incidents outside the Casbah (the seat of government) at the end of January reflected only one viewpoint, the interior ministry\u2019s. Other events have not been covered, such as the 2 February meeting organized by the coalition known as the \u201c14 January Front.\u201d <i>T\u00e9l\u00e9vision Tunisienne Nationale<\/i> did not show up.<\/p>\n<p dir=\"ltr\">While some leading figures are invited to express their views in the media, they are not completely free to say what they want. Some who were invited into TV studios during the days immediately after Ben Ali\u2019s departure (such as the former minister and opposition leader Mostafa Ben Jaffar) no longer are. <i>T\u00e9l\u00e9vision Tunisienne Nationale<\/i> ruled out a proposal by one of its reporters for a live debate between journalists who had been jailed in Ben Ali\u2019s time.<\/p>\n<p dir=\"ltr\"><i>Starting over with the same journalists<\/i><\/p>\n<p dir=\"ltr\">Some leading media figures have been fired, such as the head of the newspaper <i>La Presse<\/i>, replaced by a new CEO elected by a committee of journalists. Other media personalities who were eliminated during Ben Ali\u2019s rule are back in prominent positions. In many cases, journalists have taken control of newspapers.<\/p>\n<p dir=\"ltr\">But most journalists have held on to their jobs and there have been no changes at any level in most news media. The Ben Ali regime\u2019s former defenders have turned into revolutionaries and pioneers of change. The old regime\u2019s press bosses have not disappeared.<\/p>\n<p dir=\"ltr\"><i>Partially liberated Internet<\/i><\/p>\n<p dir=\"ltr\">Internet censorship was immediately lifted, as President Ben Ali promised in his 13 January address, but some online controls are still in place, as the new secretary of state for youth and sport, Slim Amamou, acknowledged. The accounts Reporters Without Borders received from many Internet users and bloggers confirmed this. The Bahraini Amira Al Hussaini\u2019s Global Voices blog, for example, cannot be accessed from within Tunisia (last verification at 03:27 on 5 February) because of her coverage of events in Tunisia, including abuses by the security forces.<\/p>\n<p dir=\"ltr\"><strong>Today\u2019s and tomorrow\u2019s challenges<\/strong><\/p>\n<p dir=\"ltr\"><i>For the authorities<\/i><\/p>\n<p dir=\"ltr\">As soon as the new provisional government was created, it decided to abolish the information ministry. It was a symbolic step forward but it was not enough. The entire way the Tunisian media function needs to be overhauled. They will have to face many challenges.<\/p>\n<p dir=\"ltr\">The provisional government will create a Political Reform Commission in the new few days. This independent commission will have the job of drawing up the legal and institutional reforms that will enable a real democratic transition. Part of its work will focus on the media and the changes that are needed to the media system.<\/p>\n<p dir=\"ltr\">The new Tunisian authorities need to draw up\u00a0:  <img decoding=\"async\" alt=\"-\" height=\"14\" src=\"http:\/\/\/\" width=\"16\"\/>\u00a0a legal framework for the media, including the creation of genuinely independent and autonomous regulatory bodies (for the broadcast and print media)  <img decoding=\"async\" alt=\"-\" height=\"14\" src=\"http:\/\/\/\" width=\"16\"\/>\u00a0a legal framework for issuing licences that allow new media to be created   <img decoding=\"async\" alt=\"-\" height=\"14\" src=\"http:\/\/\/\" width=\"16\"\/>\u00a0a new media code. \u00a0<\/p>\n<p dir=\"ltr\">The president of the Union of Journalists, Neji Bghouri, met interim Prime Minister Mohamed Ghannouchi on 30 January. Among the requests made by the union was the abolition of the Tunisian Agency for External Communication (ATCE) or at least an overhaul of its mandate. The same request was made for the Tunisian Internet Agency (ATI).<\/p>\n<p dir=\"ltr\">The authorities will sooner or later have to take a decision on the future of the existing media, especially those that supported the Ben Ali government and consequently found it easy to obtain licences. The training of journalists, especially training in journalistic ethics and professional conduct, will also have to be tackled.<\/p>\n<p dir=\"ltr\">Clear directives must be issued to put a stop to Internet censorship and to prevent the interior ministry from being able to access the data of Internet users.<\/p>\n<p dir=\"ltr\"><i>What Reporters Without Borders plans to do<\/i><\/p>\n<p dir=\"ltr\">Reporters Without Borders undertakes to assist the Tunisian authorities in their efforts to reform the entire media system in Tunisia with the aim of establishing media diversity. A new freedom must be created that allows the media to fully play their role as independent watchdog.<\/p>\n<p dir=\"ltr\">Reporters Without Borders will work with the Union of Journalists in order to jointly propose new legal frameworks and it stands ready to offer its expertise in the drafting of a new media code.<\/p>\n<p dir=\"ltr\">In order to achieve these goals, Reporters Without Borders hopes to open a bureau in the Tunisian capital in the coming months with the aim of assisting the new government, journalists and civil society in its entirety in their progress towards a democracy in which free speech and media freedom are respected as fundamental principles.<\/p>\n<\/div>\n<p><\/font><\/font><strong><\/p>\n<p><font size=\"3\"><\/p>\n<div align=\"center\">\n<hr\/>\n<\/div>\n<div align=\"center\">Accord entre l&rsquo;UGTT et le gouvernement provisoire Vers la nomination de nouveaux gouverneurs <\/div>\n<div align=\"center\">\n<hr\/>\n<\/div>\n<div align=\"justify\"> 09\/02\/2011 L&rsquo;Union G\u00e9n\u00e9rale Tunisienne du Travail (UGTT) et le gouvernement provisoire ont convenu de la nomination de nouveaux gouverneurs connus pour leur aptitude et leur comp\u00e9tence et n&rsquo;ayant pas appartenu au Rassemblement Constitutionnel D\u00e9mocratique (RCD) ou \u00e9t\u00e9 impliqu\u00e9s dans des pratiques contraires aux int\u00e9r\u00eats du peuple.  Dans un communiqu\u00e9 qu&rsquo;elle a publi\u00e9, hier apr\u00e8s-midi, l&rsquo;UGTT indique que cet accord est intervenu suite \u00e0 deux s\u00e9ances de n\u00e9gociations entre le Bureau ex\u00e9cutif de la centrale syndicale et une d\u00e9l\u00e9gation minist\u00e9rielle du gouvernement provisoire, au cours desquelles le Bureau ex\u00e9cutif de l&rsquo;UGTT a mis l&rsquo;accent sur la n\u00e9cessit\u00e9 de cr\u00e9er un conseil de protection de la r\u00e9volution et de la transition d\u00e9mocratique, conform\u00e9ment \u00e0 une d\u00e9cision de la commission administrative nationale de l&rsquo;UGTT et des composantes de la soci\u00e9t\u00e9 politique et civile.  Il a \u00e9t\u00e9 convenu, \u00e9galement, que toute personne susceptible d&rsquo;\u00eatre impliqu\u00e9e dans des pratiques contraires \u00e0 l&rsquo;int\u00e9r\u00eat du peuple, ne si\u00e9gerait pas dans aucune des trois commissions nationales et de s&rsquo;ouvrir sur l&rsquo;ensemble des composantes de la sc\u00e8ne nationale. Les deux parties sont convenues, en outre, d&rsquo;\u0153uvrer pour r\u00e9tablir la s\u00e9curit\u00e9, en faisant face aux forces anti-r\u00e9volutionnaires qui tentent de d\u00e9stabiliser le peuple, d&rsquo;entraver le fonctionnement normal des \u00e9tablissements \u00e9ducatifs et d&rsquo;influencer n\u00e9gativement le climat social. Elles ont, aussi, appel\u00e9 \u00e0 se pencher imm\u00e9diatement et syst\u00e9matiquement sur les probl\u00e8mes et pr\u00e9occupations des salari\u00e9s. Au plan social, les deux parties sont tomb\u00e9s d&rsquo;accord pour poursuivre l&rsquo;insertion des employ\u00e9s du secteur de la sous-traitance dans les entreprises b\u00e9n\u00e9ficiaires de leurs services, \u00e0 travers l&rsquo;engagement de n\u00e9gociations avec l&rsquo;UGTT et ses structures syndicales et la mise en place de m\u00e9canismes appropri\u00e9s pour entamer imm\u00e9diatement des n\u00e9gociations au sujet des volets r\u00e9glementaire et financier, de mani\u00e8re \u00e0 favoriser la promotion des l\u00e9gislations dans le sens du renforcement du travail permanent et de garantir la libert\u00e9 effective de l&rsquo;action syndicale dans tous les secteurs sans exception. Elles sont, \u00e9galement, convenues d&rsquo;am\u00e9liorer le pouvoir d&rsquo;achat du citoyen, \u00e0 la lumi\u00e8re de la hausse excessive des prix et de la d\u00e9t\u00e9rioration de la situation dans le contexte de la corruption financi\u00e8re et administrative durant de nombreuses ann\u00e9es. Les deux s\u00e9ances ont abouti, \u00e9galement, selon le communiqu\u00e9, \u00e0 l&rsquo;approbation de la ratification d&rsquo;une s\u00e9rie de conventions arabes et internationales, fond\u00e9es sur les principes de la libert\u00e9, de la justice et des droits de l&rsquo;Homme, des principes de la r\u00e9volution tunisienne.<\/div>\n<p><\/font><\/p>\n<p><\/strong><\/div>\n<p><font face=\"Arial\" size=\"2\"><\/p>\n<div>\n<hr\/>\n<\/div>\n<div>\n<div align=\"center\"><strong><\/p>\n<h3 style=\"color: blue;\"><font size=\"3\">LE MOUVEMENT NAHDHA : DE LA DISPERTION AU RASSEMBLEMENT<\/font><\/h3>\n<p><\/strong><\/div>\n<div align=\"center\">\n<hr\/>\n<\/div>\n<div align=\"justify\"> Sonn\u00e9s par la surprise de la fuite de l\u2019ancien pr\u00e9sident, les islamistes de Nahdha se r\u00e9veillent et tentent d\u2019organiser leurs rangs. La conf\u00e9rence de presse tenue mardi dernier ressemble beaucoup plus \u00e0 une prise de contact\u00a0 avec\u00a0 l\u2019opinion publique que d\u2019une\u00a0 pr\u00e9sentation de programme politique du mouvement islamiste. Depuis la r\u00e9pression sanglante des ann\u00e9es 90-93,\u00a0 les militants de Nahdha abattus\u00a0 critiquaient\u00a0 les choix faits par la direction depuis leur participation aux \u00e9lections 1989. Malgr\u00e9 un score honorable le mouvement islamiste a sign\u00e9 son bulletin de mort. Le discours maximaliste du\u00a0 mouvement du Salut Public \u00ab Alinkadh \u00bb chez le voisin alg\u00e9rien a termin\u00e9 par affoler le pouvoir du 7 novembre et l\u2019\u00e9lite tunisienne. Les militants de Nahdha ont entam\u00e9 surtout de leur exil\u00a0 une autocritique publi\u00e9e en 1995. Ce texte n\u2019est pas convaincant. Certains militants ont pr\u00e9f\u00e9r\u00e9s d\u00e9missionner, d\u2019autres ont choisi de se retirer en attendant des jours meilleurs\u00a0 pr\u00e9ferant\u00a0 de\u00a0 ne pas tirer sur une ambulance.  Le mouvement Nahdha est appel\u00e9 aujourd\u2019hui \u00e0 jouer un r\u00f4le important sur la sc\u00e8ne politique du pays, \u00e0 s\u2019organiser et \u00e0 pr\u00e9senter ses choix pour la Tunisie de demain. Cela passe par la publication d\u2019un\u00a0 livre blanc d\u00e9taillant les d\u00e9rives et les manquements de la\u00a0 p\u00e9riode \u00e9coul\u00e9e afin de rassembler ses \u00e9l\u00e9ments. Accul\u00e9 \u00e0 la clandestinit\u00e9 durant trois d\u00e9cennies, les tunisiens n\u2019ont pas eu l\u2019occasion de connaitre ce mouvement que par la bouche de ses d\u00e9tracteurs. Avec la r\u00e9volte du peuple tunisien, un espace de libert\u00e9 permet aux nahdhaouis d\u2019aller \u00e0 la rencontre des citoyens. Apr\u00e8s des ann\u00e9es d\u2019exil int\u00e9rieur et ext\u00e9rieur et pour r\u00e9ussir\u00a0 l\u2019\u00e9mergence du mouvement Nahdha doit rassembler ses militants selon des choix clairs et dans des structures transparentes afin de r\u00e9ussir son \u00e9mergence sur la sc\u00e8ne publique et r\u00e9pondre \u00e0 l\u2019attente des tunisiens. <strong><font>Ahmed BEN AMOR<\/font><\/strong>\u00a0 Paris le 10\/02\/2011\u00a0\u00a0\u00a0 abenamor94400@yahoo.fr\u00a0\u00a0\u00a0\u00a0\u00a0\u00a0  \u00a0<\/div>\n<\/div>\n<p><\/font><\/p>\n<div>\n<hr\/>\n<\/div>\n<div><font face=\"Arial\" size=\"2\"><\/p>\n<p align=\"center\"><span lang=\"FR\">Paris le 22\/01\/2011\u00a0\u00a0\u00a0\u00a0\u00a0\u00a0\u00a0\u00a0\u00a0\u00a0\u00a0\u00a0\u00a0\u00a0\u00a0\u00a0\u00a0\u00a0\u00a0\u00a0\u00a0\u00a0\u00a0\u00a0\u00a0\u00a0\u00a0\u00a0\u00a0\u00a0\u00a0\u00a0\u00a0\u00a0\u00a0\u00a0\u00a0\u00a0\u00a0\u00a0\u00a0\u00a0\u00a0\u00a0\u00a0\u00a0\u00a0\u00a0\u00a0\u00a0\u00a0\u00a0\u00a0\u00a0\u00a0\u00a0\u00a0\u00a0\u00a0\u00a0\u00a0\u00a0\u00a0\u00a0\u00a0\u00a0\u00a0\u00a0\u00a0\u00a0\u00a0\u00a0\u00a0\u00a0\u00a0\u00a0\u00a0\u00a0\u00a0\u00a0\u00a0\u00a0\u00a0\u00a0\u00a0\u00a0\u00a0\u00a0\u00a0\u00a0\u00a0\u00a0\u00a0\u00a0\u00a0\u00a0\u00a0\u00a0\u00a0\u00a0\u00a0\u00a0\u00a0\u00a0\u00a0\u00a0\u00a0\u00a0\u00a0\u00a0\u00a0\u00a0\u00a0\u00a0\u00a0\u00a0\u00a0\u00a0\u00a0\u00a0\u00a0\u00a0\u00a0\u00a0\u00a0\u00a0\u00a0\u00a0\u00a0\u00a0\u00a0\u00a0\u00a0\u00a0\u00a0\u00a0\u00a0\u00a0\u00a0\u00a0\u00a0\u00a0\u00a0\u00a0\u00a0\u00a0\u00a0\u00a0\u00a0\u00a0\u00a0\u00a0\u00a0\u00a0\u00a0\u00a0\u00a0\u00a0\u00a0<\/span><\/p>\n<p align=\"right\"><b><span lang=\"FR\"><font size=\"3\">Contre courant\u00a0\u00a0\u00a0\u00a0\u00a0\u00a0\u00a0\u00a0\u00a0\u00a0\u00a0\u00a0\u00a0\u00a0\u00a0\u00a0\u00a0\u00a0\u00a0\u00a0\u00a0\u00a0\u00a0\u00a0\u00a0\u00a0\u00a0\u00a0\u00a0\u00a0\u00a0\u00a0\u00a0\u00a0\u00a0\u00a0\u00a0\u00a0\u00a0\u00a0\u00a0\u00a0\u00a0\u00a0\u00a0\u00a0\u00a0\u00a0\u00a0\u00a0\u00a0\u00a0\u00a0\u00a0\u00a0\u00a0\u00a0\u00a0\u00a0\u00a0\u00a0\u00a0\u00a0\u00a0\u00a0\u00a0\u00a0\u00a0\u00a0\u00a0\u00a0\u00a0\u00a0\u00a0\u00a0\u00a0\u00a0\u00a0\u00a0\u00a0\u00a0\u00a0\u00a0\u00a0\u00a0\u00a0\u00a0\u00a0\u00a0\u00a0\u00a0\u00a0\u00a0\u00a0\u00a0\u00a0\u00a0\u00a0\u00a0\u00a0\u00a0\u00a0\u00a0\u00a0\u00a0\u00a0\u00a0\u00a0\u00a0\u00a0\u00a0\u00a0\u00a0\u00a0\u00a0\u00a0\u00a0\u00a0\u00a0\u00a0\u00a0\u00a0\u00a0\u00a0\u00a0\u00a0\u00a0\u00a0\u00a0\u00a0\u00a0\u00a0\u00a0\u00a0\u00a0\u00a0\u00a0\u00a0\u00a0\u00a0\u00a0\u00a0\u00a0\u00a0\u00a0\u00a0\u00a0\u00a0\u00a0\u00a0\u00a0\u00a0\u00a0\u00a0\u00a0\u00a0\u00a0\u00a0\u00a0\u00a0<\/font><\/span><\/b><\/p>\n<p align=\"center\"><b><span lang=\"FR\"><\/span><\/b><\/p>\n<hr\/>\n<p>\u00a0<\/p>\n<p><span lang=\"FR\">Par <b><span>Anouar KANZARI<\/span><\/b><span>,<\/span> ancien Pr\u00e9sident de l\u2019UGET-France<\/span><\/p>\n<p align=\"center\"><b><u><span lang=\"FR\">Une petite voix qui s\u2019exprime \u00e0 la marge du bouillon de slogans\u00a0:<\/span><\/u><\/b><\/p>\n<p align=\"center\"><b><u><span lang=\"FR\">A propos de la d\u00e9claration du Front 14 janvier\u00a0:<\/span><\/u><\/b><\/p>\n<p><span lang=\"FR\">Le texte du Front 14 janvier m\u00e9rite une analyse et une lecture approfondie. Qu\u2019on soit d\u2019accord ou pas avec cette initiative c\u2019est quasiment un devoir de l\u2019analyser et de la prendre au s\u00e9rieux du moment qu\u2019elle \u00e9mane d\u2019un ensemble d\u2019organisations et de sensibilit\u00e9s politiques qui pr\u00e9tendent se placer au c\u0153ur de la \u00ab\u00a0r\u00e9volution\u00a0\u00bb et s\u2019autoproclament sa direction. Le texte fondateur se veut l\u2019expression des revendications et des objectifs de la r\u00e9volution. Il s\u2019agit donc d\u2019un front qui se voit capable (si l\u2019on croit le fantasme de ses auteurs) \u00a0repr\u00e9senter le peuple et le conduire vers la r\u00e9alisation des (suppos\u00e9s) objectifs de sa r\u00e9volution.<span> <\/span><\/span><\/p>\n<p><span lang=\"FR\">La constitution de fronts et d\u2019alliances sur la base des revendications et des objectifs communs dans ce contexte est, dans l\u2019absolu, tout a fait l\u00e9gitime. C\u2019est m\u00eame positif. Il est temps pour les forces politiques de commencer de politiser le peuple au sens large du terme (lequel, est pour une fois, tr\u00e8s \u00e0 l\u2019\u00e9coute et int\u00e9ress\u00e9 par la politique) apr\u00e8s 23 ans de divorce prononc\u00e9 et impos\u00e9 injustement par un<span><\/span>despote Dictateur. Il est primordial que les partis politiques s\u2019expriment dans cette phase d\u00e9licate de laquelle d\u00e9pend tout notre avenir d\u2019autant que, paradoxalement, les acteurs principaux de notre magnifique r\u00e9volution sont des jeunes qui ne font confiance ni aux partis politiques existants ni aux partis tout court. Il est enfin tr\u00e8s important que les partis politiques s\u2019expriment pour expliquer leurs identit\u00e9s et orientations politiques, au-del\u00e0 des qualifications de l\u2019ancien r\u00e9gime que tout le monde partage actuellement (y compris ceux qui juraient l\u2019infaillibilit\u00e9 pontificale de ce r\u00e9gime jusqu\u2019au dernier quart d\u2019heure de son existence). <\/span><\/p>\n<p><span lang=\"FR\">Le rassemblement des sensibilit\u00e9s politiques dans des alliances et coalitions autour de projets de gouvernance est tout \u00e0 fait naturel dans cette phase pr\u00e9\u00e9lectorale. C\u2019est par rapport \u00e0 ces projets et ces coalitions que le citoyens choisiront leurs futurs repr\u00e9sentants et gouvernants utilisant le plus d\u00e9mocratique et le plus r\u00e9volutionnaire moyen qu\u2019est le vote. C\u2019est dans ce cadre, et c\u2019est \u00e0 ce juste titre, que je me permets de saluer cette d\u00e9marche pour son m\u00e9rite du d\u00e9clenchement du d\u00e9bat politique avec ses prises de position publiques affich\u00e9s et assum\u00e9s par les partis signataires. <\/span><\/p>\n<p><span lang=\"FR\">A la lecture du texte fondateur du Front 14 janvier j\u2019appr\u00e9cie la clart\u00e9 du discours et de sa parfaite transcription de l\u2019identit\u00e9 de ses auteurs. Les signatures nous apportent aussi une nouvelle prometteuse qui nous laisse penser qu\u2019une famille politique (aussi r\u00e9duite soit-elle) s\u2019est enfin retrouv\u00e9e apr\u00e8s de longues ann\u00e9es de s\u00e9paration o\u00f9 certaines composantes ont tant\u00f4t jou\u00e9 solo et tant\u00f4t entr\u00e9 dans des alliances contre-nature avec des forces politiques portant les antipodes de leurs th\u00e8ses. <\/span><\/p>\n<p><span lang=\"FR\">N\u00e9anmoins, je ne peux pas m\u2019emp\u00eacher d\u2019exprimer certaines (voire plusieurs) interrogations et r\u00e9serves sur la forme et sur le fond du texte fondateur du front. Du titre jusqu\u2019aux signatures du texte, plusieurs clarifications m\u00e9ritent d\u2019\u00eatre apport\u00e9es par ses auteurs.<\/span><\/p>\n<p><span lang=\"FR\">Ce qui suit l\u2019essentiel de ces r\u00e9serves: <\/span><\/p>\n<p><b><span lang=\"FR\">1.<span>\u00a0\u00a0\u00a0\u00a0\u00a0\u00a0\u00a0\u00a0\u00a0\u00a0\u00a0\u00a0<\/span>Le nom donn\u00e9 au front \u00ab\u00a0Front 14 janvier\u00a0\u00bb\u00a0: <\/span><\/b><span lang=\"FR\">Si je ne me trompe pas il s\u2019agit du jour du d\u00e9part de Ben Ali donc le jour o\u00f9 le peuple soulev\u00e9 a r\u00e9ussi \u00e0 faire tomber l\u2019un des r\u00e9gimes les plus r\u00e9pressifs du monde et qui a r\u00e9gn\u00e9 par la force et par le sang sur le pays pendant 23 ans. C\u2019est donc un \u00e9v\u00e9nement exceptionnel historique de lib\u00e9ration qui m\u00e9rite d\u2019\u00eatre comm\u00e9mor\u00e9 par tous les Tunisiens. Je ne vois donc pas de quel droit les signataires s\u2019accaparent cette date, qui sera tr\u00e8s probablement une f\u00eate nationale, pour l\u2019identifier \u00e0 une alliance qui regroupe une partie des forces politiques. D\u2019autres part, jusqu\u2019\u00e0 quand on continuera-t-on \u00e0 mettre les dates de l\u2019ann\u00e9e au c\u0153ur des pol\u00e9miques \u00e0 la Libanaise, entre ceux qui sont pour et ceux qui sont contre. Les 18 octobre, 7 novembre, 17 octobres etc.\u2026 n\u2019ont pas suffits\u00a0!!!\u00a0?<\/span><\/p>\n<p><b><span lang=\"FR\">2.<span>\u00a0\u00a0\u00a0\u00a0\u00a0\u00a0\u00a0\u00a0\u00a0\u00a0\u00a0\u00a0<\/span>L\u2019objectif du texte fondateur: <\/span><\/b><span lang=\"FR\">S\u2019agit-il<b> <\/b>d\u2019un texte de d\u00e9claration de principe qui recadre les revendications et les valeurs communs de forces politiques dans le cadre d\u2019une alliance conjoncturelle pour se d\u00e9marquer des autres expressions? Ou plut\u00f4t un texte qui pr\u00e9sente l\u2019axe principal d\u2019une coalition porteuse d\u2019un projet politique et envisageant de se pr\u00e9senter aux \u00e9lections donc qui a une chance, comme toute autre sensibilit\u00e9, de gouverner le pays\u00a0? En fonction de l\u2019objectif du front notre regard et nos critiques sur le contenu du texte fondateur seront diff\u00e9rents. <\/span><\/p>\n<p><span lang=\"FR\">Il faut juste comprendre qu\u2019il est normal que cet amalgame existe, du moins dans mon esprit, puisqu\u2019on est r\u00e9ellement dans une p\u00e9riode o\u00f9 coexistent dans le temps et dans l\u2019espace deux campagnes politiques diff\u00e9rentes. La premi\u00e8re se traduit par la mobilisation et les manifestations, d\u2019une rue, longtemps, opprim\u00e9e et oblig\u00e9e au silence forc\u00e9, pour s\u2019acharner contre tout symbole de l\u2019ancien r\u00e9gime-tyran. La surench\u00e8re et l\u2019exc\u00e8s verbal sont dans ce cas l\u00e0 compr\u00e9hensibles. Quant \u00e0 la deuxi\u00e8me, il s\u2019agit bien, si l\u2019on croit ce qu\u2019on nous a dit, d\u2019une p\u00e9riode pr\u00e9\u00e9lectorale sur la base de laquelle le tunisien aura \u00e0 choisir au bout de 6 mois entre les diff\u00e9rents projets en fonction de ses aspirations et ses attentes. Dans ce dernier cas toute formule est importante et tout verbe compte. <\/span><\/p>\n<p><span lang=\"FR\">Or le contenu du texte fondateur donne des positions claires sur le type de r\u00e9gime \u00e0 mettre en place et sur les politiques \u00e9conomiques (Nationalisation des secteurs priv\u00e9s, rupture avec la politique lib\u00e9rale et capitaliste) et internationales du pays me laisse supposer (jusqu\u2019\u00e0 preuve du contraire) qu\u2019il s\u2019agit plut\u00f4t d\u2019une alliance \u00e9lectorale. Ceci m\u2019incite \u00e0 m\u2019interroger sur la cr\u00e9dibilit\u00e9 de ces propositions et \u00e0 exprimer un doute sur la validit\u00e9 d\u2019une formule pr\u00e9\u00e9tablie extraite, d\u2019une fa\u00e7on la plus fid\u00e8le, des th\u00e8ses politiques de l\u2019extr\u00eame gauche des ann\u00e9es 70 sans tenir compte que nous sommes en 2011 et que plein d\u2019\u00e9v\u00e9nements internationaux ont eu lieu entre temps. Enfin ce front pr\u00e9tend \u00ab\u00a0conduire la r\u00e9volution de notre peuple pour r\u00e9aliser ses objectifs\u00a0\u00bb tout en int\u00e9grant dans son texte fondateur la n\u00e9cessit\u00e9 urgente \u00ab\u00a0de nationaliser les secteurs privatis\u00e9s et rompre radicalement avec le capitalisme et le lib\u00e9ralisme\u00a0\u00bb. Or je crois que tout le monde est d\u2019accord que la r\u00e9volte qui s\u2019est transform\u00e9e en soul\u00e8vement et qui, \u00e0 son tour, a particip\u00e9 au d\u00e9part du Tyran) n\u2019\u00e0 jamais, jusqu\u2019au 20 janvier, date de la publication de ce texte, pr\u00e9tendu adopter des th\u00e8ses de lutte des classes. Elle n\u2019a jamais \u00e9t\u00e9 conduite non plus par tel ou tel courant id\u00e9ologique, autrement on l\u2019aurait su. <\/span><\/p>\n<p><span lang=\"FR\">Je crois, avec tous mes respects aux fondateurs du front, qu il s\u2019agit d\u2019une malveillance intellectuelle et de la pure d\u00e9magogie et r\u00e9cup\u00e9ration politique. Je croyais que faire parler les morts pour leur faire dire ce qu\u2019ils n\u2019ont jamais pens\u00e9 et transposer ses propres id\u00e9es et fantasmes sur des \u00e9v\u00e9nements populaires faisaient partie des anciennes pratiques \u00e0 l\u2019universit\u00e9. Enfin en se fixant de tels objectifs pour \u00ab\u00a0conduire la r\u00e9volution\u00a0\u00bb ce front devrait, en cas de r\u00e9ussite, (laissons nous fantasmer nous aussi) ou bien appliquer \u00e0 la lettre ce qu\u2019il a promis au peuple et dans ce cas instaurer un enferment et un blocage \u00e9conomique dans un pays qui vit du tourisme et de l\u2019import et de l\u2019export\u00a0; ou bien il sera amen\u00e9 \u00e0 vendre un discours \u00e0 la population et appliquer le contraire. Tout cela annonce bien le degr\u00e9 du s\u00e9rieux de ce front et de ses fondateurs.\u00a0 <\/span><\/p>\n<p><b><span lang=\"FR\">3.<span>\u00a0\u00a0\u00a0\u00a0\u00a0\u00a0\u00a0\u00a0\u00a0\u00a0\u00a0\u00a0<\/span>La composition du Front: <\/span><\/b><span lang=\"FR\">Par mon appartenance \u00e0 la gauche progressiste tunisienne, quoique je demeure libre et ind\u00e9pendant, je crois, dans le contexte actuel, \u00e0 la n\u00e9cessit\u00e9 de la formation d\u2019une alliance large de d\u00e9mocrates et progressistes, regroupant des syndicalistes, des intellectuels, des artistes, des jeunes, des femmes, des associations et des partis politiques d\u00e9mocrates plut\u00f4t qu\u2019\u00e0 un front r\u00e9duit de l&rsquo;extr\u00eame gauche. Je pense qu\u2019une telle alliance fausse le clivage r\u00e9el et me laisse sceptique sur l&rsquo;efficacit\u00e9 de son action et sur le s\u00e9rieux de sa d\u00e9marche.<\/span><\/p>\n<p><span lang=\"FR\">D\u2019une mani\u00e8re simplifi\u00e9e je crois qu\u2019actuellement le paysage politique tunisien est compos\u00e9 naturellement de trois grandes familles (tenant compte de l\u2019\u00e9lan de libert\u00e9s acquis apr\u00e8s la chute de l\u2019ancien r\u00e9gime qui \u00e0 impos\u00e9 \u00e0 son tour auparavant un clivage \u00e0 sa guise): <\/span><\/p>\n<p><span lang=\"FR\">\u00a0&#8211; Les h\u00e9ritiers politiques de l&rsquo;ancien r\u00e9gime (dont une partie se fait discr\u00e8te actuellement et une deuxi\u00e8me partie, qui est la plus dangereuse, s&rsquo;immisce, dans les manifestations populaires, dans le mouvement de r\u00e9volution). Ceux l\u00e0 auront \u00e0 choisir entre une ultime tentative de reprise du pouvoir ou la composition avec les autres forces pour appuyer un tel ou un tel projet. Il est \u00e0 noter qu\u2019ils disposent d\u2019une capacit\u00e9 formidable de s\u2019adapter avec tous les sc\u00e9narios pour pr\u00e9server leurs int\u00e9r\u00eats (pour \u00eatre connus par leur soutien, \u00e0 la veille de 7 novembre, de la pr\u00e9sidence \u00e0 vie de Bourguiba pour se retourner contre lui le lendemain, pour ensuite c\u00e9der le pouvoir aux policiers du r\u00e9gime et finir comme spectateurs devant la domination de la mafia du pr\u00e9sident d\u00e9chu) et ceci quelle que soit la force politique gagnante le lendemain du processus \u00e9lectoral.<\/span><\/p>\n<p><span lang=\"FR\">\u00a0&#8211; Les d\u00e9mocrates qui r\u00eavent d&rsquo;une transition pacifique vers une d\u00e9mocratie stable dans laquelle les libert\u00e9s (au pluriel) seront garanties, l&rsquo;individu retrouvera sa dignit\u00e9 o\u00f9 les richesses du pays seront justement r\u00e9parties. Ce sont ceux qui r\u00eavent tout simplement de la construction d&rsquo;une soci\u00e9t\u00e9 moderne, ouverte et juste.<\/span><\/p>\n<p><span lang=\"FR\">&#8211; Enfin les \u00ab\u00a0identito-populistes\u00a0\u00bb (parmi lesquels figurent les islamistes et les nationalistes Arabes) qui veulent faire de l&rsquo;identit\u00e9 (ou d&rsquo;une partie) et de l&rsquo;histoire (ou d\u2019une partie) du pays une r\u00e9f\u00e9rence id\u00e9ologique principale et une ligne politique axiale pour s\u2019appuyer sur \u00a0les masses, en les mobilisant contre un suppos\u00e9 ennemi qui menace leur identit\u00e9, et par del\u00e0 acc\u00e9der au pouvoir et appliquer une politique qui restreint d\u2019une mani\u00e8re ou d\u2019une autre les libert\u00e9s et se ferme tr\u00e8s souvent sur sa propre identit\u00e9.<\/span><\/p>\n<p><span lang=\"FR\">Plus les p\u00e9rim\u00e8tres de ces familles sont bien d\u00e9limit\u00e9s plus les paysage politique sera sain, lisible et plus l\u2019action politique aura un sens. Il est tout \u00e0 fait naturel qu\u2019au sein m\u00eame d\u2019une coalition politique large de petits regroupements se constituent et que soit distingu\u00e9 \u00ab\u00a0r\u00e9formiste\u00a0\u00bb et \u00ab\u00a0radical\u00a0\u00bb\u00a0 ou encore \u00ab\u00a0rupture\u00a0\u00bb et \u00ab\u00a0continuit\u00e9\u00a0\u00bb du moment que les valeurs qui les unissent ne soient pas mis en cause. Cependant, les jeux d\u2019alliances contre-nature, bien qu\u2019efficaces \u00e0 court terme puisqu\u2019elles permettent d\u2019intensifier une action politique ponctuelle, donnent g\u00e9n\u00e9ralement des cons\u00e9quences d\u00e9sastreuses \u00e0 moyen et \u00e0 long terme sur l\u2019engagement politique. Ces m\u00eames alliances induiront des concessions au prix des valeurs fondamentales et les jeunes seront les premiers \u00e0 d\u00e9serter la sc\u00e9ne politique parce qu\u2019ils supporteront mal la d\u00e9chirure entre l\u2019approbation de l\u2019action engag\u00e9e et le d\u00e9calage par rapport aux valeurs pour lesquels ils \u00e9taient engag\u00e9s et vice-versa.<\/span><\/p>\n<p><b><span lang=\"FR\">4.<span>\u00a0\u00a0\u00a0\u00a0\u00a0\u00a0\u00a0\u00a0\u00a0\u00a0\u00a0\u00a0<\/span>L&rsquo;ensemble des revendications affich\u00e9es\u00a0: <\/span><\/b><span lang=\"FR\">La dissolution du RCD, le changement de la constitution et du r\u00e9gime, l\u2019insatisfaction de la couleur politique du gouvernement provisoire &#8230;:<span>Bien<\/span> que je suis d&rsquo;accord sur le fond je m&rsquo;interroge sur l\u2019existence d\u2019un agenda d\u00e9j\u00e0 \u00e9tabli et sur les moyens financiers \u00e0 d\u00e9bloquer pour r\u00e9aliser tout cela dans une p\u00e9riode aussi courte. <\/span><\/p>\n<p><span lang=\"FR\"><font face=\"Times New Roman\">&#8211;<span>\u00a0\u00a0\u00a0\u00a0\u00a0\u00a0\u00a0\u00a0\u00a0<\/span><\/font><\/span><i><span lang=\"FR\">\u00ab\u00a0<b>Le gouvernement provisoire doit tomber et se faire remplacer par un nouveau gouvernement qui a la confiance du peuple et des militants progressistes\u00a0<\/b><\/span><\/i><b><span lang=\"FR\">\u00bb<\/span><\/b><span lang=\"FR\">\u00a0: d\u2019abord qui prendra en charge de constituer un tel gouvernement\u00a0? et qui a la l\u00e9gitimit\u00e9 de le proposer\u00a0? on nous propose un comit\u00e9 repr\u00e9sentatif d\u2019associations, d\u2019organisations politiques et de syndicalistes mais les jeunes qui se sont r\u00e9volt\u00e9s se reconnaissent-ils dans ce cartel? Quand on parle de gouvernement provisoire disposant de la confiance du peuple et des militants progressistes on oublie que tout le peuple n\u2019est pas forc\u00e9ment militant et n\u2019est pas non plus <span>forc\u00e9ment <\/span>progressiste. <span>Et qu\u2019est ce qui emp\u00eacherait un autre<\/span> front qui pr\u00e9tend aussi \u00eatre inscrit dans la r\u00e9volution <span>de <\/span>demander \u00ab\u00a0un gouvernement disposant de la confiance du peuple et des Imams\u00a0\u00bb ainsi de suite. Comment on peut parler de la confiance du peuple quand il s\u2019agit d\u2019un gouvernement provisoire qui ne sera pas, de toutes les fa\u00e7ons, \u00e9lu\u00a0? quel sera le crit\u00e8re de mesure de la confiance du peuple\u00a0? est-ce le thermom\u00e8tre des manifestations dans la rue\u00a0? et ceux qui ne manifestent pas dans la rue on en fait quoi\u00a0? leurs avis comptent ou pas\u00a0? Les fondateurs de ce front croient-ils r\u00e9ellement que la composition d\u2019un tel gouvernement non \u00e9lu \u00ab\u00a0ayant la confiance de tout le peuple\u00a0\u00bb est r\u00e9alisable dans des d\u00e9lais courts avec toutes les contradictions qui traversent les composantes cit\u00e9es? En attendant un accord (peu probablement) sur cet \u00e9ventuel gouvernement provisoire, qui g\u00e8re le pays\u00a0avec son \u00e9conomie, ses institutions et administrations et ses universit\u00e9s et \u00e9coles et qui va nourrir le peuple?\u00a0\u00a0 <\/span><\/p>\n<p><span lang=\"FR\"><font face=\"Times New Roman\">&#8211;<span>\u00a0\u00a0\u00a0\u00a0\u00a0\u00a0\u00a0\u00a0\u00a0<\/span><\/font><\/span><b><i><span lang=\"FR\">\u00ab\u00a0La dissolution du RCD, la confiscation de ses biens et le jugement des responsables des crimes et des vols commis par l\u2019ancien r\u00e9gime<\/span><\/i><\/b><i><span lang=\"FR\">\u00a0\u00bb.<\/span><\/i><span lang=\"FR\"> C\u2019est formidable et je partages parfaitement ces revendications mais qui va le faire\u00a0? Est-ce la justice qui est suppos\u00e9e devenue, ou qui doit avoir les moyens d\u2019\u00eatre, autonome ou ce sont les Tribunaux populaires qui seront constitu\u00e9s et charg\u00e9s de le faire\u00a0? Que faire des commissions d\u2019enqu\u00eates qui ont \u00e9t\u00e9 d\u00e9sign\u00e9es et que faire de leurs futurs rapports\u00a0? Sont-elles l\u00e9gitimes\u00a0? ou, puisqu\u2019elles ont \u00e9t\u00e9 d\u00e9sign\u00e9es par l\u2019actuel gouvernement provisoire, elles n\u2019ont ni la l\u00e9gitimit\u00e9 ni la cr\u00e9dibilit\u00e9 ni encore la confiance du peuple\u00a0? Les descentes des comit\u00e9s populaires de protection de la r\u00e9volution (constitu\u00e9s dans la foul\u00e9e, suite au d\u00e9part du Dictateur, dans certaines villes) dans les locaux du RCD et dans les \u00e9tablissements priv\u00e9s d\u00e9sert\u00e9s par la famille mafieuse de Ben Ali repr\u00e9sentent-elles la solution\u00a0? Au final qui doit faire la loi en attendant la constitution d\u2019un nouveau gouvernement provisoire et prot\u00e9ger ainsi de la r\u00e9volution et \u00e9viter qu\u2019elle soit vol\u00e9e\u00a0!!!\u00a0???<\/span><\/p>\n<p><span lang=\"FR\"><font face=\"Times New Roman\">&#8211;<span>\u00a0\u00a0\u00a0\u00a0\u00a0\u00a0\u00a0\u00a0\u00a0<\/span><\/font><\/span><span lang=\"FR\">Parmi les revendications du front<i>\u00a0<b>: Des \u00e9lections d\u2019une constituante doit avoir lieu, une nouvelle constitution doit \u00eatre \u00e9tablie, un nouveau r\u00e9gime de gouvernance doit \u00eatre propos\u00e9, la nouvelle constitution doit \u00eatre adopt\u00e9e<\/b> <\/i>(j\u2019imagine, ce qui est logique, par r\u00e9f\u00e9rendum<i>), <b>tous les partis doivent \u00eatre logiquement dissous et recompos\u00e9s, de nouvelles \u00e9lections l\u00e9gislatives organis\u00e9es, un nouveau gouvernement doit \u00eatre compos\u00e9<\/b><\/i>. Quand on \u00e9voque des \u00e9lections de l\u2019Assembl\u00e9e constituante dans un an cela suppose qu\u2019il y aura des \u00e9lections l\u00e9gislatives comme pr\u00e9vu dans un d\u00e9lai de 6 mois\u00a0ou pas? Qui va \u00e9lire l\u2019assembl\u00e9e constituante\u00a0? \u00e7a sera le code \u00e9lectoral actuel qui sera appliqu\u00e9 lors de l\u2019\u00e9lection de la constituante\u00a0? Pouvons nous comprendre que ces \u00e9lections vont se substituer aux l\u00e9gislatives\u00a0? et si la constituante sera \u00e9lue dans un an aura-t-elle la l\u00e9gitimit\u00e9 de constituer un gouvernement\u00a0? Je suppose que non, donc on doit toujours avoir un gouvernement provisoire pendant 2 ans au moins et pas de 6 mois (puisque les travaux de la constituante et le processus qui s\u2019en suivra peut durer au moins un an). Enfin, toujours dans cette \u00e9ventualit\u00e9, et si la constituante n\u2019arrive pas \u00e0 pondre une constitution au terme des d\u00e9lais \u00e0 cause d\u2019un \u00e9ventuel blocage entre les composantes (c\u2019est le cas par exemple de la Bolivie) on va prolonger le mandat du gouvernement qui sera bien \u00e9videment toujours provisoire et non \u00e9lu\u00a0?<\/span><\/p>\n<p><span lang=\"FR\">En attendant des r\u00e9ponses \u00e0 ces questions, j\u2019aimerai savoir pourquoi on veut nous dire qu\u2019il y a un seul chemin de changement\u00a0? Le contredire c\u2019est \u00eatre contre la r\u00e9volution. Ou bien tout doit changer radicalement et imm\u00e9diatement ou bien la r\u00e9volution sera avort\u00e9e ou vol\u00e9e\u00a0? Pourquoi on veut diviser les Tunisiens entre r\u00e9volutionnaires et contre-r\u00e9volutionnaires alors que tous le pays (avec tous ses citoyens quelque soit leurs appartenance politique) a f\u00eat\u00e9 sa libert\u00e9 le lendemain du d\u00e9part du Tyran\u00a0? Pourquoi on veut tra\u00eener une population, et particuli\u00e8rement la jeunesse, surexcit\u00e9e par cet \u00e9v\u00e9nement exceptionnel, dans des d\u00e9marches revanchardes et maximalistes\u00a0? La d\u00e9marche telle qu\u2019on nous l\u2019a propos\u00e9e correspond-elle \u00e0 celle d\u2019une r\u00e9volution d\u00e9mocratique et pacifique\u00a0? Enfin pourquoi on veut reproduire co\u00fbte que co\u00fbte la r\u00e9volution Bolchevique du 17 octobre\u00a0avec ses cons\u00e9quences d\u00e9sastreuses sur les plans politique et humanitaire\u00a0?<\/span><\/p>\n<p><span lang=\"FR\">Je suis d\u2019accord que le gouvernement provisoire en place avec sa composition actuelle ne r\u00e9pond pas aux attentes du peuple r\u00e9volt\u00e9, ne serait ce que par son image affich\u00e9e trop coll\u00e9e \u00e0 l\u2019ancien Parti au pouvoir. Au premier regard, il appara\u00eet comme un gouvernement du RCD ouvert \u00e0 certaines figures ind\u00e9pendantes ou de l\u2019opposition. L\u2019attribution des Minist\u00e8res R\u00e9galiens aux symboles de l\u2019ancien r\u00e9gime nous interpelle et nous laisse penser que ces Ministres n\u2019ont pas r\u00e9alis\u00e9 que le 14 janvier ne symbolise pas que le d\u00e9part du Dictateur mais aussi la chute de tout un r\u00e9gime qui a r\u00e9gn\u00e9 gr\u00e2ce \u00e0 son parti au pouvoir pendant 55 ans. Bien que tout le monde ait l\u2019intime conviction de la n\u00e9cessit\u00e9 de composer avec une partie de ce Parti pour assurer une transition pacifique et ne pas mettre en p\u00e9ril les affaires courantes de l\u2019Etat, il est inadmissible qu\u2019il apparaisse au final comme un Parti vainqueur. Il \u00e9tait donc logique et primordial qu\u2019une pression soit faite par l\u2019opinion publique (qui vient de se lib\u00e9rer et qui a d\u00e9sormais les moyens de s\u2019exprimer) afin de r\u00e9\u00e9quilibrer la composition politique de ce gouvernement et rassurer le peuple qu\u2019un changement prometteur a bien eu lieu. Il s\u2019agit d\u2019une revendication l\u00e9gitime qui pouvait \u00eatre port\u00e9e par les m\u00e9dias, les politique, les associations, la centrale syndicale et aussi la rue qui devait \u00eatre appel\u00e9e \u00e0 s\u2019exprimer quand toutes les autres composantes se retrouvent dans une impasse. C\u2019est une d\u00e9marche coh\u00e9rente avec le caract\u00e8re pacifique du combat dans lequel s\u2019est engag\u00e9 le peuple tunisien d\u00e9s son premier jour de sa r\u00e9volte contre l\u2019ancien r\u00e9gime. Del\u00e0 \u00e0 appeler \u00e0 une mobilisation sans arr\u00eat, limit\u00e9e exclusivement \u00e0 la rue et aux manifestations, et bloquer le pays pour faire tomber tout le gouvernement provisoire et opter vers des formules incertaines, la diff\u00e9rence est de taille. Pire, faire une campagne sans merci contre les partis d\u2019opposition qui ont particip\u00e9 au gouvernement provisoire, et qui ont courageusement de s\u2019accrocher \u00e0 un pouvoir civil transitoire \u00e0 la t\u00eate du pays, est compl\u00e8tement irresponsable. Ce sont eux qui ont impos\u00e9, se basant sur les revendications de la r\u00e9volution du peuple, des d\u00e9cisions historiques jamais connues dans notre pays. Le gouvernement provisoire auquel participe une partie de l\u2019opposition n\u2019a-t-il pas d\u00e9cid\u00e9 de lib\u00e9rer tous les prisonniers politiques et annonc\u00e9 la l\u00e9gislation d\u2019une amnistie g\u00e9n\u00e9rale\u00a0? N\u2019a-t-il pas donn\u00e9 la consigne d\u2019accepter et de r\u00e9pondre favorablement \u00e0 toute demande de l\u00e9galisation d\u2019un parti politique\u00a0? N\u2019a-t-il pas d\u00e9cid\u00e9 de dissoudre la police universitaire\u00a0? N\u2019a-t-il pas d\u00e9cid\u00e9 la s\u00e9paration de l\u2019Etat du partit et de r\u00e9cup\u00e9rer tout les biens publics \u00e0 la disposition de l\u2019ancien Parti au pouvoir? <\/span><\/p>\n<p><span lang=\"FR\">La construction d\u2019un nouveau r\u00e9gime d\u00e9mocratique stable et inspir\u00e9 des aspirations de libert\u00e9 d\u2019un peuple aussi ouvert sur son environnement et aussi pacifique qu\u2019est le peuple Tunisien, ne m\u00e9rite-t-elle pas d\u2019\u00eatre faite dans une d\u00e9marche gradu\u00e9e, s\u00fbre et r\u00e9fl\u00e9chie. N\u2019est-il pas plus raisonnable de se pr\u00e9parer s\u00e9rieusement aux \u00e9ch\u00e9ances \u00e9lectorales qui doivent avoir lieu aux termes du mandat constitutionnel donn\u00e9 au gouvernement provisoire. Lancer le d\u00e9bat politique entre les diff\u00e9rentes sensibilit\u00e9s politiques du pays, projet contre projet, et se faire conna\u00eetre aupr\u00e8s des Tunisiens qui sont entrain de les d\u00e9couvrir apr\u00e8s la chute du mur qui les a s\u00e9par\u00e9 durant 23 ans de r\u00e8gne du Despote d\u00e9chu, ne repr\u00e9sente pas une priorit\u00e9 absolue dans ce contexte\u00a0? Organiser des \u00e9lections l\u00e9gislatives et pr\u00e9sidentielles apr\u00e8s la r\u00e9forme du code \u00e9lectoral, pour assurer les conditions les plus d\u00e9mocratiques \u00e0 un processus \u00e9lectoral libre et repr\u00e9sentatif, ne repr\u00e9sente pas l\u2019\u00e9tape primordiale dans la d\u00e9marche de r\u00e9formes politiques radicale et profonde avec l\u2019\u00e9lection d\u2019une force politique l\u00e9gitimement mandat\u00e9 par le peuple pour lancer ces r\u00e9formes. Que la constitution soit discut\u00e9e dans une constituante ou des comit\u00e9s populaires ou encore des conseils repr\u00e9sentatifs et soumis \u00e0 un r\u00e9f\u00e9rendum devient une question technique du moment qu\u2019elle sera au final choisi par le peuple et qu\u2019elle ne repr\u00e9sente pas un handicap devant un ex\u00e9cutif qui doit fonctionner d\u2019une fa\u00e7on parall\u00e8le avec une l\u00e9gitimit\u00e9 d\u2019un mandat du peuple. Cette d\u00e9marche ne repr\u00e9sente-t-elle pas l\u2019uns des sc\u00e9narios d\u00e9mocratique qui peut nous \u00e9viter l\u2019arbitraire et l\u2019incertain que veut nous proposer, comme solution unique, ceux qui optent la surench\u00e8re comme moyen pour retarder le maximum tout processus \u00e9lectoral en Tunisie.\u00a0 \u00a0<\/span><\/p>\n<p><span lang=\"FR\">Je ne comprends pas pourquoi certaines forces veulent continuer \u00e0 jouer le r\u00f4le de contestataires et d\u2019agitateurs alors que la dualit\u00e9 Pouvoir \u2013 Opposition n\u2019a pas v\u00e9ritablement sa place dans ce contexte. Pour une fois toutes les sensibilit\u00e9s politiques disposent des m\u00eame chances pour organiser leurs rencontres avec le peuple et construire leurs alliances afin de \u00a0mener une bataille \u00e9lectorale la plus libre de notre histoire. Au moment o\u00f9 on dispose r\u00e9ellement de notre destin on nous demande attendre pour finir d\u2019abord notre revanche sur l\u2019ancien r\u00e9gime jusqu\u2019au dernier symbole au risque d\u2019induire une guerre civile. C\u2019est incontestablement irresponsable. <\/span><\/p>\n<p><span lang=\"FR\">La pr\u00e9cipitation spontan\u00e9e des populations, jadis opprim\u00e9es, pour r\u00e9gler le compte du r\u00e9gime d\u00e9chu et en demandant des solutions radicales et rapides, est compr\u00e9hensible. Cependant, je trouve injustifi\u00e9 que des forces politiques, qui pr\u00e9tendent conduire la \u00ab\u00a0r\u00e9volution\u00a0\u00bb, alimentent les tensions et optent vers des propositions absurdes et irresponsables sachant qu\u2019elles connaissent le sort des r\u00e9volutions qui ont agi ainsi. Tirent-elles b\u00e9n\u00e9fice d\u2019un \u00e9ventuel chaos ou ont-elles perdu le sens de l\u2019action politique responsable avec le m\u00e9lange entre le v\u00e9cu personnel de certains dirigeants sous l\u2019ancien r\u00e9gime et les positions historiques \u00e0 prendre dans un moment de victoire. <\/span><\/p>\n<p><span lang=\"FR\">J\u2019esp\u00e8re que cette r\u00e9volution portera la rel\u00e8ve \u00e0 une classe politique vieillissante et d\u00e9rap\u00e9e et donnera un nouveau souffle sinc\u00e8re et moderne \u00e0 l\u2019actuel spectre archa\u00efque. L\u2019\u00e8re du Dogme est r\u00e9volue partout dans le monde. La Dictature du Prol\u00e9tariat est class\u00e9e dans les archives des exp\u00e9riences chaotiques et la conception de l\u2019Etat religieux a induit un recul\u00a0 difficilement rem\u00e9diable dans des pays connus par leurs grandes civilisations ant\u00e9rieures. <u>Faisons donc une rupture avec les anciennes pratiques et refusant de consommer les anciennes formules pour cr\u00e9er de nouvelles id\u00e9es compatibles avec notre contexte, notre \u00e9re et notre g\u00e9n\u00e9ration.<\/u> Nous sommes suffisamment instruits et ouverts sur le monde pour mener notre pays \u00e0 une v\u00e9ritable d\u00e9mocratie durable o\u00f9 la libert\u00e9 sera garantie et o\u00f9 l\u2019alternance sera possible.<\/span><\/p>\n<p><\/font><\/div>\n<div>\n<hr\/>\n<\/div>\n<div align=\"center\"><font face=\"Arial\" size=\"2\"><strong><\/p>\n<h3 style=\"color: blue;\"><font size=\"3\">Tunisie : Des protections troublantes<\/font><\/h3>\n<p><\/strong> <\/font><\/div>\n<div align=\"justify\">\n<hr\/>\n<\/div>\n<div align=\"justify\"> Apr\u00e8s avoir rejoint son mari en Arabie Saoudite, Le\u00efla Trabelsi est r\u00e9cemment revenue \u00e0 Duba\u00ef avec son jeune fils Mohammed. De l\u00e0, le colonel Kadhafi lui aurait envoy\u00e9 un avion priv\u00e9 pour Tripoli. Certains services de renseignements ont expliqu\u00e9 ce voyage par le d\u00e9sir de proc\u00e9der \u00e0 un transfert de fonds ou la perspective d\u2019une installation du couple Ben Ali en Libye. Mais, selon des sources biens inform\u00e9es, l\u2019ex-premi\u00e8re dame pr\u00e9pare un plan d&rsquo;\u00e9vacuation de membres de sa famille rest\u00e9s en Tunisie. Quoi qu\u2019il en soit, les observateurs rel\u00e8vent un certain nombre de faits troublants. Ainsi, Interpol, qui avait publi\u00e9 la liste des Tunisiens recherch\u00e9s, le 25 janvier, a ensuite \u00f4t\u00e9 cette liste de son site. Pour sa part, la fille de l\u2019ex-pr\u00e9sident, Cyrine Ben Ali, serait rentr\u00e9e \u00e0 Tunis en provenance de Paris. Elle se serait rendue chez sa m\u00e8re, Naima Kefi, \u00e0 Carthage, sous protection de l\u2019arm\u00e9e. Enfin, la plupart des membres de la famille Trabelsi arr\u00eat\u00e9s et transf\u00e9r\u00e9s devant la justice auraient \u00e9t\u00e9 laiss\u00e9s en libert\u00e9 sous protection. La population des zones frontali\u00e8res de la Libye a organis\u00e9 des contr\u00f4les de voitures, nuit et jour, pour emp\u00eacher des membres du clan Ben Ali-Trabelsi de passer en Libye.<\/div>\n<div> <strong><font>(Source: \u00ab\u00a0TTU-Monde Arabe\u00a0\u00bb (Lettre hebdomadaire d&rsquo;informations politiques et strat\u00e9giques) Num\u00e9ro 678, Jeudi 10 fevrier 2011)  <\/font><\/strong> \u00a0<\/div>\n<div>\n<hr\/>\n<\/div>\n<div align=\"center\"> <strong><\/p>\n<h3 style=\"color: blue;\"><font size=\"3\">TUNISIE : LE RCD TENTE DE REBONDIR<\/font><\/h3>\n<p><\/strong><\/div>\n<div align=\"justify\">\n<hr\/>\n<p> Avec la nomination en Tunisie de 19 gouverneurs (sur 24) issus de l&rsquo;ancien parti au pouvoir, le Rassemblement constitutionnel d\u00e9mocratique (RCD), celui-ci se r\u00e9organise. Le week-end dernier, de nouvelles violences ont \u00e9clat\u00e9 \u00e0 Sidi Bouzid (qui ont fait deux morts) et au Kef, dans le nord-ouest (quatre morts). Manifestement, le RCD, soutenu par certaines factions du minist\u00e8re de l&rsquo;Int\u00e9rieur, s\u2019emploie \u00e0 reprendre la situation en main et \u00e0 propulser l\u2019ancien ministre des Affaires \u00e9trang\u00e8res, Kamel Morjane \u2014 un cousin de Ben Ali, issu comme lui de la r\u00e9gion du Sahel \u2014, \u00e0 la pr\u00e9sidence de la R\u00e9publique (voir TTU n\u00b0 677). Les instigateurs de ce plan seraient Hedi Baccouche, ancien Premier ministre, et Habib Ammar, ministre d&rsquo;Etat charg\u00e9 de l&rsquo;Int\u00e9rieur sous l\u2019\u00e8re Ben Ali. Ancien militaire, compagnon de route du pr\u00e9sident d\u00e9chu, Ammar avait fourni \u00e0 ce dernier un soutien d\u00e9cisif lors de sa r\u00e9volution de palais, le 7 novembre 1987, en prenant le contr\u00f4le du palais de Carthage. Des milieux de l\u2019opposition le soup\u00e7onnent d\u2019\u00eatre impliqu\u00e9 dans un certain nombre d\u2019affaires de corruption, notamment \u00e0 travers son fils Doreid. Ce climat d\u00e9l\u00e9t\u00e8re ne facilite pas le processus de normalisation en Tunisie. Selon l\u2019article 25 de la Constitution, Ie pr\u00e9sident par int\u00e9rim, Fouad Mbazaa, ne peut pas rester en fonctions plus de deux mois. Et en cas de d\u00e9mission de l\u2019actuel Premier ministre, Mohamed Ghannouchi, il ne peut lui nommer de successeur. Des voix s\u2019\u00e9l\u00e8vent pour r\u00e9clamer la d\u00e9mission du ministre des Affaires \u00e9trang\u00e8res, Ahmed Ounaies, qui a stigmatis\u00e9 le chaos en Tunisie et rendu hommage \u00e0 son homologue fran\u00e7aise, Mich\u00e8le Alliot-Marie. Quoi qu\u2019il en soit, les observateurs s\u2019attendent \u00e0 des jours difficiles pour le pays, compte tenu d\u2019un secteur touristique sinistr\u00e9. Ce dernier emploie, en effet, pr\u00e8s de 400 000 personnes, et 150 h\u00f4tels \u00e0 Djerba ont mis la cl\u00e9 sous la porte. Les vols directs \u00e0 destination de Djerba, Tozeur et Sfax ont \u00e9t\u00e9 suspendus. Par ailleurs, le complexe chimique de Gab\u00e8s, qui emploie 1 500 personnes, est en ch\u00f4mage technique. Enfin, le phosphate ne peut plus \u00eatre achemin\u00e9 du bassin minier de Gafsa, car les habitants de la r\u00e9gion ont bloqu\u00e9 le transport ferroviaire, ce qui provoque une perte de pr\u00e8s de 20 millions de dinars par jour.<\/p><\/div>\n<div>\u00a0<\/div>\n<div><font face=\"Arial\" size=\"2\"><strong>(Source: \u00ab\u00a0TTU-Monde Arabe\u00a0\u00bb (Lettre hebdomadaire d&rsquo;informations politiques et strat\u00e9giques) Num\u00e9ro 678, Jeudi 10 fevrier 2011)  \u00a0<\/strong><\/font><\/div>\n<div>\n<hr\/>\n<\/div>\n<div>\u00a0<\/div>\n<div><font face=\"Arial\" size=\"2\"><\/p>\n<div> AFP, le 9 f\u00e9vrier 2011 \u00e0 19h27 GMT <\/div>\n<div align=\"center\"> <strong><\/p>\n<h3 style=\"color: blue;\"><font size=\"3\">Tunisie: le chef de la diplomatie \u00e9pingl\u00e9 pour son \u00ab\u00a0d\u00e9ni de r\u00e9volution\u00a0\u00bb<\/font><\/h3>\n<p><\/strong><\/div>\n<div align=\"justify\">\n<hr\/>\n<p> TUNIS, 09 Fev 2011 (AFP) &#8211; \u00ab\u00a0Ahurissement\u00a0\u00bb, \u00ab\u00a0consternation\u00a0\u00bb, \u00ab\u00a0h\u00e9b\u00e8tement\u00a0\u00bb: les internautes tunisiens se livrent \u00e0 une attaque en r\u00e8gle contre le nouveau ministre des Affaires \u00e9trang\u00e8res, Ahmed Abderraouf Ouna\u00efes, clou\u00e9 au pilori pour ses propos sur la r\u00e9volution tunisienne et sa \u00ab\u00a0d\u00e9claration \u00e0 MAM\u00a0\u00bb.  En visite le 4 f\u00e9vrier \u00e0 Paris, dont le ralliement tardif \u00e0 la r\u00e9volution populaire a fait grincer des dents \u00e0 Tunis, M. Ouna\u00efes n&rsquo;avait pas tari d&rsquo;\u00e9loges sur son h\u00f4te, Mich\u00e8le Alliot-Marie.  \u00ab\u00a0J&rsquo;aime \u00e9couter Mme Alliot-Marie en toutes circonstances et dans toutes les tribunes\u00a0\u00bb, avait affirm\u00e9 cet ambassadeur \u00e0 la retraite de 75 ans.  Il avait salu\u00e9 en elle \u00ab\u00a0avant tout une amie de la Tunisie\u00a0\u00bb, alors que \u00ab\u00a0MAM\u00a0\u00bb \u00e9tait somm\u00e9e au m\u00eame moment de s&rsquo;expliquer en France pour avoir b\u00e9n\u00e9fici\u00e9 des largesses d&rsquo;un grand patron tunisien li\u00e9 en affaires avec le clan Ben Ali et pour avoir propos\u00e9 au r\u00e9gime vacillant de Ben Ali le \u00ab\u00a0savoir-faire\u00a0\u00bb des policiers fran\u00e7ais, alors que la r\u00e9pression battait son plein.  Les derni\u00e8res d\u00e9clarations du ministre lundi soir sur la cha\u00eene de t\u00e9l\u00e9vision priv\u00e9e tunisienne Nesma ont achev\u00e9 de scandaliser les internautes.  Sur le site Gnet.tn, \u00ab\u00a0HJ\u00a0\u00bb a post\u00e9 un commentaire \u00e9nerv\u00e9: \u00ab\u00a0Ahmed Ouna\u00efes: un d\u00e9ni de r\u00e9volution\u00a0\u00bb. Le bloggeur d\u00e9nonce le discours \u00ab\u00a0confus\u00a0\u00bb et \u00ab\u00a0moralisateur\u00a0\u00bb du ministre qui a esquiv\u00e9 les questions des journalistes sur ses \u00ab\u00a0d\u00e9clarations \u00e0 Mme Alliot-Marie\u00a0\u00bb, pr\u00e9f\u00e9rant \u00e9voquer les \u00ab\u00a0m\u00e9dias qui on failli\u00a0\u00bb et faisant \u00ab\u00a0remonter la r\u00e9volution \u00e0 50 ou 60 ans\u00a0\u00bb.  Fa\u00ef\u00e7al Abroug, un ancien inspecteur p\u00e9dagogique, fustige sur Kapitalis.com un \u00ab\u00a0soliloque (&#8230;) inepte sur les fondements de la r\u00e9volution\u00a0\u00bb et un \u00ab\u00a0m\u00e9pris \u00e0 l&rsquo;\u00e9gard de l&rsquo;homme de la rue\u00a0\u00bb. Il invite pour finir le ministre \u00ab\u00a0\u00e0 prendre la d\u00e9cision qui s&rsquo;impose: d\u00e9missionner\u00a0\u00bb.  \u00ab\u00a0Il y a des petites choses qui ont chang\u00e9. M. le ministre (&#8230;), vous \u00eates tenu de nous rendre des comptes\u00a0\u00bb, rappelle Motaz Dlimi, simple citoyen dans une \u00ab\u00a0lettre ouverte\u00a0\u00bb post\u00e9e sur le site Nawaat.org.  Comme tous les minist\u00e8res tunisiens, les Affaires \u00e9trang\u00e8res font face presque quotidiennement \u00e0 des manifestants qui viennent r\u00e9clamer embauches et revalorisations salariales. Mais Ahmed Ouna\u00efes est, lui, en plus accus\u00e9 d&rsquo;avoir \u00ab\u00a0trahi\u00a0\u00bb l&rsquo;id\u00e9al r\u00e9volutionnaire. Une caricature s&rsquo;\u00e9talait mardi \u00e0 la une du quotidien le Temps: sous le titre \u00ab\u00a0le fou d&rsquo;Alliot-Marie\u00a0\u00bb, on voit un Ouna\u00efes entour\u00e9s de petits coeurs assis sur un banc \u00e0 c\u00f4t\u00e9 de \u00ab\u00a0MAM\u00a0\u00bb. \u00ab\u00a0Enfin mon r\u00eave se r\u00e9alise\u00a0\u00bb, dit-il ce \u00e0 quoi la ministre r\u00e9pond: \u00ab\u00a0chouette j&rsquo;ai encore des partisans en Tunisie\u00a0\u00bb.  \u00a0 \u00a0<\/p><\/div>\n<div align=\"justify\">\n<hr\/>\n<\/div>\n<div align=\"justify\"> AFP, le 9 f\u00e9vrier 2011 \u00e0 20h26 GMT <\/div>\n<div align=\"center\"> <strong><\/p>\n<h3 style=\"color: blue;\"><font size=\"3\">Tunisie: les mains libres, le pr\u00e9sident promet des n\u00e9gociations sociales<\/font><\/h3>\n<p><\/strong><\/div>\n<div align=\"justify\">\n<hr\/>\n<p> Par Kaouther LARBI  \u00a0 TUNIS, 09 Fev 2011 (AFP) &#8211; Le pr\u00e9sident tunisien int\u00e9rimaire, Foued Mebazaa, a annonc\u00e9 mercredi soir l&rsquo;ouverture \u00ab\u00a0prochainement\u00a0\u00bb de \u00ab\u00a0n\u00e9gociations sociales \u00e0 l&rsquo;\u00e9chelle nationale\u00a0\u00bb, dans une allocution \u00e0 la t\u00e9l\u00e9vision nationale, quelques heures apr\u00e8s avoir \u00e9t\u00e9 investi de pouvoirs de crise par le Parlement.  C&rsquo;est la premi\u00e8re fois que le pr\u00e9sident s&rsquo;adressait directement aux Tunisiens depuis son entr\u00e9e en fonction le 15 janvier, au lendemain de la fuite \u00e0 l&rsquo;\u00e9tranger du pr\u00e9sident Zine El Abidine Ben Ali.  \u00ab\u00a0Ces n\u00e9gociations sociales seront le meilleur cadre de dialogue et de concertation pour r\u00e9gler la situation sociale de toutes les cat\u00e9gories du peuple et dans tous les secteurs\u00a0\u00bb, a d\u00e9clar\u00e9 M. Mebazaa, qui a appel\u00e9 ses compatriotes \u00e0 faire \u00ab\u00a0preuve de patience\u00a0\u00bb. \u00ab\u00a0Vos demandes sont l\u00e9gitimes, mais vous devez comprendre la difficile situation \u00e0 laquelle le pays est confront\u00e9\u00a0\u00bb, a-t-il expliqu\u00e9, alors que le gouvernement de Mohammed Ghannouchi est confront\u00e9 depuis deux semaines \u00e0 de fortes tensions sociales \u00e0 travers tout le pays.  Dans la matin\u00e9e, le S\u00e9nat tunisien avait adopt\u00e9 \u00e0 l&rsquo;unanimit\u00e9 une loi autorisant le pr\u00e9sident int\u00e9rimaire \u00e0 gouverner par d\u00e9crets-lois, contournant ainsi le Parlement bicam\u00e9ral h\u00e9rit\u00e9 de l&rsquo;\u00e8re Ben Ali.  Le texte, d\u00e9j\u00e0 vot\u00e9 \u00e0 l&rsquo;Assembl\u00e9e nationale lundi, a \u00e9t\u00e9 adopt\u00e9 \u00e0 main lev\u00e9e par les 86 s\u00e9nateurs pr\u00e9sents, sans aucune abstention, a constat\u00e9 l&rsquo;AFP.  \u00ab\u00a0Le vote du S\u00e9nat est tr\u00e8s important. Il va nous permettre de r\u00e9aliser les aspirations du peuple et de concr\u00e9tiser les initiatives prises par le gouvernement transitoire, essentiellement la loi d&rsquo;amnistie g\u00e9n\u00e9rale\u00a0\u00bb, a affirm\u00e9 Foued Mebazaa.  \u00ab\u00a0Nous resterons fid\u00e8les aux principes de la r\u00e9volution et d\u00e9termin\u00e9s \u00e0 r\u00e9pondre aux espoirs de la jeunesse\u00a0\u00bb, a-t-il martel\u00e9, estimant que le gouvernement enregistrait \u00ab\u00a0des progr\u00e8s remarquables en d\u00e9pit d&rsquo;un climat difficile\u00a0\u00bb.  A l&rsquo;ouverture du d\u00e9bat mercredi, le Premier ministre Mohammed Ghannouchi avait exhort\u00e9 la Chambre des conseillers (S\u00e9nat) \u00e0 voter oui \u00ab\u00a0pour permettre au gouvernement de travailler\u00a0\u00bb et demand\u00e9 du temps \u00e0 une population qui perd visiblement patience, parlant d'\u00a0\u00bbexplosion sociale\u00a0\u00bb.  Un jeune homme a \u00e9t\u00e9 l\u00e9g\u00e8rement bless\u00e9 dans le centre de Tunis par une balle qui a ricoch\u00e9, alors que des militaires tentaient de canaliser des centaines de personnes devant un bureau d&rsquo;aide sociale pour toucher de 30 dinars \u00e0 150 dinars (15,5 \u00e0 78 euros).  D\u00e9j\u00e0 mardi, entre 400 et 500 personnes avaient envahi le gouvernorat au coeur de la capitale pour r\u00e9clamer du travail et des aides.  M. Ghannouchi a \u00e9galement annonc\u00e9 la l\u00e9galisation \u00ab\u00a0dans quelques jours\u00a0\u00bb des formations interdites sous Ben Ali qui en ont fait la demande, parmi lesquelles figure le mouvement islamiste Ennahda de Rached Ghannouchi.  Les autorit\u00e9s ont annonc\u00e9 des \u00e9lections pr\u00e9sidentielle et l\u00e9gislatives dans six mois, sans toutefois donner de date pr\u00e9cise, alors que de plus en plus de voix s&rsquo;\u00e9l\u00e8vent pour juger ce d\u00e9lai intenable.  A l&rsquo;int\u00e9rieur du pays, son gouvernement reste soumis \u00e0 une forte pression depuis qu&rsquo;il a remplac\u00e9 il y a une semaine les 24 gouverneurs de r\u00e9gion. Ces nominations ont rapidement \u00e9t\u00e9 contest\u00e9es, 19 des personnes choisies \u00e9tant des adh\u00e9rents ou des proches du Rassemblement constitutionnel d\u00e9mocratique (RCD), le parti au pouvoir sous Ben Ali.  Le nouveau gouverneur de la r\u00e9gion de Sousse (150 km au sud de Tunis) a \u00e9t\u00e9 contraint mardi de quitter ses bureaux par une foule en col\u00e8re. Ses coll\u00e8gues de Monastir (ville voisine) et de Medenine (sud) ont eu droit aussi \u00e0 des manifestations sous leurs fen\u00eatres. Une d\u00e9l\u00e9gation de voyagistes fran\u00e7ais a affirm\u00e9 mercredi \u00e0 Tunis sa volont\u00e9 de relancer le tourisme, estimant que ce secteur vital pour le pays pouvait \u00ab\u00a0r\u00e9cup\u00e9rer\u00a0\u00bb d\u00e8s ce printemps.  \u00a0 \u00a0<\/p><\/div>\n<div align=\"justify\">\n<hr\/>\n<\/div>\n<div align=\"justify\"> Reuters, le 9 f\u00e9vrier 2011 \u00e0 21h13 GMT <\/div>\n<div align=\"center\"> <strong><\/p>\n<h4 style=\"color: blue;\"><font size=\"3\">Tunisian leader asks restive people to be patient<\/font><\/h4>\n<p><\/strong><\/div>\n<div align=\"center\">\n<hr\/>\n<\/div>\n<div align=\"justify\">*\u00a0 Caretaker president speaks after wave of strikes, protests  *\u00a0 Promises national dialogue to discuss demands  *\u00a0 Stability fragile after uprising ousted veteran leader  \u00a0 \u00a0 TUNIS, Feb 9 (Reuters) &#8211; Tunisia&rsquo;s caretaker president on Wednesday appealed to people demanding better living conditions after the toppling of their previous ruler to show patience.  \u00a0 Tunisia&rsquo;s stability, fragile since President Zine al-Abidine Ben Ali fled to Saudi Arabia over three weeks ago, was further rocked in the past few days by violent clashes with police and dozens of protests by people demanding jobs or higher wages.  \u00a0 In his first public appearance in weeks, interim head of state Fouad Mebazza went on state television to promise the start of a national dialogue to try to address citizens&rsquo; demands.  \u00a0 \u00ab\u00a0I know that all your requests are legitimate but one must be rational and have patience in the difficult situation which our country is confronted with,\u00a0\u00bb said Mebazza, who was speaker of parliament before stepping in as president after Ben Ali&rsquo;s departure.  \u00a0 \u00ab\u00a0We are soon going to launch social negotiations on a national scale. These negotiations will be with all the sectors.\u00a0\u00bb  \u00a0 Five people have been killed since Friday in violent incidents in provincial cities, several regional governors have been forced to quit by protests. The government has asked military reservists to report for duty so they could be mobilised to help restore order. \u00a0 There appeared to be a respite on Wednesday, with no reports of violence or large-scale protests.  \u00a0 Tunisia&rsquo;s overthrow of its president after 23 years of autocratic rule provided inspiration to protest movements in other parts of the region, including Egypt. Now its faltering progress back to stability is being closely watched by the outside world.  \u00a0 Under Ben Ali, many Tunisians did not voice their demands for better living conditions because they feared arrest or police harassment. His overthrow, and promises by the new government to respect democratic freedoms, have unleashed a wave of protests and strikes over issues from low wages to poor working conditions and unemployment.  \u00a0 \u00a0<\/div>\n<div align=\"justify\">\n<hr\/>\n<\/div>\n<div align=\"justify\"> Reuters, le 9 f\u00e9vrier 2011 \u00e0 21h36 GMT <\/div>\n<div align=\"center\"> <strong><\/p>\n<h4 style=\"color: blue;\"><font size=\"3\">Le pr\u00e9sident tunisien demande au peuple d&rsquo;\u00eatre patient<\/font><\/h4>\n<p><\/strong><\/div>\n<div align=\"justify\">\n<hr\/>\n<p> TUNIS, 9 f\u00e9vrier (Reuters) &#8211; Le pr\u00e9sident tunisien par int\u00e9rim, Fouad Mebazza, a annonc\u00e9 mercredi l&rsquo;ouverture d&rsquo;un dialogue national et demand\u00e9 \u00e0 ses compatriotes de faire preuve de patience pour voir s&rsquo;am\u00e9liorer leurs conditions de vie.  \u00a0 S&rsquo;exprimant publiquement pour la premi\u00e8re fois depuis sa nomination le 15 janvier, au lendemain de la fuite du pr\u00e9sident Zine ben Ali en Arabie saoudite, Fouad Mebazza a promis l&rsquo;ouverture prochaine de n\u00e9gociations sociales \u00e0 l&rsquo;\u00e9chelle nationale avec tous les secteurs de la soci\u00e9t\u00e9.  \u00a0 La chute de Ben Ali sous la pression de la rue a \u00e9t\u00e9 suivie d&rsquo;une vague de protestation et de gr\u00e8ves pour des questions sociales comme les bas salaires ou les conditions de travail.  \u00a0 \u00ab\u00a0Je sais que toutes vos requ\u00eates sont l\u00e9gitimes mais il faut se montrer raisonnable et faire preuve de patience dans la situation difficile \u00e0 laquelle notre pays est confront\u00e9\u00a0\u00bb, a d\u00e9clar\u00e9 Mebazza, ancien pr\u00e9sident du parlement et nomm\u00e9 \u00e0 ce titre chef de l&rsquo;Etat par int\u00e9rim.  \u00a0 Cinq personnes ont trouv\u00e9 la mort depuis vendredi lors d&rsquo;accrochages dans plusieurs villes de province. Plusieurs gouverneurs ont \u00e9t\u00e9 contraints \u00e0 la d\u00e9mission par des manifestants. Aucun incident ou manifestation \u00e0 grande \u00e9chelle n&rsquo;a \u00e9t\u00e9 signal\u00e9 mercredi.  \u00a0 \u00a0 \u00a0<\/p><\/div>\n<div align=\"justify\">\n<hr\/>\n<\/div>\n<div align=\"justify\"> AFP, le 10 f\u00e9vrier 2011 \u00e0 05h54 GMT <\/div>\n<div align=\"center\"> <strong><\/p>\n<h4 style=\"color: blue;\"><font size=\"3\">Vacances d&rsquo;hiver: ski ou soleil mais loin de la Tunisie et de l&rsquo;Egypte<\/font><\/h4>\n<p><\/strong><\/div>\n<div align=\"justify\">\n<hr\/>\n<p> Par Dominique AGEORGES  \u00a0 PARIS, 10 Fev 2011 (AFP) &#8211; Les vacances d&rsquo;hiver entra\u00eeneront les Fran\u00e7ais \u00e0 partir d\u00e8s vendredi au ski, malgr\u00e9 le manque de vraie neige, ou au soleil mais, dans ce cas, aux Canaries ou en R\u00e9publique dominicaine faute de Tunisie et d&rsquo;Egypte, selon les professionnels interrog\u00e9s par l&rsquo;AFP.  A la montagne, le taux de r\u00e9servation est de l&rsquo;ordre de 70% sur la premi\u00e8re et la quatri\u00e8me semaines de vacances. Il grimpe \u00e0 80% et 90% en moyenne et certaines stations affichent m\u00eame complet pour les deuxi\u00e8me et troisi\u00e8me semaines, selon l&rsquo;Association nationale des maires des stations de montagne.  \u00ab\u00a0La fr\u00e9quentation est dans l&rsquo;ensemble identique \u00e0 l&rsquo;an dernier\u00a0\u00bb, indique son pr\u00e9sident, Jacques Guillot. \u00ab\u00a0Quant aux conditions de ski, elles sont tout \u00e0 fait adapt\u00e9es\u00a0\u00bb entre la neige naturelle et celle des canons, assure-t-il, reconnaissant qu&rsquo;il manque parfois \u00ab\u00a0l&rsquo;ambiance blanche\u00a0\u00bb.  \u00ab\u00a0Il vaut mieux avoir une neige de culture bien travaill\u00e9e avec du beau temps qu&rsquo;un m\u00e8tre de neige et de la pluie\u00a0\u00bb, fait-il valoir.  Pr\u00e9sident de Savoie-Mont Blanc tourisme, l&rsquo;organisme touristique g\u00e9rant les 110 stations des deux Savoie, Vincent Rolland pr\u00e9cise que 82% des pistes sont ouvertes contre environ 95% \u00e0 la m\u00eame \u00e9poque l&rsquo;an dernier.  \u00ab\u00a0Le froid de janvier a permis d&rsquo;entretenir le manteau neigeux\u00a0\u00bb, rel\u00e8ve-t-il, en se f\u00e9licitant par ailleurs que \u00ab\u00a0M\u00e9t\u00e9o France annonce un refroidissement pour vendredi et des chutes de neige lundi et mardi\u00a0\u00bb.  Pour les autres destinations, le march\u00e9 est plut\u00f4t \u00ab\u00a0bien parti gr\u00e2ce cette ann\u00e9e aux offres de r\u00e9servations de premi\u00e8re minute qui ont bien fonctionn\u00e9 et permis aux voyagistes de gagner en visibilit\u00e9\u00a0\u00bb, selon Laurent Serfaty, r\u00e9dacteur en chef du portail internet Esasyvoyages.com.  Mais les troubles en Tunisie et en Egypte qui ont entra\u00een\u00e9 une suspension des d\u00e9parts des vacanciers, ont bouscul\u00e9 le march\u00e9.  Les Fran\u00e7ais qui avaient d\u00e9j\u00e0 r\u00e9serv\u00e9 ont d\u00fb se reporter vers d&rsquo;autres destinations et les voyagistes r\u00e9organiser leurs capacit\u00e9s a\u00e9riennes et h\u00f4teli\u00e8res vers des cieux plus calmes mais tr\u00e8s demand\u00e9s.  \u00ab\u00a0Toute l&rsquo;Europe a mis ses billes sur les Canaries qui vont probablement assurer la fin de l&rsquo;hiver puis on va embrayer vers les Bal\u00e9ares et l&rsquo;Espagne continentale\u00a0\u00bb, affirme M. Serfaty.  D&rsquo;autres destinations devraient profiter de la situation comme la Turquie, la Gr\u00e8ce, la Cr\u00e8te ou Chypre.  \u00ab\u00a0On verra bien si, pour profiter de cette manne, le bassin m\u00e9diterran\u00e9en rouvre fin mars\/d\u00e9but avril alors que l&rsquo;an dernier, c&rsquo;\u00e9tait un mois plus tard\u00a0\u00bb, a ajout\u00e9 M. Serfaty.  Avec \u00e0 la cl\u00e9 \u00ab\u00a0un risque d&rsquo;envol\u00e9e des tarifs\u00a0\u00bbpr\u00e9viennent d\u00e9j\u00e0 des professionnels\u00a0\u00bb face \u00e0 la demande et la concurrence europ\u00e9enne.  D\u00e9j\u00e0, chez Marmara, Majorque la Cr\u00e8te et Rhodes enregistrent des r\u00e9servations en hausse de 50% pour l&rsquo;\u00e9t\u00e9 ou de 30% pour la Turquie. Chez Nouvelles Fronti\u00e8res, \u00ab\u00a0la R\u00e9publique dominicaine et le S\u00e9n\u00e9gal\u00a0\u00bb b\u00e9n\u00e9ficient d&rsquo;un coup de pouce plut\u00f4t li\u00e9 \u00e0 la crise \u00e9gyptienne. Les r\u00e9servations vers \u00ab\u00a0l&rsquo;\u00eele Maurice, les Antilles ou le Mexique\u00a0\u00bb marchent bien aussi.  Pour les vacances de f\u00e9vrier, Marmara observe que l&rsquo;impact des troubles en Tunisie et en Egypte se traduit par des r\u00e9servations en l\u00e9g\u00e8re baisse car ces deux pays \u00ab\u00a0repr\u00e9sentaient 40% des volumes de d\u00e9part. Or 50% des reports n&rsquo;ont pas \u00e9t\u00e9 faits aux m\u00eames dates de d\u00e9part mais plus loin sur la saison\u00a0\u00bb.  Pour la suite, les voyagistes fran\u00e7ais, dont une forte d\u00e9l\u00e9gation vient de rencontrer le ministre tunisien du Tourisme, tablent sur une lev\u00e9e rapide du couvre-feu et une relance \u00ab\u00a0d\u00e8s le printemps\u00a0\u00bb, d\u00e9but de la haute saison, de cette destination, l&rsquo;une des pr\u00e9f\u00e9r\u00e9es des Fran\u00e7ais.  Pour l&rsquo;Egypte, la situation est plus complexe car l&rsquo;hiver est la haute saison. La reprise pourrait attendre l&rsquo;automne avec la fin des fortes chaleurs.  \u00a0 \u00a0<\/p><\/div>\n<div align=\"justify\">\n<hr\/>\n<\/div>\n<div align=\"justify\"> ANSA, le 10 f\u00e9vrier 2011 \u00e0 06h42 GMT <\/div>\n<div align=\"center\"> <strong><\/p>\n<h4 style=\"color: blue;\"><font size=\"3\">Immigrazione: nuovo sbarco a Lampedusa, approdati altri 78<\/font><\/h4>\n<p><\/strong><\/div>\n<div align=\"justify\">\n<hr\/>\n<p> LAMPEDUSA (ansa) Non si arresta l&rsquo;ondata di sbarchi verso le coste siciliane, in coincidenza con la rivolta in Tunisia che ha portato alla deposizione del presidente Ben Ali.  \u00a0 Dopo i 221 nordafricani approdati ieri sulle Pelagie, altri 78 extracomunitari sono stati intercettati in serata su un barcone a circa 16 miglia a sud di Lampedusa.  \u00a0 L&rsquo;operazione di soccorso, condotta dalle motovedette della Guardia Costiera e della Guardia di Finanza italiane, si \u00e8 conclusa in nottata.  \u00a0 Anche questo ultimo gruppo di immigrati sar\u00e0 trasferito a Porto Empedocle, cos\u00ec come avvenuto con gli altri maghrebini giunti in precedenza che non sono stati accompagnati nel centro di prima accoglienza dell&rsquo;isola. Il ministro dell&rsquo;Interno, Roberto Maroni, ha infatti ribadito ieri che la struttura non sar\u00e0 riaperta e che gli extracomunitari continueranno ad essere smistati verso altri centri di accoglienza.  \u00a0<\/p><\/div>\n<div align=\"justify\">\n<hr\/>\n<\/div>\n<div align=\"justify\"> AFP, le 10 f\u00e9vrier 2011 \u00e0 14h35 GMT <\/div>\n<div align=\"center\"> <strong><\/p>\n<h4 style=\"color: blue;\"><font size=\"3\">Tunisie: Le principal syndicat veut des n\u00e9gociations sociales \u00ab\u00a0rapides\u00a0\u00bb<\/font><\/h4>\n<p><\/strong><\/p>\n<hr\/>\n<p>\u00a0<\/p><\/div>\n<div align=\"justify\"> TUNIS, 10 Fev 2011 (AFP) &#8211; La principale centrale syndicale de Tunisie a appel\u00e9 jeudi le gouvernement \u00e0 engager \u00ab\u00a0rapidement\u00a0\u00bb des n\u00e9gociations afin de r\u00e9sorber les tensions sociales qui secouent le pays depuis trois semaines, reconnaissant \u00eatre d\u00e9sormais \u00ab\u00a0d\u00e9bord\u00e9e\u00a0\u00bb par sa base.  \u00ab\u00a0Il est de l&rsquo;int\u00e9r\u00eat du gouvernement d&rsquo;engager rapidement des n\u00e9gociations avec la centrale syndicale car la situation sociale est explosive\u00a0\u00bb, a dit \u00e0 l&rsquo;AFP un dirigeant de l&rsquo;Union g\u00e9n\u00e9rale des travailleurs tunisiens (UGTT).  Abid Briki r\u00e9agissait \u00e0 la d\u00e9claration du pr\u00e9sident int\u00e9rimaire, Foued Mebazaa, qui a annonc\u00e9 mercredi soir l&rsquo;ouverture \u00ab\u00a0prochainement\u00a0\u00bb de \u00ab\u00a0n\u00e9gociations sociales \u00e0 l&rsquo;\u00e9chelle nationale\u00a0\u00bb. Des gr\u00e8ves organis\u00e9es ou spontan\u00e9es ont paralys\u00e9 plusieurs secteurs \u00e9conomiques depuis la fuite du pr\u00e9sident Zine El Abidine Ben Ali le 14 janvier, et la grogne sociale continue de monter dans les cat\u00e9gories les plus d\u00e9favoris\u00e9es de la population.  Le gouvernement de transition de Mohamed Ghannouchi a multipli\u00e9 les appels \u00e0 la population, avertissant que le pays risquait de \u00ab\u00a0s&rsquo;\u00e9crouler\u00a0\u00bb si les d\u00e9brayages massifs et manifestations parfois \u00e9maill\u00e9es de violences se poursuivaient.  \u00ab\u00a0Il y a des r\u00e9ponses imm\u00e9diates que le gouvernement peut apporter, \u00e0 savoir la titularisation des centaines de milliers de contractuels qu&rsquo;il faut int\u00e9grer dans les entreprises\u00a0\u00bb, a dit M. Briki qui a pr\u00f4n\u00e9 \u00e9galement une r\u00e9forme \u00ab\u00a0radicale\u00a0\u00bb de la l\u00e9gislation du travail et un examen \u00ab\u00a0s\u00e9rieux\u00a0\u00bb d&rsquo;une vieille demande de la centrale syndicale pour la cr\u00e9ation d&rsquo;une caisse de ch\u00f4mage.  \u00ab\u00a0Nous n&rsquo;encadrons pas tous les mouvements de gr\u00e8ves\u00a0\u00bb, a-t-il reconnu, interrog\u00e9 sur l&rsquo;ampleur de la contestation sociale auquel le pays est confront\u00e9.  Selon lui, l&rsquo;UGTT est d\u00e9sormais \u00ab\u00a0d\u00e9bord\u00e9e face \u00e0 l&rsquo;agitation sociale\u00a0\u00bb.  Pour la centrale, l&rsquo;enjeu est aussi de parvenir \u00ab\u00a0\u00e0 endiguer la grogne dans des secteurs ou entreprises o\u00f9 l&rsquo;UGTT \u00e9t\u00e9 chass\u00e9e et remplac\u00e9e par des cellules\u00a0\u00bb du Rassemblement constitutionnel d\u00e9mocratique (RCD), le parti de Ben Ali.  \u00ab\u00a0Dans ces entreprises o\u00f9 des gr\u00e8ves spontan\u00e9es ont \u00e9t\u00e9 d\u00e9clench\u00e9es, nous tentons d&rsquo;organiser un retour en force de nos repr\u00e9sentants et d&rsquo;occuper le terrain\u00a0\u00bb, a-t-il d\u00e9clar\u00e9.  Marginalis\u00e9e et divis\u00e9e sous Ben Ali, l&rsquo;UGTT a retrouv\u00e9 un r\u00f4le de premier plan lors de la r\u00e9volte qui a conduit \u00e0 la chute de l&rsquo;ex-pr\u00e9sident. L&rsquo;aile gauche du syndicat a encadr\u00e9 les manifestations \u00e0 travers le pays et organis\u00e9 des gr\u00e8ves tournantes dans les principales villes.  Mais sa direction est contest\u00e9e par un courant de gauche qui organise \u00e9pisodiquement des rassemblements devant ses locaux \u00e0 Tunis pour r\u00e9clamer son d\u00e9part en l&rsquo;accusant de \u00ab\u00a0composer\u00a0\u00bb avec le gouvernement transitoire et de \u00ab\u00a0corruption\u00a0\u00bb.\u00a0 \u00a0<\/div>\n<div align=\"justify\">\n<hr\/>\n<\/div>\n<div align=\"justify\">\u00a0Reuters, le 9 f\u00e9vrier 2011 \u00e0 17h46 GMT <\/div>\n<div align=\"center\"> <strong><\/p>\n<h4 style=\"color: blue;\"><font size=\"3\">Un commentateur arr\u00eat\u00e9 en Libye apr\u00e8s avoir appel\u00e9 \u00e0 manifester<\/font><\/h4>\n<p><\/strong><\/p>\n<hr\/>\n<p>\u00a0<\/p><\/div>\n<div align=\"justify\"> TRIPOLI, 9 f\u00e9vrier (Reuters) &#8211; Un commentateur politique qui avait appel\u00e9 \u00e0 des manifestations pacifiques en Libye \u00e0 la suite de celles de Tunisie et d&rsquo;Egypte a \u00e9t\u00e9 arr\u00eat\u00e9 sous le pr\u00e9texte d&rsquo;un accident de voiture pr\u00e9sum\u00e9, dit Amnesty International.  \u00a0 Selon l&rsquo;organisation de d\u00e9fense des droits de l&rsquo;homme, Djamal al Hajji, qui poss\u00e8de les nationalit\u00e9s libyenne et danoise, a \u00e9t\u00e9 arr\u00eat\u00e9 le 1er f\u00e9vrier \u00e0 Tripoli, peu apr\u00e8s avoir lanc\u00e9 sur internet un appel \u00e0 des manifestations en faveur d&rsquo;une plus grande libert\u00e9 en Libye.  \u00a0 \u00ab\u00a0Hajji a \u00e9t\u00e9 appr\u00e9hend\u00e9 dans un parking de Tripoli par un groupe d&rsquo;une dizaine d&rsquo;officiers de s\u00e9curit\u00e9 en civil qui lui ont dit qu&rsquo;un homme affirmait avoir \u00e9t\u00e9 heurt\u00e9 par sa voiture, qu&rsquo;il venait de garer\u00a0\u00bb, pr\u00e9cise Amnesty.  \u00a0 Hajji d\u00e9ment cette all\u00e9gation et l&rsquo;incident est \u00ab\u00a0un simple pr\u00e9texte visant \u00e0 dissimuler ce qui constituait en r\u00e9alit\u00e9 une arrestation \u00e0 caract\u00e8re politique\u00a0\u00bb, ajoute l&rsquo;organisation.  \u00a0 Les partis politiques sont interdits en Libye, la dissidence publique y est rare et, selon les groupes de d\u00e9fense des droits de l&rsquo;homme, de nombreux adversaires politiques de Mouammar Kadhafi sont emprisonn\u00e9s. Le dirigeant libyen, lui, affirme que\u00a0 son pays b\u00e9n\u00e9ficie d&rsquo;une plus grande d\u00e9mocratie que les Etats occidentaux en raison de son mod\u00e8le de gouvernement par la base.  \u00a0 Le gouvernement de Tripoli n&rsquo;a fait aucun commentaire.  \u00a0 Selon Amnesty, Hajji a comparu le 3 f\u00e9vrier devant le procureur g\u00e9n\u00e9ral de Tripoli et a \u00e9t\u00e9 accus\u00e9 d&rsquo;avoir bless\u00e9 une personne avec son v\u00e9hicule. Sa d\u00e9tention a \u00e9t\u00e9 prolong\u00e9e de six jours et il a \u00e9t\u00e9 transf\u00e9r\u00e9 \u00e0 la prison de Jdaida, \u00e0 Tripoli.  \u00a0 Hajji a \u00e9crit une s\u00e9rie d&rsquo;articles sur la vie politique et la question des droits de l&rsquo;homme en Libye, qui ont pour la plupart \u00e9t\u00e9 publi\u00e9s sur des sites internet bas\u00e9s \u00e0 l&rsquo;\u00e9tranger.  \u00a0 Il a \u00e9t\u00e9 incarc\u00e9r\u00e9 plus de quatre mois pour \u00ab\u00a0outrage aux autorit\u00e9s judiciaires\u00a0\u00bb apr\u00e8s s&rsquo;\u00eatre plaint aux autorit\u00e9s d&rsquo;avoir subi de mauvais traitements en purgeant une peine de deux ans de prison qui s&rsquo;est achev\u00e9e en mars 2009, indique encore Amnesty.  \u00a0<\/div>\n<div align=\"justify\">\n<hr\/>\n<\/div>\n<div align=\"justify\">Reuters, le 10 f\u00e9vrier 2011 \u00e0 10h51 GMT <\/div>\n<div align=\"center\"> <strong><\/p>\n<h4 style=\"color: blue;\"><font size=\"3\">Les Alg\u00e9riens veulent le changement sans le chaos<\/font><\/h4>\n<p><\/strong><\/div>\n<div align=\"justify\">\n<hr\/>\n<p> * Les Alg\u00e9riens plaident pour un changement en douceur  * Ils gardent en t\u00eate les ann\u00e9es de violences islamistes  * Manifestation samedi, sans les salafistes  \u00a0 par Lamine Chikhi  \u00a0 ALGERS, 10 f\u00e9vrier (Reuters) &#8211; Si de nombreux Alg\u00e9riens estiment que leur pays a besoin d&rsquo;un changement \u00e0 la t\u00eate de l&rsquo;Etat, ils mettent en garde contre une transition trop brutale et brandissent le spectre de troubles qui pourraient faire replonger le pays dans le chaos des ann\u00e9es 1990.  \u00a0 Les Alg\u00e9riens ont observ\u00e9 avec fascination et int\u00e9r\u00eat les manifestations qui menacent actuellement le r\u00e9gime \u00e9gyptien d&rsquo;Hosni Moubarak et ont conduit \u00e0 la chute du pr\u00e9sident tunisien Zine Ben Ali \u00e0 la mi-janvier.  \u00a0 Port\u00e9s par cette vague de mobilisation sans pr\u00e9c\u00e9dent dans le monde arabe, des organisations alg\u00e9riennes de la soci\u00e9t\u00e9 civile, des syndicats et des petits partis politiques ont annonc\u00e9 leur intention de braver l&rsquo;\u00e9tat d&rsquo;urgence en vigueur depuis 1992 en organisant un rassemblement samedi.\u00a0\u00a0 Mais si le pays est confront\u00e9 aux m\u00eames probl\u00e8mes de ch\u00f4mage et de pr\u00e9carit\u00e9 que ses voisins, rien ne semble indiquer jusqu&rsquo;\u00e0 pr\u00e9sent que la manifestation remportera le m\u00eame succ\u00e8s et parvienne \u00e0 mobiliser autant qu&rsquo;en Tunisie ou en Egypte. \u00a0 \u00ab\u00a0Le changement oui, le chaos non\u00a0\u00bb, a d\u00e9clar\u00e9 \u00e0 Reuters A\u00efcha Chikoune, une employ\u00e9e d&rsquo;un bureau de poste du centre de la capitale, r\u00e9sumant bien la position de la population alg\u00e9rienne.  \u00a0 \u00ab\u00a0Nous ne devons jamais oublier les ann\u00e9es de sang et de larmes des ann\u00e9es 1990 apr\u00e8s la mort et la d\u00e9capitation quotidienne de centaines de personnes\u00a0\u00bb, a-t-elle ajout\u00e9.  \u00a0 Le pays avait sombr\u00e9 dans le chaos en 1992 apr\u00e8s l&rsquo;annulation par le gouvernement du second tour des \u00e9lections l\u00e9gislatives que le parti islamiste \u00e9tait sur le point de remporter. Selon des estimations ind\u00e9pendantes, 200.000 personnes avaient trouv\u00e9 la mort dans les violences qui ont suivi cette d\u00e9cision.  \u00a0 \u00ab\u00a0Il n&rsquo;y a pas assez de cercueils\u00a0\u00bb, avaient alors l&rsquo;habitude de dire les Alg\u00e9riens.  \u00a0 Bien qu&rsquo;ayant consid\u00e9rablement diminu\u00e9 en nombre, les attaques et les attentats men\u00e9s par des insurg\u00e9s li\u00e9s \u00e0 Al Qa\u00efda se sont poursuivis ces derni\u00e8res ann\u00e9es. Le retour d&rsquo;une certaine stabilit\u00e9 a toutefois permis aux Alg\u00e9riens de prendre conscience de leur niveau de vie et de leur m\u00e9contentement grandissant.  \u00a0 A l&rsquo;image de la jeunesse tunisienne et \u00e9gyptienne, ils d\u00e9noncent le ch\u00f4mage, la hausse des prix des produits alimentaires, la corruption, et se demandent pourquoi ils n&rsquo;ont tir\u00e9 aucun profit des milliards de dollars des ressources p\u00e9troli\u00e8res et gazi\u00e8res du pays. \u00a0 Afin d&rsquo;apaiser la col\u00e8re des manifestants et pr\u00e9venir tout risque de sc\u00e9nario \u00ab\u00a0\u00e0 la tunisienne et \u00e0 l&rsquo;\u00e9gyptienne\u00a0\u00bb, le pr\u00e9sident Abdelaziz Bouteflika a promis la semaine derni\u00e8re de lever l&rsquo;\u00e9tat d&rsquo;urgence et a ordonn\u00e9 \u00e0 son gouvernement d&rsquo;adopter des mesures favorables \u00e0 la cr\u00e9ation d&#8217;emplois.  \u00a0 INTERDICTION OFFICIELLE  \u00a0 Des mesures jug\u00e9es insuffisantes par les organisateurs de la manifestation de samedi qui appellent \u00e0 la d\u00e9mission de Bouteflika. \u00a0 \u00ab\u00a0Nous d\u00e9filerons parce que c&rsquo;est notre droit de manifester pacifiquement et c&rsquo;est au gouvernement de nous prot\u00e9ger\u00a0\u00bb, a d\u00e9clar\u00e9 Rachid Malawi, responsable du Syndicat autonome des travailleurs de la fonction publique.  \u00a0 Le 22 janvier dernier, une manifestation non autoris\u00e9e organis\u00e9e par le parti Rassemblement pour la culture et la d\u00e9mocratie (RCD) n&rsquo;\u00e9tait parvenue \u00e0 rassembler qu&rsquo;une poign\u00e9e d&rsquo;Alg\u00e9riens sur la place du 1er mai, au centre de la capitale, en raison d&rsquo;un d\u00e9ploiement important des forces anti-\u00e9meutes et du peu d&rsquo;int\u00e9r\u00eat de la population.  \u00a0 \u00ab\u00a0Nous ne devons jamais oublier qu&rsquo;il n&rsquo;y a pas une seule famille alg\u00e9rienne qui n&rsquo;ait pas \u00e9t\u00e9 touch\u00e9e par le chagrin ces 20 derni\u00e8res ann\u00e9es\u00a0\u00bb, a soulign\u00e9 l&rsquo;avocat et militant des droits de l&rsquo;homme, Mokrane Ait Larbi au quotidien El Watan.  \u00a0 \u00ab\u00a0Nous ferons tout notre possible pour faciliter un changement pacifique et \u00e9viter les bains de sang\u00a0\u00bb, a-t-il ajout\u00e9.  \u00a0 Refl\u00e9tant l&rsquo;opinion publique, les islamistes ont fait savoir qu&rsquo;ils ne participeraient pas au rassemblement de samedi.  \u00a0 \u00ab\u00a0Nous sommes oppos\u00e9s \u00e0 cette marche parce que les organisateurs ne repr\u00e9sentent qu&rsquo;une petite minorit\u00e9 et non le peuple alg\u00e9rien\u00a0\u00bb, a ainsi d\u00e9clar\u00e9 le pr\u00e9dicateur salafiste Cheikh Abdelfateh Zeraoui. \u00a0 \u00ab\u00a0Bouteflika, \u00e7a va, mais le gouvernement doit partir parce qu&rsquo;il n&rsquo;est pas parvenu \u00e0 cr\u00e9er des emplois et \u00e0 r\u00e9soudre les probl\u00e8mes de la jeunesse alg\u00e9rienne.\u00a0\u00bb  \u00a0 Un point de vue partag\u00e9 par Cheikh El Hachelmi Shahmouni, membre fondateur du Front islamique du Salut (FIS), qui a \u00e9galement indiqu\u00e9 qu&rsquo;il ne participerait pas au d\u00e9fil\u00e9 de samedi.  \u00a0 \u00ab\u00a0La jeunesse doit \u00e9viter la confrontation, c&rsquo;est inutile. Elle doit nouer un dialogue avec Bouteflika et ce dernier doit \u00e9couter les jeunes et r\u00e9soudre leurs probl\u00e8mes.\u00a0\u00bb  \u00a0<\/p><\/div>\n<div align=\"justify\">\n<hr\/>\n<\/div>\n<div align=\"justify\"> \u00a0 \u00a0 AFP, le 10 f\u00e9vrier 2011 \u00e0 08h34 GMT <\/div>\n<div align=\"center\"> <strong><\/p>\n<h4 style=\"color: blue;\"><font size=\"3\">L&rsquo;Europe cacophonique et inaudible face au monde arabe<\/font><\/h4>\n<p><\/strong><\/div>\n<div align=\"justify\">\n<hr\/>\n<p> Par Yacine LE FORESTIER  \u00a0 BRUXELLES, 10 Fev 2011 (AFP) &#8211; Les crises tunisienne et \u00e9gyptienne mettent avec cruaut\u00e9 en relief les imperfections d&rsquo;une diplomatie europ\u00e9enne qui loin de parler d&rsquo;une seule voix, comme elle en proclamait l&rsquo;intention avec le trait\u00e9 de Lisbonne, le fait en ordre tr\u00e8s dispers\u00e9 et du coup souvent dans le d\u00e9sert.  \u00ab\u00a0Nous nous sommes dot\u00e9s d&rsquo;une Haute Repr\u00e9sentante\u00a0\u00bb de l&rsquo;UE aux Affaires \u00e9trang\u00e8res, Catherine Ashton, \u00ab\u00a0mais ce sont les Etats membres qui continuent \u00e0 communiquer\u00a0\u00bb et souvent \u00ab\u00a0en ordre dispers\u00e9\u00a0\u00bb, a d\u00e9plor\u00e9 cette semaine le chef de file de la droite au Parlement europ\u00e9en, sa principale force politique, Joseph Daul.  La vague de contestation sur la rive sud de la M\u00e9diterran\u00e9e constitue la premi\u00e8re grave crise internationale que l&rsquo;Europe doit affronter, \u00e0 sa porte de surcro\u00eet, depuis l&rsquo;entr\u00e9e en vigueur du trait\u00e9 de Lisbonne fin 2009. Un texte qui ambitionnait d&rsquo;accro\u00eetre sa visibilit\u00e9 sur la sc\u00e8ne internationale, gr\u00e2ce notamment \u00e0 un tout nouveau service diplomatique.  Le bilan est peu flatteur. La chef de la diplomatie europ\u00e9enne Catherine Asthon, jug\u00e9e au mieux inexp\u00e9riment\u00e9e et peu r\u00e9active, est fustig\u00e9e comme jamais.  Au Parlement europ\u00e9en, on parle d&rsquo;une erreur \u00ab\u00a0de casting\u00a0\u00bb, tandis que les gouvernements peinent \u00e0 dissimuler leur d\u00e9ception \u00e0 son \u00e9gard. Ils ne font toutefois rien pour lui faciliter le travail, multipliant d\u00e9clarations et initiatives sans r\u00e9elle concertation avec elle.  \u00ab\u00a0Il n&rsquo;y a plus de pilote dans l&rsquo;avion\u00a0\u00bb, r\u00e9sume un diplomate europ\u00e9en.  Face \u00e0 une Haute repr\u00e9sentante tr\u00e8s affaiblie, chaque capitale entend jouer sa propre partition.  \u00ab\u00a0La conception que j&rsquo;ai de l&rsquo;Europe, ce n&rsquo;est pas que 27 chefs d&rsquo;Etat et de gouvernement doivent se taire parce que nous avons la chance d&rsquo;avoir Mme Ashton\u00a0\u00bb, a ironis\u00e9 le pr\u00e9sident fran\u00e7ais Nicolas Sarkozy.  La frustration est particuli\u00e8rement grande parmi les \u00ab\u00a0petits\u00a0\u00bb pays de l&rsquo;UE. Ils comptaient sur les nouvelles institutions renforc\u00e9es du trait\u00e9 de Lisbonne pour faire contrepoids aux grandes diplomaties traditionnelles du Vieux continent, fran\u00e7aise et britannique en particulier, et doivent constater que ces derni\u00e8res jouent mod\u00e9r\u00e9ment le jeu.  \u00ab\u00a0L&rsquo;Europe doit parler d&rsquo;une seule voix, la voix de Mme Ashton\u00a0\u00bb, s&rsquo;est f\u00e2ch\u00e9 le Premier ministre belge Yves Leterme.  Le pr\u00e9sident de l&rsquo;Union europ\u00e9enne Herman Van Rompuy, tout autant rel\u00e9gu\u00e9 au second plan, a lui aussi d\u00e9plor\u00e9 les messages \u00ab\u00a0trop dispers\u00e9s\u00a0\u00bb envoy\u00e9s par les Europ\u00e9ens sur l&rsquo;Egypte et la Tunisie.  A peine les 27 dirigeants de l&rsquo;UE avaient-ils d\u00e9cid\u00e9 vendredi lors de leur sommet d&rsquo;envoyer mi-f\u00e9vrier Mme Ashton en visite en Tunisie et en Egypte pour y porter leur parole, que la baronne britannique se faisait griller la politesse par le ministre des Affaires \u00e9trang\u00e8res de son propre pays, William Hague. Il s&rsquo;est rendu sans attendre d\u00e8s mardi \u00e0 Tunis.  Plusieurs autres de ses coll\u00e8gues frappent en coulisses \u00e0 la porte de l&rsquo;Egypte, pour \u00eatre les premiers \u00e0 y aller, souligne un diplomate.  \u00ab\u00a0Dans certaines capitales europ\u00e9ennes, tout le monde n&rsquo;a pas encore compris la nouvelle donne\u00a0\u00bb du trait\u00e9 de Lisbonne, regrette un haut responsable europ\u00e9en sous couvert de l&rsquo;anonymat. \u00ab\u00a0Ce qu&rsquo;il faudrait c&rsquo;est que d&rsquo;autres ministres ne se pr\u00e9cipitent pas dans d&rsquo;autres capitales (de la r\u00e9gion) avant elle. Et pour faire quoi d&rsquo;ailleurs ?\u00a0\u00bb, ajoute-t-il.  Dans une \u00e9tude qu&rsquo;il vient de publier, le Center for European Policy Studies exhorte l&rsquo;UE \u00e0 \u00ab\u00a0se doter d&rsquo;un corps diplomatique de classe mondiale, capable de devenir un acteur de premier plan sur la sc\u00e8ne internationale\u00a0\u00bb, en surmontant le \u00ab\u00a0conservatisme\u00a0\u00bb des chancelleries nationales \u00ab\u00a0qui veulent en rester au statu quo\u00a0\u00bb.  A d\u00e9faut, \u00ab\u00a0on aboutira \u00e0 un diplomatie europ\u00e9enne de plus en plus inutile et obsol\u00e8te\u00a0\u00bb, pr\u00e9vient-il.\u00a0 \u00a0 \u00a0<\/p><\/div>\n<div align=\"justify\">\n<hr\/>\n<\/div>\n<div align=\"justify\"> \u00a0 Associated Press, le 10 f\u00e9vrier 2011 \u00e0 06h18 GMT <\/div>\n<div align=\"center\"> <strong><\/p>\n<h4 style=\"color: blue;\"><font size=\"3\">US intelligence director calls al-Qaida top threat<\/font><\/h4>\n<p><\/strong><\/div>\n<div align=\"center\">\n<hr\/>\n<\/div>\n<div align=\"justify\"> By KIMBERLY DOZIER, AP Intelligence Writer  \u00a0 WASHINGTON (AP) _ Amid criticism that intelligence services missed the signs of Arab revolt in Tunisia and Egypt, the nation&rsquo;s top intelligence official will tell Congress that the threat from al-Qaida and its affiliates remains his No. 1 priority, U.S. officials said. In testimony scheduled Thursday before the House of Representatives Intelligence Committee, Director of National Intelligence James Clapper will stress that counterterrorism to keep Americans safe is the focus of the intelligence community, according to one of those officials, who spoke on condition of anonymity to discuss  matters of intelligence.  Clapper is expected defend how the intelligence community tracked the revolts that have swept through two major American allies in the Arab world, toppling the leader of Tunisia and threatening the regime in Egypt, the officials said.  Lawmakers have questioned whether the focus on al-Qaida and its militant offshoots has weakened the intelligence community&rsquo;s attention toward other parts of the world. The threat assessment hearing is often described as the most important of the year because the director of intelligence lays out the 16 major intelligence agencies&rsquo; priorities. It drives the agenda for the intelligence community and the congressional committees that must decide what issues to tackle and what programs to fund.  For the past two years, Clapper&rsquo;s predecessor, retired Adm. Dennis Blair, faced the lawmakers alone. But Clapper has reverted to the previous practice of bringing other top agency chiefs with him. Sitting shoulder to shoulder with Clapper will be CIA Director Leon Panetta, National Counterterrorism Center Director Michael Leiter, the directors of the Defense Intelligence Agency and the  National Security Agency.  In Blair&rsquo;s last such hearing, he trumpeted cyber-terrorism as the top challenge for the community to tackle. Clapper will revisit cyber terror, as well as stressing the threat of the proliferation of weapons of mass destruction, one official said. But Clapper will focus on the militant threat, just a day after Homeland Security  Secretary Janet Napolitano told the House Homeland Security Committee that the terrorist threat to the United States is at its highest level since the attacks of Sept. 11, 2001.  During the same hearing, Leiter said al-Qaida&rsquo;s offshoot in Yemen is \u00ab\u00a0the most significant risk to the U.S. homeland.\u00a0\u00bb  The threat assessment hearing is also the lawmakers&rsquo; annual opportunity to put their most pressing questions to the top officials in a public setting. This year, the House Intelligence Committee gets the first crack at them, with the Senate going second.  House Intelligence Committee members are expected to ask whether the intelligence community fumbled its analysis of the revolts in Egypt and Tunisia. The lawmakers received a classified briefing Tuesday on Egypt and other \u00ab\u00a0Middle East hotspots,\u00a0\u00bb said a U.S. official who spoke on condition of anonymity to discuss matters of intelligence. The chairwoman of the Senate Intelligence Committee, Democrat Dianne Feinstein, on Tuesday called the Egyptian and Tunisian revolts a \u00ab\u00a0wake-up\u00a0\u00bb for the intelligence community in an interview on MSNBC. Last week, Feinstein and other senators questioned CIA official Stephanie O&rsquo;Sullivan over whether the combined U.S. agencies had provided specific warnings that violence was about to unfold.  O&rsquo;Sullivan said President Barack Obama was warned of instability in Egypt \u00ab\u00a0at the end of last year.\u00a0\u00bb She was speaking at her confirmation hearing to become the deputy director of national intelligence, second in command to Clapper.  The senators pressed O&rsquo;Sullivan to provide a timetable of what intelligence the president was provided and when. The responses will be provided within days, according to an intelligence official, who spoke on condition of anonymity to discuss classified matters.  The hearing will also be a chance for the new House Intelligence Committee chairman, Republican Mike Rogers, to lay out his own priorities. Rogers and the top Democrat, Rep. Dutch Ruppersberger, have said they&rsquo;ll work to tighten oversight of the intelligence community under their watch.  Rogers is a former FBI agent who won credit throughout the intelligence community by visiting far-flung CIA and defense intelligence posts in war zones like Afghanistan. He is credited with championing the expanded use of armed drones by the CIA to target militants in Pakistan&rsquo;s lawless tribal regions.  On Wednesday, the offices of Rogers and Ruppersberger announced their committee had voted unanimously to allow a handful of House appropriations committee members and staff to attend classified briefings and hearings to have them better informed about the programs they&rsquo;re voting to fund.  Both lawmakers also hope to pass a bill this year to pay the intelligence budget. The last such bill, caught in a tug of war between Congress and Bush and Obama officials, took six years to become law.  At the top of Rogers&rsquo; own agenda is a review of the reforms made over the past 10 years to address the intelligence failures that led to the attacks of Sept. 11, 2001, according to a copy of his opening remarks, obtained by The Associated Press.  Rogers says he&rsquo;ll work to extend the Foreign Intelligence Surveillance Act, saying he wants to extend it and \u00ab\u00a0work toward making its tools permanent parts of our arsenal.\u00a0\u00bb  Rogers also calls for legislation to address the legal morass of militant detainee issues, including clarifying who can detain a suspect, where they can be held and how they can be questioned.  \u00ab\u00a0We need a system for intelligence exploitation and long-term detention that is flexible and can endure changing circumstances and court challenges, no matter  where a detainee is picked up in the world,\u00a0\u00bb Rogers says in the prepared remarks.  Rogers says the 25 percent recidivism rate among those released from the U.S. Navy&rsquo;s detention facility for terrorist suspects at Guantanamo Bay, Cuba, is disturbing. \u00ab\u00a0And those are just the ones we know about,\u00a0\u00bb he says, implying that the actual figure might be much higher. <\/div>\n<p><\/font><\/div>\n<div>\u00a0<\/div>\n<p><font face=\"Arial\" size=\"2\"><\/p>\n<div>\n<hr\/>\n<p><font size=\"3\"><b><span lang=\"FR-CH\">\u00a0\u00a0\u00a0\u00a0\u00a0\u00a0\u00a0\u00a0\u00a0\u00a0\u00a0\u00a0\u00a0\u00a0\u00a0\u00a0\u00a0\u00a0\u00a0\u00a0\u00a0\u00a0\u00a0\u00a0\u00a0\u00a0\u00a0\u00a0\u00a0\u00a0\u00a0\u00a0\u00a0\u00a0\u00a0\u00a0\u00a0\u00a0\u00a0\u00a0\u00a0\u00a0\u00a0\u00a0\u00a0\u00a0\u00a0\u00a0\u00a0\u00a0\u00a0\u00a0\u00a0\u00a0\u00a0\u00a0\u00a0\u00a0\u00a0\u00a0\u00a0\u00a0\u00a0\u00a0\u00a0\u00a0\u00a0\u00a0\u00a0\u00a0\u00a0\u00a0\u00a0\u00a0\u00a0\u00a0\u00a0\u00a0\u00a0\u00a0\u00a0\u00a0\u00a0\u00a0\u00a0\u00a0\u00a0\u00a0\u00a0\u00a0\u00a0\u00a0\u00a0\u00a0\u00a0\u00a0\u00a0\u00a0\u00a0\u00a0\u00a0\u00a0\u00a0 Tunisie : les d\u00e9fis de la transition<\/p>\n<hr\/>\n<p><\/span><\/b><\/font><\/div>\n<div>\n<p><b><span lang=\"FR-CH\">\u00a0Par Selim <\/span><\/b><\/p>\n<p><span lang=\"FR-CH\">Plus que jamais, la phase de transition que traverse actuellement la Tunisie est d\u00e9cisive pour l\u2019avenir proche et \u00e0 long terme du pays, et de sa r\u00e9gion par extension. L\u2019ann\u00e9e 2011 nous dira si la Tunisie aura r\u00e9ussi \u00e0 consolider les bases d\u2019un nouveau mod\u00e8le, un mod\u00e8le qui \u00e9viterait aux tunisiens de devoir choisir entre le \u00ab<\/span><span lang=\"ZH-CN\"><font face=\"Times New Roman\">\u3000<\/font><\/span><span lang=\"FR-CH\">b\u00e2ton<\/span><span lang=\"ZH-CN\"><font face=\"Times New Roman\">\u3000<\/font><\/span><span lang=\"FR-CH\">\u00bb et le \u00ab<\/span><span lang=\"ZH-CN\"><font face=\"Times New Roman\">\u3000<\/font><\/span><span lang=\"FR-CH\">croissant<\/span><span lang=\"ZH-CN\"><font face=\"Times New Roman\">\u3000<\/font><\/span><span lang=\"FR-CH\">\u00bb , qui repr\u00e9sentent \u00e0 ce jour les seuls modes de gouvernance connus dans le monde arabe. <\/span><\/p>\n<p><span lang=\"FR-CH\">Les informations, les \u00e9v\u00e8nements et les d\u00e9cisions du gouvernement actuel, qui ne cessent de s\u2019enchainer \u00e0 une vitesse ph\u00e9nom\u00e9nale, rendent difficile toute tentative de prise de recul et d\u2019analyse objective de l\u2019\u00e9volution de la situation. Les maladresses et le manque de communication sur certains sujets de la part des int\u00e9rimaires du gouvernement donnent l\u2019impression qu\u2019ils sont davantage dans l\u2019improvisation que dans le contr\u00f4le de la situation. Ceci n\u2019aide pas les tunisiens \u00e0 avoir plus de visibilit\u00e9, et cr\u00e9\u00e9 ainsi une situation de confusion anxiog\u00e8ne. <\/span><\/p>\n<p><span lang=\"FR-CH\">Les m\u00e9dias et les journalistes, quant \u00e0 eux, ne repr\u00e9sentent toujours pas une source d\u2019informations fiable aux yeux de la majorit\u00e9, non seulement pour la qualit\u00e9 de leurs prestations qui reste en dessous des attentes, mais \u00e9galement pour la r\u00e9putation de m\u00e9dias affili\u00e9s \u00e0 l\u2019ancien r\u00e9gime qu&rsquo;on leur conna\u00eet, ou du moins pour leur manque d\u2019ind\u00e9pendance et d\u2019objectivit\u00e9. <\/span><\/p>\n<p><span lang=\"FR-CH\">La transition est d\u2019autant plus rude pour la Tunisie que les d\u00e9fis auxquels elle doit faire face durant cette phase sont nombreux, difficiles \u00e0 relever, mais pas insurmontables. <\/span><\/p>\n<p><span lang=\"FR-CH\">R\u00e9ussir la transition d\u00e9mocratique d\u00e9pendra d\u2019abord de la capacit\u00e9 des nouveaux gouvernants \u00e0 g\u00e9rer l\u2019impatience de la rue et \u00e0 canaliser les manifestations d\u2019un grand nombre de citoyens qui, m\u00eame s\u2019ils ont des aspirations l\u00e9gitimes dans la majorit\u00e9 des cas, ne peuvent trouver satisfaction imm\u00e9diate \u00e0 leurs revendications mat\u00e9rielles, de vengeance, de justice et de r\u00e9parations de toutes sortes. L\u2019actuel gouvernement n\u2019y arrivera certainement pas seul, et sa capacit\u00e9 \u00e0 relever ce d\u00e9fi d\u00e9pendra de son aptitude \u00e0 travailler en bonne intelligence avec la soci\u00e9t\u00e9 civile qui a un v\u00e9ritable r\u00f4le d\u2019\u00e9coute et d\u2019accompagnement \u00e0 jouer, le temps que les commissions d\u2019enqu\u00eate et que la justice jouent leurs r\u00f4les respectifs. Il est fort probable que ces ph\u00e9nom\u00e8nes de surench\u00e8re et de d\u00e9chainement des passions se prolonge dans le temps si les populations ne re\u00e7oivent pas de r\u00e9ponses rapides et de nature \u00e0 les faire patienter. <\/span><\/p>\n<p><span lang=\"FR-CH\">Le deuxi\u00e8me d\u00e9fi se rapporte \u00e0 la crise de confiance et de l\u00e9gitimit\u00e9 que rencontre actuellement ce gouvernement de transition, le m\u00eame qui est sens\u00e9 entamer le processus de d\u00e9mocratisation du pays par l\u2019organisation d\u2019\u00e9lections dans les prochains mois. La rue tunisienne a montr\u00e9 \u00e0 plusieurs reprises, notamment lors de la constitution de la premi\u00e8re \u00e9quipe gouvernementale et de la nomination des nouveaux gouverneurs, qu\u2019elle s&rsquo;oppose fermement \u00e0 toute forme de continuit\u00e9 avec l\u2019ancien r\u00e9gime. Pris entre deux imp\u00e9ratifs, celui de r\u00e9pondre aux expressions de m\u00e9contentement et de relancer la machine \u00e9tatique pour faire avancer le pays et atteindre son objectif, le gouvernement de transition semble privil\u00e9gier une approche pragmatique en assumant des d\u00e9cisions qui d\u00e9plaisent, et qui parfois sont prises un peu trop rapidement pour faire avancer les choses, tout en donnant des gages de confiance par des actions fortes mais qui restent symboliques si elle ne sont pas concr\u00e9tis\u00e9es, comme la promesse de dissoudre le RCD ou la ratification de conventions internationales importantes sur le volet des droits de l\u2019homme. <\/span><\/p>\n<p><span lang=\"FR-CH\">Le troisi<\/span><span>\u00e8<\/span><span lang=\"FR-CH\">me d<\/span><span>\u00e9<\/span><span lang=\"FR-CH\">fi concerne moins le gouvernement de transition que les (centaines<\/span><span lang=\"ZH-CN\"><font face=\"Times New Roman\">\u3000<\/font><\/span><span lang=\"FR-CH\">de ?) milliers de personnes qui profitaient d<\/span><span>\u2019<\/span><span lang=\"FR-CH\">une fa\u00e7on ou d<\/span><span>\u2019<\/span><span lang=\"FR-CH\">une autre de l<\/span><span>\u2019<\/span><span lang=\"FR-CH\">ancien r<\/span><span>\u00e9<\/span><span lang=\"FR-CH\">gime et qui, du jour au lendemain, se sont retrouv<\/span><span>\u00e9<\/span><span lang=\"FR-CH\">es priv<\/span><span>\u00e9<\/span><span lang=\"FR-CH\">es de leur position sociale, de leurs privil\u00e8ges ou de leur situation de rente. Cette cat\u00e9gorie de personnes, compos\u00e9e de cadres du RCD, de cadres administratifs, d\u2019hommes d\u2019affaires, d\u2019avocats, de juges, de m\u00e9decins, de cadres associatifs, etc. se tait et fait profil bas pour le moment pr\u00e9f\u00e9rant observer le d\u00e9roulement des \u00e9v\u00e8nements. Ces personnes n\u2019ont \u00e0 priori rien \u00e0 gagner d\u2019un changement radical du syst\u00e8me politique en Tunisie. La question est de savoir comment vont-ils r\u00e9agir avec le temps et l\u2019\u00e9volution de la situation du pays : vont-ils finir par se \u00abnormaliser\u00bb ou peuvent-ils resurgir \u00e0 un moment de crise ou d\u2019instabilit\u00e9 travers\u00e9 par le pays pour tenter de retrouver leurs avantages perdus? Seul l\u2019avenir nous le dira\u2026 <\/span><\/p>\n<p><b><span lang=\"FR-CH\">(Source\u00a0: le blog de \u00ab\u00a0Carpediem\u00a0\u00bb (Tunisie), le 09 f\u00e9vrier 2011)<\/span><\/b><span lang=\"FR-CH\"><\/span><\/p>\n<p><b><span lang=\"FR-CH\">Lien\u00a0:<\/span><span lang=\"FR-CH\"><a href=\"http:\/\/carpediem-selim.blogspot.com\/\" target=\"_blank\" rel=\"noopener\"><span>http:\/\/carpediem-selim.blogspot.com\/<\/span><\/a><\/span><\/b><span lang=\"FR-CH\"><\/span><\/p>\n<p><span><\/span><\/p>\n<hr\/>\n<p> \u00a0<\/p>\n<p align=\"center\"><b><span lang=\"FR-CH\">Interview : Questions \u00e0 Michel Camau, professeur \u00e9m\u00e9rite des Universit\u00e9s fran\u00e7aises et grand ami de la Tunisie<\/span><\/b><\/p>\n<p align=\"center\"><b><span dir=\"rtl\" lang=\"AR-SA\"><font size=\"3\">\u201c<\/font><\/span><\/b><font size=\"3\"><b><span lang=\"FR-CH\">La R\u00e9volution tunisienne : une acc\u00e9l\u00e9ration de l\u2019Histoire<\/span><span dir=\"rtl\" lang=\"AR-SA\">\u201d<\/span><\/b><span><\/span><\/font><\/p>\n<hr\/>\n<p>\u00a0<\/p>\n<p><span lang=\"FR-CH\">Entretien conduit par Khaled Guezmir \u2013 <\/span><\/p>\n<p><span lang=\"FR-CH\">Q- Vous \u00e9tiez r\u00e9volt\u00e9 et m\u00eame indign\u00e9 par les atteintes aux droits de l\u2019Homme en Tunisie et la cruaut\u00e9 du g\u00e9n\u00e9ral Ben Ali dans sa r\u00e9pression\u00a0 de l\u2019opposition d\u00e9mocratique et islamique en Tunisie\u2026 Mais pensiez-vous qu\u2019il \u00e9tait possible de mettre fin au despotisme en Tunisie ? Si vite<\/span><span dir=\"rtl\" lang=\"AR-SA\">\u2026<\/span><span lang=\"AR-SA\"><\/span><\/p>\n<p><span dir=\"rtl\" lang=\"AR-SA\">\u00a0<\/span><span lang=\"FR-CH\">R- J\u2019ai essay\u00e9 dans mes \u00e9crits de traduire cette indignation \u00e0 travers\u00a0 une analyse de\u00a0 la domination autoritaire, de ses ressorts nationaux et internationaux. L\u2019ouvrage que j\u2019ai publi\u00e9 avec Vincent Geisser en 2003 (Le syndrome autoritaire), ainsi que des articles ult\u00e9rieurs (comme par exemple, \u00ab Vingt apr\u00e8s. De quoi Ben Ali est-il le nom ? \u00bb) s\u2019inscrivaient dans une telle perspective, o\u00f9 l\u2019approche \u00ab scientifique \u00bb rev\u00eat n\u00e9cessairement une dimension politique : le travail d\u2019objectivation suppose\u00a0 d\u2019appeler un chat un chat<\/span><span dir=\"rtl\" lang=\"AR-SA\">.<\/span><span lang=\"AR-SA\"><\/span><\/p>\n<p><span lang=\"FR-CH\">Si j\u2019avais cru \u00e0 l\u2019impossibilit\u00e9 d\u2019une sortie des ann\u00e9es\u00a0 noires, je n\u2019aurais pu \u00e9crire une seule ligne. N\u00e9anmoins, je dois avouer que j\u2019\u00e9tais loin d\u2019imaginer que le peuple tunisien parvienne en un laps de temps aussi bref \u00e0 chasser Ben Ali, qui incarnait un r\u00e9gime liberticide et corrompu. L\u2019immolation de Mohamed Bouazizi, le \u00ab nous n\u2019avons plus peur ! \u00bb des jeunes et moins jeunes expos\u00e9s \u00e0 la r\u00e9pression sanglante et la vague d\u00e9ferlante d\u00e9bouchant sur le d\u00e9cisif \u00ab d\u00e9gage ! \u00bb ont scand\u00e9, en quatre semaines, une acc\u00e9l\u00e9ration de l\u2019histoire. Celle-ci a pris de courte non seulement la coalition dirigeante mais \u00e9galement\u2026 les analystes. Sans doute, certains d\u2019entre eux avaient-ils entrevu un champ du possible, notamment depuis la r\u00e9volte de Gafsa. Mais plut\u00f4t que d\u2019entrer dans un tel d\u00e9bat, permettez-moi de donner \u00e0 cet entretien un tour plus personnel, faisant place \u00e0 l\u2019\u00e9motion. Durant ces semaines, j\u2019ai pass\u00e9 tout mon temps sur l\u2019Internet en qu\u00eate de nouvelles; j\u2019\u00e9tais dans l\u2019incapacit\u00e9 de me livrer \u00e0 une activit\u00e9 routini\u00e8re et n\u2019avais de cesse que de pouvoir me rendre chez vous en Tunisie. Il me fallait vivre ce moment historique et partager\u00a0 la joie, la fiert\u00e9 et les aspirations de nombreux amis tunisiens<\/span><span dir=\"rtl\" lang=\"AR-SA\">.<\/span><span lang=\"AR-SA\"><\/span><\/p>\n<p><span lang=\"FR-CH\">En effet, j\u2019ai longtemps travaill\u00e9 dans ce pays ; \u00e0 un degr\u00e9 infiniment moindre mais n\u00e9anmoins r\u00e9el j\u2019ai ressenti, durant les ann\u00e9es 1990, ce que les Tunisiens\u00a0 \u00e9prouvaient eux-m\u00eames : l\u2019omnipr\u00e9sence des portraits et de la propagande imposant le silence dans l\u2019espace public, la surveillance polici\u00e8re dans la rue, les h\u00f4tels et les r\u00e9unions, les mises sur \u00e9coute\u2026 Pour tout dire, lorsque je suis revenu chez moi, en France, j\u2019\u00e9tais devenu quelque peu parano\u00efaque, alors m\u00eame que, contrairement \u00e0 beaucoup de Tunisiens, je n\u2019avais personnellement encouru aucun risque s\u00e9rieux<\/span><span dir=\"rtl\" lang=\"AR-SA\">.<\/span><span lang=\"AR-SA\"><\/span><\/p>\n<p><span lang=\"FR-CH\">Q- Pouvez-vous nous situer la R\u00e9volution tunisienne du \u00ab jasmin \u00bb dans le contexte r\u00e9gional et mondial et peut-elle avoir un impact sur les strat\u00e9gies de l\u2019Occident vis-\u00e0-vis du monde arabo-musulman<\/span><span dir=\"rtl\" lang=\"AR-SA\"> ?<\/span><span lang=\"AR-SA\"><\/span><\/p>\n<p><span lang=\"FR-CH\">R- J\u2019\u00e9prouve quelque r\u00e9ticence \u00e0 parler de \u00ab jasmin\u00bb, dont il \u00e9tait question en\u00a0 1987, et qui \u00e9voque plus Sidi Bou-Sa\u00efd que Sidi-Bouzid. Votre question n\u2019en est pas moins importante : elle comporte d\u2019ailleurs deux volets.\u00a0 La \u00ab R\u00e9volution de janvier \u00bb pr\u00e9sente la particularit\u00e9 d\u2019\u00eatre la premi\u00e8re dans la r\u00e9gion maghr\u00e9bine et moyen-orientale \u00e0 poser la question d\u2019un changement de r\u00e9gime et non pas seulement un am\u00e9nagement d\u2019un r\u00e9gime existant. D\u2019autre pays, tel le Maroc, ont connu une \u00ab ouverture d\u00e9mocratique \u00bb par le haut. Ici, c\u2019est un mouvement populaire qui aspire et pousse \u00e0 une transformation en termes de qui gouverne ? Sur quelles bases ? Et au service de qui ? La situation en Egypte pr\u00e9sente quelques similitudes mais s\u2019av\u00e8re plus complexe compte tenu de la configuration de la coalition au pouvoir et de sa relation organique avec l\u2019arm\u00e9e. Pour autant que l\u2019on puisse en juger, elle semble s\u2019orienter vers une \u00ab ouverture d\u00e9mocratique \u00bb. En Tunisie,\u00a0 la conjoncture s\u2019av\u00e8re plus fluide si l\u2019on consid\u00e8re les concessions successives du gouvernement transitoire. Toutefois rien n\u2019est encore jou\u00e9. La libert\u00e9 d\u2019expression est d\u00e9j\u00e0 une conqu\u00eate inestimable. Mais elle ne constitue qu\u2019un premier pas. La r\u00e9volution dans un seul pays ? L\u2019interrogation n\u2019est pas d\u00e9pourvue de lien avec le second volet de votre question. les USA et les pays europ\u00e9ens sont confront\u00e9s aux contradictions de leurs strat\u00e9gies, \u00e9cartel\u00e9s entre la promotion de la d\u00e9mocratie et la recherche de la stabilit\u00e9. En eux-m\u00eames, les deux termes ne sont pas incompatibles ; bien plus, il est permis de consid\u00e9rer que la stabilit\u00e9 passe par la d\u00e9mocratisation. Tout le probl\u00e8me vient de ce que les puissances sont enclines \u00e0 consid\u00e9rer que la d\u00e9mocratisation, dans un premier temps, peut menacer la stabilit\u00e9. Du moins, jouent-elles dans le sens de \u00ab l\u2019ouverture d\u00e9mocratique \u00bb, autrement dit, l\u2019am\u00e9nagement des r\u00e9gimes et non le changement de r\u00e9gimes. Encore convient-il de distinguer entre l\u2019Egypte et la Tunisie. Dans un cas, les puissances ont pour nom les USA et dans l\u2019autre l\u2019Union europ\u00e9enne ; L\u2019Egypte comme on le sait, est un pivot strat\u00e9gique dans la politique des USA au Moyen-orient. La relation avec Isra\u00ebl et la Palestine en constitue l\u2019un des principaux enjeux et \u00e0 ce titre, du point de vue am\u00e9ricain, une limite infranchissable par \u00ab l\u2019ouverture d\u00e9mocratique \u00bb. En la mati\u00e8re, l\u2019Europe se contente de suivre. Il en va diff\u00e9remment pour le Maghreb en g\u00e9n\u00e9ral et la Tunisie en particulier, qui constituent une zone de proximit\u00e9 de l\u2019Union europ\u00e9enne. Ainsi, que j\u2019ai d\u00e9j\u00e0 eu l\u2019occasion de l\u2019\u00e9crire, l\u2019Union n\u2019a cess\u00e9 de faire pr\u00e9valoir ses pr\u00e9occupations s\u00e9curitaires li\u00e9es \u00e0 l\u2019islamisme politique, au terrorisme\u00a0 et \u00e0 la pression migratoire subsaharienne. Les coop\u00e9rations en ces domaines avec la rive sud de la M\u00e9diterran\u00e9e se sont traduites par la mise en place d\u2019un r\u00e9gime transnational de surveillance, propice \u00e0 la long\u00e9vit\u00e9 des autoritarismes. C\u2019est toute sa strat\u00e9gie de voisinage avec le Maghreb que l\u2019Union europ\u00e9enne devra reconsid\u00e9rer si elle est v\u00e9ritablement d\u00e9sireuse de voir la d\u00e9mocratie s\u2019\u00e9panouir en Tunisie et\u00a0 dans les pays limitrophes, dont d\u00e9pend en partie\u00a0 son approvisionnement \u00e9nerg\u00e9tique<\/span><span dir=\"rtl\" lang=\"AR-SA\">.<\/span><span lang=\"AR-SA\"><\/span><\/p>\n<p><span lang=\"FR-CH\">Q &#8211; Que doivent faire\u00a0 \u00e0 votre avis la France et l\u2019Europe pour (j\u2019allais dire se racheter) aider la Tunisie dans ces moments si difficiles pour la reprise \u00e9conomique<\/span><span dir=\"rtl\" lang=\"AR-SA\"> ?<\/span><span lang=\"AR-SA\"><\/span><\/p>\n<p><span lang=\"FR-CH\">R \u2013 L\u2019une des premi\u00e8res choses \u00e0 faire, et cela semble en bonne voie, est la reconnaissance du \u00ab statut avanc\u00e9 \u00bb de partenariat que l\u2019Union europ\u00e9enne n\u00e9gociait d\u00e9j\u00e0 avec le gouvernement Ben Ali. Simultan\u00e9ment, la Tunisie est en droit d\u2019attendre une aide consistante pour aborder de front les probl\u00e8mes cruciaux du d\u00e9veloppement r\u00e9gional et du ch\u00f4mage des jeunes. Une telle aide ne se r\u00e9sume pas \u00e0 la dimension financi\u00e8re, condition n\u00e9cessaire mais non suffisante. Elle suppose\u00a0 \u00e9galement une remise en cause d\u2019une conception de la d\u00e9mocratie et de la \u00ab gouvernance \u00bb qui postule une r\u00e9duction du r\u00f4le de l\u2019Etat. Pour prendre \u00e0 bras le\u00a0 corps les probl\u00e8mes la logique du march\u00e9 a montr\u00e9 ses limites. Une intervention soutenue de l\u2019Etat, d\u2019un Etat d\u00e9mocratique, est indispensable<\/span><span dir=\"rtl\" lang=\"AR-SA\">.<\/span><span lang=\"AR-SA\"><\/span><\/p>\n<p><span lang=\"FR-CH\">Q &#8211; Tout le monde parle du danger \u00ab islamiste \u00bb mais personne par peur d\u2019\u00eatre\u00a0 tax\u00e9 d\u2019antis\u00e9mite ne parle d\u2019Isra\u00ebl et de sa politique agressive d\u2019occupation ill\u00e9gale\u00a0 et ill\u00e9gitime de la Palestine depuis 1947, qui nourrit bien des sentiments de frustration et pousse \u00e0 l\u2019adh\u00e9sion des jeunes du monde arabe aux mouvements islamistes\u2026 Qu\u2019en pensez-vous<\/span><span dir=\"rtl\" lang=\"AR-SA\"> ?<\/span><span lang=\"AR-SA\"><\/span><\/p>\n<p><span lang=\"FR-CH\">R \u2013 La question isra\u00e9lo-palestinienne s\u2019av\u00e8re\u00a0 effectivement le point aveugle de la politique des puissances occidentales. De mani\u00e8re caricaturale, je dirais que l\u2019Union europ\u00e9enne finance des projets en Palestine,\u00a0 que l\u2019aviation isra\u00e9lienne bombarde, sans que les dirigeants europ\u00e9ens n\u2019osent \u00e9lever le ton. Sur cette question, ils sont \u00e0 la tra\u00eene des USA, qui se montrent dans l\u2019incapacit\u00e9 de peser sur la politique isra\u00e9lienne. Les reculs de l\u2019administration Obama sont r\u00e9v\u00e9lateurs de cette impuissance. Le gouvernement isra\u00e9lien se livre \u00e0 une mainmise sur J\u00e9rusalem, \u00e0 un mitage du territoire de la Cisjordanie et au si\u00e8ge de la bande de Gaza sans rencontrer de v\u00e9ritable r\u00e9sistance de la part des puissances. Il est certain que cette situation ne peut nourrir le d\u00e9sespoir, l\u2019indignation et la d\u00e9nonciation du double langage des Etats d\u00e9mocratiques tant chez les Palestiniens que les jeunesses arabes. Comment expliquer ce point aveugle ? Sans doute, le continent europ\u00e9en ne s\u2019est-il pas remis d\u2019avoir \u00e9t\u00e9 le th\u00e9\u00e2tre du g\u00e9nocide du peuple juif. Plus exactement, ses dirigeants sont sensibles aux amalgames entre toute critique de la politique isra\u00e9lienne et l\u2019antis\u00e9mitisme. Mais il convient d\u2019\u00e9viter toute g\u00e9n\u00e9ralisation. Dans les Etats europ\u00e9ens et au sein de leurs diplomaties, la ligne de conduite isra\u00e9lienne n\u2019est pas exempte de critiques. Mais en tout \u00e9tat de cause l\u2019Europe ne p\u00e8se que peu de poids au Proche-Orient, s\u2019alignant peu ou prou sur les USA et s\u2019en remettant \u00e0 ceux-ci pour la prise d\u2019initiatives. Les Etats-Unis ont tout int\u00e9r\u00eat \u00e0 un r\u00e8glement de la question isra\u00e9lo-palestinienne qui entrave leurs relations avec l\u2019ensemble de la r\u00e9gion. Mais \u00e0 bien des \u00e9gards cette question interf\u00e8re avec leur politique int\u00e9rieure. Le pr\u00e9sident doit compter avec les Congr\u00e8s o\u00f9 toute inflexion est passible de critiques au nom de la \u00ab s\u00e9curit\u00e9 \u00bb d\u2019Isra\u00ebl. L\u2019accent donn\u00e9 par le gouvernement isra\u00e9lien \u00e0 la \u00ab menace iranienne \u00bb n\u2019est pas de nature \u00e0 y favoriser des avanc\u00e9es<\/span><span dir=\"rtl\" lang=\"AR-SA\">.<\/span><\/p>\n<p><span lang=\"FR-CH\">Q- Isra\u00ebl a-t-il int\u00e9r\u00eat \u00e0 faire la paix maintenant<\/span><span dir=\"rtl\" lang=\"AR-SA\">?<\/span><\/p>\n<p><span lang=\"FR-CH\">Tr\u00e8s certainement, et ce d\u2019un double point de vue d\u00e9mographique et politique. La d\u00e9mographie joue \u00e0 l\u2019encontre d\u2019un \u00ab Grand Isra\u00ebl \u00bb. Si Isra\u00ebl veut conserver son peuplement majoritaire juif, il lui faudra bien renoncer aux Territoires. La seule alternative serait un Etat binational, sauf \u00e0 cantonner la population palestinienne dans un statut de seconde zone. Bien des Isra\u00e9liens en sont conscients, qui ont fait de \u00ab la paix maintenant \u00bb leur mot d\u2019ordre. Si l\u2019on en juge d\u2019apr\u00e8s les r\u00e9sultats \u00e9lectoraux, ils ne sont pas majoritaires. Et pourtant, le temps presse, si la politique d\u2019annexion se poursuit, il n\u2019y aura bient\u00f4t plus d\u2019espace pour un Etat palestinien viable et vivable. L\u2019id\u00e9e de \u00ab l\u2019encerclement \u00bb qui inspire une grande partie de la classe politique isra\u00e9lienne risquera\u00a0 alors de s\u2019av\u00e9rer une proph\u00e9tie auto-r\u00e9alisatrice, lourde de cons\u00e9quences catastrophiques pour les peuples de la r\u00e9gion<\/span><span dir=\"rtl\" lang=\"AR-SA\">.<\/span><span lang=\"AR-SA\"><\/span><\/p>\n<p><span lang=\"FR-CH\">Q- Un mot pour la fin : que conseillez-vous aux Tunisiens pour faire en sorte que la d\u00e9mocratie soit irr\u00e9versible<\/span><span dir=\"rtl\" lang=\"AR-SA\"> ?<\/span><span lang=\"AR-SA\"><\/span><\/p>\n<p><span lang=\"FR-CH\">R &#8211; Je ne vois pas au nom de quoi je serais habilet\u00e9 \u00e0 donner des \u00ab conseils \u00bb aux Tunisiens. Non seulement, je n\u2019ai aucun titre \u00e0 faire pr\u00e9valoir en cette mati\u00e8re mais encore ils n\u2019ont pas besoin de conseils. Tout au plus, puis-je \u00e9mettre une opinion, qui n\u2019engage que moi. Je pense que la fuite de Ben Ali et autres Trabelsi a \u00e9t\u00e9 un grand moment plus que salutaire. Le temps de la justice viendra pour d\u00e9cider des qualifications et responsabilit\u00e9s p\u00e9nales. Mais la focalisation sur les m\u00e9faits d\u2019un individu et de ses acolytes pourrait, si l\u2019on n\u2019y prend garde, s\u2019av\u00e9rer l\u2019arbre qui cache la for\u00eat. Si j\u2019ai bien compris, c\u2019est \u00e0 un changement de r\u00e9gime qu\u2019aspire la majorit\u00e9 des Tunisiens, au-del\u00e0 de la mise \u00e0 l\u2019\u00e9cart d\u2019un satrape et des acolytes. Une constellation de pouvoirs ne se r\u00e9sume pas \u00e0 une t\u00eate et \u00e0 des hommes ou femmes mais met \u00e9galement en jeu des formes de relations sociales et politiques, pour ainsi dire des \u00ab choses<\/span><span dir=\"rtl\" lang=\"AR-SA\"> \u00bb <\/span><\/p>\n<p><span lang=\"FR-CH\">K.G<span dir=\"rtl\"> <\/span><\/span><\/p>\n<p><span lang=\"FR-CH\">NB : Michel Camau a v\u00e9cu de pr\u00e8s la r\u00e9volution tunisienne, il vient de participer \u00e0 une table ronde \u00e0 l\u2019Institut de Recherche sur le Maghreb Contemporain <\/span><\/p>\n<p><span dir=\"rtl\" lang=\"AR-SA\">&#8212;&#8212;&#8212;&#8212;&#8212;&#8212;&#8212;&#8212;&#8212;&#8211;<\/span><span lang=\"AR-SA\"><\/span><\/p>\n<p><b><i><span lang=\"FR-CH\">Qui est Michel Camau<\/span><span dir=\"rtl\" lang=\"AR-SA\"> ? <\/span><\/i><\/b><\/p>\n<p><i><span lang=\"FR-CH\">Michel Camau est professeur \u00e9m\u00e9rite des Universit\u00e9s (science politique) fran\u00e7aises<\/span><\/i><span lang=\"FR-CH\"><\/span><\/p>\n<p><i><span lang=\"FR-CH\">Il a dirig\u00e9 l\u2019Institut d\u2019Etudes et de Recherches sur le Monde arabe et musulman (IREMAM) d\u2019Aix-en-Provence et l\u2019Institut de Recherche sur le Maghreb Contemporain (IRMC) de Tunis<\/span><span dir=\"rtl\" lang=\"AR-SA\">.<\/span><\/i><\/p>\n<p><i><span lang=\"FR-CH\">Ses travaux portent sur la question de l\u2019autoritarisme et de la d\u00e9mocratie, ainsi que sur ses occurrences dans le monde arabe<\/span><span dir=\"rtl\" lang=\"AR-SA\">.<\/span><\/i><span lang=\"AR-SA\"><\/span><\/p>\n<p><i><span lang=\"FR-CH\">Parmi ses ouvrages<\/span><span dir=\"rtl\" lang=\"AR-SA\"> : <\/span><\/i><\/p>\n<p><i><span lang=\"FR-CH\">Michel Camau, Gilles Massardier, dir. D\u00e9mocraties et autoritarismes. Fragmentation et hybridation des r\u00e9gimes, Paris, Karthala, 2009<\/span><span dir=\"rtl\" lang=\"AR-SA\">.<\/span><\/i><\/p>\n<p><i><span lang=\"FR-CH\">Michel Camau, Vincent Geisser, dir., Habib Bourguiba, La trace et l\u2019h\u00e9ritage, Paris, Karthala, 2004<\/span><span dir=\"rtl\" lang=\"AR-SA\">.<\/span><\/i><\/p>\n<p><i><span lang=\"FR-CH\">Michel Camau, Vincent Geisser, Le Syndrome autoritaire. Politique en Tunisie de Bourguiba \u00e0 Ben Ali, Paris Presses de Sciences-Pro, 2003<\/span><span dir=\"rtl\" lang=\"AR-SA\">.<\/span><\/i><\/p>\n<p><i><span lang=\"FR-CH\">Michel Camau, dir., Sciences Sociales, Sciences Morales ? Pratiques et itin\u00e9raires de recherche. Tunis, IRMC- Alif les Editions de la M\u00e9diterran\u00e9e, 1995<\/span><\/i><span lang=\"FR-CH\"><\/span><\/p>\n<p><i><span lang=\"FR-CH\">Michel Camau, H\u00e9di Za\u00efem, Hajer Bahri, Etat de Sant\u00e9. Besoin m\u00e9dical et enjeux politiques en Tunisie, Paris, Editions du CNRS, 1990 (collection Soci\u00e9t\u00e9s arabes et musulmanes<\/span><span dir=\"rtl\" lang=\"AR-SA\">).<\/span><\/i><span lang=\"AR-SA\"><\/span><\/p>\n<p><i><span lang=\"FR-CH\">Michel Camau, La Tunisie- Paris, Presses Universitaires de France, 1989 (Collection Que sais-je<\/span><span dir=\"rtl\" lang=\"AR-SA\"> ?) <\/span><\/i><\/p>\n<p><i><span lang=\"FR-CH\">Michel Camau, dir., Tunisie au Pr\u00e9sent. Une modernit\u00e9 au-dessus de tout soup\u00e7on ?, Paris, Editions du CNRPS, 1987 (collection Connaissance du Monde Arabe<\/span><span dir=\"rtl\" lang=\"AR-SA\">)<\/span><\/i><span lang=\"AR-SA\"><\/span><\/p>\n<p><i><span lang=\"FR-CH\">Michel Camau, Fadila Amrani, Rafa\u00e2 Ben Achour, Contr\u00f4le Politique et R\u00e9gulations Electorales en Tunisie, Tunis\/Aix-en-provence : CERP\/Edisud, 1981<\/span><span dir=\"rtl\" lang=\"AR-SA\">.<\/span><\/i><span lang=\"AR-SA\"><\/span><\/p>\n<p><i><span lang=\"FR-CH\">Michel Camau, Pouvoir et institutions au Maghreb, Tunis, C\u00e9r\u00e8s Editions, 1978 (Collection Horizon Maghr\u00e9bin)<\/span><span dir=\"rtl\" lang=\"AR-SA\">.<\/span><\/i><span lang=\"AR-SA\"><\/span><\/p>\n<p><b><span lang=\"FR-CH\">(Source\u00a0: \u00ab\u00a0Le Temps\u00a0\u00bb (Quotidien \u2013 Tunis), le 10 f\u00e9vrier 2011)<\/span><\/b><span lang=\"FR-CH\"><\/span><\/p>\n<p><span dir=\"rtl\" lang=\"AR-SA\"><\/span><\/p>\n<hr\/>\n<p> \u00a0<\/p>\n<p align=\"center\"><font size=\"3\"><b><span lang=\"FR-CH\">Tunisie. Ennahdha est-il un ennemi de la d\u00e9mocratie\u00a0? <\/span><\/b><\/font><\/p>\n<hr\/>\n<p>\u00a0<\/p>\n<p><span lang=\"FR-CH\">Amel Benammar Elgaaied<span dir=\"rtl\"> <\/span><\/span><\/p>\n<p><i><span lang=\"FR-CH\">Dans cette tribune, Amel Benammar Elgaaied, professeur universitaire, \u00e9met des doutes sur les vell\u00e9it\u00e9s d\u00e9mocratiques du mouvement islamiste Ennahdha et exige de ses leaders plus que des d\u00e9clarations d\u2019intention<\/span><span dir=\"rtl\" lang=\"AR-SA\">.<\/span><span dir=\"rtl\" lang=\"AR-SA\"><\/span><\/i><\/p>\n<p><span lang=\"FR-CH\">Je suis une simple citoyenne d\u2019un certain \u00e2ge et n\u2019appartiens \u00e0 aucun parti politique. Tout comme chaque tunisien aujourd\u2019hui, j\u2019ai un avis sur la politique sans plus<\/span><span dir=\"rtl\" lang=\"AR-SA\">.<\/span><\/p>\n<p><span lang=\"FR-CH\">Mais l\u2019interview de Rached Ghanouchi, il y a quelques jours, sur la cha\u00eene Nessma TV m\u2019a fait sortir de mes gonds. Je ne sais pas quel jeu joue cette cha\u00eene pour nous faire avaler l\u2019impensable. Ce monsieur s\u2019est pr\u00e9sent\u00e9 comme un d\u00e9mocrate ami de la r\u00e9volution et respectueux des droits des femmes. Quelle hypocrisie<\/span><span dir=\"rtl\" lang=\"AR-SA\">!<\/span><span lang=\"AR-SA\"><\/span><\/p>\n<p><span lang=\"FR-CH\">Il ne suffit pas de se d\u00e9clarer islamiste mod\u00e9r\u00e9 <\/span><\/p>\n<p><span lang=\"FR-CH\">On se pose la question si le journaliste qui a r\u00e9alis\u00e9 l\u2019interview est un sympathisant d\u2019Ennahdha ou d\u2019une grande incomp\u00e9tence. Les questions \u00e9taient soft et aucune qui f\u00e2che comme le port du voile et de la burqua, la charia, le terrorisme au nom de l\u2019islam, le travail des femmes, l\u2019adoption, bref la conception des islamistes de la vie familiale, sociale et \u00e9conomique, n\u2019a pas \u00e9t\u00e9 abord\u00e9e<\/span><span dir=\"rtl\" lang=\"AR-SA\">.<\/span><\/p>\n<p><span lang=\"FR-CH\">Il ne suffisait pas de dire nous voulons un islamisme mod\u00e9r\u00e9, il fallait se d\u00e9marquer et m\u00eame d\u00e9noncer toutes ces atteintes \u00e0 la libert\u00e9, \u00e0 la dignit\u00e9 humaine et \u00e0 la vie au nom de l\u2019islam<\/span><span dir=\"rtl\" lang=\"AR-SA\">.<\/span><span lang=\"AR-SA\"><\/span><\/p>\n<p><span lang=\"FR-CH\">Jouer uniquement sur le sentiment religieux sans aborder ces questions est fonci\u00e8rement malhonn\u00eate, parce qu\u2019il y a une volont\u00e9 de tromper le peuple sur les v\u00e9ritables enjeux et intentions, l\u2019objectif ultime \u00e9tant d\u2019attirer des sympathisants pour atteindre le pouvoir que le mouvement Ennahdha brigue sans s\u2019en cacher<\/span><span dir=\"rtl\" lang=\"AR-SA\">.<\/span><\/p>\n<p><span lang=\"FR-CH\">Se pr\u00e9senter aussi comme victime, pour se donner une l\u00e9gitimit\u00e9 et r\u00e9cup\u00e9rer les avantages d\u2019une r\u00e9volution \u00e0 laquelle le mouvement islamiste n\u2019a aucunement particip\u00e9, rel\u00e8ve d\u2019un manque de d\u00e9cence \u00e9vident<\/span><span dir=\"rtl\" lang=\"AR-SA\">.<\/span><span lang=\"AR-SA\"><\/span><\/p>\n<p><span lang=\"FR-CH\">Martyrs ou bourreaux de la libert\u00e9<\/span><span dir=\"rtl\" lang=\"AR-SA\">?<\/span><span lang=\"AR-SA\"><\/span><\/p>\n<p><span lang=\"FR-CH\">Bien s\u00fbr, nous savons que les islamistes ont \u00e9t\u00e9 emprisonn\u00e9s et tortur\u00e9s, et par principe, il faut d\u00e9noncer ceci au nom de la libert\u00e9 d\u2019expression et du droit \u00e0 la dignit\u00e9 de chacun. Mais si ceci est notre attitude face aux islamistes, il n\u2019est pas dit qu\u2019eux\u00a0 respecteraient ces principes s\u2019ils avaient le moindre pouvoir<\/span><span dir=\"rtl\" lang=\"AR-SA\">.<\/span><\/p>\n<p><span lang=\"FR-CH\">Il est de notre devoir de faire parvenir notre voix pour dire que nous devons consid\u00e9rer les islamistes comme les ennemis de la d\u00e9mocratie. Pour les jeunes qui n\u2019ont pas v\u00e9cu durant les ann\u00e9es 80, nous devons dire que certains islamistes promettaient la mort \u00e0 ceux qui ne partageaient pas leur id\u00e9ologie et qu\u2019ils consid\u00e9raient de gauche ou ath\u00e9es. Nous devons aussi dire que les points essentiels de leur mouvement sont relatifs aux femmes qu\u2019 ils ne voit au fond que comme un objet de plaisir et de d\u00e9sir \u00e0 un point tel qui rel\u00e8ve de l\u2019obsession sexuelle<\/span><span dir=\"rtl\" lang=\"AR-SA\">.<\/span><\/p>\n<p><span lang=\"FR-CH\">C\u2019est parce-que les Tunisiens se sont sentis menac\u00e9s dans leur droits les plus \u00e9l\u00e9mentaires par l\u2019id\u00e9ologie int\u00e9griste qu\u2019ils ont accept\u00e9 le pouvoir de Ben Ali. Ceux de mon \u00e2ge, qui \u00e9taient un tant soit peu inform\u00e9s, savaient que Ben Ali encore ministre de l\u2019Int\u00e9rieur \u00e9tait loin d\u2019\u00eatre un ange. Lorsqu\u2019il a pris le pouvoir, j\u2019ai \u00e9t\u00e9 de ceux qui disaient que nous allions donner une carte de blanche pour la dictature. Mais c\u2019\u00e9tait \u00e7a ou l\u2019int\u00e9grisme et les Tunisiens ont pr\u00e9f\u00e9r\u00e9 accepter une des pires dictatures de ce si\u00e8cle \u00e0 l\u2019id\u00e9ologie int\u00e9griste. Et pour cela en tant que Tunisienne, je ne peux vous le pardonner<\/span><span dir=\"rtl\" lang=\"AR-SA\">.<\/span><span lang=\"AR-SA\"><\/span><\/p>\n<p><span lang=\"FR-CH\">Alors, assumez devant l\u2019histoire l\u2019impact n\u00e9faste de votre mouvement sur notre peuple et limitez vous maintenant \u00e0 vos pri\u00e8res. Vous en avez bien besoin pour laver les p\u00e9ch\u00e9s que vous avez commis l\u2019encontre des Tunisiens et des Tunisiennes et contre le progr\u00e8s de notre pays<\/span><span dir=\"rtl\" lang=\"AR-SA\">.<\/span><span lang=\"AR-SA\"><\/span><\/p>\n<p><b><span lang=\"FR-CH\">(Source\u00a0: \u00ab\u00a0Kapitalis.com\u00a0\u00bb (Tunis), le 10 f\u00e9vrier 2011)<\/span><\/b><span lang=\"FR-CH\"><\/span><\/p>\n<p><strong>Lien\u00a0:<\/strong><a href=\"http:\/\/www.kapitalis.com\/fokus\/62-national\/2634-tunisie-ennahdha-est-il-un-ennemi-de-la-democratie-.html\" target=\"_blank\" rel=\"noopener\"><span><strong>http:\/\/www.kapitalis.com\/fokus\/62-national\/2634-tunisie-ennahdha-est-il-un-ennemi-de-la-democratie-.html<\/strong><\/span><\/a><span lang=\"FR-CH\"><strong><font>\u00a0\u00a0\u00a0\u00a0<\/font><\/strong><\/span><\/p>\n<\/div>\n<div>\n<hr\/>\n<\/div>\n<div>\n<p align=\"center\"><b><span lang=\"FR\">Tunisie: pr\u00e9cisions suite \u00e0 l&rsquo;article sur Marouane Mabrouk <\/span><\/b><\/p>\n<hr\/>\n<p>\u00a0<\/p>\n<p><span lang=\"FR\">Par <b>MOHAMED HAMZA LAKHOUA<\/b><\/span><\/p>\n<p><span lang=\"FR\">Espace Manager a \u00e9t\u00e9 censur\u00e9 en Tunisie le 25 d\u00e9cembre 2010 et n&rsquo;a retrouv\u00e9 sa libert\u00e9 que le 13 janvier 2011 vers 21 heures, soit une demi-heure apr\u00e8s le dernier discours de l&rsquo;ancien Pr\u00e9sident Ben Ali.  Depuis le 14 janvier 2011, Espace Manager a non seulement \u00e9t\u00e9 lib\u00e9r\u00e9 de la censure mais avait aussi la possibilit\u00e9 d&rsquo;aller dans le sens de la stigmatisation de la famille r\u00e9gnante (c&rsquo;\u00e9tait la tendance et \u00e7a l&rsquo;est encore) chose que nous avons refus\u00e9, \u00e9vitant ainsi de nourrir les fantasmes populaires.  Seulement voil\u00e0, en acceptant de publier un article intitul\u00e9 \u00ab<a href=\"http:\/\/www.espacemanager.com\/politique\/marouane-mabrouk-aurait-ramene-un-conseiller-en-communication-a-ben-ali.html\" target=\"_blank\" rel=\"noopener\"><strong><span>Marouane Mabrouk aurait ramen\u00e9 un conseiller en communication \u00e0 Ben Ali<\/span><\/strong><\/a> \u00bb je me rends compte que Espace Manager est tomb\u00e9 aussi bas que ceux qui insultent \u00e0 tort et \u00e0 travers la famille r\u00e9gnante.  Bien que le contenu de l\u2019article soit sans \u00e9quivoque (tenant sa source de Mediapart) expliquant que Ben Ali fut conseill\u00e9 par M. Hakim El Karoui pendant les derniers jours de son r\u00e8gne, le titre choisi \u00e9tait provoquant voire m\u00eame m\u00e9chant.  Pour dire vrai, ce n\u2019\u00e9tait pas du tout notre intention d\u2019\u00eatre m\u00e9chant, et peut-\u00eatre que la course \u00e0 l&rsquo;audience y \u00e9tait un peu pour quelque chose, mais ne pouvait en aucun cas justifier ce comportement irresponsable dont j&rsquo;ai fait preuve en acceptant la publication de ce papier avec un tel titre.   Une manchette qui pourrait porter pr\u00e9judice \u00e0 M. Marouane Mabrouk ainsi qu&rsquo;\u00e0 tout le groupe Mabrouk.  En effet, depuis la chute du r\u00e9gime Ben Ali, le groupe Mabrouk, comme un certain nombre d\u2019autres groupes, est attaqu\u00e9 de partout pour la seule et unique raison que l&rsquo;un de ses actionnaires, en l&rsquo;occurrence Marouane Mabrouk, est mari\u00e9 \u00e0 la fille de Ben Ali. \u00a0  A ce propos Je profite de ce papier pour m&rsquo;excuser aupr\u00e8s de tout le groupe Mabrouk qui, rappelons-le, a fait ses preuves bien avant l&rsquo;arriv\u00e9e de Ben Ali au pouvoir.  Enfin, je tenais \u00e0 pr\u00e9ciser que je ne me serais jamais excus\u00e9 si Ben Ali \u00e9tait encore au pouvoir et me serais limit\u00e9 \u00e0 d\u00e9publier l&rsquo;article. Autre remarque importante, et dans un r\u00e9flexe d&rsquo;autocensure auquel nous \u00e9tions habitu\u00e9 (et sans que personne ne nous fasse pression) nous avons d\u00e9publi\u00e9 l&rsquo;article pendant quelques heures avant de le republier (en changeant le titre provocateur).   Quant \u00e0 ce Mea Culpa, nous rassurons nos chers lecteurs que cette d\u00e9marche est totalement ind\u00e9pendante et n&rsquo;a rien avoir avec des \u00e9ventuels contrats publicitaires avec le groupe Mabrouk. Croyez-moi, JE NE VENDRAI JAMAIS MON AME NI MES VALEURS.<\/span><\/p>\n<p><b><span lang=\"FR\">Source\u00a0: \u00ab\u00a0Espace Manager\u00a0\u00bb Le 10-02-2011<\/span><\/b><\/p>\n<div>\n<p><b><span lang=\"FR\">Lien\u00a0:<a href=\"http:\/\/www.espacemanager.com\/chroniques\/tunisie-precisions-suite-a-l-article-sur-marouane-mabrouk.html\" target=\"_blank\" rel=\"noopener\">http:\/\/www.espacemanager.com\/chroniques\/tunisie-precisions-suite-a-l-article-sur-marouane-mabrouk.html<\/a><\/span><\/b><\/p>\n<\/div>\n<p align=\"center\"><b><span lang=\"FR\">Quel avenir pour la Tunisie ? <\/span><\/b><\/p>\n<hr\/>\n<p>\u00a0<\/p>\n<p><span lang=\"FR\">INTERVIEW &#8211; Mohamed-Ch\u00e9rif Ferjani, politologue, sp\u00e9cialiste de l&rsquo;Islam et du monde arabe tente de r\u00e9pondre \u00e0 cette question pour <i>Lyon Capitale<\/i>. N\u00e9 en Tunisie, il est professeur \u00e0 l&rsquo;Universit\u00e9 Lyon 2, chercheur \u00e0 la Maison de l&rsquo;Orient et de la M\u00e9diterran\u00e9e. Ancien prisonnier politique en Tunisie de 1975 \u00e0 1980, il est membre fondateur de la section tunisienne d&rsquo;Amnesty International. Lundi 7 f\u00e9vrier, il donnait une conf\u00e9rence \u00e0 l&rsquo;Universit\u00e9 Lyon 3 sur le th\u00e8me : \u00ab\u00a0La Tunisie aujourd&rsquo;hui et demain ?\u00a0\u00bb.<\/span><\/p>\n<p><span lang=\"FR\">Lyon Capitale : Quel est votre point de vue sur les \u00e9v\u00e9nements qui se sont d\u00e9roul\u00e9s r\u00e9cemment en Tunisie ?<\/span><\/p>\n<p><span lang=\"FR\">Pour moi, ce qui se passe en Tunisie est un \u00e9v\u00e9nement historique important qui suscite beaucoup d&rsquo;espoir pour les Tunisiens et pour toute la rive Sud de la M\u00e9diterran\u00e9e, voire le reste du monde. C\u2019est d\u2019autant plus important que tout le monde, en Tunisie comme ailleurs, a int\u00e9gr\u00e9 l\u2019id\u00e9e que le syst\u00e8me de Ben Ali \u00e9tait trop fort pour \u00eatre renvers\u00e9. C&rsquo;est donc un grand soulagement pour le peuple tunisien.\u00a0<\/span><\/p>\n<p><span lang=\"FR\">\u00a0La partie est cependant loin d\u2019\u00eatre jou\u00e9e et pour tourner d\u00e9finitivement la page de la dictature et instaurer la d\u00e9mocratie, la Tunisie va devoir affronter d&rsquo;autres d\u00e9fis. Malgr\u00e9 la fuite de Ben Ali et de beaucoup des membres de sa famille, malgr\u00e9 l\u2019arrestation ou la mise en r\u00e9sidence surveill\u00e9e de ses proches qui n\u2019ont pas pu quitter le pays \u00e0 temps, malgr\u00e9 le d\u00e9but du d\u00e9mant\u00e8lement du Parti-Etat comme rouage principal de la dictature, le limogeage ou la mise \u00e0 la retraite de ministres, de gouverneurs, de haut grad\u00e9s de l\u2019administration et de la police trop li\u00e9s au syst\u00e8me d\u00e9chu et consid\u00e9r\u00e9s comme un obstacle \u00e0 la r\u00e9alisation des objectifs de la r\u00e9volution, voire comme une menace \u00e0 la s\u00e9curit\u00e9 de pays, et malgr\u00e9 les diff\u00e9rentes mesures prises par le gouvernement de transition, il reste encore des obstacles \u00e0 franchir pour atteindre les objectifs de cette r\u00e9volution.<\/span><\/p>\n<p><span lang=\"FR\">Quel avenir se dessine selon vous pour la Tunisie ? \u00a0\u00a0\u00a0<\/span><\/p>\n<p><span lang=\"FR\">Le d\u00e9mant\u00e8lement des rouages de la dictature, avec la dissolution du RCD (parti de Ben Ali), est bien entam\u00e9 ; mais l&rsquo;essentiel reste \u00e0 faire pour instaurer la d\u00e9mocratie. Les prochaines \u00e9lections pr\u00e9sidentielles , dans 6 mois auront lieu trop t\u00f4t selon moi, car beaucoup de partis \u00e9taient jusqu\u2019ici musel\u00e9s comme toutes les expressions autonomes de la soci\u00e9t\u00e9. Il faut que les expressions sociales et politiques aient le temps de s\u2019organiser, d\u2019\u00e9laborer des programmes, de confronter leurs projets, de les faire conna\u00eetre pour que la population sache pour qui et pour quoi elle va voter. La Tunisie est actuellement dans une p\u00e9riode de transition o\u00f9 tout reste \u00e0 faire, que ce soit au niveau des institutions, des programmes politiques ou encore du code \u00e9lectoral sur la base duquel les \u00e9lections seront organis\u00e9es.<\/span><\/p>\n<p><span lang=\"FR\">Quelles sont les revendications de la population tunisienne ?<\/span><\/p>\n<p><span lang=\"FR\">Le mot d&rsquo;ordre principal du soul\u00e8vement \u00e9tait : Travail\/ Libert\u00e9\/ Dignit\u00e9. Pour ce qui est de la Libert\u00e9, durant cette p\u00e9riode de transition, nous assistons \u00e0 une reconnaissance des partis politiques qui ont demand\u00e9 \u00e0 l\u2019\u00eatre, le pluralisme politique associatif et m\u00e9diatique est en passe de devenir une r\u00e9alit\u00e9. De m\u00eame, le gouvernement a ratifi\u00e9 des conventions internationales concernant les droits humains (abolition de la peine capitale, de la torture et des traitements d\u00e9gradant pour la dignit\u00e9 humaine, adh\u00e9sion \u00e0 la cr\u00e9ation du tribunal p\u00e9nal international), lev\u00e9 les r\u00e9serves de la Tunisie sur la convention relative \u00e0 l&rsquo;\u00e9limination des discriminations \u00e0 l&rsquo;\u00e9gard des femmes (comme l\u2019in\u00e9galit\u00e9 en mati\u00e8re d\u2019h\u00e9ritage ou l&rsquo;interdiction du mariage entre une femme musulmane et un homme non-musulman) ; ce genre de mesure donne une orientation d\u00e9mocratique \u00e0 l\u2019\u00e9volution de la situation et est malheureusement peu m\u00e9diatis\u00e9.<\/span><\/p>\n<p><span lang=\"FR\">En ce qui concerne la dignit\u00e9, les Tunisiens ne supportent plus l&rsquo;arrogance de la police et de l&rsquo;administration dont les attitudes reproduisent celles de l&rsquo;ancien syst\u00e8me. Des personnes sont mortes sous la torture et br\u00fbl\u00e9es dans un commissariat de police. Dans plusieurs endroits, on continue \u00e0 traiter la population avec m\u00e9pris. Des \u00e9meutes continuent \u00e0 \u00e9clater partout pour d\u00e9noncer ces pratiques. Les Tunisiens veulent \u00eatre trait\u00e9s avec dignit\u00e9.<\/span><\/p>\n<p><span lang=\"FR\">Que doit faire le peuple selon vous dans cette p\u00e9riode de transition ?<\/span><\/p>\n<p><span lang=\"FR\">Il \u00e9tait d\u00e9j\u00e0 n\u00e9cessaire avant de virer certains cadres et agents de la police. Les manifestations \u00e9taient, au d\u00e9part, pacifiques, mais elles sont aujourd\u2019hui souvent violentes \u00e0 cause de l\u2019attitude de la police et de certains responsables de l\u2019ancien Parti-Etat qui continuent \u00e0 agir comme par le pass\u00e9. On ne peut pas exclure une part de manipulation de ces responsables envers la population pour engendrer des \u00e9meutes afin de cr\u00e9er le chaos. Le but, pour ces opposants \u00e0 la r\u00e9volution, \u00e9tant de restaurer la dictature et de d\u00e9tourner le mouvement de son orientation d\u00e9mocratique. La population a raison de r\u00e9agir contre les pratiques de la police et des responsables du RCD.<\/span><\/p>\n<p><span lang=\"FR\">Que doit faire le gouvernement actuel selon vous ? <\/span><\/p>\n<p><span lang=\"FR\">Le gouvernement de transition n\u2019a pas le droit de prendre pr\u00e9texte des agissements qui sont \u00e0 l\u2019origine des \u00e9meutes pour restreindre la libert\u00e9 d\u2019expression. Il doit permettre la libre expression de toutes les opinions, par tous les moyens l\u00e9gaux, y compris par des r\u00e9unions et des manifestations publiques, et cela pour celles et ceux qui le soutiennent, comme pour celles et ceux qui contestent, \u00e0 tort ou \u00e0 raison, sa l\u00e9gitimit\u00e9. Pour ce qui est du travail, les pouvoirs publics doivent avoir comme priorit\u00e9 de pr\u00e9server les emplois existants et cr\u00e9er, au plus vite, de nouveaux emplois, notamment pour les jeunes et dans les r\u00e9gions d\u00e9favoris\u00e9es d\u2019o\u00f9 est parti le soul\u00e8vement qui a conduit \u00e0 la chute du r\u00e9gime de Ben Ali.\u00a0<\/span><\/p>\n<p><span lang=\"FR\">Est-ce que les propositions des politiques tunisiens en place vous semblent coh\u00e9rentes ?<\/span><\/p>\n<p><span lang=\"FR\">L\u2019un des ministres reconduit, et r\u00e9put\u00e9 pour \u00eatre int\u00e8gre et comp\u00e9tent, avait d\u00e9j\u00e0 pr\u00e9sent\u00e9 un plan dans lequel se retrouve beaucoup de ces propositions syndicales et de l\u2019opposition. Ce plan a \u00e9t\u00e9 \u00e9cart\u00e9 d\u2019un revers de main car jug\u00e9 trop co\u00fbteux !\u00a0 On n\u2019a vu que ce plan risquait d\u2019enlever \u00e0 la mafia son pouvoir sans tenir compte du co\u00fbt social et politique de ce rejet. L\u2019Etat doit reprendre l\u2019initiative, renoncer \u00e0 son d\u00e9sengagement, favoriser l\u2019implantation d\u2019entreprises et d\u2019activit\u00e9s \u00e9conomiques pourvoyeuses d\u2019emplois, et donner l\u2019exemple en consacrant une part plus importante de ses investissements \u00e0 ses objectifs. Mais, en raison des difficult\u00e9s inh\u00e9rentes \u00e0 la conjoncture actuelle, et de l\u2019urgence d\u2019une politique prenant en compte les espoirs de la population, on ne doit pas courir le risque de d\u00e9cevoir encore une fois. Tous ceux qui veulent et qui ont int\u00e9r\u00eat \u00e0 voir une d\u00e9mocratie s\u2019instaurer sur la rive sud de la M\u00e9diterran\u00e9e, doivent y contribuer. \u00a0\u00a0\u00a0  Que peut faire la France pour aider \u00e0 la reconstruction \u00e9conomique et sociale de la Tunisie ? <\/span><\/p>\n<p><span lang=\"FR\">La France et les pays europ\u00e9ens, qui ont eu tort de porter \u00e0 bout de bras la dictature corrompue de Ben Ali, ont l\u00e0 une occasion de se racheter, en apportant leur aide \u00e0 la r\u00e9ussite de la r\u00e9volution d\u00e9mocratique en Tunisie. Les \u00e9tats europ\u00e9ens ont gel\u00e9 les avoirs de Ben Ali et de sa famille proche (estim\u00e9s par Forbes \u00e0 au moins 5 milliards de dollars, l&rsquo;\u00e9quivalent du budget tunisien). C\u2019est une enveloppe assez importante pour garantir une aide substantielle \u00e0 la Tunisie dans l\u2019effort qui doit \u00eatre consacr\u00e9 \u00e0 la cr\u00e9ation d\u2019emplois. Le manque d&#8217;emplois risque en effet d&rsquo;aggraver la crise sociale et de compromettre les espoirs d\u00e9mocratiques. La France et l\u2019Europe disent vouloir aider la Tunisie ; il faut que les actes suivent le discours. \u00a0\u00a0\u00a0  Par comparaison \u00e0 la Tunisie, pensez-vous que les Marocains respectent leur roi Mohammed VI ? \u00a0\u00a0\u00a0  Au Maroc, le syst\u00e8me est diff\u00e9rent. Les structures traditionnelles n&rsquo;ont pas \u00e9t\u00e9 d\u00e9mantel\u00e9es et continuent \u00e0 fonctionner. Il existe une certaine forme de libert\u00e9 d&rsquo;expression \u00e0 la diff\u00e9rence de la Tunisie. Par exemple, les ch\u00f4meurs peuvent parler librement et sont rassembl\u00e9s dans des associations ind\u00e9pendantes du gouvernement. Il n&rsquo;y a pas un vide entre le pouvoir et la soci\u00e9t\u00e9. Le pluralisme syndical et associatif existe et c&rsquo;est tr\u00e8s important car il permet de faire le relais entre le pouvoir et la population. Le ch\u00f4mage existe ainsi que des disparit\u00e9s socio-\u00e9conomiques importantes, mais contrairement \u00e0 la Tunisie, les Marocains acc\u00e8dent \u00e0 la libert\u00e9 d&rsquo;expression, ce qui permet de temp\u00e9rer la crise. Au contraire, en Tunisie, tout passe par l&rsquo;Etat et rien ne se fait encore en dehors de l&rsquo;Etat.<\/span><\/p>\n<p><b><span lang=\"FR\">Source\u00a0: \u00ab\u00a0Lyon Capitale\u00a0\u00bb Le 10-02-2011<\/span><\/b><\/p>\n<div>\n<p><b><span lang=\"FR\">Lien\u00a0:<a href=\"http:\/\/www.lyoncapitale.fr\/lyoncapitale\/journal\/univers\/Politique\/International\/Quel-avenir-pour-la-Tunisie\" target=\"_blank\" rel=\"noopener\">http:\/\/www.lyoncapitale.fr\/lyoncapitale\/journal\/univers\/Politique\/International\/Quel-avenir-pour-la-Tunisie<\/a><\/span><\/b><\/p>\n<\/div>\n<p align=\"center\"><b><span lang=\"NO-BOK\">Tunisie : le r\u00f4le complexe et d\u00e9terminant de l&rsquo;arm\u00e9e <\/span><\/b><\/p>\n<hr\/>\n<p>\u00a0<\/p>\n<p><b><span>Par <span>Pierre Robert Baduel, directeur de recherche honoraire en sociologie politique au CNRS (Tours<\/span><\/span><\/b><\/p>\n<p><span lang=\"NO-BOK\">C&rsquo;est la presse qui a mis en exergue le r\u00f4le d\u00e9cisif de l&rsquo;arm\u00e9e dans la chute de<a href=\"http:\/\/www.lemonde.fr\/sujet\/26ed\/ben-ali.html\" target=\"_blank\" rel=\"noopener\"><span>Ben Ali<\/span><\/a> en Tunisie. Le refus du g\u00e9n\u00e9ral<a href=\"http:\/\/www.lemonde.fr\/sujet\/a4e1\/rachid-ammar.html\" target=\"_blank\" rel=\"noopener\"><span>Rachid Ammar<\/span><\/a> d&rsquo;obtemp\u00e9rer aux ordres de Ben Ali a incontestablement \u00e9t\u00e9 d\u00e9terminant dans cet aboutissement du mouvement populaire. A partir de ce refus de toute intervention contre la r\u00e9volte populaire qui, en ajoutant aux moyens de r\u00e9pression de la police et des milices, eut fait des forces arm\u00e9es de simples suppl\u00e9tifs de la police, il \u00e9tait clair que cette division des forces au sommet du pouvoir devait b\u00e9n\u00e9ficier provisoirement \u00e0 la rue mais elle ne s&rsquo;est pas faite sans calcul.<\/span><\/p>\n<p><span>Quel \u00e9tait ce calcul possible et en quoi peut-on dire que cette dissidence de l&rsquo;arm\u00e9e a b\u00e9n\u00e9fici\u00e9 \u00e0 la rue ? En n&rsquo;obtemp\u00e9rant pas aux ordres du pr\u00e9sident, la hi\u00e9rarchie militaire n&rsquo;est pas devenue pour autant une alli\u00e9e \u00ab\u00a0subjective\u00a0\u00bb de la rue. <\/span><span lang=\"NO-BOK\">Le refus du g\u00e9n\u00e9ral Ammar r\u00e9sulte sans doute d&rsquo;une analyse du champ de bataille et de calculs. Cette dissidence ferme mais feutr\u00e9e est d&rsquo;abord une fracture dans l&rsquo;oligarchie au pouvoir dont un groupe, pas seulement de militaires sans doute, a su intelligemment instrumentaliser la rue pour \u00e9liminer la fraction la plus compromise de l&rsquo;oligarchie et ainsi s&rsquo;est dot\u00e9 des moyens de faciliter dans l&rsquo;imm\u00e9diat la reprise du pouvoir par la fraction la plus pr\u00e9sentable de cette m\u00eame oligarchie (ainsi, si, d&rsquo;apr\u00e8s les r\u00e9v\u00e9lations de Wikileaks, la diplomatie am\u00e9ricaine accusait<a href=\"http:\/\/www.lemonde.fr\/sujet\/ee36\/abdelwahab-abdellah.html\" target=\"_blank\" rel=\"noopener\"><span>Abdelwahab Abdellah<\/span><\/a>, ministre des affaires \u00e9trang\u00e8res pendant trois ans, de blocage dans l&rsquo;acc\u00e8s au gouvernement, elle appr\u00e9ciait les mani\u00e8res plus conciliantes de son successeur,<a href=\"http:\/\/www.lemonde.fr\/sujet\/2d73\/kamel-morjane.html\" target=\"_blank\" rel=\"noopener\"><span>Kamel Morjane<\/span><\/a>, maintenu dans le premier gouvernement de transition). Est-ce un hasard que la communication de ces informations sur le r\u00f4le de l&rsquo;arm\u00e9e \u00e0 la presse fran\u00e7aise et espagnole ait \u00e9t\u00e9 faite par l&rsquo;amiral Lanxade, ambassadeur de France en Tunisie sous Mitterrand\u00a0(ce qui peut laisser croire \u00e0 des connivences militaires ext\u00e9rieures)\u00a0? <\/span><span>Mais en complicit\u00e9 \u00ab\u00a0d&rsquo;ordre\u00a0\u00bb, l&rsquo;amiral a pr\u00e9sent\u00e9 ce r\u00f4le tr\u00e8s positivement. L&rsquo;arm\u00e9e tunisienne serait-elle r\u00e9publicaine d&rsquo;esprit ou l&rsquo;a-t-elle \u00e9t\u00e9 de circonstance ?<\/span><\/p>\n<p><span lang=\"NO-BOK\">Ne faut-il pas faire l&rsquo;hypoth\u00e8se que les \u00e9v\u00e9nements se sont d\u00e9roul\u00e9s de fa\u00e7on plus complexe et r\u00e9aliste que ce qui est relat\u00e9, m\u00eame si les calculs n&rsquo;ont pas \u00e9t\u00e9 sur le moment n\u00e9cessairement clairs mais r\u00e9sult\u00e8rent pour une part d&rsquo;une intuition s\u00fbre, ou plus simplement d&rsquo;un pari ? <\/span><span>D&rsquo;une certaine mani\u00e8re on pourrait penser que la rue a b\u00e9n\u00e9fici\u00e9 collat\u00e9ralement de la position de l&rsquo;arm\u00e9e. Parce qu&rsquo;on peut aussi analyser la situation en estimant que l&rsquo;arm\u00e9e a facilit\u00e9 la fuite de Ben Ali, voire a \u00e9t\u00e9 complice de son \u00e9vasion, en laissant ouvert l&rsquo;espace a\u00e9rien jusqu&rsquo;apr\u00e8s l&rsquo;envol tranquille du pr\u00e9sident toujours en titre, pendant qu&rsquo;avec son appui les proches de Ben Ali instrumentalisaient le vide juridique laiss\u00e9 par ce d\u00e9part de Ben Ali dont l&rsquo;exercice de la pr\u00e9sidence selon le mot de <\/span><span lang=\"NO-BOK\"><a href=\"http:\/\/www.lemonde.fr\/sujet\/bfa0\/mohamed-ghannouchi.html\" target=\"_blank\" rel=\"noopener\"><span lang=\"EN-US\">Mohamed Ghannouchi<\/span><\/a><\/span><span> n&rsquo;\u00e9tait qu'\u00a0\u00bbemp\u00each\u00e9\u00a0\u00bb. L&rsquo;invocation de cet emp\u00eachement a justifi\u00e9 l&rsquo;assurance de l&rsquo;int\u00e9rim par le premier ministre en exercice puis que, Ben Ali \u00e9tant en s\u00e9curit\u00e9 en <\/span><span lang=\"NO-BOK\"><a href=\"http:\/\/www.lemonde.fr\/sujet\/3c5d\/arabie-seoudite.html\" target=\"_blank\" rel=\"noopener\"><span lang=\"EN-US\">Arabie S\u00e9oudite<\/span><\/a><\/span><span> et seulement alors (pendant tout ce temps il continuait \u00e0 b\u00e9n\u00e9ficier th\u00e9oriquement des pr\u00e9rogatives internationales d&rsquo;un chef d&rsquo;Etat), selon un sc\u00e9nario bien \u00e9labor\u00e9, la pr\u00e9sidence soit d\u00e9clar\u00e9e vacante.<\/span><\/p>\n<p><strong><span>L&rsquo;ARM\u00c9E S&rsquo;EST MISE EN POSITION DE RECOURS<\/span><\/strong><\/p>\n<p><span>Alors, avec la connivence d&rsquo;un Conseil constitutionnel constitu\u00e9 d&rsquo;hommes du pr\u00e9sident en fuite, le pr\u00e9sident du Parlement, Fouad\u00a0Moubaza, un vieil homme \u00e0 la personnalit\u00e9 incertaine, pouvait reprendre constitutionnellement la pr\u00e9sidence par interim \u00e0 Ghannouchi, qui conservait tout aussi constitutionnellement \u2013 une fiction juridique utile mais concr\u00e8tement un ordre strictement benaliste \u2013 les fonctions de premier ministre et renommait dans le gouvernement d&rsquo;union nationale des ministres importants du dernier gouvernement de Ben Ali. Le tout s&rsquo;est d\u00e9roul\u00e9 sous la vigilance, en fait \u00e0 l&rsquo;abri de l&rsquo;arm\u00e9e qui, en refusant d&rsquo;appuyer la police et les milices, a certes \u00e9t\u00e9 un alli\u00e9 objectif de la rue mais en m\u00eame temps a soustrait Ben Ali \u00e0 toute justice (un proc\u00e8s n&rsquo;aurait arrang\u00e9 personne de l&rsquo;ancienne oligarchie, y compris militaire), permis la conservation du pouvoir par une fraction de l&rsquo;ancienne oligarchie et aussi r\u00e9gl\u00e9 ses comptes avec la police dont la pr\u00e9\u00e9minence sur l&rsquo;arm\u00e9e ne date pas de Ben Ali, mais remonte \u00e0 Bourguiba, dont l&rsquo;Etat, par-del\u00e0 de nombreuses qualit\u00e9s, \u00e9tait aussi un syst\u00e8me policier, comme s&rsquo;en souviennent \u00e0 l&rsquo;extr\u00eame gauche les \u00ab\u00a0perspectivistes\u00a0\u00bb et \u00e0 l&rsquo;extr\u00eame droite les islamistes.<\/span><\/p>\n<p><span>En jouant ce r\u00f4le, l&rsquo;arm\u00e9e s&rsquo;est mise aussi en position de recours si un processus cr\u00e9dible de stabilisation politique n&rsquo;aboutissait pas, si le d\u00e9sordre se poursuivait (le couvre-feu n&rsquo;a pas sembl\u00e9 une mesure d&rsquo;op\u00e9rette), par un de ces retournements familiers dans l&rsquo;histoire la soci\u00e9t\u00e9 civile pouvant imaginer le g\u00e9n\u00e9ral Ammar en homme d&rsquo;ordre providentiel. Certes ce g\u00e9n\u00e9ral dont on ne conna\u00eet pas grand chose pourrait avoir les qualit\u00e9s d&rsquo;un Cincinnatus mais il pourrait aussi bien \u00eatre tent\u00e9 par l&rsquo;aventure politique personnelle. Le coup d&rsquo;Etat l\u00e9gal de Ben Ali ne fut-il pas d\u00e9j\u00e0 qualifi\u00e9 de \u00ab\u00a0r\u00e9volution du jasmin\u00a0\u00bb ?<\/span><\/p>\n<p><span>Tout d\u00e9pend aujourd&rsquo;hui des capacit\u00e9s \u00e0 former des alliances cr\u00e9dibles et durables d&rsquo;hommes et femmes de l&rsquo;ancien r\u00e9gime pas corrompus, d&rsquo;hommes et femmes de la haute administration, r\u00e9publicains marranisants qui ont servi l&rsquo;int\u00e9r\u00eat g\u00e9n\u00e9ral du pays dans des circonstances difficiles (j&rsquo;en ai connu de remarquables), des syndicalistes, des hommes et femmes des partis d&rsquo;opposition en \u00e9tat de marche et des forces civiles (ordre des avocats, association des femmes d\u00e9mocrates, ligue des droits de l&rsquo;homme\u2026), en sachant que la d\u00e9mocratie n&rsquo;est pas l&rsquo;unanimisme mais le d\u00e9bat et le compromis r\u00e9gl\u00e9s. La course est d\u00e9sormais entre d&rsquo;un c\u00f4t\u00e9 l&rsquo;incertitude et le d\u00e9sordre qui ne peuvent qu&rsquo;\u00eatre favorables au recours \u00e0 un homme ou un corps providentiel et d&rsquo;autre part les d\u00e9mocrates capables de former une alternative.<\/span><\/p>\n<p><span>On doit esp\u00e9rer que ceux-ci l&#8217;emporteront, le destin proche de la Tunisie d\u00e9pend de leur vertu (au sens de Montesquieu) \u00e0 servir l&rsquo;int\u00e9r\u00eat g\u00e9n\u00e9ral et \u00e0 d\u00e9passer leurs passions particuli\u00e8res.<\/span><\/p>\n<p><b><span>Source: \u201cLe Monde.fr\u201d Le 10-02-2011<\/span><\/b><\/p>\n<div>\n<p><b><span lang=\"NO-BOK\">Lien:<a href=\"http:\/\/www.lemonde.fr\/idees\/article\/2011\/02\/10\/tunisie-le-role-determinant-de-l-armee_1477640_3232.html\" target=\"_blank\" rel=\"noopener\">http:\/\/www.lemonde.fr\/idees\/article\/2011\/02\/10\/tunisie-le-role-determinant-de-l-armee_1477640_3232.html<\/a><\/span><\/b><\/p>\n<\/div>\n<p align=\"center\"><b><span lang=\"NO-BOK\">La nomination du nouvel ambassadeur de France en Tunisie est choquante<\/span><\/b><span lang=\"NO-BOK\"><\/span><\/p>\n<hr\/>\n<p>\u00a0<\/p>\n<p><b><span lang=\"NO-BOK\">Par Charles Crettien<\/span><\/b><span lang=\"NO-BOK\">, ancien ambassadeur de France et ancien conseiller culturel et de coop\u00e9ration \u00e0 Tunis de 1978 \u00e0 1981 <\/span><\/p>\n<p><span>On ne nomme pas un ambassadeur comme on nomme un pr\u00e9fet. <\/span><span lang=\"NO-BOK\">La diplomatie est un dialogue avec un pays \u00e9tranger, son gouvernement et son chef d&rsquo;Etat.<a href=\"http:\/\/elysee.blog.lemonde.fr\/2011\/01\/26\/boris-boillon-ambassadeur-de-france-en-tunisie-sylvie-bermann-a-pekin\/\" target=\"_blank\" rel=\"noopener\"><span>La nomination de Boris Boillon comme ambassadeur de France en Tunisie par le conseil des ministres du 26 janvier<\/span><\/a> est la n\u00e9gation de ce principe \u00e9l\u00e9mentaire, elle est donc choquante voire dangereuse pour les relations \u00e0 venir entre Paris et Tunis.<\/span><\/p>\n<p><span lang=\"NO-BOK\">Quand le gouvernement fran\u00e7ais envisage de nommer un nouvel ambassadeur dans un pays donn\u00e9 la premi\u00e8re d\u00e9marche est celle de la demande d&rsquo;agr\u00e9ment. En clair, l&rsquo;ambassadeur partant, ou le charg\u00e9 d&rsquo;affaires s&rsquo;il n&rsquo;y a pas d&rsquo;ambassadeur en place, propose au ministre des affaires \u00e9trang\u00e8res du pays aupr\u00e8s duquel il est accr\u00e9dit\u00e9 le nom et le CV du diplomate propos\u00e9 par Paris pour lui succ\u00e9der. On attend l&rsquo;accord des plus hautes autorit\u00e9s du pays \u00e9tranger avant de proposer au conseil des ministres la nomination du nouvel ambassadeur. J&rsquo;ai connu des cas o\u00f9 le pays \u00e9tranger \u00e9mettait des r\u00e9serves sur le candidat d\u00e9sign\u00e9, on avait alors propos\u00e9 un autre diplomate en mesure de mener un dialogue utile. Pr\u00e9cisons qu&rsquo;un dialogue ne veut pas dire l&rsquo;approbation sans nuance de la politique men\u00e9e dans le pays \u00e9tranger.<\/span><\/p>\n<p><span lang=\"NO-BOK\">Revenons \u00e0<a href=\"http:\/\/www.lemonde.fr\/sujet\/3727\/boris-boillon.html\" target=\"_blank\" rel=\"noopener\"><span>Boris Boillon<\/span><\/a>.<\/span><span>Il n&rsquo;y avait pas encore de gouvernement \u00e0 Tunis, le 26 janvier, puisque le remaniement r\u00e9clam\u00e9 par les Tunisiens n&rsquo;\u00e9tait pas encore intervenu. A qui a-t-on demand\u00e9 l&rsquo;agr\u00e9ment pour Boris Boillon ? De plus, personne n&rsquo;est en mesure de dire qui sera le chef de l&rsquo;Etat tunisien demain, int\u00e9rimaire dans un premier temps, d\u00e9finitif apr\u00e8s les \u00e9lections tunisiennes. Et si ce nouveau chef de l&rsquo;Etat tunisien n&rsquo;appr\u00e9cie pas d&rsquo;avoir comme interlocuteur fran\u00e7ais un diplomate dont on sait qu&rsquo;il a d\u00e9fendu l&rsquo;intervention am\u00e9ricaine en Irak ! Passons sur son \u00e2ge puisque sous M. Sarkozy l&rsquo;exp\u00e9rience peut \u00eatre acquise tr\u00e8s t\u00f4t, surtout quand on a \u00e9t\u00e9 un collaborateur du dit <\/span><span lang=\"NO-BOK\"><a href=\"http:\/\/www.lemonde.fr\/sujet\/6ba2\/nicolas-sarkozy.html\" target=\"_blank\" rel=\"noopener\"><span lang=\"EN-US\">Nicolas Sarkozy<\/span><\/a><\/span><span> au minist\u00e8re de l&rsquo;int\u00e9rieur ! <\/span><span lang=\"NO-BOK\">Et si le nouveau chef de l&rsquo;Etat tunisien refusait, demain, de recevoir les lettres de cr\u00e9ance de M. Boillon ?<\/span><\/p>\n<p><span lang=\"NO-BOK\">La nomination pr\u00e9cipit\u00e9e \u00e0 Tunis de ce diplomate venant de Bagdad o\u00f9 il n&rsquo;\u00e9tait en poste que depuis 18 mois est encore une faute. D\u00e9cidemment nous les accumulons avec ce pays et, surtout, nous mettons en danger les relations entre la France et cette Tunisie nouvelle que l&rsquo;on devine d\u00e9ja au travers des soubresauts de la r\u00e9volution du jasmin.<\/span><\/p>\n<p><b><span>Source: \u201dLe Monde.fr\u201d Le 10-02-2011<\/span><\/b><\/p>\n<div>\n<p><b><span lang=\"NO-BOK\">Lien:<a href=\"http:\/\/www.lemonde.fr\/idees\/article\/2011\/02\/10\/la-nomination-du-nouvel-ambassadeur-de-france-en-tunisie-est-une-faute_1477870_3232.html\" target=\"_blank\" rel=\"noopener\">http:\/\/www.lemonde.fr\/idees\/article\/2011\/02\/10\/la-nomination-du-nouvel-ambassadeur-de-france-en-tunisie-est-une-faute_1477870_3232.html<\/a><\/span><\/b><\/p>\n<\/div>\n<p align=\"center\"><font size=\"3\"><b><span lang=\"FR\">\u00a0\u00a0\u00a0\u00a0\u00a0\u00a0\u00a0\u00a0\u00a0\u00a0\u00a0\u00a0\u00a0\u00a0\u00a0\u00a0\u00a0\u00a0\u00a0\u00a0\u00a0\u00a0\u00a0\u00a0\u00a0\u00a0\u00a0\u00a0\u00a0\u00a0\u00a0\u00a0\u00a0\u00a0\u00a0\u00a0\u00a0\u00a0\u00a0\u00a0\u00a0\u00a0\u00a0\u00a0\u00a0\u00a0\u00a0\u00a0\u00a0\u00a0\u00a0\u00a0\u00a0\u00a0\u00a0\u00a0\u00a0\u00a0\u00a0\u00a0\u00a0\u00a0\u00a0\u00a0\u00a0\u00a0\u00a0\u00a0\u00a0\u00a0\u00a0\u00a0\u00a0\u00a0\u00a0\u00a0\u00a0\u00a0\u00a0\u00a0\u00a0\u00a0\u00a0\u00a0\u00a0\u00a0\u00a0\u00a0\u00a0\u00a0\u00a0\u00a0\u00a0\u00a0\u00a0\u00a0\u00a0\u00a0\u00a0\u00a0\u00a0\u00a0\u00a0\u00a0\u00a0\u00a0\u00a0\u00a0\u00a0\u00a0\u00a0\u00a0\u00a0\u00a0\u00a0\u00a0\u00a0\u00a0 Tunisie: l&rsquo;UGTT veut n\u00e9gocier vite<\/span><\/b><\/font><b><span lang=\"NO-BOK\"><\/span><\/b><\/p>\n<hr\/>\n<p>\u00a0<\/p>\n<p><span lang=\"FR\">La principale centrale syndicale de Tunisie a appel\u00e9 aujourd&rsquo;hui le gouvernement \u00e0 engager \u00ab\u00a0rapidement\u00a0\u00bb des n\u00e9gociations afin de r\u00e9sorber les tensions sociales qui secouent le pays depuis trois semaines, reconnaissant \u00eatre d\u00e9sormais \u00ab\u00a0d\u00e9bord\u00e9e\u00a0\u00bb par sa base.  \u00ab\u00a0Il est de l&rsquo;int\u00e9r\u00eat du gouvernement d&rsquo;engager rapidement des n\u00e9gociations avec la centrale syndicale car la situation sociale est explosive\u00a0\u00bb, a dit un dirigeant de l&rsquo;Union g\u00e9n\u00e9rale des travailleurs tunisiens (UGTT).\u00a0Abid Briki r\u00e9agissait \u00e0 la d\u00e9claration du pr\u00e9sident int\u00e9rimaire, Foued Mebazaa, qui a annonc\u00e9 mercredi soir l&rsquo;ouverture \u00ab\u00a0prochainement\u00a0\u00bb de \u00ab\u00a0n\u00e9gociations sociales \u00e0 l&rsquo;\u00e9chelle nationale\u00a0\u00bb.  Des gr\u00e8ves organis\u00e9es ou spontan\u00e9es ont paralys\u00e9 plusieurs secteurs \u00e9conomiques depuis la fuite du pr\u00e9sident Zine El Abidine Ben Ali le 14 janvier, et la grogne sociale continue de monter dans les cat\u00e9gories les plus d\u00e9favoris\u00e9es de la population.\u00a0Le gouvernement de transition de Mohamed Ghannouchi a multipli\u00e9 les appels \u00e0 la population, avertissant que le pays risquait de \u00ab\u00a0s&rsquo;\u00e9crouler\u00a0\u00bb si les d\u00e9brayages massifs et manifestations parfois \u00e9maill\u00e9es de violences se poursuivaient.  \u00ab\u00a0Il y a des r\u00e9ponses imm\u00e9diates que le gouvernement peut apporter, \u00e0 savoir la titularisation des centaines de milliers de contractuels qu&rsquo;il faut int\u00e9grer dans les entreprises\u00a0\u00bb, a dit Abid Briki qui a pr\u00f4n\u00e9 \u00e9galement une r\u00e9forme \u00ab\u00a0radicale\u00a0\u00bb de la l\u00e9gislation du travail et un examen \u00ab\u00a0s\u00e9rieux\u00a0\u00bb d&rsquo;une vieille demande de la centrale syndicale pour la cr\u00e9ation d&rsquo;une caisse de ch\u00f4mage.\u00a0\u00ab\u00a0Nous n&rsquo;encadrons pas tous les mouvements de gr\u00e8ves\u00a0\u00bb, a-t-il reconnu, interrog\u00e9 sur l&rsquo;ampleur de la contestation sociale auquel le pays est confront\u00e9.<\/span><\/p>\n<p><b><span lang=\"FR\">Source\u00a0: \u00ab\u00a0Le Figaro\u00a0\u00bb Le 10-02-2011<\/span><\/b><\/p>\n<div>\n<p><b><span lang=\"FR\">Lien\u00a0:<a href=\"http:\/\/www.lefigaro.fr\/flash-actu\/2011\/02\/10\/97001-20110210FILWWW00561-tunisie-l-ugtt-veut-negocier-vite.php\" target=\"_blank\" rel=\"noopener\">http:\/\/www.lefigaro.fr\/flash-actu\/2011\/02\/10\/97001-20110210FILWWW00561-tunisie-l-ugtt-veut-negocier-vite.php<\/a><\/span><\/b><\/p>\n<\/div>\n<p><b><span lang=\"NO-BOK\"><font size=\"3\">\u00a0\u00a0\u00a0\u00a0\u00a0\u00a0\u00a0\u00a0\u00a0\u00a0\u00a0\u00a0\u00a0\u00a0\u00a0\u00a0\u00a0\u00a0\u00a0\u00a0\u00a0\u00a0\u00a0\u00a0\u00a0\u00a0\u00a0\u00a0\u00a0\u00a0\u00a0\u00a0\u00a0\u00a0\u00a0\u00a0\u00a0\u00a0\u00a0\u00a0\u00a0\u00a0\u00a0\u00a0\u00a0\u00a0\u00a0\u00a0\u00a0\u00a0\u00a0\u00a0\u00a0\u00a0\u00a0\u00a0\u00a0\u00a0\u00a0\u00a0\u00a0\u00a0\u00a0\u00a0\u00a0\u00a0\u00a0\u00a0\u00a0\u00a0\u00a0\u00a0\u00a0\u00a0\u00a0\u00a0\u00a0\u00a0\u00a0\u00a0\u00a0\u00a0\u00a0\u00a0\u00a0\u00a0\u00a0\u00a0\u00a0\u00a0\u00a0\u00a0\u00a0\u00a0\u00a0\u00a0\u00a0\u00a0\u00a0\u00a0\u00a0\u00a0\u00a0\u00a0\u00a0\u00a0\u00a0\u00a0\u00a0\u00a0\u00a0 Tunisie- \u00e9conomie : difficile retour \u00e0 la normale<\/font> <\/span><\/b><\/p>\n<hr\/>\n<p>\u00a0<\/p>\n<p><span lang=\"NO-BOK\">Le gouvernement de transition Tunisien essaie de reprendre les choses en main pour acc\u00e9l\u00e9rer le retour \u00e0 la normale dans le pays. Si les r\u00e9formes politiques et constitutionnelles en vue d\u2019\u00e9lections d\u00e9mocratiques doivent prendre du temps, il n\u2019en est pas de m\u00eame pour l\u2019activit\u00e9 \u00e9conomique. La pression sociale se fait d\u2019ores et d\u00e9j\u00e0 sentir avec les attroupements r\u00e9p\u00e9t\u00e9s de centaines de personnes \u00e0 Tunis et dans d\u2019autres r\u00e9gions pour r\u00e9clamer du travail et des aides.<\/span><\/p>\n<p><span>Le gouvernement offre aux personnes en situation pr\u00e9caire des aides de 30 \u00e0 150 dinars (15,5 \u00e0 78 euros). L\u2019arr\u00eat de l\u2019activit\u00e9 \u00e9conomique et notamment touristique p\u00e8se de tout son poids sur les finances publiques. Le ministre du D\u00e9veloppement r\u00e9gional, Nejib Chebbi \u00e9value les pertes cons\u00e9cutives \u00e0 la r\u00e9volution du Jasmin \u00e0 4 % de PIB (environ 2,58 milliards d&rsquo;euros). Toutefois, l\u2019annonce le 9 f\u00e9vrier par le pr\u00e9sident int\u00e9rimaire, Foued Mebazaa, de la prochaine ouverture de \u00ab n\u00e9gociations sociales \u00e0 l\u2019\u00e9chelle nationale \u00bb, quelques heures apr\u00e8s avoir \u00e9t\u00e9 investi de pouvoirs de crise, a permis de rassurer les partenaires europ\u00e9ens. William Hague, le ministre britannique des affaires \u00e9trang\u00e8res, s\u2019est ainsi rendu \u00e0 Tunis o\u00f9 il a promis un appui financier au pays. De son c\u00f4t\u00e9, le commissaire europ\u00e9en charg\u00e9 de l&rsquo;Elargissement et de la politique de voisinage, Stefan F\u00fcle, en visite au Maroc les 7 et 8 f\u00e9vrier, a parl\u00e9 d\u2019un plan d\u2019aide destin\u00e9 \u00e0 permettre \u00e0 la Tunisie de \u00ab faire face \u00e0 ses nouveaux besoins \u00bb.  Dans ce dispositif, la relance de l\u2019activit\u00e9 touristique para\u00eet \u00eatre l\u2019objectif le plus urgent. Ainsi responsables et professionnels tunisiens ont lanc\u00e9 des messages rassurants en direction des partenaires europ\u00e9ens. Les voyagistes fran\u00e7ais, principaux pourvoyeurs de touristes vers la Tunisie h\u00e9sitent encore. Cependant, les grands op\u00e9rateurs britanniques (Thomas Cook, First Choice, notamment) ont r\u00e9pondu \u00e0 l\u2019appel en d\u00e9cidant de reprogrammer la Tunisie d\u00e8s la fin f\u00e9vrier.<\/span><\/p>\n<p><b><span lang=\"NO-BOK\">Source: \u201cLa letter Med\u201d Le 10-02-2011<\/span><\/b><\/p>\n<div>\n<p><b><span lang=\"NO-BOK\">Lien:<a href=\"http:\/\/www.lalettremed.com\/select-infos\/295-tunisie-economie-difficile-retour-a-la-normale-\" target=\"_blank\" rel=\"noopener\">http:\/\/www.lalettremed.com\/select-infos\/295-tunisie-economie-difficile-retour-a-la-normale-<\/a><\/span><\/b><\/p>\n<\/div>\n<p align=\"center\"><b><span lang=\"NO-BOK\"><font size=\"3\">L\u2019opposant Nejib Chebbi en tete d\u2019un sondage d\u2019opinions<\/font><\/span><span lang=\"NO-BOK\"><\/span><\/b><\/p>\n<hr\/>\n<p>\u00a0<\/p>\n<p><span lang=\"NO-BOK\">Avec 8% d&rsquo;intentions de vote, le chef historique du principal parti d&rsquo;opposition tunisien, Ahmed N\u00e9jib Chebbi, arrive en t\u00eate d&rsquo;un sondage d&rsquo;opinions politiques, le premier du genre en Tunisie, r\u00e9alis\u00e9 par l&rsquo;institut sp\u00e9cialis\u00e9 \u00ab\u00a0Sigma Conseil\u00a0\u00bb. Mais pr\u00e8s d&rsquo;un mois apr\u00e8s la chute du r\u00e9gime Ben Ali, \u00ab\u00a0les trois-quarts des Tunisiens ne savent pas pour qui ils iraient voter\u00a0\u00bb, rel\u00e8ve les analystes du sondage.<\/span><\/p>\n<p><span>Fondateur du parti d\u00e9mocratique progressiste (PDP), Ahmed N\u00e9jib Chebbi, un avocat de 64 ans, a un long parcours politique au cours duquel il a \u00e9t\u00e9 emprisonn\u00e9 \u00e0 plusieurs reprises. Sa candidature \u00e0 la pr\u00e9sidentielle avait \u00e9t\u00e9 invalid\u00e9e sous l&rsquo;ancien pr\u00e9sident Zine El Abidine Ben Ali.<\/span><\/p>\n<p><span>M. Chebbi, ministre du d\u00e9veloppement r\u00e9gional et local dans le gouvernement de transition, recueille 8% d&rsquo;intentions de vote, suivi du g\u00e9n\u00e9ral Rachid Ammar, chef d&rsquo;\u00e9tat-major de l&rsquo;arm\u00e9e de terre (4,4. La popularit\u00e9 de ce g\u00e9n\u00e9ral revient au \u00ab\u00a0r\u00f4le majeur\u00a0\u00bb qui lui est pr\u00eat\u00e9 dans \u00ab\u00a0la r\u00e9volution tunisienne\u00a0\u00bb qui a conduit \u00e0 la chute du pr\u00e9sident Zine El Abidine Ben Ali. Il avait \u00e9t\u00e9 limog\u00e9 pour avoir refus\u00e9 de donner l&rsquo;ordre \u00e0 l&rsquo;arm\u00e9e d&rsquo;ouvrir le feu sur les manifestants.<\/span><\/p>\n<p><span>L&rsquo;actuel premier ministre Mohamed Ghannouchi vient en troisi\u00e8me position (3,7, tandis que le leader du mouvement islamiste \u00ab\u00a0Ennahdha\u00a0\u00bb, Rached Ghannouchi, rentr\u00e9 en Tunisie le 30 janvier 2011, apr\u00e8s 23 ans d&rsquo;exil en Angleterre, recueille, quant \u00e0 lui, 1,6% d&rsquo;intentions de vote.<\/span><\/p>\n<p><span>L&rsquo;opposant Moncef Marzouki qui envisage de se porter candidat \u00e0 la pr\u00e9sidentielle n&rsquo;a recueilli que peu d&rsquo;intentions de vote. Ancien pr\u00e9sident de la Ligue tunisienne des droits de l&rsquo;Homme, il a d\u00fb s&rsquo;absenter de la sc\u00e8ne tunisienne depuis le milieu des ann\u00e9es 90 pour fuir le harc\u00e8lement policier dont il faisait l&rsquo;objet.<\/span><\/p>\n<p><span>Cette enqu\u00eate a \u00e9t\u00e9 r\u00e9alis\u00e9e par t\u00e9l\u00e9phone du 30 janvier au 3 f\u00e9vrier 2011, sur un \u00e9chantillon de 1.250 Tunisiens dans 24 des 26 gouvernorats (pr\u00e9fectures) que compte la Tunisie, \u00ab\u00a0y compris Sidi Bouzid\u00a0\u00bb, d&rsquo;o\u00f9 est partie l&rsquo;\u00e9tincelle de la r\u00e9volution, note le pr\u00e9sident de Sigma Conseil, Hassen Zargouni.<\/span><\/p>\n<p><span lang=\"NO-BOK\">Des \u00e9lections pr\u00e9sidentielle et l\u00e9gislatives doivent avoir lieu en Tunisie dans les six mois \u00e0 venir, mais aucune date pr\u00e9cise n&rsquo;a \u00e9t\u00e9 fix\u00e9e jusqu&rsquo;\u00e0 pr\u00e9sent pour ce scrutin cens\u00e9 \u00eatre le premier r\u00e9ellement d\u00e9mocratique dans l&rsquo;histoire du pays.<\/span><\/p>\n<p><span>Par ailleurs, les deux tiers des sond\u00e9s (68,7 font confiance au gouvernement de transition actuel, et 62,5% \u00e0 son chef Mohammed Ghannouchi.<\/span><\/p>\n<p><span>Concernant \u00ab\u00a0les acquis de la r\u00e9volution\u00a0\u00bb, 81,8% des sond\u00e9s d\u00e9clarent qu&rsquo;il existe aujourd&rsquo;hui une vraie libert\u00e9 d&rsquo;expression et de manifestation, tandis que 54,9% pensent qu&rsquo;il y a maintenant une vraie libert\u00e9 d&rsquo;association.<\/span><\/p>\n<p><span>Mais le tiers des sond\u00e9s ne se sentent pas en s\u00e9curit\u00e9 et 41,5% d&rsquo;entre eux n&rsquo;ont pas confiance en la police. Ce chiffre monte \u00e0 60% chez les 18-25 ans. Par ailleurs, 79,1% ont plus confiance en l&rsquo;arm\u00e9e qu&rsquo;en la police.<\/span><\/p>\n<p><span>Sur un autre plan, 97,6% se d\u00e9clarent optimistes quant \u00e0 l&rsquo;avenir de la Tunisie, m\u00eame si les perspectives \u00e9conomiques pour 2011 ne sont pas per\u00e7ues comme \u00e9tant favorables.<\/span><\/p>\n<p><span>Enfin, 90% des sond\u00e9s estiment qu&rsquo;Internet a \u00e9t\u00e9 un acteur important dans la r\u00e9volution, alors que 78,4% estiment que le r\u00f4le des m\u00e9dias \u00e9trangers a \u00e9t\u00e9 \u00ab\u00a0important\u00a0\u00bb<\/span><\/p>\n<p><b><span>Source: \u201cLe Nouvel Observateur\u201d Le 09-02-2011<\/span><\/b><\/p>\n<div>\n<p><b><span lang=\"NO-BOK\">Lien:<a href=\"http:\/\/tempsreel.nouvelobs.com\/actualite\/monde\/20110209.FAP4827\/tunisie-l-opposant-nejib-chebbi-en-tete-d-un-sondage-d-opinions.html\" target=\"_blank\" rel=\"noopener\">http:\/\/tempsreel.nouvelobs.com\/actualite\/monde\/20110209.FAP4827\/tunisie-l-opposant-nejib-chebbi-en-tete-d-un-sondage-d-opinions.html<\/a><\/span><\/b><\/p>\n<\/div>\n<p align=\"center\"><b><span lang=\"NO-BOK\"><font size=\"3\">Ben Ali : r\u00e9cit d&rsquo;une fin de r\u00e8gne path\u00e9tique<\/font> <\/span><\/b><\/p>\n<hr\/>\n<p>\u00a0<\/p>\n<p><span>\u00c0 partir de t\u00e9moignages, le <i>Nouvel Observateur<\/i> a reconstitu\u00e9 les derni\u00e8res heures du dictateur d\u00e9chu sur le sol tunisien. <\/span><span lang=\"NO-BOK\">Sc\u00e8nes surr\u00e9alistes d&rsquo;un ancien puissant bouscul\u00e9 par sa femme haineuse et pouss\u00e9 \u00e0 l&rsquo;exil par les subterfuges de son entourage.<\/span><\/p>\n<p><span lang=\"NO-BOK\"><img decoding=\"async\" border=\"0\" height=\"1\" src=\"http:\/\/gfx1.hotmail.com\/mail\/w4\/pr04\/ltr\/i_safe.gif\" width=\"1\"\/><\/span><\/p>\n<p><span>\u00abMonte imb\u00e9cile, toute ma vie il aura fallu que je supporte tes conneries !\u00bb Propos tir\u00e9s d&rsquo;une vulgaire sc\u00e8ne de m\u00e9nage au sein d&rsquo;un vieux couple qui se d\u00e9chire. Sauf que l&rsquo;auteur de ces propos n&rsquo;est autre que Le\u00efla Trabelsi, et le vieux couple celui des Ben Ali, qui a pr\u00e9sid\u00e9 aux destin\u00e9es de la Tunisie pendant plus de vingt ans. On savait que leur d\u00e9part du pays, le 14 janvier en pleine <\/span><span lang=\"NO-BOK\"><a href=\"http:\/\/www.lefigaro.fr\/international\/2011\/01\/15\/01003-20110115ARTFIG00479-de-la-revolution-du-jasmin-a-la-chute-de-ben-ali.php\" target=\"_blank\" rel=\"noopener\"><span lang=\"EN-US\">r\u00e9volte populaire<\/span><\/a><\/span><span>,<\/span><span lang=\"NO-BOK\"><a href=\"http:\/\/www.lefigaro.fr\/mon-figaro\/2011\/01\/24\/10001-20110124ARTFIG00722-dans-les-coulisses-du-depart-precipite-de-ben-ali.php\" target=\"_blank\" rel=\"noopener\"><span lang=\"EN-US\">avait \u00e9t\u00e9 pr\u00e9cipit\u00e9 et peu glorieux<\/span><\/a><\/span><span>. Les d\u00e9tails qu&rsquo;en r\u00e9v\u00e8le cette semaine le <\/span><span lang=\"NO-BOK\"><a href=\"http:\/\/tempsreel.nouvelobs.com\/\" target=\"_blank\" rel=\"noopener\"><span lang=\"EN-US\">Nouvel Observateur<\/span><\/a><\/span><span> en brossent un tableau pitoyable et grotesque.<\/span><\/p>\n<p><span>Un vieil homme hagard, g\u00e9missant, supplie sur le tarmac de l&rsquo;a\u00e9roport de Tunis : \u00abLaissez-moi, je ne veux pas y aller, je veux mourir ici dans mon pays\u00bb. C&rsquo;est Zine el-Abidine Ben Ali, le ra\u00efs d\u00e9chu apr\u00e8s avoir <\/span><span lang=\"NO-BOK\"><a href=\"http:\/\/www.lefigaro.fr\/international\/2011\/01\/14\/01003-20110114ARTFIG00656-ascension-et-chute-d-un-autocrate-austere.php\" target=\"_blank\" rel=\"noopener\"><span lang=\"EN-US\">r\u00e9gn\u00e9 d&rsquo;une main de fer sur la Tunisie pendant 23 ans<\/span><\/a><\/span><span>. Ce vendredi 14 janvier, le roi est nu, il a perdu son royaume et c&rsquo;est pouss\u00e9 par son chef de la police politique, le terrible Ali Seriati, qu&rsquo;il monte dans un avion pour l&rsquo;exil. <\/span><span lang=\"NO-BOK\">\u00abBordel de Dieu, tu vas monter !\u00bb, lui lance en le bousculant son compagnon de trente ans. Le\u00efla Trablesi, qui ne pardonne pas \u00e0 son mari d&rsquo;avoir perdu un pays \u00e0 la t\u00eate duquel elle se voyait lui succ\u00e9der, ne retient plus le m\u00e9pris qu&rsquo;il lui inspire. <\/span><span>Sur la passerelle menant \u00e0 l&rsquo;avion, la fille du couple Ben Ali, Halima, parach\u00e8ve le path\u00e9tique tableau d&rsquo;un \u00abL\u00e2chez mon p\u00e8re, sinon je descend tous vous tuer\u00bb.<\/span><\/p>\n<h4 style=\"color: blue;\"><span lang=\"NO-BOK\">\u00abTu vas me ramener en Tunisie apr\u00e8s ?\u00bb<\/span><\/h4>\n<p><span lang=\"NO-BOK\">Ces d\u00e9tails d&rsquo;une fin de r\u00e8gne, la journaliste du <i>Nouvel Observateu<\/i>r les tient en partie d&rsquo;un officier de l&rsquo;arm\u00e9e convoqu\u00e9 pour escorter le pr\u00e9sident jusqu&rsquo;\u00e0 son avion. <\/span><span>L&rsquo;homme, \u00e9crit la journaliste, \u00aba les larmes aux yeux quand il se rappelle ce moment d&rsquo;histoire (\u2026) Comme s&rsquo;il \u00e9tait plus difficile d&rsquo;accepter d&rsquo;avoir v\u00e9cu pendant toutes ces ann\u00e9es sous le joug d&rsquo;un l\u00e2che\u00bb.<\/span><\/p>\n<p><span>Comme les premiers t\u00e9moignages l&rsquo;avaient d\u00e9j\u00e0 r\u00e9v\u00e9l\u00e9, le tyran ne voulait pas quitter son pays. Il ne l&rsquo;a fait qu&rsquo;\u00e0 la faveur d&rsquo;un subterfuge invent\u00e9 par son entourage, lui promettant un retour triomphal, en sauveur, dans un pays \u00e0 feu et \u00e0 sang. Dans l&rsquo;avion qui l&#8217;emporte vers une destination inconnue, le vieux tyran ne cesse, selon le t\u00e9moignage du pilote, de se rendre dans le cockpit pour inlassablement r\u00e9p\u00e9ter la m\u00eame question : \u00abMon fils, n&rsquo;est-ce pas que tu vas me ramener en Tunisie apr\u00e8s ?\u00bb. \u00abBien s\u00fbr\u00bb, ment le commandant de bord. La suite de l&rsquo;histoire, on la conna\u00eet, c&rsquo;est un vagabondage a\u00e9rien d&rsquo;\u00abOscar Oscar\u00bb, le nom donn\u00e9 \u00e0 l&rsquo;avion pr\u00e9sidentiel. <\/span><span lang=\"NO-BOK\">Annonc\u00e9 pour Malte puis pour la France, il sera finalement dirig\u00e9 vers Djedda, en Arabie saoudite,<a href=\"http:\/\/www.lefigaro.fr\/international\/2011\/01\/18\/01003-20110118ARTFIG00611-la-vie-de-palace-de-ben-ali-a-djeddah.php\" target=\"_blank\" rel=\"noopener\"><span>o\u00f9 Ben Ali s&rsquo;est r\u00e9fugi\u00e9<\/span><\/a>.<\/span><\/p>\n<p><span lang=\"NO-BOK\">Quant \u00e0 Le\u00efla, conclut l&rsquo;hebdomadaire, le r\u00eave de l&rsquo;ancienne \u00ab<a href=\"http:\/\/www.lefigaro.fr\/international\/2011\/01\/20\/01003-20110120ARTFIG00552-l-intrigante-leila-ben-ali-regente-dechue-de-tunisie.php\" target=\"_blank\" rel=\"noopener\"><span>r\u00e9gente de Carthage<\/span><\/a>\u00bb \u00abest devenu un cauchemar qui a pris le visage d&rsquo;un vieux despote aux cheveux teints, au visage botox\u00e9, celui-l\u00e0 m\u00eame qu&rsquo;elle voulait \u00e9vincer et dont il lui faut d\u00e9sormais, \u00e0 jamais, partager l&rsquo;exil\u00bb.<\/span><\/p>\n<p><b><span>Source: \u201dLe Figaro\u201d Le 10-02-2011<\/span><\/b><\/p>\n<div>\n<p><b><span lang=\"NO-BOK\">Lien: <\/span><span><a href=\"http:\/\/www.lefigaro.fr\/international\/2011\/02\/10\/01003-20110210ARTFIG00545-ben-ali-recit-d-une-fin-de-regne-pathetique.php\" target=\"_blank\" rel=\"noopener\"><span lang=\"NO-BOK\">http:\/\/www.lefigaro.fr\/international\/2011\/02\/10\/01003-20110210ARTFIG00545-ben-ali-recit-d-une-fin-de-regne-pathetique.php<\/span><\/a><\/span><\/b><\/p>\n<\/div>\n<p>\u00a0\u00a0\u00a0\u00a0\u00a0\u00a0\u00a0\u00a0\u00a0\u00a0\u00a0\u00a0\u00a0\u00a0\u00a0\u00a0\u00a0\u00a0\u00a0\u00a0\u00a0\u00a0\u00a0\u00a0\u00a0\u00a0\u00a0\u00a0\u00a0\u00a0\u00a0\u00a0\u00a0\u00a0\u00a0\u00a0\u00a0\u00a0\u00a0\u00a0\u00a0\u00a0\u00a0\u00a0\u00a0\u00a0\u00a0\u00a0\u00a0\u00a0\u00a0\u00a0\u00a0\u00a0\u00a0\u00a0\u00a0\u00a0\u00a0\u00a0\u00a0\u00a0\u00a0\u00a0\u00a0\u00a0\u00a0\u00a0\u00a0\u00a0\u00a0\u00a0\u00a0\u00a0\u00a0\u00a0\u00a0<a href=\"http:\/\/tempsreel.nouvelobs.com\/actualite\/monde\/20110210.FAP4881\/tunisie-arrestation-d-un-groupe-arme-dans-le-nord-ouest.html\" target=\"_blank\" rel=\"noopener\"><span><font size=\"3\"><strong>Tunisie: arrestation d&rsquo;un groupe arm\u00e9 dans le nord-ouest<\/strong><\/font><\/span><\/a><strong><\/strong><\/p>\n<hr\/>\n<p>\u00a0<\/p>\n<p><span lang=\"NO-BOK\">Les forces de s\u00e9curit\u00e9 tunisiennes ont arr\u00eat\u00e9 dans la nuit de mercredi \u00e0 jeudi \u00ab\u00a0un dangereux groupe de criminels arm\u00e9s\u00a0\u00bb au Kef, \u00e0 160m de Tunis, a rapport\u00e9 jeudi l&rsquo;agence de presse officielle TAP.<\/span><\/p>\n<p><span lang=\"NO-BOK\">Selon les premiers \u00e9l\u00e9ments d&rsquo;enqu\u00eate, le groupe a \u00e9t\u00e9 arr\u00eat\u00e9 par des agents des unit\u00e9s de s\u00e9curit\u00e9 avec l&rsquo;aide de l&rsquo;arm\u00e9e nationale, \u00e0 la lumi\u00e8re de son implication pr\u00e9sum\u00e9e dans les troubles sanglants qui avaient fait deux morts la semaine derni\u00e8re dans cette ville du nord-ouest tunisien.<\/span><\/p>\n<p><span lang=\"NO-BOK\">Cette flamb\u00e9e de violence avait cr\u00e9\u00e9 un climat de chaos et de terreur marqu\u00e9 par des incendies volontaires des biens publics et priv\u00e9s et des actes de pillage \u00e0 grande \u00e9chelle, notamment les postes de police de la ville.<\/span><\/p>\n<p><span>Elle avait pour origine une version controvers\u00e9e selon laquelle le chef du district de police aurait gifl\u00e9 une femme. D&rsquo;aucuns avancent que les bruits sur cet abus pr\u00e9sum\u00e9 auraient \u00e9t\u00e9 propag\u00e9s par des personnes suspectes infiltr\u00e9es dans la foule.<\/span><\/p>\n<p><span>Les personnes arr\u00eat\u00e9es sont soup\u00e7onn\u00e9es \u00e9galement de s&rsquo;\u00eatre livr\u00e9es \u00e0 des op\u00e9rations de contrebande et de corruption en complicit\u00e9 avec des membres de la famille du pr\u00e9sident d\u00e9chu Zine el Abidine ben Ali, ajoute la TAP.<\/span><\/p>\n<p><span>Des armes ont \u00e9t\u00e9 saisies par les unit\u00e9s des forces de s\u00e9curit\u00e9 et de l&rsquo;arm\u00e9e chez ces \u00e9l\u00e9ments qui ont \u00e9t\u00e9 traduits devant la justice pour \u00eatre jug\u00e9s et r\u00e9pondre de leurs actes criminels pr\u00e9sum\u00e9s, pr\u00e9cise l&rsquo;agence<\/span><\/p>\n<p><b><span>Source: \u201cLe nouvel ocservateur\u201d Le 10-02-2011<\/span><\/b><\/p>\n<div>\n<p><b><span lang=\"NO-BOK\">Lien:<a href=\"http:\/\/tempsreel.nouvelobs.com\/actualite\/monde\/20110210.FAP4881\/tunisie-arrestation-d-un-groupe-arme-dans-le-nord-ouest.html\" target=\"_blank\" rel=\"noopener\">http:\/\/tempsreel.nouvelobs.com\/actualite\/monde\/20110210.FAP4881\/tunisie-arrestation-d-un-groupe-arme-dans-le-nord-ouest.html<\/a><\/span><\/b><\/p>\n<\/div>\n<h5 align=\"center\" style=\"color: blue;\"><span>Tunisie : le \u00abpays le plus stable du Maghreb\u00bb selon la France<\/span><\/h5>\n<hr\/>\n<p><span>Plusieurs ministres laissent croire que des hommes de main du Rassemblement constitutionnel d\u00e9mocratique, interdit de toutes activit\u00e9s depuis dimanche en attendant une dissolution programm\u00e9e par voie de justice, \u00abcomplotent\u00bb contre la r\u00e9volution.<\/span><\/p>\n<p><span>La Tunisie, le \u00abpays le plus stable du Maghreb\u00bb selon la France, dixit un c\u00e2ble de WikiLeaks r\u00e9v\u00e9l\u00e9 hier par \u00ab20 Minutes.fr.\u00bb, un site d\u2019information, est confront\u00e9e \u00e0 des dangers.<\/span><\/p>\n<p><span>\u00abIl y a des personnes qui veulent faire revenir la Tunisie en arri\u00e8re, reconna\u00eet le Premier ministre Mohammed Ghannouchi apr\u00e8s avoir obtenu \u00abdes pouvoirs sp\u00e9ciaux n\u00e9cessaires pour permettre \u00e0 l\u2019ex\u00e9cutif de relever les d\u00e9fis<\/span><\/p>\n<p><span>auxquels il est confront\u00e9\u00bb.<\/span><\/p>\n<p><span>Signes de la persistance de la tension et de la contestation d\u2019abord \u00e0 Tunis puis dans tout le pays : l\u2019assassinat de six Tunisiens apr\u00e8s le limogeage de 42 responsables de la police, l\u2019arrestation en flagrant d\u00e9lit de policiers rest\u00e9s fid\u00e8les \u00e0 Rafik Belhaj Kacem, l\u2019ex-ministre de l\u2019Int\u00e9rieur, mis en garde \u00e0 vue depuis l\u2019entr\u00e9e sur sc\u00e8ne de l\u2019arm\u00e9e \u00e0 chaque pouss\u00e9e de fi\u00e8vre, pour r\u00e9tablir l\u2019ordre. Comme \u00e0 Kasserine (centre), au Kef (nord-ouest) ou Gafsa (centre sud). La raison ? Les policiers en proie \u00e0 des d\u00e9sertions en s\u00e9rie, sont invisibles. M\u00eame si l\u2019Int\u00e9rieur les presse de reprendre leur mission s\u2019ils ne veulent pas \u00eatre jug\u00e9s pour \u00ababandon de poste\u00bb.<\/span><\/p>\n<p><span>Plusieurs ministres laissent croire que des hommes de main du Rassemblement constitutionnel d\u00e9mocratique, interdit de toutes activit\u00e9s depuis dimanche en attendant une dissolution programm\u00e9e par voie de justice, \u00abcomplotent\u00bb contre la r\u00e9volution. Comme pour \u00absauver\u00bb la r\u00e9volution, l\u2019arm\u00e9e, la \u00abgarante de la R\u00e9volution\u00bb, qui sait que ses 45.000 hommes ne pourront pas faire le poids devant les 100.000 hommes des forces de s\u00e9curit\u00e9 et de police de Ben Ali, d\u00e9cr\u00e8te la mobilisation.<\/span><\/p>\n<p><span lang=\"NO-BOK\">Les r\u00e9servistes partis \u00e0 la retraite entre 2006 et 2010 et les conscrits de \u00abfin 2008 et tout 2009\u00bb doivent, selon un communiqu\u00e9 de la D\u00e9fense, se pr\u00e9senter \u00abdans les centres r\u00e9gionaux de conscription et de mobilisation les plus proches de leurs lieux de r\u00e9sidence\u00bb \u00e0 partir du 16 f\u00e9vrier.<\/span><\/p>\n<p><span lang=\"NO-BOK\">Ghannouchi qui passera aujourd\u2019hui devant le S\u00e9nat pour obtenir pour le pr\u00e9sident Mebazaa un \u00abfeu vert\u00bb pour la promulgation de d\u00e9crets-lois, sait que le temps lui est compt\u00e9 aussi \u00e9conomiquement. N\u00e9jib Chebbi, son ministre du D\u00e9veloppement r\u00e9gional, \u00e9value le manque \u00e0 gagner \u00e0 5 milliards de dinars (2,58 milliards d\u2019euros). De retour de Tunis, des d\u00e9put\u00e9s europ\u00e9ens ont appel\u00e9 hier \u00e0 Bruxelles \u00e0 une conf\u00e9rence de donateurs qui permettra de \u00abmettre en place une division du travail entre l\u2019UE, les Nations unies, le Conseil de l\u2019Europe.<\/span><\/p>\n<p><span lang=\"NO-BOK\">Selon la pr\u00e9sidente de la sous-commission du Parlement aux droits de l\u2019homme, la Finlandaise Heidi Hautala, cette \u00abaide\u00bb, en particulier pour la tenue d\u2019\u00e9lections libres, doit \u00eatre coordonn\u00e9e\u00bb.<\/span><\/p>\n<p><b><span>Source: \u201dAfrique Hebdo\u201d Le 09-02-2011<\/span><\/b><\/p>\n<div>\n<p><b><span lang=\"NO-BOK\">Lien: <\/span><span><a href=\"http:\/\/afriquehebdo.com\/090214366-tunisie-le-\u00abpays-le-plus-stable-du-maghreb\u00bb-selon-la-france\" target=\"_blank\" rel=\"noopener\"><span lang=\"NO-BOK\">http:\/\/afriquehebdo.com\/090214366-tunisie-le-%C2%ABpays-le-plus-stable-du-maghreb%C2%BB-selon-la-france<\/span><\/a><\/span><\/b><\/p>\n<\/div>\n<p align=\"center\"><b><span><font size=\"3\">O\u00f9 va la Tunisie ?<\/font> <\/span><\/b><\/p>\n<hr\/>\n<p>\u00a0<\/p>\n<p><b><span>Par<\/span><span lang=\"NO-BOK\">Catherine Nay\u00a0\u00a0\u00a0 \u00a0\u00a0\u00a0<\/span><\/b><\/p>\n<p><span>On oublierait presque que la chute du pr\u00e9sident Ben Ali, il y a quatre semaines, est \u00e0 l\u2019origine de tous les chamboulements du Moyen-Orient. Le gouvernement de transition remani\u00e9 est \u00e0 l\u2019\u0153uvre.<\/span><\/p>\n<p><span>Vendredi dernier, le nouveau ministre des Affaires \u00e9trang\u00e8res, Ahmed Abderraouf Ouna\u00efs, \u00e9tait \u00e0 Paris o\u00f9 il \u00e9tait l\u2019h\u00f4te de Mich\u00e8le Alliot-Marie.<\/span><\/p>\n<p><span>Jamais dans ses r\u00eaves les plus fous ce diplomate retrait\u00e9 depuis dix-sept ans, qui a \u00e9t\u00e9 ambassadeur \u00e0 l\u2019Onu, en Inde, \u00e0 Moscou\u2026 n\u2019aurait imagin\u00e9 \u00eatre propuls\u00e9 \u00e0 75 ans \u00e0 la t\u00eate de la diplomatie tunisienne, lui qui \u00e9tait sur une liste noire du clan Trabelsi dont il recevait des lettres d\u2019injures <i>\u00ab ignominieuses, sans pouvoir porter plainte \u00bb<\/i>.<\/span><\/p>\n<p><span>On rencontre un homme comme ressuscit\u00e9 des t\u00e9n\u00e8bres, volubile, s\u2019exprimant dans le fran\u00e7ais le plus ch\u00e2ti\u00e9. Il a fait ses \u00e9tudes \u00e0 la Sorbonne. Il est licenci\u00e9 en lettres. Rappelle que ses ma\u00eetres s\u2019appelaient Raymond Aron, Paul Ricoeur, Vladimir Jank\u00e9l\u00e9vitch. Il irradie du bonheur d\u2019\u00eatre l\u2019un des acteurs de la transition d\u00e9mocratique de son pays.<\/span><\/p>\n<p><span>Une issue dont il ne doute pas : <i>\u00ab Nous avons lanc\u00e9 un programme social d\u2019urgence pour les jeunes dipl\u00f4m\u00e9s sans travail, un plan de relance \u00e9conomique. Internet est rebranch\u00e9, les prisonniers politiques ont \u00e9t\u00e9 lib\u00e9r\u00e9s, la presse est libre. Toutes les associations et les partis sont autoris\u00e9s. La rupture a \u00e9t\u00e9 faite entre l\u2019\u00c9tat et l\u2019ancien parti h\u00e9g\u00e9monique de Ben Ali, le RCD, qui a \u00e9t\u00e9 suspendu. Les locaux et la logistique dont il b\u00e9n\u00e9ficiait lui ont \u00e9t\u00e9 retir\u00e9s ; 2 000 fonctionnaires ont \u00e9t\u00e9 mis \u00e0 pied. \u00bb<\/i><\/span><\/p>\n<p><span>Des \u00e9lections l\u00e9gislatives<i> \u00ab libres et loyales \u00bb<\/i> seront organis\u00e9es dans les six mois, apr\u00e8s quoi la commission ind\u00e9pendante qui r\u00e9fl\u00e9chit sur la r\u00e9forme constitutionnelle fera ses propositions.<i> \u00ab Ce sont les nouveaux \u00e9lus du Parlement renouvel\u00e9 qui d\u00e9cideront de l\u2019avenir institutionnel de la Tunisie \u00bb, <\/i>pr\u00e9cise le ministre qui ne craint pas l\u2019av\u00e8nement d\u2019un Parlement \u00e0 majorit\u00e9 islamiste : <i>\u00ab Nous sommes le pays le plus immunis\u00e9 contre ce risque car nous sommes la soci\u00e9t\u00e9 civile la plus \u00e9volu\u00e9e du monde arabe, la plus instruite aussi, avec une \u00e9galit\u00e9 hommes-femmes ins &#8211; taur\u00e9e par Bourguiba et que Ben Ali, il faut le reconna\u00eetre, a plut\u00f4t renforc\u00e9e. Seulement, <\/i>d\u00e9plore-t-il, <i>le pays \u00e9tait ali\u00e9n\u00e9 par un pouvoir despotique et corrompu. \u00bb<\/i><\/span><\/p>\n<p><span>C\u2019est ce pouvoir qui a pouss\u00e9 Ben Ali au d\u00e9part\u2026 mais dans l\u2019espoir d\u2019un retour possible. Avec un sc\u00e9nario : le chaos, la violence, la peur. En clair, une politique de la terre br\u00fbl\u00e9e pour faire revenir le \u201csauveur\u201d. Rat\u00e9.<\/span><\/p>\n<p><span>Ben Ali sera-t-il jug\u00e9 un jour ? <i>\u00ab Nous ne voulons pas de justice exp\u00e9ditive, ni de tribunaux d\u2019exception. Nous ne voulons pas de lynchage. S\u2019il devait y avoir un proc\u00e8s, ce serait, esp\u00e8re le ministre, devant une justice sereine. \u00bb<\/i><\/span><\/p>\n<p><span>\u00c9videmment, on l\u2019interroge sur son homologue Mich\u00e8le Alliot-Marie. Comment juge-t-il ses d\u00e9boires tunisiens ? Il r\u00e9pond : <i>\u00ab J\u2019ai beaucoup de respect pour Mich\u00e8le Alliot-Marie. \u00bb <\/i>Un jugement sans appel.<\/span><\/p>\n<p><span>Monsieur Ouna\u00efs est un homme optimiste, inspir\u00e9 d\u2019une foi quasi mystique en l\u2019avenir d\u00e9mocratique de son pays. D\u2019ailleurs, il l\u00e2che avec un sourire : <i>\u00ab Sans une part d\u2019utopie, on ne ferait rien. \u00bb<\/i> <\/span><\/p>\n<p><b><span>Source: \u201dValeurs Actuelles\u201d Le 10-02-2011<\/span><\/b><\/p>\n<div>\n<p><b><span lang=\"NO-BOK\">Lien:<a href=\"http:\/\/www.valeursactuelles.com\/notre-opinion\/notre-opinion\/o\u00f9-va-tunisie20110210.html\" target=\"_blank\" rel=\"noopener\">http:\/\/www.valeursactuelles.com\/notre-opinion\/notre-opinion\/o%C3%B9-va-tunisie20110210.html<\/a><\/span><\/b><\/p>\n<\/div>\n<p align=\"center\"><b><span><font size=\"3\">Tunisie\/Ka\u00efs Sa\u00efd : \u00ab\u00a0Nous sommes face \u00e0 une mascarade constitutionnelle<\/font> <\/span><\/b><\/p>\n<hr\/>\n<p>\u00a0<\/p>\n<p><span>Ka\u00efs Sa\u00efd, professeur de droit constitutionnel, trouve la loi habilitant le Pr\u00e9sident de la R\u00e9publique par int\u00e9rim \u00e0 l\u00e9gif\u00e9rer par d\u00e9crets-loi, \u00ab\u00a0d\u2019une constitutionnalit\u00e9 douteuse\u00a0\u00bb.\u00a0 A ses yeux, il est aujourd\u2019hui n\u00e9cessaire, voire vital pour la continuit\u00e9 de l\u2019Etat tunisien, de repenser d\u2019une mani\u00e8re fondamentale l\u2019organisation provisoire des pouvoirs constitutionnels. Ce constitutionnaliste qui fait circuler<\/span><span lang=\"NO-BOK\"><a href=\"http:\/\/www.petitionenligne.fr\/petition\/appel-pour-une-nouvelle-constitution-tunsienne\/800\" target=\"_blank\" rel=\"noopener\"><span lang=\"EN-US\">une p\u00e9tition \u00ab\u00a0En vue d\u2019une nouvelle constitution pour la Tunisie\u00a0\u00bb,<\/span><\/a><\/span><span> pense que le r\u00f4le du\u00a0 gouvernement provisoire n\u2019est pas de pr\u00e9parer l\u2019\u00e9ch\u00e9ance \u00e9lectorale pr\u00e9sidentielle, mais l\u2019\u00e9lection d\u2019une nouvelle Assembl\u00e9e constituante, pour l\u2019\u00e9laboration et l\u2019adoption d\u2019une nouvelle constitution.   Pourriez-vous nous expliquer la port\u00e9e du projet de loi, vot\u00e9 par les deux Chambres des D\u00e9put\u00e9s et des Conseillers, habilitant le Pr\u00e9sident de la R\u00e9publique par int\u00e9rim \u00e0 l\u00e9gif\u00e9rer par d\u00e9crets-loi ? C\u2019est le paragraphe cinq de l\u2019article 28 qui donne le pouvoir au Parlement compos\u00e9 de deux chambres d\u2019habiliter le Pr\u00e9sident de la R\u00e9publique \u00e0 prendre des d\u00e9crets-loi pour un d\u00e9lai limit\u00e9 en vue d\u2019un objet d\u00e9termin\u00e9. Il s\u2019agit donc d\u2019une d\u00e9l\u00e9gation de la part du pouvoir l\u00e9gislatif au profit du chef de l\u2019Etat \u00e0 l\u00e9gif\u00e9rer en son lieu et place. <\/span><span lang=\"NO-BOK\">Il y a en effet, trois sortes de d\u00e9crets-loi. <\/span><span>Ceux pr\u00e9vus par l\u2019article 28, comme c\u2019est le cas maintenant, et c\u2019est la premi\u00e8re fois que \u00e7a arrive en Tunisie.  La deuxi\u00e8me cat\u00e9gorie a trait aux\u00a0 d\u00e9crets-loi pr\u00e9vus en cas de vacances parlementaires, tel que le stipule l\u2019article 31. Habib Bourguiba y a eu recours, \u00e0 plusieurs reprises. Dans ce cas de figure, les d\u00e9crets-loi doivent-\u00eatre soumis \u00e0 l\u2019approbation du pouvoir l\u00e9gislatif.\u00a0 Or, ceux pris par Bourguiba notamment pendant les ann\u00e9es 60 n\u2019ont jamais \u00e9t\u00e9 ratifi\u00e9s par l\u2019assembl\u00e9e nationale. \u00a0 La troisi\u00e8me cat\u00e9gorie est pr\u00e9vue par l\u2019article 63 de la constitution, et n\u2019intervient qu\u2019en cas de\u00a0 dissolution de la chambre des D\u00e9put\u00e9s.   Dans le cas d\u2019esp\u00e8ce, quelles sont les raisons qui ont motiv\u00e9 le recours \u00e0 l\u2019article 28 ? Dans cette p\u00e9riode transitoire et assez d\u00e9licate, le gouvernement s\u2019est trouv\u00e9 accul\u00e9 \u00e0 recourir \u00e0 l\u2019article 28. L\u2019actuel gouvernement a besoin de l\u00e9gif\u00e9rer dans les mati\u00e8res qui rel\u00e8vent du domaine de la loi, parce qu\u2019il consid\u00e8re que la proc\u00e9dure l\u00e9gislative normale est assez longue, et qu\u2019il y a urgence de l\u00e9gif\u00e9rer par d\u00e9crets-loi. Mais, en fait la raison principale de ce recours est que les deux chambres qui constituent le parlement n\u2019ont plus de l\u00e9gitimit\u00e9, et ne sont plus repr\u00e9sentatives. Il y a deux probl\u00e8mes : l\u2019un est purement juridique, et l\u2019autre est politique. La possibilit\u00e9 de l\u00e9gif\u00e9rer par d\u00e9crets-loi repose sur l\u2019id\u00e9e que le pouvoir l\u00e9gislatif cens\u00e9 repr\u00e9senter la volont\u00e9 g\u00e9n\u00e9rale d\u00e9l\u00e8gue pour une p\u00e9riode d\u00e9termin\u00e9e au pouvoir ex\u00e9cutif cens\u00e9 \u00e9galement \u00eatre l\u00e9gitime. Or, actuellement, ni le pouvoir l\u00e9gislatif n\u2019est l\u00e9gitime, ni le chef de l\u2019Etat int\u00e9rimaire, n\u2019a une l\u00e9gitimit\u00e9 populaire. L\u2019article 28 en question permet cette d\u00e9l\u00e9gation au profit du pr\u00e9sident de la R\u00e9publique, et non au Pr\u00e9sident de la R\u00e9publique par int\u00e9rim. Par ailleurs, la loi de promulgation vot\u00e9e par les deux chambres ne d\u00e9l\u00e8gue pas au\u00a0 chef de l\u2019Etat par int\u00e9rim pour un d\u00e9lai limit\u00e9, or la p\u00e9riode doit-\u00eatre d\u00e9termin\u00e9e.   Cette loi est-elle, de ce fait, anticonstitutionnelle ?  Elle est d\u2019une constitutionnalit\u00e9 douteuse. Le pr\u00e9sident de la R\u00e9publique par int\u00e9rim qui a pris ses fonctions le 15 janvier, dispose d\u2019un d\u00e9lai pour exercer ses fonctions qui ne doit pas d\u00e9passer le 13 mars. Ce d\u00e9lai n\u2019a pas \u00e9t\u00e9 fix\u00e9 d\u2019une mani\u00e8re d\u00e9finitive et pr\u00e9cise. Le v\u00e9ritable probl\u00e8me ne se situe pas au niveau de cette l\u00e9galit\u00e9 tr\u00e8s douteuse, mais \u00e0 un niveau plus profond et grave, c\u2019est qu\u2019un pouvoir, m\u00eame s\u2019il se consid\u00e8re encore comme l\u00e9gal, n\u2019est plus l\u00e9gitime. Un pouvoir qui n\u2019est pas repr\u00e9sentatif peut-il d\u00e9l\u00e9guer ses fonctions l\u00e9gislatives, alors qu\u2019il n\u2019a pratiquement plus aucune repr\u00e9sentativit\u00e9, et aucune l\u00e9gitimit\u00e9. Il est aujourd\u2019hui n\u00e9cessaire, voire vital pour la continuit\u00e9 de l\u2019Etat tunisien, de repenser d\u2019une mani\u00e8re fondamentale l\u2019organisation provisoire des pouvoirs constitutionnels. L\u2019Etat tunisien doit continuer, mais le r\u00e9gime politique ant\u00e9rieur \u00e0 la r\u00e9volution doit cesser d\u2019exister.   Quelle est la solution que vous estimez la meilleure pour assurer la continuit\u00e9 de l\u2019Etat, tout en rompant avec le pass\u00e9 ?  Il faut s\u2019inspirer de notre exp\u00e9rience constitutionnelle tr\u00e8s riche, celle de la p\u00e9riode ayant suivi la proclamation de la R\u00e9publique par l\u2019Assembl\u00e9e nationale constituante. A cette \u00e9poque, le Pr\u00e9sident Bourguiba a eu recours \u00e0 un texte qui date du 21 septembre 1955,\u00a0 relatif \u00e0 l\u2019organisation provisoire des pouvoirs publics et l\u2019a modifi\u00e9 au lendemain du 25 juillet 1957 par l\u2019adoption d\u2019un nouveau r\u00e9gime r\u00e9publicain. Aujourd\u2019hui, il faut adapter notre organisation des pouvoirs constitutionnels \u00e0 la Tunisie apr\u00e8s le 14 janvier. L\u2019actuel gouvernement provisoire doit pr\u00e9parer non pas l\u2019\u00e9ch\u00e9ance \u00e9lectorale pr\u00e9sidentielle, mais l\u2019\u00e9lection d\u2019une nouvelle Assembl\u00e9e Nationale constituante. Une r\u00e9volution ne peut pas \u00eatre m\u00eal\u00e9e dans un texte constitutionnel qui s\u2019effondre de jour en jour. Si on continue dans les m\u00eames choix du gouvernement \u00e0 savoir pr\u00e9parer des pr\u00e9sidentielles, celui qui sera \u00e9lu comme pr\u00e9sident de la R\u00e9publique, exercera ses fonctions dans le cadre du m\u00eame texte constitutionnel, et aura les m\u00eames fonctions que le chef de l\u2019Etat d\u00e9chu, Ben Ali. Et si le parlement envisage de r\u00e9viser la constitution apr\u00e8s les \u00e9lections, cette r\u00e9vision sera certainement propos\u00e9e par le chef de l\u2019Etat \u00e9lu, elle sera son \u0153uvre, refl\u00e8tera sa mani\u00e8re de faire et ses choix. Il s\u2019agira tr\u00e8s probablement d\u2019une r\u00e9forme du m\u00eame texte constitutionnel, et non d\u2019une nouvelle constitution. Pourquoi ne pas permettre au peuple souverain de choisir librement une nouvelle constitution, adopt\u00e9e par une Assembl\u00e9e constituante librement \u00e9lue au suffrage universel direct, libre et secret.\u00a0 \u00a0  Qu\u2019en est-il des aspects organisationnel et juridique d\u2019une \u00e9ventuelle \u00e9lection de cette nouvelle constituante ? Le gouvernement transitoire doit pr\u00e9parer tous les textes relatifs aux \u00e9lections\u00a0 de l\u2019Assembl\u00e9e constituante, de mani\u00e8re \u00e0 permettre \u00e0 tous les partis, mais \u00e9galement aux personnalit\u00e9s ind\u00e9pendantes, de s\u2019y pr\u00e9senter. Le choix revient au peuple souverain, et \u00e0 lui seul.   Doit-on partir de l\u2019actuel texte constitutionnel pour \u00e9laborer la nouvelle constitution, ou le laisser de c\u00f4t\u00e9 et repartir \u00e0 z\u00e9ro ?  <\/span><span lang=\"NO-BOK\">Il faut laisser la constitution actuelle de c\u00f4t\u00e9, et reprendre tout d\u00e8s le d\u00e9part. Le texte actuel contient des dispositions qui peuvent-\u00eatre maintenues, mais encore une fois, c\u2019est au peuple de choisir, dire que le peuple n\u2019est pas apte \u00e0 choisir, n\u2019est en fait qu\u2019une mani\u00e8re de ne pas lui reconna\u00eetre sa souverainet\u00e9, a fortiori qu\u2019il l\u2019a \u00e9t\u00e9 en 1956, il ne peut pas, ne pas l\u2019\u00eatre en 2011.   <\/span><span>Il faut faire appel \u00e0 des constitutionnalistes pour \u00e9laborer la nouvelle constitution ? Il faut faire appel \u00e0 des experts, mais apr\u00e8s l\u2019\u00e9lection des membres de cette constituante, et non avant.   Cette op\u00e9ration va n\u00e9cessiter\u00a0 beaucoup de temps  Il ne faut pas avoir peur de l\u2019exp\u00e9rience constitutionnelle entre 1956 et 1959. Le texte du 25 mars 1956 n\u2019a \u00e9t\u00e9 promulgu\u00e9 que le 1er juin 1959. C\u2019est par la volont\u00e9 de Bourguiba qui a voulu asseoir son pouvoir.<\/span><span lang=\"NO-BOK\">La constituante en 1956 a consacr\u00e9 la plupart de ses travaux \u00e0 une \u0153uvre non constituante en mati\u00e8re budg\u00e9taire et autres. <\/span><span>Bourguiba a voulu apr\u00e8s la proclamation de la R\u00e9publique consolider son pouvoir avant l\u2019adoption du texte final de la constitution. La pr\u00e9paration d\u2019un texte constitutionnel ne prend pas beaucoup de temps. Quelques mois suffisent pour pr\u00e9parer un nouveau texte et l\u2019adopter. C\u2019est seulement avec l\u2019adoption d\u2019une nouvelle constitution que le futur pr\u00e9sident de la R\u00e9publique, et les futurs membres du pouvoir l\u00e9gislatif \u00e9lus, auront une l\u00e9gitimit\u00e9 constitutionnelle nouvelle, outre la l\u00e9gitimit\u00e9 que leur conf\u00e8rera, les \u00e9lections, sur la base de ce nouveau texte constitutionnel.   <\/span><span lang=\"NO-BOK\">Mais, on parle maintenant de d\u00e9cr\u00e9ter la loi d\u2019amnistie g\u00e9n\u00e9rale, de r\u00e9viser les codes de la presse, le code \u00e9lectoral, etc.  Le code \u00e9lectoral, la loi sur les partis, le code de la presse\u2026 constituent autant de textes importants, mais tout sera fait sur les bases de la constitution du 1er juin 1959. <\/span><span>Il faut revoir les priorit\u00e9s ; malgr\u00e9 le caract\u00e8re d\u00e9terminant de tous ces textes, ils n\u2019ont pas l\u2019importance du texte fondamental qu\u2019est la constitution. Le gouvernement actuel n\u2019aura pas une l\u00e9gitimit\u00e9 r\u00e9elle, s\u2019il ne prend pas cette d\u00e9cision de couper avec l\u2019ancien texte constitutionnel, et s\u2019il ne d\u00e9clare pas que la prochaine \u00e9ch\u00e9ance \u00e9lectorale sera celle de l\u2019\u00e9lection d\u2019une constituante.   Avec la promulgation du projet de loi habilitant le recours par le chef de l\u2019Etat par int\u00e9rim aux d\u00e9crets-loi, les deux chambres se sont sabord\u00e9es, c\u2019est dire qu\u2019elles ont mis fin, de facto, \u00e0 leurs missions&#8230; Non, les deux chambres existent encore, et le pr\u00e9sident int\u00e9rimaire n\u2019a pas le droit de les dissoudre. Mais, ces deux chambres n\u2019ont aucune l\u00e9gitimit\u00e9. Sous l\u2019ancien r\u00e9gime, les membres de la Chambre des conseillers \u00e9taient d\u00e9sign\u00e9s par Ben Ali, ou en fonction de leur loyaut\u00e9 au r\u00e9gime. Est-il possible qu\u2019ils continuent \u00e0 \u00eatre les repr\u00e9sentants du peuple. Par ailleurs, les membres de la chambre des D\u00e9put\u00e9s ont le droit de proposer des projets de loi au moins dans les domaines qui n\u2019ont pas \u00e9t\u00e9 attribu\u00e9s par cette loi d\u2019habilitation. Nous sommes face \u00e0 un blocage, voire une mascarade constitutionnelle, m\u00eame si certains veulent rester \u00e0 tout prix dans le sillage de la constitution actuelle. \u00a0 Plus grave encore s\u2019il y a vacance de la pr\u00e9sidence de la R\u00e9publique, personnellement je ne le souhaiterai pas, nous serons face \u00e0 un vide constitutionnel. Il faut voir les choses objectivement, il faut \u00eatre patriote, responsable, il faut laisser de c\u00f4t\u00e9 les luttes partisanes, les calculs des politiciens et voir l\u2019avenir de notre pays, c\u2019est notre devoir \u00e0 tous. Il s\u2019agit avant tout d\u2019une question de morale, nous vivons aujourd\u2019hui, une v\u00e9ritable crise de valeurs. Le peuple tunisien a besoin de gouvernants honn\u00eates, int\u00e8gres et capables d\u2019exprimer la volont\u00e9 du peuple.  Quels seront les principaux contours de l\u2019\u00e9ventuelle future constitution ?  Elle sera l\u2019expression des choix du peuple tunisien. S\u2019il veut maintenir quelques dispositions de l&rsquo;actuelle constitution comme l\u2019article premier, c\u2019est son choix. S\u2019il veut un r\u00e9gime parlementaire, rationnalis\u00e9 ou temp\u00e9r\u00e9, ce sera son choix.   D\u2019aucuns ont peur pour les acquis de la Tunisie, tel que le CSP, et veulent les int\u00e9grer dans la constitution. Qu&rsquo;en dites-vous ? La Tunisie a une histoire d\u2019ouverture. C\u2019est un peuple ouvert, il y a des acquis que tout le monde est d\u2019accord \u00e0 les reconna\u00eetre comme irr\u00e9versibles. Si les gens qui font la pri\u00e8re se tournent vers la Mecque, ils n\u2019oublieront jamais \u00e9galement qu\u2019ils sont proches de l\u2019Europe. Et n\u2019importe quel pouvoir ne peut gouverner, sans voir la position qu\u2019a toujours occup\u00e9e la Tunisie, tout au long de son histoire, comme un pays arabe, musulman, mais \u00e9galement m\u00e9diterran\u00e9en proche de l\u2019Europe. Le peuple tunisien apr\u00e8s le 14 Janvier, est un v\u00e9ritable rempart contre les exc\u00e8s et les extr\u00e9mismes. Ceci \u00e9tant, les 3 \u00e0 4 g\u00e9n\u00e9rations des droits de l\u2019Homme, et les acquis de la soci\u00e9t\u00e9 tunisienne en mati\u00e8re de statut personnel qui font pratiquement l\u2019unanimit\u00e9 de tous aujourd\u2019hui doivent-\u00eatre int\u00e9gr\u00e9s dans le prochain texte de la constitution. Celui-ci doit \u00e9galement am\u00e9nager les pouvoirs pour \u00e9viter tous les exc\u00e8s, pour qu\u2019il y ait s\u00e9paration et \u00e9quilibre entre les pouvoirs. Encore une fois, c\u2019est toute la soci\u00e9t\u00e9 tunisienne avec toute son histoire d\u2019ouverture et de modernit\u00e9 qui sera le v\u00e9ritable garant de la libert\u00e9. La soci\u00e9t\u00e9 tunisienne ne sera plus comme avant, et le peuple tunisien qui a fait cette r\u00e9volution du 14 janvier 2011 n\u2019acceptera jamais une nouvelle dictature, quelque soit sa couleur politique.   Etes-vous pour le maintien en Tunisie d\u2019un parlement bicam\u00e9ral, avec deux chambres ? Une deuxi\u00e8me chambre peut \u00e9ventuellement \u00eatre maintenue, pour repr\u00e9senter les collectivit\u00e9s locales \u00e0 l\u2019\u00e9chelle nationale, dans une sorte de d\u00e9mocratie participative. Mais, l\u2019actuelle chambre des Conseillers n\u2019a plus aucune raison d\u2019\u00eatre. Il faut revoir sa composition et ses attributions. <\/span><\/p>\n<p><b><span>Source:\u201dGlobalNet\u201d Le 10-02-2011<\/span><\/b><\/p>\n<div>\n<p><b><span lang=\"NO-BOK\">Lien:<a href=\"http:\/\/www.gnet.tn\/temps-fort\/tunisie\/kais-said-nous-sommes-face-a-une-mascarade-constitutionnelle\/id-menu-325.html\" target=\"_blank\" rel=\"noopener\">http:\/\/www.gnet.tn\/temps-fort\/tunisie\/kais-said-nous-sommes-face-a-une-mascarade-constitutionnelle\/id-menu-325.html<\/a><\/span><\/b><\/p>\n<\/div>\n<p align=\"center\"><b><span lang=\"NO-BOK\"><font size=\"3\">Clan Ben Ali<\/font><\/span><\/b><\/p>\n<p align=\"center\"><b><span lang=\"NO-BOK\"><font size=\"3\">Le luxe et la corruption<\/font><\/span><span lang=\"NO-BOK\"><\/span><\/b><\/p>\n<hr\/>\n<p>\u00a0<\/p>\n<p><span lang=\"NO-BOK\">Pr\u00e8s d\u2019un mois apr\u00e8s la chute du r\u00e9gime, l\u2019identification compl\u00e8te de l\u2019ensemble du patrimoine immobilier parisien du clan Ben Ali, de ses proches et de leurs associ\u00e9s continue \u00e0 d\u00e9frayer la chronique. Il ne se passe pas une semaine sans que les gazettes locales du bord de Seine n\u2019apportent leur lot de nouvelles r\u00e9v\u00e9lations sur un appartement ou un immeuble acquis par les membres de l\u2019ancien pouvoir gr\u00e2ce \u00e0 de malicieux tours r\u00e9sultant de jongleries financi\u00e8res et \u00e0 l\u2019usage syst\u00e9matique et complaisant de pr\u00eate-noms via des soci\u00e9t\u00e9s civiles immobili\u00e8res propres \u00e0 masquer efficacement les noms des v\u00e9ritables b\u00e9n\u00e9ficiaries de ces op\u00e9rations de blanchiment. A ce jour, pr\u00e8s d\u2019une demi-douzaine d\u2019adresses sises dans les beaux quartiers de Paris ont \u00e9t\u00e9 mises \u00e0 jour par les m\u00e9dias. Moncef Mzabi a \u00e9lu domicile place Victor Hugo dans le tr\u00e8s chic XVIe arrondissement, Nesrine Ben Ali et Sakhr El-Materi se sont log\u00e9s en mars 2010 dans un immeuble \u00e0 cinq niveaux \u00e0 l\u2019angle de la rue Le Sueur et de la rue du Bois de Boulogne, \u00e0 deux pas de la prestigieuse avenue Foch pr\u00e8s de l\u2019Arc de Triomphe; les fr\u00e8res Mabrouk habitent place des Etats-Unis depuis 2005, mais d\u00e9tiennent aussi un appartement rue de Galil\u00e9e ainsi qu\u2019un autre pied-\u00e0-terre boulevard Saint-Germain; Moncef El-Materi a acquis deux appartements mitoyens rue d\u2019Odessa \u00e0 Montparnasse; Slim Chiboub et Dorsaf Ben Ali ont \u00e9tabli leurs p\u00e9nates avenue Kl\u00e9ber en 2007; et, pour finir, ce qui pourrait \u00eatre le clou de cet impressionnant floril\u00e8ge patrimonial si l\u2019enqu\u00eate diligent\u00e9e par la justice tunisienne aupr\u00e8s des services antiblanchiment fran\u00e7ais le confirme, un h\u00f4tel particulier dans le quartier du Marais estim\u00e9 \u00e0 38 millions d\u2019euros que Le\u00efla Trabelsi se serait offert en octobre dernier! <\/span><span>Cette longue traque a commenc\u00e9 \u00e0 la fin du mois dernier suite \u00e0 l\u2019action enterprise par trois ONG : Transparency International, Sherpa et la Commission arabe des droits humains. Ces trois organisations ont d\u00e9clench\u00e9 une action p\u00e9nale pour \u00ab\u00a0corruption, d\u00e9tournement de fonds publics et blanchiment aggrav\u00e9\u00a0\u00bb. Peu apr\u00e8s, le parquet de Paris a saisi d\u2019une enqu\u00eate pr\u00e9liminaire l\u2019Office central pour la r\u00e9pression de la grande d\u00e9linquance financi\u00e8re et le service anti-blanchiment du Tracfin. Puis, au d\u00e9but du mois de f\u00e9vrier, l\u2019Union europ\u00e9enne d\u00e9cidait le gel des avoirs de l\u2019ex-pr\u00e9sident Ben Ali et de Le\u00efla Trabelsi ainsi que de 46 personnes consid\u00e9r\u00e9es comme membres du premier cercle de leur entourage imm\u00e9diat.<\/span><\/p>\n<p><b><span>Source: \u201cLa Presse\u201d Le 10-02-2011<\/span><\/b><\/p>\n<div>\n<p><b><span>Lien:<a href=\"http:\/\/www.lapresse.tn\/10022011\/22271\/le-luxe-et-la-corruption.html\" target=\"_blank\" rel=\"noopener\">http:\/\/www.lapresse.tn\/10022011\/22271\/le-luxe-et-la-corruption.html<\/a><\/span><\/b><\/p>\n<\/div>\n<p align=\"center\"><b><span><font size=\"3\">Le syndrome des sit-in<\/font> <\/span><\/b><\/p>\n<hr\/>\n<p>\u00a0<\/p>\n<p><span>Ca n\u2019en finit pas avec les sit-in de contestations et surtout\u00a0 de revendications. Partant de r\u00e9clamations sociales, puis politiques, la r\u00e9volution conna\u00eet, depuis quelques jours, une orientation nouvelle des revendications portant sur le volet socioprofessionnel et m\u00eame s\u00e9curitaire.  Hier matin, plusieurs centaines de manifestants ont entam\u00e9 un sit-in devant le minist\u00e8re du Commerce et du Tourisme, brandissant des banderoles et autres supports de leurs slogans exigeant<\/span><span lang=\"NO-BOK\"><font face=\"Calibri\">\u2002<\/font><\/span><span>la r\u00e9gularisation de leur situation professionnelle, la titularisation, la justice sociale, et autres dol\u00e9ances concernant l\u2019\u00e9viction des responsables appartenant \u00e0 l\u2019ancien r\u00e9gime.  Vers midi, la foule grandissante \u00e0 l\u2019avenue Kheireddine Pacha s\u2019est dispers\u00e9e pour former des foules distinctes selon leurs revendications. Celle qui a choisi de bloquer l\u2019issue au si\u00e8ge du minist\u00e8re r\u00e9clamait la titularisation des agents et des cadres temporaires et contractuels \u00abdont certains cadres ont le statut de temporaire depuis 1995 ! s\u2019exclame Atef Ayari, agent de contr\u00f4le. La deuxi\u00e8me revendication est d\u2019\u00e9tablir un statut interne clair, puisque depuis 1992, on a essay\u00e9 d\u2019en faire un mais \u00e0 chaque fois \u00e7a tombe dans l\u2019eau\u00bb. \u00abAussi, ajoute-t-il, nous n\u2019avons pas de syndicat pour nous d\u00e9fendre alors que notre situation financi\u00e8re est encore lamentable. Les responsables malhonn\u00eates d\u00e9sign\u00e9s par l\u2019ancien r\u00e9gime sont encore \u00e0 leurs postes et ce sont eux qui ont sem\u00e9 la pagaille dans le syst\u00e8me de travail du contr\u00f4le \u00e9conomique. Imaginez un simple ouvrier qui effectue la t\u00e2che d\u2019un contr\u00f4leur ! C\u2019est l\u2019un des d\u00e9passements qui se produisent dans le secteur jusque-l\u00e0 mal g\u00e9r\u00e9. Autrement, pour passer d\u2019un grade \u00e0 l\u2019autre nous devons passer du statut de titulaire \u00e0 celui de temporaire pour que nous puissions passer un concours de passage de grade. Nous avons des cadres qui disposent de doctorat et de licence en droit et qui sont pay\u00e9s en tant que bacheliers\u2026C\u2019est inadmissible<\/span><span>\u2008<\/span><span>!\u00bb.  <strong><span>SOS \u00abcorruption et abus de pouvoir\u00bb<\/span><\/strong>  Pour sa part, Afef Jertila, agent d\u2019administration, confirme que plusieurs responsables et hauts cadres sont \u00abimpliqu\u00e9s dans des circuits de corruption et des abus de pouvoir. Mohsen Aroui, ancien secr\u00e9taire d\u2019Etat, affirme Afef, Khelifa Tounakti, directeur g\u00e9n\u00e9ral de la concurrence et des enqu\u00eates \u00e9conomiques, et Ali Gharbi, directeur g\u00e9n\u00e9ral de la Soci\u00e9t\u00e9 des viandes, sont les symboles de la corruption au minist\u00e8re du Commerce et devraient \u00eatre jug\u00e9s pour leurs abus de pouvoir\u00bb. Quant \u00e0 Brahim Tarhouni, cadre du contr\u00f4le \u00e9conomique, il \u00e9voque le danger que repr\u00e9sentent plusieurs abus de pouvoir et d\u00e9passements de la part des directeurs \u00abqui ne cessent de prendre des d\u00e9cisions en leur faveur aux d\u00e9pens des agents. Il y a des agents non form\u00e9s, non habilit\u00e9s pour effectuer le contr\u00f4le \u00e9conomique et encore contractuels qui disposent des attributions de la police judiciaire, ce qui est grave. Ceci facilite la corruption au sein du corps et affecte la relation avec les commer\u00e7ants, de plus en plus tendue. Au niveau r\u00e9gional aussi, on note des d\u00e9passements notamment dans la d\u00e9signation des directeurs et des responsables qui n\u2019ont aucune notion du droit et des r\u00e9glementations du secteur\u00bb, souligne-t-il. L\u2019acc\u00e8s au minist\u00e8re \u00e9tait impossible pour recueillir des r\u00e9ponses aupr\u00e8s des responsables et du ministre. Ce dernier a fait une courte parution vers 13h00 avant de rejoindre la foule des protestataires venus du march\u00e9 de gros de Bir El Kassa\u00e2. Les ouvriers et les mandataires dudit march\u00e9 sont venus revendiquer une s\u00e9curit\u00e9 perdue. En effet, des agents de la coop\u00e9rative avaient assi\u00e9g\u00e9 t\u00f4t le matin le carr\u00e9 4 du march\u00e9 interdisant l\u2019acc\u00e8s des mandataires et des ouvriers. Un geste qui a pouss\u00e9 ces derniers \u00e0 aller protester devant le minist\u00e8re. Il a fallu que le nouveau ministre, M. Mehdi Houas, vienne rassurer les mandataires et les ouvriers qu\u2019il va intervenir pour s\u00e9curiser le march\u00e9 de gros. Salem Abidi, mandataire, affirme que les ouvriers de la coop\u00e9rative, dirig\u00e9e par Hmed Bou Oun, n\u2019ont pas agi de la sorte de leur propre gr\u00e9 et qu\u2019il y a des gens qui les ont pouss\u00e9s \u00e0 bloquer le carr\u00e9 4 du march\u00e9. \u00abL\u2019intention de ces gens, souligne-t-il, est d\u2019entraver notre travail alors que nous sommes en pourparlers avec les ouvriers pour r\u00e9gulariser leur situation. Nous sommes des investisseurs dans ce domaine et notre productivit\u00e9 est nettement meilleure que celle de la coop\u00e9rative en d\u00e9pit du contexte de plus en plus contraignant\u00bb. Par ailleurs, de l\u2019autre c\u00f4t\u00e9 de l\u2019avenue Kheireddine Pacha, on a remarqu\u00e9 un autre sit-in conduit par les agents et les cadres administratifs de la d\u00e9l\u00e9gation r\u00e9gionale de l\u2019\u00e9ducation de Tunis 1. Ils entament ce sit-in revendiquant entre autres la r\u00e9gularisation de leur situation et la titularisation des agents temporaires.<\/span><\/p>\n<p><b><span>Source: \u201cLa Presse\u201d Le 10-02-2011<\/span><\/b><\/p>\n<div>\n<p><b><span>Lien:<a href=\"http:\/\/www.lapresse.tn\/10022011\/22284\/le-syndrome-des-sit-in.html\" target=\"_blank\" rel=\"noopener\">http:\/\/www.lapresse.tn\/10022011\/22284\/le-syndrome-des-sit-in.html<\/a><\/span><\/b><\/p>\n<\/div>\n<\/div>\n<p><\/font><\/p>\n<div>\n<hr\/>\n<\/div>\n<div align=\"center\"><font face=\"Arial\" size=\"2\"><font size=\"3\"><strong><\/p>\n<h5 style=\"color: blue;\"><font>Al Zawahiri y Ghoneim frente a frente Al Qaeda juega su supervivencia en Egipto<\/font><\/h5>\n<p><\/strong><\/font><\/font><\/div>\n<div align=\"center\">\n<hr\/>\n<\/div>\n<p><b><\/b><\/p>\n<p align=\"justify\"><font size=\"2\">Cada d\u00eda se hace m\u00e1s acuciante el temor a un atentado terrorista en Egipto protagonizado por la nebulosa de Al Qaeda. La organizaci\u00f3n fundada sobre la ideolog\u00eda del doctor egipcio Ayman el Zawahiri juega su supervivencia en lo que ocurra en Egipto. Si el movimiento de la Plaza Tahrir triunfa, quedar\u00e1 demostrado que es posible una transici\u00f3n pac\u00edfica en el mundo \u00e1rabe para derrotar las tiran\u00edas, y se desmoronar\u00e1 el fundamento mismo de Al Qaeda.<\/font> \u00a0<\/p>\n<p align=\"justify\">\u00a0<\/p>\n<p align=\"justify\"><font size=\"2\">Por <strong><font>Pedro Canales<\/font><\/strong>. Corresponsal en el Magreb<\/font><\/p>\n<p align=\"justify\"><font size=\"2\">10-02-2011<\/font><\/p>\n<p align=\"justify\"><font><\/font><\/p>\n<p align=\"justify\"><font size=\"2\"><b>El temor a un atentado<\/b> ha crecido cuando el vicepresidente egipcio<b> Omar Suleiman <\/b>ha declarado este martes que \u201cactivistas de Al Qaeda\u201d figuran entre los miles de detenidos que se han evadido de las prisiones tras las protestas multitudinarias contra Hosni Mubarak. No ha especificado ni cu\u00e1ntos, ni si pertenecen a la Gamaa Islamiyya. Pero ha a\u00f1adido que ser\u00e1 muy dif\u00edcil volverlos a detener. <\/font><\/p>\n<p align=\"justify\">\u00a0<\/p>\n<p align=\"justify\"><font size=\"2\">Como para preparar el clima propicio al efecto devastador de un atentado, que traer\u00eda como consecuencia la irrupci\u00f3n del Ej\u00e9rcito en la escena p\u00fablica e incluso la Ley marcial, el movimiento iraqu\u00ed conocido como <b>\u201cEstado isl\u00e1mico de Irak\u201d<\/b>, al que se considera afiliado a la nebulosa de Al Qaeda, llam\u00f3 este martes a los egipcios \u201ca la guerra santa y a instaurar un gobierno basado en la Chariaa cor\u00e1nica\u201d, seg\u00fan ha divulgado el Centro americano de control de las p\u00e1ginas web islamistas (SITE). Un llamamiento sin embargo que suscita algunas sorpresas ya que los yihadistas iraqu\u00edes tienen poca o ninguna relaci\u00f3n con el pueblo egipcio.<\/font><\/p>\n<p align=\"justify\"><font size=\"2\">La atribuci\u00f3n que se hace en algunos c\u00edrculos de que este grupo terrorista iraqu\u00ed ha sido el inspirador del atentado contra la iglesia copta en Alejandr\u00eda el pasado 1 de enero que se sald\u00f3 con 23 muertos y un centenar de heridos, deja mucho escepticismo. Y m\u00e1s bien se sospecha de algunas \u201coficinas negra\u201d del propio r\u00e9gimen de Mubarak, en las que estar\u00eda el ex-ministro del Interior Habib Al Adly destituido en el cambio de gobierno de finales de enero. Seg\u00fan esta versi\u00f3n el objetivo del atentado era di\u00e1fano: enfrentar a las comunidades musulmana y copta. El clima de fraternidad que se ha vivido estos d\u00edas en la plaza Tahrir ha echado por tierra este prop\u00f3sito, en el que extra\u00f1amente coinciden los sectores m\u00e1s represores del r\u00e9gimen y los yihadistas isl\u00e1micos. <\/font><\/p>\n<p align=\"justify\"><font size=\"2\">En las dos semanas de manifestaciones populares en Egipto no se ha visto en ning\u00fan momento a la gente pedir la instauraci\u00f3n de un Estado isl\u00e1mico, de la Chariaa, o enarbolar banderas verdes o negras, seg\u00fan la tendencia isl\u00e1mica de que se trate, sino tan s\u00f3lo egipcias. En lugar del m\u00edtico \u201ccalifato\u201d, los manifestantes ped\u00edan democracia y libertad; en lugar de ensalzar a los l\u00edderes del yihadismo mundial, exigen elecciones libres y transparentes ; todos ellos conceptos que chocan con los fundamentos de Al Qaeda. <\/font><\/p>\n<p align=\"justify\"><font size=\"2\">El pueblo egipcio se ha pronunciado estent\u00f3reamente por una transici\u00f3n pac\u00edfica hacia la democracia. La cofrad\u00eda de los Hermanos Musulmanes se ha reiterado en contra del recurso a la violencia, que est\u00e1 en la base misma del yihadismo. Por el contrario, Al Zawahiry, afirma que \u201cs\u00f3lo la lucha armada y el yihad podr\u00e1n destruir el Estado imp\u00edo, sostenido por Israel y estados Unidos\u201d. <\/font><\/p>\n<p align=\"justify\"><font size=\"2\">El llamamiento a la Yihad hecho por el grupo iraqu\u00ed ha sido respondido de inmediato por los Hermanos Musulmanes egipcios. Jaled Hamza, responsable de la p\u00e1gina web de la cofrad\u00eda ha vuelto a martillar que \u201clos Hermanos Musulmanes siempre han rechazado y rechazar\u00e1n cualquier llamamiento a la violencia\u201d.<\/font><\/p>\n<p align=\"justify\"><font size=\"2\">Si la transici\u00f3n pac\u00edfica triunfa en Egipto, <b>las tesis del doctor Zawahiry se vendr\u00e1n abajo. <\/b>En su libro Hassad el Murrakor (Cosecha amarga), el ide\u00f3logo de Al Qaeda describe el m\u00e9todo para triunfar: minar el estado desde el interior, destruyendo sus bases econ\u00f3micas, culturales y pol\u00edticas. No cree en la acci\u00f3n de las masas. S\u00f3lo en la eficacia de sus comandos terroristas, sean o no suicidas. <\/font><\/p>\n<p align=\"justify\"><font size=\"2\"><b>La sombra del Ej\u00e9rcito<\/b> El Ej\u00e9rcito egipcio sigue siendo la columna vertebral del pa\u00eds. Pero no es s\u00f3lo una fuerza militar sino que est\u00e1 anclado profundamente en la sociedad, de la que controla una buena parte de la econom\u00eda, grandes obras, fabricaci\u00f3n de armamento, suministros militares y todo lo relacionado con la intendencia que conlleva una armada de medio mill\u00f3n de soldados. <\/font><\/p>\n<p align=\"justify\"><font size=\"2\">Algo muy importante para las Fuerzas Armadas es que la continuidad del r\u00e9gimen con Omar Suleiman, un escenario preparado por los aliados occidentales pero que cada vez est\u00e1 m\u00e1s contestado en el interior, le garantice los 1.300 millones de d\u00f3lares anuales que le otorgan los Estados Unidos en concepto de asistencia militar. Una ayuda sin embargo que est\u00e1 sujeta a la continuidad de los Acuerdos de paz con Israel y al mantenimiento del equilibrio geopol\u00edtico en la regi\u00f3n medio-oriental.<\/font><\/p>\n<p align=\"justify\"><font size=\"2\">En gran parte por esta raz\u00f3n, la c\u00fapula militar tiene una profunda aversi\u00f3n a los islamistas de la cofrad\u00eda Hermanos Musulmanes que mantienen su posici\u00f3n hostil a la paz firmada en Camp David en 1978 \u201ca expensas de la causa palestina\u201d. Aunque por el momento la cofrad\u00eda no pone esta cuesti\u00f3n al orden del d\u00eda, ya se sabe que su posici\u00f3n es que \u201ces imposible un acuerdo de paz sin el reconocimiento de Ham\u00e1s\u201d, el grupo palestino que controla la franja de Gaza fronteriza con Egipto. Los Hermanos Musulmanes quieren dejar el asunto para resolver en un futuro refer\u00e9ndum en el que el pueblo egipcio se pronuncie. <\/font><\/p>\n<p align=\"justify\"><font size=\"2\">El estado mayor del Ej\u00e9rcito siempre ha dado carta blanca a las actividades de los Servicios de inteligencia dirigidos por el general Omar Suleiman contra el terrorismo de la Gamaa Islamiyya autora de los atentados al World Trade Center en 1993 y del asesinato de turistas en Luxor en 1997; lo mismo que a la persecuci\u00f3n de la Yihad Isl\u00e1mica, seguidora de Ayman el Zawahiri. El Ej\u00e9rcito observa y espera. <\/font><\/p>\n<p align=\"justify\"><font size=\"2\">Parad\u00f3jicamente en Egipto en estos momentos se enfrentan dos s\u00edmbolos, el de Al Zawahiry que representa al extremismo y el yihadismo isl\u00e1mico, y el joven ciberactivista Wael Ghoneim, que representa un amplio sector de la juventud egipcia que ans\u00eda la libertad. Del triunfo de este \u00faltimo depende la supervivencia del primero, y el inicio del fin de una \u00e9poca oscura de opresi\u00f3n y corrupci\u00f3n. <\/font><\/p>\n<p align=\"justify\"><font size=\"2\"><strong>(Source: \u00ab\u00a0El Imparcial\u00a0\u00bb (Quotidien &#8211; Espagne) le 10 fevrier 2011) \u00a0<\/strong><\/font><\/p>\n<\/div>\n<p><\/body><\/body><\/html><\/p>","protected":false},"excerpt":{"rendered":"<p>TUNISNEWS 10 \u00e8me ann\u00e9e, N\u00b0 3915 du 10.02.2011 archives : www.tunisnews.net C.R.L.D.H. Tunisie: Pour une Justice Ind\u00e9pendante et Impartiale Amnesty International : Tunisie. Programme pour le changement en mati\u00e8re de droits humains Reporters sans fronti\u00e8res en Tunisie : \u00ab Une nouvelle libert\u00e9 \u00e0 pr\u00e9server \u00bb Reporters Without Borders in Tunisia : A new freedom that [&hellip;]<\/p>\n","protected":false},"author":1,"featured_media":22040,"comment_status":"open","ping_status":"open","sticky":false,"template":"","format":"standard","meta":{"inline_featured_image":false,"site-sidebar-layout":"default","site-content-layout":"","ast-site-content-layout":"default","site-content-style":"default","site-sidebar-style":"default","ast-global-header-display":"","ast-banner-title-visibility":"","ast-main-header-display":"","ast-hfb-above-header-display":"","ast-hfb-below-header-display":"","ast-hfb-mobile-header-display":"","site-post-title":"","ast-breadcrumbs-content":"","ast-featured-img":"","footer-sml-layout":"","ast-disable-related-posts":"","theme-transparent-header-meta":"","adv-header-id-meta":"","stick-header-meta":"","header-above-stick-meta":"","header-main-stick-meta":"","header-below-stick-meta":"","astra-migrate-meta-layouts":"default","ast-page-background-enabled":"default","ast-page-background-meta":{"desktop":{"background-color":"","background-image":"","background-repeat":"repeat","background-position":"center center","background-size":"auto","background-attachment":"scroll","background-type":"","background-media":"","overlay-type":"","overlay-color":"","overlay-opacity":"","overlay-gradient":""},"tablet":{"background-color":"","background-image":"","background-repeat":"repeat","background-position":"center center","background-size":"auto","background-attachment":"scroll","background-type":"","background-media":"","overlay-type":"","overlay-color":"","overlay-opacity":"","overlay-gradient":""},"mobile":{"background-color":"","background-image":"","background-repeat":"repeat","background-position":"center center","background-size":"auto","background-attachment":"scroll","background-type":"","background-media":"","overlay-type":"","overlay-color":"","overlay-opacity":"","overlay-gradient":""}},"ast-content-background-meta":{"desktop":{"background-color":"var(--ast-global-color-5)","background-image":"","background-repeat":"repeat","background-position":"center center","background-size":"auto","background-attachment":"scroll","background-type":"","background-media":"","overlay-type":"","overlay-color":"","overlay-opacity":"","overlay-gradient":""},"tablet":{"background-color":"var(--ast-global-color-5)","background-image":"","background-repeat":"repeat","background-position":"center center","background-size":"auto","background-attachment":"scroll","background-type":"","background-media":"","overlay-type":"","overlay-color":"","overlay-opacity":"","overlay-gradient":""},"mobile":{"background-color":"var(--ast-global-color-5)","background-image":"","background-repeat":"repeat","background-position":"center center","background-size":"auto","background-attachment":"scroll","background-type":"","background-media":"","overlay-type":"","overlay-color":"","overlay-opacity":"","overlay-gradient":""}},"footnotes":""},"categories":[],"tags":[54,42,29],"class_list":["post-16773","post","type-post","status-publish","format-standard","has-post-thumbnail","hentry","tag-54","tag-42","tag-fr"],"_links":{"self":[{"href":"https:\/\/tunisnews.net\/ar\/wp-json\/wp\/v2\/posts\/16773","targetHints":{"allow":["GET"]}}],"collection":[{"href":"https:\/\/tunisnews.net\/ar\/wp-json\/wp\/v2\/posts"}],"about":[{"href":"https:\/\/tunisnews.net\/ar\/wp-json\/wp\/v2\/types\/post"}],"author":[{"embeddable":true,"href":"https:\/\/tunisnews.net\/ar\/wp-json\/wp\/v2\/users\/1"}],"replies":[{"embeddable":true,"href":"https:\/\/tunisnews.net\/ar\/wp-json\/wp\/v2\/comments?post=16773"}],"version-history":[{"count":0,"href":"https:\/\/tunisnews.net\/ar\/wp-json\/wp\/v2\/posts\/16773\/revisions"}],"wp:featuredmedia":[{"embeddable":true,"href":"https:\/\/tunisnews.net\/ar\/wp-json\/wp\/v2\/media\/22040"}],"wp:attachment":[{"href":"https:\/\/tunisnews.net\/ar\/wp-json\/wp\/v2\/media?parent=16773"}],"wp:term":[{"taxonomy":"category","embeddable":true,"href":"https:\/\/tunisnews.net\/ar\/wp-json\/wp\/v2\/categories?post=16773"},{"taxonomy":"post_tag","embeddable":true,"href":"https:\/\/tunisnews.net\/ar\/wp-json\/wp\/v2\/tags?post=16773"}],"curies":[{"name":"wp","href":"https:\/\/api.w.org\/{rel}","templated":true}]}}