{"id":16737,"date":"2008-05-07T00:00:00","date_gmt":"2008-05-07T00:00:00","guid":{"rendered":"https:\/\/tunisnews.net\/7-mai-2008\/"},"modified":"2008-05-07T00:00:00","modified_gmt":"2008-05-07T00:00:00","slug":"7-mai-2008","status":"publish","type":"post","link":"https:\/\/tunisnews.net\/ar\/7-mai-2008\/","title":{"rendered":"7 mai 2008"},"content":{"rendered":"<p><html><head><meta content=\"text\/html\" description=\"Mardi 6 mai, le \n            jeune ALI BEN JEDDOU EL ALEIMI, 26 ans, est d\u00e9c\u00e9d\u00e9 \u00e9lectrocut\u00e9 \u00e0 \n            l'int\u00e9rieur d'un g\u00e9n\u00e9rateur \u00e9lectrique desservant les ateliers de la \n            compagnie des phosphates de Gafsa (Bassin minier situ\u00e9 \u00e0 400 kms de \n            Tunis).\" http-equiv=\"Content-Type\"\/><\/head><body><body><\/p>\n<p align=\"center\" dir=\"ltr\"><font face=\"Arial\" size=\"2\"><b><a href=\"http:\/\/www.tunisnews.net\"><span>Home<\/span><span lang=\"FR-CH\"> &#8211; Accueil <\/span><\/a><\/b><\/font><\/p>\n<p> <font face=\"Arial\" size=\"2\"><\/p>\n<div align=\"justify\">\n<div>\n<div>       \u00a0<\/p>\n<div>\n<div>\n<div align=\"center\"> <font face=\"Arial\" size=\"3\"><strong><\/p>\n<p><font> <\/p>\n<div>  <\/div>\n<p> <span lang=\"FR\"> <\/p>\n<div align=\"center\" dir=\"ltr\"> <font size=\"7\"> <span lang=\"SV\">              TUNISNEWS<\/span> <\/font> <\/div>\n<div> <font size=\"2\"><span lang=\"FR\">9\u00a0\u00e8me\u00a0ann\u00e9e, N\u00b0               \u00a02906\u00a0\u00a0du 07.05.2008<\/span><\/font><\/div>\n<div> <span><blink> <font size=\"2\">\u00a0archives : <\/font> <a target=\"_blank\" rel=\"noopener\"><font size=\"2\" target=\"_blank\">              www.tunisnews.net<\/font><\/a><\/blink><\/span><font size=\"2\"> <\/font> <\/div>\n<p> <\/span><\/font><\/p>\n<p><\/strong><\/font> <\/div>\n<div align=\"center\" dir=\"ltr\"> <font size=\"3\"><strong><\/p>\n<hr\/>\n<p><\/strong><\/font> <\/div>\n<div align=\"left\" dir=\"ltr\"> <span lang=\"FR\"> <strong>Comit\u00e9 de soutien aux luttes du bassin minier de Gafsa: Un             jeune ch\u00f4meur en lutte du bassin minier de Gafsa mort \u00e9lectrocut\u00e9<\/strong><\/span><\/div>\n<div align=\"left\" dir=\"ltr\"> <span lang=\"FR\"> <strong><font>FTCR: TUNISIE \u2026 Bassin minier de Gafsa             UN JEUNE DU BASSIN MINIER\u00a0\u00a0 MORT \u00c9LECTROCUT\u00c9             <\/font>Libert\u00e9 et Equit\u00e9: Nouvelles des libert\u00e9s en Tunisie<\/strong><\/span><\/div>\n<div align=\"left\" dir=\"ltr\"> <span lang=\"FR\"> <strong><font>AISPP: Qui saura mettre un terme aux             d\u00e9passements commis dans les prisons de Mornaguia et de Borj El Amri             ?<\/font>             AFP: Delano\u00eb \u00e0 Tunis pour une aide aux villes victimes des \u00e9meutes             de la faim             <font>Lib\u00e9ration.fr: La phrase \u00abmaladroite\u00bb de             Sarkozy, selon Kouchner<\/font>             AFP: Libert\u00e9s : la phrase de Sarkozy \u00e0 Tunis a \u00e9t\u00e9 \u00ab\u00a0maladroite\u00a0\u00bb,             selon Kouchner             <font>AP: Un site de paiement en ligne victime d&rsquo;un             escroc<\/font>             AFP: La microfinance essentielle pour la coh\u00e9sion sociale en             M\u00e9diterran\u00e9e (BEI)             <font>AgoraVox: T\u00e9moignage sur la Tunisie de Ben Ali<\/font>                         Jeune Afrique: Copie conforme              <font>webmanagercenter: Des travailleurs tunisiens             en France\u2026 comme chez eux !              <\/font>Le Temps: Au Forum du progr\u00e8s &#8211; D\u00e9bat passionn\u00e9 sur la             m\u00e9moire nationale             <font>AFP: Des soldats marocains accus\u00e9s d&rsquo;avoir             noy\u00e9 30 immigrants (presse)<\/font>             L\u2019Express: La diplomatie du ch\u00e9quier             <font>Sa\u00e2d Loun\u00e8s: L&rsquo;\u00e9chec des mod\u00e9r\u00e9s annonce\u00a0 le             retour de l&rsquo;islamisme radical<\/font>             Washington Post : Secular and Antidemocratic\u00a0 &#8211; In Turkey, another             attempt to reverse the elections won by moderate Islamists             <font>Droits pour Tous: Communique&rsquo;<\/font><\/strong><\/span><\/div>\n<div align=\"left\" dir=\"ltr\">\u00a0<\/div>\n<div align=\"left\" dir=\"ltr\"> <strong><font><\/p>\n<hr\/>\n<p><\/font><\/strong> <\/div>\n<\/p><\/div>\n<p> <span lang=\"FR\"> <\/p>\n<div> <font face=\"Arial\"> <\/p>\n<div align=\"center\"> <font face=\"Arial\"> <\/p>\n<p align=\"center\"> <span lang=\"SV\"> <strong>COMMUNIQUE DU COMIT\u00c9 DE SOUTIEN AUX LUTTES DU BASSIN MINIER             DE GAFSA<\/strong><\/span><\/p>\n<p align=\"center\"> <strong><\/p>\n<h2 style=\"color: red;\"><font>UN JEUNE CH\u00d4MEUR EN LUTTE DU BASSIN             MINIER DE GAFSA MORT \u00c9LECTROCUT\u00c9<\/font><\/h2>\n<p><\/strong><\/p>\n<p> <span lang=\"SV\"> <\/span><font> <span>Mardi 6 mai, le             jeune ALI BEN JEDDOU EL ALEIMI, 26 ans, est d\u00e9c\u00e9d\u00e9 \u00e9lectrocut\u00e9 \u00e0             l&rsquo;int\u00e9rieur d&rsquo;un g\u00e9n\u00e9rateur \u00e9lectrique desservant les ateliers de la             compagnie des phosphates de Gafsa (Bassin minier situ\u00e9 \u00e0 400 kms de             Tunis).             Le jeune TAOUFIK BEN SALAH, 21ans, se trouve dans le coma.             Ces deux jeunes faisaient parti d&rsquo;un groupe de jeunes ch\u00f4meurs qui,             la veille avaient occup\u00e9 le g\u00e9n\u00e9rateur \u00e9lectrique en stoppant par             leur action l&rsquo;alimentation d&rsquo;une partie des installations de la             Compagnie.             Ils protestaient par cette action spectaculaire contre le non             respect par les autorit\u00e9s pr\u00e9fectorales d&rsquo;un engagement stipulant le             recrutement au sein de la Compagnie d&rsquo;un certain nombre de ch\u00f4meurs.             Le sous-pr\u00e9fet accompagn\u00e9 d&rsquo;une brigade d&rsquo;intervention de la police             s&rsquo;est rendu sur place pour d\u00e9gager les jeunes ch\u00f4meurs en utilisant             des gaz lacrimog\u00e9nes.              Le jeune Al Ale\u00efmi, se serait empar\u00e9 de c\u00e2bles \u00e9lectriques afin             d&#8217;emp\u00eacher que l&rsquo;\u00e9vacuation ai lieu.             Le g\u00e9n\u00e9rateur \u00e9tait \u00e0 ce moment hors tension. La remise en route du             courant \u00e9lectrique a provoqu\u00e9 son \u00e9lectrocution et celle<\/span><\/font><span><font>             d&rsquo;un certain nombre de jeunes ch\u00f4meurs qui se trouvaient avec lui.             Selon des t\u00e9moins pr\u00e9sents au moment des faits, le corps du jeune El             Ale\u00efmi aurait \u00e9t\u00e9 projet\u00e9 sous le choc en dehors de l&rsquo;installation             \u00e9lectrique.              Les secours ne sont intervenus que plusieurs heures apr\u00e8s             l&rsquo;accident.              Ce drame a mis toute la r\u00e9gion en \u00e9moi et les affrontements avec les             forces de police ont d\u00e9g\u00e9n\u00e9r\u00e9.              <\/font><\/span> <span lang=\"SV\"> <font>Encore une fois, la seule r\u00e9ponse du r\u00e9gime de             Ben Ali au d\u00e9sarroi des jeunes ch\u00f4meurs du bassin minier, c&rsquo;est un             pas de plus dans la r\u00e9pression.                          <\/font><\/span><span> <font>Cette r\u00e9pression a fait pour la premi\u00e8re fois             des victimes. Deux jeunes qui, n&rsquo;ayant plus rien \u00e0 perdre ont pris             tous les risques pour que l&rsquo;on tienne compte de leur situation. L&rsquo;un             est mort \u00e9lectrocut\u00e9 et l&rsquo;autre est dans le coma.             Les autorit\u00e9s pr\u00e9fectorales r\u00e9gionales portent la responsabilit\u00e9 de             cette incident. Leur ent\u00eatement \u00e0 passer en force \u00e0 causer la mort.             Le comit\u00e9 de soutien aux luttes du bassin minier de Gafsa r\u00e9clame             d&rsquo;urgence:                           &#8211; l&rsquo;ouverture d&rsquo;une enqu\u00eate ind\u00e9pendante pour faire toute la lumi\u00e8re             sur cette bavure qui a entrain\u00e9 la mort du jeune El Ale\u00efmi              &#8211; l&rsquo;arr\u00eat de toute provocation polici\u00e8re \u00e0 l&rsquo;encontre des             protestations l\u00e9gitimes des jeunes ch\u00f4meurs             &#8211; la satisfaction de leurs revendications concernant le travail et             une vie digne             &#8211; la solidarit\u00e9 des organisations syndicales, associatives,             politiques au combat que m\u00e8nent depuis bient\u00f4t 5 mois toute la             population du bassin minier de Gafsa pour\u00a0 leur revendications             l\u00e9gitimes             &#8211; l&rsquo;envoi de d\u00e9l\u00e9gations internationales form\u00e9es de d\u00e9fenseurs des             droits sociaux de l&rsquo;homme afin de desserrer l&rsquo;\u00e9tau policier qui             enferme la r\u00e9gion mini\u00e8re.                          mercredi le 07 mai 2008<\/font><\/span><\/p>\n<p><\/font><\/div>\n<div align=\"center\"> <font face=\"Arial\"><strong><\/p>\n<hr\/>\n<p>F\u00e9d\u00e9ration des Tunisiens pour une Citoyennet\u00e9 des deux Rives             (FTCR)<\/p>\n<p><\/strong><\/font><\/div>\n<div align=\"center\">            \u00a0<\/div>\n<div align=\"center\"> <strong><\/p>\n<p><font>TUNISIE \u2026 Bassin minier de Gafsa             UN JEUNE DU BASSIN MINIER              \u00a0MORT \u00c9LECTROCUT\u00c9<\/font><\/p>\n<p><\/strong> \u00a0<\/div>\n<div align=\"justify\">                         Mardi 6 mai, le jeune Hichem BEN JEDDOU EL ALEIMI (24 ans) est             d\u00e9c\u00e9d\u00e9 \u00e9lectrocut\u00e9 \u00e0 l&rsquo;int\u00e9rieur d&rsquo;un g\u00e9n\u00e9rateur \u00e9lectrique             desservant les ateliers de la compagnie des phosphates de Gafsa             (Bassin minier situ\u00e9 \u00e0 400 km de Tunis). Le jeune TAOUFIK BEN SALAH             (22ans) se trouve dans le coma. Ces deux jeunes faisaient parti d&rsquo;un             groupe de ch\u00f4meurs qui, la veille, avaient occup\u00e9 le g\u00e9n\u00e9rateur             \u00e9lectrique pour stopper l&rsquo;alimentation d&rsquo;une partie des             installations de la Compagnie.             Ils protestaient par cette action spectaculaire contre le non             respect par les autorit\u00e9s pr\u00e9fectorales d&rsquo;un engagement stipulant le             recrutement d&rsquo;un certain nombre de ch\u00f4meurs au sein de la Compagnie.             Le sous-pr\u00e9fet accompagn\u00e9 d&rsquo;une brigade d&rsquo;intervention de la police             s&rsquo;est rendu sur place pour d\u00e9gager les jeunes ch\u00f4meurs en utilisant             des gaz lacrymog\u00e8nes.             Le jeune Hichem Al Ale\u00efmi, se serait empar\u00e9 de c\u00e2bles \u00e9lectriques             afin d&#8217;emp\u00eacher\u00a0 l&rsquo;\u00e9vacuation des lieux.             Le g\u00e9n\u00e9rateur \u00e9tait \u00e0 ce moment hors tension. La remise en route du             courant \u00e9lectrique a provoqu\u00e9 son \u00e9lectrocution et celle d&rsquo;un             certain nombre de jeunes ch\u00f4meurs qui se trouvaient avec lui. Selon             des t\u00e9moins pr\u00e9sents au moment des faits, le corps du jeune Hichem             aurait \u00e9t\u00e9 projet\u00e9 sous le choc en dehors de l&rsquo;installation             \u00e9lectrique.             Les secours ne sont intervenus que plusieurs heures apr\u00e8s             l&rsquo;accident.             Ce drame a mis toute la r\u00e9gion en \u00e9moi et les affrontements avec les             forces de police ont d\u00e9g\u00e9n\u00e9r\u00e9.             Encore une fois, la seule r\u00e9ponse du r\u00e9gime de Ben Ali au d\u00e9sarroi             des jeunes ch\u00f4meurs du bassin minier \u00e9tait\u00a0 la r\u00e9pression.             Cette r\u00e9pression a fait pour la premi\u00e8re fois des victimes. Deux             jeunes qui, n&rsquo;ayant plus rien \u00e0 perdre ont pris tous les risques             pour que l&rsquo;on tienne compte de leur situation.             \u00a0L&rsquo;un est mort \u00e9lectrocut\u00e9, l&rsquo;autre est dans le coma.             Les autorit\u00e9s pr\u00e9fectorales r\u00e9gionales sont responsables de cet             incident. Leur ent\u00eatement \u00e0 passer en force a caus\u00e9 la mort.             Le comit\u00e9 de soutien aux luttes du bassin minier de Gafsa \u00e0 Paris             tient \u00e0 exprimer \u00e0 la famille El Ale\u00efmi ses sinc\u00e8res condol\u00e9ances et             souhaite un prompt r\u00e9tablissement pour Taoufik Ben Salah                          Le comit\u00e9 r\u00e9clame d\u2019urgence :             \u00a7\u00a0\u00a0\u00a0\u00a0\u00a0\u00a0\u00a0\u00a0 l&rsquo;ouverture d&rsquo;une enqu\u00eate ind\u00e9pendante pour faire toute la             lumi\u00e8re sur cette bavure qui a entra\u00een\u00e9 la mort du jeune Hichem El             Ale\u00efmi ;             \u00a7\u00a0\u00a0\u00a0\u00a0\u00a0\u00a0\u00a0\u00a0 l&rsquo;arr\u00eat de toute provocation polici\u00e8re \u00e0 l&rsquo;encontre des             protestations l\u00e9gitimes des jeunes ch\u00f4meurs ;             \u00a7\u00a0\u00a0\u00a0\u00a0\u00a0\u00a0\u00a0\u00a0 la satisfaction de leurs revendications concernant le             travail et une vie digne             Le Comit\u00e9 appelle \u00e0 la solidarit\u00e9 de toutes les organisations             syndicales, associatives, politiques dans le combat que m\u00e8ne depuis,             bient\u00f4t 5 mois toute la population du bassin minier de Gafsa.                          Comit\u00e9 de soutien aux luttes du bassin minier de Gafsa \u00e0 Paris. C\/o             FTCR, 3 rue de Nantes 75019             Bassin.minier@hotmail.com. www.ftcr.eu                                       Mercredi le 07 mai 2008                                       <strong>F\u00e9d\u00e9ration des Tunisiens pour une Citoyennet\u00e9 des deux Rives             (FTCR)<\/strong>             3 rue de Nantes             Paris 75019             T\u00e9l: 01 46 07 54 04             Fax: 01 40 34 18 15             e-mail: ftcr2@wanadoo.fr             Site: www.ftcr.eu<\/div>\n<p> <\/font> <\/p>\n<p align=\"center\"><font face=\"Arial\"><\/font><\/p>\n<hr\/>\n<p>Sauvez la vie du prisonnier politique et ing\u00e9nieur Ridha Boukadi           Libert\u00e9 pour Slim Boukhdhir, la plume libre <\/p>\n<p>\u00a0<\/p>\n<p align=\"center\"><font face=\"Arial\"><strong>Libert\u00e9           et Equit\u00e9           <\/strong><\/font><font face=\"Arial\">Organisation de droits de l\u2019homme           ind\u00e9pendante<\/font><\/p>\n<p align=\"center\"><font face=\"Arial\">33 rue Mokhtar Atya, 1001 Tunis           Tel\/fax: 71 340 860           Email : <\/font> <a href=\"http:\/\/fr.f265.mail.yahoo.com\/ym\/Compose?To=liberte.equite@gmail.com\" rel=\"nofollow noopener\" target=\"_blank\" ymailto=\"mailto:liberte.equite@gmail.com\"> <font face=\"Arial\">liberte.equite@gmail.com<\/font><\/a><\/p>\n<p align=\"center\"><font face=\"Arial\">Tunis, le 5mai 2008<\/font><\/p>\n<p align=\"center\">\n<h2 style=\"color: red;\"><font face=\"Arial\" size=\"3\"><strong>Nouvelles des libert\u00e9s en Tunisie<\/strong><\/font><\/h2>\n<\/p>\n<p><font face=\"Arial\"><strong><font>Abdelaziz Jellali,<\/font><\/strong>           lyc\u00e9en en quatri\u00e8me ann\u00e9e technique (baccalaur\u00e9at) au lyc\u00e9e de Sidi           Bouzid, a \u00e9t\u00e9 renvoy\u00e9 d\u00e9finitivement de l\u2019\u00e9tablissement pr\u00e9cit\u00e9 pour           un flagrant d\u00e9lit de pri\u00e8re du soir dans l\u2019enceinte du lyc\u00e9e. Il a \u00e9t\u00e9           arr\u00eat\u00e9 par des agents en civil il y a trois jours dans le gouvernorat           de Nabeul alors qu\u2019il venait de s\u2019inscrire dans un lyc\u00e9e et emmen\u00e9           dans un lieu inconnu. Abdelaziz Jellali a dix sept ans, a une bonne           conduite et est brillant dans ses \u00e9tudes.<\/font><\/p>\n<p><font face=\"Arial\">Pour le bureau ex\u00e9cutif de l\u2019Organisation<\/font><\/p>\n<p><font face=\"Arial\"><strong>Ma\u00eetre Mohammed Nouri<\/strong><\/font><\/p>\n<p><font face=\"Arial\">(traduction ni revue ni corrig\u00e9e           par les auteurs de la version en arabe, LT)<\/font><\/p>\n<\/div>\n<p align=\"center\">\u00a0<\/p>\n<hr\/>\n<p>\u00a0<\/p>\n<div align=\"center\">          Libert\u00e9 pour tous les prisonniers politiques           Libert\u00e9 pour Abdallah Zouari, le journaliste exil\u00e9 dans son propre           pays           <strong><font>Association Internationale de Soutien           aux Prisonniers politiques<\/font><\/strong>           43 Rue Eldjazira, Tunis           e-mail :            aispptunisie@yahoo.fr                       Tunis, le 5 mai 2008<\/div>\n<div align=\"center\">          \u00a0<\/div>\n<div align=\"center\"> <strong><\/p>\n<p><font size=\"3\">Qui saura mettre un terme aux           d\u00e9passements commis dans les prisons de Mornaguia et de Borj El Amri ?<\/font><\/p>\n<p><\/strong><\/div>\n<div align=\"center\">          \u00a0<\/div>\n<div align=\"justify\">          L\u2019administration de la prison de Borj El Amri s\u2019acharne \u00e0 priver les           prisonniers dits de \u00ab l\u2019antiterrorisme \u00bb de leurs droits \u00e9l\u00e9mentaires,           garantis par la loi tunisienne et impos\u00e9s par les conventions           internationales. Parmi les violations quotidiennes auxquelles sont           confront\u00e9s les prisonniers Ahmed Mrabet et Jameleddine Mellakh, les           mauvais traitements : en effet Ahmed Mrabet ne peut recevoir de           lettres depuis de longs mois et l\u2019administration lui refuse le droit           de se soigner, m\u00eame \u00e0 ses propres frais, d\u2019o\u00f9 une aggravation de son           \u00e9tat [\u2026] Jameleddine Mellakh, lui n\u2019a pu mener \u00e0 terme la visite, sa           m\u00e8re l\u2019ayant inform\u00e9.. de la lib\u00e9ration de Sami Elhajj !           L\u2019AISPP a appris que les prisonniers de \u00ab l\u2019antiterrorisme \u00bb des           pavillons H et J de la prison de Mornaguia ont entam\u00e9 une gr\u00e8ve de la           faim pour protester contre les mauvais traitements, les violences, la           sanction de l\u2019isolement au cachot individuel, auxquels ils sont en           butte arbitrairement et pour exiger un lit par prisonnier (ils sont           contraints de dormir \u00e0 trois par lit actuellement), ainsi que pour           \u00eatre s\u00e9par\u00e9s des prisonniers de droit commun, avoir droit \u00e0 \u00eatre           soign\u00e9s correctement.           [\u2026]           Pour l\u2019association           Le Comit\u00e9 directeur<\/div>\n<p align=\"center\">        \u00a0<\/p>\n<p> <\/span> <\/p>\n<p align=\"center\"> <span lang=\"FR\"><\/span><\/p>\n<hr\/>\n<p>\u00a0<\/p>\n<p align=\"center\"> <span lang=\"FR\">\u00a0<strong><\/p>\n<h2 style=\"color: red;\"><font size=\"3\">Delano\u00eb         \u00e0 Tunis pour une aide aux villes victimes des \u00e9meutes de la faim<\/font><\/h2>\n<p><\/strong>\u00a0<font face=\"Arial\"><\/font><\/span><\/p>\n<div align=\"justify\">                     \u00a0AFP, le 7 mai 2008 \u00e0 16h44            PARIS (AFP)\u00a0 &#8211; Le maire de Paris, Bertrand Delano\u00eb, se rendra du 8 au           10 mai en Tunisie, d\u00e9placement \u00e0 l&rsquo;occasion duquel une aide d&rsquo;urgence           de 200.000 euros sera octroy\u00e9e par la Ville de Paris et l&rsquo;Association           Internationale des Maires Francophones (AIMF) aux villes victimes des           \u00e9meutes de la faim.            \u00a0           Cette aide permettra d&rsquo;offrir dans un premier groupe de villes une           dotation alimentaire aux enfants scolaris\u00e9s, premi\u00e8res victimes de la           famine. D&rsquo;autres maires de l&rsquo;AIMF ou de l&rsquo;Organisation des Villes           Arabes (OVA) pourraient par la suite renforcer ce dispositif, pr\u00e9cise           la ville de Paris dans un communiqu\u00e9.            \u00a0           Au cours de cette visite, sera \u00e9galement sign\u00e9 \u00e0 Tunis le premier           accord de coop\u00e9ration entre l&rsquo;Association Internationales des Maires           Francophones (AIMF), pr\u00e9sid\u00e9e par M. Delano\u00eb.            \u00a0           Le d\u00e9placement devrait porter notamment sur le d\u00e9veloppement de           projets communs, comme le soutien aux \u00e9co quartiers.            \u00a0           A Tunis, l&rsquo;AIMF devrait d\u00e9cider \u00e9galement de financer neuf nouveaux           projets de coop\u00e9ration estim\u00e9s \u00e0 plus d&rsquo;un million d&rsquo;euros concernant           notamment l&rsquo;acc\u00e8s \u00e0 l&rsquo;eau (Abomey au B\u00e9nin, Saint Louis au S\u00e9n\u00e9gal) ou           des projets novateurs comme le SAMU social de Bucarest.            \u00a0<\/div>\n<div align=\"justify\">\n<hr\/><\/div>\n<div align=\"justify\">\n<p align=\"center\"> <font size=\"3\"><strong> <span>Libert\u00e9s           : la phrase de Sarkozy \u00e0 Tunis a \u00e9t\u00e9 \u00ab\u00a0maladroite\u00a0\u00bb, selon Kouchner<\/span><\/strong><\/font><\/p>\n<p> <span>\u00a0<\/span><\/p>\n<p><span>AFP,           le 7 mai 2008 \u00e0 10h00<\/span><span>                      PARIS, 7 mai 2008 (AFP) &#8211; La d\u00e9claration du pr\u00e9sident Nicolas Sarkozy           affirmant que \u00ab\u00a0l&rsquo;espace des libert\u00e9s progresse\u00a0\u00bb en Tunisie a \u00e9t\u00e9           \u00ab\u00a0maladroite\u00a0\u00bb, a estim\u00e9 mercredi le ministre des Affaires \u00e9trang\u00e8res           Bernard Kouchner.                      \u00ab\u00a0Cette phrase fut maladroite\u00a0\u00bb, a dit M. Kouchner, en r\u00e9ponse \u00e0 une           question de la radio France Inter. <\/span> <span lang=\"SV\">\u00ab\u00a0En dehors           de cette phrase, oui, par rapport aux autres pays, en particulier dans           la r\u00e9gion, \u00e7a va bien mieux\u00a0\u00bb en Tunisie, a-t-il dit, ajoutant : \u00ab\u00a0Mais           c&rsquo;est insuffisant et il fallait le souligner\u00a0\u00bb.                      Les propos du pr\u00e9sident Nicolas Sarkozy, tenus la semaine derni\u00e8re           lors d&rsquo;une visite officielle \u00e0 Tunis, ont soulev\u00e9 un toll\u00e9 de la part           des d\u00e9fenseurs des droits de l&rsquo;Homme.                      M. Kouchner a fait valoir que les atteintes aux droits de l&rsquo;Homme en           Tunisie \u00e9taient \u00ab\u00a0vraiment des p\u00e9ch\u00e9s v\u00e9niels compar\u00e9s \u00e0 l&rsquo;\u00e9tat du           monde\u00a0\u00bb.                      <\/span><span>\u00ab\u00a0Il y a un           gros livre de (l&rsquo;organisation de d\u00e9fense des droits de l&rsquo;Homme) Human           Rights Watch qui para\u00eet tous les ans pour faire l&rsquo;\u00e9tat des droits de           l&rsquo;Homme dans le monde : la Tunisie n&rsquo;y figure m\u00eame plus\u00a0\u00bb, a-t-il           affirm\u00e9.                      L&rsquo;antenne fran\u00e7aise d&rsquo;une autre organisation de d\u00e9fense des droits de           l&rsquo;Homme, Amnesty international, a d\u00e9nonc\u00e9 la \u00ab\u00a0triste continuit\u00e9 de la           politique fran\u00e7aise en Tunisie\u00a0\u00bb apr\u00e8s les propos du           pr\u00e9sident Sarkozy.                      Le ministre des Affaires \u00e9trang\u00e8res a reconnu que le gouvernement           fran\u00e7ais allait devoir \u00eatre \u00ab\u00a0plus attentif\u00a0\u00bb \u00e0 la question des droits           de l&rsquo;Homme \u00e0 l&rsquo;avenir.                      \u00ab\u00a0On peut dire : vous vous acharnez \u00e0 lib\u00e9rer Ingrid Betancourt, pour           le reste, qu&rsquo;est-ce que vous faites pour les droits de l&rsquo;Homme ?\u00a0\u00bb, a           d\u00e9clar\u00e9 le ministre. \u00ab\u00a0C&rsquo;est une juste question et il faut que nous           soyons plus attentifs, comme d&rsquo;ailleurs le pr\u00e9sident Sarkozy l&rsquo;avait           promis dans sa campagne\u00a0\u00bb.                      <strong><span>AFP <\/span> <\/strong><b><span> \u00a0<\/span><\/b><\/span><\/p>\n<\/div>\n<div align=\"justify\">\n<hr\/><\/div>\n<\/p><\/div>\n<div>        \u00a0<\/div>\n<div>\n<div align=\"center\">\n<h2 style=\"color: red;\"><font size=\"3\"><strong>La phrase \u00abmaladroite\u00bb de           Sarkozy, selon Kouchner<\/strong><\/font><\/h2>\n<\/div>\n<div align=\"justify\">          \u00a0<\/div>\n<div align=\"justify\">          La semaine derni\u00e8re, le Pr\u00e9sident estimait que \u00abl&rsquo;espace des libert\u00e9s           progressait\u00bb en Tunisie. Une affirmation corrig\u00e9e du bout des l\u00e8vres           par le ministre des Affaires \u00e9trang\u00e8res.           \u00a0           Sarkozy maladroit, c&rsquo;est Kouchner qui le dit. Le ministre des Affaires           \u00e9trang\u00e8res a r\u00e9agi ce matin sur France Inter, suite \u00e0 la d\u00e9claration           du pr\u00e9sident de la R\u00e9publique affirmant que \u00abl\u2019espace des libert\u00e9s           progresse\u00bb en Tunisie. \u00abCette phrase fut maladroite\u00bb, a dit Bernard           Kouchner, en r\u00e9ponse \u00e0 une question de la radio. \u00abEn dehors de cette           phrase, oui, par rapport aux autres pays, en particulier dans la           r\u00e9gion, \u00e7a va bien mieux\u00bb en Tunisie, a-t-il ajout\u00e9. \u00abMais c\u2019est           insuffisant et il fallait le souligner\u00bb.           \u00a0           Les propos de Nicolas Sarkozy, tenus la semaine derni\u00e8re lors d\u2019une           visite officielle \u00e0 Tunis, ont soulev\u00e9 un toll\u00e9 de la part des           d\u00e9fenseurs des droits de l\u2019Homme. Kouchner a fait valoir que les           atteintes aux droits de l\u2019Homme en Tunisie \u00e9taient \u00abvraiment des           p\u00e9ch\u00e9s v\u00e9niels compar\u00e9s \u00e0 l\u2019\u00e9tat du monde\u00bb.            \u00a0           \u00abIl y a un gros livre de (l\u2019organisation de d\u00e9fense des droits de           l\u2019Homme) Human Rights Watch qui para\u00eet tous les ans pour faire l\u2019\u00e9tat           des droits de l\u2019Homme dans le monde: la Tunisie n\u2019y figure m\u00eame plus\u00bb,           a-t-il affirm\u00e9. Une affirmation d\u00e9mentie par l&rsquo;ONG aupr\u00e8s de           Lib\u00e9ration.fr. \u00abLa Tunisie figure bien toujours dans notre rapport           mondial 2008.\u00bb (*)           \u00a0           L\u2019antenne fran\u00e7aise d\u2019une autre organisation de d\u00e9fense des droits de           l\u2019Homme, Amnesty international, a cependant d\u00e9nonc\u00e9 la \u00abtriste           continuit\u00e9 de la politique fran\u00e7aise en Tunisie\u00bb apr\u00e8s les propos du           pr\u00e9sident Sarkozy.           \u00a0           Le ministre des Affaires \u00e9trang\u00e8res a reconnu que le gouvernement           fran\u00e7ais allait devoir \u00eatre \u00abplus attentif\u00bb \u00e0 la question des droits           de l\u2019Homme \u00e0 l\u2019avenir.           \u00a0           \u00abOn peut dire: vous vous acharnez \u00e0 lib\u00e9rer Ingrid Betancourt, pour le           reste, qu\u2019est-ce que vous faites pour les droits de l\u2019Homme?, a           d\u00e9clar\u00e9 le ministre. C\u2019est une juste question et il faut que nous           soyons plus attentifs, comme d\u2019ailleurs le pr\u00e9sident Sarkozy l\u2019avait           promis dans sa campagne.\u00bb           <strong><font>\u00a0           (Source : \u00ab LIBERATION.FR \u00bb (Le site web du quotidien fran\u00e7ais           Lib\u00e9ration), le 7 mai 2008)<\/font><\/strong><\/div>\n<\/p><\/div>\n<div>        \u00a0<\/div>\n<div> <strong><font>(*) Un site fran\u00e7ais r\u00e9pond sur le champ \u00e0         Kouchner le menteur         <\/font><\/strong>\u00a0         Selon Bernard Kouchner ce matin sur France Inter, \u00ab\u00a0il y a un gros livre         de (l\u2019organisation de d\u00e9fense des droits de l\u2019Homme) Human Rights Watch         qui para\u00eet tous les ans pour faire l\u2019\u00e9tat des droits de l\u2019Homme dans le         monde : la Tunisie n\u2019y figure m\u00eame plus\u00a0\u00bb. Human Rights Watch a d\u00e9menti         aupr\u00e8s de Lib\u00e9ration.         \u00a0         Voici comment commence et se termine la page Tunisie du rapport sur le         site de l\u2019ONG :         \u00a0         \u00ab\u00a0Le Pr\u00e9sident Zine el-Abidine Ben Ali et le parti au pouvoir, le         Rassemblement constitutionnel d\u00e9mocratique, dominent la vie politique         tunisienne. Le gouvernement utilise la menace du terrorisme et de         l\u2019extr\u00e9misme religieux comme pr\u00e9texte pour r\u00e9primer la contestation         pacifique. Des t\u00e9moignages dignes de foi mettent continuellement en         lumi\u00e8re l\u2019usage de la torture et des mauvais traitements aux fins         d\u2019obtenir les d\u00e9positions de suspects plac\u00e9s en garde \u00e0 vue. Les         prisonniers condamn\u00e9s sont \u00e9galement expos\u00e9s \u00e0 des mauvais traitements         d\u00e9lib\u00e9r\u00e9s. (&#8230;.)         \u00a0         Le 10 juillet, le pr\u00e9sident nouvellement \u00e9lu, Nicolas Sarkozy, s\u2019est         rendu en Tunisie en compagnie du ministre des Affaires \u00e9trang\u00e8res,         Bernard Kouchner, et de la secr\u00e9taire d\u2019Etat charg\u00e9e des Affaires         \u00e9trang\u00e8res et des Droits de l\u2019Homme, Rama Yade. Dans ses commentaires         publics, Sarkozy n\u2019a pas tari d\u2019\u00e9loges sur les autorit\u00e9s tunisiennes         mais il a d\u00e9clar\u00e9 aux journalistes qu\u2019en priv\u00e9 avec le Pr\u00e9sident Ben         Ali, il avait soulev\u00e9 certains cas relatifs aux droits humains,         notamment celui de Mohamed Abbou. Lors de cette premi\u00e8re visite, le         pr\u00e9sident fran\u00e7ais n\u2019a gu\u00e8re cherch\u00e9 \u00e0 se distancier du soutien fid\u00e8le         que son pr\u00e9d\u00e9cesseur, Jacques Chirac, accordait au Pr\u00e9sident Ben Ali, en         d\u00e9pit des pratiques de ce dernier en mati\u00e8re de droits humains.\u00a0\u00bb         \u00a0         <strong><font>(Source : \u00ab France D\u00e9mocrate \u00bb (Site         politique fran\u00e7ais), le 7 mai 2008)         Lien : http:\/\/www.francedemocrate.info\/spip.php?breve470<\/font><\/strong>         \u00a0<\/div>\n<div>\n<hr\/><\/div>\n<div align=\"center\"> <strong><\/p>\n<h2 style=\"color: red;\"><font face=\"Arial\" size=\"2\">T\u00e9moignage sur la         Tunisie de Ben Ali<\/font><\/h2>\n<p><\/strong> <\/div>\n<div align=\"justify\">        \u00a0<\/div>\n<div align=\"justify\"> <font face=\"Arial\" size=\"2\"><strong><font>Article r\u00e9dig\u00e9         par Bayrem<\/font><\/strong>                   Ces derniers jours, un groupe de touristes fran\u00e7ais a visit\u00e9 la Tunisie         tout en \u00e9tant m\u00e9diatis\u00e9. Mes deux pr\u00e9sidents se sont enfin rencontr\u00e9s en         Tunisie sous un beau soleil et leur entente fait plaisir \u00e0 voir: Sarkozy         tombe sous le charme de Ben Ali et va jusqu\u2019\u00e0 d\u00e9clarer qu\u2019il est venu         \u00aben ami\u00bb. Un ami ne peut pas critiquer son h\u00f4te qui lui a offert le g\u00eete         et le couvert! On reconna\u00eet l\u00e0 une certaine vision: exactement pareil,         je ne peux me permettre en tant qu\u2019immigr\u00e9 tunisien, re\u00e7u en \u00abami\u00bb, de         critiquer la France&#8230;          \u00a0         Tr\u00eave de plaisanterie, il est venu le moment pour moi de faire mon         coming out de Tunisien ayant v\u00e9cu sous une dictature. Depuis que j\u2019ai         appris \u00e0 \u00e9crire, je n\u2019ai cess\u00e9 de penser \u00e0 ce t\u00e9moignage que je voulais         partager. Il \u00e9tait impossible pour moi de l\u2019\u00e9crire en Tunisie bien         \u00e9videmment puisqu\u2019il ne pouvait \u00eatre publi\u00e9 ni sur le net ni sur un         quelconque journal.          Je suis en France depuis sept ans: pourquoi alors ne pas avoir pr\u00e9sent\u00e9         ce t\u00e9moignage d\u00e8s mon arriv\u00e9e?          D\u2019abord pour des raisons purement financi\u00e8res: je suis boursier du         gouvernement tunisien \u00e0 50 % (les deux derni\u00e8res ann\u00e9es je suis pass\u00e9 \u00e0         100 % mois pour des raisons qui seront expliqu\u00e9es plus tard&#8230;). Je ne         pouvais me permettre de perdre cette bourse vis-\u00e0-vis de ma famille qui         n\u2019avait pas les moyens de financer mes \u00e9tudes \u00e0 l\u2019\u00e9tranger. Car, il ne         faut pas se faire d\u2019illusion, critiquer le r\u00e9gime vous vaut la         suspension de votre bourse. Aujourd\u2019hui, je vais acqu\u00e9rir mon         ind\u00e9pendance financi\u00e8re et je peux enfin \u00abacheter\u00bb ma libert\u00e9         d\u2019expression en tant que Tunisien&#8230;          Ensuite, tout simplement, la peur: la peur de ne plus pouvoir rentrer en         Tunisie, la peur de d\u00e9cevoir des amis tunisiens qui pr\u00e9f\u00e8rent ne pas en         parler en public, la peur de trahir la Tunisie et les Tunisiens en         exposant publiquement cette critique&#8230; Cela peut para\u00eetre comme \u00e9tant         de la l\u00e2chet\u00e9, mais je vais me racheter avec ce t\u00e9moignage.          Un matin de 1987&#8230;          J\u2019avais 5 ans \u00e0 l\u2019\u00e9poque. J\u2019\u00e9tais dans la chambre de mes parents quand         notre oncle a d\u00e9boul\u00e9 avec la nouvelle: \u00ab\u00e7a y est, Bourguiba a \u00e9t\u00e9         destitu\u00e9\u00bb. Je n\u2019ai pas compris ce que \u00e7a voulait dire sur le moment,         mais je sentais que c\u2019\u00e9tait un \u00e9v\u00e9nement historique. J\u2019ai commenc\u00e9 alors         \u00e0 crier ma fid\u00e9lit\u00e9 \u00e0 Bourguiba, puis cinq minutes plus tard \u00e0 Ben Ali:         le cheminement logique de tout Tunisien en somme!          Bref, j\u2019\u00e9tais content de cette nouvelle, m\u00eame si je ne savais pas ce         qu\u2019elle voulait dire!          Je me rappelle vaguement de ma m\u00e8re qui a vers\u00e9 des larmes et de mon         p\u00e8re qui la rassurait en lui disant que c\u2019\u00e9tait plut\u00f4t une bonne         nouvelle.          Mon p\u00e8re est ing\u00e9nieur centralien qui a fait ses \u00e9tudes en France dans         les ann\u00e9es 70 (il a m\u00eame fait partie de Mai-68). Il est revenu en         Tunisie \u00e0 la fin de ses \u00e9tudes pour des raisons familiales et a occup\u00e9         des postes dignes de sa formation au d\u00e9part. Il \u00e9tait directeur \u00e0 la SNT         (Soci\u00e9t\u00e9 nationale des transports). Il pouvait gravir les \u00e9chelons comme         il l\u2019aurait souhait\u00e9 s\u2019il avait pris la carte du parti unique au pouvoir.         Ainsi, il aurait assur\u00e9 son confort financier pendant des ann\u00e9es en         \u00e9tant un PDG d\u2019une grande entreprise nationale. Ou m\u00eame ministre pour         trois de ses coll\u00e8gues de la m\u00eame promotion de Centrale Paris.          Il a m\u00eame fait pire: en 1982, lors des \u00e9meutes du pain, il a pris parti         pour les ouvriers et s\u2019est fait condamn\u00e9 lors du proc\u00e8s des militants de         la gauche tunisienne. Depuis, ses rapports avec les autorit\u00e9s \u00e9taient         conflictuels. Il a toujours critiqu\u00e9 la fa\u00e7on dont \u00e9tait men\u00e9e la         politique \u00e9conomique dans la Tunisie de Bourguiba.          Peut-\u00eatre, qu\u2019il a vraiment cru en novembre 1987, comme tous les         Tunisiens, qu\u2019il pouvait exprimer ses id\u00e9es politiques sans que cela         n\u2019interf\u00e8re avec sa vie professionnelle comme cela a \u00e9t\u00e9 le cas dans la         Tunisie des ann\u00e9es 80.          A la radio, notre nouveau pr\u00e9sident nous promettait d\u00e9mocratie,         pluralisme et libert\u00e9!          Les ann\u00e9es se succ\u00e8dent et se ressemblent          Les jours qui suivirent, je n\u2019arr\u00eatais pas de d\u00e9couper toutes les photos         des journaux de l\u2019\u00e9poque de notre nouveau pr\u00e9sident et de les coller aux         murs de ma chambre. J\u2019\u00e9tais vraiment heureux comme un enfant de 5 ans         qui voulait s\u2019approprier un \u00e9v\u00e9nement qui lui \u00e9chappe.          A l\u2019\u00e9cole, j\u2019avais particip\u00e9 \u00e0 tous les concours de dessin qui mettaient         en gloire le 7 novembre 1987. Le summum a \u00e9t\u00e9 atteint quand j\u2019avais 10         ans et quand j\u2019avais appris par c\u0153ur le fameux discours de notre         pr\u00e9sident! Quand je le r\u00e9citais, je le faisais m\u00eame en imitant la voie         du pr\u00e9sident devant ma m\u00e8re morte de rire! Ce dont je me gardais de         faire \u00e0 l\u2019\u00e9cole inconsciemment.          Durant ce temps-l\u00e0, mon p\u00e8re continuait \u00e0 travailler et esp\u00e9rait \u00eatre         reconnu \u00e0 sa juste valeur par les autorit\u00e9s. Car, durant cette \u00e9poque,         les plus grandes entreprises \u00e9taient publiques et le gouvernement         d\u00e9cidait des nominations&#8230;          Il voulait \u00eatre reconnu pour son travail (il a quand m\u00eame construit 15         000 logements sociaux). Une nouvelle proposition lui a \u00e9t\u00e9 faite         d\u2019int\u00e9grer le parti, mais il a refus\u00e9. Il n\u2019acceptait de sacrifier ses         id\u00e9es ni de se mettre en veilleuse pour passer sous silence des affaires         de corruption&#8230;          Entre-temps, ses coll\u00e8gues de promotion furent r\u00e9compens\u00e9s puisqu\u2019ils         ont jur\u00e9 fid\u00e9lit\u00e9 au nouveau pr\u00e9sident. Mon p\u00e8re avait un salaire         correct, nous vivions dans un quartier tr\u00e8s hupp\u00e9 de la capitale (El         Manzah) et nous avons une belle et grande maison que mon p\u00e8re a fini de         rembourser au bout de vingt ans. Tout cela pour dire que, malgr\u00e9 tout,         mon p\u00e8re a r\u00e9ussi son d\u00e9but de carri\u00e8re malgr\u00e9 les ennuis.          La travers\u00e9e du d\u00e9sert de mon p\u00e8re          A partir de 1994, le r\u00e9gime se crispe. Ben Ali a organis\u00e9 des \u00e9lections         o\u00f9 il \u00e9tait le seul candidat. C\u2019\u00e9tait pour moi l\u2019heure de v\u00e9rit\u00e9 et de         la grande d\u00e9ception: je me rappelle qu\u2019on venait juste d\u2019installer la         parabole et qu\u2019en plus d\u2019Antenne 2 et Rai Uno, on pouvait acc\u00e9der \u00e0 des         informations libres! Le premier reportage qui avait mis la puce \u00e0         l\u2019oreille au pr\u00e9-ado que j\u2019\u00e9tais devenu est celui de la cha\u00eene Euronews.         Sur le ton de l\u2019ironie, elle pr\u00e9sentait ces \u00e9lections \u00abd\u00e9mocratiques\u00bb         dans laquelle se pr\u00e9sentait un seul candidat et qui a \u00e9t\u00e9 \u00e9lu \u00e0 99 %&#8230;                 Mon p\u00e8re commence \u00e0 pointer du doigt des dysfonctionnements qui \u00e9tait         li\u00e9s \u00e0 la corruption au sein de la SPROLS (Soci\u00e9t\u00e9 de promotion des         logements sociaux: la soci\u00e9t\u00e9 qui g\u00e8re les HLM tunisiennes).          Il n\u2019a cess\u00e9 de les d\u00e9noncer aupr\u00e8s de son PDG qui s\u2019av\u00e8re \u00eatre un         proche du r\u00e9gime et organisateur de ce grand mic mac!          A cause de ses gesticulations, mon p\u00e8re se fait muter \u00e0 l\u2019Office         nationale de l\u2019huile. L\u00e0 aussi, il n\u2019a pas les promotions qu\u2019il m\u00e9rite         pour un centralien. Un certain Tlili (candidat \u00e0 la pr\u00e9sidentielle de         1999) \u00e9tait alors PDG et a tout fait pour bloquer l\u2019ascension de mon         p\u00e8re. Je me rappelle de cette anecdote. Une fois, lors d\u2019une         confrontation, mon p\u00e8re lui a dit que quoi qu\u2019il d\u00e9cide \u00able destin sera         du c\u00f4t\u00e9 des bons\u00bb. Tlili lui a r\u00e9pondu: \u00abTu peux garder le destin de ton         c\u00f4t\u00e9, moi j\u2019ai Ben Ali avec moi!\u00bb. Aujourd\u2019hui, il est en train de         croupir en prison apr\u00e8s que \u00abson ami Ben Ali\u00bb a d\u00e9cid\u00e9 de se d\u00e9barrasser         de lui&#8230;          C\u2019est tout ce syst\u00e8me mis en place par les proches du r\u00e9gime et avec la         b\u00e9n\u00e9diction du pr\u00e9sident qui a co\u00fbt\u00e9 \u00e0 mon p\u00e8re sa carri\u00e8re d\u2019ing\u00e9nieur         et grand cadre du pays.          Il a \u00e9t\u00e9 bloqu\u00e9 dans sa carri\u00e8re et sa travers\u00e9e du d\u00e9sert commen\u00e7a pour         durer jusqu\u2019\u00e0 sa retraite en 2002.          M\u00eame si, au niveau financier, notre famille n\u2019a pas eu le confort d\u2019un         cadre centralien, on avait bien v\u00e9cu et ses ressources financi\u00e8res nous         ont permis de manger \u00e0 notre faim (Oh le couscous de ma m\u00e8re!). Ma m\u00e8re         en a souffert m\u00eame si elle travaillait de son c\u00f4t\u00e9 en \u00e9duquant les         petits bambins au jardin d\u2019enfant. En fait, elle ne pouvait accepter         qu\u2019\u00e0 comp\u00e9tences \u00e9gales on n\u2019avait pas le m\u00eame train de vie que les         coll\u00e8gues de mon p\u00e8re. Ceux-l\u00e0 m\u00eame qui accumulaient voitures et         chauffeurs ainsi que des vacances aux h\u00f4tels les plus hupp\u00e9s du pays. On         n\u2019avait pas les moyens de se les payer. Elle a reproch\u00e9 \u00e0 mon p\u00e8re sa         d\u00e9cision de ne pas rejoindre le parti, mais elle l\u2019a toujours soutenu         dans sa d\u00e9marche.          Surdipl\u00f4m\u00e9 sous-employ\u00e9          Du coup, quelle carri\u00e8re a eu mon p\u00e8re? Un poste de directeur \u00abconseiller\u00bb         au sein de la SPROLS. En fait, les autorit\u00e9s voulaient que mon p\u00e8re         l\u00e2che prise et laisse tomber ses id\u00e9es pour qu\u2019il rentre dans le rang.         Mais il n\u2019a pas l\u00e2ch\u00e9 et a tenu le coup pendant dix ans.          Alors, que faisait mon p\u00e8re durant toutes ces ann\u00e9es au boulot?         Quasiment rien! Il partait au boulot \u00e0 10 heures et revenait \u00e0 midi.         L\u2019apr\u00e8s-midi, il n\u2019y restait qu\u2019une heure au plus!          Quel g\u00e2chis! Une fois, il m\u2019a racont\u00e9 que comme on ne le laissait pas         travailler, la SPROLS patinait et des projets prenaient du retard \u00e0         cause des personnes \u00abencart\u00e9es\u00bb incomp\u00e9tentes, pourtant haut plac\u00e9es         dans l\u2019entreprise.          Un exemple frappant \u00e9tait celui d\u2019erreurs de conception d\u2019appartement de         HLM qui faisait perdre des semaines au projet. Il s\u2019y est pench\u00e9 en une         apr\u00e8s-midi et a fini de r\u00e9soudre ce probl\u00e8me alors que les autres y ont         pass\u00e9 des semaines!          Le plus grand perdant dans cette histoire n\u2019est pas mon p\u00e8re, mais la         Tunisie. Car, en l\u2019emp\u00eachant de travailler, le pays ne progresse pas. Et         je suis s\u00fbr que le cas de mon p\u00e8re n\u2019est pas isol\u00e9. Si tous ceux qui ont         des responsabilit\u00e9s dans ce pays doivent \u00eatre encart\u00e9s, \u00e7a laisse de         c\u00f4t\u00e9 de nombreuses personnes surdipl\u00f4m\u00e9es et qui auraient fait passer la         croissance du pays de 6 points par an (officiellement) \u00e0 10!          Car, avec toutes les affaires de corruption, de vol, de censure de tous         les talents de ce pays, la Tunisie r\u00e9ussit quand m\u00eame \u00e0 s\u2019en sortir         \u00e9conomiquement (du moins officiellement).          Quant \u00e0 la Tunisie de Ben Ali, elle te met au ban de la soci\u00e9t\u00e9 si tu         n\u2019es pas un fervent supporter du pr\u00e9sident et que tu ne fermes pas ta         gueule. Les journaux se sont mis au pas. Personne ne critique le         pr\u00e9sident. Le quotidien La Presse met toujours notre pr\u00e9sident sur sa         une. Tous ces gens n\u2019arr\u00eataient pas de nous expliquer que nous vivions         dans une d\u00e9mocratie formidable, que le pr\u00e9sident faisait progresser         l\u2019espace des libert\u00e9s alors que je voyais le contre-exemple de mon p\u00e8re!                 Ma m\u00e8re m\u2019a transmis son humour, mon p\u00e8re son amour de la libert\u00e9         d\u2019expression et du d\u00e9bat.          Cette soif de d\u00e9bat, de libert\u00e9 d\u2019expression, d\u2019id\u00e9es, je l\u2019ai assouvie         en suivant la vie politique&#8230; fran\u00e7aise! Comme de nombreux Tunisiens,         j\u2019ai d\u00e9plac\u00e9 cette envie de libert\u00e9 et ce vide d\u00e9mocratique vers la         France. Je ne comprenais pas pourquoi la Tunisie ne pouvait m\u2019offrir une         \u00e9mission des Guignols comme celle de Canal+!          Jacques Chirac, le pr\u00e9sident fran\u00e7ais aux Guignols! Cela me paraissait         le summum de la libert\u00e9 d\u2019expression!          Et pourquoi nous, on ne peut pas mettre Ben Ali dans nos Guignols \u00e0 nous?                 Bien \u00e9videmment, la libert\u00e9 d\u2019expression ne s\u2019arr\u00eate pas l\u00e0. Car, quand         j\u2019ouvrais le journal La Presse, il n\u2019y avait que la propagande         officielle. J\u2019ai alors noy\u00e9 mon chagrin dans le football o\u00f9 l\u2019espace         d\u2019expression \u00e9tait plus large&#8230;          Pour conclure cet \u00e9pisode, j\u2019ai \u00e9norm\u00e9ment appris de mon p\u00e8re: quel         meilleur exemple d\u2019int\u00e9grit\u00e9 que celui d\u2019une personne qui refuse de         fermer les yeux au prix de son confort personnel? De sa carri\u00e8re         professionnelle? Je suis fier de mon p\u00e8re et de sa grande gueule!          Alors, quand Sarkozy d\u00e9barque en Tunisie pour nous dire que tout va bien         dans le meilleur du monde tunisien&#8230;          La suite dans le prochain \u00e9pisode&#8230;          Bayrem                  <\/font><font face=\"Arial\" size=\"2\"><strong><font>(Source:         Le site \u00ab\u00a0AgoraVox\u00a0\u00bb, le 2 mai 2008)         <\/font><font>Lien: http:\/\/www.agoravox.fr\/article.php3?id_article=39437<\/font><\/strong>         __________________________________________________ \u00a0<\/font><\/div>\n<div align=\"justify\">\n<hr\/><\/div>\n<p align=\"center\"> <font size=\"3\"><strong><span>Un       site de paiement en ligne victime d&rsquo;un escroc<\/span><\/strong><\/font><\/p>\n<p align=\"justify\"> <span>\u00a0<\/span><\/p>\n<p align=\"justify\"> <span>Associated       Press, le 5 mai 2008 \u00e0 19h26<\/span><span>       MONTPELLIER (AP) &#8212; Au moins dix-neuf personnes et le site de paiement en       ligne paypal.fr ont \u00e9t\u00e9 victimes d&rsquo;une escroquerie impliquant un jeune       Tunisien habitant \u00e0 Tunis, cerveau pr\u00e9sum\u00e9 du       dispositif, et quatre personnes domicili\u00e9es en France, a-t-on appris lundi       aupr\u00e8s de la commissaire principale Marjorie Ghizoli, commandant de la       s\u00fbret\u00e9 d\u00e9partementale de l&rsquo;H\u00e9rault et de deux enqu\u00eateurs de la brigade       financi\u00e8re.              Les quatre personnes domicili\u00e9es en France -\u00e0 Montpellier, Rennes,       Toulouse et Valenciennes- ont \u00e9t\u00e9 mises en examen pour escroquerie en       bande organis\u00e9e et recel d&rsquo;escroquerie en bande organis\u00e9e. Le       \u00ab\u00a0cerveau\u00a0\u00bb pr\u00e9sum\u00e9 de cette escroquerie aurait attir\u00e9 des Internautes avec       une fausse page d&rsquo;accueil du site de paiement en ligne paypal. Disposant       des noms d&rsquo;utilisateurs et des mots de passe des victimes, il aurait eu       ainsi l&rsquo;acc\u00e8s \u00e0 des milliers de comptes.              \u00ab\u00a0De chaque compte pirat\u00e9, il virait entre 50 et 1.500 euros sur les       comptes paypal de ces quatre complices bas\u00e9s en France\u00a0\u00bb, a pr\u00e9cis\u00e9 la       commissaire principale Marjorie Ghizoli, commandant de\u00a0la s\u00fbret\u00e9       d\u00e9partementale, lors d&rsquo;une conf\u00e9rence de presse au commissariat central de       Montpellier. Avec cet argent, les \u00ab\u00a0mules\u00a0\u00bb complices achetaient sur des       sites sp\u00e9cialis\u00e9s du mat\u00e9riel hi-tech, envoy\u00e9 en Tunisie. Dix mille       victimes potentielles auraient \u00e9t\u00e9 identifi\u00e9es en France.              L&rsquo;alerte est partie de Montpellier en f\u00e9vrier. \u00ab\u00a0La soci\u00e9t\u00e9 Chronopost nous       a appel\u00e9s pour un paiement r\u00e9alis\u00e9 en vue d&rsquo;un envoi de mat\u00e9riel en       direction de la Tunisie\u00a0\u00bb, a pr\u00e9cis\u00e9 un enqu\u00eateur de la brigade financi\u00e8re.       \u00ab\u00a0Les services de Chronopost ont constat\u00e9 que le compte paypal n&rsquo;\u00e9tait pas       valide. Cela nous a permis d&rsquo;interpeller la personne, un jeune \u00e9tudiant en       BTS, qui s&rsquo;\u00e9tait pr\u00e9sent\u00e9 dans un bureau de Poste de Montpellier\u00a0\u00bb.<\/span><\/p>\n<div align=\"justify\"> <span>\u00ab\u00a0Nous avons d\u00e9couvert         chez lui du mat\u00e9riel hi-tech et des bordereaux Chronopost et Colissimo         d&rsquo;envoi de mat\u00e9riel en Tunisie. Avec l&rsquo;\u00e9tude de son ordinateur, on a vu         qu&rsquo;il avait \u00e9t\u00e9 contact\u00e9 par Internet. La proposition consistait \u00e0         acheter du mat\u00e9riel hifi avec de l&rsquo;argent vers\u00e9 sur son compte paypal, \u00e0         envoyer ce mat\u00e9riel au commanditaire tunisien et \u00e0 acheter avec la &lsquo;monnaie&rsquo;         ce qu&rsquo;il voulait\u00a0\u00bb, a-t-il expliqu\u00e9.                  Une commission rogatoire internationale a \u00e9t\u00e9 d\u00e9livr\u00e9e pour interpeller         le commanditaire pr\u00e9sum\u00e9, un lyc\u00e9en de 17 ans. \u00ab\u00a0D\u00e9j\u00e0 identifi\u00e9\u00a0\u00bb, selon         Marjorie Ghizoli, il est parent de la personne mise en examen \u00e0         Toulouse. Ne pouvant \u00e0 ce jour \u00eatre arr\u00eat\u00e9, il peut continuer \u00e0 agir, a         soulign\u00e9 Marjorie Ghizoli.                  <span>Associated Press<\/span><\/span><\/div>\n<div align=\"justify\">\n<hr\/><\/div>\n<div align=\"justify\">\n<p align=\"center\"> <font size=\"3\"><strong><span>La         microfinance essentielle pour la coh\u00e9sion sociale en M\u00e9diterran\u00e9e (BEI)<\/span><\/strong><\/font><\/p>\n<p> <span><font>        \u00a0<\/font><\/span><\/p>\n<p><span>AFP,         le 5 mai 2008 \u00e0 20h12<\/span> <font>TUNIS, 5 mai 2008 (AFP) &#8211; La microfinance est un         \u00e9l\u00e9ment essentiel pour la croissance et la coh\u00e9sion sociale des pays de         la M\u00e9diterran\u00e9e, a estim\u00e9 lundi\u00a0 Philippe de Fontaine Vive, responsable         de la Banque europ\u00e9enne d&rsquo;investissement (BEI) \u00e0 l&rsquo;ouverture d&rsquo;une         r\u00e9union internationale \u00e0 Tunis. \u00ab\u00a0La microfinance a une dimension         \u00e9conomique et sociale majeure\u00a0\u00bb, a-t-il dit parlant \u00ab\u00a0des risques actuels         de famine et de pauvret\u00e9 r\u00e9elle\u00a0\u00bb devant plus de 400 d\u00e9l\u00e9gu\u00e9s publics et         priv\u00e9s du secteur de la finance d&rsquo;une trentaine pays, y compris Isra\u00ebl         et la Syrie. M. de Fontaine Vive, responsable de la FEMIP, instrument de         financement de la BEI au sud de la M\u00e9diterran\u00e9e, a annonc\u00e9 la cr\u00e9ation         d&rsquo;un fonds sp\u00e9cial pour la promotion du microcr\u00e9dit et plaid\u00e9 pour ce         secteur dans la perspective des projets de la future Union pour la         M\u00e9diterran\u00e9e (UPM). L&rsquo;Union europ\u00e9enne a accept\u00e9 d&rsquo;ouvrir une \u00ab\u00a0fen\u00eatre         sp\u00e9ciale\u00a0\u00bb d&rsquo;une capacit\u00e9 de 10 millions d&rsquo;euros sur trois ans pour         l&rsquo;appui des organismes de microcr\u00e9dit dans les pays de la M\u00e9diterran\u00e9e,         a-t-il pr\u00e9cis\u00e9 \u00e0 l&rsquo;AFP. \u00ab\u00a0Il ne faudra pas n\u00e9gliger les toutes petites         entreprises\u00a0\u00bb, a-t-il ajout\u00e9 jugeant \u00ab\u00a0essentiel\u00a0\u00bb de r\u00e9server au         microcr\u00e9dit un volet sp\u00e9cial dans le cadre d&rsquo;un futur outil de         financement des PME en M\u00e9diterran\u00e9e. Les chefs d&rsquo;Etat d\u00e9cideront d&rsquo;un         tel outil &#8211;peut-\u00eatre une banque&#8211;, lors du lancement de l&rsquo;UPM en         juillet prochain \u00e0 Paris. \u00ab\u00a0Il est temps de revenir aux choses basiques:         nourrir et faire travailler les gens\u00a0\u00bb a lanc\u00e9 M. de Fontaine Vive dans         son discours \u00e0 la conf\u00e9rence. Cette r\u00e9union devait dresser un \u00e9tat des         lieux du secteur dans le bassin m\u00e9diterran\u00e9en pour \u00ab\u00a0une meilleure         compr\u00e9hension des enjeux et perspectives\u00a0\u00bb, en pr\u00e9lude au lancement de         l&rsquo;UPM. Co-organisatrice, Esma Ben Hamida, pr\u00e9sidente de \u00ab\u00a0Sanabel\u00a0\u00bb (\u00ab\u00a0\u00e9pis         de bl\u00e9\u00a0\u00bb en arabe) un r\u00e9seau d&rsquo;institutions de 11 pays arabes, a soulign\u00e9         la vitalit\u00e9 de la microfinance dans sa r\u00e9gion, \u00ab\u00a0en pleine croissance\u00a0\u00bb,         selon elle, avec un nombre de clients actifs en hausse de 40% par an (contre         25% dans le monde). Elle a estim\u00e9 \u00e0 70 millions de personnes \u00ab\u00a0le march\u00e9\u00a0\u00bb         de la         microfinance. Parmi ces personnes vivant avec moins de deux         dollars\/jour, trois millions seulement ont eu acc\u00e8s \u00e0 des microcr\u00e9dits,         a d\u00e9plor\u00e9 Mme Ben Hamida, regrettant un manque d&rsquo;enthousiasme de         certains         fonds et banques arabes. Selon elle, les fonds et banques arabes restent         \u00ab\u00a0r\u00e9ticents\u00a0\u00bb exception faite du Maroc, o\u00f9 les banques ont investi pr\u00e8s de         400 millions de dollars dans la microfinance.                  <\/font> <span lang=\"SV\">        AFP<\/span><\/p>\n<\/div>\n<div align=\"justify\">\n<hr\/><\/div>\n<div align=\"center\"> <strong><font size=\"3\">Copie conforme <\/font><\/strong> <\/div>\n<div align=\"justify\">        \u00a0<\/div>\n<div align=\"justify\">        par MARWANE BEN YAHMED          \u00a0         Il souhaitait incarner la rupture. Un an apr\u00e8s son \u00e9lection, force est         de constater que Nicolas Sarkozy n\u2019a pas chamboul\u00e9 les us et coutumes         d\u2019une Fran\u00e7afrique qu\u2019il souhaitait, un peu h\u00e2tivement, enterrer. Le         candidat Sarkozy avait une obsession en mati\u00e8re de politique \u00e9trang\u00e8re :         faire de l\u2019anti-Chirac. Sa r\u00e9cente visite en Tunisie (28-30 avril) vient         au contraire confirmer le retour en force du pragmatisme chiraquien (voir         Focus pp. 16-17). Apr\u00e8s les grands principes, comme \u00ab mettre les droits         de l\u2019homme au c\u0153ur de la politique ext\u00e9rieure de la France \u00bb, la r\u00e9alit\u00e9.         En Tunisie, comme ailleurs sur le continent, il ne fait pas bon froisser         ses homologues. Le \u00ab langage de v\u00e9rit\u00e9 \u00bb que le futur pr\u00e9sident         souhaitait tenir devant les Africains n\u2019aura gu\u00e8re d\u00e9pass\u00e9 le stade du         programme \u00e9lectoral. Mieux vaut donc se faire discret pour signer de         bons contrats. Et mener le combat pour la d\u00e9fense des droits de l\u2019homme         de pr\u00e9f\u00e9rence sous d\u2019autres cieux. L\u00e0 o\u00f9 les int\u00e9r\u00eats du pouvoir sont         moins directement engag\u00e9s.          \u00a0         Sacrifier un secr\u00e9taire d\u2019\u00c9tat coupable d\u2019avoir critiqu\u00e9 la mauvaise         gouvernance de chefs d\u2019\u00c9tat en Afrique centrale ? C\u2019est la moindre des         choses. Le soldat Bockel s\u2019occupera des Anciens Combattants. Faire les         yeux doux \u00e0 Mouammar Kaddafi, pendant que Rama Yade et Bernard Kouchner         boudent dans leur coin ? \u00c9l\u00e9mentaire. S\u2019appuyer sur les services et les         r\u00e9seaux d\u2019un avocat ultime h\u00e9ritier de Jacques Foccart, l\u2019architecte de         la Fran\u00e7afrique ? Pourquoi pas\u2026          \u00a0         \u00ab Le temps des r\u00e9seaux occultes et des \u00e9missaires autoproclam\u00e9s est         r\u00e9volu. C\u2019est justement \u00e0 ce syst\u00e8me de relations personnalis\u00e9es dans         lequel on traite indistinctement avec les d\u00e9mocraties et avec les         dictatures que je souhaite mettre un terme \u00bb, d\u00e9clarait Sarkozy dans une         interview remarqu\u00e9e \u00e0 Jeune Afrique, en novembre 2006. Idriss D\u00e9by Itno,         Mouammar Kaddafi, Omar Bongo Ondimba, Zine el-Abidine Ben Ali, Denis         Sassou Nguesso et quelques autres peuvent mesurer le chemin parcouru\u2026                 \u00a0         Les allures commerciales des d\u00e9placements pr\u00e9sidentiels, aujourd\u2019hui         jug\u00e9s \u00e0 l\u2019aune des milliards d\u2019euros qu\u2019ils rapporteront (peut-\u00eatre), ne         sont pas sans rappeler les voyages VRP de Chirac. Et les contours,         l\u2019organisation, le casting des acteurs de la politique africaine de         Sarkozy ressemblent \u00e9trangement \u00e0 ceux en usage sous son pr\u00e9d\u00e9cesseur.         M\u00eame absence de poids du ministre des Affaires \u00e9trang\u00e8res sur les         dossiers strat\u00e9giques, m\u00eame pr\u00e9\u00e9minence de la structure diplomatique         \u00e9lys\u00e9enne, r\u00f4le identique du secr\u00e9taire g\u00e9n\u00e9ral de l\u2019\u00c9lys\u00e9e\u2026 Copie         presque conforme ! Pour le meilleur et pour le pire\u2026         \u00a0         <strong><font>(Source: \u00ab\u00a0Jeune Afrique\u00a0\u00bb (Magazine         hebdomadaire &#8211; France), N\u00b0 2470 du 4 au 10 mai 2008)<\/font><\/strong>         \u00a0<\/div>\n<div align=\"justify\">\n<hr\/><\/div>\n<div align=\"center\">\n<h2 style=\"color: red;\"><font size=\"3\"><strong>Des travailleurs tunisiens en         France\u2026 comme chez eux !<\/strong><\/font><\/h2>\n<\/p><\/div>\n<div align=\"justify\">        \u00a0<\/div>\n<div align=\"justify\"> <strong><font>Par Tallel BAHOURY          <\/font><\/strong>\u00a0\u00a0\u00a0\u00a0\u00a0\u00a0\u00a0\u00a0\u00a0\u00a0          L\u2019ambassadeur de France en Tunisie, M. Serge Degallaix, a anim\u00e9 ce matin         7 mai 2008, \u00e0 la salle des conf\u00e9rences de la chancellerie, un atelier de         presse portant sur l\u2019accord franco-tunisien sign\u00e9 derni\u00e8rement par les         gouvernements des deux pays sur \u2018\u2019la gestion concert\u00e9e des migrations et         le d\u00e9veloppement solidaire\u2019\u2019, et ce \u00e0 l\u2019occasion de la visite officielle         de M. Sarkozy en Tunisie. Il s\u2019agissait plus exactement d\u2019expliquer aux         journalistes pr\u00e9sents \u2013aux autres d\u2019ailleurs- l\u2019esprit et les         dispositions de cet accord, en attendant sa ratification par les         Parlements des deux pays.          \u00a0         Sans trop nous \u00e9taler dans les d\u00e9tails, soulignons tout simplement que,         selon M. Degallaix, la \u2018\u2019Gestion concert\u00e9e des migrations et le         d\u00e9veloppement solidaire\u2019\u2019 constitue quelque chose de nouveau par rapport         \u00e0 ce qui se faisait auparavant en termes de circulation des personnes         entre la Tunisie et la France : \u2018\u2019c\u2019est maintenant mieux organis\u00e9\u2019\u2019,         a-t-il dit.          \u00a0         Le diplomate fran\u00e7ais dira en substance qu\u2019aujourd\u2019hui la situation         d\u2019emploi en France est meilleure qu\u2019elle ne l\u2019\u00e9tait il y a quelques         ann\u00e9es. Soit !         \u00a0         M. Degallaix ne l\u2019a pas dit, mais nous pensons que ce nouvel accord         s\u2019inscrit dans le cadre du programme de l\u2019immigration choisie, cher \u00e0 M.         Sarkozy. D\u2019ailleurs peu importe qu\u2019il y ait ou pas un lien entre les         deux, parce que, \u00e0 regarder de plus pr\u00e8s, il faudrait peut-\u00eatre saluer         le travail de n\u00e9gociation accompli par le gouvernement tunisien. Car les         nouveaut\u00e9s contenues dans cet accord montrent bien que la France et la         Tunisie sont dans une nouvelle phase en mati\u00e8re de march\u00e9 du travail.                 \u00a0         Au final, les dispositions de l\u2019accord vont b\u00e9n\u00e9ficier aux d\u00e9tenteurs de         la Carte de s\u00e9jour \u2018\u2019Comp\u00e9tences et talents\u2019\u2019, les jeunes professionnels,         aux \u00e9tudiants en fin de formation universitaire \u00e0 la recherche d\u2019un         emploi, etc. Pour ce faire donc, il suffit de poss\u00e9der un dipl\u00f4me (une         ma\u00eetrise, un dipl\u00f4me de formation professionnelle\u2026) dans les certains         secteurs (menuiserie, b\u00e2timent, transport, restauration, agriculture,         agroalimentaire\u2026). L\u2019accord pr\u00e9voit des \u00e9changes des jeunes         professionnels, ou de faire venir en France un Tunisien en qualit\u00e9 de         \u2018\u2019salari\u00e9 en mission\u2019\u2019, ou tout simplement au titre de \u2018\u2019Comp\u00e9tences et         Talents\u2019\u2019.          \u00a0         En tout \u00e9tat de cause, d\u00e9sormais, la loi fran\u00e7aise ne peut plus opposer         \u00e0 une entreprise le refus d\u2019embaucher une comp\u00e9tence tunisienne quelle         qu\u2019elle soit, au motif que le motif que ce Tunisien va occuper peut         l\u2019\u00eatre par un Fran\u00e7ais.         \u00a0         <strong><font>(Source : webmanagercenter.com (Portail         d\u2019infos \u00e9conomiques \u2013 Tunis), le 7 mai 2008 \u00e0 17h20)         Lien : http:\/\/www.webmanagercenter.com\/management\/article.php?id=42278        <\/p>\n<hr\/>\n<p><\/font><\/strong> <\/p>\n<p align=\"center\"> <b> <span lang=\"SV\">        Au Forum du progr\u00e8s         <\/span><\/b><font size=\"3\"><strong> <span lang=\"SV\">D\u00e9bat passionn\u00e9         sur la m\u00e9moire nationale<\/span><\/strong><\/font><\/p>\n<p> <span lang=\"SV\">\u00a0<\/span><\/p>\n<p><span lang=\"SV\">         \u00a0Le forum du progr\u00e8s, relevant du Parti de l&rsquo;Unit\u00e9 Populaire (PUP) a         organis\u00e9 vendredi apr\u00e8s-midi une conf\u00e9rence &#8211; d\u00e9bat qui a drain\u00e9 bon         nombre d&rsquo;int\u00e9ress\u00e9s de tous bords et tous \u00e2ges attir\u00e9s par le th\u00e8me \u00e0         d\u00e9battre : la m\u00e9moire nationale.                  <\/span><span>La         fondation Temimi<\/span><span>                  Le conf\u00e9rencier \u00e9tait bien \u00e9videmment l&rsquo;incontournable Abdejlil Temimi         en une pareille occasion, puisque sa Fondation s&rsquo;est impos\u00e9e par ses         louables initiatives pour d\u00e9poussi\u00e9rer la m\u00e9moire collective.                  Les s\u00e9minaires consacr\u00e9s \u00e0 divers chapitres de l&rsquo;histoire contemporaine         de la Tunisie, ont \u00e9t\u00e9 des r\u00e9ussites \u00e9clatantes. Les t\u00e9moignages         collect\u00e9s et publi\u00e9s constituent une mati\u00e8re premi\u00e8re riche et abondante.        <\/span><span lang=\"SV\">Elle         permettrait d&rsquo;\u00e9crire ou de r\u00e9\u00e9crire l&rsquo;histoire de la Tunisie         ind\u00e9pendante.                  <\/span><span>M. Temimi, tout         fier de ce qu&rsquo;a accompli sa Fondation, estime n\u00e9anmoins qu&rsquo;il y a encore         du chemin \u00e0 faire et que les chercheurs aspirent \u00e0 ce qu&rsquo;ils aient acc\u00e8s         aux archives class\u00e9es dans les diff\u00e9rents d\u00e9partements. C&rsquo;est en         proc\u00e9dant au recoupement des documents et leur confrontation avec les         t\u00e9moignages recueillis que l&rsquo;historien situe les \u00e9v\u00e9nements et les         acteurs dans leurs vraies proportions.                  <span>Histoire et impartialit\u00e9<\/span>                  M. Bouchiha, secr\u00e9taire g\u00e9n\u00e9ral du PUP devait justement \u00e9voquer tout au         d\u00e9but de son allocution de bienvenue qu&rsquo;en mati\u00e8re d&rsquo;histoire, les         risques de manipulation sont \u00e9normes, alors que l&rsquo;histoire est cens\u00e9e         \u00eatre la discipline la plus impartiale.                  Pla\u00e7ant le d\u00e9bat dans la trajectoire qui doit \u00eatre la sienne M. Bouchiha         pr\u00e9cise \u00ab\u00a0nous aspirons \u00e0 ce que ce forum soit un espace ouvert \u00e0 tous,         sans dogmatisme, sans pr\u00e9jug\u00e9s et sans parti-pris. Nous aspirons ainsi \u00e0         ce que le d\u00e9bat sur la m\u00e9moire nationale soit empreint de sobriet\u00e9,         d&rsquo;objectivit\u00e9 et de profondeur. <\/span> <span lang=\"SV\">La passion         n&rsquo;est pas de nature \u00e0 bien appr\u00e9hender l&rsquo;histoire\u00a0\u00bb.                  <\/span><span>        Entre passion et pond\u00e9ration<\/span><span>                          Les passions ne tard\u00e8rent pas \u00e0 se d\u00e9cha\u00eener \u00e0 l&rsquo;\u00e9vocation de certains         \u00e9v\u00e9nements ou certains personnages de l&rsquo;ancien r\u00e9gime.                  Certains intervenants n&rsquo;ont pu s&#8217;emp\u00eacher d&rsquo;ext\u00e9rioriser l&rsquo;amertume         qu&rsquo;ils ressentent encore, en se rappelant les ge\u00f4les et les supplices         des ann\u00e9es soixante et soixante-dix, mais d&rsquo;autres intervenants purent         ramener le d\u00e9bat \u00e0 une dimension moins passionn\u00e9e \u00ab\u00a0Nous ne sommes pas l\u00e0         pour faire le proc\u00e8s de qui que ce soit, l&rsquo;histoire est toujours une         compilation de r\u00e9ussites et d&rsquo;\u00e9checs\u00a0\u00bb, souligne M. Adel El -Kadri,         militant Pupiste et animateur du d\u00e9bat.                  <\/span><span lang=\"SV\">M.         Mohamed Sayah, ex-directeur du PSD et l&rsquo;un des hommes forts du r\u00e9gime de         Bourguiba, \u00e9coutait et intervenait de temps en temps.                  Un militant de gauche, n&rsquo;a pas manqu\u00e9 de souligner que gr\u00e2ce \u00e0 la         Fondation Temimi, des personnages contradictoires, ont pu apporter leur         vision et perception des \u00e9v\u00e9nements qu&rsquo;a connus la Tunisie des ann\u00e9es 60         et 70, tel le d\u00e9bat consacr\u00e9 \u00e0 l&rsquo;exp\u00e9rience des perspectivistes et qui a         r\u00e9uni un face \u00e0 face Sayah &#8211; Ben Khidhr (feu Noureddine Ben Khidhr).        <\/span><span>Les actes de ce         s\u00e9minaire seront bient\u00f4t publi\u00e9s, selon M. Abdejlil Temimi. Ainsi,         lutte-t-on contre l&rsquo;oubli, comme l&rsquo;a soulign\u00e9 le juriste et militant         Abderrahmen Kra\u00efem \u00ab\u00a0La m\u00e9moire nationale est notre m\u00e9moire \u00e0 tous\u00a0\u00bb.                  <span><strong>Mohamed Ali Habachi         <\/strong><\/span> <b><span>(Source : \u00ab Le Temps \u00bb (Quotidien \u2013        <\/span><\/b><\/span><b> <span>Tunis),         le 7 mai 2008<\/span><span>)<\/span><\/b><span> \u00a0<\/span><\/p>\n<hr\/><\/div>\n<p align=\"center\"> <span> <font size=\"3\"><strong><span>Des       soldats marocains accus\u00e9s d&rsquo;avoir noy\u00e9 30 immigrants (presse<\/span><\/strong><span>)<\/span><\/font><\/span><\/p>\n<p> <span>\u00a0<\/span><\/p>\n<div> <span> <span>AFP, le 5         mai 2008 \u00e0 12h05<\/span>         MADRID, 7 mai 2008 (AFP) &#8211; Des soldats marocains sont accus\u00e9s par des         clandestins africains d&rsquo;avoir d\u00e9lib\u00e9r\u00e9ment fait couler fin avril leur         embarcation alors qu&rsquo;ils tentaient la travers\u00e9e du Maroc vers l&rsquo;Espagne,         provoquant la noyade d&rsquo;une trentaine de passagers, rapporte mercredi El         Pais.                  Pour le quotidien qui s&rsquo;appuie sur le t\u00e9moignage \u00ab\u00a0d&rsquo;au moins cinq         survivants\u00a0\u00bb, entre 29 et 33 immigrants dont quatre enfants sont morts         noy\u00e9s le 28 avril au large d&rsquo;Al Hoce\u00efma (nord-est du Maroc), leur         embarcation pneumatique ayant \u00e9t\u00e9 crev\u00e9e \u00e0 coups de couteau par des         soldats.                  Une source s\u00e9curitaire marocaine avait \u00e9voqu\u00e9 lundi la mort par noyade         de seulement \u00ab\u00a0dix migrants subsahariens\u00a0\u00bb mais une ONG marocaine, se         basant sur des t\u00e9moignages, avait fait \u00e9tat de \u00ab\u00a036 migrants subsahariens         morts noy\u00e9s\u00a0\u00bb.                  Selon un envoy\u00e9 sp\u00e9cial d&rsquo;El Pais, les survivants ont \u00e9t\u00e9 transport\u00e9s         pr\u00e8s de la fronti\u00e8re avec l&rsquo;Alg\u00e9rie et le Maroc essaye \u00ab\u00a0d&rsquo;\u00e9touffer\u00a0\u00bb         cette \u00ab\u00a0trag\u00e9die\u00a0\u00bb.<\/span><\/div>\n<div>\n<hr\/><\/div>\n<div>        \u00a0<\/div>\n<p align=\"center\"> <strong><span><font size=\"3\">La       diplomatie du ch\u00e9quier<\/font><\/span><\/strong><\/p>\n<p> <b><span> <\/span><\/b><span>      \u00c9ric Chol<\/span><\/p>\n<div align=\"justify\">                 En Tunisie ces jours-ci, en Chine, dans les pays du Golfe ou encore en         Argentine, l&rsquo;Elys\u00e9e a ouvert tous azimuts la chasse aux grands contrats.         Pour remporter ces march\u00e9s juteux, le gouvernement s&rsquo;est mis en ordre de         bataille.                  Incorrigible! Ce matin du 29 f\u00e9vrier, dans le centre de conf\u00e9rences         Clock Tower de la ville du Cap (Afrique du Sud), Nicolas Sarkozy         n&rsquo;\u00e9coute pas un mot du discours de bienvenue du ministre sud-africain de         l&rsquo;Industrie: il bavarde avec sa voisine, Christine Lagarde. Au point que         son homologue, Thabo Mbeki, s&rsquo;agace de ce conciliabule improvis\u00e9 et         demande \u00e0 son ministre de recommencer son discours&#8230;                  Mais il en faudrait davantage pour f\u00e2cher les deux pr\u00e9sidents! Depuis         son arriv\u00e9e, la veille, Nicolas Sarkozy n&rsquo;a cess\u00e9 d&rsquo;\u0153uvrer pour         r\u00e9chauffer les relations entre les deux pays. D\u00e9claration sur l&rsquo;Afrique         devant le Parlement, annonce de multiples accords de coop\u00e9ration, envoi         prochain d&rsquo;une mission de techniciens pour venir en aide aux         \u00e9lectriciens sud-africains&#8230;        <span lang=\"SV\">Sans parler         de la pr\u00e9sence de Carla Bruni &#8211; sa premi\u00e8re sortie officielle &#8211; tr\u00e8s         appr\u00e9ci\u00e9e par le pr\u00e9sident Mbeki. <\/span>Aussi, quelques minutes plus         tard, quand Nicolas Sarkozy prend la parole, il peut d\u00e9voiler tr\u00e8s         ouvertement l&rsquo;un des objectifs de son voyage. \u00ab\u00a0On va se battre pour         obtenir le march\u00e9 des centrales &#8211; charbon comme nucl\u00e9aire. Parce que         nous, on est comme cela. On a compris que tout prendre, c&rsquo;est plus         facile que prendre \u00e0 moiti\u00e9.\u00a0\u00bb Ce jour-l\u00e0, la d\u00e9l\u00e9gation fran\u00e7aise         repartira avec un contrat d&rsquo;une centrale au charbon pour Alstom&#8230; Et         l&rsquo;espoir, pour la soci\u00e9t\u00e9 Areva, d&rsquo;\u00eatre bien plac\u00e9e pour gagner l&rsquo;appel         d&rsquo;offres pour deux centrales nucl\u00e9aires.                  Nicolas Sarkozy est comme cela. \u00ab\u00a0Cash\u00a0\u00bb et super-VRP. De P\u00e9kin \u00e0 Abou         Dhabi, du Cap \u00e0 Moscou, et encore \u00e0 Tunis, la semaine derni\u00e8re, il         d\u00e9ploie une nouvelle diplomatie commerciale, n&rsquo;h\u00e9sitant pas \u00e0 se         retrousser les manches pour conclure une n\u00e9gociation. \u00ab\u00a0Il est capable de         se transformer en v\u00e9ritable pitbull, accroch\u00e9 aux fesses de ses         interlocuteurs\u00a0\u00bb, lance l&rsquo;un de ses proches. Comme lors de ce coup de         fil, en juillet 2007, avec le pr\u00e9sident Vladimir Poutine: ce jour-l\u00e0, le         chef de l&rsquo;Etat convainc le ma\u00eetre du Kremlin d&rsquo;accorder \u00e0 Total la         concession du gisement de Chtockman. Trois jours plus tard, le p\u00e9trolier         fran\u00e7ais signera le contrat \u00e0 Moscou au si\u00e8ge de Gazprom.         Realpolitik                  \u00ab\u00a0Je n&rsquo;adh\u00e8re pas \u00e0 cette realpolitik qui voudrait qu&rsquo;au nom d&rsquo;int\u00e9r\u00eats         \u00e9conomiques sup\u00e9rieurs on devrait oublier ses principes. Au premier rang         de ceux-ci se trouve le respect des droits de l&rsquo;homme\u00a0\u00bb, \u00e9crivait Nicolas         Sarkozy dans son livre T\u00e9moignage, du temps o\u00f9 il \u00e9tait candidat \u00e0 la         pr\u00e9sidence. Certes, le chef de l&rsquo;Etat a bien abord\u00e9 ce sujet lors de son         voyage en Chine. De m\u00eame, il a re\u00e7u des repr\u00e9sentants de la soci\u00e9t\u00e9         civile \u00e0 Moscou. Mais sa diplomatie se distingue surtout par son         pragmatisme, comme en t\u00e9moignent la r\u00e9ception du colonel Kadhafi \u00e0         Paris, le coup de fil de f\u00e9licitations \u00e0 Vladimir Poutine apr\u00e8s sa         victoire aux \u00e9lections l\u00e9gislatives et, plus r\u00e9cemment, sa visite \u00e0         Tunis, ou l&rsquo;envoi de plusieurs \u00e9missaires \u00e0 P\u00e9kin, charg\u00e9s de lettres         d&rsquo;excuses et de cadeaux, apr\u00e8s l&rsquo;image d\u00e9sastreuse laiss\u00e9e par le relais         parisien de la flamme olympique.                  Nucl\u00e9aire, TGV, Airbus ou armement: l&rsquo;ancien avocat sait plaider les         dossiers tricolores. Quitte \u00e0 faire de la gonflette m\u00e9diatique,         m\u00e9langeant un peu vite les contrats sign\u00e9s et les simples promesses de         vente, les exportations et les investissements. Ainsi, l&rsquo;addition des         march\u00e9s remport\u00e9s depuis mai 2007, claironn\u00e9s par l&rsquo;Elys\u00e9e, d\u00e9passerait         les 40 milliards d&rsquo;euros, de quoi effacer le d\u00e9ficit du commerce         ext\u00e9rieur! Sans parler des 40 autres milliards de \u00abcontrats potentiels\u00bb         n\u00e9goci\u00e9s avec l&rsquo;Arabie saoudite lors d&rsquo;une visite en janvier dernier, ou         des centrales nucl\u00e9aires virtuelles annonc\u00e9es avec les Emirats arabes         unis ou la Libye. \u00ab\u00a0Cette communication est de bonne guerre, juge un         habitu\u00e9 de l&rsquo;Elys\u00e9e, d&rsquo;autant que la plupart des chefs d&rsquo;Etat ont         l&rsquo;habitude d&#8217;embellir leur tableau de chasse\u00a0\u00bb. Comme le Premier ministre         britannique, Gordon Brown, qui n&rsquo;a pas h\u00e9sit\u00e9, \u00e0 l&rsquo;issue d&rsquo;un voyage en         Inde, au d\u00e9but de l&rsquo;ann\u00e9e, \u00e0 annoncer 10 milliards de livres de contrats.         En r\u00e9alit\u00e9, il \u00e9voquait son \u00ab\u00a0espoir\u00a0\u00bb de pouvoir signer ceux-ci \u00ab\u00a0dans les         prochains mois\u00a0\u00bb&#8230;                  Quoi qu&rsquo;il en soit, le pr\u00e9sident fran\u00e7ais a bel et bien donn\u00e9 une         impulsion \u00e0 la diplomatie commerciale. Certes, Jacques Chirac savait lui         aussi mouiller sa chemise pour arracher un march\u00e9. Mais, depuis quelques         mois, le sujet a pris une importance strat\u00e9gique. D&rsquo;abord, parce que         chaque \u00abmoisson\u00bb permet de combler une partie du trou b\u00e9ant de notre         commerce ext\u00e9rieur, qui se creuse chaque jour de 110 millions d&rsquo;euros.         Ensuite, parce que la demande de biens d&rsquo;\u00e9quipement explose un peu         partout. Changements climatiques et hausse du prix du baril ont remis \u00e0         la mode le nucl\u00e9aire ou les trains \u00e0 grande vitesse. Surtout, gr\u00e2ce \u00e0         l&rsquo;enrichissement des Etats p\u00e9troliers et aux r\u00e9serves de change des pays         \u00e9mergents, les clients de la France n&rsquo;ont gu\u00e8re de probl\u00e8me de         solvabilit\u00e9. Sans surprise, le volume des grands contrats gagn\u00e9s dans         les pays \u00e9mergents a bondi, en 2007, de 20 \u00e0 37 milliards d&rsquo;euros,         record historique. Et encore, ce chiffre, communiqu\u00e9 par Bercy, ne         prend-il pas en compte la totalit\u00e9 des contrats sign\u00e9s en 2007.                  Sur le plan militaire, non seulement les exportations se tiennent bien         (5,6 milliards d&rsquo;euros en 2006), mais de nouveaux contrats sont en         discussion. Apr\u00e8s le fiasco, \u00e0 l&rsquo;automne 2007, de la vente de Rafale au         Maroc, \u00e0 l&rsquo;origine d&rsquo;un v\u00e9ritable \u00ab\u00a0\u00e9lectrochoc\u00a0\u00bb dans l&rsquo;administration,         le gouvernement a revu son dispositif, en cr\u00e9ant une war roommilitaire.         Le principe? Une douzaine de conseillers se r\u00e9unissent une fois par mois         dans le plus grand secret pour suivre \u00e0 la loupe l&rsquo;\u00e9tat d&rsquo;avancement des         grands contrats. Parmi eux, deux proches du chef de l&rsquo;Etat &#8211; l&rsquo;amiral         Edouard Guillaud, chef d&rsquo;\u00e9tat-major particulier, et Claude Gu\u00e9ant,         secr\u00e9taire g\u00e9n\u00e9ral de l&rsquo;Elys\u00e9e &#8211; ont accompli des missions discr\u00e8tes en         Arabie saoudite, en Angola ou en Inde. Toute une diplomatie \u00ab\u00a0non         m\u00e9diatique, mais tr\u00e8s efficace\u00a0\u00bb, juge le patron d&rsquo;une entreprise de la         d\u00e9fense.                  Pour les grands contrats civils, la mobilisation est identique. Le         gouvernement devrait d&rsquo;ailleurs annoncer dans les prochains jours la         cr\u00e9ation d&rsquo;une war room civile, v\u00e9ritable cellule de suivi des march\u00e9s.         Car, souvent, la perspective d&rsquo;une visite du pr\u00e9sident \u00e0 l&rsquo;\u00e9tranger joue         le r\u00f4le de catalyseur. \u00ab\u00a0Elle cr\u00e9e un environnement propice et acc\u00e9l\u00e8re         les d\u00e9cisions en mati\u00e8re de grands contrats\u00a0\u00bb, commente Henri Lachmann,         pr\u00e9sident du conseil de surveillance de Schneider Electric et habitu\u00e9         des d\u00e9l\u00e9gations tricolores.        <span lang=\"SV\">C&rsquo;est ainsi         que les n\u00e9gociations ouvertes en 2004 par Areva en Chine ont pu         d\u00e9boucher, lors de la visite de Nicolas Sarkozy en novembre 2007, sur la         vente de deux r\u00e9acteurs nucl\u00e9aires de troisi\u00e8me g\u00e9n\u00e9ration. <\/span>Un         march\u00e9 historique de 8 milliards d&rsquo;euros.                  Les cinq mois pr\u00e9c\u00e9dant l&rsquo;accord ont ressembl\u00e9 \u00e0 un v\u00e9ritable marathon.        <span lang=\"SV\">N\u00e9gociateurs         et diplomates se sont livr\u00e9s \u00e0 un ballet permanent entre les deux pays.         Au si\u00e8ge parisien d&rsquo;Areva, la pr\u00e9sidente, Anne Lauvergeon, habitu\u00e9e \u00e0         recevoir des dignitaires chinois, avait m\u00eame fait changer le num\u00e9ro         d&rsquo;\u00e9tage de son bureau, le chiffre 4 portant malchance dans la         num\u00e9rologie chinoise&#8230; <\/span>Flash-back: au cours de l&rsquo;\u00e9t\u00e9 2007, les         Fran\u00e7ais comprennent que le contrat est \u00e0 port\u00e9e de main. P\u00e8chent-ils         par exc\u00e8s de confiance? P\u00e9kin souffle le froid, retardant une visite de         Christine Lagarde pr\u00e9vue en ao\u00fbt. Celle-ci a finalement lieu fin         septembre, mais la ministre de l&rsquo;Economie, qui esp\u00e9rait pouvoir parapher         une esquisse d&rsquo;accord, rentre bredouille. Il faudra encore toute         l&rsquo;habilet\u00e9 des \u00e9missaires, parmi lesquels Jean-David Levitte, patron de         la cellule diplomatique de l&rsquo;Elys\u00e9e, pour conclure le contrat. Le 26         novembre, dans le Grand Palais du peuple de P\u00e9kin, Anne Lauvergeon,         veste lie-de-vin et talons interminables, pourra enfin laisser \u00e9clater         sa joie \u00e0 l&rsquo;issue de la c\u00e9r\u00e9monie des signatures&#8230;                  Pour Airbus, le suspense a \u00e9t\u00e9 encore plus insoutenable. \u00abQuand nous         sommes partis le 24 novembre de Paris, nous n&rsquo;avions que 20 avions sur         la shopping list\u00bb, raconte un diplomate. Or l&rsquo;Elys\u00e9e avait fix\u00e9 la barre         tr\u00e8s haut: il fallait, pour r\u00e9ussir la visite de Nicolas Sarkozy en         Chine, faire aussi bien que Jacques Chirac un an plut t\u00f4t &#8211; autrement         dit, la vente de 150 avions&#8230; Conscient des desiderata des Fran\u00e7ais,         P\u00e9kin joue avec leurs nerfs. \u00ab\u00a0Un vrai supplice, se souvient un         n\u00e9gociateur; nous avons d\u00fb attendre la derni\u00e8re minute pour \u00eatre fix\u00e9s         sur le nombre d&rsquo;appareils.\u00a0\u00bb Quand l&rsquo;Airbus de Nicolas Sarkozy se pose \u00e0         Xian, dans la matin\u00e9e du 25 novembre, le pr\u00e9sident part visiter les         soldats en terre cuite. Dans l&rsquo;ombre, deux hommes s&rsquo;enferment pour         discuter des derniers d\u00e9tails de la visite: Jean-David Levitte et Dai         Bingguo, sherpa du pr\u00e9sident chinois, Hu Jintao. Les dirigeants         communistes, qui connaissent mal Nicolas Sarkozy, se montrent         extr\u00eamement prudents. \u00ab\u00a0Ils attendaient la tonalit\u00e9 des premi\u00e8res         d\u00e9clarations fran\u00e7aises: \u00e0 chaque propos favorable envers la Chine, le         nombre d&rsquo;avions augmentait\u00a0\u00bb, se souvient un proche du dossier. Le         dimanche soir, apr\u00e8s le d\u00eener, un accord est enfin trouv\u00e9. Mais, au         petit matin, Fabrice Br\u00e9gier, directeur g\u00e9n\u00e9ral d\u00e9l\u00e9gu\u00e9 d&rsquo;Airbus, fait         la moue devant la proposition chinoise, jug\u00e9e trop basse, libell\u00e9e en         dollars et n&rsquo;incluant pas d&rsquo;Airbus A 350. Louis Gallois, patron d&rsquo;EADS,         qui subit la pression de l&rsquo;Elys\u00e9e, somme son collaborateur d&rsquo;accepter.         Un peu plus tard, Nicolas Sarkozy peut annoncer la vente de&#8230; 160         appareils. Dix de plus que Chirac!                  En g\u00e9n\u00e9ral, les industriels fran\u00e7ais refusent rarement le soutien         politique que leur propose l&rsquo;Etat. Mieux: ils se battent pour faire         partie des d\u00e9l\u00e9gations officielles. \u00ab\u00a0Nous sommes ensevelis sous les         demandes\u00a0\u00bb, confie-t-on \u00e0 l&rsquo;Elys\u00e9e. \u00ab\u00a0Le c\u00f4t\u00e9 vu et approuv\u00e9 par le         pr\u00e9sident de la R\u00e9publique nous conf\u00e8re une plus grande visibilit\u00e9\u00a0\u00bb,         reconna\u00eet un haut dirigeant. Parfois, l&rsquo;intervention du politique se         r\u00e9v\u00e8le d\u00e9cisive. Au Maroc, par exemple, quand Nicolas Sarkozy, d\u00e9plorant         l&rsquo;\u00e9chec du Rafale, a r\u00e9clam\u00e9 des compensations. R\u00e9sultat, il rentre, au         mois d&rsquo;octobre, de son voyage dans le royaume ch\u00e9rifien avec une moisson         de 3 milliards d&rsquo;euros. Au passage, il grille la politesse aux Espagnols,         en arrachant le tramway de Rabat&#8230;        <span lang=\"SV\">De m\u00eame, la         visite de Fran\u00e7ois Fillon en Argentine en d\u00e9cembre 2007, \u00e0 l&rsquo;occasion de         l&rsquo;intronisation de la nouvelle pr\u00e9sidente, Cristina Kirchner, a permis         de d\u00e9bloquer le contrat du TGV, sign\u00e9 un mois plus tard. <\/span>Dans         l&rsquo;ombre, les technocrates fran\u00e7ais avaient bien pr\u00e9par\u00e9 le terrain.         Ainsi, Xavier Musca, directeur du Tr\u00e9sor, a profit\u00e9 d&rsquo;une r\u00e9union des         grands argentiers du G 20 (pays \u00e9mergents et industrialis\u00e9s), au mois de         novembre en Afrique du Sud, pour organiser nuitamment une r\u00e9union         secr\u00e8te avec la d\u00e9l\u00e9gation argentine. Cette nuit-l\u00e0, la France a propos\u00e9         ses bons offices pour r\u00e9gler le dossier complexe de la dette argentine.         Une offre de service que n&rsquo;a pas oubli\u00e9e Cristina Kirchner&#8230;                  Efficace, la diplomatie du ch\u00e9quier? Les technocrates de Bercy ou de         l&rsquo;Elys\u00e9e en sont persuad\u00e9s. Mais les industriels restent vigilants: pas         question de se laisser pi\u00e9ger par une obligation de r\u00e9sultats. \u00ab\u00a0Je n&rsquo;ai         jamais consid\u00e9r\u00e9 que l&rsquo;obtention d&rsquo;une signature lors d&rsquo;une visite         officielle valait n&rsquo;importe quelle concession\u00a0\u00bb, affirme Patrick Kron,         patron d&rsquo;Alstom et pilier des voyages de Nicolas Sarkozy.        <span lang=\"SV\">En t\u00e9moigne         cette anecdote, lors d&rsquo;un d\u00e9placement en Alg\u00e9rie en d\u00e9cembre dernier.        <\/span>Les responsables d&rsquo;Alstom sont alors en train de boucler le         march\u00e9 d&rsquo;une centrale \u00e0 gaz \u00e0 Terga, portant sur 1,3 milliard d&rsquo;euros,         mais les discussions avec le partenaire alg\u00e9rien butent encore sur des         d\u00e9tails. \u00ab\u00a0Tu ne l\u00e2ches rien \u00e0 cause de la visite de Sarko!\u00a0\u00bb indique         Patrick Kron \u00e0 un collaborateur. Le contrat sera bien sign\u00e9 devant les         chefs d&rsquo;Etat, mais la derni\u00e8re page restera non paraph\u00e9e&#8230; Un accord ne         sera trouv\u00e9 que quelques jours plus tard.                  Il arrive pourtant que les discussions commerciales s&rsquo;enlisent. Ainsi,         en janvier dernier, le chef de l&rsquo;Etat est rentr\u00e9 les mains vides ou         presque de son voyage en Inde. Non seulement New Delhi avait annul\u00e9, un         mois plus t\u00f4t, un contrat d&rsquo;h\u00e9licopt\u00e8res, remport\u00e9 par Eurocopter, mais         une commande d&rsquo;Airbus par la compagnie Kingfisher (estim\u00e9e \u00e0 5 milliards         d&rsquo;euros) n&rsquo;a pas abouti \u00e0 temps. Affront suppl\u00e9mentaire: le lendemain du         d\u00e9part de Nicolas Sarkozy, l&rsquo;am\u00e9ricain Lockheed Martin signait la vente         de six avions de transport pour un montant de 1 milliard de dollars!                  Car, sur le terrain, les concurrents sont \u00e0 l&rsquo;aff\u00fbt. Comme \u00e0 Riyad, ce         lundi 14 janvier 2008. A peine l&rsquo;Airbus de Nicolas Sarkozy avait-il         red\u00e9coll\u00e9 de l&rsquo;a\u00e9roport que se posait l&rsquo;Air Force One de George W. Bush.         Et le locataire de la Maison-Blanche de proposer au roi des contrats         d&rsquo;armement pour un montant de 20 milliards de dollars. En Libye,         Vladimir Poutine, pass\u00e9 par Tripoli le 17 avril, vient d&#8217;empocher un         contrat ferroviaire de 2,1 milliards d&rsquo;euros. Tandis que le gouvernement         fran\u00e7ais esp\u00e8re toujours engranger les dividendes de la visite \u00e0 Paris         du colonel Kadhafi en d\u00e9cembre 2007! Mais il arrive \u00e0 la France d&rsquo;avoir         le dernier mot: en t\u00e9moigne le contrat historique avec le Pentagone des         avions ravitailleurs (35 milliards de dollars), remport\u00e9, le 29 f\u00e9vrier,         par EADS au nez et \u00e0 la barbe de Boeing. Certes, Nicolas Sarkozy n&rsquo;y est         pas pour grand-chose. Mais, comme le constate un acteur du dossier, \u00ab\u00a0la         volont\u00e9 de rapprochement transatlantique a rendu possible politiquement         ce qui ne l&rsquo;\u00e9tait pas auparavant\u00a0\u00bb. Quand les affaires du monde         co\u00efncident avec le monde des affaires&#8230;                  <span><strong>(Source : le site de \u00ab L\u2019Express \u00bb         (Magazine hebdomadaire \u2013 <\/strong><\/span> <span> <strong>France), le 6 mai 2008)         Lien : <\/strong> <a href=\"http:\/\/www.lexpress.fr\/info\/france\/dossier\/sarkozy_president\/dossier.asp?ida=470958&amp;p=3\" target=\"_blank\" rel=\"noopener\"> <strong>        http:\/\/www.lexpress.fr\/info\/france\/dossier\/sarkozy_president\/dossier.asp?ida=470958&amp;p=3<\/strong><\/a><\/span><\/div>\n<div align=\"justify\"> <strong><\/p>\n<hr\/>\n<p><\/strong> <\/div>\n<div align=\"justify\"> <font> <\/p>\n<div align=\"center\"> <strong><font>L&rsquo;\u00e9chec des mod\u00e9r\u00e9s annonce<\/font><\/strong> <\/p>\n<h2 style=\"color: red;\"><font size=\"3\"><strong>le retour de l&rsquo;islamisme           radical<\/strong><\/font><\/h2>\n<\/div>\n<div align=\"center\">          \u00a0<\/div>\n<div>          Le pouvoir alg\u00e9rien continue \u00e0 avancer un \u00e0 un les pions de son           \u00e9chiquier politique devant conduire \u00e0 ficeler l&rsquo;\u00e9lection           pr\u00e9sidentielle de 2009. Comme d&rsquo;habitude, il ne veut prendre aucun           risque en maintenant les statu quo aux sommets. Sidi-Sa\u00efd a \u00e9t\u00e9           reconduit \u00e0 la t\u00eate de l&rsquo;UGTA, malgr\u00e9 son implication d\u00e9clar\u00e9e dans le           scandale Khalifa. Soltani va entamer son deuxi\u00e8me mandat \u00e0 la t\u00eate           d&rsquo;un MSP pass\u00e9 corps et \u00e2me dans la soumission totale au pouvoir. En           parlant de menottes, il ne croyait pas si bien dire, mais il n&rsquo;a pas           vraiment compris qui les lui a mises. Quant \u00e0 Belkhadem, il continue           de naviguer \u00e0 vue en attendant de se mettre au garde-\u00e0-vous le moment           venu.           Le retour aux avants postes d&rsquo;Ouyahia pr\u00e9figure qu&rsquo;une d\u00e9cision a \u00e9t\u00e9           prise sur le favori du pouvoir. Trois sc\u00e9narios de candidatures se           pr\u00e9cisent dans une sorte de primaire \u00e0 l&rsquo;alg\u00e9rienne. Un troisi\u00e8me           mandat de Bouteflika n\u00e9cessitant un douloureux viol de la Constitution           qui laissera des traces. Le candidat du DRS Ouyahia qui ne recueille           aucun consensus ni militaire, ni civil, ni politique. Enfin le           candidat du consensus militaire Abdelmalek Guena\u00efzia, nomm\u00e9 en mai           2005 ministre d\u00e9l\u00e9gu\u00e9 \u00e0 la D\u00e9fense nationale. Un poste qui a toujours           \u00e9t\u00e9 consid\u00e9r\u00e9 comme l&rsquo;antichambre du futur d\u00e9tenteur du pouvoir           pr\u00e9sidentiel dans la logique du syst\u00e8me. Ce fut le cas avec Boumediene,           Chadli, Nezzar, vrai patron du HCE de la transition 92-94, et Zeroual.           L&rsquo;exp\u00e9rience Bouteflika a \u00e9t\u00e9 l&rsquo;exception civile qui a confirm\u00e9 la           r\u00e8gle du pouvoir militaire depuis l&rsquo;ind\u00e9pendance.           Mais le plus inqui\u00e9tant n&rsquo;est pas ce qui se passe dans les us et           coutumes pr\u00e9visibles du pouvoir. Un autre \u00e9chiquier politique est en           train de se mettre en place dans la rue qui risque d&rsquo;aboutir au m\u00eame           sc\u00e9nario de la p\u00e9riode 88-92. D&rsquo;un c\u00f4t\u00e9, on assiste \u00e0 une mont\u00e9e en           intensit\u00e9 du m\u00e9contentement populaire \u00e0 travers les \u00e9meutes et une           d\u00e9sint\u00e9gration sociale. L&rsquo;ampleur des injustices, de la d\u00e9linquance,           et du ph\u00e9nom\u00e8ne des harraga plante les mauvaises graines d&rsquo;o\u00f9           germeront de nouveaux terroristes.           D&rsquo;un autre c\u00f4t\u00e9 le pouvoir a pris un risque \u00e9norme en marginalisant           les islamistes mod\u00e9r\u00e9s. Abdallah Djaballah a \u00e9t\u00e9 d\u00e9poss\u00e9d\u00e9 de son           parti et isol\u00e9. Les compagnons de feu Mahfoud Nahnah ont \u00e9t\u00e9 d\u00e9sarm\u00e9s           et humili\u00e9s par l&rsquo;arrogance de Soltani qui se pr\u00e9vaut d&rsquo;\u00eatre un alli\u00e9           inconditionnel du syst\u00e8me. Dans ses meetings, il clame fi\u00e8rement son           statut de \u00abbrosseur du pouvoir\u00bb (na\u00e2m, nahnou chiyatine el solta). Il           n&rsquo;est pas \u00e9tonnant dans ce nouveau contexte qu&rsquo;on se pose \u00e0           retardement des questions sur la disparition pr\u00e9matur\u00e9e de Nahnah,           victime d&rsquo;une leuc\u00e9mie foudroyante. On sait depuis l&rsquo;affaire de           l&rsquo;opposant russe Litvinenko, empoisonn\u00e9 \u00e0 Londres, que des cancers et           des maladies du sang peuvent \u00eatre provoqu\u00e9es par l&rsquo;inhalation de           substances radioactives. On peut d&rsquo;ailleurs se poser les m\u00eames           questions sur certains d\u00e9c\u00e8s r\u00e9cents par cancer ou \u00ablongue maladie\u00bb de           journalistes ou de militaires.           Le r\u00e9sultat est que l&rsquo;islamisme mod\u00e9r\u00e9, alli\u00e9 conditionnel du pouvoir           dans la marginalisation du FIS, a perdu ses leaders et ses structures           partisanes. Sa pr\u00e9sence dans les institutions est devenue anecdotique.           Les d\u00e9mocrates, autres alli\u00e9s conditionnels du pouvoir dans sa guerre           contre le FIS, n&rsquo;offrent toujours pas d&rsquo;alternative cr\u00e9dible du fait           de leurs divisions st\u00e9riles et leur incapacit\u00e9 \u00e0 investir la rue pour           prendre la t\u00eate de la r\u00e9volte populaire.           Que personne ne se m\u00e9prenne. Ce pouvoir est capable de s&rsquo;allier avec           n&rsquo;importe qui pour conserver ses privil\u00e8ges et rassurer ses alli\u00e9s.           Avec la loi sur la r\u00e9conciliation nationale, il a pris le soin           d&rsquo;effacer les ardoises pour remettre les compteurs \u00e0 z\u00e9ro. Est-ce un           acte conscient ou une tr\u00e8s grosse b\u00eatise?           Si la rue bascule dans une violence d\u00e9vastatrice, comme celle           d&rsquo;octobre 88, le pouvoir cherchera dans l&rsquo;urgence des partenaires           capables d&rsquo;\u00e9teindre rapidement les incendies d&rsquo;une explosion sociale           qui risque de menacer les puits de p\u00e9trole et la stabilit\u00e9 r\u00e9gionale.           Il ne faudra alors pas s&rsquo;\u00e9tonner qu&rsquo;un nouveau tapis rouge soit           d\u00e9roul\u00e9 sous les pieds de l&rsquo;islamisme radical.<\/div>\n<div> <strong><font>Sa\u00e2d Loun\u00e8s<\/font><\/strong><\/div>\n<p> <\/font> <\/div>\n<div>\n<hr\/><\/div>\n<div>         \u00a0<\/div>\n<p align=\"center\"> <b><span>Secular       and Antidemocratic<\/span><\/b><span> <\/span><font size=\"3\"><strong> <span>In Turkey, another attempt to       reverse the elections won by moderate Islamists<\/span><\/strong><\/font><\/p>\n<p>Washington Post Editorial       Friday, May 2, 2008; Page A20                      IN MANY countries where elections and Islam overlap, religious political       parties are suspected &#8212; often rightly &#8212; of trying to use the democratic       system to advance an illiberal agenda. Turkey, the most advanced democracy       in the Muslim world, has the opposite problem. Its mildly religious ruling       party has led the way in introducing progressive political and economic       reforms and preparing the country for membership in the European Union.       Its secular opposition, meanwhile, has repeatedly resorted to       antidemocratic tactics.              Last year the Turkish army, which sees itself as the ultimate guardian of       Turkey&rsquo;s secular constitution, tried to stop the Justice and Development       Party (AKP) from electing its candidate for president by posting a       threatening statement on its Web site. This \u00ab\u00a0e-coup\u00a0\u00bb led to a ruling by       the Constitutional Court against the AKP &#8212; and then a general election       that the party won decisively over secular parties that had abetted and       cheered the court ruling. Abdullah Gul, a moderate and pro-Western       politician, duly became president.              Rather than being chastened by this reversal, the secular establishment is       attempting an even more radical maneuver. Egged on once again by       opposition political parties, a state prosecutor filed a case in March       seeking to ban the AKP and 70 of its members, including Mr. Gul and Prime       Minister Recep Tayyip Erdogan, on charges of violating the constitution.       The case is based in large part on the party&rsquo;s move to lift a ban on the       wearing of head scarves by women in Turkish universities, a highly charged       if largely symbolic domestic issue. The prosecution mainly serves to       reveal the weakness of the constitution, which makes it far too easy for       courts to outlaw political parties on flimsy grounds.              A proper response to the lawsuit would be for Mr. Erdogan to press forward       with his liberal reforms, including constitutional amendments that would       change the criteria for banning political parties. But while the       government has introduced legislation to change the constitution&rsquo;s       notorious criminalization of speech \u00ab\u00a0insulting Turkishness,\u00a0\u00bb it has been       slow to react to the threat of banishment. The result may well be months       of litigation followed by a ruling that plunges the political system into       chaos.              The European Union has sent a clear message about the danger of       undermining democracy. Javier Solana, its foreign policy chief, said that       banning a party is \u00ab\u00a0not something normal\u00a0\u00bb and that \u00ab\u00a0the consequences would       be very grave\u00a0\u00bb for Turkey&rsquo;s relations with Europe. Unfortunately the Bush       administration has not been nearly so clear. Secretary of State       Condoleezza Rice said last month that the case was \u00ab\u00a0a matter . . . for       Turks to decide,\u00a0\u00bb adding only the \u00ab\u00a0hope that this will be decided within       Turkey&rsquo;s secular democratic context and by its secular democratic       principles\u00a0\u00bb &#8212; whatever that means.               In fact, the administration ought to make it plain that banning the AKP       would cause serious damage to U.S.-Turkish relations. The United States       has a vital interest in the success of Turkish democracy &#8212; and of the       moderate Islamic party that now leads it.              <b><span>(Source : Editorial du \u00ab Washington Post\u201d,       (Quotidien \u2013 <\/span><\/b> <span><b>USA),       le 2 mai 2008)<\/b> <\/span><b><font>Lien : http:\/\/www.washingtonpost.com\/wp-dyn\/content\/article\/2008\/05\/01\/AR2008050103199.html      <\/font><\/b><\/p>\n<p> <span><\/p>\n<hr\/>\n<p> <\/span> <\/p>\n<p align=\"center\"> <strong><span>      COMMUNIQUE DE PRESSE de l\u2019ONG suisse \u00ab Droits pour Tous<\/span><\/strong><span> <span>\u00bb<\/span><\/span><\/p>\n<p> <span>\u00a0<\/span><\/p>\n<p>       Suite \u00e0 la r\u00e9cente pol\u00e9mique concernant le choix de nos invit\u00e9s dans le       cadre de la comm\u00e9moration de la 60\u00e8me ann\u00e9e de la \u00ab Nakbah \u00bb, nous\u00a0 tenons       \u00e0 pr\u00e9ciser les points suivants :              &#8211; Notre association, Droit Pour Tous (DPT), a toujours condamn\u00e9       cat\u00e9goriquement le terrorisme d&rsquo;o\u00f9 qu&rsquo;il provienne. Les principes \u00e9thiques       et moraux de nos actions doivent \u00eatre en parfaite ad\u00e9quation avec notre       charte qui condamne : \u00ab les meurtres de personnes innocentes et les       violences sur les civils\u00bb. Cette m\u00eame charte pr\u00e9serve le droit des\u00a0       peuples \u00e0 lutter contre l&rsquo;occupation et \u00e0 sauvegarder leur libert\u00e9 et leur       droit\u00a0 \u00e0 l&rsquo;autod\u00e9termination comme cela est consacr\u00e9 par l&rsquo;ensemble des\u00a0       dispositions du droit humanitaire.       \u00a0\u00a0\u00a0\u00a0\u00a0\u00a0\u00a0\u00a0\u00a0\u00a0\u00a0\u00a0\u00a0\u00a0\u00a0\u00a0\u00a0\u00a0\u00a0\u00a0\u00a0        &#8211; C&rsquo;est pourquoi, nous affirmons que d&rsquo;\u00e9ventuels propos tenus par certains       de nos invit\u00e9s et qui seraient contraires \u00e0 l&rsquo;esprit de notre charte ne       seraient en aucun cas soutenus et approuv\u00e9s par DPT. Nous en       profitons pour rappeler que l&rsquo;Etat d&rsquo;Isra\u00ebl utilise des m\u00e9thodes\u00a0terroristes       pour r\u00e9primer le peuple palestinien sans que cela n&rsquo;offusque nos       d\u00e9tracteurs.              &#8211; Nous nous demandons aussi pourquoi l&rsquo;on prend toujours plaisir \u00e0 faire       le proc\u00e8s de tout propos prononc\u00e9 par des intellectuels musulmans,       palestiniens y compris,\u00a0 alors que l&rsquo;on passe sous silence les paroles       fielleuses de certains politiciens isra\u00e9liens qui d\u00e9passent de mani\u00e8re       plus ostentatoire et gravissime les limites de l&rsquo;entendement. C&rsquo;est ainsi       que l&rsquo;ex-pr\u00e9sidente et fondatrice de l&rsquo;Etat d&rsquo;Israel (un peuple sans terre       sur une terre sans peuple !) Golda Meir, par exemple, alla m\u00eame jusqu&rsquo;\u00e0       nier l&rsquo;existence du peuple palestinien et d\u00e9clara ressentir une douleur       lors de la naissance de chaque Palestinien ! Plus pr\u00eat de notre \u00e9poque,       Ariel\u00a0Sharon traita les Palestiniens d&rsquo;animaux \u00e0 deux pattes et un       ministre\u00a0isra\u00e9lien alla m\u00eame jusqu&rsquo;\u00e0 menacer les habitants de GAZA d&rsquo;un       g\u00e9nocide sans que cela       ne soul\u00e8ve l&rsquo;indignation et ne donne lieu \u00e0 des r\u00e9actions \u00e0 la hauteur de       tels propos odieux. Dans un souci d&rsquo;\u00e9galit\u00e9 de traitement, pourquoi ne pas       d\u00e8s lors demander \u00e0 nos responsables politiques de ne plus fr\u00e9quenter un       Etat dont les plus hauts responsables se permettent de telles d\u00e9clarations       ?              &#8211; Nous sommes aussi \u00e9tonn\u00e9s par l&rsquo;ampleur que prend cette pol\u00e9mique en       faisant croire \u00e0 un danger pour la paix publique et par le fait qu&rsquo;elle       masque (mais est-ce peut-\u00eatre l\u00e0 le but r\u00e9el de ces attaques) les       \u00e9v\u00e8nements que nous organisons pour comm\u00e9morer ici les 60 ans de       l&rsquo;occupation de la Palestine qui, en permettant la cr\u00e9ation d&rsquo;Isra\u00ebl, a       provoqu\u00e9 l&rsquo;exode de plus de 800&rsquo;000 Palestiniens et la destruction de pr\u00e8s       de 416 villages avec des massacres collectifs \u00e0 connotation express\u00e9ment       terroriste si on veut tenir \u00e0 la d\u00e9finition ci-dessus expos\u00e9e.               &#8211; Il est encore plus grave de d\u00e9celer dans cette campagne de\u00a0d\u00e9nigrement       pr\u00e9m\u00e9dit\u00e9e de notre action une volont\u00e9 d&rsquo;imposer une seuleinterpr\u00e9tation       du conflit qui oppose les palestiniens \u00e0 l&rsquo;occupant, et ce en cherchant       par tous les moyens \u00e0 discr\u00e9diter les d\u00e9fenseurs de la cause palestinienne       et \u00e0 les tirer dans des d\u00e9bats parall\u00e8les qui les emp\u00eachent de jouer leur       r\u00f4le dans la mise \u00e0 nu du terrorisme intellectuel impos\u00e9 par\u00a0les \u00ab amis       d&rsquo;Isra\u00ebl \u00bb \u00e0 chaque fois qu&rsquo;il s&rsquo;agit de r\u00e9pondre \u00e0 la question       \u00a0: qui est responsable de quoi ?              &#8211;\u00a0Pour finir, la venue de M. Azzam Tamimi a aussi pour objectif       deprovoquer un d\u00e9bat sans tabous sur la tournure que prend la situation en       Palestine et notamment sur l&rsquo;usage de la violence afin de trouver les       meilleurs moyens pour y mettre un terme. Toute personne ayant le courage       de venir discuter dans un esprit d&rsquo;ouverture, d&rsquo;\u00e9quit\u00e9 et de tol\u00e9rance les       abords compliqu\u00e9s de ce conflit est \u00e9videmment la bienvenue.              Forte de ces constatations, DROIT POUR TOUS appelle tous les intervenants,       et plus particuli\u00e8rement les m\u00e9dias, \u00e0 assumer un r\u00f4le plus neutre et \u00e0       s&rsquo;inscrire dans une logique strat\u00e9gique de r\u00e9solution r\u00e9fl\u00e9chie des       probl\u00e8mes, en lieu et place de la recherche des sensations d\u00e9mesur\u00e9es ou       des accusations infond\u00e9es.                             Gen\u00e8ve le 6 mai 2008              <b><span>Association \u00ab Droit Pour Tous \u00bb       <\/span><\/b><span>Rue des Savoises 15       1205 Gen\u00e8ve       T\u00e9l. &amp;fax : +4122 785 21 43 et +41 22 321 12 55       M\u00e9dias contacts :        Anouar Gharbi +4179418 75 05 ,        Xavier Carlo : +4178\u00a0 615 69 91       info@droitpourtous.ch\u00a0 ; www.droitpourtous.ch<\/span> <\/p>\n<\/div><\/div>\n<p> \u00a0<\/p>\n<\/div>\n<p><\/font><\/p>\n<p align=\"left\" dir=\"ltr\">\u00a0<\/p>\n<p align=\"center\" dir=\"ltr\"><b><a href=\"http:\/\/www.tunisnews.net\"><font face=\"Arial\"><span><font size=\"2\">Home<\/font><\/span><font size=\"2\"><span lang=\"FR-CH\"> &#8211; Accueil <\/span><span>&#8211; <\/span><\/font><\/font><span dir=\"rtl\" lang=\"AR-SA\"><font size=\"2\">\u0627\u0644\u0631\u0626\u064a\u0633\u064a\u0629<\/font><\/span><\/a><\/b><\/p>\n<p><\/body><\/body><\/html><\/p>\n","protected":false},"excerpt":{"rendered":"<p>Home &#8211; Accueil \u00a0 TUNISNEWS 9\u00a0\u00e8me\u00a0ann\u00e9e, N\u00b0 \u00a02906\u00a0\u00a0du 07.05.2008 \u00a0archives : www.tunisnews.net Comit\u00e9 de soutien aux luttes du bassin minier de Gafsa: Un jeune ch\u00f4meur en lutte du bassin minier de Gafsa mort \u00e9lectrocut\u00e9 FTCR: TUNISIE \u2026 Bassin minier de Gafsa UN JEUNE DU BASSIN MINIER\u00a0\u00a0 MORT \u00c9LECTROCUT\u00c9 Libert\u00e9 et Equit\u00e9: Nouvelles des libert\u00e9s en [&hellip;]<\/p>\n","protected":false},"author":1,"featured_media":22040,"comment_status":"open","ping_status":"open","sticky":false,"template":"","format":"standard","meta":{"inline_featured_image":false,"site-sidebar-layout":"default","site-content-layout":"","ast-site-content-layout":"default","site-content-style":"default","site-sidebar-style":"default","ast-global-header-display":"","ast-banner-title-visibility":"","ast-main-header-display":"","ast-hfb-above-header-display":"","ast-hfb-below-header-display":"","ast-hfb-mobile-header-display":"","site-post-title":"","ast-breadcrumbs-content":"","ast-featured-img":"","footer-sml-layout":"","ast-disable-related-posts":"","theme-transparent-header-meta":"","adv-header-id-meta":"","stick-header-meta":"","header-above-stick-meta":"","header-main-stick-meta":"","header-below-stick-meta":"","astra-migrate-meta-layouts":"default","ast-page-background-enabled":"default","ast-page-background-meta":{"desktop":{"background-color":"","background-image":"","background-repeat":"repeat","background-position":"center center","background-size":"auto","background-attachment":"scroll","background-type":"","background-media":"","overlay-type":"","overlay-color":"","overlay-opacity":"","overlay-gradient":""},"tablet":{"background-color":"","background-image":"","background-repeat":"repeat","background-position":"center center","background-size":"auto","background-attachment":"scroll","background-type":"","background-media":"","overlay-type":"","overlay-color":"","overlay-opacity":"","overlay-gradient":""},"mobile":{"background-color":"","background-image":"","background-repeat":"repeat","background-position":"center center","background-size":"auto","background-attachment":"scroll","background-type":"","background-media":"","overlay-type":"","overlay-color":"","overlay-opacity":"","overlay-gradient":""}},"ast-content-background-meta":{"desktop":{"background-color":"var(--ast-global-color-5)","background-image":"","background-repeat":"repeat","background-position":"center center","background-size":"auto","background-attachment":"scroll","background-type":"","background-media":"","overlay-type":"","overlay-color":"","overlay-opacity":"","overlay-gradient":""},"tablet":{"background-color":"var(--ast-global-color-5)","background-image":"","background-repeat":"repeat","background-position":"center center","background-size":"auto","background-attachment":"scroll","background-type":"","background-media":"","overlay-type":"","overlay-color":"","overlay-opacity":"","overlay-gradient":""},"mobile":{"background-color":"var(--ast-global-color-5)","background-image":"","background-repeat":"repeat","background-position":"center center","background-size":"auto","background-attachment":"scroll","background-type":"","background-media":"","overlay-type":"","overlay-color":"","overlay-opacity":"","overlay-gradient":""}},"footnotes":""},"categories":[],"tags":[57,39,29],"class_list":["post-16737","post","type-post","status-publish","format-standard","has-post-thumbnail","hentry","tag-57","tag-39","tag-fr"],"_links":{"self":[{"href":"https:\/\/tunisnews.net\/ar\/wp-json\/wp\/v2\/posts\/16737","targetHints":{"allow":["GET"]}}],"collection":[{"href":"https:\/\/tunisnews.net\/ar\/wp-json\/wp\/v2\/posts"}],"about":[{"href":"https:\/\/tunisnews.net\/ar\/wp-json\/wp\/v2\/types\/post"}],"author":[{"embeddable":true,"href":"https:\/\/tunisnews.net\/ar\/wp-json\/wp\/v2\/users\/1"}],"replies":[{"embeddable":true,"href":"https:\/\/tunisnews.net\/ar\/wp-json\/wp\/v2\/comments?post=16737"}],"version-history":[{"count":0,"href":"https:\/\/tunisnews.net\/ar\/wp-json\/wp\/v2\/posts\/16737\/revisions"}],"wp:featuredmedia":[{"embeddable":true,"href":"https:\/\/tunisnews.net\/ar\/wp-json\/wp\/v2\/media\/22040"}],"wp:attachment":[{"href":"https:\/\/tunisnews.net\/ar\/wp-json\/wp\/v2\/media?parent=16737"}],"wp:term":[{"taxonomy":"category","embeddable":true,"href":"https:\/\/tunisnews.net\/ar\/wp-json\/wp\/v2\/categories?post=16737"},{"taxonomy":"post_tag","embeddable":true,"href":"https:\/\/tunisnews.net\/ar\/wp-json\/wp\/v2\/tags?post=16737"}],"curies":[{"name":"wp","href":"https:\/\/api.w.org\/{rel}","templated":true}]}}