{"id":16722,"date":"2006-09-15T00:00:00","date_gmt":"2006-09-15T00:00:00","guid":{"rendered":"https:\/\/tunisnews.net\/15-septembre-2006\/"},"modified":"2006-09-15T00:00:00","modified_gmt":"2006-09-15T00:00:00","slug":"15-septembre-2006","status":"publish","type":"post","link":"https:\/\/tunisnews.net\/ar\/15-septembre-2006\/","title":{"rendered":"15 septembre 2006"},"content":{"rendered":"<p><html><head><meta content=\"text\/html\" description=\"  vient de demander \u00e0 l\u2019Italie de ne pas expulser Nassim Saadi dans l\u2019attente de \n  garanties qu\u2019elle doit obtenir de la Tunisie concernant le respect de \n  l\u2019Article 3 de la Convention des Droits de l\u2019Homme sur l\u2019interdiction de la \n  torture\" http-equiv=\"Content-Type\"\/><\/head><body><body style=\"text-align: justify\"><\/p>\n<p align=\"center\"><b><a href=\"http:\/\/www.tunisnews.net\/\"><span>Home<\/span><span lang=\"FR-CH\"> &#8211; Accueil <\/span><span>&#8211; <\/span><span dir=\"rtl\" lang=\"AR-SA\">\u0627\u0644\u0631\u0626\u064a\u0633\u064a\u0629<\/span><\/a><\/b><\/p>\n<p><font face=\"Arial\" size=\"2\"><\/p>\n<div>\n<table border=\"1\" width=\"100%\">\n<tr>\n<td bgcolor=\"#efefef\" width=\"100%\"> <span lang=\"AR-SA\"> <\/p>\n<div align=\"left\">  <\/div>\n<div> <span lang=\"FR\"> <\/p>\n<div align=\"center\" dir=\"ltr\"> <font face=\"Arial\"><font size=\"2\"> <span lang=\"SV\"> <strong>TUNISNEWS<\/strong><\/span> <\/font><\/font> <\/div>\n<div align=\"center\" dir=\"ltr\"> <strong><font face=\"Arial\"><font size=\"2\">7\u00a0\u00e8me\u00a0ann\u00e9e,          <span lang=\"FR\">N\u00b0\u00a02307 du 15.09.2006<\/span><\/font><\/font><\/strong><\/div>\n<div align=\"center\" dir=\"ltr\"> <strong> <\/p>\n<div align=\"center\"> <b><span><blink> <font face=\"Arial\" size=\"2\">\u00a0archives : <\/font> <a href=\"http:\/\/www.tunisnews.net\/\" target=\"_blank\" rel=\"noopener\"> <font face=\"Arial\" size=\"2\" target=\"_blank\">            www.tunisnews.net<\/font><\/a><\/blink><\/span><\/b><font face=\"Arial\" size=\"2\"> <\/font> <\/div>\n<p> <\/strong><\/div>\n<p> <\/span><\/div>\n<p> <font face=\"Arial\"><font size=\"2\"> <\/p>\n<div align=\"left\" dir=\"ltr\">\n<hr noshade=\"\" size=\"8\"\/> <\/div>\n<div align=\"left\" dir=\"ltr\"> <strong><\/p>\n<p><font>CCTE: La Cour europ\u00e9enne des droits de         l\u2019homme vient de demander \u00e0 l\u2019Italie de ne pas expulser Nassim Saadi<\/font><\/p>\n<p><\/strong><o:p><font size=\"2\"> <\/font><\/p>\n<p><font size=\"2\"><strong><font>        Maghreb Confidentiel: Tunisie : Les t\u00e9l\u00e9coms sous hypertension !<\/font>         Maghreb Confidentiel: Le r\u00eave bris\u00e9 de Djilani dans l&rsquo;automobile        <\/strong><\/font><\/p>\n<p><\/o:p> <\/div>\n<div align=\"left\" dir=\"ltr\"> <font face=\"Arial\" size=\"2\"> <o:p><strong>Shayhka Maulani Aeisha Muhammad:Dear President Ben Ali<\/strong><\/o:p><\/font><\/div>\n<div align=\"left\" dir=\"ltr\">\n<h2 style=\"color: red;\"><font face=\"Arial\" size=\"2\"> <o:p><strong>Le Temps :Affaire du syndicat des professeurs et des         ma\u00eetres de conf\u00e9rences<\/strong><\/o:p><\/font><\/h2>\n<\/div>\n<div align=\"left\" dir=\"ltr\"> <font face=\"Arial\" size=\"2\"> <o:p><strong>webmanagercenter:Le nouvel a\u00e9roport charter de         Tunis-Carthage bient\u00f4t op\u00e9rationnel<\/strong><\/o:p><\/font><\/div>\n<div align=\"left\" dir=\"ltr\"> <o:p><\/p>\n<p><font size=\"2\"><strong>AFP:Pakistan: le parlement         demande au pape de \u00ab\u00a0retirer\u00a0\u00bb ses propos sur l&rsquo;islam         <font>Le Temps\u00a0 (Suisse):Tariq Ramadan: \u00abAttention aux         ghettos\u00bb<\/font><\/strong><\/font><\/p>\n<p><\/o:p><font face=\"Arial\" size=\"2\"><o:p><\/o:p><\/font><\/div>\n<div align=\"left\" dir=\"ltr\">\n<div>\n<h2 style=\"color: red;\"><font face=\"Arial\" size=\"2\"><strong>Le Monde: Les           musulmans exigent des excuses de Beno\u00eet XVI<\/strong><\/font><\/h2>\n<\/div>\n<div> <font face=\"Arial\" size=\"2\"><strong>Le Monde:           Verbatim\u00a0&#8211; \u00ab\u00a0Dieu n&rsquo;aime pas le sang\u00a0\u00bb<\/strong><\/font><\/div>\n<div> <strong><\/p>\n<h2 style=\"color: red;\"><font>Haaretz: IDF commander calls israeli           deed \u00ab\u00a0Insane and Monstrous\u00a0\u00bb<\/font><\/h2>\n<p><\/strong><font face=\"Arial\"><o:p><font><\/font><\/o:p><\/font><\/div>\n<\/p><\/div>\n<p> <\/font> <\/font><\/span><\/td>\n<\/tr>\n<\/table>\n<\/div>\n<div> <font><\/font>\u00a0<\/div>\n<div align=\"center\" dir=\"ltr\">  \u00a0<\/p>\n<p><font><a href=\"http:\/\/www.nawaat.org\/forums\/index.php?showtopic=11741\" target=\"_blank\" rel=\"noopener\"><strong>Cliquez   ici<\/strong><\/a><strong> pour acc\u00e9der au reportage exceptionnel de l&rsquo;AISPP sur   la catastrophe humanitaire   des prisonniers politiques Tunisiens<\/strong>\u00a0<\/font><\/p>\n<\/div>\n<p><font><\/p>\n<div align=\"left\" dir=\"ltr\">\n<hr\/>\n<\/div>\n<p><\/font><\/font><\/p>\n<p align=\"center\" dir=\"ltr\"><span dir=\"ltr\" lang=\"FR\">\u00a0<\/p>\n<p><font><strong><font>Collectif de la Communaut\u00e9 Tunisienne en Europe<\/font><\/strong> <font>1 rue Cassini, 75014 Paris \u2013 T\u00e9l. : +33 1 43 29 68 98<\/font> <\/font><\/p>\n<p><font>\u00a0 \u00a0<\/font><\/span><\/p>\n<div dir=\"ltr\">  \u00a0<\/div>\n<div align=\"center\" dir=\"ltr\"> <font><strong><\/p>\n<p><font>La Cour europ\u00e9enne des   droits de l\u2019homme   vient de demander \u00e0 l\u2019Italie de ne pas expulser Nassim Saadi dans l\u2019attente de   garanties qu\u2019elle doit obtenir de la Tunisie concernant le respect de   l\u2019Article 3 de la Convention des Droits de l\u2019Homme sur l\u2019interdiction de la   torture<\/font><\/p>\n<p><\/strong><\/font><\/div>\n<div dir=\"ltr\">  \u00a0<\/div>\n<div dir=\"ltr\">     \u00a0   \u00a0\u00a0\u00a0\u00a0\u00a0\u00a0\u00a0\u00a0\u00a0\u00a0<font>\u00a0 Hier jeudi 14 sept 2006, les autorit\u00e9s   italiennes ont de notifi\u00e9 \u00e0 M Nassim Saadi le rejet de sa demande d\u2019asile   politique, malgr\u00e9 une condamnation de 20 ans prononc\u00e9e contre lui par le   Tribunal militaire de Tunis pour les m\u00eames faits jug\u00e9s en Italie. Aussit\u00f4t son   avocat a formul\u00e9 une requ\u00eate en urgence contre l\u2019Italie aupr\u00e8s de la Cour   europ\u00e9enne des droits de l\u2019homme en application de l\u2019Article 39 en vue   d\u2019annuler ou de suspendre la d\u00e9cision d\u2019expulsion du requ\u00e9rant.   \u00a0\u00a0\u00a0\u00a0\u00a0\u00a0\u00a0\u00a0\u00a0\u00a0\u00a0 Aujourd\u2019hui en fin d\u2019apr\u00e8s midi, l\u2019avocat Sandro Clementi a re\u00e7u   par fax une lettre de la Cour europ\u00e9enne pour lui annoncer que \u00ab le Pr\u00e9sident   [de la Cour] a pr\u00e9cis\u00e9 aux autorit\u00e9s italiennes qu&rsquo;il serait souhaitable, dans   l&rsquo;int\u00e9r\u00eat des parties et du bon d\u00e9roulement de la proc\u00e9dure devant la Cour, de   ne pas expulser le requ\u00e9rant vers la Tunisie avant que les renseignements   indiqu\u00e9s ci dessus ne soient parvenus au greffe de la Cour. \u00bb Le principal   renseignement demand\u00e9 est : Le gouvernement de l\u2019Italie devra \u00ab pr\u00e9ciser s\u2019il   a obtenu des garanties que le requ\u00e9rant ne sera pas soumis, en Tunisie, \u00e0 des   traitements incompatibles avec l\u2019article 3 de la Convention \u00bb (note du CCTE :   cet article stipule que \u00ab Nul ne peut \u00eatre soumis \u00e0 la torture ni \u00e0 des peines   ou traitements inhumains ou d\u00e9gradants. \u00bb) Par ailleurs, il a \u00e9t\u00e9 demand\u00e9 au   gouvernement italien de fournir \u00e0 la Cour des informations sur la possibilit\u00e9   d\u2019un recours contre une condamnation du requ\u00e9rant prononc\u00e9e le 11 mai 2005 par   le tribunal militaire de Tunis. Nous pr\u00e9cisons que M. Saadi a \u00e9t\u00e9 condamn\u00e9 par   ce tribunal \u00e0 vingt ans de prison. La Cour a demand\u00e9 \u00e0 l\u2019Italie de r\u00e9pondre \u00e0   ces \u00e9claircissements avant le 6 octobre 2006.    \u00a0\u00a0\u00a0\u00a0\u00a0\u00a0\u00a0\u00a0\u00a0\u00a0\u00a0 Cette d\u00e9cision est largement en de\u00e7\u00e0 des garanties que nous   esp\u00e9rions de la part de la Cour vu la gravit\u00e9 des menaces qui p\u00e8sent sur M.   Saadi en cas de retour en Tunisie. La possibilit\u00e9 d\u2019un recours contre la   lourde condamnation \u00e0 vingt ans de prison qui a \u00e9t\u00e9 prononc\u00e9e par la Tribunal   militaire de Tunis n\u2019est nullement une garantie d\u2019un proc\u00e8s \u00e9quitable. De m\u00eame   les garanties demand\u00e9es \u00e0 l\u2019Italie pour que M. Saadi ne soit pas tortur\u00e9 en   cas de retour en Tunisie ne peuvent \u00eatre fiables, car le r\u00e9gime tunisien n\u2019a   jamais respect\u00e9 ses engagements surtout en mati\u00e8re des droits de l\u2019homme.    \u00a0\u00a0\u00a0\u00a0\u00a0\u00a0\u00a0\u00a0\u00a0\u00a0\u00a0 Nous sommes n\u00e9anmoins confiants dans la d\u00e9cision finale de la Cour   europ\u00e9enne qui saura nous rendre l\u2019espoir que la d\u00e9fense des droits humains en   Europe soit aussi respect\u00e9e pour les Europ\u00e9ens que pour les \u00e9trangers, surtout   ceux dont la vie est menac\u00e9e.<\/font> <font>Paris, le 15 septembre 2006\u00a0   Le Pr\u00e9sident   Dr. Mondher Sfar<\/font><\/div>\n<p dir=\"rtl\">\u00a0<span dir=\"ltr\" lang=\"FR\"><\/span><\/p>\n<p dir=\"rtl\">\u00a0<\/p>\n<div>\n<hr\/>\n<p><font>\u00a0<\/font><\/p>\n<\/div>\n<p><span><span lang=\"FR\">\u00a0<\/span><\/span><\/p>\n<p align=\"center\"><strong><span><span lang=\"FR\">Tunisie : Les t\u00e9l\u00e9coms sous hypertension !<\/span><\/span><\/strong><\/p>\n<p><span><span lang=\"FR\">\u00a0<\/span><\/span><\/p>\n<p><font face=\"Arial\" size=\"2\"><span><span lang=\"FR\">Malaise au sein de Tunisie T\u00e9l\u00e9com ? Selon une r\u00e9cente note de la Sous-direction des renseignements adress\u00e9e au pr\u00e9sident Ben Ali et dont Maghreb Confidentiel a pris connaissance, la direction de la compagnie serait contest\u00e9e. La note d\u00e9cortique notamment le bilan 2004 de Matel, la joint-venture tuniso-mauritanienne de t\u00e9l\u00e9phonie mobile contr\u00f4l\u00e9e \u00e0 51% par Tunisie Telecom. <\/span><\/span><\/font><\/p>\n<p><span><span dir=\"rtl\" lang=\"AR-SA\">\u00a0<\/span><\/span><\/p>\n<p><font face=\"Arial\" size=\"2\"><span><span lang=\"FR\">Selon le r\u00e9dacteur de cette note, qui a \u00e9t\u00e9 transmise \u00e0 la Direction g\u00e9n\u00e9rale des services sp\u00e9ciaux et \u00e0 la Direction centrale des renseignements g\u00e9n\u00e9raux, le bilan de Matel ferait ressortir un b\u00e9n\u00e9fice de 2,5 millions DR, au lieu de pertes estim\u00e9es \u00e0 3,4 millions DR selon les normes comptables mauritaniennes, et \u00e0 8,2 millions DR selon les normes internationales, en vigueur en Tunisie. Ces r\u00e9sultats positifs apparaitraient dans le bilan consolid\u00e9 de Tunisie Telecom. <\/span><\/span><\/font><\/p>\n<p><span><span dir=\"rtl\" lang=\"AR-SA\">\u00a0<\/span><\/span><\/p>\n<p><font face=\"Arial\" size=\"2\"><span><span lang=\"FR\">Dans le m\u00eame temps, le palais de Carthage vient de constituer un comit\u00e9 d&rsquo;experts, pr\u00e9sid\u00e9 par le premier ministre Mohamed Ghannouchi, pour relancer la politique d&rsquo;investissements de Tunisie Telecom qui a molli. Le gouvernement veut tr\u00e8s vite \u00ab\u00a0embellir la mari\u00e9e\u00a0\u00bb avant de l&rsquo;offrir \u00e0 de nouveaux op\u00e9rateurs. Une nouvelle tranche de capital sera sur le march\u00e9 sur le mod\u00e8le de Maroc T\u00e9l\u00e9com. <\/span><\/span><\/font><\/p>\n<p><span><span dir=\"rtl\" lang=\"AR-SA\">\u00a0<\/span><\/span><\/p>\n<p><span><span lang=\"FR\"><font face=\"Arial\" size=\"2\">TeCom DIG, la filiale du Duba\u00ef Holding, qui s&rsquo;est empar\u00e9e des premiers 35% de Tunisie Telecom en d\u00e9cembre dernier, est positionn\u00e9e comme le futur partenaire strat\u00e9gique, \u00e0 l&rsquo;instar de Vivendi Universal au Maroc. Une part minoritaire du capital devrait ensuite \u00eatre introduite en bourse. Avant-hier, les salari\u00e9s de la compagnie tunisienne ont d\u00e9pos\u00e9 un pr\u00e9avis de gr\u00e8ve face au refus du management de d\u00e9bloquer une prime mensuelle de 40 DR, qui a fait l&rsquo;objet d&rsquo;un accord syndical, et de renouveler les contrats des int\u00e9rimaires. Haute tension sur les lignes&#8230;<\/font><\/span><\/span><\/p>\n<p><span><span lang=\"FR\"><font face=\"Arial\" size=\"2\"><\/font><\/span><\/span>\u00a0<\/p>\n<p><span><span lang=\"FR\"><font face=\"Arial\" size=\"2\"><strong><span lang=\"FR\">MAGHREB CONFIDENTIEL N\u00b0 754<\/span><span dir=\"rtl\" lang=\"AR-SA\">\u00a0<\/span><span lang=\"FR-CH\">du<\/span><span lang=\"FR\">14\/09\/2006<\/span><\/strong><\/font><\/span><\/span><\/p>\n<p>\u00a0<\/p>\n<div>\n<hr\/>\n<\/div>\n<p>\u00a0<\/p>\n<p>\u00a0<\/p>\n<h3 align=\"center\" style=\"color: blue;\"><span><span lang=\"FR\"><font face=\"Arial\" size=\"3\">Tunis<\/font><\/span><\/span><\/h3>\n<h2 align=\"center\" style=\"color: red;\"><span><span lang=\"FR\"><\/p>\n<h2 style=\"color: red;\"><font size=\"3\"><font face=\"Arial\">Le r\u00eave bris\u00e9 de Djilani dans l&rsquo;automobile<\/font><\/font><\/h2>\n<p><\/span><\/span><\/h2>\n<p><span><span lang=\"FR\">\u00a0<\/span><\/span><\/p>\n<p><span><span lang=\"FR\">H\u00e9di Djilani, le patron des patrons d&rsquo;Utica, r\u00eavait depuis longtemps d&rsquo;\u00e9tendre au secteur de l&rsquo;automobile l&rsquo;activit\u00e9 de son groupe sp\u00e9cialis\u00e9 dans le textile, l&rsquo;immobilier et la finance. Dans le milieu des ann\u00e9es 90, il avait manifest\u00e9 un int\u00e9r\u00eat pour la soci\u00e9t\u00e9 Ennakl, repr\u00e9sentant plusieurs marques telles Volkswagen, Audi, Opel&#8230; Mais peine perdue, Ennakl vient de tomber apr\u00e8s appel d&rsquo;offres entre les mains du groupe de Sakher Materi, pour 22 millions DR. La famille Materi, dont l&rsquo;un des membres, Skander, est mari\u00e9 \u00e0 Nesrine, fille du pr\u00e9sident Ben Ali, a f\u00eat\u00e9 la bonne nouvelle en organisant une f\u00eate le 11 septembre dans la zone industrielle de Charguia II. Plus r\u00e9cemment, Djilani a jet\u00e9 son d\u00e9volu sur la Soci\u00e9t\u00e9 tunisienne des automobiles (enseigne Citro\u00ebn). Mais c&rsquo;est le groupe de Mohamed Loukil qui l&rsquo;a finalement rachet\u00e9e \u00e0 l&rsquo;homme d&rsquo;affaires Youssef Krifa. Pleurs.<\/span><\/span><\/p>\n<p>\u00a0<\/p>\n<p><span><span lang=\"FR\">\u00a0<strong><span lang=\"FR\">MAGHREB CONFIDENTIEL N\u00b0 754<\/span><span dir=\"rtl\" lang=\"AR-SA\">\u00a0<\/span><span lang=\"FR-CH\">du<\/span><\/strong><span lang=\"FR\"><strong>14\/09\/2006<\/strong><\/span><\/span><\/span><\/p>\n<p><strong><\/strong><\/p>\n<hr\/>\n<p>\u00a0<\/p>\n<div align=\"center\"> <font size=\"3\"><strong>Interdiction<\/strong><\/font><\/div>\n<div>  \u00a0<\/div>\n<div>     \u00a0Les autorit\u00e9s de l\u2019a\u00e9roport de Tunis Carthage ont emp\u00each\u00e9 jeudi soir une   d\u00e9l\u00e9gation du Parti D\u00e9mocrate Progressiste (PDP) d\u2019embarquer une demi-tonne de   m\u00e9dicaments destin\u00e9s au peuple libanais.   \u00a0   Apr\u00e8s protestation contre ce comportement qui emp\u00eache la solidarit\u00e9 entre   Tunisiens et Libanais, la d\u00e9l\u00e9gation compos\u00e9e de MM. Mouldi Fahem et Issam   Chebbi a embarqu\u00e9 pour le Liban avec des bagages personnels.   \u00a0   <font>(Source : le site pdpinfo.org, le 15 septembre 2006)<\/font><\/div>\n<div>\n<hr\/>\n<\/div>\n<div align=\"center\">\n<p><font><strong><font><font>  Affaire du syndicat des professeurs et des ma\u00eetres de conf\u00e9rences<\/font> <\/font>Report au 20 septembre et au 4 octobre 2006<\/strong><\/font><\/p>\n<\/div>\n<div>  \u00a0<\/div>\n<div>     \u00a0Les deux affaires port\u00e9es en justice par le syndicat des professeurs et des   ma\u00eetres de conf\u00e9rences contre la direction de la centrale syndicale ont \u00e9t\u00e9   report\u00e9es par le tribunal de premi\u00e8re instance de Tunis.   \u00a0   La premi\u00e8re en r\u00e9f\u00e9r\u00e9 le 4 octobre 2006 et la deuxi\u00e8me qui concerne le fond de   l&rsquo;affaire le 20 septembre.   \u00a0   Le syndicat des professeurs et des ma\u00eetres de conf\u00e9rence reproche \u00e0 la   direction de l&rsquo;UGTT d&rsquo;avoir d\u00e9cid\u00e9 sa dissolution en organisant le 15 juillet   dernier un congr\u00e8s unificateur de la repr\u00e9sentativit\u00e9 syndicale du secteur de   l&rsquo;enseignement sup\u00e9rieur. Un congr\u00e8s duquel a \u00e9t\u00e9 issue la f\u00e9d\u00e9ration g\u00e9n\u00e9rale   des enseignants du sup\u00e9rieur.   \u00a0   Les deux syndicats du sup\u00e9rieur concern\u00e9s par cette unification ont saisi la   justice contre la tenue de ce congr\u00e8s. Le bureau issue du congr\u00e8s d&rsquo;octobre   2001 et dissous par l&rsquo;UGTT du syndicat g\u00e9n\u00e9ral de l&rsquo;enseignement sup\u00e9rieur et   de la recherche scientifique et le syndicat des professeurs et des ma\u00eetres de   conf\u00e9rences.   \u00a0   <font>N.S<\/font> <font>\u00a0   (Source : \u00ab Le Temps \u00bb du 15 septembre 2006)<\/font><\/div>\n<p>\u00a0<\/p>\n<hr\/>\n<p>\u00a0<\/p>\n<p> <strong><\/p>\n<h3 style=\"color: blue;\"><font size=\"3\">Le nouvel a\u00e9roport charter de Tunis-Carthage bient\u00f4t op\u00e9rationnel<\/font><\/h3>\n<p><\/strong><\/p>\n<div align=\"center\">  \u00a0<\/div>\n<div>     \u00a0Le nouvel a\u00e9roport charter de Tunis-Carthage, confi\u00e9 \u00e0 l\u2019OACA et qui s\u2019\u00e9tend   sur 5400 m2 pour l\u2019accueil des voyageurs sur l\u2019ancien site de l\u2019a\u00e9roport des   p\u00e8lerins.   \u00a0   Ce nouvel a\u00e9roport a une capacit\u00e9 d\u2019accueil de 500.000 voyageurs par an.   \u00a0   C\u2019est la SSII internationale SITA sp\u00e9cialis\u00e9e en informatique a\u00e9ronautique,   qui a \u00e9t\u00e9 choisit pour l\u2019informatisation du nouvel a\u00e9roport.   \u00a0   La solution de gestion informatique de l\u2019a\u00e9roport charter permet une gestion   en temps r\u00e9el et une utilisation par toutes les compagnies, au lieu du syst\u00e8me   de terminal par compagnie, qui est actuellement utilis\u00e9 \u00e0 l\u2019a\u00e9roport de   Tunis-Carthage.   \u00a0   La Tunisie cherche \u00e0 mettre \u00e0 niveau ses a\u00e9roports et ce pour faire face \u00e0   l\u2019augmentation croissante du nombre des voyageurs et dans l\u2019attente de   l\u2019ouverture du ciel tunisien et dans l\u2019espoir de faire aboutir le projet de   l\u2019a\u00e9roport Enfidha.   <font>\u00a0   F.BF.   <\/font>\u00a0   <font>(Source : www.webmanagercenter.com , le 14 septembre   2006 \u00e0 04h42)<\/font> <font>Lien :   http:\/\/www.webmanagercenter.com\/management\/article.php?id=19883<\/font><\/div>\n<p><span><span dir=\"rtl\" lang=\"AR-SA\"><\/span><\/span><\/p>\n<div>\n<hr\/>\n<\/div>\n<p>\u00a0<\/p>\n<p><span><span dir=\"rtl\" lang=\"AR-SA\">\u00a0<\/span><\/span><\/p>\n<p dir=\"ltr\"><b><span lang=\"EN-GB\"><\/p>\n<h3 style=\"color: blue;\"><font>Dear President Ben Ali:<\/font><\/h3>\n<p><\/span><\/b><\/p>\n<p dir=\"ltr\"> As-Salaamu&rsquo; Alaikum wa Rahmatullahi wa Barakatu  I have been informed that several teachers were attacked and arrested for demanding their return to teach in High Schools.\u00a0 As I understand it they were promised by officials that their grievances would be heard and resolved but that the officials in the Education Department ignored their demands.\u00a0 <\/p>\n<p dir=\"ltr\"><span lang=\"EN-GB\">\u00a0<\/span><\/p>\n<p dir=\"ltr\"><span lang=\"EN-GB\">The teachers then addressed the Ministry of Education but were denied access to the proper officials in charge of the matter at hand.\u00a0 Understandably at that point the situation becomes complicated.\u00a0 The teachers could not understand why they had been promised a resolution to then be denied access to those who could resolve the matter. They demanded to see the officials in charge and it was then that they were viciously attacked and brutally beaten by the police and ejected by force from the building.\u00a0 In response to having been treated in such a rough and inhumane manner the teachers then protested outside the building against the attack. Passers by sympathized with them and joined the teachers in the protest to support their demand and just cause.\u00a0 Ultimately they were arrested.   Thereafter several statements were directed to the Ministry by the protesters yet no positive attempt has been made to address the issues raised by the teachers.  May I ask you sir why your citizens are treated in such a brutal and disgusting manner?\u00a0 Have you no shame or sense of proportion and decency? Is the way to resolve disputes to beat, coerce and arrest citizens who are seeking a resolution to a grievance?\u00a0 The photographs that I have viewed show the level of force used against the teachers.\u00a0 Was that really necessary? Why not just have the officials from the Ministry of Education meet with these individuals to reach an understanding like human beings relating to human beings instead of animals pouncing on humans?  This situation is shameful. It is one more reason why the leaders of our Arab Muslim nations are hated. You (and the other hypocrites ruling the Peninsula) have no regard for anybody&rsquo;s needs other than your own selfish ones.\u00a0 You could give a rat&rsquo;s tail about the needs of your People and that is unacceptable and shameful to the 1000th degree.\u00a0 ALLAH has a special punishment in store for those who abuse the power of leadership. An apostated tyrant has nowhere to go but to the hellfire.  I ask you to show some shame and to restore these teachers back to their posts.\u00a0 They need to work and eat just like everyone else and they should NOT be beaten and arrested for seeking to address their grievances to their government.\u00a0 If I were in your place I would dismiss the officials in both the Education Department and the Ministry of Education immediately and replace them with persons who actually have brains, but if you choose to keep them on board then an apology from the Ministry of Education is very warranted. They should be doing a better job than to treat teachers in such a brutish and lowlife manner.\u00a0  I hope that you will reflect and take positive steps to resolve this situation. I look forward to hearing that the victims in this matter have been returned to their posts and that no further harm will be done to them.   <b>Fi AmmanALLAH<\/b><\/span><\/p>\n<p><b><span lang=\"EN-GB\"><\/p>\n<p dir=\"ltr\"> from the servant of ALLAH<\/p>\n<p><\/span><\/b><\/p>\n<p dir=\"ltr\"><b><span lang=\"EN-GB\"><font size=\"2\">Shayhka Maulani Aeisha Muhammad<\/font><\/span><\/b><\/p>\n<p><span><span dir=\"rtl\" lang=\"AR-SA\"><\/span><\/span><\/p>\n<hr\/>\n<p>\u00a0<\/p>\n<h6 align=\"center\" dir=\"ltr\" style=\"color: blue;\"><span lang=\"FR\"><\/p>\n<h3 style=\"color: blue;\"><font face=\"Arial\" size=\"3\">Pakistan: le parlement demande au pape de \u00ab\u00a0retirer\u00a0\u00bb ses propos sur l&rsquo;islam<\/font><\/h3>\n<p><\/span><\/h6>\n<p dir=\"ltr\"><span lang=\"FR\"><font face=\"Times New Roman\">\u00a0<\/font><\/span><\/p>\n<p dir=\"ltr\"><span lang=\"FR\">AFP, LE 15 SEPTEMBRE 2006 \u00e0 <\/span><span dir=\"rtl\" lang=\"AR-SA\">08<\/span><span lang=\"FR\">h<\/span><span dir=\"rtl\" lang=\"AR-SA\">55<\/span><\/p>\n<p dir=\"ltr\"><span lang=\"FR\">\u00a0<\/span><\/p>\n<p dir=\"ltr\"><span lang=\"FR\">\u00a0<\/span><\/p>\n<p dir=\"ltr\"><span lang=\"FR\">ISLAMABAD, 15 sept 2006 (AFP) &#8211;\u00a0 Le parlement pakistanais a adopt\u00e9 vendredi une r\u00e9solution demandant au pape de \u00ab\u00a0retirer ses propos\u00a0\u00bb liant l&rsquo;islam \u00e0 la violence, tandis que le minist\u00e8re pakistanais des Affaires \u00e9trang\u00e8res a d\u00e9nonc\u00e9 \u00ab\u00a0l&rsquo;ignorance\u00a0\u00bb du<\/span><\/p>\n<p dir=\"ltr\"><span lang=\"FR\">souverain pontife sur la religion musulmane.<\/span><\/p>\n<p dir=\"ltr\"><span lang=\"FR\">\u00a0<\/span><\/p>\n<p dir=\"ltr\"><span lang=\"FR\">\u00ab\u00a0Les remarques p\u00e9joratives du pape sur la philosophie du djihad (guerre sainte) et le proph\u00e8te Mahomet ont bless\u00e9 les sentiments du monde musulman et pr\u00e9sentent le danger de r\u00e9pandre l&rsquo;acrimonie parmi les religions\u00a0\u00bb, affirme la r\u00e9solution adopt\u00e9e \u00e0 l&rsquo;unanimit\u00e9 par l&rsquo;assembl\u00e9e nationale pakistanaise.<\/span><\/p>\n<p dir=\"ltr\"><span lang=\"FR\">\u00a0<\/span><\/p>\n<p dir=\"ltr\"><span lang=\"FR\">\u00ab\u00a0Cette assembl\u00e9e demande au pape de retirer ses propos dans l&rsquo;int\u00e9r\u00eat de l&rsquo;harmonie entre religions\u00a0\u00bb, ajoute le texte, adopt\u00e9 \u00e0 l&rsquo;initiative d&rsquo;un \u00e9lu islamiste.<\/span><\/p>\n<p dir=\"ltr\"><span lang=\"FR\">\u00a0<\/span><\/p>\n<p dir=\"ltr\"><span lang=\"FR\">De son c\u00f4t\u00e9, le minist\u00e8re des Affaires \u00e9trang\u00e8res a qualifi\u00e9 les propos du pape de \u00ab\u00a0regrettables\u00a0\u00bb et d\u00e9nonc\u00e9 son \u00ab\u00a0ignorance\u00a0\u00bb de l&rsquo;islam.<\/span><\/p>\n<p dir=\"ltr\"><span lang=\"FR\">\u00a0<\/span><\/p>\n<p dir=\"ltr\"><span lang=\"FR\">\u00ab\u00a0Quiconque affirme qu&rsquo;il existe de mani\u00e8re inh\u00e9rente quelque<\/span><\/p>\n<p dir=\"ltr\"><span lang=\"FR\">chose de malfaisant ou d&rsquo;inhumain dans l&rsquo;islam ne fait que montrer sa propre ignorance de cette grande religion\u00a0\u00bb, a affirm\u00e9 la porte-parole du minist\u00e8re Tasnim Aslam.<\/span><\/p>\n<p dir=\"ltr\"><span lang=\"FR\">\u00a0<\/span><\/p>\n<p dir=\"ltr\"><span lang=\"FR\">De telles remarques sont \u00ab\u00a0regrettables\u00a0\u00bb et \u00ab\u00a0ne font qu&rsquo;accro\u00eetre le foss\u00e9 entre religions que nous nous effor\u00e7ons avec ardeur de combler\u00a0\u00bb, a-t-elle ajout\u00e9.<\/span><\/p>\n<p dir=\"ltr\"><span lang=\"FR\">\u00a0<\/span><\/p>\n<p dir=\"ltr\"><span lang=\"FR\">En visite mercredi en Allemagne, le pape avait implicitement d\u00e9nonc\u00e9 le rapport de l&rsquo;islam \u00e0 la violence, notamment concernant le \u00ab\u00a0djihad\u00a0\u00bb, et son manque de lien avec la raison, \u00e0 l&rsquo;oppos\u00e9, selon<\/span><\/p>\n<p dir=\"ltr\"><span lang=\"FR\">lui, du christianisme.<\/span><\/p>\n<p dir=\"ltr\"><span lang=\"FR\">\u00a0<\/span><\/p>\n<p dir=\"ltr\"><span lang=\"FR\"><font face=\"Arial\" size=\"2\">AFP<\/font><\/span><\/p>\n<p>\u00a0<\/p>\n<p><span><span dir=\"rtl\" lang=\"AR-SA\"><\/span><\/span><\/p>\n<div>\n<hr\/>\n<\/div>\n<p>\u00a0<\/p>\n<p align=\"center\"><em><font size=\"2\"><font face=\"Arial\"><span><span lang=\"FR\">ROYAUME-UNI. Engag\u00e9 par le premier ministre Tony Blair pour l&rsquo;int\u00e9gration des musulmans, l&rsquo;intellectuel genevois s&rsquo;exprime sur l&rsquo;islamisme radical.<\/span><\/span><\/font><\/font><\/em><\/p>\n<h4 align=\"center\" style=\"color: blue;\">\n<h3 style=\"color: blue;\"><font face=\"Arial\"><span><span lang=\"FR\"><strong>Tariq Ramadan: \u00abAttention aux ghettos\u00bb<\/strong><\/span><\/span><\/font><\/h3>\n<\/h4>\n<h5 style=\"color: blue;\"><span><span lang=\"FR\"><font face=\"Arial\">St\u00e9phane Bussard<\/font><\/span><\/span><\/h5>\n<p><span lang=\"FR\">\u00a0<\/span><\/p>\n<p><span lang=\"FR\">Engag\u00e9 pour travailler \u00e0 l&rsquo;int\u00e9gration des musulmans au Royaume-Uni, Tariq Ramadan livre son analyse sur les attentats d\u00e9jou\u00e9s du 10\u00a0ao\u00fbt dernier en Grande-Bretagne et ne se prive pas de critiquer le discours de Tony Blair.<\/span><\/p>\n<p><span lang=\"FR\">\u00a0<\/span><\/p>\n<p><span lang=\"FR\">Le Temps: Le 10\u00a0ao\u00fbt dernier, une vingtaine de musulmans, n\u00e9s en Grande-Bretagne, sont soup\u00e7onn\u00e9s d&rsquo;avoir voulu faire exploser plusieurs avions. Un cas de figure qui rappelle les kamikazes des attentats de Londres de juillet 2005&#8230;<\/span><\/p>\n<p><span lang=\"FR\">\u00a0<\/span><\/p>\n<p><span lang=\"FR\">Tariq Ramadan: Nous n&rsquo;en savons pas beaucoup sur ces attentats d\u00e9jou\u00e9s. Parmi les personnes arr\u00eat\u00e9es, certaines n&rsquo;\u00e9taient pas impliqu\u00e9es et d&rsquo;autres n&rsquo;avaient tout simplement pas de passeport. Il n&#8217;emp\u00eache. Cet \u00e9v\u00e9nement montre que des individus continuent \u00e0 promouvoir la strat\u00e9gie visant \u00e0 r\u00e9pandre la mort et \u00e0 s&rsquo;en prendre \u00e0 des innocents.<\/span><\/p>\n<p><span lang=\"FR\">\u00a0<\/span><\/p>\n<p><span lang=\"FR\"><font face=\"Times New Roman\">&#8211;<span>\u00a0\u00a0\u00a0\u00a0\u00a0\u00a0\u00a0\u00a0\u00a0<\/span><\/font><\/span><span dir=\"ltr\" lang=\"FR\">Quel est le profil des suspects arr\u00eat\u00e9s?<\/span><\/p>\n<p><span lang=\"FR\"><font face=\"Times New Roman\">&#8211;<span>\u00a0\u00a0\u00a0\u00a0\u00a0\u00a0\u00a0\u00a0\u00a0<\/span><\/font><\/span><span dir=\"ltr\" lang=\"FR\">\u00a0<\/span><\/p>\n<p><span lang=\"FR\">&#8211; Contrairement \u00e0 ce qu&rsquo;on a pu dire et lire, comme les auteurs des attentats du 7 juillet 2005, il s&rsquo;agissait de gens souvent \u00e9duqu\u00e9s, bien int\u00e9gr\u00e9s, qui ne pratiquaient pas ou tr\u00e8s peu l&rsquo;islam. Ils semblaient plut\u00f4t en marge de la communaut\u00e9 musulmane. Ils ne fr\u00e9quentaient pas une mosqu\u00e9e en particulier, mais se sont rencontr\u00e9s notamment dans des fitness. Certains buvaient de l&rsquo;alcool et sortaient en bo\u00eete. A travers le travail r\u00e9alis\u00e9 en un an dans le cadre de la task force constitu\u00e9e par le gouvernement Blair, nous avons constat\u00e9 que ces groupes radicalis\u00e9s n&rsquo;ont m\u00eame pas de liens entre eux. Il n&rsquo;y avait pas de lien entre les attentats du 7 juillet et ceux du 21 juillet 2005 dans les transports publics londoniens. Chaque groupe se constitue \u00e0 partir de rien, ou presque, sui generis.<\/span><\/p>\n<p><span lang=\"FR\">\u00a0<\/span><\/p>\n<p><span lang=\"FR\">&#8211; Comment pr\u00e9venir ce type de d\u00e9rive?<\/span><\/p>\n<p><span lang=\"FR\">&#8211; Ce profil est d\u00e9routant. Il est tr\u00e8s difficile de savoir comment agir sur ces personnes une fois qu&rsquo;elles ont bascul\u00e9 dans le terrorisme. Mais je pense qu&rsquo;on peut et doit s&rsquo;int\u00e9resser \u00e0 ce que j&rsquo;appelle la zone grise, \u00e0 savoir ces gens, jeunes et moins jeunes, qui peuvent \u00eatre attir\u00e9s par cette rh\u00e9torique et suivre la m\u00eame voie.<\/span><\/p>\n<p><span lang=\"FR\">\u00a0<\/span><\/p>\n<p><span lang=\"FR\">&#8211; Qui trouve-t-on dans cette zone grise et pourquoi?<\/span><\/p>\n<p><span lang=\"FR\">&#8211; Il y a tout d&rsquo;abord des gens qui ont une mauvaise connaissance de l&rsquo;islam et qu&rsquo;ils interpr\u00e8tent de fa\u00e7on litt\u00e9rale et radicale. Ils refusent le discours de la soci\u00e9t\u00e9 dans laquelle ils vivent et prennent des positions extr\u00e9mistes et violentes. Ils sont certes int\u00e9gr\u00e9s socialement, mais ils souffrent d&rsquo;une non-int\u00e9gration psychologique, d&rsquo;une crise identitaire. Leurs repr\u00e9sentations et perceptions de la soci\u00e9t\u00e9 incitent \u00e0 la rupture. C&rsquo;est ici que les associations et les r\u00e9f\u00e9rents musulmans doivent agir.<\/span><\/p>\n<p><span lang=\"FR\">\u00a0<\/span><\/p>\n<p><span lang=\"FR\">&#8211; Certains musulmans du Royaume-Uni se disent en premier musulmans et ensuite britanniques au point de ne plus se reconna\u00eetre dans l&rsquo;Etat-nation.<\/span><\/p>\n<p><span lang=\"FR\">&#8211; Des attentats comme ceux du 10\u00a0ao\u00fbt ou de juillet 2005 d\u00e9montrent que leurs auteurs ont des id\u00e9aux. Pour eux, en Irak ou en Afghanistan, on tire sur leurs \u00abfr\u00e8res\u00bb. Il y a un ph\u00e9nom\u00e8ne d&rsquo;assimilation symbolique au statut de victimes.<\/span><\/p>\n<p><span lang=\"FR\">\u00a0<\/span><\/p>\n<p><span lang=\"FR\">&#8211; Face \u00e0 ce ph\u00e9nom\u00e8ne de radicalisation, que peut faire la soci\u00e9t\u00e9 occidentale?<\/span><\/p>\n<p><span lang=\"FR\">&#8211; La Commission f\u00e9d\u00e9rale contre le racisme a mis en \u00e9vidence un fait crucial. Si la soci\u00e9t\u00e9 occidentale perp\u00e9tue l&rsquo;id\u00e9e que les musulmans ne s&rsquo;int\u00e8grent pas en les sommant, encore et encore, d&rsquo;avoir \u00e0 prouver la r\u00e9alit\u00e9 de leur int\u00e9gration, alors cette proph\u00e9tie de non-int\u00e9gration pourrait s&rsquo;auto-r\u00e9aliser. La soci\u00e9t\u00e9 europ\u00e9enne devrait avoir un discours beaucoup plus int\u00e9gratif en reconnaissant que l&rsquo;islam est une religion europ\u00e9enne: il importe de cr\u00e9er un nouveau sentiment de citoyennet\u00e9 dont les musulmans peuvent se r\u00e9clamer. Il faut \u00e9tablir des espaces de confiance en cette \u00e9poque de m\u00e9fiance profonde. Ce serait un excellent d\u00e9but.<\/span><\/p>\n<p><span lang=\"FR\">\u00a0<\/span><\/p>\n<p><span lang=\"FR\">&#8211; Vous faites partie de la task force cr\u00e9\u00e9e au lendemain des attentats de juillet 2005. Un an apr\u00e8s, on a l&rsquo;impression que peu a \u00e9t\u00e9 entrepris. Des 65 recommandations \u00e9mises, seule une a \u00e9t\u00e9 retenue&#8230;<\/span><\/p>\n<p><span lang=\"FR\">&#8211; Cette task force a \u00e9t\u00e9 cr\u00e9\u00e9e imm\u00e9diatement apr\u00e8s les attentats du 7\u00a0juillet. Il fallait prendre une mesure rapide et tangible. La recommandation retenue est celle qui est la plus facile \u00e0 ex\u00e9cuter: envoyer les penseurs ou savants musulmans dans les lieux \u00e0 risque pour pr\u00f4ner une pratique mod\u00e9r\u00e9e de l&rsquo;islam. Les autres recommandations n\u00e9cessitent une politique \u00e0 long terme. Il faut ainsi r\u00e9former les manuels d&rsquo;\u00e9ducation, la formation des imams, cr\u00e9er une plate-forme qui rende compte de la diversit\u00e9 de la communaut\u00e9 musulmane. Le probl\u00e8me, c&rsquo;est qu&rsquo;une telle politique \u00e0 long terme bute sur un processus \u00e9lectoral bas\u00e9 avant tout sur le court terme. Mettre en \u0153uvre les mesures que je viens d&rsquo;indiquer implique une prise de risque et surtout une volont\u00e9 politique. On est actuellement loin d&rsquo;avoir une approche globale du probl\u00e8me.<\/span><\/p>\n<p><span lang=\"FR\">\u00a0<\/span><\/p>\n<p><span lang=\"FR\">&#8211; Les attentats perp\u00e9tr\u00e9s au Royaume-Uni mettent-ils en lumi\u00e8re une sp\u00e9cificit\u00e9 britannique?<\/span><\/p>\n<p><span lang=\"FR\">&#8211; Le mod\u00e8le britannique et anglo-saxon reconna\u00eet l&rsquo;appartenance \u00e0 des communaut\u00e9s religieuses et culturelles. Cela permet dans un premier temps de trouver ses marques plus facilement qu&rsquo;ailleurs. Mais l&rsquo;appartenance au projet national commun est beaucoup plus difficile. Apr\u00e8s les attaques terroristes du 7\u00a0juillet, on s&rsquo;est demand\u00e9 ce qu&rsquo;\u00e9tait la Britishness, la britannit\u00e9. Cela montre qu&rsquo;on vit c\u00f4te \u00e0 c\u00f4te, sans vraiment se conna\u00eetre et les ghettos culturels sont une r\u00e9alit\u00e9.<\/span><\/p>\n<p><span lang=\"FR\">\u00a0<\/span><\/p>\n<p><span lang=\"FR\">&#8211; Faut-il d\u00e8s lors privil\u00e9gier le mod\u00e8le britannique?<\/span><\/p>\n<p><span lang=\"FR\">&#8211; Londres montre une r\u00e9elle mixit\u00e9 sociale. Des projets de communaut\u00e9 citoyenne y abondent. Mais en Grande-Bretagne, Londres est plut\u00f4t l&rsquo;exception. Bradford ou Leeds ne pr\u00e9sentent pas le m\u00eame profil. De plus, les musulmans sont beaucoup mieux repr\u00e9sent\u00e9s en politique, au parlement national, qu&rsquo;ailleurs. Un risque de ghetto\u00efsation culturelle est n\u00e9anmoins r\u00e9el. En France en revanche, le cloisonnement est moins d&rsquo;ordre culturel, il passe davantage par le porte-monnaie. Dans les banlieues fran\u00e7aises, ce n&rsquo;est pas l&rsquo;ethnicit\u00e9 qui fait que des Arabes, Noirs et Africains se regroupent, mais leur statut social et \u00e9conomique. C&rsquo;est la r\u00e9alit\u00e9 historique qui p\u00e8se encore et qui fait qu&rsquo;on parle toujours de Fran\u00e7ais \u00abissus de l&rsquo;immigration\u00bb. Toute soci\u00e9t\u00e9, m\u00eame en Suisse, n&rsquo;est pas \u00e0 l&rsquo;abri du danger de ghetto\u00efsation. Il n&rsquo;y a donc pas de mod\u00e8le \u00e0 id\u00e9aliser. Chaque soci\u00e9t\u00e9 doit se mobiliser, mener des politiques concr\u00e8tes d&rsquo;int\u00e9gration en maintenant une coh\u00e9rence entre ses principes \u00e9nonc\u00e9s et les pratiques appliqu\u00e9es sur le terrain. Aucun pays ne peut se targuer d&rsquo;avoir trouv\u00e9 la solution id\u00e9ale: l&rsquo;humilit\u00e9, l&rsquo;engagement critique et les r\u00e9formes s&rsquo;imposent partout.<\/span><\/p>\n<p><span lang=\"FR\">\u00a0<\/span><\/p>\n<p><span lang=\"FR\">&#8211; Les discours mystico-religieux de Tony Blair n&rsquo;ont-ils pas accru le risque de ghetto\u00efsation culturelle?<\/span><\/p>\n<p><span lang=\"FR\">&#8211; Certains des discours de politique \u00e9trang\u00e8re tenus par Tony Blair sont inaudibles pour les musulmans britanniques. Son engagement aveugle derri\u00e8re les Etats-Unis, son silence sur la Palestine et le Liban ont des cons\u00e9quences graves. Il joue parfois sur un registre politicien qui nourrit l&rsquo;id\u00e9e qu&rsquo;on assisterait \u00e0 un choc des civilisations.<\/span><\/p>\n<p><span><span lang=\"FR\"><font>\u00a0<\/font><\/span><\/span><\/p>\n<p><span><span lang=\"FR\">Une majorit\u00e9 originaire du Pakistan ou du Bangladesh<\/span><\/span><\/p>\n<p><span><span lang=\"FR\">St\u00e9phane Bussard<\/span><\/span><span><span lang=\"FR\"><\/span><\/span><\/p>\n<p><span lang=\"FR\">\u00a0<\/span><\/p>\n<p><span lang=\"FR\">Le Royaume-Uni compte 1,6 million de musulmans pour une population totale de quelque 60 millions d&rsquo;habitants. Plus des trois quarts sont originaires du Pakistan ou du Bangladesh. Ils sont donc en grande majorit\u00e9 sunnites. Londres comprend pr\u00e8s de la moiti\u00e9 d&rsquo;entre eux. Dans certaines villes britanniques comme Bradford ou Leicester, la proportion de musulmans peut se chiffrer \u00e0 plus de 17%. Leicester, par exemple, dispose de 27 mosqu\u00e9es.<\/span><\/p>\n<p><span lang=\"FR\">La population musulmane est tr\u00e8s jeune, mais est aussi celle qui est le plus touch\u00e9e par le ch\u00f4mage qui peut atteindre quelque 40%. Depuis les attentats terroristes de juillet 2005 \u00e0 Londres et du 10 ao\u00fbt dernier, les crispations par rapport \u00e0 la communaut\u00e9 sont manifestes. Le gouvernement britannique a resserr\u00e9 la vis pour rompre avec la pratique de tol\u00e9rance totale qui a permis l&rsquo;av\u00e8nement du Londonistan.<\/span><\/p>\n<p><span dir=\"rtl\" lang=\"AR-SA\">\u00a0<\/span><\/p>\n<p><span lang=\"FR-CH\">(Source\u00a0: \u00ab\u00a0Le Temps\u00a0\u00bb (Suisse) du 15 septembre 2006)<\/span><\/p>\n<p><span lang=\"FR\">\u00a0<\/span><b><span lang=\"FR\"><\/span><\/b><\/p>\n<hr\/>\n<p>\u00a0 <\/p>\n<p>\u00a0 <\/p>\n<p align=\"center\"><span lang=\"FR\"><\/p>\n<h3 style=\"color: blue;\"><font size=\"3\"><strong>Les musulmans exigent des excuses de Beno\u00eet XVI<\/strong><\/font><\/h3>\n<p> <\/span><\/p>\n<div>  \u00a0<\/div>\n<div>     \u00a0La communaut\u00e9 musulmane ne d\u00e9col\u00e8re pas, vendredi 15 septembre, apr\u00e8s les   d\u00e9clarations du pape Beno\u00eet XVI sur l&rsquo;islam. Le premier ministre palestinien,   Isma\u00efl Haniyeh, a exhort\u00e9 vendredi le pape Beno\u00eet XVI \u00e0 \u00ab\u00a0cesser de porter   atteinte\u00a0\u00bb \u00e0 l&rsquo;islam.\u00a0\u00bbCes propos vont \u00e0 l&rsquo;encontre de la v\u00e9rit\u00e9 et touchent   l&rsquo;essence de notre foi\u00a0\u00bb, a rappel\u00e9 le premier ministre apr\u00e8s avoir assist\u00e9 \u00e0   la pri\u00e8re du vendredi dans une mosqu\u00e9e de Gaza.   \u00a0   Un peu plus t\u00f4t, une grenade avait \u00e9t\u00e9 lanc\u00e9e pr\u00e8s de la plus ancienne \u00e9glise   de Gaza, sans faire de victime. Selon des t\u00e9moins, la grenade a explos\u00e9 devant   le bureau d&rsquo;une association de jeunesse chr\u00e9tienne, situ\u00e9 dans la m\u00eame   enceinte que l&rsquo;\u00e9glise. Des manifestations contre les propos du pape \u00e9taient   pr\u00e9vues \u00e0 Gaza dans l&rsquo;apr\u00e8s-midi.   En France, le secr\u00e9taire g\u00e9n\u00e9ral de l&rsquo;Union des organisations islamiques de   France (UOIF) a estim\u00e9 vendredi que le pape devait \u00ab\u00a0s&rsquo;excuser\u00a0\u00bb et \u00ab\u00a0corriger   ses propos\u00a0\u00bb. \u00ab\u00a0Ces propos montrent que personne n&rsquo;est infaillible et que le   pape Beno\u00eet XVI a commis une erreur qui n&rsquo;est pas des moindres\u00a0\u00bb, a d\u00e9clar\u00e9 sur   RTL Fouad Allaoui. \u00ab\u00a0Il n&rsquo;y a aucun amalgame \u00e0 faire entre l&rsquo;islam et la   violence, entre l&rsquo;islam et l&rsquo;extr\u00e9misme\u00a0\u00bb, a estim\u00e9 le secr\u00e9taire g\u00e9n\u00e9ral de   l&rsquo;une des principales organisations musulmanes en France, membre du Conseil   fran\u00e7ais du culte musulman (CFCM). \u00ab\u00a0Il est plus que n\u00e9cessaire que la voie qui   a \u00e9t\u00e9 trac\u00e9e, de dialogue entre les civilisations, entre les diff\u00e9rentes   cultures et religions soit maintenue\u00a0\u00bb, a-t-il ajout\u00e9.   \u00a0   <font>LA JORDANIE REGRETTE LE \u00ab\u00a0TEMPS DE JEAN-PAUL II\u00a0\u00bb<\/font>   \u00a0   A l&rsquo;Assembl\u00e9e nationale pakistanaise, une r\u00e9solution a \u00e9t\u00e9 adopt\u00e9e \u00e0   l&rsquo;unanimit\u00e9 estimant que \u00ab\u00a0les remarques p\u00e9joratives du pape sur la philosophie   du djihad et le proph\u00e8te Mahomet ont bless\u00e9 les sentiments du monde musulman\u00a0\u00bb.   \u00a0   La Jordanie a demand\u00e9 pour sa part des explications \u00ab\u00a0imm\u00e9diates\u00a0\u00bb au Vatican.   \u00ab\u00a0Ces d\u00e9clarations causent beaucoup de tort\u00a0\u00bb, a d\u00e9clar\u00e9 le ministre des waqf   (biens religieux) et des affaires islamiques, Abdel Fattah Salah. \u00ab\u00a0Nous   demandons au Vatican d&rsquo;expliquer imm\u00e9diatement sa position par rapport \u00e0 ces   propos\u00a0\u00bb, a-t-il ajout\u00e9, notant qu&rsquo;ils interviennent apr\u00e8s \u00ab\u00a0une p\u00e9riode de   dialogue entre les religions accomplies du temps de Jean-Paul II, qui croyait   comme nous dans la c\u0153xistence pacifique\u00a0\u00bb.   \u00a0   En Irak, l&rsquo;imam sunnite mod\u00e9r\u00e9 de la mosqu\u00e9e Abdel Kadel Al-Guilani de Bagdad   a expliqu\u00e9 que \u00ab\u00a0les pays musulmans ne doivent pas traiter \u00e0 la l\u00e9g\u00e8re cette   attaque\u00a0\u00bb, les appelant \u00e0 \u00ab\u00a0expulser les ambassadeurs du Vatican\u00a0\u00bb.\u00a0 L&rsquo;imam de la   mosqu\u00e9e Al-Rahmane de Bagdad a quant \u00e0 lui rappel\u00e9 que \u00ab\u00a0l&rsquo;islam est une   religion de tol\u00e9rance et les propos du pape montrent qu&rsquo;il n&rsquo;a pas une   connaissance suffisante de l&rsquo;islam\u00a0\u00bb.   \u00a0   <font>(Source : \u00ab Le Monde \u00bb du 16 septembre 2006)<\/font><\/div>\n<div>\n<hr\/>\n<\/div>\n<div align=\"center\"> <strong><font size=\"3\"><font>VERBATIM\u00a0   <\/font><\/p>\n<h3 style=\"color: blue;\"><font>\u00ab\u00a0Dieu n&rsquo;aime pas le sang\u00a0\u00bb<\/font><\/h3>\n<p><\/font><\/strong><\/div>\n<div>  \u00a0<\/div>\n<div>     \u00a0\u00a0\u00a0\u00a0\u00a0\u00a0\u00a0\u00a0\u00a0\u00a0\u00a0\u00a0\u00a0\u00a0\u00a0\u00a0\u00a0\u00a0\u00a0\u00a0\u00a0    Dans son discours prononc\u00e9 mardi 12 septembre \u00e0 Ratisbonne, le pape a cit\u00e9 un   ouvrage de Theodor Koury, th\u00e9ologien de M\u00fcnster qui, dans les ann\u00e9es 1960,   avait rapport\u00e9 la \u00ab\u00a0Septi\u00e8me controverse\u00a0\u00bb ayant oppos\u00e9, en 1391, l&#8217;empereur   chr\u00e9tien de Constantinople, Manuel II Pal\u00e9ologue (1350-1425), \u00e0 un \u00e9rudit   persan.   \u00a0   L&#8217;empereur pose \u00e0 son interlocuteur, d&rsquo;une mani\u00e8re \u00e9tonnamment abrupte pour   nous, la question centrale du rapport entre religion et violence. Il lui dit :   \u00ab\u00a0Montre-moi donc ce que Mahomet a apport\u00e9 de nouveau. Tu ne trouveras que des   choses mauvaises et inhumaines, comme le droit de d\u00e9fendre par l&rsquo;\u00e9p\u00e9e la foi   qu&rsquo;il pr\u00eachait.\u00a0\u00bb L&#8217;empereur explique alors pourquoi il est absurde de diffuser   la foi par la violence. Une telle violence est contraire \u00e0 la nature de Dieu   et \u00e0 la nature de l&rsquo;\u00e2me : Dieu n&rsquo;aime pas le sang. (&#8230;)   \u00a0   Celui qui veut conduire quelqu&rsquo;un vers la foi doit \u00eatre capable de parler bien   et de penser juste, et non de violence et de menace. (&#8230;) Pour convaincre une   \u00e2me raisonnable, on n&rsquo;a pas besoin de son bras, ni d&rsquo;armes, ni d&rsquo;un quelconque   moyen par lequel on peut menacer quelqu&rsquo;un de mort. (&#8230;) La phrase d\u00e9cisive   dans cette argumentation de l&#8217;empereur de Constantinople contre la conversion   forc\u00e9e est la suivante : agir de mani\u00e8re d\u00e9raisonnable est contraire \u00e0 la   nature de Dieu. Pour l&#8217;empereur, un Byzantin \u00e9duqu\u00e9 dans la philosophie   grecque, cette phrase est \u00e9vidente. En revanche, pour la doctrine musulmane,   Dieu est absolument transcendant. Sa volont\u00e9 n&rsquo;est li\u00e9e \u00e0 aucune de nos   cat\u00e9gories, pas m\u00eame celle de la raison.   \u00a0   <font>(Source : \u00ab Le Monde \u00bb du 16 septembre 2006)<\/font><\/div>\n<div> <strong><\/p>\n<hr\/>\n<p><\/strong><\/div>\n<p>\u00a0<\/p>\n<h3 align=\"center\" dir=\"rtl\" style=\"color: blue;\"><span dir=\"ltr\" lang=\"EN-GB\">Haaretz:<\/span><\/h3>\n<h3 align=\"center\" dir=\"rtl\" style=\"color: blue;\"><span dir=\"ltr\" lang=\"EN-GB\">IDF commander calls israeli deed \u00ab\u00a0Insane and Monstrous\u00a0\u00bb<\/span><\/h3>\n<p><span lang=\"EN-US\">\u00a0<\/span><\/p>\n<p><span lang=\"EN-US\"><font size=\"2\"><font face=\"Arial\">\u00ab\u00a0What we did was insane and monstrous, we covered entire towns in cluster bombs,\u00a0\u00bb the head of an IDF rocket unit in Lebanon said regarding the use of cluster bombs and phosphorous shells during the war.<\/font><\/font><\/span><\/p>\n<p><span lang=\"EN-US\">\u00a0<\/span><\/p>\n<p><span dir=\"rtl\" lang=\"AR-SA\"><font face=\"Arial\" size=\"2\">\u00a0<\/font><\/span><\/p>\n<p><span lang=\"EN-US\"><font size=\"2\"><font face=\"Arial\">IDF commander: <\/font><\/font><\/span><\/p>\n<p><span lang=\"EN-US\"><font face=\"Arial\" size=\"2\">We fired more than a million cluster bombs in Lebanon<\/font><\/span><\/p>\n<h3 style=\"color: blue;\"><span lang=\"EN-US\"><font face=\"Arial\">By Meron Rappaport<\/font><\/span><\/h3>\n<p><span lang=\"EN-US\">\u00a0<\/span><\/p>\n<p><span lang=\"EN-US\">\u00ab\u00a0What we did was insane and monstrous, we covered entire towns in cluster bombs,\u00a0\u00bb the head of an IDF rocket unit in Lebanon said regarding the use of cluster bombs and phosphorous shells during the war. <\/span><\/p>\n<p><span lang=\"EN-US\">\u00a0<\/span><\/p>\n<p><span lang=\"EN-US\">Quoting his battalion commander, the rocket unit head stated that the IDF fired around 1,800 cluster bombs, containing over 1.2 million cluster bomblets.<\/span><\/p>\n<p><span lang=\"EN-US\">\u00a0<\/span><\/p>\n<p><span lang=\"EN-US\">In addition, soldiers in IDF artillery units testified that the army used phosphorous shells during the war, widely forbidden by international law. According to their claims, the vast majority of said explosive ordinance was fired in the final 10 days of the war. <\/span><\/p>\n<p><span lang=\"EN-US\">\u00a0<\/span><\/p>\n<h4 style=\"color: blue;\"><span lang=\"EN-US\"><font face=\"Arial\">Advertisement<\/font><\/span><\/h4>\n<p><span lang=\"EN-US\">\u00a0<\/span><\/p>\n<p><span lang=\"EN-US\">The rocket unit commander stated that Multiple Launch Rocket System (MLRS) platforms were heavily used in spite of the fact that they were known to be highly inaccurate.<\/span><\/p>\n<p><span lang=\"EN-US\">\u00a0<\/span><\/p>\n<p><span lang=\"EN-US\">MLRS is a track or tire carried mobile rocket launching platform, capable of firing a very high volume of mostly unguided munitions. The basic rocket fired by the platform is unguided and imprecise, with a range of about 32 kilometers. The rockets are designed to burst into sub-munitions at a planned altitude in order to blanket enemy army and personnel on the ground with smaller explosive rounds. <\/span><\/p>\n<p><span lang=\"EN-US\">\u00a0<\/span><\/p>\n<p><span lang=\"EN-US\">The use of such weaponry is controversial mainly due to its inaccuracy and ability to wreak great havoc against indeterminate targets over large areas of territory, with a margin of error of as much as 1,200 meters from the intended target to the area hit. <\/span><\/p>\n<p><span lang=\"EN-US\">\u00a0<\/span><\/p>\n<p><span lang=\"EN-US\">The cluster rounds which don&rsquo;t detonate on impact, believed by the United Nations to be around 40% of those fired by the IDF in Lebanon, remain on the ground as unexploded munitions, effectively littering the landscape with thousands of land mines which will continue to claim victims long after the war has ended. <\/span><\/p>\n<p><span lang=\"EN-US\">\u00a0<\/span><\/p>\n<p><span lang=\"EN-US\">Because of their high level of failure to detonate, it is believed that there are around 500,000 unexploded munitions on the ground in Lebanon. To date 12 Lebanese civilians have been killed by these mines since the end of the war. <\/span><\/p>\n<p><span lang=\"EN-US\">\u00a0<\/span><\/p>\n<p><span lang=\"EN-US\">According to the commander, in order to compensate for the inaccuracy of the rockets and the inability to strike individual targets precisely, units would \u00ab\u00a0flood\u00a0\u00bb the battlefield with munitions, accounting for the littered and explosive landscape of post-war Lebanon. <\/span><\/p>\n<p><span lang=\"EN-US\">\u00a0<\/span><\/p>\n<p><span lang=\"EN-US\">When his reserve duty came to a close, the commander in question sent a letter to Defense Minister Amir Peretz outlining the use of cluster munitions, a letter which has remained unanswered.<\/span><\/p>\n<p><span lang=\"EN-US\">\u00a0<\/span><\/p>\n<h4 style=\"color: blue;\"><span lang=\"EN-US\"><font face=\"Arial\">&lsquo;Excessive injury and unnecessary suffering&rsquo;<\/font><\/span><\/h4>\n<p><span lang=\"EN-US\">\u00a0<\/span><\/p>\n<p><span lang=\"EN-US\">It has come to light that IDF soldiers fired phosphorous rounds in order to cause fires in Lebanon. An artillery commander has admitted to seeing trucks loaded with phosphorous rounds on their way to artillery crews in the north of Israel.<\/span><\/p>\n<p><span lang=\"EN-US\">\u00a0<\/span><\/p>\n<p><span lang=\"EN-US\">A direct hit from a phosphorous shell typically causes severe burns and a slow, painful death.<\/span><\/p>\n<p><span lang=\"EN-US\">\u00a0<\/span><\/p>\n<p><span lang=\"EN-US\">International law forbids the use of weapons that cause \u00ab\u00a0excessive injury and unnecessary suffering\u00a0\u00bb, and many experts are of the opinion that phosphorous rounds fall directly in that category. <\/span><\/p>\n<p><span lang=\"EN-US\">\u00a0<\/span><\/p>\n<p><span lang=\"EN-US\">The International Red Cross has determined that international law forbids the use of phosphorous and other types of flammable rounds against personnel, both civilian and military.<\/span><\/p>\n<p><span lang=\"EN-US\">\u00a0<\/span><\/p>\n<p><span lang=\"EN-US\">IDF: No violation of international law <\/span><\/p>\n<p><span lang=\"EN-US\">In response, the IDF Spokesman&rsquo;s Office stated that \u00ab\u00a0International law does not include a sweeping prohibition of the use of cluster bombs. The convention on conventional weaponry does not declare a prohibition on [phosphorous weapons], rather, on principles regulating the use of such weapons. <\/span><\/p>\n<p><span lang=\"EN-US\">\u00a0<\/span><\/p>\n<p><span lang=\"EN-US\">\u00ab\u00a0For understandable operational reasons, the IDF does not respond to [accounts of] details of weaponry in its possession.<\/span><\/p>\n<p><span lang=\"EN-US\">\u00a0<\/span><\/p>\n<p><span lang=\"EN-US\"><font face=\"Arial\" size=\"2\">\u00ab\u00a0The IDF makes use only of methods and weaponry which are permissible under international law. Artillery fire in general, including MLRS fire, were used in response solely to firing on the state of Israel.\u00a0\u00bb <\/font><\/span><\/p>\n<p><span lang=\"EN-US\">\u00a0<\/span><\/p>\n<p><span lang=\"EN-US\">The Defense Minister&rsquo;s office said it had not received messages regarding cluster bomb fire.<\/span><\/p>\n<p><span lang=\"EN-US\">\u00a0<\/span><\/p>\n<p><span lang=\"EN-US\">Link to article:<\/span><\/p>\n<p><span lang=\"EN-US\"><a href=\"http:\/\/www.haaretz.com\/hasen\/spages\/761781.html\" target=\"_blank\" rel=\"noopener\">http:\/\/www.haaretz.com\/hasen\/spages\/761781.html<\/a><\/span><\/p>\n<p><span lang=\"EN-US\">\u00a0<\/span><\/p>\n<p><span lang=\"FR\">(Source: \u201cHaaretz\u201d (Isra\u00ebl), le 14 septembre 2006)<\/span><\/p>\n<p><span lang=\"FR\">\u00a0\u00a0\u00a0 <\/span><\/p>\n<div>\n<hr\/>\n<\/div>\n<p>\u00a0<\/p>\n<p>\u00a0<\/p>\n<p><b><span lang=\"EN-US\">\u00ab\u00a0Gentlemen, you have transformed<\/span><\/b><\/p>\n<p><b><span lang=\"EN-US\">our country into a graveyard<\/span><\/b><\/p>\n<p><b><span lang=\"EN-US\">You have planted bullets in our heads,<\/span><\/b><\/p>\n<p><b><span lang=\"EN-US\">and organized massacres<\/span><\/b><\/p>\n<p><b><span lang=\"EN-US\">Gentlemen, nothing passes like that<\/span><\/b><\/p>\n<p><b><span lang=\"EN-US\">Without account<\/span><\/b><\/p>\n<p><b><span lang=\"EN-US\">All that you have done<\/span><\/b><\/p>\n<p><b><span lang=\"EN-US\">to our people is<\/span><\/b><\/p>\n<p><b><span lang=\"EN-US\">registered in notebooks\u00a0\u00bb<\/span><\/b><\/p>\n<p><span lang=\"EN-US\">\u00a0<\/span><\/p>\n<p><span lang=\"FR\">-Mahmud Darwish<\/span><\/p>\n<p>\u00a0<\/p>\n<p align=\"center\"><b><a href=\"http:\/\/www.tunisnews.net\"><span>Home<\/span><span lang=\"FR-CH\"> &#8211; Accueil <\/span><span>&#8211; <\/span><span dir=\"rtl\" lang=\"AR-SA\">\u0627\u0644\u0631\u0626\u064a\u0633\u064a\u0629<\/span><\/a><\/b><\/p>\n<p align=\"center\">\u00a0<\/p>\n<p><\/body><\/body><\/html><\/p>\n","protected":false},"excerpt":{"rendered":"<p>Home &#8211; Accueil &#8211; \u0627\u0644\u0631\u0626\u064a\u0633\u064a\u0629 TUNISNEWS 7\u00a0\u00e8me\u00a0ann\u00e9e, N\u00b0\u00a02307 du 15.09.2006 \u00a0archives : www.tunisnews.net CCTE: La Cour europ\u00e9enne des droits de l\u2019homme vient de demander \u00e0 l\u2019Italie de ne pas expulser Nassim Saadi Maghreb Confidentiel: Tunisie : Les t\u00e9l\u00e9coms sous hypertension ! Maghreb Confidentiel: Le r\u00eave bris\u00e9 de Djilani dans l&rsquo;automobile Shayhka Maulani Aeisha Muhammad:Dear President [&hellip;]<\/p>\n","protected":false},"author":1,"featured_media":22040,"comment_status":"open","ping_status":"open","sticky":false,"template":"","format":"standard","meta":{"inline_featured_image":false,"site-sidebar-layout":"default","site-content-layout":"","ast-site-content-layout":"default","site-content-style":"default","site-sidebar-style":"default","ast-global-header-display":"","ast-banner-title-visibility":"","ast-main-header-display":"","ast-hfb-above-header-display":"","ast-hfb-below-header-display":"","ast-hfb-mobile-header-display":"","site-post-title":"","ast-breadcrumbs-content":"","ast-featured-img":"","footer-sml-layout":"","ast-disable-related-posts":"","theme-transparent-header-meta":"","adv-header-id-meta":"","stick-header-meta":"","header-above-stick-meta":"","header-main-stick-meta":"","header-below-stick-meta":"","astra-migrate-meta-layouts":"default","ast-page-background-enabled":"default","ast-page-background-meta":{"desktop":{"background-color":"","background-image":"","background-repeat":"repeat","background-position":"center center","background-size":"auto","background-attachment":"scroll","background-type":"","background-media":"","overlay-type":"","overlay-color":"","overlay-opacity":"","overlay-gradient":""},"tablet":{"background-color":"","background-image":"","background-repeat":"repeat","background-position":"center center","background-size":"auto","background-attachment":"scroll","background-type":"","background-media":"","overlay-type":"","overlay-color":"","overlay-opacity":"","overlay-gradient":""},"mobile":{"background-color":"","background-image":"","background-repeat":"repeat","background-position":"center center","background-size":"auto","background-attachment":"scroll","background-type":"","background-media":"","overlay-type":"","overlay-color":"","overlay-opacity":"","overlay-gradient":""}},"ast-content-background-meta":{"desktop":{"background-color":"var(--ast-global-color-5)","background-image":"","background-repeat":"repeat","background-position":"center center","background-size":"auto","background-attachment":"scroll","background-type":"","background-media":"","overlay-type":"","overlay-color":"","overlay-opacity":"","overlay-gradient":""},"tablet":{"background-color":"var(--ast-global-color-5)","background-image":"","background-repeat":"repeat","background-position":"center center","background-size":"auto","background-attachment":"scroll","background-type":"","background-media":"","overlay-type":"","overlay-color":"","overlay-opacity":"","overlay-gradient":""},"mobile":{"background-color":"var(--ast-global-color-5)","background-image":"","background-repeat":"repeat","background-position":"center center","background-size":"auto","background-attachment":"scroll","background-type":"","background-media":"","overlay-type":"","overlay-color":"","overlay-opacity":"","overlay-gradient":""}},"footnotes":""},"categories":[],"tags":[61,37,29],"class_list":["post-16722","post","type-post","status-publish","format-standard","has-post-thumbnail","hentry","tag-61","tag-37","tag-fr"],"_links":{"self":[{"href":"https:\/\/tunisnews.net\/ar\/wp-json\/wp\/v2\/posts\/16722","targetHints":{"allow":["GET"]}}],"collection":[{"href":"https:\/\/tunisnews.net\/ar\/wp-json\/wp\/v2\/posts"}],"about":[{"href":"https:\/\/tunisnews.net\/ar\/wp-json\/wp\/v2\/types\/post"}],"author":[{"embeddable":true,"href":"https:\/\/tunisnews.net\/ar\/wp-json\/wp\/v2\/users\/1"}],"replies":[{"embeddable":true,"href":"https:\/\/tunisnews.net\/ar\/wp-json\/wp\/v2\/comments?post=16722"}],"version-history":[{"count":0,"href":"https:\/\/tunisnews.net\/ar\/wp-json\/wp\/v2\/posts\/16722\/revisions"}],"wp:featuredmedia":[{"embeddable":true,"href":"https:\/\/tunisnews.net\/ar\/wp-json\/wp\/v2\/media\/22040"}],"wp:attachment":[{"href":"https:\/\/tunisnews.net\/ar\/wp-json\/wp\/v2\/media?parent=16722"}],"wp:term":[{"taxonomy":"category","embeddable":true,"href":"https:\/\/tunisnews.net\/ar\/wp-json\/wp\/v2\/categories?post=16722"},{"taxonomy":"post_tag","embeddable":true,"href":"https:\/\/tunisnews.net\/ar\/wp-json\/wp\/v2\/tags?post=16722"}],"curies":[{"name":"wp","href":"https:\/\/api.w.org\/{rel}","templated":true}]}}