{"id":16712,"date":"2011-04-05T00:00:00","date_gmt":"2011-04-05T00:00:00","guid":{"rendered":"https:\/\/tunisnews.net\/5-avril-2011\/"},"modified":"2011-04-05T00:00:00","modified_gmt":"2011-04-05T00:00:00","slug":"5-avril-2011","status":"publish","type":"post","link":"https:\/\/tunisnews.net\/ar\/5-avril-2011\/","title":{"rendered":"5 avril 2011"},"content":{"rendered":"<p><html><head><meta content=\"text\/html\" description=\"Le 26 mars, Farhat Rajhi, \tministre de l'int\u00e9rieur, ancien magistrat exempt de pass\u00e9 b\u00e9naliste, est \tlimog\u00e9 sans explication. Son successeur, un certain Habib Essid s'av\u00e8re \u00eatre \tun ancien du m\u00eame minist\u00e8re au pire moment des ann\u00e9es de braise. Il avait \tainsi \u00e9t\u00e9 directeur de cabinet de Abdallah Kallel, l'un des plus \tsanguinaires ministres de l'int\u00e9rieur, poursuivi par la justice suisse pour \tcrime de torture et actuellement en d\u00e9tention \u00e0 Tunis.\" http-equiv=\"Content-Type\"\/><\/head><body><body><\/p>\n<div>\n<div align=\"center\" dir=\"ltr\"><font face=\"Bookman Old Style\" size=\"7\"><strong>TUNISNEWS <\/strong><\/font><\/div>\n<div align=\"center\" dir=\"ltr\"><strong><font face=\"Arial\" size=\"2\">10 \u00e8me ann\u00e9e,\u00a0 N\u00b03969 du 05.04.2011<\/font><\/strong><\/div>\n<div align=\"center\" dir=\"ltr\"><font face=\"Arial\" size=\"2\"><strong>archives : <\/strong><\/font><a target=\"_blank\" rel=\"noopener\"><font face=\"Arial\" size=\"2\"><strong>www.tunisnews.net<\/strong><\/font><\/a><span lang=\"FR\"><strong><font face=\"Arial\" size=\"2\">\u00a0<\/font><\/strong><\/span><\/div>\n<p><span lang=\"FR\"><\/p>\n<div align=\"center\" dir=\"ltr\"><font face=\"Arial\" size=\"2\"><\/p>\n<hr\/>\n<p><\/font><\/div>\n<div><font face=\"Arial\"><strong><\/p>\n<h2 style=\"color: red;\"><font size=\"2\">CIDT-Tunisie:<font face=\"Calibri\">La torture et les tortionnaires reviennent en force<\/font><\/font><\/h2>\n<p><\/strong><\/font><\/div>\n<div><font face=\"Arial\" size=\"2\"><strong>Infos FTCR en Tunisie <\/strong><\/font><\/div>\n<div><font face=\"Arial\"><strong><\/p>\n<h2 style=\"color: red;\"><font size=\"2\">Mourad Zitouni: Si Mohamed Sayah \u00ab ne laisse pas b\u00e9ton \u00bb<\/font><\/h2>\n<p> <font size=\"2\"><font>Belgasem Dridi: <\/font>l&rsquo;ecole chaarienne et non tunisienne de Doha\u00a0 <\/font><\/strong><\/font><\/div>\n<p><\/span><\/p>\n<div>\n<hr\/>\n<\/div>\n<div><font face=\"Arial\" size=\"4\"><strong>REVUE DE PRESSE<\/strong><\/font><\/div>\n<hr\/>\n<p align=\"center\"><b><u><span lang=\"FR\"><font face=\"Arial\">CENTRE\u00a0 D\u2019INFORMATION\u00a0 ET\u00a0 DE\u00a0 DOCUMENTATION\u00a0 SUR\u00a0 LA\u00a0 TORTURE<\/font><\/span><\/u><\/b><\/p>\n<p align=\"center\"><b><u><span lang=\"FR\"><font face=\"Arial\">CIDT-TUNISIE<\/font><\/span><\/u><\/b><\/p>\n<p align=\"center\"><u><span lang=\"FR\"><font face=\"Arial\">Association de citoyens du monde pour le droit des Tunisiens \u00e0 ne pas \u00eatre tortur\u00e9s <\/font><\/span><\/u><\/p>\n<p align=\"center\"><b><u><span lang=\"FR\"><font face=\"Arial\">Membre du R\u00e9seau SOS-Torture de l&rsquo;OMCT-Gen\u00e8ve<\/font><\/span><\/u><\/b><\/p>\n<p align=\"center\">\u00a0<\/p>\n<p align=\"center\">\u00a0<\/p>\n<p><span lang=\"FR\"><font face=\"Arial\">\u00a0\u00a0 <u>Comit\u00e9 d\u2019honneur :<\/u><\/font><\/span><\/p>\n<p><span lang=\"FR\"><font face=\"Arial\">\u00a0\u00a0 Jacques\u00a0 FRAN\u00c7OIS<\/font><\/span><\/p>\n<p><span lang=\"FR\"><font face=\"Arial\"><font>\u00a0\u00a0 Mgr. Jacques\u00a0 GAILLOT\u00a0\u00a0\u00a0\u00a0\u00a0\u00a0\u00a0\u00a0\u00a0\u00a0\u00a0\u00a0\u00a0\u00a0\u00a0\u00a0\u00a0\u00a0\u00a0\u00a0\u00a0\u00a0\u00a0\u00a0\u00a0\u00a0\u00a0\u00a0\u00a0\u00a0\u00a0\u00a0\u00a0\u00a0\u00a0\u00a0\u00a0\u00a0\u00a0\u00a0\u00a0\u00a0\u00a0\u00a0\u00a0\u00a0\u00a0\u00a0\u00a0\u00a0\u00a0\u00a0\u00a0\u00a0\u00a0\u00a0\u00a0\u00a0\u00a0\u00a0\u00a0\u00a0\u00a0\u00a0\u00a0\u00a0\u00a0\u00a0\u00a0\u00a0\u00a0\u00a0 Besan\u00e7on, le 31 mars 2011<\/font><\/font><\/span><\/p>\n<p><span lang=\"FR\"><font face=\"Arial\">\u00a0\u00a0 H\u00e9l\u00e8ne\u00a0 JAFF\u00c9<\/font><\/span><\/p>\n<p><span lang=\"FR\"><font face=\"Arial\">\u00a0\u00a0 \u00a0Gilles PERRAULT<\/font><\/span><\/p>\n<p><span lang=\"FR\"><font face=\"Arial\">\u00a0\u00a0 Fran\u00e7ois DE\u00a0 VARGAS\u00a0\u00a0\u00a0\u00a0\u00a0\u00a0\u00a0\u00a0\u00a0\u00a0\u00a0\u00a0\u00a0\u00a0\u00a0\u00a0\u00a0\u00a0\u00a0\u00a0\u00a0\u00a0\u00a0\u00a0\u00a0\u00a0\u00a0\u00a0\u00a0\u00a0 <\/font><\/span><\/p>\n<p><span lang=\"FR\"><font face=\"Arial\">\u00a0\u00a0\u00a0\u00a0\u00a0\u00a0\u00a0\u00a0\u00a0\u00a0\u00a0\u00a0\u00a0\u00a0\u00a0\u00a0\u00a0\u00a0\u00a0\u00a0\u00a0\u00a0\u00a0\u00a0\u00a0\u00a0\u00a0\u00a0\u00a0\u00a0\u00a0\u00a0\u00a0\u00a0\u00a0\u00a0\u00a0\u00a0\u00a0\u00a0\u00a0\u00a0\u00a0\u00a0\u00a0\u00a0\u00a0\u00a0\u00a0\u00a0\u00a0\u00a0\u00a0\u00a0\u00a0\u00a0\u00a0\u00a0\u00a0\u00a0\u00a0\u00a0\u00a0\u00a0\u00a0\u00a0\u00a0\u00a0\u00a0\u00a0\u00a0\u00a0\u00a0\u00a0\u00a0\u00a0\u00a0\u00a0\u00a0\u00a0\u00a0\u00a0\u00a0\u00a0\u00a0\u00a0\u00a0\u00a0\u00a0\u00a0\u00a0\u00a0\u00a0\u00a0\u00a0\u00a0\u00a0\u00a0\u00a0\u00a0\u00a0\u00a0\u00a0\u00a0\u00a0\u00a0\u00a0\u00a0\u00a0\u00a0\u00a0\u00a0\u00a0\u00a0\u00a0\u00a0\u00a0\u00a0\u00a0\u00a0\u00a0\u00a0\u00a0\u00a0\u00a0\u00a0\u00a0\u00a0\u00a0\u00a0\u00a0\u00a0\u00a0 \u00a0\u00a0\u00a0\u00a0\u00a0\u00a0\u00a0\u00a0\u00a0\u00a0\u00a0\u00a0\u00a0\u00a0\u00a0\u00a0\u00a0\u00a0\u00a0\u00a0\u00a0 \u00a0\u00a0 <\/font><\/span><\/p>\n<p><u><span lang=\"FR\"><font face=\"Arial\">Pr\u00e9sident :<\/font><\/span><\/u><\/p>\n<p><span lang=\"FR\"><font face=\"Arial\">\u00a0\u00a0 Jean-Marc M\u00c9TIN<\/font><\/span><\/p>\n<p>\u00a0<\/p>\n<p><u><span lang=\"FR\"><font face=\"Arial\">Men\u00e9es feutr\u00e9es hostiles \u00e0 la R\u00e9volution et noyautages,<\/font><\/span><\/u><\/p>\n<p><span lang=\"FR\"><font face=\"Arial\"><\/font><\/span><\/p>\n<hr\/>\n<p>\u00a0<\/p>\n<h2 align=\"center\" style=\"color: red;\">\n<h2 style=\"color: red;\"><font face=\"Arial\"><b><span lang=\"FR\"><font>LA TORTURE ET LES TORTIONNAIRES REVIENNENT EN FORCE<\/font><\/span><\/b><\/font><\/h2>\n<p><span lang=\"FR\"><font face=\"Arial\"><\/font><\/span><\/h2>\n<hr\/>\n<p align=\"justify\"><span lang=\"FR\"><font face=\"Arial\">Deux coups de massue viennent de sonner les r\u00e9volutionnaires tunisiens en quelques heures : <\/font><\/span><\/p>\n<p align=\"justify\"><span lang=\"FR\"><font face=\"Arial\">Le 26 mars, Farhat Rajhi, ministre de l&rsquo;int\u00e9rieur, ancien magistrat exempt de pass\u00e9 b\u00e9naliste, est limog\u00e9 sans explication. Son successeur, un certain Habib Essid s&rsquo;av\u00e8re \u00eatre un ancien du m\u00eame minist\u00e8re au pire moment des ann\u00e9es de braise. Il avait ainsi \u00e9t\u00e9 directeur de cabinet de Abdallah Kallel, l&rsquo;un des plus sanguinaires ministres de l&rsquo;int\u00e9rieur, poursuivi par la justice suisse pour crime de torture et actuellement en d\u00e9tention \u00e0 Tunis.<\/font><\/span><\/p>\n<p align=\"justify\"><span lang=\"FR\"><font face=\"Arial\">Le 29 mars, une autre grosse pointure de la tortiocratie du g\u00e9n\u00e9ral Ben Ali\u00a0 a \u00e9t\u00e9 nomm\u00e9e au poste, sensible parmi tous, de directeur de la S\u00fbret\u00e9 nationale. Il s&rsquo;agit d&rsquo;un certain Abdessattar Bennour, ancien commandant de la Garde nationale et ancien directeur de la\u2026 S\u00fbret\u00e9 nationale de 2006 \u00e0 2010. <\/font><\/span><\/p>\n<p align=\"justify\"><span lang=\"FR\"><font face=\"Arial\">Il y a peu de doute que l&rsquo;arriv\u00e9e du second ne soit pas le fait du premier. De confidentiel et subalterne, ce genre de nominations devient ainsi ostentatoire, voire provocateur. <\/font><\/span><\/p>\n<p align=\"justify\"><span lang=\"FR\"><font face=\"Arial\">Force est donc de constater que des hommes de Ben Ali se sont \u00e0 nouveau empar\u00e9s du principal levier du pouvoir, deux mois et demi apr\u00e8s la fuite du g\u00e9n\u00e9ral Ben Ali. Dans le m\u00eame temps, des t\u00e9moignages poignants et recoup\u00e9s ont \u00e9tabli un retour fulgurant de la torture sous les formes les plus abjectes qu&rsquo;utilisait le ministr\u00e8re de l&rsquo;int\u00e9rieur sous la supervision des ma\u00eetres-tortionnaires, dont beaucoup sont encore \u00e0 leur poste.<\/font><\/span><\/p>\n<p align=\"justify\"><span lang=\"FR\"><font face=\"Arial\">Nous nous sommes cependant abstenus de tout commentaire en attendant une \u00e9ventuelle justification des d\u00e9cisions de l&rsquo;actuel premier ministre. Mais son intervention t\u00e9l\u00e9vis\u00e9e du 30 mars au soir a donn\u00e9 l&rsquo;impression d&rsquo;une reprise en main autoritaire contre la R\u00e9volution. Non seulement le Premier ministre par int\u00e9rim a refus\u00e9 de donner les raisons du limogeage, mais il a affirm\u00e9 n&rsquo;avoir de comptes \u00e0 rendre \u00e0 personne en vertu des pouvoirs r\u00e9galiens qui seraient les siens.<\/font><\/span><\/p>\n<p align=\"justify\"><span lang=\"FR\"><font face=\"Arial\">La mise \u00e0 l&rsquo;\u00e9cart de l&rsquo;unique membre du gouvernement qui semblait en phase avec la r\u00e9volution autrement que par une creuse phras\u00e9ologie semble marquer le d\u00e9but d&rsquo;une attitude plus offensive contre les d\u00e9fenseurs de la r\u00e9volution. C&rsquo;est en m\u00eame temps un signal \u00e0 l&rsquo;adresse des partisans du g\u00e9n\u00e9ral Ben Ali, qui se sont red\u00e9ploy\u00e9s sous forme de partis-\u00e9crans g\u00e9n\u00e9reusement l\u00e9galis\u00e9s. <\/font><\/span><\/p>\n<p align=\"justify\"><span lang=\"FR\"><font face=\"Arial\">L&rsquo;ensemble de ces \u00e9l\u00e9ments fait craindre une action concert\u00e9e visant \u00e0 mettre fin au processus r\u00e9volutionnaire. M. B\u00e9ji Qua\u00efd Essebsi serait-il le bras long de la contre-r\u00e9volution que n&rsquo;avait pas pu \u00eatre son pr\u00e9d\u00e9cesseur Mohamed Ghannouchi ? <\/font><\/span><\/p>\n<p align=\"justify\"><span lang=\"FR\"><font face=\"Arial\">Cette question implique que la Tunisie officielle est dor\u00e9navant sous haute surveillance pour le soup\u00e7on le plus inf\u00e2me qui soit : pratique de la torture. C&rsquo;est ce que nous nous proposons de faire et c&rsquo;est ce que nous transmettrons \u00e0 nos partenaires en charge de la lutte contre la torture.<\/font><\/span><\/p>\n<p align=\"justify\"><span lang=\"FR\"><font face=\"Arial\">Nous exhortons en m\u00eame temps la soci\u00e9t\u00e9 civile et les forces vives tunisiennes \u00e0 ne\u00a0 pas rel\u00e2cher leur vigilance \u00e0 l&rsquo;endroit du gouvernement provisoire pour qu&rsquo;il soit amen\u00e9 \u00e0 r\u00e9aliser la transition pacifique vers un gouvernement \u00e9lu sans le moindre espoir de r\u00e9cup\u00e9rer\u00a0 la R\u00e9volution. <\/font><\/span><\/p>\n<p align=\"justify\">\u00a0<\/p>\n<p align=\"justify\"><span lang=\"FR\"><font face=\"Arial\">Il y va de la survie du mouvement r\u00e9volutionnaire et de la paix civile.<\/font><\/span><\/p>\n<p align=\"justify\"><span lang=\"FR\"><font face=\"Arial\">\u00a0<\/font><font face=\"Arial\">\u00a0<\/font><\/span><\/p>\n<p align=\"justify\"><font face=\"Arial\"><span lang=\"FR\"><font>\u00a0\u00a0\u00a0\u00a0\u00a0\u00a0\u00a0\u00a0\u00a0\u00a0\u00a0\u00a0\u00a0\u00a0\u00a0\u00a0\u00a0\u00a0\u00a0\u00a0\u00a0\u00a0\u00a0\u00a0\u00a0\u00a0\u00a0\u00a0\u00a0\u00a0\u00a0\u00a0\u00a0\u00a0\u00a0\u00a0\u00a0\u00a0\u00a0\u00a0\u00a0\u00a0\u00a0\u00a0\u00a0\u00a0\u00a0\u00a0\u00a0\u00a0\u00a0\u00a0\u00a0 <\/font><font><b>\u00a0\u00a0\u00a0\u00a0\u00a0\u00a0\u00a0\u00a0\u00a0\u00a0\u00a0\u00a0\u00a0\u00a0\u00a0\u00a0\u00a0\u00a0\u00a0\u00a0\u00a0 <\/b><\/font><\/span><b><span lang=\"NL\"><font>Khaled BEN M\u2019BAREK, Coordinateur<\/font><\/span><\/b><\/font><\/p>\n<div>\u00a0<\/div>\n<hr\/>\n<div>\n<h2 style=\"color: red;\"><font face=\"Arial\"><strong>Infos FTCR en Tunisie<\/strong><\/font><\/h2>\n<\/div>\n<div><font face=\"Arial\"><\/p>\n<hr\/>\n<p><\/font><\/div>\n<div>\u00a0<\/div>\n<div><font face=\"Arial\" size=\"2\">&#8211; Tarek Benhiba Pr\u00e9sident de la FTCR et membre du Haut Conseil pour la d\u00e9fense des acquis de\u00a0 la R\u00e9volution tunisenne,\u00a0\u00a0 ce matin Mardi 05\/04\/11 interpelle le premier Ministre du gouvernement\u00a0 provisoire, au cours de la s\u00e9ance pl\u00e9ni\u00e8re du haut conseil, sur la situation des migrants tunisiens \u00e0 Lampedusa,<\/font><\/div>\n<div align=\"justify\">\u00a0<\/div>\n<div align=\"justify\"><font face=\"Arial\" size=\"2\">&#8211; Pour protester contre la visite de Selvio Berlusconi et en soutien aux migrants tunisiens \u00e0 Lampadusa, il y a eu un rassemblement hier 04 Avril 2011 devant l&rsquo;ambassade d&rsquo;Italie \u00e0 Tunis \u00e0 l&rsquo;appel de la LTDH, le Forum Tunisien pour les Droits Economiques et Sociaux FTDES et la FTCR.<\/font><\/div>\n<div align=\"justify\">\u00a0<\/div>\n<div align=\"justify\"><font face=\"Arial\" size=\"2\">&#8211; Une conf\u00e9rence de Presse a \u00e9t\u00e9 organis\u00e9e hier Lundi 04 Avril par la FTCR le FTDES et le REMDH,\u00a0 \u00e0 l&rsquo;occasion de la visite de M. Silvio Berlusconi \u00e0 Tunis.<\/font><\/div>\n<div align=\"justify\">\u00a0<\/div>\n<div align=\"justify\"><font face=\"Arial\" size=\"2\">Pour une politique des migrations bas\u00e9e sur la justice et le respect des droits des personnes.\u00a0 <\/font><\/div>\n<div align=\"justify\">\u00a0<\/div>\n<div align=\"justify\"><font face=\"Arial\" size=\"2\">Pour des relations \u00e9quilibr\u00e9es entre la Tunisie de la r\u00e9volution d\u00e9mocratique et ses partenaires europ\u00e9ens.<\/font><\/div>\n<div align=\"justify\">\u00a0<\/div>\n<div align=\"justify\">\u00a0<\/div>\n<div align=\"justify\"><font face=\"Arial\" size=\"2\">Tarek ben Hiba et Omeyya Seddik pour la FTCR ont \u00e9t\u00e9 interview\u00e9 \u00e0 la TV Nationale et les autres cha\u00eenes priv\u00e9es.<\/font><\/div>\n<div align=\"justify\">\u00a0<\/div>\n<div align=\"justify\"><font face=\"Arial\" size=\"2\">Omeyya \u00e9tait sur le Plateau de la TV Nationale hier soir.<\/font><\/div>\n<div align=\"justify\">\u00a0<\/div>\n<div align=\"justify\"><font face=\"Arial\" size=\"2\">Il a d\u00e9nonc\u00e9 les politiques europ\u00e9ennes en mati\u00e8re d&rsquo;immigration, les pressions qu&rsquo;exercent l&rsquo;Italie et l&rsquo;Europe sur le gouvernement tunisien.<\/font><\/div>\n<div align=\"justify\">\u00a0<\/div>\n<div align=\"justify\"><font face=\"Arial\" size=\"2\">Il a salu\u00e9 la position du gouvernement tunisien pour la d\u00e9fense des int\u00e9r\u00eats du pays et des migrants. <\/font><\/div>\n<div align=\"justify\">\u00a0<\/div>\n<div align=\"justify\"><font face=\"Arial\" size=\"2\">Il a r\u00e9clam\u00e9 l&rsquo;\u00e9tablissement de nouveaux rapports de l&rsquo;Europe et de la Unisse bas\u00e9s sur le respect et le traitement d&rsquo;\u00e9gal \u00e0 \u00e9gal et contre toute les\u00a0 logiques h\u00e9g\u00e9moniques, et les relations de domination et de chantage.<\/font><\/div>\n<div align=\"justify\">\u00a0<\/div>\n<div align=\"justify\"><font face=\"Arial\" size=\"2\"><strong>CHERBIB Mouhieddine<\/strong><\/font><\/div>\n<div align=\"justify\"><font face=\"Arial\" size=\"2\">0615577914<\/font><\/div>\n<div>\n<hr\/>\n<\/div>\n<div align=\"center\"><strong><\/p>\n<h2 style=\"color: red;\"><font face=\"Arial\">Si Mohamed Sayah \u00ab ne laisse pas b\u00e9ton \u00bb<\/font><\/h2>\n<p><\/strong><\/div>\n<div align=\"center\">\n<hr\/>\n<\/div>\n<div>\u00a0<\/div>\n<div><font face=\"Arial\" size=\"2\">Alors que beaucoup de Tunisiens s\u2019appr\u00eatent \u00e0 se recueillir \u00e0 la m\u00e9moire de Bourguiba le 6 avril 2011 \u00e0 Monastir (sa ville natale), nous sommes plusieurs \u00e0 se poser la question suivante : o\u00f9 est pass\u00e9 Mohamed Sayah. Pourquoi tant de discr\u00e9tion entourant ses activit\u00e9s depuis la chute de Ben Ali ? Si on se pose ces questions, c\u2019est parce que nous n\u2019avons pas oubli\u00e9 que le coup d\u2019Etat du 7 novembre a \u00e9t\u00e9 accompli contre son accession au pouvoir (voir le r\u00e9cit de Kamel Lateif dans l\u2019Express). A croire ce comploteur, c\u2019est contre Mohamed Sayah que Ben Ali a mis le pays en \u00e9tat d\u2019asservissement pendant 23 ans. Et cette question prend encore de l\u2019importance politique lorsque nous voyons que les Mestiri, les Ben Salah et m\u00eame le complice de Ben Ali H\u00e9di Bacouche s\u2019agitent tous comme des papillons de nuit attir\u00e9s par la lumi\u00e8re du pouvoir voulant encore jouer un r\u00f4le, alors que Mohamed Sayah, pendant 23 ans a \u00e9t\u00e9 emprisonn\u00e9, mis en r\u00e9sidence surveill\u00e9e, harcel\u00e9, \u00e9cout\u00e9, emp\u00each\u00e9 de visiter ses amis et ses amis emp\u00each\u00e9s de lui rendre visite\u2026. reste en retrait. Son exp\u00e9rience et son savoir faire ne semblent pas int\u00e9resser les \u00ab r\u00e9cup\u00e9rateurs \u00bb de la R\u00e9volution de notre peuple. Dans ce paysage postr\u00e9volutionnaire, il y a une erreur de casting. Il faut alors la r\u00e9parer.<\/font><\/div>\n<div align=\"justify\">\u00a0<\/div>\n<div align=\"justify\"><font face=\"Arial\" size=\"2\">C\u2019est parce que la politique ne peut se r\u00e9duire \u00e0 son aspect formel que la discr\u00e9tion (probablement voulue) de Mohamed Sayah nous interpelle. Notre pays avec force d\u2019ennemis \u00e0 l\u2019int\u00e9rieur comme \u00e0 l\u2019ext\u00e9rieur, une d\u00e9mocratie r\u00e9cemment inaugur\u00e9e, dont les r\u00e8gles se trouvent encore en rodage et que personne ne ma\u00eetrise compl\u00e8tement, et dont la pratique demeure extr\u00eamement fragile, ne peut se payer le luxe d\u2019\u00e9liminer dans l\u2019impunit\u00e9 l\u2019une de ses figures politiques historiques. Une telle attitude (si elle s\u2019av\u00e8re conforme \u00e0 une quelconque v\u00e9rit\u00e9) pourrait \u00eatre en grande partie le fruit de l\u2019orgueil, de l\u2019avidit\u00e9 et de l\u2019immaturit\u00e9 d\u2019une nouvelle classe dirigeante qui pr\u00e9f\u00e9rera commettre encore une injustice que de recourir aux services de Mohamed Sayah. Mais la lecture de la tribune que l\u2019int\u00e9ress\u00e9 a publi\u00e9e dans le journal le \u00ab Temps \u00bb du 4 mars 2011, nous a apport\u00e9 le d\u00e9but d\u2019une r\u00e9ponse. <\/font><\/div>\n<div align=\"justify\">\u00a0<\/div>\n<div align=\"justify\"><font face=\"Arial\" size=\"2\">Toujours fid\u00e8le \u00e0 son \u00e9thique personnelle et \u00e0 sa conception du politique, Mohamed Sayah fait un fort acte de pr\u00e9sence en d\u00e9clarant qu\u2019il n\u2019est candidat \u00e0 rien, mais qu\u2019il soutient sans ambigu\u00eft\u00e9 le nouveau gouvernement qui venait de se constituer. Une telle position se veut une d\u00e9claration d\u2019amiti\u00e9 au nouveau Premier ministre en plus d\u2019un acte politique. En effet, en agissant de la sorte, il essaye de pr\u00e9server la dignit\u00e9 de la d\u00e9mocratie (balbutiante) et dans un certain sens, de la prot\u00e9ger contre ses ennemis de l\u2019int\u00e9rieur. En effet, malgr\u00e9 son exp\u00e9rience de l\u2019exercice du pouvoir parmi les plus importantes, il prend modestement la posture du militant de base au service de son pays. Cette attitude est fondamentalement bourguibienne. Et cela ressemble \u00e0 la reconnaissance et \u00e0 la fid\u00e9lit\u00e9. D\u2019apr\u00e8s ce que nous en savons, Mohamed Sayah est un homme int\u00e8gre, profond\u00e9ment incapable de tromperie, et vraisemblablement peu enclin \u00e0 concevoir la politique comme un combat personnel. Sa conception (du politique) est rationnelle et passionn\u00e9e ; elle est souple et antidogmatique ; elle est adapt\u00e9e \u00e0 notre pays. <\/font><\/div>\n<div align=\"justify\">\u00a0<\/div>\n<div align=\"justify\"><font face=\"Arial\" size=\"2\">Aussi, comme l\u2019a\u00a0 r\u00e9clam\u00e9 le chanteur Renaud en son temps pour Fran\u00e7ois Mitterrand, nous vous demandons : \u00ab Si Mohamed ne laisse pas b\u00e9ton \u00bb.\u00a0 La Tunisie a besoin encore de vous. Son peuple qui a pu se d\u00e9barrasser de la dictature, qui l\u2019a humili\u00e9e pendant 23 ans, a plus que jamais besoin de vous et de votre exp\u00e9rience. <\/font><\/div>\n<div align=\"justify\">\u00a0<\/div>\n<div align=\"justify\"><font face=\"Arial\" size=\"2\">B\u00e2tie autour d\u2019une conception de l\u2019Etat qui garantit une \u00e9volution ordonn\u00e9e et progressive de la soci\u00e9t\u00e9, votre approche du politique d\u00e9bouche in\u00e9vitablement sur la participation, philosophie sociale en m\u00eame temps que m\u00e9thode pour garantir la dignit\u00e9 et animer le progr\u00e8s. C\u2019est ainsi que votre bourguibisme t\u00e9moigne, dans sa doctrine politique, \u00e9conomique et sociale de trois valeurs essentielles dont notre pays a actuellement besoin : l\u2019esprit de fraternit\u00e9, l\u2019id\u00e9e de participation, l\u2019autorit\u00e9 de l\u2019Etat. <\/font><\/div>\n<div align=\"justify\">\u00a0<\/div>\n<div align=\"justify\"><font face=\"Arial\" size=\"2\">R\u00e9formiste par nature, Si Mohamed vous devez entreprendre de reconstruire le parti bourguibiste. Cette entreprise ne pourrait \u00eatre que votre \u0153uvre et non de ceux qui s\u2019agitent apr\u00e8s coup pour se faire \u00ab un petit lifting politique \u00bb. Il ne s\u2019agit nullement de revenir \u00e0 l\u2019ancienne structure ni aux anciens cadres du parti dont certains la collaboration, le silence ou la complicit\u00e9 avec l\u2019ancien r\u00e9gime ont condamn\u00e9. Mais le besoin de r\u00e9installer le projet bourguibien comme la centralit\u00e9 de l\u2019avenir de notre pays. Il appartient \u00e0 ce parti modernis\u00e9 et rajeuni, de concilier l\u2019individu et la soci\u00e9t\u00e9, de r\u00e9concilier l\u2019Etat et le citoyen. \u00ab La contact direct \u00bb appara\u00eet comme la clef de la reconstruction de notre soci\u00e9t\u00e9. Il est la seule alternative opposable \u00e0 l\u2019anarchie et \u00e0 l\u2019inertie. La participation qui symbolise l\u2019id\u00e9e-force du bourguibisme, ne tardera pas \u00e0 devenir le seul rem\u00e8de contre les id\u00e9es et les mouvements r\u00e9actionnaires et contre r\u00e9volutionnaires qui menacent les \u00e9quilibres structurels de notre pays. Car sa mise en \u0153uvre et son efficacit\u00e9 obligent \u00e0 surmonter des habitudes de pens\u00e9e, des comportements et des r\u00e9flexes h\u00e9rit\u00e9s des ann\u00e9es de la dictature ; \u00e0 respecter donc et restaurer, un certain nombre de valeurs morales et \u00e0 t\u00e9moigner d\u2019une puissance d\u2019engagement.<\/font><\/div>\n<div align=\"justify\">\u00a0<\/div>\n<div align=\"justify\"><font face=\"Arial\" size=\"2\">Sans doute, les hommes sont-ils ainsi faits qu\u2019\u00e0 des revendications d\u00e9termin\u00e9es et imm\u00e9diates, il est parfois vain d\u2019opposer des satisfactions plus ou moins lointaines qui requi\u00e8rent des changements qui eux-m\u00eames suscitent des r\u00e9sistances. Un grand combat a besoin d\u2019\u00eatre soutenu par un id\u00e9al et port\u00e9 par des hommes d\u2019exp\u00e9rience. Comme Bourguiba en son temps, c\u2019est \u00e0 votre tour d\u2019entrer dans cette ultime bataille sans quitter l\u2019horizon du regard. <\/font><\/div>\n<div align=\"justify\">\u00a0<\/div>\n<div align=\"justify\"><font face=\"Arial\" size=\"2\">Les h\u00e9ros de Mahmoud et Messedi du \u00ab Suud \u00bb et de \u00ab Abou Houraira \u00bb fut un temps (et peut \u00eatre encore) votre mod\u00e8le de combat sans \u00ab l\u2019absurde \u00bb. Appelons-l\u00e0 strat\u00e9gie de l\u2019action, de la reconstruction, exploit\u00e9e contre les forces occultes isol\u00e9es dans l\u2019anonymat et offrant une solution de rechange incompatible avec votre id\u00e9al politique. S\u2019ajoutant \u00e0 cela une tactique de division et de fragmentation du tissu social, des valeurs morales et mat\u00e9rielles qui mettent notre soci\u00e9t\u00e9 en \u00e9tat de danger. Eh bien ! Il est temps, Si Mohamed,\u00a0 de secouer la peur de d\u00e9jouer ces man\u0153uvres, de contre-attaquer avec des hommes conscients de leur responsabilit\u00e9 et surtout conscients du destin de notre pays. Nous vous demandons de ne pas laisser tomber. <\/font><\/div>\n<div align=\"justify\">\u00a0<\/div>\n<div align=\"justify\"><font face=\"Arial\" size=\"2\"><strong>Mourad Zitouni<\/strong><\/font><\/div>\n<div align=\"justify\">\u00a0<\/div>\n<div>\n<hr\/>\n<\/div>\n<div>\u00a0<\/div>\n<div align=\"center\">\n<h2 style=\"color: red;\"><font face=\"Arial\"><strong>l&rsquo;ecole chaarienne et non tunisienne de Doha<\/strong><\/font><\/h2>\n<\/div>\n<div align=\"justify\"><font face=\"Arial\" size=\"2\"><strong>par Belgasem Dridi<\/strong><\/font><\/div>\n<div align=\"justify\"><font face=\"Arial\" size=\"2\">Je lis dans les sites les \u00e9chos des probl\u00e8mes que rencontre notre \u00e9cole tunisienne de Doha et je t\u00e9moigne ici de ce je sais :depuis que j&rsquo;\u00e9tais au Qatar dans les ann\u00e9es 1990 et avant mon installation a Riadh en 2008 j&rsquo;ai toujours \u00e9t\u00e9 fier de notre \u00e9cole tunisienne, l&rsquo;ancien directeur et les profs faisaient honneur a leur patrie, mais les choses ont totalement change quand le nouveau responsable Mohamed Chaar s&rsquo;est impose a l&rsquo;ecole par des membres du comit\u00e9 central du RCD pour annoncer que seuls les rcdistes les tajammoyins seront recrutes. heureusement les honnetes profs ont continue leur mission malgr\u00e9 les d\u00e9rives malheureuses de l&rsquo;ecole et ce sont eux qui ont recolte les bonnes r\u00e9sultats de notre ecole.<\/font><\/div>\n<div align=\"justify\"><font face=\"Arial\" size=\"2\">Depuis son installation, Mr Chaar s&rsquo;est transforme en empereur, il a choisi le comit\u00e9 directeur de l&rsquo;\u00e9cole lui seul, il a nomme un contable lui seul. il recrute le personnel lui seul, chasse les sindicalistes lui seul et nomme le cabinet audit lui seul. aucune inspection ni comtrole s\u00e9rieux. le r\u00e9sultat ce sont les eleves et leurs parents qui souffrent de la degradation de notre \u00e9cole et du climat de m\u00e9fiance et de peur qui empoisonne la vie de notre communaute tunisienne a Qatar.<\/font><\/div>\n<div>\n<hr\/>\n<\/div>\n<div><b><span lang=\"EN-US\"><\/p>\n<h2 style=\"color: red;\"><font face=\"Arial\">L&rsquo;Italie condamn\u00e9e pour avoir expuls\u00e9 un Tunisien, tortur\u00e9 \u00e0 son retour<\/font><\/h2>\n<hr\/>\n<p><\/span><\/b><\/div>\n<p align=\"justify\"><font face=\"Arial\"><span lang=\"EN-US\"><font>La Cour europ\u00e9enne des droits de l&rsquo;homme (CEDH) a condamn\u00e9 l&rsquo;Italie mardi 5 avril pour avoir renvoy\u00e9 dans son pays un ressortissant tunisien qui affirme avoir \u00e9t\u00e9 arr\u00eat\u00e9 et tortur\u00e9 d\u00e8s son retour, malgr\u00e9 une demande de la CEDH de suspendre la d\u00e9cision.<\/font><\/span><\/font><\/p>\n<p align=\"justify\"><font face=\"Arial\"><span lang=\"EN-US\"><font>Ali <\/font><\/span><font><span lang=\"NO-BOK\"><a href=\"http:\/\/www.lemonde.fr\/sujet\/6405\/ben-sassi.html\" target=\"_blank\" rel=\"noopener\"><span lang=\"EN-US\"><font>Ben Sassi<\/font><\/span><\/a><\/span><\/font><span lang=\"EN-US\"><font> Toumi avait \u00e9t\u00e9 condamn\u00e9 en 2007 \u00e0 six ans de d\u00e9tention pour terrorisme international par un tribunal italien. Lib\u00e9r\u00e9 en mai 2009, il avait \u00e9t\u00e9 expuls\u00e9 en ao\u00fbt suivant alors que la CEDH avait demand\u00e9 \u00e0 l&rsquo;Italie de ne pas ex\u00e9cuter cette d\u00e9cision, en raison de craintes de mauvais traitements en Tunisie. Le gouvernement italien avait alors affirm\u00e9 avoir re\u00e7u des assurances diplomatiques que M. Toumi ne serait pas maltrait\u00e9 ni poursuivi pour les m\u00eames faits dans son pays.<\/font><\/span><\/font><\/p>\n<p align=\"justify\"><strong><span lang=\"EN-US\"><font face=\"Arial\">DES AFFAIRES SIMILAIRES<\/font><\/span><\/strong><\/p>\n<p align=\"justify\"><font face=\"Arial\"><span lang=\"EN-US\"><font>Pourtant, M. Toumi affirme avoir \u00e9t\u00e9 arr\u00eat\u00e9 d\u00e8s son arriv\u00e9e en Tunisie, tortur\u00e9 pendant sa d\u00e9tention puis lib\u00e9r\u00e9 dix jours plus tard sous condition de garder le silence. <\/font><\/span><font><span lang=\"NO-BOK\">Il dit \u00e9galement avoir fait l&rsquo;objet de menaces de la part de la police tunisienne apr\u00e8s sa remise en libert\u00e9. <\/span><\/font><span lang=\"EN-US\"><font>Se basant sur des <em><span>\u00ab\u00a0sources internationales s\u00e9rieuses et fiables\u00a0\u00bb<\/span><\/em>, la CEDH rappelle que <em><span>\u00ab\u00a0les all\u00e9gations de mauvais traitements ne sont pas examin\u00e9es par les autorit\u00e9s tunisiennes comp\u00e9tentes et que (celles-ci) sont r\u00e9ticentes \u00e0 coop\u00e9rer avec les organisations ind\u00e9pendantes de d\u00e9fense des droits de l&rsquo;homme\u00a0\u00bb<\/span><\/em>. Elle souligne que l&rsquo;avocat italien de M. Toumi n&rsquo;a pas pu rencontrer son client lors de sa d\u00e9tention.<\/font><\/span><\/font><\/p>\n<p align=\"justify\"><span lang=\"EN-US\"><font face=\"Arial\">La cour de Strasbourg <em><span>\u00ab\u00a0ne peut donc souscrire \u00e0 la th\u00e8se\u00a0\u00bb<\/span><\/em> de l&rsquo;Italie selon laquelle <em><span>\u00ab\u00a0les assurances donn\u00e9es offraient une protection efficace contre le risque s\u00e9rieux que courait M. Toumi d&rsquo;\u00eatre soumis\u00a0\u00bb<\/span><\/em> \u00e0 des traitements inhumains ou d\u00e9gradants. La CEDH note \u00e9galement qu&rsquo;au moment de l&rsquo;expulsion, elle avait d\u00e9j\u00e0 conclu \u00e0 des violations dans des affaires similaires contre l&rsquo;Italie. Les juges, dont la d\u00e9cision est susceptible d&rsquo;appel, ont accord\u00e9 \u00e0 M. Toumi 15 000 euros pour dommage moral.<\/font><\/span><\/p>\n<p align=\"justify\"><span lang=\"EN-US\"><font face=\"Arial\">Source: \u201cLe Monde.fr\u201d Le 05-04-2011<\/font><\/span><\/p>\n<div>\n<p align=\"justify\"><span lang=\"NO-BOK\"><font face=\"Arial\">Lien: <\/font><a href=\"http:\/\/www.lemonde.fr\/europe\/article\/2011\/04\/05\/l-italie-condamnee-pour-avoir-expulse-un-tunisien-torture-a-son-retour_1503397_3214.html\" target=\"_blank\" rel=\"noopener\"><font face=\"Arial\">http:\/\/www.lemonde.fr\/europe\/article\/2011\/04\/05\/l-italie-condamnee-pour-avoir-expulse-un-tunisien-torture-a-son-retour_1503397_3214.html<\/font><\/a><\/span><\/p>\n<\/div>\n<p align=\"center\"><b><span lang=\"FR\"><\/p>\n<h2 style=\"color: red;\"><font face=\"Arial\">Tunisie : bilan noir du ch\u00f4mage en 2011<\/font><\/h2>\n<p><\/span><\/b><\/p>\n<p align=\"center\"><b><span lang=\"FR\"><\/p>\n<h2 style=\"color: red;\"><font face=\"Arial\">Quand le gouvernement choque !<\/font><\/h2>\n<p> <\/span><\/b><\/p>\n<hr\/>\n<p>\u00a0<\/p>\n<p align=\"justify\"><span lang=\"FR\"><font face=\"Arial\">Un sombre tableau de la situation de l\u2019emploi a \u00e9t\u00e9 bross\u00e9 par Sa\u00efd Aydi, ministre de la Formation professionnelle et de l\u2019Emploi, lundi 4 avril 2011. <\/font><\/span><\/p>\n<p align=\"justify\"><span lang=\"FR\"><font face=\"Arial\">Au cours d\u2019un entretien express avec Investir en Tunisie, le ministre n\u2019a pas cach\u00e9 sa pr\u00e9occupation quant au bilan de 2011. Malgr\u00e9 les efforts consentis et les mesures annonc\u00e9es, la situation n\u2019est gu\u00e8re r\u00e9jouissante.<\/font><\/span><\/p>\n<p align=\"justify\">\u00a0<\/p>\n<p align=\"justify\"><span lang=\"FR\"><font face=\"Arial\">Comment \u00e9valuez-vous la situation de l\u2019emploi ?<\/font><\/span><\/p>\n<p align=\"justify\"><span lang=\"FR\"><font face=\"Arial\">M. Sa\u00efd Aydi : en fait la Tunisie passe aujourd\u2019hui par une phase de transition dans tous les domaines. Nous vivons actuellement une crise dd l\u2019emploi due \u00e0 des facteurs internes et externes. L\u2019arriv\u00e9e sur le march\u00e9 de l\u2019emploi de nouveaux dipl\u00f4m\u00e9s de l\u2019enseignement sup\u00e9rieur en juillet 2011 (environ 80.000), le retour des travailleurs tunisiens de Libye (entre 30.000 et 35.000), la perte de 10.000 emplois en 2011 et environ 80.000 emplois menac\u00e9s, une estimation du taux de croissance pour l\u2019ann\u00e9e 2011 ne d\u00e9passant pas 1%.<\/font><\/span><\/p>\n<p align=\"justify\"><span lang=\"FR\"><font face=\"Arial\">Ainsi, le nombre de ch\u00f4meurs en Tunisie s\u2019\u00e9l\u00e8ve \u00e0 520.000 dont 160.000 dipl\u00f4m\u00e9s de l\u2019enseignement sup\u00e9rieur. Ce chiffre est appel\u00e9 \u00e0 cro\u00eetre. Il atteindrait 700.000 au cours de l\u2019ann\u00e9e 2011, sachant que le march\u00e9 enregistrera l\u2019arriv\u00e9e de nouvelles demandes, estim\u00e9es entre 150.000 et 200.000. <\/font><\/span><\/p>\n<p align=\"justify\"><span lang=\"FR\"><font face=\"Arial\">Cette situation conduit \u00e0 un pourcentage de ch\u00f4mage atteignant les 19% de la population active contre un pourcentage de 14% en 2010. Cela constitue un chiffre jamais atteint dans l\u2019histoire de la Tunisie moderne.<\/font><\/span><\/p>\n<p align=\"justify\"><span lang=\"FR\"><font face=\"Arial\">Quels seront les mesures urgentes ?<\/font><\/span><\/p>\n<p align=\"justify\"><span lang=\"FR\"><font face=\"Arial\">Pour faire face \u00e0 ce tsunami d\u00e9vastateur, nous devons cr\u00e9er 270 mille postes d\u2019emploi en 2011 et 2012. Au regard de cette situation, le plan d\u2019urgence emploi mis en place par le minist\u00e8re de la Formation professionnelle et de l\u2019Emploi s\u2019articule autour de 4 grands axes \u00e0 court terme:<\/font><\/span><\/p>\n<p align=\"justify\"><span lang=\"FR\"><font face=\"Arial\">1. La cr\u00e9ation de nouveaux emplois salari\u00e9s dans tous les secteurs (public, priv\u00e9, soci\u00e9t\u00e9 civile et \u00e0 l\u2019\u00e9tranger) soit 40 mille postes d\u2019emplois<\/font><\/span><\/p>\n<p align=\"justify\"><span lang=\"FR\"><font face=\"Arial\">2. Le d\u00e9veloppement de l\u2019entreprenariat et de la cr\u00e9ation de micro-entreprise avec un accompagnement des promoteurs pour assurer la p\u00e9rennit\u00e9 des emplois cr\u00e9\u00e9s. Ce d\u00e9veloppement s\u2019op\u00e8re \u00e0 travers la formation et l\u2019initiation \u00e0 la cr\u00e9ation d\u2019entreprise ainsi que l\u2019accompagnement et le suivi dans toutes les \u00e9tapes du projet.<\/font><\/span><\/p>\n<p align=\"justify\"><span lang=\"FR\"><font face=\"Arial\">3. Le soutien des entreprises en difficult\u00e9 et la pr\u00e9servation des emplois existants \u00e0 travers des mesures financi\u00e8res et fiscales.<\/font><\/span><\/p>\n<p align=\"justify\"><span lang=\"FR\"><font face=\"Arial\">4. L\u2019accompagnement actif des demandeurs d\u2019emploi et le d\u00e9veloppement de leur employabilit\u00e9 \u00e0 travers le programme Amal. Chaque demandeur d\u2019emploi a la possibilit\u00e9 de fixer un parcours professionnel personnalis\u00e9 qui augmentera ses chances d\u2019employabilit\u00e9 et d\u2019insertion dans le march\u00e9 du travail. Les primo-demandeurs d\u2019emploi b\u00e9n\u00e9ficient d\u2019une allocation de recherche active d\u2019emploi d\u2019un montant de 200 Dinars et d\u2019une couverture sociale pour une p\u00e9riode d\u2019une ann\u00e9e. Nous allons d\u00e9bloquer la subvention de 127 mille demandeurs dans 10 jours. <\/font><\/span><\/p>\n<p align=\"justify\"><span lang=\"FR\"><font face=\"Arial\">Comment se r\u00e9partissent les offres d\u2019emploi dans le secteur public ?<\/font><\/span><\/p>\n<p align=\"justify\"><span lang=\"FR\"><font face=\"Arial\">Nous comptons offrir 20 mille postes d\u2019emplois dans le secteur public r\u00e9partis comme suit : Le minist\u00e8re de l\u2019Emploi embauchera 400, le minist\u00e8re de l\u2019Education offrira 3050, l\u2019enseignement sup\u00e9rieur int\u00e9grera 3000, le minist\u00e8re de la Sant\u00e9 r\u00e9cup\u00e8rera 150 et pour le reste les besoins seront communiqu\u00e9s ult\u00e9rieurement.<\/font><\/span><\/p>\n<p align=\"justify\"><span lang=\"FR\"><font face=\"Arial\">Y aura \u2013t-il des une \u00e9ventuelle suspension du CAPES?<\/font><\/span><\/p>\n<p align=\"justify\"><span lang=\"FR\"><font face=\"Arial\">C\u2019est important de v\u00e9rifier la comp\u00e9tence du candidat, mais pour le moment pas d\u2019intention de suspendre le CAPES. <\/font><\/span><\/p>\n<p align=\"justify\"><span lang=\"FR\"><font face=\"Arial\">Comment vous allez proc\u00e9der pour rompre avec la crise de confiance entre le minist\u00e8re et le citoyen ?<\/font><\/span><\/p>\n<p align=\"justify\"><span lang=\"FR\"><font face=\"Arial\">Comme vous l\u2019avez remarqu\u00e9, pr\u00e9c\u00e9demment, nous voulons \u00eatre sinc\u00e8res et transparents le plus possible. Nous avons le devoir et l\u2019obligation de dire la v\u00e9rit\u00e9. La R\u00e9volution nous a tout apport\u00e9, le ch\u00f4mage mais aussi la d\u00e9mocratie. Nous n\u2019avons plus droit \u00e0 l\u2019erreur.<\/font><\/span><\/p>\n<p align=\"justify\"><span lang=\"FR\"><font face=\"Arial\">Source\u00a0: \u00ab\u00a0Investir en Tunisie\u00a0\u00bb Le 05-04-2011<\/font><\/span><\/p>\n<div>\n<p align=\"justify\"><span lang=\"FR\"><font face=\"Arial\">Lien\u00a0: <\/font><a href=\"http:\/\/www.investir-en-tunisie.net\/index.php?option=com_content&amp;view=article&amp;id=9528\" target=\"_blank\" rel=\"noopener\"><font face=\"Arial\">http:\/\/www.investir-en-tunisie.net\/index.php?option=com_content&amp;view=article&amp;id=9528<\/font><\/a><\/span><\/p>\n<\/div>\n<p align=\"center\"><b><span lang=\"FR\"><\/p>\n<h2 style=\"color: red;\"><font face=\"Arial\">A la rencontre des f\u00e9ministes tunisiennes<\/font><\/h2>\n<p><\/span><\/b><\/p>\n<hr\/>\n<p>\u00a0<\/p>\n<p align=\"justify\"><span lang=\"FR\"><font face=\"Arial\">Du 31 mars au 2 avril, des militantes d\u2019<\/font><font><a href=\"http:\/\/www.osezlefeminisme.fr\/\" target=\"_blank\" rel=\"noopener\"><font face=\"Arial\">Osez le f\u00e9minisme<\/font><\/a><font face=\"Arial\"> participent \u00e0 un voyage d\u2019\u00e9tudes en Tunisie organis\u00e9 par <\/font><a href=\"http:\/\/www.touristravacances.com\/\" target=\"_blank\" rel=\"noopener\"><font face=\"Arial\">Touristra Vacances<\/font><\/a><\/font><font face=\"Arial\">. Quelques sentiments avant le retour \u00e0 Paris sur le formidable souffle d&rsquo;un pays qui s&rsquo;\u00e9veille \u00e0 la d\u00e9mocratie. <\/font><\/span><\/p>\n<p align=\"justify\"><span lang=\"FR\"><font face=\"Arial\">Notre voyage en Tunisie touche \u00e0 sa fin.<\/font><\/span><\/p>\n<p align=\"justify\"><span lang=\"FR\"><font face=\"Arial\">Lors de ces deux jours, nous avons rencontr\u00e9 des f\u00e9ministes bien s\u00fbr, mais aussi des repr\u00e9sentants syndicaux de l\u2019UGTT, des militants \u00e9tudiants de l\u2019UGET, mais aussi, au d\u00e9tour d\u2019une course en taxi ou d\u2019un d\u00e9jeuner dans une gargote, de \u00ab\u00a0simples\u00a0\u00bb citoyens et citoyennes qui se sont mobilis\u00e9s pour faire chuter Ben Ali et sa dictature.<\/font><\/span><\/p>\n<p align=\"justify\">\u00a0<\/p>\n<p align=\"justify\"><span lang=\"FR\"><font face=\"Arial\">De ce voyage, nous retenons le formidable souffle d\u2019une population qui s\u2019\u00e9veille \u00e0 la d\u00e9mocratie. Chaque jour, des dizaines de Tunisiens se rassemblent sur les marches du th\u00e9\u00e2tre municipal de Tunis, avenue Bourguiba, pour d\u00e9battre et manifester. Jeudi matin, nous n\u2019avons pas compris pour quoi \u00e9tait la manifestation qui passait sous les fen\u00eatres du Minist\u00e8re des affaires de la femme. Jeudi midi, il s\u2019agissait de soutenir les insurg\u00e9s libyens. Jeudi apr\u00e8s-midi, c\u2019\u00e9tait un rassemblement contre la police politique qui, dans les faits, existe toujours. Vendredi apr\u00e8s-midi, a commenc\u00e9 \u00e0 se former un rassemblement pro-islamiste. En fin de journ\u00e9e, \u00e0 la tomb\u00e9e de la nuit, des groupes d\u2019hommes continuent de discuter, parfois de fa\u00e7on tr\u00e8s anim\u00e9e, pour ne pas dire franchement muscl\u00e9e.<\/font><\/span><\/p>\n<p align=\"justify\"><span lang=\"FR\"><font face=\"Arial\">Bref, la Tunisie fait de la politique, \u00e0 tous les niveaux. Les \u00e9lites comme les ouvriers, les hommes comme les femmes, les habitants des villes comme ceux des campagnes, etc. Comme nous a dit un de nos chauffeurs, \u00ab\u00a0la politique, c\u2019est comme le foot\u00a0\u00bb\u00a0: tout le monde donne son avis.<\/font><\/span><\/p>\n<p align=\"justify\">\u00a0<\/p>\n<p align=\"justify\"><span lang=\"FR\"><font face=\"Arial\">Malgr\u00e9, parfois, la barri\u00e8re de la langue (aux termes de l\u2019article 1 de la Constitution, la seule langue officielle de la Tunisie, depuis l\u2019ind\u00e9pendance, est l\u2019arabe et les jeunes maitrisent moins bien le fran\u00e7ais que leurs ain\u00e9s), tout le monde est pr\u00eat \u00e0 s\u2019ouvrir sur son exp\u00e9rience de la r\u00e9volution. Poser la question \u00ab\u00a0alors, comment \u00e7a se passe depuis le d\u00e9part de Ben Ali\u00a0?\u00a0\u00bb, c\u2019est \u00eatre assur\u00e9 d\u2019avoir une r\u00e9ponse longue et argument\u00e9e.<\/font><\/span><\/p>\n<p align=\"justify\"><span lang=\"FR\"><font face=\"Arial\">Le premier sentiment qui s\u2019impose comme une \u00e9vidence est la fiert\u00e9. Fiert\u00e9 d\u2019\u00eatre tunisien\u00a0: les drapeaux ont envahi les rues. Fiert\u00e9 d\u2019avoir renvers\u00e9 un r\u00e9gime qui avait mis la t\u00eate de plusieurs g\u00e9n\u00e9rations sous l\u2019eau. Fiert\u00e9 d\u2019avoir, dans une certaine mesure, initi\u00e9 des r\u00e9volutions et des r\u00e9voltes dans d\u2019autres pays arabes.<\/font><\/span><\/p>\n<p align=\"justify\">\u00a0<\/p>\n<p align=\"justify\"><span lang=\"FR\"><font face=\"Arial\">N\u00e9anmoins, toutes les personnes rencontr\u00e9es sont lucides sur le flou dans lequel se trouve la r\u00e9volution \u00e0 ce stade. L\u2019Instance sup\u00e9rieure pour la r\u00e9alisation des objectifs de la r\u00e9volution travaille \u00e0 l\u2019\u00e9laboration du code \u00e9lectoral qui s\u2019appliquera aux \u00e9lections de l\u2019Assembl\u00e9e constituante du 24 juillet prochain. En attendant, justement, ils attendent.<\/font><\/span><\/p>\n<p align=\"justify\"><span lang=\"FR\"><font face=\"Arial\">La crise de confiance entre les jeunes et les partis politiques ou l\u2019UGTT est r\u00e9elle. La r\u00e9volution n\u2019a pas eu de leader, et les tentatives d\u2019incarnation de celle-ci par certaines individualit\u00e9s ont \u00e9t\u00e9 tr\u00e8s mal per\u00e7ues. Il en est de m\u00eame pour les tentatives d\u2019appropriation des martyrs. Le d\u00e9fi est maintenant de combler cette fracture. Souvent, on nous a dit que la r\u00e9volution n\u2019\u00e9tait pas finie et qu\u2019elle prendrait encore quelques ann\u00e9es pour aboutir \u00e0 un r\u00e9gime d\u00e9mocratique\u00a0: les Tunisiens savent qu\u2019\u00e9difier une soci\u00e9t\u00e9 nouvelle ne prend pas que quelques mois.<\/font><\/span><\/p>\n<p align=\"justify\"><span lang=\"FR\"><font face=\"Arial\">Les f\u00e9ministes, de leur c\u00f4t\u00e9, observent une relative invisibilit\u00e9 des femmes dans les m\u00e9dias et dans les d\u00e9bats. Certaines se disent inqui\u00e8tes, d\u2019autres pr\u00e9f\u00e8rent se dire contrari\u00e9es. Mais, dans les faits, le maintien des acquis en mati\u00e8re de droits des femmes est l\u2019objet d\u2019une grande vigilance.<\/font><\/span><\/p>\n<p align=\"justify\">\u00a0<\/p>\n<p align=\"justify\"><font face=\"Arial\"><span lang=\"FR\"><font>La Tunisie sait que les d\u00e9fis qu\u2019elle a \u00e0 relever sont immenses. Pour les relever, elle ne veut \u00e9couter qu\u2019elle-m\u00eame, mais regarde \u00e0 l\u2019\u00e9tranger pour se nourrir des exp\u00e9riences de ses voisins. Nous avons entendu, aussi, la volont\u00e9 de d\u00e9passer l\u2019intervention de Mich\u00e8le Alliot-Marie qui a laiss\u00e9 un souvenir d\u00e9sastreux en renfor\u00e7ant les \u00e9changes culturels avec la France.<\/font><\/span><\/font><\/p>\n<p align=\"justify\"><font face=\"Arial\"><span lang=\"FR\"><font>La Tunisie a aussi des attentes \u00e9conomiques. Le tourisme repr\u00e9sente 400\u00a0000 emplois directs et indirects et 7% du PIB et la France est le pays qui envoie le plus de touristes chaque ann\u00e9e (1,4 millions de vacanciers par an), premier pays. Mais les Fran\u00e7ais, cette ann\u00e9e, ont peur\u00a0: la saison estivale ne s\u2019annonce pas au mieux, les r\u00e9servations sont au plus bas. Alors que la Tunisie est toujours aussi belle et que, contrairement \u00e0 l\u2019an dernier, elle respire.<\/font><\/span><\/font><\/p>\n<p align=\"justify\">\u00a0<\/p>\n<p align=\"justify\"><span lang=\"FR\"><font face=\"Arial\">Cela a \u00e9t\u00e9 tr\u00e8s impressionnant pour nous d\u2019observer, m\u00eame furtivement, un pays qui s\u2019interroge sur lui-m\u00eame et son avenir. Enfin, il y a une derni\u00e8re chose que nous voudrions transmettre apr\u00e8s nos deux jours et demi pass\u00e9s ici\u00a0: pour vos prochaines vacances, programmez un voyage en Tunisie.<\/font><\/span><\/p>\n<p align=\"justify\"><span lang=\"FR\"><font face=\"Arial\">Source\u00a0: \u00ab\u00a0Mediapart\u00a0\u00bb Le 05-04-2011<\/font><\/span><\/p>\n<div>\n<p align=\"justify\"><span lang=\"FR\"><font face=\"Arial\">Lien\u00a0: <\/font><a href=\"http:\/\/blogs.mediapart.fr\/edition\/revolutions-dans-le-monde-arabe\/article\/050411\/la-rencontre-des-feministes-tunisienne-0\" target=\"_blank\" rel=\"noopener\"><font face=\"Arial\">http:\/\/blogs.mediapart.fr\/edition\/revolutions-dans-le-monde-arabe\/article\/050411\/la-rencontre-des-feministes-tunisienne-0<\/font><\/a><\/span><\/p>\n<\/div>\n<p align=\"center\"><b><span lang=\"FR\"><\/p>\n<h3 style=\"color: blue;\"><font face=\"Arial\">Le d\u00e9ficit de dignit\u00e9 collective et le futur du monde arabe<\/font><\/h3>\n<p> <\/span><\/b><\/p>\n<hr\/>\n<p>\u00a0<\/p>\n<p align=\"justify\"><font face=\"Arial\"><span lang=\"FR\"><font>Fin 2010, rares \u00e9taient ceux qui auraient imagin\u00e9 que deux des dirigeants les plus tenaces d&rsquo;Afrique du Nord, l&rsquo;ex-pr\u00e9sident tunisien Zine el-<\/font><\/span><font><span lang=\"NO-BOK\"><a href=\"http:\/\/www.lemonde.fr\/sujet\/f14e\/abidine-ben.html\" target=\"_blank\" rel=\"noopener\"><span lang=\"FR\"><font>Abidine Ben<\/font><\/span><\/a><\/span><span lang=\"FR\"> Ali et son homologue \u00e9gyptien <\/span><span lang=\"NO-BOK\"><a href=\"http:\/\/www.lemonde.fr\/sujet\/a6bc\/hosni-moubarak.html\" target=\"_blank\" rel=\"noopener\"><span lang=\"FR\"><font>Hosni Moubarak<\/font><\/span><\/a><\/span><span lang=\"FR\">, auraient quitt\u00e9 le pouvoir d\u00e9but 2011. <\/span><\/font><span lang=\"EN-US\"><font>Pourtant, confront\u00e9s \u00e0 des r\u00e9voltes populaires exigeant leur d\u00e9part, le premier fuyait la Tunisie le 14 janvier et le second quittait le pouvoir le 11 f\u00e9vrier. Depuis ces \u00e9v\u00e9nements sans pr\u00e9c\u00e9dent, une vague de contestation secoue le monde arabe dans son ensemble.<\/font><\/span><\/font><\/p>\n<p align=\"justify\"><span lang=\"EN-US\"><font face=\"Arial\">Les r\u00e9volutions en Tunisie et en Egypte, la guerre civile en Libye et les autres mouvements d&rsquo;opposition aux r\u00e9gimes en place qui parcourent la r\u00e9gion sont des \u00e9v\u00e9nements qui \u00e9taient certes difficiles \u00e0 pr\u00e9voir, mais qui ne sont en aucun cas surprenants. Si la toile de fond de chaque r\u00e9volte populaire poss\u00e8de ses propres caract\u00e9ristiques, elles partagent toutes un point commun\u00a0: le d\u00e9ficit de dignit\u00e9 collective. La dignit\u00e9 humaine est au c\u0153ur de tout ordre politique durable, et tout manquement dans ce domaine ne peut que conduire \u00e0 l&rsquo;instabilit\u00e9 et \u00e0 des revendications appelant au changement.<\/font><\/span><\/p>\n<p align=\"justify\"><span lang=\"EN-US\"><font face=\"Arial\">Il est possible d&rsquo;identifier neuf manquements \u00e0 la dignit\u00e9\u00a0: le manque de raison, le manque de s\u00e9curit\u00e9, les violations des droits de l&rsquo;homme, l&rsquo;absence de responsabilit\u00e9, le manque de transparence, l&rsquo;absence de justice, les carences en termes d&rsquo;opportunit\u00e9s, les obstacles \u00e0 l&rsquo;innovation, et la faiblesse de la participation. L&rsquo;Occident s&rsquo;est rendu complice de la mise en place de ce cocktail explosif dans le monde arabe. Il a fait le choix de sacrifier la promotion d&rsquo;une bonne gouvernance capable d&rsquo;assurer la dignit\u00e9 humaine sur l&rsquo;autel des int\u00e9r\u00eats g\u00e9opolitiques et de la lutte contre le terrorisme, et il a d\u00e9laiss\u00e9 la recherche d&rsquo;une solution durable pour mettre fin \u00e0 l&rsquo;humiliation continue des Palestiniens sans Etat, qui sont l&rsquo;incarnation absolue du d\u00e9ficit de dignit\u00e9 collective.<\/font><\/span><\/p>\n<p align=\"justify\"><font face=\"Arial\"><span lang=\"NO-BOK\"><font>Au-del\u00e0 d&rsquo;un tel constat, la question qui se pose est celle de la forme que prendra le changement politique en Egypte, en Tunisie et ailleurs\u00a0? <\/font><\/span><font><span lang=\"EN-US\">Le choix qui se pose n&rsquo;est pas seulement celui qui opposerait d\u00e9mocratie lib\u00e9rale de type occidental et r\u00e9gime ultra-autoritaire. <\/span><\/font><span lang=\"NO-BOK\"><font>Les jeunesses de la r\u00e9gion sont lib\u00e9r\u00e9es du bagage psychologique du d\u00e9faitisme des ann\u00e9es 1940-1960. Elles aspirent \u00e0 de grandes r\u00e9alisations pour elles-m\u00eames et pour leur pays, et sont fi\u00e8res de leur pass\u00e9 historique et culturel. Elles sont par ailleurs bien connect\u00e9es gr\u00e2ce aux r\u00e9seaux et m\u00e9dias sociaux, qui leur permettent de s&rsquo;inspirer et de s&rsquo;aider les unes les autres dans leurs luttes respectives.<\/font><\/span><\/font><\/p>\n<p align=\"justify\"><span lang=\"NO-BOK\"><font face=\"Arial\">L&rsquo;unit\u00e9 affermie qui est palpable aujourd&rsquo;hui dans le monde arabe pourrait bien annoncer l&rsquo;\u00e9mergence d&rsquo;un nouveau cadre de r\u00e9f\u00e9rence culturel et politique fond\u00e9 sur un m\u00e9lange de n\u00e9o-panarabisme et de n\u00e9o-panislamisme. En effet, si la rue arabe r\u00e9clame des r\u00e9formes politiques, ce n&rsquo;est pas forc\u00e9ment l&rsquo;\u00e9tablissement d&rsquo;une d\u00e9mocratie lib\u00e9rale de type occidental qu&rsquo;elle souhaite. Le d\u00e9fi pour l&rsquo;Occident est aujourd&rsquo;hui de permettre aux peuples de la r\u00e9gion d&rsquo;\u00eatre les artisans de leur propre futur, et de choisir eux-m\u00eames les solutions qui leur paraissent authentiques. Les r\u00e9formes doivent prendre en compte la culture et l&rsquo;histoire locale afin d&rsquo;\u00eatre adapt\u00e9es, abordables et acceptables, mais elles doivent aussi remplir un certain nombre de crit\u00e8res globaux de bonne gouvernance qui permettront \u00e0 ces pays de s&rsquo;engager dans une coop\u00e9ration morale et politique durable au sein du syst\u00e8me international.<\/font><\/span><\/p>\n<p align=\"justify\"><strong><span lang=\"NO-BOK\"><font face=\"Arial\">\u00c9VOLUTION PROGRESSISTE ENDOG\u00c8NE<\/font><\/span><\/strong><\/p>\n<p align=\"justify\"><font face=\"Arial\"><span lang=\"NO-BOK\"><font>Que l&rsquo;Occident peut-il faire pour accompagner les pays d&rsquo;Afrique du Nord et du Moyen-Orient dans leur transition\u00a0? <\/font><\/span><span lang=\"EN-US\"><font>Il est imp\u00e9ratif que, quelque soit la forme que les changements prendront, ils soient initi\u00e9s de fa\u00e7on endog\u00e8ne. Toute tentative par les gouvernements occidentaux d&rsquo;imposer leur pr\u00e9f\u00e9rences aux d\u00e9pens de principes de gouvernance endog\u00e8nes adapt\u00e9s \u00e0 la culture locale ne pourra que conduire \u00e0 l&rsquo;instabilit\u00e9. Les \u00e9lites politiques consid\u00e8reront ces man\u0153uvres comme une fa\u00e7on d&rsquo;\u00e9tablir un contr\u00f4le et une influence ext\u00e9rieure, les intellectuels les taxeront d&rsquo;h\u00e9g\u00e9monie culturelle, \u00e9tant donn\u00e9 la perception r\u00e9pandue dans le monde arabe d&rsquo;un Occident hostile et m\u00e9prisant \u00e0 l&rsquo;\u00e9gard de la culture arabo-musulmane et de sa place dans l&rsquo;histoire, et l&rsquo;opinion publique les interpr\u00e8tera comme une tentative de d\u00e9sislamiser le monde arabe.<\/font><\/span><\/font><\/p>\n<p align=\"justify\"><span lang=\"EN-US\"><font face=\"Arial\">Les gouvernements occidentaux, y compris la Conf\u00e9d\u00e9ration suisse, peuvent jouer un r\u00f4le tr\u00e8s constructif en partageant leurs exp\u00e9riences et en fournissant une assistance dans le domaine de la r\u00e9forme des institutions, tout en prenant soin de laisser les r\u00e9formes aux mains des populations locales. Il est important de s&rsquo;opposer \u00e0 tout recours \u00e0 la violence par des r\u00e9gimes d\u00e9ficients contre leurs populations civiles et d&rsquo;encourager les r\u00e9gimes tels ceux du Golfe qui se montrent plus responsables \u00e0 l&rsquo;\u00e9gard de leur soci\u00e9t\u00e9, \u00e0 avancer sur la voie des r\u00e9formes. Dans le Golfe, en effet, ce ne sont pas les gouvernements qui r\u00e9sistent au changement mais une frange ultraconservatrice et tr\u00e8s influente de la soci\u00e9t\u00e9 elle-m\u00eame. Il est donc capital pour ces gouvernements de ne pas entrer en opposition directe avec leur soci\u00e9t\u00e9 afin de rendre possible une \u00e9volution progressiste qui soit endog\u00e8ne et adapt\u00e9e \u00e0 la r\u00e9gion et \u00e0 ses cadres culturels.<\/font><\/span><\/p>\n<p align=\"justify\"><em><span lang=\"NO-BOK\"><a href=\"http:\/\/www.lemonde.fr\/sujet\/7f5e\/nayef-al-rodhan.html\" target=\"_blank\" rel=\"noopener\"><span lang=\"EN-US\"><font face=\"Arial\">Nayef Al-Rodhan<\/font><\/span><\/a><\/span><span lang=\"EN-US\"><font face=\"Arial\"> est aussi membre de la facult\u00e9 du Centre de politique de s\u00e9curit\u00e9 de Gen\u00e8ve et membre de St. Antony&rsquo;s College, \u00e0 l&rsquo;Universit\u00e9 de Oxford, <\/font><\/span><\/em><\/p>\n<p align=\"justify\"><span><span lang=\"NO-BOK\"><font face=\"Arial\"><strong>Nayef Al-Rodhan, analyste en g\u00e9ostrat\u00e9gie et Lisa Watanabe, chercheuse, Centre de Politique de S\u00e9curit\u00e9, Gen\u00e8ve<\/strong><\/font><\/span><\/span><\/p>\n<p align=\"justify\"><span lang=\"EN-US\"><font face=\"Arial\">Source: \u201cLe Monde.fr\u201d Le 05-04-2011<\/font><\/span><\/p>\n<div>\n<p align=\"justify\"><span lang=\"NO-BOK\"><font face=\"Arial\">Lien: <\/font><a href=\"http:\/\/www.lemonde.fr\/idees\/article\/2011\/04\/05\/le-deficit-de-dignite-collective-et-le-futur-du-monde-arabe_1502632_3232.html\" target=\"_blank\" rel=\"noopener\"><font face=\"Arial\">http:\/\/www.lemonde.fr\/idees\/article\/2011\/04\/05\/le-deficit-de-dignite-collective-et-le-futur-du-monde-arabe_1502632_3232.html<\/font><\/a><\/span><\/p>\n<\/div>\n<p align=\"center\"><b><span lang=\"NO-BOK\"><\/p>\n<h3 style=\"color: blue;\"><font face=\"Arial\">La nouvelle vie de Ben Ali<\/font><\/h3>\n<p> <\/span><\/b><\/p>\n<hr\/>\n<p>\u00a0<\/p>\n<p align=\"justify\"><span lang=\"FR\"><font face=\"Arial\">Le 14 janvier dernier, Zine el-Abidine Ben Ali est le premier chef d&rsquo;Etat arabe chass\u00e9 du pouvoir. Apr\u00e8s 23 ans au pouvoir, il trouve refuge en Arabie Saoudite avec sa femme, Le\u00efla Trabelsi, et quelques membres de sa belle famille. Pr\u00e8s de trois mois apr\u00e8s la r\u00e9volution de Jasmin, le point sur la situation de Zine el-Abidine Ben Ali. <\/font><\/span><\/p>\n<h3 align=\"justify\" style=\"color: blue;\"><span lang=\"FR\"><font face=\"Arial\">Victime d&rsquo;un AVC<\/font><\/span><\/h3>\n<p align=\"justify\"><span lang=\"FR\"><font face=\"Arial\">Mi-f\u00e9vrier, l&rsquo;ancien pr\u00e9sident tunisien est victime d&rsquo;un accident vasculaire c\u00e9r\u00e9bral (AVC). Plong\u00e9 dans le coma, Ben Ali est hospitalis\u00e9 \u00e0 l&rsquo;h\u00f4pital de Djedda. Il en est sorti il y a tout juste deux semaines. Depuis, il vit avec sa femme Le\u00efla et son fils de 6 ans, dans une immense villa pr\u00eat\u00e9e par la famille royale saoudienne.<\/font><\/span><\/p>\n<p align=\"justify\"><span lang=\"FR\"><font face=\"Arial\">Mais, habitu\u00e9 \u00e0 un rythme de vie tr\u00e9pidant depuis 23 ans, Zine el-Abidine Ben Ali s&rsquo;ennuierait. D\u2019apr\u00e8s des t\u00e9moins, dont des membres de la famille, l\u2019ambiance \u00e0 la maison est orageuse et les disputes fr\u00e9quentes. Le journaliste Nicolas Beau croit savoir que l&rsquo;ex-pr\u00e9sident passe beaucoup de temps devant les cha\u00eenes d&rsquo;information. Il vit \u00ab\u00a0une esp\u00e8ce de pr\u00e9-retraite difficile\u00a0\u00bb, dit le journaliste. <\/font><\/span><\/p>\n<h3 align=\"justify\" style=\"color: blue;\"><span lang=\"FR\"><font face=\"Arial\">Ben Ali veut garder le contact avec la Tunisie<\/font><\/span><\/h3>\n<p align=\"justify\"><span lang=\"FR\"><font face=\"Arial\">Drogu\u00e9 au pouvoir, Ben Ali a bien essay\u00e9 de garder le contact avec le pouvoir tunisien. L&rsquo;ancien chef d&rsquo;Etat a pass\u00e9 de nombreux coups de t\u00e9l\u00e9phone, \u00e0 la pr\u00e9sidence et dans les minist\u00e8res. Il s&rsquo;est m\u00eame montr\u00e9 tellement insistant que les num\u00e9ros de t\u00e9l\u00e9phone ont \u00e9t\u00e9 chang\u00e9s, rapporte l&rsquo;\u00e9crivain tunisien Abdelaziz Belkhodja, qui a enqu\u00eat\u00e9 sur la famille Ben Ali. <\/font><\/span><\/p>\n<p align=\"justify\"><span lang=\"FR\"><font face=\"Arial\">L&rsquo;avenir du couple Ben Ali ne s&rsquo;est pas d\u00e9gag\u00e9 apr\u00e8s leur d\u00e9part du pouvoir. Une dizaine de proc\u00e9dures judiciaires, en Europe, aux Etats-Unis mais aussi en Tunisie, ont \u00e9t\u00e9 lanc\u00e9es contre eux. La derni\u00e8re mesure en date vient de Tunis : le nouveau gouvernement a publi\u00e9 un d\u00e9cret il y a quelques jours pour organiser la confiscation des biens de tout le clan. Une centaine de personnes sont vis\u00e9es. <\/font><\/span><\/p>\n<p align=\"justify\"><font face=\"Arial\"><span lang=\"FR\"><font>La Tunisie a aussi officiellement \u00e9mis un mandat d\u2019arr\u00eat fin janvier contre le couple Ben Ali. Mais pour le moment, la priorit\u00e9 n&rsquo;est pas \u00e0 un proc\u00e8s. Le pays veut avant tout r\u00e9ussir sa transition d\u00e9mocratique, avec l&rsquo;\u00e9lection d&rsquo;une assembl\u00e9e constituante le 24 juillet prochain. Les Tunisiens s&rsquo;occuperont de Ben Ali apr\u00e8s&#8230; <\/font><\/span><\/font><\/p>\n<p align=\"justify\"><span lang=\"FR\"><font face=\"Arial\">Source\u00a0: \u00ab\u00a0Europe1\u00a0\u00bb Le 05-04-2011<\/font><\/span><\/p>\n<div>\n<p align=\"justify\"><span lang=\"FR\"><font face=\"Arial\">Lien\u00a0: <\/font><a href=\"http:\/\/www.europe1.fr\/International\/La-nouvelle-vie-de-Ben-Ali-485707\/\" target=\"_blank\" rel=\"noopener\"><font face=\"Arial\">http:\/\/www.europe1.fr\/International\/La-nouvelle-vie-de-Ben-Ali-485707\/<\/font><\/a><\/span><\/p>\n<\/div>\n<p align=\"center\"><b><span lang=\"FR\"><\/p>\n<h3 style=\"color: blue;\"><font face=\"Arial\">Tunisie. Recommandations et garde-fous pour les \u00e9lections du 24 juillet<\/font><\/h3>\n<p><\/span><\/b><\/p>\n<hr\/>\n<p>\u00a0<\/p>\n<p align=\"justify\"><span lang=\"FR\"><font face=\"Arial\">Les grandes lignes du projet de d\u00e9cret-loi relatif \u00e0 l\u2019\u00e9lection de l\u2019assembl\u00e9e constituante telles qu\u2019elles \u00e9mergent des d\u00e9bats de l\u2019Instance sup\u00e9rieure pour la protection des objectifs de la r\u00e9volution, de la r\u00e9forme politique et de la transition d\u00e9mocratique. <\/font><\/span><\/p>\n<p align=\"justify\"><font face=\"Arial\"><b><span lang=\"FR\"><font>Exit les anciens Rcdistes<\/font><\/span><\/b><span lang=\"FR\"><font>. Un consensus s\u2019est d\u00e9gag\u00e9 en faveur d\u2019interdire la\u00a0 candidature aux prochaines \u00e9lections \u00e0 tous ceux qui avaient collabor\u00e9 avec l\u2019ancien r\u00e9gime ou assum\u00e9 des responsabilit\u00e9s, locales, r\u00e9gionales ou nationales, au sein du Rassemblement constitutionnel d\u00e9mocratique (Rcd) dissous. Cette mesure sera une parfaite illustration de la rupture totale avec l\u2019ancien r\u00e9gime, de m\u00eame qu\u2019une concr\u00e9tisation des attentes du peuple tunisien \u00e0 un r\u00e9gime d\u00e9mocratique consacrant le droit de citoyennet\u00e9.<\/font><\/span><\/font><\/p>\n<p align=\"justify\"><font face=\"Arial\"><b><span lang=\"FR\"><font>Gare aux d\u00e9rives du d\u00e9bat identitaire<\/font><\/span><\/b><span lang=\"FR\"><font>. La divergence des vues entre les sensibilit\u00e9s politiques et intellectuelles sur les questions de l\u2019identit\u00e9, de la religion, des libert\u00e9s et de l\u2019\u00e9galit\u00e9 pourraient saper les efforts pour mettre en place une assembl\u00e9e constituante, \u00e9manation de la volont\u00e9 populaire, et plonger le pays dans des conflits sectaires ou r\u00e9gionalistes pouvant mettre en p\u00e9ril ses acquis.<\/font><\/span><\/font><\/p>\n<p align=\"justify\"><font face=\"Arial\"><b><span lang=\"FR\"><font>Pour une charte nationale des principes fondateurs du vivre ensemble<\/font><\/span><\/b><span lang=\"FR\"><font>. Cette charte nationale, qui engagera toutes les parties (partis politiques, organisations nationales et composantes de la soci\u00e9t\u00e9 civile), indiquera le cadre de l\u2019action de l\u2019assembl\u00e9e constituante et de la vision de l\u2019avenir de la Tunisie, dans le respect des constantes et des fondements de la r\u00e9publique, ainsi que des acquis du processus de r\u00e9forme et de modernisation dans le pays, depuis la constitution du Pacte fondamental au milieu du 19e si\u00e8cle.<\/font><\/span><\/font><\/p>\n<p align=\"justify\"><font face=\"Arial\"><b><span lang=\"FR\"><font>Renforcement de la pr\u00e9sence des femmes et des jeunes<\/font><\/span><\/b><span lang=\"FR\"><font>. Pour ouvrir l\u2019assembl\u00e9e constituante \u00e0 toutes les franges actives de la soci\u00e9t\u00e9, les membres de l\u2019Instance ont soulign\u00e9 la n\u00e9cessit\u00e9 de consacrer le principe de la parit\u00e9 dans la repr\u00e9sentation de la femme et de l\u2019homme au sein de cette assembl\u00e9e. Pour assurer une forte pr\u00e9sence des jeunes dans celle-ci, ils ont pr\u00e9conis\u00e9 d\u2019abaisser l\u2019\u00e2ge requis pour la candidature de 23 \u00e0 21 ans.<\/font><\/span><\/font><\/p>\n<p align=\"justify\"><font face=\"Arial\"><b><span lang=\"FR\"><font>Association des Tunisiens de la 2e g\u00e9n\u00e9ration<\/font><\/span><\/b><span lang=\"FR\"><font>. Les comp\u00e9tences tunisiennes de la 2e g\u00e9n\u00e9ration de l\u2019\u00e9migration peuvent \u00eatre d\u2019un grand apport \u00e0 la constituante, notamment celles r\u00e9put\u00e9es pour leur expertise acquise au sein d\u2019instances et organisations internationales et qui sont capables d\u2019apporter une contribution effective au pays, en cette conjoncture d\u00e9licate.<\/font><\/span><\/font><\/p>\n<p align=\"justify\"><font face=\"Arial\"><b><span lang=\"FR\"><font>Garantie de neutralit\u00e9 de l\u2019administration<\/font><\/span><\/b><span lang=\"FR\"><font>. Tout en appelant \u00e0 ne pas exclure les magistrats du droit de pr\u00e9senter leur candidature \u00e0 l\u2019assembl\u00e9e constituante, les membres de l\u2019Instance ont soulign\u00e9 la n\u00e9cessit\u00e9 de placer les op\u00e9rations de financement des campagnes \u00e9lectorales sous le contr\u00f4le de la Cour des comptes et de garantir la neutralit\u00e9 de l\u2019administration lors des diff\u00e9rentes phases du processus \u00e9lectoral. Cette mise engarde s\u2019imposait d\u2019autant que l\u2019administration demeure encore captive de la mentalit\u00e9 de l\u2019ancien r\u00e9gime et qu\u2019elle n\u2019est pas totalement gu\u00e9rie de ses propres tares.<\/font><\/span><\/font><\/p>\n<p align=\"justify\"><span lang=\"FR\"><font face=\"Arial\">Source\u00a0: \u00ab\u00a0Kapitalis\u00a0\u00bb Le 05-04-2011<\/font><\/span><\/p>\n<div>\n<p align=\"justify\"><span lang=\"FR\"><font face=\"Arial\">Lien\u00a0: <\/font><a href=\"http:\/\/kapitalis.com\/fokus\/62-national\/3391-tunisie-recommandations-et-garde-fous-pour-les-elections-du-24-juillet.html\" target=\"_blank\" rel=\"noopener\"><font face=\"Arial\">http:\/\/kapitalis.com\/fokus\/62-national\/3391-tunisie-recommandations-et-garde-fous-pour-les-elections-du-24-juillet.html<\/font><\/a><\/span><\/p>\n<\/div>\n<p align=\"center\"><b><span lang=\"EN-US\"><\/p>\n<h3 style=\"color: blue;\"><font face=\"Arial\">L\u2019instance de Yadh Ben Achour veut \u00e9carter les anciens du RCD des prochaines elections<\/font><\/h3>\n<p> <\/span><\/b><\/p>\n<hr\/>\n<p>\u00a0<\/p>\n<p align=\"justify\"><span lang=\"EN-US\"><font face=\"Arial\">L&rsquo;Instance sup\u00e9rieure pour la protection des objectifs de la r\u00e9volution, de la r\u00e9forme politique et de la transition d\u00e9mocratique, a poursuivi, lundi apr\u00e8s-midi, au si\u00e8ge de la Chambre des Conseillers, le d\u00e9bat autour du projet de d\u00e9cret-loi relatif \u00e0 l&rsquo;\u00e9lection d&rsquo;une Assembl\u00e9e nationale constituante. La s\u00e9ance s&rsquo;est d\u00e9roul\u00e9e sous la pr\u00e9sidence de M. Yadh Ben Achour.<\/font><\/span><\/p>\n<p align=\"justify\"><span lang=\"NO-BOK\"><font face=\"Arial\">Les intervenants ont insist\u00e9 sur la n\u00e9cessit\u00e9 pour l&rsquo;Assembl\u00e9e constituante de refl\u00e9ter les attentes et les ambitions du peuple tunisien, avec ses diff\u00e9rentes cat\u00e9gories intellectuelles et politiques, et qu&rsquo;elle soit ouverte \u00e0 toutes les franges de la soci\u00e9t\u00e9, notamment les jeunes, qui sont les artisans de la r\u00e9volution du 14 janvier 2011 et qui ont d\u00e9barrass\u00e9 le pays du \u00ab\u00a0cauchemar de l&rsquo;injustice et de la dictature\u00a0\u00bb.<\/font><\/span><\/p>\n<p align=\"justify\"><span lang=\"EN-US\"><font face=\"Arial\">Ils ont, d&rsquo;autre part, appel\u00e9 \u00e0 l&rsquo;\u00e9laboration d&rsquo;une charte nationale engageant toutes les parties : partis politiques, organisations nationales et composantes de la soci\u00e9t\u00e9 civile. Cette charte doit contenir le cadre de l&rsquo;action de l&rsquo;assembl\u00e9e et des conceptions pour l&rsquo;avenir de la Tunisie, tout en veillant \u00e0 ne pas porter atteinte aux constantes et aux fondements de la R\u00e9publique, et \u00e0 ne pas perdre les acquis r\u00e9alis\u00e9s, dans le pays, depuis la constitution du Pacte fondamental, afin d&rsquo;\u00e9viter la r\u00e9gression du pays vers le sous-d\u00e9veloppement.<\/font><\/span><\/p>\n<p align=\"justify\"><span lang=\"EN-US\"><font face=\"Arial\">Lors du d\u00e9bat instaur\u00e9 autour des articles du d\u00e9cret-loi relatifs \u00e0 l&rsquo;\u00e9lecteur, aux candidatures, au mode de scrutin et au financement de la campagne \u00e9lectorale, les membres de l&rsquo;Instance ont relev\u00e9 l&rsquo;importance d&rsquo;ouvrir la voie aux candidatures de toutes les cat\u00e9gories de la soci\u00e9t\u00e9, au cours des prochaines \u00e9lections \u00ab\u00a0sans marginalisation, ni exclusion\u00a0\u00bb, tout en abaissant l&rsquo;\u00e2ge requis de 23 \u00e0 21 ans.<\/font><\/span><\/p>\n<p align=\"justify\"><span lang=\"EN-US\"><font face=\"Arial\">Des intervenants ont appel\u00e9 \u00e0 ne pas exclure les magistrats du droit de se pr\u00e9senter en tant que candidat \u00e0 l&rsquo;Assembl\u00e9e nationale constituante, \u00e0 placer les op\u00e9rations de financement des campagnes \u00e9lectorales sous le contr\u00f4le de la Cour des comptes et \u00e0 consacrer le principe de la parit\u00e9 dans la repr\u00e9sentation de la femme et de l&rsquo;homme, au sein de l&rsquo;Assembl\u00e9e.<\/font><\/span><\/p>\n<p align=\"justify\"><span lang=\"EN-US\"><font face=\"Arial\">Ils ont, en outre, fait part de leur refus du recours aux m\u00e9dias \u00e9trangers pour l&rsquo;organisation des campagnes \u00e9lectorales.<\/font><\/span><\/p>\n<p align=\"justify\">\u00a0<\/p>\n<p align=\"justify\"><span lang=\"EN-US\"><font face=\"Arial\">Les membres de l&rsquo;instance ont, par ailleurs, soulign\u00e9 l&rsquo;imp\u00e9ratif de ne pas accorder le droit de candidature aux prochaines \u00e9lections \u00e0 tous ceux qui avaient collabor\u00e9 avec l&rsquo;ancien r\u00e9gime ou assum\u00e9 des responsabilit\u00e9s, locales, r\u00e9gionales ou nationales, au sein du Rassemblement constitutionnel d\u00e9mocratique dissous.<\/font><\/span><\/p>\n<p align=\"justify\"><span lang=\"EN-US\"><font face=\"Arial\">Cette mesure sera, de leur point de vue, une parfaite illustration de la rupture totale avec l&rsquo;ancien r\u00e9gime, de m\u00eame qu&rsquo;une concr\u00e9tisation des attentes du peuple tunisien \u00e0 un r\u00e9gime d\u00e9mocratique consacrant le droit de citoyennet\u00e9.<\/font><\/span><\/p>\n<p align=\"justify\"><span lang=\"EN-US\"><font face=\"Arial\">Source: \u201cBusiness News\u201d Le 04-04-2011<\/font><\/span><\/p>\n<div>\n<p align=\"justify\"><font face=\"Arial\"><span lang=\"NO-BOK\"><font>Lien: <\/font><\/span><span lang=\"EN-US\"><a href=\"http:\/\/www.businessnews.com.tn\/details_article.php?a=24210&amp;temp=1&amp;lang=fr&amp;t=520\" target=\"_blank\" rel=\"noopener\"><span lang=\"NO-BOK\"><font>http:\/\/www.businessnews.com.tn\/details_article.php?a=24210&amp;temp=1&amp;lang=fr&amp;t=520<\/font><\/span><\/a><\/span><\/font><\/p>\n<\/div>\n<p align=\"center\"><b><span lang=\"NO-BOK\"><\/p>\n<h3 style=\"color: blue;\"><font face=\"Arial\">Tunisie \u2013 La Direction g\u00e9n\u00e9rale de la Poste r\u00e9clame la reprise du travail<\/font><\/h3>\n<p> <\/span><\/b><\/p>\n<hr\/>\n<p>\u00a0<\/p>\n<p align=\"justify\"><font face=\"Arial\"><span lang=\"NO-BOK\"><font>La Direction g\u00e9n\u00e9rale de la Poste tunisienne a indiqu\u00e9, dans un communiqu\u00e9, mardi 5 avril 2011, qu\u2019elle a commenc\u00e9 \u00e0 r\u00e9pondre \u00e0 un ensemble de revendications sociales qui ont \u00e9t\u00e9 approuv\u00e9es lors du proc\u00e8s-verbal de la r\u00e9union du Comit\u00e9 central pour la r\u00e9conciliation. Le PV sign\u00e9 par la F\u00e9d\u00e9ration g\u00e9n\u00e9rale de la poste et de la t\u00e9l\u00e9communication \u00e0 la date du 22 f\u00e9vrier 2011 comportait plusieurs points dont :<\/font><\/span><\/font><\/p>\n<p align=\"justify\"><span lang=\"NO-BOK\"><font face=\"Arial\">&#8211; La mise en place des commissions regroupant les parties administrative et syndicale pour la r\u00e9alisation de toutes les demandes stipul\u00e9es dans le PV de r\u00e9conciliation sans aucune omission.<\/font><\/span><\/p>\n<p align=\"justify\"><span lang=\"NO-BOK\"><font face=\"Arial\">&#8211; Titularisation automatique des contractuels de plus de 2 ans de travail au sein de la Poste.<\/font><\/span><\/p>\n<p align=\"justify\"><span lang=\"NO-BOK\"><font face=\"Arial\">&#8211; R\u00e9admission de toutes les personnes renvoy\u00e9es qui sont concern\u00e9es par l\u2019amnistie g\u00e9n\u00e9rale d\u00e9cr\u00e9t\u00e9e.<\/font><\/span><\/p>\n<p align=\"justify\"><span lang=\"EN-US\"><font face=\"Arial\">&#8211; La continuation des r\u00e9unions sans interruption entre l\u2019administration et les syndicats pour trouver une solution au reste des points mentionn\u00e9s dans le PV de r\u00e9conciliation.<\/font><\/span><\/p>\n<p align=\"justify\"><span lang=\"EN-US\"><font face=\"Arial\">Pour cette raison, la Direction g\u00e9n\u00e9rale de la Poste ne trouve aucune l\u00e9gitimit\u00e9 au sit-in entam\u00e9 lundi 4 avril 2011 devant le si\u00e8ge social de l\u2019Office ou dans certaines r\u00e9gions qui a entrav\u00e9 les prestations fournies aux citoyens. Elle r\u00e9it\u00e8re son engagement vers les syndicats pour poursuivre le dialogue sur les diff\u00e9rentes demandes sociales l\u00e9gitimes en coh\u00e9rence avec les droits des agents et les capacit\u00e9s de la soci\u00e9t\u00e9.<\/font><\/span><\/p>\n<p align=\"justify\"><span lang=\"EN-US\"><font face=\"Arial\">Rappelons que selon la TAP, les services postaux ont \u00e9t\u00e9 perturb\u00e9s, lundi, par un sit-in observ\u00e9 par les agents des bureaux de poste, du rapid-poste, des agences poste-colis et des centres de distribution dans la r\u00e9gion de l\u2019Ariana.<\/font><\/span><\/p>\n<p align=\"justify\"><span lang=\"EN-US\"><font face=\"Arial\">Les sit-inneurs exigeaient l&rsquo;application des conventions sign\u00e9es entre la Direction g\u00e9n\u00e9rale de l&rsquo;Office national de la poste et la F\u00e9d\u00e9ration g\u00e9n\u00e9rale de la poste et des t\u00e9l\u00e9communications.<\/font><\/span><\/p>\n<p align=\"justify\"><span lang=\"EN-US\"><font face=\"Arial\">Source: \u201cBusiness News\u201d Le 05-04-2011<\/font><\/span><\/p>\n<div>\n<p align=\"justify\"><font face=\"Arial\"><span lang=\"NO-BOK\"><font>Lien: <\/font><\/span><span lang=\"EN-US\"><a href=\"http:\/\/www.businessnews.com.tn\/Tunisie-\u2013-La-Direction-g\u00e9n\u00e9rale-de-la-Poste-r\u00e9clame-la-reprise-du-travail,520,24231,1\" target=\"_blank\" rel=\"noopener\"><span lang=\"NO-BOK\"><font>http:\/\/www.businessnews.com.tn\/Tunisie-%E2%80%93-La-Direction-g%C3%A9n%C3%A9rale-de-la-Poste-r%C3%A9clame-la-reprise-du-travail,520,24231,1<\/font><\/span><\/a><\/span><\/font><\/p>\n<\/div>\n<p align=\"center\"><b><span lang=\"FR\"><\/p>\n<h3 style=\"color: blue;\"><font face=\"Arial\">Tunisie. Qui veut emp\u00eacher le jugement des collaborateurs de Ben Ali?<\/font><\/h3>\n<p> <\/span><\/b><\/p>\n<hr\/>\n<p>\u00a0<\/p>\n<p align=\"justify\"><span lang=\"FR\"><font face=\"Arial\">C\u2019est la question que se pose un collectif d\u2019avocats, qui a d\u00e9pos\u00e9 une plainte contre l\u2019ex-pr\u00e9sident et une dizaine de ses collaborateurs, estimant que le gouvernement provisoire ne semble pas press\u00e9 de rompre avec l\u2019ancien r\u00e9gime.<\/font><\/span><\/p>\n<p align=\"justify\"><span lang=\"FR\"><font face=\"Arial\">Parmi les responsables de l\u2019ancien r\u00e9gime poursuivis par le collectif des 25 avocats, on citera Abdelaziz Ben Dhia, Abdallah Kallel, Abdelwaheb Abdallah, Rafik Belhaj Kacem, Ahmed Fria\u00e2, Mohamed Ghariani, Zouha\u00efer Moudhaffar, mais aussi l\u2019ex-Premier ministre Mohamed Ghannouchi.<\/font><\/span><\/p>\n<p align=\"justify\"><span lang=\"FR\"><font face=\"Arial\">Des proc\u00e9dures inexplicablement lentes<\/font><\/span><\/p>\n<p align=\"justify\"><span lang=\"FR\"><font face=\"Arial\">Les avocats membres du collectif ont expliqu\u00e9, au cours d\u2019une conf\u00e9rence de presse, samedi, au si\u00e8ge du Syndicat national des journalistes tunisiens (Snjt), que le retard pris par le pouvoir politique provisoire pour prendre des mesures d\u00e9cisives les a oblig\u00e9s \u00e0 engager des actions en justice, bien que la traduction en justice est du ressort du minist\u00e8re public. Ils soulignent, dans ce sens, que la rupture avec le syst\u00e8me de corruption financi\u00e8re et de tyrannie politique fait partie des objectifs de la r\u00e9volution du peuple tunisien.<\/font><\/span><\/p>\n<p align=\"justify\"><span lang=\"FR\"><font face=\"Arial\">Ces avocats, qui ont d\u00e9pos\u00e9 des plaintes en justice concernant la corruption politique et financi\u00e8re, les meurtres d\u00e9lib\u00e9r\u00e9s, durant les mouvements de protestation de la r\u00e9volution, estiment que le gouvernement de transition continue d\u2019ignorer et d\u2019occulter les v\u00e9ritables responsables des abus ayant nui \u00e0 la Tunisie, durant 23 ans, et de ralentir les investigations. <\/font><\/span><\/p>\n<p align=\"justify\"><span lang=\"FR\"><font face=\"Arial\">Ils reprochent aussi au minist\u00e8re public de ne pas contribuer \u00e0 d\u00e9masquer les personnes impliqu\u00e9es et de ne rien faire pour engager des poursuites contre les symboles de la corruption. Ils demandent au minist\u00e8re public, \u00e0 l\u2019instruction et au ministre de la Justice d\u2019assumer leur responsabilit\u00e9 l\u00e9gale et historique, en prenant les mesures n\u00e9cessaires pour consacrer le principe de l\u2019ind\u00e9pendance de la justice.<\/font><\/span><\/p>\n<p align=\"justify\"><span lang=\"FR\"><font face=\"Arial\">Le groupe d\u2019avocats affirme, par ailleurs, avoir agi en r\u00e9ponse aux revendications du peuple tunisien, pour d\u00e9voiler tous les aspects de la corruption et demander des comptes \u00e0 ceux qui en sont responsables, dans le cadre de proc\u00e8s \u00e9quitables, loin de tout esprit de vengeance, en garantissant aux accus\u00e9s le droit \u00e0 la d\u00e9fense, et ce dans le cadre de l\u2019\u00e9dification d\u2019un Etat civique moderne, fond\u00e9 sur les principes de la v\u00e9ritable citoyennet\u00e9, de la primaut\u00e9 de la loi et de l\u2019action des institutions.<\/font><\/span><\/p>\n<p align=\"justify\"><span lang=\"FR\"><font face=\"Arial\">Au sujet de la corruption politique et financi\u00e8re, le \u00abGroupe des 25\u00bb a saisi les juridictions p\u00e9nales contre des membres de la direction du Rassemblement constitutionnel d\u00e9mocratique (Rcd) dissous et d\u2019anciens ministres les accusant d\u2019avoir commis des crimes r\u00e9prim\u00e9s par les articles 95 et 96 du Code p\u00e9nal. A la suite de ces plaintes, dix parmi ces membres ont \u00e9t\u00e9 convoqu\u00e9s par le juge d\u2019instruction.<\/font><\/span><\/p>\n<p align=\"justify\"><span lang=\"FR\"><font face=\"Arial\">Mohamed Ghannouchi non convoqu\u00e9 <\/font><\/span><\/p>\n<p align=\"justify\"><span lang=\"FR\"><font face=\"Arial\">Le juge d\u2019instruction avait proc\u00e9d\u00e9 \u00e0 l\u2019audition de trois accus\u00e9s, qui sont Abdelwaheb Abdallah et Abdelaziz Ben Dhia, les anciens conseillers du pr\u00e9sident d\u00e9chu, et Abdallah Kallel, ancien pr\u00e9sident de la Chambre des conseillers, et \u00e9mis des mandats de d\u00e9p\u00f4t \u00e0 leur encontre.<\/font><\/span><\/p>\n<p align=\"justify\"><span lang=\"FR\"><font face=\"Arial\">Un plainte p\u00e9nale a, par ailleurs, \u00e9t\u00e9 d\u00e9pos\u00e9e contre le pr\u00e9sident d\u00e9chu et Mohamed Ghannouchi, l\u2019ex-Premier ministre, mais le minist\u00e8re public du tribunal de premi\u00e8re instance de Tunis s\u2019est content\u00e9 de convoquer Zine El Abidine Ben Ali, en fuite, devant le juge d\u2019instruction et \u00aba omis de le faire, sans raison l\u00e9gale, pour l\u2019ancien Premier ministre\u00bb, comme l\u2019ont indiqu\u00e9 les avocats.<\/font><\/span><\/p>\n<p align=\"justify\"><span lang=\"FR\"><font face=\"Arial\">Concernant les meurtres avec pr\u00e9m\u00e9ditation, le \u00abGroupe des 25\u00bb a d\u00e9pos\u00e9 une plainte p\u00e9nale contre le pr\u00e9sident d\u00e9chu et les deux anciens ministres de l\u2019Int\u00e9rieur, Rafik Belhaj Kacem et Ahmed Friaa, ainsi que certains officiers sup\u00e9rieurs du minist\u00e8re de l\u2019Int\u00e9rieur pour meurtres pr\u00e9m\u00e9dit\u00e9s et incitation au d\u00e9sordre et au pillage, et ce conform\u00e9ment aux articles 204 et 72 du Code p\u00e9nal.<\/font><\/span><\/p>\n<p align=\"justify\"><span lang=\"FR\"><font face=\"Arial\">A ce propos, le minist\u00e8re public a d\u00e9cid\u00e9, le 9 f\u00e9vrier, l\u2019ouverture d\u2019une enqu\u00eate contre le pr\u00e9sident en fuite et Rafik Belhaj Kacem, seulement, alors qu\u2019Ahmed Friaa occupait le poste de ministre de l\u2019Int\u00e9rieur, lors de l\u2019assassinat du martyr Atef Labbaoui, le 13 janvier.<\/font><\/span><\/p>\n<p align=\"justify\"><span lang=\"FR\"><font face=\"Arial\">Source\u00a0: \u00ab\u00a0Kapitalis\u00a0\u00bb Le 05-04-2011<\/font><\/span><\/p>\n<div>\n<p align=\"justify\"><span lang=\"FR\"><font face=\"Arial\">Lien\u00a0: <\/font><a href=\"http:\/\/kapitalis.com\/fokus\/62-national\/3384-tunisie-qui-veut-empecher-le-jugement-des-collaborateurs-de-ben-ali.html\" target=\"_blank\" rel=\"noopener\"><font face=\"Arial\">http:\/\/kapitalis.com\/fokus\/62-national\/3384-tunisie-qui-veut-empecher-le-jugement-des-collaborateurs-de-ben-ali.html<\/font><\/a><\/span><\/p>\n<\/div>\n<p align=\"center\"><b><span lang=\"NO-BOK\"><\/p>\n<h3 style=\"color: blue;\"><font face=\"Arial\">Tunisie\/ Ben Ali et sa famille, un avocat apelle \u00e0 saisir La Haye<\/font><\/h3>\n<p> <\/span><\/b><\/p>\n<hr\/>\n<p>\u00a0<\/p>\n<p align=\"justify\"><span lang=\"NO-BOK\"><font face=\"Arial\">Ali Salah Ben Hadid est un avocat tunisien bas\u00e9 en Suisse. Il a \u00e9t\u00e9 le premier \u00e0 demander \u00e0 Gen\u00e8ve de poursuivre ben Ali en justice et \u00e0 restituer les biens qu\u2019il a vol\u00e9s, lui et sa famille \u00e0 la Tunisie. <span lang=\"EN-US\">Me Ben Hadid a pr\u00e9venu que plus le temps passe, plus, l\u2019affaire se compliquait. Dans un entretien accord\u00e9 au journal <\/span><\/font><font><a href=\"http:\/\/assabah.com.tn\/\" target=\"_blank\" rel=\"noopener\"><strong><span lang=\"EN-US\"><font face=\"Arial\">Assabah<\/font><\/span><\/strong><\/a><\/font><\/span><font face=\"Arial\"><span lang=\"EN-US\">, l\u2019avocat a confi\u00e9 qu\u2019il n\u2019\u00e9tait pas exclu que Leila Trabelsi se d\u00e9place actuellement d\u2019un pays \u00e0 un autre \u00e0 l\u2019aide de passeports r\u00e9guliers ou diplomatiques, qu\u2019elle aurait re\u00e7us de la part de ses alli\u00e9s, Libyens ou autres.   <\/span><span lang=\"NO-BOK\">Cet avocat avait quitt\u00e9 la Tunisie \u00e0 la h\u00e2te en 1992, sous ordre du ministre de l\u2019Int\u00e9rieur de l\u2019\u00e9poque. En 2000, il est retourn\u00e9 en Tunisie en visite, apr\u00e8s intervention d\u2019organismes de droits de l\u2019Homme. 48 heures apr\u00e8s la fuite de Ben Ali, il est rentr\u00e9 au pays, pour essayer de convaincre les membres du gouvernement provisoire de la n\u00e9cessit\u00e9 d\u2019acc\u00e9l\u00e9rer les proc\u00e9dures pour r\u00e9cup\u00e9rer l\u2019argent vol\u00e9. <\/span><span lang=\"EN-US\">Il a propos\u00e9 de recourir \u00e0 une institution d\u2019investigation, sp\u00e9cialiste dans la traque des capitaux. <\/span><\/font><span lang=\"NO-BOK\"><font face=\"Arial\">\u00ab\u00a0 J\u2019ai rencontr\u00e9 le premier ministre Beji Caid Essebsi et lui ai fait part de la n\u00e9cessit\u00e9 de porter plainte contre Ben Ali en tant que pr\u00e9sident fuyant et non pas en tant que pr\u00e9sident limog\u00e9. Il faut qu\u2019il soit jug\u00e9 devant les instances nationales et internationales. Ben Ali ou la personne le repr\u00e9sentant doivent se d\u00e9fendre devant la Cour, pour que le peuple tunisien puisse entendre la v\u00e9rit\u00e9 \u00bb.   Interrog\u00e9 s\u2019il \u00e9tait possible que Ben Ali puisse voyager, l\u2019avocat a r\u00e9pondu qu\u2019il \u00e9tait tr\u00e8s difficile que ce soit le cas, \u00e0 moins qu\u2019il ait recours \u00e0 une chirurgie esth\u00e9tique ou \u00e0 de fausses identit\u00e9s. \u00abC\u2019est pour quoi j\u2019insiste sur la n\u00e9cessit\u00e9 de faire pression sur l\u2019Arabie Saoudite et la n\u00e9cessit\u00e9 de saisir la Cour internationale, de constituer un dossier solide pour le pr\u00e9senter \u00e0 la Haye \u00bb, a-t-il dit. Selon lui, il faut aussi que des sp\u00e9cialistes aillent s&rsquo;enqu\u00e9rir de l&rsquo;Etat de sant\u00e9 de l&rsquo;ex-pr\u00e9sident, pour confirmer qu&rsquo;il est bien en vie, pour que tous ces efforts ne soient pas vains.   Concernant les biens de Ben Ali et de sa famille \u00e0 Gen\u00e8ve, Ali Salah Ben Hadid affirme que la Suisse avait annonc\u00e9 au d\u00e9but un chiffre de 622 millions de francs suisses. Actuellement la Suisse parle de 80 millions de francs suisses. L\u2019enqu\u00eate sur ce sujet, est toujours en cours.   O\u00f9 est parti le reste de l\u2019argent ?\u00a0 \u00abC\u2019est ce qu\u2019on doit \u00e9tudier actuellement. Le facteur temps est tr\u00e8s important\u2026j\u2019aurais souhait\u00e9 que la demande d\u2019asile de Ben Ali aupr\u00e8s de la Belgique soit vraie, \u00e7a nous aurait beaucoup aid\u00e9 \u00bb, r\u00e9pond-il<\/font><\/span><\/p>\n<p align=\"justify\"><span lang=\"FR\"><font face=\"Arial\">Source\u00a0: \u00ab\u00a0Global Net\u00a0\u00bb Le 05-04-2010<\/font><\/span><\/p>\n<div>\n<p align=\"justify\"><span lang=\"FR\"><font face=\"Arial\">Lien\u00a0: <\/font><a href=\"http:\/\/www.gnet.tn\/revue-de-presse-nationale\/ben-ali-et-sa-famille-un-avocat-apelle-a-saisir-la-haye\/id-menu-958.html\" target=\"_blank\" rel=\"noopener\"><font face=\"Arial\">http:\/\/www.gnet.tn\/revue-de-presse-nationale\/ben-ali-et-sa-famille-un-avocat-apelle-a-saisir-la-haye\/id-menu-958.html<\/font><\/a><\/span><\/p>\n<\/div>\n<h3 align=\"center\" style=\"color: blue;\">\n<h3 style=\"color: blue;\"><font face=\"Arial\"><span lang=\"NO-BOK\"><font>La R\u00e9volution tunisienne vue par Le Monde<\/font><\/span><\/font><\/h3>\n<p><span lang=\"EN-US\"><font face=\"Arial\"><\/font><\/span><\/h3>\n<hr\/>\n<p align=\"justify\"><span lang=\"EN-US\"><font face=\"Arial\">La librairie Clairefontaine (Tunis) a organis\u00e9 lundi 4 avril 2011 un point de presse avec M. Olivier Piot, grand reporter collaborant notamment avec Le Monde et Le Monde Diplomatique, \u00e0 l\u2019occasion de la parution de son ouvrage intitul\u00e9 \u2018\u2018La R\u00e9volution tunisienne, dix jours qui \u00e9branl\u00e8rent le monde arabe\u2019\u2019.<\/font><\/span><\/p>\n<p align=\"justify\"><span lang=\"EN-US\"><font face=\"Arial\">Journaliste habitu\u00e9 \u00e0 sillonner le monde pour de grands reportages, Olivier Piot a appris, le 4 janvier dernier, la mort de Mohamed Bou\u00e2zizi dont l\u2019immolation par le feu, le 17 d\u00e9cembre 2010, lui a fait penser que quelque chose \u00e9tait en train de bouger en Tunisie. Il d\u00e9barqua dans le pays le 6 janvier pour appr\u00e9cier de pr\u00e8s ce qui lui semblait n\u2019\u00eatre que des balbutiements, mais il dut, \u00e0 son avantage, vivre ces Dix jours qui allaient pr\u00e9cipiter la chute de l\u2019ex-pr\u00e9sident tunisien.<\/font><\/span><\/p>\n<p align=\"justify\"><span lang=\"EN-US\"><font face=\"Arial\">Ecrit dans le genre de chroniques quotidiennes, son ouvrage passe en revue, jour apr\u00e8s jour, cette escalade de la col\u00e8re qui grondait un peu partout en Tunisie, et particuli\u00e8rement \u00e0 Sidi Bouzid.<\/font><\/span><\/p>\n<p align=\"justify\"><span lang=\"EN-US\"><font face=\"Arial\">Cette r\u00e9volution tunisienne, qu\u2019il a qualifi\u00e9e de \u2018\u2018coup de tonnerre dans un ciel serein\u2019\u2019, a, selon lui, jou\u00e9 un r\u00f4le de toute importance dans le monde arabe, dans la mesure o\u00f9 elle a fait rejaillir tout un mouvement d\u2019indignation et de r\u00e9volte qui a fini par pr\u00e9cipiter \u00e9galement la chute du Ra\u00efs \u00e9gyptien.<\/font><\/span><\/p>\n<p align=\"justify\"><span lang=\"EN-US\"><font face=\"Arial\">M. Piot \u00e9tait donc venu en Tunisie pour appr\u00e9cier cette \u2018\u2018prise de parole dont les Tunisiens \u00e9taient frustr\u00e9s jusque-l\u00e0\u2019\u2019 sous le joug de la r\u00e9pression d\u2019un r\u00e9gime totalitaire. Aussi, a-t-il assist\u00e9 \u00e0 certaines manifestations et glan\u00e9 de nombreux t\u00e9moignages lui ayant servi pour la r\u00e9daction de ses \u2018\u2018chroniques tunisiennes\u2019\u2019.<\/font><\/span><\/p>\n<p align=\"justify\"><span lang=\"EN-US\"><font face=\"Arial\">Mais la malchance a voulu que M. Piot regagne Paris le soir du 13 janvier : \u00abJ\u2019ai \u00e9cout\u00e9 ce 3\u00e8me discours du pr\u00e9sident d\u00e9chu, mais personne, jusque-l\u00e0, n\u2019\u00e9tait encore capable d\u2019imaginer que Ben Ali abdiquerait et quitterait le territoire tunisien d\u00e8s le lendemain en fin d\u2019apr\u00e8s-midi. Quelques chefs de partis d\u2019opposition me disaient, au contraire, qu\u2019une page allait \u00eatre tourn\u00e9e pour permettre enfin au pays de s\u2019ouvrir sur une d\u00e9mocratie de fait. Dans la salle de r\u00e9daction du journal Le Monde, je disais \u00e0 mes coll\u00e8gues, ce matin du 14 janvier, que Ben Ali quitterait \u00e0 coup s\u00fbr le pouvoir dans les jours, les semaines ou les mois \u00e0 venir, mais j\u2019\u00e9tais loin d\u2019imaginer que son d\u00e9part allait avoir lieu le jour m\u00eame. Je crois que tout le monde \u00e9tait pris de court\u00bb.<\/font><\/span><\/p>\n<p align=\"justify\"><span lang=\"EN-US\"><font face=\"Arial\">N\u00e9anmoins, M. Piot a eu la chance de vivre ces Dix jours qui \u00e9branl\u00e8rent (d\u2019abord la Tunisie, ensuite) le monde arabe.<\/font><\/span><\/p>\n<p align=\"justify\"><span lang=\"EN-US\"><font face=\"Arial\">Nous reviendrons bien \u00e9videmment sur la teneur du livre. .<\/font><\/span><\/p>\n<p align=\"justify\"><span lang=\"EN-US\"><font face=\"Arial\">Source: \u201dwmc\u201d Le 05-04-2011<\/font><\/span><\/p>\n<div>\n<p align=\"justify\"><font face=\"Arial\"><span lang=\"NO-BOK\"><font>Lien: <\/font><\/span><span lang=\"EN-US\"><a href=\"http:\/\/www.webmanagercenter.com\/management\/article-104185-la-revolution-tunisienne-vue-par-le-monde\" target=\"_blank\" rel=\"noopener\"><span lang=\"NO-BOK\"><font>http:\/\/www.webmanagercenter.com\/management\/article-104185-la-revolution-tunisienne-vue-par-le-monde<\/font><\/span><\/a><\/span><\/font><\/p>\n<\/div>\n<p align=\"center\"><b><span lang=\"EN-US\"><\/p>\n<h4 style=\"color: blue;\"><font face=\"Arial\">Tunisie\/Sihem Ben S\u00e9drine : \u00ab\u00a0Nous avons une liste des criminels acquitt\u00e9s\u00a0\u00bb<\/font><\/h4>\n<p> <\/span><\/b><\/p>\n<hr\/>\n<p>\u00a0<\/p>\n<p align=\"justify\"><strong><span lang=\"EN-US\"><font face=\"Arial\">R\u00e9sistante de longue date, et farouche opposante au r\u00e9gime de Ben Ali, Sihem Ben S\u00e9drine pr\u00e9vient contre la pr\u00e9sence forces contre-r\u00e9volutionnaires, avec une justice et des m\u00e9dias aux ordres, et une police qui continue \u00e0 s\u00e9vir. Forte de sa double vocation de journaliste et de militante des droits de l\u2019homme, cette ancienne dissidente continue \u00e0 se battre sur ces deux fronts : le premier de Radio Kalima qui peine \u00e0 obtenir une licence FM, et le second du CNLT qu\u2019elle pr\u00e9sente comme un observatoire vigilant pour garantir le respect des droits du citoyen. Ses relations avec le gouvernement, dont elle juge la politique de moins en moins claire, ne sont pas toujours au beau fixe. Notre interlocutrice ne m\u00e2che pas ses mots : \u00ab\u00a0le ministre de la justice est incomp\u00e9tent, les criminels sont en train d\u2019\u00eatre lib\u00e9r\u00e9s, et les juges corrompus de Ben Ali et de Le\u00efla sont en train d\u2019agir en toute libert\u00e9\u00a0\u00bb. Sa grande consolation : \u00ab\u00a0ces jeunes qui continuent \u00e0 se mobiliser et qui sont les vrais gardiens de la r\u00e9volution\u00a0\u00bb. Interview.<\/font><\/span><\/strong><font><span lang=\"EN-US\"> <b> <strong><span><font face=\"Arial\">Vous \u00eates \u00e0 l\u2019origine journaliste, comment avez-vous bascul\u00e9 dans le militantisme politique et de d\u00e9fense des droits de l\u2019Homme ?<\/font><\/span><\/strong><\/b> <\/span><font face=\"Arial\"><span lang=\"NO-BOK\">Je n\u2019ai pas bascul\u00e9 dans la d\u00e9fense des droits de l\u2019Homme. J\u2019\u00e9tais journaliste et d\u00e9fenseure des droits des humains en m\u00eame temps, depuis que j\u2019\u00e9tais \u00e9tudiante \u00e0 l\u2019\u00e9tranger. En 1977, avant m\u00eame la cr\u00e9ation de la LTDH, nous avons commenc\u00e9 \u00e0 militer dans des comit\u00e9s pour les libert\u00e9s individuelles et politiques des personnes. En 1979, j\u2019ai adh\u00e9r\u00e9 \u00e0 la Ligue, en 1985, j\u2019\u00e9tais \u00e9lue au bureau directeur et je suis rest\u00e9e dirigeante de la LTDH, jusqu\u2019\u00e0 ce que Ben Ali l\u2019ait dissous en 1992. En 1979, Abdejelil Behi a obtenu une licence et a lanc\u00e9 le Phare, et en 1980, j\u2019ai rejoint l\u2019\u00e9quipe et on a commenc\u00e9 une tr\u00e8s belle exp\u00e9rience d\u2019une presse ind\u00e9pendante, \u00e0 c\u00f4t\u00e9 de Ra\u00ef et bien d\u2019autres journaux.   <\/span><strong><span lang=\"EN-US\">Pensez-vous avoir directement contribu\u00e9 pour que le 14 Janvier soit possible ?<\/span><\/strong><\/font><span lang=\"EN-US\"> <font face=\"Arial\">Ce serait arrogant de ma part de dire que j\u2019y ai directement contribu\u00e9. Mais, la r\u00e9sistance \u00e0 Ben Ali a commenc\u00e9 bien avant le 14 janvier, avec toutes les forces vives de la Tunisie, les opposants, les dissidents et les d\u00e9fenseurs des droits de l\u2019Homme, qui ont \u00e9t\u00e9 d\u00e9sign\u00e9s de traitres. Je fais partie, bien s\u00fbr, de cette r\u00e9sistance \u00e0 Ben Ali, qui a fait \u00e0 ce qu\u2019une insurrection soit possible, et ce sont des insurrections qui ont balis\u00e9 le terrain \u00e0 la r\u00e9volution du 14 Janvier, dont l\u2019intifadha du bassin minier de Gafsa\u2026 En ce qui concerne Radio kalima, elle \u00e9tait pr\u00e9sente d\u00e8s le 18 d\u00e9cembre 2010 depuis le d\u00e9but des protestations, qui faisaient t\u00e2che d\u2019huile tout d\u2019abord \u00e0 Sidi Bouzid, puis dans d\u2019autres r\u00e9gions \u00e0 l\u2019instar de Regueb, Meknassi, Kasserine, etc. <\/font><\/span><span lang=\"NO-BOK\"><font face=\"Arial\">Kalima \u00e9t\u00e9 pr\u00e9sente dans toutes les villes et nos reporters \u00e9taient en premi\u00e8re ligne pour couvrir ce qui se passait en temps r\u00e9el. Bien qu\u2019ils aient \u00e9t\u00e9 agress\u00e9s, violent\u00e9s, l\u2019un d\u2019eux Mebrass Hdhili a \u00e9t\u00e9 battu \u00e0 mort. Les fichiers et les vid\u00e9os de Kalima ont circul\u00e9 sur Internet et ont \u00e9t\u00e9 partag\u00e9s sur Facebook. Moi-m\u00eame, on me passait des num\u00e9ros, et je faisais des interviews, car nos reporters \u00e9taient la cible d\u2019attaques et ne pouvaient pas se d\u00e9voiler.   <strong><span>Vous \u00e9tiez \u00e0 cette date \u00e0 l\u2019\u00e9tranger, pourquoi avez-vous d\u00e9cid\u00e9 de rentrer le 14 Janvier, avez-vous senti que c\u2019\u00e9tait la fin ?<\/span><\/strong> <\/font><\/span><\/font><span lang=\"EN-US\"><font><font face=\"Arial\">Avant le discours du 13 janvier, j\u2019\u00e9tais persuad\u00e9e qu\u2019on \u00e9tait d\u00e9j\u00e0 dans l\u2019apr\u00e8s Ben Ali. Mais, ce qui m\u2019inqui\u00e9tait, c\u2019est qu\u2019aucune force politique, aucune opposition n\u2019\u00e9tait en posture de l\u2019h\u00e9riter. J\u2019avais peur qu\u2019il soit remplac\u00e9 par une r\u00e9volution de l\u2019int\u00e9rieur du palais. Le 13 janvier, nous avons organis\u00e9 une manifestation devant le si\u00e8ge du gouvernement de Barcelone. Le soir, apr\u00e8s le discours de Ben Ali, \u00ab\u00a0je vous ai compris\u00a0\u00bb, nous avons constat\u00e9 que certains \u00e9taient pr\u00eats \u00e0 accepter \u00e0 ce qu\u2019il se rach\u00e8te. Lorsque je suis intervenue sur al-jazeera, j\u2019ai affirm\u00e9 que le peuple tunisien a vomi Ben Ali et son r\u00e9gime bas\u00e9 sur le crime organis\u00e9 et le massacre des Tunisiens, et je lui ai dit Partez, partez, et partez. Le soir, m\u00eame, nous avons d\u00e9cid\u00e9 avec mon mari, Omar Mestiri, de rentrer, et on savait qu\u2019on allait \u00eatre arr\u00eat\u00e9s, mais on s\u2019est dit tant pis, nos vies ne sont pas plus ch\u00e8res que celles des Tunisiens. Et heureusement pour nous, nous sommes venus et nous n\u2019avons pas \u00e9t\u00e9 arr\u00eat\u00e9s parce que ce jour l\u00e0, ils avaient d\u2019autres chats \u00e0 fouetter. Le d\u00e9part de Ben Ali \u00e9tait le plus beau cadeau que je n\u2019ai jamais re\u00e7u de ma vie.  <\/font><b> <strong><span><font face=\"Arial\">Pour revenir \u00e0 Kalima, ce lundi, vous avez organis\u00e9 un rassemblement devant le si\u00e8ge du Premier minist\u00e8re pour r\u00e9clamer une licence Fm pour votre radio\u2026<\/font><\/span><\/strong><\/b> <\/font><font face=\"Arial\">Nous avons demand\u00e9 une r\u00e9paration de pr\u00e9judice. La Radio Kalima a \u00e9t\u00e9 cr\u00e9\u00e9e en 2008. En janvier 2009, nous avons commenc\u00e9 la diffusion sur satellite. Depuis, nos locaux \u00e9taient assi\u00e9g\u00e9s et nos journalistes poursuivis. Le 30 janvier 2010, notre si\u00e8ge \u00e9tait la cible d\u2019un raid, on a saisi nos \u00e9quipements, mis nos locaux sous scell\u00e9s, intent\u00e9 des poursuites judiciaires contre nos journalistes\u2026nous avons d\u00e9localis\u00e9 tout ce qui est technique, en affrontant toutes les formes de pers\u00e9cution, agression verbale et physique. Malgr\u00e9 cela, nos journalistes ont continu\u00e9 \u00e0 travailler, car ce sont de vrais r\u00e9sistants des m\u00e9dias. Ils ont pay\u00e9 tr\u00e8s cher de leur int\u00e9grit\u00e9 physique leur combat pour la libert\u00e9 de la presse, et ils ont le droit aujourd\u2019hui d\u2019\u00eatre reconnus dans leur droit de journaliste, et de diffuser en FM.   <strong><span>Pour quelles raisons, ils vous ont refus\u00e9 la licence ?<\/span><\/strong> Ils ont trouv\u00e9 tous les pr\u00e9textes ; le minist\u00e8re de la Communication \u00e9tant dissous, c\u2019est lui qui accordait les licences, et ils ne savent pas quelle administration va le faire. Nos avocats leur ont dit que si le minist\u00e8re est dissous, ce droit revient d\u2019office au Premier minist\u00e8re. Nous leur avons envoy\u00e9 une convention que nous avons nettoy\u00e9e et r\u00e9\u00e9crite pour qu\u2019elle soit respectable (parce que dans les anciennes conventions, il y a des clauses stipulant notamment l\u2019obligation de diffuser les discours de Ben Ali&#8230;). On nous a r\u00e9pondu qu\u2019il y a cent demandes qui attendent, et si on va vous accorder une licence \u00e0 vous, il faut l\u2019accorder \u00e0 tout le monde. Notre r\u00e9ponse \u00e9tait que notre radio existe depuis longtemps, et c\u2019est une reconnaissance de notre droit que d\u2019avoir la licence. Nous avons \u00e9t\u00e9 aujourd\u2019hui re\u00e7us par le secr\u00e9taire d\u2019Etat Ridha Belhaj, et jeudi, nous serons re\u00e7us par le Premier ministre, j\u2019esp\u00e8re qu\u2019il va nous donner une r\u00e9ponse. \u00a0<\/font><\/span><\/p>\n<p align=\"justify\"><strong><span lang=\"EN-US\"><font face=\"Arial\">R\u00e9sistante de longue date, et farouche opposante au r\u00e9gime de Ben Ali, Sihem Ben S\u00e9drine pr\u00e9vient contre la pr\u00e9sence forces contre-r\u00e9volutionnaires, avec une justice et des m\u00e9dias aux ordres, et une police qui continue \u00e0 s\u00e9vir. Forte de sa double vocation de journaliste et de militante des droits de l\u2019homme, cette ancienne dissidente continue \u00e0 se battre sur ces deux fronts : le premier de Radio Kalima qui peine \u00e0 obtenir une licence FM, et le second du CNLT qu\u2019elle pr\u00e9sente comme un observatoire vigilant pour garantir le respect des droits du citoyen. Ses relations avec le gouvernement, dont elle juge la politique de moins en moins claire, ne sont pas toujours au beau fixe. Notre interlocutrice ne m\u00e2che pas ses mots : \u00ab\u00a0le ministre de la justice est incomp\u00e9tent, les criminels sont en train d\u2019\u00eatre lib\u00e9r\u00e9s, et les juges corrompus de Ben Ali et de Le\u00efla sont en train d\u2019agir en toute libert\u00e9\u00a0\u00bb. Sa grande consolation : \u00ab\u00a0ces jeunes qui continuent \u00e0 se mobiliser et qui sont les vrais gardiens de la r\u00e9volution\u00a0\u00bb. Interview.<\/font><\/span><\/strong><font><span lang=\"EN-US\"> <b> <strong><span><font face=\"Arial\">Vous \u00eates \u00e0 l\u2019origine journaliste, comment avez-vous bascul\u00e9 dans le militantisme politique et de d\u00e9fense des droits de l\u2019Homme ?<\/font><\/span><\/strong><\/b> <\/span><font face=\"Arial\"><span lang=\"NO-BOK\">Je n\u2019ai pas bascul\u00e9 dans la d\u00e9fense des droits de l\u2019Homme. J\u2019\u00e9tais journaliste et d\u00e9fenseure des droits des humains en m\u00eame temps, depuis que j\u2019\u00e9tais \u00e9tudiante \u00e0 l\u2019\u00e9tranger. En 1977, avant m\u00eame la cr\u00e9ation de la LTDH, nous avons commenc\u00e9 \u00e0 militer dans des comit\u00e9s pour les libert\u00e9s individuelles et politiques des personnes. En 1979, j\u2019ai adh\u00e9r\u00e9 \u00e0 la Ligue, en 1985, j\u2019\u00e9tais \u00e9lue au bureau directeur et je suis rest\u00e9e dirigeante de la LTDH, jusqu\u2019\u00e0 ce que Ben Ali l\u2019ait dissous en 1992. En 1979, Abdejelil Behi a obtenu une licence et a lanc\u00e9 le Phare, et en 1980, j\u2019ai rejoint l\u2019\u00e9quipe et on a commenc\u00e9 une tr\u00e8s belle exp\u00e9rience d\u2019une presse ind\u00e9pendante, \u00e0 c\u00f4t\u00e9 de Ra\u00ef et bien d\u2019autres journaux.   <\/span><strong><span lang=\"EN-US\">Pensez-vous avoir directement contribu\u00e9 pour que le 14 Janvier soit possible ?<\/span><\/strong><\/font><span lang=\"EN-US\"> <font face=\"Arial\">Ce serait arrogant de ma part de dire que j\u2019y ai directement contribu\u00e9. Mais, la r\u00e9sistance \u00e0 Ben Ali a commenc\u00e9 bien avant le 14 janvier, avec toutes les forces vives de la Tunisie, les opposants, les dissidents et les d\u00e9fenseurs des droits de l\u2019Homme, qui ont \u00e9t\u00e9 d\u00e9sign\u00e9s de traitres. Je fais partie, bien s\u00fbr, de cette r\u00e9sistance \u00e0 Ben Ali, qui a fait \u00e0 ce qu\u2019une insurrection soit possible, et ce sont des insurrections qui ont balis\u00e9 le terrain \u00e0 la r\u00e9volution du 14 Janvier, dont l\u2019intifadha du bassin minier de Gafsa\u2026 En ce qui concerne Radio kalima, elle \u00e9tait pr\u00e9sente d\u00e8s le 18 d\u00e9cembre 2010 depuis le d\u00e9but des protestations, qui faisaient t\u00e2che d\u2019huile tout d\u2019abord \u00e0 Sidi Bouzid, puis dans d\u2019autres r\u00e9gions \u00e0 l\u2019instar de Regueb, Meknassi, Kasserine, etc. <\/font><\/span><span lang=\"NO-BOK\"><font face=\"Arial\">Kalima \u00e9t\u00e9 pr\u00e9sente dans toutes les villes et nos reporters \u00e9taient en premi\u00e8re ligne pour couvrir ce qui se passait en temps r\u00e9el. Bien qu\u2019ils aient \u00e9t\u00e9 agress\u00e9s, violent\u00e9s, l\u2019un d\u2019eux Mebrass Hdhili a \u00e9t\u00e9 battu \u00e0 mort. Les fichiers et les vid\u00e9os de Kalima ont circul\u00e9 sur Internet et ont \u00e9t\u00e9 partag\u00e9s sur Facebook. Moi-m\u00eame, on me passait des num\u00e9ros, et je faisais des interviews, car nos reporters \u00e9taient la cible d\u2019attaques et ne pouvaient pas se d\u00e9voiler.   <strong><span>Vous \u00e9tiez \u00e0 cette date \u00e0 l\u2019\u00e9tranger, pourquoi avez-vous d\u00e9cid\u00e9 de rentrer le 14 Janvier, avez-vous senti que c\u2019\u00e9tait la fin ?<\/span><\/strong> <\/font><\/span><\/font><span lang=\"EN-US\"><font><font face=\"Arial\">Avant le discours du 13 janvier, j\u2019\u00e9tais persuad\u00e9e qu\u2019on \u00e9tait d\u00e9j\u00e0 dans l\u2019apr\u00e8s Ben Ali. Mais, ce qui m\u2019inqui\u00e9tait, c\u2019est qu\u2019aucune force politique, aucune opposition n\u2019\u00e9tait en posture de l\u2019h\u00e9riter. J\u2019avais peur qu\u2019il soit remplac\u00e9 par une r\u00e9volution de l\u2019int\u00e9rieur du palais. Le 13 janvier, nous avons organis\u00e9 une manifestation devant le si\u00e8ge du gouvernement de Barcelone. Le soir, apr\u00e8s le discours de Ben Ali, \u00ab\u00a0je vous ai compris\u00a0\u00bb, nous avons constat\u00e9 que certains \u00e9taient pr\u00eats \u00e0 accepter \u00e0 ce qu\u2019il se rach\u00e8te. Lorsque je suis intervenue sur al-jazeera, j\u2019ai affirm\u00e9 que le peuple tunisien a vomi Ben Ali et son r\u00e9gime bas\u00e9 sur le crime organis\u00e9 et le massacre des Tunisiens, et je lui ai dit Partez, partez, et partez. Le soir, m\u00eame, nous avons d\u00e9cid\u00e9 avec mon mari, Omar Mestiri, de rentrer, et on savait qu\u2019on allait \u00eatre arr\u00eat\u00e9s, mais on s\u2019est dit tant pis, nos vies ne sont pas plus ch\u00e8res que celles des Tunisiens. Et heureusement pour nous, nous sommes venus et nous n\u2019avons pas \u00e9t\u00e9 arr\u00eat\u00e9s parce que ce jour l\u00e0, ils avaient d\u2019autres chats \u00e0 fouetter. Le d\u00e9part de Ben Ali \u00e9tait le plus beau cadeau que je n\u2019ai jamais re\u00e7u de ma vie.  <\/font><b> <strong><span><font face=\"Arial\">Pour revenir \u00e0 Kalima, ce lundi, vous avez organis\u00e9 un rassemblement devant le si\u00e8ge du Premier minist\u00e8re pour r\u00e9clamer une licence Fm pour votre radio\u2026<\/font><\/span><\/strong><\/b> <\/font><font face=\"Arial\">Nous avons demand\u00e9 une r\u00e9paration de pr\u00e9judice. La Radio Kalima a \u00e9t\u00e9 cr\u00e9\u00e9e en 2008. En janvier 2009, nous avons commenc\u00e9 la diffusion sur satellite. Depuis, nos locaux \u00e9taient assi\u00e9g\u00e9s et nos journalistes poursuivis. Le 30 janvier 2010, notre si\u00e8ge \u00e9tait la cible d\u2019un raid, on a saisi nos \u00e9quipements, mis nos locaux sous scell\u00e9s, intent\u00e9 des poursuites judiciaires contre nos journalistes\u2026nous avons d\u00e9localis\u00e9 tout ce qui est technique, en affrontant toutes les formes de pers\u00e9cution, agression verbale et physique. Malgr\u00e9 cela, nos journalistes ont continu\u00e9 \u00e0 travailler, car ce sont de vrais r\u00e9sistants des m\u00e9dias. Ils ont pay\u00e9 tr\u00e8s cher de leur int\u00e9grit\u00e9 physique leur combat pour la libert\u00e9 de la presse, et ils ont le droit aujourd\u2019hui d\u2019\u00eatre reconnus dans leur droit de journaliste, et de diffuser en FM.   <strong><span>Pour quelles raisons, ils vous ont refus\u00e9 la licence ?<\/span><\/strong> Ils ont trouv\u00e9 tous les pr\u00e9textes ; le minist\u00e8re de la Communication \u00e9tant dissous, c\u2019est lui qui accordait les licences, et ils ne savent pas quelle administration va le faire. Nos avocats leur ont dit que si le minist\u00e8re est dissous, ce droit revient d\u2019office au Premier minist\u00e8re. Nous leur avons envoy\u00e9 une convention que nous avons nettoy\u00e9e et r\u00e9\u00e9crite pour qu\u2019elle soit respectable (parce que dans les anciennes conventions, il y a des clauses stipulant notamment l\u2019obligation de diffuser les discours de Ben Ali&#8230;). On nous a r\u00e9pondu qu\u2019il y a cent demandes qui attendent, et si on va vous accorder une licence \u00e0 vous, il faut l\u2019accorder \u00e0 tout le monde. Notre r\u00e9ponse \u00e9tait que notre radio existe depuis longtemps, et c\u2019est une reconnaissance de notre droit que d\u2019avoir la licence. Nous avons \u00e9t\u00e9 aujourd\u2019hui re\u00e7us par le secr\u00e9taire d\u2019Etat Ridha Belhaj, et jeudi, nous serons re\u00e7us par le Premier ministre, j\u2019esp\u00e8re qu\u2019il va nous donner une r\u00e9ponse. \u00a0<\/font><\/span><\/p>\n<p align=\"justify\"><span lang=\"EN-US\"><font face=\"Arial\">Source: \u201cGlobal Net\u201d Le 05-04-2011<\/font><\/span><\/p>\n<div>\n<p align=\"justify\"><span lang=\"NO-BOK\"><font face=\"Arial\">Lien: <\/font><a href=\"http:\/\/www.gnet.tn\/temps-fort\/tunisie\/sihem-ben-sedrine-nous-avons-une-liste-des-criminels-acquittes\/id-menu-325.html\" target=\"_blank\" rel=\"noopener\"><font face=\"Arial\">http:\/\/www.gnet.tn\/temps-fort\/tunisie\/sihem-ben-sedrine-nous-avons-une-liste-des-criminels-acquittes\/id-menu-325.html<\/font><\/a><\/span><\/p>\n<\/div>\n<h4 align=\"center\" style=\"color: blue;\"><span lang=\"FR\"><\/p>\n<h4 style=\"color: blue;\"><font face=\"Arial\">Tunisie : les femmes dans le bain<\/font><\/h4>\n<p><\/span><\/h4>\n<h4 align=\"center\" style=\"color: blue;\"><span lang=\"FR\"><\/p>\n<h4 style=\"color: blue;\"><font face=\"Arial\">Deux mois apr\u00e8s la R\u00e9volution du jasmin, l\u2019euphorie des Tunisiennes fait place aux questions<\/font><\/h4>\n<p><\/span><\/h4>\n<hr\/>\n<p align=\"justify\"><span lang=\"FR\"><font face=\"Arial\">Depuis deux mois, Asmaa, 23 ans, attend impatiemment de convoler avec son fianc\u00e9. Oui mais voil\u00e0, le 14 janvier dernier, au lieu d\u2019enfiler son alliance, l\u2019\u00e9tudiante est all\u00e9e manifester contre le dictateur Zinedine Ben Ali, avenue Habib-Bourguiba, avec toute la jeunesse tunisienne. Un despote d\u00e9chu et une r\u00e9volution plus tard, Asmaa ne regrette pas son mariage report\u00e9. \u00ab Je suis encigaore plus heureuse ! \u00bb confie la jeune femme, qui sera l\u2019une des toutes premi\u00e8res mari\u00e9es de la Tunisie libre. Mais sous son chatoyant safsari (voile traditionnel), elle n\u2019a pas le temps d\u2019y songer. Une nu\u00e9e de tantes, cousines et amies survolt\u00e9es, aux bras charg\u00e9s de sodas et de g\u00e2teaux aux amandes, l\u2019emporte sous la porte mauresque du hammam, premi\u00e8re \u00e9tape de noces pr\u00e9vues sur toute une semaine. Clin d\u2019\u0153il du destin : le hammam Yasmine (\u00ab jasmin \u00bb en arabe) qu\u2019a choisi Asmaa porte le m\u00eame nom que la r\u00e9volution. Aussi \u00e9merveill\u00e9e qu\u2019Asmaa, la Tunisie c\u00e9l\u00e8bre elle aussi ses noces rebelles avec la d\u00e9mocratie. Le pays ne revient toujours pas de son audace d\u2019avoir brav\u00e9 la dictature et d\u00e9clench\u00e9 le d\u00e9sormais historique printemps arabe, une vague de soul\u00e8vements sans pr\u00e9c\u00e9dent des jeunesses assoiff\u00e9es de libert\u00e9 du Maghreb et du Moyen-Orient. \u00c0 Tunis, partout fleurissent des places Mohamed-Bouazizi, du nom de ce vendeur ambulant de Sidi Bouzid harcel\u00e9 par la police, qui s\u2019est immol\u00e9 par le feu le 17 d\u00e9cembre dernier, d\u00e9clenchant par son geste d\u00e9sesp\u00e9r\u00e9 l\u2019insurrection tunisienne. Apr\u00e8s deux mois tumultueux et incertains, qui ont vu tomber deux gouvernements provisoires et na\u00eetre une soixantaine de partis politiques, malgr\u00e9 les barbel\u00e9s, les soldats arm\u00e9s et les chars toujours stationn\u00e9s au centre-ville, les Tunisiens savourent la victoire \u00e0 leur mani\u00e8re, avec leur h\u00e9donisme coutumier.<\/font><\/span><\/p>\n<p align=\"justify\"><span lang=\"FR\"><font face=\"Arial\">Source\u00a0: \u00ab\u00a0Le Figaro\u00a0\u00bb Le 05-04-2011<\/font><\/span><\/p>\n<div>\n<p align=\"justify\"><span lang=\"FR\"><font face=\"Arial\">Lien\u00a0: <\/font><a href=\"http:\/\/madame.lefigaro.fr\/societe\/tunisie-femmes-dans-bain-050411-147809\" target=\"_blank\" rel=\"noopener\"><font face=\"Arial\">http:\/\/madame.lefigaro.fr\/societe\/tunisie-femmes-dans-bain-050411-147809<\/font><\/a><\/span><\/p>\n<\/div>\n<table border=\"0\" cellpadding=\"0\" cellspacing=\"0\" width=\"100%\">\n<tr>\n<td>\n<h4 align=\"center\" style=\"color: blue;\"><span lang=\"EN-US\"><\/p>\n<h4 style=\"color: blue;\"><font face=\"Arial\">Dipl\u00f4m\u00e9s sans emploi<\/font><\/h4>\n<p><\/span><\/h4>\n<p align=\"center\"><b><span lang=\"EN-US\"><\/p>\n<h4 style=\"color: blue;\"><font face=\"Arial\">Toute une g\u00e9n\u00e9ration brad\u00e9e \u00e0 coups de leurres<\/font><\/h4>\n<p> <\/span><\/b><\/p>\n<hr\/>\n<p>\u00a0<\/p>\n<table border=\"0\" cellpadding=\"0\" cellspacing=\"0\" width=\"100%\">\n<tr>\n<td>\n<p align=\"justify\"><font face=\"Arial\"><b><span lang=\"EN-US\"><font>Taux de r\u00e9ussite \u00abtruqu\u00e9s\u00bb; un r\u00e9gime LMD qui fausse tout\u2026 C\u2019est cela le \u00absens de l\u2019excellence\u00bb dans le R\u00e9gime Ben Ali &#8211;<\/font><\/span><\/b><span lang=\"EN-US\"><font> La majorit\u00e9 des dipl\u00f4m\u00e9s de notre universit\u00e9, rest\u00e9s jusqu\u2018aujourd\u2019hui sans emploi, fait partie de la g\u00e9n\u00e9ration que le r\u00e9gime de Ben Ali a indirectement corrompue\u00a0et flouait: durant plusieurs sessions, en effet, le taux de r\u00e9ussite-tr\u00e8s flatteur- au baccalaur\u00e9at ne refl\u00e9tait gu\u00e8re le niveau r\u00e9el des candidats.<\/font><\/span><\/font><\/p>\n<\/td>\n<\/tr>\n<tr>\n<td>\n<p align=\"justify\"><span lang=\"EN-US\"><font face=\"Arial\">\u00a0Le \u00ab\u00a0bonus\u00a0\u00bb des 25% comptabilis\u00e9 dans la moyenne de l\u2019\u00e9tudiant donnait un bon coup de pouce \u00e0 ce dernier \u00e0 tel point, raconte-t-on parmi les professeurs du secondaire, que dans le cas de certains bons bacheliers, cette moyenne exc\u00e9dait les 20 sur 20 maximales. Il faut remarquer par ailleurs que ces \u00e9l\u00e8ves \u00e9taient, depuis le primaire d\u00e9j\u00e0, sur\u00e9valu\u00e9s. Tout le syst\u00e8me faisait donc en sorte que les r\u00e9sultats obtenus cachaient bien des d\u00e9faillances chez nos jeunes scolaris\u00e9s notamment dans les \u00e9tablissements publics. Au Sup\u00e9rieur, le maquillage se poursuivait de diverses mani\u00e8res\u00a0: les nombreux petits instituts cr\u00e9\u00e9s depuis la fin des ann\u00e9es 1980 \u00ab\u00a0truquaient\u00a0\u00bb de la mani\u00e8re la plus r\u00e9glementaire les r\u00e9sultats semestriels et annuels de leurs \u00e9tudiants. Cela donna tr\u00e8s souvent des taux de r\u00e9ussite ahurissants qui ne descendaient presque jamais en dessous de 80 %. <\/font><\/span><\/p>\n<p align=\"justify\"><b><span lang=\"EN-US\"><font face=\"Arial\">Bradage criminel<\/font><\/span><\/b><\/p>\n<p align=\"justify\"><span lang=\"EN-US\"><font face=\"Arial\">Les directeurs de ces \u00e9tablissements et certains chefs de d\u00e9partements incitaient les enseignants (dont beaucoup s\u2019ex\u00e9cutaient quasi syst\u00e9matiquement) \u00e0 noter g\u00e9n\u00e9reusement les copies. Les \u00e9preuves donnaient lieu \u00e0 moins de difficult\u00e9s que d\u2019ordinaire et les correcteurs montraient une indulgence inhabituelle face aux maladresses et aux mauvaises r\u00e9ponses. La surveillance aux examens devenait plut\u00f4t l\u00e2che et dans certains instituts \u00ab\u00a0sup\u00e9rieurs\u00a0\u00bb on la confiait \u00e0 des fonctionnaires de l\u2019administration, voire \u00e0 des ouvriers de l\u2019\u00e9tablissement. Aux d\u00e9lib\u00e9rations, on se mit \u00e0 accorder le rachat avec un peu trop de bienveillance. Certains professeurs d\u00e9fendaient ardemment des candidats qui ne faisaient pas partie de leurs classes. L\u2019enseignant qui surveillait ou notait convenablement \u00e9tait tax\u00e9 d\u2019intransigeant, on le d\u00e9chargeait parfois des s\u00e9ances de surveillance ou alors on le d\u00e9signait pour des mati\u00e8res o\u00f9 le risque de copiage \u00e9tait nul ou extr\u00eamement faible. Il arrivait aussi qu\u2019on lui rem\u00eet un volume r\u00e9duit de feuilles \u00e0 corriger. <\/font><\/span><\/p>\n<p align=\"justify\"><b><span lang=\"EN-US\"><font face=\"Arial\">LMD<\/font><\/span><\/b><\/p>\n<p align=\"justify\"><span lang=\"EN-US\"><font face=\"Arial\">Le r\u00e9gime LMD aggrava un peu plus la situation et offrit aux \u00e9tudiants davantage de chances de r\u00e9ussite. L\u2019application stricte de ce syst\u00e8me fait que dans le d\u00e9compte des notes, il arrive qu\u2019on n\u2019en retienne que les meilleures, et \u00e0 tout le moins que les moins basses. De plus, la multiplication des options et des enseignements non fondamentaux, o\u00f9 les \u00e9tudiants pouvaient obtenir d\u2019excellentes notes, a permis \u00e0 certains candidats de passer au niveau sup\u00e9rieur sans n\u00e9cessairement obtenir la moyenne dans les mati\u00e8res de base de leur fili\u00e8re\u00a0: par exemple, un \u00e9tudiant du d\u00e9partement de fran\u00e7ais a beau avoir largement moins de 10 \/20 en litt\u00e9rature, en langue et en civilisation fran\u00e7aises\u00a0; ses notes d\u2019anglais, d\u2019arabe, de culture de l\u2019entreprise et de droits de l\u2019homme peuvent le rep\u00eacher ais\u00e9ment. Tout ceci, sans compter la suppression dans les d\u00e9partements de langue des \u00e9preuves orales. D\u00e9j\u00e0, les \u00e9tudiants accusaient des lacunes parfois insurmontables en pratiquant la langue qu\u2019ils \u00e9tudiaient et voil\u00e0 que le r\u00e9gime LMD impose l\u2019abandon de cette \u00e9valuation primordiale. Certes, l\u2019examen oral donnait lieu, autrefois,\u00a0 \u00e0 certains abus inadmissibles; mais de l\u00e0 \u00e0 le supprimer dans les fili\u00e8res qui s\u2019en passent difficilement, ce fut une aberration encore plus condamnable. D\u2019ailleurs, les examinateurs du CAPES et les inspecteurs du secondaire sauront mieux que nous vous d\u00e9crire l\u2019oral lamentable de la plupart des candidats \u00e0 la profession d\u2019enseignant de langue.<\/font><\/span><\/p>\n<p align=\"justify\"><b><span lang=\"NO-BOK\"><font face=\"Arial\">Cessons de vendre les chim\u00e8res<\/font><\/span><\/b><\/p>\n<p align=\"justify\"><font face=\"Arial\"><span lang=\"NO-BOK\"><font>Nous devons \u00e9galement rappeler qu\u2019il fut un temps o\u00f9 le taux de r\u00e9ussite aux examens nationaux \u00e9tait li\u00e9 aux r\u00e9sultats des \u00e9lections pr\u00e9sidentielles\u00a0! Oui, il fallait \u00e0 Ben Ali remercier ses \u00ab\u00a0\u00e9lecteurs\u00a0\u00bb d\u2019une quelconque fa\u00e7on\u00a0; pourquoi pas par des r\u00e9sultats hors du commun en neuvi\u00e8me, au bac et \u00e0 l\u2019universit\u00e9. <\/font><\/span><span lang=\"EN-US\"><font>Il avait aussi besoin d\u2019\u00e9dulcorer le niveau de l\u2019enseignement sous son r\u00e8gne. Le bac, la licence et la ma\u00eetrise furent d\u00e8s lors des certificats plus accessibles que jamais. Mais, paradoxalement ces dipl\u00f4mes ne furent jamais aussi d\u00e9consid\u00e9r\u00e9s que sous Ben Ali. Le discr\u00e9dit atteignit m\u00eame le doctorat ces derni\u00e8res ann\u00e9es. On dit m\u00eame que sa \u00ab\u00a0coiffeuse\u00a0\u00bb d\u2019\u00e9pouse en pr\u00e9parait un avant de prendre la fuite\u00a0! Nous avons tous maintenant l\u2019obligation de relativiser les choses en parlant des dizaines de milliers de dipl\u00f4m\u00e9s du Sup\u00e9rieur rest\u00e9s au ch\u00f4mage. Mais en m\u00eame temps, la communaut\u00e9 nationale doit assumer sa responsabilit\u00e9 en leur cherchant des emplois \u00e0 la mesure de leurs certificats. D\u2019un autre c\u00f4t\u00e9, nous devons retenir une \u00e9ni\u00e8me le\u00e7on sur la n\u00e9cessit\u00e9 d\u2019une parfaite ad\u00e9quation entre la formation et l\u2019emploi, autrement dit entre l\u2019\u00e9cole et le march\u00e9 de l\u2019emploi. Il ne faut plus vendre d\u2019illusions aux g\u00e9n\u00e9rations futures. Et pour r\u00e9habiliter les dipl\u00f4mes sous nos cieux, commen\u00e7ons par une refonte totale de notre enseignement. <\/font><\/span><\/font><\/p>\n<p align=\"justify\">\u00a0<\/p>\n<\/td>\n<\/tr>\n<\/table>\n<p align=\"justify\"><span lang=\"EN-US\"><font face=\"Arial\">Source: \u201cLe Temps\u201d Le 05-04-2011<\/font><\/span><\/p>\n<div>\n<p align=\"justify\"><span lang=\"NO-BOK\"><font face=\"Arial\">Lien:<\/font><a href=\"http:\/\/www.letemps.com.tn\/article-54729.html\" target=\"_blank\" rel=\"noopener\"><font face=\"Arial\">http:\/\/www.letemps.com.tn\/article-54729.html<\/font><\/a><\/span><\/p>\n<\/div>\n<p align=\"justify\">\u00a0<\/p>\n<\/td>\n<\/tr>\n<tr>\n<td>\n<p align=\"justify\">\u00a0<\/p>\n<\/td>\n<\/tr>\n<\/table>\n<\/div>\n<p><\/body><\/body><\/html><\/p>","protected":false},"excerpt":{"rendered":"<p>TUNISNEWS 10 \u00e8me ann\u00e9e,\u00a0 N\u00b03969 du 05.04.2011 archives : www.tunisnews.net\u00a0 CIDT-Tunisie:La torture et les tortionnaires reviennent en force Infos FTCR en Tunisie Mourad Zitouni: Si Mohamed Sayah \u00ab ne laisse pas b\u00e9ton \u00bb Belgasem Dridi: l&rsquo;ecole chaarienne et non tunisienne de Doha\u00a0 REVUE DE PRESSE CENTRE\u00a0 D\u2019INFORMATION\u00a0 ET\u00a0 DE\u00a0 DOCUMENTATION\u00a0 SUR\u00a0 LA\u00a0 TORTURE CIDT-TUNISIE Association [&hellip;]<\/p>\n","protected":false},"author":1,"featured_media":22040,"comment_status":"open","ping_status":"open","sticky":false,"template":"","format":"standard","meta":{"inline_featured_image":false,"site-sidebar-layout":"default","site-content-layout":"","ast-site-content-layout":"default","site-content-style":"default","site-sidebar-style":"default","ast-global-header-display":"","ast-banner-title-visibility":"","ast-main-header-display":"","ast-hfb-above-header-display":"","ast-hfb-below-header-display":"","ast-hfb-mobile-header-display":"","site-post-title":"","ast-breadcrumbs-content":"","ast-featured-img":"","footer-sml-layout":"","ast-disable-related-posts":"","theme-transparent-header-meta":"","adv-header-id-meta":"","stick-header-meta":"","header-above-stick-meta":"","header-main-stick-meta":"","header-below-stick-meta":"","astra-migrate-meta-layouts":"default","ast-page-background-enabled":"default","ast-page-background-meta":{"desktop":{"background-color":"","background-image":"","background-repeat":"repeat","background-position":"center center","background-size":"auto","background-attachment":"scroll","background-type":"","background-media":"","overlay-type":"","overlay-color":"","overlay-opacity":"","overlay-gradient":""},"tablet":{"background-color":"","background-image":"","background-repeat":"repeat","background-position":"center center","background-size":"auto","background-attachment":"scroll","background-type":"","background-media":"","overlay-type":"","overlay-color":"","overlay-opacity":"","overlay-gradient":""},"mobile":{"background-color":"","background-image":"","background-repeat":"repeat","background-position":"center center","background-size":"auto","background-attachment":"scroll","background-type":"","background-media":"","overlay-type":"","overlay-color":"","overlay-opacity":"","overlay-gradient":""}},"ast-content-background-meta":{"desktop":{"background-color":"var(--ast-global-color-5)","background-image":"","background-repeat":"repeat","background-position":"center center","background-size":"auto","background-attachment":"scroll","background-type":"","background-media":"","overlay-type":"","overlay-color":"","overlay-opacity":"","overlay-gradient":""},"tablet":{"background-color":"var(--ast-global-color-5)","background-image":"","background-repeat":"repeat","background-position":"center center","background-size":"auto","background-attachment":"scroll","background-type":"","background-media":"","overlay-type":"","overlay-color":"","overlay-opacity":"","overlay-gradient":""},"mobile":{"background-color":"var(--ast-global-color-5)","background-image":"","background-repeat":"repeat","background-position":"center center","background-size":"auto","background-attachment":"scroll","background-type":"","background-media":"","overlay-type":"","overlay-color":"","overlay-opacity":"","overlay-gradient":""}},"footnotes":""},"categories":[],"tags":[56,42,29],"class_list":["post-16712","post","type-post","status-publish","format-standard","has-post-thumbnail","hentry","tag-56","tag-42","tag-fr"],"_links":{"self":[{"href":"https:\/\/tunisnews.net\/ar\/wp-json\/wp\/v2\/posts\/16712","targetHints":{"allow":["GET"]}}],"collection":[{"href":"https:\/\/tunisnews.net\/ar\/wp-json\/wp\/v2\/posts"}],"about":[{"href":"https:\/\/tunisnews.net\/ar\/wp-json\/wp\/v2\/types\/post"}],"author":[{"embeddable":true,"href":"https:\/\/tunisnews.net\/ar\/wp-json\/wp\/v2\/users\/1"}],"replies":[{"embeddable":true,"href":"https:\/\/tunisnews.net\/ar\/wp-json\/wp\/v2\/comments?post=16712"}],"version-history":[{"count":0,"href":"https:\/\/tunisnews.net\/ar\/wp-json\/wp\/v2\/posts\/16712\/revisions"}],"wp:featuredmedia":[{"embeddable":true,"href":"https:\/\/tunisnews.net\/ar\/wp-json\/wp\/v2\/media\/22040"}],"wp:attachment":[{"href":"https:\/\/tunisnews.net\/ar\/wp-json\/wp\/v2\/media?parent=16712"}],"wp:term":[{"taxonomy":"category","embeddable":true,"href":"https:\/\/tunisnews.net\/ar\/wp-json\/wp\/v2\/categories?post=16712"},{"taxonomy":"post_tag","embeddable":true,"href":"https:\/\/tunisnews.net\/ar\/wp-json\/wp\/v2\/tags?post=16712"}],"curies":[{"name":"wp","href":"https:\/\/api.w.org\/{rel}","templated":true}]}}