{"id":16687,"date":"2006-10-18T00:00:00","date_gmt":"2006-10-18T00:00:00","guid":{"rendered":"https:\/\/tunisnews.net\/18-octobre-2006\/"},"modified":"2006-10-18T00:00:00","modified_gmt":"2006-10-18T00:00:00","slug":"18-octobre-2006","status":"publish","type":"post","link":"https:\/\/tunisnews.net\/ar\/18-octobre-2006\/","title":{"rendered":"18 octobre 2006"},"content":{"rendered":"<p><html><head><meta content=\"text\/html\" description=\", \n    livr\u00e9 par le gouvernement bulgare le 30 ao\u00fbt 2006. Ce citoyen a \u00e9t\u00e9 \u00e9crou\u00e9 \n    en vertu d\u2019un jugement par d\u00e9faut le condamnant \u00e0 dix ans d\u2019emprisonnement \n    pour \u00ab s\u2019\u00eatre mis en temps de paix \u00e0 la disposition d\u2019une organisation \n    terroriste \u00bb, prononc\u00e9 le 30 juin 1995 par le tribunal militaire de Tunis. \n    Monsieur Tounakti a \u00e9t\u00e9 jet\u00e9 en prison sans motif l\u00e9gal, dans la mesure o\u00f9 \n    il y a forclusion par prescription. Le tribunal militaire qui a re\u00e7u sur la \n    forme l\u2019opposition au jugement devait le d\u00e9clarer entach\u00e9 de nullit\u00e9 puisque \n    bas\u00e9 sur des faits remontant \u00e0 plus de dix ans et l\u2019autoriser \u00e0 le lib\u00e9rer.\" http-equiv=\"Content-Type\"\/><\/head><body><body><\/p>\n<p align=\"center\" dir=\"ltr\"><b><a href=\"http:\/\/www.tunisnews.net\/\"><span>Home<\/span><span lang=\"FR-CH\"> &#8211; Accueil <\/span><span>&#8211; <\/span><span dir=\"rtl\" lang=\"AR-SA\">\u0627\u0644\u0631\u0626\u064a\u0633\u064a\u0629<\/span><\/a><\/b><\/p>\n<div> <font face=\"Arial\" size=\"2\">\u00a0  <\/p>\n<div>\n<div>\n<table border=\"1\" width=\"100%\">\n<tr>\n<td bgcolor=\"#efefef\" width=\"100%\"> <span lang=\"AR-SA\"> <\/p>\n<div align=\"left\">  <\/div>\n<div> <span lang=\"FR\"> <\/p>\n<div align=\"center\" dir=\"ltr\"> <font face=\"Arial\" size=\"2\"><font> <span lang=\"SV\"> <strong>TUNISNEWS<\/strong><\/span> <\/font><\/font> <\/div>\n<div align=\"center\" dir=\"ltr\"> <strong><font face=\"Arial\" size=\"2\"><font>              7\u00a0\u00e8me\u00a0ann\u00e9e, <span lang=\"FR\">N\u00b0\u00a02340 du 18.10.2006<\/span><\/font><\/font><\/strong><\/div>\n<div align=\"center\" dir=\"ltr\"> <strong> <\/p>\n<div align=\"center\"> <b><span><blink> <font face=\"Arial\" size=\"2\">\u00a0archives : <\/font> <a href=\"http:\/\/www.tunisnews.net\/\" target=\"_blank\" rel=\"noopener\"> <font face=\"Arial\" size=\"2\" target=\"_blank\">                www.tunisnews.net<\/font><\/a><\/blink><\/span><\/b><font face=\"Arial\" size=\"2\"> <\/font> <\/div>\n<p> <\/strong><\/div>\n<p> <\/span><\/div>\n<div align=\"left\" dir=\"ltr\"> <font> <span lang=\"FR\"> <font><span lang=\"FR\"> <font face=\"Arial\" size=\"2\"> <span lang=\"FR-CH\"> <\/p>\n<hr\/>\n<p><\/span><\/font><\/span><\/font><\/span><\/font> <\/div>\n<div> <font size=\"2\"><font> <\/p>\n<div>\n<div> <font face=\"Arial\" size=\"2\"> <\/p>\n<div>                  \u00a0<\/div>\n<p> <\/font> <\/div>\n<\/p><\/div>\n<p> <\/font><\/font> <\/div>\n<p> <\/span><\/td>\n<\/tr>\n<\/table><\/div>\n<\/p><\/div>\n<div> <strong><\/p>\n<p><font>CNLT: Encore une victime de la lutte     antiterroriste     <font>ACAT-France: Affaire TEBOURSKI : La Commission des     recours des r\u00e9fugi\u00e9s a reconnu de facto que la mobilisation des ONG \u00e9tait     fond\u00e9e.<\/font>     Le Figaro: Les voleurs de yachts de la Riviera avaient des complicit\u00e9s dans     les ports     <font>Al Bayane (Maroc): La Tunisie d\u00e9clare la guerre au     voile<\/font>     La Nouvelle R\u00e9publique (Alg\u00e9rie),\u00a0 : Le gouvernement tunisien d\u00e9clare la     guerre aux islamistes     <font>Balha Boujadi:La dictature de matraque contre celle     des barbus<\/font>     Jameleddine Heni: A propos du voile islamique &#8211; Au nom des m\u00e8res     <\/font><\/p>\n<p><font>Jeune Afrique: Profil &#8211;\u00a0 Sarah Baatout<\/font><\/strong><\/div>\n<div> <strong><\/p>\n<h2 style=\"color: red;\"><font> <span lang=\"FR\">Des m\u00e9decins chinois     pour des h\u00f4pitaux tunisiens<\/span><\/font><\/h2>\n<p><\/strong><\/div>\n<div>\n<hr\/><\/div>\n<div align=\"center\"> <strong><font>Conseil National pour les Libert\u00e9s en Tunisie<\/font><\/strong>              Tunis, le 17 octobre 2006     <strong><\/p>\n<h2 style=\"color: red;\"><font size=\"3\">Encore une victime de la lutte     antiterroriste<\/font><\/h2>\n<p><\/strong> \u00a0<\/div>\n<div align=\"center\">    \u00a0<\/div>\n<div align=\"justify\">    Le CNLT exprime sa consternation face aux conditions dans lesquelles a \u00e9t\u00e9     arr\u00eat\u00e9 monsieur<strong><font> Mahmoud Tounakti<\/font><\/strong>,     livr\u00e9 par le gouvernement bulgare le 30 ao\u00fbt 2006. Ce citoyen a \u00e9t\u00e9 \u00e9crou\u00e9     en vertu d\u2019un jugement par d\u00e9faut le condamnant \u00e0 dix ans d\u2019emprisonnement     pour \u00ab s\u2019\u00eatre mis en temps de paix \u00e0 la disposition d\u2019une organisation     terroriste \u00bb, prononc\u00e9 le 30 juin 1995 par le tribunal militaire de Tunis.     Monsieur Tounakti a \u00e9t\u00e9 jet\u00e9 en prison sans motif l\u00e9gal, dans la mesure o\u00f9     il y a forclusion par prescription. Le tribunal militaire qui a re\u00e7u sur la     forme l\u2019opposition au jugement devait le d\u00e9clarer entach\u00e9 de nullit\u00e9 puisque     bas\u00e9 sur des faits remontant \u00e0 plus de dix ans et l\u2019autoriser \u00e0 le lib\u00e9rer.<\/div>\n<div align=\"justify\">         La famille de Monsieur Mahmoud Tounakti (43 ans) affirme qu\u2019il vivait \u00e0     l\u2019\u00e9tranger depuis 1991, qu\u2019il s\u2019\u00e9tait install\u00e9 en Bulgarie en 1999, o\u00f9 il     avait acquis le droit au s\u00e9jour jusqu\u2019en 2008. Les autorit\u00e9s bulgares qui     ont arr\u00eat\u00e9 monsieur Tounakti le 28 ao\u00fbt 2006 \u00e0 Sofia sur la base d\u2019un     document \u00e9mis par le gouvernement tunisien ont commis une grave violation de     son droit \u00e0 l\u2019asile et ne l\u2019ont inform\u00e9 d\u2019aucune d\u00e9cision de renvoi pas plus     que de la possibilit\u00e9 d\u2019\u00eatre assist\u00e9 d\u2019un avocat ou de porter un recours     devant une instance judiciaire sp\u00e9cialis\u00e9e. Elles l\u2019ont \u00e9galement oblig\u00e9 \u00e0     abandonner tous ses biens, sans compter les violences sauvages perp\u00e9tr\u00e9es     sur lui par les agents de la S\u00fbret\u00e9 bulgare qui l\u2019ont enlev\u00e9 sur la voie     publique.     Le Conseil, qui consid\u00e8re que la situation de monsieur Tounakti r\u00e9v\u00e8le une     fois de plus le d\u00e9ni des droits et aux libert\u00e9s individuelles au b\u00e9n\u00e9fice de     la dite lutte antiterroriste, et que ce d\u00e9ni r\u00e9sulte de la coop\u00e9ration entre     de nombreux appareils s\u00e9curitaires \u00e0 travers le monde (\u2026), exige du     gouvernement tunisien la lib\u00e9ration imm\u00e9diate et inconditionnelle de     monsieur Mahmoud Tounakti, et exige du gouvernement bulgare de permettre \u00e0     monsieur Tounakti de recouvrer tous ses droits et d\u2019obtenir r\u00e9paration des     pr\u00e9judices mat\u00e9riels et moraux, et qu\u2019en soient traduits en justice les     responsables.     Pour le Conseil     La porte-parole officielle     <strong><font>Sihem Ben S\u00e9drine<\/font><\/strong> <font>(traduction ni revue ni corrig\u00e9e par les auteurs de la     version originale, LT)<\/font><\/div>\n<div align=\"justify\">\n<hr\/><\/div>\n<div align=\"justify\"> <font> <\/p>\n<p align=\"center\" dir=\"ltr\"> <strong><font>Importante nouvelle:      <\/font><\/p>\n<h2 style=\"color: red;\"><font size=\"3\">Le site pdpinfo.org attaqu\u00e9<\/font><\/h2>\n<p> \u00a0<\/strong><\/p>\n<div align=\"justify\" dir=\"ltr\">             Un probl\u00e8me technique est survenu il y a quelques heures, suite \u00e0 la       destruction compl\u00e8te de la BASE DE DONN\u00c9ES du site. Nous ignorons pour       l&rsquo;instant les causes de cet incident. Nous avons d\u00fb revenir \u00e0 une version       ant\u00e9rieure de cette base de donn\u00e9es.        \u00a0       Nous esp\u00e9rons remettre le contenu (articles et autres ) ainsi perdu. Nous       sommes d\u00e9solais pour ce qu\u2019a occasionn\u00e9 cet incident comme perturbation.       \u00a0       Nous vous prions de rester fid\u00e8le \u00e0 notre site qui essaye de contribuer \u00e0       diffuser une information cr\u00e9dible en couvrant la situation politique,       sociale, culturelle et autre en Tunisie.       \u00a0       Le responsable du site       \u00a0       <strong><font>(Source: message re\u00e7u du responsible du site       pdpinfo.org, le 17 octobre 2006 \u00e0 14h20 heure de Tunis)<\/font><\/strong><\/div>\n<div align=\"justify\" dir=\"ltr\">\n<hr\/><\/div>\n<p> <\/font> <\/p>\n<div align=\"center\" dir=\"ltr\"> <strong><font>Communiqu\u00e9 de presse ACAT-France       <\/font><\/strong>Contacts       Sophie CROZET \u2013 T\u00e9l. : 01 40 40 02 10 &#8211; sophie.crozet@acat.asso.fr       Lucile HUGON \u2013 T\u00e9l. : 01 40 40 74 10 \u2013 lucile.hugon@acat.asso.fr       \u00a0       <strong><\/p>\n<p><font size=\"3\">Affaire TEBOURSKI : La Commission       des recours des r\u00e9fugi\u00e9s a reconnu de facto que la mobilisation des ONG       \u00e9tait fond\u00e9e.<\/font><\/p>\n<p><\/strong>\u00a0<\/div>\n<div align=\"justify\" dir=\"ltr\">             La Commission des Recours des R\u00e9fugi\u00e9s a reconnu aujourd&rsquo;hui que M.       TEBOURSKI<a href=\"http:\/\/fr.f276.mail.yahoo.com\/ym\/Compose?box=Inbox&amp;Mid=6806_29531380_176193_1656_318914_0_1712_430023_909516526&amp;inc=&amp;Search=&amp;YY=27876&amp;order=down&amp;sort=date&amp;pos=0#_ftn1\" target=\"_blank\" title=\"\" rel=\"noopener\"><span><sup><span lang=\"FR\">[1]<\/span><\/sup><\/span><\/a>\u00ab       a pu craindre avec raison d\u2019\u00eatre rejug\u00e9 pour les m\u00eames faits pour lesquels       il a d\u00e9j\u00e0 \u00e9t\u00e9 condamn\u00e9 [en France], et pers\u00e9cut\u00e9 en cas de retour [vers la       Tunisie]\u00bb.        \u00a0       Elle reconnait \u00e9galement le fait qu\u2019\u00ab apr\u00e8s son expulsion vers la Tunisie,       il est rest\u00e9 en libert\u00e9 mais a \u00e9t\u00e9 plac\u00e9 sous une surveillance polici\u00e8re       ostentatoire, sans \u00eatre arr\u00eat\u00e9, [ce qui] doit \u00eatre regard\u00e9 comme       traduisant la volont\u00e9 des autorit\u00e9s tunisiennes de dissimuler leurs       intentions r\u00e9elles \u00e0 son \u00e9gard, compte tenu notamment de la m\u00e9diatisation       internationale de cette affaire \u00bb.       \u00a0       \u00c0 l&rsquo;heure o\u00f9 le rapporteur sp\u00e9cial du Conseil des droits de l&rsquo;Homme de       l&rsquo;ONU, dans son dernier rapport sur la torture, souligne l&rsquo;importance de       rester vigilant contre les pratiques qui sapent le principe de non       refoulement<a href=\"http:\/\/fr.f276.mail.yahoo.com\/ym\/Compose?box=Inbox&amp;Mid=6806_29531380_176193_1656_318914_0_1712_430023_909516526&amp;inc=&amp;Search=&amp;YY=27876&amp;order=down&amp;sort=date&amp;pos=0#_ftn2\" target=\"_blank\" title=\"\" rel=\"noopener\"><span><sup><span lang=\"FR\">[2]<\/span><\/sup><\/span><\/a><span lang=\"FR\">,      <\/span>l\u2019ACAT-France d\u00e9plore qu\u2019en refusant d\u2019avaliser les craintes de M.       TEBOURSKI, ni l\u2019OFPRA, ni le juge administratif fran\u00e7ais n\u2019aient choisi       d\u2019emp\u00eacher son expulsion ill\u00e9gale. Il lui a m\u00eame \u00e9t\u00e9 refus\u00e9 d\u2019\u00eatre expuls\u00e9       vers un autre pays que la Tunisie, ce qu\u2019il demandait avec force. Belle       le\u00e7on de droit.       \u00a0       L&rsquo;ACAT-France se f\u00e9licite donc qu&rsquo;une institution fran\u00e7aise reconnaisse       enfin que M.TEBOURSKI et plus g\u00e9n\u00e9ralement toutes les personnes expuls\u00e9es       vers la Tunisie et susceptibles d&rsquo;\u00eatre accus\u00e9es de terrorisme peuvent \u00ab       faire l\u2019objet de mauvais traitements au sens de l\u2019article 3 de la       Convention europ\u00e9enne de sauvegarde des droits de l\u2019Homme\u00bb.        \u00a0       Ainsi, tout en sp\u00e9cifiant que les agissements de M. TEBOURSKI \u00e9taient       contraires aux buts et principes des Nations Unies, la Commission des       Recours des R\u00e9fugi\u00e9s a reconnu le bien fond\u00e9 de ce que d\u00e9non\u00e7aient       l&rsquo;ACAT-France, Amnesty International et la CIMADE.        \u00a0       Quels que soient les faits qui puissent lui \u00eatre reproch\u00e9s, l\u2019ACAT-France       s\u2019oppose de mani\u00e8re syst\u00e9matique \u00e0 l\u2019expulsion d\u2019une personne vers un pays       o\u00f9 elle risque d\u2019\u00eatre tortur\u00e9e ou condamn\u00e9e \u00e0 mort.        \u00a0       En outre, nous demandons \u00e0 l&rsquo;ensemble des Etats signataires de la       convention contre la torture autres peines ou traitements cruels,       inhumains ou d\u00e9gradants de respecter leurs engagements internationaux et       de prot\u00e9ger ainsi des individus contre la torture.\u00a0       \u00a0<\/div>\n<div align=\"center\" dir=\"ltr\"> <strong>La Tunisie n\u2019est pas qu\u2019un pays de soleil et de plage. C\u2019est un       pays o\u00f9 l\u2019on torture        et o\u00f9 l\u2019on bafoue quotidiennement les plus \u00e9l\u00e9mentaires des droits de       l\u2019homme.<\/strong><\/div>\n<div align=\"justify\" dir=\"ltr\"> <a href=\"http:\/\/fr.f276.mail.yahoo.com\/ym\/Compose?box=Inbox&amp;Mid=6806_29531380_176193_1656_318914_0_1712_430023_909516526&amp;inc=&amp;Search=&amp;YY=27876&amp;order=down&amp;sort=date&amp;pos=0#_ftn1\" target=\"_blank\" title=\"\" rel=\"noopener\"> <span><sup> <span lang=\"FR\">[1]<\/span><\/sup><\/span><\/a>Adel       Tebourski, franco-tunisien, a \u00e9t\u00e9 condamn\u00e9, en France, \u00e0 6 ann\u00e9es       d\u2019emprisonnement pour \u00ab association de malfaiteurs en relation avec une       entreprise terroriste \u00bb dans le cadre d\u2019une affaire li\u00e9e \u00e0 l\u2019assassinat du       Commandant Massoud. Il a purg\u00e9 sa peine, et a \u00e9t\u00e9 d\u00e9chu de sa nationalit\u00e9       le 19 juillet 2006, avant d\u2019\u00eatre expuls\u00e9 le 7 ao\u00fbt malgr\u00e9 le soutien qui       lui avait \u00e9t\u00e9 apport\u00e9 par des associations de la soci\u00e9t\u00e9 civile fran\u00e7aise       et internationale ainsi que le Comit\u00e9 contre la torture des Nations-Unies       \u00a0       <a href=\"http:\/\/fr.f276.mail.yahoo.com\/ym\/Compose?box=Inbox&amp;Mid=6806_29531380_176193_1656_318914_0_1712_430023_909516526&amp;inc=&amp;Search=&amp;YY=27876&amp;order=down&amp;sort=date&amp;pos=0#_ftn2\" target=\"_blank\" title=\"\" rel=\"noopener\"> <span><sup> <span lang=\"FR\">[2]<\/span><\/sup><\/span><\/a><span lang=\"FR\">,\u00a0<\/span>       Le principe de non refoulement dans le droit international relatif aux       droits humains interdit le refoulement &#8211; l&rsquo;expulsion &#8211; si un individu       risque de subir des atteintes graves \u00e0 ses droits humains (notamment la       torture) \u00a0<\/div>\n<\/p><\/div>\n<p> <\/font> <\/p>\n<div>\n<hr\/><\/div>\n<div>\n<h2 align=\"center\" style=\"color: red;\"> <span lang=\"FR-CH\">    Les voleurs de yachts de la Riviera avaient des complicit\u00e9s dans les ports<\/span><\/h2>\n<p> <b> <span lang=\"FR-CH\">    CHRISTOPHE CORNEVIN.<\/span><\/b><\/p>\n<p> <b><span lang=\"FR-CH\">\u00a0<\/span><\/b><\/p>\n<p> <b><span lang=\"FR-CH\">Des     \u00ab\u00a0taupes\u00a0\u00bb renseignaient les voleurs sur les luxueux bateaux, allant parfois     jusqu&rsquo;\u00e0 fournir le double des cl\u00e9s.<\/span><\/b><span lang=\"FR-CH\"> <\/span><\/p>\n<p> <span lang=\"FR-CH\">\u00a0<\/span><\/p>\n<p> <span lang=\"FR-CH\">UN GANG de     pirates des mers sp\u00e9cialis\u00e9s dans les vols de yachts \u00e0 destination de la     Tunisie vient d&rsquo;\u00eatre d\u00e9mantel\u00e9 par la gendarmerie maritime de Toulon au     terme de dix mois de traque. <\/span><\/p>\n<p> <span lang=\"FR-CH\">\u00a0<\/span><\/p>\n<p> <span lang=\"FR-CH\">Depuis lundi,     les militaires ont lanc\u00e9 dans la plus grande discr\u00e9tion un coup de filet     visant \u00e0 interpeller les \u00ab\u00a0taupes\u00a0\u00bb implant\u00e9es dans le milieu nautique de la     C\u00f4te d&rsquo;Azur pour renseigner les voleurs. Les g\u00e9rants et employ\u00e9s de cinq     soci\u00e9t\u00e9s de maintenance, mais aussi de vente, de bateaux de luxe ancr\u00e9s dans     les ports de Cannes et Bandol sont vis\u00e9s. Trois ont d\u00e9j\u00e0 \u00e9t\u00e9 plac\u00e9s en garde     \u00e0 vue. <i>\u00ab\u00a0Ces entreprises g\u00e9raient une flotte de plusieurs dizaines de     navires, <\/i>explique un enqu\u00eateur.<i> Leurs responsables savaient quand     leurs complices pouvaient intervenir. Ils connaissaient les emplacements et     les conditions de navigation de chaque embarcation.\u00a0\u00bb<\/i><\/span><\/p>\n<p> <span lang=\"FR-CH\">\u00a0<\/span><\/p>\n<p> <span lang=\"FR-CH\">\u00c0 chaque     reprise, les bateaux disparus ont \u00e9t\u00e9 cibl\u00e9s avec soin\u00a0: la r\u00e9vision     technique venait d&rsquo;\u00eatre effectu\u00e9e, les cuves \u00e9taient gorg\u00e9es de gasoil,     assez en tout cas pour rejoindre les c\u00f4tes africaines. Parfois, les     informateurs fournissaient m\u00eame un double des clefs de contact aux skippers     clandestins. Enfin, les \u00ab\u00a0taupes\u00a0\u00bb feignaient de ne pas s&rsquo;apercevoir du vol     des bateaux dont ils avaient la responsabilit\u00e9 pendant plusieurs jours avant     d&rsquo;alerter les propri\u00e9taires. Ces derniers, des hommes d&rsquo;affaires ou de     riches h\u00e9ritiers, d\u00e9posaient plainte \u00e0 Paris. Le temps que la proc\u00e9dure soit     transmise \u00e0 une brigade sp\u00e9cialis\u00e9e, les yachts avaient eu le temps de     s&rsquo;\u00e9vanouir dans la nature. En g\u00e9n\u00e9ral, ils faisaient escale \u00e0 Malte ou en     Sardaigne, o\u00f9 ils \u00e9taient maquill\u00e9s avant d&rsquo;\u00eatre revendus. Entre 2001 et     2005, trente joyaux des mers ont ainsi \u00e9t\u00e9 vol\u00e9s dans le Midi et en Corse.<\/span><\/p>\n<p> <span lang=\"FR-CH\">\u00a0<\/span><\/p>\n<p> <span lang=\"FR-CH\">\u00c0 ce stade     des investigations, les gendarmes ont \u00e9tabli qu&rsquo;au moins trois superbes     yachts, d&rsquo;une valeur globale de deux millions d&rsquo;euros, ont transit\u00e9 par     cette fili\u00e8re depuis d\u00e9cembre dernier. Parmi eux, figure le <i>B\u00e9ru-Ma<\/i>,     appartenant au patron de la banque Lazard \u00e0 Paris, Bruno Roger. Estim\u00e9 \u00e0     plus d&rsquo;un million d&rsquo;euros, il avait disparu dans la nuit du 4 au 5\u00a0mai     dernier du port de Bonifacio. Apr\u00e8s une escale \u00e0 Cagliari en Sardaigne, il     avait rejoint le port de Sidi Bou Said en Tunisie, o\u00f9 il a \u00e9t\u00e9 retrouv\u00e9,     puis saisi par Interpol le 26\u00a0mai.<\/span><\/p>\n<p> <span lang=\"FR-CH\">    \u00a0<\/span><\/p>\n<p><b> <span lang=\"FR-CH\">    \u00ab\u00a0R\u00e9putation mafieuse\u00a0\u00bb<\/span><\/b><\/p>\n<p> <span lang=\"FR-CH\">    \u00a0<\/span><\/p>\n<p> <span lang=\"FR-CH\">    L&rsquo;op\u00e9ration men\u00e9e depuis lundi sur le littoral m\u00e9diterran\u00e9en intervient un     mois apr\u00e8s l&rsquo;interpellation dans la r\u00e9gion varoise de trois skippers     fran\u00e7ais qui convoyaient les bateaux vers la Tunisie. Lors de sa garde \u00e0     vue, C\u00e9dric\u00a0S., l&rsquo;un d&rsquo;entre eux, a avou\u00e9 avoir per\u00e7u 44\u00a0000\u00a0euros pour     acheminer les yachts \u00e0 bon port. <\/span><b> <span lang=\"FR-CH\">    Il a d\u00e9sign\u00e9 Imed Trabelsi et son cousin Moaz, comme les commanditaires     pr\u00e9sum\u00e9s du trafic. Membres de la famille du pr\u00e9\u00adsident Ben Ali, pr\u00e9sent\u00e9s     de source proche de l&rsquo;enqu\u00eate comme des <i>\u00ab\u00a0Tunisiens \u00e0 la r\u00e9putation     ma\u00adfieuse\u00a0\u00bb,<\/i> les deux hommes ont fait l&rsquo;objet d&rsquo;accusations accablantes.     Sur proc\u00e8s-verbal, un skipper r\u00e9v\u00e8le notamment qu&rsquo;<i>\u00ab\u00a0avec Trabelsi, nous     avons \u00e9vit\u00e9 les contr\u00f4les <\/i>[&#8230;] <i>Un douanier a pos\u00e9 une main sur mon     sac. Trabelsi l&rsquo;a repouss\u00e9 en lui parlant arabe, et son chef est arriv\u00e9 en     s&rsquo;excusant\u00a0\u00bb.<\/i><\/span><span lang=\"FR-CH\"> <\/span><\/b><\/p>\n<p> <span lang=\"FR-CH\">    \u00a0<\/span><\/p>\n<p> <span lang=\"FR-CH\">    \u00c0 l&rsquo;occasion d&rsquo;une livraison r\u00e9cente de bateau dans le port de Bizerte, le     marin se souvient <\/span><b><i> <span lang=\"FR-CH\">    \u00ab\u00a0d&rsquo;un comit\u00e9 d&rsquo;accueil fourni\u00a0\u00bb<\/span><\/i><span lang=\"FR-CH\">     notamment compos\u00e9 du <i>\u00ab\u00a0destinataire du bateau <\/i>[&#8230;]<i> monsieur     Trabelsi cousin d&rsquo;Imed, du chef des douanes accompagn\u00e9s de quelques-uns de     ses hommes et de quelques policiers\u00a0\u00bb<\/i>. Alors que l&rsquo;op\u00e9ration se     poursuivait hier sur la C\u00f4te d&rsquo;Azur, l&rsquo;enqu\u00eate pourrait prendre de nouveaux     d\u00e9veloppements internationaux.<\/span><\/b><\/p>\n<p> <span lang=\"FR-CH\">    \u00a0<\/span><\/p>\n<p><b> <span lang=\"FR-CH\">    (Source: Le Figaro (France) du 18 octobre 2006)<\/span><\/b><\/p>\n<p><b> <span lang=\"FR-CH\">    Lien\u00a0<\/span><\/b><span lang=\"FR-CH\">:    <\/span> <span lang=\"EN-GB\"> <a href=\"http:\/\/www.lefigaro.fr\/france\/20061018.FIG000000226_les_voleurs_de_yachts_de_la_riviera_avaient_des_complicites_dans_les_ports.html\" target=\"_blank\" rel=\"noopener\"> <span lang=\"FR-CH\">    http:\/\/www.lefigaro.fr\/france\/20061018.FIG000000226_les_voleurs_de_yachts_de_la_riviera_avaient_des_complicites_dans_les_ports.html<\/span><\/a><\/span><\/p>\n<p>\u00a0<\/p>\n<hr\/>\n<p>\u00a0<\/p>\n<p> <font> <\/p>\n<p align=\"center\"> <font size=\"3\"><b><span lang=\"FR-CH\">    La Tunisie d\u00e9clare la guerre au voile<\/span><\/b><\/font><\/p>\n<p> <span lang=\"FR-CH\">    \u00a0<\/span><\/p>\n<p> <span lang=\"FR-CH\">Mercredi     dernier, le Pr\u00e9sident tunisien Zine El Abidine Ben Ali s\u00b9est prononc\u00e9 contre     le voile \u00ab d\u00b9inspiration sectaire import\u00e9e de l\u00b9ext\u00e9rieur\u00bb afin de lutter     contre l\u00b9islamisme. Des ministres lui ont embo\u00eet\u00e9 le pas, condamnant, pour     les femmes, le port du hidjab et d\u00b9une longue tenue de coton appel\u00e9e \u00abqamis\u00bb     et, pour les hommes, le port de la barbe. Ils appellent \u00e9galement, comme le     chef de l\u00b9Etat, \u00e0 rev\u00eatir les habits traditionnels.<\/span><\/p>\n<p> <span lang=\"FR-CH\">\u00a0<\/span><\/p>\n<p> <span lang=\"FR-CH\">Le voile est     \u00abun slogan politique affich\u00e9 par un groupuscule qui se dissimule derri\u00e8re la     religion pour r\u00e9aliser des desseins politiques\u00bb, a lanc\u00e9, vendredi, le     ministre des Affaires Etrang\u00e8res, Abdelwaheb Abdallah. Son homologue de     l\u00b9Int\u00e9rieur, Rafik Belhaj Kacem, a pour sa part d\u00e9clar\u00e9 que ce v\u00eatement     \u00e9tait le \u00absymbole d\u00b9une appartenance politique qui se cache derri\u00e8re la     religion, qui en est innocente, et qui cherche \u00e0 faire revenir la r\u00e9alit\u00e9 de     la soci\u00e9t\u00e9 aux \u00e8res tr\u00e8s anciennes\u00bb. Ils justifient leurs inqui\u00e9tudes en     parlant d\u00b9une augmentation substantielle de femmes couvrant leur t\u00eate.    <\/span><\/p>\n<p> <span lang=\"FR-CH\">\u00a0<\/span><\/p>\n<p> <span lang=\"FR-CH\">Pour Khadija     Ch\u00e9rif, pr\u00e9sidente de l\u00b9Association tunisienne des femmes d\u00e9mocrates (ATFD),     la recrudescence est r\u00e9elle, mais ne date pas d\u00b9hier. En 2003, sa structure     d\u00e9non\u00e7ait d\u00e9j\u00e0 que \u00abun peu partout dans la rue, \u00e0 l\u00b9\u00e9cole dans les     \u00e9tablissements publics, surgissent des femmes jeunes et moins jeunes qui     portent \u00abla tenue islamique\u00bb.<\/span><\/p>\n<p> <span lang=\"FR-CH\">\u00a0<\/span><\/p>\n<p><b> <span lang=\"FR-CH\">    Un d\u00e9cret contre la mont\u00e9e de l\u00b9int\u00e9grisme<\/span><\/b><\/p>\n<p><b> <span lang=\"FR-CH\">    \u00a0<\/span><\/b><\/p>\n<p> <span lang=\"FR-CH\">Soulignant     \u00able droit des femmes au choix de leurs tenues\u00bb, l\u00b9association ajoutait que     \u00abcet uniforme qui veut gommer la diversit\u00e9 des femmes, annuler les     diff\u00e9rences, m\u00e9conna\u00eetre les femmes en tant qu\u00b9individus sexu\u00e9s est un     symbole r\u00e9ducteur et de r\u00e9gression&#8230;\u00bb. Car, pour elle, celles qui portent     le voile remettent en cause le Code du statut personnel de 1956, qui a fait     de la Tunisie, tr\u00e8s t\u00f4t, un pays avant-gardiste en mati\u00e8re de droits de la     femme.<\/span><\/p>\n<p> <span lang=\"FR-CH\">\u00a0<\/span><\/p>\n<p> <span lang=\"FR-CH\">L\u00b9ATFD, qui     n\u00b9a pas chang\u00e9 de position, estime que les femmes qui portent le hidjab sont     issues de toutes les classes sociales. \u00abIl n\u00b9y a malheureusement pas de     sondage. Mais \u00e0 notre \u00e9chelle nous avons essay\u00e9 de d\u00e9terminer pourquoi elles     le portent. On ne peut pas g\u00e9n\u00e9raliser, mais certaines parlent de politique,     de r\u00e9action contre le gouvernement, de la religion ou d\u00b9une fa\u00e7on de se     d\u00e9marquer des Occidentaux\u00bb, \u00e9num\u00e8re Khadija Ch\u00e9rif.<\/span><\/p>\n<p> <span lang=\"FR-CH\">\u00a0<\/span><\/p>\n<p> <span lang=\"FR-CH\">C\u00b9est pour     \u00e9viter que le ph\u00e9nom\u00e8ne ne s\u00b9\u00e9tende plus que le gouvernement souhaite     l\u00b9application du d\u00e9cret 108 de 1981, qui interdit le port du voile dans les     \u00e9tablissements publics. Au risque, pour les employ\u00e9es du secteur en     question, d\u00b9\u00eatre licenci\u00e9es. Le texte devait barrer la route \u00e0 la mont\u00e9e de     l\u00b9int\u00e9grisme.<\/span><\/p>\n<p> <span lang=\"FR-CH\">    \u00a0<\/span><\/p>\n<p><b> <span lang=\"FR-CH\">    (Source\u00a0: le journal \u00ab\u00a0Al Bayane\u00a0\u00bb (Maroc), le 18 octobre 2006)<\/span><\/b><\/p>\n<p><b> <span lang=\"FR-CH\">    Lien\u00a0: <a href=\"http:\/\/www.albayane.ma\/Detail.asp?article_id=58873\" target=\"_blank\" rel=\"noopener\">    http:\/\/www.albayane.ma\/Detail.asp?article_id=58873<\/a><\/span><\/b><\/p>\n<p> <span lang=\"FR-CH\">    \u00a0 <\/span><\/p>\n<hr\/>\n<p> <span lang=\"FR-CH\">    \u00a0<\/span><\/p>\n<p align=\"center\"> <b><span lang=\"FR-CH\"><font size=\"3\">    Le gouvernement tunisien d\u00e9clare la guerre aux islamistes<\/font><\/span><\/b><\/p>\n<p><b> <span lang=\"FR-CH\">    De Paris, Redha Moncef<\/span><\/b><\/p>\n<p><b> <span lang=\"FR-CH\"><font size=\"3\">\u00a0<\/font><\/span><\/b><\/p>\n<p> <span lang=\"FR-CH\">Le port du     foulard et du hidjab sera d\u00e9sormais interdit dans l\u2019ensemble des     institutions et \u00e9tablissements publics en Tunisie. La nouvelle mesure     initi\u00e9e par le parti au pouvoir (RCD) vise \u00e0 lutter contre l\u2019int\u00e9grisme et     l\u2019extr\u00e9misme religieux. <\/span><\/p>\n<p> <span lang=\"FR-CH\">\u00a0<\/span><\/p>\n<p> <span lang=\"FR-CH\">    L\u2019interdiction de porter les v\u00eatements islamistes n\u2019est pas une chose     r\u00e9cente pour le gouvernement de Ben Ali du fait qu&rsquo;il existe d\u00e9j\u00e0 un texte     en ce sens initi\u00e9 en 1981. <\/span><\/p>\n<p> <span lang=\"FR-CH\">\u00a0<\/span><\/p>\n<p> <span lang=\"FR-CH\">Ainsi, le     gouvernement de Ben Ali a r\u00e9pondu favorablement \u00e0 l\u2019appel lanc\u00e9 par le     Rassemblement constitutionnel d\u00e9mocratique (RCD) en mati\u00e8re de lutte contre     une id\u00e9ologie dite \u00abislamiste\u00bb. <\/span><\/p>\n<p> <span lang=\"FR-CH\">\u00a0<\/span><\/p>\n<p> <span lang=\"FR-CH\">Les signes     religieux ne seront plus tol\u00e9r\u00e9s \u00e9galement dans le secteur de l\u2019\u00e9ducation,     que se soit dans le cycle primaire, moyen, secondaire ou sup\u00e9rieur.     L\u2019interdiction de porter le foulard et le hidjab par le gouvernement a \u00e9t\u00e9     accueillie favorablement par la majorit\u00e9 du peuple tunisien, \u00e0 l\u2019exception     du milieu extr\u00e9miste. <\/span><\/p>\n<p> <span lang=\"FR-CH\">\u00a0<\/span><\/p>\n<p> <span lang=\"FR-CH\">Du c\u00f4t\u00e9 des     services de s\u00e9curit\u00e9, les policiers de fronti\u00e8res refoulent sur le champ et     mini militari toutes personnes \u00e9trang\u00e8res portant une barbe ou enfilant une     tenue islamiste. <\/span><\/p>\n<p> <span lang=\"FR-CH\">\u00a0<\/span><\/p>\n<p> <span lang=\"FR-CH\">Dans ce m\u00eame     cadre, des cadres du parti au pouvoir et des ministres multiplient les     d\u00e9clarations par lesquelles ils expliquaient que le hidjab, le khimar et les     tenues islamistes n\u2019a rien \u00e0 voir avec la culture tunisienne. <\/span><\/p>\n<p> <span lang=\"FR-CH\">\u00a0<\/span><\/p>\n<p> <span lang=\"FR-CH\">Le ministre     des Affaires religieuses tunisien,\u00a0 Abou Baker Lakhzouri, a d\u00e9clar\u00e9 que \u00able     voile est une intrusion et il fait fausse note de nature \u00e0 constituer le     sectarisme que nous r\u00e9futons\u00bb.\u00a0\u00a0\u00a0\u00a0 \u00a0\u00a0\u00a0\u00a0\u00a0<\/span><\/p>\n<p> <span lang=\"FR-CH\">    \u00a0<\/span><\/p>\n<p><b> <span lang=\"FR-CH\">    (Source\u00a0: le journal \u00ab\u00a0La Nouvelle R\u00e9publique\u00a0\u00bb (Alg\u00e9rie), le 18 octobre     2006)<\/span><\/b><\/p>\n<p><b> <span lang=\"FR-CH\">    Lien\u00a0:    <a href=\"http:\/\/www.lanouvellerepublique.com\/actualite\/lire.php?ida=43714&amp;idc=4&amp;refresh=1\" target=\"_blank\" rel=\"noopener\">    http:\/\/www.lanouvellerepublique.com\/actualite\/lire.php?ida=43714&amp;idc=4&amp;refresh=1<\/a><\/span><\/b><\/p>\n<\/p>\n<p><\/font> <\/p>\n<hr\/>\n<p>\u00a0<\/p>\n<\/div>\n<div>    \u00a0<\/div>\n<p> <font face=\"Arial\"> <\/p>\n<div align=\"center\">\n<h2 style=\"color: red;\"><font><strong>LA DICTATURE DE MATRAQUE CONTRE CELLE DES     BARBUS<\/strong><\/font><\/h2>\n<\/div>\n<p> <\/font><font face=\"Arial\" size=\"2\"> <\/p>\n<div>\n<p align=\"justify\">     \u00a0<font>BALHA BOUJADI<\/font>     \u00a0     Ces jours-ci, on a eu droit \u00e0 un affrontement des titans entre deux forces     qui ont pris en otage depuis des d\u00e9cennies ce peuple tunisien \u00e9thiquement et     humainement bien sup\u00e9rieur \u00e0 ces gouvernants et \u00e0 cette pseudo opposition     int\u00e9griste.\u00a0     Les islamistes, comme toujours aussi l\u00e2ches que jamais, se sont barricad\u00e9s     derri\u00e8re leurs femmes pour entamer leur derni\u00e8re bataille de r\u00e9sistance pour     la lib\u00e9ration des femmes, \u00e0 leur mani\u00e8re surr\u00e9aliste, en les voilant\u2026      Le syst\u00e8me dictatorial en place depuis 20 ans gr\u00e2ce \u00e0 la propagande et au     matraquage, voulant montrer au monde entier qu\u2019il a extirp\u00e9\u00a0 le cancer     islamiste, s\u2019est trouv\u00e9 face \u00e0 un paysage tragi-comique \u00e0 l\u2019iranienne, les     femmes de la g\u00e9n\u00e9ration Bourguiba et leurs filles se sont mises \u00e0 l\u2019heure de     Amr Khaled et de Youssef El Karadhaoui pour d\u00e9fier le syst\u00e8me policier le     plus farouche par un morceau de tissu.     Les femmes tunisiennes qui ont \u00e9t\u00e9 les portes drapeau de la modernit\u00e9 et de     la libert\u00e9 \u00e0 l\u2019aube de l\u2019ind\u00e9pendance, se sont trouv\u00e9es face \u00e0 un destin     n\u00e9buleux, car elles ont \u00e9t\u00e9 l\u00e2ch\u00e9es par leurs camarades, les hommes.      Personnellement, dans mon entourage, je connais des jeunes filles belles,     \u00e9l\u00e9gantes, pleine de vie et d\u2019espoir, du jour au lendemain elles deviennent     tristes, d\u00e9votes, soumises vieillies et laides. La cause de cette     m\u00e9tamorphose est qu\u2019elles se sont mari\u00e9es et par cons\u00e9quent le bonhomme     d\u2019\u00e9poux a d\u00e9voil\u00e9 son vrai visage et il a exig\u00e9 qu\u2019on l\u2019ob\u00e9isse au nom des     r\u00e8gles et des rituels islamistes.     Les jeunes de ma g\u00e9n\u00e9ration disaient qu\u2019ils ne pouvaient pas se sentir     libres si leurs \u00e9pouses n\u2019\u00e9taient pas \u00e9galement libres et \u00e9mancip\u00e9es.\u00a0     C\u2019\u00e9tait le bon vieux temps. Maintenant, la g\u00e9n\u00e9ration Ben Ali et Ghannouchi     ne croit pas aux m\u00eames id\u00e9aux, au contraire, la libert\u00e9 et l\u2019\u00e9mancipation     sont des mots bannis de leur dictionnaire fasciste et leur lexique est     devenu beaucoup plus m\u00e9taphysique : le paradis, les anges, la torture dans     les tombes\u2026 parait-il c\u2019est plus marrant et excitant.     Aujourd\u2019hui que les islamistes se livrent corps et \u00e2me pour d\u00e9fendre leur     voile et leur mis\u00e8re intellectuelle et la police de Ben Ali et leurs chiens     chargent sur des jeunes filles innocentes et manipul\u00e9es par les manitous des     int\u00e9gristes depuis leur exil \u00e0 Londres et \u00e0 Hambourg, le petit peuple     tunisien est toujours mis \u00e0 l\u2019\u00e9cart, personne ne lui demande son avis, aucun     d\u00e9bat, aucune discussion civilis\u00e9es, seulement les matraques et les coups de     poing comme aux temps des cow-boy.      Pauvre Tunisie. Tu ne m\u00e9rites pas \u00e7a, toi qui as donn\u00e9 au monde Hannibal,     Jugurtha, Ibn Khaldoun, Bourguiba et les autres, tu te trouves face \u00e0 cet     amalgame des valeurs et d\u2019\u00e9thique, entre un fasciste terrestre et un     fasciste c\u00e9leste\u2026\u00a0\u00a0 Pauvre Tunisie.     \u00a0     <font><strong>BALHA BOUJADI, le 18\/10\/2006<\/strong><\/font> <font><a href=\"mailto:balhaboujadi@yahoo.es\">    balhaboujadi@yahoo.es<\/a> <\/font> <\/p>\n<\/div>\n<div>\n<hr\/><\/div>\n<p> <\/font><\/div>\n<div>\n<div align=\"center\"> <strong><\/p>\n<h2 style=\"color: red;\"><font face=\"Arial\">A propos du voile islamique<\/font><\/h2>\n<p><font face=\"Arial\" size=\"2\">Au nom des m\u00e8res<\/font><\/strong><\/div>\n<div>    \u00a0<\/div>\n<div>\n<p align=\"justify\"> <font face=\"Arial\" size=\"2\">Quoi que l\u2019on pense du voile, pour ou contre, il     ne faut pas s\u2019en cacher, il faut le faire savoir, le crier haut et fort et     sur tous les toits. Est-ce pour cela que l\u2019on puisse dire\u00a0 n\u2019importe quoi,     n\u2019importe o\u00f9 et\u00a0 n\u2019importe comment ?      L\u2019argument \u00ab massue \u00bb qu\u2019emploie les autorit\u00e9s tunisiennes comme certaines     militantes ATFD (Association Tunisienne des Femmes D\u00e9mocrates \u00bb, tient \u00e0     l\u2019inauthenticit\u00e9 du voile en \u00ab vogue \u00bb. Ils s\u2019inscrivent en faux contre une     \u00ab h\u00e9r\u00e9sie \u00bb en rupture avec toutes les traditions vestimentaires du pays.         La bataille rang\u00e9e contre les filles voil\u00e9es dans les universit\u00e9s , \u00e0 la rue     et un peu partout, est men\u00e9e au nom de leurs m\u00e8res, gardiennes de la     tradition. Et c\u2019est l\u00e0 o\u00f9 je ne suis plus !!      Car\u00a0 fustiger le hijab pour sa non conformit\u00e9 avec la tradition, me pose     probl\u00e8me. Depuis quand, en effet, la filiation traditionnelle est-elle un     crit\u00e8re d\u2019opinion pour les forces progressistes ? Depuis quand un esprit     moderne s\u2019\u00e9l\u00e8ve-t-il contre une pratique pour non respect de la tradition?\u00a0     Quel serait le sens d\u2019un combat pour l\u2019\u00e9galit\u00e9 dans un esprit de tradition ?     Tradition in\u00e9galitaire s\u2019entend ?      <font>\u00a0     Contre le voile, pour la tradition      <\/font>\u00a0     Cet argument de la tradition est digne des traditionalistes, que les     autorit\u00e9s tunisiennes et les forces la\u00efques combattent avec la derni\u00e8re     \u00e9nergie. Alors ? Alors ? Partisans des m\u00eames id\u00e9es que leurs ennemis ?! On     n\u2019ira pas jusque-l\u00e0. Seulement, les \u00ab co\u00efncidences\u00a0 \u00bb linguistiques font que     c\u2019est un peu le cas. Les uns et les autres ne peuvent heurter la sensibilit\u00e9     religieuse d\u2019une population aux croyances religieuses solides et pr\u00e9f\u00e8rent     composer avec les survivances inoffensives et domestiqu\u00e9es de la tradition     qu\u2019avec des irruptions vestimentaires conqu\u00e9rantes. D\u2019o\u00f9 la pr\u00e9pond\u00e9rance     subitement donn\u00e9e \u00e0 la tradition !      \u00a0     <font>Contre le voile, contre la tradition<\/font>     \u00a0     Les choses se compliquent un peu lorsqu\u2019on aborde le deuxi\u00e8me grief contre     le voile dit islamique. L\u00e0, le ma\u00eetre mot est r\u00e9trograde, \u00ab un uniforme qui     renvoie \u00e0 des temps imm\u00e9moriaux o\u00f9 les\u00a0\u00a0\u00a0\u00a0\u00a0 pratiques patriarcales     ent\u00e9rin\u00e9es par les trois religions monoth\u00e9istes et\u00a0\u00a0\u00a0\u00a0\u00a0 reposant sur le     contr\u00f4le des femmes et l&rsquo;appropriation de leur corps ont\u00a0\u00a0\u00a0\u00a0\u00a0 install\u00e9 le     privil\u00e8ge de masculinit\u00e9 et favoris\u00e9 la normalisation sexiste\u00a0\u00a0\u00a0\u00a0\u00a0 qui se     perp\u00e9tue si\u00e8cle apr\u00e8s si\u00e8cle en particuliers dans le monde\u00a0\u00a0\u00a0\u00a0\u00a0     arabo-musulman. \u00bb[1]      Le hijab redevient, ainsi, l\u2019habit traditionnel qu\u2019il n\u2019a jamais \u00e9t\u00e9 !! Et     ce n\u2019est pas l\u2019adjectif \u00ab imm\u00e9moriaux \u00bb qui fera, ici, la diff\u00e9rence entre     l\u2019\u00e8re traditionnelle et celle des premiers\u00a0 temps monoth\u00e9istes \u00bb . Car, \u00ab     les m\u00e8res, les grands-m\u00e8res et les a\u00efeules \u00bb des jeunes filles voil\u00e9es     \u00e9taient r\u00e9gent\u00e9es par les m\u00eames rigueurs patriarcales, au moins jusqu\u2019\u00e0     promulgation par Habib Bourguiba du code du statut personnel.\u00a0      \u00a0     Le combat contre le port du voile au nom de la modernit\u00e9 la plus radicale et     en m\u00eame temps au nom de la tradition la plus litt\u00e9rale ?? In\u00e9vitable     contradiction \u00e0 laquelle conduit un raisonnement qui veut endiguer le     ph\u00e9nom\u00e8ne par tous les moyens, quitte \u00e0 se d\u00e9lester du bon sens. Cette     contradiction scandaleuse est l\u2019un des sympt\u00f4mes de la furia id\u00e9ologique\u00a0     et\/ ou de classe (politique ou \u00e9conomique) qui revient \u00e0 propos du voile et     qui n\u2019h\u00e9sitera pas \u00e0 revenir dans d\u2019autres occasions.\u00a0\u00a0      Le combat contre le voile n\u2019a pas besoin d\u2019arri\u00e8re-garde politique pour \u00eatre     livr\u00e9. En dehors des r\u00e9quisitoires et des plaidoyers, de la passion     juridique injectant des lois partout, le voile est un sujet d\u2019ex\u00e9g\u00e8se\u00a0 et de     science. Sans cela, il n\u2019est ni un butin de guerre ni un tribut de     lib\u00e9ration.\u00a0      \u00a0     <font>Jameleddine HENI     Chercheur en psychologie cognitive<\/font>          [<font>1] D\u00e9claration de l\u2019Association Tunisienne des Femmes     D\u00e9mocrates, \u00e0 l\u2019occasion de la f\u00eate de la femme 13 ao\u00fbt 2003, sign\u00e9e par sa     pr\u00e9sidente H\u00e9la Abdeljawad, in Tunisnews n\u00b01180<\/font><\/font> <\/p>\n<\/div>\n<\/div>\n<div>  \u00a0<\/div>\n<div>\n<hr\/>\n<\/div>\n<div align=\"center\"> <font face=\"Arial\" size=\"2\"><font size=\"3\"><strong><font>  PROFIL   <\/font><font>Sarah Baatout<\/font><\/strong><\/font><\/font><\/div>\n<div>  \u00a0<\/div>\n<div>\n<p align=\"justify\"> <font><strong>par RIDHA K\u00c9FI<\/strong><\/font>   \u00a0   Astrophysicienne tuniso-belge, sp\u00e9cialiste du comportement des bact\u00e9ries dans   l\u2019espace.   \u00a0   \u00ab Si, dans vingt ans, on envoie une \u00e9quipe de six astronautes vers Mars, le   voyage aller-retour durera trois ans. Il faudra leur fournir de l\u2019oxyg\u00e8ne, de   l\u2019eau et de la nourriture, soit l\u2019\u00e9quivalent de 5 kg par personne et par jour.   Le poids de la cargaison embarqu\u00e9e dans la navette avoisinerait 32 t   \u00a0   Chaque kilo co\u00fbterait en carburant environ 8 000 euros, soit 256 millions au   total. Sans parler de la n\u00e9cessit\u00e9 de ramener sur terre quelque 40 t de   d\u00e9chets ! \u00bb Chef de projet au Laboratoire de radiobiologie et de microbiologie   du Centre d\u2019\u00e9tude de l\u2019\u00e9nergie nucl\u00e9aire (SCK-CEN), \u00e0 Mol, dans le nord de la   Belgique, Sarah Baatout sait de quoi elle parle. \u00ab Ce simple exemple montre   l\u2019importance du probl\u00e8me du recyclage sur place des d\u00e9chets, tant dans les   voyages interplan\u00e9taires que dans les stations permanentes sur la Lune ou sur   Mars \u00bb, explique-t-elle.   \u00a0   Depuis 1989, les chercheurs de l\u2019Agence spatiale europ\u00e9enne s\u2019efforcent   d\u2019imaginer un \u00e9cosyst\u00e8me ferm\u00e9, bas\u00e9 sur les bact\u00e9ries et les plantes. Ce   syst\u00e8me alternatif permettrait d\u2019utiliser les rayons solaires pour transformer   les d\u00e9chets (gazeux, liquides ou solides) en \u00e9nergie et produire de la   biomasse consommable. C\u2019est le concept \u00ab Boucle Melissa \u00bb, que pilote depuis   1988 le Pr Max Mergeay, directeur du laboratoire de radiobiologie et de   microbiologie du SCK-CEN. C\u2019est aussi sur ce concept que travaille Sarah   Baatout. Son r\u00f4le consiste \u00e0 \u00e9tudier le comportement physiologique des   bact\u00e9ries dans l\u2019espace : mesurer leur taille, \u00e9tudier leur forme et leurs   caract\u00e9ristiques membranaires&#8230; \u00ab En pratique, nous devons d\u2019abord nous   assurer que les bact\u00e9ries envoy\u00e9es dans l\u2019espace ne nuisent pas au d\u00e9roulement   de la mission. Il faut \u00e9galement pr\u00e9voir un syst\u00e8me pour d\u00e9tecter et \u00e9liminer   celles qui passeraient d\u2019un compartiment bact\u00e9rien pur \u00e0 un autre. Si ce   support de vie est effectivement utilis\u00e9 dans l\u2019espace, tout doit \u00eatre pr\u00e9vu \u00e0   l\u2019avance \u00bb, commente la chercheuse.   \u00a0   Sarah Baatout est n\u00e9e en 1969 \u00e0 Uccle, pr\u00e8s de Bruxelles, d\u2019un p\u00e8re tunisien (install\u00e9   en Belgique depuis 1958, Slah Baatout \u00e9tait administrateur d\u00e9l\u00e9gu\u00e9 d\u2019une   maison d\u2019\u00e9dition) et d\u2019une m\u00e8re belge, \u00c9lise Wenders, institutrice de son \u00e9tat.   Elle a fait toutes ses \u00e9tudes \u00e0 la prestigieuse Universit\u00e9 catholique de   Louvain. Titulaire d\u2019une licence en biologie (1990), d\u2019une ma\u00eetrise en   biochimie et biologie mol\u00e9culaire (1991) et d\u2019un doctorat en biochimie sur les   cancers du sang (1996), elle a suivi des stages aux \u00c9tats-Unis, au Canada et   en France. Depuis 1995, elle est chercheuse au SCK-CEN, un centre de recherche   d\u00e9pendant du minist\u00e8re f\u00e9d\u00e9ral de l\u2019\u00c9nergie qui compte quelque six cents   collaborateurs, dont beaucoup (un tiers) de chercheurs universitaires.   Simultan\u00e9ment, elle poursuit des recherches en biologie du d\u00e9veloppement, en   radioth\u00e9rapie et en biologie spatiale. Ses travaux (elle compte une   soixantaine de publications) ont permis de mieux comprendre les effets   physiologiques des radiations sur les cellules d\u2019embryons et les cellules   canc\u00e9reuses. En 2005, elle a obtenu le prix Adolphe-Wetrems, la plus   importante distinction scientifique belge, que d\u00e9cerne chaque ann\u00e9e l\u2019Acad\u00e9mie   royale des sciences, des lettres et des beaux-arts \u00e0 un Belge de moins de 40   ans qui a fait des \u00ab d\u00e9couvertes ou inventions utiles dans le domaine des   sciences naturelles \u00bb.   \u00a0   Premi\u00e8re chercheuse du SCK-CEN \u00e0 se voir attribuer cette distinction, Sarah   Baatout est aussi experte au Conseil sup\u00e9rieur de l\u2019hygi\u00e8ne (le minist\u00e8re   belge de la Sant\u00e9), vice-pr\u00e9sidente de la Soci\u00e9t\u00e9 belge de cytologie   analytique, charg\u00e9e de cours \u00e0 l\u2019International School for Radiation Protection   et membre du Consortium belge d\u2019hadronth\u00e9rapie (une nouvelle forme de   radioth\u00e9rapie bas\u00e9e sur l\u2019utilisation d\u2019ions de carbone et de protons).   \u00a0   Mari\u00e9e depuis 1999 \u00e0 Andrew Dobney, un chimiste britannique travaillant lui   aussi au SCK-CEN, Sarah Baatout est m\u00e8re de deux enfants. \u00ab Nous passons   toujours nos vacances d\u2019\u00e9t\u00e9 dans la maison familiale \u00e0 B\u00e9ni Khiar, un village   c\u00f4tier pr\u00e8s de Nabeul. C\u2019est un paradis et un rem\u00e8de contre le stress \u00bb,   raconte Sarah. Loin des \u00e9toiles, des rayons et des bact\u00e9ries, elle s\u2019y laisse   vivre sous le soleil de la M\u00e9diterran\u00e9e.   \u00a0   <font><strong>(Source : Jeune Afrique, N\u00b0 2388 du 15 au 21   octobre 2006)<\/strong><\/font><\/p>\n<\/div>\n<div>\n<hr\/>\n<\/div>\n<p align=\"center\"><b><span lang=\"FR\"><font size=\"3\">Des m\u00e9decins chinois pour des h\u00f4pitaux tunisiens<\/font><\/span><\/b><\/p>\n<p><b><span lang=\"FR\">AFP 18.10.06 | 18h37<\/span><\/b><\/p>\n<p><span lang=\"FR\">\u00a0<\/span><\/p>\n<p><span lang=\"FR\">La Tunisie a fait appel \u00e0 des m\u00e9decins chinois pour renforcer le personnel m\u00e9dical dans des r\u00e9gions d\u00e9pourvues du Sud et de l&rsquo;Ouest du pays, a-t-on annonc\u00e9 mercredi de source officielle.<\/span><\/p>\n<p><span lang=\"FR\">\u00a0<\/span><\/p>\n<p><span lang=\"FR\">Des \u00e9quipes form\u00e9es de 35 m\u00e9decins, dont des sp\u00e9cialistes, sont r\u00e9cemment arriv\u00e9es en Tunisie pour \u00eatre affect\u00e9es dans les h\u00f4pitaux r\u00e9gionaux de Kebili, dans le Sud saharien, et \u00e0 Sidi Bouzid (Ouest) et Jendouba (Nord-Ouest).<\/span><\/p>\n<p><span lang=\"FR\">\u00a0<\/span><\/p>\n<p><span lang=\"FR\">Parmi eux, certains dispenseront une formation en acupuncture dans un centre sp\u00e9cialis\u00e9 \u00e0 l&rsquo;h\u00f4pital universitaire \u00e0 la Marsa, pr\u00e8s de Tunis, a-t-on pr\u00e9cis\u00e9.<\/span><\/p>\n<p><span lang=\"FR\">\u00a0<\/span><\/p>\n<p><span lang=\"FR\">La mission chinoise s&rsquo;inscrit dans le cadre de la coop\u00e9ration m\u00e9dicale et sanitaire \u00e9tablie depuis 1973 entre les deux pays.<\/span><\/p>\n<p><span lang=\"FR\">\u00a0<\/span><\/p>\n<p><span lang=\"FR\">Pour dix millions d&rsquo;habitants, la Tunisie compte plus de 10.000 m\u00e9decins de sant\u00e9 publique ou de libre pratique.<\/span><\/p>\n<p><span lang=\"FR\">\u00a0<\/span><\/p>\n<p><b><span lang=\"FR\">(Source\u00a0: lemonde.fr, le 18 octobre 2006)<\/span><\/b><\/p>\n<div align=\"justify\" dir=\"ltr\">\n<hr dir=\"ltr\"\/><\/div>\n<p align=\"center\" dir=\"ltr\"><b><a href=\"http:\/\/www.tunisnews.net\/\"><span>Home<\/span><span lang=\"FR-CH\"> &#8211; Accueil <\/span><span>&#8211; <\/span><span dir=\"rtl\" lang=\"AR-SA\">\u0627\u0644\u0631\u0626\u064a\u0633\u064a\u0629<\/span><\/a><\/b><\/p>\n<p><\/body><\/body><\/html><\/p>\n","protected":false},"excerpt":{"rendered":"<p>Home &#8211; Accueil &#8211; \u0627\u0644\u0631\u0626\u064a\u0633\u064a\u0629 \u00a0 TUNISNEWS 7\u00a0\u00e8me\u00a0ann\u00e9e, N\u00b0\u00a02340 du 18.10.2006 \u00a0archives : www.tunisnews.net \u00a0 CNLT: Encore une victime de la lutte antiterroriste ACAT-France: Affaire TEBOURSKI : La Commission des recours des r\u00e9fugi\u00e9s a reconnu de facto que la mobilisation des ONG \u00e9tait fond\u00e9e. Le Figaro: Les voleurs de yachts de la Riviera avaient des [&hellip;]<\/p>\n","protected":false},"author":1,"featured_media":22040,"comment_status":"open","ping_status":"open","sticky":false,"template":"","format":"standard","meta":{"inline_featured_image":false,"site-sidebar-layout":"default","site-content-layout":"","ast-site-content-layout":"default","site-content-style":"default","site-sidebar-style":"default","ast-global-header-display":"","ast-banner-title-visibility":"","ast-main-header-display":"","ast-hfb-above-header-display":"","ast-hfb-below-header-display":"","ast-hfb-mobile-header-display":"","site-post-title":"","ast-breadcrumbs-content":"","ast-featured-img":"","footer-sml-layout":"","ast-disable-related-posts":"","theme-transparent-header-meta":"","adv-header-id-meta":"","stick-header-meta":"","header-above-stick-meta":"","header-main-stick-meta":"","header-below-stick-meta":"","astra-migrate-meta-layouts":"default","ast-page-background-enabled":"default","ast-page-background-meta":{"desktop":{"background-color":"","background-image":"","background-repeat":"repeat","background-position":"center center","background-size":"auto","background-attachment":"scroll","background-type":"","background-media":"","overlay-type":"","overlay-color":"","overlay-opacity":"","overlay-gradient":""},"tablet":{"background-color":"","background-image":"","background-repeat":"repeat","background-position":"center center","background-size":"auto","background-attachment":"scroll","background-type":"","background-media":"","overlay-type":"","overlay-color":"","overlay-opacity":"","overlay-gradient":""},"mobile":{"background-color":"","background-image":"","background-repeat":"repeat","background-position":"center center","background-size":"auto","background-attachment":"scroll","background-type":"","background-media":"","overlay-type":"","overlay-color":"","overlay-opacity":"","overlay-gradient":""}},"ast-content-background-meta":{"desktop":{"background-color":"var(--ast-global-color-5)","background-image":"","background-repeat":"repeat","background-position":"center center","background-size":"auto","background-attachment":"scroll","background-type":"","background-media":"","overlay-type":"","overlay-color":"","overlay-opacity":"","overlay-gradient":""},"tablet":{"background-color":"var(--ast-global-color-5)","background-image":"","background-repeat":"repeat","background-position":"center center","background-size":"auto","background-attachment":"scroll","background-type":"","background-media":"","overlay-type":"","overlay-color":"","overlay-opacity":"","overlay-gradient":""},"mobile":{"background-color":"var(--ast-global-color-5)","background-image":"","background-repeat":"repeat","background-position":"center center","background-size":"auto","background-attachment":"scroll","background-type":"","background-media":"","overlay-type":"","overlay-color":"","overlay-opacity":"","overlay-gradient":""}},"footnotes":""},"categories":[],"tags":[62,37,29],"class_list":["post-16687","post","type-post","status-publish","format-standard","has-post-thumbnail","hentry","tag-62","tag-37","tag-fr"],"_links":{"self":[{"href":"https:\/\/tunisnews.net\/ar\/wp-json\/wp\/v2\/posts\/16687","targetHints":{"allow":["GET"]}}],"collection":[{"href":"https:\/\/tunisnews.net\/ar\/wp-json\/wp\/v2\/posts"}],"about":[{"href":"https:\/\/tunisnews.net\/ar\/wp-json\/wp\/v2\/types\/post"}],"author":[{"embeddable":true,"href":"https:\/\/tunisnews.net\/ar\/wp-json\/wp\/v2\/users\/1"}],"replies":[{"embeddable":true,"href":"https:\/\/tunisnews.net\/ar\/wp-json\/wp\/v2\/comments?post=16687"}],"version-history":[{"count":0,"href":"https:\/\/tunisnews.net\/ar\/wp-json\/wp\/v2\/posts\/16687\/revisions"}],"wp:featuredmedia":[{"embeddable":true,"href":"https:\/\/tunisnews.net\/ar\/wp-json\/wp\/v2\/media\/22040"}],"wp:attachment":[{"href":"https:\/\/tunisnews.net\/ar\/wp-json\/wp\/v2\/media?parent=16687"}],"wp:term":[{"taxonomy":"category","embeddable":true,"href":"https:\/\/tunisnews.net\/ar\/wp-json\/wp\/v2\/categories?post=16687"},{"taxonomy":"post_tag","embeddable":true,"href":"https:\/\/tunisnews.net\/ar\/wp-json\/wp\/v2\/tags?post=16687"}],"curies":[{"name":"wp","href":"https:\/\/api.w.org\/{rel}","templated":true}]}}