{"id":16652,"date":"2008-05-10T00:00:00","date_gmt":"2008-05-10T00:00:00","guid":{"rendered":"https:\/\/tunisnews.net\/10-mai-2008\/"},"modified":"2008-05-10T00:00:00","modified_gmt":"2008-05-10T00:00:00","slug":"10-mai-2008","status":"publish","type":"post","link":"https:\/\/tunisnews.net\/ar\/10-mai-2008\/","title":{"rendered":"10 mai 2008"},"content":{"rendered":"<p><html><head><meta content=\"text\/html\" description=\"      - L\u2019affaire n\u00b011156 dans laquelle sont d\u00e9f\u00e9r\u00e9s Jamel Bouguima, Salem \n      Jarray, Tahar Dhifallah, Oualid Jarray, Ali Grimil, Adel Lachaieb, \n      Salaheddine Messaoudi, Mohammed Mahmoudi, Yazid Chenina, Touhami Bedhiaf \n      en vertu de la loi du 10 d\u00e9cembre 2003, dite anti terroriste. L\u2019acte \n      d\u2019accusation comprend les chefs d\u2019adh\u00e9sion sur le territoire de la \n      R\u00e9publique \u00e0 une organisation terroriste ayant fait du terrorisme un moyen \n      de r\u00e9aliser ses objectifs, d\u2019entra\u00eenements militaires en Tunisie et \u00e0 \n      l\u2019\u00e9tranger en vue de commettre des infractions terroristes sur le \n      territoire de la R\u00e9publique, d\u2019utilisation du territoire de la R\u00e9publique \n      pour recruter et entra\u00eener des personnes en vue de commettre un acte \n      terroriste sur le territoire de la R\u00e9publique, de fourniture d\u2019armes \n      d\u2019explosifs, de munitions et autres mat\u00e9riaux et \u00e9quipements similaires \u00e0 \n      une organisation en rapport avec les infractions terroristes. Ma\u00eetre \n      B\u00e9chir Sid, le b\u00e2tonnier, et Ma\u00eetres Mokhtar Jema\u00ef, Abdelfattah Mourou, \n      Oualid Chemli et Ouissam Ben Achour se sont pr\u00e9sent\u00e9s pour les d\u00e9fendre. \n      Le juge a d\u00e9cid\u00e9 de repousser l\u2019examen de l\u2019affaire au 27 mai 2008.\" http-equiv=\"Content-Type\"\/><\/head><body><body><\/p>\n<p align=\"center\" dir=\"ltr\"><font face=\"Arial\" size=\"2\"><b><a href=\"http:\/\/www.tunisnews.net\"><span>Home<\/span><span lang=\"FR-CH\"> &#8211; Accueil <\/span><\/a><\/b><\/font><\/p>\n<p align=\"left\" dir=\"ltr\">\u00a0<\/p>\n<div> <font face=\"Arial\" size=\"2\">\u00a0  <\/p>\n<div>\n<div>\n<div align=\"center\"> <font face=\"Arial\" size=\"3\"><strong><\/p>\n<p><font> <\/p>\n<div>  <\/div>\n<p> <span lang=\"FR\"> <\/p>\n<div align=\"center\" dir=\"ltr\"> <font size=\"7\"> <span lang=\"SV\">          TUNISNEWS<\/span> <\/font> <\/div>\n<div> <font size=\"2\"><span lang=\"FR\">9\u00a0\u00e8me\u00a0ann\u00e9e, N\u00b0           \u00a02909\u00a0du 10.05.2008<\/span><\/font><\/div>\n<div> <span><blink> <font size=\"2\">\u00a0archives : <\/font><a target=\"_blank\" rel=\"noopener\"> <font size=\"2\" target=\"_blank\">www.tunisnews.net<\/font><\/a><\/blink><\/span><font size=\"2\"> <\/font> <\/div>\n<p> <\/span><\/font><\/p>\n<p><\/strong><\/font> <\/div>\n<div align=\"center\" dir=\"ltr\"> <font size=\"3\"><strong><\/p>\n<hr\/>\n<p><\/strong><\/font> <\/div>\n<div align=\"left\" dir=\"ltr\"> <span lang=\"FR\"> <span lang=\"FR-CH\"><font face=\"Arial\" size=\"2\"> <span lang=\"FR-CH\"> <\/p>\n<div> <font size=\"2\"><strong>AISPP: Proc\u00e8s du 9 mai<\/strong><\/font><\/div>\n<div> <strong><font size=\"2\"><font>AISPP: L<\/font><font face=\"Arial\"><font>e           rapt de B\u00e9chir Yahyaoui<\/font> <\/font><\/font><\/strong> <\/div>\n<div> <strong><font size=\"2\">Libert\u00e9 et Equit\u00e9: Nouvelles des libert\u00e9s en           Tunisie<\/font><\/strong><\/div>\n<div> <strong><font size=\"2\">Comit\u00e9 de soutien aux habitants           du bassin minier: Communiqu\u00e9<\/font><\/strong><\/div>\n<div> <font size=\"2\">AFP: <strong>Tunisie: deux journalistes cessent une           gr\u00e8ve de la faim, proc\u00e8s le 30 mai<\/strong><\/font><\/div>\n<div> <font size=\"2\"><strong><font>AP: Tunisie: deux           journalistes opposants arr\u00eatent leur gr\u00e8ve de la faim<\/font><\/strong> <\/font> <\/div>\n<div> <strong><font size=\"2\">L e Temps: Larbi Chouikha: \u00ab Interdire la libre           expression, qui est l&rsquo;essence m\u00eame de la citoyennet\u00e9, revient \u00e0 renier           \u00e0 l&rsquo;individu le droit d&rsquo;exister comme citoyen \u00bb<\/font><\/strong><\/div>\n<div> <strong><font size=\"2\">Le Monde: La \u00ab\u00a0famille           musulmane\u00a0\u00bb convi\u00e9e au rendez-vous annuel du Bourget<\/font><\/strong><\/div>\n<div>\n<hr\/><\/div>\n<p> <\/span><\/font><\/span><\/span><\/div>\n<\/p><\/div>\n<\/p><\/div>\n<div>    \u00a0<\/div>\n<div>    \u00a0<\/div>\n<div>\n<div align=\"center\">      Libert\u00e9 pour tous les prisonniers politiques       Libert\u00e9 pour Abdallah Zouari, le journaliste exil\u00e9 dans son propre pays              <strong><font>Association Internationale de Soutien aux       Prisonniers politiques<\/font><\/strong>       43 Rue Eldjazira, Tunis       e-mail :        aispptunisie@yahoo.fr  \u00a0<\/div>\n<div align=\"justify\">      \u00a0<\/div>\n<div align=\"justify\">             Tunis, le 9 mai 2008              * La vingt septi\u00e8me chambre criminelle de la Cour d\u2019Appel de Tunis,       pr\u00e9sid\u00e9e par le juge Mannoubi Hamidane, a examin\u00e9 aujourd\u2019hui, vendredi 9       mai 2008 :              &#8211; L\u2019affaire n\u00b011156 dans laquelle sont d\u00e9f\u00e9r\u00e9s Jamel Bouguima, Salem       Jarray, Tahar Dhifallah, Oualid Jarray, Ali Grimil, Adel Lachaieb,       Salaheddine Messaoudi, Mohammed Mahmoudi, Yazid Chenina, Touhami Bedhiaf       en vertu de la loi du 10 d\u00e9cembre 2003, dite anti terroriste. L\u2019acte       d\u2019accusation comprend les chefs d\u2019adh\u00e9sion sur le territoire de la       R\u00e9publique \u00e0 une organisation terroriste ayant fait du terrorisme un moyen       de r\u00e9aliser ses objectifs, d\u2019entra\u00eenements militaires en Tunisie et \u00e0       l\u2019\u00e9tranger en vue de commettre des infractions terroristes sur le       territoire de la R\u00e9publique, d\u2019utilisation du territoire de la R\u00e9publique       pour recruter et entra\u00eener des personnes en vue de commettre un acte       terroriste sur le territoire de la R\u00e9publique, de fourniture d\u2019armes       d\u2019explosifs, de munitions et autres mat\u00e9riaux et \u00e9quipements similaires \u00e0       une organisation en rapport avec les infractions terroristes. Ma\u00eetre       B\u00e9chir Sid, le b\u00e2tonnier, et Ma\u00eetres Mokhtar Jema\u00ef, Abdelfattah Mourou,       Oualid Chemli et Ouissam Ben Achour se sont pr\u00e9sent\u00e9s pour les d\u00e9fendre.       Le juge a d\u00e9cid\u00e9 de repousser l\u2019examen de l\u2019affaire au 27 mai 2008.              &#8211; L\u2019affaire n\u00b010737 dans laquelle sont d\u00e9f\u00e9r\u00e9s Ridha Ben Ga\u00efed, Soufiane       Rezgui, Ikram Hammami, Hosni Yefreni en vertu de la loi du 10 d\u00e9cembre       2003, dite antiterroriste. Le Batonnier, Ma\u00eetre B\u00e9chir Sid et Ma\u00eetres       Noureddine Behiri et Anouar Kousri ont plaid\u00e9 en leur d\u00e9fense.       Le juge a d\u00e9cid\u00e9 ensuite de lever la s\u00e9ance pour le d\u00e9lib\u00e9r\u00e9 et le       prononc\u00e9 du jugement. En premi\u00e8re instance, les condamnations allaient de       7 \u00e0 9 ans.              * la onzi\u00e8me chambre criminelle de la Cour d\u2019Appel de Tunis, pr\u00e9sid\u00e9e par       le juge Farouk Gharbi, a examin\u00e9 aujourd\u2019hui, vendredi 9 mai:              &#8211; l\u2019affaire n\u00b010602 dans laquelle sont d\u00e9f\u00e9r\u00e9s Karim Mahdaoui, Abdelbari       Elayeb, Hichem Mana\u00ef, Mahjoub Zayani, Nader Ferchichi, Ali Sa\u00efdi, Hosni       Nasri, Anis Krifi, Abdelhalim Aroua, Taoufik Kadri, Tarek Boukhili, Okba       Nasri, Mohammed Abbachi, Tarek Hammami, Maher Chammam, Aymen Ghrib, Mimoun       Alloucha, Lamjed Homri, Sabri Mejri, Mohammed Karoui, Zyed Ben Jeddou,       Ferjani Mchergui, Ibrahim Ben Hamida, Heulmi Boughanmi, Lamjed Karghali,       Ch\u00e9kib Omri, Saber Mekkaoui et Mohammed Omri, accus\u00e9s d\u2019adh\u00e9sion sur le       territoire de la R\u00e9publique \u00e0 une entente ayant fait du terrorisme un       moyen de concr\u00e9tiser ses objectifs, d\u2019incitation \u00e0 adh\u00e9rer \u00e0 une       organisation terroriste, de fourniture d\u2019armes, d\u2019explosifs, de munitions,       et autres mat\u00e9riaux et \u00e9quipements similaires \u00e0 une organisation       terroriste, de fourniture d\u2019informations \u00e0 une organisation terroriste.       Ma\u00eetres Noureddine Behiri, Anouar Aouled Ali, Samir Ben Amor, Abderraouf       Ayadi, Radhia Nasraoui, Youssef Belhajj, Dhiaeddine Mourou, Samir Dilou,       Mohammed Habib Mokdad, Samir Hazami, Mohammed Mathlouthi, Sa\u00efda Akrami et       Mourad Boulares se sont pr\u00e9sent\u00e9s pour les d\u00e9fendre. Le juge a d\u00e9cid\u00e9 de       commencer par l\u2019interrogatoire des accus\u00e9s et de remettre les plaidoiries       \u00e0 la prochaine s\u00e9ance. L\u2019interrogatoire des accus\u00e9s a vu ces derniers       affirmer avoir \u00e9t\u00e9 soumis \u00e0 la torture pour avouer et signer des proc\u00e8s       verbaux les incriminant. La s\u00e9ance a \u00e9t\u00e9 le th\u00e9\u00e2tre d\u2019anecdotes curieuses       : comme l\u2019accus\u00e9 Nader Ferchichi qui avait commenc\u00e9 \u00e0 faire la pri\u00e8re un       mois et demi avant son arrestation, ce qui n\u2019a pas emp\u00each\u00e9 le juge de lui       demander s\u2019il n\u2019avait pas form\u00e9 l\u2019un des accus\u00e9s \u00e0 la \u00ab pens\u00e9e salafiste       jihadiste \u00bb ! Le juge a \u00e9galement demand\u00e9 \u00e0 l\u2019un des accus\u00e9s de       s\u2019expliquer sur ses nombreuses rencontres avec l\u2019accus\u00e9 Hichem Mana\u00ef, ce \u00e0       quoi il a r\u00e9pondu \u00ab c\u2019est moi, Hichem Mana\u00ef ! \u00bb. Le juge a \u00e9galement fait       savoir au greffier qu\u2019il devait se garder de mentionner le mot \u00ab torture       \u00bb, mais se contenter du terme \u00ab contrainte \u00bb !       [\u2026]       Pour la commission de suivi des proc\u00e8s       Le secr\u00e9taire g\u00e9n\u00e9ral de l\u2019Association       <strong><font>Ma\u00eetre Samir Dilou<\/font><\/strong> <font>(traduction d\u2019extraits ni revue ni corrig\u00e9e par les       auteurs de la version en arabe, LT)<\/font> \u00a0<\/div>\n<div align=\"justify\">\n<hr\/><\/div>\n<div align=\"center\">             Libert\u00e9 pour tous les prisonniers politiques       Libert\u00e9 pour Abdallah Zouari, le journaliste exil\u00e9 dans son propre pays              <strong><font>Association Internationale de Soutien aux       Prisonniers politiques<\/font><\/strong>       43 Rue Eldjazira, Tunis       e-mail :        aispptunisie@yahoo.fr  \u00a0<\/div>\n<div align=\"justify\">      Tunis, le 8 mai 2008              B\u00e9chir Yahyaoui a \u00e9t\u00e9 kidnapp\u00e9 il y a une semaine              Les instances de la S\u00fbret\u00e9 continuent de dissimuler ce qu\u2019il a pu advenir       du jeune B\u00e9chir Ben Salah Ben Mohammed Yahyaoui, originaire de Menzel       Bourguiba ( n\u00e9 le 8 ao\u00fbt 1985) qui a \u00e9t\u00e9 enlev\u00e9 le matin du vendredi 2 mai       2008. La famille de ce dernier affirme qu\u2019il a \u00e9t\u00e9 emmen\u00e9 de leur domicile       de Menzel Bourguiba par des personnes en civil qui ont refus\u00e9 de d\u00e9cliner       leur identit\u00e9, probablement des agents de la police politique.       [\u2026]L\u2019association attire l\u2019attention sur la situation particuli\u00e8re de cette       famille sinistr\u00e9e : le p\u00e8re est sourd et mal voyant, la m\u00e8re est atteinte       de maladies chroniques. [\u2026]       Pour l\u2019Association       Le vice-Pr\u00e9sident       <strong><font>Ma\u00eetre Abdelwahab Maatar<\/font><\/strong> <font>(traduction d\u2019extraits ni revue ni corrig\u00e9e par les       auteurs de la version en arabe, LT)<\/font>               \u00a0<\/div>\n<div align=\"justify\">\n<hr\/><\/div>\n<div align=\"center\">      Sauvez la vie du prisonnier politique et ing\u00e9nieur Ridha Boukadi       Libert\u00e9 pour Slim Boukhdhir, la plume libre              <strong><font>Libert\u00e9 et Equit\u00e9<\/font><\/strong>       Organisation de droits de l\u2019homme ind\u00e9pendante       33 rue Mokhtar Atya, 1001 Tunis       Tel\/fax: 71 340 860       Email : liberte.equite@gmail.com              Tunis, le 8 mai 2008              <strong><\/p>\n<h2 style=\"color: red;\"><font size=\"3\">Nouvelles des libert\u00e9s en Tunisie<\/font><\/h2>\n<p><\/strong><\/div>\n<div align=\"justify\">      \u00a0<\/div>\n<div align=\"justify\">      Ma\u00eetre Abderraouf Ayadi a d\u00e9pos\u00e9 une plainte aupr\u00e8s du Procureur de la       R\u00e9publique du Tribunal de Premi\u00e8re Instance de Tunis,(n\u00b0 2008\/7030944) le       6 mai 2008, pour Khatib Ben Hannachi Boukhari, actuellement incarc\u00e9r\u00e9 \u00e0 la       prison de Mornaguia o\u00f9 il effectue une peine de trois ans, contre le       d\u00e9nomm\u00e9 Nasreddine Sa\u00efdi, officier de l\u2019administration de la S\u00fbret\u00e9 de       l\u2019Etat et contre toute personne que r\u00e9v\u00e8lerait l\u2019enqu\u00eate, concernant les       infractions de falsification, de d\u00e9tention de faux, et de vol qualifi\u00e9       lors de l\u2019arrestation de son client \u00e0 son domicile sis \u00e0 Sidi Ali Ben Aoun       alors que Khatib Boukhari est aveugle, qu\u2019il a donn\u00e9 des le\u00e7ons de       jurisprudence coranique qu\u2019il a r\u00e9dig\u00e9es sur quatre mille pages in\u00e9dites       qui ont \u00e9t\u00e9 saisies sans qu\u2019il y ait eu proc\u00e8s verbal de saisie, et il y a       eu falsification de sa date d\u2019arrestation pour dissimuler le d\u00e9passement       du d\u00e9lai de garde \u00e0 vue. [\u2026]       Les forces de la police politique de Menzel Bourguiba ont arr\u00eat\u00e9 le jeune       B\u00e9chir Ben Salah Ben Mohammed Bejaoui, un technicien sup\u00e9rieur, vendredi       dernier sans pr\u00e9venir sa famille qui ne sait toujours pas o\u00f9 il est d\u00e9tenu.       Jeudi 8 mai, le chef de la brigade judiciaire, accompagn\u00e9 d\u2019un agent de la       police politique, relevant du poste de police de Menzel Bourguiba, ont       interpell\u00e9 jeudi 8 mars 2008 les deux s\u0153urs de l\u2019ex prisonnier politique       Borhane Dridi pour les contraindre \u00e0 enlever leur tenue et leur faire       signer un engagement \u00e0 cet effet.       [\u2026]       Pour le bureau ex\u00e9cutif de l\u2019Organisation       Le secr\u00e9taire g\u00e9n\u00e9ral       <strong><font>Monsieur Zouha\u00efer Makhlouf       <\/font><\/strong><font>(traduction d&rsquo;extraits ni revue ni       corrig\u00e9e par les auteurs de la version en arabe, LT)<\/font><\/div>\n<div align=\"justify\">\n<hr\/><\/div>\n<div align=\"center\"> <strong><font>Comit\u00e9 de soutien aux habitants du bassin       minier<\/font><\/strong> <strong><font size=\"3\">Communiqu\u00e9*<\/font><\/strong><\/div>\n<div align=\"justify\">      \u00a0<\/div>\n<div align=\"justify\">      Le Comit\u00e9 national de soutien aux populations du bassin minier exprime sa       pr\u00e9occupation et sa profonde inqui\u00e9tude de la poursuite du bouclage       policier de la ville d\u2019OUM LARAYES qui dure depuis trois jours.       La ville \u00e9touffe sous une forte pression polici\u00e8re qui ne fait       qu\u2019alimenter les protestations et les confrontations des habitants avec       les forces de police.       Des t\u00e9moins pr\u00e9sents sur place relatent que la ville est couverte par des       fum\u00e9es noires d\u00e9gag\u00e9es par la quantit\u00e9 impressionnante de gaz lacrymog\u00e8ne       d\u00e9vers\u00e9e sur la ville et par les incendies de pneus.       Le Comit\u00e9 national a \u00e9t\u00e9 inform\u00e9 par les habitants que les gazs       lacrymog\u00e8nes n\u2019ont \u00e9pargn\u00e9 ni les quartiers r\u00e9sidentiels, ni les maisons,       ni les \u00e9coles. Des dizaines de cas d\u2019asphyxie, d\u2019\u00e9touffement et de perte       de connaissance ont \u00e9t\u00e9 enregistr\u00e9s. Les violences polici\u00e8res se sont       abattues sur l\u2019ensemble de la population sans distinction d\u2019\u00e2ge.        Ce tourbillon de violence qui dure depuis jours a litt\u00e9ralement paralys\u00e9       tout mouvement dans la ville d\u2019OUM LARAYES : les \u00e9l\u00e8ves ont d\u00e9sert\u00e9 \u00e9coles       et coll\u00e8ges ; les commerces et magasins ont baiss\u00e9 leurs rideaux et m\u00eame       les services publics ont ferm\u00e9.       Par t\u00e9l\u00e9phone, l\u2019un des habitants nous a appris qu\u2019il ne trouve plus un       endroit o\u00f9 se procurer du lait pour son nourrisson.       Face \u00e0 cette escalade de violence extr\u00eamement grave contre la population       de toute une ville, le Comit\u00e9 national de soutien aux populations du       bassin minier :       \u00a7\u00a0\u00a0\u00a0\u00a0\u00a0\u00a0\u00a0\u00a0 exprime sa pleine et enti\u00e8re solidarit\u00e9 avec les habitants d\u2019OUM       LARAYES ;       \u00a7\u00a0\u00a0\u00a0\u00a0\u00a0\u00a0\u00a0\u00a0 exige des autorit\u00e9s l\u2019arr\u00eat de toutes les formes de provocation       polici\u00e8re, de violences, d\u2019arrestations, descentes polici\u00e8res et la lev\u00e9e       imm\u00e9diate du bouclage policier que subit les populations ;       \u00a7\u00a0\u00a0\u00a0\u00a0\u00a0\u00a0\u00a0\u00a0 appelle les autorit\u00e9s \u00e0 faire revenir le calme par l\u2019ouverture       d\u2019un dialogue avec toutes les composantes de la soci\u00e9t\u00e9 civile en vue de       trouver des portes de sortie et des solutions pour les probl\u00e8mes pendants       dont le plus culminant est le ch\u00f4mage end\u00e9mique qui touche de larges       couches de la population.              Pour le Comit\u00e9 de soutien aux habitants du bassin minier       <strong><font>Messoud Romdhani<\/font><\/strong>       9 mai 2008              Le comit\u00e9 de soutien aux luttes des populations du bassin minier de Gafsa       \u00e0 Paris se joint \u00e0 cet appel et tient \u00e0 exprimer \u00e0 la population d\u2019OUM       LARAYES et \u00e0 tous les habitants du        bassin.minier@hotmail.com. www.ftcr.eu \u00a0<\/p>\n<hr\/>\n<p><font face=\"Arial\"> <\/p>\n<div align=\"justify\">\n<p align=\"center\"> <font size=\"2\"><strong>Mouvement\u00a0 \u201cETTAJDID-France\u201d<\/strong><\/font><\/p>\n<p align=\"center\"> <font size=\"2\"><strong>C\/\u00b0 Mohamed-Lakhdar Ellala<\/strong><\/font><\/p>\n<p align=\"center\"> <font size=\"2\">Apt. 984, 2, Square des C\u00e9vennes<\/font><\/p>\n<p align=\"center\"> <font size=\"2\">92160 Antony<\/font><\/p>\n<p align=\"center\"> <font size=\"2\">Tel.\u00a0: 0685109440<\/font><\/p>\n<p>\u00a0<\/p>\n<p>\u00a0<\/p>\n<p>\u00a0<\/p>\n<p>\u00a0<\/p>\n<p>\u00a0<\/p>\n<p align=\"center\"> <span><font size=\"2\"> <\/font><strong><font size=\"2\"><font>Invitation<\/font> \u00a0<\/font><\/strong><\/span><\/p>\n<p>\u00a0<\/p>\n<p>\u00a0<\/p>\n<p>\u00a0<\/p>\n<p> <font size=\"2\">Au nom du Mouvement \u201cETTAJDID- France\u201d, nous avons le         plaisir de vous inviter \u00e0 une rencontre-d\u00e9bat avec le Premier Secr\u00e9taire         du Mouvement\u00a0 \u201cETTAJDID\u201d, Ahmed BRAHIM.<\/font><\/p>\n<p> <font size=\"2\">Cette rencontre est plac\u00e9e sous le th\u00e8me\u00a0: <\/font><\/p>\n<p align=\"center\">\u00a0<\/p>\n<p align=\"center\">\n<h2 style=\"color: red;\"><font size=\"2\"><strong><u><span>        Ettajdid, le p\u00f4le d\u00e9mocratique progressiste en Tunisie: exigences et         \u00e9ch\u00e9ances<\/span><\/u><span>.<\/span><\/strong><\/font><\/h2>\n<\/p>\n<p align=\"center\">\u00a0<\/p>\n<p align=\"center\"> <strong><font size=\"2\">Le 14 mai 2008 \u00e0 partir de 19h00<\/font><\/strong><\/p>\n<p align=\"center\"> <strong><font size=\"2\">\u00c0 la Bourse du Travail, 3, rue Ch\u00e2teau d\u2019eau,         75010 Paris, M\u00b0 R\u00e9publique<\/font><\/strong><\/p>\n<p align=\"center\"> <strong><font size=\"2\">Salle Eug\u00e8ne Verlin\u00a0 (F\u00e9d\u00e9ration CGT         Agro-alimentaire)<\/font><\/strong><\/p>\n<p>\u00a0<\/p>\n<p> <font size=\"2\">Comptant sur votre pr\u00e9sence, veuillez agr\u00e9er, cher (e)         ami (e) cher (e) camarade, nos salutations amicales.<\/font><\/p>\n<p>\u00a0<\/p>\n<p> <font size=\"2\"><span>Pour Mouvement\u00a0 \u201cETTAJDID         \u201d<\/span><\/font><\/p>\n<p> <span><font size=\"2\">Mohamed-Lakhdar ELLALA<\/font><\/span><\/p>\n<p> <span><font size=\"2\">Membre de la Commission         politique <\/font><\/span> <\/p>\n<\/div>\n<p> <\/font><\/div>\n<div align=\"justify\">\n<hr\/><\/div>\n<div align=\"center\"> <strong><\/p>\n<h2 style=\"color: red;\"><font size=\"3\">Tunisie: deux journalistes cessent       une gr\u00e8ve de la faim, proc\u00e8s le 30 mai<\/font><\/h2>\n<p><\/strong> \u00a0<\/div>\n<div align=\"justify\">      10 mai 2008<\/div>\n<div align=\"justify\">             TUNIS (AFP) &#8211; Deux journalistes de l&rsquo;hebdomadaire d&rsquo;opposition tunisien       Al-Mawkif ont cess\u00e9 samedi une gr\u00e8ve de la faim commenc\u00e9e le 26 avril pour       protester contre des pressions attribu\u00e9es au pouvoir et visant, selon eux,       \u00e0 \u00e9touffer leur journal.              \u00ab\u00a0Nous avons d\u00e9cid\u00e9 de rompre le je\u00fbne afin de poursuivre autrement notre       combat pour la survie d&rsquo;Al-Mawkif\u00a0\u00bb, a annonc\u00e9 en conf\u00e9rence de presse       Rachid Khechana, r\u00e9dacteur en chef de cet organe du Parti d\u00e9mocratique       progressiste (PDP, l\u00e9gal).              \u00ab\u00a0Les objectifs de la gr\u00e8ve ont \u00e9t\u00e9 pleinement atteint aux plans politiques       et m\u00e9diatiques\u00a0\u00bb, a affirm\u00e9 de son c\u00f4t\u00e9 Maya Jribi, secr\u00e9taire g\u00e9n\u00e9rale du       PDP, faisant \u00e9tat d&rsquo;un \u00ab\u00a0retour \u00e0 la normale\u00a0\u00bb des ventes du journal, qui       titre \u00e0 10.000 exemplaires.              Les gr\u00e9vistes ont rompu leur je\u00fbne avec des dattes offertes par Souhayr       Belhassen, pr\u00e9sidente tunisienne de la F\u00e9d\u00e9ration internationale des       droits de l&rsquo;Homme (FIDH).       Mme Belhassen, qui a fait le d\u00e9placement depuis Paris, a notamment salu\u00e9       \u00ab\u00a0la r\u00e9sistance des d\u00e9mocrates tunisiens, qui vivent sous pression\u00a0\u00bb, selon       elle.              Le d\u00e9but de la gr\u00e8ve, qui intervenait 48 heures avant la visite d&rsquo;Etat du       pr\u00e9sident fran\u00e7ais Nicolas Sarkozy en Tunisie avait \u00e9t\u00e9 qualifi\u00e9e de \u00ab\u00a0manoeuvre       d\u00e9magogique et opportuniste\u00a0\u00bb par le gouvernement.              M. Khechana et Mongi Ellouze avaient annonc\u00e9 une gr\u00e8ve \u00ab\u00a0illimit\u00e9e\u00a0\u00bb pour       d\u00e9noncer des \u00ab\u00a0manoeuvres politiques\u00a0\u00bb contre Al-Mawkif, selon eux, cible de       saisies r\u00e9p\u00e9t\u00e9es, blocus financier et obstacles \u00e0 sa distribution.              Les deux journalistes \u00e9taient entour\u00e9s de nombreux avocats mobilis\u00e9s pour       la d\u00e9fense du journal, dont le r\u00e9dacteur en chef et directeur Ahmed Nejib       Chebbi, \u00e9taient appel\u00e9s \u00e0 compara\u00eetre en justice samedi.              Le tribunal a report\u00e9 au 30 mai l&rsquo;examen de plaintes d\u00e9pos\u00e9es contre eux       par cinq soci\u00e9t\u00e9s r\u00e9clamant 300.000 euros de d\u00e9dommagements pour des       pertes pr\u00e9sum\u00e9es apr\u00e8s la publication d&rsquo;un article sur la distribution       d&rsquo;une huile de table frelat\u00e9e.              Dans un communiqu\u00e9, son comit\u00e9 de r\u00e9daction a affirm\u00e9 que Al-Mawkif       n&rsquo;avait fait que \u00ab\u00a0commenter\u00a0\u00bb une information publi\u00e9e le 30 mars par le       journal alg\u00e9rien Al-Khabar concernant la distribution en Alg\u00e9rie de cette       huile en provenance de Tunisie.       Il consid\u00e8re que les poursuites engag\u00e9es contre le journal rel\u00e8vent d&rsquo;un \u00ab\u00a0proc\u00e8s       d&rsquo;opinion\u00a0\u00bb et s&rsquo;inscrit \u00ab\u00a0dans la s\u00e9rie d&rsquo;exactions qui avait contraint       deux de ses journalistes \u00e0 la gr\u00e8ve de la faim\u00a0\u00bb.              Les autorit\u00e9s avaient formellement d\u00e9menti avoir provoqu\u00e9 ces poursuites       et accus\u00e9 les dirigeants du journal de vouloir \u00ab\u00a0se d\u00e9rober \u00e0 leurs       responsabilit\u00e9s l\u00e9gales\u00a0\u00bb.    <\/div>\n<div align=\"center\"> <font size=\"3\"><\/p>\n<hr\/>\n<p><\/font> <\/div>\n<div align=\"center\"> <strong><\/p>\n<h2 style=\"color: red;\"><font size=\"3\">Tunisie: deux journalistes       opposants arr\u00eatent leur gr\u00e8ve de la faim<\/font><\/h2>\n<p><\/strong> <\/div>\n<div align=\"justify\">      \u00a0<\/div>\n<div align=\"justify\">      samedi 10 mai, 11 h 05        The Associated Press       TUNIS &#8211; Les deux journalistes tunisiens qui observaient une gr\u00e8ve de la       faim depuis deux semaines pour protester contre les entraves faites \u00e0 leur       publication et d\u00e9fendre la libert\u00e9 de presse en Tunisie ont annonc\u00e9 samedi       l&rsquo;arr\u00eat de leur mouvement.        Lors d&rsquo;une conf\u00e9rence de presse, le r\u00e9dacteur en chef de l&rsquo;hebdomadaire Al       Mawkef, organe du parti d\u00e9mocratique progressiste (PDP, formation de       l&rsquo;opposition l\u00e9gale en Tunisie), Rachid Kh\u00e9chana et le directeur de la       r\u00e9daction, Mongi Ellouze, ont motiv\u00e9 leur d\u00e9cision par \u00ab\u00a0le succ\u00e8s\u00a0\u00bb qui a       couronn\u00e9 leur action.        Selon la dirigeante du PDP Maya Jribi, la gr\u00e8ve \u00ab\u00a0a atteint ses objectifs\u00a0\u00bb.       Elle a relev\u00e9 avec satisfaction \u00ab\u00a0le retour presque \u00e0 la normale\u00a0\u00bb de la       distribution de l&rsquo;hebdomadaire au cours des deux derni\u00e8res semaines, en se       f\u00e9licitant de l&rsquo;impact m\u00e9diatique de cette gr\u00e8ve aussi bien en Tunisie       qu&rsquo;\u00e0 l&rsquo;\u00e9tranger.        Les responsables d&rsquo;Al Mawkef se plaignaient des \u00ab\u00a0saisies d\u00e9guis\u00e9es\u00a0\u00bb dont       leur publication a fait l&rsquo;objet depuis pr\u00e8s de deux mois et qui la       mena\u00e7aient de disparition, d&rsquo;autant qu&rsquo;elle est priv\u00e9e de subventions et       de publicit\u00e9s publiques.        Les autorit\u00e9s ont, de leur c\u00f4t\u00e9, constamment ni\u00e9 ces accusations, assurant       que les journaux de l&rsquo;opposition sont distribu\u00e9s \u00ab\u00a0en toute libert\u00e9\u00a0\u00bb.        Les deux gr\u00e9vistes ont d\u00e9clar\u00e9 que leur d\u00e9cision avait \u00e9t\u00e9 prise \u00e0 la       suite des \u00ab\u00a0bons offices\u00a0\u00bb d&rsquo;importantes personnalit\u00e9s de la soci\u00e9t\u00e9 civile,       dont la pr\u00e9sidente de la F\u00e9d\u00e9ration internationale des droits de l&rsquo;Homme (FIDH),       Souhayr Belhassen, pr\u00e9sente \u00e0 Tunis, le pr\u00e9sident du syndicat des       journalistes tunisiens (SNJT), N\u00e9ji Boughouri et l&rsquo;ancien b\u00e2tonnier,       Abdssattar Ben Moussa.        Ils ont n\u00e9anmoins insist\u00e9 sur leur d\u00e9termination \u00e0 \u00ab\u00a0poursuivre la lutte       par tous les moyens pacifiques\u00a0\u00bb pour d\u00e9fendre l&rsquo;existence de leur journal.             Parmi les dossiers encore en suspens: une affaire en justice engag\u00e9e       contre les dirigeants de l&rsquo;hebdomadaire par cinq soci\u00e9t\u00e9s de       commercialisation d&rsquo;huile v\u00e9g\u00e9tale. S&rsquo;estimant l\u00e9s\u00e9s par un article d&rsquo;Al       Mawkef mettant en question la qualit\u00e9 de cette huile, les plaignants       r\u00e9clament un d\u00e9dommagement de quelque 270.000 euros.        Le proc\u00e8s qui s&rsquo;est ouvert samedi devant le tribunal de premi\u00e8re instance       de Tunis, en pr\u00e9sence d&rsquo;un repr\u00e9sentant du SNJT et de diplomates am\u00e9ricain       et finlandais, a \u00e9t\u00e9 report\u00e9 au 31 mai \u00e0 la demande de la d\u00e9fense.    <\/div>\n<div align=\"justify\">              \u00a0<\/div>\n<div align=\"justify\">\n<hr\/><\/div>\n<div align=\"center\">                           Nationales       <strong><font>\u00a0Larbi Chouikha, militant pour les droits de       l&rsquo;homme :<\/font><\/strong> <strong><\/p>\n<p><font size=\"3\">\u00ab Interdire la libre expression,       qui est l&rsquo;essence m\u00eame de la citoyennet\u00e9, revient \u00e0 renier \u00e0 l&rsquo;individu le       droit d&rsquo;exister comme citoyen \u00bb<\/font><\/p>\n<p><\/strong><\/div>\n<div align=\"justify\">             \u00a0Enseignant universitaire \u00e0 l&rsquo;Institut de Presse, collaborateur dans des       publications ind\u00e9pendantes en Tunisie et \u00e0 l&rsquo;\u00e9tranger et surtout, connu       depuis longtemps, pour ses engagements en faveur de la libert\u00e9       d&rsquo;expression et pour l&rsquo;autonomie des journalistes, Larbi Chouikha, nous       livre ses r\u00e9flexions sur l&rsquo;\u00e9tat de la libert\u00e9 d&rsquo;expression et       d&rsquo;information dans les pays arabes et d\u00e9veloppe ses propositions en vue       d&rsquo;impulser au secteur des m\u00e9dias dans notre pays plus de libert\u00e9,       d&rsquo;autonomie et de transparence.              \u00a0Le Temps : Quel est l&rsquo;\u00e9tat actuel de la libert\u00e9 d&rsquo;expression dans le       monde arabe en g\u00e9n\u00e9ral ?       Larbi Chouikha : La r\u00e9gion arabe d\u00e9tient le triste record du nombre des       sites Internet bloqu\u00e9s ou prohib\u00e9s, mais aussi, des personnes condamn\u00e9es       et incarc\u00e9r\u00e9es du fait de leur usage d&rsquo;Internet, des syst\u00e8mes de contr\u00f4le       (logiciels et polices d&rsquo;Internet) \u00e9rig\u00e9s pour surveiller tous ceux qui       naviguent sur la Toile. Et voil\u00e0 que maintenant, les ministres de       l&rsquo;Information des Etats arabes veulent &#8211; par euph\u00e9misme &#8211; \u00ab\u00a0r\u00e9guler le       fonctionnement des cha\u00eenes de t\u00e9l\u00e9vision satellitaires\u00a0\u00bb. A cet effet, ils       ont adopt\u00e9 une Charte qui rec\u00e8le des mesures dangereuses pour la libert\u00e9       d&rsquo;expression et pour le libre d\u00e9ploiement de ces t\u00e9l\u00e9visions. Ces       dispositions \u00e9noncent de nombreuses conditionnalit\u00e9s formul\u00e9es en des       termes aussi impr\u00e9cis que volontairement vagues comme, respecter \u00ab les       principes de la solidarit\u00e9 arabe \u00bb, \u00ab les symboles nationaux et religieux       \u00bb, ne pas l\u00e9ser \u00ab aux int\u00e9r\u00eats supr\u00eames des Etats arabes \u00bb sans oublier,       les sempiternelles notions comme \u00ab la soci\u00e9t\u00e9, l&rsquo;unit\u00e9 nationale, l&rsquo;ordre       g\u00e9n\u00e9ral ou les m\u0153urs \u00bb. En fait, les plus vis\u00e9es par ces dispositions       liberticides, ce sont, d&rsquo;abord, El Jazira et d&rsquo;autres cha\u00eenes qui se       distinguent par leur libert\u00e9 de ton. La particularit\u00e9 de ces cha\u00eenes,       c&rsquo;est qu&rsquo;elles d\u00e9rangent et agacent m\u00eame les pouvoirs en place. D&rsquo;abord,       parce qu&rsquo;elles sont davantage regard\u00e9es et m\u00eame, plus pris\u00e9es que les       t\u00e9l\u00e9visions nationales &#8211; publiques &#8211; ; ensuite, parce qu&rsquo;elles sont       souvent critiques \u00e0 leur \u00e9gard et osent traiter des sujets encore tabous&#8230;       ; et enfin, parce qu&rsquo;elles \u00e9chappent totalement \u00e0 leur emprise et offrent       pour les populations arabes frustr\u00e9es des bouff\u00e9es d&rsquo;oxyg\u00e8ne. D&rsquo;ailleurs,       plusieurs de nos gouvernements n&rsquo;ont pas attendu l&rsquo;adoption de cette       Charte pour s&rsquo;attaquer directement \u00e0 la cha\u00eene El Jazira en fermant ses       bureaux, en emp\u00eachant ses correspondants de travailler, en menant       campagnes contre elle.        Dans la plupart des r\u00e9gions du monde arabe, la presse et les journalistes       sont parfois la cible des pouvoirs en place : intimidations, pressions,       arrestations, et parfois m\u00eame condamnations prennent une dimension       inqui\u00e9tante, essentiellement depuis le d\u00e9clenchement de \u00ab la lutte contre       le terrorisme \u00bb               <strong>Quels sont les obstacles qui se dressent contre l&rsquo;\u00e9closion de       m\u00e9dias libres et ind\u00e9pendants du pouvoir politique dans nos pays ?<\/strong>\u00a0             Il convient tout d&rsquo;abord de partir du postulat que la libre expression et       la libre circulation des informations, des id\u00e9es, des opinions &#8211;       fussent-elles minoritaires &#8211; constituent l&rsquo;essence m\u00eame de notre       citoyennet\u00e9. Interdire ou entraver l&rsquo;exercice de cette libert\u00e9       fondamentale, revient \u00e0 renier \u00e0 l&rsquo;individu le droit d&rsquo;exister comme       citoyen \u00e0 part enti\u00e8re. A partir de ce constat, l&rsquo;apprentissage et       l&rsquo;inculcation de la d\u00e9mocratie et de la libert\u00e9 ne s&rsquo;acqui\u00e8rent que dans       un contexte de foisonnement des opinions contradictoires, voire       antinomiques.        Or, la mainmise, plus ou moins totale selon les pays &#8211; du pouvoir       politique qui se confond souvent \u00e0 l&rsquo;Etat, au parti au pouvoir &#8211; sur tous       les circuits de la production \u00e0 la diffusion de l&rsquo;information, mais aussi       dans la distribution de la manne publicitaire et les subsides de l&rsquo;Etat,       r\u00e9duit la libert\u00e9 de man\u0153uvre des journalistes et emp\u00eache ainsi tout       \u00e9panouissement d&rsquo;une presse libre et r\u00e9ellement ind\u00e9pendante. En effet,       depuis l&rsquo;aube des ind\u00e9pendances et jusqu&rsquo;\u00e0 nos jours, l&rsquo;information est       per\u00e7ue par nos Etats comme un appareil qu&rsquo;ils r\u00e9gentent \u00e0 leur guise et       l&rsquo;utilisent souvent comme un instrument de propagande. Certes, des       \u00e9volutions s&rsquo;esquissent dans certains pays du Maghreb en faveur d&rsquo;une plus       grande libert\u00e9 mais celles-ci sont toujours dict\u00e9es par\u00a0 \u00ab en haut \u00bb,       c&rsquo;est-\u00e0-dire ; qu&rsquo;elles sont impuls\u00e9es par le pouvoir politique dans des       situations caract\u00e9ris\u00e9es par des crises structurelles aigu\u00ebs qui       l&rsquo;affectent directement ! En cons\u00e9quence, toutes les \u00ab ouvertures       d\u00e9mocratiques \u00bb observ\u00e9es ici et l\u00e0 sont loin d&rsquo;\u00eatre irr\u00e9versibles. Et de       surcro\u00eet, en l&rsquo;absence de traditions d\u00e9mocratiques ancr\u00e9es dans nos       soci\u00e9t\u00e9s, toute mobilisation publique massive &#8211; y compris, des       journalistes eux-m\u00eames &#8211; en faveur de la libre expression et pour la       promotion d&rsquo;espaces totalement ind\u00e9pendants de l&rsquo;Etat, demeure extr\u00eamement       limit\u00e9e.               Une amorce de prise de conscience par la profession       <strong>En Tunisie, pourtant, des \u00e9volutions positives ont \u00e9t\u00e9       enregistr\u00e9es ?<\/strong>       Je ne sais trop ce que recouvre le qualificatif \u00ab \u00e9volutions positives \u00bb,       mais je constate en effet, ces derniers mois, une \u00e9bauche de prise de       conscience par la profession. Et pour preuves, le rapport audacieux r\u00e9dig\u00e9       par sept journalistes de \u00ab La Presse \u00bb sur leurs conditions de vie et de       travail dans leur entreprise, tout autant, l&rsquo;av\u00e8nement du SJT et les       prises de position publiques qu&rsquo;il a affich\u00e9es, mais aussi la       prolif\u00e9ration des blogs anim\u00e9s par des journalistes au ton souvent       critique,&#8230; ce sont autant de signes qui montrent que les journalistes ne       sont pas tous indiff\u00e9rents, voire compl\u00e8tement d\u00e9sar\u00e7onn\u00e9s face aux       obstacles qui les \u00e9treignent. Il faut tout de m\u00eame rendre hommage \u00e0       l&rsquo;action de la presse ind\u00e9pendante mais aussi aux titres de l&rsquo;opposition       qui essaient &#8211; tant bien que mal &#8211; d&rsquo;impulser un d\u00e9bat contradictoire et       surtout, \u00e0 briser quelques tabous !              <strong>Il va sans dire que depuis vingt ans, plusieurs r\u00e9formes &#8211;       l\u00e9gislatives et institutionnelles ont \u00e9t\u00e9 impuls\u00e9es&#8230;<\/strong>        Pour ma part, je persiste \u00e0 affirmer que les approches d&rsquo;ordre       institutionnel et juridique telles que la refonte d&rsquo;une nouvelle       l\u00e9gislation sur la presse, la suppression du minist\u00e8re de l&rsquo;information,       les subventions vers\u00e9es \u00e0 la presse partisane ou le renforcement des       structures existantes comme celles du Conseil Sup\u00e9rieur de la       Communication.. ., paraissent inopportunes au regard de la structuration       de notre espace public qui demeure fortement \u00e9tatis\u00e9. En fait, toutes ces       r\u00e9formes ne font que perp\u00e9tuer la domination du champ m\u00e9diatique par       l&rsquo;Etat. En effet, ma th\u00e8se r\u00e9currente est que le secteur des m\u00e9dias et par       voie de cons\u00e9quence, la libert\u00e9 de communication et d&rsquo;expression ne       peuvent se d\u00e9ployer ni s&rsquo;\u00e9panouir dans un espace public, enti\u00e8rement       absorb\u00e9 par l&rsquo;Etat. Autrement dit, la revendication d\u00e9mocratique d&rsquo;une       s\u00e9paration effective de l&rsquo;Etat et de la soci\u00e9t\u00e9 et de la pr\u00e9\u00e9minence de       l&rsquo;individu, s&rsquo;inscrit dans le droit fil de l&rsquo;autonomisation des m\u00e9dias et       des journalistes de l&#8217;emprise de l&rsquo;Etat. Elle devrait de m\u00eame stimuler la       prise de conscience pour l&rsquo;av\u00e8nement d&rsquo;une \u00ab culture m\u00e9diatique autonome       \u00bb. Il est donc pertinent que nous nous inscrivions dans la probl\u00e9matique       suivante : comment faire accepter l&rsquo;id\u00e9e que l&rsquo;information et la       communication dans leur ensemble, ne peuvent s&rsquo;\u00e9panouir en toute libert\u00e9       en demeurant sous l&rsquo;apanage des institutions politiques, comme l&rsquo;Etat?        En cons\u00e9quence, le moyen propice pour garantir \u00e0 ce secteur les conditions       de son \u00e9panouissement ; et au citoyen, le droit \u00e0 la libre expression,       serait d&rsquo;envisager la cr\u00e9ation d&rsquo;une structure v\u00e9ritablement publique,       transparente, l\u00e9gitime, et r\u00e9ellement &#8211; autonome de l&rsquo;Etat &#8211; qui       superviserait l&rsquo;organisation, l&rsquo;acc\u00e8s et le d\u00e9ploiement dans le secteur       des m\u00e9dias et particuli\u00e8rement celui de l&rsquo;audiovisuel. Or, toute la       question est de savoir ce qu&rsquo;il convient d&rsquo;entendre par \u00ab structure       publique \u00bb dans un espace public fortement \u00e9tatis\u00e9 ? Quelle serait sa       composition ? Et surtout, comment lui garantir son autonomie par rapport \u00e0       la toute puissance de l&rsquo;Etat ? Et qui serait \u00e0 m\u00eame de lui garantir cette       autonomie ?        Les exemples \u00e0 travers le monde abondent dans ce sens, et ils pourraient       nous servir d&rsquo;illustrations. Les cas du Conseil Sup\u00e9rieur de l&rsquo;Audiovisuel       en France, de la Haute Autorit\u00e9 de la communication et de l&rsquo;audiovisuel au       Maroc, et d&rsquo;autres structures autonomes qui se d\u00e9ploient activement dans       des pays africains, montrent qu&rsquo;il est possible d&rsquo;envisager le       regroupement dans une m\u00eame instance, des professionnels, des repr\u00e9sentants       des publics et autres acteurs sociaux reconnus pour leur rayonnement,       leurs comp\u00e9tences et leur ind\u00e9pendance d&rsquo;esprit. En attendant, la premi\u00e8re       manifestation de cette volont\u00e9 de d\u00e9s\u00e9tatisation pourrait d\u00e9j\u00e0 prendre       corps par la suppression du r\u00e9gime des r\u00e9c\u00e9piss\u00e9s, en permettant \u00e0 toute       personne qui en a fait et qui en fera une demande de se voir accorder &#8211;       aussit\u00f4t &#8211; le droit de publier son journal !<\/div>\n<div align=\"justify\"> <strong><font>(Source : \u00ab Le Temps \u00bb, (Quotidien \u2013 Tunisie),       le 03 mai 2008)<\/font><\/strong><\/div>\n<div align=\"justify\">\n<hr\/><\/div>\n<div align=\"center\"> <strong><\/p>\n<h2 style=\"color: red;\"><font size=\"3\">La \u00ab\u00a0famille musulmane\u00a0\u00bb convi\u00e9e au       rendez-vous annuel du Bourget<\/font><\/h2>\n<p><\/strong><\/div>\n<div align=\"justify\">      \u00a0<\/div>\n<div align=\"justify\">             \u00a0Comme chaque ann\u00e9e, Jamila Labidi passera une journ\u00e9e \u00ab\u00a0au moins\u00a0\u00bb au Parc       des expositions du Bourget (Seine-Saint-Denis), o\u00f9 se tient, du 8 au 11       mai, le 25e rassemblement de l&rsquo;Union des organisations islamiques de       France (UOIF). Ne serait-ce que pour s&rsquo;y procurer livres et DVD de culture       islamique destin\u00e9s \u00e0 ses enfants, deux filles de 15 et 8 ans et un gar\u00e7on       \u00e2g\u00e9 de 12 ans.       \u00a0       \u00a0       Cette enseignante d&rsquo;arabe de 44 ans, install\u00e9e dans le Val-d&rsquo;Oise,       assistera aussi avec son mari, cadre dans l&rsquo;informatique, \u00e0 des       conf\u00e9rences sur la famille, th\u00e8me de r\u00e9flexion choisi, cette ann\u00e9e, par       l&rsquo;organisation. Elle \u00e9coutera ce que Tariq Ramadan, l&rsquo;intellectuel       musulman controvers\u00e9, absent des rassemblements de l&rsquo;UOIF depuis plusieurs       ann\u00e9es, a \u00e0 dire sur le sujet au cours d&rsquo;une conf\u00e9rence intitul\u00e9e \u00ab\u00a0La       famille, de l&rsquo;id\u00e9al \u00e0 la r\u00e9alit\u00e9 : des \u00e9tapes, des exigences, un djihad\u00a0\u00bb.       \u00a0       Franco-Tunisiens arriv\u00e9s en France en 1992, les Labidi sont au clair sur       ce que doivent \u00eatre une \u00ab\u00a0famille musulmane\u00a0\u00bb et les valeurs \u00e0 transmettre \u00e0       leurs enfants. \u00ab\u00a0L&rsquo;islam ne se r\u00e9sume pas au port du voile ou \u00e0 la pri\u00e8re,       affirme la m\u00e8re de famille qui, contre l&rsquo;avis de ses parents, s&rsquo;est       elle-m\u00eame voil\u00e9e \u00e0 14 ans. Nous essayons de ne pas faire vivre \u00e0 nos       enfants la morale islamique comme des interdits mais comme un chemin qui       m\u00e8ne \u00e0 l&rsquo;\u00e9quilibre.\u00a0\u00bb       \u00a0       \u00ab\u00a0LIBERT\u00c9, VALEUR SUPR\u00caME\u00a0\u00bb       \u00a0       Chayma, l&rsquo;a\u00een\u00e9e qui ne porte pas le voile, sait qu&rsquo;il est inutile de       compter sur un pantalon taille basse ou un tee-shirt d\u00e9collet\u00e9, et qu&rsquo;un       petit ami ne sera pas le bienvenu \u00e0 la maison. \u00ab\u00a0Je lui dis qu&rsquo;elle doit se       distinguer des autres, explique sa m\u00e8re, qu&rsquo;elle n&rsquo;a pas \u00e0 exhiber son       corps comme une marchandise. Elle est fran\u00e7aise, mais elle est aussi de       confession musulmane. Jusqu&rsquo;\u00e0 pr\u00e9sent, je crois qu&rsquo;elle comprend.\u00a0\u00bb       \u00a0       Les trois enfants suivent des cours de langue arabe incluant une \u00e9ducation       \u00e0 l&rsquo;islam et le gar\u00e7on de 12 ans apprend, depuis quatre ans, le Coran dans       une \u00e9cole religieuse. Pour la plus jeune, Mme Labidi a demand\u00e9 \u00e0 la       cantine de l&rsquo;\u00e9cole un r\u00e9gime sans viande, afin de respecter les r\u00e8gles       alimentaires islamiques. Les Labidi ont inscrit, cette ann\u00e9e, Chayma dans       l&rsquo;enseignement catholique priv\u00e9, afin de la pr\u00e9server de \u00ab\u00a0la violence et       du manque de mixit\u00e9\u00a0\u00bb observ\u00e9s dans le public. Ils l&rsquo;auraient bien       scolaris\u00e9e dans un lyc\u00e9e musulman, mais, en r\u00e9gion parisienne, les places       sont ch\u00e8res et ce type d&rsquo;\u00e9tablissements n&rsquo;est pas reconnu par l&rsquo;\u00e9ducation       nationale.       \u00a0       Elle-m\u00eame contrainte par son voile \u00e0 un travail dans le milieu musulman,       Mme Labidi craint que ses enfants soient victimes de discriminations. \u00ab\u00a0Je       laisserai mes filles choisir mais ce serait dommage qu&rsquo;elles renoncent \u00e0       des \u00e9tudes et \u00e0 un travail pour porter le voile\u00a0\u00bb, estime-t-elle. \u00ab\u00a0Pourquoi       ne verrait-on pas en France des femmes voil\u00e9es travailler dans les banques,       les restaurants, les \u00e9coles, comme ailleurs en Europe ?\u00a0\u00bb, glisse-t-elle.       Elle reconna\u00eet toutefois disposer ici d&rsquo;une libert\u00e9 religieuse plus grande       que dans son pays d&rsquo;origine et inculque \u00e0 ses enfants \u00ab\u00a0la libert\u00e9\u00a0\u00bb comme \u00ab\u00a0valeur       supr\u00eame\u00a0\u00bb de la France.\u00a0       \u00a0       \u00a0       <strong><font>St\u00e9phanie Le Bars<\/font><\/strong>       \u00a0       <strong><\/p>\n<p><font>&#8212;&#8212;&#8212;&#8212;&#8212;&#8212;&#8212;&#8212;&#8212;&#8212;&#8212;&#8212;&#8212;&#8212;&#8212;&#8212;&#8212;&#8212;&#8212;&#8212;&#8212;&#8212;&#8212;&#8212;&#8212;&#8212;&#8211;       Une 25e rencontre en pleine crise des institutions musulmanes<\/font><\/p>\n<p><\/strong>       \u00a0       Le rendez-vous annuel de l&rsquo;Union des organisations islamiques de France (UOIF),       l&rsquo;une des principales composantes de l&rsquo;islam en France, se tient en pleine       crise des institutions repr\u00e9sentatives musulmanes. L&rsquo;annonce, le 3 mai,       par Dalil Boubakeur, pr\u00e9sident du Conseil fran\u00e7ais du culte musulman (CFCM)       et responsable de la f\u00e9d\u00e9ration de la Grande Mosqu\u00e9e de Paris, de ne pas       participer aux \u00e9lections visant \u00e0 renouveler les instances r\u00e9gionales et       nationales le 8 juin, pourrait compromettre la l\u00e9gitimit\u00e9 des r\u00e9sultats       sortis des urnes. Dans ce contexte, Fouad Alaoui, vice-pr\u00e9sident de l&rsquo;UOIF,       par ailleurs candidat \u00e0 la succession de M. Boubakeur \u00e0 la t\u00eate du CFCM, a       choisi de centrer sa traditionnelle intervention politique sur ce th\u00e8me,       samedi 10 : \u00ab\u00a0Quel avenir pour la repr\u00e9sentation de l&rsquo;islam en France ?\u00a0\u00bb Un       intitul\u00e9 qui rompt au passage avec le concept de \u00ab\u00a0l&rsquo;islam de France\u00a0\u00bb, dont       l&rsquo;\u00e9mergence et la d\u00e9fense figurent pourtant au programme officiel de       l&rsquo;UOIF.       \u00a0       <font><strong>(Source : \u00ab Le Monde \u00bb, (Quotidien \u2013       France), le 10 mai 2008)<\/strong><\/font>       \u00a0<\/div>\n<\/p><\/div>\n<p> <\/font><\/div>\n<p align=\"left\" dir=\"ltr\">\u00a0<\/p>\n<p align=\"center\" dir=\"ltr\"><b><a href=\"http:\/\/www.tunisnews.net\"><font face=\"Arial\"><span><font size=\"2\">Home<\/font><\/span><font size=\"2\"><span lang=\"FR-CH\"> &#8211; Accueil <\/span><span>&#8211; <\/span><\/font><\/font><span dir=\"rtl\" lang=\"AR-SA\"><font size=\"2\">\u0627\u0644\u0631\u0626\u064a\u0633\u064a\u0629<\/font><\/span><\/a><\/b><\/p>\n<p><\/body><\/body><\/html><\/p>\n","protected":false},"excerpt":{"rendered":"<p>Home &#8211; Accueil \u00a0 \u00a0 TUNISNEWS 9\u00a0\u00e8me\u00a0ann\u00e9e, N\u00b0 \u00a02909\u00a0du 10.05.2008 \u00a0archives : www.tunisnews.net AISPP: Proc\u00e8s du 9 mai AISPP: Le rapt de B\u00e9chir Yahyaoui Libert\u00e9 et Equit\u00e9: Nouvelles des libert\u00e9s en Tunisie Comit\u00e9 de soutien aux habitants du bassin minier: Communiqu\u00e9 AFP: Tunisie: deux journalistes cessent une gr\u00e8ve de la faim, proc\u00e8s le 30 mai [&hellip;]<\/p>\n","protected":false},"author":1,"featured_media":22040,"comment_status":"open","ping_status":"open","sticky":false,"template":"","format":"standard","meta":{"inline_featured_image":false,"site-sidebar-layout":"default","site-content-layout":"","ast-site-content-layout":"default","site-content-style":"default","site-sidebar-style":"default","ast-global-header-display":"","ast-banner-title-visibility":"","ast-main-header-display":"","ast-hfb-above-header-display":"","ast-hfb-below-header-display":"","ast-hfb-mobile-header-display":"","site-post-title":"","ast-breadcrumbs-content":"","ast-featured-img":"","footer-sml-layout":"","ast-disable-related-posts":"","theme-transparent-header-meta":"","adv-header-id-meta":"","stick-header-meta":"","header-above-stick-meta":"","header-main-stick-meta":"","header-below-stick-meta":"","astra-migrate-meta-layouts":"default","ast-page-background-enabled":"default","ast-page-background-meta":{"desktop":{"background-color":"","background-image":"","background-repeat":"repeat","background-position":"center center","background-size":"auto","background-attachment":"scroll","background-type":"","background-media":"","overlay-type":"","overlay-color":"","overlay-opacity":"","overlay-gradient":""},"tablet":{"background-color":"","background-image":"","background-repeat":"repeat","background-position":"center center","background-size":"auto","background-attachment":"scroll","background-type":"","background-media":"","overlay-type":"","overlay-color":"","overlay-opacity":"","overlay-gradient":""},"mobile":{"background-color":"","background-image":"","background-repeat":"repeat","background-position":"center center","background-size":"auto","background-attachment":"scroll","background-type":"","background-media":"","overlay-type":"","overlay-color":"","overlay-opacity":"","overlay-gradient":""}},"ast-content-background-meta":{"desktop":{"background-color":"var(--ast-global-color-5)","background-image":"","background-repeat":"repeat","background-position":"center center","background-size":"auto","background-attachment":"scroll","background-type":"","background-media":"","overlay-type":"","overlay-color":"","overlay-opacity":"","overlay-gradient":""},"tablet":{"background-color":"var(--ast-global-color-5)","background-image":"","background-repeat":"repeat","background-position":"center center","background-size":"auto","background-attachment":"scroll","background-type":"","background-media":"","overlay-type":"","overlay-color":"","overlay-opacity":"","overlay-gradient":""},"mobile":{"background-color":"var(--ast-global-color-5)","background-image":"","background-repeat":"repeat","background-position":"center center","background-size":"auto","background-attachment":"scroll","background-type":"","background-media":"","overlay-type":"","overlay-color":"","overlay-opacity":"","overlay-gradient":""}},"footnotes":""},"categories":[],"tags":[57,39,29],"class_list":["post-16652","post","type-post","status-publish","format-standard","has-post-thumbnail","hentry","tag-57","tag-39","tag-fr"],"_links":{"self":[{"href":"https:\/\/tunisnews.net\/ar\/wp-json\/wp\/v2\/posts\/16652","targetHints":{"allow":["GET"]}}],"collection":[{"href":"https:\/\/tunisnews.net\/ar\/wp-json\/wp\/v2\/posts"}],"about":[{"href":"https:\/\/tunisnews.net\/ar\/wp-json\/wp\/v2\/types\/post"}],"author":[{"embeddable":true,"href":"https:\/\/tunisnews.net\/ar\/wp-json\/wp\/v2\/users\/1"}],"replies":[{"embeddable":true,"href":"https:\/\/tunisnews.net\/ar\/wp-json\/wp\/v2\/comments?post=16652"}],"version-history":[{"count":0,"href":"https:\/\/tunisnews.net\/ar\/wp-json\/wp\/v2\/posts\/16652\/revisions"}],"wp:featuredmedia":[{"embeddable":true,"href":"https:\/\/tunisnews.net\/ar\/wp-json\/wp\/v2\/media\/22040"}],"wp:attachment":[{"href":"https:\/\/tunisnews.net\/ar\/wp-json\/wp\/v2\/media?parent=16652"}],"wp:term":[{"taxonomy":"category","embeddable":true,"href":"https:\/\/tunisnews.net\/ar\/wp-json\/wp\/v2\/categories?post=16652"},{"taxonomy":"post_tag","embeddable":true,"href":"https:\/\/tunisnews.net\/ar\/wp-json\/wp\/v2\/tags?post=16652"}],"curies":[{"name":"wp","href":"https:\/\/api.w.org\/{rel}","templated":true}]}}