{"id":16556,"date":"2008-03-10T00:00:00","date_gmt":"2008-03-10T00:00:00","guid":{"rendered":"https:\/\/tunisnews.net\/10-mars-2008\/"},"modified":"2008-03-10T00:00:00","modified_gmt":"2008-03-10T00:00:00","slug":"10-mars-2008","status":"publish","type":"post","link":"https:\/\/tunisnews.net\/ar\/10-mars-2008\/","title":{"rendered":"10 mars 2008"},"content":{"rendered":"<p><html><head><meta content=\"text\/html\" description=\"Le \n  Comit\u00e9 pour le Respect des Libert\u00e9s et des Droits de l\u2019Homme en Tunisie \n  (CRLDHT) lance \u00e0 cette occasion un appel \u00e0 l\u2019opinion publique nationale et \n  internationale et notamment au mouvement international de lutte contre la \n  peine de mort pour se mobiliser pour demander l\u2019annulation de la condamnation \n  \u00e0 mort de \" http-equiv=\"Content-Type\"\/><\/head><body><body><\/p>\n<p align=\"center\" dir=\"ltr\"><b><a href=\"http:\/\/www.tunisnews.net\"><span>Home<\/span><span lang=\"FR-CH\"> &#8211; Accueil <\/span><span>&#8211;<\/span><\/a><\/b><\/p>\n<p><font face=\"Arial\" size=\"2\"><\/p>\n<div> <\/div>\n<p><span lang=\"FR\"><\/p>\n<div align=\"center\" dir=\"ltr\"> <font face=\"Arial\"><font size=\"7\"> <span lang=\"SV\"> <strong>TUNISNEWS<\/strong><\/span> <\/font><\/font><\/div>\n<div align=\"center\" dir=\"ltr\"> <strong><font face=\"Arial\"><font size=\"2\">\u00a08\u00a0\u00e8me\u00a0ann\u00e9e,  <span lang=\"FR\">N\u00b0 \u00a02847 du 10.03.2008<\/span><\/font><\/font><\/strong><\/div>\n<p><strong><\/p>\n<div align=\"center\" dir=\"ltr\"> <b><span><blink> <font face=\"Arial\" size=\"2\">\u00a0archives : <\/font> <a href=\"\" target=\"_blank\" rel=\"noopener\"> <font face=\"Arial\" size=\"2\" target=\"_blank\">www.tunisnews.net<\/font><\/a><\/blink><\/span><\/b><font face=\"Arial\" size=\"2\"> <\/font><font> <span lang=\"FR\"> <span lang=\"FR-CH\"> <font size=\"2\"><font> <font size=\"2\"><\/font><\/font><\/font><\/span><\/span><\/font><\/div>\n<p><\/strong><\/span><\/font><span lang=\"FR\"><span lang=\"FR-CH\"><span lang=\"FR\"><\/p>\n<p align=\"left\" dir=\"ltr\">\u00a0<\/p>\n<div> <font><\/p>\n<hr\/>\n<p><\/font><\/div>\n<p><font><span lang=\"FR-CH\"><span lang=\"FR\"><span lang=\"FR\"><span lang=\"FR\"><font><\/p>\n<div> <\/div>\n<div> <span lang=\"SV\"> <font size=\"2\"> <span lang=\"FR-CH\"> <o:p><\/o:p> <\/span><\/font><\/span><\/p>\n<p><font size=\"3\"> <span lang=\"SV\"> <strong><\/p>\n<p><font>C.R.L.D.H. Tunisie: Pour d\u00e9fendre ensemble le   droit \u00e0 la vie    <font>C.R.L.D.H. Tunisie: La pers\u00e9cution des d\u00e9fenseurs   tunisiens des droits humains s\u2019amplifie<\/font>   C.R.L.D.H. Tunisie: Solidarit\u00e9 avec la population du Sud Ouest de la Tunisie   dans sa lutte pour le droit \u00e0 l\u2019emploi et \u00e0 la dignit\u00e9   <font>Libert\u00e9 et Equit\u00e9: L\u2019\u00e9tat des libert\u00e9s en Tunisie<\/font>   AISPP: Communiqu\u00e9   <font>AFP: AQMI revendique l&rsquo;enl\u00e8vement de deux Autrichiens en   Tunisie<\/font>   Nizar Bahloul: Comp\u00e9tences au frigo   <font>Le Temps Lundi: Elections du Comit\u00e9-Directeur de   l&rsquo;Association Tunisienne des Jeunes Avocats (ATJA) Les \u00ab Rc\u00e9distes \u00bb raflent   la mise<\/font>   Le Temps Lundi: A propos du m\u00e9contentement des m\u00e9decins sp\u00e9cialistes lib\u00e9raux   &#8211; Voil\u00e0 pourquoi je ne me conventionne pas<\/font><\/p>\n<p><\/strong><\/span><\/font><\/p>\n<\/div>\n<div> <font> <\/p>\n<p>\u00a0<\/p>\n<hr\/>\n<p align=\"center\"> <a>\u00a0<\/a><a><b><span lang=\"DE\">C.R.L.D.H.\u00a0Tunisie<\/span><\/b><\/a><\/p>\n<p align=\"center\"> <b><span lang=\"DE\">  \u00a0<\/span><\/b><\/p>\n<p align=\"center\">  Comit\u00e9 pour le Respect des Libert\u00e9s et des Droits de l\u2019Homme en Tunisie<\/p>\n<p align=\"center\"> <b>Membre du R\u00e9seau Euro m\u00e9diterran\u00e9en des Droits de l\u2019Homme<\/b><\/p>\n<p align=\"center\">  21 ter rue Voltaire \u2013 FR-75011 PARIS\u00a0 &#8211; Tel\/Fax : 00.33. (0)1.43.72.97.34<\/p>\n<p align=\"center\"> <a href=\"mailto:contact@crldht.org\"> <span lang=\"FR\" title=\"mailto:contact@crldht.orgF\u00f6lj l\u00e4nken genom att trycka p\u00e5 CTRL och klicka\">  contact@crldht.org<\/span><\/a> \/ <a href=\"http:\/\/www.crldht.org\/\" target=\"_blank\" rel=\"noopener\">  www.crldht.org<\/a><\/p>\n<p>  \u00a0<\/p>\n<p align=\"center\"> <b><span lang=\"FR\"><font size=\"3\">Pour   d\u00e9fendre ensemble le droit \u00e0 la vie <\/font><\/span><\/b><\/p>\n<p> <span lang=\"FR-CH\">  La cour d\u2019appel de Tunis, pr\u00e9sid\u00e9e par le juge <span><b> <span>Manoubi<\/span><\/b><\/span><b> Ben  <span><span>Hmidan<\/span><\/span><\/b><\/span><b><span lang=\"FR\">e<\/span><\/b><span lang=\"FR\">   vient de prononcer <\/span> <span lang=\"FR-CH\">  le 20 f\u00e9vrier 2008, <\/span> <span lang=\"FR\">  son jugement \u00e0 l\u2019encontre des 30 accus\u00e9s de l\u2019affaire dite de Soliman. La   peine de mort contre M. <span><b> <span>Saber<\/span><\/b><\/span><b> <span><span>Ragoubi<\/span><\/span><\/b>,   24 ans a \u00e9t\u00e9 confirm\u00e9e<\/span><span lang=\"FR-CH\">,   celle de M. <span><b><span>Imed<\/span><\/b><\/span><b>   Ben Amer<\/b>, 34 ans, a \u00e9t\u00e9 commu\u00e9e en peine de prison \u00e0 perp\u00e9tuit\u00e9. Six   autres d\u00e9tenus sur les 28 restants ont b\u00e9n\u00e9fici\u00e9 d\u2019une r\u00e9duction peu   significative des peines prononc\u00e9es en premi\u00e8re instance (<i>voir ci-dessous<\/i>).  <\/span><\/p>\n<p> <span lang=\"FR\">Le   Comit\u00e9 pour le Respect des Libert\u00e9s et des Droits de l\u2019Homme en Tunisie   (CRLDHT) lance \u00e0 cette occasion un appel \u00e0 l\u2019opinion publique nationale et   internationale et notamment au mouvement international de lutte contre la   peine de mort pour se mobiliser pour demander l\u2019annulation de la condamnation   \u00e0 mort de <span><b><span>Saber<\/span><\/b><\/span><b> <span><span>Ragoubi<\/span><\/span>.  <\/b><\/span><\/p>\n<p> <span lang=\"FR\">Le   CRLDHT se mobilise \u00e9galement pour exiger la r\u00e9vision de ce proc\u00e8s inique o\u00f9 8   d\u00e9tenus ont \u00e9t\u00e9 condamn\u00e9s \u00e0 perp\u00e9tuit\u00e9 7 autres \u00e0 une peine de 30 ans   d\u2019emprisonnement, et o\u00f9 <\/span> <span lang=\"FR-CH\">  de nombreuses irr\u00e9gularit\u00e9s ont \u00e9t\u00e9 observ\u00e9es comme le refus de la cour   d\u2019examiner les requ\u00eates pr\u00e9alables des avocats de la d\u00e9fense et notamment la   demande d\u2019examen m\u00e9dical et le constat des traces de torture montr\u00e9s par les   accus\u00e9s \u00e0 la cour. <\/span><\/p>\n<p> <span lang=\"FR-CH\">  Le CRLDHT signale la nullit\u00e9 de ce proc\u00e8s en raison de la torture syst\u00e9matique   subie par les accus\u00e9s dans les diff\u00e9rents lieux de d\u00e9tention, y compris les   prisons. Lors de son interrogatoire devant la cour, le condamn\u00e9 \u00e0 mort, M.  <span><b><span>Saber<\/span><\/b><\/span><b> <span><span>Ragoubi<\/span><\/span> <\/b>a d\u00e9clar\u00e9 avoir \u00e9t\u00e9 tortur\u00e9 par le commandant <b>Salah  <span><span>Ouechtati<\/span><\/span> <\/b>\u00e0 la prison civile de <span> <span>Mornaguia<\/span><\/span> qui lui a fait perdre   trois dents et l\u2019a oblig\u00e9 \u00e0 se d\u00e9nuder jusqu\u2019\u00e0 ce qu\u2019il enl\u00e8ve la barbe. Il a   \u00e9t\u00e9 contraint de s\u2019alimenter pendant trois mois avec du lait.  <span><b><span>Ramzi<\/span><\/b><\/span><b>   El <span><span>Ifi<\/span><\/span><\/b>,   25 ans, a, quant \u00e0 lui \u00e9t\u00e9 sauvagement tortur\u00e9 pendant 21 jours \u00e0 la file au   district de Sidi <span><span>Bouzid<\/span><\/span>\u00a0   et a subi des s\u00e9vices sexuels en introduisant un tourne vis dans son anus et   on l\u2019obligeant \u00e0 manger du savon. R\u00e9sultat\u00a0: il a pass\u00e9 des mois \u00e0 pisser du   sang et il a perdu la facult\u00e9 de l\u2019ouie. Le d\u00e9tenu <b>Mehdi Bel  <span><span>Haj<\/span><\/span> Ali,  <\/b>27 ans, condamn\u00e9 \u00e0 8 ans de prison ferme a affirm\u00e9 de sa part avoir \u00e9t\u00e9   tortur\u00e9 dans le bureau du ministre de l\u2019Int\u00e9rieur&#8230;<b> <\/b><\/span><\/p>\n<p> <span lang=\"FR-CH\">  Ce proc\u00e8s est aussi inique en raison des jugements prononc\u00e9s sur la base   d\u2019aveux extorqu\u00e9s sous la torture et des PV sign\u00e9s sans que personne ne puisse   les lire. A cela s\u2019ajoute la violation du principe de la publicit\u00e9 du proc\u00e8s.  <\/span><\/p>\n<p> <span lang=\"FR-CH\">  Le CRLDHT exprime son refus quant \u00e0 ce verdict injuste et particuli\u00e8rement la   confirmation de la peine capitale, une forme extr\u00eame de traitement cruel,   inhumain et d\u00e9gradant ainsi qu\u2019une violation du droit \u00e0 la vie tel que   proclam\u00e9 dans la D\u00e9claration Universelle des Droits de l&rsquo;Homme et par d&rsquo;autres   instruments internationaux de protection des droits de l&rsquo;homme.<\/span><\/p>\n<p> <span lang=\"FR-CH\">\u00a0<\/span><span lang=\"FR-CH\">Il   insiste sur la n\u00e9cessit\u00e9 du <\/span> <span lang=\"FR\">  r\u00e9examen de cette affaire par une cour impartiale respectant les r\u00e8gles d\u2019un   proc\u00e8s reconnues par le droit international. <\/span><\/p>\n<p> <b> <span lang=\"FR\">Il   demande \u00e0 ses partenaires nationaux, r\u00e9gionaux et internationaux ainsi que les   diff\u00e9rents m\u00e9canismes onusiens et europ\u00e9ens comp\u00e9tents \u00e0 se joindre \u00e0 son   appel pour exiger ensemble le droit \u00e0 la vie et ce par l\u2019annulation de la   condamnations \u00e0 mort de <span><span>  Saber<\/span><\/span> <span><span>  Ragoubi<\/span><\/span>. <\/span>\u00a0\u00a0\u00a0\u00a0\u00a0\u00a0\u00a0\u00a0\u00a0\u00a0\u00a0\u00a0\u00a0\u00a0\u00a0\u00a0\u00a0\u00a0\u00a0\u00a0\u00a0\u00a0\u00a0\u00a0\u00a0\u00a0\u00a0\u00a0\u00a0\u00a0\u00a0\u00a0\u00a0\u00a0\u00a0\u00a0\u00a0\u00a0\u00a0\u00a0\u00a0\u00a0\u00a0<\/b><\/p>\n<p>  Ci-joint le jugement d\u00e9finitif des 30 condamn\u00e9s dans l\u2019affaire du groupe de   Soliman\u00a0: <span lang=\"FR-CH\"> <\/span><\/p>\n<p><\/font> <span lang=\"SV\"><font size=\"3\"> <span lang=\"FR\">1. <b>Saber Ragoubi (24 ans)   condamn\u00e9 \u00e0 mort <\/b> <\/p>\n<p>  \u00a02. <b>Ali Arfaoui<\/b> (43 ans) condamn\u00e9 \u00e0 perp\u00e9tuit\u00e9 <\/p>\n<p>  \u00a03. <b>Fethi Salh<\/b>i (24 ans) condamn\u00e9 \u00e0 perp\u00e9tuit\u00e9<\/p>\n<p>  \u00a04. <b>Imed Ben Amer<\/b> (34 ans) condamn\u00e9 \u00e0 perp\u00e9tuit\u00e9   \u00a05. <b>Mohamed Ben Latifa<\/b> (24 ans) condamn\u00e9 \u00e0 perp\u00e9tuit\u00e9<\/p>\n<p>  \u00a06. <b>Mokhless Ammar<\/b> (26 ans) condamn\u00e9 \u00e0 perp\u00e9tuit\u00e9   \u00a07. <b>Ramzi El Ifi<\/b> (25 ans) condamn\u00e9 \u00e0 perp\u00e9tuit\u00e9<\/p>\n<p>  \u00a08. <b>Sahbi Nasri<\/b> (26 ans) condamn\u00e9 \u00e0 perp\u00e9tuit\u00e9   \u00a09.<b> Wael Ammami<\/b> (22 ans) condamn\u00e9 \u00e0 perp\u00e9tuit\u00e9<b> <\/b><\/p>\n<p>  10.<b> Ali Sassi <\/b>(22 ans) condamn\u00e9 \u00e0 30 ans   11. <b>Badreddine Ksouri <\/b>(25 ans) condamn\u00e9 \u00e0 30 ans   12. <b>Mejdi Latrach <\/b>(24 ans) condamn\u00e9 \u00e0 30 ans   13.<b> Mohamed Amine Jaziri <\/b>(28 ans) condamn\u00e9 \u00e0 30 ans   14. <b>Oussama Abadi <\/b>(25 ans) condamn\u00e9 \u00e0 30 ans    15. <b>Taoufik Houimdi<\/b> (29 ans) condamn\u00e9 \u00e0 30 ans   16. <b>Zied Essid<\/b> (26 ans) condamn\u00e9 \u00e0 30 ans<\/p>\n<p>  17. <b>Ahmed Mrabet<\/b> (23 ans) condamn\u00e9 \u00e0 20 ans    18. <b>Amine Dhiab <\/b>(29 ans, handicap\u00e9 mental) condamn\u00e9 \u00e0 20 ans<\/p>\n<p>  19. <b>Jawhar Slama<\/b> (29 ans) condamn\u00e9 \u00e0 20 ans<\/p>\n<p>  20. <b>Jawhar Kassar <\/b>(30 ans) condamn\u00e9 \u00e0 15 ans   21. <b>Kamel Omhani<\/b> (24 ans) condamn\u00e9 \u00e0 15 ans<\/p>\n<p>  22. <b>Mohamed Bekhiti<\/b> (22 ans, non voyant) condamn\u00e9 \u00e0 12 ans   23. <b>Hatem Ryabi<\/b> (29 ans) condamn\u00e9 \u00e0 10 ans   24. <b>Jamal Mellakh (<\/b>24 ans) condamn\u00e9 \u00e0 10 ans   25. <b>Marouane Khelif<\/b> (30 ans) condamn\u00e9 \u00e0 8 ans   26. <b>Mehdi Haj Ali<\/b> (27 ans) condamn\u00e9 \u00e0 8 ans   27. <b>Khalifa Garraoui<\/b> (26 ans) condamn\u00e9 \u00e0 7 ans   28. <b>Nafti Bennani<\/b> (31 ans) condamn\u00e9 \u00e0 4 ans    29. <b>Khelil Zendah<\/b> (22 ans) condamn\u00e9 \u00e0 3 ans   30. <b>Zouhayr Jrid <\/b>(27 ans) condamn\u00e9 \u00e0 3 ans\u00a0\u00a0\u00a0\u00a0\u00a0\u00a0\u00a0\u00a0\u00a0\u00a0\u00a0\u00a0\u00a0\u00a0\u00a0\u00a0\u00a0\u00a0\u00a0\u00a0\u00a0\u00a0\u00a0\u00a0\u00a0\u00a0\u00a0  <\/p>\n<p> <\/span><\/font><\/span> <span lang=\"SV\"> <\/p>\n<h2 style=\"color: red;\"><font size=\"3\"> <span lang=\"FR\"><font> <\/p>\n<p>  Paris, le\u00a0: 10\/03\/2008<\/p>\n<p><\/font><\/span><\/font><\/h2>\n<p><\/span><\/div>\n<div>\n<hr\/>\n<\/div>\n<div>  \u00a0<\/div>\n<div> <font> <\/p>\n<p align=\"center\"> <a><b> <span lang=\"DE\">  C.R.L.D.H.\u00a0Tunisie<\/span><\/b><\/a><\/p>\n<p align=\"center\"> <b><span lang=\"DE\">  \u00a0<\/span><\/b><\/p>\n<p align=\"center\">  Comit\u00e9 pour le Respect des Libert\u00e9s et des Droits de l\u2019Homme en Tunisie<\/p>\n<p align=\"center\"> <b>Membre du R\u00e9seau Euro m\u00e9diterran\u00e9en des Droits de l\u2019Homme<\/b><\/p>\n<p align=\"center\">  21 ter rue Voltaire \u2013 FR-75011 PARIS\u00a0 &#8211; Tel\/Fax : 00.33. (0)1.43.72.97.34<\/p>\n<p align=\"center\"> <a href=\"mailto:contact@crldht.org\"><font face=\"Times New Roman\">  contact@crldht.org<\/font><\/a> \/ <a href=\"http:\/\/www.crldht.org\/\" target=\"_blank\" rel=\"noopener\"> <font face=\"Times New Roman\">www.crldht.org<\/font><\/a><\/p>\n<p>  \u00a0<\/p>\n<p>  \u00a0<\/p>\n<p align=\"center\"> <b><span lang=\"FR\"><font size=\"3\">La   pers\u00e9cution des d\u00e9fenseurs tunisiens des droits humains s\u2019amplifie<\/font><\/span><\/b><\/p>\n<p>  \u00a0<\/p>\n<p> <span lang=\"FR\">A   leur retour d\u2019Europe, le lundi 03 mars 2008, les deux d\u00e9fenseurs tunisiens des   droits humains, M. <b>Omar <span> <span>Mestiri<\/span><\/span><\/b>, directeur de   r\u00e9daction au journal en ligne <span><i> <span>Kalima<\/span><\/i><\/span> et Mme  <span><b><span>Sihem<\/span><\/b><\/span><b> <span><span>Bensedrine<\/span><\/span><\/b>,\u00a0porte   parole du CNLT ont \u00e9t\u00e9 violemment pris \u00e0 partie au port de La Goulette par les   autorit\u00e9s douani\u00e8res tunisiennes, talonn\u00e9es par la police politique et ce d\u00e8s   leur descente du bateau vers 8h du matin. <\/span><\/p>\n<p> <span lang=\"FR\">\u00a0<\/span><\/p>\n<p> <span lang=\"FR\">D\u00e8s   leur arriv\u00e9e, le couple a \u00e9t\u00e9 conduit dans un lieu inconnu pour une fouille   corporelle en r\u00e8gle. Leurs bagages ont \u00e9t\u00e9 soigneusement examin\u00e9s notamment   leurs livres et documents personnels par un important groupe d\u2019agents de la   s\u00fbret\u00e9 de l\u2019Etat qui a exig\u00e9 de voir le contenu de leurs ordinateurs   portables. Devant le refus de M. <b>Omar <span> <span>Mestiri<\/span><\/span><\/b> et de Mme  <span><b><span>Sihem<\/span><\/b><\/span><b> <span><span>Bensedrine<\/span><\/span><\/b>   de s\u2019y soumettre en l\u2019absence d\u2019un mandat du procureur de la R\u00e9publique, les   douaniers leur ont demand\u00e9 de les suivre, pr\u00e9textant une formalit\u00e9   administrative \u00e0 faire valider. Une fois \u00e0 l\u2019int\u00e9rieur, ils ont \u00e9t\u00e9 enferm\u00e9s \u00e0   cl\u00e9, en compagnie de policiers. Ces derniers les ont plaqu\u00e9s \u00e0 terre, battus   et d\u00e9chir\u00e9s sacs et v\u00eatements. Ils se sont empar\u00e9s de leurs sacs \u00e0 dos o\u00f9 se   trouvaient les ordinateurs. <\/span><\/p>\n<p> <span lang=\"FR-CH\">\u00a0<\/span><\/p>\n<p> <span lang=\"FR\">  Lorsque Mme <span><span>Bensedrine<\/span><\/span>   a tent\u00e9 d\u2019appeler son avocat \u00e0 l\u2019aide de son t\u00e9l\u00e9phone portable, l\u2019un des   agents s\u2019est jet\u00e9 sur elle et lui a tordu le bras afin de lui arracher le   cellulaire.<\/span><\/p>\n<p> <span lang=\"FR-CH\">\u00a0<\/span><\/p>\n<p> <span lang=\"FR\">  Apr\u00e8s avoir \u00e9t\u00e9 s\u00e9questr\u00e9s pendant six heures, les deux victimes ont \u00e9t\u00e9   autoris\u00e9es \u00e0 quitter la zone de douane. Une soixantaine de documents leur ont   \u00e9t\u00e9 confisqu\u00e9s dont des supports num\u00e9riques en exemplaires uniques (DVD-   CD-ROM, cassettes de musique, etc.), les <\/span>roughs  <span>du documentaire r\u00e9alis\u00e9 par le CNLT, d\u00e9non\u00e7ant la   torture en Tunisie\u2026Et comble de l\u2019arrogance, les autorit\u00e9s douani\u00e8res ont   refus\u00e9, comme c\u2019est toujours le cas, de remettre aux deux d\u00e9fenseurs un   document de saisie de leurs biens. <\/span><\/p>\n<p> <span lang=\"FR\">\u00a0<\/span><\/p>\n<p> <span lang=\"FR\">Mme<b> <span><span>Sihem<\/span><\/span> <span><span>Bensedrine<\/span><\/span><\/b>   a eu plusieurs h\u00e9matomes sur le corps et souffre de l\u00e9sions des ligaments au   niveau du poignet gauche et du coude. Tous les deux, ils ont d\u00e9cid\u00e9 de porter   plainte contre les autorit\u00e9s douani\u00e8res et polici\u00e8res pour violences et   s\u00e9questration.<\/span><\/p>\n<p> <span lang=\"FR\">\u00a0<\/span><\/p>\n<p> <span lang=\"FR\">Le   CRLDHT consid\u00e8re que ces pratiques d\u00e9linquantes qui s\u2019exercent sur les   d\u00e9fenseurs tunisiens des droits humains et qui prennent diff\u00e9rentes formes de   harc\u00e8lement et d\u2019humiliation (Agressions r\u00e9p\u00e9t\u00e9es, lynchages m\u00e9diatiques et   atteintes \u00e0 l\u2019honneur, confiscations de biens et d\u2019outils de travail\u2026.), au su   et au vu de tout le monde, dans l\u2019impunit\u00e9 la plus totale, t\u00e9moignent d\u2019une   volont\u00e9 politique des autorit\u00e9s de museler encore plus les diff\u00e9rents acteurs   politiques et associatifs, en butte \u00e0 une pers\u00e9cution sans merci. <\/span> <span lang=\"FR-CH\">\u00a0<\/span><\/p>\n<p> <span lang=\"FR\">\u00a0<\/span><\/p>\n<p> <span lang=\"FR-CH\">  Il<\/span><span lang=\"FR\">   exprime \u00e0 <b>M. <span><span>Mestiri<\/span><\/span><\/b>   et Mme <span><b><span>Bensedrine<\/span><\/b><\/span><b> <\/b>toute sa solidarit\u00e9 face \u00e0 cette ni\u00e8me agression dont ils ont fait l\u2019objet   et condamne fermement les atteintes \u00e0 la vie priv\u00e9e dont ils ont \u00e9t\u00e9 victimes.<\/span><\/p>\n<p>  \u00a0<\/p>\n<p> <span lang=\"FR\">\u00a0<\/span><\/p>\n<p align=\"right\"> <span lang=\"FR-CH\">  \u00a0Paris, le\u00a0: 10\/03\/2008<\/span><\/p>\n<p> <span lang=\"FR\">\u00a0<\/span><\/p>\n<hr\/>\n<p align=\"center\"> <a><b> <span lang=\"DE\">  C.R.L.D.H.\u00a0Tunisie<\/span><\/b><\/a><\/p>\n<p align=\"center\"> <b><span lang=\"DE\">  \u00a0<\/span><\/b><\/p>\n<p align=\"center\">  Comit\u00e9 pour le Respect des Libert\u00e9s et des Droits de l\u2019Homme en Tunisie<\/p>\n<p align=\"center\"> <b>Membre du R\u00e9seau Euro m\u00e9diterran\u00e9en des Droits de l\u2019Homme<\/b><\/p>\n<p align=\"center\">  21 ter rue Voltaire \u2013 FR-75011 PARIS\u00a0 &#8211; Tel\/Fax : 00.33. (0)1.43.72.97.34<\/p>\n<p align=\"center\"> <a href=\"mailto:contact@crldht.org\"><font face=\"Times New Roman\">  contact@crldht.org<\/font><\/a> \/ <a href=\"http:\/\/www.crldht.org\/\" target=\"_blank\" rel=\"noopener\"> <font face=\"Times New Roman\">www.crldht.org<\/font><\/a><\/p>\n<p>  \u00a0<\/p>\n<p>  \u00a0<\/p>\n<p align=\"center\"> <b><span lang=\"FR\"><font size=\"3\">  Solidarit\u00e9 avec la population du Sud Ouest de la Tunisie dans sa lutte pour le   droit \u00e0 l\u2019emploi et \u00e0 la dignit\u00e9 <\/font><\/span><\/b><\/p>\n<p> <span lang=\"FR\">Le   bassin minier de Gafsa \u00e0 <span><b> <span>M\u00e9tlaoui<\/span><\/b><\/span><b>,  <span><span>Redeyef<\/span><\/span> <\/b>et <b>Om <span><span>Laaraysse<\/span><\/span><\/b>   est en \u00e9bullition depuis plus de deux mois pour d\u00e9noncer une politique   \u00e9conomique et sociale faite de s\u00e9gr\u00e9gation r\u00e9gionale et de discrimination   sociale accrue, abandonnant des r\u00e9gions enti\u00e8res au ch\u00f4mage massif et \u00e0 la   mis\u00e8re. Des gr\u00e8ves, manifestations, occupation de lieux symboliques par les   ch\u00f4meurs jeunes et moins jeunes, dipl\u00f4m\u00e9s et non dipl\u00f4m\u00e9s, ont \u00e9t\u00e9 organis\u00e9es   partout dans cette r\u00e9gion avec la participation de toutes les cat\u00e9gories   socioprofessionnelles, sans distinction d\u2019\u00e2ge, ni de sexe ni de rang social.  <\/span><\/p>\n<p> <span lang=\"FR\">Ce   grondement populaire a \u00e9clat\u00e9 dans la r\u00e9gion le 5 janvier 2008, jour de la   publication de r\u00e9sultats du concours de recrutements professionnels au sein de   la fameuse Compagnie de \u00ab\u00a0Phosphate Gafsa\u00a0\u00bb, le principal employeur de la   r\u00e9gion, des r\u00e9sultats consid\u00e9r\u00e9s par l\u2019ensemble de la population comme   frauduleux, bas\u00e9s sur la fraude et le favoritisme (Voir Communiqu\u00e9 du CRLDHT   du 22 janvier 2008). <\/span><\/p>\n<p> <span lang=\"FR\">  Cette explosion de col\u00e8re qui s\u2019est manifest\u00e9e dans l\u2019ensemble de la r\u00e9gion de   Gafsa traduit un ras le bol g\u00e9n\u00e9ral, le refus de sacrifier encore plus ses   travailleurs et sa jeunesse, laiss\u00e9s pour compte, en faveur d\u2019une politique   gouvernementale marqu\u00e9e par le n\u00e9potisme et le vol des deniers publics depuis   des d\u00e9cennies. <\/span><\/p>\n<p> <span lang=\"FR\">  Depuis le 5 janvier 2008, des hommes et des femmes libres, jeunes et moins   jeunes, instruits et illettr\u00e9s, unis dans la mis\u00e8re et l\u2019adversit\u00e9, se sont   trouv\u00e9s dans la rue criant \u00e0 l\u2019injustice et refusant le sort qui leur est   r\u00e9serv\u00e9\u2026. Les veuves de mineurs dont les maris sont d\u00e9c\u00e9d\u00e9s suite \u00e0 des   accidents ou maladies professionnelles non indemnis\u00e9s, ont entam\u00e9 des gr\u00e8ves   de la faim sous des tentes d\u2019infortune, en plein froid \u2026. Plus rien n\u2019arr\u00eate   la d\u00e9termination de ces centaines de familles de d\u00e9sh\u00e9rit\u00e9s, ne serait-ce   l\u2019impressionnante pr\u00e9sence polici\u00e8re et militaire \u00e0 proximit\u00e9. <\/span><\/p>\n<p> <span lang=\"FR\">  Par cette mobilisation exemplaire pour la dignit\u00e9 et les droits l\u00e9gitimes au   travail, au logement, \u00e0 la sant\u00e9 et \u00e0 l\u2019\u00e9ducation, la population tunisienne du   Sud Ouest du pays a offert \u00e0 tous leurs compatriotes<\/span><span lang=\"FR\">   une formidable le\u00e7on de courage et de d\u00e9termination qui vient mettre \u00e0 nu le   fameux \u00ab\u00a0miracle \u00e9conomique tunisien\u00a0\u00bb et saper la propagande officielle de la   bonne sant\u00e9 de l\u2019\u00e9conomie tunisienne \u00e0 la croissance, toujours au RDV\u00a0! <\/span> <\/p>\n<p> <span lang=\"FR\">En   signe de solidarit\u00e9 avec le mouvement de protestation pacifique du sud   tunisien, une r\u00e9union d\u2019information s\u2019est tenue le 27 f\u00e9vrier 2008 au si\u00e8ge de   la FTCR, regroupant des militants de diff\u00e9rentes sensibilit\u00e9s politiques,   associatives et syndicales, qui se sont constitu\u00e9s en un comit\u00e9 de suivi et de   soutien, dont le r\u00f4le est d\u2019organiser des actions d\u2019information, de soutien et   de \u00ab\u00a0lobbying\u00a0\u00bb m\u00e9diatique \u00e0 l\u2019\u00e9chelle nationale et internationale afin de   donner de la visibilit\u00e9 \u00e0 ces luttes l\u00e9gitimes qui nous interpellent toutes et   tous. <\/span><\/p>\n<p> <span lang=\"FR\">  Tout en r\u00e9it\u00e9rant son enti\u00e8re et ind\u00e9fectible solidarit\u00e9 avec les populations   du Bassin minier dans leurs luttes l\u00e9gitimes pour la vie et la dignit\u00e9, le   CRLDHT exprime ses profondes inqui\u00e9tudes quant \u00e0 une \u00e9ventuelle utilisation de   la force qui entra\u00eenerait des affrontements st\u00e9riles\u00a0! <\/span><\/p>\n<p> <span lang=\"FR\">Le   CRLDHT appelle d\u2019urgence les autorit\u00e9s politiques \u00e0 prendre au s\u00e9rieux les   revendications l\u00e9gitimes de la population \u00e0 commencer par l\u2019annulation des   r\u00e9sultats frauduleux du concours de recrutement \u00e0 la compagnie de Phosphate   Gafsa et la mise en place d\u2019un programme national d\u2019embauche des personnes les   plus d\u00e9munies. <\/span><\/p>\n<p> <\/font> <span lang=\"FR\"><font size=\"3\"> <span lang=\"SV\"> <\/p>\n<p align=\"right\">  Paris, le\u00a0: 10\/03\/2008<\/p>\n<p> <\/span><\/font><\/span> <span lang=\"FR\"> <font><span lang=\"FR\"> <font size=\"3\"> <span lang=\"SV\"> <\/p>\n<p>\u00a0<\/p>\n<p> <\/span><\/font><\/span><\/font><\/span> <\/p>\n<p> <font face=\"Arial\" size=\"2\"><\/font><\/p>\n<hr\/>\n<p>\u00a0<\/p>\n<\/div>\n<p><\/font><\/span><\/span><\/span><\/span><\/font><\/p>\n<div>\n<div>\n<p align=\"center\"><font face=\"Arial\" size=\"2\">Sauvez la vie du prisonnier     politique et ing\u00e9nieur Ridha Boukadi<\/font><\/p>\n<p align=\"center\"><font face=\"Arial\" size=\"2\">Libert\u00e9 pour Slim Boukhdhir,     la plume libre<\/font><\/p>\n<p align=\"center\"><font face=\"Arial\" size=\"2\"><strong>    Libert\u00e9 et Equit\u00e9<\/strong><\/font><\/p>\n<p align=\"center\"><font face=\"Arial\" size=\"2\">Organisation de droits de     l\u2019homme ind\u00e9pendante<\/font><\/p>\n<p align=\"center\"><font face=\"Arial\" size=\"2\">33 rue Mokhtar Atya, 1001     Tunis<\/font><\/p>\n<p align=\"center\"><font face=\"Arial\" size=\"2\">Tel\/fax: 71 340 860<\/font><\/p>\n<p align=\"center\"><font face=\"Arial\" size=\"2\">Email : <\/font> <a href=\"http:\/\/fr.f265.mail.yahoo.com\/ym\/Compose?To=Liberte_%C3%A9quite@yahoo.fr\" rel=\"nofollow noopener\" target=\"_blank\" ymailto=\"mailto:Liberte_\u00e9quite@yahoo.fr\"> <font face=\"Arial\" size=\"2\">Liberte_\u00e9quite@yahoo.fr<\/font><\/a><\/p>\n<p align=\"center\"><font face=\"Arial\" size=\"2\">Tunis, le 10 mars 2008<\/font><\/p>\n<p align=\"center\">\n<h2 style=\"color: red;\"><font face=\"Arial\"><strong>L\u2019\u00e9tat des     libert\u00e9s en Tunisie<\/strong><\/font><\/h2>\n<\/p>\n<p><font face=\"Arial\" size=\"2\"><strong>1) l\u2019ex prisonnier     politique Mohammed Gueloui nous a envoy\u00e9 la lettre qui suit :<\/strong><\/font><\/p>\n<p><font face=\"Arial\" size=\"2\">Sept mois ont pass\u00e9 depuis ma lib\u00e9ration en     juillet 2007 ; j\u2019ai obtenu ma carte d\u2019identit\u00e9 nationale en ao\u00fbt 2007, et     j\u2019ai sign\u00e9 un proc\u00e8s verbal de fin de recherches \u00e0 la fin de l\u2019ann\u00e9e 2007 et     pourtant, lundi 10 mars 2008 \u00e0 huit heures et demie alors que je me rendais     \u00e0 mon travail, j\u2019ai \u00e9t\u00e9 arr\u00eat\u00e9 et conduit au poste de police Charles Nicolle     et, de l\u00e0, au district de Bab Bahr de fa\u00e7on humiliante. J\u2019y suis rest\u00e9     presque une demie journ\u00e9e au motif qu\u2019il aurait un mandat de recherche \u00e9mis     \u00e0 mon encontre par la Cour d\u2019Appel de Gab\u00e8s, cette affaire dont j\u2019ai p\u00e2ti     lorsque j\u2019ai voulu y faire opposition en novembre 2005 alors que j\u2019\u00e9tais en     prison ; il y a eu jonction des affaires en avril 2006 et pourtant le mandat     de recherche est toujours actif.<\/font><\/p>\n<p><font face=\"Arial\" size=\"2\">Ils m\u2019ont fait perdre une journ\u00e9e de travail     comme ils m\u2019avaient fait perdre 6666 jours pass\u00e9s en prison sans compter les     p\u00e9riodes de gardes \u00e0 vue et les jours d\u2019errance.<\/font><\/p>\n<p><font face=\"Arial\" size=\"2\">Aujourd\u2019hui je vis un harc\u00e8lement quotidien,     cela commence par la fatigue qui confine \u00e0 l\u2019\u00e9puisement quand je dois     chercher \u00e0 nourrir des enfants qui me voient comme le symbole de la     privation : privation d\u2019une enfance normale, privation aujourd\u2019hui du droit     \u00e0 une citoyennet\u00e9 digne, privation de mon fils Hassem de son passeport     depuis cinq mois. Il faudrait y ajouter le probl\u00e8me s\u00e9curitaire r\u00e9current,     car si la prison est une mort lente, ce que je vis aujourd\u2019hui est une mort     rapide, [\u2026]je vis en permanence avec le sentiment d\u2019\u00eatre poursuivi, comme si     la vie en prison acheminait vers une fin connue d\u2019avance, [\u2026]et que la vie     hors de la prison \u00e9tait une course d\u2019obstacle sans fin.<\/font><\/p>\n<p><font face=\"Arial\" size=\"2\"><strong>Mohammed Gueloui<\/strong><\/font><\/p>\n<p><font face=\"Arial\" size=\"2\">Ex prisonnier politique<\/font><\/p>\n<p><font face=\"Arial\" size=\"2\"><strong>2) Vendredi 6 mars, la m\u00e8re de l\u2019ex     prisonnier politique et r\u00e9fugi\u00e9 en France, Abdallah Lassoued (Bou Bakri) est     d\u00e9c\u00e9d\u00e9e. Elle a \u00e9t\u00e9 enterr\u00e9e lundi 10 mars 2008 au cimeti\u00e8re de Bouchema \u00e0     Gab\u00e8s [\u2026]<\/strong><\/font><\/p>\n<p><font face=\"Arial\" size=\"2\">Pour les condol\u00e9ances contacter monsieur     Abdallah Lassoued au 0033618245722<\/font><\/p>\n<p><font face=\"Arial\" size=\"2\"><strong>3) Arrestation de Sadri Kerout<\/strong><\/font><\/p>\n<p><font face=\"Arial\" size=\"2\">Lundi 4 mars 2008, le jeune Sadri Kerout,     originaire de la ville de Beni Khiar, dans le gouvernorat de Nabeul, a \u00e9t\u00e9     arr\u00eat\u00e9 et emmen\u00e9 vers une destination inconnue. Sa famille a des inqui\u00e9tudes     quant \u00e0 ce qu\u2019il est advenu de lui. Le jeune Sadri Kerout est \u00e9tudiant en     premi\u00e8re ann\u00e9e de math\u00e9matiques.<\/font><\/p>\n<p><font face=\"Arial\" size=\"2\"><strong>4) Maher Abdelhamid a disparu apr\u00e8s     sa livraison \u00e0 la Tunisie<\/strong><\/font><\/p>\n<p><font face=\"Arial\" size=\"2\">Monsieur Mohammed Ben Salah Ben Ali     Abdelhamid nous a inform\u00e9s que son fr\u00e8re Maher, \u00e9tudiant en Syrie depuis     2004, avait disparu et que ses camarades avaient contact\u00e9 sa famille pour     les informer qu\u2019il avait \u00e9t\u00e9 renvoy\u00e9 en Tunisie il y a six mois. La famille     n\u2019a rien pu savoir depuis lors et a charg\u00e9 un avocat qui a contact\u00e9 le     procureur de la R\u00e9publique aupr\u00e8s du Tribunal de Premi\u00e8re Instance de Tunis     pour lui demander d\u2019ouvrir une enqu\u00eate \u00e0 ce sujet [\u2026] Libert\u00e9 et Equit\u00e9     demande aux autorit\u00e9s concern\u00e9es d\u2019informer la famille de Maher Abdelhamid,     qu\u2019il soit en Syrie ou en Tunisie.<\/font><\/p>\n<p><font face=\"Arial\" size=\"2\"><strong>5) la recherche des personnes     disparues<\/strong><\/font><\/p>\n<p><font face=\"Arial\" size=\"2\">Monsieur Zouha\u00efer Jabli nous a inform\u00e9s que     son fr\u00e8re est employ\u00e9 sur le bateau \u00ab\u00a0Rafraf\u00a0\u00bb, sp\u00e9cialis\u00e9 dans la p\u00eache au     thon dans les eaux territoriales tunisiennes. Ce bateau a coul\u00e9 pr\u00e8s des     c\u00f4tes de l\u2019\u00eele de Lampedusa il y a dix jours avec \u00e0 bord une dizaine de     personnes. Trois cadavres ont \u00e9t\u00e9 rep\u00each\u00e9s et quatre ont \u00e9t\u00e9 sauv\u00e9s et trois     autres ont disparu. Les familles sinistr\u00e9es exigent que soient rep\u00each\u00e9s les     cadavres (s\u2019ils sont morts) de leurs enfants et qu\u2019ils leur soient restitu\u00e9s.<\/font><\/p>\n<p><font face=\"Arial\" size=\"2\">Pour le bureau ex\u00e9cutif de l\u2019organisation<\/font><\/p>\n<p><font face=\"Arial\" size=\"2\">Le pr\u00e9sident<\/font><\/p>\n<p><font face=\"Arial\" size=\"2\"><strong>Ma\u00eetre Mohammed Nouri<\/strong><\/font><\/p>\n<p><font face=\"Arial\" size=\"2\">(traduction d\u2019extraits ni     revue ni corrig\u00e9e par les auteurs de la version originale, LT)<\/font><\/p>\n<p><font face=\"Arial\" size=\"2\"><\/font><\/p>\n<hr\/>\n<p>\u00a0<\/p>\n<p align=\"center\"><font face=\"Arial\" size=\"2\">Sauvez la vie du prisonnier     politique et ing\u00e9nieur Ridha Boukadi<\/font><\/p>\n<p align=\"center\"><font face=\"Arial\" size=\"2\">Libert\u00e9 pour Slim Boukhdhir,     la plume libre<\/font><\/p>\n<p align=\"center\"><font face=\"Arial\" size=\"2\"><strong>    Libert\u00e9 et Equit\u00e9<\/strong><\/font><\/p>\n<p align=\"center\"><font face=\"Arial\" size=\"2\">Organisation de droits de     l\u2019homme ind\u00e9pendante<\/font><\/p>\n<p align=\"center\"><font face=\"Arial\" size=\"2\">33 rue Mokhtar Atya, 1001     Tunis<\/font><\/p>\n<p align=\"center\"><font face=\"Arial\" size=\"2\">Tel\/fax: 71 340 860<\/font><\/p>\n<p align=\"center\"><font face=\"Arial\" size=\"2\">Email : <\/font> <a href=\"http:\/\/fr.f265.mail.yahoo.com\/ym\/Compose?To=Liberte_%C3%A9quite@yahoo.fr\" rel=\"nofollow noopener\" target=\"_blank\" ymailto=\"mailto:Liberte_\u00e9quite@yahoo.fr\"> <font face=\"Arial\" size=\"2\">Liberte_\u00e9quite@yahoo.fr<\/font><\/a><\/p>\n<p align=\"center\"><font face=\"Arial\" size=\"2\">Tunis, le 10 mars 2008<\/font><\/p>\n<p align=\"center\">\u00a0<\/p>\n<p><font face=\"Arial\" size=\"2\">L\u2019organisation Libert\u00e9 et \u00c9quit\u00e9 a re\u00e7u une     lettre du p\u00e8re du prisonnier politique Ouahid Brahmi, l\u2019un des jeunes du     Parti D\u00e9mocratique Progressiste, que nous publions telle quelle :<\/font><\/p>\n<p><font face=\"Arial\" size=\"2\">Information<\/font><\/p>\n<p><font face=\"Arial\" size=\"2\">Le prisonnier Ouahid Brahmi, incarc\u00e9r\u00e9 \u00e0 la     prison Sidi Ali El Hattab de Mornaguia, a demand\u00e9 \u00e0 pouvoir se laver comme     les autres prisonniers. Il a \u00e9t\u00e9 agress\u00e9 violemment sur tout son corps par     des agents de la prison, ce qui lui a caus\u00e9 des l\u00e9sions importantes et a \u00e9t\u00e9     puni par une mise en isolement (\u00ab\u00a0siloun) pour dix jours d\u2019affil\u00e9e.<\/font><\/p>\n<p><font face=\"Arial\" size=\"2\">Le comit\u00e9 r\u00e9gional de d\u00e9fense de Ouahid     Brahmi [\u2026] appelle les organisations de la soci\u00e9t\u00e9 civile, les organisations     r\u00e9gionales et internationales \u00e0 faire front \u00e0 ces m\u00e9thodes et \u00e0 \u0153uvrer \u00e0 la     lib\u00e9ration imm\u00e9diate du fr\u00e8re Ouahid Brahmi, injustement emprisonn\u00e9     puisqu\u2019il s\u2019est av\u00e9r\u00e9 que les accusations avaient \u00e9t\u00e9 mont\u00e9es contre lui et     n\u2019\u00e9taient pas fond\u00e9es en droit. Il est seulement accus\u00e9 d\u2019\u00eatre un militant     du Parti D\u00e9mocratique Progressiste.<\/font><\/p>\n<p><font face=\"Arial\" size=\"2\">Le coordonnateur<\/font><\/p>\n<p><font face=\"Arial\" size=\"2\"><strong>Lassaad Bouazizi<\/strong><\/font><\/p>\n<p><font face=\"Arial\" size=\"2\">Pour le bureau ex\u00e9cutif de l\u2019organisation<\/font><\/p>\n<p><font face=\"Arial\" size=\"2\">Le pr\u00e9sident<\/font><\/p>\n<p><font face=\"Arial\" size=\"2\"><em>Ma\u00eetre Mohammed Nouri<\/em><\/font><\/p>\n<p><font face=\"Arial\" size=\"2\">(traduction d\u2019extraits ni     revue ni corrig\u00e9e par les auteurs de la version originale, LT)<\/font><\/p>\n<p><font face=\"Arial\" size=\"2\"><\/font><\/p>\n<hr\/>\n<div>\n<div>\n<p align=\"center\"><font face=\"Arial\" size=\"2\">Libert\u00e9 pour tous les         prisonniers politiques<\/font><\/p>\n<p align=\"center\"><font face=\"Arial\" size=\"2\">Libert\u00e9 pour Abdallah         Zouari, le journaliste exil\u00e9 dans son propre pays<\/font><\/p>\n<p align=\"center\"><font face=\"Arial\" size=\"2\"><strong>        Association Internationale de Soutien aux prisonniers politiques<\/strong><\/font><\/p>\n<p align=\"center\"><font face=\"Arial\" size=\"2\">43 rue Eldjazira, tunis<\/font><\/p>\n<p align=\"center\"><font face=\"Arial\" size=\"2\">e-mail : <\/font> <a href=\"http:\/\/fr.f265.mail.yahoo.com\/ym\/Compose?To=aispptunisie@yahoo.fr\" rel=\"nofollow noopener\" target=\"_blank\" ymailto=\"mailto:aispptunisie@yahoo.fr\"> <font face=\"Arial\" size=\"2\" title=\"http:\/\/fr.f265.mail.yahoo.com\/ym\/Compose?To=aispptunisie@yahoo.frF\u00f6lj l\u00e4nken genom att trycka p\u00e5 CTRL och klicka\">        aispptunisie@yahoo.fr<\/font><\/a><\/p>\n<p align=\"center\"><font face=\"Arial\" size=\"2\">Tunis, le 10 mars 2008<\/font><\/p>\n<p><font face=\"Arial\" size=\"2\">La premi\u00e8re chambre criminelle du         Tribunal de Premi\u00e8re Instance de Tunis, pr\u00e9sid\u00e9e par le juge H\u00e9di Ayari,         a examin\u00e9 vendredi 29 f\u00e9vrier 2008 l\u2019affaire n\u00b010600 dans laquelle sont         d\u00e9f\u00e9r\u00e9s Khatib Boukhari (n\u00e9 le 30\/08\/1955), La\u00efd Jouadi (n\u00e9 le         14\/11\/1975), Hafedh Samoudi (n\u00e9 le 17\/05\/1983), Hassib Chebbi (n\u00e9 le         06\/06\/1984),Ramzi Brini (n\u00e9 le 30\/01\/1985), Sami Guediri (n\u00e9 le         02\/03\/1976), Abdeljelil Aliaoui (n\u00e9 le 27\/06\/1984), Abdessalam Bali (n\u00e9         le 09\/06\/1984), Ali Laafi (n\u00e9 le 03\/06\/1977), Ghassan Siliane (n\u00e9 le         17\/07\/1987), Gamoudi Hamed (n\u00e9 le 16\/08\/1981), Mokhtar Akouri (n\u00e9 le         23\/10\/1985),, Mourad Saadi (n\u00e9 le 15\/07\/1986), Nejmeddine Barkouki (n\u00e9         le 06\/03\/1979), Noureddine Harich (n\u00e9 le 16\/12\/1985), Mohammed Ali         Horchani (n\u00e9 le 04\/05\/1971), Habib Hafsi (n\u00e9 le 12\/01\/1984), Ramzi         Romdhani (n\u00e9 le 18\/04\/1977), Ali Omri (n\u00e9 le 09\/02\/1983) en vertu de la         loi du 10 d\u00e9cembre 2003 \u00ab\u00a0 de lutte contre le terrorisme\u00a0\u00bb. L\u2019acte         d\u2019accusation comporte les accusations d\u2019appel \u00e0 commettre des         infractions terroristes, d\u2019adh\u00e9sion \u00e0 une organisation en rapport avec         les infractions terroristes, d\u2019utilisation d\u2019un nom, d\u2019un mot et d\u2019un         symbole pour identifier une organisation terroriste, ses membres et son         activit\u00e9, d\u2019adh\u00e9sion sur le territoire de la R\u00e9publique et en dehors \u00e0         une organisation ayant fait du terrorisme un moyen de r\u00e9aliser es         objectifs, d\u2019entra\u00eenements militaires en Tunisie et hors de Tunisie en         vue de commettre des infractions terroristes sur le territoire de la         R\u00e9publique, d\u2019utilisation du territoire de la R\u00e9publique pour recruter         et entra\u00eener des personnes en vue de commettre un acte terroriste sur le         territoire de la R\u00e9publique, de fourniture d\u2019armes, d\u2019explosifs, de         munitions et autres mati\u00e8res et \u00e9quipements similaires \u00e0 une         organisation en rapport avec les infractions terroristes, de fournitures         d\u2019informations \u00e0 la disposition d\u2019une organisations en rapport avec les         infractions terroristes pour l\u2019aider \u00e0 commettre des infractions         terroristes, de mise \u00e0 disposition d\u2019un local de r\u00e9union aux membres         d\u2019une organisation en rapport avec les infractions terroristes, d\u2019aide \u00e0         leur h\u00e9bergement clandestin et \u00e0 leur fuite, de cotisation et de         collecte de fonds destin\u00e9s \u00e0 financer des personnes, une organisation,         et des activit\u00e9s en rapport avec les infractions terroristes. Ma\u00eetres         Ibada Kefi, Abdelfattah Mourou, Abderraouf Ayadi, Mokhtar Jallali, Kamel         Hamdi, Boubaker Ben Ali, Samir Ben Amor et Ayachi Hammami se sont         pr\u00e9sent\u00e9s pour les d\u00e9fendre. Apr\u00e8s avoir re\u00e7u les demandes formul\u00e9es par         les avocats de remise en libert\u00e9 des accus\u00e9s arr\u00eat\u00e9s, notamment Khatib         Boukhari, qui souffre de c\u00e9cit\u00e9, le juge a d\u00e9cid\u00e9 de repousser l\u2019examen         de l\u2019affaire au 24 mars 2008. [\u2026]<\/font><\/p>\n<p><font face=\"Arial\" size=\"2\">Pour la commission de suivi des proc\u00e8s<\/font><\/p>\n<p><font face=\"Arial\" size=\"2\">Le secr\u00e9taire g\u00e9n\u00e9ral de l\u2019Association<\/font><\/p>\n<p><font face=\"Arial\" size=\"2\"><strong>Ma\u00eetre Samir         Dilou<\/strong><\/font><\/p>\n<p><font face=\"Arial\" size=\"2\">(traduction d\u2019extraits ni         revue ni corrig\u00e9e par les auteurs de la version en arabe, LT)<\/font><\/p>\n<\/div><\/div>\n<p>\u00a0<\/p>\n<\/div>\n<\/div>\n<div>\n<hr\/>\n<\/div>\n<div> <font face=\"Arial\" size=\"2\"> <\/p>\n<p align=\"center\"> <b><span lang=\"FR-CH\"> <font size=\"3\">AQMI revendique l&rsquo;enl\u00e8vement de deux Autrichiens en Tunisie<o:p><\/o:p><\/font><\/span><\/b><\/p>\n<p> <span lang=\"FR-CH\">Associated   Press, le 10 mars 2008 \u00e0 17h53<o:p><\/o:p><\/span><\/p>\n<p align=\"center\"> <span>\u00a0<\/span><\/p>\n<p> <span lang=\"FR-CH\">L&rsquo;enl\u00e8vement de   deux touristes autrichiens port\u00e9s disparus en Tunisie depuis la mi-f\u00e9vrier a   \u00e9t\u00e9 revendiqu\u00e9 dans un enregistrement sonore attribu\u00e9 \u00e0 Al-Qa\u00efda au Maghreb   islamique (AQMI) et diffus\u00e9 lundi par la cha\u00eene de t\u00e9l\u00e9vision qatarie Al   Jazira.<o:p><\/o:p><\/span><\/p>\n<p> <span lang=\"FR-CH\">Le gouvernement   autrichien a annonc\u00e9 le 3 mars qu&rsquo;on \u00e9tait sans nouvelles d&rsquo;un couple de   Salzbourg compos\u00e9 d&rsquo;un homme de 51 ans et d&rsquo;une femme de 40, 45 ans, depuis   qu&rsquo;ils avaient t\u00e9l\u00e9phon\u00e9 de la r\u00e9gion de Matmata, dans le sud de la Tunisie.   Ils se d\u00e9pla\u00e7aient \u00e0 bord d&rsquo;une Jeep immatricul\u00e9e en Autriche.<o:p><\/o:p><\/span><\/p>\n<p> <span lang=\"FR-CH\">Dans la bande   diffus\u00e9e lundi, un homme se pr\u00e9sentant sous le nom de Salah Abou Mohammed dit   qu&rsquo;AQMI, anciennement GSPC (Groupe salafiste pour la pr\u00e9dication et le   combat), avait captur\u00e9 les deux touristes le 22 f\u00e9vrier pour punir l&rsquo;Occident   de sa coop\u00e9ration avec Isra\u00ebl mais que les otages se portaient bien.<o:p><\/o:p><\/span><\/p>\n<p> <span lang=\"FR-CH\">\u00ab\u00a0Nous disons   aux touristes occidentaux qu&rsquo;alors m\u00eame qu&rsquo;ils affluent sur les terres de   Tunisie pour rechercher la joie, nos fr\u00e8res se font massacrer dans la Bande de   Gaza par des juifs, avec la collaboration des Etats d&rsquo;Occident\u00a0\u00bb, lance Salah   Abou Mohammed. \u00ab\u00a0Les moudja\u00efdines (combattants islamistes, NDLR) les ont d\u00e9j\u00e0   pr\u00e9venus de ce que l&rsquo;Etat tunisien apostat ne peut pas et ne vous prot\u00e9gera   pas, et que les mains des moudja\u00efdines peuvent vous atteindre o\u00f9 que vous vous   trouviez sur le sol tunisien\u00a0\u00bb, ajoute-t-il.<o:p><\/o:p><\/span><\/p>\n<p> <span lang=\"FR-CH\">L&rsquo;ambassadeur   autrichien en Tunisie, Johann Fr\u00f6lich, a d\u00e9clar\u00e9 en direct sur la cha\u00eene de   t\u00e9l\u00e9vision autrichienne ORF qu&rsquo;il venait de rencontrer des responsables du   minist\u00e8re tunisien de l&rsquo;Int\u00e9rieur au sujet du couple et qu&rsquo;une telle   revendication n&rsquo;avait pas \u00e9t\u00e9 mentionn\u00e9e. Il a ajout\u00e9 qu&rsquo;il n&rsquo;avait pas   connaissance de la disparition d&rsquo;autres de ses concitoyens.  <o:p><\/o:p> <\/span><\/p>\n<p> <b><span lang=\"FR-CH\">Associated   Press <\/span><\/b><\/p>\n<hr\/>\n<p> <o:p><\/o:p> <\/p>\n<p> <span>\u00a0<\/span><\/p>\n<p align=\"center\"> <b><span lang=\"FR-CH\">  L&rsquo;EXIGENCE AISPP<o:p><\/o:p><\/span><\/b><\/p>\n<p> <span lang=\"FR-CH\">Le\u00a0 travail que   font nos amis\u00a0 de la nouvelle direction de l&rsquo;AISPP (e-mail:  <a href=\"mailto:aispptunisie@yahoo.fr\" title=\"mailto:aispptunisie@yahoo.frF\u00f6lj l\u00e4nken genom att trycka p\u00e5 CTRL och klicka\">  aispptunisie@yahoo.fr<\/a> ) est magnifique, il doit inspirer, dans une logique   de r\u00e9sistance et de coh\u00e9rence politique et sociale, tous les partis et ONG de   l&rsquo;opposition d\u00e9mocratique \u00e0 la dictature qui ruine la Tunisie, et opprime les   tunisiens.  <o:p><\/o:p> <\/span><\/p>\n<p> <span lang=\"FR-CH\">Oui la question   des prisonniers politiques tunisiens , de la libert\u00e9 d&rsquo;expression, de voyager,   de penser, de cr\u00e9er , de la libert\u00e9 tout court en Tunisie, tient de l&rsquo;effort   collectif des d\u00e9fenseurs des droits humains, qu&rsquo;ils soient politiques ou de la   soci\u00e9t\u00e9 civile, de leur capacit\u00e9 \u00e0 s&rsquo;organiser\u00a0 sans se renier dans une   strat\u00e9gie collective, cr\u00e9dible, pragmatique et r\u00e9aliste, une strat\u00e9gie qui   r\u00e9veillera les consciences tunisiennes, sans aucun \u00e0 priori, cette conscience\u00a0   de la nation tunisienne, sans aucun calcul ou forfaiture.  <o:p><\/o:p> <\/span><\/p>\n<p> <span lang=\"FR-CH\">Le combat de   messieurs DILOU, MAATAR et leurs compagnons, un combat difficile, et ayant peu   de moyens,\u00a0 qui d\u00e9passe par sa cr\u00e9dibilit\u00e9 les postures d&rsquo;ego avilissants et   pu\u00e9rils, claniqueS, d&rsquo;antan, celui qui depuis toujours\u00a0 appauvrissent toute   r\u00e9sistance tunisienne, doit \u00eatre soutenu, et m\u00eame servir\u00a0 de signe de   ralliement pour les d\u00e9mocrates tunisiens, un signe, qui ne souffre d&rsquo;aucun   calcul partisan.<o:p><\/o:p><\/span><\/p>\n<p> <b> <span lang=\"FR-CH\">  (Source\u00a0: le num\u00e9ro 96 d&rsquo;ELKHADRA,<\/span><span lang=\"FR-CH\"> <a href=\"http:\/\/elkhadra.over-blog.com\/\" target=\"_blank\" rel=\"noopener\">http:\/\/elkhadra.over-blog.com<\/a> )<o:p><\/o:p><\/span><\/b><\/p>\n<p> <b> <span lang=\"FR-CH\">  Lien\u00a0:<\/span><span lang=\"FR-CH\"> <a href=\"http:\/\/membres.lycos.fr\/elkhadra1\/textetun.doc\" target=\"_blank\" rel=\"noopener\">  http:\/\/membres.lycos.fr\/elkhadra1\/textetun.doc<\/a><o:p><\/o:p><\/span><\/b><\/p>\n<p> <span lang=\"FR-CH\"> <o:p><strong>\u00a0<\/strong><\/o:p><\/span><\/p>\n<p> <strong><\/strong><\/p>\n<hr\/>\n<p>  \u00a0<\/p>\n<p align=\"center\"> <b> <span lang=\"SV\"> <font size=\"3\">Comp\u00e9tences au frigo<\/font><\/span><\/b><\/p>\n<p> <span lang=\"SV\"> <o:p>\u00a0<\/o:p><\/span><\/p>\n<p> <b>Par Nizar Bahloul<\/b>      C\u2019est la terreur de tous les employ\u00e9s. Elle est pire que le ch\u00f4mage et atteint   l\u2019individu dans ce qu\u2019il a de plus cher : sa dignit\u00e9. Etre mis au frigo, comme   on dit chez nous (au placard sous d\u2019autres cieux), c\u2019est avoir un salaire,   parfois un bon salaire, pour ne rien faire. On retrouve ces cas dans plus   d\u2019une administration et dans plus d\u2019une banque ou d\u2019une grosse compagnie. Le   salari\u00e9 n\u2019est pas licenci\u00e9, mais il n\u2019a plus de fonction r\u00e9elle. Cela revient,   parait-il, moins cher que de le mettre \u00e0 la porte. On peut avoir \u00e9t\u00e9 pilote,   cadre bancaire, chef d\u2019agence, r\u00e9dacteur en chef d\u2019un journal, animateur d\u2019une   grande ou int\u00e9ressante \u00e9mission, directeur d\u2019un important organisme, nul n\u2019y   \u00e9chappe quand on est dans une grande entreprise. Il n\u2019est pas n\u00e9cessaire   d\u2019avoir commis une grande gaffe pour \u00eatre invit\u00e9 \u00e0 rejoindre le frigo, il   suffit que la hi\u00e9rarchie vous prenne en grippe.    De l\u00e0 \u00e0 nous interroger sur ces centaines de comp\u00e9tences, leur avenir et la   valeur ajout\u00e9e qu\u2019ils auraient pu insuffler au pays s\u2019ils remplissaient leur   fonction normalement. Un manque \u00e0 gagner difficile, voire impossible \u00e0   chiffrer, mais qu\u2019on peut estimer \u00e0 des centaines de milliers de dinars. Le   ph\u00e9nom\u00e8ne n\u2019est pas sp\u00e9cifique \u00e0 la Tunisie, on le retrouve partout, y compris   dans les pays les plus d\u00e9velopp\u00e9s. Seulement voil\u00e0, dans les pays d\u00e9velopp\u00e9s,   les comp\u00e9tences se comptent par centaines de milliers, voire par millions.   Mais chez nous ? Les comp\u00e9tences se font rares et se feront de plus en plus   rares au vu du niveau moyen g\u00e9n\u00e9ral de nos ma\u00eetrisards et dipl\u00f4m\u00e9s de   l\u2019enseignement sup\u00e9rieur, de la concurrence et la mondialisation. Cette raret\u00e9   touche tous les domaines et l\u00e0 o\u00f9 on a un bon nombre de vraies comp\u00e9tences   (pilotes, ing\u00e9nieurs, journalistes), on essaie de nous les d\u00e9baucher que ce   soit en Occident ou en Orient. Les meilleurs ne sont pas partis, certes (ou   peut-\u00eatre), mais ceux qui restent ne sont pas tous \u00ab exploit\u00e9s \u00bb comme il se   doit.    Combien y a-t-il aujourd\u2019hui d\u2019animateur ou de journaliste de haut niveau \u00e0   l\u2019ERTT ou dans je ne sais quel autre minist\u00e8re ou banque, qui n\u2019en peuvent   plus de ne rien faire ? Entre ceux titulaires invit\u00e9s \u00e0 rester chez eux ou \u00e0   ne pas franchir la porte de leur minuscule bureau ou encore les \u00ab ch\u00f4meurs \u00bb   (l\u2019utilisation m\u00eame de ce terme pour d\u00e9signer une comp\u00e9tence est choquante)   dont le contrat n\u2019est pas renouvel\u00e9, on ne compte plus.    O\u00f9 est untel ? Il est au frigo ! O\u00f9 est untel ? Son \u00e9mission n\u2019a pas \u00e9t\u00e9   reconduite cette ann\u00e9e. O\u00f9 est untel ? On lui a retir\u00e9 la direction de   l\u2019agence, parce qu\u2019il a refus\u00e9 un pr\u00eat \u00e0 un gros client. O\u00f9 est untel ? On ne   veut plus entendre parler de lui, il s\u2019est permis de critiquer la strat\u00e9gie de   son chef devant le PDG.    Une seule alternative demeure devant tous ces \u00ab frigorifi\u00e9s \u00bb : soit de rester   tranquillement dans le bureau ou chez eux pendant quelques ann\u00e9es le temps que   celui qui les a placard\u00e9s aille ailleurs (et il ira !), soit d\u2019aller voir si   l\u2019herbe est plus verte ailleurs et elle n\u2019est pas plus verte ailleurs ! Dans   un cas comme dans l\u2019autre, nul ne sort gagnant dans l\u2019affaire.    Pour eux, la situation est insoutenable. L\u2019individu se sent humili\u00e9,   touch\u00e9\u00a0dans sa dignit\u00e9. Il a un boulot, un m\u00e9tier ou savoir-faire, mais il ne   peut rien exercer \u00e0 cause d\u2019un sup\u00e9rieur qui n\u2019est pas forc\u00e9ment plus   comp\u00e9tent que lui. Cet individu s\u2019appauvrit (intellectuellement et   financi\u00e8rement) de jour en jour. Sa vitalit\u00e9, son dynamisme disparaissent et   son savoir-faire s\u2019estompe. Il sombre peu \u00e0 peu dans la d\u00e9prime et risque de   ne plus jamais retrouver sa fougue d\u2019antan.   Ces comp\u00e9tences ont co\u00fbt\u00e9 cher au pays en \u00e9ducation et en formation. Quand la   communaut\u00e9 s\u2019appr\u00eatait \u00e0 r\u00e9colter les fruits de son investissement, voil\u00e0   qu\u2019un petit chef en d\u00e9cide autrement ! Un petit chef qui pense, peut-\u00eatre, que   le frigo du boulot doit toujours \u00eatre rempli, comme celui qu\u2019il a chez lui !   Et pourtant ! Ces comp\u00e9tences ont encore beaucoup \u00e0 nous donner. Beaucoup !   C\u2019est triste. Tr\u00e8s triste !      <b>Chronique en hommage \u00e0 un certain Khema\u00efs qui se reconnaitra et bien   d\u2019autres comp\u00e9tences.  <o:p><\/o:p> <\/b><\/p>\n<p> <b> <o:p>\u00a0<\/o:p><\/b><\/p>\n<p> <b> <span lang=\"FR-CH\">  10 mars 2008<\/span><\/b><\/p>\n<p>\u00a0<\/p>\n<hr\/>\n<h2 align=\"center\" style=\"color: red;\"> <span lang=\"FR-CH\">  Elections du Comit\u00e9-Directeur de l&rsquo;Association Tunisienne des Jeunes Avocats   (ATJA)<o:p><\/o:p><\/span><\/h2>\n<h2 align=\"center\" style=\"color: red;\"> <span>Les \u00ab Rc\u00e9distes   \u00bb raflent la mise<o:p><\/o:p><\/span><\/h2>\n<ul type=\"disc\">\n<li> <span lang=\"FR-CH\">\u00a0Me Rafik     Baccar, au \u00ab Temps \u00bb : \u00ab \u0152uvrer \u00e0 promouvoir la profession \u00bb: \u00ab Je suis pour     l&rsquo;avocat qui porte le drapeau de la profession dans son parti et non le     drapeau du parti dans sa profession \u00bb<o:p><\/o:p><\/span><\/li>\n<\/ul>\n<p> <span lang=\"FR-CH\">L&rsquo;adage qui dit   \u00ab jamais deux sans trois \u00bb, a \u00e9t\u00e9 amplement confirm\u00e9 par les Jeunes Avocats   qui portent les couleurs du Rassemblement Constitutionnel D\u00e9mocratique (RCD).   Ils viennent pour la troisi\u00e8me fois cons\u00e9cutive, de remporter haut la main les   \u00e9lections du Comit\u00e9 Directeur de l&rsquo;Association Tunisienne des Jeunes Avocats   (ATJA).<o:p><\/o:p><\/span><\/p>\n<p> <span>\u00a0<\/span><\/p>\n<p> <span lang=\"FR-CH\">Sur les neuf   si\u00e8ges que compte le Comit\u00e9, les candidats \u00ab Rc\u00e9distes \u00bb en ont gagn\u00e9 sept, ne   laissant qu&rsquo;un si\u00e8ge \u00e0 un candidat de sensibilit\u00e9 proche des nationalistes   arabes, Me Khaled Krichi et un autre candidat proche de celle du courant   religieux Me Dhiaeddine Mourou. Les six candidats, membres du Comit\u00e9 Directeur   sortant, plus un nouveau candidat Me Karim Jouanhia ont \u00e9t\u00e9 \u00e9lus. Ces   \u00e9lections rappellent celles du 2004 o\u00f9 le Comit\u00e9 Directeur \u00e9lu \u00e9tait compos\u00e9   de 7 membres qui portent les couleurs du RCD et deux autres de gauche. Ces   derniers, se sentant minoritaires, ont d\u00e9missionn\u00e9. Mais, aujourd&rsquo;hui, selon   une source proche du Comit\u00e9 Directeur \u00e9lu, \u00ab les deux membres comptent   travailler et collaborer au sein du Comit\u00e9 \u00bb.<\/span><span><o:p><\/o:p><\/span><\/p>\n<p> <span lang=\"FR-CH\">\u00a0<o:p><\/o:p><\/span><\/p>\n<p> <b><span lang=\"FR-CH\">Op\u00e9ration<\/span><\/b><span><o:p><\/o:p><\/span><\/p>\n<p> <span lang=\"FR-CH\">Les \u00e9lections   se sont d\u00e9roul\u00e9es toute la journ\u00e9e \u00e0 l&rsquo;h\u00f4tel \u00ab Le Diplomate \u00bb de Tunis. Sur   les 2100 jeunes avocats de moins de 45 ans, inscrits au Barreau, 1540 ont   particip\u00e9 \u00e0 ces \u00e9lections. Un taux de participation \u00e9lev\u00e9 qui s&rsquo;est r\u00e9percut\u00e9   sur l&rsquo;op\u00e9ration de d\u00e9pouillement des bulletins de vote laquelle a dur\u00e9 de   samedi \u00e0 19 heures au dimanche \u00e0 11 heures. Entre-temps, elle a \u00e9t\u00e9 refaite   une deuxi\u00e8me fois suite \u00e0 un d\u00e9saccord sur le nombre de bulletins de l&rsquo;une des   urnes.<o:p><\/o:p><\/span><\/p>\n<p> <span lang=\"FR-CH\">\u00a0<o:p><\/o:p><\/span><\/p>\n<p> <b><span lang=\"FR-CH\">Voici la   liste des membres \u00e9lus :<\/span><\/b><span><o:p><\/o:p><\/span><\/p>\n<p> <span lang=\"FR-CH\">1- Me Mounir   Ben Smida : 669 voix<o:p><\/o:p><\/span><\/p>\n<p> <span lang=\"FR-CH\">2- Me Rafik   Baccar : 663 voix<o:p><\/o:p><\/span><\/p>\n<p> <span lang=\"FR-CH\">3- Me Oualid   Che\u00efkh Arbi : 645 voix<o:p><\/o:p><\/span><\/p>\n<p> <span lang=\"FR-CH\">4- Me Khaled   Ben Sa\u00e2d : 644 voix<o:p><\/o:p><\/span><\/p>\n<p> <span lang=\"FR-CH\">5- Me Khaled   Krichi : 632 voix<o:p><\/o:p><\/span><\/p>\n<p> <span lang=\"FR-CH\">6- Me   Dhiaeddine Mourou : 630 voix<o:p><\/o:p><\/span><\/p>\n<p> <span lang=\"FR-CH\">7- Me Karim   Jouanhia : 626 voix<o:p><\/o:p><\/span><\/p>\n<p> <span lang=\"FR-CH\">8- Me Heythem   Koudhe\u00efr : 554 voix<o:p><\/o:p><\/span><\/p>\n<p> <span lang=\"FR-CH\">9- Me Akram   Marzouk : 525 voix<o:p><\/o:p><\/span><\/p>\n<p> <span lang=\"FR-CH\">La r\u00e9partition   des responsabilit\u00e9s au sein du Comit\u00e9 Directeur de l&rsquo;ATJA se fera lors d&rsquo;une   r\u00e9union qui se tiendra, aujourd&rsquo;hui ou demain. Me Heythem Koudhe\u00efr et Me Akram   Marzouk repr\u00e9sentent, respectivement, les r\u00e9gions de Sousse et de Sfax au sein   du Comit\u00e9.<o:p><\/o:p><\/span><\/p>\n<p> <b> <span>  N\u00e9jib SASSI<\/span><\/b><span><o:p><\/o:p><\/span><\/p>\n<p> <span>\u00a0<o:p><\/o:p><\/span><\/p>\n<p> <span lang=\"FR-CH\">\u00a0\u00a0<o:p><\/o:p><\/span><\/p>\n<p> <strong> <span lang=\"FR-CH\">  Me Rafik Baccar, au \u00ab Temps \u00bb : \u00ab \u0152uvrer \u00e0 promouvoir la profession \u00bb<\/span><\/strong><span><o:p><\/o:p><\/span><\/p>\n<p> <strong><span lang=\"FR-CH\">\u2022 \u00ab Je   suis pour l&rsquo;avocat qui porte le drapeau de la profession dans son parti et non   le drapeau du parti dans sa profession \u00bb<\/span><\/strong><span lang=\"SV\"><o:p><\/o:p><\/span><\/p>\n<p> <span lang=\"FR-CH\">\u00a0<b>\u2022 Le Temps   : Quelles sont vos impressions ?<\/b><o:p><\/o:p><\/span><\/p>\n<p> <b><span lang=\"FR-CH\">-Me Rafik   Baccar :<\/span><\/b><span lang=\"FR-CH\">   Je suis tr\u00e8s heureux du climat d\u00e9mocratique avec lequel se sont d\u00e9roul\u00e9es ces   \u00e9lections. Je suis tr\u00e8s heureux de la confiance \u00e9norme que m&rsquo;ont accord\u00e9e mes   coll\u00e8gues. Je suis tr\u00e8s \u00e9mu du nombre des voix que j&rsquo;ai obtenu. C&rsquo;est une   lourde responsabilit\u00e9, j\u2019esp\u00e8re qu&rsquo;on travaillera ensemble comme une \u00e9quipe   soud\u00e9e et homog\u00e8ne.<o:p><\/o:p><\/span><\/p>\n<p> <b><span lang=\"FR-CH\">\u2022 Mais, il y   a deux \u00e9lus qui ne portent pas vos couleurs ?<\/span><\/b><span><o:p><\/o:p><\/span><\/p>\n<p> <span lang=\"FR-CH\">-Je les   respecte et je pense qu&rsquo;on peut travailler ensemble pour le bien de la   profession. Je suis pour l&rsquo;avocat qui porte le drapeau de la profession dans   son parti et non pour l&rsquo;avocat qui porte le drapeau de son parti dans la   profession.<o:p><\/o:p><\/span><\/p>\n<p> <b><span lang=\"FR-CH\">\u2022 Donc, vous   allez travailler de concert&#8230;<\/span><\/b><span><o:p><\/o:p><\/span><\/p>\n<p> <span lang=\"FR-CH\">-Absolument, et   je f\u00e9licite tous les membres \u00e9lus et j&rsquo;esp\u00e8re qu&rsquo;on \u0153uvrera ensemble pour   promouvoir la profession et pour renforcer les liens de solidarit\u00e9 et de   fraternit\u00e9 entre tous les avocats. J&rsquo;esp\u00e8re qu&rsquo;on mettra en action un   programme pour r\u00e9pondre aux attentes des jeunes avocats et pour les aider   moralement et mat\u00e9riellement, notamment, les stagiaires.<o:p><\/o:p><\/span><\/p>\n<p> <b> <span lang=\"FR-CH\">  Propos recueillis par N\u00e9jib SASSI<\/span><\/b><span><o:p><\/o:p><\/span><\/p>\n<p> <b> <span lang=\"FR-CH\">  (Source\u00a0: \u00ab\u00a0Le Temps Lundi\u00a0\u00bb (Hebdomadaire \u2013 Tunis), le 10 mars 2008) <\/span><\/b><\/p>\n<hr\/>\n<p><span> <o:p><\/o:p> <\/span> <\/p>\n<p>\u00a0<\/p>\n<h2 align=\"center\" style=\"color: red;\"> <span lang=\"FR-CH\">  Tribune<\/span><span><o:p><\/o:p><\/span><\/h2>\n<h2 align=\"center\" style=\"color: red;\"> <span lang=\"FR-CH\">  A propos du m\u00e9contentement des m\u00e9decins sp\u00e9cialistes lib\u00e9raux<o:p><\/o:p><\/span><\/h2>\n<ul type=\"disc\">\n<li> <b><span lang=\"FR-CH\">Voil\u00e0     pourquoi je ne me conventionne pas<o:p><\/o:p><\/span><\/b><\/li>\n<\/ul>\n<p> <span lang=\"FR-CH\">\u00a0\u00a0Le Bureau   Ex\u00e9cutif du Syndicat Tunisien des M\u00e9decins Sp\u00e9cialistes Lib\u00e9raux \u00ab STMSL \u00bb a   d\u00e9cid\u00e9 de reporter les rassemblements de m\u00e9decins sp\u00e9cialistes pr\u00e9vus, mardi   dernier, \u00e0 Tunis, Sousse et Sfax, pour protester contre l&rsquo;indiff\u00e9rence de la   CNAM face \u00e0 leurs revendications.<o:p><\/o:p><\/span><\/p>\n<p> <span lang=\"FR-CH\">Ce report   intervient \u00e0 la demande du ministre de la Sant\u00e9 publique, M. Mondher Zena\u00efdi,   qui a toujours fait preuve de compr\u00e9hension, mod\u00e9ration et sens du dialogue,   l\u00e0 o\u00f9 il est pass\u00e9, tout le monde lui voue du respect. D&rsquo;ailleurs, cette   demande refl\u00e8te bien les \u00e9chos favorables suscit\u00e9s par l&rsquo;Assembl\u00e9e G\u00e9n\u00e9rale du   dimanche, 2 mars, au sein des autorit\u00e9s de tutelle. Ce report, je dis bien   report, des rassemblements, est un geste intelligent et mature de la direction   du STMSL. Le corps des m\u00e9decins sp\u00e9cialistes lib\u00e9raux est responsable. Il est   ouvert au dialogue objectif et responsable pour le bien de la corporation et   la r\u00e9ussite du projet de r\u00e9forme de l&rsquo;assurance-maladie. Ainsi, il n&rsquo;y a pas   eu de rassemblement mais, la lettre destin\u00e9e au ministre des Affaires sociales   contenant les d\u00e9cisions de l&rsquo;AG, lui a \u00e9t\u00e9 remise. Cette lettre\u00a0 exprime le\u00a0   m\u00e9contentement des m\u00e9decins sp\u00e9cialistes et leur protestation quant \u00e0 la   lenteur des n\u00e9gociations avec la CNAM. Les m\u00e9decins sp\u00e9cialistes lib\u00e9raux   demandent fermement \u00e0 ce que les prochaines r\u00e9unions se fassent dor\u00e9navant   directement avec le minist\u00e8re des Affaires sociales. Ils insistent \u00e0 ce que   les r\u00e9ponses soient \u00e9crites et enregistr\u00e9es dans des Proc\u00e8s Verbaux. Ils ne   veulent pas voir se reproduire l&rsquo;exp\u00e9rience malencontreuse du STML, notamment   en ce qui concerne le choix des fili\u00e8res. En effet, la CNAM lui a promis de   reporter la d\u00e9cision du choix des fili\u00e8res du 31\/3\/2008 au 1\/7\/2008. Mais,   elle a failli \u00e0 sa promesse aupr\u00e8s du BE du STML parce qu&rsquo;il n&rsquo;y a pas d&rsquo;\u00e9crit   scellant cet accord. Donc, il serait souhaitable d&rsquo;obtenir des Proc\u00e8s Verbaux   \u00e9crits de tous les accords pass\u00e9s avec la CNAM.  <o:p><\/o:p> <\/span><\/p>\n<p> <span lang=\"FR-CH\">En plus, je   sollicite nos n\u00e9gociateurs du STMSL \u00e0 demander \u00e0 monsieur\u00a0 le\u00a0 ministre des   Affaires sociales de respecter les termes de la loi n\u00b03154 de d\u00e9cembre 2005   qui stipule que la CNAM est appel\u00e9e \u00e0 n\u00e9gocier avec l&rsquo;organisation syndicale   la plus repr\u00e9sentative. Or, pour nous autres, m\u00e9decins sp\u00e9cialistes lib\u00e9raux,   c&rsquo;est le STMSL qui est, et de tr\u00e8s loin, l&rsquo;organisation la plus repr\u00e9sentative   de la corporation. Donc, c&rsquo;est le STMSL qui est notre porte-parole aupr\u00e8s de   la CNAM et du minist\u00e8re des Affaires sociales. La signature du STMSL avec la   CNAM de la convention-cadre et sa pr\u00e9sence au sein du Conseil sup\u00e9rieur de   l&rsquo;Assurance-Maladie est une preuve de sa reconnaissance par l&rsquo;autorit\u00e9 de   tutelle. Donc, c&rsquo;est au STMSL que la CNAM et le minist\u00e8re des Affaires   sociales, doivent s&rsquo;adresser pour tout ce qui a trait aux m\u00e9decins   sp\u00e9cialistes lib\u00e9raux. C&rsquo;est le STMSL qui est notre porte-drapeau pour les   n\u00e9gociations sur la 2\u00e8me phase de la r\u00e9forme de l&rsquo;assurance-maladie.  <o:p><\/o:p> <\/span><\/p>\n<p> <span lang=\"FR-CH\">Je finis par   r\u00e9affirmer notre attachement \u00e0 la r\u00e9ussite de la r\u00e9forme de   l&rsquo;assurance-maladie qui ne saurait qu&rsquo;am\u00e9liorer l&rsquo;acc\u00e8s des Tunisiens aux   soins m\u00e9dicaux par une ouverture de la couverture m\u00e9dicale au secteur m\u00e9dical   priv\u00e9. Vous trouverez dans l&rsquo;annexe les raisons de notre appel au   non-conventionnement. Les m\u00e9decins sp\u00e9cialistes lib\u00e9raux comptent afficher ce   m\u00e9morandum dans leurs cabinets \u00e0 l&rsquo;intention de leurs patients.\u00a0  <o:p><\/o:p> <\/span><\/p>\n<p> <b> <span lang=\"FR-CH\">  \u00a0<span>Dr   Gharbi, ORL, El Mourouj.<\/span><\/span><\/b><span><o:p><\/o:p><\/span><\/p>\n<p> <span lang=\"FR-CH\">\u00a0<o:p><\/o:p><\/span><\/p>\n<p> <b><span lang=\"FR-CH\">Voil\u00e0   pourquoi je ne me conventionne pas<\/span><\/b><span><o:p><\/o:p><\/span><\/p>\n<p> <span lang=\"FR-CH\">1 &#8211; La CNAM ne   vous donne pas un acc\u00e8s libre au m\u00e9decin de votre choix (g\u00e9n\u00e9raliste ou   sp\u00e9cialiste), elle vous oblige \u00e0 passer par le m\u00e9decin de famille\u00a0 dans la   fili\u00e8re priv\u00e9e\u00a0 (Parcours de soin coordonn\u00e9 ).<o:p><\/o:p><\/span><\/p>\n<p> <span lang=\"FR-CH\">\u00a02 &#8211; La CNAM   oblige le m\u00e9decin \u00e0 \u00eatre conventionn\u00e9 puisqu&rsquo;elle ne rembourse pas le malade   qui se fait traiter par un sp\u00e9cialiste non conventionn\u00e9 .<o:p><\/o:p><\/span><\/p>\n<p> <span lang=\"FR-CH\">\u00a03 &#8211; La CNAM   refuse la fourchette d&rsquo;honoraires ordino -syndicale l\u00e9gale et d\u00e9ontologique .<o:p><\/o:p><\/span><\/p>\n<p> <span lang=\"FR-CH\">\u00a04 &#8211; La CNAM   refuse d&rsquo;inclure toutes les maladies chroniques (APCI ) dans la liste\u00a0 des   maladies prises en charge int\u00e9gralement ( exemple l&rsquo;allergie &#8230;.)<o:p><\/o:p><\/span><\/p>\n<p> <span lang=\"FR-CH\">\u00a05 &#8211; La CNAM\u00a0   vous prend en charge \u00e0 40 % en moyenne du co\u00fbt des interventions chirurgicales   \u00e0 la clinique et nous voulons pour vous que ce taux atteigne 70 %.<o:p><\/o:p><\/span><\/p>\n<p> <span lang=\"FR-CH\">\u00a06 &#8211; Nous   exigeons un plafond pour les soins ambulatoires de pas moins de 250 dinars par   personne et par famille.<o:p><\/o:p><\/span><\/p>\n<p> <span lang=\"FR-CH\">7 &#8211; Nous   demandons le respect total par la CNAM des prescriptions\u00a0 des sp\u00e9cialistes :   (ordonnances, analyses, radio&#8230;..)<o:p><\/o:p><\/span><\/p>\n<p> <span lang=\"FR-CH\">8 &#8211; En un mot,   nous demandons le respect du code de d\u00e9ontologie par la CNAM .<o:p><\/o:p><\/span><\/p>\n<p> <b><span lang=\"FR-CH\">NB :<\/span><\/b><span lang=\"FR-CH\">   Si vous voulez choisir une fili\u00e8re priv\u00e9e de soins, je vous recommande la   fili\u00e8re de remboursement : la carte verte *<o:p><\/o:p><\/span><\/p>\n<p> <b><span lang=\"FR-CH\">* Bien   entendu, il s&rsquo;agit d&rsquo;une opinion qui n&rsquo;engage que son auteur<\/span><\/b><span><o:p><\/o:p><\/span><\/p>\n<p> <b> <span lang=\"FR-CH\">  (Source\u00a0: \u00ab\u00a0Le Temps Lundi\u00a0\u00bb (Hebdomadaire \u2013 Tunis), le 10 mars 2008)<\/span><\/b><span><o:p><\/o:p><\/span><\/p>\n<p><\/font><\/div>\n<p align=\"center\">\u00a0<\/p>\n<p align=\"center\"><b><a href=\"http:\/\/www.tunisnews.net\"><span>Home<\/span><span lang=\"FR-CH\"> &#8211; Accueil <\/span><span>&#8211; <\/span><span dir=\"rtl\" lang=\"AR-SA\">\u0627\u0644\u0631\u0626\u064a\u0633\u064a\u0629<\/span><\/a><\/b><\/p>\n<p><\/span><\/span><\/span><\/body><\/body><\/html><\/p>\n","protected":false},"excerpt":{"rendered":"<p>Home &#8211; Accueil &#8211; TUNISNEWS \u00a08\u00a0\u00e8me\u00a0ann\u00e9e, N\u00b0 \u00a02847 du 10.03.2008 \u00a0archives : www.tunisnews.net \u00a0 C.R.L.D.H. Tunisie: Pour d\u00e9fendre ensemble le droit \u00e0 la vie C.R.L.D.H. Tunisie: La pers\u00e9cution des d\u00e9fenseurs tunisiens des droits humains s\u2019amplifie C.R.L.D.H. Tunisie: Solidarit\u00e9 avec la population du Sud Ouest de la Tunisie dans sa lutte pour le droit \u00e0 l\u2019emploi [&hellip;]<\/p>\n","protected":false},"author":1,"featured_media":22040,"comment_status":"open","ping_status":"open","sticky":false,"template":"","format":"standard","meta":{"inline_featured_image":false,"site-sidebar-layout":"default","site-content-layout":"","ast-site-content-layout":"default","site-content-style":"default","site-sidebar-style":"default","ast-global-header-display":"","ast-banner-title-visibility":"","ast-main-header-display":"","ast-hfb-above-header-display":"","ast-hfb-below-header-display":"","ast-hfb-mobile-header-display":"","site-post-title":"","ast-breadcrumbs-content":"","ast-featured-img":"","footer-sml-layout":"","ast-disable-related-posts":"","theme-transparent-header-meta":"","adv-header-id-meta":"","stick-header-meta":"","header-above-stick-meta":"","header-main-stick-meta":"","header-below-stick-meta":"","astra-migrate-meta-layouts":"default","ast-page-background-enabled":"default","ast-page-background-meta":{"desktop":{"background-color":"","background-image":"","background-repeat":"repeat","background-position":"center center","background-size":"auto","background-attachment":"scroll","background-type":"","background-media":"","overlay-type":"","overlay-color":"","overlay-opacity":"","overlay-gradient":""},"tablet":{"background-color":"","background-image":"","background-repeat":"repeat","background-position":"center center","background-size":"auto","background-attachment":"scroll","background-type":"","background-media":"","overlay-type":"","overlay-color":"","overlay-opacity":"","overlay-gradient":""},"mobile":{"background-color":"","background-image":"","background-repeat":"repeat","background-position":"center center","background-size":"auto","background-attachment":"scroll","background-type":"","background-media":"","overlay-type":"","overlay-color":"","overlay-opacity":"","overlay-gradient":""}},"ast-content-background-meta":{"desktop":{"background-color":"var(--ast-global-color-5)","background-image":"","background-repeat":"repeat","background-position":"center center","background-size":"auto","background-attachment":"scroll","background-type":"","background-media":"","overlay-type":"","overlay-color":"","overlay-opacity":"","overlay-gradient":""},"tablet":{"background-color":"var(--ast-global-color-5)","background-image":"","background-repeat":"repeat","background-position":"center center","background-size":"auto","background-attachment":"scroll","background-type":"","background-media":"","overlay-type":"","overlay-color":"","overlay-opacity":"","overlay-gradient":""},"mobile":{"background-color":"var(--ast-global-color-5)","background-image":"","background-repeat":"repeat","background-position":"center center","background-size":"auto","background-attachment":"scroll","background-type":"","background-media":"","overlay-type":"","overlay-color":"","overlay-opacity":"","overlay-gradient":""}},"footnotes":""},"categories":[],"tags":[55,39,29],"class_list":["post-16556","post","type-post","status-publish","format-standard","has-post-thumbnail","hentry","tag-55","tag-39","tag-fr"],"_links":{"self":[{"href":"https:\/\/tunisnews.net\/ar\/wp-json\/wp\/v2\/posts\/16556","targetHints":{"allow":["GET"]}}],"collection":[{"href":"https:\/\/tunisnews.net\/ar\/wp-json\/wp\/v2\/posts"}],"about":[{"href":"https:\/\/tunisnews.net\/ar\/wp-json\/wp\/v2\/types\/post"}],"author":[{"embeddable":true,"href":"https:\/\/tunisnews.net\/ar\/wp-json\/wp\/v2\/users\/1"}],"replies":[{"embeddable":true,"href":"https:\/\/tunisnews.net\/ar\/wp-json\/wp\/v2\/comments?post=16556"}],"version-history":[{"count":0,"href":"https:\/\/tunisnews.net\/ar\/wp-json\/wp\/v2\/posts\/16556\/revisions"}],"wp:featuredmedia":[{"embeddable":true,"href":"https:\/\/tunisnews.net\/ar\/wp-json\/wp\/v2\/media\/22040"}],"wp:attachment":[{"href":"https:\/\/tunisnews.net\/ar\/wp-json\/wp\/v2\/media?parent=16556"}],"wp:term":[{"taxonomy":"category","embeddable":true,"href":"https:\/\/tunisnews.net\/ar\/wp-json\/wp\/v2\/categories?post=16556"},{"taxonomy":"post_tag","embeddable":true,"href":"https:\/\/tunisnews.net\/ar\/wp-json\/wp\/v2\/tags?post=16556"}],"curies":[{"name":"wp","href":"https:\/\/api.w.org\/{rel}","templated":true}]}}