{"id":16544,"date":"2010-04-28T00:00:00","date_gmt":"2010-04-28T00:00:00","guid":{"rendered":"https:\/\/tunisnews.net\/28-avril-2010\/"},"modified":"2010-04-28T00:00:00","modified_gmt":"2010-04-28T00:00:00","slug":"28-avril-2010","status":"publish","type":"post","link":"https:\/\/tunisnews.net\/ar\/28-avril-2010\/","title":{"rendered":"28 avril 2010"},"content":{"rendered":"<p><html><head><meta content=\"text\/html\" description=\"L\u2019objectif \u00a0\u00e9tant la sensibilisation et la mobilisation \n\t\t\t\t\t\tdes tunisiens vivant en \u00a0France, de la communaut\u00e9 \n\t\t\t\t\t\tarabo-musulmane et de l\u2019opinion fran\u00e7aise\u00a0et \n\t\t\t\t\t\tinternationale\u00a0par rapport au \" http-equiv=\"Content-Type\"\/><\/head><body><body><\/p>\n<p align=\"center\" dir=\"ltr\"><font face=\"Arial\" size=\"2\"><b><a href=\"http:\/\/www.tunisnews.net\/\"><span>Home<\/span><span lang=\"FR-CH\"> &#8211; Accuei<\/span><\/a><span lang=\"FR-CH\">l<\/span><\/b><\/font><\/p>\n<div>\n<div>\n<div><font face=\"Arial\" size=\"2\"><\/p>\n<div>\n<div>\n<div>\n<div>\n<div align=\"center\" dir=\"ltr\"><font size=\"7\"><strong>TUNISNEWS <\/strong><\/font><\/div>\n<div align=\"center\" dir=\"ltr\">\n<div><strong><font>9\u00a0\u00e8me ann\u00e9e,<span lang=\"FR\">N\u00b0\u00a03627 du 28.04.2010<\/span><\/font><\/strong><\/div>\n<\/div>\n<div align=\"center\"><span><font><strong>\u00a0archives :<\/strong><\/font><a target=\"_blank\" rel=\"noopener\"><font><strong>www.tunisnews.net<\/strong><\/font><\/a><\/span><font><strong>\u00a0<\/strong><\/font><span lang=\"FR\"><strong><\/strong><font><span lang=\"FR-CH\"><\/span><\/font><\/span><\/div>\n<p><font size=\"2\"><span><font><span><font size=\"2\"><span lang=\"FR\"><\/p>\n<div><font size=\"2\"><strong><\/p>\n<hr\/>\n<p><\/strong><\/font><span lang=\"FR-CH\"><font><strong><span><font size=\"2\"><span lang=\"FR\"><font size=\"2\"><span><font><span><font size=\"2\"><span lang=\"FR-CH\"><font size=\"3\"><span lang=\"FR\"><font><span lang=\"FR-CH\"><font size=\"3\"><span lang=\"FR-CH\"><font face=\"Arial\" size=\"3\"><b><font size=\"2\">AISPP<\/font>&#8211;<font size=\"2\">ST- ACHR-CRLDHT-FTCR &#8211; Voix Libre- OIET:Invitation Soir\u00e9e de solidarit\u00e9<\/font><\/b><\/font><\/span><\/font><\/span><\/font><\/span><\/font><\/span><\/font><\/span><\/font><\/span><\/font><\/span><\/font><\/span><\/strong><\/font><\/span><\/div>\n<div><strong>AISPP: Proc\u00e8s du 28 avril <\/p>\n<h2 style=\"color: red;\"><font>Libert\u00e9 et Equit\u00e9: le prisonnier d&rsquo;opinion Rafik Ali commence une gr\u00e8ve de la faim<\/font><\/h2>\n<p> Comit\u00e9 National de Soutien aux Populations du Bassin Minier: Hassen Ben Abdallah condamn\u00e9 \u00e0 4 ans <\/p>\n<p><font>Onze citoyens de la Skhira d\u00e9f\u00e9r\u00e9s devant la Cour d&rsquo;Appel de Sfax le 28 avril 2010 pour avoir revendiqu\u00e9 des emplois<\/font><\/p>\n<p> L\u2019Observatoire pour la protection des d\u00e9fenseurs des droits de l\u2019Homme: Zouhair Makhlouf agress\u00e9, Taoufik Ben Brik lib\u00e9r\u00e9 <\/p>\n<h2 style=\"color: red;\"><font>Reuters: Lib\u00e9ration du journaliste tunisien Taoufik ben Brik<\/font><\/h2>\n<p> AP: Tunisie: le journaliste Taoufik Ben Brik lib\u00e9r\u00e9 <\/p>\n<h2 style=\"color: red;\"><font>Le Temps\u00a0 Suisse: Taoufik Ben Brik, enfin libre<\/font><\/h2>\n<p> Lib\u00e9ration: Tunisie : Ben Ali aux trousses des journalistes dissidents <\/p>\n<h2 style=\"color: red;\"><font>Lib\u00e9ration: Une longue tradition d&rsquo;acharnement contre la presse<\/font><\/h2>\n<p> Le Soir: Ben Brik : \u00ab Je vais continuer \u00e0 \u00e9crire \u00bb <\/p>\n<h2 style=\"color: red;\"><font>Abdel Wahab Hani: Une foule immense accompagne le Jurisconsulte Isma\u00efl Sa\u00efdi \u00e0 sa derni\u00e8re demeure<\/font><\/h2>\n<p> Mansour Feki: Les tunisiens sont ils antis\u00e9mites ? Ou L\u2019opportunisme primaire Versus l\u2019hypocrisie l\u00e9gendaire <\/p>\n<h2 style=\"color: red;\"><font>Mouatinoun:\u00a0 Le Professeur Mahmoud Ben Romdhane parle des relations UGTT, Pouvoir et D\u00e9mocratie<\/font><\/h2>\n<p> AFP: Une majorit\u00e9 d&rsquo;Europ\u00e9ens contre le port du voile islamique \u00e0 l&rsquo;\u00e9cole (\u00e9tude) <\/p>\n<h2 style=\"color: red;\"><font>AFP: Voile int\u00e9gral: la loi fran\u00e7aise \u00ab\u00a0ne marchera pas\u00a0\u00bb, selon Tariq Ramadan<\/font><\/h2>\n<p>AFP: Une majorit\u00e9 d&rsquo;Europ\u00e9ens contre le port du voile islamique \u00e0 l&rsquo;\u00e9cole (\u00e9tude)<\/strong><\/div>\n<div>\n<hr\/>\n<\/div>\n<p><\/span><\/font><\/span><\/font><\/span><\/font><\/div>\n<\/div>\n<div> \u00a0<\/p>\n<p align=\"center\"><b><span lang=\"FR-CH\">&#8211; Invitation &#8211;<\/span><\/b><\/p>\n<p align=\"center\"><b><span lang=\"FR-CH\">Soir\u00e9e de solidarit\u00e9<\/span><\/b><\/p>\n<p align=\"center\"><font face=\"Times New Roman\" size=\"2\"><b><i><span lang=\"FR-CH\">(Votre pr\u00e9sence compte pour le soutien des victimes et l\u2019all\u00e8gement de leurs souffrances)<\/span><\/i><\/b><\/font><\/p>\n<div align=\"center\">\u00a0<\/div>\n<p><font size=\"2\"><span lang=\"FR-CH\">Une soir\u00e9e de solidarit\u00e9 avec les citoyens tunisiens, <b><i><u>pers\u00e9cut\u00e9s \u00e0 vie<\/u><\/i><\/b> par l\u2019abominable\u00a0 proc\u00e9dure du contr\u00f4le administratif, aura lieu\u00a0:<\/span><\/font><\/p>\n<p align=\"center\"><font size=\"2\"><b><span lang=\"FR-CH\">Jeudi 29 avril 2010 (18h30) <\/span><\/b><\/font><\/p>\n<p align=\"center\"><font size=\"2\"><b><span lang=\"FR-CH\">Salle AGECA<\/span><\/b><\/font><\/p>\n<p align=\"center\"><font size=\"2\"><b><span lang=\"FR-CH\">177 rue Charonne 75011 Paris Metro Ligne 2 &#8211; Station Alexandre Dumas.<\/span><\/b><\/font><\/p>\n<p><font size=\"2\"><span lang=\"FR-CH\">Ce serait une occasion pour <\/span><span lang=\"FR-CH\">pr\u00e9senter le dernier livre \/ document \u00a0\u00e9labor\u00e9 par l\u2019AISPP<b>(Association Internationale de Soutien aux \u00a0Prisonniers Politiques)<\/b> : <\/span><\/font><\/p>\n<p align=\"center\"><b><span lang=\"FR-CH\">\u00ab\u00a0Citoyens en \u00e9tat de si\u00e8ge, le contr\u00f4le administratif en Tunisie\u00a0\u00bb<\/span><\/b><\/p>\n<p><font size=\"2\"><span lang=\"FR-CH\">L\u2019objectif \u00a0\u00e9tant la sensibilisation et la mobilisation des tunisiens vivant en \u00a0France, de la communaut\u00e9 arabo-musulmane et de l\u2019opinion fran\u00e7aise\u00a0et internationale\u00a0par rapport au <b><i><u>calvaire post-carc\u00e9ral<\/u><\/i><\/b> des ex-d\u00e9tenus politiques, des militants politiques et des d\u00e9fenseurs des droits Humains en Tunisie<i> (contr\u00f4le administratif, privation de droits civiques, Exil \u2026)<\/i><\/span><i><span dir=\"rtl\" lang=\"AR-SA\">.<\/span><\/i><\/font><\/p>\n<p align=\"center\"><font size=\"2\"><b><u><span lang=\"FR-CH\">ORGANISATEURS\u00a0: <\/span><\/u><\/b><\/font><\/p>\n<p><font size=\"2\"><b><span lang=\"FR-CH\">AISPP (<\/span><\/b><span lang=\"FR-CH\">Association Internationale de Soutien\u00a0 aux Prisonniers Politiques)<\/span><\/font><\/p>\n<p><font size=\"2\"><b><span lang=\"FR-CH\">Solidarit\u00e9 Tunisienne <\/span><\/b><\/font><\/p>\n<p><font size=\"2\"><b><span lang=\"FR-CH\">Voix Libre<\/span><\/b><\/font><\/p>\n<p><font size=\"2\"><b><span lang=\"FR-CH\">ACHR <\/span><\/b><span lang=\"FR-CH\">(Commission Arabe des Droits Humains)<\/span><\/font><\/p>\n<p><font size=\"2\"><b><span lang=\"FR-CH\">CRLDHT<\/span><\/b><span lang=\"FR-CH\"> (Comit\u00e9 pour le Respect des Libert\u00e9s et des Droits de l&rsquo;Homme en Tunisie)<\/span><\/font><\/p>\n<p><font size=\"2\"><b><span lang=\"FR-CH\">FTCR<\/span><\/b><span lang=\"FR-CH\"> (F\u00e9d\u00e9ration des Tunisiens pour une Citoyennet\u00e9 des deux Rives)<\/span><\/font><\/p>\n<p><font size=\"2\"><b><span lang=\"FR-CH\">OIET<\/span><\/b><span lang=\"FR-CH\"> (Organisation Internationale des Exil\u00e9s Tunisiens)<\/span><span lang=\"FR-CH\"><\/span><\/font><\/p>\n<p align=\"center\"><b><u><span lang=\"FR-CH\">Avec la participation de\u00a0:<\/span><\/u><\/b><\/p>\n<p><font size=\"2\"><b><span lang=\"FR-CH\">Mme Maya JRIBI<\/span><\/b><span lang=\"FR-CH\">\u00a0<b>:<\/b> Secr\u00e9taire G\u00e9n\u00e9rale du <b>PDP<\/b> (Parti D\u00e9mocratique Progressiste)<\/span><\/font><\/p>\n<p><font size=\"2\"><b><span lang=\"FR-CH\">Ma\u00eetre Samir DILOU\u00a0:<\/span><\/b><span lang=\"FR-CH\"> Pr\u00e9sident de <b>AISPP<\/b><\/span><\/font><\/p>\n<p><font size=\"2\"><b><span lang=\"FR-CH\">Ma\u00eetre Abdelwahab MATAR\u00a0: <\/span><\/b><span lang=\"FR-CH\">Vice-pr\u00e9sident de<b> AISPP <\/b><\/span><\/font><\/p>\n<\/div>\n<div><font face=\"Arial\"><\/p>\n<div align=\"center\"><strong><font size=\"3\"><\/p>\n<hr\/>\n<p><\/font><\/strong><\/div>\n<div align=\"center\">\u00a0<\/div>\n<div align=\"center\"><strong><\/p>\n<h2 style=\"color: red;\"><font size=\"3\">Association Internationale de Soutien aux Prisonniers Politiques<\/font><\/h2>\n<p><\/strong><\/div>\n<div align=\"justify\"> \u00a0<\/div>\n<div align=\"justify\"><font size=\"2\">43 rue Eldjazira, Tunis Aispp.free@gmail.com Tunis, le 28 avril 2010<\/font><\/div>\n<div align=\"justify\"> <font size=\"2\">\u00b7\u00a0\u00a0\u00a0\u00a0\u00a0\u00a0\u00a0 Aujourd\u2019hui, mercredi 28 avril 2020, la quatri\u00e8me chambre criminelle du Tribunal de Premi\u00e8re Instance de Tunis, pr\u00e9sid\u00e9e par le juge Mehrez Hammami, a examin\u00e9 l\u2019affaire N\u00b020169 dans laquelle sont d\u00e9f\u00e9r\u00e9s en \u00e9tat d\u2019arrestation<strong>Mohammed Lafi, Rafik Lafi, Marouane Bachtobji, Slim Terrass et Mehrez Alaya<\/strong> pour tenue de r\u00e9unions non autoris\u00e9es, mise \u00e0 disposition d\u2019un local de r\u00e9unions non autoris\u00e9es, incitation \u00e0 commettre des infractions terroristes et \u00e0 adh\u00e9rer \u00e0 une organisation terroriste, non r\u00e9v\u00e9lation aux autorit\u00e9s concern\u00e9es des informations en leur possession sur la commission d\u2019infractions terroristes. L\u2019audience d\u2019aujourd\u2019hui a vu les plaidoiries de la commission de la d\u00e9fense compos\u00e9e de Ma\u00eetres Anouar Aouled Ali, Mounir Ben Salha, Najet Labidi, Maha Lafi, Samir Ben Amor et Jamel Ben Ta\u00efeb [\u2026] la commission de la d\u00e9fense a mis en exergue les vices de proc\u00e9dures lors des investigations dans cette affaire et demand\u00e9 sur cette base un non-lieu pour nullit\u00e9 de la proc\u00e9dure. La d\u00e9fense a \u00e9galement d\u00e9montr\u00e9 que le dossier \u00e9tait vide de toute preuve mat\u00e9rielle que les accus\u00e9s avaient commis les infractions qui leur \u00e9taient imput\u00e9es. Puis la s\u00e9ance a \u00e9t\u00e9 lev\u00e9e pour les d\u00e9lib\u00e9rations et le prononc\u00e9 du jugement. [\u2026]<\/font><\/div>\n<div align=\"justify\"> <font size=\"2\">\u00b7\u00a0\u00a0\u00a0\u00a0\u00a0\u00a0\u00a0 La quatri\u00e8me chambre criminelle du Tribunal de Premi\u00e8re Instance de Tunis, pr\u00e9sid\u00e9e par le juge Mehrez Hammami, a examin\u00e9 aujourd\u2019hui, mercredi 28 avril 2008 les affaires n\u00b020361 et 20362 dans lesquelles est d\u00e9f\u00e9r\u00e9 monsieur <strong>Lazhar Abab<\/strong> pour participation \u00e0 une bande de malfaiteurs en vue de la pr\u00e9paration et de la commission d\u2019un attentat sur les personnes ou les biens. Apr\u00e8s l\u2019appel de l\u2019affaire, l\u2019accus\u00e9 a \u00e9t\u00e9 interrog\u00e9 et il a ni\u00e9 ce qui lui \u00e9tait imput\u00e9. Puis son avocat, Ma\u00eetre Younes Jouini, a plaid\u00e9 [\u2026] et demand\u00e9 un non-lieu. Puis l\u2019affaire a \u00e9t\u00e9 mise en d\u00e9lib\u00e9r\u00e9. Monsieur Lazhar Abab fait partie de ceux qui sont rentr\u00e9s en Tunisie au terme d\u2019une longue absence et il a fait opposition \u00e0 deux jugements par d\u00e9faut totalisant 24 ans d\u2019emprisonnement ; Pour la commission de suivi des proc\u00e8s politiques Le Secr\u00e9taire G\u00e9n\u00e9ral <strong><font>Ma\u00eetre Samir Ben Amor<\/font><\/strong> <font>(traduction d\u2019extraits ni revue ni corrig\u00e9e par les auteurs de la version en arabe, LT) <\/font><\/font><\/div>\n<div align=\"justify\">\u00a0<\/div>\n<div align=\"justify\"><font size=\"2\"><\/p>\n<hr\/>\n<p><\/font><\/div>\n<div align=\"justify\"><font size=\"2\"><\/p>\n<div><font face=\"Arial\" size=\"2\"><\/p>\n<div align=\"center\">Libert\u00e9 pour le Docteur Sadok Chourou, le prisonnier des deux d\u00e9cennies<\/div>\n<div align=\"center\">Libert\u00e9 pour tous les prisonniers politiques<\/div>\n<div align=\"center\"><strong><font>Libert\u00e9 et Equit\u00e9<\/font><\/strong><\/div>\n<div align=\"center\">Organisation Ind\u00e9pendante de droits humains<\/div>\n<div align=\"center\">33 rue Mokhtar Atya, 1001 Tunis<\/div>\n<div align=\"center\">tel\/fax : 71 340 860<\/div>\n<div align=\"center\">Tunis, le 27 avril 2010<\/div>\n<div align=\"center\"><strong><\/p>\n<h2 style=\"color: red;\"><font size=\"3\">Nouvelles des libert\u00e9s en Tunisie<\/font><\/h2>\n<p><\/strong><\/div>\n<div><strong><\/p>\n<hr\/>\n<p><\/strong><\/div>\n<div align=\"justify\"><strong>1) le prisonnier d&rsquo;opinion Rafik Ali commence une gr\u00e8ve de la faim<\/strong><\/div>\n<div align=\"justify\">Rafik Ali, prisonnier d&rsquo;opinion, actuellement \u00e0 la prison de Mornaguia, a commenc\u00e9 mardi 27 avril\u00a0 2010 une gr\u00e8ve illimit\u00e9e de la faim pour exiger sa lib\u00e9ration, consid\u00e9rant que les accusations port\u00e9es contre lui sont d\u00e9pourvues de fondement. il est le seul soutien de sa famille, son p\u00e8re \u00e9tant tr\u00e8s \u00e2g\u00e9. [&#8230;]<\/div>\n<div align=\"justify\"><strong>2) le prisonnier d&rsquo;opinion Ghaith Ghazouani commence une gr\u00e8ve de la faim<\/strong><\/div>\n<div align=\"justify\">Ghaith Ghazouani, prisonnier d&rsquo;opinion actuellement incarc\u00e9r\u00e9 \u00e0 la Mornaguia, a lui aussi commenc\u00e9 une gr\u00e8ve illimit\u00e9e de la faim pour exiger sa lib\u00e9ration, convaincu qu&rsquo;il est de son innocence, et pour exiger un traitement m\u00e9dical du fait qu&rsquo;il a une maladie grave ;\u00a0il proteste \u00e9galement contre les conditions carc\u00e9rales d\u00e9plorables, le harc\u00e8lement dont il fait l&rsquo;objet de la part de co d\u00e9tenus de droit commun, notamment le d\u00e9nomm\u00e9 \u00ab\u00a0Mohammed Oueld Cherguia\u00a0\u00bb, qui le d\u00e9range lorsqu&rsquo;il accomplit la pri\u00e8re et il craint que ces brimades ne soient ex\u00e9cut\u00e9es \u00e0 l&rsquo;instigation de l&rsquo;administration de la prison car il a d\u00e9pos\u00e9 de nombreuses plaintes pour qu&rsquo;un terme y soit mis, en vain.<\/div>\n<div align=\"justify\">[&#8230;]<\/div>\n<div align=\"justify\">Pour le bureau ex\u00e9cutif de l&rsquo;Organisation<\/div>\n<div align=\"justify\">Le Pr\u00e9sident<\/div>\n<div align=\"justify\"><strong><font>Ma\u00eetre Mohammed Nouri<\/font><\/strong><\/div>\n<div align=\"justify\"><font>(traduction d&rsquo;extraits ni revue ni corrig\u00e9e par les auteurs de la version en arabe, LT)<\/font><\/div>\n<p><\/font><\/div>\n<p><\/font><\/div>\n<p><font size=\"2\"><font><\/p>\n<div align=\"justify\">\n<hr\/>\n<\/div>\n<div align=\"justify\">\n<div align=\"center\"><font face=\"Arial\" size=\"2\"><strong><\/p>\n<h2 style=\"color: red;\"><font size=\"3\">H. Ben Abdallah condamn\u00e9 \u00e0 4 ans<\/font><\/h2>\n<p><\/strong><\/font><\/div>\n<div align=\"justify\">\n<hr\/>\n<p> Le 27 avril 2010  Tard dans la nuit, le jugement dans l&rsquo;affaire du militant Hassen Ben Abdallah, l&rsquo;un des dirigeants du mouvement de protestation du bassin minier, a \u00e9t\u00e9 prononc\u00e9 : la Cour d&rsquo;Appel a confirm\u00e9 le jugement rendu en premi\u00e8re instance, le condamnant \u00e0 quatre ans d&#8217;emprisonnement. Le proc\u00e8s du journaliste Fahem Boukaddous a \u00e9t\u00e9 report\u00e9 au 18 mai 2010, en raison de l&rsquo;\u00e9tat de sant\u00e9 de ce dernier [&#8230;] <strong>Comit\u00e9 National de Soutien aux Populations du Bassin minier<\/strong> <font>(traduction d&rsquo;extraits ni revue ni corrig\u00e9e par les auteurs de la version en arabe, LT)<\/font><\/div>\n<\/div>\n<p><\/font><\/p>\n<div align=\"justify\">\n<hr\/>\n<\/div>\n<p><\/font><\/p>\n<div align=\"justify\"><font size=\"2\"><\/p>\n<div align=\"center\"><strong><\/p>\n<p><font size=\"3\">Onze citoyens de la Skhira d\u00e9f\u00e9r\u00e9s devant la Cour d&rsquo;Appel de Sfax le 28 avril 2010 pour avoir revendiqu\u00e9 des emplois<\/font><\/p>\n<p><\/strong><\/div>\n<div align=\"justify\">\n<hr\/>\n<\/div>\n<div align=\"justify\">27 avril<\/div>\n<div align=\"justify\">\u00a0<\/div>\n<div align=\"justify\">Demain, mercredi 28 avril 2010, un groupe de 11 citoyens de la Skhira sera d\u00e9f\u00e9r\u00e9 devant la Cour d&rsquo;Appel de Sfax \u00e0 la suite des mouvements dont la ville avait \u00e9t\u00e9 le th\u00e9\u00e2tre au d\u00e9but du mois de f\u00e9vrier, pour exiger le droit \u00e0 l&#8217;emploi, la justice et la transparence dans le recrutement.<\/div>\n<div align=\"justify\">La chambre criminelle du Tribunal de Premi\u00e8re Instance de Sfax avait prononc\u00e9 le 8 mars dernier les jugements suivants \u00e0 leur encontre :<\/div>\n<div align=\"justify\">Peines d&#8217;emprisonnement allant de 4 mois \u00e0 un an de prison ferme :<\/div>\n<div align=\"justify\">Tarek Ben Salah Dabbar, en fuite, un an.<\/div>\n<div align=\"justify\">Khaled Ben Mahmoud Miahi, en \u00e9tat d&rsquo;arrestation, 4 mois<\/div>\n<div align=\"justify\">Abdelkader Ben Mbarek, en \u00e9tat d&rsquo;arrestation, 4 mois<\/div>\n<div align=\"justify\">Rochdy Ben Mohammed Hamidet, en \u00e9tat d&rsquo;arrestation, 2 mois<\/div>\n<div align=\"justify\">Mohammed Ben Sassi Marzouki, en \u00e9tat d&rsquo;arrestation, 2 mois<\/div>\n<div align=\"justify\">\u00a0<\/div>\n<div align=\"justify\">Peine de quatre mois d&#8217;emprisonnement avec sursis :<\/div>\n<div align=\"justify\">Abdelkarim Ben Mabrouk Mokhtar<\/div>\n<div align=\"justify\">Mounir Ben Mohammed Marzouki<\/div>\n<div align=\"justify\">Atef Ben Ali Boukaricha<\/div>\n<div align=\"justify\">H\u00e9di Ben Rachid Amri<\/div>\n<div align=\"justify\">Aziz Ben Abdallah Dhiab<\/div>\n<div align=\"justify\">Abdessalam Ben Ali Mehedhbi<\/div>\n<div align=\"justify\">\u00a0<\/div>\n<div align=\"justify\">Les accusations port\u00e9es contre eux sont : Agression violente de fonctionnaire dans l&rsquo;exercice de ses fonctions, atteinte au bien d&rsquo;autrui et entrave \u00e0 la libert\u00e9 du travail, entrave d\u00e9lib\u00e9r\u00e9e \u00e0 la circulation sur la voie publique, jet de mati\u00e8res solides sur des v\u00e9hicules. Ce proc\u00e8s se tient \u00e0 la suite des mouvements de citoyens qui avaient exig\u00e9 du travail en f\u00e9vrier. Leur mobilisation avait \u00e9t\u00e9 r\u00e9prim\u00e9e et il avait \u00e9t\u00e9 proc\u00e9d\u00e9 \u00e0 des arrestations. Les forces de police avaient utilis\u00e9 des bombes lacrymog\u00e8nes, avaient fait intrusions dans les domiciles en usant de chiens [&#8230;]<\/div>\n<div align=\"justify\">Jacer Karim<\/div>\n<div align=\"justify\">Source :<a href=\"http:\/\/\/\" rel=\"nofollow noopener\" target=\"_blank\">http:\/\/fr.groups.yahoo.com\/group\/contre_tajrid<\/a><\/div>\n<div align=\"justify\">(traduction d&rsquo;extraits ni revue ni corrig\u00e9e par les auteurs de la version en arabe, LT)<\/div>\n<p><\/font><\/div>\n<div align=\"justify\">\n<hr\/>\n<\/div>\n<div align=\"justify\"><font><\/p>\n<div align=\"center\"><strong><font>L\u2019Observatoire pour la protection des d\u00e9fenseurs des droits de l\u2019Homme<\/font><\/strong><\/div>\n<div align=\"center\">\u00a0<\/div>\n<div align=\"center\">\n<h3 style=\"color: blue;\"><font size=\"3\"><strong>Zouhair Makhlouf agress\u00e9, Taoufik Ben Brik<\/strong><\/font><\/h3>\n<p><strong><font size=\"3\">lib\u00e9r\u00e9<\/font><\/strong><\/div>\n<div align=\"justify\">\n<hr\/>\n<\/div>\n<div align=\"justify\">Paris-Gen\u00e8ve-Copenhague, le 28 avril 2010. L\u2019Observatoire pour la protection des d\u00e9fenseurs des droits de l\u2019Homme, un programme conjoint de la F\u00e9d\u00e9ration internationale des ligues des droits de l\u2019Homme (FIDH) et de l\u2019Organisation mondiale contre la torture (OMCT), et le R\u00e9seau Euro-m\u00e9diterran\u00e9en des droits de l\u2019Homme (REMDH) d\u00e9noncent l\u2019agression violente du journaliste Zouhayr Makhlouf et note avec satisfaction la lib\u00e9ration du journaliste Taoufik Ben Brik d\u00e9tenu depuis le 29 octobre 2009. <\/div>\n<div align=\"justify\">Le 24 avril 2010, vers 17 heures, huit policiers en civil d\u00e9pourvus de mandat d\u2019arr\u00eat se sont pr\u00e9sent\u00e9s au domicile de M.\u00a0<strong>Zouhair Makhlouf<\/strong> pour proc\u00e9der \u00e0 son interpellation. Ce dernier ayant refus\u00e9 de les suivre, il a \u00e9t\u00e9 violemment agress\u00e9 devant les membres de sa famille et emmen\u00e9 de force au commissariat de Borj Ouzir dans la ville d\u2019Ariana, pr\u00e8s de Tunis, o\u00f9 il a \u00e9t\u00e9 \u00e0 nouveau victime de mauvais traitements. Il a \u00e9t\u00e9 lib\u00e9r\u00e9 sept heures plus tard pr\u00e9sentant de nombreuses blessures au visage et le nez cass\u00e9. M.\u00a0Makhlouf fait r\u00e9guli\u00e8rement l\u2019objet de repr\u00e9sailles de la part des autorit\u00e9s tunisiennes depuis la publication sur Internet d\u2019un reportage qui d\u00e9nonce la pollution et la d\u00e9gradation de l\u2019environnement de la ville de Nabeul li\u00e9es \u00e0 certaines activit\u00e9s industrielles en octobre 2009.   L\u2019Observatoire et le REMDH condamnent vivement l\u2019agression dont a \u00e9t\u00e9 victime M.\u00a0Makhlouf et consid\u00e8re que celle-ci ne vise manifestement qu\u2019\u00e0 sanctionner ses activit\u00e9s de d\u00e9fense des droits de l\u2019Homme. M.\u00a0Makhlouf devait rencontrer le 24 avril au soir d\u2019autres militants et d\u00e9fenseurs des droits de l\u2019Homme \u00e0 un d\u00eener organis\u00e9 par Me Christian Charri\u00e8re-Bournazel, ancien B\u00e2tonnier de l\u2019ordre des avocats du barreau de Paris.   Par ailleurs, le 26 avril 2010, M.\u00a0<strong>Taoufik Ben Brik<\/strong> a \u00e9t\u00e9 lib\u00e9r\u00e9 dans l\u2019apr\u00e8s-midi apr\u00e8s avoir effectu\u00e9 une peine de six mois d\u2019emprisonnement \u00e0 la prison de Siliana \u00e0 la suite de la publication d\u2019articles critiques envers le r\u00e9gime du Pr\u00e9sident Ben Ali.   L\u2019Observatoire et le REMDH accueillent avec satisfaction la lib\u00e9ration de M.\u00a0Ben Brik mais rappellent que la libert\u00e9 de la presse en Tunisie n\u2019est pas garantie et que les d\u00e9fenseurs des droits de l\u2019Homme font r\u00e9guli\u00e8rement l\u2019objet d\u2019actes de harc\u00e8lement, d\u2019agressions physiques, d\u2019arrestations arbitraires de poursuites judiciaires et de campagnes de diffamation.   L\u2019Observatoire et le REMDH demandent instamment aux autorit\u00e9s tunisiennes de cesser tout acte de harc\u00e8lement et d\u2019intimidation \u00e0 l\u2019encontre des d\u00e9fenseurs des droits de l\u2019Homme en Tunisie et de garantir en toutes circonstances leur int\u00e9grit\u00e9 physique et psychologique et, plus g\u00e9n\u00e9ralement, de se conformer aux dispositions de la D\u00e9claration sur les d\u00e9fenseurs des droits de l\u2019Homme adopt\u00e9e par l\u2019Assembl\u00e9e g\u00e9n\u00e9rale des Nations unies le 9 d\u00e9cembre 1998 et aux instruments r\u00e9gionaux et internationaux relatifs aux droits de l\u2019Homme ratifi\u00e9s par la Tunisie.  <strong>Pour plus d\u2019informations, merci de contacter\u00a0:   \u00b7 FIDH\u00a0: Karine Appy\u00a0: + 33 1 43 55 25 18   \u00b7 OMCT\u00a0: Delphine Reculeau\u00a0: + 41 22 809 49 39  \u00b7 REMDH\u00a0: Marc Degli\u00a0: +45 32 64 17 16<\/strong> <\/div>\n<p><\/font><\/div>\n<p><\/font><\/div>\n<div>\n<hr\/>\n<\/div>\n<div align=\"center\"><font size=\"3\"><span lang=\"FR-CH\"><strong>Lib\u00e9ration du journaliste tunisien Taoufik ben Brik<\/strong><\/span><\/font><\/div>\n<div>\n<hr\/>\n<\/div>\n<p><font size=\"3\"><i><u><span lang=\"FR-CH\">Reuters, le 28 avril 2010 \u00e0 19h16<\/span><\/u><\/i><\/font> \u00a0<\/p>\n<p><span lang=\"FR-CH\"><font size=\"2\">par Tarek Amara<\/font><\/span><\/p>\n<p align=\"justify\"><span lang=\"FR-CH\"><font size=\"2\">TUNIS, 27 avril (Reuters) &#8211; Le journaliste et opposant tunisien Taoufik ben Brik a \u00e9t\u00e9 lib\u00e9r\u00e9 mardi apr\u00e8s six mois de d\u00e9tention et a aussit\u00f4t promis de continuer \u00e0 d\u00e9noncer le r\u00e9gime du pr\u00e9sident Ben Ali.<\/font><\/span><\/p>\n<p align=\"justify\"><span lang=\"FR-CH\"><font size=\"2\">Accus\u00e9 d&rsquo;avoir agress\u00e9 une femme, Ben Brik avait \u00e9t\u00e9 arr\u00eat\u00e9 en octobre et condamn\u00e9 le mois suivant \u00e0 six mois de prison. Le journaliste, \u00e0 l&rsquo;\u00e9tat de sant\u00e9 pr\u00e9caire, a toujours ni\u00e9 les faits, se disant victime d&rsquo;une machination.<\/font><\/span><\/p>\n<p align=\"justify\"><span lang=\"FR-CH\"><font size=\"2\">Les autorit\u00e9s ont d\u00e9menti toute motivation politique et affirment que personne ne doit \u00eatre au-dessus des lois.<\/font><\/span><\/p>\n<p align=\"justify\"><span lang=\"FR-CH\"><font size=\"2\">Joint au t\u00e9l\u00e9phone par Reuters, Taoufik ben Brik a annonc\u00e9 qu&rsquo;il allait commencer \u00ab\u00a0dans les jours qui viennent \u00e0 \u00e9crire un livre sur cette histoire mis\u00e9rable\u00a0\u00bb. \u00ab\u00a0M\u00eame si je suis libre, je ne me sens jamais en s\u00e9curit\u00e9 ici (&#8230;) Le mal est fait, et ce<\/font><\/span><\/p>\n<p align=\"justify\"><span lang=\"FR-CH\"><font size=\"2\">mal ne peut que faire peur\u00a0\u00bb, a-t-il insist\u00e9.<\/font><\/span><\/p>\n<p align=\"justify\"><span lang=\"FR-CH\"><font size=\"2\">Ben Brik a \u00e9galement fait part de son intention de se rendre \u00e0 Paris car, a-t-il soulign\u00e9, la France est le seul pays qui l&rsquo;a d\u00e9fendu.<\/font><\/span><\/p>\n<p align=\"justify\"><span lang=\"FR-CH\"><font size=\"2\">Le ministre fran\u00e7ais des Affaires \u00e9trang\u00e8res, Bernard Kouchner, s&rsquo;est dit soulag\u00e9 par l&rsquo;annonce de la remise en libert\u00e9 du journaliste tunisien.<\/font><\/span><\/p>\n<p align=\"justify\"><span lang=\"FR-CH\"><font size=\"2\">\u00ab\u00a0Je me r\u00e9jouis de l&rsquo;issue d&rsquo;une affaire que nous avons suivie de pr\u00e8s au cours des derniers mois\u00a0\u00bb, d\u00e9clare Kouchner dans un communiqu\u00e9, pr\u00e9cisant avoir \u00e9voqu\u00e9 le cas du journaliste lors d&rsquo;entretiens avec son homologue tunisien, Kamel Morjane, \u00e0 l&rsquo;occasion d&rsquo;une conf\u00e9rence \u00e0 Tunis le 16 avril.<\/font><\/span><\/p>\n<p align=\"justify\"><span lang=\"FR-CH\"><font size=\"2\">Au minist\u00e8re tunisien des Affaires \u00e9trang\u00e8res, une source autoris\u00e9e a r\u00e9pondu au chef de la diplomatie fran\u00e7aise en rappelant que le journaliste avait \u00e9t\u00e9 incarc\u00e9r\u00e9 \u00e0 la suite d&rsquo;une d\u00e9cision de justice.<\/font><\/span><\/p>\n<p align=\"justify\"><span lang=\"FR-CH\"><font size=\"2\">\u00ab\u00a0Il est important de rappeler \u00e0 M. Kouchner que les d\u00e9lits pour lesquels M. Ben Brik avait \u00e9t\u00e9 condamn\u00e9 \u00e0 une peine de prison n&rsquo;avaient rien \u00e0 voir avec la libert\u00e9 de presse ou d&rsquo;opinion\u00a0\u00bb, a soulign\u00e9 ce responsable.<\/font><\/span><\/p>\n<p align=\"justify\"><span lang=\"FR-CH\"><font size=\"2\">\u00ab\u00a0M. Ben Brik avait \u00e9t\u00e9 en effet reconnu coupable des d\u00e9lits de coups et blessures volontaires, d\u00e9gradation des biens d&rsquo;autrui et atteinte aux bonnes moeurs, et ce apr\u00e8s avoir agress\u00e9 une femme devant t\u00e9moins, rou\u00e9 cette derni\u00e8re de coups<\/font><\/span><\/p>\n<p align=\"justify\"><span lang=\"FR-CH\"><font size=\"2\">et endommag\u00e9 sa voiture tout en prof\u00e9rant \u00e0 son encontre des propos attentatoires aux bonnes moeurs\u00a0\u00bb, a-t-il ajout\u00e9.<\/font><\/span><\/p>\n<p align=\"justify\"><span lang=\"FR-CH\"><font size=\"2\">TENSIONS ENTRE TUNIS ET PARIS<\/font><\/span><\/p>\n<p align=\"justify\"><span lang=\"FR-CH\"><font size=\"2\">Le secr\u00e9taire g\u00e9n\u00e9ral de Reporters Sans Fronti\u00e8res, Jean-Fran\u00e7ois Julliard, a dit son soulagement apr\u00e8s l&rsquo;annonce de cette lib\u00e9ration. Il a toutefois rappel\u00e9, dans un communiqu\u00e9, \u00ab\u00a0que ces six mois de d\u00e9tention \u00e9taient six mois de trop, tant il<\/font><\/span><\/p>\n<p align=\"justify\"><span lang=\"FR-CH\"><font size=\"2\">est \u00e9vident que Taoufik a \u00e9t\u00e9 victime d&rsquo;une affaire mont\u00e9e de toutes pi\u00e8ces, payant ainsi le prix de sa libert\u00e9 de pens\u00e9e.\u00a0\u00bb<\/font><\/span><\/p>\n<p align=\"justify\"><span lang=\"FR-CH\"><font size=\"2\">Selon RSF, le journaliste a \u00e9t\u00e9 lib\u00e9r\u00e9 t\u00f4t mardi matin de la prison de Siliana, \u00e0 130 kilom\u00e8tres au sud-ouest de Tunis.<\/font><\/span><\/p>\n<p align=\"justify\"><span lang=\"FR-CH\"><font size=\"2\">Cet opposant notoire au pr\u00e9sident Zine al Abidine Ben Ali, au pouvoir depuis 23 ans, collabore avec plusieurs journaux fran\u00e7ais. Il avait \u00e9t\u00e9 poursuivi sur la foi d&rsquo;une plainte d&rsquo;une femme, qui lui reprochait de l&rsquo;avoir agress\u00e9e et d&rsquo;avoir endommag\u00e9 sa voiture lors d&rsquo;une dispute dans la rue.<\/font><\/span><\/p>\n<p align=\"justify\"><span lang=\"FR-CH\"><font size=\"2\">L&rsquo;affaire a provoqu\u00e9 des tensions diplomatiques entre les deux pays, Bernard Kouchner exprimant sa d\u00e9ception apr\u00e8s l&rsquo;arrestation du journaliste. Le pr\u00e9sident Ben Ali a d\u00e9nonc\u00e9 une \u00ab\u00a0ing\u00e9rence \u00e9trang\u00e8re\u00a0\u00bb dans les affaires int\u00e9rieures tunisiennes.<\/font><\/span><\/p>\n<p align=\"justify\"><span lang=\"FR-CH\"><font size=\"2\">La Tunisie est sensible aux critiques des pays de l&rsquo;Union europ\u00e9enne car elle souhaite obtenir un statut de partenaire privil\u00e9gi\u00e9 de l&rsquo;UE. Les d\u00e9fenseurs des droits de l&rsquo;homme accusent le pouvoir tunisien de se servir de la police et des tribunaux pour faire taire les opposants au r\u00e9gime.<\/font><\/span><\/p>\n<p><span lang=\"FR-CH\"><font size=\"2\"><\/p>\n<p>\u00a0<\/p>\n<div>\n<hr\/>\n<\/div>\n<div align=\"center\"><span lang=\"FR-CH\"><strong><font size=\"3\">Tunisie: le journaliste Taoufik Ben Brik lib\u00e9r\u00e9<\/font><\/strong><\/span><span lang=\"FR-CH\"><\/span><\/div>\n<div>\n<hr\/>\n<\/div>\n<p><\/font><\/span><i><u><span lang=\"FR-CH\">Associated Press, le 28 avril 2010 \u00e0 18h33<\/span><\/u><\/i> \u00a0<\/p>\n<p><span lang=\"FR-CH\">&#8211;par Bouazza ben Bouazza&#8211;<\/span><\/p>\n<p align=\"justify\"><span lang=\"FR-CH\">TUNIS (AP) &#8212; Le journaliste tunisien dissident Taoufik Ben Brik a \u00e9t\u00e9 lib\u00e9r\u00e9 mardi matin apr\u00e8s avoir effectu\u00e9 sa peine, a-t-on appris aupr\u00e8s de son \u00e9pouse Azza Zarrad. Il avait \u00e9t\u00e9 condamn\u00e9 en novembre 2009 \u00e0 six mois de prison ferme pour \u00ab\u00a0agression\u00a0\u00bb, \u00ab\u00a0violence, atteinte aux bonnes moeurs et d\u00e9gradation de biens d&rsquo;autrui\u00a0\u00bb lors d&rsquo;un incident avec une femme d&rsquo;affaires, Rym Nasraoui, qui avait port\u00e9 plainte.<\/span><\/p>\n<p align=\"justify\"><span lang=\"FR-CH\">\u00ab\u00a0Taoufik m&rsquo;a appel\u00e9 ce matin \u00e0 6h (5h GMT) pour m&rsquo;annoncer sa lib\u00e9ration. Il doit prendre une voiture louage (taxi inter-urbain) \u00e0 Siliana (\u00e0 130 km de Tunis o\u00f9 il \u00e9tait emprisonn\u00e9) et devrait \u00eatre \u00e0 la maison dans trois heures\u00a0\u00bb, a pr\u00e9cis\u00e9 sa femme \u00e0 l&rsquo;AP.<\/span><\/p>\n<p align=\"justify\"><span lang=\"FR-CH\">Lors de son jugement, le journaliste avait d\u00e9nonc\u00e9 un \u00ab\u00a0proc\u00e8s politique\u00a0\u00bb et s&rsquo;\u00e9tait dit victime d&rsquo;un traquenard mont\u00e9 par les services sp\u00e9ciaux\u00a0\u00bb, alors que les autorit\u00e9s avan\u00e7aient qu&rsquo;il s&rsquo;agissait d&rsquo;une \u00ab\u00a0affaire de droit commun\u00a0\u00bb.<\/span><\/p>\n<p align=\"justify\"><span lang=\"FR-CH\">Le ministre fran\u00e7ais des Affaires \u00e9trang\u00e8res, Bernard Kouchner, a dit mardi avoir appris sa lib\u00e9ration \u00ab\u00a0avec soulagement\u00a0\u00bb. \u00ab\u00a0Je partage la joie de sa famille et de ses proches et me r\u00e9jouis de l&rsquo;issue d&rsquo;une affaire que nous avons suivie de pr\u00e8s au cours des derniers mois\u00a0\u00bb, a-t-il ajout\u00e9 dans un communiqu\u00e9, en rappelant \u00ab\u00a0l&rsquo;attachement port\u00e9 par la France \u00e0 la libert\u00e9 d&rsquo;expression, partout dans le monde\u00a0\u00bb.<\/span><\/p>\n<p align=\"justify\"><span lang=\"FR-CH\">En r\u00e9action, Tunis a convenu que \u00ab\u00a0les excellentes relations tuniso-fran\u00e7aises sont de nature \u00e0 permettre la discussion de toutes les questions concernant les deux pays\u00a0\u00bb. Il estime n\u00e9anmoins \u00ab\u00a0important de rappeler \u00e0 M. Kouchner que les d\u00e9lits pour lesquels M. Ben Brik a \u00e9t\u00e9 condamn\u00e9 \u00e0 une peine de prison n&rsquo;avaient rien \u00e0 voir avec la libert\u00e9 de presse ou d&rsquo;opinion\u00a0\u00bb.<\/span><\/p>\n<p align=\"justify\"><span lang=\"FR-CH\">Dans une mise au point transmise \u00e0 l&rsquo;Associated Press, le minist\u00e8re tunisien des Affaires \u00e9trang\u00e8res ajoute que \u00ab\u00a0M. Ben Brik a \u00e9t\u00e9 reconnu coupable des d\u00e9lits de coups et blessures volontaires, d\u00e9gradation de biens d&rsquo;autrui et atteintes aux bonnes moeurs apr\u00e8s avoir agress\u00e9 une femme devant t\u00e9moins et endommag\u00e9 sa voiture\u00a0\u00bb.<\/span><\/p>\n<p align=\"justify\"><span lang=\"FR-CH\">Taoufik Ben Brik, 50 ans, avait publi\u00e9 dans la presse fran\u00e7aise une s\u00e9rie d&rsquo;articles virulents \u00e0 la veille des \u00e9lections d&rsquo;octobre 2009, qui avaient reconduit le pr\u00e9sident Zine El Abidine Ben Ali \u00e0 la t\u00eate du pays, pour un cinqui\u00e8me mandat cons\u00e9cutif de cinq ans.<\/span><\/p>\n<p align=\"justify\"><span lang=\"FR-CH\">\u00ab\u00a0J&rsquo;ai \u00e9t\u00e9 incarc\u00e9r\u00e9 dans une prison o\u00f9 on punit les prisonniers qui ont fait des gaffes. Lorsque j&rsquo;ai \u00e9crit une lettre qui a \u00e9t\u00e9 publi\u00e9e, \u00ab\u00a0Le po\u00e8te et le dictateur\u00a0\u00bb, ils m&rsquo;ont mis dans une prison pr\u00e9historique comme on n&rsquo;en trouve plus, m\u00eame dans le<\/span><\/p>\n<p align=\"justify\"><span lang=\"FR-CH\">cin\u00e9ma. Ce n&rsquo;est pas une prison, c&rsquo;est un tombeau ouvert, o\u00f9 on v\u00e9g\u00e8te\u00a0\u00bb, a comment\u00e9 le journaliste sur France-Info.<\/span><\/p>\n<p align=\"justify\"><span lang=\"FR-CH\">\u00ab\u00a0En plus j&rsquo;ai \u00e9t\u00e9 interdit de stylo, de papier, de livres, et tous ceux qui \u00e9taient autour de moi (&#8230;) c&rsquo;\u00e9taient des analphab\u00e8tes, pour que je ne puisse m\u00eame pas parler des choses que j&rsquo;aime, le th\u00e9\u00e2tre, le cin\u00e9ma, la politique. Apr\u00e8s six mois, ma<\/span><\/p>\n<p align=\"justify\"><span lang=\"FR-CH\">m\u00e9moire est engourdie\u00a0\u00bb, a-t-il poursuivi.<\/span><\/p>\n<p align=\"justify\"><span lang=\"FR-CH\">Le journaliste a pr\u00e9cis\u00e9 qu&rsquo;il comptait continuer \u00e0 \u00e9crire. \u00ab\u00a0Je ne sais qu&rsquo;\u00e9crire, et je ne sais qu&rsquo;\u00e9crire sur Ben Ali, c&rsquo;est le seul truc vendable en Tunisie. Donc je ne vais pas m&rsquo;en priver\u00a0\u00bb, a-t-il assur\u00e9. \u00ab\u00a0Et en plus, ces six mois, au lieu de me casser l&rsquo;\u00e9chine, je (re)prends du poil de la b\u00eate, je vais prendre ma revanche\u00a0\u00bb, a-t-il ajout\u00e9 en pr\u00e9cisant qu&rsquo;il comptait \u00ab\u00a0d\u00e9barquer \u00e0<\/span><\/p>\n<p align=\"justify\"><span lang=\"FR-CH\">Paris ces jours-ci, s&rsquo;ils me laissent partir\u00a0\u00bb.<\/span><\/p>\n<p align=\"justify\"><span lang=\"FR-CH\">A l&rsquo;annonce de la lib\u00e9ration de Taoufik Ben Brik, son \u00e9pouse n&rsquo;a pas dissimul\u00e9 sa joie. \u00ab\u00a0Taoufik aussi \u00e9tait tr\u00e8s heureux d&rsquo;\u00eatre libre apr\u00e8s six mois d&rsquo;incarc\u00e9ration, jour pour jour\u00a0\u00bb, a-t-elle l\u00e2ch\u00e9 avec un soupir de soulagement.<\/span><\/p>\n<p align=\"justify\"><span lang=\"FR-CH\">\u00ab\u00a0C&rsquo;est un sentiment que ne peut conna\u00eetre que celui qui vit une telle \u00e9preuve. Par moment, on a l&rsquo;impression que les six mois ne vont pas finir\u00a0\u00bb, a encore confi\u00e9 cette femme fr\u00eale.<\/span><\/p>\n<p align=\"justify\"><span lang=\"FR-CH\">Elle a exprim\u00e9 \u00e9galement \u00ab\u00a0un sentiment d&rsquo;impuissance\u00a0\u00bb face \u00e0 ce qu&rsquo;elle consid\u00e8re comme une \u00ab\u00a0complicit\u00e9 des d\u00e9mocratie occidentale\u00a0\u00bb dans cette affaire o\u00f9 \u00ab\u00a0l&rsquo;injustice \u00e9tait claire\u00a0\u00bb, selon elle.<\/span><\/p>\n<p align=\"justify\"><span lang=\"FR-CH\">Son avocat, Me N\u00e9jib Chebbi s&rsquo;est lui aussi dit \u00ab\u00a0heureux\u00a0\u00bb que Taoufik Ben Brik ait \u00e9t\u00e9 lib\u00e9r\u00e9.<\/span><\/p>\n<p align=\"justify\"><span lang=\"FR-CH\">\u00ab\u00a0Taoufik a pass\u00e9 six mois en prison pour d\u00e9fendre notre droit \u00e0 l&rsquo;humour. Il n&rsquo;a fait qu&rsquo;exercer sa profession comme le font tous les journalistes libres dans des pays libres, en critiquant les politiques avec humour. En l&#8217;emprisonnant, ils (les autorit\u00e9s) voulaient nous \u00f4ter ce droit\u00a0\u00bb, a-t-il d\u00e9plor\u00e9.<\/span><\/p>\n<p align=\"justify\"><span lang=\"FR-CH\">\u00ab\u00a0Nous sommes soulag\u00e9s d&rsquo;apprendre la lib\u00e9ration ce matin de Taoufik Ben Brik. Il va enfin pouvoir retrouver les siens\u00a0\u00bb, a r\u00e9agi RSF. \u00ab\u00a0Toutefois, nous rappelons que ces six mois de d\u00e9tention \u00e9taient six mois de trop, tant il est \u00e9vident que Taoufik a \u00e9t\u00e9 victime d&rsquo;une affaire mont\u00e9e de toutes pi\u00e8ces, payant ainsi le prix de sa libert\u00e9 de pens\u00e9e\u00a0\u00bb, a d\u00e9clar\u00e9 Jean-Fran\u00e7ois Julliard, secr\u00e9taire g\u00e9n\u00e9ral de RSF.<\/span><\/p>\n<p align=\"justify\"><span lang=\"FR-CH\">Cette affaire a \u00e9t\u00e9 \u00e0 l&rsquo;origine d&rsquo;une tension entre Tunis et Paris. Les r\u00e9actions fran\u00e7aises dont celle du Quai d&rsquo;Orsay ont \u00e9t\u00e9 consid\u00e9r\u00e9es comme des \u00ab\u00a0ing\u00e9rences inadmissibles dans les affaires int\u00e9rieures tunisiennes\u00a0\u00bb.<\/span><\/p>\n<p align=\"justify\"><span lang=\"FR-CH\">Se d\u00e9clarant dans un premier temps \u00ab\u00a0d\u00e9\u00e7u\u00a0\u00bb par les arrestations de journalistes en Tunisie, le ministre fran\u00e7ais des Affaires \u00e9trang\u00e8res, Bernard Kouchner, a ensuite jou\u00e9 \u00e0 l&rsquo;apaisement. En visite \u00e0 Tunis la semaine derni\u00e8re, il a tenu \u00e0 f\u00e9liciter ses \u00ab\u00a0amis tunisiens\u00a0\u00bb pour \u00ab\u00a0les efforts qu&rsquo;ils font pour que la soci\u00e9t\u00e9 soit juste, prosp\u00e8re, moderne et qu&rsquo;elle respecte les droits des femmes et de l&rsquo;homme\u00a0\u00bb. <\/span><\/p>\n<p><span lang=\"FR-CH\"><\/p>\n<p>\u00a0<\/p>\n<div>\n<hr\/>\n<\/div>\n<div align=\"center\"><b><span lang=\"FR-CH\"><font size=\"3\">Taoufik Ben Brik, enfin libre<\/font><font size=\"2\"><\/font><\/span><\/b><\/div>\n<div>\n<hr\/>\n<\/div>\n<div>\u00a0<\/div>\n<p><span lang=\"FR-CH\">Caroline Stevan<\/span><\/p>\n<p align=\"justify\"><span lang=\"FR-CH\">Le journaliste tunisien Taoufik Ben Brik a \u00e9t\u00e9 lib\u00e9r\u00e9 mardi apr\u00e8s avoir purg\u00e9 six mois de prison. L\u2019opposant avait \u00e9t\u00e9 condamn\u00e9 \u00e0 la fin de 2009 pour l\u2019agression d\u2019une femme d\u2019affaires, un proc\u00e8s qu\u2019il a toujours qualifi\u00e9 de machination politique destin\u00e9e \u00e0 le faire taire <\/span><\/p>\n<p align=\"justify\"><span lang=\"FR-CH\">\u00abJ\u2019ai parl\u00e9 \u00e0 Taoufik. Il a une bonne voix. Il me semble plus combatif que jamais et plut\u00f4t en bonne sant\u00e9.\u00bb William Bourdon, avocat parisien de Taoufik Ben Brik se voulait rassurant mardi matin, quelques heures apr\u00e8s la lib\u00e9ration de son client. Le journaliste tunisien, qui souffre d\u2019une maladie d\u00e9g\u00e9n\u00e9rative de ses d\u00e9fenses immunitaires, a quitt\u00e9 la prison de Siliana \u2013 dans le nord-ouest du pays \u2013 \u00e0 l\u2019aube apr\u00e8s six mois d\u2019enfermement. \u00abPas un jour de moins\u00bb, a pr\u00e9cis\u00e9 son \u00e9pouse Azza Zarad. <\/span><\/p>\n<p align=\"justify\"><span lang=\"FR-CH\">Le dissident, 49 ans, avait \u00e9t\u00e9 interpell\u00e9 le 29 octobre 2009 pour \u00abcoups et blessures volontaires, d\u00e9gradation des biens d\u2019autrui et atteinte aux bonnes m\u0153urs\u00bb suite \u00e0 la plainte d\u2019une femme d\u2019affaires l\u2019accusant d\u2019avoir embouti sa voiture, de l\u2019avoir frapp\u00e9e et insult\u00e9e. <\/span><\/p>\n<p align=\"justify\"><span lang=\"FR-CH\">L\u2019entourage de Taoufik Ben Brik d\u00e9nonce des manigances ourdies par le pouvoir et destin\u00e9es \u00e0 neutraliser une plume trop cinglante vis-\u00e0-vis du pr\u00e9sident Zine el-Abidine Ben Ali. Une th\u00e8se partag\u00e9e par les associations de d\u00e9fense des droits humains et l\u2019organisation Reporters sans fronti\u00e8res. \u00abNous rappelons que ces six mois de d\u00e9tention \u00e9taient six mois de trop, tant il est \u00e9vident que Taoufik a \u00e9t\u00e9 victime d\u2019une affaire mont\u00e9e de toutes pi\u00e8ces, payant ainsi le prix de sa libert\u00e9 de pens\u00e9e\u00bb, \u00e9crit le secr\u00e9taire g\u00e9n\u00e9ral de RSF, Jean-Fran\u00e7ois Julliard, sur le site internet de l\u2019organisation de d\u00e9fense des journalistes. <\/span><\/p>\n<p align=\"justify\"><span lang=\"FR-CH\">Deux heures avant son arrestation, Taoufik Ben Brik avait publi\u00e9 en France une interview imaginaire du chef de l\u2019Etat tunisien briguant son cinqui\u00e8me mandat. Le journaliste, qui n\u2019est pas \u00e9dit\u00e9 en Tunisie, \u00e9crit essentiellement pour la presse hexagonale. Son emprisonnement avait ainsi provoqu\u00e9 quelques tensions entre Tunis et Paris. Ben Brik a annonc\u00e9 hier qu\u2019il irait c\u00e9l\u00e9brer la Journ\u00e9e mondiale de la libert\u00e9 de la presse le 3 mai \u00e0 Paris.<\/span><\/p>\n<p><span lang=\"FR-CH\"><strong>(Source\u00a0: \u00ab\u00a0Le Temps\u00a0\u00bb (Quotidien \u2013 Suisse), le 28 avril 2010)<\/strong><\/span><\/p>\n<p>\u00a0<\/p>\n<p><strong><\/p>\n<div>\n<hr\/>\n<\/div>\n<div align=\"center\"><font><b><span lang=\"FR\">Tunisie\u00a0: Une plume libre sort de prison<\/span><\/b><\/font><\/div>\n<div align=\"center\"><font><b><span lang=\"FR\">Ben Brik : \u00ab Je vais continuer \u00e0 \u00e9crire \u00bb<\/span><\/b><span lang=\"FR\"><\/span><\/font><\/div>\n<div align=\"center\">\n<hr\/>\n<\/div>\n<p><\/strong><\/span><\/p>\n<p><span lang=\"FR\">\u00b7<span>\u00a0\u00a0\u00a0\u00a0\u00a0\u00a0\u00a0\u00a0<\/span><\/span><span dir=\"ltr\"><b><span lang=\"FR\">Le journaliste tunisien Taoufik Ben Brik a purg\u00e9 la peine de prison inflig\u00e9e pour une improbable agression.<\/span><\/b><\/span><\/p>\n<p><span lang=\"FR\">\u00b7<span>\u00a0\u00a0\u00a0\u00a0\u00a0\u00a0\u00a0\u00a0<\/span><\/span><span dir=\"ltr\"><b><span lang=\"FR\">Son moral est au beau fixe, il compte reprendre ses activit\u00e9s d\u00e8s que possible\u00a0: \u00ab\u00a0Ecrire, c\u2019est la seule chose que je sais faire\u00a0\u00bb, dit-il.<\/span><\/b><\/span><\/p>\n<p><span lang=\"FR\">\u00b7<span>\u00a0\u00a0\u00a0\u00a0\u00a0\u00a0\u00a0\u00a0<\/span><\/span><span dir=\"ltr\"><b><span lang=\"FR\">Un motif de m\u00e9ditation pour le r\u00e9gime.<\/span><\/b><\/span><\/p>\n<p>\u00a0<\/p>\n<p><span lang=\"FR\">Une douce euphorie semblait avoir gagn\u00e9 notre confr\u00e8re tunisien Taoufik Ben Brik ce mardi, quelques heures apr\u00e8s sa sortie de prison. Le poil \u00e0 gratter du r\u00e9gime du pr\u00e9sident Ben Ali \u00e9tait regonfl\u00e9 \u00e0 bloc : <i>\u00ab Je suis frais comme un pinson, comme quand tu m\u2019avais rendu visite en octobre \u00bb,<\/i>nous dit-il par t\u00e9l\u00e9phone en allusion \u00e0 notre conversation dans son appartement de la banlieue tunisoise le lundi 19 octobre dernier. C\u2019\u00e9tait dix jours avant son arrestation.<\/span><\/p>\n<p><span lang=\"FR\">Condamn\u00e9 ensuite \u00e0 six mois de prison ferme pour une pr\u00e9tendue agression contre une femme en pleine rue \u2013 <i>\u00ab une entourloupette, tout le monde le sait \u00bb <\/i>\u2013 Ben Brik aura donc purg\u00e9 cette peine jour pour jour.<\/span><\/p>\n<p><span lang=\"FR\">Ce s\u00e9jour dans le p\u00e9nitencier de Siliana, \u00e0 130 km de la capitale, lui laisse bien des souvenirs, qu\u2019il compte \u00e9crire.<i> \u00ab C\u2019est une prison tunisienne, <\/i>explique-t-il.<i>Mais en pire : un mod\u00e8le pr\u00e9historique o\u00f9 l\u2019on punit prisonniers comme matons ! Un peu comme dans <\/i>Papillon<i> ou les films mexicains \u00e0 la Zapatta ! Nous \u00e9tions \u00e0 vingt dans une cellule de 60 m<sup>2<\/sup>, toilettes comprises. Ils m\u2019avaient priv\u00e9 de stylo, de papier et de livres. Mes compagnons d\u2019infortune \u00e9taient tous analphab\u00e8tes. On voulait sans doute \u00e9viter qu\u2019on parle trop. Mais ces gars sont plus humains que ceux de dehors, c\u2019est ce que je retiens de ces six mois. Et ils pleuraient quand je suis parti\u2026 \u00bb<\/i><\/span><\/p>\n<p><span lang=\"FR\">A cinquante ans, \u00ab TBB \u00bb, comme on l\u2019appelle, persiste et signe. \u00ab<i> Pas question de m\u2019exiler. Je tiendrai jusqu\u2019au bout. Si lui part, c\u2019est OK pour moi. \u00bb<\/i> Lui ? Le pronom d\u00e9signe le pr\u00e9sident Zine el-Abidine Ben Ali, bien s\u00fbr. Le dictateur local. <i>\u00ab Je vais continuer \u00e0 \u00e9crire, c\u2019est la seule chose que je sais faire. Et \u00e9crire sur lui. Il croyait me faire courber l\u2019\u00e9chine, me casser, mais il oublie que je suis une \u00e2me damn\u00e9e dure comme une crosse de fusil. \u00bb<\/i><\/span><\/p>\n<p><span><b><span lang=\"FR\">Impertinences\u2026<\/span><\/b><\/span><\/p>\n<p><span lang=\"FR\">Une \u00e2me damn\u00e9e et une sacr\u00e9e plume, aussi. L\u2019auteur s\u2019\u00e9tait un tantinet fait oublier depuis quelques ann\u00e9es, mais la proximit\u00e9 des \u00e9lections d\u2019octobre dernier lui avait donn\u00e9 l\u2019occasion de s\u2019\u00e9pancher sur des sites internet d\u2019information fran\u00e7ais, comme celui du <i>Nouvel Observateur<\/i> ou encore Mediapart. Ses impertinences, visiblement, avaient d\u00e9plu en haut lieu. On conna\u00eet la suite\u2026<\/span><\/p>\n<p><span lang=\"FR\">Ben Brik s\u2019en sort bien, finalement. La maladie d\u00e9g\u00e9n\u00e9rative des d\u00e9fenses immunitaires qui l\u2019affecte l\u2019a \u00e9pargn\u00e9 pendant son s\u00e9jour carc\u00e9ral \u00e9maill\u00e9 par une gr\u00e8ve de la faim de onze jours. Sa femme, l\u2019infatigable Azza Zarad, n\u2019a donc pas r\u00e9ussi \u00e0 abr\u00e9ger sa peine malgr\u00e9 ses efforts incessants \u00e0 Tunis, Paris ou Strasbourg.<\/span><\/p>\n<p><span lang=\"FR\">Pour l\u2019heure, notre confr\u00e8re songe \u00e0 prendre un bol d\u2019air libre \u00e0 Paris, pour y c\u00e9l\u00e9brer avec ses amis la journ\u00e9e mondiale de la libert\u00e9 de la presse le 3 mai. <i>\u00ab Si on me laisse partir<\/i>, l\u00e2che-t-il comme pour conjurer de nouvelles tracasseries dont le r\u00e9gime a le secret. <i>Sinon, on va se la couler douce ici \u00e0 Tunis. \u00bb<\/i><\/span><\/p>\n<p><span lang=\"FR\">Une derni\u00e8re boutade caustique bien \u00ab \u00e0 la Ben Brik \u00bb. Car la profession de journaliste, en Tunisie, va demeurer quelque chose de maudit. Ce n\u2019est pas Zouha\u00efer Makhlouf qui le d\u00e9mentira : ce confr\u00e8re a \u00e9t\u00e9 interpell\u00e9 le 24 avril par des policiers qui, selon Reporters sans fronti\u00e8res, l\u2019ont sauvagement frapp\u00e9 devant ses enfants.<\/span><\/p>\n<p><b><span lang=\"FR\">\u00a0BAUDOUIN LOOS <\/span><\/b><\/p>\n<p><b><span lang=\"FR-CH\">(Source\u00a0: \u00ab\u00a0Le Soir\u00a0\u00bb (Quotidien \u2013 Belgique), le 28 avril 2010)<\/span><\/b><\/p>\n<p><strong><\/p>\n<div>\n<hr\/>\n<\/div>\n<div align=\"center\"><b><span lang=\"FR-CH\"><font size=\"3\">Tunisie : Ben Ali aux trousses des journalistes dissidents<\/font><\/span><\/b><\/div>\n<div>\n<hr\/>\n<\/div>\n<p><span lang=\"FR-CH\">Alors que Taoufik Ben Brik a fini hier de purger sa peine, le proc\u00e8s d\u2019un reporter ind\u00e9pendant s\u2019ouvre dans le sud du pays et la police continue de harceler la presse.<\/span><\/p>\n<p><b><span lang=\"FR-CH\">Christophe Ayad <\/span><\/b><\/p>\n<p align=\"justify\"><span lang=\"FR-CH\">Le journaliste tunisien Taoufik Ben Brik est sorti hier matin de prison, au terme de sa peine, apr\u00e8s six mois de d\u00e9tention. Fahem Boukadous, lui, passait hier en appel au Tribunal de Gafsa: il risque quatre ans de prison. Quand ils ne remplissent pas les prisons ou les tribunaux, les journalistes tunisiens qui g\u00eanent le pouvoir finissent au commissariat pour un tabassage en r\u00e8gle, comme Zouhair Makhlouf samedi soir. <\/span><\/p>\n<p align=\"justify\"><span lang=\"FR-CH\">Il est sorti hier \u00e0 6 heures du matin de la prison de Siliana, \u00e0 130 km au nord-ouest de Tunis. Le journaliste le plus c\u00e9l\u00e8bre de Tunisie, \u00e2g\u00e9 de 50 ans, a purg\u00e9 l&rsquo;int\u00e9gralit\u00e9 de la peine de prison \u00e0 laquelle il avait \u00e9t\u00e9 condamn\u00e9, le 26 novembre dernier, pour \u00abcoups et blessures volontaires, d\u00e9gradation des biens d&rsquo;autrui et atteinte aux bonne m\u0153urs\u00bb contre une jeune femme \u00e0 Tunis. Une manip mont\u00e9e de toutes pi\u00e8ces par le r\u00e9gime qui poursuit Ben Brik de sa vindicte. \u00abUne entourloupette\u00bb, comme il dit lui-m\u00eame. <\/span><\/p>\n<p align=\"justify\"><span lang=\"FR-CH\">Gr\u00e8ve de la faim <\/span><\/p>\n<p align=\"justify\"><span lang=\"FR-CH\">Depuis sa gr\u00e8ve de la faim en 2000, Ben Brik est devenu la b\u00eate noire du pr\u00e9sident Ben Ali, qu&rsquo;il avait \u00e0 l&rsquo;\u00e9poque ridiculis\u00e9. Interdit de publier en Tunisie, il fait parvenir ses chroniques &#8211; satiriques et mordantes &#8211; \u00e0 des m\u00e9dias fran\u00e7ais. Celles sorties \u00e0 l&rsquo;occasion des \u00e9lections pr\u00e9sidentielle et l\u00e9gislatives de l&rsquo;automne dernier, remport\u00e9es comme d&rsquo;habitude haut la main par Ben Ali et son parti, ont particuli\u00e8rement irrit\u00e9. Au point de susciter la machination, dont le r\u00e9gime a le secret et qui a valu \u00e0 TBB une condamnation \u00e0 six mois de prison. Qu&rsquo;il a purg\u00e9e int\u00e9gralement et priv\u00e9 de soins alors qu&rsquo;il souffre d&rsquo;une maladie chronique. Il semblait hier en forme \u00e0 sa sortie. Et annon\u00e7ait sa venue en France &#8211; \u00able seul pays qui m&rsquo;a d\u00e9fendu\u00bb &#8211; d&rsquo;ici \u00e0 lundi \u00abpour f\u00eater la Journ\u00e9e mondiale de la libert\u00e9 de la presse\u00bb le 3 mai. Il a aussi l&rsquo;intention de publier un livre sur sa d\u00e9tention \u00e0 Siliana. <\/span><\/p>\n<p align=\"justify\"><span lang=\"FR-CH\">Sa lib\u00e9ration a \u00e9t\u00e9 salu\u00e9e par Reporters sans fronti\u00e8res, qui d\u00e9nonce r\u00e9guli\u00e8rement en Ben Ali un \u00abpr\u00e9dateur\u00bb de la libert\u00e9 de la presse. Le chef de la diplomatie fran\u00e7aise Bernard Kouchner a, de son c\u00f4t\u00e9, exprim\u00e9 hier son \u00absoulagement\u00bb. <\/span><\/p>\n<p align=\"justify\"><span lang=\"FR-CH\">L&rsquo;arrestation de Ben Brik avait \u00e9t\u00e9 l&rsquo;occasion d&rsquo;un accrochage in\u00e9dit, \u00e0 l&rsquo;automne dernier, entre Paris et Tunis. Le Quai d&rsquo;Orsay, habituellement silencieux sur les atteintes aux droits de l&rsquo;homme en Tunisie, consid\u00e9r\u00e9e comme le \u00abbon \u00e9l\u00e8ve\u00bb du Maghreb, avait protest\u00e9, suscitant la col\u00e8re du palais de Carthage, qui avait menac\u00e9 de demander des comptes \u00e0 la France pour la colonisation. Un discours totalement inhabituel \u00e0 Tunis. Depuis, le ton s&rsquo;est radouci. Le 15 avril, Bernard Kouchner f\u00e9licitait m\u00eame la Tunisie pour ses \u00abefforts\u00bb en mati\u00e8re de droits de l&rsquo;homme&#8230; <\/span><\/p>\n<p align=\"justify\"><span lang=\"FR-CH\">D&rsquo;autres menac\u00e9s <\/span><\/p>\n<p align=\"justify\"><span lang=\"FR-CH\">Fahem Boukeddous, 40 ans, est nettement moins connu que Taoufik Ben Brik. Il vit \u00e0 Gafsa dans le sud de la Tunisie. Sans lui, le monde et les Tunisiens n&rsquo;auraient pas entendu parler de l&rsquo;agitation sociale dans le bassin minier de Gafsa au premier trimestre 2008. Boukeddous en a rendu compte pour la cha\u00eene ind\u00e9pendante Al-Hiwar, diffus\u00e9e un temps par satellite depuis l&rsquo;Europe puis sur internet. C&rsquo;est lui qui a diffus\u00e9 les seules images connues des \u00e9meutes contre les autorit\u00e9s locales; \u00e0 l&rsquo;\u00e9poque la r\u00e9gion \u00e9tait herm\u00e9tiquement ferm\u00e9e. Recherch\u00e9 au m\u00eame titre que les syndicalistes de la r\u00e9gion, le journaliste a plong\u00e9 dans la clandestinit\u00e9 en juin 2008. Pendant cette p\u00e9riode, il a \u00e9t\u00e9 condamn\u00e9 par contumace \u00e0 six ans de prison pour \u00abassociation de malfaiteurs\u00bb et \u00abdiffusion d&rsquo;information de nature \u00e0 perturber l&rsquo;ordre public. Une peine ramen\u00e9e \u00e0 quatre ans.<\/span><\/p>\n<p align=\"justify\"><span lang=\"FR-CH\">Fin 2009, quand le pouvoir a graci\u00e9 les \u00abagitateurs\u00bb de Gafsa encore en prison, Boukeddous est sorti de la clandestinit\u00e9. Il a \u00e9t\u00e9 laiss\u00e9 en libert\u00e9 en attendant son proc\u00e8s en appel, qui devait d\u00e9buter hier \u00e0 Gafsa. Lundi apr\u00e8s midi, Boukeddous a \u00e9t\u00e9 hospitalis\u00e9 \u00e0 cause d&rsquo;une grave crise d&rsquo;asthme. Ses avocats ont demand\u00e9 hier un report du proc\u00e8s. Il risque quatre ans de prison&#8230; <\/span><\/p>\n<p align=\"justify\"><span lang=\"FR-CH\">D&rsquo;autres tabass\u00e9s <\/span><\/p>\n<p align=\"justify\"><span lang=\"FR-CH\">Journaliste ind\u00e9pendant lui aussi, Zouhair Makhlouf a r\u00e9alis\u00e9, \u00e0 l&rsquo;automne dernier, un reportage sur les conditions de travail dans la zone industrielle de Nabeul. Un sujet sensible dans un pays qui vit de la sous-traitance surtout dans le textile et les plateformes d&rsquo;appel. Le 1er d\u00e9cembre, il a \u00e9t\u00e9 condamn\u00e9 \u00e0 trois mois de prison ferme, 200 dinars (104 euros) d&rsquo;amende et 6 000 dinars (3 114 euros) de dommages et int\u00e9r\u00eats pour avoir \u00abnui \u00e0 un tiers au moyen d&rsquo;un r\u00e9seau public de t\u00e9l\u00e9communication\u00bb. Mais depuis qu&rsquo;il est sorti de prison, la police ne le laisse pas tranquille. Samedi, alors qu&rsquo;il \u00e9tait invit\u00e9 \u00e0 un d\u00eener en pr\u00e9sence de Me Christian Charri\u00e8re-Bournazel, ex-b\u00e2tonnier de Paris, il a \u00e9t\u00e9 arr\u00eat\u00e9 devant chez lui, emmen\u00e9 au commissariat et tabass\u00e9. Il en est sorti tard le m\u00eame soir, en sang et le nez fracass\u00e9. <\/span><\/p>\n<p><b><span lang=\"FR-CH\">(Source\u00a0: \u00ab\u00a0Lib\u00e9ration\u00a0\u00bb (Quotidien \u2013 France), le 28 avril 2010)<\/span><\/b><\/p>\n<p>\u00a0<\/p>\n<div>\n<hr\/>\n<\/div>\n<div align=\"center\"><b><span lang=\"FR-CH\"><font size=\"2\"><font size=\"3\">Une longue tradition d&rsquo;acharnement contre la presse<\/font> <\/font><\/span><\/b><\/div>\n<div>\n<hr\/>\n<\/div>\n<p><span lang=\"FR-CH\"><font size=\"2\">NAZIHA REJIBA, KAMEL LABIDI <\/font><\/span><\/p>\n<p><span lang=\"FR-CH\"><font size=\"2\">La lib\u00e9ration, hier, de Taoufik Ben Brik n&rsquo;y changera rien. L&rsquo;acharnement du pr\u00e9sident Zine el-Abidine ben Ali contre les journalistes est un fait sans pr\u00e9c\u00e9dent depuis la parution du premier p\u00e9riodique tunisien, \u00abArra&rsquo;id Attounissi\u00bb, en 1860. Aucun bey ou r\u00e9sident g\u00e9n\u00e9ral fran\u00e7ais &#8211; et encore moins son prestigieux pr\u00e9d\u00e9cesseur, Habib Bourguiba, dont la passion pour le journalisme de combat \u00e9tait reconnue &#8211; n&rsquo;avait autant s\u00e9vi contre la presse. Jamais on n&rsquo;avait vu autant de journalistes tunisiens harcel\u00e9s, d\u00e9tenus ou contraints \u00e0 l&rsquo;exil. <\/font><\/span><\/p>\n<p><span lang=\"FR-CH\"><font size=\"2\">L&rsquo;\u00e8re Bourguiba L&rsquo;une des premi\u00e8res victimes de cette hostilit\u00e9 qui ne conna\u00eet gu\u00e8re de r\u00e9pit depuis vingt-deux ans fut le journal ind\u00e9pendant \u00abErrai\u00bb. Cr\u00e9\u00e9 sous Bourguiba en 1977, tout comme la Ligue de d\u00e9fense des droits de l&rsquo;homme &#8211; la premi\u00e8re du genre en Afrique et dans le monde arabe &#8211; ce journal de combat pour la d\u00e9mocratie fut contraint de fermer quelques semaines seulement apr\u00e8s le coup d&rsquo;Etat qui porta au pouvoir M. Ben Ali en 1987. <\/font><\/span><\/p>\n<p><span lang=\"FR-CH\"><font size=\"2\">D&rsquo;autres journaux comme \u00abLe Maghreb\u00bb, \u00abAl Fajr\u00bb et \u00abAl Badil\u00bb connurent ensuite le m\u00eame sort. Des journalistes, dont Abdallah Zouari, et des dizaines de blogueurs, dont Zouhair Yahyaoui, le premier internaute arabe jet\u00e9 en prison, subirent les affres des centres de police o\u00f9 une quarantaine de dissidents trouv\u00e8rent la mort sous la torture. Une centaine de journalistes prirent le chemin de l&rsquo;exil pour \u00e9chapper au \u00abmiracle tunisien\u00bb. <\/font><\/span><\/p>\n<p><span lang=\"FR-CH\"><font size=\"2\">Hostilit\u00e9 maladive L&rsquo;hostilit\u00e9 maladive \u00e0 la libert\u00e9 de la presse commen\u00e7a \u00e0 s&rsquo;intensifier, l&rsquo;an dernier, \u00e0 mesure que la parodie \u00e9lectorale approchait et que la contestation du pouvoir personnel de Ben Ali et de l&rsquo;influence grandissante de sa famille &#8211; surtout de sa femme, Leila Trabelsi &#8211; sur la vie politique et \u00e9conomique gagnait du terrain dans le pays. Elle n&rsquo;\u00e9pargna ni les blogueurs, ni les animateurs des radios libres diffus\u00e9es sur internet et des stations de t\u00e9l\u00e9vision satellitaire, notamment Al-Jezira, ni le syndicat des journalistes mis au pas en ao\u00fbt. Le pouvoir n&rsquo;arr\u00eata pas de harceler m\u00eame la presse d&rsquo;opposition reconnue qui avait coutume de ne pas franchir certaines lignes rouges. <\/font><\/span><\/p>\n<p><span lang=\"FR-CH\"><font size=\"2\">stup\u00e9faction Cette hostilit\u00e9 continue \u00e0 susciter l&rsquo;inqui\u00e9tude des organisations de d\u00e9fense de la libert\u00e9 de la presse et d&rsquo;intriguer les alli\u00e9s de la Tunisie. Une d\u00e9l\u00e9gation parlementaire canadienne a fait \u00e9tat, apr\u00e8s avoir visit\u00e9 l&rsquo;Alg\u00e9rie et la Tunisie en f\u00e9vrier 2009, de son \u00e9tonnement. \u00abEn Alg\u00e9rie, les m\u00e9dias semblent relativement libres. En revanche, en Tunisie, les m\u00e9dias faisaient l&rsquo;objet d&rsquo;une surveillance \u00e9troite\u00bb, conclut un rapport de l&rsquo;Association parlementaire Canada-Afrique. Les diplomates am\u00e9ricains sont paradoxalement presque les seuls \u00e0 rendre visite \u00e0 des journalistes et dissidents en gr\u00e8ve de la faim, en proc\u00e8s ou en r\u00e9sidence surveill\u00e9e. <\/font><\/span><\/p>\n<p><span lang=\"FR-CH\"><font size=\"2\">M\u00eame Bush George W. Bush n&rsquo;avait pas h\u00e9sit\u00e9 \u00e0 critiquer publiquement, en mars 2004, le musellement de la presse en Tunisie en recevant M. Ben Ali \u00e0 Washington. Ni le pr\u00e9sident tunisien ni les m\u00e9dias aux ordres, d&rsquo;habitude prompts \u00e0 rejeter toute critique, aussi timide soit-elle, venant d&rsquo;un responsable fran\u00e7ais, voire \u00e0 insulter son auteur, ne lui ont r\u00e9pondu. <\/font><\/span><\/p>\n<p><span lang=\"FR-CH\"><font size=\"2\">L&rsquo;influence abusive de la famille Ben Ali, parents et alli\u00e9s, sur les principaux secteurs de l&rsquo;\u00e9conomie et les m\u00e9dias, et la volont\u00e9 manifeste de garder le pouvoir dans la famille, \u00e0 l&rsquo;instar de ce qui se passe dans la Libye du colonel Kadhafi, dont les relations avec Tunis n&rsquo;ont jamais \u00e9t\u00e9 aussi \u00e9troites, semblent derri\u00e8re cette strat\u00e9gie d&rsquo;acharnement sans bornes contre les journalistes. <\/font><\/span><\/p>\n<p><font size=\"2\"><b><span lang=\"FR-CH\">(Source\u00a0: \u00ab\u00a0Lib\u00e9ration\u00a0\u00bb (Quotidien \u2013 France), le 28 avril 2010)<\/span><\/b><\/font><span lang=\"FR-CH\"><font face=\"Arabic Transparent\"><\/font><\/span><\/p>\n<p><b><span lang=\"FR-CH\"><font size=\"2\"><\/p>\n<div>\n<hr\/>\n<\/div>\n<div align=\"center\"><strong><\/p>\n<h3 style=\"color: blue;\"><font size=\"3\">Une foule immense accompagne le <i>Jurisconsulte<\/i><\/font><\/h3>\n<p><\/strong><\/div>\n<div align=\"center\"><strong><\/p>\n<h3 style=\"color: blue;\"><font size=\"3\">\u00a0<i>Isma\u00efl Sa\u00efdi<\/i> (\u0627\u0644\u0641\u0642\u064a\u0647 \u0625\u0633\u0645\u0627\u0639\u064a\u0644 \u0627\u0644\u0633\u0651\u0639\u064a\u062f\u064a) \u00e0 sa derni\u00e8re demeure<\/font><\/h3>\n<p><\/strong><span> <\/span><\/div>\n<div>\n<hr\/>\n<\/div>\n<p><\/font><\/span><\/b><\/p>\n<p align=\"center\" dir=\"rtl\"><font size=\"4\">\u0627\u0644\u0644\u0647 \u0623\u0643\u0628\u0631 \u0627\u0644\u0644\u0647 \u0623\u0643\u0628\u0631 \u0627\u0644\u0644\u0647 \u0623\u0643\u0628\u0631<\/font> <font size=\"4\"><span dir=\"rtl\" lang=\"AR-SA\">\u0642\u0627\u0644 \u062a\u0639\u0627\u0644\u0649 : \u00ab\u00a0\u064a\u0627 \u0623\u064a\u062a\u0647\u0627 \u0627\u0644\u0646\u0641\u0633 \u0627\u0644\u0645\u0637\u0645\u0626\u0646\u0629 \u0627\u0631\u062c\u0639\u064a \u0625\u0644\u0649 \u0631\u0628\u0643 \u0631\u0627\u0636\u064a\u0629 \u0645\u0631\u0636\u064a\u0629 \u0641\u0627\u062f\u062e\u0644\u064a \u0641\u064a \u0639\u0628\u0627\u062f\u064a \u0648 \u0623\u062f\u062e\u0644\u064a \u062c\u0646\u062a\u064a\u00a0\u00bb \u0635\u062f\u0642 \u0627\u0644\u0644\u0647 \u0627\u0644\u0639\u0638\u064a\u0645 <\/span> <\/font> \u00a0<\/p>\n<p><b><span>Par:<font>Abdel Wahab Hani<\/font><\/span><\/b><span><\/span><\/p>\n<p>\u00a0<\/p>\n<p><span>Une foule immense a accompagn\u00e9 le Jurisconsulte <b><i>Isma\u00efl Sa\u00efdi<\/i><\/b> (<span dir=\"rtl\" lang=\"AR-SA\">\u0627\u0644\u0641\u0642\u064a\u0647 \u0625\u0633\u0645\u0627\u0639\u064a\u0644 \u0627\u0644\u0633\u0651\u0639\u064a\u062f\u064a<\/span>) \u00e0 sa derni\u00e8re demeure ici-bas, au cimeti\u00e8re du <i>Jallaz<\/i> \u00e0 <i>Tunis<\/i>. <\/span><span lang=\"FR-CH\">Le regrett\u00e9 d\u00e9funt nous a quitt\u00e9 hier 26 avril 2010, dans la soir\u00e9e, apr\u00e8s un long combat avec la maladie. <\/span><\/p>\n<p><span lang=\"FR-CH\">Atteint d&rsquo;une m\u00e9ningite tuberculeuse contract\u00e9e lors de son s\u00e9jour en prison pour d\u00e9lit politique, le d\u00e9funt avait \u00e9t\u00e9 admis \u00e0 l&rsquo;h\u00f4pital <i>La Rabta<\/i> \u00e0 <i>Tunis <\/i>d\u00e9but janvier o\u00f9 il est rest\u00e9 pr\u00e8s de 3 mois dans un profond coma.<\/span><\/p>\n<p><span lang=\"FR-CH\">Son \u00e9tat semblait s&rsquo;am\u00e9liorer r\u00e9cemment et il a m\u00eame pu regagner le domicile familial de son jeune couple form\u00e9 en ao\u00fbt dernier. Mais le destin en a d\u00e9cid\u00e9 autrement. <\/span><\/p>\n<p>\u00a0<\/p>\n<p><span lang=\"FR-CH\">Brillant \u00e9l\u00e8ve, brillant lyc\u00e9en, brillant \u00e9tudiant, brillant ENArque, brillant banquier, brillant juriste, brillant <i>Hafidh Li Kitabi Allah<\/i>, brillant <i>Moudarris<\/i>, brillant d\u00e9veloppeur de programme informatique, Brillant sp\u00e9cialiste des <i>Fara\u00efdh<\/i> et du <i>Droit successoral<\/i> musulman, <b><i>Isma\u00efl <\/i><\/b>\u00e9tait toujours le premier parmi ses camarades, le plus comp\u00e9tent parmi\u00a0ses pairs et le meilleur de tous. <\/span><\/p>\n<p>\u00a0<\/p>\n<p><span lang=\"FR-CH\">Tous sont venu lui rendre un dernier hommage cet apr\u00e8s midi, mardi 27 avril 2010, au cimeti\u00e8re du <i>Jallaz<\/i>. <\/span><\/p>\n<p>\u00a0<\/p>\n<p><span lang=\"FR-CH\">Il y avait les vaillants militants <i>Abdellatif Makki, Ajmi Lourimi, Adel Thabti, Fadhel Baldi, Sami Brahem, Karim Harouni, Zied Doulatli, Danien Zarrouk, Ali Larayedh, Zouheir Makhlouf<\/i> et d&rsquo;innombrables autres personnalit\u00e9s connues ou citoyens anonymes. Certains ne se sont pas vus depuis des ann\u00e9es et <i>Isma\u00efl<\/i> les a r\u00e9uni, dans la Compassion et la Loyaut\u00e9 \u00e0 la Patrie. <\/span><\/p>\n<p>\u00a0<\/p>\n<p><span lang=\"FR-CH\">Tous sont venus l&rsquo;accompagner \u00e0 sa derni\u00e8re demeure et rendre hommage aux qualit\u00e9s sup\u00e9rieures d\u2019un esprit sup\u00e9rieur, d\u2019un militant humble, discret et silencieux.<\/span><\/p>\n<p>\u00a0<\/p>\n<p><span lang=\"FR-CH\">Mais il y avait surtout ses parents \u00e0 la patience l\u00e9gendaire, son fr\u00e8re cadet Abdallah et son fr\u00e8re junior <i>\u00c2\u00efd Abdeljelil<\/i>, qui a pu assister aux fun\u00e9railles, apr\u00e8s pr\u00e8s de 20 ans d&rsquo;exil. <\/span><\/p>\n<p>\u00a0<\/p>\n<p><span lang=\"FR-CH\">Depuis leur s\u00e9paration au d\u00e9but des ann\u00e9es 1990, le premier par les m\u00e9faits de la prison, le second par les affres de l&rsquo;asile, <i>Isma\u00efl<\/i> et <i>Abdeljelil<\/i> n&rsquo;ont pas eu la chance de se rencontrer ici-bas. <\/span><\/p>\n<p>\u00a0<\/p>\n<p><span lang=\"FR-CH\">Les larmes de la disparition du <i>Faqih Isma\u00efl,<\/i> <i>Al Maghfouri Lahou<\/i>, se sont m\u00eal\u00e9es aux larmes des retrouvailles, marquant le Retour du <i>\u00c2\u00efd Abdeljelil<\/i>.<\/span><\/p>\n<p>\u00a0<\/p>\n<p><span lang=\"FR-CH\">Leur histoire et celle des Sa\u00efdi est l&rsquo;histoire d&rsquo;une famille ordinaire, de gens ordinaires, dignes, qui ont pay\u00e9 un tribu humain tr\u00e8s lourd que la classe bienpensante, du pouvoir et de l&rsquo;opposition, ignore totalement. <\/span><\/p>\n<p>\u00a0<\/p>\n<p><span lang=\"FR-CH\">Pourtant, ce sont ces <i>Anonymos <\/i>qui vont aussi et surtout la vie d&rsquo;une Peuple, d&rsquo;une Nation. <\/span><\/p>\n<p>\u00a0<\/p>\n<p><span lang=\"FR-CH\">La disparition d\u2019Isma\u00efl doit nous inciter tous, gouvernement, opposition et simples citoyennes et citoyens, \u00e0 regarder en face les \u00e9normes d\u00e9g\u00e2ts humains caus\u00e9s par les deux d\u00e9cennies de conflit ouvert. <\/span><\/p>\n<p>\u00a0<\/p>\n<p><span lang=\"FR-CH\">En ces heures o\u00f9 nous pleurons un cher fr\u00e8re, un cher compagnon, nous ne pouvons qu&rsquo;appeler urgemment\u00a0\u00e0 une Prise de conscience nationale du calvaire de nos concitoyens Anciens\u00a0prisonniers politiques et Exil\u00e9s. <\/span><\/p>\n<p>\u00a0<\/p>\n<p><span lang=\"FR-CH\">Dans notre faire-part du d\u00e9c\u00e8s du tr\u00e8s cher d\u00e9funt, nous avons lanc\u00e9 un Appel solennel aux autorit\u00e9s\u00a0pour\u00a0: <b>Prendre en charge le D\u00e9pistage obligatoire et le traitement m\u00e9dical de tous les anciens prisonniers, notamment politiques et d&rsquo;opinion, appel\u00e9s \u00e0 <i>\u00ab\u00a0Caract\u00e8re sp\u00e9cial\u00a0\u00bb<\/i> (<\/b><\/span><b><span dir=\"rtl\" lang=\"AR-SA\">\u0627\u0644\u0635\u0628\u063a\u0629 \u0627\u0644\u062e\u0627\u0635\u0629<\/span><span lang=\"FR-CH\">) par l&rsquo;Administration p\u00e9nitentiaire. <\/span><\/b><\/p>\n<p>\u00a0<\/p>\n<p><span lang=\"FR-CH\">L&rsquo;opposition et les organisations de la soci\u00e9t\u00e9 civile devraient INCITER \u00e0 cette mesure humaine et\u00a0FACILITER sa mise en \u0153uvre, en y apportant sa contribution, mais surtout en\u00a0adoptant avant tout un discours et une attitude responsables et respectueux des souffrances des victimes et de leurs int\u00e9r\u00eats. <\/span><\/p>\n<p>\u00a0<\/p>\n<p><span lang=\"FR-CH\">Nombreux anciens prisonniers politiques souffrent de maladies incurables contract\u00e9es en prison, y compris des maladies \u00e9radiqu\u00e9es au sein de la population, par le g\u00e9nie, la comp\u00e9tence et le d\u00e9vouement de nos services sanitaires, comme la <i>Tuberculose<\/i> qui fait malheureusement sa r\u00e9apparition dans le milieu carc\u00e9ral. <\/span><\/p>\n<p>\u00a0<\/p>\n<p><span lang=\"FR-CH\">Le comportement irr\u00e9prochable et exemplaire des autorit\u00e9s m\u00e9dicales, lors de l&rsquo;hospitalisation d\u2019<i>Isma\u00efl<\/i>, ne peut que nous inciter \u00e0 l&rsquo;Espoir. <\/span><\/p>\n<p>\u00a0<\/p>\n<p><span lang=\"FR-CH\">Le suivi quotidien du <i>Chef du Service de R\u00e9animation<\/i> et de la <i>Direction de l&rsquo;H\u00f4pital<\/i> <i>La Rabta, <\/i>ainsi que celle de<i> l\u2019H\u00f4pital Charles Nicolle,<\/i> t\u00e9moignent d&rsquo;un sens aigu des responsabilit\u00e9s, comme le sont aussi les consignes dignes et courageuses de bienveillance donn\u00e9 par le <i>Cabinet du Ministre de la Sant\u00e9,<\/i> sous l&rsquo;impulsion du <i>Ministre<\/i> <i>M. Mondher Zna\u00efdi <\/i>en personne. Qu&rsquo;ils soinet tous remerci\u00e9s.\u00a0 <\/span><\/p>\n<p>\u00a0<\/p>\n<p><span lang=\"FR-CH\">En ces jours de deuil, cette attitude hautement\u00a0appr\u00e9ciable\u00a0des autorit\u00e9s m\u00e9dicales\u00a0est de nature \u00e0 nous encourage \u00e0 appeler au <b>D\u00e9pistage syst\u00e9matique des<i>\u00ab\u00a0maladies carc\u00e9rales\u00a0\u00bb<\/i>\u00a0chez les\u00a0anciens prisonniers politiques et leur prise en charge m\u00e9dicale<\/b>. <\/span><\/p>\n<p>\u00a0<\/p>\n<p><span lang=\"FR-CH\">Cette mesure humanitaire est hautement symbolique. Elle apportera un grand soulagement aux victimes et \u00e0 leurs familles, totalement marginalis\u00e9es par le syst\u00e8me de sant\u00e9 national. <\/span><\/p>\n<p>\u00a0<\/p>\n<p><span lang=\"FR-CH\">Elle permettra \u00e0 la <b><i>Nation<\/i><\/b>, comme <b><i>Nation<\/i><\/b>,\u00a0de traiter, ne serait-ce que dans sa dimension humanitaire, les effets du conflit ouvert des deux derni\u00e8res d\u00e9cennies. La R\u00e9conciliation nationale, appel\u00e9 de tout bord, du Chef de l&rsquo;Etat en exercice \u00e0 ses d\u00e9tracteurs les plus v\u00e9h\u00e9ments, c\u2019est aussi cela. <\/span><\/p>\n<p>\u00a0<\/p>\n<p><span lang=\"FR-CH\">La RECONCILIATION VERTIABLE est avant tout au service de notre Peuple, et des victimes et surtout des plus Anonymes. Ceux l\u00e0 m\u00eames que v\u00e9n\u00e8re notre tradition musulmane\u00a0: <\/span><\/p>\n<p><span lang=\"FR-CH\">\u00ab\u00a0<\/span><span dir=\"rtl\" lang=\"AR-SA\">\u0625\u0646 \u0627\u0644\u0644\u0647 \u064a\u062d\u0628 \u0627\u0644\u0623\u062a\u0642\u064a\u0627\u0621 \u0627\u0644\u0623\u062e\u0641\u064a\u0627\u0621 \u0627\u0644\u0623\u0628\u0631\u0627\u0631\u060c \u0627\u0644\u0630\u064a\u0646 \u0625\u0630\u0627 \u063a\u0627\u0628\u0648\u0627 \u0644\u0645 \u064a\u064f\u0641\u062a\u0642\u062f\u0648\u0627 \u0648\u0625\u0630\u0627 \u062d\u0636\u0631\u0648\u0627 \u0644\u0645 \u064a\u064f\u0639\u0631\u0641\u0648\u0627\u060c \u0645\u0635\u0627\u0628\u064a\u062d \u0627\u0644\u0647\u062f\u0649\u060c \u064a\u062e\u0631\u062c\u0648\u0646 \u0645\u0646 \u0643\u0644 \u063a\u0628\u0631\u0627\u0621 \u0645\u0638\u0644\u0645\u0629<\/span><span lang=\"FR-CH\">\u00a0\u00bb<\/span><\/p>\n<p>\u00a0<\/p>\n<p><span>Cette mesure Humanitaire, \u00e0 tr\u00e8s grande valeur Humaine, devrait s&rsquo;accompagner de l&rsquo;octroi de leurs passeports tunisiens \u00e0 tous nos concitoyens exil\u00e9s ou immigr\u00e9s qui le demandent, <i>Illa Man Aba<\/i> (<span dir=\"rtl\" lang=\"AR-SA\">\u0625\u0644\u0627 \u0645\u0646 \u0623\u0628\u0649<\/span>).<\/span><\/p>\n<p>\u00a0<\/p>\n<p><span lang=\"FR-CH\">Le <i>Farq<\/i> d&rsquo;<i>Isma\u00efl<\/i> pr\u00e9vu jeudi 29 avril apr\u00e8s <i>Salat-Al-Maghrib<\/i><span dir=\"rtl\"> <\/span>devrait inciter l&rsquo;ensemble des acteurs \u00e0 \u0153uvrer dans ce sens. L&rsquo;Histoire leur<span dir=\"rtl\"> <\/span>sera redevable si nous nous mettions TOUS \u00e0 trouver une issue Digne aux<span dir=\"rtl\"><\/span>souffrances des victimes nonobstant les r\u00e8glements des crises politiques en<span dir=\"rtl\"> <\/span>suspens et sans attendre les R\u00e9formes politiques dont le pays a le plus besoin. <\/span><\/p>\n<p>\u00a0<\/p>\n<p><span lang=\"FR-CH\">Personne, ni au sein du Pouvoir en place ni au sein de ses diff\u00e9rentes<span dir=\"rtl\"> <\/span>Oppositions ne peut prendre la responsabilit\u00e9 de surseoir l&rsquo;all\u00e9gement des<span dir=\"rtl\"><\/span>souffrances des victimes \u00e0 une quelconque issue ou gestion des conflits que<span dir=\"rtl\"> <\/span>traverse notre Soci\u00e9t\u00e9<\/span><span dir=\"rtl\" lang=\"AR-SA\">.<\/span><span lang=\"AR-SA\"><\/span><\/p>\n<p>\u00a0<\/p>\n<p><span lang=\"FR-CH\">Faisons en sorte que ces deux perspectives Dignes, Loyales et R\u00e9alistes de <b>PRISE EN CHARGE MEDICALE DES ANCIENS PRISONNIERS POLITIQUES<\/b> &amp; de <b>RETOUR DES EXIES<\/b> se concr\u00e9tisent sur le terrain.\u00a0 <\/span><\/p>\n<p>\u00a0<\/p>\n<p><span lang=\"FR-CH\">La <i>Patrie<\/i> en sera reconnaissance. <\/span><\/p>\n<p>\u00a0<\/p>\n<p><span lang=\"FR-CH\">\u00a0 <\/span><\/p>\n<p><span dir=\"rtl\" lang=\"AR-SA\">\u0648\u0628\u0634\u0631 \u0627\u0644\u0635\u0627\u0628\u0631\u064a\u0646 \u0627\u0644\u0630\u064a\u0646 \u0625\u0630\u0627 \u0623\u0635\u0627\u0628\u062a\u0647\u0645 \u0645\u0635\u064a\u0628\u0629 \u0642\u0627\u0644\u0648\u0627 \u0625\u0646\u0627 \u0644\u0644\u0647 \u0648\u0625\u0646\u0627 \u0625\u0644\u064a\u0647 \u0631\u0627\u062c\u0639\u0648\u0646 <\/span><\/p>\n<p><span>\u00a0 <\/span><\/p>\n<p><span dir=\"rtl\" lang=\"AR-SA\">\u0627\u0644\u0644\u0647\u0645 \u0623\u062c\u0639\u0644 \u062e\u064a\u0631 \u0623\u064a\u0627\u0645\u0647 \u064a\u0648\u0645 \u0623\u0646 \u0644\u0642\u0649 \u0648\u062c\u0647\u0643 \u0627\u0644\u0643\u0631\u064a\u0645<\/span><span>.. <span dir=\"rtl\" lang=\"AR-SA\">\u0627\u0644\u0644\u0647\u0645 \u0627\u0631\u062d\u0645\u0647 \u0648\u0627\u0639\u0641 \u0639\u0646\u0647 \u0648\u0627\u063a\u0641\u0631 \u0644\u0647<\/span>.. ..<span dir=\"rtl\" lang=\"AR-SA\">\u0627\u0644\u0644\u0647\u0645 \u0646\u0642\u0647 \u0645\u0646 \u0627\u0644\u0630\u0646\u0648\u0628 \u0648\u0627\u0644\u062e\u0637\u0627\u064a\u0627 \u0643\u0645\u0627 \u064a\u0646\u0642\u0649 \u0627\u0644\u062b\u0648\u0628 \u0627\u0644\u0627\u0628\u064a\u0636 \u0645\u0646 \u0627\u0644\u062f\u0646\u0633<\/span>  \u00a0<\/span><\/p>\n<p><span dir=\"rtl\" lang=\"AR-SA\">\u0627\u0644\u0644\u0647\u0645 \u0622\u0646\u0633\u0647 \u0641\u064a \u0642\u0628\u0631\u0647..<\/span><span lang=\"AR-SA\"><\/span><\/p>\n<p><span dir=\"rtl\" lang=\"AR-SA\">\u0627\u0644\u0644\u0647\u0645 \u0625\u0646\u0646\u0627 \u0646\u062d\u0628\u0647 \u0641\u064a\u0643<\/span><span>.. <span dir=\"rtl\" lang=\"AR-SA\">\u0627\u0644\u0644\u0647\u0645 \u0627\u0633\u0643\u0646\u0647 \u0641\u0633\u064a\u062d \u062c\u0646\u0627\u062a\u0643 <\/span><\/span><\/p>\n<p><span dir=\"rtl\" lang=\"AR-SA\">\u064a\u0627\u0639\u0641\u0648 \u064a\u0627\u0631\u062d\u064a\u0645<\/span><span>.  <span dir=\"rtl\" lang=\"AR-SA\">\u0627\u0644\u0644\u0647\u0645 \u0627\u0644\u0647\u0645 \u0630\u0648\u064a\u0647 \u0627\u0644\u0635\u0628\u0631 \u0648\u0627\u0644\u0633\u0644\u0648\u0627\u0646<\/span> <span dir=\"rtl\" lang=\"AR-SA\">\u0627\u0644\u0644\u0647\u0645 \u0627\u063a\u0633\u0644\u0647 \u0628\u0627\u0644\u0645\u0627\u0621 \u0648\u0627\u0644\u062b\u0644\u062c \u0648\u0627\u0644\u0628\u0631\u062f<\/span><\/span><span dir=\"rtl\" lang=\"AR-SA\"><\/span><\/p>\n<p><span>\u00a0 <\/span><\/p>\n<p><span lang=\"FR-CH\">Gen\u00e8ve, le 27 avril 2010 <\/span><\/p>\n<p><span lang=\"FR-CH\">\u00a0 <\/span><\/p>\n<p><i><span lang=\"FR-CH\">\u00c2\u00efd \/ Retornado Bi Idhni Allah <\/span><\/i><\/p>\n<p><b><span>Abdel Wahab Hani<\/span><\/b><span><\/span><\/p>\n<p><span><a href=\"http:\/\/\/\" target=\"_blank\" rel=\"noopener\"><span>awhani@yahoo.fr<\/span><\/a>; <\/span><\/p>\n<p><span>+33 6 17 96 00 37<\/span><\/p>\n<p>\u00a0<\/p>\n<div>\n<hr\/>\n<\/div>\n<div align=\"center\"><span lang=\"FR\"><font size=\"3\"><strong>Les tunisiens sont ils antis\u00e9mites\u00a0?<\/strong><\/font><\/span><\/div>\n<div align=\"center\"><span lang=\"FR\"><font size=\"3\"><strong>\u00a0<\/strong><\/font><\/span><b><span lang=\"FR\"><font size=\"3\">Ou L\u2019opportunisme primaire Versus l\u2019hypocrisie l\u00e9gendaire<\/font><\/span><\/b><\/div>\n<p><b><span lang=\"FR\"><\/p>\n<div>\n<hr\/>\n<\/div>\n<p><\/span><\/b><\/p>\n<p><span lang=\"FR\">Par <strong>Mansour Feki,<\/strong> <\/span><\/p>\n<p><span lang=\"FR\">Universitaire, Canada<\/span><\/p>\n<p><span lang=\"FR\">Un avocat, journaliste \u00e0 ses heures, monsieur souheil Ftouh, est parti en croisade, corps et \u00e2me, pour promouvoir son idol\u00e2trie pour Isra\u00ebl. Il y va avec les outils primaires de l\u2019art de la propagande \u00a0en s\u2019alignant sur le discours de la droite Isra\u00e9lienne la plus extr\u00e9miste, ceci ne le singularise pas seulement en tant que nord africain, mais\u00a0 en absolu, car m\u00eame les militants les plus ardus de la droite isra\u00e9lienne savent que ce qu\u2019ils sont en train de faire ne rel\u00e8ve ni de la d\u00e9mocratie ni de l\u2019\u00e9thique la plus basique. Ce journaliste ne peut \u00eatre mu que par un opportunisme primaire ou \u00e9pris par un amour inconditionnel pour l\u2019extr\u00eame droite isra\u00e9lienne.<\/span><\/p>\n<p><span lang=\"FR\">Quant au groupe de journalistes tunisiens et co. qui s\u2019offusquent \u00e0 outrance des propos du journaliste, kamikaze de la plume, qui traite la Tunisie et les Tunisiens d\u2019antis\u00e9mites, ils doivent mettre un peu d\u2019eau dans leur vin ou leur caf\u00e9, car si ces propos sont de la rh\u00e9torique extr\u00e9miste qui cr\u00e9e ex nihilo cette notion d\u2019antis\u00e9mitisme en Tunisie, ils doivent faire l\u2019effort de sortir d\u2019une certaine hypocrisie l\u00e9gendaire qui fait que nous Tunisiens nous sommes tout blancs et nets par rapport \u00e0 notre relation avec les Juifs.<\/span><\/p>\n<p><span lang=\"FR\">Les gens de ma g\u00e9n\u00e9ration, fin de la quarantaine d\u00e9but cinquantaine, nous sommes d\u00e9chir\u00e9s entre une enfance heureuse avec nos amis, nos voisins, nos fr\u00e8res juifs tunisiens, avec qui on a partag\u00e9 la lumi\u00e8re de l\u2019enfance heureuse dans l\u2019harmonie et l\u2019entraide fraternelle et l\u2019air du temps impr\u00e9gn\u00e9 d\u2019un certain antis\u00e9mitisme, larv\u00e9, poliss\u00e9, un peu partout dans le monde. \u00c0 l\u2019enfance, nous nous sommes b\u00e2ti un paysage sensoriel commun\u00a0; qui peut oublier ces exhalaisons de la terre, ass\u00e9ch\u00e9e, assoiff\u00e9e par le soleil de l\u2019\u00e9t\u00e9, lors des premi\u00e8res pluies d\u2019automne, ces arcs-en-ciel qui comme une tra\u00een\u00e9e de guirlandes \u00a0d\u00e9corent le ciel lumineux de fin de pluie de printemps, \u2026 la brise de la mer, l\u2019odeur du jasmin et les hirondelles qui voltigent dans le ciel, ceci est la Tunisie de notre enfance. \u00a0Juifs, Musulmans et quelques Chr\u00e9tiens \u00e9tions heureux de partager nos f\u00eates, le Shabbat, la ma\u00efmouna,\u2026 l\u2019aid essghir, l\u2019aid elkbir, no\u00ebl, nouvel an, achoura, Roch Achana,\u2026\u00a0 nos circoncisions, nos mariages, nos enterrements\u2026 Mes amis s\u2019appelaient, Sami, David, Fekri, Marc, Kammouna, Ali, St\u00e9phane, Jo\u00eblle\u2026 oui ce sont mes fr\u00e8res et s\u0153urs\u00a0; ils sont plus proches de moi que tout autre \u00c9gyptien, Palestinien, ou n\u2019importe quel autre Arabe ou Musulman. Je le dis sans aucune animosit\u00e9 ni pour les Arabes, ni pour les Musulmans mais avec l\u2019authenticit\u00e9 du c\u0153ur et de la raison ce qui me lie \u00e0 mes fr\u00e8res juifs tunisiens en particulier et aux Juifs nord-africains en g\u00e9n\u00e9ral c\u2019est que quand je les regarde je me reconnais en eux, dans leur sourire, dans leurs larmes, dans leurs attitudes, dans leurs joies et dans leurs tristesses\u2026 Ce qui me lie \u00e0 eux, au- del\u00e0 du sang, beaucoup plus, la tunisianit\u00e9, ce ciment qui a li\u00e9 hier nos parents et nos grands-parents et continue, je l\u2019esp\u00e8re pour longtemps, \u00e0 nous lier \u00e0 nos fr\u00e8res juifs s\u00e9pharades en g\u00e9n\u00e9ral et Juifs tunisiens en particulier.<\/span><\/p>\n<p><span lang=\"FR\">La Tunisie a eu la chance d\u2019avoir toujours eu des dirigeants qui l\u2019ont prot\u00e9g\u00e9e \u00e0 diff\u00e9rents degr\u00e9s des affres de l\u2019antis\u00e9mitisme\u00a0: le Bey qui \u00a0avait affirm\u00e9 qu\u2019il n\u2019avait pas des sujets juifs et des sujets musulmans quand on lui a demand\u00e9 de mettre \u00e0 l\u2019index les juifs\u2026 Bourguiba \u00e0 sa mani\u00e8re\u2026 sans oublier- et ce sont des faits historiques-que c\u2019est bien dans les ann\u00e9es soixante et soixante-dix que la Tunisie a perdu l\u2019essentiel de sa belle communaut\u00e9 juive (avec l\u2019aide des agences d\u2019immigration isra\u00e9liennes, il faut le dire). Celui qui a donn\u00e9 \u00e0 la tunisianit\u00e9 son sens le plus profond et \u00e0 la d\u00e9mocratie son sens supra communautaire au -dessus de tout clivage, religieux, ethnique et de genre reste et \u00a0il faut le dire, c\u2019est le pr\u00e9sident actuel de la Tunisie; c\u2019est avec Ben Ali que la r\u00e9conciliation proactive des diff\u00e9rentes strates de Tunisiens a vu le jour, \u00a0faisant fi des clivages sociaux, \u00e9conomiques, religieux, ethnique, de genre \u2026\u00a0 Il s\u2019est occup\u00e9 des personnes \u00e2g\u00e9es, des enfants, des handicap\u00e9s, de la femme,\u2026 et il a institutionnalis\u00e9 la solidarit\u00e9 tuniso-tunisienne et r\u00e9concili\u00e9 les Tunisiens entre eux y compris nos fr\u00e8res juifs qui ont senti cet \u00e9lan d\u2019ouverture sereine et respectueuse qui a fait qu\u2019aujourd\u2019hui, ils reviennent dans leur pays d\u2019origine, souvent en visite et parfois pour se r\u00e9installer\u00a0; \u00e7a reste assez timide mais encourageant.<\/span><\/p>\n<p><span lang=\"FR\">Une hirondelle ne fait pas le printemps\u00a0; l\u2019\u00e9lan de la Tunisie ne peut prendre forme dans toute sa splendeur sans la convergence de plusieurs acteurs nationaux et internationaux et sans que nos propres fr\u00e8res juifs de Tunisie ne prennent leur responsabilit\u00e9, saisissent l\u2019opportunit\u00e9 et pr\u00e9servent ce patrimoine commun qu\u2019est \u00a0la tunisianit\u00e9\u00a0 et que nos anc\u00eatres ont b\u00e2ti pendant des mill\u00e9naires dans cette Ifriqiya qui a donn\u00e9 son nom \u00e0 tout un continent; les Juifs tunisiens sont aussi responsables que les Tunisiens rest\u00e9s au pays et complices de ceux qui veulent les emp\u00eacher de revendiquer leur authenticit\u00e9.<\/span><\/p>\n<p><span lang=\"FR\">Concernant\u00a0 nos journalistes offusqu\u00e9s par les propos de monsieur Ftouh, tout en \u00e9tant aux antipodes de ses all\u00e9gations d\u2019antis\u00e9mitisme tunisien, je dois dire que la m\u00e9diocrit\u00e9, d\u2019une bonne partie, de l\u2019espace journalistique tunisien, \u00e9crit et audio-visuel compris, conjugu\u00e9 \u00e0 la prolif\u00e9ration des m\u00e9dias satellitaires et num\u00e9riques arabes et \u00e0 l\u2019an\u00e9mie id\u00e9ologique font que l\u2019espace id\u00e9ologique ouvert par le processus d\u00e9mocratique \u00e9mergeant les vingt derni\u00e8res ann\u00e9es profite aux id\u00e9ologies parasites de tout horizon et essentiellement arabes et islamistes de mauvaises qualit\u00e9s et d\u2019\u00e9thique tr\u00e8s discutable. La soci\u00e9t\u00e9 tunisienne est, malheureusement, en train de s\u2019orientaliser\u00a0; la francophonie d\u2019hier se transforme insidieusement en arabophonie exclusive, la mode vestimentaire s\u2019orientalise, les leaders d\u2019opinions deviennent Amrou Khaled, Qotb et Tarak Ramadhan\u00a0; c\u2019est \u00e7a le plus grand danger qui guette la Tunisie. Ces m\u00e9dias v\u00e9hiculent un discours antis\u00e9mite poliss\u00e9 et primaire\u00a0; ce discours finit par impr\u00e9gner tous les espaces de vie tunisiens, d\u2019une fa\u00e7on larv\u00e9e, insidieuse et non d\u00e9clar\u00e9e\u00a0; ainsi des allocutions, devenues courantes sans que personne ne s\u2019en offusque, telles que \u00ab\u00a03zaa fi el yehoudi\u00a0\u00bb, quand on tr\u00e9buche ou \u00ab\u00a0Yehoudi, hachaak\u00a0\u00bb quand on \u00e9voque le \u00ab\u00a0Juif\u00a0\u00bb; les th\u00e9ories de la conspiration trouvent un terreau propice \u00e0 son d\u00e9veloppement, o\u00f9 tous les maux sont l\u2019\u0153uvre du \u00ab\u00a0Juif\u00a0\u00bb. Certains pays arabes, certains pays musulmans ont besoin de ce \u00ab\u00a0Juif\u00a0\u00bb qui devient leur seul consensus, sur lequel ils cristallisent leurs \u00e9checs et leurs d\u00e9cadences.<\/span><\/p>\n<p><span lang=\"FR\">La Tunisie des vingt derni\u00e8res ann\u00e9es est un pays qui r\u00e9ussit, qui performe et en aucun cas il n\u2019a besoin de cet ex\u00e9cutoire de bas \u00e9tage\u00a0; \u00e7a n\u2019emp\u00eache que des cha\u00eenes num\u00e9riques et satellitaires d\u00e9versent leurs haines dans l\u2019espace socioculturel tunisien qui finit par s\u2019en impr\u00e9gner. AL Jazira, Al Manar, Iqraa,\u2026 toutes des cha\u00eenes satellitaires dont l\u2019\u00e9thique est fortement d\u00e9cri\u00e9e. Contrecarrer cette d\u00e9ferlante m\u00e9diatique sur l\u2019Afrique du nord ne rel\u00e8ve pas que des gouvernements r\u00e9gionaux, c\u2019est une responsabilit\u00e9 m\u00e9diterran\u00e9enne et am\u00e9ricaine\u00a0; comme hier le monde s\u2019est organis\u00e9 pour lutter contre le nazisme, aujourd\u2019hui il doit le faire contre le communautarisme, contre l\u2019intol\u00e9rance, contre le sexisme, tous les extr\u00e9mismes religieux, juif, musulman ou chr\u00e9tien qui font tous le terreau du terrorisme intellectuel, de l\u2019exclusion et entre autre de l\u2019antis\u00e9mitisme m\u00eame poliss\u00e9. Quand la Tunisie a cri\u00e9 haut et fort sa pr\u00e9occupation \u00e0 l\u2019\u00e9gard de ce fl\u00e9au, nos amis et partenaires ont fait la sourde oreille, nos d\u00e9tracteurs ont cri\u00e9 \u00e0 l\u2019obstruction \u00e0 la libert\u00e9 de la presse.\u00a0 <\/span><\/p>\n<p><span lang=\"FR\">L\u2019administration isra\u00e9lienne s\u2019est arrog\u00e9 le droit de repr\u00e9senter les int\u00e9r\u00eats de tout Juif, ind\u00e9pendamment de son origine et\u00a0 avec l\u2019accord tacite de ceux-ci. Les exactions, l\u2019arrogance et le m\u00e9pris du droit international\u00a0 des gouvernements isra\u00e9liens impr\u00e8gnent la perception des juifs et s\u00e8ment la confusion et font les choux gras des mass-m\u00e9dias sus cit\u00e9s. <\/span><\/p>\n<p><span lang=\"FR\">Les Palestiniens et les Isra\u00e9liens se sont mis d\u2019accord \u00e0 ne jamais \u00eatre d\u2019accord, quand l\u2019un est pour la paix l\u2019autre d\u00e9cline l\u2019invitation et vis vers sa. En ce qui nous concerne, nous les Tunisiens, toujours et \u00e0 chaque \u00e9poque avec des modalit\u00e9s diff\u00e9rentes, nous avons appuy\u00e9 la paix et la r\u00e9conciliation r\u00e9gionale. D\u2019une \u00e9poque \u00e0 l\u2019autre, l\u2019arrogance et le m\u00e9pris changent de camp, Il fut un temps o\u00f9 nos amis palestiniens ont pr\u00e9f\u00e9r\u00e9 l\u2019arrogance du nationalisme arabe de Nasser au pragmatisme de Bourguiba, aujourd\u2019hui l\u2019arrogance aveugle de Netanyahou et la bellig\u00e9rance de l\u2019extr\u00eames droite isra\u00e9lienne font obstruction \u00e0 une paix juste\u00a0; que d\u2019occasions perdues pour les deux peuples et pour la r\u00e9gion. Pourquoi nos fr\u00e8res Juifs tunisiens, nord africains, s\u00e9pharades devraient-ils\u00a0 p\u00e2tir de cette situation\u00a0? Pourquoi devraient-ils renier une partie d\u2019eux -m\u00eames pour satisfaire l\u2019une des deux composantes de leurs identit\u00e9s\u00a0? Oui on peut \u00eatre juif tunisien et isra\u00e9lophile comme on peut \u00eatre musulman tunisien et palestinophile.<\/span><\/p>\n<p><span lang=\"FR\">Non la Tunisie et les Tunisiens ne sont pas antis\u00e9mites et ne peuvent pas l\u2019\u00eatre, parce que ils sont s\u00e9mites en premier lieu et puis la d\u00e9sapprobation de la maltraitance, du non respect du droit international, m\u00eame aux d\u00e9pens de l\u2019\u00e9tat d\u2019Isra\u00ebl n\u2019est pas de l\u2019antis\u00e9mitisme\u00a0; il faut que tous les amis d\u2019Isra\u00ebl, les \u00e9tats Unis d\u2019Am\u00e9rique, l\u2019Europe, l\u2019AIPAC, J Street, \u2026 convainquent les isra\u00e9liens qu\u2019il n\u2019y aura pas de victoire finale et qu\u2019il n\u2019y aura de paix qu\u2019une paix juste et concert\u00e9e avec les Palestiniens.<\/span><\/p>\n<p><span lang=\"FR\">\u00a0Les Juifs tunisiens sont une partie de nous- m\u00eames, leur nombre a diminu\u00e9 drastiquement\u00a0; si cette h\u00e9morragie continue, dans moins de deux g\u00e9n\u00e9rations, il n\u2019y\u00a0\u00a0 aura plus de Juifs tunisiens en Tunisie. Quel g\u00e2chis, quelle perte pour tous les Tunisiens\u00a0; la tunisianit\u00e9 sera tronqu\u00e9e de son \u00e2me et la Tunisie de \u00a0ses peuples fondateurs d\u2019une civilisation mill\u00e9naire. <\/span><\/p>\n<p><span lang=\"FR\">Les Juifs tunisiens sont une esp\u00e8ce en voie de disparition\u00a0; nous avons le devoir \u00a0de les aider \u00e0 prendre racine chez eux, dans leur terroir naturel. Ainsi la TUNISIE vivra toujours.<\/span><\/p>\n<p><span lang=\"FR\"><strong><font>Mansour Feki<\/font><\/strong><\/span><\/p>\n<p><span lang=\"FR\">Universitaire, Canada.<\/span><font face=\"Arial\" size=\"2\"><strong><\/strong><\/font><\/p>\n<p><strong><\/p>\n<div>\n<hr\/>\n<\/div>\n<div align=\"center\"><b><span lang=\"FR\"><font>INTERVIEW<\/font><\/span><\/b><\/div>\n<div align=\"center\"><font><b><i><span lang=\"FR\">Le Professeur Mahmoud Ben Romdhane<\/span><\/i><\/b><\/font><\/div>\n<div align=\"center\"><font><b><i><span lang=\"FR\">parle des relations UGTT, Pouvoir et D\u00e9mocratie :<\/p>\n<hr\/>\n<p><\/span><\/i><\/b><\/font><\/div>\n<p align=\"center\" dir=\"ltr\"><b><span lang=\"FR\">Rien ne justifie que l\u2019UGTT demeure insensible aux exigences d\u00e9mocratiques qui traversent toute la soci\u00e9t\u00e9 tunisienne<\/span><\/b><\/p>\n<p align=\"left\" dir=\"ltr\"><span lang=\"FR\">Propos recueillis par <b><span>Adel THABTI\u00a0\u00a0\u00a0\u00a0\u00a0\u00a0\u00a0\u00a0\u00a0\u00a0\u00a0\u00a0\u00a0\u00a0\u00a0\u00a0\u00a0\u00a0\u00a0\u00a0\u00a0\u00a0\u00a0\u00a0\u00a0\u00a0\u00a0\u00a0\u00a0\u00a0\u00a0\u00a0\u00a0\u00a0\u00a0\u00a0\u00a0\u00a0\u00a0\u00a0\u00a0\u00a0\u00a0\u00a0\u00a0\u00a0\u00a0\u00a0\u00a0\u00a0\u00a0\u00a0\u00a0\u00a0\u00a0\u00a0\u00a0\u00a0\u00a0\u00a0\u00a0\u00a0\u00a0\u00a0\u00a0\u00a0\u00a0\u00a0\u00a0\u00a0\u00a0\u00a0\u00a0\u00a0\u00a0\u00a0\u00a0\u00a0\u00a0\u00a0\u00a0\u00a0\u00a0\u00a0\u00a0\u00a0\u00a0\u00a0\u00a0\u00a0\u00a0\u00a0\u00a0\u00a0\u00a0\u00a0\u00a0\u00a0\u00a0\u00a0\u00a0\u00a0\u00a0\u00a0\u00a0\u00a0\u00a0\u00a0\u00a0\u00a0\u00a0\u00a0\u00a0\u00a0\u00a0\u00a0\u00a0\u00a0\u00a0\u00a0\u00a0\u00a0\u00a0\u00a0\u00a0\u00a0\u00a0\u00a0\u00a0\u00a0\u00a0\u00a0\u00a0\u00a0\u00a0\u00a0\u00a0\u00a0\u00a0\u00a0\u00a0\u00a0\u00a0<\/span><\/b><\/span><\/p>\n<p dir=\"ltr\"><b><i><span lang=\"FR\">Le Professeur Mahmoud Ben Romdhane n\u2019est pas seulement un universitaire de renom sp\u00e9cialiste d\u2019\u00e9conomie, il est aussi membre de la direction politique du Mouvement Attajdid, ancien pr\u00e9sident\u00a0 d\u2019Amnesty International, et surtout il est connu pour sa profonde r\u00e9flexion sur les probl\u00e8mes du monde du travail et sur les probl\u00e8mes du d\u00e9veloppement r\u00e9gional en Tunisie.<\/span><\/i><\/b><\/p>\n<p dir=\"ltr\"><b><i><span lang=\"FR\">A la suite de sa contribution pertinente au colloque organis\u00e9 par DIRASET MAGHARIBIA sur les questions des compromis dans les soci\u00e9t\u00e9s islamiques, concernant le compromis n\u00e9o \u2013 corporatiste en Tunisie,\u00a0 plusieurs questions se sont pos\u00e9es. Mouatinoun a saisi l\u2019occasion pour les poser au Prof. Ben Romdhane qui nous a accueillis chaleureusement au local de son Mouvement (Attajdid) et nous a accord\u00e9 l\u2019interview suivante :<\/span><\/i><span lang=\"FR\"><\/span><\/b><\/p>\n<p dir=\"ltr\"><b><i><span lang=\"FR\"><font>* Dans votre communication au colloque organis\u00e9 par DIRASET MAGHARIBIA au mois de mars dernier vous parlez de compromis entre UGTT et pouvoir, alors que d\u2019autres parlent plut\u00f4t d\u2019h\u00e9g\u00e9monie et de soumission, pourriez vous mieux expliquer \u00e0 nos lecteurs?<\/font><\/span><\/i><\/b><\/p>\n<p dir=\"ltr\"><span lang=\"FR\">M.B.R : <b>C<\/b>&lsquo;est un compromis lorsque les deux parties se font des concessions r\u00e9ciproques, et tirent un avantage mutuel de la relation et du compromis. Ce n&rsquo;est pas une h\u00e9g\u00e9monie, parce que l&rsquo;UGTT et le salariat stabilis\u00e9 en tirent des avantages r\u00e9els : le premier d&rsquo;entre eux, c&rsquo;est celui de b\u00e9n\u00e9ficier, de diverses mani\u00e8res, d&rsquo;une structure organisationnelle stable gr\u00e2ce au concours de l&rsquo;Etat.\u00a0 C&rsquo;est celui-ci qui, dans le secteur public, pr\u00e9l\u00e8ve \u00e0 la source des cotisations syndicales pour les reverser \u00e0 l&rsquo;UGTT. Ces cotisations repr\u00e9sentent plus de la moiti\u00e9 du budget de la Centrale. C\u2019est l\u2019Etat qui donne instruction \u00e0 la CNSS pour verser des subventions \u00e0 la m\u00eame Centrale d\u2019un montant \u00e9quivalent au quart de l\u2019ensemble de ses ressources\u00a0; c\u2019est \u00e9galement l\u2019Etat qui donne instruction aux entreprises et aux institutions publiques pour financer des activit\u00e9s syndicales.\u00a0 Ces ressources d\u00e9pendant du bon vouloir de l\u2019Etat repr\u00e9sentent les trois quarts du budget de la Centrale.<\/span><\/p>\n<p dir=\"ltr\"><span lang=\"FR\">C&rsquo;est \u00e9galement l&rsquo;Etat qui met \u00e0 la disposition de l&rsquo;UGTT son corps de permanents travaillant au niveau central et au niveau r\u00e9gional.<\/span><\/p>\n<p dir=\"ltr\"><span lang=\"FR\">C&rsquo;est l&rsquo;Etat aussi qui garantit \u00e0 la Centrale unique le monopole de la repr\u00e9sentation des salari\u00e9s, la prot\u00e8ge de toute concurrence\u00a0 en interdisant la cr\u00e9ation d&rsquo;organisations syndicales concurrentes et qui sanctionne m\u00eame ceux les individus ou les groupes qui critiquent fortement la direction en place.<\/span><\/p>\n<p dir=\"ltr\"><span lang=\"FR\">Enfin, et la chose est de grande importance, l&rsquo;Etat en tant qu\u2019employeur consent, dans le cadre des n\u00e9gociations triennales depuis 1990, des augmentations salariales non n\u00e9gligeables permettant au salariat stable que repr\u00e9sente l&rsquo;UGTT de b\u00e9n\u00e9ficier des fruits de la croissance. Et il use de son influence pour amener le patronat \u00e0 faire des concessions salariales.<\/span><\/p>\n<p dir=\"ltr\">\u00a0<\/p>\n<p dir=\"ltr\"><span lang=\"FR\">Ce sont l\u00e0 des concessions r\u00e9elles que l&rsquo;Etat accorde au profit du salariat stabilis\u00e9 et de l&rsquo;UGTT d&rsquo;une mani\u00e8re particuli\u00e8re. Il y a, bien s\u00fbr, d\u2019autres avantages mat\u00e9riels et non mat\u00e9riels qui sont octroy\u00e9s \u00e0 la direction et aux cadres interm\u00e9diaires de l&rsquo;UGTT. <\/span><\/p>\n<p dir=\"ltr\">\u00a0<\/p>\n<p dir=\"ltr\"><span lang=\"FR\">En contre partie, l&rsquo;Etat b\u00e9n\u00e9ficie, lui aussi, de concessions importantes. La premi\u00e8re et la plus importante d\u2019entre elles consiste \u00e0 extraire l\u2019UGTT des pr\u00e9occupations et des luttes de la soci\u00e9t\u00e9 civile et politique en mati\u00e8re de revendication des libert\u00e9s, en mati\u00e8re de lutte contre la corruption, le n\u00e9potisme, les passes- droit, bref l\u2019Etat de non droit. Le contrat est que l\u2019UGTT contienne les conflits sociaux dans certaines limites et qu\u2019elle d\u00e9clare all\u00e9geance et soutien politique au pouvoir en place.<\/span><\/p>\n<p dir=\"ltr\"><span lang=\"FR\">En bref,\u00a0 l\u2019ordre n\u00e9o corporatiste en vigueur organise les individus sur la base de leurs int\u00e9r\u00eats mat\u00e9riels cat\u00e9goriels\u00a0et non sur la base de leur citoyennet\u00e9. Il est le syst\u00e8me de repr\u00e9sentation qui permet de contenir les conflits et de pr\u00e9venir leur expression politique. C\u2019est le substitut par excellence \u00e0 la d\u00e9mocratie.<\/span><\/p>\n<p dir=\"ltr\"><b><i><span lang=\"FR\"><font>Certains chercheurs ont d\u00e9duit que la main mise du pouvoir sur la centrale syndicale remonte \u00e0 l\u2019alignement de l\u2019UGTT au clan de BOURGUIBA au sein du NEO DESTOUR lors du congr\u00e8s de ce parti r\u00e9uni \u00e0 Sfax le 15\/11\/1955, d\u2019autres rapportent la faiblesse de l\u2019UGTT envers le pouvoir politique \u00e0 l\u2019absence du leader FARHAT HACHED. Qu\u2019en pensez-vous ?<\/font><\/span><\/i><\/b><\/p>\n<p dir=\"ltr\"><span lang=\"FR\">M.B.R : Vous parlez de l\u2019histoire<b><i>, <\/i><\/b>c\u2019est vrai, moi je parle de la situation d\u2019aujourd\u2019hui. Si on remonte au congr\u00e8s de Sfax, l\u2019UGTT n\u2019\u00e9tait pas inf\u00e9od\u00e9e au N\u00e9o-Destour. En 1956 le rapport \u00e9conomique et social qui a \u00e9t\u00e9 adopt\u00e9 constructif au congr\u00e8s de l\u2019UGTT \u00e9tait critique vis-\u00e0-vis du parti\u00a0;\u00a0 je crois plut\u00f4t qu\u2019il a jou\u00e9 un r\u00f4le pr\u00e9curseur<span><\/span>lors du combat entre pouvoir et syndicat.<\/span><\/p>\n<p dir=\"ltr\"><span lang=\"FR\">Il est vrai qu\u2019au lendemain de l\u2019Ind\u00e9pendance, il y a eu le Front National et que les organisations dites nationales ont \u00e9t\u00e9 coopt\u00e9es. Le r\u00e9gime tunisien a toujours exerc\u00e9 une mainmise politique sur l\u2019UGTT. Mais il lui a fallu, pour cela, proc\u00e9der \u00e0 des concessions, voire des compromis. Ils furent\u00a0 parfois difficiles. <\/span><\/p>\n<p dir=\"ltr\"><span lang=\"FR\">En 1981, la d\u00e9cision d\u2019\u00e9tablir des listes UGTT au sein du Front National a \u00e9t\u00e9 obtenue \u00e0 une majorit\u00e9 tr\u00e8s serr\u00e9e. En 2004, le soutien de l\u2019UGTT \u00e0 Ben Ali a \u00e9t\u00e9 l\u2019objet d\u2019une r\u00e9elle r\u00e9serve\u00a0: environ 20% des membres de la Commission administrative, repr\u00e9sentant des secteurs et des r\u00e9gions qui ne sont pas loin de repr\u00e9senter la majorit\u00e9 des syndicalistes, ont exprim\u00e9 leur opposition ou leur abstention.<\/span><\/p>\n<p dir=\"ltr\"><span lang=\"FR\">L\u2019h\u00e9g\u00e9monie politique exerc\u00e9e sur l\u2019UGTT est une constante, ce qui change c\u2019est la capacit\u00e9 de l\u2019UGTT de la restreindre et d\u2019imposer un partage \u00e9quitable des revenus. Durant la p\u00e9riode qui va du milieu des ann\u00e9es 1970 au milieu des ann\u00e9es 1980, l\u2019UGTT a \u00e9t\u00e9 la colonne vert\u00e9brale de la soci\u00e9t\u00e9 civile, des revendications d\u00e9mocratiques et de la lutte pour un partage \u00e9quitable des fruits de la croissance. Elle n\u2019a pas, pour autant, rompu le fil ombilical avec le pouvoir politique. <\/span><\/p>\n<p dir=\"ltr\"><span lang=\"FR\">Dans mon intervention, en traitant de cette p\u00e9riode, je parle de compromis inachev\u00e9 par opposition \u00e0 celui qui pr\u00e9vaut depuis 1990 et que je consid\u00e8re comme proche de l\u2019\u00a0\u00ab\u00a0id\u00e9al-type\u00a0\u00bb.<\/span><\/p>\n<p dir=\"ltr\">\u00a0<\/p>\n<p dir=\"ltr\"><b><i><span lang=\"FR\"><font>* A la lumi\u00e8re des compromis tiss\u00e9s depuis le congr\u00e8s de SOUSSE 1989. De quoi peut-on parler aujourd\u2019hui : le n\u00e9o corporatisme a-t-il d\u00e9bouch\u00e9 sur une oligarchie syndicale ou une bureaucratie syndicale ?<\/font><\/span><\/i><\/b><\/p>\n<p dir=\"ltr\"><b><span lang=\"FR\">M.B.R :<\/span><\/b><span lang=\"FR\">Le congr\u00e8s de 1989 a permis la sortie de la crise de l\u2019UGTT, d\u2019avoir un syndicat qui a repris son r\u00f4le. Au sens de la soci\u00e9t\u00e9, le congr\u00e8s a clos la p\u00e9riode de crise entre pouvoir et UGTT\u00a0; il a donn\u00e9 lieu \u00e0 une direction, certes repr\u00e9sentative des salari\u00e9s, mais aussi tr\u00e8s proche du nouveau pouvoir.<\/span><\/p>\n<p dir=\"ltr\"><span lang=\"FR\">A partir de 1989 on va assister \u00e0 la mise en place d\u2019un mod\u00e8le corporatiste achev\u00e9 fonctionnant sur le mode que j\u2019ai\u00a0 d\u00e9crit dans la r\u00e9ponse pr\u00e9c\u00e9dente. Bien \u00e9videmment il y a dans certains secteurs, dans certaines r\u00e9gions, au niveau de la base, des critiques du syst\u00e8me de pouvoirs, mais la direction de l\u2019UGTT est parvenue, sauf exception, \u00e0 les maitriser, \u00e0 les contr\u00f4ler, l\u2019exception qui est de taille est celle du bassin minier qui a compl\u00e8tement \u00e9chapp\u00e9 \u00e0 la direction de\u00a0 l\u2019UGTT au cours d\u2019une longue p\u00e9riode.<\/span><\/p>\n<p dir=\"ltr\"><span lang=\"FR\">Le maintien et la persistance de l\u2019ordre n\u00e9o corporatiste renforcent les positions bureaucratiques au sommet et les transmettent m\u00eame \u00e0 la structure interm\u00e9diaire. Telle est la situation. aujourd\u2019hui. En cas de d\u00e9compression autoritaire dans le pays, je suis persuad\u00e9 que les bases syndicales reprendront l\u2019initiative et seront aux avant postes du combat d\u00e9mocratique, elles feront sauter les verrous bureaucratiques \u00e0 tous les niveaux. <\/span><\/p>\n<p dir=\"ltr\">\u00a0<\/p>\n<p dir=\"ltr\"><b><i><span lang=\"FR\"><font>* Quelle part de responsabilit\u00e9 assume l\u2019\u00e9lite en Tunisie envers l\u2019h\u00e9g\u00e9monie exerc\u00e9e par l&rsquo;Etat sur le syndicat ? Lors d\u2019une conf\u00e9rence de presse organis\u00e9e par la FGESRS, Mr. SHIMI, membre du BE de l\u2019UGTT, a dit que \u00ab la situation de l\u2019UGTT est la situation du pays, n\u2019attendez pas le miracle \u00bb ?<\/font><\/span><\/i><\/b><\/p>\n<p dir=\"ltr\"><b><span lang=\"FR\">M.B.R <\/span><\/b><span lang=\"FR\">: Y a-t-il aujourd\u2019hui une expression des \u00e9lites ? Pour ma part je crois qu\u2019une lutte sans merci, syst\u00e9matique a \u00e9t\u00e9 exerc\u00e9e depuis deux d\u00e9cennies pour, tout \u00e0 la fois,\u00a0 mettre au silence les \u00e9lites tunisiennes et les coopter. L\u2019Universit\u00e9 n\u2019est plus un lieu d\u2019expression et de rayonnement\u00a0: les universitaires et les chercheurs ont \u00e9t\u00e9 marginalis\u00e9s et les espaces publics leur ont \u00e9t\u00e9 ferm\u00e9s.<\/span><\/p>\n<p dir=\"ltr\"><span lang=\"FR\">Ceci ne doit pas donner pr\u00e9texte aux institutions repr\u00e9sentatives de la soci\u00e9t\u00e9 civile pour accepter de se soumettre \u00e0 l\u2019ordre \u00e9tabli. Les organisations nationales ont, certes, vocation \u00e0 repr\u00e9senter les int\u00e9r\u00eats mat\u00e9riels de leurs membres, mais elles ont aussi le devoir de d\u00e9fendre les int\u00e9r\u00eats de la Nation, et puisqu\u2019il s\u2019agit de l\u2019UGTT rien ne justifie qu\u2019elle demeure insensible aux exigences d\u00e9mocratiques qui traversent toute la soci\u00e9t\u00e9 tunisienne ; y compris, et en particulier celles de ses propre adh\u00e9rents. L\u2019acceptation d\u2019un r\u00f4le strictement limit\u00e9 aux questions salariales et l\u2019ignorance des questions d\u00e9mocratiques sont pr\u00e9judiciables \u00e0 l\u2019avenir de notre pays, y compris \u00e0 l\u2019avenir des salari\u00e9s qui repr\u00e9sentent la composante majoritaire de la population tunisienne. <\/span><\/p>\n<p dir=\"ltr\">\u00a0<\/p>\n<p dir=\"ltr\"><b><i><span lang=\"FR\"><font>* Revenons au probl\u00e8me de la pluralit\u00e9 syndicale, vous avez parl\u00e9 d\u2019un compromis entre pouvoir et UGTT : la paix sociale contre la garantie du monopole de la repr\u00e9sentation syndicale, mais peut-on parler d\u2019un pluralisme syndical en l\u2019absence d\u2019un r\u00e9gime d\u00e9mocratique ?<\/font><\/span><\/i><\/b><\/p>\n<p dir=\"ltr\"><b><span lang=\"FR\">M.B.R <\/span><\/b><span lang=\"FR\">: Le pluralisme syndical a \u00e9t\u00e9 utilis\u00e9 par le pouvoir dans l\u2019histoire de la Tunisie pour contrer les directions\u00a0 devenues critiques voire frondeuses. Mais lorsque des initiatives sont prises, et \u00e9manent de vrais syndicalistes ind\u00e9pendants du pouvoir, alors le pouvoir les emp\u00eache de se cr\u00e9er, c\u2019est le cas aujourd\u2019hui. Mais vous avez raison de dire que dans les r\u00e9gimes autoritaires il est difficile d\u2019avoir un r\u00e9el pluralisme syndical parce que le pouvoir craint que ce pluralisme donne lieu \u00e0 une r\u00e9elle comp\u00e9tition, \u00e0 un d\u00e9bordement de l\u2019activit\u00e9 syndicale, et \u00e0 la revendication d\u2019un r\u00e9el pluralisme politique.<\/span><\/p>\n<p dir=\"ltr\">\u00a0<\/p>\n<p dir=\"ltr\"><b><i><span lang=\"FR\"><font>* Si c\u2019est le cas pourquoi ces vrais syndicalistes persistent ils dans des essais vains de cr\u00e9er un nouveau syndicat au lieu de mener la r\u00e9forme de l\u2019int\u00e9rieur de l\u2019organisation historique des ouvriers tunisiens ?<\/font> <\/span><\/i><\/b><\/p>\n<p dir=\"ltr\"><b><span lang=\"FR\">M.B.R <\/span><\/b><span lang=\"FR\">: Mais peut \u00eatre aussi, sont-ils sont arriv\u00e9s \u00e0 la conclusion que la r\u00e9forme int\u00e9rieure est impossible. C\u2019est leur droit, c\u2019est l\u00e9gitime. Le droit international fait de la libert\u00e9 de cr\u00e9er des organisations et des structures syndicales une libert\u00e9 fondamentale, et le droit tunisien reconnait cette libert\u00e9. Le pouvoir politique ne devrait pas s\u2019ing\u00e9rer dans\u00a0 les affaires syndicales. Ceci nous fait revenir \u00e0 un \u00e9l\u00e9ment-cl\u00e9 du fameux compromis n\u00e9o-corporatiste\u00a0: la garantie du monopole de la repr\u00e9sentation que l\u2019Etat accorde au syndicat.<\/span><\/p>\n<p dir=\"ltr\">\u00a0<\/p>\n<p dir=\"ltr\"><strong><span lang=\"FR\">(Source: \u00ab\u00a0Mouatinoun\u00a0\u00bb organe du FDTL\u00a0nr 131\u00a0avril 2010)<\/span><\/strong><\/p>\n<p dir=\"ltr\">\n<div><strong><\/p>\n<hr\/>\n<p><\/strong><\/div>\n<div align=\"center\"><font face=\"Arial\" size=\"2\"><strong><\/p>\n<h3 style=\"color: blue;\"><font size=\"3\">Une majorit\u00e9 d&rsquo;Europ\u00e9ens contre le port du voile islamique \u00e0 l&rsquo;\u00e9cole (\u00e9tude)<\/font><\/h3>\n<p><\/strong><\/font><\/div>\n<div>\n<hr\/>\n<\/div>\n<p><\/strong><\/p>\n<div align=\"center\">\u00a0<\/div>\n<div align=\"justify\">AFP, le 28 avril 2010 \u00e0 13h07 \u00a0\u00a0\u00a0\u00a0 \u00a0\u00a0\u00a0 MADRID, 28 avr 2010 (AFP) &#8211; Une courte majorit\u00e9 d&rsquo;Europ\u00e9ens est oppos\u00e9e au port du voile islamique dans les \u00e9coles mais favorable \u00e0 la pr\u00e9sence de crucifix dans les salles de classe, selon une \u00e9tude espagnole dont l&rsquo;AFP a obtenu copie mercredi. \u00a0\u00a0\u00a0 Au total, 52,6% d&rsquo;Europ\u00e9ns sont \u00ab\u00a0oppos\u00e9s ou totalement oppos\u00e9s\u00a0\u00bb au port du voile islamique \u00e0 l&rsquo;\u00e9cole, selon cette enqu\u00eate r\u00e9alis\u00e9e en novembre et d\u00e9cembre 2009 aupr\u00e8s de 1.500 personnes par pays, dans 12 pays de l&rsquo;Unioneurop\u00e9enne (UE), et en Suisse et en Turquie, par le service d&rsquo;\u00e9tudes de la banque BBVA. \u00a0\u00a0\u00a0 Cette moyenne de 52,6% ne prend pas en compte les r\u00e9ponses turques et suisses. \u00a0\u00a0\u00a0 Les r\u00e9sultats divergent de mani\u00e8re importante d&rsquo;un pays \u00e0 l&rsquo;autre. \u00a0\u00a0\u00a0 Les pays o\u00f9 l&rsquo;opposition est la plus forte sont la Bulgarie (84,3%), la France (68,7%) et l&rsquo;Allemagne (66,3%). \u00a0\u00a0\u00a0 En France, o\u00f9 le pr\u00e9sident Nicolas Sarkozy s&rsquo;est prononc\u00e9 pour un projet de loi d&rsquo;interdiction g\u00e9n\u00e9rale du voile int\u00e9gral, une loi interdit depuis 2004 le port ostensible de signes religieux \u00e0 l&rsquo;\u00e9cole, dont le voile islamique. \u00a0\u00a0\u00a0 En Espagne, o\u00f9 la r\u00e9cente exclusion des cours d&rsquo;un lyc\u00e9e d&rsquo;une jeune fille voil\u00e9e a suscit\u00e9 un vif d\u00e9bat, moins de la moiti\u00e9 des habitants (49,6%) sont oppos\u00e9s au port du voile, selon l&rsquo;\u00e9tude de BBVA. \u00a0\u00a0\u00a0 Les pays o\u00f9 l&rsquo;opposition est la moins prononc\u00e9e sont la Pologne  (25,6%) et le Danemark (28,1%). \u00a0\u00a0\u00a0 En moyenne, selon cette \u00e9tude, 44,2% d&rsquo;Europ\u00e9ens sont contre le port de la kippa juive \u00e0 l&rsquo;\u00e9cole, avec une opposition particuli\u00e8rement significative en Bulgarie (82,4%) et en France (64,1%), suivis par la Gr\u00e8ce (59,2%) et l&rsquo;Allemagne (58,6%). \u00a0\u00a0\u00a0 Les Europ\u00e9ens sont en revanche favorables \u00e0 54,4% \u00e0 la pr\u00e9sence de crucifix dans les salles de classe, selon cette \u00e9tude.  \u00a0\u00a0\u00a0 En Italie et en Espagne, deux pays \u00e0 forte tradition catholique, les sond\u00e9s y sont favorables \u00e0 69,9% et 49,3%. Ce chiffre grimpe \u00e0 77% au Royaume Uni et \u00e0 78,8% au Danemark. \u00a0\u00a0\u00a0  \u00a0<\/div>\n<div align=\"justify\">\n<hr\/>\n<\/div>\n<div align=\"center\"><strong><\/p>\n<h3 style=\"color: blue;\"><font size=\"3\">Voile int\u00e9gral: la loi fran\u00e7aise \u00ab\u00a0ne marchera pas\u00a0\u00bb, selon Tariq Ramadan<\/font><\/h3>\n<p><\/strong><\/div>\n<div align=\"center\">\n<hr\/>\n<\/div>\n<div align=\"justify\">AFP, le 28 avril 2010 \u00e0 01h37  \u00a0\u00a0\u00a0 WASHINGTON, (AFP) &#8211; La proposition de la France d&rsquo;interdire le voile int\u00e9gral n&rsquo;est pas une bonne fa\u00e7on d&rsquo;inciter les femmes musulmanes \u00e0 cesser de le porter, a affirm\u00e9 mardi \u00e0 Washington l&rsquo;islamologue controvers\u00e9 Tariq Ramadan. \u00a0\u00a0\u00a0 \u00ab\u00a0Les fran\u00e7ais r\u00e9pondent \u00e0 la burqa, au niqab en restreignant les libert\u00e9s, et je pense que cela ne marchera pas\u00a0\u00bb, a assur\u00e9 M. Ramadan, au cours d&rsquo;une de ses premi\u00e8res visites aux Etats-Unis depuis qu&rsquo;une interdiction de se rendre sur le sol am\u00e9ricain \u00e9manant de l&rsquo;administration de George W. Bush a \u00e9t\u00e9 lev\u00e9e \u00e0 son encontre. \u00a0\u00a0\u00a0 \u00ab\u00a0Nous devons \u00eatre tr\u00e8s prudents pour ne pas traduire toute question sensible en question l\u00e9gale\u00a0\u00bb, a dit le professeur d&rsquo;\u00e9tudes islamiques \u00e0 la prestigieuse universit\u00e9 d&rsquo;Oxford. \u00a0\u00a0\u00a0 \u00ab\u00a0N&rsquo;allez pas dans cette direction, parlez plus d&rsquo;\u00e9ducation, de psychologie, de changement de mentalit\u00e9s. Cela prend du temps, mais pour moi, nous pouvons faire le travail en tant que musulmans en affirmant que la burqa et le niqab ne sont pas des exigences islamiques\u00a0\u00bb, a-t-il dit. \u00a0\u00a0\u00a0 Le pr\u00e9sident fran\u00e7ais Nicolas Sarkozy s&rsquo;est prononc\u00e9 pour un projet de loi d&rsquo;interdiction g\u00e9n\u00e9rale du voile int\u00e9gral. Le Premier ministre Fran\u00e7ois Fillon a annonc\u00e9 mardi que le projet de loi du gouvernement serait examin\u00e9 \u00e0 l&rsquo;Assembl\u00e9e nationale en juillet, apr\u00e8s sa pr\u00e9sentation en Conseil des ministres le 19 mai. \u00a0<\/div>\n<div align=\"justify\">\n<hr\/>\n<\/div>\n<div align=\"center\"><strong><\/p>\n<h3 style=\"color: blue;\"><font size=\"3\">La Malaisie met en service des wagons r\u00e9serv\u00e9s aux femmes<\/font><\/h3>\n<p><\/strong><\/div>\n<div align=\"justify\">\n<hr\/>\n<p> AFP, le 28 avril 2010 \u00e0 09h52 \u00a0\u00a0 \u00a0\u00a0\u00a0 KUALA LUMPUR, 28 avr 2010 (AFP) &#8211; La Malaisie vient de mettre en service des wagons de train r\u00e9serv\u00e9s aux femmes, afin de les prot\u00e9ger du harc\u00e8lement sexuel et de permettre aux musulmanes de  voyager s\u00e9par\u00e9es des hommes, a indiqu\u00e9 mercredi un responsable. \u00a0\u00a0\u00a0 Ces wagons de couleur rose sont disponibles sur quinze trains et seront \u00e9tendus \u00e0 d&rsquo;autres trains, a indiqu\u00e9 Mohamad Hider Yusof, directeur g\u00e9n\u00e9ral de Malaysian Railway. \u00a0\u00a0\u00a0 \u00ab\u00a0Nous pouvons gr\u00e2ce \u00e0 cela am\u00e9liorer le confort et la s\u00e9curit\u00e9 des passag\u00e8res et en m\u00eame temps \u00e9viter le harc\u00e8lement sexuel\u00a0\u00bb, a-t-il indiqu\u00e9. \u00a0\u00a0\u00a0 \u00ab\u00a0Nous sommes une nation multiraciale et la majorit\u00e9 de la population est musulmane, l&rsquo;initiative donne donc aux femmes musulmanes la possibilit\u00e9 de voyager s\u00e9par\u00e9es des hommes\u00a0\u00bb, a-t-il ajout\u00e9. \u00a0\u00a0\u00a0 Les femmes ne sont cependant pas oblig\u00e9es de voyager dans ces wagons, ayant encore la possibilit\u00e9 de voyager dans les wagons mixtes, a-t-il pr\u00e9cis\u00e9. \u00a0\u00a0\u00a0 La Malaisie, pays multiculturel o\u00f9 vivent d&rsquo;importantes minorit\u00e9s chinoise et indienne, compte 28 millions d&rsquo;habitants dont 60% sont musulmans. \u00a0\u00a0\u00a0 Un Etat du nord du pays, dirig\u00e9 par un parti islamique conservateur, avait impos\u00e9 aux hommes et aux femmes de faire la queue s\u00e9par\u00e9ment dans les magasins mais la mesure n&rsquo;a jamais \u00e9t\u00e9 vraiment respect\u00e9e. \u00a0\u00a0\u00a0 L&rsquo;Etat avait \u00e9galement d\u00e9cid\u00e9 d&rsquo;infliger des amendes aux femmes trop maquill\u00e9es, portant des talons hauts ou trop court-v\u00eatues.  AFP <\/p><\/div>\n<p><\/strong><\/div>\n<p> \u00a0<\/p><\/div>\n<div>\u00a0<\/div>\n<p><\/font><\/div>\n<\/div>\n<p> \u00a0<\/p><\/div>\n<div>\n<div>\n<div>\u00a0<\/div>\n<\/div>\n<\/div>\n<p align=\"center\" dir=\"ltr\">\n<h3 style=\"color: blue;\"><font face=\"Arial\" size=\"2\"><strong><b><a href=\"http:\/\/www.tunisnews.net\/\"><font face=\"Arial\"><span><font size=\"2\">Home<\/font><\/span><font size=\"2\"><span lang=\"FR-CH\"> &#8211; Accueil <\/span><span>&#8211; <\/span><\/font><\/font><span dir=\"rtl\" lang=\"AR-SA\"><font size=\"2\">\u0627\u0644\u0631\u0626\u064a\u0633\u064a\u0629<\/font><\/span><\/a><\/b><\/strong><\/font><\/h3>\n<\/p>\n<p align=\"center\" dir=\"ltr\">\u00a0<\/p>\n<p><\/body><\/body><\/html><\/p>\n","protected":false},"excerpt":{"rendered":"<p>Home &#8211; Accueil TUNISNEWS 9\u00a0\u00e8me ann\u00e9e,N\u00b0\u00a03627 du 28.04.2010 \u00a0archives :www.tunisnews.net\u00a0 AISPP&#8211;ST- ACHR-CRLDHT-FTCR &#8211; Voix Libre- OIET:Invitation Soir\u00e9e de solidarit\u00e9 AISPP: Proc\u00e8s du 28 avril Libert\u00e9 et Equit\u00e9: le prisonnier d&rsquo;opinion Rafik Ali commence une gr\u00e8ve de la faim Comit\u00e9 National de Soutien aux Populations du Bassin Minier: Hassen Ben Abdallah condamn\u00e9 \u00e0 4 ans Onze [&hellip;]<\/p>\n","protected":false},"author":1,"featured_media":22040,"comment_status":"open","ping_status":"open","sticky":false,"template":"","format":"standard","meta":{"inline_featured_image":false,"site-sidebar-layout":"default","site-content-layout":"","ast-site-content-layout":"default","site-content-style":"default","site-sidebar-style":"default","ast-global-header-display":"","ast-banner-title-visibility":"","ast-main-header-display":"","ast-hfb-above-header-display":"","ast-hfb-below-header-display":"","ast-hfb-mobile-header-display":"","site-post-title":"","ast-breadcrumbs-content":"","ast-featured-img":"","footer-sml-layout":"","ast-disable-related-posts":"","theme-transparent-header-meta":"","adv-header-id-meta":"","stick-header-meta":"","header-above-stick-meta":"","header-main-stick-meta":"","header-below-stick-meta":"","astra-migrate-meta-layouts":"default","ast-page-background-enabled":"default","ast-page-background-meta":{"desktop":{"background-color":"","background-image":"","background-repeat":"repeat","background-position":"center center","background-size":"auto","background-attachment":"scroll","background-type":"","background-media":"","overlay-type":"","overlay-color":"","overlay-opacity":"","overlay-gradient":""},"tablet":{"background-color":"","background-image":"","background-repeat":"repeat","background-position":"center center","background-size":"auto","background-attachment":"scroll","background-type":"","background-media":"","overlay-type":"","overlay-color":"","overlay-opacity":"","overlay-gradient":""},"mobile":{"background-color":"","background-image":"","background-repeat":"repeat","background-position":"center center","background-size":"auto","background-attachment":"scroll","background-type":"","background-media":"","overlay-type":"","overlay-color":"","overlay-opacity":"","overlay-gradient":""}},"ast-content-background-meta":{"desktop":{"background-color":"var(--ast-global-color-5)","background-image":"","background-repeat":"repeat","background-position":"center center","background-size":"auto","background-attachment":"scroll","background-type":"","background-media":"","overlay-type":"","overlay-color":"","overlay-opacity":"","overlay-gradient":""},"tablet":{"background-color":"var(--ast-global-color-5)","background-image":"","background-repeat":"repeat","background-position":"center center","background-size":"auto","background-attachment":"scroll","background-type":"","background-media":"","overlay-type":"","overlay-color":"","overlay-opacity":"","overlay-gradient":""},"mobile":{"background-color":"var(--ast-global-color-5)","background-image":"","background-repeat":"repeat","background-position":"center center","background-size":"auto","background-attachment":"scroll","background-type":"","background-media":"","overlay-type":"","overlay-color":"","overlay-opacity":"","overlay-gradient":""}},"footnotes":""},"categories":[],"tags":[56,41,29],"class_list":["post-16544","post","type-post","status-publish","format-standard","has-post-thumbnail","hentry","tag-56","tag-41","tag-fr"],"_links":{"self":[{"href":"https:\/\/tunisnews.net\/ar\/wp-json\/wp\/v2\/posts\/16544","targetHints":{"allow":["GET"]}}],"collection":[{"href":"https:\/\/tunisnews.net\/ar\/wp-json\/wp\/v2\/posts"}],"about":[{"href":"https:\/\/tunisnews.net\/ar\/wp-json\/wp\/v2\/types\/post"}],"author":[{"embeddable":true,"href":"https:\/\/tunisnews.net\/ar\/wp-json\/wp\/v2\/users\/1"}],"replies":[{"embeddable":true,"href":"https:\/\/tunisnews.net\/ar\/wp-json\/wp\/v2\/comments?post=16544"}],"version-history":[{"count":0,"href":"https:\/\/tunisnews.net\/ar\/wp-json\/wp\/v2\/posts\/16544\/revisions"}],"wp:featuredmedia":[{"embeddable":true,"href":"https:\/\/tunisnews.net\/ar\/wp-json\/wp\/v2\/media\/22040"}],"wp:attachment":[{"href":"https:\/\/tunisnews.net\/ar\/wp-json\/wp\/v2\/media?parent=16544"}],"wp:term":[{"taxonomy":"category","embeddable":true,"href":"https:\/\/tunisnews.net\/ar\/wp-json\/wp\/v2\/categories?post=16544"},{"taxonomy":"post_tag","embeddable":true,"href":"https:\/\/tunisnews.net\/ar\/wp-json\/wp\/v2\/tags?post=16544"}],"curies":[{"name":"wp","href":"https:\/\/api.w.org\/{rel}","templated":true}]}}