{"id":16542,"date":"2006-12-01T00:00:00","date_gmt":"2006-12-01T00:00:00","guid":{"rendered":"https:\/\/tunisnews.net\/1-decembre-2006\/"},"modified":"2006-12-01T00:00:00","modified_gmt":"2006-12-01T00:00:00","slug":"1-decembre-2006","status":"publish","type":"post","link":"https:\/\/tunisnews.net\/ar\/1-decembre-2006\/","title":{"rendered":"1 d\u00e9cembre 2006"},"content":{"rendered":"<p><html><head><meta content=\"text\/html\" description=\", en ce matin du 1er d\u00e9cembre. Ce   prisonnier a \u00e9t\u00e9 condamn\u00e9 dans une affaire du mouvement En Nahdha. Il \u00e9tait   incarc\u00e9r\u00e9 \u00e0 la prison de Borj Er Roumi depuis seize ans en ex\u00e9cution d\u2019une   condamnation \u00e0 84 ans d\u2019emprisonnement. Il souffre de nombreuses pathologies.   Il y a quelques semaines, il avait \u00e9t\u00e9 admis \u00e0 l\u2019h\u00f4pital Salah Aziz,   sp\u00e9cialis\u00e9 en canc\u00e9rologie, \u00e0 la suite de la d\u00e9couverte d\u2019une tumeur maligne   du colon et d\u2019une m\u00e9tastase au foie. Il est dans l\u2019attente d\u2019une intervention   chirurgicale, pr\u00e9vue pour lundi prochain, au cours de laquelle il sera proc\u00e9d\u00e9   \u00e0 l\u2019ablation de la tumeur.\" http-equiv=\"Content-Type\"\/><\/head><body><body><\/p>\n<p align=\"center\"><b><a href=\"https:\/\/tunisnews.net\/ar\/\"><span>Home<\/span><span lang=\"FR-CH\"> &#8211; Accueil <\/span><span>&#8211; <\/span><span dir=\"RTL\" lang=\"AR-SA\">\u0627\u0644\u0631\u0626\u064a\u0633\u064a\u0629<\/span><\/a><\/b><\/p>\n<div> <font face=\"Arial\" size=\"2\"> <\/p>\n<div>    \u00a0    <\/p>\n<div>\n<table border=\"1\" width=\"100%\">\n<tr>\n<td bgcolor=\"#efefef\" width=\"100%\"> <span lang=\"AR-SA\"> <\/p>\n<div align=\"left\" dir=\"ltr\">  <\/div>\n<p> <span lang=\"FR\"> <\/p>\n<div align=\"center\" dir=\"ltr\"> <font face=\"Arial\"><font size=\"2\"> <span lang=\"SV\"> <strong>TUNISNEWS<\/strong><\/span> <\/font><\/font> <\/div>\n<div align=\"center\" dir=\"ltr\"> <strong><font face=\"Arial\"><font size=\"2\">            7\u00a0\u00e8me\u00a0ann\u00e9e, <span lang=\"FR\">N\u00b0\u00a02384 du 01.12.2006<\/span><\/font><\/font><\/strong><\/div>\n<p> <strong> <\/p>\n<div align=\"center\" dir=\"ltr\"> <b><span><blink> <font face=\"Arial\" size=\"2\">\u00a0archives : <\/font> <a href=\"https:\/\/tunisnews.net\/ar\/\" target=\"_blank\" rel=\"noopener\"> <font face=\"Arial\" size=\"2\" target=\"_blank\">            www.tunisnews.net<\/font><\/a><\/blink><\/span><\/b><font><font face=\"Arial\" size=\"2\"> <\/font> <\/font><\/div>\n<p> <font face=\"Arial\" size=\"2\"> <\/p>\n<div align=\"center\" dir=\"ltr\">\n<hr\/><\/div>\n<p> <\/font> <\/p>\n<div align=\"left\" dir=\"ltr\"> <span lang=\"FR-CH\"> <span dir=\"rtl\" lang=\"AR-SA\"><span lang=\"FR\"><tt> <span dir=\"rtl\" lang=\"FR\"> <font size=\"2\"><strong><\/p>\n<h2 style=\"color: red;\"><font>AISPP:             Lib\u00e9ration du prisonnier politique Ahmed Bouazizi<\/font><\/h2>\n<p>             Le Progr\u00e9s : Un imam lyonnais (tunisien, NDLR) en voie d'expulsion             <\/p>\n<h2 style=\"color: red;\"><font>AFP: Deux immigr\u00e9s tentent la travers\u00e9e             Tunisie\/Italie en scooter des mers<\/font><\/h2>\n<p>             Kalima: Mise au point             <\/p>\n<h2 style=\"color: red;\"><font>Neue Z\u00fcrcher Zeitung: Aff\u00e4re um eine             gestohlene Luxusjacht in Tunesien<\/font><\/h2>\n<p>             AFP: Forum de l'Avenir: r\u00e8glement du conflit au PO de pair avec les             r\u00e9formes             <\/p>\n<h2 style=\"color: red;\"><font>Le Monde: Rire et mourir \u00e0 Bagdad<\/font><\/h2>\n<p><\/strong><\/font><\/span><\/tt><\/span><\/span><\/span><\/div>\n<p> <\/strong><\/span><\/span><\/td>\n<\/tr>\n<\/table><\/div>\n<\/p><\/div>\n<p> <\/font><\/div>\n<div align=\"center\"> <font face=\"Arial\"><font size=\"2\"><strong><font>Libert\u00e9 pour   Mohammed Abbou   Libert\u00e9 pour tous les prisonniers politiques   <\/font><font>Association Internationale de Soutien aux   prisonniers politiques<\/font><\/strong>   33 rue Mokhtar Atya \u2013 1001 Tunis   T\u00e9l Fax : 71 354 984   e-mail : aispptunisie@yahoo.fr      <\/font><font><strong><font size=\"3\">communiqu\u00e9<\/font><\/strong> <\/font><\/font><font size=\"2\"><\/font><\/div>\n<div align=\"justify\"> <font face=\"Arial\">1er d\u00e9cembre 2006-12-01   L\u2019AISPP informe de la <strong><\/p>\n<h2 style=\"color: red;\"><font>lib\u00e9ration du prisonnier   politique Ahmed Bouazizi<\/font><\/h2>\n<p><\/strong>, en ce matin du 1er d\u00e9cembre. Ce   prisonnier a \u00e9t\u00e9 condamn\u00e9 dans une affaire du mouvement En Nahdha. Il \u00e9tait   incarc\u00e9r\u00e9 \u00e0 la prison de Borj Er Roumi depuis seize ans en ex\u00e9cution d\u2019une   condamnation \u00e0 84 ans d\u2019emprisonnement. Il souffre de nombreuses pathologies.   Il y a quelques semaines, il avait \u00e9t\u00e9 admis \u00e0 l\u2019h\u00f4pital Salah Aziz,   sp\u00e9cialis\u00e9 en canc\u00e9rologie, \u00e0 la suite de la d\u00e9couverte d\u2019une tumeur maligne   du colon et d\u2019une m\u00e9tastase au foie. Il est dans l\u2019attente d\u2019une intervention   chirurgicale, pr\u00e9vue pour lundi prochain, au cours de laquelle il sera proc\u00e9d\u00e9   \u00e0 l\u2019ablation de la tumeur.   L\u2019AISPP rappelle ses pr\u00e9c\u00e9dents communiqu\u00e9s demandant que les prisonniers   politiques aient droit \u00e0 un suivi m\u00e9dical d\u00e8s le d\u00e9but et non pas apr\u00e8s que   surgissent de telles complications ou aggravation de leur \u00e9tat. Elle souhaite   \u00e0 Ahmed Bouazizi une prompte gu\u00e9rison et f\u00e9licite sa famille pour sa   lib\u00e9ration.   Le pr\u00e9sident de l\u2019Association   <strong><font>Ma\u00eetre Mohammed Nouri   <\/font><\/strong><font>(traduction ni revue ni corrig\u00e9e par les   auteurs de la version en arabe, LT)<\/font><\/font><\/div>\n<div>\n<hr\/>\n<\/div>\n<div>  \u00a0<\/div>\n<div> <font face=\"Arial\" size=\"2\"> <\/p>\n<p align=\"center\"> <span lang=\"FR\"><strong><\/p>\n<h2 style=\"color: red;\"><font size=\"3\">Un imam lyonnais   (tunisien, NDLR) en voie d&rsquo;expulsion<\/font><\/h2>\n<p><\/strong><\/span><\/p>\n<p> <span lang=\"FR\">\u00a0<\/span><\/p>\n<p> <b><span lang=\"FR\">  Billel Chouhir est consid\u00e9r\u00e9 comme un leader influent du courant salafiste de   l&rsquo;agglom\u00e9ration lyonnaise <\/span><\/b><\/p>\n<p> <b><span lang=\"FR\">\u00a0<\/span><\/b><\/p>\n<p> <span lang=\"FR\">\u00a0<\/span><\/p>\n<p> <b><span lang=\"FR\">Billel Chouhir,<\/span><\/b><span lang=\"FR\">   40 ans, domicili\u00e9 \u00e0 Bron, de nationalit\u00e9 tunisienne, a \u00e9t\u00e9 interpell\u00e9 hier   matin par la police aux fronti\u00e8res (PAF) et imm\u00e9diatement transf\u00e9r\u00e9 au centre   de r\u00e9tention du Canet, pr\u00e8s de Marseille, en vue d&rsquo;une expulsion \u00e0 destination   de son pays d&rsquo;origine. <\/span><\/p>\n<p> <span lang=\"FR\">L&rsquo;homme, mari\u00e9 et   p\u00e8re de six enfants, fait l&rsquo;objet d&rsquo;un arr\u00eat\u00e9 de reconduite \u00e0 la fronti\u00e8re,   pris en raison d&rsquo;une situation irr\u00e9guli\u00e8re sur le territoire national, sa   carte de s\u00e9jour \u00e9tant expir\u00e9e. Derri\u00e8re le motif officiel, les autorit\u00e9s ont   visiblement d\u00e9cid\u00e9 d&rsquo;\u00e9loigner un homme \u00e0 la r\u00e9putation religieuse radicale.  <\/span><\/p>\n<p> <span lang=\"FR\">Billel Chouhir faisait office d&rsquo;imam dans l&rsquo;agglom\u00e9ration   lyonnaise depuis plusieurs ann\u00e9es. Il pronon\u00e7ait des pr\u00eaches consid\u00e9r\u00e9s comme   \u00ab int\u00e9gristes \u00bb \u00e0 Bron, dans le 8e arrondissement ainsi que dans \u00ab plusieurs   foyers de travailleurs \u00bb indique une source polici\u00e8re lyonnaise. <\/span><\/p>\n<p> <span lang=\"FR\">Selon les services   sp\u00e9cialis\u00e9s, l&rsquo;imam Chouhir, qui tenait un restaurant kebab dans le 8e   arrondissement, serait \u00ab un des principaux leaders de la cause salafiste de la   r\u00e9gion lyonnaise \u00bb : \u00abune conception rigoriste de l&rsquo;islam qui a tendance \u00e0 se   d\u00e9velopper dans les p\u00e9riph\u00e9ries urbaines, o\u00f9 l&rsquo;on constate des conversions   religieuses rapides chez des jeunes en rupture, l&rsquo;imam Chouhir \u00e9tait un peu le   chef de file des salafistes. \u00bb <\/span><\/p>\n<p> <span lang=\"FR\">\u00a0<\/span><\/p>\n<p> <b> <span lang=\"DE-CH\">  R.S.<\/span><\/b><\/p>\n<p> <span dir=\"rtl\" lang=\"AR-SA\">\u00a0<\/span><\/p>\n<p> <b> <span lang=\"FR-CH\">  (Source\u00a0: \u00ab\u00a0Le Progr\u00e9s\u00a0\u00bb (Lyon-France), le 1<sup>er<\/sup> d\u00e9cembre 2006)<\/span><\/b><\/p>\n<p> <b> <span lang=\"FR-CH\">  Lien\u00a0: <\/span><u> <span lang=\"FR-CH\"> <a href=\"http:\/\/www.leprogres.fr\/infosdujour\/rhone\/775704.html\" target=\"_blank\" rel=\"noopener\"><u> <span>  http:\/\/www.leprogres.fr\/infosdujour\/rhone\/775704.html<\/span><\/u><\/a><\/span><\/u><\/b><\/p>\n<p> <b> <span lang=\"FR-CH\">  \u00a0 <\/span><\/b><\/p>\n<hr\/>\n<p>\u00a0<\/p>\n<p> <span lang=\"FR-CH\">\u00a0<\/span><\/p>\n<p>\u00a0<\/p>\n<p align=\"center\"> <span lang=\"FR\"><strong><\/p>\n<h2 style=\"color: red;\"><font size=\"3\">Deux immigr\u00e9s tentent   la travers\u00e9e Tunisie\/Italie en scooter des mers<\/font><\/h2>\n<p><\/strong><\/span><\/p>\n<p> <span lang=\"FR\">\u00a0<\/span><\/p>\n<p> <span lang=\"FR\">AFP, le 30   novembre 2006 <\/span> <span lang=\"FR-CH\">\u00e0 <\/span> <span dir=\"rtl\" lang=\"AR-SA\">12<\/span><span lang=\"FR\">h<\/span><span dir=\"rtl\" lang=\"AR-SA\">46<\/span><\/p>\n<p> <span lang=\"FR\">\u00a0<\/span><\/p>\n<p> <span lang=\"FR\">ROME, 30 nov 2006   (AFP) &#8211; Deux immigr\u00e9s clandestins qui tentaient la travers\u00e9e entre la Tunisie   et l&rsquo;Italie en scooter des mers ont \u00e9t\u00e9 secourus jeudi par les garde-c\u00f4tes   alors qu&rsquo;ils \u00e9taient en panne d&rsquo;essence au large de l&rsquo;\u00eele italienne de   Pantelleria, a indiqu\u00e9 \u00e0 l&rsquo;AFP la capitainerie du port.<\/span><\/p>\n<p> <span lang=\"FR\">Les deux hommes,   un Tunisien et un Marocain, v\u00eatus de combinaisons de plong\u00e9e, ont racont\u00e9 \u00eatre   partis mercredi soir du port tunisien de Kelibia, distante de quelque 50   kilom\u00e8tres de<\/span><\/p>\n<p> <span lang=\"FR\">Pantelleria, \u00eele   italienne situ\u00e9e \u00e0 environ 60 km au sud-ouest de la Sicile.<\/span><\/p>\n<p> <span lang=\"FR\">\u00a0<\/span><\/p>\n<p> <span lang=\"FR\">Ils \u00e9taient \u00e0 une   vingtaine de kilom\u00e8tres de la petite \u00eele lorsqu&rsquo;ils sont tomb\u00e9s en panne   d&rsquo;essence et ont commenc\u00e9 \u00e0 d\u00e9river. Ils ont alors compos\u00e9 sur leur t\u00e9l\u00e9phone   portable le num\u00e9ro des<\/span><\/p>\n<p> <span lang=\"FR\">secours italiens.<\/span><\/p>\n<p> <span lang=\"FR\">Une vedette des   garde-c\u00f4tes de la capitainerie du port de Pantelleria a r\u00e9cup\u00e9r\u00e9 les deux   candidats \u00e0 l&rsquo;immigration en bonne sant\u00e9. Ils ont \u00e9t\u00e9 dirig\u00e9s vers le centre   d&rsquo;accueil de Trapani en Sicile.<\/span><\/p>\n<p> <span lang=\"FR\">Selon les   garde-c\u00f4tes, c&rsquo;est la premi\u00e8re fois que des clandestins utilisent un scooter   des mers pour effectuer la travers\u00e9e entre l&rsquo;Afrique du Nord et l&rsquo;Italie.<\/span><\/p>\n<p> <span lang=\"FR\">\u00a0<\/span><\/p>\n<p><\/font><\/div>\n<div>\n<hr\/>\n<\/div>\n<div> <font face=\"Arial\" size=\"2\"> <\/p>\n<h3 align=\"center\" style=\"color: blue;\"> <font size=\"3\"><tt><span lang=\"FR\">Mise   au point<\/span><\/tt><\/font><\/h3>\n<p> <b> <span lang=\"EN-US\">R<\/span><span lang=\"FR-CH\">\u00e9daction<\/span><\/b><\/p>\n<p> <tt><span lang=\"FR\">\u00a0<\/span><\/tt><\/p>\n<p> <tt><span lang=\"FR\">Monsieur   Chawki Tabib a remis \u00e0 la r\u00e9dactrice en chef de Kalima, Naziha Rjiba, un texte   o\u00f9 il r\u00e9agissait \u00e0 l\u2019information br\u00e8ve publi\u00e9e dans notre 46e \u00e9dition sous le   titre La nouvelle vague fait \u00e9chouer le boycott de Ben Ali, par Omar Mestiri.  <\/span><\/tt><\/p>\n<p> <tt><span lang=\"FR\">\u00a0<\/span><\/tt><\/p>\n<p> <tt><span lang=\"FR\">Bien que   ma\u00eetre Tabib n\u2019ait pas respect\u00e9 les formes de ce qu\u2019il a appel\u00e9 son \u00ab droit de   r\u00e9ponse \u00bb tel que d\u00e9fini par le Code de la presse sur plusieurs points, et que   sa tribune s\u2019apparente davantage \u00e0 une pol\u00e9mique, la r\u00e9daction a d\u00e9cid\u00e9 de la   publier en apportant les pr\u00e9cisions suivantes : <\/span><\/tt><\/p>\n<p> <tt><span lang=\"FR\">\u00a0<\/span><\/tt><\/p>\n<p> <tt><span lang=\"FR\">En avocat   averti et ancien journaliste lui-m\u00eame, ma\u00eetre Tabib n\u2019est pas sens\u00e9 ignorer   que le droit de r\u00e9ponse s\u2019exerce selon des normes bien d\u00e9finies. <\/span><\/tt> <\/p>\n<p> <tt><span lang=\"FR\">\u00a0<\/span><\/tt><\/p>\n<p> <tt><span lang=\"FR\">La r\u00e9ponse est   sens\u00e9e s\u2019adresser \u00e0 la r\u00e9daction du journal et comprendre \u00ab des salutations et   r\u00e9quisitions d\u2019usage \u00bb (art 28) et ne doit pas \u00ab \u00eatre contraire \u00e0 l\u2019honneur et   \u00e0 la consid\u00e9ration du journaliste \u00bb (art 31) ; or elle a \u00e9t\u00e9 publi\u00e9e sur   d\u2019autres supports sans \u00eatre adress\u00e9e sp\u00e9cifiquement \u00e0 Kalima et ce, avant m\u00eame   qu\u2019il ne la remette \u00e0 la r\u00e9dactrice en chef. Par ailleurs monsieur Tabib a   \u00e9crit 4 pages pour r\u00e9pondre \u00e0 3 lignes. Alors que la r\u00e9ponse doit \u00eatre \u00ab   limit\u00e9e \u00e0 la longueur de l\u2019article qui l\u2019aura provoqu\u00e9\u00bb (art 28). <\/span><\/tt> <\/p>\n<p> <tt><span lang=\"FR\">\u00a0<\/span><\/tt><\/p>\n<p> <tt><span lang=\"FR\">Monsieur Tabib   invoque le \u00ab droit de r\u00e9ponse \u00bb, un droit qui concerne \u00ab des actes   inexactement rapport\u00e9s par le p\u00e9riodique \u00bb (art 27) ; or \u00e0 aucun moment   monsieur Tabib ne nie la v\u00e9racit\u00e9 de l\u2019information publi\u00e9e par Kalima selon   laquelle il avait vot\u00e9 contre le boycott de la c\u00e9r\u00e9monie officielle   d\u2019ouverture de l\u2019ann\u00e9e judiciaire par le Conseil de l\u2019ordre. Au contraire il   confirme, dans sa lettre, qu\u2019il a bien vot\u00e9 contre le boycott de la c\u00e9r\u00e9monie   pr\u00e9sid\u00e9e par Ben Ali. <\/span><\/tt><\/p>\n<p> <tt><span lang=\"FR\">\u00a0<\/span><\/tt><\/p>\n<p> <tt><span lang=\"FR\">Ce qu\u2019il   conteste en fait, c\u2019est le droit de Kalima de la publier et de \u00ab l\u2019informateur   de Kalima \u00bb de la fournir. Selon les termes de sa r\u00e9ponse, monsieur Tabib   consid\u00e8re que les d\u00e9cisions du Conseil de l\u2019ordre des avocats ne rel\u00e8vent pas   de la chose publique, et les publier constitue un fait diffamatoire. <\/span> <\/tt><\/p>\n<p> <tt><span lang=\"FR\">\u00a0<\/span><\/tt><\/p>\n<p> <tt><span lang=\"FR\">Ce que nous   contestons. Lorsque les journaux aux ordres se sont saisis des d\u00e9lib\u00e9rations   du COA pour mener campagne contre le barreau, personne n\u2019a \u00e9lev\u00e9 la voix pour   protester contre cette \u00ab ing\u00e9rence \u00bb. Ce que d\u00e9nie monsieur Tabib, c\u2019est la   libert\u00e9 d\u2019interpr\u00e9tation du journaliste, nous lui rappelons \u00e0 ce propos ce   principe de base du journalisme \u00ab les faits sont sacr\u00e9s, le commentaire est   libre \u00bb.<\/span><\/tt><\/p>\n<p> <tt><span lang=\"FR\">\u00a0<\/span><\/tt><\/p>\n<p> <tt><span lang=\"FR\">Quant \u00e0 nous,   nous partons du principe que le corps des avocats est \u00e0 la pointe du combat   d\u00e9mocratique, et ses avanc\u00e9es comme ses reculs ont un impact direct sur ce   combat. Les d\u00e9bats du Conseil ne sont pas confidentiels, et chaque avocat   inscrit au barreau a le droit d\u2019acc\u00e9der \u00e0 ses proc\u00e8s verbaux. Que la presse   informe sur les d\u00e9cisions prises par le COA, elle ne fait qu\u2019accomplir son   devoir, quitte \u00e0 d\u00e9plaire. <\/span><\/tt><\/p>\n<p> <tt><span lang=\"FR\">\u00a0<\/span><\/tt><\/p>\n<p> <tt><span lang=\"FR\">Monsieur Tabib   a fait, des ann\u00e9es durant, partie des avocats appartenant au camp des   d\u00e9mocrates et son mandat \u00e0 la t\u00eate de l\u2019ATJA s\u2019est illustr\u00e9 par un ind\u00e9niable   engagement pour l\u2019ind\u00e9pendance du barreau. Le fait qu\u2019il fasse des choix qui   confortent la ligne des partisans du pouvoir et s\u2019oppose \u00e0 ceux qui   souhaitaient par cet acte symbolique passer un message au Pr\u00e9sident de la   r\u00e9publique qui s\u2019est appliqu\u00e9 durant toute l\u2019ann\u00e9e pass\u00e9e \u00e0 marginaliser le   barreau et \u00e0 chercher \u00e0 le mettre au pas, allant jusqu\u2019\u00e0 tol\u00e9rer le recours   aux violences physiques contre les avocats, et \u00e0 chercher atteindre \u00e0   l\u2019honneur de leurs repr\u00e9sentants \u00e9lus et de leur B\u00e2tonnier, ce choix ne peut   que surprendre et choquer ; c\u2019est un choix qui concerne le grand public et pas   seulement le corps des avocats. <\/span><\/tt><\/p>\n<p> <tt><span lang=\"FR\">\u00a0<\/span><\/tt><\/p>\n<p> <tt><span lang=\"FR\">On ne peut pas   se pr\u00e9valoir d\u2019une image de d\u00e9mocrate et chercher \u00e0 rassurer les partisans   d\u2019un pouvoir qui cherche \u00e0 \u00e9touffer toute manifestation d\u2019autonomie, sans que   cela ne provoque des interrogations et soul\u00e8ve des critiques. Faire une erreur   de discernement, ne fait cependant pas de vous un ennemi de la d\u00e9mocratie ;   tous ceux qui connaissent ma\u00eetre Tabib, aimeraient le voir corriger le tir et   revenir de ses errements, car cela rejaillit indubitablement sur le combat   pour les libert\u00e9s et trouble les d\u00e9mocrates. C\u2019\u00e9tait le sens de cette br\u00e8ve.  <\/span><\/tt><\/p>\n<p> <tt><span lang=\"FR\">\u00a0<\/span><\/tt><\/p>\n<p> <tt><span lang=\"FR\">Ses attaques   sur la personne de Omar Mestiri sont d\u00e9plac\u00e9es et ne le grandissent pas. O.   Mestiri n\u2019a pas cherch\u00e9 \u00e0 porter atteinte \u00e0 la personne de monsieur Tabib, il   n\u2019a fait que commenter l\u2019un de des actes et des choix qui rel\u00e8vent du champ   public, selon une appr\u00e9ciation qui l\u2019engage.<\/span><\/tt><\/p>\n<p> <tt><span lang=\"FR\">\u00a0<\/span><\/tt><\/p>\n<p> <tt><b> <span lang=\"FR-CH\">  (Source\u00a0:\u00a0\u00ab\u00a0Kalima\u00a0\u00bb, le 29 novembre 2006)<\/span><\/b><\/tt><\/p>\n<p> <tt><b> <span lang=\"FR-CH\">  Lien\u00a0:<\/span><span lang=\"FR-CH\"> <\/span><u> <span lang=\"FR\"> <a href=\"http:\/\/www.kalimatunisie.com\/article.php?id=389\" target=\"_blank\" rel=\"noopener\"><u> <span>http:\/\/www.kalimatunisie.com\/article.php?id=389<\/span><\/u><\/a><\/span><\/u><\/b><\/tt><\/p>\n<p> <tt><b><u> <span lang=\"FR\"> <\/span><\/u><\/b><\/tt><\/p>\n<hr\/>\n<p>\u00a0<\/p>\n<p align=\"center\"> <tt><b> <span lang=\"FR\">  Le plus grand quotidien en Suisse s\u2019int\u00e9resse au \u00ab\u00a0Clan Trabelsi\u00a0\u00bb<\/span><\/b><\/tt><\/p>\n<h2 align=\"center\" style=\"color: red;\"> <tt> <span lang=\"DE-CH\">  Die Irrfahrt der \u00abPrincess V58\u00bb<\/span><\/tt><\/h2>\n<p align=\"center\"> <tt><span lang=\"DE-CH\"><strong> <\/p>\n<h2 style=\"color: red;\"><font>Aff\u00e4re um eine gestohlene Luxusjacht in Tunesien<\/font><\/h2>\n<p><\/strong><\/span><\/tt><\/p>\n<p> <tt> <span lang=\"DE-CH\"> <strong>stf<\/strong><\/span><\/tt><\/p>\n<p> <tt><span lang=\"DE-CH\">\u00a0<\/span><\/tt><\/p>\n<p> <tt><span lang=\"DE-CH\">Ein   Mitglied des Familienclans des tunesischen Pr\u00e4sidenten hat den Diebstahl der   Jacht eines franz\u00f6sischen Bankdirektors in Auftrag gegeben. Jetzt sitzt der   Mann in Untersuchungshaft, und es droht ihm m\u00f6glicherweise eine \u00dcberstellung   nach Frankreich.<\/span><\/tt><\/p>\n<p> <tt><span lang=\"DE-CH\">\u00a0<\/span><\/tt><\/p>\n<p> <tt><span lang=\"DE-CH\">stf. In   Tunesien hat sich ein Angeh\u00f6riger des Familienclans von Pr\u00e4sident Ben Ali in   eine Aff\u00e4re um eine gestohlene Luxusjacht verstrickt. Die Jacht, die dem   Generaldirektor der Bank Lazard Fr\u00e8res geh\u00f6rt und Anfang Mai im Hafen der   korsischen Stadt Bonifacio gestohlen worden war, wurde gegen Ende jenes Monats   im Hafen von Sidi Bou Said, unweit von Tunis, auf Verlangen von Interpol   konfisziert. Das Schiff, dessen Wert auf mehr als eine Million Euro gesch\u00e4tzt   wird, befand sich zu diesem Zeitpunkt in den H\u00e4nden von Imed Trabelsi. Bei   diesem jungen Mann von eher zweifelhaftem Ruf handelt es sich um einen Neffen   von Leila Trabelsi, der Gattin des tunesischen Pr\u00e4sidenten. Noch am selben   Tag, so berichten \u00fcbereinstimmend verschiedene Medien, sei der prominente neue   Eigner der gestohlenen Jacht in Untersuchungshaft gesetzt worden.<\/span><\/tt><\/p>\n<p> <tt><span lang=\"DE-CH\">\u00a0<\/span><\/tt><\/p>\n<p> <tt><b> <span lang=\"DE-CH\">  Familienclan mit protzigem Lebensstil<\/span><\/b><\/tt><\/p>\n<p> <tt><span lang=\"DE-CH\">\u00a0<\/span><\/tt><\/p>\n<p> <tt><span lang=\"DE-CH\">Die Aff\u00e4re   wurde von tunesischen Medien sogleich aufgriffen. Die Aktivit\u00e4ten des   Familienclans der Trabelsi sind in Tunesien ein Dauerbrenner, und die Emp\u00f6rung   \u00fcber den zur Schau gestellten Reichtum und den Lebensstil der Mitglieder   dieses Familienclans ist gross. Doch erst nachdem die franz\u00f6sische   Tageszeitung \u00abFigaro\u00bb im Oktober und kurz darauf auch die marokkanische   Wochenzeitung \u00abLe Journal Hebdomadaire\u00bb \u00fcber den Diebstahl geschrieben hatten,   liessen sich auch die tunesischen Beh\u00f6rden zu dem Fall vernehmen.<\/span><\/tt><\/p>\n<p> <tt><span lang=\"DE-CH\">\u00a0<\/span><\/tt><\/p>\n<p> <tt><span lang=\"DE-CH\">Am 20.   Oktober, berichtet die tunesische staatliche Nachrichtenagentur TAP, habe sich   ein Ministerrat unter Leitung des Pr\u00e4sidenten Ben Ali der \u00abj\u00fcngsten Probleme   im Zusammenhang mit den Zollbeh\u00f6rden\u00bb angenommen. Laut \u00abFigaro\u00bb soll C\u00e9dric   S., einer der Skipper, der im Rahmen dieser Aff\u00e4re einvernommen worden war,   gestanden haben, von Imed Trabelsi und dessen Cousin Moaz 44 000 Euro f\u00fcr die   Entwendung und die \u00dcberf\u00fchrung der \u00abPrincess V58\u00bb sowie weiterer gestohlener   Jachten erhalten zu haben. Er behauptete auch, Trabelsi selber habe den   Auftrag erteilt, das teure Schiff zu stehlen. Weiter gab er detaillierte   Informationen \u00fcber die Art und Weise bekannt, wie die gestohlene Jacht an den   tunesischen Zollbeh\u00f6rden vorbeigeschmuggelt worden war.<\/span><\/tt><\/p>\n<p> <tt><span lang=\"DE-CH\">\u00a0<\/span><\/tt><\/p>\n<p> <tt><span lang=\"DE-CH\">Der   Diebstahl der \u00abPrincess V58\u00bb sowie weiterer Luxusschiffe war durch die   Hafenpolizei von Toulon aufgedeckt worden. Nach den vorliegenden Informationen   stand dahinter eine gut organisierte, international t\u00e4tige Bande, die sich auf   Luxusjachten spezialisiert hatte und der es offenbar gelungen war, an der C\u00f4te   d'Azur sowie auf Sardinien und Korsika mehrere Dutzend derartiger Schiffe zu   entwenden.<\/span><\/tt><\/p>\n<p> <tt><span lang=\"DE-CH\">\u00a0<\/span><\/tt><\/p>\n<p> <tt><span lang=\"DE-CH\">Laut   Medienberichten wurde die \u00abPrincess V58\u00bb inzwischen wieder ihrem rechtm\u00e4ssigen   Besitzer zur\u00fcckgegeben. Die Untersuchung gegen Imed Trabelsi und seine   Komplizen ist hingegen immer noch h\u00e4ngig. Sollten sich die schweren Vorw\u00fcrfe   erh\u00e4rten, k\u00f6nnten die franz\u00f6sischen Justizbeh\u00f6rden ein Auslieferungsbegehren   an Tunesien stellen. In diesem Fall k\u00f6nnte Trabelsi dasselbe Schicksal ereilen   wie einst Moncef Ben Ali, den Bruder des heutigen tunesischen Pr\u00e4sidenten, der   sich 1992 wegen Drogenhandels vor einem franz\u00f6sischen Gericht verantworten   musste und sp\u00e4ter verurteilt wurde.<\/span><\/tt><\/p>\n<p> <tt><span lang=\"DE-CH\">\u00a0<\/span><\/tt><\/p>\n<p> <tt><b> <span lang=\"DE-CH\">  Innenpolitischer Schaden<\/span><\/b><\/tt><\/p>\n<p> <tt><span lang=\"DE-CH\">\u00a0<\/span><\/tt><\/p>\n<p> <tt><span lang=\"DE-CH\">Der   innenpolitische Schaden dieser Aff\u00e4re ist im Moment noch kaum abzusch\u00e4tzen. Es   ist l\u00e4ngst ein offenes Geheimnis, dass unz\u00e4hlige Containerladungen in Tunesien   eingef\u00fchrt werden, ohne dass auch nur ein Dinar Zollgeb\u00fchren bezahlt wird.   Dass Angeh\u00f6rige der Familie Trabelsi vor nicht allzu langer Zeit ein eigenes   \u00abZollberatungsb\u00fcro\u00bb er\u00f6ffnet haben, um die Formalit\u00e4ten f\u00fcr ihre Kundschaft zu   erleichtern, wirkt weitherum als Provokation. Die Aff\u00e4re um die gestohlene   Luxusjacht gibt nun all den Spekulationen neue Nahrung, wonach der   Trabelsi-Clan sein beachtliches Verm\u00f6gen unter anderem durch illegalen Import   von Konsum- und Luxusg\u00fctern ge\u00e4ufnet hat.<\/span><\/tt><\/p>\n<p> <tt><span lang=\"DE-CH\">\u00a0<\/span><\/tt><\/p>\n<p> <tt><span lang=\"DE-CH\">In den   stark kontrollierten tunesischen Medien sind die Kommentare \u00fcber diese Aff\u00e4re   eher zur\u00fcckhaltend. Umso st\u00e4rker entl\u00e4dt sich der Volkszorn in Internetforen.   \u00abTunesien hat jetzt schon einen ziemlich angeschlagenen Ruf, und dieser   Trabelsi tut alles, um ihn noch zu verschlechtern\u00bb, schreibt einer - und   geh\u00f6rt mit dieser Wortwahl zu den h\u00f6flichsten. Er f\u00fcgt an: \u00abMein Gott, was   k\u00f6nnen wir gegen all das tun?\u00bb<\/span><\/tt><\/p>\n<p> <tt><span lang=\"DE-CH\">\u00a0<\/span><\/tt><\/p>\n<p> <tt><b> <span lang=\"DE-CH\">  (Source\u00a0: Neue Z\u00fcrcher Zeitung (Suisse); 20.11.2006; Seite 13; Nummer 270) <\/span><\/b><\/tt><\/p>\n<hr\/>\n<p>\u00a0<\/p>\n<p> <span lang=\"FR\">\u00a0<\/span><\/p>\n<p> <span lang=\"FR\">\u00a0<\/span><\/p>\n<p align=\"center\"> <span lang=\"FR\"><strong><\/p>\n<h2 style=\"color: red;\"><font size=\"3\">Forum de l&rsquo;Avenir:   r\u00e8glement du conflit au PO de pair avec les r\u00e9formes<\/font><\/h2>\n<p><\/strong><\/span><\/p>\n<p> <span lang=\"FR\">AFP, le 1er   d\u00e9cembre 2006 \u00e0 <\/span> <span dir=\"rtl\" lang=\"AR-SA\">6<\/span><span lang=\"FR\">h<\/span><span dir=\"rtl\" lang=\"AR-SA\">41<\/span><\/p>\n<p>\u00a0<\/p>\n<p> <b><span lang=\"FR\">  Par David MILLIKIN<\/span><\/b><\/p>\n<p> <span lang=\"FR\">\u00a0<\/span><\/p>\n<p> <b> <span lang=\"FR\">  SHOUNEH (Jordanie), 1 d\u00e9c 2006 (AFP)<\/span><\/b><span lang=\"FR\">   &#8211; Un forum destin\u00e9 \u00e0 promouvoir les r\u00e9formes dans le monde arabe, \u00e0   l&rsquo;initiative des Etats-Unis, a appel\u00e9 vendredi en Jordanie au r\u00e8glement du   conflit isra\u00e9lo-arabe comme moyen d&rsquo;encourager le processus de r\u00e9formes dans   la r\u00e9gion.<\/span><\/p>\n<p> <span lang=\"FR\">La secr\u00e9taire   d&rsquo;Etat Condoleezza Rice a particip\u00e9 au 3e Forum de l&rsquo;avenir, aux c\u00f4t\u00e9s de ses   homologues russe Sergue\u00ef Lavrov et britannique Margaret Beckett. D&rsquo;autres   ministres du G8 ainsi que de pays europ\u00e9ens, arabes et musulmans sont pr\u00e9sents   \u00e0 Shouneh, sur la rive jordanienne de la mer Morte.<\/span><\/p>\n<p> <span lang=\"FR\">Cinquante-six pays   et organisations ont \u00e9t\u00e9 convi\u00e9s. Il s&rsquo;agit du 3e forum depuis le lancement en   2004 par le pr\u00e9sident George W.<\/span><\/p>\n<p> <span lang=\"FR\">Bush d&rsquo;une   initiative\u00a0 visant \u00e0 encourager les r\u00e9formes politiques, \u00e9conomiques et   sociales dans un Moyen-Orient \u00e9largi et en Afrique du Nord, initiative qui   marque le pas.<\/span><\/p>\n<p> <span lang=\"FR\">Dans un communiqu\u00e9   final, les participants ont marqu\u00e9 leur soutien aux \u00ab\u00a0r\u00e9formes dans la r\u00e9gion   qui doivent aller de pair avec le r\u00e8glement du conflit arabo-isra\u00e9lien, sur la   base des termes de<\/span><\/p>\n<p> <span lang=\"FR\">r\u00e9f\u00e9rence   internationales du processus de paix\u00a0\u00bb.<\/span><\/p>\n<p> <span lang=\"FR\">Ils ont en outre   \u00ab\u00a0accueilli favorablement le r\u00e9cent accord de cessez-le-feu entre l&rsquo;Autorit\u00e9   palestinienne et Isra\u00ebl, et appel\u00e9 les deux parties \u00e0 d\u00e9montrer davantage leur   engagement dans la paix\u00a0\u00bb.<\/span><\/p>\n<p> <span lang=\"FR\">Sur l&rsquo;Irak, le   Forum a exprim\u00e9 \u00ab\u00a0sa vive inqui\u00e9tude\u00a0\u00bb concernant la situation dans ce pays et   son \u00ab\u00a0ferme soutien au gouvernement irakien dans ses efforts pour restaurer la   s\u00e9curit\u00e9\u00a0\u00bb et la r\u00e9conciliation nationale.<\/span><\/p>\n<p> <span lang=\"FR\">Les participants   ont \u00e9galement \u00ab\u00a0condamn\u00e9 la s\u00e9rie d&rsquo;assassinats politiques au Liban\u00a0\u00bb et exprim\u00e9   leur \u00ab\u00a0soutien total au gouvernement libanais dans ses efforts pour juger les   responsables de ces crimes haineux\u00a0\u00bb.<\/span><\/p>\n<p> <span lang=\"FR\">Le communiqu\u00e9   final a soulign\u00e9 \u00ab\u00a0l&rsquo;importance d&rsquo;encourager les r\u00e9formes de l&rsquo;int\u00e9rieur, et   reconnu que, si les gouvernements sont<\/span><\/p>\n<p> <span lang=\"FR\">responsables du   d\u00e9veloppement de leurs programmes de r\u00e9formes, cet effort doit \u00eatre compl\u00e9t\u00e9   et soutenu politiquement et \u00e9conomiquement par la communaut\u00e9 internationale\u00a0\u00bb.<\/span><\/p>\n<p> <span lang=\"FR\">M. Lavrov et son   homologue jordanien Abdel Ilah Khatib, qui co-pr\u00e9sident la conf\u00e9rence, ont   estim\u00e9 qu&rsquo;un r\u00e8glement du conflit isra\u00e9lo-palestinien \u00e9tait un \u00e9l\u00e9ment cl\u00e9   pour la stabilit\u00e9.<\/span><\/p>\n<p> <span lang=\"FR\">M. Khatib a en   outre appel\u00e9 \u00e0 d\u00e9ployer des efforts \u00ab\u00a0pour pr\u00e9server l&rsquo;unit\u00e9 de l&rsquo;Irak\u00a0\u00bb et   soutenir le gouvernement libanais de Fouad Siniora.<\/span><\/p>\n<p> <span lang=\"FR\">Mme Beckett a   estim\u00e9 quant \u00e0 elle qu&rsquo;il ne \u00ab\u00a0serait pas prudent\u00a0\u00bb de fixer une date pour un   retrait des forces \u00e9trang\u00e8res d&rsquo;Irak<\/span><\/p>\n<p> <span lang=\"FR\">En 2005, le Forum   avait lanc\u00e9 \u00e0 Bahre\u00efn une Fondation et un Fonds. La Fondation, dot\u00e9 d&rsquo;un   capital initial de 67 millions USD, dont 20 M des Etats-Unis, doit fournir des   aides \u00e0 des ONG, mais plusieurs pays voient avec suspicion les activit\u00e9s de   ces organisations militant pour la d\u00e9fense des droits de l&rsquo;Homme et la lutte   contre la corruption.<\/span><\/p>\n<p> <span lang=\"FR\">Selon un   secr\u00e9taire d&rsquo;Etat adjoint am\u00e9ricain, Barry Lowenkron, le Fonds pour l&rsquo;Avenir a   \u00e9t\u00e9 dot\u00e9 de 90 millions de dollars, dont 45 M USD promis par Washington, pour   encourager la croissance \u00e9conomique. <\/span><\/p>\n<hr\/>\n<p>\u00a0<\/p>\n<p> <b><span lang=\"DE-CH\">\u00a0<\/span><\/b><\/p>\n<p align=\"center\"> <b><span lang=\"FR\"><font size=\"3\">  Reportage<\/font><\/span><\/b><\/p>\n<h2 align=\"center\" style=\"color: red;\"> <span lang=\"FR\"> <\/p>\n<h3 style=\"color: blue;\"><font>Rire et mourir \u00e0 Bagdad<\/font><\/h3>\n<p><\/span><\/h2>\n<p> <span lang=\"FR\">\u00a0<\/span><\/p>\n<p> <b> <span lang=\"FR\">  BAGDAD ENVOY\u00c9 SP\u00c9CIAL<\/span><\/b><\/p>\n<p> <b><span lang=\"FR\">\u00a0<\/span><\/b><\/p>\n<p> <span lang=\"FR\">\u00ab\u00a0Attention !   Rumsfeld (l&rsquo;ex-secr\u00e9taire \u00e0 la d\u00e9fense de l&rsquo;administration Bush) vient   d&rsquo;annoncer le d\u00e9part des troupes am\u00e9ricaines d&rsquo;Irak, \u00e0 partir du 1-1&#8230;\u00a0\u00bb Le   visage se tord, le com\u00e9dien reprend. \u00ab\u00a0Euh, pardon&#8230; Les Am\u00e9ricains partent   bien, mais 1 par 1. On a fait le calcul, ils seront tous chez eux d&rsquo;ici&#8230; un   peu moins de six cents ans&#8230;\u00a0\u00bb<\/span><\/p>\n<p> <span lang=\"FR\">\u00a0<\/span><\/p>\n<p> <span lang=\"FR\">\u00a0 Peut-on encore   faire de l&rsquo;humour en Irak ? Al-Sharqiya (L&rsquo;Orient), l&rsquo;une des multiples   cha\u00eenes de t\u00e9l\u00e9vision par satellite cr\u00e9\u00e9es depuis l&rsquo;invasion anglo-am\u00e9ricaine   d&rsquo;avril 2003, s&rsquo;y emploie chaque soir avec un certain succ\u00e8s. \u00ab\u00a0Caricatures\u00a0\u00bb,   son show de quarante-cinq minutes de \u00ab\u00a0vraies-fausses informations\u00a0\u00bb   quotidiennes, s&rsquo;efforce de tourner en d\u00e9rision les nouvelles du jour. En trois   ans d&rsquo;existence, l&rsquo;\u00e9mission est devenue l&rsquo;une des plus populaires du paysage   audiovisuel irakien.<\/span><\/p>\n<p> <span lang=\"FR\">\u00a0<\/span><\/p>\n<p> <span lang=\"FR\">Corruption,   voracit\u00e9 des partis, gouvernement \u00ab\u00a0fant\u00f4me\u00a0\u00bb, ministres plus souvent \u00e0   l&rsquo;\u00e9tranger que dans leurs bureaux de la \u00ab\u00a0zone verte\u00a0\u00bb ultrafortifi\u00e9e \u00e0 Bagdad,   multiplication des polices, brutalit\u00e9s, ignorances et bourdes am\u00e9ricaines sont   les sujets favoris de l&rsquo;\u00e9mission. \u00ab\u00a0On ne touche pas \u00e0 la religion, on ne nomme   jamais les politiciens sur lesquels on tire et l&rsquo;on n&rsquo;identifie pas les   milices ou les groupes de gu\u00e9rilla auxquels on s&rsquo;en prend\u00a0\u00bb, confiait r\u00e9cemment   \u00e0 un confr\u00e8re irakien Walid Hassan Djahaz, la vedette du show. Cette prudence   de loup ne l&rsquo;aura pas sauv\u00e9.<\/span><\/p>\n<p> <span lang=\"FR\">\u00a0<\/span><\/p>\n<p> <span lang=\"FR\">Lundi 20 novembre,   ce com\u00e9dien chiite de 47 ans, p\u00e8re de cinq enfants, a \u00e9t\u00e9 assassin\u00e9 par une   bande de miliciens arm\u00e9s qui l&rsquo;attendaient pr\u00e8s de chez lui \u00e0 Bagdad. Quatre   balles dans la poitrine. Les trois comp\u00e8res qui jouaient avec lui sont partis   le lendemain vers la Syrie. \u00ab\u00a0Pour se reposer\u00a0\u00bb, explique un journaliste de la   cha\u00eene. Il n&rsquo;est pas certain que \u00ab\u00a0Caricatures\u00a0\u00bb puisse reprendre.<\/span><\/p>\n<p> <span lang=\"FR\">\u00a0<\/span><\/p>\n<p> <span lang=\"FR\">Ainsi va la vie,   chaotique et meurtri\u00e8re, depuis pr\u00e8s de quatre ans en Irak. Le plus souvent   terr\u00e9s chez eux \u00e0 cause de l&rsquo;ins\u00e9curit\u00e9 croissante, du couvre-feu quotidien \u00e0   20 heures et du ch\u00f4mage end\u00e9mique, les Irakiens se sont mu\u00e9s en v\u00e9ritables   t\u00e9l\u00e9phages. Th\u00e9oriquement, sous la dictature, ils n&rsquo;avaient acc\u00e8s qu&rsquo;\u00e0 quatre   cha\u00eenes publiques, mais les plus prosp\u00e8res prenaient le risque de dissimuler   des paraboles pour regarder ill\u00e9galement les cha\u00eenes satellitaires, et   payaient la police quand elle s&rsquo;en rendait compte. Les toits de Bagdad et des   autres villes se sont couverts de paraboles.<\/span><\/p>\n<p> <span lang=\"FR\">\u00a0<\/span><\/p>\n<p> <span lang=\"FR\">Mais, dans l&rsquo;Irak   d&rsquo;aujourd&rsquo;hui, l&rsquo;humour est une pratique plus p\u00e9rilleuse encore que sous   l&rsquo;ancien r\u00e9gime. \u00ab\u00a0Sous Saddam, dit Jassem Charaf, com\u00e9dien r\u00e9put\u00e9, on ne   pouvait pas mentionner le nom de Dieu, du ra\u00efs, de ses proches ou de ses   ministres. Mais on \u00e9tait \u00e0 peu pr\u00e8s tol\u00e9r\u00e9s.\u00a0\u00bb Aujourd&rsquo;hui, un \u00e9cart de langage   vous envoie plus s\u00fbrement \u00e0 la morgue que sur la paille d&rsquo;un cachot.<\/span><\/p>\n<p> <span lang=\"FR\">\u00a0<\/span><\/p>\n<p> <span lang=\"FR\">Il y a quelques   semaines, Saad Bazzaz, le propri\u00e9taire de la cha\u00eene Al-Sharqiya, homme   d&rsquo;affaires sunnite et ancien baasiste repenti aujourd&rsquo;hui r\u00e9fugi\u00e9 \u00e0 Londres, a   interdit la diffusion d&rsquo;une satire assez dr\u00f4le autour du proc\u00e8s de Saddam   Hussein. \u00ab\u00a0Sachant que trois avocats de l&rsquo;ancien tyran ont \u00e9t\u00e9 assassin\u00e9s, que   trois de nos journalistes ont \u00e9galement \u00e9t\u00e9 tu\u00e9s cette ann\u00e9e, cela montre que   plus personne, aujourd&rsquo;hui, n&rsquo;est \u00e0 l&rsquo;abri de repr\u00e9sailles\u00a0\u00bb, confie l&rsquo;un de   ses proches \u00e0 Bagdad.<\/span><\/p>\n<p> <span lang=\"FR\">\u00a0<\/span><\/p>\n<p> <span lang=\"FR\">Ecrit par Taleb   Al-Soudani, un chiite la\u00efque de 40 ans qui a cr\u00e9\u00e9 le concept d&rsquo;une autre   \u00e9mission hebdomadaire tr\u00e8s regard\u00e9e intitul\u00e9e \u00ab\u00a0D\u00e9p\u00eache-toi, il est mort !\u00a0\u00bb, le   sujet \u00e9tait destin\u00e9 \u00e0 ce nouveau show tr\u00e8s caustique qui a d\u00e9marr\u00e9 sur   Al-Sharqiya d\u00e9but octobre. Le proc\u00e8s du si\u00e8cle a laiss\u00e9 place \u00e0 un autre sujet   sur les risques tr\u00e8s s\u00e9rieux de partition ethnico-confessionnelle qui menacent   le pays. Saaed Khalifa, star du comique local qui utilise toutes sortes de   grimages (il se d\u00e9guise en femme, en boxeur, en plongeur, etc.), annonce ainsi   d&rsquo;une voix docte la tenue \u00e0 Bagdad d&rsquo;une grande conf\u00e9rence de \u00ab\u00a0la ligue des   R\u00e9publiques libres d&rsquo;Irak\u00a0\u00bb. \u00ab\u00a0Les gouvernements de Waziriya et de Kasra (deux   quartiers adjacents, l&rsquo;un sunnite, l&rsquo;autre chiite, de Bagdad) ont entam\u00e9 des   n\u00e9gociations de paix\u00a0\u00bb, dit tr\u00e8s s\u00e9rieusement le com\u00e9dien. \u00ab\u00a0Par contre, il y a   toujours des probl\u00e8mes entre les r\u00e9publiques de Karrada-in et Karrada-out\u00a0\u00bb &#8211;   un seul et m\u00eame quartier central de Bagdad d&rsquo;o\u00f9 les r\u00e9sidents sunnites   s&rsquo;enfuient beaucoup en ces temps de nettoyage ethnique \u00e0 la mitrailleuse.<\/span><\/p>\n<p> <span lang=\"FR\">\u00a0<\/span><\/p>\n<p> <span lang=\"FR\">\u00ab\u00a0Autre question   ultrasensible sur la table de la conf\u00e9rence de la ligue, l&rsquo;insupportable   embargo qui se poursuit contre la r\u00e9publique de Bab el-Sharji\u00a0\u00bb, quartier   bagdadi tr\u00e8s couru pour ses boutiques d&rsquo;\u00e9lectronique grand public \u00e0 bas prix.<\/span><\/p>\n<p> <span lang=\"FR\">\u00a0<\/span><\/p>\n<p> <span lang=\"FR\">D\u00e9j\u00e0 c\u00e9l\u00e8bre sous   Saddam, Saaed Khalifa, petit homme rondouillard et costaud, r\u00eave tout haut de   se m\u00e9tamorphoser en chat de goutti\u00e8re. \u00ab\u00a0Mais pourquoi donc ?\u00a0\u00bb, demande un   comp\u00e8re. \u00ab\u00a0T&rsquo;as d\u00e9j\u00e0 vu quelqu&rsquo;un demander \u00e0 un chat s&rsquo;il est kurde ou arabe,   chiite ou sunnite, toi ?\u00a0\u00bb Dans un autre num\u00e9ro de \u00ab\u00a0D\u00e9p\u00eache-toi il est mort !\u00a0\u00bb,   Khalifa, v\u00eatu comme un prince, annonce : \u00ab\u00a0Nous sommes en 2017, je suis le   dernier Irakien vivant. A moi, toutes les femmes, les belles voitures et la   richesse. A moi les manettes de l&rsquo;\u00e9lectricit\u00e9 nationale : d\u00e9sormais, je d\u00e9cide   seul de l&rsquo;heure \u00e0 laquelle on coupe !\u00a0\u00bb<\/span><\/p>\n<p> <span lang=\"FR\">\u00a0<\/span><\/p>\n<p> <span lang=\"FR\">Les Bagdadis, qui   ne re\u00e7oivent en moyenne que trois \u00e0 cinq heures d&rsquo;\u00e9lectricit\u00e9 par jour selon   les quartiers &#8211; et surtout selon l&rsquo;appartenance sociale ou confessionnelle   majoritaire de leurs habitants -, appr\u00e9cient cet humour noir. L&rsquo;auteur, qui a   invent\u00e9 le concept de l&rsquo;\u00e9mission et a vendu tous ses droits \u00e0 la cha\u00eene pour 2   500 euros, affirme n&rsquo;avoir \u00ab\u00a0plus d&rsquo;espoir pour l&rsquo;Irak\u00a0\u00bb. Il pense que les   ministres qui se suivent sont incomp\u00e9tents et occup\u00e9s \u00e0 se remplir les poches.   Il pense aussi que l&rsquo;exp\u00e9rience d\u00e9mocratique promise par les Am\u00e9ricains est   mort-n\u00e9e. Comme tous les humoristes, Taleb Al-Soudani est un vrai d\u00e9sesp\u00e9r\u00e9.  <\/span><\/p>\n<p> <span lang=\"FR\">\u00a0<\/span><\/p>\n<p> <span lang=\"DE-CH\">  Patrice Claude<\/span><\/p>\n<p> <span dir=\"rtl\" lang=\"AR-SA\">\u00a0<\/span><\/p>\n<p> <b> <span lang=\"FR-CH\">  (Source\u00a0: \u00ab\u00a0Le Monde\u00a0\u00bb <\/span> <span lang=\"FR\">du   30 novembre 2006)<\/span><\/b><\/p>\n<p> <span lang=\"FR\">\u00a0<\/span><\/p>\n<p> <span lang=\"FR\">\u00a0<\/span><\/p>\n<p><\/font><\/div>\n<div>  \u00a0<\/div>\n<div>  \u00a0<\/div>\n<p align=\"center\">\u00a0<\/p>\n<p><!-- |**|end egp html banner|**| --><\/p>\n<p align=\"center\"><b><a href=\"https:\/\/tunisnews.net\/ar\/\"><span>Home<\/span><span lang=\"FR-CH\"> &#8211; Accueil <\/span><span>&#8211; <\/span><span dir=\"RTL\" lang=\"AR-SA\">\u0627\u0644\u0631\u0626\u064a\u0633\u064a\u0629<\/span><\/a><\/b><\/p>\n<p align=\"center\"><b><span dir=\"RTL\" lang=\"AR-SA\">\u00a0<\/span><\/b><\/p>\n<p><\/body><\/body><\/html><\/p>","protected":false},"excerpt":{"rendered":"<p>Home &#8211; Accueil &#8211; \u0627\u0644\u0631\u0626\u064a\u0633\u064a\u0629 \u00a0 TUNISNEWS 7\u00a0\u00e8me\u00a0ann\u00e9e, N\u00b0\u00a02384 du 01.12.2006 \u00a0archives : www.tunisnews.net AISPP: Lib\u00e9ration du prisonnier politique Ahmed Bouazizi Le Progr\u00e9s : Un imam lyonnais (tunisien, NDLR) en voie d&rsquo;expulsion AFP: Deux immigr\u00e9s tentent la travers\u00e9e Tunisie\/Italie en scooter des mers Kalima: Mise au point Neue Z\u00fcrcher Zeitung: Aff\u00e4re um eine gestohlene Luxusjacht [&hellip;]<\/p>\n","protected":false},"author":1,"featured_media":22040,"comment_status":"open","ping_status":"open","sticky":false,"template":"","format":"standard","meta":{"inline_featured_image":false,"site-sidebar-layout":"default","site-content-layout":"","ast-site-content-layout":"default","site-content-style":"default","site-sidebar-style":"default","ast-global-header-display":"","ast-banner-title-visibility":"","ast-main-header-display":"","ast-hfb-above-header-display":"","ast-hfb-below-header-display":"","ast-hfb-mobile-header-display":"","site-post-title":"","ast-breadcrumbs-content":"","ast-featured-img":"","footer-sml-layout":"","ast-disable-related-posts":"","theme-transparent-header-meta":"","adv-header-id-meta":"","stick-header-meta":"","header-above-stick-meta":"","header-main-stick-meta":"","header-below-stick-meta":"","astra-migrate-meta-layouts":"default","ast-page-background-enabled":"default","ast-page-background-meta":{"desktop":{"background-color":"","background-image":"","background-repeat":"repeat","background-position":"center center","background-size":"auto","background-attachment":"scroll","background-type":"","background-media":"","overlay-type":"","overlay-color":"","overlay-opacity":"","overlay-gradient":""},"tablet":{"background-color":"","background-image":"","background-repeat":"repeat","background-position":"center center","background-size":"auto","background-attachment":"scroll","background-type":"","background-media":"","overlay-type":"","overlay-color":"","overlay-opacity":"","overlay-gradient":""},"mobile":{"background-color":"","background-image":"","background-repeat":"repeat","background-position":"center center","background-size":"auto","background-attachment":"scroll","background-type":"","background-media":"","overlay-type":"","overlay-color":"","overlay-opacity":"","overlay-gradient":""}},"ast-content-background-meta":{"desktop":{"background-color":"var(--ast-global-color-5)","background-image":"","background-repeat":"repeat","background-position":"center center","background-size":"auto","background-attachment":"scroll","background-type":"","background-media":"","overlay-type":"","overlay-color":"","overlay-opacity":"","overlay-gradient":""},"tablet":{"background-color":"var(--ast-global-color-5)","background-image":"","background-repeat":"repeat","background-position":"center center","background-size":"auto","background-attachment":"scroll","background-type":"","background-media":"","overlay-type":"","overlay-color":"","overlay-opacity":"","overlay-gradient":""},"mobile":{"background-color":"var(--ast-global-color-5)","background-image":"","background-repeat":"repeat","background-position":"center center","background-size":"auto","background-attachment":"scroll","background-type":"","background-media":"","overlay-type":"","overlay-color":"","overlay-opacity":"","overlay-gradient":""}},"footnotes":""},"categories":[],"tags":[64,37,29],"class_list":["post-16542","post","type-post","status-publish","format-standard","has-post-thumbnail","hentry","tag-64","tag-37","tag-fr"],"_links":{"self":[{"href":"https:\/\/tunisnews.net\/ar\/wp-json\/wp\/v2\/posts\/16542","targetHints":{"allow":["GET"]}}],"collection":[{"href":"https:\/\/tunisnews.net\/ar\/wp-json\/wp\/v2\/posts"}],"about":[{"href":"https:\/\/tunisnews.net\/ar\/wp-json\/wp\/v2\/types\/post"}],"author":[{"embeddable":true,"href":"https:\/\/tunisnews.net\/ar\/wp-json\/wp\/v2\/users\/1"}],"replies":[{"embeddable":true,"href":"https:\/\/tunisnews.net\/ar\/wp-json\/wp\/v2\/comments?post=16542"}],"version-history":[{"count":0,"href":"https:\/\/tunisnews.net\/ar\/wp-json\/wp\/v2\/posts\/16542\/revisions"}],"wp:featuredmedia":[{"embeddable":true,"href":"https:\/\/tunisnews.net\/ar\/wp-json\/wp\/v2\/media\/22040"}],"wp:attachment":[{"href":"https:\/\/tunisnews.net\/ar\/wp-json\/wp\/v2\/media?parent=16542"}],"wp:term":[{"taxonomy":"category","embeddable":true,"href":"https:\/\/tunisnews.net\/ar\/wp-json\/wp\/v2\/categories?post=16542"},{"taxonomy":"post_tag","embeddable":true,"href":"https:\/\/tunisnews.net\/ar\/wp-json\/wp\/v2\/tags?post=16542"}],"curies":[{"name":"wp","href":"https:\/\/api.w.org\/{rel}","templated":true}]}}