{"id":16532,"date":"2007-12-10T00:00:00","date_gmt":"2007-12-10T00:00:00","guid":{"rendered":"https:\/\/tunisnews.net\/10-decembre-2007\/"},"modified":"2007-12-10T00:00:00","modified_gmt":"2007-12-10T00:00:00","slug":"10-decembre-2007","status":"publish","type":"post","link":"https:\/\/tunisnews.net\/ar\/10-decembre-2007\/","title":{"rendered":"10 d\u00e9cembre 2007"},"content":{"rendered":"<p><html><head><meta content=\"text\/html\" description=\"        La Ligue Tunisienne de D\u00e9fense des Droits de l\u2019Homme (LTDH) f\u00eate encore \n        la journ\u00e9e internationale des droits de l\u2019Homme du 10 d\u00e9cembre dans la \n        marginalisation et la privation de ses droits les plus \u00e9l\u00e9mentaires\u00a0 \u00e0 \n        la libre expression, et \u00e0 la libert\u00e9 de r\u00e9union et d\u2019organisation depuis \n        de longues ann\u00e9es et se voit par cons\u00e9quent priv\u00e9e de jouer son r\u00f4le en \n        tant que ONG ind\u00e9pendante. \" http-equiv=\"Content-Type\"\/><\/head><body><body><\/p>\n<p align=\"center\" dir=\"ltr\"><b><a href=\"http:\/\/www.tunisnews.net\"><span>Home<\/span><span lang=\"FR-CH\"> &#8211; Accueil <\/span><span>&#8211;<\/span><\/a><\/b><\/p>\n<p><font face=\"Arial\" size=\"2\"><\/p>\n<div>   \u00a0<\/p>\n<div>\n<div>\n<div>  <span lang=\"FR\"> <\/p>\n<div align=\"center\" dir=\"ltr\"> <font face=\"Arial\"><font size=\"2\"> <span lang=\"SV\"> <strong><font size=\"7\">TUNISNEWS<\/font><\/strong><\/span> <\/font><\/font> <\/div>\n<div align=\"center\" dir=\"ltr\"> <strong><font face=\"Arial\"><font size=\"2\">8\u00a0\u00e8me\u00a0ann\u00e9e,          <span lang=\"FR\">N\u00b05\u00a02755 du 10.12.2007<\/span><\/font><\/font><\/strong><\/div>\n<p> <strong> <\/p>\n<div align=\"center\" dir=\"ltr\"> <b><span><blink> <font face=\"Arial\" size=\"2\">\u00a0archives : <\/font> <a href=\"\" target=\"_blank\" rel=\"noopener\"> <font face=\"Arial\" size=\"2\" target=\"_blank\">          www.tunisnews.net<\/font><\/a><\/blink><\/span><\/b><font face=\"Arial\" size=\"2\"> <\/font> <span lang=\"FR-CH\"> <span lang=\"FR\"> <span dir=\"rtl\" lang=\"FR\"> <span lang=\"FR-CH\"><font size=\"3\"> <font><font face=\"Arial\"> <font face=\"Arial\"><strong><font size=\"2\"><\/p>\n<hr\/>\n<p><\/font> <\/strong> <\/font><\/font><\/font><\/font><\/span><\/span><\/span><\/span><\/div>\n<div>\n<div dir=\"ltr\">\n<div>\n<p><font><font face=\"Arial\" size=\"2\"><strong>              C.R.L.D.H. Tunisie: La Ligue Tunisienne de D\u00e9fense des Droits de               l\u2019Homme continue son combat pour une existence effective               <font>C.R.L.D.H. Tunisie: Campagne de diffamation               orchestr\u00e9e contre M. Kh\u00e9ma\u00efs CHAMMARI<\/font>                Libert\u00e9 et Equit\u00e9: Toujours pas de nouvelles de l\u2019\u00e9tudiant               Abdelhamid Sgha\u00efer               <font>Libert\u00e9 et Equit\u00e9: Lourimi interdit de               conf\u00e9rence \u00e0 Tunis et d\u00e9tenu deux heures \u00e0 Sousse<\/font>               AISPP: Infos en continu               <font>AISPP: Appel de l&rsquo; ex prisonnier politique               Mansour Chaoui<\/font>               Kalima: G\u00e9n\u00e9ration Ben Ali: le g\u00e2chis               <font>Kalima: Ben Ali augmente les \u00ab salaires \u00bb de               l\u2019opposition<\/font>               Malek: Les \u00ab\u00a0Ben Ali&rsquo;s Angels\u00a0\u00bb de la censure               <font>R\u00e9alit\u00e9s: Apr\u00e8s sept ans d\u2019activit\u00e9,               Tunisnews s\u2019arr\u00eate<\/font>               R\u00e9alit\u00e9s: Que devient la Ligue Tunisienne des Droits de l\u2019Homme ?               <font>Le Temps:\u00a0 Assembl\u00e9e g\u00e9n\u00e9rale des magistrats               &#8211; Ouverture prochaine d&rsquo;un site web<\/font>               Le Temps: Sur les \u00e9crans fran\u00e7ais : \u00ab\u00a0La Graine et le mulet\u00a0\u00bb               d&rsquo;Abdellatif Kechiche               <font>Le Monde: Kadhafi \u00e0 Paris<\/font>               Le Monde: Et Kadhafi devint respectable               <font>Le Monde: La diplomatie africaine               controvers\u00e9e de Nicolas Sarkozy<\/font><\/strong><\/font><\/font><\/p>\n<\/div>\n<div> <strong><font size=\"2\"><\/p>\n<hr\/>\n<p><\/font><\/strong> <\/div>\n<\/p><\/div>\n<\/p><\/div>\n<p> <\/strong><\/span><\/div>\n<\/p><\/div>\n<div>\n<div align=\"center\" dir=\"ltr\"> <strong><font>C.R.L.D.H. Tunisie<\/font><\/strong>         Comit\u00e9 pour le Respect des Libert\u00e9s et des Droits de l\u2019Homme en Tunisie         Membre du R\u00e9seau Euro m\u00e9diterran\u00e9en des Droits de l\u2019Homme         21 ter rue Voltaire \u2013 FR-75011 PARIS\u00a0 &#8211; Tel\/Fax : 00.33.         (0)1.43.72.97.34         contact@crldht.org \/ www.crldht.org         <\/p>\n<h2 style=\"color: red;\"><font size=\"3\"><strong>Journ\u00e9e internationale des droits         de l\u2019Homme :<\/strong><\/font><\/h2>\n<\/p><\/div>\n<div align=\"center\" dir=\"ltr\">\n<p><font size=\"3\"><strong>La Ligue Tunisienne de D\u00e9fense         des Droits de l\u2019Homme continue son combat pour une existence effective<\/strong><\/font><\/p>\n<\/div>\n<div dir=\"ltr\">        \u00a0<\/div>\n<div dir=\"ltr\">                 La Ligue Tunisienne de D\u00e9fense des Droits de l\u2019Homme (LTDH) f\u00eate encore         la journ\u00e9e internationale des droits de l\u2019Homme du 10 d\u00e9cembre dans la         marginalisation et la privation de ses droits les plus \u00e9l\u00e9mentaires\u00a0 \u00e0         la libre expression, et \u00e0 la libert\u00e9 de r\u00e9union et d\u2019organisation depuis         de longues ann\u00e9es et se voit par cons\u00e9quent priv\u00e9e de jouer son r\u00f4le en         tant que ONG ind\u00e9pendante.          \u00a0         La plus ancienne des ligues arabes et africaines, la LTDH est depuis des         ann\u00e9es prise pour cible de la part du pouvoir policier de Ben Ali qui         l\u2019a emp\u00each\u00e9 \u00e0 deux reprises, en septembre 2005 et e mai 2006, de tenir         son\u00a0 6\u00e8me congr\u00e8s\u00a0 et ce par le biais des plusieurs dizaines de proc\u00e8s         et\u00a0 d\u00e9cisions judiciaires iniques.\u00a0          \u00a0         Depuis lors, les forces de police assurent 24h sur 24 l\u2019encerclement du         si\u00e8ge de la LTDH, emp\u00eachant toute personne d\u2019entrer, \u00e0 l\u2019exception des         membres du comit\u00e9 directeur, et toute manifestation publique soit-elle         ou priv\u00e9e de se d\u00e9rouler. De\u00a0 m\u00eame que les locaux des diff\u00e9rentes         sections\u00a0 qui ont \u00e9t\u00e9 ferm\u00e9es de fa\u00e7on permanente\u00a0 depuis le mois de         septembre 2005, les diff\u00e9rents militants r\u00e9gionaux ont \u00e9t\u00e9 priv\u00e9s\u00a0 de la         moindre activit\u00e9 en leur sein, pire ces derniers sont pourchass\u00e9s au         quotidien dans leurs moindres d\u00e9placements.          \u00a0         Cette situation traduit certes l\u2019acharnement du pouvoir policier         tunisien \u00e0 faire taire \u00e0 jamais cette prestigieuse organisation mais         nous r\u00e9v\u00e8le en m\u00eame temps le combat extraordinaire de ses Hommes et         Femmes dans les diff\u00e9rentes sections qui ne cessent de lutter pour         restituer leurs droits \u00e0 la r\u00e9union et \u00e0 l\u2019organisation au sein de leurs         locaux.          \u00a0         Le week end dernier les 8 et 9 d\u00e9cembre dernier, Les sections de         Sousse,\u00a0 Kairouan,\u00a0 Monastir,\u00a0 Bizerte,\u00a0 K\u00e9libia,\u00a0 Sfax,\u00a0 Gab\u00e8s, Mateur         et Nafta se sont mobilis\u00e9s dans leurs villes pour protester contre la         fermeture continue de leurs locaux\u00a0 et cette politique d\u2019asphyxie men\u00e9e         conter le mouvement associatif ind\u00e9pendant. Des rassemblements ont \u00e9t\u00e9         organis\u00e9s en pleine rue, devant les locaux et en pr\u00e9sence d\u2019un grand         nombre de policiers, un communiqu\u00e9 commun a \u00e9t\u00e9 distribu\u00e9 dans les caf\u00e9s         et les espaces publics et des slogans lanc\u00e9s pour d\u00e9fendre le droit \u00e0 la         libert\u00e9 et la dignit\u00e9.          \u00a0         Le CRLDHT salue ces courageuses\u00a0 initiatives qui affirment l\u2019attachement         des ligueurs \u00e0 leur organisation, la LTDH, et ne cessent de nous         rappeler que les actes de harc\u00e8lement constants dont ils font l\u2019objet ne         peuvent les d\u00e9tourner de leurs mobilisations pour la r\u00e9alisation du         congr\u00e8s de leur organisation, en toute ind\u00e9pendance.          \u00a0         Il exige par la m\u00eame occasion des autorit\u00e9s tunisiennes le respect des         conventions et trait\u00e9s internationaux qu\u2019ils ont ratifi\u00e9s, relatifs au         respect et \u00e0 la promotion des droits humains.          \u00a0         Il lance un appel pressant \u00e0 tous ses partenaires politiques et         associatifs pour la mobilisation aux c\u00f4t\u00e9s de la LTDH pour la         concr\u00e9tisation de son congr\u00e8s et le respect de son autonomie.\u00a0          .Paris, le : 10\/12\/2007<\/div>\n<\/p><\/div>\n<\/p><\/div>\n<div align=\"center\">\n<hr\/>\n<p>\u00a0     <strong><font>C.R.L.D.H. Tunisie<\/font><\/strong>     Comit\u00e9 pour le Respect des Libert\u00e9s et des Droits de l\u2019Homme en Tunisie     Membre du R\u00e9seau Euro m\u00e9diterran\u00e9en des Droits de l\u2019Homme     21 ter rue Voltaire \u2013 FR-75011 PARIS\u00a0 &#8211; Tel\/Fax : 00.33. (0)1.43.72.97.34     <a href=\"mailto:contact@crldht.org\">contact@crldht.org<\/a> \/    <a href=\"http:\/\/www.crldht.org\" target=\"_blank\" rel=\"noopener\">www.crldht.org<\/a><\/p>\n<\/div>\n<div align=\"center\" dir=\"ltr\"> <strong><\/p>\n<h2 style=\"color: red;\"><font size=\"3\">Campagne de diffamation orchestr\u00e9e     contre M. Kh\u00e9ma\u00efs CHAMMARI<\/font><\/h2>\n<p><\/strong> <\/div>\n<div dir=\"ltr\">    \u00a0<\/div>\n<div dir=\"ltr\">         L\u2019infatigable d\u00e9fenseur des droits humains et membre actif du Collectif 18     octobre pour les Droits et les Libert\u00e9s M. Kh\u00e9mais Chammari est de nouveau     la cible\u00a0 des journaux officiels de caniveau.      Il a \u00e9t\u00e9 outrag\u00e9 et ignoblement injuri\u00e9 par les organes de la d\u00e9sinformation     officielle, notamment Al-Chourouk, Al Hadeth\u2026, au lendemain d\u2019une conf\u00e9rence     de presse organis\u00e9e le lundi 03 d\u00e9cembre 2007 par le Forum D\u00e9mocratique pour     le Travail et les Libert\u00e9s (FDTL) et le Parti D\u00e9mocrate Progressiste (PDP)     et pr\u00e9sid\u00e9e par notre camarade\u00a0 Kh\u00e9mais Chammari qui\u00a0 a pr\u00e9sent\u00e9 au nom du     Collectif un cahier regroupant deux textes r\u00e9f\u00e9rentiels portant sur     l\u2019\u00e9galit\u00e9 de genre et sur la libert\u00e9 de conscience et a annonc\u00e9     l\u2019\u00e9largissement des objectifs du Collectif\u2026     Le mercredi 5 d\u00e9cembre 2007, le journal \u00ab Al Hadeth \u00bb, leader de la     d\u00e9sinformation et de la calomnie, connu pour ses liens \u00e9troits avec les     services du minist\u00e8re de l\u2019Int\u00e9rieur, consacre \u00e0 notre camarade une page et     demi du journal en d\u00e9versant sa haine et en prof\u00e9rant ses calomnies. Il a     \u00e9t\u00e9\u00a0 suivi ensuite par le journal \u00ab Le Quotidien \u00bb.\u00a0      En outre, Mokhtar Trifi,\u00a0 pr\u00e9sident\u00a0 de la Ligue Tunisienne des Droits de     l\u2019Homme et Kh\u00e9mais Ksila, son secr\u00e9taire g\u00e9n\u00e9ral, n\u2019ont pas \u00e9chapp\u00e9 \u00e0 ces     attaques ignominieuses\u00a0 et la liste des opposants d\u00e9fenseurs des droits     humains, victimes de ces m\u00e9thodes diffamatoires n\u2019en finit pas.      Ces proc\u00e9d\u00e9s abjects qui ont pour but de salir et de d\u00e9shonorer les     d\u00e9mocrates\u00a0 tunisiens,\u00a0 sont organis\u00e9s et commandit\u00e9s, depuis de longues     ann\u00e9es, par les plus hautes autorit\u00e9s\u00a0 politiques du pays. Ils r\u00e9v\u00e8lent la     crise politique que traverse ce\u00a0 r\u00e9gime policier,\u00a0 incapable de r\u00e9pondre aux     besoins et attentes formul\u00e9s par la soci\u00e9t\u00e9 civile tunisienne dans sa qu\u00eate     pour les droits humains et de libert\u00e9s fondamentales.      Le CRLDHT condamne vigoureusement ces pratiques d\u2019un autre \u00e2ge, qui     t\u00e9moignent d\u2019un grave d\u00e9ficit de l\u2019Etat de droit et exprime sa\u00a0 solidarit\u00e9     ind\u00e9fectible \u00e0 notre camarade Kh\u00e9mais Chammari et \u00e0 tous les d\u00e9fenseurs(e)s     des droits humains, victimes de ces campagnes orduri\u00e8res orchestr\u00e9es par les     services sp\u00e9ciaux du minist\u00e8re de l\u2019int\u00e9rieur.      \u00a0Il demande \u00e0 mettre un terme \u00e0 l\u2019impunit\u00e9 dont b\u00e9n\u00e9ficient les auteurs et     les commanditaires de ces campagnes diffamatoires, attentatoires \u00e0 la     dignit\u00e9 et l\u2019int\u00e9grit\u00e9 des Hommes et des Femmes, victimes de ces campagnes.         Il rappelle \u00e0 l\u2019Etat tunisien son devoir de veiller au respect des     institutions et des lois et notamment celles qui prot\u00e8gent la vie priv\u00e9e des     citoyens.      Journ\u00e9e internationale des droits de l\u2019Homme : La Ligue Tunisienne de     D\u00e9fense des Droits de l\u2019Homme continue son combat pour une existence     effective      La Ligue Tunisienne de D\u00e9fense des Droits de l\u2019Homme (LTDH) f\u00eate encore la     journ\u00e9e internationale des droits de l\u2019Homme du 10 d\u00e9cembre dans la     marginalisation et la privation de ses droits les plus \u00e9l\u00e9mentaires\u00a0 \u00e0 la     libre expression, et \u00e0 la libert\u00e9 de r\u00e9union et d\u2019organisation depuis de     longues ann\u00e9es et se voit par cons\u00e9quent priv\u00e9e de jouer son r\u00f4le en tant     que ONG ind\u00e9pendante.      La plus ancienne des ligues arabes et africaines, la LTDH est depuis des     ann\u00e9es prise pour cible de la part du pouvoir policier de Ben Ali qui l\u2019a     emp\u00each\u00e9 \u00e0 deux reprises, en septembre 2005 et e mai 2006, de tenir son\u00a0 6\u00e8me     congr\u00e8s\u00a0 et ce par le biais des plusieurs dizaines de proc\u00e8s et\u00a0 d\u00e9cisions     judiciaires iniques.\u00a0      Depuis lors, les forces de police assurent 24h sur 24 l\u2019encerclement du     si\u00e8ge de la LTDH, emp\u00eachant toute personne d\u2019entrer, \u00e0 l\u2019exception des     membres du comit\u00e9 directeur, et toute manifestation publique soit-elle ou     priv\u00e9e de se d\u00e9rouler. De\u00a0 m\u00eame que les locaux des diff\u00e9rentes sections\u00a0 qui     ont \u00e9t\u00e9 ferm\u00e9es de fa\u00e7on permanente\u00a0 depuis le mois de septembre 2005, les     diff\u00e9rents militants r\u00e9gionaux ont \u00e9t\u00e9 priv\u00e9s\u00a0 de la moindre activit\u00e9 en     leur sein, pire ces derniers sont pourchass\u00e9s au quotidien dans leurs     moindres d\u00e9placements.      Cette situation traduit certes l\u2019acharnement du pouvoir policier tunisien \u00e0     faire taire \u00e0 jamais cette prestigieuse organisation mais nous r\u00e9v\u00e8le en     m\u00eame temps le combat extraordinaire de ses Hommes et Femmes dans les     diff\u00e9rentes sections qui ne cessent de lutter pour restituer leurs droits \u00e0     la r\u00e9union et \u00e0 l\u2019organisation au sein de leurs locaux.      Le week end dernier les 8 et 9 d\u00e9cembre dernier, Les sections de Sousse,\u00a0     Kairouan,\u00a0 Monastir,\u00a0 Bizerte,\u00a0 K\u00e9libia,\u00a0 Sfax,\u00a0 Gab\u00e8s, Mateur et Nafta se     sont mobilis\u00e9s dans leurs villes pour protester contre la fermeture continue     de leurs locaux\u00a0 et cette politique d\u2019asphyxie men\u00e9e conter le mouvement     associatif ind\u00e9pendant. Des rassemblements ont \u00e9t\u00e9 organis\u00e9s en pleine rue,     devant les locaux et en pr\u00e9sence d\u2019un grand nombre de policiers, un     communiqu\u00e9 commun a \u00e9t\u00e9 distribu\u00e9 dans les caf\u00e9s et les espaces publics et     des slogans lanc\u00e9s pour d\u00e9fendre le droit \u00e0 la libert\u00e9 et la dignit\u00e9.      Le CRLDHT salue ces courageuses\u00a0 initiatives qui affirment l\u2019attachement des     ligueurs \u00e0 leur organisation, la LTDH, et ne cessent de nous rappeler que     les actes de harc\u00e8lement constants dont ils font l\u2019objet ne peuvent les     d\u00e9tourner de leurs mobilisations pour la r\u00e9alisation du congr\u00e8s de leur     organisation, en toute ind\u00e9pendance.      Il exige par la m\u00eame occasion des autorit\u00e9s tunisiennes le respect des     conventions et trait\u00e9s internationaux qu\u2019ils ont ratifi\u00e9s, relatifs au     respect et \u00e0 la promotion des droits humains.      Il lance un appel pressant \u00e0 tous ses partenaires politiques et associatifs     pour la mobilisation aux c\u00f4t\u00e9s de la LTDH pour la concr\u00e9tisation de son     congr\u00e8s et le respect de son autonomie.\u00a0      Paris le .10 d\u00e9cembre 2007 <\/p>\n<hr\/><\/div>\n<div dir=\"ltr\">\n<div align=\"center\" dir=\"ltr\"> <font face=\"Arial\">       Libert\u00e9 pour Slim Boukhdir, la plume libre       <strong><font>Libert\u00e9 et Equit\u00e9<\/font><\/strong>       URGENCE : sauvez la vie de l\u2019ex prisonnier politique Ahmed Bouazizi       33 rue Mokhtar Atya, 1001 tunis       Tel\/fax : 71 340 860       Email : <\/font><a href=\"mailto:libert\u00e9-\u00e9quit\u00e9@yahoo.fr\"> <font face=\"Arial\">libert\u00e9-\u00e9quit\u00e9@yahoo.fr<\/font><\/a>       Tunis, le 10 d\u00e9cembre 2007              <strong><\/p>\n<h2 style=\"color: red;\"><font size=\"3\"><font size=\"2\">      Libert\u00e9 et Equit\u00e9<\/font>       Toujours pas de nouvelles de l\u2019\u00e9tudiant Abdelhamid Sgha\u00efer<\/font><\/h2>\n<p><\/strong><\/div>\n<div align=\"justify\" dir=\"ltr\">      \u00a0<\/div>\n<div align=\"justify\" dir=\"ltr\">             L\u2019\u00e9tudiant Abdelhamid Sgha\u00efer, arr\u00eat\u00e9 le samedi 1er d\u00e9cembre 2007, est       toujours en garde \u00e0 vue, les derni\u00e8res nouvelles remontant \u00e0 son       arrestations par la police de la cit\u00e9 Ibn Khaldoun. Il a d\u00e9j\u00e0 \u00e9t\u00e9 arr\u00eat\u00e9 \u00e0       plusieurs reprises, mais cette fois-ci la garde \u00e0 vue dure, il n\u2019a pas \u00e9t\u00e9       d\u00e9f\u00e9r\u00e9, ni lib\u00e9r\u00e9. Plus : sa famille a pris contact avec le poste de       police en question et le responsable a ni\u00e9 qu\u2019Abdelhamid Sgha\u00efer y soit       d\u00e9tenu, ni m\u00eame qu\u2019il ait \u00e9t\u00e9 arr\u00eat\u00e9 par ses agents.       Libert\u00e9 et \u00c9quit\u00e9 [\u2026]       Pour le bureau ex\u00e9cutif de l\u2019organisation       <strong><font>Monsieur Zouha\u00efer Makhlouf<\/font><\/strong> <font>(traduction d\u2019extraits ni revue ni corrig\u00e9e par les       auteurs de la version en arabe, LT)<\/font>              \u00a0<\/div>\n<div dir=\"ltr\">\n<hr\/><\/div>\n<div align=\"center\" dir=\"ltr\">             Libert\u00e9 pour Slim Boukhdir, la plume libre       <strong><font>Libert\u00e9 et Equit\u00e9<\/font><\/strong>              URGENCE : sauvez la vie de l\u2019ex prisonnier politique Ahmed Bouazizi       33 rue Mokhtar Atya, 1001 tunis       Tel\/fax : 71 340 860       Email : libert\u00e9-\u00e9quit\u00e9@yahoo.fr              Tunis, le 10 d\u00e9cembre 2007              <strong><\/p>\n<h2 style=\"color: red;\"><font size=\"3\">Lourimi interdit de conf\u00e9rence \u00e0       Tunis et d\u00e9tenu deux heures \u00e0 Sousse<\/font><\/h2>\n<p><\/strong><\/div>\n<div dir=\"ltr\">      \u00a0<\/div>\n<div dir=\"ltr\">      Vendredi 7 d\u00e9cembre \u00e0 une heure de l\u2019apr\u00e8s midi, l\u2019ex prisonnier politique       Ajmi Lourimi s\u2019est vu interdire de p\u00e9n\u00e9trer dans la capitale. Les forces       de police, dont le nombre frisait la quinzaine d\u2019agents, lui ont barr\u00e9 la       route \u00e0 la gare de louage \u00e0 Tunis, l\u2019ont enferm\u00e9 dans le v\u00e9hicule et l\u2019ont       ramen\u00e9 \u00e0 Sousse attach\u00e9, et suivi par des unit\u00e9s de police, puis il a \u00e9t\u00e9       emmen\u00e9 au poste du district de police de Msaken dont il n\u2019a \u00e9t\u00e9 lib\u00e9r\u00e9       qu\u2019une fois pass\u00e9e l\u2019heure de la conf\u00e9rence.       Cette d\u00e9tention survient apr\u00e8s l\u2019appel lanc\u00e9 par la f\u00e9d\u00e9ration de Tunis du       PDP \u00e0 une r\u00e9union au si\u00e8ge central du Parti vendredi 7 d\u00e9cembre \u00e0 quatre       heures et demi de l\u2019apr\u00e8s midi sur le th\u00e8me \u00ab les partis d\u2019inspiration       religieuse entre la r\u00e9alit\u00e9 et la repr\u00e9sentation \u00bb       Notons que les agents de la S\u00fbret\u00e9 de l\u2019Etat \u00e0 Tunis ont re\u00e7u l\u2019ordre       d\u2019interdire \u00e0 tous les prisonniers lib\u00e9r\u00e9s d\u2019assister \u00e0 cette r\u00e9union.       Libert\u00e9 et \u00c9quit\u00e9 [\u2026]       Pour le bureau ex\u00e9cutif de l\u2019organisation       <strong><font>Monsieur Zouha\u00efer Makhlouf       <\/font><\/strong><font>(traduction d\u2019extraits ni revue ni       corrig\u00e9e par les auteurs de la version en arabe, LT)<\/font>        \u00a0<\/div>\n<div dir=\"ltr\">\n<hr\/><\/div>\n<div align=\"center\" dir=\"ltr\">      Libert\u00e9 pour tous les prisonniers politiques       Libert\u00e9 pour Abdallah Zouari, le journaliste exil\u00e9 dans son propre pays              <strong><font>Association Internationale de Soutien aux       Prisonniers Politiques<\/font><\/strong>       43 rue Eldjazira Tunis       E-mail :aispptunisie@yahoo.fr              Tunis, le 8 d\u00e9cembre 2007              <strong><\/p>\n<h2 style=\"color: red;\"><font size=\"3\">Infos en continu       Les proc\u00e8s continuent !<\/font><\/h2>\n<p><\/strong><\/div>\n<div dir=\"ltr\">      \u00a0<\/div>\n<div dir=\"ltr\">             La quatri\u00e8me chambre criminelle du Tribunal de Premi\u00e8re Instance de Tunis       \u00e0 examin\u00e9 aujourd\u2019hui l\u2019affaire n\u00b014233 dans laquelle sont d\u00e9f\u00e9r\u00e9s Bilel       Jaber, Se\u00effeddine Lamouchi, Nibras Jebali et Hassen Ben Saada, accus\u00e9s       d\u2019adh\u00e9sion \u00e0 une organisation terroriste, de l\u2019avoir fait conna\u00eetre,       d\u2019appel \u00e0 la commission de crimes terroristes, d\u2019utilisation d\u2019un nom,       d\u2019un mot ou d\u2019un symbole pour identifier l\u2019organisation terroriste, son       activit\u00e9 et ses membres, d\u2019avoir pens\u00e9 \u00e0 rejoindre la r\u00e9sistance irakienne       et d\u2019avoir enr\u00f4l\u00e9 des \u00e9l\u00e9ments \u00e0 cette fin. Ma\u00eetres Noureddine Bhiri,       Hassen Ghodhbani, Sabah Zouaghi, Ali Abdelkarim ont plaid\u00e9. [\u2026] Le juge       Mehrez Hammami a mis l\u2019affaire en d\u00e9lib\u00e9r\u00e9.       [\u2026]       Pour la commission de suivi des proc\u00e8s       Le pr\u00e9sident de l\u2019association       <strong><font>Ma\u00eetre Sa\u00efda Akrami<\/font><\/strong> <font>(traduction d\u2019extraits ni revue ni corrig\u00e9e par les       auteurs de la version en arabe, LT)<\/font> \u00a0<\/div>\n<div dir=\"ltr\">\n<hr\/><\/div>\n<div align=\"center\" dir=\"ltr\">             Libert\u00e9 pour tous les prisonniers politiques       Libert\u00e9 pour Abdallah Zouari, le journaliste exil\u00e9 dans son propre pays              <strong><font>Association Internationale de Soutien aux       Prisonniers Politiques<\/font><\/strong>       43 rue Eldjazira Tunis       E-mail :aispptunisie@yahoo.fr              Tunis, le 8 d\u00e9cembre 2007 \u00a0<\/div>\n<div dir=\"ltr\">      \u00a0<\/div>\n<div dir=\"ltr\"> <em>La commission de suivi des prisonniers lib\u00e9r\u00e9s a re\u00e7u une lettre de       l\u2019ex prisonnier politique Mansour Chaoui, que nous reproduisons tout en       nous interrogeant : jusqu\u2019\u00e0 quand va perdurer le silence sur ces crimes       quotidiens commis sur des hommes parmi les meilleurs qu\u2019a produit notre       peuple et jusqu\u2019\u00e0 quand va-t-on accepter la politique du ch\u00e2timent       collectif\u2026 \u00e9ternel !<\/em><\/div>\n<div dir=\"ltr\">             Louanges \u00e0 Dieu       Sfax, le 6 d\u00e9cembre 2007       \u00c0 l\u2019attention de l\u2019AISPP et des commissions de suivi des prisonniers       lib\u00e9r\u00e9s, \u00e0 toutes les organisations de droits de l\u2019homme, aux m\u00e9dias aux       institutions politiques et judiciaires        Je soussign\u00e9 Mansour Chaoui, Tunisien, d\u00e9tenteur de la carte d\u2019identit\u00e9       nationale n\u00b001289334, d\u00e9livr\u00e9e \u00e0 Tunis le 21 f\u00e9vrier 2000, ex prisonnier       politique, ayant effectu\u00e9 six ans d\u2019emprisonnement dans les prisons \u00ab       ferm\u00e9es \u00bb tunisiennes et neuf ans dans la prison \u00e0 ciel ouvert qu\u2019est le       contr\u00f4le administratif, en raison de mon activit\u00e9 politique, pourtant       garantie par la loi et toutes les conventions internationales, je vous       informe que j\u2019ai termin\u00e9 ma peine le 26 d\u00e9cembre 2006 et ce dossier a \u00e9t\u00e9       cl\u00f4t par une d\u00e9cret minist\u00e9riel qui m\u2019a \u00e9t\u00e9 notifi\u00e9 le 8 mars 2007.       Je vous informe que ce dossier est \u00ab cl\u00f4t \u00bb, mais qu\u2019il n\u2019est pas pour       autant \u00ab ferm\u00e9 \u00bb : tout continue et s\u2019\u00e9tend \u00e0 mon milieu familial, mon       p\u00e8re et ma m\u00e8re qui sont \u00e2g\u00e9s, ainsi que mes s\u0153urs qui sont terroris\u00e9s par       t\u00e9l\u00e9phone au pr\u00e9texte que je suis convoqu\u00e9 par la police. Mon fils et ma       fille, encore de jeunes enfants, sont effray\u00e9s par les visites des agents       de police incessantes \u00e0 mon domicile en mon absence. Ils sont interrog\u00e9s       ainsi que leur m\u00e8re, menac\u00e9s de voir le domicile investi et de me voir       ramen\u00e9 en prison si je n\u2019obtemp\u00e8re pas \u00e0 leurs ordres. La derni\u00e8re de ces       visites \u00e0 eu lieu hier soir. L\u2019immunit\u00e9 du domicile a \u00e9t\u00e9 viol\u00e9e par une       brigade de police, notamment le chef du poste de police de la cit\u00e9       Bourguiba, un d\u00e9nomm\u00e9 Fethi et de deux ses agents, dont l\u2019un est \u00ab Hamadi       Zrif\u00ab . Tous \u00e9taient en civil. Ils ont fouill\u00e9 la maison et m\u00eame le       computer personnel de mes enfants, la terrasse. Lorsque je leur ai demand\u00e9       ce qu\u2019ils cherchaient, le chef du poste, Fethi, a r\u00e9torqu\u00e9 que cela       relevait d\u2019un contr\u00f4le de routine. Cette sanction s\u2019\u00e9tend aussi \u00e0 mon       environnement professionnel et mes voisins qui sont constamment interrog\u00e9s,       menac\u00e9s, incit\u00e9s \u00e0 faire de faux t\u00e9moignages et \u00e0 me boycotter [\u2026]       Je suis d\u00e9prim\u00e9, angoiss\u00e9 et anxieux au point que j\u2019en suis arriv\u00e9 \u00e0       vouloir retourner en prison ou mourir, plut\u00f4t que de vivre cette       humiliation qui hypoth\u00e8que ma vie et celle de mes enfants, qui nous impose       le ch\u00f4mage, la mis\u00e8re [\u2026]       Aussi, j\u2019exhorte toutes les composantes de la soci\u00e9t\u00e9 civile \u00e0 me soutenir       et \u00e0 faire en sorte que soit d\u00e9finitivement cl\u00f4t ce dossier [\u2026] que tous       mes droits me soient restitu\u00e9s et que ma fille puisse retourner \u00e0 l\u2019\u00e9cole,       apr\u00e8s en avoir \u00e9t\u00e9 emp\u00each\u00e9e l\u2019ann\u00e9e pass\u00e9e pour avoir voulu choisir les       v\u00eatements qu\u2019elle porterait.       Signature : Mansour CHAOUI       Pour la commission de suivi des prisonniers lib\u00e9r\u00e9s       Le pr\u00e9sident de l\u2019association       <strong><font>Ma\u00eetre Sa\u00efda Akrami<\/font><\/strong> <font>(traduction d\u2019extraits ni revue ni corrig\u00e9e par les       auteurs de la version en arabe, LT) <\/p>\n<hr\/>\n<p><\/font> <\/div>\n<div dir=\"ltr\"> <font> <\/p>\n<div align=\"center\">\n<h2 style=\"color: red;\"><font face=\"Arial\" size=\"4\"><strong>G\u00e9n\u00e9ration Ben Ali:         le g\u00e2chis<\/strong><\/font><\/h2>\n<\/div>\n<div align=\"justify\"> <font face=\"Arial\" size=\"2\"><strong>Sihem Bensedrine<\/strong><\/font> <font face=\"Arial\" size=\"2\">5 d\u00e9cembre 2007         Je d\u00e9die ce texte \u00e0 la m\u00e9moire de Omar Chelendi, une victime de Ben Ali,         d\u00e9c\u00e9d\u00e9 en Somalie \u00e0 l&rsquo;\u00e2ge de 25 ans          Kais a vingt ans aujourd&rsquo;hui. Le bel \u00e2ge? Pas vraiment. Il est n\u00e9 le 7         novembre 1987, le jour o\u00f9 le G\u00e9n\u00e9ral Ben Ali prenait le pouvoir en         Tunisie par un coup d&rsquo;Etat \u00ab\u00a0m\u00e9dical \u00a0\u00bb sans effusion de sang, il est vrai;         La \u00ab\u00a0r\u00e9volution du jasmins\u00a0\u00bb commenteront certaines chancelleries         occidentales qui s&rsquo;\u00e9taient empress\u00e9es de cautionner ce r\u00e9gime et n&rsquo;ont         jamais pris leur distance depuis. Seulement, ce n&rsquo;est pas dans les         jasmins qu&rsquo;a grandi la \u00ab\u00a0g\u00e9n\u00e9ration Ben Ali\u00a0\u00bb, mais dans les cactus.                  Kais est n\u00e9 et a grandi sans avoir jamais vu un seul journal ind\u00e9pendant.         Pour lui, il est normal que les journaux publics et priv\u00e9s chantent la         gloire de \u00ab\u00a0l&rsquo;artisan du changement \u00ab\u00a0.Et il est normal qu&rsquo;aucune critique         ne soit tol\u00e9r\u00e9e \u00e0 l&rsquo;endroit du chef de l&rsquo;Etat, de son entourage ou de sa         politique, dans les m\u00e9dias. C&rsquo;est comme \u00e7a. Les critiques, on a juste le         droit de les chuchoter en priv\u00e9, en s&rsquo;assurant que les enfants         n&rsquo;\u00e9coutent pas; On ne sait jamais, les murs ont des oreilles et les         enfants r\u00e9p\u00e8tent imprudemment.                   Kais ne sait pas ce qu&rsquo;est l&rsquo;art de la caricature, tel qu&rsquo;il l&rsquo;a         d\u00e9couvert sur un journal comme le \u00ab\u00a0Canard encha\u00een\u00e9\u00a0\u00bb, que les amis         \u00e9trangers de ses parents leur rapportent de voyage de temps en temps et         qu&rsquo;ils lisent en cachette, car le journal est interdit en Tunisie. Kais         ignore que le lendemain de sa naissance a marqu\u00e9 la mort de cet art en         Tunisie. Un journaliste a os\u00e9 une caricature montrant un homme sur un         baudet qui sort du 6 novembre et entre au 7 novembre sur la m\u00eame monture         et les m\u00eames habits (par allusion \u00e0 la classe politique qui a servi avec         la m\u00eame fid\u00e9lit\u00e9 les deux r\u00e9gimes du jour au lendemain); Il lui en co\u00fbta         un passage de quelques jours aux sous sols de la \u00ab\u00a0Dakhilya\u00a0\u00bb, les locaux         de la s\u00fbret\u00e9 de l&rsquo;Etat \u00e0 l\u2019avenue Bourguiba, o\u00f9 l\u2019on vous somme de         mettre votre dignit\u00e9 aux vestiaires. La le\u00e7on valut pour tous; depuis ce         jour l\u00e0, plus aucun caricaturiste ne s&rsquo;essaya \u00e0 cet art impertinent;         certains se sont convertis en cireurs de pompes, l&rsquo;un des plus virulents         crayon a sign\u00e9 un hymne \u00e0 la gloire de Ben Ali en bande dessin\u00e9e; les         plus dignes se sont exil\u00e9s.                  Pour Kais, c&rsquo;est aussi normal d&rsquo;avoir le m\u00eame pr\u00e9sident pour toujours;         Il a grandi avec le m\u00eame pr\u00e9sident qui n&rsquo;a jamais chang\u00e9 et il va peut         \u00eatre mourir avant lui; Les pr\u00e9sidents chez nous, \u00e7a ne change pas!         P\u00e9riodiquement, on fait un festival et on dit qu&rsquo;on est content de         l&rsquo;avoir et que sans lui, on ne peut rien faire. On appelle cela \u00ab\u00a0\u00e9lections\u00a0\u00bb;         mais c&rsquo;est r\u00e9serv\u00e9 aux adultes qui ont un boulot et beaucoup de dettes         avec les banques; Les jeunes, ils n&rsquo;ont pas de carte d&rsquo;\u00e9lecteur, c&rsquo;est         normal, ils ne payent pas le 2626 !                  Kais aimait bien passer ses week-ends dans des caf\u00e9s de Karaok\u00e9 avec des         copains du quartier hupp\u00e9 d&rsquo;El Manar; Le go\u00fbt lui est pass\u00e9, depuis que         l&rsquo;un de ses amis a \u00e9t\u00e9 embarqu\u00e9 par les flics qui l&rsquo;ont attrap\u00e9 fumant         un joint et il a \u00e9cop\u00e9 de 2 ans de prison, le tarif de base; Pour Kais,         c&rsquo;est normal que les flics fassent des rafles dans les caf\u00e9s, embarquent         les jeunes au poste un samedi soir et prennent 24 heures pour v\u00e9rifier         leur identit\u00e9 \u00e0 coup de matraques; Il en a toujours \u00e9t\u00e9 ainsi. Kais n&rsquo;a         pas connu cette p\u00e9riode o\u00f9 les policiers du r\u00e9gime autoritaire de         Bourguiba pr\u00e9sentaient des mandats d&rsquo;amener avant d&#8217;embarquer un citoyen.                  La fr\u00e9quentation des cybercaf\u00e9s n&rsquo;est pas moins \u00e0 haut risque; Kais le         sait maintenant \u00e0 ses d\u00e9pends; Il a rencontr\u00e9 un jeune avec lequel il a         sympathis\u00e9; il lui a fait d\u00e9couvrir certains sites islamistes Salafistes,         ceux-l\u00e0 non censur\u00e9s par la cyberpolice! Il a d\u00e9couvert un autre         discours et un exutoire \u00e0 sa qu\u00eate d&rsquo;id\u00e9al et de d\u00e9fis \u00e0 relever. Un         jour la police est arriv\u00e9e dans le cybercaf\u00e9 et a embarqu\u00e9 son copain         dans une mise en sc\u00e8ne digne d&rsquo;un Western Spaghetti. Les autres ont         compris; Et de crainte de voir son tour arriver, t\u00e9tanis\u00e9, il s&rsquo;est         clo\u00eetr\u00e9 chez lui. Ils ne sont pas venus le chercher, ni le 1er, ni le 2e         jour, ni les jours suivants; pourtant, le g\u00e9rant du cybercaf\u00e9 le conna\u00eet         pour avoir relev\u00e9 son identit\u00e9 et son adresse; et tout le monde sait que         les propri\u00e9taires de cybercaf\u00e9s travaillent avec la police.                  Kais ne sait plus quoi faire de ses vingt ans. Il a envie d&rsquo;\u00e9clater, de         se faire exploser pour LA Bonne cause; et il y en a tellement! Ce vide         d&rsquo;activit\u00e9, il ne le supporte plus; il a le \u00ab\u00a0d\u00e9gouttage\u00a0\u00bb comme on dit         dans le jargon des jeunes Tunisiens. Cela fait d\u00e9j\u00e0 un moment qu&rsquo;il ne         va plus suivre les cours \u00e0 l&rsquo;Universit\u00e9; A quoi bon; Il n&rsquo;a m\u00eame pas pu         choisir sa branche d&rsquo;\u00e9tudes; Il voulait faire les Beaux arts et on lui a         impos\u00e9 \u00ab\u00a0techniques commerciales\u00a0\u00bb dans un Institut, comme il en a \u00e9t\u00e9         cr\u00e9\u00e9 partout, comme des champignons et qui n&rsquo;ouvrent sur aucun avenir;         dipl\u00f4mes pas assez qualifi\u00e9s pour les m\u00e9tiers de cadres et trop         qualifi\u00e9s pour les fili\u00e8res professionnelles; Kais comprend que ces         champignons ont l&rsquo;avantage de retenir les jeunes et de fournir des         statistiques aux \u00ab\u00a0r\u00e9alisations de Ben Ali\u00a0\u00bb                   Kais ne r\u00eave que d&rsquo;une chose maintenant, partir, fuir, n&rsquo;importe o\u00f9; Il         a fait une demande de passeport et on le lui a refus\u00e9; \u00ab\u00a0il n&rsquo;a aucune         raison valable pour voyager\u00a0\u00bb! Kais ne le sait que trop, quand on est         jeune, on est consid\u00e9r\u00e9 comme un suspect ; suspect de \u00ab\u00a0d\u00e9lit de jeunesse\u00a0\u00bb,         cette race qui n\u2019a rien \u00e0 perdre et qui fait tant peur \u00e0 Ben Ali.         Aujourd&rsquo;hui, Kais pense \u00e0 \u00ab\u00a0br\u00fbler\u00a0\u00bb \u00e0 faire le \u00ab\u00a0Harq\u00a0\u00bb, franchir les         fronti\u00e8res de n&rsquo;importe quelle mani\u00e8re; quitte \u00e0 mourir en mer; et         mourir pour mourir, autant que cela soit pour \u00ab\u00a0La bonne cause\u00a0\u00bb!<\/font><\/div>\n<p> <\/font> <\/div>\n<div dir=\"ltr\"> <font><\/font>\u00a0<\/div>\n<div dir=\"ltr\"> <font><font><strong>(Source: Le nr 58 de       Kalima mis en ligne le 5 decebre 2007)<\/strong><\/font><\/font><\/div>\n<div dir=\"ltr\"> <strong><\/p>\n<hr\/>\n<p><\/strong> <\/div>\n<div dir=\"ltr\">\n<div align=\"center\">\n<h2 style=\"color: red;\"><font size=\"3\"><strong>Ben Ali augmente les \u00ab salaires \u00bb         de l\u2019opposition<\/strong><\/font><\/h2>\n<\/div>\n<div align=\"center\">        \u00a0<\/div>\n<div align=\"left\"> <font face=\"Arial\"><strong>Sihem Bensedrine<\/strong><\/font><\/div>\n<div align=\"justify\"> <font>5 d\u00e9cembre 2007         Ben Ali a augment\u00e9 les salaires de l\u2019opposition ! C\u2019est ainsi que des         gens simples ont interpr\u00e9t\u00e9 le rel\u00e8vement des subventions accord\u00e9es \u00e0         l\u2019occasion de la c\u00e9l\u00e9bration du 20 anniversaire du \u00ab changement \u00bb.          En effet, dans le cadre du train de mesures annonc\u00e9es \u00e0 cette occasion,         il a \u00e9t\u00e9 d\u00e9cid\u00e9 de \u00ab Doubler le montant de la subvention fixe r\u00e9serv\u00e9e         au financement des partis repr\u00e9sent\u00e9s \u00e0 la Chambre des d\u00e9put\u00e9s, pour les         aider \u00e0 renforcer leur r\u00f4le et \u00e0 d\u00e9velopper leurs activit\u00e9s, et         augmenter la subvention r\u00e9serv\u00e9e \u00e0 leurs journaux, pour les aider \u00e0         mieux faire entendre leur voix et \u00e0 faire conna\u00eetre leurs programmes et         leurs opinions. \u00bb.          Il s\u2019agit bien des partis repr\u00e9sent\u00e9s \u00e0 la chambre des d\u00e9put\u00e9s. Tout le         monde a compris ; si on s\u2019oppose pour de bon, on n\u2019a rien et si on         s\u2019oppose en appuyant, on est r\u00e9compens\u00e9. C\u2019est peut \u00eatre l\u00e0         l\u2019explication de la \u00ab retenue \u00bb des d\u00e9put\u00e9s de l\u2019 \u00ab opposition \u00bb lors         des d\u00e9bats budg\u00e9taires.<\/font><\/div>\n<div align=\"justify\"> <font> <\/p>\n<div dir=\"ltr\"> <font><\/font>\u00a0<\/div>\n<div dir=\"ltr\"> <font><strong>(Source: Le nr 58 de Kalima mis en ligne           le 5 decebre 2007)<\/strong><\/font><\/div>\n<div dir=\"ltr\"> <strong><\/p>\n<hr\/>\n<p><\/strong> <\/div>\n<div dir=\"ltr\"> <font> <\/p>\n<p align=\"center\"> <span lang=\"FR-CH\"><strong><\/p>\n<h2 style=\"color: red;\"><font size=\"3\">Les \u00ab\u00a0Ben           Ali&rsquo;s Angels\u00a0\u00bb de la censure<\/font><\/h2>\n<p><\/strong><\/span><\/p>\n<p> <span lang=\"FR-CH\"> <strong>Par\u00a0: Malek (Stranger)<\/strong><\/span><\/p>\n<p> <b> <span lang=\"FR-CH\">          \u00a0<\/span><\/b><\/p>\n<p> <span lang=\"FR-CH\">Parmi           les nombreux domaines o\u00f9 la Tunisie occupe les premiers rangs dans les           classements internationaux, il en existe deux o\u00f9 elle est           particuli\u00e8rement brillante : l\u2019\u00e9mancipation de la femme et la pratique           de la censure. Alors, quand le r\u00e9gime tunisien d\u00e9cide de mettre \u00e0           profits l\u2019exp\u00e9rience accumul\u00e9e dans ces deux domaines, cela donne          <\/span><span lang=\"EN-GB\"> <a href=\"http:\/\/www.ati.tn\/\" target=\"blank\" rel=\"noopener\"><span lang=\"FR-CH\">          l\u2019Agence Tunisienne de l\u2019Internet ou ATI<\/span><\/a><\/span><span lang=\"FR-CH\">           pour les intimes. En effet depuis sa cr\u00e9ation en 1996 l\u2019agence           publique n\u2019a \u00e9t\u00e9 dirig\u00e9e que par des femmes. Pas moins de 3           directrices successives qui ont constitu\u00e9 \u00e0 elles trois un tableau de           chasse impressionnant. Celles qui auraient pu \u00eatre le symbole de cette           Tunisie paritaire ce retrouvent \u00eatre les administratrices pour le           compte de l\u2019\u00e9tat de l\u2019une des pires de ses entreprises : celle de la           censure et de la d\u00e9sinformation.                      Elles s\u2019appellent Khadija Ghariani, Feriel B\u00e9ji et Lamia Cheffai.           Leurs noms ne vous disent peut \u00eatre rien, pourtant, elles participent           de jours en jours, \u00e0 mener \u00e0 bien l\u2019\u00e9touffement et la mise aux pas de           l\u2019Internet libre en Tunisie tant esp\u00e9r\u00e9s par le pouvoir en place. Plus           de 50 sites et blogs tunisiens sont depuis censur\u00e9s sans compter des           dizaines d\u2019autres de diverses nationalit\u00e9s \u00e9galement inaccessibles.           Pour y parvenir elles travaillent main dans la main et en dehors de           tout cadre l\u00e9gal avec la police du Net tunisien. Il ne serait \u00eatre           autrement puisque depuis le 3 septembre 2007 et <\/span> <span lang=\"EN-GB\"> <a href=\"http:\/\/stranger-paris.blogspot.com\/2007\/09\/qui-censure-dailymotion-en-tunisie.html\" target=\"blank\" rel=\"noopener\"> <span lang=\"FR-CH\">la censure de Dailymotion<\/span><\/a><\/span><span lang=\"FR-CH\">,          <\/span><span lang=\"EN-GB\"> <a href=\"http:\/\/www.topnet.tn\/\" target=\"blank\" rel=\"noopener\"><span lang=\"FR-CH\">le           fournisseur d\u2019acc\u00e8s TopNet<\/span><\/a><\/span><span lang=\"FR-CH\">           a d\u00e9sign\u00e9 directement l\u2019ATI comme <\/span> <span lang=\"EN-GB\"> <a href=\"http:\/\/stranger-paris.blogspot.com\/2007\/09\/lagence-tunisienne-de-linternet-censure.html\" target=\"blank\" rel=\"noopener\"> <span lang=\"FR-CH\">responsable du \u00ab filtrage \u00bb du site<\/span><\/a><\/span><span lang=\"FR-CH\">.           Un aveu qui confirme se que tout le monde savait d\u00e9j\u00e0. Etant le           fournisseur de tous les autres fournisseurs d\u2019acc\u00e8s, l\u2019ATI peut           filtrer \u00e0 sa guise l\u2019acc\u00e8s \u00e0 l\u2019Internet.                      Il faut dire que si on lit bien entre les lignes les d\u00e9clarations des           diff\u00e9rentes administratrices, l\u2019activit\u00e9 de \u00ab filtrage \u00bb de l\u2019internet           tunisien n\u2019a jamais \u00e9t\u00e9 formellement ni\u00e9e par l\u2019agence. D\u00e9j\u00e0, Mme           Ghariani, premi\u00e8re \u00e0 avoir tenu les reines de l\u2019agence et \u00e0 qui on           doit la premi\u00e8re vague de censure qui a vu interdire les premiers           sites ind\u00e9pendants de la toile tunisienne, r\u00e9pondant aux accusations           de censure <\/span> <span lang=\"EN-GB\"> <a href=\"http:\/\/www.irmcmaghreb.org\/IMG\/pdf\/Les_Medias.pdf\" target=\"blank\" rel=\"noopener\"> <span lang=\"FR-CH\">d\u00e9clarait<\/span><\/a><\/span><span lang=\"FR-CH\">           : <i>\u00ab il n\u2019y a pas de censure en Tunisie puisque les proxys n\u2019y sont           pas interdits \u00bb<\/i>. Ce qui en d\u2019autre termes veut dire \u00ab nous           censurons mais nous permettons de contourner cette censure \u00bb. Admirez           toute la subtilit\u00e9 de la r\u00e9ponse qui sous-entend que pour les           internautes avertis sachant utiliser les Proxys, il n\u2019\u00e9tait pas           impossible de contourner les blocages. Mais elle oublie tout de m\u00eame           de pr\u00e9ciser que le recours aux proxys est possible surtout parce qu\u2019il           est techniquement impossible de les censurer tous et que ceux utilis\u00e9s           \u00e9taient censur\u00e9s \u00e0-fur-et-\u00e0-mesure que ses techniciens les           d\u00e9couvraient.                      Pour Mme B\u00e9ji qui lui succ\u00e8de, le discours est toujours aussi subtil           mais beaucoup plus explicite. Puisque tout en niant l\u2019existence de la           censure, elle justifie celle-ci par un besoin de servir l\u2019int\u00e9r\u00eat           g\u00e9n\u00e9ral ! <i>\u00ab Certaines voix calomnient la Tunisie en disant           qu&rsquo;Internet y serait censur\u00e9. \u00bb<\/i> <\/span> <span lang=\"EN-GB\"> <a href=\"http:\/\/fr.wikipedia.org\/wiki\/Agence_tunisienne_d&#039;Internet\" target=\"blank\" rel=\"noopener\"> <span lang=\"FR-CH\">dit-elle<\/span><\/a><\/span><span lang=\"FR-CH\">.          <i>\u00ab La v\u00e9rit\u00e9, c&rsquo;est que nous souhaitons une bonne utilisation du           r\u00e9seau, pour que cet outil serve r\u00e9ellement au peuple \u00bb<\/i>. Voil\u00e0           donc pourquoi censure-t-on en Tunisie : c\u2019est pour \u00e9viter au peuple           les lectures inutiles. Quelle abn\u00e9gation et quel sens du devoir. Un           sens du devoir qui lui permet de battre un record de rapidit\u00e9 en           censurant <\/span> <span lang=\"EN-GB\"> <a href=\"http:\/\/yezzi.org\/\" target=\"blank\" rel=\"noopener\"><span lang=\"FR-CH\">          Yezzi.org<\/span><\/a><\/span><span lang=\"FR-CH\">,           le site de la manifestation permanente contre Ben Ali, moins de 18           heures apr\u00e8s sa mise en ligne ! Encore, dans l\u2019une de ses derni\u00e8res           actions \u00e0 la t\u00eate de l\u2019agence, surement dans un exc\u00e8s d\u2019abn\u00e9gation,           elle censure Dailymotion l\u2019un des sites les plus visit\u00e9s par les           internautes tunisiens. \u00ab Le peuple \u00bb, lui, n\u2019appr\u00e9cie pas vraiment, \u00e0           en croire les dizaines de voix mecontentes des utilisateurs tunisiens           de se site.                      Mme Lamia Chafa\u00ef qui est venue dans les baguages de Mr Haj, le           ministre actuel, et que la presse pr\u00e9sente comme <i>\u00abune vraie           communicatrice, tr\u00e8s joviale, toujours souriante, courtoise et est           dot\u00e9e d\u2019une grande ma\u00eetrise du Web et de l\u2019Internet\u00bb<\/i>, n\u2019est quant           \u00e0 elle, pas \u00e9trang\u00e8re \u00e0 la maison. Elle s\u2019y occupait d\u00e9j\u00e0 de marketing           et de commerce \u00e9lectronique sous le r\u00e8gne de Mme b\u00e9ji avant d\u2019aller           exercer ses talents \u00e0 l&rsquo;Agence nationale de certification \u00e9lectronique           (ANCE) dont elle a \u00e9t\u00e9 la directrice g\u00e9n\u00e9rale. D\u2019ailleurs pour bien           marquer son retour et montrer \u00e0 ses commanditaires qu\u2019elle peut faire           aussi bien, voir mieux que ses pr\u00e9d\u00e9cesseurs, elle censure <\/span> <span lang=\"EN-GB\"> <a href=\"http:\/\/fr.youtube.com\/\" target=\"blank\" rel=\"noopener\"><span lang=\"FR-CH\">You           Tube<\/span><\/a><\/span><span lang=\"FR-CH\">           un autre site de partage de vid\u00e9o qui est devenu le refuge de tous           ceux qui ne pouvaient plus acc\u00e9der \u00e0 Dailymotion. Ce qui ne semble pas           poser de probl\u00e8me \u00e0 celle qui <\/span> <span lang=\"EN-GB\"> <a href=\"http:\/\/www.admiroutes.asso.fr\/afrique\/tunisie.htm\" target=\"blank\" rel=\"noopener\"> <span lang=\"FR-CH\">d\u00e9clarait<\/span><\/a><\/span><span lang=\"FR-CH\">           que <i>\u00ab La Tunisie est certainement aussi avanc\u00e9e dans la voie de la           soci\u00e9t\u00e9 de l&rsquo;information que de nombreux pays europ\u00e9ens. [\u2026] Dans un           certain nombre de cas, elle donne l&rsquo;impression d&rsquo;avancer plus vite que           la France \u00bb<\/i>. Il est \u00e9vident qu\u2019administrer la censure des deux           sites les plus embl\u00e9matiques du Web 2.0, et de dizaines d\u2019autres sites           est en soit un exploit que peu de pays peuvent \u00e9galer. Mme Cheffai           vient m\u00eame d\u2019\u00e9lever encore le niveau d\u2019un cran en censurant il y \u00e0           quelques jours <\/span> <span lang=\"EN-GB\"> <a href=\"http:\/\/free-race.blogspot.com\/\" target=\"blank\" rel=\"noopener\"> <span lang=\"FR-CH\">un autre blog<\/span><\/a><\/span><span lang=\"FR-CH\">           qui s\u2019ajoute \u00e0 une liste qui commence \u00e0 \u00eatre longue. Difficile donc de           faire mieux !                      Sur <\/span> <span lang=\"EN-GB\"> <a href=\"http:\/\/www.tunisiehautdebit.com\/Archive_NewsSeptembre2007.html\" target=\"blank\" rel=\"noopener\"> <span lang=\"FR-CH\">Tunisie Haut d\u00e9bit<\/span><\/a><\/span><span lang=\"FR-CH\">,           un blog qui parle des services Internet en Tunisie on peut lire la           pr\u00e9sentation suivante : \u00ab <i>L\u2019ATI, vous connaissez ? C\u2019est la police           du net tunisien. Plus efficace que le contr\u00f4le parental, elle veille \u00e0           ce que notre navigation sur internet soit la plus saine que possible.           L\u2019ATI joue, aussi, le r\u00f4le du \u00ab Big Brother \u00bb qui d\u00e9cide \u00e0 notre place           et \u00e0 la place des FAI de ce qui est le mieux pour les exigences des           Tunisiens sur le net\u00bb<\/i>. La r\u00e9putation de l\u2019ATI n\u2019est plus donc \u00e0           faire en mati\u00e8re de \u00ab flicage \u00bb et m\u00eame si l\u2019auteur de ces quelques           lignes esp\u00e9rait <i>\u00ab une bienveillance plus maternelle \u00bb<\/i> de la           part de Mme Cheffai, le palmar\u00e8s d\u00e9j\u00e0 bien garni de cette derni\u00e8re           finira pas le convaincre du contraire. Reste encore un petit effort \u00e0           faire pour l\u2019agence pour assumer son r\u00f4le \u00ab de police de l\u2019internet \u00bb           au grand jour, puisque jusqu\u2019ici elle cachait la censure qu\u2019elle           exerce en reproduisant une fausse page d\u2019erreur, <\/span> <span lang=\"EN-GB\"> <a href=\"http:\/\/www.kitab.nl\/2007\/09\/22\/404-ati\/\" target=\"blank\" rel=\"noopener\"> <span lang=\"FR-CH\">la fameuse page \u00ab 404 \u00bb<\/span><\/a><\/span><span lang=\"FR-CH\">.                      Le journaliste, du site d\u2019informations \u00e9conomiques, <\/span> <span lang=\"EN-GB\"> <a href=\"http:\/\/www.webmanagercenter.com\/management\/article.php?id=32932\" target=\"blank\" rel=\"noopener\"> <span lang=\"FR-CH\">webmanagercenter.com<\/span><\/a><\/span><span lang=\"FR-CH\">           ne croyait pas si bien dire en \u00e9crivant : \u00ab <i>D\u00e9cid\u00e9ment les femmes           r\u00e9ussissent bien \u00e0 l\u2019ATI (Agence Tunisienne d\u2019Internet). En effet,           depuis sa cr\u00e9ation, l\u2019ATI a \u00e9t\u00e9 dirig\u00e9e par des femmes (\u00e0 trois           reprises), ce qui d\u00e9note la capacit\u00e9 de ces derni\u00e8res dans la gestion           technique du n\u0153ud Internet national. \u00bb<\/i>. En ce qui concerne la           gestion du n\u0153ud les trois administratrices ont montr\u00e9 leur savoir           faire \u00e0 part que ce n\u0153ud est coulissant et qu\u2019il est entrain           d\u2019\u00e9touffer le seul vrai espace de libert\u00e9 en Tunisie. Je ne sais pas           si le fait que cela soit l\u2019\u0153uvre de femmes tunisiennes le rend plus           condamnable mais ce qui est certain c\u2019est que cela est indigne de           notre pays. Mais il semblerait que malheureusement la dignit\u00e9 a           d\u00e9sert\u00e9 depuis longtemps les couloirs du pouvoir en Tunisie. Ceci est           aussi bien vrai pour les hommes que pour les femmes qui les arpentent.                      <b><span>(Source\u00a0: le blog de \u00ab\u00a0Stranger\u00a0\u00bb, le           10 d\u00e9cembre 2007)<\/span><\/b><\/span><\/p>\n<p> <b> <span lang=\"FR-CH\">          Lien\u00a0:<\/span><\/b><span lang=\"FR-CH\"> <\/span><b> <span lang=\"EN-GB\"> <a href=\"http:\/\/stranger-paris.blogspot.com\/2007\/12\/les-ben-alis-angels-de-la-censure.html\" target=\"_blank\" rel=\"noopener\">          http:\/\/stranger-paris.blogspot.com\/2007\/12\/les-ben-alis-angels-de-la-censure.html<\/a><\/span><\/b><\/p>\n<p><\/font><\/div>\n<p> <\/font> <\/div>\n<\/p><\/div>\n<div dir=\"ltr\">\n<hr\/><\/div>\n<div dir=\"ltr\">      \u00a0<\/div>\n<div dir=\"ltr\"> <font> <\/p>\n<p> <span lang=\"FR\"><font face=\"Times New Roman\">\u00a0<\/font><\/span><\/p>\n<p align=\"center\"> <span lang=\"FR\"><strong><font>Al       Mostaqbal<\/font><\/strong><\/span><\/p>\n<p> <span lang=\"FR\">      \u00a0<\/span><\/p>\n<p> <span lang=\"FR\">      Apr\u00e8s une longue absence, le journal du MDS, Al Mostaqbal, est r\u00e9apparu       samedi dernier. Le premier num\u00e9ro de cet hebdomadaire, dans sa nouvelle       mouture, qui correspond, jour pour jour au 27\u00e8me anniversaire du journal a       f\u00eat\u00e9 cet \u00e9v\u00e9nement en republiant l\u2019\u00e9ditorial du premier num\u00e9ro sign\u00e9 par       le fondateur du Mouvement, M. Ahmed Mestiri.<\/span><\/p>\n<p> <span lang=\"FR\"><font face=\"Times New Roman\">\u00a0<\/font><\/span><\/p>\n<p> <b> <span lang=\"FR-CH\">      (Source\u00a0: \u00ab\u00a0R\u00e9alit\u00e9s\u00a0\u00bb (Newsmagazine hebdomadaire \u2013 Tunis), N\u00b0 1145 du 6       d\u00e9cembre 2007) <\/span><\/b><\/p>\n<hr\/>\n<p>\u00a0<\/p>\n<p> <span lang=\"FR\"><font face=\"Times New Roman\" size=\"3\">\u00a0<\/font><\/span><\/p>\n<p align=\"center\"> <span lang=\"FR\"><strong><\/p>\n<h2 style=\"color: red;\"><font size=\"3\">Apr\u00e8s sept ans       d\u2019activit\u00e9, Tunisnews s\u2019arr\u00eate<\/font><\/h2>\n<p><\/strong><\/span><\/p>\n<p> <span lang=\"FR\">\u00a0<\/span><\/p>\n<p> <span lang=\"FR\">L\u2019anonyme       \u00e9quipe du site Internet et la newsletter Tunisnews qui publient       quotidiennement de l\u2019information sur la Tunisie, ont d\u00e9cid\u00e9 de mettre fin       \u00e0 leurs activit\u00e9s qui ont dur\u00e9 7 ans et 7 mois.<\/span><\/p>\n<p> <span lang=\"FR\">\u00a0<\/span><\/p>\n<p> <span lang=\"FR\">Publiant tout       et n\u2019importe quoi depuis mai 2000 au d\u00e9ni de toute d\u00e9ontologie       journalistique, Tunisnews a fini par devenir incontournable pour de       nombreux observateurs politiques, vu qu\u2019on y retrouve les informations       officielles des diff\u00e9rentes instances de l\u2019Etat et des ONGs (reconnues ou       non), mais aussi des attaques et rumeurs que d\u00e9sirent faire circuler       certains individus sur Internet, Tunisnews est devenue au fil des jours       une source d\u2019information pour certains, et de d\u00e9sinformation pour       d\u2019autres.<\/span><\/p>\n<p> <span lang=\"FR\">\u00a0<\/span><\/p>\n<p> <span lang=\"FR\">L\u2019\u00e9quipe a       motiv\u00e9 sa d\u00e9cision par \u00abdes raisons personnelles et de force majeure\u00bb,       expliquant qu\u2019elle ne peut plus continuer \u00e0 travailler \u00e0 ce rythme et \u00e0       cette cadence.<\/span><\/p>\n<p> <span lang=\"FR\">\u00a0<\/span><\/p>\n<p> <b> <span lang=\"FR-CH\">      (Source\u00a0: \u00ab\u00a0R\u00e9alit\u00e9s\u00a0\u00bb (Newsmagazine hebdomadaire \u2013 Tunis), N\u00b0 1145 du 6       d\u00e9cembre 2007) <\/span><\/b><\/p>\n<p> <b> <span lang=\"FR-CH\">      \u00a0<\/span><\/b><\/p>\n<p>\u00a0<\/p>\n<p align=\"center\">\u00a0<\/p>\n<p>\u00a0<\/p>\n<p>\u00a0<\/p>\n<p> <span lang=\"FR-CH\"> <strong><\/p>\n<hr\/>\n<p>\u00a0<\/p>\n<p><\/strong><\/span> <\/p>\n<p>\u00a0<\/p>\n<p align=\"center\"> <b><span lang=\"FR-CH\"> <font size=\"3\">Que devient la Ligue Tunisienne des Droits de l\u2019Homme ?<\/font><\/span><\/b><span lang=\"FR-CH\"> <\/span> <span lang=\"FR-CH\">      \u00a0<\/span><\/p>\n<p> <span lang=\"FR-CH\"> <\/span> <span lang=\"FR-CH\">      La situation au sein de la Ligue Tunisienne des Droits de l\u2019Homme n\u2019est       pas au beau fixe.              Pourtant les initiatives de d\u00e9blocage de cette situation se sont       multipli\u00e9s : par l\u2019incitation interne \u00e0 sortir du marasme (la motion des       108), les m\u00e9diations avec les pouvoirs publics, les pourparlers entre le       pr\u00e9sident de la LTDH et M. Moncer Rouissi, Pr\u00e9sident du Comit\u00e9 Sup\u00e9rieur       des Droits de l\u2019Homme le 21 juillet 2007 et enfin la lettre envoy\u00e9e par le       Pr\u00e9sident de la LTDH au Pr\u00e9sident de la R\u00e9publique qui s\u2019en est suivie.              O\u00f9 en est donc la LTDH ? que faire pour que la Ligue retourne \u00e0 la normale       ?              Sur ces sujets, R\u00e9alit\u00e9s a sollicit\u00e9 M. Abderrahman Kra\u00efm, ancien membre       du Comit\u00e9 directeur de la LTDH et l\u2019un des initiateurs de la motion des       108, ainsi que M. Salah Zghidi, actuel membre du Comit\u00e9 Directeur de la       LTDH.              <b><i><span>Dossier r\u00e9alis\u00e9 par Abdelmajid       Haouachi<\/span><\/i> <\/b><\/span><span lang=\"FR-CH\"> <\/span><b> <span lang=\"FR-CH\">      M. Abderrahman Kraiem :L\u2019existence de la Ligue est menac\u00e9e<\/span><\/b><span lang=\"FR-CH\"> <\/span><span lang=\"FR-CH\">       \u00abIl s\u2019agit d\u2019une crise en deux phases. Celle d\u00e9clench\u00e9e suite \u00e0 l\u2019action       judiciaire intent\u00e9e par quatre candidats qui ont \u00e9chou\u00e9 aux \u00e9lections       tenues le 29 octobre 2000. Les graves cons\u00e9quences d\u2019une telle action ont       \u00e9t\u00e9 amorties \u00e0 l\u2019Appel. La Cour a,en effet, charg\u00e9 le Comit\u00e9 directeur \u00e9lu       de pr\u00e9parer le nouveau congr\u00e8s.              Les militants et les sympathisants de la Ligue n\u2019ont pas h\u00e9sit\u00e9 \u00e0 mettre       en valeur l\u2019apport positif d\u2019une telle issue honorable permettant \u00e0 la       Ligue de continuer sa mission.              La deuxi\u00e8me phase s\u2019est d\u00e9clench\u00e9e \u00e0 partir de 2003 suite a la d\u00e9cision du       Comit\u00e9 directeur de restructurer les sections en en fusionnant       quelques-unes, ce qui a entrain\u00e9 la r\u00e9duction du nombre de 41 \u00e0 24.              Il est \u00e0 remarquer que si les militants de la Ligue \u00e9taient unanimes pour       d\u00e9fendre les r\u00e9sultats du 5\u00e8me Congr\u00e8s et la l\u00e9galit\u00e9 du Comit\u00e9 directeur,       la d\u00e9cision de fusionner des sections a \u00e9t\u00e9 \u00e0 l\u2019origine de leurs       divergences. Certaines sections \u00ab victimes \u00bb de la fusion ont choisi       d\u2019ester en justice. D\u2019autres ont choisi le recours aux instances de la       Ligue, tout en sachant que les instances associatives sont les seules       habilit\u00e9es \u00e0 r\u00e9gler les conflits entre les adh\u00e9rents en dehors de tout       acte de Justice.              J\u2019aurais souhait\u00e9 que mes amis membres du Comit\u00e9 directeur se penchent sur       l\u2019article 4 du r\u00e8glement int\u00e9rieur, con\u00e7u par les pionniers du mouvement       des Droits de l\u2019Homme dans notre pays dans un esprit cr\u00e9ateur       expansionniste et non sectaire.              Cette grave situation nous incite \u00e0 prendre des initiatives pour sauver la       Ligue, quel que soit notre r\u00f4le dans la soci\u00e9t\u00e9 civile.              Je tiens, \u00e0 cet effet, \u00e0 exprimer mes remerciements \u00e0 toutes les       personnalit\u00e9s qui ont tent\u00e9 de jouer un r\u00f4le positif pour sauver la Ligue.              Il convient de souligner \u00e0 ce sujet que plusieurs initiatives ont vu le       jour en cette conjoncture de crise .              La premi\u00e8re a eu lieu le 24 aout 2005 lors d\u2019une r\u00e9union tenue \u00e0 la       demande du Comit\u00e9 directeur qui a regroup\u00e9 des anciens dirigeants de la       Ligue. J\u2019ai propos\u00e9 la cr\u00e9ation d\u2019un Comit\u00e9 de liaison et d\u2019arbitrage qui       devrait prendre les mesures les plus \u00e0 m\u00eame de cerner le conflit et de       d\u00e9passer la crise en se r\u00e9f\u00e9rant aux valeurs et aux principes d\u00e9finis par       le statut et le r\u00e8glement int\u00e9rieur de l\u2019organisation.              La deuxi\u00e8me initiative a vu le jour le 19 septembre 2005. Un appel lanc\u00e9       par d\u2019anciens dirigeants pour que le dialogue et la raison puissent       pr\u00e9valoir et que le 6\u00e8me Congr\u00e8s se tienne dans les meilleurs d\u00e9lais.              La troisi\u00e8me initiative est \u00e0 mettre \u00e0 l\u2019actif de la Commission des Bons       Offices qui comprend trois anciens pr\u00e9sidents de la Ligue.              La quatri\u00e8me initiative est celle des signataires de la motion des 108.              La motion s\u2019adresse :              &#8211; aux adh\u00e9rents pour briser le mur du silence,              &#8211; aux comit\u00e9s pour consolider les pratiques d\u00e9mocratiques et r\u00e9viser au       besoin ses positions,              &#8211; aux fondateurs pour assumer leurs responsabilit\u00e9s,              &#8211; aux pouvoirs publics pour faciliter la tache \u00e0 accomplir et assurer la       tenue du 6\u00e8me congr\u00e8s.               Je veux insister sur le fait historique que la Ligue a de tout temps eu       avec les responsables un contact franc, sinc\u00e8re et responsable. Le       dialogue institutionnalis\u00e9 ne peut que dissiper les malentendus et tracer       le chemin de l\u2019avenir dans un climat de confiance et de respect.              En s\u2019adressant au pouvoir, les initiateurs n\u2019entendent nullement engager       une quelconque responsabilit\u00e9. Leur objectif s\u2019oriente vers la sauvegarde       de la Ligue, qui devrait rester un espace de dialogue, de tol\u00e9rance, de       concertation et de mod\u00e9ration. Je sugg\u00e8re de poursuivre le processus de       m\u00e9diation.              Par ailleurs, nos amis du Comit\u00e9 directeur devraient adopter la solution       la plus ad\u00e9quate pour r\u00e9tablir l\u2019\u00e9quit\u00e9.              Je propose \u00e0 cet effet la r\u00e9union du Conseil des cadres de la Ligue pour       poursuivre les pourparlers.              Parall\u00e8lement, il est recommand\u00e9 de lever le blocage des sections pour que       le Comit\u00e9 directeur puisse tenir des r\u00e9unions pr\u00e9paratoires du congr\u00e8s. \u00bb                            <\/span><b> <span lang=\"FR-CH\">      M. Salah Zghidi : \u201cAutonomie et consensus\u201d<\/span><\/b><span lang=\"FR-CH\"> <\/span><span lang=\"FR-CH\"> <b>En quoi consiste la crise de la LTDH?<\/b>              On parle aujourd\u2019hui de crise \u00e0 la Ligue. Il s\u2019agit en r\u00e9alit\u00e9 de crise       dans les relations de celle-ci avec les pouvoirs publics. Il faut       d\u2019ailleurs rappeler qu\u2019en ce domaine ce genre de crise est cyclique.       Depuis la cr\u00e9ation de la Ligue, en mai 1977,les relations avec le pouvoir       ont connu des crises r\u00e9guli\u00e8res. N\u2019oublions pas la crise des ann\u00e9es 90,       qui a dur\u00e9 pas moins de deux ans et qui a abouti \u00e0 la dissolution de jure       de la Ligue. La Ligue n\u2019est sortie de cette crise tr\u00e8s grave qu\u2019\u00e0 la suite       de n\u00e9gociations entre les responsables de la Ligue (l\u00e9galement dissoute)       et les dirigeants de l\u2019Etat au plus haut niveau.              Celle que la Ligue vit aujourd\u2019hui est de la m\u00eame nature. Ces crises       r\u00e9p\u00e9titives durant ces trente derni\u00e8res ann\u00e9es trouvent toutes leur       origine dans le fait que deux des principes essentiels sur lesquels s\u2019est       constitu\u00e9e la Ligue, a savoir l\u2019autonomie et le consensus qui doit unir en       permanence ses cadres et ses militants, ont \u00e9t\u00e9 l\u00e9s\u00e9s.              <b>Venons-en donc aux tenants de la crise. Comment les identifiez vous ?<\/b>              S\u2019agissant de l\u2019autonomie, deux choses doivent \u00eatre dites ; la premi\u00e8re       est un constat. S\u2019il est \u00e9vident qu\u2019aucune organisation humanitaire en       Tunisie ou ailleurs ne pourrait mener \u00e0 bien sa mission si elle n\u2019\u00e9tablit       pas de relations normales et correctes avec les autorit\u00e9s du pays, on ne       peut que constater avec regret que le pouvoir est appel\u00e9 \u00e0 admettre qu\u2019une       telle organisation ne peut pas mener cette mission si elle n\u2019est pas       r\u00e9ellement autonome par rapport \u00e0 lui. Et il semble, selon l\u2019exp\u00e9rience       v\u00e9cue, que certaines sph\u00e8res de pouvoir n\u2019arrivent pas \u00e0 int\u00e9grer dans       leurs visions la n\u00e9cessaire autonomie des composantes de la soci\u00e9t\u00e9       civile.              L\u2019autonomie implique par ailleurs que la question se pose \u00e9galement par       rapport aux partis politiques. Il y a une \u00e9quivoque qui doit \u00eatre lev\u00e9e :       la LTDH doit sauvegarder son autonomie non seulement \u00e0 l\u2019\u00e9gard du pouvoir       et de son parti mais aussi, de la m\u00eame fa\u00e7on et avec la, m\u00eame force, \u00e0       l\u2019\u00e9gard des partis politiques notamment de l\u2019opposition.              Une chose est \u00e0 affirmer et \u00e0 d\u00e9fendre en permanence ; la Ligue ne doit       pas agir comme si elle \u00e9tait un parti politique. La Ligue est une       association humanitaire et d\u00e9mocratique. Elle n\u2019a pas vocation a \u00eatre une       alli\u00e9e politique du pouvoir ni son adversaire politique. Il doit \u00eatre       clair que la Ligue n\u2019a pas \u00e0 se situer dans l\u2019opposition. D\u00e8s lors qu\u2019elle       le fait, elle porte atteinte \u00e0 sa nature et en m\u00eame temps \u00e0 son autonomie       et au consensus sur lesquels se fonde son existence.              Le consensus, quant \u00e0 lui, c\u2019est celui-l\u00e0 m\u00eame qui a pr\u00e9sid\u00e9 \u00e0 la       fondation et la l\u00e9galisation de la Ligue. L\u2019attachement \u00e0 ce consensus       n\u2019est pas de la coquetterie. C\u2019est un imp\u00e9ratif vital sans lequel la ligue       perd sa raison d\u2019\u00eatre. C\u2019est d\u2019ailleurs \u00e0 ces deux conditions que l\u2019on       peut affirmer que la Ligue constitue un acquis national dans lequel chaque       Tunisien et Tunisienne, attach\u00e9 aux Droits de l\u2019Homme et au progr\u00e8s, doit       pouvoir se reconna\u00eetre.              <b>Quelle solution pr\u00e9conisez-vous pour sortir de cette crise ?<\/b>              Il est urgent de\u00a0\u00bb bouger\u00a0\u00bb. Sortons le conflit des mains de la Justice.       Elle n&rsquo;a rien \u00e0 y faire. \u00ab\u00a0L&rsquo;affaire \u00a0\u00bb de la Ligue n&rsquo;est ni une affaire       judiciaire, ni une affaire s\u00e9curitaire. C&rsquo;est une affaire politique et une       affaire de bon sens. Des gestes de d\u00e9crispation sont n\u00e9cessaires. Le       premier d&rsquo;entre eux devrait \u00eatre une mesure de justice \u00e9l\u00e9mentaire: la       lev\u00e9e de la fermeture des locaux de la LTDH \u00e0 l&rsquo;int\u00e9rieur du pays et la       facilitation de l\u2019activit\u00e9 du si\u00e8ge central \u00e0 Tunis. D\u00e8s lors que le       climat s&rsquo;am\u00e9liore, il faut, avec courage et d\u00e9termination, engager un       processus de retour \u00e0 la normale. La normale, je le rappelle, c&rsquo;est une       Ligue autonome (par rapport \u00e0 l&rsquo;Etat et \u00e0 tous les partis et mouvements       politiques), c&rsquo;est une Ligue qui n&rsquo;a ni \u00e0 servir le pouvoir ni \u00e0 le       combattre, c&rsquo;est une Ligue qui ne se fonde pas sur l&rsquo;exclusion, mais sur       le rassemblement, c&rsquo;est une Ligue qui fait du consensus sa raison d&rsquo;\u00eatre       ,c&rsquo;est une Ligue ind\u00e9fectiblement attach\u00e9e \u00e0 l&rsquo;universalit\u00e9 des droits       humains et \u00e0 leurs instruments internationaux ,mais attach\u00e9e aussi       fortement \u00e0 la Tunisie et \u00e0 son peuple, et \u00e0 ce titre rejetant toute       instrumentalisation ou manipulation de la part de puissances ou de lobbies       \u00e9trangers .Sur ces orientations claires et sans \u00e9quivoque, peut s&rsquo;engager       rapidement, et de fa\u00e7on constamment consensuelle, un processus menant \u00e0 la       tenue du Congr\u00e8s de la Ligue, appel\u00e9 \u00e0 tracer une ligne de r\u00e9novation et       de redynamisation de cette importante organisation dont , pour peu que       nous soyons capables de sauvegarder et de respecter ses \u00ab\u00a0fondamentaux\u00a0\u00bb       ,notre peuple et notre pays peuvent \u00eatre fiers.<\/span><\/p>\n<p> <span lang=\"FR-CH\">\u00a0<\/span><\/p>\n<p> <span lang=\"FR-CH\"> <strong>(Source\u00a0: \u00ab\u00a0R\u00e9alit\u00e9s\u00a0\u00bb (Newsmagazine hebdomadaire \u2013 Tunis), N\u00b0       1145 du 6 d\u00e9cembre 2007) <\/strong><\/span><\/p>\n<p> <strong><\/strong><\/p>\n<hr\/>\n<p>\u00a0<\/p>\n<p align=\"center\"> <span lang=\"FR\"> <strong>Assembl\u00e9e g\u00e9n\u00e9rale des magistrats<\/strong><\/span><\/p>\n<p align=\"center\"> <span lang=\"FR\"><\/p>\n<h3 style=\"color: blue;\"><font size=\"3\"><strong>Ouverture prochaine       d&rsquo;un site web<\/strong><\/font><\/h3>\n<p><\/span><\/p>\n<p> <span lang=\"FR\">\u00a0<\/span><\/p>\n<p> <span lang=\"FR\">\u00a0<\/span><span lang=\"FR\"><span lang=\"FR-CH\">L&rsquo;Association       tunisienne des magistrats a tenu hier au club des magistrats \u00e0 La Soukra       son assembl\u00e9e g\u00e9n\u00e9rale ordinaire en pr\u00e9sence de plus de 500 magistrats. Le       pr\u00e9sident de l&rsquo;association M. Tarak Brahem a mis en relief l&rsquo;attachement       des magistrats \u00e0 leur association. Il a \u00e9voqu\u00e9 les r\u00e9unions du conseil       national tenues \u00e0 quatre reprises.<\/span><\/span><span lang=\"FR-CH\"><\/span><\/p>\n<p> <span lang=\"FR\">\u00a0<\/span><\/p>\n<p> <span lang=\"FR\">Il a pr\u00e9cis\u00e9       que le bureau ex\u00e9cutif tient \u00e0 la r\u00e9vision de la grille des salaires       surtout \u00e0 la prime de la magistrature.<\/span><\/p>\n<p> <span lang=\"FR\">\u00a0<\/span><\/p>\n<p> <span lang=\"FR\">Il par       ailleurs appel\u00e9 \u00e0 la g\u00e9n\u00e9ralisation des fax dans les bureaux des       pr\u00e9sidents des tribunaux, \u00e0 la mise \u00e0 disposition des connexions internet       et \u00e0 l&rsquo;acc\u00e9l\u00e9ration de l&rsquo;ex\u00e9cution du programme \u00ab\u00a0un ordinateur pour chaque       juge\u00a0\u00bb.<\/span><\/p>\n<p> <span lang=\"FR\">\u00a0<\/span><\/p>\n<p> <span lang=\"FR\">Le pr\u00e9sident       de l&rsquo;association a appel\u00e9 \u00e0 continuer \u00e0 soutenir l&rsquo;autorit\u00e9 de tutelle       dans le dossier foncier pour permettre aux juges de l&rsquo;int\u00e9rieur de la       R\u00e9publique de disposer de lots de terrain de l&rsquo;AFH.<\/span><\/p>\n<p> <span lang=\"FR\">\u00a0<\/span><\/p>\n<p> <span lang=\"FR\">Il a r\u00e9it\u00e9r\u00e9       la position de l&rsquo;association tenant \u00e0 utiliser des crit\u00e8res objectifs dans       les mouvements de mutations.<\/span><\/p>\n<p> <span lang=\"FR\">\u00a0<\/span><\/p>\n<p> <span lang=\"FR\">Il a rappel\u00e9       que les communiqu\u00e9s d&rsquo;une certaine minorit\u00e9 sont une tentative d\u00e9sesp\u00e9r\u00e9e       d&rsquo;entrainer l&rsquo;association dans des voies dont l&rsquo;\u00e9crasante majorit\u00e9 des       magistrats n&rsquo;en veut gu\u00e8re.<\/span><\/p>\n<p> <span lang=\"FR\">\u00a0<\/span><\/p>\n<p> <span lang=\"FR\">Il a annonc\u00e9       l&rsquo;ouverture prochaine d&rsquo;un site web pour l&rsquo;association.<\/span><\/p>\n<p> <span lang=\"FR-CH\"> <\/p>\n<p> <span lang=\"FR\">\u00a0<\/span><\/p>\n<p> <strong>(Source\u00a0: \u00ab\u00a0Le Temps du Lundi\u00a0\u00bb (Hebdomadaire \u2013 Tunis), le 10       d\u00e9cembre 2007) <\/strong><\/p>\n<hr\/>\n<p>\u00a0<\/p>\n<p> <strong>\u00a0<\/strong><\/p>\n<p align=\"center\"> <span lang=\"FR-CH\"> <strong>Sur les \u00e9crans fran\u00e7ais : \u00ab\u00a0La Graine et le mulet\u00a0\u00bb d&rsquo;Abdellatif       Kechiche<\/strong><\/span><\/p>\n<p align=\"center\"> <span lang=\"FR-CH\"><strong><\/p>\n<h3 style=\"color: blue;\"><font size=\"3\">Chaleureux       portrait d&rsquo;une famille franco-tunisienne<\/font><\/h3>\n<p><\/strong><\/span><\/p>\n<p> <strong>\u00a0<\/strong><\/p>\n<p> <\/span><span lang=\"FR-CH\"> <\/p>\n<p>      Le Temps- Agences\u00a0 &#8211; \u00ab\u00a0La Graine et le Mulet\u00a0\u00bb d&rsquo;Abdellatif Kechiche,       chaleureux portrait d&rsquo;une famille franco-tunisienne, a \u00e9t\u00e9 acclam\u00e9 au       dernier Festival de Venise o\u00f9 il a rafl\u00e9 le Prix sp\u00e9cial du Jury et celui       de la meilleure r\u00e9v\u00e9lation, d\u00e9cern\u00e9 \u00e0 la jeune Hafsia Herzi.<\/p>\n<p>      \u00a0<\/p>\n<p>      Favori des critiques et du public en septembre \u00e0 la Mostra, \u00ab\u00a0La Graine et       le mulet\u00a0\u00bb est\u00a0 \u00e0 l&rsquo;affiche de 80 salles en France.<\/p>\n<p>      \u00a0<\/p>\n<p>      Slimane, un vieil ouvrier immigr\u00e9 des chantiers navals de S\u00e8te, est mis \u00e0       la porte car il n&rsquo;est \u00ab\u00a0plus rentable\u00a0\u00bb et \u00ab\u00a0pas assez flexible\u00a0\u00bb. \u00ab\u00a0Tu es       fatigu\u00e9 et tu nous fatigues!\u00a0\u00bb, lui lance son patron, une humiliante       conclusion apr\u00e8s des d\u00e9cennies de loyaux services.<\/p>\n<p>      \u00a0<\/p>\n<p>      Slimane d\u00e9cide alors d&rsquo;ouvrir un restaurant de couscous de poisson &#8211; la       semoule ou \u00ab\u00a0graine\u00a0\u00bb, et le mulet &#8211; sur un vieux rafiot rong\u00e9 par la       rouille.<\/p>\n<p>      \u00a0<\/p>\n<p>      Les multiples d\u00e9marches n\u00e9cessaires sont bient\u00f4t synonymes de frustrations       et d&rsquo;humiliations larv\u00e9es, pour cet homme modeste.<\/p>\n<p>      \u00a0<\/p>\n<p>      Ses vieux copains et surtout ses deux familles &#8211; s\u00e9par\u00e9 de son \u00e9pouse, il       fr\u00e9quente la patronne de l&rsquo;h\u00f4tel de l&rsquo;Orient o\u00f9 il vit et \u00e9l\u00e8ve sa fille,       la jeune Rym, qui l&rsquo;admire &#8211; vont se lancer \u00e0 corps perdu dans l&rsquo;aventure.<\/p>\n<p>      \u00a0<\/p>\n<p>      Apr\u00e8s avoir \u00e9voqu\u00e9 la duret\u00e9 de l&rsquo;immigration dans \u00ab\u00a0La faute \u00e0 Voltaire\u00a0\u00bb       (2000) puis les quartiers populaires des banlieues avec \u00ab\u00a0L&rsquo;Esquive\u00a0\u00bb       (r\u00e9compens\u00e9 de quatre C\u00e9sar en 2004), le franco-tunisien Abdellatif       Kechiche aborde la crise de l&#8217;emploi dans ce superbe troisi\u00e8me film.<\/p>\n<p>      \u00a0<\/p>\n<p>      En toile de fond de \u00ab\u00a0La Graine et le mulet\u00a0\u00bb: la duret\u00e9 du ch\u00f4mage qui       accable les plus modestes, les moins dipl\u00f4m\u00e9s, et les vexations subies par       la communaut\u00e9 franco-arabe, jamais suffisamment \u00ab\u00a0int\u00e9gr\u00e9e\u00a0\u00bb aux yeux de       certains.<\/p>\n<p>      \u00a0<\/p>\n<p>      \u00ab\u00a0J&rsquo;ai eu le d\u00e9sir de faire un film \u00e0 partir de ce que j&rsquo;\u00e9tais: \u00e0 travers       cette histoire de famille, de communaut\u00e9, d&rsquo;origines, je me suis impliqu\u00e9       davantage\u00a0\u00bb, affirmait \u00e0 l&rsquo;AFP Abdellatif Kechiche, en septembre \u00e0 Venise.<\/p>\n<p>      \u00a0<\/p>\n<p>      \u00ab\u00a0Je voulais aussi donner une repr\u00e9sentation plus juste, plus r\u00e9aliste, des       Fran\u00e7ais d&rsquo;origine arabe de la classe ouvri\u00e8re, dont les m\u00e9dias et le       cin\u00e9ma donnent une vision tr\u00e8s \u00e9triqu\u00e9e\u00a0\u00bb, disait-il.<\/p>\n<p>      \u00a0<\/p>\n<p>      Tiss\u00e9 de longs plans-s\u00e9quences qui font na\u00eetre l&rsquo;\u00e9motion tout en m\u00e9nageant       un formidable suspense, ce film \u00e0 la fois lucide, chaleureux et souvent       teint\u00e9 d&rsquo;humour, ne s&rsquo;apesantit pas sur la violence sociale qu&rsquo;il \u00e9pingle.<\/p>\n<p>      \u00a0<\/p>\n<p>      Cin\u00e9aste humaniste, Abdellatif Kechiche y d\u00e9peint avec d\u00e9licatesse des       liens familiaux complexes et dessine des personnages forts, servis par       d&rsquo;impressionnants acteurs, pour certains non professionnels.<\/p>\n<p>      \u00a0<\/p>\n<p>      Avec son jeu sobre et subtil, Habib Boufares insuffle \u00e0 Slimane un m\u00e9lange       de lassitude et de dignit\u00e9 inali\u00e9nable, tandis que la jeune Hafsia Herzi,       qui tient son premier grand r\u00f4le \u00e0 20 ans, campe une Rym br\u00fblante et       enti\u00e8re.<\/p>\n<p>      \u00a0<\/p>\n<p>      Apr\u00e8s avoir d\u00e9but\u00e9 adolescente dans \u00ab\u00a0US Go home\u00a0\u00bb de Claire Denis, Alice       Houri est bouleversante en jeune \u00e9pouse trahie.<\/p>\n<p>      \u00a0<\/p>\n<p>      N\u00e9 \u00e0 Tunis en 1960, Abdellatif Kechiche a d\u00e9but\u00e9 comme acteur de th\u00e9\u00e2tre       et de cin\u00e9ma, jouant notamment dans \u00ab\u00a0Le Th\u00e9 \u00e0 la menthe\u00a0\u00bb d&rsquo;Abdelkrim       Bahloul (1984) et \u00ab\u00a0Les Innocents\u00a0\u00bb (1987) d&rsquo;Andr\u00e9 T\u00e9chin\u00e9, avant de tourner       \u00ab\u00a0La faute \u00e0 Voltaire\u00a0\u00bb, r\u00e9compens\u00e9 par un Lion d&rsquo;or du meilleur premier       film \u00e0 Venise.<\/p>\n<p> <\/span> <span lang=\"FR-CH\"> <\/p>\n<p> <strong>\u00a0<\/strong><\/p>\n<p> <strong>(Source\u00a0: \u00ab\u00a0Le Temps du Lundi\u00a0\u00bb (Hebdomadaire \u2013 Tunis), le 10       d\u00e9cembre 2007)<\/strong><\/p>\n<p>      \u00a0<\/p>\n<p><\/span><\/font><\/div>\n<\/p><\/div>\n<div>\n<hr\/><\/div>\n<div>\n<p align=\"center\"> <b> <span lang=\"FR-CH\">    Edito du Monde<\/span><\/b><\/p>\n<p align=\"center\"> <span lang=\"FR-CH\"><strong><\/p>\n<h3 style=\"color: blue;\"><font face=\"Arial\">Kadhafi \u00e0     Paris<\/font><\/h3>\n<p><\/strong><\/span><\/p>\n<p> <span lang=\"FR-CH\"> <strong>\u00a0<\/strong><\/span><\/p>\n<p> <span lang=\"FR-CH\">La France est     le premier pays occidental qui fait \u00e0 Mouammar Kadhafi l&rsquo;honneur d&rsquo;une     r\u00e9ception depuis l&rsquo;\u00e9poque o\u00f9 le dirigeant libyen s&rsquo;\u00e9tait mis au ban des     nations par son soutien au terrorisme. En acceptant de n\u00e9gocier avec lui, en     2003, l&rsquo;arr\u00eat de ses tentatives pour se doter d&rsquo;une arme atomique, le     Royaume-Uni et les Etats-Unis ont donn\u00e9 le signal d&rsquo;un changement d&rsquo;attitude     vis-\u00e0-vis d&rsquo;un chef d&rsquo;Etat dont le r\u00e9gime bafoue les libert\u00e9s fondamentales     et a \u00e9t\u00e9 impliqu\u00e9 dans des attentats meurtriers contre la compagnie a\u00e9rienne     am\u00e9ricaine PanAm et la fran\u00e7aise UTA.<\/span><\/p>\n<p> <span lang=\"FR-CH\">\u00a0<\/span><\/p>\n<p> <span lang=\"FR-CH\">Toutefois, ni     Washington ni Londres n&rsquo;ont, \u00e0 ce jour, accueilli celui qui se fait appeler     le \u00ab\u00a0Guide de la r\u00e9volution libyenne\u00a0\u00bb. Il est vrai que l&rsquo;un des derniers     voyages de Tony Blair, en tant que premier ministre, a \u00e9t\u00e9 pour la Libye, en     juin, avec \u00e0 la cl\u00e9 un \u00e9norme accord p\u00e9trolier. A ce moment-l\u00e0, les     infirmi\u00e8res et le m\u00e9decin bulgares \u00e9taient toujours en prison \u00e0 Benghazi. M.     Blair \u00e9tait all\u00e9 en Libye une premi\u00e8re fois en 2004, de m\u00eame que Silvio     Berlusconi, alors pr\u00e9sident du conseil italien, et Jacques Chirac. La m\u00eame     ann\u00e9e, Romano Prodi, pr\u00e9sident de la Commission europ\u00e9enne, avait re\u00e7u M.     Kadhafi \u00e0 Bruxelles.<\/span><\/p>\n<p> <span lang=\"FR-CH\">\u00a0<\/span><\/p>\n<p> <span lang=\"FR-CH\">Le pr\u00e9sident     de la R\u00e9publique a beau jeu de faire allusion \u00e0 de tels pr\u00e9c\u00e9dents pour     minimiser le cadeau qu&rsquo;il a accept\u00e9 de faire au dirigeant libyen. Il     n&#8217;emp\u00eache : la h\u00e2te \u00e0 recevoir le \u00ab\u00a0Guide\u00a0\u00bb, les pr\u00e9venances dont il est     entour\u00e9 pour une bien longue visite donnent \u00e0 la France un r\u00f4le peu     glorieux. En ne posant aucune condition \u00e0 l&rsquo;approfondissement de sa relation     avec Tripoli, Paris accorde un blanc-seing \u00e0 un vieux dictateur dont le     principal atout semble tenir \u00e0 ses r\u00e9serves de p\u00e9trodollars.<\/span><\/p>\n<p> <span lang=\"FR-CH\">\u00a0<\/span><\/p>\n<p> <span lang=\"FR-CH\">A la     diff\u00e9rence d&rsquo;Angela Merkel, qui d\u00e9fend les droits de l&rsquo;homme et les     principes d\u00e9mocratiques en tous lieux et quel que soit son interlocuteur, M.     Sarkozy profite de l&rsquo;incapacit\u00e9 de l&rsquo;Europe \u00e0 adopter une position commune     sur ces questions pour se \u00ab\u00a0placer\u00a0\u00bb aupr\u00e8s des dirigeants les moins     respectueux des libert\u00e9s. Il n&rsquo;est pas anormal d&rsquo;avoir un dialogue avec la     Libye, pays qui compte sur la rive africaine de la M\u00e9diterran\u00e9e. Mais le     langage de la France semble contraint par l&rsquo;accord, rest\u00e9 myst\u00e9rieux, qui a     pr\u00e9sid\u00e9 \u00e0 la lib\u00e9ration des infirmi\u00e8res, le 24 juillet. Le malaise exprim\u00e9     soudain par Bernard Kouchner et Rama Yade, membres du gouvernement, vise \u00e0     d\u00e9samorcer les critiques plut\u00f4t qu&rsquo;il n&rsquo;exprime une exigence.<\/span><\/p>\n<p> <span lang=\"FR-CH\">\u00a0<\/span><\/p>\n<p> <span lang=\"FR-CH\">Au soir de     son \u00e9lection, M. Sarkozy avait annonc\u00e9 que la France serait \u00ab\u00a0aux c\u00f4t\u00e9s des     opprim\u00e9s\u00a0\u00bb et qu&rsquo;elle \u00e9tait \u00ab\u00a0de retour\u00a0\u00bb en Europe. Il donne aujourd&rsquo;hui au     colonel Kadhafi l&rsquo;occasion de pavoiser. Il aura \u00e9t\u00e9 le seul dirigeant de     l&rsquo;Union europ\u00e9enne \u00e0 f\u00e9liciter Vladimir Poutine pour le r\u00e9sultat des     \u00e9lections l\u00e9gislatives en Russie. M. Sarkozy ne tient pas parole. <\/span> <\/p>\n<p> <b> <span lang=\"FR-CH\">    \u00a0<\/span><\/b><\/p>\n<p> <b> <span lang=\"FR\">    (Source: \u201cLE MONDE\u201d (Quot<\/span><span lang=\"FR-CH\">idien     \u2013 France), le 11 d\u00e9cembre 2007)<\/span><\/b><\/p>\n<\/div>\n<div>\n<hr\/><\/div>\n<div>    \u00a0<\/div>\n<div>\n<div align=\"center\">\n<h3 style=\"color: blue;\"><font face=\"Arial\" size=\"3\"><strong>Et Kadhafi devint       respectable<\/strong><\/font><\/h3>\n<\/div>\n<div align=\"justify\">      \u00a0<\/div>\n<p align=\"justify\">\u00a0<\/p>\n<p align=\"justify\">Le grand th\u00e9\u00e2tre Kadhafi vient planter sa     tente \u00e0 Paris. Exotisme et num\u00e9ro d&rsquo;acteur garantis. Tirades iconoclastes     probables, qu&rsquo;il faudra encaisser sans trop sourciller. La sant\u00e9 de la     balance commerciale hexagonale est jug\u00e9e \u00e0 ce prix, et les visites du Guide     supr\u00eame de la Jamahiriya arabe libyenne populaire et socialiste ne sont pas     si fr\u00e9quentes.  \u00a0<\/p>\n<p align=\"justify\">\u00a0<\/p>\n<p align=\"justify\">\u00a0<\/p>\n<table border=\"0\" cellpadding=\"0\" cellspacing=\"0\">\n<tr>\n<td><center><font face=\"Arial\"> <script language=\"JavaScript\">OAS_AD('Middle1');<\/script> <!-- ceci est un essai --><\/font><\/center><\/td>\n<\/tr>\n<\/table>\n<p>\u00a0<\/p>\n<p align=\"justify\">La derni\u00e8re remonte \u00e0 1973. A cette \u00e9poque,     le personnage de Mouammar Kadhafi n&rsquo;\u00e9tait pas encore sorti de ses limbes. Il     n&rsquo;\u00e9tait gu\u00e8re plus qu&rsquo;une copie libyenne des \u00ab\u00a0officiers libres\u00a0\u00bb \u00e9gyptiens     d\u00e9posant une monarchie us\u00e9e jusqu&rsquo;\u00e0 la corde pour imposer le pouvoir du     peuple.  \u00a0<\/p>\n<p align=\"justify\">Entre le jeune colonel putschiste au     visage \u00e9maci\u00e9 d&rsquo;alors et le despote aux traits \u00e9paissis d&rsquo;aujourd&rsquo;hui, les     d\u00e9cennies se sont accumul\u00e9es, avec elles les victoires et les revers, la     somme de ces derniers l&#8217;emportant assez nettement sur les premi\u00e8res. Le     temps de la dictature de la \u00ab\u00a0r\u00e9volution\u00a0\u00bb et des \u00ab\u00a0masses\u00a0\u00bb est pass\u00e9, le     pragmatisme impose sa loi.<\/p>\n<p align=\"justify\">Les apparences, heureusement, sont sauves.     L&rsquo;extravagance reste le signe distinctif du Guide qui inventa au milieu des     ann\u00e9es 1990, au mitan de l&#8217;embargo international qui frappait son pays, une     \u00ab\u00a0voiture anti-accidents\u00a0\u00bb pour mettre un terme aux h\u00e9catombes frappant la     jeunesse du r\u00e9gime.  \u00a0<\/p>\n<p align=\"justify\">L&rsquo;organisation de la Jamahiriya reste une     source d&rsquo;inspiration in\u00e9puisable pour les excentriques. Qui appr\u00e9cie le     titre de \u00ab\u00a0secr\u00e9taire du comit\u00e9 populaire g\u00e9n\u00e9ral\u00a0\u00bb (premier ministre)     raffolera de celui de \u00ab\u00a0secr\u00e9taire de liaison ext\u00e9rieure\u00a0\u00bb (ministre des     affaires \u00e9trang\u00e8res) et s&rsquo;\u00e9baubira devant la construction pyramidale des \u00ab\u00a0congr\u00e8s     populaire g\u00e9n\u00e9ral\u00a0\u00bb, \u00ab\u00a0congr\u00e8s populaires de base\u00a0\u00bb et \u00ab\u00a0comit\u00e9s     r\u00e9volutionnaires\u00a0\u00bb. Le tout au nom de la v\u00e9ritable d\u00e9mocratie : comme     l&rsquo;ass\u00e8ne le Livre vert, pr\u00e9cis plus que trentenaire de la r\u00e9volution     libyenne, la volont\u00e9 de 51 % des citoyens impos\u00e9e aux 49 % restant n&rsquo;est     qu&rsquo;une imposture.<\/p>\n<p align=\"justify\">Au m\u00eame titre que les drap\u00e9s avantageux,     les tuniques constell\u00e9es de drapeaux ou d&rsquo;effigies des p\u00e8res fondateurs de     l&rsquo;Afrique et les lunettes de soleil, les saillies verbales font corps avec     le personnage. Elles comportent leurs constantes : un <i>\u00ab\u00a0tiers-alter-mondialisme\u00a0\u00bb<\/i>     dont t\u00e9moigne \u00e9galement la liste des r\u00e9cipiendaires du prix de la Fondation     Kadhafi pour les droits de l&rsquo;homme (Evo Morales, Hugo Chavez, Fidel Castro,     etc.) ; la l\u00e9gitimation du terrorisme pour les peuples <i>\u00ab\u00a0faibles\u00a0\u00bb<\/i> ou    <i>\u00ab\u00a0opprim\u00e9s\u00a0\u00bb<\/i> (en marge du sommet Europe-Afrique de Lisbonne, le 7     d\u00e9cembre, comme lors du sommet de la Ligue arabe d&rsquo;Alger, en 2005) ; ou la     faute inexpiable des colonisateurs de l&rsquo;Afrique, rabaiss\u00e9s au rang de     pillards sans scrupule, depuis que le Guide s&rsquo;est donn\u00e9 la mission de     conduire le continent \u00e0 une improbable unit\u00e9.<\/p>\n<p align=\"justify\"><b>EXTRAVAGANCE ET PROVOCATION<\/b><\/p>\n<p align=\"justify\">C&rsquo;est dans cette obsession qu&rsquo;il faut     d&rsquo;ailleurs trouver l&rsquo;explication du caract\u00e8re bien tardif des retrouvailles     franco-libyennes. <i>\u00ab\u00a0Que fait la France en Afrique ?\u00a0\u00bb<\/i>, n&rsquo;a cess\u00e9 de     s&rsquo;exclamer Mouammar Kadhafi. Tr\u00e8s vite, le Guide avait troqu\u00e9 le panarabisme     laiss\u00e9 en d\u00e9sh\u00e9rence \u00e0 la mort de son mod\u00e8le Nasser, et dont il se voulait     le porte-\u00e9tendard d\u00e8s le milieu des ann\u00e9es 1970, pour une politique     africaine aux contours flous, aux moyens pas toujours orthodoxes, qui l&rsquo;a     souvent plac\u00e9 en conflit avec la France.<\/p>\n<p align=\"justify\">L&rsquo;extravagance et la provocation calcul\u00e9es     ne parviennent pourtant plus \u00e0 donner le change. Apr\u00e8s s&rsquo;\u00eatre longtemps     perdu dans la qu\u00eate de \u00ab\u00a0troisi\u00e8mes voies\u00a0\u00bb, entre socialisme et capitalisme,     entre l&rsquo;islam conservateur des Fr\u00e8res musulmans et le djihadisme inspir\u00e9 par     Sayed Qotb, Mouammar Kadhafi suit opini\u00e2trement depuis plus d&rsquo;une d\u00e9cennie     le cap d&rsquo;un rapprochement avec l&rsquo;Occident.  \u00a0<\/p>\n<p align=\"justify\">Il revient de loin. Le parrain financier     et id\u00e9ologique du terrorisme international, qualifi\u00e9 par Ronald Reagan de <i>    \u00ab\u00a0chien enrag\u00e9\u00a0\u00bb<\/i>, est la cible d&rsquo;un bombardement am\u00e9ricain en 1986, apr\u00e8s     un attentat perp\u00e9tr\u00e9 \u00e0 Berlin, dans lequel un ressortissant am\u00e9ricain a     trouv\u00e9 la mort. Puis son r\u00e9gime est accus\u00e9 d&rsquo;\u00eatre \u00e0 l&rsquo;origine des op\u00e9rations     contre des avions de la PanAm et d&rsquo;UTA, en 1988 et en 1989. Vue de     Washington, la Libye est l&rsquo;incarnation par excellence de <i>\u00ab\u00a0l&rsquo;Etat voyou\u00a0\u00bb<\/i>.<\/p>\n<p align=\"justify\">Les sanctions am\u00e9ricaines et     internationales (en 1992 puis en 1993) ont beau \u00eatre plus l\u00e9g\u00e8res que celles     qui p\u00e8sent au m\u00eame moment sur Bagdad, elles r\u00e9v\u00e8lent n\u00e9anmoins l&rsquo;isolement     de Mouammar Kadhafi. Le Guide mesure les limites de la fraternit\u00e9 arabe. Il     rem\u00e2che son aigreur.  \u00a0<\/p>\n<p align=\"justify\">Les projets pharaoniques comme celui de la     grande rivi\u00e8re artificielle qui, en 1996, achemine au moyen de conduites     g\u00e9antes install\u00e9es par les Cor\u00e9ens l&rsquo;eau pomp\u00e9e dans des nappes fossiles     situ\u00e9es sous le d\u00e9sert, ne font gu\u00e8re illusion. Mais cette situation ne va     pas durer bien longtemps.<\/p>\n<p align=\"justify\">A la suite d&rsquo;une m\u00e9diation de Nelson     Mandela engag\u00e9e en 1998, deux suspects libyens dans l&rsquo;attentat de Lockerbie     contre l&rsquo;avion de la PanAm sont livr\u00e9s (l&rsquo;un sera condamn\u00e9 ult\u00e9rieurement \u00e0     la prison \u00e0 vie) et les familles des victimes sont indemnis\u00e9es. En 1999, les     sanctions internationales sont suspendues \u2013 m\u00eame si le r\u00e9gime continue de     nier toute responsabilit\u00e9.<\/p>\n<p align=\"justify\">Apr\u00e8s le 11 septembre 2001, la Libye l\u00e8ve     imm\u00e9diatement toute ambigu\u00eft\u00e9. Une coop\u00e9ration s\u00e9curitaire fructueuse \u2013     compte tenu de sa parfaite connaissance des fili\u00e8res des groupes radicaux \u2013     est engag\u00e9e avec les Etats-Unis. En d\u00e9cembre 2003, apr\u00e8s l&rsquo;offensive     am\u00e9ricaine contre le r\u00e9gime de Saddam Hussein, Mouammar Kadhafi renonce     officiellement \u00e0 un programme de destruction massive comprenant un volet     nucl\u00e9aire con\u00e7u en collaboration avec le \u00ab\u00a0p\u00e8re\u00a0\u00bb de la bombe atomique     pakistanaise, Abdul Qadeer Khan.<\/p>\n<p align=\"justify\"><font face=\"Arial\" size=\"2\"><i>\u00ab\u00a0Rachat \u00e0     bon compte d&rsquo;une l\u00e9gitimit\u00e9 internationale,<\/i> estime un expert du     minist\u00e8re de la d\u00e9fense fran\u00e7ais.<i> Kadhafi a compris que ce programme,     assez peu avanc\u00e9, \u00e9tait devenu contre-productif.\u00a0\u00bb<\/i> A-t-il eu peur d&rsquo;une     d\u00e9stabilisation orchestr\u00e9e par les Etats-Unis, comme nagu\u00e8re par l&rsquo;Egypte ?    <i>\u00ab\u00a0Avec le contexte nouveau cr\u00e9\u00e9 par le 11-Septembre et la hausse des prix     du brut, Kadhafi a vu qu&rsquo;il avait un coup \u00e0 jouer\u00a0\u00bb<\/i>, assure Luis     Martinez, sp\u00e9cialiste du Centre d&rsquo;\u00e9tudes et de recherches internationales (Sciences-Po     Paris), auteur de <i>The Libyan Paradox<\/i> (Hurst, 2006).<\/font><\/p>\n<p align=\"justify\">Ce renoncement ouvre la voie \u00e0 la     normalisation. Puis les opportunit\u00e9s cr\u00e9\u00e9es par la hausse des cours du     p\u00e9trole et les besoins d&rsquo;\u00e9quipement du pays apr\u00e8s les ann\u00e9es d&#8217;embargo la     pr\u00e9cipitent. En avril 2004, Mouammar Kadhafi est re\u00e7u \u00e0 Bruxelles par le     pr\u00e9sident de la Commission europ\u00e9enne, Romano Prodi. Quelques mois plus tard,     Jacques Chirac est le premier pr\u00e9sident fran\u00e7ais \u00e0 se rendre \u00e0 Tripoli, o\u00f9     l&rsquo;ont d\u00e9j\u00e0 pr\u00e9c\u00e9d\u00e9 le Britannique Tony Blair et l&rsquo;Italien Silvio Berlusconi.<\/p>\n<p align=\"justify\"><b>OPPOSITION AU DJIHADISME<\/b><\/p>\n<p align=\"justify\">Un dossier, pourtant, continue     d&#8217;empoisonner l&rsquo;atmosph\u00e8re, celui des infirmi\u00e8res bulgares et du m\u00e9decin     palestinien condamn\u00e9s \u00e0 mort par la justice libyenne pour avoir, selon elle,     intentionnellement inocul\u00e9 le virus du sida \u00e0 des enfants. Cet ultime     contentieux est r\u00e9gl\u00e9 en juillet 2007 \u00e0 la suite d&rsquo;une m\u00e9diation fran\u00e7aise,     apr\u00e8s un long travail de fond de la Commission europ\u00e9enne.<\/p>\n<p align=\"justify\">En d\u00e9pit de ses diatribes, le Guide libyen     et l&rsquo;Occident se retrouvent aujourd&rsquo;hui sur de nombreux points : un m\u00e9lange     de d\u00e9fiance et d&rsquo;hostilit\u00e9 vis-\u00e0-vis de \u00ab\u00a0l&rsquo;autre\u00a0\u00bb r\u00e9volution r\u00e9gionale,     celle de l&rsquo;Iran, et des chiites en g\u00e9n\u00e9ral \u2013 c&rsquo;est en Libye qu&rsquo;avait disparu     en 1978 le cheikh Moussa Sadr, \u00e0 l&rsquo;origine du r\u00e9veil politique des chiites     libanais ; et surtout une opposition frontale au djihadisme sans fronti\u00e8re     d&rsquo;Al-Qaida, que Mouammar Kadhafi a d\u00e9velopp\u00e9e parall\u00e8lement \u00e0 son     pragmatisme.<\/p>\n<p align=\"justify\">Le Guide a trait\u00e9 au napalm l&rsquo;islamisme     combattant teint\u00e9 d&rsquo;irr\u00e9dentisme dans le \u00ab\u00a0Jebel vert\u00a0\u00bb, au milieu des ann\u00e9es     1990. Le rapprochement du colonel et des Etats-Unis en fait d&rsquo;ailleurs une     cible du Groupe islamiste combattant libyen (GICL).<\/p>\n<p align=\"justify\">A l&rsquo;int\u00e9rieur, le r\u00e9gime a conserv\u00e9 tout     au long de ces ann\u00e9es une remarquable stabilit\u00e9, avec <i>\u00ab\u00a0un petit groupe     d&rsquo;une dizaine de responsables concentr\u00e9s sur les questions-cl\u00e9s pour sa     p\u00e9rennit\u00e9 : le p\u00e9trole, la s\u00e9curit\u00e9 et les tribus\u00a0\u00bb<\/i>, explique Luis     Martinez. La combinaison entre les trois principaux groupes tribaux (les     Kadhara \u2013 celui du Guide \u2013, les Meghara et les Warfallah) n&rsquo;a pas vari\u00e9     depuis les d\u00e9buts de la Jamahiriya.<\/p>\n<p align=\"justify\">Dans l&rsquo;ombre de leur p\u00e8re, Seif Al-Islam     et Saadi font leurs classes. Le premier, cheville ouvri\u00e8re de la Fondation     qui a r\u00e9gl\u00e9 les contentieux financiers li\u00e9s aux attentats de 1988 et 1989 et     le dossier des infirmi\u00e8res bulgares, constitue <i>\u00ab\u00a0la vitrine pr\u00e9sentable\u00a0\u00bb<\/i>     du r\u00e9gime. Mais il n&rsquo;a pas le pouvoir du second, un \u00e9ph\u00e9m\u00e8re footballeur     professionnel qui a r\u00e9ussi sa reconversion dans les forces sp\u00e9ciales.  \u00a0<\/p>\n<p align=\"justify\">Ces derni\u00e8res doivent b\u00e9n\u00e9ficier d&rsquo;un     r\u00e9\u00e9quipement de premier plan qui stimule les vendeurs d&rsquo;armes europ\u00e9ens. <i>    \u00ab\u00a0Les forces sp\u00e9ciales sont plus fiables que l&rsquo;arm\u00e9e, qui ne sera modernis\u00e9e     qu&rsquo;apr\u00e8s elles. Ces forces sont strat\u00e9giques pour le r\u00e9gime et contr\u00f4lent     tous les points n\u00e9vralgiques du pays\u00a0\u00bb<\/i>, assure Luis Martinez.<\/p>\n<p align=\"justify\">Ainsi va l&rsquo;ancien pays paria, bard\u00e9     aujourd&rsquo;hui de conseillers de groupes de r\u00e9flexion am\u00e9ricains, sur le mod\u00e8le     des riches \u00e9mirats du Golfe et dont l&rsquo;artisan des r\u00e9seaux radicaux de     nagu\u00e8re, Moussa Koussa, est pressenti pour le poste d&rsquo;ambassadeur \u00e0     Washington. O\u00f9 l&rsquo;on donne aujourd&rsquo;hui, il est vrai, du <i>\u00ab\u00a0Cher monsieur le     pr\u00e9sident\u00a0\u00bb<\/i> au dictateur nord-cor\u00e9en Kim Jong-il.<font face=\"Arial\"> \u00a0<\/font><\/p>\n<div align=\"justify\">      Gilles Paris<\/div>\n<div align=\"justify\"> <strong>(Source: \u201cLE MONDE\u201d (Quotidien \u2013 France), le 11 d\u00e9cembre 2007)<\/strong><\/div>\n<\/p><\/div>\n<div>\n<hr\/><\/div>\n<p> <span lang=\"DE-CH\">\u00a0<\/span><\/p>\n<p align=\"center\"> <span lang=\"FR-CH\"><strong><\/p>\n<h3 style=\"color: blue;\"><font face=\"Arial\">La diplomatie   africaine controvers\u00e9e de Nicolas Sarkozy<\/font><\/h3>\n<p><\/strong><\/span><\/p>\n<p> <strong>Philippe Bernard (\u00e0 Lisbonne) et Natalie Nougayr\u00e8de <\/strong><\/p>\n<p> <span lang=\"FR-CH\">\u00a0<\/span><\/p>\n<p> <span lang=\"FR-CH\">Alors qu&rsquo;il   accueille, lundi 10 d\u00e9cembre \u00e0 Paris, le dirigeant libyen Mouammar Kadhafi,   qui effectue en France une visite controvers\u00e9e de six jours, Nicolas Sarkozy a   voulu dessiner, samedi \u00e0 Lisbonne, \u00e0 l&rsquo;occasion du sommet Union   europ\u00e9enne-Afrique, les contours d&rsquo;une nouvelle politique africaine de la   France, o\u00f9 il s&rsquo;agit de \u00ab\u00a0parler avec tout le monde\u00a0\u00bb. Le pr\u00e9sident fran\u00e7ais a   jet\u00e9 les jalons d&rsquo;un \u00ab\u00a0d\u00e9but de normalisation\u00a0\u00bb avec la C\u00f4te d&rsquo;Ivoire de Laurent   Gbagbo et le Rwanda de Paul Kagam\u00e9, deux pays dont les relations avec la   France s&rsquo;\u00e9taient d\u00e9t\u00e9rior\u00e9es durant la pr\u00e9sidence de Jacques Chirac.<\/span><\/p>\n<p> <span lang=\"FR-CH\">\u00a0<\/span><\/p>\n<p> <span lang=\"FR-CH\">La visite du   Guide de la r\u00e9volution libyenne \u00e0 Paris intervient moins de cinq mois apr\u00e8s la   lib\u00e9ration des infirmi\u00e8res bulgares et du m\u00e9decin palestinien obtenue par la   France et l&rsquo;Union europ\u00e9enne (UE), avec une m\u00e9diation d\u00e9cisive du Qatar auquel   avait fait appel M. Sarkozy. Le colonel Kadhafi, pour lequel une tente a \u00e9t\u00e9   install\u00e9e dans la cour de l&rsquo;H\u00f4tel Marigny, \u00e0 c\u00f4t\u00e9 de l&rsquo;Elys\u00e9e, restera   jusqu&rsquo;au 15 d\u00e9cembre en France. Il sera re\u00e7u \u00e0 deux reprises, lundi et   mercredi, par M. Sarkozy. Les discussions devraient porter sur des contrats   commerciaux, des fournitures d&rsquo;armements, une coop\u00e9ration dans le nucl\u00e9aire   civil, ainsi que le projet d&rsquo;Union m\u00e9diterran\u00e9enne.<\/span><\/p>\n<p> <span lang=\"FR-CH\">\u00a0<\/span><\/p>\n<p> <span lang=\"FR-CH\">A Lisbonne, M.   Sarkozy a salu\u00e9 le dirigeant libyen en se d\u00e9clarant \u00ab\u00a0tr\u00e8s heureux\u00a0\u00bb de le   recevoir \u00e0 Paris. Devant les journalistes, le chef de l&rsquo;Etat a cherch\u00e9 \u00e0   justifier l&rsquo;invitation qu&rsquo;il avait lanc\u00e9e \u00e0 M. Kadhafi au lendemain de la   lib\u00e9ration des infirmi\u00e8res bulgares : \u00ab\u00a0Si nous n&rsquo;accueillons pas des pays qui   prennent le chemin de la respectabilit\u00e9, que devons nous dire \u00e0 ceux qui   prennent le chemin inverse ?\u00a0\u00bb Il a exprim\u00e9 le souhait que la visite soit \u00ab\u00a0un   succ\u00e8s\u00a0\u00bb et qu&rsquo;elle donne lieu \u00e0 la conclusion d'\u00a0\u00bbun certain nombre d&rsquo;accords   \u00e9conomiques\u00a0\u00bb.<\/span><\/p>\n<p> <span lang=\"FR-CH\">\u00a0<\/span><\/p>\n<p> <span lang=\"FR-CH\">\u00ab\u00a0Pour le reste,   a ajout\u00e9 Nicolas Sarkozy \u00e0 propos du num\u00e9ro un libyen, il a sa personnalit\u00e9,   il a son temp\u00e9rament, ce n&rsquo;est pas moi qui vais le juger.\u00a0\u00bb Le pr\u00e9sident   fran\u00e7ais n&rsquo;a pas fait de commentaire sp\u00e9cifique sur les propos tenus la veille   par le colonel Kadhafi, qui avait r\u00e9clam\u00e9, devant une assembl\u00e9e d&rsquo;\u00e9tudiants   portugais, des compensations financi\u00e8res pour les pays colonis\u00e9s, puis fustig\u00e9   \u00ab\u00a0la dictature\u00a0\u00bb du Conseil de s\u00e9curit\u00e9 de l&rsquo;ONU et d\u00e9clar\u00e9 comprendre \u00ab\u00a0le   recours des faibles au terrorisme\u00a0\u00bb face aux \u00ab\u00a0superpuissances\u00a0\u00bb.<\/span><\/p>\n<p> <span lang=\"FR-CH\">\u00a0<\/span><\/p>\n<p> <span lang=\"FR-CH\">A Lisbonne, M.   Sarkozy a encha\u00een\u00e9 une s\u00e9rie d&rsquo;entretiens avec des dirigeants africains,   esquissant une politique africaine o\u00f9 les contacts de la France seraient plus   larges, affranchis de certains contentieux. Ce positionnement, visiblement   soucieux de marquer une nouveaut\u00e9, intervient au moment o\u00f9 l&rsquo;image de la   France en Afrique a \u00e9t\u00e9 sensiblement \u00e9corn\u00e9e \u00e0 la fois par le scandale de   l&rsquo;Arche de Zo\u00e9 au Tchad et par le discours prononc\u00e9 en juillet par M. Sarkozy   \u00e0 Dakar, o\u00f9 il avait mis en cause la capacit\u00e9 de \u00ab\u00a0l&rsquo;homme africain\u00a0\u00bb \u00e0   appr\u00e9hender l&rsquo;avenir.<\/span><\/p>\n<p> <span lang=\"FR-CH\">\u00a0<\/span><\/p>\n<p> <span lang=\"FR-CH\">Se pr\u00e9sentant   comme \u00ab\u00a0l&rsquo;ami de l&rsquo;Afrique\u00a0\u00bb, le pr\u00e9sident fran\u00e7ais a soulign\u00e9 \u00ab\u00a0les progr\u00e8s   r\u00e9alis\u00e9s\u00a0\u00bb en mati\u00e8re de paix et de d\u00e9mocratie sur le continent. \u00ab\u00a0Je ne suis   pas de ceux qui r\u00e9duisent l&rsquo;Afrique \u00e0 une terre de guerre et de violence\u00a0\u00bb,   a-t-il d\u00e9clar\u00e9 devant les 53 dirigeants africains et 27 europ\u00e9ens r\u00e9unis.   Affirmant que \u00ab\u00a0l&rsquo;Afrique n&rsquo;appartient qu&rsquo;\u00e0 elle-m\u00eame\u00a0\u00bb, il a appel\u00e9 le   continent \u00e0 \u00ab\u00a0assumer encore davantage (ses) responsabilit\u00e9s\u00a0\u00bb pour \u00e9teindre   \u00ab\u00a0ses propres incendies\u00a0\u00bb. Le pr\u00e9sident lui-m\u00eame s&rsquo;est pr\u00e9sent\u00e9 en d\u00e9mineur. \u00ab\u00a0Si   je dois r\u00e9gler les probl\u00e8mes, c&rsquo;est qu&rsquo;ils ne l&rsquo;ont pas \u00e9t\u00e9 avant\u00a0\u00bb, a-t-il   lanc\u00e9 devant les journalistes.<\/span><\/p>\n<p> <span lang=\"FR-CH\">\u00a0<\/span><\/p>\n<p> <span lang=\"FR-CH\">Les \u00ab\u00a0probl\u00e8mes\u00a0\u00bb   concernent les relations franco-rwandaises, interrompues depuis la   publication, voici un an, des conclusions du juge Brugui\u00e8re mettant en cause   le pr\u00e9sident Kagam\u00e9 dans l&rsquo;attentat de 1994 qui co\u00fbta la vie aux pr\u00e9sidents   rwandais et burundais de l&rsquo;\u00e9poque et fut le signal qui d\u00e9clencha le g\u00e9nocide   de Tutsis. Un g\u00e9nocide qui \u00ab\u00a0nous oblige \u00e0 r\u00e9fl\u00e9chir, France comprise, \u00e0 nos   faiblesses ou \u00e0 nos erreurs\u00a0\u00bb, a d\u00e9clar\u00e9 M. Sarkozy, en une formulation qui,   a-t-il pr\u00e9cis\u00e9, a \u00e9t\u00e9 \u00ab\u00a0pes\u00e9e\u00a0\u00bb afin de \u00ab\u00a0respecter toutes les sensibilit\u00e9s\u00a0\u00bb. \u00ab\u00a0Il   y a beaucoup de souffrance au Rwanda. Nous avons convenu, M. Kagam\u00e9 et moi, de   nous tourner vers l&rsquo;avenir\u00a0\u00bb, a-t-il ajout\u00e9, confirmant qu&rsquo;un groupe de travail   pr\u00e9parait la reprise des relations diplomatiques.<\/span><\/p>\n<p> <span lang=\"FR-CH\">\u00a0<\/span><\/p>\n<p> <span lang=\"FR-CH\">D&rsquo;une tout   autre nature, la querelle franco-ivoirienne devrait, elle aussi, \u00eatre vid\u00e9e,   et des \u00ab\u00a0relations amicales\u00a0\u00bb r\u00e9tablies \u00e0 condition que le pr\u00e9sident Gbagbo   tienne sa promesse d&rsquo;organiser des \u00ab\u00a0\u00e9lections transparentes\u00a0\u00bb d&rsquo;ici \u00e0 juin   2008.<\/span><\/p>\n<p> <span lang=\"FR-CH\">\u00a0<\/span><\/p>\n<p> <span lang=\"FR-CH\">Nicolas Sarkozy   a d&rsquo;autre part affirm\u00e9 que la France \u00ab\u00a0continuerait \u00e0 faire \u00e9voluer son   dispositif militaire\u00a0\u00bb en Afrique. Il a indiqu\u00e9 avoir fait le commentaire   suivant aux pr\u00e9sidents de la C\u00f4te d&rsquo;Ivoire et du Tchad, o\u00f9 sont d\u00e9ploy\u00e9es des   troupes fran\u00e7aises : \u00ab\u00a0Si on g\u00eane, on peut s&rsquo;en aller.\u00a0\u00bb La r\u00e9ponse de ses   interlocuteurs, a-t-il dit, a \u00e9t\u00e9 n\u00e9gative.<\/span><\/p>\n<p> <span lang=\"FR-CH\">\u00a0<\/span><\/p>\n<p> <span lang=\"FR-CH\">A propos du   Tchad, M. Sarkozy a r\u00e9affirm\u00e9 sa d\u00e9termination \u00e0 d\u00e9ployer la force europ\u00e9enne   voulue par la France pour prot\u00e9ger les r\u00e9fugi\u00e9s. Cette force a pour objectif   d&rsquo; \u00ab\u00a0\u00e9viter un nouveau Darfour\u00a0\u00bb dans l&rsquo;est du Tchad, a-t-il dit. L&rsquo;Eufor   devrait aussi \u00eatre \u00e9voqu\u00e9e \u00e0 Paris avec le colonel Kadhafi, qui n&rsquo;a jamais   aim\u00e9 l&rsquo;id\u00e9e d&rsquo;un d\u00e9ploiement international \u00e0 ses fronti\u00e8res. <\/span><\/p>\n<p> <span lang=\"FR-CH\">\u00a0<\/span><\/p>\n<p> <span lang=\"FR-CH\">\u00a0<\/span><\/p>\n<p> <b><span lang=\"FR-CH\">Chronologie  <\/span><\/b><\/p>\n<p> <b> <span lang=\"FR-CH\">\u00a0<\/span><\/b><\/p>\n<p> <b> <span lang=\"FR-CH\">  1973 : visite du colonel Kadhafi \u00e0 Paris.<\/span><\/b><\/p>\n<p> <b> <span lang=\"FR-CH\">\u00a0<\/span><\/b><\/p>\n<p> <b> <span lang=\"FR-CH\">  1983 : op\u00e9ration militaire Manta au Tchad apr\u00e8s l&rsquo;intervention de la Libye.<\/span><\/b><\/p>\n<p> <b> <span lang=\"FR-CH\">\u00a0<\/span><\/b><\/p>\n<p> <b> <span lang=\"FR-CH\">  1984 : rencontre en Cr\u00e8te entre Fran\u00e7ois Mitterrand et Mouammar Kadhafi.<\/span><\/b><\/p>\n<p> <b> <span lang=\"FR-CH\">\u00a0<\/span><\/b><\/p>\n<p> <b> <span lang=\"FR-CH\">  1991 : la justice fran\u00e7aise met en cause la Libye dans l&rsquo;attentat contre un   DC-10 d&rsquo;UTA en 1989 au-dessus du Niger.<\/span><\/b><\/p>\n<p> <b> <span lang=\"FR-CH\">\u00a0<\/span><\/b><\/p>\n<p> <b> <span lang=\"FR-CH\">  1999 : six membres pr\u00e9sum\u00e9s des services secrets libyens condamn\u00e9s par   contumace \u00e0 la r\u00e9clusion criminelle \u00e0 perp\u00e9tuit\u00e9 dans l&rsquo;affaire du DC-10.<\/span><\/b><\/p>\n<p> <b> <span lang=\"FR-CH\">\u00a0<\/span><\/b><\/p>\n<p> <b> <span lang=\"FR-CH\">  2004 : visite de Jacques Chirac en Libye.<\/span><\/b><\/p>\n<p> <b> <span lang=\"FR-CH\">\u00a0<\/span><\/b><\/p>\n<p> <b> <span lang=\"FR-CH\">  2007 : Nicolas Sarkozy se rend \u00e0 Tripoli apr\u00e8s la lib\u00e9ration des infirmi\u00e8res   bulgares et du m\u00e9decin palestinien d\u00e9tenus depuis huit ans.<\/span><\/b><\/p>\n<p> <b> <span lang=\"FR-CH\">\u00a0<\/span><\/b><\/p>\n<p> <b> <span lang=\"FR-CH\">\u00a0<\/span><\/b><\/p>\n<p> <b><span lang=\"FR\">  (Source: \u201cLE MONDE\u201d (Quot<\/span><span lang=\"FR-CH\">idien   \u2013 France), le 11 d\u00e9cembre 2007)<\/span><\/b><\/p>\n<\/div>\n<div>\u00a0<\/div>\n<p><\/font><\/p>\n<hr\/>\n<p align=\"center\">\u00a0<\/p>\n<p align=\"center\"><b><a href=\"http:\/\/www.tunisnews.net\"><span>Home<\/span><span lang=\"FR-CH\"> &#8211; Accueil <\/span><span>&#8211; <\/span><span dir=\"rtl\" lang=\"AR-SA\">\u0627\u0644\u0631\u0626\u064a\u0633\u064a\u0629<\/span><\/a><\/b><\/p>\n<p align=\"center\"><b><span dir=\"rtl\" lang=\"AR-SA\">\u00a0<\/span><\/b><\/p>\n<p><\/body><\/body><\/html><\/p>\n","protected":false},"excerpt":{"rendered":"<p>Home &#8211; Accueil &#8211; \u00a0 TUNISNEWS 8\u00a0\u00e8me\u00a0ann\u00e9e, N\u00b05\u00a02755 du 10.12.2007 \u00a0archives : www.tunisnews.net C.R.L.D.H. Tunisie: La Ligue Tunisienne de D\u00e9fense des Droits de l\u2019Homme continue son combat pour une existence effective C.R.L.D.H. Tunisie: Campagne de diffamation orchestr\u00e9e contre M. Kh\u00e9ma\u00efs CHAMMARI Libert\u00e9 et Equit\u00e9: Toujours pas de nouvelles de l\u2019\u00e9tudiant Abdelhamid Sgha\u00efer Libert\u00e9 et Equit\u00e9: [&hellip;]<\/p>\n","protected":false},"author":1,"featured_media":22040,"comment_status":"open","ping_status":"open","sticky":false,"template":"","format":"standard","meta":{"inline_featured_image":false,"site-sidebar-layout":"default","site-content-layout":"","ast-site-content-layout":"default","site-content-style":"default","site-sidebar-style":"default","ast-global-header-display":"","ast-banner-title-visibility":"","ast-main-header-display":"","ast-hfb-above-header-display":"","ast-hfb-below-header-display":"","ast-hfb-mobile-header-display":"","site-post-title":"","ast-breadcrumbs-content":"","ast-featured-img":"","footer-sml-layout":"","ast-disable-related-posts":"","theme-transparent-header-meta":"","adv-header-id-meta":"","stick-header-meta":"","header-above-stick-meta":"","header-main-stick-meta":"","header-below-stick-meta":"","astra-migrate-meta-layouts":"default","ast-page-background-enabled":"default","ast-page-background-meta":{"desktop":{"background-color":"","background-image":"","background-repeat":"repeat","background-position":"center center","background-size":"auto","background-attachment":"scroll","background-type":"","background-media":"","overlay-type":"","overlay-color":"","overlay-opacity":"","overlay-gradient":""},"tablet":{"background-color":"","background-image":"","background-repeat":"repeat","background-position":"center center","background-size":"auto","background-attachment":"scroll","background-type":"","background-media":"","overlay-type":"","overlay-color":"","overlay-opacity":"","overlay-gradient":""},"mobile":{"background-color":"","background-image":"","background-repeat":"repeat","background-position":"center center","background-size":"auto","background-attachment":"scroll","background-type":"","background-media":"","overlay-type":"","overlay-color":"","overlay-opacity":"","overlay-gradient":""}},"ast-content-background-meta":{"desktop":{"background-color":"var(--ast-global-color-5)","background-image":"","background-repeat":"repeat","background-position":"center center","background-size":"auto","background-attachment":"scroll","background-type":"","background-media":"","overlay-type":"","overlay-color":"","overlay-opacity":"","overlay-gradient":""},"tablet":{"background-color":"var(--ast-global-color-5)","background-image":"","background-repeat":"repeat","background-position":"center center","background-size":"auto","background-attachment":"scroll","background-type":"","background-media":"","overlay-type":"","overlay-color":"","overlay-opacity":"","overlay-gradient":""},"mobile":{"background-color":"var(--ast-global-color-5)","background-image":"","background-repeat":"repeat","background-position":"center center","background-size":"auto","background-attachment":"scroll","background-type":"","background-media":"","overlay-type":"","overlay-color":"","overlay-opacity":"","overlay-gradient":""}},"footnotes":""},"categories":[],"tags":[64,38,29],"class_list":["post-16532","post","type-post","status-publish","format-standard","has-post-thumbnail","hentry","tag-64","tag-38","tag-fr"],"_links":{"self":[{"href":"https:\/\/tunisnews.net\/ar\/wp-json\/wp\/v2\/posts\/16532","targetHints":{"allow":["GET"]}}],"collection":[{"href":"https:\/\/tunisnews.net\/ar\/wp-json\/wp\/v2\/posts"}],"about":[{"href":"https:\/\/tunisnews.net\/ar\/wp-json\/wp\/v2\/types\/post"}],"author":[{"embeddable":true,"href":"https:\/\/tunisnews.net\/ar\/wp-json\/wp\/v2\/users\/1"}],"replies":[{"embeddable":true,"href":"https:\/\/tunisnews.net\/ar\/wp-json\/wp\/v2\/comments?post=16532"}],"version-history":[{"count":0,"href":"https:\/\/tunisnews.net\/ar\/wp-json\/wp\/v2\/posts\/16532\/revisions"}],"wp:featuredmedia":[{"embeddable":true,"href":"https:\/\/tunisnews.net\/ar\/wp-json\/wp\/v2\/media\/22040"}],"wp:attachment":[{"href":"https:\/\/tunisnews.net\/ar\/wp-json\/wp\/v2\/media?parent=16532"}],"wp:term":[{"taxonomy":"category","embeddable":true,"href":"https:\/\/tunisnews.net\/ar\/wp-json\/wp\/v2\/categories?post=16532"},{"taxonomy":"post_tag","embeddable":true,"href":"https:\/\/tunisnews.net\/ar\/wp-json\/wp\/v2\/tags?post=16532"}],"curies":[{"name":"wp","href":"https:\/\/api.w.org\/{rel}","templated":true}]}}