{"id":16529,"date":"2008-07-08T00:00:00","date_gmt":"2008-07-08T00:00:00","guid":{"rendered":"https:\/\/tunisnews.net\/8-juillet-2008\/"},"modified":"2008-07-08T00:00:00","modified_gmt":"2008-07-08T00:00:00","slug":"8-juillet-2008","status":"publish","type":"post","link":"https:\/\/tunisnews.net\/ar\/8-juillet-2008\/","title":{"rendered":"8 juillet 2008"},"content":{"rendered":"<p><html><head><meta content=\"text\/html\" description=\"Ramzi Ben Jilani Romdhani, prisonnier d\u2019opinion incarc\u00e9r\u00e9 actuellement \u00e0 la \n\tprison de Mornaguia, poursuit sa gr\u00e8ve de la faim illimit\u00e9e pour le \n\tquatorzi\u00e8me jour d\u2019affil\u00e9e pour exiger sa lib\u00e9ration. Il a effectue une \n\tpeine totale de vingt et un ans et il est dans l\u2019attente de condamnations \n\tdans sept autres affaires pour les m\u00eames accusations en vertu de la loi \n\tantiterroriste, inconstitutionnelle.\" http-equiv=\"Content-Type\"\/><\/head><body><body><\/p>\n<p align=\"center\" dir=\"ltr\"><font face=\"Arial\" size=\"2\"><b><a href=\"http:\/\/www.tunisnews.net\/\"><span>Home<\/span><span lang=\"FR-CH\"> &#8211; Accueil <\/span><\/a><\/b><\/font><\/p>\n<div><strong><\/p>\n<p><font><span lang=\"FR\"><\/p>\n<div align=\"center\" dir=\"ltr\"><font face=\"Arial\" size=\"7\"><span lang=\"SV\">TUNISNEWS<\/span> <\/font><\/div>\n<div align=\"center\"><font face=\"Arial\" size=\"2\">\u00a08\u00a0\u00e8me\u00a0ann\u00e9e,<span lang=\"FR\">N\u00b0 2968du 08.07.2008<\/span><\/font><span><blink><font face=\"Arial\" size=\"2\">\u00a0archives : <\/font><a target=\"_blank\" rel=\"noopener\"><font face=\"Arial\" size=\"2\" target=\"_blank\">www.tunisnews.net<\/font><\/a> <\/p>\n<hr\/>\n<p><\/blink><\/span><\/div>\n<p><\/span><\/font><\/p>\n<p><\/strong><\/div>\n<div><strong><\/p>\n<h2 style=\"color: red;\"><font>Libert\u00e9 et Equit\u00e9:Cri d\u2019alarme:Au bout de 14 jours de gr\u00e8ve de la faim Ramzi Romdhani est en danger<\/font><\/h2>\n<p><font>arabo.com:Tunisie : les producteurs de pommes de terre inquiets pour l&rsquo;\u00e9coulement des r\u00e9coltes<\/font><\/strong><\/div>\n<div><span lang=\"FR\"><\/p>\n<h2 style=\"color: red;\"><font size=\"2\"><strong>Mizanoon:\u00a0Soixante ans de terrorisme en Palestine<\/strong><\/font><\/h2>\n<p><\/span><\/div>\n<div><strong><\/p>\n<p><font><font>le site \u00ab Tahia Bladi \u00bb:Les moines en Alg\u00e9rie tu\u00e9s par les militaires <\/font><font face=\"Arial\" size=\"2\">Patrick Braouezec :Situation au Maghreb : Patrick Braouezec, D\u00e9put\u00e9,\u00a0 \u00e9crit au Premier Ministre<\/font><\/font><\/p>\n<p><\/strong><\/div>\n<div><font face=\"Arial\" size=\"2\"><strong>AFP:Union m\u00e9diterran\u00e9enne: Erdogan, invit\u00e9 par Sarkozy, assistera au sommet (porte-parole)<\/strong><\/font><\/div>\n<div><font face=\"Arial\" size=\"2\"><strong><\/p>\n<p><font>AFP:UPM\/Isra\u00ebl : l&rsquo;UE doit \u00ab\u00a0comprendre\u00a0\u00bb les revendications arabes sur les terres (quotidien officiel syrien)<\/font><\/p>\n<p><\/strong> <\/p>\n<div>\u00a0<\/div>\n<p><\/font><\/div>\n<p><font face=\"Arial\" size=\"2\"><\/p>\n<div>\n<hr\/>\n<\/div>\n<div align=\"center\"><strong><font>Sauvez la vie du prisonnier politique et ing\u00e9nieur Ridha Boukadi Libert\u00e9 pour Slim Boukhdhir, la plume libre  Libert\u00e9 et Equit\u00e9 <font>Organisation de droits de l\u2019homme ind\u00e9pendante 33 rue Mokhtar Atya, 1001 Tunis Tel\/fax: 71 340 860 Email : liberte.equite@gmail.com  Tunis, le 8 juillet 2008<\/font> <\/font><\/p>\n<h2 style=\"color: red;\"><font>Cri d\u2019alarme Au bout de 14 jours de gr\u00e8ve de la faim Ramzi Romdhani est en danger<\/font><\/h2>\n<p><\/strong><\/div>\n<div>\u00a0<\/div>\n<div> Ramzi Ben Jilani Romdhani, prisonnier d\u2019opinion incarc\u00e9r\u00e9 actuellement \u00e0 la prison de Mornaguia, poursuit sa gr\u00e8ve de la faim illimit\u00e9e pour le quatorzi\u00e8me jour d\u2019affil\u00e9e pour exiger sa lib\u00e9ration. Il a effectue une peine totale de vingt et un ans et il est dans l\u2019attente de condamnations dans sept autres affaires pour les m\u00eames accusations en vertu de la loi antiterroriste, inconstitutionnelle. Sa famille, qui lui a rendu visite aujourd\u2019hui, mardi 8 juillet 2008, a dit qu\u2019il ne pouvait plus marcher, qu\u2019il parlait avec une extr\u00eame difficult\u00e9 et qu\u2019il poursuivrait sa gr\u00e8ve jusqu\u2019\u00e0 ce que soient accept\u00e9es ses revendications, justes et l\u00e9gitimes. [\u2026] Pour le bureau ex\u00e9cutif de l\u2019organisation <strong><font>Le Pr\u00e9sident Ma\u00eetre Mohammed Nouri <\/font><\/strong>traduction d\u2019extraits ni revue ni corrig\u00e9e par les auteurs de la version originale, LT)<\/div>\n<div>\n<hr\/>\n<\/div>\n<div align=\"center\"> <strong><\/p>\n<h2 style=\"color: red;\"><font>Tunisie : les producteurs de pommes de terre inquiets pour l&rsquo;\u00e9coulement des r\u00e9coltes<\/font><\/h2>\n<p><\/strong><\/div>\n<div>\u00a0<\/div>\n<div>Alors que les grandes cultures en Tunisie pour l&rsquo;ann\u00e9e 2008 ont connu des difficult\u00e9s climatiques pour couvrir les besoins du pays, les producteurs de pommes de terres de leur c\u00f4t\u00e9, se confrontent \u00e0 un autre probl\u00e8me \u00e0 savoir l&rsquo;\u00e9coulement de la r\u00e9colte excessive de cette ann\u00e9e sur le march\u00e9 local.  Selon les derni\u00e8res statistiques concernant la production de pommes de terre, plus de deux cent mille tonnes seront disponibles en espace d&rsquo;un mois et demi alors que le march\u00e9 local ne peut absorber que 25000 tonnes par mois, ce qui provoque les agitations du c\u00f4t\u00e9 des producteurs qui s&rsquo;interrogent en effet, sur la vente de ces produits. Cette inqui\u00e9tude des producteurs de pommes s&rsquo;expliquerait par le fait que les prix de semences ont connu une hausse passant de 700 \u00e0 1450 dinars la tonne s&rsquo;ajoutant comme un fardeau\u00a0 sur les taux de productions \u00e9lev\u00e9s, d\u00e9passant m\u00eame les 7000 dinars le hectare.  Ne pas \u00e9couler ces produits serait lors, une perte pour les agriculteurs. Cette situation a connu par la suite une intervention de l&rsquo;\u00e9tat qui a mis un programme r\u00e9gulateur afin de pouvoir stocker 40milles tonnes avec un prix de vente de 400millimes le kilo. 10 miles tonnes seront stock\u00e9s par l&rsquo;union professionnelle des l\u00e9gumes et 30 milles tonnes par le secteur priv\u00e9 \u00e0 travers un contrat r\u00e9sign\u00e9 avec l&rsquo;union professionnelle des l\u00e9gumes. Aux derni\u00e8res nouvelles, cet accord resterait tr\u00e8s peu envisageable comme solution d&rsquo;autant plus que le kilo de pomme de terre atteindrait m\u00eame les 200 millimes ce qui rendrait les d\u00e9penses difficiles \u00e0 surmonter et briserait m\u00eame tout espoir des agriculteurs pour les prochaines cultures.  <strong><font>(arabo.com Tunisie Affaire 08 jiullet 2008)<\/font><\/strong><\/div>\n<div><strong><font><\/p>\n<hr\/>\n<p><\/font><\/strong><\/div>\n<div> \u00a0<\/div>\n<div>\n<p align=\"center\"><b><span lang=\"FR\"><\/p>\n<h2 style=\"color: red;\"><font size=\"3\"><font size=\"2\">Soixante ans de terrorisme en Palestine<\/font>.<\/font><\/h2>\n<p><\/span><\/b><\/p>\n<p><span lang=\"FR\">\u00a0<\/span><\/p>\n<p><b><span lang=\"FR\">Par Mizanoon<\/span><\/b><\/p>\n<p><span lang=\"FR\">\u00a0<\/span><\/p>\n<p><span lang=\"FR\">(Le pr\u00e9sident am\u00e9ricain Georges W. Bush lors de son discours de circonstances nous a promis encore 60 ans de terreur en plus.)<\/span><\/p>\n<p><span lang=\"FR\">\u00a0<\/span><\/p>\n<p><u><span lang=\"FR\">\u00ab\u00a0<i>On avait un probl\u00e8me et \u00e0 pr\u00e9sent il est r\u00e9solu<\/i><\/span><\/u><span lang=\"FR\">.\u00a0\u00bb (Jos\u00e9 Maria Aznar<\/span><span lang=\"FR\"> [1]<\/span><span lang=\"FR\">)<\/span><\/p>\n<p><span lang=\"FR\">Le lecteur qui a comment\u00e9 mon article<\/span><span lang=\"FR\"> [2]<\/span><span lang=\"FR\"> sur le discours prononc\u00e9 par le pr\u00e9sident fran\u00e7ais M. Nicolas Sarkozy n\u2019est certainement\u00a0 le seul \u00e0 qui \u2013 pour des raisons subjectives, pour manque d\u2019informations ou pour d\u2019autres raisons de sympathie suspecte et de vil opportunisme \u2013\u00a0 d\u00e9pla\u00eet la v\u00e9rit\u00e9. Les uns comme les autres\u00a0 disposent de moyens consid\u00e9rables et de tribunes innombrables pour falsifier l\u2019histoire surtout quand cette v\u00e9rit\u00e9 se rapporte \u00e0 la question palestinienne et par cons\u00e9quent \u00e0 la cr\u00e9ation de l\u2019\u00c9tat d\u2019Isra\u00ebl. Tout d\u2019abord dans l\u2019article commentant le discours du chef d\u2019\u00e9tat fran\u00e7ais devant la Knesset, l\u2019amalgame qui semble, \u00e0 juste raison, g\u00eaner notre lecteur vient de la bouche m\u00eame de Monsieur Sarkozy et se trouve parfaitement ancr\u00e9 dans son esprit, dans celui de l\u2019intellect occidental et particuli\u00e8rement de cette classe politique bien d\u00e9termin\u00e9e\u00a0: N\u2019a-t-il pas dit, M. Sarkozy que le c\u0153ur de tout juif o\u00f9 qu\u2019il se trouve sur la plan\u00e8te [y compris celui qui pourrait se trouver \u00e0 Djerba en Tunisie] doit battre d\u2019abord pour l\u2019\u00c9tat d\u2019Isra\u00ebl\u00a0?\u00a0 Or un citoyen normal n\u2019importe o\u00f9 dans le monde s\u2019attache, par la force des choses et par la logique sociale, \u00e0 la terre de sa naissance, de sa culture, de son histoire des ambitions de son peuple et de ses aspirations. Un sentiment patriotique l\u00e9gitime et raisonnable est, bien s\u00fbr, tout \u00e0 fait compatible avec le sentiment de solidarit\u00e9 et de destin commun que devrait \u00e9prouver tout citoyen, o\u00f9 qu\u2019il soit, avec le reste des humains. C\u2019est le signe parfait de bonne sant\u00e9 morale qui indiquerait que nous vivons bien dans un monde civilis\u00e9. Hors tel que le monde se pr\u00e9sente tout indique, bien malheureusement\u00a0 le contraire. Pour des raisons multiples, l\u2019humanit\u00e9 semble s\u2019\u00eatre install\u00e9e confortablement, comme jamais auparavant dans la barbarie m\u00eame si certaines apparences sugg\u00e8rent tout \u00e0 fait autre chose. Mais l\u00e0 n\u2019est pas la question. <\/span><\/p>\n<p><span lang=\"FR\">Car depuis que l\u2019Occident, dans sa totalit\u00e9, refusant de l\u00e2cher prise de son h\u00e9g\u00e9monie, cultivant coup apr\u00e8s coup ou guerre apr\u00e8s guerre, sa domination sempiternelle sur monde, ait d\u00e9cid\u00e9 tout simplement d\u2019exporter la probl\u00e9matique, il n\u2019a fait \u2013 comme il \u00e9tait d\u00e9j\u00e0 pr\u00e9visible, non seulement depuis le partage de l\u2019empire ottoman au d\u00e9but du si\u00e8cle dernier , mais tout au long de son histoire \u2013\u00a0 que cr\u00e9er plus de trag\u00e9dies, de souffrances \u00e0\u00a0 des milliers, sinon des millions de victimes et des fleuves de sangs qui coulent depuis l\u2019arriv\u00e9e des premiers colons isra\u00e9liens, dans cette m\u00eame r\u00e9gion du monde d\u2019abord, et, ce bien avant l\u2019accession d\u2019Adolf Hitler au pouvoir. La suite est plus ou moins connue. Et le comble c\u2019est qu\u2019il persiste \u00e0\u00a0 faire croire que \u00e7a soit la bonne solution de d\u2019installer les sionistes en Palestine et par-dessus-le-march\u00e9,\u00a0 faire porter les frais de tout le g\u00e2chis et les cons\u00e9quences\u00a0 d\u00e9sastreuses de ses deux grandes guerres sur le compte des\u00a0 arabes\u00a0 et des musulmans comme s\u2019ils\u00a0 \u00e9taient eux-m\u00eames r\u00e9ellement les acteurs de ces guerres et non les victimes.<\/span><\/p>\n<p><span lang=\"FR\">Ainsi la phrase prononc\u00e9e par un dirigeant europ\u00e9en contemporain est \u00e9difiante sur l\u2019esprit occidental pr\u00e9dateur par nature. S\u2019expliquant, d\u2019une mani\u00e8re lapidaire, sur les probl\u00e8mes de l\u2019immigration, r\u00e9guli\u00e8re ou non, ce monsieur avait donn\u00e9 l\u2019ordre \u00e0 ses policiers d\u2019expulser manu militari tout immigr\u00e9 en situation non compatible avec les normes et les valeurs occidentales. Mais voil\u00e0 que les dures mani\u00e8res employ\u00e9es par ces policiers qui accompagnaient le pauvre immigr\u00e9 \u00e0 l\u2019int\u00e9rieur de l\u2019avion ont fini non pas par le ramener vers son pays d\u2019origine sinon ils l\u2019ont exp\u00e9di\u00e9 vers l\u2019au-del\u00e0 pour la paix \u00e9ternelle de son \u00e2me.\u00a0 Commentant la trag\u00e9die, ce dirigeant a textuellement dit\u00a0:\u00a0\u00ab\u00a0On avait un probl\u00e8me et \u00e0 pr\u00e9sent il est r\u00e9solu\u00a0\u00bb.\u00a0 Pendant quelques jours les journaux, quelques uns contre mais la majorit\u00e9 pour, avaient comment\u00e9 le drame et par la suite plus rien. C\u2019est un cas typique et propre \u00e0 l\u2019esprit occidental. D\u2019ailleurs la question est d\u2019actualit\u00e9 en ces jours du mois de juillet 2008. <\/span><\/p>\n<p><span lang=\"FR\">Dans la r\u00e9gion de Murcia, Almeria et les villages avoisinants, les informations nous parlent de razzias sur les pauvres immigr\u00e9s dans leur majorit\u00e9 des magr\u00e9bins. Il est question de plus d\u2019un millier de d\u00e9tenus. On n\u2019a fait aucune distinction entre les r\u00e9guliers et les non r\u00e9guliers. Bien que \u00e7a ne soit pas l\u2019objet de notre sujet, n\u00e9anmoins c\u2019est un d\u00e9rivant parmi tant d\u2019autres de l\u2019injustice majuscule que supportent les peuples arabes et musulmans.\u00a0 <\/span><\/p>\n<p><b><u><span lang=\"FR\">\u00c0 Jenine, c\u2019est pire qu\u2019\u00e0 Auschwitz.<\/span><\/u><\/b><\/p>\n<p><span lang=\"FR\">Oser tout simplement critiquer et non pas lutter contre une monumentale aberration avec tout ce quelle comporte d\u2019injustice incommensurable, car apr\u00e8s tout, personne au monde ne peut emp\u00eacher le peuple palestinien, et les peuples arabes et musulmans, de lutter contre des envahisseurs quels que soient leurs arguments et beaucoup moins quand ces arguments rel\u00e8vent de la mythologie. Tout derni\u00e8rement c\u2019est l\u2019ex-pr\u00e9sident am\u00e9ricain Jimmy Carter qui est \u00e9pingl\u00e9 pour ses d\u00e9clarations et pour son livre \u00ab\u00a0Palestine\u00a0: <u>Peace Not Apartheid\u00a0 ou Palestine<\/u>\u00a0: Paix Non Apartheid\u00bb assez critique envers les isra\u00e9liens, mais sans mettre en question l\u2019existence de l\u2019\u00c9tat sioniste,\u00a0 comparant leur comportement vis-\u00e0-vis des palestiniens \u00e0 celui de l\u2019apartheid pratiqu\u00e9 en Afrique du Sud \u00e0 l\u2019\u00e9poque du pouvoir blanc jusqu\u2019\u00e0 la lib\u00e9ration de Nelson Mandela en 1991. Non seulement, Carter est accus\u00e9 publiquement d\u2019antis\u00e9mite et d\u2019\u00e9prouver des\u00a0 sentiments de haine envers les juifs, sinon on l\u2019accuse encore d\u2019avoir des sympathies nazis\u00a0!<\/span><span lang=\"FR\"> [3]<\/span><span lang=\"FR\"><\/span><\/p>\n<p><span lang=\"FR\">Les \u00e9crivains, l\u2019espagnol Juan Goytisolo et le portugais Jos\u00e9 Saramago, Prix Nobel de litt\u00e9rature en 1998, n\u2019avaient pas pu se retenir de qualifier l\u2019horreur qu\u2019ils venaient de voir\u00a0 de leurs propres yeux \u00e0 Jenine\u00a0 en 2002 au point que Saramago s\u2019est exclam\u00e9\u00a0: <i><u>\u00ab\u00a0Mais c\u2019est pire qu\u2019\u00e0 Auschwitz<\/u><\/i>\u00a0\u00bb. Eh bien tous les deux ont \u00e9t\u00e9 pri\u00e9s, de bonnes mani\u00e8res, de quitter le plus rapidement possible l\u2019\u00e9tat d\u2019Isra\u00ebl. Et depuis ils se sont vu inscrire leurs noms sur la longue liste noire des \u00ab\u00a0persona non grata.\u00a0\u00bb On n\u2019ignore si Saramago, pour ses sympathies procubaines\u00a0 n\u2019est pas encore inscrit sur l\u2019autre liste noire parall\u00e8le tenue par la Maison Blanche en tant que \u00ab\u00a0vulgaire terroriste.\u00a0\u00bb Terroriste toujours selon la d\u00e9finition exclusive partag\u00e9e par les\u00a0 am\u00e9ricains et les isra\u00e9liens. Beaucoup d\u2019autres \u00e9minents professeurs, historiens et \u00e9crivains sont sur la m\u00eame liste isra\u00e9lienne au moins. Sinon g\u00e9n\u00e9ralement sur les deux. Roger Garaudy, le fran\u00e7ais avait d\u00e9j\u00e0 pr\u00e9c\u00e9d\u00e9 de plusieurs ann\u00e9es tous les autres. L\u2019\u00e9crivain anglais David Irving, le compatriote de M. Balfour, celui \u00e0 qui on doit la fameuse promesse\u00a0 faite aux fondateurs de l\u2019\u00e9tat d\u2019Isra\u00ebl avec la d\u00e9claration de 1917 qui porte pour l\u2019\u00e9ternit\u00e9 son nom, lui aussi est accus\u00e9 d\u2019antis\u00e9mitisme. Toutes ces pers\u00e9cutions men\u00e9es, tambour battant, par un nombre infini d\u2019associations strictement\u00a0 et aveuglement pro-isra\u00e9liennes constitu\u00e9es uniquement par des juifs ne font qu\u2019approfondir l\u2019amalgame qu\u2019on veuille, comme le fait le lecteur d\u00e9j\u00e0 cit\u00e9, coller aux autres. Lisons cette phrase de la bouche m\u00eame de M. Benjamin Netanyahu\u00a0: \u00ab\u00a0<i>Je sais que je parle au nom de chaque isra\u00e9lien et au nom de <u>chaque juif dans le monde<\/u>, quand je dis aujourd\u2019hui\u00a0: Merci peuple des \u00c9tats-Unis<\/i>\u00a0\u00bb.<\/span><span lang=\"FR\"> [4]<\/span><span lang=\"FR\"> Qui amalgame cher monsieur\u00a0? <\/span><\/p>\n<p><b><u><span lang=\"FR\">L\u2019AIPAC, le tout puissant\u00a0 pouvoir mondial. <\/span><\/u><\/b><\/p>\n<p><span lang=\"FR\">Quant au plus que c\u00e9l\u00e8bre et extr\u00eamement puissant Lobby isra\u00e9lien AIPAC (American Israel Public Affairs Committee) devant lequel d\u00e9filent \u2013\u00a0\u00a0 \u00e0 chaque \u00e9lection pr\u00e9sidentielle \u2013 un par un tous les candidats \u00e0 la pr\u00e9sidence des \u00c9tats-Unis, D\u00e9mocrates comme R\u00e9publicains, pour d\u00e9clarer leur all\u00e9geance ind\u00e9fectible \u00e0 l\u2019\u00c9tat d\u2019Isra\u00ebl, sans laquelle aucun n\u2019a la moindre chance d\u2019arriver \u00e0 la Maison Blanche. <\/span><span lang=\"FR\">[5]<\/span><span lang=\"FR\"> Tous assurent qu\u2019une fois au pouvoir, ils feront tout, afin que les isra\u00e9liens continuent \u00e0 recevoir des milliards de dollars et tout le mat\u00e9riel de guerre n\u00e9cessaire pour garantir, comme jusqu&rsquo;\u00e0 pr\u00e9sent, la supr\u00e9matie totale en mer, sur terre et dans le ciel sur tous leurs voisins r\u00e9unis. On voit bien qui \u00e9lie quoi et les limites r\u00e9elles de la d\u00e9mocratie, non seulement aux \u00c9tats-Unis, mais dans tout l\u2019Occident. \u00ab\u00a0<i>Les individus et groupes qui composent ce puissant lobby aux \u00c9tats-Unis, <\/i>\u00e9crivent encore les auteurs du livre \u00ab\u00a0The Isra\u00ebl lobby and the U.S Foreign Policy\u00a0\u00bb John Mearsheimer et Stephen M. Walt duquel on doit la grande partie des v\u00e9rit\u00e9s qui vont suivre tout au long de cet article,\u00a0 sur cet \u00c9tat et sur l\u2019histoire de sa cr\u00e9ation,<i> se pr\u00e9occupent profond\u00e9ment pour Isra\u00ebl et n\u2019acceptent d\u2019aucune mani\u00e8re que des politiciens am\u00e9ricains \u00e9mettent la moindre critique contre les isra\u00e9liens, m\u00eame quand la critique est justifi\u00e9e et se trouve dans l\u2019int\u00e9r\u00eat de l\u2019\u00c9tat isra\u00e9lien. <\/i><\/span><\/p>\n<p><i><span lang=\"FR\">Tout au contraire, ces groupes exigent des dirigeants am\u00e9ricains qu\u2019ils traitent Isra\u00ebl comme s\u2019il \u00e9tait le 51<sup>i\u00e8me<\/sup>\u00a0\u00a0 \u00c9tat.\u00a0\u00bb<\/span><span lang=\"FR\"> [6]<\/span><span lang=\"FR\"> \u00ab\u00a0D\u2019ailleurs ce lobby isra\u00e9lien \u00e0 r\u00e9ussi \u00e0 convaincre beaucoup d\u2019am\u00e9ricains en leur faisant croire que les int\u00e9r\u00eats des \u00c9tats-Unis et d\u2019Isra\u00ebl sont, dans leur essence, les m\u00eames<\/span><\/i><span lang=\"FR\">.<i>En r\u00e9alit\u00e9, ils ne le sont pas<\/i>.\u00a0\u00bb Ajoutent les deux auteurs<\/span><span lang=\"FR\"> [7]<\/span><span lang=\"FR\">. Qui amalgame quoi cher monsieur\u00a0? Cet exemple n\u2019en est qu\u2019un. Et il n\u2019y a pas un seul pays au monde et surtout dans les pays occidentaux o\u00f9 l\u2019influence des lobbys isra\u00e9liens n\u2019est pas foudroyante. Il importe peu si aux \u00c9tats-Unis on l\u2019appelle lobby et ailleurs en Occident on l\u2019appelle association ou organisation, l\u2019effet est toujours le m\u00eame, l\u00e9tal, pour quiconque ose remettre en question\u00a0 ou r\u00e9futer tel ou tel argument.\u00a0\u00a0 <\/span><\/p>\n<p><b><u><span lang=\"FR\">Les arguments et les mythes.<\/span><\/u><\/b><\/p>\n<p><u><span lang=\"FR\">1- Le petit \u00e9tat assi\u00e9g\u00e9\u00a0:<\/span><\/u><span lang=\"FR\"><\/span><\/p>\n<p><span lang=\"FR\">La France tout comme tous les autres pays occidentaux, du plus petit au plus vaste, comme les \u00c9tats-Unis ou le Canada, consid\u00e8rent leur pass\u00e9 colonial comme des brillantes pages de civilisation. Alors qu\u2019en r\u00e9alit\u00e9 il s\u2019agit des pages des plus sombres de l\u2019histoire de l\u2019humanit\u00e9 jusqu\u2019\u00e0 pr\u00e9sent. \u00c0 lui seul, un pays comme la Hollande avait, durant des si\u00e8cles pill\u00e9 et massacr\u00e9 des peuples entiers, en Afrique, en Asie et en Am\u00e9rique. La Belgique le pays voisin a d\u00e9vast\u00e9 une grande partie de l\u2019Afrique. La France a fait autant que les deux pays r\u00e9unis en Afrique comme ailleurs et consid\u00e8re encore, aujourd\u2019hui m\u00eame, que l\u2019Afrique du Nord, l\u2019Afrique Centrale et l\u2019Afrique Occidentale comme sa chasse gard\u00e9e. D\u2019ailleurs cette r\u00e9gion d\u2019Afrique du Nord, change de d\u00e9nomination selon les besoins du moment et des ma\u00eetres. Aujourd\u2019hui monsieur Sarkozy nous a invent\u00e9 une nouvelle d\u00e9nomination\u00a0: La rive sud de la m\u00e9diterran\u00e9e dans l\u2019Union M\u00e9diterran\u00e9enne qui se trouve dans son esprit. Pour d\u2019autres par exemple les espagnols c\u2019est le Maghreb etc. Le Parlement fran\u00e7ais \u00e9tait sur le point d\u2019adopter une loi qui \u00e9l\u00e8verait, \u00e0 la satisfaction morale et \u00e0 un hypoth\u00e9tique soulagement de conscience des anciens colons et de leurs descendants, l\u2019\u00e9poque coloniale au rang de page glorieuse au cours de laquelle\u00a0 les\u00a0 colons se seraient transform\u00e9s magiquement en brigades humanitaires\u00a0 qui se sont sacrifi\u00e9s pour l\u2019\u00e9mancipation des peuples colonis\u00e9s\u00a0! Ni plus ni moins. <\/span><\/p>\n<p><span lang=\"FR\">Et comme certains des responsables alg\u00e9riens qui avaient protest\u00e9\u00a0 contre ce projet de loi fran\u00e7ais et avaient exig\u00e9, au moins un petit geste de la part de la France s\u2019excusant pour les cent trente ans de colonialisme et de ses cons\u00e9quences qui perdurent, ils n\u2019ont eu que la phrase sibylline prononc\u00e9e par \u2013 justement \u2013 le m\u00eame Sarkozy lors de sa derni\u00e8re visite en Alg\u00e9rie\u00a0: \u00ab\u00a0Il est regrettable que des erreurs ont \u00e9t\u00e9 commises de part et d\u2019autre\u2026\u00a0\u00bb D\u2019ailleurs M. Sarkozy avait m\u00eame menac\u00e9 d\u2019annuler la visite si certains alg\u00e9riens insistaient trop sur cette question. Ni les am\u00e9ricains, ni les canadiens, ni aucun pays occidental n\u2019ont jamais reconnu les crimes, les g\u00e9nocides et les exterminations commises durant des si\u00e8cles et jusqu\u2019\u00e0 nos jours. Pourtant d\u00e8s qu\u2019il s\u2019agit d\u2019Isra\u00ebl, ils s\u2019\u00e9vertuent en moralit\u00e9. Ils n\u2019ont rien d\u2019autre sur la conscience que la s\u00e9curit\u00e9 du \u00ab\u00a0petit Isra\u00ebl\u00a0\u00bb qui s\u2019affronte \u00e0 un dangereux voisinage. Le peuple isra\u00e9lien, selon la morale occidentale a toujours eu des ennemis \u00e0 ses fronti\u00e8res et des terroristes toujours pr\u00eats \u00e0 frapper.\u00a0 Hors rien de tout cela n\u2019est vrai. L\u2019imposture dans ce cas est monumentale. Sinon voyons les r\u00e9alit\u00e9s historiques\u00a0:<\/span><\/p>\n<p><u><span lang=\"FR\">Au nom des victimes, les bourreaux se transforment en anges.<\/span><\/u><\/p>\n<p><span lang=\"FR\">\u00ab\u00a0<i>L\u2019id\u00e9e r\u00e9pandue sur le comment s\u2019est cr\u00e9\u00e9 l\u2019\u00c9tat d\u2019Isra\u00ebl et son comportement post\u00e9rieur envers les palestiniens ainsi qu\u2019envers les \u00e9tats voisins est totalement erron\u00e9e. Elle est bas\u00e9e sur un ensemble de mythes et mensonges concernant les \u00e9v\u00e8nements du pass\u00e9 que les acad\u00e9miciens isra\u00e9liens \u2013 durant les derni\u00e8res vingt ann\u00e9es \u2013 ont syst\u00e9matiquement r\u00e9fut\u00e9s et d\u00e9mentis. Bien qu\u2019il n\u2019existe aucun doute sur le fait que les juifs aient \u00e9t\u00e9 des victimes en Europe, ils se sont transform\u00e9s durant le long du dernier si\u00e8cle, en bourreaux au Moyen Orient. Leurs principales victimes \u00e9taient et le demeurent les palestiniens. Cette id\u00e9e principale est non seulement soutenue par des \u00e9vidences indiscutables, sinon elle est aussi intuitivement plausible. Apr\u00e8s tout comment ont-ils pu, les juifs qui arrivaient d\u2019Europe en Palestine, cr\u00e9er leur propre \u00c9tat sans utiliser des moyens extr\u00eames contre la population arabe qui vivait en cette terre sur laquelle ils voulaient construire\u00a0 leur nouvel \u00c9tat\u00a0? <u>\u2013 Avec les moyens qu\u2019avaient utilis\u00e9s les europ\u00e9ens<\/u> qui vont cr\u00e9er les \u00c9tats-Unis et le Canada, <u>c&rsquo;est-\u00e0-dire en commettant les plus graves et plus atroces crimes contre les habitants autochtones<\/u>.<\/i><\/span><i><span lang=\"FR\"> [8]<\/span><span lang=\"FR\">\u00bb (\u2026) <\/span><\/i><\/p>\n<p><i><span lang=\"FR\">Ce que les sionistes<\/span><\/i><span lang=\"FR\">\u00a0 consid\u00e8rent leur <i>guerre d\u2019ind\u00e9pendance, elle serait en r\u00e9alit\u00e9 compos\u00e9e de deux conflits s\u00e9par\u00e9s<\/i>, \u00e9crivent les auteurs du livre The Isra\u00ebl Lobby. L<i>e premier consiste en la guerre civile entre palestiniens et juifs commenc\u00e9 le 29 novembre 1947 (Le jour o\u00f9 l\u2019ONU avait adopt\u00e9 la r\u00e9solution sur le partage de la Palestine sous mandat britannique) et durera jusqu\u2019au 14 mai 1948 (Le jour que l\u2019\u00c9tat d\u2019Isra\u00ebl d\u00e9clarera comme le jour de son ind\u00e9pendance).Le deuxi\u00e8me conflit a \u00e9t\u00e9 une guerre entre Isra\u00ebl et cinq arm\u00e9es arabes, qui commen\u00e7a le 15 mai 1948 pour se terminer le 07 juin 1949. Les sionistes avaient r\u00e9ussi une victoire hors de toute proportion sur les palestiniens dans cette guerre civile. Ils mirent \u00e0 profit leurs avantages en nombre et en qualit\u00e9 aussi bien en soldats qu\u2019en munitions. Les unit\u00e9s de combat juives \u00e9taient beaucoup mieux organis\u00e9es et entra\u00een\u00e9es que les forces palestiniennes qui avaient \u00e9t\u00e9 d\u00e9cim\u00e9es par les britanniques durant la r\u00e9volte de 1936-1939 et de laquelle ils ne s\u2019en sont plus r\u00e9cup\u00e9r\u00e9es en 1948. <\/i><\/span><\/p>\n<p><i><span lang=\"FR\">Selon l\u2019historien isra\u00e9lien Ilan Pape, quelques milliers de soldats palestiniens et arabes\u00a0 irr\u00e9guliers\u00a0 se sont confront\u00e9s \u00e0 des dizaines de milliers de troupes juives bien aguerries. Et comme on pouvait bien s\u2019y attendre, les dirigeants isra\u00e9liens \u00e9taient bien conscients de ce d\u00e9s\u00e9quilibre des forces et l\u2019exploit\u00e8rent, comme il se doit \u00e0 leur avantage. (\u2026)Les isra\u00e9liens avaient aussi des avantages consid\u00e9rables en \u00e9l\u00e9ments humains sur les cinq arm\u00e9es arabes durant la guerre de 1948. L\u2019historien isra\u00e9lien Benny Morris signale \u00e0 ce sujet que quand les combats avaient commenc\u00e9 vers le milieu du mois de mai 1948, Isra\u00ebl aligna 35.000 soldats en comparaison avec les soldats arabes envahisseurs qui comptaient entre 25.000 et 30.000. Quand l\u2019Op\u00e9ration Dani avait commenc\u00e9 en juillet, les isra\u00e9liens align\u00e8rent 65.000 hommes et en d\u00e9cembre 90.000 hommes arm\u00e9s. \u00c0 chaque phase ils augmentaient significativement leurs forces et ainsi, le nombre des forces arm\u00e9es isra\u00e9liennes d\u00e9passaient de loin l\u2019ensemble des forces palestiniennes et arabes. En m\u00eame temps, les isra\u00e9liens disposaient davantage d\u2019armements. (\u2026) En conclusion, les sionistes gagn\u00e8rent la guerre civile contre les palestiniens et la guerre contre les arabes envahisseurs pour la simple raison qu\u2019ils avaient dispos\u00e9 de puissances de feu consid\u00e9rables par rapport \u00e0 leurs adversaires malgr\u00e9 la supr\u00e9matie en nombre des populations arabes. Comme le signale Morris, la puissance de feu, l\u2019\u00e9l\u00e9ment humain et l\u2019organisation furent d\u00e9terminants quant \u00e0 l\u2019issue de la bataille.\u00bb <\/span><\/i><\/p>\n<p><span lang=\"FR\">Les manipulations tous azimuts, l\u2019usage du mensonge et des mythes, les farces, les faits accomplis,\u00a0 sont parmi les caract\u00e9ristiques constantes de l\u2019\u00c9tat d\u2019Isra\u00ebl et de l\u2019esprit sioniste. Encore un exemple flagrant de la supercherie des isra\u00e9liens. \u00ab\u00a0<i> Le mythe d\u2019Isra\u00ebl victime, <\/i>\u00e9crivent les m\u00eames auteurs<\/span><span lang=\"FR\"> [9]<\/span><i><span lang=\"FR\"> se refl\u00e8te bien dans l\u2019opinion tr\u00e8s r\u00e9pandue concernant la guerre de 1967 qui affirme que l\u2019\u00c9gypte et la Syrie sont les principaux responsables pour avoir commenc\u00e9 la guerre. Il se disait que les arabes \u00e9taient en train de pr\u00e9parer une guerre contre Isra\u00ebl quand les forces arm\u00e9es sionistes allaient les surprendre et gagner par un coup de main en remportant une \u00e9clatante victoire. Hors les nouveaux documents qui viennent de voir la lumi\u00e8re du jour laissent pourtant bien clair que les arabes n\u2019avaient aucune intention de commencer une guerre \u00e0 la fin du printemps de 1967\u00a0 et encore moins l\u2019intention de d\u00e9truire l\u2019Etat juif. Avi Shlaim, un \u00e9minent historien isra\u00e9lien de la \u00ab\u00a0Nouvelle Histoire\u00a0\u00bb a \u00e9crit que tous les commentateurs des \u00e9v\u00e8nements sont unanimes sur le fait que Nasser <\/span><\/i><span lang=\"FR\">[Le pr\u00e9sident \u00e9gyptien \u00e0 l\u2019\u00e9poque]<i> n\u2019avait ni voulu ni planifi\u00e9 une guerre quelconque contre Isra\u00ebl. En r\u00e9alit\u00e9 c\u2019est \u00e0\u00a0 Isra\u00ebl que revient la responsabilit\u00e9 consid\u00e9rable d\u2019avoir fait \u00e9clater la guerre. Shlaim ajoute, que la strat\u00e9gie isra\u00e9lienne dans l\u2019escalade avec la Syrie serait probablement le facteur d\u00e9terminant qui a entra\u00een\u00e9 le Moyen Orient dans la guerre en 1967 et ce malgr\u00e9 l\u2019opinion g\u00e9n\u00e9ralis\u00e9e \u00e0 ce sujet qui signalait l\u2019agression syrienne suppos\u00e9e comme la principale cause de la guerre. Shlomo Ben Ami, un autre historien isra\u00e9lien va encore plus loin et \u00e9crit\u00a0: C\u2019est Isaac Rabin, le chef de l\u2019\u00c9tat Major des forces arm\u00e9es isra\u00e9liennes qui avait conduit intentionnellement Isra\u00ebl \u00e0 la guerre contre la Syrie. Rabin \u00e9tait bien d\u00e9cid\u00e9 \u00e0 provoquer une guerre contre la Syrie parce qu\u2019il pensait que c\u2019\u00e9tait l\u2019unique moyen d\u2019emp\u00eacher les syriens d\u2019appuyer les attaques du Fatah contre Isra\u00ebl. <\/i><\/span><\/p>\n<p><span lang=\"FR\">Depuis nous sommes pratiquement au m\u00eame point et malgr\u00e9 tout, le mythe, du pauvre petit Isra\u00ebl, assi\u00e9g\u00e9 par un oc\u00e9an d\u2019arabes envahisseurs se maintient presque intact. Toutes ces victoires du petit David contre le Goliath,\u00a0 signale le m\u00eame historien Morris, <i>offrent une \u00e9loquente \u00e9vidence du patriotisme des isra\u00e9liens, de leur capacit\u00e9 d\u2019organisation et de leur habilit\u00e9 militaire,\u00a0 mais r\u00e9v\u00e8lent surtout combien Isra\u00ebl \u00e9tait loin de se trouver sans d\u00e9fense m\u00eame aux premi\u00e8res ann\u00e9es de sa cr\u00e9ation. Aujourd\u2019hui, Isra\u00ebl est la puissance militaire la plus importante dans tout le Moyen Orient. Ses forces conventionnelles sont tr\u00e8s sup\u00e9rieures \u00e0\u00a0 celles de tous ses voisins r\u00e9unis et en plus il est le seul \u00c9tat \u00e0 disposer des armes nucl\u00e9aires.<\/i>[Selon l\u2019ex-pr\u00e9sident am\u00e9ricain Jimmy Carter, Isra\u00ebl dispose d\u2019au moins 150 bombes atomiques] <i>\u00a0(\u2026) Selon une \u00e9tude faite en 2005 par le prestigieux Centre Jaff\u00e9e des Etudes Strat\u00e9giques de l\u2019Universit\u00e9 de Tel Aviv, la balance strat\u00e9gique penche nettement en faveur d\u2019Isra\u00ebl\u00a0 et la diff\u00e9rence entre sa propre capacit\u00e9 militaire ainsi que ses pouvoirs de dissuasion et ceux de tousses voisins constitue un gouffre d\u2019une profondeur insondable.\u00bb <\/i>Et pour conclure sur ce point les auteurs am\u00e9ricains du livre en r\u00e9f\u00e9rence se posent la question\u00a0sur le r\u00f4le des \u00c9tats-Unis qui pr\u00e9tendent \u2013 selon l\u2019un des principes fondamentaux de leur constitution \u2013\u00a0 venir toujours\u00a0 au secours des faibles. \u00ab\u00a0<i>Si le principe du soutien du faible s\u2019appliquait d\u2019une mani\u00e8re\u00a0 convaincante et cr\u00e9dible, les \u00c9tats-Unis seraient venus\u00a0 au secours de ceux qui r\u00e9sistent \u00e0 l\u2019\u00c9tat d\u2019Isra\u00ebl et non pas l\u2019inverse\u00a0\u00bb <\/i><\/span><\/p>\n<p><span lang=\"FR\">En conclusion<i> <\/i>\u00a0\u00e0 partir du moment o\u00f9 le fondateur du mouvement sioniste au Congr\u00e8s de B\u00e2le en 1897, le hongrois Benjamin Ze\u2019ev, plus connu sous le nom de Theodor Herzl, et jusqu\u2019\u00e0 nos jours, jamais les isra\u00e9liens n\u2019avaient manqu\u00e9 de moyens pour avoir toujours une supr\u00e9matie militaire \u00e9crasante sur tous leurs voisins r\u00e9unis. Un an avant la fondation du mouvement sioniste, le m\u00eame personnage avait\u00a0 d\u00e9j\u00e0 fond\u00e9 Le Fonds National Juif pour l\u2019achat des terres en Palestine. On \u00e9tait encore loin de l\u2019holocauste qui va arriver presque un demi-si\u00e8cle plus tard. <\/span><\/p>\n<p><span lang=\"FR\">\u00a0<\/span><\/p>\n<p><u><span lang=\"FR\">2- R\u00e9parations pour les crimes du pass\u00e9\u00a0<\/span><\/u><span lang=\"FR\">:<\/span><\/p>\n<p><span lang=\"FR\">\u00a0<\/span><\/p>\n<p><span lang=\"FR\">Avant la pers\u00e9cution des juifs en Europe et l\u2019apparition de l\u2019antis\u00e9mitisme\u00a0 avec probablement son point culminant l\u2019inquisition en Espagne, au d\u00e9but du 16<sup>i\u00e8me<\/sup> si\u00e8cle \u00e0 l\u2019arriv\u00e9e des rois catholiques et les d\u00e9sastres caus\u00e9s par le r\u00e9gime hitl\u00e9rien au milieu du 20<sup>i\u00e8me<\/sup> si\u00e8cle,\u00a0 et, apr\u00e8s jusqu\u2019\u00e0 nos jours, l\u2019histoire de l\u2019h\u00e9g\u00e9monie occidentale sur le reste du monde n\u2019a pas port\u00e9 aux quatre coins de la plan\u00e8te de la civilisation et des roses mais bien les crimes les plus abominables, des massacres les plus monstrueux et les g\u00e9nocides incomptables en Am\u00e9rique, en Afrique, en Asie et partout ailleurs. Pour tous ces crimes et g\u00e9nocides aucun pays occidental n\u2019a jamais \u00e9t\u00e9 traduit en justice nulle part \u00e0 l\u2019exception de l\u2019Allemagne qui est devenue le bouc \u00e9missaire acceptant, comme un Christ, d\u2019endosser tous les m\u00e9faits des autres et accepte d\u2019\u00eatre crucifi\u00e9e. Et ce sont uniquement les sionistes isra\u00e9liens qui en profitent de cette esp\u00e8ce de justice. Mais le probl\u00e8me c\u2019est que l\u2019h\u00e9g\u00e9monie occidentale n\u2019est pas le pass\u00e9, elle est le pr\u00e9sent. Et si on laisse faire elle sera aussi le futur.<\/span><\/p>\n<p><span lang=\"FR\">\u00a0<\/span><\/p>\n<p><span lang=\"FR\">Dans le livre \u00ab\u00a0The Isra\u00ebl Lobby\u00a0\u00a0 on peut lire\u00a0 encore : \u00ab\u00a0<i>Comme les juifs ont souffert des pers\u00e9cutions durant des si\u00e8cles, beaucoup estiment qu\u2019Isra\u00ebl m\u00e9rite un traitement sp\u00e9cial de la par des \u00c9tats-Unis.<\/i> [En r\u00e9alit\u00e9 c\u2019est un traitement sp\u00e9cial de la part de tout l\u2019Occident dans sa totalit\u00e9. Pour ce qui concerne le \u00abtraitement\u00a0\u00bb sp\u00e9cial d\u00e9di\u00e9 par l\u2019Allemagne, il a plut\u00f4t l\u2019allure d\u2019une extorsion consentie, multiforme et illimit\u00e9e dans le temps et dans le volume. Des milliards d\u2019euros donn\u00e9s en esp\u00e8ce aux engins militaires les plus meurtriers en passant par la mise \u00e0 la disposition de l\u2019\u00c9tat d\u2019Isra\u00ebl tous les services secrets allemands et sa collaboration totale. ] <i>Cette vision des choses constitue la base du programme original du sionisme qui joue un r\u00f4le d\u00e9terminant \u00e0 l\u2019heure de convaincre les \u00c9tats-Unis et les autres \u00e9tats d\u2019apporter leur soutien financier \u00e0 Isra\u00ebl. Et \u00e7a continue \u00e0 avoir r\u00e9sonnance jusqu\u2019\u00e0 nos jours. <\/i><\/span><\/p>\n<p><span lang=\"FR\">\u00a0<\/span><\/p>\n<p><i><span lang=\"FR\">Il<span dir=\"rtl\"><\/span>est ind\u00e9niable que les juifs ont d\u00fb p\u00e2tir\u00a0 durement de l\u2019antis\u00e9mitisme et la cr\u00e9ation de l\u2019\u00c9tat d\u2019Isra\u00ebl n\u2019a \u00e9t\u00e9 qu\u2019une r\u00e9ponse ad\u00e9quate \u00e0 la longue histoire de crimes. Cette histoire <\/span><\/i><span lang=\"FR\">[L\u2019histoire des crimes de l\u2019Occident qui n\u2019a \u00e9pargn\u00e9 pratiquement aucun peuple de la plan\u00e8te et pas seulement les juifs. Des peuples entiers ont disparus de la plan\u00e8te, eux ils n\u2019ont pas eu le temps de constituer des organisations et des lobbies puisqu\u2019ils sont totalement disparus. Pour le reste il semble que les sionistes ont monopolis\u00e9 d\u00e9finitivement ce domaine pour en faire avec toutes ses pi\u00e8ces, comme l\u2019\u00e9crit Norman Finkelstein, l\u2019Industrie de l\u2019Holocauste. <\/span><span lang=\"FR\">[10]<\/span><span lang=\"FR\"> \u00a0<i>est suffisante pour elle-m\u00eame pour fournir un argument consid\u00e9rable de force morale pour appuyer la fondation et l\u2019existence continuelle de l\u2019\u00c9tat d\u2019Isra\u00ebl. Ce soutien est d\u2019ailleurs conforme au compromis g\u00e9n\u00e9ral que les Etats-Unis ont pris en charge vis-\u00e0-vis de l\u2019autod\u00e9termination des nations. Nonobstant il est\u00a0 impossible d\u2019ignorer\u00a0 que la cr\u00e9ation d\u2019Isra\u00ebl ait entra\u00een\u00e9 des crimes consid\u00e9rables et additionnels contre une tierce partie impliqu\u00e9e par force et dans une grande mesure innocente\u00a0: Les palestiniens. Les crimes commis contre les juifs justifient bien le soutien \u00e0 l\u2019existence d\u2019Isra\u00ebl, mais les crimes contre les palestiniens ont fini par miner s\u00e9rieusement ce droit \u00e0 un traitement de faveur. <\/i><\/span><\/p>\n<p><span lang=\"FR\">\u00a0<\/span><\/p>\n<p><i><span lang=\"FR\">L\u2019histoire des ces \u00e9v\u00e8nements est largement justifi\u00e9e par d\u2019indiscutables dossiers. Quand le sionisme politique a commenc\u00e9 d\u2019exister s\u00e9rieusement vers la fin du XIX si\u00e8cle, il n\u2019y avait en Palestine qu\u2019entre 15.000 et 17.000 juifs.<\/span><\/i><span lang=\"FR\">[Dans la plupart des pays arabes il y avait \u00e0 la m\u00eame \u00e9poque plus ou moins des nombres pareils de citoyens juifs dont certains continuent aujourd\u2019hui encore \u00e0 y vivre comme\u00a0 par exemple au Maroc, en Tunisie, en Egypte, et m\u00eame au Y\u00e9men.]<i> En 1893, par exemple, les arabes palestiniens constituaient plus ou moins les 95% de la population en Palestine. Le fait qu\u2019\u00e0 l\u2019\u00e9poque ils \u00e9taient sous le r\u00e9gime Ottoman, n\u2019enl\u00e8ve rien au fait qu\u2019ils \u00e9taient propri\u00e9taires depuis plus de treize si\u00e8cles. L\u2019archa\u00efque maxime sioniste qui veut dire que la Palestine \u00e9tait \u00ab\u00a0une terre sans peuple pour un peuple sans terre\u00a0\u00bb n\u2019a aucun fondement et est totalement erron\u00e9e en ce qui concerne la terre, puisque elle se trouvait bien habit\u00e9e. <\/i><\/span><\/p>\n<p><span lang=\"FR\">\u00a0<\/span><\/p>\n<p><i><span lang=\"FR\">Les premiers sionistes qui se faisaient \u00e0 l\u2019espoir de voir les vagues successives de juifs qui quittaient l\u2019Europe au cours les derni\u00e8res d\u00e9cennies du XIX si\u00e8cle allaient venir en Palestine et de cette mani\u00e8re allaient constituer un avantage num\u00e9rique sur les habitants arabes de la r\u00e9gion, vont \u00eatre d\u00e9\u00e7us puisque la majorit\u00e9 de ces juifs ont pr\u00e9f\u00e9r\u00e9 \u00e9migrer vers les \u00c9tats-Unis. Seulement 100.000 des quatre millions de juifs qui ont abandonn\u00e9 l\u2019Europe entre 1880 et 1920 \u00e9migr\u00e8rent effectivement en Palestine. Jusqu\u2019\u00e0 l\u2019arriv\u00e9e d\u2019Hitler au pouvoir, le nombre des\u00a0 juifs en Palestine n\u2019arrivait m\u00eame pas au niveau du g\u00e9n\u00e9reux contingent d\u2019immigrants \u00e9tabli par les britanniques. En 1948 \u00e0 la fondation de l\u2019\u00c9tat d\u2019Isra\u00ebl, ses 650.000 juifs constituaient autour des 35% de la population totale de la Palestine et ne poss\u00e9daient que les 5% des terres. <\/span><\/i><\/p>\n<p><i><span lang=\"FR\">\u00a0<\/span><\/i><\/p>\n<p><i><u><span lang=\"FR\">Le seul \u00e9tat au monde sans fronti\u00e8res, ni r\u00e9elles ni artificielles<\/span><\/u><span lang=\"FR\">.<\/span><\/i><\/p>\n<p><span lang=\"FR\">\u00a0<\/span><\/p>\n<p><i><span lang=\"FR\">D\u00e8s le d\u00e9part les sionistes les plus importants \u00e9taient d\u00e9cid\u00e9s \u00e0 cr\u00e9er un \u00c9tat juif qui englobe toute la Palestine y inclus des territoires du Liban et de la Syrie. (\u2026) Aux \u00c9tats-Unis <\/span><\/i><span lang=\"FR\">[Et dans tout l\u2019Occident]<i> existe une id\u00e9e tr\u00e8s r\u00e9pandue et plus particuli\u00e8rement au sein des inconditionnels d\u2019Isra\u00ebl qui veut faire croire que les sionistes \u00e9taient d\u00e9sireux d\u2019arriver \u00e0 un accord sur une Palestine divis\u00e9e d\u2019une mani\u00e8re permanente en deux et qu\u2019en effet ils acceptaient le plan de partition propos\u00e9 par les britanniques \u00e0 travers la Commission\u00a0 Peel en 1937 et celle de l\u2019ONU en 1947. Mais ce qui est s\u00fbr c\u2019est que leur acceptation des ces plans n\u2019a jamais signifi\u00e9 qu\u2019ils aient renonc\u00e9 \u00e0 leur volont\u00e9 de n\u2019accepter qu\u2019une partie de la Palestine pour toujours, ni qu\u2019ils n\u2019aient jamais envisag\u00e9\u00a0 voir se cr\u00e9er un quelconque \u00c9tat palestinien. Les innombrables \u00e9tudes les plus r\u00e9centes confirment d\u2019une mani\u00e8re cat\u00e9gorique que la direction sioniste, si quelquefois elle s\u2019est montr\u00e9e dispos\u00e9e \u00e0 accepter la partition, ce n\u2019\u00e9tait qu\u2019une man\u0153uvre tactique et un premier pas vers leur lointain et authentique objectif. Les sionistes n\u2019avaient aucune intention de coexister avec un \u00e9tat palestinien viable \u00e0 long terme. Un tel d\u00e9veloppement des \u00e9v\u00e8nements entre en conflit direct avec le r\u00eave de la cr\u00e9ation de l\u2019\u00c9tat juif sur toute l\u2019\u00e9tendue de la Palestine. <\/i><\/span><\/p>\n<p><span lang=\"FR\">\u00a0<\/span><\/p>\n<p><i><span lang=\"FR\">L\u2019opposition entre les sionistes\u00a0 au plan de partition con\u00e7u par la Commission Peel \u00e9tait acharn\u00e9e. Leur chef Ben Gurion, \u00e0 dure peine, a r\u00e9ussi \u00e0 convaincre ses camarades pour accepter le plan. Ils ont accept\u00e9 la proposition parce qu\u2019ils ont compris que dans les intentions de Ben Gurion de s\u2019approprier de toute la Palestine n\u2019\u00e9tait qu\u2019une question de temps. Le dirigeant sioniste laissait bien clair ce point durant l\u2019\u00e9t\u00e9 de 1937, quand s\u2019adressant au comit\u00e9 ex\u00e9cutif sioniste d\u00e9clara\u00a0: \u00ab\u00a0Une fois l\u2019\u00c9tat \u00e9tabli et de grandes forces arm\u00e9es constitu\u00e9es, on abolira la partition et nous nous \u00e9tendrions sur toute la Palestine.\u00a0\u00bb Dans la m\u00eame mani\u00e8re il l\u2019\u00e9crit dans la m\u00eame ann\u00e9e \u00e0 son fils\u00a0: \u00ab\u00a0Il s\u2019agit d\u2019\u00e9riger imm\u00e9diatement et sans d\u00e9lai l\u2019\u00c9tat Juif m\u00eame si ce n\u2019est que sur une partie du territoire. Le reste viendra \u00e0 son moment. Il faut que \u00e7a arrive et s\u00fbrement \u00e7a viendra. (\u2026) <\/span><\/i><\/p>\n<p><span lang=\"FR\">\u00a0<\/span><\/p>\n<p><i><span lang=\"FR\">Ben Gurion faisait durant la premi\u00e8re moiti\u00e9 de 1947,\u00a0 des commentaires \u00e0 ce sujet \u00e0 travers lesquels il \u00e9tait bien clair que dans son esprit il pensait \u00e0 toute la Palestine. Par exemple dans une \u00e9tude faite par un chercheur isra\u00e9lien comme Uri Ben Eliezer on peut lire\u00a0: \u00ab\u00a0 Le 13 mai 1947 Ben Gurion d\u00e9clarait devant l\u2019assembl\u00e9e de l\u2019Agence Ex\u00e9cutive Juive qui se tenait aux \u00c9tats-Unis\u00a0:\u00a0Nous voulons la terre d\u2019Isra\u00ebl dans sa totalit\u00e9. C\u2019est l\u2019intention originelle. Une semaine plus tard, parlant devant l\u2019Assembl\u00e9e \u00c9lue de J\u00e9rusalem, le dirigeant du Yishuv se demandait \u00e0 haute voix\u00a0: Y a-t-il un seul entre nous, qui ne soit pas d\u2019accord sur l\u2019intention originelle de la D\u00e9claration de Balfour et du Mandat ainsi que sur l\u2019intention originelle, contenue dans les espoirs des g\u00e9n\u00e9rations successives de juifs, n\u2019\u00e9tait autre que l\u2019\u00e9tablissement de l\u2019\u00c9tat sur toute la Terre d\u2019Isra\u00ebl\u00a0? Parlant avec le Secr\u00e9taire du Mapai<\/span><\/i><span lang=\"FR\">[Le parti de la gauche isra\u00e9lienne \u00e0 l\u2019\u00e9poque]<i> Ben Gurion affirma que \u00e7a serait une grave erreur de renoncer \u00e0 la moindre parcelle de terre. Nous n\u2019avons pas le droit de faire une chose pareille, assure-t-il et en plus ce n\u2019est m\u00eame pas n\u00e9cessaire. (\u2026)<\/i><\/span><\/p>\n<p><span lang=\"FR\">\u00a0<\/span><\/p>\n<p><i><span lang=\"FR\">En tout cas ce qui est s\u00fbr c\u2019est que Ben Gurion avait d\u00e9j\u00e0 n\u00e9goci\u00e9 un accord avec le roi Abdallah de Transjordanie sur la division de la Palestine entre Isra\u00ebl et la Transjordanie, emp\u00eachant ainsi les palestiniens d\u2019avoir leur propre \u00c9tat. Cet accord secret a \u00e9t\u00e9 r\u00e9alis\u00e9 sous les auspices de la Grande Bretagne permettant ainsi \u00e0 la Transjordanie de s\u2019approprier de la Cisjordanie et \u00e0 Isra\u00ebl de tout le reste de la Palestine d\u00e8s qu\u2019il le pourra. (\u2026) La Transjordanie qui deviendra par la suite la Jordanie avec la Cisjordanie comme sa principale composante le perdra durant la guerre des six jours. Elle sera conquise par l\u2019IDF (Sigles en anglais des Forces de D\u00e9fense isra\u00e9liennes.)En r\u00e9sum\u00e9, les p\u00e8res fondateurs de l\u2019\u00c9tat h\u00e9breux qui \u00e9taient r\u00e9solus d\u00e8s le premier instant \u00e0 cr\u00e9er le \u00ab\u00a0Grand Isra\u00ebl\u00a0\u00bb ne laissaient aucune possibilit\u00e9 pour un \u00c9tat palestinien et tr\u00e8s peu de marge pour les palestiniens devenus sujets isra\u00e9liens arabes dans l\u2019\u00c9tat juif.<\/span><\/i><\/p>\n<p><span lang=\"FR\">\u00a0<\/span><\/p>\n<p><i><span lang=\"FR\">Tenant en consid\u00e9ration que les arabes \u00e9taient en majorit\u00e9 num\u00e9rique indiscutable par rapport aux juifs en Palestine et que les sionistes \u00e9taient d\u00e9cid\u00e9s \u00e0 conqu\u00e9rir tout territoire qui tombe sous leurs mains, ils n\u2019avaient n\u00e9anmoins pas beaucoup de choix\u00a0 que de proc\u00e9der \u00e0 l\u2019expulsion massive de grands nombres d\u2019arabes pour faire le vide n\u00e9cessaire \u00e0 la cr\u00e9ation de l\u2019\u00c9tat d\u2019Isra\u00ebl. Il n\u2019y a pas d\u2019autre forme pour atteindre l\u2019objectif, car les arabes<span dir=\"rtl\"> <\/span>ne vont pas abandonner d\u2019une mani\u00e8re volontaire leurs terres.(\u2026) Ainsi le plan de partition de l\u2019ONU qui pr\u00e9voyait l\u2019\u00e9tablissement de l\u2019\u00c9tat h\u00e9breux sur les 55% et 45% pour les palestiniens \u00e9tait d\u00e8s le d\u00e9part condamn\u00e9 \u00e0 l\u2019\u00e9chec. \u00c9videmment, il n\u2019y a aucune forme de pouvoir cr\u00e9er l\u2019\u00c9tat juif sur la totalit\u00e9 de la Palestine sans au pr\u00e9alable convaincre un grand nombre d\u2019arabes de quitter leurs terres. \u00c0 la lumi\u00e8re de ces r\u00e9alit\u00e9s, le sujet de l\u2019expulsion qui \u00e9tait devenait le th\u00e8me principal de conversations entre les sionistes l\u2019\u00e9tait au fond d\u00e8s les premiers temps de ce mouvement. En plus on consid\u00e8re l\u2019expulsion comme l\u2019unique forme r\u00e9aliste de r\u00e9soudre le probl\u00e8me d\u00e9mographique qui pourrait surgir sur le chemin de la cr\u00e9ation d\u2019un \u00c9tat juif. <\/span><\/i><\/p>\n<p><span lang=\"FR\">\u00a0<\/span><\/p>\n<p><i><span lang=\"FR\">Ben Gurion d\u00e9tecta le probl\u00e8me dans toute sa clart\u00e9 en 1941 en \u00e9crivant\u00a0: \u00ab\u00a0Il est impossible d\u2019imaginer une \u00e9vacuation [de la population arabe] sans recourir in\u00e9vitablement \u00e0 l\u2019usage d\u2019une force violente.\u00a0\u00bb Ou comme il l\u2019\u00e9crivait \u00e0 son fils en octobre 1937\u00a0: \u00abNous devons organiser une force d\u00e9fensive moderne [\u2026] et par la suite, j\u2019e suis s\u00fbr, personne ne pourra plus nous emp\u00eacher de nous installer partout dans le pays comme bon nous semble, que \u00e7a soit par accord mutuel ou par d\u2019autres moyens efficaces. \u00ab\u00a0Il est \u00e9vident que Ben Gurion \u00e9tait pour les \u00e9vacuations massives. Il comprenait bien que la cr\u00e9ation\u00a0 d\u2019un \u00c9tat juif ne pourrait se faire avec au milieu une forte minorit\u00e9 d\u2019arabes hostiles (\u2026) Ben Gurion avait bien ses raisons. \u00c7a doit rester bien clair que s\u2019il n\u2019a pas \u00e9t\u00e9 fait ce qu\u2019il fallait, l\u2019\u00c9tat n\u2019aurait jamais vu l\u2019existence. Il impossible de masquer la r\u00e9alit\u00e9. Sans le d\u00e9racinement des palestiniens, jamais ici, il n\u2019y aurait eu un \u00c9tat juif.<\/span><\/i><\/p>\n<p><span lang=\"FR\">\u00a0<\/span><\/p>\n<p><i><span lang=\"FR\">La d\u00e9portation est une strat\u00e9gie indiscutablement horrible et \u00e7a n\u2019int\u00e9resse aucun groupe qui envisage l\u2019expulsion d\u2019une population rivale de claironner \u00e0 la face du monde entier ses v\u00e9ritables intentions. Ainsi apr\u00e8s avoir signal\u00e9 en 1941 qu\u2019il soit inimaginable d\u2019envisager la d\u00e9portation massive sans faire obligatoirement usage de la force violente, Ben Gurion insista par \u00e9crit\u00a0 sur le fait qu\u2019en aucune mani\u00e8re telle proc\u00e9dure ne devrait \u00eatre explicitement inscrite dans aucun programme. (\u2026) R\u00e9fl\u00e9chissant sur la grande sensibilit\u00e9 de la question de la d\u00e9portation, les p\u00e8res fondateurs de l\u2019\u00c9tat d\u2019Isra\u00ebl, \u00e9crit l\u2019historien Benny Morris, il est fr\u00e9quent de voir ces dirigeants sionistes\u00a0 ordonner aux st\u00e9nographes de quitter la salle de r\u00e9union pour se reposer afin d\u2019exclure des registres et des archives toutes les recommandations qui se faisaient sur la question par \u00e9crit. (\u2026) <\/span><\/i><span lang=\"FR\">Pour illustrer encore mieux cette vision sioniste de l\u2019\u00e9tendu de leur \u00c9tat, Uri Avnery <\/span><span lang=\"FR\">[11],<\/span><span lang=\"FR\"> dans un article sous le titre \u00ab\u00a0<i>L\u2019Agenda occulte, la feuille de route secr\u00e8te du sionisme.\u00bb <\/i>\u00a0\u00e9crit, entre autres, le suivant\u00a0: \u00ab\u00a0<i>Mais quel est le c\u0153ur de la paix\u00a0? \u2013 Une fronti\u00e8re. Quand deux peuples voisins font la paix, la premi\u00e8re des choses qu\u2019ils font, ils d\u00e9terminent les fronti\u00e8res entre eux. C\u2019est exactement ce qui n\u2019existe pas dans l\u2019esprit de l\u2019establishment isra\u00e9lien. Car une telle chose contredit l\u2019\u00e9thos fondamental de l\u2019entreprise sioniste. <\/i><\/span><\/p>\n<p><span lang=\"EN-GB\">\u00a0<\/span><\/p>\n<p><i><span lang=\"FR\">Il est vrai, qu\u2019en diverses circonstances et occasions tout au long de l\u2019histoire, le mouvement sioniste a trac\u00e9 des cartes g\u00e9ographiques. \u00c0 la fin de la premi\u00e8re Guerre Mondiale on a pr\u00e9sent\u00e9, \u00e0 la Conf\u00e9rence de Paix, une carte de l\u2019\u00c9tat juif qui s\u2019\u00e9tendrait\u00a0 du fleuve Litani au Liban jusqu\u2019\u00e0 El Arish dans le d\u00e9sert du Sina\u00ef. La carte trac\u00e9e par Vladimir Ze\u2019ev Jabotinsky qui va se convertir en embl\u00e8me de l\u2019Irgoun, copiait les fronti\u00e8res originelles du mandat britannique avec les deux rives du fleuve Jordan. Quant \u00e0 Isra\u00ebl Eldad, l\u2019un des dirigeants du groupe Stern, il a fait circuler durant des longues ann\u00e9es une carte g\u00e9ographique de l\u2019Empire d\u2019Isra\u00ebl qui s\u2019\u00e9tend de la m\u00e9diterran\u00e9e jusqu\u2019au fleuve de l\u2019Euphrate en M\u00e9sopotamie et qui comprend la totalit\u00e9 de la Jordanie, du Liban ainsi que de gros morceaux de la Syrie et de l\u2019\u00c9gypte. Son fils, d\u00e9put\u00e9s de l\u2019extr\u00eame droite au parlement isra\u00e9lien, Ariel Eldad, n\u2019a jamais renonc\u00e9 \u00e0 la carte de papa. Apr\u00e8s la guerre des six jours, la carte qui jouissait de l\u2019approbation de la droite, comprenait tous les territoires conquis y compris le Plateau du Golan et tout le Sina\u00ef. Enfin de compte toutes ces cartes ne sont que des divertissements. Car l\u2019authentique vision sioniste n\u2019admet pas de cartes g\u00e9ographiques. C\u2019est une vision d\u2019un \u00c9tat sans fronti\u00e8res. Un \u00e9tat en perp\u00e9tuelle extension en fonction de son pouvoir d\u00e9mographique, militaire et politique. Dans ce cas la strat\u00e9gie sioniste est similaire \u00e0 celle des eaux d\u2019un fleuve qui coule vers la mer. Le fleuve avance \u00e0 travers le paysage, tra\u00e7ant des m\u00e9andres, esquivant les obstacles, se d\u00e9vie tant\u00f4t \u00e0 droite, tant\u00f4t \u00e0\u00a0 gauche. Des fois il coule \u00e0 la superficie, d\u2019autres il le fait en souterrain et tout le long de son trajet, il accapare des d\u00e9bits des autres courants d\u2019eau. Et ainsi de suite jusqu&rsquo;\u00e0 son destin final.<\/span><\/i><\/p>\n<p><span lang=\"FR\">\u00a0<\/span><\/p>\n<p><i><span lang=\"FR\">C\u2019est l\u2019authentique agenda sioniste, immuable, occulte, conscient et inconscient. Il n\u2019a besoin ni de d\u00e9cisions, ni de formules, ni de cartes g\u00e9ographiques, il est tout simplement grav\u00e9 dans le code g\u00e9n\u00e9tique du mouvement <\/span><\/i><span lang=\"FR\">[sioniste] <i>(\u2026)<\/i> <i>Chacun des milliers de fonctionnaires et subordonn\u00e9s qui se d\u00e9dient durant des d\u00e9cennies \u00e0 cette entreprise savent exactement ce qu\u2019ils doivent faire sans avoir \u00e0 recevoir des instructions pr\u00e9cises. C\u2019est la raison pour laquelle David Ben Gourion a refus\u00e9 d\u2019inclure dans la D\u00e9claration d\u2019Ind\u00e9pendance la moindre allusion \u00e0 des fronti\u00e8res. Le bonhomme n\u2019avait pas la moindre intention de se conformer aux fronti\u00e8res fix\u00e9es par la r\u00e9solution de l\u2019Assembl\u00e9e G\u00e9n\u00e9rale des Nations Unies le 29 novembre 1947. Tous ses successeurs partageaient son point de vue. M\u00eame dans les accords d\u2019Oslo il est question d\u2019esquisses de \u00ab\u00a0zones\u00a0\u00bb mais jamais de fronti\u00e8res d\u2019aucune sorte. Le pr\u00e9sident Bush a consid\u00e9r\u00e9 comme valable un tel projet quand il a propos\u00e9 \u00ab\u00a0un \u00c9tat palestinien avec des fronti\u00e8res provisoires\u00a0\u00bb. Toute une nouveaut\u00e9 au sein de la l\u00e9gislation internationale\u00a0! En effet en cela Isra\u00ebl partage bien des similitudes avec les \u00c9tats-Unis.\u00a0Ils se sont cr\u00e9\u00e9s tout au long de la C\u00f4te Est et ne se sont jamais arr\u00eat\u00e9s avant d\u2019atteindre la C\u00f4te Ouest \u00e0 l\u2019autre extr\u00eame du Continent. Les incessants flux des immigrants arrivant d\u2019Europe se sont d\u00e9vers\u00e9s sur l\u2019Ouest d\u00e9mantelant les fronti\u00e8res, violant tous les trait\u00e9s, exterminant tous les autochtones de ces terres, d\u00e9clenchant la guerre contre le Mexique ils ont finalement conquis le Texas. Pour envahir, par la suite, l\u2019Am\u00e9rique Centrale et Cuba. La consigne qui les incitait, les excitait et justifiait toutes leurs actions, sign\u00e9e en 1845 par John O\u2019 Sullivan, s\u2019appelle : \u00ab\u00a0Manifest Destiny.\u00bb <\/i><\/span><\/p>\n<p><span lang=\"FR\">\u00a0<\/span><\/p>\n<p><b><u><span lang=\"FR\">Notre Dieu n\u2019est pas le leur.<\/span><\/u><\/b><\/p>\n<p><span lang=\"FR\">\u00a0<\/span><\/p>\n<p><i><span lang=\"FR\">L\u2019occasion de proc\u00e9der \u00e0 l\u2019expulsion massive des palestiniens et \u00e0 la cr\u00e9ation de l\u2019\u00c9tat d\u2019Isra\u00ebl se pr\u00e9senta finalement en 1948. Cette ann\u00e9e-l\u00e0 les forces arm\u00e9es juives\u00a0 vont obliger\u00a0 plus de 700.000 palestiniens \u00e0 prendre le chemin de l\u2019exil. Les isra\u00e9liens et leurs partisans aux \u00c9tats-Unis <\/span><\/i><span lang=\"FR\">[et partout en Occident] <i>ont soutenu durant tout le temps que les arabes<\/i> [palestiniens bien entendu]<i> avaient abandonn\u00e9 leurs terres volontairement, suivant les instructions qu\u2019ils recevaient des dirigeants des pays\u00a0 arabes de la r\u00e9gion. Tous les chercheurs et historiens ont aujourd\u2019hui totalement d\u00e9mont\u00e9 ce mythe. En effet les dirigeants arabes, au contraire, ont insist\u00e9 afin que les populations palestiniennes ne bougent\u00a0 pas de leurs terre mais, devant la terreur et la peur de souffrir une mort violente aux mains des forces sionistes terrifiantes, la majorit\u00e9\u00a0 d\u2019entre elles ont fini par s\u2019en fuir. Une fois la guerre termin\u00e9e (celle de 1948), Isra\u00ebl a interdit le retour des exil\u00e9s palestiniens. En juin 1948 Ben Gurion donnait instructions afin que tous les moyens soient mis en \u0153uvre pour ne jamais permettre ce retour. Vers 1962 Isra\u00ebl s\u2019\u00e9tait appropri\u00e9 de presque 93% de la terre \u00e0 l\u2019int\u00e9rieur des limites de l\u2019\u00c9tat.<\/i> [Alors, comme on l\u2019a vu plus haut, \u00e0 la fondation de l\u2019\u00c9tat h\u00e9breux en 1948, les juifs ne d\u00e9tenaient que 5% de l\u2019ensemble de la Palestine]<i> <\/i><\/span><\/p>\n<p><span lang=\"FR\">\u00a0<\/span><\/p>\n<p><i><span lang=\"FR\">Et pour atteindre une telle proportion, il a fallu d\u00e9truire plus de 531 villages arabes et onze \u00e9tablissements urbains ont \u00e9t\u00e9 totalement vid\u00e9s de leurs populations arabes. Moshe Dayan, ancien ministre de D\u00e9fense d\u2019Isra\u00ebl, s\u2019exprimant sur la catastrophe inflig\u00e9e par les sionistes aux arabes afin de cr\u00e9er l\u2019\u00c9tat juif d\u00e9clarait\u00a0: \u00ab\u00a0Nous avons construit nos villages sur les m\u00eames lieux o\u00f9 il y avait des villages arabes. Personne ne doit se sentir coupable. D\u2019ailleurs personne ne sait les noms de ces villages disparus \u00e0 jamais. Et comme\u00a0 il n\u2019y avait ni de manuels de g\u00e9ographie ni des livres,\u00a0 par cons\u00e9quent on peut conclure que ces villages arabes n\u2019avaient jamais non plus exist\u00e9. [\u2026] Pourtant c\u2019est s\u00fbr, il n\u2019y a rien d\u2019\u00e9difi\u00e9 dans ce pays qu\u2019il ne le soit pas sur des constructions arabes ant\u00e9rieures.\u00a0\u00bb Les dirigeants sionistes savaient parfaitement que la cr\u00e9ation de l\u2019\u00c9tat d\u2019Isra\u00ebl allait entra\u00eener une \u00e9norme injustice envers le peuple palestinien. Ainsi l\u2019a dit Ben Gurion en 1956 \u00e0 Nahum Goldman, le pr\u00e9sident du Congr\u00e8s Juif Mondial, \u00ab\u00a0si j\u2019\u00e9tais un dirigeant arabe, jamais je n\u2019aurais ni cherch\u00e9\u00a0 \u00e0 trouver un accord avec Isra\u00ebl. C\u2019est une r\u00e9action naturelle\u00a0: Nous leur avons confisqu\u00e9 leur pays. Evidemment Dieu nous l\u2019a promis \u00e0 nous autres mais [\u2026] que leur importe \u00e0 eux\u00a0? \u2013\u00a0 Notre Dieu n\u2019est pas le leur.<\/span><\/i><\/p>\n<p><span lang=\"FR\">\u00a0<\/span><\/p>\n<p><i><span lang=\"FR\">Il est vrai que nous provenons d\u2019Isra\u00ebl, mais \u00e7a fait de \u00e7a plus de deux mille ans. Et quel int\u00e9r\u00eat \u00e0 \u00e7a pourraient-ils eux attacher \u00e0 cela\u00a0? D\u2019autre part l\u2019antis\u00e9mitisme, les nazis, Hitler, Auschwitz mais [\u2026] sont-ils eux les coupables de tout \u00e7a\u00a0? \u2013 Ils ne voient qu\u2019une chose\u00a0: Nous sommes arriv\u00e9s et nous leur avons vol\u00e9 leur pays. Pourquoi voulez-vous qu\u2019ils acceptent \u00e7a\u00a0?<\/span><\/i><span lang=\"FR\">[\u2026] Berl Katznelson, un alli\u00e9 inflexible de Ben Gurion et un des principaux intellectuels parmi les premiers sionistes, l\u2019a exprim\u00e9 d\u2019une mani\u00e8re grossi\u00e8re en affirmant que \u00ab\u00a0l\u2019entreprise sioniste est une entreprise de conqu\u00eate.\u00bb <i>Durant toutes les six d\u00e9cennies ant\u00e9rieures \u00e0 la cr\u00e9ation de l\u2019\u00c9tat h\u00e9breux<\/i> (Du congr\u00e8s de B\u00e2le en 1897<i> \u00e0 1948) tous les dirigeants sionistes se sont constamment\u00a0 \u00e9vertu\u00e9s \u00e0 nier toutes ambitions nationales l\u00e9gitimes des palestiniens. Golda Meir qui a fait fonction de premier ministre par exemple a atteint la louche\u00a0 et non moins grande notori\u00e9t\u00e9 \u00e0 d\u00e9clarer que ce qu\u2019on appelle \u00ab\u00a0 un palestinien\u00a0\u00bb \u00e7a n\u2019existe nulle part. [\u2026] <\/i>Enfin de compte<i> les crimes commis contre les juifs en Europe ne fournissent aucune justification morale pour le droit \u00e0 l\u2019existence de l\u2019\u00c9tat d\u2019Isra\u00ebl.\u00a0 <\/i><\/span><\/p>\n<p><span lang=\"FR\">\u00a0<\/span><\/p>\n<p><i><u><span lang=\"FR\">3-Les vertueux isra\u00e9liens et les m\u00e9chants arabes<\/span><\/u><span lang=\"FR\">.<\/span><\/i><\/p>\n<p><span lang=\"FR\">\u00a0<\/span><\/p>\n<p><i><span lang=\"FR\">Un autre argument moral veut d\u00e9crire Isra\u00ebl comme un pays qui a toujours \u00e0 tout moment cherch\u00e9 \u00e0 faire la paix et a fait montre d\u2019une grande et noble retenue m\u00eame au moment des graves provocations et des pires harc\u00e8lements. Pour le contraire, les arabes n\u2019ont jamais agi, comme pr\u00e9tendu,\u00a0 en dehors d\u2019une m\u00e9chancet\u00e9 bien ancr\u00e9e dans leur mentalit\u00e9 et avec une violence aveugle. Cette version des faits est un leitmotiv incessant qui se r\u00e9p\u00e8te dans toutes les d\u00e9clarations des dirigeants isra\u00e9liens et tous les d\u00e9fenseurs et protecteurs am\u00e9ricains <\/span><\/i><span lang=\"FR\">[ou occidentaux en g\u00e9n\u00e9ral] d\u2019Isra\u00ebl. [\u2026] <i>L\u2019IDF, selon<\/i> <i>Ariel Sharon et Ehud Olmert, entres autres, est une arm\u00e9e dot\u00e9e du plus grand sens moral dans le monde.\u00bb Cette description du comportement des isra\u00e9liens constitue un autre mythe.[\u2026] Toutes les recherches et \u00e9tudes exclusivement isra\u00e9liennes prouvent que bien que depuis les premiers sionistes, les isra\u00e9liens \u00e9taient loin d\u2019\u00eatre des anges envers les palestiniens. Les habitants arabes avaient r\u00e9sist\u00e9 \u00e0 toutes les tentatives sionistes pour s\u2019emparer de leurs terres. Quelquefois dans leur r\u00e9sistance ils sont arriv\u00e9s \u00e0 tuer quelques uns des envahisseurs juifs ou d\u00e9truisant leurs maisons. <\/i><\/span><\/p>\n<p><span lang=\"FR\">\u00a0<\/span><\/p>\n<p><i><span lang=\"FR\">Pourtant cette r\u00e9sistance \u00e9tait bien pr\u00e9visible quand on sait que les sionistes envisageaient bien de cr\u00e9er leur \u00c9tat sur des terres arabes. \u00ab\u00a0Si j\u2019\u00e9tais arabe \u2013 sinc\u00e8rement\u00a0\u00a0\u00a0\u00a0\u00a0 d\u00e9clarait Ben Gurion en 1937 \u2013 je me rebellerai farouchement avec plus d\u2019amertume et de d\u00e9sespoir contre une immigration qui va un jour convertir la Palestine et tous ses habitants arabes en un territoire de domination juive.\u00a0\u00bb [\u2026] <\/span><\/i><span lang=\"FR\">Le m\u00eame Ben Gurion \u00e9crira dans son agenda personnel\u00a0:\u00a0\u00ab\u00a0<i>La n\u00e9cessit\u00e9 de r\u00e9agir avec force et atrocit\u00e9 est in\u00e9vitable. Il est essentiel<\/i> <i>d\u2019\u00eatre pr\u00e9cis au moment choisi et prompt \u00e0 frapper fort dans les lieux d\u00e9termin\u00e9s. Toute famille qu\u2019on d\u00e9cide d\u2019incriminer doit \u00eatre d\u00e9molie sans compassion, femmes et enfants inclus. Sinon \u00e7a ne serait pas efficace. [\u2026] Il n\u2019est pas de faire de distinction entre coupables et innocents. Il n\u2019y a rien de surprenant dans ce niveau d\u2019ex\u00e9cution des ordres venant du sommet de la direction sioniste \u2013 Ben Gurion qui ne faisait que r\u00e9sumer la politique \u00e9mergente \u2013 conduira\u00a0 les troupes juives \u00e0 commettre des atrocit\u00e9s effroyables. En fin de compte l\u2019histoire est jalonn\u00e9e de guerres livr\u00e9es entre des peuples diff\u00e9rents les uns des autres. Mais ind\u00e9pendamment de tout cela, les atrocit\u00e9s \u00e9voqu\u00e9es dans ce cas pr\u00e9cis privent\u00a0 Isra\u00ebl de toute revendication d\u2019un statut moral sp\u00e9cial quelconque. <\/i><\/span><\/p>\n<p><span lang=\"FR\">\u00a0<\/span><\/p>\n<p><i><span lang=\"FR\">Le comportement post\u00e9rieur d\u2019Isra\u00ebl envers ses adversaires arabes et envers ses citoyens palestiniens a \u00e9t\u00e9 continuellement d\u2019une brutalit\u00e9 telle au point de trahir toute aspiration \u00e0 \u00eatre consid\u00e9r\u00e9e comme une conduite morale exemplaire. Entre 1949 et 1956 \u2013 par exemple \u2013 estime Benny Morris \u00ab\u00a0les forces arm\u00e9es r\u00e9guli\u00e8res de la s\u00e9curit\u00e9 isra\u00e9lienne et les volontaires civiles de la garde arm\u00e9e, avec leurs mines et de leurs bombes pi\u00e9g\u00e9es ont assassin\u00e9 un nombre ind\u00e9termin\u00e9 d\u2019arabes infiltr\u00e9s <\/span><\/i><span lang=\"FR\">[\u00e0 l\u2019int\u00e9rieur de ce qui est devenu l\u2019\u00c9tat d\u2019Isra\u00ebl]<i>. Entre 2700 et 5000.\u00a0\u00bb Il n\u2019y a pas de doute que certains d\u2019entre eux se sont infiltr\u00e9s pour combattre\u00a0 les isra\u00e9liens, mais selon les preuves dont on dispose \u00ab\u00a0l\u2019immense majorit\u00e9 des assassin\u00e9s n\u2019\u00e9taient m\u00eame pas arm\u00e9s et se sont infiltr\u00e9s pour des raisons \u00e9conomiques ou sociales.\u00a0\u00bb Morris signale que cette politique de \u00ab\u00a0feu \u00e0\u00a0 discr\u00e9tion\u00a0\u00bb d\u00e9bouchait sur \u00ab\u00a0une s\u00e9rie d\u2019atrocit\u00e9s\u00a0\u00bb perp\u00e9tr\u00e9es contre ces pauvres infiltr\u00e9s.<\/i><\/span><\/p>\n<p><span lang=\"FR\">\u00a0<\/span><\/p>\n<p><i><span lang=\"FR\">Ces actes ne sont nullement une anomalie. L\u2019IDF assassin\u00e8rent \u00e0 des centaines de prisonniers de guerre \u00e9gyptiens durant les guerres de 1956 et 1967. En 1967 on a expuls\u00e9 entre 100.000 et 260.000 palestiniens de la Cisjordanie r\u00e9cemment conquise et plus de 80.000 syriens du Plateau de Golan. Quand des victimes de ces op\u00e9rations de nettoyage ethnique avaient tent\u00e9 de regagner clandestinement leurs domiciles, souvent sans arme, les isra\u00e9liens les ont abattus, sans sommation,\u00a0 d\u00e8s qu\u2019ils les ont aper\u00e7us. Amnesty International \u00e9value qu\u2019entre 1967 et 2003 Isra\u00ebl\u00a0 a d\u00e9truit\u00a0 plus de dix mille maisons en Cisjordanie et dans la bande de Gaza. En outre Isra\u00ebl, pour le moins, fut complice durant son invasion du Liban en 1982 de la milice chr\u00e9tienne qui a caus\u00e9 un carnage chez les r\u00e9fugi\u00e9s palestiniens dans les camps de Sabra et Chatila. Une Commission d\u2019investigation isra\u00e9lienne avait r\u00e9v\u00e9l\u00e9 que le ministre de la D\u00e9fense, Ariel Sharon \u00e9tait personnellement responsable dans ces atrocit\u00e9s. Aussi louable et admirable soit-il l\u2019effort de la Commission, de pointer du doigt directement vers un haut responsable de l\u2019arm\u00e9e, faut-il aussi le rappeler que post\u00e9rieurement les votants isra\u00e9liens vont l\u2019\u00e9lire au poste de premier ministre. [\u2026] <\/span><\/i><\/p>\n<p><span>\u00a0<\/span><\/p>\n<p><i><span lang=\"FR\">Durant la Premi\u00e8re Intifada (1987-1991), par exemple, les forces de l\u2019IDF avaient distribu\u00e9 aux troupes des matraques et ont incit\u00e9 les soldats \u00e0 briser les os des manifestants palestiniens. La d\u00e9l\u00e9gation su\u00e9doise de l\u2019organisation Save the Children a fait public en 1990 un rapport accablant pour les isra\u00e9liens d\u2019un millier de pages dans lequel sont d\u00e9taill\u00e9s les effets de ses \u00e9v\u00e8nements sur les enfants dans les Territoires Occup\u00e9s. Entre 23.600 et 29.900 enfants ont \u00e9t\u00e9 bless\u00e9s durant les deux premi\u00e8res ann\u00e9es de la [premi\u00e8re] Intifada. Le tiers de ces enfants \u00e9taient des mineurs de moins de dix ans, un cinqui\u00e8me de l\u2019ensemble de moins de cinq ans. Les quatre cinqui\u00e8mes de ces enfants ont \u00e9t\u00e9 frapp\u00e9s sur la t\u00eate et la partie sup\u00e9rieure du tronc et en diverses parties du corps. Presque le tiers des enfants ont souffert des fractures des os et souvent des fractures multiples. [\u2026] La r\u00e9ponse d\u2019Isra\u00ebl \u00e0 la Seconde Intifada (2000-2005) a \u00e9t\u00e9 encore plus violente, ce qui a pouss\u00e9 le journal isra\u00e9lien Haaretz \u00e0 d\u00e9clarer que \u00ab\u00a0l\u2019IDF s\u2019est transform\u00e9 en une machine \u00e0 tuer d\u2019une efficacit\u00e9 aussi effroyable qu\u2019angoissant.\u00a0\u00bb Les troupes de l\u2019IDF avaient tir\u00e9 un million de balles durant les premiers jours de la r\u00e9volte, chose qu\u2019on pourrait difficilement consid\u00e9rer comme une riposte mod\u00e9r\u00e9. Tout au long de la r\u00e9volte, Isra\u00ebl assassina \u00e0 3.386 palestiniens entre lesquels 676 mineurs palestiniens. [\u2026] Les forces arm\u00e9es isra\u00e9liennes ont aussi assassin\u00e9 plusieurs \u00e9trangers activistes pour la paix dont une jeune femme am\u00e9ricaine<\/span><\/i><span lang=\"FR\">[Il s\u2019agit de Rachel Curie qui a \u00e9t\u00e9 \u00e9cras\u00e9e pour s\u2019\u00eatre, avec son propre corps, interpos\u00e9e entre le bulldozer et la maison qu\u2019il va finalement aussi faire dispara\u00eetre de la face de la terre.] <i>de 23 ans en mars 2003. Evidemment le gouvernement isra\u00e9lien ne s\u2019embarrasse jamais d\u2019ouvrir une enqu\u00eate quelconque sur ces morts civiles et encore moins\u00a0 de punir les responsables. <\/i><\/span><\/p>\n<p><span lang=\"FR\">\u00a0<\/span><\/p>\n<p><i><span lang=\"FR\">Ces r\u00e9alit\u00e9s sur le comportement de l\u2019\u00c9tat d\u2019Isra\u00ebl sont largement \u00e9tay\u00e9es par d\u2019innombrables documents et dossiers de la part de tr\u00e8s nombreuses organisations de droits humains \u2013 entre elles quelques importants groupes isra\u00e9liens \u2013 au-dessus de tout soup\u00e7on. Quatre anciens officiers du Shin Bet (L\u2019organisation de s\u00e9curit\u00e9 int\u00e9rieure d\u2019Isra\u00ebl) condamn\u00e8rent le comportement d\u2019Isra\u00ebl durant la Seconde Intifada en novembre 2003. L\u2019un d\u2019eux a d\u00e9clar\u00e9\u00a0: \u00ab\u00a0nous nous conduisons d\u2019une mani\u00e8re honteuse\u00a0\u00bb, et un autre l\u2019a qualifi\u00e9 tout simplement de \u00ab\u00a0\u00e9vidence immorale.\u00a0\u00bb[\u2026] <\/span><\/i><span lang=\"FR\">Dans le m\u00eame sens et de son c\u00f4t\u00e9, <i>\u00a0Louise Arbour du Commissariat des Droits de l\u2019Homme des Nations Unies a proclam\u00e9 en novembre 2006 que le \u00ab\u00a0violation des droits humains dans ces territoires est de dimensions massives.\u00bb [\u2026] En conclusion il y a \u00e0 peine \u00e9l\u00e9ments pour justifier l\u2019exigence qu\u2019on entend et qui veut pr\u00e9senter Isra\u00ebl comme ayant d\u00e9montr\u00e9 une retenue substantielle dans le traitement qu\u2019il a r\u00e9serv\u00e9 \u00e0 ses adversaires. <\/i><\/span><\/p>\n<p><span lang=\"FR\">\u00a0<\/span><\/p>\n<p><i><span lang=\"FR\">L\u2019affirmation qu\u2019Isra\u00ebl a toujours tenu qu\u2019affronter une menace mortelle tout le long de son histoire, aussi bien de la part des gouvernements arabes\u00a0 qui sont pour le \u00ab\u00a0refus\u00a0\u00bb que de la part des terroriste palestiniens, rel\u00e8ve d\u2019un point de vue qui ne repose sur aucune base comme on l\u2019a vue jusque-l\u00e0. [\u2026] Les palestiniens ont recouru au terrorisme contre les occupants isra\u00e9liens et quelquefois contre une tierce partie innocente. Leurs intentions de s\u2019attaquer \u00e0 des civils innocents est indiscutablement une erreur et doivent \u00eatre condamn\u00e9es sans palliatifs. N\u00e9anmoins ce comportement n\u2019a rien de surprenant car \u00e7a fait tr\u00e8s longtemps que les palestiniens se sont vus refuser les moindres droits politiques les plus \u00e9l\u00e9mentaires. \u00c7a fait tr\u00e8s longtemps aussi qu\u2019ils sont convaincus qu\u2019ils ne leur reste aucune autre voie pour arriver \u00e0 arracher la moindre concession de la part des isra\u00e9liens. Comme l\u2019a reconnu l\u2019ex premier ministre Barak, si jamais il arrive qu\u2019on soit n\u00e9 lui m\u00eame entre les palestiniens \u00ab\u00a0il se serait engag\u00e9 sans h\u00e9sitation dans une organisation terroriste.\u00a0\u00bb<\/span><\/i><\/p>\n<p><span lang=\"FR\">\u00a0<\/span><\/p>\n<p><i><span lang=\"FR\">En effet, le terrorisme a \u00e9t\u00e9 une des tactiques principales qu\u2019avaient employ\u00e9es les sionistes quand ils se trouvaient dans une position de similaire faiblesse durant la cr\u00e9ation de leur \u00e9tat. Ce sont les terroristes juifs de l\u2019Irgoun de louche c\u00e9l\u00e9brit\u00e9, un groupe de militants sionistes qui \u00e0 la fin de 1937 avaient introduit en Palestine la pratique, aujourd\u2019hui archi c\u00e9l\u00e8bre, qui consiste \u00e0 utiliser des bombes dans les autobus et les endroits de grands rassemblements. Benny Morris suspecte en ce sens que \u00ab\u00a0les arabes avaient fini par apprendre l\u2019effet des bombes terroristes gr\u00e2ce aux juifs.\u00a0\u00bb Entre 1944 et 1947 diverses organisations sionistes avaient employ\u00e9 des bombes terroristes pour expulser les troupes britanniques de Palestine et avaient enlev\u00e9 la vie \u00e0 beaucoup de civils innocents dans leur acharnement. Les terroristes isra\u00e9liens assassin\u00e8rent aussi le m\u00e9diateur de l\u2019ONU, le comte\u00a0 Folke Bernadotte, en 1948 parce qu\u2019il s\u2019opposait \u00e0 leur convoitise sur J\u00e9rusalem en proposant, comme premier pas, son internationalisation. Les auteurs de ces attentats n\u2019\u00e9taient pas des extr\u00e9mistes isol\u00e9s qui agissaient\u00a0 pour leur propre compte. Les chefs de ce r\u00e9seau responsables de cet assassinat ont \u00e9t\u00e9 amnisti\u00e9s par le gouvernement isra\u00e9lien et l\u2019un d\u2019eux a \u00e9t\u00e9 post\u00e9rieurement \u00e9lu membre de la Knesset.<\/span><\/i><\/p>\n<p><span lang=\"FR\">\u00a0<\/span><\/p>\n<p><i><span lang=\"FR\">Un autre petit chef terroriste, qui a donn\u00e9 le feu vert pour l\u2019assassinat de Bernadotte, bien qu\u2019il n\u2019ait jamais \u00e9t\u00e9 jug\u00e9 pour son acte, a \u00e9t\u00e9 le premier ministre Isaac Shamir. Il a lui-m\u00eame explicitement d\u00e9fendu en ces termes \u00ab\u00a0ni l\u2019\u00e9thique juive, ni la tradition juive ne peuvent jamais condamner le terrorisme comme moyen de combat.\u00a0\u00bb Plut\u00f4t le terrorisme devait \u00ab\u00a0jouer un r\u00f4le d\u00e9terminant dans notre guerre contre l\u2019occupant (britannique). Shamir n\u2019a non plus jamais exprim\u00e9 le moindre regret pour son pass\u00e9 terroriste et a os\u00e9 m\u00eame dire lors d\u2019un entretien en 1998\u00a0: \u00ab\u00a0Si jamais nous n\u2019avions pas agi\u00a0 comme nous l\u2019avions\u00a0 fait, il est douteux qui nous aurions \u00e9t\u00e9 capables de cr\u00e9er un \u00c9tat juif ind\u00e9pendant pour nous-m\u00eames.\u00a0\u00bb Evidemment Menahem Begin, qui a \u00e9t\u00e9 le chef supr\u00eame de l\u2019Irgoun et post\u00e9rieurement devenu premier ministre fut l\u2019un des principaux terroristes juifs dans les ann\u00e9es ant\u00e9rieures \u00e0 l\u2019ind\u00e9pendance d\u2019Isra\u00ebl. \u00c0 chaque fois qu\u2019il avait \u00e0 parler de Begin, le premier ministre Levi Eshkol souvent il l\u2019appelait tout simplement \u00ab\u00a0le terroriste\u00a0\u00bb.\u00a0 <\/span><\/i><\/p>\n<p><span lang=\"FR\">\u00a0<\/span><\/p>\n<p><i><span lang=\"FR\">\u00c0 suivre. Par la force des choses. On a encore, pour soixante ans,\u00a0 si les mauvais pr\u00e9sages du proph\u00e8te Bush s\u2019av\u00e8rent exacte<\/span><\/i><\/p>\n<div><span><\/p>\n<hr align=\"left\" size=\"1\" width=\"33%\"\/><\/span><\/div>\n<p><span>\u00a0<\/span><\/p>\n<p><a target=\"_blank\" title=\"\" rel=\"noopener\"><u><span><span>[1]<\/span><\/span><\/u><\/a><span lang=\"FR\"> M. Jos\u00e9 Maria Aznar est l\u2019ex chef\u00a0 du gouvernement espagnol (1996-2004) Actuellement il s\u2019adonne \u00e0 combattre le \u00ab\u00a0populisme\u00a0\u00bb en Am\u00e9rique du Sud.<\/span><\/p>\n<p><a target=\"_blank\" title=\"\" rel=\"noopener\"><u><span><span>[2]<\/span><\/span><\/u><\/a><span><\/span><span lang=\"FR\">Post\u00e9 sur <\/span><span><a target=\"_blank\" rel=\"noopener\"><span lang=\"FR\"><u>www.nawaat.org<\/u><\/span><\/a><\/span><span lang=\"FR\"> en date du 24 juin 2008.<\/span><\/p>\n<p><a target=\"_blank\" title=\"\" rel=\"noopener\"><u><span><span lang=\"EN-GB\">[3]<\/span><\/span><\/u><\/a><span lang=\"FR\"> Voir le livre\u00a0 The Isra\u00ebl lobby and U.S Foreign Policy des deux professeurs universitaires, John J.Mearsheimer et Stephen M. Walt, 2007 page 29.<\/span><\/p>\n<p><a target=\"_blank\" title=\"\" rel=\"noopener\"><u><span><span>[4]<\/span><\/span><\/u><\/a><span lang=\"FR\"> Idem page 49. <\/span><\/p>\n<p><a target=\"_blank\" title=\"\" rel=\"noopener\"><u><span><span>[5]<\/span><\/span><\/u><\/a><span lang=\"FR\"> Idem page 23<\/span><\/p>\n<p><a target=\"_blank\" title=\"\" rel=\"noopener\"><u><span><span>[6]<\/span><\/span><\/u><\/a><span lang=\"FR\"> Idem. <\/span><\/p>\n<p><a target=\"_blank\" title=\"\" rel=\"noopener\"><u><span><span lang=\"EN-GB\">[7]<\/span><\/span><\/u><\/a><span lang=\"EN-GB\"> Idem page 27.<\/span><\/p>\n<p><a target=\"_blank\" title=\"\" rel=\"noopener\"><u><span><span lang=\"EN-GB\">[8]<\/span><\/span><\/u><\/a><span lang=\"EN-GB\"> Extrait du livre \u201cThe Israel Lobby and The U.S Foreign Policy\u201d\u00a0 page 137.<\/span><\/p>\n<p><a target=\"_blank\" title=\"\" rel=\"noopener\"><u><span><span lang=\"EN-GB\">[9]<\/span><\/span><\/u><\/a><span lang=\"EN-GB\"> \u00a0John J.Maersheimer et Stephen M. Walt dans le meme livre The Israel Lobby and The U.S. Foreign Policy. <\/span><span lang=\"FR\">Page 145. <\/span><\/p>\n<p><a target=\"_blank\" title=\"\" rel=\"noopener\"><u><span><span lang=\"EN-GB\">[10]<\/span><\/span><\/u><\/a><span><\/span><span lang=\"FR\">L&rsquo;Industrie de l&rsquo;Holocauste \u00bb est parue d\u00e9but 2001 aux \u00e9ditions de La Fabrique<\/span><\/p>\n<p><a target=\"_blank\" title=\"\" rel=\"noopener\"><u><span><span lang=\"EN-GB\">[11]<\/span><\/span><\/u><\/a><span lang=\"FR\"> Uri Avnery est un journaliste isra\u00e9lien. Son article est post\u00e9 sur le site<\/span><span><a target=\"_blank\" rel=\"noopener\"><span lang=\"FR\"><u>www.conterpunch.org\/avnery 0415008.html<\/u><\/span><\/a><\/span><span><\/span><\/p>\n<p><span lang=\"EN-GB\">\u00a0<\/span><\/p>\n<\/div>\n<div> \u00a0<\/div>\n<div>\n<hr\/>\n<\/div>\n<div align=\"center\"> <strong><\/p>\n<p><font>\u00ab\u00a0Les moines en Alg\u00e9rie tu\u00e9s par les militaires\u00a0\u00bb  <font>Article traduit de l&rsquo;italien par Tahia bladi <\/font> ENQU\u00caTE  <\/font><\/p>\n<p><font>Apr\u00e8s douze ann\u00e9es un haut fonctionnaire occidental d\u00e9voile la v\u00e9rit\u00e9 : \u00ab Un h\u00e9licopt\u00e8re de l&rsquo;arm\u00e9e alg\u00e9rienne mitrailla le bivouac o\u00f9 ils \u00e9taient retenus\u00bb<\/font><\/strong><\/div>\n<div>\u00a0<\/div>\n<div> <strong><font>Par VALERIO PELLIZZARI &#8211; HELSINKI <\/font><\/strong> \u00abLes sept moines Fran\u00e7ais s\u00e9questr\u00e9s dans la nuit entre le 26 et le 27 mars 1996 a Tibhirine par un groupe islamique infiltr\u00e9 par la s\u00e9curit\u00e9 militaire (ndt DRS), furent tu\u00e9s depuis un h\u00e9licopt\u00e8re de l&rsquo;arm\u00e9e alg\u00e9rienne. L&rsquo;engin a\u00e9rien survolait la zone des reliefs montagneux de l&rsquo;Altlas Tellien autour de M\u00e9d\u00e9a en compagnie d&rsquo;un autre h\u00e9licopt\u00e8re. C&rsquo;\u00e9tait la mi mai, apr\u00e8s le cr\u00e9puscule. L&rsquo;\u00e9quipage avait rep\u00e9r\u00e9 le feu d&rsquo;un campement et le chef d&rsquo;escadrille en personne, un colonel, avait tir\u00e9 sur le bivouac. Depuis quelques temps d\u00e9j\u00e0, les forces r\u00e9guli\u00e8res ne s&rsquo;aventuraient plus sur le terrain dans cette zone impraticable, faiblement peupl\u00e9e et contr\u00f4l\u00e9e par les int\u00e9gristes : elles se limitaient \u00e0 faire des reconnaissances a\u00e9riennes et \u00e0 combattre avec l&rsquo;aviation. Apr\u00e8s l&rsquo;attaque, les engins a\u00e9riens atterrirent pr\u00e8s du bivouac. Les hommes \u00e0 bord comprirent vite qu&rsquo;ils avaient frapp\u00e9e la cible erron\u00e9e. Le chef d&rsquo;escadrille appela le commandement de la base d&rsquo;h\u00e9licopt\u00e8res d\u00e9tach\u00e9 \u00e0 Blida et dit clairement : \u00ab\u00a0Nous avons commis une idiotie, nous avons tu\u00e9s les moines\u00a0\u00bb. Ce fut ainsi que se conclut la s\u00e9questration\u00bb.  La personnalit\u00e9 qui raconte cet \u00e9v\u00e9nement parle pendant trois heures, durant deux rencontres s\u00e9par\u00e9es et sans la m\u00e9diation d&rsquo;aucun interpr\u00e8te. Elle se trouve provisoirement en Finlande. C&rsquo;est un haut fonctionnaire d&rsquo;un gouvernement occidental qui durant ces ann\u00e9es l\u00e0 travaillait \u00e0 Alger, avait des relations personnelles avec des personnages locaux tr\u00e8s importants, et qui n&rsquo;avait pas de contacts avec le monde opaque des services. Elle tient \u00e0 le souligner avec une fermet\u00e9 \u00e9duqu\u00e9e. C&rsquo;est une personne qui peut sans ambigu\u00eft\u00e9, \u00e9crire clairement sa profession sur sa carte de visite. \u00abJe connais certes les intrigues profondes entre la nomenklature d&rsquo;alger, entre les clans, les hauts officiers, les fonctionnaires de la toute puissante compagnie p\u00e9trolif\u00e8re Sonatrach et les pays \u00e9trangers int\u00e9ress\u00e9s aux ressources \u00e9nerg\u00e9tiques de cette ex colonie (ndt Fran\u00e7aise). Int\u00e9ress\u00e9s par cons\u00e9quent \u00e0 sa stabilit\u00e9 interne. Mais je crois que la politique ne peut descendre en de\u00e7\u00e0 d&rsquo;un niveau minimum de moralit\u00e9. Je suis personnellement oblig\u00e9 de respecter le secret d&rsquo;\u00c9tat que chaque gouvernement impose \u00e0 ses fonctionnaires. Mais de cette mani\u00e8re le mensonge d&rsquo;\u00c9tat se perp\u00e9tue, avec lequel il n&rsquo;est pas facile de coexister, surtout quand il se prolonge dans le temps. Il y a quelques ann\u00e9es, la famille du P\u00e8re Lebreton, une des victimes, avait d\u00e9pos\u00e9 une plainte afin que soit instruite une enqu\u00eate en France. Je croyais sinc\u00e8rement que pour elles et les autres victimes allait finalement arriver une reconstruction claire et authentique des faits. Au lieu de cela rien n&rsquo;a chang\u00e9\u00bb. Cela fait douze ann\u00e9es que la mort de ces religieux reste envelopp\u00e9e dans la r\u00e9ticence des institutions et dans l&rsquo;indolence de la justice. C&rsquo;est en d\u00e9cembre 2002 que Abdelkader Tigha, un jeune sous-officier du Centre de Recherche et d&rsquo;information de Blida (1) qui avait d\u00e9j\u00e0 abandonn\u00e9 le DRS (2) et qui s&rsquo;\u00e9tait r\u00e9fugi\u00e9 \u00e0 l&rsquo;\u00e9tranger, d\u00e9clara publiquement que les moines avaient \u00e9t\u00e9 conduits la nuit m\u00eame du s\u00e9questre dans sa caserne avec deux v\u00e9hicules militaires. Dans l&rsquo;op\u00e9ration les islamistes les terroristes, repr\u00e9sentaient seulement la main d&rsquo;\u0153uvre. Les vrais strat\u00e8ges \u00e9taient des militaires \u00abdevi\u00e9s\u00bb. Ce f\u00fbt le premier d\u00e9menti pr\u00e9cis et partiel du mensonge d&rsquo;\u00c9tat. Mais sur la conclusion tragique de l&rsquo;\u00e9v\u00e9nement le mur de gomme a r\u00e9sist\u00e9 jusqu&rsquo;\u00e0 aujourd&rsquo;hui.  \u00abL&rsquo;h\u00e9licopt\u00e8re \u00e9tait un MI 24, un engin a\u00e9rien de fabrication sovi\u00e9tique, dot\u00e9 comme on le sait d&rsquo;armements utilis\u00e9s avec une grande fr\u00e9quence durant la guerre en Afghanistan. C&rsquo;\u00e9tait une machine de guerre blind\u00e9e tr\u00e8s diff\u00e9rente des h\u00e9licopt\u00e8res l\u00e9gers que les Fran\u00e7ais avaient vendus aux alg\u00e9riens et qui \u00e9taient dot\u00e9s de rayons infrarouges et d&rsquo;autres syst\u00e8mes \u00e9lectroniques de reconnaissance. Les corps des moines \u00e9taient cribl\u00e9s de balles. C&rsquo;est pour cela, qu&rsquo;au moment des fun\u00e9railles il n&rsquo;y avait que les t\u00eates qui furent d\u00e9pos\u00e9es dans les cercueils. Les autorit\u00e9s alg\u00e9riennes quant \u00e0 elles s&#8217;empress\u00e8rent de parler de \u00ab\u00a0d\u00e9pouilles d\u00e9couvertes\u00a0\u00bb. Et elles auraient continu\u00e9 \u00e0 utiliser cette formule rituelle et trompeuse si un moine, le P\u00e8re Armand Veilleux, \u00e0 cette \u00e9poque Procureur de l&rsquo;ordre des Cisterciens, n&rsquo;avait insist\u00e9 afin de donner l&rsquo;ultime Adieu \u00e0 ses confr\u00e8res afin d&rsquo;obtenir l&rsquo;ouverture des cercueils. Avant lui, le m\u00e9decin l\u00e9gal des fran\u00e7ais avait visit\u00e9 les corps, il \u00e9tait au courant que les d\u00e9pouilles \u00e9taient impr\u00e9sentables et en avait r\u00e9f\u00e9r\u00e9 \u00e0 ses sup\u00e9rieurs. Ces cadavres massacr\u00e9s auraient r\u00e9v\u00e9l\u00e9s au monde entier qui avait tir\u00e9 sur sept cibles sans d\u00e9fense. Parce que ces projectiles l\u00e0 ne pouvaient appartenir qu&rsquo;\u00e0 un arsenal d&rsquo;une arm\u00e9e r\u00e9guli\u00e8re et n&rsquo;\u00e9taient gu\u00e8re en dotation aux guerriers islamiques, qui, souvent lors de leurs incursions sanguinaires recouraient \u00e0 l&rsquo;arme blanche, organisaient des faux barrages en utilisant les uniformes de la gendarmerie et garaient des voitures pi\u00e9g\u00e9es dans les rues les plus fr\u00e9quent\u00e9es\u00bb.  Apr\u00e8s le massacre, pendant quelques journ\u00e9es f\u00e9briles et confuses, une version officielle des faits fut construite. Au fil des ann\u00e9es elle a montr\u00e9 des failles et des contradictions. Ce s\u00e9questre au monast\u00e8re avait \u00e9t\u00e9 planifi\u00e9 afin de montrer le danger que repr\u00e9sentait la d\u00e9ferlante islamique de mani\u00e8re \u00e0 provoquer l&rsquo;indignation internationale durant le s\u00e9questre des sept cibles humaines d\u00e9sarm\u00e9es et qui devait se terminer avec leur lib\u00e9ration et d\u00e9montrer ainsi la fiabilit\u00e9 et l&rsquo;efficience des autorit\u00e9s locales. Ce devait \u00eatre la r\u00e9p\u00e9tition \u00e0 plus grande \u00e9chelle, plus retentissante, du faux s\u00e9questre r\u00e9alis\u00e9 en 1993 quand trois fonctionnaires du consulat fran\u00e7ais avaient \u00e9t\u00e9 captur\u00e9s et lib\u00e9r\u00e9s apr\u00e8s 72 heures sans qu&rsquo;ils aient subis la moindre \u00e9gratignure.  \u00abUne semaine apr\u00e8s l&rsquo;attaque de l&rsquo;h\u00e9licopt\u00e8re, le communiqu\u00e9 num\u00e9ro 44 diffus\u00e9 par le Gia (3), annon\u00e7a que les moines avaient \u00e9t\u00e9 tu\u00e9s le 21 mai. Dix jours apr\u00e8s, les autorit\u00e9s colmataient le retard en d\u00e9clarant que les \u00ab\u00a0d\u00e9pouilles\u00a0\u00bb avaient \u00e9t\u00e9s retrouv\u00e9es. Quiconque aurait analys\u00e9 le message attribu\u00e9 aux fondamentalistes, en se consultant avec des sp\u00e9cialistes de l&rsquo;Islam &#8211; m\u00eame sans savoir ce qui s&rsquo;\u00e9tait pass\u00e9 7 jours auparavant autour du feu de camp du bivouac &#8211; aurait pu facilement d\u00e9duire qu&rsquo;il s&rsquo;agissait d&rsquo;un faux document maladroitement construit par des mains militaires. Le communiqu\u00e9 pr\u00e9c\u00e9dent, le num\u00e9ro 43 s&rsquo;\u00e9tait r\u00e9v\u00e9l\u00e9 encore plus faux avec des citations erron\u00e9es de versets coraniques. Il fut r\u00e9exp\u00e9di\u00e9 apr\u00e8s avoir \u00e9t\u00e9 corrig\u00e9 par les s\u00e9questreurs et transmis \u00e0 la radio de Tanger (4). Il \u00e9tait sign\u00e9 par l&rsquo;\u00e9mir Djamal Zitouni, un vendeur de poulets notoirement inculte, infiltr\u00e9 par le DRS au sein des milieux islamistes, rapidement promu aux sommets de la hi\u00e9rarchie int\u00e9griste et aussit\u00f4t brusquement \u00e9limin\u00e9. Le communiqu\u00e9 44 devait aux yeux de autorit\u00e9s alg\u00e9riennes dissimuler l&rsquo;attaque de l&rsquo;h\u00e9licopt\u00e8re afin de prouver la responsabilit\u00e9 des islamistes. Les autorit\u00e9s alg\u00e9riennes avaient annonc\u00e9 la d\u00e9couverte des corps le 31 mai, exactement un mois apr\u00e8s la mort survenue pour causes naturelles du Cardinal Duval un personnage l\u00e9gendaire dans ce pays. C&rsquo;\u00e9tait une co\u00efncidence manifestement suspecte. Dans leurs calculs, l&rsquo;\u00e9motion suscit\u00e9e par la disparition sereine et \u00ab\u00a0douce\u00a0\u00bb de Duval devait en quelque sorte att\u00e9nuer, contenir et neutraliser l&rsquo;\u00e9moi mondial suscit\u00e9 par l&rsquo;assassinat des moines de tiberihine et leur brutale d\u00e9capitation r\u00e9alis\u00e9e une fois de plus \u00e0 l&rsquo;arme blanche. Les fun\u00e9railles de fait furent c\u00e9l\u00e9br\u00e9es \u00e0 Notre Dame d&rsquo;Afrique unissant en une unique c\u00e9r\u00e9monie Duval et les Trappistes de l&rsquo;Atlas\u00bb.  De cette mani\u00e8re l&rsquo;affaire du s\u00e9questre se concluait neuf semaines apr\u00e8s son d\u00e9but avec l&rsquo;exaltation des sept martyrs chr\u00e9tiens tu\u00e9s officiellement par les int\u00e9gristes dans un pays Islamique et enterr\u00e9s aux contreforts de la montagne dans laquelle pendant des ann\u00e9es ils avaient v\u00e9cus, comme dans une deuxi\u00e8me patrie bien int\u00e9gr\u00e9s avec les habitants des lieux, travaillant ensemble la terre du monast\u00e8re. \u00abLes autorit\u00e9s locales b\u00e9n\u00e9ficiaient d&rsquo;au moins un soutien externe influent en la personne de l&rsquo;archev\u00eaque d&rsquo;Alger Mgr Henri Tessier qui cautionnait leur version des faits. Grand connaisseur du monde Islamique, il avait d\u00e8s le d\u00e9but du s\u00e9questre adopt\u00e9 une ligne tr\u00e8s circonspecte et prudente sur Tibhirine. Il n&rsquo;\u00e9tait pas d&rsquo;accord sur l&rsquo;ouverture des cercueils et sur la s\u00e9pulture des moines dans le monast\u00e8re. Il ne voulait pas d\u00e9t\u00e9riorer les rapports construits durant tant d&rsquo;ann\u00e9es de dur et patient travail entre l&rsquo;\u00e9glise catholique et le gouvernement alg\u00e9rien alors que s\u00e9vissait la guerre civile qui avait \u00e9clat\u00e9 en 1992. M\u00eame aux moments o\u00f9 le terrorisme apparaissait plus violent et acharn\u00e9, sa r\u00e9sidence situ\u00e9e sur la colline avait toujours gard\u00e9 la grille d&rsquo;entr\u00e9e ouverte et il n&rsquo;y avait pas de militaires en uniforme \u00e0 monter la garde. Pour lui, la v\u00e9rit\u00e9 officielle ne montrait gu\u00e8re d&rsquo;ombres alarmantes, bien au contraire, elle pouvait \u00eatre accept\u00e9e sans perplexit\u00e9. D&rsquo;une certaine mani\u00e8re il \u00e9tait soutenu dans sa ligne de conduite par le g\u00e9n\u00e9ral Rondot qui avait longtemps occup\u00e9 les sommets de la hi\u00e9rarchie des services de s\u00e9curit\u00e9 fran\u00e7ais et qui durant le printemps de l&rsquo;ann\u00e9e 1996 travaillait en tant que consultant au minist\u00e8re de la d\u00e9fense \u00e0 Paris. Il avait d\u00e9barqu\u00e9 \u00e0 Alger imm\u00e9diatement apr\u00e8s le s\u00e9questre et avait assur\u00e9 \u00e0 l&rsquo;archev\u00eaque que l&rsquo;affaire se serait conclue tr\u00e8s rapidement d&rsquo;une mani\u00e8re positive. D\u00e8s son arriv\u00e9e, Rondot se rendait r\u00e9guli\u00e8rement chaque jour au bureau du g\u00e9n\u00e9ral sma\u00efl lamari, vice du DRS et ami personnel de longue date. On peut dire que l&rsquo;\u00e9glise et l&rsquo;arm\u00e9e partageaient publiquement le m\u00eame point de vue\u00bb.  Avant la tragique conclusion de cet \u00e9v\u00e9nement, il y avait en cours une n\u00e9gociation pour la lib\u00e9ration qui avait pour support une cassette qui montrait les moines encore en vie film\u00e9s \u00e0 l&rsquo;int\u00e9rieur d&rsquo;une caserne avec un journal imprim\u00e9 \u00e0 une date r\u00e9cente.  \u00abLe 30 avril un \u00e9missaire des s\u00e9questreurs s&rsquo;\u00e9tait pr\u00e9sent\u00e9 \u00e0 l&rsquo;ambassade fran\u00e7aise. Il s&rsquo;\u00e9tait fondu dans la cha\u00eene des alg\u00e9riens qui chaque jour se pr\u00e9sentaient pour la demande de visa. Ses preuves en tant qu&rsquo;envoy\u00e9 de l&rsquo;\u00e9mir Zitouni \u00e9taient tr\u00e8s floues : il n&rsquo;avait jamais r\u00e9v\u00e9l\u00e9 son nom et d\u00e9montrait une attitude plut\u00f4t suspecte, comme s&rsquo;il craignait un pi\u00e8ge. Les fran\u00e7ais l&rsquo;avaient pris au s\u00e9rieux. Il demanda selon le scenario habituel, un \u00e9change de prisonniers, de l&rsquo;argent et des papiers pour s&rsquo;expatrier. Afin de le prot\u00e9ger les fran\u00e7ais l&rsquo;avaient fait sortir de l&rsquo;ambassade dans un de leur v\u00e9hicule en lui donnant quelques num\u00e9ros de t\u00e9l\u00e9phone en guise de contact mais depuis ce jour l\u00e0 ils n&rsquo;eurent plus de nouvelles. Ils furent vite convaincus qu&rsquo;il avait \u00e9t\u00e9 \u00e9limin\u00e9 \u00bb. A cette date pr\u00e9cise, les militaires \u00abd\u00e9vi\u00e9s\u00bb ne savaient plus o\u00f9 se trouvaient les moines. Le faux s\u00e9questre avait d\u00e9raill\u00e9. Certains officiers des services \u00e9taient convaincus depuis un certain temps, que les religieux de Tibhirine \u00e9taient rest\u00e9s au monast\u00e8re non seulement pour continuer leur vie faite de pri\u00e8res et d&rsquo;humble travail agricole mais surtout dans le but de fournir de temps \u00e0 autre des informations aux fran\u00e7ais sur les mouvements de la gu\u00e9rilla et des soldats de l&rsquo;arm\u00e9e r\u00e9guli\u00e8re op\u00e9rant dans la zone. En somme, ces soutanes prot\u00e9geraient des informateurs occasionnels. C&rsquo;est une des nombreuses l\u00e9gendes, sans fondement en ces douze ann\u00e9es de fuite de la v\u00e9rit\u00e9. \u00abEn revanche, une autre chose est vraie : Un groupe form\u00e9 d&rsquo;autorit\u00e9s locales dont le plus actif \u00e9tait le pr\u00e9fet de M\u00e9d\u00e9a \u00e9tait convaincu que les moines, avec leur neutralit\u00e9 et de par les soins prodigu\u00e9s \u00e0 tous par le p\u00e8re Luc le m\u00e9decin, constituaient une pr\u00e9sence inad\u00e9quate et d\u00e9rangeante dans cette zone. Il fallait leur flanquer la peur \u00e0 ces religieux \u00e9trangers et les convaincre \u00e0 abandonner les lieux. Le pr\u00e9fet avait lourdement insist\u00e9 afin qu&rsquo;ils partent. L&rsquo;archev\u00eaque d&rsquo;Alger quand \u00e0 lui non avait exerc\u00e9 aucune pression sur eux, cependant il leur avait offert en guise d&rsquo;endroit alternatif un couvent de s\u0153urs Clarisses situ\u00e9 dans une autre r\u00e9gion. Le faux s\u00e9questre afin d&rsquo;effrayer les t\u00eatus religieux n&rsquo;avait pas \u00e9t\u00e9 programm\u00e9 au quartier g\u00e9n\u00e9ral d&rsquo;alger aux sommets de l&rsquo;appareil des services mais en p\u00e9riph\u00e9rie. M\u00eame le CTRI de Blida soutenait cette op\u00e9ration. Et ce n&rsquo;\u00e9tait pas le fruit du hasard que les v\u00e9hicules qui avaient pr\u00e9lev\u00e9s les moines provenaient de ce centre et que c&rsquo;\u00e9tait \u00e0 ce m\u00eame endroit qu&rsquo;ils \u00e9taient revenus en tant que prisonniers le 27 mars. Pendant ce temps l\u00e0 \u00e0 Alger l&rsquo;arm\u00e9e r\u00e9guli\u00e8re &#8211; pas les services d\u00e9vi\u00e9s &#8211; cherchaient avec vigueur les s\u00e9questr\u00e9s. Quiconque passait durant les jours successifs sous le bureau du g\u00e9n\u00e9ral responsable du centre op\u00e9rationnel voyait la lumi\u00e8re des lampes allum\u00e9es : il avait donn\u00e9 l&rsquo;assurance qu&rsquo;il aurait cherch\u00e9 les moines avec tous les moyens et qu&rsquo;il n&rsquo;aurait jamais donn\u00e9 l&rsquo;ordre de tirer\u00bb. Cette histoire est une confirmation ult\u00e9rieure de la pr\u00e9sence de deux \u00e2mes dans l&rsquo;arm\u00e9e alg\u00e9rienne divis\u00e9e entre la composante patriotique, nationaliste et la composante des services d\u00e9vi\u00e9s, des g\u00e9n\u00e9raux affairistes, li\u00e9s \u00e0 une gestion tortueuse du pouvoir. En 1956, l&rsquo;Alg\u00e9rie n&rsquo;\u00e9tait pas encore un pays ind\u00e9pendant, mais Abane Ramdane, l&rsquo;id\u00e9ologue du Front National, d\u00e9non\u00e7ait d\u00e9j\u00e0 les chefs de la naissante arm\u00e9e de lib\u00e9ration d&rsquo;incomp\u00e9tents et d&rsquo;arrivistes. Il sera assassin\u00e9 un an apr\u00e8s. Tout comme le pr\u00e9sident Boudiaf, figure historique et respect\u00e9e de la guerre de lib\u00e9ration, nomm\u00e9 depuis peu aux commandes du pays. De cet attentat rien ne fut jamais r\u00e9v\u00e9l\u00e9. Trois ans plus tard, un des fondateurs du Front Islamique en exil en France, Abdelbaki Sahraoui, fut assassin\u00e9 dans une mosqu\u00e9e de Paris. La chronique de l&rsquo;Alg\u00e9rie ind\u00e9pendante est pleine d&rsquo;homicides excellents, commis dans la patrie et au del\u00e0 des fronti\u00e8res. Comme celui de Monseigneur Claverie, l&rsquo;\u00e9v\u00eaque d&rsquo;Oran. \u00ab Cette mort doit \u00eatre consid\u00e9r\u00e9e comme un prolongement de Tibhirine. Deux mois apr\u00e8s les fun\u00e9railles des moines, le ministre des affaires \u00e9trang\u00e8res Herv\u00e9 de Charette s&rsquo;\u00e9tait rendu en Alg\u00e9rie. Il avait insist\u00e9 pour se rendre au monast\u00e8re o\u00f9 les moines avaient \u00e9t\u00e9 enterr\u00e9s. Les Alg\u00e9riens \u00e9taient furieux de cette requ\u00eate renouvel\u00e9e avec obstination par le ministre qu&rsquo;ils consid\u00e9raient une d\u00e9monstration typique d&rsquo;arrogance de la part des ex colonisateurs. Ils l&rsquo;avaient d\u00e9clar\u00e9 en public, \u00e0 voix haute et sans r\u00e9ticence. Ce s\u00e9questre repr\u00e9sentait encore un nerf \u00e0 vif, un chapitre embarrassant dans les relations bilat\u00e9rales. A la fin, ils c\u00e9d\u00e8rent. C&rsquo;\u00e9tait le premier ao\u00fbt 1996. A cette occasion, le ministre rencontrait aussi l&rsquo;\u00e9v\u00eaque d&rsquo;Oran Monseigneur Claverie, une personnalit\u00e9 ouverte, \u00e9loign\u00e9e des m\u00e9thodes feutr\u00e9es et solennelles. Le religieux lui avait d\u00e9clar\u00e9 : \u00ab\u00a0Nous connaissons les responsables de la mort des moines\u00a0\u00bb. Peu apr\u00e8s Monseigneur Claverie prit un vol de ligne anticipant son d\u00e9part fix\u00e9 pour le jour suivant. Tr\u00e8s peu de personnes \u00e9taient au courant de ce changement de programme \u00e0 la derni\u00e8re minute \u00e0 part les personnes charg\u00e9es du protocole, un fonctionnaire d&rsquo;Air Alg\u00e9rie qui avait brutalement jet\u00e9 \u00e0 terre un passager et les plus proches collaborateurs. A son entr\u00e9e \u00e0 l&rsquo;\u00e9v\u00each\u00e9 une bombe l&rsquo;attendait lui et son chauffeur. Contre toute loi de la Physique, la porte fut \u00e9ject\u00e9e par le souffle de l&rsquo;explosion en direction oppos\u00e9e \u00e0 celle indiqu\u00e9e dans le rapport des enqu\u00eateurs locaux. Dans l&rsquo;affaire de moines, l&rsquo;\u00e9v\u00eaque d&rsquo;Oran peut \u00eatre consid\u00e9r\u00e9 comme la huiti\u00e8me victime\u00bb.  Notes Du Traducteur: <strong><font>(1) les CTRI sont les centres territoriaux de recherche et d&rsquo;investigation. La torture y est aussi pratiqu\u00e9e. Il en existe \u00e0 Blida, Oran et Constantine (2) DRS : D\u00e9partement du renseignement et de la s\u00e9curit\u00e9 (3) Gia : Groupe arm\u00e9 islamique <\/font><\/strong> <strong><font>(Source : le site \u00ab Tahia Bladi \u00bb (Site alg\u00e9rien \u00e0 Paris), le 6 juillet 2008) <\/font><font>Lien : http:\/\/www.tahiabladi.com\/index.php\/1954\/les-moines-en-algerie-tues-par-les-militaires\/ <\/font><\/strong> <strong><font>Article original publi\u00e9 le 6 juillet 2008 par \u00ab La Stampa \u00bb (Quotidien italien publi\u00e9 \u00e0 Torino) \u00ab\u00a0I monaci in Algeria uccisi dai militari\u00a0\u00bb http:\/\/www.lastampa.it\/redazione\/cmsSezioni\/esteri\/200807articoli\/34524girata.asp<\/font><\/strong><\/div>\n<div>\n<hr\/>\n<\/div>\n<div align=\"center\"> <strong><\/p>\n<h2 style=\"color: red;\"><font>Situation au Maghreb : Patrick Braouezec, D\u00e9put\u00e9,\u00a0 \u00e9crit au Premier Ministre<\/font><\/h2>\n<p><\/strong><\/div>\n<div>\u00a0<\/div>\n<div>  Monsieur le Premier ministre,\u00a0\u00a0 Des \u00e9v\u00e9nements graves se d\u00e9roulent depuis un certain temps dans les trois pays du Maghreb.  En Tunisie, un vaste mouvement de protestation et de r\u00e9volte anime les populations du bassin minier de Gafsa depuis le d\u00e9but de l&rsquo;ann\u00e9e \u00e0 la suite d&rsquo;un concours d&#8217;embauche dont les r\u00e9sultats ont \u00e9t\u00e9 jug\u00e9s frauduleux. Encercl\u00e9s et harcel\u00e9s par la police et l&rsquo;arm\u00e9e, les habitants se battent pacifiquement, au quotidien, pour l&#8217;emploi et le droit \u00e0 une vie digne. Multipliant les manifestations, gr\u00e8ves et actions diverses, ils r\u00e9clament l&rsquo;ouverture de vraies n\u00e9gociations sur l&#8217;emploi et les conditions de vie. Ce mouvement t\u00e9moigne d&rsquo;une solidarit\u00e9 populaire forte autour de revendications sociales, \u00e9conomiques et politiques structur\u00e9es, et va \u00e0 l&rsquo;encontre des id\u00e9es re\u00e7ues sur l&rsquo;absence d&rsquo;opposition. Le pouvoir tunisien r\u00e9pond, depuis le mois de juin, en emprisonnant et torturant massivement les jeunes, en arr\u00eatant plusieurs dirigeants du mouvement de protestation qui sont alors inculp\u00e9s de d\u00e9lits graves ou en conduisant des interrogatoires muscl\u00e9s.  Au Maroc, les \u00e9v\u00e9nements de Sidi Ifni illustrent \u00e0 leur tour le niveau de d\u00e9gradation de la situation sociale et des conditions de vie qui se manifestent dans tout le Maroc de mani\u00e8re croissante par des mouvements sociaux multiples revendiquant le respect des droits \u00e9conomiques et sociaux. La r\u00e9pression d&rsquo;Etat qui leur est oppos\u00e9e t\u00e9moigne d&rsquo;une f\u00e9rocit\u00e9 qui tranche avec les promesses d\u00e9mocratiques du nouveau r\u00e9gime. Apr\u00e8s les graves r\u00e9pressions politiques qu&rsquo;a subies la Kabylie, les villes alg\u00e9riennes connaissent d\u00e9sormais r\u00e9guli\u00e8rement des r\u00e9voltes incontr\u00f4l\u00e9es, expression de nouvelles formes de protestation dans un champ politique ferm\u00e9 sans que l&rsquo;on voit, apr\u00e8s la flamb\u00e9e de violences d&rsquo;Oran, jusqu&rsquo;o\u00f9 ce type de r\u00e9voltes peut mener. Face \u00e0 ces \u00e9v\u00e8nements, les r\u00e9gimes des trois pays durcissent leurs positions vis-\u00e0-vis des revendications sociales, utilisant la torture et commettant des actes humiliants, dans un contexte inqui\u00e9tant d&rsquo;inflation des prix et d&rsquo;acc\u00e9l\u00e9ration du mouvement de vente au secteur priv\u00e9 des services et infrastructures publics.  Les alliances euro-maghr\u00e9bines pour le contr\u00f4le des migrations prennent \u00e9galement une ampleur sans pr\u00e9c\u00e9dent dans les trois pays ainsi qu&rsquo;en Lybie, donnant jour \u00e0 la prolif\u00e9ration de v\u00e9ritables camps d&rsquo;internement et \u00e0 la mise en place d&rsquo;une politique d&rsquo;externalisation de contr\u00f4le remettant en cause la protection et l&rsquo;accueil des \u00e9trangers, et en particulier des demandeurs d&rsquo;asile.  A plus long terme, il faut craindre une p\u00e9riode de grande instabilit\u00e9 dont les principales victimes seront les plus socialement et \u00e9conomiquement pr\u00e9caires et les classes moyennes marginalis\u00e9es.Au moment o\u00f9 la France prend la pr\u00e9sidence de l&rsquo;Union europ\u00e9enne et o\u00f9 elle veut lancer l&rsquo;initiative de l&rsquo;Union pour la M\u00e9diterran\u00e9e, il est indispensable qu&rsquo;elle fasse pr\u00e9valoir le respect des droits humains et des libert\u00e9s civiles et politiques mais aussi le droit \u00e0 la souverainet\u00e9.\u00a0  Ces engagements seraient plus opportuns. En effet, la coop\u00e9ration euro m\u00e9diterran\u00e9enne,\u00a0 telle que propos\u00e9e, ne va reposer que sur des aspects \u00e9conomiques, avec la construction d&rsquo;un espace de libre-\u00e9change et la lib\u00e9ralisation du march\u00e9 d&rsquo;ici 2010, et s\u00e9curitaires pour lutter contre le soit disant terrorisme et la corruption qui est \u00e9rig\u00e9e en v\u00e9ritable mode de gouvernance.  Il appara\u00eet, malheureusement que l&rsquo;Union m\u00e9diterran\u00e9e que le Pr\u00e9sident de la r\u00e9publique appelle de ses voeux ne soit, une fois encore, qu&rsquo;un outil au service des int\u00e9r\u00eats financiers. La population du Maghreb qui se mobilise pour le droit \u00e0 la vie, au travail, \u00e0 l&rsquo;\u00e9ducation et pour le droit syndical ne demande pas la construction de cet espace commercial dont elle\u00a0 sera exclue, elle appelle de sa voix et par sa mobilisation le respect des droits humains, le d\u00e9veloppement des libert\u00e9s fondamentales, notamment en terme de droit syndical et de libert\u00e9 de la presse, d&rsquo;expression et d&rsquo;organisation; la lib\u00e9ration de tous les d\u00e9tenus d&rsquo;opinion, l&rsquo;arr\u00eat de la torture, la fin des r\u00e9gimes d&rsquo;exception; l&rsquo;arr\u00eat des politiques \u00e9conomiques de privatisation des services publics et d&rsquo;attaque des droits sociaux de l&rsquo;ensemble des salari\u00e9s et aussi la libre circulation des personnes, la fermeture des lieux d&rsquo;enfermement et l&rsquo;annulation de tous les accords de lutte contre les migrations.  Monsieur le Ministre, si la France devait avoir un r\u00f4le avec les pays du Maghreb, ce devrait \u00eatre celui-ci. La France se doit de d\u00e9noncer toutes les atteintes aux droits humains et de soutenir la contestation pacifique pour le droit au travail et \u00e0 une vie digne et meilleure. Dans l&rsquo;attente de votre r\u00e9ponse, je vous prie de croire, Monsieur le Premier Ministre, en ma consid\u00e9ration.\u00a0\u00a0\u00a0\u00a0\u00a0\u00a0\u00a0\u00a0\u00a0\u00a0\u00a0\u00a0\u00a0\u00a0\u00a0\u00a0\u00a0\u00a0\u00a0\u00a0\u00a0\u00a0\u00a0\u00a0\u00a0\u00a0\u00a0\u00a0\u00a0\u00a0\u00a0\u00a0\u00a0\u00a0\u00a0\u00a0\u00a0\u00a0\u00a0\u00a0\u00a0\u00a0\u00a0\u00a0\u00a0\u00a0\u00a0\u00a0\u00a0\u00a0\u00a0\u00a0\u00a0\u00a0\u00a0\u00a0\u00a0\u00a0\u00a0\u00a0\u00a0\u00a0\u00a0\u00a0\u00a0\u00a0\u00a0\u00a0\u00a0\u00a0\u00a0\u00a0\u00a0\u00a0\u00a0\u00a0\u00a0\u00a0\u00a0\u00a0\u00a0\u00a0\u00a0\u00a0\u00a0\u00a0\u00a0\u00a0\u00a0\u00a0\u00a0\u00a0\u00a0\u00a0  <strong><font>Patrick Braouezec le 07 juillet 2008 <\/font><\/strong><\/div>\n<div>\n<hr\/>\n<\/div>\n<div align=\"center\"> <strong><\/p>\n<p><font><font>AFP, le 8 juillet 2008 \u00e0 13h09<\/font> Union m\u00e9diterran\u00e9enne: Erdogan, invit\u00e9 par Sarkozy, assistera au sommet (porte-parole)<\/font><\/p>\n<p><\/strong><\/div>\n<div>\u00a0<\/div>\n<div> <strong><font>ANKARA, 8 juil 2008 (AFP)<\/font><\/strong> &#8211; Le Premier ministre turc Recep Tayyip Erdogan doit assister au sommet qui doit lancer dimanche \u00e0 Paris l&rsquo;Union pour la M\u00e9diterran\u00e9e (UPM), a indiqu\u00e9 mardi son porte-parole \u00e0 l&rsquo;AFP. \u00ab\u00a0M. Erdogan a \u00e9t\u00e9 invit\u00e9 au sommet par le pr\u00e9sident fran\u00e7ais Nicolas Sarkozy qui l&rsquo;a appel\u00e9 au t\u00e9l\u00e9phone aujourd&rsquo;hui (mardi)\u00a0\u00bb, a soulign\u00e9 Mehmet Akif Beki. Le Premier ministre turc a r\u00e9pondu qu&rsquo;il se rendrait \u00e0 Paris pour le sommet \u00ab\u00a0sauf si un \u00e9v\u00e9nement extraordinaire l&rsquo;en emp\u00eache\u00a0\u00bb, a pr\u00e9cis\u00e9 le porte-parole. Peu avant, le chef de la diplomatie turque Ali Babacan avait indiqu\u00e9 depuis la Malaisie o\u00f9 il se trouve en visite que son pays n&rsquo;avait pas arr\u00eat\u00e9 sa d\u00e9cision au sujet de sa participation \u00e0 ce sommet et que le gouvernement attendait les conclusions de l&rsquo;entrevue t\u00e9l\u00e9phonique Sarkozy-Erdogan. \u00ab\u00a0Je crois que l&rsquo;on prendra une d\u00e9cision apr\u00e8s cette conversation t\u00e9l\u00e9phonique (&#8230;) Nous gardons un esprit positif mais j&rsquo;ignore ce que M. Sarkozy dira au Premier ministre\u00a0\u00bb, a-t-il soulign\u00e9. Le projet d&rsquo;Union m\u00e9diterran\u00e9enne vise \u00e0 renforcer la coop\u00e9ration entre les pays du sud de l&rsquo;Europe et des riverains de la mer M\u00e9diterran\u00e9e comme le Maroc, la Syrie, Isra\u00ebl et la Turquie. Certains voient dans cette union un moyen pour le pr\u00e9sident fran\u00e7ais de maintenir la Turquie hors de l&rsquo;Union europ\u00e9enne. M. Sarkozy est oppos\u00e9 \u00e0 l&rsquo;entr\u00e9e de la Turquie dans l&rsquo;UE et pr\u00f4ne \u00e0 la place \u00ab\u00a0un partenariat sp\u00e9cial\u00a0\u00bb, id\u00e9e cat\u00e9goriquement rejet\u00e9e par Ankara qui r\u00e9clame une adh\u00e9sion \u00e0 part enti\u00e8re. Le ministre turc a expliqu\u00e9 que des diplomates turcs avaient pris part la semaine derni\u00e8re \u00e0 une r\u00e9union visant \u00e0 \u00e9laborer la d\u00e9claration finale qui devrait \u00eatre adopt\u00e9e au sommet de dimanche et ont obtenu que des amendements \u00ab\u00a0substantiels\u00a0\u00bb soient apport\u00e9s dans le document, sans donner d&rsquo;autres d\u00e9tails. Les n\u00e9gociations d&rsquo;adh\u00e9sion ouvertes en 2005 entre la Turquie et l&rsquo;UE sont jalonn\u00e9es de 35 chapitres th\u00e9matiques. A ce jour, huit ont d\u00e9j\u00e0 \u00e9t\u00e9 ouverts.  <strong><font>AFP<\/font><\/strong> <\/div>\n<div>\n<hr\/>\n<\/div>\n<div align=\"center\"> <strong><\/p>\n<p><font><font>AFP, le 8 juillet 2008 \u00e0 11h08 <\/font>UPM\/Isra\u00ebl : l&rsquo;UE doit \u00ab\u00a0comprendre\u00a0\u00bb les revendications arabes sur les terres (quotidien officiel syrien)<\/font><\/p>\n<p><\/strong><\/div>\n<div>\u00a0<\/div>\n<div> DAMAS, 8 juil 2008 (AFP) &#8211; Le quotidien Al-Baas, organe du parti\u00a0au pouvoir en Syrie, a demand\u00e9 mardi \u00e0 l&rsquo;Union europ\u00e9enne de \u00ab\u00a0comprendre\u00a0\u00bb les revendications des pays arabes sur les terres occup\u00e9es par Isra\u00ebl, quelques jours avant le sommet de lancement de l&rsquo;Union pour la M\u00e9diterran\u00e9e (UPM) pr\u00e9vu \u00e0 Paris.\u00a0\u00bbLes Europ\u00e9ens doivent comprendre les revendications des Arabes \u00e0 lib\u00e9rer leurs terres et \u00e0 ne pas s&rsquo;engager dans un processus gratuit de normalisation des relations avec un ennemi (Isra\u00ebl, ndlr) qui occupe leurs terres\u00a0\u00bb, \u00e9crit al-Baas dans un \u00e9ditorial.\u00a0\u00bbLes Arabes souhaitent le lancement d&rsquo;un processus de d\u00e9veloppement global pour que le progr\u00e8s et la paix s&rsquo;installent sur les rives de la M\u00e9diterran\u00e9e. La paix et la s\u00e9curit\u00e9 sont irr\u00e9alisables si les droits ne sont pas restitu\u00e9s \u00e0 leurs propri\u00e9taires et si le d\u00e9s\u00e9quilibre \u00e9conomique et social n&rsquo;est pas restaur\u00e9 entre les deux rives de la M\u00e9diterran\u00e9e\u00a0\u00bb, poursuit le journal. \u00ab\u00a0Il s&rsquo;agit du message arabe que le pr\u00e9sident (syrien) Bachar al-Assad apporte \u00e0 Paris\u00a0\u00bb, souligne al-Baas.Le pr\u00e9sident Assad a \u00e9t\u00e9 invit\u00e9, comme une quarantaine d&rsquo;autres chefs d&rsquo;Etat et de gouvernement, \u00e0 participer le 13 juillet au sommet de lancement de l&rsquo;UPM et le lendemain, au traditionnel d\u00e9fil\u00e9 militaire qui marque la F\u00eate nationale en France.Le pr\u00e9sident Assad aura un entretien le 12 juillet avec son  homologue fran\u00e7ais Nicolas Sarkozy, une premi\u00e8re rencontre entre les chefs d&rsquo;Etat des deux pays depuis la d\u00e9cision de l&rsquo;ancien pr\u00e9sident fran\u00e7ais Jacques Chirac de couper les liens avec le r\u00e9gime syrien  apr\u00e8s l&rsquo;assassinat de l&rsquo;ancien Premier ministre libanais Rafic Hariri. Damas, soup\u00e7onn\u00e9 dans cet assassinat, a ni\u00e9 toute implication. L&rsquo;UPM doit succ\u00e9der au processus euro-m\u00e9diterran\u00e9en dit de Barcelone, qui n&rsquo;a jamais vraiment d\u00e9coll\u00e9 depuis son lancement en 1995. Elle doit \u00eatre lanc\u00e9e en pr\u00e9sence de chefs d&rsquo;Etat et de  gouvernement des pays de l&rsquo;UE et du sud du bassin de la M\u00e9diterran\u00e9e, dont le Premier ministre isra\u00e9lien Ehud Olmert. Alors qu&rsquo;Isra\u00ebl et la Syrie ont repris des n\u00e9gociations de paix indirectes, le pr\u00e9sident Assad a exclu des discussions directes avec M. Olmert en marge du sommet. rm\/cyj \u00a0\u00a0\u00a0  <strong><font>\u00a0AFP 080907 GMT JUL 08<\/font><\/strong><\/div>\n<p align=\"left\" dir=\"ltr\">\u00a0<\/p>\n<p align=\"left\" dir=\"ltr\">\n<h3 style=\"color: blue;\"><font face=\"Arial\" size=\"2\"><strong><b><a href=\"http:\/\/www.tunisnews.net\/\"><font face=\"Arial\"><span><font size=\"2\">Home<\/font><\/span><font size=\"2\"><span lang=\"FR-CH\"> &#8211; Accueil <\/span><span>&#8211; <\/span><\/font><\/font><span dir=\"rtl\" lang=\"AR-SA\"><font size=\"2\">\u0627\u0644\u0631\u0626\u064a\u0633\u064a\u0629<\/font><\/span><\/a><\/b><\/strong><\/font><\/h3>\n<\/p>\n<p><\/font><\/body><\/body><\/html><\/p>\n","protected":false},"excerpt":{"rendered":"<p>Home &#8211; Accueil TUNISNEWS \u00a08\u00a0\u00e8me\u00a0ann\u00e9e,N\u00b0 2968du 08.07.2008\u00a0archives : www.tunisnews.net Libert\u00e9 et Equit\u00e9:Cri d\u2019alarme:Au bout de 14 jours de gr\u00e8ve de la faim Ramzi Romdhani est en danger arabo.com:Tunisie : les producteurs de pommes de terre inquiets pour l&rsquo;\u00e9coulement des r\u00e9coltes Mizanoon:\u00a0Soixante ans de terrorisme en Palestine le site \u00ab Tahia Bladi \u00bb:Les moines en Alg\u00e9rie [&hellip;]<\/p>\n","protected":false},"author":1,"featured_media":22040,"comment_status":"open","ping_status":"open","sticky":false,"template":"","format":"standard","meta":{"inline_featured_image":false,"site-sidebar-layout":"default","site-content-layout":"","ast-site-content-layout":"default","site-content-style":"default","site-sidebar-style":"default","ast-global-header-display":"","ast-banner-title-visibility":"","ast-main-header-display":"","ast-hfb-above-header-display":"","ast-hfb-below-header-display":"","ast-hfb-mobile-header-display":"","site-post-title":"","ast-breadcrumbs-content":"","ast-featured-img":"","footer-sml-layout":"","ast-disable-related-posts":"","theme-transparent-header-meta":"","adv-header-id-meta":"","stick-header-meta":"","header-above-stick-meta":"","header-main-stick-meta":"","header-below-stick-meta":"","astra-migrate-meta-layouts":"default","ast-page-background-enabled":"default","ast-page-background-meta":{"desktop":{"background-color":"","background-image":"","background-repeat":"repeat","background-position":"center center","background-size":"auto","background-attachment":"scroll","background-type":"","background-media":"","overlay-type":"","overlay-color":"","overlay-opacity":"","overlay-gradient":""},"tablet":{"background-color":"","background-image":"","background-repeat":"repeat","background-position":"center center","background-size":"auto","background-attachment":"scroll","background-type":"","background-media":"","overlay-type":"","overlay-color":"","overlay-opacity":"","overlay-gradient":""},"mobile":{"background-color":"","background-image":"","background-repeat":"repeat","background-position":"center center","background-size":"auto","background-attachment":"scroll","background-type":"","background-media":"","overlay-type":"","overlay-color":"","overlay-opacity":"","overlay-gradient":""}},"ast-content-background-meta":{"desktop":{"background-color":"var(--ast-global-color-5)","background-image":"","background-repeat":"repeat","background-position":"center center","background-size":"auto","background-attachment":"scroll","background-type":"","background-media":"","overlay-type":"","overlay-color":"","overlay-opacity":"","overlay-gradient":""},"tablet":{"background-color":"var(--ast-global-color-5)","background-image":"","background-repeat":"repeat","background-position":"center center","background-size":"auto","background-attachment":"scroll","background-type":"","background-media":"","overlay-type":"","overlay-color":"","overlay-opacity":"","overlay-gradient":""},"mobile":{"background-color":"var(--ast-global-color-5)","background-image":"","background-repeat":"repeat","background-position":"center center","background-size":"auto","background-attachment":"scroll","background-type":"","background-media":"","overlay-type":"","overlay-color":"","overlay-opacity":"","overlay-gradient":""}},"footnotes":""},"categories":[],"tags":[59,39,29],"class_list":["post-16529","post","type-post","status-publish","format-standard","has-post-thumbnail","hentry","tag-59","tag-39","tag-fr"],"_links":{"self":[{"href":"https:\/\/tunisnews.net\/ar\/wp-json\/wp\/v2\/posts\/16529","targetHints":{"allow":["GET"]}}],"collection":[{"href":"https:\/\/tunisnews.net\/ar\/wp-json\/wp\/v2\/posts"}],"about":[{"href":"https:\/\/tunisnews.net\/ar\/wp-json\/wp\/v2\/types\/post"}],"author":[{"embeddable":true,"href":"https:\/\/tunisnews.net\/ar\/wp-json\/wp\/v2\/users\/1"}],"replies":[{"embeddable":true,"href":"https:\/\/tunisnews.net\/ar\/wp-json\/wp\/v2\/comments?post=16529"}],"version-history":[{"count":0,"href":"https:\/\/tunisnews.net\/ar\/wp-json\/wp\/v2\/posts\/16529\/revisions"}],"wp:featuredmedia":[{"embeddable":true,"href":"https:\/\/tunisnews.net\/ar\/wp-json\/wp\/v2\/media\/22040"}],"wp:attachment":[{"href":"https:\/\/tunisnews.net\/ar\/wp-json\/wp\/v2\/media?parent=16529"}],"wp:term":[{"taxonomy":"category","embeddable":true,"href":"https:\/\/tunisnews.net\/ar\/wp-json\/wp\/v2\/categories?post=16529"},{"taxonomy":"post_tag","embeddable":true,"href":"https:\/\/tunisnews.net\/ar\/wp-json\/wp\/v2\/tags?post=16529"}],"curies":[{"name":"wp","href":"https:\/\/api.w.org\/{rel}","templated":true}]}}