{"id":16449,"date":"2009-07-17T00:00:00","date_gmt":"2009-07-17T00:00:00","guid":{"rendered":"https:\/\/tunisnews.net\/17-juillet-2009\/"},"modified":"2009-07-17T00:00:00","modified_gmt":"2009-07-17T00:00:00","slug":"17-juillet-2009","status":"publish","type":"post","link":"https:\/\/tunisnews.net\/ar\/17-juillet-2009\/","title":{"rendered":"17 juillet 2009"},"content":{"rendered":"<p><html><head><meta content=\"text\/html\" description=\"A la veille de la c\u00e9l\u00e9bration du 52\u00e8me \t\t\t\t\t\t\t\t\tanniversaire de la proclamation de la \t\t\t\t\t\t\t\t\tR\u00e9publique tunisienne, l\u2019Observatoire pour \t\t\t\t\t\t\t\t\tla protection des d\u00e9fenseurs des droits de \t\t\t\t\t\t\t\t\tl\u2019Homme (programme conjoint de la F\u00e9d\u00e9ration \t\t\t\t\t\t\t\t\tinternationale des ligues des droits de \t\t\t\t\t\t\t\t\tl\u2019Homme - FIDH et de l\u2019Organisation mondiale \t\t\t\t\t\t\t\t\tcontre la torture - OMCT), le R\u00e9seau \t\t\t\t\t\t\t\t\teuro-m\u00e9diterran\u00e9en des droits de l\u2019Homme (REMDH) \t\t\t\t\t\t\t\t\tet Amnesty International souhaitent attirer \t\t\t\t\t\t\t\t\tvotre attention sur le sort des personnes \t\t\t\t\t\t\t\t\tqui ont \u00e9t\u00e9 condamn\u00e9es pour leur \t\t\t\t\t\t\t\t\tparticipation, leur soutien ou leur \t\t\t\t\t\t\t\t\tcouverture m\u00e9diatique du mouvement de \t\t\t\t\t\t\t\t\tprotestation sociale qui secoue le bassin \t\t\t\t\t\t\t\t\tminier de Gafsa depuis le mois de janvier \t\t\t\t\t\t\t\t\t2008. Au cours des derniers mois, les \t\t\t\t\t\t\t\t\torganisations signataires ont \u00e0 de \t\t\t\t\t\t\t\t\tnombreuses reprises d\u00e9nonc\u00e9 la r\u00e9pression \t\t\t\t\t\t\t\t\tdont ont \u00e9t\u00e9 victimes les personnes \t\t\t\t\t\t\t\t\tsoup\u00e7onn\u00e9es d\u2019\u00eatre impliqu\u00e9es dans ce \t\t\t\t\t\t\t\t\tmouvement de protestation et les violations \t\t\t\t\t\t\t\t\tdes droits de l\u2019Homme qui ont \u00e9t\u00e9 constat\u00e9es \t\t\t\t\t\t\t\t\tdans ce cadre. \" http-equiv=\"Content-Type\"\/><\/head><body><body><\/p>\n<p align=\"center\" dir=\"ltr\"><font face=\"Arial\" size=\"2\"><b><a href=\"https:\/\/tunisnews.net\/ar\/\"><span>Home<\/span><span lang=\"FR-CH\"> &#8211; Accuei<\/span><\/a><span lang=\"FR-CH\">l<\/span><\/b><\/font><\/p>\n<div>\n<div>\n<div><font face=\"Arial\" size=\"2\"><\/p>\n<div align=\"justify\">\n<div><font size=\"2\"><\/p>\n<div align=\"justify\"><font face=\"Arial\"><\/p>\n<p>\u00a0<\/p>\n<div>\u00a0<meta content=\"Microsoft SafeHTML\"\/><\/p>\n<style>.ExternalClass .EC_hmmessage P{padding:0px;}.ExternalClass body.EC_hmmessage{font-size:10pt;font-family:Verdana;}<\/style>\n<div><font face=\"Arial\" size=\"2\"><\/p>\n<div align=\"center\"><font size=\"7\"><strong>TUNISNEWS <\/strong><\/font><\/div>\n<div align=\"center\" dir=\"ltr\"><font><\/p>\n<div><font size=\"2\"><strong>9\u00a0\u00e8me ann\u00e9e,<span lang=\"FR\">N\u00b0\u00a03342 du 17.07.2009<\/span><\/strong><\/font><\/div>\n<p><\/font><\/div>\n<div align=\"center\"><span><font size=\"2\"><strong><font>\u00a0archives<\/font> :<\/strong><\/font><a target=\"_blank\" rel=\"noopener\"><font size=\"2\"><strong>www.tunisnews.net<\/strong><\/font><\/a><\/span><font>\u00a0<\/font>\u00a0 <\/div>\n<div><font><\/p>\n<hr\/>\n<p><\/font><font size=\"3\"><\/font><\/div>\n<p><\/font><font face=\"Arial\"><\/p>\n<div>\n<div><font face=\"Arial\"><\/p>\n<p><p><font><strong>Lettre ouverte &#8211; Appel \u00e0 la lib\u00e9ration des d\u00e9tenus du bassin minier de Gafsa  <font>TTU Monde Arabe: Tunisie : des officiers trop bavards<\/font> International Campaign for Human Rights in Tunisia: Appeal to the Turkish authorities to release Tunisians detainees <font>AFP: Le dernier mod\u00e8le de Porsche d\u00e9voil\u00e9 en Tunisie<\/font> Globalnet: Tunisie, la crise accentuerait l\u2019exode des populations <font>Algerie-dz.com: Les touristes alg\u00e9riens en Tunisie d\u00e9pensent environ 500 dollars par semaine selon des estimations officielle tunisiennes. <\/font>Allafrica: Tunisie: Le pr\u00e9sident de la Chambre des d\u00e9put\u00e9s marocains &#8211; La Tunisie, un mod\u00e8le \u00e0 suivre en mati\u00e8re de d\u00e9mocratie et de stabilit\u00e9 <font>Reuters: INTERVIEW-Morocco wants leading role in European solar plan <\/font>AFP: Istanbul : manifestation contre l&rsquo;Allemagne apr\u00e8s le meurtre d&rsquo;une Egyptienne<\/strong><\/font><\/p>\n<\/p>\n<p><\/font><\/p>\n<hr\/>\n<\/div>\n<\/div>\n<p><\/font><\/div>\n<div><font face=\"Arial\" size=\"2\"><strong>M. Zine Al-Abidin Ben Ali  Pr\u00e9sident de la R\u00e9publique tunisienne  Gen\u00e8ve-Paris, le 17 juillet 2009 \u00a0<\/strong><\/p>\n<div align=\"center\">\n<h2 style=\"color: red;\"><font size=\"3\"><strong>Objet : Lettre ouverte &#8211; Appel \u00e0 la lib\u00e9ration des d\u00e9tenus du bassin minier de Gafsa<\/strong><\/font><\/h2>\n<p> \u00a0<\/p><\/div>\n<div align=\"center\" dir=\"ltr\">\u00a0<\/div>\n<div align=\"justify\" dir=\"ltr\">Monsieur le Pr\u00e9sident,  A la veille de la c\u00e9l\u00e9bration du 52\u00e8me anniversaire de la proclamation de la R\u00e9publique tunisienne, l\u2019Observatoire pour la protection des d\u00e9fenseurs des droits de l\u2019Homme (programme conjoint de la F\u00e9d\u00e9ration internationale des ligues des droits de l\u2019Homme &#8211; FIDH et de l\u2019Organisation mondiale contre la torture &#8211; OMCT), le R\u00e9seau euro-m\u00e9diterran\u00e9en des droits de l\u2019Homme (REMDH) et Amnesty International souhaitent attirer votre attention sur le sort des personnes qui ont \u00e9t\u00e9 condamn\u00e9es pour leur participation, leur soutien ou leur couverture m\u00e9diatique du mouvement de protestation sociale qui secoue le bassin minier de Gafsa depuis le mois de janvier 2008. Au cours des derniers mois, les organisations signataires ont \u00e0 de nombreuses reprises d\u00e9nonc\u00e9 la r\u00e9pression dont ont \u00e9t\u00e9 victimes les personnes soup\u00e7onn\u00e9es d\u2019\u00eatre impliqu\u00e9es dans ce mouvement de protestation et les violations des droits de l\u2019Homme qui ont \u00e9t\u00e9 constat\u00e9es dans ce cadre.   La r\u00e9pression violente par les autorit\u00e9s tunisiennes de ce mouvement a conduit aux d\u00e9c\u00e8s de trois manifestants et \u00e0 pr\u00e8s de 300 arrestations. Des dizaines de personnes ont \u00e9t\u00e9 victimes de violences de la part des forces de s\u00e9curit\u00e9 et plus de 200 personnes ont \u00e9t\u00e9 poursuivies dans le cadre de proc\u00e8s qui se sont affranchis du respect des droits \u00e9l\u00e9mentaires de la d\u00e9fense et des garanties d\u2019un proc\u00e8s \u00e9quitable.  Les proc\u00e8s se sont le plus souvent sold\u00e9s par des condamnations \u00e0 des peines de prison fermes allant jusqu\u2019\u00e0 plusieurs ann\u00e9es d\u2019emprisonnement. A l\u2019occasion notamment des missions d\u2019observation judiciaire qu\u2019elles ont mandat\u00e9es pour assister \u00e0 plusieurs de ces audiences, nos organisations ont constat\u00e9 qu\u2019outre le fait que la majorit\u00e9 des charges et des condamnations visaient uniquement \u00e0 sanctionner l\u2019exercice pacifique du droit \u00e0 la libert\u00e9 d\u2019expression et de r\u00e9union de la plupart de ces citoyens, plusieurs violations ont entach\u00e9 ces proc\u00e8s et constitu\u00e9 un d\u00e9ni du droit \u00e0 un proc\u00e8s \u00e9quitable. Nos organisations ont particuli\u00e8rement d\u00e9nonc\u00e9 le silence des juges par rapport aux demandes pr\u00e9liminaires de la d\u00e9fense relatives \u00e0 l\u2019audition de t\u00e9moins \u00e0 charge et \u00e0 d\u00e9charge, l\u2019examen des pi\u00e8ces \u00e0 conviction, et des expertises m\u00e9dicales suite aux all\u00e9gations de torture et autres mauvais traitements formul\u00e9es par les pr\u00e9venus, alors m\u00eame que pour certains d\u2019entre eux les traces de mauvais traitements ont \u00e9t\u00e9 formellement enregistr\u00e9es dans le rapport d\u2019instruction.\u00a0\u00a0 Pr\u00e8s d\u2019une ann\u00e9e apr\u00e8s le d\u00e9but de la r\u00e9pression de ce mouvement, les manifestations des familles de d\u00e9tenus protestant contre l\u2019emprisonnement et les conditions de d\u00e9tention de leurs proches sont syst\u00e9matiquement dispers\u00e9es. Certaines de ces manifestations ont \u00e9t\u00e9 suivies de nouvelles arrestations et de condamnations \u00e0 des peines de prison.   En d\u00e9tention, le traitement r\u00e9serv\u00e9 aux prisonniers reste \u00e9galement source de vive pr\u00e9occupation. Plusieurs d\u00e9tenus malades n\u2019ont pas eu acc\u00e8s aux soins que leur \u00e9tat de sant\u00e9 requiert. Ainsi, l\u2019\u00e9tat de sant\u00e9 de M. B\u00e9chir Labidi, qui a contract\u00e9 la tuberculose lors de sa d\u00e9tention, est particuli\u00e8rement pr\u00e9occupant et n\u00e9cessite un traitement intensif qui ne peut lui \u00eatre administr\u00e9 alors qu\u2019il est d\u00e9tenu. Le transfert de plusieurs de ces d\u00e9tenus dans des prisons \u00e9loign\u00e9es, parfois de plusieurs centaines de kilom\u00e8tres du lieu de r\u00e9sidence de leur famille, constitue une entrave au droit de visite. Les 600 kilom\u00e8tres qui s\u00e9parent par exemple M. B\u00e9chir Labidi, d\u00e9tenu \u00e0 Tunis, et son fils, Modhaffar, d\u00e9tenu \u00e0 Rjim Maatoug (Sahara tunisien), emp\u00eachent leur famille de leur rendre visite \u00e0 tous les deux r\u00e9guli\u00e8rement.   Enfin, nos organisations s\u2019inqui\u00e8tent des mesures qui s\u2019apparentent \u00e0 des repr\u00e9sailles \u00e0 l\u2019encontre de la population de la r\u00e9gion de Gafsa o\u00f9 le contr\u00f4le policier reste omnipr\u00e9sent, particuli\u00e8rement dans les villes. Ce contr\u00f4le se traduit \u00e0 la fois par des entraves \u00e0 la libert\u00e9 de circulation que ce soit pour les familles, ponctuellement emp\u00each\u00e9es de quitter la ville pour participer \u00e0 des actions de soutien en faveur de leurs proches ou pour des avocats et d\u00e9fenseurs des droits de l\u2019Homme interdits d\u2019acc\u00e8s \u00e0 Gafsa et \u00e0 Redeyef.   Monsieur le Pr\u00e9sident,   Le 28 mars 2008, le Comit\u00e9 des droits de l\u2019Homme des Nations Unies a adress\u00e9 un certain nombre de recommandations \u00e0 la Tunisie. Il a, en particulier, appel\u00e9 les autorit\u00e9s tunisiennes \u00e0 mettre fin aux actes d\u2019intimidation et de harc\u00e8lement et \u00e0 prot\u00e9ger les activit\u00e9s pacifiques des organisations et d\u00e9fenseurs des droits de l\u2019Homme. Le Comit\u00e9 a aussi insist\u00e9 sur la n\u00e9cessit\u00e9 que toute all\u00e9gation de torture ou de mauvais traitement soit l\u2019objet d\u2019une enqu\u00eate impartiale et que les auteurs de tels actes soient poursuivis en justice.   Nos organisations vous appellent \u00e0 mettre en \u0153uvre, sans d\u00e9lais, ces recommandations et \u00e0 assurer que les personnes vis\u00e9es lors de la r\u00e9pression du mouvement de contestation de la r\u00e9gion de Gafsa b\u00e9n\u00e9ficient de tous les droits garantis par le Pacte international relatif aux droits civils et politiques. Nos organisations r\u00e9it\u00e8rent ainsi leur appel \u00e0 la lib\u00e9ration imm\u00e9diate et inconditionnelle de l\u2019ensemble des manifestants, syndicalistes, d\u00e9fenseurs des droits de l\u2019Homme et journalistes condamn\u00e9s arbitrairement au cours de proc\u00e9dures judiciaires entach\u00e9es de violations du droit \u00e0 un proc\u00e8s \u00e9quitable pour avoir exerc\u00e9 pacifiquement leurs droits \u00e0 la libert\u00e9 d\u2019expression, d\u2019association et de r\u00e9union tels que garantis par le droit international et la Constitution de la Tunisie. Elles vous demandent en outre de faire en sorte que toutes les all\u00e9gations de torture et autres mauvais traitements soient l\u2019objet d\u2019une enqu\u00eate ind\u00e9pendante et impartiale, que les auteurs de ces crimes soient traduits en justice et que r\u00e9paration soit accord\u00e9e aux victimes. Enfin, nos organisations demandent que la lumi\u00e8re soit faite sur les circonstances qui ont conduit aux homicides de manifestants et que les r\u00e9sultats de l\u2019enqu\u00eate ordonn\u00e9e par le ministre de la Justice et des Droits de l\u2019Homme soit rendus publics et que les responsables de recours excessif \u00e0 la force rendent des comptes.   Confiants de l\u2019attention que vous voudrez bien porter \u00e0 notre appel, nous vous prions d\u2019agr\u00e9er, Monsieur le Pr\u00e9sident, nos respectueuses salutations.   <strong><font>Souhayr Belhassen, Pr\u00e9sidente de la FIDH   Eric Sottas, Secr\u00e9taire g\u00e9n\u00e9ral de l\u2019OMCT  Kamel Jendoubi, Pr\u00e9sident du REMDH   Malcolm Smart, Directeur, Programme Moyen Orient et Afrique du Nord, Amnesty International <\/font><\/strong><\/div>\n<p><\/font><\/div>\n<p><font face=\"Arial\" size=\"2\"><\/p>\n<div><strong><\/p>\n<hr\/>\n<p><\/strong><\/div>\n<div align=\"center\">\n<h2 style=\"color: red;\"><font size=\"3\"><strong>Tunisie : des officiers trop bavards<\/strong><\/font><\/h2>\n<\/div>\n<p><font size=\"3\"><strong><\/p>\n<div align=\"justify\"><font>Les observateurs s\u2019interrogent sur les mobiles de l\u2019arrestation de deux officiers tunisiens, de la base de Bizerte (60 km au nord de la capitale). Ils sont accus\u00e9s, \u00e0 demi-mot, de pr\u00e9parer un attentat contre des officiers am\u00e9ricains en Tunisie, lors de man\u0153uvres communes entrant dans le cadre de la coop\u00e9ration militaire, et attendent d&rsquo;\u00eatre jug\u00e9s. Leur avocat, Me Samir Ben Amor, est, en outre, accus\u00e9 de divulgation du secret de l&rsquo;instruction. Or les autorit\u00e9s tunisiennes semblent s&rsquo;\u00eatre pi\u00e9g\u00e9es elles-m\u00eames, puisqu\u2019elles nient \u00e0 coups de communiqu\u00e9s une quelconque menace contre des officiers am\u00e9ricains sur leur sol. Mais alors pourquoi cette mise aux arr\u00eats ? En fait, ce sont huit personnes qui ont \u00e9t\u00e9 arr\u00eat\u00e9es en m\u00eame temps, dans le cadre de la guerre men\u00e9e par le pouvoir contre les islamistes. Mais si six d&rsquo;entre eux sont de sensibilit\u00e9 islamiste (alors que six autres activistes sont en fuite), l\u2019arrestation des deux officiers ob\u00e9it \u00e0 d\u2019autres motivations : les deux hommes auraient \u00e9t\u00e9 d\u00e9nonc\u00e9s apr\u00e8s avoir critiqu\u00e9 le r\u00e9gime, affirment des sources proches de l\u2019opposition. <\/font><font><strong>(Source : TTU MONDE ARABE (LETTRE HEBDOMADAIRE D&rsquo;INFORMATIONS STRAT\u00c9GIQUES \u2013 France), N\u00b0 612 &#8211; 16 JUILLET 2009)<\/strong><\/font><\/div>\n<p><\/strong><\/font><\/p>\n<div>\n<hr\/>\n<\/div>\n<div>\u00a0<\/div>\n<div><font face=\"Arial\" size=\"2\"><\/p>\n<div align=\"center\"><font face=\"Arial\" size=\"2\"><strong><font size=\"3\">\u0627\u0644\u062d\u0645\u0644\u0629 \u0627\u0644\u062f\u0648\u0644\u064a\u0629 \u0644\u062d\u0642\u0648\u0642 \u0627\u0644\u0625\u0646\u0633\u0627\u0646 \u0628\u062a\u0648\u0646\u0633<\/font> International Campaign for Human Rights in Tunisia <\/strong>icfhrt@yahoo.com Tel: (0044) 2084233070- 7903274826  <\/p>\n<h2 style=\"color: red;\"><font size=\"3\"><strong>Appeal to the Turkish authorities to release Tunisians detainees<\/strong><\/font><\/h2>\n<p> <\/font><\/div>\n<div align=\"justify\"> <font>London: 2009-07-18  The political activist Safi Ben Fraj continues his hunger strike for more than 40 days in a refugee detention centre in Turkey to protest against the harsh conditions of detention and ill-treatment meted out by agents of the Centre, and to enable him to claim asylum in one of the European countries after the decision of the United Nations to grant him the status of a refugee in February 2008.  Malek Acharahili, another Tunisian political activist who has been living in Turkey for years, is also in a similar position as he has been detained since 12 April 2007 and his plight continues to date.  The International Campaign for Human Rights in Tunisia, while expressing support to Mr. bin Faraj in his hunger strike, appeals to the Turkish authorities to release him and Mr. Malik Acharahili, as there is no justification for their arrest after a Turkish court cleared them of charges of terrorism and the United Nations granted them the right to political asylum.  International Campaign for Human Rights in Tunisia<\/font> <font><strong>Ali Ben Arfa<\/strong><\/font><\/div>\n<div align=\"justify\"><strong><\/p>\n<hr\/>\n<p><\/strong><\/div>\n<div align=\"justify\"><font>Chers lecteurs,  <strong><\/p>\n<p><font>Le num\u00e9ro 114 de Mouwatinoun organe du Forum D\u00e9mocratique est maintenant disponible chez votre marchand de journaux.<\/font><\/p>\n<p><\/strong>Vous pouvez visualiser la totalit\u00e9 de son contenu \u00e0 partir de dimanche en cliquant sur ce lien :<a href=\"http:\/\/www.fdtl.org\/IMG\/pdf\/mouwatinoun_114.pdf\" target=\"_blank\" rel=\"noopener\">http:\/\/www.fdtl.org\/IMG\/pdf\/mouwatinoun_114.pdf<\/a> Pour les internautes se connectant depuis la Tunisie, il est fort possible que l&rsquo;acc\u00e8s \u00e0 notre site soit bloqu\u00e9 pour les raisons connues par tous. Dans ce cas, la seule mani\u00e8re de se procurer notre hebdomadaire est de le demander \u00e0 votre marchand de journaux. Vous contribuerez ainsi \u00e0 aider financi\u00e8rement notre parti qui en a besoin dans ces temps difficiles. Merci aussi de diffuser l&rsquo;info autour de vous. * La pr\u00e9sence du journal d\u00e9pend des pr\u00e9ssions exerc\u00e9es sur distributeurs et\/ou marchands de journaux. Cordialement,  <font><strong>Le webmaster du FDTL (<\/strong><a href=\"http:\/\/www.fdtl.org\/\" target=\"_blank\" rel=\"noopener\"><strong>www.fdtl.org<\/strong><\/a><strong>)<\/strong><\/font><\/font><\/div>\n<div align=\"justify\"><strong><\/p>\n<hr\/>\n<p><\/strong><\/div>\n<div align=\"justify\">\n<p align=\"center\"><strong>Invitation<\/strong><\/p>\n<p><span><font>Le Mouvement Ettajdid \/ section Mahdia a l\u2019honneur et le plaisir de vous inviter \u00e0 participer \u00e0 la <strong>rencontre-d\u00e9bat <\/strong>anim\u00e9 par<\/font><strong><font> \u00a0le b\u00e2tonnier <\/font><span>Abdessatar \u00a0Ben Moussa<\/span><font> <\/font><span>\u00a0<\/span><font>et<\/font><span> Samir Etta\u00efeb<\/span><font><\/font><\/strong><font>sur les <\/font><span><strong>conditions<span dir=\"rtl\" lang=\"AR-SA\">\u00a0<\/span>politiques et juridiques dans lesquelles se d\u00e9roulent \u00a0les prochaines \u00e9lections<\/strong><\/span><font> et qui est organis\u00e9 dans le cadre de l\u2019Initiative Nationale pour la D\u00e9mocratie et le Progr\u00e8s et ce\u00a0: <\/font><\/span><\/p>\n<p>\u00a0<\/p>\n<p align=\"center\"><strong><font>Samedi 18 Juillet 2009 \u00e0 18h00 \u00e0 la maison de culture d\u2019el <\/font><span>MAHDIA<\/span><\/strong> <\/p>\n<p>\u00a0<\/p>\n<\/div>\n<p><\/font><\/div>\n<div>\n<hr\/>\n<\/div>\n<div>\u00a0<\/div>\n<div><font face=\"Arial\" size=\"2\"><\/p>\n<div align=\"center\" dir=\"ltr\"><font size=\"3\"><\/p>\n<h2 style=\"color: red;\"><font><strong>Le dernier mod\u00e8le de Porsche d\u00e9voil\u00e9 en Tunisie<\/strong><\/font><\/h2>\n<p> \u00a0<\/font><\/div>\n<p><\/font><\/p>\n<div align=\"justify\" dir=\"ltr\"><font>AFP, le 16 juillet 2009 \u00e0 19h34 TUNIS, 16 juil 2009 (AFP) &#8211; Le dernier mod\u00e8le du constructeur allemand Porsche a \u00e9t\u00e9 d\u00e9voil\u00e9 en avant-premi\u00e8re mondiale en Tunisie, pays \u00e0 fort potentiel de luxe malgr\u00e9 la taille r\u00e9duite du march\u00e9. Confort et puissance (400\/5OO CV) quatre si\u00e8ges, quatre portes, la Panamera une \u00ab\u00a0Porsche grand tourisme avec les technologies propres aux voitures sport\u00a0\u00bb exhib\u00e9e mercredi \u00e0 Tunis fera l&rsquo;objet d&rsquo;un \u00ab\u00a0grand show\u00a0\u00bb samedi \u00e0 Yasmine Hammamet, station baln\u00e9aire hupp\u00e9e (60 km de Tunis). Cet gamme qui compte trois mod\u00e8les (Panamera S, Panamera 4S, Panamera Turbo) sera commercialis\u00e9e en ao\u00fbt en Tunisie, et \u00e0 partir du 12 septembre dans le monde, a indiqu\u00e9 Eric Antoine, repr\u00e9sentant de Porsche AG. Le partenaire local de la firme allemande table sur 50 commandes par an \u00e0 partir de 250.O00 dinars l&rsquo;unit\u00e9 pour la Panamera (170.000 euros), a indiqu\u00e9 \u00e0 la presse son directeur Ibrahim Debache. Pour dix millions d&rsquo;habitants en Tunisie, il compte 400 clients localement, et d&rsquo;autres en Alg\u00e9rie et en Libye. La Tunisie a fortement r\u00e9duit les droits de douane sur les voitures de luxe. Pour le repr\u00e9sentant allemand Porsche AG \u00ab\u00a0traverse la crise mieux que les autres en raison d&rsquo;une pr\u00e9sence \u00e9tudi\u00e9e sur tous les continents\u00a0\u00bb.<\/font><\/div>\n<div align=\"justify\" dir=\"ltr\"><font><\/p>\n<hr\/>\n<p><\/font><\/div>\n<div align=\"justify\" dir=\"ltr\"><font><\/p>\n<p align=\"center\"><span lang=\"FR\"><strong>Globalnet: Tunisie, la crise accentuerait l\u2019exode des populations<\/strong><\/span><\/p>\n<p><span lang=\"FR\"><strong>Publi\u00e9 le vendredi 17 juillet 2009<\/strong><\/span><\/p>\n<p><span lang=\"FR\">M\u00eame si officiellement, la population tunisienne est homog\u00e8ne, avec 80 % de Tunisiens issus de la classe moyenne, dans les faits, les disparit\u00e9s demeurent perceptibles entre les r\u00e9gions.<\/span><\/p>\n<p><span lang=\"FR\">De fortes disparit\u00e9s en termes de niveau de vie continuent \u00e0 exister entre quartiers ais\u00e9s et quartiers p\u00e9riph\u00e9riques des grandes villes ; zones rurales et zones urbaines ; r\u00e9gions frontali\u00e8res et r\u00e9gions c\u00f4ti\u00e8res.  L\u2019Etat n\u2019a cess\u00e9 de mettre en place une s\u00e9rie de programmes de d\u00e9veloppement et\/ou de solidarit\u00e9 en vue d\u2019att\u00e9nuer les disparit\u00e9s : \u00ab\u00a0Programme de D\u00e9veloppement R\u00e9gional\u00a0\u00bb (PDR) ; \u00ab\u00a0Programme de D\u00e9veloppement Rural Int\u00e9gr\u00e9\u00a0\u00bb (PDRI) ; \u00ab\u00a0Programme de D\u00e9veloppement Urbain Int\u00e9gr\u00e9\u00a0\u00bb (PDUI) ; \u00ab\u00a0Fonds de Solidarit\u00e9 Nationale\u00a0\u00bb (FSN) ; \u00ab\u00a0chantiers nationaux ou r\u00e9gionaux\u00a0\u00bb ; etc. Ces actions ne sont pas parvenues \u00e0 venir \u00e0 bout des disparit\u00e9s, notamment en mati\u00e8re de sant\u00e9.  Les disparit\u00e9s apparaissent d\u2019abord au niveau des \u00e9quipements sanitaires. Par exemple, dans le gouvernorat de Sousse, le nombre d\u2019habitants par lit hospitalier ne d\u00e9passe pas 395 en 2007, alors que ce nombre atteint 986 dans le gouvernorat de Sidi Bouzid, soit un \u00e9cart de 1 \u00e0 2.5. De m\u00eame, dans le Grand Tunis, le nombre d\u2019habitants par m\u00e9decin se situe aux alentours de 600 en 2007 contre 3 000 habitants par m\u00e9decin dans le gouvernorat de Kasserine, soit un \u00e9cart de 1 \u00e0 5.   Ces disparit\u00e9s s\u2019illustrent \u00e9galement \u00e0 travers les d\u00e9penses m\u00e9dicales des m\u00e9nages. Selon l\u2019enqu\u00eate consommation r\u00e9alis\u00e9e par l\u2019INS en 2005, ces d\u00e9penses m\u00e9dicales par personne et par an ont atteint 136 dinars dans le Grand Tunis, 134 dinars dans le Centre-est, 116 dinars dans le Nord-est, 108 dinars dans le Sud-est, 85 dinars dans le Sud-ouest, 82 dinars dans le Nord-Ouest, et 64 dinars seulement dans le Centre-ouest.  Ces disparit\u00e9s risquent de s\u2019amplifier en temps de crise, \u00e0 cause notamment du repli de l\u2019emploi dans le secteur \u00ab b\u00e2timent et travaux publics \u00bb. D\u00e8s le d\u00e9but de la d\u00e9cennie en cours, l\u2019emploi dans le BTP a eu tendance \u00e0 marquer le pas \u00e0 l\u2019\u00e9chelle nationale. Au cours du triennat 2004-2007, l\u2019emploi dans ce secteur a accus\u00e9 une baisse absolue dans plusieurs gouvernorats, et notamment dans les gouvernorats de B\u00e9ja, Jendouba, Le Kef, Siliana, Mahdia, Kairouan, Kasserine, Sidi Bouzid, Gab\u00e8s, Tataouine, Tozeur et K\u00e9bili. La crise pourrait accentuer cette tendance, suite \u00e0 la r\u00e9gression des investissements non seulement dans le logement mais aussi dans d\u2019autres activit\u00e9s entra\u00eenantes du b\u00e2timent, telle l\u2019h\u00f4tellerie. Ce qui retentira sensiblement sur les revenus des m\u00e9nages r\u00e9sidant dans l\u2019arri\u00e8re-pays. Ceci est de nature \u00e0 pousser de nombreux m\u00e9nages \u00e0 d\u00e9serter d\u00e9finitivement les r\u00e9gions int\u00e9rieures du pays, et \u00e0 aller s\u2019entasser anarchiquement dans les p\u00e9riph\u00e9ries des grandes villes c\u00f4ti\u00e8res.  L\u2019emploi dans l\u2019 \u00ab artisanat et des petits m\u00e9tiers \u00bb est, lui aussi, en repli. L\u2019inondation du march\u00e9 local par les produits bon march\u00e9, provenant du sud-est asiatique, a provoqu\u00e9 une crise de l\u2019artisanat et des petits m\u00e9tiers, nagu\u00e8re source de revenus pour un grand nombre de m\u00e9nages. Ce ph\u00e9nom\u00e8ne s\u2019est manifest\u00e9 dans diff\u00e9rents gouvernorats, plus particuli\u00e8rement dans ceux o\u00f9 l\u2019essentiel de l\u2019activit\u00e9 manufacturi\u00e8re est bas\u00e9e sur l\u2019artisanat et les petits m\u00e9tiers : B\u00e9ja, Jendouba, Le Kef, Siliana, Mahdia, Kairouan, Kasserine, Sidi Bouzid, Gab\u00e8s, M\u00e9denine, Tataouine, Gafsa, Tozeur et K\u00e9bili. En p\u00e9riode de crise, les emplois salari\u00e9s g\u00e9n\u00e9r\u00e9s par les industries manufacturi\u00e8res ne permettent plus de compenser, du moins partiellement, les \u00e9normes pertes d\u2019emplois dans l\u2019artisanat et les petits m\u00e9tiers. La crise de l\u2019artisanat contribuerait \u00e0 \u00e9roder sensiblement le revenu d\u2019un grand nombre de m\u00e9nages, et acc\u00e9l\u00e9rerait l\u2019exode des populations vers les zones c\u00f4ti\u00e8res.   Les transferts de l\u2019\u00e9migration risquent, eux aussi, d\u2019\u00eatre affect\u00e9s par la crise. Jusqu\u2019\u00e0 une date r\u00e9cente, un grand nombre de m\u00e9nages des r\u00e9gions de l\u2019int\u00e9rieur b\u00e9n\u00e9ficiaient d\u2019un important compl\u00e9ment de revenu, provenant de leurs parents travaillant \u00e0 l\u2019\u00e9tranger. Or, en p\u00e9riode de crise, cet apport de l\u2019\u00e9migration risque de s\u2019\u00e9tioler.. La compression des transferts des \u00e9migrants se r\u00e9percuterait n\u00e9gativement sur le revenu des m\u00e9nages tunisiens, et plus particuli\u00e8rement ceux de l\u2019int\u00e9rieur du pays.   En somme, la crise pourrait accentuer la pauvret\u00e9 dans les zones marginales du pays, appel\u00e9es couramment \u00ab zones d\u2019ombre \u00bb. Elle pourrait donc d\u00e9placer les contraintes sanitaires des \u00ab\u00a0zones d\u2019ombre\u00a0\u00bb, en majorit\u00e9 rurales, vers les p\u00e9riph\u00e9ries marginales anarchiques des grandes villes. D\u2019o\u00f9 l\u2019int\u00e9r\u00eat d\u2019accorder plus d\u2019importance aux programmes de soutien et de pr\u00e9vention non seulement des \u00ab\u00a0zones d\u2019ombre rurales\u00a0\u00bb, mais aussi et surtout des quartiers anarchiques des grandes villes. <\/span><\/p>\n<p><b><span lang=\"FR\">Synth\u00e8se de Gnet <\/span><\/b><\/p>\n<p><span lang=\"FR\"> <strong>*Ce sujet a \u00e9t\u00e9 d\u00e9velopp\u00e9 par Hassine Dimassi, \u00e9conomiste, dans sa communication : \u00ab\u00a0Risques et d\u00e9fis de la crise sur les populations vuln\u00e9rables\u00a0\u00bb.<\/strong><\/span><\/p>\n<p><span lang=\"FR\"><strong>Commentaires (4)<\/strong><\/span><\/p>\n<p><span lang=\"FR\"><strong>Le maghreb!! <\/strong><\/span><span><span lang=\"FR\"><font>Ecrit par Tounsi, le 17-07-2009 14:13 <\/font><\/span><\/span><span lang=\"FR\"> Premi\u00e8rement, je veux savoir si kelkin du gouvernement lise nos commentaires, puisque malheureusment (je parle de moi m\u00eame) on a que cet espace pour s&rsquo;exprimer et connaitre l&rsquo;autre Tunisie.\u00a0 La solution pour ces zones d&rsquo;ombre est le maghreb uni, la Tunisie avce un budget de 15B$ ne voit pas une rentabilit\u00e9 d&rsquo;invetissement, il faut \u00eatre clair, ce n&rsquo;est pas rentable d&rsquo;investir l\u00e0 bas, je suis d&rsquo;accord , mais l&rsquo;Etat n&rsquo;\u00e9tant pas une entreprise !!\u00a0 Donc il faut ouvrir les fronti\u00e8res avec l&rsquo;Alg\u00e9rie et le Libye, on n&rsquo;a pas d&rsquo;avenir sans elles en crise ou en prosp\u00e9rit\u00e9 !!!<\/span><\/p>\n<p><span lang=\"FR\"><strong>racisme e injustice <\/strong><\/span><span><span lang=\"FR\"><font>Ecrit par sudiste, le 17-07-2009 12:24 <\/font><\/span><\/span><span lang=\"FR\"> Le probl\u00e8me ne date pas d&rsquo;hier.En effet ce n&rsquo;est que le revers de la medaille. Une politique raciste excerc\u00e9e depuis bourguiba, on nous parle d&rsquo;investissement au centre et au sud, mais vous vous fouttez de la geule de qui??\u00a0 regardez un peu les projets et l&rsquo;argent qu&rsquo;on met a sousse monastir et tout le sahel ainsi qu&rsquo;a tunis et comparez le avec ce qu&rsquo;on met dans les autres regions.\u00a0 Bah moi je vous dit qu&rsquo;il prennent l&rsquo;argent des sudistes et centristes pour l&rsquo;investir au sahel et a tunis pas de facult\u00e9s pas de hopitaux meme pas un terrain de foot.\u00a0 exemple flagrant deux facs de medecine a 30 km de distance monastir et sousse??? et une seule pour la moiti\u00e9 de la tunisie (sfax).\u00a0 arretons le racisme et l&rsquo;injuste et personnes n&rsquo;ira voir ailleur.\u00a0 A bon entendeur.<\/span><\/p>\n<p><span lang=\"FR\"><strong>des materialistes <\/strong><\/span><span><span lang=\"FR\"><font>Ecrit par baldaquino, le 17-07-2009 10:52 <\/font><\/span><\/span><span lang=\"FR\"> Crise ou non on aura toujours \u00e0 faire au ph\u00e9nom\u00e8ne de l&rsquo;exode, la cause d&rsquo;un tel probl\u00e8me n&rsquo;est pas \u00e0 imputer exclusivement aux facteurs \u00e9conomiques mais la cause principale c&rsquo;est que ces gens n&rsquo;aiment pas leurs bleds, ils les d\u00e9testent, pour eux les cotes sont l&rsquo;eldorado, ils y migrent et ils laissent tout en arri\u00e8re, il y&rsquo;a ceux parmi eux qui ne visitent m\u00eame pas leurs m\u00e8res, quand ils arrivent dans les villes c\u00f4ti\u00e8res ils se mettent \u00e0 remplir les poches sans se tenir \u00e0 aucune r\u00e8gle, tout les moyens sont bons selon eux tant que \u00e7a leurs permettent de prendre une part du g\u00e2teaux(bou mendil, charles de gaule&#8230;). \u00a0 Par exemple la capitale pour eux n&rsquo;est pas une capitale dans le sens urbain mais c&rsquo;est un capital, le capital, chiffre d&rsquo;affaire!!! voila je parle de finance, en fait pour eux Tunis n&rsquo;est qu&rsquo;une caisse, un rapport similaire est loin d&rsquo;\u00eatre humain, en fait ils n&rsquo;aiment pas Tunis, ils ne la respectent pas, qu&rsquo;elle soit propre ou non, qu&rsquo;elle soit verte ou non, \u00e7a ne les importent gu\u00e8re, c&rsquo;est pour \u00e7a que notre capitale peine \u00e0 \u00eatre aussi propre que les capitales \u00e9trang\u00e8res. \u00a0 remarque: \u00a0 un m\u00e9decin originaire de centre ouest(son bac il l&rsquo;a pris l\u00e0 bas) \u00e0 peine dipl\u00f4m\u00e9, tu lui demande: ou veut tu travailler? il te dira la capital, tu lui demande encore: pourquoi pas \u00e0 ton bled? il te r\u00e9pondra: les gens l\u00e0 bas n&rsquo;ont pas besoin de docteur.<\/span><\/p>\n<p><span lang=\"FR\"><strong>quels solutions pour faire face <\/strong><\/span><span><span lang=\"FR\"><font>Ecrit par mouwatin, le 17-07-2009 10:23 <\/font><\/span><\/span><span lang=\"FR\"> que proposeriez vous comme solution pour faire face \u00e0 ces risques de la crises&#8230; point de vue d&rsquo;un economiste. merci <\/span><\/p>\n<p><span lang=\"FR\"><strong>(Source: \u00ab\u00a0gnet.tn\u00a0\u00bb le 17 juil. 09)<\/strong><\/span><\/p>\n<p><span lang=\"FR\"><strong>lien: <\/strong><a href=\"http:\/\/www.gnet.tn\/temps-fort\/tunisie-la-crise-accentuerait-lexode-des-populations\/id-menu-325.html\" target=\"_blank\" rel=\"noopener\"><span><strong>http:\/\/www.gnet.tn\/temps-fort\/tunisie-la-crise-accentuerait-lexode-des-populations\/id-menu-325.html<\/strong><\/span><\/a><\/span><\/p>\n<p><\/font><\/div>\n<div align=\"justify\" dir=\"ltr\"><font>\u00a0<\/font><\/div>\n<div align=\"justify\" dir=\"ltr\">\n<hr\/>\n<\/div>\n<div align=\"center\" dir=\"ltr\"><strong><\/p>\n<p><font size=\"3\">Les touristes alg\u00e9riens en Tunisie d\u00e9pensent environ 500 dollars par semaine selon des estimations officielle tunisiennes.<\/font><\/p>\n<p><\/strong><\/div>\n<div align=\"justify\" dir=\"ltr\">\u00a0<\/div>\n<div align=\"justify\" dir=\"ltr\">vendredi 17 juillet 2009. Le touriste alg\u00e9rien est class\u00e9 en Tunisie parmi les plus d\u00e9pensiers puisque l\u2019alg\u00e9rien d\u00e9pense pas moins de 500 dollars par semaine , ce qui le classe parmi les clients les plus importants notamment apr\u00e8s la r\u00e9gression du tourisme \u00e0 cause de la crise financi\u00e8re mondiale. Selon de rapports tunisiens, le nombre de touristes alg\u00e9riens visitant la Tunisie atteint 1,2 millions de touristes , un chiffre qui place l\u2019alg\u00e9rien comme revenu important en devise. L\u2019int\u00e9r\u00eat des autorit\u00e9s tunisiennes s\u2019est refl\u00e9t\u00e9 par un changement de conduite aux fronti\u00e8res puisque les alg\u00e9riens sont maintenant chaleureusement accueillis avec facilitation de l\u2019acc\u00e8s et du contr\u00f4le qui ne prend plus trop de temps. Selon nos sources, la police frontali\u00e8re et les services de douanes de la Tunisie ont re\u00e7u des directives pour faciliter le passage des alg\u00e9riens, que le nombre de touristes alg\u00e9riens est revue \u00e0 la hausse avec 85% d\u2019entre eux qui prennent la route notamment le passage de Oum Atouboul qui enregistre une affluence de 6000 alg\u00e9riens par jour. Les chiffres r\u00e9v\u00e8lent que 65% des alg\u00e9riens qui voyagent vers l\u2019\u00e9tranger traversent vers la Tunisie qui est un point de passage pour plusieurs commer\u00e7ants alg\u00e9riens en plus d\u2019un bon nombre d\u2019immigr\u00e9s alg\u00e9riens r\u00e9sidant de l\u2019UE. \u00a0 Synth\u00e8se de Samir, www.algerie-dz.com  D\u2019apr\u00e8s Echorouk<\/div>\n<div align=\"justify\" dir=\"ltr\">\n<p><span><strong>\u00a0<span lang=\"FR\">(Source: \u00ab\u00a0<i>algerie-dz.com\u00a0\u00bb le 17 juillet 09)<\/i><\/span><\/strong><\/span><\/p>\n<p><span lang=\"FR\"><strong>Lien:<a href=\"http:\/\/www.algerie-dz.com\/article17375.html\" target=\"_blank\" rel=\"noopener\">http:\/\/www.algerie-dz.com\/article17375.html<\/a><\/strong><\/span><\/p>\n<\/div>\n<\/div>\n<div>\n<hr\/>\n<\/div>\n<div><font face=\"Arial\" size=\"2\"><\/p>\n<p align=\"center\"><span lang=\"FR\"><strong>Tunisie: Le pr\u00e9sident de la Chambre des d\u00e9put\u00e9s marocains &#8211; La Tunisie, un mod\u00e8le \u00e0 suivre en mati\u00e8re de d\u00e9mocratie et de stabilit\u00e9<\/strong><\/span><\/p>\n<p><span lang=\"FR\"><strong>17 Juillet 2009<\/strong><\/span><\/p>\n<p><span lang=\"FR\"><strong>Tunis<i> \u2014 <\/i><em><span>M. Mustapha Mansouri, pr\u00e9sident de la Chambre des d\u00e9put\u00e9s marocains, qui effectue une visite officielle en Tunisie du 15 au 18 juillet, s&rsquo;est f\u00e9licit\u00e9 de l&rsquo;\u00e9volution constante des relations tuniso-marocaines, r\u00e9affirmant la d\u00e9termination des deux pays \u00e0 dynamiser davantage ces relations<\/span><\/em><\/strong><\/span><\/p>\n<p><span lang=\"FR\">Mustapha Mansouri, qui s&rsquo;est entrtenue avec M. Abdallah Kallel, pr\u00e9sident de la Chambre des conseillers de Tunisie, a indiqu\u00e9 que la Tunisie qui a acquis une exp\u00e9rience avant-gardiste dans le domaine du d\u00e9veloppement \u00e0 tous les niveaux, constitue un mod\u00e8le \u00e0 suivre en mati\u00e8re de d\u00e9mocratie et de stabilit\u00e9.<\/span> <span lang=\"FR\">Il a soulign\u00e9 le r\u00f4le de l&rsquo;institution parlementaire et des parlementaires dans les deux pays dans la consolidation de la coop\u00e9ration bilat\u00e9rale au service des int\u00e9r\u00eats communs et de mani\u00e8re \u00e0 r\u00e9aliser la compl\u00e9mentarit\u00e9 maghr\u00e9bine et \u00e0 acc\u00e9l\u00e9rer l&rsquo;\u00e9dification de l&rsquo;Unit\u00e9 du Maghreb qui constitue un choix strat\u00e9gique constant en Tunisie et au Maroc.<\/span> \u00a0<\/p>\n<p><span lang=\"FR\"><strong>(Source: \u00ab\u00a0allafrica.com\u00a0\u00bb le 17 juil. 09)<\/strong><\/span><\/p>\n<p><span lang=\"FR\"><strong>lien: <\/strong><a href=\"http:\/\/fr.allafrica.com\/stories\/200907170507.html\" target=\"_blank\" rel=\"noopener\"><strong>http:\/\/fr.allafrica.com\/stories\/200907170507.html<\/strong><\/a><\/span><\/p>\n<p><\/font><\/div>\n<div>\n<hr\/>\n<\/div>\n<div>\u00a0<\/div>\n<div><font face=\"Arial\" size=\"2\"><\/p>\n<div align=\"center\" dir=\"ltr\">\n<h2 style=\"color: red;\"><font size=\"3\"><strong>INTERVIEW-Morocco wants leading role in European solar plan<\/strong><\/font><\/h2>\n<\/div>\n<div align=\"justify\" dir=\"ltr\">\u00a0<\/div>\n<div align=\"justify\" dir=\"ltr\"> <strong>Thu Jul 16, 2009 2:51pm GMT <\/strong><font><strong>* Plan would bring Morocco jobs, cut energy dependence  * Aims to pass law to ease inward renewables investment  * Already identified sites for solar fields <\/strong><\/font><font>By Tom Pfeiffer RABAT, July 16 (Reuters) &#8211; Morocco welcomes a European plan to draw solar power from the Sahara and wants a leading role in the project, which is worth up to 400 billion euros ($564 billion), the head of its renewable energy agency said. The Desertec initiative launched this week in Germany could allow Europe to source 15 percent of its power from mirrors that gather sunlight in the vast southern desert by 2050. The mirrors would concentrate the sun&rsquo;s rays to boil water and power turbines, generating electricity without emitting the greenhouse gases blamed for global warming. \u00ab\u00a0We want to be among the leading countries in this project,\u00a0\u00bb Said Mouline, managing director of Morocco&rsquo;s Renewable Energy Development Centre (CDER), told Reuters in an interview. \u00ab\u00a0Morocco wants to go quicker than others.\u00a0\u00bb He said the project would create much-needed investment and jobs for Morocco and would reduce the north African country&rsquo;s heavy reliance on imported fossil fuels. European analysts have raised questions over the ability of Maghreb countries to host an ambitious project that would eventually require deep cross-border cooperation. Morocco, Algeria, Tunisia and Libya pledged to create an economic union two decades ago this month but trade between them remains the lowest of any region of the world. Threats by Al Qaeda-aligned militants in Algeria to attack European interests underline the risk of installing vital infrastructure in countries suffering from widespread poverty and social tension. Morocco is the poorest of the European Union&rsquo;s southern neighbours but one of its closest allies in the region. It has a history of political stability and reforms to improve its business environment have led to record inward investment. Mouline said Morocco had set up a $1 billion fund to support renewable energy and energy efficiency projects. He said the government hoped to pass a law by September that would create a framework for deeper cooperation in renewables. Foreign firms would be able to make solar power in Morocco for export via the existing network or dedicated power lines. \u00ab\u00a0We can start with small projects of 100 megawatts (MW) costing around $200 million and slowly it will grow &#8212; that is the advantage of renewables,\u00a0\u00bb said Mouline. He said Morocco&rsquo;s powerful sunlight would give investors more return for their investment than in neighbouring Spain. \u00ab\u00a0Our power plants would produce 30 percent more energy than Spain&rsquo;s over the year for the same surface,\u00a0\u00bb said Mouline. Spanish firm Abengoa is already building the world&rsquo;s biggest power station fed by a mixture of combined-cycle gas and solar mirrors placed over 60 hectares near Morocco&rsquo;s border with Algeria. Mouline said Morocco had identified other sites for solar ray installations in Errachidia, Ouarzazate and Taroudent, towns just south of the High Atlas mountains bordering the Sahara. And he said new industrial zones being established in Morocco would offer big competitive advantages for producing the thousands of solar mirrors needed for Desertec. Local production would cut transport costs and create much-needed jobs, helping address the poverty that led millions of Moroccans to migrate to Europe. \u00ab\u00a0Making mirrors is not complex,\u00a0\u00bb said Mouline. \u00ab\u00a0There are new technologies that have cut the cost and use less glass&#8230; More work here means lower unemployment and less emigration.\u00a0\u00bb (Editing by Jon Boyle)  \u00a0<\/font><\/div>\n<p><\/font><\/div>\n<div>\n<hr\/>\n<\/div>\n<div>\u00a0<\/div>\n<div><font face=\"Arial\" size=\"2\"><\/p>\n<div align=\"center\" dir=\"ltr\">\n<h2 style=\"color: red;\"><font size=\"3\"><strong>Istanbul : manifestation contre l&rsquo;Allemagne apr\u00e8s le meurtre d&rsquo;une Egyptienne<\/strong><\/font><\/h2>\n<\/div>\n<div align=\"center\" dir=\"ltr\">\u00a0<\/div>\n<div align=\"justify\" dir=\"ltr\"><font>AFP, le 17 juillet 2009 \u00e0 17h24 ISTANBUL, 17 juil 2009 (AFP) &#8211; Environ 150 personnes ont manifest\u00e9 vendredi devant le consulat d&rsquo;Allemagne \u00e0 Istanbul pour protester contre l&rsquo;attitude de l&rsquo;Allemagne apr\u00e8s l&rsquo;assassinat d&rsquo;une Egyptienne voil\u00e9e dans un tribunal allemand, a constat\u00e9 un photographe de l&rsquo;AFP. \u00ab\u00a0Allemagne fasciste\u00a0\u00bb, \u00ab\u00a0maudit soit l&rsquo;imp\u00e9rialisme occidental\u00a0\u00bb, ont scand\u00e9 les manifestants, qui agitaient un drapeau allemand sur lequel \u00e9taient dessin\u00e9s une croix gamm\u00e9e et une \u00e9toile de David. Le groupe, qui portait un faux cerceuil arborant une photo de Marwa el-Sherbini, une Egyptienne de 31 ans, assassin\u00e9e le 1er juillet par un Allemand d&rsquo;origine russe dans un tribunal de Dresde (est de l&rsquo;Allemagne), a d\u00e9pos\u00e9 une gerbe noire devant le consulat. La jeune femme, enceinte de trois mois au moment des faits, \u00e9tait venue t\u00e9moigner au tribunal apr\u00e8s un incident qui l&rsquo;avait oppos\u00e9e au m\u00eame homme sur une aire de jeux pour enfants. Il avait trait\u00e9 la jeune femme, qui portait le voile, d'\u00a0\u00bbislamiste\u00a0\u00bb, de \u00ab\u00a0terroriste\u00a0\u00bb et de \u00ab\u00a0salope\u00a0\u00bb. Le meurtre, qui n&rsquo;a attir\u00e9 l&rsquo;attention des m\u00e9dias et des politiques en Allemagne qu&rsquo;une semaine apr\u00e8s les faits, a suscit\u00e9 une tr\u00e8s vive \u00e9motion en Egypte. Il a aussi donn\u00e9 lieu \u00e0 une manifestation devant le consulat d&rsquo;Allemagne \u00e0 T\u00e9h\u00e9ran. AFP<\/font><\/div>\n<p><\/font><\/div>\n<p><\/font><\/div>\n<p><\/font><\/p>\n<div>\n<div onclick=\"return Control.invoke('ReadingPane', '_onBodyClick', event);\">\n<div>\n<div><font face=\"Arial\" size=\"2\"><\/p>\n<div align=\"justify\">.<\/div>\n<p><\/font><\/div>\n<\/div>\n<\/div>\n<\/div>\n<\/div>\n<div align=\"justify\">\u00a0<\/div>\n<p><\/font><\/div>\n<\/div>\n<p><\/font><\/div>\n<\/div>\n<\/div>\n<p align=\"center\" dir=\"ltr\">\n<h2 style=\"color: red;\"><font face=\"Arial\" size=\"2\"><strong><b><a href=\"https:\/\/tunisnews.net\/ar\/\"><font face=\"Arial\"><span><font size=\"2\">Home<\/font><\/span><font size=\"2\"><span lang=\"FR-CH\"> &#8211; Accueil <\/span><span>&#8211; <\/span><\/font><\/font><span dir=\"rtl\" lang=\"AR-SA\"><font size=\"2\">\u0627\u0644\u0631\u0626\u064a\u0633\u064a\u0629<\/font><\/span><\/a><\/b><\/strong><\/font><\/h2>\n<\/p>\n<p><\/body><\/body><\/html><\/p>","protected":false},"excerpt":{"rendered":"<p>Home &#8211; Accueil \u00a0 \u00a0 TUNISNEWS 9\u00a0\u00e8me ann\u00e9e,N\u00b0\u00a03342 du 17.07.2009 \u00a0archives :www.tunisnews.net\u00a0\u00a0 Lettre ouverte &#8211; Appel \u00e0 la lib\u00e9ration des d\u00e9tenus du bassin minier de Gafsa TTU Monde Arabe: Tunisie : des officiers trop bavards International Campaign for Human Rights in Tunisia: Appeal to the Turkish authorities to release Tunisians detainees AFP: Le dernier mod\u00e8le [&hellip;]<\/p>\n","protected":false},"author":1,"featured_media":22040,"comment_status":"open","ping_status":"open","sticky":false,"template":"","format":"standard","meta":{"inline_featured_image":false,"site-sidebar-layout":"default","site-content-layout":"","ast-site-content-layout":"default","site-content-style":"default","site-sidebar-style":"default","ast-global-header-display":"","ast-banner-title-visibility":"","ast-main-header-display":"","ast-hfb-above-header-display":"","ast-hfb-below-header-display":"","ast-hfb-mobile-header-display":"","site-post-title":"","ast-breadcrumbs-content":"","ast-featured-img":"","footer-sml-layout":"","ast-disable-related-posts":"","theme-transparent-header-meta":"","adv-header-id-meta":"","stick-header-meta":"","header-above-stick-meta":"","header-main-stick-meta":"","header-below-stick-meta":"","astra-migrate-meta-layouts":"default","ast-page-background-enabled":"default","ast-page-background-meta":{"desktop":{"background-color":"","background-image":"","background-repeat":"repeat","background-position":"center center","background-size":"auto","background-attachment":"scroll","background-type":"","background-media":"","overlay-type":"","overlay-color":"","overlay-opacity":"","overlay-gradient":""},"tablet":{"background-color":"","background-image":"","background-repeat":"repeat","background-position":"center center","background-size":"auto","background-attachment":"scroll","background-type":"","background-media":"","overlay-type":"","overlay-color":"","overlay-opacity":"","overlay-gradient":""},"mobile":{"background-color":"","background-image":"","background-repeat":"repeat","background-position":"center center","background-size":"auto","background-attachment":"scroll","background-type":"","background-media":"","overlay-type":"","overlay-color":"","overlay-opacity":"","overlay-gradient":""}},"ast-content-background-meta":{"desktop":{"background-color":"var(--ast-global-color-5)","background-image":"","background-repeat":"repeat","background-position":"center center","background-size":"auto","background-attachment":"scroll","background-type":"","background-media":"","overlay-type":"","overlay-color":"","overlay-opacity":"","overlay-gradient":""},"tablet":{"background-color":"var(--ast-global-color-5)","background-image":"","background-repeat":"repeat","background-position":"center center","background-size":"auto","background-attachment":"scroll","background-type":"","background-media":"","overlay-type":"","overlay-color":"","overlay-opacity":"","overlay-gradient":""},"mobile":{"background-color":"var(--ast-global-color-5)","background-image":"","background-repeat":"repeat","background-position":"center center","background-size":"auto","background-attachment":"scroll","background-type":"","background-media":"","overlay-type":"","overlay-color":"","overlay-opacity":"","overlay-gradient":""}},"footnotes":""},"categories":[],"tags":[59,40,29],"class_list":["post-16449","post","type-post","status-publish","format-standard","has-post-thumbnail","hentry","tag-59","tag-40","tag-fr"],"_links":{"self":[{"href":"https:\/\/tunisnews.net\/ar\/wp-json\/wp\/v2\/posts\/16449","targetHints":{"allow":["GET"]}}],"collection":[{"href":"https:\/\/tunisnews.net\/ar\/wp-json\/wp\/v2\/posts"}],"about":[{"href":"https:\/\/tunisnews.net\/ar\/wp-json\/wp\/v2\/types\/post"}],"author":[{"embeddable":true,"href":"https:\/\/tunisnews.net\/ar\/wp-json\/wp\/v2\/users\/1"}],"replies":[{"embeddable":true,"href":"https:\/\/tunisnews.net\/ar\/wp-json\/wp\/v2\/comments?post=16449"}],"version-history":[{"count":0,"href":"https:\/\/tunisnews.net\/ar\/wp-json\/wp\/v2\/posts\/16449\/revisions"}],"wp:featuredmedia":[{"embeddable":true,"href":"https:\/\/tunisnews.net\/ar\/wp-json\/wp\/v2\/media\/22040"}],"wp:attachment":[{"href":"https:\/\/tunisnews.net\/ar\/wp-json\/wp\/v2\/media?parent=16449"}],"wp:term":[{"taxonomy":"category","embeddable":true,"href":"https:\/\/tunisnews.net\/ar\/wp-json\/wp\/v2\/categories?post=16449"},{"taxonomy":"post_tag","embeddable":true,"href":"https:\/\/tunisnews.net\/ar\/wp-json\/wp\/v2\/tags?post=16449"}],"curies":[{"name":"wp","href":"https:\/\/api.w.org\/{rel}","templated":true}]}}