{"id":16412,"date":"2011-03-11T00:00:00","date_gmt":"2011-03-11T00:00:00","guid":{"rendered":"https:\/\/tunisnews.net\/11-mars-2011\/"},"modified":"2011-03-11T00:00:00","modified_gmt":"2011-03-11T00:00:00","slug":"11-mars-2011","status":"publish","type":"post","link":"https:\/\/tunisnews.net\/ar\/11-mars-2011\/","title":{"rendered":"11 mars 2011"},"content":{"rendered":"<p><html><head><meta content=\"text\/html\" description=\"TUNIS (AP) \u2014 Deux personnes sont mortes et 20 autres ont \u00e9t\u00e9 \n\t\t\tbless\u00e9es vendredi lors de violences qui ont \u00e9clat\u00e9 dans la ville de \n\t\t\tMetlaoui, une ville du bassin minier de Gafsa, dans le centre-ouest \n\t\t\ttunisien, a annonc\u00e9 l'agence officielle TAP.\" http-equiv=\"Content-Type\"\/><\/head><body><body><\/p>\n<div>\n<div align=\"center\" dir=\"ltr\"><font face=\"Bookman Old Style\" size=\"7\"><strong>TUNISNEWS <\/strong><\/font><\/div>\n<div align=\"center\" dir=\"ltr\"><strong><font>10 \u00e8me ann\u00e9e,\u00a0 N\u00b03944 du 11.03.2011<\/font><\/strong><\/div>\n<div align=\"center\" dir=\"ltr\"><font><strong>archives : <\/strong><\/font><a target=\"_blank\" rel=\"noopener\"><font><strong>www.tunisnews.net<\/strong><\/font><\/a><span lang=\"FR\"><strong>\u00a0<\/strong><\/span><\/div>\n<p><span lang=\"FR\"><\/p>\n<div align=\"center\" dir=\"ltr\">\n<hr\/>\n<\/div>\n<p><\/span><\/p>\n<div>\n<p><font face=\"Arial\"><span lang=\"FR\"><font><font size=\"3\"><font face=\"Arial\"><\/p>\n<div align=\"left\">\n<h2 style=\"color: red;\"><font size=\"2\"><strong>AP: Tunisie: deux morts et 20 bless\u00e9s dans les troubles \u00e0 Metlaoui (centre-ouest)<\/strong><\/font><\/h2>\n<\/div>\n<div align=\"left\"><font size=\"2\"><strong>AFP: Tunisie: 2 morts et plus de 20 bless\u00e9s dans des heurts dans le sud<\/strong><\/font><\/div>\n<p><\/font><\/p>\n<div align=\"left\">\n<h2 style=\"color: red;\"><font face=\"Arial\" size=\"2\"><strong>AFP: UE: les migrants tunisiens soumis \u00e0 un \u00ab\u00a0arbitraire total\u00a0\u00bb (ONG)<\/strong><\/font><\/h2>\n<\/div>\n<div align=\"left\"><font size=\"2\"><strong><font>AP: <font face=\"Arial\">Des blogueurs tunisiens re\u00e7oivent un prix de Reporters sans fronti\u00e8res<\/font><\/font><\/strong><\/font><\/div>\n<div align=\"left\">\n<h2 style=\"color: red;\"><font size=\"2\"><strong>AFP:\u00a0\u00ab\u00a0Conseils\u00a0\u00bb \u00e0 Ben Ali: d\u00e9mission du pr\u00e9sident de l&rsquo;institut des cultures d&rsquo;Islam<\/strong><\/font><\/h2>\n<\/div>\n<p><\/font><\/p>\n<div align=\"justify\">\n<hr\/>\n<\/div>\n<div align=\"justify\"><font size=\"3\"><strong><font face=\"Arial\">REVUE DE PRESSE<\/font><\/strong><\/font><strong><\/p>\n<hr\/>\n<p><\/strong><\/div>\n<p><\/font><\/span><\/font><\/p>\n<\/div>\n<div>\u00a0<\/div>\n<div>\n<div align=\"center\"><font face=\"Arial\" size=\"2\"><strong><\/p>\n<h2 style=\"color: red;\"><font size=\"3\">Tunisie: deux morts et 20 bless\u00e9s dans les troubles \u00e0 Metlaoui (centre-ouest)<\/font><\/h2>\n<p><\/strong><\/font><\/div>\n<div align=\"justify\">\n<hr\/>\n<p> AP 11\/03\/11 20:01 TUNIS (AP) \u2014 Deux personnes sont mortes et 20 autres ont \u00e9t\u00e9 bless\u00e9es vendredi lors de violences qui ont \u00e9clat\u00e9 dans la ville de Metlaoui, une ville du bassin minier de Gafsa, dans le centre-ouest tunisien, a annonc\u00e9 l&rsquo;agence officielle TAP. Selon l&rsquo;agence de presse tunisienne, ces troubles auraient \u00e9t\u00e9 provoqu\u00e9s par la diffusion d&rsquo;un \u00ab\u00a0faux communiqu\u00e9\u00a0\u00bb faisant \u00e9tat de recrutements d&rsquo;agents sur une base tribale (arouchs) dans les mines de Metlaoui par la Compagnie de Phosphates de Gafsa (CPG), principal employeur de la r\u00e9gion. Malgr\u00e9 les d\u00e9mentis apport\u00e9s par les autorit\u00e9s et \u00ab\u00a0l&rsquo;assurance que les recrutements n&rsquo;auront lieu que dans le cadre de la loi\u00a0\u00bb, plus d&rsquo;un millier de personnes sont descendues dans la rue pour manifester leur col\u00e8re. L&rsquo;agence signale des \u00ab\u00a0actes de violence, des jets de pierre et de cocktails Molotov et des tirs avec des fusils de chasse\u00a0\u00bb perp\u00e9tr\u00e9s par les protestataires. Citant un communiqu\u00e9 du minist\u00e8re de l&rsquo;Int\u00e9rieur, elle fait \u00e9tat de deux morts, une jeune fille et un jeune gar\u00e7on, tu\u00e9s par tirs de fusils de chasse et d&rsquo;une vingtaine de bless\u00e9s. Par ailleurs, un officier de l&rsquo;arm\u00e9e nationale a \u00e9t\u00e9 bless\u00e9 par balle par les tirs d&rsquo;un fusil de chasse, ajoute la TAP, selon laquelle les manifestants ont tent\u00e9 de mettre le feu \u00e0 un camion militaire par jet d&rsquo;un cocktail Molotov. Les \u00ab\u00a0auteurs de ces actes de violence\u00a0\u00bb ont \u00e9t\u00e9 dispers\u00e9s par les agents de l&rsquo;ordre et l&rsquo;arm\u00e9e nationale qui ont eu recours aux gaz lacrymog\u00e8nes, poursuit le communiqu\u00e9 qui note qu&rsquo;une enqu\u00eate a \u00e9t\u00e9 ouverte \u00ab\u00a0pour \u00e9lucider les circonstances de ces incidents et arr\u00eater les \u00e9l\u00e9ments impliqu\u00e9s dans ces actes criminels\u00a0\u00bb. AP<\/p><\/div>\n<\/div>\n<div>\n<hr\/>\n<\/div>\n<div>\n<div align=\"justify\">\n<div align=\"center\"><strong><\/p>\n<h2 style=\"color: red;\"><font size=\"3\">Tunisie: 2 morts et plus de 20 bless\u00e9s dans des heurts dans le sud<\/font><\/h2>\n<p><\/strong><\/div>\n<div align=\"center\">\n<hr\/>\n<\/div>\n<p>(AFP) \u2013 <span>11\/03\/11 18:35 \u00a0<\/span><\/p>\n<p>TUNIS \u2014 Deux personnes ont \u00e9t\u00e9 tu\u00e9es et plus de 20 ont \u00e9t\u00e9 bless\u00e9es vendredi dans des affrontements entre des habitants \u00e0 Metlaoui (sud de la Tunisie), \u00e0 la suite de la publication de fausses offres d&#8217;emploi dans le bassin minier de la r\u00e9gion, a annonc\u00e9 le minist\u00e8re de l&rsquo;Int\u00e9rieur. \u00ab\u00a0Deux jeunes personnes, dont une fille, ont \u00e9t\u00e9 tu\u00e9es par des tirs de fusils de chasse et plus de 20 autres ont \u00e9t\u00e9 bless\u00e9es\u00a0\u00bb, a d\u00e9clar\u00e9 \u00e0 l&rsquo;AFP une source du minist\u00e8re de l&rsquo;Int\u00e9rieur. Un soldat a \u00e9t\u00e9 bless\u00e9 au bras par des tirs de fusil de chasse dans ces affrontements, qui ont d\u00e9marr\u00e9 jeudi et qui se poursuivaient \u00e9pisodiquement vendredi \u00e0 Metlaoui, selon la m\u00eame source. Ces affrontements ont \u00e9clat\u00e9 \u00e0 la suite de l&rsquo;affichage d&rsquo;une fausse offre d&#8217;emplois \u00e0 la Compagnie des phosphates de Gafsa (CPG), proposant des quotas sur une base tribale. Cet affichage a \u00e9t\u00e9 d\u00e9menti par les autorit\u00e9s, qui ont assur\u00e9 la population que les recrutements \u00e0 la CPG se feront conform\u00e9ment aux r\u00e8glements en vigueur et non sur une base tribale. \u00a0<\/p>\n<p align=\"justify\">Mais des troubles se sont poursuivis: plus d&rsquo;un millier de personnes se sont affront\u00e9es dans la matin\u00e9e \u00e0 coup de pierres, de cocktails Molotov et de couteaux, certains usant de fusils de chasse, selon la m\u00eame source.<\/p>\n<p align=\"justify\">Un v\u00e9hicule militaire a \u00e9t\u00e9 la cible d&rsquo;une attaque au cocktail Molotov, a-t-on ajout\u00e9. Les forces de l&rsquo;ordre et la garde nationale, soutenues par des unit\u00e9s de l&rsquo;arm\u00e9e, ont d\u00fb faire usage de gaz lacrymog\u00e8ne pour disperser les personnes engag\u00e9es dans \u00ab\u00a0les troubles et les actes de violence\u00a0\u00bb, a indiqu\u00e9 la m\u00eame source, faisant \u00e9tat d'\u00a0\u00bbarrestations\u00a0\u00bb sans pr\u00e9ciser leur nombre.<\/p>\n<p>Dans un communiqu\u00e9, le minist\u00e8re de l&rsquo;Int\u00e9rieur a appel\u00e9 la population de Metlaoui au calme, mena\u00e7ant de poursuites judiciaires les fauteurs de troubles. En 2008, le bassin minier de Gafsa avait \u00e9t\u00e9 secou\u00e9 par une longue gr\u00e8ve, s\u00e9v\u00e8rement r\u00e9prim\u00e9e par le r\u00e9gime de Zine El Abidine Ben Ali, qui tenait alors le pays d&rsquo;une main de fer. Les ouvriers du bassin minier s&rsquo;\u00e9taient r\u00e9volt\u00e9s contre des suppressions massives d&#8217;emplois \u00e0 la CPG. La Compagnie \u00e9tait pass\u00e9e en quelques mois de quelque 15.000 postes \u00e0 5.000 dans le cadre d&rsquo;un plan de restructuration et de modernisation. \u00a0<\/p><\/div>\n<\/div>\n<div>\u00a0<\/div>\n<div>\n<hr\/>\n<\/div>\n<div>\n<div align=\"center\">\n<h2 style=\"color: red;\"><font face=\"Arial\" size=\"3\"><strong>UE: les migrants tunisiens soumis \u00e0 un \u00ab\u00a0arbitraire total\u00a0\u00bb (ONG)<\/strong><\/font><\/h2>\n<\/div>\n<p><font face=\"Arial\" size=\"2\"><\/p>\n<div align=\"justify\">\n<hr\/>\n<p> \u00a0\u00a0\u00a0 \u00a0\u00a0 PARIS, 11 mars 2011 (AFP) &#8211; Plusieurs ONG de d\u00e9fense des droits de l&rsquo;Homme ont d\u00e9nonc\u00e9 vendredi \u00e0 Paris \u00ab\u00a0l&rsquo;arbitraire total\u00a0\u00bb auquel sont soumis les migrants clandestins tunisiens apr\u00e8s leur arriv\u00e9e en Italie et \u00ab\u00a0l&rsquo;instrumentalisation politique de la question de l&rsquo;immigration\u00a0\u00bb en France. \u00a0\u00a0 Ces ONG, dont la Ligue fran\u00e7aise des droits de l&rsquo;Homme (LDH), le R\u00e9seau euro-m\u00e9diterran\u00e9en des droits de l&rsquo;Homme (REMDH) et Migreurop, qui ont men\u00e9 fin f\u00e9vrier une enqu\u00eate en Italie et en Tunisie, exigent le respect des droits des clandestins tunisiens, dont plus de 7.000 sont arriv\u00e9s en Europe depuis la chute de Ben Ali le 14 janvier. \u00a0\u00a0 \u00ab\u00a0Les migrants tunisiens sont soumis \u00e0 un arbitraire total en Italie: apr\u00e8s leur arriv\u00e9e sur l&rsquo;\u00eele de Lampedusa, ils sont transf\u00e9r\u00e9s sur le continent.  Certains sont sont plac\u00e9s dans des centres d&rsquo;accueil, d&rsquo;autres dans des centres de r\u00e9tention en vue d&rsquo;une expulsion\u00a0\u00bb, a d\u00e9clar\u00e9 Sarah Prestani, du r\u00e9seau Migreurop, au cours d&rsquo;une conf\u00e9rence de presse. \u00a0\u00a0 \u00ab\u00a0Certains sont libres de leurs mouvements, d&rsquo;autres sont enferm\u00e9s; certains sont consid\u00e9r\u00e9s comme des demandeurs d&rsquo;asile, d&rsquo;autres non. On ignore sur quels crit\u00e8res. Et quand on demande aux autorit\u00e9s italiennes combien de Tunisiens sont encore sur leur sol et dans quelle situation, nous n&rsquo;avons pas de r\u00e9ponse\u00a0\u00bb, a-t-elle poursuivi. \u00a0\u00a0 En outre, les autorit\u00e9s italiennes envisagent \u00ab\u00a0de regrouper tous les demandeurs d&rsquo;asile dans un nouveau centre pr\u00e8s de Catane, en Sicile\u00a0\u00bb, o\u00f9 ils seront \u00ab\u00a0isol\u00e9s\u00a0\u00bb et \u00ab\u00a0priv\u00e9s de toute possibilit\u00e9 de s&rsquo;int\u00e9grer\u00a0\u00bb. \u00a0\u00a0 Les ONG d\u00e9noncent aussi \u00ab\u00a0l&rsquo;instrumentalisation politique\u00a0\u00bb de cette situation et le \u00ab\u00a0discours alarmiste des autorit\u00e9s europ\u00e9ennes, fran\u00e7aise et italienne en particulier, qui continuent \u00e0 ne voir dans ce qui se passe en M\u00e9diterran\u00e9e qu&rsquo;un danger migratoire\u00a0\u00bb, a d\u00e9plor\u00e9 Michel Tubiana de la LDH. \u00a0\u00a0 \u00ab\u00a0Pour l&rsquo;instant, il n&rsquo;y a eu aucune expulsion de Tunisiens, ni de France ni d&rsquo;Italie. Nous assistons \u00e0 des discours officiels hypocrites et mensongers sur les risques d&rsquo;une invasion de clandestins dont la seule cons\u00e9quence est une atteinte aux droits des migrants\u00a0\u00bb, a d\u00e9clar\u00e9 Omeyya Seddik, du REMDH.<\/p><\/div>\n<p><\/font><\/div>\n<div>\n<hr\/>\n<\/div>\n<div>\n<div align=\"center\"><font face=\"Arial\" size=\"2\"><strong><\/p>\n<h2 style=\"color: red;\"><font size=\"3\">Des blogueurs tunisiens re\u00e7oivent un prix de Reporters sans fronti\u00e8res<\/font><\/h2>\n<p><\/strong><\/font><\/div>\n<div align=\"justify\">\n<hr\/>\n<p> De The Associated Press (CP) \u201311\/03\/11 22:18 PARIS \u2014 Reporters sans fronti\u00e8res a remis vendredi son prix annuel de libert\u00e9 d&rsquo;expression sur Internet \u00e0 un blogue collectif ind\u00e9pendant tunisien \u2014 mettant en relief le r\u00f4le jou\u00e9 par les r\u00e9seaux sociaux dans les soul\u00e8vements populaires dans le monde arabe cette ann\u00e9e. Le blogue tunisien Nawaat.org est le laur\u00e9at du prix Net-Citoyen, remis avec la collaboration de Google. Le prix est offert avec une bourse de 3450 $. Nawaat.org a jou\u00e9 un r\u00f4le important pour rassembler les protestataires antigouvernementaux en Tunisie, contre la r\u00e9pression des dissidents et le contr\u00f4le des m\u00e9dias exerc\u00e9 par le r\u00e9gime de Zine El Abidine Ben Ali. Le site, un blogue collectif cr\u00e9\u00e9 en 2004 pour permettre aux Tunisiens de partager leurs tracas quotidiens, a mis en ligne des images d&rsquo;actions polici\u00e8res violentes durant les manifestations de d\u00e9cembre contre le ch\u00f4mage et la corruption. Les manifestations avaient \u00e9t\u00e9 ignor\u00e9es par les m\u00e9dias nationaux. Les protestataires ont partag\u00e9 les images sur Facebook et d&rsquo;autres sites, et incit\u00e9 \u00e0 d&rsquo;autres actions contre le r\u00e9gime de Ben Ali. Le pr\u00e9sident s&rsquo;est envol\u00e9 pour l&rsquo;Arabie saoudite le 14 janvier et le soul\u00e8vement pour plus de libert\u00e9s en Tunisie a entra\u00een\u00e9 des manifestations populaires semblables dans le Moyen-Orient et en Afrique du Nord. Jean-Fran\u00e7ois Julliard, secr\u00e9taire g\u00e9n\u00e9ral de Reporters sans fronti\u00e8res, a toutefois soulign\u00e9 que la libert\u00e9 d&rsquo;expression sur Internet reste fragile, avec pr\u00e8s de 119 internautes actuellement emprisonn\u00e9s pour avoir exprim\u00e9 leur opinion en ligne, principalement en Chine, en Iran et au Vietnam.<\/p><\/div>\n<\/div>\n<p><font face=\"Arial\" size=\"2\"><\/p>\n<div>\n<hr\/>\n<\/div>\n<div>\n<div align=\"center\"><strong><\/p>\n<h2 style=\"color: red;\"><font size=\"3\">\u00a0\u00ab\u00a0Conseils\u00a0\u00bb \u00e0 Ben Ali: d\u00e9mission du pr\u00e9sident de l&rsquo;institut des cultures d&rsquo;Islam \u00a0<\/p>\n<hr\/>\n<p> \u00a0<\/font><\/h2>\n<p><\/strong><\/div>\n<div align=\"center\">\u00a0<\/div>\n<div align=\"justify\">PARIS, 11 mars 2011 (AFP) -11\/03\/2011 21:08  Hakim El Karoui, nomm\u00e9 en mai 2010 pr\u00e9sident de l&rsquo;Institut des cultures d&rsquo;islam (ICI) \u00e0 Paris par Bertrand Delano\u00eb, a d\u00e9missionn\u00e9 de cette fonction, vis\u00e9 par une pol\u00e9mique pour avoir \u00e9crit des fiches techniques de \u00ab\u00a0sortie de crise\u00a0\u00bb mi-janvier \u00e0 l&rsquo;ex-pr\u00e9sident tunisien Ben Ali. Dans un communiqu\u00e9, le maire PS a \u00ab\u00a0pris acte de la d\u00e9cision annonc\u00e9e ce jour par Hakim El Karoui de ne plus exercer la pr\u00e9sidence du Conseil d&rsquo;administration de l&rsquo;Institut des Cultures d&rsquo;Islam bien que la grande majorit\u00e9 des membres du Conseil d&rsquo;administration de l&rsquo;ICI lui ait renouvel\u00e9 aujourd&rsquo;hui sa confiance . Selon M. Delano\u00eb, \u00ab\u00a0ce choix s&rsquo;explique par son souci de ne pas laisser les attaques qui l&rsquo;ont r\u00e9cemment vis\u00e9 porter atteinte \u00e0 la s\u00e9r\u00e9nit\u00e9 indispensable \u00e0 la conduite de ce projet\u00a0\u00bb. \u00ab\u00a0Les pol\u00e9miques lanc\u00e9es contre Hakim El Karoui sont infond\u00e9es et scandaleuses. Je lui renouvelle toute mon estime, ma confiance et mon amiti\u00e9\u00a0\u00bb. Selon Ian Brossat, pr\u00e9sident du groupe PCF\/PG au Conseil de Paris et Danielle Fournier, pr\u00e9sidente du groupe EELV du Conseil de Paris, tous deux membres du CA de l&rsquo;ICI, M. El Karoui a annonc\u00e9 sa d\u00e9mission apr\u00e8s un vote du CA lui \u00e9tant pourtant favorable. \u00ab\u00a0Il ne pouvait pas continuer \u00e0 l&rsquo;ICI, c&rsquo;\u00e9tait intenable, ses notes \u00e0 Ben Ali l&rsquo;ont d\u00e9cr\u00e9dibilis\u00e9\u00a0\u00bb, a dit \u00e0 l&rsquo;AFP Ian Brossat, qui demandait sa d\u00e9mission avec Danielle Fournier et des associations. Le Conseil d&rsquo;administration de l&rsquo;ICI s&rsquo;est r\u00e9uni vendredi soir o\u00f9 un vote a d\u00e9cid\u00e9 son maintien en place (7 voix pour dont celle du maire PS du XVIIIe Daniel Vaillant) et seulement 3 voix ont demand\u00e9 sa d\u00e9mission. Hakim El Karoui a quand m\u00eame d\u00e9cid\u00e9 de d\u00e9missionner apr\u00e8s les critiques dont il a fait l&rsquo;objet, ont soulign\u00e9 des membres du CA. Dans une lettre au CA il s&rsquo;\u00e9tait d\u00e9fendu d&rsquo;avoir \u00e9t\u00e9 le \u00ab\u00a0conseiller\u00a0\u00bb de Ben Ali et dit \u00ab\u00a0souhaiter de tout coeur que la r\u00e9volution tunisienne r\u00e9ussisse\u00a0\u00bb. Il avait \u00e9crit deux lettres, l&rsquo;une dat\u00e9e du 12 janvier, la seconde du 14, jour de la fuite de Ben Ali, intitul\u00e9es \u00ab\u00a0\u00e0 l&rsquo;attention de son Excellence le Pr\u00e9sident Ben Ali\u00a0\u00bb et \u00e9voquant \u00ab\u00a0un sc\u00e9nario de sortie de crise\u00a0\u00bb et lui donnant des conseils dans la gestion de la crise tunisienne.<\/div>\n<div align=\"justify\">\n<hr\/>\n<\/div>\n<div align=\"justify\">\n<div align=\"center\"><strong><font size=\"3\">Rencontre-D\u00e9bat <\/font><\/p>\n<h2 style=\"color: red;\"><font>La r\u00e9volution en cours et les d\u00e9fis du changement d\u00e9mocratique en Tunisie<\/font><\/h2>\n<p><\/strong><\/div>\n<div>\n<hr\/>\n<p> Samedi 12 mars 2011 \u00e0 19h21 ter, rue Voltaire 75011 ParisM\u00e9tro rue des boulets, ligne 9  Maitre Anouar Kousri vice pr\u00e9sident de la ligue tunisienne pour la d\u00e9fense des droits de l&rsquo;Homme (LTDH) est de passage \u00e0 Paris, \u00e0 cette occasion le front du 14 janvier &#8211; Paris vous invite \u00e0 une rencontre d\u00e9bat avec lui sur la r\u00e9volution en cours et les d\u00e9fis du changement d\u00e9mocratique en Tunisie. \u00a0 Front du 14 janvier \u2013 ParisParis, le 9 mars 2011<\/p><\/div>\n<\/div>\n<\/div>\n<p><\/font><\/p>\n<div>\n<hr\/>\n<\/div>\n<div><font face=\"Arial\" size=\"2\"><\/p>\n<div align=\"center\">\n<p><font face=\"Arial\"><strong>Compte-rendu du d\u00e9bat sur le \u00ab miracle \u00bb \u00e9conomique tunisien organis\u00e9 par le collectif Dauphine Tunisie<\/strong> <\/font><\/p>\n<p><font face=\"Arial\" size=\"2\">Le 11 mars 2011 \u00e0 13:55:07 CET <\/font><\/div>\n<div align=\"center\"><font><\/p>\n<hr\/>\n<p> <font><a href=\"http:\/\/www.collectif-tunisie.dauphine.fr\/index.php?id=7983\" target=\"_blank\" rel=\"noopener\">Le collectif Dauphine Tunisie<\/a><font face=\"Arial\"><font size=\"2\"> a organis\u00e9 une conf\u00e9rence-d\u00e9bat sur le th\u00e8me <em>Envers et avenir du &lsquo;miracle&rsquo; \u00e9conomique tunisien<\/em>, le 10 mars 2011, avec Sophie Bessis, Moncef Cheikhrouhou, Mohieddine Cherbib et Mouhoub El Mouhoud. La grande qualit\u00e9 des intervenants a donn\u00e9 un \u00e9clairage particuli\u00e8rement int\u00e9ressant sur le mod\u00e8le \u00e9conomique pass\u00e9 et actuel de la Tunisie, ainsi que sur les choix qui s&rsquo;imposeront pour son d\u00e9veloppement futur.<\/font><\/font><\/font><\/font><\/div>\n<p><\/font><\/p>\n<p><strong>Mythe ou r\u00e9alit\u00e9 du \u201cmiracle \u00e9conomique\u201c\u00a0\u00a0\u00a0\u00a0\u00a0\u00a0\u00a0\u00a0\u00a0\u00a0\u00a0\u00a0\u00a0 <\/strong><\/p>\n<p>Sophie Bessis a ouvert la conf\u00e9rence-d\u00e9bat en affirmant que le \u201cmiracle \u00e9conomique\u201c en Tunisie \u00e9tait une formule sacr\u00e9e, v\u00e9ritable mantra du r\u00e9gime de Ben Ali. \u00a0Une formule relay\u00e9e et martel\u00e9e par l&rsquo;Agence Tunisienne de Communication Ext\u00e9rieure, dont Moncef Cheikhrouhou a fustig\u00e9 le r\u00f4le redoutable qu&rsquo;elle a pu jouer pour vanter la r\u00e9ussite de l&rsquo;ancien r\u00e9gime \u00e0 l&rsquo;\u00e9tranger. Car en r\u00e9alit\u00e9 l&rsquo;\u00e9conomie tunisienne n&rsquo;est ni un miracle, ni un cauchemar car son \u00e9tat est pr\u00e9cis\u00e9ment contrast\u00e9, a expliqu\u00e9 Sophie Bessis, avant de d\u00e9crire tr\u00e8s clairement la construction du mod\u00e8le \u00e9conomique du pays. D\u00e9pourvue de ressources mini\u00e8res importantes, la Tunisie ne pouvait \u00eatre une \u00e9conomie de rente, mais une \u00e9conomie productrice. Ainsi, apr\u00e8s la bri\u00e8vet\u00e9 de l&rsquo;exp\u00e9rience collectiviste rejet\u00e9e par la population et du mod\u00e8le de l&rsquo;importation-substitution des ann\u00e9es 1960, la Tunisie est pass\u00e9e au mod\u00e8le du Sud-Est asiatique tourn\u00e9 vers l&rsquo;exportation, au d\u00e9but des ann\u00e9es 1970. C&rsquo;est un mod\u00e8le qui a march\u00e9 car avec les transferts sociaux (de l&rsquo;ordre de 19% du PNB), il a r\u00e9ussi \u00e0 sortir de l&rsquo;extr\u00eame pauvret\u00e9 une part tr\u00e8s importante de la population. N\u00e9anmoins, ce mod\u00e8le n&rsquo;a pas r\u00e9ussi a \u00e9voluer au milieu des ann\u00e9es 1990, en se cantonnant \u00e0 l&rsquo;industrie de sous-traitance de basse et moyenne gamme et un tourisme massif privil\u00e9giant les touristes \u00e0 faible pouvoir d&rsquo;achat.<\/p>\n<p><strong>Faiblesses de l&rsquo;\u00e9conomie tunisienne<\/strong><\/p>\n<p>Il a \u00e9t\u00e9 relev\u00e9 que le mod\u00e8le \u00e9conomie tunisien n&rsquo;\u00e9tait pas en mesure d&rsquo;absorber les milliers de dipl\u00f4m\u00e9s sortant du syst\u00e8me \u00e9ducatif et entrant sur le march\u00e9 du travail. Ceci a cr\u00e9e un climat d&rsquo;ins\u00e9curit\u00e9 sociale et une accentuation des clivages sociaux et r\u00e9gionaux. C&rsquo;est ce qu&rsquo;a confirm\u00e9 Mohieddine Cherbib par une analyse de la situation \u00e9conomique r\u00e9cente par le prisme de la r\u00e9volte du bassin minier de Gafsa. Une r\u00e9volte peu m\u00e9diatis\u00e9e, \u00e9touff\u00e9e mais qui a permis la d\u00e9couverte de la pauvret\u00e9 depuis 2008, selon Sophie Bessis. Autre handicap, celui de l&rsquo;abaissement r\u00e9cent de la note souveraine de la Tunisie par les agences de Moody&rsquo;s et Fitch, dont Moncef Cheikhrouhou a expliqu\u00e9 le surco\u00fbt insens\u00e9 que le pays va devoir d\u00e9sormais payer pour lever des fonds aupr\u00e8s des march\u00e9s financiers. Alors que la Tunisie a toujours fait preuve d&rsquo;une grande rigueur dans la gestion de sa dette, l&rsquo;absurdit\u00e9 et le panurgisme des agences de notations soulign\u00e9s par l&rsquo;\u00e9conomiste, ont \u00e9t\u00e9 r\u00e9v\u00e9lateur d&rsquo;un comportement jug\u00e9 irresponsable vis-\u00e0-vis d&rsquo;un pays qui doit \u00eatre soutenu. Pour Mouhoub El Mouhoud, on ne peut changer ces comportements mais il est possible d&rsquo;utiliser des outils pour contrer l&rsquo;abaissement de la note par des pr\u00eats bonifi\u00e9s ou une restructuration de la dette, par exemple.<\/p>\n<p><strong>Potentiel et avenir de l&rsquo;\u00e9conomie tunisienne <\/strong><\/p>\n<p>Malgr\u00e9 la pr\u00e9carisation de la soci\u00e9t\u00e9, la Tunisie dispose de bons fondamentaux a affirm\u00e9 Sophie Bessis, au premier lieu desquels une population relativement \u00e9duqu\u00e9e. Certes, le ch\u00f4mage des jeunes dipl\u00f4m\u00e9s est une plaie pour la Tunisie et il faudrait selon Moncef Cheikhrouhou, un taux de croissance de 7% pour que l&rsquo;\u00e9conomie puisse absorber l&rsquo;ensemble des ch\u00f4meurs. Mais comme, il n&rsquo;a pas manqu\u00e9 de rappeler, la mauvaise gouvernance co\u00fbte 2 \u00e0 3% de PIB par an, avec une croissance ces derni\u00e8res ann\u00e9es de plus de 3,5%. C&rsquo;est donc possible, mais des choix de changement de mod\u00e8les \u00e9conomique s&rsquo;imposent. Le d\u00e9veloppement des infrastructures comme un pr\u00e9-requis pour le d\u00e9veloppement des \u00ab\u00a0r\u00e9gions de l&rsquo;int\u00e9rieur\u00a0\u00bb est une priorit\u00e9 capitale et admise pas tous, mais il ne doit pas \u00eatre ind\u00e9pendant d&rsquo;une politique \u00e9conomique pr\u00e9cise. Point soulign\u00e9 par les quatre intervenants, la Tunisie devrait sortir de la grande d\u00e9pendance \u00e9conomique avec l&rsquo;Union Europ\u00e9enne, avec laquelle elle r\u00e9alise 80% de ses \u00e9changes. Aussi, comme l&rsquo;ont pr\u00e9cis\u00e9 Moncef Cheikhrouhou et Mouhoub El Mouhoud, la Tunisie doit s&rsquo;ouvrir fortement vers l&rsquo;Est et favoriser un d\u00e9veloppement r\u00e9gional, pour se cr\u00e9er une croissance significative et sortir de la d\u00e9pendance avec les pays de la rive Nord de la M\u00e9diterran\u00e9e. Des suggestions globales pour le court et moyen terme ont \u00e9t\u00e9 formul\u00e9es par Moncef Cheikhrouhou, qui s&rsquo;est refus\u00e9 toutefois \u00e0 donner des pr\u00e9cisions d&rsquo;un programme \u00e9lectoral en cours d&rsquo;\u00e9laboration (vraisemblablement pour les \u00e9lections de 24 juillet prochain).\u00a0\u00a0\u00a0\u00a0\u00a0\u00a0\u00a0\u00a0\u00a0\u00a0\u00a0\u00a0\u00a0\u00a0\u00a0\u00a0\u00a0\u00a0\u00a0\u00a0\u00a0\u00a0\u00a0\u00a0\u00a0\u00a0\u00a0\u00a0\u00a0\u00a0\u00a0\u00a0\u00a0\u00a0\u00a0\u00a0\u00a0\u00a0\u00a0\u00a0\u00a0\u00a0\u00a0\u00a0\u00a0\u00a0\u00a0\u00a0\u00a0\u00a0\u00a0\u00a0\u00a0\u00a0\u00a0\u00a0\u00a0\u00a0\u00a0\u00a0\u00a0\u00a0\u00a0<\/p>\n<p><font face=\"Arial\" size=\"2\"><strong>Slim Dali pour El Mouwaten<\/strong><\/font> <font face=\"Arial\" size=\"2\"><strong>(Source: \u00ab\u00a0El Mouaten\u00a0\u00bb le 10 mars 2011)<\/strong><\/font><\/p>\n<div><font face=\"Arial\" size=\"2\"><strong>Lien: <\/strong><\/font><a href=\"http:\/\/www.elmouwaten.com\/modules.php?name=News&amp;file=article&amp;sid=70\" target=\"_blank\" rel=\"noopener\"><font face=\"Arial\" size=\"2\"><strong>http:\/\/www.elmouwaten.com\/modules.php?name=News&amp;file=article&amp;sid=70<\/strong><\/font><\/a><\/div>\n<\/div>\n<div>\u00a0<\/div>\n<div>\n<hr\/>\n<\/div>\n<p align=\"center\"><b><span lang=\"FR\">Abdallah Kallel, arr\u00eat\u00e9<\/span><\/b><\/p>\n<p align=\"center\"><b><span lang=\"FR\">Que justice soit faite <\/span><\/b><\/p>\n<hr\/>\n<p>\u00a0<\/p>\n<p><span lang=\"FR\">Abdallah Kallal, \u00a0ex-pr\u00e9sident \u00a0 de la chambre des conseillers \u00a0du r\u00e9gime du pr\u00e9sident d\u00e9chu, ancien ministre de l\u2019int\u00e9rieur, ex-tr\u00e9sorier du RCD qui vient \u00eatre dissout par le tribunal de Tunis, \u00a0vient d\u2019\u00eatre arr\u00eat\u00e9, apprend-on de source inform\u00e9e.\u00a0<\/span><\/p>\n<p><span lang=\"FR\">L\u2019arrestation de Abdallah Kallal qui fut \u00e9galement membre du bureau politique de ce m\u00eame parti qui vient d\u2019\u00eatre d\u00e9mantel\u00e9, a eu lieu jeudi 10 f\u00e9vrier vers 17 heure, lorsqu\u2019une brigade des forces int\u00e9rieures a encercl\u00e9 son domicile \u00e0 Carthage \u00a0et proc\u00e9d\u00e9 \u00e0 son arrestation apr\u00e8s une p\u00e9riode de r\u00e9sidence surveill\u00e9e.<\/span><\/p>\n<p><span lang=\"FR\">Son arrestation vient s\u2019ajouter \u00e0 celle de Rafik Belhaj Kacem, ex-ministre de l\u2019int\u00e9rieur du r\u00e9gime dictatorial du pr\u00e9sident d\u00e9chu, \u00a0Zine El Abidine Ben Ali, ayant \u00e9t\u00e9 d\u00e9j\u00e0 inculp\u00e9 d\u2019homicide volontaire. <\/span><\/p>\n<p><span lang=\"FR\">Source\u00a0: \u00ab\u00a0Tunivisions\u00a0\u00bb Le 11-03-2011<\/span><\/p>\n<div>\n<p><span lang=\"FR\">Lien\u00a0:<a href=\"http:\/\/www.tunivisions.net\/abdallah-kallel-arrete,11639.html\" target=\"_blank\" rel=\"noopener\">http:\/\/www.tunivisions.net\/abdallah-kallel-arrete,11639.html<\/a><\/span><\/p>\n<\/div>\n<h3 align=\"center\" style=\"color: blue;\"><span lang=\"FR\">Astrubal : \u00ab La r\u00e9volution en Tunisie aurait eu lieu sans Internet\u00a0\u00bb<\/span><\/h3>\n<hr\/>\n<p><strong><span lang=\"FR\">Le blog tunisien Nawaat.org re\u00e7oit le prix du Net citoyen, remis par Reporters sans fronti\u00e8res. Interview de Riadh Guerfali, alias Astrubal, l&rsquo;un de ses fondateurs.<\/span><\/strong><\/p>\n<p><span lang=\"FR\">R<\/span><span lang=\"NO-BOK\"><a href=\"http:\/\/fr.rsf.org\/\" target=\"_blank\" rel=\"noopener\"><span lang=\"FR\">eporters sans fronti\u00e8res<\/span><\/a><\/span><span lang=\"FR\"> (RSF) vient d&rsquo;attribuer le prix du <\/span><span lang=\"NO-BOK\"><a href=\"http:\/\/12mars.rsf.org\/fr\/\" target=\"_blank\" rel=\"noopener\"><span lang=\"FR\">Net citoyen 2011<\/span><\/a><\/span><span lang=\"FR\"> au blog Nawaat.org. A l&rsquo;occasion de son passage \u00e0 Paris, celui qui est connu sur la Toile tunisienne sous le pseudonyme d&rsquo;Astrubal l\u00e8ve le voile sur son identit\u00e9. Riadh Guerfali, qui est enseignant \u00e0 l&rsquo;universit\u00e9 dans sa vie non num\u00e9rique, revient sur la censure orchestr\u00e9e sous le gouvernement de Ben Ali. Il relativise aussi le r\u00f4le d&rsquo;Internet dans la r\u00e9volution tunisienne, sur lequel les m\u00e9dias occidentaux avaient beaucoup insist\u00e9.<\/span><\/p>\n<p><strong><span lang=\"FR\">01net. : D&rsquo;o\u00f9 est venue l\u2019id\u00e9e de Nawaat.org\u00a0?<\/span><\/strong><span lang=\"FR\"> <strong><span>Riadh Guerfali (alias Astrubal) :<\/span><\/strong> <\/span><span lang=\"NO-BOK\"><a href=\"http:\/\/nawaat.org\/portail\/\" target=\"_blank\" rel=\"noopener\"><span lang=\"FR\">Nawaat<\/span><\/a><\/span><span lang=\"FR\"> ( le \u00ab\u00a0noyau\u00a0\u00bb) est n\u00e9 de la n\u00e9cessit\u00e9 de cr\u00e9er un site o\u00f9 les Tunisiens puissent s\u2019exprimer librement, en toute ind\u00e9pendance. Nous voulions cr\u00e9er un blog 100\u00a0% tunisien qui soit en mesure de relayer une parole libre dans un contexte o\u00f9 l&rsquo;expression \u00e9tait verrouill\u00e9e par Ben Ali, y compris sur Internet. C\u2019est d&rsquo;ailleurs la raison pour laquelle Nawaat a \u00e9t\u00e9 censur\u00e9 d\u00e8s le premier jour de sa mise en ligne.<\/span><\/p>\n<p><strong><span lang=\"FR\">Cela signifie-t-il que les Tunisiens du pays, \u00e0 l\u2019inverse de ceux de la diaspora, n\u2019avaient pas acc\u00e8s au site<\/span><\/strong><span lang=\"FR\">\u00a0<strong><span>?<\/span><\/strong> Nawaat a \u00e9t\u00e9 bloqu\u00e9 d\u00e8s sa cr\u00e9ation en 2004. A cette \u00e9poque, la censure existait d\u00e9j\u00e0, mais un petit nombre de Tunisiens savaient comment la contourner \u00e0 travers des proxies ou des VPN <em><span>[<\/span><\/em>virtual private networks<em><span>, NDLR]<\/span><\/em>. Le site \u00e9tait alors confidentiel. Puis nous avons travaill\u00e9 \u00e0 la diffusion d&rsquo;outils et de conseils pour qu\u2019un plus grand nombre de personnes puissent acc\u00e9der \u00e0 un Internet libre <em><span>[et donc \u00e0 Nawaat.org, NDLR]<\/span><\/em>. L&rsquo;audience de Nawaat a \u00e9t\u00e9 plus importante.<\/span><\/p>\n<p><b><span lang=\"FR\">Comment\u00a0 s&rsquo;exer\u00e7ait la censure sur le web<\/span><\/b><span lang=\"FR\">\u00a0<b>?<\/b> Elle \u00e9tait insupportable. Vous n&rsquo;aviez pas acc\u00e8s librement aux informations. Des sites qui n\u2019avaient rien de subversif, qui ne traitaient pas de politique, \u00e9taient touch\u00e9s par la censure. Je me rappelle un site Internet du barreau de Paris auquel je n&rsquo;avais pas acc\u00e8s. 01net. m\u00eame aurait pu \u00eatre censur\u00e9 si la police d\u2019Internet l\u2019avait d\u00e9cid\u00e9. Mais rien n\u2019\u00e9tait fait officiellement. Vous lanciez une requ\u00eate, elle \u00e9tait intercept\u00e9e, et l\u2019on vous renvoyait une erreur\u00a0404 comme si elle provenait des serveurs du site auquel vous cherchiez \u00e0 vous connecter. C&rsquo;est ni plus ni moins que de l&rsquo;usurpation d\u2019identit\u00e9.  Passer par des VPN et des proxies n\u2019\u00e9tait pas sans probl\u00e8me. En raison de l\u2019affluence, la vitesse de connexion \u00e9tait tr\u00e8s diminu\u00e9e, et il \u00e9tait tr\u00e8s souvent impossible de lire une vid\u00e9o.<\/span><\/p>\n<p><b><span lang=\"FR\">Et comment s&rsquo;exer\u00e7ait la censure sur les blogueurs<\/span><\/b><span lang=\"FR\">\u00a0<b>? <\/b>Les blogueurs subissaient des pressions, du harc\u00e8lement, des arrestations. Zouhair Yahyaoui, \u00e9conomiste et cr\u00e9ateur du site <\/span><span lang=\"NO-BOK\"><a href=\"http:\/\/www.tunezine.com\/\" target=\"_blank\" rel=\"noopener\"><span lang=\"FR\">TuneZine<\/span><\/a><\/span><span lang=\"FR\">, a \u00e9t\u00e9 le premier prisonnier d\u2019Internet. Il a \u00e9t\u00e9 arr\u00eat\u00e9 en 2002, a fait presque un an et demi de prison. Il est mort quelques mois apr\u00e8s sa lib\u00e9ration. C\u2019est \u00e0 sa m\u00e9moire que nous d\u00e9dions le prix que Nawaat re\u00e7oit de Reporters sans fronti\u00e8res. Quant \u00e0 moi, je m\u2019attendais \u00e0 ce que la police d&rsquo;Internet arrive \u00e0 m\u2019identifier et vienne me chercher. Ce qui \u00e9tait rassurant, c\u2019est que rien ne pouvait m\u2019arriver sans que des ONG, RSF, mes amis, d\u2019autres blogueurs le sachent. Face au silence des gouvernements occidentaux, heureusement que la soci\u00e9t\u00e9 civile \u00e9tait l\u00e0.<\/span><\/p>\n<p><b><span lang=\"FR\">C\u2019est pour une question de s\u00e9curit\u00e9 que vous avez fait le choix d&rsquo;animer un blog sous un pseudo\u00a0?  <\/span><\/b><span lang=\"FR\">Quand j\u2019ai commenc\u00e9, j\u2019\u00e9tais en France. Je voulais surtout s\u00e9parer mon activit\u00e9 professionnelle <i>[d&rsquo;enseignant universitaire, NDLR]<\/i> de mon activit\u00e9 militante. Science et militantisme ne font pas bon m\u00e9nage. Je n\u2019avais pas envie non plus qu\u2019un de mes \u00e9tudiants m\u2019interpelle sur mes \u00e9crits. Maintenant que je vais mettre de c\u00f4t\u00e9 ma vie d&rsquo;enseignant, je peux d\u00e9voiler mon identit\u00e9. Est-ce que l&rsquo;anonymat m&rsquo;a servi du point de vue de ma s\u00e9curit\u00e9\u00a0? Oui, s\u00fbrement. Mais ce n\u2019\u00e9tait pas l\u2019objectif premier.<\/span><\/p>\n<p><span lang=\"FR\">Les m\u00e9dias occidentaux ont expliqu\u00e9 que la r\u00e9volution avait \u00e9t\u00e9 possible gr\u00e2ce \u00e0 Internet. N\u2019est-ce pas une vision un peu simpliste\u00a0? Si la question est : le r\u00e9gime de Ben Ali serait-il tomb\u00e9 sans Internet\u00a0? La r\u00e9ponse est oui, mais s\u00fbrement pas le 14\u00a0janvier dernier. Les choses auraient pris plus de temps. La circulation de l\u2019information sur les r\u00e9seaux sociaux a permis aux Tunisiens de se donner rendez-vous dans la rue. La r\u00e9volution d\u2019Internet, ce n\u2019est pas une r\u00e9volution Facebook ni une r\u00e9volution Twitter. C\u2019est la r\u00e9volution d\u2019un nouvel outil, d\u2019un nouveau canal de circulation de l\u2019information.<\/span><\/p>\n<p><b><span lang=\"FR\">Le droit d&rsquo;auteur, pr\u00e9texte \u00e0 la censure ?<\/span><\/b><\/p>\n<p><span lang=\"FR\">Depuis le 14 janvier, les Tunisiens ont-ils un acc\u00e8s libre \u00e0 Internet\u00a0? Aujourd\u2019hui oui. Mais ce ne fut pas le cas dans les deux premi\u00e8res semaines qui ont suivi la fuite de Ben Ali. Les tensions \u00e9taient nombreuses. Malgr\u00e9 l\u2019annonce de la lev\u00e9e de la censure, plusieurs sites \u00e9taient bloqu\u00e9s au pr\u00e9texte qu\u2019un Internet libre \u00e9tait dangereux pour nos enfants, qu&rsquo;il fallait les prot\u00e9ger de la cyberpornographie. Il est inacceptable qu\u2019un quelconque fonctionnaire puisse de fa\u00e7on clandestine d\u00e9cider si je peux acc\u00e9der ou non \u00e0 un document qui traite de sociologie des m\u0153urs ou de gyn\u00e9cologie, par exemple. Il n\u2019appartient \u00e0 aucune administration de bloquer quoi que ce soit. Cela est du ressort des tribunaux.<\/span><\/p>\n<p><span lang=\"FR\">Vos propos ont un retentissement particulier en France, alors que le <\/span><span lang=\"NO-BOK\"><a href=\"http:\/\/www.01net.com\/editorial\/529966\/loppsi-2-la-france-entre-dans-lere-du-filtrage-administratif-du-web\/\" target=\"_blank\" title=\"Lire sur 01net. : la France entre dans l&#039;\u00e8re du filtrage administratif du Web\" rel=\"noopener\"><span lang=\"FR\">filtrage administratif du Web<\/span><\/a><\/span><span lang=\"FR\"> vient d&rsquo;\u00eatre valid\u00e9 par le Conseil constitutionnel\u2026 Rien n\u2019est d\u00e9finitivement acquis. Nous devons \u00eatre vigilants sur la libert\u00e9 d\u2019Internet en Tunisie, et vous devez l\u2019\u00eatre en France. Sous pr\u00e9texte de prot\u00e9ger le droit d\u2019auteur, il se passe de sacr\u00e9es choses\u00a0: coupures d\u2019acc\u00e8s, fin de l\u2019anonymat des contributeurs. L\u2019information doit circuler librement. La culture doit \u00eatre partag\u00e9e. Je ne suis pas en train de dire qu\u2019il ne faut pas prot\u00e9ger le droit d\u2019auteur\u00a0; il faut r\u00e9mun\u00e9rer les auteurs. Mais il est inacceptable de porter atteinte \u00e0 la libert\u00e9 de circulation et d\u2019acc\u00e8s \u00e0 l\u2019information pour prot\u00e9ger les int\u00e9r\u00eats financiers de quelques puissants.<\/span><\/p>\n<p><span lang=\"FR\">Source\u00a0: \u00ab\u00a001net\u00a0\u00bb Le 11-03-2011<\/span><\/p>\n<div>\n<p><span lang=\"FR\">Lien\u00a0:<a href=\"http:\/\/www.01net.com\/editorial\/529946\/astrubal-la-revolution-en-tunisie-aurait-eu-lieu-sans-internet\/\" target=\"_blank\" rel=\"noopener\"><font>http:\/\/www.01net.com\/editorial\/529946\/astrubal-la-revolution-en-tunisie-aurait-eu-lieu-sans-internet\/<\/font><\/a><\/span><\/p>\n<\/div>\n<p align=\"center\"><b><span lang=\"FR\">Hakim El Karoui, cible de la r\u00e9volution tunisienne \u00e0 Paris <\/span><\/b><\/p>\n<hr\/>\n<p>\u00a0<\/p>\n<p><span lang=\"FR\">L&rsquo;ex-plume de <a href=\"http:\/\/www.rue89.com\/tag\/raffarin\" target=\"_blank\" rel=\"noopener\"><b><span>Raffarin<\/span><\/b><\/a>, soutien de <a href=\"http:\/\/www.rue89.com\/tag\/royal\" target=\"_blank\" rel=\"noopener\"><b><span>S\u00e9gol\u00e8ne Royal<\/span><\/b><\/a> en 2007, cr\u00e9ateur du<a href=\"http:\/\/fr.wikipedia.org\/wiki\/Club_XXIe_si\u00e8cle\" target=\"_blank\" rel=\"noopener\"><b><span>Club XXIe si\u00e8cle<\/span><\/b><\/a>, intello inspir\u00e9, banquier chez Rothschild et \u00ab\u00a0r\u00e9seauteur\u00a0\u00bb de haut vol, est au c\u0153ur d&rsquo;une r\u00e9plique parisienne de la<a href=\"http:\/\/www.rue89.com\/tag\/tunisie\" target=\"_blank\" rel=\"noopener\"><b><span>r\u00e9volution tunisienne<\/span><\/b><\/a>\u00a0: on lui reproche des conseils adress\u00e9s \u00e0 Ben Ali.<\/span><\/p>\n<p><span lang=\"FR\">Ce vendredi, Hakim El Karoui aurait d\u00fb \u00eatre \u00e0 Marrakech, pour le forum des Young Mediterranean Leaders, un club de \u00ab\u00a0d\u00e9cideurs\u00a0\u00bb qu&rsquo;il a fond\u00e9. Mais la r\u00e9union a \u00e9t\u00e9 annul\u00e9e. Motif invoqu\u00e9\u00a0: \u00ab\u00a0l&rsquo;instabilit\u00e9\u00a0\u00bb qui r\u00e8gne dans la r\u00e9gion. Surtout, Hakim El Karoui a quelques probl\u00e8mes \u00e0 r\u00e9gler.<\/span><\/p>\n<p><span lang=\"FR\">Une p\u00e9tition r\u00e9clame sa d\u00e9mission de la pr\u00e9sidence de<a href=\"http:\/\/www.paris.fr\/ici\/institut-des-cultures-d-islam\/presentation\/p8712\" target=\"_blank\" rel=\"noopener\"><b><span>l&rsquo;Institut des cultures d&rsquo;islam<\/span><\/b><\/a> (ICI), \u00e9tablissement culturel de la ville de Paris qui doit aussi, \u00e0 terme, accueillir des lieux de culte dans le XVIIIe arrondissement. <\/span><\/p>\n<h3 style=\"color: blue;\"><span lang=\"FR\">\u00ab\u00a0El Karoui d\u00e9gage\u00a0!\u00a0\u00bb<\/span><\/h3>\n<p><span lang=\"FR\">Du coup, Hakim El Karoui a convoqu\u00e9 ce vendredi soir un \u00ab\u00a0conseil d&rsquo;administration extraordinaire\u00a0\u00bb. L&rsquo;intitul\u00e9 de l&rsquo;ordre du jour (\u00ab\u00a0point g\u00e9n\u00e9ral de situation sur l&rsquo;avancement du projet ICI\u00a0\u00bb) ne trompe personne\u00a0: il va devoir s&rsquo;expliquer. <\/span><\/p>\n<p><span lang=\"FR\">Peut-\u00eatre entendra-t-il les \u00ab\u00a0El Karoui d\u00e9gage\u00a0!\u00a0\u00bb des manifestants qui ont pr\u00e9vu de se rassembler au m\u00eame moment \u00e0 la Goutte-d&rsquo;Or \u00e0 l&rsquo;appel de plusieurs organisations tunisiennes (l&rsquo;Union pour la Tunisie, le<a href=\"http:\/\/www.facebook.com\/pages\/FLPT-Front-de-Lib\u00e9ration-Populaire-de-la-Tunisie\/180942368603909\" target=\"_blank\" rel=\"noopener\"><b><span>Front de Lib\u00e9ration Populaire de la Tunisie<\/span><\/b><\/a>, le<a href=\"http:\/\/fr-fr.facebook.com\/people\/Mouvement-Des-Jeunes-Tunisiens\/100001999237917\" target=\"_blank\" rel=\"noopener\"><b><span>Mouvement des Jeunes Tunisiens<\/span><\/b><\/a>). Pour elles\u00a0: <\/span><\/p>\n<p><span lang=\"FR\">\u00ab\u00a0Les victoires successives du peuple tunisien contre le r\u00e9gime de<a href=\"http:\/\/www.rue89.com\/tag\/ben-ali\" target=\"_blank\" rel=\"noopener\"><b><span>Ben Ali<\/span><\/b><\/a> doivent s&rsquo;accompagner de changements en France. Les artisans et les b\u00e9n\u00e9ficiaires de la relation privil\u00e9gi\u00e9e entre la France et ce r\u00e9gime criminel et corrompu doivent assumer les cons\u00e9quences de leurs actes. [\u2026] La r\u00e9volution tunisienne se poursuit.\u00a0\u00bb<\/span><\/p>\n<h3 style=\"color: blue;\"><span lang=\"FR\">Des conseils adress\u00e9s \u00e0 Ben Ali<\/span><\/h3>\n<p><span lang=\"FR\">Que reprochent-elles \u00e0 Hakim El Karoui\u00a0? Deux notes adress\u00e9es au \u00ab\u00a0P\u00e8re de la nation\u00a0\u00bb, \u00ab\u00a0Son Excellence\u00a0\u00bb Ben Ali \u00ab\u00a0en pleine r\u00e9pression du soul\u00e8vement d\u00e9mocratique en Tunisie\u00a0\u00bb \u2013 que<a href=\"http:\/\/www.mediapart.fr\/journal\/international\/070211\/lex-plume-de-raffarin-conseille-ben-ali-jusquau-bout\" target=\"_blank\" rel=\"noopener\"><b><span>Mediapart<\/span><\/b><\/a> a rendues publiques. <\/span><\/p>\n<p><span lang=\"FR\">La premi\u00e8re, dat\u00e9e du 12 janvier, proposait \u00e0 Ben Ali de \u00ab\u00a0sanctionner les responsables qui ont mal fait leur travail\u00a0\u00bb et d&rsquo;envoyer \u00ab\u00a0un message de compassion aux familles des victimes\u00a0\u00bb. Deux jours plus tard, le banquier prodiguait de nouveaux conseils de sortie de crise. A quelques heures de la fuite de Ben Ali.<\/span><\/p>\n<p><span lang=\"FR\">Hakim El Karoui n&rsquo;a pas l&rsquo;intention de d\u00e9missionner. A des amis, il a confi\u00e9 qu&rsquo;il \u00e9tait \u00ab\u00a0s\u00fbr et certain\u00a0\u00bb du \u00ab\u00a0soutien total\u00a0\u00bb de<a href=\"http:\/\/www.rue89.com\/tag\/delanoe\" target=\"_blank\" rel=\"noopener\"><b><span>Bertrand Delano\u00eb<\/span><\/b><\/a>. Selon un administrateur de l&rsquo;ICI\u00a0: <\/span><\/p>\n<p><span lang=\"FR\">\u00ab\u00a0Il sait que son profil n&rsquo;est pas si r\u00e9pandu pour qu&rsquo;on puisse se passer de lui\u00a0: une personnalit\u00e9 ind\u00e9pendante du PS et du microcosme de l&rsquo;h\u00f4tel de Ville, qui conna\u00eet bien le monde musulman et les milieux \u00e9conomiques, capable d&rsquo;organiser des lev\u00e9es de fonds pour financer les futurs lieux de culte.\u00a0\u00bb<\/span><\/p>\n<h3 style=\"color: blue;\"><span lang=\"FR\">\u00ab\u00a0Volont\u00e9 de s&rsquo;expliquer sans d\u00e9tours\u00a0\u00bb<\/span><\/h3>\n<p><span lang=\"FR\">A Rue89, Hakim El Karoui assure \u00eatre habit\u00e9 par \u00ab\u00a0la volont\u00e9 de [s]&rsquo;expliquer simplement et sans d\u00e9tours en dehors de jeux politiques qui [le] d\u00e9passent\u00a0\u00bb.<\/span><\/p>\n<p><span lang=\"FR\">Il a commenc\u00e9 \u00e0 le faire, jeudi 3 mars, dans une lettre adress\u00e9e aux membres du conseil d&rsquo;administration de l&rsquo;ICI. <\/span><\/p>\n<p><span lang=\"FR\"><a href=\"http:\/\/asset.rue89.com\/files\/Lettre_au_Conseil_dadministration_de_lICI_3_mars_2011_b.pdf\" target=\"_blank\" rel=\"noopener\"><b><span>Dans ce courrier<\/span><\/b><\/a>, que Rue89 s&rsquo;est procur\u00e9, il raconte que Marwan Mabrouk, un des gendres de Ben Ali, lui a demand\u00e9 des id\u00e9es pour \u00ab\u00a0faire baisser la violence et d&rsquo;organiser une transition pacifique vers la d\u00e9\u201amocratie\u00a0\u00bb. Il \u00e9crit\u00a0:<\/span><\/p>\n<p><span lang=\"FR\">\u00ab\u00a0Dans l&rsquo;extr\u00ea\u20acme urgence de la situation, j&rsquo;ai eu le tort de r\u00e9\u201adiger ces notes et de les signer comme si je m\u201cadressais non pas \u00e0\u0192 lui mais \u00e0\u0192 Ben Ali. Et parce qu&rsquo;elles ne correspondaient pas \u00e0\u0192 ce qu&rsquo;entendait habituellement Ben Ali, j&rsquo;ai utilis\u00e9\u201a des formules rh\u00e9\u201atoriques qui peuvent appara\u00ee\u2020tre, hors contexte, choquantes.\u201d<\/span><\/p>\n<p><span lang=\"FR\">Ses arguments ont-ils port\u00e9\u00a0? R\u00e9ponse ce vendredi soir. <\/span><\/p>\n<p><span lang=\"FR\">Source\u00a0: \u00ab\u00a0rue89\u00a0\u00bb Le 11-03-2011<\/span><\/p>\n<div>\n<p><span lang=\"FR\">Lien\u00a0:<a href=\"http:\/\/www.rue89.com\/2011\/03\/11\/hakim-el-karoui-cible-de-la-revolution-tunisienne-a-paris-194451\" target=\"_blank\" rel=\"noopener\">http:\/\/www.rue89.com\/2011\/03\/11\/hakim-el-karoui-cible-de-la-revolution-tunisienne-a-paris-194451<\/a><\/span><\/p>\n<\/div>\n<p align=\"center\"><b><span lang=\"NO-BOK\"><a href=\"http:\/\/www.kapitalis.com\/fokus\/62-national\/3024-tunisie-abdelwaheb-el-hani-presente-le-parti-al-majd.html\" target=\"_blank\" rel=\"noopener\"><span lang=\"FR\">Tunisie. Abdelwaheb El Hani pr\u00e9sente le parti Al Majd<\/span><\/a> <\/span><\/b><\/p>\n<hr\/>\n<p>\u00a0<\/p>\n<p><span lang=\"FR\">Selon son fondateur, Abdelwaheb El Hani, le parti Al Majd (La Gloire) va pr\u00e9senter, prochainement, un programme comprenant un ensemble de propositions sur les prochaines \u00e9ch\u00e9ances politiques et le contenu du Code \u00e9lectoral. <\/span><\/p>\n<p><span lang=\"FR\">Au cours d\u2019une conf\u00e9rence de presse tenue jeudi \u00e0 Tunis, M. El Hani a indiqu\u00e9 que l\u2019augmentation du nombre des partis ayant d\u00e9pos\u00e9 des demandes pour l\u2019obtention d\u2019une autorisation l\u00e9gale refl\u00e8te la dynamique politique en Tunisie.\u00a0 Il a soulign\u00e9 que cette situation est naturelle et qu\u2019elle est le r\u00e9sultat de la \u00abdomination du parti unique durant plus de deux d\u00e9cennies\u00bb, ajoutant que le r\u00f4le effectif des partis est de garantir une transition d\u00e9mocratique saine et mettant l\u2019accent sur la n\u00e9cessit\u00e9 pour les partis de coller aux pr\u00e9occupations des citoyens et d\u2019\u00eatre fid\u00e8les \u00e0 la m\u00e9moire des martyrs de la Tunisie. <\/span><\/p>\n<p><b><span lang=\"FR\">Des ententes \u00e9lectorales en vues? <\/span><\/b><span lang=\"FR\">M. El Hani a affirm\u00e9, par ailleurs, qu\u2019il n\u2019\u00e9carte pas la possibilit\u00e9 d\u2019une entente entre son parti et d\u2019autres formations partageant les m\u00eames orientations et principes qu\u2019Al Majd. Il a fait remarquer, \u00e0 ce propos, que son parti va pr\u00e9senter, dans les prochains jours, un programme comprenant un ensemble de propositions sur les prochaines \u00e9ch\u00e9ances politiques et le contenu du Code \u00e9lectoral. Sur un autre plan, M. El Heni a indiqu\u00e9 qu\u2019il est du droit de chaque citoyen, capable d\u2019assumer des responsabilit\u00e9s politiques et nationales, de se pr\u00e9senter \u00e0 l\u2019\u00e9lection pr\u00e9sidentielle. Il a, dans ce contexte, \u00e9voqu\u00e9 le r\u00f4le des m\u00e9dias dans l\u2019information sur les orientations des partis et le suivi de leurs activit\u00e9s. Le fondateur du parti Al Majd qui s\u2019est choisi pour slogans \u00abCitoyennet\u00e9, R\u00e9publique, D\u00e9mocratie\u00bb avait d\u00e9pos\u00e9, mercredi, une demande pour l\u2019obtention d\u2019une autorisation l\u00e9gale du minist\u00e8re de l\u2019Int\u00e9rieur. Selon son statut, ce parti politique est centriste, d\u2019ob\u00e9dience maghr\u00e9bine, arabe et islamique, ouvert sur ses dimensions africaine et m\u00e9diterran\u00e9enne. Il vise, principalement, la cons\u00e9cration des principes de la civilisation islamique, la diffusion des valeurs humaines et la dynamisation de la politique \u00e9trang\u00e8re de la Tunisie, au service des int\u00e9r\u00eats sup\u00e9rieurs du pays et des justes causes arabes et humanitaires. Il voudrait, en outre, \u0153uvrer pour la protection du droit \u00e0 la diff\u00e9rence et de l\u2019alternance pacifique au pouvoir, la promotion de la d\u00e9mocratie r\u00e9gionale, la cons\u00e9cration de la d\u00e9centralisation administrative et le d\u00e9veloppement des m\u00e9canismes de contr\u00f4le des finances publiques.<\/span><\/p>\n<p><span lang=\"FR\">Source\u00a0: \u00ab\u00a0Kapitalis\u00a0\u00bb Le 11-03-2011<\/span><\/p>\n<div>\n<p><span lang=\"FR\">Lien\u00a0:<a href=\"http:\/\/www.kapitalis.com\/fokus\/62-national\/3024-tunisie-abdelwaheb-el-hani-presente-le-parti-al-majd.html\" target=\"_blank\" rel=\"noopener\">http:\/\/www.kapitalis.com\/fokus\/62-national\/3024-tunisie-abdelwaheb-el-hani-presente-le-parti-al-majd.html<\/a><\/span><\/p>\n<\/div>\n<p align=\"center\"><font size=\"2\">\u00a0\u00a0\u00a0\u00a0\u00a0\u00a0\u00a0\u00a0\u00a0\u00a0\u00a0\u00a0\u00a0\u00a0\u00a0\u00a0\u00a0\u00a0\u00a0\u00a0\u00a0\u00a0\u00a0\u00a0\u00a0\u00a0\u00a0\u00a0\u00a0\u00a0\u00a0\u00a0\u00a0\u00a0\u00a0\u00a0\u00a0\u00a0\u00a0\u00a0\u00a0\u00a0\u00a0\u00a0\u00a0\u00a0\u00a0\u00a0\u00a0\u00a0\u00a0\u00a0\u00a0\u00a0\u00a0\u00a0\u00a0\u00a0\u00a0\u00a0\u00a0\u00a0\u00a0\u00a0\u00a0\u00a0\u00a0\u00a0\u00a0\u00a0\u00a0\u00a0\u00a0\u00a0\u00a0\u00a0\u00a0\u00a0\u00a0\u00a0\u00a0\u00a0\u00a0\u00a0\u00a0\u00a0\u00a0\u00a0\u00a0\u00a0\u00a0\u00a0\u00a0\u00a0\u00a0\u00a0\u00a0\u00a0\u00a0\u00a0\u00a0\u00a0\u00a0\u00a0\u00a0\u00a0\u00a0\u00a0\u00a0\u00a0\u00a0\u00a0\u00a0\u00a0\u00a0\u00a0\u00a0\u00a0\u00a0\u00a0\u00a0\u00a0\u00a0<\/font><a href=\"http:\/\/www.kapitalis.com\/fokus\/62-national\/2987-lhomme-qui-veut-faire-de-la-tunisie-la-lsuisse-du-monde-araber.html\" target=\"_blank\" rel=\"noopener\"><span lang=\"FR\"><strong>L\u2019homme qui veut faire de la Tunisie la \u00abSuisse du monde arabe\u00bb<\/strong><\/span><\/a><strong> <\/strong><\/p>\n<hr\/>\n<p>\u00a0<\/p>\n<p><span lang=\"FR\">\u00abJe suis le seul \u00e0 pouvoir sauver durablement la Tunisie du chaos gr\u00e2ce \u00e0 mon programme social, politique et \u00e9conomique. Je pourrais prot\u00e9ger la d\u00e9mocratie et la libert\u00e9 \u00e0 long terme\u00bb.<\/span><\/p>\n<p><span lang=\"FR\">Qui parle ainsi? N\u00e9jib Chebbi? Hamma Hammami? Rached Ghannouchi? Non, c\u2019est Samy Charrad. Qui c\u2019est? Vous connaissez? Est-ce l\u2019un de ces jeunes r\u00e9volutionnaires qui ont fait leurs armes \u00e0 Sidi Bouzid, \u00e0 la Kasbah ou \u00e0 la Couple d\u2019El Menzah?  Non, rien de tout cela. Il s\u2019agit d\u2019un financier travaillant \u00e0 Futures Research Technology &amp; Management SA \u00e0 Gen\u00e8ve, en Suisse. Domicili\u00e9 \u00e0 Besan\u00e7on, ce dernier a des attaches dans le village de Saulnot, en Haute-Sa\u00f4ne, en France, d\u2019o\u00f9 est originaire sa m\u00e8re.<\/span><\/p>\n<p><strong><span lang=\"FR\">Le retour au pays <\/span><\/strong><b><span lang=\"FR\"> <\/span><\/b><span lang=\"FR\">Samy Charrad, qui vise la pr\u00e9sidence de la Tunisie (pas moins !), garde des liens tr\u00e8s forts avec le pays de son p\u00e8re, un m\u00e9decin proche de Bourguiba et officier de la L\u00e9gion d\u2019honneur fran\u00e7aise. N\u00e9 le 9 juin 1963 \u00e0 Tunis, d\u2019une m\u00e8re infirmi\u00e8re fran\u00e7aise, Samy est musulman de confession et il veut faire de la Tunisie la \u00abSuisse du monde arabe\u00bb. Ses liens avec son pays natal se sont renforc\u00e9s au lendemain de la r\u00e9volution tunisienne, que le Bisontin (c\u2019est ainsi qu\u2019on appelle les habitants de Besan\u00e7on) a suivi, avec son \u00e9pouse et ses deux enfants de 11 et 13 an, \u00aben direct mais de loin gr\u00e2ce \u00e0 la t\u00e9l\u00e9vision, internet, Face book et le t\u00e9l\u00e9phone\u00bb, note le journal r\u00e9gional <\/span><span lang=\"NO-BOK\"><a href=\"http:\/\/www.lepays.fr\/actualite\/2011\/03\/07\/le-bisontin-samy-charrad-a-la-presidentielle-tunisienne-a-portee-de-main\" target=\"_blank\" rel=\"noopener\"><span lang=\"FR\">\u2018\u2018Le Pays\u2019\u2019<\/span><\/a><\/span><span lang=\"FR\">, qui lui a consacr\u00e9 un portrait.  Dipl\u00f4m\u00e9 en informatique et finance de l\u2019Universit\u00e9 Paris-Dauphine (1986) et de Hec-Paris (1986), Samy Charrad s\u2019est r\u00e9concili\u00e9 avec son pays apr\u00e8s la chute de l\u2019ex-dictateur, le 14 janvier dernier. Il affiche aujourd\u2019hui ses ambitions politiques. Il s\u2019appr\u00eate \u00e0 retourner dans son pays, le 20 mars plus pr\u00e9cis\u00e9ment \u2013 f\u00eate de l\u2019Ind\u00e9pendance \u2013, pour y cr\u00e9er le Nouveau parti national tunisien (Npnt), une formation \u00abnationaliste, lib\u00e9rale et la\u00efque\u00bb, \u00e0 la t\u00eate de laquelle il souhaite se pr\u00e9senter \u00e0 l\u2019\u00e9lection de l\u2019assembl\u00e9e constituante et, pourquoi pas, \u00e0 la prochaine pr\u00e9sidentielle.<\/span><\/p>\n<p><strong><span lang=\"FR\">En attendant l\u2019amendement de l\u2019article 40 <\/span><\/strong><b><span lang=\"FR\"> <\/span><\/b><span lang=\"FR\">Pour cela, il faudra que l\u2019article 40 de la constitution tunisienne soit tunisienne soit amend\u00e9. Car il impose aux candidats d\u2019\u00eatre de m\u00e8re et de p\u00e8re tunisiens, or la m\u00e8re de Samy Charrad est fran\u00e7aise. La Haute commission pour la r\u00e9alisation des objectifs de la r\u00e9volution, la r\u00e9forme politique et la transition d\u00e9mocratique est donc pr\u00e9venue : elle ne doit pas fermer la porte de la candidature \u00e0 Samy Charrad qui envisage selon \u2018\u2018Le Pays\u2019\u2019, le programme du Npnt est constitu\u00e9 de 17 points relatifs notamment, et dans le d\u00e9sordre, au d\u00e9veloppement de la d\u00e9mocratie et des libert\u00e9s individuelles, \u00e0 la convertibilit\u00e9 totale du dinar tunisien et au d\u00e9veloppement \u00e9conomique gr\u00e2ce aux march\u00e9s financiers et \u00e0 l\u2019extraction des r\u00e9serves p\u00e9troli\u00e8res du golfe de Gab\u00e8s pour financer la construction d\u2019une centrale nucl\u00e9aire<\/span><\/p>\n<p><span lang=\"FR\">Source\u00a0: \u00ab\u00a0Kapitalis\u00a0\u00bb Le 09-03-2011<\/span><\/p>\n<div>\n<p><span lang=\"FR\">Lien\u00a0:<a href=\"http:\/\/www.kapitalis.com\/fokus\/62-national\/2987-lhomme-qui-veut-faire-de-la-tunisie-la-lsuisse-du-monde-araber.html\" target=\"_blank\" rel=\"noopener\">http:\/\/www.kapitalis.com\/fokus\/62-national\/2987-lhomme-qui-veut-faire-de-la-tunisie-la-lsuisse-du-monde-araber.html<\/a><\/span><\/p>\n<\/div>\n<p align=\"center\"><b><span lang=\"FR\">Amor Shabou de retour sur la sc\u00e8ne politique et m\u00e9diatique tunisienne <\/span><\/b><\/p>\n<hr\/>\n<p>\u00a0<\/p>\n<p><span lang=\"FR\">Suite aux \u00e9v\u00e9nements du 14 janvier,\u00a0 le journaliste\u00a0 et militant tunisien Amor Shabou exil\u00e9\u00a0 <\/span><\/p>\n<p><span lang=\"FR\">pendant dix ans en France\u00a0 a enfin pu rentrer au pays. Condamn\u00e9 en 1991 \u00e0 douze mois de prison\u00a0 pour avoir rencontr\u00e9 des dirigeants de l&rsquo;opposition en exil, le fondateur de la revue hebdomadaire\u00a0 \u00ab le Maghreb \u00bb\u00a0 compte cr\u00e9er un nouveau parti politique. <\/span><\/p>\n<p><span lang=\"FR\">Amor Shabou \u00e9tait l\u2019invit\u00e9 de Boubaker, il est revenu sur les raisons de sa condamnation, sur son combat pendant des ann\u00e9es contre le r\u00e9gime de Ben Ali et sur ses nombreux projets en Tunisie\u00a0 dont notamment le lancement du quotidien \u00ab\u00a0Le Maghreb\u00a0\u00bb. Il a aussi expliqu\u00e9 l\u2019id\u00e9ologie de son futur parti politique qu\u2019il veut r\u00e9formiste et d\u00e9mocratique\u00a0 et cela\u00a0 en s\u2019inspirant des\u00a0 id\u00e9es des r\u00e9formateurs comme Bourguiba<\/span><\/p>\n<p><span lang=\"FR\">Source\u00a0: Mosaiquefm\u00a0\u00bb le 11-03-2011<\/span><\/p>\n<div>\n<p><span lang=\"FR\">Lien\u00a0:<a href=\"http:\/\/www.mosaiquefm.net\/index\/a\/ActuDetail\/Element\/13561-Amor-Shabou-de-retour-sur-la-sc\u00e8ne-politique-et-m\u00e9diatique-tunisienne.html\" target=\"_blank\" rel=\"noopener\">http:\/\/www.mosaiquefm.net\/index\/a\/ActuDetail\/Element\/13561-Amor-Shabou-de-retour-sur-la-sc%C3%A8ne-politique-et-m%C3%A9diatique-tunisienne.html<\/a><\/span><\/p>\n<\/div>\n<p align=\"center\"><b><span lang=\"FR\">\u00ab\u00a0Nous r\u00e9clamons la r\u00e9cup\u00e9ration des entreprises privatis\u00e9es sous Ben Ali\u00a0\u00bb<\/span><\/b><\/p>\n<hr\/>\n<p>\u00a0<\/p>\n<p><span lang=\"FR\">Mouldi Jendoubi, secr\u00e9taire g\u00e9n\u00e9ral adjoint de l&rsquo;Union g\u00e9n\u00e9rale tunisienne du travail d\u00e9voile la position de l&rsquo;UGTT \u00e0 l&rsquo;\u00e9gard du nouveau gouvernement de transition, et r\u00e9clame la r\u00e9cup\u00e9ration des entreprises c\u00e9d\u00e9es au secteur priv\u00e9 sous le r\u00e8gne du pr\u00e9sident d\u00e9chu Ben Ali. <\/span><\/p>\n<p><strong><span lang=\"FR\">Econostrum.info:\u00a0 \u00ab\u00a0Nous voulons cr\u00e9er un climat de confiance avec B\u00e9ji Ca\u00efd Essbsi\u00a0\u00bb, d\u00e9clare Abdesslam Jrad, secr\u00e9taire g\u00e9n\u00e9ral de l&rsquo;UGTT, \u00a0dans une interview accord\u00e9e au quotidien Tunisien Al Sabah? Est-ce aussi la position de tous les membres de l&rsquo;UGTT?<\/span><\/strong><span lang=\"FR\">  En fait, la nomination de B\u00e9ji Caid Essebsi \u00e0 la t\u00eate du gouvernement transitoire est un signal fort et la preuve que les choses \u00e9voluent dans le bon sens. Une lumi\u00e8re faite d&rsquo;espoirs\u00a0en des lendemains meilleurs qui riment avec les aspirations des Tunisiens, d\u00e9sireux d&rsquo;ancrer les bases d&rsquo;un r\u00e9gime d\u00e9mocratique et pluraliste dans notre pays.  Nous soutenons tous l&rsquo;id\u00e9e d&rsquo;un gouvernement transitoire qui r\u00e9pond aux revendications du peuple et prot\u00e8ge en m\u00eame temps les acquis de cette r\u00e9volution populaire. L &lsquo;UGTT a accord\u00e9 sa confiance\u00a0 \u00e0 ce nouveau gouvernement, dans l&rsquo;espoir de mettre le pays de nouveau sur les rails.  C&rsquo;est dans cette optique et dans le but de pr\u00e9server les acquis de la r\u00e9volution que nous\u00a0avons annonc\u00e9 la cr\u00e9ation\u00a0du conseil national pour la protection de la r\u00e9volution. La constitution de cet outil de contr\u00f4le et de l\u00e9gislation r\u00e9sulte d&rsquo;une\u00a0concertation avec des associations, des partis politiques,\u00a0la centrale syndicale, le\u00a0conseil national des avocats, et des magistrats. Pourvu d&rsquo;un pouvoir d\u00e9cisionnel, le nouveau conseil qui verra le jour d&rsquo;ici fin mars planchera sur l\u2019\u00e9laboration de textes l\u00e9gislatifs\u00a0et veillera \u00e0 leur adoption pendant toute la p\u00e9riode de transition.  <strong><span>Econostrum.info : A votre avis, B\u00e9ji Caid Essebsi, ex-militant bourguibiste, sera-il capable de sortir le pays de la tourmente durant cette p\u00e9riode transitoire?<\/span><\/strong>  B\u00e9ji Caid Essebsi est un homme de grande exp\u00e9rience, rompu aux arcanes de la politique .Son audace et son charisme le qualifie pour le r\u00f4le du premier ministre \u00e0 la t\u00eate du gouvernement transitoire. Je pense que la Tunisie a besoin dans cette p\u00e9riode de B\u00e9ji Caid Essebsi qui n&rsquo;a aucune ambition politique, sauf celle de servir encore une fois le pays.  Le nouveau premier ministre\u00a0a d\u00e9clar\u00e9 vouloir\u00a0r\u00e9affirmer l&rsquo;autorit\u00e9 et le prestige de l&rsquo;Etat et\u00a0reb\u00e2tir un climat de confiance entre le gouvernement et le peuple. Je pense qu&rsquo;il sera\u00a0capable de mener ce beau pays \u00e0 bon port durant la p\u00e9riode transitoire. <\/span><\/p>\n<h3 style=\"color: blue;\"><span lang=\"FR\">\u00ab\u00a0Le gouvernement form\u00e9 par Mohamed Ghannouchi a commis une s\u00e9rie de b\u00eatises\u00a0\u00bb<\/span><\/h3>\n<p><strong><span lang=\"FR\">Econostrum.info : Que s&rsquo;est il pass\u00e9 entre avec le gouvernement sortant?<\/span><\/strong><span lang=\"FR\">  En fait, le gouvernement form\u00e9 par Mohamed Ghannouchi, l&rsquo;un des alli\u00e9 de l&rsquo;ancien r\u00e9gime, a commis une s\u00e9rie de b\u00eatises. Son mandat s&rsquo;est\u00a0finit en queue de poissons par une faillite en cascade.  Mohamed Ghannouchi qui occupait la Primature du gouvernement de transition post-r\u00e9volutionnaire en Tunisie avait form\u00e9 le 17 janvier un premier gouvernement compos\u00e9 des principaux caciques de l&rsquo;ancien r\u00e9gime. 14 ministres appartenant au clan RCD d\u00e9tenaient les postes cl\u00e9s au sein de ce premier gouvernement.  Apr\u00e8s avoir essuy\u00e9 une temp\u00eate de critiques sur sa politique comme sur son gouvernement, l&rsquo;\u00e9quipe au pouvoir s&rsquo;est r\u00e9organis\u00e9e. Apr\u00e8s dix huit jours, et dans le but de corriger\u00a0le hiatus constat\u00e9 avec les protestataires, l&rsquo;ex-premier ministre a d\u00e9voil\u00e9 la composition de la nouvelle \u00e9quipe gouvernementale provisoire tout en r\u00e9duisant le nombre de 14 \u00e0 seulement 2 ministres appartenant au clan RCD:\u00a0Afif Chelbi et Nouri Jouini. Toutefois, la nouvelle \u00e9quipe au pouvoir n&rsquo;a pas pu r\u00e9duire l&rsquo;effervescence de la rue. Le mouvement s&rsquo;est durci. Les appels \u00e0 la dissolution du gouvernement Ghannouchi se sont multipli\u00e9s.  Finalement, la d\u00e9mission de Mohamed Ghannouchi vient mettre fin \u00e0 cette situation de chaos. Esp\u00e9rons\u00a0que le calme r\u00e8gne de nouveau dans le pays.<\/span><\/p>\n<h3 style=\"color: blue;\"><span lang=\"FR\">\u00ab\u00a053 pourcent des entreprises publiques ont \u00e9t\u00e9 privatis\u00e9es, sous le r\u00e8gne de Ben Ali\u00a0\u00bb<\/span><\/h3>\n<p><strong><span lang=\"FR\">Econostrum.info: Abdesslam Jrad et par la suite tous les membres de l&rsquo;UGTT sont accus\u00e9s de fraudes et de corruption. Que pensez-vous de ces accusations?<\/span><\/strong><span lang=\"FR\">  L\u2019UGTT est ouverte \u00e0 tous ceux qui veulent v\u00e9rifier ses comptes. Les commissaires aux comptes ou encore les audits externes peuvent certifier que les comptes annuels de l&rsquo;UGTT sont r\u00e9guliers. L&rsquo;UGTT a les mains propres.  <strong><span>Econostrum.info : L&rsquo;UGTT est ainsi accus\u00e9 d&rsquo;\u00eatre l&rsquo;un des derniers caciques du r\u00e9gime Ben Ali. Quel regard portez-vous sur cette question?<\/span><\/strong>  L&rsquo;UGTT a toujours milit\u00e9 contre la politique de l&rsquo;ancien pr\u00e9sident Ben Ali, particuli\u00e8rement concernant\u00a0la privatisation des entreprises publiques. Durant les quatre derni\u00e8res ann\u00e9es, nous avons\u00a0pu stopper le flux de privatisation qui submergeait\u00a0le secteur publique. Il s&rsquo;agissait d&rsquo;un v\u00e9ritable\u00a0bras de fer entre l&rsquo;UGTT et le gouvernement de Ben Ali. Les efforts d\u00e9ploy\u00e9s par l&rsquo;UGTT en vue de sauver l&rsquo;usine de sucre \u00e0 B\u00e9j\u00e0, l&rsquo;usine de\u00a0production d&rsquo;acier \u00e0 Bizerte et le groupe Tunisie Telecom de la privatisation confirment mes\u00a0dires. Sous le r\u00e8gne du pr\u00e9sident d\u00e9chu Ben Ali, 53 % des entreprises publiques ont \u00e9t\u00e9 privatis\u00e9es et vendues pour 6 millions de dinars \u00e0 la famille Ben Ali et ses gendres.  Durant son mandat, l&rsquo;ex- premier ministre Mohamed Ghannouchi a ferm\u00e9 les yeux sur la privatisation forc\u00e9e des entreprises publiques. Ce silence de\u00a0Mohamed Ghannouchi\u00a0sur l&rsquo;affaire de privatisation lui est aujourd&rsquo;hui reproch\u00e9.  Dans ce contexte, nous demandons la r\u00e9cup\u00e9ration des entreprises c\u00e9d\u00e9es au secteur priv\u00e9 ainsi que la protection des int\u00e9r\u00eats des entreprises publiques et leurs employ\u00e9s.\u00a0   <strong><span>Econostrum.info : Avec pour affiche \u00ab\u00a0Jrad d\u00e9gage\u00a0\u00bb, une campagne agressive vient d&rsquo;\u00eatre lanc\u00e9e sur Internet, dans la presse et parmi les manifestants \u00e0 la coupole d&rsquo;El Menzah \u00e0 l&rsquo;encontre du secr\u00e9taire g\u00e9n\u00e9ral de l&rsquo;UGTT Abdesslam Jrad. Pensez-vous que le secr\u00e9taire G\u00e9n\u00e9ral de l&rsquo;UGTT devra\u00a0d\u00e9missionner sous la pression de la rue ?<\/span><\/strong>  La campagne lanc\u00e9e \u00e0 l&rsquo;encontre de Abdesslam Jrad ne vise pas seulement le secr\u00e9taire g\u00e9n\u00e9ral mais aussi l&rsquo;UGTT. Sous les feux des critiques depuis la chute du r\u00e9gime Ben Ali et victime de ses d\u00e9cisions et de sa position \u00e0 l&rsquo;\u00e9gard du gouvernement sortant, l&rsquo;UGTT est aujourd&rsquo;hui au centre de toutes les pol\u00e9miques. La tendance actuelle, les revendications des protestataires \u00e0 la coupole d&rsquo;El Menzah et la compagne men\u00e9e sur facebook confirment ce constat. Nous sommes deveunus une cible. S&rsquo;agissant de la d\u00e9mission de Abdesslam Jrad, la d\u00e9cision revient \u00e0 l&rsquo;UGTT. Les membres de l&rsquo;UGTT sont \u00e9lus et choisis dans le cadre des \u00e9lections libres et non pas sous la pression de la rue.  Je diraisque le moment est venu de\u00a0remplacer le mot \u00ab\u00a0d\u00e9gage\u00a0\u00bb par \u00ab\u00a0je m&rsquo;engage\u00a0\u00bb. La p\u00e9riode transitoire demande plus d&rsquo;engagement de rigueur et surtout de confiance pour \u00e9riger notre pays sur de bonnes bases. <\/span><\/p>\n<p><span lang=\"FR\">\u00ab\u00a0L&rsquo;UGTT compte en coordination avec le gouvernement transitoire r\u00e9int\u00e9grer les comp\u00e9tences de retour de Libye dans les entreprises tunisiennes\u00a0\u00bb.<\/span><\/p>\n<p><strong><span lang=\"FR\">Econostrum.info : L&rsquo;UGTT a cr\u00e9\u00e9 \u00a0une commission pour le suivi des entreprises sinistr\u00e9es et l&rsquo;encadrement des travailleurs ayant perdu leur emploi en cette p\u00e9riode agit\u00e9e. Avec quels objectifs?\u00a0<\/span><\/strong><span lang=\"FR\">  Compos\u00e9e de quatre secr\u00e9taires g\u00e9n\u00e9raux adjoints, des repr\u00e9sentants des offices, des \u00e9tablissements publics et des institutions de l&rsquo;union, la commission syndicale r\u00e9cemment cr\u00e9\u00e9e est charg\u00e9e de suivi de la situation des entreprises sinistr\u00e9es op\u00e9rant dans les secteur priv\u00e9 et publique \u00e0 la fois, et de l&rsquo;encadrement des travailleurs ayant perdu leur emploi en cette p\u00e9riode\u00a0d\u00e9licate que conna\u00eet le pays.  Elle a pour but d&rsquo;assurer la coordination entre les unions r\u00e9gionales, les f\u00e9d\u00e9rations et les syndicats g\u00e9n\u00e9raux afin d&rsquo;apporter le soutien moral et mat\u00e9riel aux travailleurs qui se sont retrouv\u00e9s en ch\u00f4mage forc\u00e9.  Cette commission a \u00e9galement pour mission de\u00a0relancer les activit\u00e9s des entreprises \u00e9conomiques en coordination avec les parties concern\u00e9es, en vue d&rsquo;installer un climat favorable au retour des investisseurs en Tunisie.   <strong><span>Econostrum.info : L&rsquo;Union g\u00e9n\u00e9rale tunisienne du travail (UGTT) a entam\u00e9 une action en vue de rassembler les donn\u00e9es sur les travailleurs tunisiens en Libye et sur leurs avoirs dans ce pays. D\u00e9cryptez-nous les grands traits de cette initiative?<\/span><\/strong>  Je me suis rendu en compagnie avec Mohamed Chandoul, membre du bureau ex\u00e9cutif de l&rsquo;UGTT, \u00e0 Ras Jedir et Dhiba pour coordonner les actions avec les structures syndicales de M\u00e9denine, Tataouine et Ben Guerdane et pour installer une tente pour apporter une aide alimentaire et m\u00e9dicale aux travailleurs de retour de Libye.  Nous r\u00e9it\u00e9rons notre engagement \u00e0 recourir le cas \u00e9ch\u00e9ant \u00e0 l&rsquo;Organisation internationale du travail (OIT) et aux organisations des droits de l&rsquo;Homme pour prot\u00e9ger les droits des travailleurs tunisiens, face \u00e0 la d\u00e9t\u00e9rioration de la situation en Libye aux plans \u00e9conomique, social et politique.  Nous comptons dans une deuxi\u00e8me \u00e9tape et en coordination avec le gouvernement de transition r\u00e9int\u00e9grer ces personnes dans les entreprises tunisiennes. <\/span><\/p>\n<p><span lang=\"FR\">Source\u00a0: \u00ab\u00a0econostrum\u00a0\u00bb Le 11-03-2011<\/span><\/p>\n<div>\n<p><span lang=\"FR\">Lien\u00a0:<a href=\"http:\/\/www.econostrum.info\/Nous-reclamons-la-recuperation-des-entreprises-privatisees-sous-Ben-Ali_a4996.html\" target=\"_blank\" rel=\"noopener\">http:\/\/www.econostrum.info\/Nous-reclamons-la-recuperation-des-entreprises-privatisees-sous-Ben-Ali_a4996.html<\/a><\/span><\/p>\n<\/div>\n<p align=\"center\"><b><span lang=\"FR\">Tunisie : D\u00e9mocratie et\/ou s\u00e9curit\u00e9 <\/span><\/b><\/p>\n<hr\/>\n<p>\u00a0<\/p>\n<p><span lang=\"FR\">Pendant plus de 20 ans,\u00a0 le r\u00e9gime de Ben Ali a tent\u00e9 de nous persuader que notre s\u00e9curit\u00e9 ne pouvait \u00eatre garantie qu&rsquo;en contrepartie d\u2019entorses \u00e0 la d\u00e9mocratie. Islamistes, nationalistes et gauchistes ont \u00e9t\u00e9 r\u00e9duits au silence alors que les partis l\u00e9galis\u00e9s ont \u00e9t\u00e9 soumis \u00e0 la politique de la carotte et du b\u00e2ton et y ont succomb\u00e9 \u00e0 l&rsquo;exception d&rsquo;Ettajdid qui a oscill\u00e9, au gr\u00e9 de ses directions, entre le soutien (Mohamed Harmel) et l\u2019opposition (Ahmed Brahim). Alors que le PDP, ainsi que la Ligue des droits de l&rsquo;homme et quelques militants (Radhia Nasraoui, Hamma Hammami, Kh\u00e9mais Chammari, Sihem Ben Sedrine, Mohamed Abbou, Moncef Marzouki &#8230;) ont subi le d\u00e9nigrement, l&rsquo;oppression, les tracas et le lynchage m\u00e9diatique en raison de leur refus de montrer patte blanche.  Apr\u00e8s la r\u00e9volution, on s&rsquo;est rendu compte jusqu&rsquo;o\u00f9 cette logique faussement s\u00e9curitaire \u00e9tait factice. Les troupes de s\u00e9curit\u00e9 pr\u00e9sent\u00e9es comme un monstre de force et de terreur \u00e9taient en fait trop faibles pour assurer la s\u00e9curit\u00e9 et \u00e9taient surtout compos\u00e9es de police politique, de garde pr\u00e9sidentielle et d&rsquo;\u00e9quipes charg\u00e9es de suivre les opposants et mettre tous les citoyens sous \u00e9coute.  Il en a r\u00e9sult\u00e9 un vide que des brigands, des truands, des voyous, des sbires et des d\u00e9linquants ont utilis\u00e9 pour piller, terroriser et semer l&rsquo;anarchie dans la plupart des villes et des quartiers. Mais alors que des voix s&rsquo;\u00e9l\u00e8vent pour que l&rsquo;ordre soit r\u00e9tabli, l&rsquo;UGTT par la voix de son porte-parole et unique homme public Abid Briki et les courants d&rsquo;extr\u00eame gauche nous surprennent en minimisant l&rsquo;aspect s\u00e9curitaire, critiquant au passage le nouveau premier ministre qui l&rsquo;a \u00e9voqu\u00e9, et nous obligent \u00e0 choisir entre la d\u00e9mocratie et la s\u00e9curit\u00e9. La premi\u00e8re doit, selon eux, avoir la priorit\u00e9, comme si c\u2019est pour avoir la d\u00e9mocratie que des bandes organis\u00e9es pillent, br\u00fblent et s\u00e8ment la panique, ou peut-\u00eatre parce que le d\u00e9ficit s\u00e9curitaire permet aux partisans de la dictature du prol\u00e9tariat de priver de parole leurs adversaires politiques comme ils l\u2019ont fait \u00e0 Kasserine, Sfax, Jendouba et Bizerte pour Attajdid et le PDP.  Non, messieurs, les Tunisiens veulent en m\u00eame temps la d\u00e9mocratie et la s\u00e9curit\u00e9, l&rsquo;une ne pouvant \u00eatre s\u00e9par\u00e9e de l&rsquo;autre. La premi\u00e8re seule m\u00e8ne \u00e0 l&rsquo;anarchie et la seconde seule engendre la dictature.  D&rsquo;ailleurs, dans le contexte actuel, il serait opportun d&rsquo;accro\u00eetre les effectifs de la police dans une optique de promotion d&rsquo;une police citoyenne au service de la population et non de ses oppresseurs, \u00e0 travers la constitution de divers corps particuliers et sp\u00e9cialis\u00e9s tels que :  &#8211; La police municipale dont le r\u00f4le ne serait plus de terroriser les vendeurs ambulants ou marchander l&rsquo;approbation de constructions anarchiques mais de veiller au bien-\u00eatre social, environnemental et s\u00e9curitaire dans les cit\u00e9s et les quartiers, &#8211; La police de gardiennage qui doit remplacer l&rsquo;esclavage pratiqu\u00e9 par certaines soci\u00e9t\u00e9s d&rsquo;interm\u00e9diation, &#8211; La police du transport qui doit \u00eatre active sur les lignes du m\u00e9tro et dans les bus pour assurer la s\u00e9curit\u00e9 des voyageurs et mettre fin au braquage, &#8211; La police de l&rsquo;eau qui veille \u00e0 la sauvegarde de la nappe d&rsquo;eau..  Une telle option se traduirait par une plus grande s\u00e9curit\u00e9 et une meilleure qualit\u00e9 de vie pour les citoyens mais essentiellement par le recrutement de nombreux jeunes et par la r\u00e9habilitation de ce corps indispensables \u00e0 la vie social.<\/span><\/p>\n<p><span lang=\"FR\">Source\u00a0: \u00ab\u00a0GlobalNet\u00a0\u00bb Le 11-03-2011<\/span><\/p>\n<div>\n<p><span lang=\"FR\">Lien\u00a0:<a href=\"http:\/\/www.gnet.tn\/sur-le-vif\/tunisie-democratie-et\/ou-securite\/id-menu-1006.html\" target=\"_blank\" rel=\"noopener\">http:\/\/www.gnet.tn\/sur-le-vif\/tunisie-democratie-et\/ou-securite\/id-menu-1006.html<\/a><\/span><\/p>\n<\/div>\n<h3 align=\"center\" style=\"color: blue;\"><span lang=\"EN-GB\"><a href=\"http:\/\/www.afriquejet.com\/afrique-du-nord\/tunisie\/tunisie-assemblee-constituante:-pour-un-grand-parti-de-gauche-201103114515.html\" target=\"_blank\" rel=\"noopener\"><span lang=\"FR\">Tunisie-Assembl\u00e9e constituante: Pour un grand parti de gauche<\/span><\/a><\/span><\/h3>\n<hr\/>\n<p><b><span lang=\"FR\">Assembl\u00e9e constituante-Tunisie &#8211; Une fois la page de la dictature tourn\u00e9e, le peuple tente de s&rsquo;organiser en vue des prochaines \u00e9lections d&rsquo;une Assembl\u00e9e constituante pr\u00e9vues pour le 24 juillet. De nombreux partis ont \u00e9t\u00e9 d\u00e9j\u00e0 agr\u00e9\u00e9s et ont commenc\u00e9 leurs activit\u00e9s. Bien que le Code \u00e9lectoral n&rsquo;ait pas \u00e9t\u00e9 encore revu et corrig\u00e9, il est \u00e0 pr\u00e9voir que le foisonnement politique ira en s&rsquo;intensifiant. Le peuple a \u00e9t\u00e9 sevr\u00e9 de d\u00e9mocratie et il veut prendre sa revanche sur tant d&rsquo;ann\u00e9es de marginalisation pendant lesquelles on le disait pourtant, dans les mascarades \u00e9lectorales, \u00e9lire un pr\u00e9sident \u00e0 99,99%. M\u00eame l&rsquo;Union sovi\u00e9tique \u00e9tait plus modeste. Il n&rsquo;y a que la Cor\u00e9e du Nord qui pouvait nous rivaliser sur de tels scores!<\/span><\/b><span lang=\"FR\">  Il est donc naturel que de nombreux partis politiques se cr\u00e9ent et revendiquent l&rsquo;attention des \u00e9lecteurs. On passe ainsi du d\u00e9sert politique dans lequel un parti accaparait tout, en laissant des miettes \u00e0 des partis d&rsquo;opposition de parade, \u00e0 la pl\u00e9thore politique dans laquelle on se gratte la t\u00eate et on lance un parti politique.  On va risquer d&rsquo;aller \u00e0 l&rsquo;\u00e9miettement, quitte \u00e0 ce que chaque repr\u00e9sentant dans la future Assembl\u00e9e repr\u00e9sente \u00e0 lui seul une entit\u00e9 politique. J&rsquo;esp\u00e8re que la proportionnelle uninominale, si elle est adopt\u00e9e, ne nous am\u00e8ne pas \u00e0 un tel exc\u00e8s.  Il est donc important que le Code \u00e9lectoral soit r\u00e9vis\u00e9 de mani\u00e8re telle qu&rsquo;il permette des choix fondamentaux \u00e0 notre peuple: un r\u00e9gime pr\u00e9sidentiel ou un r\u00e9gime parlementaire, une orientation de progr\u00e8s ou une orientation r\u00e9gressive, une politique \u00e9conomique proche du peuple ou une favorisant les \u00e9lites, une \u00e9ducation tourn\u00e9e vers les sciences, les langues modernes, notamment l&rsquo;anglais, et les besoins de la soci\u00e9t\u00e9 ou une \u00e9ducation g\u00e9n\u00e9rale telle que nos enfants ont eu \u00e0 subir pendant si longtemps et qui les a amen\u00e9s au ch\u00f4mage de longue dur\u00e9e.  Afin de cristalliser ces choix, le Code \u00e9lectoral devrait permettre aux courants fondamentaux de la soci\u00e9t\u00e9 de s&rsquo;exprimer dans une clart\u00e9 et une transparence sans ambage.  Il devrait favoriser la constitution de grands partis qui refl\u00e8tent et m\u00eame expriment ces courants fondamentaux. Cela n&rsquo;exclut pas la constitution de pactes ou coalitions mais ceux-ci risquent d&rsquo;\u00eatre fragiles et risquent de donner lieu \u00e0 des tractations et manoeuvres que les circonstances de notre pays ne permettent pas.  Pour ma part, je pr\u00e9conise la cr\u00e9ation d&rsquo;un grand parti de gauche que l&rsquo;on peut qualifier de Parti travailliste qui serait l&rsquo;expression de ce que Farhat Hached aurait cr\u00e9\u00e9 dans la Tunisie de la R\u00e9volution.  Un parti qui d\u00e9fendra les libert\u00e9s, la justice sociale, y compris la justice tout court, l&rsquo;\u00e9quilibre des revenus et des r\u00e9gions, l&rsquo;\u00e9galit\u00e9 des chances et le progr\u00e8s social. Un parti du plein emploi, surtout des jeunes.  L&rsquo;Union g\u00e9n\u00e9rale tunisienne du travail (Ugtt) qui a jou\u00e9 un r\u00f4le crucial dans la r\u00e9ussite de la R\u00e9volution, ne peut pas, de part ses statuts, se transformer en parti politique mais ses sympathisants et citoyens-militants peuvent s&rsquo;organiser d&rsquo;une mani\u00e8re telle qu&rsquo;un parti de cette envergure soit lanc\u00e9 avec le maximum de chances de r\u00e9ussir.<\/span><\/p>\n<p><span lang=\"FR\">Source\u00a0: \u00ab\u00a0Afrique en ligne\u00a0\u00bb Le 11-03-2011<\/span><\/p>\n<div>\n<p><span lang=\"FR\">Lien\u00a0:<a href=\"http:\/\/www.afriquejet.com\/afrique-du-nord\/tunisie\/tunisie-assemblee-constituante:-pour-un-grand-parti-de-gauche-201103114515.html\" target=\"_blank\" rel=\"noopener\">http:\/\/www.afriquejet.com\/afrique-du-nord\/tunisie\/tunisie-assemblee-constituante:-pour-un-grand-parti-de-gauche-201103114515.html<\/a><\/span><\/p>\n<\/div>\n<p align=\"center\"><b><span lang=\"FR\">Tunisie: le\u00e7on de Droit Constitutionnel \u00e9l\u00e9mentaire <\/span><\/b><\/p>\n<hr\/>\n<p>\u00a0<\/p>\n<p><span lang=\"FR\">\u00ab Les Carthaginois aussi sont r\u00e9put\u00e9s pour avoir une bonne constitution, sup\u00e9rieure aux autres par bien des points. Et beaucoup des institutions qu\u2019on trouve chez eux sont bonnes \u00bb, du philosophe Grec Aristote.<\/span><\/p>\n<p><span lang=\"FR\">La premi\u00e8re partie du combat pour notre libert\u00e9 est finie. Nous pouvons maintenant affirmer que nous l\u2019avons gagn\u00e9. Le temps historique l\u2019a emport\u00e9 sur le temps \u00e9conomique. Certes, il y a encore beaucoup de r\u00e9sidu de l\u2019ancien r\u00e9gime qui subsiste, mais ils sont \u00e0 d\u00e9couvert, seuls, et face \u00e0 dix millions d\u2019ennemis.<\/span><\/p>\n<p><span lang=\"FR\">Laissons donc le temps faire et soyons s\u00fbr que la m\u00e9moire et l\u2019honneur du peuple tunisien ne leur laisseront pas de r\u00e9pit. Ils finiront par dispara\u00eetre dans la honte, la solitude et le m\u00e9pris de tous.<\/span><\/p>\n<p><span lang=\"FR\">Maintenant commence une autre partie de cette guerre pour la libert\u00e9. Cette partie va \u00eatre, comme la pr\u00e9c\u00e9dente, longue, compliqu\u00e9e et dure \u00e0 mener. Mais n\u2019ayons pas peur, le peuple tunisien saura vaincre et arracher sa libert\u00e9 de haute lutte, parce que son destin le veut.<\/span><\/p>\n<p><span lang=\"FR\">Notre nouveau champ de bataille est la Constitution, cette bataille s\u2019organisera autour de l\u2019Assembl\u00e9e Constituante et le premier objectif \u00e0 s\u00e9curiser est le Code \u00e9lectoral. Ces choses l\u00e0 ne sont pas vraiment claires pour tous et la premi\u00e8re des choses \u00e0 faire est d\u2019expliquer et de clarifier chacun de ces points.<\/span><\/p>\n<p><span lang=\"FR\">La Constitution (Destour)<\/span><\/p>\n<p><span lang=\"FR\">Qu\u2019est ce qu\u2019une constitution ?<\/span><\/p>\n<p><span lang=\"FR\">La constitution est la chose la plus importante qui fonde une Nation, comme son nom l\u2019indique elle constitue l\u2019essence de ce qu\u2019est une Nation. C\u2019est \u00e0 partir de ce texte que toutes les lois d\u2019une Nation sont pens\u00e9es et r\u00e9dig\u00e9es. C\u2019est le texte fondamental \u00e0 partir duquel une Nation construit et ordonne son \u00c9tat.<\/span><\/p>\n<p><span lang=\"FR\">C\u2019est en m\u00eame temps la forme que prendra l\u2019\u00c9tat, et l\u2019esprit avec lequel on r\u00e9digera ses lois.<\/span><\/p>\n<p><span lang=\"FR\">La constitution est le texte qui agence les principes fondateurs de l\u2019\u00c9tat dont se dote une Nation. Cela signifie que lorsqu\u2019une Nation (qui est la mat\u00e9rialisation g\u00e9ographique d\u2019un peuple) d\u00e9cide de construire un \u00c9tat qui pourra organiser la vie collective et la chose publique, elle doit penser une constitution. C\u2019est dans ce texte que les institutions sont pens\u00e9es.<\/span><\/p>\n<p><span lang=\"FR\">Ce texte doit \u00eatre compris par tous comme refl\u00e9tant la volont\u00e9 g\u00e9n\u00e9rale et comme le contrat social qui lie l\u2019ensemble des individus en tant que peuple.<\/span><\/p>\n<p><span lang=\"FR\">C\u2019est un texte qui devient, d\u00e8s qu\u2019il est accept\u00e9, juridique, parce que l\u2019ensemble des lois qui r\u00e9gissent un \u00c9tat doivent lui \u00eatre subordonn\u00e9. Mais il est tr\u00e8s important de comprendre que sa r\u00e9daction ne n\u00e9cessite pas forc\u00e9ment de comp\u00e9tence juridique. Une constitution n\u2019est pas \u00e9crite par des juristes, mais par les repr\u00e9sentants du peuple.<\/span><\/p>\n<p><span lang=\"FR\">L\u2019essentiel d\u2019une constitution n\u2019est effectivement pas qu\u2019elle soit juridique, mais qu\u2019elle pose les fondations \u00e0 partir desquelles le droit pourra commencer. Autrement dit, le fondement d\u2019une constitution n\u2019est pas le droit, mais les principes desquels d\u00e9coule le droit.<\/span><\/p>\n<p><span lang=\"FR\">La constitution sera donc le texte qui d\u00e9terminera quels seront les principes qui fonderont l\u2019\u00c9tat que notre Nation va d\u00e9cider de se doter.<\/span><\/p>\n<p><span lang=\"FR\">L\u2019Assembl\u00e9e Constituante<\/span><\/p>\n<p><span lang=\"FR\">Qu\u2019est ce qu\u2019une Assembl\u00e9e Constituante ?<\/span><\/p>\n<p><span lang=\"FR\">Une Assembl\u00e9e Constituante est une assembl\u00e9e \u00e9lue par le peuple selon certaines modalit\u00e9s afin de r\u00e9diger une Constitution. Le mandat de ses membres, appel\u00e9s les d\u00e9put\u00e9s constituants, doit s\u2019arr\u00eater \u00e0 la r\u00e9daction de cette constitution et \u00e0 sa promulgation.<\/span><\/p>\n<p><span lang=\"FR\">Comment se passe la r\u00e9daction de la Constitution par l\u2019Assembl\u00e9e Constituante ?<\/span><\/p>\n<p><span lang=\"FR\">Une Assembl\u00e9e Constituante, parce qu\u2019elle est constitu\u00e9e des repr\u00e9sentants du peuple \u00e9lu par le peuple, est forc\u00e9ment divis\u00e9e \u00e0 certains moments et sur certains points. C\u2019est pourquoi son fonctionnement rel\u00e8ve de l\u2019argumentation et du d\u00e9bat et c\u2019est pourquoi il est n\u00e9cessaire que soit repr\u00e9sent\u00e9 en son sein l\u2019ensemble des courants qui constituent le peuple de la Nation qui l\u2019\u00e9lit. Si cette repr\u00e9sentativit\u00e9 venait \u00e0 faire d\u00e9faut alors la Constitution qui sortirait de cette Assembl\u00e9e Constituante ne pourrait faire l\u2019unanimit\u00e9 et, alors, la dissension reviendrait dans la Nation et l\u2019\u00c9tat serait incapable de fonctionner.<\/span><\/p>\n<p><span lang=\"FR\">Concr\u00e8tement les d\u00e9put\u00e9s devront se r\u00e9unir r\u00e9guli\u00e8rement et leur s\u00e9ance de travail sera d\u00e9compos\u00e9e en plusieurs temps.<\/span><\/p>\n<p><span lang=\"FR\">&#8211; Dans un premier temps les d\u00e9put\u00e9s feront les propositions des articles qui leur semblent les plus \u00e9videntes et les plus n\u00e9cessaires. Ces propositions d\u2019articles seront compil\u00e9es, analys\u00e9es, puis il sera proc\u00e9d\u00e9 \u00e0 un d\u00e9bat et \u00e0 un vote pour chacune d\u2019entre elle.<\/span><\/p>\n<p><span lang=\"FR\">Dans le d\u00e9bat devront s\u2019opposer les arguments des d\u00e9fenseurs de la proposition et les contre arguments des d\u00e9tracteurs de cette proposition d\u2019article. Il est \u00e9vident que les propositions qui refl\u00e8tent des courants trop radicaux, trop sp\u00e9cifiques, trop corporatistes, seront \u00e9loign\u00e9es par la majorit\u00e9 rapidement. Ne resteront que les propositions qui auront fait l\u2019unanimit\u00e9.<\/span><\/p>\n<p><span lang=\"FR\">&#8211; Ensuite ces propositions qui auront fait l\u2019unanimit\u00e9 seront compil\u00e9es, puis devront \u00eatre mise en ordre.Cette \u00e9tape sera une \u00e9tape de r\u00e9flexion collective qui aura pour but de produire l\u2019esprit de la Constitution. Car la place des articles d\u00e9terminera leur importance et, partant, l\u2019inclination que les d\u00e9put\u00e9s constituants donneront \u00e0 la Constitution, et, partant, \u00e0 l\u2019\u00c9tat.<\/span><\/p>\n<p><span lang=\"FR\">La proc\u00e9dure sera la m\u00eame que pr\u00e9c\u00e9demment, \u00e0 savoir, les d\u00e9put\u00e9s feront leur proposition, les d\u00e9fendront et les attaqueront, puis il y aura un vote afin de d\u00e9terminer quelle proposition l\u2019emportera sur les autres.<\/span><\/p>\n<p><span lang=\"FR\">Le Code \u00e9lectoral<\/span><\/p>\n<p><span lang=\"FR\">Qu\u2019est ce que le Code \u00e9lectoral ?<\/span><\/p>\n<p><span lang=\"FR\">Le Code \u00e9lectoral est la mani\u00e8re dont va \u00eatre mis en place une \u00e9lection. Cette expression recoupe en m\u00eame temps :<\/span><\/p>\n<p><span lang=\"FR\">&#8211; Le type de suffrage, c\u2019est \u00e0 dire les conditions qui seront requises pour avoir le droit de voter. \u00c9tant donn\u00e9 que la Tunisie a th\u00e9oriquement le suffrage universel, le seul point de d\u00e9tail important \u00e0 r\u00e9gler sera l\u2019\u00e2ge minimum requis pour voter.<\/span><\/p>\n<p><span lang=\"FR\">&#8211; Les conditions d\u2019\u00e9ligibilit\u00e9, c\u2019est \u00e0 dire les conditions requises pour qu\u2019un citoyen puisse se pr\u00e9senter aux \u00e9lections. Il est \u00e9vident qu\u2019en ce qui concerne les \u00e9lections \u00e0 une Assembl\u00e9e Constituante, ces conditions doivent \u00eatre le moins exigeantes possible puisque cette Assembl\u00e9e doit \u00eatre la plus repr\u00e9sentative du peuple. Plus il y aura de limites, moins l\u2019Assembl\u00e9e sera l\u00e9gitime. La question de l\u2019\u00e2ge y sera particuli\u00e8rement importante puisque la jeunesse doit y \u00eatre repr\u00e9sent\u00e9e.<\/span><\/p>\n<p><span lang=\"FR\">&#8211; Le mode de scrutin, c\u2019est \u00e0 dire la mani\u00e8re dont les votes attribueront les si\u00e8ges \u00e0 l\u2019assembl\u00e9e. Ce terme regroupe aussi la mani\u00e8re dont les candidats doivent se pr\u00e9senter, en leur nom propre (scrutin nominal) ; ou en se regroupant autours d\u2019id\u00e9es communes ou de programmes (scrutin de liste).<\/span><\/p>\n<p><span lang=\"FR\">Il y en a de plusieurs types et le choix du mode de scrutin est extr\u00eamement d\u00e9terminant. On pourrait dire que c\u2019est presque par ce seul point que l\u2019on pourra avoir un syst\u00e8me de repr\u00e9sentation d\u00e9mocratique ou pas.<\/span><\/p>\n<p><span lang=\"FR\">Pour esquisser le probl\u00e8me qui fera l\u2019objet d\u2019un article \u00e0 part enti\u00e8re, il faut dire qu\u2019il y a deux grands types de mode de scrutin :<\/span><\/p>\n<p><span lang=\"FR\">&#8211; Le scrutin proportionnel, c\u2019est \u00e0 dire un scrutin qui permet \u00e0 tous les candidats d\u2019avoir des si\u00e8ges proportionnellement \u00e0 leur r\u00e9sultat. Par exemple, si une liste obtient 30% des voix, elle obtiendra 30% des si\u00e8ges \u00e0 l\u2019Assembl\u00e9e. Ce mode de scrutin a l\u2019avantage de permettre une v\u00e9ritable repr\u00e9sentation du peuple car tous ceux qui ont obtenu des voix en nombre suffisant obtiennent un si\u00e8ge dans l\u2019assembl\u00e9e en proportion.<\/span><\/p>\n<p><span lang=\"FR\">&#8211; Le scrutin majoritaire, c\u2019est \u00e0 dire un scrutin o\u00f9 celui qui obtient le plus grand score obtient le si\u00e8ge. Ce scrutin permet si peu la repr\u00e9sentation qu\u2019il ne m\u00e9rite pas plus que d\u2019\u00eatre \u00e9voqu\u00e9. Ceux qui perdent n\u2019auront pas de repr\u00e9sentants \u00e9lus, or pour une Assembl\u00e9e qui se doit d\u2019\u00eatre le plus repr\u00e9sentative possible, ce scrutin est bien \u00e9videmment malvenu.<\/span><\/p>\n<p><span lang=\"FR\">&#8211; Le tirage au sort parmi les candidats. M\u00eame si ce mode de scrutin est le plus d\u00e9mocratique d\u2019entre tous, il ne semble pas valable pour l\u2019\u00e9lection d\u2019une assembl\u00e9e constituante, pour les m\u00eames raisons qu\u2019\u00e9nonc\u00e9es pr\u00e9c\u00e9demment pour le scrutin majoritaire.<\/span><\/p>\n<p><span lang=\"FR\">&#8211; Les modalit\u00e9s de vote, c\u2019est \u00e0 dire la mani\u00e8re dont les \u00e9lecteurs pourront voter. Faudra-t-il \u00eatre inscrit sur des listes \u00e9lectorales ? sera-t-il possible de voter avec sa carte d\u2019identit\u00e9 de mani\u00e8re \u00e9lectronique ? Cette question est tr\u00e8s importante en ce qui concerne la possibilit\u00e9 pour tous de voter et pour le contr\u00f4le de la l\u00e9galit\u00e9 des \u00e9lections.<\/span><\/p>\n<p><span lang=\"FR\">&#8211; Le d\u00e9coupage du territoire Nationale en circonscriptions, c\u2019est \u00e0 dire le nombre de D\u00e9put\u00e9s \u00e0 \u00e9lire en fonction du nombre d\u2019habitant et la mani\u00e8re dont les zones d\u2019habitations sont d\u00e9coup\u00e9es. Cette question est vitale en ce qui concerne la r\u00e9partition et la repr\u00e9sentativit\u00e9 des r\u00e9gions et des Tunisiens dans leur ensemble, et elle occupe tout particuli\u00e8rement les Tunisiens r\u00e9sidants \u00e0 l\u2019\u00e9tranger.<\/span><\/p>\n<p><span lang=\"FR\">Ainsi s\u2019ach\u00e8ve cette premi\u00e8re esquisse de ce que sont ces choses qui doivent devenir pour nous tous l\u2019une des pr\u00e9occupations majeures de ces prochains mois.<\/span><\/p>\n<p><span lang=\"FR\">Avant de terminer il convient d\u2019insister sur le fait qu\u2019une assembl\u00e9e constituante n&rsquo;est pas le lieu de la dissension mais le lieu de la r\u00e9union. Ce n&rsquo;est pas une ar\u00e8ne politique mais le lieu d&rsquo;o\u00f9 toutes les forces politiques de la nation devront s&rsquo;entendre pour \u00e9crire les fondations de l&rsquo;espace publique. Il faut insister sur le fait que la question des partis est compl\u00e8tement d\u00e9plac\u00e9e dans cette assembl\u00e9e.<\/span><\/p>\n<p><span lang=\"FR\">Effectivement, les personnes voulant devenir des d\u00e9put\u00e9s constituants, c&rsquo;est \u00e0 dire les repr\u00e9sentants du peuple Tunisien, qui vont avoir la responsabilit\u00e9 devant l&rsquo;avenir de notre Nation d&rsquo;\u00e9crire le texte qui servira de base \u00e0 tout le reste, doivent se r\u00e9unir, non pas par parti, mais par affinit\u00e9 de pens\u00e9e et de repr\u00e9sentation d&rsquo;int\u00e9r\u00eat. Tout autre fa\u00e7on de faire n&rsquo;entra\u00eenera que des complications et am\u00e8nera des probl\u00e8mes insolubles dans ce qui sera le c\u0153ur et l\u2019\u00e2me de notre avenir.<\/span><\/p>\n<p><span lang=\"FR\">Et il ne s&rsquo;agit pas ici d&rsquo;avoir une exp\u00e9rience dans la gestion de l&rsquo;\u00c9tat, mais d&rsquo;avoir des id\u00e9es sur ce que doit \u00eatre notre nation. C&rsquo;est sur ces seules id\u00e9es que nous devrons choisir nos repr\u00e9sentants \u00e0 cette assembl\u00e9e.<\/span><\/p>\n<p><span lang=\"FR\">Et si cette assembl\u00e9e est une assembl\u00e9e des probes, des int\u00e8gres, de ceux qui veulent fonder le futur de la Tunisie sur le dialogue, la discussion et l&rsquo;accord, alors ce sera la seule v\u00e9ritable institution que notre pays aura eue en cinquante ans.<\/span><\/p>\n<p><span lang=\"FR\">Et c\u2019est pourquoi il est plus que temps pour les membres de la soci\u00e9t\u00e9 civile de se manifester et d&rsquo;\u00e9crire une nouvelle page de l&rsquo;histoire de la Tunisie. Femmes, hommes, jeunes, vieux, tous, nous avons notre place dans cette assembl\u00e9e, \u00e0 partir du moment o\u00f9 nous savons ce que nous voulons pour notre pays et que nous pouvons le d\u00e9fendre.<\/span><\/p>\n<p><span lang=\"FR\">Source\u00a0: \u00ab\u00a0Espace manager\u00a0\u00bb Le 11-03-2011<\/span><\/p>\n<div>\n<p><span lang=\"FR\">Lien\u00a0:<a href=\"http:\/\/www.espacemanager.com\/politique\/tunisie-lecon-de-droit-constitutionnel-elementaire.html\" target=\"_blank\" rel=\"noopener\">http:\/\/www.espacemanager.com\/politique\/tunisie-lecon-de-droit-constitutionnel-elementaire.html<\/a><\/span><\/p>\n<\/div>\n<p align=\"center\"><b><span lang=\"NO-BOK\"><a href=\"http:\/\/www.tunisienumerique.com\/2011\/03\/autopsie-du-systeme-ben-ali\/\" target=\"_blank\" rel=\"noopener\"><span>Autopsie du syst\u00e8me Ben Ali<\/span><\/a> <\/span><\/b><\/p>\n<hr\/>\n<p>\u00a0<\/p>\n<p><span lang=\"FR\">Article de l\u2019Express : La politique est la passion pr\u00e9f\u00e9r\u00e9e de Kamel el-Taief. Ce chef d\u2019entreprise, qui a h\u00e9rit\u00e9 de son p\u00e8re une soci\u00e9t\u00e9 de BTP, est avant tout un homme de r\u00e9seaux et un conseiller de l\u2019ombre. Il est \u00e0 l\u2019origine de l\u2019ascension de l\u2019ex-Pr\u00e9sident Zine el-Abidine Ben Ali, comme lui originaire de Hammam Sousse, et fut l\u2019un des instigateurs du \u00abcoup d\u2019Etat m\u00e9dical\u00a0\u00bb du 7 novembre 1987, puis de la politique d\u2019ouverture des d\u00e9buts, \u00e0 la fin des ann\u00e9es 1980. Il est tomb\u00e9 en disgr\u00e2ce lorsque Ben Ali a choisi de divorcer pour \u00e9pouser Leila Trabelsi, contre laquelle il l\u2019avait mis en garde, l\u2019interview qui suit constitue un t\u00e9moignage direct notamment sur les conditions dans lesquelles Ben Ali a renvers\u00e9 Habib Bourguiba en 1987.<\/span><\/p>\n<p><span lang=\"FR\">Comment avez-vous fait la connaissance de Ben Ali\u00a0?<\/span><\/p>\n<p><span lang=\"FR\">Je l\u2019ai rencontr\u00e9 en 1978 par l\u2019interm\u00e9diaire d\u2019un ami qui \u00e9tait alors le chef d\u2019\u00c9tat-major de l\u2019arm\u00e9e, Abdelhamid Escheikh. Il me l\u2019a pr\u00e9sent\u00e9. Nous sommes tous les deux originaires de la m\u00eame ville, Hammam Sousse.<\/span><\/p>\n<p><b><span lang=\"FR\">Pourquoi avez-vous choisi de le parrainer\u00a0?<\/span><\/b><\/p>\n<p><span lang=\"FR\">Dans les ann\u00e9es 1980, le principal probl\u00e8me de la Tunisie \u00e9tait celui de la s\u00e9curit\u00e9. Ben Ali \u00e9tait un homme s\u00e9rieux, gros travailleur. Et surtout un bon professionnel de la s\u00e9curit\u00e9. Au moment de la \u00ab\u00a0r\u00e9volte du pain\u00a0\u00bb, en 1984, il \u00e9tait en poste \u00e0 l\u2019ambassade de Tunisie \u00e0 Varsovie. Je suis all\u00e9 voir le Premier ministre de l\u2019\u00e9poque, Mohamed Mzali, que je connaissais bien, et je lui ai dit qu\u2019il fallait quelqu\u2019un qui soit capable de g\u00e9rer la situation. Je lui ai sugg\u00e9r\u00e9 de rappeler Ben Ali, ce qu\u2019il a fait. Il l\u2019a nomm\u00e9 chef de la S\u00fbret\u00e9 nationale. Par la suite, il est devenu secr\u00e9taire d\u2019Etat puis ministre de l\u2019Int\u00e9rieur et Premier ministre, le 2 octobre 1987.<\/span><\/p>\n<p><b><span lang=\"FR\">Avait-il les qualit\u00e9s politiques requises\u00a0?<\/span><\/b><\/p>\n<p><span lang=\"FR\">Non. Sur ce plan, il \u00e9tait limit\u00e9.<\/span><\/p>\n<p><b><span lang=\"FR\">Comment avez-vous d\u00e9cid\u00e9 de renverser Bourguiba\u00a0?<\/span><\/b><\/p>\n<p><span lang=\"FR\">Quelques jours seulement apr\u00e8s la nomination de Ben Ali \u00e0 la t\u00eate du gouvernement, l\u2019entourage de Bourguiba est entr\u00e9 en conflit avec lui. Il ont r\u00e9ussi \u00e0 convaincre le vieux Pr\u00e9sident de nommer Mohamed Sayah \u00e0 sa place. Un soir, la ni\u00e8ce de Bourguiba, Sa\u00efda Sassi, qui s\u2019occupait de son oncle depuis le d\u00e9part de son \u00e9pouse, Wassila, est pass\u00e9 chez Ben Ali. Elle lui a r\u00e9v\u00e9l\u00e9 qu\u2019il allait \u00eatre limog\u00e9. D\u00e8s qu\u2019elle est partie, Ben Ali m\u2019a t\u00e9l\u00e9phon\u00e9. Il a aussi appel\u00e9 H\u00e9di Baccouche, alors ministre des Affaires sociales, ainsi que Mohamed Chikri, qui \u00e9tait \u00e0 l\u2019\u00e9poque au minist\u00e8re de l\u2019Int\u00e9rieur. Charg\u00e9 de suivre pour son compte les activit\u00e9s de Sa\u00efda Sassi, et Habib Ammar, le commandant de la garde nationale. Nous nous sommes tous retrouv\u00e9s chez Ben Ali un peu avant minuit. Je lui ai dit ce que je pensais, \u00e0 savoir que Bourguiba n\u2019\u00e9tait plus en mesure d\u2019assurer ses fonctions de chef d\u2019Etat, que le pouvoir \u00e9tait \u00e0 ramasser et qu\u2019il fallait le prendre. La situation \u00e9tait grave. Il \u00e9tait Premier ministre et ministre de l\u2019Int\u00e9rieur, il \u00e9tait donc l\u2019homme idoine. Habib Ammar \u00e9tait pr\u00eat \u00e0 faire ce qu\u2019il fallait sur le terrain. H\u00e9di Baccouche \u00e9tait h\u00e9sitant. Le lendemain, Ben Ali, qui avait rendez-vous avec Bourguiba, est all\u00e9 le voir.<\/span><\/p>\n<p><span lang=\"FR\">Il a \u00e9tait tr\u00e8s mal re\u00e7u\u00a0: Bourguiba l\u2019a insult\u00e9 et m\u00eame gifl\u00e9. Il m\u2019a appel\u00e9 imm\u00e9diatement, et nous nous sommes revus chez lui, en t\u00eate \u00e0 t\u00eate. Je lui ai dit qu\u2019il ne fallait plus attendre, qu\u2019il fallait passer \u00e0 l\u2019acte.<\/span><\/p>\n<p><span lang=\"FR\">Je connaissais tr\u00e8s bien l\u2019ambassadeur am\u00e9ricain de l\u2019\u00e9poque, Robert Pelletrau, et je savais qu\u2019il devait voir Bourguiba le lendemain en compagnie du repr\u00e9sentant des Etats-Unis aupr\u00e8s de l\u2019ONU, Vernon Walters, et d\u2019une d\u00e9l\u00e9gation de s\u00e9nateurs am\u00e9ricains. J\u2019ai organis\u00e9 avant cette rencontre un rendez-vous entre lui et Ben Ali. L\u2019id\u00e9e \u00e9tait de convaincre les Am\u00e9ricains de glisser un mot \u00e0 Bourguiba en faveur de Ben Ali, en leur faisant croire que l\u2019entourage du Pr\u00e9sident voulait l\u2019\u00e9liminer parce qu\u2019il \u00e9tait proam\u00e9ricain. Nous esp\u00e9rions ainsi gagner du temps et pouvoir intervenir avant la nomination de Sayah, qui se profilait. C\u2019est ce qui a \u00e9t\u00e9 fait. En plus au cours de cette audience, Bourguiba a dit aux Am\u00e9ricains qu\u2019il voulait la condamnation \u00e0 mort pour Rached Ghannouchi, le chef du mouvement islamiste Ennahda. Ils ont \u00e9t\u00e9 atterr\u00e9s\u2026Ensuite, nous avons commenc\u00e9 \u00e0 travailler sur les modalit\u00e9s. Les d\u00e9tails techniques ont \u00e9t\u00e9 mis au point par Habib Ammar et Ben Ali. Mais Ben Ali tergiversait. Il avait peur, en fait, je suis revenu plusieurs fois \u00e0 la charge. H\u00e9di Baccouche s\u2019est ralli\u00e9 sur le tard. C\u2019est lui qui a r\u00e9dig\u00e9, dans la soir\u00e9 du 6 novembre, au minist\u00e8re de l\u2019Int\u00e9rieur, ce qui allait devenir \u00ab\u00a0le discours du 7 novembre\u00a0\u00bb, le texte dans lequel Ben Ali promettait aux Tunisiens l\u2019instauration de la d\u00e9mocratie\u2026<\/span><\/p>\n<p><b><span lang=\"FR\">On dit que vous avez pr\u00e9venu les Alg\u00e9riens, et eux seuls. Est-ce vrai\u00a0?<\/span><\/b><\/p>\n<p><span lang=\"FR\">Le hasard a voulu que le ministre de l\u2019Int\u00e9rieur alg\u00e9rien. H\u00e9di Kh\u00e9diri, soit en visite \u00e0 Tunis alors que nous pr\u00e9parions le renversement de Bourguiba. J\u2019ai en effet sugg\u00e9r\u00e9 \u00e0 Ben Ali de le mettre dans la confidence afin que le pr\u00e9sident Chadli Bendjedid soit inform\u00e9 de notre projet. Le chef de l\u2019Etat alg\u00e9rien a donn\u00e9 son feu vert, en y mettant une condition\u00a0: que Bourguiba soit bien trait\u00e9.<\/span><\/p>\n<p><b><span lang=\"FR\">Vous avez pouss\u00e9 un homme \u00e0 prendre le pouvoir alors que vous saviez qu\u2019il n\u2019avait ni l\u2019intelligence ni la hauteur de vue d\u2019un chef d\u2019Etat\u2026<\/span><\/b><\/p>\n<p><span lang=\"FR\">Bourguiba \u00e9tait malade et s\u00e9nile. La Tunisie \u00e9tait dans une situation dramatique. Le changement s\u2019imposait et, il fallait le faire dans le respect de la Constitution. Or, Ben Ali \u00e9tait Premier ministre. Constitutionnellement, il \u00e9tait le seul \u00e0 pouvoir remplacer Bourguiba. D\u2019ailleurs, au d\u00e9but, cela a\u00a0 bien fonctionn\u00e9. La d\u00e9claration du 7 novembre avait promis la d\u00e9mocratie. Gr\u00e2ce \u00e0 mes conseils et \u00e0 mes r\u00e9seaux, le nouveau Pr\u00e9sident a pu s\u2019entretenir avec l\u2019ensemble de la classe politique et de la soci\u00e9t\u00e9 civile\u00a0: les ind\u00e9pendants, les dissidents, les militants des droits de l\u2019homme, dont plusieurs sont devenus ministres\u2026 Tout le monde \u00e9tait alors persuad\u00e9 qu\u2019une nouvelle page de l\u2019histoire de la Tunisie allait s\u2019ouvrir.<\/span><\/p>\n<p><b><span lang=\"FR\">A qui faut-il imputer l\u2019\u00e9chec des \u00e9lections de 1989\u00a0?<\/span><\/b><\/p>\n<p><span lang=\"FR\">A H\u00e9di Baccouche, qui ne croyait pas au multipartisme. Mais aussi \u00e0 Abdallah Kallel, qui \u00e9tait ministre de la D\u00e9fense, \u00e0 Chedli Neffati, ministre de l\u2019Int\u00e9rieur, et \u00e0 Abderrahim Zouari, qui \u00e9tait \u00e0 l\u2019\u00e9poque secr\u00e9taire g\u00e9n\u00e9ral du Rassemblement Constitutionnel D\u00e9mocratique (RCD), qui avait succ\u00e9d\u00e9 au Parti socialiste destourien.<\/span><\/p>\n<p><b><span lang=\"FR\">Et vous, avez-vous \u00e9t\u00e9 membre du RCD\u00a0?<\/span><\/b><\/p>\n<p><span lang=\"FR\">Non, jamais. Ni du RCD ni d\u2019aucun autre parti politique.<\/span><\/p>\n<p><b><span lang=\"FR\">Rapidement, au d\u00e9but des ann\u00e9es 1990, les arrestations se multiplient. Elles visent d\u2019abord les islamistes, puis les d\u00e9fenseurs des droits de l\u2019homme, puis tous ceux qui tentent d\u2019exprimer leur diff\u00e9rence\u2026<\/span><\/b><\/p>\n<p><span lang=\"FR\">Oui, ce tournant remonte \u00e0 1991 et correspond \u00e0 la nomination d\u2019Abdallah Kallel au minist\u00e8re de l\u2019Int\u00e9rieur. Il a fait croire \u00e0 Ben Ali qu\u2019il y avait une menace terroriste. Il est aussi, l\u2019ann\u00e9e suivante, \u00e0 l\u2019origine d\u2019une nouvelle loi sur les associations, qui visait directement l\u2019ind\u00e9pendance de la Ligue Tunisienne des Droits de l\u2019Homme (LTDH). Il a m\u00eame essay\u00e9 d\u2019obtenir le limogeage de l\u2019Assembl\u00e9e nationale de l\u2019ancien ministre des Affaires \u00e9trang\u00e8res, B\u00e9ji Ca\u00efd Essebsi, connu et respect\u00e9 de tous pour son patriotisme (NDLR\u00a0: nomm\u00e9 Premier ministre le 27 f\u00e9vrier). Il a fait croire \u00e0 Ben Ali qu\u2019il \u00e9tait profran\u00e7ais parce que la s\u00e9curit\u00e9 avait intercept\u00e9 un courrier qui lui \u00e9tait adress\u00e9 dans lequel il y avait un livre \u00e9crit par un homme politique fran\u00e7ais et traitant de la d\u00e9mocratie\u00a0! Pour la loi contre la Ligue, je suis intervenu aupr\u00e8s de Ben Ali. Je me souviens avoir dit au Pr\u00e9sident que cette loi \u00e9tait absurde, qu\u2019il ne pouvait pas avoir promis la d\u00e9mocratie et avaliser un texte qui risquait de faire tomber la Ligue sur la coupe du RCD\u00a0! La loi a \u00e9t\u00e9 abrog\u00e9e. Mais elle a \u00e9t\u00e9 r\u00e9introduite peu apr\u00e8s, lorsque je suis tomb\u00e9 en disgr\u00e2ce.<\/span><\/p>\n<p><b><span lang=\"FR\">En effet, vous vous brouillez ensuite avec Ben Ali. A cause de Le\u00efla Trabelsi\u00a0?<\/span><\/b><\/p>\n<p><span lang=\"FR\">Oui. Elle \u00e9tait sa ma\u00eetresse depuis 1984, \u00e0 l\u2019\u00e9poque o\u00f9 il l\u2019a rencontr\u00e9e, elle travaillait comme secr\u00e9taire dans une soci\u00e9t\u00e9 de BTP. C\u2019\u00e9tait une femme l\u00e9g\u00e8re qui aimait l\u2019argent. Il \u00e9tait tr\u00e8s amoureux d\u2019elle. En 1992, lorsqu\u2019il a d\u00e9cid\u00e9 de divorcer pour l\u2019\u00e9pouser, je lui ai dit qu\u2019il faisait une grave erreur. Ce n\u2019\u00e9tait pas une femme pour un chef d\u2019Etat. Je connaissais aussi la famille. Ses fr\u00e8res \u00e9taient des voyous. Il l\u2019a \u00e9pous\u00e9e et lui a dit que je l\u2019avais mis en garde contre elle. Elle m\u2019en a bien s\u00fbr voulu.<\/span><\/p>\n<p><b><span lang=\"FR\">Que vous est-il arriv\u00e9\u00a0? Sans poste officiel, vous ne pouviez \u00eatre limog\u00e9\u2026<\/span><\/b><\/p>\n<p><span lang=\"FR\">Non, mais j\u2019ai \u00e9t\u00e9 soumis \u00e0 un harc\u00e8lement constant orchestr\u00e9 par le ministre de l\u2019Int\u00e9rieur, Abdallah Kallel. Il y mettait d\u2019autant plus de z\u00e8le qu\u2019il m\u2019en voulait par ailleurs personnellement \u00e0 cause de cette loi sur les associations. J\u2019ai \u00e9t\u00e9 suivi et mis sur \u00e9coute. Il y avait des policiers devant mon bureau, les gens qui venaient me voir \u00e9taient plac\u00e9s sous surveillance\u2026 Il y a eu aussi quelques incidents plus graves. En juillet 1992, j\u2019avais convi\u00e9 de nombreuses personnalit\u00e9s, comme cela se fait chez nous, \u00e0 l\u2019occasion de la circoncision de mon fils. Plusieurs de ces invit\u00e9s avaient des postes minist\u00e9riels. Le lendemain, ils ont tous \u00e9t\u00e9 limog\u00e9s\u2026 En 1996, mes bureaux ont \u00e9t\u00e9 incendi\u00e9s. Cinq ans plus tard, alors que j\u2019\u00e9tais chez le coiffeur, deux motards cagoul\u00e9s ont d\u00e9truit ma voiture. Cette fois-l\u00e0, il s\u2019agissait de me faire payer un d\u00eener, la veille, chez l\u2019ambassadeur des Etats-Unis. A la suite de cela, j\u2019ai \u00e9t\u00e9 arr\u00eat\u00e9 et emprisonn\u00e9. Il cherchait \u00e0 m\u2019isoler, \u00e0 me dissuader de voir des personnalit\u00e9s politiques ou des diplomates. En m\u00eame temps, au palais, Leila prenait de plus en plus d\u2019importance. A la fin, c\u2019\u00e9tait elle qui commandait.<\/span><\/p>\n<p><b><span lang=\"FR\">A partir de quand a-t-elle r\u00e9ellement pris le pouvoir\u00a0?<\/span><\/b><\/p>\n<p><span lang=\"FR\">D\u00e8s le d\u00e9but, elle a mis certains des conseillers de son mari dans sa poche, notamment Abdelwaheb Abdallah, qui \u00e9tait alors au palais de Carthage et avait d\u00e9j\u00e0 la haute main sur l\u2019information, ainsi qu\u2019Abdelaziz Ben Dhia. Abdallah Kallel s\u2019est mis aussi \u00e0 son service. Voyant le Pr\u00e9sident amoureux, ils ont estim\u00e9 qu\u2019ils auraient d\u2019autant plus d\u2019influence qu\u2019ils plairaient \u00e0 son \u00e9pouse\u2026 D\u00e8s 1992, elle a obtenu de faire tomber des t\u00eates. D\u00e8s le d\u00e9but des ann\u00e9es 2000, tout passait par elle\u00a0: personne ne pouvait directement acc\u00e9der au Pr\u00e9sident car elle filtrait toutes les visites. Cela n\u2019a fait qu\u2019empirer lorsque la sant\u00e9 de Ben Ali s\u2019est d\u00e9grad\u00e9e.<\/span><\/p>\n<p><b><span lang=\"FR\">Sa nombreuse fratrie a mis la main sur des pans entiers de l\u2019\u00e9conomie tunisienne. Mais, qu\u2019apparaisse le clan des Trabelsi, le fr\u00e8re du Pr\u00e9sident avait d\u00e9j\u00e0 s\u00e9vi, ainsi que ses nombreux gendres, les Slim Zarrouk, Slim Chiboub, Marwan Ben Mabrouk\u2026<\/span><\/b><\/p>\n<p><span lang=\"FR\">Oui, et Ben Ali laissait faire. En 1991, je me souviens de l\u2019avoir mis en garde contre l\u2019app\u00e9tit de l\u2019un de ses gendres, en lui conseillant de freiner. Il m\u2019a r\u00e9pondu que si ce n\u2019\u00e9tait pas lui ce serait un autre\u2026 Mais avec l\u2019arriv\u00e9e des Trabelsi on a chang\u00e9 de braquet. Ils \u00e9taient nombreux, sans aucun scrupule, rien ne les arr\u00eatait. Et pas seulement les fr\u00e8res de Leila. La m\u00e8re aussi, les cousins, les amis, tout le monde. Ils ont b\u00e2ti d\u2019immenses fortunes, \u00e0 partir de rien. Ils demandaient \u00e0 Ben Ali d\u2019intervenir en leur faveur, et le pr\u00e9sident s\u2019ex\u00e9cutait.<\/span><\/p>\n<p><b><span lang=\"FR\">A ce propos, qu\u2019en est-il d\u2019Aziz Miled, l\u2019homme d\u2019affaire qui a accompagn\u00e9 Mich\u00e8le Alliot-Marie et son compagnon lors de leurs vacances tunisiennes\u00a0?<\/span><span lang=\"NO-BOK\">Etait-il proche des Trabelsi\u00a0?<\/span><\/b><\/p>\n<p><span lang=\"FR\">En fait, au d\u00e9part, il \u00e9tait surtout proche de Slim Chiboub. Il faisait des affaires avec lui. Puis, apr\u00e8s la mise \u00e0 l\u2019\u00e9cart de celui-ci, il s\u2019est approch\u00e9 du clan des Trabelsi. Derni\u00e8rement, on le voyait surtout avec le dernier gendre de Ben Ali, Sakhr el-Materi.<\/span><\/p>\n<p><b><span lang=\"FR\">On ne peut donc pas dire qu\u2019il a \u00e9t\u00e9 une \u00ab\u00a0victime\u00a0\u00bb des Trabelsi\u00a0?<\/span><\/b><\/p>\n<p><span lang=\"FR\">En aucun cas. Il faisait partie du cercle.<\/span><\/p>\n<p><b><span lang=\"FR\">Le 14 janvier 2011, qui a d\u00e9cid\u00e9 Ben Ali \u00e0 partir\u00a0?<\/span><\/b><\/p>\n<p><span lang=\"FR\">Je ne peux en \u00eatre s\u00fbr car je n\u2019\u00e9tais pas sur place, mais tout indique que c\u2019est Ali Seriati, le patron de la garde pr\u00e9sidentielle. Il l\u2019a convaincu de partir en lui expliquant qu\u2019il valait mieux qu\u2019il s\u2019\u00e9loigne, le temps pour lui pour reprendre la situation en main.<\/span><\/p>\n<p><b><span lang=\"FR\">Etait-ce que faire revenir Ben Ali ou pour son propre compte\u00a0?<\/span><\/b><\/p>\n<p><span lang=\"FR\">A mon avis, pour son propre compte. Il semble bien qu\u2019il s\u2019agissait d\u2019une tentative de coup d\u2019Etat.<\/span><\/p>\n<p><span lang=\"FR\">Source\u00a0: \u00ab\u00a0Tunisie numerique\u00a0\u00bb Le 11-03-2011<\/span><\/p>\n<div>\n<p><span lang=\"FR\">Lien\u00a0:<a href=\"http:\/\/www.tunisienumerique.com\/2011\/03\/autopsie-du-systeme-ben-ali\/\" target=\"_blank\" rel=\"noopener\">http:\/\/www.tunisienumerique.com\/2011\/03\/autopsie-du-systeme-ben-ali\/<\/a><\/span><\/p>\n<\/div>\n<p align=\"center\"><b><span lang=\"FR\">Tunisie : Hommage au cyber-militant Zouhair Yahyaoui <\/span><\/b><\/p>\n<hr\/>\n<p>\u00a0<\/p>\n<p><span lang=\"FR\">Ils se rassembleront, samedi 12 mars, devant le Th\u00e9\u00e2tre Municipal de Tunis. Ils sont des cyber-activistes, des militants des droits de l\u2019homme et des citoyens tunisiens. Ils y seront pour rendre hommage \u00e0 feu Zouhair Yahyaoui, figure phare de la r\u00e9sistance contre l\u2019appareil politico-m\u00e9diatique de Zaba.<\/span><\/p>\n<p><span lang=\"FR\">\u00abNous nous dirigerons ensuite au domicile familial de Zouhair Yahyaoui, situ\u00e9 au 50, rue Habib Thameur, \u00e0 Ben Arous. Nous nous recueillerons enfin sur la tombe de Zouhair pour dire que nous ne l\u2019oublierons jamais\u00bb \u00e9crit Sophie Piekarec, sa fianc\u00e9e et sa compagne dans son combat contre la dictature de Zaba.<\/span><\/p>\n<p><span lang=\"FR\">Bien avant que l\u2019op\u00e9ration Tunisie soit lanc\u00e9e par Anonymous, bien avant\u00a0 que la campagne \u00abSayeb Salah\u00bb soit adopt\u00e9e par certains blogueurs et tweeples tunisiens, bien avant que Slim Amamou et Azyz Amamy soient arr\u00eat\u00e9s et emprisonn\u00e9s par la police politique de Ben Ali, il \u00e9tait une fois TUNeZINE. A ce moment, il n\u2019y avait quasiment que Takriz qui luttait aussi contre la dictature via les pages du Net.<\/span><\/p>\n<p><span lang=\"FR\">Lanc\u00e9 en juin 2001, Tunezine int\u00e9grait un magazine en ligne et un forum. C\u2019\u00e9tait le rep\u00e8re des cyberdissidents tunisiens. Et son d\u00e9funt cr\u00e9ateur Zouhair Yahyaoui a vu et a v\u00e9cu le pire, deux ans apr\u00e8s le lancement de son journal web. Ses articles satiriques ciblant Zaba explicitement lui ont valu torture et emprisonnement entre juin 2002 et d\u00e9cembre 2003. Il a d\u00fb multiplier les gr\u00e8ves de la faim pour obtenir la libert\u00e9 conditionnelle. L\u2019indomptable cyberdissident est d\u00e9c\u00e9d\u00e9 \u00e0 l\u2019\u00e2ge de 37 ans d\u2019une attaque cardiaque le 13 mars 2005.<\/span><\/p>\n<p><span lang=\"FR\">En juin 2003, Zouhair Yahyaoui a re\u00e7u, \u00e0 Paris, le Prix Cyberlibert\u00e9. Il s\u2019est \u00e9galement fait connaitre en relayant sur son site une lettre d\u00e9non\u00e7ant le fonctionnement de la justice, adress\u00e9e au pr\u00e9sident ZABA et sign\u00e9e par son oncle, l\u2019avocat et ex-magistrat Mokhtar Yahyaoui. N\u00e9 en d\u00e9cembre 1967, Zouhair Yahyaoui, connu sur TUNeZINE sous le pseudo d\u2019Ettounsi, \u00e9tait le catalyseur d\u2019un noyau dur de cyber-dissidence. Nous en citerons Decepticus, Sophie Elwarda, Omar Khayam, Lecteur assidu. \u00abLe lendemain du d\u00e9c\u00e8s de Zouhair. Nous avons tous r\u00e9v\u00e9l\u00e9 nos identit\u00e9s. Il n\u2019\u00e9tait plus question de rester sous couvert de pseudos alors que notre ami est d\u00e9c\u00e9d\u00e9\u00bb nous raconte Ta\u00efeb Moalla, journaliste tunisien au Journal de Qu\u00e9bec, connu sur TUNeZINE sous le pseudo Lecteur assidu.<\/span><\/p>\n<p><span lang=\"FR\">Mohamed Nouri, pr\u00e9sident de l\u2019Association de soutien aux prisonniers politiques, Mustapaha Ben Jaafar, chef du parti d\u2019opposition FDTL ainsi que la journaliste dissidente Sihem Bensedrine et certaines autres figures militantes des Droits de l\u2019Homme \u00e9taient pr\u00e9sentes \u00e0 ses fun\u00e9railles, lundi 14 mars 2005. L\u2019organisation internationale phare de la d\u00e9fense de la presse \u00abReporters Sans Fronti\u00e8res\u00bb a m\u00eame d\u00e9l\u00e9gu\u00e9 un repr\u00e9sentant pour assister aux fun\u00e9railles du d\u00e9funt militant. <\/span><\/p>\n<p><span lang=\"FR\">A l\u2019\u00e9poque, certains opposants et militants notamment Mustapaha Ben Jaafar ont propos\u00e9 de faire du 13 mars une \u00abjourn\u00e9e de la libert\u00e9 d\u2019expression sur internet\u00bb. Ce genre de recommandations n\u2019avait \u00e9videmment pas de poids sous le r\u00e9gime dictatorial de Zaba. Aujourd\u2019hui, cette proposition, sera-t-elle abord\u00e9e de nouveau et aura-t-elle des \u00e9chos?<\/span><\/p>\n<p><span lang=\"FR\">Source\u00a0:\u00a0\u00ab\u00a0Tekiano\u00a0\u00bb Le 11-03-2011<\/span><\/p>\n<div>\n<p><span lang=\"FR\">Lien\u00a0:<a href=\"http:\/\/www.tekiano.com\/net\/7-web-2-0\/3451-tunisie-hommage-au-cyber-militant-zouhair-yahyaoui.html\" target=\"_blank\" rel=\"noopener\"><font>http:\/\/www.tekiano.com\/net\/7-web-2-0\/3451-tunisie-hommage-au-cyber-militant-zouhair-yahyaoui.html<\/font><\/a><\/span><\/p>\n<\/div>\n<p><b><span lang=\"FR\">\u00a0\u00a0\u00a0\u00a0\u00a0\u00a0\u00a0\u00a0\u00a0\u00a0\u00a0\u00a0\u00a0\u00a0\u00a0\u00a0\u00a0\u00a0\u00a0\u00a0\u00a0\u00a0\u00a0\u00a0\u00a0\u00a0\u00a0\u00a0\u00a0\u00a0\u00a0\u00a0\u00a0\u00a0\u00a0\u00a0\u00a0\u00a0\u00a0\u00a0\u00a0\u00a0\u00a0\u00a0\u00a0\u00a0\u00a0\u00a0\u00a0\u00a0\u00a0\u00a0\u00a0\u00a0\u00a0\u00a0\u00a0\u00a0\u00a0\u00a0\u00a0\u00a0\u00a0\u00a0\u00a0\u00a0\u00a0\u00a0\u00a0\u00a0\u00a0\u00a0\u00a0\u00a0\u00a0\u00a0\u00a0\u00a0\u00a0\u00a0\u00a0\u00a0\u00a0\u00a0\u00a0\u00a0\u00a0\u00a0\u00a0\u00a0\u00a0\u00a0\u00a0\u00a0\u00a0\u00a0\u00a0\u00a0\u00a0\u00a0\u00a0\u00a0\u00a0\u00a0\u00a0\u00a0\u00a0\u00a0\u00a0\u00a0\u00a0\u00a0\u00a0\u00a0\u00a0\u00a0\u00a0\u00a0\u00a0\u00a0\u00a0\u00a0<\/p>\n<h3 style=\"color: blue;\"><font size=\"3\">\u00ab\u00a0On jouit d&rsquo;une sorte d&rsquo;irresponsabilit\u00e9\u00a0\u00bb<\/font><\/h3>\n<p> <\/span><\/b><\/p>\n<hr\/>\n<p>\u00a0<\/p>\n<p><span lang=\"FR\"><font><strong>Gis\u00e8le Halimi : <\/strong><\/font><\/span><\/p>\n<p><b><span lang=\"FR\">Vous \u00eates n\u00e9e en Tunisie. Comment avez-vous v\u00e9cu les r\u00e9cents \u00e9v\u00e9nements ?<\/span><\/b><\/p>\n<p><span lang=\"FR\">Je suis tunisienne. Quand je suis n\u00e9e, mes parents \u00e9taient tunisiens. Ils sont devenus fran\u00e7ais, moi aussi, mais j&rsquo;ai les deux nationalit\u00e9s. J&rsquo;ai v\u00e9cu ces \u00e9v\u00e9nements avec \u00e9motion et avec fiert\u00e9. Emotion, car quoi qu&rsquo;il soit arriv\u00e9 en Tunisie, je n&rsquo;ai jamais rompu avec mon pays et j&rsquo;y suis toujours all\u00e9e. La Tunisie, pays arabe, a \u00e9t\u00e9 \u00e0 l&rsquo;avant-garde pour les droits des femmes, et cela ne pouvait que me toucher. J&rsquo;ai \u00e9t\u00e9, \u00e0 21 ans, l&rsquo;avocate de Bourguiba. Et il est honn\u00eate de reconna\u00eetre qu&rsquo;ensuite, <\/span><span lang=\"NO-BOK\"><a href=\"http:\/\/www.lemonde.fr\/sujet\/26ed\/ben-ali.html\" target=\"_blank\" rel=\"noopener\"><span lang=\"FR\">Ben Ali<\/span><\/a><\/span><span lang=\"FR\">, dans un premier temps, en 1987, a consolid\u00e9 les acquis pour les femmes. Puis, il y a eu cette extinction des libert\u00e9s. Et r\u00e9cemment, les femmes ont \u00e9t\u00e9 au coeur de cette r\u00e9volution, et je regrette qu&rsquo;on n&rsquo;ait pas assez montr\u00e9 qu&rsquo;elles \u00e9taient \u00e0 l&rsquo;avant-garde.<\/span><\/p>\n<p><b><span lang=\"FR\">Pourtant, certaines d\u00e9cident de nouveau de se voiler&#8230;<\/span><\/b><\/p>\n<p><span lang=\"FR\">Elles le font en pensant que c&rsquo;est un retour aux sources. Cela reste sur un plan priv\u00e9, celui de la foi, mais, paradoxalement, cela n&rsquo;entra\u00eene pas de cons\u00e9quences sur le plan de leur libert\u00e9 et de leur travail. C&rsquo;est une revendication culturelle, identitaire et patriotique.<\/span><\/p>\n<p><b><span lang=\"FR\">Dans \u00ab\u00a0Histoire d&rsquo;une passion\u00a0\u00bb (Plon, 200 p., 18,50 euros), vous \u00e9voquez votre attachement \u00e0 une certaine tradition tunisienne. Laquelle ?<\/span><\/b><\/p>\n<p><span lang=\"FR\">Je suis de culture fran\u00e7aise, mais mes grands-parents ne parlaient pas le fran\u00e7ais, mais l&rsquo;arabe populaire, qui ne s&rsquo;\u00e9crit pas. J&rsquo;aime cet idiome jud\u00e9o-arabe-tunisien et j&rsquo;y suis attach\u00e9e, j&rsquo;utilise toujours certaines expressions, qui mettent un peu de soleil dans cette vie parisienne.<\/span><\/p>\n<p><b><span lang=\"FR\">Avant de parler de cette passion pour votre petite-fille, vous pr\u00e9cisez que vous \u00eates m\u00e8re de trois gar\u00e7ons et que vous auriez aim\u00e9 avoir une fille pour \u00ab\u00a0mettre \u00e0 l&rsquo;\u00e9preuve\u00a0\u00bb votre engagement f\u00e9ministe&#8230;<\/span><\/b><\/p>\n<p><span lang=\"FR\">J&rsquo;aurais voulu savoir si, en l&rsquo;\u00e9levant, j&rsquo;allais me conformer exactement \u00e0 ce que j&rsquo;avais revendiqu\u00e9, \u00e0 la fois pour moi et pour toutes les femmes. Il n&rsquo;est pas anodin d&rsquo;\u00eatre une fille aujourd&rsquo;hui, peut-\u00eatre plus qu&rsquo;avant encore. Car elle va \u00eatre confront\u00e9e au monde qui n&rsquo;a pas disparu, celui des pr\u00e9jug\u00e9s, de la violence. Et, en m\u00eame temps, elle peut avoir acc\u00e8s \u00e0 tout, m\u00eame au prix de discriminations. N&rsquo;aurais-je pas fait, par peur, une diff\u00e9rence avec les gar\u00e7ons, lui demandant, par exemple, de ne pas sortir le soir ? Je crois toutefois, que puisque je me posais la question, j&rsquo;aurais \u00e9t\u00e9 fid\u00e8le \u00e0 mes engagements.<\/span><\/p>\n<p><b><span lang=\"FR\">La relation avec votre petite-fille, que vous analysez, va au-del\u00e0 de votre cas. Elle pose la question du statut des grands-parents aujourd&rsquo;hui.<\/span><\/b><\/p>\n<p><span lang=\"FR\">Beaucoup de grands-parents d&rsquo;aujourd&rsquo;hui ne ressemblent pas \u00e0 ceux d&rsquo;autrefois. Ils se sentent jeunes encore. M\u00eame s&rsquo;ils continuent \u00e0 travailler, ce qui est mon cas, ils ont un peu plus de temps libre que lorsqu&rsquo;ils \u00e9levaient leurs enfants, ils n&rsquo;ont plus \u00e0 construire leur carri\u00e8re. J&rsquo;ai r\u00e9fl\u00e9chi \u00e0 cette question. Et je me demandais ce que, grands-parents, on peut apporter aux petits-enfants. Comment on le leur apporte. Et comment cela va se concilier avec l&rsquo;\u00e9ducation donn\u00e9e par les parents.<\/span><\/p>\n<p><span lang=\"FR\">C&rsquo;est tr\u00e8s diff\u00e9rent, car, grands-parents, on jouit d&rsquo;une sorte d&rsquo;irresponsabilit\u00e9. On a les enfants en week-end, pendant les vacances, on n&rsquo;a pas \u00e0 r\u00e9gler la question de l&rsquo;\u00e9cole. On est dans une sorte de bien-\u00eatre. On a une relation plus libre et plus gaie avec eux. Les parents sont prisonniers du quotidien.<\/span><\/p>\n<p><span lang=\"FR\">Pour les grands-parents, c&rsquo;est tr\u00e8s gratifiant d&#8217;emmener leurs petits-enfants au mus\u00e9e par exemple. On a un autre sentiment de bonheur que quand on venait au mus\u00e9e entre deux rendez-vous. Et on ne parle pas de la m\u00eame mani\u00e8re \u00e0 ses petits-enfants qu&rsquo;\u00e0 ses enfants. On a plus de fantaisie. Pour moi, avoir eu une petite-fille fut un moment charni\u00e8re de mon existence. Pas dans une perspective de transmission. Je n&rsquo;avais pas de le\u00e7on \u00e0 donner.<\/span><\/p>\n<p><b><span lang=\"FR\">Vous employez dans votre livre deux mots, \u00ab\u00a0passion\u00a0\u00bb et \u00ab\u00a0amoureuses\u00a0\u00bb. Mots tabous dans les rapports entre grands-parents et petits-enfants ?<\/span><\/b><\/p>\n<p><span lang=\"FR\">Ils sont m\u00eame tabous entre parents et enfants. Quand ma petite-fille a employ\u00e9 ce mot, \u00ab\u00a0amoureuses\u00a0\u00bb, cela ne m&rsquo;a pourtant pas choqu\u00e9e, mais remplie d&rsquo;amour. En fait, il faudrait trouver un autre mot qu'\u00a0\u00bbamour\u00a0\u00bb. Cela n&rsquo;a rien \u00e0 voir avec l&rsquo;amour entre deux adultes, ni avec l&rsquo;amour des parents. C&rsquo;est quelque chose de tr\u00e8s nouveau, qui vous raccroche \u00e0 la vie, mais en m\u00eame temps vous fait entrevoir que vous \u00eates bien avanc\u00e9 en chemin. C&rsquo;est un sentiment \u00e0 plusieurs charni\u00e8res. Pour moi, tout cela \u00e9tait d\u00e9cupl\u00e9 par mon d\u00e9sir d&rsquo;\u00eatre m\u00e8re d&rsquo;une fille.<\/span><\/p>\n<p><b><span lang=\"FR\">Est-ce que cela ne suscite pas presque fatalement la jalousie des parents et les am\u00e8ne \u00e0 \u00e9loigner grands-parents et enfants ?<\/span><\/b><\/p>\n<p><span lang=\"FR\">Je ne l&rsquo;ai pas r\u00e9alis\u00e9. Ma petite-fille et moi nous avons un peu v\u00e9cu dans une bulle. C&rsquo;\u00e9tait vraiment une passion. Certes, j&rsquo;ai fait certaines maladresses que j&rsquo;aurais d\u00fb \u00e9viter. Par exemple, quand elle refusait que sa m\u00e8re la conduise chez le dentiste et voulait que je le fasse. Je n&rsquo;aurais pas d\u00fb le faire. Je rejetais toute arri\u00e8re-pens\u00e9e qui aurait pu me culpabiliser. Mais je n&rsquo;ai jamais essay\u00e9 de profiter de notre relation intime pour l&rsquo;influencer, lui demander de prendre exemple sur moi. Pourtant, pendant trois ans, j&rsquo;ai v\u00e9cu une interdiction de l&rsquo;autorit\u00e9 parentale. Je n&rsquo;ai plus vu mes petits-enfants. Mais nous avons de nouveau une tr\u00e8s belle relation, tr\u00e8s libre.<\/span><\/p>\n<p><b><span lang=\"FR\">Cela peut aller tr\u00e8s loin, puisque vous racontez la visite, \u00e0 votre cabinet, d&rsquo;une grand-m\u00e8re qui vous dit <i>\u00ab\u00a0on m&rsquo;a enlev\u00e9 mes petits-enfants\u00a0\u00bb<\/i> et vous demande si un recours l\u00e9gal est possible.<\/span><\/b><\/p>\n<p><span lang=\"FR\">Elle \u00e9tait d\u00e9sempar\u00e9e et je connais ce sentiment. Il y a des recours l\u00e9gaux. Un article du code civil donne aux grands-parents des droits. Des droits limit\u00e9s. On accorde des droits de visite, comme dans les questions du divorce. Il y a plus de grands-parents qu&rsquo;on ne le pense qui font intervenir la loi. Comme je le disais, les grands-parents d&rsquo;aujourd&rsquo;hui sont diff\u00e9rents de ceux des g\u00e9n\u00e9rations pr\u00e9c\u00e9dentes. Ils occupent un espace infiniment plus grand qu&rsquo;avant. Tr\u00e8s diff\u00e9rent de celui de parents, qui, parfois, se sentent inf\u00e9rioris\u00e9s. Ce qui, assez souvent finalement, incite l&rsquo;autorit\u00e9 parentale \u00e0 vouloir rompre la relation grands-parents\/petits-enfants. Et pousse les grands-parents \u00e0 se battre pour \u00e9viter cela. Cela se plaide en g\u00e9n\u00e9ral en chambre du conseil, donc de mani\u00e8re priv\u00e9e.<\/span><\/p>\n<p><span lang=\"FR\">Mais d&rsquo;autres grands-parents, comme cette dame venue me voir, ne connaissent pas leurs droits. Et quand on les leur explique, souvent ils n&rsquo;osent pas faire intervenir la justice. Ils reculent devant les difficult\u00e9s judiciaires, et plus encore devant la n\u00e9cessit\u00e9 d&rsquo;\u00e9taler sa vie priv\u00e9e devant autrui.<\/span><\/p>\n<p><b><span lang=\"FR\">Dans votre livre, vous voyez les petits-enfants comme <i>\u00ab\u00a0un frein contre la vieillesse\u00a0\u00bb<\/i>. Avez-vous eu peur de la vieillesse ?<\/span><\/b><\/p>\n<p><span lang=\"FR\">Je me suis \u00e9videmment interrog\u00e9e. Quand on a ce minimum de philosophie qui est de savoir que la vie a un cours et une fin, on peut envisager cela. Moi, je vais avoir 84 ans. La seule crainte, si l&rsquo;on est en bonne sant\u00e9, est celle de la faiblesse intellectuelle. Or je me sens en pleine capacit\u00e9. Plus riche m\u00eame, de l&rsquo;exp\u00e9rience. Cela donne un point de comparaison. Bien s\u00fbr, il y a certaines limites.<\/span><\/p>\n<p><span lang=\"FR\">Autrefois, pour un proc\u00e8s d&rsquo;assises, comme celui de Bobigny, qui a fait avancer la cause des femmes sur l&rsquo;interruption de grossesse, je pouvais travailler une nuit enti\u00e8re sur un dossier, me doucher, prendre un caf\u00e9 et aller plaider. Aujourd&rsquo;hui, je ne pourrais pas aller au-del\u00e0 d&rsquo;une heure du matin. Mais c&rsquo;est assez minime. Je ne sens pas vraiment la vieillesse. Ce n&rsquo;est pas si d\u00e9sagr\u00e9able de vieillir si l&rsquo;on ne coupe pas la vie en \u00e9tapes, si on ne se dit pas \u00ab\u00a0maintenant c&rsquo;est fini, je suis entr\u00e9e dans la vieillesse\u00a0\u00bb. <\/span><\/p>\n<p><span lang=\"FR\">Source\u00a0: \u00ab\u00a0Le Monde\u00a0\u00bb Le 11-03-2011<\/span><\/p>\n<div>\n<p><span lang=\"FR\">Lien\u00a0:<a href=\"http:\/\/www.lemonde.fr\/idees\/article\/2011\/03\/11\/gisele-halimi-on-jouit-d-une-sorte-d-irresponsabilite_1491749_3232.html\" target=\"_blank\" rel=\"noopener\">http:\/\/www.lemonde.fr\/idees\/article\/2011\/03\/11\/gisele-halimi-on-jouit-d-une-sorte-d-irresponsabilite_1491749_3232.html<\/a><\/span><\/p>\n<\/div>\n<p align=\"center\"><b><span lang=\"FR\">Sondage &#8211; La politique est encore floue aux yeux des Tunisiens<\/span><span lang=\"FR\"><\/span><\/b><\/p>\n<hr\/>\n<p>\u00a0<\/p>\n<p><b><span lang=\"FR\">Quelles personnalit\u00e9s aptes \u00e0 diriger le pays ? <\/span><\/b><\/p>\n<p><span lang=\"FR\">\u2022 59,2% ne se prononcent pas. Les autres disent : Mohamed Ghannouchi, pourtant parti (9%) ; B\u00e9ji Caid Essebsi (6,1%) ; Rachid Ammar (4,2%) ; Farhat Errajhi (3%)<\/span><\/p>\n<p><span lang=\"FR\">\u2022 Les partis les plus cot\u00e9s : Ennahdha (29%); PDP (12,3%) ; Ettajdid (7,5%) ; le PCOT (6,4%) ; PVP (5,9%)<\/span><\/p>\n<p><span lang=\"FR\">Le paysage politique tunisien navigue \u00e0 vue dans le flou. Trois gouvernements transitoires en deux mois.\u00a0 Une cinquantaine de partis politiques naissent dans un temps record. Les militants politiques rebondissent sur la sc\u00e8ne post-R\u00e9volution. Face \u00e0 ce dynamisme du monde politique, il y a un autre revers de la m\u00e9daille nous trouvons des Tunisiens et Tunisiennes totalement profanes en mati\u00e8re politique. La politique ne dit pas grand chose \u00e0 nos concitoyens. Sont-ils devenus apolitiques effarouch\u00e9s et b\u00e2illonn\u00e9s qu\u2019ils \u00e9taient depuis plus de cinquante ans.\u00a0 Il faut dire que le camouflage et le monopole du RCD (Rassemblement constitutionnel D\u00e9mocrate) n\u2019a gu\u00e8re laiss\u00e9 de place aux autres partis d\u2019opposition pour s\u2019exprimer et agir en toute latitude dans un environnement politique pluraliste. Deux ou trois mouvements ont longtemps milit\u00e9 pour la cause de leurs partis, ce qui fait que la sc\u00e8ne politique fut d\u00e9sert\u00e9e durant la p\u00e9riode de vache maigre.\u00a0 Rendre \u00e0 C\u00e9sar ce qui appartient \u00e0 C\u00e9sar pour pouvoir agir sur un v\u00e9ritable champ parsem\u00e9 de forces politiques cr\u00e9dibles capables d\u2019asseoir la d\u00e9mocratie et une image politique pluraliste, un parcours embusqu\u00e9 sur lequel ils devront se familiariser aux ficelles de la politique politicienne. Sans nul doute, cela prendra beaucoup du temps.<\/span><\/p>\n<p><span lang=\"FR\">Un premier sondage d\u2019opinion sur l\u2019actualit\u00e9 politique en Tunisie vient d\u2019\u00eatre publi\u00e9 par l\u2019Institut EMRHOD Consulting, un bureau d\u2019\u00e9tudes de march\u00e9 et de sondage d\u2019opinion, implant\u00e9 dans la r\u00e9gion de l\u2019Afrique du Nord \u00e0 travers ses deux bureaux bas\u00e9s \u00e0 Tunis et Alger. Les r\u00e9sultats de l\u2019enqu\u00eate ne tiennent qu\u2019\u00e0 leurs auteurs. Ind\u00e9pendamment de la cr\u00e9dibilit\u00e9 ou non de leurs r\u00e9sultats et mises \u00e0 part les techniques non scientifiques utilis\u00e9es par le sondage, les travaux de l\u2019\u00e9tude valent bien le d\u00e9tour et ce, pour information et non pour diffamation.\u00a0 <\/span><\/p>\n<p><span lang=\"FR\">Le sondage r\u00e9alis\u00e9 couvre la p\u00e9riode allant du 28 f\u00e9vrier au 5 mars 2011 sur un \u00e9chantillon de 1021 personnes repr\u00e9sentatives de la population tunisienne \u00e2g\u00e9e de 18 ans et plus selon la m\u00e9thode de quota appliqu\u00e9 \u00e0 un certain nombre de variables : sexe, \u00e2ge, profession du chef de famille apr\u00e8s satisfaction par r\u00e9gion et cat\u00e9gorie d\u2019agglom\u00e9ration. L\u2019enqu\u00eate est r\u00e9alis\u00e9e selon le mode CATI (interview t\u00e9l\u00e9phonique assist\u00e9e par Ordinateur). Il faut dire que partout dans le monde, les m\u00e9thodes de sondage font toujours l\u2019objet de contestations, qu\u2019elles soient probabilistes ou empiriques <\/span><\/p>\n<p><span lang=\"FR\">A propos de\u00a0 la d\u00e9mission de Mohamed Ghannouchi, 40% des interview\u00e9s sont contre le d\u00e9part de l\u2019ex-Premier\u00a0 ministre, 39% sont pour et 21% sont sans opinion. Et \u00e0 propos de la nomination de M.B\u00e9ji Ca\u00efd Essebsi, 53% ont une opinion favorable, 17% ont une opinion d\u00e9favorable et 30%\u00a0 restent sans opinion.\u00a0 Ainsi les r\u00e9ponses des interview\u00e9s sont mitig\u00e9es. <\/span><\/p>\n<p><span lang=\"FR\">S\u2019agissant de la notori\u00e9t\u00e9 des Partis politiques, l\u2019\u00e9chantillon repr\u00e9sentatif de la population confirme son ignorance des partis politiques actifs sur la sc\u00e8ne politique sans parler du nombre de partis qui se cr\u00e9e chaque jour. Et Dieu sait comment va-t-on subventionner ce nombre en crescendo de partis politiques. Sur les 1021 personnes interrog\u00e9es, 61,4% n\u2019ont aucune id\u00e9e sur les partis politiques en Tunisie. 38,6% affirment par contre avoir une id\u00e9e sur le paysage politique tunisien. Et parmi les 38,6%, 52%\u00a0 d\u2019entre eux sont \u00e2g\u00e9s entre 25 et 34 ans\u00a0 et 49% poss\u00e8dent un niveau d\u2019instruction sup\u00e9rieur.<\/span><\/p>\n<p><span lang=\"FR\">Ennahdha, le PDP et Ettajdid en t\u00eate<\/span><\/p>\n<p><span lang=\"FR\">Parmi les questions pos\u00e9es par l\u2019enqu\u00eate on notera la suivante : d\u2019apr\u00e8s vous quels sont les partis politiques que vous connaissez actuellement sur la sc\u00e8ne politique ? 61,4% des interview\u00e9s ne se sont pas prononc\u00e9s (NSP) sur la question. Un r\u00e9sultat qui d\u00e9note encore plus l\u2019ignorance et l\u2019indiff\u00e9rence envers les partis politiques. Avant la r\u00e9volution, le peuple tunisien ne connaissait qu\u2019un seul parti : celui du\u00a0 rassemblement constitutionnel d\u00e9mocratique (RCD), r\u00e9cemment dissout. Par ailleurs, les cinq autres partis les plus connus\u00a0 par les interview\u00e9s sont respectivement : Ennahdha, PDP, Ettajdid, le PCOT et le PVP avec les suffrages suivants : 29%, 12,3%, 7,5%, 6,4% et 5,9%. Ennahdha est donc le parti le plus connu par les Tunsiens (selon le sondage d\u2019opinion bien s\u00fbr).\u00a0 <\/span><\/p>\n<p><span lang=\"FR\">En deuxi\u00e8me position vient le PDP (parti d\u00e9mocrate progressiste), fond\u00e9 par l\u2019Avocat Ahmed N\u00e9jib Chebbi.\u00a0\u00a0 Ettajdid repr\u00e9sent\u00e9 par son leader Ahmed Brahim arrive en\u00a0 troisi\u00e8me position avec 7,5% de suffrages.\u00a0 Le Parti communiste des ouvriers de Tunisie (PCOT), le parti de Hamma Hammami leur embo\u00eete le pas en quatri\u00e8me position.\u00a0\u00a0 Le Parti des verts pour le progr\u00e8s (PVP) ferme la marche avec 5,9% de voix dans le sondage d\u2019EMRO. <\/span><\/p>\n<p><span lang=\"FR\">Il va sans dire que 14,6% des interview\u00e9s pensent que le parti Ennahdha est le parti le plus \u00e0 m\u00eame de contribuer dans le d\u00e9veloppement du pays, suivi respectivement par le PDP (3,2%), Ettajdid (2,6%). Ceci dit 74,7% des personnes interrog\u00e9es s\u2019abstiennent carr\u00e9ment. <\/span><\/p>\n<p><span lang=\"FR\">Plus de 20 partis l\u00e9galis\u00e9s en une semaine<\/span><\/p>\n<p><span lang=\"FR\">Par ailleurs et outre les 5 partis reconnus \u00e0 peine par les interview\u00e9s et repr\u00e9sent\u00e9s par respectivement leurs leaders, Rached Ghannouchi,\u00a0 N\u00e9jib Chebbi, Ahmed Brahim, Hamma Hammami et Mongi Khmmassi, nous trouvons d\u2019autres partis tels que : Hizb elwehda dimokrati, Hizb Ettahrir, Hizb Ichtiraki, Elwatanyiin dimkratiin, Hizb el ichtirakiin dimokratiin, Ettakattol, Hizb Chabeb Elhor et Hizb El3amal watani dimokrati. <\/span><\/p>\n<p><span lang=\"FR\">Bien entendu d\u2019ici l\u2019\u00e9lection de l\u2019Assembl\u00e9e Constituante, d\u2019autres partis occuperont la sc\u00e8ne politique et l\u00e0 les \u00e9lecteurs auront toutes les peines du monde pour faire leur choix et si nous osons dire s\u00e9parer l\u2019ivraie du bon grain. Ahmed Fri\u00e2a et Mohamed Jegham, ex_ministres de l\u2019Int\u00e9rieur et du Tourisme et Commerce au sein du premier gouvernement provisoire viennent d\u2019obtenir l\u2019autorisation pour leur nouveau parti d\u00e9nomm\u00e9 \u00ab El Watan \u00bb. Rien que durant cette derni\u00e8re semaine, une vingtaine de partis ont \u00e9t\u00e9 l\u00e9galis\u00e9s. Le dernier n\u00e9 en date du 9 mars courant est d\u00e9nomm\u00e9 : parti de l\u2019avenir. Une autre liste de partis est en attente de l\u00e9galisation. Apr\u00e8s la dissolution du RCD par le Tribunal de premi\u00e8re instance de Tunis, de nouvelles donnes pourraient surgir sur la sc\u00e8ne politique. Certains pensent que le RCD pourrait r\u00e9appara\u00eetre et troquer une autre \u00e9tiquette politique. Serait-il le parti mort-n\u00e9. <\/span><\/p>\n<p><span lang=\"FR\">Quelle est la personnalit\u00e9 politique que vous jugez apte \u00e0 bien diriger le pays ?. Sur cette question 59,2% ne se sont pas prononc\u00e9s. Toutefois, Mohamed Ghannouchi (9%), B\u00e9ji Ca\u00efd Essebsi(6,1%), Rachid Ammar (4,2%) et Frahat Errajhi (3%) sont pour l\u2019instant les quatre hommes b\u00e9n\u00e9ficiant de la confiance des\u00a0 Tunisiens. Ahmed N\u00e9jib Echabbi, Rached El Ghannouchi et Foued Mbaz\u00e2a, n\u2019obtiennent respectivement que 2%, 1,3% et 1,2% des suffrages.<\/span><\/p>\n<p><span lang=\"FR\">Cl\u00f4turant donc sur une note d\u2019optimise, 82% des Tunisiens interview\u00e9s pensent que la R\u00e9volution va r\u00e9ussir\u00a0 et 79% sont optimistes pour les prochains jours. <\/span><\/p>\n<p><b><span lang=\"FR\">Source\u00a0: \u00ab\u00a0le Temps\u00a0\u00bb le 11-03-2011<\/span><\/b><\/p>\n<div>\n<p><b><span lang=\"FR\">Lien\u00a0:<a href=\"http:\/\/www.letemps.com.tn\/article-53909.html\" target=\"_blank\" rel=\"noopener\">http:\/\/www.letemps.com.tn\/article-53909.html<\/a><\/span><\/b><\/p>\n<\/div>\n<p align=\"center\"><b><span lang=\"FR\">Th\u00e9rapie contre l\u2019int\u00e9grisme musulman <\/span><\/b><\/p>\n<hr\/>\n<p>\u00a0<\/p>\n<p><b><span lang=\"FR\">Par Docteur DHAOUI Hechmi,\u00a0 Psychiatre Psychanalyste <\/span><\/b><\/p>\n<p><b><span lang=\"FR\">\u00a0<\/span><\/b><span lang=\"FR\">Il ne faut surtout pas oublier que Rached Ghannouchi a donn\u00e9 carte blanche \u00e0 Ben Ali juste apr\u00e8s le 7 Novembre 1987 en d\u00e9clarant au journal le Temps : \u00ab Je crois en Dieu et en Ben Ali \u00bb. Il vient de refaire la m\u00eame b\u00eatise en acclamant le sanguinaire Maamar El Ghaddafi.<\/span><\/p>\n<p><span lang=\"FR\">Pour le comprendre, le pauvre, et non lui donner raison, il faut revenir \u00e0 l\u2019histoire des Musulmans qui nous permettra de savoir qu\u2019il est le produit de plusieurs \u00e9checs, depuis les salafistes auxquels il se r\u00e9f\u00e8re. <\/span><\/p>\n<p><span lang=\"FR\">Les salafistes \u00e9tant les premiers califes de l\u2019Islam, quand Omar El Khattab a fait all\u00e9gence \u00e0 Abou Bakr Essidik qui l\u2019a nomm\u00e9 \u00e0 son tour avant de mourir. Puis Omar a laiss\u00e9 en place un soit disant conseil de six personnes (Majliss Choura), dont quatre \u00e9taient acquis \u00e0 Othman Ibnou Affen contre l\u2019Imam Ali. Alors que le Pproph\u00e8te voulait que le pouvoir se fasse dans la concertation entre les musulmans. <\/span><\/p>\n<p><span lang=\"FR\">Enfin c\u2019est Mouaouia Ibnou Abi Soufien qui a ignor\u00e9 la Choura (concertation) pour la remplacer par la succession. Ce qui pourrait d\u00e9j\u00e0 expliquer qu\u2019aussi bien Ghannouchi que son entourage ne sont pas fait pour la d\u00e9mocratie. Il s\u2019agit donc de la premi\u00e8re mise en \u00e9chec des salafistes d\u2019un des d\u00e9sirs du proph\u00e8te de l\u2019Islam.<\/span><\/p>\n<p><span lang=\"FR\">Il faut d\u2019abord essayer de comprendre le double langage des islamistes. Ils ont l\u2019art de mobiliser tant\u00f4t un imaginaire d\u2019opposition, caract\u00e9ris\u00e9 par le go\u00fbt des conflits, de l\u2019exclusion et du sectarisme, tant\u00f4t un imaginaire de fusion caract\u00e9ris\u00e9 par le go\u00fbt des analogies, de la communion et du ralliement. Ce dont ils sont incapables, c\u2019est l\u2019imaginaire de l\u2019alliance caract\u00e9ris\u00e9 par la cohabitation, la communication et de la dialectique. Ce qui correspond totalement \u00e0 Rached Ghannouchi, qui a v\u00e9cu l\u2019\u00e9chec du nationalisme arabe, dont l\u2019int\u00e9grisme musulman se pr\u00e9sentait comme le substitut et la solution. <\/span><\/p>\n<p><span lang=\"FR\">Apr\u00e8s avoir \u00e9t\u00e9 donc un nationaliste nass\u00e9rien, il a \u00e9pous\u00e9 la doctrine des fr\u00e8res musulmans, fond\u00e9e en 1927 en Basse-Egypte par deux instituteurs, Hassan Al-Banna(1906-1948) et Sayed Qotb(1906-1966). Il est donc rentr\u00e9 en Tunisie en 1969 pour cr\u00e9er le Mouvement de la Tendance Islamique(MTI).\u00a0 Il a commenc\u00e9 par organiser plusieurs campements \u00e0 la mani\u00e8re des scouts qu\u2019il a infiltr\u00e9s. Il orientait les \u00e9tudiants scientifiques syst\u00e9matiquement \u00e0 l\u2019acad\u00e9mie militaire, sur lesquels il projetait son coup d\u2019Etat avort\u00e9 en 1987. Il a infiltr\u00e9 aussi le corps de la police, dans le cadre de sa volont\u00e9 guerri\u00e8re, qui est essentiellement terroriste, d\u00e9naturant l\u2019esprit m\u00eame de l\u2019Islam, dont la r\u00e8gle de la vie sociale est la paix dans le respect des choix religieux. En voici cinq verset du Coran comme exemples : \u00ab Point de contrainte en mati\u00e8re de religion \u00bb (verset 256 sourate La Vache), \u00ab Appelle au chemin de ton Seigneur par la sagesse et l\u2019\u00e9dification belle \u00bb (v 125, sourate Les Abeilles), \u00ab Le vrai ne proc\u00e8de que de notre Seigneur. Croit celui qui veut et d\u00e9nie celui qui veut \u00bb (v 165, sourate La Vache), \u00ab Lance donc le rappel. Tu n\u2019es l\u00e0 que celui qui rappelle, tu n\u2019es pas celui qui r\u00e9git \u00bb (v 31, sourate La famille d\u2019Imran), et enfin \u00ab A vous votre religion, la mienne \u00e0 moi \u00bb(v54, sourate La Table Pourvue). Les sages de la Nahdha ont m\u00eame reconnu leurs fautes, d\u2019avoir vitriol\u00e9 des hommes et d\u2019avoir explos\u00e9 quelques institutions touristiques, \u00e0 travers la d\u00e9claration de l\u2019un des piliers de leur mouvement Mohamed Chammam. Mais comment croire ces porteurs du double discours.<\/span><\/p>\n<p><span lang=\"FR\">Quant \u00e0 la psychologie des int\u00e9gristes musulmans, elle est marqu\u00e9e, de part sa fixation anale, par la phobie des femmes, par la diff\u00e9rence sexuelle v\u00e9cue comme une honte inavouable. La femme doit se cacher afin de ne pas provoquer l\u2019homme, qui causerait en lui un sentiment de culpabilit\u00e9 religieuse. La femme n\u2019est-elle pas, selon le Coran et la Bible, responsable du premier p\u00e9ch\u00e9, commis par Adam ? Ce refus de l\u2019alt\u00e9rit\u00e9 de la femme se transforme en refus de toute alt\u00e9rit\u00e9. <\/span><\/p>\n<p><span lang=\"FR\">Mais si la femme est la source de la vie, la ha\u00efr c\u2019est ha\u00efr la vie, donc aimer la mort. Vid\u00e9 de sa libido (\u00e9nergie vitale), le fanatique devient ais\u00e9ment manipulable. On voit ainsi se former le terreau sur lequel peut se d\u00e9velopper une vocation terroriste et de destructeur de la vie. Nous sommes en plein d\u00e9lire parano\u00efaque, d\u00e9lire qui se d\u00e9veloppe \u00e0 partir de personnalit\u00e9s rigides, susceptibles, rancuni\u00e8res, vindicatives et cruelles. De surcro\u00eet, la clinique psychanalytique a pu v\u00e9rifier que le th\u00e8me de la pers\u00e9cution se forme \u00e0 partir d\u2019une homosexualit\u00e9 refoul\u00e9e. La cons\u00e9quence en est leurs discours haineux non seulement \u00e0 l\u2019\u00e9gard des non-musulmans, mais aussi \u00e0 l\u2019\u00e9gard des minorit\u00e9s, des femmes et des enfants. Le fanatisme amplifie cette tendance g\u00e9n\u00e9rale. <\/span><\/p>\n<p><span lang=\"FR\">Les fanatiques vouent une haine infinie \u00e0 tous ceux qui cherchent \u00e0 prendre du recul par rapport \u00e0 la mainmise patriarcale et \u00e0 devenir responsables et ind\u00e9pendants. C\u2019est pourquoi ils n\u2019ont rien \u00e0 voire avec la R\u00e9volution tunisienne qui a appel\u00e9 \u00e0 la libert\u00e9 et \u00e0 la dignit\u00e9.<\/span><\/p>\n<p><span lang=\"FR\">Je pense profond\u00e9ment qu\u2019il n\u2019existe pas d\u2019islamisme mod\u00e9r\u00e9, et si parfois il appara\u00eet ainsi, c\u2019est uniquement par le double langage. Ils ne cessent d\u2019amplifier les m\u00e9rites de leurs pr\u00e9d\u00e9cesseurs dans une r\u00e9gression identificatoire et id\u00e9alisante de leurs anc\u00eatres, \u00e0 leur mode d\u2019\u00eatre. Cela les pr\u00e9dispose \u00e0 d\u00e9sirer la mort et \u00e0 devenir autant de dangereuses bombes humaines ambulantes. Ajoutons enfin que la psychologie de l\u2019int\u00e9griste est domin\u00e9e par ce qu\u2019on pourrait appeler le principe d\u2019opacit\u00e9, pr\u00e9sent dans le monde arabo-musulman et amplifi\u00e9 dans l\u2019int\u00e9grisme. A savoir : \u00ab Si vous p\u00e9chez, soyez discrets \u00bb. Tout est presque permis, mais dans la discr\u00e9tion. On camoufle ainsi un grand nombre de perversions comme la zoophilie et la p\u00e9dophilie, favoris\u00e9es par la frustration sexuelle et affective.<\/span><\/p>\n<p><span lang=\"FR\">Ce qui est tr\u00e8s loin des objectifs de notre R\u00e9volution, r\u00e9clamant la libert\u00e9, la dignit\u00e9, l\u2019\u00e9galit\u00e9 et surtout la communication et la transparence. C\u2019est une R\u00e9volution postmoderne avec ses deux versants : traditionnel sur le terrain, communautaire (mouvement de foule),\u00a0 irrationnelle (contre les tirs \u00e0 balles r\u00e9elles des sbires de Ben Ali) et \u00e9motionnelle (r\u00e9actionnelle) sans leader. Elle a \u00e9t\u00e9 aussi moderne par les Facebookeurs, rationnelle, intelligente et individuelle. <\/span><\/p>\n<p><span lang=\"FR\">La R\u00e9volution tunisienne s\u2019est inscrite dans une \u00e9volution et une maturit\u00e9 qui ont impos\u00e9 un mouvement progressif et non r\u00e9gressif qui caract\u00e9rise l\u2019int\u00e9grisme de Ghannouchi et dont dit Jung : \u00ab Si la libido reste fix\u00e9e au royaume merveilleux du monde ant\u00e9rieur, alors l\u2019homme est devenu une ombre\u2026il est comme mort et gravement malade \u00bb, ce qui n\u2019est pas le cas de notre R\u00e9volution qui est pleine de vitalit\u00e9. Elle s\u2019est inscrite dans un mouvement de sacrifice symbolique de la nostalgie, permettant la lib\u00e9ration d\u2019une \u00e9nergie prisonni\u00e8re pour s\u2019investir dans un mouvement progressif. C\u2019est peut \u00eatre pourquoi les jeunes de Sidi Bouzid et de Kasserine ont renvoy\u00e9 la caravane d\u2019aide envoy\u00e9e par Ghannouchi et son entourage, afin de ne pas leur permettre de monter sur leur R\u00e9volution.<\/span><\/p>\n<p><span lang=\"FR\">Source\u00a0: \u00ab\u00a0le temps\u00a0\u00bb Le 11-03-2011<\/span><\/p>\n<div>\n<p><span lang=\"FR\">Lien\u00a0:<a href=\"http:\/\/www.letemps.com.tn\/article-53899.html\" target=\"_blank\" rel=\"noopener\">http:\/\/www.letemps.com.tn\/article-53899.html<\/a><\/span><\/p>\n<\/div>\n<p align=\"center\"><b><span lang=\"EN-GB\">Tunisian Revolt Bloggers Win Google-Sponsored Web Freedom Prize <\/span><\/b><\/p>\n<hr\/>\n<p>\u00a0<\/p>\n<p><span lang=\"EN-GB\">A Tunisian blogging collective that compiled WikiLeaks revelations on the country\u2019s now-deposed government won Reporters Without Borders\u2019 annual prize for promoting freedom of expression on the Internet, highlighting the role of online media in this year\u2019s Middle East uprisings. <\/span><\/p>\n<p><span lang=\"NO-BOK\"><a href=\"http:\/\/nawaat.org\/portail\/\" target=\"_blank\" title=\"Open Web Site\" rel=\"noopener\"><span lang=\"EN-GB\">Nawaat.org<\/span><\/a><\/span><span lang=\"EN-GB\">, a Tunisian site offering news, commentary, and advice on circumventing censorship will be presented with the Netizen Prize in Paris today, Reporters Without Borders said in an e-mailed statement. Nawaat beat finalists from countries including Bahrain, Thailand and China for the award, which is sponsored by search-engine owner <\/span><span lang=\"NO-BOK\"><a href=\"http:\/\/www.bloomberg.com\/apps\/quote?ticker=GOOG:US\" target=\"_blank\" title=\"Get Quote\" rel=\"noopener\"><span lang=\"EN-GB\">Google Inc. <\/span>(GOOG)<\/a> <\/span><\/p>\n<p><span lang=\"EN-GB\">Social media and other online information sources have taken center stage in uprisings in Tunisia, <\/span><span lang=\"NO-BOK\"><a href=\"http:\/\/topics.bloomberg.com\/egypt\/\" target=\"_blank\" rel=\"noopener\"><span lang=\"EN-GB\">Egypt<\/span><\/a><\/span><span lang=\"EN-GB\">, Bahrain, and <\/span><span lang=\"NO-BOK\"><a href=\"http:\/\/topics.bloomberg.com\/libya\/\" target=\"_blank\" rel=\"noopener\"><span lang=\"EN-GB\">Libya<\/span><\/a><\/span><span lang=\"EN-GB\">, with participants using Twitter, YouTube, and Facebook to spread news and co-ordinate protests. In Libya, where rebels are fighting forces loyal to Muammar Qaddafi, <\/span><span lang=\"NO-BOK\"><a href=\"http:\/\/topics.bloomberg.com\/internet-access\/\" target=\"_blank\" rel=\"noopener\"><span lang=\"EN-GB\">Internet access<\/span><\/a><\/span><span lang=\"EN-GB\"> has been periodically blocked in much of the country since early March, sending traffic <\/span><span lang=\"NO-BOK\"><a href=\"http:\/\/www.google.com\/transparencyreport\/traffic\/\" target=\"_blank\" title=\"Open Web Site\" rel=\"noopener\"><span lang=\"EN-GB\">plunging<\/span><\/a><\/span><span lang=\"EN-GB\"> below normal levels. <\/span><\/p>\n<p><span lang=\"EN-GB\">\u201cThese movements have demonstrated how the Internet has become a genuine tool of mobilization,\u201d Reporters Without Borders Secretary-General Jean-Francois Julliard said by phone yesterday. \u201cThe revolutions took place in the street, but they clearly used social media and other technologies as tools.\u201d <\/span><\/p>\n<p><span lang=\"EN-GB\">U.S. Secretary of State <\/span><span lang=\"NO-BOK\"><a href=\"http:\/\/topics.bloomberg.com\/hillary-clinton\/\" target=\"_blank\" rel=\"noopener\"><span lang=\"EN-GB\">Hillary Clinton<\/span><\/a><\/span><span lang=\"EN-GB\"> this year announced the creation of a State Department office dedicated to online issues, and criticized efforts to block Internet access in countries such as Egypt. <\/span><\/p>\n<p><span lang=\"EN-GB\">Google, owner of the world\u2019s most-used search engine, last year suspended its Chinese operations after declining to censor search results in line with government requests. <\/span><\/p>\n<p><b><span lang=\"FR\">Source: \u201c bloomberg\u201d Le 11-03-2011<\/span><\/b><\/p>\n<div>\n<p><b><span lang=\"FR\">Lien:<a href=\"http:\/\/www.bloomberg.com\/news\/2011-03-11\/tunisian-revolt-bloggers-win-google-sponsored-web-freedom-prize.html\" target=\"_blank\" rel=\"noopener\">http:\/\/www.bloomberg.com\/news\/2011-03-11\/tunisian-revolt-bloggers-win-google-sponsored-web-freedom-prize.html<\/a><\/span><\/b><\/p>\n<\/div>\n<p>\u00a0<\/p>\n<\/div>\n<p><\/body><\/body><\/html><\/p>\n","protected":false},"excerpt":{"rendered":"<p>TUNISNEWS 10 \u00e8me ann\u00e9e,\u00a0 N\u00b03944 du 11.03.2011 archives : www.tunisnews.net\u00a0 AP: Tunisie: deux morts et 20 bless\u00e9s dans les troubles \u00e0 Metlaoui (centre-ouest) AFP: Tunisie: 2 morts et plus de 20 bless\u00e9s dans des heurts dans le sud AFP: UE: les migrants tunisiens soumis \u00e0 un \u00ab\u00a0arbitraire total\u00a0\u00bb (ONG) AP: Des blogueurs tunisiens re\u00e7oivent un [&hellip;]<\/p>\n","protected":false},"author":1,"featured_media":22040,"comment_status":"open","ping_status":"open","sticky":false,"template":"","format":"standard","meta":{"inline_featured_image":false,"site-sidebar-layout":"default","site-content-layout":"","ast-site-content-layout":"default","site-content-style":"default","site-sidebar-style":"default","ast-global-header-display":"","ast-banner-title-visibility":"","ast-main-header-display":"","ast-hfb-above-header-display":"","ast-hfb-below-header-display":"","ast-hfb-mobile-header-display":"","site-post-title":"","ast-breadcrumbs-content":"","ast-featured-img":"","footer-sml-layout":"","ast-disable-related-posts":"","theme-transparent-header-meta":"","adv-header-id-meta":"","stick-header-meta":"","header-above-stick-meta":"","header-main-stick-meta":"","header-below-stick-meta":"","astra-migrate-meta-layouts":"default","ast-page-background-enabled":"default","ast-page-background-meta":{"desktop":{"background-color":"","background-image":"","background-repeat":"repeat","background-position":"center center","background-size":"auto","background-attachment":"scroll","background-type":"","background-media":"","overlay-type":"","overlay-color":"","overlay-opacity":"","overlay-gradient":""},"tablet":{"background-color":"","background-image":"","background-repeat":"repeat","background-position":"center center","background-size":"auto","background-attachment":"scroll","background-type":"","background-media":"","overlay-type":"","overlay-color":"","overlay-opacity":"","overlay-gradient":""},"mobile":{"background-color":"","background-image":"","background-repeat":"repeat","background-position":"center center","background-size":"auto","background-attachment":"scroll","background-type":"","background-media":"","overlay-type":"","overlay-color":"","overlay-opacity":"","overlay-gradient":""}},"ast-content-background-meta":{"desktop":{"background-color":"var(--ast-global-color-5)","background-image":"","background-repeat":"repeat","background-position":"center center","background-size":"auto","background-attachment":"scroll","background-type":"","background-media":"","overlay-type":"","overlay-color":"","overlay-opacity":"","overlay-gradient":""},"tablet":{"background-color":"var(--ast-global-color-5)","background-image":"","background-repeat":"repeat","background-position":"center center","background-size":"auto","background-attachment":"scroll","background-type":"","background-media":"","overlay-type":"","overlay-color":"","overlay-opacity":"","overlay-gradient":""},"mobile":{"background-color":"var(--ast-global-color-5)","background-image":"","background-repeat":"repeat","background-position":"center center","background-size":"auto","background-attachment":"scroll","background-type":"","background-media":"","overlay-type":"","overlay-color":"","overlay-opacity":"","overlay-gradient":""}},"footnotes":""},"categories":[],"tags":[55,42,29],"class_list":["post-16412","post","type-post","status-publish","format-standard","has-post-thumbnail","hentry","tag-55","tag-42","tag-fr"],"_links":{"self":[{"href":"https:\/\/tunisnews.net\/ar\/wp-json\/wp\/v2\/posts\/16412","targetHints":{"allow":["GET"]}}],"collection":[{"href":"https:\/\/tunisnews.net\/ar\/wp-json\/wp\/v2\/posts"}],"about":[{"href":"https:\/\/tunisnews.net\/ar\/wp-json\/wp\/v2\/types\/post"}],"author":[{"embeddable":true,"href":"https:\/\/tunisnews.net\/ar\/wp-json\/wp\/v2\/users\/1"}],"replies":[{"embeddable":true,"href":"https:\/\/tunisnews.net\/ar\/wp-json\/wp\/v2\/comments?post=16412"}],"version-history":[{"count":0,"href":"https:\/\/tunisnews.net\/ar\/wp-json\/wp\/v2\/posts\/16412\/revisions"}],"wp:featuredmedia":[{"embeddable":true,"href":"https:\/\/tunisnews.net\/ar\/wp-json\/wp\/v2\/media\/22040"}],"wp:attachment":[{"href":"https:\/\/tunisnews.net\/ar\/wp-json\/wp\/v2\/media?parent=16412"}],"wp:term":[{"taxonomy":"category","embeddable":true,"href":"https:\/\/tunisnews.net\/ar\/wp-json\/wp\/v2\/categories?post=16412"},{"taxonomy":"post_tag","embeddable":true,"href":"https:\/\/tunisnews.net\/ar\/wp-json\/wp\/v2\/tags?post=16412"}],"curies":[{"name":"wp","href":"https:\/\/api.w.org\/{rel}","templated":true}]}}