{"id":16367,"date":"2008-09-29T00:00:00","date_gmt":"2008-09-29T00:00:00","guid":{"rendered":"https:\/\/tunisnews.net\/29-septembre-2008\/"},"modified":"2008-09-29T00:00:00","modified_gmt":"2008-09-29T00:00:00","slug":"29-septembre-2008","status":"publish","type":"post","link":"https:\/\/tunisnews.net\/ar\/29-septembre-2008\/","title":{"rendered":"29 septembre 2008"},"content":{"rendered":"<p><html><head><meta content=\"text\/html\" description=\"L\u2019ATFD a appris que Monsieur Mouhieddine CHERBIB, pr\u00e9sident de la FTCR , \n\t\ta \u00e9t\u00e9 mis en examen au motif de \u00ab financement d\u2019une bande de malfaiteurs \n\t\t\u00bb et ce dans le cadre d\u2019une affaire impliquant 51 personnes parmi elles \n\t\tles animateurs du mouvement de protestation pacifique dans le Bassin \n\t\tMinier de Gafsa. Ce mouvement qui a eu pour revendications principales \n\t\tle droit au travail, au d\u00e9veloppement et \u00e0 des conditions de vie dignes.\" http-equiv=\"Content-Type\"\/><\/head><body><body><\/p>\n<p align=\"center\" dir=\"ltr\"><font face=\"Arial\" size=\"2\"><b><a href=\"http:\/\/www.tunisnews.net\/\"><span>Home<\/span><span lang=\"FR-CH\"> &#8211; Accueil<\/span><\/a><\/b><\/font><\/p>\n<div>\n<p><font><\/p>\n<p align=\"center\" dir=\"ltr\"><font><span lang=\"FR\"><font face=\"Arial\" size=\"2\"><span lang=\"SV\"><strong>TUNISNEWS<\/strong><\/span> <\/font><\/span><\/font><\/p>\n<p align=\"center\" dir=\"ltr\"><font><span lang=\"FR\"><font><font face=\"Arial\" size=\"2\"><strong>8\u00a0\u00e8me ann\u00e9e, <span lang=\"FR\">N\u00b0\u00a03051 du 29.09.2008 <\/span><\/strong><\/font><\/font><\/span><\/font><\/p>\n<p><\/font><\/p>\n<div align=\"center\" dir=\"ltr\"><span><font face=\"Arial\" size=\"2\"><strong><font>\u00a0archives<\/font> : <\/strong><\/font><a target=\"_blank\" rel=\"noopener\"><font face=\"Arial\" size=\"2\"><strong>www.tunisnews.net<\/strong><\/font><\/a><\/span><font face=\"Arial\" size=\"2\"><font>\u00a0<\/font>\u00a0<\/font><\/p>\n<hr\/>\n<\/div>\n<div>\n<p><font face=\"Arial\" size=\"2\"><strong>ATFD: Communiqu\u00e9 de soutien \u00e0 Mouhieddine Cherbib Pr\u00e9sident de la F\u00e9d\u00e9ration des Tunisiens Citoyens des deux Rives &#8211; FTCR <font>FTCR: Disparition de Georges Adda<\/font>  Tunisia Watch: Tunisie : D\u00e9c\u00e8s de Georges Adda <font>Habib Kazdaghli: Georges Adda (22 sept. 1916-28 sept. 2008)<\/font> AFP: Tunisie: d\u00e9c\u00e8s de Georges Adda, personnalit\u00e9 politique de gauche<\/strong><\/font><\/p>\n<\/div>\n<div>\n<p><font><font><font face=\"Arial\" size=\"2\"><strong>Kalima: Commerce parall\u00e8le : Les parrains et les damn\u00e9s <\/p>\n<h2 style=\"color: red;\"><font>Le Temps: Interview de Me Ahmed Inoubli Secr\u00e9taire g\u00e9n\u00e9ral de l&rsquo;UDU<\/font><\/h2>\n<p>Nadia Omrane: Face \u00e0 face Obama-Mc Cain\u00a0 &#8211; Sommes-nous v\u00e9ritablement tous Am\u00e9ricains ?  <\/p>\n<h2 style=\"color: red;\"><font>Le Journal des Finances: Wall Street, m\u00fbr pour adopter les principes de la Charia ?<\/font><\/h2>\n<p><\/strong><\/font><font face=\"Arial\" size=\"2\"><strong>Alg\u00e9rie: malgr\u00e9 un attentat, recul de la violence islamiste durant le ramadan <\/strong><\/font><\/font><font face=\"Arial\" size=\"2\"><strong>AFP: Afrique: un \u00e9norme gisement solaire, mais peu d&rsquo;\u00e9nergie du m\u00eame nom<\/strong><\/font><\/font><\/p>\n<\/div>\n<div>\n<hr\/>\n<\/div>\n<div align=\"center\"><strong><font>Association Tunisienne des femmes democrates <\/font><\/strong>67\u060c \u0634\u0627\u0631\u0639 \u0627\u0644\u062d\u0631\u064a\u0629 1002 \u062a\u0648\u0646\u0633\u00a0\u00a0 &#8211;\u00a0 \u0635 \u0628 107 \u062d\u064a \u0627\u0644\u0645\u0647\u0631\u062c\u0627\u0646 1082 \u062a\u0648\u0646\u0633 67, Avenue de la Libert\u00e9 1002 Tunis Tunisie BP 107 Cit\u00e9 Mahrag\u00e8ne 1082 Tunis Tunisie. T\u00e9l: (216)71831135 Fax: (216)71831525\u00a0 Email : femmes_feministes@yahoo.fr  <strong><\/p>\n<p><font size=\"3\">Communiqu\u00e9 de soutien \u00e0 Mouhieddine Cherbib Pr\u00e9sident de la F\u00e9d\u00e9ration des Tunisiens Citoyens des deux Rives &#8211; FTCR<\/font><\/p>\n<p><\/strong><\/div>\n<div>\u00a0<\/div>\n<div> Tunis le 19 Septembre 2009 Traduit de l&rsquo;arabe : F.CH.- FTCR  L\u2019ATFD a appris que Monsieur Mouhieddine CHERBIB, pr\u00e9sident de la FTCR , a \u00e9t\u00e9 mis en examen au motif de \u00ab financement d\u2019une bande de malfaiteurs \u00bb et ce dans le cadre d\u2019une affaire impliquant 51 personnes parmi elles les animateurs du mouvement de protestation pacifique dans le Bassin Minier de Gafsa. Ce mouvement qui a eu pour revendications principales le droit au travail, au d\u00e9veloppement et \u00e0 des conditions de vie dignes.  L\u2019ATFD condamne cette mise en examen concernant M. CHERBIB, mise en examen qui vient criminaliser le r\u00f4le de solidarit\u00e9 que la FTCR n\u2019a cess\u00e9 de jouer, avec son pr\u00e9sident, dans les luttes pour les libert\u00e9s et la d\u00e9mocratie sans discrimination ni exclusion ni marginalisation.  L\u2019ATFD tient \u00e0 exprimer son enti\u00e8re et ind\u00e9fectible solidarit\u00e9 \u00e0 M. CHERBIB, pr\u00e9sident de la FTCR et aux populations du Bassin Minier qui militent l\u00e9gitimement pour leur droit au travail, \u00e0 la justice, au d\u00e9veloppement et \u00e0 des conditions de vie dignes.  Elle exige l\u2019arr\u00eat du cycle des proc\u00e8s, arrestations et poursuites et la lib\u00e9ration de tou-te-s les d\u00e9tenu-e-s depuis le d\u00e9clenchement des \u00e9v\u00e9nements du Bassin Minier en janvier 2008.  Elle appelle \u00e0 l\u2019ouverture d\u2019une n\u00e9gociation &#8211; seule garantie- pour une issue de la crise s\u00e9rieuse et respectueuse des droits des citoyens et des lois.   Pour le Bureau de l&rsquo;association <strong><font>Kh\u00e9dija Ch\u00e9rif<\/font><\/strong> Pr\u00e9sidente<\/div>\n<div>\n<hr\/>\n<\/div>\n<div align=\"center\"> <strong><font>F\u00e9d\u00e9ration des Tunisens Citoyens des deux Rives<\/font><\/strong> 3, Rue de Nantes &#8211; 75019 Paris Tel : 01 46 07 54 04\u00a0 &#8211; Fax : 01 40 34 18 15 mail : ftcr2wanadoo.fr\u00a0\u00a0 wwwftcr.eu  <strong><\/p>\n<h2 style=\"color: red;\"><font size=\"3\">Disparition de Georges Adda<\/font><\/h2>\n<p><\/strong> <\/div>\n<div> <strong>\u00ab Toutes les femmes et tous les hommes qui subissent les injustices politiques et sociales sont mes s\u0153urs et fr\u00e8res. \u00bb<\/strong> <strong>George Adda<\/strong> Nous venons d\u2019apprendre le d\u00e9c\u00e8s de Georges Adda, grande figure de la gauche tunisienne. On le savait malade depuis quelques temps, on connaissait son grand \u00e2ge : &#8211; 92 printemps le 22 septembre- mais la nouvelle n\u2019en est pas moins rude.  L\u2019homme \u00e9tait sans doute le plus ancien militant en activit\u00e9. Sa vie ressemble \u00e0 s\u2019y m\u00e9prendre \u00e0 l\u2019histoire de la gauche en Tunisie.  Militant du parti communiste depuis sa prime jeunesse, il en devient tr\u00e8s vite un des principaux dirigeants. Et c\u2019est en militant communiste qu\u2019il va participer activement \u00e0 la lutte de lib\u00e9ration tunisienne et conna\u00eetre les prisons, les camps et les d\u00e9portations. George \u00e9tait aussi un grand nom du syndicalisme tunisien. Qui ne se souvient de ses fr\u00e9quentes interventions au sein l\u2019UGTT o\u00f9\u00a0 il a pu d\u00e9ployer son savoir de consultant en \u00e9conomie. George \u00e9tait \u00e9galement de tous les combats pour la d\u00e9mocratisation de notre Tunisie et pour la d\u00e9fense des droits de l\u2019Homme aux c\u00f4t\u00e9s de la LTDH, de l\u2019ATFD et de tous les regroupements d\u00e9mocratiques.  Militant infatigable, ce vieux jeune homme avait l\u2019esprit constamment aux aguets, participant avec un enthousiasme inentam\u00e9 aux d\u00e9bats intellectuels quant ils venaient \u00e0 s\u2019animer. Depuis quelques mois, Georges ne sortait presque plus, mais ceux qui ont pu le voir ont pu constater qu\u2019il avait gard\u00e9 jusqu\u2019au bout sa rayonnante bonhomie. La disparition de ce grand monsieur est une immense perte pour tous les d\u00e9mocrates.  Nous pensons \u00e0 sa fille Leyla, \u00e0 ses petits enfants et aux g\u00e9n\u00e9rations de camarades aujourd\u2019hui endeuill\u00e9s \u00e0 qui nous tenons \u00e0 pr\u00e9senter nos condol\u00e9ances \u00e9mues. Salut Georges. <strong><font>Mohieddine Cherbib<\/font><\/strong>  pr\u00e9sident de la FTCR  Paris le 29 Septembre 2008 \u00a0<\/div>\n<div align=\"center\">\n<hr\/>\n<\/div>\n<div align=\"center\"><font face=\"Arial\" size=\"2\"><\/p>\n<h2 style=\"color: red;\"><font size=\"3\"><strong>Tunisie : D\u00e9c\u00e8s de Georges Adda<\/strong><\/font><\/h2>\n<p><\/font><\/div>\n<div align=\"justify\"> Figure embl\u00e9matique de la gauche tunisienne, syndicaliste vou\u00e9 \u00e0 la d\u00e9fense des plus d\u00e9munis et symbole vivant d\u2019une diversit\u00e9 que la Tunisie ind\u00e9pendante a eu mal \u00e0 garder, Georges Adda est mort \u00e0 92 ans le dimanche 28 septembre 2008 dans la soir\u00e9e, suite \u00e0 un arr\u00eat cardiaque, Ses fun\u00e9railles auront lieu mardi 30 septembre 2008. N\u00e9 le 22 septembre 1916, Georges Adda a longtemps milit\u00e9 au parti communiste tunisien devenu mouvement Ettajdid dont il \u00e9t\u00e9 secr\u00e9taire g\u00e9n\u00e9ral adjoint en 1936 et est demeur\u00e9 longtemps membre de sa direction. Syndicaliste et militant pour la d\u00e9fense des droits de l\u2019homme, il \u00e0 \u00e9t\u00e9 de tout temps du cot\u00e9 des cause justes dont celle du peuple palestinien. Voici un passage dans lequel il se d\u00e9finit lui-m\u00eame : &lsquo;Je viens de loin. Les Berb\u00e8res, mes anc\u00eatres, ont connu les Ph\u00e9niciens, les Romains, les Vandales, les Arabes, les Normands, les Turcs et les Fran\u00e7ais qui ont successivement occup\u00e9 mon pays&#8230; Ainsi, la Tunisie est mon pays, et le peuple tunisien est mon peuple. Toutes les femmes et tous les hommes qui subissent les injustices politiques et sociales sont mes s\u0153urs et fr\u00e8res. Pour la lib\u00e9ration de mon pays, j&rsquo;ai connu prisons, camps de concentration et d\u00e9portation des colonialistes fran\u00e7ais. Aujourd&rsquo;hui, je me dois d&rsquo;apporter mon soutien au peuple palestinien martyr&rsquo;.<\/div>\n<div align=\"justify\"> <strong><font>(Source : \u00ab Tunisia Watch \u00bb, le blog de Mokhtar Yahyaoui, le 29 septembre 2008) Lien : http:\/\/tunisiawatch.rsfblog.org\/archive\/2008\/09\/29\/tunisie-deces-de-georges-adda.html<\/font><\/strong> \u00a0<\/div>\n<div>\n<hr\/>\n<\/div>\n<div align=\"center\"><strong><\/p>\n<h2 style=\"color: red;\"><font size=\"3\">Georges Adda (22 sept. 1916-28 sept. 2008)<\/font><\/h2>\n<p><\/strong> \u00a0<\/div>\n<div align=\"justify\"> \u00a0\u00a0\u00a0 Le c\u0153ur de Georges Adda a cess\u00e9 de battre au d\u00e9but de la soir\u00e9e du dimanche 28 septembre \u00e0 l\u2019\u00e2ge de 92 ans. Georges Adda\u00a0 est n\u00e9 \u00e0 Tunis le 22 septembre 1916. Il adh\u00e8re\u00a0 au parti communiste en 1934. Apr\u00e8s l\u2019arrestation des dirigeants destouriens et communistes en septembre 1934, il fait partie du groupe qui continua la lutte clandestine, il est arr\u00eat\u00e9 \u00e0 son tour en septembre 1935. Lib\u00e9r\u00e9 en avril 1936, lors de la conf\u00e9rence\u00a0 nationale du parti communiste\u00a0 tenue le premier\u00a0 juin 1936, il est nomm\u00e9, secr\u00e9taire\u00a0 g\u00e9n\u00e9ral adjoint du parti et responsable de la Jeunesse communiste.\u00a0\u00a0 En avril 1940, il est plac\u00e9 en r\u00e9sidence surveill\u00e9 tout d\u2019abord\u00a0 \u00e0 Zaghouan puis \u00e0 B\u00e9j\u00e0 o\u00f9 il reste jusqu\u2019au 13 novembre 1943 date\u00a0 \u00e0 laquelle\u00a0 il rejoint l\u2019Alg\u00e9rie. Membre de la direction du parti communiste jusqu\u2019en 1957, il a \u00e9t\u00e9 pendant plusieurs ann\u00e9es membre important de la direction du parti communiste et\u00a0 le directeur de l\u2019hebdomadaire en langue fran\u00e7aise L\u2019Avenir de la Tunisie,\u00a0 arr\u00eat\u00e9\u00a0 en 1952 avec les dirigeants destouriens et communistes, il est \u00e9loign\u00e9 au sud tunisien, il ne sera lib\u00e9r\u00e9 qu\u2019en en 1955.  \u00a0\u00a0 Apr\u00e8s l\u2019ind\u00e9pendance, il continue \u00e0 jouer un r\u00f4le politique important en tant que militant communiste mais sans avoir de responsabilit\u00e9 officielle dans le parti. Il sera toujours\u00a0 pr\u00e9sent sur la sc\u00e8ne publique par des prises de positions, articles de presse, participation au mouvement d\u00e9mocratique et syndical. Il se distingue par ses positions de soutien total \u00e0 la cause palestinienne. Malgr\u00e9 son \u00e2ge avanc\u00e9, il ne rate aucune occasion pour apporter sa contribution\u00a0 aux luttes pour la d\u00e9mocratie, le progr\u00e8s et la modernit\u00e9 en Tunisie. <strong><font>Habib Kazdaghli<\/font><\/strong> \u00a0<\/div>\n<div>\n<hr\/>\n<\/div>\n<div align=\"center\"><font face=\"Arial\" size=\"2\"><strong><\/p>\n<h2 style=\"color: red;\"><font size=\"3\">Tunisie: d\u00e9c\u00e8s de Georges Adda, personnalit\u00e9 politique de gauche<\/font><\/h2>\n<p><\/strong><\/font><\/div>\n<div> TUNIS, 29 sept 2008 (AFP) &#8211; 29\/09\/2008 17h06  Georges Adda, figure embl\u00e9matique de la gauche en Tunisie est d\u00e9c\u00e9d\u00e9 dimanche \u00e0 l&rsquo;\u00e2ge de 92 ans suite \u00e0 un arr\u00eat cardiaque, a annonc\u00e9 lundi dans un communiqu\u00e9 le parti Ettajdid (ex-communiste).  N\u00e9 \u00e0 Tunis en 1916, Georges Adda qui se pr\u00e9sentait comme &lsquo;juif tunisien antisioniste&rsquo;, fut un dirigeant du Parti communiste tunisien (ex-PCT) durant le protectorat fran\u00e7ais et avait milit\u00e9 pour l&rsquo;ind\u00e9pendance de la Tunisie.  Il a connu la prison et les camps (1935 et 1954) avant de &lsquo;poursuivre son combat pour les libert\u00e9s et la d\u00e9mocratie et les droits de l&rsquo;Homme, pour la d\u00e9fense des cause justes et en Tunisie et dans le monde&rsquo;, a poursuivi Ettajdid.  Oralement et dans ses \u00e9crits, l&rsquo;homme proclamait souvent son appui aux droits du &lsquo;peuple palestinien martyr&rsquo;.  En syndicaliste convaincu, il \u00e9tait engag\u00e9 dans la d\u00e9fense des droits des travailleurs au sein de l&rsquo;Union g\u00e9n\u00e9rale tunisienne du travail (UGTT, centrale syndicale unique).  Georges Adda \u00e9tait le p\u00e8re de Serge Adda, ex-pr\u00e9sident de TV5Monde d\u00e9c\u00e9d\u00e9 en 2004 \u00e0 Paris. Il sera inhum\u00e9 mardi.<\/div>\n<div>\n<hr\/>\n<\/div>\n<div>\n<h2 align=\"center\" id=\"EC_article\" style=\"color: red;\">\n<h3 style=\"color: blue;\"><font size=\"3\">Commerce parall\u00e8le : Les parrains et les damn\u00e9s<\/font><\/h3>\n<\/h2>\n<p>Publi\u00e9 par <strong><font>Sihem Bensedrine &amp; Sahbi Smara<\/font><\/strong> dans<a href=\"http:\/\/\/\" target=\"_blank\" rel=\"noopener\"><u><font>Actuel<\/font><\/u><\/a>, 29\/09\/2008<\/p>\n<p align=\"justify\"><em><font>Le 23 septembre courant, l\u2019ONG Transparency International rendait public \u00e0 Berlin et \u00e0 Tunis, dans les locaux de la Banque Africaine de D\u00e9veloppement, son rapport sur<a href=\"http:\/\/\/\" target=\"_blank\" rel=\"noopener\"><u><font>l&rsquo;Indice<\/font><\/u><\/a> de Perception de la Corruption dans le monde qui \u00e9value le niveau de corruption affectant les administrations publiques et la classe politique. La Tunisie perd un point dans cet indice (62<sup>e<\/sup>) par rapport \u00e0 l\u2019an dernier, sans toutefois ravir la vedette aux leaders de la corruption dans la r\u00e9gion comme la Libye (126<sup>e<\/sup>) ou l\u2019Egypte (115<sup>e<\/sup>).  L\u2019apr\u00e8s midi du m\u00eame jour, la Tunisie d\u00e9posait aux NU les instruments de ratification de la <strong><a href=\"http:\/\/\/\" target=\"_blank\" rel=\"noopener\"><u><font>Convention<\/font><\/u><\/a> des Nations Unies contre la corruption<\/strong>, adopt\u00e9e en 2003, qui souligne dans son pr\u00e9ambule\u00a0:\u00a0\u00ab\u00a0la gravit\u00e9 des probl\u00e8mes que pose la corruption et la menace qu\u2019elle constitue pour la stabilit\u00e9 et la s\u00e9curit\u00e9 des soci\u00e9t\u00e9s, en sapant les institutions et les valeurs d\u00e9mocratiques, les valeurs \u00e9thiques et la justice et en compromettant le d\u00e9veloppement durable et l\u2019Etat de droit.\u00a0\u00bb<\/font><\/em>\u00a0\u00a0 <\/p>\n<p align=\"justify\">\u00a0<font><em><font>Cette convention fait obligation aux Etats parties d\u2019adopter des mesures qui favorisent la transparence et pr\u00e9viennent les conflits d\u2019int\u00e9r\u00eats, de sanctionner le trafic d\u2019influence et l\u2019enrichissement illicite, de prendre des mesures l\u00e9gislatives et r\u00e8glementaires pour pr\u00e9venir la corruption et assurer l\u2019acc\u00e8s effectif du public \u00e0 l\u2019information. Elle donne aux acteurs non \u00e9tatiques un r\u00f4le important dans ce combat en garantissant la libert\u00e9 de \u00ab rechercher, de recevoir, de publier et de diffuser des informations concernant la corruption\u00a0\u00bb et assure la \u00ab\u00a0Protection des personnes qui communiquent ces informations\u00a0\u00bb. Cette ratification &#8211; bien tardive, faut-il le souligner, et intervenant bien apr\u00e8s celle de l\u2019Alg\u00e9rie ou du Maroc &#8211; signifie-t-elle que la Tunisie ait d\u00e9cid\u00e9 de combattre la corruption\u00a0? Il faut vivement l\u2019esp\u00e9rer. La corruption est le sujet qui pr\u00e9occupe le plus le citoyen tunisien qui en fait le sujet privil\u00e9gi\u00e9 des rumeurs qui circulent sur l\u2019enrichissement illicite des proches du pouvoir. L\u2019absence d\u2019institutions de r\u00e9gulation ind\u00e9pendantes (Justice, Parlement) et l\u2019absence de m\u00e9dia libres ne sont pas pour favoriser une telle lutte. Kalima s\u2019est pench\u00e9 sur un secteur o\u00f9 la corruption fait des ravages et qui \u00e9chappe \u00e0 tout contr\u00f4le \u00e9tatique, b\u00e9n\u00e9ficiant de grandes complicit\u00e9s au plus haut niveau de l\u2019Etat. Il s\u2019agit du commerce parall\u00e8le\u00a0; Enqu\u00eate.<\/font><\/em> <font> Ils portent des sobriquets dignes de la mafia sicilienne ( \u00ab <em>Mettiou<\/em>\u00a0\u00bb, \u00ab\u00a0<em>Erray<\/em>\u00a0\u00bb), leur univers est non moins violent\u00a0et leur organisation n&rsquo;a rien \u00e0 envier \u00e0 son efficacit\u00e9\u00a0; ils sont les barrons du commerce parall\u00e8le et r\u00e8gnent en ma\u00eetres sur cette \u00e9conomie souterraine. Ils ont leur propre \u00ab\u00a0<em>shipping company<\/em>\u00a0\u00bb\u00a0 qui arme les porte-conteneurs et achemine les marchandises de Chine, Cor\u00e9e, Turquie, Maroc ou Libye vers les ports et a\u00e9roports tunisiens par dizaines de conteneurs.  Ils n&rsquo;ont aucun probl\u00e8me \u00e0 franchir les filtres de police et de douane et leurs marchandises\u00a0 ne sont pas soumises aux contr\u00f4les m\u00e9ticuleux que connaissent les importateurs r\u00e9guliers\u00a0; les documents de d\u00e9clarations de douane signalent des marchandises diff\u00e9rentes du contenu r\u00e9el des conteneurs. Ceux parmi les douaniers qui avaient, par m\u00e9garde, os\u00e9 pousser leurs investigations sur ce terrain de non droit, ont vu leurs carri\u00e8res bris\u00e9es.  La hi\u00e9rarchie est scrupuleusement respect\u00e9e\u00a0; il y a les donneurs d\u2019ordres, \u00e9videmment des proches de la famille r\u00e9gnante qui ont parfois leurs bureaux dans les zones sous douane et il y a les \u00ab\u00a0seconds couteaux\u00a0\u00bb\u00a0; Ceux-l\u00e0 aussi agissent d\u00e9sormais au grand jour, leurs d\u00e9p\u00f4ts ne sont plus localis\u00e9s en marge des villes comme avant (<em>El Djem<\/em> ou <em>Moncef Bey<\/em>)\u00a0; ils ont investi le centre ville de Tunis\u00a0 et ont pignon sur rue \u00e0 <em>Sidi Boumendil<\/em>, rue de la <em>Commission<\/em>, <em>Bab Dzira <\/em>\u00a0ou la Rue <em>El Bellar<\/em>, d\u00e9sormais d\u00e9sert\u00e9s par leurs occupants s\u00e9culaires, les vieux honn\u00eates commer\u00e7ants Djerbiens.  <strong>Un commerce organis\u00e9 hors la loi\u00a0<\/strong> Il ne s\u2019agit pas de contrebande (florissante dans les zones frontali\u00e8res), mais d\u2019un commerce organis\u00e9 qui est hors la loi et s\u2019exerce au vu et au su des autorit\u00e9s. Chaussures, textile et habillement, produits \u00e9lectroniques, parfumerie, produits sanitaires, pi\u00e8ces de rechange, \u00e9lectrom\u00e9nagers, jouets ou alimentation, rares sont les secteurs de l\u2019\u00e9conomie qui \u00e9chappent \u00e0 leurs tentacules. C\u2019est \u00e9galement le terrain de pr\u00e9dilection des produits de contrefa\u00e7on des grandes marques. Une \u00e9tude men\u00e9e en 2002 pour le compte de la Banque mondiale par Friedrich Schneider, de l\u2019Universit\u00e9 Johannes Kepler de Linz, r\u00e9v\u00e8le que\u00a0 l\u2019\u00e9conomie parall\u00e8le (<em>grey economy<\/em>) repr\u00e9sente 38% du PIB de la Tunisie. Aujourd\u2019hui, les statistiques officielles se gardent bien de livrer une quelconque estimation, mais des observateurs avertis estiment que ce secteur repr\u00e9sente plus de la moiti\u00e9 du PIB. Ceci dans un pays qui se veut \u00e9mergeant et affiche une \u00e9conomie assez structur\u00e9e qui s&rsquo;applique \u00e0 se mettre aux normes du lib\u00e9ralisme mondial. Rappelons que la Tunisie a lev\u00e9 ses barri\u00e8res douani\u00e8res avec l\u2019Europe et forme une zone de libre \u00e9change avec l\u2019UE depuis janvier 2008. Une <a href=\"http:\/\/\/\" target=\"_blank\" rel=\"noopener\"><u><font>communication<\/font><\/u><\/a> du Directeur g\u00e9n\u00e9ral de la Concurrence et des Enqu\u00eates \u00c9conomiques au Minist\u00e8re du Commerce et de l\u2019Artisanat, pr\u00e9sent\u00e9e en 2005 \u00e0 une\u00a0 conf\u00e9rence des Nations Unies reconnait que le poids de cette \u00e9conomie parall\u00e8le repr\u00e9sente 20%\u00a0 et que \u00ab\u00a0la nouvelle tendance du commerce parall\u00e8le\u00a0\u00bb veut qu\u2019il devienne une \u00ab\u00a0affaire de grands riches et\u00a0 s\u2019int\u00e9resse aux produits de qualit\u00e9.\u00a0\u00bb  <strong>L\u2019UTICA baisse les bras<\/strong> Ces \u00ab\u00a0entreprises\u00a0\u00bb ont la particularit\u00e9 de ne pas tenir de comptabilit\u00e9, de vendre sans factures aux d\u00e9taillants, de ne pas d\u00e9poser leur argent dans les banques, de ne pas payer de charges sociales\u00a0 ni d\u2019imp\u00f4ts\u00a0; leurs employ\u00e9s n\u2019ont aucune couverture sociale et restent \u00e0 la merci des rafles polici\u00e8res et de la prison pour d\u00e9lit de \u00ab\u00a0vente sauvage\u00a0\u00bb.  Selon un sondage, r\u00e9alis\u00e9 en 2007 par la tr\u00e8s officielle Organisation de d\u00e9fense des consommateurs, \u00a077,6% des Tunisiens pr\u00e9f\u00e8rent s&rsquo;approvisionner sur ce march\u00e9 parall\u00e8le qui satisfait la demande d\u2019une classe moyenne de plus en plus paup\u00e9ris\u00e9e; A titre d\u2019exemple, des tricots de peau en coton de provenance chinoise sont vendus \u00e0 5 DT (4 USD) la douzaine, alors qu\u2019un seul tricot co\u00fbte \u00e0 son producteur tunisien 0,750 DT l\u2019unit\u00e9.  Pour l\u2019\u00e9conomiste Abdeljelil Bedoui \u00ab\u00a0A court terme, ce commerce b\u00e9n\u00e9ficie au consommateur tunisien puisqu\u2019il se traduit par une disponibilit\u00e9 de produits bon march\u00e9, dans un contexte caract\u00e9ris\u00e9 par une r\u00e9gression du pouvoir d\u2019achat due au d\u00e9sengagement de l\u2019Etat, et touchant \u00a0la majorit\u00e9 des m\u00e9nages qui souffrent d\u2019une augmentation des prix de nombreux produits alimentaires, \u00e9nerg\u00e9tiques et des services comme l\u2019\u00e9ducation et la sant\u00e9.\u00a0\u00bb  Une sant\u00e9 parfois mise en danger par ces produits pas cher mais pour lesquels aucune information du consommateur n\u2019est disponible. Les enfants sont souvent expos\u00e9s \u00e0 des intoxications provenant de jouets (canards de bain, hochets ou poup\u00e9es) o\u00f9 des producteurs (notamment chinois) incorporent du phtalate de diisononyle dans les jouets de PVC pour leur conf\u00e9rer souplesse et douceur. L\u2019exposition orale au phtalate de diisononyle est associ\u00e9e aux l\u00e9sions du foie et des reins et m\u00eame au\u00a0 cancer selon certains laboratoires qui les ont exp\u00e9riment\u00e9s sur des souris. C\u2019est la raison qui a conduit l\u2019Union europ\u00e9enne \u00e0 interdire sur son territoire les jouets contenant ces substances. La r\u00e8glementation tunisienne prohibe \u00e9galement ces produits, mais aucun contr\u00f4le n\u2019est exerc\u00e9 sur ce march\u00e9 parall\u00e8le o\u00f9 ces produits circulent \u00e0 profusion. Cependant, pour Abdeljelil B\u00e9doui, l\u2019autre facette de ce commerce qui parait b\u00e9n\u00e9fique est que \u00ab\u00a0les Industriels et les commer\u00e7ants r\u00e9guliers sont soumis \u00e0 une concurrence d\u00e9loyale et font face \u00e0 des co\u00fbts de loin sup\u00e9rieurs et sont parfois conduits \u00e0 des situations de faillite.\u00a0\u00bb Quant \u00e0 l\u2019Etat, il a une attitude ambivalente\u00a0: \u00ab\u00a0d\u2019un c\u00f4t\u00e9, il trouve son compte dans ce secteur qui g\u00e9n\u00e8re beaucoup d\u2019emplois et att\u00e9nue la pression sur le march\u00e9 de l\u2019emploi\u00a0; de l\u2019autre, ce secteur repr\u00e9sente un manque \u00e0 gagner significatif en terme de recettes (taxes douani\u00e8res, fiscalit\u00e9 directe et indirecte) o\u00f9 une partie non n\u00e9gligeable de la richesse disponible n\u2019est pas soumise \u00e0 la ponction fiscale\u00a0\u00bb conclut B\u00e9doui. Incapables de r\u00e9sister \u00e0 cette concurrence d\u00e9loyale, de nombreuses entreprises ont effectivement mis la cl\u00e9 sous le paillasson. Les professionnels avaient beau d\u00e9noncer l\u2019in\u00e9galit\u00e9 de traitement entre le march\u00e9 parall\u00e8le et le march\u00e9 organis\u00e9, rien n\u2019y fit. \u00a0L\u2019UTICA, l\u2019organisation patronale, apr\u00e8s avoir r\u00e9agi assez \u00e9nergiquement au d\u00e9but des ann\u00e9es 2000, a fini par baisser les bras. Dans une interview parue en 2006 sur le site <em>Webmanagercenter<\/em>, le patron des patrons, H\u00e9di Jilani, admet que \u00ab\u00a0les tentatives men\u00e9es pour limiter le ph\u00e9nom\u00e8ne du commerce parall\u00e8le ont eu des r\u00e9sultats mitig\u00e9s et que\u00a0l\u2019\u00e9radication totale de ces march\u00e9s est irr\u00e9aliste\u00a0\u00bb et sugg\u00e8re qu\u2019on\u00a0\u00ab\u00a0limite leur pouvoir de nuisance en les r\u00e9duisant \u00e0 des dimensions raisonnables\u00a0\u00bb.  <strong>Duplicit\u00e9 des autorit\u00e9s<\/strong> Pourtant ce ne sont pas les lois qui manquent pour faire face \u00e0 ce ph\u00e9nom\u00e8ne. La loi N\u00b091-64 du 29 Juillet 1991 relative \u00e0 la concurrence et aux prix a \u00e9t\u00e9 modifi\u00e9e \u00e0 plusieurs reprises (en 1993, 1995, 1999, 2003, 2005 et 2007), incluant \u00e0 chaque fois de nouvelles r\u00e8gles pour renforcer les conditions de<strong> <\/strong>la concurrence et lutter\u00a0\u00ab contre certaines manifestations du commerce parall\u00e8le, comme l\u2019interdiction de la distribution de marchandises d\u2019origine inconnue ou encore la p\u00e9nalisation de la d\u00e9tention de produits sans relation avec l\u2019activit\u00e9 d\u00e9clar\u00e9e.\u00a0\u00bb comme l\u2019affirme le ministre du Commerce et de l\u2019Artisanat qui d\u00e9clarait \u00e9galement lors d\u2019un d\u00e9bat \u00e0 la Chambre des d\u00e9put\u00e9s en juin 2007 \u00ab\u00a0Le commerce parall\u00e8le est un fl\u00e9au et la Tunisie est d\u00e9termin\u00e9e \u00e0 le combattre avec rigueur.\u00a0\u00bb Mais les rigueurs de la force publique ne se sont abattues que sur le maillon le plus faible, \u00e9pargnant les premiers responsables de la cha\u00eene et laissant cette \u00e9conomie parall\u00e8le poursuivre son essor florissant. \u00a0 <strong>Zero risque pour les puissants et sanction du maillon le plus faible de la cha\u00eene<\/strong> Ces entreprises font appel \u00e0 une nu\u00e9e de petits revendeurs qui squattent les grandes rues commer\u00e7antes du centre ville et \u00e9talent leur marchandises sur des cartons de fortune ou \u00e0 m\u00eame le sol, en face des devantures des magasins qui n&rsquo;ont de cesse de s\u2019en plaindre en vain. Ces vendeurs \u00e0 la sauvette sont en majorit\u00e9 des jeunes issus des provinces de l\u2019int\u00e9rieur ou des quartiers pauvres de la capitale\u00a0; Une bonne partie d\u2019entre eux sont des dipl\u00f4m\u00e9s ch\u00f4meurs (45,2%<a href=\"http:\/\/\/\" target=\"_blank\" rel=\"noopener\"><u><font>[1]<\/font><\/u><\/a> des ch\u00f4meurs tunisiens ont un niveau secondaire ou sup\u00e9rieur, selon la Banque mondiale) pour lesquels l&rsquo;ascenseur social ne fonctionne plus . Leur capital, qui peut varier de 50 DT \u00e0 1000 DT, ils l\u2019empruntent ou travaillent dans des chantiers pour l\u2019amasser. \u00ab\u00a0Auparavant, &#8211; regrette Faker &#8211; les vendeurs s\u2019entendaient pour ne pas vendre les m\u00eames articles. Ils se r\u00e9partissaient les types d\u2019articles et les zones pour ne pas \u00eatre en concurrence\u00a0; aujourd\u2019hui leur nombre a explos\u00e9 et il n\u2019y a plus ce genre de coordination, ce qui fait que la concurrence est plus s\u00e9v\u00e8re et la marge de b\u00e9n\u00e9fice plus faible\u00a0\u00bb. Ils sont la b\u00eate noire de la police qui les pers\u00e9cute pour les besoins des statistiques \u00e0 afficher aux partenaires europ\u00e9ens et aux institutions internationales. Ainsi <em>Faker<\/em> a \u00e9t\u00e9 arr\u00eat\u00e9 et sa marchandise confisqu\u00e9e plus de 60 fois; il est pass\u00e9 deux fois devant un tribunal apr\u00e8s un s\u00e9jour au centre de d\u00e9tention de <em>Bouchoucha<\/em>, de sinistre r\u00e9putation. 9,800 DT d\u2019amende ( moins de 8 USD), c\u2019est ce que pr\u00e9voit la loi pour punir le d\u00e9lit \u00ab\u00a0<em>d\u2019intissab fawdhaoui<\/em>\u00a0\u00bb(\u00a0vente sauvage); Une bagatelle\u00a0! convient <em>Faker<\/em>, mais le plus dur c\u2019est <em>Bouchoucha<\/em>\u00a0! <em>Faker<\/em> fait partie du contingent des dipl\u00f4m\u00e9s ch\u00f4meurs\u00a0; il a une ma\u00eetrise de litt\u00e9rature arabe et apr\u00e8s une ann\u00e9e d\u2019enseignement pr\u00e9caire dans le priv\u00e9 \u00e0 2 dinars l\u2019heure et des humiliations devant les \u00ab\u00a0\u00e9l\u00e8ves rois\u00a0\u00bb, il a pr\u00e9f\u00e9r\u00e9 c\u00e9der \u00e0 la tentation d\u2019\u00eatre <em>Nassab<\/em>(vendeur \u00e0 la sauvette)\u00a0o\u00f9 l\u2019on gagne mieux sa vie si on a le go\u00fbt du risque (une moyenne de 10 DT pour un capital de 50 DT)\u00a0! Apr\u00e8s avoir travaill\u00e9 dans des chantiers de construction o\u00f9 il a pu amasser un p\u00e9cule et constituer un\u00a0capital de 50 DT, il a pu acc\u00e9der au statut de revendeur et acheter sa marchandise chez les grossistes. Car dans ce monde souterrain on ne badine pas avec l\u2019argent\u00a0; ni les cr\u00e9dits, ni les traites ne font partie du dictionnaire du milieu\u00a0; Tout se r\u00e8gle en cash\u00a0; Dans ce monde, les parrains prennent\u00a0 un risque zero.  \u00a0  <strong>La chaine de corruption va des hauts responsables des douanes aux petits policiers charg\u00e9s de la r\u00e9pression des fraudes<\/strong> \u00ab\u00a0Pour nous c\u2019est une question de vie ou de mort. Nous jouons avec eux au chat et \u00e0 la souris; Il (le flic) m\u2019approche, je fuis et pose ma marchandise \u00e0 quelques m\u00e8tres plus loin, il s\u2019en va je reprends mon activit\u00e9. Je peux refaire \u00e7a 15 fois par jour\u00a0; je n\u2019ai pas le choix, je dois gagner mon pain\u00a0!\u00a0\u00bb d\u00e9clare Faker qui sait que la marchandise confisqu\u00e9e, c\u2019est tout le capital qui s\u2019\u00e9vapore en quelques minutes et tel Sisyphe, il doit reprendre \u00e0 z\u00e9ro ce parcours de combattant.  \u00ab\u00a0Nous achetons chez des grossistes qui nous fournissent sans factures\u00a0; il arrive qu\u2019en sortant de leurs d\u00e9p\u00f4ts, on trouve la police qui nous attend et qui confisque toute la marchandise que nous venons d\u2019acheter.\u00a0\u00bb Ajoutant\u00a0:\u00a0\u00ab\u00a0avec l\u2019anciennet\u00e9, on finit par avoir nos informateurs\u00a0; des agents charg\u00e9s du contr\u00f4le nous pr\u00e9viennent de la date et de l\u2019heure d\u2019arriv\u00e9e de l\u2019inspecteur, nous prenons bien s\u00fbr nos pr\u00e9cautions\u2026 mais ce qui m\u2019attriste le plus, c\u2019est qu\u2019un flic s\u2019abaisse \u00e0 demander 0,500 DT (- de 300 cents) d\u2019un revendeur en \u00e9change de son silence\u00a0!\u00a0\u00bb Ainsi, contrairement \u00e0 la r\u00e8gle \u00e9tablie dans le commerce traditionnel, plus on est gros, moins on prend de risques et les boucs \u00e9missaires sont ces petits revendeurs qui affrontent la col\u00e8re des commer\u00e7ants et la r\u00e9pression de la police et payent pour les parrains qui sont au sommet de ce trafic juteux et b\u00e9n\u00e9ficient de tr\u00e8s hautes protections. Les autorit\u00e9s font mine d\u2019ignorer ces parrains et s\u2019acharnent sur leurs victimes tout en laissant entendre que ce secteur est b\u00e9n\u00e9fique puisqu\u2019il est pourvoyeur d\u2019emploi\u00a0! Passant \u00e0 la trappe les secteurs de l\u2019\u00e9conomie sinistr\u00e9s de leur fait, les milliards qui \u00e9chappent chaque ann\u00e9e aux caisses de l\u2019Etat et qui auraient pu servir \u00e0 cr\u00e9er des emplois r\u00e9guliers. \u00ab\u00a0Je suis pr\u00eat \u00e0 int\u00e9grer les structures officielles de l\u2019\u00e9conomie. A payer des taxes\u00a0\u00a0 et que ce secteur soit organis\u00e9\u00a0; mais c\u2019est \u00e0 l\u2019Etat de le faire\u00a0\u00bb conclut Faker\u00a0 qui est parfaitement conscient de la nuisance de ce secteur sur l\u2019\u00e9conomie du pays;  \u00a0\u00ab\u00a0Juguler la corruption exige un contr\u00f4le \u00e9troit exerc\u00e9 par le Parlement, l\u2019application effective des lois, l\u2019existence de medias ind\u00e9pendants et d\u2019une soci\u00e9t\u00e9 civile dynamique\u2026Lorsque ces institutions sont faibles, la corruption se d\u00e9veloppe et \u00e9chappe \u00e0 tout contr\u00f4le avec de terribles cons\u00e9quences pour la soci\u00e9t\u00e9 dans son entier avec la persistance d\u2019injustices et d\u2019in\u00e9galit\u00e9s.\u201d souligne Huguette Labelle, pr\u00e9sidente de Transparency International.  Encore faut-il que cette volont\u00e9 de combattre ce fl\u00e9au existe en haut lieu.   ___________________ \u00a0<\/font><\/font><\/p>\n<p align=\"justify\"><font size=\"2\">\u00a0<a href=\"http:\/\/\/\" target=\"_blank\" rel=\"noopener\"><u><font>[1]<\/font><\/u><\/a><a href=\"http:\/\/\/\" target=\"_blank\" rel=\"noopener\"><u><font>World Bank<\/font><\/u><\/a> :The Road Not Traveled : Education Reform in the Middle East and North Africa. p 214.<\/font><\/p>\n<p align=\"justify\"><strong><font>(Source: le site de &lsquo;Kalima&rsquo; le 29 septembre 2008)<\/font><\/strong><\/p>\n<p align=\"justify\"><strong><font>Lien: <\/font><\/strong><a href=\"http:\/\/www.kalimatunisie.com\/fr\/4\/actuel\/315\/\" target=\"_blank\" rel=\"noopener\"><strong><font><u>http:\/\/www.kalimatunisie.com\/fr\/4\/actuel\/315\/<\/u><\/font><\/strong><\/a><\/p>\n<hr\/>\n<p>\u00a0<\/p><\/div>\n<div align=\"center\"><strong>Politique &#8211; Soci\u00e9t\u00e9 civile <\/p>\n<p><font size=\"3\">Echec de l&rsquo;alliance &lsquo;Rencontre D\u00e9mocratique&rsquo; et \u00e9ventuelle alliance avec le PUP et le MDS : &lsquo;Nous d\u00e9fendons les valeurs de la R\u00e9publique contre les obscurantistes&rsquo;<\/font><\/p>\n<p><\/strong> <strong><font>Interview de Me Ahmed Inoubli Secr\u00e9taire g\u00e9n\u00e9ral de l&rsquo;UDU<\/font><\/strong><\/div>\n<div align=\"justify\"> Les observateurs de la sc\u00e8ne politique nationale ont remarqu\u00e9 ces derniers temps l&rsquo;intensit\u00e9 des contacts et des rencontres entre l&rsquo;Union D\u00e9mocratique Unioniste (UDU), \u00a0le Parti de l&rsquo;Unit\u00e9 Populaire (PUP) et le Mouvement des D\u00e9mocrates Socialistes (MDS) qui sont interpr\u00e9t\u00e9es par certains comme un \u00e9chec effectif de l&rsquo;alliance qui porte le nom de &lsquo;Rencontre D\u00e9mocratique&rsquo; initi\u00e9e il y a environ deux ans, entre justement l&rsquo;UDU, le PUP, le Parti Social Lib\u00e9ral (PSL) et le Parti des Verts pour le Progr\u00e8s (PVP). Des contacts qui peuvent d\u00e9boucher sur la constitution d&rsquo;une nouvelle alliance entre ces trois partis qui se jugent poss\u00e9der une certaine l\u00e9gitimit\u00e9 historique. Des membres des bureaux politiques de ces partis l&rsquo;ont annonc\u00e9 clairement&#8230; Notre invit\u00e9 Me Ahmed Inoubli secr\u00e9taire g\u00e9n\u00e9ral de l&rsquo;UDU nous parle de l&rsquo;\u00e9chec de la &lsquo;Rencontre D\u00e9mocratique&rsquo;, de l&rsquo;\u00e9ventuelle alliance avec le PUP et le MDS. Des \u00e9lections l\u00e9gislatives et pr\u00e9sidentielles et d&rsquo;autres questions. Interview.  <strong>Le Temps : La &lsquo;Rencontre D\u00e9mocratique&rsquo; est, d\u00e9sormais selon les observateurs, un projet-mort-n\u00e9. Quelles sont les causes de l&rsquo;\u00e9chec de cette &lsquo;alliance&rsquo; ?<\/strong> Me Ahmed Inoubli : Permettez-moi de rappeler que l&rsquo;Union D\u00e9mocratique Unioniste (UDU) est le premier parti \u00e0 avoir appel\u00e9 \u00e0 un dialogue national et \u00e0 la constitution d&rsquo;un conseil sup\u00e9rieur du dialogue concernant toutes les questions d&rsquo;int\u00e9r\u00eat national sur la base de la fid\u00e9lit\u00e9 au pays et le refus de toute all\u00e9geance \u00e0 l&rsquo;\u00e9tranger. L&rsquo;objectif \u00e9tant la n\u00e9cessit\u00e9 des r\u00e9formes, la consolidation des acquis et de l&rsquo;ind\u00e9pendance des d\u00e9cisions nationales et le refus de toute normalisation avec l&rsquo;entit\u00e9 sioniste afin de sauvegarder l&rsquo;int\u00e9r\u00eat de la nation \u00e0 laquelle nous appartenons.  <strong>\u2022 Mais justement quel sorte de dialogue ?<\/strong> Le dialogue que nous pr\u00e9conisons ne se limite pas \u00e0 un dialogue entre les partis politiques et le gouvernement. Non, il doit concerner les partis politiques reconnus y compris le parti au pouvoir afin de cr\u00e9er un environnement d&rsquo;entente nationale sur les questions politiques dont notamment l&rsquo;\u00e9volution et la r\u00e9forme de la vie politique.  <strong>\u2022 Cet appel au dialogue est donc une initiative de l&rsquo;UDU ?<\/strong> Cette initiative a \u00e9t\u00e9 lanc\u00e9e lors du congr\u00e8s du parti qui s&rsquo;est tenu en 2006 \u00e0 Djerba. Une initiative qui vise \u00e0 faire \u00e9voluer la vie politique dans ce sens. La &lsquo;Rencontre D\u00e9mocratique&rsquo; a \u00e9t\u00e9 constitu\u00e9e dans cet esprit pour faire \u00e9voluer la situation politique sur la base de l&rsquo;entente nationale, loin des querelles intestines et pr\u00e9fabriqu\u00e9es qui ne servent pas l&rsquo;int\u00e9r\u00eat national.  <strong>\u2022 A l&rsquo;\u00e9poque on a dit que la &lsquo;Rencontre D\u00e9mocratique&rsquo; a \u00e9t\u00e9 cr\u00e9\u00e9e pour contrer l&rsquo;alliance dite du &rsquo;18 octobre&rsquo;. Est-ce vrai ?<\/strong> Non et c&rsquo;est absolument inexact. La &lsquo;Rencontre D\u00e9mocratique&rsquo; n&rsquo;a \u00e9t\u00e9 dirig\u00e9e contre aucune alliance et aucun parti. La preuve notre initiative de cr\u00e9er une\u00a0 sorte de forum de dialogue entre les partis, concernait aussi le Parti D\u00e9mocratique Progressiste (PDP), le Forum D\u00e9mocratique pour le travail et les Libert\u00e9s (FDTL), Ettajdid et aussi le Rassemblement Constitutionnel D\u00e9mocratique (RCD).  <strong>\u2022 Et le Mouvement des D\u00e9mocrates Socialistes (MDS) ?<\/strong> Il n&rsquo;a pas rejoint les quatre partis qui ont constitu\u00e9 la &lsquo;Rencontre D\u00e9mocratique&rsquo; pour des raisons qui le concernent. Mais le dialogue avec le MDS n&rsquo;a jamais \u00e9t\u00e9 interrompu au contraire il se consolide de plus en plus.  <strong>\u2022 Mais l&rsquo;enthousiasme qui a accompagn\u00e9 les premiers pas de la &lsquo;Rencontre D\u00e9mocratique&rsquo; a laiss\u00e9 la place au scepticisme et m\u00eame au doute quant \u00e0 l&rsquo;utilit\u00e9 d&rsquo;une telle &lsquo;rencontre&rsquo; ?<\/strong> Nous avons \u00e9t\u00e9 surpris que certaines parties de &lsquo;La Rencontre D\u00e9mocratique&rsquo; aient jug\u00e9 que la mission d&rsquo;une telle alliance consistait uniquement \u00e0 avancer des propositions sur l&rsquo;\u00e9volution de la situation politique \u00e0 l&rsquo;occasion de la c\u00e9l\u00e9bration du 20\u00e8me anniversaire du changement. Une fois cette mission accomplie la &lsquo;Rencontre D\u00e9mocratique&rsquo; cesserait donc d&rsquo;exister. Tout en d\u00e9plorant cette vision nous avons tenu \u00e0 maintenir et \u00e0 consolider nos relations avec ces partis et ce, en dehors de la &lsquo;Rencontre D\u00e9mocratique&rsquo;. Ainsi nos relations son excellentes avec le PUP et avec le MDS.  <strong>\u2022 Justement les relations avec ces deux partis qui ont pris le pas sur celles avec les deux autres partis le PSL et le PVP, pourront-elles aboutir \u00e0 la constitution d&rsquo;une nouvelle &lsquo;Rencontre D\u00e9mocratique&rsquo; ?<\/strong> Pourquoi pas et nous l&rsquo;esp\u00e9rons et \u0153uvrons \u00e0 trouver une base d&rsquo;entente commune entre tous les partis, comme je l&rsquo;ai dit, pour faire \u00e9voluer la situation politique et consolider le pluralisme, la d\u00e9mocratie et par-del\u00e0 l&rsquo;int\u00e9r\u00eat de la nation.  <strong>\u2022 Mais entre le MDS et le PUP il y a comme une sorte de susceptibilit\u00e9 quant \u00e0 la place du leadership des partis de l&rsquo;opposition. L&rsquo;UDU est-il concern\u00e9 ?<\/strong> A l&rsquo;UDU nous \u0153uvrons pour l&rsquo;\u00e9volution du paysage politique et du processus d\u00e9mocratique. Nous ne cherchons ni la premi\u00e8re ni la derni\u00e8re place dans le classement.  <strong>\u2022 Envisagez-vous des alliances avec ces deux partis \u00e0 l&rsquo;occasion des prochaines \u00e9lections ?<\/strong> Notre d\u00e9marche est strat\u00e9gique. Elle n&rsquo;est pas \u00e9lectorale. Elle vise l&rsquo;approfondissement des r\u00e9formes avec la participation de tous les partis y compris le RCD. Malheureusement on a constat\u00e9 que certains partis ont attaqu\u00e9 l&rsquo;UDU. Mais nous n&rsquo;avons pas r\u00e9pondu parce que nous croyons au dialogue constructif et nous rejetons les querelles imaginaires. Car nous consid\u00e9rons que la Tunisie est le pays de toutes les parties qui \u0153uvrent pour l&rsquo;int\u00e9r\u00eat national.  <strong>\u2022 L&rsquo;UDU a le droit selon les dispositions de l&rsquo;amendement de l&rsquo;article 40 de la constitution de pr\u00e9senter la candidature de son secr\u00e9taire g\u00e9n\u00e9ral \u00e0 l&rsquo;\u00e9lection pr\u00e9sidentielle de 2009. Vous allez vous pr\u00e9senter ?<\/strong> C&rsquo;est le Conseil National du parti qui en d\u00e9cidera.  <strong>\u2022 Au cas o\u00f9 le Conseil National d\u00e9cide de ne pr\u00e9senter aucun, le parti soutiendra quel candidat ?<\/strong> C&rsquo;est au Conseil National d&rsquo;en d\u00e9cider au moment opportun.  <strong>\u2022 Revenons aux partis de l&rsquo;opposition. Certains vous classent de partis proche du pouvoir voir d&rsquo;all\u00e9geance. Qu&rsquo;en dites-vous ?<\/strong> Cela est devenu un classement ennuyeux et des \u00e9tiquettes qui n&rsquo;ont aucun sens. A l&rsquo;UDU nous avons choisi le centrisme et la mod\u00e9ration. Un choix qui d\u00e9coule de l&rsquo;\u00e9valuation de la sc\u00e8ne politique nationale certaines parties qui nous qualifient d&rsquo;all\u00e9geance n&rsquo;ont pas pris connaissance de nos programmes ni de nos positions. Je pense que ces parties veulent \u00e9liminer les autres pour se pr\u00e9valoir et se placer comme la seule opposition. Ces parties ont tort et le temps donnera raison \u00e0 ceux qui sont r\u00e9alistes et concrets dans leurs positions et leurs d\u00e9marches.  \u2022 Vos d\u00e9marches et positions d\u00e9coulent de l&rsquo;id\u00e9ologie nationaliste arabe. Une id\u00e9ologie qualifi\u00e9e par certains de r\u00e9trograde et m\u00eame d&rsquo;archa\u00efque. Qu&rsquo;en pensez-vous ? L&rsquo;Union D\u00e9mocratique Unioniste n&rsquo;a pas de r\u00e9f\u00e9rences dans l&rsquo;id\u00e9ologie nationaliste arabe telle qu&rsquo;elle existe classiquement. Notre parti n&rsquo;est pas le disciple d&rsquo;une \u00e9cole qu&rsquo;elle soit ba\u00e2thiste ou nass\u00e9rienne. Nous sommes un parti d&rsquo;une nouvelle r\u00e9f\u00e9rence id\u00e9ologique. Une id\u00e9ologie r\u00e9novatrice du nationalisme.\u00a0 Nous nous sommes enrichis de toutes les exp\u00e9riences. Du nass\u00e9risme, mais nous ne sommes pas un parti nass\u00e9rien, du Ba\u00e2th mais nous ne sommes pas un parti ba\u00e2thiste, du marxisme mais nous ne sommes pas un parti marxiste, des comit\u00e9s r\u00e9volutionnaires, mais nous ne sommes pas un comit\u00e9 r\u00e9volutionnaire. Nous avons adopt\u00e9 les principes et les constantes du nationalisme et son militantisme. Mais avec le renouvellement des perspectives et la croyance en la d\u00e9mocratie qui est le moyen susceptible de r\u00e9aliser l&rsquo;unit\u00e9 de la nation arabe. Nous sommes un parti r\u00e9publicain unioniste. Nous d\u00e9fendons les valeurs de la R\u00e9publique et celles de la modernit\u00e9. Nous consid\u00e9rons donc que nous sommes des r\u00e9novateurs et des progressistes et non des r\u00e9trogrades et des obscurantistes. Celui qui refuse et attaque notre identit\u00e9 il est soit un fanatique et un ennemi de la nation arabe soit qu&rsquo;il s&rsquo;est plac\u00e9 pour servir les int\u00e9r\u00eats sionistes et imp\u00e9rialistes. Mais celui qui attaque l&rsquo;option socialiste que nous avons choisi nous lui dirons que nous avons choisi le socialisme qui est synonyme de justice et d&rsquo;\u00e9galit\u00e9 sociale qui sont l&rsquo;\u0153uvre de l&rsquo;interventionnisme de l&rsquo;Etat qui garantit les \u00e9quilibres globaux en se basant sur le secteur public. En un mot ceux qui ne per\u00e7oivent pas l&rsquo;utilit\u00e9 et la n\u00e9cessit\u00e9 pour l&rsquo;int\u00e9r\u00eat national d&rsquo;un tel choix, ils n&rsquo;ont qu&rsquo;\u00e0 m\u00e9diter sur l&rsquo;\u00e9chec flagrant du capitalisme aux Etats-Unis, le d\u00e9sarroi de l&rsquo;administration Bush, et la crise financi\u00e8re sans pr\u00e9c\u00e9dent qui menace tous les pays du monde, caus\u00e9e par la lib\u00e9ralisme que certains s&rsquo;ent\u00eatent aujourd&rsquo;hui contre vents et mar\u00e9es \u00e0 d\u00e9fendre&#8230;<\/div>\n<div align=\"justify\"> <strong><font>Interview r\u00e9alis\u00e9e par N\u00e9jib SASSI<\/font><\/strong><\/div>\n<div align=\"justify\">\u00a0<\/div>\n<div align=\"justify\"><font><strong>(Source: &lsquo;Le Temps&rsquo; (Quotidien &#8211; Tunis) le 29 septembre 2008)<\/strong><\/font><\/div>\n<div align=\"justify\"><strong><\/p>\n<hr\/>\n<p><\/strong><\/div>\n<div align=\"justify\">\n<div align=\"center\"><font face=\"Arial\" size=\"2\"><strong><font>Face \u00e0 face Obama-Mc Cain  <\/font><\/p>\n<h3 style=\"color: blue;\"><font size=\"3\">Sommes-nous v\u00e9ritablement tous Am\u00e9ricains ?<\/font><\/h3>\n<p> <\/strong><\/font><\/div>\n<p><font face=\"Arial\" size=\"2\"><\/p>\n<div> <font>Vendredi dans la soir\u00e9e, \u00e0 l&rsquo;aube de samedi dernier pour notre fuseau horaire, s&rsquo;est d\u00e9roul\u00e9e la premi\u00e8re confrontation t\u00e9l\u00e9vis\u00e9e des deux candidats \u00e0 la Maison blanche. \u00c9tions-nous \u00e0 ce moment l\u00e0, comme le qualifiait une am\u00e9ricanologue, v\u00e9ritablement \u00ab tous Am\u00e9ricains \u00bb ?  Certes, la curiosit\u00e9, l&rsquo;attente, l&rsquo;esp\u00e9rance m\u00eame de ce que pourrait devenir la prochaine pr\u00e9sidence de la premi\u00e8re puissance du monde, pouvaient-elles justifier cette posture unanime, tant il est vrai qu&rsquo;il se dessine, en la personne de chacun de ces deux challengers, une vision duelle et diff\u00e9rente de l&rsquo;American dream. L&rsquo;un, chenu, galonn\u00e9, disciplin\u00e9, droit dans ses bottes, est dans la continuit\u00e9 de son magist\u00e8re militaire, enseignant \u00e0 l&rsquo;autre \u00ab qui n&rsquo;a pas compris \u00bb, qui \u00ab n&rsquo;a pas encore r\u00e9alis\u00e9 \u00bb, sa propre exp\u00e9rience d&rsquo;homme de terrain. L&rsquo;autre, juv\u00e9nile en regard, pr\u00e9tend promouvoir pourtant une \u00ab plus large vision \u00bb de l&rsquo;avenir. N&rsquo;est-ce pas cette projection plut\u00f4t que sa couleur pain br\u00fbl\u00e9, si peu habituelle &#8211; malgr\u00e9 les Colin Powell et Condoleezza Rice &#8211; dans cet aire de domination blanche, qui le tient dans une parent\u00e9, comme un demi-fr\u00e8re de ce monde d&rsquo;en bas, un cousin auquel l&rsquo;exil aurait donn\u00e9 les ailes de la puissance et de la gloire ? Pourtant ce que promet Barack Obama, en mati\u00e8re de politique \u00e9trang\u00e8re, le situe dans la m\u00eame g\u00e9n\u00e9alogie h\u00e9g\u00e9monique que son concurrent. Sans doute ne professe-t-il pas le m\u00eame engagement martial que Mc Cain. Dans une r\u00e9ciproque agitation de petits bracelets port\u00e9s au poignet en m\u00e9moire de jeunes sergents morts \u00e0 Bagdad, Mc Cain le v\u00e9t\u00e9ran de toutes les guerres maudites se refuse \u00e0 \u00ab rendre l&rsquo;Irak aux Irakiens \u00bb, comme s&rsquo;y engage Obama.  L&rsquo;Irak, quel Irak ? Apr\u00e8s ce cadeau empoisonn\u00e9 d&rsquo;un pays d\u00e9vast\u00e9 \u00e0 sa population \u00e9clat\u00e9e, Obama veut retourner les foudres du Pentagone contre l&rsquo;Afghanistan, au motif que ce pays est (assur\u00e9ment) la matrice du jihad fondamentaliste. D&rsquo;un saccage \u00e0 l&rsquo;autre &#8211; car on ne voit pas comment en dehors d&rsquo;un pilonnage syst\u00e9matique des zones frontali\u00e8res, encore que les Talibans r\u00f4dent autour de Kaboul, ce nettoyage salvateur des abc\u00e8s du mal pourrait s&rsquo;accomplir &#8211; Obama pr\u00e9voit d\u00e9j\u00e0 un triplement des forces am\u00e9ricaines en Afghanistan, en dehors des centaines de milliers de soldats de l&rsquo;OTAN : une v\u00e9ritable occupation du pays. On n&rsquo;aura pas entendu \u00e9voquer de v\u00e9ritable solution politique ni de lutte contre la corruption qui gangr\u00e8ne une gouvernance de suppl\u00e9tifs afghans ; \u00e0 peine aura-t-il profil\u00e9 l&rsquo;\u00e9radication du commerce de la drogue qui finance les Talibans. C&rsquo;est tout juste s&rsquo;il ne faudra pas rendre gr\u00e2ce \u00e0 Obama de ne pas projeter des frappes chirurgicales contre les poches terroristes creus\u00e9es au Pakistan, que promet Mc Cain, pr\u00eat pour sa part a faire retentir le bruit des bottes d&rsquo;Afghanistan en Iran et jusqu&rsquo;au Caucase ! Dans sa fantasmagorie de diables moult fois r\u00e9incarn\u00e9s, Mc Cain voue aux g\u00e9monies Ahmadinejad et voit \u00ab dans les yeux de Poutine inscrites les lettres K.G.B. \u00bb. Combien alors Obama semble en regard doux, candide, \u00ab na\u00eff \u00bb m\u00eame ironise Mc Cain, car le novice &#8211; comme s&rsquo;en moque son vieux challenger &#8211; ne saurait pas que pour d\u00eener avec le diable, il faut une longue cuill\u00e8re. Barack Obama, en effet, pr\u00f4ne le dialogue et les n\u00e9gociations sans \u00ab conditions \u00bb mais avec quelque \u00ab pr\u00e9paration \u00bb, avec un interlocuteur diabolis\u00e9 par Mc Cain.  Bien qu&rsquo;Obama prenne le volant avec des gants et mette la p\u00e9dale douce, n&rsquo;est-ce pas la m\u00eame course engag\u00e9e vers toujours la m\u00eame domination unilat\u00e9rale am\u00e9ricaine, envers et contre toutes les concurrences : celle d&rsquo;une Russie qui se r\u00eave toujours imp\u00e9riale, comme l&rsquo;avait hiss\u00e9e Pierre le Grand, et surtout celle d&rsquo;une Chine \u00e9veill\u00e9e d&rsquo;une imm\u00e9moriale glaciation et \u00e0 laquelle les USA sont redevables de trillions de dollars. Devant cette exigence d&rsquo;endiguement des puissances \u00e9mergentes trop comp\u00e9titives, la lutte contre le terrorisme est un alibi vertueux pour les candidats, d&rsquo;autant que c&rsquo;est la Chine qui financerait, selon eux, le jihadisme perturbateur d&rsquo;Afghanistan en Arabie ! Peut-\u00eatre le diable se cache-t-il aussi dans les d\u00e9tails : serait-il bon de rappeler combien le p\u00e9trole alimente ce brasier d&rsquo;enjeux explosifs, de l&rsquo;Irak en Afghanistan et jusqu&rsquo;au Caucase et \u00e0 la mer Noire, les routes du p\u00e9trole et les gazoducs y croisant l&rsquo;avenir du monde. Plus soft, \u00e0 d\u00e9faut d&rsquo;enflammer la poudre, Obama nous la jette aux yeux : ce \u00ab grand ami d&rsquo;Isra\u00ebl \u00bb qui n&rsquo;a pas une parole de consolation pour les Palestiniens en ces temps de regain des colonies, exhibe un visage et un message avenants. Il sait bien quels lobbies flatter, quels int\u00e9r\u00eats pr\u00e9server. Il propose une image restaur\u00e9e, plus attractive pour tous ceux qui croient encore dans les promesses de cette formidable d\u00e9mocratie int\u00e9rieure, de cette autorit\u00e9 dominatrice ext\u00e9rieure. Sur l&rsquo;essentiel, ce patriote qui porte la cocarde \u00e9toil\u00e9e au revers de son veston est l&rsquo;homme de la rel\u00e8ve, de la transmission.  Mais en ce 21\u00e8me si\u00e8cle, l&rsquo;Am\u00e9rique au cr\u00e9puscule de son histoire financi\u00e8re et \u00e9conomique dont elle ne peut relancer la machine qu&rsquo;au travers de nouvelles guerres imp\u00e9rialistes, appr\u00e9hende de se voir d\u00e9passer par une Chine d\u00e9mesur\u00e9e \u00e0 laquelle un nouveau tour de plan\u00e8te donne la pr\u00e9\u00e9minence, sinisant ainsi le grand \u00e9chiquier du monde. Non, d\u00e9cid\u00e9ment, nous ne sommes pas tous Am\u00e9ricains.  <\/font><strong>Nadia Omrane <\/strong><\/div>\n<div><strong>(Source: &lsquo;Alternatives Citoyennes\u00a0&lsquo; le 29 septembre 2008)<\/strong><\/div>\n<div><strong>lien: <\/strong><a target=\"_blank\" rel=\"noopener\"><strong><u><font>http:\/\/www.alternatives-citoyennes.sgdg.org\/2008-09\/290908-w.html<\/font><\/u><\/strong><\/a><\/div>\n<p><\/font><\/div>\n<div><u><font><\/p>\n<hr\/>\n<p><\/font><\/u><\/div>\n<div>\n<div align=\"center\"><strong><\/p>\n<h3 style=\"color: blue;\"><font size=\"3\">Wall Street, m\u00fbr pour adopter les principes de la Charia ?<\/font><\/h3>\n<p><\/strong><\/div>\n<div align=\"justify\">\u00a0<\/div>\n<div align=\"justify\"> par Roland Laskine | JDF | 25.09.2008 | Mise \u00e0 jour : 08H54  Chronique. Roland Laskine, r\u00e9dacteur en chef \u00e0 l\u2019hebdomadaire Le Journal des Finances, analyse l\u2019interdiction des ventes \u00e0 d\u00e9couvert aux Etats-Unis. En 1968, les \u00e9tudiants \u00e9crivaient sur les murs qu\u2019il est \u00abinterdit d\u2019interdire\u00bb. Aujourd\u2019hui, ces m\u00eames \u00e9tudiants, dont une bonne partie occupent des postes cl\u00e9s dans les entreprises ou l\u2019administration s\u2019inqui\u00e8tent de la crise financi\u00e8re et d\u00e9clarent qu\u2019il est \u00abinterdit de laisser faire\u00bb. L\u2019heure est donc au resserrement des contr\u00f4les sur toutes les places financi\u00e8res et surtout \u00e0 la restriction des op\u00e9rations sp\u00e9culatives qui ont largement contribu\u00e9 \u00e0 aggraver la crise.  Lorsque Nicolas Sarkozy monte \u00e0 la tribune de l\u2019ONU pour r\u00e9clamer plus de contr\u00f4le et une meilleure r\u00e9gularisation des r\u00e8gles du capitalisme, notre Pr\u00e9sident ne fait que traduire l\u2019exasp\u00e9ration g\u00e9n\u00e9rale de dizaines de millions d\u2019\u00e9pargnants dans le monde victimes des agissements d\u2019une poign\u00e9e de banquiers irresponsables.  L\u2019interdiction totale des ventes \u00e0 d\u00e9couvert sur les valeurs financi\u00e8res de part et d\u2019autre de l\u2019Atlantique et la limitation des op\u00e9rations \u00e0 effets de leviers qui permettent de parier sur 100 ou 500 en ne mettant sur la table d\u2019une dizaine de dollars, \u00e9tait sous doute n\u00e9cessaire. A court terme, il \u00e9tait en effet important d\u2019\u00e9teindre l\u2019incendie qui menace de se propager \u00e0 l\u2019ensemble de la maison. La mise en \u0153uvre de ces restrictions est beaucoup plus d\u00e9licate. Les \u00abhedge funds\u00bb ne sont jamais \u00e0 court d\u2019id\u00e9es pour sp\u00e9culer Si nos dirigeants financiers cherchent vraiment \u00e0 limiter la sp\u00e9culation, rien de plus simple, il suffit d\u2019appliquer des principes de la Charia arr\u00eat\u00e9s sept cents ans auparavant : interdit de vendre des actifs que vous ne poss\u00e9dez pas de fa\u00e7on effective ou de r\u00e9aliser des op\u00e9rations de pr\u00eats d\u2019argent moyennant r\u00e9mun\u00e9ration. Interdit surtout de sp\u00e9culer sur les d\u00e9boires d\u2019une entreprise. Le seul moyen de s\u2019enrichir c\u2019est de participer au d\u00e9veloppement d\u2019une entreprise et d\u2019en percevoir les fruits en \u00e9tant pr\u00e9sent au capital. Des principes simples et de bon sens que tous les d\u00e9tenteurs d\u2019actions ou de contrats d\u2019assurance-vie index\u00e9s sur la Bourse auraient voulu voir appliqu\u00e9s plus t\u00f4t. Le probl\u00e8me est que ces principes de gestion ne correspondent ni \u00e0 la tradition occidentale, ni \u00e0 nos convictions religieuses. Pour que le syst\u00e8me fonctionne il faut surtout que tout le monde s\u2019y conforme en m\u00eame temps. Car dans un monde o\u00f9 la sp\u00e9culation est reine, aucun titre &#8211; fut-il tri\u00e9 sur le volet &#8211; n\u2019est \u00e0 l\u2019abri d\u2019un mauvais coup. Toute la difficult\u00e9 pour les r\u00e9gulateurs consistera donc trouver des r\u00e8gles communes \u00e0 tous les intervenants et surtout applicables \u00e0 toutes les classes d\u2019actifs. En limitant momentan\u00e9ment des ventes \u00e0 d\u00e9couvert sur les valeurs financi\u00e8res, les autorit\u00e9s de march\u00e9 prennent le risque de faire d\u00e9vier la sp\u00e9culation sur des titres connexes, comme les biens de consommation ou l\u2019automobile dont on peut penser qu\u2019ils seront eux aussi victimes de rar\u00e9faction de l\u2019offre de cr\u00e9dit de la part des banques. L\u2019extr\u00eame volatilit\u00e9 du prix du baril de p\u00e9trole qui a gagn\u00e9 plus de 15% en quelques heures en d\u00e9but de semaine \u00e0 New York montre que les \u00abhedge funds\u00bb ne sont jamais \u00e0 court d\u2019id\u00e9es lorsqu\u2019il s\u2019agit d\u2019alimenter la sp\u00e9culation. Pour retrouver son \u00e9quilibre, le march\u00e9 a besoin de sanctionner tous les exc\u00e8s commis par les banques. Les mesures partielles mises en place \u00e7a et l\u00e0 peuvent retarder la chute des maisons les plus vuln\u00e9rables, mais elles n\u2019ont aucune chance de la stopper. Ce n\u2019est qu\u2019une fois que la bulle immobili\u00e8re et financi\u00e8re aura explos\u00e9, que le r\u00e9gulateur pourra s\u2019atteler \u00e0 la mise en place d\u2019une r\u00e9glementation pus contraignante et applicable \u00e0 tous sans exception. Pour l\u2019heure, m\u00eame si nous avons le sentiment que le d\u00e9nouement de la crise est proche, il faut reconna\u00eetre qu\u2019il est bien difficile de revenir en Bourse en toute confiance.  <font><strong>(Source: &lsquo;Le Journal des Finances&rsquo; le 25 septembre 2008)<\/strong><\/font><\/div>\n<div align=\"justify\"><font><\/p>\n<hr\/>\n<p><\/font><\/div>\n<div align=\"justify\"><font><\/p>\n<div align=\"center\"><font face=\"Arial\" size=\"2\"><strong><\/p>\n<h3 style=\"color: blue;\"><font size=\"3\">Alg\u00e9rie: malgr\u00e9 un attentat, recul de la violence islamiste durant le ramadan<\/font><\/h3>\n<p> \u00a0<\/strong><\/font><\/div>\n<div align=\"justify\"> <font>ALGER, 29 sept 2008 (AFP) &#8211;\u00a0 Le ramadan qui s&rsquo;ach\u00e8ve en Alg\u00e9rie, durant lequel les forces de s\u00e9curit\u00e9 se sont d\u00e9ploy\u00e9es en masse, a \u00e9t\u00e9 le moins meurtrier depuis le d\u00e9but des violences islamistes en 1992, avec un seul attentat ayant fait trois morts contre une soixantaine de victimes en 2007.  Dimanche soir, un attentat suicide a fait trois morts pr\u00e8s de Dellys (60 km \u00e0 l&rsquo;est d&rsquo;Alger), le premier depuis que le ramadan a commenc\u00e9 le 1er septembre. Ce mois de je\u00fbne, consid\u00e9r\u00e9 comme \u00e9tant propice au jihad (guerre sainte), se termine mardi ou mercredi et avait \u00e9t\u00e9 pr\u00e9c\u00e9d\u00e9 par une vague d&rsquo;attentats suicide durant le mois d&rsquo;ao\u00fbt. L&rsquo;Est de l&rsquo;Alg\u00e9rie avait alors v\u00e9cu une s\u00e9rie d&rsquo;attentats kamikaze et d&#8217;embuscades meurtri\u00e8res, dont le plus sanglant a fait 48 morts devant l&rsquo;\u00e9cole de gendarmerie des Issers, \u00e0 60 km \u00e0 l&rsquo;est d&rsquo;Alger, le 19 ao\u00fbt. Ces attaques ont \u00e9t\u00e9 revendiqu\u00e9es par Al-Qa\u00efda au Maghreb islamique (AQMI), et commises selon elle en r\u00e9ponse \u00e0 la mort de douze de ses membres tu\u00e9s durant la nuit du 7 au 8 ao\u00fbt par l&rsquo;arm\u00e9e dans une embuscade \u00e0 Tizi Ouzou en Kabylie (est).  Elles avaient raviv\u00e9 la psychose d&rsquo;une reprise des violences urbaines durant le mois de ramadan.  Les forces de s\u00e9curit\u00e9 ont \u00e9t\u00e9 d\u00e9ploy\u00e9es en nombre durant le ramadan \u00e0 Alger et dans les grandes villes, o\u00f9 caf\u00e9s et magasins sont bond\u00e9s apr\u00e8s la rupture du je\u00fbne, et multipli\u00e9 les barrages fixes et mobiles sur les principaux axes routiers.  Selon la presse, plusieurs r\u00e9seaux de soutien aux groupes islamistes avaient \u00e9t\u00e9 d\u00e9mantel\u00e9s la veille du ramadan et l&rsquo;arm\u00e9e a aussi effectu\u00e9 des ratissages dans les maquis, notamment en Kabylie, dernier bastion des islamistes, et dans l&rsquo;extr\u00eame-est du pays durant tout le mois de septembre.  Le chef d&rsquo;\u00e9tat-major de l&rsquo;arm\u00e9e s&rsquo;est rendu en personne \u00e0 Tizi Ouzou, r\u00e9gion o\u00f9 plusieurs groupes d&rsquo;AQMI sont actifs, puis \u00e0 Batna, \u00e0 435 km au sud-est d&rsquo;Alger, autre r\u00e9gion sensible.  Samedi, trois islamistes arm\u00e9s ont \u00e9t\u00e9 tu\u00e9s au cours d&rsquo;une de ces op\u00e9rations \u00e0 T\u00e9bessa (extr\u00eame-est) par les forces de s\u00e9curit\u00e9. Le 5 septembre, un islamiste identifi\u00e9 sous le nom de Selami Abdelkader et pr\u00e9sent\u00e9 comme un haut responsable d&rsquo;AQMI a \u00e9t\u00e9 tu\u00e9 par l&rsquo;arm\u00e9e \u00e0 Tizi Ouzou. Parall\u00e8lement, les islamistes arm\u00e9s ont commis quelques attaques contre les forces de s\u00e9curit\u00e9. Le 14 septembre, quatre gendarmes ont \u00e9t\u00e9 bless\u00e9s dans l&rsquo;explosion d&rsquo;une bombe artisanale \u00e0 Azazga pr\u00e8s de Tizi Ouzou, et un groupe arm\u00e9 a tu\u00e9 un gendarme et en bless\u00e9 deux autres mercredi \u00e0 A\u00efn Defla (150 km \u00e0 l&rsquo;ouest d&rsquo;Alger), selon la presse. Au moins trois gardes communaux ont aussi \u00e9t\u00e9 tu\u00e9s dans des embuscades.  Au d\u00e9but du mois de ramadan, le chef du gouvernement Ahmed Ouyahia avait d\u00e9clar\u00e9 que &lsquo;les terroristes ont un choix: se rendre et tirer profit de la r\u00e9conciliation nationale ou \u00eatre abattus&rsquo;. &lsquo;Nous les combattrons jusqu&rsquo;au dernier&rsquo;, avait affirm\u00e9 M. Ouyahia. La Charte sur la r\u00e9conciliation nationale, promulgu\u00e9e pour mettre fin aux violences, a permis depuis f\u00e9vrier 2006 la lib\u00e9ration de 2.200 islamistes condamn\u00e9s pour terrorisme et la gr\u00e2ce de 300 \u00e9l\u00e9ments arm\u00e9s qui ont accept\u00e9 de rendre leurs armes.  Des sources non-officielles estiment entre 300 et 400 le nombre d&rsquo;islamistes arm\u00e9s encore diss\u00e9min\u00e9s \u00e0 travers le territoire.  Le chef d&rsquo;AQMI Abdelmalek Droudkel a appel\u00e9 le 22 septembre les musulmans d&rsquo;Afrique du nord \u00e0 rejoindre le jihad en s&rsquo;en prenant vivement aux r\u00e9gimes de la r\u00e9gion.  Le pr\u00e9sident Abdelaziz Bouteflika a soulign\u00e9 mardi le retour de l&rsquo;autorit\u00e9 de l&rsquo;Etat, \u00e0 l&rsquo;issue d&rsquo;une p\u00e9riode douloureuse, faisant allusion \u00e0 la d\u00e9cennie rouge (1990-2000). Les violences ont fait plus de 150.000 morts depuis le d\u00e9but des ann\u00e9es 1990.<\/font><\/div>\n<p><\/font><\/div>\n<div align=\"justify\"><strong><\/p>\n<hr\/>\n<p><\/strong><\/div>\n<div align=\"justify\">\n<div align=\"center\"><font size=\"2\"><font face=\"Arial\"><strong><\/p>\n<h3 style=\"color: blue;\"><font size=\"3\">Afrique: un \u00e9norme gisement solaire, mais peu d&rsquo;\u00e9nergie du m\u00eame nom<\/font><\/h3>\n<p><\/strong> <\/font><\/font><\/div>\n<div>\u00a0<\/div>\n<div> <font face=\"Arial\"><font>PARIS &#8211; Panneaux photovolta\u00efques individuels, gigantesques centrales thermodynamiques: l&rsquo;\u00e9nergie solaire, qui part de tr\u00e8s loin, explose en Europe, aux Etats-Unis, en Asie. Mais pas sur le continent le plus ensoleill\u00e9 de la plan\u00e8te: l&rsquo;Afrique. Avec un ensoleillement quotidien moyen compris 5 et 7 kWh par m2, l&rsquo;Afrique est dans une situation exceptionnelle: seuls le nord de l&rsquo;Australie, le nord du Chili et la p\u00e9ninsule arabique ont un potentiel \u00e9quivalent ou sup\u00e9rieur. Or elle est quasiment invisible dans les statistiques sur la production solaire mondiale. Pourtant, les besoins sont \u00e9normes, et le retard en \u00e9lectrification est criant: en Afrique sub-saharienne, seule une personne sur quatre a acc\u00e8s \u00e0 l&rsquo;\u00e9lectricit\u00e9. En milieu rural, la proportion tombe \u00e0 une sur dix. Pour le continent le plus pauvre de la plan\u00e8te, l&rsquo;obstacle central au d\u00e9veloppement de l&rsquo;\u00e9nergie solaire reste le co\u00fbt d&rsquo;une industrie qui, si elle progresse \u00e0 grands pas, reste puissamment subventionn\u00e9e. &lsquo;Le boom du photovolta\u00efque europ\u00e9en et japonais s&rsquo;appuie sur un tarif d&rsquo;achat extr\u00eamement g\u00e9n\u00e9reux. C&rsquo;est une d\u00e9marche de pays riches&rsquo;, explique Yves Bruno Civel, qui dirige l&rsquo;Observatoire des \u00e9nergies renouvelables. &lsquo;Il faut \u00eatre r\u00e9aliste: l&rsquo;Afrique ne surfera pas sur la vague actuelle (&#8230;) il faudra attendre que les \u00e9conomies d&rsquo;\u00e9chelle fassent baisser les prix&rsquo;, ajoute en \u00e9cho Lawrence Agbemabiese, du service \u00e9nergie du Programme des Nations unies pour l&rsquo;environnement (PNUE). Au-del\u00e0 des obstacles financiers, le solaire, parfois consid\u00e9r\u00e9 comme &lsquo;une \u00e9nergie du pauvre&rsquo; qui n&rsquo;apporte pas tous les b\u00e9n\u00e9fices du raccordement au r\u00e9seau, souffre aussi d&rsquo;un probl\u00e8me d&rsquo;image. Certains programmes en zones rurales se sont ainsi heurt\u00e9s aux r\u00e9ticences des habitants qui craignaient que l&rsquo;installation de panneaux ne retarde leur int\u00e9gration dans le r\u00e9seau. Paradoxalement, la pi\u00e8tre qualit\u00e9 de celui-ci pourrait, \u00e0 terme, \u00eatre un puissant moteur pour le solaire photovolta\u00efque, source d&rsquo;\u00e9nergie d\u00e9centralis\u00e9e qui devient rentable \u00e0 partir d&rsquo;un certain \u00e9loignement. &lsquo;Il existe des niches en termes de distance par rapport au r\u00e9seau mais aussi en termes de co\u00fbts \u00e9vit\u00e9s&rsquo;, explique M. Agbemabiese, qui cite l&rsquo;exemple d&rsquo;h\u00f4pitaux en zone rurale pour lesquels l&rsquo;absence ou l&rsquo;intermittance de l&rsquo;\u00e9lectricit\u00e9 est synonyme de gaspillages de m\u00e9dicaments. De fait, les petits projets foisonnent, des m\u00e9canismes de financement se mettent en place. Au Burkina-Faso, des micro-cr\u00e9dits permettent \u00e0 une famille de rembourser, en 24 ou 36 mois, un kit solaire photovolta\u00efque. Le Ghana \u00e9tudie la cr\u00e9ation d&rsquo;un syst\u00e8me d&rsquo;incitation fiscale. Reste, \u00e0 plus long terme, la question du d\u00e9veloppement de v\u00e9ritables centrales solaires pouvant alimenter un pays voire une sous-r\u00e9gion. Ici encore, l&rsquo;Afrique sub-saharienne risque de devoir patienter, alors que des perspectives de dessinent pour le Maghreb. Le &lsquo;plan solaire&rsquo;, une des six priorit\u00e9s retenues par l&rsquo;Union pour la M\u00e9diterran\u00e9e (UPM), pourrait faire une place au projet &lsquo;Desertec&rsquo; qui propose la cr\u00e9ation de gigantesques centrales solaires thermodynamiques dans le Sahara, qui permettraient d&rsquo;alimenter l&rsquo;Afrique du Nord mais aussi, via des c\u00e2bles sous-marins, l&rsquo;Europe. Le projet, qui table sur une production de 100 GW \u00e0 l&rsquo;horizon 2050, est tr\u00e8s loin d&rsquo;\u00eatre boucl\u00e9. Mais l&rsquo;id\u00e9e, qui fait son chemin, peut \u00eatre s\u00e9duisante pour les Europ\u00e9ens car ces &lsquo;\u00e9nergies vertes&rsquo; import\u00e9es pourraient les aider \u00e0 atteindre leurs objectifs en termes de r\u00e9duction de gaz \u00e0 effet de serre. Pour l&rsquo;Afrique sub-saharienne, l&rsquo;\u00e9loignement constitue un lourd handicap pour b\u00e9n\u00e9ficier, \u00e0 court terme, de l&rsquo;app\u00e9tit &#8211; et donc de la capacit\u00e9 d&rsquo;investissement &#8211; de l&rsquo;Europe pour les \u00e9nergies renouvelables.<\/font> (\u00a9AFP \/ 29 septembre 2008 08h49) <\/font><\/div>\n<div>\u00a0<\/div>\n<\/div>\n<\/div>\n<\/div>\n<p align=\"center\" dir=\"ltr\">\n<h3 style=\"color: blue;\"><font face=\"Arial\" size=\"2\"><strong><b><a href=\"http:\/\/www.tunisnews.net\/\"><font face=\"Arial\"><span><font size=\"2\">Home<\/font><\/span><font size=\"2\"><span lang=\"FR-CH\"> &#8211; Accueil <\/span><span>&#8211; <\/span><\/font><\/font><span dir=\"rtl\" lang=\"AR-SA\"><font size=\"2\">\u0627\u0644\u0631\u0626\u064a\u0633\u064a\u0629<\/font><\/span><\/a><\/b><\/strong><\/font><\/h3>\n<\/p>\n<p><\/body><\/body><\/html><\/p>\n","protected":false},"excerpt":{"rendered":"<p>Home &#8211; Accueil TUNISNEWS 8\u00a0\u00e8me ann\u00e9e, N\u00b0\u00a03051 du 29.09.2008 \u00a0archives : www.tunisnews.net\u00a0\u00a0 ATFD: Communiqu\u00e9 de soutien \u00e0 Mouhieddine Cherbib Pr\u00e9sident de la F\u00e9d\u00e9ration des Tunisiens Citoyens des deux Rives &#8211; FTCR FTCR: Disparition de Georges Adda Tunisia Watch: Tunisie : D\u00e9c\u00e8s de Georges Adda Habib Kazdaghli: Georges Adda (22 sept. 1916-28 sept. 2008) AFP: Tunisie: [&hellip;]<\/p>\n","protected":false},"author":1,"featured_media":22040,"comment_status":"open","ping_status":"open","sticky":false,"template":"","format":"standard","meta":{"inline_featured_image":false,"site-sidebar-layout":"default","site-content-layout":"","ast-site-content-layout":"default","site-content-style":"default","site-sidebar-style":"default","ast-global-header-display":"","ast-banner-title-visibility":"","ast-main-header-display":"","ast-hfb-above-header-display":"","ast-hfb-below-header-display":"","ast-hfb-mobile-header-display":"","site-post-title":"","ast-breadcrumbs-content":"","ast-featured-img":"","footer-sml-layout":"","ast-disable-related-posts":"","theme-transparent-header-meta":"","adv-header-id-meta":"","stick-header-meta":"","header-above-stick-meta":"","header-main-stick-meta":"","header-below-stick-meta":"","astra-migrate-meta-layouts":"default","ast-page-background-enabled":"default","ast-page-background-meta":{"desktop":{"background-color":"","background-image":"","background-repeat":"repeat","background-position":"center center","background-size":"auto","background-attachment":"scroll","background-type":"","background-media":"","overlay-type":"","overlay-color":"","overlay-opacity":"","overlay-gradient":""},"tablet":{"background-color":"","background-image":"","background-repeat":"repeat","background-position":"center center","background-size":"auto","background-attachment":"scroll","background-type":"","background-media":"","overlay-type":"","overlay-color":"","overlay-opacity":"","overlay-gradient":""},"mobile":{"background-color":"","background-image":"","background-repeat":"repeat","background-position":"center center","background-size":"auto","background-attachment":"scroll","background-type":"","background-media":"","overlay-type":"","overlay-color":"","overlay-opacity":"","overlay-gradient":""}},"ast-content-background-meta":{"desktop":{"background-color":"var(--ast-global-color-5)","background-image":"","background-repeat":"repeat","background-position":"center center","background-size":"auto","background-attachment":"scroll","background-type":"","background-media":"","overlay-type":"","overlay-color":"","overlay-opacity":"","overlay-gradient":""},"tablet":{"background-color":"var(--ast-global-color-5)","background-image":"","background-repeat":"repeat","background-position":"center center","background-size":"auto","background-attachment":"scroll","background-type":"","background-media":"","overlay-type":"","overlay-color":"","overlay-opacity":"","overlay-gradient":""},"mobile":{"background-color":"var(--ast-global-color-5)","background-image":"","background-repeat":"repeat","background-position":"center center","background-size":"auto","background-attachment":"scroll","background-type":"","background-media":"","overlay-type":"","overlay-color":"","overlay-opacity":"","overlay-gradient":""}},"footnotes":""},"categories":[],"tags":[61,39,29],"class_list":["post-16367","post","type-post","status-publish","format-standard","has-post-thumbnail","hentry","tag-61","tag-39","tag-fr"],"_links":{"self":[{"href":"https:\/\/tunisnews.net\/ar\/wp-json\/wp\/v2\/posts\/16367","targetHints":{"allow":["GET"]}}],"collection":[{"href":"https:\/\/tunisnews.net\/ar\/wp-json\/wp\/v2\/posts"}],"about":[{"href":"https:\/\/tunisnews.net\/ar\/wp-json\/wp\/v2\/types\/post"}],"author":[{"embeddable":true,"href":"https:\/\/tunisnews.net\/ar\/wp-json\/wp\/v2\/users\/1"}],"replies":[{"embeddable":true,"href":"https:\/\/tunisnews.net\/ar\/wp-json\/wp\/v2\/comments?post=16367"}],"version-history":[{"count":0,"href":"https:\/\/tunisnews.net\/ar\/wp-json\/wp\/v2\/posts\/16367\/revisions"}],"wp:featuredmedia":[{"embeddable":true,"href":"https:\/\/tunisnews.net\/ar\/wp-json\/wp\/v2\/media\/22040"}],"wp:attachment":[{"href":"https:\/\/tunisnews.net\/ar\/wp-json\/wp\/v2\/media?parent=16367"}],"wp:term":[{"taxonomy":"category","embeddable":true,"href":"https:\/\/tunisnews.net\/ar\/wp-json\/wp\/v2\/categories?post=16367"},{"taxonomy":"post_tag","embeddable":true,"href":"https:\/\/tunisnews.net\/ar\/wp-json\/wp\/v2\/tags?post=16367"}],"curies":[{"name":"wp","href":"https:\/\/api.w.org\/{rel}","templated":true}]}}