{"id":16308,"date":"2009-12-17T00:00:00","date_gmt":"2009-12-17T00:00:00","guid":{"rendered":"https:\/\/tunisnews.net\/17-decembre-2009\/"},"modified":"2009-12-17T00:00:00","modified_gmt":"2009-12-17T00:00:00","slug":"17-decembre-2009","status":"publish","type":"post","link":"https:\/\/tunisnews.net\/ar\/17-decembre-2009\/","title":{"rendered":"17 d\u00e9cembre 2009"},"content":{"rendered":"<p><html><head><meta content=\"text\/html\" description=\"Monsieur le Pr\u00e9sident, voici un extrait de la lettre \n\t\t\t\t\t\t\u00e9crite par William Bourdon, avocat de Taoufik Ben Brik, \n\t\t\t\t\t\t\u00e0 M. Sarkozy, pr\u00e9sident de la R\u00e9publique fran\u00e7aise: &quot;j'ai \n\t\t\t\t\t\teu l'occasion de d\u00e9noncer, comme tous ses avocats \n\t\t\t\t\t\ttunisiens, la mascarade judiciaire \u00e0 l'issue de laquelle \n\t\t\t\t\t\tTaoufik Ben Brik a \u00e9t\u00e9 condamn\u00e9, sans examen au fond, \u00e0 \n\t\t\t\t\t\tune peine ahurissante de six mois de prison ferme. Je \n\t\t\t\t\t\tpuis attester de fa\u00e7on absolument formelle du fait que \n\t\t\t\t\t\tle dossier de proc\u00e9dure qui a fond\u00e9 cette accusation a \n\t\t\t\t\t\t\u00e9t\u00e9 totalement fabriqu\u00e9 et s'inscrit dans une logique de \n\t\t\t\t\t\tvengeance personnelle du pr\u00e9sident Ben Ali. Toute cette \n\t\t\t\t\t\tann\u00e9e 2009, il n'a pas pu voyager car sa fragilit\u00e9 \n\t\t\t\t\t\timmunitaire est telle qu'il est toujours en risque \n\t\t\t\t\t\td'\u00eatre expos\u00e9 \u00e0 de graves pathologies. Je crois \n\t\t\t\t\t\tcomprendre que sa famille arriverait \u00e0 lui acheminer les \n\t\t\t\t\t\tm\u00e9dicaments qui lui sont indispensables mais sans en \n\t\t\t\t\t\t\u00eatre certain. Ses avocats tunisiens n'ont acc\u00e8s \u00e0 leur \n\t\t\t\t\t\tclient que de fa\u00e7on intermittente et certains d'entre \n\t\t\t\t\t\teux sont syst\u00e9matiquement \u00e9cart\u00e9s de toute possibilit\u00e9 \n\t\t\t\t\t\tde lui rendre visite. Son \u00e9pouse n'a pu le rencontrer \n\t\t\t\t\t\tque quelques minutes il y a quelques jours, sans avoir \n\t\t\t\t\t\tpu le revoir \u00e0 nouveau&quot;. Monsieur le Pr\u00e9sident, s'il \n\t\t\t\t\t\tvous pla\u00eet, \u00e9crivez aux autorit\u00e9s tunisiennes pour \n\t\t\t\t\t\tlib\u00e9rer Taoufik Ben Brik.\" http-equiv=\"Content-Type\"\/><\/head><body><body><\/p>\n<p align=\"center\" dir=\"ltr\"><font face=\"Arial\" size=\"2\"><b><a href=\"http:\/\/www.tunisnews.net\/\"><span>Home<\/span><span lang=\"FR-CH\"> &#8211; Accuei<\/span><\/a><span lang=\"FR-CH\">l<\/span><\/b><\/font><\/p>\n<div>\n<div><font face=\"Arial\" size=\"2\"><\/p>\n<div align=\"justify\">\n<div align=\"justify\">\n<div>\u00a0<meta content=\"Microsoft SafeHTML\"\/><\/p>\n<style>.ExternalClass .ecxhmmessage P{padding:0px;}.ExternalClass body.ecxhmmessage{font-size:10pt;font-family:Verdana;}<\/style>\n<div>\n<div>\n<div>\n<div align=\"center\"><font face=\"Arial\" size=\"7\"><strong>TUNISNEWS<\/strong> <\/font><\/div>\n<div align=\"center\" dir=\"ltr\"><font><\/p>\n<div><strong><font face=\"Arial\">9\u00a0\u00e8me ann\u00e9e,<span lang=\"FR\">N\u00b0\u00a03495 du 17.12.2009<\/span><\/font><\/strong><\/div>\n<p><\/font><\/div>\n<div align=\"center\"><span><font><strong><font face=\"Arial\"><font>\u00a0archives<\/font> : <\/font><\/strong><\/font><a target=\"_blank\" rel=\"noopener\"><font face=\"Arial\"><strong>www.tunisnews.net<\/strong><\/font><\/a><\/span><font face=\"Arial\"><font>\u00a0<\/font>\u00a0<\/font><\/div>\n<\/div>\n<p><font face=\"Arial\" size=\"3\"><span lang=\"FR\"><\/p>\n<div><strong><\/p>\n<hr\/>\n<p><\/strong><\/div>\n<div><font size=\"3\"><span lang=\"FR\"><strong>C.R.L.D.H.Tunisie:\u00a0 ALERTE : il faut lib\u00e9rer Tawfik Ben Brik <font>AISPP: Report du prononc\u00e9 du jugement dans l\u2019affaire d\u2019Amir Mrabet et de ses co accus\u00e9s<\/font> LTDH: D\u00e9tention au secret de mr Miraoui <font>Comit\u00e9 National de Soutien aux Populations du Bassin Minier:\u00a0 Report de l\u2018examen de l\u2018affaire de Fahem Boukaddous<\/font> Abdallah Zouari: Arrestation de monsieur Maatoug El Ir et bouclage du domicile de Lassaad Jouhri<\/strong><\/span><\/font><\/div>\n<div><font size=\"3\"><span lang=\"FR\"><strong><font>Xinhua: Tunisie : saisie de 91 pi\u00e8ces arch\u00e9ologiques  <\/font>Bassam bounenni: Leur presse et la n\u00f4tre <font>Carpe Diem: Identit\u00e9 Patriote<\/font> AFP: Droits de l&rsquo;homme: l&rsquo;UE va suspendre un accord commercial avec le Sri Lanka <font>AFP: Proc\u00e8s Astiz: les fant\u00f4mes de la dictature argentine de retour<\/font><\/strong><\/span><\/font><\/div>\n<p><\/span><\/font><\/p>\n<\/div>\n<div>\n<div>\n<hr\/>\n<\/div>\n<\/div>\n<\/div>\n<div>\u00a0<\/div>\n<div>\n<p align=\"center\"><a target=\"_blank\" rel=\"noopener\"><b><span lang=\"DE\">C.R.L.D.H.<\/span><\/b><\/a><b><span lang=\"DE\">Tunisie<\/span><\/b><\/p>\n<p align=\"center\"><span>Comit\u00e9 pour le Respect des Libert\u00e9s et des Droits de l\u2019Homme en Tunisie<\/span><\/p>\n<p align=\"center\"><b><span>Membre du R\u00e9seau Euro-m\u00e9diterran\u00e9en des Droits de l\u2019Homme<\/span><\/b><\/p>\n<p align=\"center\"><span>21ter rue Voltaire \u2013 FR-75011 PARIS\u00a0 &#8211; Tel\/Fax : 00.33.(0)1.43.72.97.34 \/\u00a0 Presse : 00 33 6 83 44 77 71\u00a0<\/span><span><a href=\"mailto:contact@crldht.org\"><span>contact@crldht.org<\/span><\/a>\u00a0\/\u00a0<a href=\"http:\/\/www.crldht.org\/\" target=\"_blank\" rel=\"noopener\"><span>www.crldht.org<\/span><\/a><\/span><\/p>\n<p align=\"center\">\u00a0<\/p>\n<p align=\"center\"><font size=\"3\"><b><span><u>ALERTE\u00a0: il faut lib\u00e9rer Tawfik Ben Brik.<\/u><\/span><\/b><\/font><\/p>\n<p>\u00a0<\/p>\n<p><span>\u00b7<\/span><span><font face=\"Times New Roman\">\u00a0\u00a0\u00a0\u00a0\u00a0\u00a0\u00a0\u00a0<\/font><\/span><span>Intervention de Mme H\u00e9l\u00e8ne Flautre (Verts\/ALE) lors de la s\u00e9ance pl\u00e9ni\u00e8re du Parlement europ\u00e9en, le lundi 14 d\u00e9cembre 2009.<\/span><\/p>\n<p><span>\u00b7<\/span><span><font face=\"Times New Roman\">\u00a0\u00a0\u00a0\u00a0\u00a0\u00a0\u00a0\u00a0<\/font><\/span><span>Lettre de William Bourdon au Pr\u00e9sident de la R\u00e9publique Fran\u00e7aise.<\/span><\/p>\n<p><span>\u00b7<\/span><span><font face=\"Times New Roman\">\u00a0\u00a0\u00a0\u00a0\u00a0\u00a0\u00a0\u00a0<\/font><\/span><span>REPORTERS SANS FRONTIERES\u00a0: cri d\u2019alarme de l\u2019\u00e9pouse de Taoufik Ben Brik, gravement malade en prison<\/span><\/p>\n<p><b><span>Intervention de Mme H\u00e9l\u00e8ne Flautre (Verts\/ALE) lors de la s\u00e9ance pl\u00e9ni\u00e8re du Parlement europ\u00e9en, le lundi 14 d\u00e9cembre 2009.<\/span><\/b><\/p>\n<p><span>Monsieur le Pr\u00e9sident, voici un extrait de la lettre \u00e9crite par William Bourdon, avocat de Taoufik Ben Brik, \u00e0 M. Sarkozy, pr\u00e9sident de la R\u00e9publique fran\u00e7aise: \u00ab\u00a0j&rsquo;ai eu l&rsquo;occasion de d\u00e9noncer, comme tous ses avocats tunisiens, la mascarade judiciaire \u00e0 l&rsquo;issue de laquelle Taoufik Ben Brik a \u00e9t\u00e9 condamn\u00e9, sans examen au fond, \u00e0 une peine ahurissante de six mois de prison ferme. Je puis attester de fa\u00e7on absolument formelle du fait que le dossier de proc\u00e9dure qui a fond\u00e9 cette accusation a \u00e9t\u00e9 totalement fabriqu\u00e9 et s&rsquo;inscrit dans une logique de vengeance personnelle du pr\u00e9sident Ben Ali. Toute cette ann\u00e9e 2009, il n&rsquo;a pas pu voyager car sa fragilit\u00e9 immunitaire est telle qu&rsquo;il est toujours en risque d&rsquo;\u00eatre expos\u00e9 \u00e0 de graves pathologies. Je crois comprendre que sa famille arriverait \u00e0 lui acheminer les m\u00e9dicaments qui lui sont indispensables mais sans en \u00eatre certain. Ses avocats tunisiens n&rsquo;ont acc\u00e8s \u00e0 leur client que de fa\u00e7on intermittente et certains d&rsquo;entre eux sont syst\u00e9matiquement \u00e9cart\u00e9s de toute possibilit\u00e9 de lui rendre visite. Son \u00e9pouse n&rsquo;a pu le rencontrer que quelques minutes il y a quelques jours, sans avoir pu le revoir \u00e0 nouveau\u00a0\u00bb. Monsieur le Pr\u00e9sident, s&rsquo;il vous pla\u00eet, \u00e9crivez aux autorit\u00e9s tunisiennes pour lib\u00e9rer Taoufik Ben Brik.<\/span><\/p>\n<p><span>La vid\u00e9o :\u00a0<a href=\"http:\/\/www.europarl.europa.eu\/sides\/getVod.do?mode=unit&amp;language=FR&amp;vodDateId=20091214-17:43:16-075\" target=\"_blank\" title=\"blocked::http:\/\/www.europarl.europa.eu\/sides\/getVod.do?mode=unit&amp;language=FR&amp;vodDateId=20091214-17:43:16-075\" rel=\"noopener\"><span>http:\/\/www.europarl.europa.eu\/sides\/getVod.do?mode=unit&amp;language=FR&amp;vodDateId=20091214-17:43:16-075<\/span><\/a><\/span><\/p>\n<p><b><span>Lettre de William Bourdon au Pr\u00e9sident de la R\u00e9publique Fran\u00e7aise.<\/span><\/b><\/p>\n<p><span>Monsieur Nicolas SARKOZY<\/span><\/p>\n<p><span>Pr\u00e9sident de la R\u00e9publique Fran\u00e7aise<\/span><\/p>\n<p><span>PALAIS DE L&rsquo;ELYSEE<\/span><\/p>\n<p><span>Rue du Faubourg Saint Honor\u00e9<\/span><\/p>\n<p><span>75008 PARIS<\/span><\/p>\n<p><b><i><u><span>PAR PORTEUR<\/span><\/u><\/i><\/b><\/p>\n<p><span>PARIS, le 15 d\u00e9cembre 2009<\/span><\/p>\n<p><b><i><span>AFFAIRE TAOUFIK BEN BRIK<\/span><\/i><\/b><\/p>\n<p><span>Monsieur le Pr\u00e9sident de la R\u00e9publique,<\/span><\/p>\n<p><span>J&rsquo;ai l&rsquo;honneur de vous \u00e9crire en qualit\u00e9 de Conseil de Monsieur Taoufik Ben Brik dont la situation est suffisamment connue pour qu&rsquo;elle ne m\u00e9rite pas d&rsquo;\u00eatre rappel\u00e9e.<\/span><\/p>\n<p><span>Po\u00e8te, opposant notoire au r\u00e9gime de Monsieur Ben Ali, il est actuellement incarc\u00e9r\u00e9 \u00e0 quelques centaines de kilom\u00e8tres de Tunis.<\/span><\/p>\n<p><span>J&rsquo;ai eu l&rsquo;occasion de d\u00e9noncer, comme tous ses avocats tunisiens, la mascarade judiciaire \u00e0 l&rsquo;issue de laquelle il a \u00e9t\u00e9 condamn\u00e9 \u2013 sans examen au fond &#8211; \u00e0 une peine ahurissante de six mois de prison ferme.<\/span><\/p>\n<p><span>Je puis attester, Monsieur le Pr\u00e9sident, de fa\u00e7on absolument formelle, du fait que le dossier de proc\u00e9dure qui a fond\u00e9 cette accusation a \u00e9t\u00e9 totalement fabriqu\u00e9 et s&rsquo;inscrit dans une logique de vengeance personnelle du Pr\u00e9sident Ben Ali \u00e0 l&rsquo;\u00e9gard d&rsquo;un homme, dont le seul tort est celui d\u2019avoir voulu user de sa libert\u00e9 d\u2019expression.<\/span><\/p>\n<p><span>Les logiques de vengeance sont toujours meurtri\u00e8res. En l&rsquo;esp\u00e8ce, elles risquent fort de l&rsquo;\u00eatre dans la mesure o\u00f9 l&rsquo;\u00e9tat de sant\u00e9 de Monsieur Taoufik Ben Brik ne cesse de se d\u00e9grader jour apr\u00e8s jour.<\/span><\/p>\n<p><span>Toute cette ann\u00e9e 2009, il n&rsquo;a pas pu voyager car sa fragilit\u00e9 immunitaire est telle qu&rsquo;il est toujours en risque d&rsquo;\u00eatre expos\u00e9 \u00e0 de graves pathologies.<\/span><\/p>\n<p><span>Je crois comprendre que sa famille arriverait \u00e0 lui acheminer les m\u00e9dicaments qui lui sont indispensables mais sans en \u00eatre certain.<\/span><\/p>\n<p><span>Ses avocats tunisiens n&rsquo;ont acc\u00e8s \u00e0 leur client que de fa\u00e7on intermittente et certains d&rsquo;entre eux sont syst\u00e9matiquement \u00e9cart\u00e9s de toute possibilit\u00e9 de lui rendre visite.<\/span><\/p>\n<p>\u00a0<\/p>\n<p><span>Son \u00e9pouse n&rsquo;a pu le rencontrer que quelques minutes, il y a quelques jours, sans avoir pu le revoir \u00e0 nouveau.<\/span><\/p>\n<p>\u00a0<\/p>\n<p><span>Je me permets solennellement d&rsquo;attirer votre attention sur les tr\u00e8s grandes menaces qui existent aujourd&rsquo;hui sur la personne de Monsieur Taoufik Ben Brik compte tenu de la d\u00e9gradation de son \u00e9tat de sant\u00e9.<\/span><\/p>\n<p>\u00a0<\/p>\n<p><span>Sa famille m&rsquo;a demand\u00e9 par la pr\u00e9sente de vous alerter face \u00e0 la menace de l&rsquo;irr\u00e9parable. La famille pense comme moi d&rsquo;ailleurs que le Pr\u00e9sident de la R\u00e9publique tunisienne n\u2019est susceptible de mettre un terme \u00e0 cette vie de vengeance que si la France lui adresse un message fort.<\/span><\/p>\n<p>\u00a0<\/p>\n<p><span>Nous comptons sur vous.<\/span><\/p>\n<p>\u00a0<\/p>\n<p><span>Vous remerciant de l&rsquo;attention que vous voudrez bien accorder \u00e0 la pr\u00e9sente,<\/span><\/p>\n<p>\u00a0<\/p>\n<p><span>Je vous prie de croire, Monsieur le Pr\u00e9sident de la R\u00e9publique, \u00e0 l&rsquo;assurance de ma tr\u00e8s haute consid\u00e9ration.<\/span><\/p>\n<p>\u00a0<\/p>\n<p><span>William BOURDON<\/span><\/p>\n<p>\u00a0<\/p>\n<p><b><span>REPORTERS SANS FRONTIERES  17.12.2009  Fran\u00e7ais:\u00a0<a href=\"http:\/\/www.rsf.org\/spip.php?page=article&amp;id_article=35362\" target=\"_blank\" title=\"http:\/\/www.rsf.org\/spip.php?page=article&amp;id_article=35362\" rel=\"noopener\"><span>http:\/\/www.rsf.org\/spip.php?page=article&amp;id_article=35362<\/span><\/a> Arabe:\u00a0<a href=\"http:\/\/arabia.reporters-sans-frontieres.org\/article.php3?id_article=31613\" target=\"_blank\" title=\"http:\/\/arabia.reporters-sans-frontieres.org\/article.php3?id_article=31613\" rel=\"noopener\"><span>http:\/\/arabia.reporters-sans-frontieres.org\/article.php3?id_article=31613<\/span><\/a>   TUNISIE\u00a0:\u00a0Cri d\u2019alarme de l\u2019\u00e9pouse de Taoufik Ben Brik, gravement malade en prison<\/span><\/b>  \u00ab Sa lib\u00e9ration est une question de vie ou de mort aujourd\u2019hui \u00bb, a d\u00e9clar\u00e9 Azza Zarrad, l\u2019\u00e9pouse du journaliste\u00a0<b>Taoufik Ben Brik<\/b>, \u00e0 Reporters sans fronti\u00e8res, apr\u00e8s avoir pu rendre visite \u00e0 son mari incarc\u00e9r\u00e9 \u00e0 la prison de Siliana. \u00ab Il est malade, souffrant toujours de diarrh\u00e9e. Je l\u2019ai trouv\u00e9 beaucoup amaigri et affaibli. Sa vie est en danger \u00bb, a-t-elle ajout\u00e9, tr\u00e8s inqui\u00e8te. \u00a0 Son \u00e9pouse, son fr\u00e8re Jalel Zoghlami, ainsi que sa s\u0153ur Saida ont pu rendre visite \u00e0 Taoufik Ben Brik, le 16 d\u00e9cembre 2009. Toutefois, les autorit\u00e9s en charge de la prison ont refus\u00e9 \u00e0 sa tante, Khalouia, \u00e2g\u00e9e de 80 ans, qui avait fait le voyage depuis Le Kef (170 km au sud-ouest de Tunis), de le voir. \u00a0 La veille, le 15 d\u00e9cembre, deux des avocats du journaliste, Ma\u00eetres Mohammed Abou et Ayashi, se sont \u00e9galement vu refuser une visite \u00e0 leur client. \u00a0 Arr\u00eat\u00e9 le 29 octobre 2009, Taoufik Ben Brik a \u00e9t\u00e9 plac\u00e9 sous mandat de d\u00e9p\u00f4t pour \u201catteinte aux bonnes m\u0153urs\u201d, \u201cdiffamation\u201d, \u201cagression\u201d et \u201cd\u00e9t\u00e9rioration des biens d\u2019autrui\u201d. Par cette affaire mont\u00e9e de toutes pi\u00e8ces, les autorit\u00e9s lui font ainsi payer ses articles pour le\u00a0<i>Nouvel Observateur<\/i>\u00a0et le site\u00a0<i>Mediapart<\/i>. Incarc\u00e9r\u00e9 \u00e0 la prison de Mornaguia dans la banlieue de Tunis, son proc\u00e8s s&rsquo;est ouvert le 19 novembre, au palais de justice de Tunis (<a href=\"http:\/\/www.rsf.org\/Proces-de-Taoufik-Ben-Brik-Verdict.html\" target=\"_blank\" title=\"http:\/\/www.rsf.org\/Proces-de-Taoufik-Ben-Brik-Verdict.html\" rel=\"noopener\"><span>http:\/\/www.rsf.org\/Proces-de-Taoufik-Ben-Brik-Verdict.html<\/span><\/a><u>)<\/u><span>. Condamn\u00e9 le 26 novembre \u00e0 6 mois de prison, il a \u00e9t\u00e9 transf\u00e9r\u00e9 depuis \u00e0 la prison de Siliana, \u00e0 130 km de Tunis (<a href=\"http:\/\/www.rsf.org\/Taoufik-Ben-Brik-transfere-a-200.html\" target=\"_blank\" title=\"http:\/\/www.rsf.org\/Taoufik-Ben-Brik-transfere-a-200.html\" rel=\"noopener\"><span>http:\/\/www.rsf.org\/Taoufik-Ben-Brik-transfere-a-200.html<\/span><\/a>)  Taoufik Ben Brik est atteint du syndrome de Cushing, maladie d\u00e9g\u00e9n\u00e9rative des d\u00e9fenses immunitaires. Son \u00e9tat de sant\u00e9 n\u00e9cessite un suivi m\u00e9dical r\u00e9gulier. Il est indispensable qu\u2019il soit plac\u00e9 dans un endroit propre et chauff\u00e9. Il a collabor\u00e9 \u00e0 de nombreux journaux francophones et \u00e0 des agences de presse ind\u00e9pendantes en France, en Suisse et en Belgique. Ecrivain, il est l\u2019auteur de \u201cUne si douce dictature. Chroniques tunisiennes 1991-2000\u201c paru aux \u00e9ditions La D\u00e9couverte en 2000, et de \u201cLe Rire de la baleine\u201c paru au Seuil en 2000.  &#8212;&#8211; Soazig Dollet (\u00a0<span dir=\"rtl\" lang=\"AR-SA\">\u0633\u0648\u0627\u0632\u064a\u0643<\/span>\u00a0) Bureau Afrique du Nord &amp; Moyen-Orient \/ North Africa &amp; Middle-East Desk\u00a0 Reporters sans fronti\u00e8res \/ Reporters Without Borders 47 rue Vivienne \u00a0 F &#8211; 75002 Paris T\u00e9l : + 33 1 44 83 84 78 Fax : +33 1 45 23 11 51\u00a0 E-mail :\u00a0<a href=\"http:\/\/rsf.org\/\" target=\"_blank\" title=\"blocked::moyen-orient@rsf.org\" rel=\"noopener\"><span>moyen-orient@rsf.org<\/span><\/a>\u00a0\/\u00a0<a href=\"http:\/\/rsf.org\/\" target=\"_blank\" title=\"blocked::middle-east@rsf.org\" rel=\"noopener\"><span>middle-east@rsf.org<\/span><\/a> <a href=\"http:\/\/www.rsf.org\/\" target=\"_blank\" title=\"http:\/\/www.rsf.org\/\" rel=\"noopener\"><span>http:\/\/www.rsf.org<\/span><\/a><\/span><\/p>\n<p><span><font face=\"Times New Roman\"><\/p>\n<p>\u00a0<\/p>\n<hr\/>\n<p align=\"center\"><font face=\"Arial\">\u00a0\u00a0\u00a0\u00a0\u00a0\u00a0\u00a0\u00a0\u00a0\u00a0\u00a0\u00a0\u00a0\u00a0\u00a0\u00a0\u00a0\u00a0\u00a0\u00a0\u00a0 Libert\u00e9 pour le Docteur Sadok Chourou, le prisonnier des deux d\u00e9cennies \u00a0\u00a0\u00a0\u00a0\u00a0\u00a0\u00a0\u00a0\u00a0\u00a0\u00a0\u00a0\u00a0\u00a0\u00a0\u00a0\u00a0\u00a0\u00a0\u00a0\u00a0\u00a0\u00a0\u00a0\u00a0\u00a0\u00a0\u00a0\u00a0\u00a0\u00a0\u00a0\u00a0\u00a0\u00a0\u00a0\u00a0 Libert\u00e9 pour tous les prisonniers politiques <strong><font>\u00a0\u00a0\u00a0\u00a0\u00a0\u00a0\u00a0\u00a0\u00a0\u00a0\u00a0\u00a0\u00a0\u00a0\u00a0\u00a0\u00a0\u00a0\u00a0\u00a0\u00a0\u00a0 Association Internationale de Soutien aux Prisonniers Politiques<\/font><\/strong> \u00a0\u00a0\u00a0\u00a0\u00a0\u00a0\u00a0\u00a0\u00a0\u00a0\u00a0\u00a0\u00a0\u00a0\u00a0\u00a0\u00a0\u00a0\u00a0\u00a0\u00a0\u00a0\u00a0\u00a0\u00a0\u00a0\u00a0\u00a0\u00a0\u00a0\u00a0\u00a0\u00a0\u00a0\u00a0\u00a0\u00a0\u00a0\u00a0\u00a0\u00a0\u00a0\u00a0\u00a0\u00a0\u00a0\u00a0\u00a0\u00a0\u00a0\u00a0\u00a0\u00a0\u00a0\u00a0\u00a0\u00a0\u00a0 43 rue Eldjazira, Tunis \u00a0\u00a0\u00a0\u00a0\u00a0\u00a0\u00a0\u00a0\u00a0\u00a0\u00a0\u00a0\u00a0\u00a0\u00a0\u00a0\u00a0\u00a0\u00a0\u00a0\u00a0\u00a0\u00a0\u00a0\u00a0\u00a0\u00a0\u00a0\u00a0\u00a0\u00a0\u00a0\u00a0\u00a0\u00a0\u00a0\u00a0\u00a0\u00a0\u00a0\u00a0\u00a0\u00a0\u00a0\u00a0\u00a0\u00a0 E-mail : liberte.equite@gmail.com \u00a0 \u00a0\u00a0\u00a0\u00a0\u00a0\u00a0\u00a0\u00a0\u00a0\u00a0\u00a0\u00a0\u00a0\u00a0\u00a0\u00a0\u00a0\u00a0\u00a0\u00a0\u00a0\u00a0\u00a0\u00a0\u00a0\u00a0\u00a0\u00a0\u00a0\u00a0\u00a0\u00a0\u00a0\u00a0\u00a0\u00a0\u00a0\u00a0\u00a0\u00a0\u00a0\u00a0\u00a0\u00a0\u00a0\u00a0\u00a0\u00a0 Tunis, le 15 d\u00e9cembre 2009 <strong><\/p>\n<h2 style=\"color: red;\"><font size=\"3\">Nouvelles des libert\u00e9s en Tunisie<\/font><\/h2>\n<p><\/strong><\/font><\/p>\n<div>[\u2026] 2<strong>) Report du prononc\u00e9 du jugement dans l\u2019affaire d\u2019Amir Mrabet et de ses co accus\u00e9s.<\/strong> Le juge Faouzi Jebali, pr\u00e9sident de la sixi\u00e8me chambre correctionnelle du Tribunal de Premi\u00e8re Instance de Tunis a d\u00e9cid\u00e9 de reporter au 21 d\u00e9cembre 2009 le prononc\u00e9 du jugement dans l\u2019affaire n\u00b030355, dans laquelle sont d\u00e9f\u00e9r\u00e9s Salem Zid, Ta\u00efssir Frouja, Marouane Nassef et Amir Mrabet, pour tenue de r\u00e9union sans autorisation. \u00a0 [\u2026] Pour le bureau ex\u00e9cutif de l\u2019Organisation Le Pr\u00e9sident <strong><font>Ma\u00eetre Mohammed Nouri<\/font><\/strong> <font>(traduction d\u2019extraits ni revue ni corrig\u00e9e par les auteurs de la version en arabe, LT)<\/font> \u00a0<\/div>\n<p><\/font><\/span><\/p>\n<p>\u00a0<\/p>\n<hr\/>\n<h2 style=\"color: red;\"><font size=\"3\"><\/p>\n<p align=\"center\"><strong><font size=\"2\">Ligue Tunisienne pour la D\u00e9fense des Droits de l\u2019Homme<\/font> <\/strong><span><font>Section de Kairouan, 15 d\u00e9cembre 2009<\/font><\/span> <strong>Info<\/strong><\/p>\n<p><\/font><\/h2>\n<div> \u00a0 Nous avons appris que le jeune N\u00e9jib Ben Mohammed Miraoui, \u00e2g\u00e9 de 20 ans, vendeur de tissus \u00e0 Kairouan, avait \u00e9t\u00e9 arr\u00eat\u00e9 le vendredi 4 d\u00e9cembre 2009, et que sa famille ignorait les causes et le lieu de sa d\u00e9tention.  Notre section craint que son arrestation ne soit li\u00e9e \u00e0 la campagne des autorit\u00e9s s\u00e9curitaires contre les personnes soup\u00e7onn\u00e9es d\u2019appartenance \u00e0 la mouvance salafiste dans la r\u00e9gion et que monsieur N\u00e9jib Miraoui ne soit encore d\u00e9tenu dans les services du minist\u00e8re de l\u2019Int\u00e9rieur. Notre section affirme qu\u2019il y a devoir d\u2019informer les familles du lieu de d\u00e9tention des leurs et renouvelle son appel aux autorit\u00e9s \u00e0 respecter la loi en mati\u00e8re de d\u00e9lai de garde \u00e0 vue, limit\u00e9e \u00e0 trois jours renouvelables une fois par le procureur de la R\u00e9publique. Pour le Comit\u00e9 de Section Messaoud Romdhani <font>(traduction ni revue ni corrig\u00e9e par l\u2019auteur de la version en arabe, LT)<\/font> <strong><font>(Source : Tunisnews du 15 d\u00e9cembre 2009) \u00a0<\/font><\/strong><\/div>\n<p>\u00a0<\/p>\n<p>\u00a0<\/p>\n<hr\/>\n<p> \u00a0<\/p>\n<div align=\"center\"><font face=\"Arial\" size=\"2\"><strong>Comit\u00e9 National de Soutien aux Populations du Bassin Minier<\/strong><\/font><\/div>\n<div align=\"center\"> 16 d\u00e9cembre 2009 <strong><font size=\"3\">Info<\/font><\/strong><\/div>\n<div> Aujourd\u2018hui, monsieur Fahem Boukaddous, journaliste \u00e0 la cha\u00eene El Hiwar, a \u00e9t\u00e9 d\u00e9f\u00e9r\u00e9 devant le Tribunal de Premi\u00e8re Instance de Gafsa qui a examin\u00e9 son opposition au jugement prononc\u00e9 contre lui par d\u00e9faut, le condamnant \u00e0 six ans d\u2018emprisonnement pour sa participation au mouvement de protestation de la r\u00e9gion du bassin minier en 2008. Le tribunal a report\u00e9 l\u2018examen de l\u2018affaire au 13 janvier 2010 pour que soit apport\u00e9 le dossier d\u2018origine qui se trouve \u00e0 la cour de cassation \u00e0 Tunis. Pour la d\u00e9fense se sont pr\u00e9sent\u00e9s ma\u00eetres Ali Kelthoum, Zouah\u00efer Yahyaoui, Ali Issaoui et Houssine Tab Bassi\u2026] Pour rappel, monsieur Boukaddous sera d\u00e9f\u00e9r\u00e9 devant la Cour d\u2018Appel de Gafsa pour la ^m\u00eame accusation le 21 d\u00e9cembre prochain. [\u2026] Le comit\u00e9 national de soutien aux populations du bassin minier <font>(traduction d\u2019extraits ni revue ni corrig\u00e9e par les auteurs de la version en arabe, LT)<\/font> <font><strong>(Source : Tunisnews du 15 d\u00e9cembre 2009)<\/strong><\/font><\/div>\n<div><strong><\/p>\n<hr\/>\n<p><\/strong><\/div>\n<div align=\"center\">\n<h2 style=\"color: red;\"><font size=\"3\"><strong>Arrestation de monsieur Maatoug El Ir et bouclage du domicile de Lassaad Jouhri<\/strong><\/font><\/h2>\n<\/div>\n<div>\u00a0<\/div>\n<div> <font>Monsieur Maatoug El Ir a \u00e9t\u00e9 arr\u00eat\u00e9 aujourd\u2019hui mardi 15 d\u00e9cembre 2009, par des agents en nombre, en civil,-on pense qu\u2019il s\u2019agit de la brigade de la S\u00fbret\u00e9 de l\u2019Etat- et ce, vers huit heures du matin. Monsieur Maatoug El Ir est un ancien prisonnier politique, arr\u00eat\u00e9 en 1987 puis en 1991. Il a pass\u00e9 16 ans dans les prisons tunisiennes et il a \u00e9t\u00e9 lib\u00e9r\u00e9 il y a trois ans. Quant \u00e0 monsieur Lassaad Jouhri, il a not\u00e9 la pr\u00e9sence de nombreux agents de la S\u00fbret\u00e9 en civil et d\u2019une voiture de police officielle patrouillant dans les rues menant \u00e0 son domicile, certaines \u00e9tant en faction devant chez lui, et ce, depuis hier. Selon monsieur Jouhri qui est chez lui, il n\u2019y aucune raison \u00e0 ce bouclage.<\/font> <strong>Abdallah Zouari <font>(traduction ni revue ni corrig\u00e9e par l\u2019auteur de la version en arabe, LT)<\/font> (Source : Tunisnews du 15 d\u00e9cembre 2009)<\/strong><\/div>\n<div><font>Xinhua<\/font><strong> <\/p>\n<hr\/>\n<p><\/strong><\/div>\n<div>\n<div align=\"center\">\n<h2 style=\"color: red;\"><font size=\"3\"><font size=\"2\">\u00a0<\/font><strong>Tunisie : saisie de 91 pi\u00e8ces arch\u00e9ologiques<\/strong><\/font><\/h2>\n<p><strong><\/strong><\/div>\n<div> <font face=\"Arial\" size=\"2\">Publi\u00e9 le 2009-12-17 21:09:18 |  TUNIS, 17 d\u00e9cembre (Xinhua) &#8212; Les autorit\u00e9s tunisiennes ont pu d\u00e9manteler un nouveau r\u00e9seau de trafic d&rsquo;objets arch\u00e9ologiques, a rapport\u00e9 jeudi le quotidien tunisien \u00ab\u00a0Le Temps\u00a0\u00bb. Les agents de la police des fronti\u00e8res, pr\u00e9cise \u00ab\u00a0Le Temps\u00a0\u00bb, ont saisi 91 pi\u00e8ces arch\u00e9ologiques, chez un passager r\u00e9sident depuis deux ans \u00e0 l&rsquo;\u00e9tranger qui s&rsquo;appr\u00eatait \u00e0 prendre l&rsquo;avion \u00e0 destination d&rsquo;un pays europ\u00e9en. Les pi\u00e8ces arch\u00e9ologiques trouv\u00e9es en possession du passager, parviennent de la r\u00e9gion de Hidra au gouvernorat de Kasserine (200 km \u00e0 l&rsquo;est de Tunis). Auparavant, une source judiciaire tunisienne avait annonc\u00e9 que les agents de la brigade criminelle avaient d\u00e9mantel\u00e9 un r\u00e9seau international de trafic d&rsquo;objets arch\u00e9ologiques, avec la complicit\u00e9 de Tunisiens et d&rsquo;\u00e9trangers.<\/font><\/div>\n<p><strong><\/p>\n<hr\/>\n<p><\/strong><\/div>\n<div>\u00a0<\/div>\n<div align=\"center\"><font><strong><\/p>\n<h2 style=\"color: red;\"><font size=\"3\">Leur presse et la n\u00f4tre<\/font><\/h2>\n<p><\/strong><\/font><\/div>\n<div align=\"justify\"> <font><strong>Bassam bounenni<\/strong><\/font> La campagne odieuse ciblant opposants, journalistes ind\u00e9pendants, \u00e9tudiants et militants des droits de l&rsquo;homme se poursuit en toute impunit\u00e9. A d\u00e9faut de pouvoir cibler tout le monde sur l&rsquo;espace trop r\u00e9duit de cette presse \u00ab\u00a0patriotique\u00a0\u00bb, la bataille se d\u00e9place sur Facebook et autres forums. Les le\u00e7ons de \u00ab\u00a0loyaut\u00e9\u00a0\u00bb battent leur plein, avec des appels de plus en plus hauts et forts mais peu audibles \u00e0 frapper. A faire mal \u00e0 tous ceux qui osent \u00ab\u00a0ternir l&rsquo;image de marque\u00a0\u00bb de la Tunisie. Devant ce tohu-bohu, force est de se demander : doit-on riposter &#8211; en tant que citoyens, d\u00e9j\u00e0 &#8211; de la m\u00eame fa\u00e7on, avec autant de vulagrit\u00e9 et aux moyens d&rsquo;un jargon on ne peut plus grossier ? En paginant nombre de sites et de blogs, en effet, vous allez remarquer que certains internautes voire quelques journalistes usent des m\u00eames pratiques : invectives, insultes, diffamation, photos obs\u00e8nes &#8230; Cela ne peut qu&rsquo;orienter le cours des \u00e9v\u00e9nements vers plus de crispation et de haine r\u00e9ciproque. D&rsquo;autant plus que la presse \u00ab\u00a0patriotique\u00a0\u00bb ne peut et ne doit surtout pas servir d&rsquo;exemple \u00e0 ceux qui croient en la justesse d&rsquo;une cause, celle d&rsquo;une Tunisie ouverte \u00e0 tous et pour tous. Une Tunisie o\u00f9 citoyennet\u00e9 rimera avec responsabilit\u00e9.  <strong><font>(Source : le blog de bassam Bounenni (Journaliste \u2013 Qatar), le 17 d\u00e9cembre 2009) Lien:<a href=\"http:\/\/bassambounenni.blog.fr\/\" target=\"_blank\" rel=\"noopener\">http:\/\/bassambounenni.blog.fr\/<\/a> \u00a0<\/p>\n<hr\/>\n<p><\/font><\/strong><\/div>\n<div align=\"justify\">\u00a0 <\/p>\n<div align=\"center\"><strong><font size=\"3\">Identit\u00e9 Patriote<\/font><\/strong><\/div>\n<div align=\"justify\"> <strong><font>Par Carpe Diem<\/font><\/strong>  Tout comme le (faux) d\u00e9bat sur l&rsquo;identit\u00e9 nationale qui se d\u00e9roule actuellement en France, le (faux) d\u00e9bat sur \u00ab\u00a0l&rsquo;identit\u00e9 patriote\u00a0\u00bb instaur\u00e9 par le pouvoir en Tunisie depuis les derni\u00e8res \u00e9lections ne sert qu&rsquo;\u00e0 exclure un pan de la soci\u00e9t\u00e9 de sa propre identit\u00e9.  Le d\u00e9bat sur l&rsquo;identit\u00e9 nationale en France a pour effet de dresser un mur entre les fran\u00e7ais d&rsquo;origine \u00e9trang\u00e8re et ceux qui sont dits de souche, comme pour d\u00e9finir des contours \u00e0 l&rsquo;identit\u00e9 fran\u00e7aise. En Tunisie, on essaie de dresser un mur entre les partisans du pouvoir, et ceux qui osent le critiquer et d\u00e9noncer ses exc\u00e8s, comme pour d\u00e9finir des limites \u00e0 la critique et \u00e0 l&rsquo;opposition \u00e0 sa politique. Dans les deux cas, l&rsquo;\u00e9l\u00e9ment de peur employ\u00e9 est le m\u00eame : la peur de l&rsquo;\u00e9tranger, ou plut\u00f4t de \u00ab\u00a0l&rsquo;agent de l&rsquo;\u00e9tranger\u00a0\u00bb dans le cas tunisien&#8230;  En France, le d\u00e9bat sur l&rsquo;identit\u00e9 nationale est men\u00e9 par l&rsquo;UMP, le parti de droite au pouvoir, pour qu&rsquo;il puisse s&rsquo;attirer la sympathie des \u00e9lecteurs les plus \u00e0 droite en vue des prochaines \u00e9lections r\u00e9gionales de mars 2010. En Tunisie, le d\u00e9bat est men\u00e9 par le pouvoir et ses proches, depuis les derni\u00e8res \u00ab\u00a0\u00e9lections\u00a0\u00bb, pour contredire les nombreuses critiques qui les ont entach\u00e9.   Dans les deux cas, le d\u00e9bat est instrumentalis\u00e9 \u00e0 des fins politiciennes sans fond et sans qu&rsquo;il y ait une r\u00e9elle volont\u00e9 de d\u00e9bat. On joue sur les symboles de la nation, et sur les sentiments enfouis de fiert\u00e9 nationale et de patriotisme des citoyens, pour les amener \u00e0 choisir un camp&#8230;et donc \u00e0 s&rsquo;exclure les uns et les autres.  Malgr\u00e9 ces ressemblances de forme, les situations dans les deux pays sont pourtant tr\u00e8s diff\u00e9rentes . En France, ce d\u00e9bat pourrait \u00eatre justifi\u00e9 par ses partisans &#8211; s&rsquo;il n&rsquo;\u00e9tait pas instrumentalis\u00e9 &#8211; parce qu&rsquo;il se base sur une r\u00e9alit\u00e9 sociologique et d\u00e9mographique et qu&rsquo;il pose la question de l&rsquo;int\u00e9gration de certaines communaut\u00e9s religieuses, ethniques, etc. dans la soci\u00e9t\u00e9 fran\u00e7aise.   En Tunisie, ce d\u00e9bat injustifiable pose la question de l&rsquo;exclusion de certaines communaut\u00e9s journalistiques, militantes, et politiques de la soci\u00e9t\u00e9 tunisienne juste parce qu&rsquo;elles expriment leurs opinions, leur opposition et leurs critiques. En France, c&rsquo;est une question sociale qui est d\u00e9battue sur la sc\u00e8ne politique.  En Tunisie, c&rsquo;est une question politique qui est entrain de cr\u00e9er un malaise social suppl\u00e9mentaire dans la soci\u00e9t\u00e9 tunisienne. Dans les deux cas, ces d\u00e9bats ne peuvent \u00eatre que dangereux, parce qu&rsquo;ils risquent d&rsquo;exclure et de mener \u00e0 la n\u00e9gation des sp\u00e9cificit\u00e9s qui caract\u00e9risent toute soci\u00e9t\u00e9, qu&rsquo;elles soient culturelles dans le cas de la France, ou id\u00e9ologiques dans le cas de la Tunisie.  <strong><font>(Source : le blog \u00ab Carpe Diam \u00bb, le 15 d\u00e9cembre 2009) Lien: http:\/\/carpediem-selim.blogspot.com<\/font><\/strong><\/div>\n<\/div>\n<div align=\"justify\">\u00a0<\/div>\n<div align=\"justify\"><font><\/p>\n<hr\/>\n<p><\/font><\/div>\n<\/div>\n<div align=\"center\"> <strong><\/p>\n<h2 style=\"color: red;\"><font size=\"3\">Droits de l&rsquo;homme: l&rsquo;UE va suspendre un accord commercial avec le Sri Lanka<\/font><\/h2>\n<p><\/strong><\/div>\n<p>AFP, le 17 d\u00e9cembre 2009 \u00e0 08h16  COLOMBO, 17 d\u00e9c 2009 (AFP) &#8211; La Commission europ\u00e9enne a annonc\u00e9 jeudi avoir d\u00e9cid\u00e9 de suspendre l&rsquo;accord commercial permettant au Sri Lanka un acc\u00e8s pr\u00e9f\u00e9rentiel aux march\u00e9s europ\u00e9ens apr\u00e8s une enqu\u00eate critiquant la situation des droits de l&rsquo;homme dans le pays.  Cette d\u00e9cision devrait \u00eatre formellement ratifi\u00e9e d&rsquo;ici aux deux prochains mois, la suspension de l&rsquo;accord devant ensuite \u00eatre effective six mois plus tard, a d\u00e9clar\u00e9 Bernard Savage, le chef de la d\u00e9l\u00e9gation de la Commission europ\u00e9enne \u00e0 Colombo.  \u00ab\u00a0L&rsquo;Union europ\u00e9enne continuera son dialogue avec le Sri Lanka pendant cette p\u00e9riode pour essayer de r\u00e9gler le probl\u00e8me et faire en sorte que l&rsquo;accord commercial soit r\u00e9tabli\u00a0\u00bb, a-t-il ajout\u00e9.  Une enqu\u00eate approfondie de l&rsquo;UE est parvenue \u00e0 la conclusion \u00ab\u00a0qu&rsquo;il y a de s\u00e9rieux probl\u00e8mes\u00a0\u00bb en mati\u00e8re de droits de l&rsquo;homme au Sri Lanka, et que le pays \u00ab\u00a0viole ses engagements\u00a0\u00bb du programme d&rsquo;avantage commercial GSP, avait indiqu\u00e9 en octobre le porte-parole de la Commission europ\u00e9enne pour le Commerce, Lutz G\u00fcllner.  Le syst\u00e8me g\u00e9n\u00e9ralis\u00e9 de pr\u00e9f\u00e9rences (GSP) est un syst\u00e8me commercial mis en place par l&rsquo;Union europ\u00e9enne, qui permet un acc\u00e8s pr\u00e9f\u00e9rentiel \u00e0 ses march\u00e9s pour les pays en voie de d\u00e9veloppement.  Actuellement 16 pays, dont le Sri Lanka, en sont b\u00e9n\u00e9ficiaires.  Le syst\u00e8me du GSP offre des r\u00e9ductions de droits de douane suppl\u00e9mentaires aux pays en d\u00e9veloppement engag\u00e9s dans \u00ab\u00a0le d\u00e9veloppement durable et la bonne gouvernance\u00a0\u00bb, y compris les droits de l&rsquo;homme et les normes du travail, et qui ont ratifi\u00e9 et appliqu\u00e9 27 conventions internationales dans ces domaines.  Cet accord commercial fait gagner chaque ann\u00e9e au Sri Lanka environ 150 millions de dollars. L&rsquo;industrie du textile au Sri Lanka est la principale b\u00e9n\u00e9ficiaire du syst\u00e8me GSP Plus, profitant des all\u00e9gements de taxes pour vendre sa production aux meilleurs distributeurs europ\u00e9ens.  Lors des derniers mois du conflit opposant les forces arm\u00e9es aux rebelles tamouls, les Etats-Unis et l&rsquo;Union europ\u00e9enne ont fait entendre leurs pr\u00e9occupations concernant le traitement de la population civile, notamment la minorit\u00e9 tamoule parqu\u00e9e dans des camps sous surveillance militaire.  \u00a0<\/p>\n<hr\/>\n<div align=\"center\"> <strong><\/p>\n<h2 style=\"color: red;\"><font size=\"3\">Proc\u00e8s Astiz: les fant\u00f4mes de la dictature argentine de retour<\/font><\/h2>\n<p><\/strong> \u00a0<\/div>\n<div align=\"justify\"> Par Indalecio ALVAREZ  BUENOS AIRES, 16 d\u00e9c 2009 (AFP) &#8211; BUENOS AIRES (AFP) &#8211; Le proc\u00e8s \u00e0 Buenos Aires de l&rsquo;ex-officier argentin Alfredo Astiz, accus\u00e9 d&rsquo;\u00eatre impliqu\u00e9 dans l&rsquo;enl\u00e8vement et le meurtre de deux religieuses fran\u00e7aises, a r\u00e9veill\u00e9 les fant\u00f4mes de la dictature (1976-83) avec la multiplication de menaces, y compris contre la pr\u00e9sidente Cristina Kirchner.  \u00ab\u00a0Il s&rsquo;est pass\u00e9 beaucoup de choses ces derniers jours qui montrent que les dinosaures sont encore l\u00e0\u00a0\u00bb, a r\u00e9agi Mme Kirchner, devant la presse. L&rsquo;ex-capitaine de corvette Astiz, 58 ans, a donn\u00e9 le ton \u00e0 l&rsquo;ouverture de son proc\u00e8s vendredi, en s&rsquo;affichant avec un livre sur la violence des ann\u00e9es 70, intitul\u00e9 \u00ab\u00a0Tuer de nouveau\u00a0\u00bb. Le m\u00eame jour, des inconnus ont intercept\u00e9 les communications entre l&rsquo;h\u00e9licopt\u00e8re de la pr\u00e9sidente et la tour de contr\u00f4le de l&rsquo;a\u00e9roport de la capitale. Sur cette fr\u00e9quence, ils ont diffus\u00e9 en fond sonore une marche militaire choisie par la junte pour annoncer son coup d&rsquo;Etat du 24 mars 1976, tandis qu&rsquo;en allusion \u00e0 la pr\u00e9sidente, on pouvait entendre \u00ab\u00a0Tuez la jument! Tuez-l\u00e0 !\u00a0\u00bb, selon l&rsquo;enregistrement de la s\u00e9quence, qui a \u00e9t\u00e9 diffus\u00e9 par la cha\u00eene de t\u00e9l\u00e9vision C5N. Le chef du gouvernement Anibal Fernandez y a vu \u00ab\u00a0une manoeuvre d&rsquo;intimidation, une menace\u00a0\u00bb, n&rsquo;excluant pas que les faits soient li\u00e9s au d\u00e9but du proc\u00e8s d&rsquo;Alfredo Astiz. Toujours vendredi, l&rsquo;ancien chef militaire de la dictature Luciano Menendez, 82 ans, condamn\u00e9 \u00e0 la perp\u00e9tuit\u00e9 pour la troisi\u00e8me fois \u00e0 Cordoba (centre), s&rsquo;en est pris aux \u00ab\u00a0gu\u00e9rilleros qui sont aujourd&rsquo;hui au pouvoir\u00a0\u00bb. Dimanche, le procureur f\u00e9d\u00e9ral du proc\u00e8s Astiz, Eduardo Taiano, a \u00e0 son tour re\u00e7u une menace anonyme sur son r\u00e9pondeur. \u00ab\u00a0Nous savions que cette r\u00e9action viendrait, que la fin de l&rsquo;impunit\u00e9 r\u00e9veillerait d&rsquo;importants secteurs des forces arm\u00e9es, des services de renseignement et de l&rsquo;extr\u00eame droite\u00a0\u00bb, commente l&rsquo;historien Ulises Gorini, auteur d&rsquo;une histoire des M\u00e8res de la Place de mai. Pour lui, \u00ab\u00a0l&rsquo;attitude du gouvernement est contradictoire\u00a0\u00bb. \u00ab\u00a0D&rsquo;un c\u00f4t\u00e9, il a fait un grand pas pour en finir avec l&rsquo;impunit\u00e9. Mais, de l&rsquo;autre, il n&rsquo;offre pas aux t\u00e9moins une s\u00e9curit\u00e9 suffisante\u00a0\u00bb, ajoute-t-il. D&rsquo;autant, selon cet historien, que des centaines d&rsquo;agents de la dictature sont toujours en libert\u00e9. La \u00ab\u00a0disparition\u00a0\u00bb, en septembre 2006, de Jorge Julio Lopez, t\u00e9moin capital dans le proc\u00e8s d&rsquo;un tortionnaire de la dictature, l&rsquo;ancien policier Miguel Etchecolatz, est une menace qui p\u00e8se toujours sur chaque personne qui ose t\u00e9moigner. \u00ab\u00a0Nous avons besoin d&rsquo;une r\u00e9ponse claire, imm\u00e9diate et sans appel de la part des juges\u00a0\u00bb, a d\u00e9clar\u00e9 pour sa part Rodolfo Yanzon, avocat des plaignants au proc\u00e8s Astiz qui a d\u00e9nonc\u00e9 d\u00e8s vendredi l&rsquo;attitude de l&rsquo;ancien officier. Rodolfo Yanzon s&rsquo;est entretenu mardi avec les magistrats qui ont sembl\u00e9 \u00eatre pris de court par le comportement d&rsquo;Astiz. \u00ab\u00a0Ils se sont engag\u00e9s \u00e0 prendre d\u00e9sormais les mesures n\u00e9cessaires pour \u00e9viter toute attitude provocatrice\u00a0\u00bb, a dit l&rsquo;avocat. Depuis l&rsquo;accession au pouvoir de Nestor Kirchner (2003-2007) &#8211;\u00e9poux de Mme Kirchner auquel elle a succ\u00e9d\u00e9 en d\u00e9cembre 2007&#8211;, l&rsquo;annulation des lois d&rsquo;amnistie et la r\u00e9ouverture des proc\u00e8s, les autorit\u00e9s argentines souhaitent que les responsables d&rsquo;exactions soient rapidement jug\u00e9s. Astiz est accus\u00e9 d&rsquo;avoir particip\u00e9 \u00e0 l&rsquo;enl\u00e8vement de deux religieuses fran\u00e7aises, Alice Domon et L\u00e9onie Duquet, les 8 et 10 d\u00e9cembre 1977. Elles ont \u00e9t\u00e9 tortur\u00e9es \u00e0 l&rsquo;Ecole de m\u00e9canique de la marine (Esma) o\u00f9 pr\u00e8s de 5.000 personnes ont \u00e9t\u00e9 d\u00e9tenues et o\u00f9 tr\u00e8s peu ont surv\u00e9cu. Dix-neuf militaires sont poursuivis dans le cadre de ce proc\u00e8s.AFP<\/div>\n<\/div>\n<p> \u00a0<\/p>\n<\/div>\n<\/div>\n<p><\/font>\u00a0<\/div>\n<\/div>\n<p align=\"center\" dir=\"ltr\">\n<h2 style=\"color: red;\"><font face=\"Arial\" size=\"2\"><strong><b><a href=\"http:\/\/www.tunisnews.net\/\"><font face=\"Arial\"><span><font size=\"2\">Home<\/font><\/span><font size=\"2\"><span lang=\"FR-CH\"> &#8211; Accueil <\/span><span>&#8211; <\/span><\/font><\/font><span dir=\"rtl\" lang=\"AR-SA\"><font size=\"2\">\u0627\u0644\u0631\u0626\u064a\u0633\u064a\u0629<\/font><\/span><\/a><\/b><\/strong><\/font><\/h2>\n<\/p>\n<p><\/body><\/body><\/html><\/p>\n","protected":false},"excerpt":{"rendered":"<p>Home &#8211; Accueil \u00a0 TUNISNEWS 9\u00a0\u00e8me ann\u00e9e,N\u00b0\u00a03495 du 17.12.2009 \u00a0archives : www.tunisnews.net\u00a0\u00a0 C.R.L.D.H.Tunisie:\u00a0 ALERTE : il faut lib\u00e9rer Tawfik Ben Brik AISPP: Report du prononc\u00e9 du jugement dans l\u2019affaire d\u2019Amir Mrabet et de ses co accus\u00e9s LTDH: D\u00e9tention au secret de mr Miraoui Comit\u00e9 National de Soutien aux Populations du Bassin Minier:\u00a0 Report de l\u2018examen [&hellip;]<\/p>\n","protected":false},"author":1,"featured_media":22040,"comment_status":"open","ping_status":"open","sticky":false,"template":"","format":"standard","meta":{"inline_featured_image":false,"site-sidebar-layout":"default","site-content-layout":"","ast-site-content-layout":"default","site-content-style":"default","site-sidebar-style":"default","ast-global-header-display":"","ast-banner-title-visibility":"","ast-main-header-display":"","ast-hfb-above-header-display":"","ast-hfb-below-header-display":"","ast-hfb-mobile-header-display":"","site-post-title":"","ast-breadcrumbs-content":"","ast-featured-img":"","footer-sml-layout":"","ast-disable-related-posts":"","theme-transparent-header-meta":"","adv-header-id-meta":"","stick-header-meta":"","header-above-stick-meta":"","header-main-stick-meta":"","header-below-stick-meta":"","astra-migrate-meta-layouts":"default","ast-page-background-enabled":"default","ast-page-background-meta":{"desktop":{"background-color":"","background-image":"","background-repeat":"repeat","background-position":"center center","background-size":"auto","background-attachment":"scroll","background-type":"","background-media":"","overlay-type":"","overlay-color":"","overlay-opacity":"","overlay-gradient":""},"tablet":{"background-color":"","background-image":"","background-repeat":"repeat","background-position":"center center","background-size":"auto","background-attachment":"scroll","background-type":"","background-media":"","overlay-type":"","overlay-color":"","overlay-opacity":"","overlay-gradient":""},"mobile":{"background-color":"","background-image":"","background-repeat":"repeat","background-position":"center center","background-size":"auto","background-attachment":"scroll","background-type":"","background-media":"","overlay-type":"","overlay-color":"","overlay-opacity":"","overlay-gradient":""}},"ast-content-background-meta":{"desktop":{"background-color":"var(--ast-global-color-5)","background-image":"","background-repeat":"repeat","background-position":"center center","background-size":"auto","background-attachment":"scroll","background-type":"","background-media":"","overlay-type":"","overlay-color":"","overlay-opacity":"","overlay-gradient":""},"tablet":{"background-color":"var(--ast-global-color-5)","background-image":"","background-repeat":"repeat","background-position":"center center","background-size":"auto","background-attachment":"scroll","background-type":"","background-media":"","overlay-type":"","overlay-color":"","overlay-opacity":"","overlay-gradient":""},"mobile":{"background-color":"var(--ast-global-color-5)","background-image":"","background-repeat":"repeat","background-position":"center center","background-size":"auto","background-attachment":"scroll","background-type":"","background-media":"","overlay-type":"","overlay-color":"","overlay-opacity":"","overlay-gradient":""}},"footnotes":""},"categories":[],"tags":[64,40,29],"class_list":["post-16308","post","type-post","status-publish","format-standard","has-post-thumbnail","hentry","tag-64","tag-40","tag-fr"],"_links":{"self":[{"href":"https:\/\/tunisnews.net\/ar\/wp-json\/wp\/v2\/posts\/16308","targetHints":{"allow":["GET"]}}],"collection":[{"href":"https:\/\/tunisnews.net\/ar\/wp-json\/wp\/v2\/posts"}],"about":[{"href":"https:\/\/tunisnews.net\/ar\/wp-json\/wp\/v2\/types\/post"}],"author":[{"embeddable":true,"href":"https:\/\/tunisnews.net\/ar\/wp-json\/wp\/v2\/users\/1"}],"replies":[{"embeddable":true,"href":"https:\/\/tunisnews.net\/ar\/wp-json\/wp\/v2\/comments?post=16308"}],"version-history":[{"count":0,"href":"https:\/\/tunisnews.net\/ar\/wp-json\/wp\/v2\/posts\/16308\/revisions"}],"wp:featuredmedia":[{"embeddable":true,"href":"https:\/\/tunisnews.net\/ar\/wp-json\/wp\/v2\/media\/22040"}],"wp:attachment":[{"href":"https:\/\/tunisnews.net\/ar\/wp-json\/wp\/v2\/media?parent=16308"}],"wp:term":[{"taxonomy":"category","embeddable":true,"href":"https:\/\/tunisnews.net\/ar\/wp-json\/wp\/v2\/categories?post=16308"},{"taxonomy":"post_tag","embeddable":true,"href":"https:\/\/tunisnews.net\/ar\/wp-json\/wp\/v2\/tags?post=16308"}],"curies":[{"name":"wp","href":"https:\/\/api.w.org\/{rel}","templated":true}]}}