{"id":16272,"date":"2008-09-14T00:00:00","date_gmt":"2008-09-14T00:00:00","guid":{"rendered":"https:\/\/tunisnews.net\/14-septembre-2008\/"},"modified":"2008-09-14T00:00:00","modified_gmt":"2008-09-14T00:00:00","slug":"14-septembre-2008","status":"publish","type":"post","link":"https:\/\/tunisnews.net\/ar\/14-septembre-2008\/","title":{"rendered":"14 septembre 2008"},"content":{"rendered":"<p><html><head><meta content=\"text\/html\" description=\"Les administrations des prisons de Borj El \n\t\t\t\t\t\t\t\t\tAmri et de Mornaguia rivalisent en mati\u00e8re \n\t\t\t\t\t\t\t\t\tde s\u00e9vices inflig\u00e9s aux prisonniers dits \u00ab \n\t\t\t\t\t\t\t\t\tde l\u2019antiterrorisme \u00bb. L\u2019administration de \n\t\t\t\t\t\t\t\t\tla prison de Borj El Amri s\u2019acharne \u00e0 priver \n\t\t\t\t\t\t\t\t\tces prisonniers de leurs droits \u00e9l\u00e9mentaires \n\t\t\t\t\t\t\t\t\tgarantis par la loi sur les prisons. Ces \n\t\t\t\t\t\t\t\t\tproc\u00e9d\u00e9s inhumains ont pouss\u00e9 certains \n\t\t\t\t\t\t\t\t\td\u2019entre eux \u00e0 faire une gr\u00e8ve de la faim \n\t\t\t\t\t\t\t\t\tpour exiger que soit mis un terme \u00e0 ces \n\t\t\t\t\t\t\t\t\thumiliations et que soient am\u00e9lior\u00e9es les \n\t\t\t\t\t\t\t\t\tconditions d\u2019incarc\u00e9ration.\" http-equiv=\"Content-Type\"\/><\/head><body><body><\/p>\n<p align=\"center\" dir=\"ltr\"><font face=\"Arial\" size=\"2\"><b><a href=\"http:\/\/www.tunisnews.net\/\"><span>Home<\/span><span lang=\"FR-CH\"> &#8211; Accueil <\/span><\/a><\/b><\/font><\/p>\n<div>\n<div><font face=\"Arial\" size=\"2\"><\/p>\n<div>\n<div> \u00a0<\/p>\n<div>\n<div>\n<div>\n<div><font face=\"Arial\" size=\"3\"><span lang=\"FR\"><\/p>\n<div align=\"center\" dir=\"ltr\"><font size=\"3\"><strong><font face=\"Arial\"><span lang=\"SV\">TUNISNEWS<\/span> <\/font><\/strong><\/font><\/div>\n<div align=\"center\" dir=\"ltr\"><strong><font size=\"2\"><\/p>\n<div>8\u00a0\u00e8me ann\u00e9e, <span lang=\"FR\">N\u00b0\u00a03033 du 14.09.2008 <\/span><\/div>\n<p><\/font><\/strong><\/div>\n<div align=\"center\" dir=\"ltr\"><span><font size=\"2\"><font>\u00a0<\/font><strong><font>archives<\/font> : <\/strong><\/font><a target=\"_blank\" rel=\"noopener\"><strong><font size=\"2\">www.tunisnews.net<\/font><\/strong><\/a><\/span><font size=\"2\"><font><strong>\u00a0<\/strong><\/font>\u00a0<\/font><span lang=\"FR\"><font size=\"2\"><span lang=\"FR\"><\/span><\/font><\/span><\/div>\n<p><\/span><\/font><font size=\"2\"><span lang=\"FR\"><\/p>\n<div dir=\"ltr\"><strong><font size=\"3\"><\/p>\n<hr\/>\n<p><\/font><\/strong><\/div>\n<p><font><span lang=\"FR-CH\"><font face=\"Arial\"><span lang=\"FR-CH\"><font><\/p>\n<div align=\"left\" dir=\"ltr\"><font size=\"3\"><font size=\"2\"><strong>AISPP: Violations continuelles impunies ? <font>Comit\u00e9 de Soutien National au Bassin Minier de Gafsa: Communiqu\u00e9<\/font> Appel des femmes de France\u00a0 Pour que la voix de Zakia Dhifaoui et de toutes les autres femmes Ne soit plus jamais \u00e9touff\u00e9e <font>AFP: Tunisie : taux de croissance \u00e9tabli \u00e0 6,3% en 2007<\/font>  Omar Ben Hela: R\u00e9action au courrier des lecteurs \u00ab Tunisiens avant d&rsquo;\u00eatre Arabes \u00bb <font>Afrik.com: Arrestation de plusieurs pr\u00e9sum\u00e9s terroristes en Mauritanie &#8211; Menace terroriste : r\u00e9elle ou amplifi\u00e9e ?<\/font>  Sami Ben Abdallah: Du postmodernisme au kobzisme et le d\u00e9sespoir mobilisateur<\/strong><\/font><\/font><\/p>\n<hr\/>\n<p><font face=\"Arial\" size=\"2\"><\/font><\/div>\n<p><\/font><\/span><\/font><\/span><\/font><\/span><\/font><\/div>\n<\/div>\n<div>\n<div align=\"center\">\n<div align=\"center\">Libert\u00e9 pour tous les prisonniers politiques Libert\u00e9 pour Abdallah Zouari, le journaliste exil\u00e9 dans son propre pays <strong><font>Association Internationale de Soutien aux Prisonniers politiques<\/font><\/strong> 43 Rue Eldjazira, Tunis e-mail : aispptunisie@yahoo.fr  Tunis, le 13 septembre 2008  <strong><\/p>\n<h2 style=\"color: red;\"><font size=\"3\">Violations continuelles impunies ?<\/font><\/h2>\n<p><\/strong><\/div>\n<div align=\"justify\">\u00a0<\/div>\n<div align=\"justify\"> Les administrations des prisons de Borj El Amri et de Mornaguia rivalisent en mati\u00e8re de s\u00e9vices inflig\u00e9s aux prisonniers dits \u00ab de l\u2019antiterrorisme \u00bb. L\u2019administration de la prison de Borj El Amri s\u2019acharne \u00e0 priver ces prisonniers de leurs droits \u00e9l\u00e9mentaires garantis par la loi sur les prisons. Ces proc\u00e9d\u00e9s inhumains ont pouss\u00e9 certains d\u2019entre eux \u00e0 faire une gr\u00e8ve de la faim pour exiger que soit mis un terme \u00e0 ces humiliations et que soient am\u00e9lior\u00e9es les conditions d\u2019incarc\u00e9ration. En d\u00e9pit des promesses re\u00e7ues par Ahmed Mrabet (condamn\u00e9 \u00e0 15 ans d\u2019emprisonnement dans l\u2019affaire n\u00b010604 connue comme l\u2019affaire de \u00ab Slimane \u00bb) en termes d\u2019am\u00e9lioration de ses conditions carc\u00e9rales \u00e0 la suite de sa gr\u00e8ve de la faim en juin 2008, sa famille affirme (sa m\u00e8re, madame Fatma Hilal, lui a rendu visite vendredi 12 septembre) qu\u2019il est en butte \u00e0 des brimades graves perp\u00e9tr\u00e9es par des agents p\u00e9nitentiaires et que son \u00e9tat de sant\u00e9 se d\u00e9grade r\u00e9guli\u00e8rement car il est priv\u00e9 de m\u00e9dicaments (m\u00eame \u00e0 son compte !).  [\u2026] Pour la commission de suivi des prisonniers Le vice-Pr\u00e9sident de l\u2019Association <strong><font>Ma\u00eetre Abdelwahab Matar <\/font><\/strong><font>(traduction d\u2019extraits ni revue ni corrig\u00e9e par les auteurs de la version en arabe, LT)<\/font>  \u00a0<\/div>\n<div align=\"justify\">\n<hr\/>\n<\/div>\n<div align=\"center\"> <strong><font>Comit\u00e9 de Soutien National au Bassin Minier de Gafsa &#8211; Tunisie<\/font><\/strong> c\/o FTCR, 3 rue de Nantes 75019 Paris \u2013 Tel : 01 46 07 54 04 \u2013 Fax : 01 40 34 18 15 www.ftcr.eu \u2013 ftcr2@wanadoo.fr  <strong><\/p>\n<h2 style=\"color: red;\"><font size=\"3\">Communiqu\u00e9 : Tunis le 13 Septembre 2008<\/font><\/h2>\n<p><\/strong>  \u00a0<\/div>\n<div align=\"justify\"> 1)\u00a0\u00a0\u00a0\u00a0\u00a0 D\u00c9C\u00c8S Est d\u00e9c\u00e9d\u00e9 \u00e0 l\u2019h\u00f4pital de Sfax (centre Est), le samedi 13 septembre, le jeune ABDELKHALAK BEN M\u2019BARAK BEN AHMED AMAYDI (n\u00e9 en 1977), des suites de ses blessures occasionn\u00e9es par une balle qui s\u2019est log\u00e9e en bas du dos lors de la manifestation du 6 juin 2008 \u00e0 Redayef. Le Comit\u00e9 National de Soutien aux Habitants du Bassin Minier pr\u00e9sente ses sinc\u00e8res condol\u00e9ances \u00e0 la famille du d\u00e9funt ainsi qu\u2019\u00e0 tous les habitants de Redayef, et exige une fois de plus, l\u2019ouverture d\u2019une enqu\u00eate s\u00e9rieuse \u00e0 propos de tous les \u00e9v\u00e8nements survenus dans la r\u00e9gion, et notamment celles relatives \u00e0 l\u2019utilisation de balles r\u00e9elles.  2)\u00a0\u00a0\u00a0\u00a0\u00a0 PROC\u00c8S Les proc\u00e8s se poursuivent suite aux derni\u00e8res manifestations dans le bassin minier. Ainsi, le Tribunal de Premi\u00e8re Instance de Gafsa a rendu, en date du 11 septembre 2008, un jugement \u00e0 l\u2019encontre de : \u00b7\u00a0\u00a0\u00a0\u00a0\u00a0\u00a0\u00a0\u00a0 Mohamed J\u2019DIDI \u00b7\u00a0\u00a0\u00a0\u00a0\u00a0\u00a0\u00a0\u00a0 Ahmed FAJRAOUI \u00b7\u00a0\u00a0\u00a0\u00a0\u00a0\u00a0\u00a0\u00a0 Hassan BENALI \u00b7\u00a0\u00a0\u00a0\u00a0\u00a0\u00a0\u00a0\u00a0 Zinelabidine HOUCHATI \u00b7\u00a0\u00a0\u00a0\u00a0\u00a0\u00a0\u00a0\u00a0 Wajdi BOUIHI \u00b7\u00a0\u00a0\u00a0\u00a0\u00a0\u00a0\u00a0\u00a0 Mohamed Amara BOUIHI \u00b7\u00a0\u00a0\u00a0\u00a0\u00a0\u00a0\u00a0\u00a0 Khames BOULIFI \u00b7\u00a0\u00a0\u00a0\u00a0\u00a0\u00a0\u00a0\u00a0 Wissam BALTI \u00b7\u00a0\u00a0\u00a0\u00a0\u00a0\u00a0\u00a0\u00a0 Yahya BEN MASSOUD \u00b7\u00a0\u00a0\u00a0\u00a0\u00a0\u00a0\u00a0\u00a0 Mohamed BEN ABDELBAKI BOUIHI \u00b7\u00a0\u00a0\u00a0\u00a0\u00a0\u00a0\u00a0\u00a0 Saber BOUOUNI Lesquels ont \u00e9t\u00e9 condamn\u00e9s \u00e0 trois ans et cinq mois d\u2019emprisonnement pour \u00ab d\u00e9gradation des biens d\u2019autrui, entrave \u00e0 la libre-circulation sur la voie publique, pr\u00e9paration et d\u00e9tention d\u2019instruments et ustensiles inflammables, jet de produits solides sur les biens d\u2019autrui, tapage et d\u00e9sordre sur la place publique, et violences volontaires aggrav\u00e9es ayant bless\u00e9 un agent de l\u2019Etat pendant l\u2019exercice de ses fonctions \u00bb Le Comit\u00e9 r\u00e9it\u00e8re sa demande de clore d\u00e9finitivement le \u00ab cycle \u00bb des proc\u00e8s et d\u2019entamer la recherche de solutions aux probl\u00e8mes urgents du bassin minier.   3)\u00a0\u00a0\u00a0\u00a0\u00a0 RELAXE Apr\u00e8s la remise en libert\u00e9 du groupe de 6 personnes parmi lesquelles ESSGHAIER BELKHIRI (qui r\u00e9side \u00e0 Nantes en France), un autre groupe compos\u00e9 de 14 personnes a \u00e9t\u00e9 relax\u00e9 vendredi (19 septembre) : \u00b7\u00a0\u00a0\u00a0\u00a0\u00a0\u00a0\u00a0\u00a0 Boujemaa CHRITI (membre du l\u2019UGTT locale et du syndicat de la sant\u00e9) \u00b7\u00a0\u00a0\u00a0\u00a0\u00a0\u00a0\u00a0\u00a0 A\u00efd BENALI (fonctionnaire des chemins de fer) \u00b7\u00a0\u00a0\u00a0\u00a0\u00a0\u00a0\u00a0\u00a0 Lazar AMIDI (instituteur) \u00b7\u00a0\u00a0\u00a0\u00a0\u00a0\u00a0\u00a0\u00a0 Idriss BOUHALI \u00b7\u00a0\u00a0\u00a0\u00a0\u00a0\u00a0\u00a0\u00a0 Bilal CHRITI \u00b7\u00a0\u00a0\u00a0\u00a0\u00a0\u00a0\u00a0\u00a0 Sami TABABI \u00b7\u00a0\u00a0\u00a0\u00a0\u00a0\u00a0\u00a0\u00a0 Mongi BEN ABDALLAH   \u00b7\u00a0\u00a0\u00a0\u00a0\u00a0\u00a0\u00a0\u00a0 Mansour BEN AHMED SOUILMI \u00b7\u00a0\u00a0\u00a0\u00a0\u00a0\u00a0\u00a0\u00a0 Kamel BOUCHI \u00b7\u00a0\u00a0\u00a0\u00a0\u00a0\u00a0\u00a0\u00a0 Adnane BEN JOMOU\u00cf \u00b7\u00a0\u00a0\u00a0\u00a0\u00a0\u00a0\u00a0\u00a0 Isma\u00efl JOUHRI \u00b7\u00a0\u00a0\u00a0\u00a0\u00a0\u00a0\u00a0\u00a0 Mohamed Salah ZNIDI \u00b7\u00a0\u00a0\u00a0\u00a0\u00a0\u00a0\u00a0\u00a0 Ali JDIDI Le Comit\u00e9 exprime, \u00e0 ce propos, sa satisfaction et esp\u00e8re que cette mesure puisse s\u2019\u00e9tendre au reste des d\u00e9tenus, afin qu\u2019une nouvelle page s\u2019ouvre dans le bassin minier.   4)\u00a0\u00a0\u00a0\u00a0\u00a0 L\u2019ENCERCELEMENT SE POURSUIT Monsieur Massoud ROMDHANI (coordinateur du Comit\u00e9 National de Soutien aux habitants du Bassin minier) est toujours victime d\u2019une \u00ab surveillance \u00bb polici\u00e8re \u00ab tr\u00e8s rapproch\u00e9e \u00bb. En effet, des policiers en civil campent en permanence, de jour comme de nuit, devant son domicile ; \u00ab l\u2019accompagnent \u00bb syst\u00e9matiquement lors de ses d\u00e9placements, tout en usant parfois de provocations diverses et vari\u00e9es\u2026 parfois m\u00eame ils encerclent enti\u00e8rement le quartier o\u00f9 il r\u00e9side afin de l\u2019emp\u00eacher d\u2019en sortir. Ce qui constitue une atteinte caract\u00e9ris\u00e9e \u00e0 son droit d\u2019aller et de venir librement, tel que garanti par la Constitution tunisienne\u2026  Le Comit\u00e9 national de Soutien aux Habitants du Bassin Minier exprime son enti\u00e8re solidarit\u00e9 avec Monsieur Massoud ROMDHANI, sa famille et ses proches, qui connaissent un v\u00e9ritable \u00e9tat de si\u00e8ge depuis l\u2019Et\u00e9. Il renouvelle, une fois de plus, sa demande aux autorit\u00e9s pour mettre fin sans d\u00e9lai \u00e0 ces pratiques attentatoires \u00e0 la vie priv\u00e9e de Monsieur ROMDHANI et \u00e0 son droit de circuler librement et de voyager.  Traduit de l\u2019Arabe. H.B c\/o FTCR, 3 rue de Nantes 75019 Paris \u2013 Tel : 01 46 07 54 04 \u2013 Fax : 01 40 34 18 15 www.ftcr.eu \u2013 ftcr2@wanadoo.fr  \u00a0<\/div>\n<div align=\"justify\">\n<hr\/>\n<\/div>\n<div align=\"center\"><strong><\/p>\n<p><font size=\"3\">Appel des femmes de France  Pour que la voix de Zakia Dhifaoui et de toutes les autres femmes Ne soit plus jamais \u00e9touff\u00e9e[1]<\/font><\/p>\n<p><\/strong><\/div>\n<div align=\"justify\">\u00a0<\/div>\n<div align=\"justify\"> Je voulais raconter l\u2019histoire de mes amis, dire cette belle marche qu\u2019ils ont entrepris depuis des mois d\u00e9j\u00e0. Alors, je suis all\u00e9e les voir, pour m\u2019enqu\u00e9rir de leurs nouvelles, \u00e9couter le son de leurs pas pour en faire l\u2019\u00e9cho. A mon arriv\u00e9e, des femmes organisaient de belles noces pour f\u00eater la symbiose de la dignit\u00e9 et de la r\u00e9sistance.  Elles \u00e9taient belles mes amies, telles les fleurs des quatre saisons ensemble r\u00e9unies. Jeunes, moins jeunes, grands-m\u00e8res, filles, petites- filles ! Les unes aussi belles que les autres. Les unes aussi majestueuses que les autres.  Grandioses, elles avan\u00e7aient \u00e0 pas s\u00fbrs, dans une douce d\u00e9termination. Qu\u2019y a-t-il de plus naturel qu\u2019une m\u00e8re qui r\u00eave d\u2019un lendemain meilleur pour ses enfants ! Je me suis gliss\u00e9e parmi toutes ces femmes, leurs pas ont rythm\u00e9 ma marche, nous avons avanc\u00e9 ensemble les unes pr\u00e8s des autres, les unes avec les autres\u2026 Je voulais vous parler d\u2019elles mais ils ne m\u2019en ont pas laiss\u00e9 le temps. Je voulais vous parler de ces fleurs d\u2019espoir qu\u2019on arrache en plein printemps, et que mes amies replantent aussit\u00f4t, je voulais vous raconter les r\u00eaves qu\u2019on avorte et dont mes amies enfantent aussit\u00f4t\u2026 Ils m\u2019en ont emp\u00each\u00e9, ils ont confisqu\u00e9 mes mots.  Nombreuses sont celles qui sont frapp\u00e9es de c\u00e9cit\u00e9, mais pas mes amies Nombreuses sont celles qui sont frapp\u00e9es de surdit\u00e9, mais pas mes amies. Ils ont voulu les faire taire, ils veulent m\u2019arracher ma langue pendant huit mois. Vous imaginez, huit mois, deux cent quarante quatre jours sans parler, sans vous parler de mes amies\u2026 Ils ont confisqu\u00e9 mes mots, mais vous serez ma voix, vous amies que je n\u2019ai pas rencontr\u00e9es, que je ne connais pas encore, et qui \u00eates pourtant si proches de moi. Vous qui entendez les paroles qui s\u2019agitent en moi telle une blessure, sans que je n\u2019en dise un mot. Vous, qui comme mes amies gardez les yeux ouverts et les oreilles tendues, vous dont on ne peut accaparer la voix.  Dites au monde entier que mes amies et moi nous voulons juste un avenir radieux pour nos enfants. \u00a0 <strong><font>Vos signatures et messages de soutien au courriel : zakiadhifaoui@ras.eu.org<\/font><\/strong>   [1] Zakia Dhifaoui est militante des droits de l\u2019homme. Membre de l\u2019association de lutte contre la torture en Tunisie ALTT, et du parti FDTL, Forum D\u00e9mocratique pour le Travail et les Libert\u00e9s. Le 27 Juillet dernier, elle s\u2019est rendue \u00e0 Redeyef, dans le bassin minier de Gafsa, r\u00e9gion qui conna\u00eet un mouvement de protestation populaire depuis janvier dernier. Elle devait r\u00e9aliser un article pour le compte du journal de son parti. A son arriv\u00e9e, une manifestation \u00e9tait organis\u00e9e, elle y a particip\u00e9 tout naturellement. Zakia Difaoui a \u00e9t\u00e9 arr\u00eat\u00e9e dans l\u2019apr\u00e8s midi, alors qu\u2019elle rendait visite \u00e0 madame Joma\u00e2 Hajji \u00e9pouse de Adnane Hajji, syndicaliste arr\u00eat\u00e9 pour son implication dans le mouvement de contestation dans le bassin minier.  Zakia Difaoui a \u00e9t\u00e9 condamn\u00e9e le 14 ao\u00fbt \u00e0 8 mois de prison, par le tribunal de premi\u00e8re instance de Gafsa. Pendant son interrogatoire, elle a fait l\u2019objet de diverses intimidations et de menaces de viol. <\/div>\n<div align=\"justify\">\n<hr\/>\n<\/div>\n<div align=\"center\"><strong><\/p>\n<h2 style=\"color: red;\"><font size=\"3\">Tunisie : taux de croissance \u00e9tabli \u00e0 6,3% en 2007<\/font><\/h2>\n<p><\/strong><\/div>\n<div align=\"justify\"> [ AFP &#8211; 10\/09\/08\u00a0 &#8211; 09H38 ]   La Tunisie a r\u00e9alis\u00e9 en 2007 un taux de croissance \u00e9conomique de 6,3% contre 5,5% en 2006, selon le rapport annuel de la Banque Centrale de Tunisie (BCT) publi\u00e9 \u00e0 Tunis. Ce taux a \u00e9t\u00e9 r\u00e9alis\u00e9 gr\u00e2ce \u00e0 l&rsquo;\u00e9volution des industries manufacturi\u00e8res (+6,7%) notamment le textile-habillement (+5,4%), le cuir et les chaussures et les hydrocarbures (+22,5% contre -4,6%). Selon le rapport, la croissance a \u00e9galement \u00e9t\u00e9 forte dans les industries m\u00e9caniques et \u00e9lectriques (15,9%) et les services marchands (8,4%), principalement le secteur des communications (20%). La croissance r\u00e9alis\u00e9e en 2007 a permis la cr\u00e9ation de 80.000 emplois dans la p\u00eache et les activit\u00e9s non agricoles, ramenant le taux de ch\u00f4mage dans le pays \u00e0 14,1% contre 14,3% en 2006. Selon le rapport, l&rsquo;investissement direct \u00e9tranger a augment\u00e9 de 12,9% par rapport \u00e0 2006, les recettes fiscales de 12,4% et le d\u00e9ficit budg\u00e9taire s&rsquo;est stabilis\u00e9 \u00e0 3% du PIB. Le taux d&rsquo;inflation s&rsquo;est situ\u00e9 \u00e0 3,1% en 2007 contre 4,5% en 2006.  \u00a0 \u00a0<\/div>\n<div align=\"justify\">\n<hr\/>\n<\/div>\n<div align=\"center\"><strong><font>Nous avons re\u00e7u le commentaire suivant relatif \u00e0 l\u2019article de M. Fadi Ayech, intitul\u00e9:<\/font><\/strong> <strong><\/p>\n<h2 style=\"color: red;\"><font>\u00abTunisiens avant d&rsquo;\u00eatre Arabes \u00bb (repris par Tunisnews du 12 Septembre 2008).<\/font><\/h2>\n<p><\/strong><\/div>\n<div align=\"justify\">\u00a0<\/div>\n<div align=\"justify\">Par : <strong><font>Omar Ben Hela<\/font><\/strong> (un vrai citoyen du monde) Je ne veux pas discuter l\u2019opinion de M. Ayech; il est libre de la tenir et je le d\u00e9fendrais pour l\u2019exprimer, haut et fort, bien que je sois en d\u00e9saccord avec lui. Ce qui m\u2019a irrite dans ses propos, c\u2019est sa contradiction flagrante dans ses propres termes: d\u2019un cote, il est \u00ab Tunisien, citoyen du monde \u00bb, mais de l\u2019autre cote, il s\u2019arroge le droit de qualifier dix millions de \u00ab Tunisiens avant d&rsquo;\u00eatre Arabes \u00bb. Monsieur le \u00ab Professeur universitaire \u00bb Ayech (apparemment Francophile jusqu&rsquo;\u00e0 la moelle et fier de l\u2019\u00eatre), si on tient votre raisonnement, les Fran\u00e7ais sont des \u00ab Gaulois avant d\u2019\u00eates Fran\u00e7ais \u00bb ! En outre, si vous \u00eates un Tunisien et citoyen du monde, qu\u2019est ce qui vous emp\u00eacherait d\u2019ajouter une autre ou plusieurs couches : Africaine, Arabe, Musulmane\u2026 Je suis Tunisien, Arabo-Musulman et citoyen du monde (un vrai, puisque c\u2019est ma situation actuelle, et non un pseudo ou par aspiration comme c\u2019est votre cas), ou\u00a0 mon universalit\u00e9 ne m\u2019emp\u00eache pas de revendiquer ma diff\u00e9rence: Je suis Musulman (dans l\u2019univers mondial), de cultures Arabe (dans l\u2019univers r\u00e9gional) et Tunisienne (univers sp\u00e9cifique ou local), respectueux de tout \u00eatre humain et pr\u00eat a l\u2019aider et le d\u00e9fendre, peu importe sa langue, son ethnie, sa religion, sa couleur de la peau, son gendre,. Si vous \u00eates un vrai citoyen du monde, je ne vois pas comment vous allez me denier ma revendication ! Juste un dernier clin d\u2019\u0153il \u00ab historique \u00bb: la dichotomie (le \u00ab moi \u00bb et \u00ab l\u2019autre \u00bb) n\u2019est pas une invention Arabe, elle est plut\u00f4t occidentale et Orientaliste (Voir Arnold Toynbee et Edouard Said, entre autres) et la Tunisie Arabo-Musulmane est le produit d\u2019une symbiose qui s\u2019est manifest\u00e9e et s\u2019est forg\u00e9e, sans faille, depuis 15 si\u00e8cles\u2026 &#8212;&#8212;&#8212;&#8212;&#8212;&#8212;&#8212;&#8212;&#8211; <strong><font>Le m\u00eame article a suscit\u00e9 les r\u00e9actions suivantes sur le site du journal \u00ab Le Temps \u00bb<\/font><\/strong> <strong>Forum des lecteurs<\/strong> <strong>R\u00e9actions au courrier des lecteurs \u00ab Tunisiens avant d&rsquo;\u00eatre Arabes \u00bb, publi\u00e9 le 12 septembre 2008<\/strong><\/div>\n<div align=\"justify\"> <strong><\/p>\n<h2 style=\"color: red;\"><font>\u00ab Choquant \u00bb<\/font><\/h2>\n<p><\/strong> \u00ab J&rsquo;ai lu avec beaucoup d&rsquo;int\u00e9r\u00eat mais aussi d&rsquo;\u00e9tonnement le courrier de monsieur Fedi Ayech sur l&rsquo;identit\u00e9 et la culture tunisienne. Les propos de l&rsquo;auteur sont tr\u00e8s choquants venant de la part d&rsquo;un Tunisien qui plus est un universitaire. Choquants non tant par leur contenu tr\u00e8s contestable d&rsquo;ailleurs mais parce qu&rsquo;il \u00e9mane d&rsquo;un Tunisien. Que des mod\u00e8les occidentaux de tol\u00e9rance (sic) comme Houelbecque, Bernard Lewis, Oriana Fallacci (aujourd&rsquo;hui d\u00e9c\u00e9d\u00e9e), Salman Rushdie, pour ne citer que quelques unes des plumes haineuses, d\u00e9versent ou d\u00e9versaient leur venin envers le monde arabo-musulman, cela ne me choque plus. Mais qu&rsquo;un Tunisien joue \u00e0 ce petit jeu dans un journal tunisien respectable, cela me choque et m&rsquo;attriste plus que tout et ce pour diverses raisons. Cela me rappelle une arabo-am\u00e9ricaine Wafa Sultan qui est devenue experte dans l&rsquo;auto- flagellation au grand bonheur de think tanks et m\u00e9dias tr\u00e8s suspects qui n&rsquo;ont pas manqu\u00e9 de r\u00e9cup\u00e9rer ses propos. Mettre sur le m\u00eame pied d&rsquo;\u00e9galit\u00e9 des envahisseurs qui m\u00e9prisaient la population locale avec les conqu\u00e9rants arabes qui ont diffus\u00e9 le message de l&rsquo;islam et qui ont propag\u00e9 la langue du Coran est un grand mensonge. L&rsquo;auteur oublie que ces conqu\u00e9rants qu&rsquo;il a qualifi\u00e9s d&rsquo;envahisseurs ont cr\u00e9\u00e9 plusieurs civilisations en Tunisie (\u00e0 Kairouan, Mahdia Tunis, etc.), en Afrique du Nord (Maroc et Andalousie) ou ailleurs (en Irak, etc.) o\u00f9 le plus souvent ils ont r\u00e9pandu un esprit de justice et d&rsquo;\u00e9galit\u00e9 parmi les populations locales. Et ce contrairement, par exemple, aux derniers envahisseurs (sous le protectorat fran\u00e7ais) qui ont institu\u00e9, parmi tant d&rsquo;autres mesures, le tiers colonial, faveur salariale au profit des fran\u00e7ais r\u00e9sidents en Tunisie ou des Tunisiens naturalis\u00e9s fran\u00e7ais. Inutile de remonter jusqu&rsquo;aux romains pour relater les exactions qui ont \u00e9t\u00e9 commises sur cette terre tunisienne par ces envahisseurs. Si la culture arabe a perdur\u00e9 en Tunisie, c&rsquo;est parce que ces conqu\u00e9rants ont \u00e9t\u00e9 les seuls \u00e0 propager un message de justice et \u00e0 s&rsquo;\u00eatre m\u00e9lang\u00e9s d\u00e9s leur arriv\u00e9e \u00e0 la population locale. La motivation de leur venue n&rsquo;\u00e9tait pas li\u00e9e \u00e0 un quelconque int\u00e9r\u00eat \u00e9conomique ou d&rsquo;asservissement des indig\u00e8nes. Ils sont venus pour propager leur religion dont la langue v\u00e9hiculaire est l&rsquo;arabe. Si le pr\u00e9sident Bourguiba (que l&rsquo;auteur qualifie \u00e0 juste titre de grand personnage) a insist\u00e9 \u00e0 l&rsquo;aube de l&rsquo;ind\u00e9pendance sur la \u00ab tunisiennet\u00e9 \u00bb du pays, ce n&rsquo;\u00e9tait point en contradiction avec le caract\u00e8re arabe de la Tunisie. Bourguiba a fait inscrire dans la constitution de 1959 que l&rsquo;islam \u00e9tait la religion du pays et que l&rsquo;arabe est sa langue officielle. S&rsquo;il avait prononc\u00e9 son c\u00e9l\u00e8bre \u00ab Balach ourouba \u00bb (Pas d&rsquo;Arabit\u00e9) devant le premier pr\u00e9sident alg\u00e9rien Ahmed Ben Bella, c&rsquo;\u00e9tait pour contrer les projets unionistes mal ficel\u00e9s des pro-Nasser. D&rsquo;ailleurs, Bourguiba \u00e9tait tr\u00e8s impliqu\u00e9 dans les affaires arabes, \u00e0 commencer par le dossier palestinien, comme en t\u00e9moigne son discours d&rsquo;Ariha (J\u00e9richo) en mars 1965. Par ailleurs, l&rsquo;auteur fait fausse route en imputant nos probl\u00e8mes quotidiens \u00e0 cette culture arabe. Les Arabes ne constituent pas un peuple homog\u00e8ne. Il y&rsquo;a des disparit\u00e9s certaines entre les pays arabes du Golfe, ceux du Moyen Orient et ceux du Maghreb. Il est facile d&rsquo;imputer tous les maux de la soci\u00e9t\u00e9 tunisienne aux cha\u00eenes satellitaires. Certaines de ces cha\u00eenes pr\u00e9sentent des d\u00e9bats d\u00e9mocratiques o\u00f9 la contradiction est aussi pr\u00e9sente que sur CNN ou France 2. L&rsquo;auteur regrette l&rsquo;\u00e9poque o\u00f9 les jeunes tunisiens regardaient plus Rai Uno ou France 2. Sans remettre en question la valeur de ces grandes cha\u00eenes europ\u00e9ennes, je constate que certaines cha\u00eenes arabes r\u00e9pondent aux standards internationaux les plus exigeants en mati\u00e8re de contenu (informations, d\u00e9bats, documentaires, etc.). Souvent, ces cha\u00eenes contest\u00e9es emploient des comp\u00e9tences occidentales de grande valeur. Je n&rsquo;ai jamais vu ces cha\u00eenes encourager la corruption, le chaos ou l&rsquo;hypocrisie, pour reprendre quelques maux cit\u00e9s par l&rsquo;auteur. Et puis, beaucoup de ces maux sont pr\u00e9sents dans les soci\u00e9t\u00e9s occidentales tant admir\u00e9es par l&rsquo;auteur. Le fait de regarder Rai Uno ou France 2 n&rsquo;a pas mis fin \u00e0 la corruption, \u00e0 la violence verbale ou aux abus en Italie ou en France ! Les vraies raisons des maux de la soci\u00e9t\u00e9 tunisienne sont \u00e0 rechercher ailleurs : d\u00e9mission de la famille, laxisme dans l&rsquo;application des lois (sur la route, dans les stades, dans les affaires de construction anarchique, etc.), dans le r\u00f4le \u00e0 jouer par le syst\u00e8me \u00e9ducatif qui n&rsquo;\u00e9duque plus, dans nos m\u00e9dias tunisiens (et non satellitaires arabes ou occidentaux), etc. Monsieur Ayech se dit citoyen du monde. Quand on l&rsquo;est, et avant d&rsquo;accepter l&rsquo;\u00ab Autre \u00bb, il faudrait commencer par s&rsquo;accepter. Et on ne peut revendiquer cette qualit\u00e9 si on d\u00e9verse sa haine envers une partie du monde (en l&rsquo;occurrence le monde arabe dans ce cas). Ce monde n&rsquo;est pas parfait et souffre de beaucoup de maux. N\u00e9anmoins, la situation n&rsquo;est pas fatale. Il suffit de faire un check up des vraies raisons. C&rsquo;est d\u00e9j\u00e0 la moiti\u00e9 du chemin ! On peut \u00eatre \u00e0 la fois tunisien, arabe, m\u00e9diterran\u00e9en, africain et citoyen du monde sans chercher des boucs \u00e9missaires ici et l\u00e0 \u00bb.  <strong>Naoufel Ben Rayana<\/strong>  Enseignant universitaire  \u00a0<\/div>\n<div align=\"justify\">\u00a0<\/div>\n<div align=\"justify\"> <strong><\/p>\n<h2 style=\"color: red;\"><font>\u00ab Amalgame entre religion et nationalisme \u00bb<\/font><\/h2>\n<p><\/strong> \u00ab Je tiens cher Monsieur \u00e0 confirmer vos id\u00e9es, en fait je me demande comment la Tunisie peut \u00eatre arabe, je pense que nous faisons un amalgame entre religion et nationalisme alors que d&rsquo;autres nations islamiques tel que le Pakistan, l&rsquo;Iran, l&rsquo;Indon\u00e9sie et la Malaisie ne se pr\u00e9tendent jamais arabes mais au contraire ils tiennent \u00e0 leur propre culture et identit\u00e9 nationale. Je crois que l&rsquo;id\u00e9e de culture arabe en Tunisie, est une illusion qu&rsquo;on a re\u00e7ue depuis notre enfance aliment\u00e9e par des m\u00e9dias tunisiens influenc\u00e9s par les grands courants politiques de l&rsquo;\u00e9poque et actuellement par les cha\u00eenes TV arabes.  Mais il suffit de partir dans un vrai pays arabe pour comprendre qu&rsquo;on n&rsquo;est que Tunisiens et qu&rsquo;on est fiers de l&rsquo;\u00eatre. En effet je vis depuis quelques mois dans un pays arabe et je travaille avec des coll\u00e8gues de plusieurs pays arabes, je suis le seul \u00e0 me sentir d\u00e9pays\u00e9. Je me retrouve dans une culture qui m&rsquo;est tr\u00e8s \u00e9trange, une culture de fermeture, de haine, d&rsquo;hypocrisie, de sexisme, d&rsquo;ignorance, et de malhonn\u00eatet\u00e9 cach\u00e9e derri\u00e8re une hyst\u00e9rie religieuse. Alors que j&rsquo;appartiens \u00e0 une culture d&rsquo;ouverture, d&rsquo;amour, de connaissance, de respect, d&rsquo;\u00e9galit\u00e9 entre homme et femme et avec une religion de tol\u00e9rance et de mod\u00e9ration \u00bb. <strong>Adnen Hidoussi<\/strong> <font><strong>\u00ab Merci \u00bb<\/strong> <\/font>\u00ab Mille milliards de merci pour ce que vous avez \u00e9crit! \u00bb Dr Sobhy Houissa  <font><strong>(Source : \u00ab Le Temps \u00bb (Quotidien \u2013 Tunis), le 14 septembre 2008)<\/strong><\/font> \u00a0<\/div>\n<div align=\"justify\">\n<hr\/>\n<\/div>\n<div align=\"center\"><strong><\/p>\n<p><font size=\"3\">Arrestation de plusieurs pr\u00e9sum\u00e9s terroristes en Mauritanie  Menace terroriste : r\u00e9elle ou amplifi\u00e9e ?<\/font><\/p>\n<p><\/strong> \u00a0<\/div>\n<div align=\"justify\">\u00a0<\/div>\n<div align=\"justify\"> \u00a0 dimanche 14 septembre 2008, par Panapress La police mauritanienne a arr\u00eat\u00e9 au cours des derni\u00e8res 24 heures une dizaine d\u2019islamistes, pr\u00e9sum\u00e9s terroristes proches de Al Qaida au Maghreb. Des attentats \u00e0 la voiture pi\u00e9g\u00e9e contre des \u00e9difices publics auraient \u00e9t\u00e9 envisag\u00e9s.  Une dizaine d\u2019individus ont \u00e9t\u00e9 arr\u00eat\u00e9s dans le cadre d\u2019une rafle globale touchant les milieux islamistes radicaux affili\u00e9s \u00e0 la branche r\u00e9gionale de Al Qaida au Maghreb arabe, suite \u00e0 des renseignements faisant \u00e9tat de l\u2019introduction en Mauritanie, \u00e0 partir du Mali et du sud alg\u00e9rien, de groupuscules terroristes d\u00e9termin\u00e9s \u00e0 commettre des attentats \u00e0 la voiture pi\u00e9g\u00e9e dans diff\u00e9rents endroits abritant des \u00e9difices publics. Certains parmi ces individus seraient connus des services de renseignements et avaient \u00e9t\u00e9 arr\u00eat\u00e9s dans le cadre d\u2019un coup de filet pr\u00e9c\u00e9dent ayant vis\u00e9 les milieux salafistes pr\u00e9sum\u00e9s terroristes, au mois de mai dernier. Ainsi, en fin de semaine un impressionnant dispositif s\u00e9curitaire avait \u00e9t\u00e9 d\u00e9ploy\u00e9 dans plusieurs quartiers de Nouakchott. Toutefois, dans de nombreux milieux, on reste relativement prudent par rapport \u00e0 la th\u00e8se d\u2019une probabilit\u00e9 d\u2019attentats sur le territoire national. Selon Isselmou Ould Moustapha, directeur de publication du journal \u00ab\u00a0Tahalil\u00a0\u00bb, consid\u00e9r\u00e9 comme un des plus grands sp\u00e9cialistes du mouvement terroriste en Mauritanie, les derni\u00e8res informations faisant \u00e9tat de l\u2019imminence d\u2019attentats terroristes rel\u00e8vent d\u2019une \u00ab\u00a0manipulation\u00a0\u00bb du nouveau pouvoir pour s\u2019attirer la sympathie des occidentaux dans un contexte politique difficile. Apr\u00e8s le coup d\u2019Etat militaire intervenu en Mauritanie le 6 ao\u00fbt 2008, la branche r\u00e9gionale d\u2019Al Qaida au Maghreb a prof\u00e9r\u00e9 des menaces d\u2019attentat contre la Mauritanie, rappelle-t-on.  (SOURCE: \u00ab\u00a0AFRIK.COM\u00a0\u00bb LE 14 SEPTEMBRE 2008) <\/p>\n<hr\/>\n<\/div>\n<\/div>\n<\/div>\n<div><span><font>Le bloc-Notes de Sami Ben Abdallah<\/font><\/span><br \/><span><\/p>\n<h2 style=\"color: red;\"><font size=\"3\">Du postmodernisme au kobzisme et le d\u00e9sespoir mobilisateur<\/font><\/h2>\n<p><\/span> \u00a0<\/div>\n<p> \u00a0 www.samibenabdallah.com  Les philosophes ont bien \u00e9crit des dizaines de livres, depuis les ann\u00e9es 80, l\u2019occident vit une nouvelle \u00e8re, celle du le postmodernisme . \u00ab<span>Le postmodernisme conna\u00eet son apog\u00e9e dans les ann\u00e9es 1980 jusqu&rsquo;\u00e0 la fin du mill\u00e9naire avec l&rsquo;av\u00e8nement de l&rsquo;ordinateur et d&rsquo;Internet. La r\u00e9volution technologique a \u00e9norm\u00e9ment boulevers\u00e9 la soci\u00e9t\u00e9. Ce courant est une r\u00e9action contre l&rsquo;id\u00e9e que l&rsquo;humanit\u00e9 est en progr\u00e8s constant vers le meilleur. On remet tout le progr\u00e8s accompli en cause. On critique les id\u00e9aux de la modernit\u00e9 utopique. Le capitalisme et le socialisme n&rsquo;ont pas su amener la paix et l&rsquo;\u00e9galit\u00e9. Les grandes luttes humanistes de la modernit\u00e9 telles que l&rsquo;\u00e9cologisme, le f\u00e9minisme et le pacifisme sont des luttes interminables<\/span> \u00bb.(1)  Le postmodernisme se caract\u00e9rise par la mont\u00e9e de l\u2019individualisme, l\u2019\u00e9go\u00efsme citoyen, la culture h\u00e9doniste, la soci\u00e9t\u00e9 exhibitionniste et voyeuriste (parmi tant d\u2019autres exemples, les sites comme facebook o\u00f9 on publie son journal intime publiquement, chose impensable il y a des ann\u00e9es), le lien prime sur le lien (on n\u2019ach\u00e8te plus un ordinateur pour faire du traitement de texte, mais pour communiquer gr\u00e2ce \u00e0 Internet). C\u2019est l\u2019\u00e8re du vide, les religions sont mortes et les id\u00e9ologies ont montr\u00e9 leurs limites.\u00a0\u00a0 L\u2019id\u00e9e de progresser pour une soci\u00e9t\u00e9 id\u00e9ale ne s\u00e9duit plus. L\u2019occident a tout essay\u00e9, rien ne marche. On ne r\u00eave plus de bonheur, on accepte une soci\u00e9t\u00e9 non pas \u00abid\u00e9ale \u00bb mais \u00abvivable \u00bb.   Sur le plan politique, c\u2019est l\u2019\u00e8re du \u00ab ninisme \u00bb (ni Droite ni gauche, on gouverne au Centre, disait Giscard D\u2019estaing, puis\u00a0 Mitterrand- \u00ab On a tout essay\u00e9 ! \u00bb- lors de son second mandat ou Balladur au d\u00e9but des ann\u00e9es 90). Chacun se cherche une nouvelle cause pour \u00abcroire \u00bb en quelque chose (en son \u00e9quipe de foot pr\u00e9f\u00e9r\u00e9e par exemple) ou se tourne vers le religieux pour remplir ce vide. La soci\u00e9t\u00e9 a pens\u00e9 qu\u2019en r\u00e9alisant la d\u00e9mocratie et\u00a0 les libert\u00e9s, il y aurait du bonheur. Beaucoup ont \u00e9t\u00e9 d\u00e9\u00e7u. Par cons\u00e9quent, la soci\u00e9t\u00e9 se \u00ab communautarise \u00bb, se d\u00e9compose et se recompose autour de causes ponctuelles,\u00a0 s\u2019invente de nouvelles causes\u00a0 capables de mobiliser des petites communaut\u00e9s (d\u2019o\u00f9 l\u2019apparition de groupes tels les gays, les la\u00efcs, les t\u00e9moins de J\u00e9hovah\u2026etc) car il n y a plus de cause mobilisatrice pour la majorit\u00e9. Ils se sont battus pour la d\u00e9mocratie, la libert\u00e9, la Gauche et la Droite, la majorit\u00e9 a \u00e9t\u00e9 d\u00e9\u00e7u.  <span>Le Kobzisme<\/span>  En Tunisie, nous appelons le postmodernisme : \u00ab le Kobzisme \u00bb. La soci\u00e9t\u00e9 tunisienne vit la m\u00eame fragmentation\u00a0 de la soci\u00e9t\u00e9 occidentale. Il y a une crise d\u2019id\u00e9aux et une crise morale. Plus personne n\u2019est capable de donner l\u2019exemple. Tout comme\u00a0 la soci\u00e9t\u00e9 occidentale, il n y a plus de rep\u00e8res et de coh\u00e9sion. \u00ab<span>L&rsquo;individualisme est dominant, car on vit pour soi. Il faut vivre avec le maximum de plaisir. Il faut vivre au jour le jour. Le cynisme est capital. Il faut toujours \u00eatre relatif. Il faut vivre rapidement, sans perdre de temps. Il faut retrouver une certaine spiritualit\u00e9<\/span> (2)\u00bb. Les Tunisiens et les Tunisiennes\u00a0 n\u2019ont rien invent\u00e9. Les sympt\u00f4mes d\u00e9crits\u00a0 existent aussi en occident.   Ce qui est probl\u00e9matique dans notre soci\u00e9t\u00e9, c\u2019est que nous avons fait un raccourci vers le postmodernisme sans vivre l\u2019\u00e9tape du modernisme car nous n\u2019avons\u00a0 pas connu\u00a0 la D\u00e9mocratie et\u00a0 la libert\u00e9. Nous avons connu des id\u00e9ologies diverses, le Bourguibisme, le Youssefisme, le nationalisme arabe, le communisme, l\u2019islamisme, le droit de l\u2019hommisme\u2026.Toutes ont \u00e9chou\u00e9 ou ont montr\u00e9 des limites.   Nous avons connu deux r\u00e9gimes et nous vivons deux cycles politiques qui se ressemblent : une premi\u00e8re \u00e9tape o\u00f9 le pouvoir a voulu changer les choses : sous Bourguiba de 1956 jusqu\u2019\u00e0 1962, sous Ben Ali de 1987\u00a0 jusqu\u2019\u00e0 1990.Ensuite un blocage de l\u2019ouverture politique suite \u00e0 deux tentatives\u00a0 de renverser le r\u00e9gime : en 1962 par des militaires et des youssefistes, au d\u00e9but des ann\u00e9es 90 par un noyau dur des islamistes et le groupe s\u00e9curitaire 2. Ensuite une phase de r\u00e9pression qui n\u2019a \u00e9pargn\u00e9 aucun courant politique : apr\u00e8s 1962, Bourguiba avait interdit tous les partis politiques y compris le parti communiste tunisien qui \u00e9tait \u00e0 l\u2019oppos\u00e9 ideologiquement parlant des youssefistes. Apr\u00e8s 1990, la gauche a \u00e9t\u00e9 r\u00e9prim\u00e9e \u00e0 son tour. Pourtant elle \u00e9tait \u00e0 l\u2019oppos\u00e9e id\u00e9ologiquement des islamistes.   Nous avons eu aussi les m\u00eames condamnations : sous Bourguiba, des \u00e9tudiants de l\u2019extr\u00eame gauche ont \u00e9t\u00e9 condamn\u00e9s \u00e0 plus de 10 ans de prison voir m\u00eame 14 ans. Idem pour les islamistes apr\u00e8s 1990.   Dans ce cycle politique qui se r\u00e9p\u00e8te, il y a eu une p\u00e9riode o\u00f9 la soci\u00e9t\u00e9 a v\u00e9cu sous une chape de plomb : jusqu\u2019\u00e0 1981 sous Bourguiba, de 1990 jusqu\u2019au d\u00e9but des ann\u00e9es 2000 avec l\u2019actuel r\u00e9gime. Ensuite\u00a0 une \u00e9tape de relative ouverture m\u00e9diatique (\u00e0 partir de 1981 sous Bourguiba et \u00e0 partir de 2000 sous M. Ben Ali) marqu\u00e9e par les m\u00eames sympt\u00f4mes : des troubles sociaux\u00a0 \u00e0 cause de difficult\u00e9s \u00e9conomiques, une grande demande de libert\u00e9s et d\u2019ouverture politique: (les \u00e9meutes du pain sous Bourguiba, et les \u00e9meutes de Redyef actuellement qui sont peut \u00eatre des signes pr\u00e9monitoires).   Nous connaissons enfin, les m\u00eames maux\u00a0 politiques : \u00ab un discours politique,\u00a0 qui para\u00eet aux yeux du commun des mortels surr\u00e9aliste, quand il \u00e9voque l\u2019Etat du Droit et des institutions, la primaut\u00e9 de la loi et des libert\u00e9s (le discours politique officiel aujourd\u2019hui ressemble \u00e9trangement \u00e0 celui tenu par le Roi Hassan II qui \u00e9voquait l\u2019Etat du droit et des institutions, soulignant qu\u2019il n y avait aucun prisonnier d\u2019opinion au Maroc et qu\u2019il s\u2019agissait uniquement de prisonniers de droit commun). Et sous Bourguiba, le discours politique paraissait aussi surr\u00e9aliste.   Enfin, les limites de ses deux strat\u00e9gies politiques sont visibles\u00a0 \u00e0 propos de la question et la transition d\u00e9mocratique et la succession (La pr\u00e9sidence \u00e0 vie, les amendements de la Constitution) .  Pareil constat explique en grande partie la\u00a0 \u00abd\u00e9mobilisation \u00bb qui rongent la majorit\u00e9 des Tunisiens (aussi bien pour le pouvoir dont le discours n\u2019est plus mobilisateur que pour l\u2019opposition). Le Tunisien ne croit plus en rien car il n\u2019a plus confiance en rien. Les discours sur la d\u00e9mocratie, la libert\u00e9, le militantisme, les lois suscitent la d\u00e9rision et l\u2019ironie plus qu\u2019autres choses. Il y a cet \u00e9chec que nous assumons tous \u00e0 divers degr\u00e9s, celui\u00a0 de la\u00a0 construction d\u2019un Etat ou peut \u00eatre m\u00eame l\u2019\u00e9chec de l\u2019id\u00e9e de la tunisiannit\u00e9 ou du patriotisme capable\u00a0 de f\u00e9d\u00e9rer les Tunisiens en les liant\u00a0 les uns aux autres. Il n y a pas eu l\u2019universalisme R\u00e9publicain, du coup il y a ce retour vers une conception tribale de la soci\u00e9t\u00e9 o\u00f9 ce qui lie les uns aux autres, c\u2019est le lien tribal ( En t\u00e9moigne la forte culture r\u00e9gionaliste en Tunisie et la haine qui sous-tend les rapports des uns aux autres, les Tunisiens du nord, ceux de la capitale, les Sah\u00e9liens, les Sfaxiens, ceux du Sud).   Le champ politique n\u2019\u00e9chappe pas \u00e0 cette fragmentation : du cot\u00e9 du pouvoir, chaque responsable d\u00e9cr\u00e8te ses propres lois et\u00a0 organise son clan. L\u2019intervention du Pr\u00e9sident de la R\u00e9publique pour corriger quelques dysfonctionnement est cens\u00e9e \u00eatre une exception, elle est devenue la r\u00e8gle. L\u2019application des lois qui existent pourtant, est devenue une exception. Du cot\u00e9 des oppositions, ce ne sont plus l\u2019id\u00e9e de s\u2019opposer au pouvoir ou le fait de\u00a0 d\u00e9fendre des valeurs ou des principes qui lient les opposants mais c\u2019est la logique de clans : chaque opposant s\u2019entoure de quelques courtisans\u00a0 et fonde son clan. Du coup, nous avons le clan d\u2019Ennahdha, des anciens d\u2019Ennahdha \u2013les anti-Ennahdha- qui sont d\u00e9\u00e7us de leur chef, un clan des droits de l\u2019homme, un lobby de journalistes d\u00e9fenseurs de droits de l\u2019homme qui fonctionnent selon une logique de clans, le clan de l\u2019opposition reconnue qui fait partie de la majorit\u00e9 pr\u00e9sidentielles, le clan des non reconnus, et ainsi de suite jusqu\u2019\u00e0 l\u2019infini, car deux personnes suffisent pour fonder un clan\u2026etc). La logique du clan est facile \u00e0 deviner : Se soutenir entre membres du m\u00eame clan et feu sur les autres.  Pareil constat inspire du pessimisme car quand les gens ne croient plus en rien, quand des mots d\u2019ordre tels que l\u2019Etat de droit, la d\u00e9mocratie et\u00a0 la libert\u00e9, ne mobilisent plus personne, il n y a que le d\u00e9sespoir qui\u00a0 devient mobilisateur.   Au niveau de la sociologie de la soci\u00e9t\u00e9 tunisienne, les comportements extr\u00e9mistes et\u00a0 excessifs\u00a0 ou les nouvelles maladies de la soci\u00e9t\u00e9 (la mont\u00e9e du c\u00e9libat, la prostitution dans les maisons closes au su et au vu de tout le monde, la pr\u00e9sence de bandes organis\u00e9es qui terrorisent des citoyens\u2026etc) sont des sympt\u00f4mes visibles de ce d\u00e9sespoir.   Au niveau politique, le d\u00e9sespoir peut mener \u00e0 la radicalisation, \u00e0 l\u2019extr\u00e9misme (l\u2019apparition de groupes jihadistes en Tunisie ou\u00a0 la radicalisation de jeunes qui \u00e9prouvent une sympathie pour ces derniers). Par ailleurs, le d\u00e9sespoir peut mener aussi \u00e0 la d\u00e9mission totale et \u00e0 la d\u00e9sertion.  Du coup, on arrive \u00e0 un\u00a0 cercle vicieux : \u00ab notre pays a besoin de l\u2019\u00e9nergie de tous ses enfants quels que soient leurs opinions politiques mais toutes ces \u00e9nergies sont gaspill\u00e9es ou bloqu\u00e9es car plus\u00a0 personne ne croit en rien \u00bb. Toutes les soci\u00e9t\u00e9s y compris en Occident, vivent\u00a0 ou ont connu les m\u00eames probl\u00e8mes que nous connaissons en Tunisie. Toutes y ont apport\u00e9 des solutions et nulles parts n\u2019est \u00e9crit qu\u2019il nous est interdit de s\u2019inspirer de ces solutions. Mais partout est \u00e9crit qu\u2019aucune soci\u00e9t\u00e9 n\u2019a r\u00e9solu ses probl\u00e8mes avec la police.  Par le pass\u00e9, le pouvoir a essay\u00e9 cette solution et pour quel r\u00e9sultat ? Une image catastrophique dans le monde, une peur qui bloque et qui ronge des milliers de Tunisiens et de Tunisiennes, une presse m\u00e9diocre (de l\u2019aveu du pr\u00e9sident de la R\u00e9publique), un discr\u00e9dit qui frappe tout discours politique quel qu\u2019il soit, des Tunisiens qui n\u2019ont plus confiance dans leur pays, qui ne veulent plus investir leurs \u00e9conomies en Tunisie, qui choisissent d\u2019autres nationalit\u00e9s (fran\u00e7aise, canadienne ou autres) pour se sentir en s\u00e9curit\u00e9 dans leur pays.  En occident, les philosophes pensent que la fin du Postmodernisme comme courant est proche pour donner naissance \u00ab <span>\u00e0 une nouvelle \u00e8re o\u00f9 les communications sont de plus en plus rapides. Cette \u00e8re sera marqu\u00e9e par la surinformation, c&rsquo;est-\u00e0-dire que l&rsquo;information voyage avant m\u00eame qu&rsquo;on n&rsquo;ait pu la traiter<\/span> \u00bb(3). C\u2019est dire\u00a0 les limites de cette politique du tout verrouillage que nous vivons en Tunisie, l\u2019urgence d\u2019une remise en question des logiques politiques qui ont r\u00e9gn\u00e9 jusque-l\u00e0 dans notre pays et la n\u00e9cessit\u00e9 d\u2019avoir une nouvelle approche des probl\u00e8mes.  A d\u00e9faut, il n y aura que le d\u00e9sespoir comme mobilisateur et nul ne sait\u00a0 ou cela peut conduire\u2026  (1)\u00a0 (2) et (3) : http:\/\/agora.qc.ca\/<\/div>\n<\/div>\n<\/div>\n<p>\u00a0<\/p>\n<\/div>\n<p><\/font><\/div>\n<\/div>\n<p align=\"center\" dir=\"ltr\">\n<h2 style=\"color: red;\"><font face=\"Arial\" size=\"2\"><strong><b><a href=\"http:\/\/www.tunisnews.net\/\"><font face=\"Arial\"><span><font size=\"2\">Home<\/font><\/span><font size=\"2\"><span lang=\"FR-CH\"> &#8211; Accueil <\/span><span>&#8211; <\/span><\/font><\/font><span dir=\"rtl\" lang=\"AR-SA\"><font size=\"2\">\u0627\u0644\u0631\u0626\u064a\u0633\u064a\u0629<\/font><\/span><\/a><\/b><\/strong><\/font><\/h2>\n<\/p>\n<p><\/body><\/body><\/html><\/p>\n","protected":false},"excerpt":{"rendered":"<p>Home &#8211; Accueil \u00a0 TUNISNEWS 8\u00a0\u00e8me ann\u00e9e, N\u00b0\u00a03033 du 14.09.2008 \u00a0archives : www.tunisnews.net\u00a0\u00a0 AISPP: Violations continuelles impunies ? Comit\u00e9 de Soutien National au Bassin Minier de Gafsa: Communiqu\u00e9 Appel des femmes de France\u00a0 Pour que la voix de Zakia Dhifaoui et de toutes les autres femmes Ne soit plus jamais \u00e9touff\u00e9e AFP: Tunisie : taux [&hellip;]<\/p>\n","protected":false},"author":1,"featured_media":22040,"comment_status":"open","ping_status":"open","sticky":false,"template":"","format":"standard","meta":{"inline_featured_image":false,"site-sidebar-layout":"default","site-content-layout":"","ast-site-content-layout":"default","site-content-style":"default","site-sidebar-style":"default","ast-global-header-display":"","ast-banner-title-visibility":"","ast-main-header-display":"","ast-hfb-above-header-display":"","ast-hfb-below-header-display":"","ast-hfb-mobile-header-display":"","site-post-title":"","ast-breadcrumbs-content":"","ast-featured-img":"","footer-sml-layout":"","ast-disable-related-posts":"","theme-transparent-header-meta":"","adv-header-id-meta":"","stick-header-meta":"","header-above-stick-meta":"","header-main-stick-meta":"","header-below-stick-meta":"","astra-migrate-meta-layouts":"default","ast-page-background-enabled":"default","ast-page-background-meta":{"desktop":{"background-color":"","background-image":"","background-repeat":"repeat","background-position":"center center","background-size":"auto","background-attachment":"scroll","background-type":"","background-media":"","overlay-type":"","overlay-color":"","overlay-opacity":"","overlay-gradient":""},"tablet":{"background-color":"","background-image":"","background-repeat":"repeat","background-position":"center center","background-size":"auto","background-attachment":"scroll","background-type":"","background-media":"","overlay-type":"","overlay-color":"","overlay-opacity":"","overlay-gradient":""},"mobile":{"background-color":"","background-image":"","background-repeat":"repeat","background-position":"center center","background-size":"auto","background-attachment":"scroll","background-type":"","background-media":"","overlay-type":"","overlay-color":"","overlay-opacity":"","overlay-gradient":""}},"ast-content-background-meta":{"desktop":{"background-color":"var(--ast-global-color-5)","background-image":"","background-repeat":"repeat","background-position":"center center","background-size":"auto","background-attachment":"scroll","background-type":"","background-media":"","overlay-type":"","overlay-color":"","overlay-opacity":"","overlay-gradient":""},"tablet":{"background-color":"var(--ast-global-color-5)","background-image":"","background-repeat":"repeat","background-position":"center center","background-size":"auto","background-attachment":"scroll","background-type":"","background-media":"","overlay-type":"","overlay-color":"","overlay-opacity":"","overlay-gradient":""},"mobile":{"background-color":"var(--ast-global-color-5)","background-image":"","background-repeat":"repeat","background-position":"center center","background-size":"auto","background-attachment":"scroll","background-type":"","background-media":"","overlay-type":"","overlay-color":"","overlay-opacity":"","overlay-gradient":""}},"footnotes":""},"categories":[],"tags":[61,39,29],"class_list":["post-16272","post","type-post","status-publish","format-standard","has-post-thumbnail","hentry","tag-61","tag-39","tag-fr"],"_links":{"self":[{"href":"https:\/\/tunisnews.net\/ar\/wp-json\/wp\/v2\/posts\/16272","targetHints":{"allow":["GET"]}}],"collection":[{"href":"https:\/\/tunisnews.net\/ar\/wp-json\/wp\/v2\/posts"}],"about":[{"href":"https:\/\/tunisnews.net\/ar\/wp-json\/wp\/v2\/types\/post"}],"author":[{"embeddable":true,"href":"https:\/\/tunisnews.net\/ar\/wp-json\/wp\/v2\/users\/1"}],"replies":[{"embeddable":true,"href":"https:\/\/tunisnews.net\/ar\/wp-json\/wp\/v2\/comments?post=16272"}],"version-history":[{"count":0,"href":"https:\/\/tunisnews.net\/ar\/wp-json\/wp\/v2\/posts\/16272\/revisions"}],"wp:featuredmedia":[{"embeddable":true,"href":"https:\/\/tunisnews.net\/ar\/wp-json\/wp\/v2\/media\/22040"}],"wp:attachment":[{"href":"https:\/\/tunisnews.net\/ar\/wp-json\/wp\/v2\/media?parent=16272"}],"wp:term":[{"taxonomy":"category","embeddable":true,"href":"https:\/\/tunisnews.net\/ar\/wp-json\/wp\/v2\/categories?post=16272"},{"taxonomy":"post_tag","embeddable":true,"href":"https:\/\/tunisnews.net\/ar\/wp-json\/wp\/v2\/tags?post=16272"}],"curies":[{"name":"wp","href":"https:\/\/api.w.org\/{rel}","templated":true}]}}