{"id":16255,"date":"2007-01-11T00:00:00","date_gmt":"2007-01-11T00:00:00","guid":{"rendered":"https:\/\/tunisnews.net\/11-janvier-2007\/"},"modified":"2007-01-11T00:00:00","modified_gmt":"2007-01-11T00:00:00","slug":"11-janvier-2007","status":"publish","type":"post","link":"https:\/\/tunisnews.net\/ar\/11-janvier-2007\/","title":{"rendered":"11 janvier 2007"},"content":{"rendered":"<p><html><head><meta content=\"text\/html\" description=\"  Ce jour-l\u00e0, il a re\u00e7u un message venant du portable d\u2019un ami \u00e0 lui, le \n  suppliant de \u00ab venir \u00e0 l\u2019h\u00f4pital \u00bb. Il est parti en voiture vers l\u2019h\u00f4pital et \n  depuis, nul ne l\u2019a revu, de m\u00eame que personne n\u2019a retrouv\u00e9 son v\u00e9hicule, une \n  Citro\u00ebn Berlingo immatricul\u00e9e : 2666 Tunis 114. \" http-equiv=\"Content-Type\"\/><\/head><body><body><\/p>\n<p align=\"center\">\u00a0<\/p>\n<p align=\"center\" dir=\"ltr\"><b><a href=\"http:\/\/www.tunisnews.net\/\"><span>Home<\/span><span lang=\"FR-CH\"> &#8211; Accueil <\/span><span>&#8211; <\/span><span dir=\"rtl\" lang=\"AR-SA\">\u0627\u0644\u0631\u0626\u064a\u0633\u064a\u0629<\/span><\/a><\/b><\/p>\n<div> <font face=\"Arial\" size=\"2\"> <\/p>\n<div>  <span lang=\"FR\"> <\/p>\n<div align=\"center\" dir=\"ltr\"> <font face=\"Arial\"><font size=\"2\"> <span lang=\"SV\"> <strong>TUNISNEWS<\/strong><\/span> <\/font><\/font> <\/div>\n<div align=\"center\" dir=\"ltr\"> <strong><font size=\"2\">7\u00a0\u00e8me\u00a0ann\u00e9e, <span lang=\"FR\">      N\u00b0\u00a02425 du 11.01.2007<\/span><\/font><\/strong><\/div>\n<p> <strong> <\/p>\n<div align=\"center\" dir=\"ltr\"> <b><span><blink> <font size=\"2\">\u00a0archives : <\/font> <a href=\"http:\/\/www.tunisnews.net\/\" target=\"_blank\" rel=\"noopener\"> <font size=\"2\" target=\"_blank\">www.tunisnews.net<\/font><\/a><\/blink><\/span><\/b><font size=\"2\"> <\/font> <\/div>\n<div align=\"center\" dir=\"ltr\"> <font size=\"2\"><\/p>\n<hr\/>\n<p> <\/font><\/div>\n<p> <\/strong><\/span><span lang=\"FR\"> <span lang=\"FR\"> <span lang=\"FR\"> <span lang=\"FR\"> <span lang=\"FR\"> <span><font size=\"2\"> <font size=\"2\"> <\/p>\n<div> <font size=\"2\"> <span lang=\"EN-GB\"> <\/p>\n<p><font><\/p>\n<p><font> <span lang=\"FR\"> <\/p>\n<div> <span> <st1:personname productid=\"La R\u00e9publique Tunisienne.\ufffcPa\" w:st=\"on\"> <font> <\/p>\n<div align=\"left\">\n<p>\u00a0<\/p>\n<\/div>\n<p> <\/font><\/st1:personname> <\/span><span> <st1:personname productid=\"La R\u00e9publique Tunisienne.\ufffcPa\" w:st=\"on\"> <span lang=\"EN-GB\"> <span lang=\"FR\"> <\/p>\n<div align=\"left\">\n<p><p><font face=\"Arial\" size=\"2\"><strong>Luiza Toscane:           Quid de Mohammed Amine Jaziri ??L\u2019inqui\u00e9tude des siens redouble depuis           sa disparition            <font>\u00a0Info Tunisie: \u00ab Le Jihad en Tunisie \u00bb :           Pr\u00e9cisions de source officielle \u00e0 Tunis<\/font>           \u00a0AP: Tunisie: les \u00ab\u00a0salafistes\u00a0\u00bb sont venus d&rsquo;Alg\u00e9rie, selon la presse           <font>\u00a0Le Figaro: La Tunisie aux prises avec al-Qaida<\/font>           \u00a0Abdel Wahab Hani: La source \u00ab autoris\u00e9e \u00bb anonyme mise \u00e0 nue.. La           v\u00e9rit\u00e9 triophe.. La libert\u00e9 vainquera..           <font>\u00a0Abdel Wahab Hani: La valse des remaniements           commence.. timidement..<\/font>           \u00a0Zitouni Mustpha: Autopsie d\u2019un mensonge d\u2019Etat           <font>\u00a0Tunisie, R\u00e9veille-toi: Citoyen : la soumission           et la d\u00e9cadence<\/font>           \u00a0Tunisie, R\u00e9veille-toi: Les \u00e9chos du Palais, l\u2019autre Palais           \u00a0<font>R\u00e9alit\u00e9s: La Tunisie menac\u00e9e, une nouvelle           fois, par le terrorisme<\/font>           \u00a0R\u00e9alit\u00e9s: Le mutisme g\u00eanant des autorit\u00e9s           \u00a0<font>AFP: Mauritanie: 3 membres pr\u00e9sum\u00e9s du GSPC           arr\u00eat\u00e9s avant le passage du Dakar<\/font>           \u00a0La revue Taw\u01cesul Tr\u00e8s prochainement aux kiosques           <font>\u00a0Le Temps : De plus en plus d&rsquo;\u00e9l\u00e8ves quittent le           public pour le priv\u00e9<\/font><\/strong><\/font><\/p>\n<p><span lang=\"FR\"><\/span><\/p>\n<\/div>\n<p> <\/span><\/span><\/st1:personname><\/span><\/div>\n<p> <\/span><\/font><\/p>\n<p> <\/font><\/p>\n<p><\/span><\/font><\/div>\n<p> <\/font><\/font><\/span><\/span><\/span><\/span><\/span><\/span> <\/div>\n<p> <\/font><\/div>\n<div>\n<hr\/>\n<\/div>\n<div align=\"center\"> <font face=\"Arial\" size=\"2\"><\/p>\n<h2 style=\"color: red;\"><font size=\"3\"><strong>Quid de   Mohammed Amine Jaziri ??      L\u2019inqui\u00e9tude des siens redouble depuis sa disparition (*)<\/strong><\/font><\/h2>\n<p><\/font><\/div>\n<div align=\"justify\"> <strong>Mohammed Amine Jaziri, un \u00e9tudiant licenci\u00e9 en droit demeurant \u00e0 Sidi   Bouzid, \u00e2g\u00e9 de 27 ans, mari\u00e9, a disparu depuis le 24 d\u00e9cembre 2006.    <\/strong>   Ce jour-l\u00e0, il a re\u00e7u un message venant du portable d\u2019un ami \u00e0 lui, le   suppliant de \u00ab venir \u00e0 l\u2019h\u00f4pital \u00bb. Il est parti en voiture vers l\u2019h\u00f4pital et   depuis, nul ne l\u2019a revu, de m\u00eame que personne n\u2019a retrouv\u00e9 son v\u00e9hicule, une   Citro\u00ebn Berlingo immatricul\u00e9e : 2666 Tunis 114.       Les siens apprendront par la suite que l\u2019ami en question \u00e9tait d\u00e9j\u00e0 arr\u00eat\u00e9,   donc entre les mains de la police, lorsque le fameux message a \u00e9t\u00e9 envoy\u00e9 et   d\u00e9duit que <strong><font>Mohammed Amine Jaziri<\/font><\/strong>   serait bien tomb\u00e9 dans un traquenard.      Sa famille a cherch\u00e9 \u00e0 savoir ce qui lui \u00e9tait arriv\u00e9. La police de Sidi   Bouzid a, en m\u00eame temps, ni\u00e9 le d\u00e9tenir, ne rien savoir de son devenir et dit   qu\u2019il \u00e9tait \u00ab accus\u00e9 \u00bb\u2026 sans toutefois donner une quelconque autre   information.      Sachant que le d\u00e9lai de garde \u00e0 vue de six jours maximum a expir\u00e9 depuis le 30   d\u00e9cembre 2006, les siens mettent tout en \u0153uvre pour le retrouver, craignant   pour son int\u00e9grit\u00e9 physique, d\u2019autant que<strong><font>   Mohammed Amine Jaziri<\/font><\/strong> est sujet \u00e0 des crises d\u2019asthme, et   redoutant des mauvais traitements.       Sa famille exige la v\u00e9rit\u00e9, toute la v\u00e9rit\u00e9.      <strong>(*) La disparition de M. A. Jaziri a \u00e9t\u00e9 \u00e9voqu\u00e9e dans un communiqu\u00e9 du   CNLT du 4 janvier 2007<\/strong> <strong><font>Luiza Toscane<\/font><\/strong>   10 janvier 2007<\/div>\n<div align=\"justify\">\n<hr\/>\n<\/div>\n<div align=\"justify\">  \u00a0<\/div>\n<p align=\"center\"><b><span lang=\"FR\"><font size=\"3\">\u00ab\u00a0Le Jihad en Tunisie\u00a0\u00bb : Pr\u00e9cisions de source officielle \u00e0 Tunis<\/font><\/span><\/b><\/p>\n<p align=\"justify\"><span lang=\"FR\">\u00a0<\/span><\/p>\n<p align=\"justify\"><span lang=\"FR\">Certains organes de presse ont reproduit un communiqu\u00e9 \u00e9manant d&rsquo;une soi-disant \u00ab\u00a0Jeunesse pour l&rsquo;unicit\u00e9 et le Jihad en Tunisie\u00a0\u00bb, au sujet des dangereux criminels r\u00e9cemment neutralis\u00e9s par les Forces de l&rsquo;ordre.<\/span><\/p>\n<p align=\"justify\"><span lang=\"FR\">\u00a0<\/span><\/p>\n<p align=\"justify\"><span lang=\"FR\">Il s&rsquo;est av\u00e9r\u00e9, apr\u00e8s enqu\u00eate, que ce groupe n&rsquo;a pas d&rsquo;existence r\u00e9elle, et que le pr\u00e9tendu communiqu\u00e9 n&rsquo;est en r\u00e9alit\u00e9 qu&rsquo;un texte r\u00e9dig\u00e9 et diffus\u00e9 sur Internet et dans certains organes de presse par deux individus r\u00e9sidant en Tunisie.<\/span><\/p>\n<p align=\"justify\"><span lang=\"FR\">\u00a0<\/span><\/p>\n<p align=\"justify\"><span lang=\"FR\">Ces deux individus ont \u00e9t\u00e9 identifi\u00e9s et arr\u00eat\u00e9s par les autorit\u00e9s, et ont reconnu avoir r\u00e9dig\u00e9 et diffus\u00e9 ce texte en guise de mauvaise plaisanterie, et dans le but de manipuler et d&rsquo;induire en erreur les organes de presse et l&rsquo;opinion publique.<\/span><\/p>\n<p align=\"justify\"><span lang=\"FR\">\u00a0<\/span><\/p>\n<p align=\"justify\"><span lang=\"FR\">Les autorit\u00e9s tunisiennes s&rsquo;\u00e9tonnent de l&#8217;empressement de certains m\u00e9dias \u00e0 publier un communiqu\u00e9 d&rsquo;une entit\u00e9 inexistante, sans aucune v\u00e9rification, comme le requi\u00e8rent les exigences professionnelles. <\/span><\/p>\n<p align=\"justify\"><span lang=\"FR\">\u00a0<\/span><\/p>\n<p align=\"justify\"><span lang=\"FR\">Il est \u00e9vident qu&rsquo;un tel empressement ne sert point la cr\u00e9dibilit\u00e9 des m\u00e9dias, et porte atteinte au droit du public \u00e0 une information correcte et pr\u00e9cise. Pire, l&rsquo;inattention face aux usages abusifs et d\u00e9lictuels des nouvelles technologies de l&rsquo;information et des mass-m\u00e9dias est de nature \u00e0 contribuer \u00e0 la propagation d&rsquo;id\u00e9es extr\u00e9mistes incitant \u00e0 la violence et au terrorisme.<\/span><\/p>\n<p align=\"justify\"><span lang=\"FR\">\u00a0<\/span><\/p>\n<p align=\"justify\"><b><span lang=\"FR-CH\">(Source\u00a0: <a href=\"http:\/\/www.infotunisie.com\/\" target=\"_blank\" rel=\"noopener\">www.infotunisie.com<\/a> (officiel), le <\/span><span lang=\"FR\">11 Janvier 2007)<\/span><\/b><\/p>\n<div align=\"justify\">\n<hr\/>\n<\/div>\n<div align=\"justify\"> <font> <\/p>\n<p align=\"center\"> <span lang=\"FR-CH\"><font size=\"3\"> <strong>Tunisie: les \u00ab\u00a0salafistes\u00a0\u00bb sont venus d&rsquo;Alg\u00e9rie, selon la presse<\/strong><\/font><\/span><\/p>\n<p> <span lang=\"FR-CH\"><font size=\"3\"> <strong>\u00a0<\/strong><\/font><\/span><\/p>\n<p> <span lang=\"FR-CH\"> <font>Associated Press, le 11.01.2007 \u00e0 17h23<\/font><\/span><\/p>\n<p> <span lang=\"FR-CH\"> <font>\u00a0<\/font><\/span><\/p>\n<p> <span lang=\"FR-CH\"> <font>Le groupe arm\u00e9 mis r\u00e9cemment hors d&rsquo;\u00e9tat de nuire par   les forces de s\u00e9curit\u00e9 tunisiennes apr\u00e8s des affrontements acharn\u00e9s sans   pr\u00e9c\u00e9dent, s&rsquo;est infiltr\u00e9 en Tunisie \u00e0 travers les fronti\u00e8res alg\u00e9riennes,   rapporte jeudi le quotidien \u00ab\u00a0Achourouk\u00a0\u00bb.<\/font><\/span><\/p>\n<p> <span lang=\"FR-CH\"> <font>\u00a0<\/font><\/span><\/p>\n<p> <span lang=\"FR-CH\"> <font>\u00ab\u00a0Tous les \u00e9l\u00e9ments du groupe se sont infiltr\u00e9s par   petits groupes \u00e0 travers la fronti\u00e8re alg\u00e9rienne\u00a0\u00bb, longue de plus de 1.000   kilom\u00e8tres, assure-t-il.<\/font><\/span><\/p>\n<p> <span lang=\"FR-CH\"> <font>\u00a0<\/font><\/span><\/p>\n<p> <span lang=\"FR-CH\"> <font>Les accrochages se sont sold\u00e9s par 12 morts et 15   arrestations, d&rsquo;apr\u00e8s le dernier bilan officiel qui ne pr\u00e9cise pas cependant   s&rsquo;il y a eu des victimes du c\u00f4t\u00e9 des forces de s\u00e9curit\u00e9 ni leur nombre, \u00e0   l&rsquo;exception de deux bless\u00e9s atteints lors de la premi\u00e8re fusillade du 23   d\u00e9cembre dernier.<\/font><\/span><\/p>\n<p> <span lang=\"FR-CH\"> <font>\u00a0<\/font><\/span><\/p>\n<p> <span lang=\"FR-CH\"> <font>Selon le journal, les membres du groupe \u00e9taient   \u00ab\u00a0\u00e9troitement surveill\u00e9s par les services de s\u00e9curit\u00e9 qui planifiaient de les   cerner pour les ma\u00eetriser une fois regroup\u00e9s\u00a0\u00bb.<\/font><\/span><\/p>\n<p> <span lang=\"FR-CH\"> <font>\u00a0<\/font><\/span><\/p>\n<p> <span lang=\"FR-CH\"> <font>Se r\u00e9f\u00e9rant \u00e0 \u00ab\u00a0des sources bien inform\u00e9es\u00a0\u00bb, ce quotidien   priv\u00e9, proche du pouvoir, confirme que le groupe dont les membres sont   qualifi\u00e9s par les autorit\u00e9s de \u00ab\u00a0dangereux criminels\u00a0\u00bb est li\u00e9 \u00e0 la mouvance   salafiste qui s&rsquo;active et op\u00e8re sous diff\u00e9rentes appellations dont le Groupe   salafiste pour le combat et la pr\u00e9dication (GSPC) alg\u00e9rien et le Groupe   islamique combattant (GIC) marocain.<\/font><\/span><\/p>\n<p> <span lang=\"FR-CH\"> <font>\u00a0<\/font><\/span><\/p>\n<p> <span lang=\"FR-CH\"> <font>La m\u00eame version est relay\u00e9e par l&rsquo;hebdomadaire   ind\u00e9pendant \u00ab\u00a0Akhbar Al Joumhouria\u00a0\u00bb qui fait \u00e9tat de la pr\u00e9sence dans le groupe   d&rsquo;un Mauritanien. Celui-ci dont l&rsquo;identit\u00e9 n&rsquo;est pas r\u00e9v\u00e9l\u00e9e semble avoir   trouv\u00e9 la mort alors qu&rsquo;il accompagnait le num\u00e9ro deux du groupe Rabi\u00e2 Bacha,   originaire de la ville de Soliman, situ\u00e9e \u00e0 moins de 40km de Tunis, th\u00e9\u00e2tre   d&rsquo;intenses affrontements le 3 janvier.<\/font><\/span><\/p>\n<p> <span lang=\"FR-CH\"> <font>\u00a0<\/font><\/span><\/p>\n<p> <span lang=\"FR-CH\"> <font>\u00ab\u00a0De tels groupes que d&rsquo;aucuns consid\u00e8rent comme \u00e9tant le   bras de l&rsquo;organisation Al-Qa\u00efda (d&rsquo;Oussama ben Laden) s&rsquo;activent dans la   r\u00e9gion du Maghreb arabe et s&#8217;emploie \u00e0 recruter des jeunes et \u00e0 les entra\u00eener   pour perp\u00e9trer des op\u00e9rations terroristes dans leurs pays d&rsquo;origine pour les   d\u00e9stabiliser et y semer l&rsquo;ins\u00e9curit\u00e9\u00a0\u00bb, ajoute \u00ab\u00a0Achourouk\u00a0\u00bb.<\/font><\/span><\/p>\n<p> <span lang=\"FR-CH\"> <font>\u00a0<\/font><\/span><\/p>\n<p> <span lang=\"FR-CH\"> <font>\u00ab\u00a0Le plan visait \u00e0 les capturer vivants pour enqu\u00eater   avec eux et d\u00e9voiler leurs desseins\u00a0\u00bb, ajoute-t-il.<\/font><\/span><\/p>\n<p> <span lang=\"FR-CH\"> <font>\u00a0<\/font><\/span><\/p>\n<p> <span lang=\"FR-CH\"> <font>Selon \u00ab\u00a0Akhbar Al Joumhouria\u00a0\u00bb, ils comptaient s&rsquo;en   prendre \u00e0 des installations \u00e9conomiques et touristiques.<\/font><\/span><\/p>\n<p> <span lang=\"FR-CH\"> <font>\u00a0<\/font><\/span><\/p>\n<p> <span lang=\"FR-CH\"> <font>\u00ab\u00a0Achourouk\u00a0\u00bb attribue par ailleurs l&rsquo;intensit\u00e9 des   \u00e9changes de tirs \u00e0 la possession par ce groupe d&rsquo;armes automatiques, des   lance-roquettes de type RPJ et de mitrailleuses qui seraient des kalachnikov,   notant que les membres du groupe portaient des gilets pare-balles.<\/font><\/span><\/p>\n<p> <span lang=\"FR-CH\"> <font>\u00a0<\/font><\/span><\/p>\n<p> <span lang=\"FR-CH\"> <font>Le journal avance que l&rsquo;enqu\u00eate men\u00e9e avec les \u00e9l\u00e9ments   arr\u00eat\u00e9s est \u00ab\u00a0\u00e0 un stade tr\u00e8s avanc\u00e9\u00a0\u00bb.<\/font><\/span><\/p>\n<p> <span lang=\"FR-CH\"> <font>\u00a0<\/font><\/span><\/p>\n<p> <span lang=\"FR-CH\"> <font>L&rsquo;Associated Press a appris que des pr\u00e9cisions et des   informations d\u00e9taill\u00e9es seront d\u00e9voil\u00e9es vendredi par les autorit\u00e9s sur cette   affaire.<\/font><\/span><\/p>\n<p> <span lang=\"FR-CH\"> <font>\u00a0<\/font><\/span><\/p>\n<p> <span lang=\"FR-CH\"><strong> <font>Associated Press<\/font><\/strong><\/span><\/p>\n<p><\/font><\/div>\n<div align=\"justify\">   \u00a0<\/div>\n<div align=\"justify\">\n<hr\/>\n<\/div>\n<div align=\"center\">\n<h2 style=\"color: red;\"><font size=\"3\"><strong>La Tunisie aux prises avec al-Qaida<\/strong><\/font><\/h2>\n<\/div>\n<p><font size=\"3\"><\/p>\n<div align=\"justify\"> <strong><font>De notre envoy\u00e9e sp\u00e9ciale \u00e0 Tunis ARIELLE   THEDREL<\/font><\/strong><\/div>\n<div align=\"justify\"> <strong>Les autorit\u00e9s tentent de minimiser les r\u00e9cents affrontements entre   plusieurs centaines de militaires et un groupe de terroristes dirig\u00e9 par un   ancien d&rsquo;Afghanistan.      <font>Le 3 janvier, traqu\u00e9s par les forces de l&rsquo;ordre, les   terroristes, qui pr\u00e9voyaient de s&rsquo;attaquer aux ambassades am\u00e9ricaines et   britanniques ainsi qu&rsquo;au centre commercial Carrefour, trouvent refuge dans   cette villa en construction \u00e0 l&rsquo;entr\u00e9e de Soliman. Douze d&rsquo;entre eux seront   tu\u00e9s et quinze arr\u00eat\u00e9s. Belaid\/AFP<\/font><\/strong>      QUADRILL\u00c9E par des policiers en civil, Soliman semble frapp\u00e9e d&rsquo;amn\u00e9sie. Dix   jours apr\u00e8s les myst\u00e9rieux affrontements qui ont oppos\u00e9 un groupe arm\u00e9 \u00e0   plusieurs centaines, voire plusieurs milliers de policiers, gendarmes et   militaires, les habitants de cette petite ville ordinaire, situ\u00e9e \u00e0 une   trentaine de kilom\u00e8tres au sud de Tunis, restent obstin\u00e9ment muets. Dans le   quartier r\u00e9sidentiel du 1er-Juin &#8211; une succession de pavillons noy\u00e9s dans les   citronniers et les orangers -, seuls des impacts de balles sur la fa\u00e7ade d&rsquo;une   \u00e9l\u00e9gante villa blanche aux volets clos d\u00e9tonnent. C&rsquo;est ici que, dans la nuit   du 2 au 3 janvier, s&rsquo;est achev\u00e9e une incroyable course-poursuite qui a plong\u00e9   les Tunisiens en \u00e9tat de choc. Le black-out des autorit\u00e9s demeure jusqu&rsquo;ici   total, mais les fuites, qui se multiplient, ne laissent aucun doute. L&rsquo;ombre   d&rsquo;al-Qaida plane sur la douce et paisible Tunisie. Les \u00ab trafiquants de drogue   \u00bb, pr\u00e9sent\u00e9s ensuite comme de \u00ab dangereux criminels \u00bb, \u00e9taient en r\u00e9alit\u00e9 des   djihadistes.      D&rsquo;abord, les faits. Une traque qui va durer treize jours sur un p\u00e9rim\u00e8tre   d&rsquo;une quinzaine de kilom\u00e8tres carr\u00e9s, aux portes de la capitale. Voici le film   des \u00e9v\u00e9nements tels qu&rsquo;ils ont \u00e9t\u00e9 relat\u00e9s au Figaro par une source proche des   milieux gouvernementaux. Tout commence le samedi 23 d\u00e9cembre vers 18 h 30, \u00e0   l&rsquo;entr\u00e9e de Borj el-Sedria, une localit\u00e9 plus ou moins touristique, situ\u00e9e   entre Tunis et Hammamet. Les occupants d&rsquo;une voiture de location refusent de   se plier \u00e0 un contr\u00f4le de la garde nationale (gendarmerie), qui se met \u00e0 la   poursuite du v\u00e9hicule. Les fuyards se r\u00e9fugient quelques kilom\u00e8tres plus loin   dans une maison de la localit\u00e9 de Bir el-Bey. Ils y retrouvent des compagnons   arm\u00e9s. Premier \u00e9change de tirs. Bilan : deux bless\u00e9s parmi les gendarmes, un   mort parmi le groupe arm\u00e9. Le chef de la bande, un certain Lassad Sassi, est   lui aussi gravement bless\u00e9. Il va succomber quelques jours plus tard, malgr\u00e9   deux interventions chirurgicales.      <strong><font>Un impressionnant stock d&rsquo;armes<\/font><\/strong>      Les autres \u00e9l\u00e9ments du groupe arm\u00e9 parviennent \u00e0 s&rsquo;enfuir. Ils se replient   dans le massif bois\u00e9 environnant du Djebel Resas (la montagne de plomb).   Entre-temps, la police d\u00e9couvre dans la maison abandonn\u00e9e une trentaine de   matelas, des provisions en abondance et un impressionnant stock d&rsquo;armes :   kalachnikovs, pistolets, explosifs. \u00ab De quoi provoquer un bain de sang \u00bb,   affirme cette source inform\u00e9e. Appel\u00e9es en renforts, des troupes d&rsquo;\u00e9lite et   des forces arm\u00e9es, appuy\u00e9es par des h\u00e9licopt\u00e8res, commencent \u00e0 ratisser la   zone.      Dans la nuit du 3 janvier, le groupe parvient \u00e0 se glisser entre les mailles   du filet pour gagner le bourg voisin de Soliman. Le lieutenant de Sassi, Rabia   Bacha, est originaire de cette localit\u00e9. Accompagn\u00e9 d&rsquo;un de ses compagnons,   Bacha se rend vers 4 heures du matin dans le quartier du 1er-Juin, o\u00f9 habitent   ses parents. Son p\u00e8re, un enseignant \u00e0 la retraite, est souffrant. Le reste de   la bande attend les deux hommes un kilom\u00e8tre plus loin, dans une maison en   construction isol\u00e9e \u00e0 l&rsquo;entr\u00e9e de la ville. Alors que Bacha s&rsquo;appr\u00eate \u00e0   p\u00e9n\u00e9trer chez lui, des policiers, planqu\u00e9s dans la maison d&rsquo;en face, ouvrent   le feu. L&rsquo;\u00e9change de tirs va durer deux heures. Bacha et son compagnon sont   abattus. Les forces de s\u00e9curit\u00e9 lancent ensuite un ultime assaut contre le   reste du groupe. Bilan officiel : douze morts et quinze arrestations.      Ce groupe arm\u00e9 est compos\u00e9 d&rsquo;une trentaine de jeunes \u00e2g\u00e9s de 18 \u00e0 25 ans.   Selon les premiers \u00e9l\u00e9ments de l&rsquo;enqu\u00eate en cours, tous sont de nationalit\u00e9   tunisienne, \u00e0 l&rsquo;exception d&rsquo;un ressortissant mauritanien. Leur \u00ab \u00e9mir \u00bb,   Lassad Sassi, 35 ans, \u00e9tait un ancien officier de la garde nationale. Il a   d\u00e9missionn\u00e9 il y a dix ans pour partir en Afghanistan. Il aurait peut-\u00eatre   \u00e9galement combattu en Tch\u00e9tch\u00e9nie.      <strong><font>Des s\u00e9jours dans les maquis alg\u00e9riens du GSPC<\/font><\/strong>      Rabia Bacha, son lieutenant, \u00e2g\u00e9 de 22 ans, \u00e9tait issu de la classe moyenne.   Apr\u00e8s avoir obtenu son bac, il a \u00e9tudi\u00e9 dans un lyc\u00e9e agricole de Sidi Bouzid   (260 km au sud-ouest de Tunis). C&rsquo;est dans cette localit\u00e9 qu&rsquo;il aurait \u00e9t\u00e9 \u00ab   recrut\u00e9 \u00bb. Bacha a effectu\u00e9 plusieurs s\u00e9jours dans les maquis alg\u00e9riens du   GSPC. Le groupe \u00e9tait implant\u00e9 depuis d\u00e9j\u00e0 plusieurs semaines, voire plusieurs   mois, dans le petit massif montagneux qui surplombe les agglom\u00e9rations   d&rsquo;Hamman-Lif, Hamman-Chatt et Soliman. La maison de Bir el-Bey, o\u00f9 s&rsquo;est   d\u00e9roul\u00e9 le premier accrochage, leur servait de QG. Le groupe l&rsquo;avait lou\u00e9e il   y a deux mois. Il y pr\u00e9parait plusieurs attentats pour le 31 d\u00e9cembre. Parmi   les sites vis\u00e9s figuraient, selon des informations non confirm\u00e9es, les   ambassades britannique et am\u00e9ricaine, des centres commerciaux \u00e0 Tunis &#8211; celui   notamment de Carrefour -, de grands h\u00f4tels de la capitale et du cap Bon. \u00ab   Nous avons fr\u00f4l\u00e9 la catastrophe \u00bb, a reconnu en priv\u00e9 un haut responsable   gouvernemental. Le mat\u00e9riel retrouv\u00e9 sugg\u00e8re que ces terroristes envisageaient   une op\u00e9ration kamikaze. Leur puissance de feu, le professionnalisme des   leaders du groupe, leur d\u00e9termination ont surpris les forces de s\u00e9curit\u00e9. La   source cit\u00e9e pr\u00e9c\u00e9demment confirme leur affiliation \u00e0 la n\u00e9buleuse al-Qaida.      Bien des zones d&rsquo;ombre subsistent. Comment, dans un \u00c9tat aussi \u00ab s\u00e9curis\u00e9 \u00bb   que l&rsquo;est la Tunisie, ont-ils pu circuler aussi longtemps impun\u00e9ment, qui plus   est aux portes de la capitale et \u00e0 proximit\u00e9 d&rsquo;une zone touristique sous haute   surveillance ? Comment ont-ils fait entrer les armes en Tunisie, par la   fronti\u00e8re alg\u00e9rienne, \u00e0 bord de conteneurs destin\u00e9s au march\u00e9 parall\u00e8le ? Et   quelle est la v\u00e9ritable ampleur de ce r\u00e9seau terroriste ? \u00c0 en croire la m\u00eame   source, les services de s\u00e9curit\u00e9 n&rsquo;excluent pas l&rsquo;existence de cellules   dormantes.         Le dispositif policier mis en place tout autour du cap Bon a \u00e9t\u00e9 all\u00e9g\u00e9 au   d\u00e9but de la semaine, mais de nombreux barrages ont \u00e9t\u00e9 maintenus sur les   routes qui m\u00e8nent de Tunis \u00e0 Hammamet. Depuis dix jours, la police a proc\u00e9d\u00e9 \u00e0   des dizaines d&rsquo;arrestations dans tout le pays. Une organisation jusqu&rsquo;ici   inconnue, le \u00ab Groupe pour l&rsquo;unification de la Guerre sainte \u00bb, a publi\u00e9 lundi   un communiqu\u00e9 sur un site Internet. Elle se solidarise avec le groupe arm\u00e9   appr\u00e9hend\u00e9 et d\u00e9nonce la campagne \u00ab scandaleuse \u00bb du gouvernement tunisien   contre le port du voile. Ce communiqu\u00e9 n&rsquo;a pas \u00e9t\u00e9 authentifi\u00e9.      <\/p>\n<h2 style=\"color: red;\"><font><strong>Les limites de la politique s\u00e9curitaire de Ben   Ali<\/strong> <\/font><\/h2>\n<p><font><strong>Pour le r\u00e9gime de Zine\u00ad el-Abidine Ben   Ali, qui se vantait d&rsquo;avoir \u00e9radiqu\u00e9 les d\u00e9mons du fondamentalisme, les   \u00e9v\u00e9nements de la semaine pass\u00e9e sonnent comme un camouflet.       En 1990, \u00e9branl\u00e9 par le succ\u00e8s \u00e9lectoral du mouvement islamiste Ennahdha aux   l\u00e9gislatives de 1989, le pr\u00e9sident tunisien avait pris le parti d&rsquo;\u00e9liminer   cette organisation de la sc\u00e8ne politique. \u00c0 l&rsquo;\u00e9poque, il avait proc\u00e9d\u00e9 \u00e0 une   vague massive d&rsquo;arrestations.      Dans la foul\u00e9e, le r\u00e9gime avait mis au pas l&rsquo;opposition d\u00e9mocratique et r\u00e9duit   la libert\u00e9 d&rsquo;expression \u00e0 sa portion congrue.       Une d\u00e9rive autoritaire que la France et les \u00c9tats-Unis lui ont pardonn\u00e9e, au   nom de la lutte contre le terrorisme. Ennahdha a \u00e9t\u00e9 d\u00e9capit\u00e9. Bon nombre de   ses dirigeants ont croupi des ann\u00e9es en prison ou ont choisi l&rsquo;exil, mais   l&rsquo;id\u00e9ologie islamiste conserve de nombreux sympathisants.       Une partie de l&rsquo;opposition tunisienne pr\u00e9conise, aujourd&rsquo;hui, de r\u00e9int\u00e9grer   les islamistes mod\u00e9r\u00e9s dans le champ politique, pour encadrer une base   susceptible de se laisser s\u00e9duire par un courant radical qui ne se reconna\u00eet   pas dans les dirigeants d&rsquo;Ennahdha qu&rsquo;ils accusent d&rsquo;apostasie.       Les Am\u00e9ricains encourageraient un tel processus. Quelque 350 prisonniers   politiques, en majorit\u00e9 islamistes, ont \u00e9t\u00e9 lib\u00e9r\u00e9s l&rsquo;an dernier, mais   l&rsquo;opposition d\u00e9mocratique craint que la d\u00e9couverte d&rsquo;un r\u00e9seau terroriste   n&rsquo;entra\u00eene un nouveau durcissement du r\u00e9gime.   <\/strong><\/font>   A.T      <strong><\/p>\n<h2 style=\"color: red;\"><font>D&rsquo;Alg\u00e9rie, les terroristes essaiment dans le   Maghreb<\/font><\/h2>\n<p><\/strong>      Avec ses voisins, la Tunisie, si proche de l&rsquo;Europe, est une base arri\u00e8re   id\u00e9ale pour les djihadistes.      Le GSPC alg\u00e9rien (Groupe salafiste pour la pr\u00e9dication et le combat), ralli\u00e9   officiellement depuis le 11 septembre 2006 \u00e0 al-Qaida, aurait re\u00e7u pour   mission de f\u00e9d\u00e9rer les groupes islamistes des pays du Maghreb. Telle est   l&rsquo;hypoth\u00e8se des renseignements espagnols et marocains. Affaibli par les coups   de boutoir de l&rsquo;arm\u00e9e alg\u00e9rienne, le GSPC se serait ainsi trouv\u00e9 un nouveau   fonds de commerce : former des professionnels du djihad charg\u00e9s, selon   l&rsquo;id\u00e9ologue d&rsquo;al-Qaida, Ayman al-Zawahari, d&rsquo;enfoncer \u00ab un os dans la gorge   des crois\u00e9s am\u00e9ricains et fran\u00e7ais \u00bb. Dans un communiqu\u00e9 publi\u00e9 cette semaine,   le GSPC a de nouveau appel\u00e9 \u00e0 des attentats contre les int\u00e9r\u00eats fran\u00e7ais.      L&rsquo;attentat revendiqu\u00e9 \u00e0 la mi-d\u00e9cembre par le GSPC contre une filiale   d&rsquo;Halliburton \u00e0 Bouchaoui (15 kilom\u00e8tres d&rsquo;Alger) a confirm\u00e9 le changement de   strat\u00e9gie de ce groupe concentr\u00e9 jusqu&rsquo;ici sur le djihad local. Depuis   plusieurs ann\u00e9es, les \u00e9trangers n&rsquo;avaient plus \u00e9t\u00e9 cibl\u00e9s par le terrorisme en   Alg\u00e9rie. Selon des experts, le lieu de l&rsquo;attentat &#8211; un quartier hautement   s\u00e9curis\u00e9 &#8211; et le mode op\u00e9ratoire, qui supposait des moyens militaires   performants, sugg\u00e8rent que le GSPC a retrouv\u00e9 une partie de sa force de frappe.      <strong><font>R\u00e9gime \u00ab m\u00e9cr\u00e9ant \u00bb   <\/font><\/strong>   Cette \u00ab internationalisation \u00bb du GSPC a \u00e9t\u00e9 m\u00e9diatis\u00e9e par le groupe lui-m\u00eame,   dans une vid\u00e9o montrant des combattants alg\u00e9riens, marocains, tunisiens,   libyens et mauritaniens fraterniser sous la banni\u00e8re d&rsquo;al-Qaida.      Le projet d&rsquo;al-Qaida de s&rsquo;implanter dans les pays du Maghreb s&rsquo;expliquerait   par la proximit\u00e9 g\u00e9ographique d&rsquo;une Europe qui abrite d&rsquo;importantes   communaut\u00e9s nord-africaines, et par la pr\u00e9sence dans les pays du Maghreb de   cibles \u00e9conomiques occidentales cruciales, qu&rsquo;il s&rsquo;agisse du p\u00e9trole (Alg\u00e9rie,   Libye) ou du tourisme (Maroc, Tunisie). La Tunisie accueille chaque ann\u00e9e cinq   millions de visiteurs.      L&rsquo;organisation d&rsquo;Oussama Ben Laden trouve aussi au Maghreb un terrain de   pr\u00e9dilection pour le pros\u00e9lytisme. En Alg\u00e9rie, au Maroc, en Tunisie, le   clivage ne cesse de s&rsquo;approfondir entre des r\u00e9gimes per\u00e7us comme corrompus et   \u00ab vendus \u00bb aux int\u00e9r\u00eats occidentaux et des populations de plus en plus \u00ab   remont\u00e9es \u00bb contre la politique men\u00e9e au Proche et au Moyen-Orient par les   Am\u00e9ricains et leurs alli\u00e9s europ\u00e9ens. Selon l&rsquo;institut Stratfor, plus de 400   Nord-Africains ont suivi une formation dans des camps d&rsquo;al-Qaida en   Afghanistan, au Pakistan ou ailleurs. En 2005, le Center for strategic and   international Studies estimait que 600 Alg\u00e9riens combattaient en Irak, soit 20   % du nombre total des djihadistes \u00e9trangers.      <strong><font>Un \u00abtsunami\u00bb fondamentaliste<\/font><\/strong>      Relativement \u00e9pargn\u00e9 jusqu&rsquo;ici par le terrorisme (exception faite de   l&rsquo;attentat de Djerba en avril 2002), le r\u00e9gime \u00ab m\u00e9cr\u00e9ant \u00bb de Tunis constitue   une cible id\u00e9ale pour les islamistes radicaux. C&rsquo;est le seul pays musulman \u00e0   avoir interdit le port du hijab, o\u00f9 les pr\u00eaches des imams sont soumis \u00e0 la   censure, et o\u00f9 les kouttab (\u00e9coles coraniques) sont int\u00e9gr\u00e9es au syst\u00e8me   \u00e9ducatif. Enfin les femmes y b\u00e9n\u00e9ficient d&rsquo;un statut lib\u00e9ral sans \u00e9quivalent   dans le monde arabe.      Les autorit\u00e9s tunisiennes se flattent d&rsquo;avoir maintenu le pouvoir d&rsquo;achat en   luttant contre la grande pauvret\u00e9, mais les atteintes aux libert\u00e9s civiques et   l&rsquo;absence de perspectives politiques et sociales constituent un terreau   fertile pour l&rsquo;extr\u00e9misme. On s&rsquo;explique mieux le profil du r\u00e9seau terroriste   appr\u00e9hend\u00e9 le 3 janvier lorsque l&rsquo;on sait que les jeunes dipl\u00f4m\u00e9s repr\u00e9sentent   40 % des ch\u00f4meurs.      \u00c0 en croire Stratfor, les services de renseignements des pays du Maghreb   redoutent un \u00ab tsunami \u00bb fondamentaliste dans un proche avenir. Leur   collaboration s&rsquo;est renforc\u00e9e ces derni\u00e8res ann\u00e9es. Ils b\u00e9n\u00e9ficient de l&rsquo;appui   logistique des \u00c9tats-Unis. Cette coop\u00e9ration a permis l&rsquo;arrestation de   dizaines d&rsquo;apprentis djihadistes tunisiens partis s&rsquo;entra\u00eener dans les maquis   du GSPC. Ce sont les services \u00e9gyptiens qui auraient alert\u00e9 leurs homologues   tunisiens de la pr\u00e9sence du r\u00e9seau d\u00e9mantel\u00e9 la semaine derni\u00e8re.      A.T      <strong><font>(Source: \u201cLe Figaro\u201d (France), le 11 janvier   2007)<\/font><\/strong>   Lien :  <a href=\"http:\/\/www.lefigaro.fr\/international\/20070111.FIG000000174_la_tunisie_aux_prises_avec_al_qaida.html\" target=\"_blank\" rel=\"noopener\">  http:\/\/www.lefigaro.fr\/international\/20070111.FIG000000174_la_tunisie_aux_prises_avec_al_qaida.html<\/a> <\/p>\n<hr\/>\n<\/div>\n<div align=\"justify\">  \u00a0<\/div>\n<div align=\"justify\">\n<p align=\"center\">\n<h2 style=\"color: red;\"><font size=\"3\"><strong> <span lang=\"FR\">\u00a0<\/span>\u00ab\u00a0Nous   voulons la v\u00e9rit\u00e9\u00a0\u00bb<\/strong><\/font><\/h2>\n<\/p>\n<p align=\"center\"> <span lang=\"FR\">\u00a0<\/span><\/p>\n<p align=\"center\"> <strong> <span lang=\"FR\">La   source <\/span> <span lang=\"FR-CH\">\u00ab\u00a0<\/span><span lang=\"FR\">autoris\u00e9e\u00a0\u00bb   anonyme mise \u00e0 nue..\u00a0La v\u00e9rit\u00e9 triophe.. La libert\u00e9 vainquera..<\/span><\/strong><\/p>\n<p align=\"center\"> <span lang=\"FR\">\u00a0<\/span><\/p>\n<p> <strong> <span lang=\"FR\">  Abdel Wahab Hani<\/span><\/strong><\/p>\n<p> <span lang=\"FR\">\u00a0<\/span><\/p>\n<p> <span lang=\"FR\">\u00a0<\/span><\/p>\n<p> <span lang=\"FR\">Apr\u00e8s l&rsquo;\u00e9chec de   la tentative de manipulation de l&rsquo;opinion, la fameuse et courageuse source   anonyme du Minist\u00e8re de l&rsquo;Int\u00e9rieur tunisien, cit\u00e9e par l&rsquo;agence officielle   Tunisie Afrique Presse, d\u00e9nonce le pr\u00e9tendu communiqu\u00e9 de revendication des   affrontements de Hammam-Lif \/ Soliman que personne n&rsquo;a pris au s\u00e9rieux au   passage.<\/span><\/p>\n<p> <span lang=\"FR\">\u00a0<\/span><\/p>\n<p> <span lang=\"FR\">Et comme   d&rsquo;habitude la source anonyme annonce que ses services ont arr\u00eat\u00e9 les auteurs   anonymes qui seraient des plaisantins! qui de plus voulaient abuser et   d\u00e9sinformer l&rsquo;opinion!! <\/span><\/p>\n<p> <span lang=\"FR\">\u00a0<\/span><\/p>\n<p> <span lang=\"FR\">Mais la source   anonyme du Minist\u00e8re de l&rsquo;Int\u00e9rieur nous s&rsquo;\u00e9tonne, pour mieux cacher les   intentions primaires du vrai auteur anonyme de cette plaisanterie,\u00a0que   certains m\u00e9dias se sont pr\u00e9cipit\u00e9s en diffusant ce communiqu\u00e9, sans se soucier   des normes et\u00a0de l&rsquo;\u00e9thique du m\u00e9tier, tout en pr\u00e9cisant que cette fa\u00e7on de   faire ne\u00a0peut pas\u00a0servir\u00a0la fiabilit\u00e9 du travail journalistique! ni le droit   de l&rsquo;opinion publique \u00e0 une\u00a0information juste et pr\u00e9cise!!<\/span><\/p>\n<p> <span lang=\"FR\">\u00a0<\/span><\/p>\n<p> <span lang=\"FR\">Mais qui, en   Tunisie, est capable et coupable de telles plaisanteries, de d\u00e9sinformation,   de non fiablit\u00e9 de ses informations et d&rsquo;atteintes graves au droit \u00e0   l&rsquo;Information, si ce n&rsquo;est la source toujours anonyme\u00a0qui se dit au Minist\u00e8re   de l&rsquo;Int\u00e9rieur et ses antennes dans les journaux, les radios, les t\u00e9l\u00e9s, le   net, les caf\u00e9s..\u00a0sur le plan national et international..<\/span><\/p>\n<p> <span lang=\"FR\">\u00a0<\/span><\/p>\n<p> <span lang=\"FR\">D\u00e8s les   premi\u00e8res\u00a0minutes de sa diffusion, ce fumeux communiqu\u00e9 \u00e9tait pris par les   acteurs de la vie politique tunisien\u00a0et les journalistes int\u00e8gres qui se   respectent (dans l&rsquo;opposition comme au sein m\u00eame du pouvoir) comme une   plaisanterie tr\u00e8s lourde et une tentative de manipulation\u00a0de l&rsquo;opinion.   Plusieurs indices allaient dans ce sens, ce qui explique le peu d&rsquo;enthousiasme   des grands m\u00e9dias \u00e0\u00a0le prendre au\u00a0s\u00e9rieux.<\/span><\/p>\n<p> <span lang=\"FR\">\u00a0<\/span><\/p>\n<p> <span lang=\"FR\">Reprenons le fil   info:\u00a0Un journal proche du Minist\u00e8re de l&rsquo;Int\u00e9rieur et de sa source anonyme   lance\u00a0\u00e0 grand renfort de faux d\u00e9tails la th\u00e8se d&rsquo;uns bande de trafiquant de   drogue.\u00a0Personne ne croit \u00e0 ce racontard. Un 2e journal proche du m\u00eame   minist\u00e8re\u00a0et de sa m\u00eame source anonyme \u00e9voque \u00e0 mots\u00a0voil\u00e9s la th\u00e8se partag\u00e9e   par le tout Tunis, \u00e0 savoir la th\u00e8se\u00a0du salafisme jihadiste\u00a0terroriste.\u00a0Puis   le mutisme, le premier\u00a0journal discr\u00e9dit\u00e9, le second pas\u00a0trop cr\u00e9dible non   plus, des journaux\u00a0plus ind\u00e9pendants ont alors \u00e9t\u00e9 fournis en une photo   orpheline et sont autoris\u00e9s\u00a0\u00e0 aller sur les lieux. <\/span><\/p>\n<p> <span lang=\"FR\">\u00a0<\/span><\/p>\n<p> <span lang=\"FR\">La classe   politique dans son\u00a0ensemble fait preuve de responsabilit\u00e9 et de s\u00e9r\u00e9nit\u00e9 tout   en pointant avec pugnacit\u00e9 l&rsquo;absence des libert\u00e9s et la d\u00e9faillance de   l&rsquo;Information. Des voix s&rsquo;\u00e9l\u00e8vent, au sein m\u00eame des sph\u00e8res de l&rsquo;Etat et des   cercles qui lui sont acquis pour exiger la v\u00e9rit\u00e9, avec le titre \u00f4 combien   courageux d&rsquo;un certain Moncef Ben M&rsquo;rad, directeur de Akhbar Al-Jomhouriyya   (Les Nouvelles de la R\u00e9publique): <\/span><\/p>\n<p> <span lang=\"FR\">\u00a0<\/span><\/p>\n<p><b> <span lang=\"FR\">\u00ab\u00a0Nous voulons la   v\u00e9rit\u00e9 sur ce qui s&rsquo;est pass\u00e9 \u00e0 Hammam-Lif\u00a0\u00bb!<\/span><\/b><\/p>\n<p> <span lang=\"FR\">\u00a0<\/span><\/p>\n<p> <span lang=\"FR\">Ce Hammam-Lifois   de naissance, ancien pr\u00e9tendant au si\u00e8ge de maire de la ville romaine ancienne   r\u00e9sidence estivale des beys de Tunis, fils du c\u00e9l\u00e8bre\u00a0 Ul\u00e9ma le Cheikh Ben   M&rsquo;rad et fr\u00e8re de la militante Bchira Ben M&rsquo;rad, compagnon de la Lib\u00e9ration et   fondatrice de\u00a0la tr\u00e8s populaire\u00a0\u00ab\u00a0Union islamique tunisienne de la femme\u00a0\u00bb, sous   le r\u00e8gne des Beys et sous occupation fran\u00e7aise, ose prendre sa plume et   d\u00e9noncer les d\u00e9rives et exiger des comptes, malgr\u00e9 son l\u00e9galisme et sa   mollesse envers le caract\u00e8re liberticide du r\u00e9gime. <\/span><\/p>\n<p> <span lang=\"FR\">\u00a0<\/span><\/p>\n<p> <span lang=\"FR\">On se rappelle son   Edito pour la Transparence et contre la n\u00e9potisme, en marge de l&rsquo;affaire de la   concession Isuzi bloqu\u00e9e par les membres de la belle famille de Ben Ali: \u00ab\u00a0La   confiance est le moteur de l&rsquo;Economie, elle n&rsquo;y est plus. Les op\u00e9rateurs   \u00e9conomiques ont besoin de cette confiance et de se sentir prot\u00e9g\u00e9s par la Loi.   J&rsquo;interpelle personnellement le Premier Ministre pour que s\u00e9r\u00e9nit\u00e9 soit   r\u00e9tablie\u00a0\u00bb, son journal a \u00e9t\u00e9 saisi.<\/span><\/p>\n<p> <span lang=\"FR\">\u00a0<\/span><\/p>\n<p> <span lang=\"FR\">C&rsquo;est dans ce   contexte que des sources anonymes, tr\u00e8s probablement proches de la source   anonyme, qui se dit au Minist\u00e8re de l&rsquo;Int\u00e9rieur, ont jou\u00e9 aux malins   d\u00e9sinformateurs, mais le jeu n&rsquo;a pas pris..<\/span><\/p>\n<p> <span lang=\"FR\">\u00a0<\/span><\/p>\n<p> <span lang=\"FR\">On se rappelle   un\u00a0fumeux communiqu\u00e9 d&rsquo;un pr\u00e9tendu groupe tunisien il y a quelques mois,   v\u00e9hicul\u00e9 \u00e0 l&rsquo;\u00e9poque par une d\u00e9p\u00eache\u00a0de l&rsquo;AFP.\u00a0L&rsquo;auteur\u00a0responsable\u00a0d&rsquo;un des   bureaux de l&rsquo;agence dans une capitale du golfe n&rsquo;est autre qu&rsquo;un journaleux   proche du Ministre de la Propagande en personne. D&rsquo;ailleurs, personne n&rsquo;a   trouv\u00e9 trace de ce communiqu\u00e9 qui serait diffus\u00e9 en arabe sur le net et   personne ne\u00a0parle aujourd&rsquo;hui de\u00a0ce fumeux communiqu\u00e9 ni de cette malheureuse   d\u00e9p\u00eache, y compris son propre auteur.. La source &lsquo;autoris\u00e9e&rsquo; et anonyme ne le   lui a pas autoris\u00e9.. <\/span><\/p>\n<p> <span lang=\"FR\">\u00a0<\/span><\/p>\n<p> <span lang=\"FR\">Parce que les   d\u00e9sinformateurs et les sources &lsquo;officielles&rsquo; et &lsquo;autoris\u00e9es&rsquo; anonymes ne   peuvent pas\u00a0voir plus loin que leur nez qui grandit de mensonges jour apr\u00e8s   jour, mais qui leur bloque la vue et tous les sens de la vie. <\/span><\/p>\n<p> <span lang=\"FR\">\u00a0<\/span><\/p>\n<p> <span lang=\"FR\">Parce que la   v\u00e9rit\u00e9 et triomphera. Parce que la libert\u00e9 triomphera.<\/span><\/p>\n<p> <span lang=\"FR\">\u00a0<\/span><\/p>\n<p> <span lang=\"FR\">Le combat du   Ministre de la Propagande (Abdallah), du Ministre Baas DirCab (Ouderni), du   Ministre d&rsquo;Etat Ministre de rien (Ben Dhia), de l&rsquo;ancien Secr\u00e9taire d&rsquo;Etat \u00e0   la r\u00e9pression (Ganzoui) des S\u00e9nateurs et Ambassadeurs Baasiste et Khogiste   (adeptes d&rsquo;Enver Khodja), du colonel Obbitha (Surnom du Saint-Cyrien mythomane   colonel de s\u00e9curit\u00e9 militaire qui rode \u00e0 plein temps sur le net tunisien avec   des dizaines de pseudonymes et des personnages invent\u00e9s de toute pi\u00e8ce) et de   toute la machinerie de d\u00e9sinformation est un combat d&rsquo;arri\u00e8re-garde. Ils   appartiennent d\u00e9sormais au pass\u00e9, \u00e0 cette triste page noire de notre histoire   moderne, mill\u00e9naire de peuple \u00e9pris de v\u00e9rit\u00e9 et de libert\u00e9.<\/span><\/p>\n<p> <span lang=\"FR\">\u00a0<\/span><\/p>\n<p> <span lang=\"FR\">On ne peut, en ces   moments d&rsquo;\u00e9preuve, que rendre hommage aux valeureux agents de l&rsquo;ordre qui ont   d\u00e9fendu la patrie \u00e0 leur corps d\u00e9fendant, sans aucune pr\u00e9paration au danger et   sans que l&rsquo;Etat ne leur rende hommage, faute grave du Baas arabe qui conseille   la pr\u00e9sidence, parce que son id\u00e9ologie ne croit pas \u00e0 la d\u00e9fense de la patrie,   mais \u00e0 la d\u00e9fense du r\u00e9gime. <\/span><\/p>\n<p> <span lang=\"FR\">\u00a0<\/span><\/p>\n<p> <span lang=\"FR\">On ne peut, en ces   moments de la raret\u00e9 de l&rsquo;information, que rendre hommage aux valeureux   journalistes: Slaheedine Jourchi, Salah Atiya, Asma Atrous, Rachid Kh\u00e9chana,   Bassam Bounenni, Noureddine Aouididi, Lotfi Hajji, Ridha K\u00e9fi et \u00e0 toutes   celles et ceux qui se sont battus pour exercer leur m\u00e9tier d&rsquo;INFORMER et   surtout au doyen Moncef Ben M&rsquo;rad malgr\u00e9 son \u00e9garement originel aux cot\u00e9s de   la dictature. <strong><span>\u00ab\u00a0Nous voulons la   v\u00e9rit\u00e9\u00a0\u00bb<\/span><\/strong> sonnera le glas de la dictature et sera,\u00a0d\u00e9sormais,\u00a0le   mot d&rsquo;ordre \u00e0 venir en Tunisie, dans ce pays qui s&rsquo;appr\u00eate, volontiers   ou\u00a0contrait par les r\u00e8gles de la biologie, \u00e0 vivre sa transition d\u00e9mocratique   et son acc\u00e8s \u00e0 la modernit\u00e9 politique, clef du d\u00e9collage de la Nation.<\/span><\/p>\n<p> <span lang=\"FR\">\u00a0<\/span><\/p>\n<p> <span lang=\"FR\">On ne peut que   rendre hommage aux journalistes ami(e)s de la Tunisie, les vrai(e)s ami(e)s et   pas celles et ceux enr\u00f4l\u00e9(e)s par le Ministre de la propagande moyennant   largesses et autres avantages aux frais de l&rsquo;Etat. Merci \u00e0 Jos\u00e9 Gar\u00e7on,   Thierry Auberl\u00e9, Baudoin Loos et \u00e0 plein d&rsquo;autres qui ont permis aux tunisiens   d&rsquo;\u00eatre inform\u00e9 sur ce qui se passe chez eux. Merci surtout \u00e0 Arielle Th\u00e9drel,   du Figaro, seule journaliste d&rsquo;un grand m\u00e9dia \u00e9tranger \u00e0 se rendre sur place   et qui a pu, tout en r\u00e9v\u00e9lant les faits, forte de son exp\u00e9rience avec la chute   des r\u00e9gimes despotiques de l&rsquo;Est sovi\u00e9tique, apporter les clefs d&rsquo;analyse   internes (absence de libert\u00e9 et mont\u00e9e des facteurs de d\u00e9sespoir) et externes   pour mieux comprendre ce qui s&rsquo;est pass\u00e9. Le regard externe est souvent d&rsquo;une   grande utilit\u00e9 lorsqu&rsquo;on est trop coll\u00e9 \u00e0 sa propre r\u00e9alit\u00e9.<\/span><\/p>\n<p> <span lang=\"FR\">\u00a0<\/span><\/p>\n<p> <span lang=\"FR\">On ne peut que   rendre hommage au travail tr\u00e8s difficile de la LTDH, du CNLT, de l&rsquo;ALT, de   l&rsquo;AISPP pour que le lutte contre le terrorisme ne se fasse pas en d\u00e9pit mais   dans le respect du droit. <\/span><\/p>\n<p> <span lang=\"FR\">\u00a0<\/span><\/p>\n<p> <span lang=\"FR\">On ne peut que   rendre hommage au sang froid de l&rsquo;opposition tunisienne dans son ensemble, qui   a fait preuve de s\u00e9r\u00e9nit\u00e9 et de responsabilit\u00e9. Merci \u00e0 la jeune et rayonnante   dirigeante du PDP, Maya Jribi, \u00e0 Mohamed Goumani, \u00e0 Abdelmajid Msellemi et \u00e0   Moncef Marzouki qui est rest\u00e9 le m\u00eame dissident combatif mais qui a retrouv\u00e9   s\u00e9r\u00e9nit\u00e9 et sens de la mesure sur T\u00e9l\u00e9 24, apr\u00e8s que les tentatives de le   manipuler par la &lsquo;source autoris\u00e9e anonyme&rsquo; aient \u00e9chou\u00e9 et que les grands   m\u00e9dias panarabes ont fait preuve de professionnalisme et de s\u00e9rieux   apoliticien.<\/span><\/p>\n<p> <span lang=\"FR\">\u00a0<\/span><\/p>\n<p> <span lang=\"FR\">Il est temps,   d&rsquo;ailleurs, que cette &lsquo;source autoris\u00e9e anonyme&rsquo; d\u00e9missionne, personne ne le   saura, vu son caract\u00e8re invisible, pour que les tunisiens, gouvernants et   gouvern\u00e9s, retrouvent s\u00e9r\u00e9nit\u00e9 et respect. Cette &lsquo;source&#8230;&rsquo; n&rsquo;est que source   de d\u00e9sinformations, de manipulations et de dangers.<\/span><\/p>\n<p> <span lang=\"FR\">\u00a0<\/span><\/p>\n<p> <span lang=\"FR\">Mais la v\u00e9rit\u00e9   triompphera, la libert\u00e9 vaincra, tout cela ne sera qu&rsquo;un mauvais souvenir, qui   servira certainement, \u00ab\u00a0sachant utiliser cet \u00e9v\u00e9nement pour avancer\u00a0\u00bb, comme l&rsquo;a   joliment dit la journaliste-\u00e9crivain Amal Moussa. Ce douloureux \u00e9pisode   servira \u00e0 nous pr\u00e9munir du despotisme, de\u00a0la dictature, la m\u00e8re de tous les   dangers..<\/span><\/p>\n<p> <span lang=\"FR\">\u00a0<\/span><\/p>\n<p> <span lang=\"FR\">Tunisiennes et   tunisiens: Plus jamais \u00e7a!<\/span><\/p>\n<p> <span lang=\"FR\">\u00a0<\/span><\/p>\n<p><b> <span lang=\"FR\">  Abdel Wahab Hani<\/span><\/b><\/p>\n<p><b> <span lang=\"FR\">Jouy en Josas, le   11 janvier 2007<\/span><\/b><\/p>\n<p>\u00a0<\/p>\n<p>\u00a0<\/p>\n<p><b> <span lang=\"FR\">  P<\/span><span lang=\"FR-CH\">.<\/span><span lang=\"FR\">S:   Ci-joint la d\u00e9p\u00e8che en arabe du site officile Tunisieinfo.com \u00ab\u00a0AkhbarTounis\u00a0\u00bb<\/span><\/b><\/p>\n<p> <span lang=\"FR\"><font face=\"Times New Roman\" size=\"3\">\u00a0<\/font><\/span><\/p>\n<p dir=\"rtl\"> <strong> <span dir=\"ltr\" lang=\"FR\">  11-01-2007<\/span><\/strong><\/p>\n<p dir=\"rtl\"> <span dir=\"ltr\" lang=\"FR\">  \u00a0<\/span><\/p>\n<p dir=\"rtl\"> <strong> <span lang=\"AR-SA\">  \u062d\u0648\u0644 \u0645\u0627 \u064a\u0633\u0645\u0649 \u0628\u0634\u0628\u0627\u0628 \u0627\u0644\u062a\u0648\u062d\u064a\u062f \u0648\u0627\u0644\u062c\u0647\u0627\u062f \u0628\u062a\u0648\u0646\u0633<\/span><span dir=\"ltr\" lang=\"AR-SA\"> <\/span><\/strong><\/p>\n<p dir=\"rtl\"> <strong> <span lang=\"AR-SA\">  \u062a\u0648\u0636\u064a\u062d\u0627\u062a \u0645\u0646 \u0645\u0635\u062f\u0631 \u0631\u0633\u0645\u064a \u0641\u064a \u062a\u0648\u0646\u0633<\/span><\/strong><\/p>\n<p dir=\"rtl\"> <span dir=\"ltr\" lang=\"FR\">  \u00a0<\/span><\/p>\n<p dir=\"rtl\"> <span lang=\"AR-SA\">  \u062a\u062f\u0627\u0648\u0644\u062a \u0628\u0639\u0636 \u0648\u0633\u0627\u0626\u0644 \u0627\u0644\u0625\u0639\u0644\u0627\u0645 \u0628\u064a\u0627\u0646\u0627 \u0635\u0627\u062f\u0631\u0627 \u0639\u0645\u0627 \u064a\u0633\u0645\u0649 \u0628 \u00ab\u00a0\u0634\u0628\u0627\u0628 \u0627\u0644\u062a\u0648\u062d\u064a\u062f \u0648\u0627\u0644\u062c\u0647\u0627\u062f \u0628\u062a\u0648\u0646\u0633\u00a0\u00bb   \u0628\u062e\u0635\u0648\u0635 \u0627\u0644\u0645\u062c\u0645\u0648\u0639\u0629 \u0627\u0644\u0625\u062c\u0631\u0627\u0645\u064a\u0629 \u0627\u0644\u062e\u0637\u064a\u0631\u0629 \u0627\u0644\u062a\u064a \u062a\u0635\u062f\u062a \u0644\u0647\u0627<\/span><span dir=\"ltr\" lang=\"AR-SA\"> <\/span> <span lang=\"AR-SA\">  \u0642\u0648\u0627\u062a \u0627\u0644\u0623\u0645\u0646 \u0645\u0624\u062e\u0631\u0627<\/span><span dir=\"ltr\" lang=\"FR\">.  <\/span><\/p>\n<p dir=\"rtl\"> <span lang=\"AR-SA\">  \u0648\u0642\u062f<\/span><span dir=\"ltr\" lang=\"AR-SA\"> <\/span> <span lang=\"AR-SA\">  \u062a\u0628\u064a\u0646 \u0628\u0639\u062f \u0627\u0644\u0628\u062d\u062b \u0648\u0627\u0644\u062a\u062d\u0631\u064a \u0623\u0646\u0647 \u0644\u0627 \u0648\u062c\u0648\u062f \u0644\u0644\u062a\u0646\u0638\u064a\u0645 \u0627\u0644\u0645\u0632\u0639\u0648\u0645 \u0648\u0627\u0646 \u0647\u0630\u0627 \u0627\u0644\u0628\u064a\u0627\u0646 \u062a\u0645\u062a<\/span><span dir=\"ltr\" lang=\"AR-SA\"> <\/span> <span lang=\"AR-SA\">  \u0635\u064a\u0627\u063a\u062a\u0647 \u0648\u0628\u062b\u0647 \u0639\u0644\u0649 \u0634\u0628\u0643\u0629 \u0627\u0644\u0627\u0646\u062a\u0631\u0646\u0627\u062a \u0648\u0639\u0644\u0649 \u0628\u0639\u0636 \u0648\u0633\u0627\u0626\u0644 \u0627\u0644\u0625\u0639\u0644\u0627\u0645 \u0645\u0646 \u0642\u0628\u0644 \u0634\u062e\u0635\u064a\u0646<\/span><span dir=\"ltr\" lang=\"AR-SA\"> <\/span> <span lang=\"AR-SA\">  \u0645\u0642\u064a\u0645\u064a\u0646 \u0641\u064a \u062a\u0648\u0646\u0633 \u0648\u0642\u062f \u062a\u0645 \u0627\u0644\u0643\u0634\u0641 \u0639\u0646 \u0647\u0648\u064a\u062a\u0647\u0645\u0627 \u0648\u0625\u064a\u0642\u0627\u0641\u0647\u0645\u0627 \u0645\u0646 \u0642\u0628\u0644 \u0627\u0644\u0633\u0644\u0637\u0627\u062a<\/span><span dir=\"ltr\" lang=\"AR-SA\"> <\/span> <span lang=\"AR-SA\">  \u0627\u0644\u062a\u0648\u0646\u0633\u064a\u0629 \u062d\u064a\u062b \u0627\u0639\u062a\u0631\u0641\u0627 \u0623\u0646\u0647\u0645\u0627 \u062a\u0648\u0644\u064a\u0627 \u0635\u064a\u0627\u063a\u0629 \u0648\u0628\u062b \u0646\u0635 \u0627\u0644\u0628\u064a\u0627\u0646 \u0627\u0644\u0645\u0630\u0643\u0648\u0631 \u0645\u0646 \u0628\u0627\u0628<\/span><span dir=\"ltr\" lang=\"AR-SA\"> <\/span> <span lang=\"AR-SA\">  \u0627\u0644\u062f\u0639\u0627\u0628\u0629 \u063a\u064a\u0631 \u0627\u0644\u0645\u0633\u0624\u0648\u0644\u0629 \u0648\u0627\u0644\u0633\u0645\u062c\u0629 \u0648\u0645\u063a\u0627\u0644\u0637\u0629 \u0648\u0633\u0627\u0626\u0644 \u0627\u0644\u0625\u0639\u0644\u0627\u0645 \u0648\u0627\u0644\u0631\u0623\u064a \u0627\u0644\u0639\u0627\u0645<\/span><span dir=\"ltr\" lang=\"FR\">.  <\/span><\/p>\n<p dir=\"rtl\"> <span lang=\"AR-SA\">  \u0648\u062a\u0633\u062a\u063a\u0631\u0628 \u0627\u0644\u0633\u0644\u0637\u0627\u062a \u0627\u0644\u062a\u0648\u0646\u0633\u064a\u0629 \u062a\u0633\u0631\u0639 \u0628\u0639\u0636 \u0648\u0633\u0627\u0626\u0644 \u0627\u0644\u0625\u0639\u0644\u0627\u0645 \u0641\u064a \u0646\u0634\u0631 \u0648\u0628\u062b \u0647\u0630\u0627 \u0627\u0644\u0628\u064a\u0627\u0646 \u0627\u0644\u0645\u0646\u0633\u0648\u0628   \u0644\u062a\u0646\u0638\u064a\u0645 \u0648\u0647\u0645\u064a \u062f\u0648\u0646 \u062a\u062d\u0631 \u0623\u0648 \u062a\u062b\u0628\u062a \u0645\u062b\u0644\u0645\u0627 \u062a\u0633\u062a\u062f\u0639\u064a\u0647<\/span><span dir=\"ltr\" lang=\"AR-SA\"> <\/span> <span lang=\"AR-SA\">  \u0627\u0644\u0636\u0648\u0627\u0628\u0637 \u0627\u0644\u0645\u0647\u0646\u064a\u0629 \u0627\u0644\u0645\u062a\u0639\u0627\u0631\u0641 \u0639\u0644\u064a\u0647\u0627<\/span><span dir=\"ltr\" lang=\"FR\">.  <\/span><\/p>\n<p dir=\"rtl\"> <span lang=\"AR-SA\">  \u0648\u0645\u0646<\/span><span dir=\"ltr\" lang=\"AR-SA\"> <\/span> <span lang=\"AR-SA\">  \u0627\u0644\u0628\u062f\u064a\u0647\u064a \u0623\u0646 \u0627\u0644\u062a\u0633\u0631\u0639 \u0641\u064a \u0628\u062b \u0645\u062b\u0644 \u0647\u0630\u0647 \u0627\u0644\u0628\u064a\u0627\u0646\u0627\u062a \u0644\u0627 \u064a\u062e\u062f\u0645 \u0645\u0635\u062f\u0627\u0642\u064a\u0629 \u0627\u0644\u0639\u0645\u0644 \u0627\u0644\u0635\u062d\u0641\u064a<\/span><span dir=\"ltr\" lang=\"AR-SA\"> <\/span> <span lang=\"AR-SA\">\u0623\u0648   \u062d\u0642 \u0627\u0644\u0631\u0623\u064a \u0627\u0644\u0639\u0627\u0645 \u0641\u064a \u0627\u0644\u0645\u0639\u0644\u0648\u0645\u0629 \u0627\u0644\u0635\u062d\u064a\u062d\u0629 \u0648\u0627\u0644\u062f\u0642\u064a\u0642\u0629 \u0643\u0645\u0627 \u0623\u0646 \u0639\u062f\u0645 \u0627\u0644\u0627\u0646\u062a\u0628\u0627\u0647<\/span><span dir=\"ltr\" lang=\"AR-SA\"> <\/span> <span lang=\"AR-SA\">  \u0644\u0644\u0627\u0633\u062a\u0639\u0645\u0627\u0644\u0627\u062a \u0627\u0644\u062e\u0627\u0637\u0626\u0629 \u0648\u0627\u0644\u0625\u062c\u0631\u0627\u0645\u064a\u0629 \u0644\u0648\u0633\u0627\u0626\u0644 \u0627\u0644\u0627\u062a\u0635\u0627\u0644 \u0627\u0644\u062d\u062f\u064a\u062b\u0629 \u0648\u0648\u0633\u0627\u0626\u0644 \u0627\u0644\u0625\u0639\u0644\u0627\u0645 \u0645\u0646<\/span><span dir=\"ltr\" lang=\"AR-SA\"> <\/span> <span lang=\"AR-SA\">  \u0634\u0623\u0646\u0647 \u0623\u0646 \u064a\u0633\u0627\u0647\u0645 \u0628\u0644\u0627 \u0634\u0643 \u0641\u064a \u0627\u0644\u062a\u0631\u0648\u064a\u062c \u0644\u0644\u0623\u0641\u0643\u0627\u0631 \u0627\u0644\u0645\u062a\u0637\u0631\u0641\u0629 \u0627\u0644\u062a\u064a \u062a\u062d\u062b \u0639\u0644\u0649 \u0627\u0644\u0639\u0646\u0641<\/span><span dir=\"ltr\" lang=\"AR-SA\"> <\/span> <span lang=\"AR-SA\">  \u0648\u0627\u0644\u0625\u0631\u0647\u0627\u0628.<\/span><\/p>\n<\/div>\n<div align=\"justify\">\n<hr\/>\n<\/div>\n<div align=\"center\">\n<p align=\"center\"> <b><span lang=\"FR-CH\"><font size=\"3\">La   valse des remaniements commence.. timidement..<\/font><\/span><\/b><\/p>\n<p> <span lang=\"FR-CH\">\u00a0<\/span><\/p>\n<p> <span lang=\"FR-CH\">Apr\u00e8s les   sanglants affrontements de Hammam-Lif \/ Soliman des derni\u00e8res semaines, les   premi\u00e8res nominations rendues publiques touchent le secteur de l&rsquo;Information.   Depuis des jours, la cadence des remaniements a touch\u00e9 de hauts grad\u00e9s des   services de s\u00e9curit\u00e9 int\u00e9rieur et des douanes, selon des sources avis\u00e9es.<\/span><\/p>\n<p> <span lang=\"FR-CH\">\u00a0<\/span><\/p>\n<p> <span lang=\"FR-CH\">Apr\u00e8s un long   mutisme et apr\u00e8s que les grands journaux internationaux ont couvert les   \u00e9v\u00e9nements, avec le point culminant du Dossier sp\u00e9cial du Figaro ce matin, le   gouvernement du g\u00e9n\u00e9ral Ben Ali semble d\u00e9cider, en fin, \u00e0 communiquer.<\/span><\/p>\n<p> <span lang=\"FR-CH\">\u00a0<\/span><\/p>\n<p> <span lang=\"FR-CH\">Les deux   nominations d&rsquo;aujourd&rsquo;hui semblent \u00eatre adress\u00e9es en direction de l&rsquo;\u00e9tranger,   plus qu&rsquo;en vers l&rsquo;ensemble de la classe politique (pro et anti Ben Ali   confondus) et de l&rsquo;opinion publique nationale. Le CAPJC est en effet une   vitrine ext\u00e9rieure du pays et l&rsquo;on voit mal la Tunisie se targuer de former   les journalistes et les communicateurs du Continent alors que ses propres   journalistes ont \u00e9t\u00e9 laiss\u00e9 dans l&rsquo;ignorance quasi-totale par rapport aux   r\u00e9cents \u00e9v\u00e9nements. RTCI est quant elle destin\u00e9e \u00e0 \u00eatre la voix du pays \u00e0   l&rsquo;\u00e9tranger.<\/span><\/p>\n<p> <span lang=\"FR-CH\">\u00a0<\/span><\/p>\n<p> <span lang=\"FR-CH\">Esp\u00e9rant que   ces deux nouveaux directeurs seront \u00e0 la hauteur de l&rsquo;indispensable   d\u00e9mocratisation du secteur de l&rsquo;Information en Tunisie.<\/span><\/p>\n<p> <span lang=\"FR-CH\">\u00a0<\/span><\/p>\n<p> <span lang=\"FR-CH\">Outre ces deux   nominations quasi-in\u00e9vitables et impos\u00e9es par le contexte, la valse commence \u00e0   Tunis et le jeux des chaises musicales fait peur \u00e0 plus d&rsquo;un responsable des   services de d\u00e9sinformation, de propagande et de s\u00e9curit\u00e9.<\/span><\/p>\n<p> <span lang=\"FR-CH\">\u00a0<\/span><\/p>\n<p> <span lang=\"FR-CH\">Cette annonce,   timide, n&rsquo;est en rien, en l&rsquo;\u00e9tat actuel des choses, une volont\u00e9 r\u00e9elle de   transition d\u00e9mocratique. Parce que tout simplement les principaux responsables   de la faille du syst\u00e8me del &lsquo;Information sont l\u00e0:<\/span><\/p>\n<p> <span lang=\"FR-CH\">\u00a0<\/span><\/p>\n<p> <span lang=\"FR-CH\">-Le Ministre de   la Propagande en charge des Affaires \u00e9tranges Abdelwahab Abdallah et ses   portes paroles et serviteurs dans les diff\u00e9rents m\u00e9dias nationaux et   \u00e9trangers.<\/span><\/p>\n<p> <span lang=\"FR-CH\">\u00a0<\/span><\/p>\n<p> <span lang=\"FR-CH\">-Le Ministre   Directeur du Cabinet (DirCab) de la Pr\u00e9sidence, interm\u00e9diaire entre le Palais   et le pays y compris le gouvernement, ce farouche militant Baas arabe aux   penchants plut\u00f4t staliniens que d\u00e9mocrates a r\u00e9ussi \u00e0 placer ses fils   spirituels \u00e0 des postes clefs et tr\u00e8s sensibles, dont la nomination d&rsquo;un   repris de droit commun au poste tr\u00e8s sensible d&rsquo;Ambassadeur dans un pays arabe   fr\u00e8re expos\u00e9 \u00e0 tous les dangers. Ce manitou discret de la dictature dirige   l&rsquo;information depuis le Palais de Carthage, transform\u00e9 en bunker personnel,   tant le couple pr\u00e9sidentiel, gravement malade, Monsieur comme Madame, navigue   entre les Palais &lsquo;priv\u00e9s&rsquo; de Sidi Bou Said et de Hammamet;<\/span><\/p>\n<p> <span lang=\"FR-CH\">\u00a0<\/span><\/p>\n<p> <span lang=\"FR-CH\">-Le Ministre   d&rsquo;Etat Ministre Conseiller principal de la Pr\u00e9sidence, plus ancien Ministre de   la plan\u00e8te et symbole \u00e0 lui seul de la scl\u00e9rose du syst\u00e8me politique tunisien;<\/span><\/p>\n<p> <span lang=\"FR-CH\">\u00a0<\/span><\/p>\n<p> <span lang=\"FR-CH\">&#8211; Mais surtout   les rumeurs les plus folles sur un \u00e9ventuel retour aux affaires du sanguinaire   Secr\u00e9taire d&rsquo;Etat \u00e0 la R\u00e9pression, le dangereux m\u00e9galomane et tortionnaire en   second Mohamed Ali Ganzoui.<\/span><\/p>\n<p> <span lang=\"FR-CH\">\u00a0<\/span><\/p>\n<p> <span lang=\"FR-CH\">Le jeux de   chaises musicales a bien commenc\u00e9 \u00e0 Tunis..<\/span><\/p>\n<p> <span lang=\"FR-CH\">\u00a0<\/span><\/p>\n<p> <span lang=\"FR-CH\">A suivre..<\/span><\/p>\n<p><b> <span lang=\"FR-CH\">  \u00a0<\/span><\/b><\/p>\n<p><b> <span lang=\"FR-CH\">  Abdel Wahab Hani<\/span><\/b><\/p>\n<p><b> <span lang=\"FR-CH\">Orsay, le 11   janvier 2007<\/span><\/b><\/p>\n<p> <span lang=\"FR-CH\">\u00a0<\/span><\/p>\n<p> <span lang=\"FR-CH\">\u00a0<\/span><\/p>\n<p align=\"left\"><b> <span lang=\"FR-CH\">  Nouvelles nominations dans le secteur de l&rsquo;information et de la communication<\/span><\/b><\/p>\n<p align=\"left\"> <span lang=\"FR-CH\">  Source: Infotunisie (officiel)<\/span><\/p>\n<p align=\"left\"> <span lang=\"FR-CH\">Le minist\u00e8re de   la Communication et des relations avec la Chambre des d\u00e9put\u00e9s et la Chambre   des conseillers a annonc\u00e9, dans un communiqu\u00e9 rendu public jeudi, les   nominations suivantes :<\/span><\/p>\n<p align=\"left\"> <span lang=\"FR-CH\">&#8211; M. Mohamed   Fehri Chelbi, en qualit\u00e9 de Directeur G\u00e9n\u00e9ral du Centre africain de   perfectionnement des journalistes et des communicateurs (CAPJC)<\/span><\/p>\n<p align=\"left\"> <span lang=\"FR-CH\">&#8211; M. Ridha   Bouguezzi, en qualit\u00e9 de directeur de Radio-Tunis-cha\u00eeine internationale   (RTCI).<\/span><\/p>\n<p><b> <span lang=\"FR-CH\">\u00a0<\/span><\/b><\/p>\n<p dir=\"rtl\"> <span dir=\"ltr\" lang=\"FR-CH\">  \u00a011-01-2007<\/span><\/p>\n<p dir=\"rtl\"> <span dir=\"ltr\" lang=\"FR-CH\">\u00a0<\/span><\/p>\n<p dir=\"rtl\"> <span lang=\"AR-SA\">  \u062a\u0639\u064a\u064a\u0646\u0627\u062a \u062c\u062f\u064a\u062f\u0629 \u0641\u064a \u0642\u0637\u0627\u0639 \u0627\u0644\u0625\u0639\u0644\u0627\u0645 \u0648\u0627\u0644\u0627\u062a\u0635\u0627\u0644<\/span><\/p>\n<p dir=\"rtl\"> <span dir=\"ltr\" lang=\"FR-CH\">\u00a0<\/span><\/p>\n<p dir=\"rtl\"> <span lang=\"AR-SA\">  \u062c\u0627\u0621 \u0641\u064a \u0628\u0644\u0627\u063a \u0635\u0627\u062f\u0631 \u0627\u0644\u064a\u0648\u0645 \u0639\u0646 \u0648\u0632\u0627\u0631\u0629 \u0627\u0644\u0627\u062a\u0635\u0627\u0644 \u0648\u0627\u0644\u0639\u0644\u0627\u0642\u0627\u062a \u0645\u0639 \u0645\u062c\u0644\u0633 \u0627\u0644\u0646\u0648\u0627\u0628 \u0648\u0645\u062c\u0644\u0633   \u0627\u0644\u0645\u0633\u062a\u0634\u0627\u0631\u064a\u0646 \u0627\u0646\u0647 \u062a\u0642\u0631\u0631 \u062a\u0639\u064a\u064a\u0646 \u0627\u0644\u0633\u064a\u062f\u064a\u0646<\/span><\/p>\n<p dir=\"rtl\"> <span dir=\"ltr\" lang=\"FR-CH\">&#8211;  <\/span> <span lang=\"AR-SA\">  \u0645\u062d\u0645\u062f \u0627\u0644\u0641\u0647\u0631\u064a \u0634\u0644\u0628\u064a \u0645\u062f\u064a\u0631\u0627 \u0639\u0627\u0645\u0627 \u0644\u0644\u0645\u0631\u0643\u0632 \u0627\u0644\u0625\u0641\u0631\u064a\u0642\u064a \u0644\u062a\u062f\u0631\u064a\u0628 \u0627\u0644\u0635\u062d\u0627\u0641\u064a\u064a\u0646 \u0648\u0627\u0644\u0627\u062a\u0635\u0627\u0644\u064a\u064a\u0646<\/span><span dir=\"ltr\" lang=\"FR-CH\">   .<\/span><\/p>\n<p dir=\"rtl\"> <span dir=\"ltr\" lang=\"FR-CH\">&#8211;  <\/span> <span lang=\"AR-SA\">  \u0631\u0636\u0627 \u0628\u0648\u0642\u0632\u0649 \u0645\u062f\u064a\u0631\u0627 \u0644\u0625\u0630\u0627\u0639\u0629 \u062a\u0648\u0646\u0633 \u0627\u0644\u062f\u0648\u0644\u064a\u0629<\/span><span dir=\"ltr\" lang=\"FR-CH\">.<\/span><\/p>\n<p dir=\"rtl\"> <span dir=\"ltr\" lang=\"FR-CH\"><\/span><\/p>\n<hr\/>\n<p>\u00a0<\/p>\n<p> <font size=\"2\"> <\/p>\n<p align=\"center\"> <b><span lang=\"FR\"><font size=\"3\">  Autopsie d\u2019un mensonge d\u2019Etat<\/font><\/span><\/b><span lang=\"FR\"> <\/span><b> <span lang=\"FR\">  Zitouni Mustpha<\/span><\/b><\/p>\n<p><b> <span lang=\"FR\">  Tunis le 27\/12\/2006<\/span><\/b><\/p>\n<p> <span lang=\"FR\">Dire que nous   vivons dans un nouveau monde m\u00e9diatique est un peu exag\u00e9r\u00e9. En effet, malgr\u00e9   notre inondation par une information pl\u00e9thorique et chaotique continue, plus   de 400 cha\u00eenes num\u00e9riques arabes et autres, et avec la gigantesque toile   d\u2019araign\u00e9e du net, l\u2019Information reste truqu\u00e9e et tronqu\u00e9e, orient\u00e9e et   d\u00e9sorient\u00e9e, travestie, maquill\u00e9e et vendue comme n\u2019importe quelle   marchandise, au lieu de servir et \u00e9clairer les citoyens que nous sommes.<\/span><\/p>\n<p> <span lang=\"FR\">Alors que faire   pour \u00eatre inform\u00e9 pour du vrai, comme les autres citoyens du monde\u00a0? Pour   comprendre un \u00e9v\u00e8nement et expliquer l\u2019information qui l\u2019accompagne, la   meilleure fa\u00e7on c\u2019est de les diss\u00e9quer et de les analyser froidement et   profond\u00e9ment. Cela nous aidera \u00e0 convaincre et \u00e0 ouvrir d\u2019autres horizons et   d\u2019autres r\u00e9flexions.<\/span><\/p>\n<p> <span lang=\"FR\">Chez nous en   Tunisie, le 3 Mars 2006, r\u00e9uni autour d\u2019un homme heureux, haut en couleur,   quelques journalistes ont accept\u00e9 et gob\u00e9 un gros mensonge m\u00e9diatique&#8230; et le   lendemain le 4 Mars 2006 l\u2019ont reproduit dans leurs journaux respectifs &#8230;   \u00ab\u00a0Le Parti Vert Pour le Progr\u00e8s est n\u00e9\u00a0\u00bb\u00a0[<a href=\"http:\/\/www.reveiltunisien.org\/article.php3?id_article=2428#nb1\" target=\"_blank\" rel=\"noopener\">1<\/a>]<\/span><\/p>\n<p> <span lang=\"FR\">Ce parti, cr\u00e9ation   du minist\u00e8re de l\u2019Int\u00e9rieur, a b\u00e9n\u00e9fici\u00e9 d\u00e8s le d\u00e9but d\u2019une couverture   m\u00e9diatique de la part du minist\u00e8re de la communication et des relations avec   le parlement comme l\u2019atteste le fac-simil\u00e9 de la d\u00e9claration de ce parti,   reproduit par le journal \u00ab\u00a0El Mawkef\u00a0\u00bb (le 24 Mars en deuxi\u00e8me page). Ce   document est fax\u00e9 aux journaux et organes de presse, des bureaux du directeur   de l\u2019information et vis\u00e9 par lui-m\u00eame\u00a0! Dans un communiqu\u00e9 de presse du 4 Mars   2006, le parti \u00ab\u00a0Tunisie Verte\u00a0\u00bb premier parti \u00e9cologique ind\u00e9pendant a   rappel\u00e9 au minist\u00e8re de l\u2019int\u00e9rieur que le parti \u00ab\u00a0Tunisie Verte\u00a0\u00bb a d\u00e9pos\u00e9   une demande l\u00e9gale le 19 Avril 2004 pour l\u2019obtention d\u2019un visa et affirme que   \u00ab\u00a0les fondateurs du parti maintiennent leur demande de l\u00e9galisation selon la   Loi et la Constitution\u00a0\u00bb\u00a0[<a href=\"http:\/\/www.reveiltunisien.org\/article.php3?id_article=2428#nb2\" target=\"_blank\" rel=\"noopener\">2<\/a>].<\/span><\/p>\n<p> <span lang=\"FR\">Un journaliste   tunisien, Monsieur Rachid Khechana, correspondant du journal arabe londonien   \u00ab\u00a0El Hayet\u00a0\u00bb a d\u00e9nonc\u00e9 la farce et l\u2019a qualifi\u00e9e d\u2019un Hold-up politique sans   pr\u00e9c\u00e9dent sur le label vert et le parti \u00ab\u00a0Tunisie Verte\u00a0\u00bb, le 4 Mars 2006. Et   comme le ridicule ne tue plus, le responsable d\u00e9sign\u00e9 pour les verts pour le   progr\u00e8s, Monsieur Khammassi en r\u00e9pondant \u00e0 un communiqu\u00e9 de l\u2019AFP, du 10 Mars   2006, qui lui annonce \u00ab\u00a0la condamnation du parti des verts fran\u00e7ais\u00a0\u00bb de cette   farce et le soutien de \u00ab\u00a0Tunisie Verte\u00a0\u00bb, d\u00e9clare \u00ab\u00a0rejeter le m\u00e9pris des   verts fran\u00e7ais et tout en \u00e9tant ind\u00e9pendant, il se veut un parti d\u2019opposition,   qui privil\u00e9gie l\u2019interaction avec les organes de l\u2019Etat et les diff\u00e9rents   pouvoirs publics pour la r\u00e9alisation de ses objectifs\u00a0\u00bb\u00a0[<a href=\"http:\/\/www.reveiltunisien.org\/article.php3?id_article=2428#nb3\" target=\"_blank\" rel=\"noopener\">3<\/a>]<\/span><\/p>\n<p> <span lang=\"FR\">Dans la m\u00eame   d\u00e9p\u00eache, l\u2019AFP, n\u2019 pas oubli\u00e9 de nous \u00e9clairer sur les origines de Monsieur   Khammassi \u00ab\u00a0d\u00e9put\u00e9, \u00e9lu sur la liste du Parti lib\u00e9ral (PSDL)\u00a0\u00bb Quant \u00e0   Monsieur Ja\u00efdi, journaliste \u00e0 \u00ab\u00a0La Presse\u00a0\u00bb organe officiel, il a \u00e9crit le 4   Mars 2006, s\u00e9rieusement ou par d\u00e9rision que \u00ab\u00a0c\u2019est la premi\u00e8re fois, en   Tunisie, qu\u2019un parti politique est d\u00e8s sa fondation repr\u00e9sent\u00e9 au sein de la   chambre des d\u00e9put\u00e9s, ce qui lui accorde d\u2019embl\u00e9e, une audience nationale et   l\u2019acc\u00e8s au financement public\u00a0\u00bb.<\/span><\/p>\n<p> <span lang=\"FR\">Mr\u00a0Ja\u00efdi a oubli\u00e9   de nous dire que le minist\u00e8re de l\u2019int\u00e9rieur, par un coup de baguette magique   dont il a le secret, a transform\u00e9 ce d\u00e9put\u00e9 lib\u00e9ral en d\u00e9put\u00e9 vert afin de lui   permettre de recevoir en toute impunit\u00e9 comme r\u00e9compense plus de 100.000   Dinars, subvention accord\u00e9e par la loi aux v\u00e9ritables partis d\u2019opposition   repr\u00e9sentants le peuple tunisien.<\/span><\/p>\n<p> <span lang=\"FR\">Et pour mieux   lever le voile sur ce mensonge m\u00e9diatique, nous reprenons l\u2019extrait d\u2019un   article du journal \u00ab\u00a0El Wehda\u00a0\u00bb (du 2 Avril 2006), de Monsieur Adel Haj Salem,   qui a comment\u00e9 brillamment le Hold-up politique en \u00e9crivant \u00ab\u00a0la l\u00e9galisation   d\u2019un parti \u00e9cologique en Tunisie est un \u00e9v\u00e8nement attendu depuis des ann\u00e9es,   seulement ce qui nous a surpris, c\u2019est le visa accord\u00e9 \u00e0 des personnes   impr\u00e9vues, que l\u2019observateur politique ne leur reconna\u00eet aucun int\u00e9r\u00eat pour   l\u2019\u00e9cologie et ne sont jamais consid\u00e9r\u00e9es pour leur militantisme dans le monde   associatif et \u00e9cologique&#8230;Aucun observateur avis\u00e9 n\u2019est au courant que cette   personne a pr\u00e9sent\u00e9 une demande de visa. Tandis que nous savons qu\u2019un autre   groupe a pr\u00e9sent\u00e9 une demande de l\u00e9galisation depuis 2 ans et que ce groupe   est constitu\u00e9 d\u2019\u00e9l\u00e9ments connus par leur appartenance \u00e0 la Gauche tunisienne   depuis plus de 3 d\u00e9cennies\u00a0[<a href=\"http:\/\/www.reveiltunisien.org\/article.php3?id_article=2428#nb4\" target=\"_blank\" rel=\"noopener\">4<\/a>].<\/span><\/p>\n<p> <span lang=\"FR\">Le secr\u00e9taire du   parti vert pour le progr\u00e8s a \u00e9t\u00e9 \u00e9lu d\u00e9put\u00e9 sur la liste du parti lib\u00e9ral et   des membres de son comit\u00e9 exclusif appartiennent \u00e0 la mouvance lib\u00e9rale. Dans   la m\u00eame p\u00e9riode, nous avons demand\u00e9 \u00e0 Monsieur B\u00e9ji, secr\u00e9taire g\u00e9n\u00e9ral et   fondateur du parti lib\u00e9ral, si le d\u00e9put\u00e9 Khammassi a d\u00e9missionn\u00e9 de son parti   ou a \u00e9t\u00e9 exclu comme il l\u2019affirme dans le journal \u00ab\u00a0El Chrourouk\u00a0\u00bb le 4 Mars   2006, ma\u00eetre B\u00e9ji nous r\u00e9pond \u00ab\u00a0Tout ignor\u00e9 de telles d\u00e9marches de son d\u00e9put\u00e9   puisque selon lui, la subvention accord\u00e9e \u00e0 son parti est li\u00e9e \u00e0 cette   repr\u00e9sentativit\u00e9 parlementaire selon la loi\u00a0\u00bb.<\/span><\/p>\n<p> <span lang=\"FR\">Mais soit, nous   acceptons ce qu\u2019a d\u00e9clar\u00e9 Monsieur Khammassi et que dire d\u2019une autre   d\u00e9claration officielle, celle du ministre d\u2019Etat conseiller lors de la   discussion du budget 2006, en D\u00e9cembre 2005 et je cite Monsieur le ministre   \u00ab\u00a0aucun parti vert n\u2019a pr\u00e9sent\u00e9 une demande de l\u00e9galisation \u00e0 nos jours\u00a0\u00bb.   C\u2019est-\u00e0-dire D\u00e9cembre 2005\u00a0! Cette r\u00e9ponse a \u00e9t\u00e9 donn\u00e9e \u00e0 deux questions   pos\u00e9es par deux conseillers, Messieurs Moncef Chebbi et Ezzedine Chammari,   concernant le refus du minist\u00e8re de l\u2019int\u00e9rieur de l\u00e9galiser la parti   \u00ab\u00a0Tunisie Verte\u00a0\u00bb. Pourtant Monsieur Khammassi dans sa fameuse d\u00e9claration du   4 Mars 2006 \u00e0 \u00ab\u00a0El Chrourouk\u00a0\u00bb a d\u00e9clar\u00e9 qu\u2019il a d\u00e9pos\u00e9 son dossier de   l\u00e9galisation le 14 Novembre 2005\u00a0\u00bb\u00a0!!J\u2019\u00e9cris bien Novembre 2005.<\/span><\/p>\n<p> <span lang=\"FR\">Alors qui nous dit   la v\u00e9rit\u00e9\u00a0? Le Ministre ou le d\u00e9put\u00e9 lib\u00e9ral transform\u00e9 en d\u00e9put\u00e9 vert\u00a0???!!!   La v\u00e9rit\u00e9 comme le confirme l\u2019AFP dans ses communiqu\u00e9s\u00a0[<a href=\"http:\/\/www.reveiltunisien.org\/article.php3?id_article=2428#nb5\" target=\"_blank\" rel=\"noopener\">5<\/a>],   le parti \u00ab\u00a0Tunisie Verte\u00a0\u00bb a bel et bien d\u00e9pos\u00e9 sa demande de l\u00e9galisation   bien avant Mr\u00a0Khammassi -s\u2019il l\u2019a d\u00e9pos\u00e9e- aux services du minist\u00e8re de   l\u2019Int\u00e9rieur, qui a refus\u00e9 de remettre le r\u00e9c\u00e9piss\u00e9 de d\u00e9p\u00f4t l\u00e9gal. Cette   information a \u00e9t\u00e9 confirm\u00e9e \u00e0 l\u2019\u00e9poque par les journaux tunisiens \u00ab\u00a0El   Mawkef\u00a0\u00bb, \u00ab\u00a0El Wehda\u00a0\u00bb, \u00ab\u00a0R\u00e9alit\u00e9s\u00a0\u00bb, \u00ab\u00a0Akhbar El Joumhouria\u00a0\u00bb et plusieurs   sites Web tunisiens\u00a0: Tunis News, R\u00e9veil Tunisien, Tunezine et arabe \u00ab\u00a0El   Ahram\u00a0\u00bb ainsi que des sites de gouvernements amis de la Tunisie\u00a0[<a href=\"http:\/\/www.reveiltunisien.org\/article.php3?id_article=2428#nb6\" target=\"_blank\" rel=\"noopener\">6<\/a>].<\/span><\/p>\n<p> <span lang=\"FR\">Le parti \u00ab\u00a0Tunisie   Verte\u00a0\u00bb, depuis sa cr\u00e9ation, n\u2019a pas cess\u00e9 ses activit\u00e9s, selon la loi qui   stipule que pass\u00e9 4 mois apr\u00e8s le d\u00e9p\u00f4t du dossier de constitution, et suite   au silence de l\u2019administration, le parti est autoris\u00e9 \u00e0 avoir des activit\u00e9s   prot\u00e9g\u00e9es par la loi. N\u00e9anmoins et apr\u00e8s avoir rappel\u00e9 ce droit dans un   communiqu\u00e9 et demand\u00e9 son r\u00e9c\u00e9piss\u00e9 l\u00e9gal, comme l\u2019exige la loi (d\u00e9p\u00eache de   l\u2019AFP du 23\/07\/2006), certains journaux ont commenc\u00e9 une campagne de calomnie   contre \u00ab\u00a0Tunisie Verte\u00a0\u00bb. Dans le rapport de 2005 sur les libert\u00e9s de la   presse des membres du bureau de l\u2019association des journalistes tunisiens (AJT)   il est dit \u00ab\u00a0il parait que les articles, pr\u00e9par\u00e9s \u00e0 l\u2019avance, selon la   commande, pour attaquer des organisations et les partis, s\u2019attaquent aux   partis en constitution, tel le journal \u00ab\u00a0El Hadath\u00a0\u00bb du 4 Ao\u00fbt 2004 dans un   article non sign\u00e9 s\u2019attaque \u00e0 \u00ab\u00a0Tunisie Verte\u00a0\u00bb et d\u00e9clare que les membres   constitutifs ignorent la loi et n\u2019ont pas re\u00e7u de d\u00e9p\u00f4t l\u00e9gal, tout en   omettant de dire que le coordinateur national de \u00ab\u00a0Tunisie Verte\u00a0\u00bb, Monsieur   Abdelkader Zitouni, a d\u00e9clar\u00e9 au journal \u00ab\u00a0Ettarik El Jadid\u00a0\u00bb que le directeur   des affaires politiques a refus\u00e9 de le recevoir et il est rest\u00e9 toute une   journ\u00e9e pour d\u00e9poser la demande de l\u00e9galisation du parti, le 19 Avril 2004,   sans avoir re\u00e7u le r\u00e9c\u00e9piss\u00e9 de d\u00e9p\u00f4t comme l\u2019exige la loi\u00a0\u00bb. Ainsi les   inqui\u00e9tudes, concernant le r\u00f4le du minist\u00e8re de l\u2019Int\u00e9rieur se confirment et   pas seulement chez les journalistes tunisiens ind\u00e9pendants. Une jeune   \u00e9cologiste tunisienne a envoy\u00e9 \u00e0 \u00ab\u00a0Jeune Afrique\u00a0\u00bb une lettre (JA N\u00b0\u00a02280 du   19 au 25 Septembre 2004) lorsqu\u2019elle a lu le \u00ab\u00a0confidentiel\u00a0\u00bb (paru au   N\u00b0\u00a02274) qui annonce le refus du minist\u00e8re de l\u2019int\u00e9rieur de l\u00e9galiser   \u00ab\u00a0Tunisie Verte\u00a0\u00bb.<\/span><\/p>\n<p> <span lang=\"FR\">Et nous citons   \u00ab\u00a0Je serai catastroph\u00e9e si le minist\u00e8re de l\u2019int\u00e9rieur tunisien, refusant la   cr\u00e9ation d\u2019un parti \u00e9cologiste en Tunisie \u00ab\u00a0Tunisie Verte\u00a0\u00bb &#8230; la cr\u00e9ation   d\u2019un parti \u00e9cologiste est loin d\u2019\u00eatre un luxe ou un caprice, \u00e7a serait au   contraire une tr\u00e8s bonne d\u00e9cision pour p\u00e9renniser le nom de Tunisie Verdoyante   .\u00a0\u00bb Malheureusement, ch\u00e8re Hend, les apprentis sorciers, les caciques, les   thurif\u00e9raires ont confirm\u00e9 tes inqui\u00e9tudes\u00a0: ils ont vol\u00e9 notre \u00ab\u00a0Tunisie   Verte\u00a0\u00bb.<\/span><\/p>\n<p> <span lang=\"FR\">Le parti \u00ab\u00a0Tunisie   Verte\u00a0\u00bb les inqui\u00e8te, car il a choisi la d\u00e9fense de l\u2019\u00e9cologie et aussi des   Droits de l\u2019Homme et de la Femme et a particip\u00e9 \u00e0 toutes les activit\u00e9s de la   soci\u00e9t\u00e9 civile pour la lib\u00e9ration des prisonniers politiques, et a fait partie   de la \u00ab\u00a0Coalition D\u00e9mocratique\u00a0\u00bb aux \u00e9lections de Mai 2005\u00a0[<a href=\"http:\/\/www.reveiltunisien.org\/article.php3?id_article=2428#nb7\" target=\"_blank\" rel=\"noopener\">7<\/a>].<\/span><\/p>\n<p> <span lang=\"FR\">L\u2019apport de   \u00ab\u00a0Tunisie Verte\u00a0\u00bb en id\u00e9es \u00e9cologiques et politiques a \u00e9t\u00e9 appr\u00e9ci\u00e9 par tous   ses partenaires. La grande panique des caciques s\u2019est manifest\u00e9e avec plus   d\u2019agression cette fois-ci apr\u00e8s la d\u00e9claration de 32 partis verts europ\u00e9ens,   le 15 Octobre 2006, r\u00e9unis en congr\u00e8s. Ce communiqu\u00e9 a \u00e9t\u00e9 largement diffus\u00e9   depuis Gen\u00e8ve. Tous les partis r\u00e9unis, en pr\u00e9sence du coordinateur national de   \u00ab\u00a0Tunisie Verte\u00a0\u00bb ont d\u00e9clar\u00e9 \u00ab\u00a0reconna\u00eetre le parti \u00ab\u00a0Tunisie Verte\u00a0\u00bb et   appelle le gouvernement tunisien \u00e0 autoriser sans d\u00e9lais la reconnaissance   l\u00e9gale du parti \u00ab\u00a0Tunisie Verte\u00a0\u00bb et ont constat\u00e9 que \u00ab\u00a0le Hold-up, sans   pr\u00e9c\u00e9dent commis contre notre partenaire pr\u00e9sent au congr\u00e8s \u00ab\u00a0Tunisie Verte\u00a0\u00bb,   est une affaire qui sera trait\u00e9e directement avec les autorit\u00e9s sup\u00e9rieures en   Tunisie et qui rend n\u00e9cessaire l\u2019envoi d\u2019une d\u00e9l\u00e9gation du parti vert europ\u00e9en   en Tunisie dans le but d\u2019en savoir plus sur les conditions dans lesquelles   notre parti fr\u00e8re est oblig\u00e9 de travailler.\u00a0\u00bb<\/span><\/p>\n<p> <span lang=\"FR\">Le 1er Novembre   2006 dans un article non sign\u00e9 le journal \u00ab\u00a0EL CHOUROUK\u00a0\u00bb calomnie le   coordinateur national et notre parti \u00ab\u00a0Tunisie Verte\u00a0\u00bb. Et comme le dit le   dicton arabe \u00ab\u00a0ainsi Halima renoue avec ses vieilles habitudes\u00a0\u00bb\u00a0!!!<\/span><\/p>\n<p> <span lang=\"FR\">Pour r\u00e9pondre \u00e0   cette nouvelle campagne de d\u00e9nigrement, le coordinateur national a d\u00e9pos\u00e9   plainte aupr\u00e8s du minist\u00e8re de la justice, et a appel\u00e9 \u00e0 une conf\u00e9rence de   presse le 9\/12\/2006 en pr\u00e9sence du camarade Docteur Arnold Cassola, d\u00e9put\u00e9   vert italien et ancien secr\u00e9taire g\u00e9n\u00e9ral du Parti vert europ\u00e9en, cette   conf\u00e9rence a \u00e9t\u00e9 interdite, malgr\u00e9 la demande officielle de \u00ab\u00a0Tunisie Verte\u00a0\u00bb,   et le jour de la conf\u00e9rence, la police a occup\u00e9 en force l\u2019immeuble o\u00f9 devait   se tenir cette conf\u00e9rence et toutes les rues avoisinantes.<\/span><\/p>\n<p> <span lang=\"FR\">Le 8 D\u00e9cembre   2006, les m\u00eames conseillers, qui ont pos\u00e9 la question sur le refus de la   l\u00e9galisation de \u00ab\u00a0Tunisie Verte\u00a0\u00bb, Messieurs Moncef Chebbi et Ezzedine   Chammari, ont rappel\u00e9 devant la Chambre des conseillers, en pr\u00e9sence de tous   les membres du gouvernement, pr\u00e9sents le premier jour de la discussion du   budget 2007, au ministre d\u2019Etat sa d\u00e9claration de 2005 et ont soulev\u00e9 devant   l\u2019assembl\u00e9e ses contradictions. Ils ont exig\u00e9 la reconnaissance de \u00ab\u00a0Tunisie   Verte\u00a0\u00bb.<\/span><\/p>\n<p> <span lang=\"FR\">Apr\u00e8s la r\u00e9union,   il semblerait que tous les conseillers ont \u00e9t\u00e9 soulag\u00e9s et comme si on a   exorcis\u00e9 \u00e0 leur place \u00ab\u00a0un gros mensonge ubuesque\u00a0\u00bb. Un ancien premier   ministre, devenu conseiller, s\u2019est exclam\u00e9\u00a0: \u00ab\u00a0Dans quel p\u00e9trin on nous a   mis\u00a0!!!!\u00a0\u00bb<\/span><\/p>\n<p><b> <span lang=\"FR\">  Zitouni Mustpha<\/span><\/b><\/p>\n<div> <span lang=\"FR\"> <\/p>\n<hr align=\"left\" noshade=\"\" size=\"1\" width=\"30%\"\/><\/span> <\/div>\n<p> <span lang=\"FR\">[<a href=\"http:\/\/www.reveiltunisien.org\/article.php3?id_article=2428#nh1\" target=\"_blank\" rel=\"noopener\">1<\/a>]   La Presse, Essabah El Chourouk &#8230; du 4 Mars 2006<\/span><\/p>\n<p> <span lang=\"FR\">[<a href=\"http:\/\/www.reveiltunisien.org\/article.php3?id_article=2428#nh2\" target=\"_blank\" rel=\"noopener\">2<\/a>]   Vous trouverez toutes les d\u00e9clarations de \u00ab\u00a0Tunisie Verte\u00a0\u00bb sur le Net\u00a0: Tunis   News, R\u00e9veil Tunisien, Tunizine et au journal \u00ab\u00a0El Mawkef\u00a0\u00bb hebdomadaire du   PDP.<\/span><\/p>\n<p> <span lang=\"FR\">[<a href=\"http:\/\/www.reveiltunisien.org\/article.php3?id_article=2428#nh3\" target=\"_blank\" rel=\"noopener\">3<\/a>]   3<\/span><\/p>\n<p> <span lang=\"FR\">[<a href=\"http:\/\/www.reveiltunisien.org\/article.php3?id_article=2428#nh4\" target=\"_blank\" rel=\"noopener\">4<\/a>]   Notre camarade membre fondateur, feu Nourredine Kheder, a pass\u00e9 plus de 10 ans   \u00e0 Borj Erroumi<\/span><\/p>\n<p> <span lang=\"FR\">[<a href=\"http:\/\/www.reveiltunisien.org\/article.php3?id_article=2428#nh5\" target=\"_blank\" rel=\"noopener\">5<\/a>]   Lire le communiqu\u00e9 de presse de l\u2019AFP le 11 Mars 2006<\/span><\/p>\n<p> <span lang=\"FR\">[<a href=\"http:\/\/www.reveiltunisien.org\/article.php3?id_article=2428#nh6\" target=\"_blank\" rel=\"noopener\">6<\/a>]   Consultez particuli\u00e8rement\u00a0: le bilan d\u2019une ann\u00e9e pour consolider \u00ab\u00a0Tunisie   Verte\u00a0\u00bb (Avril 2004- Juin 2005) sur le web, Tunis News N\u00b0\u00a02142 du 3\/04\/2006   archive www.tunisnews.net<\/span><\/p>\n<p> <span lang=\"FR\">[<a href=\"http:\/\/www.reveiltunisien.org\/article.php3?id_article=2428#nh7\" target=\"_blank\" rel=\"noopener\">7<\/a>]   D\u00e9clarations de la coalition du 2 Mars 2005 (PDP,<\/span><\/p>\n<p> <span lang=\"FR\">\u00a0<\/span><\/p>\n<p><b> <span lang=\"FR\">  (Source\u00a0: \u00ab\u00a0Tunisie, R\u00e9veille-toi\u00a0\u00bb, le 11 janvier 2007)<\/span><\/b><\/p>\n<p><b> <span lang=\"FR\">  Lien\u00a0:<\/span><span lang=\"FR\"> <a href=\"http:\/\/www.reveiltunisien.org\/article.php3?id_article=2428\" target=\"_blank\" rel=\"noopener\">  http:\/\/www.reveiltunisien.org\/article.php3?id_article=2428<\/a><\/span><\/b><span lang=\"FR\"> <\/span><\/p>\n<hr\/>\n<p>\u00a0<\/p>\n<p align=\"center\"> <b><span lang=\"FR\">  Citoyen : la soumission et la d\u00e9cadence<\/span><\/b><\/p>\n<p> <span lang=\"FR\">  Post\u00e9 sur les forums internes de reveiltunisien.org<\/span><\/p>\n<p> <span lang=\"FR\">Un gouverneur   escort\u00e9 par la bande \u00e0 Basile en direction d\u2019une walima : gigot, raieb, assel,   pain d\u2019orge toute la bande profite des modestes denr\u00e9es d\u2019un citoyen d\u00e9sign\u00e9   par le delegu\u00e9 pour faire manger la troupe du wali en sortie pour manger !! Ce   jour l\u00e0, j\u2019\u00e9tais sur la route avec ma voiture et je transportais des   marchandises de mon travail et j\u2019avais une livraison urgente, et quand el   mawkeb du wali arrive \u00e0 500m de moi un motard fonce sur ma voiture et donne un   coup de botte dans la t\u00f4le me signifiant de sortir de la route J\u2019abdique comme   un soumis et je roule sur le terre-plein pour faire passer le fils de son   altesse le bey. Cela n\u2019a pas suffit un 2eme motard me braque il m\u2019ordonna de   stopper totalement sur place et ne pas circuler jusqu\u2019a disparition des   razzias !!<\/span><\/p>\n<p> <span lang=\"FR\">Le sc\u00e9nario est   quotidien, encore pire ce jour l\u00e0 \u00e0 6 heures du matin on frappe a ma porte \u00e0   coups de jabarout. J\u2019ouvre la porte \u00e0 un policier et il m\u2019ordonne de d\u00e9gager   ma voiture de devant chez moi sur mon propre parking. Car tenez vous bien le   ministre de l\u2019int\u00e9rieur passe par la route et sur ordre du commissaire. Je   vous r\u00e9ponds au premier cas je ne me suis pas arr\u00eat\u00e9 sur instruction du motard   et au 2eme cas je n\u2019ai pas d\u00e9gag\u00e9 ma voiture !!<\/span><\/p>\n<p> <span lang=\"FR\">Un jour le chef   est en visite dans un gouvernorat et quelle id\u00e9e de bloquer toutes les routes   qui m\u00e8nent au fief chef lieu du gouvernorat ,et pourtant notre idole est venue   en h\u00e9licopt\u00e8re !! Quand vous voyez des choses pareilles dans votre pays il y a   de quoi s\u2019arracher les cheveux ou \u00e9clater de haine de m\u00e9pris de r\u00e9volte, alors   j\u2019ai choisi de partir loin hors de la Tunisie o\u00f9 il y a ce r\u00e9gime qui ne   respecte personne et qui veut \u00e9craser tout le monde sous ses pieds sauf les   privil\u00e9gi\u00e9s !<\/span><\/p>\n<p> <span lang=\"FR\">Comment expliquer   toutes les sorties de celui qui nous commande par le baton et la police ? Un   vrai calvaire pour les automobilistes et les autres citoyens refoul\u00e9s des   stations de bus ceux qui se levent le matin pour aller travailler ! Des   tunisiens qui se l\u00e8vent le matin sur le bruit d\u2019un h\u00e9licoptere abeille qui   ronronne au dessus de leurs t\u00eates toute la matin\u00e9e. Soit disant la s\u00e9curit\u00e9   &#8230; quelle securit\u00e9 et quel bruit, les axes de circulation sont coup\u00e9s et la   police renforc\u00e9e, des agents de harass parsem\u00e9s dans les champs comme des   carottes ! Plus personne ne bouge. Que se passe t il ? Tiens le chef va \u00e0   l\u2019assembl\u00e9e pourquoi ? Pour demander la b\u00e9n\u00e9diction des \u00e9lus, pardon, des   soumis design\u00e9s en vue d\u2019un autre mandat !<\/span><\/p>\n<p> <span lang=\"FR\">Sur la route x   devenue aussi bvd du 7nov personne ne passe toute la journ\u00e9e. Je connais m\u00eame   des chirurgiens qui ne sont pas arriv\u00e9s au rv d\u2019op\u00e9rations, des pilotes qui   ont rat\u00e9s leurs vols, des juges absents de proc\u00e9dures, des renvoy\u00e9s arrivants   en retard au travail et \u00e0 fournir un alibi sauf le passage du chef. N\u2019en   parlons pas quand il se d\u00e9place \u00e0 l\u2019int\u00e9rieur du pays, d\u2019abord tous les bus   jaunes de la snt sont confisqu\u00e9s aux d\u00e9pends des \u00e9tudiants, des fonctionnaires   et de tout ce monde qui travaille \u00e0 Tunis. Toute la police se d\u00e9place avec son   chef, m\u00eame la police de circulation et la capitale devient une foire et on   s\u2019en fout.<\/span><\/p>\n<p> <span lang=\"FR\">Tiens on me   raconte qu\u2019un wali a pleur\u00e9 toute la journ\u00e9e et el hachia lui \u00e9ponge les   larmes avec un bechkir d\u2019un citoyen et pourquoi tout ca mr le wali r\u00e9cent car   tenez vous bien la visite du chef est r\u00e9ussie et il est parti content. Ce m\u00eame   wali avant l\u2019arriv\u00e9e du chef 3 mois \u00e0 l\u2019avance il bossait jour et nuit lui et   le d\u00e9l\u00e9gu\u00e9 et il a refait les toilettes de la wilya pour 7 millions, ferm\u00e9es \u00e0   cl\u00e9 jusqu\u2019au jour J de l\u2019arriv\u00e9e du chef.<\/span><\/p>\n<p> <span lang=\"FR\">Les personnels de   la wilaya sont contraints de faire leurs besoins dans le oued plus bas !!!!!!   A 5h du matins tout le monde est embarqu\u00e9 dans les bus jaunes les vieux et les   malades aussi pour aller applaudir le sauveur, les magasins ferm\u00e9s et gare \u00e0   celui qui ne se d\u00e9place pas ou ne ferme pas : il est not\u00e9 par les oumdas qui   rodent sur des mobylettes cadeaux des \u00e9lections de 1999 et il sera r\u00e9prim\u00e9 !   Des gens tir\u00e9s par s\u00e9lection par les d\u00e9l\u00e9gu\u00e9s seront les heureux \u00e0 participer   au discours du chef \u00e0 la wilaya mais avant ils sont pass\u00e9s aux fouilles de la   police et \u00e0 poil ! <\/span><\/p>\n<p> <span lang=\"FR\">Quel g\u00e2chis et   quelle humiliation ! Ils sont des juges, des chefs d\u2019entreprises, des   professions lib\u00e9rales, des kawadas, des mesquins. Dire qu\u2019il y a m\u00eame des   tribunaux ferm\u00e9s ce jour et les juges t\u00eates baiss\u00e9es saluent leurs idole,   alors que lorsqu\u2019il s\u2019agissait de juger un pauvre citoyen ils mettaient le   turbo et la voix du tonnerre. voila la situation de la Tunisie moderne avec   son lot d\u2019\u00e9v\u00e8nements au quotidien dont le mal est aussi fabriqu\u00e9 par des gens   d\u2019un certain niveau.<\/span><\/p>\n<p><b> <span lang=\"FR\">  (Source\u00a0: \u00ab\u00a0Tunisie, R\u00e9veille-toi\u00a0\u00bb, le 11 janvier 2007)<\/span><\/b><\/p>\n<p> <span lang=\"FR\">  Lien:<\/span><span lang=\"FR\"><a href=\"http:\/\/www.reveiltunisien.org\/article.php3?id_article=2429\" target=\"_blank\" rel=\"noopener\">http:\/\/www.reveiltunisien.org\/article.php3?id_article=2429<\/a> <\/span><\/p>\n<hr\/>\n<p>\u00a0<\/p>\n<p align=\"center\"> <b><span lang=\"FR\"><font size=\"3\">Les   \u00e9chos du Palais, l\u2019autre Palais.<\/font><\/span><\/b><\/p>\n<p> <span lang=\"FR\">  Post\u00e9 sur les forums de reveiltunisien.org<\/span><\/p>\n<p> <span lang=\"FR\">Faut-il un palais   pour gouverner un pays, en Tunisie le principal palais de Carthage construit   par le magnat juif tunisien cacoub, ancien vestige des beys de Tunisie, qui   sont les initiateurs des palais ou r\u00e8gne le faste face \u00e0 la mis\u00e8re du peuple   assi\u00e9g\u00e9 par le despotisme et le colonialisme, englouti dans la pauvret\u00e9 sous   la haine et le m\u00e9pris. Heureusement, il y a une fin pour tout le monde gr\u00e2ce \u00e0   Allah, Sadok Bey a \u00e9t\u00e9 humili\u00e9 avec ces ministres profiteurs dans son propre   palais \u00e0 Kssar Said, il a \u00e9t\u00e9 contraint de signer en 1881 le trait\u00e9 du   protectorat fran\u00e7ais sur la Tunisie par la force.<\/span><\/p>\n<p> <span lang=\"FR\">Ce jour le bey   pleurait, ces acolytes de ministres en sanglots, le harem est triste et en   pleurs. Des milliers de soldats entouraient le palais du Bey et pr\u00eats \u00e0 tirer   et tuer si le Bey refusait de signer. Quelle gifle pour le dictateur-despote   d\u00e9chu du pouvoir en quelques heures avec les ministres dont les noms bien   connus de la nomenclatura de la bourgeoisie tunisienne : voir le t\u00e9moignage   d\u2019un rescap\u00e9 sur la fameuse revue REALITES, revue distribu\u00e9e gratuitement   tellement boud\u00e9e par les lecteurs par sa soumission au r\u00e9gime et au vivotage   de zahar entre le rouge et le violet, l\u00e0 ou a \u00e9t\u00e9 form\u00e9 le grand l\u00e8che botte   MECHRI.<\/span><\/p>\n<p> <span lang=\"FR\">Les Beys de   Tunisie ont r\u00e9ussi \u00e0 apprendre la soumission et la peur aux tunisiens, aussi   elkwada c\u2019est \u00e0 dire la d\u00e9nonciation d\u2019autrui en d\u2019autres termes la l\u00e2chet\u00e9 et   ettakarreb min essoulta c\u2019est \u00e0 dire faire le maximum pour \u00eatre dans la sph\u00e8re   du bey et arriver par tous les moyens a \u00eatre bien vu et camoufler la   faiblesse.<\/span><\/p>\n<p> <span lang=\"FR\">Les Beys ont   appris aux tunisiens la grande taille et l\u2019immensit\u00e9 de ceux qui gouvernent   elhakem, ce pauvre tunisien traumatis\u00e9 par le harass, par la police, par le   juge, par el oumda par elklifa du Bey par elkbatha : le fisc, et durant des   si\u00e8cles on a abouti \u00e0 cette situation similaire aujourd\u2019hui ; dont le mental   du tunisien reste fragile soumis, ligot\u00e9 il voit grand tr\u00e8s grand le chef   supr\u00eame qu\u2019il divinise et lui donne toute la libert\u00e9 et tout le pouvoir de le   mener par le bout du nez.<\/span><\/p>\n<p> <span lang=\"FR\">C\u2019est dans ce sens   que la vie politique en Tunisie continue sur le m\u00eame chemin du Bey avec plus   d\u2019allure et de modernit\u00e9, plus de couleurs de portraits de fanions. Les \u00e9chos   du palais continuent de la m\u00eame mani\u00e8re de telle fa\u00e7on \u00e0 montrer que dans ce   pays il n\u2019y a que lui le chef et rien d\u2019autres n\u2019a de valeur m\u00eame pas le pays   entier.<\/span><\/p>\n<p> <span lang=\"FR\">Cette manipulation   est voulue et mijot\u00e9e par les l\u00e2ches les infid\u00e8les et les manipulateurs petits   fils de la nomenclatura des Beys de Tunisie. Les informations \u00e0 la t\u00e9l\u00e9vision   tunisienne canal 7 comme quoi il y a 6 autres canaux !!! Commence par cette   pr\u00e9sentatrice choisie pour la manie des mots et \u00e0 la vol\u00e9e le ballet est   ouvert directement du palais et on insiste sur le nom ZAINN. Il a re\u00e7u, il a   donn\u00e9, il a conf\u00e9r\u00e9, t\u00e9l\u00e9grammes, prix, avant gardiste, conseil des ministres   des plus archa\u00efque du monde, une table en longueur, un chef qui parle avec   tous les gestes, des ministres qui penchent la t\u00eate pour voler le regard, des   \u00e9l\u00e8ves de l\u2019\u00e9cole primaire avec le directeur.<\/span><\/p>\n<p> <span lang=\"FR\">La soumission qui   r\u00e8gne, le silence de taille, la peur de dire des conneries, vaut mieux se   cacher et garder le poste que de s\u2019activer et sauter. Ils ont trouv\u00e9 l\u2019astuce   de durer dans le temps. Tiens on voit tous les jours le m\u00eame sc\u00e9nario, le   premier ministre sans signification avec son cartable de l\u2019\u00e9cole jadis   rentrant par la porte entre deux gardes sur un paillasson, dr\u00f4le de topo de   tous les jours qui fait reculer la Tunisie \u00e0 l\u2019\u00e8re du temps de Moncef Bey.<\/span><\/p>\n<p> <span lang=\"FR\">Il y a cette   salle, des ministres qui tournent la t\u00eate dirig\u00e9e par la mati\u00e8re grise de   Abdelaziz ben Dhia l\u2019initiateur de 2009, et cette office politique des temps   modernes avec des sommit\u00e9s telle Alifa Farouk cette femme qui a seulement dit   \u00ab j\u2019adore Ben Ali \u00bb et la voila au sommet avec une dizaine de responsabilit\u00e9s   et des avantages \u00e0 couper le souffle des tunisiens dont la respiration   s\u2019arr\u00eate parfois tellement ils voient des surprises dans leurs pays.<\/span><\/p>\n<p> <span lang=\"FR\">Et quand le chef   n\u2019est pas au palais, il se repose dans un autre palais. Les informations   continuent a donner des \u00e9chos du palais par des r\u00e9sum\u00e9s de la semaine tout   autour du palais et dans le palais \u00e9quip\u00e9 de tout, de la piscine , golf,   tennis, salle de sport, jardins, a\u00e9roport, des centaines d\u2019hectares et des   vestiges de toute sorte, toutes les commodit\u00e9s et tout le faste face \u00e0 la   m\u00e9diterran\u00e9e source de fra\u00eecheur et de fruits de mer. Des milliers de   personnels au service avec des centaines de conseillers des valets, des   gardes, des soldats et un budget modeste de 57 milliards, modeste d\u2019apr\u00e8s une   majorit\u00e9 de d\u00e9put\u00e9s soumis, \u00e0 comparer avec 2 minist\u00e8res confondus qui ont 19   milliards de budget !!<\/span><\/p>\n<p> <span lang=\"FR\">O\u00f9 va t-on avec le   bendir quotidien d\u2019une cat\u00e9gorie de tunisiens qui ont trouv\u00e9 la faille, pour   arriver il faut vendre la peau de l\u2019ours, jeter les principes, porter un pin\u2019s   avec un sept ou la photo du chef, une tenue violette ou rouge et surtout   r\u00e9p\u00e9ter le maximum \u00ab le changement \u00bb, l\u2019action de Ben Ali qui a fait \u00e7a et \u00e7a   et nous sommes avec lui et il n\u2019y a que lui &#8230;.<\/span><\/p>\n<p> <span lang=\"FR\">Du palais les   informations passent en Palestine ou en Irak comme quoi il n\u2019y rien d\u2019autre en   Tunisie. Le pays d\u00e9laiss\u00e9 oubli\u00e9 marginalis\u00e9, des ministres sans \u00e2mes et sans   envergures et sans projets font le va et vient au palais la t\u00eate baiss\u00e9e et   les dossiers vides sans avis, sans declarations sans rien.<\/span><\/p>\n<p> <span lang=\"FR\">On a compris de   quoi il s\u2019agit. C\u2019est la main mise d\u2019abord par le parti RCDi enroule le chef   et le pays et d\u00e9cale le peuple.<\/span><\/p>\n<p><b> <span lang=\"FR\">  (Source\u00a0: \u00ab\u00a0Tunisie, R\u00e9veille-toi\u00a0\u00bb, le 11 janvier 2007)<\/span><\/b><\/p>\n<p><b> <span lang=\"FR\">  Lien\u00a0:<\/span><span lang=\"FR\"> <a href=\"http:\/\/www.reveiltunisien.org\/article.php3?id_article=2426\" target=\"_blank\" rel=\"noopener\">  http:\/\/www.reveiltunisien.org\/article.php3?id_article=2426<\/a><\/span><\/b><\/p>\n<p><\/font><\/div>\n<div align=\"center\">\n<hr\/>\n<p> <strong><\/p>\n<h2 style=\"color: red;\"><font size=\"3\">Mauritanie: 3 membres pr\u00e9sum\u00e9s du GSPC   arr\u00eat\u00e9s avant le passage du Dakar<\/font><\/h2>\n<p><\/strong><\/p>\n<\/div>\n<div align=\"justify\">     AFP, le 10 janvier 2007 \u00e0 18h13   NOUAKCHOTT, 10 jan 2007 (AFP) &#8211; Trois membres pr\u00e9sum\u00e9s du Groupe salafiste   pour la pr\u00e9dication et le combat (GSPC), un mouvement alg\u00e9rien alli\u00e9 \u00e0   Al-Qa\u00efda, ont \u00e9t\u00e9 arr\u00eat\u00e9s lundi en Mauritanie, o\u00f9 doit arriver jeudi le rallye   Dakar 2007, a-t-on appris mercredi de sources s\u00e9curitaires \u00e0 Nouakchott.      \u00ab\u00a0Les arrestations de trois pr\u00e9sum\u00e9s membres du GSPC ont eu lieu lundi \u00e0   Nouakchott\u00a0\u00bb, a-t-on indiqu\u00e9 de m\u00eames sources.      Cette annonce intervient \u00e0 la veille de l&rsquo;arriv\u00e9e du rallye en Mauritanie et   au lendemain d&rsquo;un appel du GSPC aux Alg\u00e9riens \u00e0 s&rsquo;en prendre \u00e0 des Fran\u00e7ais.      Les personnes arr\u00eat\u00e9es, dont l&rsquo;identit\u00e9 n&rsquo;a pas \u00e9t\u00e9 r\u00e9v\u00e9l\u00e9e, sont toutes de   nationalit\u00e9 mauritanienne, ont affirm\u00e9 ces m\u00eames sources, sans pr\u00e9ciser si   cette arrestation avait un lien avec le rallye.      Aucun \u00e9l\u00e9ment ne permet \u00e0 ce jour de lier ces arrestations au passage du   rallye. Cette annonce intervient toutefois \u00e0 la veille de l&rsquo;arriv\u00e9e de la   course en Mauritanie et au lendemain d&rsquo;un appel du GSPC aux Alg\u00e9riens \u00e0 s&rsquo;en   prendre aux Fran\u00e7ais.      Pays essentiellement d\u00e9sertique au carrefour entre le Maghreb et l&rsquo;Afrique   sub-saharienne, la Mauritanie est au coeur de l&rsquo;\u00e9dition 2007 du Rallye Dakar,   qui ne passe pas par la capitale Nouakchott. Les concurrents vont y rester une   semaine, du 11 au 18 janvier.      \u00ab\u00a0Il n&rsquo;y a pas de quoi s&rsquo;inqui\u00e9ter, toutes les mesures ont \u00e9t\u00e9 prises par le   gouvernement qui a envoy\u00e9 des \u00e9quipes sur tout le trac\u00e9\u00a0\u00bb, a indiqu\u00e9 le   repr\u00e9sentant du rallye en Mauritanie, Moulaye M&rsquo;hamed Zeyne, joint au   t\u00e9l\u00e9phone par l&rsquo;AFP.      M. Zeyne a estim\u00e9 que ces arrestations \u00e9taient \u00ab\u00a0des mesures pr\u00e9ventives pour   \u00e9viter des risques\u00a0\u00bb, et qu&rsquo;il s&rsquo;agissait de \u00ab\u00a0cas isol\u00e9s car le GSPC n&rsquo;est pas   actif en Mauritanie\u00a0\u00bb.      Selon les services secrets fran\u00e7ais, le GSPC compte 500 hommes arm\u00e9s, dont 400   en Alg\u00e9rie et une centaine se d\u00e9pla\u00e7ant dans la zone sah\u00e9lienne entre la   Mauritanie, le Mali et le Niger.      AFP \u00a0<\/div>\n<div align=\"justify\">\n<hr\/>\n<\/div>\n<div align=\"center\"> <strong><font>Apr\u00e8s l\u2019attentat de Djerba en 2002 :    <\/font><\/p>\n<h2 style=\"color: red;\"><font size=\"3\">La Tunisie menac\u00e9e, une nouvelle fois,   par le terrorisme<\/font><\/h2>\n<p><\/strong><\/div>\n<div align=\"justify\"> <strong><font>Nizar Bahloul<\/font><\/strong>      En une dizaine de jours, les forces de l\u2019ordre tunisiennes ont r\u00e9ussi deux   coups de ma\u00eetre apr\u00e8s un affrontement arm\u00e9 avec de dangereux criminels. Ils   appartiendraient \u00e0 un groupe de tendance salafiste aux ramifications   internationales. On d\u00e9nombre 14 morts et 15 arrestations dans les deux   affrontements avec les forces de s\u00e9curit\u00e9. Mais que s\u2019est-il r\u00e9ellement pass\u00e9   les 23 d\u00e9cembre et 3 janvier au Sud de Tunis ? Beaucoup d\u2019interrogations qui   restent pour le moment sans r\u00e9ponses.       Le terrorisme n\u2019a pas de fronti\u00e8res et on ne compte plus les pays qui l\u2019ont   connu ces derni\u00e8res ann\u00e9es. New-York, le 11 Septembre, bien s\u00fbr, mais aussi   Djerba, Casablanca, Madrid, Londres\u2026 Tunis a-t-elle \u00e9chapp\u00e9 \u00e0 un autre triste   rendez-vous de ce genre apr\u00e8s les affrontements arm\u00e9s des 23 d\u00e9cembre et 3   janvier entre les forces de l\u2019ordre et une bande de jeunes qui   appartiendraient \u00e0 un groupe de tendance salafiste ? Nous sommes bien tent\u00e9s   de le croire au vu des rares d\u00e9tails qui ont filtr\u00e9 sur cette confrontation   arm\u00e9e d\u2019une tr\u00e8s rare violence dans notre pays. On ne conna\u00eet en effet qu\u2019un   unique pr\u00e9c\u00e9dent du genre depuis l\u2019Ind\u00e9pendance : celui de Gafsa en 1980 quand   des terroristes entr\u00e9s par la Libye se sont attaqu\u00e9s \u00e0 une caserne et ont eu   une confrontation arm\u00e9e durant trois jours qui a entra\u00een\u00e9 un important nombre   de morts \u00e0 l\u2019\u00e9poque.       Les derniers affrontements entre ce groupe et les forces de l\u2019ordre (police,   garde nationale et arm\u00e9e) ont d\u00e9montr\u00e9 que nous avons une police bien inform\u00e9e   puisqu\u2019elle a r\u00e9ussi \u00e0 s\u2019informer \u00e0 temps avant qu\u2019il n\u2019y ait un attentat   quelconque dans le pays. Elle d\u00e9montre \u00e9galement que malgr\u00e9 une absence totale   d\u2019exp\u00e9rience d\u2019un affrontement arm\u00e9 de cette envergure, ces forces de l\u2019ordre   ont r\u00e9ussi \u00e0 avoir le dessus avec le minimum de d\u00e9g\u00e2ts. Ces affrontements   soul\u00e8vent cependant quelques interrogations inqui\u00e9tantes : comment ces armes   ont-elles p\u00e9n\u00e9tr\u00e9 dans le pays ? Comment un groupe a-t-il pu se constituer et   s\u2019entra\u00eener au nez et \u00e0 la barbe de tous et, surtout, rester en possession   d\u2019armes durant un bout de temps (certains m\u00e9dias parlent d\u2019un an et demi) sans   que personne n\u2019en sache quoi que ce soit ?       Au vu des quelques \u00e9l\u00e9ments d\u2019informations en notre possession, on sait qu\u2019un   groupe de Tunisiens de m\u00eame tendance islamiste a \u00e9t\u00e9 arr\u00eat\u00e9 fin d\u00e9cembre par   les autorit\u00e9s alg\u00e9riennes. Ces Tunisiens appartiendraient \u00e0 Al Qa\u00efda et ont   re\u00e7u des entra\u00eenements par plusieurs groupes terroristes \u00e9trangers. Ont-ils un   lien avec ceux qui se sont affront\u00e9s avec les forces tunisiennes ? S\u2019agit-il   du m\u00eame groupe ? Comment les services tunisiens ont-ils eu vent de l\u2019affaire ?   Est-ce vrai que c\u2019est une question de commande importante de pains qui a   \u00e9veill\u00e9 les soup\u00e7ons des services tunisiens ? Y a-t-il eu une taupe parmi les   terroristes qui a tout balanc\u00e9 ? Y a-t-il eu des \u00e9changes d\u2019informations entre   nos services secrets et leurs homologues de pays fr\u00e8res ou amis ? En l\u2019\u00e9tat   actuel des choses, et au vu du quasi silence de part et d\u2019autre, on ne peut   qu\u2019\u00e9mettre des hypoth\u00e8ses.       L\u2019hypoth\u00e8se d\u2019une d\u00e9nonciation de la part d\u2019un boulanger est \u00e0 la fois   farfelue et inqui\u00e9tante, car cela veut dire que l\u2019on a r\u00e9ussi \u00e0 d\u00e9manteler un   groupe aussi dangereux gr\u00e2ce au simple hasard. Celle d\u2019une taupe n\u2019est pas   improbable. Celle d\u2019une collaboration entre les forces tunisiennes de s\u00e9curit\u00e9   avec d\u2019autres forces arabes et \u00e9trang\u00e8res semble plus logique au vu des   traditions et fa\u00e7on de travailler des services de s\u00e9curit\u00e9 (notamment apr\u00e8s le   11 Septembre). Le jihadisme frappe, en effet, partout sans aucune distinction   des pays : Egypte, Maroc, Grande-Bretagne&#8230; Il est donc normal que les   services de s\u00e9curit\u00e9 \u00e9changent leurs informations et les donn\u00e9es qu\u2019elles   r\u00e9coltent lors de leurs enqu\u00eates ou suite \u00e0 des arrestations de terroristes.        ette hypoth\u00e8se est d\u2019autant plus probable qu\u2019elle est appuy\u00e9e par cette   information publi\u00e9e par le journal alg\u00e9rien Al Watan lorsqu\u2019il a relat\u00e9   l\u2019arrestation des Tunisiens arr\u00eat\u00e9s dans le maquis alg\u00e9rien. Selon le   quotidien, ils auraient d\u00e9clar\u00e9 lors de leur interrogatoire qu\u2019un groupe   salafiste tunisien avait \u00e9tabli des relations avec l\u2019\u00e9mir alg\u00e9rien Abdelmalek   Droukdel, dit Abou Moussab Abdelouadoud, le chef des phalanges du GSPC (le   groupe salafiste pour la pr\u00e9dication et le combat Alg\u00e9rie), et pr\u00e9parait une   offensive contre des int\u00e9r\u00eats \u00e9trangers. A rappeler que ce GSPC a affirm\u00e9 son   all\u00e9geance \u00e0 Al Qa\u00efda et qu\u2019il a \u00e9t\u00e9 l\u2019unique mouvement islamiste alg\u00e9rien \u00e0   refuser d\u2019abandonner les armes et la violence. On sait aussi, selon plusieurs   quotidiens alg\u00e9riens, que parmi les recrues du GSPC figurent des Marocains,   des Tunisiens et des Mauritaniens. Au vu de ces informations, publiques,   l\u2019hypoth\u00e8se d\u2019une collaboration entre services alg\u00e9riens et tunisiens est   hautement probable d\u2019autant plus que ces deux pays sont voisins et   entretiennent d\u2019excellentes relations.       Sur un autre plan, il ne faut pas oublier que l\u2019Alg\u00e9rie a d\u00e9cid\u00e9 de lib\u00e9rer   ces derniers temps quelques prisonniers islamistes impliqu\u00e9s de pr\u00e8s ou de   loin dans la d\u00e9cennie sanglante qu\u2019a connue le pays. Et certains parmi ces   prisonniers lib\u00e9r\u00e9s n\u2019ont pas coup\u00e9 les liens avec leur id\u00e9ologie et   continuent encore \u00e0 vouloir semer la terreur dans la r\u00e9gion. Il suffit de lire   quelques m\u00e9dias alg\u00e9riens pour en savoir davantage sur ces groupes terroristes   de diff\u00e9rentes tendances islamistes \u00e9voluant encore dans les maquis. Les   djihadistes semblent avoir la vie longue et il fallait quelque part s\u2019attendre   qu\u2019un jour ou l\u2019autre, la Tunisie allait \u00eatre contamin\u00e9e par cette gangr\u00e8ne   r\u00e9sidant aux portes de nos fronti\u00e8res.       Et il est fort probable que les armes que d\u00e9tenaient nos terroristes soient   parvenues de ces m\u00eames fronti\u00e8res tuniso-alg\u00e9riennes. Mais quelle que soit la   m\u00e9thode par laquelle ces criminels ont r\u00e9ussi \u00e0 faire p\u00e9n\u00e9trer les armes, la   r\u00e9ponse de la S\u00fbret\u00e9 nationale pouvait-elle \u00eatre diff\u00e9rente, c\u2019est-\u00e0-dire   autrement que par la force ? Les analystes semblent unanimes pour dire que   c\u2019est l\u2019unique m\u00e9thode qui marche avec ce genre de groupes et c\u2019est le cas   partout dans le monde. Qu\u2019ils soient islamistes, irlandais, basques ou corses,   on ne peut r\u00e9pondre aux groupes arm\u00e9s que par la force. La s\u00e9curit\u00e9 des   citoyens passant avant tout.       Selon des sources concordantes, parmi les terroristes abattus figurent au   moins un ancien fonctionnaire qui aurait re\u00e7u des entra\u00eenements dans des camps   salafistes afghans et alg\u00e9riens. Lass\u00e2ad Sassi, c\u2019est son nom, aurait re\u00e7u ses   ordres d\u2019un Mauritanien dont on ne sait s\u2019il est abattu, arr\u00eat\u00e9 ou recherch\u00e9.   Avec Lass\u00e2ad Sassi figure un jeune \u00e9tudiant de 22 ans du nom de Rab\u00eei Bacha   qui avait une bonne r\u00e9putation chez ses voisins. Selon des t\u00e9moins oculaires,   cit\u00e9s par des confr\u00e8res, l\u2019affrontement arm\u00e9 avec les forces de l\u2019ordre a eu   lieu en deux temps. Le premier a eu lieu dans la Cit\u00e9 du 1er juin \u00e0 Soliman   (30 km au Sud de Tunis) le 2 janvier, le second s\u2019est poursuivi le lendemain   dans une maison abandonn\u00e9e d\u2019un quartier voisin, de 4 heures du matin jusqu\u2019\u00e0   22 heures de la journ\u00e9e du 3 janvier. Durant les \u00e9changes, les armes utilis\u00e9es   seraient des kalachnikovs, des fusils et il y aurait m\u00eame eu des grenades.       Quant aux membres du groupe, des t\u00e9moins parlent de barbus tandis que d\u2019autres   parlent de gens ordinaires avec jean et gel sur les cheveux. Leurs objectifs   auraient \u00e9t\u00e9 de semer la terreur dans le pays \u00e0 l\u2019instar de tous leurs pairs   qui ont agi en Espagne, au Maroc ou en Grande-Bretagne, et ce en frappant des   lieux strat\u00e9giques de la Capitale et de zones touristiques. Il est clair qu\u2019au   vu des armes dont ils disposaient, on ne peut pas douter qu\u2019ils allaient   attaquer des points strat\u00e9giques. Les choses sont-elles pour autant finies   avec ces op\u00e9rations ? On a tendance \u00e0 croire que non puisque les contr\u00f4les de   s\u00e9curit\u00e9 dans les villes et sur les routes continuent et puisque plusieurs   terroristes de diff\u00e9rentes nationalit\u00e9s sont dans la nature dans le maquis   alg\u00e9rien. La vigilance reste donc enti\u00e8rement de mise pour nos forces de   s\u00e9curit\u00e9.       <strong><font>(Source: \u201cR\u00e9alit\u00e9s\u201d (Hebdomadaire- Tunis), N\u00b0   1098, le 11 janvier 2007)<\/font><\/strong> \u00a0<\/div>\n<div align=\"justify\">\n<hr\/>\n<\/div>\n<div align=\"center\"> <strong><\/p>\n<h3 style=\"color: blue;\"><font size=\"3\">Le mutisme g\u00eanant des autorit\u00e9s<\/font><\/h3>\n<p><\/strong><\/div>\n<div align=\"justify\"> <strong><font>Nizar Bahloul<\/font><\/strong> <strong>Que s\u2019est-il r\u00e9ellement pass\u00e9 \u00e0 Tunis les 23 d\u00e9cembre et 3 janvier ?   Pour r\u00e9pondre \u00e0 cette question, les Tunisiens ont d\u00fb chercher et r\u00e9colter des   bribes d\u2019informations ici et l\u00e0, faute de communication suffisante de la part   des autorit\u00e9s. Est-ce digne de la Tunisie d\u2019aujourd\u2019hui ?   <\/strong>   Le 24 d\u00e9cembre, l\u2019agence officielle TAP publie une courte d\u00e9p\u00eache citant une   source officielle du minist\u00e8re de l\u2019Int\u00e9rieur et du D\u00e9veloppement local   annon\u00e7ant que, \u00ab durant la nuit du 23 d\u00e9cembre 2006, un \u00e9change de coups de   feu a eu lieu entre un groupe d\u2019individus, se trouvant dans une habitation   situ\u00e9e dans la banlieue sud de la capitale et une patrouille des forces de   l\u2019ordre sur les lieux. Ces \u00e9changes de coups de feu ont fait deux morts parmi   ce groupe et ont permis l\u2019arrestation de deux autres. On d\u00e9plore aussi deux   bless\u00e9s parmi les forces de l\u2019ordre.       Les investigations pr\u00e9liminaires indiquent que les \u00e9l\u00e9ments de ce groupe sont   de dangereux criminels recherch\u00e9s\u00bb. Fin de la premi\u00e8re d\u00e9p\u00eache qui en dit trop   et pas assez. Quelques jours plus tard, le quotidien arabophone Achourouq,   annonce, en citant des sources proches de l\u2019enqu\u00eate, qu\u2019il s\u2019agissait d\u2019une   affaire de drogue. Information totalement diff\u00e9rente de ce qu\u2019a publi\u00e9 l\u2019autre   quotidien arabophone tunisien Assarih ou de ce qu\u2019ont publi\u00e9 des journaux   alg\u00e9riens et londoniens qui parlent tous d\u2019un r\u00e9seau terroriste.       Entre temps, \u00e0 Tunis, l\u2019ambiance est des plus \u00e9lectriques avec un   extraordinaire d\u00e9ploiement des forces de s\u00e9curit\u00e9 et des barrages de police   sur toutes les sorties de la ville et dans quelques quartiers. Dans ces   barrages, les agents de l\u2019ordre \u00e9taient arm\u00e9s (contrairement \u00e0 l\u2019habitude) et   on remarquait un contr\u00f4le des coffres pour certains v\u00e9hicules, notamment ceux   portant une immatriculation \u00e9trang\u00e8re. M\u00eame l\u2019arm\u00e9e y \u00e9tait ! C\u2019est dire la   gravit\u00e9 de la situation. Le 3 janvier, une autre d\u00e9p\u00eache de la TAP, citant   toujours une source autoris\u00e9e du minist\u00e8re de l\u2019Int\u00e9rieur et du D\u00e9veloppement   local, annonce que \u00ab la traque des \u00e9l\u00e9ments du groupe criminel a pris fin.       La traque, selon la d\u00e9p\u00eache, a permis aux forces de l\u2019ordre d\u2019abattre douze   \u00e9l\u00e9ments du groupe et d\u2019arr\u00eater les quinze restants. \u00bb La deuxi\u00e8me d\u00e9p\u00eache   n\u2019est pas plus fournie en informations que la premi\u00e8re puisqu\u2019elle ne r\u00e9pond   toujours pas aux questions que tout le monde se pose. Et elle ne rassure pas   vraiment les citoyens car m\u00eame si elle parle de la fin de la traque, il est \u00e0   la port\u00e9e de tout un chacun de v\u00e9rifier que les barrages de police et les   v\u00e9rifications d\u2019identit\u00e9 et de v\u00e9hicules, n\u2019ont pas \u00e9t\u00e9 lev\u00e9s pour autant.   Est-ce r\u00e9ellement la fin ? Entre temps, et gr\u00e2ce aux cha\u00eenes satellitaires et   \u00e0 la presse sur Internet, les Tunisiens apprennent un tas d\u2019informations sur   des \u00e9v\u00e8nements qui se sont pass\u00e9s chez eux. Chacun croira ce qu\u2019il voudra,   mais une chose est certaine, c\u2019est qu\u2019il n\u2019est possible pour personne de   v\u00e9rifier l\u2019authenticit\u00e9 de ce qu\u2019ont publi\u00e9 les m\u00e9dias \u00e9trangers dans les   jours qui ont suivi l\u2019\u00e9v\u00e8nement.       La grande amertume, face \u00e0 cet \u00e9tat de faits o\u00f9 l\u2019on ne sait rien de ce qui se   passe chez nous, ne touche pas uniquement les citoyens, mais aussi les   journalistes dont le devoir est justement d\u2019informer. Or comment peut-on   donner des informations exactes si les autorit\u00e9s refusent toute conf\u00e9rence de   presse et toute demande d\u2019informations suppl\u00e9mentaires sur le sujet jusqu\u2019\u00e0 la   date d\u2019aujourd\u2019hui ?       Ce mutisme est d\u2019autant plus incompr\u00e9hensible qu\u2019on ne lui trouve pas de   justification. Qu\u2019il s\u2019agisse d\u2019une bande de criminels trafiquants de drogue   ou d\u2019une bande de terroristes, l\u2019opinion publique ne peut qu\u2019\u00eatre solidaire et   sympathiser avec les autorit\u00e9s. Le fait qu\u2019il y ait des informations pr\u00e9cises   sur l\u2019identit\u00e9 de ces dangereux citoyens et de leurs objectifs ne peut que   faire taire les rumeurs les plus folles dont la cons\u00e9quence unique est de   semer une ambiance trouble et d\u2019inqui\u00e9tude dans le pays.       Permettre aux m\u00e9dias nationaux de faire leur travail correctement ne peut que   faire taire les m\u00e9dias \u00e9trangers qui font, actuellement, des surench\u00e8res sur   celui qui sait le plus sur ce qui se passe \u00e0 Tunis avec des informations   douteuses et dont personne ne peut v\u00e9rifier l\u2019authenticit\u00e9. Quelques ann\u00e9es   plus t\u00f4t, en avril 2002, on avait fait face quasiment \u00e0 la m\u00eame chose quand on   a essay\u00e9 de faire passer l\u2019attentat de la Ghriba pour un simple accident, avec   les cons\u00e9quences que l\u2019on sait notamment sur le tourisme et particuli\u00e8rement   sur le march\u00e9 allemand.       Dire la v\u00e9rit\u00e9 ne fait jamais fuir les touristes d\u2019un pays et on a eu \u00e0 le   v\u00e9rifier notamment en gypte avec les attentats de Charm She\u00efkh ou de   Casablanca. Ce d\u00e9ficit de communication de la part de l\u2019administration peut-il   \u00eatre encore de mise dans la Tunisie du XXI\u00e8me si\u00e8cle quand on voit des pays   nettement moins \u00e9volu\u00e9s que nous (sur tous les plans) faire participer les   m\u00e9dias aux diff\u00e9rentes op\u00e9rations commando du genre de celle de Soliman ?       Quand on voit des ministres et des hauts grad\u00e9s de ces pays expliquer les   faits en direct \u00e0 la t\u00e9l\u00e9 lors de points de presse improvis\u00e9s sur les lieux de   l\u2019\u00e9v\u00e9nement ? Il serait peut-\u00eatre bon de rappeler les d\u00e9clarations du   Pr\u00e9sident Ben Ali, \u00e0 maintes reprises, \u00e0 propos de la libert\u00e9 d\u2019information en   Tunisie. Le Chef de l\u2019Etat lui-m\u00eame n\u2019a cesse de r\u00e9p\u00e9ter ses souhaits de voir   dans le pays une presse libre et des journalistes accomplissant leur t\u00e2che   avec professionnalisme et s\u00e9rieux. Pourquoi donc, avec de pareils graves   incidents, l\u2019administration refuse-t-elle d\u2019appliquer les directives   pr\u00e9sidentielles en emp\u00eachant les journalistes de faire leur travail et en ne   les associant pas \u00e0 l\u2019enqu\u00eate comme cela se passe partout dans le monde ?       Si l\u2019administration juge que ce mutisme sert l\u2019enqu\u00eate et la traque des   criminels (qui ne serait donc pas finie dans ce cas), qu\u2019elle le dise ! Mais   m\u00eame dans ce cas, rien ne l\u2019emp\u00eache de nous dire davantage sur l\u2019identit\u00e9 de   ceux qui ont \u00e9t\u00e9 arr\u00eat\u00e9s et la nature m\u00eame des d\u00e9lits desquels ils sont   accus\u00e9s. Les autorit\u00e9s ont peut-\u00eatre r\u00e9ussi leur t\u00e2che en arr\u00eatant et abattant   des criminels dangereux et c\u2019est une belle victoire pour elles. Il n\u2019en   demeure pas moins que cette victoire s\u2019est accompagn\u00e9e d\u2019une \u00e9ni\u00e8me   frustration pour la presse tunisienne qui demeure encore (pour combien de   temps ?) verrouill\u00e9e pour le grand bonheur des m\u00e9dias \u00e9trangers. Dommage !       <strong><font>(Source: \u201cR\u00e9alit\u00e9s\u201d (Hebdomadaire- Tunis), N\u00b0   1098, le 11 janvier 2007)<\/font><\/strong><\/div>\n<div align=\"justify\">\n<hr\/>\n<\/div>\n<p><\/font><\/p>\n<div align=\"center\"> <strong><font>RAFRAICHISSEMENT DE M\u00c9MOIRE\u2026.    ARTICLE PUBLIE LE 19 JUILLET 2005 PAR LE JOURNAL ALGERIEN \u00ab Le Quotidien   d&rsquo;Oran \u00bb\u2026      <font>LE GENERAL MAJOR GA\u00cfD SALAH EN TUNISIE    <\/font><\/font><\/p>\n<h3 style=\"color: blue;\"><font size=\"3\">Tunis veut en savoir plus sur les   Tunisiens du GSPC<\/font><\/h3>\n<p><\/strong><\/div>\n<div align=\"justify\"> <strong>Tunis veut-elle r\u00e9cup\u00e9rer les dix terroristes qui ont tent\u00e9 de rallier   le GSPC? La visite en Tunisie du g\u00e9n\u00e9ral major, Ahmed Ga\u00efd Salah, chef d\u2019\u00e9tat   major de l\u2019ANP, pourrait permettre aux militaires tunisiens d\u2019en savoir   davantage sur les r\u00e9seaux islamistes tunisiens qui menacent le pouvoir de Ben   Ali.   <\/strong>   Le t\u00e9l\u00e9phone ne s\u2019est pas arr\u00eat\u00e9 de sonner entre Tunis et Annaba. Le consul de   Tunisie dans l\u2019antique Hippone a fait le pied de grue au si\u00e8ge de la wilaya de   Annaba dans l\u2019attente d\u2019informations. Depuis l\u2019arrestation de six terroristes   tunisiens par les services de s\u00e9curit\u00e9 alg\u00e9riens dans le quartier de Saint   Cloud, dans une villa sous-lou\u00e9e par un islamiste alg\u00e9rien, le gouvernement de   Ben Ali est sur les dents. Trois mois apr\u00e8s, le chef d\u2019\u00e9tat major de l\u2019ANP,   Ahmed Ga\u00efd Salah est \u00e0 Tunis \u00e0 l\u2019invitation de son homologue El-Hadi M\u2019henni,   ministre tunisien de la D\u00e9fense nationale, qui avait d\u00e9j\u00e0 s\u00e9journ\u00e9 en Alg\u00e9rie   du 7 au 9 mars derniers. En avril a \u00e9clat\u00e9 alors l\u2019affaire des \u00abTunisiens\u00bb du   GSPC. Le plus \u00e2g\u00e9s ayant vingt-huit ans, entra\u00een\u00e9s et pr\u00eats \u00e0 rejoindre les   maquis de l\u2019\u00bb\u00e9mir\u00bb Abdelouadoud. Ces arrestations ont permis de retrouver la   trace de quatre autres Tunisiens dans les monts de Meftah o\u00f9 ils avaient eu   des contacts aussi bien avec un commando du GIA qu\u2019avec le GSPC.      La d\u00e9couverte de bombes artisanales de forte puissance avaient accr\u00e9dit\u00e9 la   th\u00e8se que ces Tunisiens pr\u00e9paraient un attentat d\u2019envergure pour frapper des   int\u00e9r\u00eats occidentaux \u00e0 Tunis ou dans d\u2019autres stations baln\u00e9aires tunisiennes   fr\u00e9quent\u00e9es par les touristes \u00e9trangers. Un sc\u00e9nario \u00e0 la Djerba d\u00e9cupl\u00e9.      D\u2019ailleurs, la mise en garde adress\u00e9e par le d\u00e9partement d\u2019Etat am\u00e9ricain \u00e0   son ambassade en Tunisie, en mai dernier, est explicite sur le type de menaces   qui planent sur Tunis. Les services tunisiens craignent que les dix islamistes   tunisiens arr\u00eat\u00e9s en Alg\u00e9rie ne fassent partie d\u2019un r\u00e9seau r\u00e9gional de   l\u2019organisation irakienne d\u2019Al-Qaida que dirige Abou Mossab Zarkaoui. Rien   n\u2019indique pourtant que ces dix Tunisiens aient effectu\u00e9 des stages   d\u2019entra\u00eenement en Irak et soient de retour en Tunisie.      Ce sont tous ces d\u00e9tails que vont examiner les militaires alg\u00e9riens et   tunisiens qui avaient d\u00e9j\u00e0 d\u00e9velopp\u00e9 une coop\u00e9ration int\u00e9ressante dans le   cadre de la traque des r\u00e9seaux du GPSC, le long des fronti\u00e8res communes. Cette   coop\u00e9ration qui avait d\u00e9but\u00e9 lors de l\u2019affaire de Guemmar, lorsque les   Tunisiens avaient permis aux forces sp\u00e9ciales alg\u00e9riennes d\u2019aller chercher le   groupe GIA de Djaffer Al-Afghani, au-del\u00e0 des fronti\u00e8res tunisiennes en 1991,   et s\u2019est poursuivie lorsque le groupe d\u2019Abderezak \u00abAl-Para\u00bb, a attaqu\u00e9 un   poste-fronti\u00e8re tunisien provoquant la mort de deux soldats tunisiens, en mai   2000. Cette coop\u00e9ration s\u2019est \u00e9galement enrichie dans le cadre OTAN puisque   les deux arm\u00e9es ont eu \u00e0 effectuer des exercices communs sous le parapluie   am\u00e9ricain. Alger est int\u00e9ress\u00e9e par les connexions \u00abtunisiennes\u00bb du GSPC comme   ce fut le cas avec l\u2019affaire de Busto Arsizio, lorsque quatre \u00ablogisticiens\u00bb   tunisiens, travaillant pour le compte des Salafistes du GSPC, ont \u00e9t\u00e9 arr\u00eat\u00e9s,   en 2002.      Reste \u00e0 savoir dans quelle mesure, la Tunisie pourrait r\u00e9cup\u00e9rer les dix   terroristes arr\u00eat\u00e9s en Alg\u00e9rie dont les renseignements peuvent leur \u00eatre   pr\u00e9cieux pour d\u00e9manteler des r\u00e9seaux en Tunisie qui semblent mieux organis\u00e9es   que peuvent le penser les services tunisiens? L\u2019Alg\u00e9rie n\u2019avait pas fait   obstacle, en 2001, lorsqu\u2019elle a expuls\u00e9 vers Tunis Zaid Bachir, du Front   islamique tunisien (FIT), qui avait tent\u00e9 de rallier le GSPC \u00e0 l\u2019Est. Mais   avec cette prise qui peut avoir des connexions internationales, notamment en   Irak, rien n\u2019indique que les Alg\u00e9riens soient dispos\u00e9s \u00e0 livrer ces   terroristes.      C\u2019est probablement sur cette nuance que viendront se greffer les discussions   militaires alg\u00e9ro-tunisiennes. Si les deux pays semblent dispos\u00e9s \u00e0 muscler la   surveillance aux fronti\u00e8res, avec des capteurs \u00e9lectroniques et des drones,   comme cela peut \u00eatre le cas prochainement avec le voisin marocain, pour mieux   contr\u00f4ler l\u2019exfiltration terroriste des deux c\u00f4t\u00e9s de la fronti\u00e8re, ils   doivent trouver un terrain d\u2019entente pour que Tunis r\u00e9agisse plus fermement   sur le passage d\u2019\u00e9l\u00e9ments douteux vers le sud-est alg\u00e9rien. L\u2019affaire de la   prise d\u2019otages du GSPC avait donn\u00e9 \u00e0 r\u00e9fl\u00e9chir sur la mobilit\u00e9 des groupes   salafistes dans cette zone, adoss\u00e9s aux r\u00e9seaux de contrebande.      A noter que le d\u00e9placement du g\u00e9n\u00e9ral major Ga\u00efd Salah fait suite \u00e0 sa   rencontre \u00e0 Nouakchott avec ses homologues, le colonel El-Arbi Ould Sidi Ali   de la Mauritanie, le colonel Saidou Traor\u00e9 du Mali et le g\u00e9n\u00e9ral de brigade   Mamouni Bourema du Niger, sur la question de la lutte antiterroriste et le   banditisme frontalier. Th\u00e8mes majeurs de la rencontre de Tunis.      Mounir B.      <strong><font>(Source : le site Algeria Watch, visit\u00e9 le 11   janvier 2007)<\/font><\/strong>   Lien :  <a href=\"http:\/\/www.algeria-watch.org\/fr\/article\/mil\/groupes_armes\/gaid_salah_tunisie.htm\" target=\"_blank\" rel=\"noopener\">  http:\/\/www.algeria-watch.org\/fr\/article\/mil\/groupes_armes\/gaid_salah_tunisie.htm<\/a> <\/p>\n<hr\/>\n<\/div>\n<div align=\"justify\">\n<p><b> <span lang=\"FR-CH\"> <font size=\"3\">Maya Jribi<\/font><\/span><\/b><\/p>\n<p><b> <span lang=\"FR-CH\">\u00a0<\/span><\/b><\/p>\n<p> <span lang=\"FR-CH\">46 ans.   Biologiste de formation, cette militante vient d&rsquo;\u00eatre \u00e9lue \u00e0 la t\u00eate du Parti   d\u00e9mocrate progressiste tunisien, parti d&rsquo;opposition \u00e0 Ben Ali. Premi\u00e8re femme   \u00e0 diriger un parti l\u00e9gal en Tunisie, elle encouragera les initiatives prises   par des femmes, tout en travaillant \u00e0 la lib\u00e9ralisation de la vie politique.<\/span><\/p>\n<p><b> <span lang=\"FR-CH\">\u00a0<\/span><\/b><\/p>\n<p><b> <span lang=\"FR-CH\">  (Source\u00a0: \u00abLe Point\u00a0\u00bb du 04\/01\/07 &#8211; N\u00b01790 &#8211; Page 15)<\/span><\/b><\/p>\n<\/div>\n<div align=\"justify\">\n<hr\/>\n<\/div>\n<div align=\"justify\">\n<p align=\"center\"> <span lang=\"FR\"> <strong>La revue Taw\u01cesul<\/strong><\/span><\/p>\n<p align=\"center\"> <span lang=\"FR\"> <strong>Tr\u00e8s prochainement aux kiosques<\/strong><\/span><\/p>\n<p><span dir=\"rtl\" lang=\"AR-SA\"> <font face=\"Times New Roman\" size=\"3\">\u00a0<\/font><\/span><\/p>\n<p align=\"center\"> <span lang=\"FR\"> <strong>La revue Taw\u01cesul ( en arabe communication-lien \u2013 liaison \u2013 rapport \u2013   pont \u2013 passerelles etc\u2026)<\/strong><\/span><\/p>\n<p align=\"center\"> <span lang=\"FR\">  \u00a0<\/span><\/p>\n<p> <span lang=\"FR\">  Identit\u00e9\u00a0<\/span><\/p>\n<p> <span lang=\"FR\">  \u25d9 <\/span><b> <span lang=\"FR\">  Taw\u01cesul<\/span><\/b><span lang=\"FR\">   est une Revue trimestrielle ind\u00e9pendante, politique et culturelle. Edit\u00e9e \u00e0   Paris<\/span><span dir=\"rtl\" lang=\"AR-SA\">.<\/span><\/p>\n<p> <span lang=\"FR\">  \u25d9 <\/span><b> <span lang=\"FR\">  Taw\u01cesul<\/span><\/b><span lang=\"FR\">   est Publi\u00e9e<b> <\/b>avec le concours du Centre International de liaison   interculturelle, association r\u00e9gie par la loi de 1901<\/span><span dir=\"rtl\" lang=\"AR-SA\">.<\/span><span lang=\"FR\"> <\/span><\/p>\n<p> <span lang=\"FR\">  \u00a0\u25d9 Edit\u00e9e en langue arabe, <\/span><b> <span lang=\"FR\">  Taw\u01cesul<\/span><\/b><span lang=\"FR\">   a une version en papier et la m\u00eame en ligne\u00a0. <\/span><\/p>\n<p> <span lang=\"FR\">  \u25d9 <\/span><b> <span lang=\"FR\">  Taw\u01cesul<\/span><span lang=\"FR\"> <\/span><\/b> <span lang=\"FR\">  contient<\/span><b><span lang=\"FR\"> <\/span><\/b> <span lang=\"FR\">  quarante pages r\u00e9parties sur plusieurs rubriques. Elle s\u2019int\u00e9resse aux   questions internationales et arabe \u00ab\u00a0Magreb-Moyen orient\u00a0\u00bb,\u00a0\u00a0\u00a0\u00a0\u00a0\u00a0   \u00a0\u00a0\u00a0\u00a0\u00a0\u00a0\u00a0\u00a0\u00a0\u00a0\u00a0\u00a0\u00a0\u00a0\u00a0\u00a0\u00a0\u00a0\u00a0\u00a0\u00a0\u00a0\u00a0\u00a0\u00a0\u00a0\u00a0ainsi qu\u2019aux probl\u00e8mes de l\u2019immigration. Elle   consacre une partie \u00e0 la culture.<\/span><\/p>\n<h3 style=\"color: blue;\"> <span lang=\"FR\">  Objectifs <\/span><\/h3>\n<p> <span lang=\"FR\">\u00a0<\/span><\/p>\n<p> <span lang=\"FR\">  \u25d9\u00a0 <\/span><b> <span lang=\"FR\">  Taw\u01cesul<\/span><\/b><span lang=\"FR\">   \u00e9tablira un dialogue entre le pr\u00e9sent et le pass\u00e9. Elle anticipera l\u2019avenir.   Elle int\u00e9grera son appartenance \u00e0 la civilisation arabo &#8211; musulmane dans ses   manifestations diverses et ouvertes,\u00a0\u00a0\u00a0 <\/span><b> <span lang=\"FR\">  Taw\u01cesul<\/span><\/b><span lang=\"FR\">   communiquera\u00a0\u00a0 avec son milieu\u00a0 et avec son \u00e9poque dans une langue claire et   simple, adapt\u00e9e aux besoins quotidiens. <\/span><b> <span lang=\"FR\">  Taw\u01cesul<\/span><span lang=\"FR\"> <\/span><\/b> <span lang=\"FR\">  est un trait d\u2019union entre l\u2019immigr\u00e9 et le pays d\u2019origine, entre l\u2019Orient et   l\u2019Occident. Elle est aussi une passerelle entre les diff\u00e9rentes\u00a0 cultures.  <\/span><\/p>\n<p> <span lang=\"FR\">  \u00a0<\/span><\/p>\n<p> <span lang=\"FR\">  \u25d9 <\/span><b> <span lang=\"FR\">  Taw\u01cesul<\/span><span lang=\"FR\"> <\/span><\/b> <span lang=\"FR\">  est attentive aux courants\u00a0 politiques et culturels, consciente des vrais   enjeux actuels et rejeta la m\u00e9diocrit\u00e9 et la superficialit\u00e9.<\/span><\/p>\n<p> <span lang=\"FR\">  \u25d9 <\/span><b> <span lang=\"FR\">  Taw\u01cesul<\/span><\/b><span lang=\"FR\">   propose des analyses politiques et culturelles s\u00e9rieuses, \u00e0 propos des   diff\u00e9rents \u00e9v\u00e9nements arabes et internationaux. Son objectif est de produire   un discours politique culturel bas\u00e9 sur le savoir, la sp\u00e9cialisation et le   professionnalisme et dont l\u2019intention est d\u2019ouvrir les yeux sur la r\u00e9alit\u00e9   environnante et sur\u00a0 les diff\u00e9rentes changements sur le plan internationales   et r\u00e9gionales. <\/span><\/p>\n<p> <span lang=\"FR\">  \u00a0<\/span><\/p>\n<p> <span lang=\"FR\">  \u25d9 <\/span><b> <span lang=\"FR\">  Taw\u01cesul<\/span><\/b><span lang=\"FR\">   respecte toutes les opinions. Elle croit \u00e0 la diversit\u00e9 des unes comme   principe intangible, au dialogue avec l\u2019Autre comme r\u00e8gle\u00a0 et \u00e0 la diff\u00e9rence   politique et culturelle comme conviction. Elle usera de l\u2019argumentation, de la   transparence et de l\u2019ind\u00e9pendance dans ses analyses.<\/span><\/p>\n<p> <span lang=\"FR\">  \u00a0<\/span><\/p>\n<p> <span lang=\"FR\">  \u25d9 <\/span><b> <span lang=\"FR\">  Taw\u01cesul<\/span><\/b><span lang=\"FR\">   aime \u00e0 poser des questions politiques et culturelles d\u00e9licates\u00a0 surtout celles   qui d\u00e9rangent. Elle n\u2019y aura pour Tawasul courtoisie, ni non- dit<\/span><\/p>\n<h3 style=\"color: blue;\"> <span lang=\"FR\">  Rubriques de la revue<\/span><\/h3>\n<p> <span lang=\"FR\">  \u25d9<span dir=\"rtl\"> <\/span>Editorial\u00a0 <\/span><\/p>\n<p> <span lang=\"FR\">  rubrique permanente qui a pour t\u00e2che de pr\u00e9senter chaque num\u00e9ro, de le r\u00e9sumer   et de revenir \u00e0 chaque fois sur les objectifs de la revue et sur ses   directives. <\/span><\/p>\n<h3 style=\"color: blue;\"><font> <span lang=\"FR\">  \u25d9<span dir=\"rtl\"> <\/span><\/span> <span lang=\"FR\">  Questions de l\u2019immigration<\/span><\/font><\/h3>\n<p> <span lang=\"FR\">  Cette rubrique s\u2019int\u00e9resse aux probl\u00e8mes politiques, culturels, \u00e9conomiques et   sociologiques des immigr\u00e9s. <\/span><\/p>\n<h3 style=\"color: blue;\"><font> <span lang=\"FR\">  \u25d9<span dir=\"rtl\"> <\/span><\/span> <span lang=\"FR\">  Fen\u00eatres<\/span><\/font><\/h3>\n<p> <span lang=\"FR\">  est consacr\u00e9e aux analyses politiques et culturelles arabes et   internationales.<\/span><\/p>\n<h3 style=\"color: blue;\"><font> <span lang=\"FR\">  \u25d9 <\/span> <span lang=\"FR\">  Questions internationales<\/span><\/font><\/h3>\n<p> <span lang=\"FR\">  rubrique s\u2019int\u00e9resse \u00e0 la politique internationale et aux tendances   culturelles et \u00e9conomiques mondiales et leur impact sur les \u00e9v\u00e9nements   internationaux. Elle pr\u00e9sente les diff\u00e9rentes th\u00e8ses avec une analyse\u00a0   minutieuse.<\/span><\/p>\n<h3 style=\"color: blue;\"><font> <span lang=\"FR\">  \u25d9<span dir=\"rtl\"> <\/span><\/span> <span lang=\"FR\">  Colloques<\/span><\/font><\/h3>\n<p> <span lang=\"FR\">  une probl\u00e9matique politique, intellectuelle, culturelle ou \u00e9conomique sera   pos\u00e9e \u00e0 un sp\u00e9cialiste. Il peut \u00eatre aussi question\u00a0 d\u2019entretien avec une   personnalit\u00e9 ou d\u2019un compte rendu d\u2019un important colloque arabe ou   international.<\/span><\/p>\n<p> <span lang=\"FR\">  \u25d9<span dir=\"rtl\"> <\/span>Citoyen sans adresse<\/span><\/p>\n<h3 style=\"color: blue;\"> <span lang=\"FR\">  Cette rubrique expose les souffrances\u00a0 du citoyen arabe.<\/span><span lang=\"FR\"> <\/span><\/h3>\n<p> <span lang=\"FR\">  \u25d9<span dir=\"rtl\"> <\/span>Reportages<\/span><\/p>\n<p> <span lang=\"FR\">  Cette rubrique enregistre les reportages d\u2019actualit\u00e9s.<\/span><\/p>\n<h3 style=\"color: blue;\"><font> <span lang=\"FR\">  \u25d9<span dir=\"rtl\"> <\/span><\/span> <span lang=\"FR\">  Question de civilisation<\/span><\/font><\/h3>\n<p> <span lang=\"FR\">  Cette rubrique propose des questions d\u2019histoire\u00a0 de notre civilisation arabo   .musulmane<\/span><\/p>\n<h3 style=\"color: blue;\"><font> <span lang=\"FR\">  \u25d9<span dir=\"rtl\"> <\/span><\/span> <span lang=\"FR\">  Espaces<\/span><\/font><\/h3>\n<p> <span lang=\"FR\">  R\u00e9serv\u00e9e, aux intellectuels\u00a0 aux\u00a0 hommes politiques, aux journalistes, aux   \u00e9crivains et aux diff\u00e9rents acteurs de la vie sociale pour donner leurs   opinions.<\/span><\/p>\n<p> <span lang=\"FR\"> <strong>\u25d9<span dir=\"rtl\"> <\/span><\/strong><\/span> <span lang=\"FR\">  Technologie<\/span><\/p>\n<p> <span lang=\"FR\">  \u00a0S\u2019int\u00e9resse aux nouvelles technologies.<\/span><\/p>\n<h4 style=\"color: blue;\"><font> <span lang=\"FR\">  \u25d9<span dir=\"rtl\"> <\/span><\/span> <span lang=\"FR\">  Participations<\/span><\/font><\/h4>\n<p> <span lang=\"FR\">  ouverte aux\u00a0 participations et aux suggestions des lecteurs.<\/span><\/p>\n<h4 style=\"color: blue;\"> <span lang=\"FR\">  \u25d9<span dir=\"rtl\"> <\/span><\/span> <span lang=\"FR\">  Champs <\/span><\/h4>\n<p> <span lang=\"FR\">  (C\u2019est le deuxi\u00e8me volet\u00a0 de la revue il comporte des rubriques suivantes).<\/span><\/p>\n<h5 style=\"color: blue;\"> <span lang=\"FR\">  \u25d9<span dir=\"rtl\"> <\/span><\/span> <span lang=\"FR\">  Etudes<span dir=\"rtl\"> <\/span><\/span><\/h5>\n<p> <span lang=\"FR\">  S\u2019int\u00e9resse aux analyses des diff\u00e9rentes questions culturelles arabes et   internationales.<\/span><\/p>\n<h5 style=\"color: blue;\"> <span lang=\"FR\">  \u25d9<span dir=\"rtl\"> <\/span><\/span> <span lang=\"FR\">  Rencontre<\/span><\/h5>\n<p> <span lang=\"FR\">  Entretiens avec des personnalit\u00e9s intellectuelles jouissant d\u2019une forte   pr\u00e9sence culturelle.<\/span><\/p>\n<h5 style=\"color: blue;\"> <span lang=\"FR\">  \u25d9<span dir=\"rtl\"> <\/span><\/span> <span lang=\"FR\">  cand\u00e9labres<\/span><\/h5>\n<p> <span lang=\"FR\">  R\u00e9serv\u00e9e aux proverbes et aux pr\u00e9ceptes\u00a0 de la sagesse humaine.<\/span><\/p>\n<h5 style=\"color: blue;\"> <span lang=\"FR\">  \u25d9<span dir=\"rtl\"> <\/span><\/span> <span lang=\"FR\">  Lectures<\/span><\/h5>\n<p> <span lang=\"FR\">  Consacr\u00e9e\u00a0 au note de lectures et aux bonne feuilles.<\/span><\/p>\n<h5 style=\"color: blue;\"> <span lang=\"FR\">  \u25d9<span dir=\"rtl\"> <\/span><\/span> <span lang=\"FR\">  Personnalit\u00e9s<\/span><\/h5>\n<p> <span lang=\"FR\">  Pour faire conna\u00eetre quelques personnalit\u00e9s historiques. <\/span><\/p>\n<h5 style=\"color: blue;\"> <span lang=\"FR\">  \u25d9<span dir=\"rtl\"> <\/span><\/span> <span lang=\"FR\">  Villes<\/span><\/h5>\n<p> <span lang=\"FR\">  Il s\u2019agit de pr\u00e9senter une ville qui a jou\u00e9 un r\u00f4le dans l\u2019histoire. <\/span> <\/p>\n<h5 style=\"color: blue;\"> <span lang=\"FR\">  \u25d9<span dir=\"rtl\"> <\/span><\/span> <span lang=\"FR\">  Cr\u00e9ations\u00a0 <\/span><\/h5>\n<p> <span lang=\"FR\">  R\u00e9serv\u00e9e aux participations dans les domaines de leurs choix, po\u00e8tes,   essayistes, r\u00e9alisateurs, caricaturistes, peintres etc.\u2026 <\/span><\/p>\n<h6 style=\"color: blue;\"> <span lang=\"FR\">  \u25d9<span dir=\"rtl\"> <\/span><\/span> <span lang=\"FR\">  Membres permanents<\/span><\/h6>\n<p> <span lang=\"FR\">  Le comit\u00e9 de la revue <\/span><b> <span lang=\"FR\">  Taw\u01cesul<\/span><\/b><span lang=\"FR\">   est compos\u00e9 du<\/span><\/p>\n<p> <span lang=\"FR\"> <font>R\u00e9dacteur en chef<\/font><\/span><\/p>\n<p> <span lang=\"FR\">  Il est le responsable administratif et l\u00e9gal\u00a0. Il est aussi le garant de la   bonne marche de la revue selon les objectifs fix\u00e9s et \u00e9tablis.\u00a0 En cela Il est   assist\u00e9 par\u00a0le<\/span><\/p>\n<p> <span lang=\"FR\">  Comit\u00e9 de r\u00e9daction <\/span><\/p>\n<p> <span lang=\"FR\">  Compos\u00e9 des sp\u00e9cialistes dans diff\u00e9rents champs d\u2019investigation. Ils   concourent gr\u00e2ce \u00e0 leurs analyses, \u00e0 leurs opinions et \u00e0 leurs contributions\u00a0   \u00e0 assurer le succ\u00e8s de la revue. Ils travaillent de concert avec une \u00e9quipe de<\/span><\/p>\n<p> <span lang=\"FR\"> <strong>\u25d9<span dir=\"rtl\"> <\/span><\/strong><\/span> <span lang=\"FR\">  Correspondants<\/span><\/p>\n<p> <span lang=\"FR\">  Ce sont des correspondants dans diff\u00e9rents pays qui enrichissent la revue avec   leurs reportages, leurs suivis des \u00e9v\u00e9nements et leurs \u00e9tudes sur le terrain.<\/span><\/p>\n<p> <span lang=\"FR\">  \u25d9<span dir=\"rtl\"> <\/span>Equipe de la revue<\/span><\/p>\n<p> <span lang=\"FR\">  R\u00e9dacteur en chef\u00a0: <\/span> <span lang=\"FR\">  Tahar Labidi<\/span><span lang=\"FR\">   \/\u00a0\u00a0\u00a0 (journaliste et \u00e9crivain)<\/span><\/p>\n<p> <font> <span lang=\"FR\"> <strong>\u25d9<span dir=\"rtl\"> <\/span><\/strong><\/span> <span lang=\"FR\">  Comit\u00e9 de r\u00e9daction<\/span><\/font><\/p>\n<p> <span lang=\"FR\">  shiyma Al-Sarraf<\/span><span lang=\"FR\">   \/ chercheur en civilisation musulmane.\u00a0 <\/span><\/p>\n<p> <span lang=\"FR\">  Ghani\u00a0 Alani<\/span><span lang=\"FR\">   \/\u00a0 juriste et calligraphe. <\/span><\/p>\n<p> <span lang=\"FR\">  Touria Uakkas<\/span><span lang=\"FR\">   \/ professeur universitaire, sp\u00e9cialiste en s\u00e9miologie, traductologie ,   linguistique et litt\u00e9rature<\/span><\/p>\n<p> <span lang=\"FR\">  Nassif Aljibouri<\/span><span lang=\"FR\">   \/ sp\u00e9cialiste des questions du Moyen-Orient<\/span><\/p>\n<p> <span lang=\"FR\">  Fathi nasri<\/span><span lang=\"FR\">   \/ \u00e9crivain et sp\u00e9cialiste des droits de l\u2019homme.<\/span><\/p>\n<\/div>\n<div align=\"justify\">\n<hr\/>\n<\/div>\n<div align=\"center\"> <strong><font>Classes terminales   <\/font><\/p>\n<h4 style=\"color: blue;\"><font size=\"3\">De plus en plus d&rsquo;\u00e9l\u00e8ves quittent le   public pour le priv\u00e9<\/font><\/h4>\n<p><\/strong><\/div>\n<div align=\"justify\"> <strong><font>&#8211; L&rsquo;int\u00e9gration des 25% de la moyenne annuelle   et la possibilit\u00e9 de rachat sont-ils derri\u00e8re ce ph\u00e9nom\u00e8ne ?   <\/font><\/strong>   \u00a0Le premier trimestre vient de s&rsquo;achever. C&rsquo;est l&rsquo;heure du verdict. Si   certains \u00e9l\u00e8ves ont su tirer leur \u00e9pingle du jeu, d&rsquo;autres ont \u00e9chou\u00e9 et ont   rat\u00e9 totalement leur trimestre. Ils estiment qu&rsquo;avec une moyenne faible, ils   n&rsquo;ont plus de chances de se rattraper.       De ce fait, ils ne peuvent pas pr\u00e9tendre au rachat. D&rsquo;o\u00f9 cette ru\u00e9e vers le   priv\u00e9. Un ph\u00e9nom\u00e8ne qui s&rsquo;est accentu\u00e9 ces derniers jours dans nos classes   terminales.       D\u00e9\u00e7us de l&rsquo;enseignement public, confront\u00e9s aux difficult\u00e9s scolaires, ils sont   nombreux \u00e0 opter pour le priv\u00e9 comme unique recours. Certains \u00e9l\u00e8ves ont   chang\u00e9 d&rsquo;option comme nous l&rsquo;explique Mohamed Ali enseignant de fran\u00e7ais \u00ab\u00a0   J&rsquo;ai constat\u00e9 un d\u00e9part de certains \u00e9l\u00e8ves vers les \u00e9tablissements priv\u00e9s. Ce   sont la plupart des \u00e9l\u00e8ves qui ont une moyenne tr\u00e8s faible. Ils sont   incapables de suivre en classe. Leur niveau ne leur permet pas de pr\u00e9tendre \u00e0   de bons r\u00e9sultats. La solution, c&rsquo;est le recours au priv\u00e9 pour garantir le   succ\u00e8s. Ce choix est-il r\u00e9fl\u00e9chi ? Le priv\u00e9 tient-il ses promesses ? Est-il   garant de l&rsquo;am\u00e9lioration des performances de ces \u00e9l\u00e8ves ? \u00bb Nadia \u00e9l\u00e8ve en   4\u00e8me \u00e9conomie estime que \u00ab\u00a0 le priv\u00e9 lui apporte les garanties qu&rsquo;elle cherche.   Personnellement, j&rsquo;ai rat\u00e9 mon premier\u00a0<\/div>\n<div align=\"justify\">     \u00a0trimestre. Je ne peux pas suivre en classe en raison de ma maladie et comme   la moyenne compte beaucoup dans mon dossier, j&rsquo;ai fini par m&rsquo;inscrire dans une   \u00e9cole priv\u00e9e. Je sais bien que le public est plus int\u00e9ressant. Mais je n&rsquo;ai   pas de choix si je veux d\u00e9crocher mon bac. Obtenir ma moyenne annuelle est mon   seul souci pour pr\u00e9tendre au 25% dans le calcul de la moyenne au bac. \u00bb Il est   vrai que ces pratiques sont devenues monnaie courante pour certains \u00e9l\u00e8ves.   Mais qu&rsquo;en est-il en r\u00e9alit\u00e9 ? Jamel enseignant pense que       \u00ab\u00a0 Les \u00e9l\u00e8ves sont de plus en plus calculateurs. On est plus tol\u00e9rant et plus   souple dans l&rsquo;\u00e9valuation des \u00e9l\u00e8ves. Les moyennes ne refl\u00e8tent pas souvent le   niveau r\u00e9el de l&rsquo;\u00e9l\u00e8ve mais l&rsquo;\u00e9l\u00e8ve vient au priv\u00e9 pour avoir de tr\u00e8s bonnes   notes. Chose qu&rsquo;il ne peut pas esp\u00e8rer trouver dans le public. Les 25% sont   toujours dans sa t\u00eate et l&rsquo;essentiel pour lui c&rsquo;est d&rsquo;avoir \u00e0 la fin de   l&rsquo;ann\u00e9e les conditions de rachat \u00bb.      <strong>Passage<\/strong>      \u00a0 Ce passage au priv\u00e9 soul\u00e8ve de nos jours de nombreuses questions. Le priv\u00e9   pourra-t-il garantir la r\u00e9ussite de ces \u00e9l\u00e8ves en difficult\u00e9s scolaires ? Un   directeur d&rsquo;une \u00e9cole priv\u00e9e\u00a0 estime que certains \u00e9l\u00e8ves arrivent avec un   retard scolaire \u00e9norme. Leur scolarit\u00e9 inqui\u00e8te leurs parents et nous sommes   leur seul recours. L&rsquo;\u00e9cole priv\u00e9e rassure les parents effray\u00e9s \u00e0 l&rsquo;id\u00e9e de   voir leur prog\u00e9niture quitter l&rsquo;\u00e9cole. Le p\u00e8re ou la m\u00e8re ne veut pas voir son   fils ou sa fille dans la rue. Ils viennent chercher une certaine qualit\u00e9 et un   bon suivi p\u00e9dagogique surtout qu&rsquo;il faut reconna\u00eetre que certains \u00e9l\u00e8ves sont   bloqu\u00e9s dans le public. Mal \u00e0 l&rsquo;aise, ils sont incapables de suivre les cours.   Ce passage au priv\u00e9 est un changement psychologique b\u00e9n\u00e9fique pour les \u00e9l\u00e8ves   qui ont perdu le go\u00fbt de continuer leurs \u00e9tudes. En optant pour le priv\u00e9, les   parents veulent aussi donner une seconde chance \u00e0 leurs enfants. Ils esp\u00e8rent   un sursaut qu&rsquo;ils n&rsquo;attendent plus du secteur public. Ils trouvent leur compte   dans le priv\u00e9, cette bou\u00e9e de secours qui pourra les sauver. Avec un travail   intensif et une prise en charge totale, l&rsquo;\u00e9l\u00e8ve a de fortes chances pour   s&rsquo;am\u00e9liorer. Nous avons re\u00e7u l&rsquo;ann\u00e9e derni\u00e8re en cette p\u00e9riode des \u00e9l\u00e8ves   d\u00e9sesp\u00e9r\u00e9s mais qui ont fini par s&rsquo;int\u00e9grer dans notre \u00e9tablissement et   r\u00e9ussir au bac. C&rsquo;est une question de volont\u00e9 et aussi de travail si on veut   d\u00e9crocher son bac \u00bb Si ces m\u00e9thodes semblent satisfaire les parents, certains   enseignants estiment que quitter le public pour le priv\u00e9 \u00e0 cause de ces 25%   risque de ne pas contribuer \u00e0 am\u00e9liorer le rendement p\u00e9dagogique de l&rsquo;\u00e9l\u00e8ve et   on risque d&rsquo;avoir des r\u00e9sultats faibles au bac. Le priv\u00e9 a ses atouts. Il a   form\u00e9 de grandes t\u00eates pensantes. Mais peut-on tous tirer profit de cet   enseignement qui aspire \u00e0 une reconnaissance de son utilit\u00e9. Que reste-t-il   alors du public ?      <strong><font>Kamel BOUAOUINA      (Source : \u00ab Le Temps \u00bb du 11 janvier 2007) <\/font><\/strong><\/div>\n<div>  \u00a0<\/div>\n<div>\n<hr\/>\n<\/div>\n<p align=\"center\" dir=\"ltr\"><b><a href=\"http:\/\/www.tunisnews.net\/\"><span>Home<\/span><span lang=\"FR-CH\"> &#8211; Accueil <\/span><span>&#8211; <\/span><span dir=\"rtl\" lang=\"AR-SA\">\u0627\u0644\u0631\u0626\u064a\u0633\u064a\u0629<\/span><\/a><\/b><\/p>\n<p><\/body><\/body><\/html><\/p>\n","protected":false},"excerpt":{"rendered":"<p>\u00a0 Home &#8211; Accueil &#8211; \u0627\u0644\u0631\u0626\u064a\u0633\u064a\u0629 TUNISNEWS 7\u00a0\u00e8me\u00a0ann\u00e9e, N\u00b0\u00a02425 du 11.01.2007 \u00a0archives : www.tunisnews.net \u00a0 Luiza Toscane: Quid de Mohammed Amine Jaziri ??L\u2019inqui\u00e9tude des siens redouble depuis sa disparition \u00a0Info Tunisie: \u00ab Le Jihad en Tunisie \u00bb : Pr\u00e9cisions de source officielle \u00e0 Tunis \u00a0AP: Tunisie: les \u00ab\u00a0salafistes\u00a0\u00bb sont venus d&rsquo;Alg\u00e9rie, selon la presse \u00a0Le [&hellip;]<\/p>\n","protected":false},"author":1,"featured_media":22040,"comment_status":"open","ping_status":"open","sticky":false,"template":"","format":"standard","meta":{"inline_featured_image":false,"site-sidebar-layout":"default","site-content-layout":"","ast-site-content-layout":"default","site-content-style":"default","site-sidebar-style":"default","ast-global-header-display":"","ast-banner-title-visibility":"","ast-main-header-display":"","ast-hfb-above-header-display":"","ast-hfb-below-header-display":"","ast-hfb-mobile-header-display":"","site-post-title":"","ast-breadcrumbs-content":"","ast-featured-img":"","footer-sml-layout":"","ast-disable-related-posts":"","theme-transparent-header-meta":"","adv-header-id-meta":"","stick-header-meta":"","header-above-stick-meta":"","header-main-stick-meta":"","header-below-stick-meta":"","astra-migrate-meta-layouts":"default","ast-page-background-enabled":"default","ast-page-background-meta":{"desktop":{"background-color":"","background-image":"","background-repeat":"repeat","background-position":"center center","background-size":"auto","background-attachment":"scroll","background-type":"","background-media":"","overlay-type":"","overlay-color":"","overlay-opacity":"","overlay-gradient":""},"tablet":{"background-color":"","background-image":"","background-repeat":"repeat","background-position":"center center","background-size":"auto","background-attachment":"scroll","background-type":"","background-media":"","overlay-type":"","overlay-color":"","overlay-opacity":"","overlay-gradient":""},"mobile":{"background-color":"","background-image":"","background-repeat":"repeat","background-position":"center center","background-size":"auto","background-attachment":"scroll","background-type":"","background-media":"","overlay-type":"","overlay-color":"","overlay-opacity":"","overlay-gradient":""}},"ast-content-background-meta":{"desktop":{"background-color":"var(--ast-global-color-5)","background-image":"","background-repeat":"repeat","background-position":"center center","background-size":"auto","background-attachment":"scroll","background-type":"","background-media":"","overlay-type":"","overlay-color":"","overlay-opacity":"","overlay-gradient":""},"tablet":{"background-color":"var(--ast-global-color-5)","background-image":"","background-repeat":"repeat","background-position":"center center","background-size":"auto","background-attachment":"scroll","background-type":"","background-media":"","overlay-type":"","overlay-color":"","overlay-opacity":"","overlay-gradient":""},"mobile":{"background-color":"var(--ast-global-color-5)","background-image":"","background-repeat":"repeat","background-position":"center center","background-size":"auto","background-attachment":"scroll","background-type":"","background-media":"","overlay-type":"","overlay-color":"","overlay-opacity":"","overlay-gradient":""}},"footnotes":""},"categories":[],"tags":[53,38,29],"class_list":["post-16255","post","type-post","status-publish","format-standard","has-post-thumbnail","hentry","tag-53","tag-38","tag-fr"],"_links":{"self":[{"href":"https:\/\/tunisnews.net\/ar\/wp-json\/wp\/v2\/posts\/16255","targetHints":{"allow":["GET"]}}],"collection":[{"href":"https:\/\/tunisnews.net\/ar\/wp-json\/wp\/v2\/posts"}],"about":[{"href":"https:\/\/tunisnews.net\/ar\/wp-json\/wp\/v2\/types\/post"}],"author":[{"embeddable":true,"href":"https:\/\/tunisnews.net\/ar\/wp-json\/wp\/v2\/users\/1"}],"replies":[{"embeddable":true,"href":"https:\/\/tunisnews.net\/ar\/wp-json\/wp\/v2\/comments?post=16255"}],"version-history":[{"count":0,"href":"https:\/\/tunisnews.net\/ar\/wp-json\/wp\/v2\/posts\/16255\/revisions"}],"wp:featuredmedia":[{"embeddable":true,"href":"https:\/\/tunisnews.net\/ar\/wp-json\/wp\/v2\/media\/22040"}],"wp:attachment":[{"href":"https:\/\/tunisnews.net\/ar\/wp-json\/wp\/v2\/media?parent=16255"}],"wp:term":[{"taxonomy":"category","embeddable":true,"href":"https:\/\/tunisnews.net\/ar\/wp-json\/wp\/v2\/categories?post=16255"},{"taxonomy":"post_tag","embeddable":true,"href":"https:\/\/tunisnews.net\/ar\/wp-json\/wp\/v2\/tags?post=16255"}],"curies":[{"name":"wp","href":"https:\/\/api.w.org\/{rel}","templated":true}]}}