{"id":16247,"date":"2007-05-30T00:00:00","date_gmt":"2007-05-30T00:00:00","guid":{"rendered":"https:\/\/tunisnews.net\/30-mai-2007\/"},"modified":"2007-05-30T00:00:00","modified_gmt":"2007-05-30T00:00:00","slug":"30-mai-2007","status":"publish","type":"post","link":"https:\/\/tunisnews.net\/ar\/30-mai-2007\/","title":{"rendered":"30 mai 2007"},"content":{"rendered":"<p><html><head><meta content=\"text\/html\" description=\"  Le Parti D\u00e9mocrate Progressiste (PDP) depuis une certaine p\u00e9riode a maille \u00e0   partir avec le pouvoir tunisien. En effet, lors d\u2019une conf\u00e9rence de presse   tenue le 13 avril 2007, le PDP a d\u00e9nonc\u00e9 les tentatives de d\u00e9stabilisation de   son parti par le pouvoir.\" http-equiv=\"Content-Type\"\/><\/head><body><body style=\"text-align: justify\"><\/p>\n<p align=\"center\"><b><a href=\"https:\/\/tunisnews.net\/ar\/\"><font face=\"Arabic Transparent\"><span><font>Home<\/font><\/span><font><span lang=\"FR-CH\"> &#8211; Accueil <\/span><span>&#8211; <\/span><\/font><\/font><span dir=\"rtl\" lang=\"AR-SA\"><font>\u0627\u0644\u0631\u0626\u064a\u0633\u064a\u0629<\/font><\/span><\/a><\/b><\/p>\n<div> <font face=\"Arial\" size=\"2\"> <\/p>\n<div>  <span lang=\"FR\"> <\/p>\n<div align=\"center\" dir=\"ltr\"> <font size=\"2\"> <span lang=\"SV\"> <strong>TUNISNEWS<\/strong><\/span> <\/font> <\/div>\n<div align=\"center\" dir=\"ltr\"> <strong><font size=\"2\">8\u00a0\u00e8me\u00a0ann\u00e9e, <span lang=\"FR\">      N\u00b0\u00a02563\u00a0du 30.05.2007<\/span><\/font><\/strong><\/div>\n<p> <strong> <\/p>\n<div align=\"center\" dir=\"ltr\"> <b><span><blink> <font size=\"2\">\u00a0archives : <\/font><a href=\"\" target=\"_blank\" rel=\"noopener\"> <font size=\"2\" target=\"_blank\">www.tunisnews.net<\/font><\/a><\/blink><\/span><\/b><font size=\"2\"> <\/font><font> <span lang=\"FR\"><strong> <\/strong><\/span><\/font><\/div>\n<p> <\/strong><\/span><font face=\"Times New Roman\"> <span lang=\"FR\"> <font><\/font><\/span><\/font> <\/p>\n<div align=\"left\" dir=\"ltr\">\n<hr\/><\/div>\n<div align=\"left\" dir=\"ltr\">\n<p><font face=\"Arial\"> <\/p>\n<div align=\"left\">\n<div align=\"left\" dir=\"ltr\">\n<p><font><strong>L\u2019UNION Interafricaine Des Droits de           l\u2019Homme: Communique           <font>El Watan: Ils protestent contre la d\u00e9gradation           des droits de la d\u00e9fense<\/font>            AFP:Alg\u00e9rie: la ministre italienne du Commerce Emma Bonino en visite           samedi           <font>Reuters: Libya&rsquo;s new ties with West set example           for Iran-Blair<\/font>           Reuters: Erdogan juge l&rsquo;AKP en bonne position pour les \u00e9lections           <font>AFP: Azerba\u00efdjan: Les mosqu\u00e9es peuvent \u00e0 nouveau           appeler leurs fid\u00e8les<\/font>           Le Nouvelliste : L&rsquo;islam d\u00e9chir\u00e9           <font>AFP: Les fourmis ont du g\u00e9nie: elles bouchent           les trous de la piste<\/font><\/strong><\/font><\/p>\n<\/div><\/div>\n<div> <font><font face=\"Arial\"> <font><strong><\/p>\n<hr\/>\n<p><\/strong><\/font> <\/font><\/font><\/div>\n<p> <\/font><\/p>\n<\/div><\/div>\n<p> <\/font><\/div>\n<div align=\"center\"> <strong><font face=\"Arial\" size=\"2\">L\u2019UNION Interafricaine Des   Droits de l\u2019Homme<\/font><\/strong><\/div>\n<div>  \u00a0<\/div>\n<div align=\"center\"> <font face=\"Arial\" size=\"2\"><strong><font size=\"3\">COMMUNIQUE<\/font><\/strong><\/font><\/div>\n<div align=\"justify\">     Le Parti D\u00e9mocrate Progressiste (PDP) depuis une certaine p\u00e9riode a maille \u00e0   partir avec le pouvoir tunisien. En effet, lors d\u2019une conf\u00e9rence de presse   tenue le 13 avril 2007, le PDP a d\u00e9nonc\u00e9 les tentatives de d\u00e9stabilisation de   son parti par le pouvoir.<\/div>\n<div align=\"justify\">     Mouvement d\u2019opposition cr\u00e9\u00e9e en 1983, le PDP est l\u2019un des rares partis en   Tunisie \u00e0 ne pas recevoir le financement public. Son journal Al-Mawquif ne   b\u00e9n\u00e9ficie pas non plus des subventions du pouvoir. Elue comme secr\u00e9taire   g\u00e9n\u00e9rale du PDP \u00e0 l\u2019issue du congr\u00e8s de d\u00e9cembre 2006, Maya Jeribi est la   premi\u00e8re femme \u00e0 diriger un parti politique en Tunisie. Son parti a toujours   milit\u00e9 en faveur d\u2019un meilleur respect des droits humains et des libert\u00e9s   fondamentales.<\/div>\n<div align=\"justify\">     La Tunisie a toujours \u00e9t\u00e9 point\u00e9e du doigt par la communaut\u00e9 internationale   pour les violations graves et r\u00e9currentes de la libert\u00e9 d\u2019expression,   d\u2019association et d\u2019assembl\u00e9e. Les responsables politiques comme les d\u00e9fenseurs   des droits humains sont r\u00e9guli\u00e8rement victimes d\u2019intimidations, de harc\u00e8lement,   d\u2019arrestations et de d\u00e9tentions arbitraires, de traitements cruels, inhumains   et d\u00e9gradants. Certains cas continuent de d\u00e9frayer la chronique :<\/div>\n<div align=\"justify\">     &#8211;\u00a0\u00a0\u00a0\u00a0\u00a0\u00a0\u00a0\u00a0 L\u2019affaire ma\u00eetre Mohammed Abou, membre de l\u2019Association   internationale de soutien aux prisonniers politiques (AISSP), ancien dirigeant   de l\u2019Association des jeunes avocats et membre du Conseil National pour les   Libert\u00e9s en Tunisie (CNLT) condamn\u00e9 \u00e0 trois ans et demi de prison ferme en   avril 2005 ;    &#8211;\u00a0\u00a0\u00a0\u00a0\u00a0\u00a0\u00a0\u00a0 M. Zied Fakraoui \u00e2g\u00e9 de 27 ans emprisonn\u00e9 en avril 2005, victime de   la loi dite antiterroriste de d\u00e9cembre 2003, en gr\u00e8ve de la faim pour   protester contre les s\u00e9vices sexuels dont il a \u00e9t\u00e9 victime lors des   interrogatoires ;    &#8211;\u00a0\u00a0\u00a0\u00a0\u00a0\u00a0\u00a0\u00a0 L\u2019\u00e9pisode de la Ligue Tunisienne des Droits de l\u2019Homme (LTDH) \u00e0   travers le blocage de ses financements, l\u2019interdiction de tenir son congr\u00e8s,   la perte des locaux de toutes ses sections r\u00e9gionales, les brutalit\u00e9s   perp\u00e9tr\u00e9es sur les membres de la ligue ;    &#8211;\u00a0\u00a0\u00a0\u00a0\u00a0\u00a0\u00a0\u00a0 la fermeture du si\u00e8ge de l\u2019Association des Magistrats Tunisiens   (AMT) sur ordre du minist\u00e8re de la justice, la cr\u00e9ation d\u2019un comit\u00e9 dit   provisoire au sein du minist\u00e8re de la justice en dehors de tout cadre l\u00e9gal,   la mutation de quatre magistrates dans des postes \u00e0 l\u2019int\u00e9rieur du pays dans   des circonstances exceptionnelles non conformes aux usages, etc.<\/div>\n<div align=\"justify\">     Le PDP est victime du m\u00eame acharnement de la part du pouvoir : perte des   si\u00e8ges des f\u00e9d\u00e9rations r\u00e9gionales de Gab\u00e8s, Tataouine, Tozeur (dans le sud du   pays) Kairouan (centre) et Jendouba (nord), au total une dizaine de si\u00e8ges   r\u00e9gionaux sont \u00ab\u00e9vacu\u00e9s\u00bb ou menac\u00e9s d\u2019\u00eatre l\u2019objet d\u2019expulsion. Les efforts   engag\u00e9s par les militants et responsables r\u00e9gionaux du PDP pour retrouver des   nouveaux locaux sont rest\u00e9s vains. Selon les autorit\u00e9s, \u00ab l\u2019affaire n\u2019est   autre qu\u2019un contentieux civil immobilier entre un propri\u00e9taire et un locataire   \u00bb.<\/div>\n<div align=\"justify\">     L\u2019UIDH d\u00e9nonce ces actes de liquidation, de musellement savamment orchestr\u00e9s   par le r\u00e9gime du Pr\u00e9sident Zine el-Abidine Ben Ali. Tout en manifestant sa   solidarit\u00e9 au PDP et partant aux organisations de la soci\u00e9t\u00e9 civile tunisienne,   elle exhorte l\u2019Etat tunisien \u00e0 se conformer aux dispositions de la D\u00e9claration   universelle des droits de l\u2019Homme et autres instruments juridiques r\u00e9gionaux   et internationaux qu\u2019il a ratifi\u00e9s.<\/div>\n<div align=\"justify\">     Ouagadougou le 30 mai 2007      <strong><font>Le Pr\u00e9sident de l\u2019UIDH      Me Brahima KONE <\/font><\/strong><\/div>\n<p><font face=\"Arial\" size=\"2\"><\/p>\n<div> <strong><\/p>\n<hr\/>\n<p><\/strong><\/div>\n<div> <font> <\/p>\n<div align=\"center\"> <font face=\"Arial\" size=\"2\"> <strong><\/p>\n<h2 style=\"color: red;\"><font size=\"3\">Ils protestent contre la d\u00e9gradation     des droits de la d\u00e9fense<\/font><\/h2>\n<p><\/strong> <strong><font>Les robes noires d\u00e9sertent les cours<\/font><\/strong><\/font><\/div>\n<p> <font face=\"Arial\" size=\"2\"> <\/p>\n<div align=\"left\" dir=\"ltr\">\n<p align=\"justify\">     La d\u00e9cision a \u00e9t\u00e9 annonc\u00e9e hier : les tribunaux seront d\u00e9sert\u00e9s par les     avocats, le 10 juin prochain. La cour d\u2019Alger sera \u00e9galement boycott\u00e9e \u00e0     partir de la semaine prochaine et l\u2019ouverture de la session criminelle du 9     juin risque de se d\u00e9rouler sans les robes noires.      C\u2019est en tout cas ce qu\u2019a d\u00e9cid\u00e9 l\u2019Union nationale des barreaux d\u2019Alg\u00e9rie en     guise de protestation contre \u00ab le pi\u00e9tinement des droits de la d\u00e9fense \u00bb.     L\u2019instruction est transmise \u00e0 tous les avocats. \u00ab Attention ! Celui ou celle     qui ne r\u00e9pond pas \u00e0 cet appel sera suspendu \u00bb, affirme Abdelmadjid Silini,     b\u00e2tonnier d\u2019Alger et pr\u00e9sident de l\u2019Union nationale des barreaux.     S\u2019exprimant lors d\u2019une conf\u00e9rence de presse anim\u00e9e hier \u00e0 Alger, Me Silini     atteste que les avocats sont \u00e0 bout de patience et que cette r\u00e9action n\u2019est     que le r\u00e9sultat d\u2019un important cumul de probl\u00e8mes. Il y a un programme qui     vise \u00e0 r\u00e9tr\u00e9cir les droits de la d\u00e9fense et faire sortir les avocats des     palais de justice \u00bb, d\u00e9plore-t-il devant un parterre compos\u00e9 de journalistes     et de nombreux avocats. Le recours \u00e0 la gr\u00e8ve et au boycott de la cour,     indique-t-il, s\u2019impose, d\u2019autant que les autorit\u00e9s font la sourde oreille     aux multiples revendications des avocats. Au lieu d\u2019am\u00e9liorer la situation,     les responsables de la justice, lance-t-il, renforcent les obstacles devant     eux. \u00ab Ils ont r\u00e9duit le m\u00e9tier \u00e0 des interdits \u00bb, explique-t-il. Pour     \u00e9tayer ses dires, l\u2019orateur site de nombreux exemples.  <\/p>\n<\/div>\n<div align=\"left\" dir=\"ltr\">\n<p align=\"justify\"> <strong>Bouteflika sollicit\u00e9<\/strong> <\/p>\n<\/div>\n<div align=\"left\" dir=\"ltr\">\n<p align=\"justify\">     \u00ab Le minist\u00e8re de la Justice refuse toujours de promulguer le statut de     l\u2019avocat en d\u00e9pit des instructions donn\u00e9es par le chef de l\u2019Etat, en mars     2006. Nous nous sommes entendus sur un texte et la tutelle nous a ressorti     un autre, avant de pondre un troisi\u00e8me que nous appelons enfant naturel. Il     y a une volont\u00e9 de nous presser \u00bb, pr\u00e9cise-t-il. A la question du statut     s\u2019ajoutent, selon lui, d\u2019autres intimidations ayant pour objectif d\u2019an\u00e9antir     les droits de la d\u00e9fense. Le ministre de la Justice, r\u00e9v\u00e8le-t-il, lui avait     envoy\u00e9 une liste de 39 avocats poursuivis en justice pour \u00ab atteinte au     r\u00e8glement int\u00e9rieur des institutions p\u00e9nitentiaires \u00bb. \u00ab Ces avocats sont     accus\u00e9s parce qu\u2019ils ont donn\u00e9 leurs cartes de visite aux prisonniers. En     quoi est enfreignant \u00e0 la loi le fait de donner sa carte de visite \u00e0 un     prisonnier ? \u00bb, s\u2019interroge-t-il. Des avocats, ajoute-t-il, sont aussi     poursuivis en justice parce qu\u2019ils ont port\u00e9 plainte contre des juges. \u00ab Ils     sont poursuivis pour accusation calomnieuse et l\u2019avocat n\u2019a pas le droit de     se d\u00e9fendre. C\u2019est tr\u00e8s grave \u00bb, s\u2019exclame-t-il en \u00e9levant la voix.     Poursuivant, Me Silini, qui semble \u00eatre press\u00e9 par les membres du conseil de     l\u2019union des barreaux, critique la mani\u00e8re avec laquelle est mise en \u0153uvre de     la r\u00e9forme de la justice. \u00ab C\u2019est la d\u00e9formation de la justice et non pas sa     r\u00e9forme. Le droit du citoyen est bafou\u00e9 \u00bb, clame-t-il sous les     applaudissements de ses camarades. Affirmant avoir saisi \u00e0 maintes reprises     le ministre de la Justice \u00e0 ce sujet, le premier responsable de l\u2019union des     barreaux se l\u00e8ve contre les pressions exerc\u00e9es contre les magistrats. Des     pressions qui se retournent, souligne-t-il, contre les avocats. \u00ab A chaque     fois que nous contestons aupr\u00e8s des magistrats, ils nous disent qu\u2019ils     ob\u00e9issent \u00e0 des instructions venant d\u2019en haut. Non \u00e0 la justice aux ordres     \u00bb, lance-t-il. Evoquant les probl\u00e8mes dont souffrent les avocats \u00e0 Alger, le     conf\u00e9rencier en soul\u00e8ve deux. En plus de la non-cons\u00e9cration d\u2019un espace aux     avocats \u00e0 la nouvelle cour d\u2019Alger, Me Silini d\u00e9nonce l\u2019instruction donn\u00e9e,     selon lui, par le pr\u00e9sident de la Cour supr\u00eame aux greffiers de ne plus     recevoir la d\u00e9fense. Estimant qu\u2019il n\u2019y a pas de justice libre en Alg\u00e9rie,     le b\u00e2tonnier d\u2019Alger appelle \u00e0 l\u2019intervention du pr\u00e9sident de la R\u00e9publique     pour mettre le hol\u00e0 au marasme de la d\u00e9fense. \u00ab Nous demandons     l\u2019installation d\u2019une commission nationale ind\u00e9pendante pour \u00e9valuer l\u2019\u00e9tat     d\u2019avancement du projet de la r\u00e9forme de la justice \u00bb, a-t-il indiqu\u00e9.           <strong>Madjid Makedhi      <font>(Source : \u00ab\u00a0El Watan \u00bb (Quotidien \u2013 Algerie), le\u00a030     mai 2007)<\/font><\/strong>     http:\/\/www.elwatan.com\/spip.php?page=article&amp;id_article=69242<\/p>\n<\/div>\n<p> <\/font><\/font><\/div>\n<p><\/font><\/p>\n<p><font face=\"Arial\" size=\"2\"><\/p>\n<div align=\"justify\">\n<hr\/>\n<\/div>\n<div align=\"center\"> <strong><\/p>\n<h2 style=\"color: red;\"><font size=\"3\">Alg\u00e9rie: la ministre italienne du   Commerce Emma Bonino en visite samedi<\/font><\/h2>\n<p><\/strong><\/div>\n<div align=\"justify\">     AFP, le 29 mai 2007 \u00e0 19h42   ALGER, 29 mai 2007 (AFP) &#8211; La ministre italienne au Commerce international,   Emma Bonino, est attendue samedi \u00e0 Alger pour une visite de travail de trois   jours \u00e0 la t\u00eate d&rsquo;une d\u00e9l\u00e9gation de 150 hommes d&rsquo;affaires, a annonc\u00e9 mardi   l&rsquo;ambassade d&rsquo;Italie. Mme Bonino qui sera accompagn\u00e9e du secr\u00e9taire italien au   Commerce\u00a0 international, Mauro Agostini, assistera \u00e0 l&rsquo;inaugauration du stand   italien \u00e0 la 40e Foire internationale d&rsquo;Alger (FIA) pr\u00e9vue du 1 au 7 juin.   L&rsquo;Italie en est l&rsquo;h\u00f4te d&rsquo;honneur.   Au cours de sa visite, Mme Bonino rencontrera des membres du gouvernement\u00a0   alg\u00e9rien et des repr\u00e9sentants d&rsquo;associations patronales et professionnelles,   selon la m\u00eame source.   De janvier \u00e0 mars, les exportations alg\u00e9riennes vers l&rsquo;Italie, constitu\u00e9es \u00e0   99% d&rsquo;hydrocarbures, notamment du gaz, ont atteint 2 milliards de dollars, en   hausse de 16% par rapport au premier trimestre 2006.   Les importations alg\u00e9riennes d&rsquo;Italie ont augment\u00e9 de 4% durant la m\u00eame   p\u00e9riode avec un montant de 469 millions de dollars constitu\u00e9s de produits   semi-finis et de biens d&rsquo;\u00e9quipement industriels, selon cette source.   Les investissements italiens directs en Alg\u00e9rie sont estim\u00e9s \u00e0 quelque 200   millions de dollars depuis d\u00e9but 2006, a ajout\u00e9 l&rsquo;ambassade.   L&rsquo;Alg\u00e9rie assure actuellement \u00e0 l&rsquo;Italie environ 30% de ses besoins en gaz   naturel et en GNL (gaz naturel liqu\u00e9fi\u00e9).   Elle livrera \u00e0 l&rsquo;Italie 9 milliards de m3 de gaz \u00e0 partir de 2008, aux termes   d&rsquo;un accord sign\u00e9 en f\u00e9vrier entre les deux pays.   Un gazoduc transm\u00e9diterran\u00e9en relie les deux pays depuis 1982 via la Tunisie,   avec une capacit\u00e9 d&rsquo;environ 25 milliards de m3\/an. Un second gazoduc, GALSI,   d&rsquo;une capacit\u00e9 de 8 milliards de m3\/an, doit relier dans deux ans les deux   pays via la Sardaigne.      AFP <\/p>\n<hr\/>\n<\/div>\n<div align=\"justify\">\n<div align=\"center\"> <strong><\/p>\n<h2 style=\"color: red;\"><font size=\"3\">Libya&rsquo;s new ties with West set     example for Iran-Blair<\/font><\/h2>\n<p><\/strong><\/div>\n<div align=\"justify\">         Reuters, le 29 mai 2007 \u00e0 00h05     SIRTE, Libya, May 29 (Reuters) &#8211; British Prime Minister Tony Blair held out     the prospect on Tuesday that Iran, under international pressure over its     nuclear programme, could follow Libya&rsquo;s example and transform its relations     with the West. Change in Libya had produced huge possibilities for its     future relations with Britain, the United States and Europe, Blair told a     news conference on a visit to the once isolated North African state.     Asked if Britain&rsquo;s transformed relationship with Libya held a lesson for     Iran&rsquo;s relations with the West, Blair said: \u00ab\u00a0I think it is always possible     for relationships to change but they change ultimately on the basis of     actions.\u00a0\u00bb \u00ab\u00a0In respect of Iran I&rsquo;ve got no doubt at all that the situation is     the same in this sense that the potential for partnership is always there     provided the actions are the actions of partners,\u00a0\u00bb Blair said in some of his     most conciliatory remarks about Tehran.     Tripoli returned to the international fold after it abandoned efforts to     acquire nuclear weapons and agreed to pay damages for a 1988 airliner     bombing over Scotland.     Blair said Libyan leader Muammar Gaddafi had shown personal and political     courage in launching Libya on a programme of change. \u00ab\u00a0Now that is something     that is open to anybody who wants to take it,\u00a0\u00bb he said.     The head of the U.N.&rsquo;s nuclear watchdog, Mohamed ElBaradei, underlined what     he said was the growing risk of a major confrontation between the West and     Iran last week, saying Iran was probably three to eight years away from     producing a nuclear bomb if it so chose.     The Islamic Republic denies Western charges that it is Seeking nuclear     weapons and says its programme is aimed purely at generating electricity.     Major powers last year offered Iran trade, technical and other incentives to     suspend uranium enrichment. But negotiations proved fruitless and were     called off before the U.N. Security     Council imposed a first set of sanctions on Tehran.     Washington accuses Iran of arming, funding and training Shi&rsquo;ite militias who     are fuelling Iraq&rsquo;s spiral into sectarian civil war, a charge Iran denies.     The United States and Iran held their most high-profile meeting in 30 years     on Monday.          REUTERS \u00a0<\/div>\n<\/div>\n<div align=\"justify\">\n<hr\/>\n<\/div>\n<div align=\"center\"> <strong><\/p>\n<h2 style=\"color: red;\"><font size=\"3\">Azerba\u00efdjan: Les mosqu\u00e9es peuvent \u00e0   nouveau appeler leurs fid\u00e8les<\/font><\/h2>\n<p><\/strong><\/div>\n<div align=\"justify\">     Par Michael MAINVILLE   AFP, le 29 mai 2007 \u00e0 19h55   BAKOU, 29 mai 2007 (AFP) &#8211; Pendant une semaine, les petits haut-parleurs   accroch\u00e9s au minaret de la mosqu\u00e9e Gadji Sultanali, \u00e0 Bakou, se sont tus.   Finis les cinq appels quotidiens \u00e0 la pri\u00e8re pour les musulmans azerba\u00efdjanais.   Jusqu&rsquo;\u00e0 l&rsquo;ordre du pr\u00e9sident Ilham Aliev d&rsquo;en finir avec ce silence. Mardi, ce   dernier a annul\u00e9 l&rsquo;interdiction faite aux mosqu\u00e9es d&rsquo;utiliser des   haut-parleurs pour diffuser l&rsquo;appel \u00e0 la pri\u00e8re, une pratique largement   r\u00e9pandue dans l&rsquo;ensemble du monde musulman.   La mesure a bien s\u00fbr touch\u00e9 une semaine durant la mosqu\u00e9e Gadji Sultanali,   comme tous les lieux de culte musulmans \u00e0 travers le pays.   Au d\u00e9part, les autorit\u00e9s avaient estim\u00e9 que les appels lanc\u00e9s par les   haut-parleurs \u00e9taient trop bruyants et qu&rsquo;ils d\u00e9rangeaient les habitants   vivant \u00e0 proximit\u00e9 des mosqu\u00e9es.   Mais rapidement, plusieurs voix avaient d\u00e9nonc\u00e9 une atteinte \u00e0 la libert\u00e9 de   religion.   Rassembl\u00e9s il y a quelques jours devant la mosqu\u00e9e Gadji Sultanali apr\u00e8s la   pri\u00e8re de midi, une poign\u00e9e de fid\u00e8les critiquaient l&rsquo;interdiction d\u00e9cid\u00e9e   initialement par les autorit\u00e9s.   \u00ab\u00a0Il est important d&rsquo;entendre l&rsquo;appel \u00e0 la pri\u00e8re pour se rappeler notre devoir   spirituel. Il y a tant de bruit dans la ville que nous ne serons pas en mesure   d&rsquo;entendre s&rsquo;ils enl\u00e8vent les haut-parleurs\u00a0\u00bb, affirmait Azie, 50 ans.   L&rsquo;admnistration musulmane du Caucase, qui g\u00e8re les affaires musulmanes en   Azerba\u00efdjan au nom du gouvernement, venait en effet d&rsquo;imposer l&rsquo;interdiction   d&rsquo;utiliser des haut-parleurs. \u00ab\u00a0Nous avons re\u00e7u de nombreuses plaintes du   public concernant des appels trop bruyants, de personnes malades, \u00e2g\u00e9es,   d&rsquo;enfants incapables de dormir\u00a0\u00bb, soutenait Akif Aga\u00efev, un porte-parole de   l&rsquo;administration.   La mesure intervenait alors que l&rsquo;Islam conna\u00eet un renouveau en Azerba\u00efdjan   depuis l&rsquo;ind\u00e9pendance en 1991 suite \u00e0 l&rsquo;effondrement de l&rsquo;URSS.   Paradoxalement, c&rsquo;est ce regain d&rsquo;int\u00e9r\u00eat pour la foi musulmane qui avait   conduit les autorit\u00e9s \u00e0 interdire les haut-parleurs, selon M. Aga\u00efev qui   expliquait que les diffusions concurrentes appelants les fid\u00e8les \u00e0 la pri\u00e8re   \u00e9taient devenues une nuisance. \u00ab\u00a0Avant il y avait peu de mosqu\u00e9es \u00e0 Bakou, mais   maintenant leur nombre a tellement augment\u00e9 qu&rsquo;il n&rsquo;est plus n\u00e9cessaire   d&rsquo;avoir de haut-parleurs\u00a0\u00bb, disait-il.   Pour Ilar Ibrahimoglu, directeur du Centre pour la protection des libert\u00e9s   religieuses, l&rsquo;interdiction ne respectait pas les droits des fid\u00e8les.   \u00ab\u00a0C&rsquo;est absurde\u00a0\u00bb, s&rsquo;exclamait M. Ibrahimoglu, un imam qui s&rsquo;\u00e9tait vu interdire   de pratiquer par les autorit\u00e9s et qui avait d\u00e9nonc\u00e9 un retour \u00e0 la doctrine   ath\u00e9e de l&rsquo;\u00e9poque sovi\u00e9tique. \u00ab\u00a0Je ne connais aucun autre endroit dans le monde   o\u00f9 il existe une telle interdiction, ni en Europe ni aux Etats-Unis, sans   parler des pays musulmans\u00a0\u00bb, soutenait-il.   De fait, Le gouvernement la\u00efc azerba\u00efdjanais peine \u00e0 s&rsquo;adapter \u00e0 la   renaissance de l&rsquo;islam. Le nombre de religieux fervents est en hausse,   notamment en raison du financement par l&rsquo;Iran de la construction de mosqu\u00e9es   et d&rsquo;\u00e9coles coraniques \u00e0 travers le pays.   Les autorit\u00e9s soup\u00e7onnent T\u00e9h\u00e9ran de chercher \u00e0 exporter une version radicale   de l&rsquo;Islam en Azerba\u00efdjan et ont s\u00e9vi contre des groupes religieux accus\u00e9s   d&rsquo;extr\u00e9misme.   Parall\u00e8lement, certains avaient accus\u00e9 le gouvernement d&rsquo;utiliser la suppos\u00e9e   menace islamiste comme pr\u00e9texte pour faire taire l&rsquo;opposition.   Mais dans la mosqu\u00e9e Gadji Sultanali, l&rsquo;imam Ibrahim Iariev ne voyait rien   d&rsquo;anti-d\u00e9mocratique dans la d\u00e9cision des autorit\u00e9s d&rsquo;interdire les   haut-parleurs. \u00ab\u00a0Nous ne sommes pas un pays religieux comme l&rsquo;Arabie saoudite,   le Pakistan ou l&rsquo;Iran. Nous sommes un pays d\u00e9mocratique o\u00f9 l&rsquo;Eglise et l&rsquo;Etat   sont s\u00e9par\u00e9s\u00a0\u00bb, expliquait l&rsquo;imam.      AFP<\/div>\n<div align=\"justify\">\n<hr\/>\n<\/div>\n<div align=\"center\"> <strong><\/p>\n<h2 style=\"color: red;\"><font size=\"3\">Erdogan juge l&rsquo;AKP en bonne position   pour les \u00e9lections<\/font><\/h2>\n<p><\/strong><\/div>\n<div align=\"justify\">     Reuters, le 29 mai 2007 \u00e0 22h43   ANKARA, 29 mai (Reuters) &#8211; Le Premier ministre turc Tayyip Erdogan s&rsquo;est dit   certain que sa formation, l&rsquo;AKP, proche des milieux d&rsquo;affaires, remporterait   les \u00e9lections l\u00e9gislatives du 22 juillet et a formul\u00e9 l&rsquo;espoir d&rsquo;une   f\u00e9minisation du Parlement.   \u00ab\u00a0L&rsquo;AKP est maintenant en tr\u00e8s bonne position. Nous sommes en meilleure   position que lors des \u00e9lections du 3 novembre (2002)\u00a0\u00bb, a d\u00e9clar\u00e9 Erdogan dans   un entretien \u00e0 la cha\u00eene de t\u00e9l\u00e9vision NTV, citant des sondages d&rsquo;opinion   command\u00e9s par son parti.   L&rsquo;AKP a remport\u00e9 environ deux tiers des si\u00e8ges au Parlement, qui en compte   550, lors des \u00e9lections de novembre 2002, qui se tenues quelques mois   seulement apr\u00e8s sa formation. Les \u00e9lecteurs avaient alors pl\u00e9biscit\u00e9 l&rsquo;AKP par   rejet des partis traditionnels, sur fond de grave crise financi\u00e8re.   \u00ab\u00a0Apparemment nous aurons un parlement bipartite (apr\u00e8s les \u00e9lections de   juillet)\u00a0\u00bb, a d\u00e9clar\u00e9 Erdogan, faisant r\u00e9f\u00e9rence \u00e0 son parti de centre droit et   au principal parti d&rsquo;opposition, le Parti r\u00e9publicain du peuple (CHP), qui est   th\u00e9oriquement class\u00e9 au centre gauche mais d&rsquo;orientation nationaliste.   \u00ab\u00a0Les coalitions affaiblissent la Turquie.\u00a0\u00bb   Erdogan a affirm\u00e9 par ailleurs que son parti pr\u00e9senterait de nombreuses   candidates aux l\u00e9gislatives. Pri\u00e9 de dire si cela signifiait que le   gouvernement serait lui aussi plus f\u00e9minin, il a r\u00e9pondu: \u00ab\u00a0Peut-\u00eatre. Il n&rsquo;y a   aucune raison que ce ne soit pas le cas.\u00a0\u00bb   A peine 4% des d\u00e9put\u00e9s turcs sont des femmes, un peu moins qu&rsquo;en 1935, peu   apr\u00e8s l&rsquo;octroi aux femmes du droit de vote. Une seule femme est ministre dans   le gouvernement Erdogan.      REUTERS \u00a0<\/div>\n<div align=\"justify\">\n<hr\/>\n<p align=\"center\"> <strong><font>Non-dits      <\/font><font size=\"3\">L&rsquo;islam d\u00e9chir\u00e9<\/font><\/strong><\/p>\n<\/div>\n<div align=\"justify\">     Dans un colloque international qui se tenait r\u00e9cemment \u00e0 Tunis sur les   rapports entre raison et foi, le r\u00e9put\u00e9 historien de la pens\u00e9e islamique   Mahomed Arkoun a marqu\u00e9 son auditoire. En r\u00e9sum\u00e9, il a expliqu\u00e9 que le monde   musulman devrait une fois pour toutes se demander pourquoi l&rsquo;islam officiel   n&rsquo;a plus \u00e9t\u00e9 capable de r\u00e9concilier religion et rationalit\u00e9 apr\u00e8s l&rsquo;exp\u00e9rience   aristot\u00e9licienne v\u00e9cue du Xe au XIIIe si\u00e8cle.       On rappellera que le Moyen Age a vu des penseurs musulmans d&rsquo;Andalousie &#8211;   comme Averro\u00e8s &#8211; dialoguer au-del\u00e0 des si\u00e8cles avec des penseurs chr\u00e9tiens tel   Saint Thomas d&rsquo;Aquin. Le prolongement de la pens\u00e9e hell\u00e9nistique au sein du   monde arabo-chr\u00e9tien a d&rsquo;ailleurs \u00e9t\u00e9 l&rsquo;objet central du colloque de Tunis.   L&rsquo;islam doit reprendre ce qu&rsquo;il a laiss\u00e9 au XIIIe si\u00e8cle pour retrouver sa   place dans le monde moderne.      Dans son discours controvers\u00e9 de Ratisbonne, Beno\u00eet XVI a ainsi montr\u00e9   beaucoup d&rsquo;acuit\u00e9 en focalisant son analyse sur le Logos et ses rapports \u00e0 la   religion. Car c&rsquo;est l\u00e0 le point faible de l&rsquo;islam contemporain. Et comme l&rsquo;a   relev\u00e9 le professeur Bruno Etienne (France), les oul\u00e9mas n&rsquo;ont pas r\u00e9pondu sur   le fond au questionnement du pape lorsqu&rsquo;ils lui ont adress\u00e9 une lettre   commune dont on a tr\u00e8s peu parl\u00e9 en Occident. En avril 2005, le quotidien \u00abEl   Watan\u00bb relatait un d\u00e9bat au cours duquel le professeur Arkoun expliquait   carr\u00e9ment: \u00abApr\u00e8s la mort d&rsquo;Ibn Ruchd (Averro\u00e8s), il n&rsquo;y a eu personne; c&rsquo;est   la sociologie de l&rsquo;\u00e9chec d&rsquo;Ibn Ruchd dans le contexte islamique et sa r\u00e9ussite   dans le contexte chr\u00e9tien. (&#8230;) Il n&rsquo;y a plus de pens\u00e9e th\u00e9ologique dans les   pays musulmans, on fait des fatwas.\u00bb Il existe pourtant des penseurs   islamiques r\u00e9novateurs, mais non reconnus. M\u00eame la r\u00e9formiste universit\u00e9   islamique Ezzitouna de Tunis &#8211; o\u00f9 l&rsquo;on ferait peut-\u00eatre bien d&rsquo;envoyer les   imams suisses pour leur formation &#8211; est regard\u00e9e avec beaucoup de suspicion   par les autres \u00e9coles. Il faudra \u00eatre patient&#8230;      <strong><font>(Source : \u00ab Le Nouvelliste \u00bb (Quotidien \u2013   Suisse), le 24 mai 2007)<\/font><\/strong><\/div>\n<p><\/font><\/p>\n<div>\n<hr\/>\n<\/div>\n<div align=\"center\"> <font face=\"Arial\" size=\"2\"><strong><\/p>\n<h2 style=\"color: red;\"><font size=\"3\">Les fourmis   ont du g\u00e9nie: elles bouchent les trous de la piste<\/font><\/h2>\n<p><\/strong><\/font><\/div>\n<div align=\"justify\">     AFP, le 29 mai 2007 \u00e0 18h27   PARIS, 29 mai 2007 (AFP) &#8211; Lors de leurs spectaculaires razzias alimentaires,   les fourmis de l&rsquo;esp\u00e8ce Eciton burchellii d\u00e9l\u00e8guent \u00e0 quelques individus le   soin de boucher de leur corps les trous de la piste afin de faciliter le   retour vers la fourmili\u00e8re de leurs cong\u00e9n\u00e8res pesamment charg\u00e9es.   \u00ab\u00a0La modification de la surface de la piste permet aux individus portant les   proies d&rsquo;atteindre une vitesse maximale\u00a0\u00bb, r\u00e9v\u00e8lent les biologistes   britanniques Scott Powell et Nigel Franks (Universit\u00e9 de Bristol), dans une   \u00e9tude publi\u00e9e dans le num\u00e9ro de juin de la revue sp\u00e9cialis\u00e9e Animal Behaviour.   Les colonies de E. burchellii peuvent rassembler jusqu&rsquo;\u00e0 700.000 individus.   Tous les jours ou tous les deux jours, selon les moments, un tiers de la   fourmili\u00e8re en sort \u00e0 la recherche de nourriture. En \u00ab\u00a0heure de pointe\u00a0\u00bb,   jusqu&rsquo;\u00e0 12 fourmis peuvent circuler de front sur les pistes principales, qui   s&rsquo;\u00e9tendent jusqu&rsquo;\u00e0 une centaine de m\u00e8tres de la fourmili\u00e8re d&rsquo;origine.   La taille des fourmis de cette esp\u00e8ce tropicale &#8211; celles de l&rsquo;exp\u00e9rience   britannique venaient du Panama &#8211; varie \u00e9norm\u00e9ment d&rsquo;un\u00b4individu \u00e0 l&rsquo;autre,   d&rsquo;un facteur 1 \u00e0 5. Or, les scientifiques britanniques ont constat\u00e9 que seules   celles dont la taille correspondait \u00e0 celle du trou \u00e0 boucher faisaient don de   leur \u00e9chine. Les plus petites ou les plus grosses passent leur chemin.   Si la taille de la fourmi est idoine, celle-ci s&rsquo;immobilise dans le trou, \u00e0   l&rsquo;exception d&rsquo;un mouvement rapide des antennes. Un nouveau trou est bouch\u00e9   moins de 30 secondes apr\u00e8s son apparition.   La fourmi restera en place tant que ses cong\u00e9n\u00e8res continueront \u00e0 lui passer   sur le corps. Apr\u00e8s cinq secondes sans trafic, elle repartira vers la   fourmili\u00e8re comme si de rien n&rsquo;\u00e9tait.   Les scientifiques britanniques, qui ont confront\u00e9 leurs fourmis \u00e0 toute une   s\u00e9rie d&rsquo;obstacles artificiels, y voient \u00ab\u00a0une rare preuve quantitative qu&rsquo;une   sp\u00e9cialisation extr\u00eame\u00a0\u00bb de quelques individus am\u00e9liore la performance   d&rsquo;ensemble du groupe. Si 7.500 individus font ainsi don de leur corps, sur un   corps exp\u00e9ditionnaire de 200.000, la masse de provisions ramen\u00e9e \u00e0 la colonie   s&rsquo;en retrouve accrue de 26%, affirment les chercheurs.   Plus les quantit\u00e9s de nourritures ramen\u00e9e \u00e0 la fourmili\u00e8re sont importantes et   plus la colonie va se d\u00e9velopper. D&rsquo;o\u00f9 l&rsquo;int\u00e9r\u00eat d&rsquo;avoir recours \u00e0 ces fourmis   du g\u00e9nie pour aplanir le chemin&#8230;      AFP<\/div>\n<hr\/>\n<p align=\"center\"><b><a href=\"https:\/\/tunisnews.net\/ar\/\"><font face=\"Arabic Transparent\"><span><font>Home<\/font><\/span><font><span lang=\"FR-CH\"> &#8211; Accueil <\/span><span>&#8211; <\/span><\/font><\/font><span dir=\"rtl\" lang=\"AR-SA\"><font>\u0627\u0644\u0631\u0626\u064a\u0633\u064a\u0629<\/font><\/span><\/a><\/b><\/p>\n<p><\/body><\/body><\/html><\/p>","protected":false},"excerpt":{"rendered":"<p>Home &#8211; Accueil &#8211; \u0627\u0644\u0631\u0626\u064a\u0633\u064a\u0629 TUNISNEWS 8\u00a0\u00e8me\u00a0ann\u00e9e, N\u00b0\u00a02563\u00a0du 30.05.2007 \u00a0archives : www.tunisnews.net L\u2019UNION Interafricaine Des Droits de l\u2019Homme: Communique El Watan: Ils protestent contre la d\u00e9gradation des droits de la d\u00e9fense AFP:Alg\u00e9rie: la ministre italienne du Commerce Emma Bonino en visite samedi Reuters: Libya&rsquo;s new ties with West set example for Iran-Blair Reuters: Erdogan juge [&hellip;]<\/p>\n","protected":false},"author":1,"featured_media":22040,"comment_status":"open","ping_status":"open","sticky":false,"template":"","format":"standard","meta":{"inline_featured_image":false,"site-sidebar-layout":"default","site-content-layout":"","ast-site-content-layout":"default","site-content-style":"default","site-sidebar-style":"default","ast-global-header-display":"","ast-banner-title-visibility":"","ast-main-header-display":"","ast-hfb-above-header-display":"","ast-hfb-below-header-display":"","ast-hfb-mobile-header-display":"","site-post-title":"","ast-breadcrumbs-content":"","ast-featured-img":"","footer-sml-layout":"","ast-disable-related-posts":"","theme-transparent-header-meta":"","adv-header-id-meta":"","stick-header-meta":"","header-above-stick-meta":"","header-main-stick-meta":"","header-below-stick-meta":"","astra-migrate-meta-layouts":"default","ast-page-background-enabled":"default","ast-page-background-meta":{"desktop":{"background-color":"","background-image":"","background-repeat":"repeat","background-position":"center center","background-size":"auto","background-attachment":"scroll","background-type":"","background-media":"","overlay-type":"","overlay-color":"","overlay-opacity":"","overlay-gradient":""},"tablet":{"background-color":"","background-image":"","background-repeat":"repeat","background-position":"center center","background-size":"auto","background-attachment":"scroll","background-type":"","background-media":"","overlay-type":"","overlay-color":"","overlay-opacity":"","overlay-gradient":""},"mobile":{"background-color":"","background-image":"","background-repeat":"repeat","background-position":"center center","background-size":"auto","background-attachment":"scroll","background-type":"","background-media":"","overlay-type":"","overlay-color":"","overlay-opacity":"","overlay-gradient":""}},"ast-content-background-meta":{"desktop":{"background-color":"var(--ast-global-color-5)","background-image":"","background-repeat":"repeat","background-position":"center center","background-size":"auto","background-attachment":"scroll","background-type":"","background-media":"","overlay-type":"","overlay-color":"","overlay-opacity":"","overlay-gradient":""},"tablet":{"background-color":"var(--ast-global-color-5)","background-image":"","background-repeat":"repeat","background-position":"center center","background-size":"auto","background-attachment":"scroll","background-type":"","background-media":"","overlay-type":"","overlay-color":"","overlay-opacity":"","overlay-gradient":""},"mobile":{"background-color":"var(--ast-global-color-5)","background-image":"","background-repeat":"repeat","background-position":"center center","background-size":"auto","background-attachment":"scroll","background-type":"","background-media":"","overlay-type":"","overlay-color":"","overlay-opacity":"","overlay-gradient":""}},"footnotes":""},"categories":[],"tags":[57,38,29],"class_list":["post-16247","post","type-post","status-publish","format-standard","has-post-thumbnail","hentry","tag-57","tag-38","tag-fr"],"_links":{"self":[{"href":"https:\/\/tunisnews.net\/ar\/wp-json\/wp\/v2\/posts\/16247","targetHints":{"allow":["GET"]}}],"collection":[{"href":"https:\/\/tunisnews.net\/ar\/wp-json\/wp\/v2\/posts"}],"about":[{"href":"https:\/\/tunisnews.net\/ar\/wp-json\/wp\/v2\/types\/post"}],"author":[{"embeddable":true,"href":"https:\/\/tunisnews.net\/ar\/wp-json\/wp\/v2\/users\/1"}],"replies":[{"embeddable":true,"href":"https:\/\/tunisnews.net\/ar\/wp-json\/wp\/v2\/comments?post=16247"}],"version-history":[{"count":0,"href":"https:\/\/tunisnews.net\/ar\/wp-json\/wp\/v2\/posts\/16247\/revisions"}],"wp:featuredmedia":[{"embeddable":true,"href":"https:\/\/tunisnews.net\/ar\/wp-json\/wp\/v2\/media\/22040"}],"wp:attachment":[{"href":"https:\/\/tunisnews.net\/ar\/wp-json\/wp\/v2\/media?parent=16247"}],"wp:term":[{"taxonomy":"category","embeddable":true,"href":"https:\/\/tunisnews.net\/ar\/wp-json\/wp\/v2\/categories?post=16247"},{"taxonomy":"post_tag","embeddable":true,"href":"https:\/\/tunisnews.net\/ar\/wp-json\/wp\/v2\/tags?post=16247"}],"curies":[{"name":"wp","href":"https:\/\/api.w.org\/{rel}","templated":true}]}}