{"id":16246,"date":"2009-08-22T00:00:00","date_gmt":"2009-08-22T00:00:00","guid":{"rendered":"https:\/\/tunisnews.net\/22-aout-2009\/"},"modified":"2009-08-22T00:00:00","modified_gmt":"2009-08-22T00:00:00","slug":"22-aout-2009","status":"publish","type":"post","link":"https:\/\/tunisnews.net\/ar\/22-aout-2009\/","title":{"rendered":"22 ao\u00fbt 2009"},"content":{"rendered":"<p><html><head><meta content=\"text\/html\" description=\"La cour de cassation a examin\u00e9 vendredi 21 ao\u00fbt le pourvoi en \t\t\t\tcassation pr\u00e9sent\u00e9 par la d\u00e9fense dans l\u2019affaire des prisonniers \t\t\t\tdu bassin minier. La cour a d\u00e9cid\u00e9 de rendre son arr\u00eat demain 22 \t\t\t\tao\u00fbt 2009.\" http-equiv=\"Content-Type\"\/><\/head><body><body><\/p>\n<p align=\"center\" dir=\"ltr\"><font face=\"Arial\" size=\"2\"><b><a href=\"https:\/\/tunisnews.net\/ar\/\"><span>Home<\/span><span lang=\"FR-CH\"> &#8211; Accuei<\/span><\/a><span lang=\"FR-CH\">l<\/span><\/b><\/font><\/p>\n<div><font face=\"Arial\" size=\"2\"><\/p>\n<div align=\"justify\">\n<div>\n<div>\n<div>\n<div>\n<div>\n<div><\/div>\n<div align=\"center\"><font size=\"7\"><strong>TUNISNEWS <\/strong><\/font><\/div>\n<div align=\"center\" dir=\"ltr\"><font><\/p>\n<div><strong>9\u00a0\u00e8me ann\u00e9e, <span lang=\"FR\">N\u00b0\u00a03378 du 22.08.2009<\/span><\/strong><\/div>\n<p><\/font><\/div>\n<div align=\"center\"><span><font><strong><font>\u00a0archives<\/font> :<\/strong><\/font><a target=\"_blank\" rel=\"noopener\"><font><strong>www.tunisnews.net<\/strong><\/font><\/a><\/span><font>\u00a0<\/font>\u00a0 <\/div>\n<p><font><\/p>\n<div>\n<hr\/>\n<\/div>\n<p><\/font><\/div>\n<\/div>\n<\/div>\n<\/div>\n<div>\n<p><font size=\"2\"><span lang=\"FR\"><font><\/p>\n<p><font size=\"2\"><strong>Libert\u00e9 et Equit\u00e9: Nouvelles des libert\u00e9s en Tunisie <font>Libert\u00e9 et Equit\u00e9: Lettre d\u2019un ex prisonnier politique<\/font> Reuters: France &#8211; Renvoi du proc\u00e8s d&rsquo;un r\u00e9seau de voleurs de yachts <font>AFP: France: renvoi d&rsquo;un proc\u00e8s impliquant deux neveux du pr\u00e9sident tunisien<\/font> Corsematin: Yachts vol\u00e9s et politique \u00e9trang\u00e8re enflamment le tribunal d&rsquo;Ajaccio <font>Nawaat: Tunisie : \u00ab L\u2019homme d\u2019affaires \u00bb Imed Trabelsi, ou \u201cla v\u00e9rit\u00e9 si je mens\u201d\u2026 )2\u00e8me partie(<\/font> AP:\u00a0 (Alors qu\u2019il rentrait de Tunis !!), le voleur pr\u00e9sum\u00e9 de la Ferrari d&rsquo;un champion de moto mis en examen et \u00e9crou\u00e9 <font>Reuters: Emoi en Italie apr\u00e8s un nouveau drame au large de Lampedusa<\/font> AFP:\u00a0 Italie\/immigration: le Vatican d\u00e9plore \u00ab\u00a0l&rsquo;\u00e9go\u00efsme\u00a0\u00bb de la soci\u00e9t\u00e9 <font>Afrik: Tunisie : les 12 b\u00e9b\u00e9s esp\u00e9r\u00e9s n\u2019\u00e9taient qu\u2019une grossesse nerveuse<\/font> Hatem Krichen: R\u00e9ponse \u00e0 Rached El Ghannouchi <font>AFP: Alg\u00e9rie: la hausse des prix, principal souci avant la s\u00e9curit\u00e9<\/font> El Watan: Le pr\u00e9sident Abdelaziz Bouteflika pourrait annoncer la mise en place de l\u2019amnistie g\u00e9n\u00e9rale en Alg\u00e9rie dans les prochains mois <font>AFP: Mauritanie\/terrorisme : le pr\u00e9sident appelle \u00e0 l&rsquo;union contre l&rsquo;extr\u00e9misme<\/font> Reuters: Mouammar Kadhafi rencontre l&rsquo;ex-agent Abdel Basset al Megrahi <font>AFP: Tripoli affirme que Megrahi \u00e9tait au coeur de contrats \u00e9conomiques, Londres d\u00e9ment<\/font> medi@terranee: Al Qa\u00efda au Maghreb islamique : une terrible et s\u00e9rieuse menace pour la bande sah\u00e9lo-saharienne<\/strong><\/font><\/p>\n<p><\/font><\/span><\/font><\/p>\n<\/div>\n<div>\n<hr\/>\n<\/div>\n<div>\n<div align=\"center\"><font face=\"Arial\">Libert\u00e9 pour tous les prisonniers politiques <strong><font>Libert\u00e9 et Equit\u00e9<\/font><\/strong> 33 rue Mokhtar Atya, 1001, Tunis Tel\/fax : 71 340 860 Adresse \u00e9lectronique : liberte.equite@gmail.com Tunis, le 21 ao\u00fbt 2009<\/font><\/div>\n<div align=\"center\"><strong><\/p>\n<h2 style=\"color: red;\"><font size=\"3\">Nouvelles des libert\u00e9s en Tunisie<\/font><\/h2>\n<p><\/strong><\/div>\n<p> <strong>1) la cour de cassation examine l\u2019affaire du bassin minier<\/strong> La cour de cassation a examin\u00e9 vendredi 21 ao\u00fbt le pourvoi en cassation pr\u00e9sent\u00e9 par la d\u00e9fense dans l\u2019affaire des prisonniers du bassin minier. La cour a d\u00e9cid\u00e9 de rendre son arr\u00eat demain 22 ao\u00fbt 2009. <strong>2) L\u2019instruction d\u00e9livre un mandat de d\u00e9p\u00f4t des d\u00e9tenus de Nabeul \u00e0 la prison de Mornaguia<\/strong> Aujourd\u2019hui 21 ao\u00fbt, le juge d\u2019instruction du tribunal de Premi\u00e8re instance de Tunis a d\u00e9livr\u00e9 un mandat de d\u00e9p\u00f4t pour Badil Jazi, Sahbi Hawat et Elies Salam \u00e0 la prison de Mornaguia au terme de 11 jours de garde \u00e0 vue \u00e0 la police politique.  <strong>3) Sit in de la militante Sihem Ben S\u00e9drine devant le consulat de Tunisie \u00e0 Toulouse<\/strong> Vendredi 21 ao\u00fbt dans la matin\u00e9e, madame Sihem Ben S\u00e9drine, militante des droits de l\u2019homme, a fait un sit-in devant le consulat de Tunisie \u00e0 Toulouse (France) pour exiger un passeport pour son fils de 3 ans ; elle en avait fait la demande il y a un an et demi environ. Pour le bureau ex\u00e9cutif de l\u2019Organisation Le Pr\u00e9sident <strong>Ma\u00eetre Mohammed Nouri<\/strong> <font>(traduction ni revue ni corrig\u00e9e par les auteurs de la version en arabe, LT)<\/font><\/div>\n<div>\n<hr\/>\n<\/div>\n<div><font face=\"Arial\" size=\"2\"><\/p>\n<div align=\"center\"><font face=\"Arial\" size=\"2\"><font>Libert\u00e9 pour tous les prisonniers politiques<\/font> <font><strong>Libert\u00e9 et Equit\u00e9<\/strong><\/font> <font>33 rue Mokhtar Atya, 1001, Tunis Tel\/fax : 71 340 860 Adresse \u00e9lectronique : liberte.equite@gmail.com<\/font> <\/p>\n<h2 style=\"color: red;\"><font size=\"3\"><strong>Lettre d\u2019un ex prisonnier politique<\/strong><\/font><\/h2>\n<p><\/font><\/div>\n<div>\u00a0<\/div>\n<div><font>Je soussign\u00e9 Saber Ben Chedli Ben Omar Hamrouni, \u2018ai \u00e9t\u00e9 victime jeudi 20 ao\u00fbt 2009 \u00e0 huit heures du soir, d\u2019humiliations, d\u2019insultes et d\u2019injures et de tortures perp\u00e9tr\u00e9es par le chef du pose de police d\u2019Halfaouine, d\u00e9nomm\u00e9 \u00ab Sofiane \u00bb. Il m\u2019a conduit de force au commissariat et \u00e0 menac\u00e9 de me r\u00e9duire \u00e0 la famine, de me renvoyer en prison et de me faire licencier de mon travail pour que je meure de faim. Il a mis ses menaces \u00e0 ex\u00e9cution en amenant mon employeur au poste et en le mena\u00e7ant de fermer son commerce s\u2019il m\u2019embauchait. Puis il m\u2019a donn\u00e9 des coups de pieds, m\u2019a insult\u00e9 et m\u2019a menott\u00e9 \u00e0 une chaise. Je suis rest\u00e9 ainsi deux heures et il m\u2019a dit, en un mot : \u00ab je te ferai crever de faim, tu vas mourir, charogne, en prison \u00bb<\/font><\/div>\n<div> <strong>Pour le bureau ex\u00e9cutif de l\u2019Organisation Le Pr\u00e9sident Ma\u00eetre Mohammed Nouri <\/strong><font><strong>(traduction ni revue ni corrig\u00e9e par les auteurs de la version en arabe, LT)<\/strong><\/font><\/div>\n<div><strong><\/p>\n<hr\/>\n<p><\/strong><\/div>\n<div align=\"center\"><font><\/p>\n<h2 style=\"color: red;\"><font size=\"3\"><strong>France &#8211; Renvoi du proc\u00e8s d&rsquo;un r\u00e9seau de voleurs de yachts<\/strong><\/font><\/h2>\n<p><\/font><\/div>\n<div>\u00a0<\/div>\n<div align=\"justify\">AFP, le 22 ao\u00fbt 2009 \u00e0 13h57<\/div>\n<div align=\"justify\">AJACCIO, 21 ao\u00fbt (Reuters) &#8211; Le tribunal correctionnel d&rsquo;Ajaccio a d\u00e9cid\u00e9 vendredi de renvoyer au 30 septembre le proc\u00e8s d&rsquo;un r\u00e9seau franco-tunisien de voleurs de yachts, une affaire qui \u00e9clabousse des neveux du pr\u00e9sident tunisien. Le juge d&rsquo;instruction Jean-Bastien Risson avait mis en examen Imed et Moez Trabelsi, neveux de Zine el-Abidine Ben Ali, qu&rsquo;il soup\u00e7onnait d&rsquo;\u00eatre les commanditaires de ces vols commis dans des ports de plaisance de Corse et de C\u00f4te d&rsquo;Azur. Mais le procureur g\u00e9n\u00e9ral de Bastia a d\u00e9cid\u00e9 d\u00e9but ao\u00fbt, contrairement \u00e0 l&rsquo;ordonnance de renvoi, que le proc\u00e8s se tiendrait en l&rsquo;absence de ces deux personnalit\u00e9s, qui ne pourront \u00eatre jug\u00e9s que par la justice tunisienne. Les seuls pr\u00e9venus appel\u00e9s \u00e0 compara\u00eetre en Corse sont donc les 11 pr\u00e9sum\u00e9s voleurs, qui travaillent dans le transport maritime ou certains ports de plaisance de la r\u00e9gion. Ils sont soup\u00e7onn\u00e9s d&rsquo;avoir vol\u00e9 trois yachts \u00e0 Bonifacio, \u00e0 Cannes et au Lavandou entre 2005 et 2006 pour une r\u00e9mun\u00e9ration totale de 45.000 euros. Leurs avocats se sont d\u00e9clar\u00e9s satisfaits de ce renvoi, qu&rsquo;ils avaient demand\u00e9 \u00ab\u00a0parce que les deux neveux du pr\u00e9sident tunisien Ben Ali, pourtant s\u00e9rieusement mis en cause comme commanditaires, \u00e9chappent \u00e0 la justice fran\u00e7aise\u00a0\u00bb, a d\u00e9clar\u00e9 vendredi Me Antoine Sollacaro. \u00ab\u00a0On va juger seulement des lampistes, pour des raisons diplomatiques visant \u00e0 ne pas froisser le pr\u00e9sident de la Tunisie\u00a0\u00bb, a-t-il ajout\u00e9. Selon lui, le pr\u00e9sident du tribunal correctionnel a justifi\u00e9 ce renvoi par la complexit\u00e9 du dossier. REUTERS<\/div>\n<div align=\"justify\">\n<hr\/>\n<\/div>\n<div align=\"justify\">\u00a0 <\/p>\n<div align=\"center\"><strong><\/p>\n<h2 style=\"color: red;\"><font size=\"3\">France: renvoi d&rsquo;un proc\u00e8s impliquant deux neveux du pr\u00e9sident tunisien<\/font><\/h2>\n<p><\/strong><\/div>\n<div align=\"justify\">AFP, le 22 ao\u00fbt 2009 \u00e0 15h21  AJACCIO (France), 21 ao\u00fbt 2009 (AFP) &#8211; La justice fran\u00e7aise a renvoy\u00e9 vendredi au 30 septembre l&rsquo;examen d&rsquo;une affaire de vols de yachts dans laquelle sont impliqu\u00e9s deux neveux par alliance du pr\u00e9sident de la Tunisie, Zine El Abidine Ben Ali, a constat\u00e9 un journaliste de l&rsquo;AFP. Le tribunal correctionnel d&rsquo;AJaccio, sur l&rsquo;\u00eele de Corse, a renvoy\u00e9 l&rsquo;affaire \u00e0 la demande d&rsquo;une partie des avocats des huit pr\u00e9venus et des parties civiles. Le seul protagoniste du dossier incarc\u00e9r\u00e9, Omar Khelil, soup\u00e7onn\u00e9 d&rsquo;avoir mis en relation voleurs et commanditaires, a \u00e9t\u00e9 maintenu en d\u00e9tention. Il est incarc\u00e9r\u00e9 depuis 15 mois. Imed et Moaz Trabelsi, deux neveux par alliance du pr\u00e9sident de la Tunisie, ont \u00e9t\u00e9 inculp\u00e9s en mai 2008 par un magistrat tunisien pour \u00ab\u00a0complicit\u00e9 de vol en bande organis\u00e9e\u00a0\u00bb. Ce magistrat agissait dans le cadre d&rsquo;une commission rogatoire internationale d\u00e9livr\u00e9e d\u00e9but 2008 par le juge d&rsquo;instruction du tribunal d&rsquo;Ajaccio, Jean-Bastien Risson, dans l&rsquo;enqu\u00eate sur le vol du yacht du banquier Bruno Roger en Corse-du-Sud en 2006. Soup\u00e7onn\u00e9s d&rsquo;\u00eatre les commanditaires du vol en France de trois yachts, ils avaient \u00e9t\u00e9 mis en cause par les convoyeurs du yacht de M. Roger, lors de leur interrogatoire en 2006 \u00e0 Ajaccio. Les deux fr\u00e8res ainsi qu&rsquo;une troisi\u00e8me personne \u00e9tant domicili\u00e9s en Tunisie et les faits qui leurs sont reproch\u00e9s (complicit\u00e9 de vol) ayant \u00e9t\u00e9 commis hors du territoire fran\u00e7ais, une d\u00e9nonciation officielle des faits a \u00e9t\u00e9 transmise \u00e0 la Tunisie par le parquet g\u00e9n\u00e9ral. Ils pourraient \u00eatre jug\u00e9s en Tunisie. \u00ab\u00a0La Tunisie doit indiquer le r\u00e9sultat de cette d\u00e9nonciation. Si aucune suite n&rsquo;\u00e9tait donn\u00e9e dans un d\u00e9lai raisonnable &#8211; quelques mois -, les poursuites seront reprises devant le tribunal d&rsquo;AJaccio\u00a0\u00bb, a indiqu\u00e9 vendredi \u00e0 l&rsquo;AFP le procureur g\u00e9n\u00e9ral de Bastia, Paul Michel. En mai 2008, le procureur d&rsquo;Ajaccio, Jos\u00e9 Thorel, s&rsquo;\u00e9tait rendu en Tunisie en compagnie du juge Risson. Il avait alors d\u00e9menti toute tension diplomatique entre la France et la Tunisie. Deux des trois yachts avaient \u00e9t\u00e9 vol\u00e9s sur la C\u00f4te d&rsquo;Azur. Le troisi\u00e8me, vol\u00e9 \u00e0 Bonifacio (Corse-du-Sud) et retrouv\u00e9 \u00e0 Sidi Bou Sa\u00efd (Tunisie) a \u00e9t\u00e9 restitu\u00e9 \u00e0 son propri\u00e9taire, le patron de la banque Lazard, Bruno Roger. <\/p>\n<hr\/>\n<\/div>\n<div align=\"justify\">\n<div align=\"center\"><strong><\/p>\n<h2 style=\"color: red;\"><font size=\"3\">Yachts vol\u00e9s et politique \u00e9trang\u00e8re enflamment le tribunal d&rsquo;Ajaccio<\/font><\/h2>\n<p><\/strong><\/div>\n<div align=\"justify\"> Paru aujourd&rsquo;hui, samedi 22 ao\u00fbt 2009 \u00a0Au printemps 2006, le Beru Ma, un yacht appartenant \u00e0 Bruno Roger, dirigeant de la banque d&rsquo;affaires Lazard est vol\u00e9 dans le port de Bonifacio. Ce n&rsquo;est pas la premi\u00e8re fois que des grosses unit\u00e9s sont d\u00e9rob\u00e9es dans des ports de plaisance du pourtour m\u00e9diterran\u00e9en. Quelques mois plus t\u00f4t, \u00e0 la fin de l&rsquo;ann\u00e9e 2005, deux autres bateaux avaient \u00ab disparu \u00bb : l&rsquo;un \u00e0 Cannes, le Blue Dolphin IV, l&rsquo;autre au Lavandou, le Sando. Mais tandis que les deux premi\u00e8res affaires de vols avaient surtout interpell\u00e9 l&rsquo;assurance de leurs propri\u00e9taires, la troisi\u00e8me devient politique. Bruno Roger est en effet un proche de Jacques Chirac et de Nicolas Sarkozy (respectivement pr\u00e9sident de la R\u00e9publique et ministre de l&rsquo;Int\u00e9rieur de l&rsquo;\u00e9poque). D\u00e8s lors on va enqu\u00eater. Tr\u00e8s s\u00e9rieusement. Une information est ouverte et le juge Jean-Bastien Risson du tribunal de grande instance d&rsquo;Ajaccio est charg\u00e9 de l&rsquo;instruction. Le p\u00e9riple des yachts vol\u00e9s est retrac\u00e9 avec pr\u00e9cision. Avec une escale en Sardaigne et le \u00ab maquillage \u00bb des navires. Qui repartiront ensuite en direction de la Tunisie. Les enqu\u00eateurs ont m\u00eame l&rsquo;assurance que les trois bateaux sont ancr\u00e9s au port de Sidi Bou Sa\u00efd. C&rsquo;est \u00e0 ce moment-l\u00e0 que l&rsquo;affaire se complique. Lors des gardes \u00e0 vue, deux personnalit\u00e9s tunisiennes sont mises en cause comme \u00e9tant les \u00ab commanditaires \u00bb des vols. Il s&rsquo;agit des fr\u00e8res Trabelsi, Moez et Imed. Deux hommes qui sont &#8211; accessoirement &#8211; les neveux par alliance du pr\u00e9sident Zine El Abidine Ben Ali. Entre d\u00e9linquance et relations internationales Un imbroglio va s&rsquo;ensuivre alors que le Beru Ma est rendu \u00e0 son propri\u00e9taire gr\u00e2ce \u00e0 des tractations diplomatiques. Apparemment sur instruction de la Chancellerie, le parquet n&rsquo;est pas chaud pour poursuivre les neveux du pr\u00e9sident tunisien. Mais le juge Risson s&rsquo;obstine, il se rend en Tunisie pour les mettre en examen et d\u00e9cide de les renvoyer devant le tribunal correctionnel d&rsquo;Ajaccio. L&rsquo;audience aurait d\u00fb se tenir hier matin. Proc\u00e8s renvoy\u00e9 au 30 septembre Devant la position du parquet qui avait d\u00e9j\u00e0 envisag\u00e9 de requ\u00e9rir une disjonction pour Moez et Imed Trabelsi ainsi que pour un troisi\u00e8me homme au motif que \u00ab la Tunisie n&rsquo;extrade pas ses ressortissants&#8230; \u00bb la r\u00e9volte a commenc\u00e9 de gronder parmi les d\u00e9fenseurs des autres pr\u00e9venus, indign\u00e9s que l&rsquo;on ne juge que les \u00ab lampistes \u00bb. Hier l&rsquo;audience a \u00e9t\u00e9 renvoy\u00e9e au 30 septembre ce qui ne r\u00e9glera pas le probl\u00e8me de fond et a inspir\u00e9 \u00e0 Me Antoine Sollacaro le commentaire suivant : \u00ab C&rsquo;est un grand Barnum ! \u00bb Me Jean-Michel Mariaggi dont le client est le seul d\u00e9tenu (depuis 15 mois) dans cette affaire \u00e9tait encore plus amer : \u00ab Le seul pr\u00e9sent c&rsquo;est M. Omar Khelil mon client. \u00bb L&rsquo;avocat avait demand\u00e9 qu&rsquo;au moins le pr\u00e9venu (qui est soup\u00e7onn\u00e9 d&rsquo;avoir servi d&rsquo;interm\u00e9diaire) b\u00e9n\u00e9ficie d&rsquo;une mesure de contr\u00f4le judiciaire. Ce qui ne lui a pas \u00e9t\u00e9 accord\u00e9. \u00ab Les principales absentes aujourd&rsquo;hui ce sont la justice et l&rsquo;\u00e9quit\u00e9. Cette affaire est un monument d&rsquo;hypocrisie judiciaire&#8230; \u00bb A quelques semaines des \u00e9lections pr\u00e9sidentielles en Tunisie et alors que le pr\u00e9sident Ben Ali est r\u00e9put\u00e9 \u00ab ami de la France \u00bb, il est certain que cette histoire de yachts vol\u00e9s embarrasse sur les deux rives de la M\u00e9diterran\u00e9e. Reste \u00e0 savoir ce qu&rsquo;il en adviendra \u00e0 la fin du mois de septembre&#8230; \u00a0 <strong><font>Isabelle Luccioni  (Source: \u00ab\u00a0Corsematin.com\u00a0\u00bb le 22 ao\u00fbt 2009) Lien: http:\/\/www.corsematin.com\/ra\/justice\/207245\/ajaccio-yachts-voles-et-politique-etrangere-enflamment-le-tribunal-d-ajaccio<\/font><\/strong><\/div>\n<\/div>\n<\/div>\n<div align=\"justify\">\n<hr\/>\n<\/div>\n<div align=\"justify\">\n<div align=\"center\"> <strong><\/p>\n<h2 style=\"color: red;\"><font size=\"3\">Tunisie : \u00ab L\u2019homme d\u2019affaires \u00bb Imed Trabelsi, ou \u201cla v\u00e9rit\u00e9 si je mens\u201d\u2026 )2\u00e8me partie(<\/font><\/h2>\n<p><\/strong> \u00a0<\/div>\n<div align=\"justify\">Comment en effet, expliquer que ce que j\u2019 avais fait rebaptiser Med Business Holding, n\u2019 \u00e9tait plus qu\u2019une coquille encore plus vide o\u00f9 il n\u2019 y avait plus personne depuis que Imed Trabelsi avait s\u00e8chement annonc\u00e9 \u00e0 tous les journalistes qu\u2019il avait d\u00e9bauch\u00e9 pour les besoins de son \u00e9ph\u00e9m\u00e8re journal Univers Sports, sa d\u00e9cision de les licencier sans pr\u00e9avis ?  Ce ne fut pas facile d\u2019obtenir qu\u2019il consente \u00e0 maintenir une dizaine de salari\u00e9s, car l\u2019 argument selon lequel jeter \u00e0 la rue tous ces salari\u00e9s ne manquerait pas d\u2019 alt\u00e9rer sa r\u00e9putation qui n\u2019 en avait pas besoin se r\u00e9v\u00e9la totalement inop\u00e9rant avec lui, et ce n\u2019 est qu\u2019 en invoquant la n\u00e9cessit\u00e9 de disposer d\u2019une \u00e9quipe pour construire les sites internet de la holding et de Bricorama Tunisie que j\u2019 eus droit \u00e0 ce sursis inesp\u00e9r\u00e9 en leur faveur.  Malgr\u00e9 mes efforts pour circonscrire les effets de ce licenciement massif, le torchon ne manqua pas de bruler entre Imed TRABELSI et le pseudo journaliste Senda BACCAR, qui s\u2019\u00e9tait auparavant empress\u00e9e de claquer la porte de R\u00e9alit\u00e9s Femmes, et de d\u00e9molir son ancien patron Taieb ZAHAR et voulait en refaire autant, apr\u00e8s son humiliant renvoi.  Il faut dire qu\u2019elle avait pass\u00e9 son temps a martyriser le personnel et a livrer une pitoyable guerre d\u2019influence au journaliste sportif Sami .Akermi, alors qu\u2019elle ignorait tout de ce domaine ; et donc son d\u00e9part nous d\u00e9barrassa de ses gueulantes fr\u00e9quentes qui remontaient du sous-sol o\u00f9 elle \u00e9tait heureusement confin\u00e9e.  J\u2019avais donc r\u00e9ussi a garder les infographistes, les informaticiens et quelques journalistes mais on \u00e9tait loin de pouvoir montrer une structure capable de g\u00e9n\u00e9rer les 70 millions (toujours ce satan\u00e9 7) que Imed Trabelsi m\u2019avait annonc\u00e9 avec d\u00e9sinvolture lors de ma demande d\u2019\u00e9l\u00e9ments de pr\u00e9sentation du \u00ab groupe \u00bb  Or au rythme de ses soir\u00e9es arros\u00e9es au Plazza, Imed m\u2019avait all\u00e8grement charg\u00e9 d\u2019autres dossiers o\u00f9 j\u2019avais r\u00e9agi plus rapidement qu\u2019il n\u2019avait l\u2019habitude.  Par exemple un soir alors que j\u2019\u00e9tais comme \u00e0 l\u2019accoutum\u00e9e encore au bureau vers 22 h00, il me t\u00e9l\u00e9phona un soir avec sa voix guillerette lorsqu\u2019 il prend du bon temps \u00ab Ahla Bel Tahfoun ! \u00bb (une appellation inadapt\u00e9e \u00e0 mon gabarit\u2026mais bon c\u2019\u00e9tait sa marque de sympathie, quand il \u00e9tait fortement impr\u00e9gn\u00e9\u2026chaque soir !)  &#8211; Tu connais la bi\u00e8re Corona ?  &#8211; Oui bien s\u00fbr la bi\u00e8re mexicaine, la pr\u00e9f\u00e9r\u00e9e de Chirac  &#8211; Bravo\u2026c\u2019est celle l\u00e0, \u00e9coute le pr\u00e9sident m\u2019a offert la licence de production de bi\u00e8re, je veux la faire fabriquer en Tunisie\u2026Tu les contactes ?  &#8211; Euh vous \u00eates s\u00fbr ? Vous savez ce n\u2019est pas une bi\u00e8re tr\u00e8s connue par les tunisiens, et son gout est un peu sp\u00e9cial, pourquoi ne pas voir une autre marque.  &#8211; Non, non\u2026 Heineken c\u2019est notre parent par alliance Boujbel qu\u2019il l\u2019a eue, je veux les baiser lui et Hamadi Bousbii\u2026..vas y je sais que tu peux le faire \u2026..et arr\u00eate de bosser viens boire un verre au Plazza. !  Je n\u2019 avais jamais rien entendu d\u2019aussi absurde, mais comme j\u2019 avais mesur\u00e9 sa capacit\u00e9 a obtenir ce qu\u2019 il voulait de la pr\u00e9sidence, \u00e0 1 heure du matin, j\u2019 avais boucl\u00e9 une note de synth\u00e8se sur les leaders mondiaux de la bi\u00e8re et b\u00e2ti un plan d\u00e9taill\u00e9 sur le march\u00e9 de la bi\u00e8re en Tunisie.  D\u00e9s le lendemain, quand il vint me voir \u00e0 son r\u00e9veil ,vers midi, je lui expliquais que la bi\u00e8re Corona n\u2019\u00e9tait fabriqu\u00e9e qu\u2019au Mexique et que m\u00eame les \u00c9tats Unis qui repr\u00e9sentaient la moiti\u00e9 du march\u00e9 \u00e0 l\u2019export ne disposaient d\u2019aucune unit\u00e9\u2026.ce f\u00fbt la aussi tr\u00e8s difficile de le faire renoncer \u00e0 cette id\u00e9e , et l\u00e0 aussi je dus lui avancer ma capacit\u00e9 de nouer un partenariat avec Scottish &amp; Newcastle , un des leaders mondiaux de la bi\u00e8re, pour y parvenir.  A vrai dire, je sentis sa volont\u00e9 de tester mes capacit\u00e9s \u00e0 travers son accord de me mettre en relation avec ce mastodonte pour qui la Tunisie appartenait \u00e0 un march\u00e9 \u00ab reste du monde \u00bb, et encore nous \u00e9tions peu de chose sur ce segment.  N\u00e9anmoins gr\u00e2ce \u00e0 un cordial contact, la rencontre fut anticip\u00e9e de quelques mois et nous fumes donc confront\u00e9s \u00e0 l\u2019arriv\u00e9e prochaine du directeur des march\u00e9s RW et du Directeur R\u00e9gional la m\u00eame semaine que Le directeur de Bricorama.  Comment faire ?  J\u2019avais d\u00e9j\u00e0 op\u00e9r\u00e9 le n\u00e9cessaire passage d\u2019 Univers Group \u00e0 Med Business Holding (j\u2019 avais choisi Med Alliance Holding) pr\u00e9f\u00e9rant \u00e9viter la connotation p\u00e9jorative de \u00ab bezness \u00bb mais Imed Trabelsi avait tenu bon\u2026.le mot lui plaisait !  Alors premi\u00e8re chose, d\u00e9crocher du toit l\u2019horrible enseigne rouge et noire qui repr\u00e9sentait un planisph\u00e8re surmont\u00e9 du m\u00e9galomane \u00ab Univers Group \u00bb.  Maintenant la plaquette, elle m\u2019\u00e9tait r\u00e9clam\u00e9e par SCOTTISH &amp; NEWCASTLE., BRICORAMA\u2026et les autres soci\u00e9t\u00e9s que j\u2019avais d\u00e9march\u00e9es et dont je parlerai plus loin.  Deuxi\u00e8me \u00e9tape, faire photographier tout ceux qui \u00e9taient pr\u00e9sents dans l\u2019administration, on arrivait p\u00e9niblement \u00e0 12 personnes en incluant tous les rescap\u00e9s d\u2019 Univers Sport que j\u2019 avais fait maintenir en poste\u2026.un peu l\u00e9ger pour un groupe cens\u00e9 g\u00e9n\u00e9rer plus de 70 millions d\u2019 Euros.  Le comptable d\u00e9goulinant de sueur fut charg\u00e9 de me fournir toutes les bo\u00eetes archives des soci\u00e9t\u00e9s du groupe, \u00e0 l\u2019int\u00e9rieur ?  -Des statuts et une patente au meilleur des cas , pour certaines soci\u00e9t\u00e9s \u00ab c\u2019 \u00e9tait plus compliqu\u00e9\u2026 \u00bb les papiers \u00e9tait encore chez Chafik Jarraya, son ancien associ\u00e9 avec lequel la rupture \u00e9tait consomm\u00e9e \u00e0 l\u2019\u00e9poque de mon arriv\u00e9e.  Bref, il fallait tout inventer, et les infographistes Majdi, Le\u00eela, et m\u00eame ma future \u00e9pouse Ana furent lourdement mis \u00e0 contribution pour inventer tous les logos et mettre en page les faux bilans que Majdi le comptable d\u00e9goulinant fut charg\u00e9 d\u2019 inventer lui aussi.  Mais nous manquions cruellement de t\u00eates a faire figurer dans l\u2019organigramme de ce groupe, ne serait ce que pour afficher un responsable par soci\u00e9t\u00e9.  Solution ? Le chantier !  Oui avec l\u2019entrep\u00f4t de vente de bi\u00e8re, le chantier \u00e9tait la seule activit\u00e9 concr\u00e8te du groupe, c\u2019\u00e9tait le premier projet d\u2019envergure pour lui, et il me confia qu\u2019il avait bataill\u00e9 des ann\u00e9es aupr\u00e8s de sa tante ( ?) Pour r\u00e9ussir a obtenir de r\u00e9aliser ce building qui dominerait tout le Kram o\u00f9 il avait v\u00e9cu modestement \u00e9lev\u00e9 par sa grand-m\u00e8re et voulait prendre sa revanche sur les bourgeois(es) de la banlieue envers lesquels(les) il nourrissait une certaine rancune.  Donc disais je, le chantier lui grouillait d\u2019ouvriers, c\u2019\u00e9tait le vivier qu\u2019il fallait pour trouver quelques t\u00eates potables a faire figurer sur l\u2019ambitieuse (et fantaisiste) plaquette du groupe que j\u2019\u00e9tais d\u00e9sormais contraint de boucler dans les plus brefs d\u00e9lais.  Ce fut l\u2019occasion de franches rigolades avec les infographistes quand il fallut faire d\u00e9filer tout ce monde pour leur mettre une chemise, une cravate et une veste et les photographier, la majorit\u00e9 n\u2019avaient jamais rev\u00eatu un tel accoutrement, et le supportaient mal m\u00eame pour le bref temps de la pose; Majdi fut somm\u00e9 de cesser de se marrer et de laisser ces braves ouvriers regagner le chantier o\u00f9 la tension \u00e9tait tous les jours \u00e0 son comble !  C\u2019est dans ces conditions \u00e9piques que des ma\u00e7ons eurent le privil\u00e8ge d\u2019 \u00eatre propuls\u00e9s Directeurs G\u00e9n\u00e9raux de filiale pour les besoins de la plaquette, qui ne leur fut jamais montr\u00e9e.  Mais ce n\u2019\u00e9tait pas tout, comme dans le film la v\u00e9rit\u00e9 si je mens, nous allions devoir faire visiter notre si\u00e8ge social \u00e0 nos visiteurs, et il nous fallait pour cela une dizaine de figurant(e)s pour ce faire.  Suite\u2026.  <strong><font>(Source: nawaat.org, le 21 ao\u00fbt 2009)<\/font><\/strong> Lien : <\/div>\n<\/div>\n<div align=\"justify\">\n<hr\/>\n<\/div>\n<div align=\"justify\">\n<div align=\"center\">\u00a0<\/div>\n<div align=\"center\"><strong><\/p>\n<p><font size=\"3\">(Alors qu\u2019il rentrait de Tunis !!), le voleur pr\u00e9sum\u00e9 de la Ferrari d&rsquo;un champion de moto mis en examen et \u00e9crou\u00e9<\/font><\/p>\n<p><\/strong><\/div>\n<div align=\"justify\">\u00a0<\/div>\n<div align=\"justify\">Associated Press, le 22 ao\u00fbt 2009 \u00e0 08h55 \u00a0MARSEILLE (AP) &#8212;  Un homme de 25 ans a \u00e9t\u00e9 mis en examen et \u00e9crou\u00e9 cette semaine pour le vol de la Ferrari F430 du champion de moto Grand Prix Randy de Puniet, quinzi\u00e8me du championnat du monde de vitesse en 2008, a-t-on appris samedi de source judiciaire. Lire la suite l&rsquo;article La juge d&rsquo;instruction marseillaise charg\u00e9e de l&rsquo;enqu\u00eate lui a notifi\u00e9 sa mise en examen pour des faits de \u00ab\u00a0vols aggrav\u00e9s, d\u00e9gradations de biens priv\u00e9s et tentative d&rsquo;homicide sur personne d\u00e9positaire de l&rsquo;autorit\u00e9 publique\u00a0\u00bb apr\u00e8s une course poursuite avec la police. L&rsquo;homme a \u00e9t\u00e9 interpell\u00e9 il y a quelques jours sur le port autonome de Marseille, alors qu&rsquo;il rentrait de Tunisie au volant d&rsquo;une Mercedes. Il a \u00e9t\u00e9 identifi\u00e9 comme l&rsquo;un des membres du commando qui avait attaqu\u00e9 dans la nuit du 19 au 20 mai la concession automobile Bernabeu, situ\u00e9e dans la zone industrielle des Paluds, \u00e0 Aubagne (Bouches-du-Rh\u00f4ne). Le champion de moto Randy de Puniet avait confi\u00e9 quelques jours plus t\u00f4t sa voiture \u00e0 la concession. Huit v\u00e9hicules de luxe, des Audi, Mercedes, ainsi que la Ferrari F430 de Randy de Puniet, ont \u00e9t\u00e9 d\u00e9rob\u00e9s \u00e0 cette occasion. Cinq des v\u00e9hicules ont \u00e9t\u00e9 retrouv\u00e9s peu apr\u00e8s gr\u00e2ce au syst\u00e8me de d\u00e9tection Tracker. Ils devaient \u00eatre revendus avec la complicit\u00e9 de plusieurs interm\u00e9diaires. Dans la Mercedes o\u00f9 le suspect a \u00e9t\u00e9 interpell\u00e9, les policiers ont d\u00e9couvert un fennec et trois tortues d&rsquo;Hermann, des esp\u00e8ces interdites d&rsquo;importation. Les animaux ont \u00e9t\u00e9 remis aux douanes. Un complice, d\u00e9tenu pour d&rsquo;autres faits, a \u00e9t\u00e9 confondu. Les six autres membres suppos\u00e9s du commando sont activement recherch\u00e9s. AP \u00a0Associated Press \u00a0<\/div>\n<div align=\"justify\">\n<hr\/>\n<\/div>\n<div align=\"center\">\n<h2 style=\"color: red;\"><font size=\"3\"><strong>Emoi en Italie apr\u00e8s un nouveau drame au large de Lampedusa<\/strong><\/font><\/h2>\n<\/div>\n<div align=\"justify\">\u00a0<\/div>\n<div align=\"justify\">Reuters, le 22 ao\u00fbt 2009 \u00e0 16h13  \u00a0\u00a0\u00a0 ROME\/LA VALETTE, 22 ao\u00fbt (Reuters) &#8211;  La pol\u00e9mique se poursuit apr\u00e8s la d\u00e9couverte jeudi \u00e0 bord d&rsquo;un canot \u00e0 la d\u00e9rive au large de l&rsquo;\u00eele italienne de Lampedusa, au sud de la Sicile, de cinq clandestins \u00e9rythr\u00e9ens qui ont racont\u00e9 avoir assist\u00e9 impuissants \u00e0 la mort de leurs 73 compagnons.Interrog\u00e9 sur l&rsquo;horreur soulev\u00e9e par cette affaire, notamment parmi les \u00e9v\u00eaques italiens qui ont d\u00e9nonc\u00e9 \u00ab\u00a0une grave offense faite \u00e0 l&rsquo;humanit\u00e9 tout enti\u00e8re\u00a0\u00bb, Umberto Bossi, dirigeant de la Ligue du Nord anti-immigration, a conseill\u00e9 au Vatican de \u00ab\u00a0donner le bon exemple en ouvrant ses portes\u00a0\u00bb. Vendredi, le quotidien catholique Avvenire avait d\u00e9nonc\u00e9 \u00ab\u00a0les yeux ferm\u00e9s de l&rsquo;Occident\u00a0\u00bb face aux trag\u00e9dies de l&rsquo;immigration. Samedi, Mgr Antonio Maria Veglio, pr\u00e9sident du Conseil pontifical pour les migrants, a d\u00e9plor\u00e9 dans une interview \u00e0 Radio Vatican que des \u00ab\u00a0soci\u00e9t\u00e9s pr\u00e9tendument civilis\u00e9es aient en r\u00e9alit\u00e9 d\u00e9velopp\u00e9 un sentiment de refus de l&rsquo;\u00e9tranger\u00a0\u00bb. Il a d\u00e9nonc\u00e9 \u00ab\u00a0l&rsquo;\u00e9go\u00efsme qui fait qu&rsquo;on ne veut pas partager avec l&rsquo;autre ce que l&rsquo;on a\u00a0\u00bb. La pol\u00e9mique risque aussi de s&rsquo;\u00e9tendre aux relations entre l&rsquo;Italie et Malte. Le ministre italien des Affaires \u00e9trang\u00e8res, Franco Frattini, a en effet d\u00e9clar\u00e9 au Corriere della Sera de samedi que Malte n&rsquo;avait pas les moyens de surveiller efficacement la zone maritime sous sa comp\u00e9tence et a souhait\u00e9 que La Valette signe en cons\u00e9quence un accord avec l&rsquo;Italie, comme Rome le r\u00e9clame depuis dix ans. \u00ab\u00a0Nous ne signerons pas, malgr\u00e9 toutes les pressions\u00a0\u00bb, a r\u00e9pondu son homologue maltais Tonio Borg, selon l&rsquo;agence de presse italienne Ansa. MALTE MET EN DOUTE LA VERSION DES RESCAP\u00c9S Selon certaines sources, une vedette maltaise aurait approch\u00e9 le canot \u00e0 la d\u00e9rive mais n&rsquo;aurait pas port\u00e9 secours aux naufrag\u00e9s. Une version mise en doute par La Valette. Le chef des forces arm\u00e9es maltaises, le g\u00e9n\u00e9ral Carmel Vassallo, a reconnu dans un communiqu\u00e9 qu&rsquo;une vedette avait effectivement localis\u00e9 le canot mercredi dernier mais que le moteur de l&#8217;embarcation fonctionnait, que les cinq personnes \u00e0 bord \u00ab\u00a0se portaient bien\u00a0\u00bb et qu&rsquo;elles disaient vouloir continuer leur chemin \u00ab\u00a0pour aller en Italie\u00a0\u00bb. La vedette maltaise, a-t-il ajout\u00e9, a donn\u00e9 de l&rsquo;eau, des biscuits et des gilets de sauvetage aux cinq Erythr\u00e9ens, et a suivi le canot jusqu&rsquo;\u00e0 ce qu&rsquo;il atteigne les eaux territoriales italiennes. Les migrants avaient quitt\u00e9 fin juillet Tripoli, en Libye, pour gagner l&rsquo;Italie. Leur canot pneumatique serait alors tomb\u00e9 en panne de moteur et aurait d\u00e9riv\u00e9 pendant trois semaines. R\u00e9cup\u00e9r\u00e9s par une vedette de la garde des finances, les cinq survivants &#8211; une femme, deux hommes et deux mineurs &#8211; ont racont\u00e9 que tous les autres passagers \u00e9taient morts de faim et de soif. Ils ont affirm\u00e9 que plusieurs bateaux s&rsquo;\u00e9taient approch\u00e9s d&rsquo;eux mais ne leur avaient apport\u00e9 aucun secours. Les rescap\u00e9s, tr\u00e8s affaiblis, ont \u00e9t\u00e9 hospitalis\u00e9s \u00e0 Lampedusa et le parquet d&rsquo;Agrigente a ouvert une enqu\u00eate pour tenter d&rsquo;\u00e9tablir avec exactitude les faits. L&rsquo;Italie a enregistr\u00e9 l&rsquo;arriv\u00e9e de quelque 36.900 immigrants clandestins l&rsquo;an pass\u00e9, soit une hausse de 75% par rapport \u00e0 2007, selon les chiffres du minist\u00e8re italien de l&rsquo;Int\u00e9rieur. REUTERS  \u00a0<\/p>\n<hr\/>\n<\/div>\n<div align=\"justify\">\u00a0<\/div>\n<div align=\"center\"><strong><\/p>\n<h2 style=\"color: red;\"><font size=\"3\">Italie\/immigration: le Vatican d\u00e9plore \u00ab\u00a0l&rsquo;\u00e9go\u00efsme\u00a0\u00bb de la soci\u00e9t\u00e9<\/font><\/h2>\n<p><\/strong><\/div>\n<div align=\"justify\">\u00a0<\/div>\n<div align=\"justify\"> \u00a0\u00a0\u00a0AFP, le 22 ao\u00fbt 2009 \u00e0 14h16 Le Vatican a d\u00e9plor\u00e9 samedi l'\u00a0\u00bb\u00e9go\u00efsme\u00a0\u00bb des \u00ab\u00a0soci\u00e9t\u00e9s soit-disant civilis\u00e9es\u00a0\u00bb et \u00ab\u00a0un sentiment de refus de l&rsquo;\u00e9tranger\u00a0\u00bb apr\u00e8s le sauvetage jeudi de cinq Erythr\u00e9ens qui ont affirm\u00e9 que 73 de leurs compagnons de voyage \u00e9taient morts en route. Mgr Antonio Maria Veglio, pr\u00e9sident du Conseil pontifical pour les migrants et les personnes en d\u00e9placement regrette que \u00ab\u00a0nos soci\u00e9t\u00e9s soi-disant civilis\u00e9es aient en r\u00e9alit\u00e9 d\u00e9velopp\u00e9 un sentiment de refus de l&rsquo;\u00e9tranger, n\u00e9 non seulement d&rsquo;une m\u00e9connaissance de l&rsquo;autre mais \u00e9galement de l&rsquo;\u00e9go\u00efsme qui fait qu&rsquo;on ne veut pas partager avec l&rsquo;\u00e9tranger ce que l&rsquo;on a\u00a0\u00bb, dans une interview \u00e0 Radio Vatican. \u00ab\u00a0Notre Conseil pontifical est pein\u00e9 par la r\u00e9p\u00e9tition continuelle de ces trag\u00e9dies\u00a0\u00bb, a affirm\u00e9 Mgr Veglio. \u00ab\u00a0Chaque migrant est une personne humaine qui, en tant que telle, poss\u00e8de des droits fondamentaux inali\u00e9nables qui doivent \u00eatre respect\u00e9s par tous et en toutes circonstances\u00a0\u00bb, a-t-il ajout\u00e9, citant une phrase de la r\u00e9cente encyclique Caritas in veritate de Beno\u00eet XVI. Vendredi, le quotidien de l&rsquo;Eglise catholique italienne Avvenire avait d\u00e9nonc\u00e9 \u00ab\u00a0les yeux ferm\u00e9s\u00a0\u00bb de \u00ab\u00a0l&rsquo;Occident\u00a0\u00bb sur l&rsquo;immigration clandestine, faisant un parall\u00e8le entre l&rsquo;indiff\u00e9rence face aux drames survenant en mer et celle face aux convois de d\u00e9port\u00e9s par les nazis. Cinq immigr\u00e9s clandestins, recueillis jeudi au large de l&rsquo;\u00eele italienne de Lampedusa (sud), ont racont\u00e9 que 73 de leurs compagnons de voyage &#8211; 55 hommes et 17 femmes, tous Erythr\u00e9ens &#8211; avaient p\u00e9ri pendant la travers\u00e9e depuis la Libye. Leurs corps auraient \u00e9t\u00e9 jet\u00e9s \u00e0 la mer et des recherches sont en cours pour tenter de les r\u00e9cup\u00e9rer.<\/div>\n<\/div>\n<div align=\"justify\"> \u00a0<\/div>\n<p><\/font><strong><\/p>\n<div align=\"justify\">\n<hr\/>\n<\/div>\n<p><\/strong><\/p>\n<div><font><\/p>\n<p align=\"center\"><b><span lang=\"FR-CH\">Tunisie : les 12 b\u00e9b\u00e9s esp\u00e9r\u00e9s n\u2019\u00e9taient qu\u2019une grossesse nerveuse<\/span><\/b><\/p>\n<p align=\"justify\"><i><span lang=\"FR-CH\"><font size=\"2\">Une Tunisienne a fait passer sa grossesse nerveuse pour un \u00e9v\u00e8nement insolite. La jeune femme avait confi\u00e9 \u00e0 la presse qu\u2019elle portait 12 embryons. Le minist\u00e8re tunisien de la sant\u00e9 a lev\u00e9 ce jeudi le pot-aux-roses mais la fausse information avait d\u00e9j\u00e0 fait le tour du monde.<\/font><\/span><\/i><\/p>\n<p align=\"justify\"><span lang=\"FR-CH\"><font size=\"2\">par Falila Gbadamassi <\/font><\/span><\/p>\n<p align=\"justify\"><span lang=\"FR-CH\"><font size=\"2\">Une simple grossesse nerveuse. R\u00e9put\u00e9 s\u00e9rieux, le quotidien tunisien arabophone Assabah avait rapport\u00e9 mardi l\u2019information selon laquelle une Tunisienne attendait 12 enfants : 6 filles et 6 gar\u00e7ons. Elle aurait pulv\u00e9ris\u00e9 le record du monde en la mati\u00e8re m\u00eame si, selon les sp\u00e9cialistes, tous les f\u0153tus n\u2019auraient pas pu survivre. Le scoop a ainsi \u00e9t\u00e9 repris par plusieurs journaux nationaux et \u00e9trangers. De m\u00eame, le caract\u00e8re in\u00e9dit de l\u2019information dans un pays, qui pratique la limitation des naissances, a conduit le minist\u00e8re tunisien de la Sant\u00e9 \u00e0 s\u2019int\u00e9resser au cas de la parturiente originaire de Gafsa, ville situ\u00e9e \u00e0 400 km au Sud de la capitale, Tunis. Elle serait \u00e2g\u00e9e de 34 et institutrice. Mais cette derni\u00e8re a refus\u00e9 de se soumettre aux examens m\u00e9dicaux cens\u00e9s se d\u00e9rouler \u00e0 Tunis. Une ambulance avait \u00e9t\u00e9 d\u00e9p\u00each\u00e9e ce jeudi aupr\u00e8s de la jeune femme.<\/font><\/span><\/p>\n<p align=\"justify\"><span lang=\"FR-CH\"><font size=\"2\">Douze b\u00e9b\u00e9s imaginaires<\/font><\/span><\/p>\n<p align=\"justify\"><span lang=\"FR-CH\"><font size=\"2\">Les autorit\u00e9s sanitaires, qui voulaient prendre en charge l\u2019exceptionnelle grossesse, se sont tout de m\u00eame rendu compte qu\u2019il s\u2019agissait d\u2019une supercherie. \u00ab Notre personnel l\u2019a longuement interview\u00e9e et sa grossesse appara\u00eet comme tout droit sortie de son imagination. Elle pr\u00e9tend \u00eatre enceinte de neuf mois de six gar\u00e7ons et six filles mais il n\u2019y a absolument rien physiquement qui indique un tel \u00e9tat \u00bb, a indiqu\u00e9 le porte-parole du minist\u00e8re de la Sant\u00e9. Compte tenu du fait qu\u2019il s\u2019agisse d\u2019une grossesse nerveuse \u2013 la patiente pr\u00e9sente tous les signes d\u2019une grossesse mais celle-ci n\u2019est pas r\u00e9elle-, la complicit\u00e9 de sa famille semble difficile \u00e0 \u00e9tablir. Le mari de l\u2019enseignante avait d\u00e9clar\u00e9 \u00e0 la presse que son \u00e9pouse attendait \u00ab avec impatience de les voir tous les douze (b\u00e9b\u00e9s) gigotant en bonne sant\u00e9 entre ses mains \u00bb. Mais certains accusent la famille d\u2019avoir voulu tirer profit de la situation, par exemple en tentant de monnayer les entretiens de la future fausse maman.<\/font><\/span><\/p>\n<p align=\"justify\"><b><span lang=\"FR-CH\"><font size=\"2\">(Source\u00a0: \u00ab\u00a0Afrik.com\u00a0\u00bb, le 20 ao\u00fbt 2009)<\/font><\/span><\/b><\/p>\n<p align=\"justify\"><font size=\"2\"><b><span lang=\"FR-CH\">Lien\u00a0:<\/span><span lang=\"FR-CH\"><a target=\"_blank\" rel=\"noopener\"><font>http:\/\/www.afrik.com\/article17373.html<\/font><\/a><\/span><\/b><\/font><\/p>\n<p><span dir=\"rtl\" lang=\"AR-SA\"><font size=\"2\"><\/p>\n<p align=\"justify\">\u00a0<\/p>\n<p><font><\/p>\n<hr\/>\n<p><\/font><\/font><\/span><\/font><\/div>\n<\/div>\n<div><font><\/p>\n<hr\/>\n<p><\/font><\/div>\n<div><font face=\"Arial\" size=\"2\"><\/p>\n<p align=\"center\"><span lang=\"FR\"><strong>R\u00e9ponse \u00e0 Rached El Ghannouchi<\/strong><\/span><\/p>\n<p><span lang=\"FR\"><\/p>\n<p> <strong><font>Hatem Krichen<\/font><\/strong><\/p>\n<p><font>J\u2019ai lu sur la toile une interview de Rached El Ghannouchi le 5 ao\u00fbt 2009 sur le site de \u00ab\u00a0Al Moltaqua\u00a0\u00bb (consultable sur la page <\/font><a target=\"_blank\" rel=\"noopener\"><font>http:\/\/www.ikhwan.net\/vb\/showthread.php?t=94939<\/font><\/a><font>), en compl\u00e9ment, Rached El Ghannouchi a publi\u00e9 le 10 ao\u00fbt un communiqu\u00e9 et je voudrai r\u00e9agir \u00e0 ces deux publications.<\/font><\/p>\n<p><\/span><\/p>\n<p><span lang=\"FR\"><font>Avant tout, je trouve le journaliste d\u2019Al Moltaqua assez pertinent dans ses questions et ses transitions, il n\u2019a pas perdu le fil conducteur et r\u00e9ussi \u00e0 mettre le doigt sur des points sensibles, mais certains sujets auraient pu \u00eatre davantage d\u00e9velopp\u00e9s et ainsi \u00e9clair\u00e9 le lecteur.<\/font><\/span><\/p>\n<p><span lang=\"FR\"><font>Ce qui frappe apr\u00e8s la premi\u00e8re lecture de ces publications, c\u2019est que Mr El Ghannouchi a omis de parler de points importants qui sont, \u00e0 mon sens, incontournables et n\u00e9cessaires \u00e0 la bonne compr\u00e9hension de la situation actuelle ;<\/font><\/span><\/p>\n<p><font><span lang=\"FR\">\u00fc<span>\u00a0\u00a0\u00a0\u00a0\u00a0\u00a0<\/span><\/span><span dir=\"ltr\" lang=\"FR\">Mr El Ghannouchi a parl\u00e9 d\u2019Ennahdhah en pr\u00e9cisant qu\u2019elle a particip\u00e9 au mouvement syndical de 1979, qu\u2019elle a \u00e9t\u00e9 impliqu\u00e9e dans le projet de la lib\u00e9ration de la femme en 1981, et en consid\u00e9rant qu\u2019elle a gagn\u00e9 les \u00e9lections de 1989, mais que s\u2019est-il pass\u00e9 entre 1981 et 1989\u00a0?\u00a0 Il semble avoir oubli\u00e9 de parler de ce qui a \u00e9t\u00e9 envisag\u00e9 entre 1986 et 1987\u00a0: n\u2019a-t-on pas essay\u00e9 d\u2019organiser un coup d\u2019\u00e9tat? N\u2019y-a-t-il pas eu saisie d\u2019armes, preuve de la violence associ\u00e9e? Tous ceux qui suivent l\u2019actualit\u00e9 tunisienne \u00e0 l\u2019\u00e9poque le savent. Et malgr\u00e9 l\u2019amnistie pr\u00e9sidentielle en 1988 qui a permit \u00e0 Ennahdhah de se pr\u00e9senter aux \u00e9lections de 1989, Ennahdhah semble n\u2019avoir pas tir\u00e9 les le\u00e7ons de ses premi\u00e8res erreurs. M\u00eame si Mr El Ghannouchi pr\u00e9tend avoir gagn\u00e9 ces \u00e9lections, il avoue dans son interview qu\u2019il a claqu\u00e9 la porte \u00e0 la discussion avec le pr\u00e9sident Ben Ali refusant ainsi le projet de r\u00e9conciliation lanc\u00e9 le chef de l\u2019\u00e9tat (r\u00e9f 1:00:51 de l\u2019interview). La raison \u00e9voqu\u00e9e par Mr El Ghannouchi,est le d\u00e9saccord avec les m\u00e9thodes du conseiller du Pr\u00e9sident de la r\u00e9publique\u00a0; qui au passage lui l\u2019incitait d\u2019\u00e9viter le chantage dans ses positions. En refusant ce travail d\u2019engagement dans la vie politique d\u00e9mocratiquement, le mouvement d\u2019Ennahdhah est repass\u00e9 dans la clandestinit\u00e9.<\/span><\/font><\/p>\n<p><font><span lang=\"FR\">\u00fc<span>\u00a0\u00a0\u00a0\u00a0\u00a0\u00a0<\/span><\/span><span dir=\"ltr\" lang=\"FR\">En parlant d\u2019Ennahdhah, Rached El Ghannouchi fait croire que c\u2019est le mouvement de l\u2019islam, qu\u2019il d\u00e9tient la v\u00e9rit\u00e9 absolue et qu\u2019il repr\u00e9sente le droit chemin, mais n\u2019est-il pas vrai que la Tunisie est un pays\u00a0 constitutionnellement musulman\u00a0? Que les lieux de culte ne sont pas envahis de fid\u00e8les dans tout le pays\u00a0? Les radios islamiques n\u2019existent-elles pas\u00a0? Et les \u00e9tudes islamiques ne sont-elles pas d\u00e9velopp\u00e9es\u00a0jusqu\u2019au plus haut niveau ? Je crois qu\u2019en limitant le projet d\u2019Ennahdhah aux fausses critiques, Rached El Ghannouchi ne fait que montrer sa m\u00e9connaissance des \u00e9volutions qu\u2019a v\u00e9cu notre pays durant ces deux d\u00e9cennies. Mr El Ghannouchi d\u00e9trompez-vous, notre pays est musulman et nous avons des imams de tr\u00e8s haut niveau qui expliquent aux gens leur quotidien et les oriente vers les bonnes pratiques de l\u2019islam dans un cadre de paix et de s\u00e9r\u00e9nit\u00e9. En effet, les tunisiens vivent leur Islam de fa\u00e7on mod\u00e9r\u00e9e et ne veulent pas de radicalisation. Un autre point important sur lequel j\u2019invite Mr El Ghannouchi \u00e0 revoir ses positions, est le lien direct qu\u2019il \u00e9tabli entre l\u2019islam et l\u2019arabe. A titre de rappel, l\u2019Indon\u00e9sie, le plus grand pays musulman au monde, n\u2019est pas arabe.<\/span><\/font><\/p>\n<p><font><span lang=\"FR\">\u00fc<span>\u00a0\u00a0\u00a0\u00a0\u00a0\u00a0<\/span><\/span><span dir=\"ltr\" lang=\"FR\">Lorsque Mr El Ghannouchi parle du pouvoir en Tunisie, il \u00e9voque un unique symbole de l\u2019\u00e9tat qui est le Pr\u00e9sident Ben Ali. Ce point de vue est vraiment simpliste, c\u2019est comme si notre pr\u00e9sident passait son temps sur une \u00eele d\u00e9serte tout l\u2019ann\u00e9e, et qu\u2019il communique des directives \u00e0 tout le pays. La Tunisie est une r\u00e9publique\u00a0! Elle ob\u00e9it aux r\u00e8gles d\u00e9mocratiques comme toute autre r\u00e9publique\u00a0! N\u2019existe-t-il pas de Chambre de Conseillers et de Chambre de D\u00e9put\u00e9s (ancienne assembl\u00e9e nationale)\u00a0? Le travail politique en Tunisie est beaucoup plus complexe que ce qui est dit, il n\u2019est pas limit\u00e9 \u00e0 ce que fait le chef de l\u2019\u00e9tat. Son r\u00f4le de Pr\u00e9sident lui impose de trancher sur des sujets et de prendre les d\u00e9cisions apr\u00e8s concertation avec toutes les composantes actives de la vie politique (opposition comprise)\u00a0; Toutes ces repr\u00e9sentations sont acteurs de la vie politique, sociale et \u00e9conomique, mais aussi des \u00e9volutions qu\u2019a suivi notre pays ces derni\u00e8res ann\u00e9es (inutile de citer toutes ces r\u00e9alisations\u00a0le liste sera beaucoup trop longue\u00a0; ceux qui connaissent la Tunisie connaissent toutes ces avanc\u00e9es)<\/span><\/font><\/p>\n<p><font><span lang=\"FR\">\u00fc<span>\u00a0\u00a0\u00a0\u00a0\u00a0\u00a0<\/span><\/span><span dir=\"ltr\" lang=\"FR\">En parlant d\u2019Ennadhah, Mr El Ghannouchi a \u00e9voqu\u00e9 son souhait de se r\u00e9concilier avec l\u2019\u00e9tat, mais son discours montre tout le contraire, d\u2019ailleurs, rien ne semble satisfaire Ennahdhah\u00a0: c\u2019est un mouvement qui ne supporte aucune cohabitation. Il a bien parl\u00e9 d\u2019alliances avec des partis de gauche tunisienne, on verra bien ce qu\u2019il en sera dans quelques ann\u00e9es, je reste persuad\u00e9 que cette alliance ne peut \u00eatre durable et qu\u2019Ennahdhah ne peut pas faire partie de la vie politique tunisienne car elle fonctionne avec le chantage et la d\u00e9magogie, cette opinion est partag\u00e9e avec un grand nombre de Tunisiens.<\/span><\/font><\/p>\n<p><font><span lang=\"FR\">\u00fc<span>\u00a0\u00a0\u00a0\u00a0\u00a0\u00a0<\/span><\/span><span dir=\"ltr\" lang=\"FR\">Durant plus d\u2019une heure et demie d\u2019interview, Mr El Ghannouchi essaie de conforter sa place de leader du mouvement, de montrer qu\u2019il en est la t\u00eate pensante et qu\u2019il ne souhaite en aucun cas renoncer \u00e0 \u00e7a. Mais il n\u2019a pas estim\u00e9 n\u00e9cessaire de traiter le sujet du retour des Tunisiens dans leur pays. Est-ce qu\u2019il se soucie aussi peu du sujet ? La question m\u00e9rite d\u2019\u00eatre pos\u00e9e.<\/span><\/font><\/p>\n<p><font><span lang=\"FR\">\u00fc<span>\u00a0\u00a0\u00a0\u00a0\u00a0\u00a0<\/span><\/span><span dir=\"ltr\" lang=\"FR\">Le peuple tunisien n\u2019a pas \u00e9t\u00e9 cit\u00e9 \u00e0 son juste titre, un peuple attach\u00e9 \u00e0 ses racines arabo musulmanes, group\u00e9 autour de son pr\u00e9sident et montrant un mod\u00e8le de solidarit\u00e9 unitaire et collective. Il a \u00e9t\u00e9 pr\u00e9sent\u00e9 comme un peuple pauvre, ignorant ses droits et ses devoirs et qui doit \u00eatre guid\u00e9 car il est peu pr\u00e9occup\u00e9s de ce qui se passe ailleurs, ce qui est tout le contraire des Tunisiens.<\/span><\/font><\/p>\n<p><font><span lang=\"FR\">\u00fc<span>\u00a0\u00a0\u00a0\u00a0\u00a0\u00a0<\/span><\/span><span dir=\"ltr\" lang=\"FR\">Dans son communiqu\u00e9, il parle des probl\u00e8mes de d\u00e9mocratie dans les pays arabes. Il pr\u00e9tend qu\u2019aucun de ces pays ne pratique la d\u00e9mocratie. Connait-il vraiment ce qui se passe dans son pays\u00a0? Il n\u2019a pas remarqu\u00e9 que l\u2019opposition est pr\u00e9sente et que plusieurs partis sont n\u00e9s\u00a0? N\u2019a-t-il pas vu la situation de paix et de stabilit\u00e9 dont b\u00e9n\u00e9ficie la Tunisie\u00a0? N\u2019a-t-il pas compris que tout \u00e7a est li\u00e9\u00a0?<\/span><\/font><\/p>\n<p><span lang=\"FR\"><font>En conclusion, je crois que Mr El Ghannouchi ne fait que d\u00e9fendre ses propres int\u00e9r\u00eats en essayant de semer de fausses id\u00e9es et de masquer certaines v\u00e9rit\u00e9s qui lui d\u00e9plaisent. Il cherche \u00e0 rester en exil tout en profitant de moult avantages que lui offre son statut. Il n\u2019est pas non plus pr\u00eat \u00e0 voir l\u2019\u00e9tat de la Tunisie aujourd\u2019hui et d\u2019avouer tous les progr\u00e8s r\u00e9alis\u00e9s durant ces deux derni\u00e8res d\u00e9cennies. <\/font><\/span><\/p>\n<p><span lang=\"FR\"><font><\/font><\/span><\/p>\n<hr\/>\n<p><\/font> \u00a0<\/div>\n<div align=\"center\"><font face=\"Arial\" size=\"2\"><\/p>\n<h3 style=\"color: blue;\"><font size=\"3\"><strong>Alg\u00e9rie: la hausse des prix, principal souci avant la s\u00e9curit\u00e9<\/strong><\/font><\/h3>\n<p><\/font><\/div>\n<div align=\"justify\"> <font>De Pierre-Yves JULIEN (AFP) \u2013 le 22 ao\u00fbt 2009 BOUMERD\u00c8S, Alg\u00e9rie \u2014 La traditionnelle flamb\u00e9e des prix de la viande et des l\u00e9gumes marquant l&rsquo;arriv\u00e9e du ramadan inqui\u00e8te plus les Alg\u00e9riens que la s\u00e9curit\u00e9, malgr\u00e9 la poursuite des attentats commis par groupes islamistes. A Boumerd\u00e8s (est), \u00e0 une heure de route d&rsquo;Alger, \u00ab\u00a0la s\u00e9curit\u00e9 est loin d&rsquo;\u00eatre notre souci principal\u00a0\u00bb, dit un couple attabl\u00e9 \u00e0 un caf\u00e9 du front de mer, \u00e0 la veille du mois de je\u00fbne qui commence samedi. \u00ab\u00a0Je pense surtout \u00e0 boucler les fins de mois, avec le ramadan qui arrive et les frais de la rentr\u00e9e scolaire\u00a0\u00bb pr\u00e9vue le 13 septembre, souligne Abdelalik, le mari. Les Alg\u00e9riens d\u00e9pensent des fortunes en nourriture pour les repas de rupture du je\u00fbne, le soir venu. Et les prix de chaque l\u00e9gume et fruit, de la viande rouge ou blanche \u00ab\u00a0grimpent chaque ann\u00e9e \u00e0 cette p\u00e9riode de l&rsquo;ann\u00e9e\u00a0\u00bb, dit-il. Ces d\u00e9penses ne sont d&rsquo;ailleurs pas \u00e0 la port\u00e9e de toutes les bourses et 1,2 million de familles particuli\u00e8rement d\u00e9favoris\u00e9es b\u00e9n\u00e9ficieront cette ann\u00e9e d&rsquo;une aide de l&rsquo;Etat. Quatre jeunes gens se rendent \u00e0 l&rsquo;immense plage de la ville, o\u00f9 nombre de parasols sont d\u00e9j\u00e0 pris. \u00ab\u00a0La s\u00e9curit\u00e9 ? Dr\u00f4le de question. On n&rsquo;y pense m\u00eame pas\u00a0\u00bb, dit l&rsquo;un d&rsquo;eux. Les autres abr\u00e8gent l&rsquo;entretien, press\u00e9s de profiter des derniers jours avant ce ramadan durant lequel ils ne pourront plus se baigner pendant la journ\u00e9e. La r\u00e9gion de Boumerd\u00e8s, comme celle plus \u00e0 l&rsquo;est de Tizi Ouzou, est pourtant class\u00e9e \u00ab\u00a0rouge\u00a0\u00bb, dit un habitant, en raison des nombreux attentats visant les forces de s\u00e9curit\u00e9 commis par des groupes arm\u00e9s se r\u00e9clamant d&rsquo;Al-Qa\u00efda au Maghreb islamique (Aqmi). Gendarmerie et police sont d&rsquo;ailleurs omnipr\u00e9sentes sur les grands axes avec des barrages filtrants, tout comme dans les art\u00e8res de Boumerd\u00e8s, ville qui conna\u00eet un extraordinaire boom immobilier. Mais la circulation reste infernale sur les routes et les complexes h\u00f4teliers du littoral ont affich\u00e9 \u00ab\u00a0complet\u00a0\u00bb durant toute la saison estivale. Jusqu&rsquo;au dernier jour, des familles enti\u00e8res se prot\u00e9geaient du soleil sous les parasols d&rsquo;une des plages de Tigzirt, pr\u00e8s de Tizi Ouzou, o\u00f9 un gendarme a \u00e9t\u00e9 tu\u00e9 par l&rsquo;explosion d&rsquo;une bombe quelques jours auparavant. Le plan Delphine de la Gendarmerie, destin\u00e9 chaque ann\u00e9e \u00e0 assurer la protection des lieux estivaux, sera laiss\u00e9 en place, principalement le soir venu et durant tout le mois du je\u00fbne. Mais \u00ab\u00a0il n&rsquo;y aura pas de dispositif sp\u00e9cial\u00a0\u00bb au niveau policier, car les effectifs \u00ab\u00a0sont mobilis\u00e9s toute l&rsquo;ann\u00e9e, que ce soit pendant le ramadan en en dehors de ce mois\u00a0\u00bb particulier, a r\u00e9cemment d\u00e9clar\u00e9 le directeur de la S\u00fbret\u00e9 nationale Ali Tounsi. En fait, note la presse alg\u00e9rienne, les forces de s\u00e9curit\u00e9 sont de fa\u00e7on permanente engag\u00e9es dans une lutte sans merci contre les groupes d&rsquo;Aqmi. Selon ses informations &#8211; jamais confirm\u00e9es de source officielle &#8211; depuis le d\u00e9but du mois d&rsquo;ao\u00fbt une cinquantaine au moins d&rsquo;islamistes ont \u00e9t\u00e9 tu\u00e9s, dont plus de 20 dans la seule r\u00e9gion de Batna dans les Aur\u00e8s, se sont rendus ou ont \u00e9t\u00e9 captur\u00e9s. Chaque attentat contre les forces de s\u00e9curit\u00e9 est imm\u00e9diatement suivi d&rsquo;une op\u00e9ration terrestre, appuy\u00e9e par des h\u00e9licopt\u00e8res de combat qui ciblent les maquis, possibles refuges des islamistes apr\u00e8s leurs attaques. De vastes zones dans les r\u00e9gions notamment de Batna, Tizi Ouzou et Bouira (100 et 120 km \u00e0 l&rsquo;est d&rsquo;Alger), Tipaza et le d\u00e9partement (wilaya) voisin de A\u00efn Defla sont ainsi toujours fouill\u00e9es apr\u00e8s l&rsquo;attaque de convois militaires dont l&rsquo;un a fait au moins onze morts pr\u00e8s de Tipaza, c\u00e9l\u00e8bre ville baln\u00e9aire. 2009 AFP.<\/font> <strong>\u00a0<\/strong><\/div>\n<div>\n<hr\/>\n<\/div>\n<div>\u00a0<\/div>\n<div><font face=\"Arial\" size=\"2\"><\/p>\n<div align=\"center\"><font face=\"Arial\" size=\"2\"><\/p>\n<p><font size=\"3\"><strong>Le pr\u00e9sident Abdelaziz Bouteflika pourrait annoncer la mise en place de l\u2019amnistie g\u00e9n\u00e9rale en Alg\u00e9rie dans les prochains mois<\/strong><\/font><\/p>\n<p><\/font><\/div>\n<div align=\"justify\"> <font>vendredi 21 ao\u00fbt 2009. Si le premier mandat du pr\u00e9sident Abdelaziz Bouteflika a \u00e9t\u00e9 celui de la concorde civile en alg\u00e9rie et le deuxi\u00e8me celui de la moussalaha, tout porte \u00e0 croire que le troisi\u00e8me sera plac\u00e9 sous le signe de l\u2019amnistie g\u00e9n\u00e9rale, un projet qui avait constitu\u00e9, du reste, un de ses th\u00e8mes de campagne, m\u00eame si le pr\u00e9sident-candidat s\u2019\u00e9tait gard\u00e9 de lui faire trop de publicit\u00e9. Dans un long message \u00e0 la Nation dont le pr\u00e9texte \u00e9tait la c\u00e9l\u00e9bration du 53e anniversaire du congr\u00e8s de la Soummam et qui a \u00e9t\u00e9 lu en son nom par Abdelaziz Belkhadem, en qualit\u00e9 de ministre d\u2019Etat et son repr\u00e9sentant personnel, le chef de l\u2019Etat s\u2019est longuement appesanti sur le traitement politique qu\u2019il entend r\u00e9server \u00e0 ce dossier \u00f4 combien pr\u00e9occupant. \u00ab Le terrorisme aveugle qui tue au nom de l\u2019Islam au moyen de pratiques destructrices et de terreur n\u2019a ni foi ni loi \u00bb, d\u00e9nonce-t-il d\u2019embl\u00e9e. Persistant dans sa politique de la carotte et du b\u00e2ton, Bouteflika brandit \u00ab le choix du peuple \u00bb pour lancer un \u00e9ni\u00e8me appel \u00e0 \u00ab la paix des braves \u00bb aux irr\u00e9ductibles de l\u2019ex-GSPC (Al Qa\u00efda au Maghreb islamique) : \u00ab Les choix strat\u00e9giques que le peuple a adopt\u00e9s \u00e0 travers le scrutin universel ou par la repr\u00e9sentation parlementaire en tant que convictions communes traduisent l\u2019unit\u00e9 du peuple \u00bb, souligne-t-il, avant de poursuivre : \u00ab Nous comptons bien concr\u00e9tiser ces choix en maintenant notamment les mesures de r\u00e9conciliation nationale comme une des bases sous-tendant l\u2019\u00e9dification de la paix et de la stabilit\u00e9 en Alg\u00e9rie. \u00bb Et de jouer de nouveau les prolongations avec les terroristes dans l\u2019espoir de les avoir \u00e0 l\u2019usure et d\u2019avoir raison de leur id\u00e9ologie macabre par les sentiments : \u00ab Il s\u2019agit pour nous de r\u00e9unir les conditions propices au d\u00e9veloppement en donnant une chance \u00e0 ceux qui se sont \u00e9gar\u00e9s pour s\u2019\u00eatre tromp\u00e9s de rep\u00e8res religieux ou pour avoir \u00e9t\u00e9 tromp\u00e9s par des mercenaires qui professent le crime organis\u00e9 et la destruction de la soci\u00e9t\u00e9 alg\u00e9rienne pour des raisons aussi abjectes que douteuses. \u00bb La politique de \u00ab la main tendue \u00bb demeure ainsi l\u2019\u00e9l\u00e9ment-cl\u00e9 de la strat\u00e9gie s\u00e9curitaire pr\u00e9sidentielle : \u00ab L\u2019\u00c9tat a tendu la main \u00e0 cette cat\u00e9gorie d\u2019\u00e9gar\u00e9s en leur offrant la chance de revenir au droit chemin et de r\u00e9int\u00e9grer le peuple pour b\u00e9n\u00e9ficier des mesures de la concorde civile et de la r\u00e9conciliation nationale. Cette main est encore tendue compte tenu des convictions religieuses de notre peuple, de ses responsabilit\u00e9s historiques et ses choix strat\u00e9giques. \u00bb Certes, le mot \u00ab amnistie \u00bb n\u2019est \u00e0 aucun moment invoqu\u00e9. Pourtant, cette \u00ab munificence \u00bb pr\u00e9sidentielle, on le voit bien, n\u2019est pas loin de se transformer en amnistie g\u00e9n\u00e9rale en Alg\u00e9rie tant les autres possibilit\u00e9s s\u00e9mantiques d\u2019une telle disponibilit\u00e9 ont toutes \u00e9t\u00e9 \u00e9puis\u00e9es, du wiam \u00e0 la moussalaha en passant par la gr\u00e2ce amnistiante. De l\u2019avis de tous les observateurs, Bouteflika voudrait jouer le tout pour le tout avec les grosses organisations terroristes en cavale, le GSPC en t\u00eate. Le chef de l\u2019Etat revient toutefois accabler les fanatiques djihadistes en rappelant la d\u00e9termination des services de s\u00e9curit\u00e9 \u00e0 mener jusqu\u2019au bout la lutte antiterroriste : \u00ab L\u2019\u00c9tat reste fermement d\u00e9termin\u00e9 \u00e0 faire face, avec toute la rigueur qui s\u2019impose, \u00e0 ceux qui ont d\u00e9vi\u00e9 du chemin trac\u00e9 par la nation, ceux-l\u00e0 m\u00eames qui refusent la main tendue en d\u00e9niant \u00e0 la nation le droit de vivre dans la s\u00e9curit\u00e9 et la qui\u00e9tude et empruntent les voies de la d\u00e9sob\u00e9issance et du crime. \u00bb \u00a0<\/font> <font><strong>Synth\u00e8se de Samir, www.algerie-dz.com   (Source: Algerie-dz.com D\u2019apr\u00e8s El Watan (Quotidien &#8211; Algerie) le 21 aout 2009) Lien:http:\/\/www.algeriedz.com\/article17612.html<\/strong><\/font><\/div>\n<p><\/font><\/div>\n<div>\n<hr\/>\n<\/div>\n<div>\n<div align=\"center\">\u00a0<\/div>\n<div align=\"center\"><strong><\/p>\n<h3 style=\"color: blue;\"><font size=\"3\">Mauritanie\/terrorisme : le pr\u00e9sident appelle \u00e0 l&rsquo;union contre l&rsquo;extr\u00e9misme<\/font><\/h3>\n<p><\/strong><\/div>\n<div align=\"justify\"> (AFP) \u2013 le 22 ao\u00fbt 2009 NOUAKCHOTT \u2014 Le pr\u00e9sident mauritanien Mohamed Ould Abdel Aziz, \u00e9lu en juillet, a appel\u00e9 vendredi soir les Mauritaniens \u00e0 s&rsquo;unir contre l&rsquo;extr\u00e9misme dans un discours prononc\u00e9 \u00e0 l&rsquo;occasion du d\u00e9but du mois du ramadan, quelques semaines apr\u00e8s un attentat suicide revendiqu\u00e9 par Al-Qa\u00efda. M. Ould Abdel Aziz a souhait\u00e9 que chacun contribue \u00e0 \u00ab\u00a0l?\u00e9radication des mauvaises pratiques contraires aux pr\u00e9ceptes de la sainte religion qui bannit la violence, l?extr\u00e9misme et tout ce qui porte atteinte \u00e0 l?homme sans raison\u00a0\u00bb. \u00ab\u00a0La religion musulmane pr\u00eache la tol\u00e9rance, la fraternit\u00e9, la commis\u00e9ration. Seule la faiblesse de la foi induit parfois beaucoup de gens en erreurs fatales\u00a0\u00bb, a ajout\u00e9 le dirigeant de la R\u00e9publique islamique de Mauritanie. Citant le Coran, M. Ould Abdel Aziz a ajout\u00e9: \u00ab\u00a0le sort de celui qui commet un tel crime\u00a0\u00bb (attenter \u00e0 la vie d&rsquo;un homme) n&rsquo;est autre que \u00ab\u00a0l&rsquo;enfer \u00e9ternel, la mal\u00e9diction et la col\u00e8re du seigneur\u00a0\u00bb. Al-Qa\u00efda au Maghreb islamique (Aqmi) avait revendiqu\u00e9 l&rsquo;attentat suicide perp\u00e9tr\u00e9 le 8 ao\u00fbt pr\u00e8s de l&rsquo;ambassade de France \u00e0 Nouakchott. Un jeune Mauritanien s&rsquo;\u00e9tait tu\u00e9 en faisant exploser la charge qu&rsquo;il transportait, blessant l\u00e9g\u00e8rement deux gendarmes fran\u00e7ais et une Mauritanienne. Selon le centre am\u00e9ricain de surveillance de sites islamistes (SITE), l&rsquo;organisation terroriste avait pr\u00e9sent\u00e9 l&rsquo;attaque comme une riposte aux agressions des \u00ab\u00a0Crois\u00e9s\u00a0\u00bb et des dirigeants mauritaniens contre l&rsquo;islam et les musulmans. Cette action avait eu lieu trois jours apr\u00e8s l&rsquo;investiture de l&rsquo;ex-g\u00e9n\u00e9ral putschiste Mohamed Ould Abdel Aziz dans ses fonctions de pr\u00e9sident \u00e9lu de la Mauritanie. 2009 AFP<\/div>\n<\/div>\n<div>\u00a0<\/div>\n<div>\n<hr\/>\n<\/div>\n<div>\u00a0<\/div>\n<div align=\"center\">\n<h3 style=\"color: blue;\"><font face=\"Arial\" size=\"3\"><strong>Mouammar Kadhafi rencontre l&rsquo;ex-agent Abdel Basset al Megrahi<\/strong><\/font><\/h3>\n<\/div>\n<p><font face=\"Arial\" size=\"2\"><font size=\"3\"><strong><\/p>\n<div> \u00a0<\/div>\n<p><\/strong><\/font><\/p>\n<div align=\"justify\"><font>Reuters: Le 21 ao\u00fbt 09 Le dirigeant libyen Mouammar Kadhafi a rencontr\u00e9 l&rsquo;ancien agent condamn\u00e9 pour l&rsquo;attentat de Lockerbie, Abdel Basset al Megrahi, montrent des images de la t\u00e9l\u00e9vision libyenne retransmises samedi par la BBC. Kadhafi a salu\u00e9 le \u00ab\u00a0courage\u00a0\u00bb de l&rsquo;Ecosse, dont le gouvernement autonome a ordonn\u00e9 la lib\u00e9ration de Megrahi pour des raisons humanitaires, ce dernier souffrant d&rsquo;un cancer en phase terminale. Il a en outre exprim\u00e9 sa gratitude au Premier ministre britannique Gordon Brown et \u00e0 la reine Elizabeth pour avoir \u00ab\u00a0encourager\u00a0\u00bb cette lib\u00e9ration, qui &#8211; a-t-il soulign\u00e9 &#8211; ouvre la voie \u00e0 un rapprochement entre Londres et Tripoli. \u00ab\u00a0Cette initiative est dans l&rsquo;int\u00e9r\u00eat des deux pays (&#8230;) et de l&rsquo;amiti\u00e9 personnelle entre eux et moi, et va \u00e0 n&rsquo;en pas douter se traduire positivement dans tous les domaines de la coop\u00e9ration entre les deux pays\u00a0\u00bb, a d\u00e9clar\u00e9 Mouammar Kadhafi, selon l&rsquo;agence de presse libyenne Jana. Les autorit\u00e9s britanniques nient avoir fait pression sur le gouvernement \u00e9cossais en vue d&rsquo;un rapprochement avec la Libye, pays producteur de p\u00e9trole. \u00ab\u00a0A cette heure, je tiens \u00e0 adresser un message \u00e0 nos amis en Ecosse, au Parti national et au Premier ministre \u00e9cossais pour les f\u00e9liciter de leur courage\u00a0\u00bb, a ajout\u00e9 le dirigeant libyen. Abdel Basset al Megrahi, qui purgeait une peine de prison \u00e0 vie en Ecosse, est la seule personne \u00e0 avoir \u00e9t\u00e9 jug\u00e9e &#8211; en 2001 &#8211; pour l&rsquo;explosion du Boeing 747 de la Pan Am au-dessus de la ville \u00e9cossaise de Lockerbie en d\u00e9cembre 1988. L&rsquo;attentat avait fait 270 morts, dont 189 Am\u00e9ricains. \u00ab\u00a0ERREUR JUDICIAIRE\u00a0\u00bb Dans une interview parue samedi dans le Times de Londres, il promet d&rsquo;apporter la preuve de son innocence. \u00ab\u00a0Mon message aux communaut\u00e9s britannique et \u00e9cossaise est que je montrerai des \u00e9l\u00e9ments (pour me disculper) et leur demanderai d&rsquo;\u00eatre mon jury\u00a0\u00bb, d\u00e9clare-t-il sans autres d\u00e9tails. \u00ab\u00a0S&rsquo;il y a une justice en Grande-Bretagne, je serai acquitt\u00e9 ou le verdict sera annul\u00e9 parce qu&rsquo;il n&rsquo;est pas solide. C&rsquo;est une erreur judiciaire\u00a0\u00bb, dit-il au Times. La d\u00e9cision du gouvernement autonome \u00e9cossais de lib\u00e9rer Megrahi, accueilli ensuite en h\u00e9ros en Libye, a \u00e9t\u00e9 condamn\u00e9e par les autorit\u00e9s britanniques. Le pr\u00e9sident Barack Obama a d\u00e9plor\u00e9 des sc\u00e8nes de liesse \u00ab\u00a0hautement d\u00e9sagr\u00e9ables\u00a0\u00bb \u00e0 l&rsquo;a\u00e9roport de Tripoli, \u00e0 l&rsquo;arriv\u00e9e de Megrahi jeudi soir. \u00ab\u00a0Ne vous inqui\u00e9tez pas, M. Obama\u00a0\u00bb, r\u00e9pond Megrahi dans son interview. \u00ab\u00a0Je n&rsquo;ai que trois mois (\u00e0 vivre).\u00a0\u00bb L&rsquo;ancien agent des services secrets libyens dit comprendre le sentiment de nombreux proches des victimes de l&rsquo;attentat. \u00ab\u00a0Ils \u00e9prouvent de la haine envers moi. C&rsquo;est normal\u00a0\u00bb, dit-il tout en ajoutant que certaines familles lui ont \u00e9crit en prison pour lui dire qu&rsquo;elles lui pardonnaient. \u00ab\u00a0Ils me croient coupable, ce qui ne l&rsquo;est pas en r\u00e9alit\u00e9. Un jour, la v\u00e9rit\u00e9 ne sera plus cach\u00e9e comme elle l&rsquo;est aujourd&rsquo;hui\u00a0\u00bb, ajoute Megrahi. Bureau de Londres, version fran\u00e7aise Jean-St\u00e9phane Brosse et Jean-Philippe Lefief<\/font><\/div>\n<p><\/font><\/p>\n<div>\n<hr\/>\n<\/div>\n<div align=\"center\"><font face=\"Arial\" size=\"2\"><\/p>\n<h3 style=\"color: blue;\"><font size=\"3\"><strong>Tripoli affirme que Megrahi \u00e9tait au coeur de contrats \u00e9conomiques, Londres d\u00e9ment<\/strong><\/font><\/h3>\n<p><\/font><\/div>\n<div align=\"justify\"> <font>2009-08-22\u00a0 | AFP La Libye affirme que la lib\u00e9ration controvers\u00e9e par l&rsquo;Ecosse d&rsquo;Abdelbaset al-Megrahi, condamn\u00e9 pour l&rsquo;attentat de Lockerbie, \u00e9tait au coeur des contrats commerciaux conclus avec la Grande-Bretagne, ce que d\u00e9ment fermement le gouvernement britannique.  Le num\u00e9ro un libyen Mouammar Kadhafi, qui a re\u00e7u M. Megrahi vendredi soir, a salu\u00e9 le \u00ab\u00a0courage\u00a0\u00bb et \u00ab\u00a0l&rsquo;ind\u00e9pendance\u00a0\u00bb du gouvernement \u00e9cossais, alors qu&rsquo;en Grande-Bretagne, la presse conspuait samedi le \u00ab\u00a0marchandage d&rsquo;arri\u00e8re-boutique\u00a0\u00bb et la \u00ab\u00a0collusion\u00a0\u00bb entre Londres et Edimbourgh.  \u00ab\u00a0Dans tous les contrats commerciaux, de p\u00e9trole et de gaz avec la Grande-Bretagne, (M. Megrahi) \u00e9tait toujours sur la table des n\u00e9gociations\u00a0\u00bb, a d\u00e9clar\u00e9 Se\u00eff al-Islam, un des fils du colonel Kadhafi, dans une interview diffus\u00e9e vendredi soir sur sa cha\u00eene Al-Moutaouasset (\u00ab\u00a0La M\u00e9diterran\u00e9e\u00a0\u00bb).  Le gouvernement britannique a aussit\u00f4t d\u00e9menti.  \u00ab\u00a0Il n&rsquo;y a aucun arrangement\u00a0\u00bb, a assur\u00e9 un porte-parole du Premier ministre Gordon Brown, interrog\u00e9 par l&rsquo;AFP.  \u00ab\u00a0Toutes les d\u00e9cisions relatives au cas Megrahi ont \u00e9t\u00e9 exclusivement du ressort de ministres \u00e9cossais\u00a0\u00bb et d&rsquo;autorit\u00e9s politiques et judiciaires en Ecosse, a d\u00e9clar\u00e9 de son c\u00f4t\u00e9 un porte-parole du Foreign Office.  Plus t\u00f4t, le ministre britannique des Affaires \u00e9trang\u00e8res, David Miliband, s&rsquo;\u00e9tait insurg\u00e9 contre les suggestions selon lesquelles Londres aurait voulu cette lib\u00e9ration pour am\u00e9liorer les relations commerciales avec la Libye, riche en p\u00e9trole.  Mais selon Se\u00eff Al-Islam, \u00ab\u00a0tous les int\u00e9r\u00eats britanniques \u00e9taient li\u00e9s \u00e0 la lib\u00e9ration d&rsquo;Abdelbasset al-Megrahi\u00a0\u00bb, dont le dossier \u00e9tait \u00ab\u00a0\u00e9voqu\u00e9 \u00e0 chaque visite en Libye de l&rsquo;ancien ministre britannique Tony Blair\u00a0\u00bb, qui \u00e9tait derri\u00e8re la signature en 2007 d&rsquo;un accord pour l&rsquo;exploration de gaz en Libye.  Acteur-cl\u00e9 dans les n\u00e9gociations avec Londres, Se\u00eff al-Islam, a fait cette interview \u00e0 bord de l&rsquo;avion qui ramenait les deux hommes \u00e0 Tripoli jeudi.  M. Megrahi, 57 ans, atteint d&rsquo;un cancer de la prostate en phase terminale et qui n&rsquo;aurait plus que trois mois \u00e0 vivre, a \u00e9t\u00e9 remis en libert\u00e9 par l&rsquo;Ecosse pour raisons de sant\u00e9.  Il avait \u00e9t\u00e9 condamn\u00e9 en 2001 \u00e0 la prison \u00e0 vie avec une peine de s\u00fbret\u00e9 de 27 ans pour son implication dans l&rsquo;explosion d&rsquo;un avion de la Pan Am en 1988 au-dessus du village \u00e9cossais de Lockerbie, qui avait tu\u00e9 270 personnes.  Vendredi soir, il a \u00e9t\u00e9 re\u00e7u par le colonel Kadhafi, qui a salu\u00e9 la d\u00e9cision du gouvernement \u00e9cossais de lib\u00e9rer M. Megrahi \u00ab\u00a0malgr\u00e9 les pressions non acceptables et non raisonnables\u00a0\u00bb, selon l&rsquo;agence officielle Jana.  Jeudi, \u00e0 Tripoli, des centaines de personnes avaient accueilli M. Megrahi en h\u00e9ros, ce qui avait suscit\u00e9 les r\u00e9actions indign\u00e9es de Londres et Washington.  Mais pour la presse britannique, ni Londres, ni Edimbourgh, ni Tripoli ne sortent grandis de cette lib\u00e9ration.  \u00ab\u00a0Pr\u00e9tendre que cette d\u00e9cision n&rsquo;est pas guid\u00e9e par des int\u00e9r\u00eats politiques et un niveau de consultation, voire de collusion, entre Edimbourgh et Londres, seuls les gueux peuvent le croire\u00a0\u00bb, \u00e9crit samedi The Independent.  \u00ab\u00a0Il faudrait \u00eatre na\u00eff pour ne pas percevoir l&rsquo;odeur du marchandage d&rsquo;arri\u00e8re-boutique. \u00a0\u00bb Le Daily Mail \u00e9voque de son c\u00f4t\u00e9 une \u00ab\u00a0semaine de la honte\u00a0\u00bb pour les dirigeants britanniques.  Dans une br\u00e8ve d\u00e9claration, M. Megrahi a affirm\u00e9 n&rsquo;avoir \u00ab\u00a0jamais imagin\u00e9 (qu&rsquo;il) pourrait un jour rentrer en Libye\u00a0\u00bb.  Dans un entretien au quotidien The Times publi\u00e9 samedi, il r\u00e9it\u00e8re son innocence et affirme qu&rsquo;il va produire avant sa mort des preuves le mettant hors de cause.  \u00ab\u00a0S&rsquo;il y avait une justice au Royaume Uni, j&rsquo;aurais \u00e9t\u00e9 acquitt\u00e9 ou le verdict aurait \u00e9t\u00e9 annul\u00e9 (. . . ) C&rsquo;\u00e9tait une erreur judiciaire\u00a0\u00bb, affirme le Libyen, qui assure que la Libye n&rsquo;\u00e9tait pas \u00e0 l&rsquo;origine de l&rsquo;attentat.  2009 AFP<\/font><\/div>\n<div>\u00a0<\/div>\n<div>\n<hr\/>\n<\/div>\n<p><strong><\/p>\n<h3 style=\"color: blue;\"><font size=\"3\">Al Qa\u00efda au Maghreb islamique : une terrible et s\u00e9rieuse menace pour la bande sah\u00e9lo-saharienne<\/font><\/h3>\n<p><\/strong> <\/p>\n<div align=\"justify\"> \u00c9crit par Mediaterran\u00e9e avec Xinhua\u00a0\u00a0  22-08-2009 Al Qa\u00efda au Maghreb islamique (AQMI), c&rsquo;est le nom pris par le Groupe salafiste pour la pr\u00e9dication et le combat (GSPC) alg\u00e9rien depuis le 25 janvier dernier apr\u00e8s avoir perdu de nombreux \u00e9mirs suite aux op\u00e9rations de l&rsquo;arm\u00e9e alg\u00e9rienne. Ce groupe avait \u00e9t\u00e9 fond\u00e9 en 1998 par Hassan Hattab lors de la guerre civile qui a ensanglant\u00e9 l&rsquo;Alg\u00e9rie pendant de longues ann\u00e9es. Son fondateur se trouvait alors en dissidence du Groupe islamique arm\u00e9 (GIA) qu&rsquo;il jugeait trop sanguinaire. Le GIA avait lui-m\u00eame \u00e9t\u00e9 fond\u00e9 \u00e0 partir des groupes de l&rsquo;insurrection islamiste des ann\u00e9es 1990. Le GSPC \u00e9tait compos\u00e9 de 300 \u00e0 800 personnes au maximum, essentiellement dans l&rsquo;est alg\u00e9rien. Mais, il est aussi pr\u00e9sent dans le centre et le sud. Il s&rsquo;est d\u00e9marqu\u00e9 du GIA en \u00e9largissant la lutte au domaine international en menant des actions en Mauritanie et en France. Le groupe fut par exemple soup\u00e7onn\u00e9 d&rsquo;avoir pr\u00e9par\u00e9 un attentat contre la cath\u00e9drale Notre-Dame de Strasbourg et le March\u00e9 de No\u00ebl en d\u00e9cembre 2005. En 1999, Hassan Hattab avait re\u00e7u les \u00e9missaires du gouvernement alg\u00e9rien, mais refusa la reddition car il voyait alors son action comme une r\u00e9ponse politico-militaire \u00e0 la campagne de r\u00e9conciliation nationale men\u00e9e par le pr\u00e9sident Abdelaziz Bouteflika. Depuis qu&rsquo;il s&rsquo;est ralli\u00e9 \u00e0 Al Qa\u00efda de Ben Laden, en devenant la branche maghr\u00e9bine de cette organisation, le groupe a enregistr\u00e9 l&rsquo;arriv\u00e9e massive de terroristes de diverses nationalit\u00e9s.  Certains de ses \u00e9l\u00e9ment abattus par l&rsquo;arm\u00e9e alg\u00e9rienne avaient par exemple \u00e9t\u00e9 identifi\u00e9s comme \u00e9tant originaires du B\u00e9nin, du Mali, de Tunisie et du Proche-Orient. Ils sont aussi du Niger, de la Libye et de la Mauritanie. Ces derniers sont d&rsquo;ailleurs r\u00e9put\u00e9s comme \u00e9tant les auteurs des attentats les plus meurtriers commis en Alg\u00e9rie.  Mais, de plus en plus, l&rsquo;AQMI se sp\u00e9cialise dans l&rsquo;enl\u00e8vement des touristes occidentaux qu&rsquo;il \u00e9change contre des ran\u00e7ons pour mieux s&rsquo;armer. En janvier 2009, il avait captur\u00e9 quatre occidentaux au Niger. Si les efforts du pr\u00e9sident Amadou Toumani Tour\u00e9 du Mali ont permis la lib\u00e9ration de trois d&rsquo;entre eux (un Autrichien et deux Suisses), les salafistes ont ex\u00e9cut\u00e9 l&rsquo;otage britannique, Edwin Dyer. Des actes suivis de l&rsquo;assassinat d&rsquo;un officier des renseignements g\u00e9n\u00e9raux du Mali \u00e0 Tombouctou en juillet dernier et d&rsquo;une escalade contre l&rsquo;arm\u00e9e malienne.\u00a0   Aujourd&rsquo;hui, l&rsquo;AQMI est la plus s\u00e9rieuse menace \u00e0 la stabilit\u00e9 politique de la bande sah\u00e9lo-saharienne o\u00f9 elle ne cesse de r\u00e9pandre la terreur (Source: \u00ab\u00a0M\u00e9diterran\u00e9e\u00a0\u00bb le 22 ao\u00fbt 2009) Lien: http:\/\/www.mediaterranee.com\/Rubriques-generales\/Editorial\/Al-Qaida-au-Maghreb-islamique-une-terrible-et-serieuse-menace-pour-la-bande-sahelo-saharienne.html<\/div>\n<\/div>\n<\/div>\n<p><\/font><\/div>\n<p align=\"center\" dir=\"ltr\">\u00a0<\/p>\n<p align=\"center\" dir=\"ltr\">\n<h3 style=\"color: blue;\"><font face=\"Arial\" size=\"2\"><strong><b><a href=\"https:\/\/tunisnews.net\/ar\/\"><font face=\"Arial\"><span><font size=\"2\">Home<\/font><\/span><font size=\"2\"><span lang=\"FR-CH\"> &#8211; Accueil <\/span><span>&#8211; <\/span><\/font><\/font><span dir=\"rtl\" lang=\"AR-SA\"><font size=\"2\">\u0627\u0644\u0631\u0626\u064a\u0633\u064a\u0629<\/font><\/span><\/a><\/b><\/strong><\/font><\/h3>\n<\/p>\n<p><\/body><\/body><\/html><\/p>","protected":false},"excerpt":{"rendered":"<p>Home &#8211; Accueil TUNISNEWS 9\u00a0\u00e8me ann\u00e9e, N\u00b0\u00a03378 du 22.08.2009 \u00a0archives :www.tunisnews.net\u00a0\u00a0 Libert\u00e9 et Equit\u00e9: Nouvelles des libert\u00e9s en Tunisie Libert\u00e9 et Equit\u00e9: Lettre d\u2019un ex prisonnier politique Reuters: France &#8211; Renvoi du proc\u00e8s d&rsquo;un r\u00e9seau de voleurs de yachts AFP: France: renvoi d&rsquo;un proc\u00e8s impliquant deux neveux du pr\u00e9sident tunisien Corsematin: Yachts vol\u00e9s et politique [&hellip;]<\/p>\n","protected":false},"author":1,"featured_media":22040,"comment_status":"open","ping_status":"open","sticky":false,"template":"","format":"standard","meta":{"inline_featured_image":false,"site-sidebar-layout":"default","site-content-layout":"","ast-site-content-layout":"default","site-content-style":"default","site-sidebar-style":"default","ast-global-header-display":"","ast-banner-title-visibility":"","ast-main-header-display":"","ast-hfb-above-header-display":"","ast-hfb-below-header-display":"","ast-hfb-mobile-header-display":"","site-post-title":"","ast-breadcrumbs-content":"","ast-featured-img":"","footer-sml-layout":"","ast-disable-related-posts":"","theme-transparent-header-meta":"","adv-header-id-meta":"","stick-header-meta":"","header-above-stick-meta":"","header-main-stick-meta":"","header-below-stick-meta":"","astra-migrate-meta-layouts":"default","ast-page-background-enabled":"default","ast-page-background-meta":{"desktop":{"background-color":"","background-image":"","background-repeat":"repeat","background-position":"center center","background-size":"auto","background-attachment":"scroll","background-type":"","background-media":"","overlay-type":"","overlay-color":"","overlay-opacity":"","overlay-gradient":""},"tablet":{"background-color":"","background-image":"","background-repeat":"repeat","background-position":"center center","background-size":"auto","background-attachment":"scroll","background-type":"","background-media":"","overlay-type":"","overlay-color":"","overlay-opacity":"","overlay-gradient":""},"mobile":{"background-color":"","background-image":"","background-repeat":"repeat","background-position":"center center","background-size":"auto","background-attachment":"scroll","background-type":"","background-media":"","overlay-type":"","overlay-color":"","overlay-opacity":"","overlay-gradient":""}},"ast-content-background-meta":{"desktop":{"background-color":"var(--ast-global-color-5)","background-image":"","background-repeat":"repeat","background-position":"center center","background-size":"auto","background-attachment":"scroll","background-type":"","background-media":"","overlay-type":"","overlay-color":"","overlay-opacity":"","overlay-gradient":""},"tablet":{"background-color":"var(--ast-global-color-5)","background-image":"","background-repeat":"repeat","background-position":"center center","background-size":"auto","background-attachment":"scroll","background-type":"","background-media":"","overlay-type":"","overlay-color":"","overlay-opacity":"","overlay-gradient":""},"mobile":{"background-color":"var(--ast-global-color-5)","background-image":"","background-repeat":"repeat","background-position":"center center","background-size":"auto","background-attachment":"scroll","background-type":"","background-media":"","overlay-type":"","overlay-color":"","overlay-opacity":"","overlay-gradient":""}},"footnotes":""},"categories":[],"tags":[60,40,29],"class_list":["post-16246","post","type-post","status-publish","format-standard","has-post-thumbnail","hentry","tag-60","tag-40","tag-fr"],"_links":{"self":[{"href":"https:\/\/tunisnews.net\/ar\/wp-json\/wp\/v2\/posts\/16246","targetHints":{"allow":["GET"]}}],"collection":[{"href":"https:\/\/tunisnews.net\/ar\/wp-json\/wp\/v2\/posts"}],"about":[{"href":"https:\/\/tunisnews.net\/ar\/wp-json\/wp\/v2\/types\/post"}],"author":[{"embeddable":true,"href":"https:\/\/tunisnews.net\/ar\/wp-json\/wp\/v2\/users\/1"}],"replies":[{"embeddable":true,"href":"https:\/\/tunisnews.net\/ar\/wp-json\/wp\/v2\/comments?post=16246"}],"version-history":[{"count":0,"href":"https:\/\/tunisnews.net\/ar\/wp-json\/wp\/v2\/posts\/16246\/revisions"}],"wp:featuredmedia":[{"embeddable":true,"href":"https:\/\/tunisnews.net\/ar\/wp-json\/wp\/v2\/media\/22040"}],"wp:attachment":[{"href":"https:\/\/tunisnews.net\/ar\/wp-json\/wp\/v2\/media?parent=16246"}],"wp:term":[{"taxonomy":"category","embeddable":true,"href":"https:\/\/tunisnews.net\/ar\/wp-json\/wp\/v2\/categories?post=16246"},{"taxonomy":"post_tag","embeddable":true,"href":"https:\/\/tunisnews.net\/ar\/wp-json\/wp\/v2\/tags?post=16246"}],"curies":[{"name":"wp","href":"https:\/\/api.w.org\/{rel}","templated":true}]}}