{"id":16212,"date":"2007-03-05T00:00:00","date_gmt":"2007-03-05T00:00:00","guid":{"rendered":"https:\/\/tunisnews.net\/5-mars-2007\/"},"modified":"2007-03-05T00:00:00","modified_gmt":"2007-03-05T00:00:00","slug":"5-mars-2007","status":"publish","type":"post","link":"https:\/\/tunisnews.net\/ar\/5-mars-2007\/","title":{"rendered":"5 mars 2007"},"content":{"rendered":"<p><html><head><meta content=\"text\/html\" description=\"    Beaucoup de bruit dans le landerneau politique et de rumeurs ont suivi les     fusillades de fin d\u00e9cembre 2006 et d\u00e9but janvier 2007 en Tunisie. On a ainsi     pr\u00e9tendu que tel ministre influent a \u00e9t\u00e9 pri\u00e9 de rester chez lui, que tel     autre intriguant a chut\u00e9 et que des t\u00eates allaient \u00eatre sacrifi\u00e9es au sein     des services de s\u00e9curit\u00e9 (minist\u00e8re de l'Int\u00e9rieur et S\u00e9curit\u00e9     pr\u00e9sidentielle). Chacun y allait de son &quot;information&quot; \u00e0 la source cr\u00e9dible     et de son pronostic.\" http-equiv=\"Content-Type\"\/><\/head><body><body style=\"text-align: justify\"><\/p>\n<p align=\"center\"><b><a href=\"https:\/\/tunisnews.net\/ar\/\"><font face=\"Arabic Transparent\"><span><font>Home<\/font><\/span><font><span lang=\"FR-CH\"> &#8211; Accueil <\/span><span>&#8211; <\/span><\/font><\/font><span dir=\"rtl\" lang=\"AR-SA\"><font>\u0627\u0644\u0631\u0626\u064a\u0633\u064a\u0629<\/font><\/span><\/a><\/b><\/p>\n<div> <font face=\"Arial\" size=\"2\"> <\/p>\n<div>\n<div>\n<div>  <span lang=\"FR\"> <\/p>\n<div align=\"center\" dir=\"ltr\"> <font size=\"2\"> <span lang=\"SV\"> <strong>TUNISNEWS<\/strong><\/span> <\/font> <\/div>\n<div align=\"center\" dir=\"ltr\"> <strong><font size=\"2\">7\u00a0\u00e8me\u00a0ann\u00e9e, <span lang=\"FR\">          N\u00b0\u00a02478 du 05.03.2007<\/span><\/font><\/strong><\/div>\n<p> <strong> <\/p>\n<div align=\"center\" dir=\"ltr\"> <b><span><blink> <font size=\"2\">\u00a0archives : <\/font> <a href=\"\" target=\"_blank\" rel=\"noopener\"> <font size=\"2\" target=\"_blank\">www.tunisnews.net<\/font><\/a><\/blink><\/span><\/b><font size=\"2\"> <\/font> <\/p>\n<div align=\"left\" dir=\"rtl\"> <span lang=\"FR\"><font> <span lang=\"FR\"> <font size=\"+0\"> <\/font><\/span><\/font><\/span><\/div>\n<p> <font><strong><font size=\"2\"><\/p>\n<hr\/>\n<p> <\/font><\/strong> <\/font><\/div>\n<p> <\/strong><\/span><\/div>\n<\/p><\/div>\n<div>\n<div align=\"left\" dir=\"ltr\"> <font size=\"2\"><strong>L&rsquo; \u00e9dito de l\u00b4Audace: La Bande des Quatreet la         libert\u00e9 d&rsquo;informer         <font>L\u2019Audace: Corruption<\/font>         AFP: Assassinat d&rsquo;un ex-ministre belge en 1991: ouverture du proc\u00e8s d&rsquo;un         complice         <font>AFP: Attentat de Djerba: jugement confirm\u00e9 pour le         complice du kamikaze tunisien         <\/font>AP: Tunisie: confirmation du jugement prononc\u00e9 contre le complice         dans l&rsquo;attentat de Djerba         <font>AP: Tunisia court upholds 20-year prison term for         accomplice in synagogue bombing<\/font>         AP: La s\u00e9curit\u00e9 dans le domaine des transports, une priorit\u00e9 des pays         euro-m\u00e9diterran\u00e9ens         <font>AFP: Washington ne demande pas de base militaire         en Alg\u00e9rie (ambassadeur)         <\/font>Reuters: Alg\u00e9rie &#8211; Sept policiers tu\u00e9s dans une embuscade         <font>AFP: Alg\u00e9rie: sept gendarmes tu\u00e9s dans une attaque         islamiste en Kabylie (nouveau bilan)<\/font>         African Mananager : Tunisie : Arr\u00eatez cette gabegie Monsieur le         Pr\u00e9sident !          <font>African Mananager : Ouvrir un d\u00e9bat sur les         cr\u00e9ances class\u00e9es !<\/font>          Le Temps: Pr\u00e9sidentielle fran\u00e7aise (1\/2) &#8211; Sarkozy et\u2026 nous          <font>R\u00e9alit\u00e9s: Sana Ben Achour : Pour une refondation         de la gauche d\u00e9mocratique<\/font>         R\u00e9alit\u00e9s: Antoine Basbous \u00ab\u00a0La d\u00e9mocratie, oui mais apr\u00e8s une longue         pr\u00e9paration\u00a0\u00bb         <font>R\u00e9alit\u00e9s : Jean Duvignaud n\u2019est plus : La         sociologie en deuil<\/font>         AP: Dans le Rh\u00f4ne, le coll\u00e8ge-lyc\u00e9e musulman Al-Kindi fait sa rentr\u00e9e         avec une classe de sixi\u00e8me         <font>Le Monde: Le g\u00e9n\u00e9ral Aussaresses confirme que le         chef du FLN \u00e0 Alger, Larbi Ben M&rsquo;Hidi, a \u00e9t\u00e9 pendu<\/font>         The New York Times:\u00a0 Basra Raid Finds Dozens Detained by Iraq Spy Unit<\/strong> <\/font> <\/div>\n<div align=\"left\" dir=\"ltr\"> <font size=\"2\"><\/p>\n<hr\/>\n<p><\/font> <\/div>\n<\/p><\/div>\n<\/p><\/div>\n<div align=\"center\"> <strong><font>L&rsquo; \u00e9dito de l\u00b4Audace<\/font><\/strong><\/div>\n<div align=\"center\">\u00a0<\/div>\n<div align=\"center\"> <strong><\/p>\n<h2 style=\"color: red;\"><font size=\"3\">La Bande des Quatre<\/font><\/h2>\n<p><\/strong><\/div>\n<div align=\"center\"> <strong><\/p>\n<h2 style=\"color: red;\"><font size=\"3\">et la libert\u00e9 d&rsquo;informer<\/font><\/h2>\n<p><\/strong><\/div>\n<div>    \u00a0<\/div>\n<div> <strong><font>par Slim Bagga<\/font><\/strong><\/div>\n<div>    \u00a0<\/div>\n<div align=\"justify\">    Beaucoup de bruit dans le landerneau politique et de rumeurs ont suivi les     fusillades de fin d\u00e9cembre 2006 et d\u00e9but janvier 2007 en Tunisie. On a ainsi     pr\u00e9tendu que tel ministre influent a \u00e9t\u00e9 pri\u00e9 de rester chez lui, que tel     autre intriguant a chut\u00e9 et que des t\u00eates allaient \u00eatre sacrifi\u00e9es au sein     des services de s\u00e9curit\u00e9 (minist\u00e8re de l&rsquo;Int\u00e9rieur et S\u00e9curit\u00e9     pr\u00e9sidentielle). Chacun y allait de son \u00ab\u00a0information\u00a0\u00bb \u00e0 la source cr\u00e9dible     et de son pronostic.<\/div>\n<div align=\"justify\">    En v\u00e9rit\u00e9, rien n&rsquo;a chang\u00e9 la Bande des Quatre tient plus que jamais d&rsquo;une     main de fer le pays sans tenir compte des cons\u00e9quences incalculables qui     d\u00e9couleront \u00e0 court ou moyen terme de cet \u00e9touffement de la vie publique     tunisienne.<\/div>\n<div align=\"justify\">    La Bande des Quatre, comme chacun ne l&rsquo;ignore plus d\u00e9sormais, se compose du     G\u00e9n\u00e9ral-pr\u00e9sident Ben Ali, de son \u00e9pouse Le\u00efla et de leurs deux th\u00e9oriciens     fascistes: le ministre directeur du Cabinet pr\u00e9sidentiel, Abdelaziz Ben Dhia,     et du ministre des Affaires \u00e9trang\u00e8res et n\u00e9anmoins candidat \u00e0 la     succession, Abdelwaheb Abdallah. C&rsquo;est ce quatuor qui a men\u00e9 tout au lond de     ces deux d\u00e9cennies le pays \u00e0 la d\u00e9rive, qui a impos\u00e9 l&rsquo;omerta sur les     pratiques mafieuses des familles qui pillent la Tunisie, sur     l&rsquo;administration de la torture dont ont \u00e9t\u00e9 -et sont toujours- victimes les     dissidents et les opposants et sur le verrouillage de l&rsquo;information.<\/div>\n<div align=\"justify\">    \u00ab\u00a0L&rsquo;Audace\u00a0\u00bb, qui f\u00eate ce mois-ci ses 14 ans d&rsquo;existence, et qui a \u00e9t\u00e9 le     premier \u00e0 fissurer le mur du silence \u00e9rig\u00e9 par cette dictature, pose encore     une fois la question cruciale de la libert\u00e9 d&rsquo;informer, du devoir d&rsquo;informer     et de la transparence de l&rsquo;information. Car l\u00e0 o\u00f9 ceux-ci font d\u00e9faut la     rumeur germe et s&rsquo;\u00e9panouit.<\/div>\n<div align=\"justify\">    Or, peut-on demander \u00e0 un Pr\u00e9sident menteur et manipulateur ainsi qu&rsquo;\u00e0 ses     serviteurs z\u00e9l\u00e9s et intriguants de d\u00e9livrer au peuple une information     authentique et vraie? Il faut croire que non. Ces tyrans, comme tous les     tyrans, ne traitent jamais la population en adultes et en citoyens. Ils     dictent leurs loi par la force; ils manipulent l&rsquo;information avec la     complaisance sinon la complicit\u00e9 de \u00ab\u00a0journaleux\u00a0\u00bb sans scrupule et \u00e0 leurs     ordres; et ils se partagent en passant les richesses du pays par secteurs     d&rsquo;\u00e9conomie&#8230;<\/div>\n<div align=\"justify\">    Il n&rsquo;est donc pas surprenant que ce pouvoir mafieux taise encore une fois la     v\u00e9rit\u00e9 sur l&rsquo;arrestation d&rsquo;un Groupe salafiste introduit d&rsquo;Alg\u00e9rie. Sans     vergogne, il cache les corps des morts au cours des fusillades; les     disparitions se comptent par dizaines; les familles sont d\u00e9sempar\u00e9es; la     torture reprend de plus belle et de mani\u00e8re plus f\u00e9roce que jamais et les     prisons se repeuplent comme dans les ann\u00e9es 90 de triste m\u00e9moire. Pendant     que, dans un monde o\u00f9 l&rsquo;information est devenue instantan\u00e9e, nos vaillants     \u00ab\u00a0journalistes\u00a0\u00bb n&rsquo;ont toujours pas le courage de quitter leurs niches pour     accomplir leur devoir d&rsquo;informer.<\/div>\n<div align=\"justify\">    S&rsquo;\u00e9cartant de leurs responsabilit\u00e9s, ils feignent d&rsquo;ignorer que seule la     d\u00e9sobe\u00efssance \u00e0 un r\u00e9gime ill\u00e9gitime est de nature \u00e0 sauver ce qui peut     encore l&rsquo;\u00eatre sur ce champ de ruines laiss\u00e9 par la dictature.<\/div>\n<div align=\"justify\">    Je n&rsquo;arrive pas \u00e0 comprendre comment la traduction d&rsquo;un ancien diplomate     tunisien devant les Assises de Strasbourg pour fait de torture et le risque     de sa condamnation par d\u00e9faut \u00e0 30 ans de prison ne soit relay\u00e9e par aucun     organe tunisien d&rsquo;information. Khaled Ben Sa\u00efd, ancien vice-consul dans la     capitale alsacienne, qui avait fui la France avant son arrestation et qui a     \u00e9t\u00e9 bombard\u00e9 en tant que commissaire de police dans la ville de Sfax (car     dans ce r\u00e9gime, les tortionnaires sont r\u00e9compens\u00e9s et d\u00e9cor\u00e9s par le G\u00e9n\u00e9ral     en personne) est poursuivi au titre de la Convention de 1984 qui conf\u00e8re une     comp\u00e9tence universelle aux Etats.<\/div>\n<div align=\"justify\">    Une telle information, qui a fait le tour du monde, ne semble \u00eatre d&rsquo;aucun     int\u00e9r\u00eat pour le p\u00e2le \u00ab\u00a0R\u00e9alit\u00e9s\u00a0\u00bb par exemple qui s&rsquo;int\u00e9resse plut\u00f4t aux     relations de Bourguiba avec les Beys et r\u00e9l\u00e8gue l&rsquo;actualit\u00e9 aux oubliettes.<\/div>\n<div align=\"justify\">    Nous n&rsquo;avons jamais vu un tel d\u00e9labrement de l&rsquo;information que sous Staline     et\u00a0la tristement c\u00e9l\u00e8bre \u00ab\u00a0Pravda\u00a0\u00bb.\u00a0<\/div>\n<div align=\"justify\">    Pauvre Tunisie&#8230;Pauvre Tunisiens qui, en plus d&rsquo;une dictature implacable,     subissent les\u00a0vendeurs\u00a0de papier\u00a0qui pue le mensonge et la trahison&#8230;<\/div>\n<div>    \u00a0<\/div>\n<div> <span lang=\"FR-CH\"> <strong>(Source\u00a0: L\u2019Audace (Mensuel tunisien d\u2019opposition \u2013 Paris), num\u00e9ro     145, mars 2007,\u00a0pages 3)<\/strong><\/span><\/div>\n<div>\n<hr\/><\/div>\n<div align=\"center\"> <strong><font size=\"3\">Corruption<\/font><\/strong><\/div>\n<div> <strong><font>La mafia des contr\u00f4leurs des imp\u00f4ts<\/font><\/strong><\/div>\n<div>    \u00a0<\/div>\n<div align=\"justify\">    Comme chacun sait, le manque \u00e0 gagner du Tr\u00e9sor public (droits de douane,     TVA, imp\u00f4ts etc) est essentiellement le fait des cercles mafieux directement     rattach\u00e9s aux familles Trabelsi et Ben Ali. Les sp\u00e9cialistes du minist\u00e8re     des Finances\u00a0\u00e9valuent ce manque \u00e0 gagner \u00e0 la somme exorbitante de 3     milliards de dinars (1, 8 milliard d&rsquo;euros).<\/div>\n<div align=\"justify\">    A titre d&rsquo;exemple, le souk de Moncef Bey, \u00e0 lui seul, importe ill\u00e9galement,     selon des sources du minist\u00e8re du Commerce, pour la somme de 950 millions de     DT (600 millions d&rsquo;euros environ) sans compter le march\u00e9 de Sidi Bou Mendil,     d&rsquo;El Jem, et les souks dits de \u00ab\u00a0Libya\u00a0\u00bb expos\u00e9s dans toutes les villes et     villages du pays. Pour autant, cela ne semble pas g\u00eaner outre mesure     Carthage qui donne sa b\u00e9n\u00e9diction ni la Douane qui ex\u00e9cute les ordres pour     satisfaire la mafia.<\/div>\n<div align=\"justify\">    Cependant, conscient de ce trou immense dans les recettes douani\u00e8res et     fiscales, le pouvoir a donn\u00e9 l&rsquo;ordre aux inspecteurs et aux contr\u00f4leurs des     imp\u00f4ts d&rsquo;ex\u00e9cuter des redressements et des taxations d&rsquo;office suite \u00e0 des     contr\u00f4les approfondis, iniques et imaginaires aupr\u00e8s des PME, des artisans,     des commer\u00e7ants et des petites soci\u00e9t\u00e9s de services. Le tout en prenant soin     de ne pas toucher aux proches du r\u00e9gime. Bien s\u00fbr!<\/div>\n<div align=\"justify\">    Et c&rsquo;est ainsi qu&rsquo;une op\u00e9ration d&rsquo;\u00e9gorgement des PME a d\u00e9marr\u00e9 et qu&rsquo;une     autre corruption a \u00e9t\u00e9 institu\u00e9e. Expliquons-nous: Un contr\u00f4leur fiscal     commence par exemple \u00e0 taxer une PME ou un commer\u00e7ant \u00e0 hauteur de 100 000DT     (60 000 euros). Si le commer\u00e7ant se montre g\u00e9n\u00e9reux et offre 15% (c&rsquo;est le     minimum) de la valeur de la taxation \u00e0 son bourreau de contr\u00f4leur soit 15     000DT payables cash, la taxation est r\u00e9duite de facto \u00e0 2000DT seulement. Un     simple calcul permet de constater que le contr\u00f4leur corrompu empoche plus de     7 fois ce qui reviendrait injustement d&rsquo;ailleurs \u00e0 l&rsquo;Etat.<\/div>\n<div align=\"justify\">    Exasp\u00e9r\u00e9s, les patrons de PME et autres commer\u00e7ants ne savent plus o\u00f9 donner     de la t\u00eate et plusieurs d&rsquo;entre eux ont mis la cl\u00e9 sous le paillasson. Il     faut savoir aussi que la loi prot\u00e8ge miraculeusement ces contr\u00f4leurs des     imp\u00f4ts v\u00e9reux, car m\u00eame si les patrons demandent une r\u00e9vision de la taxation     par la direction g\u00e9n\u00e9rale des imp\u00f4ts, la r\u00e9duction ne peut aller en de\u00e7\u00e0 des     2000DT qui sont le seuil minimum lors d&rsquo;un contr\u00f4le ou d&rsquo;un redressement.<\/div>\n<div align=\"justify\">    Ils se retrouvent par cons\u00e9quent entre le marteau et l&rsquo;enclume: s&rsquo;acquitter     des 15% envers un fonctionnaire corrompu et 2000DT envers l&rsquo;Etat ou     d\u00e9bourser la totalit\u00e9 de la taxation.<\/div>\n<div align=\"justify\">    De plus le pouvoir qui a plus que jamais besoin de recettes fiscales a donn\u00e9     ordre aux tribunaux de donner syst\u00e9matiquement raison aux contr\u00f4leurs.<\/div>\n<div align=\"justify\">    Ce r\u00e9gime mafieux et ses fonctionnaires ne cessent d&rsquo;inventer en mati\u00e8re de     racket. Et peu importe si des entreprises disparaissent et si des familles     enti\u00e8res vivent dans la pr\u00e9carit\u00e9&#8230;<\/div>\n<div align=\"justify\">    \u00a0<\/div>\n<div align=\"justify\"> <strong><font>Les Trabelsi et le fil \u00e0 coudre<\/font><\/strong><\/div>\n<div align=\"justify\">    \u00a0<\/div>\n<div align=\"justify\">    Plusieurs entreprises de textiles sont en train de fermer; d&rsquo;autres sont en     gr\u00e8ve. C&rsquo;est que les patrons n&rsquo;arrivent plus \u00e0 joindre les deux bouts \u00e0     cause de la corruption entre autres.<\/div>\n<div align=\"justify\">    Un patron d&rsquo;usine de textile nous a r\u00e9cemment expliqu\u00e9 que la famille     Trabelsi a jet\u00e9 son d\u00e9volu y compris sur le march\u00e9 du fil \u00e0 coudre. Selon     cet homme d&rsquo;affaires, le prix de revient du kilo de fil \u00e0 coudre varie entre     2,300DT et 2,700DT. Or, au march\u00e9 vMoncef Bey, le clan Trabelsi expose \u00e0 la     vente le kilo de fil \u00e0 coudre \u00e0 2 DT. Ce fil est import\u00e9 de Chine et, bien     s\u00fbr non tax\u00e9 par la Douane qui ferme les yeux sur les importations des clans     mafieux.<\/div>\n<div align=\"justify\">    R\u00e9sultat: ou les patrons d&rsquo;usines s&rsquo;approvisionnent au noir chez les     Trabelsi ou ils sont oblig\u00e9s de fermer leurs usines car la concurrence     devient rude et insupportable&#8230;<\/div>\n<div align=\"justify\">    \u00a0<\/div>\n<div align=\"justify\">    La mafia s&rsquo;int\u00e9resse \u00e0 tous les produits<\/div>\n<div align=\"justify\">    \u00a0<\/div>\n<div align=\"justify\">    Un homme d&rsquo;affaires fran\u00e7ais, de retour de Tunisie o\u00f9 il prospectait en vue     de faire des affaires, a \u00e9t\u00e9 surpris de voir quasiment d\u00e9serte la zone     industrielle de Ben Arous. Usines et autres ateliers ferm\u00e9s, absence de vie     etc. Par contre, nous pr\u00e9cisa-t-il, il a pu acqu\u00e9rir pour 35 DT (20 euros)     l&rsquo;unit\u00e9 des DVD co\u00fbtant 80 euros \u00e0 Paris. Il n&rsquo;en revenait pas. Idem pour     les services en cristal. Revenant \u00e0 1500 euros environ en France, le m\u00eame     service \u00e9tait expos\u00e9 \u00e0 Moncef Bey \u00e0 135 DT\u00a0(moins de 80 euros). Qui dit     mieux?<\/div>\n<div align=\"justify\">    \u00a0<\/div>\n<div align=\"justify\"> <span lang=\"FR-CH\"> <strong>(Source\u00a0: L\u2019Audace (Mensuel tunisien d\u2019opposition \u2013 Paris), num\u00e9ro     145, mars 2007,\u00a0Rubrique corruption pages 4 et 5)<\/strong><\/span><\/div>\n<div>    \u00a0<\/div>\n<div>\n<hr\/><\/div>\n<div align=\"center\"> <strong><\/p>\n<h2 style=\"color: red;\"><font size=\"3\">Assassinat d&rsquo;un ex-ministre belge en     1991: ouverture du proc\u00e8s d&rsquo;un complice<\/font><\/h2>\n<p><\/strong><\/div>\n<div align=\"justify\">    AFP, le 5 mars 2007 \u00e0 12h39     BRUXELLES, 5 mars 2007 (AFP) &#8211; La cour d&rsquo;assises de Li\u00e8ge (est de la     Belgique) a commenc\u00e9 lundi \u00e0 juger Domenico Castellino, un truand d\u00e9j\u00e0     condamn\u00e9 en son absence \u00e0 20 ans de r\u00e9clusion pour avoir particip\u00e9 \u00e0     l&rsquo;assassinat en 1991 de l&rsquo;ancien ministre belge Andr\u00e9 Cools.     Domenico \u00ab\u00a0Mimo\u00a0\u00bb Castellino, 51 ans, \u00e9tait en fuite lorsque le proc\u00e8s des     autres auteurs du plus retentissant assassinat politique de l&rsquo;histoire de     Belgique s&rsquo;est d\u00e9roul\u00e9 \u00e0 Li\u00e8ge, fin 2003-d\u00e9but 2004.     Interpell\u00e9 en 2006 en Allemagne, il avait fait \u00ab\u00a0opposition\u00a0\u00bb de sa     condamnation et obtenu le droit d&rsquo;\u00eatre rejug\u00e9.     La cour d&rsquo;assises va donc, durant en principe deux semaines, reprendre \u00e0     z\u00e9ro l&rsquo;examen de l&rsquo;assassinat, du moins en ce qui concerne le r\u00f4le de     Domenico Castellino. Une centaine de t\u00e9moins sont attendus, dont les cinq     autres hommes condamn\u00e9s en 2004.     Lundi, la premi\u00e8re audience a \u00e9t\u00e9 consacr\u00e9e \u00e0 la constitution du jury     populaire (8 femmes et 4 hommes) et \u00e0 la lecture de l&rsquo;acte d&rsquo;accusation.     Les m\u00e9dias belges ne s&rsquo;attendent cependant pas \u00e0 ce que ce \u00ab\u00a0proc\u00e8s Cools-bis\u00a0\u00bb     apporte des \u00e9clairages in\u00e9dits sur le fond du dossier, notamment parce que     les complices de Domenico Castellino lui avaient fait croire qu&rsquo;il     s&rsquo;agissait d&rsquo;un r\u00e8glement de compte dans le milieu des stup\u00e9fiants.     D&rsquo;origine italienne, Domenico Castellino a avou\u00e9 d\u00e8s 1996 avoir<strong><font>     recrut\u00e9 les deux Tunisiens<\/font><\/strong> qui ont abattu l&rsquo;ancien ministre     socialiste, le 18 juillet 1991 \u00e0 Li\u00e8ge. <strong><font>Les     deux tueurs ont \u00e9t\u00e9 condamn\u00e9 \u00e0 20 ans de prison en juin 1998 \u00e0 Tunis.<\/font><\/strong><\/div>\n<div align=\"justify\">         Le premier proc\u00e8s avait \u00e9tabli la responsabilit\u00e9 de membres de l&rsquo;entourage     du socialiste li\u00e9geois Alain Van der Biest, un temps \u00ab\u00a0fils spirituel\u00a0\u00bb     d&rsquo;Andr\u00e9 Cools avant de devenir son rival.     En l&rsquo;absence d&rsquo;Alain Van der Biest, qui s&rsquo;est suicid\u00e9 en 2002, ce proc\u00e8s     avait laiss\u00e9 des zones d&rsquo;ombre, notamment sur le r\u00f4le d&rsquo;inspirateurs ou de     commanditaires qu&rsquo;auraient pu jouer d&rsquo;autres rivaux socialistes d&rsquo;Andr\u00e9     Cools.     Celui-ci victime ne d\u00e9tenait plus de porte-feuille au moment de son     assassinat mais \u00e9tait rest\u00e9 l&rsquo;homme fort du PS \u00e0 Li\u00e8ge. Si la \u00ab\u00a0petite main\u00a0\u00bb     Castellino ne semble pas \u00eatre en mesure d&rsquo;apporter la lumi\u00e8re sur le climat     de haine qui d\u00e9chirait le PS li\u00e9geois, les hommes condamn\u00e9s en 2004     pourraient profiter de leur passage \u00e0 la barre des t\u00e9moins pour faire     quelques r\u00e9v\u00e9lations, estiment les journaux belges.          AFP  <\/div>\n<div align=\"justify\">\n<hr\/><\/div>\n<div align=\"center\"> <strong><\/p>\n<h2 style=\"color: red;\"><font size=\"3\">Tunisia court upholds 20-year prison     term for accomplice in synagogue bombing<\/font><\/h2>\n<p><\/strong><\/div>\n<div align=\"justify\">    Associated Press, le 3 mars 2007 \u00e0 20h51     TUNIS, Tunisia (AP) _ Tunisia&rsquo;s highest court upheld a 20-year prison term     for an accomplice in a suicide attack on a synagogue that killed 21 people _     mostly German     tourists, a defense lawyer said.     Belgacem Nawar, 45, was convicted for helping his nephew Nizar Nawar strap a     gas tank onto a truck before ramming it into the historic synagogue on the     resort island of Djerba in April 2002.     The Court of Cassation _ Tunisia&rsquo;s highest court _ upheld an appeals verdict     following the conviction last June. Tunisian investigators linked the attack     to al-Qaida.     Nawar was detained shortly after the attack, which killed 14 Germans, five     Tunisians and two French citizens. Nawar, a welder from Djerba, acknowledged     having helped     his nephew buy the truck, but said he had no idea what he planned to do with     it. The only other convictions in the Djerba case came last year in Spain,     where the National Court sentenced a Spaniard and a Pakistani to five years     in prison for helping finance the attack.     Associated Press \u00a0<\/div>\n<div align=\"justify\">\n<hr\/><\/div>\n<div align=\"center\"> <strong><\/p>\n<h2 style=\"color: red;\"><font size=\"3\">Tunisie: confirmation du jugement     prononc\u00e9 contre le complice dans l&rsquo;attentat de Djerba<\/font><\/h2>\n<p><\/strong><\/div>\n<div align=\"justify\">    Associated Press, le 3 mars 2007 \u00e0 20h29     TUNIS (AP) &#8212; La Cour de cassation tunisienne a confirm\u00e9 samedi la     condamnation \u00e0 20 ans de prison ferme prononc\u00e9e en premi\u00e8re instance et en     appel \u00e0 l&rsquo;encontre de Belgacem Nawar, complice de l&rsquo;auteur de l&rsquo;attentat     terroriste perp\u00e9tr\u00e9 en 2002 contre une synagogue \u00e0 Djerba, une \u00eele du sud     tunisien, a-t-on appris aupr\u00e8s de son avocat, Me Samir Ben Amor.     L&rsquo;attentat, qui avait caus\u00e9 la mort de 21 personnes dont 14 touristes     allemands, cinq Tunisiens et deux Fran\u00e7ais, avait \u00e9t\u00e9 revendiqu\u00e9 par     l&rsquo;organisation Al-Qa\u00efda d&rsquo;Oussama Ben Laden.     Belgacem Nawar, 45 ans, est l&rsquo;oncle du kamikaze, Nizar Nawar, mort carbonis\u00e9     dans l&rsquo;explosion du camion-citerne rempli de gaz devant le lieu de culte     juif. Belgacem Nawar a \u00e9t\u00e9 reconnu coupable notamment de \u00ab\u00a0complicit\u00e9     d&rsquo;assassinat avec pr\u00e9m\u00e9ditation\u00a0\u00bb et \u00ab\u00a0d\u00e9tention et fabrication de mati\u00e8res     explosives\u00a0\u00bb.     Selon l&rsquo;acte d&rsquo;accusation, il aurait aid\u00e9 le kamikaze \u00e0 installer sur le     camion la citerne qui devait servir \u00e0 l&rsquo;op\u00e9ration. Lors de son proc\u00e8s devant     le tribunal de premi\u00e8re instance puis la cour d&rsquo;appel, il avait clam\u00e9 son     innocence, d\u00e9clarant qu&rsquo;il n&rsquo;\u00e9tait pas au courant des desseins criminels de     son neveu.     L&rsquo;affaire a eu des ramifications en France o\u00f9 plusieurs personnes ont \u00e9t\u00e9     mises en examen par le juge antiterroriste Jean-Louis Brugui\u00e8re, ainsi qu&rsquo;en     Allemagne et en Espagne.      Associated Press<\/div>\n<div align=\"justify\">\n<hr\/><\/div>\n<div align=\"center\"> <strong><\/p>\n<h2 style=\"color: red;\"><font size=\"3\">Tunisie &#8211; Peine confirm\u00e9e pour     l&rsquo;oncle du kamikaze de Djerba<\/font><\/h2>\n<p><\/strong><\/div>\n<div align=\"justify\">    Reuters, le 3 mars 2007 \u00e0 20h15     TUNIS, 3 mars (Reuters) &#8211; La Cour supr\u00eame de Tunisie a confirm\u00e9 samedi la     peine de 20 ans de prison inflig\u00e9e \u00e0 l&rsquo;oncle de l&rsquo;auteur de     l&rsquo;attentat-suicide qui fit 21 morts en 2002 devant la synagogue de la Ghriba,     sur l&rsquo;\u00eele touristique de Djerba, a-t-on appris de sources judiciaires.     Quatorze Allemands, cinq Tunisiens et deux Fran\u00e7ais avaient \u00e9t\u00e9 tu\u00e9s dans     l&rsquo;explosion, qui avait aussi fait 30 bless\u00e9s, lors de l&rsquo;explosion d&rsquo;un     camion-citerne devant la mosqu\u00e9e, qui datedu VIIe si\u00e8cle, au moment de la     visite de touristes \u00e9trangers.     L&rsquo;\u00e9difice, un lieu de p\u00e8lerinage tr\u00e8s r\u00e9put\u00e9 pour tous les juifs du Maghreb,     avait \u00e9t\u00e9 presque enti\u00e8rement d\u00e9vast\u00e9 lors de l&rsquo;attentat, premi\u00e8re attaque     dans un pays arabe revendiqu\u00e9e par les islamistes d&rsquo;Al Qa\u00efda apr\u00e8s les     attentats du 11 septembre 2001 aux Etats-Unis.     Le juge Fethi Ben Youssef a confirm\u00e9 la peine inflig\u00e9e \u00e0 Belgacem Nawar, 45     ans, reconnu coupable en juin d&rsquo;avoir aid\u00e9 l&rsquo;auteur de l&rsquo;attentat contre la     synagogue \u00e0 pr\u00e9parer et \u00e0 commettre l&rsquo;attaque.      Reuters<\/div>\n<div align=\"justify\">\n<hr\/><\/div>\n<div align=\"center\"> <strong><\/p>\n<h2 style=\"color: red;\"><font size=\"3\">Tunisia upholds sentence against     bomber&rsquo;s uncle<\/font><\/h2>\n<p><\/strong><\/div>\n<div align=\"justify\">    Reuters, le 3 mars 2007 \u00e0 19h43     TUNIS, March 3 (Reuters) &#8211; Tunisia&rsquo;s Supreme Court upheld on Saturday a     20-year jail sentence against the uncle of a suicide bomber for his role in     the attack that killed 21 people, most of them German, court sources said.     Fourteen Germans, five Tunisians and two French were killed when the suicide     bomber rammed a tanker filled with cooking gas into a Jewish shrine in the     North African country in 2002.     The bombing on the southern island of Djerba, Tunisia&rsquo;s main tourist     destination, was the first attack claimed by al Qaeda in an Arab country     after the Sept. 11 attacks in the United States.     Judge Fethi Ben Youssef upheld the sentence against Belgacem Nawar, 45, for     helping the bomber carry out the attack, his lawyer Samir ben Amor said.     In June, a lower court convicted him for the same charges and condemned him     to 20 years in prison. He pleaded not guilty before both courts.     \u00ab\u00a0We are sure that he is innocent but we hope for presidential pardon,\u00a0\u00bb said     Ben Amor.          REUTERS<\/div>\n<div align=\"justify\">\n<hr\/><\/div>\n<div align=\"center\"> <strong><\/p>\n<h2 style=\"color: red;\"><font size=\"3\">Attentat de Djerba: jugement confirm\u00e9     pour le complice du kamikaze tunisien<\/font><\/h2>\n<p><\/strong><\/div>\n<div align=\"justify\">    AFP, le 3 mars 2007 \u00e0 19h20     TUNIS, 3 mars 2007 (AFP) &#8211; La cour de cassation de Tunis a confirm\u00e9 la     condamnation \u00e0 vingt ans de prison du complice tunisien de l&rsquo;auteur d&rsquo;un     attentat commis en 2002 contre une synagogue de Djerba (sud) qui avait fait     21 morts, a indiqu\u00e9 samedi son avocat \u00e0 l&rsquo;AFP.     \u00ab\u00a0Le pourvoi a \u00e9t\u00e9 rejet\u00e9 sur le fond et la peine confirm\u00e9e\u00a0\u00bb par la cour de     cassation, qui a statu\u00e9 vendredi, a-t-on confirm\u00e9 de source judiciaire.     Belgacem Nawar, 45 ans, a \u00e9t\u00e9 reconnu coupable de \u00ab\u00a0complicit\u00e9 d&rsquo;assassinat     avec pr\u00e9m\u00e9ditation\u00a0\u00bb avec son neveu Nizar Nawar, d\u00e9clar\u00e9 mort carbonis\u00e9 dans     un camion-citerne qu&rsquo;il avait fait exploser le 11 avril 2002 devant la     synagogue de la Ghriba, sur l&rsquo;\u00eele de Djerba.     Quatorze touristes allemands, cinq Tunisiens et deux Fran\u00e7ais avaient trouv\u00e9     la mort dans l&rsquo;attentat revendiqu\u00e9 alors par le r\u00e9seau terroriste Al-Qa\u00efda     d&rsquo;Oussama ben Laden.     Belgacem Nawar poursuivi aussi pour \u00ab\u00a0participation \u00e0 une association de     malfaiteurs\u00a0\u00bb et complicit\u00e9 pour \u00ab\u00a0d\u00e9tention et fabrication de mati\u00e8res     explosives\u00a0\u00bb avait \u00e9t\u00e9 condamn\u00e9 en juin 2006 par un tribunal de premi\u00e8re,     peine confirm\u00e9e en appel en d\u00e9cembre. Arr\u00eat\u00e9 au lendemain de l&rsquo;attaque et     incarc\u00e9r\u00e9 dans une prison de Tunis, il a ni\u00e9 les charges retenues contre lui,     affirmant tout ignorer des plans terroristes de son neveu. Cet artisan     carrossier \u00e9tait accus\u00e9 d&rsquo;avoir aid\u00e9 son neveu, Nizar Nawar \u00e0 installer une     citerne de gaz domestique sur le camion qu&rsquo;il avait fait exploser devant la     synagogue visit\u00e9e par de nombreux touristes.     Belgacem Nawar est l&rsquo;unique accus\u00e9 \u00e0 \u00eatre jug\u00e9 en Tunisie dans l&rsquo;affaire qui     a eu des ramifications en France, en Espagne et en Allemagne. Il a \u00e9t\u00e9     interrog\u00e9 par des magistrats allemands et entendu par le juge antiterroriste     fran\u00e7ais Jean-Louis Brugui\u00e8re, selon son avocat Me Samir Ben Amor.     AFP  <\/div>\n<div align=\"justify\">\n<hr\/><\/div>\n<div align=\"center\"> <strong><\/p>\n<h2 style=\"color: red;\"><font size=\"3\">La s\u00e9curit\u00e9 dans le domaine des     transports, une priorit\u00e9 des pays euro-m\u00e9diterran\u00e9ens<\/font><\/h2>\n<p><\/strong><\/div>\n<div align=\"justify\">    Associated Press, le 3 mars 2007 \u00e0 22h02     TUNIS (AP) &#8212; R\u00e9unis pendant deux jours \u00e0 Tunis, les ministres des     Transports des pays de la M\u00e9diterran\u00e9e Occidentale ont retenu la question de     la s\u00e9curit\u00e9 comme une priorit\u00e9 dans leur action, a d\u00e9clar\u00e9 vendredi soir la     ministre espagnole des Transports Magdalena Alvarez Arza.     La r\u00e9union, qui regroupait les ministres de cinq pays europ\u00e9ens ou leurs     repr\u00e9sentants (France, Italie, Espagne, Portugal et Malte) et des cinq pays     maghr\u00e9bins (Tunisie, Alg\u00e9rie, Maroc, Libye et Mauritanie), se tenait dans le     cadre informel du forum euro-m\u00e9diterran\u00e9en 5+5.     La repr\u00e9sentante de la commission europ\u00e9enne, Anna Panagopoulou, a appel\u00e9     pour sa part les pays sud-m\u00e9diterran\u00e9ens \u00e0 mettre en \u0153uvre des r\u00e9formes     politiques qui, selon elle, constitueraient une plate-forme favorable pour     le renforcement de la coop\u00e9ration euro-m\u00e9diterran\u00e9enne dans les autres     domaines.     Cette session a \u00e9t\u00e9, par ailleurs, marqu\u00e9e par l&rsquo;adoption \u00ab\u00a0pour la premi\u00e8re     fois\u00a0\u00bb d&rsquo;un protocole fixant les objectifs et les priorit\u00e9s de coop\u00e9ration     entre les pays membres pour les ann\u00e9es \u00e0 venir.     Parmi les projets figurant dans le plan d&rsquo;action du Groupe des ministres des     transports de la M\u00e9diterran\u00e9e Occidentale (GTMO), la ministre espagnole a     cit\u00e9 le projet de tunnel sous-marin reliant le Maroc et l&rsquo;Espagne. \u00ab\u00a0C&rsquo;est un     projet extr\u00eamement co\u00fbteux et nous avons besoin du financement de l&rsquo;Europe\u00a0\u00bb,     a-t-elle martel\u00e9.     Associated Press<\/div>\n<div align=\"justify\">\n<hr\/><\/div>\n<div align=\"center\"> <strong><\/p>\n<h2 style=\"color: red;\"><font size=\"3\">Washington ne demande pas de base     militaire en Alg\u00e9rie (ambassadeur)<\/font><\/h2>\n<p><\/strong><\/div>\n<div align=\"justify\">    AFP, le 5 mars 2007 \u00e0 11h01     ALGER, 5 mars 2007 (AFP) &#8211; Les Etats-Unis ne demandent pas \u00e0 \u00e9tablir une     base militaire en Alg\u00e9rie dans le cadre de la lutte contre le terrorisme au     Sahel et au Maghreb, a d\u00e9clar\u00e9 l&rsquo;ambassadeur am\u00e9ricain \u00e0 Alger, cit\u00e9 lundi     dans la presse.     \u00ab\u00a0A aucun moment nous n&rsquo;avons demand\u00e9 d&rsquo;\u00e9tablir une base militaire en Alg\u00e9rie     et nous ne le demandons pas\u00a0\u00bb, a d\u00e9clar\u00e9 l&rsquo;ambassadeur, Robert S. Ford,     soulignant qu&rsquo;il n&rsquo;avait \u00ab\u00a0jamais entendu des officiels (am\u00e9ricains) formuler     une telle demande\u00a0\u00bb, dans un entretien publi\u00e9 par le quotidien alg\u00e9rien     l&rsquo;Expression.     Le ministre alg\u00e9rien des Affaires \u00e9trang\u00e8res, Mohammed Bedjaoui, avait     d\u00e9clar\u00e9 samedi que l&rsquo;Alg\u00e9rie ne serait pas int\u00e9gr\u00e9e dans le commandement     r\u00e9gional Maghreb-Sahel que les Etats-Unis veulent \u00e9tablir au sud du Sahara     pour lutter contre le terrorisme.     \u00ab\u00a0Le territoire alg\u00e9rien n&rsquo;est pas concern\u00e9 par le commandement am\u00e9ricain     projet\u00e9. L&rsquo;Alg\u00e9rie n&rsquo;a jamais accept\u00e9 l&rsquo;installation de bases \u00e9trang\u00e8res sur     son sol, (qui seraient) incompatibles avec sa souverainet\u00e9 et son     ind\u00e9pendance\u00a0\u00bb, a d\u00e9clar\u00e9 le ministre alg\u00e9rien dans un entretien \u00e0 la radio     publique \u00ab\u00a0Alger-Cha\u00eene III\u00a0\u00bb. M. Bedjaoui avait par ailleurs soulign\u00e9 que     l&rsquo;Alg\u00e9rie \u00ab\u00a0m\u00e8ne avec les Etats-Unis une coop\u00e9ration f\u00e9conde, jug\u00e9e     profitable\u00a0\u00bb en mati\u00e8re de lutte contre le terrorisme.     \u00ab\u00a0Chaque fois que nous sollicitons les services de s\u00e9curit\u00e9 alg\u00e9riens, ils     sont l\u00e0 et nous fournissent la meilleure aide possible\u00a0\u00bb, a confirm\u00e9 M. Ford,     en qualifiant de \u00ab\u00a0tr\u00e8s bon le travail fourni par les services de s\u00e9curit\u00e9     alg\u00e9riens\u00a0\u00bb.     Les Etats-Unis avaient annonc\u00e9 le 6 f\u00e9vrier lors d&rsquo;une conf\u00e9rence \u00e0 Dakar,     plac\u00e9e sous l&rsquo;\u00e9gide du Partenariat trans-saharien (TSCTP), leur projet de     cr\u00e9ation d&rsquo;un commandement charg\u00e9 de l&rsquo;Afrique au Pentagone, afin de     pr\u00e9venir l&rsquo;implantation de groupes terroristes dans les zones     transfrontali\u00e8res au Sahara et au Maghreb.     AFP \u00a0<\/div>\n<div align=\"justify\">\n<hr\/><\/div>\n<div align=\"center\"> <strong><\/p>\n<h2 style=\"color: red;\"><font size=\"3\">Alg\u00e9rie &#8211; Sept policiers tu\u00e9s dans     une embuscade<\/font><\/h2>\n<p><\/strong><\/div>\n<div align=\"justify\">    Reuters, le 5 mars 2007 \u00e0 10h58     ALGER, 5 mars (Reuters) &#8211; Sept policiers ont \u00e9t\u00e9 tu\u00e9s en Alg\u00e9rie dans une     embuscade tendue par des islamistes pr\u00e9sum\u00e9s, rapportent lundi plusieurs     journaux alg\u00e9riens.     L&rsquo;attaque s&rsquo;est produite dimanche dans la province de Tizi Ouzou, \u00e0 une     centaine de kilom\u00e8tres \u00e0 l&rsquo;est d&rsquo;Alger. Les rebelles ont fait exploser des     bombes artisanales au passage de deux v\u00e9hicules de la police avant d&rsquo;ouvrir     le feu \u00e0 la mitrailleuse sur le convoi, \u00e9crivent El Watan, Le Soir d&rsquo;Alg\u00e9rie     et Le Quotidien d&rsquo;Oran.     Cinq policiers ont \u00e9t\u00e9 tu\u00e9s sur le coup; deux autres ont succomb\u00e9 \u00e0 leurs     blessures apr\u00e8s avoir \u00e9t\u00e9 hospitalis\u00e9s. El Watan pr\u00e9cise que deux     assaillants ont \u00e9t\u00e9 tu\u00e9s par les forces gouvernementales dans la fusillade     qui a suivi.     Le 13 f\u00e9vrier dernier, sept bombes avaient explos\u00e9 quasi simultan\u00e9ment dans     la m\u00eame province, tuant six personnes. Ces attentats avaient \u00e9t\u00e9 revendiqu\u00e9s     par l&rsquo;Organisation Al Qa\u00efda au Maghreb islamique, nouvelle appellation du     Groupe salafiste pour la pr\u00e9dication et le combat (GSPC).      REUTERS<\/div>\n<div align=\"justify\">\n<hr\/><\/div>\n<div align=\"center\"> <strong><\/p>\n<h3 style=\"color: blue;\"><font size=\"3\">Alg\u00e9rie: sept gendarmes tu\u00e9s dans une     attaque islamiste en Kabylie (nouveau bilan)<\/font><\/h3>\n<p><\/strong><\/div>\n<div align=\"justify\">    AFP, le 5 mars 2007 \u00e0 09h42     ALGER, 5 mars 2007 (AFP) &#8211; Deux gendarmes, bless\u00e9s dans l&rsquo;attaque de leur     barrage dimanche en Kabylie (est d&rsquo;Alger), ont succomb\u00e9 \u00e0 leurs blessures     portant le bilan \u00e0 sept morts parmi les gendarmes, rapportent lundi des     journaux alg\u00e9riens. L&rsquo;attaque a eu lieu dimanche en fin d&rsquo;apr\u00e8s-midi \u00e0     Takhoukht sur la route menant de Beni Yenni \u00e0 Tizi Ouzou (Kabylie, 110 km \u00e0     l&rsquo;est d&rsquo;Alger).     Outre les sept morts, on compte un gendarme bless\u00e9, dont la gravit\u00e9 des     blessures n&rsquo;est pas indiqu\u00e9e, selon les m\u00eames sources. Un premier bilan     faisait \u00e9tat, dimanche soir, de cinq morts et deux bless\u00e9s.     Les gendarmes ont \u00e9t\u00e9 surpris pendant la rel\u00e8ve d&rsquo;un barrage routier par un     groupe arm\u00e9 embusqu\u00e9 des deux c\u00f4t\u00e9s de la chauss\u00e9e qui a les a pris sous un     feu intense, selon ces sources. Leurs trois v\u00e9hicules ont \u00e9t\u00e9 incendi\u00e9s \u00e0     l&rsquo;issue de l&rsquo;attaque.     Durant le week-end deux attaques islamistes s\u00e9par\u00e9es en Kabylie et une autre     dans la r\u00e9gion d&rsquo;A\u00efn Defla (sud d&rsquo;Alger) ont fait au total 11 morts dont un     Russe selon le dernier bilan.     AFP<\/div>\n<div align=\"justify\">\n<hr\/><\/div>\n<div align=\"center\"> <strong><\/p>\n<h3 style=\"color: blue;\"><font size=\"3\">Tunisie : Ouvrir un d\u00e9bat sur les     cr\u00e9ances class\u00e9es !<\/font><\/h3>\n<p><\/strong> <\/p>\n<div align=\"justify\"> <strong><font>par : K. Boumiza<\/font><\/strong> <\/div>\n<div align=\"justify\">             En Tunisie, les ressources du syst\u00e8me bancaire sont g\u00e9n\u00e9ralement \u00e9valu\u00e9es       \u00e0 quelque 20 milliards DT. Ces ressources proviennent \u00e0 80 % des d\u00e9p\u00f4ts, \u00e0       vue et \u00e0 terme de la client\u00e8le et de l&rsquo;\u00e9pargne. Ceci repr\u00e9sente quelque       16,7 milliards DT. C&rsquo;est cet argent, celui des d\u00e9posants et des \u00e9pargnants,       qui fait travailler les banques. C&rsquo;est cet argent qui est donn\u00e9 en cr\u00e9dits,       aux particuliers et aux entreprises et c&rsquo;est lui aussi qui g\u00e9n\u00e8re les       int\u00e9r\u00eats qui font vivre les banques. On souligne, encore une fois, que les       banques ne cr\u00e9ent pas leur propre argent, elles recyclent celui de       \u00abMonsieur Tout le Monde\u00bb, dans les diff\u00e9rents rouages de l&rsquo;\u00e9conomie !    <\/div>\n<div align=\"justify\">             En face, il y a des entreprises et des hommes d&rsquo;affaires. Ceux-ci prennent       cr\u00e9dit et investissent. Il y en a bien s\u00fbr ceux qui remboursent et il y en       a aussi, malheureusement, ceux qui ne remboursent pas. Ils utilisent pour       cela les diff\u00e9rentes failles d&rsquo;un syst\u00e8me financier qui n&rsquo;a trouv\u00e9 que la       parade du provisionnement pour ne pas trop avoir \u00e0 revendiquer l&rsquo;argent       des d\u00e9posants et des \u00e9pargnants. R\u00e9sultat des courses, certes au bout d&rsquo;un       grand nombre d&rsquo;ann\u00e9es, un chiffre jamais officialis\u00e9 de quelque 5       milliards DT de dettes classe 4 et 5, des dettes carbonis\u00e9es ! Cela n&rsquo;est       plus un secret pour personne. Un chiffre dont on connait pourtant peu de       d\u00e9tails et une liste d&rsquo;endett\u00e9s qui est gard\u00e9e comme un secret d&rsquo;Etat.    <\/div>\n<div align=\"justify\">             Qui sont-ils ? Qui rembourse et qui ne veut pas rembourser ? Qui a arr\u00eat\u00e9       et pourquoi de rembourser ? Qui n&rsquo;a que des engagements bancaires et qui       n&rsquo;a que des dettes et n&rsquo;a plus d&rsquo;engagements productifs ? C&rsquo;est pourtant       de l&rsquo;argent des d\u00e9posants et des \u00e9pargnants qu&rsquo;il s&rsquo;agit et non de       l&rsquo;argent des banques, ni de l&rsquo;\u00e9tranger !        Il y a quelques ann\u00e9es, cette fameuse liste des \u00abengag\u00e9s \u00bb et des endett\u00e9s,       avait par m\u00e9garde circul\u00e9. La lev\u00e9e de bouclier avait \u00e9t\u00e9 tellement \u00abgronde\u00bb       que cette liste \u00e9tait devenue une r\u00e9f\u00e9rence, mais que personne n&rsquo;a jamais       pu mettre \u00e0 jour !    <\/div>\n<div align=\"justify\">             Elle avait pourtant donn\u00e9 un certain \u00e9claircissement (directement et       indirectement) sur le paysage des affaires en Tunisie, sur les grands       groupes, les bons investissements et les moins bons, certes en comparaison       avec tout ce qu&rsquo;on entend dire en dehors de la sph\u00e8re financi\u00e8res, de ceux       qui font de bonnes ou de mauvaises affaires et de l&rsquo;issue (heureuse ou       malheureuse) de leurs affaires.        Ce qu&rsquo;on dit l\u00e0 peut sembler inappropri\u00e9 et m\u00eame du domaine du blasph\u00e8me       pour un banquier, que divulguer ou m\u00eame de parler simplement de la liste       de ses d\u00e9biteurs ! Mais cela n&rsquo;est pas tout aussi d\u00e9raisonnable qu&rsquo;il y       para\u00eet.    <\/div>\n<div align=\"justify\">             Nous somme en effet dans une \u00e9conomie \u00e9mergente et dans un syst\u00e8me       financier dont presque le un cinqui\u00e8me est fait de cr\u00e9ances class\u00e9es. Un       syst\u00e8me financier qui cicatrise peu \u00e0 peu cette plaie des cr\u00e9ances       accroch\u00e9es. Et pour ne pas qu&rsquo;il soit oblig\u00e9 de recourir, pour se soigner,       \u00e0 des m\u00e9dicaments \u00e9trangers, ce syst\u00e8me financier doit \u00eatre transparent et       savoir mettre en confiance les d\u00e9posants, les \u00e9pargnants, les       investisseurs en bourse et cet actionnaire qui ne voit pas encore la fin       de la consigne de non paiement de dividende. Cette mise en confiance passe       immanquablement par la communication, car c&rsquo;est cette derni\u00e8re qui rendra       certaines prises de d\u00e9cisions, judiciaires surtout, n\u00e9cessaires et moins       difficiles pour toutes les parties.    <\/div>\n<div align=\"justify\">             C&rsquo;est parce qu&rsquo;on ne parle pas encore publiquement de cette maladie des       impay\u00e9s et des cr\u00e9ances accroch\u00e9es, qu&rsquo;on n&rsquo;arrivera pas \u00e0 lui trouver les       rem\u00e8des idoines ! C&rsquo;est parce qu&rsquo;on n&rsquo;en parle pas publiquement, que les       solutions se font toujours en cachette et ne donnent jamais de bons       r\u00e9sultats ! C&rsquo;est aussi parce que cette question de dettes accroch\u00e9es n&rsquo;a       jamais fait l&rsquo;objet ni d&rsquo;un d\u00e9bat public, ni parlementaire ou encore moins       d&rsquo;une enqu\u00eate publi\u00e9e de la Cour des Comptes ou des structures apparent\u00e9es,       que chaque cas trait\u00e9 (et obligatoirement divulgu\u00e9, car il faut bien en       parler aux derniers concern\u00e9s), est un cas qui finit dans la douleur, un       cas qui est mal v\u00e9cu, mal compris et mal interpr\u00e9t\u00e9 par tous !    <\/div>\n<div align=\"justify\">             La Banque Centrale de Tunisie pourrait ouvrir la voie en consacrant au       moins un chapitre, fusse-t-il petit, de son rapport annuel \u00e0 cette       question. Elle doit certes \u00e0 tout le monde cette fameuse liste des mauvais       cr\u00e9anciers. Mais elle ne le fera pas. Elle pourrait au moins commencer par       en parler dans son rapport et ouvrir la porte \u00e0 un d\u00e9bat sur cette       question qui concerne l&rsquo;argent des d\u00e9posants et des \u00e9pargnants ! Qui       d&rsquo;autre peut le faire, si ce n&rsquo;est cette v\u00e9n\u00e9rable institution qu&rsquo;on       appelle aussi l&rsquo;autorit\u00e9 de contr\u00f4le !<\/div>\n<div align=\"justify\"> <strong><font>(Source : African Mananager (portail \u2013       Tunis), le 5 mars 2007)<\/font><\/strong>       Lien: http:\/\/www.africanmanager.com\/articles\/113080.html \u00a0<\/div>\n<div align=\"justify\">\n<hr\/><\/div>\n<div align=\"center\"> <strong><\/p>\n<h3 style=\"color: blue;\"><font size=\"3\">Tunisie : Arr\u00eatez cette gabegie       Monsieur le Pr\u00e9sident !<\/font><\/h3>\n<p><\/strong> <\/div>\n<div align=\"justify\">             par : A.M.        Cela ne va pas plaire \u00e0 beaucoup de monde, mais cela devient une vitale       n\u00e9cessit\u00e9 ! Il y a quelques temps, une d\u00e9cision pr\u00e9sidentielle mettait fin       au travail (il est vrai fait d&rsquo;une mani\u00e8re trop excessive et beaucoup       d&rsquo;exc\u00e8s de z\u00e8le) d&rsquo;un priv\u00e9 charg\u00e9 de faire respecter les stationnements       dans la zone bleue du centre de la ville de Tunis. Fini donc, au bonheur       des automobilistes, les contraventions et les voitures tra\u00een\u00e9es ou       tract\u00e9es pour 29 DT la voiture !    <\/div>\n<div align=\"justify\">             Depuis, trop malheureusement cependant, les exc\u00e8s du citoyen automobiliste       et des entreprises commerciales, ont pris le dessus et d\u00e9pass\u00e9 de loin les       exc\u00e8s de l&rsquo;entreprise en charge de la zone bleue. C&rsquo;est ainsi que la zone       de La Fayette \u00e0 Tunis, devient ex\u00e9crablement circulable, abandonn\u00e9e, par       les agents de l&rsquo;ordre et des municipalit\u00e9s, aux automobilistes qui se       garent d\u00e9sormais des deux c\u00f4t\u00e9s d&rsquo;avenues (Palestine et Libert\u00e9) d\u00e9j\u00e0       \u00e9troites pour une circulation fluide et plus \u00e9conomique dans la capitale,       sur les trottoirs, devant les abris bus et stationnement des bus. On ne       parlera pas des camions de livraison pour le super Champion qui n&rsquo;en font       (avec la complicit\u00e9 de la grande surface bien s\u00fbr) qu&rsquo;\u00e0 leur t\u00eate et       livrent \u00e0 tout moment de la journ\u00e9e, sans aucun respect des horaires fix\u00e9s       par la municipalit\u00e9 (d&rsquo;ailleurs compl\u00e8tement absente \u00e0 ce sujet et qui       semble avoir jet\u00e9 l&rsquo;\u00e9ponge). Cette d\u00e9mission de toutes les autorit\u00e9s dans       une zone n\u00e9vralgique comme La Fayette est-elle volontaire ? Quel sens lui       donner alors ? Voudrait-elle pousser \u00e0 demander le retour des engins ?    <\/div>\n<div align=\"justify\">             D&rsquo;ailleurs cette gabegie n&rsquo;est propre \u00e0 La Fayette. Allez voir du c\u00f4t\u00e9 de       l&rsquo;avenue de la libert\u00e9 et sur les parterres centraux de diff\u00e9rents autres       endroits de la capitale, comme Ennasser, Ariana et ailleurs \u00e0 Tunis, qui       sont devenus des endroits d&rsquo;exposition de voitures \u00e0 vendre (les plaques       qui y sont accroch\u00e9es font foi) ! Cette d\u00e9mission des municipalit\u00e9s et des       agents de la circulation nous pousse donc \u00e0 demander une \u2026intervention       pr\u00e9sidentielle pour mettre fin \u00e0 cette gabegie et \u00e0 remettre de l&rsquo;ordre       dans la circulation de la capitale !    <\/div>\n<div align=\"justify\"> <strong><font>(Source : African Mananager (portail \u2013       Tunis), le 5 mars 2007)<\/font><\/strong>       Lien:      <a href=\"http:\/\/www.africanmanager.com\/site_fr\/detail_article.php?art_id=113070#Scene_1\" target=\"_blank\" rel=\"noopener\">      http:\/\/www.africanmanager.com\/site_fr\/detail_article.php?art_id=113070#Scene_1<\/a> \u00a0<\/div>\n<\/p><\/div>\n<div>\n<hr\/><\/div>\n<div>\n<p> <span lang=\"FR\"><font size=\"3\">\u00a0<\/font><\/span><\/p>\n<p align=\"center\"> <span lang=\"FR\"><font size=\"3\">Le     Temps du Monde<\/font><\/span><\/p>\n<p align=\"center\"> <b><span lang=\"FR\"><font size=\"3\">    Pr\u00e9sidentielle fran\u00e7aise\u00a0(1\/2):<\/font><\/span><\/b><\/p>\n<p align=\"center\"> <font size=\"3\"><b><span lang=\"FR\">    Sarkozy et\u2026 <i>nous<\/i> <\/span><\/b><\/font><\/p>\n<p><b> <span lang=\"FR\">    Imed Bahri<\/span><\/b><\/p>\n<p><b> <span lang=\"FR\">\u00a0<\/span><\/b><\/p>\n<p> <span lang=\"FR\">Pour nous autres     Sud-M\u00e9diterran\u00e9ens, c\u2019est-\u00e0-dire Tunisiens, Maghr\u00e9bins, Arabes, Africains,     Musulmans ou, plus largement encore, habitants des pays en d\u00e9veloppement, le     changement annonc\u00e9 \u00e0 la t\u00eate de l\u2019ex\u00e9cutif fran\u00e7ais<b> <\/b>ne saurait nous     laisser indiff\u00e9rents. Pour plusieurs raisons. Un: le\u00a0 pr\u00e9sident en France a     de larges pr\u00e9rogatives en politique \u00e9trang\u00e8re et un r\u00f4le important sur la     sc\u00e8ne internationale. Deux: la France est pour la plupart de nos pays un     partenaire incontournable. Trois: nous consid\u00e9rons le pays de Charles de     Gaule, Georges Pompidou, Val\u00e9ry Giscard d\u2019Estaing, Fran\u00e7ois Mitterrand et     Jacques Chirac, comme une puissance qui compte dans le monde d\u2019aujourd\u2019hui,     d\u2019autant qu\u2019elle est adoss\u00e9e \u00e0 une Union europ\u00e9enne dont on esp\u00e8re qu\u2019elle     sera capable de constituer bient\u00f4t un contrepoids \u00e0 l\u2019hyper-puissance     am\u00e9ricaine. Quatri\u00e8me raison, et pas des moindres: une importante communaut\u00e9     d\u2019Arabo-africains et de Musulmans vit en France, qui compte plusieurs     millions binationaux, de travailleurs immigr\u00e9s et d\u2019\u00e9tudiants. <\/span><\/p>\n<p> <span lang=\"FR\">Pour toutes ces     raisons, la campagne pour l\u2019\u00e9lection pr\u00e9sidentielle qui bat actuellement son     plein dans l\u2019Hexagone nous interpelle. Et tout ce que disent les deux     principaux favoris, \u00e0 savoir Nicolas Sarkozy, candidat de l\u2019Union pour un     mouvement populaire (UMP, droite lib\u00e9rale), et S\u00e9gol\u00e8ne Royal (candidate du     Parti socialiste, gauche), sur l\u2019immigration, les musulmans, le conflit     isra\u00e9lo-palestinien, la coop\u00e9ration avec les pays du sud et l\u2019aide au     d\u00e9veloppement, entre autres ne nos sujets de pr\u00e9occupation, retient notre     attention, parce qu\u2019il nous informe sur les changements qui pourraient     intervenir dans la politique \u00e9trang\u00e8re fran\u00e7aise, ses orientations futures     et la place que nous \u2013 et nos int\u00e9r\u00eats vitaux \u2013 pourrions y occuper. <\/span> <\/p>\n<p> <span lang=\"FR\">Pour aider les     lecteurs \u00e0 se faire une id\u00e9e sur les programmes politiques des deux     principaux candidats, dont on suppose qu\u2019ils seront au second tour de     l\u2019\u00e9lection pr\u00e9sidentielle et que l\u2019un d\u2019eux sera le prochain pr\u00e9sident de la     France, nous allons passer au peigne fin leurs positions respectives sur les     sujets qui nous pr\u00e9occupent, qu\u2019elles aient \u00e9t\u00e9 exprim\u00e9es ouvertement \u2013 et     les candidats \u00e0 la pr\u00e9sidence sont rarement avares en promesses et annonces     \u2013 ou seulement trahies par leurs faits et gestes, pass\u00e9s ou actuels. A tout     seigneur tout honneur, nous commencerons, dans ce premier article, par celui     que la plupart des sondages donnent comme le favori: Sarkozy. <\/span><\/p>\n<p> <span lang=\"FR\">\u00a0<\/span><\/p>\n<p><b><u> <span lang=\"FR\">Une \u00abgarde     maghr\u00e9bine\u00bb\u2026 pour la parade<\/span><\/u><\/b><\/p>\n<p> <span lang=\"FR\">Qu\u2019elles     s\u2019inscrivent dans le cadre des relations bilat\u00e9rales ou dans celui d\u2019un     approfondissement du processus de Barcelone (Partenariat EuroMed), les     relations de la France avec les pays du Maghreb sont l\u2019un des th\u00e8mes majeurs     de la pr\u00e9sidentielle fran\u00e7aise. Elles sont autant importantes pour les     Maghr\u00e9bins que pour les Fran\u00e7ais, car c\u2019est au Maghreb que la France signe     ses meilleures performances en Afrique. Plus de 25 000 de ses entreprises     commercent et exportent vers les pays de l\u2019UMA. Le Maroc, second partenaire     africain de la France, apr\u00e8s l\u2019Afrique du Sud, compte 1200 filiales     d\u2019entreprises fran\u00e7aises implant\u00e9es sur son territoire, qui d\u00e9gagent plus de     6 milliards d\u2019euros de chiffre d\u2019affaires par an. Troisi\u00e8me partenaire     africain de la France, notre pays accueille 1\u00a0100 entreprises fran\u00e7aises ou     \u00e0 participation fran\u00e7aise, qui emploient plus de 100\u00a0000 personnes, avec une     forte concentration dans le secteur industriel. En 2006, les \u00e9changes     bilat\u00e9raux tuniso-fran\u00e7ais se sont \u00e9lev\u00e9s \u00e0 6,1 milliards d\u2019euros. En     Alg\u00e9rie, 180 filiales fran\u00e7aises op\u00e8rent, et l\u2019ancienne puissance coloniale     reste le premier fournisseur pour un montant d\u2019investissement direct     \u00e9tranger (IDE) \u00e9valu\u00e9 \u00e0 34 millions d\u2019euros en 2005. Bien qu\u2019ils soient     encore peu organis\u00e9s politiquement, les Fran\u00e7ais d\u2019origine maghr\u00e9bine,     constituent, par ailleurs, une minorit\u00e9 qui aura un poids \u00e9lectoral non     n\u00e9gligeable dans une consultation que l\u2019on annonce serr\u00e9e. <\/span><\/p>\n<p> <span lang=\"FR\">C\u2019est ce qui a     pouss\u00e9 Sarkozy \u00e0 s\u2019entourer de nombreux conseillers d\u2019origine maghr\u00e9bine.     Comme Rachida Dati, Abderahmane Dahmane ou Ahmed Gu\u00e9nad, qui constituent une     caution aux Beurs et aux Fran\u00e7ais d\u2019origine \u00e9trang\u00e8re que le ministre de     l\u2019Int\u00e9rieur avait insult\u00e9, lors des \u00e9meutes des banlieues en 2005, en les     qualifiant de \u00abracaille\u00bb, \u00e0 nettoyer \u00abau karcher\u00bb et qu\u2019il cherche     aujourd\u2019hui \u00e0 s\u00e9duire. <\/span><\/p>\n<p> <span lang=\"FR\">Les membres du     \u00abPool-Maghreb\u00bb sont aussi charg\u00e9s de faire revivre, au b\u00e9n\u00e9fice de Sarkozy,     les r\u00e9seaux France-Maghreb en Alg\u00e9rie, au Maroc et, \u00e0 un degr\u00e9 moindre, en     Tunisie. Ce sont eux qui ont organis\u00e9 les deux r\u00e9centes visites du ministre     de l\u2019Int\u00e9rieur, au Maroc et en Alg\u00e9rie, o\u00f9 il a \u00e9t\u00e9 re\u00e7u par le roi Hassan     II, en juillet, et le pr\u00e9sident Abdelaziz Bouteflika, en novembre. <\/span> <\/p>\n<p> <span lang=\"FR\">A Alger, le     ministre de l\u2019Int\u00e9rieur a annonc\u00e9 l\u2019all\u00e9gement de la proc\u00e9dure pour     l\u2019obtention de visas. En fait, il a pr\u00e9sent\u00e9 une simple mesure de     r\u00e9ajustement \u2013 la mise en conformit\u00e9 des proc\u00e9dures de d\u00e9livrance des visas     avec le Maroc et la Tunisie, sans plus \u2013 comme \u00e9tant une grosse concession     fran\u00e7aise. Il a aussi annonc\u00e9 le renforcement de la coop\u00e9ration     franco-maghr\u00e9bine dans la lutte antiterroriste. Le Fran\u00e7ais compte beaucoup     sur cette coop\u00e9ration pour \u00e9viter une crise s\u00e9curitaire grave en pleine     campagne pr\u00e9sidentielle. <\/span><\/p>\n<p> <span lang=\"FR\">En effet, avec     les menaces r\u00e9currentes du Groupe salafiste pour la pr\u00e9dication et le combat     (GSPC) contre la France, Sarkozy a de bonnes raisons de craindre un passage     \u00e0 l\u2019acte sous forme d\u2019attentats antifran\u00e7ais au Maghreb ou en France qui     risqueraient de remettre l\u2019enjeu antiterroriste au c\u0153ur de la campagne     pr\u00e9sidentielle, avec des cons\u00e9quences impr\u00e9visibles. En fait, le candidat de     la droite craint une r\u00e9p\u00e9tition du sc\u00e9nario qui a permis au socialiste     Zapatero de se faire \u00e9lire en Espagne au lendemain de l\u2019attentat de Madrid.      \u00a0<\/span><\/p>\n<p><b><u> <span lang=\"FR\">Le grand ami     d\u2019Isra\u00ebl <\/span><\/u><\/b><\/p>\n<p> <span lang=\"FR\">Malgr\u00e9 les     apports pr\u00e9cieux de sa \u00abgarde maghr\u00e9bine\u00bb, Sarkozy ne parvient pas \u00e0 faire     tomber les r\u00e9serves qu\u2019il inspire aux Beurs et aux Maghr\u00e9bins, ainsi qu\u2019\u00e0     leurs proches au sud de la M\u00e9diterran\u00e9e. Et pour cause: Sarkozy p\u00e2tit de la     perte de cr\u00e9dibilit\u00e9 de la droite fran\u00e7aise au Maghreb, surtout des prises     de position du pr\u00e9sident Jacques Chirac et du Quai d\u2019Orsay sur certaines     questions sensibles. Il p\u00e2tit aussi de certaines de ses positions     personnelles, notamment\u00a0son opposition \u00e0 l\u2019adh\u00e9sion de la Turquie \u00e0 l\u2019Union     europ\u00e9enne (UE), dont il esp\u00e8re qu\u2019elle lui rallie une partie de l\u2019extr\u00eame     droite lep\u00e9niste, qui rejette toute concession \u00e0 la Turquie, aux pays du     Maghreb ou aux pays musulmans en g\u00e9n\u00e9ral. <\/span><\/p>\n<p> <span lang=\"FR\">Les incessantes     concessions de Sarkozy au lobby juif sur la question     palestinienne\u00a0produisent le m\u00eame effet aupr\u00e8s de l\u2019\u00e9lectorat Beurs ou     originaire du monde arabo-musulman. Alors qu\u2019il a effectu\u00e9 plusieurs voyages     en Isra\u00ebl, le chef de l\u2019UMP ne s\u2019est jamais rendu dans les territoires     palestiniens\u00a0: un oubli lourd de sens. En apportant son soutien \u00e0 Isra\u00ebl en     pleine guerre contre le Liban, l\u2019\u00e9t\u00e9 dernier, Sarkozy n\u2019a pas manqu\u00e9 de     m\u00e9contenter les 50 000 Franco-Libanais que compte l\u2019Hexagone et dont     beaucoup ont d\u00e9clar\u00e9 qu\u2019ils ne voteront pas pour lui. <\/span><\/p>\n<p> <span lang=\"FR\">On sait aussi     que Pierre Lellouche, le d\u00e9put\u00e9 UMP de Paris et Pr\u00e9sident de l\u2019Association     d\u2019amiti\u00e9 France-Isra\u00ebl, est son principal conseiller des affaires     \u00e9trang\u00e8res. L\u2019avocat Arno Klarsfeld, un Franco-isra\u00e9lien qui a servi une     ann\u00e9e enti\u00e8re dans l\u2019arm\u00e9e de l\u2019Etat h\u00e9breu, compte aussi parmi les \u00e9l\u00e9ments     les plus influents de son entourage. De nombreux intellectuels r\u00e9put\u00e9s pour     leurs positions pro-isra\u00e9liennes \u2013 ou anti-arabes et anti-musulmanes \u2013,     comme Bernard-Henri L\u00e9vy, Alain Finkielkraut, Andr\u00e9 Glucksmann et autres     Pascal Bruckner roulent ouvertement pour lui. <\/span><\/p>\n<p><i> <span lang=\"FR\">Last but not     least, <\/span><\/i> <span lang=\"FR\">L\u2019Union des     patrons et professionnels juifs de France (UPJF), une association     communautaire fran\u00e7aise plus connue pour son lobbying pour Isra\u00ebl que pour     son activisme en faveur de la libre entreprise, lui a d\u00e9cern\u00e9, le 30 mars     2006, le prix de l\u2019homme politique de l\u2019ann\u00e9e 2005 lors de son d\u00eener de gala     annuel. La c\u00e9r\u00e9monie avait \u00e9t\u00e9 marqu\u00e9e par le discours v\u00e9ritablement     apocalyptique du pr\u00e9sident de l\u2019UPJF, Claude Barouch, qui a \u00e9voqu\u00e9 pour les     Fran\u00e7ais de confession juive la n\u00e9cessit\u00e9 d\u2019\u00abun combat vital pour emp\u00eacher,     une fois de plus, d\u2019\u00eatre rel\u00e9gu\u00e9 au rang de \u2018\u2018dhimmi\u2019\u2019\u00bb (sic\u00a0!) en France,     c\u2019est-\u00e0-dire de minorit\u00e9 religieuse dans un pays islamique. Lors de la m\u00eame     c\u00e9r\u00e9monie, le ministre de l\u2019Int\u00e9rieur a \u00e9t\u00e9 salu\u00e9 comme celui qui \u00absaura     sans doute redonner une nouvelle dynamique aux relations d\u2019amiti\u00e9s solides     qui lient Paris, Washington et J\u00e9rusalem\u00bb. On l\u2019a compris,    <span>Sarkozy est le grand favori des Isra\u00e9liens et il     a le soutien de nombreux responsables institutionnels de la communaut\u00e9 juive     fran\u00e7aise. <\/span><\/span><\/p>\n<p> <span lang=\"FR\">Les d\u00e9clarations     tonitruantes de Sarkozy sur l\u2019immigration et, surtout, sur les immigr\u00e9s de     confession musulmane, n\u2019ont pas aid\u00e9 \u00e0 redorer l\u2019image vaguement n\u00e9gative de     Sarkozy parmi les \u00e9lecteurs d\u2019origine \u00e9trang\u00e8re. Au contraire\u2026<\/span><\/p>\n<p> <span lang=\"FR\">Ainsi, le 21     octobre dernier, le ministre de l\u2019Int\u00e9rieur a commis une \u00e9ni\u00e8me b\u00e9vue \u2013 qui     n\u2019en est peut-\u00eatre pas une, tant ses sorties sont souvent politiquement     calcul\u00e9es \u2013 \u00e0 l\u2019\u00e9gard des musulmans. Evoquant l\u2019affaire des bagagistes     musulmans de Roissy qui se seraient vus retirer leur badge d\u2019acc\u00e8s du fait     de leur religion, il n\u2019a pas h\u00e9sit\u00e9 \u00e0 justifier ces mesures vexatoires: \u00abIl     y a 43 personnes \u00e0 qui nous avons retir\u00e9 l\u2019habilitation. Il n\u2019y avait l\u00e0     aucun d\u00e9lit de sale gueule. Il y avait des \u00e9l\u00e9ments pr\u00e9cis qui nous     amenaient \u00e0 leur interdire l\u2019entr\u00e9e sur la surface d\u2019un a\u00e9roport\u00bb, a-t-il     dit. Sarkozy, qui s\u2019exprimait lors d\u2019un d\u00e9bat, dans le cadre de la 15<sup>\u00e8me<\/sup>     \u00e9dition de la Cit\u00e9 de la R\u00e9ussite \u00e0 la Sorbonne, a soulign\u00e9 qu\u2019il \u00e9tait de     son \u00abdevoir\u00bb de veiller \u00e0 ce que les personnes qui ont acc\u00e8s aux pistes de     d\u00e9collage et d\u2019atterrissage \u00abn\u2019aient ni de pr\u00e8s ni de loin de liens avec des     groupes extr\u00e9mistes\u00bb. <\/span><\/p>\n<p><b><u> <span lang=\"FR\">    \u00a0<\/span><\/u><\/b><\/p>\n<p><b><u> <span lang=\"FR\">\u00abLa France, on     l\u2019aime ou on la quitte\u00bb<\/span><\/u><\/b><\/p>\n<p> <span lang=\"FR\">Cette position,     qui illustre toute l\u2019ambigu\u00eft\u00e9 du personnage, a laiss\u00e9 perplexe beaucoup de     Beurs et m\u00eame des Fran\u00e7ais de souche. Car, dans un Etat de droit, les     institutions ne fonctionnent pas habituellement sur le mode de la     pr\u00e9somption de culpabilit\u00e9. La position de Sarkozy n\u2019a pas manqu\u00e9 de donner     cr\u00e9dit \u00e0 la th\u00e8se d\u00e9fendue par ses critiques les plus virulents selon     laquelle ce dernier cultiverait le \u00abracisme ordinaire\u00bb des Fran\u00e7ais pour     arriver \u00e0 ses fins \u00e9lectorales. <\/span><\/p>\n<p> <span lang=\"FR\">Avec son parler     franc, qui choque et suscite la pol\u00e9mique, le candidat de l\u2019UMP cherche, en     effet, \u00e0 distiller des messages constants aupr\u00e8s de ses \u00e9lecteurs cibles:     ici ceux de l\u2019extr\u00eame droite x\u00e9nophobe ou ceux de la communaut\u00e9 juive     pro-isra\u00e9lienne, paradoxalement unis par une m\u00eame haine pour les Arabes, les     Musulmans et les immigr\u00e9s en g\u00e9n\u00e9ral.<\/span><\/p>\n<p> <span lang=\"FR\">Lors de     l\u2019\u00e9mission de TF, \u00ab100 questions \u00e0 Sarkozy\u00bb, le 5 f\u00e9vrier dernier, Sarkozy a     eu ce vif \u00e9change avec un interlocuteur, J\u00e9r\u00f4me Monod, qui l\u2019a accus\u00e9 de se     servir \u00abdes id\u00e9es racistes pour arriver \u00e0 (ses) fins\u00bb avec son slogan \u00abLa     France, on l\u2019aime ou on la quitte\u00bb. \u00abJe n\u2019ai jamais \u00e9t\u00e9 raciste\u00bb, s\u2019est-il     d\u00e9fendu, tout en r\u00e9affirmant sa volont\u00e9 de parler aux \u00e9lecteurs du Front     national. \u00abJe suis le premier homme politique de droite \u00e0 dire qu\u2019il faut     une immigration choisie. Mais je dis aussi une chose avec la plus grande     force: personne n\u2019est oblig\u00e9e d\u2019habiter en France. Et quand on aime la     France, on la respecte\u00bb, a-t-il ajout\u00e9. Et d\u2019insister: \u00abOn respecte ses     r\u00e8gles, c\u2019est-\u00e0-dire qu\u2019on n\u2019est pas polygame, on ne pratique pas l\u2019excision     sur ses filles, on n\u2019\u00e9gorge pas le mouton dans son appartement et respecte     les r\u00e8gles r\u00e9publicaines\u00bb. <\/span><\/p>\n<p> <span lang=\"FR\">Ces phrases     n\u2019ont pas manqu\u00e9 de choquer une jeune Franco-alg\u00e9rienne de Lille, Hayate     Adjadj, et, \u00e0 travers elle, des millions de t\u00e9l\u00e9spectateurs au nord et au     sud de la M\u00e9diterran\u00e9e. La jeune Lilloise a lanc\u00e9 au ministre de     l\u2019Int\u00e9rieur: \u00abLes propos que vous venez de tenir sur les moutons ce sont des     propos racistes. Il y a des r\u00e9glementations, il y a des abattoirs, on est     civilis\u00e9s\u00bb. Avant d\u2019ajouter: \u00abC\u2019est honteux, je suis d\u2019origine alg\u00e9rienne et     je suis musulmane et je me sens insult\u00e9e, compl\u00e8tement\u00bb. R\u00e9ponse du     ministre-candidat: \u00abVous avez tort. D\u2019abord pour moi, les Musulmans sont des     Fran\u00e7ais (&#8230;) Nous avons le droit, nous les Fran\u00e7ais, de dire pour notre     pays, comme les Am\u00e9ricains le disent pour le leur, comme les Espagnols le     disent pour le leur, qui est le bienvenu sur notre territoire, qui n\u2019est pas     le bienvenu\u00bb. <\/span><\/p>\n<p> <span lang=\"FR\">Pendant quelques     instants, les t\u00e9l\u00e9spectateurs ont cru entendre Jean-Marie Le Pen, le leader     du Front national, ou l\u2019autre islamophobe attitr\u00e9 et candidat \u00e0 la     pr\u00e9sidence Philippe de Villiers\u2026<\/span><\/p>\n<p><b><u> <span lang=\"FR\">    \u00a0<\/span><\/u><\/b><\/p>\n<p><b><u> <span lang=\"FR\">Un homme \u00abqui     n\u2019aime pas beaucoup les musulmans\u00bb<\/span><\/u><\/b><\/p>\n<p> <span lang=\"FR\">Dans un discours     \u00e0 Toulon, deux jours plus tard, Sarkozy est revenu \u00e0 la charge, comme pour     bien enfoncer le clou. \u00ab\u00c7a ne peut plus durer la France qu\u2019on regarde se     d\u00e9faire en proclamant que l\u2019on n\u2019y peut rien\u00bb, s\u2019est-il exclam\u00e9. Avant de     distiller ses messages empoisonn\u00e9s sur les immigr\u00e9s qui \u00abne sont pas les     bienvenus sur le territoire de la R\u00e9publique\u00bb\u00a0s\u2019ils n\u2019en respectent pas     toutes les r\u00e8gles. Et de stigmatiser de nouveau ceux qui pratiquent     l\u2019excision, le mariage forc\u00e9 ou acceptent \u00abla loi des grands fr\u00e8res\u00bb\u2026     Confondant ainsi, volontairement ou non, une infime minorit\u00e9 avec tous les     Fran\u00e7ais d\u2019origine \u00e9trang\u00e8re ou les immigr\u00e9s. <\/span><\/p>\n<p> <span lang=\"FR\">Apr\u00e8s ses \u00e9lans     exaltant la tol\u00e9rance et encourageant \u00abl\u2019islam de France\u00bb, \u00e0 travers la     cr\u00e9ation, en 2002, du Conseil fran\u00e7ais du culte musulman (CFCM), les propos     muscl\u00e9s de Sarkozy sur l\u2019immigration ne cessent de lui ali\u00e9ner la sympathie     des Beurs et des Musulmans fran\u00e7ais. Ainsi, le 20 janvier, sur les 1 000     personnes musulmanes convi\u00e9es au minist\u00e8re de l\u2019Int\u00e9rieur pour le     \u00abrassemblement des musulmans de France\u00bb, \u00e0 l\u2019occasion de la c\u00e9l\u00e9bration du     nouvel an de l\u2019h\u00e9gire, seules 250 ont fait le d\u00e9placement, dont les     ambassadeurs de quatre pays arabes Maroc, Tunisie, Alg\u00e9rie et Egypte. C\u2019est     ce qui a fait dire \u00e0 Fay\u00e7al M\u00e9nia, responsable UMP d\u2019Aubervilliers, cit\u00e9 par     \u2018\u2018Lib\u00e9ration\u2019\u2019 du 26 f\u00e9vrier, que Sarkozy a aujourd\u2019hui \u00abl\u2019image d\u2019un homme     qui n\u2019aime pas beaucoup les musulmans\u00bb. <\/span><\/p>\n<p> <span lang=\"FR\">En disant cela,     M\u00e9nia a sans doute \u00e0 l\u2019esprit une autre position du candidat UMP qui a     beaucoup froiss\u00e9 les Musulmans. Dans sa recherche effr\u00e9n\u00e9e des voix de     l\u2019extr\u00eame droite, Sarkozy, avait pris position, le 8 f\u00e9vrier, pour \u2018\u2018Charlie     Hebdo\u2019\u2019\u00a0contre la Mosqu\u00e9e de Paris et l\u2019UOIF, qui poursuivent le magazine     devant les tribunaux pour avoir publi\u00e9 les caricatures du Proph\u00e8te de     l\u2019islam. Conclusion de Fouad Alaoui, secr\u00e9taire g\u00e9n\u00e9ral de l\u2019UOIF, cit\u00e9 par     le m\u00eame quotidien fran\u00e7ais: \u00abL\u2019\u00e9lectorat musulman ne compte pas de mani\u00e8re     significative dans sa campagne\u00bb. Cons\u00e9quence\u00a0: \u00abUn r\u00e9cent sondage IFOP     montre que la population musulmane se sent plus proche du PS (55 % des     intentions de vote) que de l\u2019UMP (23,4 %)\u00bb, ajoute <i>\u2018\u2018Lib\u00e9ration\u2019\u2019<\/i>.<\/span><\/p>\n<p><b><i> <span lang=\"FR\">\u00a0<\/span><\/i><\/b><\/p>\n<p><b><i> <span lang=\"FR\">    Sarko dans le texte <\/span><\/i><\/b><\/p>\n<p><b><i> <span lang=\"FR\">Vers une     immigration\u00a0choisie: <\/span><\/i><\/b><\/p>\n<p> <span lang=\"FR\">\u00abIl n\u2019existe pas     de rem\u00e8de miracle mais des solutions pragmatiques. Les transferts de fonds     des immigr\u00e9s africains \u00e0 leurs pays d\u2019origine atteignent des montants     consid\u00e9rables\u00a0: 8,1 milliards de dollars en 2005 selon certaines     estimations. L\u2019un des grands enjeux du dialogue entre l\u2019Europe et l\u2019Afrique     devrait porter sur les moyens de transformer cette \u00e9pargne pour en faire un     outil du d\u00e9veloppement \u00e9conomique. Nous venons ainsi de cr\u00e9er en France,     dans le cadre de la loi relative \u00e0 l\u2019immigration et \u00e0 l\u2019int\u00e9gration vot\u00e9e le     30 juin dernier, un produit d\u2019\u00e9pargne destin\u00e9 \u00e0 favoriser l\u2019investissement     des migrants dans leur pays d\u2019origine\u00bb. <i>(Interview au \u2018\u2018Matin du Sahara     et du Maghreb\u2019\u2019, le 8 juillet 2006.) <\/i><\/span><\/p>\n<p> <span lang=\"FR\">\u00a0<\/span><\/p>\n<p> <span lang=\"FR\">&#8211; \u00abIl faut     \u00e9carter une fois pour toutes les deux dogmes qui n\u2019en finissent pas de     polluer le d\u00e9bat sur l\u2019immigration. L\u2019immigration z\u00e9ro est un mythe     dangereux. Une Europe sans immigration est inconcevable pour des raisons     \u00e9conomiques et d\u00e9mographiques. Mais je n\u2019accepte pas non plus le discours     extr\u00e9miste des partisans de l\u2019immigration sans limite\u00a0! L\u2019Europe ne peut pas     recevoir tous ceux qui voient en elle un Eldorado. L\u2019ouverture g\u00e9n\u00e9rale des     fronti\u00e8res de l\u2019Europe provoquerait, \u00e0 terme, une d\u00e9stabilisation politique     majeure du continent et le risque d\u2019une arriv\u00e9e au pouvoir de partis     extr\u00e9mistes et x\u00e9nophobes. L\u2019Afrique en serait la premi\u00e8re victime.\u00bb<i>     (M\u00eame source) <\/i><\/span><\/p>\n<p> <span lang=\"FR\">\u00a0<\/span><\/p>\n<p> <span lang=\"FR\">&#8211; \u00abJe ne suis     pas favorable \u00e0 des op\u00e9rations de r\u00e9gularisations globales d\u2019\u00e9trangers sans     papiers, comme les gouvernements socialistes fran\u00e7ais les ont pratiqu\u00e9es en     1981, 1990 et 1997. Ces op\u00e9rations sont dangereuses car elles exercent un     puissant effet d\u2019appel d\u2019air. Le migrant r\u00e9gularis\u00e9 fait venir sa famille.     Il indique \u00e0 ses amis, dans son village, que l\u2019\u00e9migration vers l\u2019Europe est     possible. Des fili\u00e8res se cr\u00e9ent. Et, dans les pays d\u2019origine, le signal est     bien re\u00e7u\u00a0: la fronti\u00e8re est ouverte\u00a0! En revanche, je suis favorable \u00e0 des     r\u00e9gularisations au cas par cas, fond\u00e9e sur des motifs humanitaires comme le     pr\u00e9voit la loi sur l\u2019immigration et l\u2019int\u00e9gration.\u00bb <i>(M\u00eame source)<\/i><\/span><\/p>\n<p><b><i> <span lang=\"FR\">\u00a0<\/span><\/i><\/b><\/p>\n<p><b><i> <span lang=\"FR\">&#8211; <\/span><\/i> <\/b><span lang=\"FR\">    \u00abL\u2019expression immigration choisie a \u00e9t\u00e9 parfois mal comprise ou caricatur\u00e9e.     Il n\u2019a jamais \u00e9t\u00e9 question pour moi d\u2019organiser une s\u00e9lection unilat\u00e9rale     des migrants sur la base de leurs dipl\u00f4mes. L\u2019immigration, dans mon esprit,     doit \u00eatre choisie par le pays de destination comme par le pays d\u2019origine. La     nouvelle loi s\u2019inspire de cette logique. A l\u2019avenir, il nous faut pr\u00e9parer     les fondements d\u2019une immigration organis\u00e9e, r\u00e9gul\u00e9e, ma\u00eetris\u00e9e dans le cadre     d\u2019une concertation d\u2019Etat \u00e0 Etat. L\u2019avenir est aux migrations de mobilit\u00e9,     qui permettront aux migrants d\u2019acqu\u00e9rir en Europe une formation, une     exp\u00e9rience professionnelle, et de la mettre ensuite au service du     d\u00e9veloppement de leur pays d\u2019origine. La cr\u00e9ation d\u2019une carte de s\u00e9jour     (\u2018comp\u00e9tences et talents\u2019\u2019 dans la nouvelle loi fran\u00e7aise est embl\u00e9matique     de cette volont\u00e9 de faire des migrations une source d\u2019enrichissement mutuel.    <i>(M\u00eame source)<\/i><\/span><\/p>\n<p><b> <span lang=\"FR\">\u00a0<\/span><\/b><\/p>\n<p><b><i> <span lang=\"FR\">Union de la     M\u00e9diterran\u00e9e <\/span><\/i><\/b><\/p>\n<p> <span lang=\"FR\">Dans     son\u00a0discours de Toulon, le 7 f\u00e9vrier, Sarkozy a d\u00e9fendu son projet \u00abd\u2019Union     de la M\u00e9diterran\u00e9e\u00bb, sorte de G8 r\u00e9gional incluant le Maghreb et plaid\u00e9 pour     une \u00abpolitique de civilisation\u00bb\u00a0o\u00f9 nos \u00absoci\u00e9t\u00e9s ouvertes retrouveront leur     capacit\u00e9 d\u2019int\u00e9gration et inventeront de nouvelles mani\u00e8res de vivre     ensemble\u00bb. \u00abC\u2019est \u00e0 la France de prendre l\u2019initiative d\u2019une Union     m\u00e9diterran\u00e9enne, comme elle prit jadis l\u2019initiative de construire l\u2019Union     europ\u00e9enne\u00bb, a-t-il d\u00e9clar\u00e9. \u00abCette Union m\u00e9diterran\u00e9enne aura vocation \u00e0     travailler \u00e9troitement avec l\u2019Union europ\u00e9enne et aura vocation \u00e0 avoir avec     elle des institutions communes. Elle pourrait s\u2019organiser autour de     rencontres p\u00e9riodiques de ses chefs d\u2019Etats et de gouvernement (&#8230;) et     aurait un Conseil de la M\u00e9diterran\u00e9e.\u00bb C\u2019est la Turquie, qui n\u2019a pas     vocation \u00e0 int\u00e9grer l\u2019Union europ\u00e9enne, qui doit \u00eatre \u00able pivot\u00bb de ce     nouveau \u00abmachin\u00bb.<\/span><\/p>\n<p> <span lang=\"FR\">Cette union, qui     serait l\u2019un de ses objectifs prioritaires devrait \u00abprendre en charge des     questions de lutte contre le terrorisme, la gestion concert\u00e9e des     migrations, le d\u00e9veloppement \u00e9conomique et commercial et la promotion de     l\u2019Etat de droit dans la r\u00e9gion.\u00bb       \u00a0<\/span><\/p>\n<p><b><i> <span lang=\"FR\">Proche-Orient\u00a0:    <\/span><\/i><\/b><\/p>\n<p> <span lang=\"FR\">Le candidat de     l\u2019UMP, qui n\u2019a jamais cach\u00e9e son amiti\u00e9 pour le peuple isra\u00e9lien, a d\u00e9clar\u00e9,     lors d\u2019une conf\u00e9rence de presse le 28 f\u00e9vrier \u00e0 Paris, que l\u2019attaque     isra\u00e9lienne contre le Liban, l\u2019\u00e9t\u00e9 dernier, avait \u00e9t\u00e9 \u00abdisproportionn\u00e9e\u00bb.     Ceci, a-t-il pr\u00e9cis\u00e9 ne doit toutefois pas remettre en cause     l\u2019indubitabilit\u00e9 d\u2019un renforcement de la s\u00e9curit\u00e9 d\u2019Isra\u00ebl, pr\u00e9alable \u00e0 la     cr\u00e9ation d\u2019un Etat palestinien souverain, renvoyant ainsi dos-\u00e0-dos     l\u2019occupant et l\u2019occup\u00e9, le bourreau et la victime\u2026 <\/span><\/p>\n<p> <span lang=\"FR\">\u00a0<\/span><\/p>\n<p><b><i> <span lang=\"FR\">Afrique\u00a0:     tourner la page des complaisances <\/span><\/i><\/b><\/p>\n<p> <span lang=\"FR\">Lors d\u2019un voyage     \u00e0 Cotonou (B\u00e9nin) en mai 2006, le candidat UMP Nicolas Sarkozy avait pr\u00f4n\u00e9     la rupture dans la politique africaine de la France, plaidant pour \u00abune     relation nouvelle, assainie, d\u00e9complex\u00e9e, \u00e9quilibr\u00e9e, d\u00e9barrass\u00e9e des     scories du pass\u00e9 et de ses obsolescences\u00bb. Il avait souhait\u00e9 \u00abtourner la     page des complaisances, des officines, des secrets et des ambigu\u00eft\u00e9s\u00bb.    <\/span><\/p>\n<p> <span lang=\"FR\">Prenant ses     distances avec la \u00abpersonnalisation\u00bb des relations franco-africaines, il     avait pr\u00f4n\u00e9 un \u00abdialogue franc et objectif\u00bb et \u00absur un pied d\u2019\u00e9galit\u00e9, entre     partenaires responsables\u00bb. Une critique implicite des relations personnelles     nou\u00e9es par Jacques Chirac avec plusieurs pr\u00e9sidents africains.     Il avait \u00e9galement pr\u00e9venu qu\u2019il refuserait de \u00abtransiger\u00bb sur les valeurs     d\u00e9mocratiques: \u00abil n\u2019y a pas d\u2019exception africaine, pas de pr\u00e9tendue     sp\u00e9cificit\u00e9 culturelle qui justifierait je ne sais quelle incompatibilit\u00e9     entre l\u2019Afrique et la d\u00e9mocratie\u00bb. <\/span><\/p>\n<p> <span lang=\"FR\">Le 28 f\u00e9vrier,     devant quelque 250 journalistes de m\u00e9dias fran\u00e7ais et \u00e9trangers r\u00e9unis dans     un h\u00f4tel parisien, le candidat de l\u2019UMP est revenu sur le m\u00eame sujet. <\/span> <\/p>\n<p> <span lang=\"FR\">Apr\u00e8s avoir     exprim\u00e9 son souhait d\u2019en finir avec la tradition du \u00abdomaine r\u00e9serv\u00e9\u00bb, il a     ajout\u00e9: <\/span><\/p>\n<p> <span lang=\"FR\">\u00abIl nous faut     les d\u00e9barrasser des r\u00e9seaux d\u2019un autre temps, des \u00e9missaires officieux qui     n\u2019ont d\u2019autres mandats que celui qu\u2019ils s\u2019inventent. Le fonctionnement     normal des institutions politiques et diplomatiques doit pr\u00e9valoir sur les     circuits officieux qui ont fait tant de mal par le pass\u00e9. Il faut     d\u00e9finitivement tourner la page des complaisances, des secrets et des     ambigu\u00eft\u00e9s, notamment avec nos partenaires africains et arabes\u00bb. Ainsi, \u00able     pr\u00e9sident de la R\u00e9publique doit s\u2019expliquer devant le Parlement et devant la     Nation sur les choix qu\u2019il prend\u00bb <i>(conf\u00e9rence de presse du 28 f\u00e9vrier).<\/i><\/span><\/p>\n<p> <span lang=\"FR\">\u00a0<\/span><\/p>\n<p><b><i> <span lang=\"FR\">Les pays du Sud     ont le droit d\u2019acc\u00e9der au nucl\u00e9aire civil <\/span><\/i><\/b><\/p>\n<p> <span lang=\"FR\">Le candidat UMP     a plaid\u00e9 aussi pour une \u00abapproche plus doctrinale\u00bb. \u00abNotre politique     \u00e9trang\u00e8re doit \u00eatre guid\u00e9e par des valeurs r\u00e9affirm\u00e9es, et par des objectifs     clairs et hi\u00e9rarchis\u00e9s\u00bb, a-t-il dit. Critiquant la position \u00abirresponsable\u00bb     de son adversaire socialiste S\u00e9gol\u00e8ne Royal, qui souhaite interdire \u00e0 l\u2019Iran     le nucl\u00e9aire civil, il a souhait\u00e9 que les pays du Sud, et notamment     l\u2019Alg\u00e9rie, acc\u00e8dent \u00e0 cette \u00e9nergie. Il a propos\u00e9 la cr\u00e9ation d\u2019une \u00abbanque     mondiale du combustible nucl\u00e9aire\u00bb pour \u00abgarantir aux pays \u00e9mergents l\u2019acc\u00e8s     aux bienfaits de l\u2019\u00e9nergie atomique sans risque de d\u00e9tournement militaire\u00bb.     Il a exprim\u00e9 son souhait de proposer \u00e0 l\u2019Alg\u00e9rie \u00abavant d\u2019autres Etats, de     l\u2019aider \u00e0 d\u00e9velopper une capacit\u00e9 nucl\u00e9aire civile en \u00e9change d\u2019un     partenariat sur l\u2019exploitation des champs gaziers\u00bb<i> (conf\u00e9rence de presse     du 28 f\u00e9vrier).<\/i><\/span><\/p>\n<p> <span lang=\"FR\">\u00a0<\/span><\/p>\n<p><b><i> <span lang=\"FR\">Promouvoir les     libert\u00e9s et les droits de l\u2019homme<\/span><\/i><\/b><\/p>\n<p> <span lang=\"FR\">Sarkozy a     d\u00e9fendu l\u2019id\u00e9e que la d\u00e9fense des libert\u00e9s et des droits de l\u2019homme, qui ont     \u00abune vocation universelle\u00bb, seraient le fondement sur lequel il appuierait     sa politique internationale. La France ne peut pas \u00abse taire\u00bb face \u00e0 une     \u00e9volution \u00abpr\u00e9occupante\u00bb de la situation des droits de l\u2019homme en Russie ou     aux violations de ces droits en Chine et ailleurs dans le monde. \u00abCeux qui     sont adeptes de la realpolitik ne sont pas si r\u00e9alistes que cela. Ils     cantonnent l\u2019action diplomatique \u00e0 un effort pour ne rien changer \u00e0 la     r\u00e9alit\u00e9 du monde. La stabilit\u00e9 est leur mot d\u2019ordre, l\u2019immobilisme leur     obsession\u00bb, a-t-il dit. Evoquant ensuite les pays d\u2019Afrique du nord et plus     largement du monde arabe, il a affirm\u00e9 que \u00able grand d\u00e9bat du monde     arabo-musulman est d\u00e9sormais la confrontation entre les r\u00e9gimes     d\u00e9mocratiques et mod\u00e9r\u00e9s et les forces obscurantistes. Nous devons tout     faire pour conforter les r\u00e9gimes mod\u00e9r\u00e9s\u00bb <i>(conf\u00e9rence de presse du 28     f\u00e9vrier)<\/i>.<\/span><\/p>\n<p> <span lang=\"FR\">\u00a0<\/span><\/p>\n<p><b><i> <span lang=\"FR\">L\u2019aide au     d\u00e9veloppement au service de la bonne gouvernance     <\/span><\/i><\/b><span lang=\"FR\">    Sarkozy a pr\u00e9cis\u00e9 qu&rsquo;il veillerait \u00e0 ce que les crit\u00e8res de l\u2019attribution de     l\u2019aide au d\u00e9veloppement soient plus stricts. \u00abNous ne devons plus accepter     que l\u2019aide au d\u00e9veloppement puisse devenir une prime \u00e0 la mauvaise     gouvernance et aux r\u00e9gimes pr\u00e9dateurs, a-t-il d\u00e9clar\u00e9. De m\u00eame la corruption     doit cesser d\u2019\u00eatre regard\u00e9e avec complaisance comme un mal in\u00e9vitable. La     France devra donner la priorit\u00e9 \u00e0 ceux des pays d\u2019Afrique, et pas seulement     des pays francophones, qui respectent ces principes\u00bb <i>(conf\u00e9rence de     presse du 28 f\u00e9vrier).<\/i> <\/span><\/p>\n<p> <span lang=\"FR\">\u00a0<\/span><\/p>\n<p><b> <span lang=\"FR\">    (Source\u00a0:\u00a0 \u00ab\u00a0Le Temps\u00a0\u00bb (Quotidien \u2013 Tunis), le 5 mars 2007)<\/span><\/b><\/p>\n<\/div>\n<div>\n<hr\/><\/div>\n<div align=\"center\"> <strong><font>Sana Ben Achour :      <\/font><\/p>\n<h3 style=\"color: blue;\"><font size=\"3\">Pour une refondation de la gauche     d\u00e9mocratique<\/font><\/h3>\n<p><\/strong><\/div>\n<div align=\"justify\"> <strong><font>Depuis plus d\u2019un an une nouvelle alliance est     en train de se dessiner entre le Mouvement Ettajdid et des militants     ind\u00e9pendants issus de la gauche tunisienne.     Au moment o\u00f9 ce processus commence \u00e0 prendre de l\u2019ampleur, nous avons voulu     faire le point avec Sana Ben Achour, universitaire et figure de proue du     mouvement associatif tunisien et l\u2019une des principales initiatrices de cette     nouvelle exp\u00e9rience unitaire de la gauche tunisienne.     <\/font><\/strong> <strong>Quel bilan faites-vous de cette d\u00e9marche commune entre le Mouvement     Ettajdid et les ind\u00e9pendants de gauche ?<\/strong><\/div>\n<div align=\"justify\">         Il est trop t\u00f4t pour faire un bilan. Nous comptons le faire collectivement     dans les semaines qui suivent. Je peux vous livrer cependant mes premi\u00e8res     impressions. A l\u2019occasion des \u00e9lections pr\u00e9sidentielle et l\u00e9gislatives de     2004, il y a eu une alliance autour du Mouvement Ettajdid avec un certain     nombre de personnalit\u00e9s ind\u00e9pendantes. L\u2019objectif \u00e9tait de pr\u00e9senter un     v\u00e9ritable candidat de l\u2019opposition \u00e0 la pr\u00e9sidentielle, en l\u2019occurrence     Mohamed Ali Halouani.<\/div>\n<div align=\"justify\">         On a pens\u00e9, \u00e0 l\u2019\u00e9poque, qu\u2019il fallait marquer notre distance avec le pouvoir     tout en mettant \u00e0 profit l\u2019opportunit\u00e9 offerte par le syst\u00e8me     constitutionnel. Cela a donn\u00e9 l\u2019exp\u00e9rience de l\u2019Initiative d\u00e9mocratique. Les     ind\u00e9pendants, dont je suis, ont pratiqu\u00e9 Ettajdid. Je peux dire aujourd\u2019hui,     en toute honn\u00eatet\u00e9, que cela \u00e9tait positif. On a pu, ensemble, recr\u00e9er     l\u2019espoir. Ce processus a induit un rapport de confiance entre ce parti     politique et les ind\u00e9pendants. Mais apr\u00e8s les \u00e9lections de 2004 on a pris     conscience de l\u2019aspect circonstanciel de ce partenariat. Les ind\u00e9pendants ne     pouvaient plus investir le monde associatif en le surd\u00e9terminant par des     objectifs politiques. Nous voulions engager une action politique organis\u00e9e.     D\u2019o\u00f9 l\u2019id\u00e9e de ce partenariat politique avec le parti Ettajdid.     Mais un certain nombre de ces ind\u00e9pendants, dont vous-m\u00eame, se sont investis     dans ce que l\u2019on a appel\u00e9 le Mouvement du 18 octobre 2005 (la gr\u00e8ve de la     faim initi\u00e9e par un certain nombre de personnalit\u00e9s politiques et     associatives).<\/div>\n<div align=\"justify\">         Absolument. Pour moi il y a eu une accumulation qui a commenc\u00e9 avec la     pr\u00e9sidentielle de 2004. On peut m\u00eame remonter plus loin avec l\u2019exp\u00e9rience     des \u00ab 150 \u00bb en 1989. On a \u00e9t\u00e9 nombreux \u00e0 soutenir la gr\u00e8ve de la faim du 18     octobre, sauf que cela \u00e9tait une action ponctuelle. Apr\u00e8s il y a eu une     d\u00e9cantation politique. Certains ont pr\u00e9f\u00e9r\u00e9 continuer dans une sorte     d\u2019alliance avec des sensibilit\u00e9s islamisantes. D\u2019autres, dont moi-m\u00eame, ont     soutenu la gr\u00e8ve de la faim mais pas l\u2019id\u00e9e de ce type d\u2019alliance. Je pense     qu\u2019il est n\u00e9cessaire d\u2019inscrire l\u2019action politique de l\u2019opposition dans la     diversit\u00e9 et la pluralit\u00e9. Il faut qu\u2019on sorte d\u00e9finitivement de cette id\u00e9e     de l\u2019un et de l\u2019unique.<\/div>\n<div align=\"justify\">         Les discussions et les contacts entre les militants et dirigeants d\u2019Ettajdid     et les ind\u00e9pendants ne se sont jamais interrompus. On a convenu ensemble,     depuis pr\u00e8s d\u2019un an, qu\u2019Ettajdid retardera son congr\u00e8s afin qu\u2019on \u00e9labore     ensemble un v\u00e9ritable \u00e9largissement de ce parti, d\u2019o\u00f9 l\u2019id\u00e9e de faire un     congr\u00e8s sous le mot d\u2019ordre : un parti ouvert, pluraliste, progressiste et     d\u00e9mocratique.<\/div>\n<div align=\"justify\"> <strong>Est-ce que cela a d\u00e9bouch\u00e9 sur un programme politique ?<\/strong><\/div>\n<div align=\"justify\">         Pas pour l\u2019instant. Ce qui nous a int\u00e9ress\u00e9 dans cette d\u00e9marche, nous les     ind\u00e9pendants, avec nos partenaires d\u2019Ettajdid, c\u2019est que l\u2019on change la     mani\u00e8re de faire\u2026<\/div>\n<div align=\"justify\"> <strong>Cela veut dire quoi exactement ?<\/strong><\/div>\n<div align=\"justify\">         On ne peut pas aller directement \u00e0 la tenue du congr\u00e8s, \u00e0 la mise en place     d\u2019une plate-forme et \u00e0 l\u2019\u00e9laboration d\u2019un programme. Il faut au pr\u00e9alable     informer les gens de cette id\u00e9e et les \u00e9couter. On veut rassembler et non     embrigader. Pour nous il est fondamental que ce parti ait un ancrage social     s\u00e9rieux. Les coquilles vides ne nous int\u00e9ressent pas. Beaucoup de militants     d\u00e9mocrates ont connu des exp\u00e9riences malheureuses et d\u00e9cevantes. R\u00e9sultat :     ils ont abandonn\u00e9 le champ politique. Notre d\u00e9marche tend \u00e0 leur redonner     espoir.<\/div>\n<div align=\"justify\"> <strong>Quel est le nombre des ind\u00e9pendants qui se sont int\u00e9ress\u00e9s \u00e0 votre     d\u00e9marche ?<\/strong><\/div>\n<div align=\"justify\">         Quelques centaines. Mais on ne s\u2019est pas content\u00e9 de Tunis. On a \u00e9tendu     cette dynamique \u00e0 l\u2019int\u00e9rieur du pays. On a altern\u00e9 entre rencontres     publiques et priv\u00e9es, selon la disponibilit\u00e9 des espaces publics.     L\u2019encourageant, dans tout cela, est que les personnes, sceptiques au d\u00e9part,     se sont rapproch\u00e9es de nous, m\u00eame si elles n\u2019ont pas encore envie de     s\u2019impliquer imm\u00e9diatement dans cette action.          <strong>Comment le prochain congr\u00e8s d\u2019Ettajdid va-t-il int\u00e9grer concr\u00e8tement     ce partenariat ?<\/strong><\/div>\n<div align=\"justify\">         On a mis en place une commission, au mois de septembre 2006, pour pr\u00e9parer     le contenu intellectuel et politique de la grande conf\u00e9rence qu\u2019on a     organis\u00e9e les 17 et 18 f\u00e9vrier 2007. Cette commission est une \u00e9tape     interm\u00e9diaire entre les premi\u00e8res discussions d\u2019il y a un an et le congr\u00e8s.<\/div>\n<div align=\"justify\">         Cette commission a produit trois textes :<\/div>\n<div align=\"justify\">         \u2014les fondements intellectuels et politiques du projet,     \u2014l\u2019aspect organisationnel du parti,     \u2014le partenariat avec Ettajdid pour la pr\u00e9paration du congr\u00e8s.     Ces textes sont propos\u00e9s \u00e0 la discussion afin qu\u2019on puisse d\u00e9gager une     synth\u00e8se.<\/div>\n<div align=\"justify\"> <strong>Qui vous fait croire que ce qui a \u00e9chou\u00e9 hier va r\u00e9ussir aujourd\u2019hui     ?<\/strong><\/div>\n<div align=\"justify\">         Je suis optimiste tout en \u00e9tant lucide. On a pu rassembler un nombre     relativement important de militants ind\u00e9pendants qui fondent leurs espoirs     sur ce projet. Nous avons tous l\u2019ambition de cr\u00e9er un v\u00e9ritable p\u00f4le     politique moderne. Je pensais qu\u2019on pouvait rassembler des milliers de     militants pour la conf\u00e9rence du 17 f\u00e9vrier, or je me rends compte qu\u2019il y a     encore beaucoup de sceptiques. Ce que nous faisons aujourd\u2019hui est important,     mais le plus important et le plus difficile reste \u00e0 venir.<\/div>\n<div align=\"justify\"> <strong>Comment allez-vous pr\u00e9parer ce congr\u00e8s ?<\/strong><\/div>\n<div align=\"justify\">         Dans un partenariat total entre le Mouvement Ettajdid et les militants     ind\u00e9pendants. Il faut savoir que le congr\u00e8s sera ouvert \u00e0 tous ceux qui se     sentent concern\u00e9s par ce projet. Il y aura une commission large et mixte de     pr\u00e9paration du congr\u00e8s. Ettajdid d\u00e9signera, selon ses structures, ses     repr\u00e9sentants dans cette commission. Quant aux ind\u00e9pendants, il y a aura     encore deux r\u00e9unions de discussions sur le projet et les mani\u00e8res de le     concr\u00e9tiser, ensuite nous d\u00e9signerons nos repr\u00e9sentants soit par consensus,     ce qui serait la meilleure solution pour garantir la repr\u00e9sentation de     toutes les sensibilit\u00e9s, soit en passant par voie \u00e9lective.<\/div>\n<div align=\"justify\">         Cette commission mixte comprend quarante membres. Elle sera l\u2019organe     d\u00e9lib\u00e9rant qui jouit de toutes les attributions pour l\u2019organisation du     congr\u00e8s. Il est pr\u00e9vu aussi qu\u2019un comit\u00e9 ex\u00e9cutif, toujours paritaire, \u00e9mane     de cette commission afin d\u2019assumer le suivi des travaux pr\u00e9paratoires pour     la tenue du congr\u00e8s.<\/div>\n<div align=\"justify\"> <strong>Est-ce que la date du congr\u00e8s a \u00e9t\u00e9 fix\u00e9e ?<\/strong><\/div>\n<div align=\"justify\">         Pas encore. Mais il semble qu\u2019il y a un large consensus sur la date du 25     juillet 2007, qui marquera le cinquanti\u00e8me anniversaire de la proclamation     de la R\u00e9publique.<\/div>\n<div align=\"justify\"> <strong>Quelle est l\u2019identit\u00e9 de ce parti en gestation ?<\/strong><\/div>\n<div align=\"justify\">         On se veut un mouvement progressiste et d\u00e9mocratique. Le progressisme se     veut \u00e9conomique, social et culturel\u2026<\/div>\n<div align=\"justify\"> <strong>C\u2019est-\u00e0-dire que vous \u00eates contre l\u2019\u00e9conomie de march\u00e9 ?<\/strong><\/div>\n<div align=\"justify\">         Je pense qu\u2019on est tous pour l\u2019\u00e9conomie de march\u00e9, probablement pas de la     m\u00eame mani\u00e8re. Personne ne croit plus au communisme ou au socialisme des     ann\u00e9es 1950. Par contre, nous croyons au service public et \u00e0 la solidarit\u00e9     sociale.<\/div>\n<div align=\"justify\"> <strong>Vous vous sentez proche de la social-d\u00e9mocratie ?<\/strong><\/div>\n<div align=\"justify\">         Absolument. Si la mondialisation et l\u2019\u00e9conomie de march\u00e9 peuvent apporter \u00e0     un pays de la richesse et du confort mat\u00e9riel, elles aggravent aussi les     in\u00e9galit\u00e9s sociales. C\u2019est pourquoi il faut que l\u2019Etat puisse jouer son r\u00f4le     de r\u00e9gulateur. A c\u00f4t\u00e9 de cela nous sommes pour le progressisme social,     c\u2019est-\u00e0-dire l\u2019\u00e9galit\u00e9 entre les sexes, l\u2019\u00e9galit\u00e9 des chances\u2026 Le principe     d\u2019\u00e9galit\u00e9 est affirm\u00e9 dans toutes ses d\u00e9clinaisons. Enfin le progressisme     culturel.<\/div>\n<div align=\"justify\"> <strong>C\u2019est-\u00e0-dire\u2026<\/strong><\/div>\n<div align=\"justify\">         Nous sommes pour une vision non religieuse du politique.<\/div>\n<div align=\"justify\"> <strong>La\u00efque ?<\/strong><\/div>\n<div align=\"justify\">         Oui. Seulement ce mot d\u00e9range un peu dans notre pays. Les gens ont     l\u2019impression que la la\u00efcit\u00e9 veut dire d\u00e9racinement culturel. Pour nous la     la\u00efcit\u00e9 ne concerne que le domaine politique. On ne peut pas faire rentrer     dans le politique des consid\u00e9rations d\u2019ordre religieux. La d\u00e9mocratie est     une affaire de d\u00e9lib\u00e9ration terrestre.<\/div>\n<div align=\"justify\"> <strong>Est-ce que vous allez afficher clairement le choix de la la\u00efcit\u00e9 ?<\/strong><\/div>\n<div align=\"justify\">         C\u2019est \u00e0 voir. On utilisera peut-\u00eatre les concepts tels que la s\u00e9paration     entre le religieux et le politique, le droit positif, le rationalisme\u2026 On     est dans le monde de la communication et on n\u2019a pas le droit de faire peur     aux gens.     On est en train de construire une troisi\u00e8me voie. Comment afficher notre     opposition au pouvoir tout en affirmant notre diff\u00e9rence avec le Mouvement     du 18 octobre. On est, en quelque sorte, entre le 7 Novembre et le 18     octobre.<\/div>\n<div align=\"justify\">         En d\u2019autres termes ce n\u2019est pas parce qu\u2019on a peur des islamistes qu\u2019on va     se jeter dans les bras du pouvoir ou parce qu\u2019on veut s\u2019opposer au pouvoir     qu\u2019on va se jeter dans les bras des islamistes. La Tunisie a une histoire     riche. Nous sommes les enfants du Code du Statut Personnel et cela n\u2019est pas     peu.     Nous ne participons pas \u00e0 cette nouvelle initiative seulement pour t\u00e9moigner.     Nous avons l\u2019ambition de transformer les rapports de forces dans notre     soci\u00e9t\u00e9.<\/div>\n<div align=\"justify\"> <strong>Justement, on vous reproche de r\u00e9unir les quinquag\u00e9naires et plus,     alors que la jeunesse est absente de vos d\u00e9bats\u2026<\/strong><\/div>\n<div align=\"justify\">         Je constate cela avec beaucoup d\u2019amertume. Comment voulez-vous que la     jeunesse nous connaisse, alors que j\u2019ai milit\u00e9 toute ma vie dans mon pays et     personne ne m\u2019a jamais vue \u00e0 la t\u00e9l\u00e9vision nationale. Et ce n\u2019est pas     uniquement mon cas. Mais je suis optimiste. Il y a des petits groupes de     jeunes qui commencent \u00e0 s\u2019int\u00e9resser \u00e0 ce que nous faisons.<\/div>\n<div align=\"justify\">         Je voudrais insister ici sur le fait qu\u2019il est faux de pr\u00e9tendre que la     jeunesse tunisienne se d\u00e9sint\u00e9resse de la chose publique. La jeunesse est     partout : dans la cr\u00e9ation artistique, dans les associations culturelles\u2026     Peut-\u00eatre que nous ne savons pas lui parler. Notre objectif premier, apr\u00e8s     le congr\u00e8s de l\u2019\u00e9t\u00e9, est d\u2019aller \u00e0 sa rencontre, de l\u2019\u00e9couter et de changer,     pourquoi pas, notre mani\u00e8re de lui parler.<\/div>\n<div align=\"justify\"> <strong>Est-ce que le Mouvement Ettajdid changera de nom pour exprimer ce     renouveau !<\/strong><\/div>\n<div align=\"justify\">         Cela se discute. L\u2019essentiel est que nous changions nos modes d\u2019actions et     que nous devenions un v\u00e9ritable rassemblement d\u00e9mocratique qui p\u00e8se sur les     choix fondamentaux de la soci\u00e9t\u00e9 tunisienne.          <strong><font>Zyed Krichen     (Source : \u00ab R\u00e9alit\u00e9s \u00bb (Magazine hebdomadaire \u2013 Tunis), N\u00b0 1105 du 1er mars     2007)<\/font><\/strong><\/div>\n<div>\n<hr\/><\/div>\n<p> <\/font><\/div>\n<p><font face=\"Arial\" size=\"2\"><\/p>\n<div align=\"center\"> <strong><font>Antoine Basbous, directeur de l\u2019Observatoire des   pays arabes :    <\/font><\/p>\n<h3 style=\"color: blue;\"><font size=\"3\">La d\u00e9mocratie, oui mais apr\u00e8s une longue   pr\u00e9paration<\/font><\/h3>\n<p><\/strong><\/div>\n<div align=\"justify\"> <strong><font>f\u00e9riel Berraies Guigny<\/font><\/strong>      Le spectre d\u2019une guerre interminable entre Sunnites et Chiites serait-il en   train de se profiler dans le Monde arabe? Le bain de sang irakien serait-il le   pr\u00e9lude d\u2019affrontements fratricides \u00e0 venir ? O\u00f9 commence et o\u00f9 finit la   fronti\u00e8re entre jihadisme et nationalisme arabe ?      R\u00e9alit\u00e9s a rencontr\u00e9 Antoine Basbous, politologue et sp\u00e9cialiste du Monde   arabe. Dans l\u2019antre de l\u2019Observatoire des pays arabes (OPA) dont il est le   Directeur, une discussion franche, sans concession ni langue de bois, a \u00e9t\u00e9   entam\u00e9e. Au menu, divers sujets \u00ab politiquement incorrects \u00bb : des causes du   manque de solidarit\u00e9 et d\u2019unit\u00e9 dans le Monde arabe \u00e0 l\u2019absence de d\u00e9mocratie   dans cette r\u00e9gion, mais aussi aux derniers d\u00e9veloppements relatifs aux   dossiers chauds du Moyen-Orient.      Pensez-vous que le Monde arabe a tendance \u00e0 reporter les causes de sa propre   faillite sur les autres ?       Chez les Arabes, l\u2019usage veut qu\u2019on attribue \u00e0 la \u00ab th\u00e9orie du complot \u00bb tous   les manquements, les faiblesses et les \u00e9checs. Il est rare de voir des   intellectuels, et encore moins des gouvernants, faire leur propre   introspection. L\u2019attribution automatique des \u00e9checs est imput\u00e9e au sionisme,   aux Etats-Unis et au colonialisme. On ne se penche jamais sur ce mal int\u00e9rieur   qui nous ronge. Aujourd\u2019hui, un des exemples flagrants est le nettoyage   communautaire en Irak, entre Sunnites et Chiites. On est peut-\u00eatre, au mieux,   \u00e0 l\u2019avant-veille de l\u2019\u00e9dification d\u2019un \u00ab mur de Berlin \u00bb \u00e0 Bagdad et, au pire,   \u00e0 celle de la disparition des Sunnites de la capitale des Abbassides. Mais on   ne se pose jamais la question de savoir ou de comprendre ce qui est au c\u0153ur de   cette haine fratricide qui pousse au nettoyage ethnique ou communautaire. On   dira que c\u2019est la faute d\u2019Isra\u00ebl et de Bush ! Mais pourquoi ne   s\u2019int\u00e9resse-t-on pas aux ul\u00e9mas qui pr\u00eachent le \u00ab Takfir \u00bb et poussent \u00e0   l\u2019endoctrinement ? Il y a un mal profond que tout le monde continue \u00e0   attribuer aux autres. Le Monde arabe ne doit pas participer \u00e0 ce jeu et encore   moins plonger dans la n\u00e9gation de ses fautes.      Pensez-vous que le Jihadisme international se nourrit essentiellement de cette   discorde entre Arabes ?      Les raisons du Jihadisme sont multiples. Il y a la doctrine religieuse, mais   aussi le d\u00e9sespoir par rapport aux r\u00e9gimes autoritaires, pour ne pas dire   dictatoriaux, et ils sont une majorit\u00e9 dans le Monde arabe. Cette situation   plaide pour le retour aux Salafs, c\u2019est-\u00e0-dire le retour \u00e0 une doctrine datant   du premier si\u00e8cle de l\u2019Islam. P\u00e9riode o\u00f9 les Musulmans contr\u00f4laient les   territoires allant des confins de la Chine \u00e0 l\u2019Andalousie. Pour les Salafistes,   ce qui faisait \u00e0 l\u2019\u00e9poque la grandeur de l\u2019Islam, c\u2019\u00e9tait la stricte   observance de la charia\u00e2. Quatorze si\u00e8cles plus tard, ils veulent r\u00e9-instaurer   cette pratique. Plusieurs facteurs remettent au go\u00fbt du jour le Jihadisme :   d\u2019abord l\u2019\u00e9chec patent des r\u00e9gimes nationalistes arabes, l\u2019\u00e9chec des   dictatures et de la plupart des monarchies. La Mosqu\u00e9e est le seul espace de   contestation qui peut survivre, et l\u2019on ne peut emp\u00eacher les gens de prier ou   les muftis de faire leur pr\u00eache.      Evidemment, il y a aussi l\u2019abondance des p\u00e9trodollars, gr\u00e2ce aux divers chocs   p\u00e9troliers. Le Wahhabisme, cette doctrine jihadiste et takfiriste, a \u00e9t\u00e9   export\u00e9e dans le Monde arabe et islamique, partout o\u00f9 il y avait des   communaut\u00e9s arabo-musulmanes, y compris en Occident. Il ne faut pas oublier   \u00e9galement que pour contenir l\u2019Union sovi\u00e9tique, le Jihadisme a \u00e9t\u00e9 encourag\u00e9.   C\u2019\u00e9tait le grand alli\u00e9 des Am\u00e9ricains en Afghanistan qui n\u2019ont pas vers\u00e9 une   seule goutte de sang durant le conflit contre les Sovi\u00e9tiques. C\u2019\u00e9tait un   conflit sous-trait\u00e9 aux Jihadistes. Mais une fois les Sovi\u00e9tiques battus,   l\u2019Occident n\u2019a pas r\u00e9alis\u00e9 qu\u2019il laissait dans la nature une menace encore   plus grande, une id\u00e9ologie guerri\u00e8re, anti-lib\u00e9rale et anti-d\u00e9mocratique.      Que pensez-vous des m\u00e9thodes actuelles de la Pax Americana et Britannica dans   le Monde Arabe et en Irak particuli\u00e8rement ?      Cette strat\u00e9gie d\u00e9bouche sur la guerre civile. L\u2019id\u00e9e d\u2019instaurer la   d\u00e9mocratie est tout \u00e0 fait louable voire indispensable pour le d\u00e9veloppement   et l\u2019\u00e9mancipation des peuples. Mais pour y arriver, il faut avant tout   pr\u00e9parer le terrain. On ne peut passer brutalement de la dictature des palais   \u00e0 la d\u00e9mocratie. Il faut une p\u00e9riode transitoire qui permette \u00e0 la soci\u00e9t\u00e9   civile de se reconstruire. Sans cela, le pouvoir du palais c\u00e8dera la place \u00e0   celui de la Mosqu\u00e9e. Pour l\u2019\u00e9viter, il convient de cr\u00e9er les conditions   n\u00e9cessaires \u00e0 l\u2019\u00e9mergence d\u2019une soci\u00e9t\u00e9 civile et \u00e0 l\u2019affirmation d\u2019un vrai   multipartisme. Mais pas de partis t\u00e9l\u00e9guid\u00e9s par les services de   renseignements pour jouer les faire-valoir. Il faut des syndicats libres et   surtout une presse ind\u00e9pendante. Les gens doivent cultiver le sens critique,   apprendre \u00e0 d\u00e9battre. Il faut cr\u00e9er les vraies conditions de la d\u00e9mocratie,   apr\u00e8s une longue pr\u00e9paration. Cela prendrait, selon les pays, entre cinq et   dix ans. A d\u00e9faut, on a vu quelles cons\u00e9quences cela avait, en Alg\u00e9rie avec le   FIS, il y a quinze ans, ou en Egypte en 2005, en Irak et en Palestine. Si le   r\u00e9gime du Caire n\u2019avait pas brutalement contenu la vague, les \u00e9lections   auraient \u00e9t\u00e9 remport\u00e9es par les Fr\u00e8res Musulmans. La raison est simple: la   soci\u00e9t\u00e9 n\u2019\u00e9tait pas pr\u00e9par\u00e9e \u00e0 un vrai multipartisme et \u00e0 l\u2019instauration de   d\u00e9bats pour choisir ses repr\u00e9sentants en connaissance de cause. Cette   brutalit\u00e9 du passage de l\u2019autoritarisme \u00e0 l\u2019ouverture a fait que pour rejeter   l\u2019ordre \u00e9tabli, discr\u00e9dit\u00e9 et us\u00e9, les \u00e9lecteurs ont opt\u00e9 pour un mouvement   radical.      Pour vous, Isra\u00ebl est-il d\u00e9mocratique ?      C\u2019est une d\u00e9mocratie juive pour les Juifs, qui exclut les Arabes, lesquels ne   sont pas consid\u00e9r\u00e9s comme des citoyens \u00e0 part enti\u00e8re. Nous venons d\u2019assister   \u00e0 l\u2019arriv\u00e9e d\u2019un ministre arabe sans portefeuille dans un gouvernement   isra\u00e9lien, apr\u00e8s soixante ans d\u2019existence. Ce ministre n\u2019am\u00e8nera aucune   substance au gouvernement, ni m\u00eame \u00e0 sa communaut\u00e9. Il a \u00e9t\u00e9 nomm\u00e9 \u00e0 la suite   de la d\u00e9mission d\u2019un autre ministre, laquelle \u00e9tait due \u00e0 l\u2019arriv\u00e9e de   Liebermann au gouvernement. Pour lui, la t\u00e2che sera des plus ardues. La vraie   d\u00e9mocratie en Isra\u00ebl est r\u00e9serv\u00e9e aux Juifs.      Pensez-vous que des institutions telles que la Ligue arabe, l\u2019UMA ou le   Conseil de Coop\u00e9ration du Golfe sont moribondes ?      Depuis sa cr\u00e9ation, l\u2019UMA est paralys\u00e9e. La raison, c\u2019est que les Etats qui la   composent ne se font pas confiance. Si l\u2019on attend une coop\u00e9ration \u00e9conomique   avant d\u2019\u00eatre politique, il faut cr\u00e9er des r\u00e9gimes lib\u00e9raux prompts \u00e0 l\u2019\u00e9change,   respectueux des droits des citoyens et qui se font confiance. Quand le poids   des Services est exorbitant dans un Etat, c\u2019est la suspicion qui prime. Dans   les pays arabes, les Renseignements sont partout et tr\u00e8s peu dans les casernes.   Je suis tr\u00e8s critique quant \u00e0 la coop\u00e9ration interarabe. Il y a \u00e9norm\u00e9ment de   conflits qui ne sont pas r\u00e9gl\u00e9s. L\u2019UMA n\u2019existe que sur le papier et la Ligue   arabe est morte, m\u00eame si on n\u2019a pas encore publi\u00e9 le faire-part \u00bb!       Hormis la religion, est-ce le manque d\u2019int\u00e9r\u00eat \u00e9conomique entre les Etats   arabes qui justifie l\u2019absence d\u2019alliances strat\u00e9giques ?      Il faut des valeurs et des int\u00e9r\u00eats en commun. Une alliance, une strat\u00e9gie, se   fonde sur cela. Les valeurs universelles, telles que la libert\u00e9 individuelle,   le d\u00e9veloppement, la prosp\u00e9rit\u00e9, ne sont pas reconnues comme prioritaires dans   le Monde arabe. On en est encore tr\u00e8s loin. L\u2019exemple qui fonctionne est celui   de l\u2019Union Europ\u00e9enne. Pourtant l\u2019Europe avait plus de raison d\u2019\u00e9chouer que la   Ligue arabe n\u2019avait de raisons de r\u00e9ussir.       Le Monde arabe a \u00e9t\u00e9 le grand absent durant la guerre au Liban, cet \u00e9t\u00e9, tout   comme, s\u2019agissant de l\u2019Irak, de l\u2019ex\u00e9cution sommaire de Saddam. Qu\u2019en   pensez-vous ?      La Ligue arabe a eu deux positions successives par rapport au Liban. La   premi\u00e8re \u00e9tait une condamnation de l\u2019aventure du Hezbollah et c\u2019\u00e9tait justifi\u00e9.   Un parti, quel qu&rsquo;il soit, ne peut avoir la l\u00e9gitimit\u00e9 d\u2019engager une guerre   entre deux Etats. Mais il y avait un double discours chez certains Arabes, au   cours de la r\u00e9union des ministres arabes des Affaires \u00e9trang\u00e8res, tenue \u00e0   Beyrouth : un ministre d\u2019une monarchie du Golfe s\u2019est arr\u00eat\u00e9 quatre heures en   Isra\u00ebl, avant de rejoindre Beyrouth \u00e0 bord de son avion, escort\u00e9 par des   chasseurs isra\u00e9liens. Au cours de ce sommet, il a soutenu le Hezbollah et   l\u2019axe syro-iranien au Conseil de S\u00e9curit\u00e9 de l\u2019ONU. Les pays arabes n\u2019ont pas   de ligne ni de vision commune.       S\u2019agissant de l\u2019ex\u00e9cution de Saddam, elle a fait d\u2019un dictateur abominable un   h\u00e9ros des populations arabes ! L\u2019image de Saddam a f\u00e9d\u00e9r\u00e9 beaucoup de   personnes qui le d\u00e9testaient auparavant. On s\u2019interroge alors sur ces valeurs.   Comment peut-on soutenir un dictateur de la trempe de Saddam ? On peut, en fin   de compte, le condamner, tout en condamnant \u00e9galement ceux qui l\u2019ont ex\u00e9cut\u00e9 !   Car il s\u2019agissait bien d\u2019une vendetta et d\u2019un r\u00e8glement de comptes des Chiites   instrumentalis\u00e9s par l\u2019Iran contre les Sunnites. La grosse difficult\u00e9 de la   guerre qui s\u2019intensifie en Irak, c\u2019est qu\u2019elle va d\u00e9border les fronti\u00e8res de   ce seul pays. Il y a un risque d\u2019embrasement r\u00e9gional.      Pensez-vous que l\u2019avanc\u00e9e des D\u00e9mocrates am\u00e9ricains aura un impact sur le   renfort militaire ou le retrait militaire futur en Irak ?       L\u2019Irak d\u2019aujourd\u2019hui est un chaos indescriptible. Personne ne pourra arr\u00eater   le bain de sang. Si Bush d\u00e9cidait de se retirer, la guerre serait d\u2019une   intensit\u00e9 dix fois sup\u00e9rieure \u00e0 ce qu\u2019elle est aujourd\u2019hui. La fin d\u2019une   dictature am\u00e8ne un \u00e9clatement du pays et les divergences qu\u2019elle masquait   auparavant remontent en surface. Lorsque l\u2019Union sovi\u00e9tique s\u2019est effondr\u00e9e,   elle a vu son empire \u00e9clater. Quand Tito est mort, l\u2019ex-Yougoslavie s\u2019est   morcel\u00e9e. Avec la fin du r\u00e8gne de Saddam, l\u2019Irak a vu toutes ses fractures   remonter \u00e0 la surface. En l\u2019absence d\u2019une culture d\u00e9mocratique et de valeurs   comme le pluralisme politique, la libert\u00e9 individuelle, la tol\u00e9rance, le pays   est appel\u00e9 \u00e0 \u00e9clater. Quoi que fasse Bush, la donne ne changera pas. En se   retirant, Washington pourrait impliquer l\u2019Iran dans la guerre civile irakienne   et engloutir toute son \u00e9nergie dans ce conflit, au lieu de se consacrer \u00e0 son   programme nucl\u00e9aire. Une guerre civile \u00e0 l\u2019\u00e9chelle r\u00e9gionale conduira les pays   sunnites \u00e0 s\u2019engager pour soutenir les Sunnites irakiens.      Le Grand Moyen-Orient sera-t-il toujours d\u2019actualit\u00e9 avec les D\u00e9mocrates ?      Non. Bush est revenu en arri\u00e8re par rapport \u00e0 ce plan. Aujourd\u2019hui, la   stabilit\u00e9 prime sur la d\u00e9mocratie et tous les pays arabes se r\u00e9jouissent de   l\u2019\u00e9chec am\u00e9ricain en Irak. C\u2019est une mani\u00e8re pour eux d\u2019\u00eatre rassur\u00e9s, car   Bush n\u2019a plus les moyens d\u2019exiger une d\u00e9mocratie combattue par les r\u00e9gimes   \u00e9tablis.       A propos du Liban et suite \u00e0 la Conf\u00e9rence de Paris, ne pensez-vous pas que   cette m\u00e9thode de ne r\u00e9soudre les probl\u00e8mes que par la recherche de   financements est un aveu d\u2019\u00e9chec de la diplomatie \u00e0 l\u2019occidentale ?      L\u2019intention est tout \u00e0 fait louable et l\u00e9gitime : elle consiste \u00e0 trouver des   financements pour soutenir un gouvernement l\u00e9gitime contre un pr\u00e9sident qui a   un agenda li\u00e9 aux int\u00e9r\u00eats de la Syrie et de l\u2019Iran. Ce m\u00eame pr\u00e9sident tente   de torpiller le tribunal qui devra juger les assassins de Hariri. La   Conf\u00e9rence voulait \u00e9viter que le Liban ne fasse faillite. Le soutien est   politique et \u00e9conomique, conc\u00e9d\u00e9 \u00e0 un axe lib\u00e9ral qui fait face au \u00ab croissant   chiite \u00bb, qui s\u2019\u00e9tend de T\u00e9h\u00e9ran \u00e0 Gaza en passant par Bagdad, Damas et le   Hezbollah, sur la M\u00e9diterran\u00e9e.      A quand la paix dans cette r\u00e9gion ?      La paix, je ne sais pas si elle interviendra de notre vivant. Au mieux, dans   une ou deux g\u00e9n\u00e9rations. Il faut tout au moins jeter les bases de cette paix   en d\u00e9samor\u00e7ant la crise palestinienne et en cr\u00e9ant un Etat palestinien. Il   faudra d\u00e9samorcer toutes les bombes \u00e0 retardement de la r\u00e9gion. Le Liban aussi   a \u00e9norm\u00e9ment souffert. Ses voisins doivent respecter les r\u00e9solutions   onusiennes et la Syrie reconna\u00eetre le Liban en y d\u00e9p\u00eachant un ambassadeur. Il   y a \u00e9galement le grand chantier irakien \u00e0 r\u00e9sorber sous peine que la crise   engloutisse plusieurs pays de la r\u00e9gion. Les ann\u00e9es \u00e0 venir ne seront pas   rassurantes. Le terrorisme est un fl\u00e9au qui nous accompagnera longtemps avec   la d\u00e9centralisation du ph\u00e9nom\u00e8ne. Le meilleur rempart contre l\u2019islamisme   repose sur des pays islamiques et sur des ul\u00e9mas \u00e9clair\u00e9s qui devront r\u00e9viser   la doctrine en l\u2019expurgeant de la haine et du Takfir. Il faudra emp\u00eacher que   la mouvance islamiste s\u2019appuie sur la mis\u00e8re et la r\u00e9pression quotidienne pour   recruter.      <strong><font>(Source : \u00ab R\u00e9alit\u00e9s \u00bb (Magazine hebdomadaire \u2013   Tunis), N\u00b0 1105 du 1er mars 2007)<\/font><\/strong> \u00a0<\/div>\n<div align=\"justify\">\n<hr\/>\n<\/div>\n<div align=\"center\"> <strong><\/p>\n<h3 style=\"color: blue;\"><font size=\"3\">Jean Duvignaud n\u2019est plus : La   sociologie en deuil<\/font><\/h3>\n<p><\/strong><\/div>\n<div align=\"justify\">     Jean Duvignaud est mort. La Tunisie perd un ami et un pionnier. La g\u00e9n\u00e9ration   des sociologues tunisiens qui ont atteint aujourd\u2019hui l\u2019\u00e2ge de la retraite lui   sont tous reconnaissants. Il \u00e9tait leur mentor, le professeur et l\u2019ami. Il a   fond\u00e9 la section Sociologie \u00e0 la Facult\u00e9 des Lettres et Sciences Humaines (actuelle   9 avril) quand il n\u2019y en avait qu\u2019une au d\u00e9but des ann\u00e9es 60.<\/div>\n<div align=\"justify\">     Lors de son s\u00e9jour, il y a quelques ann\u00e9es, au Centre Culturel International   de Hammamet, il nous racontait, avec sa bonhomie de grand gar\u00e7on, malgr\u00e9 sa   petite taille, son entregent l\u00e9gendaire, son intelligence et ses r\u00e9parties,   comment il a pu faire des premiers \u00e9tudiants en sociologie un groupe d\u2019amis et   donner \u00e0 l\u2019enseignement un go\u00fbt platonicien.<\/div>\n<div align=\"justify\">     S\u2019il est connu en Tunisie en tant que sociologue, il \u00e9tait par ailleurs un   penseur et cr\u00e9ateur polyvalent, polyphonique dirions-nous : tour \u00e0 tour   dramaturge, sc\u00e9nariste, essayiste, \u00e9crivain, critique de th\u00e9\u00e2tre, dramaturge   et bien s\u00fbr anthropologue et sociologue. Il fut aussi un homme de revues et   grand compagnon des courants de pens\u00e9e novateurs de l\u2019Europe de   l\u2019apr\u00e8s-deuxi\u00e8me guerre mondiale. Il fut de tous les combats des id\u00e9es, un   troubadour de la cr\u00e9ation, de la pens\u00e9e et de l\u2019art et un fin scrutateur des   mouvements esth\u00e9tiques europ\u00e9ens et des courants culturels du monde. Un   humaniste pur jus.<\/div>\n<div align=\"justify\">     Il est mort le 17 f\u00e9vrier \u00e0 la Rochelle, o\u00f9 il naquit le 22 f\u00e9vrier 1921.   Amateur de Paul Val\u00e9ry dont il appliqua la fameuse phrase \u00ab Le vent se l\u00e8ve,   il faut tenter de vivre \u00bb. Comme Vercors, comme Malraux et Paulhan et tous les   tenants d\u2019une g\u00e9n\u00e9ration d\u2019\u00e9crivains humanistes et r\u00e9sistants, il va   abandonner la kh\u00e2gne du prestigieux Lyc\u00e9e parisien Henri IV, pour aller   rejoindre la R\u00e9sistance au Sud de la France. Entre R\u00e9sistance et clandestinit\u00e9   il va asseoir sa carri\u00e8re.   Le Th\u00e9\u00e2tre d\u2019abord<\/div>\n<div align=\"justify\">     Il d\u00e9bute comme critique de th\u00e9\u00e2tre \u00e0 la revue Contemporain, anim\u00e9e par Clara   Malraux, puis regagne la prestigieuse NRF, fond\u00e9e par Andr\u00e9 Gide, un autre   amoureux de la Tunisie, et anim\u00e9e par Gallimard o\u00f9 il devient le critique   th\u00e9\u00e2tral attitr\u00e9 de cette revue incontournable dans les ann\u00e9es 50 et va fonder   avec Roland Barthes la prestigieuse revue Th\u00e9\u00e2tre populaire tout en continuant   \u00e0 pratiquer la fiction et publie des romans : Le Sommeil de juillet (1947),   Quand le Soleil se tait (1949) et Le pi\u00e8ge (1951).      Sa pratique du th\u00e9\u00e2tre est exemplaire car il fut l\u2019accompagnateur de   dramaturges de renom : Adamov, Ionesco, Becket. Grand animateur du milieu   th\u00e9\u00e2tral parisien, il se voit charg\u00e9 de diriger la c\u00e9l\u00e9brissime collection \u00ab   Les grands dramaturges \u00bb aux \u00e9ditions de l\u2019Arche. Le premier volume de la   collection sera consacr\u00e9 en 1954 \u00e0 Georges B\u00fcchner.   Quand il est nomm\u00e9 professeur de philosophie \u00e0 Tours puis \u00e0 Etampes (1947   1956) , il applique la p\u00e9dagogie socratique entre ma\u00efeutique et th\u00e9\u00e2tralit\u00e9 ,   il fait jouer \u00e0 ses \u00e9l\u00e8ves la fameuse pi\u00e8ce Woyzeck de B\u00fcchner .<\/div>\n<div align=\"justify\">     La Sociologie du Th\u00e9\u00e2tre, c\u2019est Duvignaud<\/div>\n<div align=\"justify\">     De la philosophie et du th\u00e9\u00e2tre, il bascula vers la sociologie apr\u00e8s une   rencontre d\u00e9cisive avec George Gurvitch, qui dirigera sa th\u00e8se \u00e0 la Sorbonne   et lui proposera de se pencher sur la sociologie du th\u00e9\u00e2tre, au moment o\u00f9 le   professeur lan\u00e7ait son grand concept de microsociologie.   Chercheur au CNRS, il partira \u00e0 la recherche des origines du th\u00e9\u00e2tre en Gr\u00e8ce,   en Italie, \u00e0 Carthage et \u00e0 Dougga.   Chroniqueur de th\u00e9\u00e2tre aux Nouvelles Litt\u00e9raires de son ami Aragon puis \u00e0   L\u2019Express et au Nouvel Observateur, il continue sa qu\u00eate entre philosophie,   sociologie et art.   Entrecroisant sa culture philosophique avec les textes de Durkheim, il lance   la th\u00e9orie de l\u2019anomie qui va influencer ses \u00e9tudiants.   Le communiste d\u00e9senchant\u00e9 et le sociologue baroudeur<\/div>\n<div align=\"justify\">     Comme Gide, comme Aragon, les \u00e9v\u00e8nements de Hongrie en 1956, vrai s\u00e9isme   id\u00e9ologique \u00e9branlant le marxisme autosuffisant, apr\u00e8s la d\u00e9couverte des   affres du stalinisme, il quitte le Parti Communiste et rend compte de la   faillite des id\u00e9ologies totalitaires quand il \u00e9crit son fameux Pour entrer   dans le XX\u00e8me si\u00e8cle (1958). Alors il fonde avec Edgar Morin et Kostas Axelos   la revue Arguments.   A l\u2019or\u00e9e des ind\u00e9pendances des pays du Maghreb, il s\u2019int\u00e9resse \u00e0 la Tunisie et   accepte en 1960 un poste de Ma\u00eetre de conf\u00e9rences en sociologie \u00e0 la toute   r\u00e9cente Universit\u00e9 de Tunis.<\/div>\n<div align=\"justify\">     Tout en r\u00e9digeant sa th\u00e8se sur Antigone dont il traque l\u2019itin\u00e9raire, il   d\u00e9couvre le village de Ch\u00e9bika , alors enclav\u00e9, une ar\u00e8ne sociologique qui a   conserv\u00e9 les ingr\u00e9dients de la trag\u00e9die grecque, allant jusqu\u2019\u00e0 comparer une   femme de Ch\u00e9bika \u00e0 Antigone. Il amena ses \u00e9tudiants vivre \u00e0 Ch\u00e9bika et   d\u00e9couvrir ce que c\u2019est que le terrain et se d\u00e9couvrir eux-m\u00eames . Il en sort   un remarquable travail , le premier en Tunisie de ce genre d\u00e9bouchant sur une   enqu\u00eate-roman qui sera publi\u00e9e dans la prestigieuse collection Blanche de   Gallimard, et puis chez Plon. Texte o\u00f9 le narrateur se met en sc\u00e8ne avec ses   \u00e9tudiants et les habitants de Ch\u00e9bika. Ch\u00e9bika conna\u00eet un franc succ\u00e8s et va   jusqu\u2019\u00e0 irriter assez un Ben Salah, alors sp\u00e9cialiste des cache-mis\u00e8re sociaux,   pour qu\u2019il envoie un autobus de destouriens distribuer vivres et habits aux   habitants de Ch\u00e9bika et entamer le d\u00e9placement du village, perch\u00e9 sur les   pitons des montagnes avec leurs habitations berb\u00e8res bien adapt\u00e9es pour   reloger les villageois dans des baraquement en ciment au bord de la route,   acte que vont suivre les habitants de Tmeghza, Douiret, Ch\u00e9nini et \u00e0 l\u2019origine   du d\u00e9labrement de notre h\u00e9ritage berb\u00e8re . Cet h\u00e9ritage, magnifi\u00e9 par le   cin\u00e9aste Jean-Louis Bertucelli (Les Remparts d\u2019Argile) dans un film auquel   l\u2019Etat tunisien refusa l\u2019autorisation de tournage et finalement tourn\u00e9 en   Alg\u00e9rie. Ch\u00e9bika reste une r\u00e9f\u00e9rence en sociologie, car ce livre inaugure une   forme d\u2019anthropologie participative o\u00f9 l\u2019anthropologue d\u00e9couvre sa propre   image dans le reflet du miroir bris\u00e9 de l\u2019objet de sa recherche , d\u00e9marche   d\u00e9j\u00e0 effleur\u00e9e par Pierre Bourdieu, Germaine Tillon, Lapassade et d\u2019autres\u2026<\/div>\n<div align=\"justify\">     Khalil Zammiti, Salah Hamzaoui, Hechmi et Naima Karoui, Traki Zanned, et j\u2019en   oublie, se rappellent de cette immersion dans le terrain o\u00f9 un Fran\u00e7ais leur   fait d\u00e9couvrir leur propre pays \u00e0 travers les lunettes de ce sociologue qui   oscille entre une vie quotidiennet\u00e9 banalisante et les ingr\u00e9dients   dramaturgiques d\u2019une soci\u00e9t\u00e9 qui, selon lui, n\u2019a jamais chang\u00e9 depuis des   si\u00e8cles.   La th\u00e8se de Duvignaud sur \u00ab La sociologie du th\u00e9\u00e2tre\u00bb, comme ses deux ouvrages   de r\u00e9f\u00e9rences Durkheim (1965), et Introduction \u00e0 la sociologie(1966) restent   des r\u00e9f\u00e9rences en sociologie.<\/div>\n<div align=\"justify\">     Apr\u00e8s avoir dirig\u00e9 la chaire de Sociologie \u00e0 l\u2019Universit\u00e9 de Tours, il ne   d\u00e9sarme pas . Avec son ancien \u00e9tudiant, le talentueux Georges Perec, un autre   amoureux de la Tunisie, et le c\u00e9l\u00e8bre philosophe de la communication, l\u2019acerbe   et brillant Paul Verilio, il fonde en 1972 une revue atypique \u00abCause commune\u00bb   pour \u00ab Lire le texte du Monde et envisager l\u2019insurrection du possible\u00bb, dit-il.   Il va alors inaugurer une p\u00e9riode de voyages, traquant les cultures les plus   vernaculaires , sublim\u00e9es dans son ouvrage F\u00eate et civilisations(1973), dans   la veine de L\u00e9vis- Strauss .<\/div>\n<div align=\"justify\">     L\u2019Internationale de l\u2019Imaginaire<\/div>\n<div align=\"justify\">     En 1982, au si\u00e8ge de l\u2019ancienne Alliance Fran\u00e7aise, non loin de La Maison de   l\u2019Homme, Boulevard Raspail, il fonde La Maison des Cultures du Monde avec   Ch\u00e9rif Khaznadar, un autre amoureux de la Tunisie qui donna un nouveau souffle   au th\u00e9\u00e2tre tunisien au d\u00e9but des ann\u00e9es 60. Un lieu qui devient tr\u00e8s vite le   creuset o\u00f9 vont se produire les manifestations artistiques et culturelles des   r\u00e9gions les plus oubli\u00e9es du monde, oubli\u00e9es par l\u2019Establishment artistique et   culturel impos\u00e9 par les espaces conformistes.   C\u2019est l\u00e0-bas que j\u2019allais le visiter et lui demander conseil. L\u00e0 il fonde une   autre revue originale, sympathique et regorgeant de finesse, dont les textes   s\u2019inscrivent en porte-\u00e0-faux avec la litt\u00e9rature imbuvable des chercheurs   conventionnels et dont le titre \u00e0 lui seul r\u00e9sume la pens\u00e9e de cet emp\u00eacheur   de tourner en rond : \u00ab L\u2019Internationale de l\u2019Imaginaire\u00bb.<\/div>\n<div align=\"justify\">     Depuis 1980, Duvignaud a \u00e9t\u00e9 professeur \u00e0 Paris VII , o\u00f9 il a transform\u00e9 ses   cours en laboratoire de r\u00e9flexion sur la sociologie de l\u2019art.   L\u2019Image de la Tunisie   Pour la Tunisie , il a beaucoup fait. Son abn\u00e9gation et sa passion lors de la   fondation de la section de Sociologie \u00e0 l\u2019Universit\u00e9 de Tunis fut doubl\u00e9e   d\u2019une capacit\u00e9 d\u2019\u00e9coute et de justesse de regard vis-\u00e0-vis de la Tunisie.<\/div>\n<div align=\"justify\">     A c\u00f4t\u00e9 du c\u00e9l\u00e8bre \u00abCh\u00e9bika\u00bb ( Edition C\u00e9r\u00e8s), il r\u00e9dige chez C\u00e9r\u00e8s aussi un   beau livre, \u00abPaul Klee en Tunisie\u00bb, dont nous attendons la r\u00e9\u00e9dition avec   impatience, et bien s\u00fbr le beau texte sur Jalel ben Abdallah dans un livre   \u00e9dit\u00e9 par C\u00e9r\u00e8s aussi. Modeste et infatigable, il va accepter de r\u00e9diger des   prospectus publicitaires pour l\u2019Office du Tourisme Tunisien, dont le fameux   prospectus qui a \u00e9t\u00e9 traduit dans une dizaine de langues et distribu\u00e9 \u00e0 des   millions d\u2019exemplaires sur les oasis et le Grand Sud, et qui fut \u00e0 l\u2019origine   de faire d\u00e9couvrir le Sud tunisien aux touristes du Monde entier et qui est   souvent copi\u00e9 dans les guides touristiques. A relire ce texte, on reste \u00e9bloui   par l\u2019art de Jean Duvignaud de conjuguer l\u2019\u0153il d\u2019un sociologue et la plume   d\u2019un amateur de notre pays, qui cis\u00e8le ses phrases pour en faire un hymne \u00e0 la   Tunisie.   Nous attendons un hommage que lui rendra l\u2019Universit\u00e9 tunisienne, et un   m\u00e9lange de sociologie d\u00e9di\u00e9 en son nom.       Abdelkrim Gabous      (Ce texte a \u00e9t\u00e9 largement inspir\u00e9 par la n\u00e9crologie r\u00e9dig\u00e9e par Laurent Vidal,   de l\u2019Universit\u00e9 de La Rochelle et publi\u00e9 sur Le Monde du 21 f\u00e9vrier 2007)<\/div>\n<div align=\"justify\"> <font><strong>(Source : \u00ab R\u00e9alit\u00e9s \u00bb (Magazine hebdomadaire \u2013   Tunis), N\u00b0 1105 du 1er mars 2007)<\/strong><\/font><\/div>\n<div align=\"justify\"> <strong><\/p>\n<hr\/>\n<p><\/strong><\/div>\n<div align=\"center\"> <font><strong><\/p>\n<h3 style=\"color: blue;\"><font size=\"3\">Dans le Rh\u00f4ne, le   coll\u00e8ge-lyc\u00e9e musulman Al-Kindi fait sa rentr\u00e9e avec une classe de sixi\u00e8me<\/font><\/h3>\n<p><\/strong><\/font><\/div>\n<div align=\"center\"> <font><\/font><\/div>\n<div align=\"justify\">  Associated Press, le 5 mars 2007 \u00e0 14h43   DECINES, Rh\u00f4ne (AP) &#8212; Apr\u00e8s six mois de bataille juridique avec le rectorat   de l&rsquo;acad\u00e9mie de Lyon, oppos\u00e9 au projet invoquant des raisons de s\u00e9curit\u00e9 et   administratives, l&rsquo;\u00e9tablissement scolaire musulman Al-Kindi a officiellement   ouvert ses portes lundi matin, \u00e0 D\u00e9cines dans le Rh\u00f4ne, avec une classe de 6e.   Le 28 f\u00e9vrier, le Conseil sup\u00e9rieur de l&rsquo;\u00e9ducation avait donn\u00e9 son feu vert \u00e0   l&rsquo;ouverture de ce coll\u00e8ge-lyc\u00e9e priv\u00e9 hors contrat qui envisage d\u00e8s septembre   prochain d&rsquo;accueillir pr\u00e8s de 150 \u00e9l\u00e8ves. Avec le lyc\u00e9e Averro\u00e8s ouvert \u00e0   Lille en 2003, la France compte d\u00e9sormais deux \u00e9tablissements scolaires   musulmans.   Au total, 22 \u00e9l\u00e8ves, dont plusieurs jeunes filles voil\u00e9es, se sont pr\u00e9sent\u00e9s   devant les grilles de leur nouveau coll\u00e8ge d\u00e8s 8h30 lundi afin de d\u00e9couvrir   leur nouvel emploi du temps et leur dix professeurs.   Outre le programme scolaire de l&rsquo;Education nationale, deux heures optionnelles   de \u00ab\u00a0cultures de l&rsquo;Islam\u00a0\u00bb et plusieurs heures de soutien scolaire sont propos\u00e9s.   L&rsquo;\u00e9tablissement, qui fermera le vendredi apr\u00e8s-midi pour respecter la   tradition musulmane, est dot\u00e9 d&rsquo;une aum\u00f4nerie o\u00f9 les \u00e9l\u00e8ves de toute   confession pourront prier. Les fondateurs d&rsquo;Al-Kindi, du nom d&rsquo;un philosophe   arabe du IXe si\u00e8cle, souhaitent cr\u00e9er un \u00e9tablissement d&rsquo;\u00e9lite. \u00ab\u00a0Nous   attendons les premiers r\u00e9sultats pour vraiment \u00eatre fiers mais nous voulons   avant tout donner aux \u00e9l\u00e8ves les moyens de r\u00e9ussir et de s&rsquo;ouvrir au monde\u00a0\u00bb, a   expliqu\u00e9 Hakim Chergui, vice-pr\u00e9sident de l&rsquo;association Al-Kindi. \u00ab\u00a0Cet   \u00e9tablissement s&rsquo;ouvre dans un esprit de libert\u00e9 cultuelle. Les enfants   viennent avec les v\u00eatements qu&rsquo;ils souhaitent et avec les id\u00e9es qu&rsquo;ils ont\u00a0\u00bb.   \u00ab\u00a0Je suis heureuse car je vais mieux travailler. Dans mon ancien coll\u00e8ge,   beaucoup de profs \u00e9taient absents\u00a0\u00bb, a d\u00e9clar\u00e9 Za\u00efnem Bejaoui, 11 ans, \u00e0   l&rsquo;allure tr\u00e8s studieuse.   \u00ab\u00a0Ici, les enfants sont en libert\u00e9, ils sont comme chez eux. Ils peuvent porter   le voile contrairement au public ou au priv\u00e9\u00a0\u00bb, expliquait de son c\u00f4t\u00e9 Oya   Bogan, parent d&rsquo;\u00e9l\u00e8ve.   Pour des raisons p\u00e9dagogiques, la direction n&rsquo;a pas souhait\u00e9 ouvrir d&rsquo;autres   classes lundi. Des \u00e9l\u00e8ves de 5e, 4e, 3e et 2nde devraient int\u00e9grer   l&rsquo;\u00e9tablissement d\u00e8s septembre prochain. Des cours de langues rares telles que   le chinois, le turc, l&rsquo;arabe, ou encore le japonais seront dispens\u00e9s \u00e0 partir   de cette date \u00e9galement.   Selon la direction, les 700.000 euros de travaux ont \u00e9t\u00e9 essentiellement   financ\u00e9s par des dons de la communaut\u00e9 musulmane et le co\u00fbt de fonctionnement   du lyc\u00e9e sera en grande partie couvert par les frais de scolarit\u00e9 qui   s&rsquo;\u00e9l\u00e8vent \u00e0 environ 1.200 euros par \u00e9l\u00e8ve et par an.   Associated Press<\/div>\n<p><\/font><\/p>\n<div align=\"justify\">\n<hr\/>\n<\/div>\n<div align=\"center\"> <strong><\/p>\n<h3 style=\"color: blue;\"><font size=\"3\">Le g\u00e9n\u00e9ral Aussaresses confirme que le   chef du FLN \u00e0 Alger, Larbi Ben M&rsquo;Hidi, a \u00e9t\u00e9 pendu<\/font><\/h3>\n<p><\/strong><\/div>\n<div align=\"justify\"> <strong><font>Florence Beaug\u00e9<\/font><\/strong><\/div>\n<div align=\"justify\">     Cinquante ans apr\u00e8s, les circonstances exactes de la mort de Larbi Ben M&rsquo;Hidi,   chef politico-militaire du FLN pour la r\u00e9gion d&rsquo;Alger en 1957, restent   controvers\u00e9es. La th\u00e8se officielle pr\u00e9sent\u00e9e \u00e0 l&rsquo;\u00e9poque par l&rsquo;arm\u00e9e fran\u00e7aise   &#8211; le suicide &#8211; n&rsquo;a jamais \u00e9t\u00e9 d\u00e9mentie par la France. En Alg\u00e9rie, beaucoup   pr\u00e9f\u00e8rent croire que Larbi Ben M&rsquo;Hidi a \u00e9t\u00e9 fusill\u00e9, au terme de quinze jours   d&rsquo;interrogatoires et de tortures.<\/div>\n<div align=\"justify\">     Le g\u00e9n\u00e9ral Paul Aussaresses revient aujourd&rsquo;hui, dans un entretien au Monde,   sur cette mise \u00e0 mort d\u00e9j\u00e0 \u00e9voqu\u00e9e dans son livre (Services sp\u00e9ciaux, Alg\u00e9rie   1955-1957), et r\u00e9v\u00e8le les derniers instants du chef FLN.<\/div>\n<div align=\"justify\">     Arr\u00eat\u00e9 par les parachutistes \u00e0 la mi-f\u00e9vrier 1957, Larbi Ben M&rsquo;Hidi a \u00e9t\u00e9   ex\u00e9cut\u00e9, mais n&rsquo;a pas \u00e9t\u00e9 tortur\u00e9. Cet homme originaire du Constantinois,   alors \u00e2g\u00e9 de 34 ans, a m\u00eame \u00e9t\u00e9 trait\u00e9 avec \u00e9gards par le g\u00e9n\u00e9ral Bigeard (colonel   \u00e0 l&rsquo;\u00e9poque), qui ne d\u00e9sesp\u00e9rait pas de le rallier \u00e0 la France. Peine perdue.   Le 3 mars, Bigeard se r\u00e9sout \u00e0 abandonner son prisonnier au \u00ab\u00a0commandant O\u00a0\u00bb,   alias Paul Aussaresses.<\/div>\n<div align=\"justify\">     Officiellement charg\u00e9 de coordonner le travail des officiers de renseignements,   de la police et de la justice pendant la bataille d&rsquo;Alger, le \u00ab\u00a0commandant O\u00a0\u00bb   effectue sans \u00e9tats d&rsquo;\u00e2me la sale besogne que le pouvoir politique, en   m\u00e9tropole, laisse faire, voire ordonne, aux chefs militaires fran\u00e7ais \u00e0 Alger.   Dans la nuit du 3 au 4 mars 1957, Larbi Ben M&rsquo;Hidi est donc emmen\u00e9, en jeep, \u00e0   vive allure, vers la Mitidja, plaine agricole proche d&rsquo;Alger. Il sait ce qui   l&rsquo;attend. Un peu plus t\u00f4t, un groupe de parachutistes lui a rendu les honneurs,   sur ordre du colonel Bigeard.<\/div>\n<div align=\"justify\">     Le chef FLN est conduit dans la ferme d\u00e9saffect\u00e9e d&rsquo;un colon extr\u00e9miste. On le   fait attendre \u00e0 l&rsquo;\u00e9cart. Pendant ce temps, Aussaresses et ses hommes, six au   total, pr\u00e9parent l&rsquo;ex\u00e9cution. Ils glissent une corde autour du tuyau de   chauffage accroch\u00e9 au plafond, font un noeud coulant et installent un tabouret   en dessous.   \u00ab\u00a0L&rsquo;un d&rsquo;eux a jou\u00e9 le r\u00f4le du supplici\u00e9 pour v\u00e9rifier que tout \u00e9tait au point.   Il est mont\u00e9 sur un tabouret, a pass\u00e9 sa t\u00eate dans le noeud et nous a regard\u00e9s,   se souvient le g\u00e9n\u00e9ral Aussaresses. Ce n&rsquo;est pas bien ce que je vais vous dire,   mais \u00e7a a provoqu\u00e9 un fou rire g\u00e9n\u00e9ral.\u00a0\u00bb<\/div>\n<div align=\"justify\">     Il est un peu plus de minuit quand on introduit le chef FLN dans la pi\u00e8ce. Un   parachutiste s&rsquo;approche pour lui mettre un bandeau sur les yeux. Larbi Ben   M&rsquo;Hidi refuse. \u00ab\u00a0C&rsquo;est un ordre !\u00a0\u00bb, r\u00e9plique le pr\u00e9pos\u00e9 \u00e0 la t\u00e2che. Larbi Ben   M&rsquo;Hidi r\u00e9torque alors : \u00ab\u00a0Je suis moi-m\u00eame colonel de l&rsquo;ALN (Arm\u00e9e de   lib\u00e9ration nationale), je sais ce que sont les ordres !\u00a0\u00bb Ce seront ses   derni\u00e8res paroles. Le \u00ab\u00a0commandant O\u00a0\u00bb refuse d&rsquo;acc\u00e9der \u00e0 sa requ\u00eate. Larbi Ben   M&rsquo;Hidi, les yeux band\u00e9s, ne dira plus rien jusqu&rsquo;\u00e0 la fin.   Pour le pendre, les bourreaux vont s&rsquo;y prendre \u00e0 deux fois. La premi\u00e8re fois,   la corde se casse. Dans cette pr\u00e9cision r\u00e9v\u00e9l\u00e9e par Aussaresses, Drifa Ben   M&rsquo;Hidi, la soeur du supplici\u00e9, dit aujourd&rsquo;hui trouver du r\u00e9confort. C&rsquo;est \u00e0   ses yeux \u00ab\u00a0le signe d&rsquo;une intervention divine\u00a0\u00bb.<\/div>\n<div align=\"justify\">     Un ancien combattant alg\u00e9rien, Mohamed Cherif Moulay, confirme la th\u00e8se de   l&rsquo;ex\u00e9cution de Larbi Ben M&rsquo;Hidi par pendaison et non par balles. Le lundi   apr\u00e8s-midi 4 mars 1957, celui qui est alors un adolescent se rend \u00e0 la morgue   de Saint-Eug\u00e8ne pour r\u00e9cup\u00e9rer le corps de son p\u00e8re, tu\u00e9 la nuit pr\u00e9c\u00e9dente   par les parachutistes dans la casbah d&rsquo;Alger. \u00ab\u00a0Un cadavre se trouvait sur une   table m\u00e9tallique. Il portait un pantalon gris, une chemise blanche et une   veste. Sur l&rsquo;un de ses gros orteils, il y avait une \u00e9tiquette accroch\u00e9e avec   un nom : \u00ab\u00a0Ben M&rsquo;Hidi\u00a0\u00bb. J&rsquo;ai tout de suite reconnu son visage. Le matin m\u00eame,   j&rsquo;avais vu sa photo dans le journal, annon\u00e7ant sa mort\u00a0\u00bb, raconte Mohamed   Cherif Moulay. L&rsquo;ancien combattant se souvient que le corps du chef FLN \u00ab\u00a0ne   saignait pas, ne portait aucun impact de balles, ni traces de sang\u00a0\u00bb. En   revanche, Larbi Ben M&rsquo;Hidi avait \u00e0 la hauteur du cou \u00ab\u00a0une sorte de bleu   rouge\u00e2tre, comme un oed\u00e8me\u00a0\u00bb.<\/div>\n<div align=\"justify\">     Aujourd&rsquo;hui, Larbi Ben M&rsquo;Hidi, le \u00ab\u00a0Jean Moulin alg\u00e9rien\u00a0\u00bb comme le surnomment   souvent les Alg\u00e9riens, repose dans le \u00ab\u00a0carr\u00e9 des martyrs\u00a0\u00bb, au cimeti\u00e8re   El-Alia d&rsquo;Alger.<\/div>\n<div align=\"justify\"> <font><strong>(Source : \u00ab Le Monde \u00bb (Quotidien \u2013 France) du 6   mars 2007)<\/strong><\/font><\/div>\n<div align=\"justify\"> <strong><\/p>\n<hr\/>\n<p><\/strong><\/div>\n<div align=\"justify\">  \u00a0<\/div>\n<div align=\"center\"> <font><strong><\/p>\n<h3 style=\"color: blue;\"><font size=\"3\">Basra Raid Finds   Dozens Detained by Iraq Spy Unit<\/font><\/h3>\n<p><\/strong><\/font><\/div>\n<div align=\"justify\">     By KIRK SEMPLE   BAGHDAD, Monday, March 5 \u2014 Iraqi special forces and British troops stormed the   offices of an Iraqi government intelligence agency in the southern city of   Basra on Sunday, and British officials said they discovered about 30 prisoners,   some showing signs of torture.    The raid appeared to catch Iraq\u2019s central government by surprise and raised   new questions about the rule of law in the Shiite-dominated south, where less   than two weeks ago Britain announced plans for a significant reduction in its   forces because of improved stability.   News of the Basra raid, with its resonant themes of torture and   sectarian-driven conflict, coincided with the next stage of the intensified   security plan here in Baghdad, where more than 1,100 American and Iraqi   soldiers moved into Sadr City, a stronghold of Iraq\u2019s largest Shiite militia.   The soldiers met no resistance in what the Americans called the plan\u2019s biggest   test yet.<\/div>\n<div align=\"justify\">     Prime Minister Nuri Kamal al-Maliki, a conservative Shiite, condemned the raid   in Basra. He publicly said nothing about the evidence of torture.    \u00ab\u00a0The prime minister has ordered an immediate investigation into the incident   of breaking into the security compound in Basra and stressed the need to   punish those who have carried out this illegal and irresponsible act,\u00a0\u00bb said   the full text of a statement issued late Sunday by his office.   It remained unclear why he sought to pursue the raiding force aggressively   rather than the accusations of prisoner abuse. Efforts to reach officials in   his office were unsuccessful.    The discovery of prisoners in the Basra offices, which the British described   as the headquarters of Iraq\u2019s government intelligence agency, echoed other   recent cases in which American or British forces stumbled onto a   government-run detention center that held people showing signs of torture.    As recently as December, a combined force of British and Iraqi troops   assaulted a police station in Basra and rescued 127 prisoners from fetid   conditions. Some of the prisoners had been tortured.<\/div>\n<div align=\"justify\">     The most significant recent case involved a secret Baghdad prison run by the   Shiite-controlled Interior Ministry, known as Site 4 and discovered by   American and Iraqi troops last year, where more than 1,400 prisoners were   discovered and where some had been subjected to systematic abuse.    Mr. Maliki has been under considerable pressure, particularly from American   officials and Sunni Arab leaders, to rid the country\u2019s Shiite-run security and   intelligence forces of militia influence and human rights abuses. American   officials have warned Iraqi leaders that they might curtail aid to the   Interior Ministry, which runs the country\u2019s police forces, if officials who   commit \u00ab\u00a0gross violations of human rights\u00a0\u00bb and are not held accountable.   The Interior Ministry, dominated by Shiites, has long been accused by Sunni   Arabs of complicity in torture and killings.<\/div>\n<div align=\"justify\">     It was unclear whether the Basra detainees were still in custody, and there   was no further information on the of the detainees or their captors. A   spokesman for the British military command in Basra, Maj. David Gell, said in   a telephone interview early Monday that he could not provide any further   information about them. Reuters news agency said the detainees included a   woman and two children.   The raid in Basra comes as the British command is planning a drawdown of as   many as 1,600 of its 7,200 troops, a decision driven by the British   government\u2019s assessment that Iraqi forces are strong enough to manage the   security of the region on their own. In announcing the reduction on Feb. 22,   Prime Minister Tony Blair said that while the Basra area remained dangerous,   British troops faced far less violence than Americans farther north and that   \u00ab\u00a0the next chapter in Basra\u2019s history can be written by Iraqis.\u00a0\u00bb<\/div>\n<div align=\"justify\">     It was unclear whether the discovery in Basra would have any impact on British   planning.    Major Gell said the intelligence agency office was raided after an   investigation earlier Sunday led to the capture of five suspected bomb makers   and evidence that pointed to possible violations at the agency\u2019s offices. In   those offices, he said, \u00ab\u00a0Evidence of significant criminal activity such as   torture was found.\u00a0\u00bb    In Baghdad, Iraqi and American soldiers began to patrol the streets of Sadr   City and conducted house-to-house searches for illegal weapons and militia   fighters linked to sectarian crimes, according to residents and the American   military command. No shots were fired.<\/div>\n<div align=\"justify\">     \u00ab\u00a0Local residents were receptive and cooperative with coalition and Iraqi   forces,\u00a0\u00bb said Lt. Col. Scott R. Bleichwehl, a military spokesman in Baghdad.   The operation is the most ambitious since the implementation of the latest   security plan for Baghdad nearly three weeks ago. The push into Sadr City, a   bastion of Shiite militancy and anti-Americanism, will serve as a test of Mr.   Maliki\u2019s willingness to seriously confront the country\u2019s Shiite militias,   particularly the Mahdi Army, which is based in Sadr City and is led by Moktada   al-Sadr, a powerful cleric.<\/div>\n<div align=\"justify\">     Sadr City residents said they witnessed American soldiers converting a police   station into a small garrison on the neighborhood\u2019s western flank. American   and Iraqi military officials would not confirm this report, but officials have   been planning to open a joint Iraqi-American security station there, one of   several in the plan to pacify Baghdad, unveiled by President Bush in January.     The sweep on Sunday amounted to the largest military operation in Sadr City   involving American troops since 2004, when the Americans suppressed a violent   uprising of the Mahdi Army with ground forces and aerial bombardments.   American officials have been pressing Mr. Maliki to send troops into Sadr City   and wrest control from the Mahdi Army, which has been accused of driving the   cycle of sectarian bloodshed but is considered by many Shiite followers of Mr.   Sadr to be a bulwark defense against Sunni insurgents.   The prime minister has also been under pressure from the Americans and his   Iraqi critics to distance himself politically from Mr. Sadr, whose backing was   decisive in Mr. Maliki\u2019s campaign for prime minister last year.<\/div>\n<div align=\"justify\">     On Sunday, Mr. Maliki announced that he planned to reshuffle his cabinet   within the next two weeks, possibly eroding Mr. Sadr\u2019s influence in the   administration. While the prime minister did not identify whom he would   replace, two prominent Shiite politicians said in interviews on Sunday that   the Health Ministry, the most powerful of the six ministries run by a Sadr   loyalist, would be removed from Mr. Sadr\u2019s faction\u2019s control.    The military incursion into Sadr City, widely anticipated for days, lacked any   element of surprise. It followed protracted negotiations \u2014 among   representatives of Mr. Sadr, neighborhood leaders, Iraqi government officials   and American and British military commanders \u2014 regarding the American role in   Sadr City, home to at least 1.5 million people.<\/div>\n<div align=\"justify\">     Mr. Sadr has long demanded an American withdrawal from Iraq. But he has   promised not to impede the government\u2019s latest crackdown in Baghdad, which   involves a so-called surge of about 20,000 American troops in the capital. The   cleric has privately ordered his militia fighters not to resist the military   sweeps regardless of provocation.    Many militia leaders, in turn, have left Sadr City and sought sanctuary in   Shiite-dominated southern Iraq and Iran, possibly figuring that they can wait   out the offensive and return to the capital later. Their subordinates, foot   soldiers who have for years operated openly in Sadr City, manning checkpoints   and maintaining neighborhood watches, have also remained out of sight in   recent days.<\/div>\n<div align=\"justify\">     For the past two weeks, American and Iraqi forces have been conducting sweeps   of neighborhoods bordering Sadr City. These operations, in eastern Baghdad,   have been the centerpiece of the new security plan, which is viewed by many   here as a last-ditch effort to save the country from all-out civil war.   American and Iraqi commanders say they have conducted thousands of patrols and   detained hundreds of suspects.    Abdul Hassan Jubara al-Kahbi, the manager of the Sadr City governing council,   warned that a prolonged American presence in the neighborhood might eventually   incite militia members to retaliate.    Other residents, however, had more mundane concerns, like the traffic jams the   sweep caused.    \u00ab\u00a0You can see a vehicle at the entrance of each street,\u00a0\u00bb said a 45-year-old   baker, who gave only his nickname, Abu Aqil. \u00ab\u00a0It took me two hours to reach   the grocery store and return home.\u00a0\u00bb<\/div>\n<div align=\"justify\">     Elsewhere, the American command said Sunday that one marine and one sailor   were killed on Friday while conducting a combat mission in Anbar Province, and   another marine was killed on Saturday, also while on a combat mission in   Anbar.   In an operation unrelated to the Sadr City incursion, American soldiers in   Baghdad raided a mosque on Sunday and captured three suspected insurgents   hiding inside, according to the American military.<\/div>\n<div align=\"justify\">     In the western Baghdad neighborhood of Jamiya, the authorities discovered the   bodies of eight Shiite pilgrims who were apparently on their way to a holy   city south of the capital to celebrate an Islamic holiday this weekend. The   bodies were handcuffed and had bullet holes in their heads, according to an   official at Yarmouk Hospital.    In Hilla, a bomb killed four other Shiite pilgrims \u2014 three women and a child \u2014   on their way to Karbala, one of the southern holy cities. The bomb was   apparently intended for an American convoy but missed, according to an   official at the Interior Ministry. Two others were wounded.    In Baghdad, three people were killed and seven were wounded in a series of   attacks. In one, an editor for the Iraqi newspaper Al Mashriq was shot and   killed by gunmen while he waited to catch a bus to go to work, an official at   the Interior Ministry and a colleague said.    Reporting was contributed by Khalid al-Ansary, Hosham Hussein, Abdul Razzaq   al-Saiedi and an Iraqi employee of The New York Times.<\/div>\n<div align=\"justify\"> <strong><font>(Source: The New York Times (Quotidian \u2013 USA),   le 5 mars 2007)<\/font><\/strong><\/div>\n<hr\/>\n<p align=\"center\"><b><a href=\"https:\/\/tunisnews.net\/ar\/\"><font face=\"Arabic Transparent\"><span><font>Home<\/font><\/span><font><span lang=\"FR-CH\"> &#8211; Accueil <\/span><span>&#8211; <\/span><\/font><\/font><span dir=\"rtl\" lang=\"AR-SA\"><font>\u0627\u0644\u0631\u0626\u064a\u0633\u064a\u0629<\/font><\/span><\/a><\/b><\/p>\n<p><\/body><\/body><\/html><\/p>","protected":false},"excerpt":{"rendered":"<p>Home &#8211; Accueil &#8211; \u0627\u0644\u0631\u0626\u064a\u0633\u064a\u0629 TUNISNEWS 7\u00a0\u00e8me\u00a0ann\u00e9e, N\u00b0\u00a02478 du 05.03.2007 \u00a0archives : www.tunisnews.net L&rsquo; \u00e9dito de l\u00b4Audace: La Bande des Quatreet la libert\u00e9 d&rsquo;informer L\u2019Audace: Corruption AFP: Assassinat d&rsquo;un ex-ministre belge en 1991: ouverture du proc\u00e8s d&rsquo;un complice AFP: Attentat de Djerba: jugement confirm\u00e9 pour le complice du kamikaze tunisien AP: Tunisie: confirmation du jugement [&hellip;]<\/p>\n","protected":false},"author":1,"featured_media":22040,"comment_status":"open","ping_status":"open","sticky":false,"template":"","format":"standard","meta":{"inline_featured_image":false,"site-sidebar-layout":"default","site-content-layout":"","ast-site-content-layout":"default","site-content-style":"default","site-sidebar-style":"default","ast-global-header-display":"","ast-banner-title-visibility":"","ast-main-header-display":"","ast-hfb-above-header-display":"","ast-hfb-below-header-display":"","ast-hfb-mobile-header-display":"","site-post-title":"","ast-breadcrumbs-content":"","ast-featured-img":"","footer-sml-layout":"","ast-disable-related-posts":"","theme-transparent-header-meta":"","adv-header-id-meta":"","stick-header-meta":"","header-above-stick-meta":"","header-main-stick-meta":"","header-below-stick-meta":"","astra-migrate-meta-layouts":"default","ast-page-background-enabled":"default","ast-page-background-meta":{"desktop":{"background-color":"","background-image":"","background-repeat":"repeat","background-position":"center center","background-size":"auto","background-attachment":"scroll","background-type":"","background-media":"","overlay-type":"","overlay-color":"","overlay-opacity":"","overlay-gradient":""},"tablet":{"background-color":"","background-image":"","background-repeat":"repeat","background-position":"center center","background-size":"auto","background-attachment":"scroll","background-type":"","background-media":"","overlay-type":"","overlay-color":"","overlay-opacity":"","overlay-gradient":""},"mobile":{"background-color":"","background-image":"","background-repeat":"repeat","background-position":"center center","background-size":"auto","background-attachment":"scroll","background-type":"","background-media":"","overlay-type":"","overlay-color":"","overlay-opacity":"","overlay-gradient":""}},"ast-content-background-meta":{"desktop":{"background-color":"var(--ast-global-color-5)","background-image":"","background-repeat":"repeat","background-position":"center center","background-size":"auto","background-attachment":"scroll","background-type":"","background-media":"","overlay-type":"","overlay-color":"","overlay-opacity":"","overlay-gradient":""},"tablet":{"background-color":"var(--ast-global-color-5)","background-image":"","background-repeat":"repeat","background-position":"center center","background-size":"auto","background-attachment":"scroll","background-type":"","background-media":"","overlay-type":"","overlay-color":"","overlay-opacity":"","overlay-gradient":""},"mobile":{"background-color":"var(--ast-global-color-5)","background-image":"","background-repeat":"repeat","background-position":"center center","background-size":"auto","background-attachment":"scroll","background-type":"","background-media":"","overlay-type":"","overlay-color":"","overlay-opacity":"","overlay-gradient":""}},"footnotes":""},"categories":[],"tags":[55,38,29],"class_list":["post-16212","post","type-post","status-publish","format-standard","has-post-thumbnail","hentry","tag-55","tag-38","tag-fr"],"_links":{"self":[{"href":"https:\/\/tunisnews.net\/ar\/wp-json\/wp\/v2\/posts\/16212","targetHints":{"allow":["GET"]}}],"collection":[{"href":"https:\/\/tunisnews.net\/ar\/wp-json\/wp\/v2\/posts"}],"about":[{"href":"https:\/\/tunisnews.net\/ar\/wp-json\/wp\/v2\/types\/post"}],"author":[{"embeddable":true,"href":"https:\/\/tunisnews.net\/ar\/wp-json\/wp\/v2\/users\/1"}],"replies":[{"embeddable":true,"href":"https:\/\/tunisnews.net\/ar\/wp-json\/wp\/v2\/comments?post=16212"}],"version-history":[{"count":0,"href":"https:\/\/tunisnews.net\/ar\/wp-json\/wp\/v2\/posts\/16212\/revisions"}],"wp:featuredmedia":[{"embeddable":true,"href":"https:\/\/tunisnews.net\/ar\/wp-json\/wp\/v2\/media\/22040"}],"wp:attachment":[{"href":"https:\/\/tunisnews.net\/ar\/wp-json\/wp\/v2\/media?parent=16212"}],"wp:term":[{"taxonomy":"category","embeddable":true,"href":"https:\/\/tunisnews.net\/ar\/wp-json\/wp\/v2\/categories?post=16212"},{"taxonomy":"post_tag","embeddable":true,"href":"https:\/\/tunisnews.net\/ar\/wp-json\/wp\/v2\/tags?post=16212"}],"curies":[{"name":"wp","href":"https:\/\/api.w.org\/{rel}","templated":true}]}}