{"id":16203,"date":"2006-07-12T00:00:00","date_gmt":"2006-07-12T00:00:00","guid":{"rendered":"https:\/\/tunisnews.net\/12-juillet-2006\/"},"modified":"2006-07-12T00:00:00","modified_gmt":"2006-07-12T00:00:00","slug":"12-juillet-2006","status":"publish","type":"post","link":"https:\/\/tunisnews.net\/ar\/12-juillet-2006\/","title":{"rendered":"12 juillet 2006"},"content":{"rendered":"<p><html><head><meta content=\"text\/html\" description=\"                                                      Pana Press: Un demandeur                                                       d\u2019asile tunisien dans la                                                       gal\u00e8re \u00e0 Bujumbura \" http-equiv=\"Content-Type\"\/><\/head><body><body style=\"text-align: justify\"><\/p>\n<p align=\"center\"><b><a href=\"\/ar\/25juin06f.htm\/\"><span>Home<\/span><span lang=\"FR-CH\"> &#8211; Accueil <\/span><span>&#8211; <\/span><span dir=\"rtl\" lang=\"AR-SA\">\u0627\u0644\u0631\u0626\u064a\u0633\u064a\u0629<\/span><\/a><\/b><\/p>\n<div> <font face=\"Arial\" size=\"2\"> <\/p>\n<div>\n<div>\n<table border=\"1\" width=\"100%\">\n<tr>\n<td bgcolor=\"#efefef\" width=\"100%\"> <span lang=\"AR-SA\"> <\/p>\n<div align=\"left\">  <\/div>\n<div> <span lang=\"FR\"> <\/p>\n<div align=\"center\" dir=\"ltr\"> <font face=\"Arial\" size=\"2\"><font> <span lang=\"SV\"> <strong>TUNISNEWS<\/strong><\/span> <\/font><\/font> <\/div>\n<div align=\"center\" dir=\"ltr\"> <strong><font face=\"Arial\" size=\"2\"><font>              7\u00a0\u00e8me\u00a0ann\u00e9e, <span lang=\"FR\">N\u00b0\u00a02242 du 12.07.2006<\/span><\/font><\/font><\/strong><\/div>\n<div align=\"center\" dir=\"ltr\"> <strong> <\/p>\n<div align=\"center\"> <b><span><blink> <font face=\"Arial\" size=\"2\">\u00a0archives : <\/font> <a href=\"https:\/\/tunisnews.net\/ar\/\" target=\"_blank\" rel=\"noopener\"> <font face=\"Arial\" size=\"2\" target=\"_blank\">                www.tunisnews.net<\/font><\/a><\/blink><\/span><\/b><font face=\"Arial\" size=\"2\"> <\/font> <\/div>\n<p> <\/strong><\/div>\n<p> <\/span><\/div>\n<div align=\"left\" dir=\"ltr\"> <font face=\"Arial\" size=\"2\"> <\/p>\n<hr noshade=\"\" size=\"8\"\/><\/font> <\/div>\n<div>\n<p><font> <\/p>\n<div align=\"left\">\n<div>\n<div> <font> <\/p>\n<div>\n<div>\n<div>\n<div> <span lang=\"FR-CH\"> <\/p>\n<div>\n<div>\n<div> <font face=\"Arial\"> <span lang=\"FR\"> <span lang=\"FR\"> <font size=\"3\"> <span lang=\"FR\"> <\/p>\n<p><font> <\/p>\n<div> <font face=\"Arial\"> <\/p>\n<div> <font face=\"Arial\"> <\/p>\n<div>\n<p><font face=\"Arial\"> <\/p>\n<div> <font> <font face=\"Arial\"> <span lang=\"FR\"> <\/p>\n<div> <font face=\"Arial\"> <\/p>\n<div>\n<div> <font face=\"Arial\"> <\/p>\n<div dir=\"ltr\">\n<div> <strong> <\/p>\n<div align=\"left\"> <font face=\"Arial\"> <\/p>\n<div>\n<h2 style=\"color: red;\"><font face=\"Arial\" size=\"2\">Luiza Toscane: Mohammed                                                       Akrout est en danger<\/font><\/h2>\n<\/div>\n<div> <font face=\"Arial\" size=\"2\">                                                      Pana Press: Un demandeur                                                       d\u2019asile tunisien dans la                                                       gal\u00e8re \u00e0 Bujumbura <\/font> <\/div>\n<div>\n<h2 style=\"color: red;\"><font face=\"Arial\" size=\"2\">Jeune Afrique: Mahmoud                                                       Mestiri<\/font><\/h2>\n<\/div>\n<div> <font face=\"Arial\" size=\"2\">                                                      Jeune Afrique: Pour                                                       l\u2019amour des femmes<\/font><\/div>\n<div>\n<p><font face=\"Arial\" size=\"2\">Babelmed: Entretien avec                                                       Elisabeth Daldoul,                                                       fondatrice des \u00e9ditions                                                       Elyzad-Clairefontaine<\/font><\/p>\n<\/p><\/div>\n<div> <font face=\"Arial\" size=\"2\">                                                      Le Temps (Suisse): Le                                                       Pentagone se soumet \u00e0 la                                                       Convention de Gen\u00e8ve<\/font><font face=\"Arial\"><\/font><\/div>\n<p> <\/font><\/div>\n<p> <\/strong><\/div>\n<\/p><\/div>\n<p> <\/font><\/div>\n<\/p><\/div>\n<p> <\/font> <\/div>\n<p> <\/span><\/font> <\/font><\/div>\n<p> <\/font><\/p>\n<\/p><\/div>\n<p> <\/font> <\/div>\n<p> <\/font> <\/div>\n<p> <\/font><\/p>\n<p><\/span><\/font><\/span><\/span><\/font><\/div>\n<\/p><\/div>\n<\/p><\/div>\n<p> <\/span><\/div>\n<\/p><\/div>\n<\/p><\/div>\n<\/p><\/div>\n<p> <\/font><\/div>\n<\/p><\/div>\n<\/p><\/div>\n<p> <\/font><\/p>\n<\/div>\n<p> <\/span><\/td>\n<\/tr>\n<\/table><\/div>\n<\/p><\/div>\n<div> <font><\/font>\u00a0<\/div>\n<div align=\"center\"> <font size=\"4\">\u00a0<\/font><font><a href=\"http:\/\/www.nawaat.org\/forums\/index.php?showtopic=11741\" target=\"_blank\" rel=\"noopener\"><font size=\"4\">Cliquez     ici<\/font><\/a><font size=\"4\"> pour acc\u00e9der au reportage exceptionnel de     l&rsquo;AISPP sur la catastrophe humanitaire     des prisonniers politiques Tunisiens\u00a0\u00a0\u00a0<\/font><\/font><\/div>\n<p> <font size=\"2\"> <\/p>\n<div align=\"center\">    \u00a0<\/div>\n<p> <\/font><\/font><\/div>\n<div>  \u00a0<\/div>\n<div> <font face=\"Arial\" size=\"2\"> <\/p>\n<p align=\"center\"> <b><span lang=\"FR\">  A PROPOS DE CETTE VIDEO\u00a0HISTORIQUE DE L\u2019AISPP..<\/span><\/b><\/p>\n<p>  \u00a0<\/p>\n<p> <b> <span lang=\"FR\">  ** Explications de M. Yahyaoui Mokhtar, sur le forum Taht Essour, le 11   juillet 2006 \u00e0 10h15 PM <\/span><\/b><\/p>\n<p> <span lang=\"FR\">\u00a0<\/span><\/p>\n<p> <span lang=\"FR\">\u00ab\u00a0Le document   vid\u00e9o de l\u2019AISPP concernant les prisonniers politiques est un CD pr\u00e9par\u00e9 par   des jeunes pour l\u2019association proc\u00e9dant de un test d\u2019exploration d\u2019une   nouvelle strat\u00e9gie de communication face \u00e0 l\u2019\u00e9tat de si\u00e8ge sans pr\u00e9c\u00e9dent que   subit la soci\u00e9t\u00e9 civile en Tunisie. Il est distribu\u00e9 au public depuis quelques   semaines et mis \u00e0 la disposition de tous.<\/span><\/p>\n<p> <span lang=\"FR\">\u00a0<\/span><\/p>\n<p> <span lang=\"FR\">Concernant les   autres 700 m\u00e9ga ils n\u2019appartiennent pas \u00e0 l\u2019AISPP, ils ont \u00e9t\u00e9s enregistr\u00e9s   lors de la gr\u00e8ve de la faim sur l\u2019initiative de Adel Ayadi qui \u00e0 apport\u00e9 le   cam\u00e9ra et fait une grande part du travail avec d\u2019autres. Normalement ils   doivent fournir le support d\u2019un documentaire qu\u2019il a promis de r\u00e9aliser.  <\/span><\/p>\n<p> <span lang=\"FR\">\u00a0<\/span><\/p>\n<p> <span lang=\"FR\">J\u2019ai fourni les 6   cassettes vid\u00e9o \u00e0 ces jeunes qui les ont fait num\u00e9risER pour exploiter   certaines s\u00e9quences, il y a une autre 7\u00e9me en possession de Adel. Je suis   heureux qu\u2019ils vous aient parvenues et qu\u2019ils peuvent servir \u00e0 quelque chose   enfin.<\/span><\/p>\n<p> <span lang=\"FR\">\u00a0<\/span><\/p>\n<p> <span lang=\"EN-US\">YM<\/span><\/p>\n<p> <span lang=\"EN-US\">\u00a0<\/span><\/p>\n<p> <b> <span lang=\"FR\">  ** Intervention d\u2019Astrubal sur le forum Taht Essour, le 11 juillet 2006 \u00e0   10h20 PM <\/span><\/b><\/p>\n<p> <span lang=\"FR\">\u00a0<\/span><\/p>\n<p> <i><span lang=\"FR\">Salut tout le   monde,<\/span><\/i><\/p>\n<p> <i><span lang=\"FR\">\u00a0<\/span><\/i><\/p>\n<p> <i><span lang=\"FR\">L&rsquo;\u00e9quipe de   Nawaat est en train de travailler pour donner le maximum d&rsquo;\u00e9cho \u00e0 ce   reportage, y compris de faire ce qui est en son pouvoir pour que Eljazeera   comme d&rsquo;autres cha\u00eenes puissent diffuser cet extraordinaire travail.<\/span><\/i><\/p>\n<p> <i><span lang=\"FR\">\u00a0<\/span><\/i><\/p>\n<p> <i><span lang=\"FR\">Le   professionnalisme de celles et ceux qui ont fait ce fantastique reportage ne   laisse aucun choix au niveau des efforts de tous, pour que ce travail soit   diffus\u00e9 le plus largement possible. Et \u00e0 ce titre, toute mon estime pour   l&rsquo;\u00e9quipe de Tunisnews pour ce qu&rsquo;elle a fait hier.<\/span><\/i><\/p>\n<p> <i><span lang=\"FR\">\u00a0<\/span><\/i><\/p>\n<p> <i><span lang=\"FR\">C&rsquo;est \u00e0 propos   de ce type de documents que, depuis des ann\u00e9es, nous pleurons un manque   terrible. Alors pour une fois que la soci\u00e9t\u00e9 civile produit (par le biais,   encore une fois, des brillantissimes auteurs de ce travail), un document d&rsquo;un   tel calibre, tout doit \u00eatre fait pour qu&rsquo;il ne reste pas \u00ab\u00a0confidentiel\u00a0\u00bb.<\/span><\/i><\/p>\n<p> <span lang=\"FR\">\u00a0<\/span><\/p>\n<p> <b> <span lang=\"FR\">  ** Intervention d\u2019Astrubal sur le forum Taht Essour, le 11 juillet 2006 \u00e0   10h34 PM <\/span><\/b><\/p>\n<p> <span lang=\"FR-CH\">\u00a0<\/span><\/p>\n<p> <i><span lang=\"FR\">Merci si   Mokhtar pour ces pr\u00e9cisions importantes, 1000 mercis pour vous tous de vous   \u00eatre impliqu\u00e9s dans quelque chose d&rsquo;aussi porteur et intelligent. Ce document   est sans pr\u00e9c\u00e9dent dans l&rsquo;histoire du militantisme de la soci\u00e9t\u00e9 civile. Et   chapeau bas \u00e0 Adel, ce n&rsquo;est pas \u00e9tonnant de sa part &#8230;<\/span><\/i><\/p>\n<p> <i><span lang=\"FR\">\u00a0<\/span><\/i><\/p>\n<p> <i><span lang=\"FR\">D&rsquo;habitude, la   soci\u00e9t\u00e9 civile coure derri\u00e8re les m\u00e9dias pour qu&rsquo;ils parlent d&rsquo;elle.   Aujourd&rsquo;hui, la soci\u00e9t\u00e9 civile produit de la mati\u00e8re m\u00e9diatique pr\u00eate \u00e0 \u00eatre   diffus\u00e9e. C&rsquo;est in\u00e9dit ! C&rsquo;est un tournant. Je suis \u00e9mu&#8230;<\/span><\/i><\/p>\n<p> <i><span lang=\"FR\">\u00a0<\/span><\/i><\/p>\n<p> <i><span lang=\"FR\">(et bien s\u00fbr je   n&rsquo;oublie pas, ni ne minimise le fabuleux travail fait par l&rsquo;excellente \u00e9quipe   du site du PDP en mati\u00e8re de documents multim\u00e9dia).<\/span><\/i><\/p>\n<p> <span lang=\"FR\">\u00a0<\/span><\/p>\n<p> <b><span lang=\"FR\">  (Source\u00a0: Forum \u00ab\u00a0Taht Essour\u00a0\u00bb de nawaat.org, le 11 juillet 2006)<\/span><\/b><\/p>\n<p> <b> <span lang=\"EN-US\">  URL:<\/span><\/b><span lang=\"EN-US\"> <\/span><span lang=\"FR\"> <a href=\"http:\/\/www.nawaat.org\/forums\/index.php?showtopic=11741\" target=\"_blank\" rel=\"noopener\"><b> <span lang=\"EN-US\">http:\/\/www.nawaat.org\/forums\/index.php?showtopic=11741<\/span><\/b><\/a><\/span><\/p>\n<p> <span lang=\"FR\">\u00a0<\/span><\/p>\n<h5 style=\"color: blue;\"> <span lang=\"FR\">Commentaire de la   r\u00e9daction de TUNISNEWS<\/span><\/h5>\n<p> <span lang=\"FR\">\u00a0<\/span><\/p>\n<p> <span lang=\"FR\">1-<span>\u00a0\u00a0\u00a0\u00a0\u00a0\u00a0  <\/span><\/span> <span dir=\"ltr\" lang=\"FR\">  Effectivement, c\u2019est un tournant comme l\u2019a si bien dit notre ami Astrubal. Il   faut profiter de toutes les possibilit\u00e9s offertes par la num\u00e9risation des   vid\u00e9os et des outils de l\u2019internet pour expliquer au monde la trag\u00e9die   nationale des prisonniers politiques et de leurs familles et parents.<\/span><\/p>\n<p> <span lang=\"FR\">\u00a0<\/span><\/p>\n<p> <span lang=\"FR\">2-<span>\u00a0\u00a0\u00a0\u00a0\u00a0\u00a0  <\/span><\/span> <span dir=\"ltr\" lang=\"FR\">A cette   occasion, nous invitons toute personne qui est capable de diffuser cette vid\u00e9o   exceptionnelle \u00e0 la faire parvenir au plus grand nombre de personne,   d\u2019associations, d\u2019ONG, de personnalit\u00e9s influentes etc.. pour que cesse ce   drame insoutenable et indigne de la Tunisie et des tunisiens et pour apporter   le maximum d\u2019aide (mat\u00e9rielle, psychologique, m\u00e9dicale, humanitaire\u2026) aux   prisonniers (lib\u00e9r\u00e9s ou non) \u00e0 leurs \u00e9pouses, \u00e0 leurs enfants, \u00e0 leurs   familles en g\u00e9n\u00e9ral et \u00e0 toutes les victimes de la r\u00e9pression en Tunisie sans   exception.<\/span><\/p>\n<p> <span lang=\"FR\">\u00a0<\/span><\/p>\n<p> <span lang=\"FR\">3-<span>\u00a0\u00a0\u00a0\u00a0\u00a0\u00a0  <\/span><\/span> <span dir=\"ltr\" lang=\"FR\">Nous   appelons les vaillantEs membres de l\u2019AISPP et les jeunes militants qui ont   r\u00e9ussi \u00e0 r\u00e9aliser ce document in\u00e9dit et exceptionnel \u00e0 ne pas s\u2019arr\u00eater en si   bon chemin et \u00e0 continuer \u00e0 produire des vid\u00e9os (m\u00eame moins longues) sur des   cas bien pr\u00e9cis et\/ou sur des situations dramatiques dont personne ne parle.<\/span><\/p>\n<p> <span lang=\"FR\">\u00a0<\/span><\/p>\n<p> <span lang=\"FR\">4-<span>\u00a0\u00a0\u00a0\u00a0\u00a0\u00a0  <\/span><\/span> <span dir=\"ltr\" lang=\"FR\">Nous   proposons \u00e0 l\u2019AISPP de communiquer d\u00e9s maintenant avec les responsables de   certains festivals de films documentaires \u00e0 l\u2019\u00e9tranger ou bien avec les   manifestations qui s\u2019int\u00e9ressent particuli\u00e8rement au pays du Maghreb, au monde   arabe (Londres, Rotterdam, Montr\u00e9al\u2026) et aux pays du sud en g\u00e9n\u00e9ral. Il y a   par exemple <\/span><b> <span lang=\"FR-CH\">le <\/span> <span lang=\"FR\">Festival   International du Film sur les Droits Humains <\/span><\/b> <span lang=\"FR\">qui se d\u00e9roule au   mois de mars \u00e0 Gen\u00e8ve <b>( <a href=\"http:\/\/www.fifdh.ch\/\" target=\"_blank\" rel=\"noopener\">http:\/\/www.fifdh.ch\/<\/a>   )<\/b> qui pourrait bien projeter cette vid\u00e9o dans le cadre de sa prochaine   \u00e9dition. Nous sommes s\u00fbrs et certains que ce document poignant et bien fait   fera parler les m\u00e9dias du monde de la situation INCONCEVABLE et INACCEPTABLE   des prisonniers politiques en Tunisie et de l\u2019\u00e9tat d\u00e9plorable des droits de   l\u2019homme dans notre patrie martyris\u00e9e depuis trop longtemps.<\/span><\/p>\n<p> <span lang=\"FR\">\u00a0<\/span><\/p>\n<p> <span lang=\"FR\">5-<span>\u00a0\u00a0\u00a0\u00a0\u00a0\u00a0  <\/span><\/span> <span dir=\"ltr\" lang=\"FR\">Nous   estimons aussi qu\u2019une version anglaise de la vid\u00e9o servira \u00e9norm\u00e9ment la cause   des prisonniers, de leurs familles et des droits de l\u2019Homme en Tunisie. Il   suffit juste de penser \u00e0 l\u2019effet que feront les larmes et le r\u00e9cit terrifiant   de l\u2019\u00e9pouse du prisonnier politique Moncef Ouerghi dans le pays natal de cette   dame de valeur qui est la Malaisie (et dans les pays musulmans du sud-est   asiatique).<\/span><\/p>\n<p> <span lang=\"FR\">\u00a0<\/span><\/p>\n<p> <span lang=\"FR\">6-<span>\u00a0\u00a0\u00a0\u00a0\u00a0\u00a0  <\/span><\/span> <span dir=\"ltr\" lang=\"FR\">Cette   vid\u00e9o doit absolument parvenir \u00e0 l\u2019UNESCO et \u00e0 toutes les grandes ONG   mondiales qui s\u2019int\u00e9ressent aux droits de l\u2019enfance en g\u00e9n\u00e9ral. Le sort   inhumain, indescriptible et terrible qui a \u00e9t\u00e9 r\u00e9serv\u00e9 depuis plus de 15 ans   par les autorit\u00e9s tunisiennes \u00e0 des milliers de filles et de gar\u00e7ons innocents   (juste par ce qu\u2019ils \u00e9taient les enfants d\u2019opposants politiques) est tout   simplement UN CRIME CONTRE L\u2019HUMANITE\u00a0!!<\/span><\/p>\n<p>\u00a0<\/p>\n<p>\u00a0<\/p>\n<h6 style=\"color: blue;\"><span lang=\"FR\"> <font>L\u2019\u00e9quipe de TUNISNEWS<\/font><\/span><\/h6>\n<p> <b> <span lang=\"FR\">  12 juillet 2006<\/span><\/b><\/p>\n<p><\/font><\/div>\n<div>\n<hr\/>\n<\/div>\n<div>  \u00a0<\/div>\n<div align=\"center\"> <font face=\"Arial\" size=\"2\"><\/p>\n<h2 style=\"color: red;\"><font size=\"3\"><strong>Mohammed   Akrout est en danger<\/strong><\/font><\/h2>\n<p><\/font><\/div>\n<div>  \u00a0<\/div>\n<div> <font>par <strong>Luiza Toscane<\/strong><\/font><strong>\u00a0    <\/strong>\u00a0   Mohammed Akrout m\u00e8ne depuis plus d&rsquo;un mois un combat solitaire depuis la   prison du 9 avril \u00e0 Tunis.    \u00a0   Il a commenc\u00e9 une gr\u00e8ve de la faim le 7 juin dernier pour protester contre les   retards ou le non-acheminement des courriers qu&rsquo;il envoie, ou de ceux qui   devraient lui parvenir. Il a demand\u00e9 \u00e0 consulter un m\u00e9decin, \u00e0 b\u00e9n\u00e9ficier d&rsquo;un   r\u00e9gime alimentaire adapt\u00e9 aux pathologies dont il souffre : affection   cardiaque, nerveuse, hypertension, cholest\u00e9rol. Il souhaite aussi pouvoir   acc\u00e9der aux livres qu&rsquo;il r\u00e9clame et se voir accorder des visites plus longues,   directes, en un mot, libres. Il souhaite aussi \u00eatre rapproch\u00e9 de sa famille   qui vit \u00e0 Gab\u00e8s.   \u00a0   Au terme de plus d&rsquo;un mois de gr\u00e8ve, son \u00e9tat est critique : il n&rsquo;est plus \u00e0   m\u00eame de se tenir debout, souffre de douleurs thoraciques et du sang s&rsquo;\u00e9coule   de sa bouche.    L&rsquo;administration de la prison ne c\u00e8de toujours pas. Aucune de ses   revendications, pourtant minimales, n&rsquo;a \u00e9t\u00e9 entendue et satisfaite.   \u00a0   Pour rappel, Mohammed Akrout est \u00e2g\u00e9 de cinquante-quatre ans. Il est mari\u00e9 et   p\u00e8re de six enfants. Arr\u00eat\u00e9 en 1991, il a \u00e9t\u00e9 condamn\u00e9 \u00e0 l&#8217;emprisonnement \u00e0   perp\u00e9tuit\u00e9 par le tribunal militaire de Bouchoucha dans le cadre de l&rsquo;affaire   concernant le mouvement En Nahdha. Il a b\u00e9n\u00e9fici\u00e9 d&rsquo;une premi\u00e8re remise de   peine portant sa condamnation \u00e0 trente ans, puis \u00e0 de nouvelles r\u00e9ductions qui   devraient conduire \u00e0 sa lib\u00e9ration dans six ans.   \u00a0   Mohammed Akrout n&rsquo;a cess\u00e9 de lutter au d\u00e9triment de sa sant\u00e9 pendant toutes   ces ann\u00e9es pour voir aboutir ses revendications. Pour toute r\u00e9ponse, il a eu   droit aux mauvais traitements, \u00e0 l&rsquo;isolement, \u00e0 la torture (*).   \u00a0   Aujourd&rsquo;hui, sa vie est en jeu.   \u00a0   <font>Luiza Toscane<\/font>   \u00a0   (*) Se reporter \u00e0 :   \u00a0   <font>\u00ab\u00a0Mohammed Akrout \u00e0 nouveau en gr\u00e8ve de la faim\u00a0\u00bb, 14 juin   2006   http:\/\/www.reveiltunisien.org\/article.php3?id_article=2209   \u00a0   \u00ab\u00a0Mohammed Akrout, il y a urgence !\u00a0\u00bb 28 juin 2006   http:\/\/www.reveiltunisien.org\/article.php3?id_article=2230   \u00a0   \u00ab\u00a0Mohammed Akrout : lib\u00e9rons-le avant qu&rsquo;il ne soit trop tard\u00a0\u00bb, 6 juillet 2006   http:\/\/www.reveiltunisien.org\/article.php3?id_article=2244<\/font> <font>\u00a0   Ces articles sont parus sur www.reveiltunisien.org<\/font><\/div>\n<div>\n<hr\/>\n<\/div>\n<div align=\"center\">\n<h2 style=\"color: red;\"><font><strong><font size=\"3\">Un demandeur d\u2019asile tunisien   dans la gal\u00e8re \u00e0 Bujumbura<\/font><\/strong><\/font><\/h2>\n<\/div>\n<div>  \u00a0<\/div>\n<div align=\"justify\">     \u00a0<font>PanaPress, le 11 juillet 2006<\/font>   Un ressortissant tunisien, Mhamed Zoher, a affirm\u00e9 mardi, avoir fui la   pers\u00e9cution dans son pays pour se retrouver depuis quelques temps \u00e0 Bujumbura   o\u00f9 il vit dans des conditions mis\u00e9rables faute d\u2019assistance humanitaire.    \u00a0   Le quinquag\u00e9naire a temporairement trouv\u00e9 refuge dans de v\u00e9tustes locaux de la   Police communale de Ngagara, un quartier r\u00e9sidentiel du nord de la capitale   burundaise, et compte pour le moment sur des \u00e2mes charitables pour survivre au   quotidien.    \u00a0   Un petit matelas et de vieux draps ont \u00e9t\u00e9 mis \u00e0 sa disposition pour dormir   tant bien que mal dans un environnement infest\u00e9 de moustiques.    \u00a0   Les premiers jours de son arriv\u00e9e au Burundi ont \u00e9t\u00e9 confortables pour une   courte dur\u00e9e puisque Zoher vivait dans un h\u00f4tel chic du littoral du lac   Tanganyika avant d\u2019\u00eatre chass\u00e9 et de se voir confisquer le passeport pour   cause d\u2019une facture impay\u00e9e de 260.000 Francs burundais (pr\u00e8s de 260 dollars   US).    \u00a0   La Police burundaise des fronti\u00e8res, de l\u2019air et des \u00e9trangers (PAFE) a d\u00fb   fournir au fugitif un sauf conduit tenant lieu de permis de s\u00e9jour temporaire   au Burundi, dit-il.    \u00a0   Les d\u00e9marches officielles visant \u00e0 obtenir un statut l\u00e9gal de r\u00e9fugi\u00e9 n\u2019ont   pas abouti \u00e0 ce jour et Mhamed Zoher en veut beaucoup plus \u00e0 certains de ses   compatriotes expatri\u00e9s au Burundi qui feraient tout pour emp\u00eacher le HCR de   l\u2019assister.    \u00a0   L\u2019exil\u00e9 fait savoir qu\u2019il a un pass\u00e9 syndical lourd qui l\u2019a men\u00e9 en prison   pour dix ans dans son pays natal.    \u00a0   A sa r\u00e9cente lib\u00e9ration, Zoher aurait \u00e9t\u00e9 forc\u00e9 de se pr\u00e9senter le reste de sa   vie au poste de Police chaque jour \u00e0 10 heures et \u00e0 16 heures, ce qui   constituerait l\u2019une des raisons de sa fuite.    \u00a0   Mhamed Zoher vise en d\u00e9finitif l\u2019Afrique du Sud o\u00f9 les droits de l\u2019Homme   seraient mieux respect\u00e9s, tout en ignorant comment parvenir \u00e0 la terre promise   avec les moyens financiers qui sont les siens aujourd\u2019hui.   \u00a0   <font>PanaPress<\/font><\/div>\n<div>\n<hr\/>\n<\/div>\n<div align=\"center\"> <font><font><font>TUNISIE    <\/font><strong><\/p>\n<h2 style=\"color: red;\"><font>M\u00e9contentement de la presse arabe<\/font><\/h2>\n<p><\/strong><\/font><\/font><\/div>\n<div>  \u00a0<\/div>\n<div>  Apr\u00e8s Al-Hayat, c\u2019est au tour d\u2019Al-Quds al-Arabi, autre grand quotidien arabe   paraissant \u00e0 Londres, de mettre un terme \u00e0 sa diffusion en Tunisie pour   protester contre les fr\u00e9quentes interdictions et perturbations de sa   distribution dans ce pays.    \u00a0   Selon ses responsables, le quotidien ne peut plus \u00ab supporter les pertes   morales et mat\u00e9rielles \u00bb caus\u00e9es par \u00ab la multiplication des saisies et   desbrimades \u00bb qui visent \u00e0 \u00ab g\u00eaner le journal et l\u2019emp\u00eacher d\u2019arriver aux   lecteurs \u00bb.   \u00a0   <font>TUNISIE\u00a0    Alerte<\/font>    \u00a0   Sagem veut produire 5 millions de terminaux internet par an en Tunisie et   invite ses 150 fournisseurs \u00e0 le rejoindre dans le pays.   \u00a0   <font>(Source: \u201cJeune Afrique\u201d, N\u00b0 2374 du 9 au 15 juillet   2006)<\/font><\/div>\n<div>\n<hr\/>\n<\/div>\n<div align=\"center\"> <font size=\"3\"><strong>Mahmoud Mestiri<\/strong><\/font><\/div>\n<div>  \u00a0<\/div>\n<div align=\"justify\"> <font>par RIDHA K\u00c9FI<\/font>    \u00a0   L\u2019ancien ministre tunisien des Affaires \u00e9trang\u00e8res est d\u00e9c\u00e9d\u00e9 le 28 juin \u00e0   Tunis, \u00e0 l\u2019\u00e2ge de 76 ans.   \u00a0   Avant que la difficile m\u00e9diation qu\u2019il a men\u00e9e, de janvier 1994 \u00e0 mai 1996,   entre les factions afghanes, ne l\u2019ait mieux fait conna\u00eetre du reste du monde,   ce Tunisois a \u00e9t\u00e9, pendant pr\u00e8s de quarante ans, l\u2019un des dirigeants de la   diplomatie de son pays.    \u00a0   N\u00e9 le 25 d\u00e9cembre 1929, \u00e0 Tunis, alors sous protectorat fran\u00e7ais, Mahmoud   Mestiri a pris part au mouvement de lib\u00e9ration nationale. Membre du   N\u00e9o-Destour, parti nationaliste, il a milit\u00e9, entre 1953 et 1956, au sein de   la Jeunesse destourienne, \u00e0 Paris, tout en poursuivant parall\u00e8lement ses   \u00e9tudes sup\u00e9rieures et en assurant une correspondance au quotidien arabophone   Assabah. De retour au pays, apr\u00e8s l\u2019ind\u00e9pendance, un dipl\u00f4me de sciences   politiques en poche, il a int\u00e9gr\u00e9 le minist\u00e8re des Affaires \u00e9trang\u00e8res, qu\u2019il   n\u2019a plus quitt\u00e9 jusqu\u2019\u00e0 sa retraite.    \u00a0   Mestiri a \u00e9t\u00e9 secr\u00e9taire d\u2019ambassade au Ghana en 1960, chef de la mission   sp\u00e9ciale tunisienne au Congo, la m\u00eame ann\u00e9e, puis, en 1961, assistant du   repr\u00e9sentant du secr\u00e9taire g\u00e9n\u00e9ral de l\u2019Onu dans ce pays. De retour \u00e0 Tunis,   en 1964, il a \u00e9t\u00e9 chef de la division Am\u00e9rique au minist\u00e8re des Affaires   \u00e9trang\u00e8res, repr\u00e9sentant de son pays aux Nations unies, en mai 1967,   ambassadeur au Canada, deux mois plus tard, puis \u00e0 Bonn, en d\u00e9cembre 1970.    \u00a0   Rappel\u00e9 \u00e0 Tunis, en 1973, Mestiri a occup\u00e9 le poste de secr\u00e9taire g\u00e9n\u00e9ral du   minist\u00e8re des Affaires \u00e9trang\u00e8res, avant d\u2019\u00eatre nomm\u00e9, en 1974, ambassadeur \u00e0   Moscou, et, en 1976, repr\u00e9sentant sp\u00e9cial aux Nations unies. Nomm\u00e9 pr\u00e9sident   du comit\u00e9 de l\u2019information de l\u2019organisation onusienne, en 1979, il a d\u00fb   rentrer, un an plus tard, \u00e0 Tunis, pour assurer la direction de cabinet du   ministre des Affaires \u00e9trang\u00e8res, puis le secr\u00e9tariat g\u00e9n\u00e9ral du m\u00eame   d\u00e9partement, jusqu\u2019\u00e0 sa nomination, en 1982, comme secr\u00e9taire d\u2019\u00c9tat aux   Affaires \u00e9trang\u00e8res. Ce poste, il l\u2019a occup\u00e9 jusqu\u2019en 1986, date \u00e0 laquelle il   a \u00e9t\u00e9 d\u00e9sign\u00e9, une nouvelle fois, comme repr\u00e9sentant de la Tunisie aupr\u00e8s des   Nations unies.    \u00a0   Nomm\u00e9 en 1987 ambassadeur \u00e0 Paris par l\u2019ancien pr\u00e9sident Habib Bourguiba,   Mestiri n\u2019a pas tard\u00e9 \u00e0 \u00eatre rappel\u00e9 par le successeur de ce dernier, le   pr\u00e9sident Zine el-Abidine Ben Ali, qui l\u2019a nomm\u00e9 ministre des Affaires   \u00e9trang\u00e8res le 7 novembre 1987. Il dirigera la diplomatie tunisienne pendant un   an avant de se voir confier l\u2019ambassade du Caire. Il restera \u00e0 ce dernier   poste jusqu\u2019en 1990.    \u00a0   Mestiri, qui a jou\u00e9 dans l\u2019\u00e9quipe de football du Club africain (CA) dans les   ann\u00e9es 1940, a fait partie du bureau directeur de ce grand club de la capitale   \u00e0 partir de 1960, avant d\u2019en assurer la pr\u00e9sidence en 1986-1987. Maire de   L\u2019Ariana, banlieue de la capitale, de 1980 \u00e0 1995, il a achev\u00e9 sa carri\u00e8re   diplomatique en assumant, de janvier 1994 \u00e0 mai 1996, la fonction d\u2019envoy\u00e9 du   secr\u00e9taire g\u00e9n\u00e9ral des Nations unies pour l\u2019Afghanistan. L\u2019organisation   internationale, qui \u00e9tait alors dirig\u00e9e par l\u2019\u00c9gyptien Boutros Boutros-Ghali,   poursuivait plusieurs objectifs dans ce pays : assurer une pr\u00e9sence sur place,   convaincre les pays \u0153uvrant en sous-main de cesser leurs ing\u00e9rences,   stabiliser la situation interne par la tenue d\u2019assembl\u00e9es locales et organiser   des \u00e9lections pouvant mener \u00e0 la paix. La m\u00e9diation de Mestiri entre les   factions afghanes a cependant \u00e9t\u00e9 rendue difficile par l\u2019intransigeance des   bellig\u00e9rants et les interventions ext\u00e9rieures.    \u00a0   Critiqu\u00e9 par des diplomates occidentaux, certains officiels de l\u2019ONU et de   nombreux Afghans, pour avoir publi\u00e9 bien trop t\u00f4t la liste du conseil   int\u00e9rimaire qu\u2019il venait de constituer, Mestiri a pr\u00e9sent\u00e9 sa d\u00e9mission, le 28   mai 1996, officiellement pour des raisons de sant\u00e9. En r\u00e9alit\u00e9, le conseil   int\u00e9rimaire, qui devait \u00eatre dirig\u00e9 par un royaliste, Sultan Ghazi, cousin de   l\u2019ancien roi, avait \u00e9t\u00e9 rejet\u00e9 par deux seigneurs de guerre, Rabbani et   Hekmatyar, ainsi que par les talibans, qui en \u00e9taient exclus. Mahmoud Mestiri   a t\u00e9moign\u00e9 de son aventure afghane dans un livre en arabe \u00e9crit en   collaboration avec le journaliste tunisien Salah Attia, Afghanistan :   politique absente et paix arm\u00e9e (Sud-\u00c9ditions, Tunis, 2000).    \u00a0   <strong><font>(Source: \u201cJeune Afrique\u201d, N\u00b0 2374 du 9 au 15   juillet 2006)<\/font><\/strong> \u00a0<\/div>\n<div> <font><\/font><\/div>\n<hr\/>\n<div align=\"center\">\n<h2 style=\"color: red;\"><font size=\"3\"><strong>Pour l\u2019amour des femmes<\/strong><\/font><\/h2>\n<\/div>\n<div align=\"justify\"> <font>par FAWZIA ZOUARI<\/font>    \u00a0   Dans ce tr\u00e8s beau texte d\u2019Ali B\u00e9cheur, un \u00e9crivain confie ses souvenirs \u00e0 une   \u00e9trang\u00e8re.   \u00a0   La nostalgie ne suffit pas \u00e0 remettre un \u00e9crivain sur les chemins de l\u2019enfance.   Il lui faut une urgence, un compagnon de route \u00e0 la hauteur, une \u00e9coute   vigilante, bref, une histoire d\u2019amour. Elle s\u2019appelle Luz dans ?Le Paradis des   femmes, de l\u2019\u00e9crivain tunisien Ali B\u00e9cheur. C\u2019est elle, Luz la bien nomm\u00e9e,   com\u00e9dienne \u00e9trang\u00e8re de passage \u00e0 Tunis, qui d\u00e9tient le s\u00e9same de la m\u00e9moire   et avec qui s\u2019\u00e9branle, en m\u00eame temps que l\u2019aventure amoureuse, le voyage de   l\u2019auteur vers son pass\u00e9.    Pourtant, cette femme n\u2019a rien de la muse ancienne, encore moins de   Sh\u00e9h\u00e9razade ou de P\u00e9n\u00e9lope. Elle ne raconte pas et l\u2019on aurait du mal \u00e0   l\u2019imaginer immobile. Fille de son si\u00e8cle, elle affiche une curiosit\u00e9   insatiable et une alt\u00e9rit\u00e9 sans faille. Elle interroge, visite l\u2019ancienne vie   de son h\u00f4te et se d\u00e9lecte du d\u00e9paysement.    \u00a0   Et, comme un enfant tente de s\u00e9duire un adulte en lui ramenant divers objets   qui lui tiennent \u00e0 c\u0153ur, B\u00e9cheur lui narre les joies et les chagrins de sa   jeunesse, les figures aim\u00e9es, les rites, les amiti\u00e9s de nagu\u00e8re. L\u2019\u00e9motion   chevill\u00e9e \u00e0 son r\u00e9cit, il \u00e9voque son oncle imam, Ommi Khadija la conteuse,   Odette ou Kenza, ses amours adolescentes, l\u2019initiation des femmes m\u00fbres, entre   d\u00e9sirs et interdits, dans la moiteur des siestes grenadines\u2026 Et toujours, en   arri\u00e8re-fond, la rumeur d\u2019une ville, Tunis, obstin\u00e9ment tourn\u00e9e vers la mer,   cosmopolite, bruissant de ses idiomes \u00e9trangers et des appels r\u00e9guliers de ses   muezzins.    \u00a0   Pour autant, ce r\u00e9cit autobiographique \u00e9chappe \u00e0 la lin\u00e9arit\u00e9. Les souvenirs   sont r\u00e9fractaires \u00e0 la chronologie et les personnages qui se bousculent ne   sont jamais dans l\u2019ordre. L\u2019\u00e9criture de B\u00e9cheur ne se fait pas narcissique,   non plus, tant elle est d\u2019abord tourn\u00e9e vers le plaisir de partager et de   faire aimer. Et si la nostalgie impr\u00e8gne parfois le r\u00e9cit, Luz est l\u00e0 pour   rappeler que le r\u00e9el, c\u2019est elle, que le pass\u00e9 ne saurait tout effacer, que la   fulgurance du d\u00e9sir appartient \u00e0 son temps \u00e0 elle, le corps du pr\u00e9sent.    \u00a0   Enfin, l\u2019\u00e9criture hachur\u00e9e et comme au galop de B\u00e9cheur, les phrases courtes   et cisel\u00e9es font souvent oublier la destination \u00e0 rebours du voyage. Les   r\u00e9flexions sur l\u2019amour, l\u2019\u00e9criture ou la vie, tout simplement, ancrent   l\u2019\u00e9pisodique dans la dur\u00e9e, l\u2019individuel dans l\u2019exp\u00e9rience collective et font   de chaque s\u00e9quence, en raison de l\u2019\u00e9coute en filigrane de Luz, le plus br\u00fblant   des v\u00e9cus. C\u2019est dire que ce livre des choses r\u00e9volues est aussi celui d\u2019un   futur \u00e0 partager, celui de Luz, \u00e9trang\u00e8re, issue d\u2019autres lieux et d\u2019une autre   histoire. Offert \u00e0 son \u00e9coute, Le Paradis des femmes en porte la touche, \u00e0 la   fois grave et douce, l\u00e9g\u00e8re et profonde, authentique et universelle, somme   toute si f\u00e9minine. Huiti\u00e8me ouvrage d\u2019Ali B\u00e9cheur, il a re\u00e7u en avril dernier   le Comar d\u2019or, une des plus importantes distinctions litt\u00e9raires en Tunisie.     \u00a0   <font><strong>(Source: \u201cJeune Afrique\u201d, N\u00b0 2374 du 9 au 15   juillet 2006)<\/strong><\/font><\/div>\n<div>\n<hr\/>\n<\/div>\n<div align=\"center\">\n<h2 style=\"color: red;\"><font size=\"3\"><strong>Entretien avec Elisabeth Daldoul,   fondatrice des \u00e9ditions Elyzad-Clairefontaine<\/strong><\/font><\/h2>\n<\/div>\n<div>  \u00a0<\/div>\n<div align=\"justify\"> <font>Propos recueillis par C\u00e9cile Oumhani<\/font>    \u00a0   <em><font>Il faut cette flamme pour franchir les obstacles qui   jalonnent le parcours de celui ou celle qui fonde sa maison d\u2019\u00e9dition.   Elisabeth Daldoul en est porteuse, avec ce projet qui lui tient tant \u00e0 c\u0153ur de   voir circuler les livres tout autour de la M\u00e9diterran\u00e9e, bousculant ainsi   nombre d\u2019id\u00e9es re\u00e7ues en la mati\u00e8re. Elle a publi\u00e9 deux romans d\u2019Ali B\u00e9cheur,   Tunis Blues et Le paradis des femmes, qui vient de recevoir le Comar d\u2019Or.   Alia Mabrouk a publi\u00e9 chez elle L\u2019\u00e9mir et les crois\u00e9s, roman couronn\u00e9 lui   aussi par le Comar d\u2019Or et Bl\u00e9s de Dougga. Le premier volume de sa collection   \u00abPassages\u00bb, inaugur\u00e9e cet automne, Derni\u00e8res nouvelles de l\u2019\u00e9t\u00e9, r\u00e9unit cinq   auteurs (Ali B\u00e9cheur, H\u00e9l\u00e9 B\u00e9ji, Tahar B\u00e9kri, Colette Fellous et Alain Nadaud)   autour du th\u00e8me de l\u2019\u00e9t\u00e9. Tsuru, un r\u00e9cit de Marie-Christine Sato, est le   dernier-n\u00e9, un livre o\u00f9 concision et \u00e9motion se marient avec une tr\u00e8s grande   beaut\u00e9. Elle nous raconte ici l\u2019histoire de sa passion avec les mots.<\/font><\/em> <font>\u00a0   Y a-t-il des passions qui pr\u00e9disposent \u00e0 vouloir \u00e9diter des livres, comme lire   ou \u00e9crire\u2026?<\/font>    \u00a0   Oui bien s\u00fbr, tous le diront. Pour ma part, ce n&rsquo;est pas celle de vouloir   \u00e9crire, mais bien la passion des mots, une passion \u00e9trangement n\u00e9e de   l&rsquo;oralit\u00e9. En effet, et ce jusqu&rsquo;\u00e0 ce jour, j&rsquo;aime \u00e9couter des histoires,   celles de la vie. Je me surprends encore \u00e0 demander \u00e0 des amis qui relatent   tel ou tel fait, \u00ab\u00a0c&rsquo;est une histoire vraie?\u00a0\u00bb J&rsquo;ai \u00e9t\u00e9 \u00e9lev\u00e9e et ai grandi \u00e0   Dakar et jeune, ai \u00e9t\u00e9 berc\u00e9e par les histoires. Celles que l&rsquo;on me racontait   petite n&rsquo;\u00e9taient pas toujours celles des livres, mais plut\u00f4t celles du   quartier, du voisin, de la famille, des hommes, des femmes\u2026 Autre souvenir,   celui des pi\u00e8ces de th\u00e9\u00e2tre radiophoniques, des voix qui venaient d&rsquo;ailleurs   et qui me faisaient bien souvent fr\u00e9mir&#8230; Nous n&rsquo;avions pas la t\u00e9l\u00e9vision et   les mots mis en sc\u00e8ne r\u00e9sonnent encore en moi quelques d\u00e9cennies plus tard.     \u00a0   <font>Quels sont les auteurs que vous avez aim\u00e9s et que vous   auriez aim\u00e9 publier?<\/font>    \u00a0   Plus que des auteurs, j&rsquo;ai aim\u00e9 des univers. Mais je peux citer L\u00e9opold Sedar   Senghor qui m&rsquo;a appris la po\u00e9sie, la r\u00e9sonance des mots, l&rsquo;essence du monde,   la sagesse et l&rsquo;humilit\u00e9. Et cet auteur C\u00e9line, qui a su toucher avec les mots   l&rsquo;\u00e2me humaine, la face sombre de l&rsquo;Homme\u2026 Aurais-je voulu les publier?   S\u00fbrement. Mais quelque part, ces auteurs qui nous nourrissent, ne sont-ils pas   nos guides dans nos choix \u00e9ditoriaux?    \u00a0   <font>Comment est n\u00e9e votre maison d\u2019\u00e9dition?<\/font>    \u00a0   L&rsquo;\u00e9dition m&rsquo;habitait depuis plusieurs ann\u00e9es, quelques projets trottaient dans   la t\u00eate mais je n&rsquo;\u00e9tais pas pr\u00eate. J&rsquo;enseignais alors le fran\u00e7ais, je   rencontre un \u00e9crivain qui me demande si je ne connais pas un \u00e9diteur, tr\u00e8s   rapidement je lui r\u00e9ponds \u00ab\u00a0moi je veux bien t&rsquo;\u00e9diter\u00a0\u00bb. Le temps \u00e9tait alors   venu de me lancer dans cette aventure. C&rsquo;\u00e9tait Tunis Blues (2002) de Ali   B\u00e9cheur. Je ne saurais le remercier de la confiance qu&rsquo;il m&rsquo;a t\u00e9moign\u00e9e.   L&rsquo;aventure n&rsquo;a cess\u00e9 depuis.    \u00a0   <font>Quelles difficult\u00e9s rencontre-t-on quand on commence?     <\/font>\u00a0   Acqu\u00e9rir une cr\u00e9dibilit\u00e9 aupr\u00e8s des partenaires, diffuseur, distributeur,   libraires. Attirer l&rsquo;attention des journalistes litt\u00e9raires, incontournable   relais pour une plus grande visibilit\u00e9 de l&rsquo;auteur. Je me bats pour cela,   c&rsquo;est le moins que je puisse faire pour mes auteurs.    \u00a0   <font>Comment rencontrez-vous les textes que vous allez   publier?<\/font>    \u00a0   G\u00e9n\u00e9ralement, je les re\u00e7ois par courrier.    \u00a0   <font>Comment concevez-vous le travail de l\u2019\u00e9diteur avec son   auteur? <\/font><\/div>\n<p><font><\/p>\n<div align=\"justify\">     Quand je d\u00e9cide d&rsquo;\u00e9diter un texte, je fais un v\u00e9ritable travail de \u00ab\u00a0r\u00e9appropriation\u00a0\u00bb   du texte. Il m&rsquo;arrive de le lire \u00e0 voix haute pour en entendre la musique. Si   cela grince un peu, j&rsquo;en cherche la cause (ponctuation, mot mal choisi ?), je   le r\u00e9\u00e9coute puis soumets mes remarques \u00e0 l&rsquo;auteur. Je peux me tromper, il me   convainc, ou alors je note une maladresse, il y r\u00e9fl\u00e9chit, et nous avan\u00e7ons   ainsi. Nos \u00e9changes doivent \u00eatre bas\u00e9s sur la franchise et le respect mutuel,   je ne pourrais fonctionner autrement. Deux aventuriers qui n&rsquo;ont d&rsquo;autres   choix que de se soutenir l&rsquo;un l&rsquo;autre. Dans la confiance et l&rsquo;engagement.    \u00a0   <font>Y a-t-il des \u00e9tapes de ce travail \u00e0 deux qui sont plus   ou moins faciles que d\u2019autres?<\/font>    \u00a0   Il s&rsquo;agit bien l\u00e0 d&rsquo;\u00e9tapes : la rencontre d&rsquo;abord avec un texte, souvent une   histoire d&rsquo;amour, puis avec un \u00e9crivain qui vous remet ce qu&rsquo;il a de plus cher   au monde: son \u0153uvre. Avec lui, cela peut \u00eatre plus compliqu\u00e9 quand il faut   retravailler quelques passages pour essayer de \u00ab\u00a0toucher\u00a0\u00bb les mots au plus pr\u00e8s.   Cela peut-\u00eatre douloureux, ce travail sur les mots, mais mon r\u00f4le n&rsquo;est pas   d&rsquo;\u00eatre complaisante, j&rsquo;ai bien trop de respect pour un \u00e9crivain et le texte&#8230;   Je peux \u00eatre exigeante, peux para\u00eetre trop pointilleuse, mais tout ceci se   passe dans l&rsquo;\u00e9change et l\u00e0 c&rsquo;est d&rsquo;une richesse extraordinaire!    \u00a0   <font>J\u2019ai pu constater que vous accompagnez vos auteurs avec   passion, bien au-del\u00e0 de la publication du livre lui-m\u00eame. Pourquoi cet   accompagnement est-il si important?<\/font>    \u00a0   Si j&rsquo;ai d\u00e9cid\u00e9 de publier un texte, ce n&rsquo;est pas pour qu&rsquo;il prenne la   poussi\u00e8re sur les rayonnages des librairies! Je veux le faire entendre parce   que je pense qu&rsquo;il le m\u00e9rite! Et pour cela, il faut se battre et porter le   livre, souvent \u00e0 bout de bras, le plus loin possible. Et tout ceci en   compagnie de l&rsquo;auteur, c&rsquo;est pour cela que nous avons besoin l&rsquo;un de l&rsquo;autre.   Je ne pourrais rien faire sans lui, et je crois qu&rsquo;il a aussi un peu besoin de   moi\u2026    \u00a0   <font>Vous \u00eates tr\u00e8s impliqu\u00e9e dans la diffusion de vos livres   \u00e0 l\u2019\u00e9tranger, notamment en France. Qu\u2019auriez-vous \u00e0 dire sur la mani\u00e8re dont   les mouvements de livres se passent entre le Nord et le Sud?<\/font>    \u00a0   Que c&rsquo;est tr\u00e8s compliqu\u00e9! Que du Sud vers le Nord cela ne circule pas bien. Et   que nous devons nous aussi prendre notre destin \u00e9ditorial en main. Cessons   d&rsquo;accuser l&rsquo;autre (celui du Nord) de ne pas vouloir nous lire, de ne pas   vouloir nous diffuser, de ne pas s&rsquo;int\u00e9resser \u00e0 notre travail, proposons lui   des ouvrages de bonne facture, avec des textes exigeants. Ils sont l\u00e0 les   lecteurs, sur l&rsquo;autre rive de la M\u00e9diterran\u00e9e, qui souhaitent aller \u00e0 la   rencontre de nos textes, il suffit de voir combien sont nombreux les salons   litt\u00e9raires en France mettant \u00e0 l&rsquo;honneur les litt\u00e9ratures du Sud.    \u00a0   <font>Vous m\u2019avez parl\u00e9 du cloisonnement qui existe \u00e0   l\u2019int\u00e9rieur du Maghreb. Vos livres sont-ils diffus\u00e9s au Maroc ou en Alg\u00e9rie?<\/font>     \u00a0   Non, malheureusement. Et je suis tent\u00e9e de dire que nos lecteurs respectifs ne   sont pas tr\u00e8s curieux de la litt\u00e9rature publi\u00e9e dans chacun de nos pays. En   revanche, il suffit que l&rsquo;auteur ait eu une visibilit\u00e9 en France, alors l\u00e0, se   manifeste un int\u00e9r\u00eat soudain. Cela me rend tr\u00e8s triste, l&rsquo;id\u00e9e re\u00e7ue que ce   qui est publi\u00e9 ailleurs (c&rsquo;est-\u00e0-dire au Nord) est forc\u00e9ment mieux\u2026 Et comme   j&rsquo;aime bousculer les choses, pour susciter cet int\u00e9r\u00eat respectif, j&rsquo;ai   sollicit\u00e9 des auteurs tunisiens, alg\u00e9riens et marocains pour des nouvelles   r\u00e9unies dans un m\u00eame recueil \u00e0 para\u00eetre dans la collection \u00ab\u00a0Passages\u00a0\u00bb*. Cela   am\u00e8nera peut-\u00eatre nos lecteurs qui, tournant la page, vont tomber sur cet \u00ab\u00a0autre\u00a0\u00bb   vers lequel ils n&rsquo;ont jamais eu la curiosit\u00e9 d&rsquo;aller.    \u00a0   <font>Je crois savoir que vous \u00eates sur le point de bousculer   un peu les habitudes avec des livres que vous allez publier prochainement.   Pourquoi ces choix \u00e9ditoriaux?<\/font>    \u00a0   En effet, je lance une collection qui s&rsquo;intitule \u00ab\u00a0Eclats de vie\u00a0\u00bb, t\u00e9moignages   qui touchent l&rsquo;\u00eatre humain dans ce qu&rsquo;il a d&rsquo;universel. Le premier r\u00e9cit est   Tsuru de Marie-Christine Sato, une invitation \u00e0 m\u00e9diter sur le sens de la vie,   l&rsquo;amiti\u00e9, l&rsquo;\u00e2me humaine. Un beau regard sur les cultures japonaise et   tunisienne (les commerciaux en France m&rsquo;ont demand\u00e9 o\u00f9 classer ce livre : un   \u00e9diteur du Maghreb publie un auteur fran\u00e7ais qui relate le Japon   intimiste!!!), un autre r\u00e9cit para\u00eetra en septembre: La folie au jour le jour,   un voyage, de Fran\u00e7oise Conti, auteure belge.    \u00a0   <font>Pourquoi ces choix ?   <\/font>\u00a0   Mais d&rsquo;abord parce que la litt\u00e9rature est universelle! Mais aussi un choix n\u00e9   de la volont\u00e9, face au repli des mentalit\u00e9s, des peurs, face \u00e0 une certaine   manipulation id\u00e9ologique, de donner \u00e0 voir l&rsquo;autre &#8211; ce reflet de nous-m\u00eames &#8211;   loin des st\u00e9r\u00e9otypes et de ce que l&rsquo;on veut bien nous faire croire.    Par ailleurs, pourquoi devrait-on se suffire \u00e0 publier des auteurs uniquement   tunisiens ou en Alg\u00e9rie que des auteurs alg\u00e9riens ou au S\u00e9n\u00e9gal, que des   auteurs s\u00e9n\u00e9galais&#8230; Pourquoi ce cloisonnement? Aujourd&rsquo;hui, tout ceci me   semble bien d\u00e9pass\u00e9\u2026    \u00a0   <font>Que recherchez-vous dans les manuscrits que vous recevez?<\/font>     \u00a0   La musique des mots, l&rsquo;\u00e9motion, une vision du monde, des r\u00e9ponses aussi   peut-\u00eatre aux nombreuses souffrances qui nous habitent.    \u00a0   <font>Quel est le r\u00f4le de l\u2019\u00e9diteur dans la soci\u00e9t\u00e9   d\u2019aujourd\u2019hui ? Que voudriez-vous apporter aux lecteurs?<\/font>    \u00a0   De donner \u00e0 voir le monde autrement, au-del\u00e0 des clich\u00e9s, des a-priori, \u00e0   bousculer aussi les id\u00e9es re\u00e7ues, \u00e0 mettre le doigt sur les non-dits, sur ce   que nous ne voyons pas et ce que nous ignorons.    Emotion et r\u00e9flexion.    \u00a0   <font>Quels contacts avez-vous avec les lecteurs?<\/font>   \u00a0   Je me sens tr\u00e8s proche d&rsquo;eux. Je suis tr\u00e8s sensible \u00e0 la r\u00e9action des lecteurs   aux livres que je publie. Trop s\u00fbrement! J&rsquo;essaye de comprendre pourquoi ils   ont aim\u00e9 ou non tel ouvrage, je les \u00e9coute.    \u00a0   <font>Quels sont les livres que vous r\u00eaveriez de publier un   jour?<\/font>    \u00a0   Ceux qui rapprocheraient des peuples qui s&rsquo;ignorent, o\u00f9 chacun d\u00e9couvrirait en   l&rsquo;autre les m\u00eames souffrances, les m\u00eames blessures, le m\u00eame amour pour la m\u00e8re,   l&rsquo;enfant, la m\u00eame douleur face \u00e0 la perte d&rsquo;un \u00eatre cher, les m\u00eames \u00e9mois, et   qui fermeraient le livre en disant: pourquoi tant de haine?    \u00a0   ________________________________________________________________________________     <font>\u00a0   (*) La collection \u00ab\u00a0Passages\u00a0\u00bb r\u00e9unit des textes courts et in\u00e9dits d&rsquo;auteurs   ayant acquis une reconnaissance litt\u00e9raire. Il s&rsquo;agit autour d&rsquo;un mot, d&rsquo;un   th\u00e8me, de rapprocher ces auteurs, multipliant et enrichissant ainsi les   regards.    \u00a0   \u00ab\u00a0Derni\u00e8res nouvelles de l&rsquo;\u00e9t\u00e9\u00a0\u00bb    Ali B\u00e9cheur, H\u00e9l\u00e9 B\u00e9ji, Tahar Bekri, Colette Fellous, Alain Nadaud<\/font>\u00a0    \u00a0   <font>(Source: le site Babelmed du 14\/06\/2006)<\/font>\u00a0    <font>URL: http:\/\/www.babelmed.net\/index.php?menu=196&amp;cont=2160&amp;lingua=fr<\/font><\/div>\n<div>\n<hr\/>\n<\/div>\n<p><\/font><\/p>\n<div align=\"center\">\n<h3 style=\"color: blue;\"><font size=\"3\"><strong>Le Pentagone se soumet \u00e0 la Convention   de Gen\u00e8ve<\/strong><\/font><\/h3>\n<\/div>\n<div>  \u00a0<\/div>\n<div align=\"justify\"> <font>Alain Campiotti, New York   <\/font>\u00a0   ETATS-UNIS. C&rsquo;est la cons\u00e9quence d&rsquo;un arr\u00eat de la Cour supr\u00eame, qui a jug\u00e9   ill\u00e9gales les Commissions militaires, notamment \u00e0 Guantanamo.    \u00a0   Pour le Comit\u00e9 international de la Croix-Rouge (CICR), c&rsquo;est une victoire.   Apr\u00e8s plus de quatre ans de r\u00e9sistance, les Etats-Unis viennent d&rsquo;admettre que   la Convention de Gen\u00e8ve sur le traitement des prisonniers de guerre, et   d&rsquo;abord son article 3, s&rsquo;applique dans \u00able conflit avec Al-Qaida\u00bb, comme le   dit dans un m\u00e9mo Gordon England, le num\u00e9ro deux du Pentagone, successeur de   Paul Wolfowitz.    \u00a0   Cette d\u00e9cision, dont la port\u00e9e est limit\u00e9e dans l&rsquo;esprit des militaires   am\u00e9ricains, est une cons\u00e9quence directe de l&rsquo;arr\u00eat r\u00e9cent de la Cour supr\u00eame.   Les juges, \u00e0 cinq contre trois, ont estim\u00e9 que George Bush avait outrepass\u00e9   ses pouvoirs en cr\u00e9ant dans la foul\u00e9e de la guerre en Afghanistan des   Commissions militaires, justice d&rsquo;exception charg\u00e9e de juger les prisonniers   inculp\u00e9s, et d&rsquo;abord une poign\u00e9e d&rsquo;entre eux \u00e0 Guantanamo. Le m\u00e9mo du   Pentagone a \u00e9t\u00e9 distribu\u00e9 \u00e0 la veille des r\u00e9unions, qui ont commenc\u00e9 mardi, de   la Commission des affaires judiciaires du S\u00e9nat: le Congr\u00e8s, contraint par   l&rsquo;arr\u00eat de la Cour, doit faire entrer les Commissions dans le cadre de la loi,   ou les transformer pour qu&rsquo;elles respectent la l\u00e9gislation en vigueur.    \u00a0   La directive sign\u00e9e par Gordon England est \u00e0 la fois large et restrictive.   Large parce qu&rsquo;elle parle, forc\u00e9ment, de tous les d\u00e9tenus de la \u00abguerre contre   le terrorisme\u00bb, et pas seulement de ceux du camp de Guantanamo. D&rsquo;autres   prisonniers sont enferm\u00e9s \u00e0 Bagram, pr\u00e8s de Kaboul. D&rsquo;autres, les dirigeants   d&rsquo;Al-Qaida captur\u00e9s, par exemple, ont sombr\u00e9 dans les \u00abtrous noirs\u00bb de la CIA.   Mais l&rsquo;agence n&rsquo;est pas l&rsquo;arm\u00e9e, elle a ses propres pratiques.    \u00a0   Pour imposer le respect de l&rsquo;article 3 de la Convention, et d&rsquo;abord de sa   disposition bannissant les traitements cruels, inhumains et d\u00e9gradants, le   s\u00e9nateur r\u00e9publicain John McCain a fait voter une loi interdisant la pratique   de la torture \u00e0 tous les agents de la puissance am\u00e9ricaine. George Bush, apr\u00e8s   le vote des deux Chambres, a d\u00fb signer le texte. Mais il y a introduit une   disposition attribuant au pr\u00e9sident un pouvoir d\u00e9rogatoire selon les   circonstances. Le brouillard de la guerre, \u00e9vacu\u00e9 par la porte, rentrait par   la fen\u00eatre.    \u00a0   Le m\u00e9mo du Pentagone contient une autre restriction. Gordon England explique   que la d\u00e9cision qu&rsquo;il signe ne concerne que l&rsquo;application de la justice aux   d\u00e9tenus inculp\u00e9s de Guantanamo et d&rsquo;ailleurs. Puisque la Cour supr\u00eame dit que   les Commissions militaires sont contraires \u00e0 la loi am\u00e9ricaine et \u00e0 l&rsquo;article   3 commun des Conventions de Gen\u00e8ve, le Pentagone avale cette disposition dont   le CICR est le garant. Au Congr\u00e8s d&rsquo;en tirer les cons\u00e9quences dans le droit   am\u00e9ricain. Pour le reste, dit England, les militaires am\u00e9ricains respectent   d\u00e9j\u00e0 dans les faits le texte de Gen\u00e8ve.    \u00a0   Cette victoire du CICR est symbolique et modeste. L&rsquo;article 3, qui parle des   conditions de d\u00e9tentions, du traitement des prisonniers, des garanties   judiciaires a \u00e9t\u00e9 d\u00e9lib\u00e9r\u00e9ment r\u00e9dig\u00e9 en termes vagues. Il s&rsquo;agissait, pour   obtenir la signature des Etats, de fixer des normes et de laisser aux acteurs   sur le terrain une marge de man\u0153uvre. L&rsquo;article ne dicte pas aux parties le   genre de justice qui doit \u00eatre appliqu\u00e9e aux prisonniers.    \u00a0   C&rsquo;est aux Etats d&rsquo;adopter des pratiques acceptables. Les s\u00e9nateurs am\u00e9ricains,   qui ont commenc\u00e9 un d\u00e9bat difficile, h\u00e9sitent entre deux solutions: le recours   aux cours martiales, autrement dit la justice militaire ordinaire; ou   l&rsquo;adaptation des Commissions, de telle mani\u00e8re que les juges supr\u00eames n&rsquo;y   trouvent rien \u00e0 redire.    \u00a0   Mais le CICR a encore, vis-\u00e0-vis des Etats-Unis, une objection dont le   Pentagone ne parle pas. Les prisonniers de Guantanamo et d&rsquo;ailleurs n&rsquo;ont pas   tous \u00e9t\u00e9 arr\u00eat\u00e9s sur le champ de bataille. Certains ont \u00e9t\u00e9 pris ailleurs   qu&rsquo;en Afghanistan, parfois \u00e0 l&rsquo;occasion d&rsquo;op\u00e9rations de police. Ce ne sont   plus des prisonniers de guerre au sens de la Convention. Les Am\u00e9ricains   auraient d\u00fb d\u00e9terminer le statut de chaque d\u00e9tenu, ce qu&rsquo;ils n&rsquo;ont pas fait.   Par ailleurs, la Convention s&rsquo;applique en cas de conflit international. Or aux   yeux du CICR, en Afghanistan aussi bien qu&rsquo;en Irak, les conflits sont   d\u00e9sormais internes, avec implication internationale. La d\u00e9tention de   prisonniers par les Etats-Unis viole l\u00e0 aussi le droit.    \u00a0   \u00a0   ***************   <font>\u00a0   L&rsquo;article 3 commun aux quatre Conventions de Gen\u00e8ve    <\/font>\u00a0   En cas de conflit arm\u00e9 ne pr\u00e9sentant pas un caract\u00e8re international et   surgissant sur le territoire de l&rsquo;une des Hautes Parties contractantes,   chacune des Parties au conflit sera tenue d&rsquo;appliquer au moins les   dispositions suivantes:    \u00a0   1) Les personnes qui ne participent pas directement aux hostilit\u00e9s, y compris   les membres de forces arm\u00e9es qui ont d\u00e9pos\u00e9 les armes et les personnes qui ont   \u00e9t\u00e9 mises hors de combat par maladie, blessure, d\u00e9tention, ou pour toute autre   cause, seront, en toutes circonstances, trait\u00e9es avec humanit\u00e9, sans aucune   distinction de caract\u00e8re d\u00e9favorable bas\u00e9e sur la race, la couleur, la   religion ou la croyance, le sexe, la naissance ou la fortune, ou tout autre   crit\u00e8re analogue.    \u00a0   A cet effet, sont et demeurent prohib\u00e9s, en tout temps et en tout lieu, \u00e0   l&rsquo;\u00e9gard des personnes mentionn\u00e9es ci-dessus:    \u00a0   a) les atteintes port\u00e9es \u00e0 la vie et \u00e0 l&rsquo;int\u00e9grit\u00e9 corporelle, notamment le   meurtre sous toutes ses formes, les mutilations, les traitements cruels,   tortures et supplices;\u00a0\u00a0les prises d&rsquo;otages.   \u00a0   c) les atteintes \u00e0 la dignit\u00e9 des personnes, notamment les traitements   humiliants et d\u00e9gradants.   \u00a0   d) les condamnations prononc\u00e9es et les ex\u00e9cutions effectu\u00e9es sans un jugement   pr\u00e9alable, rendu par un tribunal r\u00e9guli\u00e8rement constitu\u00e9, assorti des   garanties judiciaires reconnues comme indispensables par les peuples civilis\u00e9s.     \u00a0   2) Les bless\u00e9s et malades seront recueillis et soign\u00e9s.    \u00a0   Un organisme humanitaire impartial, tel que le Comit\u00e9 international de la   Croix-Rouge, pourra offrir ses services aux Parties au conflit.    \u00a0   Les Parties au conflit s&rsquo;efforceront, d&rsquo;autre part, de mettre en vigueur par   voie d&rsquo;accords sp\u00e9ciaux tout ou partie des autres dispositions de la pr\u00e9sente   Convention. L&rsquo;application des dispositions qui pr\u00e9c\u00e8dent n&rsquo;aura pas d&rsquo;effet   sur le statut juridique des Parties au conflit.    \u00a0   <font><strong>(Source: \u201cLe Temps\u201d (Suisse), le 12 juillet   2006)<\/strong><\/font> <font>URL: www.letemps.ch <\/font><\/div>\n<p align=\"center\">\u00a0<\/p>\n<p><font face=\"Arial\" size=\"2\"><\/font><\/p>\n<hr\/>\n<p align=\"center\"><b><a href=\"https:\/\/tunisnews.net\/ar\/\"><span>Home<\/span><span lang=\"FR-CH\"> &#8211; Accueil <\/span><span>&#8211; <\/span><span dir=\"rtl\" lang=\"AR-SA\">\u0627\u0644\u0631\u0626\u064a\u0633\u064a\u0629<\/span><\/a><\/b><\/p>\n<p align=\"center\">\u00a0<\/p>\n<p><\/body><\/body><\/html><\/p>","protected":false},"excerpt":{"rendered":"<p>Home &#8211; Accueil &#8211; \u0627\u0644\u0631\u0626\u064a\u0633\u064a\u0629 TUNISNEWS 7\u00a0\u00e8me\u00a0ann\u00e9e, N\u00b0\u00a02242 du 12.07.2006 \u00a0archives : www.tunisnews.net Luiza Toscane: Mohammed Akrout est en danger Pana Press: Un demandeur d\u2019asile tunisien dans la gal\u00e8re \u00e0 Bujumbura Jeune Afrique: Mahmoud Mestiri Jeune Afrique: Pour l\u2019amour des femmes Babelmed: Entretien avec Elisabeth Daldoul, fondatrice des \u00e9ditions Elyzad-Clairefontaine Le Temps (Suisse): Le Pentagone [&hellip;]<\/p>\n","protected":false},"author":1,"featured_media":22040,"comment_status":"open","ping_status":"open","sticky":false,"template":"","format":"standard","meta":{"inline_featured_image":false,"site-sidebar-layout":"default","site-content-layout":"","ast-site-content-layout":"default","site-content-style":"default","site-sidebar-style":"default","ast-global-header-display":"","ast-banner-title-visibility":"","ast-main-header-display":"","ast-hfb-above-header-display":"","ast-hfb-below-header-display":"","ast-hfb-mobile-header-display":"","site-post-title":"","ast-breadcrumbs-content":"","ast-featured-img":"","footer-sml-layout":"","ast-disable-related-posts":"","theme-transparent-header-meta":"","adv-header-id-meta":"","stick-header-meta":"","header-above-stick-meta":"","header-main-stick-meta":"","header-below-stick-meta":"","astra-migrate-meta-layouts":"default","ast-page-background-enabled":"default","ast-page-background-meta":{"desktop":{"background-color":"","background-image":"","background-repeat":"repeat","background-position":"center center","background-size":"auto","background-attachment":"scroll","background-type":"","background-media":"","overlay-type":"","overlay-color":"","overlay-opacity":"","overlay-gradient":""},"tablet":{"background-color":"","background-image":"","background-repeat":"repeat","background-position":"center center","background-size":"auto","background-attachment":"scroll","background-type":"","background-media":"","overlay-type":"","overlay-color":"","overlay-opacity":"","overlay-gradient":""},"mobile":{"background-color":"","background-image":"","background-repeat":"repeat","background-position":"center center","background-size":"auto","background-attachment":"scroll","background-type":"","background-media":"","overlay-type":"","overlay-color":"","overlay-opacity":"","overlay-gradient":""}},"ast-content-background-meta":{"desktop":{"background-color":"var(--ast-global-color-5)","background-image":"","background-repeat":"repeat","background-position":"center center","background-size":"auto","background-attachment":"scroll","background-type":"","background-media":"","overlay-type":"","overlay-color":"","overlay-opacity":"","overlay-gradient":""},"tablet":{"background-color":"var(--ast-global-color-5)","background-image":"","background-repeat":"repeat","background-position":"center center","background-size":"auto","background-attachment":"scroll","background-type":"","background-media":"","overlay-type":"","overlay-color":"","overlay-opacity":"","overlay-gradient":""},"mobile":{"background-color":"var(--ast-global-color-5)","background-image":"","background-repeat":"repeat","background-position":"center center","background-size":"auto","background-attachment":"scroll","background-type":"","background-media":"","overlay-type":"","overlay-color":"","overlay-opacity":"","overlay-gradient":""}},"footnotes":""},"categories":[],"tags":[59,37,29],"class_list":["post-16203","post","type-post","status-publish","format-standard","has-post-thumbnail","hentry","tag-59","tag-37","tag-fr"],"_links":{"self":[{"href":"https:\/\/tunisnews.net\/ar\/wp-json\/wp\/v2\/posts\/16203","targetHints":{"allow":["GET"]}}],"collection":[{"href":"https:\/\/tunisnews.net\/ar\/wp-json\/wp\/v2\/posts"}],"about":[{"href":"https:\/\/tunisnews.net\/ar\/wp-json\/wp\/v2\/types\/post"}],"author":[{"embeddable":true,"href":"https:\/\/tunisnews.net\/ar\/wp-json\/wp\/v2\/users\/1"}],"replies":[{"embeddable":true,"href":"https:\/\/tunisnews.net\/ar\/wp-json\/wp\/v2\/comments?post=16203"}],"version-history":[{"count":0,"href":"https:\/\/tunisnews.net\/ar\/wp-json\/wp\/v2\/posts\/16203\/revisions"}],"wp:featuredmedia":[{"embeddable":true,"href":"https:\/\/tunisnews.net\/ar\/wp-json\/wp\/v2\/media\/22040"}],"wp:attachment":[{"href":"https:\/\/tunisnews.net\/ar\/wp-json\/wp\/v2\/media?parent=16203"}],"wp:term":[{"taxonomy":"category","embeddable":true,"href":"https:\/\/tunisnews.net\/ar\/wp-json\/wp\/v2\/categories?post=16203"},{"taxonomy":"post_tag","embeddable":true,"href":"https:\/\/tunisnews.net\/ar\/wp-json\/wp\/v2\/tags?post=16203"}],"curies":[{"name":"wp","href":"https:\/\/api.w.org\/{rel}","templated":true}]}}