{"id":16202,"date":"2009-06-12T00:00:00","date_gmt":"2009-06-12T00:00:00","guid":{"rendered":"https:\/\/tunisnews.net\/12-juin-2009\/"},"modified":"2009-06-12T00:00:00","modified_gmt":"2009-06-12T00:00:00","slug":"12-juin-2009","status":"publish","type":"post","link":"https:\/\/tunisnews.net\/ar\/12-juin-2009\/","title":{"rendered":"12 juin 2009"},"content":{"rendered":"<p><html><head><meta content=\"text\/html\" description=\"Celles et Ceux qui veulent \n\t\t\t\t\t\t\t\t\t\tsigner cet appel sont invit\u00e9s \u00e0 envoyer \n\t\t\t\t\t\t\t\t\t\tleur: Nom, Pays de r\u00e9sidence et Ann\u00e9e de \n\t\t\t\t\t\t\t\t\t\tsortie de la Tunisie sur le m\u00e9l de \n\t\t\t\t\t\t\t\t\t\tl'initiative :\" http-equiv=\"Content-Type\"\/><\/head><body><body><\/p>\n<p align=\"center\" dir=\"ltr\"><font face=\"Arial\" size=\"2\"><b><a href=\"http:\/\/www.tunisnews.net\/\"><span>Home<\/span><span lang=\"FR-CH\"> &#8211; Accuei<\/span><\/a><span lang=\"FR-CH\">l<\/span><\/b><\/font><\/p>\n<div>\n<div><font face=\"Arial\" size=\"2\"><\/p>\n<div>\n<div>\n<div align=\"justify\">\n<div align=\"justify\">\n<p> \u00a0<\/p>\n<div>\n<div onclick=\"return Control.invoke('ReadingPane', '_onBodyClick', event);\">\n<div><meta content=\"Microsoft SafeHTML\"\/><\/p>\n<style>.ExternalClass .EC_hmmessage P{padding:0px;}.ExternalClass body.EC_hmmessage{font-size:10pt;font-family:Verdana;}<\/style>\n<div>\n<div>\n<div>\n<div>\n<div><\/div>\n<div align=\"center\"><strong><font size=\"7\">TUNISNEWS <\/font><\/strong><\/div>\n<div align=\"center\" dir=\"ltr\"><font><\/p>\n<div><strong>9\u00a0\u00e8me ann\u00e9e,<span lang=\"FR\">N\u00b0\u00a03307 du 12.06.2009<\/span><\/strong><\/div>\n<p><\/font><\/div>\n<div align=\"center\"><span><font><strong><font>\u00a0archives<\/font> : <\/strong><\/font><a target=\"_blank\" rel=\"noopener\"><font><strong>www.tunisnews.net<\/strong><\/font><\/a><\/span><font>\u00a0<\/font>\u00a0 <\/div>\n<div><strong><\/p>\n<hr\/>\n<p><\/strong><\/div>\n<\/div>\n<\/div>\n<\/div>\n<div><font face=\"Arial\"><\/p>\n<p><font><strong><\/p>\n<div><span lang=\"FR\"><font size=\"2\">Afrik.com: Mohamed Abbou : \u00ab Je veux que les droits de l\u2019Homme soient respect\u00e9s en Tunisie \u00bb  <font>Jeune Afrique: Tunis r\u00e9pond pr\u00e9sent<\/font> Le Temps: Affaire du 5\u00e8me congr\u00e8s de la Ligue Tunisienne de D\u00e9fense des droits de l&rsquo;Homme: La Cour de cassation confirme le jugement en appel <font>KUNA: Obama taps Schmierer for US ambassador to Oman, Gray to Tunisia<\/font> AP: AQMI, un groupe terroriste estampill\u00e9 Al-Qa\u00efda <font>AFP: Treize millions de Marocains \u00e9lisent leurs conseillers municipaux<\/font> Reuters: L&rsquo;\u00e9lection pr\u00e9sidentielle mobilise les Iraniens <font>AFP: Enqu\u00eate de l&rsquo;arm\u00e9e turque sur des all\u00e9gations de plan contre le gouvernement<\/font> Le Monde: Egemen Bagis : \u00ab\u00a0La Turquie sera membre \u00e0 part enti\u00e8re de l&rsquo;UE ou pas du tout\u00a0\u00bb<\/font><\/span><\/div>\n<div>\n<hr\/>\n<\/div>\n<div>\n<div align=\"center\"><b><span lang=\"FR\">Liste actualis\u00e9e des signataires de l&rsquo;initiative du Droit de Retour : <\/span><span lang=\"FR\"><a target=\"_blank\" rel=\"noopener\"><font>http:\/\/www.manfiyoun.net\/fr\/listfr.html<\/font><\/a><\/span><\/b><span lang=\"FR\"> <strong>Celles et Ceux qui veulent signer cet appel sont invit\u00e9s \u00e0 envoyer leur: Nom, Pays de r\u00e9sidence et Ann\u00e9e de sortie de la Tunisie sur le m\u00e9l de l&rsquo;initiative : <\/strong><a href=\"http:\/\/\/\" target=\"_blank\" rel=\"noopener\"><font><strong>manfiyoun@gmail.com<\/strong><\/font><\/a><\/span><\/p>\n<hr\/>\n<\/div>\n<\/div>\n<p><\/strong><\/font><\/p>\n<p><\/font><\/div>\n<\/div>\n<div>\n<p align=\"center\"><span><span lang=\"FR\"><strong>Mohamed Abbou\u00a0: \u00ab\u00a0Je veux que les droits de l\u2019Homme soient respect\u00e9s en Tunisie\u00a0\u00bb<\/strong><\/span><\/span><span lang=\"FR\">  \u00a0<\/span><\/p>\n<p><span><b><span lang=\"FR\">vendredi<\/span><\/b><\/span><b><span lang=\"FR\"> 12 juin 2009, par St\u00e9phanie Plasse<\/span><\/b><\/p>\n<p><span><\/span>\u00a0<\/p>\n<p><strong><span lang=\"FR\">L\u2019avocat tunisien est en France pour \u00e9voquer la situation des d\u00e9fenseurs des droits humains dans son pays<\/span><\/strong><\/p>\n<p><span><span lang=\"FR\">C\u2019est la premi\u00e8re fois que Mohamed Abbou se rend en France. Et pour cause, l\u2019avocat tunisien, lib\u00e9r\u00e9 de prison en 2007vient de recevoir l\u2019autorisation de voyager. Il a \u00e9t\u00e9 re\u00e7u, jeudi, dans les bureaux d\u2019Amnesty International \u00e0 Paris. L\u2019occasion pour lui de faire le point sur les difficult\u00e9s de l\u2019engagement pour les droits de l\u2019Homme en Tunisie.<\/span><\/span><\/p>\n<p><span><\/span>\u00a0<\/p>\n<p><span><span lang=\"FR\"><strong>M<\/strong><\/span><\/span><span lang=\"FR\">ohamed Abbou est un d\u00e9fenseur acharn\u00e9 des droits de l\u2019Homme. Cet avocat tunisien a \u00e9t\u00e9 condamn\u00e9 en 2005 \u00e0 trois ans de prison pour avoir d\u00e9nonc\u00e9 la torture dans son pays. Malgr\u00e9 <a target=\"_blank\" rel=\"noopener\"><b><span>sa lib\u00e9ration<\/span><\/b><\/a>, survenue en juillet 2007, \u00e0 la faveur d\u2019une gr\u00e2ce du pr\u00e9sident Zine el-Abidine Ben Ali, l\u2019activiste ne pouvait pas, jusqu\u2019\u00e0 aujourd\u2019hui, sortir de Tunisie. Apr\u00e8s sept refus cons\u00e9cutifs, il a finalement pu voyager et s\u2019exprimer pour la premi\u00e8re fois en France. Apr\u00e8s une courte visite \u00e0 Rama Yade, la secr\u00e9taire fran\u00e7aise aux droits de l\u2019Homme, Mohamed Abbou a \u00e9t\u00e9 re\u00e7u, jeudi, dans les bureaux d\u2019Amnesty International, \u00e0 Paris. L\u2019occasion pour le fondateur de l\u2019Association internationale de soutien aux prisonniers politiques (AISPP), membre du Conseil National pour les Libert\u00e9s en Tunisie (CNLT), et membre dirigeant du parti politique le Congr\u00e8s pour la R\u00e9publique, de parler de la situation des droits de l\u2019Homme dans son pays et d\u2019\u00e9voquer les d\u00e9rives du r\u00e9gime Ben Ali. Interview<\/span><\/p>\n<p><strong><span lang=\"FR\">Afrik.com\u00a0: Vous avez re\u00e7u l\u2019autorisation de voyager pour la premi\u00e8re fois depuis votre sortie de prison. Qu\u2019est-ce que cela signifie pour vous\u00a0?<\/span><\/strong><\/p>\n<p><strong><span lang=\"FR\">Mohamed Abbou\u00a0:<\/span><\/strong><span lang=\"FR\"> Cette lev\u00e9e d\u2019interdiction n\u2019est pas importante. Des pressions ont sans doute \u00e9t\u00e9 exerc\u00e9es par la d\u00e9l\u00e9gation europ\u00e9enne et peut-\u00eatre-m\u00eame par l\u2019ambassade de France contre le gouvernement tunisien. Le r\u00e9gime a agi de la sorte pour se faire bien voir et contenter la France mais d\u2019autres personnes sont encore, dans mon pays, interdites de circuler. Certains intellectuels n\u2019ont pas le droit d\u2019avoir un passeport et sont condamn\u00e9s pour des soi-disant affaires de droit commun.<\/span><\/p>\n<p><strong><span lang=\"FR\">Afrik.com\u00a0: Vous avez rencontr\u00e9 mercredi matin Rama Yade, la secr\u00e9taire fran\u00e7aise aux droits de l\u2019Homme. Que vous a-t-elle dit\u00a0?<\/span><\/strong><\/p>\n<p><strong><span lang=\"FR\">Mohamed Abbou<\/span><\/strong><span lang=\"FR\">\u00a0: Elle ne m\u2019a rien dit, elle m\u2019a \u00e9cout\u00e9. Je suis en France pour sensibiliser la soci\u00e9t\u00e9 civile et la population, car c\u2019est important de savoir ce qui se passe en Tunisie. Pour cela, il a fallu directement voir les gens pour qu\u2019ils exercent des pressions sur le r\u00e9gime de Ben Ali. En 1995, la Tunisie et la France ont pass\u00e9 un accord pour le respect des droits de l\u2019Homme mais il n\u2019a pas \u00e9t\u00e9 tenu. Je veux que cette situation change. J\u2019ai peur que les Tunisiens aient recours \u00e0 la violence et se radicalisent. Je ne souhaite pas un changement de r\u00e9gime, je veux juste que les droits de l\u2019Homme soient respect\u00e9s.<\/span><\/p>\n<p><strong><span lang=\"FR\">Afrik.com\u00a0: Quelle est la situation des d\u00e9fenseurs des droits humain en Tunisie\u00a0? <\/span><\/strong><b><span lang=\"FR\"> <strong><span>Mohamed Abbou\u00a0:<\/span><\/strong><\/span><\/b><span lang=\"FR\"> La ligue tunisienne des droits de l\u2019Homme n\u2019arrive pas \u00e0 se r\u00e9unir. Beaucoup de d\u00e9fenseurs des droits humains ne peuvent pas circuler. Des associations qui sont en r\u00e8gles se font arr\u00eater _ pour association ill\u00e9gale. Depuis quelques mois,<a target=\"_blank\" rel=\"noopener\"><b><span>Facebook est censur\u00e9 en Tunisie<\/span><\/b><\/a>, la police politique veille sur internet. Les personnes sont surveill\u00e9es et espionn\u00e9es par les agents de l\u2019Etat. Le 11 avril 2008, des manifestations ont eu lieu dans le bassin minier \u00e0 <a target=\"_blank\" rel=\"noopener\"><b><span>Gafsa<\/span><\/b><\/a> pour protester contre le fort taux de ch\u00f4mage. Le gouvernement tunisien a alors trouv\u00e9 plus efficace que l\u2019intimidation politique pour \u00e9viter la critique\u00a0: il a affam\u00e9 sa population. Il fait de la r\u00e9pression \u00e9conomique.<\/span><\/p>\n<p><strong><span lang=\"FR\">Afrik.com\u00a0: Que pensez-vous des \u00e9lections pr\u00e9sidentielles de 2009\u00a0? Vont-elles changer la donne\u00a0? <\/span><\/strong><b><span lang=\"FR\"> <strong><span>Mohamed Abbou\u00a0:<\/span><\/strong><\/span><\/b><span lang=\"FR\"> Les Pr\u00e9sidentielles sont une \u00ab\u00a0mascarade\u00a0\u00bb. On ne peut pas parler de vraies \u00e9lections. La Constitution tunisienne de 1959 a subi plusieurs amendements. Celui du 12 juillet 1988 qui limitait le nombre de mandats pr\u00e9sidentielles \u00e0 trois (l\u2019ancien pr\u00e9sident Bourguiba avait \u00e9t\u00e9 proclam\u00e9 pr\u00e9sident \u00e0 vie), puis celui du 1er juin 2002 qui permettait \u00e0 Ben Ali de briguer un troisi\u00e8me mandat et d\u2019allonger l\u2019\u00e2ge limite de d\u00e9p\u00f4t de candidature \u00e0 la pr\u00e9sidence \u00e0 75 ans. Certains demandent l\u2019intervention de 15 000 observateurs internationaux lors du scrutin de 2009. Personnellement, je ne voterai pas ,parce-que c\u2019est jouer le jeu du r\u00e9gime et parce-qu\u2019aucun pays n\u2019est \u00e0 m\u00eame d\u2019envoyer les observateurs dont la Tunisie a besoin. Et puis, l\u2019opposition ne veut pas se r\u00e9unir car il y a un probl\u00e8me de leadership, et les gens ne peuvent pas descendre dans la rue pour manifester. Tout cela permet \u00e0 Ben Ali d\u2019exercer son pouvoir comme il l\u2019entend.<\/span><\/p>\n<p><strong><span lang=\"FR\">Afrik.com\u00a0: Exercez-vous toujours le m\u00e9tier d\u2019avocat\u00a0?<\/span><\/strong><\/p>\n<p><strong><span lang=\"FR\">\u00a0Mohamed Abbou\u00a0:<\/span><\/strong><span lang=\"FR\"> Il y a deux mois, j\u2019ai arr\u00eat\u00e9 d\u2019exercer mon m\u00e9tier. Depuis ma sortie de prison en juillet 2007, les gens n\u2019osent pas me prendre comme avocat car je suis per\u00e7u comme l\u2019ennemi du r\u00e9gime. Et puis, la pr\u00e9sence polici\u00e8re devant mon cabinet, jusqu\u2019\u00e0 il y a deux mois, a augment\u00e9 mes difficult\u00e9s.<\/span><\/p>\n<p><strong><span lang=\"FR\">Afrik.com\u00a0: N\u2019avez-vous jamais pens\u00e9 \u00e0 quitter votre pays\u00a0?<\/span><\/strong><\/p>\n<p><strong><span lang=\"FR\">\u00a0Mohamed Abbou\u00a0:<\/span><\/strong><span lang=\"FR\"> Je pr\u00e9f\u00e8re la prison plut\u00f4t que vivre ailleurs. Maintenant je comprends que certains partent&#8230;<\/span><\/p>\n<p><b><span lang=\"FR\">(Source: \u00ab\u00a0Afrik.com\u00a0\u00bb Le 12 juin 2009)<\/span><\/b><\/p>\n<p><b><span lang=\"EN-GB\">Lien: <\/span><span lang=\"FR\"><a target=\"_blank\" rel=\"noopener\"><span lang=\"EN-GB\">http:\/\/www.afrik.com\/article16946.html<\/span><\/a><\/span><\/b><\/p>\n<\/div>\n<div>\n<hr\/>\n<\/div>\n<div align=\"center\"><strong><font>Mouvement ETTAJDID-France\u00a0\u00a0 Association ATIF <\/font><\/strong>\u00a0 <strong><font size=\"3\">Invitation<\/font><\/strong><\/div>\n<div align=\"justify\"> Le Mouvement ETTAJDID et l\u2019association ATIF, ont le plaisir de vous inviter \u00e0 assister \u00e0 la r\u00e9union publique avec Monsieur <strong><font>Ahmed BRAHIM<\/font><\/strong>, Premier Secr\u00e9taire du mouvement ETTAJDID et candidat de l\u2019initiative national d\u00e9mocratique et progressiste aux \u00e9lections pr\u00e9sidentielles d\u2019octobre 2009 en Tunisie. Le 20 juin 2009 \u00e0 partir de 14h30 \u00a0 <strong><font>A la mission locale \u2013 salle Galil\u00e9e, 1 rue Noyer Lambert, 91300 Massy (en face du centre omnisport\u00a0 derri\u00e8re l\u2019Op\u00e9ra de Massy \u2013 Grand ensemble),<\/font><\/strong>  \u00a0 De la Porte d\u2019Orl\u00e9ans (Bus 197 terminus) RER B, (station les Bacconnets, puis Bus 119, station Place de France)  De la gare Massy Palaiseau (Bus 319, station Place de France)<\/div>\n<div>\n<hr\/>\n<\/div>\n<div align=\"center\"><strong><\/p>\n<h2 style=\"color: red;\"><font size=\"3\">Tunis r\u00e9pond pr\u00e9sent<\/font><\/h2>\n<p><\/strong><\/div>\n<div align=\"justify\">\u00a0<\/div>\n<div align=\"justify\">12\/06\/2009 11:05:48 &#8211; Jeune Afrique- Par : Nicolas Marmi\u00e9 \u2013 \u00ab Nous ne pouvons refuser le retour d\u2019un Tunisien dans son pays, c\u2019est un droit garanti par la Constitution. \u00bb B\u00e9chir Tekkari, ministre de la Justice et des Droits de l\u2019homme, le promet\u2009: si l\u2019administration Obama le souhaite, la Tunisie est pr\u00eate \u00e0 accueillir sa dizaine de ressortissants actuellement d\u00e9tenus sur la base militaire am\u00e9ricaine de Guant\u00e1namo. Et elle s\u2019engage, dans cette hypoth\u00e8se, \u00e0 les juger \u00ab dans le respect de la pr\u00e9somption d\u2019innocence \u00bb. Cette annonce devrait \u00eatre consid\u00e9r\u00e9e avec int\u00e9r\u00eat par Washington, alors que le pr\u00e9sident Obama tente de sortir d\u2019un v\u00e9ritable imbroglio p\u00e9nal pour r\u00e9int\u00e9grer les quelque 240 prisonniers de Guant\u00e1namo dans un cadre conforme aux principes g\u00e9n\u00e9raux du droit international. S\u2019il envisage de faire juger et, probablement, condamner quelques dizaines \u00ab d\u2019ennemis combattants \u00bb \u2013 selon la terminologie des \u00ab n\u00e9ocons \u00bb de l\u2019\u00e9poque Bush \u2013 sur le territoire am\u00e9ricain, Barack Obama doit aussi composer avec la fragilit\u00e9, voire la vacuit\u00e9 juridique, des proc\u00e9dures concernant au moins une centaine de d\u00e9tenus.  Le transf\u00e8rement des prisonniers les moins impliqu\u00e9s vers leur pays d\u2019origine ou vers des pays tiers est donc une solution qui retient son attention. Et une coop\u00e9ration \u00e9troite avec la Tunisie n\u2019est pas exclue, m\u00eame si, selon B\u00e9chir Tekkari, \u00ab aucun contact \u00bb bilat\u00e9ral n\u2019a encore \u00e9t\u00e9 pris en ce sens. \u00c0 Tunis comme \u00e0 Washington, on veut r\u00e9solument tourner la page des ann\u00e9es Bush, mais il faudra composer avec les organisations des droits de l\u2019homme, qui, apr\u00e8s avoir d\u00e9j\u00e0 d\u00e9nonc\u00e9 le scandale des \u00ab prisons volantes \u00bb (les interrogatoires d\u00e9localis\u00e9s, dans des pays tiers, de suspects de Guant\u00e1namo), surveillent de tr\u00e8s pr\u00e8s tous les transf\u00e8rements. <strong><font>(Source: \u00ab\u00a0Jeune Afrique\u00a0\u00bb (Hebdomadaire- France) le 12 juin 2009) Lien:http:\/\/www.jeuneafrique.com\/Article\/ARTJAJA2525p017.xml1\/-USA-ministre-Bechir-Tekkari-Guantanamo-Tunis-repond-present.html<\/font><\/strong><\/div>\n<div align=\"center\">\n<hr\/>\n<\/div>\n<div align=\"center\"><strong><\/p>\n<p><font size=\"3\"><font size=\"2\">\u00a0<\/font>Affaire du 5\u00e8me congr\u00e8s de la Ligue Tunisienne de D\u00e9fense des droits de l&rsquo;Homme: La Cour de cassation confirme le jugement en appel<\/font><\/p>\n<p><\/strong><\/div>\n<div align=\"justify\">\u00a0<\/div>\n<div align=\"justify\">vendredi 12 juin 2009 La 3\u00e8me\u00a0 Chambre\u00a0 de la Cour de cassation a confirm\u00e9 hier,\u00a0 le jugement\u00a0 en appel prononc\u00e9 le 21 juin 2001, lequel jugement, annule les d\u00e9cisions et les structures issues du 5\u00e8me congr\u00e8s de la Ligue Tunisienne de D\u00e9fense des droits de l&rsquo;Homme (LTDH),\u00a0 tenu les 26 et 27 octobre 2000, et charge\u00a0 le comit\u00e9\u00a0 directeur de la Ligue de tenir un congr\u00e8s dans un d\u00e9lai d&rsquo;un an. La Cour\u00a0 de cassation a donc rejet\u00e9 les deux recours introduis par le comit\u00e9 directeur et par la pr\u00e9sidente du congr\u00e8s en question, Mme\u00a0 Hela Abdeljaoued et celui introduit par les quatre plaignants. \u00a0 \u00ab Entorses \u00bb Le premier recours s&rsquo;appuie sur des moyens\u00a0 de cassation\u00a0\u00a0 et appelle \u00e0 l&rsquo;annulation du jugement en appel. Le deuxi\u00e8me estime que le comit\u00e9 directeur ne doit pas \u00eatre charg\u00e9\u00a0 de pr\u00e9parer un congr\u00e8s car il a \u00e9t\u00e9 issu\u00a0 d&rsquo;un congr\u00e8s \u00ab ayant permis des entorses au r\u00e8glement int\u00e9rieur de la ligue \u00bb. La cour a, donc, rejet\u00e9 ces deux recours.  L&rsquo;avocat\u00a0 de la d\u00e9fense de la LTDH, Me Mohamed Jemour a estim\u00e9 que\u00a0\u00a0 ce jugement \u00ab l\u00e8se la Ligue et\u00a0 que huit ans apr\u00e8s avoir \u00e9t\u00e9\u00a0 saisie,\u00a0 la cour prononce ce jugement, en\u00a0 ce moment pr\u00e9cis,\u00a0 et cela\u00a0\u00a0 soul\u00e8ve beaucoup d&rsquo;interrogations \u00bb. Quant \u00e0 Mme Arbia\u00a0 Ben Ammar, l&rsquo;une des quatre plaignants, elle souligne qu&rsquo; \u00ab il est temps que la Ligue\u00a0 puisse\u00a0 tenir son congr\u00e8s. Un congr\u00e8s d\u00e9mocratique et peu importe qui le pr\u00e9pare. Il est temps que\u00a0\u00a0\u00a0 la Ligue sorte\u00a0 du tunnel et qu&rsquo;elle tienne un congr\u00e8s avec tous ses militants qu&rsquo;ils soient \u00e0 l&rsquo;int\u00e9rieur ou \u00e0 l&rsquo;ext\u00e9rieur des structures \u00bb. <font><strong>N\u00e9jib SASSI (Source: \u00ab\u00a0Le Temps\u00a0\u00bb (Qutidien- Tunisie) le 12 juin 2009) Lien: <\/strong><a target=\"_blank\" rel=\"noopener\"><strong><font>http:\/\/www.letemps.com.tn\/<\/font><\/strong><\/a><\/font><\/div>\n<div align=\"justify\"><strong><font><\/p>\n<hr\/>\n<p><\/font><\/strong><\/div>\n<div align=\"justify\"><font><\/p>\n<div align=\"center\">\n<h2 style=\"color: red;\"><font size=\"3\"><strong>Obama taps Schmierer for US ambassador to Oman, Gray to Tunisia<\/strong><\/font><\/h2>\n<\/div>\n<div>\u00a0<\/div>\n<div>WASHINGTON, June 12 (KUNA) &#8212; US President Barack Obama late on Thursday forwarded 10 more ambassador nominations to the US Senate, including Richard J. Schmierer for US ambassador to Oman and<strong> Gordon Gray for US ambassador to Tunisia.<\/strong> Schmierer has served as Deputy Assistant Secretary of State in the Bureau of Near Eastern Affairs since 2008. Immediately prior, he was director of the Office of Iraq Affairs in the Bureau of Near Eastern Affairs in the State Department since 2007.  He served a three-year assignment as the Public Affairs Officer at the American Consulate General in Dhahran, Saudi Arabia from 1985 to 1988. From 1988 to 1992, Schmierer served at the headquarters of the US Information Agency, first as head of the Middle East office of the International Visitor Program, and later in the agency&rsquo;s Office of European Affairs.  Schmierer returned to Saudi Arabia in August 1997, where he served as Counselor for Public Affairs at the US Embassy in Riyadh until June 2000.  From June 2004 to June 2005, Schmierer served as Embassy Counselor for Public Affairs in Baghdad.  <strong>Gray served as senior adviser to the ambassador at the US Embassy in Iraq from June 2008 until last May 2009.<\/strong>  Prior to his assignment in Iraq, he served as Deputy Assistant Secretary of State for Near Eastern Affairs from 2005 to 2008. His responsibilities included promoting US interests in the Arabian Peninsula and North Africa, and oversight of the Bureau&rsquo;s Regional Affairs Office. \u00a0 <strong><font>(Source: \u00ab\u00a0Khabrein.info\u00a0\u00bb Le 12 juin 2009) Lien:http:\/\/www.khabrein.info\/index.php?option=com_content&amp;task=view&amp;id=22858&amp;Itemid=57<\/font><\/strong><\/div>\n<p><\/font><\/div>\n<div>\n<hr\/>\n<\/div>\n<div align=\"center\"><strong><\/p>\n<h2 style=\"color: red;\"><font size=\"3\">AQMI, un groupe terroriste estampill\u00e9 Al-Qa\u00efda<\/font><\/h2>\n<p><\/strong><\/div>\n<div align=\"center\">\u00a0<\/div>\n<div align=\"justify\">Associated Press, le 12 juin 2009 \u00e0 15h40  \u00a0Alfred de Montesquiou   DRAA BEN KHEDDA, Alg\u00e9rie (AP) &#8212; Al-Qa\u00efda au Maghreb islamique (AQMI), l&rsquo;ex-Groupe salafiste pour la pr\u00e9dication et le combat (GSPC) alg\u00e9rien qui a annonc\u00e9 r\u00e9cemment l&rsquo;assassinat d&rsquo;un otage britannique au Mali, est le symbole de la capacit\u00e9 du r\u00e9seau d&rsquo;Oussama ben Laden \u00e0 se d\u00e9velopper \u00e0 travers des \u00ab\u00a0filiales\u00a0\u00bb locales conservant une grande autonomie.  Implant\u00e9s en Alg\u00e9rie, o\u00f9 ils se livrent \u00e0 divers trafics, \u00e0 l&rsquo;extorsion de fonds et commettent enl\u00e8vements et attentats, les militants d&rsquo;AQMI ont cr\u00e9\u00e9 au moins une demi-douzaine de cellules en Europe, selon les services de renseignement fran\u00e7ais, italien et belge. Le groupe terroriste a annonc\u00e9 r\u00e9cemment sur Internet l&rsquo;ex\u00e9cution au Mali d&rsquo;un otage britannique enlev\u00e9 en janvier, et il d\u00e9tient encore un otage suisse. AQMI recrute des extr\u00e9mistes islamistes dans le nord et l&rsquo;ouest de l&rsquo;Afrique, leur dispense un entra\u00eenement avant de les envoyer combattre dans la r\u00e9gion ou en Irak, selon des responsables du renseignement occidentaux et nord-africains. La relation entre Al-Qa\u00efda et le groupe maghr\u00e9bin s&rsquo;apparente \u00e0 celle qui peut exister entre une multinationale et une filiale locale, explique l&rsquo;ancien juge antiterroriste fran\u00e7ais Jean-Louis Brugui\u00e8re. Il y a un lien id\u00e9ologique fort entre les deux, mais la filiale fonctionne de mani\u00e8re autonome, ajoute-t-il. Des membres des services de renseignement en Europe sont convaincus qu&rsquo;AQMI cherche \u00e0 se d\u00e9velopper en Europe. Un haut responsable fran\u00e7ais de la lutte antiterroriste a confi\u00e9 \u00e0 l&rsquo;Associated Press sous le couvert de l&rsquo;anonymat que ses services travaillaient \u00ab\u00a0quotidiennement, constamment\u00a0\u00bb avec l&rsquo;Alg\u00e9rie pour contrecarrer cette menace. Au moins six cellules li\u00e9es \u00e0 AQMI, dormantes ou se pr\u00e9parant \u00e0 entrer en action, ont \u00e9t\u00e9 d\u00e9mantel\u00e9es en Europe ces derni\u00e8res ann\u00e9es, a-t-il pr\u00e9cis\u00e9. Le mois dernier, la justice espagnole a annonc\u00e9 l&rsquo;arrestation de 12 Alg\u00e9riens soup\u00e7onn\u00e9s d&rsquo;appartenir \u00e0 une cellule de soutien. L&rsquo;Italie a de son c\u00f4t\u00e9 lanc\u00e9 il y a deux semaines des mandats d&rsquo;arr\u00eat contre deux Tunisiens, deux Marocains et un Alg\u00e9rien soup\u00e7onn\u00e9s de pr\u00e9parer des attentats contre une \u00e9glise et une ligne de m\u00e9tro. Issu de la guerre civile des ann\u00e9es 1990 en Alg\u00e9rie, le GSPC \u00e9tait en perte de vitesse il y a quatre ans lorsque son \u00ab\u00a0\u00e9mir\u00a0\u00bb, Abelmalek Droukdel, a d\u00e9cid\u00e9 de se tourner vers Al-Qa\u00efda. Ses \u00e9missaires ont rencontr\u00e9 le No2 de la n\u00e9buleuse terroriste, Ayman al-Zawahri, ou d&rsquo;autres collaborateurs de Ben Laden dans des pays comme le Soudan, le Liban et le Y\u00e9men, soulignent des responsables occidentaux du renseignement. Al-Qa\u00efda n&rsquo;\u00e9tait pas pr\u00eat \u00e0 c\u00e9der l&rsquo;utilisation de son nom \u00e0 n&rsquo;importe quel groupe. M\u00eame en fonction des standards du \u00ab\u00a0djihad\u00a0\u00bb, les militants alg\u00e9riens avaient une r\u00e9putation de violence excessive. Mais apr\u00e8s une ann\u00e9e de tractations, Al-Zawahri a annonc\u00e9 dans un communiqu\u00e9, le 11 septembre 2006, l'\u00a0\u00bbunion b\u00e9nie\u00a0\u00bb avec le GSPC. AQMI a cherch\u00e9 \u00e0 se concentrer davantage sur des cibles occidentales en Alg\u00e9rie ou \u00e0 s&rsquo;en prendre aux touristes ou aux juifs au Maroc. Il a \u00e9galement adopt\u00e9 des techniques d&rsquo;Al-Qa\u00efda, comme les bombes sur le bord de la route contr\u00f4l\u00e9es \u00e0 distance ou les attentats-suicides. AQMI a commis ses premiers attentats-suicides le 11 avril 2007, une date choisie semble-t-il en r\u00e9f\u00e9rence aux attentats du 11 septembre 2001 aux Etats-Unis. Le 11 d\u00e9cembre 2007, le groupe a tu\u00e9 37 personnes, dont 17 employ\u00e9s des Nations unies, dans un attentat qui a d\u00e9vast\u00e9 le si\u00e8ge alg\u00e9rien de l&rsquo;ONU. L&rsquo;influence d&rsquo;Al-Qa\u00efda sur l&rsquo;ex-GSPC concerne \u00e9galement les relations publiques. Plusieurs fois par mois, AQMI utilise des forums djihadistes sur Internet pour publier des communiqu\u00e9s politiques et des vid\u00e9os d&rsquo;attentats ou d&#8217;embuscades. Le groupe, qui semble s&rsquo;autofinancer sans l&rsquo;aide du r\u00e9seau Ben Laden, cherche \u00e0 \u00e9largir un nouveau front du \u00ab\u00a0djihad\u00a0\u00bb en Afrique du Nord, qui pourrait \u00e9galement servir de poste avanc\u00e9 pour frapper l&rsquo;Europe. Pour le moment, c&rsquo;est toujours en Alg\u00e9rie qu&rsquo;AQMI m\u00e8ne l&rsquo;essentiel de ses activit\u00e9s: attentats, trafic de marchandises, automobilistes d\u00e9valis\u00e9s \u00e0 de faux barrages, enl\u00e8vements contre ran\u00e7ons, extorsion de fonds&#8230; Les autorit\u00e9s alg\u00e9riennes d\u00e9crivent les militants comme \u00e9tant en d\u00e9route. Plusieurs cellules ont certes \u00e9t\u00e9 d\u00e9mantel\u00e9es et des \u00ab\u00a0\u00e9mirs\u00a0\u00bb locaux se sont rendus. Il ne resterait plus \u00ab\u00a0que\u00a0\u00bb 500 \u00e0 800 combattants, selon les autorit\u00e9s. Mais la violence demeure. Selon des chiffres obtenus par l&rsquo;AP aupr\u00e8s de diplomates occidentaux, 85 attentats importants ont eu lieu en Alg\u00e9rie en 2008. Et 639 personnes ont \u00e9t\u00e9 tu\u00e9es dans le pays l&rsquo;an dernier dans des violences li\u00e9es au terrorisme: 409 militants pr\u00e9sum\u00e9s, 158 membres des forces de s\u00e9curit\u00e9 et 72 civils. Pour cette ann\u00e9e, on d\u00e9nombre 64 attentats rien qu&rsquo;entre janvier et avril, et la mort de 19 civils, 61 membres des forces de s\u00e9curit\u00e9 et 167 militants pr\u00e9sum\u00e9s. AP \u00a0<\/div>\n<div>\n<hr\/>\n<\/div>\n<div>\u00a0<\/div>\n<div>\n<div align=\"center\">\n<h2 style=\"color: red;\"><font size=\"3\"><strong>Treize millions de Marocains \u00e9lisent leurs conseillers municipaux<\/strong><\/font><\/h2>\n<\/div>\n<div align=\"justify\"> Par AFP, publi\u00e9 le 12\/06\/2009 \u00e0 15:29 &#8211; mis \u00e0 jour le 12\/06\/2009 \u00e0 19:29 RABAT &#8211; Quelque 13 millions de Marocains votaient vendredi pour \u00e9lire pr\u00e8s de 28.000 conseillers municipaux avec, pour la premi\u00e8re fois, un quota de 12% de si\u00e8ges r\u00e9serv\u00e9s aux femmes et une grande inconnue: le taux d&rsquo;abstention. Les bureaux de vote (environ 38.250) ont ouvert \u00e0 08h00 (07h00 GMT) et ferment \u00e0 19h00 (18h00 GMT). Tous les Marocains \u00e2g\u00e9s de 18 ans et plus peuvent voter. Les r\u00e9sultats officiels devraient \u00eatre annonc\u00e9s samedi en fin d&rsquo;apr\u00e8s-midi. Le Premier ministre Abbas El Fassi a vot\u00e9 vers midi \u00e0 Souissi, un quartier hupp\u00e9 de la capitale. Le secr\u00e9taire g\u00e9n\u00e9ral du Parti Justice et D\u00e9veloppement (PJD, islamistes mod\u00e9r\u00e9s) Abdelillah Benkirane a fait de m\u00eame en fin de matin\u00e9e aux Orangers, en centre ville. Les analystes s&rsquo;attendent \u00e0 une forte abstention. En 2003, lors des pr\u00e9c\u00e9dentes \u00e9lections municipales, elle avait atteint 46%. A 16h00 locales (15h00 GMT), le taux de participation \u00e9tait proche de 30%, le m\u00eame qu&rsquo;en 2003 \u00e0 la m\u00eame heure, selon le minist\u00e8re de l&rsquo;Int\u00e9rieur. Selon Jean-Charles Brisard, un observateur fran\u00e7ais positionn\u00e9 dans la r\u00e9gion de Mekn\u00e8s (\u00e0 environ 150 km \u00e0 l&rsquo;est de Rabat), l&rsquo;affluence \u00e9tait plus forte dans les campagnes qu&rsquo;en ville. \u00ab\u00a0La pr\u00e9sence de femmes est importante, a \u00e9galement d\u00e9clar\u00e9 \u00e0 l&rsquo;AFP cet observateur, invit\u00e9 au Maroc par le Conseil consultatif des droits de l&rsquo;Homme (CCDH). Ca prouve un r\u00e9el engouement\u00a0\u00bb. Un total de 130.223 candidats issus de 30 partis politiques sont en lice. Le mode de scrutin est double: uninominal dans les petites localit\u00e9s et de liste dans les municipalit\u00e9s d\u00e9passant 35.000 habitants). 27.795 conseillers municipaux vont \u00eatre \u00e9lus pour des mandats de six ans dans 1.503 communes. Les candidatures f\u00e9minines s&rsquo;\u00e9l\u00e8vent \u00e0 20.458 (soit 15,7% du total) contre 4,8% en 2003. Elles n&rsquo;avaient alors obtenu que 0,54% des si\u00e8ges. Dans l&rsquo;ensemble, la campagne \u00e9lectorale s&rsquo;est d\u00e9roul\u00e9e sans incident majeur. Selon une enqu\u00eate r\u00e9cente de l&rsquo;ONG Transparency International, 53% des Marocains estiment que les partis politiques sont corrompus. Conscientes de cette d\u00e9saffection, les autorit\u00e9s ont multipli\u00e9 les appels \u00e0 voter. La lutte contre le ch\u00f4mage, pour l&rsquo;alphab\u00e9tisation et la promotion de la femme ont \u00e9t\u00e9 les principaux th\u00e8mes de cette campagne. L&rsquo;un des int\u00e9r\u00eats de cette consultation sera le score du Parti Authenticit\u00e9 et Modernit\u00e9 (PAM), nouveau-n\u00e9 sur l&rsquo;\u00e9chiquier politique. Le PAM a \u00e9t\u00e9 fond\u00e9 en 2008 par l&rsquo;ancien ministre d\u00e9l\u00e9gu\u00e9 \u00e0 l&rsquo;Int\u00e9rieur Fouad Ali El Himma, un ami du roi. Il s&rsquo;agit du premier test \u00e9lectoral pour ce parti qui, jusqu&rsquo;au 29 mai, appartenait \u00e0 la coalition gouvernementale. Les r\u00e9sultats du PJD -arriv\u00e9 en deuxi\u00e8me position aux l\u00e9gislatives de 2007- seront \u00e9galement observ\u00e9s \u00e0 la loupe. \u00ab\u00a0Notre ambition est d&rsquo;arriver en t\u00eate\u00a0\u00bb, a r\u00e9sum\u00e9 jeudi \u00e0 l&rsquo;AFP Abdelillah Benkirane. F\u00e8s, \u00e0 200 km dans l&rsquo;est de Rabat, figure parmi ses objectifs. La capitale spirituelle du royaume est aujourd&rsquo;hui dirig\u00e9e par le syndicaliste et tr\u00e8s m\u00e9diatique Hamid Chabat, de l&rsquo;Istiqlal (PI), parti du Premier ministre. Sal\u00e9, ville-jumelle (et ville-dortoir) de Rabat, dont le maire est Driss Sentissi (Mouvement Populaire\/MP), est aussi dans la ligne de mire du PJD. Selon le minist\u00e8re de l&rsquo;Int\u00e9rieur, c&rsquo;est le PAM qui a pr\u00e9sent\u00e9 le plus de candidats (16.793), suivi du PI (15.681), du Rassemblement National des Ind\u00e9pendants (RNI\/12.432), de l&rsquo;Union Socialiste des Forces Populaires (USFP\/12.241), du PJD (8.870) et du MP (8.595).<\/div>\n<div align=\"justify\">\n<hr\/>\n<\/div>\n<div align=\"center\">\n<h2 style=\"color: red;\"><font size=\"3\"><strong>L&rsquo;\u00e9lection pr\u00e9sidentielle mobilise les Iraniens<\/strong><\/font><\/h2>\n<p> \u00a0<\/p><\/div>\n<div align=\"center\">\u00a0<\/div>\n<div align=\"justify\">Reuters, le 12 juin 2009 \u00e0 17h34  \u00a0\u00a0\u00a0 par Parisa Hafezi et Zahra Hosseinian \u00a0\u00a0\u00a0 T\u00c9H\u00c9RAN, 12 juin (Reuters) &#8211; Les Iraniens se sont rendus massivement aux urnes vendredi pour une \u00e9lection pr\u00e9sidentielle aux allures de duel entre le chef de l&rsquo;Etat sortant Mahmoud Ahmadinejad et l&rsquo;ancien Premier ministre Mirhossein Moussavi.  Face \u00e0 l&rsquo;affluence devant les bureaux de vote, le minist\u00e8re de l&rsquo;Int\u00e9rieur a d\u00e9cid\u00e9 de prolonger le scrutin de deux heures, jusqu&rsquo;\u00e0 20h00 (15h30 GMT). Les premiers r\u00e9sultats ne seront connus que samedi aux premi\u00e8res heures mais les partisans d&rsquo;Ahmadinejad et de Moussavi ont d\u00e9j\u00e0 revendiqu\u00e9 la victoire de leur camp respectif. \u00ab\u00a0Ahmadinejad est en t\u00eate avec 60% des votes et nous sommes certains que l&rsquo;\u00e9lection se terminera au premier tour en sa faveur\u00a0\u00bb, a affirm\u00e9 Ali Asghar Zarei, repr\u00e9sentant du pr\u00e9sident ultraconservateur au sein de l&rsquo;organe de supervision du scrutin. Sadegh Kharazi, un proche de Mirhossein Moussavi, avait auparavant avanc\u00e9 un pourcentage similaire de 58 \u00e0 60% des voix en faveur de l&rsquo;ancien Premier ministre du temps de la guerre Iran-Irak de 1980-88. Deux autres candidats sont en lice, l&rsquo;ancien pr\u00e9sident du parlement Mehdi Karoubi, un r\u00e9formateur, et l&rsquo;ancien chef des Gardiens de la r\u00e9volution Mohsen Reza\u00ef, un conservateur. Si aucun candidat ne r\u00e9unit sur son nom plus de 50% des suffrages, un second tour aura lieu le 19 juin entre les deux pr\u00e9tendants arriv\u00e9s en t\u00eate au premier tour. PLUS DE 70% DE PARTICIPATION De longues files d&rsquo;attente se sont form\u00e9es d\u00e8s le matin devant les bureaux de vote et le minist\u00e8re de l&rsquo;Int\u00e9rieur pr\u00e9dit un taux de participation d\u00e9passant 70% des 46 millions d&rsquo;\u00e9lecteurs inscrits. La participation pourrait approcher le record de pr\u00e8s de 80% enregistr\u00e9 lors de l&rsquo;\u00e9lection triomphale du r\u00e9formiste Mohammad Khatami en 1997. Cette forte affluence pourrait plaider en faveur d&rsquo;une mobilisation des \u00e9lecteurs r\u00e9formistes, qui \u00e9taient rest\u00e9s \u00e0 l&rsquo;\u00e9cart de l&rsquo;\u00e9lection de 2005 et de la victoire de Mahmoud Ahmadinejad. Mais les t\u00e9moignages recueillis \u00e0 T\u00e9h\u00e9ran montrent que les bureaux de vote ont attir\u00e9 autant d&rsquo;\u00e9lecteurs dans les quartiers ais\u00e9s du nord de la capitale, r\u00e9put\u00e9s favorables \u00e0 Moussavi, que dans les quartiers plus d\u00e9sh\u00e9rit\u00e9s du sud, pro-Ahmadinejad. Le r\u00e9sultat de l&rsquo;\u00e9lection est attendu avec grand int\u00e9r\u00eat par la communaut\u00e9 internationale qui esp\u00e8re une d\u00e9tente apr\u00e8s quatre ann\u00e9es de politique \u00e9trang\u00e8re jug\u00e9e isolationniste. Personne ne s&rsquo;attend toutefois, m\u00eame en cas de d\u00e9faite d&rsquo;Ahmadinejad, \u00e0 un changement radical de la position iranienne sur les grands sujets internationaux, \u00e0 commencer par le nucl\u00e9aire, qui reste dict\u00e9e par le guide supr\u00eame de la R\u00e9volution, l&rsquo;ayatollah Ali Khamenei. Moussavi, qui est \u00e2g\u00e9 de 67 ans, a exclu d&rsquo;interrompre les activit\u00e9s d&rsquo;enrichissement d&rsquo;uranium s&rsquo;il est \u00e9lu mais les analystes estiment qu&rsquo;il aborderait diff\u00e9remment les relations avec les Etats-Unis. Washington n&rsquo;a plus de liens diplomatiques avec l&rsquo;Iran depuis la r\u00e9volution islamique de 1979 mais le pr\u00e9sident Barack Obama a propos\u00e9 une relation nouvelle si T\u00e9h\u00e9ran \u00ab\u00a0desserre le poing\u00a0\u00bb. La politique \u00e9conomique de Mahmoud Ahmadinejad, \u00e9lu il y a quatre ans sur la promesse de redistribuer largement la manne p\u00e9troli\u00e8re, est \u00e9galement un crit\u00e8re d\u00e9cisif aux yeux de nombreux \u00e9lecteurs iraniens, alors que le taux d&rsquo;inflation officiel atteint 15% et le taux de ch\u00f4mage 10%. \u00ab\u00a0UN MIRACLE\u00a0\u00bb La campagne \u00e9lectorale a \u00e9t\u00e9 marqu\u00e9e par de vifs \u00e9changes entre Ahmadinejad et ses rivaux qu&rsquo;il a accus\u00e9s de corruption. Les opposants du pr\u00e9sident ont appel\u00e9 le minist\u00e8re de l&rsquo;Int\u00e9rieur mais \u00e9galement l&rsquo;ayatollah Khamenei \u00e0 s&rsquo;assurer qu&rsquo;il n&rsquo;y ait pas de fraudes. \u00ab\u00a0J&rsquo;ai des inqui\u00e9tudes (&#8230;) et nous avons pr\u00e9par\u00e9 nos partisans pour surveiller cette \u00e9lection\u00a0\u00bb, a affirm\u00e9 Karoubi. De son c\u00f4t\u00e9, le pr\u00e9sident sortant a exclu toute possibilit\u00e9 d&rsquo;irr\u00e9gularit\u00e9s, les repr\u00e9sentants des diff\u00e9rents candidats \u00e9tant autoris\u00e9s selon lui \u00e0 \u00eatre pr\u00e9sents comme t\u00e9moins dans chacun des 45.000 bureaux r\u00e9partis sur le territoire. \u00ab\u00a0La d\u00e9cision forte, r\u00e9volutionnaire et claire du peuple d\u00e9bouchera sur un avenir radieux pour notre nation\u00a0\u00bb, a d\u00e9clar\u00e9 Ahmadinejad, qui a vot\u00e9 dans un bureau d&rsquo;un quartier populaire du sud-est de T\u00e9h\u00e9ran. Mirhossein Moussavi a toutefois affirm\u00e9 dans la journ\u00e9e que plusieurs de ses repr\u00e9sentants s&rsquo;\u00e9taient vus interdire l&rsquo;acc\u00e8s \u00e0 des bureaux de vote et a demand\u00e9 aux autorit\u00e9s de r\u00e9gler ce probl\u00e8me au plus vite. Moussavi a vot\u00e9 en compagnie de son \u00e9pouse, Zahra Rahnavard, qui a activement fait campagne \u00e0 ses c\u00f4t\u00e9s, une initiative salu\u00e9e par les militantes des droits de la femme. \u00ab\u00a0Je remercie tous les gens qui par leur pr\u00e9sence verte ont cr\u00e9\u00e9 un miracle\u00a0\u00bb, a d\u00e9clar\u00e9 l&rsquo;ex-Premier ministre, par allusion \u00e0 la couleur arbor\u00e9e par ses partisans qui ont envahi chaque soir les rues de T\u00e9h\u00e9ran aux derniers jours de la campagne. \u00a0<\/div>\n<div align=\"justify\">\n<hr\/>\n<\/div>\n<div align=\"center\"><strong><\/p>\n<h2 style=\"color: red;\"><font size=\"3\">Enqu\u00eate de l&rsquo;arm\u00e9e turque sur des all\u00e9gations de plan contre le gouvernement<\/font><\/h2>\n<p><\/strong><\/div>\n<div align=\"justify\">\u00a0<\/div>\n<div align=\"justify\">AFP, le 12 juin 2009 \u00e0 12h01 \u00a0\u00a0\u00a0\u00a0 \u00a0\u00a0\u00a0 ANKARA, 12 juin 2009 (AFP) &#8211; L&rsquo;arm\u00e9e turque a annonc\u00e9 vendredi qu&rsquo;elle allait lancer une enqu\u00eate sur un article de presse \u00e9voquant les plans d&rsquo;un officier pour discr\u00e9diter le gouvernement issu de la mouvance islamiste. \u00a0\u00a0\u00a0 \u00ab\u00a0Le minist\u00e8re public militaire de l&rsquo;\u00e9tat-major a re\u00e7u imm\u00e9diatement l&rsquo;ordre de mener une enqu\u00eate exhaustive sur la question\u00a0\u00bb, a d\u00e9clar\u00e9 lors d&rsquo;un point de presse hebdomadaire le porte-parole de l&rsquo;\u00e9tat-major Metin Gurak, cit\u00e9 par l&rsquo;agence de presse Anatolie. \u00a0\u00a0\u00a0 Le quotidien lib\u00e9ral Taraf, qui s&rsquo;est souvent illustr\u00e9 par ses articles \u00e9pinglant l&rsquo;arm\u00e9e, a affirm\u00e9 jeudi avoir obtenu la copie d&rsquo;un plan confectionn\u00e9 par un colonel pour \u00ab\u00a0briser le soutien populaire\u00a0\u00bb dont b\u00e9n\u00e9ficient le Parti de la justice et du  d\u00e9veloppement (AKP) et son puissant soutien, la confr\u00e9rie du leader religieux Feytullah G\u00fclen. \u00a0\u00a0\u00a0 Le plan, mis au point en avril, constitue selon Taraf une riposte \u00e0 l&rsquo;enqu\u00eate en cours sur le r\u00e9seau nationaliste Ergenekon, accus\u00e9 d&rsquo;avoir cherch\u00e9 par des actes violents \u00e0 cr\u00e9er des tensions dans la soci\u00e9t\u00e9 turque pour favoriser un coup d&rsquo;Etat militaire qui chasserait l&rsquo;AKP du pouvoir. \u00a0\u00a0\u00a0 Le document pr\u00e9sent\u00e9 par Taraf pr\u00e9voit une s\u00e9rie d&rsquo;actions, essentiellement de la propagande m\u00e9diatique, pour discr\u00e9diter l&rsquo;AKP ert cr\u00e9er des divisions dans ses rangs. \u00a0\u00a0\u00a0 Il appelle \u00e9galement \u00e0 l&rsquo;organisation de raids dans les r\u00e9sidences \u00e9tudiantes tenues par la communaut\u00e9 de Feytullah G\u00fclen, durant lesquelles \u00ab\u00a0la d\u00e9couverte d&rsquo;armes et de munitions sera assur\u00e9e\u00a0\u00bb, ce qui permettra de classer la confr\u00e9rie parmi les organisations terroristes, selon Taraf. \u00a0\u00a0\u00a0 De nombreux militaires d&rsquo;active ou \u00e0 la retraite, parmi lesquels figurent plusieurs anciens g\u00e9n\u00e9raux, ont \u00e9t\u00e9 inculp\u00e9s dans le cadre de l&rsquo;enqu\u00eate Ergenekon, qui a d\u00e9but\u00e9 en juin 2007. \u00a0\u00a0\u00a0 86 personnes sont jug\u00e9es depuis octobre dans le cadre de cette affaire, tandis que plusieurs dizaines d&rsquo;autres pr\u00e9venus, arr\u00eat\u00e9es ult\u00e9rieurement, sont dans l&rsquo;attentes du d\u00e9but de leur proc\u00e8s.<\/div>\n<\/div>\n<div>\n<hr\/>\n<\/div>\n<p align=\"center\"><b><span lang=\"FR\">Egemen Bagis : \u00ab\u00a0La Turquie sera membre \u00e0 part enti\u00e8re de l&rsquo;UE ou pas du tout\u00a0\u00bb<\/span><\/b><\/p>\n<p>\u00a0<\/p>\n<p>\u00a0<\/p>\n<p><span lang=\"FR\">Egemen Bagis, 39 ans, a \u00e9t\u00e9 nomm\u00e9 en janvier ministre d&rsquo;Etat, n\u00e9gociateur en chef avec l&rsquo;Union europ\u00e9enne (UE). Partisan d&rsquo;une acc\u00e9l\u00e9ration du rythme des r\u00e9formes, il incarne l&rsquo;aile lib\u00e9rale de l&rsquo;AKP au pouvoir.<\/span><\/p>\n<p>\u00a0<\/p>\n<p><b><span lang=\"FR\">Comment la Turquie r\u00e9agit-elle aux \u00e9lections europ\u00e9ennes et \u00e0 la question turque dans la campagne ?<\/span><\/b><\/p>\n<p><span lang=\"FR\">Le r\u00e9sultat \u00e9tait attendu : le centre droit et les conservateurs restent majoritaires. L&rsquo;\u00e9mergence des Verts est le progr\u00e8s le plus notable. Les Verts sont largement en faveur d&rsquo;une int\u00e9gration de la Turquie, ils veulent une Europe multi-culturelle. De toute fa\u00e7on, le Parlement europ\u00e9en n&rsquo;a pas un r\u00f4le d\u00e9cisif. Le plus important pour nous reste le message de la Commission et des Etats membres.<\/span><\/p>\n<p><b><span lang=\"FR\">Celui de la France et de l&rsquo;Allemagne a \u00e9t\u00e9 assez virulent&#8230;<\/span><\/b><\/p>\n<p><span lang=\"FR\">Malheureusement, en p\u00e9riode de campagne, certains politiques utilisent des arguments qu&rsquo;ils n&rsquo;ont pas besoin d&rsquo;utiliser. Les leaders europ\u00e9ens devraient se concentrer sur la mani\u00e8re de r\u00e9soudre nos probl\u00e8mes communs. L&rsquo;Europe va affronter des d\u00e9fis dans les vingt ou trente ans \u00e0 venir. La s\u00e9curit\u00e9 \u00e9nerg\u00e9tique, la d\u00e9fense, le trafic d&rsquo;\u00eatres humains, l&rsquo;int\u00e9gration des immigrants, la crise \u00e9conomique, le terrorisme, l&rsquo;islamophobie&#8230; Ces probl\u00e8mes n\u00e9cessitent la coop\u00e9ration des Etats membres.<\/span><\/p>\n<p><span lang=\"FR\">L&rsquo;int\u00e9gration de la Turquie \u00e0 l&rsquo;UE aidera \u00e0 r\u00e9soudre ces questions. L&rsquo;Europe a besoin de la Turquie, au moins autant que la Turquie a besoin de l&rsquo;UE.<\/span><\/p>\n<p><b><span lang=\"FR\">Vous rejetez donc la proposition franco-allemande d&rsquo;un partenariat privil\u00e9gi\u00e9 ?<\/span><\/b><\/p>\n<p><span lang=\"FR\">La Turquie sera membre \u00e0 part enti\u00e8re de l&rsquo;UE ou pas du tout. Il n&rsquo;existe pas d&rsquo;interm\u00e9diaire. Ce statut de <i>\u00ab\u00a0partenaire privil\u00e9gi\u00e9\u00a0\u00bb<\/i> n&rsquo;a aucune base l\u00e9gale sinon nous le serions d\u00e9j\u00e0. Nous sommes dans l&rsquo;union douani\u00e8re et dans les institutions europ\u00e9ennes. Plus de cinq millions de Turcs vivent dans les pays membres. Nous sommes d\u00e9j\u00e0 dans l&rsquo;Europe.<\/span><\/p>\n<p><b><span lang=\"FR\">Ne pensez-vous pas que l&rsquo;UE a besoin de preuves concr\u00e8tes de l&rsquo;engagement de la Turquie dans le processus de r\u00e9formes ?<\/span><\/b><\/p>\n<p><span lang=\"FR\">Je peux vous donner quelques preuves. En 2007, il y a eu quatre \u00e9lections en Turquie, puis en 2008, le proc\u00e8s en dissolution du parti au pouvoir. Malgr\u00e9 cette p\u00e9riode difficile, nous avons fait adopter la loi sur les fondations religieuses non musulmanes, amend\u00e9 l&rsquo;article 301 du code p\u00e9nal <i>[il r\u00e9primait l&rsquo;insulte \u00e0 l&rsquo;identit\u00e9 turque et il a \u00e9t\u00e9 utilis\u00e9 pour poursuivre des dizaines d&rsquo;intellectuels]<\/i>. A chaque fois, nous avons rencontr\u00e9 une forte r\u00e9sistance de l&rsquo;opposition. Et, d\u00e8s le d\u00e9but de 2009, nous avons publi\u00e9 un programme national des r\u00e9formes des quatre prochaines ann\u00e9es. Nous avons commenc\u00e9 \u00e0 diffuser en langue kurde sur une cha\u00eene de t\u00e9l\u00e9vision publique, dans un pays o\u00f9 se dire kurde \u00e9tait quasiment un crime il y a dix ans. Nous avons ratifi\u00e9 le protocole de Kyoto, d\u00e9cr\u00e9t\u00e9 f\u00e9ri\u00e9 le 1<sup>er<\/sup> mai, cr\u00e9\u00e9 un comit\u00e9 parlementaire pour l&rsquo;\u00e9galit\u00e9 hommes-femmes&#8230; Tout cela en cinq mois.<\/span><\/p>\n<p><b><span lang=\"FR\">Il n&rsquo;y a donc pas de ralentissement des r\u00e9formes ?<\/span><\/b><\/p>\n<p><span lang=\"FR\">C&rsquo;est l&rsquo;opposition qui ralentit la Turquie. Ils font de l&rsquo;obstruction. Quand, en plus, des leaders europ\u00e9ens d\u00e9couragent l&rsquo;opinion publique, \u00e7a n&rsquo;aide pas. Je vois l&rsquo;UE comme le di\u00e9t\u00e9ticien de la Turquie.<\/span><\/p>\n<p><span lang=\"FR\">Nous savons que si nous suivons la prescription, nous serons en meilleure sant\u00e9. Mais \u00e7a n&rsquo;est pas toujours facile de suivre la prescription. Vingt-sept pays sont devenus plus prosp\u00e8res et plus d\u00e9mocratiques en appliquant les crit\u00e8res de Copenhague et de Maastricht. C&rsquo;est ce que la Turquie doit faire. Tous les pays qui ont commenc\u00e9 les n\u00e9gociations ont fini par adh\u00e9rer.<\/span><\/p>\n<p><b><span lang=\"FR\">Propos recueillis par Guillaume Perrier<\/span><\/b><\/p>\n<p><b><span lang=\"FR\">\u00a0(Source: \u00ab\u00a0Le Monde\u00a0\u00bb (Quotidien \u2013 France) le 13 juin 2009)<\/span><\/b><\/p>\n<\/div>\n<\/div>\n<\/div>\n<\/div>\n<\/div>\n<div>\u00a0<meta content=\"Microsoft SafeHTML\"\/><\/p>\n<style>.ExternalClass .EC_hmmessage P{padding:0px;}.ExternalClass body.EC_hmmessage{font-size:10pt;font-family:Verdana;}<\/style>\n<\/div>\n<\/div>\n<\/div>\n<p><\/font><\/div>\n<\/div>\n<p align=\"center\" dir=\"ltr\">\n<h2 style=\"color: red;\"><font face=\"Arial\" size=\"2\"><strong><b><a href=\"http:\/\/www.tunisnews.net\/\"><font face=\"Arial\"><span><font size=\"2\">Home<\/font><\/span><font size=\"2\"><span lang=\"FR-CH\"> &#8211; Accueil <\/span><span>&#8211; <\/span><\/font><\/font><span dir=\"rtl\" lang=\"AR-SA\"><font size=\"2\">\u0627\u0644\u0631\u0626\u064a\u0633\u064a\u0629<\/font><\/span><\/a><\/b><\/strong><\/font><\/h2>\n<\/p>\n<p><\/body><\/body><\/html><\/p>\n","protected":false},"excerpt":{"rendered":"<p>Home &#8211; Accueil \u00a0 TUNISNEWS 9\u00a0\u00e8me ann\u00e9e,N\u00b0\u00a03307 du 12.06.2009 \u00a0archives : www.tunisnews.net\u00a0\u00a0 Afrik.com: Mohamed Abbou : \u00ab Je veux que les droits de l\u2019Homme soient respect\u00e9s en Tunisie \u00bb Jeune Afrique: Tunis r\u00e9pond pr\u00e9sent Le Temps: Affaire du 5\u00e8me congr\u00e8s de la Ligue Tunisienne de D\u00e9fense des droits de l&rsquo;Homme: La Cour de cassation confirme [&hellip;]<\/p>\n","protected":false},"author":1,"featured_media":22040,"comment_status":"open","ping_status":"open","sticky":false,"template":"","format":"standard","meta":{"inline_featured_image":false,"site-sidebar-layout":"default","site-content-layout":"","ast-site-content-layout":"default","site-content-style":"default","site-sidebar-style":"default","ast-global-header-display":"","ast-banner-title-visibility":"","ast-main-header-display":"","ast-hfb-above-header-display":"","ast-hfb-below-header-display":"","ast-hfb-mobile-header-display":"","site-post-title":"","ast-breadcrumbs-content":"","ast-featured-img":"","footer-sml-layout":"","ast-disable-related-posts":"","theme-transparent-header-meta":"","adv-header-id-meta":"","stick-header-meta":"","header-above-stick-meta":"","header-main-stick-meta":"","header-below-stick-meta":"","astra-migrate-meta-layouts":"default","ast-page-background-enabled":"default","ast-page-background-meta":{"desktop":{"background-color":"","background-image":"","background-repeat":"repeat","background-position":"center center","background-size":"auto","background-attachment":"scroll","background-type":"","background-media":"","overlay-type":"","overlay-color":"","overlay-opacity":"","overlay-gradient":""},"tablet":{"background-color":"","background-image":"","background-repeat":"repeat","background-position":"center center","background-size":"auto","background-attachment":"scroll","background-type":"","background-media":"","overlay-type":"","overlay-color":"","overlay-opacity":"","overlay-gradient":""},"mobile":{"background-color":"","background-image":"","background-repeat":"repeat","background-position":"center center","background-size":"auto","background-attachment":"scroll","background-type":"","background-media":"","overlay-type":"","overlay-color":"","overlay-opacity":"","overlay-gradient":""}},"ast-content-background-meta":{"desktop":{"background-color":"var(--ast-global-color-5)","background-image":"","background-repeat":"repeat","background-position":"center center","background-size":"auto","background-attachment":"scroll","background-type":"","background-media":"","overlay-type":"","overlay-color":"","overlay-opacity":"","overlay-gradient":""},"tablet":{"background-color":"var(--ast-global-color-5)","background-image":"","background-repeat":"repeat","background-position":"center center","background-size":"auto","background-attachment":"scroll","background-type":"","background-media":"","overlay-type":"","overlay-color":"","overlay-opacity":"","overlay-gradient":""},"mobile":{"background-color":"var(--ast-global-color-5)","background-image":"","background-repeat":"repeat","background-position":"center center","background-size":"auto","background-attachment":"scroll","background-type":"","background-media":"","overlay-type":"","overlay-color":"","overlay-opacity":"","overlay-gradient":""}},"footnotes":""},"categories":[],"tags":[58,40,29],"class_list":["post-16202","post","type-post","status-publish","format-standard","has-post-thumbnail","hentry","tag-58","tag-40","tag-fr"],"_links":{"self":[{"href":"https:\/\/tunisnews.net\/ar\/wp-json\/wp\/v2\/posts\/16202","targetHints":{"allow":["GET"]}}],"collection":[{"href":"https:\/\/tunisnews.net\/ar\/wp-json\/wp\/v2\/posts"}],"about":[{"href":"https:\/\/tunisnews.net\/ar\/wp-json\/wp\/v2\/types\/post"}],"author":[{"embeddable":true,"href":"https:\/\/tunisnews.net\/ar\/wp-json\/wp\/v2\/users\/1"}],"replies":[{"embeddable":true,"href":"https:\/\/tunisnews.net\/ar\/wp-json\/wp\/v2\/comments?post=16202"}],"version-history":[{"count":0,"href":"https:\/\/tunisnews.net\/ar\/wp-json\/wp\/v2\/posts\/16202\/revisions"}],"wp:featuredmedia":[{"embeddable":true,"href":"https:\/\/tunisnews.net\/ar\/wp-json\/wp\/v2\/media\/22040"}],"wp:attachment":[{"href":"https:\/\/tunisnews.net\/ar\/wp-json\/wp\/v2\/media?parent=16202"}],"wp:term":[{"taxonomy":"category","embeddable":true,"href":"https:\/\/tunisnews.net\/ar\/wp-json\/wp\/v2\/categories?post=16202"},{"taxonomy":"post_tag","embeddable":true,"href":"https:\/\/tunisnews.net\/ar\/wp-json\/wp\/v2\/tags?post=16202"}],"curies":[{"name":"wp","href":"https:\/\/api.w.org\/{rel}","templated":true}]}}