{"id":16191,"date":"2011-10-15T00:00:00","date_gmt":"2011-10-15T00:00:00","guid":{"rendered":"https:\/\/tunisnews.net\/15-octobre-2011\/"},"modified":"2011-10-15T00:00:00","modified_gmt":"2011-10-15T00:00:00","slug":"15-octobre-2011","status":"publish","type":"post","link":"https:\/\/tunisnews.net\/ar\/15-octobre-2011\/","title":{"rendered":"15 octobre 2011"},"content":{"rendered":"<p><html><head><meta content=\"text\/html\" description=\"La police tunisienne a tir\u00e9 des gaz lacrymog\u00e8nes \n\tvendredi pour disperser un rassemblement d'islamistes, dont certains \n\ttentaient de marcher en direction des bureaux du Premier ministre dans le \n\tcentre de Tunis.\" http-equiv=\"Content-Type\"\/><\/head><body><body><\/p>\n<p align=\"center\"><font><strong><font face=\"Calibri\" size=\"2\"><font><font><span dir=\"rtl\" lang=\"AR-SA\"><font>\u0641\u064a<\/font><\/span><font><span lang=\"AR-SA\"><\/span><span dir=\"rtl\" lang=\"AR-SA\">\u0643\u0644<\/span><span lang=\"AR-SA\"><\/span><span dir=\"rtl\" lang=\"AR-SA\">\u064a\u0648\u0645<\/span>\u060c<span dir=\"rtl\" lang=\"AR-SA\">\u0646\u0633\u0627\u0647\u0645 \u0628\u062c\u0647\u062f\u0646\u0627 \u0641\u064a<\/span><span lang=\"AR-SA\"><\/span><span dir=\"rtl\" lang=\"AR-SA\">\u062a\u0642\u062f\u064a\u0645<\/span><span dir=\"rtl\" lang=\"AR-SA\">\u0625\u0639\u0644\u0627\u0645 \u0623\u0641\u0636\u0644 \u0648\u0623\u0631\u0642\u0649 \u0639\u0646<\/span><span dir=\"rtl\" lang=\"AR-SA\">\u0628\u0644\u062f\u0646\u0627\u060c<\/span><\/font><span lang=\"AR-SA\"><font><\/font><\/span><\/font>\u062a\u0648\u0646\u0633  <\/font><\/font><\/strong><\/font><span><strong><font face=\"Calibri\" size=\"2\">Un effort quotidien pour une information de qualit\u00e9 sur notre pays, la Tunisie. <span lang=\"EN-US\">Everyday, we contribute to <\/span>a<span lang=\"AR-SA\">better information about <\/span><span lang=\"EN-US\">our country, Tunisia<\/span><\/font><\/strong><\/span><\/p>\n<div align=\"center\" dir=\"ltr\"><font face=\"Bookman Old Style\" size=\"7\"><strong>TUNISNEWS <\/strong><\/font><\/div>\n<div align=\"center\" dir=\"ltr\"><strong><font face=\"Arial\" size=\"2\">11 \u00e8me ann\u00e9e, N\u00b04125 du 15.10.2011<\/font><\/strong><\/div>\n<div align=\"center\" dir=\"ltr\"><font face=\"Arial\" size=\"2\"><strong>archives : <\/strong><\/font><a rel=\"nofollow\"><font face=\"Arial\" size=\"2\"><strong>www.tunisnews.net<\/strong><\/font><\/a><span lang=\"FR\"><strong><font face=\"Arial\" size=\"2\"><\/font><\/strong><\/span><\/div>\n<p><font><\/font><font><font><font><\/p>\n<div dir=\"ltr\"><strong><font face=\"Arial\" size=\"2\"><\/p>\n<hr\/>\n<p><\/font><\/strong><\/div>\n<p><\/font><\/font><\/font><\/p>\n<div>\n<h2 style=\"color: red;\"><font face=\"Arial\" size=\"2\"><strong>Reuters: Heurts entre policiers et manifestants islamistes \u00e0 Tunis<\/strong><\/font><\/h2>\n<\/div>\n<div><font face=\"Arial\" size=\"2\"><strong>Belga: Tunis: le domicile du PDG de de la cha\u00eene priv\u00e9e Nessma attaqu\u00e9<\/strong><\/font><\/div>\n<div>\n<h2 style=\"color: red;\"><font face=\"Arial\" size=\"2\"><strong>LeMonde.fr: La Tunisie joue sa libert\u00e9<\/strong><\/font><\/h2>\n<\/div>\n<div><font face=\"Arial\" size=\"2\"><strong>Le Echos:Tunisie : les raisons du succ\u00e8s populaire du mouvement islamiste Ennahda<\/strong><\/font><\/div>\n<div>\n<h2 style=\"color: red;\"><font face=\"Arial\" size=\"2\"><strong>LeMonde.fr: L\u2019affaire Nessma et les maux de la soci\u00e9t\u00e9<\/strong><\/font><\/h2>\n<\/div>\n<div><font face=\"Arial\" size=\"2\"><strong>Slate Afrique: La Tunisie post-r\u00e9volutionnaire au bord de la folie?<\/strong><\/font><\/div>\n<div>\n<h2 style=\"color: red;\"><font face=\"Arial\" size=\"2\"><strong>Jeune Afrique: \u00c0 nouvelle Tunisie, nouveau mod\u00e8le \u00e9conomique<\/strong><\/font><\/h2>\n<\/div>\n<div><font face=\"Arial\" size=\"2\"><strong>Marianne2: Comment votera la Tunisie des oubli\u00e9s ?<\/strong><\/font><\/div>\n<div>\n<h2 style=\"color: red;\"><font face=\"Arial\" size=\"2\"><strong>Espace Manager: Tunisie : \u00ab Chaque peuple a le gouvernement qu&rsquo;il m\u00e9rite \u00bb !<\/strong><\/font><\/h2>\n<\/div>\n<div>\n<hr\/>\n<\/div>\n<div align=\"center\">\n<h2 style=\"color: red;\"><font face=\"Arial\"><strong>Heurts entre policiers et manifestants islamistes \u00e0 Tunis<\/strong><\/font><\/h2>\n<\/div>\n<div align=\"center\">\n<hr\/>\n<\/div>\n<div><font face=\"Arial\" size=\"2\">publi\u00e9 le 14\/10\/2011 \u00e0 16:38, mis \u00e0 jour \u00e0 16:38<\/font><\/div>\n<div><font face=\"Arial\" size=\"2\">La police tunisienne a tir\u00e9 des gaz lacrymog\u00e8nes vendredi pour disperser un rassemblement d&rsquo;islamistes, dont certains tentaient de marcher en direction des bureaux du Premier ministre dans le centre de Tunis.<\/font><\/div>\n<div><font face=\"Arial\" size=\"2\">Les manifestants, qui scandaient \u00ab\u00a0Allahou Akbar\u00a0\u00bb et r\u00e9clamaient l&rsquo;instauration de la charia (loi islamique) en Tunisie, ont r\u00e9pliqu\u00e9 aux gaz lacrymog\u00e8nes en lan\u00e7ant des pierres sur les forces de police, a constat\u00e9 Reuters.<\/font><\/div>\n<div><font face=\"Arial\" size=\"2\">Les Tunisiens sont appel\u00e9s aux urnes le 23 octobre pour \u00e9lire une Assembl\u00e9e constituante, scrutin qui risque d&rsquo;\u00eatre rel\u00e9gu\u00e9 au second plan par les tensions grandissantes entre les islamistes et le camp la\u00efque.<\/font><\/div>\n<div><font face=\"Arial\" size=\"2\">Il s&rsquo;agira des premi\u00e8res \u00e9lections depuis la chute du pr\u00e9sident Zine Ben Ali en janvier dernier, premier acte du \u00ab\u00a0printemps arabe\u00a0\u00bb.<\/font><\/div>\n<div><font face=\"Arial\" size=\"2\">La manifestation de vendredi, qui a r\u00e9uni plus de 10.000 personnes, soit la plus importante du camp islamiste \u00e0 ce jour dans la capitale, avait commenc\u00e9 dans le calme. Lorsque la foule s&rsquo;est rapproch\u00e9e de la Casbah, o\u00f9 se trouvent les bureaux du Premier ministre, Beji Ca\u00efd Sebsi, certains groupes ont tent\u00e9 de forcer les barrages de police.<\/font><\/div>\n<div><font face=\"Arial\" size=\"2\">La police anti-\u00e9meutes a fait usage de gaz lacrymog\u00e8nes et de matraques pour tenter de disperser la foule. Les manifestants ont r\u00e9pliqu\u00e9 en caillassant les policiers et au bout d&rsquo;une demi-heure, la plus grande partie de la foule s&rsquo;est dispers\u00e9e. Il n&rsquo;est plus rest\u00e9 sur place que quelques centaines de jeunes gens, qui ont continu\u00e9 de bombarder de pierres les policiers.<\/font><\/div>\n<div><font face=\"Arial\" size=\"2\">Des t\u00e9moins rapportent que d&rsquo;autres manifestations d&rsquo;islamistes ont eu lieu en trois autres points de la capitale, rassemblant chacune plusieurs milliers de participants.<\/font><\/div>\n<div><font face=\"Arial\" size=\"2\">Ainsi, un groupe sur le boulevard Mohamed V, au nord du centre, a tent\u00e9 d&rsquo;atteindre le si\u00e8ge d&rsquo;une cha\u00eene de t\u00e9l\u00e9vision qui a mis en fureur les ultra-religieux parce qu&rsquo;elle avait diffus\u00e9 le film d&rsquo;animation \u00ab\u00a0Pers\u00e9polis\u00a0\u00bb, dans lequel Allah est incarn\u00e9, ce qui est contraire aux pr\u00e9ceptes de l&rsquo;islam qui interdisent sa repr\u00e9sentation.<\/font><\/div>\n<div><font face=\"Arial\" size=\"2\">La semaine derni\u00e8re, d\u00e9j\u00e0, des heurts s&rsquo;\u00e9taient produits entre des islamistes et les forces de police dans un faubourg de Tunis, \u00e0 la suite de la diffusion de \u00ab\u00a0Pers\u00e9polis\u00a0\u00bb.<\/font><\/div>\n<div><font face=\"Arial\" size=\"2\">Tarek Amara, Eric Faye pour le service fran\u00e7ais, \u00e9dit\u00e9 par Gilles Trequesser<\/font><\/div>\n<div><font face=\"Arial\" size=\"2\">Par <\/font><\/div>\n<div>\u00a0<\/div>\n<div>\u00a0<\/div>\n<div>\n<hr\/>\n<\/div>\n<div align=\"center\">\n<h2 style=\"color: red;\"><font face=\"Arial\"><strong>Tunis: le domicile du PDG de de la cha\u00eene priv\u00e9e Nessma attaqu\u00e9<\/strong><\/font><\/h2>\n<\/div>\n<div align=\"center\">\n<hr\/>\n<\/div>\n<div><font face=\"Arial\" size=\"2\">vendredi 14 octobre 2011 \u00e0 21h58<\/font><\/div>\n<div><font face=\"Arial\" size=\"2\">(Belga) Le domicile de Nabil Karoui, le PDG de la cha\u00eene priv\u00e9e tunisienne Nessma dont des salafistes ont r\u00e9clam\u00e9 la fermeture apr\u00e8s la diffusion du film Persepolis, a \u00e9t\u00e9 attaqu\u00e9 vendredi soir par \u00ab\u00a0un groupe d&rsquo;une centaine d&rsquo;hommes\u00a0\u00bb, a d\u00e9nonc\u00e9 la cha\u00eene dans son journal du soir. <\/font><\/div>\n<div><font face=\"Arial\" size=\"2\">\u00ab\u00a0La cha\u00eene Nessma TV d\u00e9nonce l&rsquo;attaque de la maison de son PDG Nabil Karoui (\u00e0 Tunis) par un groupe d&rsquo;une centaine d&rsquo;hommes qui ont jet\u00e9 des cocktails Molotov\u00a0\u00bb, a d\u00e9clar\u00e9 la pr\u00e9sentatrice du journal, pr\u00e9cisant que la famille avait pu \u00eatre sauv\u00e9e \u00ab\u00a0in extremis\u00a0\u00bb. Des milliers de personnes, dont des salafistes, ont manifest\u00e9 vendredi \u00e0 Tunis pour d\u00e9noncer la diffusion la semaine derni\u00e8re du film franco-iranien Persepolis, dont une s\u00e9quence repr\u00e9sente Dieu sous les traits d&rsquo;un vieillard barbu, ce que l&rsquo;islam proscrit. Sofiane Ben Hmida, un des journalistes vedettes de la cha\u00eene, a pr\u00e9cis\u00e9 qu&rsquo;une vingtaine d&rsquo;hommes \u00e9taient parvenus \u00e0 entrer dans la maison, o\u00f9 se trouvaient encore la femme et les enfants de M. Karoui. Ce dernier n&rsquo;\u00e9tait pas chez lui lors de l&rsquo;attaque, survenue vers 19H00 (18H00 GMT). \u00ab\u00a0La famille a pu sortir par derri\u00e8re et est en s\u00e9curit\u00e9. les assaillants ont saccag\u00e9 la maison et ont mis le feu\u00a0\u00bb, a-t-il dit. Nessma TV a \u00e9galement d\u00e9nonc\u00e9 \u00ab\u00a0l&rsquo;incitation de quelques imams \u00e0 commettre des crimes \u00e0 l&rsquo;encontre des employ\u00e9s de la cha\u00eene\u00a0\u00bb. (DGO)<\/font><\/div>\n<div><font face=\"Arial\" size=\"2\">Belga<\/font><\/div>\n<div>\u00a0<\/div>\n<p><strong><font face=\"Arial\" size=\"2\"><\/p>\n<div>\n<hr\/>\n<\/div>\n<p><\/font><\/strong><\/p>\n<p align=\"center\"><b><span lang=\"EN-US\"><\/p>\n<h2 style=\"color: red;\"><font face=\"Arial\">La Tunisie joue sa libert\u00e9<\/font><\/h2>\n<p> <\/span><\/b><\/p>\n<hr\/>\n<p>\u00a0<\/p>\n<p><font face=\"Arial\"><span lang=\"EN-US\"><font><font>Pendant que la France vit ses derni\u00e8res heures de primaires citoyennes, la Tunisie retient son souffle, en vue d&rsquo;une \u00ab\u00a0Constituante\u00a0\u00bb cruciale pour son<\/font><span><font><\/font><\/span><\/font><\/span><font><span lang=\"NO-BOK\"><a href=\"http:\/\/conjugaison.lemonde.fr\/conjugaison\/search?verb=avenir\" rel=\"nofollow noopener\" target=\"_blank\"><span lang=\"EN-US\"><font>avenir<\/font><\/span><\/a><\/span><span lang=\"EN-US\"><font>. Pour la premi\u00e8re fois, des citoyens vont<\/font><span><font><\/font><\/span><\/span><span lang=\"NO-BOK\"><a href=\"http:\/\/conjugaison.lemonde.fr\/conjugaison\/search?verb=pouvoir\" rel=\"nofollow noopener\" target=\"_blank\"><span lang=\"EN-US\"><font>pouvoir<\/font><\/span><\/a><\/span><span><span lang=\"EN-US\"><font><\/font><\/span><\/span><span lang=\"NO-BOK\"><a href=\"http:\/\/conjugaison.lemonde.fr\/conjugaison\/search?verb=choisir\" rel=\"nofollow noopener\" target=\"_blank\"><span lang=\"EN-US\"><font>choisir<\/font><\/span><\/a><\/span><span lang=\"EN-US\"><font>, en toute libert\u00e9, ceux qui auront les pleins pouvoirs pour redessiner les institutions et<\/font><span><font><\/font><\/span><\/span><span lang=\"NO-BOK\"><a href=\"http:\/\/conjugaison.lemonde.fr\/conjugaison\/search?verb=r%C3%A9diger\" rel=\"nofollow noopener\" target=\"_blank\"><span lang=\"EN-US\"><font>r\u00e9diger<\/font><\/span><\/a><\/span><span><span lang=\"EN-US\"><font><\/font><\/span><\/span><span lang=\"EN-US\"><font>la premi\u00e8re constitution de l&rsquo;apr\u00e8s-<\/font><\/span><span lang=\"NO-BOK\"><a href=\"http:\/\/www.lemonde.fr\/sujet\/26ed\/ben-ali.html\" rel=\"nofollow noopener\" target=\"_blank\"><span lang=\"EN-US\"><font>Ben Ali<\/font><\/span><\/a><\/span><\/font><span lang=\"EN-US\"><font>.<\/font><\/span><\/font><\/p>\n<p><font face=\"Arial\"><span lang=\"EN-US\"><font>Jusqu&rsquo;ici, la Tunisie a fait un sans-faute pour<span> <\/span><\/font><\/span><font><span lang=\"NO-BOK\"><a href=\"http:\/\/conjugaison.lemonde.fr\/conjugaison\/search?verb=g%C3%A9rer\" rel=\"nofollow noopener\" target=\"_blank\"><span lang=\"EN-US\"><font>g\u00e9rer<\/font><\/span><\/a><\/span><span><span lang=\"EN-US\"><\/span><\/span><span lang=\"EN-US\">la transition. Gr\u00e2ce \u00e0 la maturit\u00e9 d&rsquo;un peuple qui a su s&rsquo;auto-limiter, au gouvernement provisoire qui a su<span><\/span><\/span><span lang=\"NO-BOK\"><a href=\"http:\/\/conjugaison.lemonde.fr\/conjugaison\/search?verb=tenir\" rel=\"nofollow noopener\" target=\"_blank\"><span lang=\"EN-US\"><font>tenir<\/font><\/span><\/a><\/span><span><span lang=\"EN-US\"><\/span><\/span><span lang=\"EN-US\">le gouvernail, et \u00e0 quelques figures de sagesse exemplaires comme Yadh Ben Achour. Son comit\u00e9 de juristes a fait<span><\/span><\/span><span lang=\"NO-BOK\"><a href=\"http:\/\/conjugaison.lemonde.fr\/conjugaison\/search?verb=voter\" rel=\"nofollow noopener\" target=\"_blank\"><span lang=\"EN-US\"><font>voter<\/font><\/span><\/a><\/span><span><span lang=\"EN-US\"><\/span><\/span><span lang=\"EN-US\">une loi \u00e9lectorale et a su<span><\/span><\/span><span lang=\"NO-BOK\"><a href=\"http:\/\/conjugaison.lemonde.fr\/conjugaison\/search?verb=tenir\" rel=\"nofollow noopener\" target=\"_blank\"><span lang=\"EN-US\"><font>tenir<\/font><\/span><\/a><\/span><span><span lang=\"EN-US\"><\/span><\/span><\/font><span lang=\"EN-US\"><font>les deux bouts d&rsquo;une instance o\u00f9 si\u00e8ge une myriade d&rsquo;organisations allant des communistes aux islamistes.<\/font><\/span><\/font><\/p>\n<p><font face=\"Arial\"><span lang=\"EN-US\"><font>Ce parcours de l&rsquo;apr\u00e8s-r\u00e9volution doit<span> <\/span><\/font><\/span><font><span lang=\"NO-BOK\"><a href=\"http:\/\/conjugaison.lemonde.fr\/conjugaison\/search?verb=%C3%AAtre\" rel=\"nofollow noopener\" target=\"_blank\"><span lang=\"EN-US\"><font>\u00eatre<\/font><\/span><\/a><\/span><span><span lang=\"EN-US\"><\/span><\/span><span lang=\"EN-US\">salu\u00e9. Il est admirable. Les Tunisiens peuvent<span><\/span><\/span><span lang=\"NO-BOK\"><a href=\"http:\/\/conjugaison.lemonde.fr\/conjugaison\/search?verb=%C3%AAtre\" rel=\"nofollow noopener\" target=\"_blank\"><span lang=\"EN-US\"><font>\u00eatre<\/font><\/span><\/a><\/span><span><span lang=\"EN-US\"><\/span><\/span><span lang=\"EN-US\">non seulement fiers de leur r\u00e9volution mais aussi du chemin parcouru depuis. Ils ont tous les atouts pour<span><\/span><\/span><span lang=\"NO-BOK\"><a href=\"http:\/\/conjugaison.lemonde.fr\/conjugaison\/search?verb=r%C3%A9ussir\" rel=\"nofollow noopener\" target=\"_blank\"><span lang=\"EN-US\"><font>r\u00e9ussir<\/font><\/span><\/a><\/span><span><span lang=\"EN-US\"><\/span><\/span><span lang=\"EN-US\">l&rsquo;apr\u00e8s. Un petit pays, plut\u00f4t \u00e9duqu\u00e9, plut\u00f4t s\u00e9cularis\u00e9, et une \u00e9conomie prometteuse, qui ne repose pas sur l&rsquo;exploitation d&rsquo;hydrocarbures mais sur l&rsquo;ouverture : le tourisme. On aimerait<span><\/span><\/span><span lang=\"NO-BOK\"><a href=\"http:\/\/conjugaison.lemonde.fr\/conjugaison\/search?verb=croire\" rel=\"nofollow noopener\" target=\"_blank\"><span lang=\"EN-US\"><font>croire<\/font><\/span><\/a><\/span><span><span lang=\"EN-US\"><\/span><\/span><span lang=\"EN-US\">que cela suffira. Mais voil\u00e0 que se profile le plus difficile. Dans cette d\u00e9mocratie balbutiante, les Tunisiens doivent<span><\/span><\/span><span lang=\"NO-BOK\"><a href=\"http:\/\/conjugaison.lemonde.fr\/conjugaison\/search?verb=choisir\" rel=\"nofollow noopener\" target=\"_blank\"><span lang=\"EN-US\"><font>choisir<\/font><\/span><\/a><\/span><span><span lang=\"EN-US\"><\/span><\/span><span lang=\"EN-US\">les r\u00e9dacteurs de leur<span><\/span><\/span><span lang=\"NO-BOK\"><a href=\"http:\/\/conjugaison.lemonde.fr\/conjugaison\/search?verb=avenir\" rel=\"nofollow noopener\" target=\"_blank\"><span lang=\"EN-US\"><font>avenir<\/font><\/span><\/a><\/span><span><span lang=\"EN-US\"><\/span><\/span><span lang=\"EN-US\">parmi cent listes o\u00f9 surnagent cinq grands partis, dont le parti islamiste Ennahda, sans doute le plus connu. Le d\u00e9lai a \u00e9t\u00e9 court pour<span> <\/span><\/span><span lang=\"NO-BOK\"><a href=\"http:\/\/conjugaison.lemonde.fr\/conjugaison\/search?verb=rattraper\" rel=\"nofollow noopener\" target=\"_blank\"><span lang=\"EN-US\"><font>rattraper<\/font><\/span><\/a><\/span><span><span lang=\"EN-US\"><\/span><\/span><\/font><span lang=\"EN-US\"><font>ces \u00e9carts de notori\u00e9t\u00e9.<\/font><\/span><\/font><\/p>\n<p><font face=\"Arial\"><span lang=\"NO-BOK\"><font>Les premi\u00e8res enqu\u00eates situent les islamistes entre 20 % et 30 %. <\/font><\/span><font><span lang=\"EN-US\">Mais le danger r\u00e9side moins dans le score d&rsquo;Ennahda que dans le manque de lucidit\u00e9 des politiques qui lui font face. A l&rsquo;exception du tout nouveau parti<span> <\/span><\/span><span lang=\"NO-BOK\"><a href=\"http:\/\/www.lemonde.fr\/sujet\/4f32\/doustourna-de-jawhar.html\" rel=\"nofollow noopener\" target=\"_blank\"><span lang=\"EN-US\"><font>Doustourna de Jawhar<\/font><\/span><\/a><\/span><span><span lang=\"EN-US\"><\/span><\/span><span lang=\"NO-BOK\"><a href=\"http:\/\/www.lemonde.fr\/sujet\/ed91\/ben-mbarek.html\" rel=\"nofollow noopener\" target=\"_blank\"><span lang=\"EN-US\"><font>Ben Mbarek<\/font><\/span><\/a><\/span><span><span lang=\"EN-US\"><\/span><\/span><span lang=\"EN-US\">(jeune, juriste et la\u00efque), tous semblent<span><\/span><\/span><span lang=\"NO-BOK\"><a href=\"http:\/\/conjugaison.lemonde.fr\/conjugaison\/search?verb=avoir\" rel=\"nofollow noopener\" target=\"_blank\"><span lang=\"EN-US\"><font>avoir<\/font><\/span><\/a><\/span><span><span lang=\"EN-US\"><\/span><\/span><span lang=\"EN-US\">renonc\u00e9 \u00e0<span><\/span><\/span><span lang=\"NO-BOK\"><a href=\"http:\/\/conjugaison.lemonde.fr\/conjugaison\/search?verb=mener\" rel=\"nofollow noopener\" target=\"_blank\"><span lang=\"EN-US\"><font>mener<\/font><\/span><\/a><\/span><span lang=\"EN-US\">une bataille s\u00e9mantique capitale :<span><\/span><\/span><span lang=\"NO-BOK\"><a href=\"http:\/\/conjugaison.lemonde.fr\/conjugaison\/search?verb=%C3%A9viter\" rel=\"nofollow noopener\" target=\"_blank\"><span lang=\"EN-US\"><font>\u00e9viter<\/font><\/span><\/a><\/span><span><span lang=\"EN-US\"><\/span><\/span><\/font><span lang=\"EN-US\"><font>que l&rsquo;islam apparaisse comme la religion de l&rsquo;Etat tunisien.<\/font><\/span><\/font><\/p>\n<p><font face=\"Arial\"><span lang=\"EN-US\"><font>Ce sera l&rsquo;obsession inavou\u00e9e des \u00e9lus d&rsquo;Ennahda, souvent avocats et ma\u00eetres dans l&rsquo;art du double discours. \u00ab\u00a0D\u00e9mocrates\u00a0\u00bb quand \u00e7a les arrange mais \u00e0 l&rsquo;aff\u00fbt pour<span><\/span><\/font><\/span><font><span lang=\"NO-BOK\"><a href=\"http:\/\/conjugaison.lemonde.fr\/conjugaison\/search?verb=poser\" rel=\"nofollow noopener\" target=\"_blank\"><span lang=\"EN-US\"><font>poser<\/font><\/span><\/a><\/span><span lang=\"EN-US\">, ici ou l\u00e0, des formulations \u00ab\u00a0th\u00e9ocrates\u00a0\u00bb dans la Constitution. Avant m\u00eame d&rsquo;<\/span><span lang=\"NO-BOK\"><a href=\"http:\/\/conjugaison.lemonde.fr\/conjugaison\/search?verb=entamer\" rel=\"nofollow noopener\" target=\"_blank\"><span lang=\"EN-US\"><font>entamer<\/font><\/span><\/a><\/span><span><span lang=\"EN-US\"><\/span><\/span><span lang=\"EN-US\">les n\u00e9gociations, ils sont parvenus \u00e0<span><\/span><\/span><span lang=\"NO-BOK\"><a href=\"http:\/\/conjugaison.lemonde.fr\/conjugaison\/search?verb=assimiler\" rel=\"nofollow noopener\" target=\"_blank\"><span lang=\"EN-US\"><font>assimiler<\/font><\/span><\/a><\/span><span><span lang=\"EN-US\"><\/span><\/span><\/font><span lang=\"EN-US\"><font>la \u00ab\u00a0la\u00efcit\u00e9\u00a0\u00bb \u00e0 une forme d&rsquo;ath\u00e9isme, voire \u00e0 de la colonisation occidentale. Qu&rsquo;en sera-t-il pendant et apr\u00e8s ?<\/font><\/span><\/font><\/p>\n<p><font face=\"Arial\"><span lang=\"EN-US\"><font>Selon un sc\u00e9nario bien rod\u00e9 et bien connu, Ennahda se pr\u00e9sente d\u00e9j\u00e0 comme un \u00ab\u00a0juste milieu\u00a0\u00bb compar\u00e9 aux exc\u00e8s salafistes qui se d\u00e9cha\u00eenent. Apr\u00e8s<span><\/span><\/font><\/span><font><span lang=\"NO-BOK\"><a href=\"http:\/\/conjugaison.lemonde.fr\/conjugaison\/search?verb=avoir\" rel=\"nofollow noopener\" target=\"_blank\"><span lang=\"EN-US\"><font>avoir<\/font><\/span><\/a><\/span><span><span lang=\"EN-US\"><\/span><\/span><span lang=\"EN-US\">attaqu\u00e9 des maisons closes et le film de Nadia El Fani,<span> <\/span><em>La\u00efcit\u00e9 Inch&rsquo; Allah<\/em>, les voil\u00e0 qui s&rsquo;en prennent \u00e0 la cha\u00eene de t\u00e9l\u00e9vision priv\u00e9e Nessma&#8230; pour<span> <\/span><\/span><span lang=\"NO-BOK\"><a href=\"http:\/\/conjugaison.lemonde.fr\/conjugaison\/search?verb=avoir\" rel=\"nofollow noopener\" target=\"_blank\"><span lang=\"EN-US\"><font>avoir<\/font><\/span><\/a><\/span><span><span lang=\"EN-US\"><\/span><\/span><span lang=\"EN-US\">diffus\u00e9 le tr\u00e8s beau film de Marjane Satrapi,<span><\/span><em>Persepolis<\/em>, qui raconte la prise de<span><\/span><\/span><span lang=\"NO-BOK\"><a href=\"http:\/\/conjugaison.lemonde.fr\/conjugaison\/search?verb=pouvoir\" rel=\"nofollow noopener\" target=\"_blank\"><span lang=\"EN-US\"><font>pouvoir<\/font><\/span><\/a><\/span><span><span lang=\"EN-US\"><\/span><\/span><span lang=\"EN-US\">des int\u00e9gristes en Iran et repr\u00e9sente Dieu dans une sc\u00e8ne. Le directeur de la cha\u00eene, Nebil Karoui, a commenc\u00e9 par<span><\/span><\/span><span lang=\"NO-BOK\"><a href=\"http:\/\/conjugaison.lemonde.fr\/conjugaison\/search?verb=tenir\" rel=\"nofollow noopener\" target=\"_blank\"><span lang=\"EN-US\"><font>tenir<\/font><\/span><\/a><\/span><span><span lang=\"EN-US\"><\/span><\/span><span lang=\"EN-US\">bon, avant de<span><\/span><\/span><span lang=\"NO-BOK\"><a href=\"http:\/\/conjugaison.lemonde.fr\/conjugaison\/search?verb=commettre\" rel=\"nofollow noopener\" target=\"_blank\"><span lang=\"EN-US\"><font>commettre<\/font><\/span><\/a><\/span><span><span lang=\"EN-US\"><\/span><\/span><span lang=\"EN-US\">une volte-face spectaculaire. Allant jusqu&rsquo;\u00e0<span><\/span><\/span><span lang=\"NO-BOK\"><a href=\"http:\/\/conjugaison.lemonde.fr\/conjugaison\/search?verb=pr%C3%A9senter\" rel=\"nofollow noopener\" target=\"_blank\"><span lang=\"EN-US\"><font>pr\u00e9senter<\/font><\/span><\/a><\/span><span><span lang=\"EN-US\"><\/span><\/span><span lang=\"EN-US\">ses excuses pour<span><\/span><\/span><span lang=\"NO-BOK\"><a href=\"http:\/\/conjugaison.lemonde.fr\/conjugaison\/search?verb=avoir\" rel=\"nofollow noopener\" target=\"_blank\"><span lang=\"EN-US\"><font>avoir<\/font><\/span><\/a><\/span><span><span lang=\"EN-US\"><\/span><\/span><\/font><span lang=\"EN-US\"><font>port\u00e9 atteinte au \u00ab\u00a0sacr\u00e9\u00a0\u00bb. Cette capitulation en rase campagne envoie un signal terrible. L&rsquo;intimidation paie, et rien ne lui r\u00e9siste. A moins d&rsquo;un sursaut, la\u00efque et d\u00e9termin\u00e9, la libert\u00e9 d&rsquo;expression &#8211; si ch\u00e8rement acquise &#8211; est en sursis en Tunisie.<\/font><\/span><\/font><\/p>\n<p><span lang=\"EN-US\"><font face=\"Arial\">Source: \u201cLe Monde.fr\u201d Le 14-10-2011<\/font><\/span><\/p>\n<p><font face=\"Arial\"><span lang=\"NO-BOK\"><font>Lien: <\/font><a href=\"http:\/\/www.lemonde.fr\/idees\/article\/2011\/10\/14\/la-tunisie-joue-sa-liberte_1587853_3232.html\" rel=\"nofollow noopener\" target=\"_blank\"><font>http:\/\/www.lemonde.fr\/idees\/article\/2011\/10\/14\/la-tunisie-joue-sa-liberte_1587853_3232.html<\/font><\/a><\/span><\/font><\/p>\n<p><strong><\/p>\n<p><font face=\"Arial\" size=\"2\"><\/p>\n<div>\n<hr\/>\n<\/div>\n<div align=\"center\"><b><span lang=\"NO-BOK\"><\/p>\n<h2 style=\"color: red;\"><font face=\"Arial\">Tunisie : les raisons du succ\u00e8s populaire du mouvement islamiste Ennahda<\/font><\/h2>\n<p><\/span><\/b><\/div>\n<div>\n<hr\/>\n<\/div>\n<p><font face=\"Arial\"><b><span lang=\"NO-BOK\"><font>Certes, Ennahda n\u2019a pas que des sympathisants en Tunisie. Mais, qu\u2019on le veuille ou non, il reste que ce parti rencontre un succ\u00e8s populaire ind\u00e9niable. <\/font><\/span><span lang=\"EN-US\"><font>Et la question qui se pose est pourquoi ? Pourquoi, en effet, ce courant politique, presque ray\u00e9 des tablettes sous Ben Ali, a t\u2019il connu une renaissance populaire forte et aussi rapide ?<\/font><\/span><\/b><\/font><\/p>\n<p><span lang=\"EN-US\"><font face=\"Arial\">Rares sont les analyses sur les raisons des succ\u00e8s populaires des mouvements islamistes politiques dans les pays arabes. G\u00e9n\u00e9ralement, la question est trait\u00e9 sous l\u2019angle des cons\u00e9quences (le plus souvent n\u00e9fastes) de l\u2019arriv\u00e9e au pouvoir de ces partis. La Tunisie ne fait pas exception et quant on parle de l\u2019Islam politique tunisien, on entend souvent :<\/font><\/span><\/p>\n<p><font face=\"Arial\"><span lang=\"NO-BOK\"><font>\u00ab Les islamistes sont dangereux pour la Tunisie \u00bb. \u00ab Ils ne vont rien nous amener de bon \u00bb. <\/font><\/span><span lang=\"EN-US\"><font>\u00ab Ils vont faire fuir le tourisme \u00bb \u00ab Ils vont faire r\u00e9gresser la Tunisie \u00bb ect\u2026..<\/font><\/span><\/font><\/p>\n<p><span lang=\"EN-US\"><font face=\"Arial\">Certes, Ennahda n\u2019a pas que des sympathisants en Tunisie. Mais, qu\u2019on le veuille ou non, il reste que ce parti rencontre un succ\u00e8s populaire ind\u00e9niable. Et la question qui se pose est pourquoi ? Pourquoi, en effet, ce courant politique, presque ray\u00e9 des tablettes sous Ben Ali, a t\u2019il connu une renaissance populaire aussi forte et rapide ? Que repr\u00e9sente t\u2019il aux yeux des tunisiens pour qu\u2019ils le pl\u00e9biscitent? Qu\u2019attendent ils de ce parti ?<\/font><\/span><\/p>\n<p><span lang=\"EN-US\"><font face=\"Arial\">Avant de r\u00e9pondre \u00e0 ses questions, il serait int\u00e9ressant de revenir un peu en arri\u00e8re..<\/font><\/span><\/p>\n<p><em><b><span lang=\"EN-US\"><font face=\"Arial\">LA TENTATIVE D\u2019ERADICATION DE L\u2019ISLAM POLITIQUE<\/font><\/span><\/b><\/em><\/p>\n<p><span lang=\"EN-US\"><font face=\"Arial\">Le syst\u00e8me r\u00e9pressif sous Ben Ali \u00e9tait vraiment bien huil\u00e9. Une vrai machine \u00e0 casser de \u00ab l\u2019islamiste \u00bb.<\/font><\/span><\/p>\n<p><span lang=\"EN-US\"><font face=\"Arial\">Durant cette p\u00e9riode, \u00eatre un musulman pratiquant vous exposait obligatoirement \u00e0 un petit tour par la case commissariat o\u00f9 vous \u00e9tiez soumis \u00e0 un interrogatoire \u00ab muscl\u00e9 \u00bb. Mais si, en plus d\u2019\u00eatre un musulman pratiquant, vous vous r\u00e9v\u00e9liez \u00eatre un militant politique, alors l\u00e0 vous deveniez irr\u00e9cup\u00e9rable pour le syst\u00e8me. Il fallait vous supprimer.<\/font><\/span><\/p>\n<p><span lang=\"EN-US\"><font face=\"Arial\">Bien s\u00fbr, l\u2019\u00e9limination physique ne fut pas syst\u00e9matique mais ce qui vous attendait, h\u00e9las, \u00e9tait parfois bien pire. Le militant politique islamiste avait droit \u00e0 un traitement \u00ab m\u00e9dical \u00bb de choc. Pour le soigner il \u00e9tait syst\u00e9matiquement soumis \u00e0 la torture physique. Ensuite, pour s\u2019assurer qu\u2019il ne recommence pas \u00e0 militer politiquement, on l\u2019astreignait lui et sa famille \u00e0 une v\u00e9ritable torture psychologique (convocations fr\u00e9quentes au commissariat, humiliation de toute votre famille, obligation faite aux employeurs de licencier les membres de la famille du militant islamiste, ect\u2026)<\/font><\/span><\/p>\n<p><span lang=\"EN-US\"><font face=\"Arial\">Exister en tant que militant islamiste politique en libert\u00e9 sous Ben Ali \u00e9tait quasiment impossible. Par cons\u00e9quent, puisqu\u2019il n\u2019y avait pas de militantisme politique et que les mosqu\u00e9es \u00e9taient tr\u00e8s surveill\u00e9es, les id\u00e9es politiques d\u2019Ennahda circulaient tr\u00e8s peu et on n\u2019entendait jamais parler de ce parti ou de ses id\u00e9es dans la rue.<\/font><\/span><\/p>\n<p><font face=\"Arial\"><span lang=\"NO-BOK\"><font>La crainte pour \u00e9voquer ce type de sujets \u00e9tait tellement forte que m\u00eame des grad\u00e9s de la police ne voulaient pas en parler.<\/font><\/span><span lang=\"EN-US\"><font>Je me rappelle d\u2019une discussion avec l\u2019un deux en 2006 qui m\u2019avait marqu\u00e9. Alors que nous marchions seuls sur une plage tunisienne, je voulus comprendre cette phobie de l\u2019islam politique chez le r\u00e9gime. Quelle ne fut pas frustration quand cette connaissance m\u2019a imm\u00e9diatement demand\u00e9 de me taire en me disant \u00ab ne parlons pas de ce sujet, et d\u2019ailleurs je te conseille de n\u2019aborder ce sujet avec personne ; Ne fais confiance \u00e0 personne, m\u00eame pas \u00e0 moi \u2026.\u00bb. J\u2019ai vite chang\u00e9 de sujet mais je n\u2019ai toujours pas compris les raisons de cette forte peur alors qu\u2019il n\u2019y avait personne autour de nous pour \u00e9couter la conversation !<\/font><\/span><\/font><\/p>\n<p><span lang=\"EN-US\"><font face=\"Arial\">Alors la question qui vient imm\u00e9diatement \u00e0 l\u2019esprit est comment se fait-il qu\u2019Ennahda, malgr\u00e9 une absence aussi longue sur le terrain politique et dans la rue tunisienne, soit tant populaire ?<\/font><\/span><\/p>\n<p><span lang=\"EN-US\"><font face=\"Arial\">Beaucoup vous apporteront une r\u00e9ponse \u00e0 cette question. Une r\u00e9ponse plus ou moins honn\u00eate en fonction de la position qu\u2019ils ont \u00e0 l\u2019\u00e9gard de l\u2019islam politique et d\u2019Ennahda en particulier.<\/font><\/span><\/p>\n<p><span lang=\"EN-US\"><font face=\"Arial\">Les d\u00e9tracteurs \u00e0 l\u2019islam politique vous diront qu\u2019Ennahda ach\u00e8te ses partisans (paiement des frais de mariage des sympathisants pauvres, achat de nourriture et de v\u00eatements\u2026), qu\u2019Ennahda est populiste et qu\u2019il surfe sur un retour de l\u2019Islam en Tunisie.<\/font><\/span><\/p>\n<p><span lang=\"EN-US\"><font face=\"Arial\">Ceux, moins hostiles, vous diront que les longues vacances for\u00e7\u00e9es des Ennahdistes sur le banc de touche leur ont \u00e9t\u00e9 b\u00e9n\u00e9fiques pour absorber les r\u00e8gles du jeu d\u00e9mocratique occidental (surtout l\u2019excellent jeu d\u00e9mocratique anglais \u2013 une partie des chefs Ennahdistes ayant trouv\u00e9 exil au Royaume Uni). Et qu\u2019Ennahda a enfin compris que, pour faire de la politique, il fallait proposer non pas un programme pour gagner le paradis mais un programme \u00e9conomique pour gagner des points de croissance, soci\u00e9tal pour faire \u00e9voluer la Tunisie, bref un programme pragmatique et en phase avec la modernit\u00e9.<\/font><\/span><\/p>\n<p><span lang=\"EN-US\"><font face=\"Arial\">Mais sans revenir sur ces deux r\u00e9ponses, il faut bien dire qu\u2019elles sont insuffisantes pour comprendre ce qui se passe. Car, quand on regarde honn\u00eatement la situation, tant les acteurs politiques ennahdistes que leur programme, on voit bien que rien de miraculeux n\u2019est pr\u00e9sent\u00e9 et que ni les cadres d\u2019Ennahda ni leur programme n\u2019ont rien d\u2019exceptionnels. En disant cela, je ne critique nullement Ennahda. Mais l\u2019honn\u00eatet\u00e9 intellectuelle oblige \u00e0 souligner que si leur programme est plus s\u00e9rieux que beaucoup d\u2019autres, il est l\u2019\u00e9quivalent de ce qui est propos\u00e9 par les deux ou trois grandes formations politiques favorites en Tunisie.<\/font><\/span><\/p>\n<p><span lang=\"EN-US\"><font face=\"Arial\">Alors, d\u2019o\u00f9 vient ce fort cr\u00e9dit populaire ? Comment se fait il qu\u2019une proportion importante des tunisiens en age de voter fait plus confiance \u00e0 ce parti qu\u2019aux autres ?<\/font><\/span><\/p>\n<p><span lang=\"EN-US\"><font face=\"Arial\">Ne pas traiter cette question, c\u2019est faire le mauvais diagnostic quant \u00e0 la mont\u00e9e ind\u00e9niable de l\u2019islamisme politique dans le monde arabe et par cons\u00e9quent aussi en Tunisie.<\/font><\/span><\/p>\n<p><strong><i><span lang=\"EN-US\"><font face=\"Arial\">LA RECHERCHE DES VALEURS PAR LE PEUPLE<\/font><\/span><\/i><\/strong><\/p>\n<p><span lang=\"EN-US\"><font face=\"Arial\">Une partie de la r\u00e9ponse est ailleurs que dans les programmes \u00e9conomiques et est \u00e0 rechercher du cot\u00e9 des \u00ab valeurs \u00bb. Si le tunisien esp\u00e8re bien s\u00fbr que son pays va enfin conna\u00eetre un vrai miracle \u00e9conomique lui permettant d\u2019avoir un quotidien meilleur, il veut aussi revoir le retour de certaines.<\/font><\/span><\/p>\n<p><span lang=\"EN-US\"><font face=\"Arial\">Un tunisien m\u2019a d\u2019ailleurs fait rire il y a quelques jours car lorsque je lui ai demand\u00e9 ce qu\u2019il voulait pour la Tunisie, il m\u2019a dit \u00ab moins de voleurs et plus de valeurs \u00bb.<\/font><\/span><\/p>\n<p><span lang=\"EN-US\"><font face=\"Arial\">Certes le parti islamique tunisien, Ennahda, n\u2019est pas le seul \u00e0 avoir des valeurs. Plusieurs excellents candidats les incarnent aussi comme Ben Jaaffar ou Marzouki.<\/font><\/span><\/p>\n<p><span lang=\"EN-US\"><font face=\"Arial\">Mais Ennahda a construit une grande partie de son programme sur le respect des valeurs et le retour \u00e0 plus de moralit\u00e9 en Tunisie au travers de la lutte contre la corruption, la promotion de l\u2019\u00e9galit\u00e9 entre tous les citoyens, la lutte contre les \u00ab voleurs au sein de l\u2019Etat \u00bb, ect\u2026.<\/font><\/span><\/p>\n<p><span lang=\"EN-US\"><font face=\"Arial\">Il faut bien comprendre que la grande majorit\u00e9 des tunisiens n\u2019ont jamais touch\u00e9 du doigt le miracle \u00e9conomique tunisien et n\u2019ont connu que le mirage \u00e9conomique et la descente aux enfers de la soci\u00e9t\u00e9 tunisienne.<\/font><\/span><\/p>\n<p><font face=\"Arial\"><span lang=\"NO-BOK\"><font>Pendant vingt trois ans, les tunisiens ont perdu leurs rep\u00e8res et leurs valeurs tant traditionnelles que civiles. La confiance n\u2019existe presque plus dans la soci\u00e9t\u00e9 tunisienne. <\/font><\/span><span lang=\"EN-US\"><font>Le lien social est rompu. Normal, tout le monde \u00e0 tromp\u00e9 tout le monde et tout le monde a surveill\u00e9 tout le monde. Le nombre d\u2019indicateurs \u00ab sababas \u00bb est \u00e9norme.. Inutile ici aussi de rappeler les mensonges quotidiens des journalistes qui d\u00e9sinformaient les citoyens, Les vols qui sont devenus monnaie courante. La prostitution qui a explos\u00e9. Les escroqueries, m\u00eame entre membres d\u2019une m\u00eame famille, qui sont nombreuses. L\u2019Etat qui enfon\u00e7ait le citoyen au lieu de l\u2019aider. Le policier, cens\u00e9 prot\u00e9ger, qui \u00e9tait devenu une menace \u00e0 \u00e9viter \u00e0 tout prix. La corruption qui, \u00e0 tous les \u00e9chelons, \u00e9tait la r\u00e8gle. M\u00eame l\u2019imam cens\u00e9 donner l\u2019exemple n\u2019\u00e9tait plus une r\u00e9f\u00e9rence.<\/font><\/span><\/font><\/p>\n<p><span lang=\"EN-US\"><font face=\"Arial\">La seule valeur qui dominait \u00e9tait \u00ab soit plus malin que ton prochain et n\u2019h\u00e9site pas \u00e0 l\u2019\u00e9craser si tu veux r\u00e9ussir \u00bb La Tunisie est devenue une vrai jungle sans foi ni lois.<\/font><\/span><\/p>\n<p><span lang=\"EN-US\"><font face=\"Arial\">Certes me direz-vous, tous les pays connaissent un tant soi peu ce type d\u2019\u00e9volution. Oui, d\u2019accord mais ceux qui connaissent bien la Tunisie ont vu celle-ci s\u2019enfoncer dans des habitudes exag\u00e9r\u00e9ment mauvaises.<\/font><\/span><\/p>\n<p><span lang=\"EN-US\"><font face=\"Arial\">Dans l\u2019ancien syst\u00e8me, Les dirigeants se comportaient comme des mafiosis. Ils ne servaient pas l\u2019Etat et le peuple mais se servait de l\u2019Etat pour s\u2019enrichir contre le peuple. L\u2019exemple qu\u2019ils donnaient \u00e9tait calamiteux. C\u2019\u00e9taient les premiers \u00e0 se comporter comme des voyous. Un dicton \u00e9nonce que \u00ab L\u2019exemple vient d\u2019en haut \u00bb et leur exemple \u00e9tait malsain. Le comportement de ces dirigeants s\u2019est peu \u00e0 peu diffus\u00e9 \u00e0 tous les niveaux de la soci\u00e9t\u00e9. Partout la corruption et le vice se sont install\u00e9es. Tout est devenu achetable. Aussi bien le corps d\u2019une pauvre jeune fille du sud de la Tunisie qui est venue dans le nord faire bonne fortune pour aider sa pauvre famille que le journaliste qui vend sa plume au plus offrant. Les valeurs d\u2019honn\u00eatet\u00e9 ont \u00e9t\u00e9 pi\u00e9tin\u00e9es.<\/font><\/span><\/p>\n<p><span lang=\"EN-US\"><font face=\"Arial\">Ennahda a tout de suite \u00e9t\u00e9 per\u00e7u comme une \u00ab\u00a0rupture\u00a0\u00bb par rapport au pass\u00e9. Les tunisiens ont sans doute tout de suite adopt\u00e9 Ennahda parce que ce dernier \u00e9tait l\u2019ennemi du r\u00e9gime de Ben Ali. Mais, surtout, Ennahda d\u00e8s le d\u00e9but, \u00e0 tort ou \u00e0 raison, a repr\u00e9sent\u00e9 aux yeux d\u2019une partie du peuple le retour vers plus de moralit\u00e9, de droiture et de justice. Vers plus d\u2019exemplarit\u00e9 au sommet de l\u2019Etat. Vers une plus grande exemplarit\u00e9 des dirigeants. Et ce n\u2019est m\u00eame pas une question de religion, c\u2019est une question de recherche de sens et de valeurs.<\/font><\/span><\/p>\n<p><span lang=\"EN-US\"><font face=\"Arial\">Si l\u2019on veut objectivement comprendre la r\u00e9ussite du mouvement islamiste, il faut donc aussi se situer sur ce terrain des valeurs et des r\u00e8gles morales. Occulter cet aspect, c\u2019est faire une erreur fondamentale dans le diagnostic du succ\u00e8s politique du mouvement islamiste.<\/font><\/span><\/p>\n<p><span lang=\"EN-US\"><font face=\"Arial\">Source: \u201cLe Echos\u201d Le 14-10-2011<\/font><\/span><\/p>\n<p><font face=\"Arial\"><span lang=\"NO-BOK\"><font>Lien: <\/font><a href=\"http:\/\/lecercle.lesechos.fr\/economie-societe\/international\/afrique\/221138776\/tunisie-raisons-succes-populaire-mouvement-islamist\" rel=\"nofollow noopener\" target=\"_blank\"><font>http:\/\/lecercle.lesechos.fr\/economie-societe\/international\/afrique\/221138776\/tunisie-raisons-succes-populaire-mouvement-islamist<\/font><\/a><\/span><\/font><\/p>\n<p><strong><\/p>\n<p><font face=\"Arial\" size=\"2\"><\/p>\n<div>\n<hr\/>\n<\/div>\n<div align=\"center\"><b><span lang=\"NO-BOK\"><\/p>\n<h3 style=\"color: blue;\"><font face=\"Arial\">L\u2019affaire Nessma et les maux de la soci\u00e9t\u00e9 tunisienne<\/font><\/h3>\n<p><\/span><\/b><\/div>\n<p><b><span lang=\"NO-BOK\"><\/p>\n<hr\/>\n<p>\u00a0<\/span><\/b><\/p>\n<p><font face=\"Arial\"><span lang=\"NO-BOK\"><font>L&rsquo;affaire Persepolis n&rsquo;a pas fini de faire parler d&rsquo;elle en Tunisie. La pol\u00e9mique est toujours vive apr\u00e8s la diffusion dans la soir\u00e9e de vendredi 7 octobre du film iranien Persepolis de Marjane Satrapi, doubl\u00e9 pour la premi\u00e8re fois en dialecte tunisien, sur la cha\u00eene de t\u00e9l\u00e9vision Nessma. <\/font><\/span><font><span lang=\"EN-US\">Plusieurs personnes auraient \u00e9t\u00e9 choqu\u00e9es par des passages contenant des repr\u00e9sentations du divin (une<span><\/span><\/span><span lang=\"NO-BOK\"><a href=\"https:\/\/www.facebook.com\/photo.php?v=300621206618152\" rel=\"nofollow noopener\" target=\"_blank\"><span lang=\"EN-US\"><font>vid\u00e9o<\/font><\/span><\/a><\/span><span><span lang=\"EN-US\"><\/span><\/span><\/font><span lang=\"EN-US\"><font>les r\u00e9unit sur Facebook).<\/font><\/span><\/font><\/p>\n<p><font face=\"Arial\"><span lang=\"EN-US\"><font>La r\u00e9action a \u00e9t\u00e9 violente : deux jours apr\u00e8s la diffusion du film, Nessma TV annonce que ses locaux ont \u00e9t\u00e9 attaqu\u00e9s par 300 salafistes. Une information que certains blogueurs questionnent d\u00e9sormais, \u00e0 l&rsquo;instar de Sarah, auteure du<span><\/span><\/font><\/span><font><span lang=\"NO-BOK\"><a href=\"http:\/\/un-oeil-sur-la-planete.blogspot.com\/2011\/10\/nessma-qui-fera-pire.html\" rel=\"nofollow noopener\" target=\"_blank\"><span lang=\"EN-US\"><font>blog Un \u0153il sur la plan\u00e8te<\/font><\/span><\/a><\/span><\/font><span lang=\"EN-US\"><font>. Selon elle, les quelques vid\u00e9os diffus\u00e9es sur la Toile accr\u00e9ditent davantage la version du minist\u00e8re de l&rsquo;int\u00e9rieur, selon lequel il n&rsquo;y aurait eu qu&rsquo;une cinquantaine de manifestants. Parmi eux, seuls quelques salafistes peuvent \u00eatre clairement identifi\u00e9s.<\/font><\/span><\/font><\/p>\n<p><strong><span lang=\"EN-US\"><font face=\"Arial\">CROISADE NUM\u00c9RIQUE<\/font><\/span><\/strong><\/p>\n<p><font face=\"Arial\"><span lang=\"EN-US\"><font>Il n&#8217;emp\u00eache que, depuis, la pol\u00e9mique Nessma enflamme la Toile, avivant le d\u00e9bat sur la la\u00efcit\u00e9 qui fait rage depuis la chute du r\u00e9gime Ben Ali. Une v\u00e9ritable croisade num\u00e9rique a \u00e9t\u00e9 lanc\u00e9e contre la cha\u00eene par des d\u00e9fenseurs de l&rsquo;Islam.<\/font><\/span><font><em><span lang=\"EN-US\">\u00ab\u00a0Appels au boycott, flots d&rsquo;insultes et m\u00eame des menaces physiques&#8230; C&rsquo;est ce qu&rsquo;on peut voir en ce moment sur le mur des comptes Facebook de plusieurs milliers d&rsquo;internautes tunisiens, qui se sont \u00e9rig\u00e9s contre la chaine priv\u00e9e Nessma TV. Estimant qu&rsquo;il s&rsquo;agit d&rsquo;un acte de provocation et d&rsquo;un grave affront contre la religion musulmane, les contestataires ont ainsi cr\u00e9\u00e9 plusieurs pages fans sur le r\u00e9seau social, sans compter celles d\u00e9j\u00e0 existantes avant cet \u00e9v\u00e9nement\u00a0\u00bb<\/span><\/em><span lang=\"EN-US\">, indique le<span> <\/span><\/span><span lang=\"NO-BOK\"><a href=\"http:\/\/www.tekiano.com\/medias\/11-medias-et-satellite\/4373-tunisie-nessma-le-vent-tourne-sur-facebook.html\" rel=\"nofollow noopener\" target=\"_blank\"><span lang=\"EN-US\"><font>site Tekiano<\/font><\/span><\/a><\/span><span lang=\"EN-US\">. Au nombre de ces pages, on peut citer :<span><\/span><\/span><span lang=\"NO-BOK\"><a href=\"https:\/\/www.facebook.com\/anti.ne9ma.Tv?sk=info\" rel=\"nofollow noopener\" target=\"_blank\"><span lang=\"EN-US\"><font>Tous contre la cha\u00eene Nessma<\/font><\/span><\/a><\/span><span lang=\"EN-US\">,<\/span><span lang=\"NO-BOK\"><a href=\"https:\/\/www.facebook.com\/Nessma.degage\" rel=\"nofollow noopener\" target=\"_blank\"><span lang=\"EN-US\"><font>Nessma d\u00e9gage<\/font><\/span><\/a><\/span><span lang=\"EN-US\">,<span><\/span><\/span><span lang=\"NO-BOK\"><a href=\"https:\/\/www.facebook.com\/Boycott.Ne9ma\" rel=\"nofollow noopener\" target=\"_blank\"><span lang=\"EN-US\"><font>Boycott Nessma TV<\/font><\/span><\/a><\/span><\/font><span lang=\"EN-US\"><font>,&#8230;<\/font><\/span><\/font><\/p>\n<p><font face=\"Arial\"><em><span lang=\"EN-US\"><font>\u00ab\u00a0De quel droit Nessma se permet-elle de passer des sc\u00e8nes avec Dieu incarn\u00e9 alors que c\u2019est strictement interdit en islam, ensuite quel est le message que d\u00e9livre un tel film pass\u00e9 par une telle cha\u00eene \u00e0 15 jours des \u00e9lections ? Si ce n\u2019est faire encore peur \u00e0 ceux qui n\u2019en ont pas assez des partis islamiques, si ce n\u2019est faire un lavage de cerveau, en utilisant le mod\u00e8le iranien et le manque de confiance propre au Tunisien en ces diff\u00e9rents partis\u00a0\u00bb<\/font><\/span><\/em><font><span lang=\"EN-US\">, fustige Primavera, l&rsquo;une des d\u00e9tractrices de la cha\u00eene, sur le<span><\/span><\/span><span lang=\"NO-BOK\"><a href=\"http:\/\/nawaat.org\/portail\/2011\/10\/10\/le-cas-ne9ma\/\" rel=\"nofollow noopener\" target=\"_blank\"><span lang=\"EN-US\"><font>blog collaboratif Nawaat<\/font><\/span><\/a><\/span><\/font><span lang=\"EN-US\"><font>.<\/font><\/span><\/font><\/p>\n<p><font face=\"Arial\"><em><span lang=\"EN-US\"><font>\u00ab\u00a0La cha\u00eene r\u00e9volutionnaire Nessma, non contente de tous ses accomplissements et de tous ses troph\u00e9es en terme de provocation, de d\u00e9sinformation et d\u2019atteinte aux bonnes m\u0153urs, s\u2019est int\u00e9ress\u00e9e finalement aux croyances-m\u00eames de ce peuple musulman un peu, beaucoup, passionn\u00e9ment\u00a0\u00bb<\/font><\/span><\/em><font><span lang=\"EN-US\">, critique-t-elle. Un z\u00e8le mal venu pour une cha\u00eene<span><\/span><\/span><em><span lang=\"EN-US\">\u00ab\u00a0qui s\u2019est refaite un visage (ou devrais-je dire une gueule ?) comme tous les autres m\u00e9dias de la honte apr\u00e8s le 14 janvier<\/span><\/em><span lang=\"EN-US\">\u00ab\u00a0, note Primavera, mentionnant au passage<span><\/span><\/span><em><span lang=\"EN-US\">\u00ab\u00a0ses financements sionistes\u00a0\u00bb<\/span><\/em><\/font><span lang=\"EN-US\"><font>.<\/font><\/span><\/font><\/p>\n<p><span lang=\"EN-US\"><font face=\"Arial\">De par leur virulence, les anti-Nessma ont finalement eu gain de cause. Une enqu\u00eate du parquet a \u00e9t\u00e9 ouverte \u00e0 la suite de plaintes d&rsquo;avocats et de t\u00e9l\u00e9spectateurs au motif qu&rsquo;elle a alt\u00e9r\u00e9 la sensibilit\u00e9 du peuple tunisien, suivie des excuses au peuple tunisien de Nabil Karoui, le DG de la cha\u00eene, pour avoir diffus\u00e9 le film.<\/font><\/span><\/p>\n<p><strong><span lang=\"NO-BOK\"><font face=\"Arial\">LES PRO-NESSMA R\u00c9SISTENT<\/font><\/span><\/strong><\/p>\n<p><font face=\"Arial\"><em><span lang=\"NO-BOK\"><font>\u00ab\u00a0Les d\u00e9fenseurs de la libert\u00e9 d&rsquo;expression d\u00e9fendent quand m\u00eame la cha\u00eene et des communiqu\u00e9s des diff\u00e9rents partis politiques sont publi\u00e9s\u00a0\u00bb<\/font><\/span><\/em><font><span lang=\"NO-BOK\">, note la blogueuse Sarah.<a href=\"http:\/\/observatoirepolitiquetunisien.wordpress.com\/2011\/10\/12\/quelle-communication-face-aux-evenements-nessma\/\" rel=\"nofollow noopener\" target=\"_blank\"><span lang=\"EN-US\"><font>L&rsquo;Observatoire politique tunisien<\/font><\/span><\/a><\/span><span lang=\"EN-US\">, qui a r\u00e9pertori\u00e9 l&rsquo;ensemble des d\u00e9clarations politiques sur l&rsquo;affaire Nessma TV, note toutefois une certaine prudence des partis, qui se placent davantage sur le terrain de la libert\u00e9 d&rsquo;expression que sur celui de la d\u00e9fense de la la\u00efcit\u00e9.<span><\/span><\/span><em><span lang=\"EN-US\">\u00ab\u00a0La plupart des partis \u00e0 dix jours du scrutin choisissent de r\u00e9pondre \u00e0 c\u00f4t\u00e9 sans r\u00e9ellement choisir leur camp car leur communication de campagne est rod\u00e9e et qu\u2019en changer aujourd\u2019hui reviendrait \u00e0 prendre de gros risques\u00a0\u00bb<\/span><\/em><\/font><span lang=\"EN-US\"><font>, dit L&rsquo;Observatoire.<\/font><\/span><\/font><\/p>\n<p><font face=\"Arial\"><span lang=\"EN-US\"><font>Sur la Toile, les pro-Nessma ne sont pas moins pr\u00e9sents. Si la page officielle de soutien \u00e0 la cha\u00eene Nessma a \u00e9t\u00e9 retir\u00e9e de Facebook, \u00e0 la suite de son signalement par des milliers de d\u00e9tracteurs, d&rsquo;autres pages de fans existent, \u00e0 l&rsquo;instar de<span><\/span><\/font><\/span><font><span lang=\"NO-BOK\"><a href=\"https:\/\/www.facebook.com\/avec.Nessma\" rel=\"nofollow noopener\" target=\"_blank\"><span lang=\"EN-US\"><font>Tous unis avec Nessma<\/font><\/span><\/a><\/span><span lang=\"EN-US\">. Certains s&rsquo;amusent \u00e0 publier des photo-montages des diff\u00e9rents longs-m\u00e9trages qui mentionnent Dieu. Et, les collages de l&rsquo;artiste tuniso-marocain ZED &#8211; Zied Ben Cheikh (<\/span><span lang=\"NO-BOK\"><a href=\"https:\/\/www.facebook.com\/pages\/ZED-\/137452496313321?sk=info\" rel=\"nofollow noopener\" target=\"_blank\"><span lang=\"EN-US\"><font>sa page Facebook<\/font><\/span><\/a><\/span><span><span lang=\"EN-US\"><\/span><\/span><span lang=\"EN-US\">\/ son<span> <\/span><\/span><span lang=\"NO-BOK\"><a href=\"http:\/\/zed-art.com\/\" rel=\"nofollow noopener\" target=\"_blank\"><span lang=\"EN-US\"><font>site internet<\/font><\/span><\/a><\/span><\/font><span lang=\"EN-US\"><font>) font le tour du web :<\/font><\/span><\/font><\/p>\n<p><font face=\"Arial\"><span lang=\"EN-US\"><font>e nombreux blogueurs d\u00e9crient la sensibilit\u00e9 exacerb\u00e9e des d\u00e9fenseurs de l&rsquo;Islam.<\/font><\/span><font><em><span lang=\"EN-US\">\u00ab\u00a0Voila si t&rsquo;as cru que ceci est ton dieu&#8230; D\u00e9trompe toi ce n&rsquo;est que l&rsquo;image imaginaire de dieu d&rsquo;une gamine. C&rsquo;est pour dire que si on commence \u00e0 s&rsquo;amuser \u00e0 attaquer toutes les perceptions divines dans le monde \u00e7a va devenir un peu lourd\u00a0\u00bb<\/span><\/em><span lang=\"EN-US\">, raille le blogueur<span> <\/span><\/span><\/font><span lang=\"NO-BOK\"><a href=\"http:\/\/hficos.blogspot.com\/2011\/10\/persepolis.html?utm_source=feedburner&amp;utm_medium=feed&amp;utm_campaign=Feed%3A+FicossBlog+%28FICOS%27s+Blog%29\" rel=\"nofollow noopener\" target=\"_blank\"><span lang=\"EN-US\"><font>FICO.<\/font><\/span><\/a><\/span><\/font><\/p>\n<p><font face=\"Arial\"><span lang=\"EN-US\"><font>D&rsquo;autres sont plus cat\u00e9goriques :<span><\/span><\/font><\/span><font><em><span lang=\"EN-US\">\u00ab\u00a0Le probl\u00e8me c&rsquo;est qu&rsquo;il y a une bonne tranche de la soci\u00e9t\u00e9 tunisienne inculte et ignorante qui est d\u00e9rang\u00e9e par le message profond du film ! [&#8230;] Ce qui d\u00e9range c&rsquo;est le fait de d\u00e9noncer les forces obscurantistes, ces islamistes de l&rsquo;an mille [&#8230;] !\u00a0\u00bb<\/span><\/em><span lang=\"EN-US\">, fustige l&rsquo;auteur du<span> <\/span><\/span><span lang=\"NO-BOK\"><a href=\"http:\/\/tunisie-republicaine.blogspot.com\/2011\/10\/persepolis-une-image-cest-mille-mots.html\" rel=\"nofollow noopener\" target=\"_blank\"><span lang=\"EN-US\"><font>blog Le r\u00e9publicain<\/font><\/span><\/a><\/span><span lang=\"EN-US\">.<\/span><em><span lang=\"EN-US\">\u00ab\u00a0Personnellement, je suis assez content par les r\u00e9actions qu&rsquo;il a engendr\u00e9 ! Ce coup dans la fourmili\u00e8re va \u00e9claircir les Tunisiens ! [&#8230;] Les Tunisiens n&rsquo;auront pas le droit de dire &lsquo;on ne savait pas !&rsquo; Maintenant ils connaissent les risques !\u00a0\u00bb<\/span><\/em><\/font><span lang=\"EN-US\"><font>, commente encore Le r\u00e9publicain, qui les enjoint \u00e0 contrer les islamistes en votant le 23 octobre.<\/font><\/span><\/font><\/p>\n<p><strong><span lang=\"EN-US\"><font face=\"Arial\">LES MAUX D&rsquo;UNE SOCI\u00c9T\u00c9 PLURIELLE<\/font><\/span><\/strong><\/p>\n<p><font face=\"Arial\"><em><span lang=\"EN-US\"><font>\u00ab\u00a0Remarquez que dans les deux c\u00f4t\u00e9s, on a recours aux m\u00eames proc\u00e9d\u00e9s : la dramatisation des faits et la persuasion par la peur du camp adverse&#8230;\u00a0\u00bb<\/font><\/span><\/em><font><span lang=\"EN-US\">, note Selim, auteur du<span> <\/span><\/span><span lang=\"NO-BOK\"><a href=\"http:\/\/carpediem-selim.blogspot.com\/2011\/10\/tunisie-schizophrenie-pre-electorale.html?utm_source=feedburner&amp;utm_medium=feed&amp;utm_campaign=Feed%3A+carpediem55+%28Carpe+Diem%29\" rel=\"nofollow noopener\" target=\"_blank\"><span lang=\"EN-US\"><font>blog Carpe Diem<\/font><\/span><\/a><\/span><span lang=\"EN-US\">. Pour lui, la tournure qu&rsquo;a pris cette affaire est<span><\/span><\/span><em><span lang=\"EN-US\">\u00ab\u00a0r\u00e9v\u00e9latrice des maux de la Tunisie d&rsquo;aujourd&rsquo;hui, une Tunisie qui se cherche, toute convalescente qu&rsquo;elle est du temps de la dictature\u00a0\u00bb<\/span><\/em><span lang=\"EN-US\">. Une Tunisie en pleine<\/span><em><span lang=\"EN-US\">\u00ab\u00a0schizophr\u00e9nie \u00e9lectorale\u00a0\u00bb<\/span><\/em><span lang=\"EN-US\">. Les haines se cristallisent autour des sujets religieux, r\u00e9v\u00e9lant \u00ab\u00a0<\/span><em><span lang=\"EN-US\">le visage d&rsquo;une soci\u00e9t\u00e9 mal dans sa peau et qui peine encore \u00e0 s&rsquo;accepter comme elle est : c&rsquo;est \u00e0 dire plurielle. Une soci\u00e9t\u00e9 qui a aussi peur pour ses acquis identitaires, dont la d\u00e9finition varie selon les bords : conservatrice et arabo-musulmane pour les uns, progressiste et s\u00e9cularis\u00e9e pour d&rsquo;autres\u00a0\u00bb<\/span><\/em><\/font><span lang=\"EN-US\"><font>, analyse-t-il.<\/font><\/span><\/font><\/p>\n<p><font face=\"Arial\"><span><span lang=\"EN-US\"><font>Pour le blogueur, l&rsquo;affaire Nessma pourrait porter un message plus optimiste : celui d&rsquo;une diversit\u00e9 des opinions qui a d\u00e9sormais libre cours \u00e0 l&rsquo;\u00e8re de la libre expression.<\/font><\/span><\/span><font><span><span lang=\"EN-US\"><\/span><\/span><\/font><em><span lang=\"EN-US\"><font>\u00ab\u00a0Les Tunisiens, de tous bords, semblent \u00e0 peine d\u00e9couvrir le vrai visage de leur pays, sans le fard et loin des clich\u00e9s mauves de la propagande de Ben Ali qui pr\u00e9tendaient que les Tunisiens formaient un bloc monolitique et homog\u00e8ne compos\u00e9 de citoyens tol\u00e9rants, mod\u00e9r\u00e9s, ouverts sur l&rsquo;Occident, attach\u00e9s \u00e0 leur tradition et la\u00efques&#8230; Les Tunisiens, pour une bonne part, d\u00e9couvrent aujourd&rsquo;hui leur soci\u00e9t\u00e9 sous ses diff\u00e9rentes facettes : du religieux radical, au la\u00efque radical, en passant par une large frange compos\u00e9e de conservateurs et de mod\u00e9r\u00e9s.\u00a0\u00bb<\/font><\/span><\/em><\/font><\/p>\n<p><span lang=\"EN-US\"><font face=\"Arial\">Source: \u201cLe Monde.fr (blog)) Le 14-10-2011<\/font><\/span><\/p>\n<p><font face=\"Arial\"><span lang=\"NO-BOK\"><font>Lien: <\/font><\/span><span lang=\"NO-BOK\"><a href=\"http:\/\/printempsarabe.blog.lemonde.fr\/2011\/10\/13\/laffaire-nessma-et-les-maux-de-la-societe-tunisienne\/\" rel=\"nofollow noopener\" target=\"_blank\"><font>http:\/\/printempsarabe.blog.lemonde.fr\/2011\/10\/13\/laffaire-nessma-et-les-maux-de-la-societe-tunisienne\/<\/font><\/a><\/span><\/font><\/p>\n<p><strong><font face=\"Arial\" size=\"2\"><\/p>\n<div>\n<hr\/>\n<\/div>\n<p><\/font><\/strong><\/p>\n<p align=\"center\"><b><span lang=\"NO-BOK\"><\/p>\n<h3 style=\"color: blue;\"><font face=\"Arial\">La Tunisie post-r\u00e9volutionnaire au bord de la folie?<\/font><\/h3>\n<p><\/span><\/b><\/p>\n<p align=\"center\"><b><span lang=\"NO-BOK\"><\/span><\/b><\/p>\n<hr\/>\n<p>\u00a0<\/p>\n<p><font face=\"Arial\"><span lang=\"EN-US\"><font>Les effets d\u00e9vastateurs de la dictature sur la population tunisienne ne se limitent pas aux seuls aspects<span><\/span><\/font><\/span><font><span lang=\"NO-BOK\"><a href=\"http:\/\/www.slateafrique.com\/43565\/ennahdha-prets-a-gouverner-tunisie-politique\" rel=\"nofollow noopener\" target=\"_blank\"><span lang=\"EN-US\"><font>politique<\/font><\/span><\/a><\/span><span><span lang=\"EN-US\"><\/span><\/span><span lang=\"EN-US\">ou<\/span><span lang=\"NO-BOK\"><a href=\"http:\/\/www.slateafrique.com\/2681\/defi-economie-tunisie-apres-ben-ali\" rel=\"nofollow noopener\" target=\"_blank\"><span lang=\"EN-US\"><font>\u00e9conomique<\/font><\/span><\/a><\/span><span lang=\"EN-US\">.<\/span><\/font><span lang=\"NO-BOK\"><font>En 23 ans de<span><\/span><a href=\"http:\/\/www.slateafrique.com\/10933\/tunisie-taoufik-ben-brik-jasmin-mon-cul-revolution-prix\" rel=\"nofollow noopener\" target=\"_blank\"><font>censure<\/font><\/a><span><\/span>et d&rsquo;assujettissement au pouvoir de<span><\/span><a href=\"http:\/\/www.slateafrique.com\/9145\/ben-ali-dictateur-tunisie-revolution-militaire-portrait\" rel=\"nofollow noopener\" target=\"_blank\"><font>Zine el-Abidine Ben Ali<\/font><\/a>, la sant\u00e9 mentale des Tunisiens a \u00e9t\u00e9 mise \u00e0 rude \u00e9preuve.<\/font><\/span><\/font><\/p>\n<p><span lang=\"NO-BOK\"><font face=\"Arial\">L&rsquo;Agence Tunis Afrique presse (TAP) rappelle qu&rsquo;<\/font><font><a href=\"http:\/\/www.tap.info.tn\/fr\/fr\/societe\/santesciences\/10901-un-tunisien-sur-deux-souffre-de-troubles-de-la-sante-mentale-enquete-de-loms.html\" rel=\"nofollow noopener\" target=\"_blank\"><font face=\"Arial\">un Tunisien sur deux<\/font><\/a><font face=\"Arial\"> souffrait en 2005 de troubles mentaux. Cette enqu\u00eate, men\u00e9e par l&rsquo;Organisation mondiale de la sant\u00e9 (<\/font><a href=\"http:\/\/www.who.int\/fr\/\" rel=\"nofollow noopener\" target=\"_blank\"><font face=\"Arial\">OMS<\/font><\/a><font face=\"Arial\">), r\u00e9v\u00e9lait que 37% des cas pr\u00e9sentaient des probl\u00e8mes de d\u00e9pression et d&rsquo;anxi\u00e9t\u00e9.<\/font><\/font><\/span><font face=\"Arial\"><font><span lang=\"EN-US\">Un constat d&rsquo;\u00e9chec politique logiquement<span><\/span><\/span><span lang=\"NO-BOK\"><a href=\"http:\/\/www.slateafrique.com\/49419\/parti-politique-rcd-ben-ali-archives-france-botzaris\" rel=\"nofollow noopener\" target=\"_blank\"><span lang=\"EN-US\"><font>pass\u00e9 sous silence<\/font><\/span><\/a><\/span><span><span lang=\"EN-US\"><\/span><\/span><\/font><span lang=\"EN-US\"><font>par l&rsquo;ancien r\u00e9gime de Ben Ali.<\/font><\/span><\/font><\/p>\n<p><font face=\"Arial\"><span lang=\"EN-US\"><font>En pleine<span><\/span><\/font><\/span><font><span lang=\"NO-BOK\"><a href=\"http:\/\/www.slateafrique.com\/2779\/identite-tunisienne-islamiste-benali\" rel=\"nofollow noopener\" target=\"_blank\"><span lang=\"EN-US\"><font>crise identitaire<\/font><\/span><\/a><\/span><\/font><span lang=\"EN-US\"><font>, \u00e0 la veille des premi\u00e8res \u00e9ch\u00e9ances \u00e9lectorales d\u00e9mocratiques, la r\u00e9sistance psychologique des Tunisiens est, \u00e0 ce jour, toujours \u00e9prouv\u00e9e.<\/font><\/span><\/font><\/p>\n<p><span lang=\"NO-BOK\"><font face=\"Arial\">Le vendredi 14 octobre 2011,<span><\/span><\/font><font><a href=\"http:\/\/www.tunisiefocus.com\/2011101310686\/sciences\/national\/sante-mentale-un-tunisien-sur-deux-presente-des-troubles.html\" rel=\"nofollow noopener\" target=\"_blank\"><font face=\"Arial\">la Tunisie c\u00e9l\u00e8bre la Journ\u00e9e mondiale de la sant\u00e9 mentale<\/font><\/a><font face=\"Arial\"><span><\/span>sous le th\u00e8me:<span> <\/span><em>\u00abLa sant\u00e9 mentale: l&rsquo;affaire de tous\u00bb<\/em>. Pour la pr\u00e9sidente de la Soci\u00e9t\u00e9 tunisienne de psychatrie (STP), le docteur<span><\/span><\/font><a href=\"http:\/\/www.santemanouba.rns.tn\/manouba\/service\/MSPfr.htm\" rel=\"nofollow noopener\" target=\"_blank\"><font face=\"Arial\">Rim Ghachem<\/font><\/a><\/font><font face=\"Arial\">, le choix de l&rsquo;intitul\u00e9 n&rsquo;est pas anodin et recoupe plusieurs probl\u00e9matiques:<\/font><\/span><\/p>\n<p><em><span lang=\"EN-US\"><font face=\"Arial\">\u00abLe Tunisien ne se reconna\u00eet plus. Il cherche \u00e0 affirmer son identit\u00e9 nationale et arabo-musulmane. Il cherche \u00e9galement ses rep\u00e8res et a besoin d&rsquo;un nouveau guide en qui il a r\u00e9ellement confiance\u00bb.<\/font><\/span><\/em><\/p>\n<p><font face=\"Arial\"><span lang=\"EN-US\"><font>Des<span><\/span><\/font><\/span><font><span lang=\"NO-BOK\"><a href=\"http:\/\/www.slateafrique.com\/49303\/revolution-islamistes-tunisie-egypte\" rel=\"nofollow noopener\" target=\"_blank\"><span lang=\"EN-US\"><font>remises en question<\/font><\/span><\/a><\/span><span><span lang=\"EN-US\"><\/span><\/span><span lang=\"EN-US\">de fond qui viennent s&rsquo;ajouter au d\u00e9s\u00e9quilibre initial. <\/span><\/font><span lang=\"NO-BOK\"><font>Par ailleurs, le traumatisme de la r\u00e9volte engendrerait selon la pr\u00e9sidente de la STP, certains comportements excessifs:<\/font><\/span><\/font><\/p>\n<p><font face=\"Arial\"><em><span lang=\"NO-BOK\"><font>\u00abApr\u00e8s plus d&rsquo;une vingtaine d&rsquo;ann\u00e9es de silence, le Tunisien est pass\u00e9 d&rsquo;une soumission quasi-totale sous la dictature de l&rsquo;ancien r\u00e9gime \u00e0 une insoumission post-r\u00e9volutionnaire totale comme pour se d\u00e9culpabiliser de ce silence qui a longtemps perdur\u00e9\u00bb<\/font><\/span><\/em><span lang=\"NO-BOK\"><font>, a soulign\u00e9 Rim Ghachem.<\/font><\/span><\/font><\/p>\n<p><font face=\"Arial\"><span lang=\"EN-US\"><font>A l&rsquo;\u00e9chelle mondiale, l&rsquo;OMS a plac\u00e9 cette manifestation sous le th\u00e8me:<span><\/span><em>\u00abInvestir dans la sant\u00e9 mentale\u00bb<\/em>. Un angle \u00e9conomique d\u00e9fendu par le<span> <\/span><\/font><\/span><font><span lang=\"NO-BOK\"><a href=\"http:\/\/www.who.int\/mediacentre\/events\/annual\/world_mental_health_day\/fr\/\" rel=\"nofollow noopener\" target=\"_blank\"><span lang=\"EN-US\"><font>Secr\u00e9taire g\u00e9n\u00e9ral des Nations Unies<\/font><\/span><\/a><\/span><\/font><span lang=\"EN-US\"><font> Ban Ki-moon:<\/font><\/span><\/font><\/p>\n<p><em><span lang=\"EN-US\"><font face=\"Arial\">\u00abLes ressources humaines et financi\u00e8res allou\u00e9es \u00e0 la sant\u00e9 mentale sont insuffisantes, surtout dans les pays pauvres. (\u2026) De nombreux pays comptent moins d&rsquo;un sp\u00e9cialiste de la sant\u00e9 mentale pour un million d&rsquo;habitants.\u00bb<\/font><\/span><\/em><\/p>\n<p><font face=\"Arial\"><span lang=\"EN-US\"><font>En mati\u00e8re de moyens mis \u00e0 disposition pour les troubles mentaux, le cas de la<span><\/span><\/font><\/span><font><span lang=\"NO-BOK\"><a href=\"http:\/\/www.slateafrique.com\/pays\/57\/tunisie\" rel=\"nofollow noopener\" target=\"_blank\"><span lang=\"EN-US\"><font>Tunisie<\/font><\/span><\/a><\/span><span><span lang=\"EN-US\"><\/span><\/span><span lang=\"EN-US\">conforte le constat de l&rsquo;OMS sur l&rsquo;investissement dans les services de pr\u00e9vention, de promotion et de traitement. M\u00eame si sur une population \u00e9valu\u00e9e \u00e0 dix millions d&rsquo;habitants le pays compte 212 psychiatres,<span><\/span><\/span><span lang=\"NO-BOK\"><a href=\"http:\/\/www.lemonde.fr\/livres\/article\/2011\/10\/13\/tunisie-la-folie-a-fleuri-pendant-le-printemps-arabe_1586835_3260.html\" rel=\"nofollow noopener\" target=\"_blank\"><span lang=\"EN-US\"><font>\u00e0 l&rsquo;h\u00f4pital Razi<\/font><\/span><\/a><\/span><span><span lang=\"EN-US\"><\/span><\/span><span lang=\"EN-US\">par exemple, dans le<span> <\/span><\/span><span lang=\"NO-BOK\"><a href=\"http:\/\/fr.wikipedia.org\/wiki\/Gouvernorat_de_la_Manouba\" rel=\"nofollow noopener\" target=\"_blank\"><span lang=\"EN-US\"><font>gouvernorat de Manouba<\/font><\/span><\/a><\/span><span lang=\"EN-US\">, on constate que depuis le 14 janvier, date de la fuite de Ben Ali et sa famille, les cas psychiatriques ne cessent de se<span><\/span><\/span><span lang=\"NO-BOK\"><a href=\"http:\/\/www.marhba.com\/forums\/psychologie-56\/y-t-une-clinique-psychiatrique-tunis-svp-46840.html\" rel=\"nofollow noopener\" target=\"_blank\"><span lang=\"EN-US\"><font>multiplier<\/font><\/span><\/a><\/span><\/font><span lang=\"EN-US\"><font>:<\/font><\/span><\/font><\/p>\n<p><font face=\"Arial\"><em><span lang=\"EN-US\"><font>\u00abSous l&rsquo;effet de l&rsquo;anxi\u00e9t\u00e9, les personnes les plus fragiles, les schizophr\u00e8nes et les bipolaires (maniaco-d\u00e9pressifs), ont fait des d\u00e9compensations d\u00e9lirantes,<\/font><\/span><\/em><font><span><i><span lang=\"EN-US\"><\/span><\/i><\/span><span lang=\"EN-US\">explique le docteur Cheour-Ellouze<em>. Certains patients se disent investis d&rsquo;une mission. La r\u00e9volution, pour eux, c&rsquo;est la guerre finale. L&rsquo;ensorcellement revient souvent, aussi. <\/em><\/span><em><span lang=\"NO-BOK\">Sans<\/span><\/em><span><i><span lang=\"NO-BOK\"><\/span><\/i><\/span><span><i><span lang=\"NO-BOK\">oublier<\/span><\/i><\/span><span><i><span lang=\"NO-BOK\"><\/span><\/i><\/span><\/font><em><span lang=\"NO-BOK\"><font>les d\u00e9lires de grandeur et les angoisses de pers\u00e9cution\u00bb.<\/font><\/span><\/em><\/font><\/p>\n<p><span lang=\"EN-US\"><font face=\"Arial\">Source: \u201dSlate Afrique\u201d Le 14-10-2011<\/font><\/span><\/p>\n<p><font face=\"Arial\"><span lang=\"NO-BOK\"><font>Lien: <\/font><\/span><span lang=\"NO-BOK\"><a href=\"http:\/\/www.slateafrique.com\/53483\/la-tunisie-post-revolutionnaire-au-bord-de-la-folie-sante-mentale\" rel=\"nofollow noopener\" target=\"_blank\"><font>http:\/\/www.slateafrique.com\/53483\/la-tunisie-post-revolutionnaire-au-bord-de-la-folie-sante-mentale<\/font><\/a><\/span><\/font><\/p>\n<p><strong><\/p>\n<p><font face=\"Arial\" size=\"2\"><\/p>\n<div>\n<hr\/>\n<\/div>\n<div align=\"center\"><b><span lang=\"EN-US\"><\/p>\n<h3 style=\"color: blue;\"><font face=\"Arial\">\u00c0 nouvelle Tunisie, nouveau mod\u00e8le \u00e9conomique<\/font><\/h3>\n<p><\/span><\/b><\/div>\n<div>\n<hr\/>\n<\/div>\n<p><span lang=\"EN-US\"><font face=\"Arial\">Par Moncef Guen<\/font><\/span><\/p>\n<p><span lang=\"EN-US\"><font face=\"Arial\">Ancien secr\u00e9taire g\u00e9n\u00e9ral du Conseil \u00ad\u00e9conomique et social tunisien, consultant international.<\/font><\/span><\/p>\n<p><font face=\"Arial\"><span lang=\"EN-US\"><font>Le mod\u00e8le \u00e9conomique tunisien d\u2019avant la r\u00e9volution du 14 janvier \u00e9tait loin d\u2019assurer un d\u00e9veloppement rapide, \u00e9quilibr\u00e9 et soutenu du pays. Quand on compare, sur le long terme, l\u2019\u00e9volution \u00e9conomique de la Tunisie avec celle de quelques pays asiatiques comme la Cor\u00e9e du Sud, Taiwan, la Malaisie et Singapour qui, au milieu du si\u00e8cle dernier, \u00e9taient \u00e0 son niveau, on s\u2019aper\u00e7oit du gouffre qui les s\u00e9pare. <\/font><\/span><span lang=\"NO-BOK\"><font>D\u2019apr\u00e8s les statistiques du Fonds mon\u00e9taire international (FMI), le produit int\u00e9rieur brut (PIB) de la Cor\u00e9e du Sud en 2010 \u00e9tait de 1\u2009007 milliards de dollars, celui de Taiwan de 430 milliards, celui de la Malaisie et de Singapour, respectivement de 237 milliards et 223 milliards, contre seulement 44 milliards pour la Tunisie. Singapour a r\u00e9alis\u00e9 un taux de croissance de 14,5 % en 2010, alors que celui de la Tunisie n\u2019\u00e9tait que de 3,5 %. Le PIB par t\u00eate de Singapour \u00e9tait de 43\u2009117 dollars, soit dix fois plus que celui de la Tunisie. Voil\u00e0 ce que cinquante ans de dictature ont engendr\u00e9\u2009!<\/font><\/span><\/font><\/p>\n<p><span lang=\"NO-BOK\"><font face=\"Arial\">Les raisons de cet \u00e9norme retard sont claires\u2009: un faible taux d\u2019investissement, l\u2019accent mis sur la sous-traitance et les secteurs \u00e0 basse valeur ajout\u00e9e, le d\u00e9s\u00e9quilibre entre la frange c\u00f4ti\u00e8re et l\u2019hinterland, l\u2019exode rural massif, aggrav\u00e9 par une n\u00e9gligence totale du d\u00e9veloppement agricole, les \u00e9carts de revenus accentu\u00e9s par une politique lib\u00e9rale outranci\u00e8re, la corruption rampante qui a gangren\u00e9 le syst\u00e8me politico-\u00e9conomique, un enseignement de bas niveau, un ch\u00f4mage croissant, surtout celui des jeunes dipl\u00f4m\u00e9s\u2026<\/font><\/span><\/p>\n<p><font face=\"Arial\"><span lang=\"EN-US\"><font>Un autre mod\u00e8le \u00e9conomique est possible, capable d\u2019assurer un d\u00e9veloppement rapide, \u00e9quilibr\u00e9 et soutenu. <\/font><\/span><span lang=\"NO-BOK\"><font>Tout d\u2019abord, le taux d\u2019investissement doit grimper \u00e0 26 % du PIB d\u00e8s 2012, 31 % en 2013, 35 % en 2014, 41 % en 2015 et 42 % en 2016. Cela entra\u00eenera des taux de croissance s\u2019\u00e9chelonnant entre plus de 6 % en 2012 et plus de 10 % en 2015 et 2016. Le taux de ch\u00f4mage, estim\u00e9 \u00e0 20 % pour le d\u00e9but de 2012, baisserait de 4 points en moyenne annuelle entre 2012 et 2016, ce qui conduira au plein-emploi au terme de cette p\u00e9riode.<\/font><\/span><\/font><\/p>\n<p><font face=\"Arial\"><span lang=\"NO-BOK\"><font>Les investissements doivent \u00eatre orient\u00e9s en priorit\u00e9 vers les secteurs \u00e0 haute valeur ajout\u00e9e, ce qui aurait le double avantage de fournir des emplois aux jeunes dipl\u00f4m\u00e9s et d\u2019accro\u00eetre la valeur de la production et des exportations. En outre, une formation ad\u00e9quate de la main-d\u2019\u0153uvre permettrait d\u2019assurer un gain de productivit\u00e9 et d\u2019am\u00e9liorer la comp\u00e9titivit\u00e9. Les produits pourraient \u00eatre \u00e9coul\u00e9s dans le monde entier, surtout en Afrique et en Am\u00e9rique (avec laquelle un accord commercial doit rapidement \u00eatre n\u00e9goci\u00e9 et conclu). Mais une meilleure qualification de la main-d\u2019\u0153uvre n\u00e9cessite une r\u00e9forme profonde de l\u2019enseignement pour l\u2019orienter vers les sciences, la technologie et la recherche. <\/font><\/span><span lang=\"EN-US\"><font>Les jeunes Tunisiens devraient \u00eatre capables d\u2019absorber les nouvelles technologies, puis d\u2019innover \u00e0 leur tour en cr\u00e9ant leurs siennes propres, comme l\u2019ont fait avant eux les Japonais, les Sud-Cor\u00e9ens, les Chinois et les Indiens. Un r\u00f4le plus important devrait \u00eatre accord\u00e9 \u00e0 la langue anglaise, langue de la technologie et du commerce international.<\/font><\/span><\/font><\/p>\n<p><span lang=\"EN-US\"><font face=\"Arial\">Autre poste d\u2019investissement prioritaire\u2009: les r\u00e9gions d\u00e9favoris\u00e9es, o\u00f9 il faut cr\u00e9er les infra\u00adstructures n\u00e9cessaires au d\u00e9ploiement des activit\u00e9s g\u00e9n\u00e9ratrices d\u2019emploi. \u00c0 ce titre, il conviendrait de mettre en place des zones franches dans lesquelles les investisseurs jouiraient d\u2019avantages fiscaux et financiers. Le d\u00e9veloppement rural doit \u00eatre une priorit\u00e9 dans toutes les r\u00e9gions, \u00adgarantissant au moins cent vingt jours de travail par an \u00e0 tout demandeur d\u2019emploi en zone rurale.<\/font><\/span><\/p>\n<p><span lang=\"EN-US\"><font face=\"Arial\">Il est n\u00e9cessaire par ailleurs d\u2019op\u00e9rer une r\u00e9forme fiscale permettant d\u2019encourager l\u2019\u00e9pargne, l\u2019investissement et l\u2019exportation. Une telle r\u00e9forme devra contribuer \u00e0 favoriser les classes moyennes et s\u2019accompagner d\u2019un programme de transferts conditionnels dans lequel, \u00e0 l\u2019image du Bolsa Fam\u00edlia (programme br\u00e9silien de lutte contre la pauvret\u00e9), les familles modestes obtiendraient des aides en esp\u00e8ces contre des engagements en mati\u00e8re d\u2019\u00e9ducation et de sant\u00e9 de leurs enfants.<\/font><\/span><\/p>\n<p><span lang=\"EN-US\"><font face=\"Arial\">Enfin, une lutte implacable doit \u00eatre engag\u00e9e contre la corruption, dont le co\u00fbt \u00e9conomique est extr\u00eamement \u00e9lev\u00e9. La justice m\u00e9rite une attention toute particuli\u00e8re. La protection de l\u2019\u00c9tat de droit par un syst\u00e8me judiciaire int\u00e8gre et ind\u00e9pendant est la condition sine qua non d\u2019un d\u00e9veloppement rapide, \u00e9quilibr\u00e9 et soutenu. <\/font><\/span><\/p>\n<p><span lang=\"EN-US\"><font face=\"Arial\">Source: \u201cJeune Afrique\u201d Le 14-10-2011<\/font><\/span><\/p>\n<p><font face=\"Arial\"><span lang=\"NO-BOK\"><font>Lien: <\/font><a href=\"http:\/\/www.jeuneafrique.com\/Article\/ARTJAJA2647p043.xml0\/developpement-tunisie-investissement-tourismea-nouvelle-tunisie-nouveau-modele-economique.html\" rel=\"nofollow noopener\" target=\"_blank\"><font>http:\/\/www.jeuneafrique.com\/Article\/ARTJAJA2647p043.xml0\/developpement-tunisie-investissement-tourismea-nouvelle-tunisie-nouveau-modele-economique.html<\/font><\/a><\/span><\/font><\/p>\n<p><strong><font face=\"Arial\" size=\"2\"><\/p>\n<div>\n<hr\/>\n<\/div>\n<p><\/font><\/strong><\/p>\n<p align=\"center\"><b><span lang=\"EN-US\"><\/p>\n<h3 style=\"color: blue;\"><font face=\"Arial\">Tunisie. Le t\u00e9moin Rached Ghannouchi enfonce l\u2019Atce<\/font><\/h3>\n<p> <\/span><\/b><\/p>\n<hr\/>\n<p>\u00a0<\/p>\n<p><span lang=\"EN-US\"><font face=\"Arial\">Rached Ghannouchi a \u00e9t\u00e9 entendu jeudi par le juge d\u2019instruction de la 12e chambre du tribunal de Premi\u00e8re instance de Tunis en tant que t\u00e9moin dans une affaire impliquant l\u2019Atce.<\/font><\/span><\/p>\n<p><span lang=\"EN-US\"><font face=\"Arial\">Selon Samir Dilou, interrog\u00e9 par Kapitalis, il s\u2019agit des suites d\u2019un ancien proc\u00e8s en diffamation intent\u00e9 par Rached Ghannouchi \u00e0 Londres contre le journal \u2018\u2018Al-Arab\u2019\u2019, \u00e9dit\u00e9 par feu Ahmed Salah Al Houni, un \u00e9diteur libyen qui \u00e9margeait sur les g\u00e9n\u00e9rosit\u00e9s de l\u2019Agence tunisienne de communication ext\u00e9rieure (Atce).<\/font><\/span><\/p>\n<p><span lang=\"EN-US\"><font face=\"Arial\">\u2018\u2018Al-Arab\u2019\u2019, qui \u00e9tait r\u00e9alis\u00e9 \u00e0 Tunis et \u00e9dit\u00e9 \u00e0 Tunis et Londres, avait, \u00e0 l\u2019instigation de ses bailleurs de fonds tunisiens, accus\u00e9 le chef d\u2019Ennahdha de terrorisme, accusation qu\u2019il n\u2019avait pu \u00e9tayer par des preuves tangibles devant la justice britannique qui, comme on le sait, n\u2019attendait pas ses instructions du Palais de Carthage.<\/font><\/span><\/p>\n<p><span lang=\"EN-US\"><font face=\"Arial\">Le tribunal londonien a donc condamn\u00e9 l\u2019\u00e9diteur libyen \u00e0 payer une amende d\u2019environ 2 millions de dinars pour r\u00e9paration du pr\u00e9judice caus\u00e9 \u00e0 M. Ghannouchi.<\/font><\/span><\/p>\n<p><span lang=\"EN-US\"><font face=\"Arial\">Mais il y avait anguille sous roche, car il s\u2019est av\u00e9r\u00e9 que c\u2019est l\u2019Atce, le commanditaire de l\u2019acte de diffamation, qui a finalement pay\u00e9 le montant de l\u2019amende \u00e0 l\u2019\u00e9diteur d\u2019\u2018\u2018Al Arab\u2019\u2019, lequel n\u2019en a d\u2019ailleurs revers\u00e9 qu\u2019une partie \u00e0 la victime.<\/font><\/span><\/p>\n<p><span lang=\"EN-US\"><font face=\"Arial\">Une source officielle a affirm\u00e9 \u00e0 Kapitalis que ces donn\u00e9es viennent d\u2019\u00eatre confirm\u00e9es par M. Ghannouchi au juge d\u2019instruction.<\/font><\/span><\/p>\n<p><span lang=\"EN-US\"><font face=\"Arial\">L\u2019audition du t\u00e9moin a dur\u00e9 une demi-heure.<\/font><\/span><\/p>\n<p><span lang=\"EN-US\"><font face=\"Arial\">\u00abCe n\u2019est l\u00e0 qu\u2019une seule des nombreuses affaires gagn\u00e9es par Ghannouchi contre le r\u00e9gime tunisien\u00bb, a expliqu\u00e9 Me Dilou.<\/font><\/span><\/p>\n<p><span lang=\"EN-US\"><font face=\"Arial\">D\u2019autres dossiers li\u00e9s \u00e0 la corruption au sein de l\u2019Atce vont donc \u00eatre ouverts. On entend d\u00e9j\u00e0 des dents qui grincent\u2026<\/font><\/span><\/p>\n<p><span lang=\"EN-US\"><font face=\"Arial\">Source: \u201cKapitalis\u201d le 13-10-2011<\/font><\/span><\/p>\n<p><font face=\"Arial\"><span lang=\"EN-US\"><font>Lien: <\/font><\/span><span lang=\"NO-BOK\"><a href=\"http:\/\/www.kapitalis.com\/fokus\/62-national\/6317-tunisie-le-temoin-rached-ghannouchi-enfonce-latce.html\" rel=\"nofollow noopener\" target=\"_blank\"><span lang=\"EN-US\"><font>http:\/\/www.kapitalis.com\/fokus\/62-national\/6317-tunisie-le-temoin-rached-ghannouchi-enfonce-latce.html<\/font><\/span><\/a><\/span><\/font><\/p>\n<p><strong><font face=\"Arial\" size=\"2\"><\/p>\n<div>\n<hr\/>\n<\/div>\n<p><\/font><\/strong><\/p>\n<h3 align=\"center\" style=\"color: blue;\"><span lang=\"NO-BOK\"><\/p>\n<h3 style=\"color: blue;\"><font face=\"Arial\">Comment votera la Tunisie des oubli\u00e9s ?<\/font><\/h3>\n<p><\/span><\/h3>\n<p><span lang=\"NO-BOK\"><\/p>\n<hr\/>\n<p><\/span><\/p>\n<p><span lang=\"NO-BOK\"><font face=\"Arial\">Par Martine Gozlan <\/font><\/span><\/p>\n<p><i><span lang=\"EN-US\"><font face=\"Arial\">Un document passionnant de Nicolas Beau (journaliste \u00e0 Marianne) et Said Bakhtaoui, consacr\u00e9 \u00e0 \u00ab la Tunisie des Oubli\u00e9s \u00bb, est diffus\u00e9 ce soir sur la chaine parlementaire LCP \u00e0 21h.05. A ne pas rater une semaine avant les \u00e9lections \u00e0 l\u2019Assembl\u00e9e Constituante.<\/font><\/span><\/i><\/p>\n<p><span lang=\"EN-US\"><font face=\"Arial\">Pour qui voteront les Tunisiens des provinces oubli\u00e9es, celles par qui la r\u00e9volution est arriv\u00e9e, du Sidi Bouzid de Mohamed Bouazizi \u00e0 Kasserine que Ben Ali avait r\u00eav\u00e9 de bombarder ? On aura ce soir un avant-go\u00fbt de leurs choix, une semaine avant les premi\u00e8res \u00e9lections libres du pays, le 23 octobre,en regardant l\u2019enqu\u00eate r\u00e9alis\u00e9e par Nicolas Beau et Said Bakhtaoui sur la chaine parlementaire.<\/font><\/span><\/p>\n<p>\u00a0<\/p>\n<p><font face=\"Arial\"><span lang=\"EN-US\"><font>Auteur (avec Catherine Graciet) du br\u00fbl\u00f4t \u00ab La r\u00e9gente de Carthage \u00bb qui fit trembler le r\u00e9gime de Ben Ali avant l\u2019heure, Nicolas Beau est d\u00e9sormais collaborateur de Marianne. Longtemps interdit de s\u00e9jour en Tunisie, il eut, au lendemain de la r\u00e9volution, le bonheur de voir enfin son livre sur les \u00e9tag\u00e8res des librairies de l\u2019avenue Bourguiba, notamment chez Selma Jabb\u00e8s, l\u2019\u00e9m\u00e9rite patronne d\u2019 \u00ab Al Kitab \u00bb qui n\u2019avait jamais eu froid aux yeux. <\/font><\/span><font><span lang=\"NO-BOK\">Je me souviens de ce matin de janvier, deux jours apr\u00e8s la chute du satrape, quand les badauds se pressaient, si heureux, devant la vitrine o\u00f9 Selma avait dispos\u00e9 des sp\u00e9cimens des livres jusqu\u2019ici interdits. <\/span><\/font><span lang=\"EN-US\"><font>Celui de Nicolas y figurait \u00e0 la meilleure place. Et pour cause : il y avait diss\u00e9qu\u00e9 deux ans auparavant toutes les raisons pour lesquelles les Tunisiens, un jour, diraient non \u00e0 l\u2019arbitraire.<\/font><\/span><\/font><\/p>\n<p>\u00a0<\/p>\n<p><font face=\"Arial\"><span lang=\"EN-US\"><font>Notre confr\u00e8re est donc revenu cet \u00e9t\u00e9 dans la Tunisie r\u00e9volutionnaire. Avec Sa\u00efd Bakhtaoui, il est parti \u00e0 la rencontre des provinces de l\u2019Ouest qui avaient constitu\u00e9 le fer de lance de l\u2019insurrection. Qui pourrait oublier les images terribles des 4, 5 et 6 janvier, \u00e0 la morgue de Kasserine avec les corps des manifestants trou\u00e9s de balles ? Malgr\u00e9 ces sacrifices, aujourd\u2019hui, la population se sent toujours oubli\u00e9e. \u00ab Cette r\u00e9volution, on l\u2019a faite pour le pain et on n\u2019a toujours rien ! \u00bb mart\u00e8le un vendeur \u00e0 la sauvette. A cinq euros par jour, les conqu\u00eates de la r\u00e9volution semblent terriblement abstraites. Certains d\u00e9sh\u00e9rit\u00e9s pensent m\u00eame qu\u2019il faudrait carr\u00e9ment la refaire, cette r\u00e9volution qui \u00ab ne nous a donn\u00e9 ni travail ni argent \u00bb. <\/font><\/span><span lang=\"NO-BOK\"><font>En poussant vers la mer, du c\u00f4t\u00e9 de la souriante Hammamet, les reporters ont trouv\u00e9 d\u2019autres oubli\u00e9s, \u00e0 une dizaine de kilom\u00e8tres de la station baln\u00e9aire. Ceux-l\u00e0 n\u2019ont m\u00eame pas l\u2019eau et vivent avec trois euros par jour.<\/font><\/span><\/font><\/p>\n<p>\u00a0<\/p>\n<p><span lang=\"EN-US\"><font face=\"Arial\">Sur ce d\u00e9sastre, nullement imputable \u00e0 la r\u00e9volution mais au long d\u00e9sint\u00e9r\u00eat de la dictature pour les coulisses de l\u2019\u00e9den touristique, les islamistes du parti Ennahda jouent-ils sur du velours ? Eux qui n\u2019ont \u00e9t\u00e9 strictement pour rien dans l\u2019insurrection qui n\u2019a pas clam\u00e9 un seul \u00ab Allah est grand ! \u00bb durant toute son extraordinaire saga, eux qui ont si prudemment attendu que le danger s\u2019\u00e9loigne pour pointer le bout de leur barbe, vont-ils tirer leurs marrons douteux du beau feu de la libert\u00e9 ?<\/font><\/span><\/p>\n<p>\u00a0<\/p>\n<p><font face=\"Arial\"><span lang=\"EN-US\"><font>Dans le document tourn\u00e9 cet \u00e9t\u00e9, il est manifeste qu\u2019Ennahda peut capitaliser une partie des souffrances sociales. <\/font><\/span><font><span lang=\"NO-BOK\">Ennahda est puissant : le parti a l\u2019argent et les moyens de tenir des meetings bien encadr\u00e9s. <\/span><\/font><span lang=\"EN-US\"><font>On voit Rached Ghannouchi clamer \u00ab l\u2019Islam est notre Constitution ! \u00bb et encore \u00ab Le voile est l\u2019\u00e9tendart de l\u2019Islam ! \u00bb. Images \u00e9loquentes qui illustrent le fameux double discours islamiste : celui, doucereux, r\u00e9serv\u00e9 aux m\u00e9dias, et l\u2019autre, le vrai, l\u2019abrupt, le brut, pour le peuple. Le peuple, pr\u00e9cis\u00e9ment, dans ces meetings,a \u00e9t\u00e9 amen\u00e9 par bus, avec une efficacit\u00e9 impressionnante. Celle du RCD , nagu\u00e8re ! D\u2019o\u00f9 vient l\u2019argent d\u2019Ennahda ? Si la question n\u2019est pas abord\u00e9e dans le reportage, on sait que l\u2019argent du parti religieux ( inond\u00e9 de fric par le Qatar) a \u00e9t\u00e9 la cause principale de la rupture entre Ennahda et la commission nationale de la r\u00e9forme politique, pr\u00e9sid\u00e9e par l\u2019\u00e9minent juriste Yadh ben Achour. La commission exigeait que toute la transparence soit faite sur le financement des partis. Ennahda n\u2019a pas pu le supporter. Bel exemple d\u2019allergie \u00e0 la transparence d\u00e9mocratique !<\/font><\/span><\/font><\/p>\n<p>\u00a0<\/p>\n<p><font face=\"Arial\"><span lang=\"EN-US\"><font>Les Tunisiens ne sont pas dupes. Et c\u2019est tout le m\u00e9rite du document de nous le rappeler en rendant hommage \u00e0 leur lucidit\u00e9, \u00e0 leur simplicit\u00e9. Toute voil\u00e9e qu\u2019elle est, Fadela, une jeune femme pauvre, la premi\u00e8re dipl\u00f4m\u00e9e de sa famille( il y a 150 000 dipl\u00f4m\u00e9s ch\u00f4meurs) l\u00e2che avec m\u00e9pris : \u00ab Je ne voterai jamais pour Ennahda, ils ont un pass\u00e9 trop trouble\u2026 \u00bb<\/font><\/span><font><span lang=\"NO-BOK\">Car la violence islamiste, personne ne l\u2019a oubli\u00e9e. La peur de remplacer la dictature par un parti ultra-puissant flotte dans le pays. <\/span><\/font><span lang=\"EN-US\"><font>Non, pas dupes, les Tunisiens. Et m\u00eame, ils rigolent quand Rached Ghannouchi sort, s\u00e9rieux \u00e0 n\u2019y pas croire : \u00ab nous, on est pour le mod\u00e8le scandinave ! \u00bb<\/font><\/span><\/font><\/p>\n<p>\u00a0<\/p>\n<p><span lang=\"EN-US\"><font face=\"Arial\">Personne n\u2019est dupe : une avocate qui n\u2019a pas h\u00e9sit\u00e9 \u00e0 d\u00e9fendre les d\u00e9tenus islamistes contre la r\u00e9pression de Ben Ali, s\u2019engage aujourd\u2019hui \u00e0 fond pour d\u00e9fendre la cause des droits des femmes. Images toniques du \u00ab Caf\u00e9 des femmes \u00bb \u00e0 Bizerte, un vrai rendez-vous des audacieuses sur le quai des machos ! Et le film s\u2019ach\u00e8ve<\/font><\/span><\/p>\n<p>\u00a0<\/p>\n<p><font face=\"Arial\"><span lang=\"EN-US\"><font>sur un visage d\u2019homme libre : celui du philosophe Mohammed Talbi, qui a d\u00e9nonc\u00e9 inlassablement tous les hold-up pratiqu\u00e9s sur l\u2019islam, autant par l\u2019islam politique que par ceux qui cautionnaient la dictature au nom de la lutte anti-terroriste. <\/font><\/span><span lang=\"NO-BOK\"><font>Le vieil homme mart\u00e8le le c\u00e9l\u00e8bre verset du Coran, si constamment trahi : \u00ab Pas de contrainte en religion\u2026 \u00bb Et il scande : \u00ab Je crois en l\u2019avenir de la libert\u00e9 de penser ! \u00bb.<\/font><\/span><\/font><\/p>\n<p>\u00a0<\/p>\n<p><span lang=\"EN-US\"><font face=\"Arial\">Une vraie lumi\u00e8re, cette conviction d\u2019un sage qui n\u2019h\u00e9sitait pas, sous Ben Ali, \u00e0 affronter la police, quand il allait apporter son soutien \u00e0 ceux que la dictature trainait en justice. Du plus jeune des blogueurs au plus lettr\u00e9 de ses anciens, ce pays reste celui de tous les espoirs.<\/font><\/span><\/p>\n<p><span lang=\"EN-US\"><font face=\"Arial\">Source: \u201cMarianne2\u201d Le 14-10-2011<\/font><\/span><\/p>\n<p><font face=\"Arial\"><span lang=\"EN-US\"><font>Lien: <\/font><\/span><span lang=\"NO-BOK\"><a href=\"http:\/\/www.marianne2.fr\/martinegozlan\/Comment-votera-la-Tunisie-des-oublies_a14.html\" rel=\"nofollow noopener\" target=\"_blank\"><span lang=\"EN-US\"><font>http:\/\/www.marianne2.fr\/martinegozlan\/Comment-votera-la-Tunisie-des-oublies_a14.html<\/font><\/span><\/a><\/span><\/font><\/p>\n<p><strong><font face=\"Arial\" size=\"2\"><\/p>\n<div>\n<hr\/>\n<\/div>\n<p><\/font><\/strong><\/p>\n<p align=\"center\"><b><span lang=\"EN-US\"><\/p>\n<h3 style=\"color: blue;\"><font face=\"Arial\">Message \u00e0 mes Compatriotes de Tunisie et d\u2019ailleurs<\/font><\/h3>\n<p> <\/span><\/b><\/p>\n<hr\/>\n<p>\u00a0<\/p>\n<p><font face=\"Arial\"><span><span lang=\"EN-US\"><font>Chers Compatriotes,<\/font><\/span><\/span><font><span><span lang=\"EN-US\"><\/span><\/span><\/font><\/font><font><span lang=\"EN-US\"> <font face=\"Arial\"><span>Dimanche 23 octobre 2011, nous prendrons, en Tunisie, le chemin des urnes pour les premi\u00e8res \u00e9lections d\u00e9mocratiques dans l\u2019Histoire de notre Pays, et ce, pour ouvrir une nouvelle page en d\u00e9signant nos repr\u00e9sentants \u00e0 l\u2019Assembl\u00e9e Nationale Constituante, charg\u00e9e d\u2019\u00e9crire la Constitution de la Deuxi\u00e8me R\u00e9publique Tunisienne, Texte-M\u00e8re de toutes les Lois qui vont g\u00e9rer la vie de nos enfants et de nos petits-enfants<\/span><span><\/span><span>pendant les prochaines d\u00e9cennies.<\/span><\/font><\/span><font face=\"Arial\"><span><span lang=\"NO-BOK\">En ce jour, c\u2019est le destin de chaque citoyen et la destin\u00e9e de la Nation qui seront <\/span><\/span><span><\/span><span><span lang=\"NO-BOK\">en jeu. En outre,<\/span><\/span><span><span lang=\"NO-BOK\"><\/span><\/span><span><span lang=\"NO-BOK\">une fois \u00e9lue, l\u2019Assembl\u00e9e Constituante sera l\u2019Unique Instance repr\u00e9sentant, r\u00e9ellement et sans aucune ambigu\u00eft\u00e9, la Volont\u00e9 Populaire. N\u2019oublions pas que l\u2019Assembl\u00e9e Constituante fut, et reste, la plus importante Victoire R\u00e9volutionnaire de notre Peuple, apr\u00e8s la chute du R\u00e9gime Zinochet et les premi\u00e8res tergiversations du Pouvoir Transitoire, Victoire arrach\u00e9e gr\u00e2ce \u00e0 une mobilisation d\u00e9termin\u00e9e et pers\u00e9v\u00e9rante, revendication qui a \u00e9t\u00e9 soutenue par le Conseil National de la Protection de la R\u00e9volution, par tous les Partis Politiques non Collabos, par l\u2019Union G\u00e9n\u00e9rale Tunisienne du Travail et par toutes les Organisations, r\u00e9ellement D\u00e9mocratiques, de la Soci\u00e9t\u00e9 civile.<\/span><\/span><span><span lang=\"NO-BOK\"><\/span><\/span><\/font><\/font><span lang=\"NO-BOK\"><font> <\/font><font face=\"Arial\"><font><span>L\u2019enjeu est donc \u00e9norme et chaque vote comptera.<\/span><span> <\/span> <span>Pour barrer la route \u00e0 tous ceux dont le dessein est de nous spolier de notre R\u00e9volution (en la d\u00e9viant de ses id\u00e9aux de<\/span><span> <\/span><strong>Libert\u00e9-Dignit\u00e9-D\u00e9mocratie-Egalit\u00e9<\/strong><span>, slogan<\/span><span> <\/span><span>cri\u00e9, jusqu\u2019\u00e0 leur dernier souffle, par les Martyrs de notre R\u00e9volution de Jasmin,<\/span><span><\/span><span>et en<\/span><span><\/span><span>pr\u00e9cipitant<\/span><span><\/span><span>le Pays dans une Dictature brune-verte th\u00e9ocratique sans retour, <\/span><span><\/span><span>dont les incidents<\/span><span><\/span><span>v\u00e9cus derni\u00e8rement<\/span><span><\/span><span>donnent un avant-go\u00fbt), fa\u00eetes circuler, tous azimuts, le message suivant :<\/span><span><\/span> <strong>\u00abVotez pour toute Liste, except\u00e9es celles des Islamistes, d\u00e9clar\u00e9s ou cach\u00e9s \u00bb.<\/strong><span> <\/span> <span>Avec mes Salutations R\u00e9volutionnaires,<\/span><span> <\/span> <\/font><span><font>Salah HORCHANI<\/font><\/span><\/font><\/span><\/p>\n<p><span lang=\"EN-US\"><font face=\"Arial\">Source: \u201cLe Post.fr\u201d Le 14-10-2011<\/font><\/span><\/p>\n<p><font face=\"Arial\"><span lang=\"NO-BOK\"><font>Lien: <\/font><a href=\"http:\/\/www.lepost.fr\/article\/2011\/10\/14\/2613715_message-a-mes-compatriotes-de-tunisie-et-d-ailleurs.html\" rel=\"nofollow noopener\" target=\"_blank\"><font>http:\/\/www.lepost.fr\/article\/2011\/10\/14\/2613715_message-a-mes-compatriotes-de-tunisie-et-d-ailleurs.html<\/font><\/a><\/span><\/font><\/p>\n<p><strong><font face=\"Arial\" size=\"2\"><\/p>\n<div>\n<hr\/>\n<\/div>\n<p><\/font><\/strong><\/p>\n<p align=\"center\"><b><span lang=\"EN-US\"><\/p>\n<h3 style=\"color: blue;\"><font face=\"Arial\">Tunisie : \u00ab Chaque peuple a le gouvernement qu&rsquo;il m\u00e9rite \u00bb !<\/font><\/h3>\n<p> <\/span><\/b><\/p>\n<hr\/>\n<p>\u00a0<\/p>\n<p><span lang=\"EN-US\"><font face=\"Arial\"><font>Par <\/font><span><font>Emna Zouari<\/font><\/span><\/font><\/span><\/p>\n<p><span lang=\"EN-US\"><font face=\"Arial\">Winston Churchill disait: \u00ab Chaque peuple a le gouvernement qu&rsquo;il m\u00e9rite \u00bb !. Comment se r\u00e9signer \u00e0 accepter une telle situation? En tant que jeune <\/font><font><span> <\/span><font face=\"Arial\">femme, pur produit de l&rsquo;\u00e9ducation de mes parents, eux m\u00eames enfants du Bourguibisme, je ne peux accepter une telle descente aux enfers de mes concitoyens, qui, croyant aux belles paroles d&rsquo;un avenir meilleur, iront voter pour un parti qui nous conduira directement et rapidement vers un obscurantisme dont il sera difficile de sortir. <\/font><span> <\/span><font face=\"Arial\">Que pouvons-nous y faire? Sommes-nous cens\u00e9s les regarder et ne pas agir au nom d&rsquo;une d\u00e9mocratie nouvelle que nous apprenons \u00e0 mettre en place? Ou devons nous au contraire d\u00e9noncer et condamner au risque d&rsquo;entendre \u00e0 nouveau des mots tels que &lsquo;r\u00e9pression&rsquo; ou &lsquo;dictature&rsquo; ? Il m&rsquo;est insupportable d&rsquo;imaginer ma belle patrie ressembl\u00e9 \u00e0 L&rsquo;Iran, je ne peux m&rsquo;y r\u00e9soudre!<\/font><span> <\/span><font face=\"Arial\">De leur c\u00f4t\u00e9, ces obscurantistes et leurs acolytes ne cessent de progresser dans les bases profondes de la soci\u00e9t\u00e9: non respect des lois en vigueur, port du voile int\u00e9gral dans les Universit\u00e9s, cr\u00e9ation d&rsquo;une \u00e9cole priv\u00e9e d&rsquo;enseignement de la Chariaa n&rsquo;ayant pas obtenu l&rsquo;autorisation du Minist\u00e8re de Tutelle et qui se permet de faire de la publicit\u00e9 dans les m\u00e9dias, violences et d\u00e9gradations des locaux d&rsquo;une cha\u00eene t\u00e9l\u00e9vis\u00e9e, convocation chez le Procureur de la R\u00e9publique des traducteurs d&rsquo;un film r\u00e9compens\u00e9 Outre Mer.<\/font><span> <\/span><font face=\"Arial\">Est-ce cela leur vision de la D\u00e9mocratie? Dans ce cas, devons-nous leur appliquer les principes de la D\u00e9mocratie ou tout simplement les emp\u00eacher d&rsquo;arriver \u00e0 leurs fins? Cet endoctrinement de la jeunesse n&rsquo;a pas \u00e9t\u00e9 rendu possible gr\u00e2ce \u00e0 feu Mohamed Charfi qui, au vu de la menace islamiste, ne les a pas laiss\u00e9 faire \u00e0 la fin des ann\u00e9es 80. <\/font><span> <\/span><font face=\"Arial\">Doit-on se taire aujourd&rsquo;hui par &lsquo;manque de l\u00e9gitimit\u00e9&rsquo; comme disent certains? Non, car &lsquo; \u00e0 d\u00e9faut d&rsquo;une l\u00e9gitimit\u00e9 Constitutionnelle, le gouvernement dispose d&rsquo;une l\u00e9gitimit\u00e9 Fonctionnelle&rsquo; pour citer notre Premier Ministre. Rien ne peut justifier de tels actes de violence, pas m\u00eame notre Livre Sacr\u00e9 qui, loin de pr\u00f4ner l&rsquo;intol\u00e9rance, est un message de paix et d&rsquo;amour. <\/font><span> <\/span><font face=\"Arial\">Vous l&rsquo;aurez compris, ma compr\u00e9hension de ce Livre est loin de correspondre \u00e0 l&rsquo;interpr\u00e9tation \u00e9troite de ces pseudos d\u00e9fenseurs de l&rsquo;Islam. N&rsquo;en d\u00e9plaise \u00e0 certains qui confondent Islam et Int\u00e9grisme. Au lieu de montrer au monde entier que cette religion est porteuse d&rsquo;Espoir, de Libert\u00e9 et d&rsquo;Amour, ces derniers pr\u00e9f\u00e8rent v\u00e9hiculer une image Moyen\u00e2geuse de violence, de sang et de barbarie. <\/font><span> <\/span><font face=\"Arial\">Mes chers compatriotes, serons-nous assez \u00e9clair\u00e9s pour voir le danger qui se profile \u00e0 l&rsquo;horizon et ferons-nous les bons choix? <\/font><\/font><\/span><span lang=\"NO-BOK\"><font face=\"Arial\">Je le souhaite vivement &#8230;.<\/font><\/span><\/p>\n<p><span lang=\"EN-US\"><font face=\"Arial\">Source: \u201dEspace Manager\u201d Le 14-10-2011<\/font><\/span><\/p>\n<p><font face=\"Arial\"><span lang=\"NO-BOK\"><font>Lien: <\/font><\/span><span lang=\"NO-BOK\"><a href=\"http:\/\/www.espacemanager.com\/chroniques\/tunisie-chaque-peuple-a-le-gouvernement-qu-il-merite.html\" rel=\"nofollow noopener\" target=\"_blank\"><font>http:\/\/www.espacemanager.com\/chroniques\/tunisie-chaque-peuple-a-le-gouvernement-qu-il-merite.html<\/font><\/a><\/span><\/font><\/p>\n<p><\/font><\/p>\n<p><\/strong><\/font><\/p>\n<p><\/strong><\/font><\/p>\n<p><\/strong><\/body><\/body><\/html><\/p>\n","protected":false},"excerpt":{"rendered":"<p>\u0641\u064a\u0643\u0644\u064a\u0648\u0645\u060c\u0646\u0633\u0627\u0647\u0645 \u0628\u062c\u0647\u062f\u0646\u0627 \u0641\u064a\u062a\u0642\u062f\u064a\u0645\u0625\u0639\u0644\u0627\u0645 \u0623\u0641\u0636\u0644 \u0648\u0623\u0631\u0642\u0649 \u0639\u0646\u0628\u0644\u062f\u0646\u0627\u060c\u062a\u0648\u0646\u0633 Un effort quotidien pour une information de qualit\u00e9 sur notre pays, la Tunisie. Everyday, we contribute to abetter information about our country, Tunisia TUNISNEWS 11 \u00e8me ann\u00e9e, N\u00b04125 du 15.10.2011 archives : www.tunisnews.net Reuters: Heurts entre policiers et manifestants islamistes \u00e0 Tunis Belga: Tunis: le domicile du PDG de [&hellip;]<\/p>\n","protected":false},"author":1,"featured_media":22040,"comment_status":"open","ping_status":"open","sticky":false,"template":"","format":"standard","meta":{"inline_featured_image":false,"site-sidebar-layout":"default","site-content-layout":"","ast-site-content-layout":"default","site-content-style":"default","site-sidebar-style":"default","ast-global-header-display":"","ast-banner-title-visibility":"","ast-main-header-display":"","ast-hfb-above-header-display":"","ast-hfb-below-header-display":"","ast-hfb-mobile-header-display":"","site-post-title":"","ast-breadcrumbs-content":"","ast-featured-img":"","footer-sml-layout":"","ast-disable-related-posts":"","theme-transparent-header-meta":"","adv-header-id-meta":"","stick-header-meta":"","header-above-stick-meta":"","header-main-stick-meta":"","header-below-stick-meta":"","astra-migrate-meta-layouts":"default","ast-page-background-enabled":"default","ast-page-background-meta":{"desktop":{"background-color":"","background-image":"","background-repeat":"repeat","background-position":"center center","background-size":"auto","background-attachment":"scroll","background-type":"","background-media":"","overlay-type":"","overlay-color":"","overlay-opacity":"","overlay-gradient":""},"tablet":{"background-color":"","background-image":"","background-repeat":"repeat","background-position":"center center","background-size":"auto","background-attachment":"scroll","background-type":"","background-media":"","overlay-type":"","overlay-color":"","overlay-opacity":"","overlay-gradient":""},"mobile":{"background-color":"","background-image":"","background-repeat":"repeat","background-position":"center center","background-size":"auto","background-attachment":"scroll","background-type":"","background-media":"","overlay-type":"","overlay-color":"","overlay-opacity":"","overlay-gradient":""}},"ast-content-background-meta":{"desktop":{"background-color":"var(--ast-global-color-5)","background-image":"","background-repeat":"repeat","background-position":"center center","background-size":"auto","background-attachment":"scroll","background-type":"","background-media":"","overlay-type":"","overlay-color":"","overlay-opacity":"","overlay-gradient":""},"tablet":{"background-color":"var(--ast-global-color-5)","background-image":"","background-repeat":"repeat","background-position":"center center","background-size":"auto","background-attachment":"scroll","background-type":"","background-media":"","overlay-type":"","overlay-color":"","overlay-opacity":"","overlay-gradient":""},"mobile":{"background-color":"var(--ast-global-color-5)","background-image":"","background-repeat":"repeat","background-position":"center center","background-size":"auto","background-attachment":"scroll","background-type":"","background-media":"","overlay-type":"","overlay-color":"","overlay-opacity":"","overlay-gradient":""}},"footnotes":""},"categories":[],"tags":[62,42,29],"class_list":["post-16191","post","type-post","status-publish","format-standard","has-post-thumbnail","hentry","tag-62","tag-42","tag-fr"],"_links":{"self":[{"href":"https:\/\/tunisnews.net\/ar\/wp-json\/wp\/v2\/posts\/16191","targetHints":{"allow":["GET"]}}],"collection":[{"href":"https:\/\/tunisnews.net\/ar\/wp-json\/wp\/v2\/posts"}],"about":[{"href":"https:\/\/tunisnews.net\/ar\/wp-json\/wp\/v2\/types\/post"}],"author":[{"embeddable":true,"href":"https:\/\/tunisnews.net\/ar\/wp-json\/wp\/v2\/users\/1"}],"replies":[{"embeddable":true,"href":"https:\/\/tunisnews.net\/ar\/wp-json\/wp\/v2\/comments?post=16191"}],"version-history":[{"count":0,"href":"https:\/\/tunisnews.net\/ar\/wp-json\/wp\/v2\/posts\/16191\/revisions"}],"wp:featuredmedia":[{"embeddable":true,"href":"https:\/\/tunisnews.net\/ar\/wp-json\/wp\/v2\/media\/22040"}],"wp:attachment":[{"href":"https:\/\/tunisnews.net\/ar\/wp-json\/wp\/v2\/media?parent=16191"}],"wp:term":[{"taxonomy":"category","embeddable":true,"href":"https:\/\/tunisnews.net\/ar\/wp-json\/wp\/v2\/categories?post=16191"},{"taxonomy":"post_tag","embeddable":true,"href":"https:\/\/tunisnews.net\/ar\/wp-json\/wp\/v2\/tags?post=16191"}],"curies":[{"name":"wp","href":"https:\/\/api.w.org\/{rel}","templated":true}]}}