{"id":16187,"date":"2008-08-14T00:00:00","date_gmt":"2008-08-14T00:00:00","guid":{"rendered":"https:\/\/tunisnews.net\/14-aout-2008\/"},"modified":"2008-08-14T00:00:00","modified_gmt":"2008-08-14T00:00:00","slug":"14-aout-2008","status":"publish","type":"post","link":"https:\/\/tunisnews.net\/ar\/14-aout-2008\/","title":{"rendered":"14 ao\u00fbt 2008"},"content":{"rendered":"<p><html><head><meta content=\"text\/html\" description=\"La premi\u00e8re dame du pays, qui s\u2019est \u00e9clips\u00e9e depuis quelques mois \t\t\tdes r\u00e9ceptions officielles de la pr\u00e9sidence de la r\u00e9publique \u00e0 \t\t\tl\u2019occasion des visites des h\u00f4tes \u00e9trangers ou des d\u00e9placements du \t\t\tpr\u00e9sident, a fait hier son entr\u00e9e politique en fanfare \u00e0 l\u2019occasion \t\t\tde la f\u00eate nationale de la femme c\u00e9l\u00e9br\u00e9e normalement aujourd\u2019hui. \t\t\tC\u2019est l\u2019agence officielle Tunis Afrique presse (TAP) qui s\u2019est \t\t\tcharg\u00e9 de la couverture de ses activit\u00e9.\" http-equiv=\"Content-Type\"\/><\/head><body><body><\/p>\n<p align=\"center\" dir=\"ltr\"><font face=\"Arial\" size=\"2\"><b><a href=\"https:\/\/tunisnews.net\/ar\/\"><span>Home<\/span><span lang=\"FR-CH\"> &#8211; Accueil <\/span><\/a><\/b><\/font><\/p>\n<p><font face=\"Arial\" size=\"2\"><\/p>\n<div><\/div>\n<p><font face=\"Arial\" size=\"3\"><span lang=\"FR\"><\/p>\n<div align=\"center\" dir=\"ltr\"><font size=\"3\"><strong><font face=\"Arial\"><span lang=\"SV\">TUNISNEWS<\/span> <\/font><\/strong><\/font><\/div>\n<div align=\"center\" dir=\"ltr\"><strong><font size=\"2\"><\/p>\n<div>8\u00a0\u00e8me ann\u00e9e, <span lang=\"FR\">N\u00b0\u00a03005 du 14.08.2008 <\/span><\/div>\n<p><\/font><\/strong><\/div>\n<div align=\"center\" dir=\"ltr\"><span><font size=\"2\"><font>\u00a0<\/font><strong><font>archives<\/font> : <\/strong><\/font><a target=\"_blank\" rel=\"noopener\"><strong><font size=\"2\">www.tunisnews.net<\/font><\/strong><\/a><\/span><font size=\"2\"><font><strong>\u00a0<\/strong><\/font>\u00a0<\/font><span lang=\"FR\"><font size=\"2\"><span lang=\"FR\"><\/span><\/font><\/span><\/div>\n<p><\/span><\/font><font size=\"2\"><span lang=\"FR\"><font size=\"3\"><\/p>\n<div><strong><\/p>\n<hr\/>\n<p><\/strong><font><span lang=\"FR\"><\/span><\/font><\/div>\n<p><\/font><\/span><\/font><span><\/span><\/p>\n<div>\n<div><strong><\/p>\n<p><font>Tunisia Watch: Rentr\u00e9e politique orchestr\u00e9e de Mme Leila Ben Ali <font>APA: La mauvaise prestation tunisienne aux JO accueillie sans surprise en Tunisie<\/font> Le Temps: Apr\u00e8s le bikini, le microkini, le monokini et le tankini, voil\u00e0 le burquini ! <font>Le Temps: L&rsquo;\u00eatre et le para\u00eetre <\/font>Sud Ouest: Une marche silencieuse en m\u00e9moire de Sami Jelassi : <font>AFP: Droits de l&rsquo;Homme au Maroc: mises en garde contre \u00ab\u00a0un retour en arri\u00e8re\u00a0\u00bb<\/font>  AFP: Sleimane \u00e0 Damas: un nouveau chapitre dans les relations syro-libanaises <font>Reuters: Olmert \u00e9carte tout retour en Isra\u00ebl de r\u00e9fugi\u00e9s palestiniens<\/font> AFP: R\u00e9seaux sociaux sur internet: Facebook d\u00e9tr\u00f4ne MySpace<\/font><\/p>\n<p><\/strong><\/div>\n<p><font face=\"Arial\" size=\"2\"><span><font><span lang=\"FR\"><strong><\/p>\n<hr\/>\n<p><\/strong><\/span><\/font><\/span><\/font><\/div>\n<div>\n<div>\u00a0<\/div>\n<div><font><\/p>\n<div align=\"center\">\n<h2 style=\"color: red;\"><font size=\"3\"><strong><font size=\"2\">\u00a0<\/font>Rentr\u00e9e politique orchestr\u00e9e de Mme Leila Ben Ali<\/strong><\/font><\/h2>\n<p> \u00a0<\/p><\/div>\n<div align=\"justify\">La premi\u00e8re dame du pays, qui s\u2019est \u00e9clips\u00e9e depuis quelques mois des r\u00e9ceptions officielles de la pr\u00e9sidence de la r\u00e9publique \u00e0 l\u2019occasion des visites des h\u00f4tes \u00e9trangers ou des d\u00e9placements du pr\u00e9sident, a fait hier son entr\u00e9e politique en fanfare \u00e0 l\u2019occasion de la f\u00eate nationale de la femme c\u00e9l\u00e9br\u00e9e normalement aujourd\u2019hui. C\u2019est l\u2019agence officielle Tunis Afrique presse (TAP) qui s\u2019est charg\u00e9 de la couverture de ses activit\u00e9. \u00ab Mme Leila Ben Ali, \u00e9pouse du pr\u00e9sident de la R\u00e9publique, a pr\u00e9sid\u00e9, mardi apr\u00e8s- midi, au Centre Culturel International de Hammamet, l&rsquo;ouverture des travaux de la rencontre des chercheures sur le th\u00e8me \u00ab\u00a0Femmes tunisiennes et Recherche Scientifique: comp\u00e9tences et innovation\u00a0\u00bb organis\u00e9e dans le cadre de la c\u00e9l\u00e9bration de la f\u00eate nationale de la Femme plac\u00e9e cette ann\u00e9e sous le signe \u00a0\u00bb La femme tunisienne \u00e0 l&rsquo;\u00e8re du Changement: initiative, ambition et d\u00e9fi\u00a0\u00bb. \u00bb R\u00e9union introduit par\u00a0 Mme Sarra Kanoun Jarraya, ministre des Affaires de la Femme, de la Famille, de l&rsquo;Enfance et des Personnes \u00e2g\u00e9es qui \u00ab a exprim\u00e9 les remerciements, en son nom, au nom de toutes les participantes et de celui de ses invit\u00e9s, \u00e0 Mme Leila Ben Ali pour avoir accept\u00e9 de pr\u00e9sider la rencontre des chercheures, pour son apport \u00e0 la promotion de la situation de la femme ainsi que pour son action dans les divers domaines sociaux et humanitaires. \u00bb La premi\u00e8re dame du pays \u00e0 prononc\u00e9 une allocution auquel ont assist\u00e9 \u00ab les femmes membres du gouvernement, les \u00e9pouses des membres du Bureau Politique du RCD, des membres du gouvernement et plusieurs personnalit\u00e9s nationales f\u00e9minines et des repr\u00e9sentantes du tissu associatif. \u00bb pr\u00e9cise l\u2019agence TAP. Madame Ben Ali, n\u2019ayant aucun statut officiel \u00e0 part celui honorifique d\u2019\u00eatre l\u2019\u00e9pouse du r\u00e9sident de la r\u00e9publique \u00e0 pris l\u2019habitude d\u2019investir publiquement le champ politique et de pr\u00e9sider des r\u00e9unions auxquels des ministres sont convier \u00e0 faire le parterre des \u00e9couteurs de ses allocutions. Par le biais de son association \u00ab Besma \u00bb ou par celui d\u2019organisations f\u00e9minines dont certains ne son connu du public que par la publicit\u00e9 dont ils font l\u2019objet par sa participation \u00e0 leurs colloques ou r\u00e9ception. Cette c\u00e9l\u00e9bration anticip\u00e9e, de l\u2019anniversaire de la promulgation du code du statut personnel par Bourguiba en 1957 et d\u00e9cr\u00e9t\u00e9 f\u00eate nationale de la femme depuis, s\u2019est refl\u00e9t\u00e9e aujourd\u2019hui sur les premi\u00e8re pages de tous les journaux qui ont consacr\u00e9s leur premi\u00e8res pages a cet \u00e9v\u00e9nement dans un unanimisme dont on ne peut que douter de sa spontan\u00e9it\u00e9 vu que tous les journaux n\u2019ont fait que reproduire la longue d\u00e9p\u00eache pr\u00e9cit\u00e9 ou sa traduction.<\/div>\n<div align=\"justify\"> <font><strong>(Source : \u00ab Tunisia Watch \u00bb, blog de Mokhtar Yahyaoui, le 13 ao\u00fbt 2008) Lien : <\/strong><a href=\"http:\/\/tunisiawatch.rsfblog.org\/archive\/2008\/08\/13\/rentree-politique-orchestree-de-mme-leila-ben-ali.html\" target=\"_blank\" rel=\"noopener\"><strong>http:\/\/tunisiawatch.rsfblog.org\/archive\/2008\/08\/13\/rentree-politique-orchestree-de-mme-leila-ben-ali.html<\/strong><\/a><\/font><\/div>\n<div align=\"justify\">\u00a0<\/div>\n<div align=\"justify\"><font><\/p>\n<hr\/>\n<p><\/font><\/div>\n<div align=\"center\"><font><\/p>\n<h2 style=\"color: red;\"><font size=\"3\"><strong>La mauvaise prestation tunisienne aux JO accueillie sans surprise en Tunisie<\/strong><\/font><\/h2>\n<p><\/font><\/div>\n<div align=\"justify\"> <font>\u00a0Agence de Presse Africaine<\/font><\/div>\n<div align=\"justify\"> <font>APA-Tunis (Tunisie) La rue tunisienne n\u2019a pas du tout \u00e9t\u00e9 surprise de la mauvaise prestation des repr\u00e9sentants de la Tunisie aux Jeux Olympiques de P\u00e9kin. Apr\u00e8s une semaine de comp\u00e9tition, les sportifs tunisiens prenant part aux JO n\u2019ont r\u00e9alis\u00e9 aucun r\u00e9sultat positif et le nageur Oussama Mellouli, qui portait les espoirs tunisiens, a \u00e9t\u00e9 en de\u00e7\u00e0 des attentes. M\u00eame si l\u2019espoir de voir des Tunisiens monter sur le podium existe encore, notamment en vue du d\u00e9marrage des \u00e9preuves d\u2019athl\u00e9tisme et de lutte, m\u00e9dias et le public tunisiens s\u2019attendaient largement \u00e0 une participation des plus n\u00e9gatives de l\u2019histoire du sport tunisien. La d\u00e9ception, voire la col\u00e8re des Tunisiens, \u00e9tait en effet perceptible depuis l\u2019\u00e9chec de la Tunisie aux qualifications en sport collectif. Au moment o\u00f9 la Tunisie joue r\u00e9guli\u00e8rement les premiers r\u00f4les sur le plan africain en football, en handball et en volley-ball, les s\u00e9lections tunisiennes en ces disciplines ont \u00e9chou\u00e9 \u00e0 se qualifier pour P\u00e9kin, ce que l\u2019opinion publique tunisienne a difficilement dig\u00e9r\u00e9. Pour ce qui est des sports individuels repr\u00e9sent\u00e9s (natation, judo, athl\u00e9tisme, boxe, halt\u00e9rophilie, cyclisme, taekwondo, la lutte, escrime et tennis) les Tunisiens \u00e9taient g\u00e9n\u00e9ralement peu optimistes quant aux chances de glaner des m\u00e9dailles. D\u2019ailleurs dans leurs parutions, les journaux ne pr\u00eatent pas grand int\u00e9r\u00eat \u00e0 la participation des sportifs tunisiens \u00e0 P\u00e9kin 2008. Mis \u00e0 part l\u2019agence de presse gouvernementale et la cha\u00eene de t\u00e9l\u00e9vision publique Tunis 7, aucun organe de presse tunisien n\u2019a d\u00e9p\u00each\u00e9 de journaliste \u00e0 P\u00e9kin. L\u2019int\u00e9r\u00eat est plut\u00f4t port\u00e9, et comme d\u2019habitude lors de chaque p\u00e9riode estivale, sur le d\u00e9marrage de la nouvelle saison de football et les nouveaut\u00e9s sur le march\u00e9 des transferts. La crise que traverse le sport tunisien depuis plusieurs ann\u00e9es, la mauvaise pr\u00e9paration des athl\u00e8tes qualifi\u00e9s pour les JO, les probl\u00e8mes de gestion administrative et technique des f\u00e9d\u00e9rations et le niveau intrins\u00e8que lui-m\u00eame des athl\u00e8tes olympiques sont autant de raisons de ce d\u00e9sint\u00e9r\u00eat et ce pessimisme de l\u2019opinion publique tunisienne, expliquent les observateurs. D\u2019aucuns estiment que le sport tunisien, toutes disciplines confondues, a aujourd\u2019hui besoin d\u2019une refonte g\u00e9n\u00e9rale qui prendrait en consid\u00e9ration structures de formation et d\u2019encadrement, planification et strat\u00e9gies d\u2019excellence et surtout la bonne gestion des f\u00e9d\u00e9rations sportives. Cette gestion laissant aujourd\u2019hui pleinement \u00e0 d\u00e9sirer. Des m\u00e9dias de la place n\u2019ont, en effet, cess\u00e9 d\u2019appeler \u00e0 une r\u00e9flexion g\u00e9n\u00e9rale sur le sport tunisien et \u00e0 une r\u00e9vision des statuts des associations sportives, clubs et f\u00e9d\u00e9rations, pour une harmonisation n\u00e9cessaire avec les besoins du professionnalisme et du plus haut niveau de la performance sportive, surtout que le sport du pays jouit de la volont\u00e9 politique n\u00e9cessaire et de l\u2019infrastructure de base d\u00e9velopp\u00e9e.<\/font> <strong>\u00a0<\/strong> <strong>TM\/aft\/APA  14-08-2008<\/strong><\/div>\n<p><\/font><\/p>\n<div align=\"justify\"><font>\u00a0<\/font><\/div>\n<div align=\"justify\"><strong><\/p>\n<hr\/>\n<p><\/strong><\/div>\n<div align=\"center\"><font><strong><font>Impressions estivales : <\/font><\/p>\n<h2 style=\"color: red;\"><font size=\"3\">Apr\u00e8s le bikini, le microkini, le monokini et le tankini, voil\u00e0 le burquini !<\/font><\/h2>\n<p><\/strong><\/font><\/div>\n<div align=\"justify\"> \u00a0Les espaces du savoir et de culture transform\u00e9s en souks. Les touristes se ruent sur notre \u00ab Andorre \u00bb du Sud, Ben Guerdane et d\u00e9laissant nos tapis, ils sautent sur la friperie&#8230; Sur nos plages, le \u00ab burquini \u00bb fait rage : assemblage hybride dont sont accoutr\u00e9es nos adolescentes, association de la fameuse burat afghane et du bikini. Impressions estivales qui laissent sceptiques. Pour un voyageur ordinaire, se trouvant dans l&rsquo;obligation de circuler, par cette canicule, \u00e0 travers les r\u00e9gions, et faisant des haltes pr\u00e9vues ou non, d\u00e9couvre les \u00e0-c\u00f4t\u00e9s du quotidien, invisibles souvent pour certains s\u00e9dentaires par la force de l&rsquo;habitude de les c\u00f4toyer sans les voir, ou sans vouloir les voir. De Djerba \u00e0 Hammam Gh\u00e9zaz. <strong><font>Le \u00ab burquini \u00bb envahit les plages<\/font><\/strong> \u00a0En deux ans, beaucoup de plages du sud furent litt\u00e9ralement envahies par des tenues vestimentaires pour le moins surprenantes : pratiquement toutes le jeunes femmes, y compris les adolescentes sont accoutr\u00e9es de \u00ab maillots \u00bb de bains qui tiennent d&rsquo;un assemblage hybride entre une tenue de scaphandrier et du\u00a0 parachutiste sportif ; le burquini, n\u00e9ologisme compos\u00e9 de l&rsquo;association de la fameuse burqua afghane, et du bikini. Invent\u00e9 par une styliste australienne d&rsquo;origine libanaise. De suite approuv\u00e9 par les tenants du rigorisme religieux comme \u00e9tant une tenue \u00ab seyante, convenable, conforme \u00e0 la tradition musulmane \u00bb&#8230;Une b\u00e9n\u00e9diction plut\u00f4t r\u00e9actionnaire. En fait une lumineuse affaire commerciale, au vu du march\u00e9 actuel, \u00ab porteur \u00bb dit-on. Ainsi, apr\u00e8s le bikini, le microkini, le monokini et le tankini,<\/div>\n<div align=\"justify\">voil\u00e0 le burquini!!!!<\/div>\n<div align=\"justify\"> \u00a0\u00a0\u00a0 Un pantalon acrylique collant qui va aux chevilles, un tricot de la m\u00eame mati\u00e8re qui couvre l&rsquo;ensemble des bras jusqu&rsquo;aux poignets, puis une sorte de cagoule qui cache la nuque, le cou, semblable \u00e0 cette protection utilis\u00e9e par les pilotes de F1 et les astronautes sous leurs casques, puis une casquette \u00e0 la forme bizarro\u00efde. Des couleurs tr\u00e8s flashy, fluo, le rose buvard, le vert pistache, le bleu \u00e9lectrique, sont pris\u00e9es. Ce n&rsquo;est pas fini, au dessus de tout cela il y a une mini robe, tr\u00e8s souvent noire, pour faire ressortir le contraste, qui va juste aux genoux au moins !! Les plus chics s&rsquo;arrangent pour mettre quelques fantaisies :\u00a0 quelques fanfreluches en bas de la robe pour rappeler la couleur de base&#8230;. Et l&rsquo;effet avalanche se poursuit : absolument plus aucun bikini port\u00e9 sur certaines plages publiques du sud par des jeunes filles, et \u00e0 peine quelques tr\u00e8s rares maillots dits \u00ab unipi\u00e8ce \u00bb. Les plus \u00ab courageuses \u00bb, les plus \u00ab os\u00e9es \u00bb diraient d&rsquo;autres, se couvrent de suite d&rsquo;un vaste par\u00e9o d\u00e8s la sortie de l&rsquo;eau, et m\u00eame les caches maillots, compl\u00e9ments plut\u00f4t \u00ab in \u00bb \u00e0 l&rsquo;\u00e9poque, deviennent partie int\u00e9grante du costume de bain&#8230; \u00a0On commence par la pression vestimentaire, sur les plages et ailleurs. Le danger est l\u00e0, rampant. Rappelez vous cette histoire d&rsquo;\u00e9tudiante venue passer un examen dans une facult\u00e9 de Nabeul : elle a \u00e9t\u00e9\u00a0 exclue de la salle par\u00a0 le professeur surveillant, une femme\u00a0 (!!)\u00a0\u00a0\u00a0 parce qu&rsquo;elle avait \u00ab les bras d\u00e9nud\u00e9s \u00bb( !!!) . Elle a \u00e9t\u00e9 oblig\u00e9e de quitter la salle, et s&rsquo;est avec quelques interventions qu&rsquo;elle a \u00e9t\u00e9 r\u00e9admise \u00e0 poursuivre son examen (dans quelles conditions !!) apr\u00e8s avoir mis une chemisette \u00ab conforme \u00bb, pr\u00eat\u00e9e d&rsquo;urgence par une de ses amies !!<\/div>\n<div align=\"justify\"> <strong><font>Fatah THABET (Source : \u00ab Le Temps \u00bb (Quotidien \u2013 Tunis), le 14 ao\u00fbt 2008)<\/font><\/strong><\/div>\n<div align=\"justify\">\u00a0<\/div>\n<div align=\"justify\">\n<hr\/>\n<\/div>\n<div align=\"justify\">\u00a0<\/div>\n<div align=\"center\"><font><strong><font>Chronique <\/font><\/p>\n<h2 style=\"color: red;\"><font size=\"3\">L&rsquo;\u00eatre et le para\u00eetre<\/font><\/h2>\n<p><\/strong><\/font><\/div>\n<div align=\"justify\"> \u00a0C&rsquo;est chez nous, en Tunisie, le pays arabe et africain le plus ouvert sur les autres cultures que se ressentent le plus ce qu&rsquo;on appelle commun\u00e9ment les signes vestimentaires ostensibles.  Et en cette p\u00e9riode estivale o\u00f9 nos rivages, nos sites et nos rues se transforment en ruches d&rsquo;abeilles, nous avons l&rsquo;impression qu&rsquo;un m\u00e9lange des genres s&rsquo;institutionnalise. Sur nos plages, il y a le maillot de bain traditionnel, et, sur des lopins isol\u00e9s, des deux-pi\u00e8ces m\u00eame. Mais, \u00e0 quelques lieues ou plut\u00f4t dans des lieux de pr\u00e9dilection, c&rsquo;est la concentration de ces \u00ab burquini \u00bb, telle que d\u00e9crite dans notre reportage. Mod\u00e8le vestimentaire import\u00e9, qui n&rsquo;a rien \u00e0 voir avec le conservatisme de nos grand&rsquo;m\u00e8res, qui n&rsquo;a rien \u00e0 envier \u00e0 la Burqua afghane, mais qui, (para\u00eet-il, para\u00eet-il), cache herm\u00e9tiquement le maillot de bain traditionnel. Normal qu&rsquo;il y ait une certaine tol\u00e9rance estivale face \u00e0 des \u00ab uniformes \u00bb de scaphandrier d&rsquo;une autre plan\u00e8te v\u00e9hiculant \u00e0 la fois un message et une frustration. Message d&rsquo;abord \u00e9minemment religieux, bas\u00e9 sur des lectures ex\u00e9g\u00e9tiques de la Charia\u00e2 mais sur lesquelles les oul\u00e9mas ont toujours balbuti\u00e9 avant que les pr\u00e9dicateurs de l&rsquo;apocalypse ne viennent r\u00e9duire la femme \u00e0 l&rsquo;\u00e9tat d&rsquo;objet des d\u00e9sirs et du p\u00e9ch\u00e9. Frustration, ensuite, car elles doivent porter ces tenues d&rsquo;une pudeur r\u00e9demptrice. D\u00e8s lors, ces \u00ab p\u00eacheresses \u00bb sont culpabilis\u00e9es d\u00e8s leur enfance, \u00e9bahies par l&rsquo;\u00e9loquence de ces barbus, leur d\u00e9crivant de mani\u00e8re romanc\u00e9e la pudeur des \u00e9pouses du Proph\u00e8te, sinon, leur expliquant que la \u00ab Tawba \u00bb (le retour au droit chemin), efface tous les p\u00e9ch\u00e9s. Et c&rsquo;est ainsi que s&rsquo;incruste dans l&rsquo;imaginaire des femmes musulmanes le syndrome \u00ab Raba\u00e2 Al Adaouia \u00bb. Voyons, n\u00e9anmoins, la chose sous un autre angle. Inutile de se voiler la face : le tourisme tunisien bat de l&rsquo;aile. Hier, nous faisions m\u00eame \u00e9tat de la grande perc\u00e9e marocaine et n&rsquo;e\u00fbt \u00e9t\u00e9 cette arriv\u00e9e en masse de nos amis (et amies) alg\u00e9riens, les chiffres auraient vir\u00e9 au rouge. Et d&rsquo;ailleurs, il ne serait pas sage d&rsquo;institutionnaliser et de comptabiliser \u00e0 l&rsquo;infini l&rsquo;apport des Alg\u00e9riens parce qu&rsquo;il ne repr\u00e9sente pas un indicateur exclusivement touristique  \u00a0Il n&#8217;emp\u00eache : ce sont ces signes vestimentaires qui \u00e9voluent d&rsquo;une saison \u00e0 l&rsquo;autre, qui donnent pr\u00e9texte aux h\u00f4teliers de renforcer les m\u00e9canismes du \u00ab All inclusive \u00bb, v\u00e9ritable bradage du tourisme tunisien, de son produit et qui banalisent des services affligeants de pr\u00e9carit\u00e9, \u00e0 l&rsquo;intention de leur client\u00e8le. Le touriste occidental vit, en effet, emmur\u00e9. A la limite pour une moyenne de 250 euros la semaine, il ne peut pas esp\u00e9rer plus. Mais il ne d\u00e9pense rien en dehors. En revanche, les touristes alg\u00e9riens font bouger le commerce, le font \u00ab flipper \u00bb m\u00eame tandis que les Libyens continuent d&rsquo;affluer dans nos cliniques. D&rsquo;accord. Soit. N&rsquo;y a-t-il pas n\u00e9anmoins \u00e0 pr\u00e9voir &#8211; nous disons \u00e0 pr\u00e9voir et non \u00e0 craindre &#8211; un revers de la m\u00e9daille. Cette profusion de signes vestimentaires sur nos plages et dans les art\u00e8res de nos villes ne m\u00e9rite-t-elle pas davantage d&rsquo;attention ? Et sans passer d&rsquo;un extr\u00eame \u00e0 l&rsquo;autre, v\u00e9hiculons subtilement des messages confortant la Tunisie dans sa dimension multiculturelle, exhumant son pass\u00e9 communautaire mais rappelant surtout que le culte est intuitu-personae, qu&rsquo;il est une question individuelle et que la religion est une fa\u00e7on d&rsquo;\u00eatre et non pas une fa\u00e7on de para\u00eetre. <strong><font>Raouf KHALSI (Source : \u00ab Le Temps \u00bb (Quotidien \u2013 Tunis), le 14 ao\u00fbt 2008)<\/font><\/strong><\/div>\n<div align=\"justify\">\n<hr\/>\n<\/div>\n<div align=\"justify\"><font><strong><font>Autoroute Sfax-Gab\u00e8s <\/font><\/strong>Les travaux de construction de l&rsquo;autoroute Sfax-Gab\u00e8s d\u00e9marreront dans les prochains mois. Il s&rsquo;agit de l&rsquo;extension de l&rsquo;autoroute A1 de Bizerte vers Gab\u00e8s, puis vers Ras Jedir aux fronti\u00e8res tuniso-lybiennes. La partie des \u00e9tudes a \u00e9t\u00e9 boucl\u00e9e depuis plusieurs mois et les expropriations sont finalis\u00e9es, il ne reste que le lancement de l&rsquo;appel d&rsquo;offres pour sa r\u00e9alisation en 4 tranches. Cela se fera d\u00e9but 2009, pour un d\u00e9marrage des travaux en septembre 2009 et une recette juin 2011. Cette extension co\u00fbtera un budget d\u00e9passant les 400 millions de DT et permettra de rallier Tunis \u00e0 Gab\u00e8s en 3h30 au lieu des 6 heures actuelles. En fait, ce projet permettra de dynamiser les \u00e9changes entre le nord et le sud de la Tunisie ainsi qu&rsquo;entre la Libye et la Tunisie. Il y aura aussi une r\u00e9duction des accidents de la route, surtout sur le tron\u00e7on dangereux de Sfax-La Skhira. <font><strong>(Source : \u00ab Le Temps \u00bb (Quotidien \u2013 Tunis), le 14 ao\u00fbt 2008)<\/strong><\/font><\/font><\/div>\n<div align=\"justify\"><strong><\/p>\n<hr\/>\n<p><\/strong><\/div>\n<div align=\"justify\">\u00a0<\/div>\n<div align=\"justify\"><font><strong><\/p>\n<h2 style=\"color: red;\"><font>Il y a 50 ans dans le journal \u00a0\u00bb Le monde \u00a0\u00bb Le bilinguisme en Tunisie<\/font><\/h2>\n<p><\/strong>\u00a0\u00a0\u00bb La langue fran\u00e7aise n&rsquo;est pas en Tunisie une \u00ab\u00a0langue \u00e9trang\u00e8re\u00a0\u00bb au sens ordinaire du mot. Ancien protectorat, la Tunisie a \u00e9t\u00e9 profond\u00e9ment francis\u00e9e. La population musulmane des villes principales est en majorit\u00e9 bilingue, ainsi qu&rsquo;une part non n\u00e9gligeable de la population de la province. Les isra\u00e9lites, dans une tr\u00e8s large proportion, ont adopt\u00e9 la langue fran\u00e7aise. Les colonies italienne et maltaise sont \u00e9galement devenues francophones, surtout les jeunes g\u00e9n\u00e9rations qui ont \u00e9t\u00e9 \u00e9duqu\u00e9es dans nos \u00e9tablissements.  \u00a0\u00bb Les d\u00e9cisions prises dans le domaine de l&rsquo;\u00e9ducation montrent que la situation de la langue fran\u00e7aise restera pour longtemps pr\u00e9pond\u00e9rante. L&rsquo;actuel Secr\u00e9taire d&rsquo;Etat \u00e0 l&rsquo;Education nationale, M. Mahmoud Messa\u00e2di, a en effet entrepris de r\u00e9aliser pour la rentr\u00e9e d&rsquo;octobre une importante r\u00e9forme de l&rsquo;enseignement, qui donnera au syst\u00e8me tunisien un visage nouveau en accentuant son caract\u00e8re national. La partie de cette r\u00e9forme concernant le primaire vient d&rsquo;\u00eatre promulgu\u00e9e. Le cycle en est r\u00e9duit de sept \u00e0 six ans. Pendant les deux premi\u00e8res ann\u00e9es, seul l&rsquo;arabe est employ\u00e9. Mais, \u00e0 partir de la troisi\u00e8me ann\u00e9e, le fran\u00e7ais est introduit : l&rsquo;horaire hebdomadaire est de vingt-cinq heures, dont quinze en fran\u00e7ais et dix en arabe. Ainsi, tous les jeunes Tunisiens qui auront parcouru le cycle complet auront pendant quatre ans consacr\u00e9 plus de temps \u00e0 l&rsquo;\u00e9tude du fran\u00e7ais qu&rsquo;\u00e0 celle de l&rsquo;arabe. Cela doit avoir pour cons\u00e9quence que toute la population tunisienne normalement scolaris\u00e9e sera bilingue. \u00a0\u00bb B.G.A (9 ao\u00fbt 1958).  NDLR : Le r\u00e9sultat de cette r\u00e9forme de 1958 s&rsquo;est fait ressentir chez les promotions des ann\u00e9es soixante et soixante-dix. Les Tunisiens \u00e9taient de v\u00e9ritables bilingues. Ils maniaient la langue arabe et fran\u00e7aise avec la m\u00eame aisance. Mais, ce bilinguisme a recul\u00e9 durant les derni\u00e8res ann\u00e9es et les adeptes de la Francophonie sont appel\u00e9s \u00e0 faire des efforts pour renforcer le standing de la langue fran\u00e7aise dans l&rsquo;enseignement tunisien. <font><strong>(Source : \u00ab Le Temps \u00bb (Quotidien \u2013 Tunis), le 14 ao\u00fbt 2008) <\/p>\n<hr\/>\n<p><\/strong><\/font><\/font><\/div>\n<div align=\"justify\"><font><strong><\/p>\n<h2 style=\"color: red;\"><font>Vers une 2\u00e8me banque islamique en Tunisie<\/font><\/h2>\n<p><\/strong>\u00a0\u00a0\u00a0\u00a0\u00a0\u00a0\u00a0\u00a0\u00a0\u00a0  Une demande d\u2019agr\u00e9ment pour la cr\u00e9ation d\u2019une nouvelle banque islamique \u00ab Ezzaitouna \u00bb a \u00e9t\u00e9 d\u00e9pos\u00e9e r\u00e9cemment aupr\u00e8s de la Banque Centrale de Tunisie. Le d\u00e9positaire de la demande n\u2019est autre que M. Mohamed Sakhr Al Materi, homme d\u2019affaires, pr\u00e9sident du groupe Princess Al Matri et fondateur de la radio \u00ab Ezzaitouna \u00bb.  Selon notre source, le d\u00e9lai de traitement du dossier et sa validation par la BCT serait au maximum quatre mois. Ce qui rapporterait le nombre des banques islamiques pr\u00e9sentes en Tunisie \u00e0 deux; la premi\u00e8re \u00e9tant la Best Bank ou Beit Attamwil Assaoudi, cr\u00e9\u00e9e en 1983 avec des capitaux tunisiens et saoudiens.   Ajoutons \u00e0 cela, l\u2019installation r\u00e9cente d\u2019un bureau de repr\u00e9sentation de la banque \u00e9mirati \u00ab Noor Islamic Bank \u00bb, pr\u00e9sid\u00e9 par M. Sadok Attia, ancien banquier tunisien.  \u00a0 <strong><font>M.O.<\/font><\/strong> <\/p>\n<div>\u00a0<\/div>\n<div><font face=\"Arial\" size=\"2\"><strong>(Source: webmanagercenter.com\u00a0\u00a0&#8211;\u00a0\u00a0le 14\/08\/2008 13:30 ) <\/p>\n<hr\/>\n<p><\/strong><\/font><\/div>\n<p><\/font><\/div>\n<p><font><\/p>\n<div align=\"justify\"><strong><\/p>\n<h2 style=\"color: red;\"><font>IDE : Airbus \u00e9tudie l\u2019opportunit\u00e9 d\u2019un investissement en Tunisie<\/font><\/h2>\n<p><\/strong>  \u00a0\u00a0\u00a0\u00a0\u00a0\u00a0\u00a0\u00a0\u00a0\u00a0  Le dossier du projet d\u2019usine de composants a\u00e9ronautiques continue de bouger. En effet, nous apprenons qu\u2019une semaine \u00e0 peine apr\u00e8s la d\u00e9claration faite \u00e0 ce sujet par M. Abderrahim Zouari, ministre du Transport, le 8 juillet 2008, \u00e0 la Chambre des D\u00e9put\u00e9s, une d\u00e9l\u00e9gation d\u2019Airbus a s\u00e9journ\u00e9 en Tunisie, o\u00f9 elle a eu des discussions pr\u00e9liminaires sur le sujet. D\u2019apr\u00e8s nos sources, Airbus a manifest\u00e9 \u00e0 cette occasion de l\u2019int\u00e9r\u00eat pour l\u2019implantation en Tunisie d\u2019une usine qui fabriquerait certains composants de l\u2019Airbus. Toutefois, les repr\u00e9sentants de la soci\u00e9t\u00e9 europ\u00e9enne ont indiqu\u00e9 que le projet ne verrait le jour que si l\u2019\u00e9tude d\u2019opportunit\u00e9 qu\u2019elle va lancer en d\u00e9montrait l\u2019int\u00e9r\u00eat.  Le 8 juillet, le ministre du Transport avait r\u00e9v\u00e9l\u00e9 que des pourparlers \u00e9taient en cours avec trois soci\u00e9t\u00e9s en vue de choisir l\u2019investisseur qui serait appel\u00e9 \u00e0 r\u00e9aliser le projet officiellement annonc\u00e9 par le pr\u00e9sident Sarkozy lors de sa visite fin avril en Tunisie, et initialement port\u00e9 par Lat\u00e9co\u00e8re. \u00a0 <strong><font>M.M.<\/font><\/strong><\/div>\n<div align=\"justify\">\u00a0<\/div>\n<div align=\"justify\">\n<div><font face=\"Arial\" size=\"2\"><strong>(Source: webmanagercenter.com\u00a0\u00a0&#8211;\u00a0\u00a0le 14\/08\/2008 05:30 )<\/strong><\/font><\/div>\n<div><strong><\/p>\n<hr\/>\n<p><\/strong><\/div>\n<div><font><\/p>\n<div align=\"center\"><font face=\"Arial\" size=\"2\"><strong><font>ANGOUL\u00caME. &#8211;Environ 70 personnes ont d\u00e9fil\u00e9, hier, en souvenir du jeune d\u00e9c\u00e9d\u00e9 pendant un transfert entre l&rsquo;h\u00f4pital et la prison<\/font><\/strong> <strong><\/p>\n<h2 style=\"color: red;\"><font size=\"3\">Une marche silencieuse en m\u00e9moire de Sami Jelassi :<\/font><\/h2>\n<p><\/strong><\/font><\/div>\n<div><font face=\"Arial\" size=\"2\">S. D.  Un bouquet de fleurs entre les mains, la belle-s\u0153ur de Sami Jelassi, Marion, marche en t\u00eate de cort\u00e8ge avec les fr\u00e8res du d\u00e9funt, dont les obs\u00e8ques ont eu lieu la semaine derni\u00e8re, en Tunisie, d&rsquo;o\u00f9 il \u00e9tait originaire. Apr\u00e8s le d\u00e9c\u00e8s de ce jeune de 27 ans lors d&rsquo;un transfert en ambulance priv\u00e9e de l&rsquo;h\u00f4pital de Girac \u00e0 la prison d&rsquo;Angoul\u00eame fin juillet, la famille veut la v\u00e9rit\u00e9 sur les circonstances de cette mort et reste mobilis\u00e9e. Hier, elle avait donc appel\u00e9 \u00e0 une marche silencieuse en centre-ville d&rsquo;Angoul\u00eame, avec un d\u00e9p\u00f4t de gerbe \u00e0 l&rsquo;endroit o\u00f9 Sami Jelassi s&rsquo;est \u00e9cras\u00e9 sur la chauss\u00e9e, \u00e0 quelques m\u00e8tres de la maison d&rsquo;arr\u00eat.  \u00ab On a vu le procureur de la R\u00e9publique le 4 ao\u00fbt dernier. Depuis, nous n&rsquo;avons plus de nouvelles \u00bb, constate Attaf, le fr\u00e8re de la victime. \u00ab On a organis\u00e9 une marche pour que l&rsquo;on ne nous oublie pas. Nous voulons la justice, mais ce sera sans doute difficile. L&rsquo;ambulance n&rsquo;a m\u00eame pas \u00e9t\u00e9 mise sous scell\u00e9e. Sami \u00e9tait bien en prison. Il avait tout ce qu&rsquo;il lui fallait. Il purgeait sa peine et je ne vois pas pourquoi il aurait cherch\u00e9 \u00e0 fuir\u2026 \u00bb  Une bagarre \u00e0 la prison. Sami Jelassi \u00e9tait en d\u00e9tention provisoire depuis le 1er mai dernier. C&rsquo;est suite \u00e0 une bagarre \u00e0 la prison avec d&rsquo;autres d\u00e9tenus qu&rsquo;il avait \u00e9t\u00e9 envoy\u00e9 \u00e0 l&rsquo;h\u00f4pital de Girac. Sur le chemin du retour \u00e0 la maison d&rsquo;arr\u00eat, il \u00e9tait donc tomb\u00e9 de l&rsquo;ambulance. Malgr\u00e9 son transfert au CHU de Poitiers, suite \u00e0 un grave traumatisme cr\u00e2nien, il n&rsquo;a pas surv\u00e9cu \u00e0 sa chute. Selon la version des deux gardiens de prison qui l&rsquo;escortaient, il aurait tent\u00e9 de fuir. \u00ab Comment aurait-il pu ouvrir les portes alors qu&rsquo;il \u00e9tait menott\u00e9 aux pieds, aux mains, et qu&rsquo;il \u00e9tait affaibli ? \u00bb, demande Attaf Jelassi. Pour l&rsquo;instant, et alors que l&rsquo;avocat de la famille, Me B\u00e9thune de Moro, est en cong\u00e9s, il n&rsquo;a pas eu de \u00ab r\u00e9ponses satisfaisantes. \u00bb \u00ab Ma m\u00e8re est rest\u00e9e en Tunisie. Cette histoire l&rsquo;a rendue malade, poursuit-il. Les obs\u00e8ques de Sami ont \u00e9t\u00e9 tr\u00e8s \u00e9mouvantes. Des avocats tunisiens, qui ont fait partie du barreau de Paris, sont m\u00eame venus me voir pour nous aider. On ne va pas laisser les choses en l&rsquo;\u00e9tat. \u00bb Hier, ils \u00e9taient donc environ 70 \u00e0 d\u00e9filer derri\u00e8re des banderoles. \u00ab Notre action n&rsquo;a rien de communautariste ou de religieux, pr\u00e9vient Marion. On ne veut pas qu&rsquo;une telle chose se reproduise. Depuis, un verrou de s\u00e9curit\u00e9 est mis dans les ambulances\u2026 \u00bb <\/font><\/div>\n<div>\u00a0<\/div>\n<div><font face=\"Arial\" size=\"2\">(Source: le site <\/font><a href=\"http:\/\/www.sudouest.com\/\" target=\"_blank\" rel=\"noopener\"><font face=\"Arial\" size=\"2\">www.sudouest.com<\/font><\/a><font face=\"Arial\" size=\"2\">\u00a0le 14 aout 2008)<\/font><\/div>\n<div><font face=\"Arial\" size=\"2\">Lien: <\/font><a href=\"http:\/\/www.sudouest.com\/140808\/reg_charente.asp?Article=140808aP2941602.xml\" target=\"_blank\" rel=\"noopener\"><font face=\"Arial\" size=\"2\">http:\/\/www.sudouest.com\/140808\/reg_charente.asp?Article=140808aP2941602.xml<\/font><\/a><\/div>\n<p><\/font><\/div>\n<\/div>\n<div align=\"justify\">\n<div align=\"justify\">\n<hr\/>\n<\/div>\n<div align=\"center\"><strong><\/p>\n<h2 style=\"color: red;\"><font size=\"3\">Droits de l&rsquo;Homme au Maroc: mises en garde contre \u00ab\u00a0un retour en arri\u00e8re\u00a0\u00bb<\/font><\/h2>\n<p><\/strong> \u00a0<\/div>\n<div align=\"center\">\u00a0<\/div>\n<div align=\"justify\">AFP, le 14 ao\u00fbt 2008 \u00e0 12h31  Par St\u00e9phane BARBIER \u00a0\u00a0\u00a0  RABAT, 14 ao\u00fbt 2008 (AFP) &#8211; Fait rare en Afrique, les d\u00e9fenseurs des droits de l&rsquo;Homme sont puissants, actifs et reconnus au Maroc, qui, apr\u00e8s des \u00ab\u00a0ann\u00e9es de plomb\u00a0\u00bb sous le r\u00e8gne de Hassan II, a enregistr\u00e9 de tr\u00e8s nets progr\u00e8s n&rsquo;excluant pas les mises en garde \u00ab\u00a0contre un retour en arri\u00e8re\u00a0\u00bb. Le royaume ne compte pas moins de quatre organisations de d\u00e9fense des droits de l&rsquo;Homme ind\u00e9pendantes et actives, un Conseil consultatif des droits de l&rsquo;Homme (CCDH, public), plus un vaste tissu associatif qui se bat pour les droits des femmes, le droit \u00e0 l&rsquo;\u00e9ducation, au travail, \u00e0 la sant\u00e9. \u00ab\u00a0C&rsquo;est vrai qu&rsquo;au Maroc, le d\u00e9bat sur les droits de l&rsquo;Homme est plus vif et plus ancien qu&rsquo;ailleurs\u00a0\u00bb, explique \u00e0 l&rsquo;AFP Ahmed Herzenni, pr\u00e9sident du CCDH, qui a lui-m\u00eame pass\u00e9 douze ans de sa vie en prison, de 1972 \u00e0 1984, pour appartenance \u00e0 un parti d&rsquo;extr\u00eame gauche. \u00ab\u00a0Cela tient au fait que le Maroc se distingue d&rsquo;autres pays du m\u00eame type, car il a toujours connu une vie politique plus intense\u00a0\u00bb, ajoute-t-il. Le mouvement marocain des droits de l&rsquo;Homme est issu des partis de gauche et d&rsquo;extr\u00eame gauche victimes dans les ann\u00e9es 1970 et 80 d&rsquo;une r\u00e9pression acharn\u00e9e des forces de s\u00e9curit\u00e9 du roi Hassan II, qui, apr\u00e8s ces \u00ab\u00a0ann\u00e9es de plomb\u00a0\u00bb, a lui-m\u00eame d\u00e9cid\u00e9 de cr\u00e9er le CCDH pour redorer le blason de son r\u00e9gime. Ayant pour objectif d&rsquo;inculquer une culture des droits de l&rsquo;Homme dans l&rsquo;ensemble de la soci\u00e9t\u00e9 marocaine, le CCDH a \u00e9galement \u00e9t\u00e9 charg\u00e9 de veiller \u00e0 l&rsquo;application des recommandations de l&rsquo;Instance \u00e9quit\u00e9 et r\u00e9conciliation (IER), une \u00ab\u00a0commission v\u00e9rit\u00e9\u00a0\u00bb mise en place par le roi Mohammed VI en 2003 pour faire la lumi\u00e8re sur les atteintes graves aux droits de l&rsquo;Homme des ann\u00e9es 1960-1999. Si quelque 12.000 personnes victimes de la r\u00e9pression ont \u00e9t\u00e9 indemnis\u00e9es par l&rsquo;Etat marocain, ses d\u00e9tracteurs reprochent \u00e0 l&rsquo;IER de ne pas avoir d\u00e9sign\u00e9 les responsables de cette r\u00e9pression qui n&rsquo;ont jamais \u00e9t\u00e9 poursuivis. \u00ab\u00a0Il valait mieux obtenir un changement de style de gouvernement que de poursuivre des individus\u00a0\u00bb, affirme M. Herzenni. C&rsquo;est selon lui chose faite: \u00ab\u00a0Le Maroc a \u00e9volu\u00e9 de mani\u00e8re consid\u00e9rable, Il faut rester vigilants, mais pour l&rsquo;essentiel on ne peut plus craindre de violations syst\u00e9matiques et massives des droits de l&rsquo;Homme\u00a0\u00bb. Khadija Ryadi, pr\u00e9sidente de la plus ancienne des organisations, l&rsquo;Association marocaine des droits humains (AMDH), cr\u00e9\u00e9e en 1979, veut bien admettre qu&rsquo;il y a eu \u00ab\u00a0des avanc\u00e9es dans le respect des droits de l&rsquo;Homme\u00a0\u00bb. Mais, ajoute-t-elle aussit\u00f4t: \u00ab\u00a0Un retour en arri\u00e8re est possible, car il n&rsquo;y a pas de garantie constitutionnelle\u00a0\u00bb. Elle juge \u00ab\u00a0imp\u00e9rative\u00a0\u00bb une r\u00e9forme de la Constitution garantissant la s\u00e9paration des pouvoirs, le roi concentrant \u00ab\u00a0toutes les pr\u00e9rogatives entres ses mains\u00a0\u00bb. \u00ab\u00a0Il n&rsquo;y a pas d&rsquo;Etat de droit au Maroc\u00a0\u00bb, affirme Khadija Ryadi. Elle en veut pour preuve \u00ab\u00a0la lutte contre le terrorisme\u00a0\u00bb islamique, qui donne lieu \u00e0 \u00ab\u00a0un retour de violations graves des droits de l&rsquo;Homme, au recours tr\u00e8s net \u00e0 la torture, aux s\u00e9questrations\u00a0\u00bb. \u00ab\u00a0Il y une impunit\u00e9 totale\u00a0\u00bb, affirme Mme Ryadi, \u00ab\u00a0car les responsables de la r\u00e9pression des ann\u00e9es 70 sont toujours l\u00e0\u00a0\u00bb. Pour elle \u00ab\u00a0le barom\u00e8tre\u00a0\u00bb, c&rsquo;est \u00ab\u00a0l&rsquo;affaire Ben Barka\u00a0\u00bb, du nom de l&rsquo;opposant marocain Medhi Ben Barka, enlev\u00e9 en plein coeur de Paris en 1965 et dont on n&rsquo;a jamais retrouv\u00e9 le corps. Cinq mandats d&rsquo;arr\u00eats internationaux visant des Marocains ont \u00e9t\u00e9 d\u00e9livr\u00e9s en 2007 par un juge fran\u00e7ais, mais affirme Khadija Ryadi, \u00ab\u00a0l&rsquo;Etat marocain, impliqu\u00e9 \u00e0 fond, bloque, car il n&rsquo;y a pas de volont\u00e9 politique d&rsquo;avancer\u00a0\u00bb.  AFP<\/div>\n<\/div>\n<p><\/font><\/p>\n<div align=\"justify\"><font>\u00a0<\/font><\/div>\n<div align=\"justify\">\n<hr\/>\n<\/div>\n<div align=\"center\">\n<h2 style=\"color: red;\"><font size=\"3\"><strong>Sleimane \u00e0 Damas: un nouveau chapitre dans les relations syro-libanaises<\/strong><\/font><\/h2>\n<p>  \u00a0<\/p><\/div>\n<div align=\"justify\">14\/08\/2008 18:45   DAMAS (AFP) &#8211; La visite mercredi et jeudi \u00e0 Damas du pr\u00e9sident libanais Michel Sleimane a permis d&rsquo;ouvrir un nouveau chapitre dans les relations syro-libanaises avec la d\u00e9cision d&rsquo;\u00e9tablir, pour la premi\u00e8re fois, des relations diplomatiques entre les deux pays. Cette annonce, faite mercredi \u00e0 l&rsquo;issue d&rsquo;entretiens entre M. Sleimane et son homologue syrien Bachar al-Assad, a \u00e9t\u00e9 salu\u00e9e comme un \u00ab\u00a0signe encourageant\u00a0\u00bb par Paris, o\u00f9 les deux hommes avaient annonc\u00e9, en juillet, leur volont\u00e9 de nouer des liens diplomatiques, inexistants depuis la proclamation de leurs ind\u00e9pendances il y a plus de soixante ans, \u00e0 la fin du mandat fran\u00e7ais. Plus prudents, les Etats-Unis ont estim\u00e9 qu&rsquo;il s&rsquo;agirait d&rsquo;un \u00ab\u00a0vrai pas en avant\u00a0\u00bb si Damas respectait r\u00e9ellement la souverainet\u00e9 du Liban. La Syrie, qui a d\u00fb retirer ses troupes du Liban en 2005 apr\u00e8s y avoir exerc\u00e9 une tutelle pendant 30 ans, est r\u00e9guli\u00e8rement accus\u00e9e par des pays occidentaux, en premier lieu les Etats-Unis, de continuer \u00e0 s&rsquo;ing\u00e9rer dans les affaires de son voisin. Outre l&rsquo;\u00e9change d&rsquo;ambassadeurs, dont la date exacte n&rsquo;a pas \u00e9t\u00e9 donn\u00e9e, les deux pays ont annonc\u00e9 jeudi dans un communiqu\u00e9 conjoint la r\u00e9activation de comit\u00e9s mixtes sur deux questions \u00e9pineuses: la d\u00e9marcation des fronti\u00e8res et la questions des disparus. Les fronti\u00e8res entre les deux pays sont mal d\u00e9limit\u00e9es en plusieurs endroits, notamment dans les \u00ab\u00a0Fermes de Chebaa\u00a0\u00bb, un secteur controvers\u00e9 aux confins du Liban, de la Syrie et d&rsquo;Isra\u00ebl. Isra\u00ebl estime que ce secteur strat\u00e9gique fait partie du Golan syrien conquis en 1967 et annex\u00e9 en 1981, alors que le Liban en revendique la souverainet\u00e9 avec l&rsquo;accord de la Syrie. Interrog\u00e9 sur ce point jeudi lors d&rsquo;une conf\u00e9rence de presse commune avec son homologue libanais Faouzi Salloukh, le ministre syrien des Affaires \u00e9trang\u00e8res Walid Mouallem a indiqu\u00e9 qu&rsquo;il n&rsquo;\u00e9tait \u00ab\u00a0pas possible de d\u00e9limiter la fronti\u00e8re dans (le secteur des) fermes de Chebaa tant qu&rsquo;Isra\u00ebl les occupe\u00a0\u00bb. Les territoires libanais et syriens sont \u00e9galement enchev\u00eatr\u00e9s dans les r\u00e9gions de la Bekaa (est) et du nord du Liban, depuis la cr\u00e9ation du Grand Liban en 1920 par la France, alors puissance mandataire. Le communiqu\u00e9 stipule en outre la relance d&rsquo;un comit\u00e9 conjoint destin\u00e9 \u00e0 clarifier le sort des disparus dans les deux pays. Des familles de Libanais disparus ou d\u00e9tenus en Syrie r\u00e9clament que leurs proches soient lib\u00e9r\u00e9s ou que leur sort soit rendu public. Ces personnes, qui seraient 650 selon des ONG libanaises, avaient \u00e9t\u00e9 arr\u00eat\u00e9es durant la guerre civile au Liban (1975-1990). Damas, qui nie leur pr\u00e9sence en Syrie, avait cependant lib\u00e9r\u00e9 derni\u00e8rement une personne figurant sur ces listes de disparus. Autre point d&rsquo;entente: Damas et Beyrouth ont proclam\u00e9 leur \u00ab\u00a0d\u00e9termination \u00e0 lutter contre la contrebande et toutes les op\u00e9rations ill\u00e9gales \u00e0 leurs fronti\u00e8res\u00a0\u00bb, sans faire toutefois mention d&rsquo;\u00e9ventuels trafics d&rsquo;armes. Isra\u00ebl accuse la Syrie de faire passer au Liban des armes \u00e0 destination du mouvement chiite Hezbollah, soutenu par Damas. Michel Sleimane, ancien chef de l&rsquo;arm\u00e9e, \u00e9tait le premier chef d&rsquo;Etat libanais \u00e0 se rendre en Syrie depuis le retrait des troupes syriennes du Liban en 2005, peu apr\u00e8s l&rsquo;assassinat de l&rsquo;ancien Premier ministre libanais Rafic Hariri, pour lequel Damas avait \u00e9t\u00e9 point\u00e9 du doigt. M. Sleimane a \u00e9t\u00e9 \u00e9lu le 25 mai apr\u00e8s un accord conclu \u00e0 Doha le 21 mai entre la majorit\u00e9 parlementaire, soutenue par l&rsquo;Occident et l&rsquo;Arabie saoudite, et l&rsquo;opposition, conduite par le Hezbollah. L&rsquo;accord de Doha a mis fin \u00e0 une crise politique qui avait paralys\u00e9 les institutions pendant 18 mois et d\u00e9g\u00e9n\u00e9r\u00e9 en affrontements meurtriers qui ont fait craindre un retour \u00e0 la guerre civile. La situation reste cependant instable sur le plan de la s\u00e9curit\u00e9. Mercredi matin, un attentat a frapp\u00e9 Tripoli (nord) faisant au moins 14 morts dont neuf soldats et un enfant, d\u00e9nonc\u00e9 par la Syrie comme un \u00ab\u00a0acte criminel\u00a0\u00bb.<\/div>\n<div align=\"justify\">\n<hr\/>\n<\/div>\n<div align=\"center\"><strong><\/p>\n<h3 style=\"color: blue;\"><font size=\"3\">Olmert \u00e9carte tout retour en Isra\u00ebl de r\u00e9fugi\u00e9s palestiniens<\/font><\/h3>\n<p><\/strong><\/div>\n<div align=\"justify\"> Par Adam Entous et Avida Landau Reuters &#8211; Jeudi 14 ao\u00fbt, 15h59  JERUSALEM, 14 ao\u00fbt (Reuters) &#8211; Le Premier ministre Ehud Olmert a indiqu\u00e9 au pr\u00e9sident palestinien Mahmoud Abbas qu&rsquo;Isra\u00ebl n&rsquo;autoriserait pas le retour de r\u00e9fugi\u00e9s palestiniens dans le cadre d&rsquo;un futur accord sur la cr\u00e9ation d&rsquo;un Etat, annoncent les services d&rsquo;Olmert.  Ce communiqu\u00e9 officiel a \u00e9t\u00e9 diffus\u00e9 en r\u00e9ponse \u00e0 des articles selon lesquels Olmert \u00e9tait pr\u00eat \u00e0 faire entrer en Isra\u00ebl 2.000 r\u00e9fugi\u00e9s par an, pendant dix ans, dans le cadre d&rsquo;un accord \u00e9tablissant un Etat palestinien dans la majeure partie de la Cisjordanie et l&rsquo;ensemble de la bande de Gaza. \u00ab\u00a0Le Premier ministre n&rsquo;a jamais offert d&rsquo;absorber 20.000 r\u00e9fugi\u00e9s en Isra\u00ebl. Le Premier ministre r\u00e9p\u00e8te \u00e0 nouveau qu&rsquo;en vertu de tout accord futur, il ne saurait y avoir de retour de r\u00e9fugi\u00e9s palestiniens en Isra\u00ebl, quel qu&rsquo;en soit le nombre\u00a0\u00bb, a fait savoir le bureau d&rsquo;Olmert. Le chiffre de 20.000 avait \u00e9t\u00e9 avanc\u00e9 par le quotidien isra\u00e9lien Haaretz dans son \u00e9dition de jeudi, et confirm\u00e9 par des responsables isra\u00e9liens proches du dossier, avant le d\u00e9menti oppos\u00e9 par Olmert. Un proche collaborateur de Mahmoud Abbas, Nabil Abou Rdainah, a qualifi\u00e9 d'\u00a0\u00bbinacceptable\u00a0\u00bb la position d&rsquo;Olmert sur la question, ultra-sensible chez les Palestiniens, des r\u00e9fugi\u00e9s. \u00ab\u00a0Les fuites sur cette question et d&rsquo;autres aspects des pourparlers de paix, comme une proposition isra\u00e9lienne visant \u00e0 reporter les discussions sur J\u00e9rusalem, visaient \u00e0 persuader la communaut\u00e9 internationale qu&rsquo;il faudrait imputer aux Palestiniens tout \u00e9ventuel \u00e9chec des n\u00e9gociations\u00a0\u00bb, a-t-il dit \u00e0 Reuters. 700.000 PERSONNES Pour ce proche du pr\u00e9sident de l&rsquo;Autorit\u00e9 palestinienne, tout r\u00e9glement final doit comprendre un Etat palestinien sur la totalit\u00e9 de la bande de Gaza et de la Cisjordanie, dont J\u00e9rusalem-Est, ainsi qu&rsquo;une solution \u00e9quitable de la question des r\u00e9fugi\u00e9s. Quelque 700.000 personnes, soit la moiti\u00e9 de la population arabe de Palestine en mai 1948, ont fui ou ont \u00e9t\u00e9 expuls\u00e9es lors de la cr\u00e9ation de l&rsquo;Etat d&rsquo;Isra\u00ebl. Le retour de ces r\u00e9fugi\u00e9s et de leurs descendants, aujourd&rsquo;hui au nombre de 4,5 millions, compromettrait l&rsquo;existence d&rsquo;Isra\u00ebl en tant qu&rsquo;Etat juif, affirme le gouvernement. Toutefois, si Olmert rejette depuis longtemps les demandes palestiniennes pour le retour des r\u00e9fugi\u00e9s et de leurs familles, des responsables isra\u00e9liens avaient indiqu\u00e9 que le Premier ministre \u00e9tait pr\u00eat \u00e0 accepter d&rsquo;accueillir un nombre tr\u00e8s limit\u00e9 d&rsquo;entre eux en guise de geste \u00ab\u00a0humanitaire\u00a0\u00bb. Les plus grandes communaut\u00e9s de r\u00e9fugi\u00e9s palestiniens en dehors de la bande de Gaza et de la Cisjordanie se trouvent en Jordanie, en Syrie et au Liban. Les pourparlers de paix entre Olmert et Abbas, relanc\u00e9s en novembre, n&rsquo;ont pas permis de progr\u00e8s notable, en raison du climat de violences et des d\u00e9saccords li\u00e9s \u00e0 la colonisation isra\u00e9lienne. De plus, Olmert a annonc\u00e9 le 30 juillet qu&rsquo;il quitterait son poste en septembre, an\u00e9antissant ainsi de l&rsquo;avis g\u00e9n\u00e9ral toute chance d&rsquo;obtenir un accord sur la cr\u00e9ation d&rsquo;un Etat palestinien avant la fin de l&rsquo;ann\u00e9e.  \u00a0<\/div>\n<div align=\"justify\"> \u00a0<\/div>\n<div align=\"justify\">\n<hr\/>\n<\/div>\n<div align=\"center\"> <strong><\/p>\n<h3 style=\"color: blue;\"><font size=\"3\">R\u00e9seaux sociaux sur internet: Facebook d\u00e9tr\u00f4ne MySpace<\/font><\/h3>\n<p><\/strong><\/div>\n<div align=\"justify\">  AFP &#8211; Jeudi 14 ao\u00fbt, 08h58  SAN FRANCISCO (AFP) &#8211; Facebook est devenu le r\u00e9seau social le plus visit\u00e9 sur internet, d\u00e9tr\u00f4nant son concurrent MySpace, selon des chiffres publi\u00e9s mercredi par le cabinet sp\u00e9cialis\u00e9 comScore.  Un peu plus de 132 millions de personnes ont visit\u00e9 Facebook en juin contre 117,5 millions environ sur MySpace, indique comScore. Les efforts de Facebook pour adapter son site \u00e0 diff\u00e9rentes langues et diff\u00e9rents pays ont contribu\u00e9 \u00e0 le hisser tout en haut du podium. \u00ab\u00a0En am\u00e9liorant l&rsquo;adaptation du site aux march\u00e9s locaux gr\u00e2ce \u00e0 une traduction de l&rsquo;interface, le site r\u00e9siste mieux \u00e0 la concurrence, voire domine plusieurs march\u00e9s o\u00f9 sa pr\u00e9sence \u00e9tait relativement mineure il y a un an\u00a0\u00bb, a expliqu\u00e9 Jack Flanagan, le vice-pr\u00e9sident de comScore dans un communiqu\u00e9. Alors que le r\u00e9seau social compte 49 millions d&rsquo;utilisateurs en Am\u00e9rique du Nord, l&rsquo;Europe rattrape son retard rapidement, souligne comScore. Le nombre de personnes qui ont visit\u00e9 Facebook en juin en Europe \u00e9tait de 35,2 millions, plus du triple par rapport au m\u00eame mois l&rsquo;an dernier. Le nombre d&rsquo;utilisateurs de r\u00e9seaux sociaux a atteint 580,51 millions de personnes au niveau mondial, selon comScore. En un an, leur nombre a augment\u00e9 de 9% en Am\u00e9rique du Nord, mais de 35% en Europe et 66% au Moyen-Orient et en Afrique. Deux fois plus de personnes ont visit\u00e9 Hi5 en juin 2008 qu&rsquo;en juin 2007, tandis qu&rsquo;Orkut, Bebo ou encore Friendster ont enregistr\u00e9 une hausse de plus de 30% du nombre de visites.<\/div>\n<\/div>\n<\/div>\n<p><\/font><\/p>\n<p align=\"center\" dir=\"ltr\">\u00a0<\/p>\n<p align=\"center\" dir=\"ltr\">\n<h3 style=\"color: blue;\"><font face=\"Arial\" size=\"2\"><strong><b><a href=\"https:\/\/tunisnews.net\/ar\/\"><font face=\"Arial\"><span><font size=\"2\">Home<\/font><\/span><font size=\"2\"><span lang=\"FR-CH\"> &#8211; Accueil <\/span><span>&#8211; <\/span><\/font><\/font><span dir=\"rtl\" lang=\"AR-SA\"><font size=\"2\">\u0627\u0644\u0631\u0626\u064a\u0633\u064a\u0629<\/font><\/span><\/a><\/b><\/strong><\/font><\/h3>\n<\/p>\n<p><\/body><\/body><\/html><\/p>","protected":false},"excerpt":{"rendered":"<p>Home &#8211; Accueil TUNISNEWS 8\u00a0\u00e8me ann\u00e9e, N\u00b0\u00a03005 du 14.08.2008 \u00a0archives : www.tunisnews.net\u00a0\u00a0 Tunisia Watch: Rentr\u00e9e politique orchestr\u00e9e de Mme Leila Ben Ali APA: La mauvaise prestation tunisienne aux JO accueillie sans surprise en Tunisie Le Temps: Apr\u00e8s le bikini, le microkini, le monokini et le tankini, voil\u00e0 le burquini ! Le Temps: L&rsquo;\u00eatre et le [&hellip;]<\/p>\n","protected":false},"author":1,"featured_media":22040,"comment_status":"open","ping_status":"open","sticky":false,"template":"","format":"standard","meta":{"inline_featured_image":false,"site-sidebar-layout":"default","site-content-layout":"","ast-site-content-layout":"default","site-content-style":"default","site-sidebar-style":"default","ast-global-header-display":"","ast-banner-title-visibility":"","ast-main-header-display":"","ast-hfb-above-header-display":"","ast-hfb-below-header-display":"","ast-hfb-mobile-header-display":"","site-post-title":"","ast-breadcrumbs-content":"","ast-featured-img":"","footer-sml-layout":"","ast-disable-related-posts":"","theme-transparent-header-meta":"","adv-header-id-meta":"","stick-header-meta":"","header-above-stick-meta":"","header-main-stick-meta":"","header-below-stick-meta":"","astra-migrate-meta-layouts":"default","ast-page-background-enabled":"default","ast-page-background-meta":{"desktop":{"background-color":"","background-image":"","background-repeat":"repeat","background-position":"center center","background-size":"auto","background-attachment":"scroll","background-type":"","background-media":"","overlay-type":"","overlay-color":"","overlay-opacity":"","overlay-gradient":""},"tablet":{"background-color":"","background-image":"","background-repeat":"repeat","background-position":"center center","background-size":"auto","background-attachment":"scroll","background-type":"","background-media":"","overlay-type":"","overlay-color":"","overlay-opacity":"","overlay-gradient":""},"mobile":{"background-color":"","background-image":"","background-repeat":"repeat","background-position":"center center","background-size":"auto","background-attachment":"scroll","background-type":"","background-media":"","overlay-type":"","overlay-color":"","overlay-opacity":"","overlay-gradient":""}},"ast-content-background-meta":{"desktop":{"background-color":"var(--ast-global-color-5)","background-image":"","background-repeat":"repeat","background-position":"center center","background-size":"auto","background-attachment":"scroll","background-type":"","background-media":"","overlay-type":"","overlay-color":"","overlay-opacity":"","overlay-gradient":""},"tablet":{"background-color":"var(--ast-global-color-5)","background-image":"","background-repeat":"repeat","background-position":"center center","background-size":"auto","background-attachment":"scroll","background-type":"","background-media":"","overlay-type":"","overlay-color":"","overlay-opacity":"","overlay-gradient":""},"mobile":{"background-color":"var(--ast-global-color-5)","background-image":"","background-repeat":"repeat","background-position":"center center","background-size":"auto","background-attachment":"scroll","background-type":"","background-media":"","overlay-type":"","overlay-color":"","overlay-opacity":"","overlay-gradient":""}},"footnotes":""},"categories":[],"tags":[60,39,29],"class_list":["post-16187","post","type-post","status-publish","format-standard","has-post-thumbnail","hentry","tag-60","tag-39","tag-fr"],"_links":{"self":[{"href":"https:\/\/tunisnews.net\/ar\/wp-json\/wp\/v2\/posts\/16187","targetHints":{"allow":["GET"]}}],"collection":[{"href":"https:\/\/tunisnews.net\/ar\/wp-json\/wp\/v2\/posts"}],"about":[{"href":"https:\/\/tunisnews.net\/ar\/wp-json\/wp\/v2\/types\/post"}],"author":[{"embeddable":true,"href":"https:\/\/tunisnews.net\/ar\/wp-json\/wp\/v2\/users\/1"}],"replies":[{"embeddable":true,"href":"https:\/\/tunisnews.net\/ar\/wp-json\/wp\/v2\/comments?post=16187"}],"version-history":[{"count":0,"href":"https:\/\/tunisnews.net\/ar\/wp-json\/wp\/v2\/posts\/16187\/revisions"}],"wp:featuredmedia":[{"embeddable":true,"href":"https:\/\/tunisnews.net\/ar\/wp-json\/wp\/v2\/media\/22040"}],"wp:attachment":[{"href":"https:\/\/tunisnews.net\/ar\/wp-json\/wp\/v2\/media?parent=16187"}],"wp:term":[{"taxonomy":"category","embeddable":true,"href":"https:\/\/tunisnews.net\/ar\/wp-json\/wp\/v2\/categories?post=16187"},{"taxonomy":"post_tag","embeddable":true,"href":"https:\/\/tunisnews.net\/ar\/wp-json\/wp\/v2\/tags?post=16187"}],"curies":[{"name":"wp","href":"https:\/\/api.w.org\/{rel}","templated":true}]}}