{"id":16123,"date":"2011-06-14T00:00:00","date_gmt":"2011-06-14T00:00:00","guid":{"rendered":"https:\/\/tunisnews.net\/14-juin-2011\/"},"modified":"2011-06-14T00:00:00","modified_gmt":"2011-06-14T00:00:00","slug":"14-juin-2011","status":"publish","type":"post","link":"https:\/\/tunisnews.net\/ar\/14-juin-2011\/","title":{"rendered":"14 juin 2011"},"content":{"rendered":"<p><html><head><meta content=\"text\/html\" description=\"TUNIS, 13 Jui 2011 (AFP) - Le proc\u00e8s du \t\tpr\u00e9sident tunisien d\u00e9chu Zine el Abidine Ben Ali, r\u00e9fugi\u00e9 en Arabie \t\tsaoudite, commencera le 20 juin, a annonc\u00e9 lundi soir le Premier \t\tministre de transition B\u00e9ji Ca\u00efd Essebsi sur Al-Jazira.\" http-equiv=\"Content-Type\"\/><\/head><body><body><\/p>\n<div>\n<div align=\"center\" dir=\"ltr\"><font face=\"Bookman Old Style\" size=\"7\"><strong>TUNISNEWS <\/strong><\/font><\/div>\n<div align=\"center\" dir=\"ltr\"><strong><font face=\"Arial\" size=\"2\">11 \u00e8me ann\u00e9e, N\u00b04039 du 14.06.2011<\/font><\/strong><\/div>\n<div align=\"center\" dir=\"ltr\"><font face=\"Arial\" size=\"2\"><strong>archives : <\/strong><\/font><a target=\"_blank\" rel=\"noopener\"><font face=\"Arial\" size=\"2\"><strong>www.tunisnews.net<\/strong><\/font><\/a><span lang=\"FR\"><strong><font face=\"Arial\" size=\"2\"><\/font><\/strong><font><\/font><\/span><\/div>\n<div dir=\"ltr\"><font face=\"Arial\" size=\"2\"><\/p>\n<hr\/>\n<p><\/font><\/div>\n<div>\n<h2 style=\"color: red;\"><font face=\"Arial\" size=\"2\"><strong>AFP: Le proc\u00e8s du pr\u00e9sident d\u00e9chu Ben Ali commencera le 20 juin<\/strong><\/font><\/h2>\n<\/div>\n<div><font face=\"Arial\" size=\"2\"><strong>Reuters: Ben Ali jug\u00e9 par contumace \u00e0 partir du 20 juin en Tunisie<\/strong><\/font><\/div>\n<div>\n<h2 style=\"color: red;\"><font face=\"Arial\" size=\"2\"><strong>AFP: Tunisie: critiques contre un proc\u00e8s de Ben Ali sans Ben Ali<\/strong><\/font><\/h2>\n<\/div>\n<div>\n<h2 style=\"color: red;\"><font face=\"Arial\" size=\"2\"><strong><font>AFP: Tunisie: Ben Ali risque la peine capitale<\/font><\/strong><\/font><\/h2>\n<\/div>\n<div>\n<h2 style=\"color: red;\"><font face=\"Arial\" size=\"2\"><strong>AFP: Tunisie: Ben Ali passible de 5 \u00e0 20 ans de prison dans un premier proc\u00e8s<\/strong><\/font><\/h2>\n<\/div>\n<div><font face=\"Arial\" size=\"2\"><strong>Reuters: INTERVIEW-Tunisia expects investment to surge in 2012<\/strong><\/font><\/div>\n<div>\n<h2 style=\"color: red;\"><font face=\"Arial\" size=\"2\"><strong>AFP:Une dizaine d&rsquo;obus libyens en Tunisie<\/strong><\/font><\/h2>\n<\/div>\n<div><font face=\"Arial\" size=\"2\"><strong>Parti Tunisien du Travail: Communiq\u00e9<\/strong><\/font><\/div>\n<div>\n<h2 style=\"color: red;\"><font face=\"Arial\" size=\"2\"><strong>Gnet: Interdiction des sites X, l\u2019ATI dit respecter la d\u00e9cision du tribunal<\/strong><\/font><\/h2>\n<\/div>\n<div><font face=\"Arial\" size=\"2\"><strong>Slate Afrique: Tunisie, le retour de la censure?<\/strong><\/font><\/div>\n<div>\n<h2 style=\"color: red;\"><font face=\"Arial\" size=\"2\"><strong>Le Monde: Les investisseurs reprennent position dans la nouvelle Tunisie<\/strong><\/font><\/h2>\n<\/div>\n<div><font face=\"Arial\" size=\"2\"><strong>Le Nouvel Observateur: Sondage : les Tunisiens m\u00e9fiants mais optimistes<\/strong><\/font><\/div>\n<div>\n<h2 style=\"color: red;\"><font face=\"Arial\" size=\"2\"><strong>Kapitalis: Tunisie. Selon Sigma Ennahdha fait la course en t\u00eate<\/strong><\/font><\/h2>\n<\/div>\n<div><font face=\"Arial\" size=\"2\"><strong>Ouest France: Lina Ben Mhenni, blogueuse de la r\u00e9volution tunisienne<\/strong><\/font><\/div>\n<div>\n<h2 style=\"color: red;\"><font face=\"Arial\" size=\"2\"><strong>Le Monde: Boualem Sansal, romancier alg\u00e9rien : \u00ab\u00a0A Mohamed Bouazizi\u00a0\u00bb<\/strong><\/font><\/h2>\n<\/div>\n<div><font face=\"Arial\" size=\"2\"><strong>Jeune Afrique: Donald Kaberuka : \u00ab\u00a0Les r\u00e9formes \u00e9conomiques doivent mener \u00e0 des r\u00e9formes politiques\u00a0\u00bb<\/strong><\/font><\/div>\n<div>\n<h2 style=\"color: red;\"><font face=\"Arial\" size=\"2\"><strong>AFP: Alg\u00e9rie: le CNT libyen pr\u00e9dit un rapide renforcement des liens avec Alger<\/strong><\/font><\/h2>\n<\/div>\n<div><font face=\"Arial\" size=\"2\"><strong>AFP: Moines de Tib\u00e9hirine: une expertise contredit la th\u00e8se d&rsquo;un ouvrage r\u00e9cent<\/strong><\/font><\/div>\n<div>\n<h2 style=\"color: red;\"><font face=\"Arial\" size=\"2\"><strong>Reuters: Erdogan promet le dialogue sur la nouvelle Constitution turque<\/strong><\/font><\/h2>\n<\/div>\n<div dir=\"ltr\"><font face=\"Arial\" size=\"2\"><\/p>\n<hr\/>\n<p><\/font><\/div>\n<div dir=\"ltr\"><\/div>\n<div dir=\"ltr\"><font face=\"Arial\" size=\"2\">AFP, le 13 juin 2011 \u00e0 21h29 GMT<\/font><\/div>\n<div align=\"center\" dir=\"ltr\">\n<h3 style=\"color: blue;\"><font face=\"Arial\"><strong>Le proc\u00e8s du pr\u00e9sident d\u00e9chu Ben Ali commencera le 20 juin<\/strong><\/font><\/h3>\n<\/div>\n<div align=\"center\" dir=\"ltr\">\n<hr\/>\n<\/div>\n<div dir=\"ltr\"><font face=\"Arial\" size=\"2\">TUNIS, 13 Jui 2011 (AFP) &#8211; Le proc\u00e8s du pr\u00e9sident tunisien d\u00e9chu Zine el Abidine Ben Ali, r\u00e9fugi\u00e9 en Arabie saoudite, commencera le 20 juin, a annonc\u00e9 lundi soir le Premier ministre de transition B\u00e9ji Ca\u00efd Essebsi sur Al-Jazira.<\/font><\/div>\n<div dir=\"ltr\"><font face=\"Arial\" size=\"2\">\u00ab\u00a0Je l&rsquo;annonce pour la premi\u00e8re fois, le proc\u00e8s commencera le 20\u00a0\u00bb juin, a d\u00e9clar\u00e9 M. Essebsi dans une interview \u00e0 la cha\u00eene qatari Al-Jazira.<\/font><\/div>\n<div dir=\"ltr\"><font face=\"Arial\" size=\"2\">Le Premier ministre a ajout\u00e9 que M. Ben Ali et son entourage auront \u00e0 r\u00e9pondre de plus de 90 chefs d&rsquo;accusation. Il a aussi indiqu\u00e9 que le gouvernement tunisien n&rsquo;avait jamais re\u00e7u de r\u00e9ponse des autorit\u00e9s saoudiennes a sa demande de lui remettre l&rsquo;ancien pr\u00e9sident.<\/font><\/div>\n<div dir=\"ltr\"><font face=\"Arial\" size=\"2\">Apr\u00e8s 23 ans de pouvoir sans partage, Zine el Abidine Ben Ali avait fui la Tunisie le 14 janvier pour l&rsquo;Arabie Saoudite, sous la pression d&rsquo;un puissant soul\u00e8vement populaire.<\/font><\/div>\n<div dir=\"ltr\"><font face=\"Arial\" size=\"2\">Il doit \u00eatre jug\u00e9 par contumace ainsi que son \u00e9pouse Leila Trabelsi.<\/font><\/div>\n<p><font face=\"Arial\" size=\"2\"><\/p>\n<div dir=\"ltr\">\n<hr\/>\n<\/div>\n<p><\/font><\/p>\n<div dir=\"ltr\">\u00a0<\/div>\n<div dir=\"ltr\"><font face=\"Arial\" size=\"2\">Reuters, le 13 juin 2011 \u00e0 22h34 GMT<\/font><\/div>\n<div align=\"center\" dir=\"ltr\">\n<h3 style=\"color: blue;\"><font face=\"Arial\"><strong>Ben Ali jug\u00e9 par contumace \u00e0 partir du 20 juin en Tunisie<\/strong><\/font><\/h3>\n<\/div>\n<div align=\"center\" dir=\"ltr\">\n<hr\/>\n<\/div>\n<div dir=\"ltr\"><font face=\"Arial\" size=\"2\">LE CAIRE, 14 juin (Reuters) &#8211; L&rsquo;ancien pr\u00e9sident tunisien Zine ben Ali, qui s&rsquo;est enfui le 14 janvier en Arabie saoudite sous la pression de la rue, sera jug\u00e9 par contumace \u00e0 partir du 20 juin, a annonc\u00e9 lundi le Premier ministre de transition Beji Ca\u00efd Sebsi.<\/font><\/div>\n<div dir=\"ltr\"><font face=\"Arial\" size=\"2\">\u00ab\u00a0Le proc\u00e8s de Ben Ali d\u00e9butera le 20 juin. Il sera jug\u00e9 par des tribunaux militaire et civil\u00a0\u00bb, a-t-il d\u00e9clar\u00e9 lors d&rsquo;une interview accord\u00e9e \u00e0 la cha\u00eene de t\u00e9l\u00e9vision Al Djazira.<\/font><\/div>\n<div dir=\"ltr\"><font face=\"Arial\" size=\"2\">Les autorit\u00e9s provisoires tunisiennes ont instruit plusieurs dossiers juridiques contre Ben Ali, accus\u00e9 notamment de complot contre la s\u00e9curit\u00e9 de l&rsquo;Etat, homicide pr\u00e9m\u00e9dit\u00e9 et trafic et usage de stup\u00e9fiants.<\/font><\/div>\n<div dir=\"ltr\"><font face=\"Arial\" size=\"2\">Les autorit\u00e9s saoudiennes n&rsquo;ont pas r\u00e9pondu pour l&rsquo;heure \u00e0 leur demande d&rsquo;extradition de l&rsquo;ex-pr\u00e9sident tunisien et de son \u00e9pouse, Le\u00efla Trabelsi.<\/font><\/div>\n<div dir=\"ltr\"><font face=\"Arial\" size=\"2\">Plusieurs membres de la famille de Ben Ali ainsi que des proches ont en revanche \u00e9t\u00e9 arr\u00eat\u00e9s, dont sa soeur, Najet, interpell\u00e9e au d\u00e9but du mois dans la r\u00e9gion de Sousse, \u00e0 150 km au sud de Tunis. Elle pourrait \u00eatre poursuivie pour malversations financi\u00e8res.<\/font><\/div>\n<div dir=\"ltr\"><font face=\"Arial\" size=\"2\">Ben Ali a dirig\u00e9 la Tunisie pendant 24 ans avant d&rsquo;\u00eatre chass\u00e9 du pouvoir sous la pression de la rue. Il n&rsquo;est pas apparu en public depuis son d\u00e9part pour Djeddah. <\/font><\/div>\n<hr\/>\n<div dir=\"ltr\">\u00a0<\/div>\n<div align=\"center\">\n<h3 style=\"color: blue;\"><font face=\"Arial\"><strong><font>Tunisie: critiques contre un proc\u00e8s de Ben Ali sans Ben Ali<\/font><\/strong><\/font><\/h3>\n<\/div>\n<div align=\"center\">\n<hr\/>\n<\/div>\n<div align=\"center\">\u00a0<\/div>\n<div><font face=\"Arial\" size=\"2\">Publi\u00e9 le 13\/06\/2011 22:14 &#8211; Modifi\u00e9 le 14\/06\/2011 \u00e0 19:49 | \u00a9 2011 AFP <\/font><\/div>\n<div align=\"justify\">\u00a0<\/div>\n<div align=\"justify\"><font face=\"Arial\" size=\"2\">La Tunisie commencera \u00e0 juger la semaine prochaine l&rsquo;ex-pr\u00e9sident Ben Ali, mais celui qui a dirig\u00e9 le pays d&rsquo;une main de fer pendant 23 ans ne sera pas l\u00e0 pour faire face \u00e0 ses juges, une perspective \u00ab\u00a0frustrante\u00a0\u00bb pour des militants des droits de l&rsquo;homme et de nombreux Tunisiens.<\/font><\/div>\n<div align=\"justify\">\u00a0<\/div>\n<div align=\"justify\"><font face=\"Arial\" size=\"2\">M. Ben Ali et son \u00e9pouse Leila Trabelsi doivent \u00eatre jug\u00e9s dans un premier temps, \u00e0 partir du 20 juin, par le tribunal de premi\u00e8re instance de Tunis pour deux premi\u00e8res affaires dans lesquelles l&rsquo;ex-homme fort de la Tunisie est passible de 5 \u00e0 20 ans de prison, selon les autorit\u00e9s.<\/font><\/div>\n<div align=\"justify\">\u00a0<\/div>\n<div align=\"justify\"><font face=\"Arial\" size=\"2\">En tout 93 chefs d&rsquo;accusation ont \u00e9t\u00e9 retenus contre lui, dont environ 35 seront transf\u00e9r\u00e9s \u00e0 une juridiction militaire, a indiqu\u00e9 un porte-parole du minist\u00e8re de la justice. Certains pourraient th\u00e9oriquement lui valoir la peine de mort.<\/font><\/div>\n<div align=\"justify\">\u00a0<\/div>\n<div align=\"justify\"><font face=\"Arial\" size=\"2\">Zine el Abidine Ben Ali s&rsquo;\u00e9tait r\u00e9fugi\u00e9 en Arabie saoudite le 14 janvier, apr\u00e8s un mois de soul\u00e8vement populaire contre lui et les autorit\u00e9s saoudiennes ont jusqu&rsquo;\u00e0 pr\u00e9sent fait la sourde oreille aux demandes du gouvernement tunisien que l&rsquo;ex-pr\u00e9sident leur soit remis.<\/font><\/div>\n<div align=\"justify\">\u00a0<\/div>\n<div align=\"justify\"><font face=\"Arial\" size=\"2\">M. Ben Ali sera donc jug\u00e9 \u00e0 l&rsquo;instar de son homologue \u00e9gyptien Hosni Moubarak, mais il ne sera pas sur le banc des accus\u00e9s et cette annonce n&rsquo;a pas suscit\u00e9 l&rsquo;enthousiasme en Tunisie.<\/font><\/div>\n<div align=\"justify\">\u00a0<\/div>\n<div align=\"justify\"><font face=\"Arial\" size=\"2\">\u00ab\u00a0Pour moi c&rsquo;est un non-\u00e9v\u00e9nement. C&rsquo;est une fumisterie. On a tout fait pour ne pas lui faire un v\u00e9ritable proc\u00e8s. C&rsquo;est un effet d&rsquo;annonce pour manipuler l&rsquo;opinion\u00a0\u00bb, a d\u00e9clar\u00e9 \u00e0 l&rsquo;AFP le journaliste Taoufik Ben Brik, opposant acharn\u00e9 \u00e0 M. Ben Ali.<\/font><\/div>\n<div align=\"justify\">\u00a0<\/div>\n<div align=\"justify\"><font face=\"Arial\" size=\"2\">Pour lui, les autorit\u00e9s auraient mieux fait de s&rsquo;en prendre aux membres ou partisans du r\u00e9gime d\u00e9chu encore en Tunisie.<\/font><\/div>\n<div align=\"justify\">\u00a0<\/div>\n<div align=\"justify\"><font face=\"Arial\" size=\"2\">Radhia Nasraoui, militante r\u00e9put\u00e9e des droits de l&rsquo;homme, a pour sa part jug\u00e9 \u00ab\u00a0frustrant\u00a0\u00bb que M. Ben Ali soit jug\u00e9 par contumace. Elle aurait pr\u00e9f\u00e9r\u00e9 que les autorit\u00e9s prennent plus de temps pour obtenir son extradition.<\/font><\/div>\n<div align=\"justify\">\u00a0<\/div>\n<div align=\"justify\"><font face=\"Arial\" size=\"2\">\u00ab\u00a0Ca ne va pas \u00eatre le proc\u00e8s qu&rsquo;on aurait souhait\u00e9 pour Ben Ali. Il est responsable de milliers de cas de torture, de centaines de morts. Sa famille a pill\u00e9 le pays. Comment va-t-on pouvoir le juger s&rsquo;il n&rsquo;est pas l\u00e0?\u00a0\u00bb, a-t-elle dit \u00e0 l&rsquo;AFP.<\/font><\/div>\n<div align=\"justify\">\u00a0<\/div>\n<div align=\"justify\"><font face=\"Arial\" size=\"2\">Cet avis est partag\u00e9 par Feten, une jeune employ\u00e9e, qui se r\u00e9jouit de l&rsquo;annonce d&rsquo;une date, mais juge qu&rsquo;en l&rsquo;absence du principal accus\u00e9 le proc\u00e8s \u00ab\u00a0n&rsquo;apporte pas grand chose\u00a0\u00bb.<\/font><\/div>\n<div align=\"justify\">\u00a0<\/div>\n<div align=\"justify\"><font face=\"Arial\" size=\"2\">Dans le proc\u00e8s, qui s&rsquo;ouvrira le 20 juin, l&rsquo;ex-pr\u00e9sident Ben Ali et son \u00e9pouse sont accus\u00e9s d&rsquo;accaparement de fonds publics et de vol de biens, suite \u00e0 la d\u00e9couverte d&rsquo;une importante quantit\u00e9 de devises et des bijoux dans le palais de Sidi Bou Said dans la banlieue de Tunis.<\/font><\/div>\n<div align=\"justify\">\u00a0<\/div>\n<div align=\"justify\"><font face=\"Arial\" size=\"2\">M. Ben Ali doit aussi \u00eatre jug\u00e9, seul cette fois, dans une autre affaire portant sur la d\u00e9couverte de drogue et d&rsquo;armes, dans le palais pr\u00e9sidentiel de Carthage. Dans ce cas, les chefs d&rsquo;accusation sont notamment: d\u00e9tention de stup\u00e9fiants \u00e0 l&rsquo;usage de consommation, d\u00e9tention d&rsquo;armes et de munitions et non d\u00e9claration de possession de pi\u00e8ces arch\u00e9ologiques, a pr\u00e9cis\u00e9 le porte-parole, M. Kadhem Zine El Abidine.<\/font><\/div>\n<div align=\"justify\">\u00a0<\/div>\n<div align=\"justify\"><font face=\"Arial\" size=\"2\">Dans ces deux affaires, M. Ben Ali encourt th\u00e9oriquement une peine de 5 \u00e0 20 ans de prison, selon le porte-parole du minist\u00e8re de la justice.<\/font><\/div>\n<div align=\"justify\">\u00a0<\/div>\n<div align=\"justify\"><font face=\"Arial\" size=\"2\">L&rsquo;ex-pr\u00e9sident pourrait \u00eatre passible de la peine de mort, pour certains chefs d&rsquo;accusation portant sur des homicides volontaires et de la torture, qui seront soumis, \u00e0 une date non pr\u00e9cis\u00e9e, \u00e0 la justice militaire.<\/font><\/div>\n<div align=\"justify\">\u00a0<\/div>\n<div align=\"justify\"><font face=\"Arial\" size=\"2\">Parmi les chefs d&rsquo;accusation retenus contre lui figure aussi celui de blanchiment d&rsquo;argent.<\/font><\/div>\n<div align=\"justify\">\u00a0<\/div>\n<div align=\"justify\"><font face=\"Arial\" size=\"2\">D&rsquo;autres personnes, dont le porte-parole n&rsquo;a pr\u00e9cis\u00e9 ni le nombre ni l&rsquo;identit\u00e9, doivent aussi \u00eatre jug\u00e9s par la juridiction militaire, a aussi indiqu\u00e9 le porte-parole, M. Khadem Zine El Abidine.<\/font><\/div>\n<div align=\"justify\">\u00a0<\/div>\n<div align=\"justify\"><font face=\"Arial\" size=\"2\">Le 6 juin, M. Ben Ali avait qualifi\u00e9 ce proc\u00e8s de \u00ab\u00a0mascarade\u00a0\u00bb, par le truchement d&rsquo;un avocat. C&rsquo;\u00e9tait la premi\u00e8re fois qu&rsquo;il refaisait surface publiquement, m\u00eame indirectement, depuis sa fuite de Tunisie.<\/font><\/div>\n<p><font face=\"Arial\" size=\"2\"><\/p>\n<div dir=\"ltr\">\n<hr\/>\n<\/div>\n<div align=\"center\"><font face=\"Arial\" size=\"2\"><strong><\/p>\n<h3 style=\"color: blue;\"><font size=\"3\">Tunisie: Ben Ali risque la peine capitale<\/font><\/h3>\n<p><\/strong><font><\/font><\/font><\/div>\n<div align=\"center\">\n<hr\/>\n<\/div>\n<div align=\"justify\"><font face=\"Arial\" size=\"2\">AFP 14\/06\/2011 | Mise \u00e0 jour : 18:50 <\/font><\/div>\n<div align=\"justify\">\u00a0<\/div>\n<div align=\"justify\"><font face=\"Arial\" size=\"2\">Le pr\u00e9sident d\u00e9chu tunisien Ben Ali est passible de 5 \u00e0 20 ans de prison dans le proc\u00e8s par contumace qui s&rsquo;ouvrira le 20 juin \u00e0 Tunis, mais il pourrait encourir la peine capitale pour d&rsquo;autres chefs d&rsquo;accusation examin\u00e9s ult\u00e9rieurement, ont indiqu\u00e9 les autorit\u00e9s aujourd&rsquo;hui. La date du 20 juin pour le d\u00e9but du proc\u00e8s au civil de Zine El Abidine Ben Ali &#8211; qui a gouvern\u00e9 la Tunisie d&rsquo;une main de fer pendant 23 ans avant de fuir le 14 janvier dernier devant la r\u00e9volte populaire &#8211; avait \u00e9t\u00e9 annonc\u00e9e lundi soir par le Premier ministre de transition B\u00e9ji Ca\u00efd Essebsi.<\/font><\/div>\n<div align=\"justify\">\u00a0<\/div>\n<div align=\"justify\"><font face=\"Arial\" size=\"2\">Un porte-parole du minist\u00e8re de la justice a pr\u00e9cis\u00e9 que, lors du proc\u00e8s au civil qui s&rsquo;ouvrira le 20 juin devant le tribunal de premi\u00e8re instance de Tunis, seul M. Ben Ali et son \u00e9pouse Leila Trabelsi seront jug\u00e9s. Le couple est accus\u00e9 d&rsquo;accaparement de fonds publics et de vol de biens, suite \u00e0 la d\u00e9couverte d&rsquo;une importante quantit\u00e9 de devises et des bijoux dans le palais de Sidi Bou Said dans la banlieue de Tunis.<\/font><\/div>\n<div align=\"justify\">\u00a0<\/div>\n<div align=\"justify\"><font face=\"Arial\" size=\"2\">Ben Ali doit aussi \u00eatre jug\u00e9, seul cette fois, dans une autre affaire portant sur la d\u00e9couverte de drogue et d&rsquo;armes, dans le palais pr\u00e9sidentiel de Carthage. Dans ce cas, les chefs d&rsquo;accusation sont notamment: d\u00e9tention de stup\u00e9fiants \u00e0 l&rsquo;usage de consommation, d\u00e9tention d&rsquo;armes et de munitions, exploitation d&rsquo;un local en vue de stockage et usage de stup\u00e9fiants et non d\u00e9claration de possession de pi\u00e8ces arch\u00e9ologiques, a pr\u00e9cis\u00e9 le porte-parole, M. Kadhem Zine El Abidine. Dans ces deux affaires, M. Ben Ali encourt th\u00e9oriquement une peine allant de 5 \u00e0 20 ans de prison, a dit le responsable.<\/font><\/div>\n<div dir=\"ltr\">\u00a0<\/div>\n<hr\/>\n<div align=\"center\"><font face=\"Arial\" size=\"2\"><\/p>\n<h3 style=\"color: blue;\"><font size=\"3\"><strong>Tunisie: Ben Ali passible de 5 \u00e0 20 ans de prison dans un premier proc\u00e8s<\/strong><\/font><\/h3>\n<p><font><\/font><\/font><\/div>\n<div align=\"center\">\n<hr\/>\n<\/div>\n<div align=\"justify\"><font face=\"Arial\" size=\"2\">AFP \/ 14 juin 2011 18h53<\/font><\/div>\n<div align=\"justify\"><font face=\"Arial\" size=\"2\">TUNIS &#8211; Le pr\u00e9sident d\u00e9chu tunisien Ben Ali est passible de 5 \u00e0 20 ans de prison dans le proc\u00e8s par contumace qui s&rsquo;ouvrira le 20 juin \u00e0 Tunis, mais il pourrait encourir la peine capitale pour d&rsquo;autres chefs d&rsquo;accusation examin\u00e9s ult\u00e9rieurement, ont indiqu\u00e9 les autorit\u00e9s mardi.<\/font><\/div>\n<div align=\"justify\">\u00a0<\/div>\n<div align=\"justify\"><font face=\"Arial\" size=\"2\">La date du 20 juin pour le d\u00e9but du proc\u00e8s au civil de Zine El Abidine Ben Ali &#8211; qui a gouvern\u00e9 la Tunisie d&rsquo;une main de fer pendant 23 ans avant de fuir le 14 janvier dernier devant la r\u00e9volte populaire &#8211; avait \u00e9t\u00e9 annonc\u00e9e lundi soir par le Premier ministre de transition B\u00e9ji Ca\u00efd Essebsi.<\/font><\/div>\n<div align=\"justify\">\u00a0<\/div>\n<div align=\"justify\"><font face=\"Arial\" size=\"2\">Un porte-parole du minist\u00e8re de la justice a pr\u00e9cis\u00e9 que, lors du proc\u00e8s au civil qui s&rsquo;ouvrira le 20 juin devant le tribunal de premi\u00e8re instance de Tunis, seul M. Ben Ali et son \u00e9pouse Leila Trabelsi seront jug\u00e9s.<\/font><\/div>\n<div align=\"justify\">\u00a0<\/div>\n<div align=\"justify\"><font face=\"Arial\" size=\"2\">Le couple est accus\u00e9 d&rsquo;accaparement de fonds publics et de vol de biens, suite \u00e0 la d\u00e9couverte d&rsquo;une importante quantit\u00e9 de devises et des bijoux dans le palais de Sidi Bou Said dans la banlieue de Tunis.<\/font><\/div>\n<div align=\"justify\">\u00a0<\/div>\n<div align=\"justify\"><font face=\"Arial\" size=\"2\">M. Ben Ali doit aussi \u00eatre jug\u00e9, seul cette fois, dans une autre affaire portant sur la d\u00e9couverte de drogue et d&rsquo;armes, dans le palais pr\u00e9sidentiel de Carthage. <\/font><\/div>\n<div align=\"justify\">\u00a0<\/div>\n<div align=\"justify\"><font face=\"Arial\" size=\"2\">Dans ce cas, les chefs d&rsquo;accusation sont notamment: d\u00e9tention de stup\u00e9fiants \u00e0 l&rsquo;usage de consommation, d\u00e9tention d&rsquo;armes et de munitions, exploitation d&rsquo;un local en vue de stockage et usage de stup\u00e9fiants et non d\u00e9claration de possession de pi\u00e8ces arch\u00e9ologiques, a pr\u00e9cis\u00e9 le porte-parole, M. Kadhem Zine El Abidine.<\/font><\/div>\n<div align=\"justify\">\u00a0<\/div>\n<div align=\"justify\"><font face=\"Arial\" size=\"2\">Dans ces deux affaires, M. Ben Ali encourt th\u00e9oriquement une peine allant de 5 \u00e0 20 ans de prison, a dit le responsable.<\/font><\/div>\n<div align=\"justify\">\u00a0<\/div>\n<div align=\"justify\"><font face=\"Arial\" size=\"2\">En tout, l&rsquo;ancien pr\u00e9sident doit r\u00e9pondre de 93 chefs d&rsquo;accusation, dont environ 35 vont \u00eatre transf\u00e9r\u00e9s \u00e0 une juridiction militaire, a-t-il ajout\u00e9. D&rsquo;autres personnes, dont il n&rsquo;a pr\u00e9cis\u00e9 ni le nombre ni l&rsquo;identit\u00e9, doivent aussi \u00eatre jug\u00e9s par cette juridiction.<\/font><\/div>\n<div align=\"justify\">\u00a0<\/div>\n<div align=\"justify\"><font face=\"Arial\" size=\"2\">L&rsquo;ex-pr\u00e9sident pourrait \u00eatre passible de la peine de mort, pour certains chefs d&rsquo;accusation portant sur des homicides volontaires et de la torture. <\/font><\/div>\n<div align=\"justify\">\u00a0<\/div>\n<div align=\"justify\"><font face=\"Arial\" size=\"2\">Parmi les chefs d&rsquo;accusation retenus contre lui figure aussi celui de blanchiment d&rsquo;argent.<\/font><\/div>\n<div align=\"justify\">\u00a0<\/div>\n<div align=\"justify\"><font face=\"Arial\" size=\"2\">M. Ben Ali s&rsquo;est r\u00e9fugi\u00e9 en Arabie saoudite apr\u00e8s son d\u00e9part de Tunis et, selon M. Ca\u00efd Essebsi, les autorit\u00e9s saoudiennes ont jusqu&rsquo;\u00e0 pr\u00e9sent fait la sourde oreille aux demandes du gouvernement tunisien que l&rsquo;ex-pr\u00e9sident lui soit remis.<\/font><\/div>\n<div dir=\"ltr\">\n<hr\/>\n<\/div>\n<div><font face=\"Arial\" size=\"2\">Reuters, le 13 juin 2011 \u00e0 16h07 GMT<\/font><\/div>\n<div align=\"center\">\n<h3 style=\"color: blue;\"><font face=\"Arial\"><strong><font>INTERVIEW-Tunisia expects investment to surge in 2012<\/font><\/strong><\/font><\/h3>\n<\/div>\n<div align=\"center\">\n<hr\/>\n<\/div>\n<div>\n<p><font face=\"Arial\" size=\"2\">* FDI down 25 percent in first quarter of this year<\/font><\/p>\n<\/div>\n<div>\n<p><font face=\"Arial\" size=\"2\">* Confidence being restored, FIPA says<\/font><\/p>\n<\/div>\n<div>\n<p><font face=\"Arial\" size=\"2\">By Tim Cocks and Tarek Amara<\/font><\/p>\n<\/div>\n<div>\n<p><font face=\"Arial\" size=\"2\">TUNIS, June 13 (Reuters) &#8211; Tunisia&rsquo;s political upheaval will cut foreign investment by a fifth this year to $1.45 billion, but 2012 is likely to see a 75 percent rebound if stability can be maintained, the foreign investment agency said on Monday.<\/font><\/p>\n<\/div>\n<div>\n<p><font face=\"Arial\" size=\"2\">Noureddine Zekri, director of the Foreign Investment Promotion Agency (FIPA), said as well as new investments, existing projects in technology that were held up will be rolled out.<\/font><\/p>\n<\/div>\n<div>\n<p><font face=\"Arial\" size=\"2\">As the dust settles on the people power revolution that ousted the North African country&rsquo;s autocratic former president Zine al-Abidine Ben Ali in January, Zekri said he expects next year will beat 2010 for investment.<\/font><\/p>\n<\/div>\n<div>\n<p><font face=\"Arial\" size=\"2\">\u00ab\u00a0Before the revolution, we projected 3 billion dinars ($2.18 billion) for this year, then we&rsquo;ve had to revise it down to 2 billion,\u00a0\u00bb FIPA Director General told Reuters in an interview.<\/font><\/p>\n<\/div>\n<div>\n<p><font face=\"Arial\" size=\"2\">\u00ab\u00a0But I think that in 2012 there will be a big jump.\u00a0\u00bb<\/font><\/p>\n<\/div>\n<div>\n<p><font face=\"Arial\" size=\"2\">Foreign direct investment (FDI) fell 25 percent in the first four months of this year, against that period last year, he said, but he forecast it would surge to 3.5 billion dinars next year.<\/font><\/p>\n<\/div>\n<div>\n<p><font face=\"Arial\" size=\"2\">Both the new projects and existing commitments that were coming on stream had big potential for the creation of jobs, especially skilled jobs, he added.<\/font><\/p>\n<\/div>\n<div>\n<p><font face=\"Arial\" size=\"2\">High unemployment, particularly amongst graduates, was a major reason for the protests that brought down Ben Ali.<\/font><\/p>\n<\/div>\n<div>\n<p><font face=\"Arial\" size=\"2\">\u00ab\u00a0The message is we are still open for business,\u00a0\u00bb Zekri said. \u00ab\u00a0We can&rsquo;t hide that the revolution had a price &#8230; but the state never stopped working. Human resources are there, salaries are competitive. And now the image of Tunisia is improving.\u00a0\u00bb<\/font><\/p>\n<\/div>\n<div>\n<p><font face=\"Arial\" size=\"2\">A roughly 100 million dinar ($74 million) project with U.S. fund Fidelity Investments to set up a technology and outsourcing centre would be rolled out over the next 4-5 years, generating more than 3,000 skilled jobs in software development, he said.<\/font><\/p>\n<\/div>\n<div>\n<p><font face=\"Arial\" size=\"2\">Last week, Canadian technology group Orbit decided to invest in a textiles factory focused on industrial fabrics that will create 1,000 jobs, Zekri said.<\/font><\/p>\n<\/div>\n<div>\n<p><font face=\"Arial\" size=\"2\">A manufacturing project by Aerolia, a subsidiary of EADS &lt;EAD.PA&gt;, to create a low cost factory for airplane parts in Tunis, whose operation was briefly interrupted by January&rsquo;s upheaval, was back on track.<\/font><\/p>\n<\/div>\n<div>\n<p><font face=\"Arial\" size=\"2\">Tunisia&rsquo;s revolution has yet to revolutionize its economy. Strikes and violence hurt output, and investors fret that the messy transition to democracy may not bring sound economic leadership straight away.<\/font><\/p>\n<\/div>\n<div>\n<p><font face=\"Arial\" size=\"2\">The World Bank forecasts 1.5 percent growth this year.<\/font><\/p>\n<\/div>\n<div>\n<p><font face=\"Arial\" size=\"2\">Tourists, which contribute 6.5 percent of GDP, fell in numbers by more than half. \u00ab\u00a0We lost the high season booking,\u00a0\u00bb Zekri said, although he said foreign investment was unaffected.<\/font><\/p>\n<\/div>\n<div>\n<p><font face=\"Arial\" size=\"2\">An election now scheduled for Oct. 23 will aim to rewrite the constitution and restore investors&rsquo; confidence in stability.<\/font><\/p>\n<\/div>\n<div>\n<p><font face=\"Arial\" size=\"2\">But Zekri said the number of inquiries received suggested investors were less worried about Tunisian political risk.<\/font><\/p>\n<\/div>\n<div>\n<p><font face=\"Arial\" size=\"2\">\u00ab\u00a0The events had the results that 45 companies with foreign equity shut down. But there are 3,200 here,\u00a0\u00bb he said. \u00ab\u00a0Even in this difficult period, investment came to Tunisia.\u00a0\u00bb<\/font><\/p>\n<\/div>\n<div>\n<p><font face=\"Arial\" size=\"2\">Investors in the Gulf were planning leisure and real estate projects, including Sama Dubai, a subsidiary of Dubai Holding Company, and Gulf Finance House, he added.<\/font><\/p>\n<\/div>\n<div>\n<p><font face=\"Arial\" size=\"2\">He said investment policy would be targeted towards projects that would enable skills and technology transfer, and also bring jobs to deprived regions in the interior. \u00ab\u00a0What matters to us is the jobs. I don&rsquo;t care if you invest just $1, for us, it is the jobs that count.\u00a0\u00bb<\/font><\/p>\n<\/div>\n<div dir=\"ltr\">\u00a0<\/div>\n<div dir=\"ltr\">\u00a0<\/div>\n<div>\n<hr\/>\n<\/div>\n<div align=\"center\"><font face=\"Arial\" size=\"2\"><strong><\/p>\n<h3 style=\"color: blue;\"><font size=\"3\">Une dizaine d&rsquo;obus libyens en Tunisie<\/font><\/h3>\n<p><\/strong><font><\/font><\/font><\/div>\n<div align=\"center\">\n<hr\/>\n<\/div>\n<div>\n<p><font face=\"Arial\" size=\"2\">AFP <\/font><\/p>\n<\/div>\n<div>\n<p><font face=\"Arial\" size=\"2\">14\/06\/2011 | Mise \u00e0 jour : 17:08<\/font><\/p>\n<\/div>\n<div>\n<p><font face=\"Arial\" size=\"2\">Une dizaine d&rsquo;obus et de roquettes sont tomb\u00e9s aujp en territoire tunisien lors d&rsquo;affrontements continus entre troupes loyales au colonel Mouammar Kadhafi et insurg\u00e9s pr\u00e8s du poste-frontalier de Dehiba (sud), ont indiqu\u00e9 des t\u00e9moins \u00e0 l&rsquo;AFP.<\/font><\/p>\n<\/div>\n<div>\n<p><font face=\"Arial\" size=\"2\">\u00ab\u00a0J&rsquo;ai compt\u00e9 dix obus tomb\u00e9s mardi (&#8230;) dont certains au nord de la cit\u00e9 Oued Erouth, un quartier \u00e0 l&rsquo;ouest de Dehiba\u00a0\u00bb, \u00e0 1,5 km de la fronti\u00e8re, a indiqu\u00e9 \u00e0 l&rsquo;AFP Mourad, un r\u00e9sident. \u00ab\u00a0Nous avons eu une nuit blanche, le tirs ont \u00e9t\u00e9 tr\u00e8s nourris c\u00f4t\u00e9 libyen mais c&rsquo;est seulement aujourd&rsquo;hui (mardi) que les obus ont commenc\u00e9 \u00e0 tomber\u00a0\u00bb, a ajout\u00e9 ce t\u00e9moin contact\u00e9 par t\u00e9l\u00e9phone depuis Tunis.<\/font><\/p>\n<\/div>\n<div>\n<p><font face=\"Arial\" size=\"2\">Un responsable du Croissant-Rouge a confirm\u00e9 la chute d&rsquo;un premier obus \u00e0 07H30 locales (06H30 GMT). Les tirs se sont poursuivis jusqu&rsquo;\u00e0 13H00 locales, heure \u00e0 laquelle Nasser Ben Abdallah a quitt\u00e9 Dehiba. Mourad a d\u00e9crit une pr\u00e9sence massive de l&rsquo;arm\u00e9e tunisienne qui a renforc\u00e9 ses effectifs \u00e0 la fronti\u00e8re et fait \u00e9vacuer lundi soir le passage frontalier de Wazzen (\u00e0 4 km de Dehiba). Des avions militaires (F5) et des h\u00e9licopt\u00e8res survolent r\u00e9guli\u00e8rement les secteurs frontaliers. Le t\u00e9moin et le responsable du Croissant rouge n&rsquo;ont pas fait \u00e9tat de victimes ou de de d\u00e9g\u00e2ts c\u00f4t\u00e9 tunisien.<\/font><\/p>\n<\/div>\n<div>\n<p><font face=\"Arial\" size=\"2\">\u00ab\u00a0Les violents combats (nldr: entre les troupes pro-Kadhafi et les insurg\u00e9s) se rapprochent de plus en plus, nous emp\u00eachent de dormir, de mener une vie normale, un obus peut nous tomber sur la t\u00eate \u00e0 chaque instant\u00a0\u00bb, a poursuivi ce t\u00e9moin, un fonctionnaire parlant sous couvert d&rsquo;anonymat. Cependant, les postes de police et de la Garde nationale tunisiens \u00e0 Dehiba, interrog\u00e9s par l&rsquo;AFP, ont tous deux d\u00e9menti que des chutes d&rsquo;obus, ni la nuit derni\u00e8re, ni aujourd&rsquo;hui.<\/font><\/p>\n<\/div>\n<hr\/>\n<div align=\"center\"><font face=\"Arial\" size=\"2\"><strong>Parti Tunisien du Travail:<font size=\"3\"> <\/font><\/strong><\/font><font face=\"Arial\"><strong><font>Communiq\u00e9<\/font><\/strong><\/font><\/div>\n<div align=\"center\"><font face=\"Arial\"><strong><\/p>\n<hr\/>\n<p> \u00a0<\/strong><\/font><\/div>\n<p><\/font><\/p>\n<div>\n<p><font face=\"Arial\" size=\"2\">Le Pouvoir personnel de Ben Ali et son emprise sur les institutions de l\u2019Etat et ce, gr\u00e2ce \u00e0 l\u2019h\u00e9g\u00e9monie du RCD sur toute la vie politique, sociale et id\u00e9ologique a parachev\u00e9 la confiscation<\/font><\/p>\n<\/div>\n<div>\n<p><font face=\"Arial\" size=\"2\">des centres n\u00e9vralgiques de l\u2019Etat.<\/font><\/p>\n<\/div>\n<div>\n<p><font face=\"Arial\" size=\"2\">Toutes les adaptations introduites dans le but de consolider la position politique de la minorit\u00e9 privil\u00e9gi\u00e9e a permis la transformation de l\u2019Etat National en un Etat de domination exclusive de cette minorit\u00e9 qui s\u2019est donn\u00e9e tous les moyens pour s\u2019approprier le pays et venir \u00e0 bout de la r\u00e9sistance des forces progressistes, politique et syndicale, qui n\u2019ont jamais admis cette confiscation de l\u2019Etat National, conqu\u00eate de la lutte de tout le peuple tunisien.<\/font><\/p>\n<\/div>\n<div>\n<p><font face=\"Arial\" size=\"2\">L\u2019union des masses populaires et des syndicats r\u00e9gionaux de l\u2019UGTT, dont les potentialit\u00e9s politiques que rec\u00e8le la situation actuelle fait la force du changement structural de notre pays, ne doit pas transiger sur les responsabilit\u00e9s r\u00e9elles de Ben Ali et de son Pouvoir dans les crimes et les bains de sang qui continuent \u00e0 frapper le peuple : Ils doivent rendre compte de leurs<\/font><\/p>\n<\/div>\n<div>\n<p><font face=\"Arial\" size=\"2\">crimes et atrocit\u00e9s.<\/font><\/p>\n<\/div>\n<div>\n<p><font face=\"Arial\" size=\"2\"><font>Le Parti Tunisien du Travail rappelle que les forces populaires, qui rejettent toute tutelle, d\u2019o\u00f9 qu\u2019elle vienne, sont aptes \u00e0 aller elles-m\u00eames au Pouvoir, pour construire la soci\u00e9t\u00e9 libre, juste, d\u00e9mocratique et fraternelle, \u00e0 laquelle ont r\u00eav\u00e9 tous les martyrs de la lutte nationale et sociale, et \u00e0 laquelle continue \u00e0 r\u00eaver tout le peuple tunisien.<\/font> \u00a0<\/font><\/p>\n<\/div>\n<div>\n<p><font face=\"Arial\" size=\"2\">Tunis, le 11 janvier 2011<\/font><\/p>\n<\/div>\n<hr\/>\n<div align=\"center\">\n<h3 style=\"color: blue;\"><font face=\"Arial\"><strong><font>Interdiction des sites X, l\u2019ATI dit respecter la d\u00e9cision du tribunal<\/font><\/strong><\/font><\/h3>\n<\/div>\n<div align=\"center\">\n<hr\/>\n<\/div>\n<div>\n<p><font face=\"Arial\" size=\"2\">L\u2019Agence Tunisienne d\u2019Internet (ATI) exprime dans un communiqu\u00e9 son profond respect quant \u00e0 la d\u00e9cision du juge de la Cour d\u2019appel de refuser sa demande concernant la suspension du jugement en r\u00e9f\u00e9r\u00e9 du tribunal de premi\u00e8re instance de Tunis. Cette d\u00e9cision en date du 13 juin 2011 vient apr\u00e8s 5 mois de la date du dernier discours du Pr\u00e9sident d\u00e9chu ordonnant l\u2019ouverture de tous les sites web en Tunisie.<\/font><\/p>\n<\/div>\n<div>\n<p><font face=\"Arial\" size=\"2\">Les \u00e9quipes techniques de l\u2019ATI entament aujourd\u2019hui un plan pour mettre en \u0153uvre les \u00e9quipements de filtrage selon une approche graduelle permettant de ma\u00eetriser les aspects li\u00e9s \u00e0 la qualit\u00e9 de service, ajoute le communiqu\u00e9. <\/font><\/p>\n<\/div>\n<div>\n<p><font face=\"Arial\" size=\"2\">A ce titre, il est important de rappeler qu\u2019apr\u00e8s la r\u00e9volution historique du 14 janvier 2011, les \u00e9quipements de filtrage de l\u2019ATI n\u2019ont pas \u00e9t\u00e9 mis \u00e0 jour et maintenus \u00e0 l\u2019instar des ann\u00e9es pr\u00e9c\u00e9dentes ce qui engendrerait \u00e9ventuellement des perturbations au niveau le la fluidit\u00e9 du trafic Internet en Tunisie.<\/font><\/p>\n<\/div>\n<div>\n<p><font face=\"Arial\" size=\"2\">En attendant le jugement de la cour d\u2019appel dont la premi\u00e8re s\u00e9ance est pr\u00e9vue le 4 juillet 2011, l\u2019ATI r\u00e9it\u00e8re sa d\u00e9termination \u00e0 agir, en tant que Point d\u2019Echange Internet, d\u2019une mani\u00e8re transparente et neutre vis \u00e0 vis de tous les sites \u00e0 filtrer par le biais de ses \u00e9quipements.<\/font><\/p>\n<\/div>\n<div>\n<p><font face=\"Arial\" size=\"2\">Le tribunal de premi\u00e8re instance a \u00e9mis le 26 mai dernier un jugement en r\u00e9f\u00e9r\u00e9 obligeant l\u2019Agence tunisienne d\u2019Internet (ATI) de censurer l\u2019ensemble de sites pornographiques en Tunisie, et la presse d\u2019ex\u00e9cuter ce jugement sous 24 heures, et ce suite \u00e0 une plainte d\u00e9pos\u00e9e la semaine derni\u00e8re par trois avocats.<\/font><\/p>\n<\/div>\n<div>\n<p><font face=\"Arial\" size=\"2\">Ma\u00eetres Ahmed Hassana, Mono\u00f4m Turki et Imed Saydia avaient plaid\u00e9 dans cette affaire lors d\u2019une audience tenue le 23 mai, fondant leur plaidoyer sur des bases morales, scientifiques et l\u00e9gales, et montrant les effets n\u00e9gatifs de ces sites sur les plans psychologique, physiologique, social et \u00e9ducatif des personnes. \u00ab\u00a0Ces sites s\u2019opposent aux valeurs de la soci\u00e9t\u00e9 arabo-musulmane\u00a0\u00bb, ont-ils fait valoir. <\/font><\/p>\n<\/div>\n<div><font face=\"Arial\" size=\"2\"><strong>(Source: Gnet.tn le Mardi 14 Juin 2011 \u00e0 14:41)<\/strong><\/font><\/div>\n<hr\/>\n<h3 align=\"center\" style=\"color: blue;\"><span lang=\"FR\"><font>Tunisie, le retour de la censure?<\/font> <\/span><\/h3>\n<hr\/>\n<p align=\"justify\"><span lang=\"FR\"><font>La mobilisation grandit autour du cas de Samir Feriani, officier de police arr\u00eat\u00e9 le 29 mai 2011. Le policier, <\/font><a href=\"http:\/\/www.afrik.com\/article23051.html\" target=\"_blank\" rel=\"noopener\"><span><font>rappelle Afrik.com<\/font><\/span><\/a><font>, avait d\u00e9nonc\u00e9 dans une lettre au ministre de l\u2019Int\u00e9rieur Habib Essid les agissements de l\u2019Agence de renseignements de Tunisie et du minist\u00e8re de l\u2019Int\u00e9rieur durant les manifestations du d\u00e9but d&rsquo;ann\u00e9e qui ont men\u00e9 \u00e0 la chute du pr\u00e9sident Ben Ali, reprochant \u00e0 certains d\u2019avoir laiss\u00e9 tuer des protestataires sans \u00eatre inqui\u00e9t\u00e9s. Il avait \u00e9galement critiqu\u00e9 la corruption au sein du minist\u00e8re de l\u2019Int\u00e9rieur et la destruction de dossiers sensibles de la p\u00e9riode Ben Ali.<\/font><\/span><\/p>\n<p align=\"justify\"><span lang=\"FR\"><font>Une manifestation de soutien a \u00e9t\u00e9 organis\u00e9e dimanche 12 juin avenue Bourguiba, \u00e0 Tunis, par l\u2019association de lutte contre la torture en Tunisie (ALTT) et l&rsquo;ONG <\/font><a href=\"http:\/\/www.hrw.org\/fr\" target=\"_blank\" rel=\"noopener\"><span><font>Human Rights Watch<\/font><\/span><\/a><font> (HRW). Selon <\/font><a href=\"http:\/\/www.cibletrade.com\/tunisie_news\/dossier_7690_tunisie__marche_pour_la_liberation_de_samir_feriani.html\" target=\"_blank\" rel=\"noopener\"><span><font>Cibletrade<\/font><\/span><\/a><font>, elle a r\u00e9uni la famille de l\u2019officier ainsi que des internautes ayant r\u00e9pondu \u00e0 l\u2019appel lanc\u00e9, entre autres, sur Facebook.<\/font><\/span><\/p>\n<p align=\"justify\"><span lang=\"FR\"><font>Mardi 14 juin,<\/font><a href=\"http:\/\/www.slate.fr\/story\/33671\/anonymous-mythes\" target=\"_blank\" rel=\"noopener\"><span><font>Anonymous<\/font><\/span><\/a><font> leur embo\u00eete le pas. Dans une vid\u00e9o post\u00e9e sur le site <\/font><a href=\"http:\/\/www.tunisienumerique.com\/2011\/06\/nouveau-message-danonymous-au-gouvernement-tunisien\/\" target=\"_blank\" rel=\"noopener\"><span><font>Tunisie Num\u00e9rique<\/font><\/span><\/a><font>, cette communaut\u00e9 d&rsquo;activistes sp\u00e9cialis\u00e9s dans l&rsquo;attaque de sites Web lance un avertissement au gouvernement provisire. Rappelant que le peuple tunisien, et particuli\u00e8rement les familles des personnes tortur\u00e9es, <em><span>\u00abont le droit \u00e0 la v\u00e9rit\u00e9 sur le r\u00e9gime de Ben Ali\u00bb<\/span><\/em>, Anonymous pr\u00e9vient que si le gouvernement ne change pas de position, <em><span>\u00abde plus en plus d\u2019associations et de groupes vont rallier l\u2019appel de Human Rights Watch\u00bb<\/span><\/em>.<\/font><\/span><\/p>\n<p align=\"justify\"><span lang=\"FR\"><font>Source : \u00ab Slate Afrique \u00bb Le 14-06-2011<\/font><\/span><\/p>\n<div>\n<p align=\"justify\"><span lang=\"FR\"><font>Lien :<\/font><a href=\"http:\/\/www.slateafrique.com\/2635\/tunisie-retour-de-la-censure-samir-feriani\" target=\"_blank\" rel=\"noopener\"><font>http:\/\/www.slateafrique.com\/2635\/tunisie-retour-de-la-censure-samir-feriani<\/font><\/a><\/span><\/p>\n<\/div>\n<h3 align=\"center\" style=\"color: blue;\"><span lang=\"NO-BOK\"><font>Les investisseurs reprennent position dans la nouvelle Tunisie<\/font> <\/span><\/h3>\n<hr\/>\n<p align=\"justify\"><span lang=\"NO-BOK\"><font>Il avait tent\u00e9 de s&rsquo;implanter en 2005, mais \u00e9tait tomb\u00e9 dans les griffes du clan <\/font><a href=\"http:\/\/www.lemonde.fr\/sujet\/26ed\/ben-ali.html\" target=\"_blank\" rel=\"noopener\"><font>Ben Ali<\/font><\/a><font>. <\/font><\/span><span lang=\"EN-US\"><font>L&rsquo;\u00e9pisode s&rsquo;\u00e9tait conclu par une spoliation de ses soci\u00e9t\u00e9s et une interdiction d&rsquo;entr\u00e9e sur le territoire. Pas \u00e9tonnant, d\u00e8s lors, que <\/font><\/span><span lang=\"NO-BOK\"><a href=\"http:\/\/www.lemonde.fr\/sujet\/4f87\/lotfi-bel.html\" target=\"_blank\" rel=\"noopener\"><span lang=\"EN-US\"><font>Lotfi Bel<\/font><\/span><\/a><\/span><span lang=\"EN-US\"><font> Hadj, patron du fonds luxembourgeois <\/font><\/span><span lang=\"NO-BOK\"><a href=\"http:\/\/www.lemonde.fr\/sujet\/e6a1\/greenrock-funds.html\" target=\"_blank\" rel=\"noopener\"><span lang=\"EN-US\"><font>Greenrock Funds<\/font><\/span><\/a><\/span><span lang=\"EN-US\"><font>, soit l&rsquo;un des premiers \u00e0 retourner en Tunisie. Avec un projet ambitieux. Cet entrepreneur franco-tunisien de 46 ans, acteur important de la compensation carbone, est en train d&rsquo;y cr\u00e9er un fonds d&rsquo;investissement \u00e9thique et solidaire.<\/font><\/span><\/p>\n<p align=\"justify\"><font><em><span lang=\"EN-US\">\u00ab\u00a0Ce fonds priv\u00e9 \u00e0 capitaux ouverts, bas\u00e9 en Tunisie, aura vocation \u00e0 s&rsquo;allier avec un fonds public pour cr\u00e9er des entreprises leaders dans chacun des secteurs \u00e9conomiques et ancr\u00e9es dans diff\u00e9rentes r\u00e9gions de Tunisie\u00a0\u00bb<\/span><\/em><span lang=\"EN-US\">, explique <\/span><\/font><span lang=\"NO-BOK\"><a href=\"http:\/\/www.lemonde.fr\/sujet\/195d\/mohammed-hadfi.html\" target=\"_blank\" rel=\"noopener\"><span lang=\"EN-US\"><font>Mohammed Hadfi<\/font><\/span><\/a><\/span><span lang=\"EN-US\"><font>, responsable du projet <\/font><\/span><span lang=\"NO-BOK\"><a href=\"http:\/\/www.lemonde.fr\/sujet\/c9a7\/insaf-fund.html\" target=\"_blank\" rel=\"noopener\"><span lang=\"EN-US\"><font>Insaf Fund<\/font><\/span><\/a><\/span><span lang=\"EN-US\"><font> (\u00e9quit\u00e9, en arabe). Ce consultant de 35 ans voit dans ces partenariats public-priv\u00e9 un bon moyen de diversifier le tissu \u00e9conomique tunisien, en sp\u00e9cialisant des bassins d&#8217;emplois r\u00e9gionaux amen\u00e9s \u00e0 devenir des p\u00f4les d&rsquo;excellence. C\u00f4t\u00e9 priv\u00e9, plusieurs dizaines de millions d&rsquo;euros sont pr\u00e9vus pour le capital de d\u00e9part de ce fonds. Lequel a d\u00e9j\u00e0 enregistr\u00e9 plusieurs projets de financement, comme le groupe de presse <\/font><\/span><span lang=\"NO-BOK\"><a href=\"http:\/\/www.lemonde.fr\/sujet\/70b8\/winpress-group.html\" target=\"_blank\" rel=\"noopener\"><span lang=\"EN-US\"><font>WinPress Group<\/font><\/span><\/a><\/span><span lang=\"EN-US\"><font>, embl\u00e9matique de l&rsquo;engagement affich\u00e9 de M. <\/font><\/span><span lang=\"NO-BOK\"><a href=\"http:\/\/www.lemonde.fr\/sujet\/5701\/bel-hadj.html\" target=\"_blank\" rel=\"noopener\"><font>Bel Hadj<\/font><\/a><font> et visant \u00e0 rompre avec le pass\u00e9 et <em><span>\u00ab\u00a0les affres du b\u00e9nalisme\u00a0\u00bb<\/span><\/em>.<\/font><\/span><\/p>\n<p align=\"justify\"><font><em><span lang=\"NO-BOK\">\u00ab\u00a0Le d\u00e9veloppement \u00e9conomique de la Tunisie ne se fera que sur de nouvelles bases : pas sur des principes FMistes, pseudo-d\u00e9mocratiques et ultralib\u00e9raux\u00a0\u00bb<\/span><\/em><span lang=\"NO-BOK\">, affirme M. Bel Hadj. M. Hadfi, son associ\u00e9, de rench\u00e9rir : <em><span>\u00ab\u00a0Les Tunisiens en ont assez de l&rsquo;approche paternaliste et veulent prendre leur destin en main.\u00a0\u00bb<\/span><\/em> <\/span><span lang=\"EN-US\">L&rsquo;enjeu est de taille. <em><span>\u00ab\u00a0La Tunisie va \u00eatre le premier pays arabe d\u00e9mocratique. Son \u00e9volution aura valeur d&rsquo;exemple. On ne doit pas et on ne peut pas \u00e9chouer\u00a0\u00bb<\/span><\/em>, conclut Lotfi Bel Hadj.<\/span><\/font><\/p>\n<p align=\"justify\"><span lang=\"EN-US\"><font>Apr\u00e8s une diminution de 25 % sur les quatre premiers mois de 2011, les investissements directs ont d\u00e9sormais le vent en poupe. Chez les Fran\u00e7ais, deux tendances s&rsquo;observent. <em><span>\u00ab\u00a0Il y a ceux qui sont d\u00e9j\u00e0 en Tunisie, qui ont pleinement confiance et continuent \u00e0 faire des extensions. Et ceux qui ont des projets d&rsquo;investissement mais qui attendent les \u00e9lections\u00a0\u00bb<\/span><\/em>, analyse un conseiller de l&rsquo;ambassade de France en Tunisie.<\/font><\/span><\/p>\n<p align=\"justify\"><span lang=\"EN-US\"><font>Fix\u00e9es au 23 octobre, les \u00e9lections pour la Constituante devraient restaurer la confiance des investisseurs. Noureddine Zekri, directeur g\u00e9n\u00e9ral de l&rsquo;Agence tunisienne de promotion des investissements \u00e9trangers (FIPA), note <em><span>\u00ab\u00a0une grande sympathie pour la r\u00e9volution\u00a0\u00bb<\/span><\/em>.<em><span>\u00ab\u00a0Les financiers croient en un meilleur environnement d&rsquo;affaires, plus transparent, avec plus de libert\u00e9 d&rsquo;investir\u00a0\u00bb<\/span><\/em>, avance-t-il. Ce qui se traduit par un niveau record de missions de prospection et la participation de 350 soci\u00e9t\u00e9s \u00e9trang\u00e8res sur les 1 000 d\u00e9j\u00e0 inscrites au <\/font><\/span><span lang=\"NO-BOK\"><a href=\"http:\/\/www.lemonde.fr\/sujet\/24e4\/tunisia-investment.html\" target=\"_blank\" rel=\"noopener\"><span lang=\"EN-US\"><font>Tunisia Investment<\/font><\/span><\/a><\/span><span lang=\"EN-US\"><font> Forum, les 16 et 17 juin, \u00e0 Carthage. Parmi elles, on note de nouveaux venus russes, am\u00e9ricains et asiatiques.<\/font><\/span><\/p>\n<p align=\"justify\"><font><em><span lang=\"EN-US\">\u00ab\u00a0Aux avantages historiques du march\u00e9 tunisien s&rsquo;ajoutent<\/span><\/em><span lang=\"EN-US\">, selon M. Zekri,<em><span> de nouveaux atouts d&rsquo;investissements, notamment pour les secteurs \u00e0 forte valeur ajout\u00e9e comme l&rsquo;a\u00e9ronautique, s&rsquo;appuyant sur une main-d&rsquo;oeuvre locale hautement qualifi\u00e9e.\u00a0\u00bb<\/span><\/em><\/span><\/font><\/p>\n<p align=\"justify\"><font><span lang=\"NO-BOK\">Philippe Santet ne voit aucune raison d&rsquo;attendre. <\/span><span lang=\"EN-US\">Associ\u00e9 fondateur de <\/span><\/font><span lang=\"NO-BOK\"><a href=\"http:\/\/www.lemonde.fr\/sujet\/4cfc\/sud-sofas.html\" target=\"_blank\" rel=\"noopener\"><span lang=\"EN-US\"><font>Sud Sofas<\/font><\/span><\/a><\/span><span lang=\"EN-US\"><font>, il travaille d\u00e9j\u00e0 au lancement pour septembre de son unit\u00e9 de production de canap\u00e9s. <em><span>\u00ab\u00a0C&rsquo;est un pays qui joint comp\u00e9titivit\u00e9 de ses co\u00fbts et proximit\u00e9, explique-t-il, avec un atout majeur d&rsquo;ouverture \u00e0 terme sur les march\u00e9s arabes et africains.\u00a0\u00bb<\/span><\/em><\/font><\/span><\/p>\n<p align=\"justify\"><span lang=\"EN-US\"><font>Source:\u201dLe Monde.fr\u201d Le 14-06-2011<\/font><\/span><\/p>\n<div>\n<p align=\"justify\"><span lang=\"NO-BOK\"><font>Lien: <\/font><a href=\"http:\/\/www.lemonde.fr\/tunisie\/article\/2011\/06\/14\/les-investisseurs-reprennent-position-dans-la-nouvelle-tunisie_1535849_1466522.html\" target=\"_blank\" rel=\"noopener\"><font>http:\/\/www.lemonde.fr\/tunisie\/article\/2011\/06\/14\/les-investisseurs-reprennent-position-dans-la-nouvelle-tunisie_1535849_1466522.html<\/font><\/a><\/span><\/p>\n<\/div>\n<p align=\"center\"><b><span lang=\"NO-BOK\"><font size=\"3\">Lina Ben Mhenni, blogueuse de la r\u00e9volution tunisienne<\/font> <\/span><\/b><\/p>\n<hr\/>\n<p>\u00a0<\/p>\n<p align=\"justify\"><b><span lang=\"NO-BOK\"><font>Elle est l\u2019une des \u00e9g\u00e9ries de la r\u00e9volution-\u00e9clair tunisienne\u2026 par Net interpos\u00e9. Lina Ben Mhenni, 27 ans, a appel\u00e9 au soul\u00e8vement sur son blog et t\u00e9moign\u00e9 des \u00e9v\u00e9nements en ligne.<\/font><\/span><\/b><\/p>\n<p align=\"justify\"><b><span lang=\"EN-US\"><font>La r\u00e9volution tunisienne en direct sur internet<\/font><\/span><\/b><\/p>\n<p align=\"justify\"><span lang=\"EN-US\"><font>C\u2019est un petit bout de femme aux yeux noirs, habill\u00e9e simplement mais soign\u00e9e comme le sont les Orientales, sourcils parfaitement \u00e9pil\u00e9s et cheveux liss\u00e9s. Elle a l\u2019air un peu effray\u00e9e d\u2019\u00eatre l\u00e0, devant ces journalistes venus l\u2019entendre.<\/font><\/span><\/p>\n<p align=\"justify\"><font><span lang=\"EN-US\">Lina Ben Mhenni est pourtant une des \u00e9g\u00e9ries de la r\u00e9volution-\u00e9clair tunisienne qui a conduit \u00e0 la chute de Ben Ali, le 14 janvier d\u2019une ann\u00e9e 2011 riche de promesses pour les pays arabes. Une r\u00e9volutionnaire d\u2019un genre nouveau, qui a men\u00e9 son combat sur le web. Sur son blog, <\/span><span lang=\"NO-BOK\"><a href=\"http:\/\/atunisiangirl.blogspot.com\/\" target=\"_blank\" rel=\"noopener\"><span lang=\"EN-US\">A Tunisian Girl<\/span><\/a><\/span><span lang=\"EN-US\">, elle a sans rel\u00e2che appel\u00e9 au soul\u00e8vement et t\u00e9moign\u00e9 en ligne.<\/span><\/font><\/p>\n<p align=\"justify\"><font><span lang=\"EN-US\">Gr\u00e2ce \u00e0 des cyberactivistes comme cette jeune femme de 27 ans, le monde a pu suivre la r\u00e9volution en direct. <\/span><span lang=\"NO-BOK\">Le bruit et la fureur de son blog sont parvenus aux oreilles d\u2019Indig\u00e8ne, l\u2019heureux \u00e9diteur du<a href=\"http:\/\/www.ouest-france.fr\/actu\/actuDet_-L-appel-aux-jeunes-du-vieil-homme-indigne_3639-1710161_actu.Htm\" target=\"_blank\" rel=\"noopener\"><i><span>Indignez-vous !<\/span><\/i><span> de St\u00e9phane Hessel<\/span><\/a>. Lina Ben Mhenni y signe un petit livre dans la m\u00eame veine, qui va lui valoir les honneurs des journaux et des plateaux t\u00e9l\u00e9 fran\u00e7ais, mais aussi allemands.<\/span><\/font><\/p>\n<p align=\"justify\"><b><span lang=\"NO-BOK\"><font>\u00ab Passer du monde virtuel au monde r\u00e9el ! \u00bb<\/font><\/span><\/b><\/p>\n<p align=\"justify\"><font><span lang=\"NO-BOK\">En Tunisie, Lina n\u2019a pas attendu le printemps arabe pour \u00eatre connue des Internautes\u2026 ni pour \u00eatre l\u2019objet des attentions de la police. Elle a commenc\u00e9 \u00e0 bloguer en 2007, sous le pseudo de Nightclubbeuse. Pas tant pour raconter ses folles nuits en bo\u00eete, bien qu\u2019elle s\u2019y rende fr\u00e9quemment \u00e0 l\u2019\u00e9poque. <\/span><b><span lang=\"EN-US\">\u00ab Je voulais parler de probl\u00e8mes sociaux, mais en Tunisie c\u2019\u00e9tait impossible. J\u2019ai pens\u00e9 que \u00e7a d\u00e9tournerait l\u2019attention. J\u2019aimais observer les gens et je voyais que certains d\u00e9pensaient beaucoup d\u2019argent, alors que d\u2019autres n\u2019avaient rien. \u00bb<\/span><\/b><\/font><\/p>\n<p align=\"justify\"><span lang=\"EN-US\"><font>Elle se lance sur Facebook, y rencontre des d\u00e9fenseurs des droits de l\u2019homme, des membres des partis d\u2019opposition. En 2008, elle s\u2019insurge aux c\u00f4t\u00e9s des travailleurs du bassin minier. Puis elle soutient des \u00e9tudiants priv\u00e9s d\u2019\u00e9tudes \u00e0 cause de leurs activit\u00e9s politiques.<\/font><\/span><\/p>\n<p align=\"justify\"><span lang=\"EN-US\"><font>Avec d\u2019autres Internautes, elle lance des manifestations contre la censure, elle qui l\u2019a subie. <b>\u00ab C\u2019\u00e9tait la premi\u00e8re fois que l\u2019on arrivait \u00e0 convaincre des gens de passer du monde virtuel au monde r\u00e9el ! \u00bb<\/b><\/font><\/span><\/p>\n<p align=\"justify\"><b><span lang=\"EN-US\"><font>\u00ab Je suis timide, Internet m\u2019a beaucoup aid\u00e9e \u00bb<\/font><\/span><\/b><\/p>\n<p align=\"justify\"><span lang=\"NO-BOK\"><font>Lina se dit programm\u00e9e pour \u00eatre activiste. <b>\u00ab Mon p\u00e8re, employ\u00e9 du minist\u00e8re des Transports, militant de gauche sous Bourguiba, a pass\u00e9 six ans en prison et a \u00e9t\u00e9 tortur\u00e9. Ma m\u00e8re, enseignante d\u2019arabe, faisait partie de l\u2019Union des \u00e9tudiants. Et mon fr\u00e8re a \u00e9t\u00e9 un des fondateurs de la section tunisienne d\u2019Amnesty International <\/b>! \u00bb<\/font><\/span><\/p>\n<p align=\"justify\"><font><span lang=\"EN-US\">Chez elle, on ne regarde pas les s\u00e9ries mexicaines ou \u00e9gyptiennes idiotes \u00e0 la t\u00e9l\u00e9. On lit, on parle politique et g\u00e9opolitique. Toute jeune, elle noircit des bouts de papier, \u00e9crit un journal intime dans lequel elle parle aussi des travers de la soci\u00e9t\u00e9. <\/span><span lang=\"NO-BOK\">Avec le web, elle trouve le moyen id\u00e9al de s\u2019exprimer. <b>\u00ab Je suis timide. J\u2019ai du mal \u00e0 parler en public. Internet m\u2019a beaucoup aid\u00e9e. \u00bb<\/b><\/span><\/font><\/p>\n<p align=\"justify\"><font><span lang=\"NO-BOK\">Sur son blog, elle \u00e9crit tour \u00e0 tour en fran\u00e7ais, en anglais, en arabe. <b>\u00ab Cela varie selon mes humeurs. <\/b><\/span><b><span lang=\"EN-US\">Et pendant la R\u00e9volution c\u2019\u00e9tait l\u2019anglais, pour toucher plus de monde. \u00bb<\/span><\/b><span lang=\"EN-US\"> La <\/span><span lang=\"NO-BOK\"><a href=\"http:\/\/www.facebook.com\/atunisiangirl\" target=\"_blank\" rel=\"noopener\"><span lang=\"EN-US\">page Facebook <\/span><i><span lang=\"EN-US\">A Tunisian Girl<\/span><\/i><\/a><\/span><span lang=\"EN-US\"> compte 22 000 abonn\u00e9s.<\/span><\/font><\/p>\n<p align=\"justify\"><span lang=\"EN-US\"><font>La jeune femme descend aussi dans l\u2019ar\u00e8ne, d\u00e9fiant sa sant\u00e9 fragile, elle qui a d\u00fb se faire greffer un rein. <b>\u00ab Un cyberactiviste doit aller sur le terrain, sentir ce que vivent les autres. On dit que la R\u00e9volution tunisienne est celle du Net, mais si elle n\u2019\u00e9tait que \u00e7a, elle n\u2019aurait jamais abouti ! \u00bb<\/b><\/font><\/span><\/p>\n<p align=\"justify\"><b><span lang=\"EN-US\"><font>\u00ab Les blogueurs ont fait le travail des journalistes ! \u00bb<\/font><\/span><\/b><\/p>\n<p align=\"justify\"><span lang=\"EN-US\"><font>Elle go\u00fbte au reportage, adore prendre des photos, m\u00eame s\u2019il faut faire face aux balles ou aux bombes lacrymog\u00e8nes. Ce qui lui vaut l\u2019inimiti\u00e9 des journalistes de son pays. <b>\u00ab Les blogueurs ont fait leur travail, ils \u00e9taient absents <\/b>! \u00bb<\/font><\/span><\/p>\n<p align=\"justify\"><font><span lang=\"NO-BOK\">Elle a pris des photos de personnes tu\u00e9es par la police, lors des manifestations de Sidi Bouzid par exemple, ville dans laquelle un jeune marchand ambulant s\u2019est immol\u00e9 par le feu. <\/span><span lang=\"EN-US\">\u00c0 envoy\u00e9 des informations aux cha\u00eenes \u00e9trang\u00e8res, dont <i>TF1<\/i> et <i>France 24<\/i>.<\/span><span lang=\"NO-BOK\">Aujourd\u2019hui, \u00e7a ne l\u2019int\u00e9resse plus. <b>\u00ab Tout le monde peut prendre des photos dans la rue ! \u00bb<\/b><\/span><\/font><\/p>\n<p align=\"justify\"><b><span lang=\"NO-BOK\"><font>\u00ab Tu ferais mieux de rester libre\u2026 \u00bb<\/font><\/span><\/b><\/p>\n<p align=\"justify\"><span lang=\"EN-US\"><font>Elle pr\u00e9f\u00e8re \u00eatre efficace autrement, en donnant des conf\u00e9rences par exemple, et elle continue \u00e0 bloguer. Elle est d\u00e9\u00e7ue des suites de la R\u00e9volution, mais n\u2019int\u00e9grera pas pour autant un parti politique. Trop ind\u00e9pendante\u2026<\/font><\/span><\/p>\n<p align=\"justify\"><span lang=\"EN-US\"><font>Professeur d\u2019anglais \u00e0 l\u2019universit\u00e9 de Tunis, Lina compte reprendre son doctorat de linguistique. Il lui faudra tout recommencer \u00e0 z\u00e9ro. En 2010, lors d\u2019un cambriolage qu\u2019elle attribue \u00e0 la police, on lui a vol\u00e9 ses ordinateurs et son travail.<\/font><\/span><\/p>\n<p align=\"justify\"><span lang=\"EN-US\"><font>Peut-\u00eatre, quand elle aura le temps, aura-t-elle \u00e0 nouveau un petit ami, elle qui est sortie avec des \u00e9tudiants et des journalistes activistes. Mais lorsqu\u2019elle parle mariage \u00e0 ses parents ceux-ci lui disent<b> : \u00ab Tu ferais mieux de rester libre\u2026 \u00bb<\/b><\/font><\/span><\/p>\n<p align=\"justify\"><b><span lang=\"EN-US\"><font>Source: \u201dOuest France\u201d Le 14-06-2011<\/font><\/span><\/b><\/p>\n<div>\n<p align=\"justify\"><b><span lang=\"NO-BOK\"><font>Lien: <\/font><a href=\"http:\/\/www.ouest-france.fr\/actu\/actuDet_-Lina-Ben-Mhenni-blogueuse-de-la-revolution-tunisienne_39382-1833661_actu.Htm\" target=\"_blank\" rel=\"noopener\"><font>http:\/\/www.ouest-france.fr\/actu\/actuDet_-Lina-Ben-Mhenni-blogueuse-de-la-revolution-tunisienne_39382-1833661_actu.Htm<\/font><\/a><\/span><\/b><\/p>\n<\/div>\n<p align=\"center\"><b><span lang=\"NO-BOK\"><a href=\"http:\/\/tempsreel.nouvelobs.com\/actualite\/monde\/20110614.OBS5103\/sondage-les-tunisiens-mefiants-mais-optimistes.html\" target=\"_blank\" rel=\"noopener\"><span><span><\/p>\n<h4 style=\"color: blue;\"><font>Sondage : les Tunisiens m\u00e9fiants mais optimistes<\/font><\/h4>\n<p><\/span><\/span><\/a> <\/span><\/b><\/p>\n<hr\/>\n<p>\u00a0<\/p>\n<p align=\"justify\"><b><span lang=\"FR\"><font>Selon le barom\u00e8tre Sigma, si 59,7% des Tunisiens ne savent pas en quel homme politique avoir confiance, 76,4% ont confiance en l&rsquo;avenir du pays. <\/font><\/span><\/b><\/p>\n<p align=\"justify\"><span lang=\"FR\"><font>Si les <b>Tunisiens<\/b> restent un peu perdus ou m\u00e9fiants face \u00e0 leur nouveau panorama politique, ils sont tr\u00e8s confiants dans l&rsquo;avenir du pays, selon le dernier barom\u00e8tre Sigma r\u00e9alis\u00e9 du 8 au 10 juin, alors que la date des \u00e9lections de l&rsquo;<b>assembl\u00e9e constituante<\/b> a \u00e9t\u00e9 officiellement report\u00e9e du 24 juillet au 23 octobre.<\/font><\/span><\/p>\n<p align=\"justify\"><span lang=\"FR\"><font>76,4% des Tunisiens interrog\u00e9s se consid\u00e8rent optimistes quant au sort de la Tunisie et ils sont 73,3% \u00e0 penser que la Tunisie va vers le progr\u00e8s contre 19,7% qui la voient aller vers le chaos.<\/font><\/span><\/p>\n<p align=\"justify\"><span lang=\"FR\"><font>Parmi les cinq propositions pr\u00e9sent\u00e9es aux interview\u00e9s portant sur la source potentielle de leur <b>peur<\/b> pour l\u2019avenir de la Tunisie, ils sont 29,5% \u00e0 redouter le chaos politique, 29,3% une <b>crise \u00e9conomique durable<\/b>, 15% le terrorisme, 11,9% le retour de la dictature et 10,4% les conflits tribaux.<\/font><\/span><\/p>\n<p align=\"justify\"><span lang=\"FR\"><font>Ils sont d&rsquo;ailleurs 87,3% \u00e0 avoir l&rsquo;intention d&rsquo;aller voter aux prochaines \u00e9lections, avec un <b>taux d&rsquo;abstention<\/b> en stagnation par rapport au mois de mai. Mais le taux d&rsquo;ind\u00e9cis, tr\u00e8s \u00e9lev\u00e9 d\u00e9j\u00e0 en mai (36%) a encore augment\u00e9 au mois de juin, passant \u00e0 41,2%. Le nouveau paysage politique tunisien semble encore flou pour la population. Il faut en effet souligner que de 11 partis politiques autoris\u00e9 sous \u00ab\u00a0l&rsquo;\u00e8re <b>Ben Ali<\/b>\u00ab\u00a0, la Tunisie est pass\u00e9e \u00e0 58 partis actifs selon l&rsquo;institut.<\/font><\/span><\/p>\n<p align=\"justify\"><b><span lang=\"FR\"><font>Ennahda en t\u00eate<\/font><\/span><\/b><\/p>\n<p align=\"justify\"><span lang=\"FR\"><font>C&rsquo;est le <b>parti islamiste<\/b> Ennahdha, clairement identifi\u00e9 par la population, qui arrive en t\u00eate des intentions de vote avec 16,9%, en hausse de 1,9 point par rapport \u00e0 mai (notamment dans le Sud et Centre Ouest), suivi du <b>PDP<\/b> (Parti d\u00e9mocrate progressiste) avec 9,5% (notamment dans Nord Est et le Centre Est). L&rsquo;Ettakatol de Mustapha Ben Jaafar obtient 3,5% (notamment dans le Grand Tunis) ; Al Watan 3,1% ; le CPR 3,0% ; le POCT 1,5% ; <b>Ettajdid<\/b> 1,0% Afek Tounes 0,9%, l\u2019Initiative 0,4%&#8230;<\/font><\/span><\/p>\n<p align=\"justify\"><span lang=\"FR\"><font>Surtout, 59,7% des Tunisiens font peu ou pas confiance aux hommes politiques (36,2% ne font confiance \u00e0 personne, 23,5% ne savent pas \u00e0 qui faire confiance). Le plus populaire du moment reste le Premier ministre <b>B\u00e9ji Ca\u00efd Essebsi<\/b> (22%), suivi de Rached Ghannouchi (Ennahdha &#8211; 8,7%), suivi de Ahmed N\u00e9jib Chebbi (PDP &#8211; 5,7%), Moncef Marzouki (Congr\u00e8s pour la R\u00e9publique &#8211; 3,6%), puis Mustapha Ben Jaafar (2,3%), Abdelfattah Mourou (1,9%), Ahmed Brahim (1,7%), Foued Mebazaa (1,2%), Hamma Hammami (1,1%), Farhat Rajhi (0,9%).<\/font><\/span><\/p>\n<p align=\"justify\"><i><span lang=\"FR\"><font>Enqu\u00eate r\u00e9alis\u00e9e par t\u00e9l\u00e9phone du 8 au 10 juin 2011, aupr\u00e8s d\u2019un \u00e9chantillon de 1014 individus de 18 ans et plus choisis selon la m\u00e9thode des quotas selon les donn\u00e9es de l\u2019INS les plus r\u00e9centes (2010). L\u2019erreur d\u2019\u00e9chantillonnage maximale est de l\u2019ordre de +ou-3%.<\/font><\/span><\/i><\/p>\n<p align=\"justify\"><span lang=\"FR\"><font>Source : \u00ab Le Nouvel Observateur \u00bb Le 14-06-2011<\/font><\/span><\/p>\n<div>\n<p align=\"justify\"><span lang=\"FR\"><font>Lien :<\/font><a href=\"http:\/\/tempsreel.nouvelobs.com\/actualite\/monde\/20110614.OBS5103\/sondage-les-tunisiens-mefiants-mais-optimistes.html\" target=\"_blank\" rel=\"noopener\"><font>http:\/\/tempsreel.nouvelobs.com\/actualite\/monde\/20110614.OBS5103\/sondage-les-tunisiens-mefiants-mais-optimistes.html<\/font><\/a><\/span><\/p>\n<\/div>\n<h4 align=\"center\" style=\"color: blue;\"><span lang=\"FR\"><a href=\"http:\/\/www.kapitalis.com\/fokus\/62-national\/4362-tunisie-selon-sigma-ennahdha-fait-la-course-en-tete.html\" target=\"_blank\" rel=\"noopener\"><span><\/p>\n<h4 style=\"color: blue;\"><font>Tunisie. Selon Sigma Ennahdha fait la course en t\u00eate<\/font><\/h4>\n<p><\/span><\/a> <\/span><\/h4>\n<hr\/>\n<p align=\"justify\"><span lang=\"FR\"><font>Ce sondage, pr\u00e9sent\u00e9 comme un \u00abbarom\u00e8tre de la vie politique en Tunisie\u00bb, a \u00e9t\u00e9 pr\u00e9sent\u00e9, samedi 11 juin, \u00e0 la conf\u00e9rence organis\u00e9e par l\u2019association Nou-R (Nouvelle R\u00e9publique) \u00e0 l\u2019h\u00f4tel Diplomat \u00e0 Tunis.  Nous pr\u00e9sentons ici ses principaux r\u00e9sultats avec toutes les r\u00e9serves requises, tout en invitant nos lecteurs \u00e0 ne pas leur donner plus de cr\u00e9dit qu\u2019ils n\u2019en ont r\u00e9ellement, en attendant que les cabinets de sondage tunisiens nous apportent la preuve ind\u00e9niable de la justesse et de la rigueur des m\u00e9thodes utilis\u00e9es.  Par ailleurs, et en l\u2019absence d\u2019un cadre r\u00e9glementaire r\u00e9gissant cette profession ou d\u2019audit des m\u00e9thodes utilis\u00e9es par nos cabinets r\u00e9alisant ces sondages, nous continuerons \u00e0 marquer nos distances vis-\u00e0-vis de leurs r\u00e9sultats.  Le dernier sondage de Sigma a port\u00e9 sur le climat politique en Tunisie ainsi que sur les intentions de vote des Tunisiens pour l\u2019assembl\u00e9e constituante du 23 octobre. Il en ressort, entre autres r\u00e9sultats annonc\u00e9s, que:  &#8211; seulement 47% des Tunisiens ont suivi le dernier discours de B\u00e9ji Ca\u00efd Essebsi et 75% l\u2019ont trouv\u00e9 convainquant; &#8211; 52,5% consid\u00e8rent que la date des \u00e9lections du 23 octobre est convenable; &#8211; 76,4% se disent optimistes quant \u00e0 l\u2019avenir de la Tunisie;  &#8211; 73,3% pensent que la Tunisie va vers le progr\u00e8s, contre 19,7% qui la voient aller vers le chaos. S\u2019agissant des sources potentielles de peur pour l\u2019avenir de leur pays, les Tunisiens ont indiqu\u00e9: &#8211; le chaos politique (29,5%); &#8211; une crise \u00e9conomique durable (29,5%); &#8211; le terrorisme (15%);  &#8211; le retour de la dictature (11,9%); &#8211; les conflits tribaux (10,4%). Questionn\u00e9s sur les mesures prioritaires qu\u2019un gouvernement \u00e9lu devrait entreprendre, les Tunisiens ont cit\u00e9, dans l\u2019ordre de priorit\u00e9: &#8211; assurer la s\u00e9curit\u00e9 dans les rues ; &#8211; diminuer le ch\u00f4mage et cr\u00e9er des emplois stables;  &#8211; assurer l\u2019existence de structures de sant\u00e9 de proximit\u00e9;  &#8211; mettre fin \u00e0 la corruption ; &#8211; am\u00e9liorer le niveau de la formation dans les \u00e9coles, les lyc\u00e9es et les universit\u00e9s.  S\u2019agissant des personnalit\u00e9s politiques auxquelles ils font plus confiance, les Tunisiens ont cit\u00e9, dans l\u2019ordre: &#8211; aucune (36,2%); &#8211; sans r\u00e9ponse (23,5%);  &#8211; B\u00e9ji Ca\u00efd Essebsi (22%);  &#8211; Rached Ghannouchi (8,7%);  &#8211; Ahmed N\u00e9jib Chebbi (5,7%);  &#8211; Moncef Marzouki (3,6%);  &#8211; Mustapha Ben Ja\u00e2far (2,3%);  &#8211; Abdelfattah Mourou (1,9%);  &#8211; Ahmed Brahim (1,7%);  &#8211; Foued Mebazaa (1,2%);  &#8211; Hamma Hammami (1,1%);  &#8211; Farhat Rajhi (0,9%). Concernant les intentions de vote, Sigma pr\u00e9sent les r\u00e9sultats suivants:  &#8211; les abstentionnistes potentiels (12,7%), dont 20,7% dans le centre-ouest et 17,9% dans le sud ; &#8211; Ennahdha (16,9%), surtout dans le sud et centre-ouest;  &#8211; Pdp (9,5%), notamment dans nord-est et le centre-est);  &#8211; Ettakatol 3,5% (notamment dans le Grand Tunis);  &#8211; Al Watan (3,1%);  &#8211; Cpr (3,0%);  &#8211; Poct (1,5%);  &#8211; Ettajdid (1,0%); &#8211; Afek Tounes (0,9%);  &#8211; L\u2019Initiative (0,4%)\u2026<\/font><\/span><\/p>\n<h4 align=\"justify\" style=\"color: blue;\"><span lang=\"FR\"><font>Source : \u00ab Kapitalis \u00bb Le 14-06-2011<\/font><\/span><\/h4>\n<div>\n<p align=\"justify\"><span lang=\"FR\"><font>Lien : <\/font><a href=\"http:\/\/www.kapitalis.com\/fokus\/62-national\/4362-tunisie-selon-sigma-ennahdha-fait-la-course-en-tete.html\" target=\"_blank\" rel=\"noopener\"><font>http:\/\/www.kapitalis.com\/fokus\/62-national\/4362-tunisie-selon-sigma-ennahdha-fait-la-course-en-tete.html<\/font><\/a><\/span><\/p>\n<\/div>\n<h4 align=\"center\" style=\"color: blue;\"><span lang=\"EN-US\"><font>Boualem Sansal, romancier alg\u00e9rien : \u00ab\u00a0A Mohamed Bouazizi\u00a0\u00bb<\/font> <\/span><\/h4>\n<hr\/>\n<p align=\"justify\"><font><strong><span lang=\"NO-BOK\">Romancier, n\u00e9 en 1949 \u00e0 Alger. Ing\u00e9nieur de formation, cet ancien haut fonctionnaire du minist\u00e8re de l&rsquo;industrie, limog\u00e9 en 2008, vit dans les environs d&rsquo;Alger. Dernier roman paru : <\/span><\/strong><em><b><span lang=\"NO-BOK\">Le Village de l&rsquo;Allemand<\/span><\/b><\/em><strong><span lang=\"NO-BOK\"> (\u00e9d. Gallimard, 2008).<\/span><\/strong><\/font><\/p>\n<p align=\"justify\"><span lang=\"NO-BOK\"><font>\u00ab\u00a0Cher fr\u00e8re,<\/font><\/span><\/p>\n<p align=\"justify\"><font><span lang=\"NO-BOK\">Je t&rsquo;\u00e9cris ces quelques lignes pour te faire savoir que nous allons plut\u00f4t bien mais \u00e7a d\u00e9pend des jours, parfois le vent tourne, il pleut du plomb, la vie nous \u00e9chappe par tous les pores. A vrai dire, je ne sais trop o\u00f9 on en est, quand on est dans la guerre jusqu&rsquo;au cou, c&rsquo;est \u00e0 la fin qu&rsquo;on voit s&rsquo;il faut faire la f\u00eate ou porter le deuil. <\/span><span lang=\"EN-US\">Et l\u00e0, vient la question cruciale : faut-il suivre ou pr\u00e9c\u00e9der les autres ; les cons\u00e9quences ne sont pas les m\u00eames, une victoire peut tourner court et il est des d\u00e9faites qui sont le d\u00e9but de vraies grandes victoires. A ce jeu de la mort surprise, il y a le temps d&rsquo;avant et il y a le temps d&rsquo;apr\u00e8s, mais il y a un seul instant, extraordinairement fugace, pour se d\u00e9cider.<\/span><\/font><\/p>\n<p align=\"justify\"><span lang=\"EN-US\"><font>Regarde ces pauvres Y\u00e9m\u00e9nites qui se sont r\u00e9jouis du d\u00e9part en civi\u00e8re de leur mis\u00e9rable Saleh. Ils se sont dit : il est mort, nous allons enfin vivre. Mais le monstre est revenu \u00e0 la vie, fou de col\u00e8re, il sera sans piti\u00e9. Les Occidentaux h\u00e9sitent \u00e0 le l\u00e2cher. Pas de rel\u00e8ve \u00e0 l&rsquo;horizon, il n&rsquo;y a que des caciques \u00e0 l&rsquo;aff\u00fbt, des djihadistes en embuscade et des tribus arm\u00e9es jusqu&rsquo;aux dents, on ne fait pas une d\u00e9mocratie avec \u00e7a.<\/font><\/span><\/p>\n<p align=\"justify\"><span lang=\"EN-US\"><font>Pareil ailleurs, les gens ne savent sur quel pied danser, Kadhafi d\u00e9sesp\u00e8re l&rsquo;humanit\u00e9, il refuse de mourir, Boutef d\u00e9sesp\u00e8re Dieu, il refuse de faire sa derni\u00e8re pri\u00e8re, et que dire de l&rsquo;Assad, il d\u00e9sesp\u00e8re la Mort, il tue plus vite qu&rsquo;elle. Qu&rsquo;il est long le \u00ab\u00a0printemps arabe\u00a0\u00bb et que les jours sont incertains !<\/font><\/span><\/p>\n<p align=\"justify\"><font><span lang=\"EN-US\">Je ne dis rien sur la Tunisie, cher Mohamed, tu es le dernier que je voudrais vexer. Mais tu le sais, les caciques dans ton pays sont comme \u00e7a, increvables, malins comme des singes, doucereux comme des assureurs, ils te promettent d&rsquo;une main ce qu&rsquo;ils sont en train de t&rsquo;enlever de l&rsquo;autre. <\/span><span lang=\"NO-BOK\">Ils le tiennent des Ph\u00e9niciens qui \u00e9taient si rus\u00e9s et si \u00e2pres qu&rsquo;on se demande comment ils ont disparu, si vraiment ils ont disparu.<\/span><\/font><\/p>\n<p align=\"justify\"><span lang=\"EN-US\"><font>Bourguiba le grand Suff\u00e8te n&rsquo;\u00e9tait que sourires et belles mani\u00e8res, il d\u00e9shabillait les gens par enchantement. Ce qu&rsquo;il leur donnait n&rsquo;\u00e9tait en v\u00e9rit\u00e9 que choses leur appartenant en propre. Que la femme ait ses droits, quoi de plus naturel. C&rsquo;est ce qu&rsquo;il a r\u00e9ussi \u00e0 faire, donner \u00e0 la Tunisienne ce qu&rsquo;elle tenait de Dieu et d&rsquo;elle-m\u00eame, la beaut\u00e9, l&rsquo;intelligence et la libert\u00e9. En Tunisie, on dit <em><span>\u00ab\u00a0Bourguiba nous a donn\u00e9&#8230;\u00a0\u00bb<\/span><\/em>, c&rsquo;est une erreur, de ces erreurs qui m\u00e8nent aux dictatures. <\/font><\/span><span lang=\"NO-BOK\"><font>Si quelqu&rsquo;un te donne, un autre peut te le reprendre. Le Bourguiba a gard\u00e9 le pouvoir trente ann\u00e9es, autant que le Moubarak et le Saleh, et c&rsquo;est un <\/font><a href=\"http:\/\/www.lemonde.fr\/sujet\/26ed\/ben-ali.html\" target=\"_blank\" rel=\"noopener\"><font>Ben Ali<\/font><\/a><font>, sa cr\u00e9ature, qui lui a succ\u00e9d\u00e9.<\/font><\/span><\/p>\n<p align=\"justify\"><span lang=\"NO-BOK\"><font>Il est temps d&rsquo;ouvrir les yeux, il n&rsquo;y a de libert\u00e9 que celle qu&rsquo;on se donne soi-m\u00eame. Si le successeur de Ben Ali promet la libert\u00e9 et la d\u00e9mocratie, il faut le chasser, c&rsquo;est un dictateur. Les Tunisiens ont mieux \u00e0 faire, n&rsquo;est-ce pas, que de lui expliquer qu&rsquo;ils se les sont donn\u00e9es eux-m\u00eames, la libert\u00e9 et la d\u00e9mocratie, et qu&rsquo;ils attendent de lui une gestion saine du budget de l&rsquo;Etat, le reste ne le concerne pas. Donc, pas de discours, pas de religion, pas de tr\u00e9molos, des actes, point ! Et gare aux notables, ce sont des voleurs de r\u00e9volutions.<\/font><\/span><\/p>\n<p align=\"justify\"><span lang=\"NO-BOK\"><font>Les autres bandits de la confr\u00e9rie, les Bouteflika, les Moubarak, les Ben Ali, les Assad et consorts, avaient bien tent\u00e9 d&rsquo;imiter Bourguiba, mais n&rsquo;est pas Bourguiba qui veut, ils revinrent vite \u00e0 leur vraie nature : le meurtre, la torture, le vol.<\/font><\/span><\/p>\n<p align=\"justify\"><span lang=\"EN-US\"><font>J\u00e9sus a dit quelque chose comme \u00e7a : Celui qui fait le vin n&rsquo;est pas celui qui le boit. Toi, Mohamed, noble et courageux rejeton de <\/font><\/span><span lang=\"NO-BOK\"><a href=\"http:\/\/www.lemonde.fr\/sujet\/2f6c\/sidi-bouzid.html\" target=\"_blank\" rel=\"noopener\"><span lang=\"EN-US\"><font>Sidi Bouzid<\/font><\/span><\/a><\/span><span lang=\"EN-US\"><font>, tu as d\u00e9livr\u00e9 l&rsquo;\u00e9tincelle, ta t\u00e2che est termin\u00e9e, il nous revient de finir le travail. Et, croix de bois, croix de fer, nous le ferons, nos enfants vivront dans la paix que nous leur pr\u00e9parons.<\/font><\/span><\/p>\n<p align=\"justify\"><span lang=\"EN-US\"><font>Mais voyons le fond. Celui qui ne sait o\u00f9 aller, peut-il trouver le chemin ? Chasser le dictateur, est-ce la fin ? De ta place, bienheureux Mohamed, tout pr\u00e8s de Dieu, tu le sais, les chemins ne m\u00e8nent pas tous \u00e0 Rome, chasser le tyran ne donne pas la libert\u00e9. Les prisonniers aiment quitter une prison pour une autre, histoire de changer d&rsquo;air et de gagner un petit quelque chose au passage. Et l\u00e0, tu vois, j&rsquo;ai peur pour nos r\u00e9volutionnaires, ils manquent de perspective. En Alg\u00e9rie, en 1988-1989, nous avons chass\u00e9 le dictateur Chadli, qui n&rsquo;\u00e9tait pas le pire des bandits, et qu&rsquo;avons-nous fait apr\u00e8s, nous nous sommes jet\u00e9s dans les bras des islamistes, nous nous sommes adonn\u00e9s \u00e0 corps perdus au trabendo, cette petite contrebande canc\u00e9rig\u00e8ne, et, petits ruisseaux faisant les grandes rivi\u00e8res, nous avons fabriqu\u00e9 des trafiquants plan\u00e9taires. Est-ce tout ? Que non, que non, nous avons abandonn\u00e9 nos enfants, ils sont all\u00e9s nourrir les poissons en mer ou se sont perdus dans les cloaques de l&rsquo;\u00e9migration clandestine, sur une promesse de vie st\u00e9rile et courte. Et tout fiers, nous nous sommes acoquin\u00e9s \u00e0 un Bouteflika, le pire des bandits sur terre.<\/font><\/span><\/p>\n<p align=\"justify\"><span lang=\"EN-US\"><font>Cher Mohamed, si tu pouvais revenir, dis-leur que tu ne t&rsquo;es pas immol\u00e9 pour \u00e7a, tu voulais que la dictature et ses ombres, toutes ses ombres, le clanisme et le n\u00e9potisme comme des camisoles de force, le racisme d&rsquo;Etat et l&rsquo;antis\u00e9mitisme comme seul regard sur le monde, l&rsquo;islamisme ou l&rsquo;exil comme seules esp\u00e9rances, que toutes ces choses mortif\u00e8res disparaissent de notre chemin et c\u00e8dent la place \u00e0 la vie propre, tranquille, chaleureuse, amicale.<\/font><\/span><\/p>\n<p align=\"justify\"><font><span lang=\"EN-US\">Cher Mohamed, cher h\u00e9ros, il n&rsquo;est pas donn\u00e9 \u00e0 la m\u00eame personne d&rsquo;allumer le feu et de cuire la soupe, mais il est juste que tous y trempent leur pain. Il nous faut nous lib\u00e9rer de nos maux mais aussi soigner les mesquins, les d\u00e9traqu\u00e9s, les imams fous, les trafiquants. Sinon, on remplacera une \u00e9lite ignare et corrompue par une \u00e9lite jargonneuse tout aussi profiteuse, vivant pour l&rsquo;essentiel en Occident o\u00f9 la d\u00e9mocratie locale les accepte mal, car telle est la d\u00e9mocratie, elle ne reconna\u00eet que les siens, ceux qui se sont battus pour elle. <\/span><span lang=\"NO-BOK\">J&rsquo;ai l&rsquo;impression que les choses se passent ainsi dans ce monde arabe qui tente de se r\u00e9veiller de plusieurs si\u00e8cles de r\u00eavasseries et de despotisme, mais c&rsquo;est vrai que dans le fracas et la fum\u00e9e des r\u00e9pressions, on distingue mal le vrai du faux. <\/span><span lang=\"EN-US\">L&rsquo;urgent est imp\u00e9rieux, il emp\u00eache de voir loin.<\/span><\/font><\/p>\n<p align=\"justify\"><span lang=\"EN-US\"><font>C&rsquo;est cela que je voulais te dire, cher Mohamed. Si tu pouvais te manifester pour nous \u00e9clairer, ce serait bien. L\u00e0-haut, vous savez l&rsquo;avenir du monde.\u00a0\u00bb<\/font><\/span><\/p>\n<p align=\"justify\"><span lang=\"EN-US\"><font>Source: \u201cLe Monde.fr\u201d Le 14-06-2011<\/font><\/span><\/p>\n<div>\n<p align=\"justify\"><span lang=\"NO-BOK\"><font>Lien: <\/font><a href=\"http:\/\/www.lemonde.fr\/afrique\/article\/2011\/06\/14\/boualem-sansal-romancier-algerien-a-mohamed-bouazizi_1535844_3212.html\" target=\"_blank\" rel=\"noopener\"><font>http:\/\/www.lemonde.fr\/afrique\/article\/2011\/06\/14\/boualem-sansal-romancier-algerien-a-mohamed-bouazizi_1535844_3212.html<\/font><\/a><\/span><\/p>\n<\/div>\n<div align=\"center\"><strong><\/p>\n<h4 style=\"color: blue;\"><font size=\"3\">Donald Kaberuka : \u00ab\u00a0Les r\u00e9formes \u00e9conomiques doivent mener \u00e0 des r\u00e9formes politiques\u00a0\u00bb<\/font><\/h4>\n<p><\/strong> \u00a0<\/div>\n<div align=\"justify\">\n<hr\/>\n<\/div>\n<div align=\"justify\"> <font>Solidarit\u00e9 Sud-Sud, partenaires asiatiques, n\u00e9gociations de contrats et implication de l&rsquo;\u00c9tat. Le pr\u00e9sident de la Banque africaine de d\u00e9veloppement esquisse des solutions pour le continent.  Lire l&rsquo;article sur Jeuneafrique.com : Finance : l&rsquo;heure des comptes | Donald Kaberuka : \u00ab\u00a0Les r\u00e9formes \u00e9conomiques doivent mener \u00e0 des r\u00e9formes politiques\u00a0\u00bb | Jeuneafrique.com &#8211; le premier site d&rsquo;information et d&rsquo;actualit\u00e9 sur l&rsquo;Afrique   Au lendemain de la r\u00e9volution tunisienne, un exemple pr\u00e9cis vient \u00e0 Donald Kaberuka pour illustrer la complexit\u00e9 des relations qu&rsquo;entretient l&rsquo;Afrique avec les pays \u00e9mergents. La Chine, souligne-t-il, ne s&rsquo;est pas empress\u00e9e d&rsquo;aider la Tunisie face \u00e0 sa baisse de r\u00e9gime au plan \u00e9conomique. Le modeste pr\u00eat de 150 millions d&rsquo;euros allou\u00e9 par l&rsquo;Union europ\u00e9enne donnait pourtant \u00e0 P\u00e9kin l&rsquo;opportunit\u00e9 de surpasser encore une fois l&rsquo;Occident et de respecter ses promesses de solidarit\u00e9 Sud-Sud.  Au bout du compte, ce sont la Banque africaine de d\u00e9veloppement (BAD) et la Banque mondiale qui auront saut\u00e9 sur l&rsquo;occasion, offrant chacune \u00e0 la Tunisie un pr\u00eat de 500 millions d&rsquo;euros. \u00ab La Chine est int\u00e9ress\u00e9e par le p\u00e9trole et les minerais. Si vous n&rsquo;avez ni l&rsquo;un ni l&rsquo;autre, elle ne s&#8217;empressera pas de vous venir en aide \u00bb, r\u00e9sume le pr\u00e9sident de la BAD, \u00e9voquant des rapports qui sont bien loin de la th\u00e9orie du \u00ab gagnant-gagnant \u00bb.  Double strat\u00e9gie  Donald Kaberuka est plus int\u00e9ress\u00e9 par les avantages tangibles que ces partenaires peuvent lui apporter. Si, il y a dix ans, la BAD faisait appel aux entrepreneurs chinois dans seulement 20 % de ses projets de routes, aujourd&rsquo;hui les Chinois construisent 60 % des axes financ\u00e9s par la banque. Les investisseurs europ\u00e9ens pourraient esp\u00e9rer que leurs entrepreneurs nationaux aient droit \u00e0 \u00ab une part du g\u00e2teau \u00bb plus importante, mais l&rsquo;Afrique n&rsquo;a pas de temps \u00e0 perdre?: \u00ab Pour rattraper la Chine, elle a besoin d&rsquo;une croissance \u00e9conomique \u00e0 deux chiffres pendant au moins vingt ans. \u00bb  Pour aider le continent \u00e0 tirer profit au mieux des partenariats avec l&rsquo;Asie, la BAD a une double strat\u00e9gie. La premi\u00e8re est de profiter du savoir-faire et des exp\u00e9riences de ces pays. La seconde est de s&rsquo;assurer que les \u00c9tats africains obtiennent des accords int\u00e9ressants lorsqu&rsquo;ils n\u00e9gocient avec de nouveaux partenaires qui ont des vues sur les richesses brutes du continent. \u00ab Les mod\u00e8les de croissance dans le monde sont en train de changer. Mais ce n&rsquo;est que depuis les ann\u00e9es 2000 que nous avons constat\u00e9 cet attrait des \u00e9conomies \u00e9mergentes, souligne Kaberuka. Il y a les pays du Golfe, l&rsquo;Inde, la Chine, le Br\u00e9sil, l&rsquo;Indon\u00e9sie et tous les pays membres du G20. Nous essayons d&rsquo;apprendre de tout le monde. \u00bb  S&rsquo;\u00e9loigner du mod\u00e8le d&rsquo;\u00e9conomie de march\u00e9 lib\u00e9ral de Washington a \u00e9t\u00e9 une lib\u00e9ration en soi. Le prix des denr\u00e9es alimentaires est en train d&rsquo;augmenter sous l&rsquo;influence de la nouvelle classe moyenne chinoise. Mais l&rsquo;application stricte d&rsquo;une doctrine d&rsquo;\u00e9conomie lib\u00e9rale, combin\u00e9e \u00e0 des programmes d&rsquo;ajustements structurels, a emp\u00each\u00e9 les agriculteurs africains de profiter des retomb\u00e9es de cette hausse des prix. \u00ab L&rsquo;\u00c9tat doit s&rsquo;investir davantage aupr\u00e8s des fermiers. Je ne suis pas pour les subventions \u00e0 la consommation, mais je suis un fervent d\u00e9fenseur du soutien \u00e0 la production par l&rsquo;\u00c9tat, si besoin est. Comme au Malawi, par exemple, o\u00f9 les autorit\u00e9s ont mis en place un soutien \u00e0 la production agricole, cibl\u00e9 et limit\u00e9 dans le temps. \u00bb   Richesses accapar\u00e9es  Le pr\u00e9sident de la BAD pense qu&rsquo;il y a aussi des le\u00e7ons \u00e0 apprendre des pays asiatiques. Mais il rejette l&rsquo;id\u00e9e de l&rsquo;homme providentiel par qui viendra le salut. Il cite la Tunisie, parfait exemple de \u00ab dictature scientifique \u00bb. Elle a permis \u00e0 92 % de la population tunisienne d&rsquo;acc\u00e9der \u00e0 la propri\u00e9t\u00e9, elle a assur\u00e9 l&rsquo;acc\u00e8s \u00e0 l&rsquo;eau et \u00e0 l&rsquo;\u00e9lectricit\u00e9 \u00e0 84 % des citoyens, elle a encourag\u00e9 l&rsquo;\u00e9ducation des filles. ce qui n&rsquo;a pas emp\u00each\u00e9 le syst\u00e8me d&rsquo;exploser. \u00ab Cette r\u00e9volution ne s&rsquo;est pas faite uniquement au nom du pain. Elle s&rsquo;est faite au nom de la libert\u00e9, contre la corruption d&rsquo;un r\u00e9gime qui accaparait toutes les richesses. Certains croient que l&rsquo;autoritarisme politique peut conduire au d\u00e9veloppement, mais ce d\u00e9veloppement ne sera jamais durable de cette mani\u00e8re. Arriv\u00e9es \u00e0 un certain point, les r\u00e9formes \u00e9conomiques doivent mener \u00e0 des r\u00e9formes politiques. \u00bb  Le probl\u00e8me du d\u00e9veloppement offert par les r\u00e9gimes autoritaires est qu&rsquo;il ne b\u00e9n\u00e9ficie qu&rsquo;\u00e0 une infime \u00e9lite, explique Donald Kaberuka. Pour illustrer sa foi en des \u00adr\u00e9formes \u00e9conomiques qui profitent \u00e0 tout le peuple, il prend l&rsquo;exemple du Br\u00e9sil. Le pays a r\u00e9ussi \u00e0 garantir la stabilit\u00e9 sous le mandat du \u00adpr\u00e9sident Fernando Henrique Cardoso, et Luiz In\u00e1cio \u00ab Lula \u00bb da Silva a encourag\u00e9 l&rsquo;int\u00e9gration sociale et une meilleure r\u00e9partition des richesses. \u00ab Lula a mis en place des filets de s\u00e9curit\u00e9 sociaux. N&rsquo;importe quel pays aux revenus moyens qui ne garantit pas l&rsquo;int\u00e9gration sociale se retrouve pi\u00e9g\u00e9. Les probl\u00e8mes surgissent quand certains groupes de la soci\u00e9t\u00e9 vont de l&rsquo;avant et que d&rsquo;autres se retrouvent abandonn\u00e9s derri\u00e8re. \u00bb  La cl\u00e9 pour tirer profit au mieux des accords avec les pays \u00e9mergents, explique Kaberuka, c&rsquo;est de s&rsquo;assurer que les contrats concernant l&rsquo;exploitation des ressources ont \u00e9t\u00e9 mis au point par des professionnels hors pair. Il faut aussi que les \u00c9tats s&rsquo;assurent que ces contrats sont respect\u00e9s et mis en application. La BAD a ainsi lanc\u00e9 la Facilit\u00e9 africaine de soutien juridique (ALSF), une instance ind\u00e9pendante dont l&rsquo;objectif est d&rsquo;aider les pays lors de la n\u00e9gociation des contrats et de combattre le d\u00e9tournement de fonds publics. L&rsquo;instance, qui propose ses conseils \u00e0 des prix comp\u00e9titifs, organise aussi des stages de formation gratuits. Elle est entr\u00e9e en activit\u00e9 il y a un an. Des pays comme la Tanzanie, l&rsquo;Ouganda, le Niger, le Burkina et le Rwanda ont d\u00e9j\u00e0 fait appel \u00e0 son expertise lors de la n\u00e9gociation de contrats complexes concernant des accords pass\u00e9s avec la Chine, l&rsquo;Inde ou le Br\u00e9sil, dans les secteurs de l&rsquo;agroalimentaire, de l&rsquo;\u00e9nergie ou des mines.   Intransigeant  Pour Kaberuka, seuls des contrats mieux \u00e9labor\u00e9s permettront \u00e0 l&rsquo;Afrique de mieux g\u00e9rer l&rsquo;attrait de ses partenaires pour ses ressources. \u00ab Cela ne peut pas \u00eatre comme en Sierra Leone o\u00f9, dans le pass\u00e9, les investisseurs venaient et partaient, laissant derri\u00e8re eux un gros trou dans la terre. \u00bb Le patron de la BAD est tout aussi intransigeant envers les leaders africains, qui doivent garantir la stabilit\u00e9 \u00e9conomique de leur pays. \u00ab R\u00e9cemment, j&rsquo;ai vu trop de gouvernements annuler des contrats sign\u00e9s par leur pr\u00e9d\u00e9cesseurs. Cela tue la confiance des investisseurs. \u00bb  Mais pour commencer, pr\u00e9cise-t-il, il faut assurer une meilleure gouvernance et encourager l&rsquo;int\u00e9gration des march\u00e9s africains, pour que chacun puisse profiter de la diversit\u00e9 du continent et de ses \u00e9conomies d&rsquo;\u00e9chelle. L&rsquo;Afrique doit conna\u00eetre une int\u00e9gration r\u00e9gionale pour \u00eatre capable de mieux n\u00e9gocier avec ses partenaires et faire d\u00e9coller son \u00e9conomie. \u00ab Si vous additionnez les r\u00e9serves de devises \u00e9trang\u00e8res des pays africains, elles sont plus importantes que celles de l&rsquo;Inde?! \u00bb La nature de la croissance et la redistribution des richesses qu&rsquo;elle engendre sont essentielles, insiste-t-il. L&rsquo;int\u00e9gration sociale n&rsquo;est pas un luxe, c&rsquo;est une condition n\u00e9cessaire au d\u00e9veloppement.<\/font><\/div>\n<div align=\"justify\"> <font><strong>(Source: \u201c<\/strong><font>j<\/font><strong>euneafrique\u201d le 14 juin 2011)<\/strong><\/font> <a target=\"_blank\" rel=\"noopener\"><font>http:\/\/www.jeuneafrique.com\/Articles\/Dossier\/ARTJAJA2629p094-095.xml0\/bad-burkina-niger-uedonald-kaberuka-les-reformes-economiques-doivent-mener-a-des-reformes-politiques.html<\/font><\/a><\/div>\n<div>\n<hr\/>\n<\/div>\n<div><font face=\"Arial\" size=\"2\">AFP, le 7 juin 2011 \u00e0 12h35 GMT<\/font><\/div>\n<div align=\"center\">\n<h4 style=\"color: blue;\"><font face=\"Arial\"><strong>Alg\u00e9rie: le CNT libyen pr\u00e9dit un rapide renforcement des liens avec Alger<\/strong><\/font><\/h4>\n<\/div>\n<div align=\"center\">\n<hr\/>\n<\/div>\n<div><font face=\"Arial\" size=\"2\">ALGER, 07 Jui 2011 (AFP) &#8211; Le Conseil national de transition (CNT) libyen a pr\u00e9dit un rapide renforcement des liens avec Alger tout en l&rsquo;accusant \u00e0 nouveau d&rsquo;avoir soutenu le chef libyen Mouammar Kadhafi par l&rsquo;envoi de mercenaires, dans un entretien mardi au quotidien alg\u00e9rien Echourouk.<\/font><\/div>\n<div><font face=\"Arial\" size=\"2\">Le vice-pr\u00e9sident du CNT Abdelhafidh Ghoka a affirm\u00e9 au journal \u00eatre en possession d'\u00a0\u00bbinformations et de documents prouvant que des avions militaires alg\u00e9riens ont effectu\u00e9 des vols quotidiens vers quatre a\u00e9roports militaires dont ceux de Sebha, Maatikia et Benina\u00a0\u00bb, respectivement situ\u00e9s \u00e0 800 km au sud de Tripoli, et dans les banlieues de Tripoli et Benghazi.<\/font><\/div>\n<div><font face=\"Arial\" size=\"2\">Cela s&rsquo;est produit, a-t-il dit, \u00ab\u00a0les 17, 18 et 19 f\u00e9vrier\u00a0\u00bb.<\/font><\/div>\n<div><font face=\"Arial\" size=\"2\">\u00ab\u00a0Nous parlons des jours qui ont pr\u00e9c\u00e9d\u00e9 l&#8217;embargo a\u00e9rien\u00a0\u00bb contre la Libye, faisait r\u00e9f\u00e9rence au vote le 18 mars de la r\u00e9solution 1973 du Conseil de S\u00e9curit\u00e9.<\/font><\/div>\n<div><font face=\"Arial\" size=\"2\">\u00ab\u00a0Nous avons des morts alg\u00e9riens identifi\u00e9s qui faisaient partie des troupes de Kadhafi en guerre contre le peuple libyen\u00a0\u00bb, a affirm\u00e9 le vice-pr\u00e9sident du CNT. \u00ab\u00a0Nous avons \u00e9galement des prisonniers alg\u00e9riens parmi les milliers de prisonniers arabes et des pays voisins\u00a0\u00bb.<\/font><\/div>\n<div><font face=\"Arial\" size=\"2\">M. Ghoka a avou\u00e9 ne \u00ab\u00a0pas comprendre la position alg\u00e9rienne\u00a0\u00bb. Il s&rsquo;est dit \u00ab\u00a0\u00e9tonn\u00e9\u00a0\u00bb par l&rsquo;attitude \u00ab\u00a0de certains pays arabes dont l&rsquo;Alg\u00e9rie, qui ont eu des positions pas claires du tout face \u00e0 l&rsquo;extermination sauvage perp\u00e9tr\u00e9e contre les Libyens.\u00a0\u00bb<\/font><\/div>\n<div><font face=\"Arial\" size=\"2\">Alger a d\u00e9menti \u00e0 plusieurs reprises l&rsquo;envoi de mercenaires en Libye. Le 1er juin, le haut commandant des forces am\u00e9ricaines pour l&rsquo;Afrique (Africom), le g\u00e9n\u00e9ral Carter Ham, avait d\u00e9clar\u00e9 \u00e0 Alger ne pas \u00eatre en possession d&rsquo;informations \u00e0 ce sujet.<\/font><\/div>\n<div><font face=\"Arial\" size=\"2\">Le vice-pr\u00e9sident du CNT a n\u00e9anmoins estim\u00e9 que les liens du CNT et de l&rsquo;Alg\u00e9rie \u00ab\u00a0se renforceront dans les prochains jours\u00a0\u00bb, avant, a-t-il esp\u00e9r\u00e9, \u00ab\u00a0la chute de Kadhafi\u00a0\u00bb.<\/font><\/div>\n<div><font face=\"Arial\" size=\"2\">\u00ab\u00a0Nous ne voulons cr\u00e9er aucune inimiti\u00e9 avec aucun pays, que dire alors d&rsquo;un pays fr\u00e8re et voisin comme l&rsquo;Alg\u00e9rie!\u00a0\u00bb<\/font><\/div>\n<div><font face=\"Arial\" size=\"2\">Les autorit\u00e9s alg\u00e9riennes ont confirm\u00e9 dimanche avoir ordonn\u00e9 le gel des avoirs des dirigeants libyens sur leur territoire, conform\u00e9ment aux directives du Conseil de s\u00e9curit\u00e9 de l&rsquo;Onu.<\/font><\/div>\n<div><font face=\"Arial\" size=\"2\">AFP, le 7 juin 2011 \u00e0 18h04 GMT<\/font><\/div>\n<hr\/>\n<div align=\"center\">\n<h4 style=\"color: blue;\"><font face=\"Arial\"><strong>Moines de Tib\u00e9hirine: une expertise contredit la th\u00e8se d&rsquo;un ouvrage r\u00e9cent<\/strong><\/font><\/h4>\n<\/div>\n<div align=\"center\">\n<hr\/>\n<\/div>\n<div><font face=\"Arial\" size=\"2\">PARIS, 07 Jui 2011 (AFP) &#8211; Une r\u00e9cente expertise fran\u00e7aise r\u00e9alis\u00e9e dans le cadre de l&rsquo;enqu\u00eate sur la mort des moines de Tib\u00e9hirine en 1996 en Alg\u00e9rie ne corrobore pas la th\u00e8se \u00e9mise r\u00e9cemment dans un ouvrage sur la fa\u00e7on dont les moines ont pu \u00eatre tu\u00e9s, ont indiqu\u00e9 des experts.<\/font><\/div>\n<div><font face=\"Arial\" size=\"2\">Dans un r\u00e9cent ouvrage, l&rsquo;\u00e9crivain Ren\u00e9 Guitton \u00e9labore, \u00e0 partir de photos des t\u00eates des moines vers\u00e9es au dossier en 2006 et de sp\u00e9cialistes qu&rsquo;il a consult\u00e9s, des hypoth\u00e8ses sur la mort des moines.<\/font><\/div>\n<div><font face=\"Arial\" size=\"2\">Chaque t\u00eate \u00ab\u00a0porte un seul impact de balle\u00a0\u00bb apr\u00e8s un tir \u00ab\u00a0dirig\u00e9 de haut vers le bas\u00a0\u00bb selon M. Guitton pour qui les moines ont pu \u00eatre ex\u00e9cut\u00e9s chacun d&rsquo;une balle par des hommes debout alors qu&rsquo;ils \u00e9taient agenouill\u00e9s.<\/font><\/div>\n<div><font face=\"Arial\" size=\"2\">L&rsquo;\u00e9crivain \u00e9voque en particulier des points d&rsquo;entr\u00e9e et de sortie sur certains cr\u00e2nes et d\u00e9crit une \u00ab\u00a0trajectoire de passage\u00a0\u00bb unique, \u00ab\u00a0tr\u00e8s diff\u00e9rente de celle qui aurait \u00e9t\u00e9 provoqu\u00e9e par l&rsquo;utilisation d&rsquo;une arme blanche ou d&rsquo;un objet contondant\u00a0\u00bb.<\/font><\/div>\n<div><font face=\"Arial\" size=\"2\">Une expertise m\u00e9dicale \u00e0 partir de ces photos, ordonn\u00e9e par le juge fran\u00e7ais Marc Tr\u00e9vidic, ne confirme pas l&rsquo;hypoth\u00e8se d&rsquo;une trajectoire unique de balle par cr\u00e2ne.<\/font><\/div>\n<div><font face=\"Arial\" size=\"2\">\u00ab\u00a0Les conclusions de l&rsquo;ouvrage de M. Ren\u00e9 Guitton d\u00e9coulent de constructions que rien ne nous permet d&rsquo;\u00e9voquer sur les documents photographiques port\u00e9s \u00e0 notre connaissance\u00a0\u00bb, \u00e9crivent les deux experts dans leur rapport du 11 mai qu&rsquo;a pu consulter l&rsquo;AFP.<\/font><\/div>\n<div><font face=\"Arial\" size=\"2\">\u00ab\u00a0Sur les documents photographiques qui nous ont \u00e9t\u00e9 confi\u00e9s, nous n&rsquo;avons aucun \u00e9l\u00e9ment concernant les cr\u00e2nes 1 \u00e0 6 pour \u00e9voquer l&rsquo;hypoth\u00e8se de l&rsquo;auteur\u00a0\u00bb, ajoutent-ils en r\u00e9f\u00e9rence \u00e0 l&rsquo;hypoth\u00e8se de points d&rsquo;entr\u00e9e et de sortie sur six cr\u00e2nes reproduits dans l&rsquo;ouvrage sous forme de dessins.<\/font><\/div>\n<div><font face=\"Arial\" size=\"2\">Les sept moines avaient \u00e9t\u00e9 enlev\u00e9s fin mars 1996 dans leur monast\u00e8re isol\u00e9 situ\u00e9 pr\u00e8s de Medea. Le Groupe islamique arm\u00e9 (GIA) de Djamel Zitouni avait revendiqu\u00e9 l&rsquo;enl\u00e8vement et l&rsquo;assassinat des moines.<\/font><\/div>\n<div><font face=\"Arial\" size=\"2\">Les t\u00eates des sept moines ont \u00e9t\u00e9 retrouv\u00e9es le 30 mai au bord d&rsquo;une route de montagne. Leurs corps n&rsquo;ont jamais \u00e9t\u00e9 retrouv\u00e9s.<\/font><\/div>\n<div><font face=\"Arial\" size=\"2\">L&rsquo;enqu\u00eate s&rsquo;est r\u00e9orient\u00e9e depuis 2009 et le t\u00e9moignage d&rsquo;un ancien attach\u00e9 de d\u00e9fense \u00e0 Alger, le g\u00e9n\u00e9ral Buchwalter, vers une bavure de l&rsquo;arm\u00e9e alg\u00e9rienne.<\/font><\/div>\n<hr\/>\n<div><font face=\"Arial\" size=\"2\">Reuters, le 13 juin 2011 \u00e0 16h25 GMT<\/font><\/div>\n<div align=\"center\">\n<h4 style=\"color: blue;\"><font face=\"Arial\"><strong>Erdogan promet le dialogue sur la nouvelle Constitution turque<\/strong><\/font><\/h4>\n<\/div>\n<div align=\"center\">\n<hr\/>\n<\/div>\n<div><font face=\"Arial\" size=\"2\">* L&rsquo;AKP signe son meilleur score depuis 2002<\/font><\/div>\n<div><font face=\"Arial\" size=\"2\">* Il n&rsquo;a cependant pas la majorit\u00e9 qualifi\u00e9e au Parlement<\/font><\/div>\n<div><font face=\"Arial\" size=\"2\">* Une victoire bien accueillie par les march\u00e9s<\/font><\/div>\n<div><font face=\"Arial\" size=\"2\">par Pinar Aydinli et Ibon Villelabeitia<\/font><\/div>\n<div><font face=\"Arial\" size=\"2\">ANKARA, 13 juin (Reuters) &#8211; Le Premier ministre Recep Tayyip Erdogan sort renforc\u00e9 des \u00e9lections l\u00e9gislatives de dimanche en Turquie mais son parti conservateur AKP devra trouver des alli\u00e9s pour amender la Constitution h\u00e9rit\u00e9e du coup d&rsquo;Etat militaire de 1980.<\/font><\/div>\n<div><font face=\"Arial\" size=\"2\">L&rsquo;AKP, le Parti de la Justice et du D\u00e9veloppement, a recueilli 49,9% des suffrages, son meilleur score \u00e0 des l\u00e9gislatives depuis son arriv\u00e9e au pouvoir en 2002.<\/font><\/div>\n<div><font face=\"Arial\" size=\"2\">Cette victoire lui permet d&rsquo;obtenir 326 des 550 si\u00e8ges au Parlement. C&rsquo;est toutefois quatre de moins que le nombre exig\u00e9 pour la convocation d&rsquo;un r\u00e9f\u00e9rendum sur une nouvelle Constitution.<\/font><\/div>\n<div><font face=\"Arial\" size=\"2\">March\u00e9s financiers et investisseurs ont bien accueilli ce r\u00e9sultat qui force le parti au pouvoir \u00e0 trouver un compromis avec d&rsquo;autres forces politiques.<\/font><\/div>\n<div><font face=\"Arial\" size=\"2\">La livre turque s&rsquo;est renforc\u00e9e contre le dollar et les emprunts d&rsquo;Etat ont r\u00e9agi favorablement.<\/font><\/div>\n<div><font face=\"Arial\" size=\"2\">\u00ab\u00a0La nouvelle Constitution exige le consensus, le dialogue avec d&rsquo;autres partis et la soci\u00e9t\u00e9 en g\u00e9n\u00e9ral\u00a0\u00bb, souligne Cengiz Aktar, professeur \u00e0 l&rsquo;universit\u00e9 Bahcesehir d&rsquo;Istanbul.<\/font><\/div>\n<div><font face=\"Arial\" size=\"2\">\u00ab\u00a0Nous allons voir si Erdogan et sa majorit\u00e9 sont pr\u00eats \u00e0 cela o\u00f9 s&rsquo;ils veulent poursuivre seuls leur route et imposer leurs propres vues &#8211; dans ce dernier cas, il faut s&rsquo;attendre \u00e0 des temps difficiles.\u00a0\u00bb<\/font><\/div>\n<div><font face=\"Arial\" size=\"2\">\u00ab\u00a0Les r\u00e9sultats de cette \u00e9lection pointent vers le meilleur sc\u00e9nario possible pour les march\u00e9s: une solide majorit\u00e9 de l&rsquo;AKP mais pas de majorit\u00e9 \u00e0 330 si\u00e8ges requise pour amender la Constitution et la soumettre \u00e0 r\u00e9f\u00e9rendum\u00a0\u00bb, dit Wolfango Piccoli, un analyste bas\u00e9 \u00e0 Londres.<\/font><\/div>\n<div><font face=\"Arial\" size=\"2\">\u00ab\u00a0En n&rsquo;atteignant pas les 330 \u00e9lus, l&rsquo;AKP va devoir entamer des n\u00e9gociations avec l&rsquo;opposition pour obtenir les changements qu&rsquo;il souhaite.\u00a0\u00bb<\/font><\/div>\n<div><font face=\"Arial\" size=\"2\">\u00ab\u00a0LA TURQUIE L&rsquo;AIME\u00a0\u00bb<\/font><\/div>\n<div><font face=\"Arial\" size=\"2\">La presse salue lundi le succ\u00e8s de l&rsquo;AKP qui offre \u00e0 Erdogan un troisi\u00e8me mandat \u00e0 la t\u00eate du gouvernement.<\/font><\/div>\n<div><font face=\"Arial\" size=\"2\">\u00ab\u00a0La Turquie l&rsquo;aime\u00a0\u00bb, \u00ab\u00a0Le ma\u00eetre des urnes\u00a0\u00bb: ces titres qui barrent la une de deux journaux donnent le ton.<\/font><\/div>\n<div><font face=\"Arial\" size=\"2\">Mais les adversaires du Premier ministre craignent que, fort de cette victoire, il ne cherche \u00e0 renforcer son pouvoir et \u00e0 museler l&rsquo;opposition.<\/font><\/div>\n<div><font face=\"Arial\" size=\"2\">S&rsquo;adressant \u00e0 des milliers de ses partisans dimanche soir \u00e0 Ankara, Erdogan a au contraire promis de travailler avec \u00ab\u00a0humilit\u00e9\u00a0\u00bb avec ses rivaux.<\/font><\/div>\n<div><font face=\"Arial\" size=\"2\">\u00ab\u00a0Le peuple nous a transmis le message d&rsquo;\u00e9laborer une nouvelle Constitution \u00e0 travers le consensus et la n\u00e9gociation. Nous allons discuter de cette nouvelle Constitution avec les partis d&rsquo;opposition\u00a0\u00bb, a-t-il lanc\u00e9.<\/font><\/div>\n<div><font face=\"Arial\" size=\"2\">Le dirigeant du principal parti d&rsquo;opposition, le Parti r\u00e9publicain du peuple (CHP, gauche k\u00e9maliste la\u00efque), qui a obtenu 25,9% des voix et 135 si\u00e8ges, son meilleur score depuis trente ans, a affirm\u00e9 qu&rsquo;il surveillerait de pr\u00e8s le chef du gouvernement.<\/font><\/div>\n<div><font face=\"Arial\" size=\"2\">\u00ab\u00a0Nous souhaitons tout le succ\u00e8s possible \u00e0 l&rsquo;AKP mais il doit garder \u00e0 l&rsquo;esprit qu&rsquo;il y a maintenant un parti d&rsquo;opposition qui sort renforc\u00e9 de ces \u00e9lections\u00a0\u00bb, a dit Kemal Kilicdaroglu.<\/font><\/div>\n<div><font face=\"Arial\" size=\"2\">La troisi\u00e8me force politique du pays, le parti du Mouvement nationaliste (MHP, droite nationaliste) a recueilli environ 13% des voix (54 si\u00e8ges).<\/font><\/div>\n<div><font face=\"Arial\" size=\"2\">Aux pr\u00e9c\u00e9dentes \u00e9lections de 2007, l&rsquo;AKP, cr\u00e9\u00e9 \u00e0 partir d&rsquo;une formation islamiste interdite \u00e0 la fin des ann\u00e9es 1990, lib\u00e9ral au plan \u00e9conomique et conservateur sur les questions de soci\u00e9t\u00e9, avait recueilli 46,5% des voix et 331 \u00e9lus.<\/font><\/div>\n<div><font face=\"Arial\" size=\"2\">Erdogan m\u00e8ne depuis longtemps campagne pour une modification de la Loi fondamentale \u00e9labor\u00e9e en 1982 \u00e0 la suite du coup d&rsquo;Etat militaire de 1980.<\/font><\/div>\n<div><font face=\"Arial\" size=\"2\">Il assure que la nouvelle Constitution s&rsquo;appuiera sur des principes d\u00e9mocratiques et pluralistes, mais ses d\u00e9tracteurs d\u00e9noncent ses tendances autocratiques et lui pr\u00eatent l&rsquo;ambition de se hisser plus tard au poste de chef de l&rsquo;Etat dans le cadre d&rsquo;un syst\u00e8me pr\u00e9sidentiel renforc\u00e9.<\/font><\/div>\n<div><font face=\"Arial\" size=\"2\">Les opposants critiquent aussi l&rsquo;usage r\u00e9pandu des mises sur \u00e9coute, la d\u00e9tention de journalistes critiques, la corruption et un foss\u00e9 croissant entre riches et pauvres. <\/font><\/div>\n<\/div>\n<p><\/body><\/body><\/html><\/p>","protected":false},"excerpt":{"rendered":"<p>TUNISNEWS 11 \u00e8me ann\u00e9e, N\u00b04039 du 14.06.2011 archives : www.tunisnews.net AFP: Le proc\u00e8s du pr\u00e9sident d\u00e9chu Ben Ali commencera le 20 juin Reuters: Ben Ali jug\u00e9 par contumace \u00e0 partir du 20 juin en Tunisie AFP: Tunisie: critiques contre un proc\u00e8s de Ben Ali sans Ben Ali AFP: Tunisie: Ben Ali risque la peine capitale [&hellip;]<\/p>\n","protected":false},"author":1,"featured_media":22040,"comment_status":"open","ping_status":"open","sticky":false,"template":"","format":"standard","meta":{"inline_featured_image":false,"site-sidebar-layout":"default","site-content-layout":"","ast-site-content-layout":"default","site-content-style":"default","site-sidebar-style":"default","ast-global-header-display":"","ast-banner-title-visibility":"","ast-main-header-display":"","ast-hfb-above-header-display":"","ast-hfb-below-header-display":"","ast-hfb-mobile-header-display":"","site-post-title":"","ast-breadcrumbs-content":"","ast-featured-img":"","footer-sml-layout":"","ast-disable-related-posts":"","theme-transparent-header-meta":"","adv-header-id-meta":"","stick-header-meta":"","header-above-stick-meta":"","header-main-stick-meta":"","header-below-stick-meta":"","astra-migrate-meta-layouts":"default","ast-page-background-enabled":"default","ast-page-background-meta":{"desktop":{"background-color":"","background-image":"","background-repeat":"repeat","background-position":"center center","background-size":"auto","background-attachment":"scroll","background-type":"","background-media":"","overlay-type":"","overlay-color":"","overlay-opacity":"","overlay-gradient":""},"tablet":{"background-color":"","background-image":"","background-repeat":"repeat","background-position":"center center","background-size":"auto","background-attachment":"scroll","background-type":"","background-media":"","overlay-type":"","overlay-color":"","overlay-opacity":"","overlay-gradient":""},"mobile":{"background-color":"","background-image":"","background-repeat":"repeat","background-position":"center center","background-size":"auto","background-attachment":"scroll","background-type":"","background-media":"","overlay-type":"","overlay-color":"","overlay-opacity":"","overlay-gradient":""}},"ast-content-background-meta":{"desktop":{"background-color":"var(--ast-global-color-5)","background-image":"","background-repeat":"repeat","background-position":"center center","background-size":"auto","background-attachment":"scroll","background-type":"","background-media":"","overlay-type":"","overlay-color":"","overlay-opacity":"","overlay-gradient":""},"tablet":{"background-color":"var(--ast-global-color-5)","background-image":"","background-repeat":"repeat","background-position":"center center","background-size":"auto","background-attachment":"scroll","background-type":"","background-media":"","overlay-type":"","overlay-color":"","overlay-opacity":"","overlay-gradient":""},"mobile":{"background-color":"var(--ast-global-color-5)","background-image":"","background-repeat":"repeat","background-position":"center center","background-size":"auto","background-attachment":"scroll","background-type":"","background-media":"","overlay-type":"","overlay-color":"","overlay-opacity":"","overlay-gradient":""}},"footnotes":""},"categories":[],"tags":[58,42,29],"class_list":["post-16123","post","type-post","status-publish","format-standard","has-post-thumbnail","hentry","tag-58","tag-42","tag-fr"],"_links":{"self":[{"href":"https:\/\/tunisnews.net\/ar\/wp-json\/wp\/v2\/posts\/16123","targetHints":{"allow":["GET"]}}],"collection":[{"href":"https:\/\/tunisnews.net\/ar\/wp-json\/wp\/v2\/posts"}],"about":[{"href":"https:\/\/tunisnews.net\/ar\/wp-json\/wp\/v2\/types\/post"}],"author":[{"embeddable":true,"href":"https:\/\/tunisnews.net\/ar\/wp-json\/wp\/v2\/users\/1"}],"replies":[{"embeddable":true,"href":"https:\/\/tunisnews.net\/ar\/wp-json\/wp\/v2\/comments?post=16123"}],"version-history":[{"count":0,"href":"https:\/\/tunisnews.net\/ar\/wp-json\/wp\/v2\/posts\/16123\/revisions"}],"wp:featuredmedia":[{"embeddable":true,"href":"https:\/\/tunisnews.net\/ar\/wp-json\/wp\/v2\/media\/22040"}],"wp:attachment":[{"href":"https:\/\/tunisnews.net\/ar\/wp-json\/wp\/v2\/media?parent=16123"}],"wp:term":[{"taxonomy":"category","embeddable":true,"href":"https:\/\/tunisnews.net\/ar\/wp-json\/wp\/v2\/categories?post=16123"},{"taxonomy":"post_tag","embeddable":true,"href":"https:\/\/tunisnews.net\/ar\/wp-json\/wp\/v2\/tags?post=16123"}],"curies":[{"name":"wp","href":"https:\/\/api.w.org\/{rel}","templated":true}]}}