{"id":16086,"date":"2006-12-10T00:00:00","date_gmt":"2006-12-10T00:00:00","guid":{"rendered":"https:\/\/tunisnews.net\/10-decembre-2006\/"},"modified":"2006-12-10T00:00:00","modified_gmt":"2006-12-10T00:00:00","slug":"10-decembre-2006","status":"publish","type":"post","link":"https:\/\/tunisnews.net\/ar\/10-decembre-2006\/","title":{"rendered":"10 d\u00e9cembre 2006"},"content":{"rendered":"<p><html><head><meta content=\"text\/html\" description=\"      Le 10 d\u00e9cembre de chaque ann\u00e9e est c\u00e9l\u00e9br\u00e9 la journ\u00e9e internationale pour       la D\u00e9claration des droits de l\u2019homme. Une occasion pour chaque pays de       faire ses comptes et pour la soci\u00e9t\u00e9 mondiale de faire son bilan g\u00e9n\u00e9ral       dans la sauvegarde de ces droits et leur adaptation \u00e0 la richesse       d\u00e9mographique, historique et culturelle de la plan\u00e8te.\" http-equiv=\"Content-Type\"\/><\/head><body><body><\/p>\n<p align=\"center\"><b><a href=\"https:\/\/tunisnews.net\/ar\/\"><span>Home<\/span><span lang=\"FR-CH\"> &#8211; Accueil <\/span><span>&#8211; <\/span><span dir=\"RTL\" lang=\"AR-SA\">\u0627\u0644\u0631\u0626\u064a\u0633\u064a\u0629<\/span><\/a><\/b><\/p>\n<p><font face=\"Arial\" size=\"2\"><\/p>\n<div>\n<div>\n<table border=\"1\" width=\"100%\">\n<tr>\n<td bgcolor=\"#efefef\" width=\"100%\"> <span lang=\"AR-SA\"> <\/p>\n<div align=\"left\" dir=\"ltr\">  <\/div>\n<p> <span lang=\"FR\"> <\/p>\n<div align=\"center\" dir=\"ltr\"> <font face=\"Arial\"><font size=\"2\"> <span lang=\"SV\"> <strong>TUNISNEWS<\/strong><\/span> <\/font><\/font> <\/div>\n<div align=\"center\" dir=\"ltr\"> <strong><font face=\"Arial\"><font size=\"2\">7\u00a0\u00e8me\u00a0ann\u00e9e,          <span lang=\"FR\">N\u00b0\u00a02393 du 10.12.2006<\/span><\/font><\/font><\/strong><\/div>\n<p> <strong> <\/p>\n<div align=\"center\" dir=\"ltr\"> <b><span><blink> <font face=\"Arial\" size=\"2\">\u00a0archives : <\/font> <a href=\"https:\/\/tunisnews.net\/ar\/\" target=\"_blank\" rel=\"noopener\"> <font face=\"Arial\" size=\"2\" target=\"_blank\">          www.tunisnews.net<\/font><\/a><\/blink><\/span><\/b><font face=\"Arial\" size=\"2\"> <\/font> <\/div>\n<div align=\"center\" dir=\"ltr\"> <font face=\"Arial\" size=\"2\"><\/p>\n<hr\/>\n<p> <\/font><\/div>\n<p> <\/strong><\/span><\/span> <\/p>\n<div> <span lang=\"FR-CH\"> <\/p>\n<div> <span lang=\"FR\"> <span lang=\"FR\"> <font size=\"2\"><strong>V\u00e9rit\u00e9-Action: Agir pour les libert\u00e9s en             Tunisie             <font>AVTT &#8211; FTSDL: Pr. Marzouki est convoque devant             le juge de Ben Ali<\/font>             Tunisie Verte: Communiq\u00e9 de presse suite \u00e0 l\u2019interdiction de la             conf\u00e9rence de presse de \u00ab Tunisie Verte \u00bb             <font>UDB: Derri\u00e8re la plage, la r\u00e9pression dans la             Tunisie de Ben Ali<\/font>             Luiza Toscane: Monia Jelassi : \u00ab Tout est possible \u00bb             <font>UPI: Tunisia prisoner abuse alleged<\/font>             AFP: Un Canado-Tunisien interdit d&rsquo;entr\u00e9e aux Etats-Unis (presse)                         <font>Paris Link: Inqui\u00e9tante disparition d\u2019un             ouvrier tunisien \u00e0 Nantes<\/font>             RFI: Le blog d&rsquo;un avocat en Tunisie             <font>France 24: Les paradoxes tunisiens<\/font>             La Presse: La doyenne des \u00e9ducatrices en Tunisie n\u2019est plus &#8211;\u00a0             Zobe\u00efda Amira, un itin\u00e9raire hors du commun<\/strong><\/font><\/span><\/span><\/div>\n<p> <\/span> <\/div>\n<\/td>\n<\/tr>\n<\/table><\/div>\n<div>    \u00a0\u00a0  <\/div>\n<div>\n<div align=\"center\"> <strong><font>V\u00e9rit\u00e9-Action<\/font><\/strong> <\/p>\n<p><font size=\"3\"><strong>58\u00e8me anniversaire de la       d\u00e9claration universelle des droits de l&rsquo;homme       Agir pour les libert\u00e9s en Tunisie<\/strong><\/font><\/p>\n<\/div>\n<div align=\"justify\">             Gen\u00e8ve, le 09 d\u00e9cembre 2006       Le 10 d\u00e9cembre de chaque ann\u00e9e est c\u00e9l\u00e9br\u00e9 la journ\u00e9e internationale pour       la D\u00e9claration des droits de l\u2019homme. Une occasion pour chaque pays de       faire ses comptes et pour la soci\u00e9t\u00e9 mondiale de faire son bilan g\u00e9n\u00e9ral       dans la sauvegarde de ces droits et leur adaptation \u00e0 la richesse       d\u00e9mographique, historique et culturelle de la plan\u00e8te.       Pourtant il y\u2019a des pays, comme la Tunisie, o\u00f9 cette comm\u00e9moration ne       signifie rien d\u2019autre que la recherche \u00e0 perfectionner le syst\u00e8me de la       mise sous tutelle de la soci\u00e9t\u00e9.       Signataire de nombreux instruments internationaux de protection des droits       de l\u2019Homme, dont la D\u00e9claration universelle des droits de l\u2019Homme et le       Pacte international relatif aux droits civils et politiques, la Tunisie       viole de mani\u00e8re d\u00e9lib\u00e9r\u00e9e et syst\u00e9matique les devoirs qui lui incombent       en vertu de ces instruments.\u00a0\u00a0        Dans le cadre de sa comm\u00e9moration annuelle de cet \u00e9v\u00e9nement, et sous le       th\u00e8me \u00ab agir pour la sauvegarde des libert\u00e9s en Tunisie \u00bb, V\u00e9rit\u00e9-Action       d\u00e9nonce les atteintes \u00e0 toutes les formes de libert\u00e9 qui s\u2019exercent       aujourd\u2019hui en Tunisie.       Au niveau des libert\u00e9s d\u2019expression, la situation stagne. Les tractations       contre les opposants ne s\u2019arr\u00eatent pas. Dr. Moncef Marzouki, Pr\u00e9sident du       Congr\u00e8s pour la r\u00e9publique subit des pers\u00e9cutions de toutes sortes depuis       son retour au pays. Le but \u00e9tant de le museler. Des centaines de       prisonniers d\u2019opinion restent derri\u00e8re les barreaux dans des conditions       inhumaines et continuent \u00e0 contester cette injustice en se livrant aux       gr\u00e8ves de la faim. En 2006, nous avons pu constater, \u00e9galement,\u00a0 la       d\u00e9termination des autorit\u00e9s \u00e0 poursuivre leur politique de mise sous       contr\u00f4le administratif et de surveillance continu de nombreux       ex-prisonniers politiques.       La libert\u00e9 de fonder des associations, des partis politiques, d\u2019organiser       des r\u00e9unions et des manifestations est strictement interdite voire       r\u00e9prim\u00e9e quand il s\u2019agit de dissidents. Depuis le d\u00e9but de l\u2019ann\u00e9e 2006,       les composantes de la soci\u00e9t\u00e9 civile subissent les tracasseries des       autorit\u00e9s polici\u00e8res. Le Conseil national des libert\u00e9s, assi\u00e9g\u00e9 et       interdit d\u2019acc\u00e8s au mois de novembre. Des avocats, des \u00e9tudiants, des       familles de prisonniers d\u2019opinion, des personnalit\u00e9s politiques, des       repr\u00e9sentants d\u2019ONGs ou partis politiques et m\u00eames des jeunes ch\u00f4meurs,       subissent sans cesse les agressions, le harc\u00e8lement et les arrestations \u00e0       la moindre revendication ou protestation.        Le droit du citoyen \u00e0 exercer ses libert\u00e9s fondamentales est bafou\u00e9. Ainsi,       malgr\u00e9 le discours officiel \u00e9logieux \u00e0 propos des acquis de la femme       tunisienne, le pouvoir en place continue \u00e0 harceler un nombre important       des femmes tunisiennes pour leur action militante en faveur des Droits de       l\u2019homme, pour leur mode d\u2019habillement ou simplement pour se venger de       leurs \u00e9poux ou proches souvent prisonniers d\u2019opinion ou r\u00e9fugi\u00e9s       politiques \u00e0 l\u2019\u00e9tranger.       V\u00e9rit\u00e9-Action solidaire avec les composantes de la soci\u00e9t\u00e9 civile       tunisienne et le mouvement du 18 octobre \u00e0 l\u2019occasion de leur c\u00e9l\u00e9bration       du 58e anniversaire de la d\u00e9claration universelle des droits de l\u2019homme       sous le th\u00e8me : \u00ab le droit \u00e0 la libert\u00e9 d\u2019association \u00bb, appelle \u00e0 :        La lib\u00e9ration des gr\u00e9vistes de la faim et tous les prisonniers politiques       et d&rsquo;opinion        Promulguer une loi d&rsquo;amnistie g\u00e9n\u00e9rale et r\u00e9tablir \u00e0 chacun ses droits aux       soins, au travail et au d\u00e9placement \u00e0 l\u2019int\u00e9rieur du pays comme \u00e0       l\u2019\u00e9tranger.        Mettre fin instamment aux pressions et attaques contre les d\u00e9fenseurs des       droits de l\u2019homme et les militantes et militants de la soci\u00e9t\u00e9 civile, et       leur permettre de mener \u00e0 bien leurs activit\u00e9s sans interf\u00e9rence ni menace.             Garantir la libert\u00e9 d&rsquo;association, de r\u00e9union, d&rsquo;expression et d&rsquo;opinion             Garantir le respect des trait\u00e9s internationaux et des conventions auxquels       la Tunisie est partie.       <strong><font>Le comit\u00e9 de V\u00e9rit\u00e9-Action<\/font><\/strong>              email.info@verite-action.og       Site. www.verite-action.org<\/div>\n<\/p><\/div>\n<div>\n<hr\/><\/div>\n<div>\n<p align=\"center\"> <b><span lang=\"FR\">    Pr. MARZOUKI EST CONVOQUE DEVANT LE JUGE DE BEN ALI<\/span><\/b><\/p>\n<p> <span lang=\"FR\">\u00a0<\/span><\/p>\n<p> <span lang=\"FR\">L&rsquo; Association     des Victimes de la Torture en Tunisie et le Forum Tuniso Suisse des     Libert\u00e9s, viennent d&rsquo;apprendre qu&rsquo;un agent de la police du g\u00e9n\u00e9ral Zine El     Abidine Ben Ali\u00a0 s&rsquo;est pr\u00e9sent\u00e9 au domicile du militant des Droits de l     Homme et Pr\u00e9sident du Congr\u00e8s Pour\u00a0 la R\u00e9publique ( CPR ) le professeur     Moncef Marzouki, pour lui remettre une convocation afin\u00a0 se rendre devant le     juge d instruction du m\u00eame g\u00e9n\u00e9ral le mardi 12 d\u00e9cembre.<\/span><\/p>\n<p> <span lang=\"FR\">Le Professeur     Moncef Marzouki a refus\u00e9 cat\u00e9goriquement de prendre cette\u00a0 charmante     invitation ni de se pr\u00e9senter devant ce pseudo juge.<\/span><\/p>\n<p> <span lang=\"FR\">Ces m\u00e9thodes     pour nuire et\u00a0 faire taire le Professeur Marzouki, c est une preuve     suppl\u00e9mentaire que le r\u00e9gime criminel, mafieux\u00a0 et dictatorial du G\u00e9n\u00e9ral     Zine el Abidine Ben Ali est au bout de souffle\u00a0 et que la fin de ce r\u00e9gime     stalinien est proche.<\/span><\/p>\n<p> <b><span lang=\"FR\">\u00a0\u00a0\u00a0 * L&rsquo;AVTT     et le FTSDL,\u00a0\u00a0 appellent toutes les forces vives et les militants des Droits     de l&rsquo; Homme \u00e0 l int\u00e9rieur et \u00e0 l ext\u00e9rieur du pays\u00a0 de se mobiliser et d     \u00eatre pr\u00eat pour mener des actions \u00e9nergiques\u00a0 pour qu&rsquo;il n arrive aucun mal\u00a0     au professeur\u00a0 Moncef Marzouki.<\/span><\/b><\/p>\n<p> <b><span lang=\"FR\">\u00a0\u00a0\u00a0 * On rend     responsable\u00a0 le g\u00e9n\u00e9ral Ben Ali et toutes les personnes qui ex\u00e9cutent ses     ordres\u00a0 pour toute atteinte \u00e0 l int\u00e9grit\u00e9 physique du Professeur Marzouki.<\/span><\/b><\/p>\n<p> <b><span lang=\"FR\">\u00a0<\/span><\/b><\/p>\n<p> <b><span lang=\"FR\">\u00a0\u00a0\u00a0 * On     demande au G\u00e9n\u00e9ral Ben Ali de cesser toutes les intimidations \u00e0 l&rsquo; encontre     du Professeur Marzouki et \u00e0 l&rsquo;encontre\u00a0 de tous les d\u00e9fenseurs des Droits de     l\u2019Homme.<\/span><\/b><\/p>\n<p> <span lang=\"FR\">\u00a0<\/span><\/p>\n<p> <b><span lang=\"FR\">    VIVE LA TUNISIE LIBRE D\u00c9BARRASS\u00c9E A JAMAIS DE LA DICTATURE\u00a0 <\/span><\/b><\/p>\n<p> <span lang=\"FR\">\u00a0<\/span><\/p>\n<p> <b><span lang=\"FR\">    Abdenasser Nait Liman pour l&rsquo; AVTT<\/span><\/b><\/p>\n<p> <b><span lang=\"FR\">    Chokri YACOUB pour le\u00a0 FTSDL<\/span><\/b><\/p>\n<p> <span lang=\"FR\">\u00a0<\/span><\/p>\n<p> <b> <span lang=\"FR\">    (Source\u00a0: le blog \u00ab\u00a0Espace Tunisie\u00a0\u00bb, le 10 d\u00e9cembre 2006)<\/span><\/b><\/p>\n<p> <b> <span lang=\"FR\">    Lien\u00a0:<\/span><span lang=\"FR\"> <a href=\"http:\/\/espace.tunisie.over-blog.com\/article-4849878.html\" target=\"_blank\" rel=\"noopener\">    http:\/\/espace.tunisie.over-blog.com\/article-4849878.html<\/a><\/span><\/b><\/p>\n<p> <span lang=\"FR\"> <\/p>\n<p> <strong><\/strong><\/p>\n<hr\/>\n<p><font> <\/p>\n<p align=\"center\">    \u00a0<\/p>\n<p align=\"center\"> <span lang=\"FR\"><font face=\"Arial\" size=\"2\"> <\/p>\n<h2 style=\"color: red;\"><font><strong><font>\u00ab\u00a0Tunisie Verte\u00a0\u00bb<\/font><\/strong><\/font><\/h2>\n<p><\/font><\/span><\/p>\n<p align=\"center\"> <span lang=\"FR\"><font face=\"Arial\" size=\"2\"> <\/p>\n<h2 style=\"color: red;\"><font><strong>COMMUNIQUE DE PRESSE<\/strong><\/font><\/h2>\n<p><\/font><\/span><\/p>\n<p align=\"center\"> <span lang=\"FR\"><font face=\"Arial\" size=\"2\"> <\/p>\n<h2 style=\"color: red;\"><font><strong>Suite \u00e0 l\u2019interdiction de la conf\u00e9rence de     presse de \u00ab\u00a0Tunisie Verte\u00a0\u00bb<\/strong><\/font><\/h2>\n<p><\/font><\/span><\/p>\n<p> <span lang=\"FR\"><strong>\u00a0<\/strong><\/span><\/p>\n<p> <span lang=\"FR\"><font face=\"Arial\" size=\"2\"><font>Tunis le     10\/12\/2006<\/font><\/font><\/span><\/p>\n<p> <span lang=\"FR\"><font face=\"Arial\" size=\"2\">\u00a0<\/font><\/span><\/p>\n<p>\u00a0<\/p>\n<p> <span lang=\"FR\"> <font face=\"Arial\" size=\"2\"><font>Le Samedi 9\/12\/2006, plus     de 30 policiers ont investi t\u00f4t le matin l\u2019immeuble o\u00f9 devait se tenir la     conf\u00e9rence au 26 Avenue Habib Bourguiba Ariana, de m\u00eame que les rues     avoisinantes.<\/font><\/font><\/span><\/p>\n<p>\u00a0<\/p>\n<p> <span lang=\"FR\"> <font face=\"Arial\" size=\"2\"><font>A 9H et \u00e0 l\u2019arriv\u00e9e de la     d\u00e9l\u00e9gation du parti vert italien, le camarade Arnold Cassola (ancien     secr\u00e9taire g\u00e9n\u00e9ral du parti vert europ\u00e9en) et son assistante accompagn\u00e9s par     Monsieur Abdelkader Zitouni, coordinateur national du parti \u00ab\u00a0Tunisie     Verte\u00a0\u00bb, les policiers ont entour\u00e9 le d\u00e9put\u00e9 et ont v\u00e9rifi\u00e9 ses papiers.     Apr\u00e8s d\u2019\u00e2pres discussions, les policiers ont lib\u00e9r\u00e9 l\u2019acc\u00e8s de l\u2019immeuble     pour ne laisser entrer que les verts italiens, le coordinateur national de     \u00ab\u00a0Tunisie Verte\u00a0\u00bb et un seul membre du Bureau politique de \u00ab\u00a0Tunisie     Verte\u00a0\u00bb. Tous les autres membres du Bureau se sont vus refuser l\u2019acc\u00e8s de     l\u2019immeuble ainsi que plusieurs invit\u00e9s et journalistes.<\/font><\/font><\/span><\/p>\n<p>\u00a0<\/p>\n<p> <span lang=\"FR\"> <font face=\"Arial\" size=\"2\"><font>Le parti \u00ab\u00a0Tunisie Verte\u00a0\u00bb     ne peut que regretter encore une fois le refus du minist\u00e8re de l\u2019int\u00e9rieur     de son droit d\u2019expression apr\u00e8s avoir subi un \u00ab\u00a0Hold up\u00a0\u00bb politique sans     pr\u00e9c\u00e9dent, le 3 Mars 2006.<\/font><\/font><\/span><\/p>\n<p>\u00a0<\/p>\n<p> <span lang=\"FR\"> <font face=\"Arial\" size=\"2\">A l\u2019heure actuelle, o\u00f9 toutes     les forces vives du pays, l\u2019opposition d\u00e9mocratique et la soci\u00e9t\u00e9 civile     demandent pacifiquement l\u2019exercice de leurs droits garantis par la     Constitution, nous constatons un raidissement du pouvoir malgr\u00e9 les     d\u00e9clarations d\u2019apaisement adress\u00e9es \u00e0 ses partenaires europ\u00e9ens.<\/font><\/span><\/p>\n<p> <span lang=\"FR\"> <font face=\"Arial\" size=\"2\"><font>Le 08 D\u00e9cembre 2006 \u00e0 la     Chambre des conseillers, deux conseillers, dans leurs interventions,     Messieurs Moncef Chebbi et Ezzedine Chamari ont soutenu la l\u00e9galisation de     notre parti, lors de la discussion du budget 2007 et ont appel\u00e9 \u00e0     l\u2019apaisement politique, comme ils l\u2019ont d\u00e9j\u00e0 fait l\u2019ann\u00e9e derni\u00e8re lors de     la discussion du budget 2006. <\/font><\/font><\/span><\/p>\n<p>\u00a0<\/p>\n<p> <span lang=\"FR\"> <font face=\"Arial\" size=\"2\"><font>En r\u00e9pondant aux deux     intervenants, Monsieur le Premier Ministre a appel\u00e9 aussi au dialogue social     et \u00e0 l\u2019ouverture politique.<\/font><\/font><\/span><\/p>\n<p>\u00a0<\/p>\n<p> <span lang=\"FR\"> <font face=\"Arial\" size=\"2\"><font>Nous r\u00e9pondons que c\u2019est     notre souhait car nous n\u2019avons cess\u00e9 de r\u00e9clamer ce dialogue et cette     ouverture et notre seule demande c\u2019est le respect de la Constitution, l\u2019Etat     de Droit et la protection des citoyens des agissements des barbouzes et     nervis qui ne cessent de menacer les militants et dirigeants de     l\u2019opposition.<\/font><\/font><\/span><\/p>\n<p> <span lang=\"FR\"><font face=\"Arial\" size=\"2\">\u00a0<\/font><\/span><\/p>\n<p>\u00a0<\/p>\n<p> <span lang=\"FR\"><font face=\"Arial\" size=\"2\"> <font>Le Coodinateur National de \u00ab\u00a0Tunisie Verte\u00a0\u00bb<\/font><\/font><\/span><\/p>\n<p> <span lang=\"FR\"><font face=\"Arial\" size=\"2\"><strong>    Abdelkader Zitouni<\/strong><\/font><\/span><\/p>\n<p><\/font><\/span><\/div>\n<div>\n<hr\/><\/div>\n<div>\n<p align=\"center\"> <b><span lang=\"FR-CH\"><font size=\"3\">    Monia Jelassi : \u00ab Tout est possible \u00bb<\/font><\/span><\/b><\/p>\n<p> <span lang=\"FR-CH\">\u00a0<\/span><\/p>\n<p> <span lang=\"FR-CH\">Hier, samedi     9 d\u00e9cembre, Monia Jelassi, \u00e9pouse du prisonnier politique <b> <span>Abdelhamid Jelassi<\/span><\/b>, s\u2019est rendue de     Sousse \u00e0 la prison de Messaadine pour rendre visite \u00e0 son mari. <\/span><\/p>\n<p> <span lang=\"FR-CH\">Pour la     quatri\u00e8me semaine d\u2019affil\u00e9e, la visite lui a \u00e9t\u00e9 interdite, et malgr\u00e9 son     insistance, aucune nouvelle de son \u00e9poux n\u2019a filtr\u00e9. <\/span><\/p>\n<p> <b> <span lang=\"FR-CH\">    Abdelhamid Jelassi <\/span><\/b> <span lang=\"FR-CH\">avait     commenc\u00e9 une gr\u00e8ve de la faim le 5 novembre dernier \u00e0 la prison \u00e0 la prison     de Mahdia, d\u2019o\u00f9 il avait \u00e9t\u00e9 promptement transf\u00e9r\u00e9 et s\u00e9par\u00e9 de ses     cod\u00e9tenus en gr\u00e8ve de la faim eux aussi : <b>Bouraoui Makhlouf, Mohammed     Salah Gsouma et H\u00e9di Ghali. <\/b><\/span><\/p>\n<p> <span lang=\"FR-CH\">La derni\u00e8re     fois que Monia a vu son mari remonte au 11 novembre dernier, soit un mois     (1). \u00ab Jusqu\u2019\u00e0 hier j\u2019avais encore de l\u2019espoir, je pensais que j\u2019allais le     voir, maintenant j\u2019envisage tout, tout est possible \u00bb, dit-elle. <\/span><\/p>\n<p> <span lang=\"FR-CH\">Ces derni\u00e8res     semaines, Monia Jelassi avait multipli\u00e9 les d\u00e9marches et les appels (2) pour     sauver son mari. La Croix-Rouge lui a r\u00e9pondu que la prison de Messaadine     n\u2019entrait pas dans son planning de visites et que pour rendre visite \u00e0 un     prisonnier il fallait faire au pr\u00e9alable une demande d\u2019autorisation. <\/span> <\/p>\n<p> <span lang=\"FR-CH\">La police,     elle, n\u2019est pas rest\u00e9e inactive, qui a rendu visite \u00e0 Monia Jelassi \u00e0 son     domicile dans un premier temps, et l\u2019a convoqu\u00e9e pour un interrogatoire     mardi 5 d\u00e9cembre.<\/span><\/p>\n<p> <span lang=\"FR-CH\">Pour rappel,    <b><span>Abdelhamid Jelassi<\/span><\/b>, arr\u00eat\u00e9 en avril     1991, a \u00e9t\u00e9 condamn\u00e9 en ao\u00fbt 1992 par le tribunal militaire de Bouchoucha \u00e0     l\u2019emprisonnement \u00e0 perp\u00e9tuit\u00e9, peine commu\u00e9e en une peine de trente ans.    <\/span><\/p>\n<p> <span lang=\"FR-CH\">Tortures,     mauvais traitements, transferts de prisons, isolement (3), rien n\u2019aura \u00e9t\u00e9     \u00e9pargn\u00e9 \u00e0 ce prisonnier qui a men\u00e9 de longues gr\u00e8ves de la faim pour exiger     l\u2019am\u00e9lioration de ses conditions de d\u00e9tention. <b>Abdelhamid Jelassi<\/b> est     p\u00e8re d\u2019une fille de quinze ans qu\u2019il n\u2019a vue que derri\u00e8re les barreaux :     Mariam (4). Il a commenc\u00e9 sa gr\u00e8ve de la faim le 5 novembre dernier pour     exiger sa lib\u00e9ration.<\/span><\/p>\n<p> <span lang=\"FR-CH\">\u00a0<\/span><\/p>\n<p> <b> <span lang=\"FR-CH\">    Luiza Toscane, 10 d\u00e9cembre 2006<\/span><\/b><\/p>\n<p> <span lang=\"FR-CH\">\u00a0<\/span><\/p>\n<p> <span lang=\"FR-CH\">    (1)\u00a0\u00a0 Se reporter au communiqu\u00e9 de l\u2019AISPP du 20 novembre 2006.<\/span><\/p>\n<p> <span lang=\"FR-CH\">    (2)\u00a0\u00a0 Se reporter \u00e0 : \u00ab L\u2019inqui\u00e9tude de Monia Jelassi vire au cauchemar \u00bb, 5     d\u00e9cembre 2006, \u00ab Appel Urgent\u00bb, 6 d\u00e9cembre 2006 et \u00ab Tunisia: End Harassment     of Political Prisoners and Families\u00a0\u00bb, HRW (Brussels, December 8, 2006).<\/span><\/p>\n<p> <span lang=\"EN-GB\">    (3)\u00a0\u00a0 Human Rights Watch, \u00ab Tunisia, Long-Term Solitary Confinement of     Political Prisoners\u00bb, Human Rights Watch VOL 16, NO. 3(E),<\/span><\/p>\n<p> <span lang=\"FR-CH\">    (4)\u00a0\u00a0 Se reporter \u00e0 \u00ab Rencontre avec Monia et Mariam Jelassi \u00bb, 30 novembre     2006.<\/span><\/p>\n<\/div>\n<div>\n<hr\/><\/div>\n<div>    \u00a0<\/div>\n<div>\n<p align=\"center\"> <b><span lang=\"FR\"><font size=\"3\">    Saint-Malo\/Sant Maclou le 10\/12\/06: Communique de UDB<\/font><\/span><\/b><\/p>\n<p align=\"center\"> <b><span lang=\"FR\"><font size=\"3\">    Derri\u00e8re la plage, la r\u00e9pression dans la Tunisie de Ben Ali<\/font><\/span><\/b><\/p>\n<p> <span lang=\"FR\">\u00a0<\/span><\/p>\n<p> <span lang=\"FR\">La journ\u00e9e des     droits de l&rsquo;homme en Tunisie a \u00e9t\u00e9 marqu\u00e9e une nouvelle escalade de la     r\u00e9pression en Tunisie.<\/span><\/p>\n<p>\u00a0<\/p>\n<p> <span lang=\"FR\">Derri\u00e8re la     fa\u00e7ade accueillante de la Tunisie touristique appr\u00e9ci\u00e9e par un flux     incessant de touristes, notamment fran\u00e7ais, il y a l&rsquo;autre Tunisie, une     prison \u00e0 ciel ouvert.<\/span><\/p>\n<p>\u00a0<\/p>\n<p> <span lang=\"FR\">Les opposants     tunisiens subissent une r\u00e9pression f\u00e9roce, en violation de tous les textes     internationaux ratifi\u00e9s par ce pays. La torture, les violences multiformes,     l&#8217;emprisonnement, les intimidations, les menaces restent le quotidien de     toutes celles et tous ceux qui veulent le respect des droits de l&rsquo;homme en     Tunisie qu&rsquo;ils soient politiques ou sociaux.<\/span><\/p>\n<p>\u00a0<\/p>\n<p> <span lang=\"FR\">Le syst\u00e8me     r\u00e9pressif mis en place par Ben Ali rend difficile l&rsquo;engagement quotidien de     tous ces militants. Avec l&rsquo;interdiction des associations et des partis     politiques, avec le contr\u00f4le et la censure de la presse, d&rsquo;internet, du     fisc, du t\u00e9l\u00e9phone (fixe et cellulaire) et du courrier, la police maintient     une chape de plomb sur leurs activit\u00e9s.<\/span><\/p>\n<p>\u00a0<\/p>\n<p> <span lang=\"FR\">L&rsquo;avocat Mohamed     Abbou est en prison pour 2 ans pour un article contre le pr\u00e9sident Ben Ali     paru sur internet. Sa femme subit un harc\u00e8lement incessant. Moncef Marzouki,     ancien pr\u00e9sident de la Ligue des droits de l&rsquo;homme en Tunisie, rentr\u00e9 apr\u00e8s     5ans d&rsquo;exil et qui appelle \u00e0 la r\u00e9sistance pacifique, vient d&rsquo;\u00eatre de     nouveau inqui\u00e9t\u00e9\u2026.<\/span><\/p>\n<p>\u00a0<\/p>\n<p> <span lang=\"FR\">L&rsquo;Union     D\u00e9mocratique bretonne d\u00e9nonce cette r\u00e9pression et exprime sa solidarit\u00e9 avec     tous les militants engag\u00e9s, au risque de leur libert\u00e9 et de leur vie, pour     la construction d&rsquo;une Tunisie d\u00e9mocratique et solidaire.<\/span><\/p>\n<p> <span lang=\"FR\">\u00a0<\/span><\/p>\n<p> <span lang=\"FR\">    Pour l&rsquo;UDB Nicole Logeais, charg\u00e9e des relations internationales 02 99 89 10     83<\/span><\/p>\n<p> <span lang=\"FR\">\u00a0<\/span><\/p>\n<p> <b><span lang=\"FR\">    UNION DEMOCRATIQUE BRETONNE &#8211; UNVANIEZH DEMOKRATEL BREIZH BP 80 722- 44007     NANTES \/ NAONED Cedex 01<\/span><\/b><\/p>\n<p> <span lang=\"FR\">\u00a0<\/span><\/p>\n<p> <b> <span lang=\"FR\">    (Source\u00a0: Agence Bretagne Presse, le 10 d\u00e9cembre 2006 \u00e0 17h44)<\/span><\/b><\/p>\n<p> <b> <span lang=\"FR\">    Lien\u00a0:<\/span><span lang=\"FR\"> <a href=\"http:\/\/www.agencebretagnepresse.com\/fetch.php?id=5667\" target=\"_blank\" rel=\"noopener\">    http:\/\/www.agencebretagnepresse.com\/fetch.php?id=5667<\/a><\/span><\/b><\/p>\n<p>\u00a0<\/p>\n<hr\/><\/div>\n<div>\n<div align=\"center\"> <b><\/p>\n<h2 style=\"color: red;\"><font size=\"3\">Un Canado-Tunisien interdit d&rsquo;entr\u00e9e aux       Etats-Unis (presse)<\/font><\/h2>\n<p><\/b> <\/div>\n<div>      \u00a0 AFP, samedi 9 d\u00e9cembre 2006    <\/div>\n<div>      \u00a0<\/div>\n<div>      OTTAWA &#8211; Un Canadien d&rsquo;origine tunisienne a \u00e9t\u00e9 d\u00e9tenu dans un a\u00e9roport       am\u00e9ricain et interrog\u00e9 par des agents du FBI, puis renvoy\u00e9 au Canada sans       explication, rapportent samedi des m\u00e9dias canadiens.      <\/p>\n<div>\n<div>          Ali SeifAnNasr, 42 ans, a racont\u00e9 au quotidien Ottawa Citizen qu&rsquo;il           avait \u00e9t\u00e9 envoy\u00e9 en octobre par son employeur assister \u00e0 une formation           professionnelle \u00e0 Chicago.          <\/p>\n<div>\n<div>              Il avait termin\u00e9 sans encombre ses formalit\u00e9s de douane et               d&rsquo;immigration \u00e0 l&rsquo;a\u00e9roport d&rsquo;Ottawa, mais a \u00e9t\u00e9 arr\u00eat\u00e9 \u00e0 son               arriv\u00e9e \u00e0 Chicago, interrog\u00e9 par des responsables de la s\u00e9curit\u00e9               et de la police f\u00e9d\u00e9rale am\u00e9ricaine (FBI), et d\u00e9tenu toute une               nuit \u00e0 l&rsquo;a\u00e9roport.              <\/p>\n<div>\n<div>                  Le lendemain, il a \u00e9t\u00e9 renvoy\u00e9 \u00e0 Ottawa sans obtenir aucune                   explication, selon son histoire largement relay\u00e9e samedi par                   les journaux canadiens, dont la Gazette et le National Post.                  <\/p>\n<div>\n<div>                      Cet incident soul\u00e8ve l&rsquo;inqui\u00e9tude \u00e0 la suite de l&rsquo;affaire                       de Maher Arar, un Canadien d&rsquo;origine syrienne expuls\u00e9 en                       2002 en Syrie par les Etats-Unis apr\u00e8s avoir \u00e9t\u00e9 suspect\u00e9                       \u00e0 tort de liens avec le terrorisme, a not\u00e9 Paul Dewar,                       d\u00e9put\u00e9 d&rsquo;Ottawa.                      <\/p>\n<div>\n<div>                          Le Conseil canadien des relations am\u00e9ricano-islamiques                           a d\u00e9nonc\u00e9 un cas de discrimination, affirmant que de                           tels incidents se produisaient quotidiennement.                          <\/p>\n<div>                            M. SeifAnNasr, qui a perdu son emploi suite \u00e0 cette                             affaire, envisage de r\u00e9clamer une compensation. <\/p>\n<hr\/><\/div>\n<div>\n<div>\n<p align=\"center\"> <font size=\"3\"><b> <span lang=\"EN-GB\">                              Tunisia prisoner abuse alleged<\/span><\/b><\/font><\/p>\n<p> <span lang=\"EN-GB\">                              \u00a0<\/span><\/p>\n<p> <span lang=\"EN-GB\">                              BRUSSELS, Belgium, Dec. 8 (UPI) &#8212; Human Rights                               Watch called on Tunisia to end retaliation against                               political prisoners on hunger strikes.<\/span><\/p>\n<p> <span lang=\"EN-GB\">                              Sarah Whitson, Middle East and North African                               director of Human Rights Watch, said Monia Brahim,                               who is married to hunger-striking prisoner                               Abdelhamid Jelassi, was questioned by police about                               her contacts with human rights organizations and                               activists outside of the country. The organization                               said the questioning was an attempt to intimidate                               Jelassi through his wife.<\/span><\/p>\n<p> <span lang=\"EN-GB\">                              Human Rights Watch said Jelassi, Bouraoui Makhlouf,                               H\u00e9di Ghali, and Mohammed Salah Gsouma are among                               more than 100 men who remain in prison after being                               convicted unfairly of plotting to overthrow the                               state in 1992.<\/span><\/p>\n<p> <span lang=\"EN-GB\">                              \u00ab\u00a0Abdelhamid Jelassi and all other political                               prisoners in Tunisia, should be freed, plain and                               simple,\u00a0\u00bb said Whitson. \u00ab\u00a0Until then, Tunisian                               authorities must not compound the injustice by                               punishing prisoners who exercise one of the few                               rights available to them &#8212; the right to go on                               hunger strike.\u00a0\u00bb<\/span><\/p>\n<p> <span lang=\"EN-GB\">                              \u00a0<\/span><\/p>\n<p> <b> <span lang=\"FR\">                              (Source: l\u2019agence UPI, le 8 d\u00e9cembre 2006)<\/span><\/b><\/p>\n<p> <b> <span lang=\"FR\">                              Lien:                              <a href=\"http:\/\/www.upi.com\/NewsTrack\/view.php?StoryID=20061208-081000-3216r\" target=\"_blank\" rel=\"noopener\">                              http:\/\/www.upi.com\/NewsTrack\/view.php?StoryID=20061208-081000-3216r<\/a><\/span><\/b><\/p>\n<\/div>\n<div>\n<hr\/><\/div>\n<div>\n<p> <span lang=\"FR\">                              \u00a0\u00a0\u00a0\u00a0\u00a0\u00a0\u00a0\u00a0\u00a0\u00a0\u00a0\u00a0\u00a0\u00a0\u00a0\u00a0\u00a0\u00a0\u00a0\u00a0\u00a0 <\/span> <\/p>\n<\/div>\n<div>\n<p align=\"center\"> <b> <span lang=\"FR\"> <font size=\"3\"><font size=\"2\">\u00a0<\/font>Inqui\u00e9tante                               disparition d\u2019un ouvrier tunisien \u00e0 Nantes<\/font><\/span><\/b><\/p>\n<p align=\"center\"> <b> <span lang=\"FR\"> <a href=\"http:\/\/www.paris-link-home.com\/authors\/?authorID=3\" target=\"_blank\" rel=\"noopener\"> <span><font size=\"3\">Dalila                               Benabdallah<\/font><\/span><\/a><\/span><\/b><\/p>\n<p> <b> <span lang=\"FR\">                              \u00a0<\/span><\/b><\/p>\n<p> <b> <span lang=\"FR\">                              Taoufik el-Amri<\/span><\/b><span lang=\"FR\">,                               un ouvrier tunisien de 33 ans a disparu depuis le                               22 novembre. Ses coll\u00e8gues l\u2019ont vu mont\u00e9 pour la                               derni\u00e8re fois dans un v\u00e9hicule de police, ivre.<\/span><\/p>\n<p> <span lang=\"FR\">                              \u00a0<\/span><\/p>\n<p> <span lang=\"FR\">                              Les faits remontent fin novembre, <b> <span>Taoufik el-Amri<\/span><\/b>                               et deux de ses comp\u00e8res, passent une journ\u00e9e                               arros\u00e9e, alors que le chantier o\u00f9 ils travaillent                               est ferm\u00e9 pour cause de pluie. Vers 23 heures                               (note du journaliste\u00a0: les jours et heures                               divergent selon les d\u00e9clarations), les amis                               sortent du bar et se s\u00e9parent. Visiblement                               totalement ivre, le jeune ouvrier est arr\u00eat\u00e9 par                               une voiture, portant le cigle \u00ab\u00a0police\u00a0\u00bb.                               D\u2019apr\u00e8s le t\u00e9moignage des coll\u00e8gues du Tunisien et                               d\u2019un commer\u00e7ant, la voiture de police avait une                               porte coulissante sur le c\u00f4t\u00e9 et quatre agents s\u2019y                               trouvaient. 2 des policiers sont descendus de                               voiture, l\u2019ont fait mont\u00e9, sans r\u00e9sistance, ni                               violences et menottes. C\u2019est ce d\u00e9tail qui pose                               probl\u00e8me, les \u00ab\u00a0menottes\u00a0\u00bb sont de rigueur dans ce                               type d\u2019interpellation \u00ab\u00a0m\u00eame sans danger\u00a0\u00bb pour                               les personnes en \u00e9tat d\u2019\u00e9bri\u00e9t\u00e9.                               Mercredi, les policiers nient avoir arr\u00eat\u00e9 le                               jeune homme, pour d\u00e9clarer finalement l\u2019avoir                               interpell\u00e9 et embarqu\u00e9. Pensant avoir arr\u00eat\u00e9 un                               cambrioleur dont il correspondait au signalement,                               ils d\u00e9clarent l\u2019avoir fait descendre du v\u00e9hicule                               quelques centaines de m\u00e8tres plus loin, apr\u00e8s                               avoir v\u00e9rifi\u00e9 son identit\u00e9.                               L\u2019heure de l\u2019arrestation ne correspond pas non                               plus avec les t\u00e9moignages des amis de El-Amri. La                               police certifie l\u2019avoir interpell\u00e9 vers minuit,                               les t\u00e9moins estiment le moment vers 23h, 23h30. La                               voiture de police \u00e9tant rentr\u00e9 au commissariat                               vers 00h30, si la version des ouvriers se r\u00e9v\u00e8lent                               \u00eatre vrai, une heure manque dans l\u2019emploi du temps                               des officiers de police.                               Aucune trace de cette arrestation n\u2019est trouv\u00e9e au                               commissariat de police, ni de \u00ab\u00a0main courante\u00a0\u00bb.                               Les \u00e9changes des conversations radio de cette nuit                               ont \u00e9t\u00e9 \u00e9pluch\u00e9s, sans r\u00e9sultat.                               La femme de <b><span>Taoufik                               el-Amri<\/span><\/b> rejette l&rsquo;id\u00e9e d&rsquo;un suicide ou                               de d\u00e9prime de son \u00e9poux, celui-ci semblait heureux                               parce que nouveau papa d&rsquo;une fille de 3 mois. Le                               parquet de Nantes a ouvert une information                               judiciaire sur cette myst\u00e9rieuse disparition, les                               policiers vont \u00eatre entendus et expliquer leur                               version qui est en total contradiction avec les                               t\u00e9moins de la sc\u00e8ne.<\/span><\/p>\n<p> <b> <span lang=\"FR\"> <span>(Source\u00a0: le site                               Paris Link, le vendredi 8 D\u00e9cembre 2006 \u00e0                               10:06:00)<\/span><\/span><\/b><\/p>\n<p> <strong>Lien\u00a0: http:\/\/www.paris-link-home.com\/news\/131\/ARTICLE\/1533\/2006-12-08.html<\/strong><\/p>\n<p> <strong><\/strong><\/p>\n<hr\/>\n<p> <span lang=\"FR\"> <strong><\/p>\n<h2 style=\"color: red;\"><font size=\"3\"> <\/p>\n<p align=\"center\"><b> <span lang=\"FR\">                              RFI: Le blog d&rsquo;un avocat en Tunisie<\/span><\/b><\/p>\n<p> <\/font><\/h2>\n<p><\/strong> <\/p>\n<div align=\"justify\">                                mardi 7 novembre 2006                                 par David Abiker et Alexandre Boussageon : mardi                                 7 novembre 2006                                 Reporters sans fronti\u00e8res organise, ce mardi, 24                                 heures contre la censure sur internet. Sont                                 vis\u00e9s par cette \u00ab cyber-manif \u00bb les treize Etats                                 qui filtrent le net afin de r\u00e9duire au silence                                 leurs opposants. On pense en priorit\u00e9 \u00e0 la Chine                                 bien s\u00fbr, mais aussi \u00e0 l\u2019Egypte et \u00e0 la Tunisie.                                 L\u2019ONG invite donc les internautes \u00e0 protester en                                 se connectant, \u00e0 partir d\u2019aujourd\u2019hui, mardi, \u00e0                                 11 heures, sur son site, \u00ab rsf.org \u00bb.                                 Parall\u00e8lement, et c\u2019est peut-\u00eatre l\u00e0 le plus                                 int\u00e9ressant, elle ouvre une plateforme                                 sp\u00e9cifique \u00e0 l\u2019usage des blogueurs entrav\u00e9s et                                 autres cyber-dissidents.                                 Ma\u00eetre Yahyaoui du barreau de Tunis, notre                                 blogueur du jour donc, est un des premiers \u00e0                                 avoir b\u00e9n\u00e9fici\u00e9 de cette facult\u00e9. Pr\u00e9sident du                                 Centre tunisien pour l\u2019ind\u00e9pendance de la                                 Justice et membre de l\u2019association                                 internationale de soutien aux prisonniers                                 politiques, il n\u2019est pas en odeur de saintet\u00e9                                 dans les sph\u00e8res dirigeantes, c\u2019est le moins                                 qu\u2019on puisse dire. R\u00e9voqu\u00e9 de ses fonctions de                                 magistrat en raison de ses nombreuses critiques                                 du r\u00e9gime, il se d\u00e9clare priv\u00e9 d\u2019Internet depuis                                 un an.                                  Pour se connecter, il doit utiliser les                                 ordinateurs d\u2019amis, ce qui ne simplifie pas la                                 tenue de son blog. Mais quand il a acc\u00e8s au net,                                 il ne prend pas de gants. \u00ab Le v\u00e9ritable m\u00e9tier                                 dans lequel ce r\u00e9gime a excell\u00e9, et qui mobilise                                 toute son \u00e9nergie, se d\u00e9roule (\u2026) dans                                 l\u2019obscurit\u00e9 des salles d\u2019\u00e9coutes des Tunisiens                                 espionn\u00e9s (\u2026) \u00bb, \u00e9crivait-il voici quelques                                 semaines.                                  Au fil de ses chroniques, on rel\u00e8ve des                                 expressions sans \u00e9quivoque, telles que                                 \u00abinterrogatoires muscl\u00e9s \u00bb, ou des mots lourds                                 de sens comme le terme \u00ab supplici\u00e9s \u00bb, \u00e0 propos                                 de prisonniers. Le blogueur d\u00e9nonce encore \u00abla                                 tyrannie \u00bb et \u00abla censure \u00bb, omnipr\u00e9sente \u00e0 l\u2019en                                 croire. \u00ab On serre les vis de tout c\u00f4t\u00e9 ces                                 derniers temps en Tunisie \u00bb, \u00e9crit-il.                                 S\u2019il donne peu d\u2019exemples, en voici quand m\u00eame                                 un, extrait de son blog. A l\u2019occasion des f\u00eates                                 de l\u2019A\u00efd, des femmes de d\u00e9tenus politique qui                                 tentaient se rassembler chez l\u2019une d\u2019elles, pour                                 une r\u00e9union priv\u00e9e donc, ont \u00e9t\u00e9 appr\u00e9hend\u00e9es                                 par la police pour interrogatoire. Une de ces                                 femmes ainsi que ses deux fils auraient m\u00eame d\u00fb                                 \u00eatre hospitalis\u00e9s \u00e0 l\u2019issue de leur garde \u00e0 vue,                                 affirme M\u00b0 Yahyaoui.                                 Et puis, dans une de ses chroniques, il pose la                                 question d\u00e9licate du port du voile islamique,                                 interdit dans les lieux publics par les                                 autorit\u00e9s tunisiennes soucieuses de couper court                                 \u00e0 toute manifestation d\u2019extr\u00e9misme religieux. On                                 le sent, sur cette question, l\u00e9g\u00e8rement mal \u00e0                                 l\u2019aise. Est-ce une raison pour accepter que son                                 blog soit censur\u00e9 ? En aucun cas bien s\u00fbr.<\/div>\n<div align=\"justify\">\n<p> <b> <span lang=\"FR\">                                Pour se faire une id\u00e9e plus pr\u00e9cise de son blog,                                 on se connectera donc sur cette adresse : \u00ab<a href=\"http:\/\/yahyaoui.rsfblog.org\/\" target=\"_blank\" rel=\"noopener\">http:\/\/yahyaoui.rsfblog.org<\/a>\/                                 \u00bb.<\/span><\/b><\/p>\n<p> <b> <span lang=\"FR\"> <a href=\"http:\/\/www.radiofrance.fr\/franceinter\/chro\/blogapart\/index.php?id=49039\" target=\"_blank\" rel=\"noopener\">                                Chronique Alexandre Boussageon<\/a><\/span><\/b><\/p>\n<p> <b> <span lang=\"FR\">                                (Source: le site de Radio France Internationale,                                 le 7 novembre 2006)<\/span><\/b><\/p>\n<p> <b> <span lang=\"EN-GB\">                                Lien:<\/span><span lang=\"EN-GB\"> <a href=\"http:\/\/www.radiofrance.fr\/franceinter\/chro\/blogapart\/index.php?id=49039\" target=\"_blank\" rel=\"noopener\">                                http:\/\/www.radiofrance.fr\/franceinter\/chro\/blogapart\/index.php?id=49039<\/a><\/span><\/b><\/p>\n<\/div>\n<p>                              \u00a0<\/p>\n<p>\u00a0<\/p>\n<hr\/>\n<p align=\"center\"> <b> <span lang=\"FR-CH\">                              TUNISIE<\/span><\/b><\/p>\n<p align=\"center\"> <b> <span lang=\"FR-CH\"> <font size=\"3\">Les paradoxes tunisiens<\/font><\/span><\/b><\/p>\n<p> <span lang=\"FR-CH\">                              \u00a0<\/span><\/p>\n<p> <b> <span lang=\"FR-CH\">                              Les Tunisiennes ont une condition privil\u00e9gi\u00e9e dans                               la r\u00e9gion, et la classe moyenne est puissante mais                               le pays a besoin de d\u00e9mocratie. Les droits de                               l\u2019Homme ne sont pas respect\u00e9s, ni la libert\u00e9.<\/span><\/b><\/p>\n<p> <span lang=\"FR-CH\">                              \u00a0<\/span><\/p>\n<p> <span lang=\"FR-CH\">                              Depuis 1957, la Tunisie est une r\u00e9publique                               pr\u00e9sidentielle, actuellement dirig\u00e9e par Zine                               El-Abidine Ben Ali. Le pr\u00e9sident actuel, du                               Rassemblement constitutionnel d\u00e9mocratique, a                               \u00e9vinc\u00e9 son pr\u00e9d\u00e9cesseur en 1987, le \u00ab p\u00e8re                               fondateur \u00bb Habib Bourguiba. Au d\u00e9but de sa prise                               de pouvoir, il a entrepris des r\u00e9formes                               d\u00e9mocratiques mais sa grippe sur le pays s\u2019est                               ensuite resserr\u00e9e.<\/span><\/p>\n<p> <span lang=\"FR-CH\">                              \u00a0<\/span><\/p>\n<p> <span lang=\"FR-CH\">                              \u00a0Selon Amnesty International, le r\u00e9gime a rel\u00e2ch\u00e9                               de nombreux prisonniers politiques ces derni\u00e8res                               ann\u00e9es, un pas \u00ab dans la bonne direction \u00bb. Mais                               l\u2019organisation de d\u00e9fense des droits de l\u2019Homme                               continue \u00e0 d\u00e9noncer l\u2019utilisation de la torture et                               des mauvais traitements contre les prisonniers                               d\u2019opinion. Les opposants politiques comme le                               dirigeant communiste Hamma Hammami ont accus\u00e9 les                               gouvernements occidentaux, en particulier la                               France et les Etats-Unis, de soutenir le r\u00e9gime de                               Ben Ali pour d\u00e9fendre leurs int\u00e9r\u00eats. Amnesty                               rapporte des jugements injustes sur des                               accusations de terrorisme. Selon le d\u00e9partement                               d\u2019Etat am\u00e9ricain, les Etats-Unis et la Tunisie                               m\u00e8nent des exercices militaires conjoints.<\/span><\/p>\n<p> <span lang=\"FR-CH\">                              \u00a0<\/span><\/p>\n<p> <span lang=\"FR-CH\">                              \u00a0De nombreux tunisiens n\u2019ont pas pardonn\u00e9 \u00e0 Ben                               Ali ce rapprochement outre-atlantique, synonyme de                               trahison envers le monde arabe. Plusieurs groupes                               religieux int\u00e9gristes ont gagn\u00e9 en popularit\u00e9 dans                               la classe moyenne tunisienne. Asphyxi\u00e9e par les                               cr\u00e9ances depuis la lib\u00e9ralisation du cr\u00e9dit \u00e0 la                               consommation, la classe moyenne, pr\u00e9caris\u00e9e,                               reproche \u00e0 Ben Ali d\u2019avoir introduit l\u2019\u00e9conomie de                               march\u00e9 de fa\u00e7on inadapt\u00e9e.<\/span><\/p>\n<p> <span lang=\"FR-CH\">                              \u00a0<\/span><\/p>\n<p> <span lang=\"FR-CH\">                              La Tunisie de Ben Ali a plusieurs d\u00e9fis \u00e0                               surmonter aujourd\u2019hui. Ne disposant ni de la                               richesse p\u00e9troli\u00e8re libyenne ni des r\u00e9serves de                               gaz alg\u00e9rien, elle doit renouer avec sa premi\u00e8re                               ressource : le tourisme, en chute vertigineuse                               depuis quelques ann\u00e9es.<\/span><\/p>\n<p> <span lang=\"FR-CH\">                              \u00a0<\/span><\/p>\n<p> <span lang=\"FR-CH\">                              \u00a0Les touristes ne sont pas les seuls \u00e0 bouder ce                               pays. La Tunisie n\u2019arrive pas \u00e0 retenir ses                               \u00e9lites. Sans parler des opposants politiques                               souvent forc\u00e9s \u00e0 l\u2019exil, les jeunes cadres partis                               se former dans les grandes \u00e9coles europ\u00e9ennes ou                               am\u00e9ricaines retournent rarement dans leur pays                               d\u2019origine. Cette fuite des cerveaux handicape le                               pays dans ses tentatives de r\u00e9formes juridiques,                               \u00e9conomiques et de son syst\u00e8me bancaire.<\/span><\/p>\n<p> <span lang=\"FR-CH\">                              Enfin, le pays scl\u00e9ros\u00e9 entre une importante                               classe moyenne et une nouvelle bourgeoisie aux                               fortunes consid\u00e9rables se radicalise                               religieusement. Alors que la Tunisie est un des                               pays du Maghreb o\u00f9 la libert\u00e9 sexuelle est la plus                               grande, le nombre de femmes voil\u00e9es ne cesse d\u2019y                               augmenter.<\/span><\/p>\n<p> <span lang=\"FR-CH\">                              \u00a0<\/span><\/p>\n<p> <span lang=\"FR-CH\">                              \u00a0Pourtant, si Ben Ali, malade, venait \u00e0                               dispara\u00eetre, beaucoup s\u2019accordent \u00e0 dire que les                               islamistes gagneraient les prochaines \u00e9lections.                               Une transition d\u00e9mocratique semble d\u00e9licate et                               beaucoup redoutent que le pays tombe alors dans                               une guerre civile.<\/span><\/p>\n<p> <b> <span lang=\"FR-CH\">                              \u00a0<\/span><\/b><\/p>\n<p> <b> <span lang=\"FR-CH\">                              (Source\u00a0: site web de la nouvelle cha\u00eene                               satellitaire fran\u00e7aise \u00ab\u00a0France 24\u00bb, le 1<sup>er<\/sup>                               d\u00e9cembre 2006)<\/span><\/b><\/p>\n<p> <b> <span lang=\"FR-CH\">                              Lien\u00a0:                              <a href=\"http:\/\/www.france24.com\/france24Public\/fr\/dossiers\/Monde-arabe\/Tunisie-pays-061201.html\" target=\"_blank\" rel=\"noopener\">                              http:\/\/www.france24.com\/france24Public\/fr\/dossiers\/Monde-arabe\/Tunisie-pays-061201.html<\/a><\/span><\/b><\/p>\n<p> <b> <span lang=\"FR-CH\">                              \u00a0<\/span><\/b><\/p>\n<p> <font size=\"3\"><b> <span lang=\"FR-CH\">                              Cet article a suscit\u00e9 les commentaires de quelques                               blogueurs tunisiens\u00a0:<\/span><\/b><\/font><\/p>\n<p> <b> <span lang=\"FR-CH\">                              \u00a0<\/span><\/b><\/p>\n<p> <b> <span lang=\"FR-CH\"> <font size=\"3\">La Tunisie sur le site de France24<\/font><\/span><\/b><\/p>\n<p> <b> <span lang=\"FR-CH\">                              Zizou from Djerba, le 9 d\u00e9cembre 2006<\/span><\/b><\/p>\n<p> <span lang=\"FR-CH\">                              \u00a0<\/span><\/p>\n<p> <span lang=\"FR-CH\">                              \u00ab\u00a0\u2026 Je n&rsquo;arrive pas a reconna\u00eetre mon pays dans                               cette description que je trouve tr\u00e8s tr\u00e8s partiale                               et qui ne refl\u00e8te pas la vrai situation. Cherchons                               a cr\u00e9er du sensationnel? Quelle image donnent ils                               du pays ? Sont ils jamais partis en Tunisie?                               Lisent ils trop Internet ? Sont ils en train de                               nous faire payer un rapprochement avec les USA?                               Voila un autre media qui peint la Tunisie comme                               une vaste prison et qui peint un pays au bord du                               gouffre. Et le r\u00f4le de la France dans tout \u00e7a                               ?&#8230;\u00a0\u00bb<\/span><\/p>\n<p> <span lang=\"FR-CH\">                              \u00a0<\/span><\/p>\n<p> <b> <span lang=\"FR-CH\">                              Lien\u00a0:                              <a href=\"http:\/\/zizoufromdjerba.blogspot.com\/2006\/12\/la-tunisie-sur-le-site-de-france24.html\" target=\"_blank\" rel=\"noopener\">                              http:\/\/zizoufromdjerba.blogspot.com\/2006\/12\/la-tunisie-sur-le-site-de-france24.html<\/a><\/span><\/b><\/p>\n<p> <b> <span lang=\"FR-CH\">                              \u00a0<\/span><\/b><\/p>\n<p align=\"center\"> <b> <span lang=\"FR-CH\"> <font size=\"3\">Mais oui bien s\u00fbr &#8230;<\/font><\/span><\/b><\/p>\n<p> <b> <span lang=\"FR-CH\">                              Nadia de Tunis:<\/span><\/b><\/p>\n<p> <b> <span lang=\"FR-CH\">                              Le samedi 9 d\u00e9cembre 2006 \u00e0 01h22 PM<\/span><\/b><\/p>\n<p> <b> <span lang=\"FR-CH\"> <font size=\"3\">\u00a0<\/font><\/span><\/b><\/p>\n<p> <span lang=\"FR-CH\">                              Je viens de lire l&rsquo;article consacr\u00e9 \u00e0 la Tunisie                               sur France24, et je ne peux m&#8217;emp\u00eacher de r\u00e9agir.                               Ce texte est cens\u00e9 \u00eatre \u00e9labor\u00e9 avec                               professionalisme par un journaliste tentant                               d&rsquo;apporter un regard pertinent sur les \u00ab\u00a0paradoxes                               tunisiens\u00a0\u00bb. Je suis d\u00e9sol\u00e9e de dire qu&rsquo;il a rat\u00e9                               son but, et en beaut\u00e9.<\/span><\/p>\n<p> <span lang=\"FR-CH\">                              \u00a0<\/span><\/p>\n<p> <span lang=\"FR-CH\">                              Alors mettons-nous d&rsquo;accord sur une chose pour                               commencer. Du fait de notre attachement \u00e0 notre                               pays, nous sommes enclins \u00e0 un petit peu de                               susceptibilit\u00e9, et nos avis ne seront jamais tout                               \u00e0 fait objectifs. C&rsquo;est une r\u00e9alit\u00e9. Mais ma                               r\u00e9action ou celle d&rsquo;autres bloggers que je viens                               de voir n&rsquo;est pas uniquement li\u00e9e \u00e0 un besoin de                               se d\u00e9fendre et de d\u00e9fendre son pays, encore moins                               de d\u00e9fendre un r\u00e9gime, mais \u00e0 un r\u00e9el malaise face                               \u00e0 une analyse sommaire, simpliste, sc\u00e9nario                               catastrophe o\u00f9 aucun d&rsquo;entre nous ne se reconna\u00eet                               vraiment.<\/span><\/p>\n<p> <span lang=\"FR-CH\">                              \u00a0<\/span><\/p>\n<p> <span lang=\"FR-CH\">                              On aura beau accorder \u00e0 son auteur que certains                               des points qu&rsquo;il a relev\u00e9 sont v\u00e9ridiques, nous ne                               pouvons accepter ce contenu en silence.<\/span><\/p>\n<p> <span lang=\"FR-CH\">                              \u00a0<\/span><\/p>\n<p> <span lang=\"FR-CH\">                              Certes nous avons des probl\u00e8mes sur la sc\u00e8ne                               politique tunisienne, au niveau de la libert\u00e9                               d&rsquo;expression, au niveau de la propagation                               progressive de certaines id\u00e9ologies. Mais ces                               v\u00e9rit\u00e9s sont pr\u00e9sent\u00e9es sans aucune forme                               d&rsquo;analyse, comme si c&rsquo;\u00e9tait une maladie dont le                               diagnostic serait \u00e9vident et les causes tout \u00e0                               fait secondaires et inint\u00e9ressantes. On ne                               pr\u00e9sente ici qu&rsquo;une facette d&rsquo;un probl\u00e8me complexe                               \u00e0 chaque fois. On ne fait qu&rsquo;\u00e9mettre un jugement                               global et simplificateur sur une situation                               d\u00e9licate et difficile \u00e0 analyser en quelques                               paragraphes. Comment peut-on pr\u00e9senter l&rsquo;ensemble                               des d\u00e9fis auxquels fait face la Tunisie en une ou                               deux pages de jugements creux?<\/span><\/p>\n<p> <span lang=\"FR-CH\">                              \u00a0<\/span><\/p>\n<p> <span lang=\"FR-CH\">                              Il est clair que ce genre d&rsquo;analyses est tout \u00e0                               fait inint\u00e9ressant, pour une raison simple, c&rsquo;est                               que cette pr\u00e9sentation part d&rsquo;un ensemble de                               pr\u00e9jug\u00e9s sur le monde arabe qui ont servi de                               mod\u00e8le \u00e0 cet article, pr\u00e9jug\u00e9s qui se r\u00e9sumeraient                               en quelques mots: \u00ab\u00a0le monde arabe fait face \u00e0 la                               dictature, \u00e0 l&rsquo;islamisme et les r\u00e9gimes en place                               sont accus\u00e9s de tra\u00eetrise et de liens douteux avec                               l&rsquo;Occident. Par cons\u00e9quent le monde arabe est au                               bord du gouffre et risque de basculer dans la                               guerre civile.\u00a0\u00bb<\/span><\/p>\n<p> <span lang=\"FR-CH\">                              \u00a0<\/span><\/p>\n<p> <span lang=\"FR-CH\">                              On aurait presque des doutes sur notre capacit\u00e9 \u00e0                               regarder la v\u00e9rit\u00e9 en face quand on lit des propos                               aussi simplistes. Je ne savais pas qu&rsquo;on \u00e9tait au                               bord de la guerre civile en Tunisie ! tiens donc?!                               serais-je si aveugle ? Nous nous plaignons du fait                               que les tunisiens ne se sentent pas impliqu\u00e9s dans                               la vie socio-politique, et on nous dit que ces                               m\u00eames tunisiens vont s&rsquo;entre-tuer demain pour                               avoir le pouvoir ?<\/span><\/p>\n<p> <span lang=\"FR-CH\">                              \u00a0<\/span><\/p>\n<p> <span lang=\"FR-CH\">                              Oui nous n&rsquo;avons pas de p\u00e9trole, mais depuis quand                               mourons-nous de faim et depuis quand le tourisme                               en Tunisie est-il \u00ab\u00a0en chute vertigineuse\u00a0\u00bb ? Certes                               le tourisme chez nous n&rsquo;est pas v\u00e9ritablement le                               tr\u00e9sor in\u00e9puisable qu&rsquo;on voudrait avoir, mais de                               l\u00e0 \u00e0 dire qu&rsquo;on est en train de sombrer dans la                               mis\u00e8re parce que le tourisme est en baisse, j&rsquo;ai                               presque envie de rire. Et que faisons-nous au                               juste ? Nous travaillons tous dans le tourisme                               maintenant? Tous les tunisiens sont-ils nourris                               par le tourisme ? depuis quand est-ce la seule et                               unique source ?<\/span><\/p>\n<p> <span lang=\"FR-CH\">                              \u00a0<\/span><\/p>\n<p> <span lang=\"FR-CH\">                              Oui nous avons un probl\u00e8me de fuite des cerveaux.                               Aurait-on pens\u00e9 \u00e0 glisser quelques mots pour                               tenter de l&rsquo;expliquer ? On a l&rsquo;impression que les                               raisons sont tellement \u00e9videntes qu&rsquo;elles ne                               m\u00e9ritent pas d&rsquo;\u00eatre analys\u00e9es, pense-t-on que nous                               fuyons la famine et la guerre peut-\u00eatre ? et dans                               quelles proportions se fait cette fuite des                               cerveaux ? en a-t-on simplement une id\u00e9e ? Et ces                               d\u00e9parts sont-ils forc\u00e9ment une h\u00e9morragie ou                               peuvent-ils \u00e0 long terme g\u00e9n\u00e9rer un autre type de                               richesses ? Mais que dis-je, cela n&rsquo;int\u00e9resse                               personne ici ! Surtout pas celui ou celle qui a                               \u00e9crit l&rsquo;article !<\/span><\/p>\n<p> <span lang=\"FR-CH\">                              \u00a0<\/span><\/p>\n<p> <span lang=\"FR-CH\">                              Oui la Tunisie a des accords avec des pays                               occidentaux, et c&rsquo;est clair qu&rsquo;il y a des choses                               qui nous d\u00e9passent et qui sont d\u00e9cid\u00e9es en haut                               lieu pour maintenir un \u00ab\u00a0\u00e9quilibre\u00a0\u00bb qui arrangent                               certains, et dont nous ne sommes pas forc\u00e9ment                               tr\u00e8s contents des fois. Mais depuis quand voit-on                               des hordes de tunisiens accuser le pouvoir en                               place de tra\u00eetrise ? Le journaliste aurait-il                               confondu les propos de certains m\u00e9dias arabes avec                               les n\u00f4tres? aurait-il pris exemple sur les                               r\u00e9actions populaires au Moyen Orient pour imaginer                               la notre ? depuis quand les tunisiens                               ressemblent-ils aux autres arabes pour ce qui est                               de leurs r\u00e9actions au niveau politique? Et qui                               vous dit que le ressentiment anti-occidental prend                               cette forme en Tunisie ?<\/span><\/p>\n<p> <span lang=\"FR-CH\">                              \u00a0<\/span><\/p>\n<p> <span lang=\"FR-CH\">                              Oui en Tunisie il y a des gens pas contents, des                               opposants qui d\u00e9fendent certaines id\u00e9es et qui ne                               jouissent pas d&rsquo;une libert\u00e9 \u00e0 laquelle ils                               auraient droit. Mais depuis quand choisir l&rsquo;avis                               d&rsquo;un seul opposant permet-il de d\u00e9terminer l&rsquo;\u00e9tat                               d&rsquo;esprit du tunisien moyen ? Depuis quand les                               opposants sont-ils repr\u00e9sentatifs de l&rsquo;ensemble de                               la population. C&rsquo;est bien cela le probl\u00e8me                               monsieur le journaliste extr\u00eamement intelligent et                               bien renseign\u00e9! l&rsquo;opposition tunisienne est                               r\u00e9duite, \u00e9clat\u00e9e et n&rsquo;a pas de base populaire ! et                               vous venez nous raconter que parce qu&rsquo;un opposant                               a dit telle ou telle chose, cela nous                               renseignerait sur ce que les tunisiens pensent ?<\/span><\/p>\n<p> <span lang=\"FR-CH\">                              \u00a0<\/span><\/p>\n<p> <span lang=\"FR-CH\">                              Un conseil, venez faire un tour par ici. Vous                               voulez \u00e9crire un bon papier, vous avez du retard \u00e0                               rattraper!<\/span><\/p>\n<p> <b> <span lang=\"FR-CH\">                              \u00a0<\/span><\/b><\/p>\n<p> <b> <span lang=\"FR-CH\">                              Lien\u00a0:\u00a0                              <a href=\"http:\/\/metallicnaddou.blogspot.com\/2006\/12\/mais-oui-bien-sur.html\" target=\"_blank\" rel=\"noopener\">                              http:\/\/metallicnaddou.blogspot.com\/2006\/12\/mais-oui-bien-sur.html<\/a><\/span><\/b><\/p>\n<p> <b> <span lang=\"FR-CH\">                              \u00a0<\/span><\/b><\/p>\n<h2 align=\"center\" style=\"color: red;\"> <span lang=\"FR\"> <a href=\"http:\/\/feeds.feedburner.com\/~r\/MouwatenTounsi\/~3\/59135763\/ma-raction-larticle-de-france24-sur-la.html\" target=\"_blank\" rel=\"noopener\"> <span>Ma                               r\u00e9action \u00e0 l&rsquo;article de France24 sur la Tunisie<\/span><\/a><\/span><\/h2>\n<h2 style=\"color: red;\"> <span lang=\"FR-CH\">                              Mouwaten Tounsi<\/span><\/h2>\n<p> <b> <span lang=\"FR\">                              J&rsquo;approuve la r\u00e9action de                              <a href=\"http:\/\/zizoufromdjerba.blogspot.com\/2006\/12\/la-tunisie-sur-le-site-de-france24.html\" target=\"_blank\" rel=\"noopener\">                              Zizou<\/a> et celle de                              <a href=\"http:\/\/metallicnaddou.blogspot.com\/2006\/12\/mais-oui-bien-sur.html\" target=\"_blank\" rel=\"noopener\">                              Naddou<\/a> \u00e0 l&rsquo;<a href=\"http:\/\/www.france24.com\/france24Public\/fr\/dossiers\/Monde-arabe\/Tunisie-pays-061201.html\" target=\"_blank\" rel=\"noopener\">article                               de France24 sur la Tunisie<\/a>, et je me sens                               oblig\u00e9 de ne pas rester indiff\u00e9rent face \u00e0 un                               article si peu objectif :<\/span><\/b><\/p>\n<p> <span lang=\"FR\">                              \u00a0<\/span><\/p>\n<p> <span lang=\"FR\">                              \u00ab\u00a0Selon le d\u00e9partement d\u2019Etat am\u00e9ricain, les                               Etats-Unis et la Tunisie m\u00e8nent des exercices                               militaires conjoints.\u00a0\u00bb<\/span><span lang=\"FR\"> <\/span><\/p>\n<p> <span lang=\"FR\">                              Pourriez vous nous en dire un peu plus et nous                               indiquer vos sources si possible? Je suis curieux.<\/span><\/p>\n<p> <span lang=\"FR\">                              \u00a0<\/span><\/p>\n<p> <span lang=\"FR\">                              \u00ab\u00a0Plusieurs groupes religieux int\u00e9gristes ont gagn\u00e9                               en popularit\u00e9 dans la classe moyenne tunisienne.\u00a0\u00bb<\/span><span lang=\"FR\"> <\/span><\/p>\n<p> <span lang=\"FR\">                              La formule est tr\u00e8s mal choisie. Des groupes                               int\u00e9gristes en Tunisie? On confond peut \u00eatre le                               port du voile, que je n&rsquo;approuve pas                               personnellement, avec l&rsquo;int\u00e9grisme. Mois je                               n&rsquo;attriburerai pas le port du voile en Tunisie \u00e0                               un mouvement int\u00e9griste, mais plut\u00f4t \u00e0 une crise                               d&rsquo;identit\u00e9 ou un mouvement r\u00e9actionnaire en                               r\u00e9ponse \u00e0 l&rsquo;injustice et la d\u00e9gradation des moeurs                               dans le pays. Il faut savoir que le peuple                               Tunisien a \u00e9t\u00e9 en majorit\u00e9 content qu&rsquo;aux ann\u00e9es                               80 l&rsquo;\u00e9tat policier ait \u00e9radiqu\u00e9 les mouvements                               religieux extr\u00e9mistes m\u00eame s&rsquo;il y eu beaucoup                               d&rsquo;injustice et pleins de droits bafou\u00e9s.<\/span><\/p>\n<p> <span lang=\"FR\">                              \u00a0<\/span><\/p>\n<p> <span lang=\"FR\">                              \u00ab\u00a0Asphyxi\u00e9e par les cr\u00e9ances depuis la                               lib\u00e9ralisation du cr\u00e9dit \u00e0 la consommation, la                               classe moyenne, pr\u00e9caris\u00e9e, reproche \u00e0 Ben Ali                               d\u2019avoir introduit l\u2019\u00e9conomie de march\u00e9 de fa\u00e7on                               inadapt\u00e9e. \u00ab\u00a0<\/span><\/p>\n<p> <span lang=\"FR\">                              La classe moyenne ne repr\u00e9sente plus le m\u00eame                               pourcentage qu&rsquo;une quinzaine d&rsquo;ann\u00e9es auparavant                               et que la rupture entre les classes extr\u00eames est                               de plus en plus importante.<\/span><\/p>\n<p> <span lang=\"FR\">                              \u00a0<\/span><\/p>\n<p> <span lang=\"FR\">                              \u00ab\u00a0Ne disposant ni de la richesse p\u00e9troli\u00e8re                               libyenne ni des r\u00e9serves de gaz alg\u00e9rien\u00a0\u00bb<\/span><\/p>\n<p> <span lang=\"FR\">                              La Tunisie n&rsquo;a pas de richesses naturelles, mais                               on ne peut pas nier sa richesse humaine. Il faut                               reconna\u00eetre que le gouvernement a donn\u00e9                               l&rsquo;importance qu&rsquo;il faut \u00e0 l&rsquo;\u00e9ducation depuis                               l&rsquo;ind\u00e9pendance et le r\u00e9sultat est assez                               satisfaisant. Mais le syst\u00e8me \u00e9ducatif est, ces                               derni\u00e8res ann\u00e9es, entrain de r\u00e9gresser.<\/span><\/p>\n<p> <span lang=\"FR\">                              \u00a0<\/span><\/p>\n<p> <span lang=\"FR\">                              \u00ab\u00a0le tourisme, en chute vertigineuse depuis                               quelques ann\u00e9es.\u00a0\u00bb<\/span><\/p>\n<p> <span lang=\"FR\">                              Je suis tr\u00e8s \u00e9tonn\u00e9. M\u00eame s&rsquo;il y a une baisse des                               revenus du tourisme, je ne crois pas que c&rsquo;est                               plus que les autres pays de la r\u00e9gion ou m\u00eame du                               monde.<\/span><\/p>\n<p> <span lang=\"FR\">                              \u00a0<\/span><\/p>\n<p> <span lang=\"FR\">                              \u00ab\u00a0Fuite des cerveaux\u00a0\u00bb<\/span><\/p>\n<p> <span lang=\"FR\">                              Tout \u00e0 fait d&rsquo;accord. Il est important que le pays                               forme de bonnes t\u00eates et de les encourager \u00e0                               s&rsquo;expatrier mais il faut absolument savoir les                               faire revenir et en faire un bon usage. Je peux                               t\u00e9moigner de la forte volont\u00e9 d\u2019une bonne partie                               des jeunes expatri\u00e9s, ayant un bon niveau                               intellectuel, de revenir au pays. Mais le                               gouvernement est compl\u00e8tement indiff\u00e9rent et                               n&rsquo;entreprend aucune action pour les encourager.<\/span><\/p>\n<p> <span lang=\"FR\">                              \u00a0<\/span><\/p>\n<p> <span lang=\"FR\">                              \u00ab\u00a0une nouvelle bourgeoisie aux fortunes                               consid\u00e9rables se radicalise religieusement\u00a0\u00bb<\/span><\/p>\n<p> <span lang=\"FR\">                              d&rsquo;o\u00f9 est-ce que vous sortez cette informations?<\/span><\/p>\n<p> <span lang=\"FR\">                              \u00a0<\/span><\/p>\n<p> <span lang=\"FR\">                              \u00ab\u00a0Alors que la Tunisie est un des pays du Maghreb                               o\u00f9 la libert\u00e9 sexuelle est la plus grande, le                               nombre de femmes voil\u00e9es ne cesse d\u2019y augmenter.\u00a0\u00bb<\/span><\/p>\n<p> <span lang=\"FR\">                              La libert\u00e9 sexuelle et le port du voile peuvent                               coexister dans le m\u00eame pays. C&rsquo;est le cas de                               plusieurs d\u00e9mocraties et d&rsquo;autres pays arabes (la                               distinction s&rsquo;impose). En revanche le probl\u00e8me est                               l\u2019absence d\u2019un vrai dialogue. Tous les tunisiens                               sont unanimes sur la mauvaise r\u00e9action du                               gouvernement \u00e0 l\u2019augmentation du nombre des femmes                               voil\u00e9es. Il a choisi la r\u00e9pression et une compagne                               m\u00e9diatique tr\u00e8s peu convaincante.<\/span><\/p>\n<p> <span lang=\"FR\">                              \u00a0<\/span><\/p>\n<p> <span lang=\"FR\">                              \u00ab\u00a0Pourtant, si Ben Ali, malade, venait \u00e0                               dispara\u00eetre, beaucoup s\u2019accordent \u00e0 dire que les                               islamistes gagneraient les prochaines \u00e9lections\u00a0\u00bb<\/span><\/p>\n<p> <span lang=\"FR\">                              Je ne peux pas y croire une seconde. D&rsquo;une part si                               Ben Ali dispara\u00eet, \u00e7a sera toujours le RCD qui va                               d\u00e9signer par une pseudo-d\u00e9mocratie un nouveau                               pr\u00e9sident. Pour cela la m\u00e9canique                               constitutionnelle est d\u00e9j\u00e0 vot\u00e9e. D&rsquo;autre part,                               supposons qu&rsquo;apr\u00e8s une disparition subite de Ben                               Ali, un miracle se produit et une vraie d\u00e9mocratie                               se met en place, il est tr\u00e8s peu probable que les                               Tunisiens choisissent un gouvernement islamiste.                               Les Tunisiens sont marqu\u00e9s par leur exp\u00e9rience de                               l&rsquo;islamisme des ann\u00e9es 80 et celle beaucoup plus                               douloureuse des alg\u00e9riens.<\/span><\/p>\n<p> <span lang=\"FR\">                              \u00a0<\/span><\/p>\n<p> <span lang=\"FR\">                              \u00ab\u00a0une guerre civile.\u00a0\u00bb<\/span><\/p>\n<p> <span lang=\"FR\">                              on ne trouvera pas mieux pour finir un article                               d&rsquo;une qualit\u00e9 pareille.                                                              La chaine France24 est un excellent projet et                               j&rsquo;esp\u00e8re qu&rsquo;elle produira une information de                               meilleure qualit\u00e9.<\/span><\/p>\n<p> <span lang=\"FR\">                              \u00a0<\/span><\/p>\n<p> <b> <span lang=\"FR-CH\">                              (Source\u00a0: le blog de Mouwaten Tounsi (Citoyen                               Tunisien), le 9 D\u00e9cembre 2006 \u00e0 03h17 PM CST)<\/span><\/b><\/p>\n<p> <b> <span lang=\"FR-CH\">                              Lien\u00a0:                              <a href=\"http:\/\/mouwatentounsi.blogspot.com\/index.html\" target=\"_blank\" rel=\"noopener\">                              http:\/\/mouwatentounsi.blogspot.com\/index.html<\/a> <\/span><\/b><\/p>\n<hr\/>\n<p><\/span> <\/p>\n<p align=\"center\"> <font size=\"3\"><b> <span lang=\"FR\">                              Hommage<\/span><\/b><\/font><\/p>\n<p align=\"center\"> <b> <span lang=\"FR\"> <font size=\"3\">La doyenne des \u00e9ducatrices en                               Tunisie n\u2019est plus<\/font><\/span><\/b><\/p>\n<p align=\"center\"> <b> <span lang=\"FR\"> <font size=\"3\">\u2022 Zobe\u00efda Amira, un itin\u00e9raire hors                               du commun<\/font><\/span><\/b><\/p>\n<p> <b> <span lang=\"FR\">                              L\u2019itin\u00e9raire de Zobe\u00efda Amira illustre \u00e0 lui seul                               tout le chemin parcouru par la jeune Tunisienne du                               d\u00e9but du XXe si\u00e8cle jusqu\u2019\u00e0 aujourd\u2019hui, pour                               atteindre les hautes sph\u00e8res\u00a0 du savoir et de la                               maturit\u00e9.<\/span><\/b><\/p>\n<p> <span lang=\"FR\">                              Elle est n\u00e9e le 26 avril 1917 dans la M\u00e9dina de                               Tunis, \u00e0 Souk El Blat, (rue Boussen), d\u2019un p\u00e8re                               commer\u00e7ant originaire de B\u00e9ni-Khiar, Mouldi Amira,                               venu \u00e0 Tunis pour poursuivre ses \u00e9tudes \u00e0 la                               Mosqu\u00e9e Ezzitouna, et d\u2019une m\u00e8re illettr\u00e9e, Habiba                               Trabelsi, issue de la bourgeoisie tunisoise. Elle                               est la troisi\u00e8me d\u2019une famille de quatre filles :                               Khira, Maherzia et Mongia. Gr\u00e2ce \u00e0 la perspicacit\u00e9                               et \u00e0 la volont\u00e9 de leur m\u00e8re qui a tenu t\u00eate \u00e0 la                               ferme opposition de son entourage, elles ont \u00e9t\u00e9                               scolaris\u00e9es d\u00e8s 1920.<\/span><\/p>\n<p> <span lang=\"FR\">                              Zobe\u00efda Amira est une des premi\u00e8res \u00e0 avoir                               poursuivi ses \u00e9tudes contre vents et mar\u00e9es. Elle                               entame sa formation en 1923 \u00e0 l\u2019Ecole primaire de                               filles musulmanes de la rue du Riche de Bent El                               Fakhri. Trois ann\u00e9es plus tard, elle est accept\u00e9e                               \u00e0 l\u2019\u00e9cole de filles europ\u00e9ennes de l\u2019avenue                               Bab-Djedid o\u00f9 elle ach\u00e8vera ses \u00e9tudes primaires.<\/span><\/p>\n<p> <span lang=\"FR\">                              D\u00e8s 1929, elle poursuit ses \u00e9tudes secondaires au                               lyc\u00e9e Armand Falli\u00e8res de la rue de Russie et                               obtient en 1933 le brevet \u00e9l\u00e9mentaire. Elle entre                               alors \u00e0 l\u2019Ecole normale d\u2019institutrices qui se                               situait \u00e0 la rue du Docteur Braquehaye \u00e0                               Montfleury sup\u00e9rieur (actuellement lyc\u00e9e Mohsen                               Ayari) et obtient en 1936 le brevet sup\u00e9rieur                               (\u00e9quivalent du baccalaur\u00e9at).<\/span><\/p>\n<p> <span lang=\"FR\">                              Elle est alors affect\u00e9e comme institutrice de                               langue fran\u00e7aise \u00e0 l\u2019Ecole primaire de filles                               musulmane de la rue Larbi Zarrouk \u00e0 Sousse. Avec                               courage, elle accepte son poste malgr\u00e9 les                               probl\u00e8mes inh\u00e9rents \u00e0 sa condition de jeune fille                               musulmane. En 1939, elle est nomm\u00e9e institutrice                               de langue fran\u00e7aise \u00e0 l\u2019\u00e9cole primaire de gar\u00e7ons                               de La Goulette. L\u2019ann\u00e9e suivante, elle est                               institutrice de langue fran\u00e7aise \u00e0 l\u2019\u00e9cole                               primaire de filles de l\u2019avenue Bab-Djedid, tout en                               \u00e9tant la seule fille \u00e0 suivre des cours du soir de                               l\u2019Ecole sup\u00e9rieure de langue et de litt\u00e9rature                               arabes \u00e0 Souk El Attarine \u00e0 Tunis. Elle\u00a0 obtient                               en 1942 le brevet d\u2019arabe puis en 1945 le dipl\u00f4me                               sup\u00e9rieur de langue et de litt\u00e9rature arabes.<\/span><\/p>\n<p> <span lang=\"FR\">                              Ce cheminement est couronn\u00e9 en 1947 par la licence                               de langue et de litt\u00e9rature arabes de la facult\u00e9                               d\u2019Alger et en 1948 par le certificat d\u2019aptitude \u00e0                               l\u2019enseignement de l\u2019arabe dans les lyc\u00e9es et                               coll\u00e8ges, d\u00e9cern\u00e9 par l\u2019Ecole des langues                               orientales de Paris.<\/span><\/p>\n<p> <span lang=\"FR\">                              D\u00e8s 1945 et jusqu\u2019\u00e0 1952, elle est tour \u00e0 tour                               nomm\u00e9e professeur d\u2019arabe au coll\u00e8ge Louise-Ren\u00e9e                               Millet, \u00e0 la section sadikienne\u00a0 qu\u2019elle cr\u00e9e en                               octobre 1945, puis directrice du coll\u00e8ge                               Louise-Ren\u00e9e Millet dont elle propose le                               changement de l\u2019appellation en 1956 en coll\u00e8ge de                               jeunes filles de la rue du Pacha et demande en                               1957 \u00e0 ce qu\u2019il soit d\u00e9finitivement baptis\u00e9 Lyc\u00e9e                               de jeunes filles de la rue du Pacha. Elle l\u2019a                               dirig\u00e9 de main de ma\u00eetre pendant un quart de                               si\u00e8cle jusqu\u2019\u00e0 l\u2019\u00e2ge de la retraite \u00e0 62 ans.<\/span><\/p>\n<p> <span lang=\"FR\">                              Le nom de Zob\u00e9ida Amira est indissociable de cette                               institution qui a form\u00e9 les futurs cadres de la                               Tunisie ind\u00e9pendante. Attentive, p\u00e9dagogue,                               pr\u00e9venante, g\u00e9n\u00e9reuse, elle a su instaurer des                               relations franches avec professeurs, \u00e9l\u00e8ves et                               parents, le dialogue n\u2019ayant jamais \u00e9t\u00e9 interrompu                               entre eux.<\/span><\/p>\n<p> <span lang=\"FR\">                              C\u00e9libataire,\u00a0 elle a \u00e9lev\u00e9 une petite fille de                               quatre ans, devenue institutrice \u00e0 l\u2019\u00e2ge adulte.<\/span><\/p>\n<p> <span lang=\"FR\">                              Sa pi\u00e9t\u00e9, sage et \u00e9clair\u00e9e, lui a fait accomplir                               les rites du p\u00e8lerinage de la Mecque et ne l\u2019a pas                               emp\u00each\u00e9e pour autant de militer\u00a0 au Vestiaire                               national de l\u2019Unft et \u00e0 la cellule destourienne de                               Bir Lahjar. C\u2019est ainsi qu\u2019elle a repr\u00e9sent\u00e9                               l\u2019\u00e9ducation nationale au Caire en 1957 (Ligue                               arabe), puis \u00e0 Tlemcen en 1964 (Unesco) et l\u2019Unft                               \u00e0 Washington en 1962.<\/span><\/p>\n<p> <span lang=\"FR\">                              Cet itin\u00e9raire exemplaire a \u00e9t\u00e9 ponctu\u00e9 par de                               nombreuses d\u00e9corations tout au long de sa carri\u00e8re                               : du Nichan El Iftikhar (1954), des Palmes                               acad\u00e9miques (1956), de l\u2019Ordre de la R\u00e9publique                               Tunisienne (1964) et de la M\u00e9daille du travail                               (1978).<\/span><\/p>\n<p> <span lang=\"FR\">                              Cette grande dame de l\u2019\u00e9ducation dans notre pays                               s\u2019est \u00e9teinte le vendredi 1er d\u00e9cembre 2006 dans                               sa villa de Rad\u00e8s, entour\u00e9e par l\u2019affection des                               siens et de ses anciennes \u00e9l\u00e8ves qui n\u2019ont jamais                               cess\u00e9 de lui manifester leur \u00e9mouvante fid\u00e9lit\u00e9.                               Les multiples g\u00e9n\u00e9rations de lyc\u00e9ennes qu\u2019elle a                               form\u00e9es et \u00e9duqu\u00e9es conserveront et v\u00e9n\u00e9reront son                               souvenir.<\/span><\/p>\n<p> <span lang=\"FR\">                              \u00a0<\/span><\/p>\n<p> <b> <span lang=\"FR\">                              Alia BACCAR BOURNAZ<\/span><\/b><\/p>\n<p> <b> <span lang=\"FR\">                              \u00a0<\/span><\/b><\/p>\n<p> <b> <span lang=\"FR-CH\">                              (Source\u00a0: \u00ab\u00a0La Presse\u00a0\u00bb (Tunisie) du 10 d\u00e9cembre                               2006)<\/span><\/b><\/p>\n<p> <b> <span lang=\"FR-CH\">                              \u00a0<\/span><\/b><\/p>\n<p> <b> <span lang=\"FR-CH\"> <\/span><\/b><\/p>\n<hr\/>\n<p> <b> <span lang=\"FR-CH\">                              Foie gras ou m\u00e9choui ?<\/span><\/b><\/p>\n<p> <b> <span lang=\"FR-CH\">                              Par Hatem Belhaj<\/span><\/b><\/p>\n<p> <span lang=\"FR-CH\">                              \u00a0<\/span><\/p>\n<p> <span lang=\"FR-CH\">                              A vous de choisir ! Foie gras, b\u00fbche et dinde                               farcie ou m\u00e9choui, merguez et Kaddid ? <\/span><\/p>\n<p> <span lang=\"FR-CH\">                              Chacun selon ses bourses car la foi ne se partage                               pas. On lui trouve toujours un compromis                               intelligent. Ce sont juste les h\u00f4teliers qui ne                               savent plus tenir le mouton par les cornes.<\/span><\/p>\n<p> <span lang=\"FR-CH\">                              Un pote h\u00f4telier s&rsquo;amuse \u00e0 inventer des promos.                               Que dit-il d&rsquo;une Saint Sylvestre trois jours et                               deux nuits, mouton offert pour les dix premi\u00e8res                               r\u00e9servations, brunch avec couscous au \u00ab\u00a0Osbane\u00a0\u00bb                               comme dirait le prix Goncourt tunisien Omok                               Sannafa (ou le prix Femina, je ne me souviens                               plus).<\/span><\/p>\n<p> <span lang=\"FR-CH\">                              Dieu merci. Cette ann\u00e9e, on n&rsquo;ira plus aux                               urgences pour indigestion que pour alcool\u00e9mie au                               volant&#8230;<\/span><\/p>\n<p> <span lang=\"FR-CH\">                              \u00a0<\/span><\/p>\n<p> <b> <span lang=\"FR-CH\">                              (Source\u00a0: \u00ab\u00a0Le Temps\u00a0\u00bb (Tunisie) du 10 d\u00e9cembre                               2006)<\/span><\/b><\/p>\n<p>\u00a0<\/p>\n<p>                              \u00a0<\/p>\n<p>\u00a0<\/p>\n<hr\/>\n<p align=\"center\"> <b> <span lang=\"FR\"> <font size=\"3\">Moncefbay.com: Le Ebay tunisien !<\/font><\/span><\/b><\/p>\n<p> <span lang=\"FR\">                              \u00a0<\/span><\/p>\n<p> <span lang=\"FR\">                              Selon son cr\u00e9ateur, moncefbay.com est le support                               en ligne d\u2019une soci\u00e9t\u00e9 de ventes aux ench\u00e8res. Le                               site a pour objet de permettre \u00e0 n&rsquo;importe qui,                               n&rsquo;importe o\u00f9 et n&rsquo;importe quand, de vendre ou                               d&rsquo;acheter pratiquement tout ce qu&rsquo;il ou elle                               souhaite, selon diff\u00e9rentes modalit\u00e9s, notamment                               selon un syst\u00e8me d&rsquo;achat imm\u00e9diat et un syst\u00e8me                               d&rsquo;ench\u00e8res en ligne.<\/span><\/p>\n<p> <span lang=\"FR\">                              Moncefbay h\u00e9berge le contenu des annonces mises en                               ligne par les vendeurs (texte, photos, etc.). sans                               intervention contr\u00f4le dans la transaction entre                               acheteurs et vendeurs.<\/span><\/p>\n<p> <span lang=\"FR\">                              La mise en place d\u2019une ench\u00e8re sur MoncefBay.com                               est gratuite, Il suffit de s\u2019inscrire et d\u2019activer                               le compte \u00e0 partir de l&rsquo;Email re\u00e7u.<\/span><\/p>\n<p> <span lang=\"FR\">                              Toutefois le site met en garde les membres en leur                               rappelant que l&rsquo;authentification des utilisateurs                               sur Internet \u00e9tant difficile, et ne peuvent                               confirmer l&rsquo;identit\u00e9 de chaque membre.<\/span><\/p>\n<p> <span lang=\"FR\">                              Moncefbay.com a donc mis en ligne un syst\u00e8me dit                               d\u2019 \u00ab\u00a0Evaluations\u00a0\u00bb pour permettre aux utilisateurs                               d&rsquo;\u00e9valuer le s\u00e9rieux des personnes suite \u00e0 une                               transaction. Les acheteurs et\/ou vendeurs ont                               ainsi la possibilit\u00e9 de mettre en ligne leurs                               commentaires sur les membres avec lesquels ils ont                               effectu\u00e9 leurs transactions.<\/span><\/p>\n<p> <span lang=\"FR\">                              Parmi les cat\u00e9gories constat\u00e9es sur le site : Auto                               &amp; Moto &amp; Bateau, T\u00e9l\u00e9phonie &amp; GSM, Informatique ,                               V\u00eatements &amp; Accessoires, TV, Hi-Fi &amp; Vid\u00e9o,                               Cosm\u00e9tiques, Electrom\u00e9nager, Photos &amp; compagnie,                               Jeux Jouets et Jeux Vid\u00e9o, Bijoux &amp; Montres,                               Musique, Propri\u00e9t\u00e9s Immobilier, Billets &amp; Voyages                               , Livres, Poterie &amp; Verrerie, Maison&amp;Jardins, \u2026<\/span><\/p>\n<p> <span lang=\"FR\">                              \u00a0<\/span><\/p>\n<p> <b> <span lang=\"FR\">                              A d\u00e9couvrir : <a href=\"http:\/\/www.moncefbay.com\/\" target=\"_blank\" rel=\"noopener\">                              www.moncefbay.com<\/a><\/span><\/b><\/p>\n<p> <b> <span lang=\"FR\">                              \u00a0<\/span><\/b><\/p>\n<p> <b> <span lang=\"FR\">                              (Source\u00a0: le portail Babnet (Tunisie), le 8                               d\u00e9cembre 2006) <\/span><\/b><\/p>\n<p><b> <span lang=\"FR\">                              Lien\u00a0:<\/span><span lang=\"FR\"> <a href=\"http:\/\/www.babnet.net\/rttdetail-9493.asp\" target=\"_blank\" rel=\"noopener\">                              http:\/\/www.babnet.net\/rttdetail-9493.asp<\/a><\/span><\/b><\/p>\n<\/div>\n<div>                              \u00a0<\/div>\n<\/p><\/div>\n<\/p><\/div>\n<\/p><\/div>\n<\/p><\/div>\n<\/p><\/div>\n<\/p><\/div>\n<\/p><\/div>\n<\/p><\/div>\n<\/p><\/div>\n<\/p><\/div>\n<\/p><\/div>\n<\/p><\/div>\n<\/p><\/div>\n<\/div>\n<p><\/font><!-- |**|end egp html banner|**| --><\/p>\n<p align=\"center\"><b><a href=\"https:\/\/tunisnews.net\/ar\/\"><span>Home<\/span><span lang=\"FR-CH\"> &#8211; Accueil <\/span><span>&#8211; <\/span><span dir=\"RTL\" lang=\"AR-SA\">\u0627\u0644\u0631\u0626\u064a\u0633\u064a\u0629<\/span><\/a><\/b><\/p>\n<p align=\"center\"><b><span dir=\"RTL\" lang=\"AR-SA\">\u00a0<\/span><\/b><\/p>\n<p><\/body><\/body><\/html><\/p>","protected":false},"excerpt":{"rendered":"<p>Home &#8211; Accueil &#8211; \u0627\u0644\u0631\u0626\u064a\u0633\u064a\u0629 TUNISNEWS 7\u00a0\u00e8me\u00a0ann\u00e9e, N\u00b0\u00a02393 du 10.12.2006 \u00a0archives : www.tunisnews.net V\u00e9rit\u00e9-Action: Agir pour les libert\u00e9s en Tunisie AVTT &#8211; FTSDL: Pr. Marzouki est convoque devant le juge de Ben Ali Tunisie Verte: Communiq\u00e9 de presse suite \u00e0 l\u2019interdiction de la conf\u00e9rence de presse de \u00ab Tunisie Verte \u00bb UDB: Derri\u00e8re la plage, [&hellip;]<\/p>\n","protected":false},"author":1,"featured_media":22040,"comment_status":"open","ping_status":"open","sticky":false,"template":"","format":"standard","meta":{"inline_featured_image":false,"site-sidebar-layout":"default","site-content-layout":"","ast-site-content-layout":"default","site-content-style":"default","site-sidebar-style":"default","ast-global-header-display":"","ast-banner-title-visibility":"","ast-main-header-display":"","ast-hfb-above-header-display":"","ast-hfb-below-header-display":"","ast-hfb-mobile-header-display":"","site-post-title":"","ast-breadcrumbs-content":"","ast-featured-img":"","footer-sml-layout":"","ast-disable-related-posts":"","theme-transparent-header-meta":"","adv-header-id-meta":"","stick-header-meta":"","header-above-stick-meta":"","header-main-stick-meta":"","header-below-stick-meta":"","astra-migrate-meta-layouts":"default","ast-page-background-enabled":"default","ast-page-background-meta":{"desktop":{"background-color":"","background-image":"","background-repeat":"repeat","background-position":"center center","background-size":"auto","background-attachment":"scroll","background-type":"","background-media":"","overlay-type":"","overlay-color":"","overlay-opacity":"","overlay-gradient":""},"tablet":{"background-color":"","background-image":"","background-repeat":"repeat","background-position":"center center","background-size":"auto","background-attachment":"scroll","background-type":"","background-media":"","overlay-type":"","overlay-color":"","overlay-opacity":"","overlay-gradient":""},"mobile":{"background-color":"","background-image":"","background-repeat":"repeat","background-position":"center center","background-size":"auto","background-attachment":"scroll","background-type":"","background-media":"","overlay-type":"","overlay-color":"","overlay-opacity":"","overlay-gradient":""}},"ast-content-background-meta":{"desktop":{"background-color":"var(--ast-global-color-5)","background-image":"","background-repeat":"repeat","background-position":"center center","background-size":"auto","background-attachment":"scroll","background-type":"","background-media":"","overlay-type":"","overlay-color":"","overlay-opacity":"","overlay-gradient":""},"tablet":{"background-color":"var(--ast-global-color-5)","background-image":"","background-repeat":"repeat","background-position":"center center","background-size":"auto","background-attachment":"scroll","background-type":"","background-media":"","overlay-type":"","overlay-color":"","overlay-opacity":"","overlay-gradient":""},"mobile":{"background-color":"var(--ast-global-color-5)","background-image":"","background-repeat":"repeat","background-position":"center center","background-size":"auto","background-attachment":"scroll","background-type":"","background-media":"","overlay-type":"","overlay-color":"","overlay-opacity":"","overlay-gradient":""}},"footnotes":""},"categories":[],"tags":[64,37,29],"class_list":["post-16086","post","type-post","status-publish","format-standard","has-post-thumbnail","hentry","tag-64","tag-37","tag-fr"],"_links":{"self":[{"href":"https:\/\/tunisnews.net\/ar\/wp-json\/wp\/v2\/posts\/16086","targetHints":{"allow":["GET"]}}],"collection":[{"href":"https:\/\/tunisnews.net\/ar\/wp-json\/wp\/v2\/posts"}],"about":[{"href":"https:\/\/tunisnews.net\/ar\/wp-json\/wp\/v2\/types\/post"}],"author":[{"embeddable":true,"href":"https:\/\/tunisnews.net\/ar\/wp-json\/wp\/v2\/users\/1"}],"replies":[{"embeddable":true,"href":"https:\/\/tunisnews.net\/ar\/wp-json\/wp\/v2\/comments?post=16086"}],"version-history":[{"count":0,"href":"https:\/\/tunisnews.net\/ar\/wp-json\/wp\/v2\/posts\/16086\/revisions"}],"wp:featuredmedia":[{"embeddable":true,"href":"https:\/\/tunisnews.net\/ar\/wp-json\/wp\/v2\/media\/22040"}],"wp:attachment":[{"href":"https:\/\/tunisnews.net\/ar\/wp-json\/wp\/v2\/media?parent=16086"}],"wp:term":[{"taxonomy":"category","embeddable":true,"href":"https:\/\/tunisnews.net\/ar\/wp-json\/wp\/v2\/categories?post=16086"},{"taxonomy":"post_tag","embeddable":true,"href":"https:\/\/tunisnews.net\/ar\/wp-json\/wp\/v2\/tags?post=16086"}],"curies":[{"name":"wp","href":"https:\/\/api.w.org\/{rel}","templated":true}]}}