{"id":16079,"date":"2006-08-21T00:00:00","date_gmt":"2006-08-21T00:00:00","guid":{"rendered":"https:\/\/tunisnews.net\/21-aout-2006\/"},"modified":"2006-08-21T00:00:00","modified_gmt":"2006-08-21T00:00:00","slug":"21-aout-2006","status":"publish","type":"post","link":"https:\/\/tunisnews.net\/ar\/21-aout-2006\/","title":{"rendered":"21 ao\u00fbt 2006"},"content":{"rendered":"<p><html><head><meta content=\"text\/html\" description=\"      Le peuple tunisien vient de f\u00eater le 13 ao\u00fbt dernier le cinquantenaire de       la promulgation du Code du Statut Personnel (SCP), un texte l\u00e9gislatif qui       a garanti \u00e0 la femme tunisienne ses droits\u00a0 fondamentaux \u00e0 l\u2019\u00e9ducation, au       travail, au vote\u2026Il a aussi aboli la polygamie et supprim\u00e9 la r\u00e9pudiation       qui a \u00e9t\u00e9 remplac\u00e9e par le divorce judiciaire. \" http-equiv=\"Content-Type\"\/><\/head><body><body style=\"text-align: justify\"><\/p>\n<p align=\"center\"><b><a href=\"\/ar\/25juin06a.htm\/\"><span>Home<\/span><span lang=\"FR-CH\"> &#8211; Accueil <\/span><span>&#8211; <\/span><span dir=\"rtl\" lang=\"AR-SA\">\u0627\u0644\u0631\u0626\u064a\u0633\u064a\u0629<\/span><\/a><\/b><\/p>\n<div> <font face=\"Arial\" size=\"2\"> <\/p>\n<div>\n<div>\n<div>\n<table border=\"1\" width=\"100%\">\n<tr>\n<td bgcolor=\"#efefef\" width=\"100%\"> <span lang=\"AR-SA\"> <\/p>\n<div align=\"left\">  <\/div>\n<div> <span lang=\"FR\"> <\/p>\n<div align=\"center\" dir=\"ltr\"> <font size=\"2\"><font face=\"Arial\"> <span lang=\"SV\"> <strong>TUNISNEWS<\/strong><\/span> <\/font><\/font> <\/div>\n<div align=\"center\" dir=\"ltr\"> <font face=\"Arial\" size=\"2\"> <strong>7\u00a0\u00e8me\u00a0ann\u00e9e, <span lang=\"FR\">N\u00b0\u00a02282 du  <\/span><\/strong><\/font> <font face=\"Arial\" size=\"2\"> <strong>21<span lang=\"FR\">.08.2006<\/span><\/strong><\/font><span lang=\"AR-SA\"><\/span><\/div>\n<div align=\"center\" dir=\"ltr\"> <strong> <\/p>\n<div align=\"center\"> <b><span><blink> <font face=\"Arial\" size=\"2\">\u00a0archives : <\/font> <a href=\"https:\/\/tunisnews.net\/ar\/\" target=\"_blank\" rel=\"noopener\"> <font face=\"Arial\" size=\"2\" target=\"_blank\">                  www.tunisnews.net<\/font><\/a><\/blink><\/span><\/b><font face=\"Arial\" size=\"2\"> <\/font> <\/div>\n<p> <\/strong><\/div>\n<p> <\/span><\/div>\n<p> <font face=\"Arial\" size=\"2\"> <\/p>\n<div align=\"left\" dir=\"ltr\"> <font><\/p>\n<hr noshade=\"\" size=\"8\"\/><\/font> <\/div>\n<div align=\"left\" dir=\"ltr\"> <strong><\/p>\n<p><font>C.R.L.D.H. Tunisie: Pour que               triomphent les valeurs d\u2019une egalite effective entre les sexes<\/font><\/p>\n<p><\/strong><\/div>\n<div align=\"left\" dir=\"ltr\"> <strong><font>C.R.L.D.H. Tunisie: Quand le syst\u00e8me               fiscal en Tunisie\u00a0 devient une arme de r\u00e9pression\u00a0 entre les mains               de la dictature <\/font><\/strong> <\/div>\n<div align=\"left\" dir=\"ltr\"> <strong><font><\/p>\n<h2 style=\"color: red;\"><font>Webmanagercenter: Vins de Tunisie: Exploiter au mieux notre grande               exp\u00e9rience<\/font><\/h2>\n<p>                AFP: Des milliers de personnes acclament Cheb Khaled \u00e0 Tabarka               <\/p>\n<p><font>AFP: Nancy &#8211; G\u00eete ferm\u00e9 \u00e0 deux femmes               voil\u00e9es: plainte d\u00e9pos\u00e9e contre les propri\u00e9taires<\/font><\/p>\n<p>               Sami Aldeeb: Pas de soldats suisses au Liban<\/font><\/strong><\/div>\n<p> <\/font><\/span><\/td>\n<\/tr>\n<\/table><\/div>\n<div> <font face=\"Arial\"><\/font>\u00a0<\/div>\n<div align=\"center\"> <font face=\"Arial\">\u00a0<\/font><\/p>\n<p><font><a href=\"http:\/\/www.nawaat.org\/forums\/index.php?showtopic=11741\" target=\"_blank\" rel=\"noopener\"><font face=\"Arial\"><strong>Cliquez         ici<\/strong><\/font><\/a><font face=\"Arial\"><strong> pour acc\u00e9der au         reportage exceptionnel de l&rsquo;AISPP sur la catastrophe humanitaire         des prisonniers politiques Tunisiens<\/strong>\u00a0      <\/font><\/font><\/p>\n<\/div>\n<div align=\"center\">\n<hr\/><\/div>\n<\/p><\/div>\n<\/p><\/div>\n<div>\n<div align=\"center\"> <strong><font>C.R.L.D.H. Tunisie       <\/font><\/strong>       Comit\u00e9 pour le Respect des Libert\u00e9s et des Droits de l\u2019Homme en Tunisie       <strong>Membre du R\u00e9seau Euro m\u00e9diterran\u00e9en des Droits de l\u2019Homme              <\/strong>21ter rue Voltaire \u2013 FR-75011 PARIS\u00a0 &#8211; Tel\/Fax : 00.33.       (0)1.43.72.97.34       contact@crldht.org \/ www.crldht.org                     <strong><\/p>\n<h2 style=\"color: red;\"><font size=\"3\">POUR QUE TRIOMPHENT LES VALEURS       D\u2019UNE EGALITE EFFECTIVE ENTRE LES SEXES<\/font><\/h2>\n<p><\/strong> <\/div>\n<div align=\"justify\">             Le peuple tunisien vient de f\u00eater le 13 ao\u00fbt dernier le cinquantenaire de       la promulgation du Code du Statut Personnel (SCP), un texte l\u00e9gislatif qui       a garanti \u00e0 la femme tunisienne ses droits\u00a0 fondamentaux \u00e0 l\u2019\u00e9ducation, au       travail, au vote\u2026Il a aussi aboli la polygamie et supprim\u00e9 la r\u00e9pudiation       qui a \u00e9t\u00e9 remplac\u00e9e par le divorce judiciaire.               Ce CSP est, sans l\u2019ombre d\u2019un doute un acquis consid\u00e9rable pour tout le       peuple tunisien, Hommes et Femmes, en raison des changements et progr\u00e8s       r\u00e9alis\u00e9s au sein de la famille et de toute la soci\u00e9t\u00e9 gr\u00e2ce \u00e0 la nouvelle       place et le nouveau r\u00f4le que la femme tunisienne y occupe.               C\u2019est dans ce sens que le CRLDHT, comme l\u2019ensemble des associations       autonomes de d\u00e9fense des droits humains, se donne pour t\u00e2che fondamentale       la sauvegarde, la pr\u00e9servation et la protection du Code du Statut       Personnel.               De m\u00eame, conscient de ce que la modernisation demeure inachev\u00e9e, il       appelle \u00e0 la lev\u00e9e des r\u00e9serves \u00e9mises par le gouvernement tunisien sur la       Convention internationale de Copenhague de 1979 contre\u00a0 toutes les formes       de discrimination \u00e0 l&rsquo;\u00e9gard des femmes, ratifi\u00e9e par la Tunisie.              Dans sa constante revendication pour une \u00e9galit\u00e9 totale et effective entre       hommes et femmes, le CRLDHT adh\u00e8re totalement \u00e0 l\u2019appel lanc\u00e9 par les ONG       nationales pour une \u00e9galit\u00e9 successorale entre les sexes et affirme son       soutien \u00e0 l\u2019association tunisienne des femmes d\u00e9mocrates (ATFD) dans son       combat pour la d\u00e9fense des droits des femmes et pour une soci\u00e9t\u00e9       r\u00e9ellement \u00e9galitaire.              Par ailleurs, et \u00e0 cette m\u00eame occasion, le CRLDHT attire l\u2019attention de la       soci\u00e9t\u00e9 civile sur les discriminations dont se trouvent \u00eatre victimes des       milliers de tunisiennes.\u00a0 Il s\u2019agit d\u2019un vrai cauchemar v\u00e9cu tous les       jours par toutes ces\u00a0 filles et\u00a0 femmes tant sur leurs lieux d\u2019\u00e9tude que       de travail. Elles sont quasiment priv\u00e9es de leurs droits les plus       fondamentaux \u00e0 l\u2019\u00e9ducation, au travail, \u00e0 la circulation, et notamment \u00e0       la s\u00e9curit\u00e9. Ce sont des graves atteintes aux libert\u00e9s individuelles pour       des tunisiennes qui ont connu les arrestations, la torture et pour       certaines d\u2019entre elles l\u2019emprisonnement pour avoir exerc\u00e9 leurs       convictions religieuses et opt\u00e9 pour des choix vestimentaires diff\u00e9rents.             \u00a0\u00a0\u00a0\u00a0\u00a0\u00a0\u00a0 Dans sa qu\u00eate pour une\u00a0 \u00e9galit\u00e9 effective et une citoyennet\u00e9       r\u00e9elle, le CRLDHT s\u2019inscrit, sans ambigu\u00eft\u00e9, en droite ligne de la d\u00e9fense       de tous les droits pour toutes les femmes tunisiennes sans distinction eu       \u00e9gard \u00e0 leurs convictions politiques, religieuses ou compte tenu de leurs       choix vestimentaires.               \u00a0\u00a0\u00a0\u00a0\u00a0\u00a0\u00a0\u00a0\u00a0\u00a0\u00a0\u00a0\u00a0\u00a0\u00a0\u00a0\u00a0\u00a0\u00a0\u00a0\u00a0\u00a0\u00a0\u00a0\u00a0\u00a0\u00a0\u00a0\u00a0\u00a0\u00a0\u00a0\u00a0\u00a0\u00a0\u00a0\u00a0\u00a0\u00a0\u00a0\u00a0\u00a0\u00a0\u00a0\u00a0\u00a0\u00a0\u00a0\u00a0\u00a0\u00a0\u00a0\u00a0\u00a0\u00a0\u00a0\u00a0\u00a0\u00a0\u00a0\u00a0\u00a0\u00a0\u00a0\u00a0\u00a0\u00a0\u00a0\u00a0\u00a0\u00a0\u00a0\u00a0\u00a0\u00a0\u00a0\u00a0\u00a0\u00a0\u00a0\u00a0\u00a0\u00a0\u00a0\u00a0\u00a0\u00a0\u00a0\u00a0\u00a0\u00a0\u00a0\u00a0\u00a0\u00a0\u00a0\u00a0\u00a0\u00a0\u00a0       Paris le : 20\/08\/2006       \u00a0\u00a0\u00a0\u00a0\u00a0\u00a0\u00a0\u00a0\u00a0\u00a0\u00a0\u00a0\u00a0\u00a0\u00a0\u00a0\u00a0\u00a0\u00a0\u00a0\u00a0\u00a0\u00a0\u00a0\u00a0\u00a0\u00a0\u00a0\u00a0\u00a0\u00a0\u00a0\u00a0\u00a0\u00a0\u00a0\u00a0\u00a0\u00a0\u00a0\u00a0\u00a0\u00a0\u00a0\u00a0\u00a0\u00a0\u00a0\u00a0\u00a0\u00a0\u00a0\u00a0\u00a0\u00a0\u00a0\u00a0\u00a0\u00a0\u00a0\u00a0\u00a0\u00a0\u00a0\u00a0\u00a0\u00a0\u00a0\u00a0\u00a0\u00a0\u00a0\u00a0\u00a0\u00a0\u00a0\u00a0\u00a0\u00a0\u00a0\u00a0\u00a0\u00a0\u00a0\u00a0\u00a0\u00a0\u00a0\u00a0\u00a0\u00a0\u00a0\u00a0\u00a0\u00a0\u00a0\u00a0\u00a0\u00a0\u00a0\u00a0\u00a0\u00a0\u00a0\u00a0<font><strong>\u00a0       Le CRLDHT <\/strong> <\/font><\/div>\n<div align=\"justify\"> <strong><\/p>\n<hr\/>\n<p><\/strong> <\/div>\n<div align=\"center\"> <strong><font><font>C.R.L.D.H. Tunisie<\/font> <\/font><\/strong>       Comit\u00e9 pour le Respect des Libert\u00e9s et des Droits de l\u2019Homme en Tunisie       <strong>membre du R\u00e9seau Euro m\u00e9diterran\u00e9en des Droits de l\u2019Homme<\/strong>              21ter rue Voltaire \u2013 FR-75011 PARIS\u00a0 &#8211; Tel\/Fax : 00.33. (0)1.43.72.97.34       contact@crldht.org \/ www.crldht.org                     <strong><\/p>\n<p><font size=\"3\">Quand le syst\u00e8me fiscal en Tunisie\u00a0       devient une arme de r\u00e9pression\u00a0 entre les mains de la dictature<\/font><\/p>\n<p><\/strong> <\/div>\n<div align=\"justify\">             En Tunisie, le pouvoir policier de Ben ALI entreprend de nouvelles mesures       de r\u00e9pression \u00e0 l\u2019encontre des opposants politiques et des d\u00e9fenseurs des       Droits humains. Une politique d\u2019\u00e9touffement \u00e9conomique visant \u00e0 punir ses       adversaires en raison de leurs engagements en faveur des droits et des       libert\u00e9s.               Cette politique de r\u00e9pression fiscale s\u2019est amplifi\u00e9e ces derniers mois       pour infliger \u00e0 plusieurs militants des droits humains une punition autant       arbitraire que discriminatoire tendant \u00e0 leur an\u00e9antissement \u00e9conomique       total. C\u2019est le cas notamment de plusieurs avocats dont ma\u00eetres Saida       Akremi, Mohamed ENNOURI, Noureddine Bhiri, H\u00e9di Manai et\u00a0 Said Mechichi       qui ont subi un redressement fiscal de plusieurs dizaines de milliers de       dinars.               Le sort r\u00e9serv\u00e9 \u00e0 Ma\u00eetre Ayachi HAMMAMI et Ma\u00eetre Raouf AYADI, membres       dirigeants du Collectif 18 octobre pour les Droits et les Libert\u00e9s est       identique. Pour Ma\u00eetre HAMMAMI, Il a d\u00fb payer la somme de 21 milles dinars       faute de quoi le mobilier de son bureau serait\u00a0 mis aux ench\u00e8res publiques       le 31 juillet dernier. Cette punition, parmi d\u2019autres, lui a \u00e9t\u00e9 inflig\u00e9e       pour avoir mis\u00a0 son cabinet pendant plus d\u2019un mois \u00e0 la disposition des       huit gr\u00e9vistes de la faim en octobre 2005.              Quant \u00e0 Ma\u00eetre AYADI, qui subit un harc\u00e8lement policier permanent depuis       l\u2019an 2000, a fait r\u00e9cemment l\u2019objet d\u2019une proc\u00e9dure d\u2019expulsion de ses       locaux professionnels situ\u00e9s \u00e0 Bab Bnet \u00e0 proximit\u00e9 du tribunal de       premi\u00e8re instance de Tunis. Il a \u00e9t\u00e9 contraint\u00a0 \u00e0 abandonner\u00a0 son bureau       apr\u00e8s quatorze ann\u00e9es d\u2019occupation suite \u00e0 un contr\u00f4le fiscal arbitraire       et punitif !              Il faut savoir que les cabinets de tous ces avocats (et bien d\u2019autres       encore) sont assi\u00e9g\u00e9s en permanence\u00a0 par un grand nombre\u00a0 de policiers en       civil dont le r\u00f4le est de cr\u00e9er le vide autour des diff\u00e9rents locaux en       terrorisant\u00a0 les clients et en assurant leurs d\u00e9sistements.               Le but recherch\u00e9 \u00e0 travers cette strat\u00e9gie d\u2019acharnement \u00ab fiscal \u00bb est       rien moins que l\u2019\u00e9tranglement \u00e9conomique des adversaires politiques du       r\u00e9gime. En effet, les avocats dont s\u2019agit se retrouvent d\u00e9sormais dans       l\u2019impossibilit\u00e9 d\u2019exercer leur profession et, partant, de supporter leurs       charges familiales, sociales et professionnelles ; une\u00a0 mesure de       r\u00e9pression qui touche depuis de longues ann\u00e9es\u00a0 les diff\u00e9rents d\u00e9fenseurs       des droits politiques ou humains et prend diff\u00e9rentes allures &#8211; il suffit       de se rappeler ce qu\u2019endurent les ex prisonniers politiques \u00e0 leurs       sorties de prison &#8211;\u00a0\u00a0\u00a0               \u00a0* Le CRLDHT d\u00e9nonce vigoureusement cet acharnement pernicieux autant       discriminatoire qu\u2019injustifi\u00e9, qui sert essentiellement de cache-sexe \u00e0 la       corruption g\u00e9n\u00e9ralis\u00e9e qui gangr\u00e8ne la t\u00eate de l\u2019Etat ainsi que       l\u2019appropriation, par \u00ab les familles dirigeantes \u00bb, des deniers publics. ;             \u00a0* \u00a0Il soutient de mani\u00e8re inconditionnelle les avocats qui en sont       victimes dans la d\u00e9fense l\u00e9gitime de leur honneur, int\u00e9grit\u00e9, probit\u00e9 et       dignit\u00e9 ;        \u00a0* Il exige des autorit\u00e9s tunisiennes l\u2019arr\u00eat imm\u00e9diat des dites       proc\u00e9dures et d\u2019enqu\u00eater plut\u00f4t sur la corruption g\u00e9n\u00e9ralis\u00e9e dont il est       le seul responsable        \u00a0* Alerte les ONG internationales quant \u00e0 cette situation alarmante qui ne       cesse de se d\u00e9grader et de s\u2019amplifier.                      \u00a0\u00a0\u00a0\u00a0\u00a0\u00a0\u00a0\u00a0\u00a0\u00a0\u00a0\u00a0\u00a0\u00a0\u00a0\u00a0\u00a0\u00a0\u00a0\u00a0\u00a0\u00a0\u00a0\u00a0\u00a0\u00a0\u00a0\u00a0\u00a0\u00a0\u00a0\u00a0\u00a0\u00a0\u00a0\u00a0\u00a0\u00a0\u00a0\u00a0\u00a0\u00a0\u00a0\u00a0\u00a0\u00a0\u00a0\u00a0\u00a0\u00a0\u00a0\u00a0\u00a0\u00a0\u00a0\u00a0\u00a0\u00a0\u00a0\u00a0\u00a0\u00a0\u00a0\u00a0\u00a0\u00a0\u00a0\u00a0\u00a0\u00a0\u00a0\u00a0\u00a0\u00a0\u00a0\u00a0\u00a0\u00a0\u00a0\u00a0\u00a0\u00a0\u00a0\u00a0\u00a0\u00a0\u00a0\u00a0\u00a0\u00a0\u00a0\u00a0\u00a0\u00a0\u00a0\u00a0\u00a0\u00a0\u00a0\u00a0\u00a0\u00a0\u00a0\u00a0\u00a0\u00a0\u00a0\u00a0\u00a0       Le : 11\/08\/2006       \u00a0\u00a0\u00a0\u00a0\u00a0\u00a0\u00a0\u00a0\u00a0\u00a0\u00a0\u00a0\u00a0\u00a0\u00a0\u00a0\u00a0\u00a0\u00a0\u00a0\u00a0\u00a0\u00a0\u00a0\u00a0\u00a0\u00a0\u00a0\u00a0\u00a0\u00a0\u00a0\u00a0\u00a0\u00a0\u00a0\u00a0\u00a0\u00a0\u00a0\u00a0\u00a0\u00a0\u00a0\u00a0\u00a0\u00a0\u00a0\u00a0\u00a0\u00a0\u00a0\u00a0\u00a0\u00a0\u00a0\u00a0\u00a0\u00a0\u00a0\u00a0\u00a0\u00a0\u00a0\u00a0\u00a0\u00a0\u00a0\u00a0\u00a0\u00a0\u00a0\u00a0\u00a0\u00a0\u00a0\u00a0\u00a0\u00a0\u00a0\u00a0\u00a0\u00a0\u00a0\u00a0\u00a0\u00a0\u00a0\u00a0\u00a0\u00a0\u00a0\u00a0\u00a0\u00a0\u00a0\u00a0\u00a0\u00a0\u00a0\u00a0\u00a0\u00a0\u00a0\u00a0\u00a0\u00a0\u00a0\u00a0\u00a0<strong><font>\u00a0       Le CRLDHT \u00a0<\/font><\/strong><\/div>\n<\/p><\/div>\n<div>\n<hr\/><\/div>\n<div>\n<div align=\"center\"> <strong><\/p>\n<h2 style=\"color: red;\"><font size=\"3\">Vins de Tunisie<\/font><\/h2>\n<p><font>Exploiter au mieux notre grande exp\u00e9rience<\/font><\/strong><font> <\/font> <\/div>\n<div align=\"justify\">             Pour une superficie exploitable de 38.000 hectares, la Tunisie produit en       moyenne entre 300.000 et 350.000 hectolitres de vin par an. Le tiers de       cette production est destin\u00e9 \u00e0 l\u2019exportation. Au vu de ces chiffres et       quand on sait que les premi\u00e8res plantations de vignes en Tunisie remontent       \u00e0 la p\u00e9riode punique et que les Carthaginois furent les premiers \u00e0 faire       des \u00e9tudes scientifiques sur la viticulture et l&rsquo;oenologie trois si\u00e8cles       avant J.C, il y a lieu de s\u2019interroger si l\u2019on n\u2019est pas en train de       sous-exploiter notre richesse nationale.    <\/div>\n<div align=\"justify\">             A titre comparatif, le Maroc n\u2019a que 11.000 hectares de superficie       exploitable et produit pourtant 400.000 hectolitres par an. Bien que le       march\u00e9 international se caract\u00e9rise actuellement par un exc\u00e9dent de       l\u2019ordre de 50 millions d\u2019hectolitres, il est permis de dire que cela ne       doit pas nous freiner vu que la qualit\u00e9 de notre vin est mondialement       reconnue. D\u2019ailleurs, nos vins ont d\u00e9croch\u00e9 en f\u00e9vrier dernier quatre       m\u00e9dailles (dont deux en or) lors des 12\u00e8me Vinalies internationales tenues       \u00e0 Paris.               Plus de 66% des bouteilles de vin proviennent de l\u2019UCCV (Union centrale       des coop\u00e9ratives viticoles) qui regroupe 1500 viticulteurs.    <\/div>\n<div align=\"justify\">             Pour booster ce secteur, l\u2019UCCV a investi quelque 20 millions de dinars       pour am\u00e9liorer le processus de production et de conditionnement, selon les       propos de son DG, M. Belgacem Dekhili, dans une interview accord\u00e9e \u00e0 notre       confr\u00e8re L\u2019\u00c9conomiste Maghr\u00e9bin. Et comme l\u2019indique le directeur g\u00e9n\u00e9ral,       dans cette m\u00eame interview, nous avons en Tunisie la tradition, le terroir       et le savoir-faire, et notre pays a le potentiel \u00e9norme en mati\u00e8re       d\u2019\u00e9laboration des produits de grande qualit\u00e9.    <\/div>\n<div align=\"justify\">             Ce qui t\u00e9moigne encore davantage de cette grande qualit\u00e9, ce sont les sept       appellations d\u2019origine contr\u00f4l\u00e9e que nous avons et qui repr\u00e9sentent 70%       des produits commercialis\u00e9s dont 20% b\u00e9n\u00e9ficient d\u2019une mention 1er prix.       Il faut donc profiter de ce potentiel, augmenter notre production et       exporter nos produits, ce qui g\u00e9n\u00e9rera des emplois et des devises.    <\/div>\n<div align=\"justify\">             Pour le moment, et selon les donn\u00e9es de l\u2019UCCV, les exportations annuelles       en vrac ou en bouteille se font essentiellement vers l&rsquo;Allemagne et la       France. Si on exporte \u00e9galement quelques quantit\u00e9s vers d\u2019autres pays       (Suisse, Belgique, Etats-Unis, Canada et certains pays de l&rsquo;Europe de       l&rsquo;Est), il est imp\u00e9ratif de prospecter d\u2019autres contr\u00e9es. \u00abFace \u00e0 une       concurrence internationale de plus en plus accrue, il n\u2019y a plus d\u2019autre       choix que de fourbir les armes pour impr\u00e9gner sa marque sur le march\u00e9 et       ce via un perfectionnement de l\u2019offre auquel s\u2019ajoutent des actions de       promotion et de communication cibl\u00e9es\u00bb, indique M. Dekhili dans cette       interview.    <\/div>\n<div align=\"justify\">             En ce qui concerne le perfectionnement, il semble que les vins tunisiens       soient sur la meilleure voie.    <\/div>\n<div align=\"justify\">             En ce qui concerne la communication, il est \u00e9vident qu\u2019il existe quelques       probl\u00e8mes vu que la l\u00e9gislation tunisienne interdit toute publicit\u00e9 de       produits alcoolis\u00e9s. Or, comment peut-on faire valoir un produit \u00e0       l\u2019\u00e9tranger s\u2019il est m\u00e9connu dans son propre pays ? En France, on fait tout       un tapage autour des diff\u00e9rents Bordeaux et Beaujolais nouveau. Cela va       des diff\u00e9rents journaux t\u00e9l\u00e9vis\u00e9s (13 heures et 20 heures) aux grands       restaurants en passant par les articles de presse, les insertions       publicitaires et les actions promotionnelles dans les gargotes et restos       d\u2019h\u00f4tels.    <\/div>\n<div align=\"justify\">             Afin de pouvoir promouvoir notre production de vins, il nous semble       imp\u00e9ratif que l\u2019UCCV communique sur ses produits en Tunisie et \u00e0       l\u2019\u00e9tranger et que le l\u00e9gislateur offre cette possibilit\u00e9 puisqu\u2019il y va de       l\u2019int\u00e9r\u00eat national et d\u2019une tradition trois fois mill\u00e9naire. L\u2019Histoire en       t\u00e9moigne.<\/div>\n<div align=\"justify\">             R.B.H.<\/div>\n<div align=\"justify\">      \u00a0<\/div>\n<div align=\"justify\"> <strong><font>(Source: webmanager center le 21 aout 2006)<\/font><\/strong> <a href=\"http:\/\/www.webmanagercenter.com\/management\/article.php?id=17771\" target=\"_blank\" rel=\"noopener\">      http:\/\/www.webmanagercenter.com\/management\/article.php?id=17771<\/a> <\/div>\n<div align=\"justify\">\n<hr\/><\/div>\n<div align=\"center\"> <strong><\/p>\n<h2 style=\"color: red;\"><font size=\"3\">Des milliers de personnes acclament       Cheb Khaled \u00e0 Tabarka<\/font><\/h2>\n<p><\/strong><\/div>\n<div align=\"justify\">             TUNISIE &#8211; 20 ao\u00fbt 2006 &#8211; AFP       Environ 5.000 personnes dont de nombreux Alg\u00e9riens ont acclam\u00e9 samedi soir       \u00e0 Tabarka le chanteur du Ra\u00ef alg\u00e9rien Cheb Khaled, dont le concert       cl\u00f4turait le \u00ab\u00a0World Music Festival\u00a0\u00bb de la cit\u00e9 baln\u00e9aire du Nord-Ouest de       la Tunisie.    <\/div>\n<div align=\"justify\">             Dans une atmosph\u00e8re chaleureuse et bon enfant en d\u00e9pit d&rsquo;un tr\u00e8s important       dispositif de s\u00e9curit\u00e9, les spectateurs ont repris en choeur les       principaux morceaux du chanteur originaire d&rsquo;Oran (Alg\u00e9rie) o\u00f9 il s&rsquo;\u00e9tait       produit il y a une semaine.    <\/div>\n<div align=\"justify\">             \u00ab\u00a0Toute l&rsquo;Alg\u00e9rie est \u00e0 Tabarka aujourd&rsquo;hui\u00a0\u00bb, s&rsquo;est f\u00e9licit\u00e9 le directeur       et fondateur du festival Djilani Dabboussi qui est \u00e9galement maire de la       ville.    <\/div>\n<div align=\"justify\">             Tabarka, qui tente, notamment avec ses festivals de musique cr\u00e9\u00e9s il y a       une trentaine d&rsquo;ann\u00e9es, de rivaliser avec les grandes stations baln\u00e9aires       de la fa\u00e7ade Est de la Tunisie comme Hammamet, Sousse ou Monastir, est       distante d&rsquo;une dizaine de kilom\u00e8tres seulement de la fronti\u00e8re alg\u00e9rienne.    <\/div>\n<div align=\"justify\">             Des centaines de milliers d&rsquo;Alg\u00e9riens se sont rendus cet \u00e9t\u00e9 en vacances       en Tunisie.    <\/div>\n<div align=\"justify\">             Tabarka, o\u00f9 s&rsquo;est d\u00e9roul\u00e9 en juillet un festival de Jazz, organise fin       ao\u00fbt un festival de musique latino-am\u00e9ricaine suivi en septembre d&rsquo;une       s\u00e9rie de concerts de Ra\u00ef.<\/div>\n<div align=\"justify\">      \u00a0<\/div>\n<\/p><\/div>\n<div>\n<hr\/><\/div>\n<p> <\/font><\/div>\n<div align=\"center\">\n<div align=\"center\">\n<h2 style=\"color: red;\"><font face=\"Arial\"><span><strong>G\u00eete     ferm\u00e9 \u00e0 deux femmes voil\u00e9es: plainte d\u00e9pos\u00e9e contre les propri\u00e9taires<\/strong><\/span><\/font><\/h2>\n<\/div>\n<p> <font face=\"Arial\" size=\"2\"> <\/p>\n<div align=\"justify\"> <span>NANCY, 18 ao\u00fbt 2006 (AFP) &#8211;<\/span><\/div>\n<p align=\"justify\"><font face=\"Arial\" size=\"2\">Une jeune femme de 27 ans,   refoul\u00e9e avec sa famille d&rsquo;un g\u00eete de Julienrupt (Vosges) parce que sa m\u00e8re et   elle portaient le voile, a d\u00e9pos\u00e9 une plainte contre les propri\u00e9taires des   lieux, qu&rsquo;elle avait lou\u00e9s par internet, a-t-on appris vendredi aupr\u00e8s de la   gendarmerie.<\/font><\/p>\n<p align=\"justify\"><font face=\"Arial\" size=\"2\">\u00ab\u00a0Quand la famille s&rsquo;est   pr\u00e9sent\u00e9e au g\u00eete vendredi 11 ao\u00fbt, les propri\u00e9taires leur en ont refus\u00e9   l&rsquo;acc\u00e8s. S&rsquo;ils voulaient y acc\u00e9der, il fallait que les femmes se d\u00e9voilent\u00a0\u00bb, a   expliqu\u00e9 la gendarmerie.<\/font><\/p>\n<p align=\"justify\"><font face=\"Arial\" size=\"2\">Les sept personnes, dont un   nourrisson de six mois et un enfant handicap\u00e9, qui venaient de l&rsquo;Essonne, ont   d\u00fb se replier vers un h\u00f4tel \u00e0 G\u00e9rardmer (Vosges) pour y passer leurs vacances,   a racont\u00e9 \u00e0 l&rsquo;AFP Claude Gavoille, la pr\u00e9sidente du Mouvement contre le   racisme et pour l&rsquo;amiti\u00e9 entre les peuples (MRAP) dans les Vosges.<\/font><\/p>\n<p align=\"justify\"><font face=\"Arial\" size=\"2\">Samedi, la jeune femme,   d&rsquo;origine marocaine, est all\u00e9e d\u00e9poser une plainte pour discrimination raciale   \u00e0 la gendarmerie de G\u00e9rardmer. \u00ab\u00a0C&rsquo;est une famille tr\u00e8s bien, ce qui explique   la courtoisie des \u00e9changes. Il n&rsquo;y a pas eu un mot plus haut que l&rsquo;autre\u00a0\u00bb, a   comment\u00e9 la gendarmerie.<\/font><\/p>\n<p align=\"justify\"><font face=\"Arial\" size=\"2\">De son c\u00f4t\u00e9, la propri\u00e9taire \u00ab\u00a0reconna\u00eet\u00a0\u00bb   ses actes et affirme qu&rsquo;elle a agi \u00ab\u00a0dans le respect de la la\u00efcit\u00e9\u00a0\u00bb, de m\u00eame   source.<\/font><\/p>\n<p align=\"justify\"><font face=\"Arial\" size=\"2\">Pour le MRAP, qui s&rsquo;est   constitu\u00e9 partie civile dans l&rsquo;affaire, l&rsquo;incident rel\u00e8ve d&rsquo;un \u00ab\u00a0acte de   discrimination grave\u00a0\u00bb. \u00ab\u00a0Si des propri\u00e9taires estiment que des personnes   voil\u00e9es n&rsquo;ont pas \u00e0 entrer dans leur logement, on se demande pourquoi ils   louent\u00a0\u00bb, s&rsquo;est indign\u00e9 la pr\u00e9sidente du MRAP-Vosges.<\/font><\/p>\n<p align=\"justify\"><font face=\"Arial\" size=\"2\">Le refus de fournir un bien ou   un service \u00e0 une personne \u00ab\u00a0sans justification objective et raisonnable\u00a0\u00bb mais   en raison du \u00ab\u00a0sexe, d&rsquo;une pr\u00e9tendue race, de l&rsquo;origine ethnique (&#8230;), de la   conviction religieuse ou philosophique\u00a0\u00bb, est assimil\u00e9 \u00e0 un acte de   discrimination directe, selon la loi du 25 f\u00e9vrier 2003.<\/font><\/p>\n<p align=\"justify\"><font face=\"Arial\" size=\"2\">En cas de renvoi devant un   tribunal correctionnel, la propri\u00e9taire encourt une peine pouvant aller   jusqu&rsquo;\u00e0 deux ans d&#8217;emprisonnement et 30.000 euros d&rsquo;amende.<\/font><\/p>\n<p><\/font><\/div>\n<div align=\"center\">  \u00a0<\/div>\n<div align=\"center\">\n<hr\/>\n<\/div>\n<div align=\"justify\">  \u00a0<\/div>\n<div align=\"justify\"> <font face=\"Arial\" size=\"2\"> <\/p>\n<div align=\"center\"> <strong><\/p>\n<h2 style=\"color: red;\"><font size=\"3\">Pas de soldats suisses au Liban<\/font><\/h2>\n<p><\/strong><\/div>\n<div align=\"justify\">         Mesdanes, Messieurs les Conseillers f\u00e9d\u00e9raux, Mesdames, Messieurs\u00a0 les     parlementaires f\u00e9d\u00e9raux, Le d\u00e9bat a commenc\u00e9 en Suisse autour de l&rsquo;envoi de     soldats suisses au Liban pour participer \u00e0 la Force int\u00e9rimaire des Nations     unies au Liban (FINUL). En tant que Suisse, chr\u00e9tien d&rsquo;origine palestinienne,     je suis oppos\u00e9 \u00e0 un tel envoi.     J&rsquo;estime que la Suisse a d&rsquo;autres possibilit\u00e9s pour favoriser la paix dans     cette r\u00e9gion du monde: Pourquoi je suis oppos\u00e9 \u00e0 l&rsquo;envoi des soldats suisses?          Les Nations Unies ont d\u00e9montr\u00e9 depuis plus 60 ans qu&rsquo;elles sont le jouet du     Conseil de s\u00e9curit\u00e9 dont le r\u00f4le n&rsquo;est pas de maintenir la paix mais de     servir les int\u00e9r\u00eats de quelques \u00c9tats pr\u00e9dateurs, principalement les     \u00c9tats-unis et Isra\u00ebl. Le retard dans l&rsquo;adoption de la r\u00e9solution 1701     imposant le cessez-le-feu n&rsquo;\u00e9tait motiv\u00e9 que par la volont\u00e9 des \u00c9tats-unis \u00e0     laisser \u00e0 Isra\u00ebl assez de temps pour d\u00e9truire le Liban, au m\u00e9pris des     conventions de Gen\u00e8ve et de la Charte des Nations Unies. Ces deux \u00c9tats ont     une strat\u00e9gie claire: asservir le monde arabe, l&rsquo;humilier et le d\u00e9poss\u00e9der     de ses richesses.           Tr\u00e8s vite la FINUL sera vue comme un instrument pour la r\u00e9alisation de ces     objectifs et sera prise pour cible par tous ceux qui refusent leur     asservissement. Nos soldats suisses risqueront alors de rentrer dans les     cercueils pour une cause qui n&rsquo;est ni honorable ni digne pour la Suisse. La     Suisse ne doit pas devenir le valet des \u00c9tats-unis      etd&rsquo;Isra\u00ebl. Il ne faut pas ridiculiser nos soldats et notre pays.          <strong>Que faire de mieux?<\/strong>          Au lieu d&rsquo;envoyer nos soldats se faire tuer comme des lapins au Liban, la     Suisse ferait mieux \u00e0 pousser les Nations Unies \u00e0 mettre un terme \u00e0     l&rsquo;injustice au Proche-Orient, principale cause des conflits dans cette     r\u00e9gion, hier, aujourd&rsquo;hui et demain. Les Nations Unies ont cr\u00e9\u00e9 dans cette     r\u00e9gion un \u00c9tat raciste d&rsquo;apartheid qui a d\u00e9truit plus de 380 villages     palestiniens, expuls\u00e9 leurs habitants pour le seul crime qu&rsquo;ils ne sont pas     juifs, d\u00e9truit des milliers de maisons, d\u00e9racin\u00e9 des milliers d&rsquo;oliviers et     autres arbres fruitiers, etc..           Mettons fin \u00e0 cette injustice:<\/div>\n<div align=\"justify\">         &#8211; En exigeant le retour des r\u00e9fugi\u00e9s palestiniens chez eux et la     reconstruction de leurs villages.      &#8211; En exigeant l&rsquo;abolition du syst\u00e8me d&rsquo;apartheid isra\u00e9lien et le     d\u00e9mant\u00e8lement du nouveau mur de Berlin, construit avec l&rsquo;argent occidental.         &#8211; En cr\u00e9ant un seul \u00c9tat d\u00e9mocratique en Palestine\/Isra\u00ebl avec des droits     \u00e9gaux pour tous, quelle que soit leur religion, selon le mod\u00e8le suisse.          Voil\u00e0 la voie de la paix, une paix bas\u00e9e sur la justice. Toute autre     solution ne fera que prolonger les souffrances des uns et des autres,     attiser la haine contre l&rsquo;Occident et les juifs, et pousser les gens dans le     d\u00e9sespoir et le terrorisme.          Que Dieu vous guide dans la voie de la paix:           \u00ab\u00a0La paix sera le fruit de la justice\u00a0\u00bb (Isa\u00efe 32:17).     <strong><font>Sami Aldeeb, dr en droit     Suisse, chr\u00e9tien d&rsquo;origine Palestinienne          <\/font>Site personnel: www.sami-aldeeb.com<\/strong>      Ochettaz 17     1025 St-Sulpice     18 ao\u00fbt 2006  <\/div>\n<p> <\/font><\/div>\n<hr\/>\n<p align=\"center\"><b><a href=\"https:\/\/tunisnews.net\/ar\/\"><span>Home<\/span><span lang=\"FR-CH\"> &#8211; Accueil <\/span><span>&#8211; <\/span><span dir=\"rtl\" lang=\"AR-SA\">\u0627\u0644\u0631\u0626\u064a\u0633\u064a\u0629<\/span><\/a><\/b><\/p>\n<p align=\"center\">\u00a0<\/p>\n<p><\/body><\/body><\/html><\/p>","protected":false},"excerpt":{"rendered":"<p>Home &#8211; Accueil &#8211; \u0627\u0644\u0631\u0626\u064a\u0633\u064a\u0629 TUNISNEWS 7\u00a0\u00e8me\u00a0ann\u00e9e, N\u00b0\u00a02282 du 21.08.2006 \u00a0archives : www.tunisnews.net C.R.L.D.H. Tunisie: Pour que triomphent les valeurs d\u2019une egalite effective entre les sexes C.R.L.D.H. Tunisie: Quand le syst\u00e8me fiscal en Tunisie\u00a0 devient une arme de r\u00e9pression\u00a0 entre les mains de la dictature Webmanagercenter: Vins de Tunisie: Exploiter au mieux notre grande exp\u00e9rience [&hellip;]<\/p>\n","protected":false},"author":1,"featured_media":22040,"comment_status":"open","ping_status":"open","sticky":false,"template":"","format":"standard","meta":{"inline_featured_image":false,"site-sidebar-layout":"default","site-content-layout":"","ast-site-content-layout":"default","site-content-style":"default","site-sidebar-style":"default","ast-global-header-display":"","ast-banner-title-visibility":"","ast-main-header-display":"","ast-hfb-above-header-display":"","ast-hfb-below-header-display":"","ast-hfb-mobile-header-display":"","site-post-title":"","ast-breadcrumbs-content":"","ast-featured-img":"","footer-sml-layout":"","ast-disable-related-posts":"","theme-transparent-header-meta":"","adv-header-id-meta":"","stick-header-meta":"","header-above-stick-meta":"","header-main-stick-meta":"","header-below-stick-meta":"","astra-migrate-meta-layouts":"default","ast-page-background-enabled":"default","ast-page-background-meta":{"desktop":{"background-color":"","background-image":"","background-repeat":"repeat","background-position":"center center","background-size":"auto","background-attachment":"scroll","background-type":"","background-media":"","overlay-type":"","overlay-color":"","overlay-opacity":"","overlay-gradient":""},"tablet":{"background-color":"","background-image":"","background-repeat":"repeat","background-position":"center center","background-size":"auto","background-attachment":"scroll","background-type":"","background-media":"","overlay-type":"","overlay-color":"","overlay-opacity":"","overlay-gradient":""},"mobile":{"background-color":"","background-image":"","background-repeat":"repeat","background-position":"center center","background-size":"auto","background-attachment":"scroll","background-type":"","background-media":"","overlay-type":"","overlay-color":"","overlay-opacity":"","overlay-gradient":""}},"ast-content-background-meta":{"desktop":{"background-color":"var(--ast-global-color-5)","background-image":"","background-repeat":"repeat","background-position":"center center","background-size":"auto","background-attachment":"scroll","background-type":"","background-media":"","overlay-type":"","overlay-color":"","overlay-opacity":"","overlay-gradient":""},"tablet":{"background-color":"var(--ast-global-color-5)","background-image":"","background-repeat":"repeat","background-position":"center center","background-size":"auto","background-attachment":"scroll","background-type":"","background-media":"","overlay-type":"","overlay-color":"","overlay-opacity":"","overlay-gradient":""},"mobile":{"background-color":"var(--ast-global-color-5)","background-image":"","background-repeat":"repeat","background-position":"center center","background-size":"auto","background-attachment":"scroll","background-type":"","background-media":"","overlay-type":"","overlay-color":"","overlay-opacity":"","overlay-gradient":""}},"footnotes":""},"categories":[],"tags":[60,37,29],"class_list":["post-16079","post","type-post","status-publish","format-standard","has-post-thumbnail","hentry","tag-60","tag-37","tag-fr"],"_links":{"self":[{"href":"https:\/\/tunisnews.net\/ar\/wp-json\/wp\/v2\/posts\/16079","targetHints":{"allow":["GET"]}}],"collection":[{"href":"https:\/\/tunisnews.net\/ar\/wp-json\/wp\/v2\/posts"}],"about":[{"href":"https:\/\/tunisnews.net\/ar\/wp-json\/wp\/v2\/types\/post"}],"author":[{"embeddable":true,"href":"https:\/\/tunisnews.net\/ar\/wp-json\/wp\/v2\/users\/1"}],"replies":[{"embeddable":true,"href":"https:\/\/tunisnews.net\/ar\/wp-json\/wp\/v2\/comments?post=16079"}],"version-history":[{"count":0,"href":"https:\/\/tunisnews.net\/ar\/wp-json\/wp\/v2\/posts\/16079\/revisions"}],"wp:featuredmedia":[{"embeddable":true,"href":"https:\/\/tunisnews.net\/ar\/wp-json\/wp\/v2\/media\/22040"}],"wp:attachment":[{"href":"https:\/\/tunisnews.net\/ar\/wp-json\/wp\/v2\/media?parent=16079"}],"wp:term":[{"taxonomy":"category","embeddable":true,"href":"https:\/\/tunisnews.net\/ar\/wp-json\/wp\/v2\/categories?post=16079"},{"taxonomy":"post_tag","embeddable":true,"href":"https:\/\/tunisnews.net\/ar\/wp-json\/wp\/v2\/tags?post=16079"}],"curies":[{"name":"wp","href":"https:\/\/api.w.org\/{rel}","templated":true}]}}