{"id":16018,"date":"2007-12-05T00:00:00","date_gmt":"2007-12-05T00:00:00","guid":{"rendered":"https:\/\/tunisnews.net\/5-decembre-2007\/"},"modified":"2007-12-05T00:00:00","modified_gmt":"2007-12-05T00:00:00","slug":"5-decembre-2007","status":"publish","type":"post","link":"https:\/\/tunisnews.net\/ar\/5-decembre-2007\/","title":{"rendered":"5 d\u00e9cembre 2007"},"content":{"rendered":"<p><html><head><meta content=\"text\/html\" description=\"Le tribunal     cantonal de Sakiet Ezzit (Sfax) vient de condamner ce jour\u00a0 4 d\u00e9cembre 2007,     le journaliste Slim Boukhdhir \u00e0 1 an de prison ferme et\u00a0 5 dinars d'amende     pour &quot;outrage \u00e0 fonctionnaire dans l'exercice de ses fonctions&quot; (8 mois),     &quot;atteinte aux bonnes m\u0153urs&quot; (4 mois) et &quot;refus de\" http-equiv=\"Content-Type\"\/><\/head><body><body><\/p>\n<p align=\"center\" dir=\"ltr\"><b><a href=\"https:\/\/tunisnews.net\/ar\/\"><span>Home<\/span><span lang=\"FR-CH\"> &#8211; Accueil <\/span><span>&#8211;<\/span><\/a><\/b><\/p>\n<p><font face=\"Arial\" size=\"2\"><\/p>\n<div>     \u00a0<\/p>\n<div>  <span lang=\"FR\"> <\/p>\n<div align=\"center\" dir=\"ltr\"> <font face=\"Arial\"><font size=\"2\"> <span lang=\"SV\"> <strong><font size=\"7\">TUNISNEWS<\/font><\/strong><\/span> <\/font><\/font> <\/div>\n<div align=\"center\" dir=\"ltr\"> <strong><font face=\"Arial\"><font size=\"2\">8\u00a0\u00e8me\u00a0ann\u00e9e,      <span lang=\"FR\">N\u00b0\u00a02751 du 05.12.2007<\/span><\/font><\/font><\/strong><\/div>\n<p> <strong> <\/p>\n<div align=\"center\" dir=\"ltr\"> <b><span><blink> <font face=\"Arial\" size=\"2\">\u00a0archives : <\/font> <a href=\"\" target=\"_blank\" rel=\"noopener\"> <font face=\"Arial\" size=\"2\" target=\"_blank\">      www.tunisnews.net<\/font><\/a><\/blink><\/span><\/b><font face=\"Arial\" size=\"2\"> <\/font> <\/div>\n<p> <span lang=\"FR-CH\"> <span lang=\"FR\"> <span dir=\"rtl\" lang=\"FR\"> <span lang=\"FR-CH\"><font> <span lang=\"FR\"> <span lang=\"DE-CH\"> <u1:p> <u1:p> <\/p>\n<div dir=\"ltr\"> <span lang=\"FR-CH\"> <\/span><\/div>\n<p> <\/u1:p><\/u1:p><\/span> <\/span><\/font><\/span><\/p>\n<p><font face=\"Arial\" size=\"2\"> <font size=\"2\"><\/p>\n<p><font face=\"Arial\"> <font> <\/p>\n<p dir=\"ltr\">\u00a0<\/p>\n<p dir=\"ltr\">\u00a0<\/p>\n<p><font face=\"Arial\"> <\/p>\n<div dir=\"ltr\"> <strong><\/p>\n<hr\/>\n<p><\/strong> <\/div>\n<div dir=\"ltr\"> <font size=\"2\"><strong><\/p>\n<p><font>OLPEC: Le       journaliste Slim Boukhdhir condamn\u00e9 \u00e0 un an de prison \u00e0 l&rsquo;issue d&rsquo;un       proc\u00e8s in\u00e9quitable       <font>Reuters: Un an de prison contre un journaliste       tunisien<\/font>       AFP: Tunisie: un journaliste opposant condamn\u00e9 \u00e0 un an de prison       <font>AP: Tunisie: un journaliste condamn\u00e9 \u00e0 un an de       prison<\/font>       Reuters: Tunisia jails journalist for one year       <font>Reuters: Bouteflika offre un bain de foule bien       encadr\u00e9 \u00e0 Sarkozy<\/font>       AFP: Sarkozy quitte l&rsquo;Alg\u00e9rie sans \u00ab\u00a0excuses\u00a0\u00bb mais sur un message d&rsquo;avenir       <\/font><\/p>\n<p><font>AFP: L&rsquo;accord sur le nucl\u00e9aire \u00ab\u00a0marque la       confiance\u00a0\u00bb de la France<\/font><\/strong> <\/font> <\/div>\n<div dir=\"ltr\"> <strong><\/p>\n<hr\/>\n<p><\/strong> <\/div>\n<p> <\/font><\/p>\n<p><\/font><\/font><\/p>\n<p><\/font><\/font><\/p>\n<p><\/span><\/span><\/span><\/strong><\/span> <\/div>\n<div>    \u00a0<\/div>\n<div>\n<p> <span lang=\"FR-CH\">    \u00a0<\/span><\/p>\n<p align=\"center\"> <b> <span lang=\"FR-CH\">    Observatoire pour la libert\u00e9 de presse, d&rsquo;\u00e9dition et de\u00a0 Cr\u00e9ation (OLPEC),     Tunis<\/span><\/b><\/p>\n<p align=\"center\"> <span lang=\"FR-CH\">    \u00a0<\/span><\/p>\n<p align=\"center\"> <span lang=\"FR-CH\"><strong><\/p>\n<h2 style=\"color: red;\"><font>Le     journaliste Slim Boukhdhir condamn\u00e9 \u00e0 un an de prison \u00e0 l&rsquo;issue d&rsquo;un proc\u00e8s     in\u00e9quitable<\/font><\/h2>\n<p><\/strong><\/span><\/p>\n<p> <span lang=\"FR-CH\">    \u00a0<\/span><\/p>\n<p> <i><u> <span lang=\"FR-CH\">    Le 4 d\u00e9cembre 2007<\/span><\/u><\/i><\/p>\n<p> <span lang=\"FR-CH\">    \u00a0<\/span><\/p>\n<p> <span lang=\"FR-CH\">Le tribunal     cantonal de Sakiet Ezzit (Sfax) vient de condamner ce jour\u00a0 4 d\u00e9cembre 2007,     le journaliste Slim Boukhdhir \u00e0 1 an de prison ferme et\u00a0 5 dinars d&rsquo;amende     pour \u00ab\u00a0outrage \u00e0 fonctionnaire dans l&rsquo;exercice de ses fonctions\u00a0\u00bb (8 mois),     \u00ab\u00a0atteinte aux bonnes m\u0153urs\u00a0\u00bb (4 mois) et \u00ab\u00a0refus de<\/span><\/p>\n<p> <span lang=\"FR-CH\">pr\u00e9senter sa     carte d&rsquo;identit\u00e9 aux forces de l&rsquo;ordre\u00a0\u00bb (5 TND).<\/span><\/p>\n<p> <span lang=\"FR-CH\">\u00a0<\/span><\/p>\n<p> <span lang=\"FR-CH\">Une cour     partiale<\/span><\/p>\n<p> <span lang=\"FR-CH\">\u00a0<\/span><\/p>\n<p> <span lang=\"FR-CH\">Plusieurs     vices de forme et contradictions dans le PV de police ont \u00e9t\u00e9 relev\u00e9s par     les avocats ; mais le pr\u00e9sident du tribunal, Hatem Warda \u00a0est pass\u00e9 outre.<\/span><\/p>\n<p> <span lang=\"FR-CH\">\u00a0<\/span><\/p>\n<p> <span lang=\"FR-CH\">&#8211;\u00a0 Il a     accept\u00e9 d&rsquo;accr\u00e9diter le t\u00e9moignage des deux t\u00e9moins \u00e0 charge, \u00a0alors que ces     deux t\u00e9moignages n&rsquo;ont pas \u00e9t\u00e9 recueillis de fa\u00e7on r\u00e9glementaire en     violation de l&rsquo;article 155 du code de proc\u00e9dure p\u00e9nale (CPP) ; Les \u00a0t\u00e9moins     n&rsquo;ont pas pr\u00eat\u00e9 serment et la proc\u00e9dure de r\u00e9cusation n&rsquo;a pas \u00e9t\u00e9 \u00a0observ\u00e9e.<\/span><\/p>\n<p> <span lang=\"FR-CH\">\u00a0<\/span><\/p>\n<p> <span lang=\"FR-CH\">&#8211;     L&rsquo;instruction contre Slim Boukhdhir a \u00e9t\u00e9 ouverte officiellement, \u00a0selon le     PV de police, le 26 novembre \u00e0 4 heures du matin alors que Slim Boukhdhir a     \u00e9t\u00e9 arr\u00eat\u00e9 et plac\u00e9 en d\u00e9tention pr\u00e9ventive au poste de Sakiet Ezzit \u00e0 6     heures du matin, soit 2 heures avant les faits.<\/span><\/p>\n<p> <span lang=\"FR-CH\">\u00a0<\/span><\/p>\n<p> <span lang=\"FR-CH\">&#8211; Le Proc\u00e8s     verbal \u00e9tabli par la police n&rsquo;a pas \u00e9t\u00e9 sign\u00e9<\/span><\/p>\n<p> <span lang=\"FR-CH\">\u00a0<\/span><\/p>\n<p> <span lang=\"FR-CH\">&#8211; L&rsquo;agent de     police qui a port\u00e9 plainte contre Slim pour \u00ab\u00a0outrage\u00a0\u00bb et\u00a0\u00bbatteinte aux bonnes     moeurs\u00a0\u00bb (insultes grossi\u00e8res) a lui m\u00eame conduitl&rsquo;interrogatoire de Slim.     Les avocats ont relev\u00e9 le fait qu&rsquo;il ne peut \u00a0pas \u00eatre juge et partie     (violation de l&rsquo;article 12 du CPP).<\/span><\/p>\n<p> <span lang=\"FR-CH\">\u00a0<\/span><\/p>\n<p> <span lang=\"FR-CH\">&#8211; Le PV de     police \u00e9voque la pr\u00e9sence de deux agents de police sur les lieux alors que     les t\u00e9moins \u00e0 charge signalent dans leurs t\u00e9moignages \u00ab\u00a0la pr\u00e9sence de     plusieurs agents\u00a0\u00bb, ce qui confirme la version de Slim qu&rsquo;il afourni au     Tribunal selon laquelle une voiture d&rsquo;agents de la s\u00fbret\u00e9 del&rsquo;Etat suivait     le taxi collectif depuis sa sortie de Sfax et que ce sontles agents en civil     de la police politique qui ont proc\u00e9d\u00e9 \u00e0 l&rsquo;arrestation.<\/span><\/p>\n<p> <span lang=\"FR-CH\">\u00a0<\/span><\/p>\n<p> <span lang=\"FR-CH\">&#8211; Slim     Boukhdhir, qui a ni\u00e9 devant le tribunal les faits qui lui ont \u00a0\u00e9t\u00e9reproch\u00e9s,     n&rsquo;a m\u00eame pas b\u00e9n\u00e9fici\u00e9 de la confusion des peines pr\u00e9vue par \u00a0le CPP et la     peine d&rsquo;un an de prison ferme est un indice clair sur la partialit\u00e9 de la     cour.<\/span><\/p>\n<p> <span lang=\"FR-CH\">\u00a0<\/span><\/p>\n<p> <span lang=\"FR-CH\">Background<\/span><\/p>\n<p> <span lang=\"FR-CH\">\u00a0<\/span><\/p>\n<p> <span lang=\"FR-CH\">Rappelons que     Slim Boukhdhir se dirigeait vers la capitale le matin du \u00a026 novembre, pour     r\u00e9pondre \u00e0 une convocation du chef de poste de Khaznadar (banlieue de Tunis)     qui devait lui d\u00e9livrer son passeport, dont il \u00a0\u00e9tait arbitrairement priv\u00e9     et pour lequel il avait entam\u00e9 une gr\u00e8ve de la \u00a0faim de 15 jours en d\u00e9but     novembre.<\/span><\/p>\n<p> <span lang=\"FR-CH\">\u00a0<\/span><\/p>\n<p> <span lang=\"FR-CH\">Vers 04.30,     la voiture \u00e9tait arr\u00eat\u00e9e par la garde nationale \u00a0(gendarmerie) pour     \u00ab\u00a0contr\u00f4le de routine\u00a0\u00bb. Mais Slim est apostroph\u00e9 par son nom par \u00a0des     policiers en civil qui les entouraient, lui demandant de pr\u00e9senter sa \u00a0carte     d&rsquo;identit\u00e9. Ce dernier refuse en d\u00e9niant aux \u00ab\u00a0civils\u00a0\u00bb la qualit\u00e9 de     l&rsquo;interpeller.<\/span><\/p>\n<p> <span lang=\"FR-CH\">\u00a0<\/span><\/p>\n<p> <span lang=\"FR-CH\">De nombreux     avocats se sont d\u00e9plac\u00e9s pour assister Slim Boukhdhir lors \u00a0de ce proc\u00e8s     ainsi que de nombreux observateurs d&rsquo;ONG tunisiennes (OLPEC, <\/span> <span lang=\"DE-CH\">CNLT, ALT,     SJT\u2026). <\/span> <span lang=\"FR-CH\">Une     d\u00e9l\u00e9gation d&rsquo;Amnesty International a \u00e9galement observ\u00e9 ce proc\u00e8s ainsi que     des repr\u00e9sentants de missions<\/span><\/p>\n<p> <span lang=\"FR-CH\">    \u00a0diplomatiques. <\/span><\/p>\n<p> <span lang=\"FR-CH\">\u00a0<\/span><\/p>\n<p> <span lang=\"FR-CH\">L&rsquo;OLPEC<\/span><\/p>\n<p> <span lang=\"FR-CH\">\u00a0<\/span><\/p>\n<p> <span lang=\"FR-CH\">-Estime qu&rsquo;il     s&rsquo;agit d&rsquo;un coup mont\u00e9 pour sanctionner Slim Boukhdhir \u00a0pour ses articles     sur la corruption publi\u00e9s r\u00e9cemment dans la presse internationale et o\u00f9 il a     mis en cause les proches de ben Ali. Cette \u00ab\u00a0punition\u00a0\u00bb a \u00e9galement pour but     de le priver \u00ab\u00a0l\u00e9galement\u00a0\u00bb de son \u00a0passeport.<\/span><\/p>\n<p> <span lang=\"FR-CH\">\u00a0<\/span><\/p>\n<p> <span lang=\"FR-CH\">&#8211; consid\u00e8re     que le tribunal a viol\u00e9 l&rsquo;obligation de neutralit\u00e9 en s&rsquo;alignant sur le PV     de la police sans prendre en consid\u00e9ration toutes \u00a0les contradictions qu&rsquo;il     contenait. Et que s&rsquo;il ne s&rsquo;agit que d&rsquo;un refus de pr\u00e9senter sa carte     d&rsquo;identit\u00e9, l&rsquo;affaire aurait d\u00fb \u00eatre conclue par une amende de 5 dinars (3     euros) pr\u00e9vue par la loi, et que par cons\u00e9quent \u00a0rien ne justifiait son     arrestation.<\/span><\/p>\n<p> <span lang=\"FR-CH\">\u00a0<\/span><\/p>\n<p> <span lang=\"FR-CH\">&#8211; d\u00e9nonce ce     proc\u00e8s comme un proc\u00e8s in\u00e9quitable et un proc\u00e8s contre la libert\u00e9 de la     presse en Tunisie et exige la lib\u00e9ration inconditionnelle \u00a0de Slim     Boukhdhir.<\/span><\/p>\n<p> <span lang=\"FR-CH\">\u00a0<\/span><\/p>\n<p> <span lang=\"FR-CH\">Pour     l&rsquo;Observatoire<\/span><\/p>\n<p> <span lang=\"FR-CH\">Le Pr\u00e9sident<\/span><\/p>\n<p> <b> <span lang=\"FR-CH\">    Mohamed Talbi<\/span><\/b><\/p>\n<p> <span lang=\"FR-CH\">\u00a0 <\/span><\/p>\n<hr\/>\n<p>\u00a0<\/p>\n<p> <span lang=\"FR-CH\"><font size=\"3\">\u00a0<\/font><\/span><\/p>\n<p align=\"center\"> <strong><\/p>\n<h2 style=\"color: red;\"><font size=\"3\"><span lang=\"FR-CH\">Un an de prison     contre un journaliste tunisien<\/span><\/font><\/h2>\n<p><\/strong><\/p>\n<p> <span lang=\"FR-CH\">\u00a0<\/span><\/p>\n<p> <span lang=\"FR-CH\">Reuters, le 4     d\u00e9cembre 2007 \u00e0 <\/span> <span dir=\"rtl\" lang=\"AR-SA\">14<\/span><span lang=\"FR-CH\">h<\/span><span dir=\"rtl\" lang=\"AR-SA\">19<\/span><\/p>\n<p> <span lang=\"FR-CH\">\u00a0<\/span><\/p>\n<p> <span lang=\"FR-CH\">TUNIS, 4     d\u00e9cembre (Reuters) &#8211; La justice tunisienne a condamn\u00e9 mardi \u00e0 un an de     prison le journaliste Slim Boudkhir pour altercation violente avec la     police, a annonc\u00e9 son avocat<\/span><span dir=\"rtl\" lang=\"AR-SA\">.<\/span><span lang=\"AR-SA\"> <\/span><span lang=\"FR-CH\">\u00ab\u00a0Le     tribunal a condamn\u00e9 le journaliste Slim Boukhdhir \u00e0 un an pour des     accusations d&rsquo;agression verbale d&rsquo;un membre de la s\u00e9curit\u00e9 gouvernementale,     inconduite et refus d&rsquo;obtemp\u00e9rer \u00e0 la police qui lui demandait sa carte     d&rsquo;identit\u00e9\u00a0\u00bb, a dit \u00e0 Reuters <\/span> <span lang=\"DE-CH\">Abdelwaheb El     Maater<\/span><span dir=\"rtl\" lang=\"AR-SA\">.<\/span><\/p>\n<p> <span lang=\"FR-CH\">Le mois     dernier, Boukhdhir, qui est l&rsquo;une des voix les plus critiques \u00e0 l&rsquo;\u00e9gard du     gouvernement tunisien, avait fait une gr\u00e8ve de la faim pendant plus d&rsquo;une     semaine pour d\u00e9noncer le refus oppos\u00e9 \u00e0 sa demande de passeport qui lui     aurait permis de se rendre \u00e0 l&rsquo;\u00e9tranger<\/span><span dir=\"rtl\" lang=\"AR-SA\">.<\/span><span lang=\"AR-SA\"> <\/span><span lang=\"FR-CH\">Ag\u00e9 de     39 ans, il travaille notamment pour le quotidien al-Qods al-Arabi, \u00e9dit\u00e9 \u00e0     Londres<\/span><span dir=\"rtl\" lang=\"AR-SA\">.<\/span><\/p>\n<p> <span lang=\"FR-CH\">Des     organisations tunisiennes de d\u00e9fense des droits de l&rsquo;homme affirment qu&rsquo;il     est harcel\u00e9 depuis plusieurs ann\u00e9es par les autorit\u00e9s<\/span><span dir=\"rtl\" lang=\"AR-SA\">.<\/span><\/p>\n<p> <span lang=\"FR-CH\">Les incidents     qui lui valent cette condamnation remontent \u00e0 la semaine derni\u00e8re. <\/span> <\/p>\n<p> <span lang=\"FR-CH\">\u00a0 <\/span><\/p>\n<hr\/>\n<p><span dir=\"rtl\" lang=\"AR-SA\">    \u00a0<\/span> <\/p>\n<p>\u00a0<\/p>\n<p> <span lang=\"FR-CH\">\u00a0<\/span><\/p>\n<p align=\"center\"> <strong><\/p>\n<h2 style=\"color: red;\"><font><span lang=\"EN-GB\">Tunisia jails journalist for one year<\/span><\/font><\/h2>\n<p><\/strong><\/p>\n<p> <span lang=\"FR-CH\">Reuters, le 4     d\u00e9cembre 2007 \u00e0 <\/span> <span dir=\"rtl\" lang=\"AR-SA\">14<\/span><span lang=\"FR-CH\">h<\/span><span dir=\"rtl\" lang=\"AR-SA\">31<\/span><\/p>\n<p> <b> <span lang=\"EN-GB\">\u00a0<\/span><\/b><\/p>\n<p> <b> <span dir=\"rtl\" lang=\"AR-SA\">    \u00a0<\/span><\/b><\/p>\n<p> <span lang=\"EN-GB\">TUNIS, Dec 4     (Reuters) &#8211; A Tunisian court sentenced a<\/span><span lang=\"EN-GB\"> <\/span><span lang=\"EN-GB\">    journalist on Tuesday to one year in jail for verbally abusing<\/span><span lang=\"EN-GB\"> <\/span><span lang=\"EN-GB\">    police, his lawyer said on Tuesday<\/span><span dir=\"rtl\" lang=\"AR-SA\">.<\/span><span lang=\"AR-SA\"> <\/span><span lang=\"EN-GB\">The     court condemned journalist Slim Boukhdhir to one year<\/span><span lang=\"EN-GB\"> <\/span><span lang=\"EN-GB\">on     charges of verbally attacking a government security member<\/span><span dir=\"rtl\" lang=\"AR-SA\">,<\/span><span lang=\"AR-SA\"> <\/span><span lang=\"EN-GB\">    misconduct and refusing to show his identity card when asked by<\/span><span lang=\"EN-GB\"> <\/span><span lang=\"EN-GB\">    police,\u00a0\u00bb lawyer Abdelwaheb El Maater told Reuters<\/span><span dir=\"rtl\" lang=\"AR-SA\">.<\/span><span lang=\"AR-SA\"> <\/span><span lang=\"EN-GB\">    Boukhdhir, a virulent critic of the government, staged a<\/span><span lang=\"EN-GB\"> <\/span><span lang=\"EN-GB\">    two-week hunger strike last month to protest being denied a<\/span><span lang=\"EN-GB\"> <\/span><span lang=\"EN-GB\">    passport to travel abroad for four years<\/span><span dir=\"rtl\" lang=\"AR-SA\">.<\/span><\/p>\n<p> <span lang=\"EN-GB\">The     39-year-old journalist, who has worked for Arab<\/span><span lang=\"EN-GB\"> <\/span><span lang=\"EN-GB\">    newspapers including the London-based al-Quds al-Arabi daily<\/span><span dir=\"rtl\" lang=\"AR-SA\">,<\/span><span lang=\"AR-SA\"> <\/span><span lang=\"EN-GB\">was     arrested last week for refusing to show his identity card to<\/span><span lang=\"EN-GB\"> <\/span><span lang=\"EN-GB\">a     police officer<\/span><span dir=\"rtl\" lang=\"AR-SA\">.<\/span><\/p>\n<p> <span lang=\"EN-GB\">Human rights     groups say Boukhdhir has been harassed by the<\/span><span lang=\"EN-GB\"> <\/span><span lang=\"EN-GB\">    authorities for several years. Government officials were not<\/span><span lang=\"EN-GB\"> <\/span><span lang=\"EN-GB\">    immediately available for comment<\/span><span dir=\"rtl\" lang=\"AR-SA\">.<\/span><\/p>\n<p> <span dir=\"rtl\" lang=\"AR-SA\">\u00a0<\/span><\/p>\n<p> <b> <span lang=\"EN-GB\">    (Reporting by Tarek Amara; Editing by Michael Winfrey)<\/span><\/b><\/p>\n<p> <b><span lang=\"EN-GB\">\u00a0<\/span><\/b><\/p>\n<p> <b><span lang=\"FR-CH\">REUTERS<\/span><\/b><\/p>\n<p> <span dir=\"rtl\" lang=\"AR-SA\">\u00a0<\/span><\/p>\n<p> <span dir=\"rtl\" lang=\"AR-SA\"> <\/span><\/p>\n<hr\/>\n<p>\u00a0<\/p>\n<p align=\"center\"> <span lang=\"FR-CH\"><strong><\/p>\n<h2 style=\"color: red;\"><font>Tunisie: un journaliste opposant condamn\u00e9 \u00e0 un an de prison<\/font><\/h2>\n<p><\/strong><\/span><\/p>\n<p> <span lang=\"FR-CH\">\u00a0<\/span><\/p>\n<p> <span lang=\"FR-CH\">AFP, le 4     d\u00e9cembre 2007 \u00e0 <\/span> <span dir=\"rtl\" lang=\"AR-SA\">15<\/span><span lang=\"FR-CH\">h<\/span><span dir=\"rtl\" lang=\"AR-SA\">00<\/span><\/p>\n<p> <span lang=\"FR-CH\">\u00a0<\/span><\/p>\n<p> <span lang=\"FR-CH\">TUNIS, 4 d\u00e9c     2007 (AFP) &#8211; Un journaliste et militant de l&rsquo;opposition tunisienne, Slim     Boukhdhir, a \u00e9t\u00e9 condamn\u00e9 mardi \u00e0 un an de prison ferme, \u00e0 la suite d&rsquo;une     altercation avec des agents de s\u00e9curit\u00e9 lors d&rsquo;un contr\u00f4le d&rsquo;identit\u00e9,     a-t-on appris de source judiciaire.<\/span><\/p>\n<p> <span lang=\"FR-CH\">Ce verdict a     \u00e9t\u00e9 rendu par le tribunal cantonal de Sakit-Ezeit, pr\u00e8s de Sfax (sud), qui     l&rsquo;a condamn\u00e9 \u00e0 huit mois de prison pour \u00ab\u00a0offense \u00e0 l&rsquo;\u00e9gard d&rsquo;un agent de     l&rsquo;ordre\u00a0\u00bb et \u00e0 quatre mois suppl\u00e9mentaires pour \u00ab\u00a0atteinte aux bonnes moeurs\u00a0\u00bb,     a-t-on ajout\u00e9 de m\u00eame source.<\/span><\/p>\n<p> <span lang=\"FR-CH\">Slim     Boukhdhir, 39 ans, s&rsquo;est aussi vu infliger une amende de 5 dinars (2,8     euros) pour \u00ab\u00a0refus de pr\u00e9sentation de documents d&rsquo;identit\u00e9\u00a0\u00bb.<\/span><\/p>\n<p> <span lang=\"FR-CH\">Il avait \u00e9t\u00e9     arr\u00eat\u00e9 le 26 novembre apr\u00e8s avoir refus\u00e9 un contr\u00f4le d&rsquo;identit\u00e9 alors qu&rsquo;il     regagnait Tunis \u00e0 bord d&rsquo;une voiture de transport collectif priv\u00e9e, avait     indiqu\u00e9 un de ses avocats<\/span><\/p>\n<p> <span lang=\"FR-CH\">Abdelwaheb     Maatar.<\/span><\/p>\n<p> <span lang=\"FR-CH\">Les autorit\u00e9s     judiciaires ont affirm\u00e9 que l&rsquo;accus\u00e9 avait refus\u00e9 de se soumettre \u00e0 un     \u00ab\u00a0simple contr\u00f4le de routine\u00a0\u00bb, qui avait concern\u00e9 tous les passagers du     v\u00e9hicule et agress\u00e9 verbalement deux agents de l&rsquo;ordre.<\/span><\/p>\n<p> <span lang=\"FR-CH\">Selon Me     Maatar, le pr\u00e9venu a ni\u00e9 mardi les charges retenues contre lui et les     avocats de la d\u00e9fense ont demand\u00e9 sa lib\u00e9ration affirmant que leur client     \u00e9tait \u00ab\u00a0victime d&rsquo;un acharnement politico-judiciaire\u00a0\u00bb.<\/span><\/p>\n<p> <span lang=\"FR-CH\">Slim     Boukhdhir avait observ\u00e9 en novembre une gr\u00e8ve de la faim de<\/span><\/p>\n<p> <span lang=\"FR-CH\">15 jours pour     r\u00e9clamer un passeport, mais les autorit\u00e9s avaient assur\u00e9 qu&rsquo;il n&rsquo;en avait     jamais fait la demande.<\/span><\/p>\n<p> <span lang=\"FR-CH\">Ancien     journaliste au quotidien tunisois Echourouq (priv\u00e9), M. Boukhdir est     actuellement correspondant du quotidien panarabe<\/span><\/p>\n<p> <span lang=\"FR-CH\">Al-Quds     al-Arabi, \u00e9dit\u00e9 \u00e0 Londres, et du site arabe de la cha\u00eene de t\u00e9l\u00e9vision MBC,     bas\u00e9e \u00e0 Duba\u00ef.<\/span><\/p>\n<p> <span lang=\"FR-CH\">Selon ses     proches, ce journaliste membre du parti du \u00ab\u00a0Congr\u00e8s pour la R\u00e9publique\u00a0\u00bb de     Moncef Marzouki, interdit en Tunisie, devrait interjeter appel de sa     condamnation.<\/span><\/p>\n<p> <span lang=\"FR-CH\">\u00a0<\/span><\/p>\n<p> <span lang=\"FR-CH\">AFP <\/span><\/p>\n<hr\/>\n<p>\u00a0<\/p>\n<p> <span lang=\"FR-CH\">\u00a0<\/span><\/p>\n<p align=\"center\"> <span lang=\"FR-CH\"><strong><\/p>\n<h2 style=\"color: red;\"><font size=\"3\">Tunisie: un     journaliste condamn\u00e9 \u00e0 un an de prison<\/font><\/h2>\n<p><\/strong><\/span><\/p>\n<p> <span lang=\"FR-CH\">\u00a0<\/span><\/p>\n<p> <span lang=\"FR-CH\">Associated     Press, le 4 d\u00e9cembre 2007 \u00e0 <\/span> <span dir=\"rtl\" lang=\"AR-SA\">19<\/span><span lang=\"FR-CH\">h<\/span><span dir=\"rtl\" lang=\"AR-SA\">41<\/span><\/p>\n<p> <span lang=\"FR-CH\">\u00a0<\/span><\/p>\n<p> <span lang=\"FR-CH\">TUNIS (AP) &#8212;     Le journaliste et opposant tunisien, Slim Boukhdhir, a \u00e9t\u00e9 condamn\u00e9 mardi \u00e0     un an de prison ferme apr\u00e8s un accrochage avec des agents de l&rsquo;ordre qui     proc\u00e9daient \u00e0 un contr\u00f4le<\/span><\/p>\n<p> <span lang=\"FR-CH\">d&rsquo;identit\u00e9,     a-t-on appris aupr\u00e8s de l&rsquo;un de ses avocats, Me Abdelwahab Ma\u00e2tar.<\/span><\/p>\n<p> <span lang=\"FR-CH\">\u00a0<\/span><\/p>\n<p> <span lang=\"FR-CH\">Le     journaliste qui a comparu en \u00e9tat d&rsquo;arrestation devant le\u00a0 tribunal cantonal     de Sakiet-Ezzit, du gouvernorat de Sfax, dans le sud tunisien, a \u00e9cop\u00e9 de     huit mois d&#8217;emprisonnement pour \u00ab\u00a0offense \u00e0<\/span><\/p>\n<p> <span lang=\"FR-CH\">fonctionnaire     dans l&rsquo;exercice de ses fonctions\u00a0\u00bb et de quatre mois pour \u00ab\u00a0atteinte aux     bonnes m\u0153urs\u00a0\u00bb, en plus d&rsquo;une amende de cinq dinars (pr\u00e8s de 3 euros) pour     avoir refus\u00e9 de pr\u00e9senter sa carte d&rsquo;identit\u00e9.<\/span><\/p>\n<p> <span lang=\"FR-CH\">\u00a0<\/span><\/p>\n<p> <span lang=\"FR-CH\">Selon une     source judiciaire, le journaliste avait refus\u00e9 de se soumettre \u00e0 \u00ab\u00a0un     contr\u00f4le ordinaire\u00a0\u00bb effectu\u00e9 le 26 novembre dernier sur tous les passagers     d&rsquo;une voiture de transport inter-urbain \u00ab\u00a0en<\/span><\/p>\n<p> <span lang=\"FR-CH\">agressant     verbalement\u00a0\u00bb les deux agents de l&rsquo;ordre.<\/span><\/p>\n<p> <span lang=\"FR-CH\">\u00a0<\/span><\/p>\n<p> <span lang=\"FR-CH\">L&rsquo;accus\u00e9 qui     encourait jusqu&rsquo;\u00e0 un an et demi de prison selon les chefs d&rsquo;inculpation     retenus contre lui, a ni\u00e9 devant le tribunal les faits qui lui \u00e9taient     reproch\u00e9s. Ses avocats ont, quant \u00e0 eux, r\u00e9clam\u00e9 le non-lieu en faveur de     leur client en se basant sur \u00ab\u00a0la nullit\u00e9 des proc\u00e8s-verbaux\u00a0\u00bb, a d\u00e9clar\u00e9 Me     Ma\u00e2tar \u00e0 l&rsquo;Associated Press.<\/span><\/p>\n<p> <span lang=\"FR-CH\">\u00a0<\/span><\/p>\n<p> <span lang=\"FR-CH\">L&rsquo;avocat a     n\u00e9anmoins qualifi\u00e9 le verdict de \u00ab\u00a0s\u00e9v\u00e8re\u00a0\u00bb, notant que d&rsquo;habitude dans de     telles affaires la sanction ne d\u00e9passait pas les deux mois de prison.<\/span><\/p>\n<p> <span lang=\"FR-CH\">\u00a0<\/span><\/p>\n<p> <span lang=\"FR-CH\">Ancien     collaborateur du quotidien \u00ab\u00a0Achourouk\u00a0\u00bb de Tunis, Slim Boukhdhir, 39 ans, est     le correspondant notamment du journal \u00ab\u00a0Al Qods Al Arabi\u00a0\u00bb paraissant \u00e0     Londres.<\/span><\/p>\n<p> <span lang=\"FR-CH\">\u00a0<\/span><\/p>\n<p> <span lang=\"FR-CH\">Il avait     observ\u00e9 r\u00e9cemment une gr\u00e8ve de la faim de deux semaines pour protester     contre \u00ab\u00a0le refus des autorit\u00e9s de lui d\u00e9livrer un passeport\u00a0\u00bb, une th\u00e8se     r\u00e9fut\u00e9e par celles-ci qui avancent qu&rsquo;aucune demande n&rsquo;avait \u00e9t\u00e9 pr\u00e9sent\u00e9e     dans ce sens par le journaliste. <\/span><\/p>\n<p> <span dir=\"rtl\" lang=\"AR-SA\">\u00a0<\/span><\/p>\n<p> <b><span lang=\"DE-CH\">A<\/span><span lang=\"FR-CH\">ssociated    <\/span><span lang=\"DE-CH\">Press<\/span><\/b><\/p>\n<\/div>\n<div>\n<hr\/><\/div>\n<div>    \u00a0<\/div>\n<div>\n<div align=\"center\"> <strong><\/p>\n<h2 style=\"color: red;\"><font size=\"3\">Bouteflika offre un bain de foule       bien encadr\u00e9 \u00e0 Sarkozy<\/font><\/h2>\n<p><\/strong> \u00a0<\/div>\n<div align=\"center\">      \u00a0<\/div>\n<div align=\"justify\">      \u00a0Par Emmanuel Jarry Reuters &#8211; Mercredi 5 d\u00e9cembre, 14h58        CONSTANTINE, Alg\u00e9rie (Reuters) &#8211; Abdelaziz Bouteflika a offert deux bains       de foule soigneusement encadr\u00e9s \u00e0 Nicolas Sarkozy, au troisi\u00e8me jour de la       visite d&rsquo;Etat du pr\u00e9sident fran\u00e7ais en Alg\u00e9rie.       A l&rsquo;heure du d\u00e9jeuner, les deux chefs d&rsquo;Etat ont parcouru une des rues       principales du centre ville de Constantine, pavois\u00e9e de drapeaux alg\u00e9riens       et fran\u00e7ais, au rythme des tambours et de p\u00e9tarades de mousquets de       fantasia, au milieu des you-you et de sifflets qui n&rsquo;avaient cependant       rien d&rsquo;hostile.       Devanc\u00e9s par un camion charg\u00e9 de photographes et de cam\u00e9ras de t\u00e9l\u00e9vision,       comme dans un long travelling, ils ont zigzagu\u00e9 pendant une vingtaine de       minutes d&rsquo;un trottoir \u00e0 l&rsquo;autre pour serrer les mains d&rsquo;une foule bon       enfant, surtout masculine, sous une pluie intermittente de confettis jet\u00e9s       de balcons.       Un parcours jalonn\u00e9 de quelques banderoles proclamant \u00ab\u00a0Vive l&rsquo;amiti\u00e9       alg\u00e9ro-fran\u00e7aise\u00a0\u00bb ou \u00ab\u00a0Bienvenue au pr\u00e9sident de la R\u00e9publique fran\u00e7aise M.       Sarkozy\u00a0\u00bb.       Les pancartes \u00e0 l&rsquo;effigie du pr\u00e9sident alg\u00e9rien \u00e9taient beaucoup plus       nombreuses que les portraits de Nicolas Sarkozy, dont le nom n&rsquo;a gu\u00e8re \u00e9t\u00e9       entendu au milieu des \u00ab\u00a0Vive l&rsquo;Alg\u00e9rie\u00a0\u00bb lanc\u00e9s par la foule contenue sur       les trottoirs par des barri\u00e8res m\u00e9talliques et un cordon serr\u00e9 de       policiers.       S&rsquo;il \u00e9tait difficile de faire la part de la spontan\u00e9it\u00e9 de la foule,       celle-ci s&rsquo;est cependant montr\u00e9e plut\u00f4t chaleureuse.       Quelques \u00ab\u00a0Visas ! Visas\u00a0\u00bb cri\u00e9s au passage du pr\u00e9sident fran\u00e7ais &#8211; allusion       \u00e0 une politique fran\u00e7aise des visas jug\u00e9e trop restrictive par les       Alg\u00e9riens &#8211; ont constitu\u00e9 les seuls fausses notes de cette d\u00e9monstration       de liesse populaire.       RELENTS D&rsquo;ANTISEMITISME       Plus t\u00f4t, les deux chefs d&rsquo;Etat \u00e9taient arriv\u00e9s ensemble \u00e0 l&rsquo;universit\u00e9       Mentouri de Constantine, o\u00f9 Nicolas Sarkozy a prononc\u00e9 un discours adress\u00e9       \u00e0 la jeunesse alg\u00e9rienne.       Ils ont parcouru \u00e0 pied, entre deux haies de barri\u00e8res m\u00e9talliques et de       policiers en uniforme bleu, quelque 200 m avant de gagner le grand       amphith\u00e9\u00e2tre, o\u00f9 Nicolas Sarkozy a ensuite prononc\u00e9 un discours.       Nicolas Sarkozy et Abdelaziz Bouteflika ont serr\u00e9 les mains tendues       au-dessus des barri\u00e8res par des centaines d&rsquo;\u00e9tudiants &#8211; filles et gar\u00e7ons       confondus &#8211; \u00e0 \u00ab\u00a0l&rsquo;enthousiasme\u00a0\u00bb visiblement orchestr\u00e9 par des chauffeurs de       foule.       Encourag\u00e9 par ces derniers au passage des chefs d&rsquo;Etat, ces \u00e9tudiants ont       scand\u00e9 le nom du pr\u00e9sident alg\u00e9rien pour lui demander d&rsquo;effectuer un       troisi\u00e8me mandat \u00e0 la t\u00eate de l&rsquo;Alg\u00e9rie.       \u00ab\u00a0One, two, three, viva l&rsquo;Alg\u00e9rie ! Bouteflika ! Troisi\u00e8me mandat !\u00a0\u00bb       criaient-ils en levant trois doigts vers le ciel.       Quelques cris \u00ab\u00a0Sarkozy\u00a0\u00bb ou \u00ab\u00a0Vive Sarkozy\u00a0\u00bb, compl\u00e8tement noy\u00e9s dans la       masse, \u00e9taient pratiquement inaudibles.       La plupart des \u00e9tudiants interrog\u00e9s avant l&rsquo;arriv\u00e9e du pr\u00e9sident fran\u00e7ais       reprenaient comme un leitmotiv la demande \u00ab\u00a0d&rsquo;excuses\u00a0\u00bb adress\u00e9e par les       dirigeants alg\u00e9riens \u00e0 la France pour son pass\u00e9 colonial en Alg\u00e9rie.       Ce qui ne les emp\u00eachaient pas de demander dans le m\u00eame souffle \u00ab\u00a0plus de       facilit\u00e9 d&rsquo;inscription et de visas pour les \u00e9tudiants en France\u00a0\u00bb &#8211; un       signe de l&rsquo;ambivalence des sentiments des jeunes Alg\u00e9riens \u00e0 l&rsquo;\u00e9gard de la       France.       \u00ab\u00a0Le peuple alg\u00e9rien pr\u00e9f\u00e8re le pr\u00e9sident Jacques Chirac\u00a0\u00bb, a lanc\u00e9 l&rsquo;un       d&rsquo;eux en faisant allusion au pr\u00e9d\u00e9cesseur de Nicolas Sarkozy, qui a       effectu\u00e9 une visite d&rsquo;Etat en Alg\u00e9rie en 2003. \u00ab\u00a0Jacques Chirac n&rsquo;est pas       raciste\u00a0\u00bb.       Un autre, portant la barbe des islamistes, brandissait une pancarte aux       relents antis\u00e9mites.       \u00ab\u00a0Sarko, qu&rsquo;elles sont tes origines ? Sarko, pourquoi vous \u00eates raciste ?\u00a0\u00bb       pouvait-on lire sur cette pancarte qui arborait des \u00e9toiles de David,       symbole d&rsquo;Isra\u00ebl.       A un journaliste qui lui faisait remarquer qu&rsquo;il y avait des ministres       musulmans d&rsquo;origine nord-africaine dans le gouvernement fran\u00e7ais, cet       \u00e9tudiant a r\u00e9pondu : \u00ab\u00a0C&rsquo;est des harkis !\u00a0\u00bb &#8211; une allusion aux suppl\u00e9tifs       musulmans de l&rsquo;arm\u00e9e fran\u00e7aise pendant la guerre d&rsquo;ind\u00e9pendance       alg\u00e9rienne.       Des attaques auxquelles Nicolas Sarkozy r\u00e9pliquera indirectement dans son       discours.       \u00ab\u00a0L&rsquo;antis\u00e9mitisme n&rsquo;est pas qu&rsquo;un crime contre les Juifs, c&rsquo;est un crime       contre tous les hommes et un crime contre toutes les religions. Aucune       cause aussi juste soit-elle ne peut justifier ce crime\u00a0\u00bb, a-t-il d\u00e9clar\u00e9.<\/div>\n<div align=\"justify\">\n<hr\/><\/div>\n<div align=\"justify\">      \u00a0<\/div>\n<div align=\"justify\">\n<div align=\"center\"> <strong><\/p>\n<h2 style=\"color: red;\"><font size=\"3\">Sarkozy quitte l&rsquo;Alg\u00e9rie sans         \u00ab\u00a0excuses\u00a0\u00bb mais sur un message d&rsquo;avenir<\/font><\/h2>\n<p><\/strong><\/div>\n<div align=\"justify\">                 \u00a0Par Par Philippe ALFROY AFP &#8211; Mercredi 5 d\u00e9cembre, 17h28          CONSTANTINE (AFP) &#8211; Le pr\u00e9sident fran\u00e7ais Nicolas Sarkozy a achev\u00e9         mercredi \u00e0 Constantine sa visite en Alg\u00e9rie comme il l&rsquo;avait commenc\u00e9e,         avec une condamnation ferme du colonialisme, mais sans pr\u00e9senter         d&rsquo;excuses, et en appelant l&rsquo;Alg\u00e9rie \u00e0 se \u00ab\u00a0tourner vers l&rsquo;avenir\u00a0\u00bb.                  Reprenant le ton du discours qu&rsquo;il avait prononc\u00e9 \u00e0 Alger devant un         parterre de patrons \u00e0 son arriv\u00e9e lundi, Nicolas Sarkozy a une nouvelle         fois d\u00e9nonc\u00e9, cette fois devant les \u00e9tudiants de l&rsquo;universit\u00e9 Mentouri         et son homologue alg\u00e9rien Abdelaziz Bouteflika, le syst\u00e8me colonial         \u00ab\u00a0injuste\u00a0\u00bb mis en place par la France en Alg\u00e9rie (1830-1962).         \u00ab\u00a0Beaucoup de ceux qui \u00e9taient venus s&rsquo;installer en Alg\u00e9rie \u00e9taient de         bonne foi. Ils \u00e9taient venus pour travailler et pour construire, sans         l&rsquo;intention d&rsquo;asservir ni d&rsquo;exploiter personne\u00a0\u00bb, a-t-ilsoulign\u00e9, \u00ab\u00a0mais         le syst\u00e8me colonial \u00e9tait injuste par nature et il ne pouvait \u00eatre v\u00e9cu         autrement que comme une entreprise d&rsquo;asservissement et d&rsquo;exploitation\u00a0\u00bb.         R\u00e9p\u00e9tant le message qu&rsquo;il a d\u00e9livr\u00e9 pendant les trois jours de sa         visite, le chef de l&rsquo;Etat fran\u00e7ais a associ\u00e9 dans son hommage toutes les         victimes de la guerre d&rsquo;ind\u00e9pendance (1954-1962).         \u00ab\u00a0Je n&rsquo;oublie ni ceux qui sont tomb\u00e9s les armes \u00e0 la main pour que le         peuple alg\u00e9rien soit de nouveau un peuple libre, ni les victimes d&rsquo;une         r\u00e9pression aveugle et brutale, ni ceux qui ont \u00e9t\u00e9 tu\u00e9s dans les         attentats (&#8230;) ni ceux qui ont d\u00fb tout abandonner\u00a0\u00bb, a-t-il soulign\u00e9.         Et, comme son entourage l&rsquo;avait laiss\u00e9 entendre mardi soir, il n&rsquo;a pas         prononc\u00e9 les excuses exig\u00e9es par les Alg\u00e9riens pour les crimes imput\u00e9s \u00e0         la colonisation fran\u00e7aise, pr\u00e9f\u00e9rant les appeler \u00e0 \u00ab\u00a0tourner la page\u00a0\u00bb.         \u00ab\u00a0Je ne suis pas venu nier le pass\u00e9, mais je suis venu vous dire que le         futur est plus important\u00a0\u00bb, a insist\u00e9 M. Sarkozy. \u00ab\u00a0Les fautes et les         crimes du pass\u00e9 furent impardonnables. Mais c&rsquo;est sur notre capacit\u00e9 \u00e0         conjurer l&rsquo;intol\u00e9rance, le fanatisme et le racisme qui pr\u00e9parent les         crimes et les guerres de demain que nos enfants nous jugeront\u00a0\u00bb, a-t-il         ajout\u00e9.         Pour concr\u00e9tiser cette \u00ab\u00a0nouvelle \u00e8re\u00a0\u00bb, le pr\u00e9sident fran\u00e7ais a propos\u00e9,         \u00e0 Constantine \u00e0 son homologue alg\u00e9rien, de \u00ab\u00a0b\u00e2tir l&rsquo;Union         m\u00e9diterran\u00e9enne sur l&rsquo;amiti\u00e9 franco-alg\u00e9rienne (&#8230;) comme la France         offrit jadis \u00e0 l&rsquo;Allemagne de construire l&rsquo;Union de l&rsquo;Europe sur         l&rsquo;amiti\u00e9 franco-allemande\u00a0\u00bb.         \u00ab\u00a0L&rsquo;Union de la M\u00e9diterran\u00e9e, c&rsquo;est un pari et un d\u00e9fi (&#8230;) dict\u00e9 par         l&rsquo;id\u00e9al autant que par la raison (&#8230;) qui n&rsquo;est ni plus, ni moins         raisonnable que celui de l&rsquo;Europe il y a soixante ans\u00a0\u00bb, a-t-il jug\u00e9.         Cette initiative n&rsquo;a suscit\u00e9 jusqu&rsquo;ici qu&rsquo;un int\u00e9r\u00eat poli des pays         concern\u00e9s, notamment en Alg\u00e9rie ou dans l&rsquo;Union europ\u00e9enne.         Comme gage de bonne volont\u00e9, M. Sarkozy a salu\u00e9 l&rsquo;accord de coop\u00e9ration         en mati\u00e8re de nucl\u00e9aire civil sign\u00e9 mardi entre les deux pays, estimant         qu&rsquo;il constituait \u00ab\u00a0la marque de confiance\u00a0\u00bb de la France envers         l&rsquo;Alg\u00e9rie.         Apr\u00e8s son discours, il s&rsquo;est offert dans les rues du centre de         Constantine un chaleureux bain de foule avec Abdelaziz Bouteflika,         accueilli par les vivats de la foule scandant \u00ab\u00a0Bouteflika, un troisi\u00e8me         mandat!\u00a0\u00bb ou \u00ab\u00a0One, two, three, viva Alg\u00e9rie!\u00a0\u00bb         Avant m\u00eame la fin du voyage du pr\u00e9sident, l&rsquo;Elys\u00e9e l&rsquo;a qualifi\u00e9 de         succ\u00e8s, estimant, selon un de ses hauts responsables, \u00ab\u00a0incontestable         qu&rsquo;une nouvelle page s&rsquo;est ouverte\u00a0\u00bb. \u00ab\u00a0Sur la m\u00e9moire, chacun a fait un         pas vers l&rsquo;autre, les choses se sont vraiment stabilis\u00e9es\u00a0\u00bb, a ajout\u00e9 ce         responsable.         Dans la foul\u00e9e du ministre de l&rsquo;Int\u00e9rieur Yazid Zerhouni qui saluait,         mardi, un \u00ab\u00a0progr\u00e8s\u00a0\u00bb mais \u00ab\u00a0insuffisant\u00a0\u00bb de la France, la presse         alg\u00e9rienne ne partageait pas mercredi cette opinion. \u00ab\u00a0Encore un effort,         monsieur le pr\u00e9sident, sur le pass\u00e9 colonial de la France\u00a0\u00bb, \u00e9crivait         Libert\u00e9, alors qu&rsquo;El Watan titrait sans d\u00e9tour sur \u00ab\u00a0la d\u00e9robade de         Sarkozy\u00a0\u00bb.<\/div>\n<div align=\"justify\">\n<hr\/><\/div>\n<div align=\"center\"> <strong><\/p>\n<h3 style=\"color: blue;\"><font size=\"3\">L&rsquo;accord sur le nucl\u00e9aire \u00ab\u00a0marque         la confiance\u00a0\u00bb de la France<\/font><\/h3>\n<p><\/strong> <\/div>\n<div align=\"justify\">                 CONSTANTINE (Alg\u00e9rie) &#8211; Le pr\u00e9sident fran\u00e7ais Nicolas Sarkozy a estim\u00e9         mercredi, devant des \u00e9tudiants de Constantine (est), que l&rsquo;accord de         coop\u00e9ration en mati\u00e8re de nucl\u00e9aire civil sign\u00e9 mardi \u00e0 Alger \u00e9tait une         \u00ab\u00a0marque de confiance\u00a0\u00bb de la France envers l&rsquo;Alg\u00e9rie.         \u00ab\u00a0L&rsquo;accord de coop\u00e9ration dans le nucl\u00e9aire civil que nos deux pays ont         conclu est la marque de cette confiance que la France fait \u00e0 l&rsquo;Alg\u00e9rie\u00a0\u00bb,         a d\u00e9clar\u00e9 M. Sarkozy lors d&rsquo;un discours devant des \u00e9tudiants de         l&rsquo;universit\u00e9 Mentouri de Constantine.         \u00ab\u00a0Je le dis au nom de la France, le partage du nucl\u00e9aire civil sera l&rsquo;un         des fondements du pacte de confiance que l&rsquo;Occident doit passer avec le         monde musulman\u00a0\u00bb, a poursuivi le chef de l&rsquo;Etat.         Paraph\u00e9 mardi \u00e0 Alger, cet accord ouvre \u00e0 l&rsquo;Alg\u00e9rie les portes de         l&rsquo;\u00e9nergie nucl\u00e9aire civile. Il couvre la recherche, la production         d&rsquo;\u00e9lectricit\u00e9 et la formation, ainsi que la prospection et         l&rsquo;exploitation de gisements d&rsquo;uranium alg\u00e9riens.         \u00ab\u00a0C&rsquo;est la premi\u00e8re fois que la France signe un tel accord avec un pays         arabo-musulman\u00a0\u00bb, s&rsquo;est-on r\u00e9joui c\u00f4t\u00e9 fran\u00e7ais. \u00ab\u00a0C&rsquo;est toute une fili\u00e8re         que l&rsquo;on va installer\u00a0\u00bb, a pr\u00e9cis\u00e9 \u00e0 la presse un haut responsable de         l&rsquo;Elys\u00e9e.         (\u00a9AFP \/ 05 d\u00e9cembre 2007 12h18)      <\/div>\n<\/p><\/div>\n<\/p><\/div>\n<p>   \u00a0<\/p>\n<\/div>\n<div>\u00a0<\/div>\n<p><\/font><\/p>\n<hr\/>\n<p align=\"center\">\u00a0<\/p>\n<p align=\"center\"><b><a href=\"https:\/\/tunisnews.net\/ar\/\"><span>Home<\/span><span lang=\"FR-CH\"> &#8211; Accueil <\/span><span>&#8211; <\/span><span dir=\"rtl\" lang=\"AR-SA\">\u0627\u0644\u0631\u0626\u064a\u0633\u064a\u0629<\/span><\/a><\/b><\/p>\n<p align=\"center\"><b><span dir=\"rtl\" lang=\"AR-SA\">\u00a0<\/span><\/b><\/p>\n<p><\/body><\/body><\/html><\/p>","protected":false},"excerpt":{"rendered":"<p>Home &#8211; Accueil &#8211; \u00a0 TUNISNEWS 8\u00a0\u00e8me\u00a0ann\u00e9e, N\u00b0\u00a02751 du 05.12.2007 \u00a0archives : www.tunisnews.net \u00a0 \u00a0 OLPEC: Le journaliste Slim Boukhdhir condamn\u00e9 \u00e0 un an de prison \u00e0 l&rsquo;issue d&rsquo;un proc\u00e8s in\u00e9quitable Reuters: Un an de prison contre un journaliste tunisien AFP: Tunisie: un journaliste opposant condamn\u00e9 \u00e0 un an de prison AP: Tunisie: un journaliste [&hellip;]<\/p>\n","protected":false},"author":1,"featured_media":22040,"comment_status":"open","ping_status":"open","sticky":false,"template":"","format":"standard","meta":{"inline_featured_image":false,"site-sidebar-layout":"default","site-content-layout":"","ast-site-content-layout":"default","site-content-style":"default","site-sidebar-style":"default","ast-global-header-display":"","ast-banner-title-visibility":"","ast-main-header-display":"","ast-hfb-above-header-display":"","ast-hfb-below-header-display":"","ast-hfb-mobile-header-display":"","site-post-title":"","ast-breadcrumbs-content":"","ast-featured-img":"","footer-sml-layout":"","ast-disable-related-posts":"","theme-transparent-header-meta":"","adv-header-id-meta":"","stick-header-meta":"","header-above-stick-meta":"","header-main-stick-meta":"","header-below-stick-meta":"","astra-migrate-meta-layouts":"default","ast-page-background-enabled":"default","ast-page-background-meta":{"desktop":{"background-color":"","background-image":"","background-repeat":"repeat","background-position":"center center","background-size":"auto","background-attachment":"scroll","background-type":"","background-media":"","overlay-type":"","overlay-color":"","overlay-opacity":"","overlay-gradient":""},"tablet":{"background-color":"","background-image":"","background-repeat":"repeat","background-position":"center center","background-size":"auto","background-attachment":"scroll","background-type":"","background-media":"","overlay-type":"","overlay-color":"","overlay-opacity":"","overlay-gradient":""},"mobile":{"background-color":"","background-image":"","background-repeat":"repeat","background-position":"center center","background-size":"auto","background-attachment":"scroll","background-type":"","background-media":"","overlay-type":"","overlay-color":"","overlay-opacity":"","overlay-gradient":""}},"ast-content-background-meta":{"desktop":{"background-color":"var(--ast-global-color-5)","background-image":"","background-repeat":"repeat","background-position":"center center","background-size":"auto","background-attachment":"scroll","background-type":"","background-media":"","overlay-type":"","overlay-color":"","overlay-opacity":"","overlay-gradient":""},"tablet":{"background-color":"var(--ast-global-color-5)","background-image":"","background-repeat":"repeat","background-position":"center center","background-size":"auto","background-attachment":"scroll","background-type":"","background-media":"","overlay-type":"","overlay-color":"","overlay-opacity":"","overlay-gradient":""},"mobile":{"background-color":"var(--ast-global-color-5)","background-image":"","background-repeat":"repeat","background-position":"center center","background-size":"auto","background-attachment":"scroll","background-type":"","background-media":"","overlay-type":"","overlay-color":"","overlay-opacity":"","overlay-gradient":""}},"footnotes":""},"categories":[],"tags":[64,38,29],"class_list":["post-16018","post","type-post","status-publish","format-standard","has-post-thumbnail","hentry","tag-64","tag-38","tag-fr"],"_links":{"self":[{"href":"https:\/\/tunisnews.net\/ar\/wp-json\/wp\/v2\/posts\/16018","targetHints":{"allow":["GET"]}}],"collection":[{"href":"https:\/\/tunisnews.net\/ar\/wp-json\/wp\/v2\/posts"}],"about":[{"href":"https:\/\/tunisnews.net\/ar\/wp-json\/wp\/v2\/types\/post"}],"author":[{"embeddable":true,"href":"https:\/\/tunisnews.net\/ar\/wp-json\/wp\/v2\/users\/1"}],"replies":[{"embeddable":true,"href":"https:\/\/tunisnews.net\/ar\/wp-json\/wp\/v2\/comments?post=16018"}],"version-history":[{"count":0,"href":"https:\/\/tunisnews.net\/ar\/wp-json\/wp\/v2\/posts\/16018\/revisions"}],"wp:featuredmedia":[{"embeddable":true,"href":"https:\/\/tunisnews.net\/ar\/wp-json\/wp\/v2\/media\/22040"}],"wp:attachment":[{"href":"https:\/\/tunisnews.net\/ar\/wp-json\/wp\/v2\/media?parent=16018"}],"wp:term":[{"taxonomy":"category","embeddable":true,"href":"https:\/\/tunisnews.net\/ar\/wp-json\/wp\/v2\/categories?post=16018"},{"taxonomy":"post_tag","embeddable":true,"href":"https:\/\/tunisnews.net\/ar\/wp-json\/wp\/v2\/tags?post=16018"}],"curies":[{"name":"wp","href":"https:\/\/api.w.org\/{rel}","templated":true}]}}