{"id":15960,"date":"2007-09-09T00:00:00","date_gmt":"2007-09-09T00:00:00","guid":{"rendered":"https:\/\/tunisnews.net\/9-septembre-2007\/"},"modified":"2007-09-09T00:00:00","modified_gmt":"2007-09-09T00:00:00","slug":"9-septembre-2007","status":"publish","type":"post","link":"https:\/\/tunisnews.net\/ar\/9-septembre-2007\/","title":{"rendered":"9 septembre 2007"},"content":{"rendered":"<p><html><head><meta content=\"text\/html\" description=\"        Le feuilleton du proc\u00e8s en diffamation de Omar Mestiri, le directeur de \n        la r\u00e9daction de Kalima, s\u2019est finalement achev\u00e9 par l\u2019arr\u00eat des \n        poursuites apr\u00e8s le retrait de la plainte par le plaignant, prononc\u00e9 le \n        31 ao\u00fbt, soit trois jours apr\u00e8s l\u2019audience, alors qu\u2019elle aurait d\u00fb etre \n        prononc\u00e9 s\u00e9ance tenante.\" http-equiv=\"Content-Type\"\/><\/head><body><body><\/p>\n<p align=\"center\" dir=\"ltr\"><b><a href=\"http:\/\/www.tunisnews.net\"><span>Home<\/span><span lang=\"FR-CH\"> &#8211; Accueil <\/span><span>&#8211; <\/span><span dir=\"rtl\" lang=\"AR-SA\">\u0627\u0644\u0631\u0626\u064a\u0633\u064a\u0629<\/span><\/a><\/b><\/p>\n<p> <font face=\"Arial\" size=\"2\"><\/p>\n<div>  <span lang=\"FR\"> <\/p>\n<div align=\"center\" dir=\"ltr\"> <font face=\"Arial\"><font size=\"2\"> <span lang=\"SV\"> <strong>TUNISNEWS<\/strong><\/span> <\/font><\/font> <\/div>\n<div align=\"center\" dir=\"ltr\"> <strong><font size=\"2\">8\u00a0\u00e8me\u00a0ann\u00e9e, <span lang=\"FR\">N\u00b0\u00a02665     du 09.09.2007<\/span><\/font><\/strong><\/div>\n<p> <strong> <\/p>\n<div align=\"center\" dir=\"ltr\"> <b><span><blink> <font size=\"2\">\u00a0archives : <\/font><a href=\"\" target=\"_blank\" rel=\"noopener\"> <font size=\"2\" target=\"_blank\">www.tunisnews.net<\/font><\/a><\/blink><\/span><\/b><font size=\"2\"> <\/font> <\/div>\n<div>\n<hr\/><\/div>\n<p> <font size=\"2\"> <span lang=\"FR-CH\"> <span lang=\"FR-CH\"> <span> <span lang=\"DE-CH\"> <span lang=\"FR-CH\"> <font size=\"3\"> <span lang=\"FR-CH\"> <span lang=\"FR-CH\"> <font size=\"2\"><font size=\"2\"><font size=\"3\"> <font> <span lang=\"FR-CH\"> <span lang=\"FR\"><font size=\"2\"><font size=\"3\"> <font size=\"2\"><\/font><\/font><\/font><\/span><\/span><\/font> <\/font><\/font><\/font><\/span><\/span><\/font><\/span><\/span><\/span><\/span><\/span> <\/font><\/strong><\/span><\/div>\n<div> <span lang=\"FR-CH\"> <span lang=\"FR-CH\"> <span> <span lang=\"DE-CH\"> <span lang=\"FR\"> <span lang=\"FR-CH\"> <span lang=\"FR\"> <span lang=\"FR-CH\"> <span lang=\"FR-CH\"> <span lang=\"FR-CH\"> <span lang=\"FR-CH\"> <span lang=\"FR\"><span lang=\"FR\"> <\/p>\n<p><font> <\/p>\n<div align=\"left\" dir=\"ltr\">\n<p><font size=\"2\"> <span dir=\"rtl\" lang=\"AR-SA\"> <span lang=\"FR-CH\"><font><\/p>\n<p><font size=\"3\"> <span lang=\"FR\"> <\/p>\n<p><font face=\"Arial\" size=\"2\"> <\/p>\n<div align=\"justify\" dir=\"ltr\"> <font face=\"Arabic Transparent\" size=\"4\"><font> <\/p>\n<div> <font face=\"Arial\" size=\"2\"><strong>CNLT: Fin de la mascarade du         proc\u00e8s de Omar Mestiri, mais des menaces continuent de peser sur lui          <font>Bakcich.info : Radhia Nasraoui: \u00ab Tous ceux qui         sont arr\u00eat\u00e9s passent par la torture \u00bb<\/font> <font size=\"3\">D\u00e9claration de la FTCR lors du Rassemblement du 7         septembre devant l&rsquo;ambassade d&rsquo;Italie \u00e0 Paris<\/font> <font>La Presse: Entre Gammoudi et Ghoula<\/font>         AFP: France: le ministre de la D\u00e9fense d\u00e9fend acc\u00e8s de la Libye au         nucl\u00e9aire civil         <font>Le Quotidien d\u2019Oran :Pour qui roule le GSPC?         <\/font>Le Monde.fr :Au moins 28 morts dans une attaque kamikaze contre         une caserne de la marine alg\u00e9rienne         <font>Le Monde:Les Marocains ont massivement boud\u00e9 les         urnes lors des \u00e9lections l\u00e9gislatives          <\/font>Le Temps Suisse\u00a0 :Stockholm \u00e9vite la crise avec les musulmans<\/strong><\/font> <\/p>\n<div>\u00a0<\/div>\n<p> <font face=\"Arial\" size=\"3\"><span> <span lang=\"FR\"> <font><\/p>\n<hr\/>\n<p> <\/font><\/span><\/span><\/font><\/div>\n<p> <\/font><\/font><\/div>\n<div align=\"justify\" dir=\"ltr\"> <font size=\"2\"> <\/p>\n<div align=\"center\"> <font face=\"Arial\" size=\"2\"><strong><font>Conseil         National pour les Libert\u00e9s en Tunisie<\/font><\/strong>         Tunis le 09 septembre 2007         \u00a0\u00a0         <strong><\/p>\n<h2 style=\"color: red;\"><font size=\"3\">Fin de la mascarade du proc\u00e8s de         Omar Mestiri, mais des menaces continuent de peser sur lui<\/font><\/h2>\n<p><\/strong>         \u00a0<\/font><\/div>\n<div>                 Le feuilleton du proc\u00e8s en diffamation de Omar Mestiri, le directeur de         la r\u00e9daction de Kalima, s\u2019est finalement achev\u00e9 par l\u2019arr\u00eat des         poursuites apr\u00e8s le retrait de la plainte par le plaignant, prononc\u00e9 le         31 ao\u00fbt, soit trois jours apr\u00e8s l\u2019audience, alors qu\u2019elle aurait d\u00fb etre         prononc\u00e9 s\u00e9ance tenante.         Le juge Mehrez Hammami, avait ouvertement fait pression sur le plaignant         Mohamed Baccar, durant l\u2019audience du 28 ao\u00fbt, en vue de l\u2019inciter \u00e0 ne         pas retirer sa plainte. Il avait au d\u00e9part refus\u00e9 de lui donner la         parole malgr\u00e9 l\u2019insistance des avocats\u00a0 et lev\u00e9 la s\u00e9ance durant 1 heure         sans raison (sinon d&rsquo;aller \u00ab\u00a0consulter\u00a0\u00bb). A la reprise de l\u2019audience il         lui avait adress\u00e9 des questions sur un ton peu respectueux et tranch\u00e9         dans l&rsquo;espoir de l&rsquo;amener \u00e0 renoncer au retrait. Comme il s\u2019est abstenu         de prononcer la d\u00e9cision d\u2019arr\u00eat des poursuites et a renvoy\u00e9 le prononc\u00e9         de sa d\u00e9cision au 30, alors que la loi ne laisse, dans le cas d\u2019esp\u00e8ce,         aucune marge \u00e0 l\u2019interpr\u00e9tation, s\u2019agissant de diffamation de         particulier, l\u2019action publique devant cesser imm\u00e9diatement.         \u00a0         Rappelons que ce proc\u00e8s qui n\u2019aurait jamais d\u00fb avoir lieu, si la justice         tunisienne \u00e9tait ind\u00e9pendante, s\u2019\u00e9tait ouvert devant une cour p\u00e9nale         estivale (durant la p\u00e9riode de vacance des tribunaux) qui traite des         affaires ayant un caract\u00e8re d\u2019urgence. Le parquet avait d\u00e9cid\u00e9 les         poursuites en violation de toutes les r\u00e8gles de droit. Les fait         incrimin\u00e9s \u00e9taient prescrits (la poursuite a \u00e9t\u00e9 engag\u00e9e 8 mois apr\u00e8s la         publication de l\u2018article, alors qu\u2019il y a prescription apr\u00e8s 3 mois), la         territorialit\u00e9 du d\u00e9lit n\u2019\u00e9tait pas \u00e9tablie (le site en question est         h\u00e9berg\u00e9 en France), et\u00a0 la diffusion qui donne corps au d\u00e9lit n\u2019a pas pu         avoir lieu, puisque le site est inaccessible en Tunisie (fait partie de         la black list de l\u2019ATI). En outre, le parquet n\u2019a cherch\u00e9 \u00e0 aucun moment         \u00e0 v\u00e9rifier la v\u00e9racit\u00e9 du fait difamatoire, pourtant disponible (Les         condamnations pour faux et escroquerie figurent dans le dossier)         \u00a0         L\u2019audience du 16 avait tourn\u00e9 \u00e0 la mascarade; Au terme de 8 heures         d\u2019attente, l\u2019audience s\u2019est ouverte par un conflit de la partie civile:         l\u2019un des avocats du plaignant avait pr\u00e9sent\u00e9 un rapport o\u00f9 il pr\u00e9sente         ses demandes et le deuxi\u00e8me avocat du plaignant encha\u00eene en demandant le         report pour pr\u00e9senter ses demandes en tant que partie civile, entrant en         conflit avec son confr\u00e8re.         Contre toute attente, le juge Hammami a pris une d\u00e9cision         antijudiciaire\u00a0 en d\u00e9cidant le report de l\u2019audience au 28 ao\u00fbt pour la         pr\u00e9sentation des demandes de la partie civile, alors que le plaignant         avait d\u00e9j\u00e0 soumis ses demandes dans la m\u00eame audience, violant le         principe de l\u2019unicit\u00e9 de la d\u00e9fense, comme s\u2019il s\u2019agissait de deux         affaires diff\u00e9rentes, d\u00e9couvrant ainsi son absence de neutralit\u00e9.         La d\u00e9fense de Omar Mestiri avait protest\u00e9 contre ce dysfonctionnement et         d\u00e9montr\u00e9 que l\u2019affaire devait \u00eatre plaid\u00e9e, puisqu\u2019elle a d\u00e9j\u00e0 \u00e9t\u00e9         report\u00e9e le 2 ao\u00fbt \u00e0 la demande de la m\u00eame partie pour le m\u00eame objet et         qu\u2019elle avait pr\u00e9par\u00e9 ses moyens et disposait des preuves \u00e9tablissant la         v\u00e9racit\u00e9 de ce que le plaignant pr\u00e9tendait \u00eatre un fait diffamatoire.         \u00a0         Conscient de la faiblesse de sa position, le 2e avocat de la partie         civile, s\u2019\u00e9tait livr\u00e9 \u00e0 une lamentable provocation. A la sortie de la         salle d\u2019audience, il s\u2019\u00e9tait mis \u00e0 insulter et frapper les repr\u00e9sentants         de la soci\u00e9t\u00e9 civile ainsi que les avocats de la d\u00e9fense (Raouf Ayadi,         Khelil Ezzaouia, Abderrazak Kilani, Om Zied, Omar Mestiri\u2026) devant une         quarante de policiers en civil et en uniforme qui ont refus\u00e9 de dresser         un PV et form\u00e9 une ceinture autour de \u00ab l\u2019avocat barbouze \u00bb en vue de le         prot\u00e9ger.         Le lendemain, l\u2019agresseur s\u2019est pl\u00e2tr\u00e9 une jambe et un bras et d\u00e9pos\u00e9         une plainte contre ceux l\u00e0 m\u00eame qu\u2019il avait agress\u00e9s la veille! Il est \u00e0         craindre que le 2e feuilleton de cette affaire ne porte plus sur un         d\u00e9lit de presse, mais sur un d\u00e9lit de droit commun (coups et blessures)         \u00a0         Les harc\u00e8lements contre Omar Mestiri ne se sont pas arr\u00eat\u00e9s pour autant;         L\u2019administration des imp\u00f4ts vient de le gratifier d\u2019un \u00ab\u00a0redressement         fiscal\u00a0\u00bb de 34 milles dinars (27.000 USD), couvrant une p\u00e9riode o\u00f9 il         r\u00e9side \u00e0 l\u2019\u00e9tranger et o\u00f9 il n\u2019avait pas de revenus en Tunisie!         Par ailleurs, alors qu\u2019il prenait un vol pour l\u2019Allemagne le 4         septembre, il a \u00e9t\u00e9 soumis \u00e0 une fouille minutieuse et ses documents         personnels ont \u00e9t\u00e9 confisqu\u00e9s.         \u00a0         Le CNLT         \u00a0         \u00b7\u00a0\u00a0\u00a0\u00a0\u00a0\u00a0\u00a0 S\u2019inqui\u00e8te de ces dysfonctionnements de la justice qui r\u00e9v\u00e8lent         encore une fois la soumission de l\u2019institution judiciaire \u00e0 l\u2019ex\u00e9cutif.         Et rappelle qu\u2019il ne peut y avoir d\u2019Etat de droit sans une justice         ind\u00e9pendante.         \u00b7\u00a0\u00a0\u00a0\u00a0\u00a0\u00a0\u00a0 Exige l\u2019arr\u00eat des harc\u00e8lements contre Omar Mestiri ainsi que         tous les d\u00e9fenseurs         \u00b7\u00a0\u00a0\u00a0\u00a0\u00a0\u00a0\u00a0 Salue l\u2019\u00e9lan de solidarit\u00e9 manifest\u00e9 par l\u2019ensemble de la\u00a0         soci\u00e9t\u00e9 civile tunisienne avec son ancien secr\u00e9taire g\u00e9n\u00e9ral ; ainsi que         les ONG internationales qui se sont mobilis\u00e9es \u00e0 ses c\u00f4t\u00e9s pour d\u00e9fendre         la libert\u00e9 d\u2018expression en Tunisie (IFEX, FIJ, RSF, Frontlinedefenders,         FIDH, OMCT, WPFC, CPJ, Hrinfo, WGFENA) ainsi que les observateurs qui se         sont d\u00e9plac\u00e9s en plein mois d\u2019ao\u00fbt \u00e0 Tunis et notamment, Me Houcine         Zahouane, pr\u00e9sident de la LADDH, Aziz Atiki de l\u2019OMDH, Hajer Smouni de         RSF, Ulrich Remmel de la FIJ et Houcine Bardi du REMDH ainsi que les         avocats \u00e9gyptiens \u00e0 qui les autorit\u00e9s tunisiennes ont refus\u00e9 le visa.         \u00a0         \u00a0         Pour le Conseil         La porte parole         <font><strong>Sihem Bensedrine<\/strong><\/font><\/div>\n<p> <\/font> <\/div>\n<div align=\"justify\" dir=\"ltr\">      \u00a0<\/div>\n<div align=\"justify\" dir=\"ltr\">\n<hr\/><\/div>\n<div align=\"center\" dir=\"ltr\"> <font size=\"2\"><\/p>\n<h2 style=\"color: red;\"><font size=\"3\"><strong>Radhia Nasraoui: \u00ab Tous ceux qui sont arr\u00eat\u00e9s passent par la torture \u00bb<\/strong><\/font><\/h2>\n<p><\/font><\/div>\n<div align=\"justify\" dir=\"ltr\">      \u00a0<\/div>\n<div align=\"justify\" dir=\"ltr\"> <font>par Anthony Lesme<\/font>       \u00a0       Rhadia Nasraoui, avocate depuis 32 ans \u00e0 Tunis, milite activement depuis       2003 contre la g\u00e9n\u00e9ralisation de la torture en Tunisie. De passage \u00e0       Paris, Bakchich est all\u00e9 \u00e0 sa rencontre. Compte-rendu.       \u00a0       \u00ab La situation n\u2019arr\u00eate pas d\u2019empirer depuis que Ben Ali est au pouvoir \u00bb.       En 2003, le sentiment d\u2019impunit\u00e9 est tel que Rhadia Nasraoui fonde, avec       une poign\u00e9e d\u2019amis, l\u2019Association de Lutte contre la Torture (ALT). Leur       but : d\u00e9noncer, encourager les plaintes, apporter de l\u2019aide m\u00e9dicale et       judiciaire. \u00ab Depuis quatre ans, des centaines de victimes ont \u00e9t\u00e9       r\u00e9pertori\u00e9es \u00bb. La torture est devenue \u00ab syst\u00e9matique \u00bb, rapporte Mme       Nasraoui. \u00ab Tous ceux qui sont arr\u00eat\u00e9s, pour des proc\u00e9dures de droit       commun ou pour des raisons politiques, passent par la torture. \u00bb        \u00a0       Plus grave encore, elle d\u00e9nonce la mort de nombreuses personnes suite \u00e0       l\u2019acharnement des forces de l\u2019ordre ou des gardes de prison. La justice       accompagne les violences, muettes ou presque\u2026 Derni\u00e8rement, un prisonnier       surpris en \u00e9tat d\u2019\u00e9bri\u00e9t\u00e9 a \u00e9t\u00e9 tabass\u00e9 \u00e0 mort. Mme Nasraoui pr\u00e9cise \u00ab les       gardes disaient vouloir jouer au foot avec sa t\u00eate \u00bb. La justice les a       toutefois condamn\u00e9s \u00e0 cinq mois de prison\u2026 avec sursis.       \u00a0       Justice incomp\u00e9tente, partis politiques musel\u00e9s, syndicats \u00e9touff\u00e9s, la       gr\u00e8ve de la faim s\u2019impose alors comme \u00ab ultime solution \u00bb. Rhadia Nasraoui       l\u2019a pratiqu\u00e9 elle-m\u00eame par deux fois. \u00ab Mais aujourd\u2019hui, dit-elle, les       injustices sont telles que tout le monde en use. \u00bb \u00c9tudiants,       syndicalistes, chefs de partis, avocats, prisonniers, tous protestent par       la gr\u00e8ve de la faim. De temps \u00e0 autre, ces gr\u00e8ves ont un \u00e9cho       international. L\u2019affaire Mohammed Abbou l\u2019a illustr\u00e9.        \u00a0       La condamnation \u00e0 trois ans et demi de prison de cet avocat et militant       des droits de l\u2019Homme a mobilis\u00e9 les avocats de Tunis. Ils ont occup\u00e9 le       barreau de la ville pendant plus de 52 jours, pratiquant le \u00ab sitting \u00bb et       l\u2019in\u00e9vitable gr\u00e8ve de la faim. Est-ce notre Sarkozy national qui a sauv\u00e9       Ma\u00eetre Abbou des ge\u00f4les tunisiennes ? \u00ab C\u2019est vrai qu\u2019il a demand\u00e9 sa       lib\u00e9ration, affirme Khadia nasraoui, mais de l\u00e0 \u00e0 dire que c\u2019est gr\u00e2ce \u00e0       lui\u2026 Ce serait plut\u00f4t toutes les associations internationales et       tunisiennes des droits de l\u2019Homme qui ont eu gain de cause \u00bb. Elle ajoute       : \u00ab Mohammed Abbou, en se cousant lui-m\u00eame la bouche (au sens propre du       terme), a aussi provoqu\u00e9 et sensibilis\u00e9 l\u2019opinion. \u00bb       \u00a0       En ardente d\u00e9mocrate, elle se bat avec rage pour la libert\u00e9 d\u2019expression,       de r\u00e9union et pour le respect des valeurs des droits de l\u2019Homme ; elle       n\u2019oublie pas non plus que la menace islamiste plane au dessus de la       Tunisie. Le 18 octobre dernier, de nombreux partis d\u2019opposition s\u2019\u00e9taient       r\u00e9unis dont ceux de la mouvance islamiste. Il est hors de question pour       Mme Nasraoui de revenir sur certains acquis. L\u2019\u00e9galit\u00e9 des femmes et la       libert\u00e9 de culte sont non n\u00e9gociables.        \u00a0       Elle constate la multiplication des voiles et la perm\u00e9abilit\u00e9 des discours       religieux dans la soci\u00e9t\u00e9. \u00c0 qui la faute ? En premier lieu, \u00e0 la       politique s\u00e9curitaire de Ben Ali. \u00ab En enfermant tous les contestataires       en prison, il a permis l\u2019\u00e9closion de mouvements plus radicaux dont       certains jeunes, gagn\u00e9s par la fi\u00e8vre islamiste, et qui rejoignent les       montagnes dans la r\u00e9gion de Slim\u00e8ne \u00bb. \u00c0 un degr\u00e9 moindre, elle critique       les m\u00e9dias fran\u00e7ais et surtout les journaux t\u00e9l\u00e9vis\u00e9s. \u00ab Trop occup\u00e9s par       des faits divers qu\u2019ils d\u00e9veloppent avec abondance, ils ne parlent plus de       nous et de ce qu\u2019ils nous arrivent. Avant, tout le monde regardait France       2, France 3, d\u00e9sormais les Tunisiens regardent surtout les cha\u00eenes       officielles ou religieuses comme l\u2019Ikra \u00bb. Cons\u00e9quence, les gens       s\u2019abrutissent devant des \u00ab pr\u00eacheurs qui menacent d\u2019enfer celles qui ne       mettent pas le voile. \u00bb       \u00a0       <font><strong>(Source : \u00ab Bakcich.info \u00bb, le 4 septembre       2007)<\/strong><\/font> <font>Lien :      <a href=\"http:\/\/www.bakchich.info\/article1538.html\" target=\"_blank\" rel=\"noopener\">      http:\/\/www.bakchich.info\/article1538.html<\/a><\/font> \u00a0<font><\/p>\n<hr\/>\n<p><\/font> <\/div>\n<div align=\"justify\" dir=\"ltr\"> <font> <\/p>\n<p align=\"center\"> <b> <span lang=\"FR\">      F\u00e9d\u00e9ration des Tunisiens pour une Citoyennet\u00e9 des deux Rives (FTCR)<\/span><\/b><\/p>\n<p align=\"center\"> <span lang=\"FR\">      3, rue de Nantes 75019 \u2013 Paris<\/span><\/p>\n<p align=\"center\"> <span lang=\"FR\">      t\u00e9l\u00a0: 01 46 07 54 04 \u2013 fax\u00a0: 01 40 34 18 15<\/span><span lang=\"FR\"><font>\u00a0      <\/font><span>e-mail\u00a0: <\/span><u> <span> <a href=\"mailto:ftcr2@wanadoo.fr\" onclick=\"return top.js.OpenExtLink(window,event,this)\" target=\"_blank\" title=\"blocked::mailto:ftcr2@wanadoo.fr\" rel=\"noopener\">      ftcr2@wanadoo.fr<\/a><\/span><\/u><\/span><\/p>\n<p align=\"center\">      \u00a0<\/p>\n<p align=\"center\"> <font size=\"3\"><b>D\u00e9claration de la FTCR lors du Rassemblement du 7       septembre devant l&rsquo;ambassade d&rsquo;Italie \u00e0 Paris<\/b><\/font><\/p>\n<p align=\"center\"> <font size=\"3\"><b>\u00a0<\/b><\/font><\/p>\n<p align=\"center\"> <font><b> <span lang=\"FR\">Solidarit\u00e9       avec les sept d\u2019Agrigente<\/span><\/b><\/font><\/p>\n<p align=\"center\"> <font><b> <span lang=\"FR\">\u00a0<\/span><\/b><\/font><\/p>\n<p> <span lang=\"FR\"> <font>Nous sommes rassembl\u00e9s pour soutenir les 7 p\u00eacheurs       tunisiens incarc\u00e9r\u00e9s \u00e0 Agrigente en Sicile pour avoir secourus 44       sans-papiers en mer<\/font><span>.<\/span><\/span><\/p>\n<p> <span lang=\"FR\"> <font>Rappelons d\u2019abord les faits\u00a0:<\/font><\/span><\/p>\n<p> <span lang=\"FR\"> <script><!--D([\"mb\",\"Le mercredi 8 ao\u00fbt 2007 une petite flotte de\\np\u00eache tunisienne (les bateaux Fakhreddine, Mortadha et Mohammed el-Hedi),\\nappareillant \u00e0 pr\u00e9s de douze milles marins de l\u2019\u00eele italienne de\\nLampedusa aper\u00e7oit une embarcation gonflable (un zodiac) en difficult\u00e9. Au bord\\nde celle-ci se trouvent quarante-quatre personnes dont onze femmes (deux\\nenceintes) ainsi que deux enfants. Parmi les naufrag\u00e9s \u00e0 la d\u00e9rive, plusieurs\\nsont dans un \u00e9tat de sant\u00e9 grave. Un v\u00e9ritable radeau de la M\u00e9duse. \\u003cb\\>Les\\np\u00e9cheurs s\u2019empressent alors d\u2019aviser les autorit\u00e9s tunisiennes et\\nitaliennes et portent heurs secours aux naufrag\u00e9s\\u003c\/b\\>, les embarquent et se\\ndirigent vers le port s\u00fbr le plus proche, comme le pr\u00e9voient la l\u00e9gislation et\\nles usages maritimes. \\u003c\/span\\>\\u003c\/p\\>\\n\\n\\u003cp style\\u003d\\\"text-align:justify\\\"\\>\\u003cspan style\\u003d\\\"font-size:12.0pt\\\"\\>Une fois au port de Lampedusa, des\\nh\u00e9licopt\u00e8res-ambulances prennent en charge certains naufrag\u00e9s dont l\u2019\u00e9tat\\nest particuli\u00e8rement s\u00e9rieux et les transf\u00e8rent \u00e0 l\u2019h\u00f4pital de Palerme.\\nLes sept p\u00e9cheurs tunisiens qui les ont secourus et accompagn\u00e9s sont, eux,\\narr\u00eat\u00e9s et mis en d\u00e9tention et deux des bateaux \u00e0 bords desquels ils\\ntravaillent (Mortadha et Mohammed el-Hedi) sont s\u00e9questr\u00e9s par les autorit\u00e9s\\nitaliennes. \\u003c\/span\\>\\u003c\/p\\>\\n\\n\\u003cp style\\u003d\\\"text-align:justify\\\"\\>\\u003cspan style\\u003d\\\"font-size:12.0pt\\\"\\>Ils comparaissent le mercredi 22 ao\u00fbt au\\ntribunal d\u2019Agrigente pour des chefs d\u2019inculpation passibles de\\npeines allant jusqu\u2019\u00e0 quinze ans de prison, dont le d\u00e9lit de \u00ab\\nfavorisation de l\u2019immigration clandestine \u00bb.\\u003c\/span\\>\\u003c\/p\\>\\n\\n\\u003cp style\\u003d\\\"text-align:justify\\\"\\>\\u003cspan style\\u003d\\\"font-size:12.0pt\\\"\\>Samedi 1er septembre, le Tribunal\\nd\u2019Agrigente (Sicile, Italie) rejette la demande de lib\u00e9ration provisoire\\nou d\u2019assignation \u00e0 r\u00e9sidence des p\u00eacheurs introduite par leurs d\u00e9fenseurs\\n(Me Leonardo Marino et Me Giacomo La Russa) qualifi\u00e9s de \u00ab h\u00e9ros \u00bb par le\\nd\u00e9put\u00e9 europ\u00e9en Giusto Catania qui leur a rendu visite en prison. \\u003c\/span\\>\\u003c\/p\\>\\n\\n\\u003cp style\\u003d\\\"text-align:justify\\\"\\>\\u003cb\\>\\u003cspan style\\u003d\\\"font-size:12.0pt\\\"\\>Depuis, un tr\u00e8s grand nombre de t\u00e9moignages\\nainsi que maints \u00e9l\u00e9ments de reconstitution des faits ont confirm\u00e9 qu\u2019ils\\nn\u2019ont fait que porter secours \u00e0 des femmes et des hommes en danger de\\nmort,\",1]);\/\/-->      <\/script> <font>Le mercredi 8 ao\u00fbt 2007 une petite flotte de p\u00eache       tunisienne (les bateaux Fakhreddine, Mortadha et Mohammed el-Hedi),       appareillant \u00e0 pr\u00e9s de douze milles marins de l\u2019\u00eele italienne de Lampedusa       aper\u00e7oit une embarcation gonflable (un zodiac) en difficult\u00e9. Au bord de       celle-ci se trouvent quarante-quatre personnes dont onze femmes (deux       enceintes) ainsi que deux enfants. Parmi les naufrag\u00e9s \u00e0 la d\u00e9rive,       plusieurs sont dans un \u00e9tat de sant\u00e9 grave. Un v\u00e9ritable radeau de la       M\u00e9duse. <b>Les p\u00e9cheurs s\u2019empressent alors d\u2019aviser les autorit\u00e9s       tunisiennes et italiennes et portent heurs secours aux naufrag\u00e9s<\/b>, les       embarquent et se dirigent vers le port s\u00fbr le plus proche, comme le       pr\u00e9voient la l\u00e9gislation et les usages maritimes. <\/font><\/span><\/p>\n<p> <span lang=\"FR\"> <font>Une fois au port de Lampedusa, des       h\u00e9licopt\u00e8res-ambulances prennent en charge certains naufrag\u00e9s dont l\u2019\u00e9tat       est particuli\u00e8rement s\u00e9rieux et les transf\u00e8rent \u00e0 l\u2019h\u00f4pital de Palerme.       Les sept p\u00e9cheurs tunisiens qui les ont secourus et accompagn\u00e9s sont, eux,       arr\u00eat\u00e9s et mis en d\u00e9tention et deux des bateaux \u00e0 bords desquels ils       travaillent (Mortadha et Mohammed el-Hedi) sont s\u00e9questr\u00e9s par les       autorit\u00e9s italiennes. <\/font><\/span><\/p>\n<p> <span lang=\"FR\"> <font>Ils comparaissent le mercredi 22 ao\u00fbt au tribunal       d\u2019Agrigente pour des chefs d\u2019inculpation passibles de peines allant       jusqu\u2019\u00e0 quinze ans de prison, dont le d\u00e9lit de \u00ab favorisation de       l\u2019immigration clandestine \u00bb.<\/font><\/span><\/p>\n<p> <span lang=\"FR\"> <font>Samedi 1er septembre, le Tribunal d\u2019Agrigente       (Sicile, Italie) rejette la demande de lib\u00e9ration provisoire ou       d\u2019assignation \u00e0 r\u00e9sidence des p\u00eacheurs introduite par leurs d\u00e9fenseurs (Me       Leonardo Marino et Me Giacomo La Russa) qualifi\u00e9s de \u00ab h\u00e9ros \u00bb par le       d\u00e9put\u00e9 europ\u00e9en Giusto Catania qui leur a rendu visite en prison. <\/font> <\/span><\/p>\n<p> <font><b> <span lang=\"FR\">Depuis, un       tr\u00e8s grand nombre de t\u00e9moignages ainsi que maints \u00e9l\u00e9ments de       reconstitution des faits ont confirm\u00e9 qu\u2019ils n\u2019ont fait que porter secours       \u00e0 des femmes et des hommes en danger de mort,      <script><!--D([\"mb\",\"\\u003c\/span\\>\\u003c\/b\\>\\u003cspan style\\u003d\\\"font-size:12.0pt\\\"\\>\\net qu\u2019ils les ont d\u00e9barqu\u00e9 en liaison avec les autorit\u00e9s maritimes\\nitaliennes\\u003c\/span\\>\\u003c\/p\\>\\n\\n\\u003cp style\\u003d\\\"text-align:justify\\\"\\>\\u003cspan style\\u003d\\\"font-size:12.0pt\\\"\\>Malgr\u00e9 cela, et malgr\u00e9 les garanties de\\nrepr\u00e9sentation fournies, y compris \u00e0 travers un engagement officiel de\\nl\u2019ambassade de Tunisie, le coll\u00e8ge pr\u00e9sid\u00e9 par le juge Mme Antonia\\nSabbatino a estim\u00e9 n\u00e9cessaire de maintenir les \u00ab sept d\u2019Agrigente \u00bb en\\nd\u00e9tention. \\u003c\/span\\>\\u003c\/p\\>\\n\\n\\u003cp style\\u003d\\\"text-align:justify\\\"\\>\\u003cspan style\\u003d\\\"font-size:12.0pt\\\"\\>Par ailleurs, le tribunal en cong\u00e9\\njusqu\u2019\u00e0 la mi-septembre, a report\u00e9 la poursuite des audiences au 20\\nseptembre prochain et n\u2019a pas cru bon d\u2019examiner avant ce cong\u00e9 la\\ndemande de requalification des d\u00e9lits\\u003c\/span\\>\\u003c\/p\\>\\n\\n\\u003cp style\\u003d\\\"text-align:justify\\\"\\>\\u003cspan style\\u003d\\\"font-size:12.0pt\\\"\\>Nous consid\u00e9rons que cet \u00e9pisode est une\\nillustration d\u2019une politique syst\u00e9matique de l\u2019Union Europ\u00e9enne\\nconsistant \u00e0 rendre plus difficile et plus dangereuse la mobilit\u00e9 aux abords de\\nson territoire par la mise en place de dispositifs s\u00e9curitaires policiers et\\nmilitaires extr\u00eamement co\u00fbteux, par une entreprise m\u00e9thodique de contournement\\ndes l\u00e9gislations garantissant les droits des personnes et par la multiplication\\ndes infractions de fait \u00e0 ces lois et conventions.\\u003c\/span\\>\\u003c\/p\\>\\n\\n\\u003cp style\\u003d\\\"text-align:justify\\\"\\>\\u003cspan style\\u003d\\\"font-size:12.0pt\\\"\\>l\u2019UE tente ainsi de dissuader\\nl\u2019arriv\u00e9e de migrants et de r\u00e9fugi\u00e9s sur son territoire. Cette politique\\nde dissuasion de l\u2019immigration par la restriction de l\u2019acc\u00e8s aux\\ndroits fondamentaux se r\u00e9v\u00e8le\u00a0 tous les jours inefficace et\\ncontre-productive au regard m\u00eame de ses objectifs d\u00e9clar\u00e9s. \\u003c\/span\\>\\u003c\/p\\>\\n\\n\\u003cp style\\u003d\\\"text-align:justify\\\"\\>\\u003cspan style\\u003d\\\"font-size:12.0pt\\\"\\>Les drames r\u00e9p\u00e9titifs que nous avons tous en\\nm\u00e9moire sont le r\u00e9sultat de la mise en danger d\u00e9lib\u00e9r\u00e9e de populations\\nparticuli\u00e8rement vuln\u00e9rables qui a caus\u00e9 la mort de milliers d\u2019hommes, de\\nfemmes et d\u2019enfants.\\u003c\/span\\>\\u003c\/p\\>\\n\\n\\u003cp style\\u003d\\\"text-align:justify\\\"\\>\\u003cspan style\\u003d\\\"font-size:12.0pt\\\"\\>L\u2019arrestation et les poursuites\\ninflig\u00e9es \u00e0 des p\u00eacheurs dont le seul tort a \u00e9t\u00e9 de secourir des personnes en\\ndanger de mort sont un nouvel \u00e9pisode, un pas de plus dans les graves\\n\u00a0d\u00e9rives des politiques des Etats de l\u2019Union Europ\u00e9enne, mais aussi\\nde celles des Etats de provenance des migrants et r\u00e9fugi\u00e9s concern\u00e9s, notamment\\nles Etats du Maghreb.\",1]);\/\/-->      <\/script> <\/span><\/b><span lang=\"FR\">et       qu\u2019ils les ont d\u00e9barqu\u00e9 en liaison avec les autorit\u00e9s maritimes italiennes<\/span><\/font><\/p>\n<p> <span lang=\"FR\"> <font>Malgr\u00e9 cela, et malgr\u00e9 les garanties de       repr\u00e9sentation fournies, y compris \u00e0 travers un engagement officiel de       l\u2019ambassade de Tunisie, le coll\u00e8ge pr\u00e9sid\u00e9 par le juge Mme Antonia       Sabbatino a estim\u00e9 n\u00e9cessaire de maintenir les \u00ab sept d\u2019Agrigente \u00bb en       d\u00e9tention. <\/font><\/span><\/p>\n<p> <span lang=\"FR\"> <font>Par ailleurs, le tribunal en cong\u00e9 jusqu\u2019\u00e0 la       mi-septembre, a report\u00e9 la poursuite des audiences au 20 septembre       prochain et n\u2019a pas cru bon d\u2019examiner avant ce cong\u00e9 la demande de       requalification des d\u00e9lits<\/font><\/span><\/p>\n<p> <span lang=\"FR\"> <font>Nous consid\u00e9rons que cet \u00e9pisode est une       illustration d\u2019une politique syst\u00e9matique de l\u2019Union Europ\u00e9enne consistant       \u00e0 rendre plus difficile et plus dangereuse la mobilit\u00e9 aux abords de son       territoire par la mise en place de dispositifs s\u00e9curitaires policiers et       militaires extr\u00eamement co\u00fbteux, par une entreprise m\u00e9thodique de       contournement des l\u00e9gislations garantissant les droits des personnes et       par la multiplication des infractions de fait \u00e0 ces lois et conventions.<\/font><\/span><\/p>\n<p> <span lang=\"FR\"> <font>l\u2019UE tente ainsi de dissuader l\u2019arriv\u00e9e de migrants       et de r\u00e9fugi\u00e9s sur son territoire. Cette politique de dissuasion de       l\u2019immigration par la restriction de l\u2019acc\u00e8s aux droits fondamentaux se       r\u00e9v\u00e8le\u00a0 tous les jours inefficace et contre-productive au regard m\u00eame de       ses objectifs d\u00e9clar\u00e9s. <\/font><\/span><\/p>\n<p> <span lang=\"FR\"> <font>Les drames r\u00e9p\u00e9titifs que nous avons tous en m\u00e9moire       sont le r\u00e9sultat de la mise en danger d\u00e9lib\u00e9r\u00e9e de populations       particuli\u00e8rement vuln\u00e9rables qui a caus\u00e9 la mort de milliers d\u2019hommes, de       femmes et d\u2019enfants.<\/font><\/span><\/p>\n<p> <span lang=\"FR\"> <font>L\u2019arrestation et les poursuites inflig\u00e9es \u00e0 des       p\u00eacheurs dont le seul tort a \u00e9t\u00e9 de secourir des personnes en danger de       mort sont un nouvel \u00e9pisode, un pas de plus dans les graves \u00a0d\u00e9rives des       politiques des Etats de l\u2019Union Europ\u00e9enne, mais aussi de celles des Etats       de provenance des migrants et r\u00e9fugi\u00e9s concern\u00e9s, notamment les Etats du       Maghreb.      <script><!--D([\"mb\",\"\\u003c\/span\\>\\u003c\/p\\>\\n\\n\\u003cp style\\u003d\\\"text-align:justify\\\"\\>\\u003cspan style\\u003d\\\"font-size:12.0pt\\\"\\>Les sept p\u00eacheurs sont les boucs \u00e9missaires\\nde cet aveuglement. \\u003c\/span\\>\\u003c\/p\\>\\n\\n\\u003cp style\\u003d\\\"text-align:justify\\\"\\>\\u003cspan style\\u003d\\\"font-size:12.0pt\\\"\\>Manifestement, l\u2019UE et l\u2019Italie\\nveulent faire un exemple au m\u00e9pris du droit et de la morale la plus\\n\u00e9l\u00e9mentaire.\\u003c\/span\\>\\u003c\/p\\>\\n\\n\\u003cp style\\u003d\\\"text-align:justify\\\"\\>\\u003cspan style\\u003d\\\"font-size:12.0pt\\\"\\>Alors que l\u2019Etat tunisien\\ns\u2019illustre encore une fois par la timidit\u00e9 de sa r\u00e9action pour d\u00e9fendre\\nses citoyens\u00a0;.elle reste par l\u00e0, comme l\u2019ensemble des gouvernement\\ndes \u00e9tats du maghreb, en coh\u00e9rence avec sa \\u003cb\\>politique de collaboration active\\navec les politiques de contr\u00f4le des fronti\u00e8res ext\u00e9rieures de l\u2019Europe\\u003c\/b\\>.\\nCette collaboration consiste en ce qui est assimilable \u00e0 de la \\u003cb\\>sous-traitance\\ndes t\u00e2ches de r\u00e9pression de l\u2019immigration hors des cadres l\u00e9gislatifs de\\nprotection des droits des personnes.\\u003c\/b\\>\\u003c\/span\\>\\u003c\/p\\>\\n\\n\\u003cp style\\u003d\\\"text-align:justify\\\"\\>\\u003cspan style\\u003d\\\"font-size:12.0pt\\\"\\>Alors que le Parlement europ\u00e9ens regarde\\nmalgr\u00e9 la r\u00e9action courageuse de quelques dizaines de d\u00e9put\u00e9s\u00a0; \\u003c\/span\\>\\u003c\/p\\>\\n\\n\\u003cp style\\u003d\\\"text-align:justify\\\"\\>\\u003cspan style\\u003d\\\"font-size:12.0pt\\\"\\>Par ce rassemblement, \\u003cb\\>nous entendons, nous\\naussi faire un exemple\u00a0: l\u2019exemple de la solidarit\u00e9, d\u2019une\\nsolidarit\u00e9 qui va au del\u00e0 des cadres nationaux et se veut consciente des drames\\nqui d\u00e9roulent ici, en mer, en Europe ou dans l\u2019Afrique de toutes les\\nmis\u00e8res. \\u003c\/b\\>\\u003c\/span\\>\\u003c\/p\\>\\n\\n\\u003cp style\\u003d\\\"text-align:justify\\\"\\>\\u003cspan style\\u003d\\\"font-size:12.0pt\\\"\\>Dans l\u2019imm\u00e9diat, NOUS DEMANDONS :\\u003c\/span\\>\\u003c\/p\\>\\n\\n\\u003cp style\\u003d\\\"margin-top:6.0pt;text-align:justify\\\"\\>\\u003cspan style\\u003d\\\"font-size:12.0pt\\\"\\>\u2022 LA LIB\u00c9RATION\\nIMM\u00c9DIATE DES 7 P\u00caCHEURS TUNISIENS d\u00e9tenus depuis le 8 ao\u00fbt. \\u003c\/span\\>\\u003c\/p\\>\\n\\n\\u003cp style\\u003d\\\"margin-top:6.0pt;text-align:justify\\\"\\>\\u003cspan style\\u003d\\\"font-size:12.0pt\\\"\\>\u2022 LE RESPECT\\nDES CONVENTIONS INTERNATIONALES MARITIMES DE RECHERCHE ET DE SAUVETAGE \\u003c\/span\\>\\u003c\/p\\>\\n\\n\\u003cp style\\u003d\\\"margin-top:6.0pt;text-align:justify\\\"\\>\\u003cspan style\\u003d\\\"font-size:12.0pt\\\"\\>\u2022 LE\\nRENFORCEMENT DES INTERVENTIONS DE SECOURS DES MIGRANTS EN FUITE VERS\\nL\u2019EUROPE ET LA PLEINE RECONNAISSANCE DU DROIT D\u2019ASILE\",1]);\/\/-->      <\/script> <\/font><\/span><\/p>\n<p> <span lang=\"FR\"> <font>Les sept p\u00eacheurs sont les boucs \u00e9missaires de cet       aveuglement. <\/font><\/span><\/p>\n<p> <span lang=\"FR\"> <font>Manifestement, l\u2019UE et l\u2019Italie veulent faire un       exemple au m\u00e9pris du droit et de la morale la plus \u00e9l\u00e9mentaire.<\/font><\/span><\/p>\n<p> <span lang=\"FR\"> <font>Alors que l\u2019Etat tunisien s\u2019illustre encore une fois       par la timidit\u00e9 de sa r\u00e9action pour d\u00e9fendre ses citoyens\u00a0;.elle reste par       l\u00e0, comme l\u2019ensemble des gouvernement des \u00e9tats du maghreb, en coh\u00e9rence       avec sa <b>politique de collaboration active avec les politiques de       contr\u00f4le des fronti\u00e8res ext\u00e9rieures de l\u2019Europe<\/b>. Cette collaboration       consiste en ce qui est assimilable \u00e0 de la <b>sous-traitance des t\u00e2ches de       r\u00e9pression de l\u2019immigration hors des cadres l\u00e9gislatifs de protection des       droits des personnes.<\/b><\/font><\/span><\/p>\n<p> <span lang=\"FR\"> <font>Alors que le Parlement europ\u00e9ens regarde malgr\u00e9 la       r\u00e9action courageuse de quelques dizaines de d\u00e9put\u00e9s\u00a0; <\/font><\/span><\/p>\n<p> <span lang=\"FR\"> <font>Par ce rassemblement, <b>nous entendons, nous aussi       faire un exemple\u00a0: l\u2019exemple de la solidarit\u00e9, d\u2019une solidarit\u00e9 qui va au       del\u00e0 des cadres nationaux et se veut consciente des drames qui d\u00e9roulent       ici, en mer, en Europe ou dans l\u2019Afrique de toutes les mis\u00e8res. <\/b> <\/font><\/span><\/p>\n<p> <span lang=\"FR\"> <font>Dans l\u2019imm\u00e9diat, NOUS DEMANDONS :<\/font><\/span><\/p>\n<p> <span lang=\"FR\"> <font>\u2022 LA LIB\u00c9RATION IMM\u00c9DIATE DES 7 P\u00caCHEURS TUNISIENS       d\u00e9tenus depuis le 8 ao\u00fbt. <\/font><\/span><\/p>\n<p> <span lang=\"FR\"> <font>\u2022 LE RESPECT DES CONVENTIONS INTERNATIONALES       MARITIMES DE RECHERCHE ET DE SAUVETAGE <\/font><\/span><\/p>\n<p> <span lang=\"FR\"> <font>\u2022 LE RENFORCEMENT DES INTERVENTIONS DE SECOURS DES       MIGRANTS EN FUITE VERS L\u2019EUROPE ET LA PLEINE RECONNAISSANCE DU DROIT       D\u2019ASILE      <script><!--D([\"mb\",\"\\u003c\/span\\>\\u003c\/p\\>\\n\\n\\u003cp style\\u003d\\\"margin-top:6.0pt;text-align:justify\\\"\\>\\u003cspan style\\u003d\\\"font-size:12.0pt\\\"\\>\u2022 L&#39;ABOLITION\\nDE LA LOI ITALIENNE SUR L&#39;IMMIGRATION BOSSI-FINI, bas\u00e9e sur la violation des\\ndroits humains et civils, qui cause la clandestinit\u00e9 et l&#39;ill\u00e9galit\u00e9 des\\nmigrants, notamment avec le d\u00e9cret interminist\u00e9riel n\u00b0 14, juillet 2003.\\u003c\/span\\>\\u003c\/p\\>\\n\\n\\u003cp style\\u003d\\\"margin-top:6.0pt;text-align:justify\\\"\\>\\u003cspan style\\u003d\\\"font-size:12.0pt\\\"\\>\u2022 L\u2019ARR\u00caT\\nIMM\u00c9DIAT DES MISSIONS DE FRONTEX, instruments des politiques europ\u00e9ennes de\\nr\u00e9pression et mort contre les migrants.\\u003c\/span\\>\\u003c\/p\\>\\n\\n\\u003cp\\>\\u003cspan\\>\u00a0\\u003c\/span\\>\\u003c\/p\\>\\n\\n\\u003cp\\>\\u003cspan style\\u003d\\\"font-size:11.0pt\\\"\\>\u00a0\\u003c\/span\\>\\u003c\/p\\>\\n\\n\\u003c\/div\\>\\n\\n\\u003c\/div\\>\\n\\n\\n\",0]);D([\"ce\"]);\/\/-->      <\/script> <\/font><\/span><\/p>\n<p> <span lang=\"FR\"> <font>\u2022 L&rsquo;ABOLITION DE LA LOI ITALIENNE SUR L&rsquo;IMMIGRATION       BOSSI-FINI, bas\u00e9e sur la violation des droits humains et civils, qui cause       la clandestinit\u00e9 et l&rsquo;ill\u00e9galit\u00e9 des migrants, notamment avec le d\u00e9cret       interminist\u00e9riel n\u00b0 14, juillet 2003.<\/font><\/span><\/p>\n<p> <span lang=\"FR\"> <font>\u2022 L\u2019ARR\u00caT IMM\u00c9DIAT DES MISSIONS DE FRONTEX,       instruments des politiques europ\u00e9ennes de r\u00e9pression et mort contre les       migrants. <\/font><\/span><\/p>\n<hr\/>\n<p><\/font> <\/p>\n<p>\u00a0<\/p>\n<p align=\"center\"> <span lang=\"SV\"> <font face=\"Times New Roman\">\u00a0<b><span lang=\"FR\">F\u00e9d\u00e9ration       des Tunisiens pour une Citoyennet\u00e9 des deux Rives (FTCR)<\/span><\/b><\/font><\/span><\/p>\n<p align=\"center\"> <span lang=\"FR\">      3, rue de Nantes 75019 \u2013 Paris<\/span><\/p>\n<p align=\"center\"> <span lang=\"FR\">      T\u00e9l.\u00a0: 01 46 07 54 04 \u2013 fax\u00a0: 01 40 34 18 15<\/span><span lang=\"FR\">\u00a0      <span>e-mail\u00a0: <\/span><u><span> <a href=\"mailto:ftcr2@wanadoo.fr\" onclick=\"return top.js.OpenExtLink(window,event,this)\" target=\"_blank\" title=\"blocked::mailto:ftcr2@wanadoo.fr\" rel=\"noopener\">      ftcr2@wanadoo.fr<\/a><\/span><\/u><\/span><\/p>\n<p> <span lang=\"FR\">\u00a0<\/span><\/p>\n<p> <span lang=\"FR\">\u00a0<\/span><\/p>\n<p align=\"center\"> <span lang=\"FR\">Paris le 7       septembre 2007<\/span><\/p>\n<p> <span lang=\"FR\">\u00a0<\/span><\/p>\n<p> <span lang=\"FR\">\u00a0<\/span><\/p>\n<p align=\"center\"> <b><font size=\"3\">Communiqu\u00e9 de la FTCR suite au rassemblement de       solidarit\u00e9 avec les p\u00eacheurs tunisiens devant l\u2019ambassade d\u2019Italie \u00e0 Paris<\/font><\/b><\/p>\n<p> <span lang=\"FR\">\u00a0<\/span><\/p>\n<p> <span lang=\"FR\">A l\u2019appel de       la FTCR et de nombreuses organisations de d\u00e9fense des immigr\u00e9s et des       droits humains, un rassemblement a eu lieu le vendredi 07\/09\/07 devant       l\u2019ambassade d\u2019Italie \u00e0 Paris. Une d\u00e9l\u00e9gation, compos\u00e9e de plusieurs       responsables associatifs, a \u00e9t\u00e9 re\u00e7ue par le premier conseiller social et       le premier conseiller de la presse de l\u2019ambassade italienne.<\/span><\/p>\n<p> <span lang=\"FR\">La d\u00e9l\u00e9gation       a expos\u00e9 les faits du drame de sept p\u00eacheurs tunisiens arr\u00eat\u00e9s et jug\u00e9s       actuellement par le tribunal d\u2019Agrigente en Sicile. Les sept p\u00eacheurs       tunisiens soup\u00e7onn\u00e9s d\u2019\u00eatre des passeurs, n\u2019ont fait que secourir en mer       des hommes, femmes et enfants en danger de mort. <\/span><\/p>\n<p> <span lang=\"FR\">La d\u00e9l\u00e9gation,       apr\u00e8s avoir expos\u00e9 les faits, a demand\u00e9 aux autorit\u00e9s italiennes la       lib\u00e9ration imm\u00e9diate des p\u00eacheurs tunisiens et a remis \u00e9galement une       p\u00e9tition \u00e9manant de l\u2019organisation Migreurop. La p\u00e9tition est sign\u00e9e par       plusieurs associations europ\u00e9ennes et maghr\u00e9bines. <\/span><\/p>\n<p> <span lang=\"FR\">Le       rassemblement devant l\u2019ambassade d\u2019Italie a regroup\u00e9 un nombre important       de responsables et de militants d\u2019associations de d\u00e9fense des immigr\u00e9s,       des syndicats et des organisations des droits de l\u2019homme (voir appel).      <\/span><\/p>\n<p> <span lang=\"FR\">Monsieur       Mokhtar TRIFI, pr\u00e9sident de la LTDH (ligue tunisienne des droits de       l\u2019homme), de passage \u00e0 Paris, a marqu\u00e9 par sa pr\u00e9sence sa solidarit\u00e9 avec       les p\u00eacheurs tunisiens.<\/span><\/p>\n<p> <span lang=\"FR\">Une       d\u00e9claration de la FTCR a \u00e9t\u00e9 lue \u00e0 cette occasion et plusieurs       organisations participantes ont pris la parole pour exprimer leur       solidarit\u00e9 avec les p\u00eacheurs tunisiens. <\/span><\/p>\n<p> <span lang=\"FR\">D\u2019autre part,       plusieurs manifestations de solidarit\u00e9 ont eu lieu le m\u00eame moment en       Europe et en l\u2019occurrence \u00e0 Bruxelles, Hambourg et \u00e0 Agrigente (Sicile) en       Italie.<\/span><\/p>\n<p> <span lang=\"FR\">\u00a0<\/span><\/p>\n<p> <span lang=\"FR\">La FTCR et les       organisations participantes demandent\u00a0:<\/span><\/p>\n<p> <span lang=\"FR\">&#8211;\u00a0\u00a0\u00a0\u00a0\u00a0\u00a0\u00a0\u00a0\u00a0 la       lib\u00e9ration imm\u00e9diate de 7 p\u00eacheurs tunisiens,<\/span><\/p>\n<p> <span lang=\"FR\">&#8211;\u00a0\u00a0\u00a0\u00a0\u00a0\u00a0\u00a0\u00a0\u00a0 le       respect des conventions internationales maritimes de recherche et de       sauvetage,<\/span><\/p>\n<p> <span lang=\"FR\">&#8211;\u00a0\u00a0\u00a0\u00a0\u00a0\u00a0\u00a0\u00a0\u00a0 le       renforcement des interventions de secours des migrants en fuite vers       l\u2019Europe et la pleine reconnaissance du droit d\u2019asile,<\/span><\/p>\n<p> <span lang=\"FR\">\u00a0<\/span><\/p>\n<p> <span lang=\"FR\">Signataires\u00a0:       ACORT, AMF, ATF, ALIF sans papiers, ATMF, ATTAC, CEDETIM, CRLDHT, DCI,       GISTI, IPAM, LDH, FIDH, MRAP, Mouvement pour la paix, RESF, SUD,       Solidarit\u00e9 la\u00efque, Les alternatifs, Union juive Fran\u00e7aise pour la Paix,       CNT r\u00e9gion parisienne, ANAFE, POCT, CRID.<\/span><\/p>\n<\/div>\n<div align=\"justify\" dir=\"ltr\">\n<hr\/><\/div>\n<div align=\"center\" dir=\"ltr\">\n<p><font size=\"3\"><strong><font size=\"2\">POURQUOI ?       <\/font><\/strong><font><strong><font size=\"2\">Un lecteur       Apr\u00e8s avoir lu cet article \u00ab odieux et ingrat \u00bb sur \u00ab La Presse \u00bb, un       lecteur de TUNISNEWS se demande : \u00ab Pourquoi veut-on minimiser l&rsquo;exploit       de Hatem Ghoula \u00bb ??<\/font><\/strong> <\/font><\/font><\/p>\n<\/p><\/div>\n<div align=\"justify\" dir=\"ltr\">      \u00a0<\/div>\n<div align=\"center\" dir=\"ltr\">\n<h2 style=\"color: red;\"><font size=\"3\"><strong>ATHLETISME       <font>Entre Gammoudi et Ghoula<\/font><\/strong><\/font><\/h2>\n<\/div>\n<div align=\"justify\" dir=\"ltr\">      \u00a0<\/div>\n<div align=\"justify\" dir=\"ltr\">      En remportant une m\u00e9daille de\u00a0 bronze \u00e0 Osaka, Hatem Ghoula est enfin       mont\u00e9 sur un podium mondial apr\u00e8s 7 participations au plus haut niveau.       Mais l&rsquo;\u00e9v\u00e9nement n&rsquo;est pas historique\u00a0 pour l&rsquo;athl\u00e9tisme tunisien qui a       d\u00e9j\u00e0 r\u00e9ussi des coupsd&rsquo;\u00e9clat avec Mohamed Ali Chouri (champion du monde       junior de cross en 1981 ) et\u00a0 Safa Aissaoui ( m\u00e9daille d&rsquo;argent\u00a0 aux       mondiaux juniors 2005 sur 3.000 m).       Une m\u00e9daille dans un championnat du monde est la bienvenue mais certains       ont franchi le pas en faisant la liaison avec l\u2019immense champion national       Mohamed Gammoudi, l\u2019homme aux 4 podiums olympiques dans 3 olympiades : une       m\u00e9daille d\u2019or au 5.000 m\u00a0 \u00e0 Mexico, deux m\u00e9dailles d\u2019argent, une sur       10.000 m\u00e8tres \u00e0 Tokyo, en 1964, et une sur 5.000 m \u00e0 Munich, en 1972,       ainsi qu\u2019une m\u00e9daille de bronze sur 10.000 m\u00e8tres \u00e0 Mexico.        \u00a0       Le podium olympique, le top du top       \u00a0       Plus, Gammoudi\u00a0 a ouvert la voie \u00e0 ses illustres successeurs comme les       Marocains Sa\u00efd Aouita et Nawal El-Moutawakil\u00a0 ou aux Alg\u00e9riens Noureddine       Morceli et Hassiba Boulmerka.       \u00a0       Les athl\u00e8tes \u00e9changeront tout l\u2019or du monde et tous les records contre une       m\u00e9daille d\u2019or olympique. Ils sont m\u00eame heureux d\u2019une participation \u00e0 une       finale olympique. Les JO c\u2019est le top du top.\u00a0 L\u2019exemple frappant reste       Hicham El-Guerrouj qui, au terme de\u00a0 tous ses sacrifices et de son       extraordinaire domination sur le demi-fond,\u00a0 est enfin devenu champion       olympique du 1.500 m\u00e8tres en 2004.\u00a0 Il a attendu douze ans apr\u00e8s le drame       d\u2019Atlanta et\u00a0 sa d\u00e9sillusion de Sydney pour enfin r\u00e9aliser son r\u00eave en       glanant la seule couronne qui lui faisait d\u00e9faut.\u00a0\u00a0 Il disait, au       lendemain de son titre,\u00a0 lui\u00a0 l\u2019athl\u00e8te aux 10 couronnes mondiales que \u00a0\u00bb       c\u2019est le plus grand bonheur de sa carri\u00e8re , un moment magique\u00a0\u00bb.\u00a0 Hicham       \u00e9tait un roi sans couronne. Un seul titre &#8211; le plus convoit\u00e9 de tous -, le       titre olympique, se refusait\u00a0 \u00e0 lui apr\u00e8s les finales olympiques perdues       en 1996 et 2000. En gagnant et le 1.500 m et le 5.000 m\u00a0 \u00e0 Ath\u00e8nes il est       devenu roi et est d\u00e9finitivement entr\u00e9 dans le panth\u00e9on des super       champions comme justement Mohamed Gammoudi , Nurmi et bien d\u2019autres       illustres stars.       \u00a0       <font><strong>H. Mzoughi<\/strong><\/font><\/div>\n<div align=\"justify\" dir=\"ltr\">\n<hr\/><\/div>\n<div align=\"center\" dir=\"ltr\">\n<h2 style=\"color: red;\"><font size=\"3\"><strong>Pour qui roule le GSPC?<\/strong><\/font><\/h2>\n<\/div>\n<div align=\"justify\" dir=\"ltr\">      \u00a0<\/div>\n<div align=\"justify\" dir=\"ltr\"> <font>par Kharroubi Habib       <\/font>\u00a0       Quarante-huit heures \u00e0 peine apr\u00e8s l&rsquo;attentat suicide ayant eu pour       th\u00e9\u00e2tre Batna, un autre a \u00e9t\u00e9 perp\u00e9tr\u00e9, samedi matin, dans la ville       c\u00f4ti\u00e8re de Dellys, en Kabylie. La revendication de ces deux nouveaux       crimes ne tardera pas \u00e0 tomber sign\u00e9e El-Qa\u00efda Maghreb.        \u00a0       La question qui est pos\u00e9e n&rsquo;est, par cons\u00e9quent, pas de savoir qui sont       les organisateurs et les ex\u00e9cutants de ces horribles carnages qui       ponctuent l&rsquo;actualit\u00e9 nationale, depuis le 11 avril dernier, effectu\u00e9s       toujours selon le m\u00eame mode op\u00e9ratoire. Elle est celle de s&rsquo;interroger sur       le but recherch\u00e9 \u00e0 travers l&rsquo;horrible moisson de vies humaines que       provoquent ces attentats, de savoir pourquoi le GSPC, apr\u00e8s avoir condamn\u00e9       le recours par l&rsquo;ex-GIA, son rival en pratique de la terreur, aux tueries       aveugles, il s&rsquo;y adonne, \u00e0 son tour, avec la m\u00eame f\u00e9rocit\u00e9.       \u00a0       L&rsquo;explication \u00e0 laquelle s&rsquo;accrochent les autorit\u00e9s consid\u00e9rant que cela       d\u00e9montre \u00abla position de faiblesse\u00bb dans laquelle se retrouve cette       sinistre organisation, nous semble p\u00eacher par simplisme et l&rsquo;exc\u00e8s dans       l&rsquo;optimisme.       \u00a0       Il est vrai que l&rsquo;attentat suicide peut \u00eatre la marque du d\u00e9sespoir, et       l&rsquo;annonce du d\u00e9but de la fin pour une organisation qui n&rsquo;a plus d&rsquo;autres       moyens que cette forme d&rsquo;actions pour manifester son pouvoir de nuisance.       \u00a0       Une autre lecture des op\u00e9rations kamikaze men\u00e9es par le GSPC El-Qa\u00efda       Maghreb s&rsquo;impose \u00e0 nous, toutefois. Elle est que cette organisation aurait       \u00e9t\u00e9 convaincue que le pouvoir en place est, pour de multiples raisons, en       position de faiblesse, et qu&rsquo;il suffirait de quelques actions       spectaculaires par leur impact m\u00e9diatique pour qu&rsquo;il soit totalement       discr\u00e9dit\u00e9 et donc possible \u00e0 renverser.       \u00a0       Le noyau de terroristes irr\u00e9ductibles, regroup\u00e9s dans le GSPC El-Qa\u00efda       Maghreb en est d&rsquo;autant plus convaincu qu&rsquo;il est parfaitement inform\u00e9       qu&rsquo;il y a, \u00e0 l&rsquo;int\u00e9rieur de ce pouvoir, actuellement, une f\u00e9roce lutte       pour la conservation de son exercice ou pour son contr\u00f4le. Il en est       d&rsquo;autant conscient que des membres ne se battent plus pour des convictions       et un projet de soci\u00e9t\u00e9, mais en tant que pr\u00e9dateurs voulant \u00ableur part\u00bb       du butin national, ont cause commune avec cette mafia politico-financi\u00e8re,       d\u00e9cid\u00e9e par int\u00e9r\u00eat \u00e0 s&rsquo;allier avec le diable pour prendre ce pouvoir.       Rien d&rsquo;\u00e9tonnant de ce point de vue que le GSPC soit devenu son ex\u00e9cuteur       des basses oeuvres, qu&rsquo;il entretienne l&rsquo;\u00e9tat d&rsquo;ins\u00e9curit\u00e9 et d\u00e9tourne       ainsi l&rsquo;attention des v\u00e9ritables enjeux qui sont en cause dans la lutte       pour le pouvoir. Comment ne pas \u00e9tablir de lien entre la pouss\u00e9e       terroriste insuffl\u00e9e par le GSPC, la fi\u00e8vre qui a agit\u00e9 le pays par la       propagation des fausses rumeurs ayant circul\u00e9 sur l&rsquo;Etat de sant\u00e9 du       Pr\u00e9sident et celle provoqu\u00e9e par une \u00e9trange et subite hausse des prix des       produits de large consommation. Il y a eu, \u00e0 l&rsquo;\u00e9vidence, convergence       voulue des effets de ces \u00e9v\u00e9nements. Tous ont \u00e9t\u00e9 instrumentalis\u00e9s pour       imposer la conviction que le pouvoir en place est d\u00e9liquescent, sans       capacit\u00e9 de ma\u00eetriser la situation nationale.       \u00a0       Ce pi\u00e8ge ne fonctionnera que si le peuple d\u00e9sesp\u00e8re effectivement des       promesses qui lui ont fait adh\u00e9rer au programme et \u00e0 la politique qui sont       mises en \u0153uvre.       \u00a0       <font><strong>(Source : \u00ab Le Quotidien d\u2019Oran \u00bb (Quotidien       &#8211; Alg\u00e9rie), le 9 septembre 2007)<\/strong><\/font> <font>Lien :      <a href=\"http:\/\/www.lequotidien-oran.com\/?news=505179\" target=\"_blank\" rel=\"noopener\">      http:\/\/www.lequotidien-oran.com\/?news=505179<\/a> <\/p>\n<hr\/>\n<p><\/font> <\/div>\n<div align=\"center\" dir=\"ltr\"> <font><\/p>\n<h2 style=\"color: red;\"><font size=\"3\"><strong>France: le       ministre de la D\u00e9fense d\u00e9fend acc\u00e8s de la Libye au nucl\u00e9aire civil<\/strong><\/font><\/h2>\n<p><\/font><\/div>\n<div align=\"justify\" dir=\"ltr\">      \u00a0<\/div>\n<div align=\"justify\" dir=\"ltr\"> <font>AFP, le 9 septembre 2007 \u00e0 19h59<\/font> <font>DOHA &#8211; Le ministre fran\u00e7ais de la D\u00e9fense Herv\u00e9       Morin a d\u00e9fendu dimanche \u00e0 Doha le principe d&rsquo;un acc\u00e8s de la Libye au       nucl\u00e9aire civil d\u00e8s lors \u00ab\u00a0que le gouvernement libyen respecte tous ses       engagements internationaux li\u00e9s \u00e0 la question du nucl\u00e9aire\u00a0\u00bb.       \u00a0       Tripoli, selon M. Morin, \u00ab\u00a0a renonc\u00e9 explicitement \u00e0 la prolif\u00e9ration, \u00e0       toute politique de r\u00e9alisation d&rsquo;une arme de destruction massive, elle       respecte les contr\u00f4les de l&rsquo;Agence Internationale de l&rsquo;Energie Atomique       (AIEA) et le rapport de cette agence en 2006 rappelle qu&rsquo;elle se pr\u00eate,       sans aucun probl\u00e8me, \u00e0 tous les contr\u00f4les\u00a0\u00bb.       \u00a0       \u00ab\u00a0On ne voit pas pourquoi un pays qui d\u00e9cide de normaliser ses relations       internationales ne pourrait pas acc\u00e9der \u00e0 des sources d&rsquo;\u00e9nergie       nouvelles\u00a0\u00bb, a-t-il encha\u00een\u00e9 lors d&rsquo;un point de presse, au terme d&rsquo;une       visite de quelques heures au Qatar.       \u00a0       M. Morin \u00e9tait interrog\u00e9 sur le m\u00e9morandum sign\u00e9 par la France et la Libye       pour la construction d&rsquo;un r\u00e9acteur nucl\u00e9aire destin\u00e9 \u00e0 la d\u00e9salinisation       de l&rsquo;eau de mer.       \u00a0       En juillet dernier, lors d&rsquo;une visite du pr\u00e9sident fran\u00e7ais Nicolas       Sarkozy \u00e0 Tripoli, la France et la Libye ont conclu un accord sur le       nucl\u00e9aire civil, qui pr\u00e9voit d&rsquo;\u00e9tudier la fourniture \u00e0 Tripoli d&rsquo;un       r\u00e9acteur nucl\u00e9aire pour permettre \u00e0 ce pays de dessaler de l&rsquo;eau de mer.       Cet accord mentionne aussi \u00ab\u00a0d&rsquo;autres projets de d\u00e9veloppement\u00a0\u00bb li\u00e9s \u00e0       l&rsquo;\u00e9nergie atomique, selon le texte diffus\u00e9 officiellement \u00e0 Paris.       \u00a0       \u00ab\u00a0On ne peut pas \u00e0 la fois faire pression sur un pays pour l&#8217;emp\u00eacher       d&rsquo;acc\u00e9der \u00e0 l&rsquo;arme nucl\u00e9aire et en m\u00eame temps l&#8217;emp\u00eacher d&rsquo;acc\u00e9der au       nucl\u00e9aire\u00a0\u00bb civil, a encore soulign\u00e9 le ministre fran\u00e7ais de la D\u00e9fense.       \u00a0       Interrog\u00e9 sur l&rsquo;accord de coop\u00e9ration militaire sign\u00e9 entre Paris et       Tripoli apr\u00e8s la r\u00e9solution de la crise des infirmi\u00e8res bulgares et du       m\u00e9decin palestinien, il a assur\u00e9 qu&rsquo;il \u00ab\u00a0n&rsquo;avait pas l&rsquo;ampleur qu&rsquo;on a bien       voulu lui donner\u00a0\u00bb, parlant d&rsquo;un accord \u00ab\u00a0on ne peut plus classique\u00a0\u00bb portant       sur des questions comme l&rsquo;\u00e9change d&rsquo;informations ou la formation des       militaires libyens.<\/font>       \u00a0       <font><strong>AFP<\/strong><\/font><\/div>\n<p> <\/font><\/p>\n<div align=\"justify\" dir=\"ltr\"> <font><strong><\/p>\n<hr\/>\n<p> <\/strong><\/font><\/div>\n<div align=\"center\" dir=\"ltr\">\n<p><font size=\"3\"><strong>Les Marocains ont massivement boud\u00e9       les urnes lors des \u00e9lections l\u00e9gislatives\u00a0       <font>RABAT, SAL\u00c9, AKRACH ENVOY\u00c9E SP\u00c9CIALE<\/font><\/strong><\/font><\/p>\n<\/div>\n<div align=\"justify\" dir=\"ltr\">      \u00a0<\/div>\n<div align=\"justify\" dir=\"ltr\">             \u00a0Les salles de classe paraissent \u00e9trangement nues. On a retir\u00e9 des murs       tous les dessins qui fleurissent d&rsquo;habitude dans les \u00e9coles primaires.       Gazelles, chameaux, \u00e9l\u00e9phants, lions, roses, \u00e9pis de bl\u00e9&#8230; Tout a       disparu. \u00ab\u00a0Cela nous a donn\u00e9 du boulot ! Mais on risquait de se voir       accuser de faire de la publicit\u00e9 pour tel ou tel parti\u00a0\u00bb, explique le       pr\u00e9sident d&rsquo;un bureau de vote. La moiti\u00e9 de la population marocaine \u00e9tant       analphab\u00e8te, les 33 partis en comp\u00e9tition pour les \u00e9lections l\u00e9gislatives       du vendredi 7 septembre ont en effet orn\u00e9 leurs bulletins de vote de       sigles &#8211; le plus souvent un animal &#8211; pour faciliter les choses. Mais rien       n&rsquo;y a fait : les Marocains ont massivement boud\u00e9 les urnes.       \u00a0       Dans la m\u00e9dina de Rabat et dans celle de Sal\u00e9, c&rsquo;est la cohue, en cette       fin de matin\u00e9e. Les gens font leurs courses en pr\u00e9vision du ramadan, qui       commence jeudi. Voter ? Bien peu semblent s&rsquo;en soucier. A Takkadoum et       El-Youssoufia, quartiers populaires situ\u00e9s en p\u00e9riph\u00e9rie de la capitale,       r\u00e8gne la m\u00eame indiff\u00e9rence. Dans les \u00e9coles transform\u00e9es en centres de       vote, pr\u00e9sidents, assesseurs et repr\u00e9sentants des partis s&rsquo;ennuient ferme.       L&rsquo;apr\u00e8s-midi s&rsquo;\u00e9coule, interminable. Pas d&rsquo;incident. Mais partout, on       attend l&rsquo;\u00e9lecteur.       \u00a0       Akrach, \u00e0 une dizaine de kilom\u00e8tres de la capitale, est le symbole de       l'\u00a0\u00bbautre Maroc\u00a0\u00bb, celui du Moyen Age. Quelque 700 personnes vivent l\u00e0, dans       une d\u00e9charge \u00e0 ciel ouvert, tirant leurs revenus du tri des ordures.       L&rsquo;odeur est pestilentielle et la mis\u00e8re indescriptible.       \u00a0       Paradoxalement, on vote ici un peu plus qu&rsquo;ailleurs. Les femmes, surtout.       En djellaba et foulard, le front marqu\u00e9 au henn\u00e9, elles arrivent une \u00e0       une, un enfant dans les bras. \u00ab\u00a0Elles veulent que leur situation change.       Elles, au moins, elles ont compris\u00a0\u00bb, observe Saadia Belmir. Cette       magistrate fait partie des quelque 3 000 observateurs marocains et       internationaux charg\u00e9s de surveiller le bon d\u00e9roulement du scrutin \u00e0       travers le royaume. Une premi\u00e8re. Avec son coll\u00e8gue Abdelkader Alami,       pr\u00e9sident de la Ligue marocaine pour la d\u00e9fense des droits de l&rsquo;homme, Mme       Belmir entre \u00e0 l&rsquo;improviste dans les centres de vote, pose des questions,       observe, v\u00e9rifie. Rien \u00e0 signaler. Un seul probl\u00e8me : les \u00e9lecteurs ne       sont pas au rendez-vous&#8230; A Souissi, le quartier chic de Rabat, c&rsquo;est       encore pire. Les bureaux de vote sont rest\u00e9s quasi d\u00e9serts toute la       journ\u00e9e.       \u00a0       Vendredi soir, \u00e0 20 heures, quand Chakib Benmoussa, ministre de       l&rsquo;int\u00e9rieur, est apparu \u00e0 la t\u00e9l\u00e9vision pour annoncer un taux de       participation historiquement bas &#8211; autour de 41 % -, les Marocains       tentaient de se consoler : \u00ab\u00a0Au moins, on nous dit la v\u00e9rit\u00e9. C&rsquo;est d\u00e9j\u00e0 un       succ\u00e8s !\u00a0\u00bb Les r\u00e9sultats officiels ne devaient \u00eatre communiqu\u00e9s que       dimanche.       \u00a0       <font>Florence Beaug\u00e9<\/font>       \u00a0       <font><strong>(Source : \u00ab Le Monde \u00bb (Quotidien \u2013 France),       le 9 septembre 2007)<\/strong><\/font><\/div>\n<div align=\"justify\" dir=\"ltr\">\n<hr\/><\/div>\n<p> <\/span><\/font><\/p>\n<div align=\"center\" dir=\"ltr\">\n<p><font size=\"3\"><strong><font>Stockholm       \u00e9vite la crise avec les musulmans       <\/font>SUEDE. Le dialogue privil\u00e9gi\u00e9 pour r\u00e9duire les tensions suite \u00e0 une       caricature de Mahomet.<\/strong><\/font><\/p>\n<\/div>\n<div align=\"justify\" dir=\"ltr\">      \u00a0<\/div>\n<div align=\"justify\" dir=\"ltr\">             Le premier ministre su\u00e9dois, Fredrik Reinfeldt, et les ambassadeurs des       pays arabes et musulmans se sont f\u00e9licit\u00e9s vendredi de leur dialogue pour       r\u00e9duire les tensions provoqu\u00e9es par la publication d&rsquo;une caricature du       proph\u00e8te Mahomet.       \u00a0       \u00abJe pense que c&rsquo;\u00e9tait une bonne initiative prise par le premier ministre\u00bb,       a d\u00e9clar\u00e9 l&rsquo;ambassadeur d&rsquo;Iran, Hassan Ghashghavi, \u00e0 l&rsquo;issue d&rsquo;une       rencontre \u00e0 l&rsquo;initiative de Fredrik Reinfeldt avec les diplomates de       vingt-deux pays arabes et musulmans. \u00abCette politique est bonne\u00bb, a-t-il       dit. L&rsquo;Iran avait protest\u00e9 officiellement il y a 10 jours contre la       caricature et convoqu\u00e9 le repr\u00e9sentant su\u00e9dois \u00e0 T\u00e9h\u00e9ran.       \u00a0       La publication le 18 ao\u00fbt dans le Nerikes Allehanda, journal local       d&rsquo;\u00d6rebro, \u00e0 l&rsquo;ouest de Stockholm, d&rsquo;un dessin repr\u00e9sentant le proph\u00e8te       avec un corps de chien avait d\u00e9clench\u00e9 une vive pol\u00e9mique. En Su\u00e8de, deux       manifestations avaient \u00e9t\u00e9 organis\u00e9es devant le si\u00e8ge du journal et un       d\u00e9bat s&rsquo;\u00e9tait engag\u00e9 dans les m\u00e9dias su\u00e9dois, qui ont appel\u00e9 \u00e0 la fois au       dialogue et au respect de la libert\u00e9 de la presse. L&rsquo;Egypte, l&rsquo;Iran, le       Pakistan avaient protest\u00e9 par la voie diplomatique. Des protestations de       responsables religieux se sont \u00e9lev\u00e9es \u00e9galement en Afghanistan et en       Jordanie.       \u00a0       <font>Respect mutuel<\/font>       \u00a0       Vendredi, le premier ministre a soulign\u00e9 que cette rencontre, qui a eu       lieu au si\u00e8ge du gouvernement \u00e0 Stockholm, \u00ab\u00e9tait un dialogue\u00bb. \u00abJe leur       ai dit que la Su\u00e8de \u00e9tait un pays ouvert et une soci\u00e9t\u00e9 ouverte. Musulmans       et chr\u00e9tiens y vivent c\u00f4te \u00e0 c\u00f4te dans une compr\u00e9hension et un respect       mutuels\u00bb, a-t-il dit.       \u00a0       Fredrik Reinfeldt est toutefois rest\u00e9 prudent. \u00abIl y a un risque que cela       [ndlr: la crise] continue. Ce n&rsquo;est pas termin\u00e9 pour l&rsquo;instant. Il y a       toujours des r\u00e9actions dans le monde musulman et je les prends tr\u00e8s au       s\u00e9rieux\u00bb, a-t-il soulign\u00e9. Son gouvernement suit attentivement les m\u00e9dias       arabes.       \u00a0       <font><strong>(Source : \u00ab Le Temps \u00bb (Quotidien \u2013 Suisse),       le 8 septembre 2007)<\/strong><\/font><\/div>\n<p> <\/font><\/span><\/span><\/font><\/p>\n<\/p><\/div>\n<p> <\/font><\/p>\n<p><\/span><\/span><\/span><\/span><\/span><\/span><\/span><\/span><\/span><\/span> <\/span><\/span><\/span><\/div>\n<p><\/font><\/p>\n<p align=\"center\" dir=\"ltr\">\u00a0<\/p>\n<hr\/>\n<p align=\"center\">\u00a0<\/p>\n<p><!-- |**|end egp html banner|**| --><\/p>\n<p align=\"center\"><b><a href=\"http:\/\/www.tunisnews.net\"><span>Home<\/span><span lang=\"FR-CH\"> &#8211; Accueil <\/span><span>&#8211; <\/span><span dir=\"rtl\" lang=\"AR-SA\">\u0627\u0644\u0631\u0626\u064a\u0633\u064a\u0629<\/span><\/a><\/b><\/p>\n<p align=\"center\"><b><span dir=\"rtl\" lang=\"AR-SA\">\u00a0<\/span><\/b><\/p>\n<p><\/body><\/body><\/html><\/p>\n","protected":false},"excerpt":{"rendered":"<p>Home &#8211; Accueil &#8211; \u0627\u0644\u0631\u0626\u064a\u0633\u064a\u0629 TUNISNEWS 8\u00a0\u00e8me\u00a0ann\u00e9e, N\u00b0\u00a02665 du 09.09.2007 \u00a0archives : www.tunisnews.net CNLT: Fin de la mascarade du proc\u00e8s de Omar Mestiri, mais des menaces continuent de peser sur lui Bakcich.info : Radhia Nasraoui: \u00ab Tous ceux qui sont arr\u00eat\u00e9s passent par la torture \u00bb D\u00e9claration de la FTCR lors du Rassemblement du 7 [&hellip;]<\/p>\n","protected":false},"author":1,"featured_media":22040,"comment_status":"open","ping_status":"open","sticky":false,"template":"","format":"standard","meta":{"inline_featured_image":false,"site-sidebar-layout":"default","site-content-layout":"","ast-site-content-layout":"default","site-content-style":"default","site-sidebar-style":"default","ast-global-header-display":"","ast-banner-title-visibility":"","ast-main-header-display":"","ast-hfb-above-header-display":"","ast-hfb-below-header-display":"","ast-hfb-mobile-header-display":"","site-post-title":"","ast-breadcrumbs-content":"","ast-featured-img":"","footer-sml-layout":"","ast-disable-related-posts":"","theme-transparent-header-meta":"","adv-header-id-meta":"","stick-header-meta":"","header-above-stick-meta":"","header-main-stick-meta":"","header-below-stick-meta":"","astra-migrate-meta-layouts":"default","ast-page-background-enabled":"default","ast-page-background-meta":{"desktop":{"background-color":"","background-image":"","background-repeat":"repeat","background-position":"center center","background-size":"auto","background-attachment":"scroll","background-type":"","background-media":"","overlay-type":"","overlay-color":"","overlay-opacity":"","overlay-gradient":""},"tablet":{"background-color":"","background-image":"","background-repeat":"repeat","background-position":"center center","background-size":"auto","background-attachment":"scroll","background-type":"","background-media":"","overlay-type":"","overlay-color":"","overlay-opacity":"","overlay-gradient":""},"mobile":{"background-color":"","background-image":"","background-repeat":"repeat","background-position":"center center","background-size":"auto","background-attachment":"scroll","background-type":"","background-media":"","overlay-type":"","overlay-color":"","overlay-opacity":"","overlay-gradient":""}},"ast-content-background-meta":{"desktop":{"background-color":"var(--ast-global-color-5)","background-image":"","background-repeat":"repeat","background-position":"center center","background-size":"auto","background-attachment":"scroll","background-type":"","background-media":"","overlay-type":"","overlay-color":"","overlay-opacity":"","overlay-gradient":""},"tablet":{"background-color":"var(--ast-global-color-5)","background-image":"","background-repeat":"repeat","background-position":"center center","background-size":"auto","background-attachment":"scroll","background-type":"","background-media":"","overlay-type":"","overlay-color":"","overlay-opacity":"","overlay-gradient":""},"mobile":{"background-color":"var(--ast-global-color-5)","background-image":"","background-repeat":"repeat","background-position":"center center","background-size":"auto","background-attachment":"scroll","background-type":"","background-media":"","overlay-type":"","overlay-color":"","overlay-opacity":"","overlay-gradient":""}},"footnotes":""},"categories":[],"tags":[61,38,29],"class_list":["post-15960","post","type-post","status-publish","format-standard","has-post-thumbnail","hentry","tag-61","tag-38","tag-fr"],"_links":{"self":[{"href":"https:\/\/tunisnews.net\/ar\/wp-json\/wp\/v2\/posts\/15960","targetHints":{"allow":["GET"]}}],"collection":[{"href":"https:\/\/tunisnews.net\/ar\/wp-json\/wp\/v2\/posts"}],"about":[{"href":"https:\/\/tunisnews.net\/ar\/wp-json\/wp\/v2\/types\/post"}],"author":[{"embeddable":true,"href":"https:\/\/tunisnews.net\/ar\/wp-json\/wp\/v2\/users\/1"}],"replies":[{"embeddable":true,"href":"https:\/\/tunisnews.net\/ar\/wp-json\/wp\/v2\/comments?post=15960"}],"version-history":[{"count":0,"href":"https:\/\/tunisnews.net\/ar\/wp-json\/wp\/v2\/posts\/15960\/revisions"}],"wp:featuredmedia":[{"embeddable":true,"href":"https:\/\/tunisnews.net\/ar\/wp-json\/wp\/v2\/media\/22040"}],"wp:attachment":[{"href":"https:\/\/tunisnews.net\/ar\/wp-json\/wp\/v2\/media?parent=15960"}],"wp:term":[{"taxonomy":"category","embeddable":true,"href":"https:\/\/tunisnews.net\/ar\/wp-json\/wp\/v2\/categories?post=15960"},{"taxonomy":"post_tag","embeddable":true,"href":"https:\/\/tunisnews.net\/ar\/wp-json\/wp\/v2\/tags?post=15960"}],"curies":[{"name":"wp","href":"https:\/\/api.w.org\/{rel}","templated":true}]}}