{"id":15946,"date":"2005-12-31T00:00:00","date_gmt":"2005-12-31T00:00:00","guid":{"rendered":"https:\/\/tunisnews.net\/31-decembre-2005\/"},"modified":"2005-12-31T00:00:00","modified_gmt":"2005-12-31T00:00:00","slug":"31-decembre-2005","status":"publish","type":"post","link":"https:\/\/tunisnews.net\/ar\/31-decembre-2005\/","title":{"rendered":"31 d\u00e9cembre 2005"},"content":{"rendered":"<p><html><head><meta content=\"text\/html\" description=\"Le pr\u00e9sident du Comit\u00e9 pour le respect \n  des Libert\u00e9s et des Droits de l\u2019homme en Tunisie (CRLDHT) et du R\u00e9seau Euro \n  M\u00e9diterran\u00e9en des Droits de l\u2019Homme (REMDH), Mr Kamel JENDOUBI a \u00e9t\u00e9 l\u2019objet \n  d\u2019un acte de vandalisme. Les malfaiteurs ont pu p\u00e9n\u00e9tr\u00e9s sans difficult\u00e9 au \n  parking ou Mr JENDOUBI a stationn\u00e9 sa voiture et ils l\u2019ont saccag\u00e9s.\" http-equiv=\"Content-Type\"\/><\/head><body><body><\/p>\n<p align=\"center\"><b><a href=\"http:\/\/www.tunisnews.net\"><span>Home<\/span><span lang=\"FR-CH\"> &#8211; Accueil <\/span><span>&#8211; <\/span><span dir=\"rtl\" lang=\"AR-SA\">\u0627\u0644\u0631\u0626\u064a\u0633\u064a\u0629<\/span><\/a><\/b><\/p>\n<div> <font face=\"Arial\" size=\"2\"><\/font><\/div>\n<div>\n<table border=\"1\" width=\"100%\">\n<tr>\n<td bgcolor=\"#efefef\" width=\"100%\"> <span lang=\"FR\"> <font face=\"Arial\"> <span lang=\"AR-SA\"> <\/p>\n<div align=\"left\">  <\/div>\n<div> <span lang=\"FR\"><font face=\"Bookman Old Style\"> <\/p>\n<div align=\"center\" dir=\"ltr\"> <font face=\"Arial\"><font size=\"2\"> <span lang=\"SV\"> <strong>TUNISNEWS<\/strong><\/span> <\/font><\/font> <\/div>\n<div align=\"center\" dir=\"ltr\"> <font face=\"Arial\"><strong><font size=\"2\">6\u00a0\u00e8me\u00a0ann\u00e9e,          <span lang=\"FR\">N\u00b0\u00a02049 du 31.12.2005<\/span><\/font><\/strong><\/font><\/div>\n<div align=\"center\" dir=\"ltr\"> <strong> <\/p>\n<div align=\"center\"> <b><span><blink> <font face=\"Arial\" size=\"2\">\u00a0archives : <\/font> <a href=\"http:\/\/www.tunisnews.net\/\" target=\"_blank\" rel=\"noopener\"> <font face=\"Arial\" size=\"2\" target=\"_blank\">            www.tunisnews.net<\/font><\/a><\/blink><\/span><\/b><font face=\"Arial\" size=\"2\"> <\/font><font> <span lang=\"FR\"> <font face=\"Bookman Old Style\"> <\/font><\/span><\/font><\/div>\n<p> <\/strong><\/div>\n<p> <\/font><\/span><\/div>\n<div align=\"center\" dir=\"ltr\"> <font size=\"2\"><\/p>\n<hr noshade=\"\" size=\"8\"\/>\n<div align=\"right\" dir=\"rtl\"> <font face=\"Arabic Transparent\" size=\"3\"> <\/p>\n<div> <font face=\"Arabic Transparent\"> <\/p>\n<div> <span lang=\"AR-SA\"> <\/p>\n<div align=\"right\" dir=\"rtl\"> <font face=\"Arabic Transparent\"> <font face=\"Arial\"> <\/p>\n<p><font face=\"Arabic Transparent\" size=\"3\"> <span> <font face=\"Arabic Transparent\"> <\/p>\n<p><font size=\"3\"> <font face=\"Arabic Transparent\" size=\"3\"><font face=\"Arial\"> <font face=\"Arabic Transparent\"> <\/p>\n<div align=\"left\" dir=\"ltr\"> <font face=\"Arial\"><strong> <\/p>\n<div align=\"left\"> <font face=\"Arial\" size=\"2\"> <\/p>\n<p><font>Solidarit\u00e9 Tunisienne: Un acte ignoble                     qui vise l\u00b4intimadation de Monsieur Jendoubi<\/font><\/p>\n<p>                     Luiza Toscane: Ali Na\u00eftibourk a \u00e9t\u00e9 renvoy\u00e9 \u00e0 Casablanca                     <\/p>\n<p><font>Le Quotidien: Association des                     Magistrats Tunisiens : Seize postes vacants combl\u00e9s au sein                     de la Commission administrative<\/font><\/p>\n<p>                     Le Quotidien : Soir\u00e9e du R\u00e9veillon : Ru\u00e9e vers les                     p\u00e2tisseries&#8230;<\/font><\/div>\n<div align=\"left\"> <font face=\"Arial\" size=\"2\"> <\/p>\n<h2 style=\"color: red;\"><font>La Presse: Bains maures : tout un art                     architectural en perdition<\/font><\/h2>\n<p>                      LE Reporter : Nouveau : Un r\u00e9seau des d\u00e9mocrates arabes                     <\/p>\n<h2 style=\"color: red;\"><font>Le Monde\u00a0: La France, \u00ab\u00a0homme malade\u00a0\u00bb                     de l&rsquo;Europe<\/font><\/h2>\n<p><\/font><font face=\"Arial\" size=\"2\"><strong><\/strong><\/font><\/div>\n<p> <\/strong><\/font><\/div>\n<p> <\/font><\/font><\/font><\/font><\/p>\n<p><\/font><\/span><\/font><\/p>\n<p> <\/font><\/font> <\/div>\n<p> <\/span><\/div>\n<p> <\/font><\/div>\n<p> <\/font><\/div>\n<p> <\/font><\/div>\n<p> <\/span><\/font><\/span><\/td>\n<\/tr>\n<\/table>\n<\/div>\n<p><o:p><o:p><o:p><o:p><o:p><\/p>\n<div align=\"center\">  \u00a0<\/div>\n<div align=\"center\">\n<p align=\"center\"><font><strong>Solidarit\u00e9 Tunisienne<\/strong><\/font><\/p>\n<p> <font face=\"Arial\"> <\/p>\n<p align=\"center\"><strong><\/p>\n<h2 style=\"color: red;\"><font>UN ACTE IGNOBLE QUI VISE   L\u2019INTIMIDATION DU MONSIEUR JENDOUBI<\/font><\/h2>\n<p><\/strong><\/p>\n<p> <\/font><font face=\"Arial\" size=\"2\"><font size=\"2\"> <\/p>\n<p align=\"justify\"><font face=\"Arial\">Le pr\u00e9sident du Comit\u00e9 pour le respect   des Libert\u00e9s et des Droits de l\u2019homme en Tunisie (CRLDHT) et du R\u00e9seau Euro   M\u00e9diterran\u00e9en des Droits de l\u2019Homme (REMDH), Mr Kamel JENDOUBI a \u00e9t\u00e9 l\u2019objet   d\u2019un acte de vandalisme. Les malfaiteurs ont pu p\u00e9n\u00e9tr\u00e9s sans difficult\u00e9 au   parking ou Mr JENDOUBI a stationn\u00e9 sa voiture et ils l\u2019ont saccag\u00e9s.<\/font><\/p>\n<p align=\"justify\"><font face=\"Arial\">Il est utile de rappeler que depuis   quelques ann\u00e9es Mr JENDOUBI n\u2019a cess\u00e9 de militer pour la promotion et le   respect des droits de l\u2019homme en Tunisie. Son courage in\u00e9branlable en faveur   de la libert\u00e9 et la d\u00e9mocratie l\u2019a conduit ce dernier temps, de fonder avec   d\u2019autres militants tunisiens, exil\u00e9s en France un comit\u00e9 du soutien au   mouvement du 18 octobre de huit personnalit\u00e9s politiques en Tunisie.<\/font><\/p>\n<p align=\"justify\"><font face=\"Arial\">Solidarit\u00e9 Tunisienne condamne cet acte   barbare et exprime son soutien avec notre ami Kamel JENDOUBI.<\/font><\/p>\n<p align=\"justify\"><font face=\"Arial\">Nous demandons les autorit\u00e9s fran\u00e7aises   d\u2019ouvrir une enqu\u00eate judiciaire afin d\u2019arr\u00eater les criminels et d\u00e9voiler les   identit\u00e9s de ses commanditaires.<\/font><\/p>\n<p align=\"justify\"><font face=\"Arial\">Le secr\u00e9taire g\u00e9n\u00e9ral<\/font><\/p>\n<p> <font face=\"Arial\" size=\"2\"><b> <\/b><\/p>\n<p align=\"justify\">Fathi Ennaes<\/p>\n<p> <\/font><\/font><\/p>\n<hr\/>\n<h2 style=\"color: red;\"><font face=\"Arial\" size=\"3\"> <\/p>\n<p align=\"center\"><strong>Ali Na\u00eftibourk a \u00e9t\u00e9 renvoy\u00e9 \u00e0 Casablanca<\/strong><\/p>\n<p> <\/font><\/h2>\n<p><font size=\"2\"> <\/p>\n<p align=\"justify\"><font face=\"Arial\">Mardi 27 d\u00e9cembre : le quartier de   Stalingrad est boucl\u00e9 par la police qui proc\u00e8de \u00e0 une rafle. Trois caf\u00e9s sont   cern\u00e9s. Neuf personnes en situation irr\u00e9guli\u00e8re en France sont interpell\u00e9es.   Parmi elles, Ali Na\u00eftibourk, marocain, sans papiers. Il a \u00e9t\u00e9 aussit\u00f4t plac\u00e9   en garde \u00e0 vue et au terme de celle-ci, mercredi 28, conduit au centre de   r\u00e9tention de Vincennes dans l\u2019attente de son renvoi vers le Maroc, une issue   contre laquelle l\u2019int\u00e9ress\u00e9 et toutes les associations qui le soutiennent se   sont battues pendant des ann\u00e9es.<\/font><\/p>\n<p align=\"justify\"><font face=\"Arial\">En effet, Ali Na\u00eftibourk est arriv\u00e9 en   France en 2001 pour y demander l\u2019asile. Il venait de quitter la Tunisie, pays   o\u00f9 il est n\u00e9 de parents marocains et o\u00f9 il a toujours v\u00e9cu et travaill\u00e9. Son   appartenance au parti de la Nahdha lui valut les pers\u00e9cutions du r\u00e9gime   tunisien : interpellations, tortures, surveillance, pressions sur ses proches   ayant pour objectif de disloquer sa famille, harc\u00e8lement. M\u00eame son passeport   marocain lui sera un temps confisqu\u00e9 par les autorit\u00e9s tunisiennes. Quant \u00e0 sa   naturalisation, elle sera refus\u00e9e.<\/font><\/p>\n<p align=\"justify\"><font face=\"Arial\">L\u2019Office Fran\u00e7ais pour la Protection des   R\u00e9fugi\u00e9s et Apatrides (OFPRA) rejette sa demande, rejet confirm\u00e9 par la   Commission des Recours des R\u00e9fugi\u00e9s. Il d\u00e9pose alors (le 30 avril 2003) une   demande d\u2019asile territorial, qui est \u00e0 son tour refus\u00e9e, au terme de deux   ann\u00e9es d\u2019attente, le 29 mars 2005.<\/font><\/p>\n<p align=\"justify\"><font face=\"Arial\">La nationalit\u00e9 marocaine d\u2019Ali   Na\u00eftibourk est devenue un argument : \u00ab il ne peut se pr\u00e9valoir des   stipulations (\u2026) de la Convention de Gen\u00e8ve, qui subordonnent la   reconnaissance de la qualit\u00e9 de r\u00e9fugi\u00e9 \u00e0 l\u2019existence de pers\u00e9cutions ou de   craintes de pers\u00e9cutions de la part des autorit\u00e9s dont l\u2019int\u00e9ress\u00e9 a la   nationalit\u00e9 \u00bb[i] .<\/font><\/p>\n<p align=\"justify\"><font face=\"Arial\">La proc\u00e9dure de reconduite \u00e0 la   fronti\u00e8re est alors rapidement enclench\u00e9e : \u00ab invitation \u00e0 quitter le   territoire \u00bb, puis \u00ab arr\u00eat\u00e9 pr\u00e9fectoral de reconduite \u00e0 la fronti\u00e8re \u00bb (APRF).   Ali Na\u00eftibourk craint d\u2019\u00eatre renvoy\u00e9 au Maroc, ce pays dont il a la   nationalit\u00e9, mais o\u00f9 il n\u2019a jamais \u00e9t\u00e9, o\u00f9 il n\u2019a ni famille, ni proches, ni   la moindre connaissance. Il d\u00e9pose un recours demandant l\u2019annulation de   l\u2019arr\u00eat\u00e9 de reconduite \u00e0 la fronti\u00e8re, essentiellement par deux moyens : \u00ab Me   renvoyer au Maroc, pays que je ne connais pas et o\u00f9 je n\u2019ai aucune famille   alors qu\u2019une partie de ma famille est en France porterait une atteinte \u00e0 ma   vie priv\u00e9e et familiale \u00bb et \u00ab je suis consid\u00e9r\u00e9 par le pouvoir tunisien comme   un islamiste et risque de l\u2019\u00eatre au Maroc (\u2026) Ma libert\u00e9 et mon int\u00e9grit\u00e9   physique risquent d\u2019\u00eatre menac\u00e9es, directement ou indirectement en cas de   renvoi forc\u00e9 au Maroc [ii]\u00bb (\u2026). Ce recours est audienc\u00e9 par le Tribunal   Administratif de Paris le 15 novembre dernier. Le d\u00e9lib\u00e9r\u00e9 s\u2019ach\u00e8ve par une   confirmation par le TA du renvoi au Maroc, mais cette d\u00e9cision n\u2019est notifi\u00e9e   \u00e0 l\u2019int\u00e9ress\u00e9 que le 26 d\u00e9cembre. Or, il a \u00e9t\u00e9 arr\u00eat\u00e9 le 27, avant que la   notification ne lui parvienne.<\/font><\/p>\n<p align=\"justify\"><font face=\"Arial\">Reste que l\u2019arr\u00eat\u00e9 de reconduite \u00e0 la   Fronti\u00e8re \u00e9tait ex\u00e9cutoire. La Pr\u00e9fecture est rest\u00e9e inflexible en d\u00e9pit des   interventions qui lui ont \u00e9t\u00e9 adress\u00e9es. Ce matin, vendredi, \u00e0 quatre heures,   il a \u00e9t\u00e9 emmen\u00e9 \u00e0 l\u2019a\u00e9roport, et selon la pr\u00e9fecture, conduit \u00e0 bord du vol AP   777, qui devait atterrir \u00e0 10 H 05 \u00e0 Casablanca.<\/font><\/p>\n<p align=\"justify\"><font face=\"Arial\">Sans argent, ni bagages.<\/font><\/p>\n<p> <font face=\"Arial\" size=\"2\"><b> <\/b><\/p>\n<p align=\"justify\">Luiza Toscane<\/p>\n<p> <\/font><font size=\"2\"> <\/p>\n<p align=\"justify\"><font face=\"Arial\">[i] Commission des Recours des R\u00e9fugi\u00e9s,   lu en s\u00e9ance publique, 6 f\u00e9vrier 2003<\/font><\/p>\n<p align=\"justify\"><font face=\"Arial\">[ii] Tribunal Administratif de Paris,   Requ\u00eate \u00e0 Monsieur le Pr\u00e9sident, 21 octobre 2005<\/font><\/p>\n<p> <\/font><u><i> <\/i><\/u><\/p>\n<p align=\"justify\"><font face=\"Arial\">Aubervilliers le 30 d\u00e9cembre 2005<\/font><\/p>\n<p> <font face=\"Arial\"><\/p>\n<hr\/>\n<p><\/font><\/font> <\/p>\n<p align=\"center\"><font face=\"Arial\"><strong>Le site   nawaat.org publie depuis quelques jours des informations de 1\u00e9re main sur\u00a0:<\/strong><\/font><\/p>\n<p> <\/font><\/p>\n<p><font face=\"Arial\"> <\/p>\n<p align=\"center\"><strong>\u00ab\u00a0Les nouvelles victimes de la loi d\u2019appui aux   efforts internationaux de lutte contre le terrorisme \u00bb.<\/strong><\/p>\n<p> <\/font><\/p>\n<p><font face=\"Arial\" size=\"2\"> <\/p>\n<p align=\"justify\">Le nombre des jeunes emprisonn\u00e9s dans la r\u00e9gion de Bizerte   (uniquement) atteindrait UNE CENTAINE (100) de personnes selon les sources de   nawaat.org <\/p>\n<p> <font size=\"2\"> <\/p>\n<p align=\"justify\"><font face=\"Arial\">Pour voir les s\u00e9quences aller sur le   lien\u00a0:<\/font><\/p>\n<p> <font size=\"2\"><u> <\/u><\/p>\n<p align=\"justify\"><font face=\"Arial\"><strong> <a href=\"http:\/\/www.nawaat.org\/forums\/index.php?showforum=3\" target=\"_blank\" rel=\"noopener\">  http:\/\/www.nawaat.org\/forums\/index.php?showforum=3<\/a><\/strong><\/font><\/p>\n<p><\/font><\/font><\/font><\/div>\n<div align=\"center\">\n<hr\/>\n<\/div>\n<div align=\"center\">\n<p align=\"center\"><strong><font>Association des Magistrats   Tunisiens : <\/font><\/strong><\/p>\n<h2 style=\"color: red;\"><font face=\"Arial\" size=\"3\"> <\/p>\n<p align=\"center\"><strong>Seize postes vacants combl\u00e9s au sein de la   Commission administrative<\/strong><\/p>\n<p> <\/font><\/h2>\n<p><u><i> <\/i><\/u><\/p>\n<p align=\"justify\">Tunis-Le Quotidien<\/p>\n<p align=\"justify\">Seize postes vacants au sein de la Commission   administrative de l\u2019Association des Magistrats Tunisiens (AMT) vient d\u2019\u00eatre   combl\u00e9s. Des \u00e9lections se sont d\u00e9roul\u00e9es durant la p\u00e9riode allant du 21 au 29   d\u00e9cembre aux si\u00e8ges des tribunaux relevant de douze gouvernorats.<\/p>\n<p align=\"justify\">Les seize nouveaux membres de la Commission administrative   sont\u00a0:<\/p>\n<p> <font face=\"Arial\" size=\"2\"><b> <\/b><\/p>\n<p align=\"justify\">MM. Hedhili Mana\u00ef (cour de cassation), Ja\u00e2far Rabaoui   (tribunal immobilier), Lassa\u00e2d Belliri (cour d\u2019appel de Tunis), Faouzi Sassi   (tribunal de premi\u00e8re instance de Tunis), Touhami Mekki (tribunal de premi\u00e8re   instance de l\u2019Ariana), Mohamed Bennour (cour d\u2019appel de Bizerte), Larbi   Kh\u00e9miri (tribunal de premi\u00e8re instance de Bizerte), F\u00e9rid Ben J\u2019ha (tribunal   de premi\u00e8re instance de Bizerte), Hammadi Chennoufi (tribunal de premi\u00e8re   instance de Grombalia), Karim El Hadj (tribunal de premi\u00e8re instance de   Monastir), Naceur Helali (tribunal de premi\u00e8re instance du Kef), Fethi Jemmali   (tribunal de premi\u00e8re instance de Jendouba), Taoufik Oun (tribunal de premi\u00e8re   instance de Tozeur, Riadh Yangui (cour d\u2019appel de Bizerte) et Wissem Ben Alij   (tribunal de premi\u00e8re instance de M\u00e9denine).<\/p>\n<p> <\/font> <\/p>\n<p align=\"justify\">Les seize vacantes ont \u00e9t\u00e9 occasionn\u00e9es par la d\u00e9cision de   deux anciens membres de la Commission administrative de figurer parmi les   membres du Bureau ex\u00e9cutif de l\u2019AMT au cours du dernier congr\u00e8s extraordinaire   de l\u2019Association et par le mouvement des magistrats.<\/p>\n<p> <font face=\"Arial\" size=\"2\"><b> <\/b><\/p>\n<p align=\"justify\">W.K. <\/p>\n<p> <\/font><b><font face=\"Arial\" size=\"2\"> <\/p>\n<p align=\"justify\">(Source\u00a0: \u00ab\u00a0Le Quotidien\u00a0\u00bb du 31 d\u00e9cembre 2005)<\/p>\n<p><\/font><font face=\"Arial\"> <\/p>\n<div>\n<hr\/><\/div>\n<p> <\/font><\/p>\n<h2 style=\"color: red;\"><font face=\"Arial\" size=\"3\"> <\/p>\n<p align=\"center\">Soir\u00e9e du R\u00e9veillon : Ru\u00e9e vers les p\u00e2tisseries&#8230;<\/p>\n<p> <\/font><\/h2>\n<p><font face=\"Arial\" size=\"2\"> <\/p>\n<p align=\"justify\">Les Tunisiens sont aux derniers pr\u00e9paratifs pour la soir\u00e9e   du r\u00e9veillon.<\/p>\n<p> <\/font><font face=\"Arial\" size=\"2\"> <\/p>\n<p align=\"justify\">La ru\u00e9e se fait sentir du c\u00f4t\u00e9 des p\u00e2tisseries et \u00e0 un   degr\u00e9 moindre du c\u00f4t\u00e9 des commer\u00e7ants de volaille.<\/p>\n<p> <\/font><u><i> <\/i><\/u><\/b><\/p>\n<p align=\"justify\">Tunis &#8211; Le Quotidien <\/p>\n<p align=\"justify\">Ce soir \u00e0 minuit, tout le monde va tourner la page d\u2019une   ann\u00e9e qui s\u2019ach\u00e8ve pour accueillir une nouvelle. <\/p>\n<p align=\"justify\">Certes beaucoup ne prendront pas part aux festivit\u00e9s, \u00e9tant   respectueux du calendrier h\u00e9girien uniquement. Mais tous ceux qui cherchent \u00e0   faire la f\u00eate pour la f\u00eate vont s\u2019attabler autour d\u2019un bon d\u00eener. <\/p>\n<p align=\"justify\">\u00ab\u00a0Les f\u00eatards qui c\u00e9l\u00e8brent l\u2019entr\u00e9e de 2006 chez eux ou   invit\u00e9s chez des amis ou des proches ne peuvent se passer du traditionnel   g\u00e2teau. Ce dernier est incontournable \u00e0 chaque soir\u00e9e de r\u00e9veillon.<\/p>\n<p align=\"justify\">Hier aussi, nos concitoyens ont continu\u00e9 \u00e0 investir en   masse les p\u00e2tisseries pour assurer les douceurs du Nouvel An. Il faut dire que   la demande est importante.<\/p>\n<p align=\"justify\">Malgr\u00e9 les dol\u00e9ances annuelles \u00e0 cause des diff\u00e9rentes   formes d\u2019arnaque auxquelles recourent plusieurs commerces de g\u00e2teaux, les   Tunisiens restent d\u00e9pendants de ce \u00ab\u00a0pilier\u00a0\u00bb du menu de fin d\u2019ann\u00e9e.<\/p>\n<p align=\"justify\">Au centre-ville, on a l\u2019impression que la fin des temps est   pour tr\u00e8s bient\u00f4t. Des dizaines de clients sont clo\u00eetr\u00e9s devant les pi\u00e8ces de   g\u00e2teaux. Les uns choisissent ce qui leur convient et les autres restent   ind\u00e9cis.<\/p>\n<p align=\"justify\">Nombreuses parmi ces personnes qui savent tr\u00e8s bien que la   mie de pain et plusieurs autres produits substitutifs font les ingr\u00e9dients de   ces douceurs \u00e0 l\u2019occasion de la forte demande. Pourtant, les uns et les autres   ach\u00e8tent. <\/p>\n<p align=\"justify\">De leur c\u00f4t\u00e9, les p\u00e2tisseries les incitent \u00e0 faire des   commandes \u00e0 l\u2019avance pour b\u00e9n\u00e9ficier d\u2019un meilleur service.<\/p>\n<p> <font face=\"Arial\" size=\"2\"><b> <\/b><\/p>\n<p align=\"justify\">* Plat phare<\/p>\n<p> <\/font> <\/p>\n<p align=\"justify\">Par ailleurs, la volaille est cens\u00e9e \u00eatre pr\u00e9sente dans   chaque menu de r\u00e9veillon. Poulet ou dinde farci ou r\u00f4ti est le plat phare de   la soir\u00e9e du Nouvel An. Mais cette ann\u00e9e, la consommation des produits   avicoles est beaucoup moins importante que d\u2019habitude \u00e0 cause de la psychose   de la grippe aviaire. Toutefois, le r\u00e9veillon du Nouvel An a permis \u00e0 la   consommation de reprendre un peu. <\/p>\n<p align=\"justify\">En t\u00e9moignent les propos de certains marchands de volailles   aussi bien au march\u00e9 central qu\u2019ailleurs. Ils confirment, en effet, la l\u00e9g\u00e8re   reprise enregistr\u00e9e \u00e0 l\u2019occasion de la Saint-Sylvestre. Car il y a des gens   qui ne con\u00e7oivent pas la soir\u00e9e du r\u00e9veillon sans poulet ou dinde. Mais   beaucoup d\u2019autres ont pr\u00e9f\u00e9r\u00e9 tout simplement jeter leur d\u00e9volu sur la viande   rouge, les poissons et les crustac\u00e9s. Moyennant un budget plus cons\u00e9quent pour   un d\u00eener sp\u00e9cial, ils profitent pour changer leurs habitudes au profit de   viandes autres que les volailles. N\u2019emp\u00eache que la vraie reprise n\u2019a pas de   rapport avec le r\u00e9veillon. Elle a eu lieu apr\u00e8s que le public ait \u00e9t\u00e9 rassur\u00e9   quant \u00e0 la bonne sant\u00e9 de nos produits. Reste que le d\u00eener de ce soir a   \u00e9galement aid\u00e9 \u00e0 renouer justement avec les poulets et les dindes.<\/p>\n<p align=\"justify\">Bref, ind\u00e9pendamment de ce qu\u2019il va manger ce soir, le   Tunisien r\u00e9affirme \u00e0 nouveau son adh\u00e9sion \u00e0 toutes f\u00eates confondues. Une bonne   partie de nos concitoyens plaide pour un bon d\u00eener en bonne compagnie.   D\u2019autres sont partisans des sorties. Mais la majorit\u00e9 un point commun : faire   la f\u00eate !<\/p>\n<p> <b> <\/b><\/p>\n<p align=\"justify\">M.K. <\/p>\n<p> <font face=\"Arial\" size=\"2\"> <\/p>\n<p align=\"justify\">(Source\u00a0: \u00ab\u00a0Le Quotidien\u00a0\u00bb du 31 d\u00e9cembre 2005)<\/p>\n<div>\n<hr\/><\/div>\n<p> <\/font><\/p>\n<h3 style=\"color: blue;\"><font face=\"Arial\" size=\"3\"> <\/p>\n<p align=\"center\">Bains maures : tout un art architectural en perdition <\/p>\n<p> <\/font><\/h3>\n<p><font face=\"Arial\" size=\"2\"> <\/p>\n<p align=\"justify\">F. RASSAA<\/p>\n<p> <\/font> <\/p>\n<p align=\"justify\">H\u00e9ritier des thermes grecs et romains, le hammam \u00e9tait d\u00e9j\u00e0   aux d\u00e9buts de l\u2019\u00e9poque byzantine une institution solidement ancr\u00e9e. Mais c\u2019est   avec l\u2019arriv\u00e9e de l\u2019Islam que la c\u00e9r\u00e9monie du bain va prendre une importance   jusque-l\u00e0 in\u00e9gal\u00e9e. Pour preuve, Bagdad, au temps de sa splendeur, en comptait   pr\u00e8s de 30.000. <\/p>\n<p align=\"justify\">Avec l\u2019expansion musulmane, les \u00e9tablissements de bain   fleuriront du Proche- Orient \u00e0 l\u2019Andalousie, en passant par l\u2019Afrique du Nord.<\/p>\n<p align=\"justify\">Sonia et Bahija portent leurs pagnes habituels aux rayures   voyantes qui animent la p\u00e9nombre de la chambre chaude du hammam.<\/p>\n<p align=\"justify\">Il y a peu de femmes \u00e0 cette heure : quatre ou cinq de   l\u2019autre c\u00f4t\u00e9 de la dalle de marbre. Elles demandent \u00e0 la harza de les aider \u00e0   se laver les cheveux et le dos et \u00e0 chercher l\u2019eau du bassin dans de grands   seaux.<\/p>\n<p align=\"justify\">Dehors, sur la doukkana, juste couverte de nattes, tout au   plaisir de s\u2019habiller apr\u00e8s un bon hammam, Khadija, Houda et Emna en exhibent   la plus belle lingerie, s\u2019offrent eau de Cologne et parfum, bavardent,   \u00e9changent conseils et recettes en sirotant une boisson fra\u00eeche.<\/p>\n<p align=\"justify\">Il est 16 heures, les baigneuses commencent \u00e0 affluer. Il y   a des m\u00e8res de famille avec enfants endormis et nourrissons. Certaines d\u2019entre   elles prennent la maqsoura, pi\u00e8ce tapiss\u00e9e de matelas qu\u2019elles recouvrent   soigneusement de draps propres et o\u00f9 elles se reposent \u00e0 la sortie du bain.   \u00abLe droit d\u2019entr\u00e9e est de 1,600D. Avec la harza, c\u2019est le double\u00bb, indique une   sexag\u00e9naire.<\/p>\n<p align=\"justify\">Dans la seconde chambre \u2014le hammam en compte trois, une   premi\u00e8re ti\u00e8de, une deuxi\u00e8me plus chaude et une troisi\u00e8me tr\u00e8s chaude \u2014, l\u2019eau   coule \u00e0 flot et les produits de beaut\u00e9 traditionnels sont \u00e0 l\u2019honneur. La   harza, debout sur la dalle, s\u2019agenouilla ensuite, ceinturant le corps d\u2019une   baigneuse pour la masser. Elle sourit, des dents en or brillent et des seins   longs pendent sur le ventre.<\/p>\n<p align=\"justify\">D\u2019autres baigneuses, tr\u00e8s rondes, se prom\u00e8nent, allant de   la chambre ti\u00e8de \u00e0 la chambre chaude. La chaleur humide que d\u00e9gage le lieu   permet d\u2019\u00e9liminer les toxines, de calmer les tensions musculaires et d\u2019\u00e9vacuer   le stress.<\/p>\n<p align=\"justify\">\u00abDans la chambre chaude, les pores s\u2019ouvrent et l\u2019\u00e9piderme   est d\u00e9barrass\u00e9 des impuret\u00e9s\u00bb, souligne Fatma, harza depuis quinze ans et   gardienne des secrets de beaucoup de baigneuses.<\/p>\n<p> <b> <\/b><\/p>\n<p align=\"justify\">\u00abLes femmes parlent de leurs probl\u00e8mes et de leur intimit\u00e9   avec nous\u00bb.<\/p>\n<p align=\"justify\">Le hammam a une vocation qui d\u00e9passe celle de la simple   hygi\u00e8ne. Il remplit une fonction sociale comparable \u00e0 celle du caf\u00e9 pour les   hommes. \u00abC\u2019est un espace de libert\u00e9\u00bb, explique Houda, \u00e9tudiante en sociologie.<\/p>\n<p align=\"justify\">La vapeur et l\u2019humidit\u00e9, les quelques rayons de soleil   filtr\u00e9s qui entrent par la petite fen\u00eatre au plafond donnent au lieu et aux   personnes une impression presqu\u2019irr\u00e9elle. \u00abJ\u2019appr\u00e9cie cette ambiance o\u00f9 r\u00e8gne   une atmosph\u00e8re de repos et de solitude\u00bb, souligne Houda.<\/p>\n<p align=\"justify\">\u00abCertaines m\u00e8res de famille profitent de leur visite au   hammam pour prospecter d\u2019\u00e9ventuelles \u00e9pouses pour leur fils\u00bb, indique Khadouja,   52 ans, harza depuis longtemps. \u00abPar ailleurs, la femme, avant de se marier,   passe une journ\u00e9e au hammam. Elle est g\u00e9n\u00e9ralement accompagn\u00e9e de ses amies.   Il s\u2019agit d\u2019un rite traditionnel dans notre pays\u00bb.<\/p>\n<p align=\"justify\">Le\u00efla, jeune baigneuse, fr\u00e9quente le hammam de m\u00e8re en   fille : \u00abMon arri\u00e8re-grand-m\u00e8re fr\u00e9quentait d\u00e9j\u00e0 le hammam. C\u2019est un endroit   magique : c\u2019est plus qu\u2019un lieu o\u00f9 on se lave\u00bb.<\/p>\n<p align=\"justify\">Les b\u00e9n\u00e9dictions vont \u00e0 la masseuse que plusieurs femmes   demandent. D\u2019autres femmes, muettes, se d\u00e9visagent \u00e0 travers la vapeur.<\/p>\n<p> <b> <\/b><\/p>\n<p align=\"justify\">L\u2019envers du d\u00e9cor<\/p>\n<p align=\"justify\">Mais que cache cet univers familier, tout de vapeur et   d\u2019intimit\u00e9 ?<\/p>\n<p align=\"justify\">M. Zoube\u00efr Ben Sa\u00efd, pr\u00e9sident de la Chambre nationale des   hammams traditionnels, 30 ans d\u2019exp\u00e9rience, d\u00e9clare : \u00abIl n\u2019existe pas de   cahier des charges pour l\u2019organisation des bains maures\u00bb. L\u2019Utica, juge-t-il,   ne s\u2019occupe pas des petits m\u00e9tiers comme elle s\u2019occupe des autres. Or, le   hammam s\u2019inscrit dans la cat\u00e9gorie des petits m\u00e9tiers. Certes, il y a un   cahier des charges sanitaires. Il pr\u00e9cise l\u2019obligation relative au sol   antid\u00e9rapant, \u00e0 l\u2019\u00e9tanch\u00e9it\u00e9, au contr\u00f4le du CO2, au zoukaq. Toutefois, le   contr\u00f4le ne se fait pas r\u00e9guli\u00e8rement.<\/p>\n<p align=\"justify\">Par ailleurs, ajoute M. Ben Sa\u00efd, le hammam est consid\u00e9r\u00e9   comme un \u00e9tablissement purement fonctionnel. Le c\u00f4t\u00e9 patrimoine est rel\u00e9gu\u00e9 au   second plan. L\u2019exemple du hammam \u00abSaheb Ettaba\u00e2\u00bb en est la preuve. Ce bain   maure de 1.000 m2, construit en 1800 et attenant \u00e0 la mosqu\u00e9e Saheb Ettaba\u00e2,   est d\u00e9laiss\u00e9, alors qu\u2019il fait partie de notre patrimoine.<\/p>\n<p align=\"justify\">En Tunisie, nous fait savoir M. Ben Sa\u00efd, il n\u2019existe pas   d\u2019architecte sp\u00e9cialis\u00e9 dans la construction de bains maures traditionnels.<\/p>\n<p align=\"justify\">S\u2019agissant de l\u2019\u00e9nergie, le br\u00fbleur des bains maures   fonctionne d\u00e9sormais au mazout ou au gaz. \u00abOr, en dehors de la capitale, tous   les bains maures fonctionnent au mazout, ce qui revient tr\u00e8s cher. Les charges   ont ainsi augment\u00e9\u00bb, fait observer M. Ben Sa\u00efd qui consid\u00e8re, en outre, que   les imp\u00f4ts sont lourds : \u00abNous sommes assujettis au r\u00e9gime correspondant \u00e0 la   cat\u00e9gorie des hommes d\u2019affaires\u00bb.<\/p>\n<p align=\"justify\">C\u00f4t\u00e9 formation professionnelle, M. Ben Sa\u00efd indique que   celle-ci s\u2019impose aux masseurs de hammam : \u00abNous avons enregistr\u00e9 des   accidents par manque de savoir-faire\u00bb.<\/p>\n<p align=\"justify\">Un d\u00e9cret pr\u00e9sidentiel, en date du 30\/8\/2002, rappelle le   repr\u00e9sentant de la profession, stipule que le masseur est un travailleur   ind\u00e9pendant et non un salari\u00e9. \u00abOr, la CNSS n\u2019est pas en train de l\u2019appliquer   et continue de r\u00e9clamer le paiement de charges\u2026\u00bb, fait valoir M. Ben Sa\u00efd en   guise de conclusion.<\/p>\n<p> <font face=\"Arial\" size=\"2\"><b> <\/b><\/p>\n<p align=\"justify\">(Source\u00a0: \u00ab\u00a0La Presse\u00a0\u00bb du 31 d\u00e9cembre 2005) <\/p>\n<p> <\/font> <\/p>\n<div>\n<hr\/><\/div>\n<p> <b><font face=\"Arial\" size=\"2\"> <\/p>\n<p align=\"center\">Nouveau : <\/p>\n<p> <\/font><\/p>\n<h3 style=\"color: blue;\"><font face=\"Arial\" size=\"3\"> <\/p>\n<p align=\"center\">Un r\u00e9seau des d\u00e9mocrates arabes<\/p>\n<p> <\/font><\/h3>\n<p><font face=\"Arial\" size=\"2\"> <\/p>\n<p align=\"justify\">B. MOKHLISS<\/p>\n<p> <\/font><\/b> <\/p>\n<p align=\"justify\">La volont\u00e9 de cr\u00e9er une entit\u00e9 commune pour les d\u00e9mocrates   arabes a r\u00e9uni \u00e0 Casablanca, autour de la m\u00eame table, des islamistes, des   la\u00efcs, des lib\u00e9raux et des gauchistes<\/p>\n<p align=\"justify\">Des islamistes, des la\u00efcs, des gauchistes et des lib\u00e9raux   des pays arabes se sont donn\u00e9s rendezvous, les 16 et 17 d\u00e9cembre, \u00e0   Casablanca. L\u2019objectif \u00e9tait de cr\u00e9er un r\u00e9seau des d\u00e9mocrates dans les pays   arabes. A cette rencontre \u00ab panarabe \u00bb ont particip\u00e9 des figures connues de la   sc\u00e8ne politique marocaine.<\/p>\n<p align=\"justify\">En effet, les leaders de deux partis islamistes ont   particip\u00e9 \u00e0 ce congr\u00e8s constitutif du r\u00e9seau. Il s\u2019agit de Sa\u00e2ddine Othmani,   secr\u00e9taire g\u00e9n\u00e9ral du Parti de la Justice et D\u00e9veloppement (PJD) et d\u2019un   second membre du bureau politique du parti, Mohamed Yatim.<\/p>\n<p align=\"justify\">L\u2019autre parti islamiste est celui de Mustapha Lmouatassim,   parti Al Badil Al Hadari (alternative civilisationnelle). Mohamed Ben Hammou,   le secr\u00e9taire g\u00e9n\u00e9ral du parti Initiatives Citoyennes pour le D\u00e9veloppement   \u00e9tait \u00e9galement de la partie. Ceux qui \u00e9taient pr\u00e9sents en force, c\u2019\u00e9tait les   membres du \u00ab Centre des \u00e9tudes et de recherches Humaines \u00bb, notamment son   directeur Mokhtar Abdellaoui.<\/p>\n<p align=\"justify\">Cependant, d\u2019autres invit\u00e9s \u00e0 cette rencontre n\u2019y ont pas   r\u00e9pondu favorablement. Il s\u2019agit entre autres de la figure de proue de   l\u2019association islamiste Al Adl Wal Ihsane, Nadia Yassine, Abdellah Oualadi,   pr\u00e9sident de l\u2019OMDH, Mohammed Sassi, dirigeant du parti socialiste unifi\u00e9,   Mohamed Aujjar, ex-ministre des droits de l\u2019Homme,\u2026 Quant \u00e0 Khaled Charkaoui   Sammouni, secr\u00e9taire g\u00e9n\u00e9ral du Centre Marocain pour les droits de l\u2019Homme,   m\u00eame s\u2019il n\u2019a pas assist\u00e9 aux travaux, il a adress\u00e9 aux participants une   lettre o\u00f9 il a demand\u00e9 son adh\u00e9sion au r\u00e9seau.<\/p>\n<p align=\"justify\">Issam Al Arayan, leader des \u00ab fr\u00e8res musulmans \u00bb de   l\u2019Egypte qui viennent de faire un ras de mar\u00e9e aux derni\u00e8res \u00e9lections   \u00e9gyptiennes, n\u2019a pas pu assister \u00e0 ces travaux. Il a \u00e9t\u00e9 interdit (par les   autorit\u00e9s \u00e9gyptiennes) de quitter le territoire.<\/p>\n<p align=\"justify\">L\u2019autre \u00e9gyptien, Saadeddine Ibrahim du Centre Ibn Khaldoun   a, lui, pu assister \u00e0 ce congr\u00e8s constitutif. Il y avait, bien s\u00fbr, les   repr\u00e9sentants d\u2019autres pays arabes : Jordanie, Alg\u00e9rie, Iraq, Libye, Liban,   Oman, Bahrein, Tunisie, Syrie\u2026 <\/p>\n<p align=\"justify\">Les d\u00e9mocrates arabes cherchent \u00e0 s\u2019unir Les initiateurs de   cette action aspirent \u00e0 cr\u00e9er une entit\u00e9 commune de tous les d\u00e9mocrates arabes,   la\u00efcs ou islamistes. Ils veulent avoir un impact sur les politiques nationales   et internationales. Ils visent aussi \u00e0 se solidariser avec les acteurs   appelant \u00e0 la r\u00e9forme d\u00e9mocratique, la bonne gouvernance et l\u2019acc\u00e9l\u00e9ration du   rythme de la r\u00e9forme dans le sens de la transition d\u00e9mocratique.<\/p>\n<p align=\"justify\">Le r\u00e9seau explique ainsi ses motivations. Tout d\u2019abord, les   efforts \u00e9parpill\u00e9s des d\u00e9mocrates ont besoin d\u2019une coordination pour dynamiser   la participation politique. Mais surtout, les pr\u00e9mices du danger de   l\u2019extr\u00e9misme se font de plus en plus sentir. Ce qui n\u00e9cessite l\u2019unification et   la coordination des efforts de tous les d\u00e9mocrates.<\/p>\n<p align=\"justify\">D\u2019ailleurs, la cr\u00e9ation du r\u00e9seau n\u2019est pas une id\u00e9e qui   vient de na\u00eetre. Elle est le fruit de sept ann\u00e9es de coordination, affirme le   tunisien Redouan Masmoudi, directeur du \u00ab centre des \u00e9tudes islamiques et de   la d\u00e9mocratie \u00bb, le principal fondateur du r\u00e9seau \u00e0 c\u00f4t\u00e9 du marocain Mokhtar   Abdellaoui.<\/p>\n<p align=\"justify\">Le r\u00e9seau se d\u00e9marque du \u00ab Forum pour l\u2019Avenir \u00bb   L\u2019institution \u00ab Partenaires pour la r\u00e9forme d\u00e9mocratique \u00bb, d\u00e9pendante du   d\u00e9partement d\u2019Etat am\u00e9ricain a \u00e9t\u00e9 parmi les participants au congr\u00e8s   constitutif du \u00ab r\u00e9seau des d\u00e9mocrates arabes \u00bb. Cette pr\u00e9sence a soulev\u00e9 des   interrogations quant \u00e0 l\u2019ind\u00e9pendance de cette nouvelle entit\u00e9 par rapport aux   initiatives am\u00e9ricaines voulant imposer \u00ab sa d\u00e9mocratie \u00bb dans les pays du   Proche Orient et qui a \u00e9t\u00e9 affich\u00e9e durant les travaux du \u00ab Forum pour   l\u2019Avenir \u00bb.<\/p>\n<p align=\"justify\">Des membres du comit\u00e9 pr\u00e9paratoire ont ni\u00e9 l\u2019existence   d\u2019une relation du r\u00e9seau avec les objectifs du Forum pour l\u2019Avenir et des   initiatives am\u00e9ricaines. Ils ont soulign\u00e9 que la coop\u00e9ration avec   l\u2019institution \u00abPartenaires pour la r\u00e9forme d\u00e9mocratique\u00bb se limite \u00e0 pr\u00eater   son savoir faire au r\u00e9seau dans le cadre de la formation. \u00abElle ne peut, en   aucun cas exercer sa tutelle sur nos actions. D\u2019ailleurs, c\u2019est nous qui   l\u2019avons sollicit\u00e9e en raison de son exp\u00e9rience dans la formation des cadres et   des leaders\u00bb, a soulign\u00e9 Salaheddine Al Jourchi, vice-pr\u00e9sident de la ligue   tunisienne pour la d\u00e9fense des droits de l\u2019Homme et membre du comit\u00e9   pr\u00e9paratoire du R\u00e9seau.<\/p>\n<p align=\"justify\">Le porte-parole du r\u00e9seau, Sadek El Mahdi, ancien Premier   ministre du Soudan et pr\u00e9sident du parti Oumma (opposition), a soulign\u00e9 pour   sa part qu\u2019il est pr\u00e9matur\u00e9 de juger le r\u00e9seau sur son action alors qu\u2019il est   en phase de construction. \u00ab Le r\u00e9seau doit instituer des r\u00e8gles pour le   dialogue avec toutes les initiatives qui visent \u00e0 influencer l\u2019\u00e9quation   politique dans la r\u00e9gion arabe. Comme il doit \u0153uvrer \u00e0 d\u00e9voiler toutes les   actions qui parlent de la d\u00e9mocratie sans la vouloir \u00bb, a soulign\u00e9   l\u2019ex-Premier ministre soudanais.<\/p>\n<p align=\"justify\">Le r\u00e9seau reste ouvert aux autres forces qui d\u00e9sirent   l\u2019int\u00e9grer, \u00ab \u00e0 condition de respecter sa charte \u00bb, pr\u00e9cisent les fondateurs.<\/p>\n<p> <font face=\"Arial\" size=\"2\"> <\/p>\n<p align=\"justify\"><strong>(Source\u00a0: \u00ab\u00a0LE REPORTER\u00a0\u00bb (Maroc), N\u00b0 349 du 22   d\u00e9cembre 2005)<\/strong><\/p>\n<p><\/font><font face=\"Arial\" size=\"2\"> <\/p>\n<div> <strong><\/p>\n<hr\/>\n<p><\/strong> <\/div>\n<p> <\/font><\/p>\n<h3 style=\"color: blue;\"><font face=\"Arial\" size=\"3\"> <\/p>\n<p align=\"center\"><strong>La France, \u00ab\u00a0homme malade\u00a0\u00bb de l&rsquo;Europe, <\/strong><\/p>\n<p> <\/font><\/h3>\n<p><font face=\"Arial\" size=\"2\"> <\/p>\n<p align=\"justify\"><strong>par Nicolas Baverez (*)<\/strong><\/p>\n<p> <\/font> <\/p>\n<p align=\"justify\">Pour la France, 2005 restera une ann\u00e9e terrible mais aussi   un tournant. Une ann\u00e9e terrible, rythm\u00e9e par les \u00e9checs et les crises qui,   dans le droit-fil du collapsus social de 1995 et du krach civique de 2002, ont   act\u00e9 le d\u00e9clin du pays et l&rsquo;\u00e9clatement de la nation. Au plan ext\u00e9rieur,   l&rsquo;\u00e9chec du r\u00e9f\u00e9rendum a bris\u00e9 net un demi-si\u00e8cle d&rsquo;engagement europ\u00e9en, qui   constituait le dernier axe stable de la diplomatie et de la vie politique   nationales. La d\u00e9faite de la candidature de Paris face \u00e0 Londres pour   l&rsquo;organisation des Jeux olympiques de 2012 a cristallis\u00e9 la marginalisation de   la France en Europe et dans le monde et soulign\u00e9 l&rsquo;archa\u00efsme d&rsquo;un pays mus\u00e9e,   en rupture avec la modernit\u00e9 du XXIe si\u00e8cle. Enfin les \u00e9meutes urbaines, dans   leur double dimension sociale et raciale, ont sanctionn\u00e9 la d\u00e9sint\u00e9gration du   pseudo-mod\u00e8le fran\u00e7ais, le blocage de l&rsquo;int\u00e9gration, la balkanisation d&rsquo;une   soci\u00e9t\u00e9 atomis\u00e9e par un quart de si\u00e8cle de ch\u00f4mage de masse.<\/p>\n<p align=\"justify\">Mais aussi un tournant pour trois raisons. La premi\u00e8re   provient de la sortie de Jacques Chirac de la vie politique : d\u00e9l\u00e9gitim\u00e9 en   France, discr\u00e9dit\u00e9 en dehors des fronti\u00e8res, il persiste \u00e0 occuper la fonction   pr\u00e9sidentielle mais ne l&rsquo;exerce plus ; il peut encore nuire mais ne peut plus   agir. D&rsquo;o\u00f9 une situation in\u00e9dite sous la Ve R\u00e9publique qui voit le pr\u00e9sident   r\u00e9duit \u00e0 se mettre au service de son premier ministre, candidat par   procuration investi de la mission de poursuivre le chiraquisme par d&rsquo;autres   moyens.<\/p>\n<p align=\"justify\">La deuxi\u00e8me tient \u00e0 la prise de conscience par les Fran\u00e7ais   de la crise nationale majeure que traverse le pays : la succession des revers   a d\u00e9chir\u00e9 le voile de la d\u00e9magogie qui recouvrait depuis un quart de si\u00e8cle le   divorce progressif de la France avec la nouvelle donne historique issue de la   mondialisation et de l&rsquo;apr\u00e8s-guerre froide, d\u00e9couvrant aux yeux dessill\u00e9s des   citoyens une situation comparable \u00e0 l&rsquo;agonie de la IVe R\u00e9publique, avec la   guerre d&rsquo;Alg\u00e9rie et l&rsquo;inflation en moins, le ch\u00f4mage de masse et la guerre   civile larv\u00e9e en plus.<\/p>\n<p align=\"justify\">La troisi\u00e8me est \u00e0 chercher dans l&rsquo;\u00e9volution des mentalit\u00e9s   et l&rsquo;\u00e9branlement du conservatisme de l&rsquo;opinion, avec d&rsquo;un c\u00f4t\u00e9 la   compr\u00e9hension du caract\u00e8re insoutenable d&rsquo;un mod\u00e8le qui condamne les jeunes   g\u00e9n\u00e9rations \u00e0 l&rsquo;exclusion, au ch\u00f4mage, \u00e0 la paup\u00e9risation et \u00e0 un endettement   explosif, de l&rsquo;autre la conviction qu&rsquo;il n&rsquo;existe pas de solution \u00e0   l&rsquo;int\u00e9rieur du syst\u00e8me actuel. D&rsquo;o\u00f9 un changement d&rsquo;attitude, manifeste lors   des r\u00e9cents mouvements sociaux vis-\u00e0-vis des deux verrous qui interdisent la   modernisation du pays : la protection du mod\u00e8le d&rsquo;\u00e9conomie administr\u00e9e et de   soci\u00e9t\u00e9 ferm\u00e9e issu des ann\u00e9es 1960 ; la sanctuarisation du secteur public.<\/p>\n<p align=\"justify\">Toutes les conditions d&rsquo;une situation pr\u00e9r\u00e9volutionnaire se   trouvent aujourd&rsquo;hui r\u00e9unies : d&rsquo;une part une crise aigu\u00eb de la repr\u00e9sentation   politique qui d\u00e9passe les gouvernants pour englober l&rsquo;ensemble de la classe   politique ; une ins\u00e9curit\u00e9 \u00e9conomique et sociale end\u00e9mique ; des finances   publiques en faillite avec une dette qui s&#8217;emballe, en progression de 10   points de PIB durant le quinquennat, minant la souverainet\u00e9 du pays tout en   fonctionnant comme une arme de destruction massive de la croissance et de   l&#8217;emploi ; enfin le m\u00e9lange de honte et de col\u00e8re qui s&#8217;empare des citoyens   d&rsquo;une nation qui est devenue la ris\u00e9e de l&rsquo;Europe et du monde d\u00e9velopp\u00e9. De   l&rsquo;autre, des \u00e9checs accumul\u00e9s qui amplifient les peurs et les pulsions   irrationnelles.<\/p>\n<p align=\"justify\">Le refus de la Constitution europ\u00e9enne a lib\u00e9r\u00e9 les   tentations nationalistes et protectionnistes, conduisant \u00e0 une OPA   intellectuelle de l&rsquo;altermondialisme sur la gauche, Parti socialiste en t\u00eate,   mais aussi sur une partie de la droite puisque le pr\u00e9sident de la R\u00e9publique   ne craint pas d&rsquo;affirmer que le lib\u00e9ralisme constitue une menace pour la   d\u00e9mocratie \u00e9quivalente \u00e0 ce qu&rsquo;\u00e9tait le communisme au temps de la guerre   froide. Dans le m\u00eame temps, les \u00e9meutes urbaines ouvrent un vaste espace aux   passions x\u00e9nophobes et totalitaires, avec \u00e0 la cl\u00e9 un puissant mouvement de   basculement \u00e0 droite de la soci\u00e9t\u00e9 et, comme \u00e0 la veille de 2002, une mont\u00e9e   souterraine du vote extr\u00e9miste.<\/p>\n<p align=\"justify\">Les forces centrifuges qui sont \u00e0 l&rsquo;oeuvre dans le corps   politique et social rar\u00e9fient l&rsquo;espace qui serait n\u00e9cessaire pour un d\u00e9bat   apais\u00e9 sur la situation et la modernisation du pays. D&rsquo;o\u00f9 la d\u00e9marche   parall\u00e8le du Parti socialiste et de l&rsquo;UMP qui, \u00e0 travers le congr\u00e8s du Mans et   le compromis sur les primaires, ont privil\u00e9gi\u00e9 une unit\u00e9 de fa\u00e7ade qui   entretient une commune ambigu\u00eft\u00e9 sur leur ligne politique. D&rsquo;o\u00f9 la lancinante   r\u00e9activation des d\u00e9tours id\u00e9ologiques qui \u00e9rigent la mondialisation \u2014 via   l&rsquo;OMC \u2014 ou l&rsquo;Union europ\u00e9enne en boucs \u00e9missaires de la crise fran\u00e7aise. D&rsquo;o\u00f9   la rh\u00e9torique morbide de la comm\u00e9mo-nation qui \u00e9vince la discussion des   probl\u00e8mes du pr\u00e9sent au profit de l&rsquo;actualisation virtuelle du pass\u00e9. Les   traites et la colonisation sont assur\u00e9ment des trag\u00e9dies historiques, mais   elles ne constituent ni des concepts, ni des principes d&rsquo;action qui permettent   d&rsquo;appr\u00e9hender la condition des immigr\u00e9s en France et d&rsquo;apporter des solutions   concr\u00e8tes \u00e0 l&rsquo;\u00e9chec de leur int\u00e9gration. Aussi bien le l\u00e9gislateur, au lieu de   s&rsquo;aventurer de mani\u00e8re hasardeuse sur le terrain des historiens, serait-il   mieux inspir\u00e9 de consacrer son \u00e9nergie aux r\u00e9formes urgentes que r\u00e9clame la   situation du pays.<\/p>\n<p align=\"justify\">Pour autant, il n&rsquo;y a aucune raison de d\u00e9sesp\u00e9rer. Car si   tout peut aujourd&rsquo;hui arriver, y compris l&rsquo;engrenage de la violence, la   dynamique de la r\u00e9forme peut \u00e9galement frayer son chemin dans l&rsquo;esprit et le   coeur des Fran\u00e7ais. Voil\u00e0 pourquoi 2007 s&rsquo;annonce comme un scrutin d\u00e9cisif   pour la France et pour l&rsquo;Europe. Un scrutin d\u00e9cisif pour la France, parce que   si l&rsquo;\u00e9lection pr\u00e9sidentielle de 2007 devait, \u00e0 l&rsquo;image de 1995 et 2002, se   r\u00e9duire \u00e0 un d\u00e9bat tronqu\u00e9 puis conduire \u00e0 la reconduction des non-choix et du   prisme d\u00e9magogique, client\u00e9liste et malthusien qui a pr\u00e9valu depuis les ann\u00e9es   1980, la crise \u00e9conomique et sociale sortirait de tout contr\u00f4le. Un scrutin   d\u00e9cisif pour la France, parce qu&rsquo;il constitue la derni\u00e8re occasion de combler   le retard accumul\u00e9 sur les autres d\u00e9mocraties d\u00e9velopp\u00e9es, engag\u00e9es dans une   course de vitesse pour s&rsquo;adapter \u00e0 un monde qui met en concurrence non   seulement les entreprises mais plus encore les Etats et les soci\u00e9t\u00e9s. Un   scrutin d\u00e9cisif pour l&rsquo;Europe, dont la France est devenue l&rsquo;homme malade,   contribuant notablement \u00e0 sa panne actuelle, exportant sa crise jusqu&rsquo;\u00e0   risquer de provoquer son \u00e9clatement comme celui de l&rsquo;Euroland en cas   d&rsquo;aggravation de sa d\u00e9rive.<\/p>\n<p align=\"justify\">D&rsquo;o\u00f9 le paradoxe des dix-huit mois qui s&rsquo;\u00e9couleront avant   l&rsquo;\u00e9lection pr\u00e9sidentielle. Aucune am\u00e9lioration fondamentale n&rsquo;est \u00e0 attendre   dans la situation du pays, en dehors d&rsquo;artifices tels qu&rsquo;une baisse du ch\u00f4mage   qui doit tout au traitement statistique et \u00e0 la cr\u00e9ation d&#8217;emplois   semi-publics financ\u00e9s par la hausse de la dette. Situation logique d\u00e8s lors   que les conditions n\u00e9cessaires au changement ne sont pas remplies : le   pr\u00e9sident de la R\u00e9publique ne dispose plus d&rsquo;aucune l\u00e9gitimit\u00e9 ; les leviers   majeurs de la modernisation que sont le changement du mod\u00e8le social et la   r\u00e9forme de l&rsquo;Etat ont \u00e9t\u00e9 d&#8217;embl\u00e9e exclus ; l&rsquo;action du gouvernement est tout   enti\u00e8re orient\u00e9e vers l&rsquo;horizon \u00e9lectoral de 2007 \u00e0 l&rsquo;exclusion d&rsquo;une vision   coh\u00e9rente, comme le souligne la contradiction frontale entre le recours aux   pouvoirs exceptionnels propres \u00e0 l&rsquo;\u00e9tat d&rsquo;urgence d&rsquo;une part, la volont\u00e9 de   minimiser la gravit\u00e9 de l&rsquo;insurrection des banlieues ramen\u00e9e \u00e0 de b\u00e9nins \u00ab\u00a0troubles   sociaux\u00a0\u00bb d&rsquo;autre part ; enfin, la cohabitation hautement conflictuelle entre   le premier ministre et le ministre de l&rsquo;int\u00e9rieur interdit l&rsquo;unit\u00e9 et la   continuit\u00e9 dont toutes les exp\u00e9riences \u00e9trang\u00e8res ont montr\u00e9 qu&rsquo;elles \u00e9taient   indispensables.<\/p>\n<p align=\"justify\">Il reste que le moteur de la modernisation peut embrayer,   pour peu que les Fran\u00e7ais se mettent en mouvement et imposent de centrer le   d\u00e9bat, par leur mobilisation et leur engagement, sur la situation r\u00e9elle du   pays et les moyens de l&rsquo;am\u00e9liorer. La modernisation de la France ne d\u00e9pend ni   de la mondialisation ni de l&rsquo;Europe, mais des Fran\u00e7ais qui conservent la   ma\u00eetrise de leur destin. A condition de surmonter les tentations   protectionnistes et s\u00e9curitaires, nationalistes et x\u00e9nophobes, pour examiner   et trancher, non pas de mani\u00e8re passionnelle ou d\u00e9magogique mais de mani\u00e8re   rationnelle, les questions cardinales qui ont \u00e9t\u00e9 \u00e9lud\u00e9es lors des derniers   scrutins : comment r\u00e9tablir le couplage de l&rsquo;autorit\u00e9 et de la responsabilit\u00e9   du chef de l&rsquo;Etat ? quels principes utiliser pour refonder une nation ? quels   changements instaurer dans l&rsquo;Etat pour lui permettre de jouer son r\u00f4le de   r\u00e9assureur des risques globaux de l&rsquo;\u00e9conomie et de la soci\u00e9t\u00e9 ouvertes ? quels   positionnements pour le syst\u00e8me productif et le territoire fran\u00e7ais \u00e0   l&rsquo;horizon des ann\u00e9es 2010 ? quelles transformations apporter au mod\u00e8le   \u00e9conomique et social pour concilier efficacit\u00e9 et \u00e9quit\u00e9, comp\u00e9titivit\u00e9 et   solidarit\u00e9 dans l&rsquo;univers de la mondialisation ? quels leviers employer pour   d\u00e9bloquer la soci\u00e9t\u00e9, l&rsquo;ouvrir en direction des jeunes, des immigr\u00e9s, des   exclus ? quelles voies pour contribuer \u00e0 r\u00e9tablir l&rsquo;unit\u00e9 des d\u00e9mocraties et   relancer l&rsquo;Europe ?<\/p>\n<p align=\"justify\">Pour prix des \u00e9checs et des revers dont ils sont les   premi\u00e8res victimes, les Fran\u00e7ais ont acquis le droit de percer la bulle de   d\u00e9magogie et de mensonge qui d\u00e9vaste la vie politique nationale depuis de trop   longues ann\u00e9es et d&rsquo;acc\u00e9der \u00e0 une information objective sur la situation de   leur pays et l&rsquo;\u00e9tat du monde. Leur responsabilit\u00e9 vis-\u00e0-vis de leur patrie   comme des g\u00e9n\u00e9rations futures consiste \u00e0 cesser de s&rsquo;en remettre \u00e0 un   pr\u00e9sident de droit divin ou \u00e0 l&rsquo;Etat pour exiger de ceux qui aspirent \u00e0 les   gouverner des choix coh\u00e9rents dont ils assument les cons\u00e9quences pr\u00e9visibles.   A conjurer les tentations de r\u00e9gression vers un pass\u00e9 mythique et les passions   extr\u00e9mistes, \u00e0 sanctionner sans faiblesse les cyniques et les d\u00e9magogues pour   ouvrir r\u00e9solument la voie \u00e0 une nouvelle g\u00e9n\u00e9ration, en rupture avec la   R\u00e9publique des truqueurs et des g\u00e9rontes, \u00e0 qui il reviendra de reconstruire   un pays moderne, puissant et respect\u00e9 dans le monde du XXIe si\u00e8cle. <\/p>\n<p> <font face=\"Arial\" size=\"2\"><b> <\/b><\/p>\n<p align=\"justify\">(*) Nicolas Baverez est \u00e9conomiste, historien et avocat.   Auteur notamment de \u00ab\u00a0La France qui tombe\u00a0\u00bb (Perrin, 2003).<\/p>\n<p> <\/font><font face=\"Arial\" size=\"2\"><b> <\/b><\/p>\n<p align=\"justify\">(Source\u00a0: Article paru dans l&rsquo;\u00e9dition du journal \u00ab\u00a0Le   Monde\u00a0\u00bb du 30.12.05) <\/p>\n<p><\/font><\/div>\n<p><\/o:p><\/o:p><\/o:p><\/o:p><\/o:p><\/p>\n<hr\/>\n<p align=\"center\"><b><a href=\"http:\/\/www.tunisnews.net\"><span>Home<\/span><span lang=\"FR-CH\"> &#8211; Accueil <\/span><span>&#8211; <\/span><span dir=\"RTL\" lang=\"AR-SA\">\u0627\u0644\u0631\u0626\u064a\u0633\u064a\u0629<\/span><\/a><\/b><\/p>\n<p align=\"center\"><b><span dir=\"RTL\" lang=\"AR-SA\">\u00a0<\/span><\/b><\/p>\n<p><\/body><\/body><\/html><\/p>\n","protected":false},"excerpt":{"rendered":"<p>Home &#8211; Accueil &#8211; \u0627\u0644\u0631\u0626\u064a\u0633\u064a\u0629 TUNISNEWS 6\u00a0\u00e8me\u00a0ann\u00e9e, N\u00b0\u00a02049 du 31.12.2005 \u00a0archives : www.tunisnews.net Solidarit\u00e9 Tunisienne: Un acte ignoble qui vise l\u00b4intimadation de Monsieur Jendoubi Luiza Toscane: Ali Na\u00eftibourk a \u00e9t\u00e9 renvoy\u00e9 \u00e0 Casablanca Le Quotidien: Association des Magistrats Tunisiens : Seize postes vacants combl\u00e9s au sein de la Commission administrative Le Quotidien : Soir\u00e9e du [&hellip;]<\/p>\n","protected":false},"author":1,"featured_media":22040,"comment_status":"open","ping_status":"open","sticky":false,"template":"","format":"standard","meta":{"inline_featured_image":false,"site-sidebar-layout":"default","site-content-layout":"","ast-site-content-layout":"default","site-content-style":"default","site-sidebar-style":"default","ast-global-header-display":"","ast-banner-title-visibility":"","ast-main-header-display":"","ast-hfb-above-header-display":"","ast-hfb-below-header-display":"","ast-hfb-mobile-header-display":"","site-post-title":"","ast-breadcrumbs-content":"","ast-featured-img":"","footer-sml-layout":"","ast-disable-related-posts":"","theme-transparent-header-meta":"","adv-header-id-meta":"","stick-header-meta":"","header-above-stick-meta":"","header-main-stick-meta":"","header-below-stick-meta":"","astra-migrate-meta-layouts":"default","ast-page-background-enabled":"default","ast-page-background-meta":{"desktop":{"background-color":"","background-image":"","background-repeat":"repeat","background-position":"center center","background-size":"auto","background-attachment":"scroll","background-type":"","background-media":"","overlay-type":"","overlay-color":"","overlay-opacity":"","overlay-gradient":""},"tablet":{"background-color":"","background-image":"","background-repeat":"repeat","background-position":"center center","background-size":"auto","background-attachment":"scroll","background-type":"","background-media":"","overlay-type":"","overlay-color":"","overlay-opacity":"","overlay-gradient":""},"mobile":{"background-color":"","background-image":"","background-repeat":"repeat","background-position":"center center","background-size":"auto","background-attachment":"scroll","background-type":"","background-media":"","overlay-type":"","overlay-color":"","overlay-opacity":"","overlay-gradient":""}},"ast-content-background-meta":{"desktop":{"background-color":"var(--ast-global-color-5)","background-image":"","background-repeat":"repeat","background-position":"center center","background-size":"auto","background-attachment":"scroll","background-type":"","background-media":"","overlay-type":"","overlay-color":"","overlay-opacity":"","overlay-gradient":""},"tablet":{"background-color":"var(--ast-global-color-5)","background-image":"","background-repeat":"repeat","background-position":"center center","background-size":"auto","background-attachment":"scroll","background-type":"","background-media":"","overlay-type":"","overlay-color":"","overlay-opacity":"","overlay-gradient":""},"mobile":{"background-color":"var(--ast-global-color-5)","background-image":"","background-repeat":"repeat","background-position":"center center","background-size":"auto","background-attachment":"scroll","background-type":"","background-media":"","overlay-type":"","overlay-color":"","overlay-opacity":"","overlay-gradient":""}},"footnotes":""},"categories":[],"tags":[64,36,29],"class_list":["post-15946","post","type-post","status-publish","format-standard","has-post-thumbnail","hentry","tag-64","tag-36","tag-fr"],"_links":{"self":[{"href":"https:\/\/tunisnews.net\/ar\/wp-json\/wp\/v2\/posts\/15946","targetHints":{"allow":["GET"]}}],"collection":[{"href":"https:\/\/tunisnews.net\/ar\/wp-json\/wp\/v2\/posts"}],"about":[{"href":"https:\/\/tunisnews.net\/ar\/wp-json\/wp\/v2\/types\/post"}],"author":[{"embeddable":true,"href":"https:\/\/tunisnews.net\/ar\/wp-json\/wp\/v2\/users\/1"}],"replies":[{"embeddable":true,"href":"https:\/\/tunisnews.net\/ar\/wp-json\/wp\/v2\/comments?post=15946"}],"version-history":[{"count":0,"href":"https:\/\/tunisnews.net\/ar\/wp-json\/wp\/v2\/posts\/15946\/revisions"}],"wp:featuredmedia":[{"embeddable":true,"href":"https:\/\/tunisnews.net\/ar\/wp-json\/wp\/v2\/media\/22040"}],"wp:attachment":[{"href":"https:\/\/tunisnews.net\/ar\/wp-json\/wp\/v2\/media?parent=15946"}],"wp:term":[{"taxonomy":"category","embeddable":true,"href":"https:\/\/tunisnews.net\/ar\/wp-json\/wp\/v2\/categories?post=15946"},{"taxonomy":"post_tag","embeddable":true,"href":"https:\/\/tunisnews.net\/ar\/wp-json\/wp\/v2\/tags?post=15946"}],"curies":[{"name":"wp","href":"https:\/\/api.w.org\/{rel}","templated":true}]}}