{"id":15903,"date":"2011-05-13T00:00:00","date_gmt":"2011-05-13T00:00:00","guid":{"rendered":"https:\/\/tunisnews.net\/13-mai-2011\/"},"modified":"2011-05-13T00:00:00","modified_gmt":"2011-05-13T00:00:00","slug":"13-mai-2011","status":"publish","type":"post","link":"https:\/\/tunisnews.net\/ar\/13-mai-2011\/","title":{"rendered":"13 mai 2011"},"content":{"rendered":"<p><html><head><meta content=\"text\/html\" description=\"GENEVA, May 12 (Reuters) - \n\t\tThe United Nations investigator on torture plans to visit Tunisia next \n\t\tweek to help transitional authorities ensure that torturers under the \n\t\tprevious regime are prosecuted and their victims compensated. Juan \n\t\tMendez, U.N. special rapporteur on torture and other cruel, inhuman or \n\t\tdegrading treatment or punishment, will be making his first mission \n\t\tsince taking up the independent post on November 1.\" http-equiv=\"Content-Type\"\/><\/head><body><body><\/p>\n<div>\n<div align=\"center\" dir=\"ltr\"><font face=\"Bookman Old Style\" size=\"7\"><strong>TUNISNEWS <\/strong><\/font><\/div>\n<div align=\"center\" dir=\"ltr\"><strong><font face=\"Arial\" size=\"2\">11 \u00e8me ann\u00e9e, N\u00b04007 du 13.05.2011<\/font><\/strong><\/div>\n<div align=\"center\" dir=\"ltr\"><font face=\"Arial\" size=\"2\"><strong>archives : <\/strong><\/font><a target=\"_blank\" rel=\"noopener\"><font face=\"Arial\" size=\"2\"><strong>www.tunisnews.net<\/strong><\/font><\/a><span lang=\"FR\"><strong><font face=\"Arial\" size=\"2\"><\/font><\/strong><\/span><\/div>\n<p><span lang=\"FR\"><\/p>\n<p><font><\/p>\n<div align=\"center\" dir=\"ltr\"><font face=\"Arial\" size=\"2\"><\/p>\n<hr\/>\n<p><\/font><\/div>\n<div align=\"left\">\u00a0<\/div>\n<div><font face=\"Arial\" size=\"2\"><strong>Reuters: U.N. torture sleuth heads to Tunisia next week<\/strong><\/font><\/div>\n<div><font face=\"Arial\" size=\"2\"><strong>AFP: Prochaine visite en Tunisie du rapporteur de l&rsquo;ONU sur la torture<\/strong><\/font><\/div>\n<div><font face=\"Arial\" size=\"2\"><strong>AFP: A Tunis, des habitants exasp\u00e9r\u00e9s par les soubresauts de violence<\/strong><\/font><\/div>\n<div><font face=\"Arial\" size=\"2\"><strong>Reuters: ANALYSIS-Tunisia under pressure to stick to vote timetable<\/strong><\/font><\/div>\n<div><font face=\"Arial\" size=\"2\"><strong>Reuters: Le \u00ab\u00a0printemps arabe\u00a0\u00bb sur le fil du rasoir, selon Amnesty<\/strong><\/font><\/div>\n<div><font face=\"Arial\" size=\"2\"><strong>Khaled Falah: La Tunisie ne veut pas de \u00ab protecteurs \u00bb<\/strong><\/font><\/div>\n<div><font face=\"Arial\" size=\"2\"><strong>Houcine Ghali: Tunisie &#8211; R\u00e9volution sans r\u00e9volutionnaires<\/strong><\/font><\/div>\n<p><\/font><\/p>\n<p><\/span><\/p>\n<div>\n<hr\/>\n<\/div>\n<div><font face=\"Arial\" size=\"4\"><strong>REVUE DE PRESSE<\/strong><\/font> <\/div>\n<div>\n<hr\/>\n<\/div>\n<div align=\"justify\">\n<p><i><u><span lang=\"FR-CH\"><font face=\"Arial\" size=\"2\">Reuters, le 12 mai 2011 \u00e0 16h16 GMT<\/font><\/span><\/u><\/i><\/p>\n<p align=\"center\"><b><span lang=\"EN-US\"><\/p>\n<h2 style=\"color: red;\"><font face=\"Arial\">U.N. torture sleuth heads to Tunisia next week<\/font><\/h2>\n<p> <\/span><\/b><\/p>\n<hr\/>\n<p>\u00a0<\/p>\n<p><span lang=\"EN-US\"><font face=\"Arial\" size=\"2\">* Juan Mendez aims to help ensure justice for victims<\/font><\/span><\/p>\n<p><span lang=\"EN-US\"><font face=\"Arial\" size=\"2\">* Making first mission since taking up independent post<\/font><\/span><\/p>\n<p><span lang=\"EN-US\"><font face=\"Arial\" size=\"2\">GENEVA, May 12 (Reuters) &#8211; The United Nations investigator on torture plans to visit Tunisia next week to help transitional authorities ensure that torturers under the previous regime are prosecuted and their victims compensated. Juan Mendez, U.N. special rapporteur on torture and other cruel, inhuman or degrading treatment or punishment, will be making his first mission since taking up the independent post on November 1.<\/font><\/span><\/p>\n<p><span lang=\"EN-US\"><font face=\"Arial\" size=\"2\">His task was to \u00ab\u00a0help the interim government ensure justice in terms of a successful transition and assist efforts to establish the rule of law, fulfil the rights to reparations for victims torture and ill-treatment &#8230; and ensure that alleged perpetrators are held responsible\u00a0\u00bb, a U.N. statement said.<\/font><\/span><\/p>\n<p><span lang=\"EN-US\"><font face=\"Arial\" size=\"2\">Tunisia&rsquo;s security apparatus under President Zine al-Abidine Ben Ali often tortured or mistreated dissidents or activists detained for their activities, human rights groups say.<\/font><\/span><\/p>\n<p>\u00a0<\/p>\n<p><span lang=\"EN-US\"><font face=\"Arial\" size=\"2\">Ben Ali was ousted from power on Jan. 14 after weeks of unprecedented protests against poverty, corruption and political repression.<\/font><\/span><\/p>\n<p>\u00a0<\/p>\n<p><span lang=\"EN-US\"><font face=\"Arial\" size=\"2\">Mendez is a lawyer who survived torture while jailed by the military dictatorship in his native Argentina in the mid-1970s for defending opponents of the regime. He was later expelled and now teaches law at American University in Washington, D.C.<\/font><\/span><\/p>\n<p>\u00a0<\/p>\n<p><span lang=\"EN-US\"><font face=\"Arial\" size=\"2\">He will hold talks with senior officials of Tunisia&rsquo;s provisional government, a fact-finding commission dealing with human rights abuses as well as members of the judiciary, legislature and civil society, according to the U.N. statement.<\/font><\/span><\/p>\n<p>\u00a0<\/p>\n<p><span lang=\"EN-US\"><font face=\"Arial\" size=\"2\">Mendez will also meet torture victims and their families during his May 15-22 visit, which will include stops in Tunis, Bizerte and Kasserine.<\/font><\/span><\/p>\n<p><span lang=\"EN-US\"><font face=\"Arial\" size=\"2\">He will issue a final report to the U.N. Human Rights Council next year but make preliminary recommendations in Tunis.<\/font><\/span><\/p>\n<hr\/>\n<p>\u00a0<\/p>\n<p>\u00a0<\/p>\n<p><i><u><span lang=\"FR-CH\"><font face=\"Arial\" size=\"2\">AFP, le 12 mai 2011 \u00e0 16h39 GMT<\/font><\/span><\/u><\/i><\/p>\n<p align=\"center\"><b><span lang=\"FR-CH\"><\/p>\n<h2 style=\"color: red;\"><font face=\"Arial\">Prochaine visite en Tunisie du rapporteur de l&rsquo;ONU sur la torture<\/font><\/h2>\n<p> <\/span><\/b><\/p>\n<hr\/>\n<p>\u00a0<\/p>\n<p><span lang=\"FR-CH\"><font face=\"Arial\" size=\"2\">GENEVE, 12 Mai 2011 (AFP) &#8211; Le rapporteur sp\u00e9cial des Nations unies sur la torture, Juan M\u00e9ndez, se rendra dimanche en Tunisie pour une premi\u00e8re mission sous le gouvernement de transition, a indiqu\u00e9 jeudi l&rsquo;ONU dans un communiqu\u00e9.<\/font><\/span><\/p>\n<p><span lang=\"FR-CH\"><font face=\"Arial\" size=\"2\">La mission, qui doit durer une semaine, permettra \u00e0 l&rsquo;expert argentin \u00ab\u00a0d&rsquo;\u00e9valuer les probl\u00e8mes et les d\u00e9fis rencontr\u00e9s par le gouvernement de transition\u00a0\u00bb en Tunisie, pr\u00e9cise le communiqu\u00e9.<\/font><\/span><\/p>\n<p><span lang=\"FR-CH\"><font face=\"Arial\" size=\"2\">\u00ab\u00a0Ma t\u00e2che est d&rsquo;engager le dialogue avec les d\u00e9cideurs et les acteurs cl\u00e9s afin d&rsquo;aider le gouvernement int\u00e9rimaire \u00e0 assurer la justice par le biais d&rsquo;une transition r\u00e9ussie et d&rsquo;appuyer les efforts visant \u00e0 \u00e9tablir l&rsquo;Etat de droit\u00a0\u00bb explique le rapporteur de l&rsquo;ONU dans un communiqu\u00e9.<\/font><\/span><\/p>\n<p><span lang=\"FR-CH\"><font face=\"Arial\" size=\"2\">\u00ab\u00a0Les nouvelles autorit\u00e9s ont pris un certain nombre de mesures afin d&rsquo;assurer que les auteurs des violations soient tenus responsables et que des r\u00e9formes \u00e0 long terme soient entreprises\u00a0\u00bb a-t-il ajout\u00e9.<\/font><\/span><\/p>\n<p><span lang=\"FR-CH\"><font face=\"Arial\" size=\"2\">\u00ab\u00a0En tant que Rapporteur sp\u00e9cial des Nations unies sur la torture et autres peines ou traitements cruels, inhumains ou d\u00e9gradants, je me concentrerai sur l&rsquo;identification des domaines dans lesquels je peux pr\u00eater assistance\u00a0\u00bb a-t-il insist\u00e9.<\/font><\/span><\/p>\n<p><span lang=\"FR-CH\"><font face=\"Arial\" size=\"2\">Il rencontrera notamment des repr\u00e9sentants du Gouvernement provisoire, du pouvoir judiciaire, du pouvoir l\u00e9gislatif, de la Commission d&rsquo;\u00e9tablissement des faits sur les abus des droits de l&rsquo;homme depuis les \u00e9v\u00e8nements de d\u00e9cembre 2010, du Conseil sur la r\u00e9forme constitutionnelle et la protection des acquis de la r\u00e9volution, des m\u00e9dias, de la soci\u00e9t\u00e9 civile, des agences des Nations unies et des organisations internationales bas\u00e9es en Tunisie.<\/font><\/span><\/p>\n<p><span lang=\"FR-CH\"><font face=\"Arial\" size=\"2\">M. M\u00e9ndez rencontrera \u00e9galement des victimes et leurs familles.<\/font><\/span><\/p>\n<p><span lang=\"FR-CH\"><font face=\"Arial\" size=\"2\">Il s&rsquo;agit de la premi\u00e8re visite officielle en Tunisie d&rsquo;un expert ind\u00e9pendant des droits de l&rsquo;homme de l&rsquo;ONU depuis la mise en place du gouvernement int\u00e9rimaire.<\/font><\/span><\/p>\n<p><span lang=\"FR-CH\"><font face=\"Arial\" size=\"2\">Le rapporteur, qui visitera la Tunisie \u00e0 l&rsquo;invitation du gouvernement, se rendra notamment \u00e0 Tunis, Bizerte et Kasserine.<\/font><\/span><\/p>\n<hr\/>\n<p>\u00a0<\/p>\n<p><i><u><span lang=\"FR-CH\"><font face=\"Arial\" size=\"2\">AFP, le 13 mai 2011 \u00e0 08h49 GMT<\/font><\/span><\/u><\/i><\/p>\n<p align=\"center\"><b><span lang=\"FR-CH\"><\/p>\n<h2 style=\"color: red;\"><font face=\"Arial\">A Tunis, des habitants exasp\u00e9r\u00e9s par les soubresauts de violence<\/font><\/h2>\n<p> <\/span><\/b><\/p>\n<hr\/>\n<p>\u00a0<\/p>\n<p><span lang=\"FR-CH\"><font face=\"Arial\" size=\"2\">Par Najeh MOUELHI et Sonia BAKARIC<\/font><\/span><\/p>\n<p>\u00a0<\/p>\n<p><span lang=\"FR-CH\"><font face=\"Arial\" size=\"2\">TUNIS, 13 Mai 2011 (AFP) &#8211; Devant son restaurant avenue Habib Bourguiba \u00e0 Tunis, Mohamed Salah, se dit exasp\u00e9r\u00e9 par des violences qui lui ont fait perdre sa client\u00e8le et, comme beaucoup d&rsquo;autres, il r\u00e9clame un retour \u00e0 l&rsquo;ordre dans la Tunisie agit\u00e9e de l&rsquo;apr\u00e8s Ben Ali.<\/font><\/span><\/p>\n<p><span lang=\"FR-CH\"><font face=\"Arial\" size=\"2\">\u00ab\u00a0Notre pays va vers l&rsquo;inconnu et il faut \u00e9lire d&rsquo;urgence un pr\u00e9sident pour le sauver car j&rsquo;ai l&rsquo;impression de vivre dans les territoires occup\u00e9s et cela ne doit plus durer\u00a0\u00bb, dit-il ext\u00e9nu\u00e9, en faisant r\u00e9f\u00e9rence aux sc\u00e8nes d&rsquo;Intifada des territoires palestiniens.<\/font><\/span><\/p>\n<p><span lang=\"FR-CH\"><font face=\"Arial\" size=\"2\">Comme la plupart des Tunisiens interrog\u00e9s sur l&rsquo;avenue Bourguiba, \u00e9picentre de la contestation anti-gouvernementale, il estime que la \u00ab\u00a0priorit\u00e9 des priorit\u00e9s\u00a0\u00bb est de r\u00e9tablir l&rsquo;ordre et de relancer l&rsquo;\u00e9conomie.<\/font><\/span><\/p>\n<p><span lang=\"FR-CH\"><font face=\"Arial\" size=\"2\">La r\u00e9volution tunisienne \u00e9tait avant tout un mouvement qui a puis\u00e9 sa force sur le terrain social, avec une jeunesse min\u00e9e par le ch\u00f4mage et par la mauvaise situation \u00e9conomique face \u00e0 la fortune colossale accumul\u00e9e par le clan Ben Ali pendant 23 ans.<\/font><\/span><\/p>\n<p><span lang=\"FR-CH\"><font face=\"Arial\" size=\"2\">Apr\u00e8s l&rsquo;effervescence provoqu\u00e9e par la chute du pr\u00e9sident, le gouvernement de transition ne parvient toujours pas \u00e0 relancer l&rsquo;\u00e9conomie et \u00e0 r\u00e9tablir la s\u00e9curit\u00e9.<\/font><\/span><\/p>\n<p><span lang=\"FR-CH\"><font face=\"Arial\" size=\"2\">A quelques m\u00e8tres du restaurant de Mohamed Salah, Abdelhamid, un retrait\u00e9 de 70 ans, lance qu&rsquo;il veut avant tout le r\u00e9tablissement de la s\u00e9curit\u00e9 m\u00eame si cela doit provoquer un report des \u00e9lections d&rsquo;une assembl\u00e9e constituante pr\u00e9vues le 24 juillet.<\/font><\/span><\/p>\n<p><span lang=\"FR-CH\"><font face=\"Arial\" size=\"2\">\u00ab\u00a0Notre pays, dit-il, est au bord du gouffre sur le plan \u00e9conomique et sans s\u00e9curit\u00e9. il ne peut y avoir des \u00e9lections libres alors il vaut mieux les reporter \u00e0 une date ult\u00e9rieure\u00a0\u00bb.<\/font><\/span><\/p>\n<p><span lang=\"FR-CH\"><font face=\"Arial\" size=\"2\">L&rsquo;hypoth\u00e8se d&rsquo;un report de ce scrutin a \u00e9t\u00e9 soulev\u00e9e ces derniers jours par une intervention t\u00e9l\u00e9vis\u00e9e du Premier ministre B\u00e9ji Ca\u00efd Essebsi, qui a \u00e9voqu\u00e9 la \u00ab\u00a0lenteur\u00a0\u00bb des travaux pr\u00e9paratoires.<\/font><\/span><\/p>\n<p><span lang=\"FR-CH\"><font face=\"Arial\" size=\"2\">A Tunis, o\u00f9 aucune affiche \u00e9lectorale n&rsquo;a encore fleuri, Slim un serveur de caf\u00e9 lance devant une terrasse bond\u00e9e: \u00ab\u00a0On ne peut pas b\u00e2tir une d\u00e9mocratie dans une atmosph\u00e8re pollu\u00e9e\u00a0\u00bb par les violences.<\/font><\/span><\/p>\n<p><span lang=\"FR-CH\"><font face=\"Arial\" size=\"2\">De fait, les commer\u00e7ants de cette avenue, devenue le lieu symbolisant le renversement du r\u00e9gime autoritaire de Ben Ali le 14 janvier avant de devenir un axe o\u00f9 manifestants s&rsquo;opposent aux forces de l&rsquo;ordre du nouveau gouvernement, ont pris l&rsquo;habitude de baisser leur rideau de fer \u00e0 chaque manifestation pour prot\u00e9ger leur \u00e9tablissement.<\/font><\/span><\/p>\n<p><span lang=\"FR-CH\"><font face=\"Arial\" size=\"2\">Parmi des passants qui semblent vouloir profiter d&rsquo;une belle journ\u00e9e estivale, Karima, jeune m\u00e9decin, estime elle aussi que \u00ab\u00a0la priorit\u00e9 c&rsquo;est la s\u00e9curit\u00e9\u00a0\u00bb.<\/font><\/span><\/p>\n<p><span lang=\"FR-CH\"><font face=\"Arial\" size=\"2\">\u00ab\u00a0Je veux pouvoir sortir librement quand je veux et o\u00f9 je veux notamment \u00e0 l&rsquo;approche de l&rsquo;\u00e9t\u00e9. Je veux seulement la paix!, dit-elle, ajoutant \u00eatre sceptique sur la tenue des \u00e9lections \u00e0 la date pr\u00e9vue en raison de l&rsquo;ins\u00e9curit\u00e9.<\/font><\/span><\/p>\n<p><span lang=\"FR-CH\"><font face=\"Arial\" size=\"2\">Apr\u00e8s des manifestations r\u00e9prim\u00e9es par la police et des pillages, un couvre-feu nocturne a \u00e9t\u00e9 r\u00e9tabli le 7 mai \u00e0 Tunis et sa banlieue.<\/font><\/span><\/p>\n<p><span lang=\"FR-CH\"><font face=\"Arial\" size=\"2\">Elle dit vouloir \u00ab\u00a0sortir de cette situation stressante et ne plus voir de manifestations et ces sc\u00e8nes de violences entre Tunisiens sur l&rsquo;avenue Bourguiba qui est devenue un champ de bataille\u00a0\u00bb.<\/font><\/span><\/p>\n<p><span lang=\"FR-CH\"><font face=\"Arial\" size=\"2\">Ridha, un enseignant de 55 ans, estime quant \u00e0 lui, que la \u00ab\u00a0la priorit\u00e9 c&rsquo;est l&#8217;emploi et la s\u00e9curit\u00e9 ainsi que le renforcement des acquis relatifs aux libert\u00e9s fondamentales\u00a0\u00bb.<\/font><\/span><\/p>\n<p><span lang=\"FR-CH\"><font face=\"Arial\" size=\"2\">\u00ab\u00a0Les \u00e9lections, poursuit-il, ne vont pas aboutir \u00e0 un vrai changement dans le pays, l&rsquo;Assembl\u00e9e constituante telle qu&rsquo;elle est con\u00e7ue ne sera pas repr\u00e9sentative de la force populaire, des jeunes qui \u00e9taient tr\u00e8s actifs lors du 14 janvier tout comme les couches sociales d\u00e9favoris\u00e9es\u00a0\u00bb.<\/font><\/span><\/p>\n<p><span lang=\"FR-CH\"><font face=\"Arial\" size=\"2\">Un membre de l&rsquo;UGTT, la centrale syndicale tunisienne, Abdeljalil Bedoui estime lui, que \u00ab\u00a0ce sont des bandes anti-r\u00e9volutionnaires qui cherchent constamment \u00e0 provoquer l&rsquo;instabilit\u00e9\u00a0\u00bb.<\/font><\/span><\/p>\n<hr\/>\n<p>\u00a0<\/p>\n<p><i><u><span lang=\"FR-CH\"><font face=\"Arial\" size=\"2\">Reuters, le 13 mai 2011 \u00e0 08h49 GMT<\/font><\/span><\/u><\/i><\/p>\n<p align=\"center\"><b><span lang=\"EN-US\"><\/p>\n<h2 style=\"color: red;\"><font face=\"Arial\">ANALYSIS-Tunisia under pressure to stick to vote timetable<\/font><\/h2>\n<p> <\/span><\/b><\/p>\n<hr\/>\n<p>\u00a0<\/p>\n<p><span lang=\"EN-US\"><font face=\"Arial\" size=\"2\">* Protests, arrests and curfew in run up to July vote<\/font><\/span><\/p>\n<p><span lang=\"EN-US\"><font face=\"Arial\" size=\"2\">* Smaller parties, analysts say Tunisia not ready<\/font><\/span><\/p>\n<p><span lang=\"EN-US\"><font face=\"Arial\" size=\"2\">* Rushed transition may mean more risks<\/font><\/span><\/p>\n<p><span lang=\"EN-US\"><font face=\"Arial\" size=\"2\">By Sylvia Westall<\/font><\/span><\/p>\n<p><span lang=\"EN-US\"><font face=\"Arial\" size=\"2\">TUNIS, May 13 (Reuters) &#8211; Renewed street protests in the Tunisian capital have put pressure on authorities to hold elections in two months&rsquo; time even if this could risk more instability in the long run.<\/font><\/span><\/p>\n<p><span lang=\"EN-US\"><font face=\"Arial\" size=\"2\">Smaller, less mobilised parties have misgivings about the timetable for the vote, which will elect an assembly to rewrite the constitution. Others worry Tunisia is ill-prepared to hold a country-wide democratic ballot after decades of autocracy.<\/font><\/span><\/p>\n<p><span lang=\"EN-US\"><font face=\"Arial\" size=\"2\">But with tensions high ahead of the July 24 vote, anything more than a small delay could trigger further unrest in a country still trying to restore order after the January overthrow of president Zine al-Abidine Ben Ali.<\/font><\/span><\/p>\n<p><span lang=\"EN-US\"><font face=\"Arial\" size=\"2\">Police dispersed scores of protesters with tear gas in Tunis on Sunday after four days of demonstrations and arrested around 600 across the country, including in overnight raids. An overnight curfew has been in place since last week.<\/font><\/span><\/p>\n<p><span lang=\"EN-US\"><font face=\"Arial\" size=\"2\">Protesters fear the interim goverment may go back on its promise to help lead Tunisia towards democracy after decades of one-party rule.<\/font><\/span><\/p>\n<p><span lang=\"EN-US\"><font face=\"Arial\" size=\"2\">\u00ab\u00a0The election needs to be done on July 24, they need to work towards this so that there is a stabilisation,\u00a0\u00bb law professor Kais Said said.<\/font><\/span><\/p>\n<p><span lang=\"EN-US\"><font face=\"Arial\" size=\"2\">Prime Minister Beji Caid Sebsi has raised the possibility the vote could be delayed because of technical difficulties but he was quick to issue reassurances on Tunisian television that authorities were aiming for the scheduled date.<\/font><\/span><\/p>\n<p><span lang=\"EN-US\"><font face=\"Arial\" size=\"2\">A warning from a former interior minister there would be a coup d&rsquo;etat if the Islamist group Ennahda won was the trigger for the latest protests.<\/font><\/span><\/p>\n<p><span lang=\"EN-US\"><font face=\"Arial\" size=\"2\">\u00ab\u00a0There is still a very strong revolutionary atmosphere in Tunisia,\u00a0\u00bb Jean-Baptiste Gallopin at consultancy Control Risks said.<\/font><\/span><\/p>\n<p><span lang=\"EN-US\"><font face=\"Arial\" size=\"2\">\u00ab\u00a0Any move that is perceived as an attempt by elements of the former elite to derail the transition process towards democracy is immediately met with reaction from the street.\u00a0\u00bb<\/font><\/span><\/p>\n<p><span lang=\"EN-US\"><font face=\"Arial\" size=\"2\">SOME PARTIES NOT READY<\/font><\/span><\/p>\n<p><span lang=\"EN-US\"><font face=\"Arial\" size=\"2\">It was Tunisia&rsquo;s political mobilisation &#8212; leading to the overthrow of Ben Ali on January 14 &#8212; which inspired similar protests across the Arab world.<\/font><\/span><\/p>\n<p><span lang=\"EN-US\"><font face=\"Arial\" size=\"2\">But the country of 10 million lacks the energy resources of its neighbours and says it needs billions of dollars in foreign loans to help it emerge from the turmoil which hit its job market and hit tourism hard.<\/font><\/span><\/p>\n<p><span lang=\"EN-US\"><font face=\"Arial\" size=\"2\">Markets however would probably be more forgiving of a small delay and might actually prefer it, said strategist Richard Segal at banking group Jefferies.<\/font><\/span><\/p>\n<p><span lang=\"EN-US\"><font face=\"Arial\" size=\"2\">\u00ab\u00a0The country is not giving itself much time to hold the new elections and therefore a technical delay would be understandable,\u00a0\u00bb he said.<\/font><\/span><\/p>\n<p><span lang=\"EN-US\"><font face=\"Arial\" size=\"2\">A quick transition aimed at ushering in stability may in fact do the opposite in the long run, a risk that could also apply to other post-revolution countries like Egypt.<\/font><\/span><\/p>\n<p><span lang=\"EN-US\"><font face=\"Arial\" size=\"2\">\u00ab\u00a0The worst scenario would be a rushed process that leads to instability,\u00a0\u00bb Segal said, speaking of transitions in general. \u00ab\u00a0In fact, some investors may welcome a slow transition, because this would reduce the risk of near term negative shocks.\u00a0\u00bb<\/font><\/span><\/p>\n<p><span lang=\"EN-US\"><font face=\"Arial\" size=\"2\">Ennahda, led by moderate Muslim scholar Rachid Ghannouchi and banned under Ben Ali, may benefit from a shorter run-up to the Tunisia vote because it is more mobilised than other parties.<\/font><\/span><\/p>\n<p><span lang=\"EN-US\"><font face=\"Arial\" size=\"2\">It is expected to poll well in the south where unemployment runs even higher than the national average of 14 percent.<\/font><\/span><\/p>\n<p><span lang=\"EN-US\"><font face=\"Arial\" size=\"2\">Some of the smaller groups &#8212; around 60 parties in total will be competing for votes &#8212; say the timing means there is an uneven playing field ahead of the election.<\/font><\/span><\/p>\n<p><span lang=\"EN-US\"><font face=\"Arial\" size=\"2\">\u00ab\u00a0It makes sense to postpone the election,\u00a0\u00bb said independent political analyst Slaheddin Jourchi, who thinks it would be wise to delay the vote to October or November despite the short-term risks this might pose.<\/font><\/span><\/p>\n<p><span lang=\"EN-US\"><font face=\"Arial\" size=\"2\">\u00ab\u00a0It is very difficult to organise elections in the next two months, the parties are not ready. The process needs time.\u00a0\u00bb<\/font><\/span><\/p>\n<hr\/>\n<p>\u00a0<\/p>\n<p><i><u><span lang=\"FR-CH\"><font face=\"Arial\" size=\"2\">Reuters, le 13 mai 2011 \u00e0 12h01 GMT<\/font><\/span><\/u><\/i><\/p>\n<p align=\"center\"><b><span lang=\"FR-CH\"><\/p>\n<h2 style=\"color: red;\"><font face=\"Arial\">Le \u00ab\u00a0printemps arabe\u00a0\u00bb sur le fil du rasoir, selon Amnesty<\/font><\/h2>\n<p><font face=\"Arial\"> <\/font><\/span><\/b><\/p>\n<hr\/>\n<p>\u00a0<\/p>\n<p>\u00a0<\/p>\n<p><span lang=\"FR-CH\"><font face=\"Arial\" size=\"2\">PARIS, 13 mai (Reuters) &#8211; L&rsquo;essor des mouvements en faveur de la libert\u00e9 et de la justice au Moyen-Orient et en Afrique du Nord ainsi que le d\u00e9veloppement des m\u00e9dias sociaux offrent une occasion sans pr\u00e9c\u00e9dent de faire progresser le respect des droits humains, mais ces changements sont sur le fil du rasoir, estime Amnesty International dans son rapport annuel publi\u00e9 vendredi. <\/font><\/span><\/p>\n<p>\u00a0<\/p>\n<p><span lang=\"FR-CH\"><font face=\"Arial\" size=\"2\">\u00ab\u00a0Les hommes et les femmes de ce monde rejettent la peur. Des gens courageux, souvent emmen\u00e9s par des jeunes, se mobilisent en faveur de la libert\u00e9 et de la justice et d\u00e9fient les balles, les coups, les gaz lacrymog\u00e8nes et les tanks\u00a0\u00bb, rappelle Salil Shetty, secr\u00e9taire g\u00e9n\u00e9ral de l&rsquo;organisation, dans un communiqu\u00e9. <\/font><\/span><\/p>\n<p>\u00a0<\/p>\n<p><span lang=\"FR-CH\"><font face=\"Arial\" size=\"2\">\u00ab\u00a0Associ\u00e9 aux nouvelles technologies utilis\u00e9es par les militants pour d\u00e9jouer les manoeuvres des gouvernements qui cherchent \u00e0 \u00e9touffer la libert\u00e9 d&rsquo;expression et r\u00e9priment brutalement l&rsquo;opposition pacifique, ce courage envoie aux gouvernements r\u00e9pressifs le message que leurs jours sont compt\u00e9s.<\/font><\/span><\/p>\n<p>\u00a0<\/p>\n<p><span lang=\"FR-CH\"><font face=\"Arial\" size=\"2\">\u00ab\u00a0Le mouvement se heurte toutefois \u00e0 une ferme riposte de la part des forces de r\u00e9pression. La communaut\u00e9 internationale doit saisir cette occasion d&rsquo;instaurer le changement et faire en sorte que 2011 ne soit pas l&rsquo;ann\u00e9e d&rsquo;une aube illusoire pour les droits humains\u00a0\u00bb, ajoute-t-il. <\/font><\/span><\/p>\n<p>\u00a0<\/p>\n<p><span lang=\"FR-CH\"><font face=\"Arial\" size=\"2\">\u00ab\u00a0La situation peut basculer d&rsquo;un c\u00f4t\u00e9 ou de l&rsquo;autre dans certains pays. C&rsquo;est le cas en Libye, en Syrie aussi\u00a0\u00bb, a soulign\u00e9 le secr\u00e9taire g\u00e9n\u00e9ral dans un entretien accord\u00e9 \u00e0 Reuters. Il regrette en outre que \u00ab\u00a0des milliers de r\u00e9fugi\u00e9s en provenance d&rsquo;Afrique du Nord et du Moyen-Orient ne puissent faire valoir leurs droits en Europe\u00a0\u00bb. <\/font><\/span><\/p>\n<p>\u00a0<\/p>\n<p>\u00a0<\/p>\n<p><span lang=\"FR-CH\"><font face=\"Arial\" size=\"2\">BATAILLE POUR L&rsquo;ACC\u00c8S \u00c0 L&rsquo;INFORMATION<\/font><\/span><\/p>\n<p>\u00a0<\/p>\n<p><span lang=\"FR-CH\"><font face=\"Arial\" size=\"2\">Dans son rapport, Amnesty se f\u00e9licite du r\u00f4le pr\u00e9pond\u00e9rant jou\u00e9 par les sites internet tels que Facebook ou Twitter, qui permettent aux contestataires d&rsquo;\u00e9chapper \u00e0 la censure. <\/font><\/span><\/p>\n<p>\u00a0<\/p>\n<p><span lang=\"FR-CH\"><font face=\"Arial\" size=\"2\">\u00ab\u00a0Une bataille d\u00e9cisive est en train de se d\u00e9rouler pour le contr\u00f4le de l&rsquo;acc\u00e8s \u00e0 l&rsquo;information, aux moyens de communication et aux r\u00e9seaux sociaux. Ces derniers nourrissent en effet des actions militantes que les gouvernements s&rsquo;efforcent de contenir. <\/font><\/span><\/p>\n<p>\u00a0<\/p>\n<p><span lang=\"FR-CH\"><font face=\"Arial\" size=\"2\">\u00ab\u00a0On l&rsquo;a vu en Tunisie et en \u00c9gypte: les tentatives des gouvernements de bloquer l&rsquo;acc\u00e8s \u00e0 Internet ou de couper les r\u00e9seaux de t\u00e9l\u00e9phonie mobile peuvent avoir le r\u00e9sultat inverse de celui escompt\u00e9. <\/font><\/span><\/p>\n<p>\u00a0<\/p>\n<p><span lang=\"FR-CH\"><font face=\"Arial\" size=\"2\">\u00ab\u00a0Il reste que les \u00c9tats font tout pour reprendre la main et utiliser eux-m\u00eames ces technologies \u00e0 l&rsquo;encontre des militants\u00a0\u00bb, \u00e9crivent les auteurs du rapport, exhortant les compagnies de t\u00e9l\u00e9communications et les sites en question \u00e0 veiller au respect des droits de l&rsquo;homme et \u00e0 ne pas verser dans le camp de la r\u00e9pression. <\/font><\/span><\/p>\n<p>\u00a0<\/p>\n<p><span lang=\"FR-CH\"><font face=\"Arial\" size=\"2\">Vodafone, op\u00e9rateur britannique de t\u00e9l\u00e9phonie mobile, a mis son r\u00e9seau en sommeil \u00e0 la demande des autorit\u00e9s \u00e9gyptiennes pendant la \u00ab\u00a0r\u00e9volution du Nil\u00a0\u00bb, en f\u00e9vrier. Google a en revanche cherch\u00e9 \u00e0 contourner la coupure des connexions \u00e0 internet. <\/font><\/span><\/p>\n<p>\u00a0<\/p>\n<p><span lang=\"FR-CH\"><font face=\"Arial\" size=\"2\">Amnesty dresse par ailleurs un parall\u00e8le entre le printemps arabe et l&rsquo;initiative de WikiLeaks, qui a divulgu\u00e9 \u00e0 partir de la fin novembre 2010 250.000 notes du d\u00e9partement d&rsquo;Etat am\u00e9ricain. <\/font><\/span><\/p>\n<p>\u00a0<\/p>\n<p><span lang=\"FR-CH\"><font face=\"Arial\" size=\"2\">Evoquant le geste de Mohamed Bouazizi, qui a donn\u00e9 le coup d&rsquo;envoi de la \u00ab\u00a0r\u00e9volution du jasmin\u00a0\u00bb en Tunisie en s&rsquo;immolant par le feu, l&rsquo;organisation note qu&rsquo;il l&rsquo;a fait \u00e0 peu pr\u00e8s au moment o\u00f9 WikiLeaks publiait des documents montrant que les gouvernements occidentaux alli\u00e9s au r\u00e9gime de Zine Ben Ali \u00e9taient parfaitement au courant de ses atteintes au droits de l&rsquo;homme. <\/font><\/span><\/p>\n<p>\u00a0<\/p>\n<p><span lang=\"FR-CH\"><font face=\"Arial\" size=\"2\">\u00ab\u00a0La rencontre de ces deux \u00e9v\u00e9nements semble avoir d\u00e9clench\u00e9 une v\u00e9ritable vague de soutien en faveur des manifestants tunisiens\u00a0\u00bb, observe-t-elle.<\/font><\/span><\/p>\n<p>\u00a0<\/p>\n<p><span lang=\"FR-CH\"><font face=\"Arial\" size=\"2\">Amnesty s&rsquo;inqui\u00e8te par ailleurs pour la situation au Nigeria, o\u00f9 les violences se multiplient, et de la gu\u00e9rilla mao\u00efste dans le centre et le nord de l&rsquo;Inde. Elle d\u00e9plore en outre la situation des femmes qui choisissent de porter le voile en Europe. <\/font><\/span><\/p>\n<\/div>\n<div>\n<hr\/>\n<\/div>\n<div align=\"center\">\n<h2 style=\"color: red;\"><font face=\"Arial\"><strong>La Tunisie ne veut pas de \u00ab protecteurs \u00bb<\/strong><\/font><\/h2>\n<\/div>\n<div align=\"center\">\n<hr\/>\n<\/div>\n<div align=\"center\">\u00a0<\/div>\n<div align=\"left\"><font face=\"Arial\" size=\"2\"><strong>Khaled Falah<\/strong><\/font><\/div>\n<div align=\"left\">\u00a0<\/div>\n<div align=\"justify\">\u00a0<\/div>\n<div align=\"justify\">\u00a0<\/div>\n<div align=\"justify\">\u00a0<\/div>\n<div align=\"justify\"><font face=\"Arial\" size=\"2\">M. Sami Na\u00efr, politologue et ancien d\u00e9put\u00e9 europ\u00e9en chev\u00e8nementiste, vient de publier dans le quotidien fran\u00e7ais \u00ab Le Monde \u00bb (1) un point de vue intitul\u00e9 : \u00ab Prot\u00e9geons la Tunisie des assauts de Kadhafi \u00bb.<\/font><\/div>\n<div align=\"justify\">\u00a0<\/div>\n<div align=\"justify\"><font face=\"Arial\" size=\"2\">M. Na\u00efr nous apprend qu\u2019il a rencontr\u00e9 le 25 avril M. Ca\u00efd Essebsi, le chef du gouvernement provisoire tunisien, au sujet de la situation en Libye et de ses r\u00e9percussions en Tunisie ; pour d\u00e9jouer les suppos\u00e9s plans de Kadhafi, Sami Na\u00efr : \u00a0<\/font><\/div>\n<div align=\"justify\">\u00a0<\/div>\n<div align=\"justify\"><font face=\"Arial\" size=\"2\">1) estime qu\u2019il faut s\u2019attendre \u00e0 un conflit de longue dur\u00e9e, ce qui a pour cons\u00e9quence de rendre inop\u00e9rante la r\u00e9solution 1973 ; \u00a0<\/font><\/div>\n<div align=\"justify\">\u00a0<\/div>\n<div align=\"justify\"><font face=\"Arial\" size=\"2\">2) propose la ren\u00e9gociation du p\u00e9rim\u00e8tre d\u2019action d\u2019une nouvelle r\u00e9solution fond\u00e9e sur une \u00ab activation de l\u2019article 53 de la charte de l\u2019ONU \u00bb, qui donnerait au peuple tunisien \u00ab la possibilit\u00e9 de recevoir de l\u2019aide ext\u00e9rieure sans \u2026 devoir d\u00e9clarer l\u2019Etat agresseur \u00ab Etat ennemi \u00bb \u00bb. M Na\u00efr exhorte l\u2019ONU \u00e0 \u00ab imposer une protection des pays limitrophes de la Libye \u00bb, en l\u2019occurrence \u00e0 placer la Tunisie sous une forme de protectorat onusien, voire de l\u2019OTAN !<\/font><\/div>\n<div align=\"justify\">\u00a0<\/div>\n<div align=\"justify\"><font face=\"Arial\" size=\"2\">D\u00e9j\u00e0 fin avril, le journal londonien \u00ab The Independant \u00bb rapportait les propos du ministre britannique de la d\u00e9fense, Liam Fox qui, devant les parlementaires, envisageait l\u2019envoi de troupes britanniques \u00e0 la fronti\u00e8re tuniso-libyenne pour cr\u00e9er \u00ab une zone de s\u00e9curit\u00e9 \u00bb. \u00a0<\/font><\/div>\n<div align=\"justify\">\u00a0<\/div>\n<div align=\"justify\"><font face=\"Arial\" size=\"2\">Les initiateurs de cette campagne pour l\u2019octroi de facilit\u00e9 ou pour l\u2019installation de troupes \u00e9trang\u00e8res \u00e0 la fronti\u00e8re tuniso-libyenne doivent savoir : \u00a0<\/font><\/div>\n<div align=\"justify\">\u00a0<\/div>\n<div align=\"justify\"><font face=\"Arial\" size=\"2\">1) A la suite des d\u00e9clarations de Liam Fox aux \u00ab Communes \u00bb, 25 OOO internautes tunisiens ont manifest\u00e9 sur facebook leur opposition \u00e0 toute pr\u00e9sence militaire \u00e9trang\u00e8re. De m\u00eame, de nombreux membres de la \u00ab Haute Instance \u00bb se sont prononc\u00e9s dans le m\u00eame sens. Enfin le chef du gouvernement provisoire a rejet\u00e9, au cours de son intervention t\u00e9l\u00e9vis\u00e9e du 8 mai, toute facilit\u00e9 militaire accord\u00e9e \u00e0 des puissances \u00e9trang\u00e8res. Il semble \u00e9tabli qu\u2019une tr\u00e8s large majorit\u00e9 de la population tunisienne est attach\u00e9e au respect de la souverainet\u00e9 nationale et de l\u2019int\u00e9grit\u00e9 territoriale du pays. \u00a0<\/font><\/div>\n<div align=\"justify\">\u00a0<\/div>\n<div align=\"justify\"><font face=\"Arial\" size=\"2\">2) La Tunisie n\u2019a aucun int\u00e9r\u00eat \u00e0 \u00eatre partie prenante de l\u2019intervention de l\u2019OTAN en Libye, au nom d\u2019une interpr\u00e9tation tendancieuse de la r\u00e9solution 1973 de l\u2019ONU. Elle doit \u00e9viter de se laisser entrainer dans un conflit militaire, contraire aux int\u00e9r\u00eats des peuples des deux pays et du monde arabe. Elle doit continuer \u00e0 faire preuve de retenue et de sang froid dans la gestion de la situation \u00e0 la fronti\u00e8re tuniso-libyenne. En revanche, il est du devoir de chacun de venir en aide aux r\u00e9fugi\u00e9s qui affluent par dizaines de milliers, surtout depuis le d\u00e9but de l\u2019action militaire des forces de l\u2019OTAN. Les Tunisiens ont d\u00e9j\u00e0 donn\u00e9 un bel exemple de solidarit\u00e9 en accueillant plus de 200 000 personnes en provenance de Libye. \u00a0<\/font><\/div>\n<div align=\"justify\">\u00a0<\/div>\n<div align=\"justify\"><font face=\"Arial\" size=\"2\">3) Le titre de l\u2019article de M. Na\u00efr n\u2019est pas de la plus grande d\u00e9licatesse pour ceux qui ne gardent pas un souvenir \u00e9mouvant du protectorat, et qui ne souhaitent pas \u00eatre de nouveau \u00ab prot\u00e9g\u00e9s \u00bb. \u00a0<\/font><\/div>\n<div align=\"justify\">\u00a0<\/div>\n<div align=\"justify\">\u00a0<\/div>\n<div align=\"justify\"><font face=\"Arial\" size=\"2\"><em>Khaled Falah, responsable des relations ext\u00e9rieures du Parti du Travail Patriotique et D\u00e9mocratique de Tunisie.<\/em> <\/font><\/div>\n<div align=\"justify\">\u00a0<\/div>\n<div align=\"justify\">\u00a0<\/div>\n<div align=\"justify\"><font face=\"Arial\" size=\"2\"><em>(1) \u00ab Le Monde \u00bb du 12 mai 2011, p 24.<\/em><\/font><\/div>\n<hr\/>\n<h2 style=\"color: red;\"><font face=\"Arial\"><strong>TUNISIE : REVOLUTION SANS REVOLUTIONNAIRES<\/strong><\/font><\/h2>\n<hr\/>\n<p>\u00a0<\/p>\n<p>\u00a0<\/p>\n<p align=\"justify\"><font face=\"Arial\" size=\"2\">Houcine Ghali, Gen\u00e8ve<\/font><\/p>\n<p align=\"justify\">\u00a0<\/p>\n<p align=\"justify\"><font face=\"Arial\" size=\"2\">\u00a0\u00bb Lorsqu&rsquo; une partie d&rsquo; un groupe en insurresction r\u00e9ussit \u00e0 prendre le pouvoir et que des changements profonds, politiques, \u00e9conomiques et sociaux se produisent dans la soci\u00e9t\u00e9 \u00ab\u00a0, on parle \u00e0 ce moment pr\u00e9cis de r\u00e9volution. C&rsquo; est ainsi que la r\u00e9volution fran\u00e7aise de 1789 a balay\u00e9 l&rsquo; Ancien R\u00e9gime, en instaurant la libert\u00e9, l&rsquo; \u00e9galit\u00e9 et la fraternit\u00e9; la r\u00e9volution russe de 1917 a terrass\u00e9 l&rsquo; absolutisme des tsars pour instituer un syst\u00e8me socialo-communiste et que la r\u00e9volution iranienne de Khomeyni de 1978 a impos\u00e9 une id\u00e9logie islamiste radicale sans la moindre concession.<\/font><\/p>\n<p align=\"justify\">\u00a0<\/p>\n<p align=\"justify\"><font face=\"Arial\" size=\"2\">En Tunisie donc, il n&rsquo; y a eu qu&rsquo; une r\u00e9volte spontann\u00e9e, une insubordination r\u00e9gionale qui a pris des dimensions nationales suite \u00e0 un \u00e9v\u00e8nement dramatique qui est celui de l&rsquo; immolation par le feu de Mohamed Bouazizi. Il est certain que les \u00e9meutes du Sud du pays n&rsquo; auraient jamais amen\u00e9 \u00e0 la situation actuelle si les habitants de la capitale n&rsquo; avaient pas suivi le mouvement de protestation en envahissant les rues de Tunis et en siblant la t\u00eate du serpent, le minist\u00e8re de l&rsquo; Int\u00e9rieur.<\/font><\/p>\n<p align=\"justify\">\u00a0<\/p>\n<p align=\"justify\"><font face=\"Arial\" size=\"2\">Apr\u00e8s le 14 janvier, et suite \u00e0 la fuite du pr\u00e9sident Ben Ali, il n&rsquo; y avait personne de l&rsquo; opposition pour donner le sens qui s&rsquo; imposait \u00e0 la r\u00e9volution naissante, c&rsquo; est \u00e0 dire \u00e0 proposer un gouvernement provisoire qui coupe totalement avec les anciens caciques du pouvoir destourien. Au contraire, ce sont les fid\u00e8les \u00e0 Ben Ali et \u00e0 l&rsquo; ancien pr\u00e9sident Bourguiba qui se sont impos\u00e9s comme d\u00e9positaires des \u00e9tapes de la r\u00e9volution et artisans de sa concr\u00e9tisation!<\/font><\/p>\n<p align=\"justify\">\u00a0<\/p>\n<p align=\"justify\"><font face=\"Arial\" size=\"2\">Et c&rsquo; est ainsi que Fouad Lembazzaa, ancien Pr\u00e9sident du Parlement, et B\u00e9ji Kayed Essebsi, qui cumule 60 ans de pouvoir destourien avec l&rsquo; autoritarisme et l&rsquo; absolutisme que le peuple a subi, ont pris les reines du pouvoir, en tant que Pr\u00e9sient de la R\u00e9publique et Premier ministre du gouvernement provisoire. Et tout cel\u00e0 en application de la Constitution, comme si, suite \u00e0 la r\u00e9volution, cette Constitution a encore un sens pour appliquer ses principes. <\/font><\/p>\n<p align=\"justify\"><font face=\"Arial\" size=\"2\">D&rsquo; ailleurs, juste quelques jours apr\u00e8s le 14 janvier 2011, la Constitution est devenue cadupe, le Parlement a \u00e9t\u00e9 dissous, mais on a gard\u00e9 deux vieux destouriens qui cumulent 150 ans d&rsquo; \u00e2ge et fid\u00e8les aux deux pouvoirs qui ont r\u00e9prim\u00e9 le peuple tunisien depuis 1956, pour mener \u00e0 bien la r\u00e9volution!<\/font><\/p>\n<p align=\"justify\">\u00a0<\/p>\n<p align=\"justify\"><font face=\"Arial\" size=\"2\">Le r\u00e9sultat est clair: r\u00e8gne de la violence, absence de poursuite des membres des deux clans Ben Ali\/Trabelsi et de leurs supp\u00f4ts;interf\u00e9rance des anciens RCDistes dans les d\u00e9cisions et les orientations du gouvernement provisoire;imposition du minist\u00e8re de l&rsquo; Int\u00e9rieur en tant que force de r\u00e9pression et de non respect de la libert\u00e9 de manifester;absence de politique claire dans tous les domaines et laisser trainer les choses pour retarder le d\u00e9lai des votations pr\u00e9vu en juillet prochain afin que les forces antir\u00e9volutionnaires aient le temps de se mobiliser pour atteindre leur but.<\/font><\/p>\n<p align=\"justify\">\u00a0<\/p>\n<p align=\"justify\"><font face=\"Arial\" size=\"2\">La r\u00e9volution tunisienne, spontann\u00e9e et \u00e0 laquelle personne ne s&rsquo; attendait, n&rsquo; avait pas d&rsquo; organisation et de leaders cappables de bien l&rsquo; orienter. Elle a \u00e9t\u00e9 donc d\u00e9sorient\u00e9\u00e9 et les jeunes qui l&rsquo; ont port\u00e9e sur leurs \u00e9paules ont tout fait pour qu&rsquo; elle r\u00e9ussisse ( sit in dans la Kasbah, manifestations, cr\u00e9ation des comit\u00e9s de la sauvegarde la r\u00e9volution \u00e0 travers la R\u00e9publique, etc..), mais cel\u00e0 n&rsquo; a pas \u00e9t\u00e9 suffisant parce que les partis politiques qui se targuent d&rsquo; \u00eatre dans l&rsquo; opposition, ainsi que toutes les autres organisations de la soci\u00e9t\u00e9 civile qui se veulent radicales et se gargarisent de r\u00e9volutionnaires, n&rsquo; ont pas \u00e9t\u00e9 \u00e0 la hauteur de cet \u00e9v\u00e8nement historique que la Tunisie a travers\u00e9. Tous ont accept\u00e9 la main mise sur la r\u00e9volution par l&rsquo; interm\u00e9daire de Fouad Lembazzaa et de B\u00e9ji Kayed Essebsi. <\/font><\/p>\n<p align=\"justify\">\u00a0<\/p>\n<p align=\"justify\"><font face=\"Arial\" size=\"2\">La r\u00e9volution a fait irruption donc en Tunisie mais, h\u00e9las, sans trouver de r\u00e9volutionnaires pour l&rsquo; accompagner. Comme d&rsquo; habitude, dans l&rsquo; histoire contemporaine du pays, et apr\u00e8s 50 ans de r\u00e9pression, de mis\u00e8re intellectuelle et d&rsquo; absence totale de libert\u00e9 et de dignit\u00e9, les Tunisiens se laissent berner et r\u00e2tent le coche. Ils n&rsquo; ont malheureusement pas retenu la le\u00e7on du coup d&rsquo; Etat du 7 novembre 1987, durant lequel ils ont fait une totale all\u00e9geance \u00e0 Ben Ali, contre lequel ils se sont soulev\u00e9s 23 ans apr\u00e8s!<\/font><\/p>\n<p align=\"justify\">\u00a0<\/p>\n<p align=\"justify\"><a href=\"mailto:Houcine.gha@bluewin.ch\" rel=\"nofollow\"><font face=\"Arial\" size=\"2\">Houcine.gha@bluewin.ch<\/font><\/a><\/p>\n<div>\n<hr\/>\n<\/div>\n<h2 align=\"center\" style=\"color: red;\"><span lang=\"FR\"><a href=\"http:\/\/blogs.mediapart.fr\/blog\/moncef-bs\/110511\/tunisie-coup-d-etat-policier-et-proces-politique-devoiles\" target=\"_blank\" rel=\"noopener\"><span><\/p>\n<h2 style=\"color: red;\"><font face=\"Arial\" size=\"3\">Tunisie: \u00abCoup d\u2019Etat policier\u00bb et proc\u00e8s politique d\u00e9voil\u00e9s<\/font><\/h2>\n<p><\/span><\/a><\/span><\/h2>\n<hr\/>\n<p align=\"justify\"><font><span><span lang=\"FR\"><font face=\"Arial\" size=\"2\">Par <\/font><\/span><\/span><span><span lang=\"FR\"><a target=\"_blank\" title=\"&lt;div class=\u00b4bulle_utilisateur bulle_membre\u00b4&gt;&lt;div class=\u00b4photo\u00b4&gt;&lt;img src=\" rel=\"noopener\"><span><font face=\"Arial\" size=\"2\">Moncef BS<\/font><\/span><\/a><font face=\"Arial\" size=\"2\"> <\/font><\/span><\/span><\/font><\/p>\n<div align=\"justify\"> \u00a0<\/p>\n<p><span lang=\"FR\"><font face=\"Arial\" size=\"2\">Invit\u00e9 d&rsquo;une radio tunisienne Shems fm, cet apr\u00e8s midi, Safi Sa\u00efd politologue, a fait une r\u00e9v\u00e9lation \u00e0 la fois grave et importante. En effet, il a affirm\u00e9 que <i>\u00aben date du 3 mars 2011, des cadres policiers ont adress\u00e9 une lettre \u00e0 B\u00e9ji Ca\u00efd Sebsi \u2013le jour m\u00eame o\u00f9 il a \u00e9t\u00e9 d\u00e9sign\u00e9 comme premier ministre succ\u00e9dant \u00e0 Mohammed Ghannouchi- le mena\u00e7ant s\u2019il ne destituait pas Farhat Rajhi de ces fonctions de ministre de l\u2019int\u00e9rieur, alors ils r\u00e8gleront son compte\u00bb<\/i> (c.\u00e0.d. le compte de M. BCS).<\/font><\/span><\/p>\n<p><span lang=\"FR\"><font face=\"Arial\" size=\"2\">Ce qui explique le limogeage dans les jours qui suivent de Farhat Rajhi.<\/font><\/span><\/p>\n<p><span lang=\"FR\"><font face=\"Arial\" size=\"2\">Aussi et \u00e0 la m\u00eame occasion, Safi Sa\u00efd a confirm\u00e9 le r\u00f4le de manipulateur politique d\u2019arri\u00e8re plan que jouait Kamel Elta\u00efef, et qu\u2019en l\u2019an 1992, \u00e0 son retour du Liban \u00e0 Tunis, Safi Sa\u00efd \u00e9tait un t\u00e9moin oculaire de la file d\u2019attente que constituait la majorit\u00e9 des hommes politiques devant le bureau de Kamel Elta\u00efef, homme d&rsquo;affaires originaire de la ville de Sousse et ami rapproch\u00e9 de Ben Ali.<\/font><\/span><\/p>\n<p><span lang=\"FR\"><font face=\"Arial\" size=\"2\">Aussi, M. BCS n\u2019a pas \u00e9t\u00e9 \u00e9pargn\u00e9, lors de cet entretien radiophonique en direct. En \u00e9voquant la question de <i>\u00absouahlia\u00bb<\/i> les gents du sahel, Safi Sa\u00efd a rappel\u00e9 que M. BCS, dans son livre parle de <i>\u00abMonastir capitale -officieuse- de la Tunisie\u00bb<\/i> et que \u00abBourguiba ne parlait des questions sensibles et confidentielles qu\u2019avec les ministres issus du sahel, au point o\u00f9 M. BCS -tunisois- se sentait des fois froiss\u00e9\u00bb. Mieux encore, M. BCS en parlant dans son livre de Mesdames Wassila Bourguiba et Sa\u00efda Sassi, il les qualifiait respectivement de<i>\u00abtunisoise et \u00e9l\u00e9gante\u00bb<\/i> et de<i>\u00absahlia v\u00eatue de melia -habit traditionnel du sahel- venant conqu\u00e9rir le palais de Carthage\u00bb<\/i>.<\/font><\/span><\/p>\n<p><span lang=\"FR\"><font face=\"Arial\" size=\"2\">Cette analyse politique faite par Safi Sa\u00efd en direct sur les fr\u00e9quences d\u2019une radio, apporte une r\u00e9v\u00e9lation d\u2019un mini-coup d\u2019Etat policier avec l\u2019emprunte tr\u00e8s probable de Kamel Elta\u00efef, surtout que les \u00e9vasions simultan\u00e9es de d\u00e9tenus de trois prisons dans des villes diff\u00e9rentes, enregistr\u00e9es r\u00e9cemment, \u00e9t\u00e9 pr\u00e9c\u00e9d\u00e9es d\u2019une r\u00e9union pr\u00e9alable \u00e0 Sousse (ville du sahel) r\u00e9v\u00e9lation faite par un journal en ligne et non d\u00e9mentie \u00e0 ce jour. <\/font><\/span><\/p>\n<p><span lang=\"FR\"><font face=\"Arial\" size=\"2\">Les citations de M. BCS, relev\u00e9es dans son livre, \u00e0 propos du clan du sahel, ajout\u00e9es \u00e0 l\u2019existence tr\u00e8s probables du mini-coup d\u2019Etat sus vis\u00e9, qui expliquerait d\u2019ailleurs le d\u00e9cha\u00eenement et la violence d\u00e9bordante exerc\u00e9e par la police sur 14 journalistes, des femmes et des enfants, en dispersant une manifestation pacifique le vendredi 6 mai, viendraient \u00e9tayer les r\u00e9v\u00e9lation de Farhat Rajhi, diffus\u00e9es par un journaliste sur Facebook, la semaine derni\u00e8re, portant pr\u00e9paration d\u2019un coup d\u2019Etat et de l\u2019existence d\u2019un gouvernement fant\u00f4me, constitu\u00e9 autour de Kamel Elta\u00eff, d\u2019o\u00f9 \u00e9manent toutes les man\u0153uvres politiques et les nominations de responsables gouvernementaux et qui s\u2019efforce \u00e0 r\u00e9cup\u00e9rer un pouvoir perdu suite \u00e0 la r\u00e9volution du 14 janvier (selon Farhat Rajhi).<\/font><\/span><\/p>\n<p><span lang=\"FR\"><font face=\"Arial\" size=\"2\">Ainsi, il serait, non seulement injuste, mais aussi une man\u0153uvre tr\u00e8s grave, qui conduirait la Tunisie droit au mur, de chercher de dresser un proc\u00e8s politique et d\u2019id\u00e9es contre l\u2019ex-ministre de l\u2019int\u00e9rieur, Farhat Rajhi ayant un statu de juge, jouissant d\u2019une forte popularit\u00e9 et d\u2019un soutien sans faille du corps de la magistrature, exprim\u00e9e lors d\u2019une manifestation tenu devant le minist\u00e8re de la justice ce lundi.<\/font><\/span><\/p>\n<p><span lang=\"FR\"><font face=\"Arial\" size=\"2\">Par cette tentative de proc\u00e8s politique, M. B.C.Sebsi se croyait encore dans les ann\u00e9es 60, \u00e8re d\u2019un autoritarisme et d&rsquo;un bourguibisme r\u00e9volu et jugul\u00e9 par le fait r\u00e9volutionnaire persistant.<\/font><\/span><\/p>\n<p><b><span lang=\"FR-CH\"><font face=\"Arial\" size=\"2\">(Source: le blog de Moncef BS sur \u00ab M\u00e9diapart \u00bb, le 11 mai 2011)<\/font><\/span><\/b><\/p>\n<p><font face=\"Arial\" size=\"2\"><b><span><font>Lien :<\/font><font> <\/font><\/span><span lang=\"FR-CH\"><a href=\"http:\/\/blogs.mediapart.fr\/blog\/moncef-bs\/110511\/tunisie-coup-d-etat-policier-et-proces-politique-devoiles\" target=\"_blank\" rel=\"noopener\"><span lang=\"DE-CH\"><font>http:\/\/blogs.mediapart.fr\/blog\/moncef-bs\/110511\/tunisie-coup-d-etat-policier-et-proces-politique-devoiles<\/font><\/span><\/a><\/span><\/b><\/font><\/p>\n<hr\/>\n<p><b><span lang=\"FR-CH\"><\/p>\n<h2 style=\"color: red;\"><font face=\"Arial\">Qui a tu\u00e9 Mahmoud Toumi ?<\/font><\/h2>\n<hr\/>\n<p><\/span><\/b><\/p>\n<p><span lang=\"FR-CH\"><font face=\"Arial\" size=\"2\"><strong>Nadia Omrane<\/strong><\/font><\/span><\/p>\n<p><span lang=\"FR-CH\"><font face=\"Arial\" size=\"2\">Un jeune homme de 26 ans est mort dimanche soir \u00e0 Soliman, petit bourg en bord de mer pr\u00e8s de Hammamet qui s&rsquo;\u00e9tait illustr\u00e9, il y a deux ans, comme un repaire de terroristes salafistes proches d&rsquo;El Qa\u00efda.<\/font><\/span><\/p>\n<p><span lang=\"FR-CH\"><font face=\"Arial\" size=\"2\">Mais ce jour l\u00e0 de jeunes villageois en effervescence, comme partout ailleurs dans la R\u00e9publique, sans qu&rsquo;on en comprenne les revendications, entrent en conflit ouvert avec un camion de militaires charg\u00e9s de maintenir l&rsquo;ordre. Une histoire d\u00e9risoire de bicyclette fait monter la tension, et de jeunes militants d&rsquo;une formation de gauche (PTPD, Parti du Travail Patriotique et D\u00e9mocratique) s&rsquo;interposent entre les deux parties. Mais un soldat, sans doute \u00e0 bout de nerfs ou tentant de tirer une sommation, envoie une balle dans le ventre du militant de ce parti qui d\u00e9c\u00e8de presque sur le champ. Tels sont, selon des t\u00e9moins, les faits que devra \u00e9tablir une commission d&rsquo;enqu\u00eate.<\/font><\/span><\/p>\n<p><span lang=\"FR-CH\"><font face=\"Arial\" size=\"2\">Qui a tu\u00e9 Mahmoud Toumi? Qui est responsable et pourquoi est-il mort ? Le \u00ab crime \u00bb, tel que le d\u00e9crit le communiqu\u00e9 du PTPD, est le fait d&rsquo;un militaire, c&rsquo;est incontestable. Mais le climat dans lequel est survenue cette trag\u00e9die a d&rsquo;autres responsables.<\/font><\/span><\/p>\n<p><span lang=\"FR-CH\"><font face=\"Arial\" size=\"2\">Pendant que Mahmoud Toumi agonise, le Premier ministre Beji Ca\u00efd Essebsi se livre sur les trois cha\u00eenes de t\u00e9l\u00e9vision \u00e0 un exercice de style tout \u00e0 la fois d\u00e9tach\u00e9, sup\u00e9rieur et muscl\u00e9. Il parle s\u00e9curit\u00e9, \u00e9lections et emploi, puis il nous raconte tout un film sur les \u00e9vad\u00e9s des prisons. Enfin, alors que nous attendons du chef du gouvernement la plus grande transparence, il nous pose une devinette comme si nous \u00e9tions dans les cinq derni\u00e8res minutes d&rsquo;un feuilleton policier : \u00e0 nous de d\u00e9couvrir les responsables des lamentables \u00e9v\u00e9nements qui ont port\u00e9 \u00e0 son comble la tension dans le pays d\u00e9j\u00e0 au seuil de l&rsquo;anarchie.<\/font><\/span><\/p>\n<p><span lang=\"FR-CH\"><font face=\"Arial\" size=\"2\">Pendant que Mahmoud Toumi expire, le leader du PCOT (Parti Communiste des Ouvriers de Tunisie), Hamma Hammami, se d\u00e9fend d\u00e9j\u00e0 sur une radio nationale, sit\u00f4t l&rsquo;interview de Beji Ca\u00efd Essebsi achev\u00e9e, et il encha\u00eenera les plateaux jusqu&rsquo;\u00e0 sa conf\u00e9rence de presse du mardi 10 mai : personne ne l&rsquo;a accus\u00e9, mais s&rsquo;est-il lui-m\u00eame reconnu coupable des troubles dans le pays, particuli\u00e8rement \u00e0 Siliana ? \u00c0 20h dimanche soir, Hamma Hammami explique confus\u00e9ment que les agitateurs arr\u00eat\u00e9s \u00e0 Siliana sont en fait des militants du parti Watad (Patriotes D\u00e9mocrates, ancien alli\u00e9 du POCT) qui auraient \u00e9t\u00e9 incit\u00e9s apr\u00e8s leur arrestation \u00e0 accuser Hamma Hammami de payer les casseurs. Du coup, Chokri Belaid, leader de Watad, se retrouve sur toutes les radios en compagnie de Hamma Hammami pour mettre en cause commun\u00e9ment ces mensonges \u00e0 leurs d\u00e9pens et se d\u00e9fendre d&rsquo;agir autrement que dans des manifestations pacifiques l\u00e9gitimes. Hamma Hammami r\u00e9clame m\u00eame une commission d&rsquo;enqu\u00eate, affirme que s&rsquo;il pr\u00e9f\u00e9rerait un report des \u00e9lections, il se trouve quand m\u00eame pr\u00eat \u00e0 aller aux urnes \u00ab d\u00e8s demain \u00bb. Enfin, il lance au Premier ministre le d\u00e9fi d&rsquo;un face \u00e0 face public. Mais par co\u00efncidence, tout Siliana entre en gr\u00e8ve g\u00e9n\u00e9rale ce mardi 10 mai au motif que Beji Ca\u00efd Essebsi aurait offens\u00e9 la m\u00e9moire de Habib Achour, l&rsquo;ancien leader de l&rsquo;UGTT !<\/font><\/span><\/p>\n<p><span lang=\"FR-CH\"><font face=\"Arial\" size=\"2\">Pendant que le destin pr\u00e9pare \u00e0 l&rsquo;envol vers l&rsquo;au-del\u00e0 un jeune homme \u00e0 la fleur de l&rsquo;\u00e2ge, le site Takriz, dont le pape pr\u00e9tend se nommer Jalel Brick (!) appelle \u00e0 l&rsquo;incendie et au meurtre de tous les hauts responsables des institutions gouvernementales et militaires, dans un langage ordurier qui n&rsquo;a plus rien avoir avec l&rsquo;humour subversif du site Takriz d&rsquo;il y a plus de dix ans ! Ces incitations \u00e0 la haine entre les Tunisiens et au d\u00e9sordre permanent ne sont pas des revendications politiques, elle tombent sous le coup du code p\u00e9nal, et le site censur\u00e9 par une r\u00e9quisition militaire reste accessible \u00e0 une jeunesse exasp\u00e9r\u00e9e et donc pr\u00eate \u00e0 suivre n&rsquo;importe quelle d\u00e9mence de ce \u00ab Zapata \u00bb de petite cuisine&#8230;<\/font><\/span><\/p>\n<p><span lang=\"FR-CH\"><font face=\"Arial\" size=\"2\">Pendant qu&rsquo;on met en terre Mahmoud Toumi, les partis politiques, muets depuis trois jours, sortent \u00e0 peine de ce silence d&rsquo;impuissance ou d&rsquo;expectative pour compatir dans un communiqu\u00e9 et demander des explications, tandis que les initiatives citoyennes dans le chaud cocon des h\u00f4tels plus conforme \u00e0 leurs standing, abandonnent la rue aux gueux qui ne veulent pas \u00eatre d\u00e9poss\u00e9d\u00e9s de \u00ab leur \u00bb R\u00e9volution, aux partageux qui r\u00e9clament leur part de la R\u00e9publique et aux utopistes qui s&rsquo;\u00e9vertuent \u00e0 modifier en faveur des d\u00e9class\u00e9s l&rsquo;in\u00e9gal rapport de forces impos\u00e9 par l&rsquo;\u00e9crasante mondialisation lib\u00e9rale : humbles entre les humbles, parmi lesquels s&rsquo;infiltrent activistes de caniveau, truands de bas \u00e9tages et journalistes sans morale !<\/font><\/span><\/p>\n<p><span lang=\"FR-CH\"><font face=\"Arial\" size=\"2\">Car pendant que s&rsquo;oublie d\u00e9j\u00e0, dans l&rsquo;indiff\u00e9rence g\u00e9n\u00e9rale, le premier mort de l&rsquo;affaire Rajhi, l&rsquo;ancien ministre de l&rsquo;Int\u00e9rieur, tout fier de son coup fourr\u00e9, rentre chez lui en h\u00e9ros d&rsquo;irresponsables pitoyables et d&rsquo;enfants de ch\u0153ur abus\u00e9s.<\/font><\/span><\/p>\n<p><span lang=\"FR-CH\"><font face=\"Arial\" size=\"2\">Une jeune vie s&rsquo;\u00e9teint tandis qu&rsquo;un vieux syst\u00e8me client\u00e9liste et mafieux s&rsquo;obstine \u00e0 survivre, tend ses tentacules et distille son venin pour \u00e9touffer et empoisonner une d\u00e9mocratisation naissante. Il reprend du poil de la b\u00eate et trouve en chacun de nous un alli\u00e9, activant les r\u00e9flexes install\u00e9s de la police politique, r\u00e9veillant d&rsquo;anciennes complicit\u00e9s, se nourrissant de notre habitude de la passivit\u00e9 et de notre l\u00e2chet\u00e9, faisant son lit des calculs, des opportunismes et de tant d&rsquo;autres m\u00e9diocrit\u00e9s.<\/font><\/span><\/p>\n<p><span lang=\"FR-CH\"><font face=\"Arial\" size=\"2\">Un jeune homme de 26 ans est mort de toutes ces culpabilit\u00e9s. Sa mort, nous devons la r\u00e9parer en allant au 24 juillet, faisant taire de notre mieux nos divisions dans une forme de paix civile et d&rsquo;unit\u00e9.<\/font><\/span><\/p>\n<p><b><span lang=\"FR-CH\"><font face=\"Arial\" size=\"2\">(Source : \u00ab Alternatives citoyennes \u00bb, le 12 mai 2011)<\/font><\/span><\/b><\/p>\n<p><font face=\"Arial\" size=\"2\"><b><span lang=\"FR-CH\"><font>Lien :<\/font><\/span><span lang=\"FR-CH\"><font><\/font><a href=\"http:\/\/www.alternatives-citoyennes.sgdg.org\/2011-05\/120511-w.html\" target=\"_blank\" rel=\"noopener\"><font>http:\/\/www.alternatives-citoyennes.sgdg.org\/2011-05\/120511-w.html<\/font><\/a><\/span><\/b><\/font><\/p>\n<hr\/>\n<p><b><span lang=\"FR-CH\"><\/p>\n<h3 style=\"color: blue;\"><font face=\"Arial\">Tunisie. Un nouveau parti islamiste\u2026 \u00e0 l\u2019am\u00e9ricaine<\/font><\/h3>\n<hr\/>\n<p><\/span><\/b><\/p>\n<p><span lang=\"FR-CH\"><font face=\"Arial\" size=\"2\">Zohra Abid<\/font><\/span><\/p>\n<p><font face=\"Arial\" size=\"2\"><font><i><span lang=\"FR-CH\"><font>Nouveau parti centriste, vaguement islamiste, l\u2019Alliance nationale pour la paix et la prosp\u00e9rit\u00e9 (Anpp) veut faire de la Tunisie la Singapour des rives sud de la M\u00e9diterran\u00e9e.<\/font><\/span><span lang=\"FR-CH\"><\/span><\/i><\/font><\/font><\/p>\n<p><span lang=\"FR-CH\"><font face=\"Arial\" size=\"2\">C\u2019est, en tout cas, ce qu\u2019a annonc\u00e9 son leader, Skander Rekik, ing\u00e9nieur et homme d\u2019affaire, au cours d\u2019une rencontre de presse, mardi \u00e0 Tunis.<\/font><\/span><\/p>\n<p><span lang=\"FR-CH\"><font face=\"Arial\" size=\"2\">Commen\u00e7ons par la forme: un meeting un peu \u00e0 l\u2019am\u00e9ricaine. Les drapeaux sont bien mis en relief. Ceux de la patrie flottent aux c\u00f4t\u00e9s de ceux du parti: un carr\u00e9 blanc avec tout autour du jaune et du bleu, deux couleurs qui rappellent le soleil et le ciel bleu de la Tunisie. On retrouve ces m\u00eames couleurs dans le dossier de presse \u00e9crit dans la langue d\u2019Ibn Khaldoun. Exit le fran\u00e7ais. Une fa\u00e7on de souligner l\u2019attachement \u00e0 langue nationale. A la tribune, un jeune homme d\u2019affaires au verbe facile et qui, comme tout le monde, promet monts et merveilles.<\/font><\/span><\/p>\n<p><span lang=\"FR-CH\"><font face=\"Arial\" size=\"2\">Les valeurs de la libert\u00e9, de la famille et du travail<span> <\/span><\/font><\/span><\/p>\n<p><span lang=\"FR-CH\"><font face=\"Arial\" size=\"2\">L\u2019Anpp est compos\u00e9 d\u2019hommes et de femmes d\u2019affaires, de m\u00e9decins, ing\u00e9nieurs, banquiers, professeurs, avocats, inspecteurs des finances\u2026 repr\u00e9sentant toutes les r\u00e9gions. La cr\u00e8me de la cr\u00e8me en somme. Tout ce qu\u2019il y a de plus rassurant. Comme le discours de Skander Rekik, chef de ce parti centriste. <\/font><\/span><\/p>\n<p><span lang=\"FR-CH\"><font face=\"Arial\" size=\"2\">Cet ing\u00e9nieur qui a fait ses preuves pendant une vingtaine d\u2019ann\u00e9es dans des entreprises et des projets lanc\u00e9s aux USA, en Europe et au Moyen-Orient a une seule devise: le travail. Et rien que le travail. \u00abMon p\u00e8re qui \u00e9tait chauffeur de louage a d\u00fb trimer pour qu\u2019on r\u00e9ussisse\u00bb, raconte-t-il, fier d\u2019avoir attrap\u00e9 de son p\u00e8re le virus du travail. <\/font><\/span><\/p>\n<p><span lang=\"FR-CH\"><font face=\"Arial\" size=\"2\">Selon son leader, l\u2019Anpp se d\u00e9finit tout d\u2019abord comme protecteur des valeurs de la famille, de la libert\u00e9, de la solidarit\u00e9, de l\u2019\u00e9galit\u00e9 sociale, du soutien aux entreprises familiales et des Pme, sans oublier la nature, comme source de vie et d\u2019\u00e9nergie. Le parti veut aussi d\u00e9fendre les couleurs d\u2019une Tunisie qui respecte son histoire, sa culture, sa religion bref son identit\u00e9 civilisationnelle. <\/font><\/span><\/p>\n<p><span lang=\"FR-CH\"><font face=\"Arial\" size=\"2\">A travers le discours de M. Rekik, on comprend que la soci\u00e9t\u00e9 tunisienne n\u2019a pas besoin de porter les greffons d\u2019une autre appartenance. \u00abNous ne pouvons pas donner raison \u00e0 tous ces mouvements qui appellent \u00e0 la la\u00efcit\u00e9 francophone et qui sont financ\u00e9s par des \u00e9trangers. Ils ne sont pas sur la bonne voie et ils n\u2019ont pas le droit de renier leur identit\u00e9 musulmane\u00bb, a affirm\u00e9 M. Rekik. <\/font><\/span><\/p>\n<p><span lang=\"FR-CH\"><font face=\"Arial\" size=\"2\">En tournant le dos \u00e0 la la\u00efcit\u00e9, o\u00f9 se positionne donc le parti de M. Rekik? M\u00eame si ce dernier d\u00e9fend la th\u00e8se de la s\u00e9paration de la religion et de l\u2019Etat, son parti a une connotation religieuse. Les rumeurs disent que l\u2019Anpp a essay\u00e9 de louer les services d\u2019Abdelfattah Mourou, le leader islamiste tunisien. M. Rekik a confirm\u00e9 l\u2019information \u00e0 Kapitalis. C\u2019est Cheikh Mourou qui a pr\u00e9f\u00e9r\u00e9 cr\u00e9er son propre parti, Al Amana, qui aura bient\u00f4t son visa.<\/font><\/span><\/p>\n<p><span lang=\"FR-CH\"><font face=\"Arial\" size=\"2\">Des Rcdistes dans la maison<\/font><\/span><\/p>\n<p><span lang=\"FR-CH\"><font face=\"Arial\" size=\"2\">Il n\u2019y a pas d\u2019inqui\u00e9tude \u00e0 avoir concernant l\u2019avenir des Tunisiens, estime M. Rekik. Car leurs a\u00efeuls sont de grands penseurs. \u00abNous sommes les descendants d\u2019Ibn Khaldoun, d\u2019Ibn Arafa, de Tahar Haddad, de Fadhel Ben Achour, de Tahar Guiga\u2026 et nous n\u2019avons jamais manqu\u00e9 d\u2019id\u00e9es et de r\u00e9formes\u00bb, rappelle le chef de l\u2019Anpp. Il ajoute: \u00abLa crise de la pens\u00e9e qui a marqu\u00e9 l\u2019\u00e8re de Bourguiba et de Ben Ali n\u2019a plus sa raison d\u2019\u00eatre\u00bb. <\/font><\/span><\/p>\n<p><span lang=\"FR-CH\"><font face=\"Arial\" size=\"2\">M. Rekik a horreur des extr\u00eames, qu\u2019ils soient de gauche ou de droite. Mais pour lui, c\u2019est Ben Ali qui repr\u00e9sente l\u2019horreur supr\u00eame. \u00abNous venons de traverser un mauvais moment de notre histoire. Ne tombons pas encore une fois dans l\u2019extr\u00e9misme, qu\u2019il soit de droite ou de gauche. Ben Ali et Le\u00efla sont un produit de la Tunisie. Croyez-moi, si on ne fait pas attention et qu\u2019on ne se range pas dans un centre mod\u00e9r\u00e9, il y aura d\u2019autres Ben Ali et d\u2019autres Le\u00efla. Restons au juste milieu\u00bb, a-t-il dit. Et d\u2019ajouter que \u00able Tunisien ne demande que de vivre modestement et nous sommes tous appel\u00e9s \u00e0 mettre de l\u2019ordre dans la maison\u00bb.<\/font><\/span><\/p>\n<p><span lang=\"FR-CH\"><font face=\"Arial\" size=\"2\">Mais que fait Kamel Omrane, un homme du pass\u00e9 et du passif et ancien serviteur du r\u00e9gime de Ben Ali, dans ce nouveau parti si ambitieux? <\/font><\/span><\/p>\n<p><span lang=\"FR-CH\"><font face=\"Arial\" size=\"2\">Kamel Omrane, cofondateur de l\u2019Anpp, avait \u00e9t\u00e9 nomm\u00e9, le 29 d\u00e9cembre, ministre des Affaires religieuses dans le dernier gouvernement de Ben Ali, qui vivra deux semaines. Avant de rejoindre le gouvernement du dictateur, cet universitaire islamologue \u00e9tait aux commandes de Zitouna FM, la radio fond\u00e9e par Sakher El Materi, gendre de l\u2019ex-couple pr\u00e9sidentiel. \u00abOui, je le connais. Il s\u2019agit d\u2019un universitaire \u00e9minent et d\u2019un Imam \u00e0 la mosqu\u00e9e des Berges du Lac, puis de celle de A\u00efn Zaghouan. J\u2019ai confiance en lui, et pour moi, il est un h\u00e9ros de l\u2019authenticit\u00e9. Je connais ce monsieur depuis 7 ans et il a les mains propres\u00bb, plaide M. Rekik. Ne craint-il pas que, de par son appartenance, l\u2019homme ne nuise \u00e0 son parti? R\u00e9ponse de l\u2019ami de Kamel Omrane: \u00abJe refuse les id\u00e9es populistes. Ce monsieur n\u2019a jamais profit\u00e9 du syst\u00e8me de Ben Ali et ne vit que de son salaire. Il est vrai qu\u2019il \u00e9tait membre du Rcd, tout comme Moncef Barouni, un autre membre de notre parti. Mais n\u2019insultons pas l\u2019avenir! Nelson Mandela n\u2019a pas exclu tout le monde et nous avons besoin de nous unir pour faire avancer le pays\u00bb. <\/font><\/span><\/p>\n<p><span lang=\"FR-CH\"><font face=\"Arial\" size=\"2\">Cette approche, qui appelle \u00e0 la r\u00e9conciliation nationale, M. Rekik aura sans doute du mal \u00e0 la faire admettre par une majorit\u00e9 de Tunisiens, qui n\u2019est pas dispos\u00e9e \u00e0 donner une nouvelle chance aux serviteurs de l\u2019ancien r\u00e9gime. Et M. Omrane, tout pieux homme qu\u2019il est, en fait partie. <\/font><\/span><\/p>\n<p><span lang=\"FR-CH\"><font face=\"Arial\" size=\"2\">M. Rekik, lui, n\u2019a que faire de ces consid\u00e9rations. Il pr\u00e9f\u00e8re penser \u00e0 l\u2019avenir, et l\u2019avenir de la Tunisie est, selon lui, bien balis\u00e9e. \u00abLa Tunisie peut ressembler \u00e0 la Suisse ou \u00e0 la Singapour, deux pays tr\u00e8s bien plac\u00e9s dans l\u2019\u00e9conomie du monde. Mais les Tunisiens, jusque-l\u00e0, aiment copier les Fran\u00e7ais qui ont amass\u00e9 des fortunes sur le dos des autres peuples. Et ils ont tort. Nous pouvons avoir notre propre politique et \u00eatre class\u00e9s parmi les meilleurs\u00bb, explique M. Rekik. Le leader de l\u2019Anpp ne porte visiblement pas la France dans son c\u0153ur. Le fait qu\u2019il soit membre de l\u2019Association d\u2019amiti\u00e9 tuniso-am\u00e9ricaine et de la Chambre de commerce tuniso-am\u00e9ricaine n\u2019y est sans doute pour rien.<\/font><\/span><\/p>\n<p><b><span lang=\"FR-CH\"><font face=\"Arial\" size=\"2\">(Source : Kapitalis, le 13 mai 2011)<\/font><\/span><\/b><\/p>\n<p><font face=\"Arial\" size=\"2\"><b><span lang=\"FR-CH\"><font>Lien : <\/font><a href=\"http:\/\/www.kapitalis.com\/fokus\/62-national\/3905-tunisie-un-nouveau-parti-islamiste-a-lamericaine-.html\" target=\"_blank\" rel=\"noopener\"><font>http:\/\/www.kapitalis.com\/fokus\/62-national\/3905-tunisie-un-nouveau-parti-islamiste-a-lamericaine-.html<\/font><\/a><\/span><\/b><\/font><\/p>\n<hr\/>\n<p><b><span lang=\"FR-CH\"><\/p>\n<h3 style=\"color: blue;\"><font face=\"Arial\">Sihem Ben Sedrine porte plainte contre 3 r\u00e9dacteurs en chef<\/font><\/h3>\n<hr\/>\n<p><\/span><\/b><\/p>\n<p><i><span lang=\"FR-CH\"><font face=\"Arial\" size=\"2\">Publi\u00e9 par Arwa <\/font><\/span><\/i><\/p>\n<p><span lang=\"FR-CH\"><font face=\"Arial\" size=\"2\">Ce dossier date de la p\u00e9riode noire de l\u2019injustice, des exactions et des atteintes \u00e0 la libert\u00e9 et \u00e0 la dignit\u00e9 des gens, du temps de la dictature de Ben Ali. La victime n\u2019est autre que la militante et journaliste Sihem Ben Sedrine qui a \u00e9t\u00e9 injuri\u00e9e plus d\u2019une fois, sous les ordres du pr\u00e9sident d\u00e9chu, par le biais de quelques plumes \u00e0 la solde du fuyard.<\/font><\/span><\/p>\n<p><span lang=\"FR-CH\"><font face=\"Arial\" size=\"2\">Aujourd\u2019hui, chacun voulant recouvrer ses droits, son dossier vient d\u2019\u00eatre remis sur la table par son avocat, Ma\u00eetre Abderraouf Ayadi, qui a avis\u00e9 les autorit\u00e9s judiciaires que la plainte d\u00e9pos\u00e9e alors par sa cliente n\u2019a eu aucune suite. Il s\u2019agit d\u2019articles publi\u00e9s par trois journaux de la place portant atteinte \u00e0 sa personne et \u00e0 sa dignit\u00e9.<\/font><\/span><\/p>\n<p><span lang=\"FR-CH\"><font face=\"Arial\" size=\"2\">Cette plainte concerne les trois r\u00e9dacteurs en chef Abdelhamid Riahi, du journal \u00abAchourouq\u00bb, Abdelaziz J\u00e9ridi, directeur du journal \u00abAl Hadath\u00bb, et Salah Hajja, directeur du journal \u00abAssarih\u00bb qui ont publi\u00e9 sur leurs pages, durant le r\u00e8gne de Ben Ali, des articles insultants contre Sihem Ben Sedrine, rapporte le journal londonien de langue arabe \u00ab\u00a0Al Qods Al Arabi\u00a0\u00bb.<\/font><\/span><\/p>\n<p><span lang=\"FR-CH\"><font face=\"Arial\" size=\"2\">Selon l\u2019avocat de Sihem Ben Sedrine, ces responsables touchaient des sommes cons\u00e9quentes afin de s\u2019attaquer \u00e0 tout opposant et de donner un visage \u00abrayonnant\u00bb du pouvoir en place, consid\u00e9rant ces faveurs comme un vol du bien public qui doit \u00eatre remis \u00e0 l\u2019Etat\u2026 Affaire \u00e0 suivre.<\/font><\/span><\/p>\n<p><b><span lang=\"FR-CH\"><font face=\"Arial\" size=\"2\">(Source: \u201eWebdo.tn\u201c, le 13 mai 2011)<\/font><\/span><\/b><\/p>\n<p><font face=\"Arial\" size=\"2\"><b><span><font>Lien : <\/font><\/span><span lang=\"FR-CH\"><a href=\"http:\/\/www.webdo.tn\/\" target=\"_blank\" rel=\"noopener\"><span lang=\"DE-CH\"><font>http:\/\/www.webdo.tn<\/font><\/span><\/a><\/span><\/b><\/font><\/p>\n<\/div>\n<div>\n<hr\/>\n<p><b><span lang=\"FR\"><\/p>\n<h3 style=\"color: blue;\"><font face=\"Arial\">La Tunisie pouss\u00e9e \u00e0 respecter le calendrier \u00e9lectoral<\/font><\/h3>\n<hr\/>\n<p><\/span><\/b><\/div>\n<p align=\"justify\"><span lang=\"FR\"><font face=\"Arial\">La reprise de manifestations \u00e0 Tunis met sous pression les autorit\u00e9s int\u00e9rimaires, incit\u00e9es \u00e0 respecter le calendrier de la transition et organiser les \u00e9lections constituantes \u00e0 la date pr\u00e9vue du 24 juillet m\u00eame s&rsquo;il peut en r\u00e9sulter davantage d&rsquo;instabilit\u00e9 \u00e0 long terme.<\/font><\/span><\/p>\n<p align=\"justify\"><span lang=\"FR\"><font face=\"Arial\">Certains partis encore faiblement mobilis\u00e9s estiment que ce calendrier est trop serr\u00e9 pour assurer l&rsquo;\u00e9quit\u00e9 du scrutin. D&rsquo;autres craignent que la Tunisie ne soit mal pr\u00e9par\u00e9e \u00e0 un scrutin d\u00e9mocratique apr\u00e8s des d\u00e9cennies de r\u00e9gime autocratique.<\/font><\/span><\/p>\n<p align=\"justify\"><span lang=\"FR\"><font face=\"Arial\">Mais dans un contexte de tension croissante, tout autre \u00e9cueil qu&rsquo;un retard l\u00e9ger pourrait provoquer de nouveaux troubles dans un pays qui peine encore \u00e0 r\u00e9tablir l&rsquo;ordre apr\u00e8s la chute, en janvier, du pr\u00e9sident Zine ben Ali.<\/font><\/span><\/p>\n<p align=\"justify\"><span lang=\"FR\"><font face=\"Arial\">La police a fait usage de gaz lacrymog\u00e8nes pour disperser des dizaines de manifestants dimanche \u00e0 Tunis apr\u00e8s quatre jours d&rsquo;agitation et a proc\u00e9d\u00e9 \u00e0 quelque 600 arrestations en divers points du pays. Un couvre-feu est en vigueur depuis samedi.<\/font><\/span><\/p>\n<p align=\"justify\"><span lang=\"FR\"><font face=\"Arial\">Les manifestants redoutent de voir le gouvernement int\u00e9rimaire revenir sur sa promesse de conduire le pays vers la d\u00e9mocratie en rompant avec un long r\u00e9gime de parti unique.<\/font><\/span><\/p>\n<p align=\"justify\"><span lang=\"FR\"><font face=\"Arial\">\u00ab\u00a0<em><span>Les \u00e9lections doivent intervenir le 24 juillet, il faut qu&rsquo;ils oeuvrent en ce sens pour qu&rsquo;il y ait une stabilisation<\/span><\/em>\u00ab\u00a0, estime Kais Sa\u00efd, professeur de droit.<\/font><\/span><\/p>\n<p align=\"justify\"><span lang=\"FR\"><font face=\"Arial\">Le Premier ministre par int\u00e9rim, Beji Ca\u00efd Essebsi, a \u00e9voqu\u00e9 dimanche un report possible li\u00e9 \u00e0 des difficult\u00e9s techniques, mais il s&rsquo;est empress\u00e9 ensuite d&rsquo;assurer que les autorit\u00e9s faisaient le maximum pour respecter la date convenue.<\/font><\/span><\/p>\n<p align=\"justify\"><span lang=\"FR\"><font face=\"Arial\">Les derni\u00e8res manifestations avaient fait suite aux propos d&rsquo;un ex-ministre de l&rsquo;Int\u00e9rieur selon qui un coup d&rsquo;Etat serait \u00e0 craindre en cas de victoire du mouvement islamiste Ennahda.<\/font><\/span><\/p>\n<p align=\"justify\"><span lang=\"FR\"><font face=\"Arial\">\u00ab\u00a0<em><span>Il r\u00e8gne encore une tr\u00e8s forte atmosph\u00e8re r\u00e9volutionnaire en Tunisie, note Jean-Baptiste Gallopin, du groupe Control Risks. Toute initiative per\u00e7ue comme une tentative d&rsquo;\u00e9l\u00e9ments de l&rsquo;ancienne \u00e9lite pour faire d\u00e9railler le processus de transition vers la d\u00e9mocratie se heurte imm\u00e9diatement \u00e0 une r\u00e9action de la rue.<\/span><\/em>\u00ab\u00a0<\/font><\/span><\/p>\n<p align=\"justify\"><span lang=\"FR\"><font face=\"Arial\">La mobilisation politique de la Tunisie, couronn\u00e9e par le renversement de Ben Ali le 14 janvier, a inspir\u00e9 des mouvements de contestation analogues dans le monde arabe.<\/font><\/span><\/p>\n<p align=\"justify\"><span lang=\"FR\"><font face=\"Arial\">Mais ce pays de 10 millions d&rsquo;habitants ne poss\u00e8de pas les ressources \u00e9nerg\u00e9tiques de ses voisins et estime avoir besoin de milliards de dollars de pr\u00eats ext\u00e9rieurs pour surmonter la d\u00e9sorganisation qui affecte durement son march\u00e9 de l&#8217;emploi et son industrie touristique.<\/font><\/span><\/p>\n<p align=\"justify\"><span lang=\"FR\"><font face=\"Arial\">Les march\u00e9s seraient toutefois plus compr\u00e9hensifs devant un report du scrutin et pourraient m\u00eame en \u00eatre satisfaits, selon Richard Segal, strat\u00e9giste aupr\u00e8s du groupe bancaire Jefferies. \u00ab\u00a0<em><span>Le pays se donne peu de temps pour tenir ces nouvelles \u00e9lections, aussi un retard d&rsquo;ordre technique serait-il compr\u00e9hensible<\/span><\/em>\u00ab\u00a0, dit-il.<\/font><\/span><\/p>\n<p align=\"justify\"><span lang=\"FR\"><font face=\"Arial\">Une br\u00e8ve transition cens\u00e9e favoriser la stabilit\u00e9 pourrait avoir l&rsquo;effet oppos\u00e9 \u00e0 long terme, et ce risque concerne d&rsquo;autres pays en phase postr\u00e9volutionnaire comme l&rsquo;Egypte.<\/font><\/span><\/p>\n<p align=\"justify\"><span lang=\"FR\"><font face=\"Arial\">\u00ab\u00a0<em><span>Le pire des sc\u00e9narios serait celui d&rsquo;un processus acc\u00e9l\u00e9r\u00e9 d\u00e9bouchant sur l&rsquo;instabilit\u00e9<\/span><\/em>\u00ab\u00a0, souligne Richard Segal en \u00e9voquant les transitions de fa\u00e7on g\u00e9n\u00e9rale. \u00ab\u00a0<em><span>En fait, certains investisseurs pourraient approuver une transition lente, car cela r\u00e9duirait le risque de chocs n\u00e9gatifs \u00e0 court terme.<\/span><\/em>\u00ab\u00a0<\/font><\/span><\/p>\n<p align=\"justify\"><span lang=\"FR\"><font face=\"Arial\">Une courte p\u00e9riode pr\u00e9\u00e9lectorale pourrait favoriser le mouvement Ennahda, dirig\u00e9 par Rachid Ghannouchi et interdit sous la pr\u00e9sidence de Ben Ali, parce qu&rsquo;il est plus mobilis\u00e9 que d&rsquo;autres partis. On s&rsquo;attend \u00e0 ce qu&rsquo;il r\u00e9alise de bons scores dans le Sud, o\u00f9 le ch\u00f4mage d\u00e9passe la moyenne nationale de 14%.<\/font><\/span><\/p>\n<p align=\"justify\"><span lang=\"FR\"><font face=\"Arial\">Certains des partis les plus modestes &#8211; une soixantaine seront en lice &#8211; estiment que le calendrier rend le jeu in\u00e9gal entre les candidats au scrutin.<\/font><\/span><\/p>\n<p align=\"justify\"><span lang=\"FR\"><font face=\"Arial\">\u00ab\u00a0<em><span>Il serait sens\u00e9 de reporter les \u00e9lections<\/span><\/em>\u00ab\u00a0, dit le politologue ind\u00e9pendant Slaheddin Djourtchi, favorable \u00e0 ce qu&rsquo;elles aient lieu en octobre ou novembre. \u00ab\u00a0<em><span>Il est tr\u00e8s difficile d&rsquo;organiser des \u00e9lections dans les deux mois, les partis ne sont pas pr\u00eats. Le processus exige du temps.<\/span><\/em>\u00ab\u00a0<\/font><\/span><\/p>\n<p align=\"justify\"><span lang=\"FR\"><font face=\"Arial\">Source : \u00ab L\u2019express \u00bb Le 13-05-2011<\/font><\/span><\/p>\n<p align=\"justify\"><span lang=\"FR\"><font face=\"Arial\">Lien : <\/font><a href=\"http:\/\/www.lexpress.fr\/actualites\/2\/monde\/la-tunisie-poussee-a-respecter-le-calendrier-electoral_992540.html\" target=\"_blank\" rel=\"noopener\"><font face=\"Arial\">http:\/\/www.lexpress.fr\/actualites\/2\/monde\/la-tunisie-poussee-a-respecter-le-calendrier-electoral_992540.html<\/font><\/a><\/span><\/p>\n<p align=\"justify\"><span lang=\"FR\"><font face=\"Arial\"><\/font><\/span><\/p>\n<hr\/>\n<p><b><span lang=\"FR\"><\/p>\n<h3 style=\"color: blue;\"><font face=\"Arial\">Zine Ben Ali va rendre des comptes aux Tunisiens<\/font><\/h3>\n<hr\/>\n<p><\/span><\/b>\u00a0<\/p>\n<p align=\"justify\"><span lang=\"FR\"><font face=\"Arial\">Le 14 janvier dernier, une foule en liesse applaudissait le d\u00e9part de Zine Ben Ali. Apr\u00e8s vingt-neuf jours de mobilisation, le pr\u00e9sident de la R\u00e9publique tunisienne abandonne son poste et quitte le pays pour se r\u00e9fugier \u00e0 Djeddah, en Arabie saoudite.<\/font><\/span><\/p>\n<p align=\"justify\"><span lang=\"FR\"><font face=\"Arial\">Les autorit\u00e9s tunisiennes ont d\u00e9cid\u00e9 mercredi dernier de convoquer devant un tribunal militaire le chef d\u2019Etat d\u00e9chu. Poursuivi pour homicide volontaire, meurtre, pillage, et la liste est longue, l\u2019ancien pr\u00e9sident devra r\u00e9pondre de ses actes. Le mois dernier, Tunis avait annonc\u00e9 vouloir engager dix-huit actions en justice contre l\u2019ancien chef d\u2019Etat, notamment pour \u00ab complot contre la s\u00fbret\u00e9 int\u00e9rieure de l\u2019Etat \u00bb, \u00ab incitation \u00e0 provoquer le d\u00e9sordre, le meurtre ou le pillage sur le territoire tunisien \u00bb et \u00ab trafic et usage de stup\u00e9fiants \u00bb.<\/font><\/span><\/p>\n<p align=\"justify\"><span lang=\"FR\"><font face=\"Arial\">Seul probl\u00e8me, on n\u2019est pas s\u00fbr de savoir o\u00f9 se trouve le couple Ben Ali \u00e0 l\u2019heure actuelle. L\u2019ex-pr\u00e9sident tunisien n\u2019est plus apparu en public depuis son d\u00e9part le 14 janvier dernier pour l\u2019Arabie Saoudite. Les autorit\u00e9s tunisiennes n\u2019ont toujours pas r\u00e9ussi \u00e0 obtenir l\u2019extradition de Ben Ali et de son \u00e9pouse. Prot\u00e9g\u00e9s dans la grande demeure bourgeoise pr\u00eat\u00e9e par la famille royale saoudienne, Zine Ben Ali n\u2019est pas pour autant compl\u00e8tement tomb\u00e9 aux oubliettes dans la communaut\u00e9 internationale. Alors qu\u2019un mandat d\u2019arr\u00eat international a \u00e9t\u00e9 lanc\u00e9 contre le couple le 26 janvier dernier, plusieurs pays ont gel\u00e9 les avoirs du \u00abclan Ben Ali-Trabelsi\u00bb, \u00e0 commencer par la Tunisie, puis la Suisse. Enfin l\u2019association Sherpa a r\u00e9v\u00e9l\u00e9 mercredi que 12 millions d\u2019euros avaient \u00e9t\u00e9 saisis en France sur douze comptes bancaires appartenant \u00e0 des proches de l\u2019ex-pr\u00e9sident tunisien.<\/font><\/span><\/p>\n<p align=\"justify\"><span lang=\"FR\"><font face=\"Arial\">De nombreux proches des Ben Ali ont \u00e9galement \u00e9t\u00e9 arr\u00eat\u00e9s, comme par exemple Mohamed Ghariani, ancien secr\u00e9taire g\u00e9n\u00e9ral du RCD, parti dissous de Ben Ali, ou encore le fr\u00e8re de l\u2019ancien chef d\u2019Etat, Slah Ben Ali. Le peuple tunisien a besoin que Justice soit faite pour s\u2019engager avec s\u00e9r\u00e9nit\u00e9 dans la transition d\u00e9mocratique qu\u2019il a amorc\u00e9.<\/font><\/span><\/p>\n<p align=\"justify\"><span lang=\"FR\"><font face=\"Arial\">Source : \u00ab Planete Campus \u00bb Le 13-05-2011<\/font><\/span><\/p>\n<p align=\"justify\"><span lang=\"FR\"><font face=\"Arial\">Lien : <\/font><a href=\"http:\/\/www.planetecampus.com\/actu\/31187-zine-ben-ali-va-rendre-des-comptes-aux-tunisiens\" target=\"_blank\" rel=\"noopener\"><font face=\"Arial\">http:\/\/www.planetecampus.com\/actu\/31187-zine-ben-ali-va-rendre-des-comptes-aux-tunisiens<\/font><\/a><\/span><\/p>\n<p align=\"justify\"><span lang=\"FR\"><font face=\"Arial\"><\/font><\/span><\/p>\n<hr\/>\n<p><b><span lang=\"FR\"><\/p>\n<h3 style=\"color: blue;\"><font face=\"Arial\">Peurs et d\u00e9mons dans la r\u00e9volution tunisienne<\/font><\/h3>\n<hr\/>\n<p><\/span><\/b>\u00a0<\/p>\n<p align=\"justify\"><span lang=\"FR\"> <font face=\"Arial\"><font>Une analyse psychologique des Tunisiens aux prises avec leur r\u00e9volution. De la peur \u00e0 la renaissance, en passant par le d\u00e9ni, la n\u00e9gociation et la d\u00e9pression. Par<\/font><strong><span><font>Noureddine Kridis*<\/font><\/span><\/strong><\/font><\/span><\/p>\n<p align=\"justify\"><span lang=\"FR\"><font face=\"Arial\">Depuis le 14 janvier, notre soci\u00e9t\u00e9 est entr\u00e9e dans un processus de mort-renaissance, avec toutes ses phases qui vont de l\u2019annonce, au d\u00e9ni, de la n\u00e9gociation illusoire, \u00e0 la d\u00e9pression de l\u2019acceptation sereine, \u00e0 la n\u00e9gociation cr\u00e9ative et \u00e0 la renaissance (pr\u00e9vue pour le 24 juillet). Il s\u2019agit en m\u00eame temps d\u2019un processus de gu\u00e9rison collective, car ce que nous sommes en train de vivre nous affecte au plus profond de nous-m\u00eames et laissera des traces \u00e0 jamais, y compris pour les g\u00e9n\u00e9rations \u00e0 venir.<\/font><\/span><\/p>\n<p align=\"justify\"><strong><span lang=\"FR\"><font face=\"Arial\">L\u2019annonce: la peur de la r\u00e9volution<\/font><\/span><\/strong><font><b><span lang=\"FR\"> <\/span><\/b><\/font><span lang=\"FR\"><font face=\"Arial\">Oui, nous avons accompli une r\u00e9volution. Oui, elle est bien l\u00e0. Oui, nous la voyons, nous l\u2019entendons, nous la touchons, nous la sentons. Et ceci nous a fait peur, car maintenant, se pose le probl\u00e8me de l\u2019action. Mais pour agir, nous avons besoin de temps: le temps d\u2019int\u00e9rioriser ce qui nous arrive et ce que nous avons fait. Tout d\u2019abord, pour pouvoir enterrer une Tunisie qui a v\u00e9cu 23 ans pour ne se limiter qu\u2019\u00e0 cette p\u00e9riode (car la r\u00e9volution est contextualis\u00e9e), les Tunisiens doivent pouvoir d\u2019un c\u00f4t\u00e9 reconna\u00eetre les d\u00e9g\u00e2ts de ce long r\u00e8gne. Oui, sans cette reconnaissance, rien ne peut se faire. Nous n\u2019avons pas encore fait le tour de la question quatre mois apr\u00e8s. Ceci engage \u00e0 un travail d\u2019aveu, porteur de r\u00e9parations et de pardon \u00e0 long terme. Il est inutile d\u2019\u00eatre dans la position du \u00abd\u00e9ni\u00bb, elle n\u2019aide ni les personnes et leurs entourages qui ont souffert, ni les autres qui ont \u00e9t\u00e9 \u00e0 l\u2019origine de cette souffrance. Les n\u00e9gociations illusoires, par exemple: tous les Rcdistes ne sont \u00e0 mettre dans le m\u00eame sac! Nous \u00e9tions des fonctionnaires appel\u00e9s \u00e0 ex\u00e9cuter les ordres! Ces n\u00e9gociations retardent la gu\u00e9rison collective et le travail d\u2019une cr\u00e9ation collective r\u00e9elle. Les derni\u00e8res sont celles qui ont touch\u00e9 l\u2019article 15 (l\u2019\u00e9cartement des membres du Rcd durant 23 ans de l\u2019exercice du pouvoir) et oppos\u00e9 le Premier ministre du gouvernement provisoire \u00e0 la Haute instance pour la r\u00e9alisation des objectifs de la r\u00e9volution.<\/font><\/span><\/p>\n<p align=\"justify\"><strong><span lang=\"FR\"><font face=\"Arial\">Le Rcd: le d\u00e9ni<\/font><\/span><\/strong><font><b><span lang=\"FR\"> <\/span><\/b><\/font><span lang=\"FR\"><font face=\"Arial\">Il semble que le nombre des adh\u00e9rents du Rcd ait atteint plus que 2 millions de personnes, et m\u00eame si le nombre d\u2019adh\u00e9rents authentiques n\u2019est que le quart, c\u2019est quand m\u00eame consid\u00e9rable. Aujourd\u2019hui, l\u2019on ne sait pas si la personne en face de vous n\u2019\u00e9tait pas Rcd, et que faire alors si vous \u00eates engag\u00e9 avec elle dans un travail en commun? Tout ce qu\u2019aujourd\u2019hui, on peut entreprendre risque d\u2019impliquer sans le vouloir des adh\u00e9rents du Rcd. C\u2019est ce qui est arriv\u00e9 aux gouvernements provisoires quand ils ont nomm\u00e9 les gouverneurs, des ministres, et o\u00f9 trouver alors des gens qui sont purs et cent pour cent loin de tout \u00e7a?  Il s\u2019agit d\u2019un vrai dilemme. Le Rcd continuera pour longtemps \u00e0 empoisonner la vie sociale et politique de la Tunisie, et aujourd\u2019hui, pour r\u00e9ussir la r\u00e9volution, il faut absolument fermer la porte \u00e0 toutes ces tentatives de retour en arri\u00e8re. Les Tunisiens Rcd sont pris aujourd\u2019hui par une sorte de syndrome d\u2019auto-d\u00e9responsabilisation, ils ne savaient pas, ils n\u2019\u00e9taient au courant de rien, Iadh Wedreni, conseiller au rang de ministre, directeur du cabinet du pr\u00e9sident d\u00e9chu, dans une long interview, alors qu\u2019il devait dispara\u00eetre de la sc\u00e8ne pour se faire oublier un peu, affirmait qu\u2019il \u00e9tait pur comme la vierge immacul\u00e9e, et qu\u2019il ne se reprochait rien, dans la mesure o\u00f9 il n\u2019a rien vu, rien entendu\u2026  La m\u00eame sc\u00e8ne s\u2019est observ\u00e9e \u00e0 une \u00e9chelle collective lors de la s\u00e9ance parlementaire du 7 f\u00e9vrier. La majorit\u00e9 de ceux et de celles qui ont pris la parole ont \u00e9voqu\u00e9 leur instrumentalisation par le pass\u00e9 et au pr\u00e9sent. Aujourd\u2019hui, des forces de plus en plus visibles du d\u00e9ni complotent contre la r\u00e9volution. La recrudescence de la violence d\u00e9but mai apr\u00e8s quelques semaines de s\u00e9curit\u00e9 en est la preuve.<\/font><\/span><\/p>\n<p align=\"justify\"><strong><span lang=\"FR\"><font face=\"Arial\">Le rituel: en occupant l\u2019espace<\/font><\/span><\/strong><font><b><span lang=\"FR\"> <\/span><\/b><\/font><span lang=\"FR\"><font face=\"Arial\">Le po\u00e8te Sghaier Ouled Ahmed demandait dans une \u00e9mission de t\u00e9l\u00e9vision que les \u00abmanadher\u00bb, litt\u00e9ralement les \u00abt\u00eates\u00bb, \u00ables gueules\u00bb, et en plus soft \u00ables paysages\u00bb changent. Les gens n\u2019ont pas fait la r\u00e9volution pour continuer \u00e0 voir les m\u00eames \u00abvisages\u00bb, qui en plus leur rappellent que rien n\u2019a chang\u00e9, qu\u2019ils n\u2019ont pas avanc\u00e9, que l\u2019ancien tyran n\u2019est pas mort. Pire, le fait de voir les m\u00eames t\u00eates ravive leur souffrance et leur excitation. Ces m\u00eames t\u00eates fonctionnent comme des stimuli aversifs, traumatisants, faisant monter la tension \u00e0 chaque passage.  La sagesse aurait recommand\u00e9 de couper net et court avec tout ce qui rappelle l\u2019ancien r\u00e9gime. Cela apaiserait les gens, ferait tourner la page facilement, leur ferait prendre conscience qu\u2019il s\u2019agit bien d\u2019une r\u00e9volution, et non d\u2019un simple changement.<\/font><\/span><\/p>\n<p align=\"justify\"><strong><span lang=\"FR\"><font face=\"Arial\">En prenant la parole<\/font><\/span><\/strong><font><b><span lang=\"FR\"> <\/span><\/b><\/font><span lang=\"FR\"><font face=\"Arial\">En prenant la parole, ce qui n\u2019est pas rien, nous avons la possibilit\u00e9 de donner sens \u00e0 ce qui nous arrive, \u00e0 ce que nous faisons. Il s\u2019agit bien de porter un regard sur le \u00absens\u00bb, de l\u2019orientation, de l\u2019axe du temps.  Tout le monde \u00e9prouve le besoin de voir le \u00absens\u00bb, o\u00f9 on va? Est-ce la bonne direction maintenant qu\u2019il n\u2019y a plus de direction impos\u00e9e ou unique \u00abnotre seul et unique choix est Ben Ali\u00bb r\u00e9p\u00e9tait les slogans de l\u2019ancien temps&#8230; En apprenant la parole, nous nous donnons la capacit\u00e9 de faire notre histoire, une histoire au sens o\u00f9 nous reconstituons le sens de ce qui nous arrive \u00abtoute cette r\u00e9volution est pour la d\u00e9mocratie, pour la dignit\u00e9\u00bb. La reprise de la parole est une reprise de l\u2019axe du temps, qui \u00e9tait pr\u00e9-orient\u00e9 sans notre volont\u00e9 pour de longues ann\u00e9es. En disant les choses aujourd\u2019hui, nous re-figurons notre r\u00e9volution par rapport \u00e0 notre histoire r\u00e9cente et notre histoire mill\u00e9naire, mais aussi par rapport \u00e0 l\u2019histoire du monde. Nous remembrons des pi\u00e8ces de puzzle que nous croyons perdus pour toujours.  Il est tout \u00e0 fait naturel qu\u2019ainsi, des personnes ne puissent pas trouver les mots, ou qu\u2019elles ne puissent pas reconna\u00eetre les mots, ou qu\u2019elles ne puissent pas nommer tout court les choses. Il s\u2019agit bien de la red\u00e9couverte de notre temporalit\u00e9, et de la vie des mots longtemps r\u00e9ifi\u00e9s et morts.  Il s\u2019agit bien de la prise de conscience brutale de notre \u00abtemporalit\u00e9\u00bb et du coup de notre responsabilit\u00e9 et de notre fragilit\u00e9. Le syndrome d\u00e9pressif qui touche une majorit\u00e9 des Tunisiens prend ses racines dans ce sentiment de perte provisoire de l\u2019axe du temps et du sens.<\/font><\/span><\/p>\n<p align=\"justify\"><strong><span lang=\"FR\"><font face=\"Arial\">L\u2019acceptation sereine: l\u2019illusion r\u00e9volutionnaire<\/font><\/span><\/strong><font><b><span lang=\"FR\"> <\/span><\/b><\/font><span lang=\"FR\"><font face=\"Arial\">Le retour du principe de r\u00e9alit\u00e9 est b\u00e9n\u00e9fique pour cette belle r\u00e9volution. La r\u00e9volution tunisienne est la r\u00e9volution de la libert\u00e9 et de la dignit\u00e9. C\u2019est tout un programme pour le peuple, un programme original et nouveau. Il pourrait m\u00eame inspirer la nouvelle constitution, c\u2019est-\u00e0-dire en constituer son esprit. Il pourrait m\u00eame en constituer la lettre. Ainsi, l\u2019embl\u00e8me de la r\u00e9publique pourrait \u00eatre bipolaire: Dignit\u00e9 et Libert\u00e9 au lieu de l\u2019actuel: Ordre, Libert\u00e9, Justice.  On pourrait aussi identifier les organes du corps qui sont les plus interpell\u00e9s par cette double d\u00e9nomination. Il s\u2019agit d\u2019abord, pour la libert\u00e9, de renvoyer \u00e0 la main, aux mains. \u00abRestituez-moi ma libert\u00e9, lib\u00e9rez mes mains, car j\u2019ai tout donn\u00e9, je n\u2019ai rien gard\u00e9\u2026\u00bb, chantait Oum Khalthoum \u00e0 gorge d\u00e9ploy\u00e9e. Et pour la dignit\u00e9, il s\u2019agit de la colonne vert\u00e9brale.  D\u2019abord, les mains : elles sont dans cette position d\u2019ouverture, en prolongeant les bras eux-aussi ouverts, tendus vers le ciel, rappelant la victoire, la connexion avec l\u2019universel, la beaut\u00e9 de l\u2019\u00e9lan. La main est l\u2019organe le mieux repr\u00e9sent\u00e9e au niveau du cerveau. Elle supporte aussi les fonctions les plus humanisantes: le handling, le holding, le pointing, l\u2019index et le pouce. La main c\u2019est la dext\u00e9rit\u00e9, l\u2019habilet\u00e9, la motricit\u00e9 fine, le maniement, la manipulation. Mais c\u2019est aussi, et en m\u00eame temps, le toucher, la caresse, le salut, le lien, le social, la rencontre, l\u2019affrontement, le poing et le duel. Bref, la main, c\u2019est la construction de l\u2019\u00e9difice social et de la culture humaine. Elle est l\u2019action par d\u00e9finition. On comprend pourquoi le peuple r\u00e9clame la libert\u00e9. Il s\u2019agit pour lui de retrouver son action, d\u2019arr\u00eater sa passivit\u00e9, d\u2019arr\u00eater de subir, de reprendre en main son destin, d\u2019inscrire sa trace et de raviver des liens. Ensuite, la dignit\u00e9. Elle est dans mon corps, la colonne vert\u00e9brale. C\u2019est la structuration et la posture verticale, debout, droite, avec le buste droit, et les articulations saines. C\u2019est la possibilit\u00e9 d\u2019avoir la t\u00eate haute, de pouvoir regarder les yeux dans les yeux, d\u2019avancer, d\u2019\u00eatre dans la confiance et d\u2019avoir le sentiment de sa force. La robustesse d\u2019un corps articul\u00e9 et fluide, ferme et bien dress\u00e9, procure cette possibilit\u00e9 pour tout un chacun de d\u00e9velopper sa confiance et sa r\u00e9f\u00e9rence interne, c\u2019est-\u00e0-dire sa capacit\u00e9 de penser par lui-m\u00eame, d\u2019\u00eatre une structure, qui compte et avec qui on doit compter. Tout individu est une structure qui compte.  L\u2019ancien r\u00e9gime \u00e9tait champion dans la capacit\u00e9 \u00e0 attaquer cette structure, \u00e0 lui manquer de respect, \u00e0 l\u2019humilier, \u00e0 la casser, \u00e0 la briser par plusieurs strat\u00e9gies: en lui refusant la pens\u00e9e, la conduite de sa vie et ses diff\u00e9rentes actualisations: travailler, se loger, se soigner, \u00e9tudier, vivre.  Aujourd\u2019hui (le 9 mai), ce que les Tunisiens ont revendiqu\u00e9 prioritairement: de la dignit\u00e9 c&rsquo;est-\u00e0-dire la pens\u00e9e par soi-m\u00eame et le respect, et de la libert\u00e9 c\u2019est-\u00e0-dire l\u2019action et l\u2019initiative, n\u2019est pas ce qui ressort des pr\u00e9occupations politiques du gouvernement provisoire ni du climat politique g\u00e9n\u00e9ral. Les Tunisiens, dans l\u2019euphorie r\u00e9volutionnaire, ont beaucoup fait appel \u00e0 la voix et aux pieds. Parler, crier, mais aussi bouger, occuper des lieux, des avenues, couper des routes. On observe par cons\u00e9quent un d\u00e9calage v\u00e9cu entre la revendication: faire, agir et \u00eatre respect\u00e9, et la r\u00e9alisation des derniers mois. La d\u00e9sillusion gagne du terrain \u00e0 cause de ces d\u00e9calages. La r\u00e9volution n\u2019est pas la prise de la parole pour la parole, ni l\u2019occupation de l\u2019espace pour le contr\u00f4le de l\u2019espace.  A peine la r\u00e9volution faite, que la course au pouvoir s\u2019est lanc\u00e9e. C\u2019est ce qui explique le nombre des partis, les techniques m\u00e9diatiques et de terrain de ces partis. Il est strat\u00e9gique pour nous tous aujourd\u2019hui de nous recentrer autour de trois fondamentaux:  1- Le Tunisien est un individu pr\u00e9cieux, et les Tunisiens, dans leur diversit\u00e9 biologique, psychologique et sociologique, m\u00e9ritent d\u2019\u00eatre reconnus, respect\u00e9s, d\u00e9fendus, prot\u00e9g\u00e9s, valoris\u00e9s inconditionnellement, un par un, de ce respect na\u00eet le sentiment de citoyennet\u00e9.  Toute la Tunisie doit garder le souvenir qu\u2019elle s\u2019est lev\u00e9e pour un individu: Mohamed Bouazizi. La constitution doit donner la priorit\u00e9 \u00e0 cette structure, \u00e0 cette colonne vert\u00e9brale qui fait de chacun de nous une r\u00e9alit\u00e9 unique et pr\u00e9cieuse. Cette notion est \u00e0 la base des droits de l\u2019homme, de la modernit\u00e9, de la loi.  2 &#8211; Notre vie en commun s\u2019inspire de ce principe: si telle \u00e9tait la revendication de notre r\u00e9volution : libert\u00e9 et dignit\u00e9, nous inscrirons une seule r\u00e8gle \u00e9thique et politique minimale: s\u2019abstenir \u00e0 nuire \u00e0 autrui, puisque autrui est cette richesse irrempla\u00e7able dont nous partions. 3 &#8211; Toutes nos lois sont faites pour d\u00e9fendre le premier et le second principe.<\/font><\/span><\/p>\n<p align=\"justify\"><span lang=\"FR\"><font face=\"Arial\">Source : \u00ab Kapitalis \u00bb Le 13-05-2011<\/font><\/span><\/p>\n<p align=\"justify\"><span lang=\"FR\"><font face=\"Arial\">Lien : <\/font><a href=\"http:\/\/www.kapitalis.com\/fokus\/62-national\/3903-peurs-et-demons-dans-la-revolution-tunisienne.html\" target=\"_blank\" rel=\"noopener\"><font face=\"Arial\">http:\/\/www.kapitalis.com\/fokus\/62-national\/3903-peurs-et-demons-dans-la-revolution-tunisienne.html<\/font><\/a><\/span><\/p>\n<p align=\"justify\"><span lang=\"FR\"><font face=\"Arial\"><\/font><\/span><\/p>\n<hr\/>\n<p><b><span lang=\"FR\"><\/p>\n<h3 style=\"color: blue;\"><font face=\"Arial\">Tunisie. Des \u00abvisiteurs de nuit\u00bb chez le militant Kh\u00e9ma\u00efs Ksila<\/font><\/h3>\n<hr\/>\n<p><\/span><\/b>\u00a0<\/p>\n<p align=\"justify\"><span lang=\"FR\"><font face=\"Arial\">Kh\u00e9ma\u00efs Ksila, le secr\u00e9taire g\u00e9n\u00e9ral de la Ligue tunisienne des droits de l\u2019homme (Ltdh), soup\u00e7onne des \u00e9l\u00e9ments de la police politique dissoute d\u2019avoir p\u00e9n\u00e9tr\u00e9 par effraction chez lui en son absence. <\/font><\/span><\/p>\n<p align=\"justify\"><span lang=\"FR\"><font face=\"Arial\">Dans un communiqu\u00e9 \u00e0 l\u2019opinion publique diffus\u00e9 par le site de <\/font><font><a href=\"http:\/\/ltdh-tunisie.org\/2011\/05\/communique-a-lopinion-publique\/\" target=\"_blank\" rel=\"noopener\"><font face=\"Arial\">la Ligue<\/font><\/a><\/font><font face=\"Arial\">, M. Ksila raconte: \u00abEn regagnant mon domicile, le mercredi 11 mai 2011, j\u2019ai eu la surprise de constater que la serrure de la porte d\u2019entr\u00e9e a \u00e9t\u00e9 enlev\u00e9e d\u2019une mani\u00e8re professionnelle sans laisser de trace d\u2019effraction. En p\u00e9n\u00e9trant \u00e0 l\u2019int\u00e9rieur, j\u2019ai eu la certitude que des inconnus se sont introduits en mon absence \u00e0 l\u2019int\u00e9rieur et ont proc\u00e9d\u00e9 \u00e0 \u2018\u2018une perquisition\u2019\u2019 en r\u00e8gle de toutes les chambres. J\u2019ai remarqu\u00e9 \u00e9galement que toutes les portes des armoires ont \u00e9t\u00e9 laiss\u00e9es grandes ouvertes, mais je n\u2019ai constat\u00e9 aucun changement de place des \u00e9quipements de l\u2019appartement. Par ailleurs, je me suis rendu compte qu\u2019aucun vol n\u2019a \u00e9t\u00e9 commis, puisque les \u00e9quipements \u00e9lectroniques personnels, mon t\u00e9l\u00e9phone portable et mon portefeuille ont \u00e9t\u00e9 laiss\u00e9s sur leur place.\u00bb M. Ksila, qui n\u2019a enregistr\u00e9 aucune perte de ses effets personnels, affirme cependant craindre que des \u00ab\u00e9quipements\u00bb aient \u00e9t\u00e9 \u00abplac\u00e9s ou cach\u00e9s \u00e0 l\u2019int\u00e9rieur de [son] appartement\u00bb. Le militant des droits de l\u2019homme a aussit\u00f4t inform\u00e9 les services de s\u00e9curit\u00e9 de ces faits. \u00abLe directeur g\u00e9n\u00e9ral de suret\u00e9 nationale a d\u00e9p\u00each\u00e9 une \u00e9quipe de la police qui a effectu\u00e9 les constats d\u2019usage \u00e0 mon domicile vers 22h. Un proc\u00e8s verbal a \u00e9t\u00e9 r\u00e9dig\u00e9 s\u00e9ance tenante, dans lequel j\u2019ai tenu \u00e0 mentionner mes craintes que cette action criminelle a \u00e9t\u00e9 accomplie par des \u00e9l\u00e9ments de la police politique dissoute, qui tentent de s\u2019attaquer aux militants pour la d\u00e9mocratie et la libert\u00e9 en Tunisie\u00bb, raconte encore M. Ksila.  Consid\u00e9rant que ces \u00e9v\u00e8nements sont d\u2019\u00abune extr\u00eame gravit\u00e9 et constituent un crime qui doit \u00eatre d\u00e9nonc\u00e9 et condamn\u00e9\u00bb, M. Ksila j\u2019exige \u00abune enqu\u00eate ind\u00e9pendante et transparente pour la d\u00e9couverte de la v\u00e9rit\u00e9\u00bb et \u00abappelle les autorit\u00e9s provisoires \u00e0 intervenir en vue de lever les dessous de cette affaire gravissime.\u00bb Il appelle aussi \u00abl\u2019opinion publique, les forces d\u00e9mocratiques et citoyennes \u00e0 la vigilance afin de circonscrire les survivances de la r\u00e9action\u00bb, et \u00ables forces de progr\u00e8s \u00e0 la mobilisation en vue de barrer la route devant tous ceux qui veulent reproduire la r\u00e9pression politique et l\u2019encerclement des militants et les acteurs de la soci\u00e9t\u00e9 civile.\u00bb<\/font><\/span><\/p>\n<p align=\"justify\"><span lang=\"FR\"><font face=\"Arial\">Source : \u00ab Kapitalis \u00bb Le 13-05-2011<\/font><\/span><\/p>\n<p align=\"justify\"><span lang=\"FR\"><font face=\"Arial\">Lien : <\/font><a href=\"http:\/\/www.kapitalis.com\/fokus\/62-national\/3911-tunisie-des-lvisiteurs-de-nuitr-chez-le-militant-khemais-ksila.html\" target=\"_blank\" rel=\"noopener\"><font face=\"Arial\">http:\/\/www.kapitalis.com\/fokus\/62-national\/3911-tunisie-des-lvisiteurs-de-nuitr-chez-le-militant-khemais-ksila.html<\/font><\/a><\/span><\/p>\n<p align=\"justify\"><span lang=\"FR\"><font face=\"Arial\"><\/font><\/span><\/p>\n<hr\/>\n<p><b><span lang=\"FR\"><\/p>\n<h3 style=\"color: blue;\"><font face=\"Arial\">Tunisie : Nouri Bouzid, n\u2019admettra pas un r\u00e9gime islamiste<\/font><\/h3>\n<hr\/>\n<p><\/span><\/b>\u00a0<\/p>\n<p align=\"justify\"><b><span lang=\"FR\"><font face=\"Arial\">La plus prestigieuse d\u00e9coration fran\u00e7aise vient d\u2019\u00eatre d\u00e9cern\u00e9e \u00e0 Nouri Bouzid, le r\u00e9sistant du cin\u00e9ma tunisien, qui a pass\u00e9 5 ans de sa vie dans les ge\u00f4les de Bourguiba. Le cin\u00e9aste pro-pirate est d\u00e9sormais chevalier de la L\u00e9gion d\u2019Honneur.<\/font><\/span><\/b><\/p>\n<p align=\"justify\"><span lang=\"FR\"><font face=\"Arial\">\u00ab\u00a0Je veux m&rsquo;adresser surtout aux jeunes cin\u00e9astes tunisiens. Je veux leur dire: rien ne doit vous faire peur! N&rsquo;oubliez jamais les perdants, ne faites pas les h\u00e9ros gagnants\u00a0\u00bb, a dit Nouri Bouzid, apr\u00e8s avoir \u00e9t\u00e9 d\u00e9cor\u00e9, hier, des insignes de chevalier de la L\u00e9gion d&rsquo;honneur des mains de Fr\u00e9d\u00e9ric Mitterrand, le ministre fran\u00e7ais de la Culture.  La plus prestigieuse d\u00e9coration fran\u00e7aise vient d\u2019\u00eatre d\u00e9cern\u00e9e au r\u00e9sistant du cin\u00e9ma tunisien, qui a pass\u00e9 5 ans de sa vie dans les ge\u00f4les de Bourguiba. Il a \u00e9t\u00e9 arr\u00eat\u00e9, emprisonn\u00e9 et tortur\u00e9, de 1973 \u00e0 1979, pour d\u00e9lit d&rsquo;opinions et pour appartenance au groupe radical Perspectives. Sorti de prison, il travaille comme assistant r\u00e9alisateur sur plusieurs films tunisiens et \u00e9trangers. Son premier long m\u00e9trage L&rsquo;homme de cendres (1986) est s\u00e9lectionn\u00e9 \u00e0 Cannes, Namur et couronn\u00e9 dans plusieurs festivals.<\/font><\/span><\/p>\n<p align=\"justify\"><span lang=\"FR\"><font face=\"Arial\">Ses convictions de gauche, le r\u00e9alisateur ne les a jamais reni\u00e9es. Il a ainsi martel\u00e9, lors de la c\u00e9r\u00e9monie, \u00e0 Cannes, \u00ab\u00a0ne pouvoir admettre un r\u00e9gime ou un Etat qui soit islamiste quelque soit sa mod\u00e9ration\u00a0\u00bb. Le r\u00e9alisateur n\u2019est jamais \u00e0 court de d\u00e9clarations fracassantes. Il ya quelques ann\u00e9es, il a \u00e9galement fait sensation en se d\u00e9clarant ouvertement pour le piratage, y compris de ses \u0153uvres, pour permettre \u00e0 un maximum de cin\u00e9philes de les appr\u00e9cier.  Toujours est-il que la d\u00e9coration du metteur en sc\u00e8ne tunisien intervient \u00e0 un moment assez particulier dans sa vie. Nouri Bouzid a \u00e9t\u00e9 agress\u00e9 le 6 avril 2011 par un barbu alors qu\u2019il \u00e9tait entrain de discuter avec des \u00e9tudiants pr\u00e8s du campus d\u2019EL Manar. L\u2019agresseur lui a donn\u00e9 un coup sur la t\u00eate avec une barre de fer en criant \u201cAllahou Akbar\u201d\u2026 Et pour une fois, le chapeau occidental que le r\u00e9alisateur tunisien semble affectionner lui a port\u00e9 chance, et lui a permis de limiter les d\u00e9g\u00e2ts. La blessure aurait pu en effet \u00eatre tr\u00e8s grave. Qui a dit que la bartala n\u2019a pas la baraka ? Quelques jours plus tard, dans un meeting du parti Ennahdha, le rappeur PsycoM acclam\u00e9 par la foule de militants, scandait que \u00abs\u2019il le pouvait, il utiliserait une kalachnikov, contre Nouri Bouzid\u00bb.<\/font><\/span><\/p>\n<p align=\"justify\"><span lang=\"FR\"><font face=\"Arial\">Source : \u00ab Tekiano \u00bb Le 13-05-2011<\/font><\/span><\/p>\n<p align=\"justify\"><span lang=\"FR\"><font face=\"Arial\">Lien : <\/font><a href=\"http:\/\/www.tekiano.com\/component\/content\/article\/21-n-c\/3745-tunisie-nouri-bouzid-nadmettra-pas-un-regime-islamiste.html\" target=\"_blank\" rel=\"noopener\"><font face=\"Arial\">http:\/\/www.tekiano.com\/component\/content\/article\/21-n-c\/3745-tunisie-nouri-bouzid-nadmettra-pas-un-regime-islamiste.html<\/font><\/a><\/span><\/p>\n<p><span lang=\"FR\"><font face=\"Arial\"><\/p>\n<p align=\"justify\">\u00a0<\/p>\n<hr\/>\n<p>\u00a0<\/p>\n<p align=\"justify\">\n<p><\/font><\/span><b><span lang=\"FR\"><\/p>\n<h3 style=\"color: blue;\"><font face=\"Arial\">Les Tunisiens accueillis en stars \u00e0 Cannes<\/font><\/h3>\n<hr\/>\n<p><\/span><\/b>\u00a0<\/p>\n<p align=\"justify\"><span lang=\"FR\"><font face=\"Arial\">Un accueil particulier et chaleureux a \u00e9t\u00e9 r\u00e9serv\u00e9 \u00e0 la d\u00e9l\u00e9gation tunisienne de cin\u00e9astes et de responsables au cours de l&rsquo;ouverture officielle de la 64eme session du festival cin\u00e9matographique de Cannes qui se tient du 11 au 22 mai.  Cette d\u00e9l\u00e9gation participante \u00e0 ce festival est compos\u00e9e de plusieurs cin\u00e9astes tunisiens dont notamment Mourad becheihk, habib Attia, dorra bouchoucha, lotfi achour, abdellatif Ben Ammar, Mohamed Chellof, Imad Merzoug, Lotfi Layouni Naoufel Saheb Ettabaa et Ridha Behi.  C\u00f4t\u00e9 officiel M Mehdi Houas, ministre du Commerce et du Tourisme, a repr\u00e9sent\u00e9 la Tunisie \u00e0 ce festival ou il a \u00e9t\u00e9 re\u00e7u par M Frederic Mitterand, ministre Fran\u00e7ais de la culture. Celui-ci n&rsquo;a pas manqu\u00e9 de r\u00e9affirmer le respect et l&rsquo;amiti\u00e9 que porte d\u00e9sormais la France \u00e0 la Tunisie et \u00e0 son peuple apr\u00e8s la r\u00e9cente r\u00e9volution qui vient de marquer l&rsquo;Histoire du pays. La qualit\u00e9 de l&rsquo;accueil et l&#8217;emplacement privil\u00e9gi\u00e9 qui a \u00e9t\u00e9 r\u00e9serv\u00e9 aux Tunisiens au cours de l&rsquo;ouverture du festival ont constitu\u00e9 un hommage au cin\u00e9ma et au peuple tunisiens, souligne M Mehdi Houas qui, au cours d&rsquo;une d\u00e9claration \u00e0 Canal+ a indiqu\u00e9 que la Tunisie est en train de se reconstruire sur de nouvelles bases ; celles de la libert\u00e9, de la d\u00e9mocratie et de la valorisation de sa culture et de son Histoire plusieurs fois mill\u00e9naire.   Au cours de sa visite \u00e0 Cannes le Ministre du commerce et du tourisme a rencontr\u00e9 plusieurs personnalit\u00e9s Fran\u00e7aises dont le Maire de Cannes, M Niclas Syedoux pr\u00e9sident du conseil de surveillance de \u00a0\u00bb Gaumont\u00a0\u00bb , l&rsquo;un des plus grands producteurs et distributeurs de films en France ainsi que M R\u00e9my Pflimlin pr\u00e9sident Directeur General de France T\u00e9l\u00e9vision qui a accept\u00e9 une invitation du Ministre du commerce et du tourisme de venir en Tunisie et de contribuer \u00e0 travers les chaines de t\u00e9l\u00e9vision de son groupe \u00e0 la promotion de la Tunisie.<\/font><\/span><\/p>\n<p align=\"justify\"><span lang=\"FR\"><font face=\"Arial\">Source : \u00ab GlobalNet \u00bb Le 13-05-2011<\/font><\/span><\/p>\n<p align=\"justify\"><span lang=\"FR\"><font face=\"Arial\">Lien : <\/font><a href=\"http:\/\/www.gnet.tn\/revue-de-presse-nationale\/les-tunisiens-accueillis-en-stars-a-cannes\/id-menu-958.html\" target=\"_blank\" rel=\"noopener\"><font face=\"Arial\">http:\/\/www.gnet.tn\/revue-de-presse-nationale\/les-tunisiens-accueillis-en-stars-a-cannes\/id-menu-958.html<\/font><\/a><\/span><\/p>\n<p align=\"justify\"><span lang=\"FR\"><font face=\"Arial\"><\/font><\/span><\/p>\n<hr\/>\n<p><b><span lang=\"FR\"><\/p>\n<h3 style=\"color: blue;\"><font face=\"Arial\">Tunisie-Gouvernement: Les Tunisiens, ingouvernables ?<\/font><\/h3>\n<hr\/>\n<p><\/span><\/b>\u00a0<\/p>\n<p align=\"justify\"><strong><span lang=\"EN-GB\"><font face=\"Arial\">Gouvernement-Tunisie &#8211; Des touristes arrivent \u00e0 Tunis, au principal a\u00e9roport du pays, Tunis-Carthage.. Ils sont d\u00e9laiss\u00e9s parce que les agents du catering (ceux qui fournissent de la nourriture et des boissons aux voyageurs moyennant finances importantes) sont en gr\u00e8ve. Ils ne peuvent pas avoir leurs bagages parce que les agents charg\u00e9s de ce service sont en gr\u00e8ve. Le tout en contradiction avec tous les efforts fournis par un ministre du Tourisme qui se tue \u00e0 la t\u00e2che pour trouver des solutions et relancer le tourisme, fournisseur de devises et employant pr\u00e8s d&rsquo;un million de personnes (directement et indirectement). Une association des magistrats qui fait du corporatisme, en couvrant un ancien ministre coupable de diffamation, d&rsquo;insultes \u00e0 un Premier ministre, d&rsquo;accusations gratuites contre toute une r\u00e9gion (incitation \u00e0 la d\u00e9sunion et \u00e0 la guerre civile) et d&rsquo;atteinte \u00e0 l&rsquo;honneur de l&rsquo;arm\u00e9e nationale, sans se rendre compte que le corporatisme est l&rsquo;ennemi num\u00e9ro un de la d\u00e9mocratie. On fr\u00e9mit en pensant que ces \u00abgens-l\u00e0\u00bb, dont l&rsquo;agitateur a beaucoup \u00e0 se reprocher par ses appartenances, sont en charge de rendre une justice \u00abjuste\u00bb et citoyenne.<\/font><\/span><\/strong><font><span lang=\"EN-GB\"> <font face=\"Arial\">Dans les instances et les commissions, plus ou moins admises, les critiques fusent pour n&rsquo;importe quoi, et on n&rsquo;h\u00e9site pas \u00e0 crier \u00e0 la non-l\u00e9gitimit\u00e9, oubliant que l&rsquo;on est soi, m\u00eame ill\u00e9gitime. <\/font><\/span><span lang=\"NO-BOK\"><font face=\"Arial\">On n&rsquo;accepte pas de perdre et de ne pas \u00eatre dans la majorit\u00e9. On d\u00e9ambule dans les rues, quotidiennement, en vocif\u00e9rant et en exigeant tout et son contraire. Sur l&rsquo;avenue Bourguiba, \u00e0 Tunis, et dans d&rsquo;autres villes, des groupuscules s&rsquo;agitent quotidiennement et crient toutes sortes de slogans et exigent la \u00abd\u00e9mission du gouvernement\u00bb. <\/font><\/span><font face=\"Arial\"><span lang=\"EN-GB\">Les vendredis, d&rsquo;autres groupuscules, suppos\u00e9s \u00eatre des salafistes ou cousins, viennent prier et psalmodier, accusant tous les autres d&rsquo;impies. Dans les rues et les moqu\u00e9es, ils remplacent les imams, tiennent des discours politiques et vouent aux g\u00e9monies et \u00e0 la mort les la\u00efcs et tous ceux qui n&rsquo;\u00e9pousent pas leurs th\u00e8ses r\u00e9trogrades. Tout cela ne se situe pas au niveau de la seule parole mais est accompagn\u00e9 de violences, de bagarres, de jets de pierres, d&rsquo;agressions, de destructions, de vols&#8230; En r\u00e9ponse, les policiers r\u00e9pondent par la m\u00eame violence allant jusqu&rsquo;\u00e0 agresser les journalistes, surtout les photographes, accus\u00e9s de ne montrer que les actes policiers, occultant la violence et les agressions dont ils sont eux-m\u00eames victimes. Dans les stades, pour peu qu&rsquo;il y ait un semblant de public, on retrouve la m\u00eame violence, les m\u00eames casseurs, les m\u00eames agressions. Les spectateurs n&rsquo;acceptent pas la d\u00e9faite. Les prisons sont devenues fr\u00e9quentables puisqu&rsquo;on en sort quand on veut. On peut mettre le feu aux voitures, aux \u00e9coles, d\u00e9truire des entreprises, \u00abd\u00e9gager\u00bb ses patrons, contester le gouvernement, les ministres, les gouverneurs, ses professeurs et puisqu&rsquo;on est dans le rejet, prochainement ses conjoints et, pourquoi pas, ses enfants. On peut bloquer les routes, les ports, les a\u00e9roports. Bref, il n&rsquo;y a que la revendication. Sans foi, ni loi. Et on ne cesse de nous r\u00e9p\u00e9ter que le Tunisien est \u00abcultiv\u00e9, \u00e9duqu\u00e9, civilis\u00e9, sage, ouvert\u00bb. On en arrive \u00e0 se dire que ces gens qui s&rsquo;opposent \u00e0 tout sont-ils gouvernables\u201a? Doit-on croire ceux qui, pendant des d\u00e9cennies, affirment que les arabes ne sont pas faits pour la d\u00e9mocratie et que leur Histoire, ancienne et r\u00e9cente, est empreinte de despotisme? En y regardant de plus pr\u00e8s, en allant plus loin que l&rsquo;apparent, en d\u00e9passant l&rsquo;hypocrisie, et en cherchant les faits, on est oblig\u00e9s de mitiger les affirmations. C&rsquo;est vrai que nous n&rsquo;avons pas encore la culture de la d\u00e9mocratie. Mais le citoyen, lui, pris individuellement, est convivial et accepte l&rsquo;autre. Certaines forces et certains responsables politiques tiennent un discours d\u00e9mocrate, positif, ambitieux, nationaliste et veulent construire et aller de l&rsquo;avant en cherchant les meilleures voies pour y parvenir. D&rsquo;autres, par contre, qui n&rsquo;ont aucune chance de percer par les \u00e9lections, tant leurs discours sont surann\u00e9s, r\u00e9trogrades et \u00e9trangers, cherchent \u00e0 freiner, \u00e0 tout remettre en question et voudraient faire un \u00abcoup de force\u00bb pour acc\u00e9der au pouvoir. <\/span><span lang=\"NO-BOK\">En essayant de renvoyer la date des \u00e9lections, en essayant d&rsquo;imposer un gouvernement d&rsquo;union nationale, dans lequel ils auraient un poste (un r\u00eave pour eux), et en se d\u00e9lectant de la situation de chaos du pays. <\/span><\/font><\/font><span lang=\"EN-GB\"><font face=\"Arial\">Peut-\u00eatre y a-t-il d&rsquo;autres forces qui ont d&rsquo;autres int\u00e9r\u00eats que ceux du peuple tunisien\u00e2-\u201a? Le Premier ministre y a fait allusion. Cherchons les b\u00e9n\u00e9ficiaires.<\/font><\/span><\/p>\n<p align=\"justify\"><span lang=\"FR\"><font face=\"Arial\">Source : \u00ab Afrique en ligne \u00bb Le 13-05-2011<\/font><\/span><\/p>\n<p align=\"justify\"><span lang=\"FR\"><font face=\"Arial\">Lien. <\/font><a href=\"http:\/\/www.afriquejet.com\/afrique-du-nord\/tunisie\/tunisie-gouvernement:-les-tunisiens,-ingouvernables-?-2011051311713.html\" target=\"_blank\" rel=\"noopener\"><font face=\"Arial\">http:\/\/www.afriquejet.com\/afrique-du-nord\/tunisie\/tunisie-gouvernement:-les-tunisiens,-ingouvernables-?-2011051311713.html<\/font><\/a><\/span><\/p>\n<p align=\"justify\"><span lang=\"FR\"><font face=\"Arial\"><\/font><\/span><\/p>\n<hr\/>\n<p><b><span lang=\"FR\"><\/p>\n<h3 style=\"color: blue;\"><font face=\"Arial\">Les \u00e9l\u00e8ves n&rsquo;en font qu\u2019\u00e0 leur guise\u2026<\/font><\/h3>\n<hr\/>\n<p><\/span><\/b>\u00a0<\/p>\n<table border=\"0\" cellpadding=\"0\" cellspacing=\"0\" width=\"100%\">\n<tr>\n<td>\n<p align=\"justify\"><b><span lang=\"EN-US\"><font face=\"Arial\">Par Naceur BOUABID <\/font><\/span><\/b><\/p>\n<p align=\"justify\"><font face=\"Arial\"><b><span lang=\"EN-US\"><font>Tout est pr\u00e9texte pour d\u00e9serter les classes et perturber les cours. L\u2019indiscipline se propage insidieusement- A quand une refonte globale et radicale du syst\u00e8me \u00e9ducatif ?-<\/font><\/span><\/b><span lang=\"EN-US\"><font> Depuis les premi\u00e8res \u00e9tincelles ayant favoris\u00e9 l\u2019av\u00e8nement de la R\u00e9volution du 14 janvier, nos \u00e9l\u00e8ves se sont mis en al\u00e8rte, donnant l\u2019impression de vouloir \u00eatre de la f\u00eate. D\u00e8s lors, ils r\u00e9agissaient instantan\u00e9ment \u00e0 tout soubresaut survenant en cours de route, en commun accord, presque en symbiose, Internet et Facebook aidant, avec leurs camarades des autres r\u00e9gions ou m\u00eame des autres \u00e9tablissements au sein m\u00eame de leur ville.<\/font><\/span><\/font><\/p>\n<\/td>\n<\/tr>\n<tr>\n<td>\n<p align=\"justify\">\u00a0<\/p>\n<p align=\"justify\"><span lang=\"EN-US\"><font face=\"Arial\">Il leur a fallu beaucoup de temps pour reprendre go\u00fbt aux \u00e9tudes. M\u00eame apr\u00e8s la reprise des cours, d\u00e9cid\u00e9e officiellement par le minist\u00e8re de tutelle suite \u00e0 la fermeture des \u00e9tablissements scolaires impos\u00e9e par le cours des \u00e9v\u00e9nements, les \u00e9l\u00e8ves ont pris tout leur temps pour se remettre finalement au travail, apr\u00e8s avoir us\u00e9 de tout leur sens de l\u2019irresponsabilit\u00e9 et de l\u2019inconscience, se laissant guider par leurs caprices enfantins, au gr\u00e9 de leur humeur du jour. Pour un oui ou pour un non, ils sortaient de leurs gonds pour d\u00e9frayer la chronique ; tout \u00e9tait pr\u00e9texte pour eux pour d\u00e9serter les classes et perturber le d\u00e9roulement des cours d\u00e9j\u00e0 lourdement affect\u00e9s par la longue rupture. <\/font><\/span><\/p>\n<p align=\"justify\"><span lang=\"EN-US\"><font face=\"Arial\">Le sc\u00e9nario, pour eux, \u00e9tait toujours le m\u00eame, survenant le plus souvent pendant la premi\u00e8re pause r\u00e9cr\u00e9ative de 10h : une poign\u00e9e d\u2019\u00e9l\u00e8ves, toujours les m\u00eames, commen\u00e7aient par \u00e9mettre des sifflements, ameutant autour d\u2019eux les autres fra\u00eechement sortis des cours. Et la foule constitu\u00e9e et regroup\u00e9e dans la cour, vite transform\u00e9e \u00e0 son tour en un espace de contestation, commen\u00e7ait \u00e0 scander des slogans pr\u00e9tendument r\u00e9volutionnaires adapt\u00e9s \u00e0 la th\u00e9matique du moment, incitant \u00e0 la r\u00e9action. Leur remue-m\u00e9nage ne prenait fin et le brouhaha \u00e9tabli \u00e0 l\u2019int\u00e9rieur de l\u2019\u00e9tablissement ne se dissipait alors que lorsque toutes les salles avaient \u00e9t\u00e9 vid\u00e9es des braves \u00e9l\u00e8ves d\u00e9sireux d\u2019apprendre et que tous les professeurs avaient rejoint leur salle. Le personnel administratif a laiss\u00e9 faire, sans r\u00e9agir, \u00e9vitant la confrontation dans un contexte d\u2019une rare fragilit\u00e9, nullement aid\u00e9s par des parents malheureusement d\u00e9missionnaires. Les enseignants, la mort dans l\u2019\u00e2me, ont fait montre d\u2019une grande patience, pr\u00e9sents assidument pour s\u2019acquitter de leur devoir.<\/font><\/span><\/p>\n<p align=\"justify\">\u00a0<\/p>\n<p align=\"justify\"><b><span lang=\"EN-US\"><font face=\"Arial\">Attitudes nonchalantes<\/font><\/span><\/b><\/p>\n<p align=\"justify\">\u00a0<\/p>\n<p align=\"justify\"><span lang=\"EN-US\"><font face=\"Arial\">Par ailleurs, m\u00eame si les cours ont retrouv\u00e9 leur vitesse de croisi\u00e8re, notamment apr\u00e8s les vacances de printemps, l\u2019attitude nonchalante et d\u00e9savou\u00e9e de nos \u00e9l\u00e8ves n\u2019a pas trop chang\u00e9, l\u2019assiduit\u00e9 a toujours fait d\u00e9faut et des cas d\u2019indiscipline r\u00e9currents sont depuis lors \u00e0 l\u2019ordre du jour. Apr\u00e8s chaque r\u00e9cr\u00e9ation, ils prennent tout leur temps avant de daigner rejoindre leurs classes, tra\u00eenant lourdement les jambes, l\u2019un apr\u00e8s l\u2019autre, n\u2019\u00e9prouvant aucune g\u00eane \u00e0 faire attendre leurs professeurs qui sont toujours les premiers \u00e0 \u00eatre au rendez-vous. Les cours, pour eux, sont une corv\u00e9e, et ils y assistent corps sans \u00e2mes, donnant l\u2019impression d\u2019avoir l\u2019esprit ailleurs. <\/font><\/span><\/p>\n<p align=\"justify\"><span lang=\"EN-US\"><font face=\"Arial\">L\u2019ann\u00e9e scolaire touche d\u00e9sormais \u00e0 sa fin, et l\u2019on n\u2019est plus qu\u2019\u00e0 quelque trois rares semaines avant l\u2019av\u00e8nement de la semaine bloqu\u00e9e, pour tous les \u00e9l\u00e8ves, les bons et les moins bons, pour sceller leur sort. Mais ils ne s\u2019en soucient outre mesure, pr\u00eatant plut\u00f4t l\u2019oreille aux \u00e9chos inh\u00e9rents au dernier soubresaut politique en date, \u00e0 savoir les d\u00e9clarations de M.Rajhi. <\/font><\/span><\/p>\n<p align=\"justify\">\u00a0<\/p>\n<p align=\"justify\"><b><span lang=\"NO-BOK\"><font face=\"Arial\">Et les bacheliers ?<\/font><\/span><\/b><\/p>\n<p align=\"justify\">\u00a0<\/p>\n<p align=\"justify\"><span lang=\"NO-BOK\"><font face=\"Arial\">Quant \u00e0 ceux des classes terminales, \u00e0 mesure que l\u2019\u00e9ch\u00e9ance du bac blanc se rapproche, au lieu d\u2019\u00eatre sur le qui-vive, prompts \u00e0 tout faire pour pallier les lacunes et les d\u00e9faillances cognitives et m\u00e9thodologiques, ils manifestent paradoxalement une l\u00e9g\u00e8ret\u00e9 r\u00e9voltante. Et font montre d\u2019une insouciance f\u00e2cheuse, en nette contradiction avec les mesures exceptionnelles prises en leur faveur, dont l\u2019all\u00e8gement du programme et la tenue de s\u00e9ances de rattrapage, osant effront\u00e9ment s\u00e9cher les cours pendant cette phase cruciale consacr\u00e9e habituellement \u00e0 la r\u00e9vision collective en classe, n\u2019ayant pour d\u2019autres soucis que de s\u2019amuser, s\u2019ent\u00eatant, par exemple, \u00e0 c\u00e9l\u00e9brer l\u2019av\u00e8nement d\u00e9sormais r\u00e9volu du bac sport, quitte \u00e0 le passer symboliquement.<\/font><\/span><\/p>\n<p align=\"justify\"><span lang=\"NO-BOK\"><font face=\"Arial\">Voil\u00e0, en somme, ce qu\u2019il en est de l\u2019ambiance g\u00e9n\u00e9rale pr\u00e9valant \u00e0 l\u2019int\u00e9rieur de nos \u00e9tablissements en cette fin d\u2019ann\u00e9e scolaire ; tel est l\u2019\u00e9tat auquel sont r\u00e9duits ces temples sacr\u00e9s du savoir, tr\u00f4nes par excellence de la discipline, du respect et du d\u00e9vouement. Un tel \u00e9tat des lieux marqu\u00e9 par le fl\u00e9chissement de l\u2019autorit\u00e9 administrative, par la d\u00e9mission d\u00e9plorable des parents et par la nonchalance d\u00e9cevante manifest\u00e9e par beaucoup de nos \u00e9l\u00e8ves ne peut que jeter le discr\u00e9dit sur nos institutions \u00e9ducatives en proie \u00e0 des d\u00e9rapages inaccoutum\u00e9s. Cette ann\u00e9e scolaire touche \u00e0 sa fin, fort heureusement, mais, d\u2019ici \u00e0 l\u2019entame de la prochaine, un travail de longue haleine doit \u00eatre accompli sans trop tarder. Un chantier d\u2019envergure est \u00e0 entreprendre dans les plus brefs d\u00e9lais dans la perspective imp\u00e9rative d\u2019une refonte globale et radicale du syst\u00e8me \u00e9ducatif d\u00e9fectueux, souffrant d\u2019un dysfonctionnement profond et de lacunes criardes \u00e0 l\u2019origine de sa pr\u00e9carit\u00e9, avec l\u2019implication sine qua non de tous les maillons de la cha\u00eene, de tous les acteurs agissants, sans exclusion aucune. Le salut de notre enseignement public et la notori\u00e9t\u00e9 de notre \u00e9cole sont \u00e0 ce prix.<\/font><\/span><\/p>\n<p align=\"justify\"><span lang=\"EN-US\"><font face=\"Arial\">Source: \u201dLe Temps\u201d Le 13-04-2011<\/font><\/span><\/p>\n<p align=\"justify\"><span lang=\"NO-BOK\"><font face=\"Arial\">Lien:<\/font><a href=\"http:\/\/www.letemps.com.tn\/article-55821.html\" target=\"_blank\" rel=\"noopener\"><font face=\"Arial\">http:\/\/www.letemps.com.tn\/article-55821.html<\/font><\/a><\/span><\/p>\n<p><span lang=\"EN-US\"><font face=\"Arial\"><\/p>\n<p align=\"justify\">\u00a0<\/p>\n<hr\/>\n<p>\u00a0<\/p>\n<p align=\"center\">\n<p><\/font><\/span><b><span lang=\"EN-US\"><\/p>\n<h4 style=\"color: blue;\"><font face=\"Arial\">D\u00e9cret &#8211; loi sur la profession d\u2019avocat<\/font><\/h4>\n<p><\/span><\/b><\/p>\n<p align=\"center\"><b><span lang=\"EN-US\"><\/p>\n<h4 style=\"color: blue;\"><font face=\"Arial\">Le syndicat des magistrats exprime son opposition au projet<\/font><\/h4>\n<p><\/span><\/b><\/p>\n<p align=\"center\">\u00a0<\/p>\n<hr\/>\n<p>\u00a0<\/p>\n<p align=\"justify\"><span lang=\"EN-US\"><font face=\"Arial\"><font>Le syndicat des magistrats tunisiens estime n\u00e9cessaire de prendre l&rsquo;avis des instances repr\u00e9sentatives des magistrats et des diff\u00e9rentes parties concern\u00e9es par le secteur de la justice concernant le projet de d\u00e9cret-loi portant organisation de la profession d&rsquo;avocat. Dans une d\u00e9claration rendue publique, suite \u00e0 sa r\u00e9union, mercredi, le syndicat met l&rsquo;accent sur l&rsquo;influence majeure que peut avoir ce d\u00e9cret-loi sur le fonctionnement du service de la justice, mettant en garde contre les retomb\u00e9es d&rsquo;une \u00e9ventuelle adoption de ce projet sur la situation actuelle du pays. Le syndicat estime que ce projet de d\u00e9cret-loi est \u00ab\u00a0de nature \u00e0 porter atteinte \u00e0 l&rsquo;ind\u00e9pendance et au prestige de la magistrature et refl\u00e8te un opportunisme affich\u00e9 par certains avocats\u00a0\u00bb. Il souligne, en outre, que le projet de ce d\u00e9cret-loi r\u00e9duit les garanties juridiques offertes aux magistrats lors de l&rsquo;exercice de leurs fonctions, en accordant une immunit\u00e9 juridique aux avocats contre les poursuites p\u00e9nales pour des crimes commis lors de l&rsquo;exercice de leurs fonctions, ce qui constitue, pr\u00e9cise la d\u00e9claration, un affront aux dispositions du code p\u00e9nal et ne fait aucun recours au droit compar\u00e9. Le syndicat d\u00e9nonce le refus du ministre de la Justice au m\u00eame titre que le Premier ministre du gouvernement provisoire de leur accorder une audience pour pr\u00e9senter leurs pr\u00e9occupations<\/font><b><font>.<\/font><\/b><\/font><\/span><\/p>\n<p align=\"justify\"><span lang=\"NO-BOK\"><font face=\"Arial\">Source: \u201cLa Presse\u201dLe 13-05-2011<\/font><\/span><\/p>\n<p align=\"justify\"><font face=\"Arial\"><span lang=\"NO-BOK\"><font>Lien: <\/font><\/span><span lang=\"EN-US\"><a href=\"http:\/\/www.lapresse.tn\/13052011\/28981\/le-syndicat-des-magistrats-exprime-son-opposition-au-projet.html\" target=\"_blank\" rel=\"noopener\"><span lang=\"NO-BOK\"><font>http:\/\/www.lapresse.tn\/13052011\/28981\/le-syndicat-des-magistrats-exprime-son-opposition-au-projet.html<\/font><\/span><\/a><\/span><\/font><\/p>\n<p><font face=\"Arial\"><\/p>\n<p align=\"justify\">\u00a0<\/p>\n<hr\/>\n<p><\/font><strong><\/p>\n<h4 style=\"color: blue;\"><font face=\"Arial\">Pourquoi la r\u00e9volte syrienne se d\u00e9marque-t-elle des autres r\u00e9volutions du monde arabe ?<\/font><\/h4>\n<hr\/>\n<p><\/strong>\u00a0<\/p>\n<p align=\"justify\"><font face=\"Arial\"><em><span lang=\"NO-BOK\"><font>Depuis plus de deux mois, un mouvement de r\u00e9volte agite<\/font><\/span><\/em><font><strong><i><span lang=\"NO-BOK\"><\/span><\/i><\/strong><em><span lang=\"NO-BOK\">la soci\u00e9t\u00e9 syrienne et met en danger le r\u00e9gime autoritaire de<a href=\"http:\/\/www.lemonde.fr\/sujet\/f01f\/bachar-al-assad.html\" target=\"_blank\" rel=\"noopener\"><font>Bachar Al-Assad<\/font><\/a>. Si cette mobilisation s&rsquo;inscrit dans le cadre du printemps arabe, elle se diff\u00e9rencie du mod\u00e8le des r\u00e9volutions tunisienne et \u00e9gyptienne \u00e0 de nombreux \u00e9gards. Pour l&rsquo;historien et politologue <\/span><\/em><strong><i><span lang=\"NO-BOK\"><a href=\"http:\/\/www.lemonde.fr\/sujet\/0453\/hamit-bozarslan.html\" target=\"_blank\" rel=\"noopener\"><font>Hamit Bozarslan<\/font><\/a><\/span><\/i><\/strong><\/font><em><span lang=\"NO-BOK\"><font>, ancien directeur de l&rsquo;Institut d&rsquo;\u00e9tudes de l&rsquo;islam et des soci\u00e9t\u00e9s du monde musulman, cette contestation se d\u00e9marque \u00ab\u00a0moins par sa nature que par la nature du r\u00e9gime syrien\u00a0\u00bb.<\/font><\/span><\/em><\/font><\/p>\n<p align=\"justify\"><strong><span lang=\"NO-BOK\"><font face=\"Arial\">Le mouvement de r\u00e9volte en Syrie est-il comparable aux r\u00e9volutions de Tunisie et d&rsquo;Egypte ?<\/font><\/span><\/strong><\/p>\n<p align=\"justify\"><font face=\"Arial\"><strong><span lang=\"NO-BOK\"><font>Hamit Bozarslan :<\/font><\/span><\/strong><font><span lang=\"NO-BOK\"> Le monde arabe conna\u00eet une attente d\u00e9mocratique et r\u00e9clame la fin des r\u00e9gimes autoritaires depuis des ann\u00e9es. Une aspiration qui se combine avec la passion d&rsquo;une nouvelle g\u00e9n\u00e9ration pour la libert\u00e9, l&rsquo;\u00e9galit\u00e9 et la dignit\u00e9. De ce point de vue-l\u00e0, ce qui se passe en Syrie fait partie d&rsquo;une contestation qui d\u00e9passe le simple cadre du pays. <\/span><\/font><span lang=\"EN-US\"><font>La diff\u00e9rence avec les autres pays r\u00e9volutionnaires ne s&rsquo;explique donc pas tant par la nature de la contestation que par la nature du r\u00e9gime.<\/font><\/span><\/font><\/p>\n<p align=\"justify\"><font face=\"Arial\"><span lang=\"NO-BOK\"><font>Dans le cas de la Tunisie et de l&rsquo;Egypte, \u00e9taient install\u00e9s au plus haut niveau ce que l&rsquo;on appelle des \u00ab\u00a0Etats cartels\u00a0\u00bb. Ces r\u00e9seaux, constitu\u00e9s autour d&rsquo;un prince, sont compos\u00e9s de diff\u00e9rents organes, notamment l&rsquo;arm\u00e9e, une partie de la bourgeoisie et de la bureaucratie. <\/font><\/span><font><span lang=\"EN-US\">Dans ces syst\u00e8mes, le prince a pour r\u00f4le principal de garantir la survie de ce cartel, mais les diff\u00e9rentes composantes, et principalement l&rsquo;arm\u00e9e, disposent d&rsquo;une autonomie consid\u00e9rable. C&rsquo;est pour cette raison qu&rsquo;en Tunisie et en Egypte, l&rsquo;arm\u00e9e a pu se dissocier du prince et conduire \u00e0 la chute du r\u00e9gime. <\/span><\/font><span lang=\"NO-BOK\"><font>En Syrie, la relation entre l&rsquo;arm\u00e9e et le pouvoir est infiniment plus forte et plus encadr\u00e9e. Et l&rsquo;organisation de l&rsquo;Etat, tr\u00e8s r\u00e9duit autour de la famille du pr\u00e9sident et d&rsquo;un petit clan de la minorit\u00e9 alaouite, s&rsquo;apparente davantage en ce sens \u00e0 l&rsquo;ancien r\u00e9gime de<a href=\"http:\/\/www.lemonde.fr\/sujet\/0bb4\/saddam-hussein.html\" target=\"_blank\" rel=\"noopener\"><font>Saddam Hussein<\/font><\/a> en Irak.<\/font><\/span><\/font><\/p>\n<p align=\"justify\"><strong><span lang=\"NO-BOK\"><font face=\"Arial\">D&rsquo;un point de vue g\u00e9ographique, en quoi la contestation syrienne se d\u00e9marque-t-elle ?<\/font><\/span><\/strong><\/p>\n<p align=\"justify\"><font face=\"Arial\"><span lang=\"NO-BOK\"><font>Dans le cas de l&rsquo;Egypte et de la Tunisie, on observait que les villes du Caire et de Tunis \u00e9taient centrales. <\/font><\/span><span lang=\"EN-US\"><font>Il y avait \u00e9galement des contestations locales, mais l&rsquo;avenir des deux pays s&rsquo;est jou\u00e9 dans ces deux grandes agglom\u00e9rations. En Syrie, les dynamiques locales sont infiniment plus importantes. Damas, qui devrait jouer un r\u00f4le central, ne parvient pas \u00e0 \u00e9merger comme tel. Cette inertie s&rsquo;explique par la forte surveillance militaire mais aussi par une diff\u00e9rence sociologique par rapport aux autres r\u00e9volutions arabes. C&rsquo;est avant tout une r\u00e9volte des provinces.<\/font><\/span><\/font><\/p>\n<p align=\"justify\"><strong><span lang=\"EN-US\"><font face=\"Arial\">Pourquoi la r\u00e9pression du r\u00e9gime syrien semble-t-elle plus efficace ?<\/font><\/span><\/strong><\/p>\n<p align=\"justify\"><font face=\"Arial\"><span lang=\"EN-US\"><font>Les pratiques coercitives sont tr\u00e8s diff\u00e9rentes d&rsquo;un pays \u00e0 l&rsquo;autre. En Syrie, on a \u00e9videmment un exemple sinistre des pratiques du pouvoir avec l&rsquo;\u00e9pisode de Hama, en 1982 [les troupes du pr\u00e9sident <\/font><\/span><font><span lang=\"NO-BOK\"><a href=\"http:\/\/www.lemonde.fr\/sujet\/501a\/hafez-al-assad.html\" target=\"_blank\" rel=\"noopener\"><span lang=\"EN-US\"><font>Hafez Al-Assad<\/font><\/span><\/a><\/span><span lang=\"EN-US\">, p\u00e8re de l&rsquo;actuel pr\u00e9sident, avaient r\u00e9prim\u00e9 dans le sang une insurrection orchestr\u00e9e par les Fr\u00e8res musulmans]. Aujourd&rsquo;hui, le r\u00e9gime syrien se montre tr\u00e8s efficace car il parvient \u00e0 fracturer l&rsquo;espace et le temps de la contestation, \u00e0 imposer son rythme. En d\u00e9pla\u00e7ant ses chars d&rsquo;une ville \u00e0 l&rsquo;autre, en faisant r\u00e9gner la terreur dans diff\u00e9rents lieux successifs, le pouvoir syrien r\u00e9ussit \u00e0 emp\u00eacher la cr\u00e9ation d&rsquo;une dynamique commune de l&rsquo;opposition. Ce que n&rsquo;avait pas r\u00e9ussi \u00e0 faire <\/span><span lang=\"NO-BOK\"><a href=\"http:\/\/www.lemonde.fr\/sujet\/26ed\/ben-ali.html\" target=\"_blank\" rel=\"noopener\"><span lang=\"EN-US\"><font>Ben Ali<\/font><\/span><\/a><\/span><\/font><span lang=\"EN-US\"><font> et Moubarak. De ce point de vue, je crains que le temps joue en faveur du pouvoir. Plus les autorit\u00e9s imposent leur rythme, plus elles rendent la contestation diffuse.<\/font><\/span><\/font><\/p>\n<p align=\"justify\"><strong><span lang=\"EN-US\"><font face=\"Arial\">Existe-t-il en Syrie une force d&rsquo;opposition coh\u00e9rente ?<\/font><\/span><\/strong><\/p>\n<p align=\"justify\"><span lang=\"EN-US\"><font face=\"Arial\">Il est tr\u00e8s difficile de d\u00e9finir aujourd&rsquo;hui l&rsquo;opposition syrienne, m\u00eame si on dispose d&rsquo;\u00e9norm\u00e9ment d&rsquo;\u00e9l\u00e9ments. Il s&rsquo;agit visiblement d&rsquo;une coalition h\u00e9t\u00e9roclite dans laquelle on trouve des intellectuels, des jeunes de la classe moyenne, des exclus du syst\u00e8me informel, des membres de courants lib\u00e9raux, une opposition conservatrice, voire islamiste. A l&rsquo;inverse des mouvements tunisiens et \u00e9gyptiens, on entend dans les cort\u00e8ges le slogan <em><span>\u00ab\u00a0Allah akbar\u00a0\u00bb<\/span><\/em>[Dieu est le plus grand]. Ce qui ne signifie pas n\u00e9cessairement un mot d&rsquo;ordre islamiste : le slogan est aussi un appel \u00e0 la r\u00e9sistance depuis un si\u00e8cle et demi dans le monde arabe.<\/font><\/span><\/p>\n<p align=\"justify\"><strong><span lang=\"NO-BOK\"><font face=\"Arial\">L&rsquo;organisation de la contestation est-elle diff\u00e9rente ?<\/font><\/span><\/strong><\/p>\n<p align=\"justify\"><font face=\"Arial\"><span lang=\"NO-BOK\"><font>Comme en Tunisie et en Egypte, la contestation se joue sur le plan virtuel, sur Internet et avec les r\u00e9seaux sociaux. <\/font><\/span><span lang=\"EN-US\"><font>Mais la diff\u00e9rence principale r\u00e9side dans la facult\u00e9 d&rsquo;organisation sur le terrain. La Tunisie et l&rsquo;Egypte pr\u00e9sentaient ce paradoxe qu&rsquo;ils \u00e9taient des pays tr\u00e8s ouverts : ils accueillaient des millions de touristes, ils avaient une diaspora tr\u00e8s importante et une forte influence. A condition de ne pas toucher la personne du prince, les intellectuels pouvaient se rassembler, la vie universitaire \u00e9tait tr\u00e8s vivace\u2026<\/font><\/span><\/font><\/p>\n<p align=\"justify\"><span lang=\"EN-US\"><font face=\"Arial\">En Syrie, ce n&rsquo;est pas du tout le cas. Si l&rsquo;Etat s&rsquo;est effectivement retir\u00e9 de certains domaines sociaux comme la \u00ab\u00a0soupe populaire\u00a0\u00bb ou les dispensaires, l&rsquo;encadrement de la soci\u00e9t\u00e9 demeure tr\u00e8s fort. La peur des <em><span>moukhabarat<\/span><\/em>, la police secr\u00e8te syrienne, est bien plus forte que celle qui existait en Tunisie ou en Egypte.<\/font><\/span><\/p>\n<p align=\"justify\"><strong><span lang=\"NO-BOK\"><font face=\"Arial\">Comment s&rsquo;explique le manque de r\u00e9activit\u00e9 de la communaut\u00e9 internationale ?<\/font><\/span><\/strong><\/p>\n<p align=\"justify\"><font face=\"Arial\"><span lang=\"NO-BOK\"><font>Il y a cinq ans, la Syrie a \u00e9t\u00e9 r\u00e9habilit\u00e9e par la communaut\u00e9 internationale. Une d\u00e9cision commune qui trouve de nombreuses justifications, parmi lesquelles la stabilisation de la fronti\u00e8re entre la Syrie et l&rsquo;Irak, ou encore la pacification du Liban. Ces facteurs expliquent en grande partie l&rsquo;inertie actuelle de la communaut\u00e9 internationale, qui ne parvient pas \u00e0 trouver une position commune. Il faut rappeler qu&rsquo;Isra\u00ebl joue aussi un r\u00f4le important car la Syrie repr\u00e9sente un peu son \u00ab\u00a0meilleur ennemi\u00a0\u00bb. <\/font><\/span><font><span lang=\"EN-US\">Le r\u00e9gime de <\/span><span lang=\"NO-BOK\"><a href=\"http:\/\/www.lemonde.fr\/sujet\/f01f\/bachar-al-assad.html\" target=\"_blank\" rel=\"noopener\"><span lang=\"EN-US\"><font>Bachar Al-Assad<\/font><\/span><\/a><\/span><span lang=\"EN-US\">, bien que tr\u00e8s hostile \u00e9videmment \u00e0 l&rsquo;<\/span><span lang=\"NO-BOK\"><a href=\"http:\/\/www.lemonde.fr\/sujet\/b9b0\/etat-d-israel.html\" target=\"_blank\" rel=\"noopener\"><span lang=\"EN-US\"><font>Etat d&rsquo;Isra\u00ebl<\/font><\/span><\/a><\/span><\/font><span lang=\"EN-US\"><font>, est relativement encadr\u00e9, notamment gr\u00e2ce \u00e0 l&rsquo;influence de Washington. Or le remplacement du r\u00e9gime Al-Assad pourrait repr\u00e9senter un grand danger pour les Isra\u00e9liens.<\/font><\/span><\/font><\/p>\n<p align=\"justify\"><span><b><span lang=\"NO-BOK\"><font face=\"Arial\">Propos recueillis par Charlotte Chabas<\/font><\/span><\/b><\/span><\/p>\n<p align=\"justify\"><span lang=\"EN-US\"><font face=\"Arial\">Source:\u201dLe Monde\u201d Le 13-05-2011<\/font><\/span><\/p>\n<p align=\"justify\"><span lang=\"NO-BOK\"><font face=\"Arial\">Lien:<\/font><a href=\"http:\/\/www.lemonde.fr\/proche-orient\/article\/2011\/05\/13\/pourquoi-la-revolte-syrienne-se-demarque-t-elle-des-autres-revolutions-du-monde-arabe_1521674_3218.html\" target=\"_blank\" rel=\"noopener\"><font face=\"Arial\">http:\/\/www.lemonde.fr\/proche-orient\/article\/2011\/05\/13\/pourquoi-la-revolte-syrienne-se-demarque-t-elle-des-autres-revolutions-du-monde-arabe_1521674_3218.html<\/font><\/a><\/span><\/p>\n<\/td>\n<\/tr>\n<\/table>\n<\/div>\n<p><\/body><\/body><\/html><\/p>\n","protected":false},"excerpt":{"rendered":"<p>TUNISNEWS 11 \u00e8me ann\u00e9e, N\u00b04007 du 13.05.2011 archives : www.tunisnews.net \u00a0 Reuters: U.N. torture sleuth heads to Tunisia next week AFP: Prochaine visite en Tunisie du rapporteur de l&rsquo;ONU sur la torture AFP: A Tunis, des habitants exasp\u00e9r\u00e9s par les soubresauts de violence Reuters: ANALYSIS-Tunisia under pressure to stick to vote timetable Reuters: Le \u00ab\u00a0printemps [&hellip;]<\/p>\n","protected":false},"author":1,"featured_media":22040,"comment_status":"open","ping_status":"open","sticky":false,"template":"","format":"standard","meta":{"inline_featured_image":false,"site-sidebar-layout":"default","site-content-layout":"","ast-site-content-layout":"default","site-content-style":"default","site-sidebar-style":"default","ast-global-header-display":"","ast-banner-title-visibility":"","ast-main-header-display":"","ast-hfb-above-header-display":"","ast-hfb-below-header-display":"","ast-hfb-mobile-header-display":"","site-post-title":"","ast-breadcrumbs-content":"","ast-featured-img":"","footer-sml-layout":"","ast-disable-related-posts":"","theme-transparent-header-meta":"","adv-header-id-meta":"","stick-header-meta":"","header-above-stick-meta":"","header-main-stick-meta":"","header-below-stick-meta":"","astra-migrate-meta-layouts":"default","ast-page-background-enabled":"default","ast-page-background-meta":{"desktop":{"background-color":"","background-image":"","background-repeat":"repeat","background-position":"center center","background-size":"auto","background-attachment":"scroll","background-type":"","background-media":"","overlay-type":"","overlay-color":"","overlay-opacity":"","overlay-gradient":""},"tablet":{"background-color":"","background-image":"","background-repeat":"repeat","background-position":"center center","background-size":"auto","background-attachment":"scroll","background-type":"","background-media":"","overlay-type":"","overlay-color":"","overlay-opacity":"","overlay-gradient":""},"mobile":{"background-color":"","background-image":"","background-repeat":"repeat","background-position":"center center","background-size":"auto","background-attachment":"scroll","background-type":"","background-media":"","overlay-type":"","overlay-color":"","overlay-opacity":"","overlay-gradient":""}},"ast-content-background-meta":{"desktop":{"background-color":"var(--ast-global-color-5)","background-image":"","background-repeat":"repeat","background-position":"center center","background-size":"auto","background-attachment":"scroll","background-type":"","background-media":"","overlay-type":"","overlay-color":"","overlay-opacity":"","overlay-gradient":""},"tablet":{"background-color":"var(--ast-global-color-5)","background-image":"","background-repeat":"repeat","background-position":"center center","background-size":"auto","background-attachment":"scroll","background-type":"","background-media":"","overlay-type":"","overlay-color":"","overlay-opacity":"","overlay-gradient":""},"mobile":{"background-color":"var(--ast-global-color-5)","background-image":"","background-repeat":"repeat","background-position":"center center","background-size":"auto","background-attachment":"scroll","background-type":"","background-media":"","overlay-type":"","overlay-color":"","overlay-opacity":"","overlay-gradient":""}},"footnotes":""},"categories":[],"tags":[57,42,29],"class_list":["post-15903","post","type-post","status-publish","format-standard","has-post-thumbnail","hentry","tag-57","tag-42","tag-fr"],"_links":{"self":[{"href":"https:\/\/tunisnews.net\/ar\/wp-json\/wp\/v2\/posts\/15903","targetHints":{"allow":["GET"]}}],"collection":[{"href":"https:\/\/tunisnews.net\/ar\/wp-json\/wp\/v2\/posts"}],"about":[{"href":"https:\/\/tunisnews.net\/ar\/wp-json\/wp\/v2\/types\/post"}],"author":[{"embeddable":true,"href":"https:\/\/tunisnews.net\/ar\/wp-json\/wp\/v2\/users\/1"}],"replies":[{"embeddable":true,"href":"https:\/\/tunisnews.net\/ar\/wp-json\/wp\/v2\/comments?post=15903"}],"version-history":[{"count":0,"href":"https:\/\/tunisnews.net\/ar\/wp-json\/wp\/v2\/posts\/15903\/revisions"}],"wp:featuredmedia":[{"embeddable":true,"href":"https:\/\/tunisnews.net\/ar\/wp-json\/wp\/v2\/media\/22040"}],"wp:attachment":[{"href":"https:\/\/tunisnews.net\/ar\/wp-json\/wp\/v2\/media?parent=15903"}],"wp:term":[{"taxonomy":"category","embeddable":true,"href":"https:\/\/tunisnews.net\/ar\/wp-json\/wp\/v2\/categories?post=15903"},{"taxonomy":"post_tag","embeddable":true,"href":"https:\/\/tunisnews.net\/ar\/wp-json\/wp\/v2\/tags?post=15903"}],"curies":[{"name":"wp","href":"https:\/\/api.w.org\/{rel}","templated":true}]}}