{"id":15881,"date":"2008-04-04T00:00:00","date_gmt":"2008-04-04T00:00:00","guid":{"rendered":"https:\/\/tunisnews.net\/4-avril-2008\/"},"modified":"2008-04-04T00:00:00","modified_gmt":"2008-04-04T00:00:00","slug":"4-avril-2008","status":"publish","type":"post","link":"https:\/\/tunisnews.net\/ar\/4-avril-2008\/","title":{"rendered":"4 avril 2008"},"content":{"rendered":"<p><html><head><meta content=\"text\/html\" description=\"          Le Comit\u00e9 des droits de l\u2019homme des Nations Unies vient de publier ses           recommandations sur la Tunisie apr\u00e8s avoir examin\u00e9 le cinqui\u00e8me           rapport p\u00e9riodique de la Tunisie lors des s\u00e9ances du 17 et 18 mars           2008. Les observations finales qu\u2019il a adopt\u00e9es constituent un s\u00e9v\u00e8re           avertissement aux autorit\u00e9s tunisiennes pour leur non respect de leurs           engagements internationaux en mati\u00e8re de droits humains. Le comit\u00e9           donne aux autorit\u00e9s tunisiennes un d\u00e9lai d\u2019un an pour faire parvenir           des renseignements sur la suite qu\u2019il aura donn\u00e9e \u00e0 ses           recommandations.\" http-equiv=\"Content-Type\"\/><\/head><body><body><\/p>\n<p align=\"center\" dir=\"ltr\"><font face=\"Arial\" size=\"2\"><b><a href=\"https:\/\/tunisnews.net\/ar\/\"><span>Home<\/span><span lang=\"FR-CH\"> &#8211; Accueil <\/span><span>&#8211;<\/span><\/a><\/b><\/font><\/p>\n<div dir=\"ltr\"> <font face=\"Arial\" size=\"2\"> <span dir=\"rtl\" lang=\"AR-SA\"> <font> <\/p>\n<div dir=\"ltr\"> <font face=\"Arial\" size=\"2\"> <\/p>\n<div dir=\"ltr\">\n<p dir=\"ltr\"> <span lang=\"FR\">\u00a0<\/span><\/p>\n<div>        \u00a0        <\/p>\n<div>\n<div>\n<div>  <\/div>\n<p> <span lang=\"FR\"> <\/p>\n<div align=\"center\" dir=\"ltr\"> <font size=\"7\"> <span lang=\"SV\"> <strong>TUNISNEWS<\/strong><\/span> <\/font> <\/div>\n<div align=\"center\" dir=\"ltr\"> <strong><font size=\"2\">\u00a08\u00a0\u00e8me\u00a0ann\u00e9e,              <span lang=\"FR\">N\u00b0 \u00a02872 du 04.04.2008<\/span><\/font><\/strong><\/div>\n<p> <strong> <\/p>\n<div align=\"center\" dir=\"ltr\"> <b><span><blink> <font size=\"2\">\u00a0archives : <\/font> <a href=\"\" target=\"_blank\" rel=\"noopener\"> <font size=\"2\" target=\"_blank\">www.tunisnews.net<\/font><\/a><\/blink><\/span><\/b><font size=\"2\"> <\/font><font size=\"2\"> <span lang=\"FR\"><font> <span lang=\"FR\"> <span lang=\"FR-CH\"> <font><font size=\"2\"> <\/font><\/font><\/span><\/span><\/font><\/span><\/font><\/div>\n<p> <\/strong><\/span> <span lang=\"FR\"> <span lang=\"FR-CH\"> <span lang=\"FR\"> <\/p>\n<p align=\"left\" dir=\"ltr\">\u00a0<\/p>\n<p> <font> <\/p>\n<div>\n<hr\/><\/div>\n<div align=\"left\">\n<p><font face=\"Arial\" size=\"2\"><strong>Kalima:La               Tunisie \u00e9pingl\u00e9e au Comit\u00e9 des Droits de l\u2019homme de l\u2019ONU               <font>Le Soir : N\u00e9jib Chebbi \u00ab Ben Ali veut               d\u00e9signer lui-m\u00eame ses concurrents \u00e0 l\u2019\u00e9lection pr\u00e9sidentielle \u00bb<\/font>               Mustapha Benjafar: R\u00e9habiliter la Constitution !               <font>Dr\u00a0 Khelil Ezzaouia: Election 2009 : aprs le               discours du 21 mars pour ne pas se tromper de bataille (2)<\/font>               Kh\u00e9mais Khayati: Syndicat ou\/et Caisse\u2026 Le pataqu\u00e8s journalistique               <font>BusinessNews: La Tunisie forme et les               entreprises canadiennes puisent !<\/font>                Le Temps: Pour la troisi\u00e8me fois en quelques ann\u00e9es :Des mosqu\u00e9es               profan\u00e9es \u00e0 Djerba                <font>Reuters: Turquie &#8211; L&rsquo;ex-Premier ministre               Erbakan assign\u00e9 \u00e0 r\u00e9sidence<\/font>               AFP: Des commandos allemands inculp\u00e9s pour aide \u00e0 la s\u00e9curit\u00e9               libyenne               <font>AFP: Le tourisme durable est essentiel pour               pr\u00e9server la M\u00e9diterran\u00e9e (ministres)<\/font><\/strong><\/font><\/p>\n<\/div>\n<p> <\/font><\/span><\/span><\/span><\/div>\n<\/p><\/div>\n<p> <span lang=\"FR\"> <\/p>\n<div>\n<hr\/><\/div>\n<div align=\"center\"> <strong><\/p>\n<h2 style=\"color: red;\"><font size=\"3\">La Tunisie \u00e9pingl\u00e9e au Comit\u00e9           des Droits de l\u2019homme de l\u2019ONU<\/font><\/h2>\n<p><\/strong><\/div>\n<div align=\"justify\"> <strong><font>Sihem Bensedrine<\/font><\/strong>           \u00a0           Le Comit\u00e9 des droits de l\u2019homme des Nations Unies vient de publier ses           recommandations sur la Tunisie apr\u00e8s avoir examin\u00e9 le cinqui\u00e8me           rapport p\u00e9riodique de la Tunisie lors des s\u00e9ances du 17 et 18 mars           2008. Les observations finales qu\u2019il a adopt\u00e9es constituent un s\u00e9v\u00e8re           avertissement aux autorit\u00e9s tunisiennes pour leur non respect de leurs           engagements internationaux en mati\u00e8re de droits humains. Le comit\u00e9           donne aux autorit\u00e9s tunisiennes un d\u00e9lai d\u2019un an pour faire parvenir           des renseignements sur la suite qu\u2019il aura donn\u00e9e \u00e0 ses           recommandations.           \u00a0           Les m\u00e9dias officiels ont fait un compte rendu totalement tendancieux           sur les conclusions en publiant exclusivement les formules de           politesse qui pr\u00e9c\u00e8dent chaque manquement aux engagements signal\u00e9 et           pr\u00e9sentant les recommandations du Comit\u00e9 comme un \u00e9loge aux \u00ab           r\u00e9alisations de la Tunisie en mati\u00e8re de droits civils et politiques           \u00bb. .           De leur cot\u00e9, les ONG internationales et Tunisiennes ont r\u00e9agi en           publiant un communiqu\u00e9 o\u00f9 elles se f\u00e9licitent \u00ab des recommandations du           Comit\u00e9, demandant instamment aux autorit\u00e9s tunisiennes de lutter           vigoureusement contre la torture et de mettre fin aux actes           d&rsquo;intimidation et de harc\u00e8lement visant les individus et organisations           d\u00e9fendant les droits de l&rsquo;Homme. \u00bb           \u00a0           \u00a0           Les 17 et 18 mars dernier, le Comit\u00e9 des droits de l\u2019homme des Nations           Unies avait examin\u00e9 le rapport pr\u00e9sent\u00e9 par la Tunisie dans le cadre           de l\u2019article 40 du Pacte relatif aux droits civils et politiques. Il           s\u2019agit d\u2019une proc\u00e9dure qui fait obligation aux Etats parties aux           trait\u00e9s des Nations Unies de soumettre aux organes charg\u00e9s de la           surveillance de leur application, des rapports pr\u00e9sentant les mesures           effectivement prises dans l\u2019application des dispositions qu\u2019ils           contiennent. Rappelons que ce rapport \u00e9tait attendu depuis 1998 et que           le dernier rapport pr\u00e9sent\u00e9 par la Tunisie date de 1993.           La d\u00e9l\u00e9gation tunisienne qui \u00e9tait conduite par le ministre de la           Justice et des droits de l\u2019homme, B\u00e9chir T\u00e9kkari et compos\u00e9e de 13           membres ainsi que de 4 GONGO, s\u2019est appliqu\u00e9e \u00e0 nier tous les           probl\u00e8mes en bloc et pr\u00e9senter la Tunisie comme un paradis sur terre,           \u00e0 tel point que l\u2019un des expert s\u2019est \u00e9cri\u00e9 \u00ab Cette attitude est           inqui\u00e9tante ; puisque tout est parfait, il n\u2019y a donc rien \u00e0 changer !           \u00bb.           De leur c\u00f4t\u00e9, les ONG ind\u00e9pendantes tunisiennes ont \u00e9t\u00e9 invit\u00e9es \u00e0           prendre la parole en s\u00e9ance pl\u00e9ni\u00e8re pour exprimer bri\u00e8vement leurs           pr\u00e9occupations. Sihem Bensedrine, au nom du Le CNLT a ax\u00e9 son           intervention sur la libert\u00e9 d\u2019expression, par la suite Radia Nasraoui           de l\u2019ALTT a d\u00e9nonc\u00e9 l\u2019usage syst\u00e9matique de la torture et l\u2019absence de           recours du fait de la non ind\u00e9pendance de la justice, enfin Anouar           Kousri de la LTDH a mis en \u00e9vidence les restrictions qui entravent la           libert\u00e9 d\u2019association et de r\u00e9union en donnant l\u2019exemple de la LTDH et           de l\u2019AMT.           Auparavant, ces ONG ont collabor\u00e9 \u00e0 la pr\u00e9paration de rapports           alternatifs en partenariat avec l\u2019OMCT et la FIDH qui avaient fait           parvenir ces documents aux 17 experts ind\u00e9pendants charg\u00e9s d\u2019examiner           le cas de la Tunisie (L\u2019expert tunisien, Abdelfattah Amor, s\u2019\u00e9tant           retir\u00e9 puisque son pays \u00e9tait examin\u00e9.) et ont eu \u00e9galement une s\u00e9ance           de travail priv\u00e9e d\u2019une heure avec les experts et la FIDH et l\u2019OMCT,           au cours de laquelle les experts ont pu avoir des pr\u00e9cisions sur des           questions non \u00e9lucid\u00e9es dans le rapport officiel de la Tunisie.           \u00a0           Voici les principaux sujets de pr\u00e9occupation et recommandations           formul\u00e9s par le Comit\u00e9 et adopt\u00e9es le 28 mars dernier.           \u00a0           <font><strong>Torture           <\/strong><\/font>\u00ab\u00a0Le Comit\u00e9 est inquiet des informations s\u00e9rieuses et           concordantes selon lesquelles des cas de torture et de traitements           cruels, inhumains ou d\u00e9gradants sont commis sur le territoire de           l\u2019\u00c9tat partie. Selon certaines de ces informations: (a) des magistrats           refusent d\u2019enregistrer des plaintes de mauvais traitements ou de           torture ; (b) des enqu\u00eates diligent\u00e9es \u00e0 la suite de telles plaintes           d\u00e9passent les d\u00e9lais raisonnables, et (c) des sup\u00e9rieurs responsables           de la conduite de leurs agents, en violation des dispositions de           l\u2019article 7 du Pacte, \u00e9chappent \u00e0 toute enqu\u00eate et \u00e0 toute poursuite.           Il regrette l\u2019absence de donn\u00e9es statistiques sur le nombre de           plaintes pour torture soumises aux autorit\u00e9s et enregistr\u00e9es par ces           derni\u00e8res. (art. 2 et 7 du Pacte).           L\u2019\u00c9tat partie devrait garantir que toutes les all\u00e9gations de torture           et de traitements cruels, inhumains ou d\u00e9gradants font l\u2019objet           d\u2019enqu\u00eates, men\u00e9es par une autorit\u00e9 ind\u00e9pendante, et que les           responsables de tels actes, y compris leurs sup\u00e9rieurs hi\u00e9rarchiques,           soient poursuivis et sanctionn\u00e9s et que les victimes re\u00e7oivent une           r\u00e9paration y compris une indemnisation ad\u00e9quate.           &#8211; le Comit\u00e9 est pr\u00e9occup\u00e9 par des informations selon lesquelles, dans           la pratique, des aveux obtenus sous la torture ne sont pas exclus           comme \u00e9l\u00e9ment de preuve dans un proc\u00e8s. Le Comit\u00e9 note, en outre, que           de tels aveux ne sont pas prohib\u00e9s explicitement par la l\u00e9gislation de           l\u2019\u00c9tat partie. (art. 7 et 14, paragraphe 3 (g) du Pacte)           -L\u2019\u00c9tat partie devrait interdire l\u2019usage d\u2019aveux obtenus sous la           torture, et ce devant toutes juridictions. Il devrait s\u2019assurer en           pareil cas que le fardeau de la preuve n\u2019incombe pas aux victimes. \u00a0\u00bb           \u00a0           <font><strong>Terrorisme<\/strong><\/font>           \u00ab\u00a0La d\u00e9finition des actes terroristes ne devrait pas conduire \u00e0 des           interpr\u00e9tations permettant de porter atteinte, sous le couvert d\u2019actes           terroristes, \u00e0 l\u2019expression l\u00e9gitime des droits consacr\u00e9s par le           Pacte. L\u2019\u00c9tat partie devrait veiller \u00e0 ce que les mesures prises au           titre de la lutte contre le terrorisme soient conformes aux           dispositions du Pacte (articles 6, 7, 14). \u00a0\u00bb           \u00a0           <font><strong>Justice<\/strong><\/font>           \u00ab\u00a0Le Comit\u00e9 est pr\u00e9occup\u00e9 par la question de l&rsquo;ind\u00e9pendance de           l&rsquo;appareil judiciaire. Le Comit\u00e9 est aussi pr\u00e9occup\u00e9 du fait que le           poids du pouvoir ex\u00e9cutif est toujours trop important au sein du           Conseil Sup\u00e9rieur de la Magistrature, malgr\u00e9 la r\u00e9forme de 2005           (article 14 du Pacte).           Le Comit\u00e9 recommande que des dispositions soient prises pour renforcer           l&rsquo;ind\u00e9pendance de l&rsquo;appareil judiciaire, en particulier vis-\u00e0-vis du           pouvoir ex\u00e9cutif.\u00a0\u00bb           \u00a0           <font><strong>Libert\u00e9 d\u2019expression<\/strong><\/font>           \u00ab\u00a0Le Comit\u00e9 est pr\u00e9occup\u00e9 par certaines dispositions du Code de la           presse ainsi que de leur application en pratique contraires \u00e0           l\u2019article 19 du Pacte           L\u2019\u00c9tat partie devrait faire le n\u00e9cessaire pour mettre un terme aux           restrictions directes et indirectes \u00e0 la libert\u00e9 d\u2019expression.           L\u2019article 51 du Code de la presse devrait \u00eatre harmonis\u00e9 avec           l\u2019article 19 du Pacte, en assurant un juste \u00e9quilibre entre la           protection de la r\u00e9putation d\u2019une personne et la libert\u00e9 d\u2019expression.           Le Comit\u00e9 est pr\u00e9occup\u00e9 du fait qu\u2019en p\u00e9riode \u00e9lectorale, le Code           \u00e9lectoral (article 62-III) interdit \u00e0 toute personne l\u2019utilisation           d\u2019une radio ou cha\u00eene de t\u00e9l\u00e9vision priv\u00e9es ou \u00e9trang\u00e8res ou \u00e9mettant           de l\u2019\u00e9tranger dans le but d\u2019inciter \u00e0 voter ou de s\u2019abstenir de voter           pour un candidat ou une liste de candidats. (articles 19 et 25 du           Pacte).\u00a0\u00bb           \u00a0           <font><strong>D\u00e9fenseurs de droits humains<\/strong><\/font>           \u00ab\u00a0L\u2019\u00c9tat partie devrait prendre des mesures pour mettre fin aux actes           d\u2019intimidation et de harc\u00e8lement et respecter et prot\u00e9ger les           activit\u00e9s pacifiques des organisations et d\u00e9fenseurs des droits de           l\u2019homme. Les informations faisant \u00e9tat d\u2019actes d\u2019intimidation et de           harc\u00e8lement devraient faire rapidement l\u2019objet d\u2019enqu\u00eates. L\u2019Etat           partie devrait veiller \u00e0 ce que toute restriction impos\u00e9e au droit de           r\u00e9union et manifestation pacifique soit compatible avec les           dispositions des articles 19, 21 et 22 du Pacte.\u00a0\u00bb           \u00a0           <font><strong>Libert\u00e9 d\u2019association<\/strong><\/font>           \u00ab\u00a0L\u2019Etat partie devrait veiller \u00e0 l\u2019enregistrement de ces associations,           et \u00e0 ce qu\u2019un recours efficace et dans les plus brefs d\u00e9lais contre           tout refus d\u2019enregistrement soit garanti \u00e0 toutes les associations           concern\u00e9es. \u00a0\u00bb           \u00a0           Enfin Le Comit\u00e9 fixe au 31 mars 2012 la date \u00e0 laquelle le sixi\u00e8me           rapport p\u00e9riodique de la Tunisie devra lui parvenir.           \u00a0           <font><strong>(Source : \u00ab Kalima \u00bb (Mensuel           \u00e9lectronique), N\u00b0 62 \u2013 Avril 2008)<\/strong><\/font> <font><strong>Lien :           http:\/\/www.kalimatunisie.com\/article.php?id=699 <\/strong> <\/font><\/div>\n<div> <strong><\/p>\n<hr\/>\n<p><\/strong> <\/div>\n<div align=\"center\">\n<p><font><strong>Le mardi 8 avril 2008, La TUNISIE           sera soumise pour la 1\u00e9re fois \u00e0 l\u2019Examen P\u00e9riodique Universel (EPU)           devant le conseil des Droits de l\u2019Homme \u00e0 Gen\u00e8ve<\/strong><\/font><\/p>\n<\/div>\n<div>                     \u00a01- Dans le Calendrier provisoire pour la premi\u00e8re session du Groupe           de travail charg\u00e9 de l&rsquo;examen p\u00e9riodique universel, la Tunisie est           cit\u00e9e 2 fois:           \u00a0           <strong><font>Mardi 8 avril           10.00 \u2013 13.00 examen de la Tunisie           <\/font><\/strong>\u00a0           <strong><font>Jeudi 10 avril           12.00 \u2013 12.30 adoption du rapport sur la Tunisie           <\/font><\/strong>\u00a0           \u00a0           <font><strong><\/p>\n<p><font>2- Ci-dessous, \u00ab           TUNISNEWS \u00bb a s\u00e9lectionn\u00e9 des documents pr\u00e9sent\u00e9s par quelques ONG           dans le cadre des contributions de la soci\u00e9t\u00e9 civile au processus qui           se d\u00e9roule pour la 1\u00e9re fois. Bonne lecture.<\/font><\/p>\n<p>           \u00a0           <\/strong><\/font>\u00a0           <strong>Examen P\u00e9riodique Universel (EPU)           Premi\u00e8re Session 7-18 Avril 2008           Les droits de l&rsquo;Homme en Tunisie           Rapport commun pr\u00e9sent\u00e9 par la F\u00e9d\u00e9ration Internationale des ligues           des Droits de l&rsquo;Homme (FIDH) &#8211; Conseil national pour les libert\u00e9s en           Tunisie (CNLT) &#8211; Ligue tunisienne des droits de l&rsquo;Homme (LTDH)<\/strong> <font><strong>          http:\/\/lib.ohchr.org\/HRBodies\/UPR\/Documents\/Session1\/TN\/FIDH_TUN_UPR_S1_2008_FederationInternationaledesliguesdesDroitsdelHomme_uprsubmission_F.pdf           <\/strong><\/font>\u00a0           \u00a0           <strong>TUNISIA: Submission by: Front Line; The International           Foundation for the Protection of Human Rights Defenders. (Front Line           has Special Consultative Status with the Economic and Social Council           of the United Nations)           <\/strong><font><strong>          http:\/\/lib.ohchr.org\/HRBodies\/UPR\/Documents\/Session1\/TN\/FL_TUN_UPR_S1_2008_FrontLine_uprsubmission.pdf           <\/strong><\/font>\u00a0           \u00a0           <strong>Tunisie: Contribution de l\u2019OMCT \u00e0 l\u2019Examen P\u00e9riodique           Universel (EPU)<\/strong> <font><strong>          http:\/\/lib.ohchr.org\/HRBodies\/UPR\/Documents\/Session1\/TN\/OMCT_TUN_UPR_S1_2008_WorldOrganisationAgainstTorture_uprsubmission.pdf           <\/strong><\/font>\u00a0           \u00a0           <strong>Tunisie : Texte du rapport pr\u00e9sent\u00e9 \u00e0 la Commission           International des Juristes a pr\u00e9sent\u00e9 au Groupe de travail sur           L&rsquo;Examen p\u00e9riodique universel<\/strong> <font><strong>          http:\/\/lib.ohchr.org\/HRBodies\/UPR\/Documents\/Session1\/TN\/ICJ_TUN_UPR_S1_2008_InternationalCommissionofJurist_uprsubmission.pdf           <\/strong><\/font>\u00a0           <strong>Human Rights Watch           UPR Submission            Tunisia<\/strong> <font><strong>          http:\/\/lib.ohchr.org\/HRBodies\/UPR\/Documents\/Session1\/TN\/HRW_TUN_UPR_S1_2008_HumanRightsWatch_uprsubmission.pdf           <\/strong><\/font>\u00a0           \u00a0           <strong>Tunisie : Rapport de TAMAZGHA (Organisation Non           Gouvernementale de d\u00e9fense des droits des Imazighen (Berb\u00e8res)),           pr\u00e9sent\u00e9 au Groupe de travail sur L&rsquo;Examen p\u00e9riodique universel des           Nations Unies sur Les Berb\u00e8res en Tunisie<\/strong> <font><strong>          http:\/\/lib.ohchr.org\/HRBodies\/UPR\/Documents\/Session1\/TN\/TAMAZAGHA_TUN_UPR_S1_2008_Tamazgha_uprsubmission_F.pdf           <\/strong><\/font>\u00a0           \u00a0           <font><strong>(Source : le site officiel du           Haut-Commissariat des Nations Unies aux droits de l\u2019homme (HCDH),           consult\u00e9 en avril 2008)           <\/strong><\/font><font><strong>Lien : <\/strong> <a href=\"http:\/\/www.ohchr.org\/EN\/HRBodies\/UPR\/Pages\/UPRTunisiaStakeholderInfoS1.aspx\" target=\"_blank\" rel=\"noopener\"> <strong>          http:\/\/www.ohchr.org\/EN\/HRBodies\/UPR\/Pages\/UPRTunisiaStakeholderInfoS1.aspx<\/strong><\/a><strong> <\/strong> <\/font><\/div>\n<div> <strong><\/p>\n<hr\/>\n<p><\/strong> <\/div>\n<div>          \u00a0<\/div>\n<div> <font> <\/p>\n<p align=\"center\"> <b><span>          N\u00e9jib Chebbi Avocat, homme politique et opposant tunisien<\/span><\/b><\/p>\n<p align=\"center\"> <u><span>propos recueillis           par BAUDOUIN LOOS<\/span><\/u><\/p>\n<p align=\"center\"> <b><span> <font size=\"3\">\u00ab\u00a0Ben Ali veut d\u00e9signer lui-m\u00eame ses concurrents \u00e0           l\u2019\u00e9lection pr\u00e9sidentielle\u00a0\u00bb<\/font><\/span><\/b><\/p>\n<p> <span>vendredi 04 avril           2008 &#8211; LE SOIR<\/span><\/p>\n<p> <span>\u00a0 <\/span><\/p>\n<p> <span>La Tunisie           marche-t-elle d\u2019un pas alerte vers un avenir r\u00e9solument toujours plus           d\u00e9mocratique comme le proclame le r\u00e9gime du pr\u00e9sident Zine el-Abidine           Ben Ali ou se trouve-t-on plut\u00f4t dans un cas de figure moins clair qui           voit un d\u00e9cor aux allures d\u00e9mocratiques cacher des desseins moins           avouables ? La tenue d\u2019\u00e9lections, dans ce contexte, peut servir de           r\u00e9v\u00e9lateur. Or justement, \u00e0 l\u2019automne 2009, les \u00e9lecteurs tunisiens           doivent \u00e9lire leur pr\u00e9sident. Ben Ali, au pouvoir depuis 1987, n\u2019a pas           encore d\u00e9clar\u00e9 ses intentions, mais il vient d\u2019annoncer le changement           des conditions d\u2019\u00e9ligibilit\u00e9 dans le sens d\u2019une plus grande souplesse,           notamment par la suppression du parrainage oblig\u00e9 par un certain           nombre d\u2019\u00e9lus. Nous avons interrog\u00e9 \u00e0 ce sujet l\u2019avocat N\u00e9jib Chebbi,           actuellement seul candidat d\u00e9clar\u00e9 depuis son annonce du 13 f\u00e9vrier           dernier.            \u00a0<\/span><\/p>\n<p> <u><span>Comment           jugez-vous la r\u00e9forme provisoire de la loi \u00e9lectorale annonc\u00e9e le 21           mars ?            \u00a0<\/span><\/u><\/p>\n<p> <span>Cette loi repr\u00e9sente           un double aveu. Le premier c\u2019est que le crit\u00e8re du parrainage par des           \u00e9lus a toujours abouti \u00e0 l\u2019unicit\u00e9 des candidatures et ils ont d\u00fb           l\u2019abandonner pour la troisi\u00e8me fois cons\u00e9cutive. Le second aveu, c\u2019est           que la distinction qu\u2019ils faisaient entre partis parlementaires (NDLR           : autoris\u00e9s \u00e0 pr\u00e9senter un candidat) et non parlementaires dans un           pays o\u00f9 il n\u2019y a pas de v\u00e9ritables \u00e9lections a \u00e9galement d\u00fb \u00eatre           abandonn\u00e9e, ne pouvant plus convaincre personne. <\/span> <span lang=\"SV\">Mais la           volont\u00e9 de maintenir le verrouillage du syst\u00e8me demeure. <\/span> <span>Et celle d\u2019exclure           tout candidat g\u00eanant. C\u2019est ainsi que le pr\u00e9sident a \u00e9largi le droit           de se pr\u00e9senter \u00e0 l\u2019\u00e9lection aux seuls secr\u00e9taires g\u00e9n\u00e9raux des partis           non parlementaires, \u00e0 l\u2019exclusion donc de tous autres dirigeants de           ces partis. Il ajoute deux autres conditions, \u00e0 savoir que le candidat           doit \u00eatre \u00e9lu \u00e0 son poste par un congr\u00e8s et en exercice depuis au           moins deux ans. Et il dit cela \u00e0 moins de deux ans des \u00e9lections !           Donc plus personne ne pourra \u00eatre \u00e9lu par un congr\u00e8s \u00e0 venir. Il           s\u2019agit donc d\u2019un jeu tr\u00e8s raffin\u00e9 qui a pour objet direct de m\u2019\u00e9carter           de la comp\u00e9tition pr\u00e9sidentielle pour la troisi\u00e8me fois cons\u00e9cutive           (NDLR : N\u00e9jib Chebbi a c\u00e9d\u00e9 la t\u00eate de son parti, le PDP, Parti           d\u00e9mocratique progressiste, en d\u00e9cembre 2006, \u00e0 Mme Maya Jribi). <\/span> <\/p>\n<p> <span>Moustapha Ben           Jaafar, chef d\u2019un autre parti non parlementaire, est exclu \u00e9galement           par ces nouvelles r\u00e8gles. En somme, la volont\u00e9 du prince d\u00e9cide quels           seront ses concurrents \u00e0 l\u2019\u00e9lection, car il sera lui-m\u00eame candidat,           nul n\u2019en doute.            \u00a0<\/span><\/p>\n<p> <u><span>Rien de nouveau           sous le soleil tunisien ?            \u00a0<\/span><\/u><\/p>\n<p> <span>Le r\u00e9gime maintient           en effet en m\u00eame temps le verrouillage du syst\u00e8me non seulement sur le           plan de la loi \u00e9lectorale mais aussi de la libert\u00e9 de r\u00e9union et           d\u2019association. Mon parti, le PDP, a rejet\u00e9 cette man\u0153uvre et maintient           sa d\u00e9cision de me porter candidat ; il estime que le changement de loi           \u00e9lectorale est un premier recul du pouvoir mais insuffisant. Nous           allons continuer \u00e0 mobiliser l\u2019opinion, \u00e0 l\u2019\u00e9chelle locale et           internationale, pour exercer le maximum de pression sur le r\u00e9gime,           l\u2019amener \u00e0 discuter, avec la classe politique, des amendements           n\u00e9cessaires, de sorte qu\u2019il y ait un jeu libre et un tant soit peu           transparent au scrutin pr\u00e9sidentiel de 2009.            \u00a0<\/span><\/p>\n<p> <u><span>Le r\u00e9gime dit           pourtant qu\u2019il existe une vie politique parfaitement d\u00e9mocratique\u2026            \u00a0<\/span><\/u><\/p>\n<p> <span>Le pluralisme           politique est une fiction en Tunisie. Tous les partis repr\u00e9sent\u00e9s au           Parlement sauf un qui a \u00e9volu\u00e9, Ettajdid (NDLR : ex-communiste), font           all\u00e9geance au pouvoir. Depuis que, en 1999, des soi-disant           repr\u00e9sentants de l\u2019opposition si\u00e8gent au Parlement, toutes les lois           sont pass\u00e9es \u00e0 l\u2019unanimit\u00e9 ! Le fait, m\u00eame pour un d\u00e9put\u00e9 d\u2019un parti           pr\u00e9tendument d\u2019opposition, de voter contre une loi serait tr\u00e8s mal vu,           et il risquerait de ne pas se faire reconduire aux \u00e9lections suivantes           et d\u2019\u00eatre \u00e9cart\u00e9. On assiste donc \u00e0 un simulacre de pluralisme et de           repr\u00e9sentation parlementaire en Tunisie. De quelle vie politique           parle-t-on quand on sait que les salles publiques sont ferm\u00e9es \u00e0           l\u2019opposition, que les m\u00e9dias sont monopolis\u00e9s \u00e0 100 % par le           gouvernement et le parti gouvernemental ? Cela fait, par exemple, plus           de quinze ans que je ne suis plus apparu \u00e0 la t\u00e9l\u00e9vision nationale ?<\/span><\/p>\n<p> <span>\u00a0<\/span><\/p>\n<p> <u><span>Que fait           l\u2019opposition r\u00e9elle ?            \u00a0<\/span><\/u><\/p>\n<p> <span>Malheureusement,           l\u2019opposition digne de ce nom a \u00e9t\u00e9 r\u00e9duite \u00e0 un combat, n\u00e9cessaire           mais d\u00e9fensif, sur les droits de l\u2019Homme, le droit d\u2019association, le           droit de s\u2019exprimer, etc. Depuis vingt ans, il n\u2019y a donc pas de vie           politique dans mon pays. Or, l\u2019initiative que nous avons prise au PDP,           en partenariat avec des personnalit\u00e9s d\u00e9mocrates comme Khema\u00efs           Chammari, vise \u00e0 sortir de ce microcosme de militance des droits de           l\u2019Homme affaiblie et essouffl\u00e9e pour nous adresser \u00e0 la population par           tous les moyens de communication \u00e0 notre disposition, pour           l\u2019entretenir enfin de ses probl\u00e8mes sociaux, d\u2019emploi, de sant\u00e9,           d\u2019enseignement, d\u2019investissements, etc., et, bien s\u00fbr, nous lions cela           \u00e0 la n\u00e9cessit\u00e9 de r\u00e9former le syst\u00e8me politique dans le sens de           l\u2019alternance du pouvoir. Cette initiative a \u00e9t\u00e9 \u00e0 l\u2019origine d\u2019un flot           d\u2019articles dans la presse de caniveau progouvernementale destin\u00e9s \u00e0           nous insulter car cela a un peu d\u00e9stabilis\u00e9 le pouvoir, qui s\u2019est           ensuite lanc\u00e9 dans cette man\u0153uvre visant le scrutin de 2009, pour           g\u00e2cher notre \u00e9lan et tenter de r\u00e9cup\u00e9rer certains d\u2019entre nous dans           son d\u00e9cor pseudo-d\u00e9mocratique.<\/span><\/p>\n<p> <span>\u00a0<\/span><\/p>\n<p> <u><span>Une candidature           unique de l\u2019opposition, notoirement divis\u00e9e, est-elle possible ?<\/span><\/u><\/p>\n<p> <span>\u00a0<\/span><\/p>\n<p> <span>C\u2019est notre souhait           : que l\u2019on organise des primaires au sein de l\u2019opposition pour d\u00e9gager           un seul candidat. La situation politique en Tunisie l\u2019exige.           Malheureusement, l\u2019esprit de boutique, les calculs personnels et           partisans rendent impossible la chose pour le moment, les conflits           entre opposants priment ! Mais nous poursuivrons, en tendant la main,           notre d\u00e9marche, qui cr\u00e9e un v\u00e9ritable \u00e9v\u00e9nement en Tunisie. Ma           candidature personnelle n\u2019est pas une condition <i>sine qua non<\/i>,           je ne suis qu\u2019un candidat potentiel. Que les d\u00e9mocrates d\u00e9cident qui           est leur candidat. Encore faut-il qu\u2019ils r\u00e9ussissent \u00e0 se r\u00e9unir et \u00e0           s\u2019entendre. Cela me semble pour le moment difficile, mais nous avons           vingt mois pour mener cette lutte \u00e0 bien.<\/span><\/p>\n<p> <span>\u00a0<\/span><\/p>\n<p> <span>\u00a0<strong><font>(Source           : \u00ab Le\u00a0Soir \u00bb (Quotidien \u2013 Belgique), le 4 avril 2008) <\/font> <\/strong><\/span><\/p>\n<p> <span> <font><font>Lien: <\/font> <a href=\"http:\/\/www.lesoir.be\/forum\/a_bout_portant\/article_589088.shtml\" rel=\"nofollow noopener\" target=\"_blank\"> <font>          http:\/\/www.lesoir.be\/forum\/a_bout_portant\/article_589088.shtml<\/font><\/a><\/font><\/span><\/p>\n<p><\/font><\/div>\n<div>\n<hr\/><\/div>\n<div>          \u00a0<\/div>\n<div align=\"center\"> <strong><font size=\"3\"><font><font size=\"2\">Edito<\/font> <\/font><\/p>\n<h2 style=\"color: red;\"><font>R\u00e9habiliter la Constitution !<\/font><\/h2>\n<p><\/font><\/strong><\/div>\n<div align=\"justify\"> <font size=\"2\"><font><strong>Mustapha Benjafar<\/strong><\/font>           Pour la troisi\u00e8me fois en l\u2019espace de dix ans, le chef de l\u2019Etat se           propose de modifier\u00a0 \u00ab\u00a0 d\u2019une mani\u00e8re transitoire et exceptionnelle \u00bb           la loi constitutionnelle fixant les conditions de candidature \u00e0           l\u2019\u00e9lection pr\u00e9sidentielle pr\u00e9vue en\u00a0 2009. Cette mani\u00e8re de faire pose           probl\u00e8me. Elle ob\u00e9it \u00e0 une logique antid\u00e9mocratique en permettant \u00e0 un           plus que\u00a0 probable candidat de d\u00e9signer ses futurs concurrents, et           surtout d\u2019\u00e9carter, d\u2019une mani\u00e8re particuli\u00e8rement cibl\u00e9e et presque           nominative, ceux qui d\u00e9rangent. La comp\u00e9tition est, d\u00e8s lors, biais\u00e9e.           Les nouvelles conditions, encore en \u00e9tat de projet, emp\u00eachent les           partis s\u00e9lectionn\u00e9s ? de choisir leur candidat -ce qui marque un recul           par rapport \u00e0 2004- et interdit \u00e0 d\u2019autres partis l\u00e9gaux, comme le           Forum d\u00e9mocratique pour le travail et les libert\u00e9s, de participer \u00e0           une \u00e9lection qui rev\u00eat, compte tenu des pouvoirs conf\u00e9r\u00e9s au pr\u00e9sident           de la r\u00e9publique, une importance capitale.           \u00a0Le mal ne s\u2019arr\u00eate pas l\u00e0. Car, outre la gravit\u00e9 que repr\u00e9sente           l\u2019ing\u00e9rence du pouvoir , en usant et abusant des lois, dans les           affaires internes des partis, favorisant les uns , r\u00e9primant les           autres,tout en voulant rester ma\u00eetre de la situation jusque dans les           d\u00e9tails les plus insignifiants, il y a cette f\u00e2cheuse tendance \u00e0 la           facilit\u00e9 dans le rapport des tenants du pouvoir avec la Constitution.           On la change si fr\u00e9quemment que cela ressemble \u00e0 des\u00a0 tripatouillages.           Il y a d\u2019autres moyens de parer au plus press\u00e9, de r\u00e9pondre \u00e0 des           contraintes conjoncturelles. Des lois ordinaires aux d\u00e9crets, aux           arr\u00eat\u00e9s\u2026.l\u2019arsenal juridique est assez riche pour y puiser ce qui           convient le mieux, \u00e0 un moment ou \u00e0 un autre. Tous les juristes, et il           n\u2019en manque pas autour du chef de l\u2019Etat, connaissent la hi\u00e9rarchie           des normes. Par contre, la Constitution , en tant que loi           fondamentale, doit rester \u00e0 l\u2019abri des contraintes conjoncturelles.           Elle est justement faite pour endiguer les droits du souverain au           profit de la souverainet\u00e9 populaire. Ceux qui ont choisi le sigle du \u00ab           Destour \u00bb le vieux et le n\u00e9o, comme slogan de leur lutte pour           l\u2019ind\u00e9pendance, connaissaient le poids des mots. Quelque part, la           Constitution est sacr\u00e9e. A force de la changer, de la manipuler, pour           un oui, pour un non, elle est devenue si inintelligible et si in           coh\u00e9rente qu\u2019on regrette la Constitution de 1959.Il n\u2019est pas trop           tard pour la r\u00e9habiliter. Les prochaines \u00e9lections nous offrent une           r\u00e9elle opportunit\u00e9. Par del\u00e0 la volont\u00e9 des uns de garder le pouvoir           et les ambitions l\u00e9gitimes de l\u2019opposition \u00e0 participer \u00e0 la vie           politique et \u00e0 la gestion de la cit\u00e9, c\u2019est l\u2019avenir de la Tunisie qui           est en jeu . La seule chance de pr\u00e9server les acquis et de construire           la Tunisie de demain sur des bases d\u2019ouverture, de progr\u00e8s et de           prosp\u00e9rit\u00e9, consiste \u00e0 engager, au plus vite, un processus           d\u00e9mocratique et pluraliste fond\u00e9 sur l\u2019\u00e9tat de droit, la libert\u00e9 de           choix des citoyens, le respect de la volont\u00e9 populaire. Des \u00e9lections           libres et d\u00e9mocratiques en 2009 en constitueraient le premier jalon.<\/font><\/div>\n<div>          \u00a0<\/div>\n<div> <font size=\"2\"><strong><font>(Source: Le journal           \u00ab\u00a0Mouatinoun\u00a0\u00bb organe du FDTL (Hebdomadaire &#8211; Tunis) le 2 avil 2008)<\/font><\/strong><\/font><\/div>\n<div>\n<hr\/><\/div>\n<div align=\"center\"> <font size=\"2\"> <strong><\/p>\n<p><font>ELECTION 2009 : APRES LE DISCOURS DU 21           MARS           POUR NE PAS SE TROMPER DE BATAILLE (2)<\/font><\/p>\n<p><\/strong>\u00a0<\/font><\/div>\n<p> <font size=\"2\"> <\/p>\n<div align=\"justify\"> <font>Dr\u00a0 Khelil Ezzaouia           <\/font>\u00a0           Le pr\u00e9sident Ben Ali a annonc\u00e9 dans son discours du 21 Mars dernier           une nouvelle r\u00e9forme du scrutin pr\u00e9sidentiel. Il s\u2019agit de la 3\u00e8me\u00a0           depuis 1999. Cette nouvelle formule cens\u00e9e refl\u00e9ter une plus large           ouverture\u00a0 pour de nouvelles candidatures marque en fait un recul par           rapport \u00e0 celle de 2004. Puisque les partis, m\u00eame les partis de           l\u2019all\u00e9geance, n\u2019ont plus le droit de choisir librement leur candidat           parmi les membres de leurs directions. En fait, le pouvoir a choisi           les \u00e9ventuels candidats et a cousu un texte qui exclut tous les           autres. Ceci traduit, d\u2019une part, l\u2019\u00e9chec des anciens liftings et,           d\u2019autre part, les difficult\u00e9s \u00e0 trouver de nouveaux leurres de           d\u00e9mocratisation politique.           Le syst\u00e8me s\u2019est largement \u00e9puis\u00e9. D\u2019ailleurs l\u2019opinion publique n\u2019y a           accord\u00e9 aucune importance ; les r\u00e9sultats de l\u2019\u00e9lection pr\u00e9sidentielle           \u00e9tant connus d\u2019avance \u00e0 quelques particules pr\u00e8s.           Par contre, ce qui est le plus remarquable dans le discours du 21 Mars           est l\u2019annonce des difficult\u00e9s \u00e9conomiques futures. Il s\u2019agit d\u2019une           premi\u00e8re. On est loin de l\u2019excellence et on parle plut\u00f4t des d\u00e9fis \u00e0           interpr\u00e9ter comme crise et risque de d\u00e9flagration sociale comme l\u2019a           v\u00e9cu r\u00e9cemment \u00e0 petite \u00e9chelle la r\u00e9gion mini\u00e8re de Gafsa.           L\u2019opposition d\u00e9mocratique a r\u00e9agi vivement \u00e0 ces d\u00e9cisions avec une           concordance totale sur les tenants et les aboutissants de cette           nouvelle formule.           Cependant cela n\u2019est plus suffisant et la mouvance d\u00e9mocratique doit           s\u2019\u00e9lever au niveau des d\u00e9fis pos\u00e9s par la situation actuelle.           On peut r\u00e9sumer ces d\u00e9fis par deux objectifs \u00e0 savoir la cr\u00e9dibilit\u00e9           et l\u2019efficacit\u00e9, la premi\u00e8re \u00e9tant la condition n\u00e9cessaire pour la           r\u00e9ussite de la seconde.           Actuellement le pouvoir parait de plus en plus fragilis\u00e9 par un d\u00e9but           de crise \u00e9conomique et un \u00e9puisement de son mod\u00e8le social et de son           maquillage politique. Cependant les dissensions internes comme on l\u2019a           constat\u00e9 dans les ann\u00e9es 85 et 86 ne sont pas encore \u00e9vidents malgr\u00e9           les supputations.           Face \u00e0 cela la population est en position d\u2019attente et comme fig\u00e9e par           le verrouillage s\u00e9curitaire.           La responsabilit\u00e9 de l\u2019opposition est importante. Elle doit gagner en\u00a0           cr\u00e9dibilit\u00e9 par un programme de revendications claires et \u00e9chelonn\u00e9es           marquant, d\u2019une part, la rupture avec le syst\u00e8me actuel et d\u2019autre           part lui permettant de se positionner comme une alternative de           gouvernance le moment venu. Le peuple doit percevoir que cette           opposition repr\u00e9sente le seul espoir du pays. De m\u00eame elle doit           convaincre l\u2019ensemble des acteurs \u00e9conomiques et institutionnels           qu\u2019elle est apte \u00e0 prendre la rel\u00e8ve dans la douceur et en pr\u00e9servant           la p\u00e9rennit\u00e9 de l\u2019\u00e9tat en le r\u00e9formant dans le bon sens.           En termes clairs, il faut qu\u2019elle assure et rassure, qu\u2019elle pratique           la rupture sans la cassure, qu\u2019elle reste intransigeante sur les           principes et souple sur la forme. Il ne s\u2019agit plus de p\u00e9rorer des           discours pseudo radicaux et de revendiquer des mesures personnalis\u00e9es           qui ne changeront pas un temps soit peu la situation politique. Les           \u00e9lections libres et d\u00e9mocratiques ne sont pas li\u00e9es \u00e0 la seule libert\u00e9           de candidature pour une personne ou une autre. La participation \u00e0 des           \u00e9lections, quelles qu\u2019en soient les conditions, est plut\u00f4t tributaire           de l\u2019opportunit\u00e9 d\u2019y participer que des conditions dans lesquelles           elles se d\u00e9roulent.           Ce d\u00e9bat doit \u00eatre men\u00e9 sereinement et dans l\u2019union afin de cr\u00e9er le           v\u00e9ritable p\u00f4le alternatif d\u00e9mocratique tout en gardant la diversit\u00e9 de           chacun. Cette diversit\u00e9 garante du d\u00e9bat d\u00e9mocratique doit verser           obligatoirement dans le cadre du travail collectif.            Actuellement, l\u2019\u00e9ch\u00e9ance \u00e9lectorale n\u00e9cessite la mise en place d\u2019un           rassemblement pour des \u00e9lections d\u00e9mocratiques avec certes la           participation des partis politiques concern\u00e9s mais aussi et surtout de           l\u2019ensemble de la soci\u00e9t\u00e9 civile qui est le v\u00e9ritable bouclier de la           mouvance d\u00e9mocratique et qui peut jouer le r\u00f4le de ciment unificateur.           Les rencontres entre les partis Ettajdid, PDP et FDTL est un bon d\u00e9but           mais il doit rapidement d\u00e9passer les clivages partisans et impliquer           les autres partis et la soci\u00e9t\u00e9 civile dans un processus de d\u00e9bat et           surtout d\u2019actions concr\u00e8tes visant \u00e0 mettre en place et \u00e0 structurer           ce rassemblement.           La cr\u00e9dibilit\u00e9 de la mouvance d\u00e9mocratique est dans sa clart\u00e9 et son           union. Il ne s\u2019agit pas de faire des actions communes ponctuelles mais           surtout d\u2019\u00e9tablir un programme commun et d\u2019organiser un d\u00e9bat           structur\u00e9 dans toutes les r\u00e9gions et \u00e0 l\u2019\u00e9chelle nationale dont la           finalit\u00e9 est la r\u00e9ponse commune et claire \u00e0 l\u2019\u00e9ch\u00e9ance \u00e9lectorale tant           sur le plan politique qu\u2019organisationnel.           La participation ou non \u00e0 l\u2019une ou aux deux \u00e9lections et sous quelle           forme viendra d\u2019une d\u00e9marche commune et en fonction de l\u2019\u00e9volution du           rapport de force et de la situation politique qui pr\u00e9vaudra d\u00e9but           2009.         <\/div>\n<div>          \u00a0<\/div>\n<div> <font size=\"2\"><strong><font>(Source: Le journal           \u00ab\u00a0Mouatinoun\u00a0\u00bb organe du FDTL (Hebdomadaire &#8211; Tunis) le 2 avil 2008)<\/font><\/strong><\/font><\/div>\n<div> <font size=\"2\"><\/p>\n<hr\/>\n<p><\/font> <\/div>\n<div>          \u00a0<\/div>\n<div align=\"center\"> <font size=\"2\"><\/p>\n<h2 style=\"color: red;\"><font><strong> <font size=\"3\">Syndicat ou\/et Caisse\u2026 Le pataqu\u00e8s journalistique<\/font> \u00a0<\/strong><\/font><\/h2>\n<p><\/font><\/div>\n<div align=\"justify\"> <font size=\"2\"><font><font>\u00a0Il est           \u00e9trange qu\u2019on s\u2019\u00e9vertue \u00e0 m\u00ealer \u00ab les journalistes respectables \u00bb \u00e0           des \u00ab combines aussi mis\u00e9rables \u00bb que celle qui se trame entre le SNJ           et la caisse d\u2019entraide des Journalistes\u2026            C\u2019est ce que j\u2019ai pu lire dans un courrier de Tunisnews sous la           signature d\u2019un certain \u00ab patriote 2005 \u00bb\u2026 J\u2019aurai pu croire en un           poisson pourri n\u2019eut \u00e9t\u00e9 la date du 02 avril car ce concitoyen \u2013           probablement journaliste &#8211; qui ram\u00e8ne \u00e0 lui la couverture du           patriotisme (que je lui laisse volontiers) ne croit pas le moins du           monde qu\u2019il porte atteinte \u00e0 ses coll\u00e8gues (ou \u00e0 ses concitoyens)\u2026           Pour la gouverne de notre patriote honorable et non moins poltron\u00a0 &#8211;           puisqu\u2019il cache sa vraie identit\u00e9 dans des questions qui ne paient pas           de mine et ne fouettent pas les chats \u2013 je n\u2019ai jamais tremp\u00e9 dans des           magouilles mis\u00e9rables. Je n\u2019ai jamais \u00e9t\u00e9 une bonne poire, ni sucr\u00e9           les fraises, ni m\u00eame jet\u00e9 les peaux de bananes\u2026 Je ne l\u2019ai pas fait           hier quand j\u2019avais l\u2019avenir devant moi, pour le faire aujourd\u2019hui           quand je vois les grenouilles du b\u00e9nitier (de l\u2019AJT comme du SNJT) se           faire des virginit\u00e9s de militants de l\u2019Internet et \u00e0 bas prix, Pardi           !\u2026            J\u2019ai la ferme conviction \u00e0 la lecture de la conclusion du papier que           notre patriote n\u2019a pas d\u2019oreille ou a le tympan perc\u00e9 et qu\u2019il lui           manque s\u00fbrement le sens de l\u2019humour\u2026 Car s\u2019il avait bien entendu,           \u00e9cout\u00e9, bien ouvert ses esgourdes et distill\u00e9 les sons \u00e9mis \u00e0 la           lecture de la lettre du huissier notaire en sachant que Zied el-Hani           me filmait avec son portable \u2013 comme il lavait fait avec le coll\u00e8gue           Mongi Khadhraoui et l\u2019a diffus\u00e9 contre son gr\u00e8s \u2013 il se serait dit           qu\u2019il y avait l\u00e0 anguille sous roche.            Honn\u00eatement et sinc\u00e8rement, je ne savais pas que Zied allait diffuser           ce machin. Qu\u2019au juste, il allait le garder en souvenir\u2026 Il l\u2019a fait,           tant pis pour lui\u2026 Il n\u2019aurait pas du. La moindre des politesses c\u2019eut           \u00e9t\u00e9 de m\u2019en informer\u2026 Il ne l\u2019a pas fait\u2026 Bof ! Personnellement j\u2019ai           des photos de la sc\u00e8ne\u2026 mais je me refuse de les publier ou de les           adresser \u00e0 quiconque\u2026\u00a0 Pourquoi ?\u00a0 Parce que :           1-\u00a0\u00a0\u00a0\u00a0 Je trouve que cette gu\u00e9guerre entre Zied el-Hani et les autres           membres du bureau ex\u00e9cutif du Syndicat n\u2019est dans l\u2019int\u00e9r\u00eat de           personne, \u00e0 fortiori pas dans celle de cette nouvelle institution           qu\u2019est notre Syndicat que mille fauves attendent au tournant et dans           les lignes droites.           2-\u00a0\u00a0\u00a0\u00a0 L\u2019incapacit\u00e9 des membres du Bureau du Syndicat \u00e0 respecter le           minoritaire Zied El-Hani me fait voir une bonne dose de \u00ab domination \u00bb           si ce n\u2019est d\u2019arrogance du vainqueur\u2026 Une autre politique que la           n\u00e9gation puis la confrontation aurait \u00e9t\u00e9 la bienvenue.           3-\u00a0\u00a0\u00a0\u00a0 Dire que La caisse est ind\u00e9pendante du SNJT comme le fait Zied           et ceux qui sont au bureau avec lui (Tous avaient perdus ou s\u2019\u00e9taient           retir\u00e9s de la course lors des derni\u00e8res \u00e9lections sauf justement           Zied), c\u2019est se fourvoyer\u2026 Passant les aspects juridiques dont je ne           tiens nullement les bouts ni les milieux, il est immoral de tenir un           tel discours \u00e0 moins d\u2019avoir \u00ab des diables dans ses poches \u00bb\u2026           4-\u00a0\u00a0\u00a0\u00a0 La caisse est une institution qui d\u00e9pend \u00ab moralement \u00bb du           Syndicat\u2026 Si ce dernier avait h\u00e9rit\u00e9 l\u2019AJT, il est obligatoire qu\u2019il           h\u00e9rite AUSSI la caisse dont les membres du bureau n\u2019ont \u00e9t\u00e9 ni \u00e9lus ni           coopt\u00e9s, mais d\u00e9sign\u00e9s par les membres du bureau de l\u2019AJT\u2026 L\u2019AJT           dissoute, son bureau\u00a0 pfuuut, ceux de la caisse doivent respecter la           r\u00e8gle du jeu et se soumettre au suffrage des journalistes le plut\u00f4t           possible. Et que le meilleur gagne\u2026 C\u2019est la r\u00e8gle de la d\u00e9mocratie et           non celle des faits accomplis.           Donc, que \u00ab notre \u00bb patriote se m\u00e9lange les pattes et donne des           le\u00e7ons, c\u2019est malvenu en cette \u00e9poque de chasse aux sorci\u00e8res men\u00e9e           par les journalistes eux-m\u00eames\u2026 Tu es avec la caisse ou avec le           Bureau\u2026            Pur\u00e9e\u2026\u00a0 Je ne suis ni avec l\u2019un, ni avec l\u2019autre\u2026 Je n\u2019attends rien           dans la caisse ni pour une circoncision,\u00a0 ni pour l\u2019achat d\u2019une           voiture ou celle du mouton de l\u2019aid\u2026 Tout ceci ne m\u00e9rite pas une           messe\u2026            Le Syndicat ? Je suis pour \u00e0 1000%. Un r\u00eave qui se r\u00e9alise. Et ce           n\u2019est pas aujourd\u2019hui qu\u2019il faille le laisser aux loups\u2026 Qu\u2019il soit           tenu aujourd\u2019hui par \u00ab des t\u00eates br\u00fbl\u00e9s \u00bb, ceci ne veut pas dire           qu\u2019ils ne d\u00e9fendent pas le m\u00e9tier comme ceux de l\u2019AJT l\u2019ont d\u00e9fendu et           ont prouv\u00e9 \u00e0 mille occasions qu\u2019ils le d\u00e9fendent\u2026            Seul le m\u00e9tier de JOURNALISTE et le respect de son \u00e9thique nous           rassemblent. Et dans notre pays, notre m\u00e9tier \u00e0 besoin qu\u2019on le sauve\u2026           Il y va aussi de la d\u00e9mocratie\u2026           Alors ! Syndicat ou Caisse\u2026 Je me balance de ce pataqu\u00e8s\u2026 Le m\u00e9tier           avant tout. Et c\u2019est l\u00e0 qu\u2019intervient le son railleur de ma voix dans           l\u2019enregistrement\u2026            Pig\u00e9 Mr le Patriote\u00a0 de 2005?           \u00a0           <\/font><strong>Kh\u00e9mais Khayati           Journaliste free lance <\/strong> <\/font><\/font><\/div>\n<div align=\"justify\"> <strong><\/p>\n<hr\/>\n<p><\/strong> <\/div>\n<div align=\"justify\">\n<div align=\"center\">\n<h2 style=\"color: red;\"><font size=\"3\"><strong>La Tunisie forme et les             entreprises canadiennes puisent !<\/strong><\/font><\/h2>\n<\/p><\/div>\n<p>04\/04\/2008 11:47            <font>La p\u00e9nurie de main-d\u2019\u0153uvre sp\u00e9cialis\u00e9e au Qu\u00e9bec           a r\u00e9cemment pouss\u00e9 la compagnie qu\u00e9b\u00e9coise DMR, int\u00e9grateur-conseil en           affaires, \u00e0 tenter une mission \u00e0 Tunis afin de d\u00e9nicher des           travailleurs qualifi\u00e9s. La mission aura \u00e9t\u00e9 un franc succ\u00e8s, selon les           propos de responsables de la soci\u00e9t\u00e9, rapport\u00e9s par le journal M\u00e9dia           Matin Qu\u00e9bec.            Le journaliste Ta\u00efeb Moalla (Tunisien d\u2019origine et de c\u0153ur) rapporte           que la d\u00e9l\u00e9gation n\u2019a m\u00eame pas eu \u00e0 publier des offres d\u2019emploi. Il           lui a suffi d\u2019envoyer un mail \u00e0 des contacts locaux et \u00ab le t\u00e9l\u00e9phone           arabe a fonctionn\u00e9 \u00bb. Ils ont ainsi re\u00e7u plus de 300 CV de candidats           d\u00e9sireux de rejoindre la compagnie et de s\u2019installer au Qu\u00e9bec. \u00abC\u2019est           un franc succ\u00e8s, s\u2019enthousiasme Caroline Porlier, responsable du           recrutement. L\u2019id\u00e9e de d\u00e9part \u00e9tait de revenir avec des gens, pas           juste avec des CV. \u00c0 cinq embauches, je jugeais que notre voyage \u00e9tait           rentable. Imaginez-vous \u00e0 11! En plus, nous continuons \u00e0 recevoir des           CV.\u00bb, \u00e9crit notre confr\u00e8re.           Les comp\u00e9tences d\u00e9bauch\u00e9es sont des programmeurs, des analystes, des           sp\u00e9cialistes d\u2019architectures des syst\u00e8mes et des conseillers en           gestion.            Il ne manque pas d\u2019attirer l\u2019attention sur l\u2019\u00e9pineux point de vider le           pays de ses comp\u00e9tences. Il s\u2019interroge (\u00e0 raison) s\u2019il n\u2019y a pas un           probl\u00e8me \u00e9thique \u00e0 vider ainsi un pays en voie de d\u00e9veloppement de ses           \u00e9l\u00e9ments les plus brillants?            Faut-il rappeler que le contribuable a pay\u00e9 des centaines de milliers           de dinars pour la formation de ces ing\u00e9nieurs tout au long du cursus ?           Faut-il rappeler que les entreprises ayant embauch\u00e9 ces comp\u00e9tences           les ont aussi form\u00e9es et a pari\u00e9 sur eux ?            A cette question, on lui r\u00e9pond que \u00ab les autorit\u00e9s tunisiennes           auraient donn\u00e9 l\u2019impression qu\u2019elles sont contentes que les gens           partent. Elles esp\u00e8rent juste leur retour \u00e0 un moment donn\u00e9.\u00bb            R\u00e9ponse manquant fortement de pr\u00e9cision d\u2019autant plus que ce ne sont           pas les autorit\u00e9s qu\u2019il fallait interroger, mais les entreprises qui           se plaignent justement du manque de comp\u00e9tences, notamment dans les           domaines pointus. Le taux de ch\u00f4mage, justifie M. Moalla, atteint des           sommets, et le d\u00e9part de travailleurs \u00e0 l\u2019\u00e9tranger permet           vraisemblablement de faire baisser la forte pression sur le march\u00e9 de           l\u2019emploi. Est-ce vrai dans toutes les branches ? On doute fort !            La d\u00e9l\u00e9gation semble en tout cas avoir r\u00e9ussi sa mission et a entam\u00e9           les proc\u00e9dures et la question des papiers sera r\u00e9gl\u00e9e en un mois,           pr\u00e9voit-on. Elle aurait m\u00eame re\u00e7u l\u2019assurance de l\u2019ambassade du Canada           en Tunisie pour acc\u00e9l\u00e9rer le processus. \u00ab Apr\u00e8s \u00e7a, les candidats           s\u00e9lectionn\u00e9s devront donner des pr\u00e9avis \u00e0 leurs employeurs actuels           pour leur faire savoir qu\u2019ils quittent leur emploi. \u00bb C\u00f4t\u00e9 salaires,           le sujet a \u00e9t\u00e9 \u00e9voqu\u00e9, mais il semble que nos candidats (manquant           drastiquement d\u2019exp\u00e9rience \u00e0 ce sujet) n\u2019auraient pas n\u00e9goci\u00e9           fermement leur r\u00e9mun\u00e9ration ! Probable qu\u2019ils soient fortement           persuad\u00e9s qu\u2019ils vont rejoindre un eldorado pav\u00e9 d\u2019or ! <\/font> <\/p>\n<\/div>\n<div align=\"justify\"> <strong>(Source: BusinessNews le 4 avril 2008)<\/strong><\/div>\n<div align=\"justify\"> <font>Lien:          <a href=\"http:\/\/www.businessnews.com.tn\/home\/view_article_Business?=&amp;a=952608\" target=\"_blank\" rel=\"noopener\">          http:\/\/www.businessnews.com.tn\/home\/view_article_Business?=&amp;a=952608<\/a><\/font><\/div>\n<p> <\/font> <\/p>\n<div>\n<hr\/><\/div>\n<div align=\"center\"> <strong><\/p>\n<h2 style=\"color: red;\"><font><font size=\"2\"><font>          Pour la troisi\u00e8me fois en quelques ann\u00e9es :<\/font> <\/font><font size=\"3\">Des mosqu\u00e9es profan\u00e9es \u00e0 Djerba<\/font><\/font><\/h2>\n<p><\/strong><\/div>\n<p> <font size=\"2\"> <\/p>\n<div align=\"justify\">                     \u00a0           \u00a0 Une sortie de contr\u00f4le habituelle de l&rsquo;Association de Sauvegarde de           l&rsquo;\u00cele ce 17 mars. Une op\u00e9ration ordinaire pour faire un \u00e9tat des           lieux, relever les \u00e9ventuels d\u00e9potoirs clandestins, constater les           atteintes au patrimoine environnemental, architectural, ou historique.           Et l\u00e0 l&rsquo;\u00e9quipe d\u00e9couvre l&rsquo;horreur, par le plus grand des hasards : des           profanations monstrueuses des mosqu\u00e9es Sidi Daoud et M&rsquo;Rabet Abi           Kacem.           \u00a0           \u00a0 Ils apprendront que Jamaa El Hara \u00e0 Oursyghen a subi le m\u00eame sort.           C&rsquo;est la troisi\u00e8me fois en quelques ann\u00e9es !!! Une mal\u00e9diction sur ces           lieux ou des op\u00e9rations \u00ab commandos \u00bb cycliques, o\u00f9 on cible chaque           fois une partie de l&rsquo;\u00eele pour y effectuer des fouilles de cette           nature, dans les salles de pri\u00e8res, sous les catafalques ??           \u00a0           \u00a0 Deux des mosqu\u00e9es profan\u00e9es se\u00a0 trouvent \u00e0 7 kilom\u00e8tres au sud de           Houmt-Souk, vers Midoun, grand axe routier. Elles sont presque           visibles de la route. Prendre \u00e0 gauche la piste qui est juste \u00e0 c\u00f4t\u00e9           de l&rsquo;huilerie. De suite, \u00e0 travers les troncs tortur\u00e9s des vieux           oliviers appara\u00eet d&rsquo;abord La Mosqu\u00e9e M &lsquo;rabet Abi Kacem. Elle a \u00e9t\u00e9           tr\u00e8s bien restaur\u00e9e en 96\u00a0 par l&rsquo;ASSIDJE et l&rsquo;INP. .Deux petits cubes,           ind\u00e9pendants, surmont\u00e9s chacun d&rsquo;une magnifique coupole ovo\u00efde, une           chambrette ext\u00e9rieure, vo\u00fbtes aplaties et arcades, servait de lieu de           r\u00e9union, d&rsquo;\u00e9tudes et de pri\u00e8re les beaux jours. Le tout entour\u00e9 d&rsquo;un           muret en serpent. Rien de carr\u00e9, ni de tranchant. Tout est harmonie,           pl\u00e9nitude, s\u00e9r\u00e9nit\u00e9, en ce printemps. Un lieu qui appelle de suite \u00e0           la contemplation et la m\u00e9ditation. L&rsquo;une des rares avec catafalque en           parfaite conservation, couvrant la tombe, et qu&rsquo;on vient visiter dans           cette r\u00e9gion ibadhite. Plus Zaouia et lieu de pri\u00e8re que Mosqu\u00e9e \u00e0           proprement parler, pos\u00e9e au bord d&rsquo;une piste menant vers Mazraya.           C&rsquo;est l\u00e0 que les vandales ont choisi de creuser.           \u00a0           \u00a0\u00a0\u00a0 Trois excavations profondes\u00a0 \u00e0 l&rsquo;int\u00e9rieur de cette petite           mosqu\u00e9e, qui n\u00e9cessitent du temps pour les faire, du mat\u00e9riel, une           surveillance ext\u00e9rieure certainement. Par hasard ou par calcul, la           position des trous faits est bizarre : aussi bien \u00e0 l&rsquo;ext\u00e9rieur de la           construction, vers le mur d&rsquo;enceinte, qu&rsquo;\u00e0 l&rsquo;int\u00e9rieur m\u00eame.\u00a0 L&rsquo;un           pratiquement dans le Mihrab ( !!) et l&rsquo;autre \u00e0 un angle pr\u00e9cis par           rapport au premier, dans la salle des pri\u00e8res,\u00a0 pratiquement \u00e0 droite           de la porte d&rsquo;entr\u00e9e, juste dans le recoin. Des fouilleurs encore \u00e0 la           recherche de tr\u00e9sors ou des apprentis sorciers, en manque de mati\u00e8re           premi\u00e8re pour de magie noire, puisque le catafalque a \u00e9t\u00e9 retourn\u00e9,           d\u00e9plac\u00e9, et la tombe suppos\u00e9e \u00eatre celle du fondateur de cette           mosqu\u00e9e, M&rsquo;rabet Abi Kacem, a \u00e9t\u00e9 profan\u00e9e, tr\u00e8s s\u00e9rieusement           endommag\u00e9e et tr\u00e8s m\u00e9ticuleusement \u00ab fouill\u00e9e \u00bb !!!           \u00a0           \u00a0 A quelques centaines de m\u00e8tres de l\u00e0, bien visible si on prend la           peine de se baisser et de regarder \u00e0 travers les oliviers,\u00a0\u00a0 la           Mosqu\u00e9e Beni Daoud. Une autre structure architecturale, un autre           espace, un autre symbole. Programm\u00e9e pour \u00eatre restaur\u00e9e par           l&rsquo;Association de Sauvegarde et l&rsquo;INP\u00a0 l&rsquo;ann\u00e9e prochaine. Les devis           sont faits et les financements pratiquement pr\u00eats.           \u00a0           \u00a0 Elle est\u00a0 connue dans le coin sous l&rsquo;appellation Mihrab Louata,\u00a0 du           nom d&rsquo;une vieille tribu\u00a0 tr\u00e8s cit\u00e9e dans l&rsquo;histoire de Djerba, c&rsquo;est           dire son importance historique. Ancienne M\u00e9derssa, c&rsquo;\u00e9tait l&rsquo;endroit           o\u00f9 le Cheikh Salem Ben Yagoub, l&rsquo;un des derniers \u00e9rudits ibadhites de           l&rsquo;\u00eele dispensait son savoir. Avec l&rsquo;exode vers les villes,\u00a0 l&rsquo;abandon           des menzels environnants, il continuait d&rsquo;y venir, avec son compagnon           et ami le Cheikh Gacem Gouja, pour des veill\u00e9es \u00e9ducatives, jusqu&rsquo;\u00e0 la           fin des ann\u00e9es soixante-dix.           \u00a0           \u00a0 L&rsquo;\u00e9tat d&rsquo;abandon de cette petite merveille vieille de plus de 900           ans est r\u00e9voltant. Actuellement la salle des pri\u00e8res, une des plus           belles, avec des textes grav\u00e9s au plafond\u00a0 sur l&rsquo;enduit des vo\u00fbtes,\u00a0           est transform\u00e9e en bergerie, eh oui ( !!),\u00a0 o\u00f9 s&rsquo;accumulent des           d\u00e9chets et de crottes de ch\u00e8vres sur plus de 30 cms d&rsquo;\u00e9paisseur !!!           Des strates. Une puanteur&#8230;..Bizarre cet \u00e9tat de fait, alors que des           habitations sont \u00e0 quelques dizaines de m\u00e8tres, que pas tr\u00e8s loin, il           y a des demeures hupp\u00e9es de notables. Impossible de ne pas remarquer           la litt\u00e9rature obsc\u00e8ne qui polluent\u00a0 les murs.           \u00a0           \u00a0 La troisi\u00e8me Mosqu\u00e9e visit\u00e9e est Jamaa El Hara, entre C\u00e9douikech et           El Kantara, \u00e0 Oursyghen\u00a0 exactement. Compl\u00e8tement isol\u00e9, et           pratiquement en ruine, ce site a \u00e9t\u00e9, lui aussi, restaur\u00e9\u00a0 et remis en           \u00e9tat il n&rsquo;y a pas si longtemps encore, par l&rsquo;INP, pour son importance           historique, comme lieu d&rsquo;\u00e9ducation scientifique, th\u00e9ologique, et           jouant son r\u00f4le de poste militaire dans une r\u00e9gion strat\u00e9gique o\u00f9           eurent lieu beaucoup de combats. C&rsquo;est peut-\u00eatre pour cela, que lui           aussi n&rsquo;a pas \u00e9chapp\u00e9 aux profanateurs. La m\u00eame technique op\u00e9ratoire :           creuser \u00e0 l&rsquo;int\u00e9rieur de la salle des pri\u00e8res, \u00e0 des endroits pr\u00e9cis,           sous l&rsquo;une des colonnes, comme si les vandales suivaient des           indications fournies par une carte. Des excavations vertigineuses,           preuve que ces individus \u00e9taient trop bien outill\u00e9s, et avaient tout           leur temps. Ils ont m\u00eame laiss\u00e9 dans les trous des pelles et une           b\u00eache&#8230;..           \u00a0           \u00a0           <font><strong>Passivit\u00e9 complice<\/strong><\/font>           \u00a0           \u00a0 Depuis, les autorit\u00e9s locales ont mur\u00e9 les portes de toutes ces           mosqu\u00e9es profan\u00e9es. Dans quel but ? Emp\u00eacher les vandales de revenir ?           Ce ne sont pas quelques briques pos\u00e9es \u00e0 la h\u00e2te qui vont les arr\u00eater,           mais ils iront ailleurs, ces endroits visit\u00e9s et fouill\u00e9s ne les           int\u00e9ressent plus, pour le moment.\u00a0\u00a0 Soustraire le spectacle des           d\u00e9pr\u00e9dations \u00e0 la vue du citoyen ?? Murer pour ne pas laisser           photographier les saccages et les faire conna\u00eetre ?? Mais que faire           alors des centaines d&rsquo;odieux graffitis qui s&rsquo;\u00e9talent sur les murs de           ces monuments \u00e0 l&rsquo;abandon ??           \u00a0           \u00a0 En quelques ann\u00e9es, Djerba devint la cible privil\u00e9gi\u00e9e de ces bandes           organis\u00e9es. Est-ce les innombrables zaouia,\u00a0 l&rsquo;infinit\u00e9 des mosqu\u00e9es,           des lieux de pri\u00e8re, des m\u00e9derssa, l&rsquo;histoire charg\u00e9e de l&rsquo;\u00eele avec           tous les envahisseurs qui y ont pris pied, sa position strat\u00e9gique           dans ce coin de la M\u00e9diterran\u00e9e qui en fit une halte incontournable,           ses rapports avec la flibuste espagnole et ottomane, qui ont fait           na\u00eetre cette croyance que ce bout de terre est truff\u00e9 de tr\u00e9sors ??\u00a0           Il est vrai qu&rsquo;il y a l\u00e0 des tombes ph\u00e9niciennes, carthaginoises,           romaines, byzantines, espagnoles, turques, pour ne citer que           celles-l\u00e0, diss\u00e9min\u00e9es partout, des dizaines de souterrains, des           citernes enterr\u00e9es, oubli\u00e9es. Y-a-t-il\u00a0 meilleure place pour enfouir           ces suppos\u00e9s tr\u00e9sors que ces lieux sens\u00e9s \u00eatre les plus s\u00fbrs, parce           que sacr\u00e9s ??           \u00a0           \u00a0\u00a0 Ailleurs aussi. L&rsquo;ann\u00e9e derni\u00e8re, dans un lieu dit Sayada, \u00e0 50 kms           au sud de Sfax, toutes les oliveraies dans un rayon de cinq kilom\u00e8tres           ont \u00e9t\u00e9 le th\u00e9\u00e2tre de fouilles sauvages. L\u00e0 o\u00f9 le terrain s&rsquo;\u00e9levait un           peu et laissait appara\u00eetre des pierres calcaires, on trouvait           in\u00e9vitablement\u00a0 un trou, parfaitement cylindrique, parfaitement           nettoy\u00e9, pratiquement au pinceau d&rsquo;arch\u00e9ologue&#8230;..           \u00a0           \u00a0 A voir toutes les publicit\u00e9s fleurir sur des feuilles de chou, qui           vantent les capacit\u00e9s de tel \u00ab gu\u00e9risseur \u00bb, de tel devin, tel voyant,           photo et qualificatif de \u00ab professeur \u00bb ou\/et \u00ab haj \u00bb \u00e0 l&rsquo;appui,           capables de faire des miracles, membre de telle n\u00e9buleuse           parapsychologique maghr\u00e9bine ou arabe, pouvant consulter par           t\u00e9l\u00e9phone, mail et m\u00eame SMS, on comprend qu&rsquo;une certaine opinion tombe           sous le charme de ces charlatans et que l&rsquo;id\u00e9e \u00ab de trouver des           tr\u00e9sors \u00bb germe dans beaucoup d&rsquo;esprits. Le risque de voir des jeunes           embarqu\u00e9s vers des id\u00e9ologies obscurantistes \u00e0 travers ces croyances           et ces fa\u00e7ons de faire n&rsquo;est pas \u00e0 n\u00e9gliger. L\u00e0 aussi, il est           n\u00e9cessaire de donner un coup de balai s\u00e9rieux dans tout cela et           appliquer la loi.           \u00a0           \u00a0\u00a0 Comment expliquer, en effet, que par les temps qui courent, quand           on conna\u00eet la r\u00e9gion que des bandes circulent ainsi, de nuit et de           jour, bien outill\u00e9es, ayant le temps pour creuser des\u00a0 excavations de           cette ampleur \u00e0 quelques centaines de m\u00e8tres de cette autoroute menant           \u00e0 Midoun, sans attirer l&rsquo;attention ??           \u00a0           <font>Un reportage de Fatah Thabet<\/font>           \u00a0           <font><strong>(Source : \u00ab Le Temps \u00bb (Quotidien \u2013           Tunis), le 4 avril 2008)        <\/strong><\/font><\/div>\n<div align=\"justify\">\n<hr\/><\/div>\n<div align=\"justify\">\n<h2 style=\"color: red;\"><font>RADIO 6 TUNIS, LA PREMIERE RADIO LIBRE EN           TUNISIE<\/font><\/h2>\n<p>\u00a0           <font>\u00a0www.radio6tunis.net            <\/font>\u00a0           PROGRAMME DE LA SEMAINE           \u00a0           \u00a0\u00a0<font> &#8211;\u00a0 Bourguiba           \u00a0\u00a0 &#8211;\u00a0 D\u00e9bat: Enseignement et perspectives           \u00a0\u00a0 &#8211;\u00a0 Les Infos de la libert\u00e9 ( arabe )           \u00a0\u00a0 &#8211;\u00a0 Le Rapport de la Tunisie devant le comit\u00e9 des droits de l&rsquo;homme           des Nations Unis.           \u00a0\u00a0 &#8211;\u00a0 Les infos de la libert\u00e9 ( fran\u00e7ais)           <\/font>\u00a0           \u00a0\u00a0 &#8211; Musique douce orientale et occidentale           \u00a0           Bonne \u00e9coute avec radio6tunis.net           L&rsquo;\u00e9quipe d&rsquo;animation        <\/div>\n<p> <\/font> <\/p>\n<div>\n<hr\/><\/div>\n<p> <\/span> <\/div>\n<div align=\"center\"> <strong><font> <\/font><\/p>\n<h2 style=\"color: red;\"><font size=\"3\">Turquie &#8211; L&rsquo;ex-Premier ministre         Erbakan assign\u00e9 \u00e0 r\u00e9sidence<\/font><\/h2>\n<p><\/strong><\/div>\n<div>        Reuters, le 3 avril 2008 \u00e0 23h15<\/div>\n<div>        ANKARA, 3 avril (Reuters) &#8211; La Cour d&rsquo;appel turque a ordonn\u00e9 jeudi         l&rsquo;assignation \u00e0 r\u00e9sidence de l&rsquo;ancien Premier ministre Necmettin         Erbakan, six ans apr\u00e8s sa condamnation pour fraude dans une affaire de         financement de partis politiques, rapporte la cha\u00eene de t\u00e9l\u00e9vision CNN         Turk.         Erbakan, dont le Parti de la prosp\u00e9rit\u00e9 aujourd&rsquo;hui dissoud, \u00e0 donn\u00e9         naissance apr\u00e8s une scission \u00e0 l&rsquo;AKP de l&rsquo;actuel premier ministre Recep         Tayyip Erdogan, a \u00e9t\u00e9 condamn\u00e9 \u00e0 onze mois d&rsquo;assignation \u00e0 r\u00e9sidence,         mais sa peine a plusieurs fois \u00e9t\u00e9 repouss\u00e9e pour raisons de sant\u00e9.         Cette arrestation intervient alors que la Cour constitutionnelle turque         s&rsquo;est d\u00e9clar\u00e9e comp\u00e9tente pour examiner une demande de dissolution de         l&rsquo;AKP, accus\u00e9 par le procureur de\u00a0 la Cour d&rsquo;appel d&rsquo;activit\u00e9s         antila\u00efques. Le Parti de la prosp\u00e9rit\u00e9 a \u00e9t\u00e9 dissous il y a dix ans par         la Cour constitutionnelle, selon laquelle la formation cherchait         \u00e0 instaurer un Etat islamique.         \u00a0         <font><strong>REUTERS      <\/strong><\/font><\/div>\n<div>\n<hr\/><\/div>\n<div align=\"center\"> <strong><\/p>\n<h3 style=\"color: blue;\"><font size=\"3\">Des commandos allemands inculp\u00e9s         pour aide \u00e0 la s\u00e9curit\u00e9 libyenne<\/font><\/h3>\n<p><\/strong><\/div>\n<div align=\"justify\">        AFP, le 4 avril 2008 \u00e0 10h09         BERLIN, 4 avr 2008 (AFP) &#8211; Les autorit\u00e9s allemandes ont annonc\u00e9 vendredi         mener une enqu\u00eate sur des policiers en activit\u00e9 et \u00e0 la retraite,         accus\u00e9s d&rsquo;avoir participer, sans autorisation gouvernementale, \u00e0         l&rsquo;entra\u00eenement des forces de s\u00e9curit\u00e9 en Libye.         \u00ab\u00a0Le comportement des policiers est tout \u00e0 fait inacceptable\u00a0\u00bb, a affirm\u00e9         le ministre de l&rsquo;Int\u00e9rieur de Rh\u00e9nanie du Nord-Wesphalie, Ingo Wolf dans         un communiqu\u00e9 diffus\u00e9 par son minist\u00e8re. Selon le quotidien S\u00fcddeutsche         Zeitung huit commandos appartenant aux unit\u00e9s d&rsquo;\u00e9lite de la police         allemande (SEK) ont d\u00e9j\u00e0 \u00e9t\u00e9 inculp\u00e9s pour atteinte aux secrets du         service dans le cadre de cette affaire.         L&rsquo;affaire remonte au d\u00e9but 2006 lorsque plusieurs membres du SEK, un         commando sp\u00e9cial d&rsquo;intervention, ainsi que des soldats allemands et des         membres des cellules anti-terroristes GSG 9, auraient particip\u00e9,         moyennant r\u00e9mun\u00e9rations et pendant leurs cong\u00e9s, \u00e0 la formation en Libye         des forces de s\u00e9curit\u00e9. Ils auraient \u00e9t\u00e9 recrut\u00e9s pour cette mission par         une soci\u00e9t\u00e9 priv\u00e9e allemande de s\u00e9curit\u00e9. Les huit inculp\u00e9s ont d\u00e9j\u00e0 \u00e9t\u00e9         mut\u00e9s dans d&rsquo;autres services, selon le journal. Le minist\u00e8re a indiqu\u00e9         avoir eu vent de l&rsquo;affaire d\u00e8s juin 2007.         \u00a0         <font><strong>AFP<\/strong><\/font>          \u00a0      <\/div>\n<hr\/>\n<div align=\"center\"> <strong><\/p>\n<h3 style=\"color: blue;\"><font size=\"3\">Le tourisme durable est essentiel         pour pr\u00e9server la M\u00e9diterran\u00e9e (ministres)<\/font><\/h3>\n<p><\/strong><\/div>\n<div>                 AFP, le 3 avril 2008 \u00e0 17h33<\/div>\n<div>        \u00a0FES (Maroc), 3 avr 2008 (AFP) &#8211; Les ministres du Tourisme de l&rsquo;Union         europ\u00e9enne et des pays du sud de la M\u00e9diterran\u00e9e r\u00e9unis jeudi au Maroc         ont mis l&rsquo;accent sur le d\u00e9veloppement du \u00ab\u00a0tourisme durable\u00a0\u00bb pour         prot\u00e9ger cette r\u00e9gion gravement menac\u00e9e par l&rsquo;essor de l&rsquo;industrie         touristique.         \u00ab\u00a0La M\u00e9diterran\u00e9e sera une des r\u00e9gions au monde les plus vuln\u00e9rables au         changement climatique. La conf\u00e9rence demande donc \u00e0 tous les acteurs,         notamment le secteur priv\u00e9, d&rsquo;en tenir compte en prenant des mesures et         des actions en faveur du tourisme durable\u00a0\u00bb, affirme la d\u00e9claration         adopt\u00e9e \u00e0 l&rsquo;issue de cette premi\u00e8re conf\u00e9rence euro-m\u00e9diterran\u00e9enne sur         le tourisme r\u00e9unie \u00e0 F\u00e8s (200 km \u00e0 l&rsquo;est de Rabat).         La r\u00e9solution, adopt\u00e9e \u00e0 l&rsquo;unanimit\u00e9, souligne aussi \u00ab\u00a0l&rsquo;importance de         pr\u00e9venir et de r\u00e9duire les impacts n\u00e9gatifs de l&rsquo;urbanisation que         repr\u00e9sentent les infrastructures touristiques, sp\u00e9cialement le long des         c\u00f4tes\u00a0\u00bb.         Selon le ministre marocain du Tourisme Mohamed Boussaid, le tourisme         euro-m\u00e9diterran\u00e9en repr\u00e9sente en terme d&rsquo;arriv\u00e9es un tiers du march\u00e9         mondial. \u00ab\u00a0C&rsquo;est un secteur qui conna\u00eet un dynamisme important puisque         selon une \u00e9tude r\u00e9cente de la Banque europ\u00e9enne de d\u00e9veloppement (BEI),         la r\u00e9gion a un taux de croissance annuel moyen de 12%, au moment m\u00eame ou         le march\u00e9 mondial du tourisme cro\u00eet seulement de 5 \u00e0 6% l&rsquo;an\u00a0\u00bb, a-t-il         dit.         \u00ab\u00a0Une condition centrale \u00e0 la croissance du tourisme est que la         pr\u00e9servation de l&rsquo;environnement soit au coeur des projets touristiques         afin que ce potentiel puisse r\u00e9ellement b\u00e9n\u00e9ficier aux pays partenaires         sur le long terme\u00a0\u00bb, a affirm\u00e9 de son c\u00f4t\u00e9 Philippe de Fontaine Vive,         vice-pr\u00e9sident de la Banque europ\u00e9enne d&rsquo;investissement (BEI). Joe Borg,         membre de la Commission europ\u00e9enne charg\u00e9 des affaires maritimes et de         la p\u00eache a cit\u00e9 \u00ab\u00a0la formation, le soutien technique et la restauration         de l&rsquo;h\u00e9ritage culturel\u00a0\u00bb parmi les actions de l&rsquo;UE au profit du tourisme         durable en M\u00e9diterran\u00e9e. Des repr\u00e9sentants des 27 pays de l&rsquo;Union         europ\u00e9enne, de neuf pays arabes et des Territoires palestiniens, de la         Turquie, d&rsquo;Isra\u00ebl et d&rsquo;Albanie ont assist\u00e9 \u00e0 cette conf\u00e9rence.         \u00a0         <font><strong>AFP<\/strong><\/font> <\/div>\n<\/p><\/div>\n<p> <\/font> <\/div>\n<p dir=\"ltr\">\u00a0<\/p>\n<p> <\/font> <\/span><\/font><\/div>\n<p align=\"center\" dir=\"ltr\"><b><a href=\"https:\/\/tunisnews.net\/ar\/\"><font face=\"Arial\"><span><font size=\"2\">Home<\/font><\/span><font size=\"2\"><span lang=\"FR-CH\"> &#8211; Accueil <\/span><span>&#8211; <\/span><\/font><\/font><span dir=\"rtl\" lang=\"AR-SA\"><font size=\"2\">\u0627\u0644\u0631\u0626\u064a\u0633\u064a\u0629<\/font><\/span><\/a><\/b><\/p>\n<p><\/body><\/body><\/html><\/p>","protected":false},"excerpt":{"rendered":"<p>Home &#8211; Accueil &#8211; \u00a0 \u00a0 TUNISNEWS \u00a08\u00a0\u00e8me\u00a0ann\u00e9e, N\u00b0 \u00a02872 du 04.04.2008 \u00a0archives : www.tunisnews.net \u00a0 Kalima:La Tunisie \u00e9pingl\u00e9e au Comit\u00e9 des Droits de l\u2019homme de l\u2019ONU Le Soir : N\u00e9jib Chebbi \u00ab Ben Ali veut d\u00e9signer lui-m\u00eame ses concurrents \u00e0 l\u2019\u00e9lection pr\u00e9sidentielle \u00bb Mustapha Benjafar: R\u00e9habiliter la Constitution ! Dr\u00a0 Khelil Ezzaouia: Election 2009 [&hellip;]<\/p>\n","protected":false},"author":1,"featured_media":22040,"comment_status":"open","ping_status":"open","sticky":false,"template":"","format":"standard","meta":{"inline_featured_image":false,"site-sidebar-layout":"default","site-content-layout":"","ast-site-content-layout":"default","site-content-style":"default","site-sidebar-style":"default","ast-global-header-display":"","ast-banner-title-visibility":"","ast-main-header-display":"","ast-hfb-above-header-display":"","ast-hfb-below-header-display":"","ast-hfb-mobile-header-display":"","site-post-title":"","ast-breadcrumbs-content":"","ast-featured-img":"","footer-sml-layout":"","ast-disable-related-posts":"","theme-transparent-header-meta":"","adv-header-id-meta":"","stick-header-meta":"","header-above-stick-meta":"","header-main-stick-meta":"","header-below-stick-meta":"","astra-migrate-meta-layouts":"default","ast-page-background-enabled":"default","ast-page-background-meta":{"desktop":{"background-color":"","background-image":"","background-repeat":"repeat","background-position":"center center","background-size":"auto","background-attachment":"scroll","background-type":"","background-media":"","overlay-type":"","overlay-color":"","overlay-opacity":"","overlay-gradient":""},"tablet":{"background-color":"","background-image":"","background-repeat":"repeat","background-position":"center center","background-size":"auto","background-attachment":"scroll","background-type":"","background-media":"","overlay-type":"","overlay-color":"","overlay-opacity":"","overlay-gradient":""},"mobile":{"background-color":"","background-image":"","background-repeat":"repeat","background-position":"center center","background-size":"auto","background-attachment":"scroll","background-type":"","background-media":"","overlay-type":"","overlay-color":"","overlay-opacity":"","overlay-gradient":""}},"ast-content-background-meta":{"desktop":{"background-color":"var(--ast-global-color-5)","background-image":"","background-repeat":"repeat","background-position":"center center","background-size":"auto","background-attachment":"scroll","background-type":"","background-media":"","overlay-type":"","overlay-color":"","overlay-opacity":"","overlay-gradient":""},"tablet":{"background-color":"var(--ast-global-color-5)","background-image":"","background-repeat":"repeat","background-position":"center center","background-size":"auto","background-attachment":"scroll","background-type":"","background-media":"","overlay-type":"","overlay-color":"","overlay-opacity":"","overlay-gradient":""},"mobile":{"background-color":"var(--ast-global-color-5)","background-image":"","background-repeat":"repeat","background-position":"center center","background-size":"auto","background-attachment":"scroll","background-type":"","background-media":"","overlay-type":"","overlay-color":"","overlay-opacity":"","overlay-gradient":""}},"footnotes":""},"categories":[],"tags":[56,39,29],"class_list":["post-15881","post","type-post","status-publish","format-standard","has-post-thumbnail","hentry","tag-56","tag-39","tag-fr"],"_links":{"self":[{"href":"https:\/\/tunisnews.net\/ar\/wp-json\/wp\/v2\/posts\/15881","targetHints":{"allow":["GET"]}}],"collection":[{"href":"https:\/\/tunisnews.net\/ar\/wp-json\/wp\/v2\/posts"}],"about":[{"href":"https:\/\/tunisnews.net\/ar\/wp-json\/wp\/v2\/types\/post"}],"author":[{"embeddable":true,"href":"https:\/\/tunisnews.net\/ar\/wp-json\/wp\/v2\/users\/1"}],"replies":[{"embeddable":true,"href":"https:\/\/tunisnews.net\/ar\/wp-json\/wp\/v2\/comments?post=15881"}],"version-history":[{"count":0,"href":"https:\/\/tunisnews.net\/ar\/wp-json\/wp\/v2\/posts\/15881\/revisions"}],"wp:featuredmedia":[{"embeddable":true,"href":"https:\/\/tunisnews.net\/ar\/wp-json\/wp\/v2\/media\/22040"}],"wp:attachment":[{"href":"https:\/\/tunisnews.net\/ar\/wp-json\/wp\/v2\/media?parent=15881"}],"wp:term":[{"taxonomy":"category","embeddable":true,"href":"https:\/\/tunisnews.net\/ar\/wp-json\/wp\/v2\/categories?post=15881"},{"taxonomy":"post_tag","embeddable":true,"href":"https:\/\/tunisnews.net\/ar\/wp-json\/wp\/v2\/tags?post=15881"}],"curies":[{"name":"wp","href":"https:\/\/api.w.org\/{rel}","templated":true}]}}