{"id":15818,"date":"2011-04-23T00:00:00","date_gmt":"2011-04-23T00:00:00","guid":{"rendered":"https:\/\/tunisnews.net\/23-avril-2011\/"},"modified":"2011-04-23T00:00:00","modified_gmt":"2011-04-23T00:00:00","slug":"23-avril-2011","status":"publish","type":"post","link":"https:\/\/tunisnews.net\/ar\/23-avril-2011\/","title":{"rendered":"23 avril 2011"},"content":{"rendered":"<p><html><head><meta content=\"text\/html\" description=\"Lors d\u2019une audience du tribunal de Gafsa le 21 avril 2011,     concernant l\u2019opposition \u00e0 la condamnation de notre camarade Mohi\u00e9dine     CHERBIB \u00e0 deux ans et quinze jours de prison par contumace pour d\u00e9lits de     solidarit\u00e9 avec le mouvement social du bassin minier de Gafsa \u2013 Redayef les     juges ont prononc\u00e9 l\u2019acquittement.\" http-equiv=\"Content-Type\"\/><\/head><body><body><\/p>\n<div dir=\"ltr\"><font face=\"Arial\" size=\"2\"><\/p>\n<div dir=\"ltr\">\n<div align=\"center\" dir=\"ltr\">\n<p dir=\"ltr\"><a><strong><font face=\"Arabic Transparent\" size=\"3\"><span>Home<\/span><span lang=\"FR-CH\"> &#8211; Accuei<\/span><\/font><\/strong><\/a><font size=\"3\"><span lang=\"fr-ch\"><strong><font face=\"Arabic Transparent\">l<\/font><\/strong><\/span> <\/font><\/p>\n<div align=\"center\" dir=\"ltr\"> <font face=\"Bookman Old Style\" size=\"7\"> <strong>TUNISNEWS <\/strong><\/font> <\/div>\n<div align=\"center\" dir=\"ltr\"> <strong> <font face=\"Arial\" size=\"2\">10 \u00e8me ann\u00e9e, N\u00b03988 du     23.04.2011<\/font><\/strong><\/div>\n<div align=\"center\" dir=\"ltr\"> <font face=\"Arial\" size=\"2\"> <strong>archives : <\/strong><\/font> <a target=\"_blank\" rel=\"noopener\"> <font face=\"Arial\" size=\"2\"> <strong>www.tunisnews.net<\/strong><\/font><\/a><span lang=\"FR\"><strong> <\/strong><\/span> <\/div>\n<p> <span lang=\"FR\"><\/p>\n<p><font> <\/p>\n<div align=\"center\" dir=\"ltr\">\n<hr\/><\/div>\n<div>\n<p><font face=\"Arial\" size=\"2\"> <strong> <font face=\"Arial\">FTCR &amp;<\/font><\/strong><strong><font face=\"Arial\">     CRLDHT: <\/font><font face=\"Arial\">L\u2019ACQUITTEMENT     DE MOHIEDINE CHERBIB . premier pas vers l\u2019ind\u00e9pendance de la justice     tunisienne<\/font><\/strong><\/font><\/p>\n<\/div>\n<div> <font face=\"Arial\" size=\"2\"> <strong>Mohamed Fathallah &amp;    <font>Amor Abbassi:<\/font> <\/strong> <strong>Pour une Assembl\u00e9e     Constituante digne de la R\u00e9volution Tunisienne<\/strong><\/font><\/div>\n<p> <\/font><\/p>\n<p><\/span> <\/p>\n<div>\n<hr\/><\/div>\n<div> <font face=\"Arial\" size=\"4\"> <strong>REVUE DE PRESSE<\/strong><\/font><\/div>\n<div>\n<hr\/><\/div>\n<div>\u00a0<\/div>\n<div align=\"center\">\u00a0<\/div>\n<div align=\"center\">\n<h2 style=\"color: red;\"><font face=\"Arial\"><strong>L\u2019ACQUITTEMENT DE MOHIEDINE CHERBIB<\/strong><\/font><\/h2>\n<\/p><\/div>\n<div align=\"center\">\n<h2 style=\"color: red;\"><font face=\"Arial\"><strong>premier     pas vers l\u2019ind\u00e9pendance de la justice tunisienne<\/strong><\/font><\/h2>\n<\/div>\n<div>\u00a0<\/div>\n<div>\n<p align=\"left\">Lors d\u2019une audience du tribunal de Gafsa le 21 avril 2011,     concernant l\u2019opposition \u00e0 la condamnation de notre camarade Mohi\u00e9dine     CHERBIB \u00e0 deux ans et quinze jours de prison par contumace pour d\u00e9lits de     solidarit\u00e9 avec le mouvement social du bassin minier de Gafsa \u2013 Redayef les     juges ont prononc\u00e9 l\u2019acquittement.<\/p>\n<\/div>\n<div>\n<p align=\"left\">La FTCR et le CRLDHT saluent cette d\u00e9cision courageuse des     juges de Gafsa qui est un premier pas vers une justice ind\u00e9pendante et     \u00e9quitable.<\/p>\n<\/div>\n<div>\n<p align=\"left\">La FTCR et le CRLDHT ont tenu \u00e0 faire opposition du jugement     par contumace contre Mohi\u00e9dine CHERBIB malgr\u00e9 la promulgation d\u2019une amnistie     g\u00e9n\u00e9rale pour permettre \u00e0 la justice de faire un premier vers son     ind\u00e9pendance.<\/p>\n<\/div>\n<div>\n<p align=\"left\">La FTCR et le CRLDHT tiennent \u00e0 remercier tous les amis qui     nous ont manifest\u00e9 leurs soutiens durant cette \u00e9preuve, elles saluent les     magnifiques plaidoiries des avocats.<\/p>\n<\/div>\n<div>\n<p align=\"left\">Enfin la FTCR et le CRLDHT expriment leurs gratitudes aux     militants et aux associations et syndicats de France, du Maroc, de l\u2019Alg\u00e9rie,     de la Libye, du Sahara, de la Belgique, du Canada, de Palestine qui se sont     d\u00e9plac\u00e9s \u00e0 Gafsa pour soutenir notre camarade.<\/p>\n<\/div>\n<div>\n<p align=\"left\">Pour la FTCR et le CRLDHT<\/p>\n<\/div>\n<div>\n<p align=\"left\"><font face=\"Arial\" size=\"2\"> <strong>Tarek BEN HIBA<\/strong><\/font><\/p>\n<\/div>\n<div>\n<p align=\"left\">Tunis le 22 Avril 2001<\/p>\n<\/div>\n<hr\/>\n<div align=\"center\">\n<h2 style=\"color: red;\"><font face=\"Arial\"><strong>Pour     une Assembl\u00e9e Constituante digne de la R\u00e9volution Tunisienne<\/strong><\/font><\/h2>\n<\/div>\n<div align=\"justify\">\u00a0<\/div>\n<div align=\"justify\">    La Tunisie vit actuellement une p\u00e9riode difficile et transitoire de son     histoire. Afin qu\u2019elle soit un pr\u00e9lude r\u00e9el \u00e0 la construction d\u2019un Etat     moderne, d\u00e9mocratique et de droit, il est imp\u00e9ratif de rompre d\u00e9finitivement     avec la politique pr\u00e9c\u00e9dente, caract\u00e9ris\u00e9e par un pouvoir personnel     autoritaire, fond\u00e9e sur le mensonge, l\u2019hypocrisie et la corruption sans     limite. Il est consternant d\u2019assister \u00e0 une course effr\u00e9n\u00e9e vers la cr\u00e9ation     de partis par des gens qui devraient aujourd\u2019hui avoir le profil bas, se     cantonner chez eux, dans l\u2019espoir que le peuple les oublie.<\/div>\n<div align=\"justify\">    Des anciens Ministres, Pr\u00e9sidents Directeurs G\u00e9n\u00e9raux et des pseudos     repr\u00e9sentants du peuple, ont pendant longtemps, profit\u00e9 de privil\u00e8ges et de     hautes r\u00e9mun\u00e9rations, sans se soucier de la mis\u00e8re de leur peuple ; ils     avaient choisi d\u2019applaudir toutes les actions et les d\u00e9cisions prises par     l\u2019ancien dictateur et son entourage, aussi n\u00e9fastes qu\u2019elles aient \u00e9t\u00e9 afin     de sauvegarder leurs propres privil\u00e8ges et int\u00e9r\u00eats, ils n\u2019ont jamais manqu\u00e9     \u00e0 supplier l\u2019ex-dictateur corrompu, \u00e0 perdurer au sommet de l\u2019Etat.     Aujourd\u2019hui, sans le moindre scrupule, ils scandent des slogans comme ceux     de la D\u00e9mocratie, des Droits de l\u2019Homme et de la non exclusion.<\/div>\n<div align=\"justify\">    Dans le but de couper l\u2019herbe sous les pieds \u00e0 tous les arrivistes et     opportunistes de tout bord, nouveaux et anciens, nous proposons les     conditions concr\u00e8tes suivantes pour le mode \u00e9lectoral et la candidature au     Conseil Constitutionnel :<\/div>\n<div align=\"justify\">    &#8211; Chaque candidat est tenu de pr\u00e9senter \u00e0 la Haute Commission Electorale,     son CV et un inventaire complet de ses biens et ceux de sa famille (\u00e9pouse     ou \u00e9poux et enfants) en justifiant les moyens ayant permis leurs     acquisitions. Il doit \u00e9galement pr\u00e9senter un quitus fiscal pour au moins les     dix derni\u00e8res ann\u00e9es.<\/div>\n<div align=\"justify\">    &#8211; L\u2019adoption du mode individuel d\u2019\u00e9lection au niveau de la circonscription     constitu\u00e9e d\u2019une ou de deux d\u00e9l\u00e9gations selon leurs populations. Le candidat     peut \u00eatre repr\u00e9sentant d\u2019un parti, d\u2019une<\/div>\n<div align=\"justify\">    organisation nationale ou ind\u00e9pendant, pour permettre ainsi \u00e0 l\u2019\u00e9lecteur, de     choisir son repr\u00e9sentant en toute conviction et objectivit\u00e9. L\u2019int\u00e9r\u00eat de ce     mode d\u2019\u00e9lection est de faciliter le contact entre les \u00e9lecteurs et les     candidats, ce qui \u00e9pargne \u00e0 l\u2019\u00e9tat de financer les compagnes des partis. Les     moyens de l\u2019Etat, seraient alors consacr\u00e9s, \u00e0 la cr\u00e9ation d\u2019emplois et au     d\u00e9veloppement du pays.<\/div>\n<div align=\"justify\">    &#8211; L\u2019affichage lors de la campagne \u00e9lectorale doit se faire dans des     emplacements bien pr\u00e9cis, \u00e0 l\u2019int\u00e9rieur de la circonscription avec un strict     respect des r\u00e8gles pr\u00e9\u00e9tablies par la Haute Commission Electorale.<\/div>\n<div align=\"justify\">    &#8211; L\u2019interdiction absolue d\u2019acheter des voix que ce soit par le candidat ou     par des interm\u00e9diaires. Toute action de la sorte sera r\u00e9prim\u00e9e et le     candidat est \u00e9limin\u00e9.<\/div>\n<div align=\"justify\">    &#8211; L\u2019\u00e9lection se fait en deux tours, le second d\u00e9partagera entre le premier     et le second du premier tour. Le candidat ayant obtenu plus de 50% au     premier tour est \u00e9videmment le repr\u00e9sentant de la circonscription. L\u2019int\u00e9r\u00eat     du second tour est \u00e9vident, il permettra l\u2019\u00e9lection du candidat le plus \u00e0     m\u00eame de r\u00e9pondre aux aspirations des \u00e9lecteurs de sa souscription (se     rappeler du second tour du deuxi\u00e8me mandat du Pr\u00e9sident Chirac).<\/div>\n<div align=\"justify\">    En conclusion, nous refusons le gaspillage des deniers publics dans les     campagnes \u00e9lectorales fantaisistes de partis qui ne repr\u00e9sentent dans la     plupart des cas que leur propres membres et qui<\/div>\n<div align=\"justify\">    nous r\u00e9p\u00e8tent les m\u00eames slogans creux qu\u2019ils viennent de d\u00e9couvrir. Il est     de l\u2019int\u00e9r\u00eat de notre pays de consacrer chaque Dinar \u00e0 l\u2019emploi et au     d\u00e9veloppement. Nous regrettons vivement que la Haute Commission de la     Sauvegarde de la R\u00e9volution ait pris des d\u00e9cisions qui paraissent servir     l\u2019int\u00e9r\u00eat de quelques groupes repr\u00e9sent\u00e9s dans cette commission.<\/div>\n<div align=\"justify\">\u00a0<\/div>\n<div align=\"justify\"> <font face=\"Arial\" size=\"2\"> <strong>Mohamed Fathallah : Professeur de     l\u2019Enseignement Sup\u00e9rieur.<\/strong><\/font><\/div>\n<div align=\"justify\"> <strong><font>Amor Abbassi :     Ing\u00e9nieur G\u00e9n\u00e9ral du G\u00e9nie Maritime<\/font><\/strong>.<\/div>\n<hr\/>\n<p align=\"center\"> <b><span lang=\"NO-BOK\"> <\/p>\n<h2 style=\"color: red;\"><font face=\"Arial\">Tunisie : la b\u00eate noire de Ben Ali fait son   retour<\/font><\/h2>\n<p><\/span><\/b><\/p>\n<p align=\"justify\"> <strong><span lang=\"FR\"> <font face=\"Arial\">\u00ab\u00a0B\u00eate noir\u00a0\u00bb de l&rsquo;ancien pr\u00e9sident   tunisien, Zine El Abidine Ben Ali, renvers\u00e9 par la R\u00e9volution de jasmin, le   journaliste et \u00e9crivain Taoufik Ben Brik est revenu sur la sc\u00e8ne publique   jeudi dernier, pour la premi\u00e8re fois depuis le 14 janvier dernier.<\/font><\/span><\/strong><span lang=\"FR\"><font> <\/font><font face=\"Arial\"> <em>Tunisie, la charge, aux armes les oubli\u00e9s. <\/em>  Le titre de l&rsquo;ouvrage, publi\u00e9 aux \u00e9ditions RMR, est clair. Selon l&rsquo;agence AP,   c&rsquo;est pour pr\u00e9senter \u00e0 la presse son nouvel ouvrage que l&rsquo;ancien opposant au   r\u00e9gime de Ben Ali est ressorti de l&rsquo;ombre.<\/font><\/span><\/p>\n<p align=\"justify\"> <span lang=\"FR\"> <font face=\"Arial\">Mainte fois emprisonn\u00e9, Ben Brik a   toujours \u00e9t\u00e9 consid\u00e9r\u00e9 comme un \u00ab emp\u00eacheur de tourner en rond \u00bb,   continuellement \u00ab harcel\u00e9 par les agents de la dictature \u00bb. Ce dixi\u00e8me ouvrage   de l&rsquo;\u00e9crivain, est pr\u00e9sent\u00e9 comme une \u00ab m\u00e9moire de la r\u00e9volution \u00bb, compilant   les d\u00e9placements de l&rsquo;opposant dans tout le pays alors m\u00eame que le blocage   s\u00e9curitaire \u00e9tait \u00e0 son comble.<\/font><\/span><\/p>\n<p align=\"justify\"> <span lang=\"FR\"> <font face=\"Arial\">Ben Brik d\u00e9nonce la continuit\u00e9 de   l&rsquo;administration, de la justice, des milieux financiers et de l&rsquo;information   malgr\u00e9 la chute de la \u00ab t\u00eate de la dictature \u00bb.<\/font><\/span><\/p>\n<p align=\"justify\"> <span lang=\"FR\"> <font face=\"Arial\">Il appelle ainsi la Tunisie \u00e0   r\u00e9inventer les \u00ab trois P, Parti P\u00e8gre et Police \u00bb, par un in\u00e9vitable retour   aux urnes.<\/font><\/span><\/p>\n<p align=\"justify\"> <span lang=\"FR\"> <font face=\"Arial\">L&rsquo;\u00e9crivain n&rsquo;a, enfin, pas \u00e9cart\u00e9   la possibilit\u00e9 d&rsquo;une candidature \u00e0 la prochaine \u00e9lection pr\u00e9sidentielle pour \u00ab   d\u00e9sacraliser l&rsquo;acte \u00bb. Il s&rsquo;\u00e9tait d\u00e9j\u00e0 pr\u00e9sent\u00e9 en 2004, contre Ben Ali.  <\/font><\/span><\/p>\n<p align=\"justify\"> <span lang=\"FR\"> <font face=\"Arial\">Source : \u00ab Actua   Litte \u00bb Le 23-04-2011<\/font><\/span><\/p>\n<div>\n<p align=\"justify\"> <span lang=\"FR\"> <font face=\"Arial\">Lien : <\/font> <a href=\"http:\/\/www.actualitte.com\/actualite\/25697-taoufik-ben-brik-tunisie-revolution.htm\" target=\"_blank\" rel=\"noopener\"> <font face=\"Arial\">    http:\/\/www.actualitte.com\/actualite\/25697-taoufik-ben-brik-tunisie-revolution.htm<\/font><\/a><\/span><\/p>\n<\/div>\n<p align=\"center\"> <b><span lang=\"EN-US\"> <\/p>\n<h2 style=\"color: red;\"><font face=\"Arial\">Tunisie &#8211; Une rencontre \u00e0 Paris sur la   politique \u00e9conomique tunisienne<\/font><\/h2>\n<p><\/span><\/b><\/p>\n<p align=\"justify\"> <span lang=\"EN-US\"><font face=\"Arial\">Une rencontre   sur la \u00abTunisie en 2011: une nouvelle politique pour une nouvelle croissance\u00bb,   sera organis\u00e9e, mercredi 27 avril 2011, \u00e0 Paris.<\/font><\/span><\/p>\n<p align=\"justify\"> <span lang=\"EN-US\"><font face=\"Arial\">Selon l&rsquo;Agence   de Promotion de l&rsquo;investissement ext\u00e9rieur (Fipa), environ 200 participants   sont attendus \u00e0 cette rencontre qui d\u00e9battra de la situation \u00e9conomique en   Tunisie apr\u00e8s les changements politiques intervenus dans le pays, en janvier   2011.<\/font><\/span><\/p>\n<p align=\"justify\"> <span lang=\"NO-BOK\"><font face=\"Arial\">Les ministres   tunisiens charg\u00e9s des Finances, du Commerce et du Tourisme, du Transport et de   l&rsquo;Equipement et de la Formation professionnelle et de l&rsquo;Emploi pr\u00e9senteront la   nouvelle politique \u00e9conomique en Tunisie, les r\u00e9formes en cours, les priorit\u00e9s   et les projets \u00e0 mettre en \u0153uvre \u00e0 l&rsquo;avenir.<\/font><\/span><\/p>\n<p align=\"justify\"> <span lang=\"NO-BOK\"><font face=\"Arial\">Il s&rsquo;agit de   mobiliser les entreprises \u00e9trang\u00e8res, notamment fran\u00e7aises dont le soutien \u00e0   la Tunisie rev\u00eat une importance particuli\u00e8re au cours de cette \u00e9tape.<\/font><\/span><\/p>\n<p align=\"justify\"> <span lang=\"NO-BOK\"><font face=\"Arial\">La rencontre   sera organis\u00e9e par le Mouvement des Entreprises de France (MEDEF   international) et l&rsquo;Union Tunisienne de l&rsquo;Industrie, du Commerce et de   l&rsquo;Artisanat (UTICA).<\/font><\/span><\/p>\n<p align=\"justify\"> <span lang=\"EN-US\"> <font face=\"Arial\">Source: \u201dMaghreb   Emergent\u201d Le 23-04-2011<\/font><\/span><\/p>\n<div>\n<p align=\"justify\"> <span lang=\"NO-BOK\"> <font face=\"Arial\">Lien: <\/font> <a href=\"http:\/\/www.maghrebemergent.com\/actualite\/fil-maghreb\/3051-tunisie-rencontre-a-paris-sur-la-politique-economique-tunisienne.html\" target=\"_blank\" rel=\"noopener\"> <font face=\"Arial\">    http:\/\/www.maghrebemergent.com\/actualite\/fil-maghreb\/3051-tunisie-rencontre-a-paris-sur-la-politique-economique-tunisienne.html<\/font><\/a><\/span><\/p>\n<\/div>\n<p align=\"center\"> <b><span lang=\"FR\"> <\/p>\n<h2 style=\"color: red;\"><font face=\"Arial\">Tunisie : le FDTL de Ben Jaafar de plus en   plus proche du peuple<\/font><\/h2>\n<p><\/span><\/b><\/p>\n<p align=\"justify\"> <span lang=\"FR\"> <font face=\"Arial\">Le Forum   D\u00e9mocratique pour le Travail et les Libert\u00e9s est un parti politique qui s\u2019est   fait connaitre aux yeux de l\u2019opinion avec d\u2019autres partis \u00e0 travers sa   participation active aux sits-in de la Kasbah 1 et 2. En d\u00e9pit de ses prises   de positions allant dans la direction des classes populaires, le parti de   Mustapha Ben Jaafar n\u2019arrive pas \u00e0 percer dans les sondages et se trouve   d\u00e9pass\u00e9 dans les intentions de vote par d&rsquo;autres partis de Gauche.       Pour y rem\u00e9dier, le FDTL fait de son mieux pour \u00eatre au plus pr\u00e8s de la   population dans tout le territoire, et est pr\u00e9sent dans une vingtaine des   principales villes du pays. Il s\u2019active aussi fortement \u00e0 pr\u00e9parer son   programme en vue des prochaines \u00e9ch\u00e9ances \u00e9lectorales.      En effet, le FDTL prend les choses en main et refait son retard par rapport \u00e0   d\u2019autres partis en allant vers le citoyen \u00e0 travers la multiplication des   rencontres dans tout le territoire ou m\u00eame \u00e0 l\u2019\u00e9tranger o\u00f9 Dr Mustapha Ben   Ja\u00e2far, secr\u00e9taire g\u00e9n\u00e9ral du FDTL a eu r\u00e9cemment le plaisir de d\u00e9battre de   certaines questions avec les tunisiens r\u00e9sidents au Canada ou en France. Les   \u00e9changes se sont rapport\u00e9s \u00e0 cette phase transitoire et la projection dans un   avenir proche de la Tunisie libre.      Dans une optique de partage et de dialogue avec les jeunes tunisiens et dans   une vision d\u2019\u00e9change sur les sujets d\u2019actualit\u00e9, le FDTL organise une   Rencontre \u2013 d\u00e9bat public qui aura lieu le Dimanche 24 Avril 2011 \u00e0 l\u2019Espace   Culturel Mad\u2019art Carthage \u00e0 10H autour du th\u00e8me \u00ab Les d\u00e9fis de la transition   d\u00e9mocratique \u00bb avec la participation du Docteur Khelil Ezzaouia, membre   fondateur du parti.<\/font><\/span><\/p>\n<p align=\"justify\"> <span lang=\"FR\"> <font face=\"Arial\">Source : \u00ab Espace   Manager \u00bb Le 23-04-201<\/font><\/span><\/p>\n<div>\n<p align=\"justify\"> <font face=\"Arial\"><span lang=\"FR\"> <font>Lien :<\/font><\/span><font><span lang=\"FR\"> <\/span><\/font><span lang=\"FR\"> <a href=\"http:\/\/www.espacemanager.com\/politique\/tunisie-le-fdtl-de-ben-jaafar-de-plus-en-plus-proche-du-peuple.html\" target=\"_blank\" rel=\"noopener\"> <font>    http:\/\/www.espacemanager.com\/politique\/tunisie-le-fdtl-de-ben-jaafar-de-plus-en-plus-proche-du-peuple.html<\/font><\/a><\/span><\/font><\/p>\n<\/div>\n<p align=\"center\"> <b><span lang=\"FR\"> <\/p>\n<h2 style=\"color: red;\"><font face=\"Arial\">Des Tunisiens qui fuient l\u2019espoir ?   Lampedusa m\u00e9dus\u00e9e !<\/font><\/h2>\n<p><\/span><\/b><\/p>\n<p align=\"justify\"> <span lang=\"EN-US\"><font face=\"Arial\">Qui sont donc   ces traumatis\u00e9s qui veulent nous apitoyer ? Il faudrait les accueillir \u00e0 bras   ouverts ? <\/font><\/span><\/p>\n<p align=\"justify\"> <b><span lang=\"EN-US\"> <font face=\"Arial\">Autant nous pouvons comprendre :<\/font><\/span><\/b><\/p>\n<p align=\"justify\"> <span lang=\"EN-US\"><font face=\"Arial\">&#8211; que des   Libyens d\u00e9sesp\u00e8rent de voir un changement arriver dans leur pays.<\/font><\/span><\/p>\n<p align=\"justify\"> <span lang=\"EN-US\"><font face=\"Arial\">&#8211; que des   chr\u00e9tiens dans certains pays musulmans o\u00f9 ils sont pourchass\u00e9s r\u00eavent de vivre   librement leur croyance<\/font><\/span><\/p>\n<p align=\"justify\"> <span lang=\"EN-US\"><font face=\"Arial\">&#8211; que des   populations mis\u00e9rables d\u2019Afriques sous le joug de dictatures r\u00eavent de bateaux   salvateurs <\/font><\/span><\/p>\n<p align=\"justify\"> <b><span lang=\"EN-US\"> <font face=\"Arial\">Autant nous pouvons nous interroger  <\/font><\/span><\/b><\/p>\n<p align=\"justify\"> <span lang=\"EN-US\"><font face=\"Arial\">&#8211; sur les   intentions r\u00e9elles des Tunisiens qui arrivent \u00e0 Lampedusa avec ce secret   espoir de venir se construire une vie en France !<\/font><\/span><\/p>\n<p align=\"justify\"> <span lang=\"EN-US\"><font face=\"Arial\">Est-ce parce   qu\u2019ils savent que notre pays prend plaisir en ce moment \u00e0 cultiver   l\u2019intol\u00e9rance qu\u2019ils trouvent qu\u2019ils apporteront une belle pierre \u00e0 l\u2019ouvrage   ?<\/font><\/span><\/p>\n<p align=\"justify\"> <b><span lang=\"EN-US\"> <font face=\"Arial\">Il n\u2019y aurait pas pour l\u2019instant de   d\u00e9bouch\u00e9s pour eux ? <\/font><\/span><\/b><\/p>\n<p align=\"justify\"> <span lang=\"EN-US\"><font face=\"Arial\">Mais ils n\u2019en   avaient pas avant et maintenant l\u2019espoir est bien l\u00e0 chez eux alors quelles   motivations r\u00e9elles incitent ces personnes \u00e0 rejoindre notre pays ? <\/font> <\/span><\/p>\n<p align=\"justify\"> <font face=\"Arial\"><span lang=\"EN-US\"><font>&#8211; Souci   d\u00e9mocratique ? Mais la d\u00e9mocratie naissante en Tunisie n\u2019est pas assez bonne \u00e0   leurs yeux ?<\/font><\/span><\/font><\/p>\n<p align=\"justify\"> <font face=\"Arial\"><span lang=\"EN-US\"><font>&#8211; Trouver   du travail ? Mais la Tunisie va avoir besoin de tous leurs bras pour   construire le pays sur des sch\u00e9mas nouveaux !<\/font><\/span><\/font><\/p>\n<p align=\"justify\"> <b><span lang=\"EN-US\"> <font face=\"Arial\">Alors l\u2019Espace Schengen ?<\/font><\/span><\/b><\/p>\n<p align=\"justify\"> <span lang=\"EN-US\"><font face=\"Arial\">Eh bien quand   une \u00ab possible \u00bb chiaine met une gaine pour tenter de s\u00e9duire, peut-\u00eatre   faut-il montrer que le plus beau territoire de s\u00e9duction est certainement   celui d\u2019o\u00f9 l\u2019on vient, dans la p\u00e9riode au moins !<\/font><\/span><\/p>\n<p align=\"justify\"> <span lang=\"EN-US\"><font face=\"Arial\">Bon, je sais,   ventre affam\u00e9 n\u2019a pas d\u2019oreille, b\u00e2ton de p\u00e8lerin n\u2019a pas d\u2019yeux et bateau   pourri nourri d\u2019intentions mal amalgam\u00e9es laisse une petite chance de voguer   et d\u2019accoster hors des sables \u00e9mouvants. <\/font><\/span><\/p>\n<p align=\"justify\"> <font face=\"Arial\"><b><span lang=\"EN-US\"> <font>Quoique !<\/font><\/span><\/b><span lang=\"EN-US\"><font>   De toute fa\u00e7on nous n\u2019allons pas chercher \u00e0 les convaincre, nous-m\u00eames sommes   incapables de penser plus loin que le bout de notre nez !<\/font><\/span><\/font><\/p>\n<p align=\"justify\"> <span lang=\"EN-US\"> <font face=\"Arial\">Source: \u201cLe Post\u201d   Le 23-04-2011<\/font><\/span><\/p>\n<div>\n<p align=\"justify\"> <span lang=\"NO-BOK\"> <font face=\"Arial\">Lien: <\/font> <a href=\"http:\/\/www.lepost.fr\/article\/2011\/04\/23\/2474894_des-tunisiens-qui-fuient-l-espoir-lampedusa-medusee.html\" target=\"_blank\" rel=\"noopener\"> <font face=\"Arial\">    http:\/\/www.lepost.fr\/article\/2011\/04\/23\/2474894_des-tunisiens-qui-fuient-l-espoir-lampedusa-medusee.html<\/font><\/a><\/span><\/p>\n<\/div>\n<p align=\"center\"> <b><span lang=\"NO-BOK\"> <\/p>\n<h2 style=\"color: red;\"><font face=\"Arial\">Tunisie: \u00abPas question de privatiser   Tunisair, il s\u2019agit de la rendre plus performante\u00bb<\/font><\/h2>\n<p><\/span><\/b><\/p>\n<p align=\"justify\"> <b><span lang=\"NO-BOK\"> <font face=\"Arial\">Il n\u2019a jamais \u00e9t\u00e9 question de   privatiser Tunisair, il s\u2019agit tout juste d\u2019assouplir son management de   mani\u00e8re \u00e0 le rendre plus performant dans un environnement de plus en plus   concurrentiel. La direction g\u00e9n\u00e9rale de la compagnie battant pavillon   nationale persiste et signe, elle n\u2019a jamais entendu parler de privatisation   de<\/font><font><a href=\"http:\/\/www.webmanagercenter.com\/management\/management\/article-104519-tunisie-transport-aerien-ce-qui-a-plombe-les-comptes-de-tunisair\" target=\"_blank\" rel=\"noopener\"><font face=\"Arial\">   Tunisair<\/font><\/a><\/font><font face=\"Arial\">.<\/font><\/span><\/b><\/p>\n<p align=\"justify\"> <span lang=\"EN-US\"><font face=\"Arial\">Le message est   donc clair. Et les dirigeants de la compagnie a\u00e9rienne nationale tiennent \u00e0   pr\u00e9ciser \u00e0 l\u2019occasion que certains propos tenus par le ministre du Transport   et de l&rsquo;Equipement, lors d\u2019une r\u00e9cente conf\u00e9rence de presse, ont \u00e9t\u00e9 mal   interpr\u00e9t\u00e9es. En effet, Yassine Ibrahim a d\u00e9clar\u00e9 que la situation de   l&rsquo;entreprise reste difficile \u00e0 cause de son \u00abmanque de comp\u00e9titivit\u00e9 et des   anciennes pratiques ainsi que de l\u2019interventionnisme de l\u2019ancienne pr\u00e9sidence   de la R\u00e9publique, du minist\u00e8re de tutelle et m\u00eame du RCD dans sa gestion et   ses choix de gestion. Par cons\u00e9quent, pour lui assurer un minimum d\u2019efficience   et un maximum de r\u00e9sultat, il est imp\u00e9ratif que la mainmise de l&rsquo;Etat sur   l\u2019ensemble de ses activit\u00e9s soit lev\u00e9e\u00bb.<\/font><\/span><\/p>\n<p align=\"justify\"> <span lang=\"EN-US\"><font face=\"Arial\">Lors de cette   m\u00eame rencontre avec les repr\u00e9sentants des m\u00e9dias, et contrairement \u00e0 ce qui a   \u00e9t\u00e9 publi\u00e9 sur certains journaux, il n\u2019a jamais \u00e9t\u00e9 question de salaires   astronomiques attribu\u00e9s aux hauts cadres et directeurs de la compagnie. <\/font> <\/span><\/p>\n<p align=\"justify\"> <font face=\"Arial\"><span lang=\"EN-US\"><font>Il faut   reconna\u00eetre que les d\u00e9clarations du ministre du Transport appuient une logique   toute commerciale. On ne peut pas r\u00e9aliser des performances lorsque nous avons   les mains li\u00e9es par des proc\u00e9dures administratives paralysantes et un retour   obligatoire aux autorit\u00e9s de tutelle \u00e0 chaque fois que l\u2019on doit prendre une   d\u00e9cision relative \u00e0 la gestion d\u2019une entreprise quelle qu\u2019elle soit. \u00abIl   s\u2019agit tout juste de donner \u00e0 la compagnie a\u00e9rienne nationale les moyens et   les armes de se d\u00e9fendre dans un environnement tr\u00e8s concurrentiel et dans   l\u2019attente de l\u2019application des accords concernant l<\/font><\/span><font><span lang=\"NO-BOK\"><a href=\"http:\/\/www.webmanagercenter.com\/management\/article.php?id=92602\" target=\"_blank\" rel=\"noopener\"><span lang=\"EN-US\"><font>\u2019open   sky<\/font><\/span><\/a><\/span><\/font><span lang=\"EN-US\"><font>.   Aucune r\u00e9union entre la direction et les repr\u00e9sentants syndicaux n\u2019a trait\u00e9 de   cette question\u00bb, nous a-t-on affirm\u00e9 \u00e0 la direction de la communication.<\/font><\/span><\/font><\/p>\n<p align=\"justify\"> <span lang=\"EN-US\"><font face=\"Arial\">D\u2019ailleurs, des   d\u00e9clarations r\u00e9centes du ministre des Finances sont all\u00e9es dans ce sens: \u00abIl   faut que les entreprises publiques \u00e9voluant dans un environnement   concurrentiel soient g\u00e9r\u00e9es diff\u00e9remment, tout comme il faut que les   dirigeants de ces entreprises soient r\u00e9mun\u00e9r\u00e9s convenablement afin qu\u2019ils   assurent le meilleur rendement et qu\u2019ils jouissent d\u2019un statut respectable   face \u00e0 leurs pairs dans le priv\u00e9\u00bb.<\/font><\/span><\/p>\n<p align=\"justify\"> <font face=\"Arial\"><span lang=\"EN-US\"><font>Rappelons   \u00e0 ce propos le toll\u00e9 soulev\u00e9 il y a plus d\u2019une ann\u00e9e lors de la d\u00e9claration du   salaire du PDG de Tunisair au grand public. Certains sont all\u00e9s jusqu\u2019\u00e0 m\u00eame   dire que ceci nuit \u00e0 l\u2019image de marque de la compagnie et m\u00eame de la Tunisie   au vu de sa modestie par rapport \u00e0 ses homologues pas loin de chez nous. Car \u00e0   Tunisair, il faut reconna\u00eetre que seuls les PNT et les PNC sont tr\u00e8s bien   pay\u00e9s. <\/font><\/span><span lang=\"NO-BOK\"><font>Un   commandant de Bord peut m\u00eame atteindre les 20.000 dinars en brut par mois.<\/font><\/span><\/font><\/p>\n<p align=\"justify\"> <span lang=\"NO-BOK\"><font face=\"Arial\">Le besoin se   fait aujourd\u2019hui ressentir d\u2019assouplir la gestion de la compagnie a\u00e9rienne   nationale. La politique protectionniste ne lui servira pas \u00e0 grand-chose, au   contraire, elle la m\u00e8nera \u00e0 terme \u00e0 sa perte. Il lui faudrait d\u2019ores et d\u00e9j\u00e0   g\u00e9rer les manques \u00e0 gagner \u00e0 cause d\u2019une mauvaise ann\u00e9e touristique et du   retour des filiales \u00absemi-privatis\u00e9e\u00bb au bercail qui vont engendrer plus de   d\u00e9penses.<\/font><\/span><\/p>\n<p align=\"justify\"> <span lang=\"NO-BOK\"><font face=\"Arial\">On comprend d\u00e8s   lors que la mission de la commission strat\u00e9gique pour d\u00e9finir les m\u00e9canismes   pouvant garantir l&rsquo;ind\u00e9pendance de la compagnie a\u00e9rienne vis-\u00e0-vis de l&rsquo;Etat   soit essentielle pour la mise en place d\u2019un plan de restructuration qui allie   int\u00e9r\u00eats de la compagnie et pr\u00e9servations de ceux de ses diff\u00e9rents   personnels.<\/font><\/span><\/p>\n<p align=\"justify\"> <span lang=\"NO-BOK\"><font face=\"Arial\">Sur le long   terme et apr\u00e8s r\u00e9novation de la flotte, il faut mettre en place des strat\u00e9gies   pour la conqu\u00eate de nouveaux march\u00e9s, la signature de nouvelles alliances   surtout au niveau du moyen et du long-courrier ainsi que le renforcement des   activit\u00e9s de l&rsquo;entreprise.<\/font><\/span><\/p>\n<p align=\"justify\"> <span lang=\"EN-US\"><font face=\"Arial\">Par contre, des   responsables signalent que \u00ab\u00a0les accusations port\u00e9es par certaines personnes et   sur certains m\u00e9dias \u00e0 propos de pratiques de corruption et malversations   commises au sein de la compagnie et non \u00e9tay\u00e9es par des preuves pourraient   nuire s\u00e9rieusement \u00e0 l&rsquo;image de Tunisair, qui a aujourd&rsquo;hui besoin plus que   jamais d&rsquo;\u00eatre irr\u00e9prochable \u00e0 tous les niveaux. On nous a trait\u00e9s comme si   nous n&rsquo;avions rien \u00e0 faire que de monter des combines pour spolier la   compagnie, nous ne sommes quand m\u00eame pas des bandits de grand chemin\u00a0\u00bb, a   protest\u00e9 une directrice au sein de la compagnie! .<\/font><\/span><\/p>\n<p align=\"justify\"> <span lang=\"EN-US\"><font face=\"Arial\">  Source: \u201cwmc\u201d Le 23-04-2011<\/font><\/span><\/p>\n<div>\n<p align=\"justify\"> <font face=\"Arial\"><span lang=\"NO-BOK\"> <font>Lien: <\/font><\/span> <span lang=\"EN-US\"> <a href=\"http:\/\/www.webmanagercenter.com\/management\/article-105002-tunisie-pas-question-de-privatiser-tunisair-il-s-agit-de-la-rendre-plus-performante\" target=\"_blank\" rel=\"noopener\"> <span lang=\"NO-BOK\"><font>    http:\/\/www.webmanagercenter.com\/management\/article-105002-tunisie-pas-question-de-privatiser-tunisair-il-s-agit-de-la-rendre-plus-performante<\/font><\/span><\/a><\/span><\/font><\/p>\n<\/div>\n<p align=\"center\"> <b><span lang=\"NO-BOK\"> <\/p>\n<h2 style=\"color: red;\"><font face=\"Arial\">Tunisie &#8211; La v\u00e9rit\u00e9 sur le document   \u00ab\u00a0anti-extr\u00e9miste\u00a0\u00bb r\u00e9v\u00e9l\u00e9 par Ennahdha<\/font><\/h2>\n<p><\/span><\/b><\/p>\n<p align=\"justify\"> <span lang=\"NO-BOK\"><font face=\"Arial\">Le journal El   Fejr, organe officiel d\u2019Ennahdha, a publi\u00e9 dans son \u00e9dition du vendredi 22   avril 2011 une premi\u00e8re synth\u00e8se d\u2019un document de travail \u00e9labor\u00e9 par trois   organisations tunisiennes dont l\u2019objectif est la mise en place d\u2019une strat\u00e9gie   pour cr\u00e9er une opinion publique hostile \u00e0 l\u2019entr\u00e9e des Islamistes dans la   Constituante lors des \u00e9lections du 24 juillet. <\/font><\/span><\/p>\n<p align=\"justify\"> <span lang=\"NO-BOK\"><font face=\"Arial\">Le journal a   promis de fournir d\u2019autres r\u00e9v\u00e9lations et qui se cache derri\u00e8re cette   strat\u00e9gie dans son prochain num\u00e9ro, vendredi prochain. <\/font><\/span><\/p>\n<p align=\"justify\"> <span lang=\"NO-BOK\"><font face=\"Arial\">De notre c\u00f4t\u00e9,   nous avons publi\u00e9 les informations r\u00e9v\u00e9l\u00e9es par Ennahdha en prenant soin   d\u2019\u00e9mettre les r\u00e9serves d\u2019usage (cliquer ici pour lire l&rsquo;article). En attendant   de les v\u00e9rifier. <\/font><\/span><\/p>\n<p align=\"justify\"> <span lang=\"NO-BOK\"><font face=\"Arial\"><\/font><\/span> <\/p>\n<p align=\"justify\"> <font face=\"Arial\"><span lang=\"NO-BOK\"><font>Un de nos   fid\u00e8les lecteurs a re\u00e7u le document en question et nous l\u2019a envoy\u00e9. <\/font> <\/span><span lang=\"EN-US\"><font>Il y contient les noms   qu\u2019El Fejr a promis de d\u00e9voiler la semaine prochaine, ce qui nous a permis de   les contacter pour obtenir les explications n\u00e9cessaires. Et ces explications,   les voici. <\/font><\/span><\/font><\/p>\n<p align=\"justify\"> <span lang=\"EN-US\"><font face=\"Arial\">Le document   r\u00e9v\u00e9l\u00e9 par Ennahdha n\u2019\u00e9tait qu\u2019un brouillon. Un premier brouillon pour   \u00e9laborer une strat\u00e9gie de communication pour mener une campagne visant \u00e0   renforcer la prise de conscience des femmes de ce qui fait \u00ab l\u2019exception   tunisienne \u00bb. Elle vise \u00e9galement, selon le brouillon, \u00e0 faire que les jeunes   votent pour un projet de soci\u00e9t\u00e9 d\u00e9mocratique et \u00e9vitent tout attrait des   extr\u00eames, \u00e0 renforcer le sentiment d\u2019identit\u00e9 tunisienne que le mod\u00e8le de   R\u00e9volution a r\u00e9v\u00e9l\u00e9 : ce que nous sommes, nos valeurs, notre histoire, nos   coutumes, et non une \u00ab identit\u00e9 import\u00e9e \u00bb.<\/font><\/span><\/p>\n<p align=\"justify\"> <span lang=\"NO-BOK\"><font face=\"Arial\">Enfin, elle   vise \u00e0 convaincre les femmes et les jeunes d\u2019aller voter, et de ne pas se   laisser influencer par quiconque.<\/font><\/span><\/p>\n<p align=\"justify\"> <span lang=\"NO-BOK\"><font face=\"Arial\"><\/font><\/span> <\/p>\n<p align=\"justify\"> <span lang=\"EN-US\"><font face=\"Arial\">En aucun cas, le   brouillon en question ne s\u2019est attaqu\u00e9 aux islamistes. Il attire, toutefois,   l\u2019attention sur le cauchemar de 1986 qui commence \u00e0 reprendre avec les   agressions de femmes dans la rue, les imams d\u00e9mis par la force de leurs   fonctions, les cr\u00e8ches islamistes, la s\u00e9paration des filles et gar\u00e7ons dans   les \u00e9coles et lyc\u00e9es\u2026 <\/font><\/span><\/p>\n<p align=\"justify\"> <span lang=\"EN-US\"><font face=\"Arial\">Le brouillon   rappelle l\u2019attentat contre un h\u00f4tel \u00e0 Monastir, le saccage de locaux du PSD   (le parti de Bourguiba), l\u2019agression contre un imam mod\u00e9r\u00e9 qui a \u00e9t\u00e9 br\u00fbl\u00e9 vif   au Kram (banlieue nord de Tunis), l\u2019agression au vitriol contre des femmes non   voil\u00e9es&#8230;<\/font><\/span><\/p>\n<p align=\"justify\"> <span lang=\"EN-US\"><font face=\"Arial\">En bref, et en   lisant le document, il n\u2019y a rien qui accable les Islamistes ou Ennahdha, \u00e0   l\u2019exception de ceux qui ont des choses \u00e0 se reprocher. Le groupe   d\u2019associations, dans leur premier brouillon, ne cherchait donc qu\u2019\u00e0 faire   valoir l\u2019exception tunisienne. Quant \u00e0 la question du budget recherch\u00e9, aupr\u00e8s   d\u2019organismes tunisiens et \u00e9trangers, tout ce qu\u2019a r\u00e9v\u00e9l\u00e9 El Fejr est indiqu\u00e9   dans le brouillon en question. <\/font><\/span><\/p>\n<p align=\"justify\"> <span lang=\"EN-US\"><font face=\"Arial\"><\/font><\/span> <\/p>\n<p align=\"justify\"> <span lang=\"EN-US\"><font face=\"Arial\">Le document   final, cependant, est nettement mieux \u00e9labor\u00e9 que le brouillon. Il a retir\u00e9   tous les termes pouvant donner lieu \u00e0 une multiplicit\u00e9 d\u2019interpr\u00e9tations et ne   met en \u00e9vidence que le projet citoyen de cette association (il ne s\u2019agit plus   de plusieurs associations). L\u2019association en question s\u2019appelle \u00ab Engagement   citoyen \u00bb, elle est apolitique et fond\u00e9e par un collectif de femmes   tunisiennes le 11 avril 2011. Des femmes qui se veulent d\u2019abord et avant tout   des citoyennes. <\/font><\/span><\/p>\n<p align=\"justify\"> <span lang=\"EN-US\"><font face=\"Arial\">Leur objectif   est de lancer une campagne de communication ambitieuse et p\u00e9dagogique pour   susciter une prise de conscience collective et sensibiliser le public   tunisien, et tout particuli\u00e8rement les femmes et les jeunes, aux enjeux r\u00e9els   que repr\u00e9sente cette p\u00e9riode de transition historique en termes de r\u00e9gression   possible de leur statut et de leurs droits et libert\u00e9s fondamentales. Il   s\u2019agit d\u2019inciter les Tunisiens et en particulier les femmes et les jeunes \u00e0   voter en connaissance de cause pour un projet de soci\u00e9t\u00e9 d\u00e9mocratique qui   refl\u00e8te leurs aspirations et pr\u00e9serve leurs droits.<\/font><\/span><\/p>\n<p align=\"justify\"> <span lang=\"EN-US\"> <font face=\"Arial\">Rien de m\u00e9chant, a priori, et rien   qui ne semble (dans ce document final) qui ne pr\u00eate \u00e0 une campagne   anti-islamiste comme l\u2019indique El Fejr sur sa une. Nos lecteurs se feront   d\u2019ailleurs leur propre id\u00e9e en parcourant le programme de l\u2019association   visible en cliquant le lien suivant: <\/font> <a href=\"http:\/\/www.businessnews.com.tn\/pdf\/Projet_Femmes_et_Jeunes.Tunisie%2022%20Avr.pdf\" target=\"_blank\" rel=\"noopener\"> <font face=\"Arial\">  http:\/\/www.businessnews.com.tn\/pdf\/Projet_Femmes_et_Jeunes.Tunisie%2022%20Avr.pdf<\/font><\/a><\/span><\/p>\n<p align=\"justify\"> <span lang=\"EN-US\"> <font face=\"Arial\">Source: \u201dBusiness   News\u201d Le 22-04-2011<\/font><\/span><\/p>\n<div>\n<p align=\"justify\"> <font face=\"Arial\"><span lang=\"NO-BOK\"> <font>Lien: <\/font><\/span> <span lang=\"EN-US\"> <a href=\"http:\/\/www.businessnews.com.tn\/Tunisie---La-v\u00c3\u00a9rit\u00c3\u00a9-sur-le-document--anti-extr\u00c3\u00a9miste--r\u00c3\u00a9v\u00c3\u00a9l\u00c3\u00a9-par-Ennahdha,520,24467,1\" target=\"_blank\" rel=\"noopener\"> <span lang=\"NO-BOK\"><font>    http:\/\/www.businessnews.com.tn\/Tunisie&#8212;La-v%C3%A9rit%C3%A9-sur-le-document&#8211;anti-extr%C3%A9miste&#8211;r%C3%A9v%C3%A9l%C3%A9-par-Ennahdha,520,24467,1<\/font><\/span><\/a><\/span><\/font><\/p>\n<\/div>\n<p align=\"center\"> <b><span lang=\"EN-GB\"> <\/p>\n<h3 style=\"color: blue;\"><font face=\"Arial\">Tunisie-Contr\u00f4le fiscal des biens   confisqu\u00e9s: L&rsquo;argent de l&rsquo;Etat<\/font><\/h3>\n<p><\/span><\/b><\/p>\n<p align=\"justify\"> <strong> <span lang=\"EN-GB\"> <font face=\"Arial\">Fiscalit\u00e9-Tunisie &#8211;   Le d\u00e9cret-loi n\u00b0 13 en date du 14 mars 2011 portant confiscation des avoirs et   biens meubles et immobiliers, ainsi que tous les droits acquis apr\u00e8s le 7   novembre 1987 concerne 112 personnes. Cette liste reste ouverte, selon les   termes du d\u00e9cret-loi \u00e0 toute autre personne qui serait impliqu\u00e9e dans le vaste   trafic d&rsquo;influence. Ainsi, cette d\u00e9cision de confiscation marque l&rsquo;entr\u00e9e dans   le domaine des biens publics de tous ces avoirs mais aussi les dettes que   pourraient avoir toutes les personnes impliqu\u00e9es dans la liste des 112 et des   autres. Un d\u00e9lai de 2 mois a \u00e9t\u00e9 fix\u00e9 pour tous les cr\u00e9anciers de d\u00e9clarer les   dettes, les avoirs mat\u00e9riels, les ch\u00e8ques, les actions, les accords,   conventions, bien meubles ou immeubles, aupr\u00e8s d&rsquo;une commission cr\u00e9\u00e9e \u00e0 cet   effet. Pour les personnes, fournisseurs, clients ou autres, qui pourraient   avoir des cr\u00e9ances aupr\u00e8s des personnes figurant sur la liste des 112, il leur   est demand\u00e9 de les d\u00e9clarer dans un d\u00e9lai de 6 mois, au risque de perdre leur   droit.<\/font><\/span><\/strong><font><span lang=\"EN-GB\"> <font face=\"Arial\">Ce d\u00e9cret-loi stipule que \u00abla commission de   confiscation proc\u00e8dera \u00e0 toutes les mesures administratives et juridiques   n\u00e9cessaires en vue de transf\u00e9rer les biens immobiliers et meubles et les   droits confisqu\u00e9s au profit de l&rsquo;Etat.      Cela voudrait dire que le remboursement des dettes de toutes ces personnes de   la liste des 112 ne se fera pas par elles-m\u00eames, mais par la commission de   confiscation apr\u00e8s \u00e9tablissement de son rapport d\u00e9finitif qui se fera   probablement en juin prochain.      Passons sur les griefs relev\u00e9s par les juristes \u00e0 propos de ce d\u00e9cret, mais   l&rsquo;Etat, principal concern\u00e9, doit agir en tant que pouvoir dominant et faire   fonctionner son arme fatale : le contr\u00f4le fiscal. L&rsquo;Etat, ordonnateur de tout   acte de gestion, dispose de toute l&rsquo;autorit\u00e9 suffisante pour faire le point   sur la situation fiscale de ces biens confisqu\u00e9s avant toute autre action.      Tout le monde sait que les potentats de l&rsquo;ancien r\u00e9gime n&rsquo;ont jamais agi dans   la transparence ni respect\u00e9 leurs devoirs envers l&rsquo;Etat. Ceci pour dire qu&rsquo;ils   ont contourn\u00e9 toutes les obligations dues \u00e0 toute personne agissant en   situations contractuelles ou en association avec les diff\u00e9rentes parties.      Il s&rsquo;av\u00e8re notamment qu&rsquo;ils n&rsquo;ont jamais \u00e9t\u00e9 en r\u00e8gle avec le fisc. Qui   pouvait leur demander des comptes? <\/font><\/span><\/font> <span lang=\"NO-BOK\"> <font face=\"Arial\">Il nous para\u00eet tr\u00e8s   indiqu\u00e9 de r\u00e9gler cet important volet car il s&rsquo;agit de l&rsquo;argent de l&rsquo;Etat.<\/font><\/span><\/p>\n<p align=\"justify\"> <span lang=\"EN-US\"> <font face=\"Arial\">Source: \u201dAfrique en   ligne\u201d Le 23-04-2011<\/font><\/span><\/p>\n<div>\n<p align=\"justify\"> <span lang=\"NO-BOK\"> <font face=\"Arial\">Lien: <\/font> <a href=\"http:\/\/www.afriquejet.com\/afrique-du-nord\/tunisie\/tunisie-controle-fiscal-des-biens-confisques:-l&#039;argent-de-l&#039;etat-201104239942.html\" target=\"_blank\" rel=\"noopener\"> <font face=\"Arial\">    http:\/\/www.afriquejet.com\/afrique-du-nord\/tunisie\/tunisie-controle-fiscal-des-biens-confisques:-l&rsquo;argent-de-l&rsquo;etat-201104239942.html<\/font><\/a><\/span><\/p>\n<\/div>\n<p align=\"center\"> <b><span lang=\"FR\"> <\/p>\n<h3 style=\"color: blue;\"><font face=\"Arial\">Tunisie. Jusqu\u2019o\u00f9 peut aller l\u2019Ugtt dans sa   guerre aux entreprises?<\/font><\/h3>\n<p><\/span><\/b><\/p>\n<p align=\"justify\"> <span lang=\"FR\"> <font face=\"Arial\">La centrale, qui   n\u2019a de cesse de revendiquer son droit \u00e0 d\u00e9fendre les salari\u00e9s par tous les   moyens, y compris le harc\u00e8lement physique et moral des chefs d\u2019entreprises,   ira jusqu\u2019\u00e0 cr\u00e9er de nouveaux ch\u00f4meurs, provoquant au passage la crainte des   investisseurs dont la Tunisie a tant besoin pour faire red\u00e9marrer une \u00e9conomie   qui peine \u00e0 carburer \u00e0 plein r\u00e9gime.<\/font><\/span><\/p>\n<p align=\"justify\"> <font face=\"Arial\"><b> <span lang=\"FR\"><font>Les   revendications pas toujours justifi\u00e9es des salari\u00e9s    <\/font><\/span><\/b><font> <span lang=\"FR\">La Tunisie<\/span><\/font><\/font><span lang=\"FR\"><font face=\"Arial\">   de l\u2019apr\u00e8s 14-Janvier souffre et l\u2019\u00e9conomie risque la paralysie, alors que   l\u2019Ugtt continue d\u2019encourager ses d\u00e9l\u00e9gu\u00e9s syndicaux aupr\u00e8s des entreprises,   tunisiennes et \u00e9trang\u00e8res, \u00e0 s\u2019insurger contre leurs patrons avec des   revendications parfois absurdes. On a vu des ouvriers exigeant le d\u00e9part du   patron fondateur de l\u2019entreprise. D\u2019autres esp\u00e8rent recevoir une part des   b\u00e9n\u00e9fices r\u00e9alis\u00e9s par la soci\u00e9t\u00e9. Les plus m\u00e9contents aimeraient voir le   salaire de certains dirigeants r\u00e9duit de moiti\u00e9 pour distribuer la diff\u00e9rence   \u00e0 l\u2019ensemble des autres employ\u00e9s.   L\u2019Ugtt s\u2019attaque aux soci\u00e9t\u00e9s \u00e9trang\u00e8res implant\u00e9es en Tunisie depuis des   d\u00e9cennies comme British Gas, Cfct ou Jal Group car ces soci\u00e9t\u00e9s ont investi   \u00e9norm\u00e9ment en Tunisie et ne peuvent pas s\u2019en aller du jour au lendemain.   L\u2019Ugtt s\u2019est attaqu\u00e9 auparavant \u00e0 quelques groupes tunisiens et elle a \u00e9chou\u00e9,   les Ben Ayed et Mhiri ont pr\u00e9f\u00e9r\u00e9 geler les activit\u00e9s de quelques   \u00e9tablissements comme Carthage Land ou l\u2019h\u00f4tel Africa pour ne pas c\u00e9der aux   revendications d\u00e9plac\u00e9es des salari\u00e9s qui n\u2019ont pas conscience que le pays   passe par des moments difficiles. La situation en Tunisie n\u2019est gu\u00e8re   reluisante et les gr\u00e8ves n\u2019ont eu que des effets n\u00e9gatifs. Le nombre des   ch\u00f4meurs a augment\u00e9 avec la fermeture des \u00e9tablissements secou\u00e9s par tant   d\u2019agitations.    Il est \u00e9vident que la r\u00e9volution du 14-Janvier a donn\u00e9 la possibilit\u00e9 \u00e0 chacun   de s\u2019exprimer librement. Les langues se sont d\u00e9li\u00e9es et les pires insanit\u00e9s   sont souvent entendues. Les plus touch\u00e9s sont les patrons \u00e0 qui le mot   \u00abd\u00e9gage\u00bb est devenu synonyme d\u2019ingratitude et de malveillance. Plusieurs   d\u2019entre eux ont pr\u00e9f\u00e9r\u00e9 se retirer laissant la place \u00e0 d\u2019autres subalternes   qui ont vite tourn\u00e9 la veste et oubli\u00e9 dans la foul\u00e9e qu\u2019ils \u00e9taient, il n\u2019y a   pas longtemps, de fervents partisans du Rcd, l\u2019ex-parti au pouvoir.<\/font><\/span><\/p>\n<p align=\"justify\"> <font face=\"Arial\"><b> <span lang=\"FR\"><font>L\u2019Ugtt   d\u00e9fend les travailleurs, mais aggrave aussi le ch\u00f4mage   <\/font><\/span><\/b><span lang=\"FR\"> <font>Tout le monde veut des sous, c\u2019est tout \u00e0 fait   l\u00e9gitime, surtout que le co\u00fbt de la vie en Tunisie ne cesse de s\u2019\u00e9lever et que   les factures \u00e0 payer sont de plus en plus gonfl\u00e9es. Seulement l\u00e0 o\u00f9 le b\u00e2t   blesse c\u2019est quand les revendications des employ\u00e9s d\u00e9passent l\u2019entendement. On   exige souvent des employeurs des augmentations salariales qui, dans le cas o\u00f9   elles sont satisfaites, pourraient causer la ruine de l\u2019\u00e9tablissement. Comme   c\u2019est le cas de cette soci\u00e9t\u00e9 de transport qui emploient 50 conducteurs, tous   des jeunes et qui ont \u00e0 peine commenc\u00e9 \u00e0 exercer un vrai m\u00e9tier. Ils ont   accept\u00e9 de travailler 9 heures par jour pour recevoir \u00e0 la fin du mois la   modique somme de 250 dinars. Jusqu\u2019au 14 janvier, ils acceptaient malgr\u00e9 eux   cette situation, certes difficile, mais loin d\u2019\u00eatre catastrophique. Contact\u00e9s   par l\u2019Ugtt apr\u00e8s la r\u00e9volution, ils ont pu constituer une repr\u00e9sentation   syndicale et d\u00e9clarer la gr\u00e8ve \u00e0 leur patron demandant une augmentation   salariale de 100 dinars par mois et la r\u00e9duction des heures du travail. Apr\u00e8s   d\u2019interminables discussions le patron a finalement accept\u00e9 d\u2019accorder une   augmentation de 65 dinars, mais pour palier cette charge salariale   suppl\u00e9mentaire, il a d\u00fb licencier la moiti\u00e9 de l\u2019effectif et a exig\u00e9 des   conducteurs restants de travailler \u00e0 raison de 12 heures par jour au lieu des   9 heures. Le bilan, en fin de compte, est loin d\u2019\u00eatre \u00e0 l\u2019avantage des   employ\u00e9s, d\u2019autant que 25 conducteurs se sont ajout\u00e9s \u00e0 la liste des   demandeurs d\u2019emploi.<\/font><\/span><\/font><\/p>\n<p align=\"justify\"> <font face=\"Arial\"><b> <span lang=\"FR\"><font>Les   ch\u00f4meurs ne cotisent pas au syndicat    <\/font><\/span><\/b><span lang=\"FR\"> <font>L\u2019Ugtt peut se f\u00e9liciter de cette action   syndicale qui a permis \u00e0 quelques employ\u00e9s de recevoir plus d\u2019argent \u00e0 la fin   du mois mais elle a aussi contribu\u00e9 \u00e0 augmenter le nombre des ch\u00f4meurs dans un   pays qui n\u2019a que ses ressources humaines pour accroitre son \u00e9conomie. La   centrale syndicale ne semble pas s\u2019inqui\u00e9ter outre mesure de l\u2019accroissement   du nombre des demandeurs d\u2019emploi, qui d\u00e9passe aujourd\u2019hui 700.000. Ce n\u2019est   pas son champ d\u2019int\u00e9r\u00eat. Elle se pr\u00e9occupe plus de ceux qui travaillent et qui   cotisent pour \u00eatre syndiqu\u00e9s. Les ch\u00f4meurs, c\u2019est l\u2019affaire de l\u2019Etat, et du   minist\u00e8re de l\u2019Emploi. Ils n\u2019entrent pas dans les pr\u00e9rogatives de la centrale   ouvri\u00e8re qui ne cesse d\u2019affirmer d\u2019\u00eatre une partie int\u00e9grale de la soci\u00e9t\u00e9   civile.<\/font><\/span><\/font><\/p>\n<p align=\"justify\"> <span lang=\"FR\"> <font face=\"Arial\">Source : \u00ab   Kapitalis \u00bb Le 23-04-2011<\/font><\/span><\/p>\n<div>\n<p align=\"justify\"> <span lang=\"FR\"> <font face=\"Arial\">Lien : <\/font> <a href=\"http:\/\/www.kapitalis.com\/fokus\/62-national\/3643-tunisie-jusquou-peut-aller-lugtt-dans-sa-guerre-aux-entreprises.html\" target=\"_blank\" rel=\"noopener\"> <font face=\"Arial\">    http:\/\/www.kapitalis.com\/fokus\/62-national\/3643-tunisie-jusquou-peut-aller-lugtt-dans-sa-guerre-aux-entreprises.html<\/font><\/a><\/span><\/p>\n<\/div>\n<p align=\"center\"> <b><span lang=\"FR\"> <\/p>\n<h3 style=\"color: blue;\"><font face=\"Arial\">L\u2019information en Tunisie: tout bouge pour   que rien ne change!<\/font><\/h3>\n<p><\/span><\/b><\/p>\n<p align=\"justify\"> <span lang=\"FR\"> <font face=\"Arial\">Par Ridha K\u00e9fi <\/font><\/span><\/p>\n<p align=\"justify\"> <span lang=\"FR\"> <font face=\"Arial\">Au-del\u00e0 de cet   \u00e9pisode, somme toute banal, on peut dire qu\u2019il n\u2019y a rien de nouveau dans le   milieu de l\u2019information et de la communication en Tunisie, fortement marqu\u00e9   par 23 ans de dictature, de passe-droit et de corruption.    Et d\u2019ailleurs, pour tout dire, en dehors des gesticulations anti-Ben Ali des   m\u00eames journalistes qui, hier encore, faisaient reluire les souliers du   dictateur et se jetaient comme des affam\u00e9s sur ses miettes, qu\u2019y a-t-il de   vraiment nouveau dans cet immense bal masqu\u00e9 des m\u00e9dias en Tunisie?    Rien, strictement rien. Les m\u00eames titres, les m\u00eames noms, les m\u00eames t\u00eates et,   presque aussi, les m\u00eames postures\u2026 opportunistes.    Les esclaves changent de ma\u00eetre, mais leurs \u00e9chines n\u2019en sont que plus   courb\u00e9es\u2026<\/font><\/span><\/p>\n<p align=\"justify\"> <b><span lang=\"FR\"> <font face=\"Arial\">Je te tiens, tu me   tiens par la barbichette!    <\/font><\/span><\/b><span lang=\"FR\"> <font face=\"Arial\">Pour revenir \u00e0   notre sujet: les bo\u00eetes de mesures d\u2019audience continuent donc d\u2019\u00eatre accus\u00e9es   de bidouillage par les cha\u00eenes de t\u00e9l\u00e9vision qui se voient attribuer des   scores en-de\u00e7\u00e0 de ce qu\u2019ils esp\u00e8rent.    Les premi\u00e8res voudraient bien voir les r\u00e9sultats de leurs enqu\u00eates enfin   accept\u00e9s par les secondes, qui conditionnent leur acceptation par le niveau   des taux qu\u2019on leur attribue. En somme, comme dit l\u2019adage: \u00abJe te tiens, tu me   tiens par la barbichette!\u00bb Et \u00e0 qui mieux-mieux\u2026 \u00abSouk ou dallel\u00bb\u2026    Les dindons de cette farce, qui n\u2019a rien de dr\u00f4le, ce sont, on l\u2019imagine, le   grand public et, surtout, les annonceurs qui font vivre tout ce beau monde   sans pour autant avoir la certitude que leur argent est bien d\u00e9pens\u00e9. Tout le   reste est bidonnage, mise en sc\u00e8ne, jeu de r\u00f4les, petits mensonges et gros   int\u00e9r\u00eats. Gros bras contre grandes gueules, et vice et versa\u2026 Plus h\u00e2bleur que   moi tu meurs!   Qu\u2019elle est belle la Tunisie de l\u2019apr\u00e8s-Ben Ali! Elle ressemble \u00e0 s\u2019y   m\u00e9prendre \u00e0 celle d\u2019avant la r\u00e9volution. Or, celle-ci ayant bon dos, c\u2019est en   son nom d\u00e9sormais que les bluffeurs d\u2019hier rivalisent avec les frimeurs   d\u2019aujourd\u2019hui. Comme quoi, on n\u2019est pas sorti de l\u2019auberge\u2026 benalienne.    A quelques semaines d\u2019une \u00e9lection qui sera d\u00e9terminante pour l\u2019avenir du   pays, ce sont donc les m\u00eames protagonistes, qui ont port\u00e9 l\u2019ex-dictateur au   pinacle de l\u2019arrogance et de la b\u00eatise, qui sont appel\u00e9s aujourd\u2019hui \u00e0   informer les \u00e9lecteurs tunisiens. Et \u00e0 orienter leur vote\u2026 Bonjour les d\u00e9g\u00e2ts!<\/font><\/span><\/p>\n<p align=\"justify\"> <b><span lang=\"FR\"> <font face=\"Arial\">La gr\u00e8ve du petit   \u00e9cran    <\/font><\/span><\/b><span lang=\"FR\"> <font face=\"Arial\">Les cha\u00eenes de   t\u00e9l\u00e9vision et stations de radio, hier encore vou\u00e9es au plat divertissement, se   sont transform\u00e9es, en deux temps trois mouvements, en de pseudo-Al-Jazira, et   les bo\u00eetes de mesures d\u2019audience, hier vou\u00e9es au marketing des marques, se   mettent \u00e0 r\u00e9aliser des sondages d\u2019opinion et \u00e0 conseiller les hommes   politiques. On est vraiment bien servi\u2026 Et le pire est encore \u00e0 venir.    Dans cette foire d\u2019empoigne, o\u00f9 tout bouge pour que rien ne change, les   accusations de Nessma TV contre M\u00e9diascan, comme celles, hier, de Hannibal TV   contre Sigma Conseil, seraient un \u00e9pisode bien charmant et qui pr\u00eaterait \u00e0   sourire si, dans cette vraie fausse affaire, ce ne sont pas moi, toi et tous   les Tunisiens qui, en fin de compte, sont pris en otages ou, pour tout dire,   pour les derniers des cons!    N\u2019est-ce pas notre assiduit\u00e9 t\u00e9l\u00e9visuelle que les uns mesurent et au nom de   laquelle les autres font leur plein de spots publicitaires? Alors, pour mettre   tout le monde d\u2019accord, d\u00e9cr\u00e9tons la gr\u00e8ve du petit \u00e9cran, boycottons les   journaux, n\u2019\u00e9coutons plus la radio! Nous n\u2019en serions que moins\u2026 d\u00e9sinform\u00e9s.<\/font><\/span><\/p>\n<p align=\"justify\"> <span lang=\"FR\"> <font face=\"Arial\">Source : \u00ab   Kapitalis \u00bb Le 23-04-2011<\/font><\/span><\/p>\n<div>\n<p align=\"justify\"> <span lang=\"FR\"> <font face=\"Arial\">Lien : <\/font> <a href=\"http:\/\/www.kapitalis.com\/kanal\/61-medias\/3641-linformation-en-tunisie-tout-bouge-pour-que-rien-ne-change.html\" target=\"_blank\" rel=\"noopener\"> <font face=\"Arial\">    http:\/\/www.kapitalis.com\/kanal\/61-medias\/3641-linformation-en-tunisie-tout-bouge-pour-que-rien-ne-change.html<\/font><\/a><\/span><\/p>\n<\/div>\n<h3 align=\"center\" style=\"color: blue;\"> <span lang=\"FR\"> <a href=\"http:\/\/blogs.mediapart.fr\/blog\/lotfi-mansour\/220411\/tunisie-le-syndrome-beni-sadr\" target=\"_blank\" rel=\"noopener\"> <\/p>\n<h3 style=\"color: blue;\"><font face=\"Arial\">Tunisie: le   syndrome Beni Sadr<\/font><\/h3>\n<p><\/a><\/span><\/h3>\n<p align=\"justify\"> <span lang=\"FR\"><font face=\"Arial\">Les partis   tunisiens dits modernistes et progressistes sont d\u00e9cidemment   ind\u00e9crottables.Comme jadis leurs confr\u00e8res iraniens, ils se sont laiss\u00e9   convaincre d\u2019unehypoth\u00e9tique normalisation, et donc r\u00e9cup\u00e9ration, des   islamistes pour servirleurs propres plans de prise du pouvoir. En Iran, on   sait ce qu\u2019il en a \u00e9t\u00e9. BeniSadr, repr\u00e9sentant des courants modernistes, \u00e9lu   pr\u00e9sident, n\u2019a pas tenuquelques mois avant d\u2019\u00eatre remplac\u00e9 par son premier   ministre, qui a \u00e9t\u00e9 \u00e0 sontour assassin\u00e9 afin que tout le pouvoir revienne aux   Mollahs. <\/font><\/span><\/p>\n<p align=\"justify\"> <span lang=\"FR\"><font face=\"Arial\">EnTunisie, Rached   Ghannouchi a commenc\u00e9 tr\u00e8s t\u00f4t sa campagne de manipulation desd\u00e9fenseurs des   droits de l\u2019homme et des opposants progressistes. Dans lesann\u00e9es 80, on   entendait ainsi ces derniers r\u00e9p\u00e9ter la chanson que leur a serin\u00e9ele Cheikh :   \u00ab Les islamistes tunisiens ne sont pas comme lesautres islamistes, ils sont   d\u2019abord tunisiens, et donc nationalistes, et encela ils sont uniques\u2026 il ne   faut pas les comparer \u00e0 d\u2019autres, et bla bla bla \u00bb.Sous Ben Ali, les   islamistes ayant \u00e9chou\u00e9 dans leur d\u00e9monstration de force avecle Dictateur se   sont mis sous l\u2019aile protectrice de la gauche et des d\u00e9mocratessous   l\u2019appellation du Mouvement du 18 octobre. C\u2019est ainsi qu\u2019un N\u00e9jib   Chabbi,leader du Parti D\u00e9mocratique Progressiste, est devenu (avec le conseil   ou sur l\u2019insistancedes Am\u00e9ricains) un des fervents d\u00e9fenseurs du droit des   islamistes \u00ab \u00e0 lalibert\u00e9 d\u2019expression \u00bb (comme il est devenu d\u2019ailleurs un   ferventd\u00e9fenseur du lib\u00e9ralisme \u00e9conomique) ; jusqu\u2019\u00e0 il y a quelques   semaines, N\u00e9jibChabbi, alors qu\u2019il \u00e9tait encore Ministre du d\u00e9veloppement   r\u00e9gional, sed\u00e9fendait de son soutien aux islamistes par une pirouette : \u00ab   Lareligion n\u2019est pas une h\u00e9r\u00e9sie ! \u00bb \u2013 sous-entendu, il est permis d\u2019enparler   et d\u2019en soutenir les repr\u00e9sentants.<\/font><\/span><\/p>\n<p align=\"justify\"> <span lang=\"FR\"><font face=\"Arial\">HammaHammami,   patron du parti d\u2019extr\u00eame-gauche le PCOT (Parti communiste ouvriertunisien)   aussi bien que Moncef Marzouki (chef du Congr\u00e8s pour la R\u00e9publique),ne sont   pas les derniers \u00e0 entretenir l\u2019ambigu\u00eft\u00e9 quant \u00e0 une \u00e9ventuellealliance avec   les islamistes. \u00c7a, c\u2019\u00e9tait du temps o\u00f9 Rached Ghannouchiproclamait qu\u2019il   n\u2019\u00e9tait pas du tout, alors l\u00e0, pas du tout int\u00e9ress\u00e9 par lepouvoir et qu\u2019il le   laisserait aux autres partis politiques ; que lui-m\u00eamene serait candidat \u00e0   rien et que son mod\u00e8le de r\u00e9gime n\u2019\u00e9tait plus iranien ousoudanais, mais turc\u2026<\/font><\/span><\/p>\n<p align=\"justify\"> <span lang=\"FR\"><font face=\"Arial\">Aujourd\u2019hui,les   islamistes montrent leurs muscles et leurs gourdins. Ils s\u2019attaquent   auxartistes, aux femmes, et m\u00eame aux imams qui ne sont pas de leur   avis.Aujourd\u2019hui, Rached Ghannouchi est candidat \u00e0 tous les postes, y compris   etsurtout \u00e0 celui de proph\u00e8te \u00e0 la place du proph\u00e8te. Aujourd\u2019hui, il freine   detoutes ses forces l\u2019adoption d\u2019un Pacte r\u00e9publicain par le Haut comit\u00e9 pour   lar\u00e9alisation des objectifs de la r\u00e9volution, Pacte dans lequel il est   questionde s\u00e9paration de l\u2019Etat et de la religion. Aujourd\u2019hui, le   porte-paroled\u2019Ennahdha d\u00e9clare dans une interview au journal Essabah du 22   avril 2011 :\u00ab Nous rejoignons l\u2019organisation d\u2019El Qa\u00efda, le Hamas et les   fr\u00e8resmusulmans sur les grandes orientations \u00bb. <\/font><\/span><\/p>\n<p align=\"justify\"> <span lang=\"FR\"><font face=\"Arial\">Vousavez bien lu,   Ennahda est d\u2019accord avec El Qa\u00efda. C\u2019est d\u2019ailleurs dans cettem\u00eame interview   que le parti islamiste confirme implicitement la cour assidue qu\u2019ila   entreprise aupr\u00e8s des anciens RCDistes (dont le parti a \u00e9t\u00e9 dissous apr\u00e8s   laR\u00e9volution) en d\u00e9clarant qu\u2019Ennahdha est ouvert \u00e0 tous les Tunisiens   sansexclusion. <\/font><\/span><\/p>\n<p align=\"justify\"> <span lang=\"FR\"><font face=\"Arial\">Quefaut-il de plus   \u00e0 tous les politicards de salons pour comprendre que, d\u00e9sormais,Ennahdha n\u2019a   plus besoin d\u2019eux pour prendre le pouvoir et qu\u2019il compte puiserdans le   gisement des 3 millions d\u2019ex-RCDistes pour y arriver ? Qu\u2019est-cequ\u2019il leur   faut pour comprendre ce qu\u2019est un salafiste ? C\u2019est peut-\u00eatrecette myopie des   partis politiques qui a pouss\u00e9 l\u2019\u00e9minent et incontestableislamologue Mohamed   Talbi \u00e0 publier une interview (journal La Presse du 21avril 2011) au titre   sans concession : \u00ab L\u2019islam est la\u00efcit\u00e9 \u00bb,v\u00e9ritable r\u00e9quisitoire contre   l\u2019id\u00e9ologie salafiste et contre l\u2019hypocrisie du chefdu parti Ennahdha.<\/font><\/span><\/p>\n<p align=\"justify\"> <span lang=\"FR\"><font face=\"Arial\">Finalement,on peut   se r\u00e9jouir que le Cheikh Ghannouchi n\u2019ait rien appris de ses erreurs dupass\u00e9.   Il n\u2019est pas aussi rus\u00e9 que Khomeiny pour attendre le bon moment pour sesaisir   du pouvoir. Son impatience et celle de ses adeptes ont le m\u00e9rite demobiliser   la soci\u00e9t\u00e9 civile et les vrais d\u00e9mocrates pour lui faire barrage\u2026 etnous   \u00e9viter un sc\u00e9nario \u00e0 l\u2019iranienne. <\/font><\/span><\/p>\n<p align=\"justify\"> <span lang=\"FR\"> <font face=\"Arial\">Source : \u00ab   Mediapart \u00bb Le 22-04-2011<\/font><\/span><\/p>\n<div>\n<p align=\"justify\"> <span lang=\"FR\"> <font face=\"Arial\">Lien : <\/font> <a href=\"http:\/\/blogs.mediapart.fr\/blog\/lotfi-mansour\/220411\/tunisie-le-syndrome-beni-sadr\" target=\"_blank\" rel=\"noopener\"> <font face=\"Arial\">    http:\/\/blogs.mediapart.fr\/blog\/lotfi-mansour\/220411\/tunisie-le-syndrome-beni-sadr<\/font><\/a><\/span><\/p>\n<\/div>\n<h3 align=\"center\" style=\"color: blue;\"> <span lang=\"FR\"> <a href=\"http:\/\/www.tunisienumerique.com\/2011\/04\/la-constituante-sera-elue-sur-la-base-du-scrutin-proportionnel\/\" target=\"_blank\" rel=\"noopener\"> <\/p>\n<h3 style=\"color: blue;\"><font face=\"Arial\">La Constituante   sera \u00e9lue au mode du scrutin proportionnel<\/font><\/h3>\n<p><\/a><\/span><\/h3>\n<p align=\"justify\"> <span lang=\"FR\"><font face=\"Arial\">Le Conseil de la   Haute instance pour la r\u00e9alisation des objectifs de la R\u00e9volution, la r\u00e9forme   politique et la transition d\u00e9mocratique a opt\u00e9, \u00e0 l\u2019unanimit\u00e9, pour le r\u00e9gime   de la repr\u00e9sentation proportionnelle avec les plus grands restes, lors de   l\u2019\u00e9lection de l\u2019Assembl\u00e9e nationale Constituante.<\/font><\/span><\/p>\n<p align=\"justify\"> <span lang=\"FR\"><font face=\"Arial\">Elue pour la   deuxi\u00e8me fois dans l\u2019histoire de la Tunisie, la Constituante a pour principale   mission l\u2019\u00e9laboration de la nouvelle Constitution tunisienne.<\/font><\/span><\/p>\n<p align=\"justify\"> <span lang=\"FR\"><font face=\"Arial\">Le scrutin   proportionnel est un syst\u00e8me plurinominal qui pr\u00e9voit le vote sur des listes   \u00e9lectorales (listes des partis ou ind\u00e9pendantes) et permet d\u2019attribuer \u00e0   chaque liste des si\u00e8ges selon le pourcentage de voix obtenues dans les   \u00e9lections.<\/font><\/span><\/p>\n<p align=\"justify\"> <span lang=\"FR\"><font face=\"Arial\">MM. Farhat   Horchani, Pr\u00e9sident de la Sous-commission des \u00e9lections issue de la Haute   instance pour la r\u00e9alisation des objectifs de la R\u00e9volution et Chafik Sarssar,   membre de cette instance ont imput\u00e9 le choix de ce r\u00e9gime \u00e0 plusieurs raisons   :<\/font><\/span><\/p>\n<p align=\"justify\"> <font face=\"Arial\"><strong><span lang=\"FR\"> <font>1-<\/font><\/span><\/strong><span lang=\"FR\"><font>   Les \u00e9lections du 24 juillet sont des \u00e9lections constituantes et historiques,   ce qui exige que toutes les cat\u00e9gories sociales soient repr\u00e9sent\u00e9es au sein de   cette Assembl\u00e9e, l\u2019objectif \u00e9tant de leur permettre de contribuer \u00e0   l\u2019\u00e9laboration des orientations g\u00e9n\u00e9rales et \u00e0 la d\u00e9finition des choix   fondamentaux de la nouvelle Constitution tunisienne.<\/font><\/span><\/font><\/p>\n<p align=\"justify\"> <font face=\"Arial\"><strong><span lang=\"FR\"> <font>2-<\/font><\/span><\/strong><span lang=\"FR\"><font>   Il est imp\u00e9rieusement n\u00e9cessaire que les partis politiques soient repr\u00e9sent\u00e9s   au sein de l\u2019Assembl\u00e9e constituante, d\u00e8s lors qu\u2019il ne peut y avoir de   v\u00e9ritable exercice d\u00e9mocratique sans la participation des partis politiques.<\/font><\/span><\/font><\/p>\n<p align=\"justify\"> <span lang=\"FR\"><font face=\"Arial\">Depuis   l\u2019ind\u00e9pendance, la sc\u00e8ne politique tunisienne n\u2019a connu, ni adopt\u00e9 que le   r\u00e9gime du parti unique, ce qui a justifi\u00e9 l\u2019absence de toute activit\u00e9 de   partis qui encadre l\u2019action politique, enracine la culture politique et   consacre l\u2019id\u00e9e de l\u2019alternance pacifique au pouvoir comme il est le cas dans   les pays avanc\u00e9s.<\/font><\/span><\/p>\n<p align=\"justify\"> <font face=\"Arial\"><strong><span lang=\"FR\"> <font>3-<\/font><\/span><\/strong><span lang=\"FR\"><font>   Bien qu\u2019il serve essentiellement l\u2019int\u00e9r\u00eat des partis, ce r\u00e9gime n\u2019exclut pas   d\u2019offrir la chance aux ind\u00e9pendants de participer aux \u00e9lections. Ainsi, les   ind\u00e9pendants ont la possibilit\u00e9 de constituer des listes et de participer aux   \u00e9lections.<\/font><\/span><\/font><\/p>\n<p align=\"justify\"> <font face=\"Arial\"><strong><span lang=\"FR\"> <font>4-<\/font><\/span><\/strong><span lang=\"FR\"><font>   Ce r\u00e9gime encourage la repr\u00e9sentativit\u00e9 des jeunes et des femmes au sein de   l\u2019Assembl\u00e9e constituante et leur donne une chance de jouer un r\u00f4le important   dans l\u2019\u00e9laboration de la Constitution du pays tout autant que dans la   protection et la pr\u00e9servation des acquis de la femme.<\/font><\/span><\/font><\/p>\n<p align=\"justify\"> <span lang=\"FR\"><font face=\"Arial\">Selon un expert   juridique, ce r\u00e9gime a aussi des inconv\u00e9nients. Bien qu\u2019il permette la   repr\u00e9sentativit\u00e9 de toutes les cat\u00e9gories sociales au sein de la Constituante,   il fait pr\u00e9valoir la repr\u00e9sentativit\u00e9 au d\u00e9triment de l\u2019\u00e9quit\u00e9 et de   l\u2019efficacit\u00e9.<\/font><\/span><\/p>\n<p align=\"justify\"> <span lang=\"FR\"><font face=\"Arial\">De surcro\u00eet, ce   r\u00e9gime favorise l\u2019\u00e9mergence d\u2019une mosa\u00efque politique \u00e0 l\u2019int\u00e9rieur de   l\u2019Assembl\u00e9e \u00e9lue compos\u00e9e de petits partis et des ind\u00e9pendants et ne sert pas   n\u00e9cessairement l\u2019int\u00e9r\u00eat des grands partis.<\/font><\/span><\/p>\n<p align=\"justify\"> <span lang=\"FR\"><font face=\"Arial\">Les deux juristes   de la haute instance affirment que la repr\u00e9sentation proportionnelle, avec la   prise en compte des restes les plus importants, exige des r\u00e8gles simples qui   ont \u00e9t\u00e9 amend\u00e9es en vue de renforcer la repr\u00e9sentation de la r\u00e9gion :<\/font><\/span><\/p>\n<p align=\"justify\"> <font face=\"Arial\"><strong><span lang=\"FR\"> <font>1 &#8211;<\/font><\/span><\/strong><span lang=\"FR\"><font>   Au pr\u00e9alable, il est n\u00e9cessaire de d\u00e9terminer le nombre des circonscriptions   \u00e9lectorales. Le projet de d\u00e9cret-loi \u00e9lectoral a choisi un d\u00e9coupage facile \u00e0   appliquer. Dans ce sens, les gouvernorats sont consid\u00e9r\u00e9s comme des   circonscriptions et, par cons\u00e9quent, chaque gouvernorat est une   circonscription, \u00e0 l\u2019exception des grands gouvernorats au niveau de la   population, en l\u2019occurrence Tunis, Sfax et Nabeul qui sont subdivis\u00e9s en deux   circonscriptions chacune, et ce dans le cadre de la concr\u00e9tisation de l\u2019\u00e9quit\u00e9   d\u00e9mographique.<\/font><\/span><\/font><\/p>\n<p align=\"justify\"> <font face=\"Arial\"><strong><span lang=\"FR\"> <font>2 &#8211;<\/font><\/span><\/strong><span lang=\"FR\"><font>   Par la suite, il faut d\u00e9terminer le nombre de si\u00e8ges pour chaque   circonscription. Le projet de d\u00e9cret-loi \u00e9lectoral les a r\u00e9partis sur la base   d\u2019un repr\u00e9sentant pour 60.000 habitants (nombre d\u2019habitants et non   d\u2019\u00e9lecteurs, soit tous les Tunisiens).<\/font><\/span><\/font><\/p>\n<p align=\"justify\"> <span lang=\"FR\"><font face=\"Arial\">A titre d\u2019exemple,   un gouvernorat qui compte 257.000 habitants voit ce nombre divis\u00e9 par 60.000   habitants, ce qui donne quatre si\u00e8ge.<\/font><\/span><\/p>\n<p align=\"justify\"> <span lang=\"FR\"><font face=\"Arial\">Cette r\u00e8gle a \u00e9t\u00e9   amend\u00e9e, afin de prendre en consid\u00e9ration les r\u00e9gions int\u00e9rieures du pays   auxquelles des si\u00e8ges suppl\u00e9mentaires sont accord\u00e9s.<\/font><\/span><\/p>\n<p align=\"justify\"> <font face=\"Arial\"><strong><span lang=\"FR\"> <font>3 \u2013 <\/font><\/span><\/strong><span lang=\"FR\"> <font>Dans une troisi\u00e8me \u00e9tape, il est n\u00e9cessaire de   fixer le nombre des voix n\u00e9cessaires d\u00e9clar\u00e9es (Il faut donc d\u00e9duire le nombre   des voix non d\u00e9clar\u00e9es, notamment les bulletins nuls) pour l\u2019obtention d\u2019un   seul si\u00e8ge, au niveau de la circonscription \u00e9lectorale. Cette op\u00e9ration,   d\u00e9nomm\u00e9 le quotient \u00e9lectoral, se d\u00e9roule sur la base de la division du nombre   des voix d\u00e9clar\u00e9es par celui des si\u00e8ges.<\/font><\/span><\/font><\/p>\n<p align=\"justify\"> <span lang=\"FR\"><font face=\"Arial\">Sur la base du m\u00eame   exemple, si le nombre des voix ayant particip\u00e9 au scrutin est de 180.000,   sachant qu\u2019il y a quatre si\u00e8ges pour cette circonscription, cela conduit \u00e0   l\u2019op\u00e9ration suivante : 180.000 \u00e0 diviser par quatre, ce qui donne un si\u00e8ge   pour 45.000 voix. Ainsi chaque liste re\u00e7oit un nombre de si\u00e8ges \u00e9gal au nombre   de fois o\u00f9 elle recueille 45.000 voix, soit le quotient \u00e9lectoral.<\/font><\/span><\/p>\n<p align=\"justify\"> <strong><span lang=\"FR\"> <font face=\"Arial\">* Si une liste recueille, par   exemple, 65.000 voix, elle gagne un si\u00e8ge et il lui reste 20.000 voix.<\/font><\/span><\/strong><font><b><span lang=\"FR\"> <font face=\"Arial\"><strong>* Une liste B recueille   40.000 voix et, par cons\u00e9quent, elle ne dispose d\u2019aucun si\u00e8ge.<\/strong> <strong>* Une liste C obtient 22.000 voix. Elle aura   z\u00e9ro si\u00e8ge et il lui reste 22.000 voix.<\/strong> <strong>* Une liste D dispose de 21.000 voix. par   cons\u00e9quent, elle n\u2019a pas de si\u00e8ge et il reste 21.000 voix.<\/strong> <strong>* Une liste F r\u00e9colte 20.500 voix. Elle   n\u2019obtient pas pr\u00e9alablement de si\u00e8ge et il lui reste 20.500 voix<\/strong><\/font><\/span><\/b><\/font><span lang=\"FR\"><font face=\"Arial\">.<\/font><\/span><\/p>\n<p align=\"justify\"> <span lang=\"FR\"><font face=\"Arial\">Par cons\u00e9quent, la   liste A obtient un si\u00e8ge, et il reste trois si\u00e8ges \u00e0 pourvoir, parce que les   autres listes n\u2019ont pas atteint le plafond de 45.000 voix qui est le quotient   \u00e9lectoral. A ce moment-l\u00e0, on a recours aux restes les plus importants, avec   le classement d\u00e9gressif et chaque liste qui a le plus grand nombre de voix   obtient un si\u00e8ge, jusqu\u2019\u00e0 l\u2019ach\u00e8vement de la r\u00e9partition.<\/font><\/span><\/p>\n<p align=\"justify\"> <span lang=\"FR\"><font face=\"Arial\">Ainsi et selon   notre exemple, les r\u00e9sultats seront comme suit :<\/font><\/span><\/p>\n<p align=\"justify\"> <strong><span lang=\"FR\"> <font face=\"Arial\">* La liste A : 1 si\u00e8ge,   conform\u00e9ment au quotient \u00e9lectoral<\/font><\/span><\/strong><\/p>\n<p align=\"justify\"> <strong><span lang=\"FR\"> <font face=\"Arial\">* La liste B : 1 si\u00e8ge partant du   principe du reste le plus important<\/font><\/span><\/strong><\/p>\n<p align=\"justify\"> <strong><span lang=\"FR\"> <font face=\"Arial\">* La liste C : 1 si\u00e8ge sur la base   du deuxi\u00e8me reste le plus important<\/font><\/span><\/strong><\/p>\n<p align=\"justify\"> <strong><span lang=\"FR\"> <font face=\"Arial\">* La liste D : 1 si\u00e8ge, avec le   troisi\u00e8me reste le plus important<\/font><\/span><\/strong><\/p>\n<p align=\"justify\"> <strong><span lang=\"FR\"> <font face=\"Arial\">* La liste F : Pas de si\u00e8ge<\/font><\/span><\/strong><\/p>\n<p align=\"justify\"> <span lang=\"FR\"><font face=\"Arial\">En d\u00e9finitive, et   du c\u00f4t\u00e9 de la repr\u00e9sentativit\u00e9, cette m\u00e9thode se caract\u00e9rise par une large   repr\u00e9sentativit\u00e9 parce qu\u2019elle permet la repr\u00e9sentation proportionnelle de   nombreuses listes des partis ou de listes ind\u00e9pendantes. En parall\u00e8le, elle   est moins \u00e9quitable, avec la liste A qui n\u2019obtient qu\u2019un si\u00e8ge bien qu\u2019elle   ait ramass\u00e9 65.000 voix, soit trois fois le nombre de voix obtenues par la   liste D qui gagne aussi un si\u00e8ge. Mais on peut expliquer cela par la n\u00e9cessit\u00e9   d\u2019une repr\u00e9sentation de toutes les cat\u00e9gories, dans une \u00e9tape historique   cruciale, de l\u2019Histoire du pays.<\/font><\/span><\/p>\n<p align=\"justify\"> <span lang=\"FR\"><font face=\"Arial\">  Source : \u00ab Tunisie Numerique \u00bb Le 23-04-2011<\/font><\/span><\/p>\n<div>\n<p align=\"justify\"> <span lang=\"FR\"><font face=\"Arial\">    Lien : <\/font> <a href=\"http:\/\/www.tunisienumerique.com\/2011\/04\/la-constituante-sera-elue-sur-la-base-du-scrutin-proportionnel\/\" target=\"_blank\" rel=\"noopener\"> <font face=\"Arial\">    http:\/\/www.tunisienumerique.com\/2011\/04\/la-constituante-sera-elue-sur-la-base-du-scrutin-proportionnel\/<\/font><\/a><\/span><\/p>\n<\/div>\n<p align=\"center\"> <b><span lang=\"EN-US\"> <\/p>\n<h3 style=\"color: blue;\"><font face=\"Arial\">Les Ind\u00e9pendants s\u2019unissent contre les   proches d\u2019Ennahdha<\/font><\/h3>\n<p><\/span><\/b><\/p>\n<p align=\"justify\"> <span lang=\"EN-US\"><font face=\"Arial\"><\/font><\/span> <\/p>\n<p align=\"justify\"> <span lang=\"EN-US\"><font face=\"Arial\"> <\/font><\/span><\/p>\n<p align=\"justify\"> <font face=\"Arial\"><b><span lang=\"EN-US\"> <font>\u2022 Absence totale des Rc\u00e9distes &#8211; <\/font><\/span> <\/b><span lang=\"EN-US\"><font>Apr\u00e8s la tenue cet   apr\u00e8s-midi de l\u2019assembl\u00e9e g\u00e9n\u00e9rale et la pr\u00e9sentation des deux rapports moral   et financier du comit\u00e9 directeur sortant, les jeunes avocats vont \u00e9lire demain   des nouveaux membres du comit\u00e9 directeur de l\u2019Association Tunisienne des   Jeunes Avocats (ATJA).<\/font><\/span><\/font><\/p>\n<p align=\"justify\"> <span lang=\"NO-BOK\"><font face=\"Arial\">34 candidats se   sont pr\u00e9sent\u00e9s pour briguer les 9 postes du comit\u00e9 directeur dont 2 postes   r\u00e9serv\u00e9s \u00e0 la pr\u00e9sentation des deux sections de Sousse et de Sfax du Conseil   de l\u2019Ordre des Avocats. <\/font><\/span><\/p>\n<p align=\"justify\"> <span lang=\"NO-BOK\"><font face=\"Arial\">Mis \u00e0 part les   candidatures individuelles 2 listes vont entrer en force dans la comp\u00e9tition.   La premi\u00e8re repr\u00e9sentant le courant islamiste proche d\u2019Ennahdha et dont le   chef de file n\u2019est autre que Me Dhiaeddine Mourou. La deuxi\u00e8me regroupe des   ind\u00e9pendants, des proches de la mouvance nationaliste et de celle de la gauche   tels que Me Nizar Jabri, Assia Haj Salem, Mourad Ferjani et Imen Bjaoui.<\/font><\/span><\/p>\n<p align=\"justify\"> <span lang=\"EN-US\"><font face=\"Arial\">Si\u00e8ges<\/font><\/span><\/p>\n<p align=\"justify\"> <font face=\"Arial\"><span lang=\"EN-US\"><font>Pour ces   \u00e9lections et c\u2019est une premi\u00e8re, on constate l\u2019absence de candidats proches du   Rassemblement Constitutionnel D\u00e9mocratique (RCD). Apr\u00e8s <\/font><\/span> <font><span lang=\"EN-US\">la R\u00e9volution<\/span><\/font><span lang=\"EN-US\"><font>   du 14 janvier le comit\u00e9 directeur de l\u2019ATJA, dont tous les membres \u00e9lus en   mars 2010 se sont pr\u00e9sent\u00e9s sur une liste soutenue par le RCD et qui a   remport\u00e9 tous les si\u00e8ges, ont d\u00e9cid\u00e9, bien que leur mandat n\u2019expire qu\u2019en mars   2012 d\u2019avancer la date des \u00e9lections et de ne pas s\u2019y pr\u00e9senter.<\/font><\/span><\/font><\/p>\n<p align=\"justify\"> <span lang=\"EN-US\"><font face=\"Arial\">Une absence qui,   selon les observateurs, peut profiter aux candidats proches du courant   islamiste si les ind\u00e9pendants, les nationalistes et ceux appartenant aux   divers courant de la gauche n\u2019unissent pas assez leur voix pour leurs barrer   la route.<\/font><\/span><\/p>\n<p align=\"justify\"> <b><span lang=\"EN-US\"> <font face=\"Arial\">N\u00e9jib SASSI<\/font><\/span><\/b><\/p>\n<p align=\"justify\"> <b><span lang=\"EN-US\"> <font face=\"Arial\">Voici la liste des candidats<\/font><\/span><\/b><\/p>\n<p align=\"justify\"> <span lang=\"EN-US\"><font face=\"Arial\">1 &#8211; Latifa   Habbachi Habibi<\/font><\/span><\/p>\n<p align=\"justify\"> <span lang=\"EN-US\"><font face=\"Arial\">2- Saber Kdiri<\/font><\/span><\/p>\n<p align=\"justify\"> <span lang=\"EN-US\"><font face=\"Arial\">3- Imen Bjaoui<\/font><\/span><\/p>\n<p align=\"justify\"> <span lang=\"NO-BOK\"><font face=\"Arial\">4- Borni Tlili<\/font><\/span><\/p>\n<p align=\"justify\"> <span lang=\"NO-BOK\"><font face=\"Arial\">5- Raoudha   Sa\u00efdi<\/font><\/span><\/p>\n<p align=\"justify\"> <span lang=\"NO-BOK\"><font face=\"Arial\">6- Anis Bjaoui<\/font><\/span><\/p>\n<p align=\"justify\"> <span lang=\"EN-US\"><font face=\"Arial\">7- Wissam   Dabboussi<\/font><\/span><\/p>\n<p align=\"justify\"> <span lang=\"EN-US\"><font face=\"Arial\">8- Nizar Jabri<\/font><\/span><\/p>\n<p align=\"justify\"> <span lang=\"EN-US\"><font face=\"Arial\">9- Mourad   Ferjani<\/font><\/span><\/p>\n<p align=\"justify\"> <span lang=\"NO-BOK\"><font face=\"Arial\">10- Chawkui   Abdennadher<\/font><\/span><\/p>\n<p align=\"justify\"> <span lang=\"NO-BOK\"><font face=\"Arial\">11- Ridha Ben   Hmida<\/font><\/span><\/p>\n<p align=\"justify\"> <span lang=\"NO-BOK\"><font face=\"Arial\">12- Frej Arabi<\/font><\/span><\/p>\n<p align=\"justify\"> <span lang=\"NO-BOK\"><font face=\"Arial\">13- Lotfi   Ezzeddine<\/font><\/span><\/p>\n<p align=\"justify\"> <span lang=\"EN-US\"><font face=\"Arial\">14- Mosni B\u00e9ji<\/font><\/span><\/p>\n<p align=\"justify\"> <span lang=\"EN-US\"><font face=\"Arial\">15- Mohsen   Saoudi<\/font><\/span><\/p>\n<p align=\"justify\"> <span lang=\"EN-US\"><font face=\"Arial\">16- Anouar Ouled   Ali<\/font><\/span><\/p>\n<p align=\"justify\"> <span lang=\"EN-US\"><font face=\"Arial\">17- Jamel Jbali<\/font><\/span><\/p>\n<p align=\"justify\"> <span lang=\"EN-US\"><font face=\"Arial\">18- Dhiaeddine   Mourou<\/font><\/span><\/p>\n<p align=\"justify\"> <span lang=\"EN-US\"><font face=\"Arial\">19- Hatem   Ma\u00e2touk<\/font><\/span><\/p>\n<p align=\"justify\"> <span lang=\"EN-US\"><font face=\"Arial\">20- Habib Chelbi<\/font><\/span><\/p>\n<p align=\"justify\"> <span lang=\"EN-US\"><font face=\"Arial\">21- Mohamed   Idriss<\/font><\/span><\/p>\n<p align=\"justify\"> <span lang=\"EN-US\"><font face=\"Arial\">22- Faouzi   Ja\u00e2llah<\/font><\/span><\/p>\n<p align=\"justify\"> <span lang=\"NO-BOK\"><font face=\"Arial\">23- Sabiha   Belhaj Salem<\/font><\/span><\/p>\n<p align=\"justify\"> <span lang=\"NO-BOK\"><font face=\"Arial\">24- Leila   Haddad<\/font><\/span><\/p>\n<p align=\"justify\"> <span lang=\"NO-BOK\"><font face=\"Arial\">25- Assia Haj   Salem<\/font><\/span><\/p>\n<p align=\"justify\"> <span lang=\"NO-BOK\"><font face=\"Arial\">26- Mo\u00f4ti   Dakhli<\/font><\/span><\/p>\n<p align=\"justify\"> <span lang=\"NO-BOK\"><font face=\"Arial\">27- Azaiez Ben   Slimane<\/font><\/span><\/p>\n<p align=\"justify\"> <span lang=\"NO-BOK\"><font face=\"Arial\">28- Soussen   Salami<\/font><\/span><\/p>\n<p align=\"justify\"> <span lang=\"NO-BOK\"><font face=\"Arial\">29- Mohamed   Faouzi Bel A\u00efd<\/font><\/span><\/p>\n<p align=\"justify\"> <span lang=\"NO-BOK\"><font face=\"Arial\">30- Abdelkader   Ben Souissi<\/font><\/span><\/p>\n<p align=\"justify\"> <span lang=\"NO-BOK\"><font face=\"Arial\">31- Imen   Souissi<\/font><\/span><\/p>\n<p align=\"justify\"> <span lang=\"NO-BOK\"><font face=\"Arial\">32- Yacine   Jebar<\/font><\/span><\/p>\n<p align=\"justify\"> <span lang=\"NO-BOK\"><font face=\"Arial\">33- Islam   Omrani<\/font><\/span><\/p>\n<p align=\"justify\"> <span lang=\"NO-BOK\"><font face=\"Arial\">34- B\u00e9chir   Barhoumi<\/font><\/span><\/p>\n<p align=\"justify\"> <font face=\"Arial\"><b><span lang=\"NO-BOK\"> <font>N.B. :<\/font><\/span><\/b><span lang=\"NO-BOK\"><font>   Il peut y avoir des d\u00e9sistements de derni\u00e8re minute<\/font><\/span><\/font><\/p>\n<p align=\"justify\"> <span lang=\"FR\"><font face=\"Arial\">  Source : \u00ab Le Temps \u00bb Le 23-04-2011<\/font><\/span><\/p>\n<div>\n<p align=\"justify\"> <span lang=\"FR\"><font face=\"Arial\">    Lien : <\/font> <a href=\"http:\/\/www.letemps.com.tn\/article-55331.html\" target=\"_blank\" rel=\"noopener\"> <font face=\"Arial\">    http:\/\/www.letemps.com.tn\/article-55331.html<\/font><\/a><\/span><\/p>\n<\/div>\n<p align=\"center\"> <b><span lang=\"FR\"> <\/p>\n<h3 style=\"color: blue;\"><font face=\"Arial\">Voil\u00e9es et non voil\u00e9es : barrons la route \u00e0   toute forme d\u2019extr\u00e9misme\u00bb<\/font><\/h3>\n<p><\/span><\/b><\/p>\n<p align=\"justify\"> <span lang=\"FR\"><font face=\"Arial\"> <\/font><\/span><\/p>\n<p align=\"justify\"> <font face=\"Arial\"><b><span lang=\"FR\"> <font>Par Dorra Ben Amri Ouannes &#8211; <\/font><\/span><\/b> <font><span lang=\"FR\">\u00ab Un homme est fait de choix et   de circonstances. <\/span><\/font><span lang=\"EN-US\"> <font>Personne n\u2019a de pouvoir sur les circonstances,   mais chacun en a sur ses choix.\u00bb<\/font><\/span><\/font><\/p>\n<p align=\"justify\"> <span lang=\"EN-US\"><font face=\"Arial\">Je suis   Tunisienne.<\/font><\/span><\/p>\n<p align=\"justify\"> <span lang=\"EN-US\"><font face=\"Arial\">Je ne connais   pas la d\u00e9mocratie.<\/font><\/span><\/p>\n<p align=\"justify\"> <span lang=\"EN-US\"><font face=\"Arial\">Je n\u2019ai jamais   vot\u00e9, j\u2019ai toujours refus\u00e9 de le faire car je consid\u00e9rais qu\u2019il \u00e9tait ridicule   de voter \u00e0 la sovi\u00e9tique pour un seul candidat qui, de toute les mani\u00e8res,   sera \u00e9lu \u00e0 99% des voix. A chaque fois que je parlais politique, on me disait   \u00abCHUT, Ya benti yezzi, il se peut qu\u2019on soit sous \u00e9coute\u00bb. <\/font><\/span><\/p>\n<p align=\"justify\"> <font face=\"Arial\"><span lang=\"EN-US\"><font>Puis vint  <\/font><\/span><font><span lang=\"EN-US\">la R\u00e9volution<\/span><\/font><span lang=\"EN-US\"><font>   : joie, liesse, effervescence, euphorie, all\u00e9gresse, bonheur, gaiet\u00e9,   jubilation, satisfaction, exaltation, enchantement, et r\u00e9jouissance.<\/font><\/span><\/font><\/p>\n<p align=\"justify\"> <span lang=\"EN-US\"><font face=\"Arial\">Je respire, ma   Tunisie respire, on va pouvoir parler, s\u2019exprimer, s\u2019affirmer, r\u00e9cup\u00e9rer notre   dignit\u00e9 perdue durant des d\u00e9cennies\u2026<\/font><\/span><\/p>\n<p align=\"justify\"> <span lang=\"EN-US\"><font face=\"Arial\">Finie la   r\u00e9pression, les t\u00eates baiss\u00e9es, les repr\u00e9sailles, la terreur, la violence, la   d\u00e9possession illicite des biens.<\/font><\/span><\/p>\n<p align=\"justify\"> <span lang=\"EN-US\"><font face=\"Arial\">On va pouvoir   reconstruire une Tunisie pill\u00e9e, vol\u00e9e et vandalis\u00e9e : on reconstruira une   Tunisie solide et nos enfants auront une une vie meilleure : du pain, du   travail et de la dignit\u00e9.<\/font><\/span><\/p>\n<p align=\"justify\"> <span lang=\"EN-US\"><font face=\"Arial\">J\u2019ai admir\u00e9 le   courage et la d\u00e9termination de mes compatriotes hurlant \u00e0 ZABA de \u00abd\u00e9gager\u00bb<\/font><\/span><\/p>\n<p align=\"justify\"> <span lang=\"EN-US\"><font face=\"Arial\">J\u2019ai \u00e9t\u00e9 fi\u00e8re   de voir l\u2019arm\u00e9e tunisienne refuser de tirer sur des civils.<\/font><\/span><\/p>\n<p align=\"justify\"> <span lang=\"EN-US\"><font face=\"Arial\">J\u2019ai vu mes   compatriotes nettoyer les rues de la capitale apr\u00e8s le sit-in exigeant le   d\u00e9part de l\u2019ex-Premier ministre.<\/font><\/span><\/p>\n<p align=\"justify\"> <span lang=\"EN-US\"><font face=\"Arial\">Pendant la   p\u00e9riode du couvre-feu, les Tunisiens ne dormaient pas toute la nuit pour   surveiller leur quartier et tous se relayaient mutuellement pour se prot\u00e9ger   les uns les autres contre les vols, braquages et pillages de tout genre. Les   habitants et habitantes des quartiers leur pr\u00e9paraient de la nourriture ; ils   \u00e9taient tous fiers et contents consid\u00e9rant que \u00abouled el houma\u00bb devaient   reprendre des forces car ils n\u2019ont pas dormi pour assurer leur s\u00e9curit\u00e9.<\/font><\/span><\/p>\n<p align=\"justify\"> <span lang=\"EN-US\"><font face=\"Arial\">J\u2019ai aim\u00e9 (et   j\u2019y crois encore) cette solidarit\u00e9 des Tunisiens et Tunisiennes qui se   tenaient la main pour r\u00e9aliser un r\u00eave, un grand : r\u00e9ussir cette R\u00e9volution et   am\u00e9liorer la situation de leur pays.<\/font><\/span><\/p>\n<p align=\"justify\"> <font face=\"Arial\"><span lang=\"EN-US\"><font>Hommes,   femmes, enfants se sont tous soutenus et aid\u00e9 en acceptant l\u2019autre tel qu\u2019il   est : le souci n\u2019a jamais \u00e9t\u00e9 de savoir si untel faisait la pri\u00e8re ou buvait   de l\u2019alcool ou si l\u2019autre \u00e9tait voil\u00e9e ou non, c\u2019est la solidarit\u00e9 qui a jou\u00e9   et l\u2019int\u00e9r\u00eat de <\/font><\/span><font> <span lang=\"EN-US\">la TUNISIE<\/span><\/font><span lang=\"EN-US\"><font>   qui primait.<\/font><\/span><\/font><\/p>\n<p align=\"justify\"> <font face=\"Arial\"><span lang=\"EN-US\"><font>  Aujourd\u2019hui, <\/font><\/span><font><span lang=\"EN-US\">la   R\u00e9volution tant admir\u00e9e dans tous les pays du monde tourne au vinaigre&#8230; au   burlesque&#8230; <\/span><span lang=\"NO-BOK\">la Tunisie est partag\u00e9e sur un d\u00e9bat   on ne peut plus ridicule : le v\u00eatement : voil\u00e9e? , non voil\u00e9e? , hijab? ,   nikab? , sefasari ? et qu\u2019en sais-je ? <\/span><\/font><span lang=\"EN-US\"> <font>Ce d\u00e9bat est fortement est accompagn\u00e9 de   conflits, de paroles haineuses, d\u2019accusations\u2026. de manifestations de force, de   violences verbales et physiques \u00e0 l\u2019encontre des femmes.<\/font><\/span><\/font><\/p>\n<p align=\"justify\"> <span lang=\"EN-US\"><font face=\"Arial\">Ces violences   s\u2019adressent aussi bien aux FEMMES voil\u00e9es que non voil\u00e9es.<\/font><\/span><\/p>\n<p align=\"justify\"> <span lang=\"EN-US\"><font face=\"Arial\">L\u2019habit de la   femme est devenu la priorit\u00e9 des priorit\u00e9s alors que l\u2019\u00e9conomie tunisienne est   \u00e0 genoux et que la mis\u00e8re et la pauvret\u00e9 ne font que s\u2019accentuer&#8230;<\/font><\/span><\/p>\n<p align=\"justify\"> <span lang=\"EN-US\"><font face=\"Arial\">R\u00e9volution ou   guerre du v\u00eatement ? R\u00e9volution ou relance \u00e9conomique ? Il me semble que la   relance \u00e9conomique est nettement plus importante.<\/font><\/span><\/p>\n<p align=\"justify\"> <span lang=\"EN-US\"><font face=\"Arial\">Alors \u00e0 toutes   les femmes et \u00e0 tous les hommes LIBRES qui se battent pour notre ch\u00e8re TUNISIE   qui a toujours \u00e9t\u00e9 un pays moderne et mod\u00e9r\u00e9, tol\u00e9rant, une terre d\u2019accueil   ouverte \u00e0 toutes les cultures, apprenons \u00e0 nous accepter avec nos diff\u00e9rences   et \u00e0 nous respecter.<\/font><\/span><\/p>\n<p align=\"justify\"> <span lang=\"EN-US\"><font face=\"Arial\">Je ne suis pas   voil\u00e9e mais je respecte toute autre femme voil\u00e9e, elle est libre, c\u2019est son   choix, ce sont ses convictions personnelles : RESPECT<\/font><\/span><\/p>\n<p align=\"justify\"> <span lang=\"EN-US\"><font face=\"Arial\">Je ne suis pas   voil\u00e9e : c\u2019est mon choix et ce choix doit \u00e9galement \u00eatre respect\u00e9 et non jug\u00e9   par des discours culpabilisants et par des injures: RESPECT, merci.<\/font><\/span><\/p>\n<p align=\"justify\"> <span lang=\"NO-BOK\"><font face=\"Arial\">Je suis une   femme libre et je m\u2019acharnerai \u00e0 d\u00e9fendre mes acquis, personne ne pourra me   les prendre, ni pr\u00e9tendre me les pr\u00e9server, ils m\u2019appartiennent et je les   garde.<\/font><\/span><\/p>\n<p align=\"justify\"> <span lang=\"EN-US\"><font face=\"Arial\">\u00abJe suis libre   tous les jours, je me sens dans ma t\u00eate totalement libre et mes choix se font   compl\u00e8tement par conviction. La libert\u00e9, on l\u2019a en soi.\u00bb<\/font><\/span><\/p>\n<p align=\"justify\"> <span lang=\"EN-US\"><font face=\"Arial\">Voil\u00e9es ou pas,   le d\u00e9bat n\u2019est pas celui d\u2019un v\u00eatement, ce qu\u2019il faut c\u2019est nous mettre en   t\u00eate la chose suivante :<\/font><\/span><\/p>\n<p align=\"justify\"> <span lang=\"NO-BOK\"><font face=\"Arial\">Notre COMBAT   est le m\u00eame (femmes, hommes) : SAUVER NOTRE TUNISIE et la tirer des m\u00e9andres   de l\u2019obscurantisme.<\/font><\/span><\/p>\n<p align=\"justify\"> <font face=\"Arial\"><span lang=\"EN-US\"><font>Nous avons   fait notre R\u00e9volution : des morts sont tomb\u00e9s, leurs m\u00e8res les pleurent,  <\/font><\/span><font><span lang=\"EN-US\">la Tunisie<\/span><\/font><span lang=\"EN-US\"><font>   les pleure. Nous avons r\u00e9ussi \u00e0 faire fuir un dictateur sanguinaire qui a   d\u00e9valis\u00e9 le pays.<\/font><\/span><\/font><\/p>\n<p align=\"justify\"> <span lang=\"EN-US\"><font face=\"Arial\">Alors respirons   et profitons de cette libert\u00e9 si ch\u00e8rement pay\u00e9e.<\/font><\/span><\/p>\n<p align=\"justify\"> <span lang=\"EN-US\"><font face=\"Arial\">Donnons nous la   main, BATTONS NOUS, VOTONS INTELLIGENTS et SURTOUT ne laissons pas d\u2019autres   extr\u00e9mistes de tous bords r\u00e9cup\u00e9rer la place de ZABA et nous replonger dans le   m\u00eame cauchemar.<\/font><\/span><\/p>\n<p align=\"justify\"> <font face=\"Arial\"><span lang=\"EN-US\"><font>Laisser le   terrain libre \u00e0 ces extr\u00e9mistes c\u2019est faire avorter <\/font><\/span> <font><span lang=\"EN-US\">la R\u00e9volution<\/span><\/font><span lang=\"EN-US\"><font>   et ce serait bien dommage !<\/font><\/span><\/font><\/p>\n<p align=\"justify\"> <span lang=\"EN-US\"><font face=\"Arial\">Cela ne pourra   se faire qu\u2019en acceptant nos diff\u00e9rences et en se respectant mutuellement.<\/font><\/span><\/p>\n<p align=\"justify\"> <span lang=\"EN-US\"><font face=\"Arial\">\u00abSe r\u00e9volter ou   s\u2019adapter, il n\u2019y a gu\u00e8re d\u2019autre choix dans la vie.\u00bb<\/font><\/span><\/p>\n<p align=\"justify\"> <span lang=\"EN-US\"><font face=\"Arial\">Je suis   r\u00e9volt\u00e9e, \u00e9tonn\u00e9e, surprise et je ne n\u2019accepterais jamais le programme des   extr\u00e9mistes, je ne m\u2019adapterais pas mais JE VOTERAIS. <\/font><\/span><\/p>\n<p align=\"justify\"> <span lang=\"EN-US\"><font face=\"Arial\">Je voterai comme   je l\u2019entends et les extr\u00e9mistes ne me repr\u00e9sentent pas.<\/font><\/span><\/p>\n<p align=\"justify\"> <span lang=\"EN-US\"><font face=\"Arial\">C\u2019est mon choix,   et si certains le partagent, alors tendez-moi la main et dirigeons-nous   ensemble vers les urnes pour voter intelligent&#8230; <\/font><\/span><\/p>\n<p align=\"justify\"> <font face=\"Arial\"><span lang=\"EN-US\"><font>La Tunisie   est \u00e0 NOUS, nous l\u2019aimons et nous la laisserons jamais entre les mains de ceux   qui veulent la d\u00e9truire : on l\u2019a tous dans nos veines, nos tripes, notre c\u0153ur,   nous la portons en nous et elle est NOTRE : nous sommes tous ses enfants   ch\u00e9ris et nous ne la c\u00e9derons JAMAIS \u00e0 ceux qui veulent l\u2019an\u00e9antir.<\/font><\/span><\/font><\/p>\n<p align=\"justify\"> <span lang=\"EN-US\"><font face=\"Arial\">Tunisie ch\u00e9rie ,   patrie d\u2019amour, on n\u2019est bien que chez TOI et nulle part ailleurs et nous ne   te quitterons jamais : nous serons tous aux urnes le 24 juillet et tu   rejailliras, BELLE, GRANDE, LIBRE, MODERNE, MAJESTUEUSE et LIB\u00c9R\u00c9E.<\/font><\/span><\/p>\n<p align=\"justify\"> <font face=\"Arial\"><span lang=\"FR\"> <font>Source : \u00ab Le Temps \u00bb Le   23-04-2011<\/font><\/span><\/font><\/p>\n<div>\n<p align=\"justify\"> <span lang=\"FR\"><font face=\"Arial\">    Lien : <\/font> <a href=\"http:\/\/www.letemps.com.tn\/article-55337.html\" target=\"_blank\" rel=\"noopener\"> <font face=\"Arial\">    http:\/\/www.letemps.com.tn\/article-55337.html<\/font><\/a><\/span><\/p>\n<\/div>\n<table border=\"0\" cellpadding=\"0\" cellspacing=\"0\" width=\"530\">\n<tr>\n<td>\n<p align=\"center\"> <b><span lang=\"EN-US\"> <\/p>\n<h3 style=\"color: blue;\"><font face=\"Arial\">Tough transition in Tunisia after \u2018Arab       spring\u2019<\/font><\/h3>\n<p><\/span><\/b><\/p>\n<\/td>\n<\/tr>\n<tr>\n<td>\n<table border=\"0\" cellpadding=\"0\" width=\"470\">\n<tr>\n<td>\n<p align=\"justify\"> <span lang=\"EN-US\"><font face=\"Arial\"><\/font> <\/span><\/p>\n<\/td>\n<\/tr>\n<\/table>\n<p align=\"justify\"> <span lang=\"NO-BOK\"> <font face=\"Arial\"><\/font><\/span><\/p>\n<table border=\"0\" cellpadding=\"0\" cellspacing=\"0\">\n<tr>\n<td>\n<p align=\"justify\"> <span lang=\"EN-US\"><font face=\"Arial\">In the           new Tunisia, a store window in the capital displays books that were           banned under the former regime. Protesters shout for jobs or justice           almost daily on tree-lined streets. And after half a century of           one-man rule, Tunisians can choose from more than 50 political           parties.                      The freedom that is intoxicating Tunisia comes with a sense of           fragility, a fear that it could spin out of control. So helmeted           troops backed by armored vehicles stand guard along the central Avenue           Bourguiba in Tunis, and some buildings are ringed with barbed wire.           Police have sealed off a plaza where Tunisians held days-long sit-ins           not so long ago, and have fired tear gas to prevent new rallies there.                      The contradictions playing out in Tunisia\u2019s streets show how this tiny           country\u2019s burst of freedom is marred by a growing anxiety over the           future. With elections coming up, liberals worry that democracy will           bring the Islamists, perhaps the best-organised political movement in           post-revolt Tunisia, to power. Economists fear that continued turmoil           will scare off investors and tourists. And activists who helped drive           out dictator Zine el-Abidine Ben Ali in January are concerned his           die-hard supporters will try to regroup.                      At stake is more than Tunisia itself. Just as Tunisia\u2019s overthrow of           Ben Ali sparked anti-government uprisings across the Arab world, its           success \u2014 or failure &#8211; in moving toward a stable democracy could once           again send a strong signal to its neighbors.                      \u201cTunisia has particular symbolic value as the first Arab revolution,\u201d           said Shadi Hamid, an analyst at the Brookings Doha Centre. \u201cIf it (the           transition) fails, and you see outbreaks of violence or low-intensity           civil conflict, that is going to further the arguments of Arab           autocrats that democracy equals chaos and instability.\u201d                      The eagerness for a free Tunisia is palpable.                      One morning this week, several dozen activists sipped espressos at a           sidewalk cafe on Avenue Bourguiba before their daily protest against           the transition government. They said they wanted more drastic change,           including swift prosecution of the former oppressors, because they           fear Ben Ali\u2019s supporters are plotting to regain power.                      \u201cWe would like to cut with our past,\u201d said Tasnim Dridi, a 22-year-old           student of Chinese, her hair covered by a headscarf. Her fellow           protesters, drawn together by Facebook, included a woman draped in a           red-and-white Tunisian flag, a hairdresser from a provincial town,           university students and jobless men in their 20s.                      The activists then marched across the avenue and shouted through           loudspeakers, \u201cTunisia is for all!\u201d                      But first, this country of 10.5 million people will need to rebuild a           political system from scratch.                      In coming days, the rules will be finalized for July 24 elections for           a national assembly that is to write a new constitution. The assembly           will decide, among other things, whether Tunisia gets a presidential           or parliamentary system, and whether separation of religion and state           becomes part of the law.                      Ben Ali\u2019s government had nominally permitted some parties and groups           to function, but secret police harassed, detained or even tortured           activists to squash dissent. The dozens of parties formed or legalized           since his ouster cover a wide range of ideologies, including           socialist, conservative and Islamic.                      But with little opportunity in the past to develop, even the           Progressive Democratic Party, a political veteran, still has the ad           hoc feel of an underground movement.                      At party headquarters, a cramped walk up in downtown Tunis, Arabic           language posters on the wall celebrated recent post-revolt           achievements, including the dismantling of the political police and of           Ben Ali\u2019s party. A dozen activists huddled in a circle for a strategy           session in the main meeting room.                      \u201cWe won the revolution, but we aren\u2019t finished yet,\u201d said Maya Jbiri,           No. 2 in the PDP, a center-left faction. \u201cThere is a long way to go.\u201d                      Key to Tunisia\u2019s identity will be whether it defines itself as an           Islamic country. Ben Ali and his predecessor, Habib Bourguiba, had           kept Islamists in check, clamping down on political Islamic groups and           discouraging women from wearing headscarves. The country has a strong           secular feel today, even though 98 percent of its people are Muslim. A           majority of women are not veiled, and Friday, the Muslim day of rest,           is part of the work week here.                      But many eyes are on Ennahda, a mainstream Islamic party that was           outlawed for years under Ben Ali. From his modest home in a           middle-class neighbourhood, Ennahda\u2019s secretary general, Hammadi           Jebali, said the party\u2019s commitment to democracy is genuine.                      \u201cWe don\u2019t want a new dictator, whether Islamist or communist,\u201d said           Jebali, who was imprisoned by Ben Ali for 16 years. \u201cIf the people           choose us, with democratic means, to lead the government, we won\u2019t           change.\u201d                      Jebali does not believe in the separation of religion and state. Yet           he easily shook hands with female visitors, an unusual gesture for a           devout Muslim.                      Sofiane Chourabi, a Tunisian political analyst, said he believes           Ennahda could win a majority in the new assembly. The movement is           well-organized, unlike most of its rivals, and is gaining sympathy           because its activists were persecuted by Ben Ali, said Chourabi, a           member of the committee drawing up the new electoral law.                      Secular Tunisians watch Ennahda\u2019s rise with trepidation.                      Moufida Belgith, a lawyer for the Democratic Women\u2019s Association, says           she is worried that Islamists, freed from Ben Ali\u2019s shackles, will           exploit democracy and impose beliefs that restrict women. She said she           would like to ban Islamic groups, but that she cannot say so \u201cbecause           of democracy.\u201d                      \u201cAt the moment, groups like Ennahda say they are for the rights of           women, but I think that\u2019s just a strategy in order to change the           system,\u201d she said.                      Islamists, in turn, fear that a small secular elite is trying to           marginalize them.                      On a recent afternoon, hundreds of men wearing beards, white prayer           caps or long robes marched to the barbed wire-ringed Interior Ministry           on Avenue Bourguiba, chanting \u201cAllahu Akbar,\u201d or God is great, and           kneeling in mass prayer on the pavement. Three soldiers watched from           their perch atop a nearby tank.                      The Islamist protesters complained that the transition government           hadn\u2019t done enough to lift restrictions on religious observance. One           man in a gray robe said he wants to see an Islamic state established.                      Politics aside, the uprising has hurt Tunisia\u2019s economy. Tarek Hamza,           a hotel porter, lost his job because the unrest scared off many           foreign visitors, and the 43-year-old has to live with his parents           because he can\u2019t afford a place of his own.                      \u201cWe can\u2019t rebuild the Tunisian economy if there are protests every           day,\u201d he said, as he watched demonstrators.                      Nearby, seven British tourists listened as a guide pointed to Avenue           Bourguiba sites linked to the uprising. Nine others in their group had           decided to stay home, they said. Tourism employed 10 percent of the           working age population before the revolt, but tourism revenues dropped           by 40 percent from January to February.                      A recent opinion poll showed that although a majority of Tunisians are           interested in taking part in political life, their top priorities are           restoring security and jobs. Unemployment had already risen to 14           percent before the revolt and now is likely higher.                      The uprising has cost Tunisia hundreds of millions of dollars,           estimated economist Hafedh Ben Abdennebi, though he and others said           the longer-term outlook is good because of Tunisia\u2019s educated work           force and strong ties to Europe.                      Before the revolt, Tunisia\u2019s economy posted some growth, but not to           its full potential because of widespread corruption, economists said.           They described a system in which Ben Ali and his cronies muscled their           way into major business ventures, and ordinary Tunisians had to pay           bribes for anything from landing a teaching job to obtaining a           favorable court ruling.                      The interim government has dismantled the political police as well as           Ben Ali\u2019s party, the RCD, and set up a committee investigating           corruption. But Sihem Bensedrine, a leading civil rights activist,           said Ben Ali supporters remain in powerful positions, including in the           judiciary and as advisers to the prime minister. The committee probing           corruption refuses to say whom and how it is investigating, she said.                      \u201cWe have the same administration dominated by Ben Ali\u2019s guys, until           now,\u201d she said. \u201cWe cut the head, but the body is still there. They           are still powerful.\u201d                      For some of Tunisia\u2019s poorest, the ouster of Ben Ali may have made           everyday life worse.                      Najet Ayari, a 54-year-old widow who shares a two-room shack in Tunis\u2019           Jabal al-Ahmar slum with her 19-year-old daughter Nadia, said she does           not miss the old regime but has no hope things will improve. Standing           in a tiny courtyard crisscrossed by laundry lines, she said crime and           drug-dealing are up because police have been distracted. With two           grown sons in prison for criminal offenses, she is struggling to get           by on a pension of roughly $50 a month.                      Across town, in the Al Kitab bookstore on Avenue Bourguiba, owner           Jamila Amar is more optimistic. Her main fear is the rise of Ennahda,           and she said a recent dinner table argument with a relative who           supports the movement really had her spooked.                      Still, she said, a huge burden has been lifted.                      \u201cYou can say what you think, you can give your opinion,\u201d she said.           \u201cIt\u2019s like springtime.\u201d<\/font><\/span><\/p>\n<\/td>\n<\/tr>\n<\/table>\n<p align=\"justify\"> <span lang=\"EN-US\"> <font face=\"Arial\">Source: \u201dThe       Malta independent online\u201d Le 23-04-2011<\/font><\/span><\/p>\n<div>\n<p align=\"justify\"> <span lang=\"NO-BOK\"> <font face=\"Arial\">Lien: <\/font> <a href=\"http:\/\/www.independent.com.mt\/news.asp?newsitemid=123993\" target=\"_blank\" rel=\"noopener\"> <font face=\"Arial\">        http:\/\/www.independent.com.mt\/news.asp?newsitemid=123993<\/font><\/a><\/span><\/p>\n<\/div>\n<\/td>\n<\/tr>\n<\/table>\n<p dir=\"ltr\">\u00a0<\/p>\n<p align=\"left\" dir=\"ltr\"> <strong><font> <font> <\/font>\u00a0 \u00a0<\/font><\/strong><\/p>\n<\/div><\/div>\n<p> <\/font><\/div>\n<p><\/body><\/body><\/html><\/p>","protected":false},"excerpt":{"rendered":"<p>Home &#8211; Accueil TUNISNEWS 10 \u00e8me ann\u00e9e, N\u00b03988 du 23.04.2011 archives : www.tunisnews.net FTCR &amp; CRLDHT: L\u2019ACQUITTEMENT DE MOHIEDINE CHERBIB . premier pas vers l\u2019ind\u00e9pendance de la justice tunisienne Mohamed Fathallah &amp; Amor Abbassi: Pour une Assembl\u00e9e Constituante digne de la R\u00e9volution Tunisienne REVUE DE PRESSE \u00a0 \u00a0 L\u2019ACQUITTEMENT DE MOHIEDINE CHERBIB premier pas vers [&hellip;]<\/p>\n","protected":false},"author":1,"featured_media":22040,"comment_status":"open","ping_status":"open","sticky":false,"template":"","format":"standard","meta":{"inline_featured_image":false,"site-sidebar-layout":"default","site-content-layout":"","ast-site-content-layout":"default","site-content-style":"default","site-sidebar-style":"default","ast-global-header-display":"","ast-banner-title-visibility":"","ast-main-header-display":"","ast-hfb-above-header-display":"","ast-hfb-below-header-display":"","ast-hfb-mobile-header-display":"","site-post-title":"","ast-breadcrumbs-content":"","ast-featured-img":"","footer-sml-layout":"","ast-disable-related-posts":"","theme-transparent-header-meta":"","adv-header-id-meta":"","stick-header-meta":"","header-above-stick-meta":"","header-main-stick-meta":"","header-below-stick-meta":"","astra-migrate-meta-layouts":"default","ast-page-background-enabled":"default","ast-page-background-meta":{"desktop":{"background-color":"","background-image":"","background-repeat":"repeat","background-position":"center center","background-size":"auto","background-attachment":"scroll","background-type":"","background-media":"","overlay-type":"","overlay-color":"","overlay-opacity":"","overlay-gradient":""},"tablet":{"background-color":"","background-image":"","background-repeat":"repeat","background-position":"center center","background-size":"auto","background-attachment":"scroll","background-type":"","background-media":"","overlay-type":"","overlay-color":"","overlay-opacity":"","overlay-gradient":""},"mobile":{"background-color":"","background-image":"","background-repeat":"repeat","background-position":"center center","background-size":"auto","background-attachment":"scroll","background-type":"","background-media":"","overlay-type":"","overlay-color":"","overlay-opacity":"","overlay-gradient":""}},"ast-content-background-meta":{"desktop":{"background-color":"var(--ast-global-color-5)","background-image":"","background-repeat":"repeat","background-position":"center center","background-size":"auto","background-attachment":"scroll","background-type":"","background-media":"","overlay-type":"","overlay-color":"","overlay-opacity":"","overlay-gradient":""},"tablet":{"background-color":"var(--ast-global-color-5)","background-image":"","background-repeat":"repeat","background-position":"center center","background-size":"auto","background-attachment":"scroll","background-type":"","background-media":"","overlay-type":"","overlay-color":"","overlay-opacity":"","overlay-gradient":""},"mobile":{"background-color":"var(--ast-global-color-5)","background-image":"","background-repeat":"repeat","background-position":"center center","background-size":"auto","background-attachment":"scroll","background-type":"","background-media":"","overlay-type":"","overlay-color":"","overlay-opacity":"","overlay-gradient":""}},"footnotes":""},"categories":[],"tags":[56,42,29],"class_list":["post-15818","post","type-post","status-publish","format-standard","has-post-thumbnail","hentry","tag-56","tag-42","tag-fr"],"_links":{"self":[{"href":"https:\/\/tunisnews.net\/ar\/wp-json\/wp\/v2\/posts\/15818","targetHints":{"allow":["GET"]}}],"collection":[{"href":"https:\/\/tunisnews.net\/ar\/wp-json\/wp\/v2\/posts"}],"about":[{"href":"https:\/\/tunisnews.net\/ar\/wp-json\/wp\/v2\/types\/post"}],"author":[{"embeddable":true,"href":"https:\/\/tunisnews.net\/ar\/wp-json\/wp\/v2\/users\/1"}],"replies":[{"embeddable":true,"href":"https:\/\/tunisnews.net\/ar\/wp-json\/wp\/v2\/comments?post=15818"}],"version-history":[{"count":0,"href":"https:\/\/tunisnews.net\/ar\/wp-json\/wp\/v2\/posts\/15818\/revisions"}],"wp:featuredmedia":[{"embeddable":true,"href":"https:\/\/tunisnews.net\/ar\/wp-json\/wp\/v2\/media\/22040"}],"wp:attachment":[{"href":"https:\/\/tunisnews.net\/ar\/wp-json\/wp\/v2\/media?parent=15818"}],"wp:term":[{"taxonomy":"category","embeddable":true,"href":"https:\/\/tunisnews.net\/ar\/wp-json\/wp\/v2\/categories?post=15818"},{"taxonomy":"post_tag","embeddable":true,"href":"https:\/\/tunisnews.net\/ar\/wp-json\/wp\/v2\/tags?post=15818"}],"curies":[{"name":"wp","href":"https:\/\/api.w.org\/{rel}","templated":true}]}}